{"id":9132,"date":"2025-09-28T20:37:00","date_gmt":"2025-09-28T19:37:00","guid":{"rendered":"https:\/\/www.cykloromantika.cz\/?p=9132"},"modified":"2025-12-27T15:59:57","modified_gmt":"2025-12-27T14:59:57","slug":"4-podzimni-vyjezd-hostynske-vrchy-rusava","status":"publish","type":"post","link":"https:\/\/www.cykloromantika.cz\/index.php\/2025\/09\/28\/4-podzimni-vyjezd-hostynske-vrchy-rusava\/","title":{"rendered":"4.&nbsp;podzimn\u00ed v\u00fdjezd: Host\u00fdnsk\u00e9 vrchy, Rusava"},"content":{"rendered":"<style>.kt-tabs-id9132_2cd2d2-5d > .kt-tabs-content-wrap > .wp-block-kadence-tab{border-top:1px solid #eeeeee;border-right:0px solid #eeeeee;border-bottom:0px solid #eeeeee;border-left:0px solid #eeeeee;border-top-left-radius:0px;border-top-right-radius:0px;border-bottom-right-radius:0px;border-bottom-left-radius:0px;padding-top:20px;padding-right:0px;padding-bottom:20px;padding-left:0px;background:#ffffff;}.wp-block-kadence-tabs .kt-tabs-id9132_2cd2d2-5d > .kt-tabs-title-list li{margin-top:0px;margin-right:8px;margin-bottom:0px;margin-left:0px;}.wp-block-kadence-tabs .kt-tabs-id9132_2cd2d2-5d > .kt-tabs-title-list li:last-child{margin-right:0px;}.wp-block-kadence-tabs .kt-tabs-id9132_2cd2d2-5d > .kt-tabs-title-list li .kt-tab-title, .wp-block-kadence-tabs .kt-tabs-id9132_2cd2d2-5d > .kt-tabs-content-wrap > .kt-tabs-accordion-title .kt-tab-title{line-height:1.4em;font-weight:400;font-style:normal;text-transform:uppercase;border-top-width:0px;border-right-width:0px;border-bottom-width:0px;border-left-width:0px;border-top-left-radius:0px;border-top-right-radius:0px;border-bottom-right-radius:0px;border-bottom-left-radius:0px;padding-top:8px;padding-right:20px;padding-bottom:8px;padding-left:20px;border-color:#ffffff;color:#555555;background:#ffffff;}.wp-block-kadence-tabs .kt-tabs-id9132_2cd2d2-5d > .kt-tabs-content-wrap > .kt-tabs-accordion-title .kt-tab-title{margin-top:0px;margin-right:8px;margin-bottom:0px;margin-left:0px;}.wp-block-kadence-tabs .kt-tabs-id9132_2cd2d2-5d > .kt-tabs-title-list li .kt-tab-title:hover, .wp-block-kadence-tabs .kt-tabs-id9132_2cd2d2-5d > .kt-tabs-content-wrap > .kt-tabs-accordion-title .kt-tab-title:hover{border-color:#555555;color:#086abd;background:#ffffff;}.wp-block-kadence-tabs .kt-tabs-id9132_2cd2d2-5d > .kt-tabs-title-list li.kt-tab-title-active .kt-tab-title, .wp-block-kadence-tabs .kt-tabs-id9132_2cd2d2-5d > .kt-tabs-content-wrap > .kt-tabs-accordion-title.kt-tab-title-active .kt-tab-title{border-color:#555555;color:#086abd;background:#ffffff;}.wp-block-kadence-tabs .kt-tabs-id9132_2cd2d2-5d > .kt-tabs-title-list li svg{font-size:24px;}@media all and (max-width: 1024px){.kt-tabs-id9132_2cd2d2-5d > .kt-tabs-content-wrap > .wp-block-kadence-tab{border-top:1px solid #eeeeee;border-right:0px solid #eeeeee;border-bottom:0px solid #eeeeee;border-left:0px solid #eeeeee;}}@media all and (max-width: 767px){.kt-tabs-id9132_2cd2d2-5d > .kt-tabs-content-wrap > .wp-block-kadence-tab{border-top:1px solid #eeeeee;border-right:0px solid #eeeeee;border-bottom:0px solid #eeeeee;border-left:0px solid #eeeeee;}}<\/style>\n<div class=\"wp-block-kadence-tabs alignnone\"><div class=\"kt-tabs-wrap kt-tabs-id9132_2cd2d2-5d kt-tabs-has-3-tabs kt-active-tab-3 kt-tabs-layout-tabs kt-tabs-tablet-layout-inherit kt-tabs-mobile-layout-inherit kt-tab-alignment-center \"><ul class=\"kt-tabs-title-list\"><li id=\"tab-trasa\" class=\"kt-title-item kt-title-item-1 kt-tabs-svg-show-always kt-tabs-icon-side-top kt-tab-title-inactive\"><a href=\"#tab-trasa\" data-tab=\"1\" class=\"kt-tab-title kt-tab-title-1 \"><span class=\"kb-svg-icon-wrap kb-svg-icon-fe_map\"><svg viewBox=\"0 0 24 24\"  fill=\"none\" stroke=\"currentColor\" stroke-width=\"2\" stroke-linecap=\"round\" stroke-linejoin=\"round\" xmlns=\"http:\/\/www.w3.org\/2000\/svg\"  aria-hidden=\"true\"><polygon points=\"1 6 1 22 8 18 16 22 23 18 23 2 16 6 8 2 1 6\"\/><line x1=\"8\" y1=\"2\" x2=\"8\" y2=\"18\"\/><line x1=\"16\" y1=\"6\" x2=\"16\" y2=\"22\"\/><\/svg><\/span><span class=\"kt-title-text\">Trasa<\/span><\/a><\/li><li id=\"tab-zitky\" class=\"kt-title-item kt-title-item-2 kt-tabs-svg-show-always kt-tabs-icon-side-top kt-tab-title-inactive\"><a href=\"#tab-zitky\" data-tab=\"2\" class=\"kt-tab-title kt-tab-title-2 \"><span class=\"kb-svg-icon-wrap kb-svg-icon-fe_alignLeft\"><svg viewBox=\"0 0 24 24\"  fill=\"none\" stroke=\"currentColor\" stroke-width=\"2\" stroke-linecap=\"round\" stroke-linejoin=\"round\" xmlns=\"http:\/\/www.w3.org\/2000\/svg\"  aria-hidden=\"true\"><line x1=\"17\" y1=\"10\" x2=\"3\" y2=\"10\"\/><line x1=\"21\" y1=\"6\" x2=\"3\" y2=\"6\"\/><line x1=\"21\" y1=\"14\" x2=\"3\" y2=\"14\"\/><line x1=\"17\" y1=\"18\" x2=\"3\" y2=\"18\"\/><\/svg><\/span><span class=\"kt-title-text\">Z\u00e1\u017eitky<\/span><\/a><\/li><li id=\"tab-fotky\" class=\"kt-title-item kt-title-item-3 kt-tabs-svg-show-always kt-tabs-icon-side-top kt-tab-title-active\"><a href=\"#tab-fotky\" data-tab=\"3\" class=\"kt-tab-title kt-tab-title-3 \"><span class=\"kb-svg-icon-wrap kb-svg-icon-fe_camera\"><svg viewBox=\"0 0 24 24\"  fill=\"none\" stroke=\"currentColor\" stroke-width=\"2\" stroke-linecap=\"round\" stroke-linejoin=\"round\" xmlns=\"http:\/\/www.w3.org\/2000\/svg\"  aria-hidden=\"true\"><path d=\"M23 19a2 2 0 0 1-2 2H3a2 2 0 0 1-2-2V8a2 2 0 0 1 2-2h4l2-3h6l2 3h4a2 2 0 0 1 2 2z\"\/><circle cx=\"12\" cy=\"13\" r=\"4\"\/><\/svg><\/span><span class=\"kt-title-text\">Fotky<\/span><\/a><\/li><\/ul><div class=\"kt-tabs-content-wrap\">\n<div class=\"wp-block-kadence-tab kt-tab-inner-content kt-inner-tab-1 kt-inner-tab778526-20\"><div class=\"kt-tab-inner-content-inner\">\n<p><strong>1.&nbsp;den:<\/strong> (Ostrava \u2013 Bernartice nad Odrou \u2013 Kel\u010d) \u2013 Hranice na Morav\u011b \u2013 Teplice nad Be\u010dvou, Hranick\u00e1 propast \u2013 Helf\u0161t\u00fdn \u2013 D\u0159evohostice \u2013 Byst\u0159ice pod Host\u00fdnem \u2013 Rusava, Chata Sport<\/p>\n\n\n\n<p id=\"3-rijna-2021\"><strong>2.&nbsp;den:<\/strong> Rusava, Chata Sport \u2013 Host\u00fdn (735&nbsp;m n. m.) \u2013 Skaln\u00fd, rozc. \u2013 U T\u0159\u00ed kamen\u016f (748&nbsp;m n. m.) \u2013 Rusava, Chata Sport<\/p>\n\n\n\n<p><strong>3.&nbsp;den:<\/strong> Rusava, Chata Sport \u2013 Klapinov, rozc. \u2013 Pod Ky\u010derou, rozc. \u2013 Tes\u00e1k \u2013 Rajnochovice \u2013 Vala\u0161sk\u00e9 Mezi\u0159\u00ed\u010d\u00ed<\/p>\n\n\n\n<ul class=\"wp-block-list\">\n<li>najeto: 112 km (154 km z&nbsp;Ostravy)<\/li>\n\n\n\n<li>nejni\u017e\u0161\u00ed a nejvy\u0161\u0161\u00ed bod: 236\u2013748&nbsp;m n. m.<\/li>\n\n\n\n<li>stoup\u00e1n\u00ed: 2066&nbsp;m<\/li>\n\n\n\n<li>kles\u00e1n\u00ed: 2058&nbsp;m<\/li>\n<\/ul>\n\n\n<div class=\"pgc-sgb-cb wp-block-pgcsimplygalleryblock-slider \" data-gallery-id=\"f8e17791\"style=&quot;min-height:400px&quot;><div class=\"sgb-preloader\" id=\"pr_f8e17791\">\n\t<div class=\"sgb-square\" style=\"background:#d4d4d4\"><\/div>\n\t<div class=\"sgb-square\" style=\"background:#d4d4d4\"><\/div>\n\t<div class=\"sgb-square\" style=\"background:#d4d4d4\"><\/div>\n\t<div class=\"sgb-square\" style=\"background:#d4d4d4\"><\/div><\/div><div class=\"simply-gallery-amp pgc_sgb_slider \"><noscript><div class=\"sgb-gallery\"><div class=\"sgb-item\"><a href=\"https:\/\/www.cykloromantika.cz\/mapa-2025-0926-01\/\" target=\"_blank\"><img decoding=\"async\" alt=\"\" width=\"300\" height=\"188\" loading=\"lazy\" src=\"https:\/\/www.cykloromantika.cz\/wp-content\/uploads\/2025\/10\/mapa-2025-0926-01-300x188.jpg\" srcset=\"https:\/\/www.cykloromantika.cz\/wp-content\/uploads\/2025\/10\/mapa-2025-0926-01-300x188.jpg 300w,https:\/\/www.cykloromantika.cz\/wp-content\/uploads\/2025\/10\/mapa-2025-0926-01.jpg 1024w\" sizes=\"auto, 250px\"\/><\/a><\/div><div class=\"sgb-item\"><a href=\"https:\/\/www.cykloromantika.cz\/mapa-2025-0926-02\/\" target=\"_blank\"><img decoding=\"async\" alt=\"\" width=\"300\" height=\"188\" loading=\"lazy\" src=\"https:\/\/www.cykloromantika.cz\/wp-content\/uploads\/2025\/10\/mapa-2025-0926-02-300x188.jpg\" srcset=\"https:\/\/www.cykloromantika.cz\/wp-content\/uploads\/2025\/10\/mapa-2025-0926-02-300x188.jpg 300w,https:\/\/www.cykloromantika.cz\/wp-content\/uploads\/2025\/10\/mapa-2025-0926-02.jpg 1024w\" sizes=\"auto, 250px\"\/><\/a><\/div><div class=\"sgb-item\"><a href=\"https:\/\/www.cykloromantika.cz\/mapa-2025-0926-03\/\" target=\"_blank\"><img decoding=\"async\" alt=\"\" width=\"300\" height=\"188\" loading=\"lazy\" src=\"https:\/\/www.cykloromantika.cz\/wp-content\/uploads\/2025\/10\/mapa-2025-0926-03-300x188.jpg\" srcset=\"https:\/\/www.cykloromantika.cz\/wp-content\/uploads\/2025\/10\/mapa-2025-0926-03-300x188.jpg 300w,https:\/\/www.cykloromantika.cz\/wp-content\/uploads\/2025\/10\/mapa-2025-0926-03.jpg 1024w\" sizes=\"auto, 250px\"\/><\/a><\/div><div class=\"sgb-item\"><a href=\"https:\/\/www.cykloromantika.cz\/mapa-2025-0927-01\/\" target=\"_blank\"><img decoding=\"async\" alt=\"\" width=\"300\" height=\"188\" loading=\"lazy\" src=\"https:\/\/www.cykloromantika.cz\/wp-content\/uploads\/2025\/10\/mapa-2025-0927-01-300x188.jpg\" srcset=\"https:\/\/www.cykloromantika.cz\/wp-content\/uploads\/2025\/10\/mapa-2025-0927-01-300x188.jpg 300w,https:\/\/www.cykloromantika.cz\/wp-content\/uploads\/2025\/10\/mapa-2025-0927-01.jpg 1024w\" sizes=\"auto, 250px\"\/><\/a><\/div><div class=\"sgb-item\"><a href=\"https:\/\/www.cykloromantika.cz\/mapa-2025-0928-01\/\" target=\"_blank\"><img decoding=\"async\" alt=\"\" width=\"300\" height=\"188\" loading=\"lazy\" src=\"https:\/\/www.cykloromantika.cz\/wp-content\/uploads\/2025\/10\/mapa-2025-0928-01-300x188.jpg\" srcset=\"https:\/\/www.cykloromantika.cz\/wp-content\/uploads\/2025\/10\/mapa-2025-0928-01-300x188.jpg 300w,https:\/\/www.cykloromantika.cz\/wp-content\/uploads\/2025\/10\/mapa-2025-0928-01.jpg 1024w\" sizes=\"auto, 250px\"\/><\/a><\/div><div class=\"sgb-item\"><a href=\"https:\/\/www.cykloromantika.cz\/mapa-2025-0928-02\/\" target=\"_blank\"><img decoding=\"async\" alt=\"\" width=\"300\" height=\"188\" loading=\"lazy\" src=\"https:\/\/www.cykloromantika.cz\/wp-content\/uploads\/2025\/10\/mapa-2025-0928-02-300x188.jpg\" srcset=\"https:\/\/www.cykloromantika.cz\/wp-content\/uploads\/2025\/10\/mapa-2025-0928-02-300x188.jpg 300w,https:\/\/www.cykloromantika.cz\/wp-content\/uploads\/2025\/10\/mapa-2025-0928-02.jpg 1024w\" sizes=\"auto, 250px\"\/><\/a><\/div><\/div><\/noscript><\/div><script type=\"application\/json\" class=\"sgb-data\">{\"externalLinkDefName\":\"d\u00e1le\",\"captionHAlign\":\"bottom\",\"collectionthumbHoverTitleFontSize\":12,\"collectionthumbRoundedCorners\":8,\"collectionthumbHoverTitleTextBgColor\":\"rgba(0,0,0,0.44)\",\"collectionThumbSubMenuShare\":false,\"sliderAdminWidth\":0,\"collectionColumns\":2,\"galleryType\":\"pgc_sgb_slider\",\"galleryId\":\"f8e17791\",\"images\":[{\"id\":9134,\"title\":\"Mapa 2025 0926 01\",\"url\":\"https:\/\/www.cykloromantika.cz\/wp-content\/uploads\/2025\/10\/mapa-2025-0926-01.jpg\",\"link\":\"https:\/\/www.cykloromantika.cz\/mapa-2025-0926-01\/\",\"alt\":\"\",\"description\":\"\",\"caption\":\"\",\"mime\":\"image\/jpeg\",\"type\":\"image\",\"width\":1024,\"height\":640,\"sizes\":{\"thumbnail\":{\"height\":94,\"width\":150,\"url\":\"https:\/\/www.cykloromantika.cz\/wp-content\/uploads\/2025\/10\/mapa-2025-0926-01-150x94.jpg\",\"orientation\":\"landscape\"},\"medium\":{\"height\":188,\"width\":300,\"url\":\"https:\/\/www.cykloromantika.cz\/wp-content\/uploads\/2025\/10\/mapa-2025-0926-01-300x188.jpg\",\"orientation\":\"landscape\"},\"full\":{\"url\":\"https:\/\/www.cykloromantika.cz\/wp-content\/uploads\/2025\/10\/mapa-2025-0926-01.jpg\",\"height\":640,\"width\":1024,\"orientation\":\"landscape\"}},\"imageMeta\":{\"aperture\":\"0\",\"credit\":\"\",\"camera\":\"\",\"caption\":\"\",\"created_timestamp\":\"0\",\"copyright\":\"\",\"focal_length\":\"0\",\"iso\":\"0\",\"shutter_speed\":\"0\",\"title\":\"\",\"orientation\":\"0\",\"keywords\":[]},\"meta\":false,\"postlink\":\"https:\/\/www.cykloromantika.cz\/mapa-2025-0926-01\/\"},{\"id\":9135,\"title\":\"Mapa 2025 0926 02\",\"url\":\"https:\/\/www.cykloromantika.cz\/wp-content\/uploads\/2025\/10\/mapa-2025-0926-02.jpg\",\"link\":\"https:\/\/www.cykloromantika.cz\/mapa-2025-0926-02\/\",\"alt\":\"\",\"description\":\"\",\"caption\":\"\",\"mime\":\"image\/jpeg\",\"type\":\"image\",\"width\":1024,\"height\":640,\"sizes\":{\"thumbnail\":{\"height\":94,\"width\":150,\"url\":\"https:\/\/www.cykloromantika.cz\/wp-content\/uploads\/2025\/10\/mapa-2025-0926-02-150x94.jpg\",\"orientation\":\"landscape\"},\"medium\":{\"height\":188,\"width\":300,\"url\":\"https:\/\/www.cykloromantika.cz\/wp-content\/uploads\/2025\/10\/mapa-2025-0926-02-300x188.jpg\",\"orientation\":\"landscape\"},\"full\":{\"url\":\"https:\/\/www.cykloromantika.cz\/wp-content\/uploads\/2025\/10\/mapa-2025-0926-02.jpg\",\"height\":640,\"width\":1024,\"orientation\":\"landscape\"}},\"imageMeta\":{\"aperture\":\"0\",\"credit\":\"\",\"camera\":\"\",\"caption\":\"\",\"created_timestamp\":\"0\",\"copyright\":\"\",\"focal_length\":\"0\",\"iso\":\"0\",\"shutter_speed\":\"0\",\"title\":\"\",\"orientation\":\"0\",\"keywords\":[]},\"meta\":false,\"postlink\":\"https:\/\/www.cykloromantika.cz\/mapa-2025-0926-02\/\"},{\"id\":9136,\"title\":\"Mapa 2025 0926 03\",\"url\":\"https:\/\/www.cykloromantika.cz\/wp-content\/uploads\/2025\/10\/mapa-2025-0926-03.jpg\",\"link\":\"https:\/\/www.cykloromantika.cz\/mapa-2025-0926-03\/\",\"alt\":\"\",\"description\":\"\",\"caption\":\"\",\"mime\":\"image\/jpeg\",\"type\":\"image\",\"width\":1024,\"height\":640,\"sizes\":{\"thumbnail\":{\"height\":94,\"width\":150,\"url\":\"https:\/\/www.cykloromantika.cz\/wp-content\/uploads\/2025\/10\/mapa-2025-0926-03-150x94.jpg\",\"orientation\":\"landscape\"},\"medium\":{\"height\":188,\"width\":300,\"url\":\"https:\/\/www.cykloromantika.cz\/wp-content\/uploads\/2025\/10\/mapa-2025-0926-03-300x188.jpg\",\"orientation\":\"landscape\"},\"full\":{\"url\":\"https:\/\/www.cykloromantika.cz\/wp-content\/uploads\/2025\/10\/mapa-2025-0926-03.jpg\",\"height\":640,\"width\":1024,\"orientation\":\"landscape\"}},\"imageMeta\":{\"aperture\":\"0\",\"credit\":\"\",\"camera\":\"\",\"caption\":\"\",\"created_timestamp\":\"0\",\"copyright\":\"\",\"focal_length\":\"0\",\"iso\":\"0\",\"shutter_speed\":\"0\",\"title\":\"\",\"orientation\":\"0\",\"keywords\":[]},\"meta\":false,\"postlink\":\"https:\/\/www.cykloromantika.cz\/mapa-2025-0926-03\/\"},{\"id\":9137,\"title\":\"Mapa 2025 0927 01\",\"url\":\"https:\/\/www.cykloromantika.cz\/wp-content\/uploads\/2025\/10\/mapa-2025-0927-01.jpg\",\"link\":\"https:\/\/www.cykloromantika.cz\/mapa-2025-0927-01\/\",\"alt\":\"\",\"description\":\"\",\"caption\":\"\",\"mime\":\"image\/jpeg\",\"type\":\"image\",\"width\":1024,\"height\":640,\"sizes\":{\"thumbnail\":{\"height\":94,\"width\":150,\"url\":\"https:\/\/www.cykloromantika.cz\/wp-content\/uploads\/2025\/10\/mapa-2025-0927-01-150x94.jpg\",\"orientation\":\"landscape\"},\"medium\":{\"height\":188,\"width\":300,\"url\":\"https:\/\/www.cykloromantika.cz\/wp-content\/uploads\/2025\/10\/mapa-2025-0927-01-300x188.jpg\",\"orientation\":\"landscape\"},\"full\":{\"url\":\"https:\/\/www.cykloromantika.cz\/wp-content\/uploads\/2025\/10\/mapa-2025-0927-01.jpg\",\"height\":640,\"width\":1024,\"orientation\":\"landscape\"}},\"imageMeta\":{\"aperture\":\"0\",\"credit\":\"\",\"camera\":\"\",\"caption\":\"\",\"created_timestamp\":\"0\",\"copyright\":\"\",\"focal_length\":\"0\",\"iso\":\"0\",\"shutter_speed\":\"0\",\"title\":\"\",\"orientation\":\"0\",\"keywords\":[]},\"meta\":false,\"postlink\":\"https:\/\/www.cykloromantika.cz\/mapa-2025-0927-01\/\"},{\"id\":9138,\"title\":\"Mapa 2025 0928 01\",\"url\":\"https:\/\/www.cykloromantika.cz\/wp-content\/uploads\/2025\/10\/mapa-2025-0928-01.jpg\",\"link\":\"https:\/\/www.cykloromantika.cz\/mapa-2025-0928-01\/\",\"alt\":\"\",\"description\":\"\",\"caption\":\"\",\"mime\":\"image\/jpeg\",\"type\":\"image\",\"width\":1024,\"height\":640,\"sizes\":{\"thumbnail\":{\"height\":94,\"width\":150,\"url\":\"https:\/\/www.cykloromantika.cz\/wp-content\/uploads\/2025\/10\/mapa-2025-0928-01-150x94.jpg\",\"orientation\":\"landscape\"},\"medium\":{\"height\":188,\"width\":300,\"url\":\"https:\/\/www.cykloromantika.cz\/wp-content\/uploads\/2025\/10\/mapa-2025-0928-01-300x188.jpg\",\"orientation\":\"landscape\"},\"full\":{\"url\":\"https:\/\/www.cykloromantika.cz\/wp-content\/uploads\/2025\/10\/mapa-2025-0928-01.jpg\",\"height\":640,\"width\":1024,\"orientation\":\"landscape\"}},\"imageMeta\":{\"aperture\":\"0\",\"credit\":\"\",\"camera\":\"\",\"caption\":\"\",\"created_timestamp\":\"0\",\"copyright\":\"\",\"focal_length\":\"0\",\"iso\":\"0\",\"shutter_speed\":\"0\",\"title\":\"\",\"orientation\":\"0\",\"keywords\":[]},\"meta\":false,\"postlink\":\"https:\/\/www.cykloromantika.cz\/mapa-2025-0928-01\/\"},{\"id\":9139,\"title\":\"Mapa 2025 0928 02\",\"url\":\"https:\/\/www.cykloromantika.cz\/wp-content\/uploads\/2025\/10\/mapa-2025-0928-02.jpg\",\"link\":\"https:\/\/www.cykloromantika.cz\/mapa-2025-0928-02\/\",\"alt\":\"\",\"description\":\"\",\"caption\":\"\",\"mime\":\"image\/jpeg\",\"type\":\"image\",\"width\":1024,\"height\":640,\"sizes\":{\"thumbnail\":{\"height\":94,\"width\":150,\"url\":\"https:\/\/www.cykloromantika.cz\/wp-content\/uploads\/2025\/10\/mapa-2025-0928-02-150x94.jpg\",\"orientation\":\"landscape\"},\"medium\":{\"height\":188,\"width\":300,\"url\":\"https:\/\/www.cykloromantika.cz\/wp-content\/uploads\/2025\/10\/mapa-2025-0928-02-300x188.jpg\",\"orientation\":\"landscape\"},\"full\":{\"url\":\"https:\/\/www.cykloromantika.cz\/wp-content\/uploads\/2025\/10\/mapa-2025-0928-02.jpg\",\"height\":640,\"width\":1024,\"orientation\":\"landscape\"}},\"imageMeta\":{\"aperture\":\"0\",\"credit\":\"\",\"camera\":\"\",\"caption\":\"\",\"created_timestamp\":\"0\",\"copyright\":\"\",\"focal_length\":\"0\",\"iso\":\"0\",\"shutter_speed\":\"0\",\"title\":\"\",\"orientation\":\"0\",\"keywords\":[]},\"meta\":false,\"postlink\":\"https:\/\/www.cykloromantika.cz\/mapa-2025-0928-02\/\"}],\"orderBy\":\"title\",\"galleryBorderRadius\":8,\"shareFacebook\":false,\"shareTwitter\":false,\"sharePinterest\":false,\"sharePost\":\"postlink\",\"sliderSocialShareEnabled\":false,\"itemsMetaDataCollection\":[]}<\/script><script>(function(){if(window.PGC_SGB && window.PGC_SGB.searcher){window.PGC_SGB.searcher.initBlocks()}})()<\/script><\/div><\/div><\/div>\n\n\n\n<div class=\"wp-block-kadence-tab kt-tab-inner-content kt-inner-tab-2 kt-inner-tab79ae2a-d3\"><div class=\"kt-tab-inner-content-inner\">\n<h2 class=\"wp-block-heading\">Den prvn\u00ed<\/h2>\n\n\n\n<p>Pro tento podzimn\u00ed v\u00fdjezd p\u0159i\u0161el Ramon s&nbsp;novou destinac\u00ed \u2013 Host\u00fdnsk\u00fdmi vrchy. Jako z\u00e1kladnu jsme vybrali Chatu Sport na Rusav\u011b. \u010cekala n\u00e1s sauna a nara\u017een\u00e1 p\u00edpa s&nbsp;Ratarem. T\u011b\u0161ili jsme se. Po\u010das\u00ed neslibovalo bab\u00ed l\u00e9to, ale mokrou variantu jsme m\u011bli o\u0161\u00e9fovanou.<\/p>\n\n\n\n<p>Jako ji\u017e tradi\u010dn\u011b vyrazila \u010d\u00e1st skupiny p\u0159\u00edmo z&nbsp;Ostravy. Bobo s&nbsp;Ramonem vzhledem k&nbsp;pracovn\u00edm povinnostem museli vyu\u017e\u00edt vlaku a p\u0159ipojit se po cest\u011b pozd\u011bji. Skupina A (\u010dist\u011b pro ozna\u010den\u00ed) zam\u00ed\u0159ila p\u0159\u00edm\u00fdm sm\u011brem p\u0159es jistebnick\u00e9 rybn\u00edky a nivn\u00ed louky kolem Odry. Prvn\u00edm sty\u010dn\u00fdm bodem m\u011bla b\u00fdt <strong>Kel\u010d<\/strong>, kde se cht\u011blo \u00c1\u010dko naj\u00edst. U\u017e se tam t\u011b\u0161ili, proto\u017ee po cest\u011b nebyla jedin\u00e1 hospoda. Ale j\u00eddlo v&nbsp;Kel\u010di tak\u00e9 ne, resp. pouh\u00e1 improvizace v&nbsp;podob\u011b v\u00fdvaru a utopence. <\/p>\n\n\n\n<p>Skupina B zdrhla z&nbsp;pr\u00e1ce d\u0159\u00edve a nasedla ve Svinov\u011b na vlak sm\u011br <strong>Hranice na Morav\u011b<\/strong>. Nakonec se rozhodl Bob s&nbsp;Ramonem, \u017ee skupinu A nechaj\u00ed sv\u00e9mu osudu a pojedou po p\u016fvodn\u00ed trase. Nejprve prob\u011bhla spanil\u00e1 j\u00edzda Hranicemi, kde se kluci n\u011bkolikr\u00e1t zamilovali. <strong>Teplice nad Be\u010dvou <\/strong>pak byly vylidn\u011bn\u00e9, ale to nevadilo. C\u00edlem v&nbsp;Teplic\u00edch byla <strong>Hranick\u00e1 propast<\/strong>. V\u00fdjezd k&nbsp;n\u00ed chutnal i Bobovi, kter\u00fd si na tento v\u00fdjezd vyp\u016fj\u010dil Fojdovo star\u00e9 MTB. Zaj\u00ed\u017e\u010fka st\u00e1la za to, hlavn\u011b zah\u0159\u00e1la dvojici po v\u00fdstupu z&nbsp;vlaku.<\/p>\n\n\n\n<p>D\u00e1le Bobo s&nbsp;Ramonem pokra\u010dovali v\u00fd\u0161lapem na Malen\u00edk, kr\u00e1snou lesn\u00ed cestou pak na <strong>Helf\u0161t\u00fdn<\/strong>. Lidupr\u00e1zdn\u00fd hrad v&nbsp;mlze byl tajemn\u00fd a st\u00e1l za n\u00e1v\u0161t\u011bvu. Pak kr\u00e1sn\u00fdm trailem, aby nemuseli a\u017e dol\u016f do T\u00fdna, p\u0159ebrodili potok a dostali se na cestu sm\u011brem na Lhotu. Bobo si pochvaloval bajk: &#8222;Toto bych na sv\u00e9m kole ur\u010dit\u011b nevyjel!&#8220;<\/p>\n\n\n\n<p>Dal\u0161\u00edm m\u00edstem s&nbsp;n\u00e1v\u0161t\u011bvou byly <strong>D\u0159evohostice<\/strong>, m\u011bstys se z\u00e1mkem, jen\u017e slou\u017eil jako \u0161pit\u00e1l za napoleonsk\u00fdch v\u00e1lek. Odsud ji\u017e jen po stezce nebo p\u0159\u00edmo po cest\u011b do Byst\u0159ice pod Host\u00fdnem. Cesta m\u00edrn\u011b stoupala a i vzhledem k&nbsp;po\u010das\u00ed, kter\u00e9 bylo chladn\u00e9, byli Bobo s&nbsp;Ramonem r\u00e1di, \u017ee se posilnili v&nbsp;Lidlu. Rychl\u00fd telefon se skupinou A rozhodl, \u017ee v&nbsp;Byst\u0159ici d\u00e1me n\u011bjak\u00e9 j\u00eddlo. Rozhodnut\u00ed padlo na Host\u00fdnsk\u00fd pivovar a \u00c1\u010dko za chv\u00edli po Bobov\u011b skupin\u011b (asi proto B) dorazilo tak\u00e9. V&nbsp;Kel\u010di se pom\u011brn\u011b zdr\u017eela vlivem schnut\u00ed oble\u010den\u00ed po p\u0159eh\u00e1\u0148ce a n\u011bkolika pivech s&nbsp;rumem.<\/p>\n\n\n\n<p>V\u00fd\u010depn\u00ed byl pom\u011brn\u011b v\u00fd\u0159e\u010dn\u00fd s&nbsp;osobit\u00fdm smyslem pro humor. Poru\u010dili jsme si piva a j\u00eddlo taky bylo na stole rychle. Trhan\u00e9 vep\u0159ov\u00e9 maso s&nbsp;\u010dedarem a hranolky byla velmi dobr\u00e1 pras\u00e1rna. Fojda, Tom a Du\u0161\u00edk byli o\u010dividn\u011b rozpit\u00ed, proto\u017ee si nechali nosit tupl\u00e1ky. Du\u0161\u00edk m\u011bl probl\u00e9m i se sv\u00fdm jedn\u00edm, ale Fojda se nevzdal ani po dvou a dopil i Du\u0161\u00edka.<\/p>\n\n\n\n<p>Po v\u00fdjezdu z&nbsp;hospody n\u00e1\u0161 Tom Garmin vyjel opa\u010dn\u00fdm sm\u011brem z&nbsp;Byst\u0159ice. Omyl si uv\u011bdomil asi po 500 metrech a p\u0159enechal navigaci Ramonovi, kter\u00fd si tady vyznal l\u00e9pe. Nasadil a a\u017e do <strong>Rusavy <\/strong>z trasy neslevil a\u017e po dojezd na chatu, kde rychl\u00fd welcome drink a ji\u017e nara\u017een\u00e9 pivo byly odm\u011bnou za celodenn\u00ed v\u00fdkon. Pak ji\u017e jen vyh\u0159\u00e1t\u00ed v&nbsp;saun\u011b a ve\u010dern\u00ed posezen\u00ed.<\/p>\n\n\n\n<h2 class=\"wp-block-heading\">Den druh\u00fd<\/h2>\n\n\n\n<p>Tom\u016fv kamar\u00e1d, kter\u00fd nedaleko bydlel a zastavil se pozdravit n\u00e1s na p\u0159\u00edjezdu, dovezl tak\u00e9 n\u00e1kup. Na sobotn\u00ed sn\u00eddani jsme si vybrali vaje\u010dinu. Tom je na ni odborn\u00edk, tak se toho chopil i dnes. Ramon chodil hned od r\u00e1na i pro pivo, kter\u00e9 pod\u00e1val jako doktor na spraven\u00ed. Mar\u0165as (nebo kdo to byl) n\u00e1m pro str\u00e1ven\u00ed vaj\u00ed\u010dek nalil i kamar\u00e1dovu slivovici. A to nem\u011bl d\u011blat. V\u010derej\u0161\u00ed den byl zp\u011bt a n\u011bkter\u00e9 to zmohlo natolik, \u017ee si \u0161li na chv\u00edli p\u0159ed odjezdem lehnout. Ramon to vzal tak poctiv\u011b, \u017ee nebyl k&nbsp;vzbuzen\u00ed a ostatn\u00ed Cykloromantici odjeli bez n\u011bj.<\/p>\n\n\n\n<p>Co n\u00e1m je\u0161t\u011b z\u016fstalo v&nbsp;krvi, to se poda\u0159ilo z&nbsp;v\u011bt\u0161\u00ed \u010d\u00e1sti vyplavit ve stoup\u00e1n\u00ed z&nbsp;Rusavy na <strong>Host\u00fdn<\/strong>. Na Host\u00fdn\u011b bylo p\u011bkn\u011b a hem\u017eilo se to tam mlad\u00fdmi i star\u0161\u00edmi katoli\u010dkami. Dal\u0161\u00ed cesta vedla po h\u0159ebeni sm\u011brem na <strong>T\u0159i kameny<\/strong>. Kr\u00e1sn\u00e9 v\u00fdhledy, nahoru, dol\u016f, co si v\u00edce p\u0159\u00e1t. Du\u0161\u00edk si p\u0159\u00e1l hlavn\u011b nikotin, proto\u017ee si zapomn\u011bl sv\u016fj puk. Za T\u0159emi kameny n\u00e1sledoval prudk\u00fd, les\u00e1ky rozbit\u00fd sjezd, kter\u00fd prov\u011b\u0159il schopnosti \u00fa\u010dastn\u00edk\u016f z\u00e1jezdu. Pak ji\u017e jen dol\u016f po asfaltu zp\u011bt do Rusavy. Kr\u00e1sn\u00fdch dvaadvacet kilometr\u016f z&nbsp;pl\u00e1novan\u00fdch 45.<\/p>\n\n\n\n<p>Po dojezdu na\u0161li Ramona ve stejn\u00e9 poloze a po kontrole jeho zdravotn\u00edho stavu a diven\u00ed se, \u017ee je\u0161t\u011b nen\u00ed ve\u010de\u0159e, Tom \u0161el grilovat. Ve\u010de\u0159e byla vynikaj\u00edc\u00ed, pivo do\u0161lo, narazilo dal\u0161\u00ed a sauna tak\u00e9 prob\u011bhla. Op\u011bt p\u011bkn\u00fd ve\u010der!<\/p>\n\n\n\n<h2 class=\"wp-block-heading\">Den t\u0159et\u00ed<\/h2>\n\n\n\n<p>P\u0159edchoz\u00ed ve\u010der nebyl tak krut\u00fd jako ten prvn\u00ed. R\u00e1no pom\u011brn\u011b v\u0161ichni fungovali a sn\u00eddan\u011b byla na stole. V&nbsp;TV jsme si pustili volejbal, kde na\u0161i na MS bojovali o t\u0159et\u00ed flek. Po sn\u00eddani a volejbalu jsme p\u0159epnuli na MS v&nbsp;cyklistice. Po prvotn\u00edm ostychu za\u010dal chodit Tom pro piva s&nbsp;t\u00edm, \u017ee mus\u00edme nara\u017eenou be\u010dku vyp\u00edt. Na\u0161t\u011bst\u00ed to byla jen patn\u00e1ctka. P\u0159esto t\u011bch kole\u010dek bylo n\u011bkolik. Nakonec se v&nbsp;13:08 poda\u0159ilo a mohli jsme se balit. Na celou trasu do Ostravy to nebylo a tak rozhodnut\u00ed padlo na Valmez!<\/p>\n\n\n\n<p>Bal\u00edme na kola bra\u0161ny, lou\u010d\u00edme se s&nbsp;milou pan\u00ed dom\u00e1c\u00ed, d\u00e1me pan\u00e1\u010dka na rozlou\u010denou a Ramon zji\u0161\u0165uje, \u017ee m\u00e1 utr\u017een\u00e9 popruhy pro uchycen\u00ed pod sedlo. Katastrofu vy\u0159e\u0161\u00ed pan\u00ed dom\u00e1c\u00ed z\u00e1p\u016fj\u010dkou gumicuku a Ramon m\u016f\u017ee tak\u00e9 odjet na kole. Po\u010das\u00ed je chladn\u00e9, ale na\u0161t\u011bst\u00ed nepojedeme z&nbsp;kopce, ale do kopce op\u011bt na h\u0159eben. Stoup\u00e1n\u00ed i p\u0159es 18&nbsp;% prov\u011b\u0159\u00ed \u017eivotospr\u00e1vu man\u0161aftu. Ale na h\u0159eben u <strong>Klapinova<\/strong> se doplaz\u00edme v\u0161ichni.<\/p>\n\n\n\n<p>Ledov\u011b chladn\u00fdm sjezdem se pou\u0161t\u00edme na druhou stranu a za chv\u00edli op\u011bt nahoru. Tentokr\u00e1t to ale nen\u00ed asfalt nebo zpevn\u011bn\u00e1 lesn\u00ed p\u011b\u0161ina, ale kr\u00e1snou hrubou drt\u00ed vysypan\u00e1 lesnick\u00e1 cesta.  Nad\u00e1v\u00e1me, ale po kilometru se cesta zm\u011bn\u00ed \u2013 na bahnit\u00fd \u00favoz. Ale p\u0159ed n\u00e1mi je <strong>Tes\u00e1k<\/strong>, kde se stav\u00edme na ob\u011bd. Dod\u00edv\u00e1me se na MS v&nbsp;cyklistice, to n\u00e1s p\u011bkn\u011b zah\u0159eje. Ne ji\u017e tak v\u00edtr, kter\u00fd poc\u00edt\u00edme po vyjit\u00ed z&nbsp;hospody. Obl\u00e9k\u00e1me, co se d\u00e1. Sjezd do Rajnochovic ale p\u0159e\u017eijeme.<\/p>\n\n\n\n<p>Pak ji\u017e jen p\u0159es <strong>Podhradn\u00ed Lhotu, Lou\u010dku, Polici<\/strong> a <strong>Branky <\/strong>do <strong>Vala\u0161sk\u00e9ho Mezi\u0159\u00ed\u010d\u00ed<\/strong>. Projedeme jej hned k&nbsp;n\u00e1dra\u017e\u00ed, kde koup\u00edme j\u00edzdenky do Ostravy. Jeliko\u017e je EC vyprodan\u00e9, tak mus\u00edme z&nbsp;Hranic jet osob\u00e1kem s&nbsp;dal\u0161\u00edm p\u0159estupem ve Stud\u00e9nce. Ve Svinov\u011b jsme zase za tmy, tak na dojezd dom\u016f op\u011bt rozsv\u00edt\u00edme.<\/p>\n\n\n\n<p><\/p>\n<\/div><\/div>\n\n\n\n<div class=\"wp-block-kadence-tab kt-tab-inner-content kt-inner-tab-3 kt-inner-taba0b1d0-72\"><div class=\"kt-tab-inner-content-inner\"><div class=\"pgc-sgb-cb wp-block-pgcsimplygalleryblock-justified \" data-gallery-id=\"51545677\"><div class=\"sgb-preloader\" id=\"pr_51545677\">\n\t<div class=\"sgb-square\" style=\"background:#d4d4d4\"><\/div>\n\t<div class=\"sgb-square\" style=\"background:#d4d4d4\"><\/div>\n\t<div class=\"sgb-square\" style=\"background:#d4d4d4\"><\/div>\n\t<div class=\"sgb-square\" style=\"background:#d4d4d4\"><\/div><\/div><div class=\"simply-gallery-amp pgc_sgb_slider \"><noscript><div class=\"sgb-gallery\"><div class=\"sgb-item\"><a href=\"https:\/\/www.cykloromantika.cz\/foto-2025-0926-01\/\" target=\"_blank\"><img decoding=\"async\" alt=\"\" width=\"300\" height=\"169\" loading=\"lazy\" src=\"https:\/\/www.cykloromantika.cz\/wp-content\/uploads\/2025\/12\/foto-2025-0926-01-300x169.jpg\" srcset=\"https:\/\/www.cykloromantika.cz\/wp-content\/uploads\/2025\/12\/foto-2025-0926-01-300x169.jpg 300w,https:\/\/www.cykloromantika.cz\/wp-content\/uploads\/2025\/12\/foto-2025-0926-01.jpg 1024w\" sizes=\"auto, 250px\"\/><\/a><div class=\"sgb-item-caption\"><em>Synagoga v Hranic\u00edch<\/em><\/div><\/div><div class=\"sgb-item\"><a href=\"https:\/\/www.cykloromantika.cz\/foto-2025-0926-02\/\" target=\"_blank\"><img decoding=\"async\" alt=\"\" width=\"300\" height=\"169\" loading=\"lazy\" src=\"https:\/\/www.cykloromantika.cz\/wp-content\/uploads\/2025\/12\/foto-2025-0926-02-300x169.jpg\" srcset=\"https:\/\/www.cykloromantika.cz\/wp-content\/uploads\/2025\/12\/foto-2025-0926-02-300x169.jpg 300w,https:\/\/www.cykloromantika.cz\/wp-content\/uploads\/2025\/12\/foto-2025-0926-02.jpg 1024w\" sizes=\"auto, 250px\"\/><\/a><div class=\"sgb-item-caption\"><em>Z\u00e1mek Hranice<\/em><\/div><\/div><div class=\"sgb-item\"><a href=\"https:\/\/www.cykloromantika.cz\/foto-2025-0926-03\/\" target=\"_blank\"><img decoding=\"async\" alt=\"\" width=\"300\" height=\"169\" loading=\"lazy\" src=\"https:\/\/www.cykloromantika.cz\/wp-content\/uploads\/2025\/12\/foto-2025-0926-03-300x169.jpg\" srcset=\"https:\/\/www.cykloromantika.cz\/wp-content\/uploads\/2025\/12\/foto-2025-0926-03-300x169.jpg 300w,https:\/\/www.cykloromantika.cz\/wp-content\/uploads\/2025\/12\/foto-2025-0926-03.jpg 1024w\" sizes=\"auto, 250px\"\/><\/a><div class=\"sgb-item-caption\"><em>Synagoga v Hranic\u00edch<\/em><\/div><\/div><div class=\"sgb-item\"><a href=\"https:\/\/www.cykloromantika.cz\/foto-2025-0926-04\/\" target=\"_blank\"><img decoding=\"async\" alt=\"\" width=\"169\" height=\"300\" loading=\"lazy\" src=\"https:\/\/www.cykloromantika.cz\/wp-content\/uploads\/2025\/12\/foto-2025-0926-04-169x300.jpg\" srcset=\"https:\/\/www.cykloromantika.cz\/wp-content\/uploads\/2025\/12\/foto-2025-0926-04-169x300.jpg 169w,https:\/\/www.cykloromantika.cz\/wp-content\/uploads\/2025\/12\/foto-2025-0926-04.jpg 577w\" sizes=\"auto, 250px\"\/><\/a><div class=\"sgb-item-caption\"><em>Hranick\u00e1 propast (hloubka 519,5 m)<\/em><\/div><\/div><div class=\"sgb-item\"><a href=\"https:\/\/www.cykloromantika.cz\/foto-2025-0926-05\/\" target=\"_blank\"><img decoding=\"async\" alt=\"\" width=\"300\" height=\"169\" loading=\"lazy\" src=\"https:\/\/www.cykloromantika.cz\/wp-content\/uploads\/2025\/12\/foto-2025-0926-05-300x169.jpg\" srcset=\"https:\/\/www.cykloromantika.cz\/wp-content\/uploads\/2025\/12\/foto-2025-0926-05-300x169.jpg 300w,https:\/\/www.cykloromantika.cz\/wp-content\/uploads\/2025\/12\/foto-2025-0926-05.jpg 1024w\" sizes=\"auto, 250px\"\/><\/a><div class=\"sgb-item-caption\"><em>V\u00fdhled na Malen\u00edk<\/em><\/div><\/div><div class=\"sgb-item\"><a href=\"https:\/\/www.cykloromantika.cz\/foto-2025-0926-06\/\" target=\"_blank\"><img decoding=\"async\" alt=\"\" width=\"300\" height=\"169\" loading=\"lazy\" src=\"https:\/\/www.cykloromantika.cz\/wp-content\/uploads\/2025\/12\/foto-2025-0926-06-300x169.jpg\" srcset=\"https:\/\/www.cykloromantika.cz\/wp-content\/uploads\/2025\/12\/foto-2025-0926-06-300x169.jpg 300w,https:\/\/www.cykloromantika.cz\/wp-content\/uploads\/2025\/12\/foto-2025-0926-06.jpg 1024w\" sizes=\"auto, 250px\"\/><\/a><div class=\"sgb-item-caption\"><em>Hrad Helf\u0161t\u00fdn<\/em><\/div><\/div><div class=\"sgb-item\"><a href=\"https:\/\/www.cykloromantika.cz\/foto-2025-0926-07\/\" target=\"_blank\"><img decoding=\"async\" alt=\"\" width=\"300\" height=\"169\" loading=\"lazy\" src=\"https:\/\/www.cykloromantika.cz\/wp-content\/uploads\/2025\/12\/foto-2025-0926-07-300x169.jpg\" srcset=\"https:\/\/www.cykloromantika.cz\/wp-content\/uploads\/2025\/12\/foto-2025-0926-07-300x169.jpg 300w,https:\/\/www.cykloromantika.cz\/wp-content\/uploads\/2025\/12\/foto-2025-0926-07.jpg 1024w\" sizes=\"auto, 250px\"\/><\/a><div class=\"sgb-item-caption\"><em>N\u00e1dvo\u0159\u00ed hradu Helf\u0161t\u00fdn<\/em><\/div><\/div><div class=\"sgb-item\"><a href=\"https:\/\/www.cykloromantika.cz\/foto-2025-0926-08\/\" target=\"_blank\"><img decoding=\"async\" alt=\"\" width=\"300\" height=\"169\" loading=\"lazy\" src=\"https:\/\/www.cykloromantika.cz\/wp-content\/uploads\/2025\/12\/foto-2025-0926-08-300x169.jpg\" srcset=\"https:\/\/www.cykloromantika.cz\/wp-content\/uploads\/2025\/12\/foto-2025-0926-08-300x169.jpg 300w,https:\/\/www.cykloromantika.cz\/wp-content\/uploads\/2025\/12\/foto-2025-0926-08.jpg 1024w\" sizes=\"auto, 250px\"\/><\/a><div class=\"sgb-item-caption\"><em>Br\u00e1na hradu Helf\u0161t\u00fdn<\/em><\/div><\/div><div class=\"sgb-item\"><a href=\"https:\/\/www.cykloromantika.cz\/foto-2025-0926-09\/\" target=\"_blank\"><img decoding=\"async\" alt=\"\" width=\"300\" height=\"169\" loading=\"lazy\" src=\"https:\/\/www.cykloromantika.cz\/wp-content\/uploads\/2025\/12\/foto-2025-0926-09-300x169.jpg\" srcset=\"https:\/\/www.cykloromantika.cz\/wp-content\/uploads\/2025\/12\/foto-2025-0926-09-300x169.jpg 300w,https:\/\/www.cykloromantika.cz\/wp-content\/uploads\/2025\/12\/foto-2025-0926-09.jpg 1024w\" sizes=\"auto, 250px\"\/><\/a><div class=\"sgb-item-caption\"><em>Hrad Helf\u0161t\u00fdn<\/em><\/div><\/div><div class=\"sgb-item\"><a href=\"https:\/\/www.cykloromantika.cz\/foto-2025-0926-10\/\" target=\"_blank\"><img decoding=\"async\" alt=\"\" width=\"300\" height=\"169\" loading=\"lazy\" src=\"https:\/\/www.cykloromantika.cz\/wp-content\/uploads\/2025\/12\/foto-2025-0926-10-300x169.jpg\" srcset=\"https:\/\/www.cykloromantika.cz\/wp-content\/uploads\/2025\/12\/foto-2025-0926-10-300x169.jpg 300w,https:\/\/www.cykloromantika.cz\/wp-content\/uploads\/2025\/12\/foto-2025-0926-10.jpg 1024w\" sizes=\"auto, 250px\"\/><\/a><div class=\"sgb-item-caption\"><em>Bezuchov (u\u0161i v p..i)<\/em><\/div><\/div><div class=\"sgb-item\"><a href=\"https:\/\/www.cykloromantika.cz\/foto-2025-0926-11\/\" target=\"_blank\"><img decoding=\"async\" alt=\"\" width=\"300\" height=\"169\" loading=\"lazy\" src=\"https:\/\/www.cykloromantika.cz\/wp-content\/uploads\/2025\/12\/foto-2025-0926-11-300x169.jpg\" srcset=\"https:\/\/www.cykloromantika.cz\/wp-content\/uploads\/2025\/12\/foto-2025-0926-11-300x169.jpg 300w,https:\/\/www.cykloromantika.cz\/wp-content\/uploads\/2025\/12\/foto-2025-0926-11.jpg 1024w\" sizes=\"auto, 250px\"\/><\/a><div class=\"sgb-item-caption\"><em>Br\u00e1na z\u00e1mku D\u0159evohostice<\/em><\/div><\/div><div class=\"sgb-item\"><a href=\"https:\/\/www.cykloromantika.cz\/foto-2025-0926-12\/\" target=\"_blank\"><img decoding=\"async\" alt=\"\" width=\"169\" height=\"300\" loading=\"lazy\" src=\"https:\/\/www.cykloromantika.cz\/wp-content\/uploads\/2025\/12\/foto-2025-0926-12-169x300.jpg\" srcset=\"https:\/\/www.cykloromantika.cz\/wp-content\/uploads\/2025\/12\/foto-2025-0926-12-169x300.jpg 169w,https:\/\/www.cykloromantika.cz\/wp-content\/uploads\/2025\/12\/foto-2025-0926-12.jpg 577w\" sizes=\"auto, 250px\"\/><\/a><div class=\"sgb-item-caption\"><em>Z\u00e1mek D\u0159evohostice \u2013 lazaret za napoleonsk\u00fdch v\u00e1lek<\/em><\/div><\/div><div class=\"sgb-item\"><a href=\"https:\/\/www.cykloromantika.cz\/foto-2025-0928-01\/\" target=\"_blank\"><img decoding=\"async\" alt=\"\" width=\"300\" height=\"169\" loading=\"lazy\" src=\"https:\/\/www.cykloromantika.cz\/wp-content\/uploads\/2025\/12\/foto-2025-0928-01-300x169.jpg\" srcset=\"https:\/\/www.cykloromantika.cz\/wp-content\/uploads\/2025\/12\/foto-2025-0928-01-300x169.jpg 300w,https:\/\/www.cykloromantika.cz\/wp-content\/uploads\/2025\/12\/foto-2025-0928-01.jpg 1024w\" sizes=\"auto, 250px\"\/><\/a><div class=\"sgb-item-caption\"><em>V\u00fdhled na h\u0159eben Host\u00fdnsk\u00fdch vrch\u016f (Podhradn\u00ed Lhota)<\/em><\/div><\/div><div class=\"sgb-item\"><a href=\"https:\/\/www.cykloromantika.cz\/foto-2025-0928-02\/\" target=\"_blank\"><img decoding=\"async\" alt=\"\" width=\"300\" height=\"169\" loading=\"lazy\" src=\"https:\/\/www.cykloromantika.cz\/wp-content\/uploads\/2025\/12\/foto-2025-0928-02-300x169.jpg\" srcset=\"https:\/\/www.cykloromantika.cz\/wp-content\/uploads\/2025\/12\/foto-2025-0928-02-300x169.jpg 300w,https:\/\/www.cykloromantika.cz\/wp-content\/uploads\/2025\/12\/foto-2025-0928-02.jpg 1024w\" sizes=\"auto, 250px\"\/><\/a><div class=\"sgb-item-caption\"><em>P\u0159ivl\u00e9k\u00e1me se (Nebo odkl\u00e1d\u00e1me?)<\/em><\/div><\/div><\/div><\/noscript><\/div><script type=\"application\/json\" class=\"sgb-data\">{\"lastRowFill\":true,\"collectionThumbRecomendedHeight\":300,\"collectionThumbMiniScreenScale\":true,\"captionHAlign\":\"bottom\",\"collectionthumbHoverTitleFontSize\":12,\"collectionthumbRoundedCorners\":8,\"collectionthumbHoverTitleTextBgColor\":\"rgba(0,0,0,0.44)\",\"collectionThumbSubMenuShare\":false,\"galleryType\":\"pgc_sgb_justified\",\"galleryId\":\"51545677\",\"images\":[{\"id\":9501,\"title\":\"Foto 2025 0926 01\",\"url\":\"https:\/\/www.cykloromantika.cz\/wp-content\/uploads\/2025\/12\/foto-2025-0926-01.jpg\",\"link\":\"https:\/\/www.cykloromantika.cz\/foto-2025-0926-01\/\",\"alt\":\"\",\"description\":\"\",\"caption\":\"Synagoga v Hranic\u00edch\",\"mime\":\"image\/jpeg\",\"type\":\"image\",\"width\":1024,\"height\":577,\"sizes\":{\"thumbnail\":{\"height\":85,\"width\":150,\"url\":\"https:\/\/www.cykloromantika.cz\/wp-content\/uploads\/2025\/12\/foto-2025-0926-01-150x85.jpg\",\"orientation\":\"landscape\"},\"medium\":{\"height\":169,\"width\":300,\"url\":\"https:\/\/www.cykloromantika.cz\/wp-content\/uploads\/2025\/12\/foto-2025-0926-01-300x169.jpg\",\"orientation\":\"landscape\"},\"full\":{\"url\":\"https:\/\/www.cykloromantika.cz\/wp-content\/uploads\/2025\/12\/foto-2025-0926-01.jpg\",\"height\":577,\"width\":1024,\"orientation\":\"landscape\"}},\"imageMeta\":{\"aperture\":\"1.8\",\"credit\":\"\",\"camera\":\"Galaxy S23\",\"caption\":\"\",\"created_timestamp\":\"1758893383\",\"copyright\":\"\",\"focal_length\":\"5.4\",\"iso\":\"25\",\"shutter_speed\":\"0.001664095\",\"title\":\"\",\"orientation\":\"0\",\"keywords\":[]},\"meta\":false,\"postlink\":\"https:\/\/www.cykloromantika.cz\/foto-2025-0926-01\/\"},{\"id\":9502,\"title\":\"Foto 2025 0926 02\",\"url\":\"https:\/\/www.cykloromantika.cz\/wp-content\/uploads\/2025\/12\/foto-2025-0926-02.jpg\",\"link\":\"https:\/\/www.cykloromantika.cz\/foto-2025-0926-02\/\",\"alt\":\"\",\"description\":\"\",\"caption\":\"Z\u00e1mek Hranice\",\"mime\":\"image\/jpeg\",\"type\":\"image\",\"width\":1024,\"height\":576,\"sizes\":{\"thumbnail\":{\"height\":84,\"width\":150,\"url\":\"https:\/\/www.cykloromantika.cz\/wp-content\/uploads\/2025\/12\/foto-2025-0926-02-150x84.jpg\",\"orientation\":\"landscape\"},\"medium\":{\"height\":169,\"width\":300,\"url\":\"https:\/\/www.cykloromantika.cz\/wp-content\/uploads\/2025\/12\/foto-2025-0926-02-300x169.jpg\",\"orientation\":\"landscape\"},\"full\":{\"url\":\"https:\/\/www.cykloromantika.cz\/wp-content\/uploads\/2025\/12\/foto-2025-0926-02.jpg\",\"height\":576,\"width\":1024,\"orientation\":\"landscape\"}},\"imageMeta\":{\"aperture\":\"1.8\",\"credit\":\"\",\"camera\":\"Galaxy S23\",\"caption\":\"\",\"created_timestamp\":\"1758893396\",\"copyright\":\"\",\"focal_length\":\"5.4\",\"iso\":\"25\",\"shutter_speed\":\"0.000880728\",\"title\":\"\",\"orientation\":\"0\",\"keywords\":[]},\"meta\":false,\"postlink\":\"https:\/\/www.cykloromantika.cz\/foto-2025-0926-02\/\"},{\"id\":9503,\"title\":\"Foto 2025 0926 03\",\"url\":\"https:\/\/www.cykloromantika.cz\/wp-content\/uploads\/2025\/12\/foto-2025-0926-03.jpg\",\"link\":\"https:\/\/www.cykloromantika.cz\/foto-2025-0926-03\/\",\"alt\":\"\",\"description\":\"\",\"caption\":\"Synagoga v Hranic\u00edch\",\"mime\":\"image\/jpeg\",\"type\":\"image\",\"width\":1024,\"height\":577,\"sizes\":{\"thumbnail\":{\"height\":85,\"width\":150,\"url\":\"https:\/\/www.cykloromantika.cz\/wp-content\/uploads\/2025\/12\/foto-2025-0926-03-150x85.jpg\",\"orientation\":\"landscape\"},\"medium\":{\"height\":169,\"width\":300,\"url\":\"https:\/\/www.cykloromantika.cz\/wp-content\/uploads\/2025\/12\/foto-2025-0926-03-300x169.jpg\",\"orientation\":\"landscape\"},\"full\":{\"url\":\"https:\/\/www.cykloromantika.cz\/wp-content\/uploads\/2025\/12\/foto-2025-0926-03.jpg\",\"height\":577,\"width\":1024,\"orientation\":\"landscape\"}},\"imageMeta\":{\"aperture\":\"1.8\",\"credit\":\"\",\"camera\":\"Galaxy S23\",\"caption\":\"\",\"created_timestamp\":\"1758893458\",\"copyright\":\"\",\"focal_length\":\"5.4\",\"iso\":\"25\",\"shutter_speed\":\"0.000756818\",\"title\":\"\",\"orientation\":\"0\",\"keywords\":[]},\"meta\":false,\"postlink\":\"https:\/\/www.cykloromantika.cz\/foto-2025-0926-03\/\"},{\"id\":9504,\"title\":\"Foto 2025 0926 04\",\"url\":\"https:\/\/www.cykloromantika.cz\/wp-content\/uploads\/2025\/12\/foto-2025-0926-04.jpg\",\"link\":\"https:\/\/www.cykloromantika.cz\/foto-2025-0926-04\/\",\"alt\":\"\",\"description\":\"\",\"caption\":\"Hranick\u00e1 propast (hloubka 519,5 m)\",\"mime\":\"image\/jpeg\",\"type\":\"image\",\"width\":577,\"height\":1024,\"sizes\":{\"thumbnail\":{\"height\":150,\"width\":85,\"url\":\"https:\/\/www.cykloromantika.cz\/wp-content\/uploads\/2025\/12\/foto-2025-0926-04-85x150.jpg\",\"orientation\":\"portrait\"},\"medium\":{\"height\":300,\"width\":169,\"url\":\"https:\/\/www.cykloromantika.cz\/wp-content\/uploads\/2025\/12\/foto-2025-0926-04-169x300.jpg\",\"orientation\":\"portrait\"},\"full\":{\"url\":\"https:\/\/www.cykloromantika.cz\/wp-content\/uploads\/2025\/12\/foto-2025-0926-04.jpg\",\"height\":1024,\"width\":577,\"orientation\":\"portrait\"}},\"imageMeta\":{\"aperture\":\"1.8\",\"credit\":\"\",\"camera\":\"Galaxy S23\",\"caption\":\"\",\"created_timestamp\":\"1758894839\",\"copyright\":\"\",\"focal_length\":\"5.4\",\"iso\":\"50\",\"shutter_speed\":\"0.02\",\"title\":\"\",\"orientation\":\"0\",\"keywords\":[]},\"meta\":false,\"postlink\":\"https:\/\/www.cykloromantika.cz\/foto-2025-0926-04\/\"},{\"id\":9505,\"title\":\"Foto 2025 0926 05\",\"url\":\"https:\/\/www.cykloromantika.cz\/wp-content\/uploads\/2025\/12\/foto-2025-0926-05.jpg\",\"link\":\"https:\/\/www.cykloromantika.cz\/foto-2025-0926-05\/\",\"alt\":\"\",\"description\":\"\",\"caption\":\"V\u00fdhled na Malen\u00edk\",\"mime\":\"image\/jpeg\",\"type\":\"image\",\"width\":1024,\"height\":577,\"sizes\":{\"thumbnail\":{\"height\":85,\"width\":150,\"url\":\"https:\/\/www.cykloromantika.cz\/wp-content\/uploads\/2025\/12\/foto-2025-0926-05-150x85.jpg\",\"orientation\":\"landscape\"},\"medium\":{\"height\":169,\"width\":300,\"url\":\"https:\/\/www.cykloromantika.cz\/wp-content\/uploads\/2025\/12\/foto-2025-0926-05-300x169.jpg\",\"orientation\":\"landscape\"},\"full\":{\"url\":\"https:\/\/www.cykloromantika.cz\/wp-content\/uploads\/2025\/12\/foto-2025-0926-05.jpg\",\"height\":577,\"width\":1024,\"orientation\":\"landscape\"}},\"imageMeta\":{\"aperture\":\"1.8\",\"credit\":\"\",\"camera\":\"Galaxy S23\",\"caption\":\"\",\"created_timestamp\":\"1758898836\",\"copyright\":\"\",\"focal_length\":\"5.4\",\"iso\":\"25\",\"shutter_speed\":\"0.005050061\",\"title\":\"\",\"orientation\":\"0\",\"keywords\":[]},\"meta\":false,\"postlink\":\"https:\/\/www.cykloromantika.cz\/foto-2025-0926-05\/\"},{\"id\":9506,\"title\":\"Foto 2025 0926 06\",\"url\":\"https:\/\/www.cykloromantika.cz\/wp-content\/uploads\/2025\/12\/foto-2025-0926-06.jpg\",\"link\":\"https:\/\/www.cykloromantika.cz\/foto-2025-0926-06\/\",\"alt\":\"\",\"description\":\"\",\"caption\":\"Hrad Helf\u0161t\u00fdn\",\"mime\":\"image\/jpeg\",\"type\":\"image\",\"width\":1024,\"height\":577,\"sizes\":{\"thumbnail\":{\"height\":85,\"width\":150,\"url\":\"https:\/\/www.cykloromantika.cz\/wp-content\/uploads\/2025\/12\/foto-2025-0926-06-150x85.jpg\",\"orientation\":\"landscape\"},\"medium\":{\"height\":169,\"width\":300,\"url\":\"https:\/\/www.cykloromantika.cz\/wp-content\/uploads\/2025\/12\/foto-2025-0926-06-300x169.jpg\",\"orientation\":\"landscape\"},\"full\":{\"url\":\"https:\/\/www.cykloromantika.cz\/wp-content\/uploads\/2025\/12\/foto-2025-0926-06.jpg\",\"height\":577,\"width\":1024,\"orientation\":\"landscape\"}},\"imageMeta\":{\"aperture\":\"1.8\",\"credit\":\"\",\"camera\":\"Galaxy S23\",\"caption\":\"\",\"created_timestamp\":\"1758899426\",\"copyright\":\"\",\"focal_length\":\"5.4\",\"iso\":\"25\",\"shutter_speed\":\"0.003035482\",\"title\":\"\",\"orientation\":\"0\",\"keywords\":[]},\"meta\":false,\"postlink\":\"https:\/\/www.cykloromantika.cz\/foto-2025-0926-06\/\"},{\"id\":9507,\"title\":\"Foto 2025 0926 07\",\"url\":\"https:\/\/www.cykloromantika.cz\/wp-content\/uploads\/2025\/12\/foto-2025-0926-07.jpg\",\"link\":\"https:\/\/www.cykloromantika.cz\/foto-2025-0926-07\/\",\"alt\":\"\",\"description\":\"\",\"caption\":\"N\u00e1dvo\u0159\u00ed hradu Helf\u0161t\u00fdn\",\"mime\":\"image\/jpeg\",\"type\":\"image\",\"width\":1024,\"height\":577,\"sizes\":{\"thumbnail\":{\"height\":85,\"width\":150,\"url\":\"https:\/\/www.cykloromantika.cz\/wp-content\/uploads\/2025\/12\/foto-2025-0926-07-150x85.jpg\",\"orientation\":\"landscape\"},\"medium\":{\"height\":169,\"width\":300,\"url\":\"https:\/\/www.cykloromantika.cz\/wp-content\/uploads\/2025\/12\/foto-2025-0926-07-300x169.jpg\",\"orientation\":\"landscape\"},\"full\":{\"url\":\"https:\/\/www.cykloromantika.cz\/wp-content\/uploads\/2025\/12\/foto-2025-0926-07.jpg\",\"height\":577,\"width\":1024,\"orientation\":\"landscape\"}},\"imageMeta\":{\"aperture\":\"1.8\",\"credit\":\"\",\"camera\":\"Galaxy S23\",\"caption\":\"\",\"created_timestamp\":\"1758899831\",\"copyright\":\"\",\"focal_length\":\"5.4\",\"iso\":\"80\",\"shutter_speed\":\"0.009991324\",\"title\":\"\",\"orientation\":\"0\",\"keywords\":[]},\"meta\":false,\"postlink\":\"https:\/\/www.cykloromantika.cz\/foto-2025-0926-07\/\"},{\"id\":9508,\"title\":\"Foto 2025 0926 08\",\"url\":\"https:\/\/www.cykloromantika.cz\/wp-content\/uploads\/2025\/12\/foto-2025-0926-08.jpg\",\"link\":\"https:\/\/www.cykloromantika.cz\/foto-2025-0926-08\/\",\"alt\":\"\",\"description\":\"\",\"caption\":\"Br\u00e1na hradu Helf\u0161t\u00fdn\",\"mime\":\"image\/jpeg\",\"type\":\"image\",\"width\":1024,\"height\":577,\"sizes\":{\"thumbnail\":{\"height\":85,\"width\":150,\"url\":\"https:\/\/www.cykloromantika.cz\/wp-content\/uploads\/2025\/12\/foto-2025-0926-08-150x85.jpg\",\"orientation\":\"landscape\"},\"medium\":{\"height\":169,\"width\":300,\"url\":\"https:\/\/www.cykloromantika.cz\/wp-content\/uploads\/2025\/12\/foto-2025-0926-08-300x169.jpg\",\"orientation\":\"landscape\"},\"full\":{\"url\":\"https:\/\/www.cykloromantika.cz\/wp-content\/uploads\/2025\/12\/foto-2025-0926-08.jpg\",\"height\":577,\"width\":1024,\"orientation\":\"landscape\"}},\"imageMeta\":{\"aperture\":\"1.8\",\"credit\":\"\",\"camera\":\"Galaxy S23\",\"caption\":\"\",\"created_timestamp\":\"1758899955\",\"copyright\":\"\",\"focal_length\":\"5.4\",\"iso\":\"40\",\"shutter_speed\":\"0.002259721\",\"title\":\"\",\"orientation\":\"0\",\"keywords\":[]},\"meta\":false,\"postlink\":\"https:\/\/www.cykloromantika.cz\/foto-2025-0926-08\/\"},{\"id\":9509,\"title\":\"Foto 2025 0926 09\",\"url\":\"https:\/\/www.cykloromantika.cz\/wp-content\/uploads\/2025\/12\/foto-2025-0926-09.jpg\",\"link\":\"https:\/\/www.cykloromantika.cz\/foto-2025-0926-09\/\",\"alt\":\"\",\"description\":\"\",\"caption\":\"Hrad Helf\u0161t\u00fdn\",\"mime\":\"image\/jpeg\",\"type\":\"image\",\"width\":1024,\"height\":577,\"sizes\":{\"thumbnail\":{\"height\":85,\"width\":150,\"url\":\"https:\/\/www.cykloromantika.cz\/wp-content\/uploads\/2025\/12\/foto-2025-0926-09-150x85.jpg\",\"orientation\":\"landscape\"},\"medium\":{\"height\":169,\"width\":300,\"url\":\"https:\/\/www.cykloromantika.cz\/wp-content\/uploads\/2025\/12\/foto-2025-0926-09-300x169.jpg\",\"orientation\":\"landscape\"},\"full\":{\"url\":\"https:\/\/www.cykloromantika.cz\/wp-content\/uploads\/2025\/12\/foto-2025-0926-09.jpg\",\"height\":577,\"width\":1024,\"orientation\":\"landscape\"}},\"imageMeta\":{\"aperture\":\"1.8\",\"credit\":\"\",\"camera\":\"Galaxy S23\",\"caption\":\"\",\"created_timestamp\":\"1758900021\",\"copyright\":\"\",\"focal_length\":\"5.4\",\"iso\":\"25\",\"shutter_speed\":\"0.003494414\",\"title\":\"\",\"orientation\":\"0\",\"keywords\":[]},\"meta\":false,\"postlink\":\"https:\/\/www.cykloromantika.cz\/foto-2025-0926-09\/\"},{\"id\":9510,\"title\":\"Foto 2025 0926 10\",\"url\":\"https:\/\/www.cykloromantika.cz\/wp-content\/uploads\/2025\/12\/foto-2025-0926-10.jpg\",\"link\":\"https:\/\/www.cykloromantika.cz\/foto-2025-0926-10\/\",\"alt\":\"\",\"description\":\"\",\"caption\":\"Bezuchov (u\u0161i v p..i)\",\"mime\":\"image\/jpeg\",\"type\":\"image\",\"width\":1024,\"height\":577,\"sizes\":{\"thumbnail\":{\"height\":85,\"width\":150,\"url\":\"https:\/\/www.cykloromantika.cz\/wp-content\/uploads\/2025\/12\/foto-2025-0926-10-150x85.jpg\",\"orientation\":\"landscape\"},\"medium\":{\"height\":169,\"width\":300,\"url\":\"https:\/\/www.cykloromantika.cz\/wp-content\/uploads\/2025\/12\/foto-2025-0926-10-300x169.jpg\",\"orientation\":\"landscape\"},\"full\":{\"url\":\"https:\/\/www.cykloromantika.cz\/wp-content\/uploads\/2025\/12\/foto-2025-0926-10.jpg\",\"height\":577,\"width\":1024,\"orientation\":\"landscape\"}},\"imageMeta\":{\"aperture\":\"1.8\",\"credit\":\"\",\"camera\":\"Galaxy S23\",\"caption\":\"\",\"created_timestamp\":\"1758902395\",\"copyright\":\"\",\"focal_length\":\"5.4\",\"iso\":\"25\",\"shutter_speed\":\"0.000809821\",\"title\":\"\",\"orientation\":\"0\",\"keywords\":[]},\"meta\":false,\"postlink\":\"https:\/\/www.cykloromantika.cz\/foto-2025-0926-10\/\"},{\"id\":9511,\"title\":\"Foto 2025 0926 11\",\"url\":\"https:\/\/www.cykloromantika.cz\/wp-content\/uploads\/2025\/12\/foto-2025-0926-11.jpg\",\"link\":\"https:\/\/www.cykloromantika.cz\/foto-2025-0926-11\/\",\"alt\":\"\",\"description\":\"\",\"caption\":\"Br\u00e1na z\u00e1mku D\u0159evohostice\",\"mime\":\"image\/jpeg\",\"type\":\"image\",\"width\":1024,\"height\":577,\"sizes\":{\"thumbnail\":{\"height\":85,\"width\":150,\"url\":\"https:\/\/www.cykloromantika.cz\/wp-content\/uploads\/2025\/12\/foto-2025-0926-11-150x85.jpg\",\"orientation\":\"landscape\"},\"medium\":{\"height\":169,\"width\":300,\"url\":\"https:\/\/www.cykloromantika.cz\/wp-content\/uploads\/2025\/12\/foto-2025-0926-11-300x169.jpg\",\"orientation\":\"landscape\"},\"full\":{\"url\":\"https:\/\/www.cykloromantika.cz\/wp-content\/uploads\/2025\/12\/foto-2025-0926-11.jpg\",\"height\":577,\"width\":1024,\"orientation\":\"landscape\"}},\"imageMeta\":{\"aperture\":\"1.8\",\"credit\":\"\",\"camera\":\"Galaxy S23\",\"caption\":\"\",\"created_timestamp\":\"1758904582\",\"copyright\":\"\",\"focal_length\":\"5.4\",\"iso\":\"50\",\"shutter_speed\":\"0.004995662\",\"title\":\"\",\"orientation\":\"0\",\"keywords\":[]},\"meta\":false,\"postlink\":\"https:\/\/www.cykloromantika.cz\/foto-2025-0926-11\/\"},{\"id\":9512,\"title\":\"Foto 2025 0926 12\",\"url\":\"https:\/\/www.cykloromantika.cz\/wp-content\/uploads\/2025\/12\/foto-2025-0926-12.jpg\",\"link\":\"https:\/\/www.cykloromantika.cz\/foto-2025-0926-12\/\",\"alt\":\"\",\"description\":\"\",\"caption\":\"Z\u00e1mek D\u0159evohostice \u2013 lazaret za napoleonsk\u00fdch v\u00e1lek\",\"mime\":\"image\/jpeg\",\"type\":\"image\",\"width\":577,\"height\":1024,\"sizes\":{\"thumbnail\":{\"height\":150,\"width\":85,\"url\":\"https:\/\/www.cykloromantika.cz\/wp-content\/uploads\/2025\/12\/foto-2025-0926-12-85x150.jpg\",\"orientation\":\"portrait\"},\"medium\":{\"height\":300,\"width\":169,\"url\":\"https:\/\/www.cykloromantika.cz\/wp-content\/uploads\/2025\/12\/foto-2025-0926-12-169x300.jpg\",\"orientation\":\"portrait\"},\"full\":{\"url\":\"https:\/\/www.cykloromantika.cz\/wp-content\/uploads\/2025\/12\/foto-2025-0926-12.jpg\",\"height\":1024,\"width\":577,\"orientation\":\"portrait\"}},\"imageMeta\":{\"aperture\":\"1.8\",\"credit\":\"\",\"camera\":\"Galaxy S23\",\"caption\":\"\",\"created_timestamp\":\"1758904602\",\"copyright\":\"\",\"focal_length\":\"5.4\",\"iso\":\"25\",\"shutter_speed\":\"0.001742483\",\"title\":\"\",\"orientation\":\"0\",\"keywords\":[]},\"meta\":false,\"postlink\":\"https:\/\/www.cykloromantika.cz\/foto-2025-0926-12\/\"},{\"id\":9513,\"title\":\"Foto 2025 0928 01\",\"url\":\"https:\/\/www.cykloromantika.cz\/wp-content\/uploads\/2025\/12\/foto-2025-0928-01.jpg\",\"link\":\"https:\/\/www.cykloromantika.cz\/foto-2025-0928-01\/\",\"alt\":\"\",\"description\":\"\",\"caption\":\"V\u00fdhled na h\u0159eben Host\u00fdnsk\u00fdch vrch\u016f (Podhradn\u00ed Lhota)\",\"mime\":\"image\/jpeg\",\"type\":\"image\",\"width\":1024,\"height\":577,\"sizes\":{\"thumbnail\":{\"height\":85,\"width\":150,\"url\":\"https:\/\/www.cykloromantika.cz\/wp-content\/uploads\/2025\/12\/foto-2025-0928-01-150x85.jpg\",\"orientation\":\"landscape\"},\"medium\":{\"height\":169,\"width\":300,\"url\":\"https:\/\/www.cykloromantika.cz\/wp-content\/uploads\/2025\/12\/foto-2025-0928-01-300x169.jpg\",\"orientation\":\"landscape\"},\"full\":{\"url\":\"https:\/\/www.cykloromantika.cz\/wp-content\/uploads\/2025\/12\/foto-2025-0928-01.jpg\",\"height\":577,\"width\":1024,\"orientation\":\"landscape\"}},\"imageMeta\":{\"aperture\":\"1.8\",\"credit\":\"\",\"camera\":\"Galaxy S23\",\"caption\":\"\",\"created_timestamp\":\"1759079376\",\"copyright\":\"\",\"focal_length\":\"5.4\",\"iso\":\"25\",\"shutter_speed\":\"0.000887911\",\"title\":\"\",\"orientation\":\"0\",\"keywords\":[]},\"meta\":false,\"postlink\":\"https:\/\/www.cykloromantika.cz\/foto-2025-0928-01\/\"},{\"id\":9514,\"title\":\"Foto 2025 0928 02\",\"url\":\"https:\/\/www.cykloromantika.cz\/wp-content\/uploads\/2025\/12\/foto-2025-0928-02.jpg\",\"link\":\"https:\/\/www.cykloromantika.cz\/foto-2025-0928-02\/\",\"alt\":\"\",\"description\":\"\",\"caption\":\"P\u0159ivl\u00e9k\u00e1me se (Nebo odkl\u00e1d\u00e1me?)\",\"mime\":\"image\/jpeg\",\"type\":\"image\",\"width\":1024,\"height\":577,\"sizes\":{\"thumbnail\":{\"height\":85,\"width\":150,\"url\":\"https:\/\/www.cykloromantika.cz\/wp-content\/uploads\/2025\/12\/foto-2025-0928-02-150x85.jpg\",\"orientation\":\"landscape\"},\"medium\":{\"height\":169,\"width\":300,\"url\":\"https:\/\/www.cykloromantika.cz\/wp-content\/uploads\/2025\/12\/foto-2025-0928-02-300x169.jpg\",\"orientation\":\"landscape\"},\"full\":{\"url\":\"https:\/\/www.cykloromantika.cz\/wp-content\/uploads\/2025\/12\/foto-2025-0928-02.jpg\",\"height\":577,\"width\":1024,\"orientation\":\"landscape\"}},\"imageMeta\":{\"aperture\":\"1.8\",\"credit\":\"\",\"camera\":\"Galaxy S23\",\"caption\":\"\",\"created_timestamp\":\"1759079381\",\"copyright\":\"\",\"focal_length\":\"5.4\",\"iso\":\"25\",\"shutter_speed\":\"0.000362366\",\"title\":\"\",\"orientation\":\"0\",\"keywords\":[]},\"meta\":false,\"postlink\":\"https:\/\/www.cykloromantika.cz\/foto-2025-0928-02\/\"}],\"useClobalSettings\":true,\"orderBy\":\"title\",\"galleryBorderRadius\":8,\"shareFacebook\":false,\"shareTwitter\":false,\"sharePinterest\":false,\"sharePost\":\"postlink\",\"sliderSocialShareEnabled\":false,\"itemsMetaDataCollection\":[]}<\/script><script>(function(){if(window.PGC_SGB && window.PGC_SGB.searcher){window.PGC_SGB.searcher.initBlocks()}})()<\/script><\/div>\n<\/div><\/div>\n<\/div><\/div><\/div>\n","protected":false},"excerpt":{"rendered":"","protected":false},"author":3,"featured_media":9514,"comment_status":"open","ping_status":"open","sticky":false,"template":"","format":"standard","meta":{"_acf_changed":false,"pgc_sgb_lightbox_settings":"","footnotes":""},"categories":[31],"tags":[],"class_list":["post-9132","post","type-post","status-publish","format-standard","has-post-thumbnail","hentry","category-denicek"],"acf":[],"_links":{"self":[{"href":"https:\/\/www.cykloromantika.cz\/index.php\/wp-json\/wp\/v2\/posts\/9132","targetHints":{"allow":["GET"]}}],"collection":[{"href":"https:\/\/www.cykloromantika.cz\/index.php\/wp-json\/wp\/v2\/posts"}],"about":[{"href":"https:\/\/www.cykloromantika.cz\/index.php\/wp-json\/wp\/v2\/types\/post"}],"author":[{"embeddable":true,"href":"https:\/\/www.cykloromantika.cz\/index.php\/wp-json\/wp\/v2\/users\/3"}],"replies":[{"embeddable":true,"href":"https:\/\/www.cykloromantika.cz\/index.php\/wp-json\/wp\/v2\/comments?post=9132"}],"version-history":[{"count":5,"href":"https:\/\/www.cykloromantika.cz\/index.php\/wp-json\/wp\/v2\/posts\/9132\/revisions"}],"predecessor-version":[{"id":9517,"href":"https:\/\/www.cykloromantika.cz\/index.php\/wp-json\/wp\/v2\/posts\/9132\/revisions\/9517"}],"wp:featuredmedia":[{"embeddable":true,"href":"https:\/\/www.cykloromantika.cz\/index.php\/wp-json\/wp\/v2\/media\/9514"}],"wp:attachment":[{"href":"https:\/\/www.cykloromantika.cz\/index.php\/wp-json\/wp\/v2\/media?parent=9132"}],"wp:term":[{"taxonomy":"category","embeddable":true,"href":"https:\/\/www.cykloromantika.cz\/index.php\/wp-json\/wp\/v2\/categories?post=9132"},{"taxonomy":"post_tag","embeddable":true,"href":"https:\/\/www.cykloromantika.cz\/index.php\/wp-json\/wp\/v2\/tags?post=9132"}],"curies":[{"name":"wp","href":"https:\/\/api.w.org\/{rel}","templated":true}]}}