{"id":9020,"date":"2025-08-31T10:29:00","date_gmt":"2025-08-31T09:29:00","guid":{"rendered":"https:\/\/www.cykloromantika.cz\/?p=9020"},"modified":"2025-12-27T15:22:02","modified_gmt":"2025-12-27T14:22:02","slug":"xxix-rocnik-6-den-broumovskym-vybezkem-za-rozkosi","status":"publish","type":"post","link":"https:\/\/www.cykloromantika.cz\/index.php\/2025\/08\/31\/xxix-rocnik-6-den-broumovskym-vybezkem-za-rozkosi\/","title":{"rendered":"XXIX. ro\u010dn\u00edk \u2013 6.&nbsp;den: Broumovsk\u00fdm v\u00fdb\u011b\u017ekem za Rozko\u0161\u00ed"},"content":{"rendered":"<style>.kt-tabs-id9020_6339f9-3a > .kt-tabs-content-wrap > .wp-block-kadence-tab{border-top:1px solid #eeeeee;border-right:0px solid #eeeeee;border-bottom:0px solid #eeeeee;border-left:0px solid #eeeeee;border-top-left-radius:0px;border-top-right-radius:0px;border-bottom-right-radius:0px;border-bottom-left-radius:0px;padding-top:20px;padding-right:0px;padding-bottom:20px;padding-left:0px;background:#ffffff;}.wp-block-kadence-tabs .kt-tabs-id9020_6339f9-3a > .kt-tabs-title-list li{margin-top:0px;margin-right:8px;margin-bottom:0px;margin-left:0px;}.wp-block-kadence-tabs .kt-tabs-id9020_6339f9-3a > .kt-tabs-title-list li:last-child{margin-right:0px;}.wp-block-kadence-tabs .kt-tabs-id9020_6339f9-3a > .kt-tabs-title-list li .kt-tab-title, .wp-block-kadence-tabs .kt-tabs-id9020_6339f9-3a > .kt-tabs-content-wrap > .kt-tabs-accordion-title .kt-tab-title{line-height:1.4em;font-weight:400;font-style:normal;text-transform:uppercase;border-top-width:0px;border-right-width:0px;border-bottom-width:0px;border-left-width:0px;border-top-left-radius:0px;border-top-right-radius:0px;border-bottom-right-radius:0px;border-bottom-left-radius:0px;padding-top:8px;padding-right:20px;padding-bottom:8px;padding-left:20px;border-color:#ffffff;color:#555555;background:#ffffff;}.wp-block-kadence-tabs .kt-tabs-id9020_6339f9-3a > .kt-tabs-content-wrap > .kt-tabs-accordion-title .kt-tab-title{margin-top:0px;margin-right:8px;margin-bottom:0px;margin-left:0px;}.wp-block-kadence-tabs .kt-tabs-id9020_6339f9-3a > .kt-tabs-title-list li .kt-tab-title:hover, .wp-block-kadence-tabs .kt-tabs-id9020_6339f9-3a > .kt-tabs-content-wrap > .kt-tabs-accordion-title .kt-tab-title:hover{border-color:#555555;color:#086abd;background:#ffffff;}.wp-block-kadence-tabs .kt-tabs-id9020_6339f9-3a > .kt-tabs-title-list li.kt-tab-title-active .kt-tab-title, .wp-block-kadence-tabs .kt-tabs-id9020_6339f9-3a > .kt-tabs-content-wrap > .kt-tabs-accordion-title.kt-tab-title-active .kt-tab-title{border-color:#555555;color:#086abd;background:#ffffff;}.wp-block-kadence-tabs .kt-tabs-id9020_6339f9-3a > .kt-tabs-title-list li svg{font-size:24px;}@media all and (max-width: 1024px){.kt-tabs-id9020_6339f9-3a > .kt-tabs-content-wrap > .wp-block-kadence-tab{border-top:1px solid #eeeeee;border-right:0px solid #eeeeee;border-bottom:0px solid #eeeeee;border-left:0px solid #eeeeee;}}@media all and (max-width: 767px){.kt-tabs-id9020_6339f9-3a > .kt-tabs-content-wrap > .wp-block-kadence-tab{border-top:1px solid #eeeeee;border-right:0px solid #eeeeee;border-bottom:0px solid #eeeeee;border-left:0px solid #eeeeee;}}<\/style>\n<div class=\"wp-block-kadence-tabs alignnone\"><div class=\"kt-tabs-wrap kt-tabs-id9020_6339f9-3a kt-tabs-has-3-tabs kt-active-tab-3 kt-tabs-layout-tabs kt-tabs-tablet-layout-inherit kt-tabs-mobile-layout-inherit kt-tab-alignment-center \"><ul class=\"kt-tabs-title-list\"><li id=\"tab-trasa\" class=\"kt-title-item kt-title-item-1 kt-tabs-svg-show-always kt-tabs-icon-side-top kt-tab-title-inactive\"><a href=\"#tab-trasa\" data-tab=\"1\" class=\"kt-tab-title kt-tab-title-1 \"><span class=\"kb-svg-icon-wrap kb-svg-icon-fe_map\"><svg viewBox=\"0 0 24 24\"  fill=\"none\" stroke=\"currentColor\" stroke-width=\"2\" stroke-linecap=\"round\" stroke-linejoin=\"round\" xmlns=\"http:\/\/www.w3.org\/2000\/svg\"  aria-hidden=\"true\"><polygon points=\"1 6 1 22 8 18 16 22 23 18 23 2 16 6 8 2 1 6\"\/><line x1=\"8\" y1=\"2\" x2=\"8\" y2=\"18\"\/><line x1=\"16\" y1=\"6\" x2=\"16\" y2=\"22\"\/><\/svg><\/span><span class=\"kt-title-text\">Trasa<\/span><\/a><\/li><li id=\"tab-zitky\" class=\"kt-title-item kt-title-item-2 kt-tabs-svg-show-always kt-tabs-icon-side-top kt-tab-title-inactive\"><a href=\"#tab-zitky\" data-tab=\"2\" class=\"kt-tab-title kt-tab-title-2 \"><span class=\"kb-svg-icon-wrap kb-svg-icon-fe_alignLeft\"><svg viewBox=\"0 0 24 24\"  fill=\"none\" stroke=\"currentColor\" stroke-width=\"2\" stroke-linecap=\"round\" stroke-linejoin=\"round\" xmlns=\"http:\/\/www.w3.org\/2000\/svg\"  aria-hidden=\"true\"><line x1=\"17\" y1=\"10\" x2=\"3\" y2=\"10\"\/><line x1=\"21\" y1=\"6\" x2=\"3\" y2=\"6\"\/><line x1=\"21\" y1=\"14\" x2=\"3\" y2=\"14\"\/><line x1=\"17\" y1=\"18\" x2=\"3\" y2=\"18\"\/><\/svg><\/span><span class=\"kt-title-text\">Z\u00e1\u017eitky<\/span><\/a><\/li><li id=\"tab-fotky\" class=\"kt-title-item kt-title-item-3 kt-tabs-svg-show-always kt-tabs-icon-side-top kt-tab-title-active\"><a href=\"#tab-fotky\" data-tab=\"3\" class=\"kt-tab-title kt-tab-title-3 \"><span class=\"kb-svg-icon-wrap kb-svg-icon-fe_camera\"><svg viewBox=\"0 0 24 24\"  fill=\"none\" stroke=\"currentColor\" stroke-width=\"2\" stroke-linecap=\"round\" stroke-linejoin=\"round\" xmlns=\"http:\/\/www.w3.org\/2000\/svg\"  aria-hidden=\"true\"><path d=\"M23 19a2 2 0 0 1-2 2H3a2 2 0 0 1-2-2V8a2 2 0 0 1 2-2h4l2-3h6l2 3h4a2 2 0 0 1 2 2z\"\/><circle cx=\"12\" cy=\"13\" r=\"4\"\/><\/svg><\/span><span class=\"kt-title-text\">Fotky<\/span><\/a><\/li><\/ul><div class=\"kt-tabs-content-wrap\">\n<div class=\"wp-block-kadence-tab kt-tab-inner-content kt-inner-tab-1 kt-inner-tab2cc777-2d\"><div class=\"kt-tab-inner-content-inner\">\n<p>Teplice nad Metuj\u00ed \u2013 Kostel Panny Marie Pomocn\u00e9 (Soulkostel) \u2013 Vern\u00e9\u0159ovice \u2013 Broumov \u2013 Pod Bo\u017eanovsk\u00fdm \u0161pi\u010d\u00e1kem (Jun\u00e1ck\u00e1 vyhl\u00eddka) \u2013 Police nad Metuj\u00ed \u2013 Hronov \u2013 N\u00e1chod \u2013 Autocamp Rozko\u0161<\/p>\n\n\n\n<ul class=\"wp-block-list\">\n<li>najeto: 69 km<\/li>\n\n\n\n<li>nejni\u017e\u0161\u00ed a nejvy\u0161\u0161\u00ed bod: 284\u2013736&nbsp;m n. m.<\/li>\n\n\n\n<li>stoup\u00e1n\u00ed: 793&nbsp;m<\/li>\n\n\n\n<li>kles\u00e1n\u00ed: 996&nbsp;m<\/li>\n<\/ul>\n\n\n<div class=\"pgc-sgb-cb wp-block-pgcsimplygalleryblock-slider \" data-gallery-id=\"fe621892\"style=&quot;min-height:400px&quot;><div class=\"sgb-preloader\" id=\"pr_fe621892\">\n\t<div class=\"sgb-square\" style=\"background:#d4d4d4\"><\/div>\n\t<div class=\"sgb-square\" style=\"background:#d4d4d4\"><\/div>\n\t<div class=\"sgb-square\" style=\"background:#d4d4d4\"><\/div>\n\t<div class=\"sgb-square\" style=\"background:#d4d4d4\"><\/div><\/div><div class=\"simply-gallery-amp pgc_sgb_slider \"><noscript><div class=\"sgb-gallery\"><div class=\"sgb-item\"><a href=\"https:\/\/www.cykloromantika.cz\/mapa-2025-0801-01\/\" target=\"_blank\"><img decoding=\"async\" alt=\"\" width=\"300\" height=\"169\" loading=\"lazy\" src=\"https:\/\/www.cykloromantika.cz\/wp-content\/uploads\/2025\/09\/mapa-2025-0801-01-300x169.jpg\" srcset=\"https:\/\/www.cykloromantika.cz\/wp-content\/uploads\/2025\/09\/mapa-2025-0801-01-300x169.jpg 300w,https:\/\/www.cykloromantika.cz\/wp-content\/uploads\/2025\/09\/mapa-2025-0801-01.jpg 1024w\" sizes=\"auto, 250px\"\/><\/a><\/div><div class=\"sgb-item\"><a href=\"https:\/\/www.cykloromantika.cz\/mapa-2025-0801-02\/\" target=\"_blank\"><img decoding=\"async\" alt=\"\" width=\"300\" height=\"200\" loading=\"lazy\" src=\"https:\/\/www.cykloromantika.cz\/wp-content\/uploads\/2025\/09\/mapa-2025-0801-02-300x200.jpg\" srcset=\"https:\/\/www.cykloromantika.cz\/wp-content\/uploads\/2025\/09\/mapa-2025-0801-02-300x200.jpg 300w,https:\/\/www.cykloromantika.cz\/wp-content\/uploads\/2025\/09\/mapa-2025-0801-02.jpg 1024w\" sizes=\"auto, 250px\"\/><\/a><\/div><div class=\"sgb-item\"><a href=\"https:\/\/www.cykloromantika.cz\/mapa-2025-0801-03\/\" target=\"_blank\"><img decoding=\"async\" alt=\"\" width=\"300\" height=\"169\" loading=\"lazy\" src=\"https:\/\/www.cykloromantika.cz\/wp-content\/uploads\/2025\/09\/mapa-2025-0801-03-300x169.jpg\" srcset=\"https:\/\/www.cykloromantika.cz\/wp-content\/uploads\/2025\/09\/mapa-2025-0801-03-300x169.jpg 300w,https:\/\/www.cykloromantika.cz\/wp-content\/uploads\/2025\/09\/mapa-2025-0801-03.jpg 1024w\" sizes=\"auto, 250px\"\/><\/a><\/div><div class=\"sgb-item\"><a href=\"https:\/\/www.cykloromantika.cz\/mapa-2025-0801-04\/\" target=\"_blank\"><img decoding=\"async\" alt=\"\" width=\"300\" height=\"200\" loading=\"lazy\" src=\"https:\/\/www.cykloromantika.cz\/wp-content\/uploads\/2025\/09\/mapa-2025-0801-04-300x200.jpg\" srcset=\"https:\/\/www.cykloromantika.cz\/wp-content\/uploads\/2025\/09\/mapa-2025-0801-04-300x200.jpg 300w,https:\/\/www.cykloromantika.cz\/wp-content\/uploads\/2025\/09\/mapa-2025-0801-04.jpg 1024w\" sizes=\"auto, 250px\"\/><\/a><\/div><div class=\"sgb-item\"><a href=\"https:\/\/www.cykloromantika.cz\/mapa-2025-0801-05\/\" target=\"_blank\"><img decoding=\"async\" alt=\"\" width=\"300\" height=\"200\" loading=\"lazy\" src=\"https:\/\/www.cykloromantika.cz\/wp-content\/uploads\/2025\/09\/mapa-2025-0801-05-300x200.jpg\" srcset=\"https:\/\/www.cykloromantika.cz\/wp-content\/uploads\/2025\/09\/mapa-2025-0801-05-300x200.jpg 300w,https:\/\/www.cykloromantika.cz\/wp-content\/uploads\/2025\/09\/mapa-2025-0801-05.jpg 1024w\" sizes=\"auto, 250px\"\/><\/a><\/div><\/div><\/noscript><\/div><script type=\"application\/json\" class=\"sgb-data\">{\"externalLinkDefName\":\"d\u00e1le\",\"captionHAlign\":\"bottom\",\"collectionthumbHoverTitleFontSize\":12,\"collectionthumbRoundedCorners\":8,\"collectionthumbHoverTitleTextBgColor\":\"rgba(0,0,0,0.44)\",\"collectionThumbSubMenuShare\":false,\"sliderAdminWidth\":0,\"collectionColumns\":2,\"autoPlay\":true,\"autoPlayDelay\":8,\"galleryType\":\"pgc_sgb_slider\",\"galleryId\":\"fe621892\",\"images\":[{\"id\":9000,\"title\":\"Mapa 2025 0801 01\",\"url\":\"https:\/\/www.cykloromantika.cz\/wp-content\/uploads\/2025\/09\/mapa-2025-0801-01.jpg\",\"link\":\"https:\/\/www.cykloromantika.cz\/mapa-2025-0801-01\/\",\"alt\":\"\",\"description\":\"\",\"caption\":\"\",\"mime\":\"image\/jpeg\",\"type\":\"image\",\"width\":1024,\"height\":576,\"sizes\":{\"thumbnail\":{\"height\":84,\"width\":150,\"url\":\"https:\/\/www.cykloromantika.cz\/wp-content\/uploads\/2025\/09\/mapa-2025-0801-01-150x84.jpg\",\"orientation\":\"landscape\"},\"medium\":{\"height\":169,\"width\":300,\"url\":\"https:\/\/www.cykloromantika.cz\/wp-content\/uploads\/2025\/09\/mapa-2025-0801-01-300x169.jpg\",\"orientation\":\"landscape\"},\"full\":{\"url\":\"https:\/\/www.cykloromantika.cz\/wp-content\/uploads\/2025\/09\/mapa-2025-0801-01.jpg\",\"height\":576,\"width\":1024,\"orientation\":\"landscape\"}},\"imageMeta\":{\"aperture\":\"0\",\"credit\":\"\",\"camera\":\"\",\"caption\":\"\",\"created_timestamp\":\"0\",\"copyright\":\"\",\"focal_length\":\"0\",\"iso\":\"0\",\"shutter_speed\":\"0\",\"title\":\"\",\"orientation\":\"0\",\"keywords\":[]},\"meta\":false,\"postlink\":\"https:\/\/www.cykloromantika.cz\/mapa-2025-0801-01\/\"},{\"id\":9001,\"title\":\"Mapa 2025 0801 02\",\"url\":\"https:\/\/www.cykloromantika.cz\/wp-content\/uploads\/2025\/09\/mapa-2025-0801-02.jpg\",\"link\":\"https:\/\/www.cykloromantika.cz\/mapa-2025-0801-02\/\",\"alt\":\"\",\"description\":\"\",\"caption\":\"\",\"mime\":\"image\/jpeg\",\"type\":\"image\",\"width\":1024,\"height\":683,\"sizes\":{\"thumbnail\":{\"height\":100,\"width\":150,\"url\":\"https:\/\/www.cykloromantika.cz\/wp-content\/uploads\/2025\/09\/mapa-2025-0801-02-150x100.jpg\",\"orientation\":\"landscape\"},\"medium\":{\"height\":200,\"width\":300,\"url\":\"https:\/\/www.cykloromantika.cz\/wp-content\/uploads\/2025\/09\/mapa-2025-0801-02-300x200.jpg\",\"orientation\":\"landscape\"},\"full\":{\"url\":\"https:\/\/www.cykloromantika.cz\/wp-content\/uploads\/2025\/09\/mapa-2025-0801-02.jpg\",\"height\":683,\"width\":1024,\"orientation\":\"landscape\"}},\"imageMeta\":{\"aperture\":\"0\",\"credit\":\"\",\"camera\":\"\",\"caption\":\"\",\"created_timestamp\":\"0\",\"copyright\":\"\",\"focal_length\":\"0\",\"iso\":\"0\",\"shutter_speed\":\"0\",\"title\":\"\",\"orientation\":\"0\",\"keywords\":[]},\"meta\":false,\"postlink\":\"https:\/\/www.cykloromantika.cz\/mapa-2025-0801-02\/\"},{\"id\":9002,\"title\":\"Mapa 2025 0801 03\",\"url\":\"https:\/\/www.cykloromantika.cz\/wp-content\/uploads\/2025\/09\/mapa-2025-0801-03.jpg\",\"link\":\"https:\/\/www.cykloromantika.cz\/mapa-2025-0801-03\/\",\"alt\":\"\",\"description\":\"\",\"caption\":\"\",\"mime\":\"image\/jpeg\",\"type\":\"image\",\"width\":1024,\"height\":576,\"sizes\":{\"thumbnail\":{\"height\":84,\"width\":150,\"url\":\"https:\/\/www.cykloromantika.cz\/wp-content\/uploads\/2025\/09\/mapa-2025-0801-03-150x84.jpg\",\"orientation\":\"landscape\"},\"medium\":{\"height\":169,\"width\":300,\"url\":\"https:\/\/www.cykloromantika.cz\/wp-content\/uploads\/2025\/09\/mapa-2025-0801-03-300x169.jpg\",\"orientation\":\"landscape\"},\"full\":{\"url\":\"https:\/\/www.cykloromantika.cz\/wp-content\/uploads\/2025\/09\/mapa-2025-0801-03.jpg\",\"height\":576,\"width\":1024,\"orientation\":\"landscape\"}},\"imageMeta\":{\"aperture\":\"0\",\"credit\":\"\",\"camera\":\"\",\"caption\":\"\",\"created_timestamp\":\"0\",\"copyright\":\"\",\"focal_length\":\"0\",\"iso\":\"0\",\"shutter_speed\":\"0\",\"title\":\"\",\"orientation\":\"0\",\"keywords\":[]},\"meta\":false,\"postlink\":\"https:\/\/www.cykloromantika.cz\/mapa-2025-0801-03\/\"},{\"id\":9003,\"title\":\"Mapa 2025 0801 04\",\"url\":\"https:\/\/www.cykloromantika.cz\/wp-content\/uploads\/2025\/09\/mapa-2025-0801-04.jpg\",\"link\":\"https:\/\/www.cykloromantika.cz\/mapa-2025-0801-04\/\",\"alt\":\"\",\"description\":\"\",\"caption\":\"\",\"mime\":\"image\/jpeg\",\"type\":\"image\",\"width\":1024,\"height\":683,\"sizes\":{\"thumbnail\":{\"height\":100,\"width\":150,\"url\":\"https:\/\/www.cykloromantika.cz\/wp-content\/uploads\/2025\/09\/mapa-2025-0801-04-150x100.jpg\",\"orientation\":\"landscape\"},\"medium\":{\"height\":200,\"width\":300,\"url\":\"https:\/\/www.cykloromantika.cz\/wp-content\/uploads\/2025\/09\/mapa-2025-0801-04-300x200.jpg\",\"orientation\":\"landscape\"},\"full\":{\"url\":\"https:\/\/www.cykloromantika.cz\/wp-content\/uploads\/2025\/09\/mapa-2025-0801-04.jpg\",\"height\":683,\"width\":1024,\"orientation\":\"landscape\"}},\"imageMeta\":{\"aperture\":\"0\",\"credit\":\"\",\"camera\":\"\",\"caption\":\"\",\"created_timestamp\":\"0\",\"copyright\":\"\",\"focal_length\":\"0\",\"iso\":\"0\",\"shutter_speed\":\"0\",\"title\":\"\",\"orientation\":\"0\",\"keywords\":[]},\"meta\":false,\"postlink\":\"https:\/\/www.cykloromantika.cz\/mapa-2025-0801-04\/\"},{\"id\":9004,\"title\":\"Mapa 2025 0801 05\",\"url\":\"https:\/\/www.cykloromantika.cz\/wp-content\/uploads\/2025\/09\/mapa-2025-0801-05.jpg\",\"link\":\"https:\/\/www.cykloromantika.cz\/mapa-2025-0801-05\/\",\"alt\":\"\",\"description\":\"\",\"caption\":\"\",\"mime\":\"image\/jpeg\",\"type\":\"image\",\"width\":1024,\"height\":683,\"sizes\":{\"thumbnail\":{\"height\":100,\"width\":150,\"url\":\"https:\/\/www.cykloromantika.cz\/wp-content\/uploads\/2025\/09\/mapa-2025-0801-05-150x100.jpg\",\"orientation\":\"landscape\"},\"medium\":{\"height\":200,\"width\":300,\"url\":\"https:\/\/www.cykloromantika.cz\/wp-content\/uploads\/2025\/09\/mapa-2025-0801-05-300x200.jpg\",\"orientation\":\"landscape\"},\"full\":{\"url\":\"https:\/\/www.cykloromantika.cz\/wp-content\/uploads\/2025\/09\/mapa-2025-0801-05.jpg\",\"height\":683,\"width\":1024,\"orientation\":\"landscape\"}},\"imageMeta\":{\"aperture\":\"0\",\"credit\":\"\",\"camera\":\"\",\"caption\":\"\",\"created_timestamp\":\"0\",\"copyright\":\"\",\"focal_length\":\"0\",\"iso\":\"0\",\"shutter_speed\":\"0\",\"title\":\"\",\"orientation\":\"0\",\"keywords\":[]},\"meta\":false,\"postlink\":\"https:\/\/www.cykloromantika.cz\/mapa-2025-0801-05\/\"}],\"orderBy\":\"title\",\"galleryBorderRadius\":8,\"shareFacebook\":false,\"shareTwitter\":false,\"sharePinterest\":false,\"sharePost\":\"postlink\",\"sliderSocialShareEnabled\":false,\"itemsMetaDataCollection\":[]}<\/script><script>(function(){if(window.PGC_SGB && window.PGC_SGB.searcher){window.PGC_SGB.searcher.initBlocks()}})()<\/script><\/div><\/div><\/div>\n\n\n\n<div class=\"wp-block-kadence-tab kt-tab-inner-content kt-inner-tab-2 kt-inner-tab86f18d-73\"><div class=\"kt-tab-inner-content-inner\">\n<p>Ramon si v&nbsp;noci odsko\u010dil na WC a b\u011bhem toho p\u0159i\u0161la siln\u00e1 bou\u0159ka. P\u011bkn\u011b vymrznul, ne\u017e p\u0159estalo pr\u0161et a bylo po v\u0161em. R\u00e1no kluci ani nev\u011b\u0159ili, \u017ee bou\u0159ka byla. Na\u0161t\u011bst\u00ed jsme spali v&nbsp;kempu a ne n\u011bkde v&nbsp;p\u0159\u00edrod\u011b. Komfort vlastn\u00ed postele se vyplatil. Dal\u0161\u00ed v\u00fdhodou byla tepl\u00e1 sn\u00eddan\u011b a k\u00e1va. A samoz\u0159ejm\u011b mo\u017enost d\u016fkladn\u00e9 rann\u00ed hygieny.<\/p>\n\n\n\n<p>Opou\u0161t\u00edme kemp, sjedeme je\u0161t\u011b do COOP pro potravinov\u00e9 dopl\u0148ky na cestu a vyr\u00e1\u017e\u00edme. Vystoup\u00e1me po panelov\u00e9 cest\u011b z&nbsp;m\u011bsta a lesem dojedeme k&nbsp;Vern\u00e9\u0159ovick\u00e9 stud\u00e1nce. V&nbsp;are\u00e1lu si nenech\u00e1me uj\u00edt prohl\u00eddku Soulkostela \u2013 soukrom\u00e9ho kostela, kter\u00fd slou\u017e\u00ed ji\u017e jen pro nez\u00e1visl\u00e9 koncerty a jako sv\u00e9r\u00e1zn\u00e9 bydlen\u00ed. P\u0159ekvapilo n\u00e1s to velmi. Dal\u0161\u00ed zast\u00e1vkou je na cest\u011b <strong>Broumov<\/strong>. Zajedeme si do Benediktinsk\u00e9ho kl\u00e1\u0161tera, projdeme si n\u00e1dvo\u0159\u00ed i zahrady. Kr\u00e1sn\u00e9 a monument\u00e1ln\u00ed m\u00edsto. Ale m\u00e1me tak\u00e9 pot\u0159eby jin\u00e9ho charakteru.<\/p>\n\n\n\n<p>V restauraci U Kostela se naj\u00edme a ne\u017e vyjedeme d\u00e1le, projdeme si d\u0159ev\u011bn\u00fd h\u0159bitovn\u00ed kostel Panny Marie ze 14.&nbsp;stolet\u00ed. Pro jeho stavbu se nepou\u017eil jedin\u00fd h\u0159eb\u00edk a stoj\u00ed dodnes. Ale to ji\u017e fr\u010d\u00edme do <strong>Mart\u00ednkovic<\/strong>, kde za\u010dne stoup\u00e1n\u00ed na Broumovsk\u00e9 st\u011bny. Stoup\u00e1n\u00ed dlouh\u00e9, ale celkem v&nbsp;klidu se dostaneme na rozcest\u00ed pod <strong>Bo\u017eanovsk\u00fdm \u0160pi\u010d\u00e1kem<\/strong>. Tam nech\u00e1v\u00e1me kola a jdeme se proj\u00edt na Jun\u00e1ckou vyhl\u00eddku.<\/p>\n\n\n\n<p>Pak to jde rychle po sob\u011b \u2013 <strong>Police nad Metuj\u00ed<\/strong>, Bezd\u011bkov nad Metuj\u00ed, \u017dabokrky a <strong>Hronov<\/strong>. P\u0159ed Jir\u00e1skov\u00fdm divadlem si ud\u011bl\u00e1me p\u0159est\u00e1vku, ale t\u00e1hne n\u00e1s to d\u00e1le. V&nbsp;<strong>N\u00e1chod\u011b <\/strong>najdeme pivovar, ale ten m\u00e1 pouze zav\u0159en\u00fd v\u00fddej piva. Na\u0161t\u011bst\u00ed kousek vedle na n\u00e1s \u010dek\u00e1 p\u0159ekvapen\u00ed \u2013 Port Artur. Pivnice, do kter\u00e9 chodil \u0160kvoreck\u00fd. Bohu\u017eel u\u017e neva\u0159\u00ed a to zcela m\u011bn\u00ed na\u0161e pl\u00e1ny. Nez\u016fstaneme V&nbsp;N\u00e1chod\u011b v&nbsp;kempu, kter\u00fd nem\u00e1 restauraci, ale rozhodneme se pot\u00e1hnout je\u0161t\u011b do velk\u00e9ho autokempu na <strong>Rozko\u0161i<\/strong>. Posledn\u00edch 12 km profr\u010d\u00edme a za p\u016flhodinu jsme u p\u0159ehrady.<\/p>\n\n\n\n<p>Ubytujeme se a jdeme hledat n\u011bco tepl\u00e9ho do \u017ealudku a televizi na sledov\u00e1n\u00ed Ban\u00edku na Legii. Projdeme toho hodn\u011b, ale nakonec se stejn\u011b vr\u00e1t\u00edme do t\u00e9 prvn\u00ed restaurace. D\u00e1me si \u0161pen\u00e1t s&nbsp;uzen\u00fdm a n\u011bjak\u00e9 pivo. Ban\u00edk n\u00e1m radost neud\u011bl\u00e1, tak si ji jdeme doplnit na diskot\u00e9ku. Hudba, pit\u00ed, biliard, fotb\u00e1lek&#8230;<\/p>\n\n\n\n<p>Span\u00ed se ten ve\u010der nekon\u00e1, leda bychom \u010das posunuli na r\u00e1no&#8230;<\/p>\n\n\n\n<h2 class=\"wp-block-heading\">Den posledn\u00ed<\/h2>\n\n\n\n<p>Dosp\u00e1v\u00e1me h\u00fd\u0159ivost a sn\u00eddani vym\u011bn\u00edme rovnou za ob\u011bd. Najdeme si vlak do Pardubic a zah\u00e1j\u00edme p\u0159esun. V&nbsp;<strong>Pardubic\u00edch<\/strong> pivo vym\u011bn\u00edme za v\u00edno (Bobo m\u00e1 radost) a pizzu. Stihneme je\u0161t\u011b jedno pivo v&nbsp;Severce, ne\u017e doraz\u00ed bou\u0159ka a val\u00edme na vlak do Ostravy&#8230;<\/p>\n<\/div><\/div>\n\n\n\n<div class=\"wp-block-kadence-tab kt-tab-inner-content kt-inner-tab-3 kt-inner-tab4c5afc-ba\"><div class=\"kt-tab-inner-content-inner\"><div class=\"pgc-sgb-cb wp-block-pgcsimplygalleryblock-justified \" data-gallery-id=\"8bd09883\"><div class=\"sgb-preloader\" id=\"pr_8bd09883\">\n\t<div class=\"sgb-square\" style=\"background:#d4d4d4\"><\/div>\n\t<div class=\"sgb-square\" style=\"background:#d4d4d4\"><\/div>\n\t<div class=\"sgb-square\" style=\"background:#d4d4d4\"><\/div>\n\t<div class=\"sgb-square\" style=\"background:#d4d4d4\"><\/div><\/div><div class=\"simply-gallery-amp pgc_sgb_slider \"><noscript><div class=\"sgb-gallery\"><div class=\"sgb-item\"><a href=\"https:\/\/www.cykloromantika.cz\/balime-to\/\" target=\"_blank\"><img decoding=\"async\" alt=\"\" width=\"225\" height=\"300\" loading=\"lazy\" src=\"https:\/\/www.cykloromantika.cz\/wp-content\/uploads\/2025\/12\/foto-2025-0731-01-225x300.jpg\" srcset=\"https:\/\/www.cykloromantika.cz\/wp-content\/uploads\/2025\/12\/foto-2025-0731-01-225x300.jpg 225w,https:\/\/www.cykloromantika.cz\/wp-content\/uploads\/2025\/12\/foto-2025-0731-01.jpg 768w\" sizes=\"auto, 250px\"\/><\/a><div class=\"sgb-item-caption\"><em>Bal\u00edme to!<\/em><\/div><\/div><div class=\"sgb-item\"><a href=\"https:\/\/www.cykloromantika.cz\/opet-u-kozicek\/\" target=\"_blank\"><img decoding=\"async\" alt=\"\" width=\"300\" height=\"169\" loading=\"lazy\" src=\"https:\/\/www.cykloromantika.cz\/wp-content\/uploads\/2025\/12\/foto-2025-0731-02-300x169.jpg\" srcset=\"https:\/\/www.cykloromantika.cz\/wp-content\/uploads\/2025\/12\/foto-2025-0731-02-300x169.jpg 300w,https:\/\/www.cykloromantika.cz\/wp-content\/uploads\/2025\/12\/foto-2025-0731-02.jpg 1024w\" sizes=\"auto, 250px\"\/><\/a><div class=\"sgb-item-caption\"><em>Op\u011bt U kozi\u010dek<\/em><\/div><\/div><div class=\"sgb-item\"><a href=\"https:\/\/www.cykloromantika.cz\/zamek-v-teplicich-nad-metuji\/\" target=\"_blank\"><img decoding=\"async\" alt=\"\" width=\"300\" height=\"169\" loading=\"lazy\" src=\"https:\/\/www.cykloromantika.cz\/wp-content\/uploads\/2025\/12\/foto-2025-0731-03-300x169.jpg\" srcset=\"https:\/\/www.cykloromantika.cz\/wp-content\/uploads\/2025\/12\/foto-2025-0731-03-300x169.jpg 300w,https:\/\/www.cykloromantika.cz\/wp-content\/uploads\/2025\/12\/foto-2025-0731-03.jpg 1024w\" sizes=\"auto, 250px\"\/><\/a><div class=\"sgb-item-caption\"><em>Z\u00e1mek v Teplic\u00edch nad Metuj\u00ed<\/em><\/div><\/div><div class=\"sgb-item\"><a href=\"https:\/\/www.cykloromantika.cz\/kostel-panny-marie-pomocne-tzv-soulkostel-ve-vernerovicich\/\" target=\"_blank\"><img decoding=\"async\" alt=\"\" width=\"225\" height=\"300\" loading=\"lazy\" src=\"https:\/\/www.cykloromantika.cz\/wp-content\/uploads\/2025\/12\/foto-2025-0731-04-225x300.jpg\" srcset=\"https:\/\/www.cykloromantika.cz\/wp-content\/uploads\/2025\/12\/foto-2025-0731-04-225x300.jpg 225w,https:\/\/www.cykloromantika.cz\/wp-content\/uploads\/2025\/12\/foto-2025-0731-04.jpg 768w\" sizes=\"auto, 250px\"\/><\/a><div class=\"sgb-item-caption\"><em>Kostel Panny Marie Pomocn\u00e9, tzv. Soulkostel ve Vern\u00e9\u0159ovic\u00edch<\/em><\/div><\/div><div class=\"sgb-item\"><a href=\"https:\/\/www.cykloromantika.cz\/opravdu-soulkostel\/\" target=\"_blank\"><img decoding=\"async\" alt=\"\" width=\"300\" height=\"169\" loading=\"lazy\" src=\"https:\/\/www.cykloromantika.cz\/wp-content\/uploads\/2025\/12\/foto-2025-0731-05-300x169.jpg\" srcset=\"https:\/\/www.cykloromantika.cz\/wp-content\/uploads\/2025\/12\/foto-2025-0731-05-300x169.jpg 300w,https:\/\/www.cykloromantika.cz\/wp-content\/uploads\/2025\/12\/foto-2025-0731-05.jpg 1024w\" sizes=\"auto, 250px\"\/><\/a><div class=\"sgb-item-caption\"><em>Opravdu Soulkostel<\/em><\/div><\/div><div class=\"sgb-item\"><a href=\"https:\/\/www.cykloromantika.cz\/na-dydzejskem-kuru\/\" target=\"_blank\"><img decoding=\"async\" alt=\"\" width=\"300\" height=\"169\" loading=\"lazy\" src=\"https:\/\/www.cykloromantika.cz\/wp-content\/uploads\/2025\/12\/foto-2025-0731-06-300x169.jpg\" srcset=\"https:\/\/www.cykloromantika.cz\/wp-content\/uploads\/2025\/12\/foto-2025-0731-06-300x169.jpg 300w,https:\/\/www.cykloromantika.cz\/wp-content\/uploads\/2025\/12\/foto-2025-0731-06.jpg 1024w\" sizes=\"auto, 250px\"\/><\/a><div class=\"sgb-item-caption\"><em>Na d\u00fdd\u017eejsk\u00e9m k\u016fru<\/em><\/div><\/div><div class=\"sgb-item\"><a href=\"https:\/\/www.cykloromantika.cz\/zrekonstruovano-k-obrazu-majitelu\/\" target=\"_blank\"><img decoding=\"async\" alt=\"\" width=\"300\" height=\"225\" loading=\"lazy\" src=\"https:\/\/www.cykloromantika.cz\/wp-content\/uploads\/2025\/12\/foto-2025-0731-07-300x225.jpg\" srcset=\"https:\/\/www.cykloromantika.cz\/wp-content\/uploads\/2025\/12\/foto-2025-0731-07-300x225.jpg 300w,https:\/\/www.cykloromantika.cz\/wp-content\/uploads\/2025\/12\/foto-2025-0731-07.jpg 1024w\" sizes=\"auto, 250px\"\/><\/a><div class=\"sgb-item-caption\"><em>Zrekonstruov\u00e1no k obrazu majitel\u016f<\/em><\/div><\/div><div class=\"sgb-item\"><a href=\"https:\/\/www.cykloromantika.cz\/svate-misto-v-soulkostele\/\" target=\"_blank\"><img decoding=\"async\" alt=\"\" width=\"169\" height=\"300\" loading=\"lazy\" src=\"https:\/\/www.cykloromantika.cz\/wp-content\/uploads\/2025\/12\/foto-2025-0731-08-169x300.jpg\" srcset=\"https:\/\/www.cykloromantika.cz\/wp-content\/uploads\/2025\/12\/foto-2025-0731-08-169x300.jpg 169w,https:\/\/www.cykloromantika.cz\/wp-content\/uploads\/2025\/12\/foto-2025-0731-08.jpg 577w\" sizes=\"auto, 250px\"\/><\/a><div class=\"sgb-item-caption\"><em>Svat\u00e9 m\u00edsto v Soulkostele:-)<\/em><\/div><\/div><div class=\"sgb-item\"><a href=\"https:\/\/www.cykloromantika.cz\/jsme-fascinovani\/\" target=\"_blank\"><img decoding=\"async\" alt=\"\" width=\"225\" height=\"300\" loading=\"lazy\" src=\"https:\/\/www.cykloromantika.cz\/wp-content\/uploads\/2025\/12\/foto-2025-0731-09-225x300.jpg\" srcset=\"https:\/\/www.cykloromantika.cz\/wp-content\/uploads\/2025\/12\/foto-2025-0731-09-225x300.jpg 225w,https:\/\/www.cykloromantika.cz\/wp-content\/uploads\/2025\/12\/foto-2025-0731-09.jpg 768w\" sizes=\"auto, 250px\"\/><\/a><div class=\"sgb-item-caption\"><em>Jsme fascinov\u00e1ni!<\/em><\/div><\/div><div class=\"sgb-item\"><a href=\"https:\/\/www.cykloromantika.cz\/v-kostele-nesmi-chybet-bar\/\" target=\"_blank\"><img decoding=\"async\" alt=\"\" width=\"300\" height=\"169\" loading=\"lazy\" src=\"https:\/\/www.cykloromantika.cz\/wp-content\/uploads\/2025\/12\/foto-2025-0731-10-300x169.jpg\" srcset=\"https:\/\/www.cykloromantika.cz\/wp-content\/uploads\/2025\/12\/foto-2025-0731-10-300x169.jpg 300w,https:\/\/www.cykloromantika.cz\/wp-content\/uploads\/2025\/12\/foto-2025-0731-10.jpg 1024w\" sizes=\"auto, 250px\"\/><\/a><div class=\"sgb-item-caption\"><em>V kostele nesm\u00ed chyb\u011bt bar...<\/em><\/div><\/div><div class=\"sgb-item\"><a href=\"https:\/\/www.cykloromantika.cz\/a-prezouvarna\/\" target=\"_blank\"><img decoding=\"async\" alt=\"\" width=\"300\" height=\"225\" loading=\"lazy\" src=\"https:\/\/www.cykloromantika.cz\/wp-content\/uploads\/2025\/12\/foto-2025-0731-11-300x225.jpg\" srcset=\"https:\/\/www.cykloromantika.cz\/wp-content\/uploads\/2025\/12\/foto-2025-0731-11-300x225.jpg 300w,https:\/\/www.cykloromantika.cz\/wp-content\/uploads\/2025\/12\/foto-2025-0731-11.jpg 1024w\" sizes=\"auto, 250px\"\/><\/a><div class=\"sgb-item-caption\"><em>... a p\u0159ezouv\u00e1rna!<\/em><\/div><\/div><div class=\"sgb-item\"><a href=\"https:\/\/www.cykloromantika.cz\/foto-2025-0731-12\/\" target=\"_blank\"><img decoding=\"async\" alt=\"\" width=\"225\" height=\"300\" loading=\"lazy\" src=\"https:\/\/www.cykloromantika.cz\/wp-content\/uploads\/2025\/12\/foto-2025-0731-12-225x300.jpg\" srcset=\"https:\/\/www.cykloromantika.cz\/wp-content\/uploads\/2025\/12\/foto-2025-0731-12-225x300.jpg 225w,https:\/\/www.cykloromantika.cz\/wp-content\/uploads\/2025\/12\/foto-2025-0731-12.jpg 768w\" sizes=\"auto, 250px\"\/><\/a><\/div><div class=\"sgb-item\"><a href=\"https:\/\/www.cykloromantika.cz\/foto-2025-0731-13\/\" target=\"_blank\"><img decoding=\"async\" alt=\"\" width=\"225\" height=\"300\" loading=\"lazy\" src=\"https:\/\/www.cykloromantika.cz\/wp-content\/uploads\/2025\/12\/foto-2025-0731-13-225x300.jpg\" srcset=\"https:\/\/www.cykloromantika.cz\/wp-content\/uploads\/2025\/12\/foto-2025-0731-13-225x300.jpg 225w,https:\/\/www.cykloromantika.cz\/wp-content\/uploads\/2025\/12\/foto-2025-0731-13.jpg 768w\" sizes=\"auto, 250px\"\/><\/a><\/div><div class=\"sgb-item\"><a href=\"https:\/\/www.cykloromantika.cz\/neplacte-nade-mnou-ale-placte-nad-sebou-a-nad-svymi-hrichy\/\" target=\"_blank\"><img decoding=\"async\" alt=\"\" width=\"300\" height=\"225\" loading=\"lazy\" src=\"https:\/\/www.cykloromantika.cz\/wp-content\/uploads\/2025\/12\/foto-2025-0731-14-300x225.jpg\" srcset=\"https:\/\/www.cykloromantika.cz\/wp-content\/uploads\/2025\/12\/foto-2025-0731-14-300x225.jpg 300w,https:\/\/www.cykloromantika.cz\/wp-content\/uploads\/2025\/12\/foto-2025-0731-14.jpg 1024w\" sizes=\"auto, 250px\"\/><\/a><div class=\"sgb-item-caption\"><em>\u201eNepla\u010dte nade mnou, ale pla\u010dte nad sebou a nad sv\u00fdmi h\u0159\u00edchy.\u201c<\/em><\/div><\/div><div class=\"sgb-item\"><a href=\"https:\/\/www.cykloromantika.cz\/kostel-panny-marie-pomocne-tzv-soulkostel-ve-vernerovicich-2\/\" target=\"_blank\"><img decoding=\"async\" alt=\"\" width=\"300\" height=\"169\" loading=\"lazy\" src=\"https:\/\/www.cykloromantika.cz\/wp-content\/uploads\/2025\/12\/foto-2025-0731-15-300x169.jpg\" srcset=\"https:\/\/www.cykloromantika.cz\/wp-content\/uploads\/2025\/12\/foto-2025-0731-15-300x169.jpg 300w,https:\/\/www.cykloromantika.cz\/wp-content\/uploads\/2025\/12\/foto-2025-0731-15.jpg 1024w\" sizes=\"auto, 250px\"\/><\/a><div class=\"sgb-item-caption\"><em>Kostel Panny Marie Pomocn\u00e9, tzv. Soulkostel ve Vern\u00e9\u0159ovic\u00edch<\/em><\/div><\/div><div class=\"sgb-item\"><a href=\"https:\/\/www.cykloromantika.cz\/foto-2025-0731-16\/\" target=\"_blank\"><img decoding=\"async\" alt=\"\" width=\"169\" height=\"300\" loading=\"lazy\" src=\"https:\/\/www.cykloromantika.cz\/wp-content\/uploads\/2025\/12\/foto-2025-0731-16-169x300.jpg\" srcset=\"https:\/\/www.cykloromantika.cz\/wp-content\/uploads\/2025\/12\/foto-2025-0731-16-169x300.jpg 169w,https:\/\/www.cykloromantika.cz\/wp-content\/uploads\/2025\/12\/foto-2025-0731-16.jpg 577w\" sizes=\"auto, 250px\"\/><\/a><\/div><div class=\"sgb-item\"><a href=\"https:\/\/www.cykloromantika.cz\/vernerovicka-studanka-u-kostela\/\" target=\"_blank\"><img decoding=\"async\" alt=\"\" width=\"225\" height=\"300\" loading=\"lazy\" src=\"https:\/\/www.cykloromantika.cz\/wp-content\/uploads\/2025\/12\/foto-2025-0731-17-225x300.jpg\" srcset=\"https:\/\/www.cykloromantika.cz\/wp-content\/uploads\/2025\/12\/foto-2025-0731-17-225x300.jpg 225w,https:\/\/www.cykloromantika.cz\/wp-content\/uploads\/2025\/12\/foto-2025-0731-17.jpg 768w\" sizes=\"auto, 250px\"\/><\/a><div class=\"sgb-item-caption\"><em>Vern\u00e9\u0159ovick\u00e1 stud\u00e1nka u kostela<\/em><\/div><\/div><div class=\"sgb-item\"><a href=\"https:\/\/www.cykloromantika.cz\/posta-vernerovice-1\/\" target=\"_blank\"><img decoding=\"async\" alt=\"\" width=\"300\" height=\"200\" loading=\"lazy\" src=\"https:\/\/www.cykloromantika.cz\/wp-content\/uploads\/2025\/12\/foto-2025-0731-18-300x200.jpg\" srcset=\"https:\/\/www.cykloromantika.cz\/wp-content\/uploads\/2025\/12\/foto-2025-0731-18-300x200.jpg 300w,https:\/\/www.cykloromantika.cz\/wp-content\/uploads\/2025\/12\/foto-2025-0731-18.jpg 1024w\" sizes=\"auto, 250px\"\/><\/a><div class=\"sgb-item-caption\"><em>Po\u0161ta Vern\u00e9\u0159ovice 1<\/em><\/div><\/div><div class=\"sgb-item\"><a href=\"https:\/\/www.cykloromantika.cz\/hrbitov-u-kostela-sv-michaela-archandela\/\" target=\"_blank\"><img decoding=\"async\" alt=\"\" width=\"300\" height=\"200\" loading=\"lazy\" src=\"https:\/\/www.cykloromantika.cz\/wp-content\/uploads\/2025\/12\/foto-2025-0731-19-300x200.jpg\" srcset=\"https:\/\/www.cykloromantika.cz\/wp-content\/uploads\/2025\/12\/foto-2025-0731-19-300x200.jpg 300w,https:\/\/www.cykloromantika.cz\/wp-content\/uploads\/2025\/12\/foto-2025-0731-19.jpg 1024w\" sizes=\"auto, 250px\"\/><\/a><div class=\"sgb-item-caption\"><em>H\u0159bitov u kostela sv. Michaela archand\u011bla<\/em><\/div><\/div><div class=\"sgb-item\"><a href=\"https:\/\/www.cykloromantika.cz\/kostel-sv-michaela-archandela-ve-vernerovicich\/\" target=\"_blank\"><img decoding=\"async\" alt=\"\" width=\"300\" height=\"225\" loading=\"lazy\" src=\"https:\/\/www.cykloromantika.cz\/wp-content\/uploads\/2025\/12\/foto-2025-0731-20-300x225.jpg\" srcset=\"https:\/\/www.cykloromantika.cz\/wp-content\/uploads\/2025\/12\/foto-2025-0731-20-300x225.jpg 300w,https:\/\/www.cykloromantika.cz\/wp-content\/uploads\/2025\/12\/foto-2025-0731-20.jpg 1024w\" sizes=\"auto, 250px\"\/><\/a><div class=\"sgb-item-caption\"><em>Kostel sv. Michaela archand\u011bla ve Vern\u00e9\u0159ovic\u00edch<\/em><\/div><\/div><div class=\"sgb-item\"><a href=\"https:\/\/www.cykloromantika.cz\/kostel-sv-michaela-archandela-ve-vernerovicich-2\/\" target=\"_blank\"><img decoding=\"async\" alt=\"\" width=\"169\" height=\"300\" loading=\"lazy\" src=\"https:\/\/www.cykloromantika.cz\/wp-content\/uploads\/2025\/12\/foto-2025-0731-21-169x300.jpg\" srcset=\"https:\/\/www.cykloromantika.cz\/wp-content\/uploads\/2025\/12\/foto-2025-0731-21-169x300.jpg 169w,https:\/\/www.cykloromantika.cz\/wp-content\/uploads\/2025\/12\/foto-2025-0731-21.jpg 577w\" sizes=\"auto, 250px\"\/><\/a><div class=\"sgb-item-caption\"><em>Kostel sv. Michaela archand\u011bla ve Vern\u00e9\u0159ovic\u00edch<\/em><\/div><\/div><div class=\"sgb-item\"><a href=\"https:\/\/www.cykloromantika.cz\/kaple-ve-vernerovicich\/\" target=\"_blank\"><img decoding=\"async\" alt=\"\" width=\"225\" height=\"300\" loading=\"lazy\" src=\"https:\/\/www.cykloromantika.cz\/wp-content\/uploads\/2025\/12\/foto-2025-0731-22-225x300.jpg\" srcset=\"https:\/\/www.cykloromantika.cz\/wp-content\/uploads\/2025\/12\/foto-2025-0731-22-225x300.jpg 225w,https:\/\/www.cykloromantika.cz\/wp-content\/uploads\/2025\/12\/foto-2025-0731-22.jpg 768w\" sizes=\"auto, 250px\"\/><\/a><div class=\"sgb-item-caption\"><em>Kaple ve Vern\u00e9\u0159ovic\u00edch<\/em><\/div><\/div><div class=\"sgb-item\"><a href=\"https:\/\/www.cykloromantika.cz\/mirove-namesti-v-broumove\/\" target=\"_blank\"><img decoding=\"async\" alt=\"\" width=\"300\" height=\"200\" loading=\"lazy\" src=\"https:\/\/www.cykloromantika.cz\/wp-content\/uploads\/2025\/12\/foto-2025-0731-23-300x200.jpg\" srcset=\"https:\/\/www.cykloromantika.cz\/wp-content\/uploads\/2025\/12\/foto-2025-0731-23-300x200.jpg 300w,https:\/\/www.cykloromantika.cz\/wp-content\/uploads\/2025\/12\/foto-2025-0731-23.jpg 1024w\" sizes=\"auto, 250px\"\/><\/a><div class=\"sgb-item-caption\"><em>M\u00edrov\u00e9 n\u00e1m\u011bst\u00ed v Broumov\u011b<\/em><\/div><\/div><div class=\"sgb-item\"><a href=\"https:\/\/www.cykloromantika.cz\/mirove-namesti-v-broumove-2\/\" target=\"_blank\"><img decoding=\"async\" alt=\"\" width=\"300\" height=\"200\" loading=\"lazy\" src=\"https:\/\/www.cykloromantika.cz\/wp-content\/uploads\/2025\/12\/foto-2025-0731-24-300x200.jpg\" srcset=\"https:\/\/www.cykloromantika.cz\/wp-content\/uploads\/2025\/12\/foto-2025-0731-24-300x200.jpg 300w,https:\/\/www.cykloromantika.cz\/wp-content\/uploads\/2025\/12\/foto-2025-0731-24.jpg 1024w\" sizes=\"auto, 250px\"\/><\/a><div class=\"sgb-item-caption\"><em>M\u00edrov\u00e9 n\u00e1m\u011bst\u00ed v Broumov\u011b<\/em><\/div><\/div><div class=\"sgb-item\"><a href=\"https:\/\/www.cykloromantika.cz\/mariansky-sloup-v-broumove\/\" target=\"_blank\"><img decoding=\"async\" alt=\"\" width=\"169\" height=\"300\" loading=\"lazy\" src=\"https:\/\/www.cykloromantika.cz\/wp-content\/uploads\/2025\/12\/foto-2025-0731-25-169x300.jpg\" srcset=\"https:\/\/www.cykloromantika.cz\/wp-content\/uploads\/2025\/12\/foto-2025-0731-25-169x300.jpg 169w,https:\/\/www.cykloromantika.cz\/wp-content\/uploads\/2025\/12\/foto-2025-0731-25.jpg 577w\" sizes=\"auto, 250px\"\/><\/a><div class=\"sgb-item-caption\"><em>Mari\u00e1nsk\u00fd sloup v Broumov\u011b<\/em><\/div><\/div><div class=\"sgb-item\"><a href=\"https:\/\/www.cykloromantika.cz\/benediktinsky-klaster-v-broumove\/\" target=\"_blank\"><img decoding=\"async\" alt=\"\" width=\"300\" height=\"169\" loading=\"lazy\" src=\"https:\/\/www.cykloromantika.cz\/wp-content\/uploads\/2025\/12\/foto-2025-0731-26-300x169.jpg\" srcset=\"https:\/\/www.cykloromantika.cz\/wp-content\/uploads\/2025\/12\/foto-2025-0731-26-300x169.jpg 300w,https:\/\/www.cykloromantika.cz\/wp-content\/uploads\/2025\/12\/foto-2025-0731-26.jpg 1024w\" sizes=\"auto, 250px\"\/><\/a><div class=\"sgb-item-caption\"><em>Benediktinsk\u00fd kl\u00e1\u0161ter v Broumov\u011b<\/em><\/div><\/div><div class=\"sgb-item\"><a href=\"https:\/\/www.cykloromantika.cz\/klasterni-kostel-sv-vojtecha-v-broumove\/\" target=\"_blank\"><img decoding=\"async\" alt=\"\" width=\"225\" height=\"300\" loading=\"lazy\" src=\"https:\/\/www.cykloromantika.cz\/wp-content\/uploads\/2025\/12\/foto-2025-0731-27-225x300.jpg\" srcset=\"https:\/\/www.cykloromantika.cz\/wp-content\/uploads\/2025\/12\/foto-2025-0731-27-225x300.jpg 225w,https:\/\/www.cykloromantika.cz\/wp-content\/uploads\/2025\/12\/foto-2025-0731-27.jpg 768w\" sizes=\"auto, 250px\"\/><\/a><div class=\"sgb-item-caption\"><em>Kl\u00e1\u0161tern\u00ed kostel sv. Vojt\u011bcha v Broumov\u011b<\/em><\/div><\/div><div class=\"sgb-item\"><a href=\"https:\/\/www.cykloromantika.cz\/foto-2025-0731-28\/\" target=\"_blank\"><img decoding=\"async\" alt=\"\" width=\"169\" height=\"300\" loading=\"lazy\" src=\"https:\/\/www.cykloromantika.cz\/wp-content\/uploads\/2025\/12\/foto-2025-0731-28-169x300.jpg\" srcset=\"https:\/\/www.cykloromantika.cz\/wp-content\/uploads\/2025\/12\/foto-2025-0731-28-169x300.jpg 169w,https:\/\/www.cykloromantika.cz\/wp-content\/uploads\/2025\/12\/foto-2025-0731-28.jpg 577w\" sizes=\"auto, 250px\"\/><\/a><\/div><div class=\"sgb-item\"><a href=\"https:\/\/www.cykloromantika.cz\/benediktinsky-klaster-v-broumove-2\/\" target=\"_blank\"><img decoding=\"async\" alt=\"\" width=\"300\" height=\"225\" loading=\"lazy\" src=\"https:\/\/www.cykloromantika.cz\/wp-content\/uploads\/2025\/12\/foto-2025-0731-29-300x225.jpg\" srcset=\"https:\/\/www.cykloromantika.cz\/wp-content\/uploads\/2025\/12\/foto-2025-0731-29-300x225.jpg 300w,https:\/\/www.cykloromantika.cz\/wp-content\/uploads\/2025\/12\/foto-2025-0731-29.jpg 1024w\" sizes=\"auto, 250px\"\/><\/a><div class=\"sgb-item-caption\"><em>Benediktinsk\u00fd kl\u00e1\u0161ter v Broumov\u011b<\/em><\/div><\/div><div class=\"sgb-item\"><a href=\"https:\/\/www.cykloromantika.cz\/klasterni-kostel-sv-vojtecha-v-broumove-2\/\" target=\"_blank\"><img decoding=\"async\" alt=\"\" width=\"225\" height=\"300\" loading=\"lazy\" src=\"https:\/\/www.cykloromantika.cz\/wp-content\/uploads\/2025\/12\/foto-2025-0731-30-225x300.jpg\" srcset=\"https:\/\/www.cykloromantika.cz\/wp-content\/uploads\/2025\/12\/foto-2025-0731-30-225x300.jpg 225w,https:\/\/www.cykloromantika.cz\/wp-content\/uploads\/2025\/12\/foto-2025-0731-30.jpg 768w\" sizes=\"auto, 250px\"\/><\/a><div class=\"sgb-item-caption\"><em>Kl\u00e1\u0161tern\u00ed kostel sv. Vojt\u011bcha v Broumov\u011b<\/em><\/div><\/div><div class=\"sgb-item\"><a href=\"https:\/\/www.cykloromantika.cz\/svaty-bohumil-v-rohu\/\" target=\"_blank\"><img decoding=\"async\" alt=\"\" width=\"300\" height=\"169\" loading=\"lazy\" src=\"https:\/\/www.cykloromantika.cz\/wp-content\/uploads\/2025\/12\/foto-2025-0731-31-300x169.jpg\" srcset=\"https:\/\/www.cykloromantika.cz\/wp-content\/uploads\/2025\/12\/foto-2025-0731-31-300x169.jpg 300w,https:\/\/www.cykloromantika.cz\/wp-content\/uploads\/2025\/12\/foto-2025-0731-31.jpg 1024w\" sizes=\"auto, 250px\"\/><\/a><div class=\"sgb-item-caption\"><em>Svat\u00fd Bohumil v rohu<\/em><\/div><\/div><div class=\"sgb-item\"><a href=\"https:\/\/www.cykloromantika.cz\/nadvori-benediktinskeho-klastera-v-broumove\/\" target=\"_blank\"><img decoding=\"async\" alt=\"\" width=\"300\" height=\"169\" loading=\"lazy\" src=\"https:\/\/www.cykloromantika.cz\/wp-content\/uploads\/2025\/12\/foto-2025-0731-32-300x169.jpg\" srcset=\"https:\/\/www.cykloromantika.cz\/wp-content\/uploads\/2025\/12\/foto-2025-0731-32-300x169.jpg 300w,https:\/\/www.cykloromantika.cz\/wp-content\/uploads\/2025\/12\/foto-2025-0731-32.jpg 1024w\" sizes=\"auto, 250px\"\/><\/a><div class=\"sgb-item-caption\"><em>N\u00e1dvo\u0159\u00ed benediktinsk\u00e9ho kl\u00e1\u0161tera v Broumov\u011b<\/em><\/div><\/div><div class=\"sgb-item\"><a href=\"https:\/\/www.cykloromantika.cz\/galerie-dum-v-klasterni-zahrade\/\" target=\"_blank\"><img decoding=\"async\" alt=\"\" width=\"300\" height=\"169\" loading=\"lazy\" src=\"https:\/\/www.cykloromantika.cz\/wp-content\/uploads\/2025\/12\/foto-2025-0731-33-300x169.jpg\" srcset=\"https:\/\/www.cykloromantika.cz\/wp-content\/uploads\/2025\/12\/foto-2025-0731-33-300x169.jpg 300w,https:\/\/www.cykloromantika.cz\/wp-content\/uploads\/2025\/12\/foto-2025-0731-33.jpg 1024w\" sizes=\"auto, 250px\"\/><\/a><div class=\"sgb-item-caption\"><em>Galerie D\u016fm v kl\u00e1\u0161tern\u00ed zahrad\u011b<\/em><\/div><\/div><div class=\"sgb-item\"><a href=\"https:\/\/www.cykloromantika.cz\/benediktinsky-klaster-v-broumove-3\/\" target=\"_blank\"><img decoding=\"async\" alt=\"\" width=\"300\" height=\"169\" loading=\"lazy\" src=\"https:\/\/www.cykloromantika.cz\/wp-content\/uploads\/2025\/12\/foto-2025-0731-34-300x169.jpg\" srcset=\"https:\/\/www.cykloromantika.cz\/wp-content\/uploads\/2025\/12\/foto-2025-0731-34-300x169.jpg 300w,https:\/\/www.cykloromantika.cz\/wp-content\/uploads\/2025\/12\/foto-2025-0731-34.jpg 1024w\" sizes=\"auto, 250px\"\/><\/a><div class=\"sgb-item-caption\"><em>Benediktinsk\u00fd kl\u00e1\u0161ter v Broumov\u011b<\/em><\/div><\/div><div class=\"sgb-item\"><a href=\"https:\/\/www.cykloromantika.cz\/nadvori-benediktinskeho-klastera-v-broumove-2\/\" target=\"_blank\"><img decoding=\"async\" alt=\"\" width=\"225\" height=\"300\" loading=\"lazy\" src=\"https:\/\/www.cykloromantika.cz\/wp-content\/uploads\/2025\/12\/foto-2025-0731-35-225x300.jpg\" srcset=\"https:\/\/www.cykloromantika.cz\/wp-content\/uploads\/2025\/12\/foto-2025-0731-35-225x300.jpg 225w,https:\/\/www.cykloromantika.cz\/wp-content\/uploads\/2025\/12\/foto-2025-0731-35.jpg 768w\" sizes=\"auto, 250px\"\/><\/a><div class=\"sgb-item-caption\"><em>N\u00e1dvo\u0159\u00ed benediktinsk\u00e9ho kl\u00e1\u0161tera v Broumov\u011b<\/em><\/div><\/div><div class=\"sgb-item\"><a href=\"https:\/\/www.cykloromantika.cz\/dreveny-hrbitovni-kostel-panny-marie-v-broumove\/\" target=\"_blank\"><img decoding=\"async\" alt=\"\" width=\"225\" height=\"300\" loading=\"lazy\" src=\"https:\/\/www.cykloromantika.cz\/wp-content\/uploads\/2025\/12\/foto-2025-0731-36-225x300.jpg\" srcset=\"https:\/\/www.cykloromantika.cz\/wp-content\/uploads\/2025\/12\/foto-2025-0731-36-225x300.jpg 225w,https:\/\/www.cykloromantika.cz\/wp-content\/uploads\/2025\/12\/foto-2025-0731-36.jpg 768w\" sizes=\"auto, 250px\"\/><\/a><div class=\"sgb-item-caption\"><em>D\u0159ev\u011bn\u00fd h\u0159bitovn\u00ed kostel Panny Marie v Broumov\u011b<\/em><\/div><\/div><div class=\"sgb-item\"><a href=\"https:\/\/www.cykloromantika.cz\/dreveny-hrbitovni-kostel-panny-marie-v-broumove-2\/\" target=\"_blank\"><img decoding=\"async\" alt=\"\" width=\"300\" height=\"169\" loading=\"lazy\" src=\"https:\/\/www.cykloromantika.cz\/wp-content\/uploads\/2025\/12\/foto-2025-0731-37-300x169.jpg\" srcset=\"https:\/\/www.cykloromantika.cz\/wp-content\/uploads\/2025\/12\/foto-2025-0731-37-300x169.jpg 300w,https:\/\/www.cykloromantika.cz\/wp-content\/uploads\/2025\/12\/foto-2025-0731-37.jpg 1024w\" sizes=\"auto, 250px\"\/><\/a><div class=\"sgb-item-caption\"><em>D\u0159ev\u011bn\u00fd h\u0159bitovn\u00ed kostel Panny Marie v Broumov\u011b<\/em><\/div><\/div><div class=\"sgb-item\"><a href=\"https:\/\/www.cykloromantika.cz\/podloubi-s-hroby\/\" target=\"_blank\"><img decoding=\"async\" alt=\"\" width=\"300\" height=\"169\" loading=\"lazy\" src=\"https:\/\/www.cykloromantika.cz\/wp-content\/uploads\/2025\/12\/foto-2025-0731-38-300x169.jpg\" srcset=\"https:\/\/www.cykloromantika.cz\/wp-content\/uploads\/2025\/12\/foto-2025-0731-38-300x169.jpg 300w,https:\/\/www.cykloromantika.cz\/wp-content\/uploads\/2025\/12\/foto-2025-0731-38.jpg 1024w\" sizes=\"auto, 250px\"\/><\/a><div class=\"sgb-item-caption\"><em>Podloub\u00ed s hroby<\/em><\/div><\/div><div class=\"sgb-item\"><a href=\"https:\/\/www.cykloromantika.cz\/dreveny-hrbitovni-kostel-panny-marie-v-broumove-3\/\" target=\"_blank\"><img decoding=\"async\" alt=\"\" width=\"169\" height=\"300\" loading=\"lazy\" src=\"https:\/\/www.cykloromantika.cz\/wp-content\/uploads\/2025\/12\/foto-2025-0731-39-169x300.jpg\" srcset=\"https:\/\/www.cykloromantika.cz\/wp-content\/uploads\/2025\/12\/foto-2025-0731-39-169x300.jpg 169w,https:\/\/www.cykloromantika.cz\/wp-content\/uploads\/2025\/12\/foto-2025-0731-39.jpg 577w\" sizes=\"auto, 250px\"\/><\/a><div class=\"sgb-item-caption\"><em>D\u0159ev\u011bn\u00fd h\u0159bitovn\u00ed kostel Panny Marie v Broumov\u011b<\/em><\/div><\/div><div class=\"sgb-item\"><a href=\"https:\/\/www.cykloromantika.cz\/oltar-drevenneho-kostela-v-broumove\/\" target=\"_blank\"><img decoding=\"async\" alt=\"\" width=\"300\" height=\"225\" loading=\"lazy\" src=\"https:\/\/www.cykloromantika.cz\/wp-content\/uploads\/2025\/12\/foto-2025-0731-40-300x225.jpg\" srcset=\"https:\/\/www.cykloromantika.cz\/wp-content\/uploads\/2025\/12\/foto-2025-0731-40-300x225.jpg 300w,https:\/\/www.cykloromantika.cz\/wp-content\/uploads\/2025\/12\/foto-2025-0731-40.jpg 1024w\" sizes=\"auto, 250px\"\/><\/a><div class=\"sgb-item-caption\"><em>Olt\u00e1\u0159 d\u0159ev\u011bnn\u00e9ho kostela v Broumov\u011b<\/em><\/div><\/div><div class=\"sgb-item\"><a href=\"https:\/\/www.cykloromantika.cz\/dreveny-hrbitovni-kostel-panny-marie-v-broumove-4\/\" target=\"_blank\"><img decoding=\"async\" alt=\"\" width=\"300\" height=\"169\" loading=\"lazy\" src=\"https:\/\/www.cykloromantika.cz\/wp-content\/uploads\/2025\/12\/foto-2025-0731-41-300x169.jpg\" srcset=\"https:\/\/www.cykloromantika.cz\/wp-content\/uploads\/2025\/12\/foto-2025-0731-41-300x169.jpg 300w,https:\/\/www.cykloromantika.cz\/wp-content\/uploads\/2025\/12\/foto-2025-0731-41.jpg 1024w\" sizes=\"auto, 250px\"\/><\/a><div class=\"sgb-item-caption\"><em>D\u0159ev\u011bn\u00fd h\u0159bitovn\u00ed kostel Panny Marie v Broumov\u011b<\/em><\/div><\/div><div class=\"sgb-item\"><a href=\"https:\/\/www.cykloromantika.cz\/vyjizdime-na-broumovske-steny\/\" target=\"_blank\"><img decoding=\"async\" alt=\"\" width=\"300\" height=\"169\" loading=\"lazy\" src=\"https:\/\/www.cykloromantika.cz\/wp-content\/uploads\/2025\/12\/foto-2025-0731-42-300x169.jpg\" srcset=\"https:\/\/www.cykloromantika.cz\/wp-content\/uploads\/2025\/12\/foto-2025-0731-42-300x169.jpg 300w,https:\/\/www.cykloromantika.cz\/wp-content\/uploads\/2025\/12\/foto-2025-0731-42.jpg 1024w\" sizes=\"auto, 250px\"\/><\/a><div class=\"sgb-item-caption\"><em>Vyj\u00ed\u017ed\u00edme na Broumovsk\u00e9 st\u011bny<\/em><\/div><\/div><div class=\"sgb-item\"><a href=\"https:\/\/www.cykloromantika.cz\/policka-stran\/\" target=\"_blank\"><img decoding=\"async\" alt=\"\" width=\"300\" height=\"169\" loading=\"lazy\" src=\"https:\/\/www.cykloromantika.cz\/wp-content\/uploads\/2025\/12\/foto-2025-0731-43-300x169.jpg\" srcset=\"https:\/\/www.cykloromantika.cz\/wp-content\/uploads\/2025\/12\/foto-2025-0731-43-300x169.jpg 300w,https:\/\/www.cykloromantika.cz\/wp-content\/uploads\/2025\/12\/foto-2025-0731-43.jpg 1024w\" sizes=\"auto, 250px\"\/><\/a><div class=\"sgb-item-caption\"><em>Polick\u00e1 str\u00e1\u0148<\/em><\/div><\/div><div class=\"sgb-item\"><a href=\"https:\/\/www.cykloromantika.cz\/na-junackou-vyhlidku\/\" target=\"_blank\"><img decoding=\"async\" alt=\"\" width=\"300\" height=\"126\" loading=\"lazy\" src=\"https:\/\/www.cykloromantika.cz\/wp-content\/uploads\/2025\/12\/foto-2025-0731-44-300x126.jpg\" srcset=\"https:\/\/www.cykloromantika.cz\/wp-content\/uploads\/2025\/12\/foto-2025-0731-44-300x126.jpg 300w,https:\/\/www.cykloromantika.cz\/wp-content\/uploads\/2025\/12\/foto-2025-0731-44.jpg 1024w\" sizes=\"auto, 250px\"\/><\/a><div class=\"sgb-item-caption\"><em>Na Jun\u00e1ckou vyhl\u00eddku<\/em><\/div><\/div><div class=\"sgb-item\"><a href=\"https:\/\/www.cykloromantika.cz\/brana-do-npp-policke-steny\/\" target=\"_blank\"><img decoding=\"async\" alt=\"\" width=\"300\" height=\"225\" loading=\"lazy\" src=\"https:\/\/www.cykloromantika.cz\/wp-content\/uploads\/2025\/12\/foto-2025-0731-45-300x225.jpg\" srcset=\"https:\/\/www.cykloromantika.cz\/wp-content\/uploads\/2025\/12\/foto-2025-0731-45-300x225.jpg 300w,https:\/\/www.cykloromantika.cz\/wp-content\/uploads\/2025\/12\/foto-2025-0731-45.jpg 1024w\" sizes=\"auto, 250px\"\/><\/a><div class=\"sgb-item-caption\"><em>Br\u00e1na do NPP Polick\u00e9 st\u011bny<\/em><\/div><\/div><div class=\"sgb-item\"><a href=\"https:\/\/www.cykloromantika.cz\/brana-do-npp-policke-steny-2\/\" target=\"_blank\"><img decoding=\"async\" alt=\"\" width=\"225\" height=\"300\" loading=\"lazy\" src=\"https:\/\/www.cykloromantika.cz\/wp-content\/uploads\/2025\/12\/foto-2025-0731-46-225x300.jpg\" srcset=\"https:\/\/www.cykloromantika.cz\/wp-content\/uploads\/2025\/12\/foto-2025-0731-46-225x300.jpg 225w,https:\/\/www.cykloromantika.cz\/wp-content\/uploads\/2025\/12\/foto-2025-0731-46.jpg 768w\" sizes=\"auto, 250px\"\/><\/a><div class=\"sgb-item-caption\"><em>Br\u00e1na do NPP Polick\u00e9 st\u011bny<\/em><\/div><\/div><div class=\"sgb-item\"><a href=\"https:\/\/www.cykloromantika.cz\/brana-do-npp-policke-steny-3\/\" target=\"_blank\"><img decoding=\"async\" alt=\"\" width=\"225\" height=\"300\" loading=\"lazy\" src=\"https:\/\/www.cykloromantika.cz\/wp-content\/uploads\/2025\/12\/foto-2025-0731-47-225x300.jpg\" srcset=\"https:\/\/www.cykloromantika.cz\/wp-content\/uploads\/2025\/12\/foto-2025-0731-47-225x300.jpg 225w,https:\/\/www.cykloromantika.cz\/wp-content\/uploads\/2025\/12\/foto-2025-0731-47.jpg 768w\" sizes=\"auto, 250px\"\/><\/a><div class=\"sgb-item-caption\"><em>Br\u00e1na do NPP Polick\u00e9 st\u011bny<\/em><\/div><\/div><div class=\"sgb-item\"><a href=\"https:\/\/www.cykloromantika.cz\/brana-do-npp-policke-steny-4\/\" target=\"_blank\"><img decoding=\"async\" alt=\"\" width=\"225\" height=\"300\" loading=\"lazy\" src=\"https:\/\/www.cykloromantika.cz\/wp-content\/uploads\/2025\/12\/foto-2025-0731-48-225x300.jpg\" srcset=\"https:\/\/www.cykloromantika.cz\/wp-content\/uploads\/2025\/12\/foto-2025-0731-48-225x300.jpg 225w,https:\/\/www.cykloromantika.cz\/wp-content\/uploads\/2025\/12\/foto-2025-0731-48.jpg 768w\" sizes=\"auto, 250px\"\/><\/a><div class=\"sgb-item-caption\"><em>Br\u00e1na do NPP Polick\u00e9 st\u011bny<\/em><\/div><\/div><div class=\"sgb-item\"><a href=\"https:\/\/www.cykloromantika.cz\/brana-do-npp-policke-steny-bludiste\/\" target=\"_blank\"><img decoding=\"async\" alt=\"\" width=\"225\" height=\"300\" loading=\"lazy\" src=\"https:\/\/www.cykloromantika.cz\/wp-content\/uploads\/2025\/12\/foto-2025-0731-49-225x300.jpg\" srcset=\"https:\/\/www.cykloromantika.cz\/wp-content\/uploads\/2025\/12\/foto-2025-0731-49-225x300.jpg 225w,https:\/\/www.cykloromantika.cz\/wp-content\/uploads\/2025\/12\/foto-2025-0731-49.jpg 768w\" sizes=\"auto, 250px\"\/><\/a><div class=\"sgb-item-caption\"><em>Br\u00e1na do NPP Polick\u00e9 st\u011bny Bludi\u0161t\u011b<\/em><\/div><\/div><div class=\"sgb-item\"><a href=\"https:\/\/www.cykloromantika.cz\/junacka-vyhlidka\/\" target=\"_blank\"><img decoding=\"async\" alt=\"\" width=\"225\" height=\"300\" loading=\"lazy\" src=\"https:\/\/www.cykloromantika.cz\/wp-content\/uploads\/2025\/12\/foto-2025-0731-50-225x300.jpg\" srcset=\"https:\/\/www.cykloromantika.cz\/wp-content\/uploads\/2025\/12\/foto-2025-0731-50-225x300.jpg 225w,https:\/\/www.cykloromantika.cz\/wp-content\/uploads\/2025\/12\/foto-2025-0731-50.jpg 768w\" sizes=\"auto, 250px\"\/><\/a><div class=\"sgb-item-caption\"><em>Jun\u00e1ck\u00e1 vyhl\u00eddka<\/em><\/div><\/div><div class=\"sgb-item\"><a href=\"https:\/\/www.cykloromantika.cz\/bludiste\/\" target=\"_blank\"><img decoding=\"async\" alt=\"\" width=\"225\" height=\"300\" loading=\"lazy\" src=\"https:\/\/www.cykloromantika.cz\/wp-content\/uploads\/2025\/12\/foto-2025-0731-51-225x300.jpg\" srcset=\"https:\/\/www.cykloromantika.cz\/wp-content\/uploads\/2025\/12\/foto-2025-0731-51-225x300.jpg 225w,https:\/\/www.cykloromantika.cz\/wp-content\/uploads\/2025\/12\/foto-2025-0731-51.jpg 768w\" sizes=\"auto, 250px\"\/><\/a><div class=\"sgb-item-caption\"><em>Bludi\u0161t\u011b<\/em><\/div><\/div><div class=\"sgb-item\"><a href=\"https:\/\/www.cykloromantika.cz\/junacka-vyhlidka-2\/\" target=\"_blank\"><img decoding=\"async\" alt=\"\" width=\"300\" height=\"169\" loading=\"lazy\" src=\"https:\/\/www.cykloromantika.cz\/wp-content\/uploads\/2025\/12\/foto-2025-0731-52-300x169.jpg\" srcset=\"https:\/\/www.cykloromantika.cz\/wp-content\/uploads\/2025\/12\/foto-2025-0731-52-300x169.jpg 300w,https:\/\/www.cykloromantika.cz\/wp-content\/uploads\/2025\/12\/foto-2025-0731-52.jpg 1024w\" sizes=\"auto, 250px\"\/><\/a><div class=\"sgb-item-caption\"><em>Jun\u00e1ck\u00e1 vyhl\u00eddka<\/em><\/div><\/div><div class=\"sgb-item\"><a href=\"https:\/\/www.cykloromantika.cz\/bludiste-2\/\" target=\"_blank\"><img decoding=\"async\" alt=\"\" width=\"225\" height=\"300\" loading=\"lazy\" src=\"https:\/\/www.cykloromantika.cz\/wp-content\/uploads\/2025\/12\/foto-2025-0731-53-225x300.jpg\" srcset=\"https:\/\/www.cykloromantika.cz\/wp-content\/uploads\/2025\/12\/foto-2025-0731-53-225x300.jpg 225w,https:\/\/www.cykloromantika.cz\/wp-content\/uploads\/2025\/12\/foto-2025-0731-53.jpg 768w\" sizes=\"auto, 250px\"\/><\/a><div class=\"sgb-item-caption\"><em>Bludi\u0161t\u011b<\/em><\/div><\/div><div class=\"sgb-item\"><a href=\"https:\/\/www.cykloromantika.cz\/junak\/\" target=\"_blank\"><img decoding=\"async\" alt=\"\" width=\"169\" height=\"300\" loading=\"lazy\" src=\"https:\/\/www.cykloromantika.cz\/wp-content\/uploads\/2025\/12\/foto-2025-0731-54-169x300.jpg\" srcset=\"https:\/\/www.cykloromantika.cz\/wp-content\/uploads\/2025\/12\/foto-2025-0731-54-169x300.jpg 169w,https:\/\/www.cykloromantika.cz\/wp-content\/uploads\/2025\/12\/foto-2025-0731-54.jpg 577w\" sizes=\"auto, 250px\"\/><\/a><div class=\"sgb-item-caption\"><em>Jun\u00e1k!<\/em><\/div><\/div><div class=\"sgb-item\"><a href=\"https:\/\/www.cykloromantika.cz\/zbytek-junaku\/\" target=\"_blank\"><img decoding=\"async\" alt=\"\" width=\"225\" height=\"300\" loading=\"lazy\" src=\"https:\/\/www.cykloromantika.cz\/wp-content\/uploads\/2025\/12\/foto-2025-0731-55-225x300.jpg\" srcset=\"https:\/\/www.cykloromantika.cz\/wp-content\/uploads\/2025\/12\/foto-2025-0731-55-225x300.jpg 225w,https:\/\/www.cykloromantika.cz\/wp-content\/uploads\/2025\/12\/foto-2025-0731-55.jpg 768w\" sizes=\"auto, 250px\"\/><\/a><div class=\"sgb-item-caption\"><em>Zbytek Jun\u00e1k\u016f!<\/em><\/div><\/div><div class=\"sgb-item\"><a href=\"https:\/\/www.cykloromantika.cz\/junacka-vyhlidka-3\/\" target=\"_blank\"><img decoding=\"async\" alt=\"\" width=\"225\" height=\"300\" loading=\"lazy\" src=\"https:\/\/www.cykloromantika.cz\/wp-content\/uploads\/2025\/12\/foto-2025-0731-56-225x300.jpg\" srcset=\"https:\/\/www.cykloromantika.cz\/wp-content\/uploads\/2025\/12\/foto-2025-0731-56-225x300.jpg 225w,https:\/\/www.cykloromantika.cz\/wp-content\/uploads\/2025\/12\/foto-2025-0731-56.jpg 768w\" sizes=\"auto, 250px\"\/><\/a><div class=\"sgb-item-caption\"><em>Jun\u00e1ck\u00e1 vyhl\u00eddka<\/em><\/div><\/div><div class=\"sgb-item\"><a href=\"https:\/\/www.cykloromantika.cz\/kostel-nanebevzeti-panny-marie-v-polici-n-m\/\" target=\"_blank\"><img decoding=\"async\" alt=\"\" width=\"300\" height=\"200\" loading=\"lazy\" src=\"https:\/\/www.cykloromantika.cz\/wp-content\/uploads\/2025\/12\/foto-2025-0731-57-300x200.jpg\" srcset=\"https:\/\/www.cykloromantika.cz\/wp-content\/uploads\/2025\/12\/foto-2025-0731-57-300x200.jpg 300w,https:\/\/www.cykloromantika.cz\/wp-content\/uploads\/2025\/12\/foto-2025-0731-57.jpg 1024w\" sizes=\"auto, 250px\"\/><\/a><div class=\"sgb-item-caption\"><em>Kostel Nanebevzet\u00ed Panny Marie v Polici n. M.<\/em><\/div><\/div><div class=\"sgb-item\"><a href=\"https:\/\/www.cykloromantika.cz\/radnice-v-polici-nad-metuji\/\" target=\"_blank\"><img decoding=\"async\" alt=\"\" width=\"225\" height=\"300\" loading=\"lazy\" src=\"https:\/\/www.cykloromantika.cz\/wp-content\/uploads\/2025\/12\/foto-2025-0731-58-225x300.jpg\" srcset=\"https:\/\/www.cykloromantika.cz\/wp-content\/uploads\/2025\/12\/foto-2025-0731-58-225x300.jpg 225w,https:\/\/www.cykloromantika.cz\/wp-content\/uploads\/2025\/12\/foto-2025-0731-58.jpg 768w\" sizes=\"auto, 250px\"\/><\/a><div class=\"sgb-item-caption\"><em>Radnice v Polici nad Metuj\u00ed<\/em><\/div><\/div><div class=\"sgb-item\"><a href=\"https:\/\/www.cykloromantika.cz\/sloup-se-sochou-panny-marie-v-hronove\/\" target=\"_blank\"><img decoding=\"async\" alt=\"\" width=\"300\" height=\"225\" loading=\"lazy\" src=\"https:\/\/www.cykloromantika.cz\/wp-content\/uploads\/2025\/12\/foto-2025-0731-59-300x225.jpg\" srcset=\"https:\/\/www.cykloromantika.cz\/wp-content\/uploads\/2025\/12\/foto-2025-0731-59-300x225.jpg 300w,https:\/\/www.cykloromantika.cz\/wp-content\/uploads\/2025\/12\/foto-2025-0731-59.jpg 1024w\" sizes=\"auto, 250px\"\/><\/a><div class=\"sgb-item-caption\"><em>Sloup se sochou Panny Marie v Hronov\u011b<\/em><\/div><\/div><div class=\"sgb-item\"><a href=\"https:\/\/www.cykloromantika.cz\/jiraskovo-divadlo-a-obecna-a-mestanska-skola-v-hronove\/\" target=\"_blank\"><img decoding=\"async\" alt=\"\" width=\"300\" height=\"225\" loading=\"lazy\" src=\"https:\/\/www.cykloromantika.cz\/wp-content\/uploads\/2025\/12\/foto-2025-0731-60-300x225.jpg\" srcset=\"https:\/\/www.cykloromantika.cz\/wp-content\/uploads\/2025\/12\/foto-2025-0731-60-300x225.jpg 300w,https:\/\/www.cykloromantika.cz\/wp-content\/uploads\/2025\/12\/foto-2025-0731-60.jpg 1024w\" sizes=\"auto, 250px\"\/><\/a><div class=\"sgb-item-caption\"><em>Jir\u00e1skovo divadlo a Obecn\u00e1 a M\u011bs\u0165ansk\u00e1 \u0161kola v Hronov\u011b<\/em><\/div><\/div><div class=\"sgb-item\"><a href=\"https:\/\/www.cykloromantika.cz\/jiraskovo-divadlo-a-obecna-a-mestanska-skola-v-hronove-2\/\" target=\"_blank\"><img decoding=\"async\" alt=\"\" width=\"300\" height=\"169\" loading=\"lazy\" src=\"https:\/\/www.cykloromantika.cz\/wp-content\/uploads\/2025\/12\/foto-2025-0731-61-300x169.jpg\" srcset=\"https:\/\/www.cykloromantika.cz\/wp-content\/uploads\/2025\/12\/foto-2025-0731-61-300x169.jpg 300w,https:\/\/www.cykloromantika.cz\/wp-content\/uploads\/2025\/12\/foto-2025-0731-61.jpg 1024w\" sizes=\"auto, 250px\"\/><\/a><div class=\"sgb-item-caption\"><em>Jir\u00e1skovo divadlo a Obecn\u00e1 a M\u011bs\u0165ansk\u00e1 \u0161kola v Hronov\u011b<\/em><\/div><\/div><div class=\"sgb-item\"><a href=\"https:\/\/www.cykloromantika.cz\/ze-by-sam-skvorecky\/\" target=\"_blank\"><img decoding=\"async\" alt=\"\" width=\"169\" height=\"300\" loading=\"lazy\" src=\"https:\/\/www.cykloromantika.cz\/wp-content\/uploads\/2025\/12\/foto-2025-0731-62-169x300.jpg\" srcset=\"https:\/\/www.cykloromantika.cz\/wp-content\/uploads\/2025\/12\/foto-2025-0731-62-169x300.jpg 169w,https:\/\/www.cykloromantika.cz\/wp-content\/uploads\/2025\/12\/foto-2025-0731-62.jpg 577w\" sizes=\"auto, 250px\"\/><\/a><div class=\"sgb-item-caption\"><em>\u017de by s\u00e1m \u0160kvoreck\u00fd?<\/em><\/div><\/div><div class=\"sgb-item\"><a href=\"https:\/\/www.cykloromantika.cz\/restaurace-port-artur-v-nachode\/\" target=\"_blank\"><img decoding=\"async\" alt=\"\" width=\"300\" height=\"169\" loading=\"lazy\" src=\"https:\/\/www.cykloromantika.cz\/wp-content\/uploads\/2025\/12\/foto-2025-0731-63-300x169.jpg\" srcset=\"https:\/\/www.cykloromantika.cz\/wp-content\/uploads\/2025\/12\/foto-2025-0731-63-300x169.jpg 300w,https:\/\/www.cykloromantika.cz\/wp-content\/uploads\/2025\/12\/foto-2025-0731-63.jpg 1024w\" sizes=\"auto, 250px\"\/><\/a><div class=\"sgb-item-caption\"><em>Restaurace Port Artur v N\u00e1chod\u011b<\/em><\/div><\/div><div class=\"sgb-item\"><a href=\"https:\/\/www.cykloromantika.cz\/historicky-skvoreckeho-koutek\/\" target=\"_blank\"><img decoding=\"async\" alt=\"\" width=\"300\" height=\"225\" loading=\"lazy\" src=\"https:\/\/www.cykloromantika.cz\/wp-content\/uploads\/2025\/12\/foto-2025-0731-64-300x225.jpg\" srcset=\"https:\/\/www.cykloromantika.cz\/wp-content\/uploads\/2025\/12\/foto-2025-0731-64-300x225.jpg 300w,https:\/\/www.cykloromantika.cz\/wp-content\/uploads\/2025\/12\/foto-2025-0731-64.jpg 1024w\" sizes=\"auto, 250px\"\/><\/a><div class=\"sgb-item-caption\"><em>Historick\u00fd \u0160kvoreck\u00e9ho koutek<\/em><\/div><\/div><div class=\"sgb-item\"><a href=\"https:\/\/www.cykloromantika.cz\/dojeli-jsme-na-rozkos\/\" target=\"_blank\"><img decoding=\"async\" alt=\"\" width=\"300\" height=\"225\" loading=\"lazy\" src=\"https:\/\/www.cykloromantika.cz\/wp-content\/uploads\/2025\/12\/foto-2025-0731-65-300x225.jpg\" srcset=\"https:\/\/www.cykloromantika.cz\/wp-content\/uploads\/2025\/12\/foto-2025-0731-65-300x225.jpg 300w,https:\/\/www.cykloromantika.cz\/wp-content\/uploads\/2025\/12\/foto-2025-0731-65.jpg 1024w\" sizes=\"auto, 250px\"\/><\/a><div class=\"sgb-item-caption\"><em>Dojeli jsme na Rozko\u0161<\/em><\/div><\/div><div class=\"sgb-item\"><a href=\"https:\/\/www.cykloromantika.cz\/a-v-rozkosi-pokracujeme\/\" target=\"_blank\"><img decoding=\"async\" alt=\"\" width=\"300\" height=\"225\" loading=\"lazy\" src=\"https:\/\/www.cykloromantika.cz\/wp-content\/uploads\/2025\/12\/foto-2025-0731-66-300x225.jpg\" srcset=\"https:\/\/www.cykloromantika.cz\/wp-content\/uploads\/2025\/12\/foto-2025-0731-66-300x225.jpg 300w,https:\/\/www.cykloromantika.cz\/wp-content\/uploads\/2025\/12\/foto-2025-0731-66.jpg 1024w\" sizes=\"auto, 250px\"\/><\/a><div class=\"sgb-item-caption\"><em>A v Rozko\u0161i pokra\u010dujeme!<\/em><\/div><\/div><div class=\"sgb-item\"><a href=\"https:\/\/www.cykloromantika.cz\/asi-ostravak\/\" target=\"_blank\"><img decoding=\"async\" alt=\"\" width=\"300\" height=\"169\" loading=\"lazy\" src=\"https:\/\/www.cykloromantika.cz\/wp-content\/uploads\/2025\/12\/foto-2025-0731-67-300x169.jpg\" srcset=\"https:\/\/www.cykloromantika.cz\/wp-content\/uploads\/2025\/12\/foto-2025-0731-67-300x169.jpg 300w,https:\/\/www.cykloromantika.cz\/wp-content\/uploads\/2025\/12\/foto-2025-0731-67.jpg 1024w\" sizes=\"auto, 250px\"\/><\/a><div class=\"sgb-item-caption\"><em>Asi Ostrav\u00e1k!<\/em><\/div><\/div><div class=\"sgb-item\"><a href=\"https:\/\/www.cykloromantika.cz\/skromny-apartmanek-na-rozkosi\/\" target=\"_blank\"><img decoding=\"async\" alt=\"\" width=\"225\" height=\"300\" loading=\"lazy\" src=\"https:\/\/www.cykloromantika.cz\/wp-content\/uploads\/2025\/12\/foto-2025-0801-01-225x300.jpg\" srcset=\"https:\/\/www.cykloromantika.cz\/wp-content\/uploads\/2025\/12\/foto-2025-0801-01-225x300.jpg 225w,https:\/\/www.cykloromantika.cz\/wp-content\/uploads\/2025\/12\/foto-2025-0801-01.jpg 768w\" sizes=\"auto, 250px\"\/><\/a><div class=\"sgb-item-caption\"><em>Skromn\u00fd apartm\u00e1nek na Rozko\u0161i<\/em><\/div><\/div><div class=\"sgb-item\"><a href=\"https:\/\/www.cykloromantika.cz\/hledame-cestu-domu\/\" target=\"_blank\"><img decoding=\"async\" alt=\"\" width=\"300\" height=\"225\" loading=\"lazy\" src=\"https:\/\/www.cykloromantika.cz\/wp-content\/uploads\/2025\/12\/foto-2025-0801-02-300x225.jpg\" srcset=\"https:\/\/www.cykloromantika.cz\/wp-content\/uploads\/2025\/12\/foto-2025-0801-02-300x225.jpg 300w,https:\/\/www.cykloromantika.cz\/wp-content\/uploads\/2025\/12\/foto-2025-0801-02.jpg 1024w\" sizes=\"auto, 250px\"\/><\/a><div class=\"sgb-item-caption\"><em>Hled\u00e1me cestu dom\u016f!<\/em><\/div><\/div><div class=\"sgb-item\"><a href=\"https:\/\/www.cykloromantika.cz\/cekame-na-vlak-do-hradce-kralove\/\" target=\"_blank\"><img decoding=\"async\" alt=\"\" width=\"225\" height=\"300\" loading=\"lazy\" src=\"https:\/\/www.cykloromantika.cz\/wp-content\/uploads\/2025\/12\/foto-2025-0801-03-225x300.jpg\" srcset=\"https:\/\/www.cykloromantika.cz\/wp-content\/uploads\/2025\/12\/foto-2025-0801-03-225x300.jpg 225w,https:\/\/www.cykloromantika.cz\/wp-content\/uploads\/2025\/12\/foto-2025-0801-03.jpg 768w\" sizes=\"auto, 250px\"\/><\/a><div class=\"sgb-item-caption\"><em>\u010cek\u00e1me na vlak do Hradce Kr\u00e1lov\u00e9.<\/em><\/div><\/div><div class=\"sgb-item\"><a href=\"https:\/\/www.cykloromantika.cz\/pohoda-v-italsko-ukrajinskem-restaurantu-v-pardubicich\/\" target=\"_blank\"><img decoding=\"async\" alt=\"\" width=\"225\" height=\"300\" loading=\"lazy\" src=\"https:\/\/www.cykloromantika.cz\/wp-content\/uploads\/2025\/12\/foto-2025-0801-04-225x300.jpg\" srcset=\"https:\/\/www.cykloromantika.cz\/wp-content\/uploads\/2025\/12\/foto-2025-0801-04-225x300.jpg 225w,https:\/\/www.cykloromantika.cz\/wp-content\/uploads\/2025\/12\/foto-2025-0801-04.jpg 768w\" sizes=\"auto, 250px\"\/><\/a><div class=\"sgb-item-caption\"><em>Pohoda v italsko-ukrajinsk\u00e9m restaurantu v Pardubic\u00edch<\/em><\/div><\/div><\/div><\/noscript><\/div><script type=\"application\/json\" class=\"sgb-data\">{\"lastRowFill\":true,\"collectionThumbRecomendedHeight\":300,\"collectionThumbMiniScreenScale\":true,\"captionHAlign\":\"bottom\",\"collectionthumbHoverTitleFontSize\":12,\"collectionthumbRoundedCorners\":8,\"collectionthumbHoverTitleTextBgColor\":\"rgba(0,0,0,0.44)\",\"collectionThumbSubMenuShare\":false,\"galleryType\":\"pgc_sgb_justified\",\"galleryId\":\"8bd09883\",\"images\":[{\"id\":9418,\"title\":\"Foto 2025 0731 01\",\"url\":\"https:\/\/www.cykloromantika.cz\/wp-content\/uploads\/2025\/12\/foto-2025-0731-01.jpg\",\"link\":\"https:\/\/www.cykloromantika.cz\/balime-to\/\",\"alt\":\"\",\"description\":\"\",\"caption\":\"Bal\u00edme to!\",\"mime\":\"image\/jpeg\",\"type\":\"image\",\"width\":768,\"height\":1024,\"sizes\":{\"thumbnail\":{\"height\":150,\"width\":113,\"url\":\"https:\/\/www.cykloromantika.cz\/wp-content\/uploads\/2025\/12\/foto-2025-0731-01-113x150.jpg\",\"orientation\":\"portrait\"},\"medium\":{\"height\":300,\"width\":225,\"url\":\"https:\/\/www.cykloromantika.cz\/wp-content\/uploads\/2025\/12\/foto-2025-0731-01-225x300.jpg\",\"orientation\":\"portrait\"},\"full\":{\"url\":\"https:\/\/www.cykloromantika.cz\/wp-content\/uploads\/2025\/12\/foto-2025-0731-01.jpg\",\"height\":1024,\"width\":768,\"orientation\":\"portrait\"}},\"imageMeta\":{\"aperture\":\"1.8\",\"credit\":\"\",\"camera\":\"Galaxy S24\",\"caption\":\"Bal\u00edme to!\",\"created_timestamp\":\"1753954726\",\"copyright\":\"\",\"focal_length\":\"5.4\",\"iso\":\"320\",\"shutter_speed\":\"0.01\",\"title\":\"Bal\u00edme to!\",\"orientation\":\"0\",\"keywords\":[]},\"meta\":false,\"postlink\":\"https:\/\/www.cykloromantika.cz\/balime-to\/\"},{\"id\":9419,\"title\":\"Foto 2025 0731 02\",\"url\":\"https:\/\/www.cykloromantika.cz\/wp-content\/uploads\/2025\/12\/foto-2025-0731-02.jpg\",\"link\":\"https:\/\/www.cykloromantika.cz\/opet-u-kozicek\/\",\"alt\":\"\",\"description\":\"\",\"caption\":\"Op\u011bt U kozi\u010dek\",\"mime\":\"image\/jpeg\",\"type\":\"image\",\"width\":1024,\"height\":577,\"sizes\":{\"thumbnail\":{\"height\":85,\"width\":150,\"url\":\"https:\/\/www.cykloromantika.cz\/wp-content\/uploads\/2025\/12\/foto-2025-0731-02-150x85.jpg\",\"orientation\":\"landscape\"},\"medium\":{\"height\":169,\"width\":300,\"url\":\"https:\/\/www.cykloromantika.cz\/wp-content\/uploads\/2025\/12\/foto-2025-0731-02-300x169.jpg\",\"orientation\":\"landscape\"},\"full\":{\"url\":\"https:\/\/www.cykloromantika.cz\/wp-content\/uploads\/2025\/12\/foto-2025-0731-02.jpg\",\"height\":577,\"width\":1024,\"orientation\":\"landscape\"}},\"imageMeta\":{\"aperture\":\"1.8\",\"credit\":\"\",\"camera\":\"Galaxy S23\",\"caption\":\"Op\u011bt U kozi\u010dek\",\"created_timestamp\":\"1753960236\",\"copyright\":\"\",\"focal_length\":\"5.4\",\"iso\":\"25\",\"shutter_speed\":\"0.000907354\",\"title\":\"Op\u011bt U kozi\u010dek\",\"orientation\":\"0\",\"keywords\":[]},\"meta\":false,\"postlink\":\"https:\/\/www.cykloromantika.cz\/opet-u-kozicek\/\"},{\"id\":9420,\"title\":\"Foto 2025 0731 03\",\"url\":\"https:\/\/www.cykloromantika.cz\/wp-content\/uploads\/2025\/12\/foto-2025-0731-03.jpg\",\"link\":\"https:\/\/www.cykloromantika.cz\/zamek-v-teplicich-nad-metuji\/\",\"alt\":\"\",\"description\":\"\",\"caption\":\"Z\u00e1mek v Teplic\u00edch nad Metuj\u00ed\",\"mime\":\"image\/jpeg\",\"type\":\"image\",\"width\":1024,\"height\":576,\"sizes\":{\"thumbnail\":{\"height\":84,\"width\":150,\"url\":\"https:\/\/www.cykloromantika.cz\/wp-content\/uploads\/2025\/12\/foto-2025-0731-03-150x84.jpg\",\"orientation\":\"landscape\"},\"medium\":{\"height\":169,\"width\":300,\"url\":\"https:\/\/www.cykloromantika.cz\/wp-content\/uploads\/2025\/12\/foto-2025-0731-03-300x169.jpg\",\"orientation\":\"landscape\"},\"full\":{\"url\":\"https:\/\/www.cykloromantika.cz\/wp-content\/uploads\/2025\/12\/foto-2025-0731-03.jpg\",\"height\":576,\"width\":1024,\"orientation\":\"landscape\"}},\"imageMeta\":{\"aperture\":\"1.8\",\"credit\":\"\",\"camera\":\"Galaxy S23\",\"caption\":\"Z\u00e1mek v Teplic\u00edch nad Metuj\u00ed\",\"created_timestamp\":\"1753960674\",\"copyright\":\"\",\"focal_length\":\"5.4\",\"iso\":\"25\",\"shutter_speed\":\"0.000944964\",\"title\":\"Z\u00e1mek v Teplic\u00edch nad Metuj\u00ed\",\"orientation\":\"0\",\"keywords\":[]},\"meta\":false,\"postlink\":\"https:\/\/www.cykloromantika.cz\/zamek-v-teplicich-nad-metuji\/\"},{\"id\":9421,\"title\":\"Foto 2025 0731 04\",\"url\":\"https:\/\/www.cykloromantika.cz\/wp-content\/uploads\/2025\/12\/foto-2025-0731-04.jpg\",\"link\":\"https:\/\/www.cykloromantika.cz\/kostel-panny-marie-pomocne-tzv-soulkostel-ve-vernerovicich\/\",\"alt\":\"\",\"description\":\"\",\"caption\":\"Kostel Panny Marie Pomocn\u00e9, tzv. Soulkostel ve Vern\u00e9\u0159ovic\u00edch\",\"mime\":\"image\/jpeg\",\"type\":\"image\",\"width\":768,\"height\":1024,\"sizes\":{\"thumbnail\":{\"height\":150,\"width\":113,\"url\":\"https:\/\/www.cykloromantika.cz\/wp-content\/uploads\/2025\/12\/foto-2025-0731-04-113x150.jpg\",\"orientation\":\"portrait\"},\"medium\":{\"height\":300,\"width\":225,\"url\":\"https:\/\/www.cykloromantika.cz\/wp-content\/uploads\/2025\/12\/foto-2025-0731-04-225x300.jpg\",\"orientation\":\"portrait\"},\"full\":{\"url\":\"https:\/\/www.cykloromantika.cz\/wp-content\/uploads\/2025\/12\/foto-2025-0731-04.jpg\",\"height\":1024,\"width\":768,\"orientation\":\"portrait\"}},\"imageMeta\":{\"aperture\":\"1.8\",\"credit\":\"\",\"camera\":\"Galaxy S24\",\"caption\":\"Kostel Panny Marie Pomocn\u00e9, tzv. Soulkostel ve Vern\u00e9\u0159ovic\u00edch\",\"created_timestamp\":\"1753962380\",\"copyright\":\"\",\"focal_length\":\"5.4\",\"iso\":\"25\",\"shutter_speed\":\"0.000569476\",\"title\":\"Kostel Panny Marie Pomocn\u00e9, tzv. Soulkostel ve Vern\u00e9\u0159ovic\u00edch\",\"orientation\":\"0\",\"keywords\":[]},\"meta\":false,\"postlink\":\"https:\/\/www.cykloromantika.cz\/kostel-panny-marie-pomocne-tzv-soulkostel-ve-vernerovicich\/\"},{\"id\":9422,\"title\":\"Foto 2025 0731 05\",\"url\":\"https:\/\/www.cykloromantika.cz\/wp-content\/uploads\/2025\/12\/foto-2025-0731-05.jpg\",\"link\":\"https:\/\/www.cykloromantika.cz\/opravdu-soulkostel\/\",\"alt\":\"\",\"description\":\"\",\"caption\":\"Opravdu Soulkostel\",\"mime\":\"image\/jpeg\",\"type\":\"image\",\"width\":1024,\"height\":576,\"sizes\":{\"thumbnail\":{\"height\":84,\"width\":150,\"url\":\"https:\/\/www.cykloromantika.cz\/wp-content\/uploads\/2025\/12\/foto-2025-0731-05-150x84.jpg\",\"orientation\":\"landscape\"},\"medium\":{\"height\":169,\"width\":300,\"url\":\"https:\/\/www.cykloromantika.cz\/wp-content\/uploads\/2025\/12\/foto-2025-0731-05-300x169.jpg\",\"orientation\":\"landscape\"},\"full\":{\"url\":\"https:\/\/www.cykloromantika.cz\/wp-content\/uploads\/2025\/12\/foto-2025-0731-05.jpg\",\"height\":576,\"width\":1024,\"orientation\":\"landscape\"}},\"imageMeta\":{\"aperture\":\"1.8\",\"credit\":\"\",\"camera\":\"Galaxy S23\",\"caption\":\"Opravdu Soulkostel\",\"created_timestamp\":\"1753962575\",\"copyright\":\"\",\"focal_length\":\"5.4\",\"iso\":\"500\",\"shutter_speed\":\"0.019982648\",\"title\":\"Opravdu Soulkostel\",\"orientation\":\"0\",\"keywords\":[]},\"meta\":false,\"postlink\":\"https:\/\/www.cykloromantika.cz\/opravdu-soulkostel\/\"},{\"id\":9423,\"title\":\"Foto 2025 0731 06\",\"url\":\"https:\/\/www.cykloromantika.cz\/wp-content\/uploads\/2025\/12\/foto-2025-0731-06.jpg\",\"link\":\"https:\/\/www.cykloromantika.cz\/na-dydzejskem-kuru\/\",\"alt\":\"\",\"description\":\"\",\"caption\":\"Na d\u00fdd\u017eejsk\u00e9m k\u016fru\",\"mime\":\"image\/jpeg\",\"type\":\"image\",\"width\":1024,\"height\":577,\"sizes\":{\"thumbnail\":{\"height\":85,\"width\":150,\"url\":\"https:\/\/www.cykloromantika.cz\/wp-content\/uploads\/2025\/12\/foto-2025-0731-06-150x85.jpg\",\"orientation\":\"landscape\"},\"medium\":{\"height\":169,\"width\":300,\"url\":\"https:\/\/www.cykloromantika.cz\/wp-content\/uploads\/2025\/12\/foto-2025-0731-06-300x169.jpg\",\"orientation\":\"landscape\"},\"full\":{\"url\":\"https:\/\/www.cykloromantika.cz\/wp-content\/uploads\/2025\/12\/foto-2025-0731-06.jpg\",\"height\":577,\"width\":1024,\"orientation\":\"landscape\"}},\"imageMeta\":{\"aperture\":\"1.8\",\"credit\":\"\",\"camera\":\"Galaxy S23\",\"caption\":\"Na d\u00fdd\u017eejsk\u00e9m k\u016fru\",\"created_timestamp\":\"1753962589\",\"copyright\":\"\",\"focal_length\":\"5.4\",\"iso\":\"640\",\"shutter_speed\":\"0.039965296\",\"title\":\"Na d\u00fdd\u017eejsk\u00e9m k\u016fru\",\"orientation\":\"0\",\"keywords\":[]},\"meta\":false,\"postlink\":\"https:\/\/www.cykloromantika.cz\/na-dydzejskem-kuru\/\"},{\"id\":9424,\"title\":\"Foto 2025 0731 07\",\"url\":\"https:\/\/www.cykloromantika.cz\/wp-content\/uploads\/2025\/12\/foto-2025-0731-07.jpg\",\"link\":\"https:\/\/www.cykloromantika.cz\/zrekonstruovano-k-obrazu-majitelu\/\",\"alt\":\"\",\"description\":\"\",\"caption\":\"Zrekonstruov\u00e1no k obrazu majitel\u016f\",\"mime\":\"image\/jpeg\",\"type\":\"image\",\"width\":1024,\"height\":768,\"sizes\":{\"thumbnail\":{\"height\":113,\"width\":150,\"url\":\"https:\/\/www.cykloromantika.cz\/wp-content\/uploads\/2025\/12\/foto-2025-0731-07-150x113.jpg\",\"orientation\":\"landscape\"},\"medium\":{\"height\":225,\"width\":300,\"url\":\"https:\/\/www.cykloromantika.cz\/wp-content\/uploads\/2025\/12\/foto-2025-0731-07-300x225.jpg\",\"orientation\":\"landscape\"},\"full\":{\"url\":\"https:\/\/www.cykloromantika.cz\/wp-content\/uploads\/2025\/12\/foto-2025-0731-07.jpg\",\"height\":768,\"width\":1024,\"orientation\":\"landscape\"}},\"imageMeta\":{\"aperture\":\"1.8\",\"credit\":\"\",\"camera\":\"Galaxy S24\",\"caption\":\"Zrekonstruov\u00e1no k obrazu majitel\u016f\",\"created_timestamp\":\"1753962675\",\"copyright\":\"\",\"focal_length\":\"5.4\",\"iso\":\"1250\",\"shutter_speed\":\"0.01\",\"title\":\"Zrekonstruov\u00e1no k obrazu majitel\u016f\",\"orientation\":\"0\",\"keywords\":[]},\"meta\":false,\"postlink\":\"https:\/\/www.cykloromantika.cz\/zrekonstruovano-k-obrazu-majitelu\/\"},{\"id\":9425,\"title\":\"Foto 2025 0731 08\",\"url\":\"https:\/\/www.cykloromantika.cz\/wp-content\/uploads\/2025\/12\/foto-2025-0731-08.jpg\",\"link\":\"https:\/\/www.cykloromantika.cz\/svate-misto-v-soulkostele\/\",\"alt\":\"\",\"description\":\"\",\"caption\":\"Svat\u00e9 m\u00edsto v Soulkostele:-)\",\"mime\":\"image\/jpeg\",\"type\":\"image\",\"width\":577,\"height\":1024,\"sizes\":{\"thumbnail\":{\"height\":150,\"width\":85,\"url\":\"https:\/\/www.cykloromantika.cz\/wp-content\/uploads\/2025\/12\/foto-2025-0731-08-85x150.jpg\",\"orientation\":\"portrait\"},\"medium\":{\"height\":300,\"width\":169,\"url\":\"https:\/\/www.cykloromantika.cz\/wp-content\/uploads\/2025\/12\/foto-2025-0731-08-169x300.jpg\",\"orientation\":\"portrait\"},\"full\":{\"url\":\"https:\/\/www.cykloromantika.cz\/wp-content\/uploads\/2025\/12\/foto-2025-0731-08.jpg\",\"height\":1024,\"width\":577,\"orientation\":\"portrait\"}},\"imageMeta\":{\"aperture\":\"1.8\",\"credit\":\"\",\"camera\":\"Galaxy S23\",\"caption\":\"Svat\u00e9 m\u00edsto v Soulkostele:-)\",\"created_timestamp\":\"1753962735\",\"copyright\":\"\",\"focal_length\":\"5.4\",\"iso\":\"640\",\"shutter_speed\":\"0.019982648\",\"title\":\"Svat\u00e9 m\u00edsto v Soulkostele:-)\",\"orientation\":\"0\",\"keywords\":[]},\"meta\":false,\"postlink\":\"https:\/\/www.cykloromantika.cz\/svate-misto-v-soulkostele\/\"},{\"id\":9426,\"title\":\"Foto 2025 0731 09\",\"url\":\"https:\/\/www.cykloromantika.cz\/wp-content\/uploads\/2025\/12\/foto-2025-0731-09.jpg\",\"link\":\"https:\/\/www.cykloromantika.cz\/jsme-fascinovani\/\",\"alt\":\"\",\"description\":\"\",\"caption\":\"Jsme fascinov\u00e1ni!\",\"mime\":\"image\/jpeg\",\"type\":\"image\",\"width\":768,\"height\":1024,\"sizes\":{\"thumbnail\":{\"height\":150,\"width\":113,\"url\":\"https:\/\/www.cykloromantika.cz\/wp-content\/uploads\/2025\/12\/foto-2025-0731-09-113x150.jpg\",\"orientation\":\"portrait\"},\"medium\":{\"height\":300,\"width\":225,\"url\":\"https:\/\/www.cykloromantika.cz\/wp-content\/uploads\/2025\/12\/foto-2025-0731-09-225x300.jpg\",\"orientation\":\"portrait\"},\"full\":{\"url\":\"https:\/\/www.cykloromantika.cz\/wp-content\/uploads\/2025\/12\/foto-2025-0731-09.jpg\",\"height\":1024,\"width\":768,\"orientation\":\"portrait\"}},\"imageMeta\":{\"aperture\":\"1.8\",\"credit\":\"\",\"camera\":\"Galaxy S24\",\"caption\":\"Jsme fascinov\u00e1ni!\",\"created_timestamp\":\"1753962765\",\"copyright\":\"\",\"focal_length\":\"5.4\",\"iso\":\"1000\",\"shutter_speed\":\"0.01\",\"title\":\"Jsme fascinov\u00e1ni!\",\"orientation\":\"0\",\"keywords\":[]},\"meta\":false,\"postlink\":\"https:\/\/www.cykloromantika.cz\/jsme-fascinovani\/\"},{\"id\":9427,\"title\":\"Foto 2025 0731 10\",\"url\":\"https:\/\/www.cykloromantika.cz\/wp-content\/uploads\/2025\/12\/foto-2025-0731-10.jpg\",\"link\":\"https:\/\/www.cykloromantika.cz\/v-kostele-nesmi-chybet-bar\/\",\"alt\":\"\",\"description\":\"\",\"caption\":\"V kostele nesm\u00ed chyb\u011bt bar...\",\"mime\":\"image\/jpeg\",\"type\":\"image\",\"width\":1024,\"height\":577,\"sizes\":{\"thumbnail\":{\"height\":85,\"width\":150,\"url\":\"https:\/\/www.cykloromantika.cz\/wp-content\/uploads\/2025\/12\/foto-2025-0731-10-150x85.jpg\",\"orientation\":\"landscape\"},\"medium\":{\"height\":169,\"width\":300,\"url\":\"https:\/\/www.cykloromantika.cz\/wp-content\/uploads\/2025\/12\/foto-2025-0731-10-300x169.jpg\",\"orientation\":\"landscape\"},\"full\":{\"url\":\"https:\/\/www.cykloromantika.cz\/wp-content\/uploads\/2025\/12\/foto-2025-0731-10.jpg\",\"height\":577,\"width\":1024,\"orientation\":\"landscape\"}},\"imageMeta\":{\"aperture\":\"1.8\",\"credit\":\"\",\"camera\":\"Galaxy S23\",\"caption\":\"V kostele nesm\u00ed chyb\u011bt bar...\",\"created_timestamp\":\"1753962902\",\"copyright\":\"\",\"focal_length\":\"5.4\",\"iso\":\"1000\",\"shutter_speed\":\"0.009991324\",\"title\":\"V kostele nesm\u00ed chyb\u011bt bar...\",\"orientation\":\"0\",\"keywords\":[]},\"meta\":false,\"postlink\":\"https:\/\/www.cykloromantika.cz\/v-kostele-nesmi-chybet-bar\/\"},{\"id\":9428,\"title\":\"Foto 2025 0731 11\",\"url\":\"https:\/\/www.cykloromantika.cz\/wp-content\/uploads\/2025\/12\/foto-2025-0731-11.jpg\",\"link\":\"https:\/\/www.cykloromantika.cz\/a-prezouvarna\/\",\"alt\":\"\",\"description\":\"\",\"caption\":\"... a p\u0159ezouv\u00e1rna!\",\"mime\":\"image\/jpeg\",\"type\":\"image\",\"width\":1024,\"height\":768,\"sizes\":{\"thumbnail\":{\"height\":113,\"width\":150,\"url\":\"https:\/\/www.cykloromantika.cz\/wp-content\/uploads\/2025\/12\/foto-2025-0731-11-150x113.jpg\",\"orientation\":\"landscape\"},\"medium\":{\"height\":225,\"width\":300,\"url\":\"https:\/\/www.cykloromantika.cz\/wp-content\/uploads\/2025\/12\/foto-2025-0731-11-300x225.jpg\",\"orientation\":\"landscape\"},\"full\":{\"url\":\"https:\/\/www.cykloromantika.cz\/wp-content\/uploads\/2025\/12\/foto-2025-0731-11.jpg\",\"height\":768,\"width\":1024,\"orientation\":\"landscape\"}},\"imageMeta\":{\"aperture\":\"1.8\",\"credit\":\"\",\"camera\":\"Galaxy S24\",\"caption\":\"... a p\u0159ezouv\u00e1rna!\",\"created_timestamp\":\"1753963086\",\"copyright\":\"\",\"focal_length\":\"5.4\",\"iso\":\"1250\",\"shutter_speed\":\"0.04\",\"title\":\"... a p\u0159ezouv\u00e1rna!\",\"orientation\":\"0\",\"keywords\":[]},\"meta\":false,\"postlink\":\"https:\/\/www.cykloromantika.cz\/a-prezouvarna\/\"},{\"id\":9429,\"title\":\"Foto 2025 0731 12\",\"url\":\"https:\/\/www.cykloromantika.cz\/wp-content\/uploads\/2025\/12\/foto-2025-0731-12.jpg\",\"link\":\"https:\/\/www.cykloromantika.cz\/foto-2025-0731-12\/\",\"alt\":\"\",\"description\":\"\",\"caption\":\"\",\"mime\":\"image\/jpeg\",\"type\":\"image\",\"width\":768,\"height\":1024,\"sizes\":{\"thumbnail\":{\"height\":150,\"width\":113,\"url\":\"https:\/\/www.cykloromantika.cz\/wp-content\/uploads\/2025\/12\/foto-2025-0731-12-113x150.jpg\",\"orientation\":\"portrait\"},\"medium\":{\"height\":300,\"width\":225,\"url\":\"https:\/\/www.cykloromantika.cz\/wp-content\/uploads\/2025\/12\/foto-2025-0731-12-225x300.jpg\",\"orientation\":\"portrait\"},\"full\":{\"url\":\"https:\/\/www.cykloromantika.cz\/wp-content\/uploads\/2025\/12\/foto-2025-0731-12.jpg\",\"height\":1024,\"width\":768,\"orientation\":\"portrait\"}},\"imageMeta\":{\"aperture\":\"1.8\",\"credit\":\"\",\"camera\":\"Galaxy S24\",\"caption\":\"\",\"created_timestamp\":\"1753963271\",\"copyright\":\"\",\"focal_length\":\"5.4\",\"iso\":\"400\",\"shutter_speed\":\"0.01\",\"title\":\"\",\"orientation\":\"0\",\"keywords\":[]},\"meta\":false,\"postlink\":\"https:\/\/www.cykloromantika.cz\/foto-2025-0731-12\/\"},{\"id\":9430,\"title\":\"Foto 2025 0731 13\",\"url\":\"https:\/\/www.cykloromantika.cz\/wp-content\/uploads\/2025\/12\/foto-2025-0731-13.jpg\",\"link\":\"https:\/\/www.cykloromantika.cz\/foto-2025-0731-13\/\",\"alt\":\"\",\"description\":\"\",\"caption\":\"\",\"mime\":\"image\/jpeg\",\"type\":\"image\",\"width\":768,\"height\":1024,\"sizes\":{\"thumbnail\":{\"height\":150,\"width\":113,\"url\":\"https:\/\/www.cykloromantika.cz\/wp-content\/uploads\/2025\/12\/foto-2025-0731-13-113x150.jpg\",\"orientation\":\"portrait\"},\"medium\":{\"height\":300,\"width\":225,\"url\":\"https:\/\/www.cykloromantika.cz\/wp-content\/uploads\/2025\/12\/foto-2025-0731-13-225x300.jpg\",\"orientation\":\"portrait\"},\"full\":{\"url\":\"https:\/\/www.cykloromantika.cz\/wp-content\/uploads\/2025\/12\/foto-2025-0731-13.jpg\",\"height\":1024,\"width\":768,\"orientation\":\"portrait\"}},\"imageMeta\":{\"aperture\":\"1.8\",\"credit\":\"\",\"camera\":\"Galaxy S24\",\"caption\":\"\",\"created_timestamp\":\"1753963299\",\"copyright\":\"\",\"focal_length\":\"5.4\",\"iso\":\"400\",\"shutter_speed\":\"0.01\",\"title\":\"\",\"orientation\":\"0\",\"keywords\":[]},\"meta\":false,\"postlink\":\"https:\/\/www.cykloromantika.cz\/foto-2025-0731-13\/\"},{\"id\":9431,\"title\":\"Foto 2025 0731 14\",\"url\":\"https:\/\/www.cykloromantika.cz\/wp-content\/uploads\/2025\/12\/foto-2025-0731-14.jpg\",\"link\":\"https:\/\/www.cykloromantika.cz\/neplacte-nade-mnou-ale-placte-nad-sebou-a-nad-svymi-hrichy\/\",\"alt\":\"\",\"description\":\"\",\"caption\":\"\u201eNepla\u010dte nade mnou, ale pla\u010dte nad sebou a nad sv\u00fdmi h\u0159\u00edchy.\u201c\",\"mime\":\"image\/jpeg\",\"type\":\"image\",\"width\":1024,\"height\":768,\"sizes\":{\"thumbnail\":{\"height\":113,\"width\":150,\"url\":\"https:\/\/www.cykloromantika.cz\/wp-content\/uploads\/2025\/12\/foto-2025-0731-14-150x113.jpg\",\"orientation\":\"landscape\"},\"medium\":{\"height\":225,\"width\":300,\"url\":\"https:\/\/www.cykloromantika.cz\/wp-content\/uploads\/2025\/12\/foto-2025-0731-14-300x225.jpg\",\"orientation\":\"landscape\"},\"full\":{\"url\":\"https:\/\/www.cykloromantika.cz\/wp-content\/uploads\/2025\/12\/foto-2025-0731-14.jpg\",\"height\":768,\"width\":1024,\"orientation\":\"landscape\"}},\"imageMeta\":{\"aperture\":\"1.8\",\"credit\":\"\",\"camera\":\"Galaxy S24\",\"caption\":\"\u201eNepla\u010dte nade mnou, ale pla\u010dte nad sebou a nad sv\u00fdmi h\u0159\u00edchy.\u201c\",\"created_timestamp\":\"1753963312\",\"copyright\":\"\",\"focal_length\":\"5.4\",\"iso\":\"200\",\"shutter_speed\":\"0.01\",\"title\":\"\u201eNepla\u010dte nade mnou, ale pla\u010dte nad sebou a nad sv\u00fdmi h\u0159\u00edchy.\u201c\",\"orientation\":\"0\",\"keywords\":[]},\"meta\":false,\"postlink\":\"https:\/\/www.cykloromantika.cz\/neplacte-nade-mnou-ale-placte-nad-sebou-a-nad-svymi-hrichy\/\"},{\"id\":9432,\"title\":\"Foto 2025 0731 15\",\"url\":\"https:\/\/www.cykloromantika.cz\/wp-content\/uploads\/2025\/12\/foto-2025-0731-15.jpg\",\"link\":\"https:\/\/www.cykloromantika.cz\/kostel-panny-marie-pomocne-tzv-soulkostel-ve-vernerovicich-2\/\",\"alt\":\"\",\"description\":\"\",\"caption\":\"Kostel Panny Marie Pomocn\u00e9, tzv. Soulkostel ve Vern\u00e9\u0159ovic\u00edch\",\"mime\":\"image\/jpeg\",\"type\":\"image\",\"width\":1024,\"height\":577,\"sizes\":{\"thumbnail\":{\"height\":85,\"width\":150,\"url\":\"https:\/\/www.cykloromantika.cz\/wp-content\/uploads\/2025\/12\/foto-2025-0731-15-150x85.jpg\",\"orientation\":\"landscape\"},\"medium\":{\"height\":169,\"width\":300,\"url\":\"https:\/\/www.cykloromantika.cz\/wp-content\/uploads\/2025\/12\/foto-2025-0731-15-300x169.jpg\",\"orientation\":\"landscape\"},\"full\":{\"url\":\"https:\/\/www.cykloromantika.cz\/wp-content\/uploads\/2025\/12\/foto-2025-0731-15.jpg\",\"height\":577,\"width\":1024,\"orientation\":\"landscape\"}},\"imageMeta\":{\"aperture\":\"1.8\",\"credit\":\"\",\"camera\":\"Galaxy S23\",\"caption\":\"Kostel Panny Marie Pomocn\u00e9, tzv. Soulkostel ve Vern\u00e9\u0159ovic\u00edch\",\"created_timestamp\":\"1753963808\",\"copyright\":\"\",\"focal_length\":\"5.4\",\"iso\":\"25\",\"shutter_speed\":\"0.001329164\",\"title\":\"Kostel Panny Marie Pomocn\u00e9, tzv. Soulkostel ve Vern\u00e9\u0159ovic\u00edch\",\"orientation\":\"0\",\"keywords\":[]},\"meta\":false,\"postlink\":\"https:\/\/www.cykloromantika.cz\/kostel-panny-marie-pomocne-tzv-soulkostel-ve-vernerovicich-2\/\"},{\"id\":9433,\"title\":\"Foto 2025 0731 16\",\"url\":\"https:\/\/www.cykloromantika.cz\/wp-content\/uploads\/2025\/12\/foto-2025-0731-16.jpg\",\"link\":\"https:\/\/www.cykloromantika.cz\/foto-2025-0731-16\/\",\"alt\":\"\",\"description\":\"\",\"caption\":\"\",\"mime\":\"image\/jpeg\",\"type\":\"image\",\"width\":577,\"height\":1024,\"sizes\":{\"thumbnail\":{\"height\":150,\"width\":85,\"url\":\"https:\/\/www.cykloromantika.cz\/wp-content\/uploads\/2025\/12\/foto-2025-0731-16-85x150.jpg\",\"orientation\":\"portrait\"},\"medium\":{\"height\":300,\"width\":169,\"url\":\"https:\/\/www.cykloromantika.cz\/wp-content\/uploads\/2025\/12\/foto-2025-0731-16-169x300.jpg\",\"orientation\":\"portrait\"},\"full\":{\"url\":\"https:\/\/www.cykloromantika.cz\/wp-content\/uploads\/2025\/12\/foto-2025-0731-16.jpg\",\"height\":1024,\"width\":577,\"orientation\":\"portrait\"}},\"imageMeta\":{\"aperture\":\"1.8\",\"credit\":\"\",\"camera\":\"Galaxy S23\",\"caption\":\"\",\"created_timestamp\":\"1753963815\",\"copyright\":\"\",\"focal_length\":\"5.4\",\"iso\":\"40\",\"shutter_speed\":\"0.000746641\",\"title\":\"\",\"orientation\":\"0\",\"keywords\":[]},\"meta\":false,\"postlink\":\"https:\/\/www.cykloromantika.cz\/foto-2025-0731-16\/\"},{\"id\":9434,\"title\":\"Foto 2025 0731 17\",\"url\":\"https:\/\/www.cykloromantika.cz\/wp-content\/uploads\/2025\/12\/foto-2025-0731-17.jpg\",\"link\":\"https:\/\/www.cykloromantika.cz\/vernerovicka-studanka-u-kostela\/\",\"alt\":\"\",\"description\":\"\",\"caption\":\"Vern\u00e9\u0159ovick\u00e1 stud\u00e1nka u kostela\",\"mime\":\"image\/jpeg\",\"type\":\"image\",\"width\":768,\"height\":1024,\"sizes\":{\"thumbnail\":{\"height\":150,\"width\":113,\"url\":\"https:\/\/www.cykloromantika.cz\/wp-content\/uploads\/2025\/12\/foto-2025-0731-17-113x150.jpg\",\"orientation\":\"portrait\"},\"medium\":{\"height\":300,\"width\":225,\"url\":\"https:\/\/www.cykloromantika.cz\/wp-content\/uploads\/2025\/12\/foto-2025-0731-17-225x300.jpg\",\"orientation\":\"portrait\"},\"full\":{\"url\":\"https:\/\/www.cykloromantika.cz\/wp-content\/uploads\/2025\/12\/foto-2025-0731-17.jpg\",\"height\":1024,\"width\":768,\"orientation\":\"portrait\"}},\"imageMeta\":{\"aperture\":\"1.8\",\"credit\":\"\",\"camera\":\"Galaxy S24\",\"caption\":\"Vern\u00e9\u0159ovick\u00e1 stud\u00e1nka u kostela\",\"created_timestamp\":\"1753963824\",\"copyright\":\"\",\"focal_length\":\"5.4\",\"iso\":\"50\",\"shutter_speed\":\"0.005555555\",\"title\":\"Vern\u00e9\u0159ovick\u00e1 stud\u00e1nka u kostela\",\"orientation\":\"0\",\"keywords\":[]},\"meta\":false,\"postlink\":\"https:\/\/www.cykloromantika.cz\/vernerovicka-studanka-u-kostela\/\"},{\"id\":9435,\"title\":\"Foto 2025 0731 18\",\"url\":\"https:\/\/www.cykloromantika.cz\/wp-content\/uploads\/2025\/12\/foto-2025-0731-18.jpg\",\"link\":\"https:\/\/www.cykloromantika.cz\/posta-vernerovice-1\/\",\"alt\":\"\",\"description\":\"\",\"caption\":\"Po\u0161ta Vern\u00e9\u0159ovice 1\",\"mime\":\"image\/jpeg\",\"type\":\"image\",\"width\":1024,\"height\":683,\"sizes\":{\"thumbnail\":{\"height\":100,\"width\":150,\"url\":\"https:\/\/www.cykloromantika.cz\/wp-content\/uploads\/2025\/12\/foto-2025-0731-18-150x100.jpg\",\"orientation\":\"landscape\"},\"medium\":{\"height\":200,\"width\":300,\"url\":\"https:\/\/www.cykloromantika.cz\/wp-content\/uploads\/2025\/12\/foto-2025-0731-18-300x200.jpg\",\"orientation\":\"landscape\"},\"full\":{\"url\":\"https:\/\/www.cykloromantika.cz\/wp-content\/uploads\/2025\/12\/foto-2025-0731-18.jpg\",\"height\":683,\"width\":1024,\"orientation\":\"landscape\"}},\"imageMeta\":{\"aperture\":\"1.8\",\"credit\":\"\",\"camera\":\"Galaxy S24\",\"caption\":\"Po\u0161ta Vern\u00e9\u0159ovice 1\",\"created_timestamp\":\"1753964570\",\"copyright\":\"\",\"focal_length\":\"5.4\",\"iso\":\"25\",\"shutter_speed\":\"0.000368731\",\"title\":\"Po\u0161ta Vern\u00e9\u0159ovice 1\",\"orientation\":\"0\",\"keywords\":[]},\"meta\":false,\"postlink\":\"https:\/\/www.cykloromantika.cz\/posta-vernerovice-1\/\"},{\"id\":9436,\"title\":\"Foto 2025 0731 19\",\"url\":\"https:\/\/www.cykloromantika.cz\/wp-content\/uploads\/2025\/12\/foto-2025-0731-19.jpg\",\"link\":\"https:\/\/www.cykloromantika.cz\/hrbitov-u-kostela-sv-michaela-archandela\/\",\"alt\":\"\",\"description\":\"\",\"caption\":\"H\u0159bitov u kostela sv. Michaela archand\u011bla\",\"mime\":\"image\/jpeg\",\"type\":\"image\",\"width\":1024,\"height\":682,\"sizes\":{\"thumbnail\":{\"height\":100,\"width\":150,\"url\":\"https:\/\/www.cykloromantika.cz\/wp-content\/uploads\/2025\/12\/foto-2025-0731-19-150x100.jpg\",\"orientation\":\"landscape\"},\"medium\":{\"height\":200,\"width\":300,\"url\":\"https:\/\/www.cykloromantika.cz\/wp-content\/uploads\/2025\/12\/foto-2025-0731-19-300x200.jpg\",\"orientation\":\"landscape\"},\"full\":{\"url\":\"https:\/\/www.cykloromantika.cz\/wp-content\/uploads\/2025\/12\/foto-2025-0731-19.jpg\",\"height\":682,\"width\":1024,\"orientation\":\"landscape\"}},\"imageMeta\":{\"aperture\":\"1.8\",\"credit\":\"\",\"camera\":\"Galaxy S24\",\"caption\":\"H\u0159bitov u kostela sv. Michaela archand\u011bla\",\"created_timestamp\":\"1753964759\",\"copyright\":\"\",\"focal_length\":\"5.4\",\"iso\":\"25\",\"shutter_speed\":\"0.000566893\",\"title\":\"H\u0159bitov u kostela sv. Michaela archand\u011bla\",\"orientation\":\"0\",\"keywords\":[]},\"meta\":false,\"postlink\":\"https:\/\/www.cykloromantika.cz\/hrbitov-u-kostela-sv-michaela-archandela\/\"},{\"id\":9437,\"title\":\"Foto 2025 0731 20\",\"url\":\"https:\/\/www.cykloromantika.cz\/wp-content\/uploads\/2025\/12\/foto-2025-0731-20.jpg\",\"link\":\"https:\/\/www.cykloromantika.cz\/kostel-sv-michaela-archandela-ve-vernerovicich\/\",\"alt\":\"\",\"description\":\"\",\"caption\":\"Kostel sv. Michaela archand\u011bla ve Vern\u00e9\u0159ovic\u00edch\",\"mime\":\"image\/jpeg\",\"type\":\"image\",\"width\":1024,\"height\":768,\"sizes\":{\"thumbnail\":{\"height\":113,\"width\":150,\"url\":\"https:\/\/www.cykloromantika.cz\/wp-content\/uploads\/2025\/12\/foto-2025-0731-20-150x113.jpg\",\"orientation\":\"landscape\"},\"medium\":{\"height\":225,\"width\":300,\"url\":\"https:\/\/www.cykloromantika.cz\/wp-content\/uploads\/2025\/12\/foto-2025-0731-20-300x225.jpg\",\"orientation\":\"landscape\"},\"full\":{\"url\":\"https:\/\/www.cykloromantika.cz\/wp-content\/uploads\/2025\/12\/foto-2025-0731-20.jpg\",\"height\":768,\"width\":1024,\"orientation\":\"landscape\"}},\"imageMeta\":{\"aperture\":\"1.8\",\"credit\":\"\",\"camera\":\"Galaxy S24\",\"caption\":\"Kostel sv. Michaela archand\u011bla ve Vern\u00e9\u0159ovic\u00edch\",\"created_timestamp\":\"1753964817\",\"copyright\":\"\",\"focal_length\":\"5.4\",\"iso\":\"25\",\"shutter_speed\":\"0.000456204\",\"title\":\"Kostel sv. Michaela archand\u011bla ve Vern\u00e9\u0159ovic\u00edch\",\"orientation\":\"0\",\"keywords\":[]},\"meta\":false,\"postlink\":\"https:\/\/www.cykloromantika.cz\/kostel-sv-michaela-archandela-ve-vernerovicich\/\"},{\"id\":9438,\"title\":\"Foto 2025 0731 21\",\"url\":\"https:\/\/www.cykloromantika.cz\/wp-content\/uploads\/2025\/12\/foto-2025-0731-21.jpg\",\"link\":\"https:\/\/www.cykloromantika.cz\/kostel-sv-michaela-archandela-ve-vernerovicich-2\/\",\"alt\":\"\",\"description\":\"\",\"caption\":\"Kostel sv. Michaela archand\u011bla ve Vern\u00e9\u0159ovic\u00edch\",\"mime\":\"image\/jpeg\",\"type\":\"image\",\"width\":577,\"height\":1024,\"sizes\":{\"thumbnail\":{\"height\":150,\"width\":85,\"url\":\"https:\/\/www.cykloromantika.cz\/wp-content\/uploads\/2025\/12\/foto-2025-0731-21-85x150.jpg\",\"orientation\":\"portrait\"},\"medium\":{\"height\":300,\"width\":169,\"url\":\"https:\/\/www.cykloromantika.cz\/wp-content\/uploads\/2025\/12\/foto-2025-0731-21-169x300.jpg\",\"orientation\":\"portrait\"},\"full\":{\"url\":\"https:\/\/www.cykloromantika.cz\/wp-content\/uploads\/2025\/12\/foto-2025-0731-21.jpg\",\"height\":1024,\"width\":577,\"orientation\":\"portrait\"}},\"imageMeta\":{\"aperture\":\"1.8\",\"credit\":\"\",\"camera\":\"Galaxy S23\",\"caption\":\"Kostel sv. Michaela archand\u011bla ve Vern\u00e9\u0159ovic\u00edch\",\"created_timestamp\":\"1753964917\",\"copyright\":\"\",\"focal_length\":\"5.4\",\"iso\":\"25\",\"shutter_speed\":\"0.001576377\",\"title\":\"Kostel sv. Michaela archand\u011bla ve Vern\u00e9\u0159ovic\u00edch\",\"orientation\":\"0\",\"keywords\":[]},\"meta\":false,\"postlink\":\"https:\/\/www.cykloromantika.cz\/kostel-sv-michaela-archandela-ve-vernerovicich-2\/\"},{\"id\":9439,\"title\":\"Foto 2025 0731 22\",\"url\":\"https:\/\/www.cykloromantika.cz\/wp-content\/uploads\/2025\/12\/foto-2025-0731-22.jpg\",\"link\":\"https:\/\/www.cykloromantika.cz\/kaple-ve-vernerovicich\/\",\"alt\":\"\",\"description\":\"\",\"caption\":\"Kaple ve Vern\u00e9\u0159ovic\u00edch\",\"mime\":\"image\/jpeg\",\"type\":\"image\",\"width\":768,\"height\":1024,\"sizes\":{\"thumbnail\":{\"height\":150,\"width\":113,\"url\":\"https:\/\/www.cykloromantika.cz\/wp-content\/uploads\/2025\/12\/foto-2025-0731-22-113x150.jpg\",\"orientation\":\"portrait\"},\"medium\":{\"height\":300,\"width\":225,\"url\":\"https:\/\/www.cykloromantika.cz\/wp-content\/uploads\/2025\/12\/foto-2025-0731-22-225x300.jpg\",\"orientation\":\"portrait\"},\"full\":{\"url\":\"https:\/\/www.cykloromantika.cz\/wp-content\/uploads\/2025\/12\/foto-2025-0731-22.jpg\",\"height\":1024,\"width\":768,\"orientation\":\"portrait\"}},\"imageMeta\":{\"aperture\":\"1.8\",\"credit\":\"\",\"camera\":\"Galaxy S24\",\"caption\":\"Kaple ve Vern\u00e9\u0159ovic\u00edch\",\"created_timestamp\":\"1753964939\",\"copyright\":\"\",\"focal_length\":\"5.4\",\"iso\":\"160\",\"shutter_speed\":\"0.005555555\",\"title\":\"Kaple ve Vern\u00e9\u0159ovic\u00edch\",\"orientation\":\"0\",\"keywords\":[]},\"meta\":false,\"postlink\":\"https:\/\/www.cykloromantika.cz\/kaple-ve-vernerovicich\/\"},{\"id\":9440,\"title\":\"Foto 2025 0731 23\",\"url\":\"https:\/\/www.cykloromantika.cz\/wp-content\/uploads\/2025\/12\/foto-2025-0731-23.jpg\",\"link\":\"https:\/\/www.cykloromantika.cz\/mirove-namesti-v-broumove\/\",\"alt\":\"\",\"description\":\"\",\"caption\":\"M\u00edrov\u00e9 n\u00e1m\u011bst\u00ed v Broumov\u011b\",\"mime\":\"image\/jpeg\",\"type\":\"image\",\"width\":1024,\"height\":683,\"sizes\":{\"thumbnail\":{\"height\":100,\"width\":150,\"url\":\"https:\/\/www.cykloromantika.cz\/wp-content\/uploads\/2025\/12\/foto-2025-0731-23-150x100.jpg\",\"orientation\":\"landscape\"},\"medium\":{\"height\":200,\"width\":300,\"url\":\"https:\/\/www.cykloromantika.cz\/wp-content\/uploads\/2025\/12\/foto-2025-0731-23-300x200.jpg\",\"orientation\":\"landscape\"},\"full\":{\"url\":\"https:\/\/www.cykloromantika.cz\/wp-content\/uploads\/2025\/12\/foto-2025-0731-23.jpg\",\"height\":683,\"width\":1024,\"orientation\":\"landscape\"}},\"imageMeta\":{\"aperture\":\"1.8\",\"credit\":\"\",\"camera\":\"SM-G991B\",\"caption\":\"M\u00edrov\u00e9 n\u00e1m\u011bst\u00ed v Broumov\u011b\",\"created_timestamp\":\"1753966631\",\"copyright\":\"\",\"focal_length\":\"5.4\",\"iso\":\"50\",\"shutter_speed\":\"0.000143678\",\"title\":\"M\u00edrov\u00e9 n\u00e1m\u011bst\u00ed v Broumov\u011b\",\"orientation\":\"0\",\"keywords\":[]},\"meta\":false,\"postlink\":\"https:\/\/www.cykloromantika.cz\/mirove-namesti-v-broumove\/\"},{\"id\":9441,\"title\":\"Foto 2025 0731 24\",\"url\":\"https:\/\/www.cykloromantika.cz\/wp-content\/uploads\/2025\/12\/foto-2025-0731-24.jpg\",\"link\":\"https:\/\/www.cykloromantika.cz\/mirove-namesti-v-broumove-2\/\",\"alt\":\"\",\"description\":\"\",\"caption\":\"M\u00edrov\u00e9 n\u00e1m\u011bst\u00ed v Broumov\u011b\",\"mime\":\"image\/jpeg\",\"type\":\"image\",\"width\":1024,\"height\":683,\"sizes\":{\"thumbnail\":{\"height\":100,\"width\":150,\"url\":\"https:\/\/www.cykloromantika.cz\/wp-content\/uploads\/2025\/12\/foto-2025-0731-24-150x100.jpg\",\"orientation\":\"landscape\"},\"medium\":{\"height\":200,\"width\":300,\"url\":\"https:\/\/www.cykloromantika.cz\/wp-content\/uploads\/2025\/12\/foto-2025-0731-24-300x200.jpg\",\"orientation\":\"landscape\"},\"full\":{\"url\":\"https:\/\/www.cykloromantika.cz\/wp-content\/uploads\/2025\/12\/foto-2025-0731-24.jpg\",\"height\":683,\"width\":1024,\"orientation\":\"landscape\"}},\"imageMeta\":{\"aperture\":\"1.8\",\"credit\":\"\",\"camera\":\"Galaxy S24\",\"caption\":\"M\u00edrov\u00e9 n\u00e1m\u011bst\u00ed v Broumov\u011b\",\"created_timestamp\":\"1753966648\",\"copyright\":\"\",\"focal_length\":\"5.4\",\"iso\":\"25\",\"shutter_speed\":\"0.000261506\",\"title\":\"M\u00edrov\u00e9 n\u00e1m\u011bst\u00ed v Broumov\u011b\",\"orientation\":\"0\",\"keywords\":[]},\"meta\":false,\"postlink\":\"https:\/\/www.cykloromantika.cz\/mirove-namesti-v-broumove-2\/\"},{\"id\":9442,\"title\":\"Foto 2025 0731 25\",\"url\":\"https:\/\/www.cykloromantika.cz\/wp-content\/uploads\/2025\/12\/foto-2025-0731-25.jpg\",\"link\":\"https:\/\/www.cykloromantika.cz\/mariansky-sloup-v-broumove\/\",\"alt\":\"\",\"description\":\"\",\"caption\":\"Mari\u00e1nsk\u00fd sloup v Broumov\u011b\",\"mime\":\"image\/jpeg\",\"type\":\"image\",\"width\":577,\"height\":1024,\"sizes\":{\"thumbnail\":{\"height\":150,\"width\":85,\"url\":\"https:\/\/www.cykloromantika.cz\/wp-content\/uploads\/2025\/12\/foto-2025-0731-25-85x150.jpg\",\"orientation\":\"portrait\"},\"medium\":{\"height\":300,\"width\":169,\"url\":\"https:\/\/www.cykloromantika.cz\/wp-content\/uploads\/2025\/12\/foto-2025-0731-25-169x300.jpg\",\"orientation\":\"portrait\"},\"full\":{\"url\":\"https:\/\/www.cykloromantika.cz\/wp-content\/uploads\/2025\/12\/foto-2025-0731-25.jpg\",\"height\":1024,\"width\":577,\"orientation\":\"portrait\"}},\"imageMeta\":{\"aperture\":\"1.8\",\"credit\":\"\",\"camera\":\"Galaxy S23\",\"caption\":\"Mari\u00e1nsk\u00fd sloup v Broumov\u011b\",\"created_timestamp\":\"1753966750\",\"copyright\":\"\",\"focal_length\":\"5.4\",\"iso\":\"25\",\"shutter_speed\":\"0.000191264\",\"title\":\"Mari\u00e1nsk\u00fd sloup v Broumov\u011b\",\"orientation\":\"0\",\"keywords\":[]},\"meta\":false,\"postlink\":\"https:\/\/www.cykloromantika.cz\/mariansky-sloup-v-broumove\/\"},{\"id\":9443,\"title\":\"Foto 2025 0731 26\",\"url\":\"https:\/\/www.cykloromantika.cz\/wp-content\/uploads\/2025\/12\/foto-2025-0731-26.jpg\",\"link\":\"https:\/\/www.cykloromantika.cz\/benediktinsky-klaster-v-broumove\/\",\"alt\":\"\",\"description\":\"\",\"caption\":\"Benediktinsk\u00fd kl\u00e1\u0161ter v Broumov\u011b\",\"mime\":\"image\/jpeg\",\"type\":\"image\",\"width\":1024,\"height\":577,\"sizes\":{\"thumbnail\":{\"height\":85,\"width\":150,\"url\":\"https:\/\/www.cykloromantika.cz\/wp-content\/uploads\/2025\/12\/foto-2025-0731-26-150x85.jpg\",\"orientation\":\"landscape\"},\"medium\":{\"height\":169,\"width\":300,\"url\":\"https:\/\/www.cykloromantika.cz\/wp-content\/uploads\/2025\/12\/foto-2025-0731-26-300x169.jpg\",\"orientation\":\"landscape\"},\"full\":{\"url\":\"https:\/\/www.cykloromantika.cz\/wp-content\/uploads\/2025\/12\/foto-2025-0731-26.jpg\",\"height\":577,\"width\":1024,\"orientation\":\"landscape\"}},\"imageMeta\":{\"aperture\":\"2.2\",\"credit\":\"\",\"camera\":\"Galaxy S23\",\"caption\":\"Benediktinsk\u00fd kl\u00e1\u0161ter v Broumov\u011b\",\"created_timestamp\":\"1753967053\",\"copyright\":\"\",\"focal_length\":\"2.2\",\"iso\":\"50\",\"shutter_speed\":\"0.000260428\",\"title\":\"Benediktinsk\u00fd kl\u00e1\u0161ter v Broumov\u011b\",\"orientation\":\"0\",\"keywords\":[]},\"meta\":false,\"postlink\":\"https:\/\/www.cykloromantika.cz\/benediktinsky-klaster-v-broumove\/\"},{\"id\":9444,\"title\":\"Foto 2025 0731 27\",\"url\":\"https:\/\/www.cykloromantika.cz\/wp-content\/uploads\/2025\/12\/foto-2025-0731-27.jpg\",\"link\":\"https:\/\/www.cykloromantika.cz\/klasterni-kostel-sv-vojtecha-v-broumove\/\",\"alt\":\"\",\"description\":\"\",\"caption\":\"Kl\u00e1\u0161tern\u00ed kostel sv. Vojt\u011bcha v Broumov\u011b\",\"mime\":\"image\/jpeg\",\"type\":\"image\",\"width\":768,\"height\":1024,\"sizes\":{\"thumbnail\":{\"height\":150,\"width\":113,\"url\":\"https:\/\/www.cykloromantika.cz\/wp-content\/uploads\/2025\/12\/foto-2025-0731-27-113x150.jpg\",\"orientation\":\"portrait\"},\"medium\":{\"height\":300,\"width\":225,\"url\":\"https:\/\/www.cykloromantika.cz\/wp-content\/uploads\/2025\/12\/foto-2025-0731-27-225x300.jpg\",\"orientation\":\"portrait\"},\"full\":{\"url\":\"https:\/\/www.cykloromantika.cz\/wp-content\/uploads\/2025\/12\/foto-2025-0731-27.jpg\",\"height\":1024,\"width\":768,\"orientation\":\"portrait\"}},\"imageMeta\":{\"aperture\":\"1.8\",\"credit\":\"\",\"camera\":\"Galaxy S24\",\"caption\":\"Kl\u00e1\u0161tern\u00ed kostel sv. Vojt\u011bcha v Broumov\u011b\",\"created_timestamp\":\"1753967087\",\"copyright\":\"\",\"focal_length\":\"5.4\",\"iso\":\"25\",\"shutter_speed\":\"0.000309405\",\"title\":\"Kl\u00e1\u0161tern\u00ed kostel sv. Vojt\u011bcha v Broumov\u011b\",\"orientation\":\"0\",\"keywords\":[]},\"meta\":false,\"postlink\":\"https:\/\/www.cykloromantika.cz\/klasterni-kostel-sv-vojtecha-v-broumove\/\"},{\"id\":9445,\"title\":\"Foto 2025 0731 28\",\"url\":\"https:\/\/www.cykloromantika.cz\/wp-content\/uploads\/2025\/12\/foto-2025-0731-28.jpg\",\"link\":\"https:\/\/www.cykloromantika.cz\/foto-2025-0731-28\/\",\"alt\":\"\",\"description\":\"\",\"caption\":\"\",\"mime\":\"image\/jpeg\",\"type\":\"image\",\"width\":577,\"height\":1024,\"sizes\":{\"thumbnail\":{\"height\":150,\"width\":85,\"url\":\"https:\/\/www.cykloromantika.cz\/wp-content\/uploads\/2025\/12\/foto-2025-0731-28-85x150.jpg\",\"orientation\":\"portrait\"},\"medium\":{\"height\":300,\"width\":169,\"url\":\"https:\/\/www.cykloromantika.cz\/wp-content\/uploads\/2025\/12\/foto-2025-0731-28-169x300.jpg\",\"orientation\":\"portrait\"},\"full\":{\"url\":\"https:\/\/www.cykloromantika.cz\/wp-content\/uploads\/2025\/12\/foto-2025-0731-28.jpg\",\"height\":1024,\"width\":577,\"orientation\":\"portrait\"}},\"imageMeta\":{\"aperture\":\"1.8\",\"credit\":\"\",\"camera\":\"Galaxy S23\",\"caption\":\"\",\"created_timestamp\":\"1753967104\",\"copyright\":\"\",\"focal_length\":\"5.4\",\"iso\":\"25\",\"shutter_speed\":\"0.000638131\",\"title\":\"\",\"orientation\":\"0\",\"keywords\":[]},\"meta\":false,\"postlink\":\"https:\/\/www.cykloromantika.cz\/foto-2025-0731-28\/\"},{\"id\":9446,\"title\":\"Foto 2025 0731 29\",\"url\":\"https:\/\/www.cykloromantika.cz\/wp-content\/uploads\/2025\/12\/foto-2025-0731-29.jpg\",\"link\":\"https:\/\/www.cykloromantika.cz\/benediktinsky-klaster-v-broumove-2\/\",\"alt\":\"\",\"description\":\"\",\"caption\":\"Benediktinsk\u00fd kl\u00e1\u0161ter v Broumov\u011b\",\"mime\":\"image\/jpeg\",\"type\":\"image\",\"width\":1024,\"height\":768,\"sizes\":{\"thumbnail\":{\"height\":113,\"width\":150,\"url\":\"https:\/\/www.cykloromantika.cz\/wp-content\/uploads\/2025\/12\/foto-2025-0731-29-150x113.jpg\",\"orientation\":\"landscape\"},\"medium\":{\"height\":225,\"width\":300,\"url\":\"https:\/\/www.cykloromantika.cz\/wp-content\/uploads\/2025\/12\/foto-2025-0731-29-300x225.jpg\",\"orientation\":\"landscape\"},\"full\":{\"url\":\"https:\/\/www.cykloromantika.cz\/wp-content\/uploads\/2025\/12\/foto-2025-0731-29.jpg\",\"height\":768,\"width\":1024,\"orientation\":\"landscape\"}},\"imageMeta\":{\"aperture\":\"1.8\",\"credit\":\"\",\"camera\":\"Galaxy S24\",\"caption\":\"Benediktinsk\u00fd kl\u00e1\u0161ter v Broumov\u011b\",\"created_timestamp\":\"1753967163\",\"copyright\":\"\",\"focal_length\":\"5.4\",\"iso\":\"25\",\"shutter_speed\":\"0.000316455\",\"title\":\"Benediktinsk\u00fd kl\u00e1\u0161ter v Broumov\u011b\",\"orientation\":\"0\",\"keywords\":[]},\"meta\":false,\"postlink\":\"https:\/\/www.cykloromantika.cz\/benediktinsky-klaster-v-broumove-2\/\"},{\"id\":9447,\"title\":\"Foto 2025 0731 30\",\"url\":\"https:\/\/www.cykloromantika.cz\/wp-content\/uploads\/2025\/12\/foto-2025-0731-30.jpg\",\"link\":\"https:\/\/www.cykloromantika.cz\/klasterni-kostel-sv-vojtecha-v-broumove-2\/\",\"alt\":\"\",\"description\":\"\",\"caption\":\"Kl\u00e1\u0161tern\u00ed kostel sv. Vojt\u011bcha v Broumov\u011b\",\"mime\":\"image\/jpeg\",\"type\":\"image\",\"width\":768,\"height\":1024,\"sizes\":{\"thumbnail\":{\"height\":150,\"width\":113,\"url\":\"https:\/\/www.cykloromantika.cz\/wp-content\/uploads\/2025\/12\/foto-2025-0731-30-113x150.jpg\",\"orientation\":\"portrait\"},\"medium\":{\"height\":300,\"width\":225,\"url\":\"https:\/\/www.cykloromantika.cz\/wp-content\/uploads\/2025\/12\/foto-2025-0731-30-225x300.jpg\",\"orientation\":\"portrait\"},\"full\":{\"url\":\"https:\/\/www.cykloromantika.cz\/wp-content\/uploads\/2025\/12\/foto-2025-0731-30.jpg\",\"height\":1024,\"width\":768,\"orientation\":\"portrait\"}},\"imageMeta\":{\"aperture\":\"1.8\",\"credit\":\"\",\"camera\":\"Galaxy S24\",\"caption\":\"Kl\u00e1\u0161tern\u00ed kostel sv. Vojt\u011bcha v Broumov\u011b\",\"created_timestamp\":\"1753967170\",\"copyright\":\"\",\"focal_length\":\"5.4\",\"iso\":\"25\",\"shutter_speed\":\"0.000306372\",\"title\":\"Kl\u00e1\u0161tern\u00ed kostel sv. Vojt\u011bcha v Broumov\u011b\",\"orientation\":\"0\",\"keywords\":[]},\"meta\":false,\"postlink\":\"https:\/\/www.cykloromantika.cz\/klasterni-kostel-sv-vojtecha-v-broumove-2\/\"},{\"id\":9448,\"title\":\"Foto 2025 0731 31\",\"url\":\"https:\/\/www.cykloromantika.cz\/wp-content\/uploads\/2025\/12\/foto-2025-0731-31.jpg\",\"link\":\"https:\/\/www.cykloromantika.cz\/svaty-bohumil-v-rohu\/\",\"alt\":\"\",\"description\":\"\",\"caption\":\"Svat\u00fd Bohumil v rohu\",\"mime\":\"image\/jpeg\",\"type\":\"image\",\"width\":1024,\"height\":577,\"sizes\":{\"thumbnail\":{\"height\":85,\"width\":150,\"url\":\"https:\/\/www.cykloromantika.cz\/wp-content\/uploads\/2025\/12\/foto-2025-0731-31-150x85.jpg\",\"orientation\":\"landscape\"},\"medium\":{\"height\":169,\"width\":300,\"url\":\"https:\/\/www.cykloromantika.cz\/wp-content\/uploads\/2025\/12\/foto-2025-0731-31-300x169.jpg\",\"orientation\":\"landscape\"},\"full\":{\"url\":\"https:\/\/www.cykloromantika.cz\/wp-content\/uploads\/2025\/12\/foto-2025-0731-31.jpg\",\"height\":577,\"width\":1024,\"orientation\":\"landscape\"}},\"imageMeta\":{\"aperture\":\"1.8\",\"credit\":\"\",\"camera\":\"Galaxy S23\",\"caption\":\"Svat\u00fd Bohumil v rohu\",\"created_timestamp\":\"1753967172\",\"copyright\":\"\",\"focal_length\":\"5.4\",\"iso\":\"25\",\"shutter_speed\":\"0.000387743\",\"title\":\"Svat\u00fd Bohumil v rohu\",\"orientation\":\"0\",\"keywords\":[]},\"meta\":false,\"postlink\":\"https:\/\/www.cykloromantika.cz\/svaty-bohumil-v-rohu\/\"},{\"id\":9449,\"title\":\"Foto 2025 0731 32\",\"url\":\"https:\/\/www.cykloromantika.cz\/wp-content\/uploads\/2025\/12\/foto-2025-0731-32.jpg\",\"link\":\"https:\/\/www.cykloromantika.cz\/nadvori-benediktinskeho-klastera-v-broumove\/\",\"alt\":\"\",\"description\":\"\",\"caption\":\"N\u00e1dvo\u0159\u00ed benediktinsk\u00e9ho kl\u00e1\u0161tera v Broumov\u011b\",\"mime\":\"image\/jpeg\",\"type\":\"image\",\"width\":1024,\"height\":577,\"sizes\":{\"thumbnail\":{\"height\":85,\"width\":150,\"url\":\"https:\/\/www.cykloromantika.cz\/wp-content\/uploads\/2025\/12\/foto-2025-0731-32-150x85.jpg\",\"orientation\":\"landscape\"},\"medium\":{\"height\":169,\"width\":300,\"url\":\"https:\/\/www.cykloromantika.cz\/wp-content\/uploads\/2025\/12\/foto-2025-0731-32-300x169.jpg\",\"orientation\":\"landscape\"},\"full\":{\"url\":\"https:\/\/www.cykloromantika.cz\/wp-content\/uploads\/2025\/12\/foto-2025-0731-32.jpg\",\"height\":577,\"width\":1024,\"orientation\":\"landscape\"}},\"imageMeta\":{\"aperture\":\"2.2\",\"credit\":\"\",\"camera\":\"Galaxy S23\",\"caption\":\"N\u00e1dvo\u0159\u00ed benediktinsk\u00e9ho kl\u00e1\u0161tera v Broumov\u011b\",\"created_timestamp\":\"1753967554\",\"copyright\":\"\",\"focal_length\":\"2.2\",\"iso\":\"50\",\"shutter_speed\":\"0.000107155\",\"title\":\"N\u00e1dvo\u0159\u00ed benediktinsk\u00e9ho kl\u00e1\u0161tera v Broumov\u011b\",\"orientation\":\"0\",\"keywords\":[]},\"meta\":false,\"postlink\":\"https:\/\/www.cykloromantika.cz\/nadvori-benediktinskeho-klastera-v-broumove\/\"},{\"id\":9450,\"title\":\"Foto 2025 0731 33\",\"url\":\"https:\/\/www.cykloromantika.cz\/wp-content\/uploads\/2025\/12\/foto-2025-0731-33.jpg\",\"link\":\"https:\/\/www.cykloromantika.cz\/galerie-dum-v-klasterni-zahrade\/\",\"alt\":\"\",\"description\":\"\",\"caption\":\"Galerie D\u016fm v kl\u00e1\u0161tern\u00ed zahrad\u011b\",\"mime\":\"image\/jpeg\",\"type\":\"image\",\"width\":1024,\"height\":576,\"sizes\":{\"thumbnail\":{\"height\":84,\"width\":150,\"url\":\"https:\/\/www.cykloromantika.cz\/wp-content\/uploads\/2025\/12\/foto-2025-0731-33-150x84.jpg\",\"orientation\":\"landscape\"},\"medium\":{\"height\":169,\"width\":300,\"url\":\"https:\/\/www.cykloromantika.cz\/wp-content\/uploads\/2025\/12\/foto-2025-0731-33-300x169.jpg\",\"orientation\":\"landscape\"},\"full\":{\"url\":\"https:\/\/www.cykloromantika.cz\/wp-content\/uploads\/2025\/12\/foto-2025-0731-33.jpg\",\"height\":576,\"width\":1024,\"orientation\":\"landscape\"}},\"imageMeta\":{\"aperture\":\"1.8\",\"credit\":\"\",\"camera\":\"Galaxy S24\",\"caption\":\"Galerie D\u016fm v kl\u00e1\u0161tern\u00ed zahrad\u011b\",\"created_timestamp\":\"1753967665\",\"copyright\":\"\",\"focal_length\":\"5.4\",\"iso\":\"25\",\"shutter_speed\":\"0.000328947\",\"title\":\"Galerie D\u016fm v kl\u00e1\u0161tern\u00ed zahrad\u011b\",\"orientation\":\"0\",\"keywords\":[]},\"meta\":false,\"postlink\":\"https:\/\/www.cykloromantika.cz\/galerie-dum-v-klasterni-zahrade\/\"},{\"id\":9451,\"title\":\"Foto 2025 0731 34\",\"url\":\"https:\/\/www.cykloromantika.cz\/wp-content\/uploads\/2025\/12\/foto-2025-0731-34.jpg\",\"link\":\"https:\/\/www.cykloromantika.cz\/benediktinsky-klaster-v-broumove-3\/\",\"alt\":\"\",\"description\":\"\",\"caption\":\"Benediktinsk\u00fd kl\u00e1\u0161ter v Broumov\u011b\",\"mime\":\"image\/jpeg\",\"type\":\"image\",\"width\":1024,\"height\":576,\"sizes\":{\"thumbnail\":{\"height\":84,\"width\":150,\"url\":\"https:\/\/www.cykloromantika.cz\/wp-content\/uploads\/2025\/12\/foto-2025-0731-34-150x84.jpg\",\"orientation\":\"landscape\"},\"medium\":{\"height\":169,\"width\":300,\"url\":\"https:\/\/www.cykloromantika.cz\/wp-content\/uploads\/2025\/12\/foto-2025-0731-34-300x169.jpg\",\"orientation\":\"landscape\"},\"full\":{\"url\":\"https:\/\/www.cykloromantika.cz\/wp-content\/uploads\/2025\/12\/foto-2025-0731-34.jpg\",\"height\":576,\"width\":1024,\"orientation\":\"landscape\"}},\"imageMeta\":{\"aperture\":\"1.8\",\"credit\":\"\",\"camera\":\"Galaxy S23\",\"caption\":\"Benediktinsk\u00fd kl\u00e1\u0161ter v Broumov\u011b\",\"created_timestamp\":\"1753967695\",\"copyright\":\"\",\"focal_length\":\"5.4\",\"iso\":\"25\",\"shutter_speed\":\"0.000238813\",\"title\":\"Benediktinsk\u00fd kl\u00e1\u0161ter v Broumov\u011b\",\"orientation\":\"0\",\"keywords\":[]},\"meta\":false,\"postlink\":\"https:\/\/www.cykloromantika.cz\/benediktinsky-klaster-v-broumove-3\/\"},{\"id\":9452,\"title\":\"Foto 2025 0731 35\",\"url\":\"https:\/\/www.cykloromantika.cz\/wp-content\/uploads\/2025\/12\/foto-2025-0731-35.jpg\",\"link\":\"https:\/\/www.cykloromantika.cz\/nadvori-benediktinskeho-klastera-v-broumove-2\/\",\"alt\":\"\",\"description\":\"\",\"caption\":\"N\u00e1dvo\u0159\u00ed benediktinsk\u00e9ho kl\u00e1\u0161tera v Broumov\u011b\",\"mime\":\"image\/jpeg\",\"type\":\"image\",\"width\":768,\"height\":1024,\"sizes\":{\"thumbnail\":{\"height\":150,\"width\":113,\"url\":\"https:\/\/www.cykloromantika.cz\/wp-content\/uploads\/2025\/12\/foto-2025-0731-35-113x150.jpg\",\"orientation\":\"portrait\"},\"medium\":{\"height\":300,\"width\":225,\"url\":\"https:\/\/www.cykloromantika.cz\/wp-content\/uploads\/2025\/12\/foto-2025-0731-35-225x300.jpg\",\"orientation\":\"portrait\"},\"full\":{\"url\":\"https:\/\/www.cykloromantika.cz\/wp-content\/uploads\/2025\/12\/foto-2025-0731-35.jpg\",\"height\":1024,\"width\":768,\"orientation\":\"portrait\"}},\"imageMeta\":{\"aperture\":\"1.8\",\"credit\":\"\",\"camera\":\"Galaxy S24\",\"caption\":\"N\u00e1dvo\u0159\u00ed benediktinsk\u00e9ho kl\u00e1\u0161tera v Broumov\u011b\",\"created_timestamp\":\"1753968335\",\"copyright\":\"\",\"focal_length\":\"5.4\",\"iso\":\"25\",\"shutter_speed\":\"0.000192307\",\"title\":\"N\u00e1dvo\u0159\u00ed benediktinsk\u00e9ho kl\u00e1\u0161tera v Broumov\u011b\",\"orientation\":\"0\",\"keywords\":[]},\"meta\":false,\"postlink\":\"https:\/\/www.cykloromantika.cz\/nadvori-benediktinskeho-klastera-v-broumove-2\/\"},{\"id\":9453,\"title\":\"Foto 2025 0731 36\",\"url\":\"https:\/\/www.cykloromantika.cz\/wp-content\/uploads\/2025\/12\/foto-2025-0731-36.jpg\",\"link\":\"https:\/\/www.cykloromantika.cz\/dreveny-hrbitovni-kostel-panny-marie-v-broumove\/\",\"alt\":\"\",\"description\":\"\",\"caption\":\"D\u0159ev\u011bn\u00fd h\u0159bitovn\u00ed kostel Panny Marie v Broumov\u011b\",\"mime\":\"image\/jpeg\",\"type\":\"image\",\"width\":768,\"height\":1024,\"sizes\":{\"thumbnail\":{\"height\":150,\"width\":113,\"url\":\"https:\/\/www.cykloromantika.cz\/wp-content\/uploads\/2025\/12\/foto-2025-0731-36-113x150.jpg\",\"orientation\":\"portrait\"},\"medium\":{\"height\":300,\"width\":225,\"url\":\"https:\/\/www.cykloromantika.cz\/wp-content\/uploads\/2025\/12\/foto-2025-0731-36-225x300.jpg\",\"orientation\":\"portrait\"},\"full\":{\"url\":\"https:\/\/www.cykloromantika.cz\/wp-content\/uploads\/2025\/12\/foto-2025-0731-36.jpg\",\"height\":1024,\"width\":768,\"orientation\":\"portrait\"}},\"imageMeta\":{\"aperture\":\"1.8\",\"credit\":\"\",\"camera\":\"Galaxy S24\",\"caption\":\"D\u0159ev\u011bn\u00fd h\u0159bitovn\u00ed kostel Panny Marie v Broumov\u011b\",\"created_timestamp\":\"1753975336\",\"copyright\":\"\",\"focal_length\":\"5.4\",\"iso\":\"25\",\"shutter_speed\":\"0.000652741\",\"title\":\"D\u0159ev\u011bn\u00fd h\u0159bitovn\u00ed kostel Panny Marie v Broumov\u011b\",\"orientation\":\"0\",\"keywords\":[]},\"meta\":false,\"postlink\":\"https:\/\/www.cykloromantika.cz\/dreveny-hrbitovni-kostel-panny-marie-v-broumove\/\"},{\"id\":9454,\"title\":\"Foto 2025 0731 37\",\"url\":\"https:\/\/www.cykloromantika.cz\/wp-content\/uploads\/2025\/12\/foto-2025-0731-37.jpg\",\"link\":\"https:\/\/www.cykloromantika.cz\/dreveny-hrbitovni-kostel-panny-marie-v-broumove-2\/\",\"alt\":\"\",\"description\":\"\",\"caption\":\"D\u0159ev\u011bn\u00fd h\u0159bitovn\u00ed kostel Panny Marie v Broumov\u011b\",\"mime\":\"image\/jpeg\",\"type\":\"image\",\"width\":1024,\"height\":577,\"sizes\":{\"thumbnail\":{\"height\":85,\"width\":150,\"url\":\"https:\/\/www.cykloromantika.cz\/wp-content\/uploads\/2025\/12\/foto-2025-0731-37-150x85.jpg\",\"orientation\":\"landscape\"},\"medium\":{\"height\":169,\"width\":300,\"url\":\"https:\/\/www.cykloromantika.cz\/wp-content\/uploads\/2025\/12\/foto-2025-0731-37-300x169.jpg\",\"orientation\":\"landscape\"},\"full\":{\"url\":\"https:\/\/www.cykloromantika.cz\/wp-content\/uploads\/2025\/12\/foto-2025-0731-37.jpg\",\"height\":577,\"width\":1024,\"orientation\":\"landscape\"}},\"imageMeta\":{\"aperture\":\"1.8\",\"credit\":\"\",\"camera\":\"Galaxy S23\",\"caption\":\"D\u0159ev\u011bn\u00fd h\u0159bitovn\u00ed kostel Panny Marie v Broumov\u011b\",\"created_timestamp\":\"1753975362\",\"copyright\":\"\",\"focal_length\":\"5.4\",\"iso\":\"50\",\"shutter_speed\":\"0.000968274\",\"title\":\"D\u0159ev\u011bn\u00fd h\u0159bitovn\u00ed kostel Panny Marie v Broumov\u011b\",\"orientation\":\"0\",\"keywords\":[]},\"meta\":false,\"postlink\":\"https:\/\/www.cykloromantika.cz\/dreveny-hrbitovni-kostel-panny-marie-v-broumove-2\/\"},{\"id\":9455,\"title\":\"Foto 2025 0731 38\",\"url\":\"https:\/\/www.cykloromantika.cz\/wp-content\/uploads\/2025\/12\/foto-2025-0731-38.jpg\",\"link\":\"https:\/\/www.cykloromantika.cz\/podloubi-s-hroby\/\",\"alt\":\"\",\"description\":\"\",\"caption\":\"Podloub\u00ed s hroby\",\"mime\":\"image\/jpeg\",\"type\":\"image\",\"width\":1024,\"height\":577,\"sizes\":{\"thumbnail\":{\"height\":85,\"width\":150,\"url\":\"https:\/\/www.cykloromantika.cz\/wp-content\/uploads\/2025\/12\/foto-2025-0731-38-150x85.jpg\",\"orientation\":\"landscape\"},\"medium\":{\"height\":169,\"width\":300,\"url\":\"https:\/\/www.cykloromantika.cz\/wp-content\/uploads\/2025\/12\/foto-2025-0731-38-300x169.jpg\",\"orientation\":\"landscape\"},\"full\":{\"url\":\"https:\/\/www.cykloromantika.cz\/wp-content\/uploads\/2025\/12\/foto-2025-0731-38.jpg\",\"height\":577,\"width\":1024,\"orientation\":\"landscape\"}},\"imageMeta\":{\"aperture\":\"1.8\",\"credit\":\"\",\"camera\":\"Galaxy S23\",\"caption\":\"Podloub\u00ed s hroby\",\"created_timestamp\":\"1753975385\",\"copyright\":\"\",\"focal_length\":\"5.4\",\"iso\":\"100\",\"shutter_speed\":\"0.009991324\",\"title\":\"Podloub\u00ed s hroby\",\"orientation\":\"0\",\"keywords\":[]},\"meta\":false,\"postlink\":\"https:\/\/www.cykloromantika.cz\/podloubi-s-hroby\/\"},{\"id\":9456,\"title\":\"Foto 2025 0731 39\",\"url\":\"https:\/\/www.cykloromantika.cz\/wp-content\/uploads\/2025\/12\/foto-2025-0731-39.jpg\",\"link\":\"https:\/\/www.cykloromantika.cz\/dreveny-hrbitovni-kostel-panny-marie-v-broumove-3\/\",\"alt\":\"\",\"description\":\"\",\"caption\":\"D\u0159ev\u011bn\u00fd h\u0159bitovn\u00ed kostel Panny Marie v Broumov\u011b\",\"mime\":\"image\/jpeg\",\"type\":\"image\",\"width\":577,\"height\":1024,\"sizes\":{\"thumbnail\":{\"height\":150,\"width\":85,\"url\":\"https:\/\/www.cykloromantika.cz\/wp-content\/uploads\/2025\/12\/foto-2025-0731-39-85x150.jpg\",\"orientation\":\"portrait\"},\"medium\":{\"height\":300,\"width\":169,\"url\":\"https:\/\/www.cykloromantika.cz\/wp-content\/uploads\/2025\/12\/foto-2025-0731-39-169x300.jpg\",\"orientation\":\"portrait\"},\"full\":{\"url\":\"https:\/\/www.cykloromantika.cz\/wp-content\/uploads\/2025\/12\/foto-2025-0731-39.jpg\",\"height\":1024,\"width\":577,\"orientation\":\"portrait\"}},\"imageMeta\":{\"aperture\":\"1.8\",\"credit\":\"\",\"camera\":\"Galaxy S23\",\"caption\":\"D\u0159ev\u011bn\u00fd h\u0159bitovn\u00ed kostel Panny Marie v Broumov\u011b\",\"created_timestamp\":\"1753975583\",\"copyright\":\"\",\"focal_length\":\"5.4\",\"iso\":\"64\",\"shutter_speed\":\"0.000500125\",\"title\":\"D\u0159ev\u011bn\u00fd h\u0159bitovn\u00ed kostel Panny Marie v Broumov\u011b\",\"orientation\":\"0\",\"keywords\":[]},\"meta\":false,\"postlink\":\"https:\/\/www.cykloromantika.cz\/dreveny-hrbitovni-kostel-panny-marie-v-broumove-3\/\"},{\"id\":9457,\"title\":\"Foto 2025 0731 40\",\"url\":\"https:\/\/www.cykloromantika.cz\/wp-content\/uploads\/2025\/12\/foto-2025-0731-40.jpg\",\"link\":\"https:\/\/www.cykloromantika.cz\/oltar-drevenneho-kostela-v-broumove\/\",\"alt\":\"\",\"description\":\"\",\"caption\":\"Olt\u00e1\u0159 d\u0159ev\u011bnn\u00e9ho kostela v Broumov\u011b\",\"mime\":\"image\/jpeg\",\"type\":\"image\",\"width\":1024,\"height\":768,\"sizes\":{\"thumbnail\":{\"height\":113,\"width\":150,\"url\":\"https:\/\/www.cykloromantika.cz\/wp-content\/uploads\/2025\/12\/foto-2025-0731-40-150x113.jpg\",\"orientation\":\"landscape\"},\"medium\":{\"height\":225,\"width\":300,\"url\":\"https:\/\/www.cykloromantika.cz\/wp-content\/uploads\/2025\/12\/foto-2025-0731-40-300x225.jpg\",\"orientation\":\"landscape\"},\"full\":{\"url\":\"https:\/\/www.cykloromantika.cz\/wp-content\/uploads\/2025\/12\/foto-2025-0731-40.jpg\",\"height\":768,\"width\":1024,\"orientation\":\"landscape\"}},\"imageMeta\":{\"aperture\":\"1.8\",\"credit\":\"\",\"camera\":\"Galaxy S24\",\"caption\":\"Olt\u00e1\u0159 d\u0159ev\u011bnn\u00e9ho kostela v Broumov\u011b\",\"created_timestamp\":\"1753975633\",\"copyright\":\"\",\"focal_length\":\"5.4\",\"iso\":\"1250\",\"shutter_speed\":\"0.01\",\"title\":\"Olt\u00e1\u0159 d\u0159ev\u011bnn\u00e9ho kostela v Broumov\u011b\",\"orientation\":\"0\",\"keywords\":[]},\"meta\":false,\"postlink\":\"https:\/\/www.cykloromantika.cz\/oltar-drevenneho-kostela-v-broumove\/\"},{\"id\":9458,\"title\":\"Foto 2025 0731 41\",\"url\":\"https:\/\/www.cykloromantika.cz\/wp-content\/uploads\/2025\/12\/foto-2025-0731-41.jpg\",\"link\":\"https:\/\/www.cykloromantika.cz\/dreveny-hrbitovni-kostel-panny-marie-v-broumove-4\/\",\"alt\":\"\",\"description\":\"\",\"caption\":\"D\u0159ev\u011bn\u00fd h\u0159bitovn\u00ed kostel Panny Marie v Broumov\u011b\",\"mime\":\"image\/jpeg\",\"type\":\"image\",\"width\":1024,\"height\":577,\"sizes\":{\"thumbnail\":{\"height\":85,\"width\":150,\"url\":\"https:\/\/www.cykloromantika.cz\/wp-content\/uploads\/2025\/12\/foto-2025-0731-41-150x85.jpg\",\"orientation\":\"landscape\"},\"medium\":{\"height\":169,\"width\":300,\"url\":\"https:\/\/www.cykloromantika.cz\/wp-content\/uploads\/2025\/12\/foto-2025-0731-41-300x169.jpg\",\"orientation\":\"landscape\"},\"full\":{\"url\":\"https:\/\/www.cykloromantika.cz\/wp-content\/uploads\/2025\/12\/foto-2025-0731-41.jpg\",\"height\":577,\"width\":1024,\"orientation\":\"landscape\"}},\"imageMeta\":{\"aperture\":\"1.8\",\"credit\":\"\",\"camera\":\"Galaxy S23\",\"caption\":\"D\u0159ev\u011bn\u00fd h\u0159bitovn\u00ed kostel Panny Marie v Broumov\u011b\",\"created_timestamp\":\"1753975636\",\"copyright\":\"\",\"focal_length\":\"5.4\",\"iso\":\"25\",\"shutter_speed\":\"0.000866536\",\"title\":\"D\u0159ev\u011bn\u00fd h\u0159bitovn\u00ed kostel Panny Marie v Broumov\u011b\",\"orientation\":\"0\",\"keywords\":[]},\"meta\":false,\"postlink\":\"https:\/\/www.cykloromantika.cz\/dreveny-hrbitovni-kostel-panny-marie-v-broumove-4\/\"},{\"id\":9459,\"title\":\"Foto 2025 0731 42\",\"url\":\"https:\/\/www.cykloromantika.cz\/wp-content\/uploads\/2025\/12\/foto-2025-0731-42.jpg\",\"link\":\"https:\/\/www.cykloromantika.cz\/vyjizdime-na-broumovske-steny\/\",\"alt\":\"\",\"description\":\"\",\"caption\":\"Vyj\u00ed\u017ed\u00edme na Broumovsk\u00e9 st\u011bny\",\"mime\":\"image\/jpeg\",\"type\":\"image\",\"width\":1024,\"height\":576,\"sizes\":{\"thumbnail\":{\"height\":84,\"width\":150,\"url\":\"https:\/\/www.cykloromantika.cz\/wp-content\/uploads\/2025\/12\/foto-2025-0731-42-150x84.jpg\",\"orientation\":\"landscape\"},\"medium\":{\"height\":169,\"width\":300,\"url\":\"https:\/\/www.cykloromantika.cz\/wp-content\/uploads\/2025\/12\/foto-2025-0731-42-300x169.jpg\",\"orientation\":\"landscape\"},\"full\":{\"url\":\"https:\/\/www.cykloromantika.cz\/wp-content\/uploads\/2025\/12\/foto-2025-0731-42.jpg\",\"height\":576,\"width\":1024,\"orientation\":\"landscape\"}},\"imageMeta\":{\"aperture\":\"1.8\",\"credit\":\"\",\"camera\":\"Galaxy S23\",\"caption\":\"Vyj\u00ed\u017ed\u00edme na Broumovsk\u00e9 st\u011bny\",\"created_timestamp\":\"1753979239\",\"copyright\":\"\",\"focal_length\":\"5.4\",\"iso\":\"25\",\"shutter_speed\":\"0.000601229\",\"title\":\"Vyj\u00ed\u017ed\u00edme na Broumovsk\u00e9 st\u011bny\",\"orientation\":\"0\",\"keywords\":[]},\"meta\":false,\"postlink\":\"https:\/\/www.cykloromantika.cz\/vyjizdime-na-broumovske-steny\/\"},{\"id\":9460,\"title\":\"Foto 2025 0731 43\",\"url\":\"https:\/\/www.cykloromantika.cz\/wp-content\/uploads\/2025\/12\/foto-2025-0731-43.jpg\",\"link\":\"https:\/\/www.cykloromantika.cz\/policka-stran\/\",\"alt\":\"\",\"description\":\"\",\"caption\":\"Polick\u00e1 str\u00e1\u0148\",\"mime\":\"image\/jpeg\",\"type\":\"image\",\"width\":1024,\"height\":577,\"sizes\":{\"thumbnail\":{\"height\":85,\"width\":150,\"url\":\"https:\/\/www.cykloromantika.cz\/wp-content\/uploads\/2025\/12\/foto-2025-0731-43-150x85.jpg\",\"orientation\":\"landscape\"},\"medium\":{\"height\":169,\"width\":300,\"url\":\"https:\/\/www.cykloromantika.cz\/wp-content\/uploads\/2025\/12\/foto-2025-0731-43-300x169.jpg\",\"orientation\":\"landscape\"},\"full\":{\"url\":\"https:\/\/www.cykloromantika.cz\/wp-content\/uploads\/2025\/12\/foto-2025-0731-43.jpg\",\"height\":577,\"width\":1024,\"orientation\":\"landscape\"}},\"imageMeta\":{\"aperture\":\"1.8\",\"credit\":\"\",\"camera\":\"Galaxy S23\",\"caption\":\"Polick\u00e1 str\u00e1\u0148\",\"created_timestamp\":\"1753979998\",\"copyright\":\"\",\"focal_length\":\"5.4\",\"iso\":\"25\",\"shutter_speed\":\"0.0003703\",\"title\":\"Polick\u00e1 str\u00e1\u0148\",\"orientation\":\"0\",\"keywords\":[]},\"meta\":false,\"postlink\":\"https:\/\/www.cykloromantika.cz\/policka-stran\/\"},{\"id\":9461,\"title\":\"Foto 2025 0731 44\",\"url\":\"https:\/\/www.cykloromantika.cz\/wp-content\/uploads\/2025\/12\/foto-2025-0731-44.jpg\",\"link\":\"https:\/\/www.cykloromantika.cz\/na-junackou-vyhlidku\/\",\"alt\":\"\",\"description\":\"\",\"caption\":\"Na Jun\u00e1ckou vyhl\u00eddku\",\"mime\":\"image\/jpeg\",\"type\":\"image\",\"width\":1024,\"height\":429,\"sizes\":{\"thumbnail\":{\"height\":63,\"width\":150,\"url\":\"https:\/\/www.cykloromantika.cz\/wp-content\/uploads\/2025\/12\/foto-2025-0731-44-150x63.jpg\",\"orientation\":\"landscape\"},\"medium\":{\"height\":126,\"width\":300,\"url\":\"https:\/\/www.cykloromantika.cz\/wp-content\/uploads\/2025\/12\/foto-2025-0731-44-300x126.jpg\",\"orientation\":\"landscape\"},\"full\":{\"url\":\"https:\/\/www.cykloromantika.cz\/wp-content\/uploads\/2025\/12\/foto-2025-0731-44.jpg\",\"height\":429,\"width\":1024,\"orientation\":\"landscape\"}},\"imageMeta\":{\"aperture\":\"0\",\"credit\":\"\",\"camera\":\"SM-G991B\",\"caption\":\"Na Jun\u00e1ckou vyhl\u00eddku\",\"created_timestamp\":\"1753980924\",\"copyright\":\"\",\"focal_length\":\"2.2\",\"iso\":\"0\",\"shutter_speed\":\"0\",\"title\":\"Na Jun\u00e1ckou vyhl\u00eddku\",\"orientation\":\"0\",\"keywords\":[]},\"meta\":false,\"postlink\":\"https:\/\/www.cykloromantika.cz\/na-junackou-vyhlidku\/\"},{\"id\":9462,\"title\":\"Foto 2025 0731 45\",\"url\":\"https:\/\/www.cykloromantika.cz\/wp-content\/uploads\/2025\/12\/foto-2025-0731-45.jpg\",\"link\":\"https:\/\/www.cykloromantika.cz\/brana-do-npp-policke-steny\/\",\"alt\":\"\",\"description\":\"\",\"caption\":\"Br\u00e1na do NPP Polick\u00e9 st\u011bny\",\"mime\":\"image\/jpeg\",\"type\":\"image\",\"width\":1024,\"height\":768,\"sizes\":{\"thumbnail\":{\"height\":113,\"width\":150,\"url\":\"https:\/\/www.cykloromantika.cz\/wp-content\/uploads\/2025\/12\/foto-2025-0731-45-150x113.jpg\",\"orientation\":\"landscape\"},\"medium\":{\"height\":225,\"width\":300,\"url\":\"https:\/\/www.cykloromantika.cz\/wp-content\/uploads\/2025\/12\/foto-2025-0731-45-300x225.jpg\",\"orientation\":\"landscape\"},\"full\":{\"url\":\"https:\/\/www.cykloromantika.cz\/wp-content\/uploads\/2025\/12\/foto-2025-0731-45.jpg\",\"height\":768,\"width\":1024,\"orientation\":\"landscape\"}},\"imageMeta\":{\"aperture\":\"2.2\",\"credit\":\"\",\"camera\":\"SM-G991B\",\"caption\":\"Br\u00e1na do NPP Polick\u00e9 st\u011bny\",\"created_timestamp\":\"1753981215\",\"copyright\":\"\",\"focal_length\":\"2.2\",\"iso\":\"125\",\"shutter_speed\":\"0.02\",\"title\":\"Br\u00e1na do NPP Polick\u00e9 st\u011bny\",\"orientation\":\"0\",\"keywords\":[]},\"meta\":false,\"postlink\":\"https:\/\/www.cykloromantika.cz\/brana-do-npp-policke-steny\/\"},{\"id\":9463,\"title\":\"Foto 2025 0731 46\",\"url\":\"https:\/\/www.cykloromantika.cz\/wp-content\/uploads\/2025\/12\/foto-2025-0731-46.jpg\",\"link\":\"https:\/\/www.cykloromantika.cz\/brana-do-npp-policke-steny-2\/\",\"alt\":\"\",\"description\":\"\",\"caption\":\"Br\u00e1na do NPP Polick\u00e9 st\u011bny\",\"mime\":\"image\/jpeg\",\"type\":\"image\",\"width\":768,\"height\":1024,\"sizes\":{\"thumbnail\":{\"height\":150,\"width\":113,\"url\":\"https:\/\/www.cykloromantika.cz\/wp-content\/uploads\/2025\/12\/foto-2025-0731-46-113x150.jpg\",\"orientation\":\"portrait\"},\"medium\":{\"height\":300,\"width\":225,\"url\":\"https:\/\/www.cykloromantika.cz\/wp-content\/uploads\/2025\/12\/foto-2025-0731-46-225x300.jpg\",\"orientation\":\"portrait\"},\"full\":{\"url\":\"https:\/\/www.cykloromantika.cz\/wp-content\/uploads\/2025\/12\/foto-2025-0731-46.jpg\",\"height\":1024,\"width\":768,\"orientation\":\"portrait\"}},\"imageMeta\":{\"aperture\":\"2.2\",\"credit\":\"\",\"camera\":\"SM-G991B\",\"caption\":\"Br\u00e1na do NPP Polick\u00e9 st\u011bny\",\"created_timestamp\":\"1753981273\",\"copyright\":\"\",\"focal_length\":\"2.2\",\"iso\":\"160\",\"shutter_speed\":\"0.02\",\"title\":\"Br\u00e1na do NPP Polick\u00e9 st\u011bny\",\"orientation\":\"0\",\"keywords\":[]},\"meta\":false,\"postlink\":\"https:\/\/www.cykloromantika.cz\/brana-do-npp-policke-steny-2\/\"},{\"id\":9464,\"title\":\"Foto 2025 0731 47\",\"url\":\"https:\/\/www.cykloromantika.cz\/wp-content\/uploads\/2025\/12\/foto-2025-0731-47.jpg\",\"link\":\"https:\/\/www.cykloromantika.cz\/brana-do-npp-policke-steny-3\/\",\"alt\":\"\",\"description\":\"\",\"caption\":\"Br\u00e1na do NPP Polick\u00e9 st\u011bny\",\"mime\":\"image\/jpeg\",\"type\":\"image\",\"width\":768,\"height\":1024,\"sizes\":{\"thumbnail\":{\"height\":150,\"width\":113,\"url\":\"https:\/\/www.cykloromantika.cz\/wp-content\/uploads\/2025\/12\/foto-2025-0731-47-113x150.jpg\",\"orientation\":\"portrait\"},\"medium\":{\"height\":300,\"width\":225,\"url\":\"https:\/\/www.cykloromantika.cz\/wp-content\/uploads\/2025\/12\/foto-2025-0731-47-225x300.jpg\",\"orientation\":\"portrait\"},\"full\":{\"url\":\"https:\/\/www.cykloromantika.cz\/wp-content\/uploads\/2025\/12\/foto-2025-0731-47.jpg\",\"height\":1024,\"width\":768,\"orientation\":\"portrait\"}},\"imageMeta\":{\"aperture\":\"1.8\",\"credit\":\"\",\"camera\":\"Galaxy S24\",\"caption\":\"Br\u00e1na do NPP Polick\u00e9 st\u011bny\",\"created_timestamp\":\"1753981335\",\"copyright\":\"\",\"focal_length\":\"5.4\",\"iso\":\"200\",\"shutter_speed\":\"0.01\",\"title\":\"Br\u00e1na do NPP Polick\u00e9 st\u011bny\",\"orientation\":\"0\",\"keywords\":[]},\"meta\":false,\"postlink\":\"https:\/\/www.cykloromantika.cz\/brana-do-npp-policke-steny-3\/\"},{\"id\":9465,\"title\":\"Foto 2025 0731 48\",\"url\":\"https:\/\/www.cykloromantika.cz\/wp-content\/uploads\/2025\/12\/foto-2025-0731-48.jpg\",\"link\":\"https:\/\/www.cykloromantika.cz\/brana-do-npp-policke-steny-4\/\",\"alt\":\"\",\"description\":\"\",\"caption\":\"Br\u00e1na do NPP Polick\u00e9 st\u011bny\",\"mime\":\"image\/jpeg\",\"type\":\"image\",\"width\":768,\"height\":1024,\"sizes\":{\"thumbnail\":{\"height\":150,\"width\":113,\"url\":\"https:\/\/www.cykloromantika.cz\/wp-content\/uploads\/2025\/12\/foto-2025-0731-48-113x150.jpg\",\"orientation\":\"portrait\"},\"medium\":{\"height\":300,\"width\":225,\"url\":\"https:\/\/www.cykloromantika.cz\/wp-content\/uploads\/2025\/12\/foto-2025-0731-48-225x300.jpg\",\"orientation\":\"portrait\"},\"full\":{\"url\":\"https:\/\/www.cykloromantika.cz\/wp-content\/uploads\/2025\/12\/foto-2025-0731-48.jpg\",\"height\":1024,\"width\":768,\"orientation\":\"portrait\"}},\"imageMeta\":{\"aperture\":\"1.8\",\"credit\":\"\",\"camera\":\"Galaxy S24\",\"caption\":\"Br\u00e1na do NPP Polick\u00e9 st\u011bny\",\"created_timestamp\":\"1753981343\",\"copyright\":\"\",\"focal_length\":\"5.4\",\"iso\":\"800\",\"shutter_speed\":\"0.01\",\"title\":\"Br\u00e1na do NPP Polick\u00e9 st\u011bny\",\"orientation\":\"0\",\"keywords\":[]},\"meta\":false,\"postlink\":\"https:\/\/www.cykloromantika.cz\/brana-do-npp-policke-steny-4\/\"},{\"id\":9466,\"title\":\"Foto 2025 0731 49\",\"url\":\"https:\/\/www.cykloromantika.cz\/wp-content\/uploads\/2025\/12\/foto-2025-0731-49.jpg\",\"link\":\"https:\/\/www.cykloromantika.cz\/brana-do-npp-policke-steny-bludiste\/\",\"alt\":\"\",\"description\":\"\",\"caption\":\"Br\u00e1na do NPP Polick\u00e9 st\u011bny Bludi\u0161t\u011b\",\"mime\":\"image\/jpeg\",\"type\":\"image\",\"width\":768,\"height\":1024,\"sizes\":{\"thumbnail\":{\"height\":150,\"width\":113,\"url\":\"https:\/\/www.cykloromantika.cz\/wp-content\/uploads\/2025\/12\/foto-2025-0731-49-113x150.jpg\",\"orientation\":\"portrait\"},\"medium\":{\"height\":300,\"width\":225,\"url\":\"https:\/\/www.cykloromantika.cz\/wp-content\/uploads\/2025\/12\/foto-2025-0731-49-225x300.jpg\",\"orientation\":\"portrait\"},\"full\":{\"url\":\"https:\/\/www.cykloromantika.cz\/wp-content\/uploads\/2025\/12\/foto-2025-0731-49.jpg\",\"height\":1024,\"width\":768,\"orientation\":\"portrait\"}},\"imageMeta\":{\"aperture\":\"1.8\",\"credit\":\"\",\"camera\":\"Galaxy S24\",\"caption\":\"Br\u00e1na do NPP Polick\u00e9 st\u011bny Bludi\u0161t\u011b\",\"created_timestamp\":\"1753981356\",\"copyright\":\"\",\"focal_length\":\"5.4\",\"iso\":\"640\",\"shutter_speed\":\"0.01\",\"title\":\"Br\u00e1na do NPP Polick\u00e9 st\u011bny Bludi\u0161t\u011b\",\"orientation\":\"0\",\"keywords\":[]},\"meta\":false,\"postlink\":\"https:\/\/www.cykloromantika.cz\/brana-do-npp-policke-steny-bludiste\/\"},{\"id\":9467,\"title\":\"Foto 2025 0731 50\",\"url\":\"https:\/\/www.cykloromantika.cz\/wp-content\/uploads\/2025\/12\/foto-2025-0731-50.jpg\",\"link\":\"https:\/\/www.cykloromantika.cz\/junacka-vyhlidka\/\",\"alt\":\"\",\"description\":\"\",\"caption\":\"Jun\u00e1ck\u00e1 vyhl\u00eddka\",\"mime\":\"image\/jpeg\",\"type\":\"image\",\"width\":768,\"height\":1024,\"sizes\":{\"thumbnail\":{\"height\":150,\"width\":113,\"url\":\"https:\/\/www.cykloromantika.cz\/wp-content\/uploads\/2025\/12\/foto-2025-0731-50-113x150.jpg\",\"orientation\":\"portrait\"},\"medium\":{\"height\":300,\"width\":225,\"url\":\"https:\/\/www.cykloromantika.cz\/wp-content\/uploads\/2025\/12\/foto-2025-0731-50-225x300.jpg\",\"orientation\":\"portrait\"},\"full\":{\"url\":\"https:\/\/www.cykloromantika.cz\/wp-content\/uploads\/2025\/12\/foto-2025-0731-50.jpg\",\"height\":1024,\"width\":768,\"orientation\":\"portrait\"}},\"imageMeta\":{\"aperture\":\"1.8\",\"credit\":\"\",\"camera\":\"Galaxy S24\",\"caption\":\"Jun\u00e1ck\u00e1 vyhl\u00eddka\",\"created_timestamp\":\"1753981370\",\"copyright\":\"\",\"focal_length\":\"5.4\",\"iso\":\"200\",\"shutter_speed\":\"0.01\",\"title\":\"Jun\u00e1ck\u00e1 vyhl\u00eddka\",\"orientation\":\"0\",\"keywords\":[]},\"meta\":false,\"postlink\":\"https:\/\/www.cykloromantika.cz\/junacka-vyhlidka\/\"},{\"id\":9468,\"title\":\"Foto 2025 0731 51\",\"url\":\"https:\/\/www.cykloromantika.cz\/wp-content\/uploads\/2025\/12\/foto-2025-0731-51.jpg\",\"link\":\"https:\/\/www.cykloromantika.cz\/bludiste\/\",\"alt\":\"\",\"description\":\"\",\"caption\":\"Bludi\u0161t\u011b\",\"mime\":\"image\/jpeg\",\"type\":\"image\",\"width\":768,\"height\":1024,\"sizes\":{\"thumbnail\":{\"height\":150,\"width\":113,\"url\":\"https:\/\/www.cykloromantika.cz\/wp-content\/uploads\/2025\/12\/foto-2025-0731-51-113x150.jpg\",\"orientation\":\"portrait\"},\"medium\":{\"height\":300,\"width\":225,\"url\":\"https:\/\/www.cykloromantika.cz\/wp-content\/uploads\/2025\/12\/foto-2025-0731-51-225x300.jpg\",\"orientation\":\"portrait\"},\"full\":{\"url\":\"https:\/\/www.cykloromantika.cz\/wp-content\/uploads\/2025\/12\/foto-2025-0731-51.jpg\",\"height\":1024,\"width\":768,\"orientation\":\"portrait\"}},\"imageMeta\":{\"aperture\":\"1.8\",\"credit\":\"\",\"camera\":\"Galaxy S24\",\"caption\":\"Bludi\u0161t\u011b\",\"created_timestamp\":\"1753981382\",\"copyright\":\"\",\"focal_length\":\"5.4\",\"iso\":\"125\",\"shutter_speed\":\"0.005555555\",\"title\":\"Bludi\u0161t\u011b\",\"orientation\":\"0\",\"keywords\":[]},\"meta\":false,\"postlink\":\"https:\/\/www.cykloromantika.cz\/bludiste\/\"},{\"id\":9469,\"title\":\"Foto 2025 0731 52\",\"url\":\"https:\/\/www.cykloromantika.cz\/wp-content\/uploads\/2025\/12\/foto-2025-0731-52.jpg\",\"link\":\"https:\/\/www.cykloromantika.cz\/junacka-vyhlidka-2\/\",\"alt\":\"\",\"description\":\"\",\"caption\":\"Jun\u00e1ck\u00e1 vyhl\u00eddka\",\"mime\":\"image\/jpeg\",\"type\":\"image\",\"width\":1024,\"height\":577,\"sizes\":{\"thumbnail\":{\"height\":85,\"width\":150,\"url\":\"https:\/\/www.cykloromantika.cz\/wp-content\/uploads\/2025\/12\/foto-2025-0731-52-150x85.jpg\",\"orientation\":\"landscape\"},\"medium\":{\"height\":169,\"width\":300,\"url\":\"https:\/\/www.cykloromantika.cz\/wp-content\/uploads\/2025\/12\/foto-2025-0731-52-300x169.jpg\",\"orientation\":\"landscape\"},\"full\":{\"url\":\"https:\/\/www.cykloromantika.cz\/wp-content\/uploads\/2025\/12\/foto-2025-0731-52.jpg\",\"height\":577,\"width\":1024,\"orientation\":\"landscape\"}},\"imageMeta\":{\"aperture\":\"1.8\",\"credit\":\"\",\"camera\":\"Galaxy S23\",\"caption\":\"Jun\u00e1ck\u00e1 vyhl\u00eddka\",\"created_timestamp\":\"1753981399\",\"copyright\":\"\",\"focal_length\":\"5.4\",\"iso\":\"25\",\"shutter_speed\":\"0.001265938\",\"title\":\"Jun\u00e1ck\u00e1 vyhl\u00eddka\",\"orientation\":\"0\",\"keywords\":[]},\"meta\":false,\"postlink\":\"https:\/\/www.cykloromantika.cz\/junacka-vyhlidka-2\/\"},{\"id\":9470,\"title\":\"Foto 2025 0731 53\",\"url\":\"https:\/\/www.cykloromantika.cz\/wp-content\/uploads\/2025\/12\/foto-2025-0731-53.jpg\",\"link\":\"https:\/\/www.cykloromantika.cz\/bludiste-2\/\",\"alt\":\"\",\"description\":\"\",\"caption\":\"Bludi\u0161t\u011b\",\"mime\":\"image\/jpeg\",\"type\":\"image\",\"width\":768,\"height\":1024,\"sizes\":{\"thumbnail\":{\"height\":150,\"width\":113,\"url\":\"https:\/\/www.cykloromantika.cz\/wp-content\/uploads\/2025\/12\/foto-2025-0731-53-113x150.jpg\",\"orientation\":\"portrait\"},\"medium\":{\"height\":300,\"width\":225,\"url\":\"https:\/\/www.cykloromantika.cz\/wp-content\/uploads\/2025\/12\/foto-2025-0731-53-225x300.jpg\",\"orientation\":\"portrait\"},\"full\":{\"url\":\"https:\/\/www.cykloromantika.cz\/wp-content\/uploads\/2025\/12\/foto-2025-0731-53.jpg\",\"height\":1024,\"width\":768,\"orientation\":\"portrait\"}},\"imageMeta\":{\"aperture\":\"1.8\",\"credit\":\"\",\"camera\":\"Galaxy S24\",\"caption\":\"Bludi\u0161t\u011b\",\"created_timestamp\":\"1753981423\",\"copyright\":\"\",\"focal_length\":\"5.4\",\"iso\":\"160\",\"shutter_speed\":\"0.01\",\"title\":\"Bludi\u0161t\u011b\",\"orientation\":\"0\",\"keywords\":[]},\"meta\":false,\"postlink\":\"https:\/\/www.cykloromantika.cz\/bludiste-2\/\"},{\"id\":9471,\"title\":\"Foto 2025 0731 54\",\"url\":\"https:\/\/www.cykloromantika.cz\/wp-content\/uploads\/2025\/12\/foto-2025-0731-54.jpg\",\"link\":\"https:\/\/www.cykloromantika.cz\/junak\/\",\"alt\":\"\",\"description\":\"\",\"caption\":\"Jun\u00e1k!\",\"mime\":\"image\/jpeg\",\"type\":\"image\",\"width\":577,\"height\":1024,\"sizes\":{\"thumbnail\":{\"height\":150,\"width\":85,\"url\":\"https:\/\/www.cykloromantika.cz\/wp-content\/uploads\/2025\/12\/foto-2025-0731-54-85x150.jpg\",\"orientation\":\"portrait\"},\"medium\":{\"height\":300,\"width\":169,\"url\":\"https:\/\/www.cykloromantika.cz\/wp-content\/uploads\/2025\/12\/foto-2025-0731-54-169x300.jpg\",\"orientation\":\"portrait\"},\"full\":{\"url\":\"https:\/\/www.cykloromantika.cz\/wp-content\/uploads\/2025\/12\/foto-2025-0731-54.jpg\",\"height\":1024,\"width\":577,\"orientation\":\"portrait\"}},\"imageMeta\":{\"aperture\":\"1.8\",\"credit\":\"\",\"camera\":\"Galaxy S23\",\"caption\":\"Jun\u00e1k!\",\"created_timestamp\":\"1753981463\",\"copyright\":\"\",\"focal_length\":\"5.4\",\"iso\":\"25\",\"shutter_speed\":\"0.00341029\",\"title\":\"Jun\u00e1k!\",\"orientation\":\"0\",\"keywords\":[]},\"meta\":false,\"postlink\":\"https:\/\/www.cykloromantika.cz\/junak\/\"},{\"id\":9472,\"title\":\"Foto 2025 0731 55\",\"url\":\"https:\/\/www.cykloromantika.cz\/wp-content\/uploads\/2025\/12\/foto-2025-0731-55.jpg\",\"link\":\"https:\/\/www.cykloromantika.cz\/zbytek-junaku\/\",\"alt\":\"\",\"description\":\"\",\"caption\":\"Zbytek Jun\u00e1k\u016f!\",\"mime\":\"image\/jpeg\",\"type\":\"image\",\"width\":768,\"height\":1024,\"sizes\":{\"thumbnail\":{\"height\":150,\"width\":113,\"url\":\"https:\/\/www.cykloromantika.cz\/wp-content\/uploads\/2025\/12\/foto-2025-0731-55-113x150.jpg\",\"orientation\":\"portrait\"},\"medium\":{\"height\":300,\"width\":225,\"url\":\"https:\/\/www.cykloromantika.cz\/wp-content\/uploads\/2025\/12\/foto-2025-0731-55-225x300.jpg\",\"orientation\":\"portrait\"},\"full\":{\"url\":\"https:\/\/www.cykloromantika.cz\/wp-content\/uploads\/2025\/12\/foto-2025-0731-55.jpg\",\"height\":1024,\"width\":768,\"orientation\":\"portrait\"}},\"imageMeta\":{\"aperture\":\"1.8\",\"credit\":\"\",\"camera\":\"Galaxy S24\",\"caption\":\"Zbytek Jun\u00e1k\u016f!\",\"created_timestamp\":\"1753981472\",\"copyright\":\"\",\"focal_length\":\"5.4\",\"iso\":\"25\",\"shutter_speed\":\"0.00125\",\"title\":\"Zbytek Jun\u00e1k\u016f!\",\"orientation\":\"0\",\"keywords\":[]},\"meta\":false,\"postlink\":\"https:\/\/www.cykloromantika.cz\/zbytek-junaku\/\"},{\"id\":9473,\"title\":\"Foto 2025 0731 56\",\"url\":\"https:\/\/www.cykloromantika.cz\/wp-content\/uploads\/2025\/12\/foto-2025-0731-56.jpg\",\"link\":\"https:\/\/www.cykloromantika.cz\/junacka-vyhlidka-3\/\",\"alt\":\"\",\"description\":\"\",\"caption\":\"Jun\u00e1ck\u00e1 vyhl\u00eddka\",\"mime\":\"image\/jpeg\",\"type\":\"image\",\"width\":768,\"height\":1024,\"sizes\":{\"thumbnail\":{\"height\":150,\"width\":113,\"url\":\"https:\/\/www.cykloromantika.cz\/wp-content\/uploads\/2025\/12\/foto-2025-0731-56-113x150.jpg\",\"orientation\":\"portrait\"},\"medium\":{\"height\":300,\"width\":225,\"url\":\"https:\/\/www.cykloromantika.cz\/wp-content\/uploads\/2025\/12\/foto-2025-0731-56-225x300.jpg\",\"orientation\":\"portrait\"},\"full\":{\"url\":\"https:\/\/www.cykloromantika.cz\/wp-content\/uploads\/2025\/12\/foto-2025-0731-56.jpg\",\"height\":1024,\"width\":768,\"orientation\":\"portrait\"}},\"imageMeta\":{\"aperture\":\"1.8\",\"credit\":\"\",\"camera\":\"Galaxy S24\",\"caption\":\"Jun\u00e1ck\u00e1 vyhl\u00eddka\",\"created_timestamp\":\"1753981531\",\"copyright\":\"\",\"focal_length\":\"5.4\",\"iso\":\"25\",\"shutter_speed\":\"0.00330033\",\"title\":\"Jun\u00e1ck\u00e1 vyhl\u00eddka\",\"orientation\":\"0\",\"keywords\":[]},\"meta\":false,\"postlink\":\"https:\/\/www.cykloromantika.cz\/junacka-vyhlidka-3\/\"},{\"id\":9474,\"title\":\"Foto 2025 0731 57\",\"url\":\"https:\/\/www.cykloromantika.cz\/wp-content\/uploads\/2025\/12\/foto-2025-0731-57.jpg\",\"link\":\"https:\/\/www.cykloromantika.cz\/kostel-nanebevzeti-panny-marie-v-polici-n-m\/\",\"alt\":\"\",\"description\":\"\",\"caption\":\"Kostel Nanebevzet\u00ed Panny Marie v Polici n. M.\",\"mime\":\"image\/jpeg\",\"type\":\"image\",\"width\":1024,\"height\":683,\"sizes\":{\"thumbnail\":{\"height\":100,\"width\":150,\"url\":\"https:\/\/www.cykloromantika.cz\/wp-content\/uploads\/2025\/12\/foto-2025-0731-57-150x100.jpg\",\"orientation\":\"landscape\"},\"medium\":{\"height\":200,\"width\":300,\"url\":\"https:\/\/www.cykloromantika.cz\/wp-content\/uploads\/2025\/12\/foto-2025-0731-57-300x200.jpg\",\"orientation\":\"landscape\"},\"full\":{\"url\":\"https:\/\/www.cykloromantika.cz\/wp-content\/uploads\/2025\/12\/foto-2025-0731-57.jpg\",\"height\":683,\"width\":1024,\"orientation\":\"landscape\"}},\"imageMeta\":{\"aperture\":\"1.8\",\"credit\":\"\",\"camera\":\"Galaxy S24\",\"caption\":\"Kostel Nanebevzet\u00ed Panny Marie v Polici n. M.\",\"created_timestamp\":\"1753983471\",\"copyright\":\"\",\"focal_length\":\"5.4\",\"iso\":\"25\",\"shutter_speed\":\"0.000932835\",\"title\":\"Kostel Nanebevzet\u00ed Panny Marie v Polici n. M.\",\"orientation\":\"0\",\"keywords\":[]},\"meta\":false,\"postlink\":\"https:\/\/www.cykloromantika.cz\/kostel-nanebevzeti-panny-marie-v-polici-n-m\/\"},{\"id\":9475,\"title\":\"Foto 2025 0731 58\",\"url\":\"https:\/\/www.cykloromantika.cz\/wp-content\/uploads\/2025\/12\/foto-2025-0731-58.jpg\",\"link\":\"https:\/\/www.cykloromantika.cz\/radnice-v-polici-nad-metuji\/\",\"alt\":\"\",\"description\":\"\",\"caption\":\"Radnice v Polici nad Metuj\u00ed\",\"mime\":\"image\/jpeg\",\"type\":\"image\",\"width\":768,\"height\":1024,\"sizes\":{\"thumbnail\":{\"height\":150,\"width\":113,\"url\":\"https:\/\/www.cykloromantika.cz\/wp-content\/uploads\/2025\/12\/foto-2025-0731-58-113x150.jpg\",\"orientation\":\"portrait\"},\"medium\":{\"height\":300,\"width\":225,\"url\":\"https:\/\/www.cykloromantika.cz\/wp-content\/uploads\/2025\/12\/foto-2025-0731-58-225x300.jpg\",\"orientation\":\"portrait\"},\"full\":{\"url\":\"https:\/\/www.cykloromantika.cz\/wp-content\/uploads\/2025\/12\/foto-2025-0731-58.jpg\",\"height\":1024,\"width\":768,\"orientation\":\"portrait\"}},\"imageMeta\":{\"aperture\":\"1.8\",\"credit\":\"\",\"camera\":\"Galaxy S24\",\"caption\":\"Radnice v Polici nad Metuj\u00ed\",\"created_timestamp\":\"1753983590\",\"copyright\":\"\",\"focal_length\":\"5.4\",\"iso\":\"25\",\"shutter_speed\":\"0.001319261\",\"title\":\"Radnice v Polici nad Metuj\u00ed\",\"orientation\":\"0\",\"keywords\":[]},\"meta\":false,\"postlink\":\"https:\/\/www.cykloromantika.cz\/radnice-v-polici-nad-metuji\/\"},{\"id\":9476,\"title\":\"Foto 2025 0731 59\",\"url\":\"https:\/\/www.cykloromantika.cz\/wp-content\/uploads\/2025\/12\/foto-2025-0731-59.jpg\",\"link\":\"https:\/\/www.cykloromantika.cz\/sloup-se-sochou-panny-marie-v-hronove\/\",\"alt\":\"\",\"description\":\"\",\"caption\":\"Sloup se sochou Panny Marie v Hronov\u011b\",\"mime\":\"image\/jpeg\",\"type\":\"image\",\"width\":1024,\"height\":768,\"sizes\":{\"thumbnail\":{\"height\":113,\"width\":150,\"url\":\"https:\/\/www.cykloromantika.cz\/wp-content\/uploads\/2025\/12\/foto-2025-0731-59-150x113.jpg\",\"orientation\":\"landscape\"},\"medium\":{\"height\":225,\"width\":300,\"url\":\"https:\/\/www.cykloromantika.cz\/wp-content\/uploads\/2025\/12\/foto-2025-0731-59-300x225.jpg\",\"orientation\":\"landscape\"},\"full\":{\"url\":\"https:\/\/www.cykloromantika.cz\/wp-content\/uploads\/2025\/12\/foto-2025-0731-59.jpg\",\"height\":768,\"width\":1024,\"orientation\":\"landscape\"}},\"imageMeta\":{\"aperture\":\"1.8\",\"credit\":\"\",\"camera\":\"Galaxy S24\",\"caption\":\"Sloup se sochou Panny Marie v Hronov\u011b\",\"created_timestamp\":\"1753985396\",\"copyright\":\"\",\"focal_length\":\"5.4\",\"iso\":\"25\",\"shutter_speed\":\"0.000413907\",\"title\":\"Sloup se sochou Panny Marie v Hronov\u011b\",\"orientation\":\"0\",\"keywords\":[]},\"meta\":false,\"postlink\":\"https:\/\/www.cykloromantika.cz\/sloup-se-sochou-panny-marie-v-hronove\/\"},{\"id\":9477,\"title\":\"Foto 2025 0731 60\",\"url\":\"https:\/\/www.cykloromantika.cz\/wp-content\/uploads\/2025\/12\/foto-2025-0731-60.jpg\",\"link\":\"https:\/\/www.cykloromantika.cz\/jiraskovo-divadlo-a-obecna-a-mestanska-skola-v-hronove\/\",\"alt\":\"\",\"description\":\"\",\"caption\":\"Jir\u00e1skovo divadlo a Obecn\u00e1 a M\u011bs\u0165ansk\u00e1 \u0161kola v Hronov\u011b\",\"mime\":\"image\/jpeg\",\"type\":\"image\",\"width\":1024,\"height\":768,\"sizes\":{\"thumbnail\":{\"height\":113,\"width\":150,\"url\":\"https:\/\/www.cykloromantika.cz\/wp-content\/uploads\/2025\/12\/foto-2025-0731-60-150x113.jpg\",\"orientation\":\"landscape\"},\"medium\":{\"height\":225,\"width\":300,\"url\":\"https:\/\/www.cykloromantika.cz\/wp-content\/uploads\/2025\/12\/foto-2025-0731-60-300x225.jpg\",\"orientation\":\"landscape\"},\"full\":{\"url\":\"https:\/\/www.cykloromantika.cz\/wp-content\/uploads\/2025\/12\/foto-2025-0731-60.jpg\",\"height\":768,\"width\":1024,\"orientation\":\"landscape\"}},\"imageMeta\":{\"aperture\":\"1.8\",\"credit\":\"\",\"camera\":\"Galaxy S24\",\"caption\":\"Jir\u00e1skovo divadlo a Obecn\u00e1 a M\u011bs\u0165ansk\u00e1 \u0161kola v Hronov\u011b\",\"created_timestamp\":\"1753985487\",\"copyright\":\"\",\"focal_length\":\"5.4\",\"iso\":\"25\",\"shutter_speed\":\"0.00071839\",\"title\":\"Jir\u00e1skovo divadlo a Obecn\u00e1 a M\u011bs\u0165ansk\u00e1 \u0161kola v Hronov\u011b\",\"orientation\":\"0\",\"keywords\":[]},\"meta\":false,\"postlink\":\"https:\/\/www.cykloromantika.cz\/jiraskovo-divadlo-a-obecna-a-mestanska-skola-v-hronove\/\"},{\"id\":9478,\"title\":\"Foto 2025 0731 61\",\"url\":\"https:\/\/www.cykloromantika.cz\/wp-content\/uploads\/2025\/12\/foto-2025-0731-61.jpg\",\"link\":\"https:\/\/www.cykloromantika.cz\/jiraskovo-divadlo-a-obecna-a-mestanska-skola-v-hronove-2\/\",\"alt\":\"\",\"description\":\"\",\"caption\":\"Jir\u00e1skovo divadlo a Obecn\u00e1 a M\u011bs\u0165ansk\u00e1 \u0161kola v Hronov\u011b\",\"mime\":\"image\/jpeg\",\"type\":\"image\",\"width\":1024,\"height\":577,\"sizes\":{\"thumbnail\":{\"height\":85,\"width\":150,\"url\":\"https:\/\/www.cykloromantika.cz\/wp-content\/uploads\/2025\/12\/foto-2025-0731-61-150x85.jpg\",\"orientation\":\"landscape\"},\"medium\":{\"height\":169,\"width\":300,\"url\":\"https:\/\/www.cykloromantika.cz\/wp-content\/uploads\/2025\/12\/foto-2025-0731-61-300x169.jpg\",\"orientation\":\"landscape\"},\"full\":{\"url\":\"https:\/\/www.cykloromantika.cz\/wp-content\/uploads\/2025\/12\/foto-2025-0731-61.jpg\",\"height\":577,\"width\":1024,\"orientation\":\"landscape\"}},\"imageMeta\":{\"aperture\":\"2.2\",\"credit\":\"\",\"camera\":\"Galaxy S23\",\"caption\":\"Jir\u00e1skovo divadlo a Obecn\u00e1 a M\u011bs\u0165ansk\u00e1 \u0161kola v Hronov\u011b\",\"created_timestamp\":\"1753985861\",\"copyright\":\"\",\"focal_length\":\"2.2\",\"iso\":\"50\",\"shutter_speed\":\"0.000639861\",\"title\":\"Jir\u00e1skovo divadlo a Obecn\u00e1 a M\u011bs\u0165ansk\u00e1 \u0161kola v Hronov\u011b\",\"orientation\":\"0\",\"keywords\":[]},\"meta\":false,\"postlink\":\"https:\/\/www.cykloromantika.cz\/jiraskovo-divadlo-a-obecna-a-mestanska-skola-v-hronove-2\/\"},{\"id\":9479,\"title\":\"Foto 2025 0731 62\",\"url\":\"https:\/\/www.cykloromantika.cz\/wp-content\/uploads\/2025\/12\/foto-2025-0731-62.jpg\",\"link\":\"https:\/\/www.cykloromantika.cz\/ze-by-sam-skvorecky\/\",\"alt\":\"\",\"description\":\"\",\"caption\":\"\u017de by s\u00e1m \u0160kvoreck\u00fd?\",\"mime\":\"image\/jpeg\",\"type\":\"image\",\"width\":577,\"height\":1024,\"sizes\":{\"thumbnail\":{\"height\":150,\"width\":85,\"url\":\"https:\/\/www.cykloromantika.cz\/wp-content\/uploads\/2025\/12\/foto-2025-0731-62-85x150.jpg\",\"orientation\":\"portrait\"},\"medium\":{\"height\":300,\"width\":169,\"url\":\"https:\/\/www.cykloromantika.cz\/wp-content\/uploads\/2025\/12\/foto-2025-0731-62-169x300.jpg\",\"orientation\":\"portrait\"},\"full\":{\"url\":\"https:\/\/www.cykloromantika.cz\/wp-content\/uploads\/2025\/12\/foto-2025-0731-62.jpg\",\"height\":1024,\"width\":577,\"orientation\":\"portrait\"}},\"imageMeta\":{\"aperture\":\"1.8\",\"credit\":\"\",\"camera\":\"Galaxy S23\",\"caption\":\"\u017de by s\u00e1m \u0160kvoreck\u00fd?\",\"created_timestamp\":\"1753988865\",\"copyright\":\"\",\"focal_length\":\"5.4\",\"iso\":\"640\",\"shutter_speed\":\"0.009991324\",\"title\":\"\u017de by s\u00e1m \u0160kvoreck\u00fd?\",\"orientation\":\"0\",\"keywords\":[]},\"meta\":false,\"postlink\":\"https:\/\/www.cykloromantika.cz\/ze-by-sam-skvorecky\/\"},{\"id\":9480,\"title\":\"Foto 2025 0731 63\",\"url\":\"https:\/\/www.cykloromantika.cz\/wp-content\/uploads\/2025\/12\/foto-2025-0731-63.jpg\",\"link\":\"https:\/\/www.cykloromantika.cz\/restaurace-port-artur-v-nachode\/\",\"alt\":\"\",\"description\":\"\",\"caption\":\"Restaurace Port Artur v N\u00e1chod\u011b\",\"mime\":\"image\/jpeg\",\"type\":\"image\",\"width\":1024,\"height\":577,\"sizes\":{\"thumbnail\":{\"height\":85,\"width\":150,\"url\":\"https:\/\/www.cykloromantika.cz\/wp-content\/uploads\/2025\/12\/foto-2025-0731-63-150x85.jpg\",\"orientation\":\"landscape\"},\"medium\":{\"height\":169,\"width\":300,\"url\":\"https:\/\/www.cykloromantika.cz\/wp-content\/uploads\/2025\/12\/foto-2025-0731-63-300x169.jpg\",\"orientation\":\"landscape\"},\"full\":{\"url\":\"https:\/\/www.cykloromantika.cz\/wp-content\/uploads\/2025\/12\/foto-2025-0731-63.jpg\",\"height\":577,\"width\":1024,\"orientation\":\"landscape\"}},\"imageMeta\":{\"aperture\":\"1.8\",\"credit\":\"\",\"camera\":\"Galaxy S23\",\"caption\":\"Restaurace Port Artur v N\u00e1chod\u011b\",\"created_timestamp\":\"1753988871\",\"copyright\":\"\",\"focal_length\":\"5.4\",\"iso\":\"640\",\"shutter_speed\":\"0.009991324\",\"title\":\"Restaurace Port Artur v N\u00e1chod\u011b\",\"orientation\":\"0\",\"keywords\":[]},\"meta\":false,\"postlink\":\"https:\/\/www.cykloromantika.cz\/restaurace-port-artur-v-nachode\/\"},{\"id\":9481,\"title\":\"Foto 2025 0731 64\",\"url\":\"https:\/\/www.cykloromantika.cz\/wp-content\/uploads\/2025\/12\/foto-2025-0731-64.jpg\",\"link\":\"https:\/\/www.cykloromantika.cz\/historicky-skvoreckeho-koutek\/\",\"alt\":\"\",\"description\":\"\",\"caption\":\"Historick\u00fd \u0160kvoreck\u00e9ho koutek\",\"mime\":\"image\/jpeg\",\"type\":\"image\",\"width\":1024,\"height\":768,\"sizes\":{\"thumbnail\":{\"height\":113,\"width\":150,\"url\":\"https:\/\/www.cykloromantika.cz\/wp-content\/uploads\/2025\/12\/foto-2025-0731-64-150x113.jpg\",\"orientation\":\"landscape\"},\"medium\":{\"height\":225,\"width\":300,\"url\":\"https:\/\/www.cykloromantika.cz\/wp-content\/uploads\/2025\/12\/foto-2025-0731-64-300x225.jpg\",\"orientation\":\"landscape\"},\"full\":{\"url\":\"https:\/\/www.cykloromantika.cz\/wp-content\/uploads\/2025\/12\/foto-2025-0731-64.jpg\",\"height\":768,\"width\":1024,\"orientation\":\"landscape\"}},\"imageMeta\":{\"aperture\":\"1.8\",\"credit\":\"\",\"camera\":\"Galaxy S24\",\"caption\":\"Historick\u00fd \u0160kvoreck\u00e9ho koutek\",\"created_timestamp\":\"1753989316\",\"copyright\":\"\",\"focal_length\":\"5.4\",\"iso\":\"500\",\"shutter_speed\":\"0.01\",\"title\":\"Historick\u00fd \u0160kvoreck\u00e9ho koutek\",\"orientation\":\"0\",\"keywords\":[]},\"meta\":false,\"postlink\":\"https:\/\/www.cykloromantika.cz\/historicky-skvoreckeho-koutek\/\"},{\"id\":9482,\"title\":\"Foto 2025 0731 65\",\"url\":\"https:\/\/www.cykloromantika.cz\/wp-content\/uploads\/2025\/12\/foto-2025-0731-65.jpg\",\"link\":\"https:\/\/www.cykloromantika.cz\/dojeli-jsme-na-rozkos\/\",\"alt\":\"\",\"description\":\"\",\"caption\":\"Dojeli jsme na Rozko\u0161\",\"mime\":\"image\/jpeg\",\"type\":\"image\",\"width\":1024,\"height\":768,\"sizes\":{\"thumbnail\":{\"height\":113,\"width\":150,\"url\":\"https:\/\/www.cykloromantika.cz\/wp-content\/uploads\/2025\/12\/foto-2025-0731-65-150x113.jpg\",\"orientation\":\"landscape\"},\"medium\":{\"height\":225,\"width\":300,\"url\":\"https:\/\/www.cykloromantika.cz\/wp-content\/uploads\/2025\/12\/foto-2025-0731-65-300x225.jpg\",\"orientation\":\"landscape\"},\"full\":{\"url\":\"https:\/\/www.cykloromantika.cz\/wp-content\/uploads\/2025\/12\/foto-2025-0731-65.jpg\",\"height\":768,\"width\":1024,\"orientation\":\"landscape\"}},\"imageMeta\":{\"aperture\":\"1.8\",\"credit\":\"\",\"camera\":\"Galaxy S24\",\"caption\":\"Dojeli jsme na Rozko\u0161\",\"created_timestamp\":\"1753995273\",\"copyright\":\"\",\"focal_length\":\"5.4\",\"iso\":\"3200\",\"shutter_speed\":\"0.058823529\",\"title\":\"Dojeli jsme na Rozko\u0161\",\"orientation\":\"0\",\"keywords\":[]},\"meta\":false,\"postlink\":\"https:\/\/www.cykloromantika.cz\/dojeli-jsme-na-rozkos\/\"},{\"id\":9483,\"title\":\"Foto 2025 0731 66\",\"url\":\"https:\/\/www.cykloromantika.cz\/wp-content\/uploads\/2025\/12\/foto-2025-0731-66.jpg\",\"link\":\"https:\/\/www.cykloromantika.cz\/a-v-rozkosi-pokracujeme\/\",\"alt\":\"\",\"description\":\"\",\"caption\":\"A v Rozko\u0161i pokra\u010dujeme!\",\"mime\":\"image\/jpeg\",\"type\":\"image\",\"width\":1024,\"height\":768,\"sizes\":{\"thumbnail\":{\"height\":113,\"width\":150,\"url\":\"https:\/\/www.cykloromantika.cz\/wp-content\/uploads\/2025\/12\/foto-2025-0731-66-150x113.jpg\",\"orientation\":\"landscape\"},\"medium\":{\"height\":225,\"width\":300,\"url\":\"https:\/\/www.cykloromantika.cz\/wp-content\/uploads\/2025\/12\/foto-2025-0731-66-300x225.jpg\",\"orientation\":\"landscape\"},\"full\":{\"url\":\"https:\/\/www.cykloromantika.cz\/wp-content\/uploads\/2025\/12\/foto-2025-0731-66.jpg\",\"height\":768,\"width\":1024,\"orientation\":\"landscape\"}},\"imageMeta\":{\"aperture\":\"1.8\",\"credit\":\"\",\"camera\":\"Galaxy S24\",\"caption\":\"A v Rozko\u0161i pokra\u010dujeme!\",\"created_timestamp\":\"1754004336\",\"copyright\":\"\",\"focal_length\":\"5.4\",\"iso\":\"1000\",\"shutter_speed\":\"0.01\",\"title\":\"A v Rozko\u0161i pokra\u010dujeme!\",\"orientation\":\"0\",\"keywords\":[]},\"meta\":false,\"postlink\":\"https:\/\/www.cykloromantika.cz\/a-v-rozkosi-pokracujeme\/\"},{\"id\":9484,\"title\":\"Foto 2025 0731 67\",\"url\":\"https:\/\/www.cykloromantika.cz\/wp-content\/uploads\/2025\/12\/foto-2025-0731-67.jpg\",\"link\":\"https:\/\/www.cykloromantika.cz\/asi-ostravak\/\",\"alt\":\"\",\"description\":\"\",\"caption\":\"Asi Ostrav\u00e1k!\",\"mime\":\"image\/jpeg\",\"type\":\"image\",\"width\":1024,\"height\":577,\"sizes\":{\"thumbnail\":{\"height\":85,\"width\":150,\"url\":\"https:\/\/www.cykloromantika.cz\/wp-content\/uploads\/2025\/12\/foto-2025-0731-67-150x85.jpg\",\"orientation\":\"landscape\"},\"medium\":{\"height\":169,\"width\":300,\"url\":\"https:\/\/www.cykloromantika.cz\/wp-content\/uploads\/2025\/12\/foto-2025-0731-67-300x169.jpg\",\"orientation\":\"landscape\"},\"full\":{\"url\":\"https:\/\/www.cykloromantika.cz\/wp-content\/uploads\/2025\/12\/foto-2025-0731-67.jpg\",\"height\":577,\"width\":1024,\"orientation\":\"landscape\"}},\"imageMeta\":{\"aperture\":\"1.8\",\"credit\":\"\",\"camera\":\"Galaxy S23\",\"caption\":\"Asi Ostrav\u00e1k!\",\"created_timestamp\":\"1754004625\",\"copyright\":\"\",\"focal_length\":\"5.4\",\"iso\":\"640\",\"shutter_speed\":\"0.019982648\",\"title\":\"Asi Ostrav\u00e1k!\",\"orientation\":\"0\",\"keywords\":[]},\"meta\":false,\"postlink\":\"https:\/\/www.cykloromantika.cz\/asi-ostravak\/\"},{\"id\":9489,\"title\":\"Foto 2025 0801 01\",\"url\":\"https:\/\/www.cykloromantika.cz\/wp-content\/uploads\/2025\/12\/foto-2025-0801-01.jpg\",\"link\":\"https:\/\/www.cykloromantika.cz\/skromny-apartmanek-na-rozkosi\/\",\"alt\":\"\",\"description\":\"\",\"caption\":\"Skromn\u00fd apartm\u00e1nek na Rozko\u0161i\",\"mime\":\"image\/jpeg\",\"type\":\"image\",\"width\":768,\"height\":1024,\"sizes\":{\"thumbnail\":{\"height\":150,\"width\":113,\"url\":\"https:\/\/www.cykloromantika.cz\/wp-content\/uploads\/2025\/12\/foto-2025-0801-01-113x150.jpg\",\"orientation\":\"portrait\"},\"medium\":{\"height\":300,\"width\":225,\"url\":\"https:\/\/www.cykloromantika.cz\/wp-content\/uploads\/2025\/12\/foto-2025-0801-01-225x300.jpg\",\"orientation\":\"portrait\"},\"full\":{\"url\":\"https:\/\/www.cykloromantika.cz\/wp-content\/uploads\/2025\/12\/foto-2025-0801-01.jpg\",\"height\":1024,\"width\":768,\"orientation\":\"portrait\"}},\"imageMeta\":{\"aperture\":\"1.8\",\"credit\":\"\",\"camera\":\"Galaxy S24\",\"caption\":\"Skromn\u00fd apartm\u00e1nek na Rozko\u0161i\",\"created_timestamp\":\"1754047763\",\"copyright\":\"\",\"focal_length\":\"5.4\",\"iso\":\"80\",\"shutter_speed\":\"0.005555555\",\"title\":\"Skromn\u00fd apartm\u00e1nek na Rozko\u0161i\",\"orientation\":\"0\",\"keywords\":[]},\"meta\":false,\"postlink\":\"https:\/\/www.cykloromantika.cz\/skromny-apartmanek-na-rozkosi\/\"},{\"id\":9490,\"title\":\"Foto 2025 0801 02\",\"url\":\"https:\/\/www.cykloromantika.cz\/wp-content\/uploads\/2025\/12\/foto-2025-0801-02.jpg\",\"link\":\"https:\/\/www.cykloromantika.cz\/hledame-cestu-domu\/\",\"alt\":\"\",\"description\":\"\",\"caption\":\"Hled\u00e1me cestu dom\u016f!\",\"mime\":\"image\/jpeg\",\"type\":\"image\",\"width\":1024,\"height\":768,\"sizes\":{\"thumbnail\":{\"height\":113,\"width\":150,\"url\":\"https:\/\/www.cykloromantika.cz\/wp-content\/uploads\/2025\/12\/foto-2025-0801-02-150x113.jpg\",\"orientation\":\"landscape\"},\"medium\":{\"height\":225,\"width\":300,\"url\":\"https:\/\/www.cykloromantika.cz\/wp-content\/uploads\/2025\/12\/foto-2025-0801-02-300x225.jpg\",\"orientation\":\"landscape\"},\"full\":{\"url\":\"https:\/\/www.cykloromantika.cz\/wp-content\/uploads\/2025\/12\/foto-2025-0801-02.jpg\",\"height\":768,\"width\":1024,\"orientation\":\"landscape\"}},\"imageMeta\":{\"aperture\":\"1.8\",\"credit\":\"\",\"camera\":\"Galaxy S24\",\"caption\":\"Hled\u00e1me cestu dom\u016f!\",\"created_timestamp\":\"1754048884\",\"copyright\":\"\",\"focal_length\":\"5.4\",\"iso\":\"25\",\"shutter_speed\":\"0.001269035\",\"title\":\"Hled\u00e1me cestu dom\u016f!\",\"orientation\":\"0\",\"keywords\":[]},\"meta\":false,\"postlink\":\"https:\/\/www.cykloromantika.cz\/hledame-cestu-domu\/\"},{\"id\":9491,\"title\":\"Foto 2025 0801 03\",\"url\":\"https:\/\/www.cykloromantika.cz\/wp-content\/uploads\/2025\/12\/foto-2025-0801-03.jpg\",\"link\":\"https:\/\/www.cykloromantika.cz\/cekame-na-vlak-do-hradce-kralove\/\",\"alt\":\"\",\"description\":\"\",\"caption\":\"\u010cek\u00e1me na vlak do Hradce Kr\u00e1lov\u00e9.\",\"mime\":\"image\/jpeg\",\"type\":\"image\",\"width\":768,\"height\":1024,\"sizes\":{\"thumbnail\":{\"height\":150,\"width\":113,\"url\":\"https:\/\/www.cykloromantika.cz\/wp-content\/uploads\/2025\/12\/foto-2025-0801-03-113x150.jpg\",\"orientation\":\"portrait\"},\"medium\":{\"height\":300,\"width\":225,\"url\":\"https:\/\/www.cykloromantika.cz\/wp-content\/uploads\/2025\/12\/foto-2025-0801-03-225x300.jpg\",\"orientation\":\"portrait\"},\"full\":{\"url\":\"https:\/\/www.cykloromantika.cz\/wp-content\/uploads\/2025\/12\/foto-2025-0801-03.jpg\",\"height\":1024,\"width\":768,\"orientation\":\"portrait\"}},\"imageMeta\":{\"aperture\":\"1.8\",\"credit\":\"\",\"camera\":\"Galaxy S24\",\"caption\":\"\u010cek\u00e1me na vlak do Hradce Kr\u00e1lov\u00e9.\",\"created_timestamp\":\"1754054251\",\"copyright\":\"\",\"focal_length\":\"5.4\",\"iso\":\"25\",\"shutter_speed\":\"0.001937984\",\"title\":\"\u010cek\u00e1me na vlak do Hradce Kr\u00e1lov\u00e9.\",\"orientation\":\"0\",\"keywords\":[]},\"meta\":false,\"postlink\":\"https:\/\/www.cykloromantika.cz\/cekame-na-vlak-do-hradce-kralove\/\"},{\"id\":9492,\"title\":\"Foto 2025 0801 04\",\"url\":\"https:\/\/www.cykloromantika.cz\/wp-content\/uploads\/2025\/12\/foto-2025-0801-04.jpg\",\"link\":\"https:\/\/www.cykloromantika.cz\/pohoda-v-italsko-ukrajinskem-restaurantu-v-pardubicich\/\",\"alt\":\"\",\"description\":\"\",\"caption\":\"Pohoda v italsko-ukrajinsk\u00e9m restaurantu v Pardubic\u00edch\",\"mime\":\"image\/jpeg\",\"type\":\"image\",\"width\":768,\"height\":1024,\"sizes\":{\"thumbnail\":{\"height\":150,\"width\":113,\"url\":\"https:\/\/www.cykloromantika.cz\/wp-content\/uploads\/2025\/12\/foto-2025-0801-04-113x150.jpg\",\"orientation\":\"portrait\"},\"medium\":{\"height\":300,\"width\":225,\"url\":\"https:\/\/www.cykloromantika.cz\/wp-content\/uploads\/2025\/12\/foto-2025-0801-04-225x300.jpg\",\"orientation\":\"portrait\"},\"full\":{\"url\":\"https:\/\/www.cykloromantika.cz\/wp-content\/uploads\/2025\/12\/foto-2025-0801-04.jpg\",\"height\":1024,\"width\":768,\"orientation\":\"portrait\"}},\"imageMeta\":{\"aperture\":\"1.8\",\"credit\":\"\",\"camera\":\"Galaxy S24\",\"caption\":\"Pohoda v italsko-ukrajinsk\u00e9m restaurantu v Pardubic\u00edch\",\"created_timestamp\":\"1754060675\",\"copyright\":\"\",\"focal_length\":\"5.4\",\"iso\":\"25\",\"shutter_speed\":\"0.002666666\",\"title\":\"Pohoda v italsko-ukrajinsk\u00e9m restaurantu v Pardubic\u00edch\",\"orientation\":\"0\",\"keywords\":[]},\"meta\":false,\"postlink\":\"https:\/\/www.cykloromantika.cz\/pohoda-v-italsko-ukrajinskem-restaurantu-v-pardubicich\/\"}],\"useClobalSettings\":true,\"orderBy\":\"title\",\"galleryBorderRadius\":8,\"shareFacebook\":false,\"shareTwitter\":false,\"sharePinterest\":false,\"sharePost\":\"postlink\",\"sliderSocialShareEnabled\":false,\"itemsMetaDataCollection\":[]}<\/script><script>(function(){if(window.PGC_SGB && window.PGC_SGB.searcher){window.PGC_SGB.searcher.initBlocks()}})()<\/script><\/div>\n<\/div><\/div>\n<\/div><\/div><\/div>\n","protected":false},"excerpt":{"rendered":"","protected":false},"author":3,"featured_media":9424,"comment_status":"open","ping_status":"open","sticky":false,"template":"","format":"standard","meta":{"_acf_changed":false,"pgc_sgb_lightbox_settings":"","footnotes":""},"categories":[31],"tags":[],"class_list":["post-9020","post","type-post","status-publish","format-standard","has-post-thumbnail","hentry","category-denicek"],"acf":[],"_links":{"self":[{"href":"https:\/\/www.cykloromantika.cz\/index.php\/wp-json\/wp\/v2\/posts\/9020","targetHints":{"allow":["GET"]}}],"collection":[{"href":"https:\/\/www.cykloromantika.cz\/index.php\/wp-json\/wp\/v2\/posts"}],"about":[{"href":"https:\/\/www.cykloromantika.cz\/index.php\/wp-json\/wp\/v2\/types\/post"}],"author":[{"embeddable":true,"href":"https:\/\/www.cykloromantika.cz\/index.php\/wp-json\/wp\/v2\/users\/3"}],"replies":[{"embeddable":true,"href":"https:\/\/www.cykloromantika.cz\/index.php\/wp-json\/wp\/v2\/comments?post=9020"}],"version-history":[{"count":5,"href":"https:\/\/www.cykloromantika.cz\/index.php\/wp-json\/wp\/v2\/posts\/9020\/revisions"}],"predecessor-version":[{"id":9494,"href":"https:\/\/www.cykloromantika.cz\/index.php\/wp-json\/wp\/v2\/posts\/9020\/revisions\/9494"}],"wp:featuredmedia":[{"embeddable":true,"href":"https:\/\/www.cykloromantika.cz\/index.php\/wp-json\/wp\/v2\/media\/9424"}],"wp:attachment":[{"href":"https:\/\/www.cykloromantika.cz\/index.php\/wp-json\/wp\/v2\/media?parent=9020"}],"wp:term":[{"taxonomy":"category","embeddable":true,"href":"https:\/\/www.cykloromantika.cz\/index.php\/wp-json\/wp\/v2\/categories?post=9020"},{"taxonomy":"post_tag","embeddable":true,"href":"https:\/\/www.cykloromantika.cz\/index.php\/wp-json\/wp\/v2\/tags?post=9020"}],"curies":[{"name":"wp","href":"https:\/\/api.w.org\/{rel}","templated":true}]}}