{"id":9018,"date":"2025-07-30T10:24:00","date_gmt":"2025-07-30T09:24:00","guid":{"rendered":"https:\/\/www.cykloromantika.cz\/?p=9018"},"modified":"2025-12-03T17:49:19","modified_gmt":"2025-12-03T16:49:19","slug":"xxix-rocnik-5-den-opoustime-republiku-jako-jan-amos","status":"publish","type":"post","link":"https:\/\/www.cykloromantika.cz\/index.php\/2025\/07\/30\/xxix-rocnik-5-den-opoustime-republiku-jako-jan-amos\/","title":{"rendered":"XXIX. ro\u010dn\u00edk \u2013 5.&nbsp;den: Opou\u0161t\u00edme republiku jako Jan \u00c1mos"},"content":{"rendered":"<style>.kt-tabs-id9018_e94dd9-3e > .kt-tabs-content-wrap > .wp-block-kadence-tab{border-top:1px solid #eeeeee;border-right:0px solid #eeeeee;border-bottom:0px solid #eeeeee;border-left:0px solid #eeeeee;border-top-left-radius:0px;border-top-right-radius:0px;border-bottom-right-radius:0px;border-bottom-left-radius:0px;padding-top:20px;padding-right:0px;padding-bottom:20px;padding-left:0px;background:#ffffff;}.wp-block-kadence-tabs .kt-tabs-id9018_e94dd9-3e > .kt-tabs-title-list li{margin-top:0px;margin-right:8px;margin-bottom:0px;margin-left:0px;}.wp-block-kadence-tabs .kt-tabs-id9018_e94dd9-3e > .kt-tabs-title-list li:last-child{margin-right:0px;}.wp-block-kadence-tabs .kt-tabs-id9018_e94dd9-3e > .kt-tabs-title-list li .kt-tab-title, .wp-block-kadence-tabs .kt-tabs-id9018_e94dd9-3e > .kt-tabs-content-wrap > .kt-tabs-accordion-title .kt-tab-title{line-height:1.4em;font-weight:400;font-style:normal;text-transform:uppercase;border-top-width:0px;border-right-width:0px;border-bottom-width:0px;border-left-width:0px;border-top-left-radius:0px;border-top-right-radius:0px;border-bottom-right-radius:0px;border-bottom-left-radius:0px;padding-top:8px;padding-right:20px;padding-bottom:8px;padding-left:20px;border-color:#ffffff;color:#555555;background:#ffffff;}.wp-block-kadence-tabs .kt-tabs-id9018_e94dd9-3e > .kt-tabs-content-wrap > .kt-tabs-accordion-title .kt-tab-title{margin-top:0px;margin-right:8px;margin-bottom:0px;margin-left:0px;}.wp-block-kadence-tabs .kt-tabs-id9018_e94dd9-3e > .kt-tabs-title-list li .kt-tab-title:hover, .wp-block-kadence-tabs .kt-tabs-id9018_e94dd9-3e > .kt-tabs-content-wrap > .kt-tabs-accordion-title .kt-tab-title:hover{border-color:#555555;color:#086abd;background:#ffffff;}.wp-block-kadence-tabs .kt-tabs-id9018_e94dd9-3e > .kt-tabs-title-list li.kt-tab-title-active .kt-tab-title, .wp-block-kadence-tabs .kt-tabs-id9018_e94dd9-3e > .kt-tabs-content-wrap > .kt-tabs-accordion-title.kt-tab-title-active .kt-tab-title{border-color:#555555;color:#086abd;background:#ffffff;}.wp-block-kadence-tabs .kt-tabs-id9018_e94dd9-3e > .kt-tabs-title-list li svg{font-size:24px;}@media all and (max-width: 1024px){.kt-tabs-id9018_e94dd9-3e > .kt-tabs-content-wrap > .wp-block-kadence-tab{border-top:1px solid #eeeeee;border-right:0px solid #eeeeee;border-bottom:0px solid #eeeeee;border-left:0px solid #eeeeee;}}@media all and (max-width: 767px){.kt-tabs-id9018_e94dd9-3e > .kt-tabs-content-wrap > .wp-block-kadence-tab{border-top:1px solid #eeeeee;border-right:0px solid #eeeeee;border-bottom:0px solid #eeeeee;border-left:0px solid #eeeeee;}}<\/style>\n<div class=\"wp-block-kadence-tabs alignnone\"><div class=\"kt-tabs-wrap kt-tabs-id9018_e94dd9-3e kt-tabs-has-3-tabs kt-active-tab-3 kt-tabs-layout-tabs kt-tabs-tablet-layout-inherit kt-tabs-mobile-layout-inherit kt-tab-alignment-center \"><ul class=\"kt-tabs-title-list\"><li id=\"tab-trasa\" class=\"kt-title-item kt-title-item-1 kt-tabs-svg-show-always kt-tabs-icon-side-top kt-tab-title-inactive\"><a href=\"#tab-trasa\" data-tab=\"1\" class=\"kt-tab-title kt-tab-title-1 \"><span class=\"kb-svg-icon-wrap kb-svg-icon-fe_map\"><svg viewBox=\"0 0 24 24\"  fill=\"none\" stroke=\"currentColor\" stroke-width=\"2\" stroke-linecap=\"round\" stroke-linejoin=\"round\" xmlns=\"http:\/\/www.w3.org\/2000\/svg\"  aria-hidden=\"true\"><polygon points=\"1 6 1 22 8 18 16 22 23 18 23 2 16 6 8 2 1 6\"\/><line x1=\"8\" y1=\"2\" x2=\"8\" y2=\"18\"\/><line x1=\"16\" y1=\"6\" x2=\"16\" y2=\"22\"\/><\/svg><\/span><span class=\"kt-title-text\">Trasa<\/span><\/a><\/li><li id=\"tab-zitky\" class=\"kt-title-item kt-title-item-2 kt-tabs-svg-show-always kt-tabs-icon-side-top kt-tab-title-inactive\"><a href=\"#tab-zitky\" data-tab=\"2\" class=\"kt-tab-title kt-tab-title-2 \"><span class=\"kb-svg-icon-wrap kb-svg-icon-fe_alignLeft\"><svg viewBox=\"0 0 24 24\"  fill=\"none\" stroke=\"currentColor\" stroke-width=\"2\" stroke-linecap=\"round\" stroke-linejoin=\"round\" xmlns=\"http:\/\/www.w3.org\/2000\/svg\"  aria-hidden=\"true\"><line x1=\"17\" y1=\"10\" x2=\"3\" y2=\"10\"\/><line x1=\"21\" y1=\"6\" x2=\"3\" y2=\"6\"\/><line x1=\"21\" y1=\"14\" x2=\"3\" y2=\"14\"\/><line x1=\"17\" y1=\"18\" x2=\"3\" y2=\"18\"\/><\/svg><\/span><span class=\"kt-title-text\">Z\u00e1\u017eitky<\/span><\/a><\/li><li id=\"tab-fotky\" class=\"kt-title-item kt-title-item-3 kt-tabs-svg-show-always kt-tabs-icon-side-top kt-tab-title-active\"><a href=\"#tab-fotky\" data-tab=\"3\" class=\"kt-tab-title kt-tab-title-3 \"><span class=\"kb-svg-icon-wrap kb-svg-icon-fe_camera\"><svg viewBox=\"0 0 24 24\"  fill=\"none\" stroke=\"currentColor\" stroke-width=\"2\" stroke-linecap=\"round\" stroke-linejoin=\"round\" xmlns=\"http:\/\/www.w3.org\/2000\/svg\"  aria-hidden=\"true\"><path d=\"M23 19a2 2 0 0 1-2 2H3a2 2 0 0 1-2-2V8a2 2 0 0 1 2-2h4l2-3h6l2 3h4a2 2 0 0 1 2 2z\"\/><circle cx=\"12\" cy=\"13\" r=\"4\"\/><\/svg><\/span><span class=\"kt-title-text\">Fotky<\/span><\/a><\/li><\/ul><div class=\"kt-tabs-content-wrap\">\n<div class=\"wp-block-kadence-tab kt-tab-inner-content kt-inner-tab-1 kt-inner-tab2cc777-2d\"><div class=\"kt-tab-inner-content-inner\">\n<p>Horn\u00ed Mar\u0161ov \u2013 tvrz Stachelberg \u2013 \u017dacl\u00e9\u0159 \u2013 R\u016f\u017eov\u00fd palou\u010dek \u2013 Lubawka (PL) \u2013 Che\u0142msko \u015al\u0105skie (PL) \u2013 Adr\u0161pach \u2013 Teplice nad Metuj\u00ed (kemp Kamenec)<\/p>\n\n\n\n<ul class=\"wp-block-list\">\n<li>najeto: 62 km<\/li>\n\n\n\n<li>nejni\u017e\u0161\u00ed a nejvy\u0161\u0161\u00ed bod: 450\u2013638&nbsp;m n. m.<\/li>\n\n\n\n<li>stoup\u00e1n\u00ed: 695&nbsp;m<\/li>\n\n\n\n<li>kles\u00e1n\u00ed: 805&nbsp;m<\/li>\n<\/ul>\n\n\n<div class=\"pgc-sgb-cb wp-block-pgcsimplygalleryblock-slider \" data-gallery-id=\"fe621892\"style=&quot;min-height:400px&quot;><div class=\"sgb-preloader\" id=\"pr_fe621892\">\n\t<div class=\"sgb-square\" style=\"background:#d4d4d4\"><\/div>\n\t<div class=\"sgb-square\" style=\"background:#d4d4d4\"><\/div>\n\t<div class=\"sgb-square\" style=\"background:#d4d4d4\"><\/div>\n\t<div class=\"sgb-square\" style=\"background:#d4d4d4\"><\/div><\/div><div class=\"simply-gallery-amp pgc_sgb_slider \"><noscript><div class=\"sgb-gallery\"><div class=\"sgb-item\"><a href=\"https:\/\/www.cykloromantika.cz\/mapa-2025-0731-01\/\" target=\"_blank\"><img decoding=\"async\" alt=\"\" width=\"300\" height=\"169\" loading=\"lazy\" src=\"https:\/\/www.cykloromantika.cz\/wp-content\/uploads\/2025\/09\/mapa-2025-0731-01-300x169.jpg\" srcset=\"https:\/\/www.cykloromantika.cz\/wp-content\/uploads\/2025\/09\/mapa-2025-0731-01-300x169.jpg 300w,https:\/\/www.cykloromantika.cz\/wp-content\/uploads\/2025\/09\/mapa-2025-0731-01.jpg 1024w\" sizes=\"auto, 250px\"\/><\/a><\/div><div class=\"sgb-item\"><a href=\"https:\/\/www.cykloromantika.cz\/mapa-2025-0731-02\/\" target=\"_blank\"><img decoding=\"async\" alt=\"\" width=\"300\" height=\"169\" loading=\"lazy\" src=\"https:\/\/www.cykloromantika.cz\/wp-content\/uploads\/2025\/09\/mapa-2025-0731-02-300x169.jpg\" srcset=\"https:\/\/www.cykloromantika.cz\/wp-content\/uploads\/2025\/09\/mapa-2025-0731-02-300x169.jpg 300w,https:\/\/www.cykloromantika.cz\/wp-content\/uploads\/2025\/09\/mapa-2025-0731-02.jpg 1024w\" sizes=\"auto, 250px\"\/><\/a><\/div><\/div><\/noscript><\/div><script type=\"application\/json\" class=\"sgb-data\">{\"externalLinkDefName\":\"d\u00e1le\",\"captionHAlign\":\"bottom\",\"collectionthumbHoverTitleFontSize\":12,\"collectionthumbRoundedCorners\":8,\"collectionthumbHoverTitleTextBgColor\":\"rgba(0,0,0,0.44)\",\"collectionThumbSubMenuShare\":false,\"sliderAdminWidth\":0,\"collectionColumns\":2,\"autoPlay\":true,\"autoPlayDelay\":8,\"galleryType\":\"pgc_sgb_slider\",\"galleryId\":\"fe621892\",\"images\":[{\"id\":8998,\"title\":\"Mapa 2025 0731 01\",\"url\":\"https:\/\/www.cykloromantika.cz\/wp-content\/uploads\/2025\/09\/mapa-2025-0731-01.jpg\",\"link\":\"https:\/\/www.cykloromantika.cz\/mapa-2025-0731-01\/\",\"alt\":\"\",\"description\":\"\",\"caption\":\"\",\"mime\":\"image\/jpeg\",\"type\":\"image\",\"width\":1024,\"height\":576,\"sizes\":{\"thumbnail\":{\"height\":84,\"width\":150,\"url\":\"https:\/\/www.cykloromantika.cz\/wp-content\/uploads\/2025\/09\/mapa-2025-0731-01-150x84.jpg\",\"orientation\":\"landscape\"},\"medium\":{\"height\":169,\"width\":300,\"url\":\"https:\/\/www.cykloromantika.cz\/wp-content\/uploads\/2025\/09\/mapa-2025-0731-01-300x169.jpg\",\"orientation\":\"landscape\"},\"full\":{\"url\":\"https:\/\/www.cykloromantika.cz\/wp-content\/uploads\/2025\/09\/mapa-2025-0731-01.jpg\",\"height\":576,\"width\":1024,\"orientation\":\"landscape\"}},\"imageMeta\":{\"aperture\":\"0\",\"credit\":\"\",\"camera\":\"\",\"caption\":\"\",\"created_timestamp\":\"0\",\"copyright\":\"\",\"focal_length\":\"0\",\"iso\":\"0\",\"shutter_speed\":\"0\",\"title\":\"\",\"orientation\":\"0\",\"keywords\":[]},\"meta\":false,\"postlink\":\"https:\/\/www.cykloromantika.cz\/mapa-2025-0731-01\/\"},{\"id\":8999,\"title\":\"Mapa 2025 0731 02\",\"url\":\"https:\/\/www.cykloromantika.cz\/wp-content\/uploads\/2025\/09\/mapa-2025-0731-02.jpg\",\"link\":\"https:\/\/www.cykloromantika.cz\/mapa-2025-0731-02\/\",\"alt\":\"\",\"description\":\"\",\"caption\":\"\",\"mime\":\"image\/jpeg\",\"type\":\"image\",\"width\":1024,\"height\":576,\"sizes\":{\"thumbnail\":{\"height\":84,\"width\":150,\"url\":\"https:\/\/www.cykloromantika.cz\/wp-content\/uploads\/2025\/09\/mapa-2025-0731-02-150x84.jpg\",\"orientation\":\"landscape\"},\"medium\":{\"height\":169,\"width\":300,\"url\":\"https:\/\/www.cykloromantika.cz\/wp-content\/uploads\/2025\/09\/mapa-2025-0731-02-300x169.jpg\",\"orientation\":\"landscape\"},\"full\":{\"url\":\"https:\/\/www.cykloromantika.cz\/wp-content\/uploads\/2025\/09\/mapa-2025-0731-02.jpg\",\"height\":576,\"width\":1024,\"orientation\":\"landscape\"}},\"imageMeta\":{\"aperture\":\"0\",\"credit\":\"\",\"camera\":\"\",\"caption\":\"\",\"created_timestamp\":\"0\",\"copyright\":\"\",\"focal_length\":\"0\",\"iso\":\"0\",\"shutter_speed\":\"0\",\"title\":\"\",\"orientation\":\"0\",\"keywords\":[]},\"meta\":false,\"postlink\":\"https:\/\/www.cykloromantika.cz\/mapa-2025-0731-02\/\"}],\"orderBy\":\"title\",\"galleryBorderRadius\":8,\"shareFacebook\":false,\"shareTwitter\":false,\"sharePinterest\":false,\"sharePost\":\"postlink\",\"sliderSocialShareEnabled\":false,\"itemsMetaDataCollection\":[]}<\/script><script>(function(){if(window.PGC_SGB && window.PGC_SGB.searcher){window.PGC_SGB.searcher.initBlocks()}})()<\/script><\/div><\/div><\/div>\n\n\n\n<div class=\"wp-block-kadence-tab kt-tab-inner-content kt-inner-tab-2 kt-inner-tab86f18d-73\"><div class=\"kt-tab-inner-content-inner\">\n<p>T\u00edmto dnem uzav\u00edr\u00e1me kapitolu Krkono\u0161e a chceme se posunout d\u00e1le. Velmi d\u011bkujeme na\u0161im hostitel\u016fm za mo\u017enost p\u0159espat v&nbsp;tomto kr\u00e1sn\u00e9m kout\u011b \u010desk\u00e9 zem\u011b a Bobovi za zprost\u0159edkov\u00e1n\u00ed. P\u0159esn\u011b v&nbsp;poledne se rozlou\u010d\u00edme a vyr\u00e1\u017e\u00edme vst\u0159\u00edc dal\u0161\u00edm z\u00e1kout\u00edm severov\u00fdchodn\u00edch \u010cech. Prvn\u00edch 10 km jde lehce, proto\u017ee m\u00edrn\u00e9 kles\u00e1me sm\u011brem k&nbsp;Trutnovu. Hned ale na jeho za\u010d\u00e1tku odbo\u010dujeme na \u017dacl\u00e9\u0159 a za\u010d\u00edn\u00e1me op\u011bt stoupat. V&nbsp;p\u016flce stoup\u00e1n\u00ed vym\u011bn\u00edme asfalt za kamenitou cestu a doj\u00ed\u017ed\u00edme k&nbsp;d\u011blost\u0159eleck\u00e1 tvrzi <strong>Stachelberg<\/strong>.<\/p>\n\n\n\n<p>Tam se odm\u011bn\u00edme k\u00e1vou a z\u00e1kuskem, prohl\u00e9dneme si okol\u00ed tvrze a n\u011bkte\u0159\u00ed maj\u00ed i chu\u0165 si vystoupat na Eli\u0161ku, resp. na rozhlednu stejn\u00e9ho jm\u00e9na. Od tvrze sjedeme po lesn\u00ed cest\u011b do Prkenn\u00e9ho Dolu a za chv\u00edli vyst\u0159\u00edzliv\u00edme. Konkr\u00e9tn\u011b n\u00e1m ned\u00e1 vyjet na \u017eacl\u00e9\u0159sk\u00e9 n\u00e1m\u011bst\u00ed zkratkou pojmenov\u00e1n <strong>St\u0159\u00edzliv\u00e1k<\/strong>. Ulice za\u010d\u00edn\u00e1 rovinou, kter\u00e1 se postupn\u011b utahuje a utahuje a utahuje&#8230; Na konci p\u0159epadneme na hran\u011b zase do roviny a jsme uprost\u0159ed <strong>\u017dacl\u00e9\u0159e<\/strong>. Prohl\u00e9dneme si opraven\u00e9 n\u00e1m\u011bst\u00ed i v\u00fdstavu Pam\u011bt\u00ed n\u00e1roda.<\/p>\n\n\n\n<p>Dal\u0161\u00edm zastaven\u00edm se zamy\u0161len\u00edm je <strong>R\u016f\u017eov\u00fd palou\u010dek<\/strong>. Tam nejprve Ramon \u0161patn\u011b odbo\u010d\u00ed, ale napodruh\u00e9 to ji\u017e vyjde. Palou\u010dek byl posledn\u00edm m\u00edstem, kde Jan \u00c1mos Komensk\u00fd stanul na \u00fazem\u00ed \u010desk\u00fdch zem\u00ed. Tuto pam\u00e1tnou ud\u00e1lost p\u0159ipom\u00edn\u00e1 na zemi kamenn\u00fd labyrint s&nbsp;v\u00fdroky JAK. Pro u\u010ditelsk\u00e9 povinn\u00e1 zast\u00e1vka.<\/p>\n\n\n\n<p>Dal\u0161\u00ed trasa povede p\u0159es \u00fazem\u00ed Polska. Nejprve dal\u0161\u00ed povinn\u00e1 exkurze na stavb\u011b d\u00e1lnice, kterou vede Fojda. Pak u\u017e po hlavn\u00edm tahu do <strong>Lubawky<\/strong>. Tam se chceme naj\u00edst, ale i kdy\u017e projedeme Lubawku skoro celou, nakonec poj\u00edme v&nbsp;pek\u00e1rn\u011b. Mus\u00edme jinde. Sto\u010d\u00edme se zase sm\u011brem k&nbsp;\u010cesk\u00e9 republice a p\u0159es <strong>Che\u0142msko \u015al\u0105skie<\/strong>, kde n\u00e1s zaujme barokn\u00ed podloub\u00ed na n\u00e1m\u011bst\u00ed a star\u00e9 tkalcovsk\u00e9 Domki tkaczy &#8222;Dwunastu Aposto\u0142\u00f3w&#8220;. Hranici p\u0159ekro\u010d\u00edme v&nbsp;<strong>Libn\u00e9<\/strong>.<\/p>\n\n\n\n<p>P\u0159es <strong>Zdo\u0148ov<\/strong> sjedeme do <strong>Adr\u0161pachu<\/strong>. Projdeme se po are\u00e1lu, sedneme na pivo, ale j\u00eddlo bude muset po\u010dkat. Za chv\u00edli m\u00e1 za\u010d\u00edt pr\u0161et, tak bal\u00edme fidl\u00e1tka a val\u00edme na <strong>Teplice nad Metuj\u00ed<\/strong>. V&nbsp;restauraci St\u0159elnice si d\u00e1me ve\u010de\u0159i a \u0159e\u0161\u00edme, kde se po de\u0161ti (a p\u0159\u00edpadn\u00e9m dal\u0161\u00edm) p\u0159e\u010dk\u00e1me noc. P\u0159\u00edst\u0159e\u0161ky nal\u00e9z\u00e1me, ale jsou z&nbsp;ruky. Ramon zkou\u0161\u00ed kontaktovat tzv. Trail Angels, kte\u0159\u00ed jsou schopni ubytovat pocestn\u00e9. Bohu\u017eel n\u00e1m nemohli vyhov\u011bt. Zkus\u00edme tedy kemp Kamenec. Chatku nebo stan nemaj\u00ed, ale nakonec m\u00e1me p\u0159ijet. \u017de dostaneme pokoj\u00edk, ze kter\u00e9ho n\u00e1s bude p\u0159ech\u00e1zet zrak. Ubytuj\u00ed n\u00e1s v&nbsp;apartm\u00e1nu o dvou poscho\u010fovk\u00e1ch. Spac\u00e1ky m\u00e1me, kola je kam d\u00e1t, tak probl\u00e9m nem\u00e1me. Je\u0161t\u011b d\u00e1me n\u011bjak\u00e9 pivo a jdeme sp\u00e1t.<\/p>\n<\/div><\/div>\n\n\n\n<div class=\"wp-block-kadence-tab kt-tab-inner-content kt-inner-tab-3 kt-inner-tab4c5afc-ba\"><div class=\"kt-tab-inner-content-inner\"><div class=\"pgc-sgb-cb wp-block-pgcsimplygalleryblock-justified \" data-gallery-id=\"ade25013\"><div class=\"sgb-preloader\" id=\"pr_ade25013\">\n\t<div class=\"sgb-square\" style=\"background:#d4d4d4\"><\/div>\n\t<div class=\"sgb-square\" style=\"background:#d4d4d4\"><\/div>\n\t<div class=\"sgb-square\" style=\"background:#d4d4d4\"><\/div>\n\t<div class=\"sgb-square\" style=\"background:#d4d4d4\"><\/div><\/div><div class=\"simply-gallery-amp pgc_sgb_slider \"><noscript><div class=\"sgb-gallery\"><div class=\"sgb-item\"><a href=\"https:\/\/www.cykloromantika.cz\/foto-2025-0730-01\/\" target=\"_blank\"><img decoding=\"async\" alt=\"\" width=\"225\" height=\"300\" loading=\"lazy\" src=\"https:\/\/www.cykloromantika.cz\/wp-content\/uploads\/2025\/12\/foto-2025-0730-01-225x300.jpg\" srcset=\"https:\/\/www.cykloromantika.cz\/wp-content\/uploads\/2025\/12\/foto-2025-0730-01-225x300.jpg 225w,https:\/\/www.cykloromantika.cz\/wp-content\/uploads\/2025\/12\/foto-2025-0730-01.jpg 768w\" sizes=\"auto, 250px\"\/><\/a><div class=\"sgb-item-caption\"><em>Z\u00e1meck\u00fd p\u00e1n<\/em><\/div><\/div><div class=\"sgb-item\"><a href=\"https:\/\/www.cykloromantika.cz\/foto-2025-0730-02\/\" target=\"_blank\"><img decoding=\"async\" alt=\"\" width=\"225\" height=\"300\" loading=\"lazy\" src=\"https:\/\/www.cykloromantika.cz\/wp-content\/uploads\/2025\/12\/foto-2025-0730-02-225x300.jpg\" srcset=\"https:\/\/www.cykloromantika.cz\/wp-content\/uploads\/2025\/12\/foto-2025-0730-02-225x300.jpg 225w,https:\/\/www.cykloromantika.cz\/wp-content\/uploads\/2025\/12\/foto-2025-0730-02.jpg 768w\" sizes=\"auto, 250px\"\/><\/a><div class=\"sgb-item-caption\"><em>Stachelberg<\/em><\/div><\/div><div class=\"sgb-item\"><a href=\"https:\/\/www.cykloromantika.cz\/foto-2025-0730-03\/\" target=\"_blank\"><img decoding=\"async\" alt=\"\" width=\"300\" height=\"169\" loading=\"lazy\" src=\"https:\/\/www.cykloromantika.cz\/wp-content\/uploads\/2025\/12\/foto-2025-0730-03-300x169.jpg\" srcset=\"https:\/\/www.cykloromantika.cz\/wp-content\/uploads\/2025\/12\/foto-2025-0730-03-300x169.jpg 300w,https:\/\/www.cykloromantika.cz\/wp-content\/uploads\/2025\/12\/foto-2025-0730-03.jpg 1024w\" sizes=\"auto, 250px\"\/><\/a><div class=\"sgb-item-caption\"><em>Pevnost Stachelberg<\/em><\/div><\/div><div class=\"sgb-item\"><a href=\"https:\/\/www.cykloromantika.cz\/foto-2025-0730-04\/\" target=\"_blank\"><img decoding=\"async\" alt=\"\" width=\"300\" height=\"200\" loading=\"lazy\" src=\"https:\/\/www.cykloromantika.cz\/wp-content\/uploads\/2025\/12\/foto-2025-0730-04-300x200.jpg\" srcset=\"https:\/\/www.cykloromantika.cz\/wp-content\/uploads\/2025\/12\/foto-2025-0730-04-300x200.jpg 300w,https:\/\/www.cykloromantika.cz\/wp-content\/uploads\/2025\/12\/foto-2025-0730-04.jpg 1024w\" sizes=\"auto, 250px\"\/><\/a><div class=\"sgb-item-caption\"><em>Pevnost Stachelberg s rozhlednou Eli\u0161ka<\/em><\/div><\/div><div class=\"sgb-item\"><a href=\"https:\/\/www.cykloromantika.cz\/foto-2025-0730-05\/\" target=\"_blank\"><img decoding=\"async\" alt=\"\" width=\"225\" height=\"300\" loading=\"lazy\" src=\"https:\/\/www.cykloromantika.cz\/wp-content\/uploads\/2025\/12\/foto-2025-0730-05-225x300.jpg\" srcset=\"https:\/\/www.cykloromantika.cz\/wp-content\/uploads\/2025\/12\/foto-2025-0730-05-225x300.jpg 225w,https:\/\/www.cykloromantika.cz\/wp-content\/uploads\/2025\/12\/foto-2025-0730-05.jpg 768w\" sizes=\"auto, 250px\"\/><\/a><div class=\"sgb-item-caption\"><em>Rozhledna Eli\u0161ka<\/em><\/div><\/div><div class=\"sgb-item\"><a href=\"https:\/\/www.cykloromantika.cz\/foto-2025-0730-06\/\" target=\"_blank\"><img decoding=\"async\" alt=\"\" width=\"300\" height=\"225\" loading=\"lazy\" src=\"https:\/\/www.cykloromantika.cz\/wp-content\/uploads\/2025\/12\/foto-2025-0730-06-300x225.jpg\" srcset=\"https:\/\/www.cykloromantika.cz\/wp-content\/uploads\/2025\/12\/foto-2025-0730-06-300x225.jpg 300w,https:\/\/www.cykloromantika.cz\/wp-content\/uploads\/2025\/12\/foto-2025-0730-06.jpg 1024w\" sizes=\"auto, 250px\"\/><\/a><div class=\"sgb-item-caption\"><em>Poledn\u00ed k\u00e1va a z\u00e1kusek<\/em><\/div><\/div><div class=\"sgb-item\"><a href=\"https:\/\/www.cykloromantika.cz\/foto-2025-0730-07\/\" target=\"_blank\"><img decoding=\"async\" alt=\"\" width=\"300\" height=\"200\" loading=\"lazy\" src=\"https:\/\/www.cykloromantika.cz\/wp-content\/uploads\/2025\/12\/foto-2025-0730-07-300x200.jpg\" srcset=\"https:\/\/www.cykloromantika.cz\/wp-content\/uploads\/2025\/12\/foto-2025-0730-07-300x200.jpg 300w,https:\/\/www.cykloromantika.cz\/wp-content\/uploads\/2025\/12\/foto-2025-0730-07.jpg 1024w\" sizes=\"auto, 250px\"\/><\/a><div class=\"sgb-item-caption\"><em>Pevnost Stachelberg<\/em><\/div><\/div><div class=\"sgb-item\"><a href=\"https:\/\/www.cykloromantika.cz\/foto-2025-0730-08\/\" target=\"_blank\"><img decoding=\"async\" alt=\"\" width=\"300\" height=\"200\" loading=\"lazy\" src=\"https:\/\/www.cykloromantika.cz\/wp-content\/uploads\/2025\/12\/foto-2025-0730-08-300x200.jpg\" srcset=\"https:\/\/www.cykloromantika.cz\/wp-content\/uploads\/2025\/12\/foto-2025-0730-08-300x200.jpg 300w,https:\/\/www.cykloromantika.cz\/wp-content\/uploads\/2025\/12\/foto-2025-0730-08.jpg 1024w\" sizes=\"auto, 250px\"\/><\/a><div class=\"sgb-item-caption\"><em>V\u00fdhled z rozhledny Eli\u0161ka<\/em><\/div><\/div><div class=\"sgb-item\"><a href=\"https:\/\/www.cykloromantika.cz\/foto-2025-0730-09\/\" target=\"_blank\"><img decoding=\"async\" alt=\"\" width=\"300\" height=\"200\" loading=\"lazy\" src=\"https:\/\/www.cykloromantika.cz\/wp-content\/uploads\/2025\/12\/foto-2025-0730-09-300x200.jpg\" srcset=\"https:\/\/www.cykloromantika.cz\/wp-content\/uploads\/2025\/12\/foto-2025-0730-09-300x200.jpg 300w,https:\/\/www.cykloromantika.cz\/wp-content\/uploads\/2025\/12\/foto-2025-0730-09.jpg 1024w\" sizes=\"auto, 250px\"\/><\/a><div class=\"sgb-item-caption\"><em>V\u00fdhled z rozhledny Eli\u0161ka<\/em><\/div><\/div><div class=\"sgb-item\"><a href=\"https:\/\/www.cykloromantika.cz\/foto-2025-0730-10\/\" target=\"_blank\"><img decoding=\"async\" alt=\"\" width=\"300\" height=\"225\" loading=\"lazy\" src=\"https:\/\/www.cykloromantika.cz\/wp-content\/uploads\/2025\/12\/foto-2025-0730-10-300x225.jpg\" srcset=\"https:\/\/www.cykloromantika.cz\/wp-content\/uploads\/2025\/12\/foto-2025-0730-10-300x225.jpg 300w,https:\/\/www.cykloromantika.cz\/wp-content\/uploads\/2025\/12\/foto-2025-0730-10.jpg 1024w\" sizes=\"auto, 250px\"\/><\/a><\/div><div class=\"sgb-item\"><a href=\"https:\/\/www.cykloromantika.cz\/foto-2025-0730-11\/\" target=\"_blank\"><img decoding=\"async\" alt=\"\" width=\"225\" height=\"300\" loading=\"lazy\" src=\"https:\/\/www.cykloromantika.cz\/wp-content\/uploads\/2025\/12\/foto-2025-0730-11-225x300.jpg\" srcset=\"https:\/\/www.cykloromantika.cz\/wp-content\/uploads\/2025\/12\/foto-2025-0730-11-225x300.jpg 225w,https:\/\/www.cykloromantika.cz\/wp-content\/uploads\/2025\/12\/foto-2025-0730-11.jpg 768w\" sizes=\"auto, 250px\"\/><\/a><\/div><div class=\"sgb-item\"><a href=\"https:\/\/www.cykloromantika.cz\/foto-2025-0730-12\/\" target=\"_blank\"><img decoding=\"async\" alt=\"\" width=\"300\" height=\"225\" loading=\"lazy\" src=\"https:\/\/www.cykloromantika.cz\/wp-content\/uploads\/2025\/12\/foto-2025-0730-12-300x225.jpg\" srcset=\"https:\/\/www.cykloromantika.cz\/wp-content\/uploads\/2025\/12\/foto-2025-0730-12-300x225.jpg 300w,https:\/\/www.cykloromantika.cz\/wp-content\/uploads\/2025\/12\/foto-2025-0730-12.jpg 1024w\" sizes=\"auto, 250px\"\/><\/a><div class=\"sgb-item-caption\"><em>Pr\u016fzkum ter\u00e9nu<\/em><\/div><\/div><div class=\"sgb-item\"><a href=\"https:\/\/www.cykloromantika.cz\/foto-2025-0730-13\/\" target=\"_blank\"><img decoding=\"async\" alt=\"\" width=\"225\" height=\"300\" loading=\"lazy\" src=\"https:\/\/www.cykloromantika.cz\/wp-content\/uploads\/2025\/12\/foto-2025-0730-13-225x300.jpg\" srcset=\"https:\/\/www.cykloromantika.cz\/wp-content\/uploads\/2025\/12\/foto-2025-0730-13-225x300.jpg 225w,https:\/\/www.cykloromantika.cz\/wp-content\/uploads\/2025\/12\/foto-2025-0730-13.jpg 768w\" sizes=\"auto, 250px\"\/><\/a><div class=\"sgb-item-caption\"><em>Co dodat?<\/em><\/div><\/div><div class=\"sgb-item\"><a href=\"https:\/\/www.cykloromantika.cz\/foto-2025-0730-14\/\" target=\"_blank\"><img decoding=\"async\" alt=\"\" width=\"300\" height=\"225\" loading=\"lazy\" src=\"https:\/\/www.cykloromantika.cz\/wp-content\/uploads\/2025\/12\/foto-2025-0730-14-300x225.jpg\" srcset=\"https:\/\/www.cykloromantika.cz\/wp-content\/uploads\/2025\/12\/foto-2025-0730-14-300x225.jpg 300w,https:\/\/www.cykloromantika.cz\/wp-content\/uploads\/2025\/12\/foto-2025-0730-14.jpg 1024w\" sizes=\"auto, 250px\"\/><\/a><div class=\"sgb-item-caption\"><em>Tady vyst\u0159\u00edzliv\u011bli v\u0161ichni!<\/em><\/div><\/div><div class=\"sgb-item\"><a href=\"https:\/\/www.cykloromantika.cz\/foto-2025-0730-15\/\" target=\"_blank\"><img decoding=\"async\" alt=\"\" width=\"300\" height=\"200\" loading=\"lazy\" src=\"https:\/\/www.cykloromantika.cz\/wp-content\/uploads\/2025\/12\/foto-2025-0730-15-300x200.jpg\" srcset=\"https:\/\/www.cykloromantika.cz\/wp-content\/uploads\/2025\/12\/foto-2025-0730-15-300x200.jpg 300w,https:\/\/www.cykloromantika.cz\/wp-content\/uploads\/2025\/12\/foto-2025-0730-15.jpg 1024w\" sizes=\"auto, 250px\"\/><\/a><div class=\"sgb-item-caption\"><em>\u017dacl\u00e9\u0159sk\u00e9 n\u00e1m\u011bst\u00ed (hned po St\u0159\u00edzliv\u00e1ku)<\/em><\/div><\/div><div class=\"sgb-item\"><a href=\"https:\/\/www.cykloromantika.cz\/foto-2025-0730-16\/\" target=\"_blank\"><img decoding=\"async\" alt=\"\" width=\"225\" height=\"300\" loading=\"lazy\" src=\"https:\/\/www.cykloromantika.cz\/wp-content\/uploads\/2025\/12\/foto-2025-0730-16-225x300.jpg\" srcset=\"https:\/\/www.cykloromantika.cz\/wp-content\/uploads\/2025\/12\/foto-2025-0730-16-225x300.jpg 225w,https:\/\/www.cykloromantika.cz\/wp-content\/uploads\/2025\/12\/foto-2025-0730-16.jpg 768w\" sizes=\"auto, 250px\"\/><\/a><div class=\"sgb-item-caption\"><em>\u017dacl\u00e9\u0159sk\u00e9 n\u00e1m\u011bst\u00ed<\/em><\/div><\/div><div class=\"sgb-item\"><a href=\"https:\/\/www.cykloromantika.cz\/foto-2025-0730-17\/\" target=\"_blank\"><img decoding=\"async\" alt=\"\" width=\"300\" height=\"225\" loading=\"lazy\" src=\"https:\/\/www.cykloromantika.cz\/wp-content\/uploads\/2025\/12\/foto-2025-0730-17-300x225.jpg\" srcset=\"https:\/\/www.cykloromantika.cz\/wp-content\/uploads\/2025\/12\/foto-2025-0730-17-300x225.jpg 300w,https:\/\/www.cykloromantika.cz\/wp-content\/uploads\/2025\/12\/foto-2025-0730-17.jpg 1024w\" sizes=\"auto, 250px\"\/><\/a><div class=\"sgb-item-caption\"><em>Naklon\u011bn\u00e1 rovina v \u017dacl\u00e9\u0159i<\/em><\/div><\/div><div class=\"sgb-item\"><a href=\"https:\/\/www.cykloromantika.cz\/foto-2025-0730-18\/\" target=\"_blank\"><img decoding=\"async\" alt=\"\" width=\"300\" height=\"225\" loading=\"lazy\" src=\"https:\/\/www.cykloromantika.cz\/wp-content\/uploads\/2025\/12\/foto-2025-0730-18-300x225.jpg\" srcset=\"https:\/\/www.cykloromantika.cz\/wp-content\/uploads\/2025\/12\/foto-2025-0730-18-300x225.jpg 300w,https:\/\/www.cykloromantika.cz\/wp-content\/uploads\/2025\/12\/foto-2025-0730-18.jpg 1024w\" sizes=\"auto, 250px\"\/><\/a><div class=\"sgb-item-caption\"><em>Spojuje n\u00e1s bobr!<\/em><\/div><\/div><div class=\"sgb-item\"><a href=\"https:\/\/www.cykloromantika.cz\/foto-2025-0730-19\/\" target=\"_blank\"><img decoding=\"async\" alt=\"\" width=\"300\" height=\"200\" loading=\"lazy\" src=\"https:\/\/www.cykloromantika.cz\/wp-content\/uploads\/2025\/12\/foto-2025-0730-19-300x200.jpg\" srcset=\"https:\/\/www.cykloromantika.cz\/wp-content\/uploads\/2025\/12\/foto-2025-0730-19-300x200.jpg 300w,https:\/\/www.cykloromantika.cz\/wp-content\/uploads\/2025\/12\/foto-2025-0730-19.jpg 1024w\" sizes=\"auto, 250px\"\/><\/a><div class=\"sgb-item-caption\"><em>Ztr\u00e1c\u00edme a nal\u00e9z\u00e1me se v labyrintu.<\/em><\/div><\/div><div class=\"sgb-item\"><a href=\"https:\/\/www.cykloromantika.cz\/foto-2025-0730-20\/\" target=\"_blank\"><img decoding=\"async\" alt=\"\" width=\"300\" height=\"225\" loading=\"lazy\" src=\"https:\/\/www.cykloromantika.cz\/wp-content\/uploads\/2025\/12\/foto-2025-0730-20-300x225.jpg\" srcset=\"https:\/\/www.cykloromantika.cz\/wp-content\/uploads\/2025\/12\/foto-2025-0730-20-300x225.jpg 300w,https:\/\/www.cykloromantika.cz\/wp-content\/uploads\/2025\/12\/foto-2025-0730-20.jpg 1024w\" sizes=\"auto, 250px\"\/><\/a><div class=\"sgb-item-caption\"><em>J.A.K.<\/em><\/div><\/div><div class=\"sgb-item\"><a href=\"https:\/\/www.cykloromantika.cz\/foto-2025-0730-21\/\" target=\"_blank\"><img decoding=\"async\" alt=\"\" width=\"225\" height=\"300\" loading=\"lazy\" src=\"https:\/\/www.cykloromantika.cz\/wp-content\/uploads\/2025\/12\/foto-2025-0730-21-225x300.jpg\" srcset=\"https:\/\/www.cykloromantika.cz\/wp-content\/uploads\/2025\/12\/foto-2025-0730-21-225x300.jpg 225w,https:\/\/www.cykloromantika.cz\/wp-content\/uploads\/2025\/12\/foto-2025-0730-21.jpg 768w\" sizes=\"auto, 250px\"\/><\/a><\/div><div class=\"sgb-item\"><a href=\"https:\/\/www.cykloromantika.cz\/foto-2025-0730-22\/\" target=\"_blank\"><img decoding=\"async\" alt=\"\" width=\"225\" height=\"300\" loading=\"lazy\" src=\"https:\/\/www.cykloromantika.cz\/wp-content\/uploads\/2025\/12\/foto-2025-0730-22-225x300.jpg\" srcset=\"https:\/\/www.cykloromantika.cz\/wp-content\/uploads\/2025\/12\/foto-2025-0730-22-225x300.jpg 225w,https:\/\/www.cykloromantika.cz\/wp-content\/uploads\/2025\/12\/foto-2025-0730-22.jpg 768w\" sizes=\"auto, 250px\"\/><\/a><div class=\"sgb-item-caption\"><em>R\u016f\u017eov\u00fd palou\u010dek<\/em><\/div><\/div><div class=\"sgb-item\"><a href=\"https:\/\/www.cykloromantika.cz\/foto-2025-0730-23\/\" target=\"_blank\"><img decoding=\"async\" alt=\"\" width=\"300\" height=\"169\" loading=\"lazy\" src=\"https:\/\/www.cykloromantika.cz\/wp-content\/uploads\/2025\/12\/foto-2025-0730-23-300x169.jpg\" srcset=\"https:\/\/www.cykloromantika.cz\/wp-content\/uploads\/2025\/12\/foto-2025-0730-23-300x169.jpg 300w,https:\/\/www.cykloromantika.cz\/wp-content\/uploads\/2025\/12\/foto-2025-0730-23.jpg 1024w\" sizes=\"auto, 250px\"\/><\/a><div class=\"sgb-item-caption\"><em>R\u016f\u017eov\u00fd palou\u010dek<\/em><\/div><\/div><div class=\"sgb-item\"><a href=\"https:\/\/www.cykloromantika.cz\/foto-2025-0730-24\/\" target=\"_blank\"><img decoding=\"async\" alt=\"\" width=\"300\" height=\"225\" loading=\"lazy\" src=\"https:\/\/www.cykloromantika.cz\/wp-content\/uploads\/2025\/12\/foto-2025-0730-24-300x225.jpg\" srcset=\"https:\/\/www.cykloromantika.cz\/wp-content\/uploads\/2025\/12\/foto-2025-0730-24-300x225.jpg 300w,https:\/\/www.cykloromantika.cz\/wp-content\/uploads\/2025\/12\/foto-2025-0730-24.jpg 1024w\" sizes=\"auto, 250px\"\/><\/a><\/div><div class=\"sgb-item\"><a href=\"https:\/\/www.cykloromantika.cz\/foto-2025-0730-25\/\" target=\"_blank\"><img decoding=\"async\" alt=\"\" width=\"300\" height=\"200\" loading=\"lazy\" src=\"https:\/\/www.cykloromantika.cz\/wp-content\/uploads\/2025\/12\/foto-2025-0730-25-300x200.jpg\" srcset=\"https:\/\/www.cykloromantika.cz\/wp-content\/uploads\/2025\/12\/foto-2025-0730-25-300x200.jpg 300w,https:\/\/www.cykloromantika.cz\/wp-content\/uploads\/2025\/12\/foto-2025-0730-25.jpg 1024w\" sizes=\"auto, 250px\"\/><\/a><div class=\"sgb-item-caption\"><em>R\u016f\u017eov\u00fd palou\u010dek<\/em><\/div><\/div><div class=\"sgb-item\"><a href=\"https:\/\/www.cykloromantika.cz\/foto-2025-0730-26\/\" target=\"_blank\"><img decoding=\"async\" alt=\"\" width=\"300\" height=\"169\" loading=\"lazy\" src=\"https:\/\/www.cykloromantika.cz\/wp-content\/uploads\/2025\/12\/foto-2025-0730-26-300x169.jpg\" srcset=\"https:\/\/www.cykloromantika.cz\/wp-content\/uploads\/2025\/12\/foto-2025-0730-26-300x169.jpg 300w,https:\/\/www.cykloromantika.cz\/wp-content\/uploads\/2025\/12\/foto-2025-0730-26.jpg 1024w\" sizes=\"auto, 250px\"\/><\/a><div class=\"sgb-item-caption\"><em>R\u016f\u017eov\u00fd palou\u010dek<\/em><\/div><\/div><div class=\"sgb-item\"><a href=\"https:\/\/www.cykloromantika.cz\/foto-2025-0730-27\/\" target=\"_blank\"><img decoding=\"async\" alt=\"\" width=\"300\" height=\"169\" loading=\"lazy\" src=\"https:\/\/www.cykloromantika.cz\/wp-content\/uploads\/2025\/12\/foto-2025-0730-27-300x169.jpg\" srcset=\"https:\/\/www.cykloromantika.cz\/wp-content\/uploads\/2025\/12\/foto-2025-0730-27-300x169.jpg 300w,https:\/\/www.cykloromantika.cz\/wp-content\/uploads\/2025\/12\/foto-2025-0730-27.jpg 1024w\" sizes=\"auto, 250px\"\/><\/a><div class=\"sgb-item-caption\"><em>V\u00fdhled na Kr\u00e1loveck\u00fd \u0160pi\u010d\u00e1k<\/em><\/div><\/div><div class=\"sgb-item\"><a href=\"https:\/\/www.cykloromantika.cz\/foto-2025-0730-28\/\" target=\"_blank\"><img decoding=\"async\" alt=\"\" width=\"300\" height=\"200\" loading=\"lazy\" src=\"https:\/\/www.cykloromantika.cz\/wp-content\/uploads\/2025\/12\/foto-2025-0730-28-300x200.jpg\" srcset=\"https:\/\/www.cykloromantika.cz\/wp-content\/uploads\/2025\/12\/foto-2025-0730-28-300x200.jpg 300w,https:\/\/www.cykloromantika.cz\/wp-content\/uploads\/2025\/12\/foto-2025-0730-28.jpg 1024w\" sizes=\"auto, 250px\"\/><\/a><div class=\"sgb-item-caption\"><em>Opou\u0161t\u00edme \u010ceskou Republiku<\/em><\/div><\/div><div class=\"sgb-item\"><a href=\"https:\/\/www.cykloromantika.cz\/foto-2025-0730-29\/\" target=\"_blank\"><img decoding=\"async\" alt=\"\" width=\"225\" height=\"300\" loading=\"lazy\" src=\"https:\/\/www.cykloromantika.cz\/wp-content\/uploads\/2025\/12\/foto-2025-0730-29-225x300.jpg\" srcset=\"https:\/\/www.cykloromantika.cz\/wp-content\/uploads\/2025\/12\/foto-2025-0730-29-225x300.jpg 225w,https:\/\/www.cykloromantika.cz\/wp-content\/uploads\/2025\/12\/foto-2025-0730-29.jpg 768w\" sizes=\"auto, 250px\"\/><\/a><div class=\"sgb-item-caption\"><em>Jedin\u00e9 j\u00eddlo v Lubawce<\/em><\/div><\/div><div class=\"sgb-item\"><a href=\"https:\/\/www.cykloromantika.cz\/foto-2025-0730-30\/\" target=\"_blank\"><img decoding=\"async\" alt=\"\" width=\"300\" height=\"169\" loading=\"lazy\" src=\"https:\/\/www.cykloromantika.cz\/wp-content\/uploads\/2025\/12\/foto-2025-0730-30-300x169.jpg\" srcset=\"https:\/\/www.cykloromantika.cz\/wp-content\/uploads\/2025\/12\/foto-2025-0730-30-300x169.jpg 300w,https:\/\/www.cykloromantika.cz\/wp-content\/uploads\/2025\/12\/foto-2025-0730-30.jpg 1024w\" sizes=\"auto, 250px\"\/><\/a><div class=\"sgb-item-caption\"><em>Rynek v Che\u0142msku \u015al\u0105skiem<\/em><\/div><\/div><div class=\"sgb-item\"><a href=\"https:\/\/www.cykloromantika.cz\/foto-2025-0730-32\/\" target=\"_blank\"><img decoding=\"async\" alt=\"\" width=\"300\" height=\"200\" loading=\"lazy\" src=\"https:\/\/www.cykloromantika.cz\/wp-content\/uploads\/2025\/12\/foto-2025-0730-32-300x200.jpg\" srcset=\"https:\/\/www.cykloromantika.cz\/wp-content\/uploads\/2025\/12\/foto-2025-0730-32-300x200.jpg 300w,https:\/\/www.cykloromantika.cz\/wp-content\/uploads\/2025\/12\/foto-2025-0730-32.jpg 1024w\" sizes=\"auto, 250px\"\/><\/a><div class=\"sgb-item-caption\"><em>Domki tkaczy Dwunastu Aposto\u0142\u00f3w v Che\u0142msku \u015al\u0105skiem<\/em><\/div><\/div><div class=\"sgb-item\"><a href=\"https:\/\/www.cykloromantika.cz\/foto-2025-0730-33\/\" target=\"_blank\"><img decoding=\"async\" alt=\"\" width=\"300\" height=\"225\" loading=\"lazy\" src=\"https:\/\/www.cykloromantika.cz\/wp-content\/uploads\/2025\/12\/foto-2025-0730-33-300x225.jpg\" srcset=\"https:\/\/www.cykloromantika.cz\/wp-content\/uploads\/2025\/12\/foto-2025-0730-33-300x225.jpg 300w,https:\/\/www.cykloromantika.cz\/wp-content\/uploads\/2025\/12\/foto-2025-0730-33.jpg 1024w\" sizes=\"auto, 250px\"\/><\/a><div class=\"sgb-item-caption\"><em>Podloub\u00ed Domku tkaczu<\/em><\/div><\/div><div class=\"sgb-item\"><a href=\"https:\/\/www.cykloromantika.cz\/foto-2025-0730-34\/\" target=\"_blank\"><img decoding=\"async\" alt=\"\" width=\"300\" height=\"225\" loading=\"lazy\" src=\"https:\/\/www.cykloromantika.cz\/wp-content\/uploads\/2025\/12\/foto-2025-0730-34-300x225.jpg\" srcset=\"https:\/\/www.cykloromantika.cz\/wp-content\/uploads\/2025\/12\/foto-2025-0730-34-300x225.jpg 300w,https:\/\/www.cykloromantika.cz\/wp-content\/uploads\/2025\/12\/foto-2025-0730-34.jpg 1024w\" sizes=\"auto, 250px\"\/><\/a><div class=\"sgb-item-caption\"><em>Adr\u0161pach \u2013 skupinov\u00e9 foto<\/em><\/div><\/div><div class=\"sgb-item\"><a href=\"https:\/\/www.cykloromantika.cz\/foto-2025-0730-35\/\" target=\"_blank\"><img decoding=\"async\" alt=\"\" width=\"300\" height=\"225\" loading=\"lazy\" src=\"https:\/\/www.cykloromantika.cz\/wp-content\/uploads\/2025\/12\/foto-2025-0730-35-300x225.jpg\" srcset=\"https:\/\/www.cykloromantika.cz\/wp-content\/uploads\/2025\/12\/foto-2025-0730-35-300x225.jpg 300w,https:\/\/www.cykloromantika.cz\/wp-content\/uploads\/2025\/12\/foto-2025-0730-35.jpg 1024w\" sizes=\"auto, 250px\"\/><\/a><div class=\"sgb-item-caption\"><em>Adr\u0161pach \u2013 skupinov\u00e9 foto (detail)<\/em><\/div><\/div><div class=\"sgb-item\"><a href=\"https:\/\/www.cykloromantika.cz\/foto-2025-0730-36\/\" target=\"_blank\"><img decoding=\"async\" alt=\"\" width=\"300\" height=\"225\" loading=\"lazy\" src=\"https:\/\/www.cykloromantika.cz\/wp-content\/uploads\/2025\/12\/foto-2025-0730-36-300x225.jpg\" srcset=\"https:\/\/www.cykloromantika.cz\/wp-content\/uploads\/2025\/12\/foto-2025-0730-36-300x225.jpg 300w,https:\/\/www.cykloromantika.cz\/wp-content\/uploads\/2025\/12\/foto-2025-0730-36.jpg 1024w\" sizes=\"auto, 250px\"\/><\/a><div class=\"sgb-item-caption\"><em>Adr\u0161pach<\/em><\/div><\/div><div class=\"sgb-item\"><a href=\"https:\/\/www.cykloromantika.cz\/foto-2025-0730-37\/\" target=\"_blank\"><img decoding=\"async\" alt=\"\" width=\"200\" height=\"300\" loading=\"lazy\" src=\"https:\/\/www.cykloromantika.cz\/wp-content\/uploads\/2025\/12\/foto-2025-0730-37-200x300.jpg\" srcset=\"https:\/\/www.cykloromantika.cz\/wp-content\/uploads\/2025\/12\/foto-2025-0730-37-200x300.jpg 200w,https:\/\/www.cykloromantika.cz\/wp-content\/uploads\/2025\/12\/foto-2025-0730-37.jpg 683w\" sizes=\"auto, 250px\"\/><\/a><div class=\"sgb-item-caption\"><em>Adr\u0161pach<\/em><\/div><\/div><div class=\"sgb-item\"><a href=\"https:\/\/www.cykloromantika.cz\/foto-2025-0730-38\/\" target=\"_blank\"><img decoding=\"async\" alt=\"\" width=\"225\" height=\"300\" loading=\"lazy\" src=\"https:\/\/www.cykloromantika.cz\/wp-content\/uploads\/2025\/12\/foto-2025-0730-38-225x300.jpg\" srcset=\"https:\/\/www.cykloromantika.cz\/wp-content\/uploads\/2025\/12\/foto-2025-0730-38-225x300.jpg 225w,https:\/\/www.cykloromantika.cz\/wp-content\/uploads\/2025\/12\/foto-2025-0730-38.jpg 768w\" sizes=\"auto, 250px\"\/><\/a><div class=\"sgb-item-caption\"><em>Nocleh v Campu Kamenec v Teplic\u00edch n. M.<\/em><\/div><\/div><\/div><\/noscript><\/div><script type=\"application\/json\" class=\"sgb-data\">{\"lastRowFill\":true,\"collectionThumbRecomendedHeight\":300,\"collectionThumbMiniScreenScale\":true,\"captionHAlign\":\"bottom\",\"collectionthumbHoverTitleFontSize\":12,\"collectionthumbRoundedCorners\":8,\"collectionthumbHoverTitleTextBgColor\":\"rgba(0,0,0,0.44)\",\"collectionThumbSubMenuShare\":false,\"galleryType\":\"pgc_sgb_justified\",\"galleryId\":\"ade25013\",\"images\":[{\"id\":9378,\"title\":\"Foto 2025 0730 01\",\"url\":\"https:\/\/www.cykloromantika.cz\/wp-content\/uploads\/2025\/12\/foto-2025-0730-01.jpg\",\"link\":\"https:\/\/www.cykloromantika.cz\/foto-2025-0730-01\/\",\"alt\":\"\",\"description\":\"\",\"caption\":\"Z\u00e1meck\u00fd p\u00e1n\",\"mime\":\"image\/jpeg\",\"type\":\"image\",\"width\":768,\"height\":1024,\"sizes\":{\"thumbnail\":{\"height\":150,\"width\":113,\"url\":\"https:\/\/www.cykloromantika.cz\/wp-content\/uploads\/2025\/12\/foto-2025-0730-01-113x150.jpg\",\"orientation\":\"portrait\"},\"medium\":{\"height\":300,\"width\":225,\"url\":\"https:\/\/www.cykloromantika.cz\/wp-content\/uploads\/2025\/12\/foto-2025-0730-01-225x300.jpg\",\"orientation\":\"portrait\"},\"full\":{\"url\":\"https:\/\/www.cykloromantika.cz\/wp-content\/uploads\/2025\/12\/foto-2025-0730-01.jpg\",\"height\":1024,\"width\":768,\"orientation\":\"portrait\"}},\"imageMeta\":{\"aperture\":\"1.8\",\"credit\":\"\",\"camera\":\"Galaxy S24\",\"caption\":\"\",\"created_timestamp\":\"1753864765\",\"copyright\":\"\",\"focal_length\":\"5.4\",\"iso\":\"200\",\"shutter_speed\":\"0.005555555\",\"title\":\"\",\"orientation\":\"0\",\"keywords\":[]},\"meta\":false,\"postlink\":\"https:\/\/www.cykloromantika.cz\/foto-2025-0730-01\/\"},{\"id\":9379,\"title\":\"Foto 2025 0730 02\",\"url\":\"https:\/\/www.cykloromantika.cz\/wp-content\/uploads\/2025\/12\/foto-2025-0730-02.jpg\",\"link\":\"https:\/\/www.cykloromantika.cz\/foto-2025-0730-02\/\",\"alt\":\"\",\"description\":\"\",\"caption\":\"Stachelberg\",\"mime\":\"image\/jpeg\",\"type\":\"image\",\"width\":768,\"height\":1024,\"sizes\":{\"thumbnail\":{\"height\":150,\"width\":113,\"url\":\"https:\/\/www.cykloromantika.cz\/wp-content\/uploads\/2025\/12\/foto-2025-0730-02-113x150.jpg\",\"orientation\":\"portrait\"},\"medium\":{\"height\":300,\"width\":225,\"url\":\"https:\/\/www.cykloromantika.cz\/wp-content\/uploads\/2025\/12\/foto-2025-0730-02-225x300.jpg\",\"orientation\":\"portrait\"},\"full\":{\"url\":\"https:\/\/www.cykloromantika.cz\/wp-content\/uploads\/2025\/12\/foto-2025-0730-02.jpg\",\"height\":1024,\"width\":768,\"orientation\":\"portrait\"}},\"imageMeta\":{\"aperture\":\"1.8\",\"credit\":\"\",\"camera\":\"SM-G991B\",\"caption\":\"\",\"created_timestamp\":\"1753881227\",\"copyright\":\"\",\"focal_length\":\"5.4\",\"iso\":\"50\",\"shutter_speed\":\"0.000617283\",\"title\":\"\",\"orientation\":\"0\",\"keywords\":[]},\"meta\":false,\"postlink\":\"https:\/\/www.cykloromantika.cz\/foto-2025-0730-02\/\"},{\"id\":9380,\"title\":\"Foto 2025 0730 03\",\"url\":\"https:\/\/www.cykloromantika.cz\/wp-content\/uploads\/2025\/12\/foto-2025-0730-03.jpg\",\"link\":\"https:\/\/www.cykloromantika.cz\/foto-2025-0730-03\/\",\"alt\":\"\",\"description\":\"\",\"caption\":\"Pevnost Stachelberg\",\"mime\":\"image\/jpeg\",\"type\":\"image\",\"width\":1024,\"height\":577,\"sizes\":{\"thumbnail\":{\"height\":85,\"width\":150,\"url\":\"https:\/\/www.cykloromantika.cz\/wp-content\/uploads\/2025\/12\/foto-2025-0730-03-150x85.jpg\",\"orientation\":\"landscape\"},\"medium\":{\"height\":169,\"width\":300,\"url\":\"https:\/\/www.cykloromantika.cz\/wp-content\/uploads\/2025\/12\/foto-2025-0730-03-300x169.jpg\",\"orientation\":\"landscape\"},\"full\":{\"url\":\"https:\/\/www.cykloromantika.cz\/wp-content\/uploads\/2025\/12\/foto-2025-0730-03.jpg\",\"height\":577,\"width\":1024,\"orientation\":\"landscape\"}},\"imageMeta\":{\"aperture\":\"1.8\",\"credit\":\"\",\"camera\":\"Galaxy S23\",\"caption\":\"\",\"created_timestamp\":\"1753881263\",\"copyright\":\"\",\"focal_length\":\"5.4\",\"iso\":\"25\",\"shutter_speed\":\"0.000588346\",\"title\":\"\",\"orientation\":\"0\",\"keywords\":[]},\"meta\":false,\"postlink\":\"https:\/\/www.cykloromantika.cz\/foto-2025-0730-03\/\"},{\"id\":9381,\"title\":\"Foto 2025 0730 04\",\"url\":\"https:\/\/www.cykloromantika.cz\/wp-content\/uploads\/2025\/12\/foto-2025-0730-04.jpg\",\"link\":\"https:\/\/www.cykloromantika.cz\/foto-2025-0730-04\/\",\"alt\":\"\",\"description\":\"\",\"caption\":\"Pevnost Stachelberg s rozhlednou Eli\u0161ka\",\"mime\":\"image\/jpeg\",\"type\":\"image\",\"width\":1024,\"height\":683,\"sizes\":{\"thumbnail\":{\"height\":100,\"width\":150,\"url\":\"https:\/\/www.cykloromantika.cz\/wp-content\/uploads\/2025\/12\/foto-2025-0730-04-150x100.jpg\",\"orientation\":\"landscape\"},\"medium\":{\"height\":200,\"width\":300,\"url\":\"https:\/\/www.cykloromantika.cz\/wp-content\/uploads\/2025\/12\/foto-2025-0730-04-300x200.jpg\",\"orientation\":\"landscape\"},\"full\":{\"url\":\"https:\/\/www.cykloromantika.cz\/wp-content\/uploads\/2025\/12\/foto-2025-0730-04.jpg\",\"height\":683,\"width\":1024,\"orientation\":\"landscape\"}},\"imageMeta\":{\"aperture\":\"1.8\",\"credit\":\"\",\"camera\":\"Galaxy S24\",\"caption\":\"\",\"created_timestamp\":\"1753881273\",\"copyright\":\"\",\"focal_length\":\"5.4\",\"iso\":\"25\",\"shutter_speed\":\"0.00071225\",\"title\":\"\",\"orientation\":\"0\",\"keywords\":[]},\"meta\":false,\"postlink\":\"https:\/\/www.cykloromantika.cz\/foto-2025-0730-04\/\"},{\"id\":9382,\"title\":\"Foto 2025 0730 05\",\"url\":\"https:\/\/www.cykloromantika.cz\/wp-content\/uploads\/2025\/12\/foto-2025-0730-05.jpg\",\"link\":\"https:\/\/www.cykloromantika.cz\/foto-2025-0730-05\/\",\"alt\":\"\",\"description\":\"\",\"caption\":\"Rozhledna Eli\u0161ka\",\"mime\":\"image\/jpeg\",\"type\":\"image\",\"width\":768,\"height\":1024,\"sizes\":{\"thumbnail\":{\"height\":150,\"width\":113,\"url\":\"https:\/\/www.cykloromantika.cz\/wp-content\/uploads\/2025\/12\/foto-2025-0730-05-113x150.jpg\",\"orientation\":\"portrait\"},\"medium\":{\"height\":300,\"width\":225,\"url\":\"https:\/\/www.cykloromantika.cz\/wp-content\/uploads\/2025\/12\/foto-2025-0730-05-225x300.jpg\",\"orientation\":\"portrait\"},\"full\":{\"url\":\"https:\/\/www.cykloromantika.cz\/wp-content\/uploads\/2025\/12\/foto-2025-0730-05.jpg\",\"height\":1024,\"width\":768,\"orientation\":\"portrait\"}},\"imageMeta\":{\"aperture\":\"1.8\",\"credit\":\"\",\"camera\":\"Galaxy S24\",\"caption\":\"\",\"created_timestamp\":\"1753881283\",\"copyright\":\"\",\"focal_length\":\"5.4\",\"iso\":\"25\",\"shutter_speed\":\"0.001052631\",\"title\":\"\",\"orientation\":\"0\",\"keywords\":[]},\"meta\":false,\"postlink\":\"https:\/\/www.cykloromantika.cz\/foto-2025-0730-05\/\"},{\"id\":9383,\"title\":\"Foto 2025 0730 06\",\"url\":\"https:\/\/www.cykloromantika.cz\/wp-content\/uploads\/2025\/12\/foto-2025-0730-06.jpg\",\"link\":\"https:\/\/www.cykloromantika.cz\/foto-2025-0730-06\/\",\"alt\":\"\",\"description\":\"\",\"caption\":\"Poledn\u00ed k\u00e1va a z\u00e1kusek\",\"mime\":\"image\/jpeg\",\"type\":\"image\",\"width\":1024,\"height\":768,\"sizes\":{\"thumbnail\":{\"height\":113,\"width\":150,\"url\":\"https:\/\/www.cykloromantika.cz\/wp-content\/uploads\/2025\/12\/foto-2025-0730-06-150x113.jpg\",\"orientation\":\"landscape\"},\"medium\":{\"height\":225,\"width\":300,\"url\":\"https:\/\/www.cykloromantika.cz\/wp-content\/uploads\/2025\/12\/foto-2025-0730-06-300x225.jpg\",\"orientation\":\"landscape\"},\"full\":{\"url\":\"https:\/\/www.cykloromantika.cz\/wp-content\/uploads\/2025\/12\/foto-2025-0730-06.jpg\",\"height\":768,\"width\":1024,\"orientation\":\"landscape\"}},\"imageMeta\":{\"aperture\":\"1.8\",\"credit\":\"\",\"camera\":\"Galaxy S24\",\"caption\":\"\",\"created_timestamp\":\"1753882353\",\"copyright\":\"\",\"focal_length\":\"5.4\",\"iso\":\"25\",\"shutter_speed\":\"0.000819672\",\"title\":\"\",\"orientation\":\"0\",\"keywords\":[]},\"meta\":false,\"postlink\":\"https:\/\/www.cykloromantika.cz\/foto-2025-0730-06\/\"},{\"id\":9384,\"title\":\"Foto 2025 0730 07\",\"url\":\"https:\/\/www.cykloromantika.cz\/wp-content\/uploads\/2025\/12\/foto-2025-0730-07.jpg\",\"link\":\"https:\/\/www.cykloromantika.cz\/foto-2025-0730-07\/\",\"alt\":\"\",\"description\":\"\",\"caption\":\"Pevnost Stachelberg\",\"mime\":\"image\/jpeg\",\"type\":\"image\",\"width\":1024,\"height\":683,\"sizes\":{\"thumbnail\":{\"height\":100,\"width\":150,\"url\":\"https:\/\/www.cykloromantika.cz\/wp-content\/uploads\/2025\/12\/foto-2025-0730-07-150x100.jpg\",\"orientation\":\"landscape\"},\"medium\":{\"height\":200,\"width\":300,\"url\":\"https:\/\/www.cykloromantika.cz\/wp-content\/uploads\/2025\/12\/foto-2025-0730-07-300x200.jpg\",\"orientation\":\"landscape\"},\"full\":{\"url\":\"https:\/\/www.cykloromantika.cz\/wp-content\/uploads\/2025\/12\/foto-2025-0730-07.jpg\",\"height\":683,\"width\":1024,\"orientation\":\"landscape\"}},\"imageMeta\":{\"aperture\":\"1.8\",\"credit\":\"\",\"camera\":\"Galaxy S24\",\"caption\":\"\",\"created_timestamp\":\"1753883319\",\"copyright\":\"\",\"focal_length\":\"5.4\",\"iso\":\"25\",\"shutter_speed\":\"0.001037344\",\"title\":\"\",\"orientation\":\"0\",\"keywords\":[]},\"meta\":false,\"postlink\":\"https:\/\/www.cykloromantika.cz\/foto-2025-0730-07\/\"},{\"id\":9385,\"title\":\"Foto 2025 0730 08\",\"url\":\"https:\/\/www.cykloromantika.cz\/wp-content\/uploads\/2025\/12\/foto-2025-0730-08.jpg\",\"link\":\"https:\/\/www.cykloromantika.cz\/foto-2025-0730-08\/\",\"alt\":\"\",\"description\":\"\",\"caption\":\"V\u00fdhled z rozhledny Eli\u0161ka\",\"mime\":\"image\/jpeg\",\"type\":\"image\",\"width\":1024,\"height\":683,\"sizes\":{\"thumbnail\":{\"height\":100,\"width\":150,\"url\":\"https:\/\/www.cykloromantika.cz\/wp-content\/uploads\/2025\/12\/foto-2025-0730-08-150x100.jpg\",\"orientation\":\"landscape\"},\"medium\":{\"height\":200,\"width\":300,\"url\":\"https:\/\/www.cykloromantika.cz\/wp-content\/uploads\/2025\/12\/foto-2025-0730-08-300x200.jpg\",\"orientation\":\"landscape\"},\"full\":{\"url\":\"https:\/\/www.cykloromantika.cz\/wp-content\/uploads\/2025\/12\/foto-2025-0730-08.jpg\",\"height\":683,\"width\":1024,\"orientation\":\"landscape\"}},\"imageMeta\":{\"aperture\":\"1.8\",\"credit\":\"\",\"camera\":\"Galaxy S24\",\"caption\":\"\",\"created_timestamp\":\"1753883612\",\"copyright\":\"\",\"focal_length\":\"5.4\",\"iso\":\"25\",\"shutter_speed\":\"0.000833333\",\"title\":\"\",\"orientation\":\"0\",\"keywords\":[]},\"meta\":false,\"postlink\":\"https:\/\/www.cykloromantika.cz\/foto-2025-0730-08\/\"},{\"id\":9386,\"title\":\"Foto 2025 0730 09\",\"url\":\"https:\/\/www.cykloromantika.cz\/wp-content\/uploads\/2025\/12\/foto-2025-0730-09.jpg\",\"link\":\"https:\/\/www.cykloromantika.cz\/foto-2025-0730-09\/\",\"alt\":\"\",\"description\":\"\",\"caption\":\"V\u00fdhled z rozhledny Eli\u0161ka\",\"mime\":\"image\/jpeg\",\"type\":\"image\",\"width\":1024,\"height\":683,\"sizes\":{\"thumbnail\":{\"height\":100,\"width\":150,\"url\":\"https:\/\/www.cykloromantika.cz\/wp-content\/uploads\/2025\/12\/foto-2025-0730-09-150x100.jpg\",\"orientation\":\"landscape\"},\"medium\":{\"height\":200,\"width\":300,\"url\":\"https:\/\/www.cykloromantika.cz\/wp-content\/uploads\/2025\/12\/foto-2025-0730-09-300x200.jpg\",\"orientation\":\"landscape\"},\"full\":{\"url\":\"https:\/\/www.cykloromantika.cz\/wp-content\/uploads\/2025\/12\/foto-2025-0730-09.jpg\",\"height\":683,\"width\":1024,\"orientation\":\"landscape\"}},\"imageMeta\":{\"aperture\":\"1.8\",\"credit\":\"\",\"camera\":\"Galaxy S24\",\"caption\":\"\",\"created_timestamp\":\"1753883620\",\"copyright\":\"\",\"focal_length\":\"5.4\",\"iso\":\"25\",\"shutter_speed\":\"0.001381215\",\"title\":\"\",\"orientation\":\"0\",\"keywords\":[]},\"meta\":false,\"postlink\":\"https:\/\/www.cykloromantika.cz\/foto-2025-0730-09\/\"},{\"id\":9387,\"title\":\"Foto 2025 0730 10\",\"url\":\"https:\/\/www.cykloromantika.cz\/wp-content\/uploads\/2025\/12\/foto-2025-0730-10.jpg\",\"link\":\"https:\/\/www.cykloromantika.cz\/foto-2025-0730-10\/\",\"alt\":\"\",\"description\":\"\",\"caption\":\"\",\"mime\":\"image\/jpeg\",\"type\":\"image\",\"width\":1024,\"height\":768,\"sizes\":{\"thumbnail\":{\"height\":113,\"width\":150,\"url\":\"https:\/\/www.cykloromantika.cz\/wp-content\/uploads\/2025\/12\/foto-2025-0730-10-150x113.jpg\",\"orientation\":\"landscape\"},\"medium\":{\"height\":225,\"width\":300,\"url\":\"https:\/\/www.cykloromantika.cz\/wp-content\/uploads\/2025\/12\/foto-2025-0730-10-300x225.jpg\",\"orientation\":\"landscape\"},\"full\":{\"url\":\"https:\/\/www.cykloromantika.cz\/wp-content\/uploads\/2025\/12\/foto-2025-0730-10.jpg\",\"height\":768,\"width\":1024,\"orientation\":\"landscape\"}},\"imageMeta\":{\"aperture\":\"1.8\",\"credit\":\"\",\"camera\":\"Galaxy S24\",\"caption\":\"\",\"created_timestamp\":\"1753883645\",\"copyright\":\"\",\"focal_length\":\"5.4\",\"iso\":\"25\",\"shutter_speed\":\"0.005555555\",\"title\":\"\",\"orientation\":\"0\",\"keywords\":[]},\"meta\":false,\"postlink\":\"https:\/\/www.cykloromantika.cz\/foto-2025-0730-10\/\"},{\"id\":9388,\"title\":\"Foto 2025 0730 11\",\"url\":\"https:\/\/www.cykloromantika.cz\/wp-content\/uploads\/2025\/12\/foto-2025-0730-11.jpg\",\"link\":\"https:\/\/www.cykloromantika.cz\/foto-2025-0730-11\/\",\"alt\":\"\",\"description\":\"\",\"caption\":\"\",\"mime\":\"image\/jpeg\",\"type\":\"image\",\"width\":768,\"height\":1024,\"sizes\":{\"thumbnail\":{\"height\":150,\"width\":113,\"url\":\"https:\/\/www.cykloromantika.cz\/wp-content\/uploads\/2025\/12\/foto-2025-0730-11-113x150.jpg\",\"orientation\":\"portrait\"},\"medium\":{\"height\":300,\"width\":225,\"url\":\"https:\/\/www.cykloromantika.cz\/wp-content\/uploads\/2025\/12\/foto-2025-0730-11-225x300.jpg\",\"orientation\":\"portrait\"},\"full\":{\"url\":\"https:\/\/www.cykloromantika.cz\/wp-content\/uploads\/2025\/12\/foto-2025-0730-11.jpg\",\"height\":1024,\"width\":768,\"orientation\":\"portrait\"}},\"imageMeta\":{\"aperture\":\"1.8\",\"credit\":\"\",\"camera\":\"Galaxy S24\",\"caption\":\"\",\"created_timestamp\":\"1753883892\",\"copyright\":\"\",\"focal_length\":\"5.4\",\"iso\":\"25\",\"shutter_speed\":\"0.00229885\",\"title\":\"\",\"orientation\":\"0\",\"keywords\":[]},\"meta\":false,\"postlink\":\"https:\/\/www.cykloromantika.cz\/foto-2025-0730-11\/\"},{\"id\":9389,\"title\":\"Foto 2025 0730 12\",\"url\":\"https:\/\/www.cykloromantika.cz\/wp-content\/uploads\/2025\/12\/foto-2025-0730-12.jpg\",\"link\":\"https:\/\/www.cykloromantika.cz\/foto-2025-0730-12\/\",\"alt\":\"\",\"description\":\"\",\"caption\":\"Pr\u016fzkum ter\u00e9nu\",\"mime\":\"image\/jpeg\",\"type\":\"image\",\"width\":1024,\"height\":768,\"sizes\":{\"thumbnail\":{\"height\":113,\"width\":150,\"url\":\"https:\/\/www.cykloromantika.cz\/wp-content\/uploads\/2025\/12\/foto-2025-0730-12-150x113.jpg\",\"orientation\":\"landscape\"},\"medium\":{\"height\":225,\"width\":300,\"url\":\"https:\/\/www.cykloromantika.cz\/wp-content\/uploads\/2025\/12\/foto-2025-0730-12-300x225.jpg\",\"orientation\":\"landscape\"},\"full\":{\"url\":\"https:\/\/www.cykloromantika.cz\/wp-content\/uploads\/2025\/12\/foto-2025-0730-12.jpg\",\"height\":768,\"width\":1024,\"orientation\":\"landscape\"}},\"imageMeta\":{\"aperture\":\"1.8\",\"credit\":\"\",\"camera\":\"Galaxy S24\",\"caption\":\"\",\"created_timestamp\":\"1753883933\",\"copyright\":\"\",\"focal_length\":\"5.4\",\"iso\":\"25\",\"shutter_speed\":\"0.00338983\",\"title\":\"\",\"orientation\":\"0\",\"keywords\":[]},\"meta\":false,\"postlink\":\"https:\/\/www.cykloromantika.cz\/foto-2025-0730-12\/\"},{\"id\":9390,\"title\":\"Foto 2025 0730 13\",\"url\":\"https:\/\/www.cykloromantika.cz\/wp-content\/uploads\/2025\/12\/foto-2025-0730-13.jpg\",\"link\":\"https:\/\/www.cykloromantika.cz\/foto-2025-0730-13\/\",\"alt\":\"\",\"description\":\"\",\"caption\":\"Co dodat?\",\"mime\":\"image\/jpeg\",\"type\":\"image\",\"width\":768,\"height\":1024,\"sizes\":{\"thumbnail\":{\"height\":150,\"width\":113,\"url\":\"https:\/\/www.cykloromantika.cz\/wp-content\/uploads\/2025\/12\/foto-2025-0730-13-113x150.jpg\",\"orientation\":\"portrait\"},\"medium\":{\"height\":300,\"width\":225,\"url\":\"https:\/\/www.cykloromantika.cz\/wp-content\/uploads\/2025\/12\/foto-2025-0730-13-225x300.jpg\",\"orientation\":\"portrait\"},\"full\":{\"url\":\"https:\/\/www.cykloromantika.cz\/wp-content\/uploads\/2025\/12\/foto-2025-0730-13.jpg\",\"height\":1024,\"width\":768,\"orientation\":\"portrait\"}},\"imageMeta\":{\"aperture\":\"1.8\",\"credit\":\"\",\"camera\":\"Galaxy S24\",\"caption\":\"\",\"created_timestamp\":\"1753884629\",\"copyright\":\"\",\"focal_length\":\"5.4\",\"iso\":\"160\",\"shutter_speed\":\"0.005555555\",\"title\":\"\",\"orientation\":\"0\",\"keywords\":[]},\"meta\":false,\"postlink\":\"https:\/\/www.cykloromantika.cz\/foto-2025-0730-13\/\"},{\"id\":9391,\"title\":\"Foto 2025 0730 14\",\"url\":\"https:\/\/www.cykloromantika.cz\/wp-content\/uploads\/2025\/12\/foto-2025-0730-14.jpg\",\"link\":\"https:\/\/www.cykloromantika.cz\/foto-2025-0730-14\/\",\"alt\":\"\",\"description\":\"\",\"caption\":\"Tady vyst\u0159\u00edzliv\u011bli v\u0161ichni!\",\"mime\":\"image\/jpeg\",\"type\":\"image\",\"width\":1024,\"height\":768,\"sizes\":{\"thumbnail\":{\"height\":113,\"width\":150,\"url\":\"https:\/\/www.cykloromantika.cz\/wp-content\/uploads\/2025\/12\/foto-2025-0730-14-150x113.jpg\",\"orientation\":\"landscape\"},\"medium\":{\"height\":225,\"width\":300,\"url\":\"https:\/\/www.cykloromantika.cz\/wp-content\/uploads\/2025\/12\/foto-2025-0730-14-300x225.jpg\",\"orientation\":\"landscape\"},\"full\":{\"url\":\"https:\/\/www.cykloromantika.cz\/wp-content\/uploads\/2025\/12\/foto-2025-0730-14.jpg\",\"height\":768,\"width\":1024,\"orientation\":\"landscape\"}},\"imageMeta\":{\"aperture\":\"1.8\",\"credit\":\"\",\"camera\":\"Galaxy S24\",\"caption\":\"\",\"created_timestamp\":\"1753885662\",\"copyright\":\"\",\"focal_length\":\"5.4\",\"iso\":\"25\",\"shutter_speed\":\"0.002770083\",\"title\":\"\",\"orientation\":\"0\",\"keywords\":[]},\"meta\":false,\"postlink\":\"https:\/\/www.cykloromantika.cz\/foto-2025-0730-14\/\"},{\"id\":9392,\"title\":\"Foto 2025 0730 15\",\"url\":\"https:\/\/www.cykloromantika.cz\/wp-content\/uploads\/2025\/12\/foto-2025-0730-15.jpg\",\"link\":\"https:\/\/www.cykloromantika.cz\/foto-2025-0730-15\/\",\"alt\":\"\",\"description\":\"\",\"caption\":\"\u017dacl\u00e9\u0159sk\u00e9 n\u00e1m\u011bst\u00ed (hned po St\u0159\u00edzliv\u00e1ku)\",\"mime\":\"image\/jpeg\",\"type\":\"image\",\"width\":1024,\"height\":683,\"sizes\":{\"thumbnail\":{\"height\":100,\"width\":150,\"url\":\"https:\/\/www.cykloromantika.cz\/wp-content\/uploads\/2025\/12\/foto-2025-0730-15-150x100.jpg\",\"orientation\":\"landscape\"},\"medium\":{\"height\":200,\"width\":300,\"url\":\"https:\/\/www.cykloromantika.cz\/wp-content\/uploads\/2025\/12\/foto-2025-0730-15-300x200.jpg\",\"orientation\":\"landscape\"},\"full\":{\"url\":\"https:\/\/www.cykloromantika.cz\/wp-content\/uploads\/2025\/12\/foto-2025-0730-15.jpg\",\"height\":683,\"width\":1024,\"orientation\":\"landscape\"}},\"imageMeta\":{\"aperture\":\"1.8\",\"credit\":\"\",\"camera\":\"Galaxy S24\",\"caption\":\"\",\"created_timestamp\":\"1753886256\",\"copyright\":\"\",\"focal_length\":\"5.4\",\"iso\":\"25\",\"shutter_speed\":\"0.000644329\",\"title\":\"\",\"orientation\":\"0\",\"keywords\":[]},\"meta\":false,\"postlink\":\"https:\/\/www.cykloromantika.cz\/foto-2025-0730-15\/\"},{\"id\":9393,\"title\":\"Foto 2025 0730 16\",\"url\":\"https:\/\/www.cykloromantika.cz\/wp-content\/uploads\/2025\/12\/foto-2025-0730-16.jpg\",\"link\":\"https:\/\/www.cykloromantika.cz\/foto-2025-0730-16\/\",\"alt\":\"\",\"description\":\"\",\"caption\":\"\u017dacl\u00e9\u0159sk\u00e9 n\u00e1m\u011bst\u00ed\",\"mime\":\"image\/jpeg\",\"type\":\"image\",\"width\":768,\"height\":1024,\"sizes\":{\"thumbnail\":{\"height\":150,\"width\":113,\"url\":\"https:\/\/www.cykloromantika.cz\/wp-content\/uploads\/2025\/12\/foto-2025-0730-16-113x150.jpg\",\"orientation\":\"portrait\"},\"medium\":{\"height\":300,\"width\":225,\"url\":\"https:\/\/www.cykloromantika.cz\/wp-content\/uploads\/2025\/12\/foto-2025-0730-16-225x300.jpg\",\"orientation\":\"portrait\"},\"full\":{\"url\":\"https:\/\/www.cykloromantika.cz\/wp-content\/uploads\/2025\/12\/foto-2025-0730-16.jpg\",\"height\":1024,\"width\":768,\"orientation\":\"portrait\"}},\"imageMeta\":{\"aperture\":\"1.8\",\"credit\":\"\",\"camera\":\"Galaxy S24\",\"caption\":\"\",\"created_timestamp\":\"1753886360\",\"copyright\":\"\",\"focal_length\":\"5.4\",\"iso\":\"25\",\"shutter_speed\":\"0.000564334\",\"title\":\"\",\"orientation\":\"0\",\"keywords\":[]},\"meta\":false,\"postlink\":\"https:\/\/www.cykloromantika.cz\/foto-2025-0730-16\/\"},{\"id\":9394,\"title\":\"Foto 2025 0730 17\",\"url\":\"https:\/\/www.cykloromantika.cz\/wp-content\/uploads\/2025\/12\/foto-2025-0730-17.jpg\",\"link\":\"https:\/\/www.cykloromantika.cz\/foto-2025-0730-17\/\",\"alt\":\"\",\"description\":\"\",\"caption\":\"Naklon\u011bn\u00e1 rovina v \u017dacl\u00e9\u0159i\",\"mime\":\"image\/jpeg\",\"type\":\"image\",\"width\":1024,\"height\":768,\"sizes\":{\"thumbnail\":{\"height\":113,\"width\":150,\"url\":\"https:\/\/www.cykloromantika.cz\/wp-content\/uploads\/2025\/12\/foto-2025-0730-17-150x113.jpg\",\"orientation\":\"landscape\"},\"medium\":{\"height\":225,\"width\":300,\"url\":\"https:\/\/www.cykloromantika.cz\/wp-content\/uploads\/2025\/12\/foto-2025-0730-17-300x225.jpg\",\"orientation\":\"landscape\"},\"full\":{\"url\":\"https:\/\/www.cykloromantika.cz\/wp-content\/uploads\/2025\/12\/foto-2025-0730-17.jpg\",\"height\":768,\"width\":1024,\"orientation\":\"landscape\"}},\"imageMeta\":{\"aperture\":\"1.8\",\"credit\":\"\",\"camera\":\"Galaxy S24\",\"caption\":\"\",\"created_timestamp\":\"1753886540\",\"copyright\":\"\",\"focal_length\":\"5.4\",\"iso\":\"25\",\"shutter_speed\":\"0.000584112\",\"title\":\"\",\"orientation\":\"0\",\"keywords\":[]},\"meta\":false,\"postlink\":\"https:\/\/www.cykloromantika.cz\/foto-2025-0730-17\/\"},{\"id\":9395,\"title\":\"Foto 2025 0730 18\",\"url\":\"https:\/\/www.cykloromantika.cz\/wp-content\/uploads\/2025\/12\/foto-2025-0730-18.jpg\",\"link\":\"https:\/\/www.cykloromantika.cz\/foto-2025-0730-18\/\",\"alt\":\"\",\"description\":\"\",\"caption\":\"Spojuje n\u00e1s bobr!\",\"mime\":\"image\/jpeg\",\"type\":\"image\",\"width\":1024,\"height\":768,\"sizes\":{\"thumbnail\":{\"height\":113,\"width\":150,\"url\":\"https:\/\/www.cykloromantika.cz\/wp-content\/uploads\/2025\/12\/foto-2025-0730-18-150x113.jpg\",\"orientation\":\"landscape\"},\"medium\":{\"height\":225,\"width\":300,\"url\":\"https:\/\/www.cykloromantika.cz\/wp-content\/uploads\/2025\/12\/foto-2025-0730-18-300x225.jpg\",\"orientation\":\"landscape\"},\"full\":{\"url\":\"https:\/\/www.cykloromantika.cz\/wp-content\/uploads\/2025\/12\/foto-2025-0730-18.jpg\",\"height\":768,\"width\":1024,\"orientation\":\"landscape\"}},\"imageMeta\":{\"aperture\":\"1.8\",\"credit\":\"\",\"camera\":\"Galaxy S24\",\"caption\":\"\",\"created_timestamp\":\"1753887748\",\"copyright\":\"\",\"focal_length\":\"5.4\",\"iso\":\"25\",\"shutter_speed\":\"0.003875968\",\"title\":\"\",\"orientation\":\"0\",\"keywords\":[]},\"meta\":false,\"postlink\":\"https:\/\/www.cykloromantika.cz\/foto-2025-0730-18\/\"},{\"id\":9396,\"title\":\"Foto 2025 0730 19\",\"url\":\"https:\/\/www.cykloromantika.cz\/wp-content\/uploads\/2025\/12\/foto-2025-0730-19.jpg\",\"link\":\"https:\/\/www.cykloromantika.cz\/foto-2025-0730-19\/\",\"alt\":\"\",\"description\":\"\",\"caption\":\"Ztr\u00e1c\u00edme a nal\u00e9z\u00e1me se v labyrintu.\",\"mime\":\"image\/jpeg\",\"type\":\"image\",\"width\":1024,\"height\":683,\"sizes\":{\"thumbnail\":{\"height\":100,\"width\":150,\"url\":\"https:\/\/www.cykloromantika.cz\/wp-content\/uploads\/2025\/12\/foto-2025-0730-19-150x100.jpg\",\"orientation\":\"landscape\"},\"medium\":{\"height\":200,\"width\":300,\"url\":\"https:\/\/www.cykloromantika.cz\/wp-content\/uploads\/2025\/12\/foto-2025-0730-19-300x200.jpg\",\"orientation\":\"landscape\"},\"full\":{\"url\":\"https:\/\/www.cykloromantika.cz\/wp-content\/uploads\/2025\/12\/foto-2025-0730-19.jpg\",\"height\":683,\"width\":1024,\"orientation\":\"landscape\"}},\"imageMeta\":{\"aperture\":\"1.8\",\"credit\":\"\",\"camera\":\"Galaxy S24\",\"caption\":\"\",\"created_timestamp\":\"1753887774\",\"copyright\":\"\",\"focal_length\":\"5.4\",\"iso\":\"25\",\"shutter_speed\":\"0.001706484\",\"title\":\"\",\"orientation\":\"0\",\"keywords\":[]},\"meta\":false,\"postlink\":\"https:\/\/www.cykloromantika.cz\/foto-2025-0730-19\/\"},{\"id\":9397,\"title\":\"Foto 2025 0730 20\",\"url\":\"https:\/\/www.cykloromantika.cz\/wp-content\/uploads\/2025\/12\/foto-2025-0730-20.jpg\",\"link\":\"https:\/\/www.cykloromantika.cz\/foto-2025-0730-20\/\",\"alt\":\"\",\"description\":\"\",\"caption\":\"J.A.K.\",\"mime\":\"image\/jpeg\",\"type\":\"image\",\"width\":1024,\"height\":768,\"sizes\":{\"thumbnail\":{\"height\":113,\"width\":150,\"url\":\"https:\/\/www.cykloromantika.cz\/wp-content\/uploads\/2025\/12\/foto-2025-0730-20-150x113.jpg\",\"orientation\":\"landscape\"},\"medium\":{\"height\":225,\"width\":300,\"url\":\"https:\/\/www.cykloromantika.cz\/wp-content\/uploads\/2025\/12\/foto-2025-0730-20-300x225.jpg\",\"orientation\":\"landscape\"},\"full\":{\"url\":\"https:\/\/www.cykloromantika.cz\/wp-content\/uploads\/2025\/12\/foto-2025-0730-20.jpg\",\"height\":768,\"width\":1024,\"orientation\":\"landscape\"}},\"imageMeta\":{\"aperture\":\"1.8\",\"credit\":\"\",\"camera\":\"Galaxy S24\",\"caption\":\"\",\"created_timestamp\":\"1753887838\",\"copyright\":\"\",\"focal_length\":\"5.4\",\"iso\":\"25\",\"shutter_speed\":\"0.001103752\",\"title\":\"\",\"orientation\":\"0\",\"keywords\":[]},\"meta\":false,\"postlink\":\"https:\/\/www.cykloromantika.cz\/foto-2025-0730-20\/\"},{\"id\":9398,\"title\":\"Foto 2025 0730 21\",\"url\":\"https:\/\/www.cykloromantika.cz\/wp-content\/uploads\/2025\/12\/foto-2025-0730-21.jpg\",\"link\":\"https:\/\/www.cykloromantika.cz\/foto-2025-0730-21\/\",\"alt\":\"\",\"description\":\"\",\"caption\":\"\",\"mime\":\"image\/jpeg\",\"type\":\"image\",\"width\":768,\"height\":1024,\"sizes\":{\"thumbnail\":{\"height\":150,\"width\":113,\"url\":\"https:\/\/www.cykloromantika.cz\/wp-content\/uploads\/2025\/12\/foto-2025-0730-21-113x150.jpg\",\"orientation\":\"portrait\"},\"medium\":{\"height\":300,\"width\":225,\"url\":\"https:\/\/www.cykloromantika.cz\/wp-content\/uploads\/2025\/12\/foto-2025-0730-21-225x300.jpg\",\"orientation\":\"portrait\"},\"full\":{\"url\":\"https:\/\/www.cykloromantika.cz\/wp-content\/uploads\/2025\/12\/foto-2025-0730-21.jpg\",\"height\":1024,\"width\":768,\"orientation\":\"portrait\"}},\"imageMeta\":{\"aperture\":\"1.8\",\"credit\":\"\",\"camera\":\"SM-G991B\",\"caption\":\"\",\"created_timestamp\":\"1753888092\",\"copyright\":\"\",\"focal_length\":\"5.4\",\"iso\":\"50\",\"shutter_speed\":\"0.007633587\",\"title\":\"\",\"orientation\":\"0\",\"keywords\":[]},\"meta\":false,\"postlink\":\"https:\/\/www.cykloromantika.cz\/foto-2025-0730-21\/\"},{\"id\":9399,\"title\":\"Foto 2025 0730 22\",\"url\":\"https:\/\/www.cykloromantika.cz\/wp-content\/uploads\/2025\/12\/foto-2025-0730-22.jpg\",\"link\":\"https:\/\/www.cykloromantika.cz\/foto-2025-0730-22\/\",\"alt\":\"\",\"description\":\"\",\"caption\":\"R\u016f\u017eov\u00fd palou\u010dek\",\"mime\":\"image\/jpeg\",\"type\":\"image\",\"width\":768,\"height\":1024,\"sizes\":{\"thumbnail\":{\"height\":150,\"width\":113,\"url\":\"https:\/\/www.cykloromantika.cz\/wp-content\/uploads\/2025\/12\/foto-2025-0730-22-113x150.jpg\",\"orientation\":\"portrait\"},\"medium\":{\"height\":300,\"width\":225,\"url\":\"https:\/\/www.cykloromantika.cz\/wp-content\/uploads\/2025\/12\/foto-2025-0730-22-225x300.jpg\",\"orientation\":\"portrait\"},\"full\":{\"url\":\"https:\/\/www.cykloromantika.cz\/wp-content\/uploads\/2025\/12\/foto-2025-0730-22.jpg\",\"height\":1024,\"width\":768,\"orientation\":\"portrait\"}},\"imageMeta\":{\"aperture\":\"1.8\",\"credit\":\"\",\"camera\":\"Galaxy S24\",\"caption\":\"\",\"created_timestamp\":\"1753888111\",\"copyright\":\"\",\"focal_length\":\"5.4\",\"iso\":\"64\",\"shutter_speed\":\"0.005555555\",\"title\":\"\",\"orientation\":\"0\",\"keywords\":[]},\"meta\":false,\"postlink\":\"https:\/\/www.cykloromantika.cz\/foto-2025-0730-22\/\"},{\"id\":9400,\"title\":\"Foto 2025 0730 23\",\"url\":\"https:\/\/www.cykloromantika.cz\/wp-content\/uploads\/2025\/12\/foto-2025-0730-23.jpg\",\"link\":\"https:\/\/www.cykloromantika.cz\/foto-2025-0730-23\/\",\"alt\":\"\",\"description\":\"\",\"caption\":\"R\u016f\u017eov\u00fd palou\u010dek\",\"mime\":\"image\/jpeg\",\"type\":\"image\",\"width\":1024,\"height\":577,\"sizes\":{\"thumbnail\":{\"height\":85,\"width\":150,\"url\":\"https:\/\/www.cykloromantika.cz\/wp-content\/uploads\/2025\/12\/foto-2025-0730-23-150x85.jpg\",\"orientation\":\"landscape\"},\"medium\":{\"height\":169,\"width\":300,\"url\":\"https:\/\/www.cykloromantika.cz\/wp-content\/uploads\/2025\/12\/foto-2025-0730-23-300x169.jpg\",\"orientation\":\"landscape\"},\"full\":{\"url\":\"https:\/\/www.cykloromantika.cz\/wp-content\/uploads\/2025\/12\/foto-2025-0730-23.jpg\",\"height\":577,\"width\":1024,\"orientation\":\"landscape\"}},\"imageMeta\":{\"aperture\":\"1.8\",\"credit\":\"\",\"camera\":\"Galaxy S23\",\"caption\":\"\",\"created_timestamp\":\"1753888117\",\"copyright\":\"\",\"focal_length\":\"5.4\",\"iso\":\"25\",\"shutter_speed\":\"0.000807631\",\"title\":\"\",\"orientation\":\"0\",\"keywords\":[]},\"meta\":false,\"postlink\":\"https:\/\/www.cykloromantika.cz\/foto-2025-0730-23\/\"},{\"id\":9401,\"title\":\"Foto 2025 0730 24\",\"url\":\"https:\/\/www.cykloromantika.cz\/wp-content\/uploads\/2025\/12\/foto-2025-0730-24.jpg\",\"link\":\"https:\/\/www.cykloromantika.cz\/foto-2025-0730-24\/\",\"alt\":\"\",\"description\":\"\",\"caption\":\"\",\"mime\":\"image\/jpeg\",\"type\":\"image\",\"width\":1024,\"height\":768,\"sizes\":{\"thumbnail\":{\"height\":113,\"width\":150,\"url\":\"https:\/\/www.cykloromantika.cz\/wp-content\/uploads\/2025\/12\/foto-2025-0730-24-150x113.jpg\",\"orientation\":\"landscape\"},\"medium\":{\"height\":225,\"width\":300,\"url\":\"https:\/\/www.cykloromantika.cz\/wp-content\/uploads\/2025\/12\/foto-2025-0730-24-300x225.jpg\",\"orientation\":\"landscape\"},\"full\":{\"url\":\"https:\/\/www.cykloromantika.cz\/wp-content\/uploads\/2025\/12\/foto-2025-0730-24.jpg\",\"height\":768,\"width\":1024,\"orientation\":\"landscape\"}},\"imageMeta\":{\"aperture\":\"1.8\",\"credit\":\"\",\"camera\":\"Galaxy S24\",\"caption\":\"\",\"created_timestamp\":\"1753888167\",\"copyright\":\"\",\"focal_length\":\"5.4\",\"iso\":\"25\",\"shutter_speed\":\"0.005405405\",\"title\":\"\",\"orientation\":\"0\",\"keywords\":[]},\"meta\":false,\"postlink\":\"https:\/\/www.cykloromantika.cz\/foto-2025-0730-24\/\"},{\"id\":9402,\"title\":\"Foto 2025 0730 25\",\"url\":\"https:\/\/www.cykloromantika.cz\/wp-content\/uploads\/2025\/12\/foto-2025-0730-25.jpg\",\"link\":\"https:\/\/www.cykloromantika.cz\/foto-2025-0730-25\/\",\"alt\":\"\",\"description\":\"\",\"caption\":\"R\u016f\u017eov\u00fd palou\u010dek\",\"mime\":\"image\/jpeg\",\"type\":\"image\",\"width\":1024,\"height\":683,\"sizes\":{\"thumbnail\":{\"height\":100,\"width\":150,\"url\":\"https:\/\/www.cykloromantika.cz\/wp-content\/uploads\/2025\/12\/foto-2025-0730-25-150x100.jpg\",\"orientation\":\"landscape\"},\"medium\":{\"height\":200,\"width\":300,\"url\":\"https:\/\/www.cykloromantika.cz\/wp-content\/uploads\/2025\/12\/foto-2025-0730-25-300x200.jpg\",\"orientation\":\"landscape\"},\"full\":{\"url\":\"https:\/\/www.cykloromantika.cz\/wp-content\/uploads\/2025\/12\/foto-2025-0730-25.jpg\",\"height\":683,\"width\":1024,\"orientation\":\"landscape\"}},\"imageMeta\":{\"aperture\":\"1.8\",\"credit\":\"\",\"camera\":\"Galaxy S24\",\"caption\":\"\",\"created_timestamp\":\"1753888499\",\"copyright\":\"\",\"focal_length\":\"5.4\",\"iso\":\"25\",\"shutter_speed\":\"0.00068306\",\"title\":\"\",\"orientation\":\"0\",\"keywords\":[]},\"meta\":false,\"postlink\":\"https:\/\/www.cykloromantika.cz\/foto-2025-0730-25\/\"},{\"id\":9403,\"title\":\"Foto 2025 0730 26\",\"url\":\"https:\/\/www.cykloromantika.cz\/wp-content\/uploads\/2025\/12\/foto-2025-0730-26.jpg\",\"link\":\"https:\/\/www.cykloromantika.cz\/foto-2025-0730-26\/\",\"alt\":\"\",\"description\":\"\",\"caption\":\"R\u016f\u017eov\u00fd palou\u010dek\",\"mime\":\"image\/jpeg\",\"type\":\"image\",\"width\":1024,\"height\":577,\"sizes\":{\"thumbnail\":{\"height\":85,\"width\":150,\"url\":\"https:\/\/www.cykloromantika.cz\/wp-content\/uploads\/2025\/12\/foto-2025-0730-26-150x85.jpg\",\"orientation\":\"landscape\"},\"medium\":{\"height\":169,\"width\":300,\"url\":\"https:\/\/www.cykloromantika.cz\/wp-content\/uploads\/2025\/12\/foto-2025-0730-26-300x169.jpg\",\"orientation\":\"landscape\"},\"full\":{\"url\":\"https:\/\/www.cykloromantika.cz\/wp-content\/uploads\/2025\/12\/foto-2025-0730-26.jpg\",\"height\":577,\"width\":1024,\"orientation\":\"landscape\"}},\"imageMeta\":{\"aperture\":\"1.8\",\"credit\":\"\",\"camera\":\"Galaxy S23\",\"caption\":\"\",\"created_timestamp\":\"1753888524\",\"copyright\":\"\",\"focal_length\":\"5.4\",\"iso\":\"32\",\"shutter_speed\":\"0.001677667\",\"title\":\"\",\"orientation\":\"0\",\"keywords\":[]},\"meta\":false,\"postlink\":\"https:\/\/www.cykloromantika.cz\/foto-2025-0730-26\/\"},{\"id\":9404,\"title\":\"Foto 2025 0730 27\",\"url\":\"https:\/\/www.cykloromantika.cz\/wp-content\/uploads\/2025\/12\/foto-2025-0730-27.jpg\",\"link\":\"https:\/\/www.cykloromantika.cz\/foto-2025-0730-27\/\",\"alt\":\"\",\"description\":\"\",\"caption\":\"V\u00fdhled na Kr\u00e1loveck\u00fd \u0160pi\u010d\u00e1k\",\"mime\":\"image\/jpeg\",\"type\":\"image\",\"width\":1024,\"height\":577,\"sizes\":{\"thumbnail\":{\"height\":85,\"width\":150,\"url\":\"https:\/\/www.cykloromantika.cz\/wp-content\/uploads\/2025\/12\/foto-2025-0730-27-150x85.jpg\",\"orientation\":\"landscape\"},\"medium\":{\"height\":169,\"width\":300,\"url\":\"https:\/\/www.cykloromantika.cz\/wp-content\/uploads\/2025\/12\/foto-2025-0730-27-300x169.jpg\",\"orientation\":\"landscape\"},\"full\":{\"url\":\"https:\/\/www.cykloromantika.cz\/wp-content\/uploads\/2025\/12\/foto-2025-0730-27.jpg\",\"height\":577,\"width\":1024,\"orientation\":\"landscape\"}},\"imageMeta\":{\"aperture\":\"1.8\",\"credit\":\"\",\"camera\":\"Galaxy S23\",\"caption\":\"\",\"created_timestamp\":\"1753888503\",\"copyright\":\"\",\"focal_length\":\"5.4\",\"iso\":\"25\",\"shutter_speed\":\"0.000419416\",\"title\":\"\",\"orientation\":\"0\",\"keywords\":[]},\"meta\":false,\"postlink\":\"https:\/\/www.cykloromantika.cz\/foto-2025-0730-27\/\"},{\"id\":9405,\"title\":\"Foto 2025 0730 28\",\"url\":\"https:\/\/www.cykloromantika.cz\/wp-content\/uploads\/2025\/12\/foto-2025-0730-28.jpg\",\"link\":\"https:\/\/www.cykloromantika.cz\/foto-2025-0730-28\/\",\"alt\":\"\",\"description\":\"\",\"caption\":\"Opou\u0161t\u00edme \u010ceskou Republiku\",\"mime\":\"image\/jpeg\",\"type\":\"image\",\"width\":1024,\"height\":682,\"sizes\":{\"thumbnail\":{\"height\":100,\"width\":150,\"url\":\"https:\/\/www.cykloromantika.cz\/wp-content\/uploads\/2025\/12\/foto-2025-0730-28-150x100.jpg\",\"orientation\":\"landscape\"},\"medium\":{\"height\":200,\"width\":300,\"url\":\"https:\/\/www.cykloromantika.cz\/wp-content\/uploads\/2025\/12\/foto-2025-0730-28-300x200.jpg\",\"orientation\":\"landscape\"},\"full\":{\"url\":\"https:\/\/www.cykloromantika.cz\/wp-content\/uploads\/2025\/12\/foto-2025-0730-28.jpg\",\"height\":682,\"width\":1024,\"orientation\":\"landscape\"}},\"imageMeta\":{\"aperture\":\"1.8\",\"credit\":\"\",\"camera\":\"Galaxy S24\",\"caption\":\"\",\"created_timestamp\":\"1753889308\",\"copyright\":\"\",\"focal_length\":\"5.4\",\"iso\":\"25\",\"shutter_speed\":\"0.001098901\",\"title\":\"\",\"orientation\":\"0\",\"keywords\":[]},\"meta\":false,\"postlink\":\"https:\/\/www.cykloromantika.cz\/foto-2025-0730-28\/\"},{\"id\":9406,\"title\":\"Foto 2025 0730 29\",\"url\":\"https:\/\/www.cykloromantika.cz\/wp-content\/uploads\/2025\/12\/foto-2025-0730-29.jpg\",\"link\":\"https:\/\/www.cykloromantika.cz\/foto-2025-0730-29\/\",\"alt\":\"\",\"description\":\"\",\"caption\":\"Jedin\u00e9 j\u00eddlo v Lubawce\",\"mime\":\"image\/jpeg\",\"type\":\"image\",\"width\":768,\"height\":1024,\"sizes\":{\"thumbnail\":{\"height\":150,\"width\":113,\"url\":\"https:\/\/www.cykloromantika.cz\/wp-content\/uploads\/2025\/12\/foto-2025-0730-29-113x150.jpg\",\"orientation\":\"portrait\"},\"medium\":{\"height\":300,\"width\":225,\"url\":\"https:\/\/www.cykloromantika.cz\/wp-content\/uploads\/2025\/12\/foto-2025-0730-29-225x300.jpg\",\"orientation\":\"portrait\"},\"full\":{\"url\":\"https:\/\/www.cykloromantika.cz\/wp-content\/uploads\/2025\/12\/foto-2025-0730-29.jpg\",\"height\":1024,\"width\":768,\"orientation\":\"portrait\"}},\"imageMeta\":{\"aperture\":\"1.8\",\"credit\":\"\",\"camera\":\"Galaxy S24\",\"caption\":\"\",\"created_timestamp\":\"1753891623\",\"copyright\":\"\",\"focal_length\":\"5.4\",\"iso\":\"25\",\"shutter_speed\":\"0.001160092\",\"title\":\"\",\"orientation\":\"0\",\"keywords\":[]},\"meta\":false,\"postlink\":\"https:\/\/www.cykloromantika.cz\/foto-2025-0730-29\/\"},{\"id\":9407,\"title\":\"Foto 2025 0730 30\",\"url\":\"https:\/\/www.cykloromantika.cz\/wp-content\/uploads\/2025\/12\/foto-2025-0730-30.jpg\",\"link\":\"https:\/\/www.cykloromantika.cz\/foto-2025-0730-30\/\",\"alt\":\"\",\"description\":\"\",\"caption\":\"Rynek v Che\u0142msku \u015al\u0105skiem\",\"mime\":\"image\/jpeg\",\"type\":\"image\",\"width\":1024,\"height\":577,\"sizes\":{\"thumbnail\":{\"height\":85,\"width\":150,\"url\":\"https:\/\/www.cykloromantika.cz\/wp-content\/uploads\/2025\/12\/foto-2025-0730-30-150x85.jpg\",\"orientation\":\"landscape\"},\"medium\":{\"height\":169,\"width\":300,\"url\":\"https:\/\/www.cykloromantika.cz\/wp-content\/uploads\/2025\/12\/foto-2025-0730-30-300x169.jpg\",\"orientation\":\"landscape\"},\"full\":{\"url\":\"https:\/\/www.cykloromantika.cz\/wp-content\/uploads\/2025\/12\/foto-2025-0730-30.jpg\",\"height\":577,\"width\":1024,\"orientation\":\"landscape\"}},\"imageMeta\":{\"aperture\":\"1.8\",\"credit\":\"\",\"camera\":\"Galaxy S23\",\"caption\":\"\",\"created_timestamp\":\"1753893345\",\"copyright\":\"\",\"focal_length\":\"5.4\",\"iso\":\"25\",\"shutter_speed\":\"0.002672763\",\"title\":\"\",\"orientation\":\"0\",\"keywords\":[]},\"meta\":false,\"postlink\":\"https:\/\/www.cykloromantika.cz\/foto-2025-0730-30\/\"},{\"id\":9408,\"title\":\"Foto 2025 0730 32\",\"url\":\"https:\/\/www.cykloromantika.cz\/wp-content\/uploads\/2025\/12\/foto-2025-0730-32.jpg\",\"link\":\"https:\/\/www.cykloromantika.cz\/foto-2025-0730-32\/\",\"alt\":\"\",\"description\":\"\",\"caption\":\"Domki tkaczy Dwunastu Aposto\u0142\u00f3w v Che\u0142msku \u015al\u0105skiem\",\"mime\":\"image\/jpeg\",\"type\":\"image\",\"width\":1024,\"height\":683,\"sizes\":{\"thumbnail\":{\"height\":100,\"width\":150,\"url\":\"https:\/\/www.cykloromantika.cz\/wp-content\/uploads\/2025\/12\/foto-2025-0730-32-150x100.jpg\",\"orientation\":\"landscape\"},\"medium\":{\"height\":200,\"width\":300,\"url\":\"https:\/\/www.cykloromantika.cz\/wp-content\/uploads\/2025\/12\/foto-2025-0730-32-300x200.jpg\",\"orientation\":\"landscape\"},\"full\":{\"url\":\"https:\/\/www.cykloromantika.cz\/wp-content\/uploads\/2025\/12\/foto-2025-0730-32.jpg\",\"height\":683,\"width\":1024,\"orientation\":\"landscape\"}},\"imageMeta\":{\"aperture\":\"1.8\",\"credit\":\"\",\"camera\":\"Galaxy S24\",\"caption\":\"\",\"created_timestamp\":\"1753893506\",\"copyright\":\"\",\"focal_length\":\"5.4\",\"iso\":\"25\",\"shutter_speed\":\"0.00174216\",\"title\":\"\",\"orientation\":\"0\",\"keywords\":[]},\"meta\":false,\"postlink\":\"https:\/\/www.cykloromantika.cz\/foto-2025-0730-32\/\"},{\"id\":9409,\"title\":\"Foto 2025 0730 33\",\"url\":\"https:\/\/www.cykloromantika.cz\/wp-content\/uploads\/2025\/12\/foto-2025-0730-33.jpg\",\"link\":\"https:\/\/www.cykloromantika.cz\/foto-2025-0730-33\/\",\"alt\":\"\",\"description\":\"\",\"caption\":\"Podloub\u00ed Domku tkaczu\",\"mime\":\"image\/jpeg\",\"type\":\"image\",\"width\":1024,\"height\":768,\"sizes\":{\"thumbnail\":{\"height\":113,\"width\":150,\"url\":\"https:\/\/www.cykloromantika.cz\/wp-content\/uploads\/2025\/12\/foto-2025-0730-33-150x113.jpg\",\"orientation\":\"landscape\"},\"medium\":{\"height\":225,\"width\":300,\"url\":\"https:\/\/www.cykloromantika.cz\/wp-content\/uploads\/2025\/12\/foto-2025-0730-33-300x225.jpg\",\"orientation\":\"landscape\"},\"full\":{\"url\":\"https:\/\/www.cykloromantika.cz\/wp-content\/uploads\/2025\/12\/foto-2025-0730-33.jpg\",\"height\":768,\"width\":1024,\"orientation\":\"landscape\"}},\"imageMeta\":{\"aperture\":\"1.8\",\"credit\":\"\",\"camera\":\"Galaxy S24\",\"caption\":\"\",\"created_timestamp\":\"1753893571\",\"copyright\":\"\",\"focal_length\":\"5.4\",\"iso\":\"100\",\"shutter_speed\":\"0.005555555\",\"title\":\"\",\"orientation\":\"0\",\"keywords\":[]},\"meta\":false,\"postlink\":\"https:\/\/www.cykloromantika.cz\/foto-2025-0730-33\/\"},{\"id\":9410,\"title\":\"Foto 2025 0730 34\",\"url\":\"https:\/\/www.cykloromantika.cz\/wp-content\/uploads\/2025\/12\/foto-2025-0730-34.jpg\",\"link\":\"https:\/\/www.cykloromantika.cz\/foto-2025-0730-34\/\",\"alt\":\"\",\"description\":\"\",\"caption\":\"Adr\u0161pach \u2013 skupinov\u00e9 foto\",\"mime\":\"image\/jpeg\",\"type\":\"image\",\"width\":1024,\"height\":768,\"sizes\":{\"thumbnail\":{\"height\":113,\"width\":150,\"url\":\"https:\/\/www.cykloromantika.cz\/wp-content\/uploads\/2025\/12\/foto-2025-0730-34-150x113.jpg\",\"orientation\":\"landscape\"},\"medium\":{\"height\":225,\"width\":300,\"url\":\"https:\/\/www.cykloromantika.cz\/wp-content\/uploads\/2025\/12\/foto-2025-0730-34-300x225.jpg\",\"orientation\":\"landscape\"},\"full\":{\"url\":\"https:\/\/www.cykloromantika.cz\/wp-content\/uploads\/2025\/12\/foto-2025-0730-34.jpg\",\"height\":768,\"width\":1024,\"orientation\":\"landscape\"}},\"imageMeta\":{\"aperture\":\"2.2\",\"credit\":\"\",\"camera\":\"SM-G991B\",\"caption\":\"\",\"created_timestamp\":\"1753896564\",\"copyright\":\"\",\"focal_length\":\"2.2\",\"iso\":\"50\",\"shutter_speed\":\"0.000757575\",\"title\":\"\",\"orientation\":\"0\",\"keywords\":[]},\"meta\":false,\"postlink\":\"https:\/\/www.cykloromantika.cz\/foto-2025-0730-34\/\"},{\"id\":9411,\"title\":\"Foto 2025 0730 35\",\"url\":\"https:\/\/www.cykloromantika.cz\/wp-content\/uploads\/2025\/12\/foto-2025-0730-35.jpg\",\"link\":\"https:\/\/www.cykloromantika.cz\/foto-2025-0730-35\/\",\"alt\":\"\",\"description\":\"\",\"caption\":\"Adr\u0161pach \u2013 skupinov\u00e9 foto (detail)\",\"mime\":\"image\/jpeg\",\"type\":\"image\",\"width\":1024,\"height\":768,\"sizes\":{\"thumbnail\":{\"height\":113,\"width\":150,\"url\":\"https:\/\/www.cykloromantika.cz\/wp-content\/uploads\/2025\/12\/foto-2025-0730-35-150x113.jpg\",\"orientation\":\"landscape\"},\"medium\":{\"height\":225,\"width\":300,\"url\":\"https:\/\/www.cykloromantika.cz\/wp-content\/uploads\/2025\/12\/foto-2025-0730-35-300x225.jpg\",\"orientation\":\"landscape\"},\"full\":{\"url\":\"https:\/\/www.cykloromantika.cz\/wp-content\/uploads\/2025\/12\/foto-2025-0730-35.jpg\",\"height\":768,\"width\":1024,\"orientation\":\"landscape\"}},\"imageMeta\":{\"aperture\":\"2.2\",\"credit\":\"\",\"camera\":\"SM-G991B\",\"caption\":\"\",\"created_timestamp\":\"1753896573\",\"copyright\":\"\",\"focal_length\":\"2.2\",\"iso\":\"50\",\"shutter_speed\":\"0.001111111\",\"title\":\"\",\"orientation\":\"0\",\"keywords\":[]},\"meta\":false,\"postlink\":\"https:\/\/www.cykloromantika.cz\/foto-2025-0730-35\/\"},{\"id\":9412,\"title\":\"Foto 2025 0730 36\",\"url\":\"https:\/\/www.cykloromantika.cz\/wp-content\/uploads\/2025\/12\/foto-2025-0730-36.jpg\",\"link\":\"https:\/\/www.cykloromantika.cz\/foto-2025-0730-36\/\",\"alt\":\"\",\"description\":\"\",\"caption\":\"Adr\u0161pach\",\"mime\":\"image\/jpeg\",\"type\":\"image\",\"width\":1024,\"height\":768,\"sizes\":{\"thumbnail\":{\"height\":113,\"width\":150,\"url\":\"https:\/\/www.cykloromantika.cz\/wp-content\/uploads\/2025\/12\/foto-2025-0730-36-150x113.jpg\",\"orientation\":\"landscape\"},\"medium\":{\"height\":225,\"width\":300,\"url\":\"https:\/\/www.cykloromantika.cz\/wp-content\/uploads\/2025\/12\/foto-2025-0730-36-300x225.jpg\",\"orientation\":\"landscape\"},\"full\":{\"url\":\"https:\/\/www.cykloromantika.cz\/wp-content\/uploads\/2025\/12\/foto-2025-0730-36.jpg\",\"height\":768,\"width\":1024,\"orientation\":\"landscape\"}},\"imageMeta\":{\"aperture\":\"1.8\",\"credit\":\"\",\"camera\":\"Galaxy S24\",\"caption\":\"\",\"created_timestamp\":\"1753896647\",\"copyright\":\"\",\"focal_length\":\"5.4\",\"iso\":\"25\",\"shutter_speed\":\"0.000551876\",\"title\":\"\",\"orientation\":\"0\",\"keywords\":[]},\"meta\":false,\"postlink\":\"https:\/\/www.cykloromantika.cz\/foto-2025-0730-36\/\"},{\"id\":9413,\"title\":\"Foto 2025 0730 37\",\"url\":\"https:\/\/www.cykloromantika.cz\/wp-content\/uploads\/2025\/12\/foto-2025-0730-37.jpg\",\"link\":\"https:\/\/www.cykloromantika.cz\/foto-2025-0730-37\/\",\"alt\":\"\",\"description\":\"\",\"caption\":\"Adr\u0161pach\",\"mime\":\"image\/jpeg\",\"type\":\"image\",\"width\":683,\"height\":1024,\"sizes\":{\"thumbnail\":{\"height\":150,\"width\":100,\"url\":\"https:\/\/www.cykloromantika.cz\/wp-content\/uploads\/2025\/12\/foto-2025-0730-37-100x150.jpg\",\"orientation\":\"portrait\"},\"medium\":{\"height\":300,\"width\":200,\"url\":\"https:\/\/www.cykloromantika.cz\/wp-content\/uploads\/2025\/12\/foto-2025-0730-37-200x300.jpg\",\"orientation\":\"portrait\"},\"full\":{\"url\":\"https:\/\/www.cykloromantika.cz\/wp-content\/uploads\/2025\/12\/foto-2025-0730-37.jpg\",\"height\":1024,\"width\":683,\"orientation\":\"portrait\"}},\"imageMeta\":{\"aperture\":\"2.4\",\"credit\":\"\",\"camera\":\"Galaxy S23\",\"caption\":\"\",\"created_timestamp\":\"1753896728\",\"copyright\":\"\",\"focal_length\":\"7\",\"iso\":\"25\",\"shutter_speed\":\"0.001593543\",\"title\":\"\",\"orientation\":\"0\",\"keywords\":[]},\"meta\":false,\"postlink\":\"https:\/\/www.cykloromantika.cz\/foto-2025-0730-37\/\"},{\"id\":9414,\"title\":\"Foto 2025 0730 38\",\"url\":\"https:\/\/www.cykloromantika.cz\/wp-content\/uploads\/2025\/12\/foto-2025-0730-38.jpg\",\"link\":\"https:\/\/www.cykloromantika.cz\/foto-2025-0730-38\/\",\"alt\":\"\",\"description\":\"\",\"caption\":\"Nocleh v Campu Kamenec v Teplic\u00edch n. M.\",\"mime\":\"image\/jpeg\",\"type\":\"image\",\"width\":768,\"height\":1024,\"sizes\":{\"thumbnail\":{\"height\":150,\"width\":113,\"url\":\"https:\/\/www.cykloromantika.cz\/wp-content\/uploads\/2025\/12\/foto-2025-0730-38-113x150.jpg\",\"orientation\":\"portrait\"},\"medium\":{\"height\":300,\"width\":225,\"url\":\"https:\/\/www.cykloromantika.cz\/wp-content\/uploads\/2025\/12\/foto-2025-0730-38-225x300.jpg\",\"orientation\":\"portrait\"},\"full\":{\"url\":\"https:\/\/www.cykloromantika.cz\/wp-content\/uploads\/2025\/12\/foto-2025-0730-38.jpg\",\"height\":1024,\"width\":768,\"orientation\":\"portrait\"}},\"imageMeta\":{\"aperture\":\"1.8\",\"credit\":\"\",\"camera\":\"Galaxy S24\",\"caption\":\"\",\"created_timestamp\":\"1753917432\",\"copyright\":\"\",\"focal_length\":\"5.4\",\"iso\":\"1600\",\"shutter_speed\":\"0.058823529\",\"title\":\"\",\"orientation\":\"0\",\"keywords\":[]},\"meta\":false,\"postlink\":\"https:\/\/www.cykloromantika.cz\/foto-2025-0730-38\/\"}],\"useClobalSettings\":true,\"orderBy\":\"title\",\"galleryBorderRadius\":8,\"shareFacebook\":false,\"shareTwitter\":false,\"sharePinterest\":false,\"sharePost\":\"postlink\",\"sliderSocialShareEnabled\":false,\"itemsMetaDataCollection\":[]}<\/script><script>(function(){if(window.PGC_SGB && window.PGC_SGB.searcher){window.PGC_SGB.searcher.initBlocks()}})()<\/script><\/div>\n<\/div><\/div>\n<\/div><\/div><\/div>\n","protected":false},"excerpt":{"rendered":"","protected":false},"author":3,"featured_media":9411,"comment_status":"open","ping_status":"open","sticky":false,"template":"","format":"standard","meta":{"_acf_changed":false,"pgc_sgb_lightbox_settings":"","footnotes":""},"categories":[31],"tags":[],"class_list":["post-9018","post","type-post","status-publish","format-standard","has-post-thumbnail","hentry","category-denicek"],"acf":[],"_links":{"self":[{"href":"https:\/\/www.cykloromantika.cz\/index.php\/wp-json\/wp\/v2\/posts\/9018","targetHints":{"allow":["GET"]}}],"collection":[{"href":"https:\/\/www.cykloromantika.cz\/index.php\/wp-json\/wp\/v2\/posts"}],"about":[{"href":"https:\/\/www.cykloromantika.cz\/index.php\/wp-json\/wp\/v2\/types\/post"}],"author":[{"embeddable":true,"href":"https:\/\/www.cykloromantika.cz\/index.php\/wp-json\/wp\/v2\/users\/3"}],"replies":[{"embeddable":true,"href":"https:\/\/www.cykloromantika.cz\/index.php\/wp-json\/wp\/v2\/comments?post=9018"}],"version-history":[{"count":7,"href":"https:\/\/www.cykloromantika.cz\/index.php\/wp-json\/wp\/v2\/posts\/9018\/revisions"}],"predecessor-version":[{"id":9417,"href":"https:\/\/www.cykloromantika.cz\/index.php\/wp-json\/wp\/v2\/posts\/9018\/revisions\/9417"}],"wp:featuredmedia":[{"embeddable":true,"href":"https:\/\/www.cykloromantika.cz\/index.php\/wp-json\/wp\/v2\/media\/9411"}],"wp:attachment":[{"href":"https:\/\/www.cykloromantika.cz\/index.php\/wp-json\/wp\/v2\/media?parent=9018"}],"wp:term":[{"taxonomy":"category","embeddable":true,"href":"https:\/\/www.cykloromantika.cz\/index.php\/wp-json\/wp\/v2\/categories?post=9018"},{"taxonomy":"post_tag","embeddable":true,"href":"https:\/\/www.cykloromantika.cz\/index.php\/wp-json\/wp\/v2\/tags?post=9018"}],"curies":[{"name":"wp","href":"https:\/\/api.w.org\/{rel}","templated":true}]}}