{"id":9016,"date":"2025-07-29T10:16:00","date_gmt":"2025-07-29T09:16:00","guid":{"rendered":"https:\/\/www.cykloromantika.cz\/?p=9016"},"modified":"2025-12-02T19:54:09","modified_gmt":"2025-12-02T18:54:09","slug":"xxix-rocnik-4-den-kralovska-etapa-vyse-to-na-kole-nejde","status":"publish","type":"post","link":"https:\/\/www.cykloromantika.cz\/index.php\/2025\/07\/29\/xxix-rocnik-4-den-kralovska-etapa-vyse-to-na-kole-nejde\/","title":{"rendered":"XXIX. ro\u010dn\u00edk \u2013 4.&nbsp;den: Kr\u00e1lovsk\u00e1 etapa, v\u00fd\u0161e to na kole nejde"},"content":{"rendered":"<style>.kt-tabs-id9016_a438e2-79 > .kt-tabs-content-wrap > .wp-block-kadence-tab{border-top:1px solid #eeeeee;border-right:0px solid #eeeeee;border-bottom:0px solid #eeeeee;border-left:0px solid #eeeeee;border-top-left-radius:0px;border-top-right-radius:0px;border-bottom-right-radius:0px;border-bottom-left-radius:0px;padding-top:20px;padding-right:0px;padding-bottom:20px;padding-left:0px;background:#ffffff;}.wp-block-kadence-tabs .kt-tabs-id9016_a438e2-79 > .kt-tabs-title-list li{margin-top:0px;margin-right:8px;margin-bottom:0px;margin-left:0px;}.wp-block-kadence-tabs .kt-tabs-id9016_a438e2-79 > .kt-tabs-title-list li:last-child{margin-right:0px;}.wp-block-kadence-tabs .kt-tabs-id9016_a438e2-79 > .kt-tabs-title-list li .kt-tab-title, .wp-block-kadence-tabs .kt-tabs-id9016_a438e2-79 > .kt-tabs-content-wrap > .kt-tabs-accordion-title .kt-tab-title{line-height:1.4em;font-weight:400;font-style:normal;text-transform:uppercase;border-top-width:0px;border-right-width:0px;border-bottom-width:0px;border-left-width:0px;border-top-left-radius:0px;border-top-right-radius:0px;border-bottom-right-radius:0px;border-bottom-left-radius:0px;padding-top:8px;padding-right:20px;padding-bottom:8px;padding-left:20px;border-color:#ffffff;color:#555555;background:#ffffff;}.wp-block-kadence-tabs .kt-tabs-id9016_a438e2-79 > .kt-tabs-content-wrap > .kt-tabs-accordion-title .kt-tab-title{margin-top:0px;margin-right:8px;margin-bottom:0px;margin-left:0px;}.wp-block-kadence-tabs .kt-tabs-id9016_a438e2-79 > .kt-tabs-title-list li .kt-tab-title:hover, .wp-block-kadence-tabs .kt-tabs-id9016_a438e2-79 > .kt-tabs-content-wrap > .kt-tabs-accordion-title .kt-tab-title:hover{border-color:#555555;color:#086abd;background:#ffffff;}.wp-block-kadence-tabs .kt-tabs-id9016_a438e2-79 > .kt-tabs-title-list li.kt-tab-title-active .kt-tab-title, .wp-block-kadence-tabs .kt-tabs-id9016_a438e2-79 > .kt-tabs-content-wrap > .kt-tabs-accordion-title.kt-tab-title-active .kt-tab-title{border-color:#555555;color:#086abd;background:#ffffff;}.wp-block-kadence-tabs .kt-tabs-id9016_a438e2-79 > .kt-tabs-title-list li svg{font-size:24px;}@media all and (max-width: 1024px){.kt-tabs-id9016_a438e2-79 > .kt-tabs-content-wrap > .wp-block-kadence-tab{border-top:1px solid #eeeeee;border-right:0px solid #eeeeee;border-bottom:0px solid #eeeeee;border-left:0px solid #eeeeee;}}@media all and (max-width: 767px){.kt-tabs-id9016_a438e2-79 > .kt-tabs-content-wrap > .wp-block-kadence-tab{border-top:1px solid #eeeeee;border-right:0px solid #eeeeee;border-bottom:0px solid #eeeeee;border-left:0px solid #eeeeee;}}<\/style>\n<div class=\"wp-block-kadence-tabs alignnone\"><div class=\"kt-tabs-wrap kt-tabs-id9016_a438e2-79 kt-tabs-has-3-tabs kt-active-tab-3 kt-tabs-layout-tabs kt-tabs-tablet-layout-inherit kt-tabs-mobile-layout-inherit kt-tab-alignment-center \"><ul class=\"kt-tabs-title-list\"><li id=\"tab-trasa\" class=\"kt-title-item kt-title-item-1 kt-tabs-svg-show-always kt-tabs-icon-side-top kt-tab-title-inactive\"><a href=\"#tab-trasa\" data-tab=\"1\" class=\"kt-tab-title kt-tab-title-1 \"><span class=\"kb-svg-icon-wrap kb-svg-icon-fe_map\"><svg viewBox=\"0 0 24 24\"  fill=\"none\" stroke=\"currentColor\" stroke-width=\"2\" stroke-linecap=\"round\" stroke-linejoin=\"round\" xmlns=\"http:\/\/www.w3.org\/2000\/svg\"  aria-hidden=\"true\"><polygon points=\"1 6 1 22 8 18 16 22 23 18 23 2 16 6 8 2 1 6\"\/><line x1=\"8\" y1=\"2\" x2=\"8\" y2=\"18\"\/><line x1=\"16\" y1=\"6\" x2=\"16\" y2=\"22\"\/><\/svg><\/span><span class=\"kt-title-text\">Trasa<\/span><\/a><\/li><li id=\"tab-zitky\" class=\"kt-title-item kt-title-item-2 kt-tabs-svg-show-always kt-tabs-icon-side-top kt-tab-title-inactive\"><a href=\"#tab-zitky\" data-tab=\"2\" class=\"kt-tab-title kt-tab-title-2 \"><span class=\"kb-svg-icon-wrap kb-svg-icon-fe_alignLeft\"><svg viewBox=\"0 0 24 24\"  fill=\"none\" stroke=\"currentColor\" stroke-width=\"2\" stroke-linecap=\"round\" stroke-linejoin=\"round\" xmlns=\"http:\/\/www.w3.org\/2000\/svg\"  aria-hidden=\"true\"><line x1=\"17\" y1=\"10\" x2=\"3\" y2=\"10\"\/><line x1=\"21\" y1=\"6\" x2=\"3\" y2=\"6\"\/><line x1=\"21\" y1=\"14\" x2=\"3\" y2=\"14\"\/><line x1=\"17\" y1=\"18\" x2=\"3\" y2=\"18\"\/><\/svg><\/span><span class=\"kt-title-text\">Z\u00e1\u017eitky<\/span><\/a><\/li><li id=\"tab-fotky\" class=\"kt-title-item kt-title-item-3 kt-tabs-svg-show-always kt-tabs-icon-side-top kt-tab-title-active\"><a href=\"#tab-fotky\" data-tab=\"3\" class=\"kt-tab-title kt-tab-title-3 \"><span class=\"kb-svg-icon-wrap kb-svg-icon-fe_camera\"><svg viewBox=\"0 0 24 24\"  fill=\"none\" stroke=\"currentColor\" stroke-width=\"2\" stroke-linecap=\"round\" stroke-linejoin=\"round\" xmlns=\"http:\/\/www.w3.org\/2000\/svg\"  aria-hidden=\"true\"><path d=\"M23 19a2 2 0 0 1-2 2H3a2 2 0 0 1-2-2V8a2 2 0 0 1 2-2h4l2-3h6l2 3h4a2 2 0 0 1 2 2z\"\/><circle cx=\"12\" cy=\"13\" r=\"4\"\/><\/svg><\/span><span class=\"kt-title-text\">Fotky<\/span><\/a><\/li><\/ul><div class=\"kt-tabs-content-wrap\">\n<div class=\"wp-block-kadence-tab kt-tab-inner-content kt-inner-tab-1 kt-inner-tab2cc777-2d\"><div class=\"kt-tab-inner-content-inner\">\n<p>Horn\u00ed Mar\u0161ov \u2013 Pec pod Sn\u011b\u017ekou \u2013 V\u00fdrovka (1356&nbsp;m n. m.) \u2013 Pam\u00e1tn\u00edk ob\u011btem hor (1510&nbsp;m n. m.) \u2013 P\u0159edn\u00ed Rennerovky \u2013 Tet\u0159ev\u00ed Boudy \u2013 Pra\u017esk\u00e1 bouda \u2013 \u010cern\u00e1 hora (1300&nbsp;m n. m.) \u2013 Horn\u00ed Mar\u0161ov<\/p>\n\n\n\n<ul class=\"wp-block-list\">\n<li>najeto: 45 km<\/li>\n\n\n\n<li>nejni\u017e\u0161\u00ed a nejvy\u0161\u0161\u00ed bod: 577\u20131510&nbsp;m n. m.<\/li>\n\n\n\n<li>stoup\u00e1n\u00ed: 1432&nbsp;m<\/li>\n\n\n\n<li>kles\u00e1n\u00ed: 1432&nbsp;m<\/li>\n<\/ul>\n\n\n<div class=\"pgc-sgb-cb wp-block-pgcsimplygalleryblock-slider \" data-gallery-id=\"fe621892\"style=&quot;min-height:400px&quot;><div class=\"sgb-preloader\" id=\"pr_fe621892\">\n\t<div class=\"sgb-square\" style=\"background:#d4d4d4\"><\/div>\n\t<div class=\"sgb-square\" style=\"background:#d4d4d4\"><\/div>\n\t<div class=\"sgb-square\" style=\"background:#d4d4d4\"><\/div>\n\t<div class=\"sgb-square\" style=\"background:#d4d4d4\"><\/div><\/div><div class=\"simply-gallery-amp pgc_sgb_slider \"><noscript><div class=\"sgb-gallery\"><div class=\"sgb-item\"><a href=\"https:\/\/www.cykloromantika.cz\/mapa-2025-0730-01\/\" target=\"_blank\"><img decoding=\"async\" alt=\"\" width=\"300\" height=\"169\" loading=\"lazy\" src=\"https:\/\/www.cykloromantika.cz\/wp-content\/uploads\/2025\/09\/mapa-2025-0730-01-300x169.jpg\" srcset=\"https:\/\/www.cykloromantika.cz\/wp-content\/uploads\/2025\/09\/mapa-2025-0730-01-300x169.jpg 300w,https:\/\/www.cykloromantika.cz\/wp-content\/uploads\/2025\/09\/mapa-2025-0730-01.jpg 1024w\" sizes=\"auto, 250px\"\/><\/a><\/div><div class=\"sgb-item\"><a href=\"https:\/\/www.cykloromantika.cz\/mapa-2025-0730-02\/\" target=\"_blank\"><img decoding=\"async\" alt=\"\" width=\"300\" height=\"169\" loading=\"lazy\" src=\"https:\/\/www.cykloromantika.cz\/wp-content\/uploads\/2025\/09\/mapa-2025-0730-02-300x169.jpg\" srcset=\"https:\/\/www.cykloromantika.cz\/wp-content\/uploads\/2025\/09\/mapa-2025-0730-02-300x169.jpg 300w,https:\/\/www.cykloromantika.cz\/wp-content\/uploads\/2025\/09\/mapa-2025-0730-02.jpg 1024w\" sizes=\"auto, 250px\"\/><\/a><\/div><\/div><\/noscript><\/div><script type=\"application\/json\" class=\"sgb-data\">{\"externalLinkDefName\":\"d\u00e1le\",\"captionHAlign\":\"bottom\",\"collectionthumbHoverTitleFontSize\":12,\"collectionthumbRoundedCorners\":8,\"collectionthumbHoverTitleTextBgColor\":\"rgba(0,0,0,0.44)\",\"collectionThumbSubMenuShare\":false,\"sliderAdminWidth\":0,\"collectionColumns\":2,\"autoPlay\":true,\"autoPlayDelay\":8,\"galleryType\":\"pgc_sgb_slider\",\"galleryId\":\"fe621892\",\"images\":[{\"id\":8996,\"title\":\"Mapa 2025 0730 01\",\"url\":\"https:\/\/www.cykloromantika.cz\/wp-content\/uploads\/2025\/09\/mapa-2025-0730-01.jpg\",\"link\":\"https:\/\/www.cykloromantika.cz\/mapa-2025-0730-01\/\",\"alt\":\"\",\"description\":\"\",\"caption\":\"\",\"mime\":\"image\/jpeg\",\"type\":\"image\",\"width\":1024,\"height\":576,\"sizes\":{\"thumbnail\":{\"height\":84,\"width\":150,\"url\":\"https:\/\/www.cykloromantika.cz\/wp-content\/uploads\/2025\/09\/mapa-2025-0730-01-150x84.jpg\",\"orientation\":\"landscape\"},\"medium\":{\"height\":169,\"width\":300,\"url\":\"https:\/\/www.cykloromantika.cz\/wp-content\/uploads\/2025\/09\/mapa-2025-0730-01-300x169.jpg\",\"orientation\":\"landscape\"},\"full\":{\"url\":\"https:\/\/www.cykloromantika.cz\/wp-content\/uploads\/2025\/09\/mapa-2025-0730-01.jpg\",\"height\":576,\"width\":1024,\"orientation\":\"landscape\"}},\"imageMeta\":{\"aperture\":\"0\",\"credit\":\"\",\"camera\":\"\",\"caption\":\"\",\"created_timestamp\":\"0\",\"copyright\":\"\",\"focal_length\":\"0\",\"iso\":\"0\",\"shutter_speed\":\"0\",\"title\":\"\",\"orientation\":\"0\",\"keywords\":[]},\"meta\":false,\"postlink\":\"https:\/\/www.cykloromantika.cz\/mapa-2025-0730-01\/\"},{\"id\":8997,\"title\":\"Mapa 2025 0730 02\",\"url\":\"https:\/\/www.cykloromantika.cz\/wp-content\/uploads\/2025\/09\/mapa-2025-0730-02.jpg\",\"link\":\"https:\/\/www.cykloromantika.cz\/mapa-2025-0730-02\/\",\"alt\":\"\",\"description\":\"\",\"caption\":\"\",\"mime\":\"image\/jpeg\",\"type\":\"image\",\"width\":1024,\"height\":576,\"sizes\":{\"thumbnail\":{\"height\":84,\"width\":150,\"url\":\"https:\/\/www.cykloromantika.cz\/wp-content\/uploads\/2025\/09\/mapa-2025-0730-02-150x84.jpg\",\"orientation\":\"landscape\"},\"medium\":{\"height\":169,\"width\":300,\"url\":\"https:\/\/www.cykloromantika.cz\/wp-content\/uploads\/2025\/09\/mapa-2025-0730-02-300x169.jpg\",\"orientation\":\"landscape\"},\"full\":{\"url\":\"https:\/\/www.cykloromantika.cz\/wp-content\/uploads\/2025\/09\/mapa-2025-0730-02.jpg\",\"height\":576,\"width\":1024,\"orientation\":\"landscape\"}},\"imageMeta\":{\"aperture\":\"0\",\"credit\":\"\",\"camera\":\"\",\"caption\":\"\",\"created_timestamp\":\"0\",\"copyright\":\"\",\"focal_length\":\"0\",\"iso\":\"0\",\"shutter_speed\":\"0\",\"title\":\"\",\"orientation\":\"0\",\"keywords\":[]},\"meta\":false,\"postlink\":\"https:\/\/www.cykloromantika.cz\/mapa-2025-0730-02\/\"}],\"orderBy\":\"title\",\"galleryBorderRadius\":8,\"shareFacebook\":false,\"shareTwitter\":false,\"sharePinterest\":false,\"sharePost\":\"postlink\",\"sliderSocialShareEnabled\":false,\"itemsMetaDataCollection\":[]}<\/script><script>(function(){if(window.PGC_SGB && window.PGC_SGB.searcher){window.PGC_SGB.searcher.initBlocks()}})()<\/script><\/div><\/div><\/div>\n\n\n\n<div class=\"wp-block-kadence-tab kt-tab-inner-content kt-inner-tab-2 kt-inner-tab86f18d-73\"><div class=\"kt-tab-inner-content-inner\">\n<p>Ano, u n\u00e1s ofici\u00e1ln\u011b v\u00fd\u0161e dojet na kole nelze. M\u016f\u017eete protestovat, m\u016f\u017eete m\u00edt n\u00e1mitky, ale to je tak v\u0161echno, co s&nbsp;t\u00edm m\u016f\u017eete d\u011blat. My budeme d\u011blat, \u017ee jsme si to n\u00e1ramn\u011b u\u017eili. A klidn\u011b si to zopakovat znovu \ud83d\ude42<\/p>\n\n\n\n<p>Tentokr\u00e1t jsme vyjeli d\u0159\u00edve, ale nesp\u011bchali jsme. Po\u010das\u00ed je st\u00e1le stejn\u00e9, v&nbsp;<strong>Peci pod Sn\u011b\u017ekou<\/strong> hl\u00e1s\u00ed 12&nbsp;\u00b0C. Na chv\u00edli zastavujeme, ale za\u010d\u00edn\u00e1 se do n\u00e1s pou\u0161t\u011bt ve st\u00ednu chlad. Po m\u00edrn\u00e9m stoup\u00e1n\u00ed hlavn\u00ed silnic\u00ed se prudk\u00fdm v\u00fdjezdem za povzbuzov\u00e1n\u00ed kolemjdouc\u00edch dostaneme k&nbsp;hlavn\u00edmu rozcestn\u00edku. V\u00fdrovka hl\u00e1s\u00ed 6 km. To jde. Tedy sp\u00ed\u0161e nejde, proto\u017ee se hned kopec p\u0159es Velkou Pl\u00e1\u0148 zved\u00e1 na 12\u201314&nbsp;%. Kolem hotelu Vysok\u00e1 Str\u00e1\u017e za\u010d\u00edn\u00e1me stoupat po \u010certov\u00fdch schodech.<\/p>\n\n\n\n<p>L\u00e1meme se v&nbsp;kolech m\u00edsty i v&nbsp;16\u201318&nbsp;% a lebed\u00edme si, \u017ee si m\u016f\u017eeme odpo\u010dinout na pouze dvan\u00e1ctiprocentn\u00ed rovin\u011b. D\u00e1v\u00e1me p\u0159est\u00e1vku na ob\u010derstven\u00ed a hned jsme p\u0159edjeti klukem, kter\u00fd si dal v\u00fdjezd snad na \u010das. Po jeho sledov\u00e1n\u00ed, jak miz\u00ed na prvn\u00edm horizontu, si dod\u00e1me odvahu a pokra\u010dujeme tak\u00e9. Op\u011bt se n\u00e1m zved\u00e1 p\u0159edn\u00ed kolo, l\u00edb\u00e1me \u0159\u00edd\u00edtka a na Garminu blikne 21&nbsp;%. Bobova neortodoxn\u00ed geometrie kola to skoro vzd\u00e1v\u00e1 a chce Boba vyhodit ze sedla.<\/p>\n\n\n\n<p>Cesta se na chv\u00edli narovn\u00e1. Pod\u00edv\u00e1me se na okoln\u00ed h\u0159ebeny. Naproti vid\u00edme, kudy pozd\u011bji ten den projedeme. Dokonce nab\u00edr\u00e1me rychlost v&nbsp;kr\u00e1tk\u00e9m sjezdu, kter\u00e1 ale nen\u00ed dostate\u010dn\u00e1 na to, abychom vyjeli zbytek kopce. Doj\u00ed\u017ed\u00edme na <strong>Richtrovy Boudy<\/strong>. Op\u011bt kr\u00e1tk\u00e1 ob\u010derstvova\u010dka. Pit\u00ed je dost studen\u00e9, ale co d\u011blat. Nech\u00e1me projet agresivn\u00ed Taxi Pec a zakousneme se do posledn\u00edho \u00faseku. Ten stoj\u00ed tak\u00e9 za to!<\/p>\n\n\n\n<p>Jedeme \u00fapln\u011b jednotliv\u011b, ka\u017ed\u00fd za sv\u00e9. Na\u0161t\u011bst\u00ed bez backpack\u016f jen tak po lehku. Netu\u0161\u00edme, jak bychom to s&nbsp;n\u00e1kladem dali jako ten, kter\u00e9ho vid\u00edme pozd\u011bji s&nbsp;plnou poln\u00ed. Cestou pomalu m\u00edj\u00edme (a pak oni zase n\u00e1s) skupinky turist\u016f. N\u011bkdo obdivn\u011b, n\u011bkdo s&nbsp;pr\u016fpov\u00eddkou nebo povzbuzen\u00edm. Zaujme n\u00e1s star\u0161\u00ed pan\u00ed se svou vnu\u010dkou, kter\u00e1 si v\u0161imla, \u017ee n\u00e1s ji\u017e vid\u011bly v\u010dera na Pomezn\u00edch Boud\u00e1ch. Op\u011bt se oplatily na\u0161e dresy, na\u0161e sl\u00e1va stoup\u00e1. Doslova!<\/p>\n\n\n\n<p>A je to tady \u2013 <strong>V\u00fdrovka<\/strong> (1356&nbsp;m n. m.). Odkl\u00e1d\u00e1me kola a jdeme rychle do tepla. Vystoj\u00edme si frontu na kofolu, pivo a v\u00fdbornou kulajdu. Sedneme ke stolu s&nbsp;v\u00fdhledem do \u00fadol\u00ed a na okoln\u00ed h\u0159ebeny kr\u00e1sn\u011b zalit\u00e9 sp\u00ed\u0161e ji\u017e podzimn\u00edm sluncem. Ale za chv\u00edli je tady d\u00e9\u0161\u0165 a mlha. Mus\u00edme tedy v&nbsp;chat\u011b z\u016fstat, ale ne na dlouho. Op\u011bt m\u016f\u017eeme vyrazit, d\u00e9\u0161\u0165 ustal a mlha se rozplynula. Chyb\u00ed u\u017e jen Krakono\u0161.<\/p>\n\n\n\n<p>Nejprve se zastav\u00edme na vyhl\u00eddce nad V\u00fdrovkou, kde m\u016f\u017eeme shl\u00e9dnout do \u0160pindlerova ml\u00fdna a okol\u00ed. Ale nakonec pokra\u010dujeme d\u00e1le po cest\u011b, kter\u00e1 b\u00fdv\u00e1 i kv\u011btnu st\u00e1le pod sn\u011bhem. Horizont je kousek p\u0159ed n\u00e1mi a kapli\u010dka s&nbsp;pam\u00e1tn\u00edkem ob\u011btem hor na <strong>Lu\u010dn\u00edm sedle<\/strong> (1510&nbsp;m n. m.) je tu. Na Lu\u010dn\u00ed boudu ji\u017e nesj\u00ed\u017ed\u00edme, proto\u017ee je pro ve\u0159ejnost zav\u0159en\u00e1. Rychle se obl\u00e9k\u00e1me, proto\u017ee studen\u00fd v\u00edtr je dost siln\u00fd. Mus\u00edme si ale d\u00e1t pozor. Odfouknut\u00e9 oble\u010den\u00ed bychom t\u011b\u017eko po h\u0159ebeni honili. Ud\u011bl\u00e1me spole\u010dnou fotku a s&nbsp;hrd\u00fdm pocitem, \u017ee to opravdu u n\u00e1s v\u00fd\u0161e na kole nejde, sj\u00ed\u017ed\u00edme zase dol\u016f k&nbsp;V\u00fdrovce.<\/p>\n\n\n\n<p>Te\u010f u\u017e jen projedeme kolem a h\u0159ebenem p\u0159es <strong>Rozcest\u00ed<\/strong> a <strong>Zadn\u00ed Rennerovky<\/strong> se dostaneme na Li\u0161\u010d\u00ed cestu. Trochu zm\u011bna povrchu a znovu stoup\u00e1me, ale nechceme jet v&nbsp;n\u00e1rodn\u00edm parku zkratkami mimo vyzna\u010den\u00e9 cyklotrasy. Pak st\u0159\u00eddav\u011b m\u00edrn\u011b nahoru nebo dol\u016f projedeme kolem <strong>Tet\u0159ev\u00edch Bud<\/strong>, <strong>Lesn\u00ed Boudy<\/strong> a <strong>Hrn\u010d\u00ed\u0159sk\u00fdch Bud <\/strong>k <strong>Pra\u017esk\u00e9 boud\u011b<\/strong>. Zastav\u00edme se na pivo a zva\u017eujeme, co d\u00e1le. Sjet dol\u016f do Pece, nebo pokra\u010dovat v&nbsp;pl\u00e1nu? Rozhodneme se pro pokra\u010dov\u00e1n\u00ed s&nbsp;v\u00fdjezdem na \u010cernou horu.<\/p>\n\n\n\n<p>Stoup\u00e1n\u00ed je to v\u00fd\u017eivn\u00e9. M\u00edsty mus\u00edme tla\u010dit, proto\u017ee hlubok\u00e9 rigoly p\u0159es cestu jsou nesj\u00edzdn\u00e9. Ale pod vrchol <strong>\u010cern\u00e9 hory<\/strong> dojedeme. U b\u00fdval\u00e9 <strong>Sokolsk\u00e9 Boudy<\/strong> se koch\u00e1me v\u00fdhledem na Krkono\u0161sk\u00e9 podh\u016f\u0159\u00ed, kter\u00fdm jsme proj\u00ed\u017ed\u011bli v&nbsp;ned\u011bli za tmy. Pak u\u017e jen dlouh\u00fd sjezd do <strong>Horn\u00edho Mar\u0161ova<\/strong>. T\u011bsn\u011b p\u0159ed n\u00edm Ramonovi op\u011bt zk\u0159\u00ed\u017e\u00ed cestu pes, ale pomalu si na to zvyk\u00e1.<\/p>\n\n\n\n<p>Rychl\u00e9 opl\u00e1chnut\u00ed a vyr\u00e1\u017e\u00edme na ve\u010de\u0159i. V\u010derej\u0161\u00ed n\u00e1v\u0161t\u011bvu hostince Na kope\u010dku opakujeme. Je tam pro n\u00e1s sice jin\u00e1 obsluha, ale je je\u0161t\u011b lep\u0161\u00ed. Ta by prodala i vodu z&nbsp;pumpy. Tentokr\u00e1t vol\u00edme z&nbsp;vinn\u00e9ho l\u00edstku b\u00edl\u00e9 v\u00edno a odv\u00e1\u017e\u00edme se na cel\u00e9 menu \u2013 sytou pol\u00e9vku, hlavn\u00ed chod a samoz\u0159ejm\u011b i dezert. Spole\u010dn\u00e1 fotka s&nbsp;pan\u00ed serv\u00edrkou mus\u00ed b\u00fdt. S&nbsp;pln\u00fdm \u017ealudkem dojedeme na chalupu a je\u0161t\u011b dlouho rozj\u00edm\u00e1me na dne\u0161n\u00edm sportovn\u00edm v\u00fdkonem.  <\/p>\n<\/div><\/div>\n\n\n\n<div class=\"wp-block-kadence-tab kt-tab-inner-content kt-inner-tab-3 kt-inner-tab4c5afc-ba\"><div class=\"kt-tab-inner-content-inner\"><div class=\"pgc-sgb-cb wp-block-pgcsimplygalleryblock-justified \" data-gallery-id=\"8a822072\"><div class=\"sgb-preloader\" id=\"pr_8a822072\">\n\t<div class=\"sgb-square\" style=\"background:#d4d4d4\"><\/div>\n\t<div class=\"sgb-square\" style=\"background:#d4d4d4\"><\/div>\n\t<div class=\"sgb-square\" style=\"background:#d4d4d4\"><\/div>\n\t<div class=\"sgb-square\" style=\"background:#d4d4d4\"><\/div><\/div><div class=\"simply-gallery-amp pgc_sgb_slider \"><noscript><div class=\"sgb-gallery\"><div class=\"sgb-item\"><a href=\"https:\/\/www.cykloromantika.cz\/index.php\/pgc_simply_gallery\/xxix-4-den-kralovska-etapa-vyse-to-na-kole-nejde\/foto-2025-0729-01\/\" target=\"_blank\"><img decoding=\"async\" alt=\"\" width=\"225\" height=\"300\" loading=\"lazy\" src=\"https:\/\/www.cykloromantika.cz\/wp-content\/uploads\/2025\/12\/foto-2025-0729-01-225x300.jpg\" srcset=\"https:\/\/www.cykloromantika.cz\/wp-content\/uploads\/2025\/12\/foto-2025-0729-01-225x300.jpg 225w,https:\/\/www.cykloromantika.cz\/wp-content\/uploads\/2025\/12\/foto-2025-0729-01.jpg 768w\" sizes=\"auto, 250px\"\/><\/a><div class=\"sgb-item-caption\"><em>Tak na tomto ur\u010dit\u011b nepojedeme!<\/em><\/div><\/div><div class=\"sgb-item\"><a href=\"https:\/\/www.cykloromantika.cz\/index.php\/pgc_simply_gallery\/xxix-4-den-kralovska-etapa-vyse-to-na-kole-nejde\/foto-2025-0729-02\/\" target=\"_blank\"><img decoding=\"async\" alt=\"\" width=\"300\" height=\"225\" loading=\"lazy\" src=\"https:\/\/www.cykloromantika.cz\/wp-content\/uploads\/2025\/12\/foto-2025-0729-02-300x225.jpg\" srcset=\"https:\/\/www.cykloromantika.cz\/wp-content\/uploads\/2025\/12\/foto-2025-0729-02-300x225.jpg 300w,https:\/\/www.cykloromantika.cz\/wp-content\/uploads\/2025\/12\/foto-2025-0729-02.jpg 1024w\" sizes=\"auto, 250px\"\/><\/a><div class=\"sgb-item-caption\"><em>Nesp\u011bch\u00e1me!<\/em><\/div><\/div><div class=\"sgb-item\"><a href=\"https:\/\/www.cykloromantika.cz\/index.php\/pgc_simply_gallery\/xxix-4-den-kralovska-etapa-vyse-to-na-kole-nejde\/foto-2025-0729-03\/\" target=\"_blank\"><img decoding=\"async\" alt=\"\" width=\"300\" height=\"200\" loading=\"lazy\" src=\"https:\/\/www.cykloromantika.cz\/wp-content\/uploads\/2025\/12\/foto-2025-0729-03-300x200.jpg\" srcset=\"https:\/\/www.cykloromantika.cz\/wp-content\/uploads\/2025\/12\/foto-2025-0729-03-300x200.jpg 300w,https:\/\/www.cykloromantika.cz\/wp-content\/uploads\/2025\/12\/foto-2025-0729-03.jpg 1024w\" sizes=\"auto, 250px\"\/><\/a><div class=\"sgb-item-caption\"><em>Na Peci!<\/em><\/div><\/div><div class=\"sgb-item\"><a href=\"https:\/\/www.cykloromantika.cz\/index.php\/pgc_simply_gallery\/xxix-4-den-kralovska-etapa-vyse-to-na-kole-nejde\/foto-2025-0729-04\/\" target=\"_blank\"><img decoding=\"async\" alt=\"\" width=\"300\" height=\"169\" loading=\"lazy\" src=\"https:\/\/www.cykloromantika.cz\/wp-content\/uploads\/2025\/12\/foto-2025-0729-04-300x169.jpg\" srcset=\"https:\/\/www.cykloromantika.cz\/wp-content\/uploads\/2025\/12\/foto-2025-0729-04-300x169.jpg 300w,https:\/\/www.cykloromantika.cz\/wp-content\/uploads\/2025\/12\/foto-2025-0729-04.jpg 1024w\" sizes=\"auto, 250px\"\/><\/a><div class=\"sgb-item-caption\"><em>V\u00fdhled na \u010cernou horu<\/em><\/div><\/div><div class=\"sgb-item\"><a href=\"https:\/\/www.cykloromantika.cz\/index.php\/pgc_simply_gallery\/xxix-4-den-kralovska-etapa-vyse-to-na-kole-nejde\/foto-2025-0729-05\/\" target=\"_blank\"><img decoding=\"async\" alt=\"\" width=\"200\" height=\"300\" loading=\"lazy\" src=\"https:\/\/www.cykloromantika.cz\/wp-content\/uploads\/2025\/12\/foto-2025-0729-05-200x300.jpg\" srcset=\"https:\/\/www.cykloromantika.cz\/wp-content\/uploads\/2025\/12\/foto-2025-0729-05-200x300.jpg 200w,https:\/\/www.cykloromantika.cz\/wp-content\/uploads\/2025\/12\/foto-2025-0729-05.jpg 683w\" sizes=\"auto, 250px\"\/><\/a><div class=\"sgb-item-caption\"><em>Zalomen\u00fd Bobo!<\/em><\/div><\/div><div class=\"sgb-item\"><a href=\"https:\/\/www.cykloromantika.cz\/index.php\/pgc_simply_gallery\/xxix-4-den-kralovska-etapa-vyse-to-na-kole-nejde\/foto-2025-0729-06\/\" target=\"_blank\"><img decoding=\"async\" alt=\"\" width=\"300\" height=\"200\" loading=\"lazy\" src=\"https:\/\/www.cykloromantika.cz\/wp-content\/uploads\/2025\/12\/foto-2025-0729-06-300x200.jpg\" srcset=\"https:\/\/www.cykloromantika.cz\/wp-content\/uploads\/2025\/12\/foto-2025-0729-06-300x200.jpg 300w,https:\/\/www.cykloromantika.cz\/wp-content\/uploads\/2025\/12\/foto-2025-0729-06.jpg 1024w\" sizes=\"auto, 250px\"\/><\/a><\/div><div class=\"sgb-item\"><a href=\"https:\/\/www.cykloromantika.cz\/index.php\/pgc_simply_gallery\/xxix-4-den-kralovska-etapa-vyse-to-na-kole-nejde\/foto-2025-0729-07\/\" target=\"_blank\"><img decoding=\"async\" alt=\"\" width=\"300\" height=\"169\" loading=\"lazy\" src=\"https:\/\/www.cykloromantika.cz\/wp-content\/uploads\/2025\/12\/foto-2025-0729-07-300x169.jpg\" srcset=\"https:\/\/www.cykloromantika.cz\/wp-content\/uploads\/2025\/12\/foto-2025-0729-07-300x169.jpg 300w,https:\/\/www.cykloromantika.cz\/wp-content\/uploads\/2025\/12\/foto-2025-0729-07.jpg 1024w\" sizes=\"auto, 250px\"\/><\/a><div class=\"sgb-item-caption\"><em>Richtrovy Boudy<\/em><\/div><\/div><div class=\"sgb-item\"><a href=\"https:\/\/www.cykloromantika.cz\/index.php\/pgc_simply_gallery\/xxix-4-den-kralovska-etapa-vyse-to-na-kole-nejde\/foto-2025-0729-08\/\" target=\"_blank\"><img decoding=\"async\" alt=\"\" width=\"200\" height=\"300\" loading=\"lazy\" src=\"https:\/\/www.cykloromantika.cz\/wp-content\/uploads\/2025\/12\/foto-2025-0729-08-200x300.jpg\" srcset=\"https:\/\/www.cykloromantika.cz\/wp-content\/uploads\/2025\/12\/foto-2025-0729-08-200x300.jpg 200w,https:\/\/www.cykloromantika.cz\/wp-content\/uploads\/2025\/12\/foto-2025-0729-08.jpg 683w\" sizes=\"auto, 250px\"\/><\/a><div class=\"sgb-item-caption\"><em>Nad Richtrov\u00fdmi Boudami<\/em><\/div><\/div><div class=\"sgb-item\"><a href=\"https:\/\/www.cykloromantika.cz\/index.php\/pgc_simply_gallery\/xxix-4-den-kralovska-etapa-vyse-to-na-kole-nejde\/foto-2025-0729-09\/\" target=\"_blank\"><img decoding=\"async\" alt=\"\" width=\"300\" height=\"169\" loading=\"lazy\" src=\"https:\/\/www.cykloromantika.cz\/wp-content\/uploads\/2025\/12\/foto-2025-0729-09-300x169.jpg\" srcset=\"https:\/\/www.cykloromantika.cz\/wp-content\/uploads\/2025\/12\/foto-2025-0729-09-300x169.jpg 300w,https:\/\/www.cykloromantika.cz\/wp-content\/uploads\/2025\/12\/foto-2025-0729-09.jpg 1024w\" sizes=\"auto, 250px\"\/><\/a><div class=\"sgb-item-caption\"><em>V\u00fdrovka (1356 m n. m.)<\/em><\/div><\/div><div class=\"sgb-item\"><a href=\"https:\/\/www.cykloromantika.cz\/index.php\/pgc_simply_gallery\/xxix-4-den-kralovska-etapa-vyse-to-na-kole-nejde\/foto-2025-0729-10\/\" target=\"_blank\"><img decoding=\"async\" alt=\"\" width=\"300\" height=\"200\" loading=\"lazy\" src=\"https:\/\/www.cykloromantika.cz\/wp-content\/uploads\/2025\/12\/foto-2025-0729-10-300x200.jpg\" srcset=\"https:\/\/www.cykloromantika.cz\/wp-content\/uploads\/2025\/12\/foto-2025-0729-10-300x200.jpg 300w,https:\/\/www.cykloromantika.cz\/wp-content\/uploads\/2025\/12\/foto-2025-0729-10.jpg 1024w\" sizes=\"auto, 250px\"\/><\/a><div class=\"sgb-item-caption\"><em>Postupn\u011b jsme dojeli v\u0161ichni!<\/em><\/div><\/div><div class=\"sgb-item\"><a href=\"https:\/\/www.cykloromantika.cz\/index.php\/pgc_simply_gallery\/xxix-4-den-kralovska-etapa-vyse-to-na-kole-nejde\/foto-2025-0729-11\/\" target=\"_blank\"><img decoding=\"async\" alt=\"\" width=\"225\" height=\"300\" loading=\"lazy\" src=\"https:\/\/www.cykloromantika.cz\/wp-content\/uploads\/2025\/12\/foto-2025-0729-11-225x300.jpg\" srcset=\"https:\/\/www.cykloromantika.cz\/wp-content\/uploads\/2025\/12\/foto-2025-0729-11-225x300.jpg 225w,https:\/\/www.cykloromantika.cz\/wp-content\/uploads\/2025\/12\/foto-2025-0729-11.jpg 768w\" sizes=\"auto, 250px\"\/><\/a><div class=\"sgb-item-caption\"><em>Posilujeme a zavod\u0148ujeme!<\/em><\/div><\/div><div class=\"sgb-item\"><a href=\"https:\/\/www.cykloromantika.cz\/index.php\/pgc_simply_gallery\/xxix-4-den-kralovska-etapa-vyse-to-na-kole-nejde\/foto-2025-0729-12\/\" target=\"_blank\"><img decoding=\"async\" alt=\"\" width=\"300\" height=\"225\" loading=\"lazy\" src=\"https:\/\/www.cykloromantika.cz\/wp-content\/uploads\/2025\/12\/foto-2025-0729-12-300x225.jpg\" srcset=\"https:\/\/www.cykloromantika.cz\/wp-content\/uploads\/2025\/12\/foto-2025-0729-12-300x225.jpg 300w,https:\/\/www.cykloromantika.cz\/wp-content\/uploads\/2025\/12\/foto-2025-0729-12.jpg 1024w\" sizes=\"auto, 250px\"\/><\/a><div class=\"sgb-item-caption\"><em>Skoro vrcholov\u00e1!<\/em><\/div><\/div><div class=\"sgb-item\"><a href=\"https:\/\/www.cykloromantika.cz\/index.php\/pgc_simply_gallery\/xxix-4-den-kralovska-etapa-vyse-to-na-kole-nejde\/foto-2025-0729-13\/\" target=\"_blank\"><img decoding=\"async\" alt=\"\" width=\"300\" height=\"225\" loading=\"lazy\" src=\"https:\/\/www.cykloromantika.cz\/wp-content\/uploads\/2025\/12\/foto-2025-0729-13-300x225.jpg\" srcset=\"https:\/\/www.cykloromantika.cz\/wp-content\/uploads\/2025\/12\/foto-2025-0729-13-300x225.jpg 300w,https:\/\/www.cykloromantika.cz\/wp-content\/uploads\/2025\/12\/foto-2025-0729-13.jpg 1024w\" sizes=\"auto, 250px\"\/><\/a><div class=\"sgb-item-caption\"><em>Skoro vrcholov\u00e1!<\/em><\/div><\/div><div class=\"sgb-item\"><a href=\"https:\/\/www.cykloromantika.cz\/index.php\/pgc_simply_gallery\/xxix-4-den-kralovska-etapa-vyse-to-na-kole-nejde\/foto-2025-0729-14\/\" target=\"_blank\"><img decoding=\"async\" alt=\"\" width=\"300\" height=\"169\" loading=\"lazy\" src=\"https:\/\/www.cykloromantika.cz\/wp-content\/uploads\/2025\/12\/foto-2025-0729-14-300x169.jpg\" srcset=\"https:\/\/www.cykloromantika.cz\/wp-content\/uploads\/2025\/12\/foto-2025-0729-14-300x169.jpg 300w,https:\/\/www.cykloromantika.cz\/wp-content\/uploads\/2025\/12\/foto-2025-0729-14.jpg 1024w\" sizes=\"auto, 250px\"\/><\/a><div class=\"sgb-item-caption\"><em>V\u00fdhled na \u0160pindler\u016fv Ml\u00fdn<\/em><\/div><\/div><div class=\"sgb-item\"><a href=\"https:\/\/www.cykloromantika.cz\/index.php\/pgc_simply_gallery\/xxix-4-den-kralovska-etapa-vyse-to-na-kole-nejde\/foto-2025-0729-15\/\" target=\"_blank\"><img decoding=\"async\" alt=\"\" width=\"300\" height=\"225\" loading=\"lazy\" src=\"https:\/\/www.cykloromantika.cz\/wp-content\/uploads\/2025\/12\/foto-2025-0729-15-300x225.jpg\" srcset=\"https:\/\/www.cykloromantika.cz\/wp-content\/uploads\/2025\/12\/foto-2025-0729-15-300x225.jpg 300w,https:\/\/www.cykloromantika.cz\/wp-content\/uploads\/2025\/12\/foto-2025-0729-15.jpg 1024w\" sizes=\"auto, 250px\"\/><\/a><\/div><div class=\"sgb-item\"><a href=\"https:\/\/www.cykloromantika.cz\/index.php\/pgc_simply_gallery\/xxix-4-den-kralovska-etapa-vyse-to-na-kole-nejde\/foto-2025-0729-16\/\" target=\"_blank\"><img decoding=\"async\" alt=\"\" width=\"225\" height=\"300\" loading=\"lazy\" src=\"https:\/\/www.cykloromantika.cz\/wp-content\/uploads\/2025\/12\/foto-2025-0729-16-225x300.jpg\" srcset=\"https:\/\/www.cykloromantika.cz\/wp-content\/uploads\/2025\/12\/foto-2025-0729-16-225x300.jpg 225w,https:\/\/www.cykloromantika.cz\/wp-content\/uploads\/2025\/12\/foto-2025-0729-16.jpg 768w\" sizes=\"auto, 250px\"\/><\/a><\/div><div class=\"sgb-item\"><a href=\"https:\/\/www.cykloromantika.cz\/index.php\/pgc_simply_gallery\/xxix-4-den-kralovska-etapa-vyse-to-na-kole-nejde\/foto-2025-0729-17\/\" target=\"_blank\"><img decoding=\"async\" alt=\"\" width=\"300\" height=\"169\" loading=\"lazy\" src=\"https:\/\/www.cykloromantika.cz\/wp-content\/uploads\/2025\/12\/foto-2025-0729-17-300x169.jpg\" srcset=\"https:\/\/www.cykloromantika.cz\/wp-content\/uploads\/2025\/12\/foto-2025-0729-17-300x169.jpg 300w,https:\/\/www.cykloromantika.cz\/wp-content\/uploads\/2025\/12\/foto-2025-0729-17.jpg 1024w\" sizes=\"auto, 250px\"\/><\/a><div class=\"sgb-item-caption\"><em>Z\u00e1v\u011bre\u010dn\u00e1 \u010d\u00e1st stoup\u00e1n\u00ed<\/em><\/div><\/div><div class=\"sgb-item\"><a href=\"https:\/\/www.cykloromantika.cz\/index.php\/pgc_simply_gallery\/xxix-4-den-kralovska-etapa-vyse-to-na-kole-nejde\/foto-2025-0729-18\/\" target=\"_blank\"><img decoding=\"async\" alt=\"\" width=\"300\" height=\"169\" loading=\"lazy\" src=\"https:\/\/www.cykloromantika.cz\/wp-content\/uploads\/2025\/12\/foto-2025-0729-18-300x169.jpg\" srcset=\"https:\/\/www.cykloromantika.cz\/wp-content\/uploads\/2025\/12\/foto-2025-0729-18-300x169.jpg 300w,https:\/\/www.cykloromantika.cz\/wp-content\/uploads\/2025\/12\/foto-2025-0729-18.jpg 1024w\" sizes=\"auto, 250px\"\/><\/a><div class=\"sgb-item-caption\"><em>Studni\u010dn\u00ed hora<\/em><\/div><\/div><div class=\"sgb-item\"><a href=\"https:\/\/www.cykloromantika.cz\/index.php\/pgc_simply_gallery\/xxix-4-den-kralovska-etapa-vyse-to-na-kole-nejde\/foto-2025-0729-19\/\" target=\"_blank\"><img decoding=\"async\" alt=\"\" width=\"300\" height=\"200\" loading=\"lazy\" src=\"https:\/\/www.cykloromantika.cz\/wp-content\/uploads\/2025\/12\/foto-2025-0729-19-300x200.jpg\" srcset=\"https:\/\/www.cykloromantika.cz\/wp-content\/uploads\/2025\/12\/foto-2025-0729-19-300x200.jpg 300w,https:\/\/www.cykloromantika.cz\/wp-content\/uploads\/2025\/12\/foto-2025-0729-19.jpg 1024w\" sizes=\"auto, 250px\"\/><\/a><div class=\"sgb-item-caption\"><em>Tak kde v\u00e1s m\u00e1m?<\/em><\/div><\/div><div class=\"sgb-item\"><a href=\"https:\/\/www.cykloromantika.cz\/index.php\/pgc_simply_gallery\/xxix-4-den-kralovska-etapa-vyse-to-na-kole-nejde\/foto-2025-0729-20\/\" target=\"_blank\"><img decoding=\"async\" alt=\"\" width=\"225\" height=\"300\" loading=\"lazy\" src=\"https:\/\/www.cykloromantika.cz\/wp-content\/uploads\/2025\/12\/foto-2025-0729-20-225x300.jpg\" srcset=\"https:\/\/www.cykloromantika.cz\/wp-content\/uploads\/2025\/12\/foto-2025-0729-20-225x300.jpg 225w,https:\/\/www.cykloromantika.cz\/wp-content\/uploads\/2025\/12\/foto-2025-0729-20.jpg 768w\" sizes=\"auto, 250px\"\/><\/a><\/div><div class=\"sgb-item\"><a href=\"https:\/\/www.cykloromantika.cz\/index.php\/pgc_simply_gallery\/xxix-4-den-kralovska-etapa-vyse-to-na-kole-nejde\/foto-2025-0729-21\/\" target=\"_blank\"><img decoding=\"async\" alt=\"\" width=\"300\" height=\"133\" loading=\"lazy\" src=\"https:\/\/www.cykloromantika.cz\/wp-content\/uploads\/2025\/12\/foto-2025-0729-21-300x133.jpg\" srcset=\"https:\/\/www.cykloromantika.cz\/wp-content\/uploads\/2025\/12\/foto-2025-0729-21-300x133.jpg 300w,https:\/\/www.cykloromantika.cz\/wp-content\/uploads\/2025\/12\/foto-2025-0729-21.jpg 1024w\" sizes=\"auto, 250px\"\/><\/a><div class=\"sgb-item-caption\"><em>A\u017e se to\u010d\u00ed hlava!<\/em><\/div><\/div><div class=\"sgb-item\"><a href=\"https:\/\/www.cykloromantika.cz\/index.php\/pgc_simply_gallery\/xxix-4-den-kralovska-etapa-vyse-to-na-kole-nejde\/foto-2025-0729-22\/\" target=\"_blank\"><img decoding=\"async\" alt=\"\" width=\"300\" height=\"169\" loading=\"lazy\" src=\"https:\/\/www.cykloromantika.cz\/wp-content\/uploads\/2025\/12\/foto-2025-0729-22-300x169.jpg\" srcset=\"https:\/\/www.cykloromantika.cz\/wp-content\/uploads\/2025\/12\/foto-2025-0729-22-300x169.jpg 300w,https:\/\/www.cykloromantika.cz\/wp-content\/uploads\/2025\/12\/foto-2025-0729-22.jpg 1024w\" sizes=\"auto, 250px\"\/><\/a><div class=\"sgb-item-caption\"><em>K Lu\u010dn\u00ed Boud\u011b u\u017e nejedeme!<\/em><\/div><\/div><div class=\"sgb-item\"><a href=\"https:\/\/www.cykloromantika.cz\/index.php\/pgc_simply_gallery\/xxix-4-den-kralovska-etapa-vyse-to-na-kole-nejde\/foto-2025-0729-23\/\" target=\"_blank\"><img decoding=\"async\" alt=\"\" width=\"300\" height=\"169\" loading=\"lazy\" src=\"https:\/\/www.cykloromantika.cz\/wp-content\/uploads\/2025\/12\/foto-2025-0729-23-300x169.jpg\" srcset=\"https:\/\/www.cykloromantika.cz\/wp-content\/uploads\/2025\/12\/foto-2025-0729-23-300x169.jpg 300w,https:\/\/www.cykloromantika.cz\/wp-content\/uploads\/2025\/12\/foto-2025-0729-23.jpg 1024w\" sizes=\"auto, 250px\"\/><\/a><div class=\"sgb-item-caption\"><em>Sn\u011b\u017eka a Slezsk\u00fd d\u016fm<\/em><\/div><\/div><div class=\"sgb-item\"><a href=\"https:\/\/www.cykloromantika.cz\/index.php\/pgc_simply_gallery\/xxix-4-den-kralovska-etapa-vyse-to-na-kole-nejde\/foto-2025-0729-24\/\" target=\"_blank\"><img decoding=\"async\" alt=\"\" width=\"300\" height=\"169\" loading=\"lazy\" src=\"https:\/\/www.cykloromantika.cz\/wp-content\/uploads\/2025\/12\/foto-2025-0729-24-300x169.jpg\" srcset=\"https:\/\/www.cykloromantika.cz\/wp-content\/uploads\/2025\/12\/foto-2025-0729-24-300x169.jpg 300w,https:\/\/www.cykloromantika.cz\/wp-content\/uploads\/2025\/12\/foto-2025-0729-24.jpg 1024w\" sizes=\"auto, 250px\"\/><\/a><div class=\"sgb-item-caption\"><em>Kapli\u010dka \u2013 pam\u00e1tn\u00edk ob\u011btem hor<\/em><\/div><\/div><div class=\"sgb-item\"><a href=\"https:\/\/www.cykloromantika.cz\/index.php\/pgc_simply_gallery\/xxix-4-den-kralovska-etapa-vyse-to-na-kole-nejde\/foto-2025-0729-25\/\" target=\"_blank\"><img decoding=\"async\" alt=\"\" width=\"300\" height=\"169\" loading=\"lazy\" src=\"https:\/\/www.cykloromantika.cz\/wp-content\/uploads\/2025\/12\/foto-2025-0729-25-300x169.jpg\" srcset=\"https:\/\/www.cykloromantika.cz\/wp-content\/uploads\/2025\/12\/foto-2025-0729-25-300x169.jpg 300w,https:\/\/www.cykloromantika.cz\/wp-content\/uploads\/2025\/12\/foto-2025-0729-25.jpg 1024w\" sizes=\"auto, 250px\"\/><\/a><\/div><div class=\"sgb-item\"><a href=\"https:\/\/www.cykloromantika.cz\/index.php\/pgc_simply_gallery\/xxix-4-den-kralovska-etapa-vyse-to-na-kole-nejde\/foto-2025-0729-26\/\" target=\"_blank\"><img decoding=\"async\" alt=\"\" width=\"225\" height=\"300\" loading=\"lazy\" src=\"https:\/\/www.cykloromantika.cz\/wp-content\/uploads\/2025\/12\/foto-2025-0729-26-225x300.jpg\" srcset=\"https:\/\/www.cykloromantika.cz\/wp-content\/uploads\/2025\/12\/foto-2025-0729-26-225x300.jpg 225w,https:\/\/www.cykloromantika.cz\/wp-content\/uploads\/2025\/12\/foto-2025-0729-26.jpg 768w\" sizes=\"auto, 250px\"\/><\/a><div class=\"sgb-item-caption\"><em>Ob\u011bti Krkono\u0161<\/em><\/div><\/div><div class=\"sgb-item\"><a href=\"https:\/\/www.cykloromantika.cz\/index.php\/pgc_simply_gallery\/xxix-4-den-kralovska-etapa-vyse-to-na-kole-nejde\/foto-2025-0729-27\/\" target=\"_blank\"><img decoding=\"async\" alt=\"\" width=\"300\" height=\"200\" loading=\"lazy\" src=\"https:\/\/www.cykloromantika.cz\/wp-content\/uploads\/2025\/12\/foto-2025-0729-27-300x200.jpg\" srcset=\"https:\/\/www.cykloromantika.cz\/wp-content\/uploads\/2025\/12\/foto-2025-0729-27-300x200.jpg 300w,https:\/\/www.cykloromantika.cz\/wp-content\/uploads\/2025\/12\/foto-2025-0729-27.jpg 1024w\" sizes=\"auto, 250px\"\/><\/a><div class=\"sgb-item-caption\"><em>Vrcholov\u00e1!<\/em><\/div><\/div><div class=\"sgb-item\"><a href=\"https:\/\/www.cykloromantika.cz\/index.php\/pgc_simply_gallery\/xxix-4-den-kralovska-etapa-vyse-to-na-kole-nejde\/foto-2025-0729-28\/\" target=\"_blank\"><img decoding=\"async\" alt=\"\" width=\"225\" height=\"300\" loading=\"lazy\" src=\"https:\/\/www.cykloromantika.cz\/wp-content\/uploads\/2025\/12\/foto-2025-0729-28-225x300.jpg\" srcset=\"https:\/\/www.cykloromantika.cz\/wp-content\/uploads\/2025\/12\/foto-2025-0729-28-225x300.jpg 225w,https:\/\/www.cykloromantika.cz\/wp-content\/uploads\/2025\/12\/foto-2025-0729-28.jpg 768w\" sizes=\"auto, 250px\"\/><\/a><div class=\"sgb-item-caption\"><em>Na zah\u0159\u00e1t\u00ed!<\/em><\/div><\/div><div class=\"sgb-item\"><a href=\"https:\/\/www.cykloromantika.cz\/index.php\/pgc_simply_gallery\/xxix-4-den-kralovska-etapa-vyse-to-na-kole-nejde\/foto-2025-0729-29\/\" target=\"_blank\"><img decoding=\"async\" alt=\"\" width=\"300\" height=\"225\" loading=\"lazy\" src=\"https:\/\/www.cykloromantika.cz\/wp-content\/uploads\/2025\/12\/foto-2025-0729-29-300x225.jpg\" srcset=\"https:\/\/www.cykloromantika.cz\/wp-content\/uploads\/2025\/12\/foto-2025-0729-29-300x225.jpg 300w,https:\/\/www.cykloromantika.cz\/wp-content\/uploads\/2025\/12\/foto-2025-0729-29.jpg 1024w\" sizes=\"auto, 250px\"\/><\/a><div class=\"sgb-item-caption\"><em>P\u0159e\u017eijeme!<\/em><\/div><\/div><div class=\"sgb-item\"><a href=\"https:\/\/www.cykloromantika.cz\/index.php\/pgc_simply_gallery\/xxix-4-den-kralovska-etapa-vyse-to-na-kole-nejde\/foto-2025-0729-30\/\" target=\"_blank\"><img decoding=\"async\" alt=\"\" width=\"300\" height=\"200\" loading=\"lazy\" src=\"https:\/\/www.cykloromantika.cz\/wp-content\/uploads\/2025\/12\/foto-2025-0729-30-300x200.jpg\" srcset=\"https:\/\/www.cykloromantika.cz\/wp-content\/uploads\/2025\/12\/foto-2025-0729-30-300x200.jpg 300w,https:\/\/www.cykloromantika.cz\/wp-content\/uploads\/2025\/12\/foto-2025-0729-30.jpg 1024w\" sizes=\"auto, 250px\"\/><\/a><div class=\"sgb-item-caption\"><em>V\u00fdhled na \u010cernou horu<\/em><\/div><\/div><div class=\"sgb-item\"><a href=\"https:\/\/www.cykloromantika.cz\/index.php\/pgc_simply_gallery\/xxix-4-den-kralovska-etapa-vyse-to-na-kole-nejde\/foto-2025-0729-31\/\" target=\"_blank\"><img decoding=\"async\" alt=\"\" width=\"300\" height=\"200\" loading=\"lazy\" src=\"https:\/\/www.cykloromantika.cz\/wp-content\/uploads\/2025\/12\/foto-2025-0729-31-300x200.jpg\" srcset=\"https:\/\/www.cykloromantika.cz\/wp-content\/uploads\/2025\/12\/foto-2025-0729-31-300x200.jpg 300w,https:\/\/www.cykloromantika.cz\/wp-content\/uploads\/2025\/12\/foto-2025-0729-31.jpg 1024w\" sizes=\"auto, 250px\"\/><\/a><div class=\"sgb-item-caption\"><em>Opatrn\u011b sj\u00ed\u017ed\u00edme zp\u011bt k V\u00fdrovce.<\/em><\/div><\/div><div class=\"sgb-item\"><a href=\"https:\/\/www.cykloromantika.cz\/index.php\/pgc_simply_gallery\/xxix-4-den-kralovska-etapa-vyse-to-na-kole-nejde\/foto-2025-0729-32\/\" target=\"_blank\"><img decoding=\"async\" alt=\"\" width=\"300\" height=\"200\" loading=\"lazy\" src=\"https:\/\/www.cykloromantika.cz\/wp-content\/uploads\/2025\/12\/foto-2025-0729-32-300x200.jpg\" srcset=\"https:\/\/www.cykloromantika.cz\/wp-content\/uploads\/2025\/12\/foto-2025-0729-32-300x200.jpg 300w,https:\/\/www.cykloromantika.cz\/wp-content\/uploads\/2025\/12\/foto-2025-0729-32.jpg 1024w\" sizes=\"auto, 250px\"\/><\/a><div class=\"sgb-item-caption\"><em>Na Rozcest\u00ed<\/em><\/div><\/div><div class=\"sgb-item\"><a href=\"https:\/\/www.cykloromantika.cz\/index.php\/pgc_simply_gallery\/xxix-4-den-kralovska-etapa-vyse-to-na-kole-nejde\/foto-2025-0729-33\/\" target=\"_blank\"><img decoding=\"async\" alt=\"\" width=\"300\" height=\"169\" loading=\"lazy\" src=\"https:\/\/www.cykloromantika.cz\/wp-content\/uploads\/2025\/12\/foto-2025-0729-33-300x169.jpg\" srcset=\"https:\/\/www.cykloromantika.cz\/wp-content\/uploads\/2025\/12\/foto-2025-0729-33-300x169.jpg 300w,https:\/\/www.cykloromantika.cz\/wp-content\/uploads\/2025\/12\/foto-2025-0729-33.jpg 1024w\" sizes=\"auto, 250px\"\/><\/a><div class=\"sgb-item-caption\"><em>Zadn\u00ed Rennerovky<\/em><\/div><\/div><div class=\"sgb-item\"><a href=\"https:\/\/www.cykloromantika.cz\/index.php\/pgc_simply_gallery\/xxix-4-den-kralovska-etapa-vyse-to-na-kole-nejde\/foto-2025-0729-34\/\" target=\"_blank\"><img decoding=\"async\" alt=\"\" width=\"300\" height=\"169\" loading=\"lazy\" src=\"https:\/\/www.cykloromantika.cz\/wp-content\/uploads\/2025\/12\/foto-2025-0729-34-300x169.jpg\" srcset=\"https:\/\/www.cykloromantika.cz\/wp-content\/uploads\/2025\/12\/foto-2025-0729-34-300x169.jpg 300w,https:\/\/www.cykloromantika.cz\/wp-content\/uploads\/2025\/12\/foto-2025-0729-34.jpg 1024w\" sizes=\"auto, 250px\"\/><\/a><div class=\"sgb-item-caption\"><em>Zadn\u00ed Rennerovky<\/em><\/div><\/div><div class=\"sgb-item\"><a href=\"https:\/\/www.cykloromantika.cz\/index.php\/pgc_simply_gallery\/xxix-4-den-kralovska-etapa-vyse-to-na-kole-nejde\/foto-2025-0729-35\/\" target=\"_blank\"><img decoding=\"async\" alt=\"\" width=\"200\" height=\"300\" loading=\"lazy\" src=\"https:\/\/www.cykloromantika.cz\/wp-content\/uploads\/2025\/12\/foto-2025-0729-35-200x300.jpg\" srcset=\"https:\/\/www.cykloromantika.cz\/wp-content\/uploads\/2025\/12\/foto-2025-0729-35-200x300.jpg 200w,https:\/\/www.cykloromantika.cz\/wp-content\/uploads\/2025\/12\/foto-2025-0729-35.jpg 683w\" sizes=\"auto, 250px\"\/><\/a><div class=\"sgb-item-caption\"><em>Srnka na Li\u0161\u010d\u00ed stezce<\/em><\/div><\/div><div class=\"sgb-item\"><a href=\"https:\/\/www.cykloromantika.cz\/index.php\/pgc_simply_gallery\/xxix-4-den-kralovska-etapa-vyse-to-na-kole-nejde\/foto-2025-0729-36\/\" target=\"_blank\"><img decoding=\"async\" alt=\"\" width=\"300\" height=\"169\" loading=\"lazy\" src=\"https:\/\/www.cykloromantika.cz\/wp-content\/uploads\/2025\/12\/foto-2025-0729-36-300x169.jpg\" srcset=\"https:\/\/www.cykloromantika.cz\/wp-content\/uploads\/2025\/12\/foto-2025-0729-36-300x169.jpg 300w,https:\/\/www.cykloromantika.cz\/wp-content\/uploads\/2025\/12\/foto-2025-0729-36.jpg 1024w\" sizes=\"auto, 250px\"\/><\/a><div class=\"sgb-item-caption\"><em>Rozcest\u00ed Pod Lesn\u00ed Boudou<\/em><\/div><\/div><div class=\"sgb-item\"><a href=\"https:\/\/www.cykloromantika.cz\/index.php\/pgc_simply_gallery\/xxix-4-den-kralovska-etapa-vyse-to-na-kole-nejde\/foto-2025-0729-37\/\" target=\"_blank\"><img decoding=\"async\" alt=\"\" width=\"300\" height=\"200\" loading=\"lazy\" src=\"https:\/\/www.cykloromantika.cz\/wp-content\/uploads\/2025\/12\/foto-2025-0729-37-300x200.jpg\" srcset=\"https:\/\/www.cykloromantika.cz\/wp-content\/uploads\/2025\/12\/foto-2025-0729-37-300x200.jpg 300w,https:\/\/www.cykloromantika.cz\/wp-content\/uploads\/2025\/12\/foto-2025-0729-37.jpg 1024w\" sizes=\"auto, 250px\"\/><\/a><div class=\"sgb-item-caption\"><em>U Hrn\u010d\u00ed\u0159sk\u00fdch Bud se pt\u00e1me na cestu!<\/em><\/div><\/div><div class=\"sgb-item\"><a href=\"https:\/\/www.cykloromantika.cz\/index.php\/pgc_simply_gallery\/xxix-4-den-kralovska-etapa-vyse-to-na-kole-nejde\/foto-2025-0729-38\/\" target=\"_blank\"><img decoding=\"async\" alt=\"\" width=\"300\" height=\"225\" loading=\"lazy\" src=\"https:\/\/www.cykloromantika.cz\/wp-content\/uploads\/2025\/12\/foto-2025-0729-38-300x225.jpg\" srcset=\"https:\/\/www.cykloromantika.cz\/wp-content\/uploads\/2025\/12\/foto-2025-0729-38-300x225.jpg 300w,https:\/\/www.cykloromantika.cz\/wp-content\/uploads\/2025\/12\/foto-2025-0729-38.jpg 1024w\" sizes=\"auto, 250px\"\/><\/a><div class=\"sgb-item-caption\"><em>Pra\u017esk\u00e1 Bouda<\/em><\/div><\/div><div class=\"sgb-item\"><a href=\"https:\/\/www.cykloromantika.cz\/index.php\/pgc_simply_gallery\/xxix-4-den-kralovska-etapa-vyse-to-na-kole-nejde\/foto-2025-0729-39\/\" target=\"_blank\"><img decoding=\"async\" alt=\"\" width=\"225\" height=\"300\" loading=\"lazy\" src=\"https:\/\/www.cykloromantika.cz\/wp-content\/uploads\/2025\/12\/foto-2025-0729-39-225x300.jpg\" srcset=\"https:\/\/www.cykloromantika.cz\/wp-content\/uploads\/2025\/12\/foto-2025-0729-39-225x300.jpg 225w,https:\/\/www.cykloromantika.cz\/wp-content\/uploads\/2025\/12\/foto-2025-0729-39.jpg 768w\" sizes=\"auto, 250px\"\/><\/a><div class=\"sgb-item-caption\"><em>Hrdinov\u00e9 hor!<\/em><\/div><\/div><div class=\"sgb-item\"><a href=\"https:\/\/www.cykloromantika.cz\/index.php\/pgc_simply_gallery\/xxix-4-den-kralovska-etapa-vyse-to-na-kole-nejde\/foto-2025-0729-40\/\" target=\"_blank\"><img decoding=\"async\" alt=\"\" width=\"225\" height=\"300\" loading=\"lazy\" src=\"https:\/\/www.cykloromantika.cz\/wp-content\/uploads\/2025\/12\/foto-2025-0729-40-225x300.jpg\" srcset=\"https:\/\/www.cykloromantika.cz\/wp-content\/uploads\/2025\/12\/foto-2025-0729-40-225x300.jpg 225w,https:\/\/www.cykloromantika.cz\/wp-content\/uploads\/2025\/12\/foto-2025-0729-40.jpg 768w\" sizes=\"auto, 250px\"\/><\/a><div class=\"sgb-item-caption\"><em>Chvilka odpo\u010dinku a hled\u00e1n\u00ed v map\u011b.<\/em><\/div><\/div><div class=\"sgb-item\"><a href=\"https:\/\/www.cykloromantika.cz\/index.php\/pgc_simply_gallery\/xxix-4-den-kralovska-etapa-vyse-to-na-kole-nejde\/foto-2025-0729-41\/\" target=\"_blank\"><img decoding=\"async\" alt=\"\" width=\"300\" height=\"169\" loading=\"lazy\" src=\"https:\/\/www.cykloromantika.cz\/wp-content\/uploads\/2025\/12\/foto-2025-0729-41-300x169.jpg\" srcset=\"https:\/\/www.cykloromantika.cz\/wp-content\/uploads\/2025\/12\/foto-2025-0729-41-300x169.jpg 300w,https:\/\/www.cykloromantika.cz\/wp-content\/uploads\/2025\/12\/foto-2025-0729-41.jpg 1024w\" sizes=\"auto, 250px\"\/><\/a><div class=\"sgb-item-caption\"><em>Sn\u011b\u017eka<\/em><\/div><\/div><div class=\"sgb-item\"><a href=\"https:\/\/www.cykloromantika.cz\/index.php\/pgc_simply_gallery\/xxix-4-den-kralovska-etapa-vyse-to-na-kole-nejde\/foto-2025-0729-42\/\" target=\"_blank\"><img decoding=\"async\" alt=\"\" width=\"225\" height=\"300\" loading=\"lazy\" src=\"https:\/\/www.cykloromantika.cz\/wp-content\/uploads\/2025\/12\/foto-2025-0729-42-225x300.jpg\" srcset=\"https:\/\/www.cykloromantika.cz\/wp-content\/uploads\/2025\/12\/foto-2025-0729-42-225x300.jpg 225w,https:\/\/www.cykloromantika.cz\/wp-content\/uploads\/2025\/12\/foto-2025-0729-42.jpg 768w\" sizes=\"auto, 250px\"\/><\/a><div class=\"sgb-item-caption\"><em>Pod \u010cernou horou<\/em><\/div><\/div><div class=\"sgb-item\"><a href=\"https:\/\/www.cykloromantika.cz\/index.php\/pgc_simply_gallery\/xxix-4-den-kralovska-etapa-vyse-to-na-kole-nejde\/foto-2025-0729-43\/\" target=\"_blank\"><img decoding=\"async\" alt=\"\" width=\"300\" height=\"225\" loading=\"lazy\" src=\"https:\/\/www.cykloromantika.cz\/wp-content\/uploads\/2025\/12\/foto-2025-0729-43-300x225.jpg\" srcset=\"https:\/\/www.cykloromantika.cz\/wp-content\/uploads\/2025\/12\/foto-2025-0729-43-300x225.jpg 300w,https:\/\/www.cykloromantika.cz\/wp-content\/uploads\/2025\/12\/foto-2025-0729-43.jpg 1024w\" sizes=\"auto, 250px\"\/><\/a><div class=\"sgb-item-caption\"><em>B\u00fdval\u00e1 Sokolsk\u00e1 Bouda<\/em><\/div><\/div><div class=\"sgb-item\"><a href=\"https:\/\/www.cykloromantika.cz\/index.php\/pgc_simply_gallery\/xxix-4-den-kralovska-etapa-vyse-to-na-kole-nejde\/foto-2025-0729-44\/\" target=\"_blank\"><img decoding=\"async\" alt=\"\" width=\"300\" height=\"169\" loading=\"lazy\" src=\"https:\/\/www.cykloromantika.cz\/wp-content\/uploads\/2025\/12\/foto-2025-0729-44-300x169.jpg\" srcset=\"https:\/\/www.cykloromantika.cz\/wp-content\/uploads\/2025\/12\/foto-2025-0729-44-300x169.jpg 300w,https:\/\/www.cykloromantika.cz\/wp-content\/uploads\/2025\/12\/foto-2025-0729-44.jpg 1024w\" sizes=\"auto, 250px\"\/><\/a><div class=\"sgb-item-caption\"><em>V\u00fdhled na Podkrkono\u0161\u00ed<\/em><\/div><\/div><div class=\"sgb-item\"><a href=\"https:\/\/www.cykloromantika.cz\/index.php\/pgc_simply_gallery\/xxix-4-den-kralovska-etapa-vyse-to-na-kole-nejde\/foto-2025-0729-45\/\" target=\"_blank\"><img decoding=\"async\" alt=\"\" width=\"300\" height=\"169\" loading=\"lazy\" src=\"https:\/\/www.cykloromantika.cz\/wp-content\/uploads\/2025\/12\/foto-2025-0729-45-300x169.jpg\" srcset=\"https:\/\/www.cykloromantika.cz\/wp-content\/uploads\/2025\/12\/foto-2025-0729-45-300x169.jpg 300w,https:\/\/www.cykloromantika.cz\/wp-content\/uploads\/2025\/12\/foto-2025-0729-45.jpg 1024w\" sizes=\"auto, 250px\"\/><\/a><div class=\"sgb-item-caption\"><em>Hotel Des\u00edtka<\/em><\/div><\/div><div class=\"sgb-item\"><a href=\"https:\/\/www.cykloromantika.cz\/index.php\/pgc_simply_gallery\/xxix-4-den-kralovska-etapa-vyse-to-na-kole-nejde\/foto-2025-0729-46\/\" target=\"_blank\"><img decoding=\"async\" alt=\"\" width=\"300\" height=\"200\" loading=\"lazy\" src=\"https:\/\/www.cykloromantika.cz\/wp-content\/uploads\/2025\/12\/foto-2025-0729-46-300x200.jpg\" srcset=\"https:\/\/www.cykloromantika.cz\/wp-content\/uploads\/2025\/12\/foto-2025-0729-46-300x200.jpg 300w,https:\/\/www.cykloromantika.cz\/wp-content\/uploads\/2025\/12\/foto-2025-0729-46.jpg 1024w\" sizes=\"auto, 250px\"\/><\/a><div class=\"sgb-item-caption\"><em>Je opravdu kr\u00e1sn\u011b, ale zima!<\/em><\/div><\/div><div class=\"sgb-item\"><a href=\"https:\/\/www.cykloromantika.cz\/index.php\/pgc_simply_gallery\/xxix-4-den-kralovska-etapa-vyse-to-na-kole-nejde\/foto-2025-0729-47\/\" target=\"_blank\"><img decoding=\"async\" alt=\"\" width=\"300\" height=\"200\" loading=\"lazy\" src=\"https:\/\/www.cykloromantika.cz\/wp-content\/uploads\/2025\/12\/foto-2025-0729-47-300x200.jpg\" srcset=\"https:\/\/www.cykloromantika.cz\/wp-content\/uploads\/2025\/12\/foto-2025-0729-47-300x200.jpg 300w,https:\/\/www.cykloromantika.cz\/wp-content\/uploads\/2025\/12\/foto-2025-0729-47.jpg 1024w\" sizes=\"auto, 250px\"\/><\/a><div class=\"sgb-item-caption\"><em>Tom\u00edk si d\u0159ev\u011bn\u011b hov\u00ed!<\/em><\/div><\/div><div class=\"sgb-item\"><a href=\"https:\/\/www.cykloromantika.cz\/index.php\/pgc_simply_gallery\/xxix-4-den-kralovska-etapa-vyse-to-na-kole-nejde\/foto-2025-0729-48\/\" target=\"_blank\"><img decoding=\"async\" alt=\"\" width=\"225\" height=\"300\" loading=\"lazy\" src=\"https:\/\/www.cykloromantika.cz\/wp-content\/uploads\/2025\/12\/foto-2025-0729-48-225x300.jpg\" srcset=\"https:\/\/www.cykloromantika.cz\/wp-content\/uploads\/2025\/12\/foto-2025-0729-48-225x300.jpg 225w,https:\/\/www.cykloromantika.cz\/wp-content\/uploads\/2025\/12\/foto-2025-0729-48.jpg 768w\" sizes=\"auto, 250px\"\/><\/a><div class=\"sgb-item-caption\"><em>Povinn\u00e9 pran\u00ed dres\u016f<\/em><\/div><\/div><div class=\"sgb-item\"><a href=\"https:\/\/www.cykloromantika.cz\/index.php\/pgc_simply_gallery\/xxix-4-den-kralovska-etapa-vyse-to-na-kole-nejde\/foto-2025-0729-49\/\" target=\"_blank\"><img decoding=\"async\" alt=\"\" width=\"225\" height=\"300\" loading=\"lazy\" src=\"https:\/\/www.cykloromantika.cz\/wp-content\/uploads\/2025\/12\/foto-2025-0729-49-225x300.jpg\" srcset=\"https:\/\/www.cykloromantika.cz\/wp-content\/uploads\/2025\/12\/foto-2025-0729-49-225x300.jpg 225w,https:\/\/www.cykloromantika.cz\/wp-content\/uploads\/2025\/12\/foto-2025-0729-49.jpg 768w\" sizes=\"auto, 250px\"\/><\/a><div class=\"sgb-item-caption\"><em>Ve\u010de\u0159e v hostinci Na kope\u010dku<\/em><\/div><\/div><div class=\"sgb-item\"><a href=\"https:\/\/www.cykloromantika.cz\/index.php\/pgc_simply_gallery\/xxix-4-den-kralovska-etapa-vyse-to-na-kole-nejde\/foto-2025-0729-50\/\" target=\"_blank\"><img decoding=\"async\" alt=\"\" width=\"225\" height=\"300\" loading=\"lazy\" src=\"https:\/\/www.cykloromantika.cz\/wp-content\/uploads\/2025\/12\/foto-2025-0729-50-225x300.jpg\" srcset=\"https:\/\/www.cykloromantika.cz\/wp-content\/uploads\/2025\/12\/foto-2025-0729-50-225x300.jpg 225w,https:\/\/www.cykloromantika.cz\/wp-content\/uploads\/2025\/12\/foto-2025-0729-50.jpg 768w\" sizes=\"auto, 250px\"\/><\/a><div class=\"sgb-item-caption\"><em>Profil dne\u0161n\u00edho stoup\u00e1n\u00ed na V\u00fdrovku a ke kapli\u010dce<\/em><\/div><\/div><div class=\"sgb-item\"><a href=\"https:\/\/www.cykloromantika.cz\/index.php\/pgc_simply_gallery\/xxix-4-den-kralovska-etapa-vyse-to-na-kole-nejde\/foto-2025-0729-51\/\" target=\"_blank\"><img decoding=\"async\" alt=\"\" width=\"300\" height=\"225\" loading=\"lazy\" src=\"https:\/\/www.cykloromantika.cz\/wp-content\/uploads\/2025\/12\/foto-2025-0729-51-300x225.jpg\" srcset=\"https:\/\/www.cykloromantika.cz\/wp-content\/uploads\/2025\/12\/foto-2025-0729-51-300x225.jpg 300w,https:\/\/www.cykloromantika.cz\/wp-content\/uploads\/2025\/12\/foto-2025-0729-51.jpg 1024w\" sizes=\"auto, 250px\"\/><\/a><div class=\"sgb-item-caption\"><em>V hostinci Na kope\u010dku<\/em><\/div><\/div><div class=\"sgb-item\"><a href=\"https:\/\/www.cykloromantika.cz\/index.php\/pgc_simply_gallery\/xxix-4-den-kralovska-etapa-vyse-to-na-kole-nejde\/foto-2025-0729-52\/\" target=\"_blank\"><img decoding=\"async\" alt=\"\" width=\"300\" height=\"225\" loading=\"lazy\" src=\"https:\/\/www.cykloromantika.cz\/wp-content\/uploads\/2025\/12\/foto-2025-0729-52-300x225.jpg\" srcset=\"https:\/\/www.cykloromantika.cz\/wp-content\/uploads\/2025\/12\/foto-2025-0729-52-300x225.jpg 300w,https:\/\/www.cykloromantika.cz\/wp-content\/uploads\/2025\/12\/foto-2025-0729-52.jpg 1024w\" sizes=\"auto, 250px\"\/><\/a><div class=\"sgb-item-caption\"><em>V hostinci Na kope\u010dku<\/em><\/div><\/div><\/div><\/noscript><\/div><script type=\"application\/json\" class=\"sgb-data\">{\"lastRowFill\":true,\"collectionThumbRecomendedHeight\":300,\"collectionThumbMiniScreenScale\":true,\"captionHAlign\":\"bottom\",\"collectionthumbHoverTitleFontSize\":12,\"collectionthumbRoundedCorners\":8,\"collectionthumbHoverTitleTextBgColor\":\"rgba(0,0,0,0.44)\",\"collectionThumbSubMenuShare\":false,\"galleryType\":\"pgc_sgb_justified\",\"galleryId\":\"8a822072\",\"images\":[{\"id\":9325,\"title\":\"Foto 2025 0729 01\",\"url\":\"https:\/\/www.cykloromantika.cz\/wp-content\/uploads\/2025\/12\/foto-2025-0729-01.jpg\",\"link\":\"https:\/\/www.cykloromantika.cz\/index.php\/pgc_simply_gallery\/xxix-4-den-kralovska-etapa-vyse-to-na-kole-nejde\/foto-2025-0729-01\/\",\"alt\":\"\",\"description\":\"\",\"caption\":\"Tak na tomto ur\u010dit\u011b nepojedeme!\",\"mime\":\"image\/jpeg\",\"type\":\"image\",\"width\":768,\"height\":1024,\"sizes\":{\"thumbnail\":{\"height\":150,\"width\":113,\"url\":\"https:\/\/www.cykloromantika.cz\/wp-content\/uploads\/2025\/12\/foto-2025-0729-01-113x150.jpg\",\"orientation\":\"portrait\"},\"medium\":{\"height\":300,\"width\":225,\"url\":\"https:\/\/www.cykloromantika.cz\/wp-content\/uploads\/2025\/12\/foto-2025-0729-01-225x300.jpg\",\"orientation\":\"portrait\"},\"full\":{\"url\":\"https:\/\/www.cykloromantika.cz\/wp-content\/uploads\/2025\/12\/foto-2025-0729-01.jpg\",\"height\":1024,\"width\":768,\"orientation\":\"portrait\"}},\"imageMeta\":{\"aperture\":\"1.8\",\"credit\":\"\",\"camera\":\"Galaxy S24\",\"caption\":\"\",\"created_timestamp\":\"1753786135\",\"copyright\":\"\",\"focal_length\":\"5.4\",\"iso\":\"25\",\"shutter_speed\":\"0.000896057\",\"title\":\"\",\"orientation\":\"0\",\"keywords\":[]},\"meta\":false,\"postlink\":\"https:\/\/www.cykloromantika.cz\/index.php\/pgc_simply_gallery\/xxix-4-den-kralovska-etapa-vyse-to-na-kole-nejde\/foto-2025-0729-01\/\"},{\"id\":9326,\"title\":\"Foto 2025 0729 02\",\"url\":\"https:\/\/www.cykloromantika.cz\/wp-content\/uploads\/2025\/12\/foto-2025-0729-02.jpg\",\"link\":\"https:\/\/www.cykloromantika.cz\/index.php\/pgc_simply_gallery\/xxix-4-den-kralovska-etapa-vyse-to-na-kole-nejde\/foto-2025-0729-02\/\",\"alt\":\"\",\"description\":\"\",\"caption\":\"Nesp\u011bch\u00e1me!\",\"mime\":\"image\/jpeg\",\"type\":\"image\",\"width\":1024,\"height\":768,\"sizes\":{\"thumbnail\":{\"height\":113,\"width\":150,\"url\":\"https:\/\/www.cykloromantika.cz\/wp-content\/uploads\/2025\/12\/foto-2025-0729-02-150x113.jpg\",\"orientation\":\"landscape\"},\"medium\":{\"height\":225,\"width\":300,\"url\":\"https:\/\/www.cykloromantika.cz\/wp-content\/uploads\/2025\/12\/foto-2025-0729-02-300x225.jpg\",\"orientation\":\"landscape\"},\"full\":{\"url\":\"https:\/\/www.cykloromantika.cz\/wp-content\/uploads\/2025\/12\/foto-2025-0729-02.jpg\",\"height\":768,\"width\":1024,\"orientation\":\"landscape\"}},\"imageMeta\":{\"aperture\":\"1.8\",\"credit\":\"\",\"camera\":\"Galaxy S24\",\"caption\":\"\",\"created_timestamp\":\"1753786455\",\"copyright\":\"\",\"focal_length\":\"5.4\",\"iso\":\"25\",\"shutter_speed\":\"0.00070028\",\"title\":\"\",\"orientation\":\"0\",\"keywords\":[]},\"meta\":false,\"postlink\":\"https:\/\/www.cykloromantika.cz\/index.php\/pgc_simply_gallery\/xxix-4-den-kralovska-etapa-vyse-to-na-kole-nejde\/foto-2025-0729-02\/\"},{\"id\":9327,\"title\":\"Foto 2025 0729 03\",\"url\":\"https:\/\/www.cykloromantika.cz\/wp-content\/uploads\/2025\/12\/foto-2025-0729-03.jpg\",\"link\":\"https:\/\/www.cykloromantika.cz\/index.php\/pgc_simply_gallery\/xxix-4-den-kralovska-etapa-vyse-to-na-kole-nejde\/foto-2025-0729-03\/\",\"alt\":\"\",\"description\":\"\",\"caption\":\"Na Peci!\",\"mime\":\"image\/jpeg\",\"type\":\"image\",\"width\":1024,\"height\":683,\"sizes\":{\"thumbnail\":{\"height\":100,\"width\":150,\"url\":\"https:\/\/www.cykloromantika.cz\/wp-content\/uploads\/2025\/12\/foto-2025-0729-03-150x100.jpg\",\"orientation\":\"landscape\"},\"medium\":{\"height\":200,\"width\":300,\"url\":\"https:\/\/www.cykloromantika.cz\/wp-content\/uploads\/2025\/12\/foto-2025-0729-03-300x200.jpg\",\"orientation\":\"landscape\"},\"full\":{\"url\":\"https:\/\/www.cykloromantika.cz\/wp-content\/uploads\/2025\/12\/foto-2025-0729-03.jpg\",\"height\":683,\"width\":1024,\"orientation\":\"landscape\"}},\"imageMeta\":{\"aperture\":\"1.8\",\"credit\":\"\",\"camera\":\"Galaxy S24\",\"caption\":\"\",\"created_timestamp\":\"1753789306\",\"copyright\":\"\",\"focal_length\":\"5.4\",\"iso\":\"25\",\"shutter_speed\":\"0.000457875\",\"title\":\"\",\"orientation\":\"0\",\"keywords\":[]},\"meta\":false,\"postlink\":\"https:\/\/www.cykloromantika.cz\/index.php\/pgc_simply_gallery\/xxix-4-den-kralovska-etapa-vyse-to-na-kole-nejde\/foto-2025-0729-03\/\"},{\"id\":9328,\"title\":\"Foto 2025 0729 04\",\"url\":\"https:\/\/www.cykloromantika.cz\/wp-content\/uploads\/2025\/12\/foto-2025-0729-04.jpg\",\"link\":\"https:\/\/www.cykloromantika.cz\/index.php\/pgc_simply_gallery\/xxix-4-den-kralovska-etapa-vyse-to-na-kole-nejde\/foto-2025-0729-04\/\",\"alt\":\"\",\"description\":\"\",\"caption\":\"V\u00fdhled na \u010cernou horu\",\"mime\":\"image\/jpeg\",\"type\":\"image\",\"width\":1024,\"height\":577,\"sizes\":{\"thumbnail\":{\"height\":85,\"width\":150,\"url\":\"https:\/\/www.cykloromantika.cz\/wp-content\/uploads\/2025\/12\/foto-2025-0729-04-150x85.jpg\",\"orientation\":\"landscape\"},\"medium\":{\"height\":169,\"width\":300,\"url\":\"https:\/\/www.cykloromantika.cz\/wp-content\/uploads\/2025\/12\/foto-2025-0729-04-300x169.jpg\",\"orientation\":\"landscape\"},\"full\":{\"url\":\"https:\/\/www.cykloromantika.cz\/wp-content\/uploads\/2025\/12\/foto-2025-0729-04.jpg\",\"height\":577,\"width\":1024,\"orientation\":\"landscape\"}},\"imageMeta\":{\"aperture\":\"1.8\",\"credit\":\"\",\"camera\":\"Galaxy S23\",\"caption\":\"\",\"created_timestamp\":\"1753791382\",\"copyright\":\"\",\"focal_length\":\"5.4\",\"iso\":\"25\",\"shutter_speed\":\"0.000298182\",\"title\":\"\",\"orientation\":\"0\",\"keywords\":[]},\"meta\":false,\"postlink\":\"https:\/\/www.cykloromantika.cz\/index.php\/pgc_simply_gallery\/xxix-4-den-kralovska-etapa-vyse-to-na-kole-nejde\/foto-2025-0729-04\/\"},{\"id\":9329,\"title\":\"Foto 2025 0729 05\",\"url\":\"https:\/\/www.cykloromantika.cz\/wp-content\/uploads\/2025\/12\/foto-2025-0729-05.jpg\",\"link\":\"https:\/\/www.cykloromantika.cz\/index.php\/pgc_simply_gallery\/xxix-4-den-kralovska-etapa-vyse-to-na-kole-nejde\/foto-2025-0729-05\/\",\"alt\":\"\",\"description\":\"\",\"caption\":\"Zalomen\u00fd Bobo!\",\"mime\":\"image\/jpeg\",\"type\":\"image\",\"width\":683,\"height\":1024,\"sizes\":{\"thumbnail\":{\"height\":150,\"width\":100,\"url\":\"https:\/\/www.cykloromantika.cz\/wp-content\/uploads\/2025\/12\/foto-2025-0729-05-100x150.jpg\",\"orientation\":\"portrait\"},\"medium\":{\"height\":300,\"width\":200,\"url\":\"https:\/\/www.cykloromantika.cz\/wp-content\/uploads\/2025\/12\/foto-2025-0729-05-200x300.jpg\",\"orientation\":\"portrait\"},\"full\":{\"url\":\"https:\/\/www.cykloromantika.cz\/wp-content\/uploads\/2025\/12\/foto-2025-0729-05.jpg\",\"height\":1024,\"width\":683,\"orientation\":\"portrait\"}},\"imageMeta\":{\"aperture\":\"2.4\",\"credit\":\"\",\"camera\":\"Galaxy S23\",\"caption\":\"\",\"created_timestamp\":\"1753791401\",\"copyright\":\"\",\"focal_length\":\"7\",\"iso\":\"25\",\"shutter_speed\":\"0.001437738\",\"title\":\"\",\"orientation\":\"0\",\"keywords\":[]},\"meta\":false,\"postlink\":\"https:\/\/www.cykloromantika.cz\/index.php\/pgc_simply_gallery\/xxix-4-den-kralovska-etapa-vyse-to-na-kole-nejde\/foto-2025-0729-05\/\"},{\"id\":9330,\"title\":\"Foto 2025 0729 06\",\"url\":\"https:\/\/www.cykloromantika.cz\/wp-content\/uploads\/2025\/12\/foto-2025-0729-06.jpg\",\"link\":\"https:\/\/www.cykloromantika.cz\/index.php\/pgc_simply_gallery\/xxix-4-den-kralovska-etapa-vyse-to-na-kole-nejde\/foto-2025-0729-06\/\",\"alt\":\"\",\"description\":\"\",\"caption\":\"\",\"mime\":\"image\/jpeg\",\"type\":\"image\",\"width\":1024,\"height\":683,\"sizes\":{\"thumbnail\":{\"height\":100,\"width\":150,\"url\":\"https:\/\/www.cykloromantika.cz\/wp-content\/uploads\/2025\/12\/foto-2025-0729-06-150x100.jpg\",\"orientation\":\"landscape\"},\"medium\":{\"height\":200,\"width\":300,\"url\":\"https:\/\/www.cykloromantika.cz\/wp-content\/uploads\/2025\/12\/foto-2025-0729-06-300x200.jpg\",\"orientation\":\"landscape\"},\"full\":{\"url\":\"https:\/\/www.cykloromantika.cz\/wp-content\/uploads\/2025\/12\/foto-2025-0729-06.jpg\",\"height\":683,\"width\":1024,\"orientation\":\"landscape\"}},\"imageMeta\":{\"aperture\":\"1.8\",\"credit\":\"\",\"camera\":\"Galaxy S24\",\"caption\":\"\",\"created_timestamp\":\"1753791494\",\"copyright\":\"\",\"focal_length\":\"5.4\",\"iso\":\"25\",\"shutter_speed\":\"0.000304136\",\"title\":\"\",\"orientation\":\"0\",\"keywords\":[]},\"meta\":false,\"postlink\":\"https:\/\/www.cykloromantika.cz\/index.php\/pgc_simply_gallery\/xxix-4-den-kralovska-etapa-vyse-to-na-kole-nejde\/foto-2025-0729-06\/\"},{\"id\":9331,\"title\":\"Foto 2025 0729 07\",\"url\":\"https:\/\/www.cykloromantika.cz\/wp-content\/uploads\/2025\/12\/foto-2025-0729-07.jpg\",\"link\":\"https:\/\/www.cykloromantika.cz\/index.php\/pgc_simply_gallery\/xxix-4-den-kralovska-etapa-vyse-to-na-kole-nejde\/foto-2025-0729-07\/\",\"alt\":\"\",\"description\":\"\",\"caption\":\"Richtrovy Boudy\",\"mime\":\"image\/jpeg\",\"type\":\"image\",\"width\":1024,\"height\":577,\"sizes\":{\"thumbnail\":{\"height\":85,\"width\":150,\"url\":\"https:\/\/www.cykloromantika.cz\/wp-content\/uploads\/2025\/12\/foto-2025-0729-07-150x85.jpg\",\"orientation\":\"landscape\"},\"medium\":{\"height\":169,\"width\":300,\"url\":\"https:\/\/www.cykloromantika.cz\/wp-content\/uploads\/2025\/12\/foto-2025-0729-07-300x169.jpg\",\"orientation\":\"landscape\"},\"full\":{\"url\":\"https:\/\/www.cykloromantika.cz\/wp-content\/uploads\/2025\/12\/foto-2025-0729-07.jpg\",\"height\":577,\"width\":1024,\"orientation\":\"landscape\"}},\"imageMeta\":{\"aperture\":\"1.8\",\"credit\":\"\",\"camera\":\"Galaxy S23\",\"caption\":\"\",\"created_timestamp\":\"1753792381\",\"copyright\":\"\",\"focal_length\":\"5.4\",\"iso\":\"25\",\"shutter_speed\":\"0.000281701\",\"title\":\"\",\"orientation\":\"0\",\"keywords\":[]},\"meta\":false,\"postlink\":\"https:\/\/www.cykloromantika.cz\/index.php\/pgc_simply_gallery\/xxix-4-den-kralovska-etapa-vyse-to-na-kole-nejde\/foto-2025-0729-07\/\"},{\"id\":9332,\"title\":\"Foto 2025 0729 08\",\"url\":\"https:\/\/www.cykloromantika.cz\/wp-content\/uploads\/2025\/12\/foto-2025-0729-08.jpg\",\"link\":\"https:\/\/www.cykloromantika.cz\/index.php\/pgc_simply_gallery\/xxix-4-den-kralovska-etapa-vyse-to-na-kole-nejde\/foto-2025-0729-08\/\",\"alt\":\"\",\"description\":\"\",\"caption\":\"Nad Richtrov\u00fdmi Boudami\",\"mime\":\"image\/jpeg\",\"type\":\"image\",\"width\":683,\"height\":1024,\"sizes\":{\"thumbnail\":{\"height\":150,\"width\":100,\"url\":\"https:\/\/www.cykloromantika.cz\/wp-content\/uploads\/2025\/12\/foto-2025-0729-08-100x150.jpg\",\"orientation\":\"portrait\"},\"medium\":{\"height\":300,\"width\":200,\"url\":\"https:\/\/www.cykloromantika.cz\/wp-content\/uploads\/2025\/12\/foto-2025-0729-08-200x300.jpg\",\"orientation\":\"portrait\"},\"full\":{\"url\":\"https:\/\/www.cykloromantika.cz\/wp-content\/uploads\/2025\/12\/foto-2025-0729-08.jpg\",\"height\":1024,\"width\":683,\"orientation\":\"portrait\"}},\"imageMeta\":{\"aperture\":\"1.8\",\"credit\":\"\",\"camera\":\"Galaxy S23\",\"caption\":\"\",\"created_timestamp\":\"1753792385\",\"copyright\":\"\",\"focal_length\":\"5.4\",\"iso\":\"25\",\"shutter_speed\":\"0.000308865\",\"title\":\"\",\"orientation\":\"0\",\"keywords\":[]},\"meta\":false,\"postlink\":\"https:\/\/www.cykloromantika.cz\/index.php\/pgc_simply_gallery\/xxix-4-den-kralovska-etapa-vyse-to-na-kole-nejde\/foto-2025-0729-08\/\"},{\"id\":9333,\"title\":\"Foto 2025 0729 09\",\"url\":\"https:\/\/www.cykloromantika.cz\/wp-content\/uploads\/2025\/12\/foto-2025-0729-09.jpg\",\"link\":\"https:\/\/www.cykloromantika.cz\/index.php\/pgc_simply_gallery\/xxix-4-den-kralovska-etapa-vyse-to-na-kole-nejde\/foto-2025-0729-09\/\",\"alt\":\"\",\"description\":\"\",\"caption\":\"V\u00fdrovka (1356 m n. m.)\",\"mime\":\"image\/jpeg\",\"type\":\"image\",\"width\":1024,\"height\":576,\"sizes\":{\"thumbnail\":{\"height\":84,\"width\":150,\"url\":\"https:\/\/www.cykloromantika.cz\/wp-content\/uploads\/2025\/12\/foto-2025-0729-09-150x84.jpg\",\"orientation\":\"landscape\"},\"medium\":{\"height\":169,\"width\":300,\"url\":\"https:\/\/www.cykloromantika.cz\/wp-content\/uploads\/2025\/12\/foto-2025-0729-09-300x169.jpg\",\"orientation\":\"landscape\"},\"full\":{\"url\":\"https:\/\/www.cykloromantika.cz\/wp-content\/uploads\/2025\/12\/foto-2025-0729-09.jpg\",\"height\":576,\"width\":1024,\"orientation\":\"landscape\"}},\"imageMeta\":{\"aperture\":\"1.8\",\"credit\":\"\",\"camera\":\"Galaxy S24\",\"caption\":\"\",\"created_timestamp\":\"1753793784\",\"copyright\":\"\",\"focal_length\":\"5.4\",\"iso\":\"25\",\"shutter_speed\":\"0.00035014\",\"title\":\"\",\"orientation\":\"0\",\"keywords\":[]},\"meta\":false,\"postlink\":\"https:\/\/www.cykloromantika.cz\/index.php\/pgc_simply_gallery\/xxix-4-den-kralovska-etapa-vyse-to-na-kole-nejde\/foto-2025-0729-09\/\"},{\"id\":9334,\"title\":\"Foto 2025 0729 10\",\"url\":\"https:\/\/www.cykloromantika.cz\/wp-content\/uploads\/2025\/12\/foto-2025-0729-10.jpg\",\"link\":\"https:\/\/www.cykloromantika.cz\/index.php\/pgc_simply_gallery\/xxix-4-den-kralovska-etapa-vyse-to-na-kole-nejde\/foto-2025-0729-10\/\",\"alt\":\"\",\"description\":\"\",\"caption\":\"Postupn\u011b jsme dojeli v\u0161ichni!\",\"mime\":\"image\/jpeg\",\"type\":\"image\",\"width\":1024,\"height\":683,\"sizes\":{\"thumbnail\":{\"height\":100,\"width\":150,\"url\":\"https:\/\/www.cykloromantika.cz\/wp-content\/uploads\/2025\/12\/foto-2025-0729-10-150x100.jpg\",\"orientation\":\"landscape\"},\"medium\":{\"height\":200,\"width\":300,\"url\":\"https:\/\/www.cykloromantika.cz\/wp-content\/uploads\/2025\/12\/foto-2025-0729-10-300x200.jpg\",\"orientation\":\"landscape\"},\"full\":{\"url\":\"https:\/\/www.cykloromantika.cz\/wp-content\/uploads\/2025\/12\/foto-2025-0729-10.jpg\",\"height\":683,\"width\":1024,\"orientation\":\"landscape\"}},\"imageMeta\":{\"aperture\":\"1.8\",\"credit\":\"\",\"camera\":\"Galaxy S24\",\"caption\":\"\",\"created_timestamp\":\"1753793944\",\"copyright\":\"\",\"focal_length\":\"5.4\",\"iso\":\"25\",\"shutter_speed\":\"0.000502008\",\"title\":\"\",\"orientation\":\"0\",\"keywords\":[]},\"meta\":false,\"postlink\":\"https:\/\/www.cykloromantika.cz\/index.php\/pgc_simply_gallery\/xxix-4-den-kralovska-etapa-vyse-to-na-kole-nejde\/foto-2025-0729-10\/\"},{\"id\":9335,\"title\":\"Foto 2025 0729 11\",\"url\":\"https:\/\/www.cykloromantika.cz\/wp-content\/uploads\/2025\/12\/foto-2025-0729-11.jpg\",\"link\":\"https:\/\/www.cykloromantika.cz\/index.php\/pgc_simply_gallery\/xxix-4-den-kralovska-etapa-vyse-to-na-kole-nejde\/foto-2025-0729-11\/\",\"alt\":\"\",\"description\":\"\",\"caption\":\"Posilujeme a zavod\u0148ujeme!\",\"mime\":\"image\/jpeg\",\"type\":\"image\",\"width\":768,\"height\":1024,\"sizes\":{\"thumbnail\":{\"height\":150,\"width\":113,\"url\":\"https:\/\/www.cykloromantika.cz\/wp-content\/uploads\/2025\/12\/foto-2025-0729-11-113x150.jpg\",\"orientation\":\"portrait\"},\"medium\":{\"height\":300,\"width\":225,\"url\":\"https:\/\/www.cykloromantika.cz\/wp-content\/uploads\/2025\/12\/foto-2025-0729-11-225x300.jpg\",\"orientation\":\"portrait\"},\"full\":{\"url\":\"https:\/\/www.cykloromantika.cz\/wp-content\/uploads\/2025\/12\/foto-2025-0729-11.jpg\",\"height\":1024,\"width\":768,\"orientation\":\"portrait\"}},\"imageMeta\":{\"aperture\":\"1.8\",\"credit\":\"\",\"camera\":\"Galaxy S24\",\"caption\":\"\",\"created_timestamp\":\"1753795639\",\"copyright\":\"\",\"focal_length\":\"5.4\",\"iso\":\"250\",\"shutter_speed\":\"0.01\",\"title\":\"\",\"orientation\":\"0\",\"keywords\":[]},\"meta\":false,\"postlink\":\"https:\/\/www.cykloromantika.cz\/index.php\/pgc_simply_gallery\/xxix-4-den-kralovska-etapa-vyse-to-na-kole-nejde\/foto-2025-0729-11\/\"},{\"id\":9336,\"title\":\"Foto 2025 0729 12\",\"url\":\"https:\/\/www.cykloromantika.cz\/wp-content\/uploads\/2025\/12\/foto-2025-0729-12.jpg\",\"link\":\"https:\/\/www.cykloromantika.cz\/index.php\/pgc_simply_gallery\/xxix-4-den-kralovska-etapa-vyse-to-na-kole-nejde\/foto-2025-0729-12\/\",\"alt\":\"\",\"description\":\"\",\"caption\":\"Skoro vrcholov\u00e1!\",\"mime\":\"image\/jpeg\",\"type\":\"image\",\"width\":1024,\"height\":768,\"sizes\":{\"thumbnail\":{\"height\":113,\"width\":150,\"url\":\"https:\/\/www.cykloromantika.cz\/wp-content\/uploads\/2025\/12\/foto-2025-0729-12-150x113.jpg\",\"orientation\":\"landscape\"},\"medium\":{\"height\":225,\"width\":300,\"url\":\"https:\/\/www.cykloromantika.cz\/wp-content\/uploads\/2025\/12\/foto-2025-0729-12-300x225.jpg\",\"orientation\":\"landscape\"},\"full\":{\"url\":\"https:\/\/www.cykloromantika.cz\/wp-content\/uploads\/2025\/12\/foto-2025-0729-12.jpg\",\"height\":768,\"width\":1024,\"orientation\":\"landscape\"}},\"imageMeta\":{\"aperture\":\"1.8\",\"credit\":\"\",\"camera\":\"Galaxy S24\",\"caption\":\"\",\"created_timestamp\":\"1753799877\",\"copyright\":\"\",\"focal_length\":\"5.4\",\"iso\":\"25\",\"shutter_speed\":\"0.001269035\",\"title\":\"\",\"orientation\":\"0\",\"keywords\":[]},\"meta\":false,\"postlink\":\"https:\/\/www.cykloromantika.cz\/index.php\/pgc_simply_gallery\/xxix-4-den-kralovska-etapa-vyse-to-na-kole-nejde\/foto-2025-0729-12\/\"},{\"id\":9337,\"title\":\"Foto 2025 0729 13\",\"url\":\"https:\/\/www.cykloromantika.cz\/wp-content\/uploads\/2025\/12\/foto-2025-0729-13.jpg\",\"link\":\"https:\/\/www.cykloromantika.cz\/index.php\/pgc_simply_gallery\/xxix-4-den-kralovska-etapa-vyse-to-na-kole-nejde\/foto-2025-0729-13\/\",\"alt\":\"\",\"description\":\"\",\"caption\":\"Skoro vrcholov\u00e1!\",\"mime\":\"image\/jpeg\",\"type\":\"image\",\"width\":1024,\"height\":768,\"sizes\":{\"thumbnail\":{\"height\":113,\"width\":150,\"url\":\"https:\/\/www.cykloromantika.cz\/wp-content\/uploads\/2025\/12\/foto-2025-0729-13-150x113.jpg\",\"orientation\":\"landscape\"},\"medium\":{\"height\":225,\"width\":300,\"url\":\"https:\/\/www.cykloromantika.cz\/wp-content\/uploads\/2025\/12\/foto-2025-0729-13-300x225.jpg\",\"orientation\":\"landscape\"},\"full\":{\"url\":\"https:\/\/www.cykloromantika.cz\/wp-content\/uploads\/2025\/12\/foto-2025-0729-13.jpg\",\"height\":768,\"width\":1024,\"orientation\":\"landscape\"}},\"imageMeta\":{\"aperture\":\"1.8\",\"credit\":\"\",\"camera\":\"Galaxy S24\",\"caption\":\"\",\"created_timestamp\":\"1753799883\",\"copyright\":\"\",\"focal_length\":\"5.4\",\"iso\":\"25\",\"shutter_speed\":\"0.000886524\",\"title\":\"\",\"orientation\":\"0\",\"keywords\":[]},\"meta\":false,\"postlink\":\"https:\/\/www.cykloromantika.cz\/index.php\/pgc_simply_gallery\/xxix-4-den-kralovska-etapa-vyse-to-na-kole-nejde\/foto-2025-0729-13\/\"},{\"id\":9338,\"title\":\"Foto 2025 0729 14\",\"url\":\"https:\/\/www.cykloromantika.cz\/wp-content\/uploads\/2025\/12\/foto-2025-0729-14.jpg\",\"link\":\"https:\/\/www.cykloromantika.cz\/index.php\/pgc_simply_gallery\/xxix-4-den-kralovska-etapa-vyse-to-na-kole-nejde\/foto-2025-0729-14\/\",\"alt\":\"\",\"description\":\"\",\"caption\":\"V\u00fdhled na \u0160pindler\u016fv Ml\u00fdn\",\"mime\":\"image\/jpeg\",\"type\":\"image\",\"width\":1024,\"height\":576,\"sizes\":{\"thumbnail\":{\"height\":84,\"width\":150,\"url\":\"https:\/\/www.cykloromantika.cz\/wp-content\/uploads\/2025\/12\/foto-2025-0729-14-150x84.jpg\",\"orientation\":\"landscape\"},\"medium\":{\"height\":169,\"width\":300,\"url\":\"https:\/\/www.cykloromantika.cz\/wp-content\/uploads\/2025\/12\/foto-2025-0729-14-300x169.jpg\",\"orientation\":\"landscape\"},\"full\":{\"url\":\"https:\/\/www.cykloromantika.cz\/wp-content\/uploads\/2025\/12\/foto-2025-0729-14.jpg\",\"height\":576,\"width\":1024,\"orientation\":\"landscape\"}},\"imageMeta\":{\"aperture\":\"1.8\",\"credit\":\"\",\"camera\":\"Galaxy S24\",\"caption\":\"\",\"created_timestamp\":\"1753800167\",\"copyright\":\"\",\"focal_length\":\"5.4\",\"iso\":\"25\",\"shutter_speed\":\"0.000422297\",\"title\":\"\",\"orientation\":\"0\",\"keywords\":[]},\"meta\":false,\"postlink\":\"https:\/\/www.cykloromantika.cz\/index.php\/pgc_simply_gallery\/xxix-4-den-kralovska-etapa-vyse-to-na-kole-nejde\/foto-2025-0729-14\/\"},{\"id\":9339,\"title\":\"Foto 2025 0729 15\",\"url\":\"https:\/\/www.cykloromantika.cz\/wp-content\/uploads\/2025\/12\/foto-2025-0729-15.jpg\",\"link\":\"https:\/\/www.cykloromantika.cz\/index.php\/pgc_simply_gallery\/xxix-4-den-kralovska-etapa-vyse-to-na-kole-nejde\/foto-2025-0729-15\/\",\"alt\":\"\",\"description\":\"\",\"caption\":\"\",\"mime\":\"image\/jpeg\",\"type\":\"image\",\"width\":1024,\"height\":768,\"sizes\":{\"thumbnail\":{\"height\":113,\"width\":150,\"url\":\"https:\/\/www.cykloromantika.cz\/wp-content\/uploads\/2025\/12\/foto-2025-0729-15-150x113.jpg\",\"orientation\":\"landscape\"},\"medium\":{\"height\":225,\"width\":300,\"url\":\"https:\/\/www.cykloromantika.cz\/wp-content\/uploads\/2025\/12\/foto-2025-0729-15-300x225.jpg\",\"orientation\":\"landscape\"},\"full\":{\"url\":\"https:\/\/www.cykloromantika.cz\/wp-content\/uploads\/2025\/12\/foto-2025-0729-15.jpg\",\"height\":768,\"width\":1024,\"orientation\":\"landscape\"}},\"imageMeta\":{\"aperture\":\"1.8\",\"credit\":\"\",\"camera\":\"Galaxy S24\",\"caption\":\"\",\"created_timestamp\":\"1753800171\",\"copyright\":\"\",\"focal_length\":\"5.4\",\"iso\":\"25\",\"shutter_speed\":\"0.000444839\",\"title\":\"\",\"orientation\":\"0\",\"keywords\":[]},\"meta\":false,\"postlink\":\"https:\/\/www.cykloromantika.cz\/index.php\/pgc_simply_gallery\/xxix-4-den-kralovska-etapa-vyse-to-na-kole-nejde\/foto-2025-0729-15\/\"},{\"id\":9340,\"title\":\"Foto 2025 0729 16\",\"url\":\"https:\/\/www.cykloromantika.cz\/wp-content\/uploads\/2025\/12\/foto-2025-0729-16.jpg\",\"link\":\"https:\/\/www.cykloromantika.cz\/index.php\/pgc_simply_gallery\/xxix-4-den-kralovska-etapa-vyse-to-na-kole-nejde\/foto-2025-0729-16\/\",\"alt\":\"\",\"description\":\"\",\"caption\":\"\",\"mime\":\"image\/jpeg\",\"type\":\"image\",\"width\":768,\"height\":1024,\"sizes\":{\"thumbnail\":{\"height\":150,\"width\":113,\"url\":\"https:\/\/www.cykloromantika.cz\/wp-content\/uploads\/2025\/12\/foto-2025-0729-16-113x150.jpg\",\"orientation\":\"portrait\"},\"medium\":{\"height\":300,\"width\":225,\"url\":\"https:\/\/www.cykloromantika.cz\/wp-content\/uploads\/2025\/12\/foto-2025-0729-16-225x300.jpg\",\"orientation\":\"portrait\"},\"full\":{\"url\":\"https:\/\/www.cykloromantika.cz\/wp-content\/uploads\/2025\/12\/foto-2025-0729-16.jpg\",\"height\":1024,\"width\":768,\"orientation\":\"portrait\"}},\"imageMeta\":{\"aperture\":\"1.8\",\"credit\":\"\",\"camera\":\"Galaxy S24\",\"caption\":\"\",\"created_timestamp\":\"1753800184\",\"copyright\":\"\",\"focal_length\":\"5.4\",\"iso\":\"25\",\"shutter_speed\":\"0.000459558\",\"title\":\"\",\"orientation\":\"0\",\"keywords\":[]},\"meta\":false,\"postlink\":\"https:\/\/www.cykloromantika.cz\/index.php\/pgc_simply_gallery\/xxix-4-den-kralovska-etapa-vyse-to-na-kole-nejde\/foto-2025-0729-16\/\"},{\"id\":9341,\"title\":\"Foto 2025 0729 17\",\"url\":\"https:\/\/www.cykloromantika.cz\/wp-content\/uploads\/2025\/12\/foto-2025-0729-17.jpg\",\"link\":\"https:\/\/www.cykloromantika.cz\/index.php\/pgc_simply_gallery\/xxix-4-den-kralovska-etapa-vyse-to-na-kole-nejde\/foto-2025-0729-17\/\",\"alt\":\"\",\"description\":\"\",\"caption\":\"Z\u00e1v\u011bre\u010dn\u00e1 \u010d\u00e1st stoup\u00e1n\u00ed\",\"mime\":\"image\/jpeg\",\"type\":\"image\",\"width\":1024,\"height\":577,\"sizes\":{\"thumbnail\":{\"height\":85,\"width\":150,\"url\":\"https:\/\/www.cykloromantika.cz\/wp-content\/uploads\/2025\/12\/foto-2025-0729-17-150x85.jpg\",\"orientation\":\"landscape\"},\"medium\":{\"height\":169,\"width\":300,\"url\":\"https:\/\/www.cykloromantika.cz\/wp-content\/uploads\/2025\/12\/foto-2025-0729-17-300x169.jpg\",\"orientation\":\"landscape\"},\"full\":{\"url\":\"https:\/\/www.cykloromantika.cz\/wp-content\/uploads\/2025\/12\/foto-2025-0729-17.jpg\",\"height\":577,\"width\":1024,\"orientation\":\"landscape\"}},\"imageMeta\":{\"aperture\":\"1.8\",\"credit\":\"\",\"camera\":\"Galaxy S23\",\"caption\":\"\",\"created_timestamp\":\"1753800567\",\"copyright\":\"\",\"focal_length\":\"5.4\",\"iso\":\"25\",\"shutter_speed\":\"0.000297376\",\"title\":\"\",\"orientation\":\"0\",\"keywords\":[]},\"meta\":false,\"postlink\":\"https:\/\/www.cykloromantika.cz\/index.php\/pgc_simply_gallery\/xxix-4-den-kralovska-etapa-vyse-to-na-kole-nejde\/foto-2025-0729-17\/\"},{\"id\":9342,\"title\":\"Foto 2025 0729 18\",\"url\":\"https:\/\/www.cykloromantika.cz\/wp-content\/uploads\/2025\/12\/foto-2025-0729-18.jpg\",\"link\":\"https:\/\/www.cykloromantika.cz\/index.php\/pgc_simply_gallery\/xxix-4-den-kralovska-etapa-vyse-to-na-kole-nejde\/foto-2025-0729-18\/\",\"alt\":\"\",\"description\":\"\",\"caption\":\"Studni\u010dn\u00ed hora\",\"mime\":\"image\/jpeg\",\"type\":\"image\",\"width\":1024,\"height\":577,\"sizes\":{\"thumbnail\":{\"height\":85,\"width\":150,\"url\":\"https:\/\/www.cykloromantika.cz\/wp-content\/uploads\/2025\/12\/foto-2025-0729-18-150x85.jpg\",\"orientation\":\"landscape\"},\"medium\":{\"height\":169,\"width\":300,\"url\":\"https:\/\/www.cykloromantika.cz\/wp-content\/uploads\/2025\/12\/foto-2025-0729-18-300x169.jpg\",\"orientation\":\"landscape\"},\"full\":{\"url\":\"https:\/\/www.cykloromantika.cz\/wp-content\/uploads\/2025\/12\/foto-2025-0729-18.jpg\",\"height\":577,\"width\":1024,\"orientation\":\"landscape\"}},\"imageMeta\":{\"aperture\":\"1.8\",\"credit\":\"\",\"camera\":\"Galaxy S23\",\"caption\":\"\",\"created_timestamp\":\"1753800582\",\"copyright\":\"\",\"focal_length\":\"5.4\",\"iso\":\"25\",\"shutter_speed\":\"0.00037332\",\"title\":\"\",\"orientation\":\"0\",\"keywords\":[]},\"meta\":false,\"postlink\":\"https:\/\/www.cykloromantika.cz\/index.php\/pgc_simply_gallery\/xxix-4-den-kralovska-etapa-vyse-to-na-kole-nejde\/foto-2025-0729-18\/\"},{\"id\":9343,\"title\":\"Foto 2025 0729 19\",\"url\":\"https:\/\/www.cykloromantika.cz\/wp-content\/uploads\/2025\/12\/foto-2025-0729-19.jpg\",\"link\":\"https:\/\/www.cykloromantika.cz\/index.php\/pgc_simply_gallery\/xxix-4-den-kralovska-etapa-vyse-to-na-kole-nejde\/foto-2025-0729-19\/\",\"alt\":\"\",\"description\":\"\",\"caption\":\"Tak kde v\u00e1s m\u00e1m?\",\"mime\":\"image\/jpeg\",\"type\":\"image\",\"width\":1024,\"height\":683,\"sizes\":{\"thumbnail\":{\"height\":100,\"width\":150,\"url\":\"https:\/\/www.cykloromantika.cz\/wp-content\/uploads\/2025\/12\/foto-2025-0729-19-150x100.jpg\",\"orientation\":\"landscape\"},\"medium\":{\"height\":200,\"width\":300,\"url\":\"https:\/\/www.cykloromantika.cz\/wp-content\/uploads\/2025\/12\/foto-2025-0729-19-300x200.jpg\",\"orientation\":\"landscape\"},\"full\":{\"url\":\"https:\/\/www.cykloromantika.cz\/wp-content\/uploads\/2025\/12\/foto-2025-0729-19.jpg\",\"height\":683,\"width\":1024,\"orientation\":\"landscape\"}},\"imageMeta\":{\"aperture\":\"1.8\",\"credit\":\"\",\"camera\":\"Galaxy S24\",\"caption\":\"\",\"created_timestamp\":\"1753800582\",\"copyright\":\"\",\"focal_length\":\"5.4\",\"iso\":\"25\",\"shutter_speed\":\"0.000548245\",\"title\":\"\",\"orientation\":\"0\",\"keywords\":[]},\"meta\":false,\"postlink\":\"https:\/\/www.cykloromantika.cz\/index.php\/pgc_simply_gallery\/xxix-4-den-kralovska-etapa-vyse-to-na-kole-nejde\/foto-2025-0729-19\/\"},{\"id\":9344,\"title\":\"Foto 2025 0729 20\",\"url\":\"https:\/\/www.cykloromantika.cz\/wp-content\/uploads\/2025\/12\/foto-2025-0729-20.jpg\",\"link\":\"https:\/\/www.cykloromantika.cz\/index.php\/pgc_simply_gallery\/xxix-4-den-kralovska-etapa-vyse-to-na-kole-nejde\/foto-2025-0729-20\/\",\"alt\":\"\",\"description\":\"\",\"caption\":\"\",\"mime\":\"image\/jpeg\",\"type\":\"image\",\"width\":768,\"height\":1024,\"sizes\":{\"thumbnail\":{\"height\":150,\"width\":113,\"url\":\"https:\/\/www.cykloromantika.cz\/wp-content\/uploads\/2025\/12\/foto-2025-0729-20-113x150.jpg\",\"orientation\":\"portrait\"},\"medium\":{\"height\":300,\"width\":225,\"url\":\"https:\/\/www.cykloromantika.cz\/wp-content\/uploads\/2025\/12\/foto-2025-0729-20-225x300.jpg\",\"orientation\":\"portrait\"},\"full\":{\"url\":\"https:\/\/www.cykloromantika.cz\/wp-content\/uploads\/2025\/12\/foto-2025-0729-20.jpg\",\"height\":1024,\"width\":768,\"orientation\":\"portrait\"}},\"imageMeta\":{\"aperture\":\"1.8\",\"credit\":\"\",\"camera\":\"Galaxy S24\",\"caption\":\"\",\"created_timestamp\":\"1753800585\",\"copyright\":\"\",\"focal_length\":\"5.4\",\"iso\":\"25\",\"shutter_speed\":\"0.000501002\",\"title\":\"\",\"orientation\":\"0\",\"keywords\":[]},\"meta\":false,\"postlink\":\"https:\/\/www.cykloromantika.cz\/index.php\/pgc_simply_gallery\/xxix-4-den-kralovska-etapa-vyse-to-na-kole-nejde\/foto-2025-0729-20\/\"},{\"id\":9345,\"title\":\"Foto 2025 0729 21\",\"url\":\"https:\/\/www.cykloromantika.cz\/wp-content\/uploads\/2025\/12\/foto-2025-0729-21.jpg\",\"link\":\"https:\/\/www.cykloromantika.cz\/index.php\/pgc_simply_gallery\/xxix-4-den-kralovska-etapa-vyse-to-na-kole-nejde\/foto-2025-0729-21\/\",\"alt\":\"\",\"description\":\"\",\"caption\":\"A\u017e se to\u010d\u00ed hlava!\",\"mime\":\"image\/jpeg\",\"type\":\"image\",\"width\":1024,\"height\":454,\"sizes\":{\"thumbnail\":{\"height\":67,\"width\":150,\"url\":\"https:\/\/www.cykloromantika.cz\/wp-content\/uploads\/2025\/12\/foto-2025-0729-21-150x67.jpg\",\"orientation\":\"landscape\"},\"medium\":{\"height\":133,\"width\":300,\"url\":\"https:\/\/www.cykloromantika.cz\/wp-content\/uploads\/2025\/12\/foto-2025-0729-21-300x133.jpg\",\"orientation\":\"landscape\"},\"full\":{\"url\":\"https:\/\/www.cykloromantika.cz\/wp-content\/uploads\/2025\/12\/foto-2025-0729-21.jpg\",\"height\":454,\"width\":1024,\"orientation\":\"landscape\"}},\"imageMeta\":{\"aperture\":\"0\",\"credit\":\"\",\"camera\":\"SM-G991B\",\"caption\":\"\",\"created_timestamp\":\"1753800616\",\"copyright\":\"\",\"focal_length\":\"2.2\",\"iso\":\"0\",\"shutter_speed\":\"0\",\"title\":\"\",\"orientation\":\"0\",\"keywords\":[]},\"meta\":false,\"postlink\":\"https:\/\/www.cykloromantika.cz\/index.php\/pgc_simply_gallery\/xxix-4-den-kralovska-etapa-vyse-to-na-kole-nejde\/foto-2025-0729-21\/\"},{\"id\":9346,\"title\":\"Foto 2025 0729 22\",\"url\":\"https:\/\/www.cykloromantika.cz\/wp-content\/uploads\/2025\/12\/foto-2025-0729-22.jpg\",\"link\":\"https:\/\/www.cykloromantika.cz\/index.php\/pgc_simply_gallery\/xxix-4-den-kralovska-etapa-vyse-to-na-kole-nejde\/foto-2025-0729-22\/\",\"alt\":\"\",\"description\":\"\",\"caption\":\"K Lu\u010dn\u00ed Boud\u011b u\u017e nejedeme!\",\"mime\":\"image\/jpeg\",\"type\":\"image\",\"width\":1024,\"height\":577,\"sizes\":{\"thumbnail\":{\"height\":85,\"width\":150,\"url\":\"https:\/\/www.cykloromantika.cz\/wp-content\/uploads\/2025\/12\/foto-2025-0729-22-150x85.jpg\",\"orientation\":\"landscape\"},\"medium\":{\"height\":169,\"width\":300,\"url\":\"https:\/\/www.cykloromantika.cz\/wp-content\/uploads\/2025\/12\/foto-2025-0729-22-300x169.jpg\",\"orientation\":\"landscape\"},\"full\":{\"url\":\"https:\/\/www.cykloromantika.cz\/wp-content\/uploads\/2025\/12\/foto-2025-0729-22.jpg\",\"height\":577,\"width\":1024,\"orientation\":\"landscape\"}},\"imageMeta\":{\"aperture\":\"1.8\",\"credit\":\"\",\"camera\":\"Galaxy S23\",\"caption\":\"\",\"created_timestamp\":\"1753801148\",\"copyright\":\"\",\"focal_length\":\"5.4\",\"iso\":\"25\",\"shutter_speed\":\"0.000447576\",\"title\":\"\",\"orientation\":\"0\",\"keywords\":[]},\"meta\":false,\"postlink\":\"https:\/\/www.cykloromantika.cz\/index.php\/pgc_simply_gallery\/xxix-4-den-kralovska-etapa-vyse-to-na-kole-nejde\/foto-2025-0729-22\/\"},{\"id\":9347,\"title\":\"Foto 2025 0729 23\",\"url\":\"https:\/\/www.cykloromantika.cz\/wp-content\/uploads\/2025\/12\/foto-2025-0729-23.jpg\",\"link\":\"https:\/\/www.cykloromantika.cz\/index.php\/pgc_simply_gallery\/xxix-4-den-kralovska-etapa-vyse-to-na-kole-nejde\/foto-2025-0729-23\/\",\"alt\":\"\",\"description\":\"\",\"caption\":\"Sn\u011b\u017eka a Slezsk\u00fd d\u016fm\",\"mime\":\"image\/jpeg\",\"type\":\"image\",\"width\":1024,\"height\":577,\"sizes\":{\"thumbnail\":{\"height\":85,\"width\":150,\"url\":\"https:\/\/www.cykloromantika.cz\/wp-content\/uploads\/2025\/12\/foto-2025-0729-23-150x85.jpg\",\"orientation\":\"landscape\"},\"medium\":{\"height\":169,\"width\":300,\"url\":\"https:\/\/www.cykloromantika.cz\/wp-content\/uploads\/2025\/12\/foto-2025-0729-23-300x169.jpg\",\"orientation\":\"landscape\"},\"full\":{\"url\":\"https:\/\/www.cykloromantika.cz\/wp-content\/uploads\/2025\/12\/foto-2025-0729-23.jpg\",\"height\":577,\"width\":1024,\"orientation\":\"landscape\"}},\"imageMeta\":{\"aperture\":\"2.4\",\"credit\":\"\",\"camera\":\"Galaxy S23\",\"caption\":\"\",\"created_timestamp\":\"1753801155\",\"copyright\":\"\",\"focal_length\":\"7\",\"iso\":\"25\",\"shutter_speed\":\"0.000527955\",\"title\":\"\",\"orientation\":\"0\",\"keywords\":[]},\"meta\":false,\"postlink\":\"https:\/\/www.cykloromantika.cz\/index.php\/pgc_simply_gallery\/xxix-4-den-kralovska-etapa-vyse-to-na-kole-nejde\/foto-2025-0729-23\/\"},{\"id\":9348,\"title\":\"Foto 2025 0729 24\",\"url\":\"https:\/\/www.cykloromantika.cz\/wp-content\/uploads\/2025\/12\/foto-2025-0729-24.jpg\",\"link\":\"https:\/\/www.cykloromantika.cz\/index.php\/pgc_simply_gallery\/xxix-4-den-kralovska-etapa-vyse-to-na-kole-nejde\/foto-2025-0729-24\/\",\"alt\":\"\",\"description\":\"\",\"caption\":\"Kapli\u010dka \u2013 pam\u00e1tn\u00edk ob\u011btem hor\",\"mime\":\"image\/jpeg\",\"type\":\"image\",\"width\":1024,\"height\":577,\"sizes\":{\"thumbnail\":{\"height\":85,\"width\":150,\"url\":\"https:\/\/www.cykloromantika.cz\/wp-content\/uploads\/2025\/12\/foto-2025-0729-24-150x85.jpg\",\"orientation\":\"landscape\"},\"medium\":{\"height\":169,\"width\":300,\"url\":\"https:\/\/www.cykloromantika.cz\/wp-content\/uploads\/2025\/12\/foto-2025-0729-24-300x169.jpg\",\"orientation\":\"landscape\"},\"full\":{\"url\":\"https:\/\/www.cykloromantika.cz\/wp-content\/uploads\/2025\/12\/foto-2025-0729-24.jpg\",\"height\":577,\"width\":1024,\"orientation\":\"landscape\"}},\"imageMeta\":{\"aperture\":\"1.8\",\"credit\":\"\",\"camera\":\"Galaxy S23\",\"caption\":\"\",\"created_timestamp\":\"1753801178\",\"copyright\":\"\",\"focal_length\":\"5.4\",\"iso\":\"25\",\"shutter_speed\":\"0.000529386\",\"title\":\"\",\"orientation\":\"0\",\"keywords\":[]},\"meta\":false,\"postlink\":\"https:\/\/www.cykloromantika.cz\/index.php\/pgc_simply_gallery\/xxix-4-den-kralovska-etapa-vyse-to-na-kole-nejde\/foto-2025-0729-24\/\"},{\"id\":9349,\"title\":\"Foto 2025 0729 25\",\"url\":\"https:\/\/www.cykloromantika.cz\/wp-content\/uploads\/2025\/12\/foto-2025-0729-25.jpg\",\"link\":\"https:\/\/www.cykloromantika.cz\/index.php\/pgc_simply_gallery\/xxix-4-den-kralovska-etapa-vyse-to-na-kole-nejde\/foto-2025-0729-25\/\",\"alt\":\"\",\"description\":\"\",\"caption\":\"\",\"mime\":\"image\/jpeg\",\"type\":\"image\",\"width\":1024,\"height\":576,\"sizes\":{\"thumbnail\":{\"height\":84,\"width\":150,\"url\":\"https:\/\/www.cykloromantika.cz\/wp-content\/uploads\/2025\/12\/foto-2025-0729-25-150x84.jpg\",\"orientation\":\"landscape\"},\"medium\":{\"height\":169,\"width\":300,\"url\":\"https:\/\/www.cykloromantika.cz\/wp-content\/uploads\/2025\/12\/foto-2025-0729-25-300x169.jpg\",\"orientation\":\"landscape\"},\"full\":{\"url\":\"https:\/\/www.cykloromantika.cz\/wp-content\/uploads\/2025\/12\/foto-2025-0729-25.jpg\",\"height\":576,\"width\":1024,\"orientation\":\"landscape\"}},\"imageMeta\":{\"aperture\":\"1.8\",\"credit\":\"\",\"camera\":\"Galaxy S24\",\"caption\":\"\",\"created_timestamp\":\"1753801203\",\"copyright\":\"\",\"focal_length\":\"5.4\",\"iso\":\"25\",\"shutter_speed\":\"0.000464684\",\"title\":\"\",\"orientation\":\"0\",\"keywords\":[]},\"meta\":false,\"postlink\":\"https:\/\/www.cykloromantika.cz\/index.php\/pgc_simply_gallery\/xxix-4-den-kralovska-etapa-vyse-to-na-kole-nejde\/foto-2025-0729-25\/\"},{\"id\":9350,\"title\":\"Foto 2025 0729 26\",\"url\":\"https:\/\/www.cykloromantika.cz\/wp-content\/uploads\/2025\/12\/foto-2025-0729-26.jpg\",\"link\":\"https:\/\/www.cykloromantika.cz\/index.php\/pgc_simply_gallery\/xxix-4-den-kralovska-etapa-vyse-to-na-kole-nejde\/foto-2025-0729-26\/\",\"alt\":\"\",\"description\":\"\",\"caption\":\"Ob\u011bti Krkono\u0161\",\"mime\":\"image\/jpeg\",\"type\":\"image\",\"width\":768,\"height\":1024,\"sizes\":{\"thumbnail\":{\"height\":150,\"width\":113,\"url\":\"https:\/\/www.cykloromantika.cz\/wp-content\/uploads\/2025\/12\/foto-2025-0729-26-113x150.jpg\",\"orientation\":\"portrait\"},\"medium\":{\"height\":300,\"width\":225,\"url\":\"https:\/\/www.cykloromantika.cz\/wp-content\/uploads\/2025\/12\/foto-2025-0729-26-225x300.jpg\",\"orientation\":\"portrait\"},\"full\":{\"url\":\"https:\/\/www.cykloromantika.cz\/wp-content\/uploads\/2025\/12\/foto-2025-0729-26.jpg\",\"height\":1024,\"width\":768,\"orientation\":\"portrait\"}},\"imageMeta\":{\"aperture\":\"1.8\",\"credit\":\"\",\"camera\":\"SM-G991B\",\"caption\":\"\",\"created_timestamp\":\"1753801259\",\"copyright\":\"\",\"focal_length\":\"5.4\",\"iso\":\"100\",\"shutter_speed\":\"0.01\",\"title\":\"\",\"orientation\":\"0\",\"keywords\":[]},\"meta\":false,\"postlink\":\"https:\/\/www.cykloromantika.cz\/index.php\/pgc_simply_gallery\/xxix-4-den-kralovska-etapa-vyse-to-na-kole-nejde\/foto-2025-0729-26\/\"},{\"id\":9351,\"title\":\"Foto 2025 0729 27\",\"url\":\"https:\/\/www.cykloromantika.cz\/wp-content\/uploads\/2025\/12\/foto-2025-0729-27.jpg\",\"link\":\"https:\/\/www.cykloromantika.cz\/index.php\/pgc_simply_gallery\/xxix-4-den-kralovska-etapa-vyse-to-na-kole-nejde\/foto-2025-0729-27\/\",\"alt\":\"\",\"description\":\"\",\"caption\":\"Vrcholov\u00e1!\",\"mime\":\"image\/jpeg\",\"type\":\"image\",\"width\":1024,\"height\":683,\"sizes\":{\"thumbnail\":{\"height\":100,\"width\":150,\"url\":\"https:\/\/www.cykloromantika.cz\/wp-content\/uploads\/2025\/12\/foto-2025-0729-27-150x100.jpg\",\"orientation\":\"landscape\"},\"medium\":{\"height\":200,\"width\":300,\"url\":\"https:\/\/www.cykloromantika.cz\/wp-content\/uploads\/2025\/12\/foto-2025-0729-27-300x200.jpg\",\"orientation\":\"landscape\"},\"full\":{\"url\":\"https:\/\/www.cykloromantika.cz\/wp-content\/uploads\/2025\/12\/foto-2025-0729-27.jpg\",\"height\":683,\"width\":1024,\"orientation\":\"landscape\"}},\"imageMeta\":{\"aperture\":\"1.8\",\"credit\":\"\",\"camera\":\"SM-G991B\",\"caption\":\"\",\"created_timestamp\":\"1753801364\",\"copyright\":\"\",\"focal_length\":\"5.4\",\"iso\":\"50\",\"shutter_speed\":\"0.00033512\",\"title\":\"\",\"orientation\":\"0\",\"keywords\":[]},\"meta\":false,\"postlink\":\"https:\/\/www.cykloromantika.cz\/index.php\/pgc_simply_gallery\/xxix-4-den-kralovska-etapa-vyse-to-na-kole-nejde\/foto-2025-0729-27\/\"},{\"id\":9352,\"title\":\"Foto 2025 0729 28\",\"url\":\"https:\/\/www.cykloromantika.cz\/wp-content\/uploads\/2025\/12\/foto-2025-0729-28.jpg\",\"link\":\"https:\/\/www.cykloromantika.cz\/index.php\/pgc_simply_gallery\/xxix-4-den-kralovska-etapa-vyse-to-na-kole-nejde\/foto-2025-0729-28\/\",\"alt\":\"\",\"description\":\"\",\"caption\":\"Na zah\u0159\u00e1t\u00ed!\",\"mime\":\"image\/jpeg\",\"type\":\"image\",\"width\":768,\"height\":1024,\"sizes\":{\"thumbnail\":{\"height\":150,\"width\":113,\"url\":\"https:\/\/www.cykloromantika.cz\/wp-content\/uploads\/2025\/12\/foto-2025-0729-28-113x150.jpg\",\"orientation\":\"portrait\"},\"medium\":{\"height\":300,\"width\":225,\"url\":\"https:\/\/www.cykloromantika.cz\/wp-content\/uploads\/2025\/12\/foto-2025-0729-28-225x300.jpg\",\"orientation\":\"portrait\"},\"full\":{\"url\":\"https:\/\/www.cykloromantika.cz\/wp-content\/uploads\/2025\/12\/foto-2025-0729-28.jpg\",\"height\":1024,\"width\":768,\"orientation\":\"portrait\"}},\"imageMeta\":{\"aperture\":\"1.8\",\"credit\":\"\",\"camera\":\"Galaxy S24\",\"caption\":\"\",\"created_timestamp\":\"1753801435\",\"copyright\":\"\",\"focal_length\":\"5.4\",\"iso\":\"25\",\"shutter_speed\":\"0.000551876\",\"title\":\"\",\"orientation\":\"0\",\"keywords\":[]},\"meta\":false,\"postlink\":\"https:\/\/www.cykloromantika.cz\/index.php\/pgc_simply_gallery\/xxix-4-den-kralovska-etapa-vyse-to-na-kole-nejde\/foto-2025-0729-28\/\"},{\"id\":9353,\"title\":\"Foto 2025 0729 29\",\"url\":\"https:\/\/www.cykloromantika.cz\/wp-content\/uploads\/2025\/12\/foto-2025-0729-29.jpg\",\"link\":\"https:\/\/www.cykloromantika.cz\/index.php\/pgc_simply_gallery\/xxix-4-den-kralovska-etapa-vyse-to-na-kole-nejde\/foto-2025-0729-29\/\",\"alt\":\"\",\"description\":\"\",\"caption\":\"P\u0159e\u017eijeme!\",\"mime\":\"image\/jpeg\",\"type\":\"image\",\"width\":1024,\"height\":768,\"sizes\":{\"thumbnail\":{\"height\":113,\"width\":150,\"url\":\"https:\/\/www.cykloromantika.cz\/wp-content\/uploads\/2025\/12\/foto-2025-0729-29-150x113.jpg\",\"orientation\":\"landscape\"},\"medium\":{\"height\":225,\"width\":300,\"url\":\"https:\/\/www.cykloromantika.cz\/wp-content\/uploads\/2025\/12\/foto-2025-0729-29-300x225.jpg\",\"orientation\":\"landscape\"},\"full\":{\"url\":\"https:\/\/www.cykloromantika.cz\/wp-content\/uploads\/2025\/12\/foto-2025-0729-29.jpg\",\"height\":768,\"width\":1024,\"orientation\":\"landscape\"}},\"imageMeta\":{\"aperture\":\"1.8\",\"credit\":\"\",\"camera\":\"SM-G991B\",\"caption\":\"\",\"created_timestamp\":\"1753801659\",\"copyright\":\"\",\"focal_length\":\"5.4\",\"iso\":\"50\",\"shutter_speed\":\"0.000274122\",\"title\":\"\",\"orientation\":\"0\",\"keywords\":[]},\"meta\":false,\"postlink\":\"https:\/\/www.cykloromantika.cz\/index.php\/pgc_simply_gallery\/xxix-4-den-kralovska-etapa-vyse-to-na-kole-nejde\/foto-2025-0729-29\/\"},{\"id\":9354,\"title\":\"Foto 2025 0729 30\",\"url\":\"https:\/\/www.cykloromantika.cz\/wp-content\/uploads\/2025\/12\/foto-2025-0729-30.jpg\",\"link\":\"https:\/\/www.cykloromantika.cz\/index.php\/pgc_simply_gallery\/xxix-4-den-kralovska-etapa-vyse-to-na-kole-nejde\/foto-2025-0729-30\/\",\"alt\":\"\",\"description\":\"\",\"caption\":\"V\u00fdhled na \u010cernou horu\",\"mime\":\"image\/jpeg\",\"type\":\"image\",\"width\":1024,\"height\":682,\"sizes\":{\"thumbnail\":{\"height\":100,\"width\":150,\"url\":\"https:\/\/www.cykloromantika.cz\/wp-content\/uploads\/2025\/12\/foto-2025-0729-30-150x100.jpg\",\"orientation\":\"landscape\"},\"medium\":{\"height\":200,\"width\":300,\"url\":\"https:\/\/www.cykloromantika.cz\/wp-content\/uploads\/2025\/12\/foto-2025-0729-30-300x200.jpg\",\"orientation\":\"landscape\"},\"full\":{\"url\":\"https:\/\/www.cykloromantika.cz\/wp-content\/uploads\/2025\/12\/foto-2025-0729-30.jpg\",\"height\":682,\"width\":1024,\"orientation\":\"landscape\"}},\"imageMeta\":{\"aperture\":\"1.8\",\"credit\":\"\",\"camera\":\"Galaxy S24\",\"caption\":\"\",\"created_timestamp\":\"1753801884\",\"copyright\":\"\",\"focal_length\":\"5.4\",\"iso\":\"25\",\"shutter_speed\":\"0.000634517\",\"title\":\"\",\"orientation\":\"0\",\"keywords\":[]},\"meta\":false,\"postlink\":\"https:\/\/www.cykloromantika.cz\/index.php\/pgc_simply_gallery\/xxix-4-den-kralovska-etapa-vyse-to-na-kole-nejde\/foto-2025-0729-30\/\"},{\"id\":9355,\"title\":\"Foto 2025 0729 31\",\"url\":\"https:\/\/www.cykloromantika.cz\/wp-content\/uploads\/2025\/12\/foto-2025-0729-31.jpg\",\"link\":\"https:\/\/www.cykloromantika.cz\/index.php\/pgc_simply_gallery\/xxix-4-den-kralovska-etapa-vyse-to-na-kole-nejde\/foto-2025-0729-31\/\",\"alt\":\"\",\"description\":\"\",\"caption\":\"Opatrn\u011b sj\u00ed\u017ed\u00edme zp\u011bt k V\u00fdrovce.\",\"mime\":\"image\/jpeg\",\"type\":\"image\",\"width\":1024,\"height\":683,\"sizes\":{\"thumbnail\":{\"height\":100,\"width\":150,\"url\":\"https:\/\/www.cykloromantika.cz\/wp-content\/uploads\/2025\/12\/foto-2025-0729-31-150x100.jpg\",\"orientation\":\"landscape\"},\"medium\":{\"height\":200,\"width\":300,\"url\":\"https:\/\/www.cykloromantika.cz\/wp-content\/uploads\/2025\/12\/foto-2025-0729-31-300x200.jpg\",\"orientation\":\"landscape\"},\"full\":{\"url\":\"https:\/\/www.cykloromantika.cz\/wp-content\/uploads\/2025\/12\/foto-2025-0729-31.jpg\",\"height\":683,\"width\":1024,\"orientation\":\"landscape\"}},\"imageMeta\":{\"aperture\":\"1.8\",\"credit\":\"\",\"camera\":\"Galaxy S24\",\"caption\":\"\",\"created_timestamp\":\"1753801888\",\"copyright\":\"\",\"focal_length\":\"5.4\",\"iso\":\"25\",\"shutter_speed\":\"0.000523012\",\"title\":\"\",\"orientation\":\"0\",\"keywords\":[]},\"meta\":false,\"postlink\":\"https:\/\/www.cykloromantika.cz\/index.php\/pgc_simply_gallery\/xxix-4-den-kralovska-etapa-vyse-to-na-kole-nejde\/foto-2025-0729-31\/\"},{\"id\":9356,\"title\":\"Foto 2025 0729 32\",\"url\":\"https:\/\/www.cykloromantika.cz\/wp-content\/uploads\/2025\/12\/foto-2025-0729-32.jpg\",\"link\":\"https:\/\/www.cykloromantika.cz\/index.php\/pgc_simply_gallery\/xxix-4-den-kralovska-etapa-vyse-to-na-kole-nejde\/foto-2025-0729-32\/\",\"alt\":\"\",\"description\":\"\",\"caption\":\"Na Rozcest\u00ed\",\"mime\":\"image\/jpeg\",\"type\":\"image\",\"width\":1024,\"height\":683,\"sizes\":{\"thumbnail\":{\"height\":100,\"width\":150,\"url\":\"https:\/\/www.cykloromantika.cz\/wp-content\/uploads\/2025\/12\/foto-2025-0729-32-150x100.jpg\",\"orientation\":\"landscape\"},\"medium\":{\"height\":200,\"width\":300,\"url\":\"https:\/\/www.cykloromantika.cz\/wp-content\/uploads\/2025\/12\/foto-2025-0729-32-300x200.jpg\",\"orientation\":\"landscape\"},\"full\":{\"url\":\"https:\/\/www.cykloromantika.cz\/wp-content\/uploads\/2025\/12\/foto-2025-0729-32.jpg\",\"height\":683,\"width\":1024,\"orientation\":\"landscape\"}},\"imageMeta\":{\"aperture\":\"1.8\",\"credit\":\"\",\"camera\":\"Galaxy S24\",\"caption\":\"\",\"created_timestamp\":\"1753802428\",\"copyright\":\"\",\"focal_length\":\"5.4\",\"iso\":\"25\",\"shutter_speed\":\"0.000441696\",\"title\":\"\",\"orientation\":\"0\",\"keywords\":[]},\"meta\":false,\"postlink\":\"https:\/\/www.cykloromantika.cz\/index.php\/pgc_simply_gallery\/xxix-4-den-kralovska-etapa-vyse-to-na-kole-nejde\/foto-2025-0729-32\/\"},{\"id\":9357,\"title\":\"Foto 2025 0729 33\",\"url\":\"https:\/\/www.cykloromantika.cz\/wp-content\/uploads\/2025\/12\/foto-2025-0729-33.jpg\",\"link\":\"https:\/\/www.cykloromantika.cz\/index.php\/pgc_simply_gallery\/xxix-4-den-kralovska-etapa-vyse-to-na-kole-nejde\/foto-2025-0729-33\/\",\"alt\":\"\",\"description\":\"\",\"caption\":\"Zadn\u00ed Rennerovky\",\"mime\":\"image\/jpeg\",\"type\":\"image\",\"width\":1024,\"height\":577,\"sizes\":{\"thumbnail\":{\"height\":85,\"width\":150,\"url\":\"https:\/\/www.cykloromantika.cz\/wp-content\/uploads\/2025\/12\/foto-2025-0729-33-150x85.jpg\",\"orientation\":\"landscape\"},\"medium\":{\"height\":169,\"width\":300,\"url\":\"https:\/\/www.cykloromantika.cz\/wp-content\/uploads\/2025\/12\/foto-2025-0729-33-300x169.jpg\",\"orientation\":\"landscape\"},\"full\":{\"url\":\"https:\/\/www.cykloromantika.cz\/wp-content\/uploads\/2025\/12\/foto-2025-0729-33.jpg\",\"height\":577,\"width\":1024,\"orientation\":\"landscape\"}},\"imageMeta\":{\"aperture\":\"1.8\",\"credit\":\"\",\"camera\":\"Galaxy S23\",\"caption\":\"\",\"created_timestamp\":\"1753802873\",\"copyright\":\"\",\"focal_length\":\"5.4\",\"iso\":\"25\",\"shutter_speed\":\"0.000310542\",\"title\":\"\",\"orientation\":\"0\",\"keywords\":[]},\"meta\":false,\"postlink\":\"https:\/\/www.cykloromantika.cz\/index.php\/pgc_simply_gallery\/xxix-4-den-kralovska-etapa-vyse-to-na-kole-nejde\/foto-2025-0729-33\/\"},{\"id\":9358,\"title\":\"Foto 2025 0729 34\",\"url\":\"https:\/\/www.cykloromantika.cz\/wp-content\/uploads\/2025\/12\/foto-2025-0729-34.jpg\",\"link\":\"https:\/\/www.cykloromantika.cz\/index.php\/pgc_simply_gallery\/xxix-4-den-kralovska-etapa-vyse-to-na-kole-nejde\/foto-2025-0729-34\/\",\"alt\":\"\",\"description\":\"\",\"caption\":\"Zadn\u00ed Rennerovky\",\"mime\":\"image\/jpeg\",\"type\":\"image\",\"width\":1024,\"height\":577,\"sizes\":{\"thumbnail\":{\"height\":85,\"width\":150,\"url\":\"https:\/\/www.cykloromantika.cz\/wp-content\/uploads\/2025\/12\/foto-2025-0729-34-150x85.jpg\",\"orientation\":\"landscape\"},\"medium\":{\"height\":169,\"width\":300,\"url\":\"https:\/\/www.cykloromantika.cz\/wp-content\/uploads\/2025\/12\/foto-2025-0729-34-300x169.jpg\",\"orientation\":\"landscape\"},\"full\":{\"url\":\"https:\/\/www.cykloromantika.cz\/wp-content\/uploads\/2025\/12\/foto-2025-0729-34.jpg\",\"height\":577,\"width\":1024,\"orientation\":\"landscape\"}},\"imageMeta\":{\"aperture\":\"1.8\",\"credit\":\"\",\"camera\":\"Galaxy S23\",\"caption\":\"\",\"created_timestamp\":\"1753802878\",\"copyright\":\"\",\"focal_length\":\"5.4\",\"iso\":\"25\",\"shutter_speed\":\"0.000236241\",\"title\":\"\",\"orientation\":\"0\",\"keywords\":[]},\"meta\":false,\"postlink\":\"https:\/\/www.cykloromantika.cz\/index.php\/pgc_simply_gallery\/xxix-4-den-kralovska-etapa-vyse-to-na-kole-nejde\/foto-2025-0729-34\/\"},{\"id\":9359,\"title\":\"Foto 2025 0729 35\",\"url\":\"https:\/\/www.cykloromantika.cz\/wp-content\/uploads\/2025\/12\/foto-2025-0729-35.jpg\",\"link\":\"https:\/\/www.cykloromantika.cz\/index.php\/pgc_simply_gallery\/xxix-4-den-kralovska-etapa-vyse-to-na-kole-nejde\/foto-2025-0729-35\/\",\"alt\":\"\",\"description\":\"\",\"caption\":\"Srnka na Li\u0161\u010d\u00ed stezce\",\"mime\":\"image\/jpeg\",\"type\":\"image\",\"width\":683,\"height\":1024,\"sizes\":{\"thumbnail\":{\"height\":150,\"width\":100,\"url\":\"https:\/\/www.cykloromantika.cz\/wp-content\/uploads\/2025\/12\/foto-2025-0729-35-100x150.jpg\",\"orientation\":\"portrait\"},\"medium\":{\"height\":300,\"width\":200,\"url\":\"https:\/\/www.cykloromantika.cz\/wp-content\/uploads\/2025\/12\/foto-2025-0729-35-200x300.jpg\",\"orientation\":\"portrait\"},\"full\":{\"url\":\"https:\/\/www.cykloromantika.cz\/wp-content\/uploads\/2025\/12\/foto-2025-0729-35.jpg\",\"height\":1024,\"width\":683,\"orientation\":\"portrait\"}},\"imageMeta\":{\"aperture\":\"2.4\",\"credit\":\"\",\"camera\":\"Galaxy S23\",\"caption\":\"\",\"created_timestamp\":\"1753804014\",\"copyright\":\"\",\"focal_length\":\"7\",\"iso\":\"25\",\"shutter_speed\":\"0.000597982\",\"title\":\"\",\"orientation\":\"0\",\"keywords\":[]},\"meta\":false,\"postlink\":\"https:\/\/www.cykloromantika.cz\/index.php\/pgc_simply_gallery\/xxix-4-den-kralovska-etapa-vyse-to-na-kole-nejde\/foto-2025-0729-35\/\"},{\"id\":9360,\"title\":\"Foto 2025 0729 36\",\"url\":\"https:\/\/www.cykloromantika.cz\/wp-content\/uploads\/2025\/12\/foto-2025-0729-36.jpg\",\"link\":\"https:\/\/www.cykloromantika.cz\/index.php\/pgc_simply_gallery\/xxix-4-den-kralovska-etapa-vyse-to-na-kole-nejde\/foto-2025-0729-36\/\",\"alt\":\"\",\"description\":\"\",\"caption\":\"Rozcest\u00ed Pod Lesn\u00ed Boudou\",\"mime\":\"image\/jpeg\",\"type\":\"image\",\"width\":1024,\"height\":577,\"sizes\":{\"thumbnail\":{\"height\":85,\"width\":150,\"url\":\"https:\/\/www.cykloromantika.cz\/wp-content\/uploads\/2025\/12\/foto-2025-0729-36-150x85.jpg\",\"orientation\":\"landscape\"},\"medium\":{\"height\":169,\"width\":300,\"url\":\"https:\/\/www.cykloromantika.cz\/wp-content\/uploads\/2025\/12\/foto-2025-0729-36-300x169.jpg\",\"orientation\":\"landscape\"},\"full\":{\"url\":\"https:\/\/www.cykloromantika.cz\/wp-content\/uploads\/2025\/12\/foto-2025-0729-36.jpg\",\"height\":577,\"width\":1024,\"orientation\":\"landscape\"}},\"imageMeta\":{\"aperture\":\"1.8\",\"credit\":\"\",\"camera\":\"Galaxy S23\",\"caption\":\"\",\"created_timestamp\":\"1753805611\",\"copyright\":\"\",\"focal_length\":\"5.4\",\"iso\":\"25\",\"shutter_speed\":\"0.00283681\",\"title\":\"\",\"orientation\":\"0\",\"keywords\":[]},\"meta\":false,\"postlink\":\"https:\/\/www.cykloromantika.cz\/index.php\/pgc_simply_gallery\/xxix-4-den-kralovska-etapa-vyse-to-na-kole-nejde\/foto-2025-0729-36\/\"},{\"id\":9361,\"title\":\"Foto 2025 0729 37\",\"url\":\"https:\/\/www.cykloromantika.cz\/wp-content\/uploads\/2025\/12\/foto-2025-0729-37.jpg\",\"link\":\"https:\/\/www.cykloromantika.cz\/index.php\/pgc_simply_gallery\/xxix-4-den-kralovska-etapa-vyse-to-na-kole-nejde\/foto-2025-0729-37\/\",\"alt\":\"\",\"description\":\"\",\"caption\":\"U Hrn\u010d\u00ed\u0159sk\u00fdch Bud se pt\u00e1me na cestu!\",\"mime\":\"image\/jpeg\",\"type\":\"image\",\"width\":1024,\"height\":683,\"sizes\":{\"thumbnail\":{\"height\":100,\"width\":150,\"url\":\"https:\/\/www.cykloromantika.cz\/wp-content\/uploads\/2025\/12\/foto-2025-0729-37-150x100.jpg\",\"orientation\":\"landscape\"},\"medium\":{\"height\":200,\"width\":300,\"url\":\"https:\/\/www.cykloromantika.cz\/wp-content\/uploads\/2025\/12\/foto-2025-0729-37-300x200.jpg\",\"orientation\":\"landscape\"},\"full\":{\"url\":\"https:\/\/www.cykloromantika.cz\/wp-content\/uploads\/2025\/12\/foto-2025-0729-37.jpg\",\"height\":683,\"width\":1024,\"orientation\":\"landscape\"}},\"imageMeta\":{\"aperture\":\"1.8\",\"credit\":\"\",\"camera\":\"Galaxy S24\",\"caption\":\"\",\"created_timestamp\":\"1753805852\",\"copyright\":\"\",\"focal_length\":\"5.4\",\"iso\":\"25\",\"shutter_speed\":\"0.001028806\",\"title\":\"\",\"orientation\":\"0\",\"keywords\":[]},\"meta\":false,\"postlink\":\"https:\/\/www.cykloromantika.cz\/index.php\/pgc_simply_gallery\/xxix-4-den-kralovska-etapa-vyse-to-na-kole-nejde\/foto-2025-0729-37\/\"},{\"id\":9362,\"title\":\"Foto 2025 0729 38\",\"url\":\"https:\/\/www.cykloromantika.cz\/wp-content\/uploads\/2025\/12\/foto-2025-0729-38.jpg\",\"link\":\"https:\/\/www.cykloromantika.cz\/index.php\/pgc_simply_gallery\/xxix-4-den-kralovska-etapa-vyse-to-na-kole-nejde\/foto-2025-0729-38\/\",\"alt\":\"\",\"description\":\"\",\"caption\":\"Pra\u017esk\u00e1 Bouda\",\"mime\":\"image\/jpeg\",\"type\":\"image\",\"width\":1024,\"height\":768,\"sizes\":{\"thumbnail\":{\"height\":113,\"width\":150,\"url\":\"https:\/\/www.cykloromantika.cz\/wp-content\/uploads\/2025\/12\/foto-2025-0729-38-150x113.jpg\",\"orientation\":\"landscape\"},\"medium\":{\"height\":225,\"width\":300,\"url\":\"https:\/\/www.cykloromantika.cz\/wp-content\/uploads\/2025\/12\/foto-2025-0729-38-300x225.jpg\",\"orientation\":\"landscape\"},\"full\":{\"url\":\"https:\/\/www.cykloromantika.cz\/wp-content\/uploads\/2025\/12\/foto-2025-0729-38.jpg\",\"height\":768,\"width\":1024,\"orientation\":\"landscape\"}},\"imageMeta\":{\"aperture\":\"1.8\",\"credit\":\"\",\"camera\":\"Galaxy S24\",\"caption\":\"\",\"created_timestamp\":\"1753806537\",\"copyright\":\"\",\"focal_length\":\"5.4\",\"iso\":\"25\",\"shutter_speed\":\"0.000943396\",\"title\":\"\",\"orientation\":\"0\",\"keywords\":[]},\"meta\":false,\"postlink\":\"https:\/\/www.cykloromantika.cz\/index.php\/pgc_simply_gallery\/xxix-4-den-kralovska-etapa-vyse-to-na-kole-nejde\/foto-2025-0729-38\/\"},{\"id\":9363,\"title\":\"Foto 2025 0729 39\",\"url\":\"https:\/\/www.cykloromantika.cz\/wp-content\/uploads\/2025\/12\/foto-2025-0729-39.jpg\",\"link\":\"https:\/\/www.cykloromantika.cz\/index.php\/pgc_simply_gallery\/xxix-4-den-kralovska-etapa-vyse-to-na-kole-nejde\/foto-2025-0729-39\/\",\"alt\":\"\",\"description\":\"\",\"caption\":\"Hrdinov\u00e9 hor!\",\"mime\":\"image\/jpeg\",\"type\":\"image\",\"width\":768,\"height\":1024,\"sizes\":{\"thumbnail\":{\"height\":150,\"width\":113,\"url\":\"https:\/\/www.cykloromantika.cz\/wp-content\/uploads\/2025\/12\/foto-2025-0729-39-113x150.jpg\",\"orientation\":\"portrait\"},\"medium\":{\"height\":300,\"width\":225,\"url\":\"https:\/\/www.cykloromantika.cz\/wp-content\/uploads\/2025\/12\/foto-2025-0729-39-225x300.jpg\",\"orientation\":\"portrait\"},\"full\":{\"url\":\"https:\/\/www.cykloromantika.cz\/wp-content\/uploads\/2025\/12\/foto-2025-0729-39.jpg\",\"height\":1024,\"width\":768,\"orientation\":\"portrait\"}},\"imageMeta\":{\"aperture\":\"1.8\",\"credit\":\"\",\"camera\":\"Galaxy S24\",\"caption\":\"\",\"created_timestamp\":\"1753806556\",\"copyright\":\"\",\"focal_length\":\"5.4\",\"iso\":\"25\",\"shutter_speed\":\"0.001256281\",\"title\":\"\",\"orientation\":\"0\",\"keywords\":[]},\"meta\":false,\"postlink\":\"https:\/\/www.cykloromantika.cz\/index.php\/pgc_simply_gallery\/xxix-4-den-kralovska-etapa-vyse-to-na-kole-nejde\/foto-2025-0729-39\/\"},{\"id\":9364,\"title\":\"Foto 2025 0729 40\",\"url\":\"https:\/\/www.cykloromantika.cz\/wp-content\/uploads\/2025\/12\/foto-2025-0729-40.jpg\",\"link\":\"https:\/\/www.cykloromantika.cz\/index.php\/pgc_simply_gallery\/xxix-4-den-kralovska-etapa-vyse-to-na-kole-nejde\/foto-2025-0729-40\/\",\"alt\":\"\",\"description\":\"\",\"caption\":\"Chvilka odpo\u010dinku a hled\u00e1n\u00ed v map\u011b.\",\"mime\":\"image\/jpeg\",\"type\":\"image\",\"width\":768,\"height\":1024,\"sizes\":{\"thumbnail\":{\"height\":150,\"width\":113,\"url\":\"https:\/\/www.cykloromantika.cz\/wp-content\/uploads\/2025\/12\/foto-2025-0729-40-113x150.jpg\",\"orientation\":\"portrait\"},\"medium\":{\"height\":300,\"width\":225,\"url\":\"https:\/\/www.cykloromantika.cz\/wp-content\/uploads\/2025\/12\/foto-2025-0729-40-225x300.jpg\",\"orientation\":\"portrait\"},\"full\":{\"url\":\"https:\/\/www.cykloromantika.cz\/wp-content\/uploads\/2025\/12\/foto-2025-0729-40.jpg\",\"height\":1024,\"width\":768,\"orientation\":\"portrait\"}},\"imageMeta\":{\"aperture\":\"1.8\",\"credit\":\"\",\"camera\":\"Galaxy S24\",\"caption\":\"\",\"created_timestamp\":\"1753807009\",\"copyright\":\"\",\"focal_length\":\"5.4\",\"iso\":\"25\",\"shutter_speed\":\"0.001633986\",\"title\":\"\",\"orientation\":\"0\",\"keywords\":[]},\"meta\":false,\"postlink\":\"https:\/\/www.cykloromantika.cz\/index.php\/pgc_simply_gallery\/xxix-4-den-kralovska-etapa-vyse-to-na-kole-nejde\/foto-2025-0729-40\/\"},{\"id\":9365,\"title\":\"Foto 2025 0729 41\",\"url\":\"https:\/\/www.cykloromantika.cz\/wp-content\/uploads\/2025\/12\/foto-2025-0729-41.jpg\",\"link\":\"https:\/\/www.cykloromantika.cz\/index.php\/pgc_simply_gallery\/xxix-4-den-kralovska-etapa-vyse-to-na-kole-nejde\/foto-2025-0729-41\/\",\"alt\":\"\",\"description\":\"\",\"caption\":\"Sn\u011b\u017eka\",\"mime\":\"image\/jpeg\",\"type\":\"image\",\"width\":1024,\"height\":577,\"sizes\":{\"thumbnail\":{\"height\":85,\"width\":150,\"url\":\"https:\/\/www.cykloromantika.cz\/wp-content\/uploads\/2025\/12\/foto-2025-0729-41-150x85.jpg\",\"orientation\":\"landscape\"},\"medium\":{\"height\":169,\"width\":300,\"url\":\"https:\/\/www.cykloromantika.cz\/wp-content\/uploads\/2025\/12\/foto-2025-0729-41-300x169.jpg\",\"orientation\":\"landscape\"},\"full\":{\"url\":\"https:\/\/www.cykloromantika.cz\/wp-content\/uploads\/2025\/12\/foto-2025-0729-41.jpg\",\"height\":577,\"width\":1024,\"orientation\":\"landscape\"}},\"imageMeta\":{\"aperture\":\"2.4\",\"credit\":\"\",\"camera\":\"Galaxy S23\",\"caption\":\"\",\"created_timestamp\":\"1753810905\",\"copyright\":\"\",\"focal_length\":\"7\",\"iso\":\"25\",\"shutter_speed\":\"0.000937319\",\"title\":\"\",\"orientation\":\"0\",\"keywords\":[]},\"meta\":false,\"postlink\":\"https:\/\/www.cykloromantika.cz\/index.php\/pgc_simply_gallery\/xxix-4-den-kralovska-etapa-vyse-to-na-kole-nejde\/foto-2025-0729-41\/\"},{\"id\":9366,\"title\":\"Foto 2025 0729 42\",\"url\":\"https:\/\/www.cykloromantika.cz\/wp-content\/uploads\/2025\/12\/foto-2025-0729-42.jpg\",\"link\":\"https:\/\/www.cykloromantika.cz\/index.php\/pgc_simply_gallery\/xxix-4-den-kralovska-etapa-vyse-to-na-kole-nejde\/foto-2025-0729-42\/\",\"alt\":\"\",\"description\":\"\",\"caption\":\"Pod \u010cernou horou\",\"mime\":\"image\/jpeg\",\"type\":\"image\",\"width\":768,\"height\":1024,\"sizes\":{\"thumbnail\":{\"height\":150,\"width\":113,\"url\":\"https:\/\/www.cykloromantika.cz\/wp-content\/uploads\/2025\/12\/foto-2025-0729-42-113x150.jpg\",\"orientation\":\"portrait\"},\"medium\":{\"height\":300,\"width\":225,\"url\":\"https:\/\/www.cykloromantika.cz\/wp-content\/uploads\/2025\/12\/foto-2025-0729-42-225x300.jpg\",\"orientation\":\"portrait\"},\"full\":{\"url\":\"https:\/\/www.cykloromantika.cz\/wp-content\/uploads\/2025\/12\/foto-2025-0729-42.jpg\",\"height\":1024,\"width\":768,\"orientation\":\"portrait\"}},\"imageMeta\":{\"aperture\":\"1.8\",\"credit\":\"\",\"camera\":\"Galaxy S24\",\"caption\":\"\",\"created_timestamp\":\"1753811165\",\"copyright\":\"\",\"focal_length\":\"5.4\",\"iso\":\"25\",\"shutter_speed\":\"0.00091575\",\"title\":\"\",\"orientation\":\"0\",\"keywords\":[]},\"meta\":false,\"postlink\":\"https:\/\/www.cykloromantika.cz\/index.php\/pgc_simply_gallery\/xxix-4-den-kralovska-etapa-vyse-to-na-kole-nejde\/foto-2025-0729-42\/\"},{\"id\":9367,\"title\":\"Foto 2025 0729 43\",\"url\":\"https:\/\/www.cykloromantika.cz\/wp-content\/uploads\/2025\/12\/foto-2025-0729-43.jpg\",\"link\":\"https:\/\/www.cykloromantika.cz\/index.php\/pgc_simply_gallery\/xxix-4-den-kralovska-etapa-vyse-to-na-kole-nejde\/foto-2025-0729-43\/\",\"alt\":\"\",\"description\":\"\",\"caption\":\"B\u00fdval\u00e1 Sokolsk\u00e1 Bouda\",\"mime\":\"image\/jpeg\",\"type\":\"image\",\"width\":1024,\"height\":768,\"sizes\":{\"thumbnail\":{\"height\":113,\"width\":150,\"url\":\"https:\/\/www.cykloromantika.cz\/wp-content\/uploads\/2025\/12\/foto-2025-0729-43-150x113.jpg\",\"orientation\":\"landscape\"},\"medium\":{\"height\":225,\"width\":300,\"url\":\"https:\/\/www.cykloromantika.cz\/wp-content\/uploads\/2025\/12\/foto-2025-0729-43-300x225.jpg\",\"orientation\":\"landscape\"},\"full\":{\"url\":\"https:\/\/www.cykloromantika.cz\/wp-content\/uploads\/2025\/12\/foto-2025-0729-43.jpg\",\"height\":768,\"width\":1024,\"orientation\":\"landscape\"}},\"imageMeta\":{\"aperture\":\"1.8\",\"credit\":\"\",\"camera\":\"Galaxy S24\",\"caption\":\"\",\"created_timestamp\":\"1753811242\",\"copyright\":\"\",\"focal_length\":\"5.4\",\"iso\":\"25\",\"shutter_speed\":\"0.000631313\",\"title\":\"\",\"orientation\":\"0\",\"keywords\":[]},\"meta\":false,\"postlink\":\"https:\/\/www.cykloromantika.cz\/index.php\/pgc_simply_gallery\/xxix-4-den-kralovska-etapa-vyse-to-na-kole-nejde\/foto-2025-0729-43\/\"},{\"id\":9368,\"title\":\"Foto 2025 0729 44\",\"url\":\"https:\/\/www.cykloromantika.cz\/wp-content\/uploads\/2025\/12\/foto-2025-0729-44.jpg\",\"link\":\"https:\/\/www.cykloromantika.cz\/index.php\/pgc_simply_gallery\/xxix-4-den-kralovska-etapa-vyse-to-na-kole-nejde\/foto-2025-0729-44\/\",\"alt\":\"\",\"description\":\"\",\"caption\":\"V\u00fdhled na Podkrkono\u0161\u00ed\",\"mime\":\"image\/jpeg\",\"type\":\"image\",\"width\":1024,\"height\":576,\"sizes\":{\"thumbnail\":{\"height\":84,\"width\":150,\"url\":\"https:\/\/www.cykloromantika.cz\/wp-content\/uploads\/2025\/12\/foto-2025-0729-44-150x84.jpg\",\"orientation\":\"landscape\"},\"medium\":{\"height\":169,\"width\":300,\"url\":\"https:\/\/www.cykloromantika.cz\/wp-content\/uploads\/2025\/12\/foto-2025-0729-44-300x169.jpg\",\"orientation\":\"landscape\"},\"full\":{\"url\":\"https:\/\/www.cykloromantika.cz\/wp-content\/uploads\/2025\/12\/foto-2025-0729-44.jpg\",\"height\":576,\"width\":1024,\"orientation\":\"landscape\"}},\"imageMeta\":{\"aperture\":\"2.2\",\"credit\":\"\",\"camera\":\"SM-G991B\",\"caption\":\"\",\"created_timestamp\":\"1753811255\",\"copyright\":\"\",\"focal_length\":\"2.2\",\"iso\":\"50\",\"shutter_speed\":\"0.000355113\",\"title\":\"\",\"orientation\":\"0\",\"keywords\":[]},\"meta\":false,\"postlink\":\"https:\/\/www.cykloromantika.cz\/index.php\/pgc_simply_gallery\/xxix-4-den-kralovska-etapa-vyse-to-na-kole-nejde\/foto-2025-0729-44\/\"},{\"id\":9369,\"title\":\"Foto 2025 0729 45\",\"url\":\"https:\/\/www.cykloromantika.cz\/wp-content\/uploads\/2025\/12\/foto-2025-0729-45.jpg\",\"link\":\"https:\/\/www.cykloromantika.cz\/index.php\/pgc_simply_gallery\/xxix-4-den-kralovska-etapa-vyse-to-na-kole-nejde\/foto-2025-0729-45\/\",\"alt\":\"\",\"description\":\"\",\"caption\":\"Hotel Des\u00edtka\",\"mime\":\"image\/jpeg\",\"type\":\"image\",\"width\":1024,\"height\":577,\"sizes\":{\"thumbnail\":{\"height\":85,\"width\":150,\"url\":\"https:\/\/www.cykloromantika.cz\/wp-content\/uploads\/2025\/12\/foto-2025-0729-45-150x85.jpg\",\"orientation\":\"landscape\"},\"medium\":{\"height\":169,\"width\":300,\"url\":\"https:\/\/www.cykloromantika.cz\/wp-content\/uploads\/2025\/12\/foto-2025-0729-45-300x169.jpg\",\"orientation\":\"landscape\"},\"full\":{\"url\":\"https:\/\/www.cykloromantika.cz\/wp-content\/uploads\/2025\/12\/foto-2025-0729-45.jpg\",\"height\":577,\"width\":1024,\"orientation\":\"landscape\"}},\"imageMeta\":{\"aperture\":\"1.8\",\"credit\":\"\",\"camera\":\"Galaxy S23\",\"caption\":\"\",\"created_timestamp\":\"1753811279\",\"copyright\":\"\",\"focal_length\":\"5.4\",\"iso\":\"25\",\"shutter_speed\":\"0.000324291\",\"title\":\"\",\"orientation\":\"0\",\"keywords\":[]},\"meta\":false,\"postlink\":\"https:\/\/www.cykloromantika.cz\/index.php\/pgc_simply_gallery\/xxix-4-den-kralovska-etapa-vyse-to-na-kole-nejde\/foto-2025-0729-45\/\"},{\"id\":9370,\"title\":\"Foto 2025 0729 46\",\"url\":\"https:\/\/www.cykloromantika.cz\/wp-content\/uploads\/2025\/12\/foto-2025-0729-46.jpg\",\"link\":\"https:\/\/www.cykloromantika.cz\/index.php\/pgc_simply_gallery\/xxix-4-den-kralovska-etapa-vyse-to-na-kole-nejde\/foto-2025-0729-46\/\",\"alt\":\"\",\"description\":\"\",\"caption\":\"Je opravdu kr\u00e1sn\u011b, ale zima!\",\"mime\":\"image\/jpeg\",\"type\":\"image\",\"width\":1024,\"height\":683,\"sizes\":{\"thumbnail\":{\"height\":100,\"width\":150,\"url\":\"https:\/\/www.cykloromantika.cz\/wp-content\/uploads\/2025\/12\/foto-2025-0729-46-150x100.jpg\",\"orientation\":\"landscape\"},\"medium\":{\"height\":200,\"width\":300,\"url\":\"https:\/\/www.cykloromantika.cz\/wp-content\/uploads\/2025\/12\/foto-2025-0729-46-300x200.jpg\",\"orientation\":\"landscape\"},\"full\":{\"url\":\"https:\/\/www.cykloromantika.cz\/wp-content\/uploads\/2025\/12\/foto-2025-0729-46.jpg\",\"height\":683,\"width\":1024,\"orientation\":\"landscape\"}},\"imageMeta\":{\"aperture\":\"1.8\",\"credit\":\"\",\"camera\":\"Galaxy S24\",\"caption\":\"\",\"created_timestamp\":\"1753811305\",\"copyright\":\"\",\"focal_length\":\"5.4\",\"iso\":\"25\",\"shutter_speed\":\"0.000531914\",\"title\":\"\",\"orientation\":\"0\",\"keywords\":[]},\"meta\":false,\"postlink\":\"https:\/\/www.cykloromantika.cz\/index.php\/pgc_simply_gallery\/xxix-4-den-kralovska-etapa-vyse-to-na-kole-nejde\/foto-2025-0729-46\/\"},{\"id\":9371,\"title\":\"Foto 2025 0729 47\",\"url\":\"https:\/\/www.cykloromantika.cz\/wp-content\/uploads\/2025\/12\/foto-2025-0729-47.jpg\",\"link\":\"https:\/\/www.cykloromantika.cz\/index.php\/pgc_simply_gallery\/xxix-4-den-kralovska-etapa-vyse-to-na-kole-nejde\/foto-2025-0729-47\/\",\"alt\":\"\",\"description\":\"\",\"caption\":\"Tom\u00edk si d\u0159ev\u011bn\u011b hov\u00ed!\",\"mime\":\"image\/jpeg\",\"type\":\"image\",\"width\":1024,\"height\":683,\"sizes\":{\"thumbnail\":{\"height\":100,\"width\":150,\"url\":\"https:\/\/www.cykloromantika.cz\/wp-content\/uploads\/2025\/12\/foto-2025-0729-47-150x100.jpg\",\"orientation\":\"landscape\"},\"medium\":{\"height\":200,\"width\":300,\"url\":\"https:\/\/www.cykloromantika.cz\/wp-content\/uploads\/2025\/12\/foto-2025-0729-47-300x200.jpg\",\"orientation\":\"landscape\"},\"full\":{\"url\":\"https:\/\/www.cykloromantika.cz\/wp-content\/uploads\/2025\/12\/foto-2025-0729-47.jpg\",\"height\":683,\"width\":1024,\"orientation\":\"landscape\"}},\"imageMeta\":{\"aperture\":\"1.8\",\"credit\":\"\",\"camera\":\"Galaxy S24\",\"caption\":\"\",\"created_timestamp\":\"1753811333\",\"copyright\":\"\",\"focal_length\":\"5.4\",\"iso\":\"25\",\"shutter_speed\":\"0.000896057\",\"title\":\"\",\"orientation\":\"0\",\"keywords\":[]},\"meta\":false,\"postlink\":\"https:\/\/www.cykloromantika.cz\/index.php\/pgc_simply_gallery\/xxix-4-den-kralovska-etapa-vyse-to-na-kole-nejde\/foto-2025-0729-47\/\"},{\"id\":9372,\"title\":\"Foto 2025 0729 48\",\"url\":\"https:\/\/www.cykloromantika.cz\/wp-content\/uploads\/2025\/12\/foto-2025-0729-48.jpg\",\"link\":\"https:\/\/www.cykloromantika.cz\/index.php\/pgc_simply_gallery\/xxix-4-den-kralovska-etapa-vyse-to-na-kole-nejde\/foto-2025-0729-48\/\",\"alt\":\"\",\"description\":\"\",\"caption\":\"Povinn\u00e9 pran\u00ed dres\u016f\",\"mime\":\"image\/jpeg\",\"type\":\"image\",\"width\":768,\"height\":1024,\"sizes\":{\"thumbnail\":{\"height\":150,\"width\":113,\"url\":\"https:\/\/www.cykloromantika.cz\/wp-content\/uploads\/2025\/12\/foto-2025-0729-48-113x150.jpg\",\"orientation\":\"portrait\"},\"medium\":{\"height\":300,\"width\":225,\"url\":\"https:\/\/www.cykloromantika.cz\/wp-content\/uploads\/2025\/12\/foto-2025-0729-48-225x300.jpg\",\"orientation\":\"portrait\"},\"full\":{\"url\":\"https:\/\/www.cykloromantika.cz\/wp-content\/uploads\/2025\/12\/foto-2025-0729-48.jpg\",\"height\":1024,\"width\":768,\"orientation\":\"portrait\"}},\"imageMeta\":{\"aperture\":\"1.8\",\"credit\":\"\",\"camera\":\"Galaxy S24\",\"caption\":\"\",\"created_timestamp\":\"1753815483\",\"copyright\":\"\",\"focal_length\":\"5.4\",\"iso\":\"2000\",\"shutter_speed\":\"0.02\",\"title\":\"\",\"orientation\":\"0\",\"keywords\":[]},\"meta\":false,\"postlink\":\"https:\/\/www.cykloromantika.cz\/index.php\/pgc_simply_gallery\/xxix-4-den-kralovska-etapa-vyse-to-na-kole-nejde\/foto-2025-0729-48\/\"},{\"id\":9373,\"title\":\"Foto 2025 0729 49\",\"url\":\"https:\/\/www.cykloromantika.cz\/wp-content\/uploads\/2025\/12\/foto-2025-0729-49.jpg\",\"link\":\"https:\/\/www.cykloromantika.cz\/index.php\/pgc_simply_gallery\/xxix-4-den-kralovska-etapa-vyse-to-na-kole-nejde\/foto-2025-0729-49\/\",\"alt\":\"\",\"description\":\"\",\"caption\":\"Ve\u010de\u0159e v hostinci Na kope\u010dku\",\"mime\":\"image\/jpeg\",\"type\":\"image\",\"width\":768,\"height\":1024,\"sizes\":{\"thumbnail\":{\"height\":150,\"width\":113,\"url\":\"https:\/\/www.cykloromantika.cz\/wp-content\/uploads\/2025\/12\/foto-2025-0729-49-113x150.jpg\",\"orientation\":\"portrait\"},\"medium\":{\"height\":300,\"width\":225,\"url\":\"https:\/\/www.cykloromantika.cz\/wp-content\/uploads\/2025\/12\/foto-2025-0729-49-225x300.jpg\",\"orientation\":\"portrait\"},\"full\":{\"url\":\"https:\/\/www.cykloromantika.cz\/wp-content\/uploads\/2025\/12\/foto-2025-0729-49.jpg\",\"height\":1024,\"width\":768,\"orientation\":\"portrait\"}},\"imageMeta\":{\"aperture\":\"1.8\",\"credit\":\"\",\"camera\":\"Galaxy S24\",\"caption\":\"\",\"created_timestamp\":\"1753818677\",\"copyright\":\"\",\"focal_length\":\"5.4\",\"iso\":\"200\",\"shutter_speed\":\"0.01\",\"title\":\"\",\"orientation\":\"0\",\"keywords\":[]},\"meta\":false,\"postlink\":\"https:\/\/www.cykloromantika.cz\/index.php\/pgc_simply_gallery\/xxix-4-den-kralovska-etapa-vyse-to-na-kole-nejde\/foto-2025-0729-49\/\"},{\"id\":9374,\"title\":\"Foto 2025 0729 50\",\"url\":\"https:\/\/www.cykloromantika.cz\/wp-content\/uploads\/2025\/12\/foto-2025-0729-50.jpg\",\"link\":\"https:\/\/www.cykloromantika.cz\/index.php\/pgc_simply_gallery\/xxix-4-den-kralovska-etapa-vyse-to-na-kole-nejde\/foto-2025-0729-50\/\",\"alt\":\"\",\"description\":\"\",\"caption\":\"Profil dne\u0161n\u00edho stoup\u00e1n\u00ed na V\u00fdrovku a ke kapli\u010dce\",\"mime\":\"image\/jpeg\",\"type\":\"image\",\"width\":768,\"height\":1024,\"sizes\":{\"thumbnail\":{\"height\":150,\"width\":113,\"url\":\"https:\/\/www.cykloromantika.cz\/wp-content\/uploads\/2025\/12\/foto-2025-0729-50-113x150.jpg\",\"orientation\":\"portrait\"},\"medium\":{\"height\":300,\"width\":225,\"url\":\"https:\/\/www.cykloromantika.cz\/wp-content\/uploads\/2025\/12\/foto-2025-0729-50-225x300.jpg\",\"orientation\":\"portrait\"},\"full\":{\"url\":\"https:\/\/www.cykloromantika.cz\/wp-content\/uploads\/2025\/12\/foto-2025-0729-50.jpg\",\"height\":1024,\"width\":768,\"orientation\":\"portrait\"}},\"imageMeta\":{\"aperture\":\"1.8\",\"credit\":\"\",\"camera\":\"Galaxy S24\",\"caption\":\"\",\"created_timestamp\":\"1753818686\",\"copyright\":\"\",\"focal_length\":\"5.4\",\"iso\":\"1600\",\"shutter_speed\":\"0.02\",\"title\":\"\",\"orientation\":\"0\",\"keywords\":[]},\"meta\":false,\"postlink\":\"https:\/\/www.cykloromantika.cz\/index.php\/pgc_simply_gallery\/xxix-4-den-kralovska-etapa-vyse-to-na-kole-nejde\/foto-2025-0729-50\/\"},{\"id\":9375,\"title\":\"Foto 2025 0729 51\",\"url\":\"https:\/\/www.cykloromantika.cz\/wp-content\/uploads\/2025\/12\/foto-2025-0729-51.jpg\",\"link\":\"https:\/\/www.cykloromantika.cz\/index.php\/pgc_simply_gallery\/xxix-4-den-kralovska-etapa-vyse-to-na-kole-nejde\/foto-2025-0729-51\/\",\"alt\":\"\",\"description\":\"\",\"caption\":\"V hostinci Na kope\u010dku\",\"mime\":\"image\/jpeg\",\"type\":\"image\",\"width\":1024,\"height\":768,\"sizes\":{\"thumbnail\":{\"height\":113,\"width\":150,\"url\":\"https:\/\/www.cykloromantika.cz\/wp-content\/uploads\/2025\/12\/foto-2025-0729-51-150x113.jpg\",\"orientation\":\"landscape\"},\"medium\":{\"height\":225,\"width\":300,\"url\":\"https:\/\/www.cykloromantika.cz\/wp-content\/uploads\/2025\/12\/foto-2025-0729-51-300x225.jpg\",\"orientation\":\"landscape\"},\"full\":{\"url\":\"https:\/\/www.cykloromantika.cz\/wp-content\/uploads\/2025\/12\/foto-2025-0729-51.jpg\",\"height\":768,\"width\":1024,\"orientation\":\"landscape\"}},\"imageMeta\":{\"aperture\":\"1.8\",\"credit\":\"\",\"camera\":\"Galaxy S24\",\"caption\":\"\",\"created_timestamp\":\"1753825301\",\"copyright\":\"\",\"focal_length\":\"5.4\",\"iso\":\"1600\",\"shutter_speed\":\"0.01\",\"title\":\"\",\"orientation\":\"0\",\"keywords\":[]},\"meta\":false,\"postlink\":\"https:\/\/www.cykloromantika.cz\/index.php\/pgc_simply_gallery\/xxix-4-den-kralovska-etapa-vyse-to-na-kole-nejde\/foto-2025-0729-51\/\"},{\"id\":9376,\"title\":\"Foto 2025 0729 52\",\"url\":\"https:\/\/www.cykloromantika.cz\/wp-content\/uploads\/2025\/12\/foto-2025-0729-52.jpg\",\"link\":\"https:\/\/www.cykloromantika.cz\/index.php\/pgc_simply_gallery\/xxix-4-den-kralovska-etapa-vyse-to-na-kole-nejde\/foto-2025-0729-52\/\",\"alt\":\"\",\"description\":\"\",\"caption\":\"V hostinci Na kope\u010dku\",\"mime\":\"image\/jpeg\",\"type\":\"image\",\"width\":1024,\"height\":768,\"sizes\":{\"thumbnail\":{\"height\":113,\"width\":150,\"url\":\"https:\/\/www.cykloromantika.cz\/wp-content\/uploads\/2025\/12\/foto-2025-0729-52-150x113.jpg\",\"orientation\":\"landscape\"},\"medium\":{\"height\":225,\"width\":300,\"url\":\"https:\/\/www.cykloromantika.cz\/wp-content\/uploads\/2025\/12\/foto-2025-0729-52-300x225.jpg\",\"orientation\":\"landscape\"},\"full\":{\"url\":\"https:\/\/www.cykloromantika.cz\/wp-content\/uploads\/2025\/12\/foto-2025-0729-52.jpg\",\"height\":768,\"width\":1024,\"orientation\":\"landscape\"}},\"imageMeta\":{\"aperture\":\"1.8\",\"credit\":\"\",\"camera\":\"Galaxy S24\",\"caption\":\"\",\"created_timestamp\":\"1753825308\",\"copyright\":\"\",\"focal_length\":\"5.4\",\"iso\":\"2000\",\"shutter_speed\":\"0.01\",\"title\":\"\",\"orientation\":\"0\",\"keywords\":[]},\"meta\":false,\"postlink\":\"https:\/\/www.cykloromantika.cz\/index.php\/pgc_simply_gallery\/xxix-4-den-kralovska-etapa-vyse-to-na-kole-nejde\/foto-2025-0729-52\/\"}],\"useClobalSettings\":true,\"orderBy\":\"title\",\"galleryBorderRadius\":8,\"shareFacebook\":false,\"shareTwitter\":false,\"sharePinterest\":false,\"sharePost\":\"postlink\",\"sliderSocialShareEnabled\":false,\"itemsMetaDataCollection\":[]}<\/script><script>(function(){if(window.PGC_SGB && window.PGC_SGB.searcher){window.PGC_SGB.searcher.initBlocks()}})()<\/script><\/div>\n<\/div><\/div>\n<\/div><\/div><\/div>\n","protected":false},"excerpt":{"rendered":"","protected":false},"author":3,"featured_media":9351,"comment_status":"open","ping_status":"open","sticky":false,"template":"","format":"standard","meta":{"_acf_changed":false,"pgc_sgb_lightbox_settings":"","footnotes":""},"categories":[31],"tags":[],"class_list":["post-9016","post","type-post","status-publish","format-standard","has-post-thumbnail","hentry","category-denicek"],"acf":[],"_links":{"self":[{"href":"https:\/\/www.cykloromantika.cz\/index.php\/wp-json\/wp\/v2\/posts\/9016","targetHints":{"allow":["GET"]}}],"collection":[{"href":"https:\/\/www.cykloromantika.cz\/index.php\/wp-json\/wp\/v2\/posts"}],"about":[{"href":"https:\/\/www.cykloromantika.cz\/index.php\/wp-json\/wp\/v2\/types\/post"}],"author":[{"embeddable":true,"href":"https:\/\/www.cykloromantika.cz\/index.php\/wp-json\/wp\/v2\/users\/3"}],"replies":[{"embeddable":true,"href":"https:\/\/www.cykloromantika.cz\/index.php\/wp-json\/wp\/v2\/comments?post=9016"}],"version-history":[{"count":16,"href":"https:\/\/www.cykloromantika.cz\/index.php\/wp-json\/wp\/v2\/posts\/9016\/revisions"}],"predecessor-version":[{"id":9377,"href":"https:\/\/www.cykloromantika.cz\/index.php\/wp-json\/wp\/v2\/posts\/9016\/revisions\/9377"}],"wp:featuredmedia":[{"embeddable":true,"href":"https:\/\/www.cykloromantika.cz\/index.php\/wp-json\/wp\/v2\/media\/9351"}],"wp:attachment":[{"href":"https:\/\/www.cykloromantika.cz\/index.php\/wp-json\/wp\/v2\/media?parent=9016"}],"wp:term":[{"taxonomy":"category","embeddable":true,"href":"https:\/\/www.cykloromantika.cz\/index.php\/wp-json\/wp\/v2\/categories?post=9016"},{"taxonomy":"post_tag","embeddable":true,"href":"https:\/\/www.cykloromantika.cz\/index.php\/wp-json\/wp\/v2\/tags?post=9016"}],"curies":[{"name":"wp","href":"https:\/\/api.w.org\/{rel}","templated":true}]}}