{"id":8549,"date":"2024-05-19T21:57:00","date_gmt":"2024-05-19T20:57:00","guid":{"rendered":"https:\/\/www.cykloromantika.cz\/?p=8549"},"modified":"2025-10-12T22:14:02","modified_gmt":"2025-10-12T21:14:02","slug":"3-jarni-vyjezd-jeseniky-vrbno-pod-pradedem","status":"publish","type":"post","link":"https:\/\/www.cykloromantika.cz\/index.php\/2024\/05\/19\/3-jarni-vyjezd-jeseniky-vrbno-pod-pradedem\/","title":{"rendered":"3.&nbsp;jarn\u00ed v\u00fdjezd: Jesen\u00edky, Vrbno pod Prad\u011bdem"},"content":{"rendered":"<style>.kt-tabs-id8549_6eadee-cd > .kt-tabs-content-wrap > .wp-block-kadence-tab{border-top:1px solid #eeeeee;border-right:0px solid #eeeeee;border-bottom:0px solid #eeeeee;border-left:0px solid #eeeeee;border-top-left-radius:0px;border-top-right-radius:0px;border-bottom-right-radius:0px;border-bottom-left-radius:0px;padding-top:20px;padding-right:0px;padding-bottom:20px;padding-left:0px;background:#ffffff;}.wp-block-kadence-tabs .kt-tabs-id8549_6eadee-cd > .kt-tabs-title-list li{margin-top:0px;margin-right:8px;margin-bottom:0px;margin-left:0px;}.wp-block-kadence-tabs .kt-tabs-id8549_6eadee-cd > .kt-tabs-title-list li:last-child{margin-right:0px;}.wp-block-kadence-tabs .kt-tabs-id8549_6eadee-cd > .kt-tabs-title-list li .kt-tab-title, .wp-block-kadence-tabs .kt-tabs-id8549_6eadee-cd > .kt-tabs-content-wrap > .kt-tabs-accordion-title .kt-tab-title{line-height:1.4em;font-weight:400;font-style:normal;text-transform:uppercase;border-top-width:0px;border-right-width:0px;border-bottom-width:0px;border-left-width:0px;border-top-left-radius:0px;border-top-right-radius:0px;border-bottom-right-radius:0px;border-bottom-left-radius:0px;padding-top:8px;padding-right:20px;padding-bottom:8px;padding-left:20px;border-color:#ffffff;color:#555555;background:#ffffff;}.wp-block-kadence-tabs .kt-tabs-id8549_6eadee-cd > .kt-tabs-content-wrap > .kt-tabs-accordion-title .kt-tab-title{margin-top:0px;margin-right:8px;margin-bottom:0px;margin-left:0px;}.wp-block-kadence-tabs .kt-tabs-id8549_6eadee-cd > .kt-tabs-title-list li .kt-tab-title:hover, .wp-block-kadence-tabs .kt-tabs-id8549_6eadee-cd > .kt-tabs-content-wrap > .kt-tabs-accordion-title .kt-tab-title:hover{border-color:#555555;color:#086abd;background:#ffffff;}.wp-block-kadence-tabs .kt-tabs-id8549_6eadee-cd > .kt-tabs-title-list li.kt-tab-title-active .kt-tab-title, .wp-block-kadence-tabs .kt-tabs-id8549_6eadee-cd > .kt-tabs-content-wrap > .kt-tabs-accordion-title.kt-tab-title-active .kt-tab-title{border-color:#555555;color:#086abd;background:#ffffff;}.wp-block-kadence-tabs .kt-tabs-id8549_6eadee-cd > .kt-tabs-title-list li svg{font-size:24px;}@media all and (max-width: 1024px){.kt-tabs-id8549_6eadee-cd > .kt-tabs-content-wrap > .wp-block-kadence-tab{border-top:1px solid #eeeeee;border-right:0px solid #eeeeee;border-bottom:0px solid #eeeeee;border-left:0px solid #eeeeee;}}@media all and (max-width: 767px){.kt-tabs-id8549_6eadee-cd > .kt-tabs-content-wrap > .wp-block-kadence-tab{border-top:1px solid #eeeeee;border-right:0px solid #eeeeee;border-bottom:0px solid #eeeeee;border-left:0px solid #eeeeee;}}<\/style>\n<div class=\"wp-block-kadence-tabs alignnone\"><div class=\"kt-tabs-wrap kt-tabs-id8549_6eadee-cd kt-tabs-has-3-tabs kt-active-tab-3 kt-tabs-layout-tabs kt-tabs-tablet-layout-inherit kt-tabs-mobile-layout-inherit kt-tab-alignment-center \"><ul class=\"kt-tabs-title-list\"><li id=\"tab-trasa\" class=\"kt-title-item kt-title-item-1 kt-tabs-svg-show-always kt-tabs-icon-side-top kt-tab-title-inactive\"><a href=\"#tab-trasa\" data-tab=\"1\" class=\"kt-tab-title kt-tab-title-1 \"><span class=\"kb-svg-icon-wrap kb-svg-icon-fe_map\"><svg viewBox=\"0 0 24 24\"  fill=\"none\" stroke=\"currentColor\" stroke-width=\"2\" stroke-linecap=\"round\" stroke-linejoin=\"round\" xmlns=\"http:\/\/www.w3.org\/2000\/svg\"  aria-hidden=\"true\"><polygon points=\"1 6 1 22 8 18 16 22 23 18 23 2 16 6 8 2 1 6\"\/><line x1=\"8\" y1=\"2\" x2=\"8\" y2=\"18\"\/><line x1=\"16\" y1=\"6\" x2=\"16\" y2=\"22\"\/><\/svg><\/span><span class=\"kt-title-text\">Trasa<\/span><\/a><\/li><li id=\"tab-zitky\" class=\"kt-title-item kt-title-item-2 kt-tabs-svg-show-always kt-tabs-icon-side-top kt-tab-title-inactive\"><a href=\"#tab-zitky\" data-tab=\"2\" class=\"kt-tab-title kt-tab-title-2 \"><span class=\"kb-svg-icon-wrap kb-svg-icon-fe_alignLeft\"><svg viewBox=\"0 0 24 24\"  fill=\"none\" stroke=\"currentColor\" stroke-width=\"2\" stroke-linecap=\"round\" stroke-linejoin=\"round\" xmlns=\"http:\/\/www.w3.org\/2000\/svg\"  aria-hidden=\"true\"><line x1=\"17\" y1=\"10\" x2=\"3\" y2=\"10\"\/><line x1=\"21\" y1=\"6\" x2=\"3\" y2=\"6\"\/><line x1=\"21\" y1=\"14\" x2=\"3\" y2=\"14\"\/><line x1=\"17\" y1=\"18\" x2=\"3\" y2=\"18\"\/><\/svg><\/span><span class=\"kt-title-text\">Z\u00e1\u017eitky<\/span><\/a><\/li><li id=\"tab-fotky\" class=\"kt-title-item kt-title-item-3 kt-tabs-svg-show-always kt-tabs-icon-side-top kt-tab-title-active\"><a href=\"#tab-fotky\" data-tab=\"3\" class=\"kt-tab-title kt-tab-title-3 \"><span class=\"kb-svg-icon-wrap kb-svg-icon-fe_camera\"><svg viewBox=\"0 0 24 24\"  fill=\"none\" stroke=\"currentColor\" stroke-width=\"2\" stroke-linecap=\"round\" stroke-linejoin=\"round\" xmlns=\"http:\/\/www.w3.org\/2000\/svg\"  aria-hidden=\"true\"><path d=\"M23 19a2 2 0 0 1-2 2H3a2 2 0 0 1-2-2V8a2 2 0 0 1 2-2h4l2-3h6l2 3h4a2 2 0 0 1 2 2z\"\/><circle cx=\"12\" cy=\"13\" r=\"4\"\/><\/svg><\/span><span class=\"kt-title-text\">Fotky<\/span><\/a><\/li><\/ul><div class=\"kt-tabs-content-wrap\">\n<div class=\"wp-block-kadence-tab kt-tab-inner-content kt-inner-tab-1 kt-inner-tabd8ea9c-1a\"><div class=\"kt-tab-inner-content-inner\">\n<p><strong>1.&nbsp;den:<\/strong> Ostrava \u2013 Opava (p\u0159esun vlakem \u010d\u00e1st) \u2013 Brunt\u00e1l (p\u0159esun vlakem v\u0161ichni) \u2013 Vrbno pod Prad\u011bdem \u2013 Mnichov (chata) <\/p>\n\n\n\n<p><strong>2.&nbsp;den:<\/strong> Mnichov (chata) \u2013 Vrbno pod Prad\u011bdem \u2013 Karlova Stud\u00e1nka \u2013 Prad\u011bd (1491&nbsp;m n. m.) \u2013 \u0160v\u00fdc\u00e1rna \u2013 \u010cervenohorsk\u00e9 sedlo \u2013 Videlsk\u00e9 sedlo (930&nbsp;m n. m.) \u2013 Vrbno pod Prad\u011bdem \u2013 Mnichov (chata)<\/p>\n\n\n\n<p><strong>3.&nbsp;den:<\/strong> Mnichov (chata) \u2013 Vrbno pod Prad\u011bdem \u2013 Milotice nad Opavou \u2013 Svobodn\u00e9 He\u0159manice \u2013 Litultovice \u2013 Doln\u00ed \u017divotice \u2013 \u017dimrovice \u2013 Jakub\u010dovice \u2013 Kyjovice \u2013 V\u0159esina \u2013 Ostrava<\/p>\n\n\n\n<ul class=\"wp-block-list\">\n<li>najeto: 253 km<\/li>\n\n\n\n<li>nejni\u017e\u0161\u00ed a nejvy\u0161\u0161\u00ed bod: 209-1491&nbsp;m n. m.<\/li>\n\n\n\n<li>stoup\u00e1n\u00ed: 2613&nbsp;m<\/li>\n\n\n\n<li>kles\u00e1n\u00ed: 2920&nbsp;m<\/li>\n<\/ul>\n<\/div><\/div>\n\n\n\n<div class=\"wp-block-kadence-tab kt-tab-inner-content kt-inner-tab-2 kt-inner-tabceff13-cc\"><div class=\"kt-tab-inner-content-inner\">\n<h2 class=\"wp-block-heading\">Den prvn\u00ed<\/h2>\n\n\n\n<p>Vyj\u00ed\u017ed\u00edme z&nbsp;Ostravy. Tedy ta \u010d\u00e1st, kter\u00e1 si vzala volno. T\u0159i ostatn\u00ed se se\u0161li a\u017e na Svinov\u011b a skupinu, dejme tomu A, dohnali na opavsk\u00e9m n\u00e1dra\u017e\u00ed. L\u00e9pe \u0159e\u010deno v&nbsp;n\u00e1dra\u017ece, kde skupina A tak tak dojela za za\u010d\u00ednaj\u00edc\u00edho de\u0161t\u011b.<\/p>\n\n\n\n<p>Kdy\u017e u\u017e jsme byli pohromad\u011b a usn\u00e1\u0161en\u00ed schopn\u00ed, rozhodli jsme se p\u0159ibl\u00ed\u017eit Vrbnu vlakem. Pohled z&nbsp;ok\u00fdnka vlaku sliboval j\u00edzdu na mokro, tak jsme si ji odlo\u017eili z&nbsp;Milotic do <strong>Brunt\u00e1lu<\/strong>, abychom d\u00e9\u0161\u0165 op\u011bt str\u00e1vili v&nbsp;restaura\u010dn\u00edm za\u0159\u00edzen\u00ed. To v\u0161e k&nbsp;nelibosti pr\u016fvod\u010d\u00ed, kter\u00e9 na\u0161e nevystoupen\u00ed z&nbsp;vlaku neuniklo. Tak\u017ee jsme byli za podvodn\u00edky.<\/p>\n\n\n\n<p>Nakonec jsme ale museli vyjet do de\u0161t\u011b, proto\u017ee jsme cht\u011bli stihnout obchod ve Vrbn\u011b a ve\u010dern\u00ed hokej. Z&nbsp;Brunt\u00e1lu jsme p\u0159ejeli kolem Skaln\u00e9ho do <strong>Skrbovic <\/strong>a p\u0159es <strong>Karlovice <\/strong>ji\u017e po p\u016fvodn\u011b pl\u00e1novan\u00e9 trase. Piva a kolena na ve\u010der jsme stihli koupit. Chata byla super (kdo by \u010dekal, \u017ee pojedeme a\u017e do <strong>Mnichova<\/strong>). hned jsme vyu\u017eili saunu, proto\u017ee zah\u0159\u00e1t\u00ed jsme nutn\u011b pot\u0159ebovali.<\/p>\n\n\n\n<h2 class=\"wp-block-heading\">Den druh\u00fd<\/h2>\n\n\n\n<p>Druh\u00fd den jsme po sn\u00eddani vyrazili na dlouho pl\u00e1novan\u00fd v\u00fdjezd na Prad\u011bd. Nejprve p\u0159es <strong>Ludv\u00edkov <\/strong>do <strong>Karlovy Stud\u00e1nky<\/strong>. Tam n\u00e1s nal\u00e1kala cukr\u00e1rna na k\u00e1vu a z\u00e1kusek. Cukry se budou hodit! Po ochutn\u00e1n\u00ed m\u00edstn\u00edho pramene (v\u00fdborn\u00fd, trochu nad\u00fdmav\u00fd) pokra\u010dujeme sm\u011brem nahoru. P\u0159es <strong>Hv\u011bzdu <\/strong>po asfaltov\u00e9 cest\u011b na Ov\u010d\u00e1rnu. Nen\u00ed v\u016fbec horko, sp\u00ed\u0161e naopak, ale i tak se pot\u00edme dost. Na <strong>Ov\u010d\u00e1rn\u011b<\/strong> se navz\u00e1jem po\u010dk\u00e1me. Ti prvn\u00ed se mus\u00ed obl\u00e9kat, proto\u017ee je takov\u00fdch 10-12&nbsp;\u00b0C a v\u00edtr.<\/p>\n\n\n\n<p>Pak se ale zase svl\u00e9k\u00e1me p\u0159i zdol\u00e1v\u00e1n\u00ed posledn\u00ed \u010d\u00e1sti stoup\u00e1n\u00ed. Na vrcholu se jdeme hned schovat p\u0159ed v\u011btrem. Bohu\u017eel je dost plno, tak d\u00e1me jen pivo a sjezdem m\u00ed\u0159\u00edme na <strong>\u0160v\u00fdc\u00e1rnu<\/strong>. Tady se vlezeme, i za cenu p\u0159isednut\u00ed k&nbsp;p\u0159\u00edjemn\u00e9 d\u00e1msk\u00e9 spole\u010dnosti. U\u017e jsme zkr\u00e1tka takov\u00ed! Poob\u011bdv\u00e1me, nech\u00e1me se celuloidov\u011b zv\u011b\u010dnit (sp\u00ed\u0161e zdigitalizovat) nastoupeni p\u0159ed chatou a pokra\u010dujeme sm\u011brem na \u010cervenohorsk\u00e9 sedlo.<\/p>\n\n\n\n<p>Cesta je jako stvo\u0159ena pro kochac\u00ed a komfortn\u00ed j\u00edzdu. Hlavn\u011b Bobo trp\u00ed, tedy sp\u00ed\u0161e jeho r\u00e1fky. Cesta je dl\u00e1\u017ed\u011bn\u00e1 velk\u00fdmi ploch\u00fdmi kameny, kterou pak nazveme <strong>Rock Garden<\/strong> dle kamenit\u00fdch sekc\u00ed na MTB z\u00e1vodech. Sjeli jsme takto na <strong>rozcest\u00ed Petrovka<\/strong>, kde po kr\u00e1tk\u00e9m kamenit\u00e9m stoup\u00e1n\u00ed a pak ji\u017e po lesn\u00ed cest\u011b sjedeme na \u010cHS. Bl\u00ed\u017e\u00edc\u00ed se d\u00e9\u0161\u0165 n\u00e1s nut\u00ed pokra\u010dovat d\u00e1le \u2013 kolem Velk\u00e9ho Kl\u00ednu a po <strong>Mili\u00f3nov\u00e9 cest\u011b <\/strong>k rozcest\u00ed nad <strong>Vysok\u00fdm vodop\u00e1dem<\/strong>. Cestou u\u017e n\u00e1m pr\u0161\u00ed, tak t\u011b\u017eko \u0159\u00edct, zda jsme mok\u0159\u00ed od potu nebo de\u0161t\u011b. Z&nbsp;lesa vyjedeme na Videlsk\u00e9m sedle a pokra\u010dujeme ji\u017e jen z&nbsp;kopce dol\u016f do Vrbna.<\/p>\n\n\n\n<p>Z po\u010d\u00e1tku dost mokr\u00e1 cesta, kde si d\u00e1v\u00e1me pozor p\u0159i sjezdu, n\u00e1s zavede do <strong>Videl<\/strong>. Zde zastavujeme, abychom odbo\u010dili ke kapli sv. Hedviky, d\u0159ev\u011bn\u00e9 stavb\u011b z&nbsp;po\u010d\u00e1tku 20.&nbsp;stolet\u00ed. P\u0159i koch\u00e1n\u00ed sund\u00e1v\u00e1me pl\u00e1\u0161t\u011bnky, proto\u017ee se sta\u010dilo p\u0159ehoupnout na druhou stranu sedla a r\u00e1zem je cesta such\u00e1, nepr\u0161\u00ed a ani nen\u00ed tak chladno. P\u0159ed Vrbnem sly\u0161\u00edme muziku, kter\u00e1 n\u00e1s l\u00e1k\u00e1 na z\u00e1bavu, ale jak shled\u00e1me, je to z\u00e1bava soukrom\u00e1. Mus\u00edme tedy d\u00e1le do restaurace Pod Prad\u011bdem. Poj\u00edme ve\u010de\u0159i a pod\u00edv\u00e1me se s&nbsp;m\u00edstn\u00edmi na fotbal. Ve\u010der pak dokon\u010d\u00edme saunou a hokejem. Kr\u00e1sn\u00e1 sobotn\u00ed pr\u00e1ce! Celkov\u011b 68 km a p\u0159ev\u00fd\u0161en\u00ed 1257&nbsp;m.<\/p>\n\n\n\n<h2 class=\"wp-block-heading\">Den t\u0159et\u00ed<\/h2>\n\n\n\n<p>Ned\u011ble je dnem p\u0159esunu do Ostravy, minim\u00e1ln\u011b pak p\u0159ibl\u00ed\u017een\u00edm k&nbsp;n\u00ed. Vyj\u00ed\u017ed\u00edme po de\u0161ti, kdy u\u017e cesta je uschl\u00e1, a radar n\u00e1m d\u00e1v\u00e1 slibnou progn\u00f3zu. Cesta ub\u00edh\u00e1 pohodov\u011b. Ani se nehon\u00edme po hlavn\u00ed asfaltce sm\u011brem na Milotice, ale vyb\u00edr\u00e1me si cyklotrasu pod\u00e9l n\u00ed v&nbsp;lese. V&nbsp;<strong>Milotic\u00edch nad Odrou<\/strong> n\u00e1s \u010dek\u00e1 prvn\u00ed v\u011bt\u0161\u00ed stoup\u00e1n\u00ed kolem n\u00e1dra\u017e\u00ed na <strong>Holub\u00ed vrch <\/strong>a <strong>Velk\u00fd Tet\u0159ev<\/strong>. Zpo\u010d\u00e1tku rozbit\u00fd, ale sj\u00edzdn\u00fd asfalt dostal n\u011bkdo n\u00e1pad opravit sypanou cestou. T\u011b\u017eko \u0159\u00edct, zda bylo v&nbsp;pl\u00e1nu ji je\u0161t\u011b zav\u00e1lcovat, ale za n\u00e1s tomu je\u0161t\u011b nebylo. Do m\u00edrn\u00e9ho stoup\u00e1n\u00ed, v&nbsp;protiv\u011btru a st\u00e1le trochu zabo\u0159eni se plaz\u00edme rychlost\u00ed 12 km\/h a jsme r\u00e1di, \u017ee po 4 km je toto martyrium za n\u00e1mi.<\/p>\n\n\n\n<p>Dal\u0161\u00ed zast\u00e1vkou je <strong>\u0160ifr<\/strong>, lom u <strong>Svobodn\u00fdch He\u0159manic<\/strong>. N\u011bkte\u0159\u00ed tam je\u0161t\u011b nebyli, ale chu\u0165 se okoupat bere za sv\u00e9. Je zima a op\u011bt za\u010d\u00edn\u00e1 mrholit a radar hl\u00e1s\u00ed d\u00e9\u0161\u0165. Doj\u00ed\u017ed\u00edme v&nbsp;pravou chv\u00edli do hospody U Bo\u017eky. Bohu\u017eel va\u0159\u00ed jen v&nbsp;pracovn\u00ed dny, tak\u017ee akor\u00e1t pivo, Mila a bramb\u016frky. To se opakuje i v&nbsp;<strong>Litultovic\u00edch<\/strong>, tak\u017ee se rozhodneme dojet a\u017e do <strong>\u017dimrovic<\/strong>. Na cest\u011b n\u00e1s \u010dekaj\u00ed dv\u011b kr\u00e1tk\u00e1, ale v\u00fd\u017eivn\u00e1 stoup\u00e1n\u00ed (Mikolajice, Vendel\u00edn) a dol\u016f zase prudk\u00fd kamenit\u00fd sjezd. V&nbsp;Are\u00e1lu Dobr\u00e9 Pohody se kone\u010dn\u011b naj\u00edme.<\/p>\n\n\n\n<p>Po\u0159\u00e1d plat\u00ed, \u017ee chceme dojet a\u017e do Ostravy, proto\u017ee po\u010das\u00ed n\u00e1m u\u017e \u017e\u00e1dn\u00fd d\u00e9\u0161\u0165 nep\u0159inese. Z&nbsp;Hradce nad Moravic\u00ed n\u00e1s \u010dek\u00e1 6 km v\u00fdjezd, kter\u00fd je po pozdn\u00edm ob\u011bd\u011b v\u00fd\u017eivn\u00fd. Z&nbsp;<strong>Jakub\u010dovic <\/strong>u\u017e to jde p\u011bkn\u011b popo\u0159ad\u011b \u2013 <strong>Hlubo\u010dec<\/strong>, <strong>Pust\u00e1 Polom<\/strong>, <strong>Kyjovice <\/strong>a kolem tramvajov\u00e9 trati p\u0159es <strong>V\u0159esinu <\/strong>do Ostravy. Na \u0161ra\u0148k\u00e1ch ve Svinov\u011b se rozlou\u010d\u00edme s&nbsp;Bobem a ostatn\u00ed u\u017e silou v\u016fle doj\u00ed\u017ed\u00edme do Barbory. Po 114 km hezk\u00e9 zakon\u010den\u00ed kr\u00e1sn\u00e9ho v\u00fdjezdu do Jesen\u00edk\u016f!<\/p>\n<\/div><\/div>\n\n\n\n<div class=\"wp-block-kadence-tab kt-tab-inner-content kt-inner-tab-3 kt-inner-tab867a18-8c\"><div class=\"kt-tab-inner-content-inner\"><div class=\"pgc-sgb-cb wp-block-pgcsimplygalleryblock-justified \" data-gallery-id=\"be798225\"><div class=\"sgb-preloader\" id=\"pr_be798225\">\n\t<div class=\"sgb-square\" style=\"background:#d4d4d4\"><\/div>\n\t<div class=\"sgb-square\" style=\"background:#d4d4d4\"><\/div>\n\t<div class=\"sgb-square\" style=\"background:#d4d4d4\"><\/div>\n\t<div class=\"sgb-square\" style=\"background:#d4d4d4\"><\/div><\/div><div class=\"simply-gallery-amp pgc_sgb_slider \"><noscript><div class=\"sgb-gallery\"><div class=\"sgb-item\"><a href=\"https:\/\/www.cykloromantika.cz\/wp-content\/uploads\/2025\/01\/foto-2024-0517-01.jpg\"><img decoding=\"async\" alt=\"\" width=\"300\" height=\"225\" loading=\"lazy\" src=\"https:\/\/www.cykloromantika.cz\/wp-content\/uploads\/2025\/01\/foto-2024-0517-01-300x225.jpg\" srcset=\"https:\/\/www.cykloromantika.cz\/wp-content\/uploads\/2025\/01\/foto-2024-0517-01-300x225.jpg 300w,https:\/\/www.cykloromantika.cz\/wp-content\/uploads\/2025\/01\/foto-2024-0517-01.jpg 1024w\" sizes=\"auto, 250px\"\/><\/a><div class=\"sgb-item-caption\"><em>Setk\u00e1n\u00ed v opavsk\u00e9 n\u00e1dra\u017ece<\/em><\/div><\/div><div class=\"sgb-item\"><a href=\"https:\/\/www.cykloromantika.cz\/wp-content\/uploads\/2025\/01\/foto-2024-0517-02.jpg\"><img decoding=\"async\" alt=\"\" width=\"300\" height=\"225\" loading=\"lazy\" src=\"https:\/\/www.cykloromantika.cz\/wp-content\/uploads\/2025\/01\/foto-2024-0517-02-300x225.jpg\" srcset=\"https:\/\/www.cykloromantika.cz\/wp-content\/uploads\/2025\/01\/foto-2024-0517-02-300x225.jpg 300w,https:\/\/www.cykloromantika.cz\/wp-content\/uploads\/2025\/01\/foto-2024-0517-02.jpg 1024w\" sizes=\"auto, 250px\"\/><\/a><div class=\"sgb-item-caption\"><em>Spole\u010dn\u00e9 foto p\u0159ed n\u00e1stupem do vlaku<\/em><\/div><\/div><div class=\"sgb-item\"><a href=\"https:\/\/www.cykloromantika.cz\/wp-content\/uploads\/2025\/01\/foto-2024-0517-03.jpg\"><img decoding=\"async\" alt=\"\" width=\"225\" height=\"300\" loading=\"lazy\" src=\"https:\/\/www.cykloromantika.cz\/wp-content\/uploads\/2025\/01\/foto-2024-0517-03-225x300.jpg\" srcset=\"https:\/\/www.cykloromantika.cz\/wp-content\/uploads\/2025\/01\/foto-2024-0517-03-225x300.jpg 225w,https:\/\/www.cykloromantika.cz\/wp-content\/uploads\/2025\/01\/foto-2024-0517-03.jpg 768w\" sizes=\"auto, 250px\"\/><\/a><div class=\"sgb-item-caption\"><em>Druhot\u0159\u00eddn\u00ed Du\u0161\u00edk<\/em><\/div><\/div><div class=\"sgb-item\"><a href=\"https:\/\/www.cykloromantika.cz\/wp-content\/uploads\/2025\/01\/foto-2024-0517-04.jpg\"><img decoding=\"async\" alt=\"\" width=\"225\" height=\"300\" loading=\"lazy\" src=\"https:\/\/www.cykloromantika.cz\/wp-content\/uploads\/2025\/01\/foto-2024-0517-04-225x300.jpg\" srcset=\"https:\/\/www.cykloromantika.cz\/wp-content\/uploads\/2025\/01\/foto-2024-0517-04-225x300.jpg 225w,https:\/\/www.cykloromantika.cz\/wp-content\/uploads\/2025\/01\/foto-2024-0517-04.jpg 768w\" sizes=\"auto, 250px\"\/><\/a><div class=\"sgb-item-caption\"><em>V Brunt\u00e1le hled\u00e1me pivovar.<\/em><\/div><\/div><div class=\"sgb-item\"><a href=\"https:\/\/www.cykloromantika.cz\/wp-content\/uploads\/2025\/01\/foto-2024-0517-05.jpg\"><img decoding=\"async\" alt=\"\" width=\"300\" height=\"300\" loading=\"lazy\" src=\"https:\/\/www.cykloromantika.cz\/wp-content\/uploads\/2025\/01\/foto-2024-0517-05-300x300.jpg\" srcset=\"https:\/\/www.cykloromantika.cz\/wp-content\/uploads\/2025\/01\/foto-2024-0517-05-300x300.jpg 300w,https:\/\/www.cykloromantika.cz\/wp-content\/uploads\/2025\/01\/foto-2024-0517-05.jpg 1024w\" sizes=\"auto, 250px\"\/><\/a><div class=\"sgb-item-caption\"><em>Na\u0161li jsme pivovar, ale m\u00e1 zav\u0159eno.<\/em><\/div><\/div><div class=\"sgb-item\"><a href=\"https:\/\/www.cykloromantika.cz\/wp-content\/uploads\/2025\/01\/foto-2024-0517-06.jpg\"><img decoding=\"async\" alt=\"\" width=\"300\" height=\"200\" loading=\"lazy\" src=\"https:\/\/www.cykloromantika.cz\/wp-content\/uploads\/2025\/01\/foto-2024-0517-06-300x200.jpg\" srcset=\"https:\/\/www.cykloromantika.cz\/wp-content\/uploads\/2025\/01\/foto-2024-0517-06-300x200.jpg 300w,https:\/\/www.cykloromantika.cz\/wp-content\/uploads\/2025\/01\/foto-2024-0517-06.jpg 1024w\" sizes=\"auto, 250px\"\/><\/a><div class=\"sgb-item-caption\"><em>Mus\u00edme vyrazit do de\u0161t\u011b!<\/em><\/div><\/div><div class=\"sgb-item\"><a href=\"https:\/\/www.cykloromantika.cz\/wp-content\/uploads\/2025\/01\/foto-2024-0517-07.jpg\"><img decoding=\"async\" alt=\"\" width=\"300\" height=\"225\" loading=\"lazy\" src=\"https:\/\/www.cykloromantika.cz\/wp-content\/uploads\/2025\/01\/foto-2024-0517-07-300x225.jpg\" srcset=\"https:\/\/www.cykloromantika.cz\/wp-content\/uploads\/2025\/01\/foto-2024-0517-07-300x225.jpg 300w,https:\/\/www.cykloromantika.cz\/wp-content\/uploads\/2025\/01\/foto-2024-0517-07.jpg 1024w\" sizes=\"auto, 250px\"\/><\/a><div class=\"sgb-item-caption\"><em>V m\u00edru na n\u00e1m\u011bst\u00ed M\u00edru (Brunt\u00e1l)<\/em><\/div><\/div><div class=\"sgb-item\"><a href=\"https:\/\/www.cykloromantika.cz\/wp-content\/uploads\/2025\/01\/foto-2024-0517-08.jpg\"><img decoding=\"async\" alt=\"\" width=\"300\" height=\"225\" loading=\"lazy\" src=\"https:\/\/www.cykloromantika.cz\/wp-content\/uploads\/2025\/01\/foto-2024-0517-08-300x225.jpg\" srcset=\"https:\/\/www.cykloromantika.cz\/wp-content\/uploads\/2025\/01\/foto-2024-0517-08-300x225.jpg 300w,https:\/\/www.cykloromantika.cz\/wp-content\/uploads\/2025\/01\/foto-2024-0517-08.jpg 1024w\" sizes=\"auto, 250px\"\/><\/a><div class=\"sgb-item-caption\"><em>Jsme na m\u00edst\u011b v Mnichov\u011b.<\/em><\/div><\/div><div class=\"sgb-item\"><a href=\"https:\/\/www.cykloromantika.cz\/wp-content\/uploads\/2025\/01\/foto-2024-0517-09.jpg\"><img decoding=\"async\" alt=\"\" width=\"300\" height=\"225\" loading=\"lazy\" src=\"https:\/\/www.cykloromantika.cz\/wp-content\/uploads\/2025\/01\/foto-2024-0517-09-300x225.jpg\" srcset=\"https:\/\/www.cykloromantika.cz\/wp-content\/uploads\/2025\/01\/foto-2024-0517-09-300x225.jpg 300w,https:\/\/www.cykloromantika.cz\/wp-content\/uploads\/2025\/01\/foto-2024-0517-09.jpg 1024w\" sizes=\"auto, 250px\"\/><\/a><div class=\"sgb-item-caption\"><em>Su\u0161\u00edme cyklov\u011bci na z\u00edtra.<\/em><\/div><\/div><div class=\"sgb-item\"><a href=\"https:\/\/www.cykloromantika.cz\/wp-content\/uploads\/2025\/01\/foto-2024-0517-10.jpg\"><img decoding=\"async\" alt=\"\" width=\"225\" height=\"300\" loading=\"lazy\" src=\"https:\/\/www.cykloromantika.cz\/wp-content\/uploads\/2025\/01\/foto-2024-0517-10-225x300.jpg\" srcset=\"https:\/\/www.cykloromantika.cz\/wp-content\/uploads\/2025\/01\/foto-2024-0517-10-225x300.jpg 225w,https:\/\/www.cykloromantika.cz\/wp-content\/uploads\/2025\/01\/foto-2024-0517-10.jpg 768w\" sizes=\"auto, 250px\"\/><\/a><div class=\"sgb-item-caption\"><em>Infraboys<\/em><\/div><\/div><div class=\"sgb-item\"><a href=\"https:\/\/www.cykloromantika.cz\/wp-content\/uploads\/2025\/01\/foto-2024-0517-11.jpg\"><img decoding=\"async\" alt=\"\" width=\"300\" height=\"225\" loading=\"lazy\" src=\"https:\/\/www.cykloromantika.cz\/wp-content\/uploads\/2025\/01\/foto-2024-0517-11-300x225.jpg\" srcset=\"https:\/\/www.cykloromantika.cz\/wp-content\/uploads\/2025\/01\/foto-2024-0517-11-300x225.jpg 300w,https:\/\/www.cykloromantika.cz\/wp-content\/uploads\/2025\/01\/foto-2024-0517-11.jpg 1024w\" sizes=\"auto, 250px\"\/><\/a><div class=\"sgb-item-caption\"><em>Pohoda u hokeje<\/em><\/div><\/div><div class=\"sgb-item\"><a href=\"https:\/\/www.cykloromantika.cz\/wp-content\/uploads\/2025\/01\/foto-2024-0517-12.jpg\"><img decoding=\"async\" alt=\"\" width=\"300\" height=\"225\" loading=\"lazy\" src=\"https:\/\/www.cykloromantika.cz\/wp-content\/uploads\/2025\/01\/foto-2024-0517-12-300x225.jpg\" srcset=\"https:\/\/www.cykloromantika.cz\/wp-content\/uploads\/2025\/01\/foto-2024-0517-12-300x225.jpg 300w,https:\/\/www.cykloromantika.cz\/wp-content\/uploads\/2025\/01\/foto-2024-0517-12.jpg 1024w\" sizes=\"auto, 250px\"\/><\/a><\/div><div class=\"sgb-item\"><a href=\"https:\/\/www.cykloromantika.cz\/wp-content\/uploads\/2025\/01\/foto-2024-0517-13.jpg\"><img decoding=\"async\" alt=\"\" width=\"225\" height=\"300\" loading=\"lazy\" src=\"https:\/\/www.cykloromantika.cz\/wp-content\/uploads\/2025\/01\/foto-2024-0517-13-225x300.jpg\" srcset=\"https:\/\/www.cykloromantika.cz\/wp-content\/uploads\/2025\/01\/foto-2024-0517-13-225x300.jpg 225w,https:\/\/www.cykloromantika.cz\/wp-content\/uploads\/2025\/01\/foto-2024-0517-13.jpg 768w\" sizes=\"auto, 250px\"\/><\/a><div class=\"sgb-item-caption\"><em>Na ve\u010de\u0159i budou kolena!<\/em><\/div><\/div><div class=\"sgb-item\"><a href=\"https:\/\/www.cykloromantika.cz\/wp-content\/uploads\/2025\/01\/foto-2024-0517-14.jpg\"><img decoding=\"async\" alt=\"\" width=\"300\" height=\"200\" loading=\"lazy\" src=\"https:\/\/www.cykloromantika.cz\/wp-content\/uploads\/2025\/01\/foto-2024-0517-14-300x200.jpg\" srcset=\"https:\/\/www.cykloromantika.cz\/wp-content\/uploads\/2025\/01\/foto-2024-0517-14-300x200.jpg 300w,https:\/\/www.cykloromantika.cz\/wp-content\/uploads\/2025\/01\/foto-2024-0517-14.jpg 1024w\" sizes=\"auto, 250px\"\/><\/a><div class=\"sgb-item-caption\"><em>Kdo ne\u017eere, fot\u00ed!<\/em><\/div><\/div><div class=\"sgb-item\"><a href=\"https:\/\/www.cykloromantika.cz\/wp-content\/uploads\/2025\/01\/foto-2024-0517-15.jpg\"><img decoding=\"async\" alt=\"\" width=\"225\" height=\"300\" loading=\"lazy\" src=\"https:\/\/www.cykloromantika.cz\/wp-content\/uploads\/2025\/01\/foto-2024-0517-15-225x300.jpg\" srcset=\"https:\/\/www.cykloromantika.cz\/wp-content\/uploads\/2025\/01\/foto-2024-0517-15-225x300.jpg 225w,https:\/\/www.cykloromantika.cz\/wp-content\/uploads\/2025\/01\/foto-2024-0517-15.jpg 768w\" sizes=\"auto, 250px\"\/><\/a><div class=\"sgb-item-caption\"><em>Nenech\u00e1me zbytky!<\/em><\/div><\/div><div class=\"sgb-item\"><a href=\"https:\/\/www.cykloromantika.cz\/wp-content\/uploads\/2025\/01\/foto-2024-0518-01.jpg\"><img decoding=\"async\" alt=\"\" width=\"300\" height=\"225\" loading=\"lazy\" src=\"https:\/\/www.cykloromantika.cz\/wp-content\/uploads\/2025\/01\/foto-2024-0518-01-300x225.jpg\" srcset=\"https:\/\/www.cykloromantika.cz\/wp-content\/uploads\/2025\/01\/foto-2024-0518-01-300x225.jpg 300w,https:\/\/www.cykloromantika.cz\/wp-content\/uploads\/2025\/01\/foto-2024-0518-01.jpg 1024w\" sizes=\"auto, 250px\"\/><\/a><div class=\"sgb-item-caption\"><em>Chata m\u011bla kr\u00e1snou zahradu.<\/em><\/div><\/div><div class=\"sgb-item\"><a href=\"https:\/\/www.cykloromantika.cz\/wp-content\/uploads\/2025\/01\/foto-2024-0518-02.jpg\"><img decoding=\"async\" alt=\"\" width=\"300\" height=\"225\" loading=\"lazy\" src=\"https:\/\/www.cykloromantika.cz\/wp-content\/uploads\/2025\/01\/foto-2024-0518-02-300x225.jpg\" srcset=\"https:\/\/www.cykloromantika.cz\/wp-content\/uploads\/2025\/01\/foto-2024-0518-02-300x225.jpg 300w,https:\/\/www.cykloromantika.cz\/wp-content\/uploads\/2025\/01\/foto-2024-0518-02.jpg 1024w\" sizes=\"auto, 250px\"\/><\/a><div class=\"sgb-item-caption\"><em>Po\u010das\u00ed je povzbuzuj\u00edc\u00ed.<\/em><\/div><\/div><div class=\"sgb-item\"><a href=\"https:\/\/www.cykloromantika.cz\/wp-content\/uploads\/2025\/01\/foto-2024-0518-03.jpg\"><img decoding=\"async\" alt=\"\" width=\"300\" height=\"200\" loading=\"lazy\" src=\"https:\/\/www.cykloromantika.cz\/wp-content\/uploads\/2025\/01\/foto-2024-0518-03-300x200.jpg\" srcset=\"https:\/\/www.cykloromantika.cz\/wp-content\/uploads\/2025\/01\/foto-2024-0518-03-300x200.jpg 300w,https:\/\/www.cykloromantika.cz\/wp-content\/uploads\/2025\/01\/foto-2024-0518-03.jpg 1024w\" sizes=\"auto, 250px\"\/><\/a><div class=\"sgb-item-caption\"><em>Tak jedeme!<\/em><\/div><\/div><div class=\"sgb-item\"><a href=\"https:\/\/www.cykloromantika.cz\/wp-content\/uploads\/2025\/01\/foto-2024-0518-04.jpg\"><img decoding=\"async\" alt=\"\" width=\"300\" height=\"225\" loading=\"lazy\" src=\"https:\/\/www.cykloromantika.cz\/wp-content\/uploads\/2025\/01\/foto-2024-0518-04-300x225.jpg\" srcset=\"https:\/\/www.cykloromantika.cz\/wp-content\/uploads\/2025\/01\/foto-2024-0518-04-300x225.jpg 300w,https:\/\/www.cykloromantika.cz\/wp-content\/uploads\/2025\/01\/foto-2024-0518-04.jpg 1024w\" sizes=\"auto, 250px\"\/><\/a><div class=\"sgb-item-caption\"><em>Dopln\u011bn\u00ed cukr\u016f v Karlov\u011b Stud\u00e1nce<\/em><\/div><\/div><div class=\"sgb-item\"><a href=\"https:\/\/www.cykloromantika.cz\/wp-content\/uploads\/2025\/01\/foto-2024-0518-05.jpg\"><img decoding=\"async\" alt=\"\" width=\"300\" height=\"200\" loading=\"lazy\" src=\"https:\/\/www.cykloromantika.cz\/wp-content\/uploads\/2025\/01\/foto-2024-0518-05-300x200.jpg\" srcset=\"https:\/\/www.cykloromantika.cz\/wp-content\/uploads\/2025\/01\/foto-2024-0518-05-300x200.jpg 300w,https:\/\/www.cykloromantika.cz\/wp-content\/uploads\/2025\/01\/foto-2024-0518-05.jpg 1024w\" sizes=\"auto, 250px\"\/><\/a><div class=\"sgb-item-caption\"><em>Pramen Petr<\/em><\/div><\/div><div class=\"sgb-item\"><a href=\"https:\/\/www.cykloromantika.cz\/wp-content\/uploads\/2025\/01\/foto-2024-0518-06.jpg\"><img decoding=\"async\" alt=\"\" width=\"300\" height=\"200\" loading=\"lazy\" src=\"https:\/\/www.cykloromantika.cz\/wp-content\/uploads\/2025\/01\/foto-2024-0518-06-300x200.jpg\" srcset=\"https:\/\/www.cykloromantika.cz\/wp-content\/uploads\/2025\/01\/foto-2024-0518-06-300x200.jpg 300w,https:\/\/www.cykloromantika.cz\/wp-content\/uploads\/2025\/01\/foto-2024-0518-06.jpg 1024w\" sizes=\"auto, 250px\"\/><\/a><div class=\"sgb-item-caption\"><em>Na Prad\u011bdu<\/em><\/div><\/div><div class=\"sgb-item\"><a href=\"https:\/\/www.cykloromantika.cz\/wp-content\/uploads\/2025\/01\/foto-2024-0518-07.jpg\"><img decoding=\"async\" alt=\"\" width=\"300\" height=\"200\" loading=\"lazy\" src=\"https:\/\/www.cykloromantika.cz\/wp-content\/uploads\/2025\/01\/foto-2024-0518-07-300x200.jpg\" srcset=\"https:\/\/www.cykloromantika.cz\/wp-content\/uploads\/2025\/01\/foto-2024-0518-07-300x200.jpg 300w,https:\/\/www.cykloromantika.cz\/wp-content\/uploads\/2025\/01\/foto-2024-0518-07.jpg 1024w\" sizes=\"auto, 250px\"\/><\/a><div class=\"sgb-item-caption\"><em>Obl\u00e9k\u00e1me se na sjezd.<\/em><\/div><\/div><div class=\"sgb-item\"><a href=\"https:\/\/www.cykloromantika.cz\/wp-content\/uploads\/2025\/01\/foto-2024-0518-08.jpg\"><img decoding=\"async\" alt=\"\" width=\"225\" height=\"300\" loading=\"lazy\" src=\"https:\/\/www.cykloromantika.cz\/wp-content\/uploads\/2025\/01\/foto-2024-0518-08-225x300.jpg\" srcset=\"https:\/\/www.cykloromantika.cz\/wp-content\/uploads\/2025\/01\/foto-2024-0518-08-225x300.jpg 225w,https:\/\/www.cykloromantika.cz\/wp-content\/uploads\/2025\/01\/foto-2024-0518-08.jpg 768w\" sizes=\"auto, 250px\"\/><\/a><div class=\"sgb-item-caption\"><em>Vrcholovka nezbytn\u00e1<\/em><\/div><\/div><div class=\"sgb-item\"><a href=\"https:\/\/www.cykloromantika.cz\/wp-content\/uploads\/2025\/01\/foto-2024-0518-09.jpg\"><img decoding=\"async\" alt=\"\" width=\"225\" height=\"300\" loading=\"lazy\" src=\"https:\/\/www.cykloromantika.cz\/wp-content\/uploads\/2025\/01\/foto-2024-0518-09-225x300.jpg\" srcset=\"https:\/\/www.cykloromantika.cz\/wp-content\/uploads\/2025\/01\/foto-2024-0518-09-225x300.jpg 225w,https:\/\/www.cykloromantika.cz\/wp-content\/uploads\/2025\/01\/foto-2024-0518-09.jpg 768w\" sizes=\"auto, 250px\"\/><\/a><div class=\"sgb-item-caption\"><em>Vrcholovka kompletn\u00ed<\/em><\/div><\/div><div class=\"sgb-item\"><a href=\"https:\/\/www.cykloromantika.cz\/wp-content\/uploads\/2025\/01\/foto-2024-0518-10.jpg\"><img decoding=\"async\" alt=\"\" width=\"300\" height=\"200\" loading=\"lazy\" src=\"https:\/\/www.cykloromantika.cz\/wp-content\/uploads\/2025\/01\/foto-2024-0518-10-300x200.jpg\" srcset=\"https:\/\/www.cykloromantika.cz\/wp-content\/uploads\/2025\/01\/foto-2024-0518-10-300x200.jpg 300w,https:\/\/www.cykloromantika.cz\/wp-content\/uploads\/2025\/01\/foto-2024-0518-10.jpg 1024w\" sizes=\"auto, 250px\"\/><\/a><div class=\"sgb-item-caption\"><em>Na \u0160v\u00fdcarn\u011b<\/em><\/div><\/div><div class=\"sgb-item\"><a href=\"https:\/\/www.cykloromantika.cz\/wp-content\/uploads\/2025\/01\/foto-2024-0518-11.jpg\"><img decoding=\"async\" alt=\"\" width=\"225\" height=\"300\" loading=\"lazy\" src=\"https:\/\/www.cykloromantika.cz\/wp-content\/uploads\/2025\/01\/foto-2024-0518-11-225x300.jpg\" srcset=\"https:\/\/www.cykloromantika.cz\/wp-content\/uploads\/2025\/01\/foto-2024-0518-11-225x300.jpg 225w,https:\/\/www.cykloromantika.cz\/wp-content\/uploads\/2025\/01\/foto-2024-0518-11.jpg 768w\" sizes=\"auto, 250px\"\/><\/a><div class=\"sgb-item-caption\"><em>Hlady \u0161vidr\u00e1me!<\/em><\/div><\/div><div class=\"sgb-item\"><a href=\"https:\/\/www.cykloromantika.cz\/wp-content\/uploads\/2025\/01\/foto-2024-0518-12.jpg\"><img decoding=\"async\" alt=\"\" width=\"300\" height=\"225\" loading=\"lazy\" src=\"https:\/\/www.cykloromantika.cz\/wp-content\/uploads\/2025\/01\/foto-2024-0518-12-300x225.jpg\" srcset=\"https:\/\/www.cykloromantika.cz\/wp-content\/uploads\/2025\/01\/foto-2024-0518-12-300x225.jpg 300w,https:\/\/www.cykloromantika.cz\/wp-content\/uploads\/2025\/01\/foto-2024-0518-12.jpg 1024w\" sizes=\"auto, 250px\"\/><\/a><div class=\"sgb-item-caption\"><em>Siesta po j\u00eddle<\/em><\/div><\/div><div class=\"sgb-item\"><a href=\"https:\/\/www.cykloromantika.cz\/wp-content\/uploads\/2025\/01\/foto-2024-0518-13.jpg\"><img decoding=\"async\" alt=\"\" width=\"300\" height=\"169\" loading=\"lazy\" src=\"https:\/\/www.cykloromantika.cz\/wp-content\/uploads\/2025\/01\/foto-2024-0518-13-300x169.jpg\" srcset=\"https:\/\/www.cykloromantika.cz\/wp-content\/uploads\/2025\/01\/foto-2024-0518-13-300x169.jpg 300w,https:\/\/www.cykloromantika.cz\/wp-content\/uploads\/2025\/01\/foto-2024-0518-13.jpg 1024w\" sizes=\"auto, 250px\"\/><\/a><div class=\"sgb-item-caption\"><em>Skupinov\u00e1 fote\u010dka pouh\u00e1 pro rodinu<\/em><\/div><\/div><div class=\"sgb-item\"><a href=\"https:\/\/www.cykloromantika.cz\/wp-content\/uploads\/2025\/01\/foto-2024-0518-14.jpg\"><img decoding=\"async\" alt=\"\" width=\"300\" height=\"200\" loading=\"lazy\" src=\"https:\/\/www.cykloromantika.cz\/wp-content\/uploads\/2025\/01\/foto-2024-0518-14-300x200.jpg\" srcset=\"https:\/\/www.cykloromantika.cz\/wp-content\/uploads\/2025\/01\/foto-2024-0518-14-300x200.jpg 300w,https:\/\/www.cykloromantika.cz\/wp-content\/uploads\/2025\/01\/foto-2024-0518-14.jpg 1024w\" sizes=\"auto, 250px\"\/><\/a><div class=\"sgb-item-caption\"><em>V detailu<\/em><\/div><\/div><div class=\"sgb-item\"><a href=\"https:\/\/www.cykloromantika.cz\/wp-content\/uploads\/2025\/01\/foto-2024-0518-15.jpg\"><img decoding=\"async\" alt=\"\" width=\"300\" height=\"169\" loading=\"lazy\" src=\"https:\/\/www.cykloromantika.cz\/wp-content\/uploads\/2025\/01\/foto-2024-0518-15-300x169.jpg\" srcset=\"https:\/\/www.cykloromantika.cz\/wp-content\/uploads\/2025\/01\/foto-2024-0518-15-300x169.jpg 300w,https:\/\/www.cykloromantika.cz\/wp-content\/uploads\/2025\/01\/foto-2024-0518-15.jpg 1024w\" sizes=\"auto, 250px\"\/><\/a><div class=\"sgb-item-caption\"><em>Cel\u00e1 \u0160v\u00fdcarna s na\u0161\u00ed mali\u0159kost\u00ed!<\/em><\/div><\/div><div class=\"sgb-item\"><a href=\"https:\/\/www.cykloromantika.cz\/wp-content\/uploads\/2025\/01\/foto-2024-0518-16.jpg\"><img decoding=\"async\" alt=\"\" width=\"300\" height=\"169\" loading=\"lazy\" src=\"https:\/\/www.cykloromantika.cz\/wp-content\/uploads\/2025\/01\/foto-2024-0518-16-300x169.jpg\" srcset=\"https:\/\/www.cykloromantika.cz\/wp-content\/uploads\/2025\/01\/foto-2024-0518-16-300x169.jpg 300w,https:\/\/www.cykloromantika.cz\/wp-content\/uploads\/2025\/01\/foto-2024-0518-16.jpg 1024w\" sizes=\"auto, 250px\"\/><\/a><\/div><div class=\"sgb-item\"><a href=\"https:\/\/www.cykloromantika.cz\/wp-content\/uploads\/2025\/01\/foto-2024-0518-17.jpg\"><img decoding=\"async\" alt=\"\" width=\"225\" height=\"300\" loading=\"lazy\" src=\"https:\/\/www.cykloromantika.cz\/wp-content\/uploads\/2025\/01\/foto-2024-0518-17-225x300.jpg\" srcset=\"https:\/\/www.cykloromantika.cz\/wp-content\/uploads\/2025\/01\/foto-2024-0518-17-225x300.jpg 225w,https:\/\/www.cykloromantika.cz\/wp-content\/uploads\/2025\/01\/foto-2024-0518-17.jpg 768w\" sizes=\"auto, 250px\"\/><\/a><div class=\"sgb-item-caption\"><em>Rock garden na \u010cervenohosrk\u00e9 sedlo<\/em><\/div><\/div><div class=\"sgb-item\"><a href=\"https:\/\/www.cykloromantika.cz\/wp-content\/uploads\/2025\/01\/foto-2024-0518-18.jpg\"><img decoding=\"async\" alt=\"\" width=\"225\" height=\"300\" loading=\"lazy\" src=\"https:\/\/www.cykloromantika.cz\/wp-content\/uploads\/2025\/01\/foto-2024-0518-18-225x300.jpg\" srcset=\"https:\/\/www.cykloromantika.cz\/wp-content\/uploads\/2025\/01\/foto-2024-0518-18-225x300.jpg 225w,https:\/\/www.cykloromantika.cz\/wp-content\/uploads\/2025\/01\/foto-2024-0518-18.jpg 768w\" sizes=\"auto, 250px\"\/><\/a><\/div><div class=\"sgb-item\"><a href=\"https:\/\/www.cykloromantika.cz\/wp-content\/uploads\/2025\/01\/foto-2024-0518-19.jpg\"><img decoding=\"async\" alt=\"\" width=\"225\" height=\"300\" loading=\"lazy\" src=\"https:\/\/www.cykloromantika.cz\/wp-content\/uploads\/2025\/01\/foto-2024-0518-19-225x300.jpg\" srcset=\"https:\/\/www.cykloromantika.cz\/wp-content\/uploads\/2025\/01\/foto-2024-0518-19-225x300.jpg 225w,https:\/\/www.cykloromantika.cz\/wp-content\/uploads\/2025\/01\/foto-2024-0518-19.jpg 768w\" sizes=\"auto, 250px\"\/><\/a><\/div><div class=\"sgb-item\"><a href=\"https:\/\/www.cykloromantika.cz\/wp-content\/uploads\/2025\/01\/foto-2024-0518-20.jpg\"><img decoding=\"async\" alt=\"\" width=\"225\" height=\"300\" loading=\"lazy\" src=\"https:\/\/www.cykloromantika.cz\/wp-content\/uploads\/2025\/01\/foto-2024-0518-20-225x300.jpg\" srcset=\"https:\/\/www.cykloromantika.cz\/wp-content\/uploads\/2025\/01\/foto-2024-0518-20-225x300.jpg 225w,https:\/\/www.cykloromantika.cz\/wp-content\/uploads\/2025\/01\/foto-2024-0518-20.jpg 768w\" sizes=\"auto, 250px\"\/><\/a><\/div><div class=\"sgb-item\"><a href=\"https:\/\/www.cykloromantika.cz\/wp-content\/uploads\/2025\/01\/foto-2024-0518-21.jpg\"><img decoding=\"async\" alt=\"\" width=\"225\" height=\"300\" loading=\"lazy\" src=\"https:\/\/www.cykloromantika.cz\/wp-content\/uploads\/2025\/01\/foto-2024-0518-21-225x300.jpg\" srcset=\"https:\/\/www.cykloromantika.cz\/wp-content\/uploads\/2025\/01\/foto-2024-0518-21-225x300.jpg 225w,https:\/\/www.cykloromantika.cz\/wp-content\/uploads\/2025\/01\/foto-2024-0518-21.jpg 768w\" sizes=\"auto, 250px\"\/><\/a><\/div><div class=\"sgb-item\"><a href=\"https:\/\/www.cykloromantika.cz\/wp-content\/uploads\/2025\/01\/foto-2024-0518-22.jpg\"><img decoding=\"async\" alt=\"\" width=\"225\" height=\"300\" loading=\"lazy\" src=\"https:\/\/www.cykloromantika.cz\/wp-content\/uploads\/2025\/01\/foto-2024-0518-22-225x300.jpg\" srcset=\"https:\/\/www.cykloromantika.cz\/wp-content\/uploads\/2025\/01\/foto-2024-0518-22-225x300.jpg 225w,https:\/\/www.cykloromantika.cz\/wp-content\/uploads\/2025\/01\/foto-2024-0518-22.jpg 768w\" sizes=\"auto, 250px\"\/><\/a><\/div><div class=\"sgb-item\"><a href=\"https:\/\/www.cykloromantika.cz\/wp-content\/uploads\/2025\/01\/foto-2024-0518-23.jpg\"><img decoding=\"async\" alt=\"\" width=\"225\" height=\"300\" loading=\"lazy\" src=\"https:\/\/www.cykloromantika.cz\/wp-content\/uploads\/2025\/01\/foto-2024-0518-23-225x300.jpg\" srcset=\"https:\/\/www.cykloromantika.cz\/wp-content\/uploads\/2025\/01\/foto-2024-0518-23-225x300.jpg 225w,https:\/\/www.cykloromantika.cz\/wp-content\/uploads\/2025\/01\/foto-2024-0518-23.jpg 768w\" sizes=\"auto, 250px\"\/><\/a><div class=\"sgb-item-caption\"><em>Bobo to bere s \u00fasm\u011bvem, narozd\u00edl od jeho kola!<\/em><\/div><\/div><div class=\"sgb-item\"><a href=\"https:\/\/www.cykloromantika.cz\/wp-content\/uploads\/2025\/01\/foto-2024-0518-24.jpg\"><img decoding=\"async\" alt=\"\" width=\"300\" height=\"169\" loading=\"lazy\" src=\"https:\/\/www.cykloromantika.cz\/wp-content\/uploads\/2025\/01\/foto-2024-0518-24-300x169.jpg\" srcset=\"https:\/\/www.cykloromantika.cz\/wp-content\/uploads\/2025\/01\/foto-2024-0518-24-300x169.jpg 300w,https:\/\/www.cykloromantika.cz\/wp-content\/uploads\/2025\/01\/foto-2024-0518-24.jpg 1024w\" sizes=\"auto, 250px\"\/><\/a><div class=\"sgb-item-caption\"><em>\u010cervenohosrk\u00e9 sedlo<\/em><\/div><\/div><div class=\"sgb-item\"><a href=\"https:\/\/www.cykloromantika.cz\/wp-content\/uploads\/2025\/01\/foto-2024-0518-25.jpg\"><img decoding=\"async\" alt=\"\" width=\"300\" height=\"169\" loading=\"lazy\" src=\"https:\/\/www.cykloromantika.cz\/wp-content\/uploads\/2025\/01\/foto-2024-0518-25-300x169.jpg\" srcset=\"https:\/\/www.cykloromantika.cz\/wp-content\/uploads\/2025\/01\/foto-2024-0518-25-300x169.jpg 300w,https:\/\/www.cykloromantika.cz\/wp-content\/uploads\/2025\/01\/foto-2024-0518-25.jpg 1024w\" sizes=\"auto, 250px\"\/><\/a><div class=\"sgb-item-caption\"><em>\u010cervenohosrk\u00e9 sedlo<\/em><\/div><\/div><div class=\"sgb-item\"><a href=\"https:\/\/www.cykloromantika.cz\/wp-content\/uploads\/2025\/01\/foto-2024-0518-26.jpg\"><img decoding=\"async\" alt=\"\" width=\"300\" height=\"225\" loading=\"lazy\" src=\"https:\/\/www.cykloromantika.cz\/wp-content\/uploads\/2025\/01\/foto-2024-0518-26-300x225.jpg\" srcset=\"https:\/\/www.cykloromantika.cz\/wp-content\/uploads\/2025\/01\/foto-2024-0518-26-300x225.jpg 300w,https:\/\/www.cykloromantika.cz\/wp-content\/uploads\/2025\/01\/foto-2024-0518-26.jpg 1024w\" sizes=\"auto, 250px\"\/><\/a><div class=\"sgb-item-caption\"><em>\u010cervenohosrk\u00e9 sedlo<\/em><\/div><\/div><div class=\"sgb-item\"><a href=\"https:\/\/www.cykloromantika.cz\/wp-content\/uploads\/2025\/01\/foto-2024-0518-27.jpg\"><img decoding=\"async\" alt=\"\" width=\"300\" height=\"225\" loading=\"lazy\" src=\"https:\/\/www.cykloromantika.cz\/wp-content\/uploads\/2025\/01\/foto-2024-0518-27-300x225.jpg\" srcset=\"https:\/\/www.cykloromantika.cz\/wp-content\/uploads\/2025\/01\/foto-2024-0518-27-300x225.jpg 300w,https:\/\/www.cykloromantika.cz\/wp-content\/uploads\/2025\/01\/foto-2024-0518-27.jpg 1024w\" sizes=\"auto, 250px\"\/><\/a><div class=\"sgb-item-caption\"><em>Rozhodnut\u00ed o zrychlen\u00e9m odjezdu<\/em><\/div><\/div><div class=\"sgb-item\"><a href=\"https:\/\/www.cykloromantika.cz\/wp-content\/uploads\/2025\/01\/foto-2024-0518-28.jpg\"><img decoding=\"async\" alt=\"\" width=\"225\" height=\"300\" loading=\"lazy\" src=\"https:\/\/www.cykloromantika.cz\/wp-content\/uploads\/2025\/01\/foto-2024-0518-28-225x300.jpg\" srcset=\"https:\/\/www.cykloromantika.cz\/wp-content\/uploads\/2025\/01\/foto-2024-0518-28-225x300.jpg 225w,https:\/\/www.cykloromantika.cz\/wp-content\/uploads\/2025\/01\/foto-2024-0518-28.jpg 768w\" sizes=\"auto, 250px\"\/><\/a><div class=\"sgb-item-caption\"><em>Tak je\u0161t\u011b spole\u010dnou fotku<\/em><\/div><\/div><div class=\"sgb-item\"><a href=\"https:\/\/www.cykloromantika.cz\/wp-content\/uploads\/2025\/01\/foto-2024-0518-29.jpg\"><img decoding=\"async\" alt=\"\" width=\"225\" height=\"300\" loading=\"lazy\" src=\"https:\/\/www.cykloromantika.cz\/wp-content\/uploads\/2025\/01\/foto-2024-0518-29-225x300.jpg\" srcset=\"https:\/\/www.cykloromantika.cz\/wp-content\/uploads\/2025\/01\/foto-2024-0518-29-225x300.jpg 225w,https:\/\/www.cykloromantika.cz\/wp-content\/uploads\/2025\/01\/foto-2024-0518-29.jpg 768w\" sizes=\"auto, 250px\"\/><\/a><div class=\"sgb-item-caption\"><em>Du\u0161\u00edk vid\u011bl v\u00fdzvu a tak ji p\u0159ekonal!<\/em><\/div><\/div><div class=\"sgb-item\"><a href=\"https:\/\/www.cykloromantika.cz\/wp-content\/uploads\/2025\/01\/foto-2024-0518-30.jpg\"><img decoding=\"async\" alt=\"\" width=\"300\" height=\"225\" loading=\"lazy\" src=\"https:\/\/www.cykloromantika.cz\/wp-content\/uploads\/2025\/01\/foto-2024-0518-30-300x225.jpg\" srcset=\"https:\/\/www.cykloromantika.cz\/wp-content\/uploads\/2025\/01\/foto-2024-0518-30-300x225.jpg 300w,https:\/\/www.cykloromantika.cz\/wp-content\/uploads\/2025\/01\/foto-2024-0518-30.jpg 1024w\" sizes=\"auto, 250px\"\/><\/a><div class=\"sgb-item-caption\"><em>Kaple sv. Hedviky na Vidl\u00edch<\/em><\/div><\/div><div class=\"sgb-item\"><a href=\"https:\/\/www.cykloromantika.cz\/wp-content\/uploads\/2025\/01\/foto-2024-0518-31.jpg\"><img decoding=\"async\" alt=\"\" width=\"225\" height=\"300\" loading=\"lazy\" src=\"https:\/\/www.cykloromantika.cz\/wp-content\/uploads\/2025\/01\/foto-2024-0518-31-225x300.jpg\" srcset=\"https:\/\/www.cykloromantika.cz\/wp-content\/uploads\/2025\/01\/foto-2024-0518-31-225x300.jpg 225w,https:\/\/www.cykloromantika.cz\/wp-content\/uploads\/2025\/01\/foto-2024-0518-31.jpg 768w\" sizes=\"auto, 250px\"\/><\/a><div class=\"sgb-item-caption\"><em>Kr\u00e1sn\u00e9 m\u00edsto na Vidl\u00edch<\/em><\/div><\/div><div class=\"sgb-item\"><a href=\"https:\/\/www.cykloromantika.cz\/wp-content\/uploads\/2025\/01\/foto-2024-0518-32.jpg\"><img decoding=\"async\" alt=\"\" width=\"169\" height=\"300\" loading=\"lazy\" src=\"https:\/\/www.cykloromantika.cz\/wp-content\/uploads\/2025\/01\/foto-2024-0518-32-169x300.jpg\" srcset=\"https:\/\/www.cykloromantika.cz\/wp-content\/uploads\/2025\/01\/foto-2024-0518-32-169x300.jpg 169w,https:\/\/www.cykloromantika.cz\/wp-content\/uploads\/2025\/01\/foto-2024-0518-32.jpg 576w\" sizes=\"auto, 250px\"\/><\/a><div class=\"sgb-item-caption\"><em>Tradi\u010dn\u00ed kole\u010dko (Pod Prad\u011bdem)<\/em><\/div><\/div><div class=\"sgb-item\"><a href=\"https:\/\/www.cykloromantika.cz\/wp-content\/uploads\/2025\/01\/foto-2024-0518-33.jpg\"><img decoding=\"async\" alt=\"\" width=\"225\" height=\"300\" loading=\"lazy\" src=\"https:\/\/www.cykloromantika.cz\/wp-content\/uploads\/2025\/01\/foto-2024-0518-33-225x300.jpg\" srcset=\"https:\/\/www.cykloromantika.cz\/wp-content\/uploads\/2025\/01\/foto-2024-0518-33-225x300.jpg 225w,https:\/\/www.cykloromantika.cz\/wp-content\/uploads\/2025\/01\/foto-2024-0518-33.jpg 768w\" sizes=\"auto, 250px\"\/><\/a><div class=\"sgb-item-caption\"><em>Trochu chladn\u011bji bylo!<\/em><\/div><\/div><div class=\"sgb-item\"><a href=\"https:\/\/www.cykloromantika.cz\/wp-content\/uploads\/2025\/01\/foto-2024-0518-34.jpg\"><img decoding=\"async\" alt=\"\" width=\"300\" height=\"225\" loading=\"lazy\" src=\"https:\/\/www.cykloromantika.cz\/wp-content\/uploads\/2025\/01\/foto-2024-0518-34-300x225.jpg\" srcset=\"https:\/\/www.cykloromantika.cz\/wp-content\/uploads\/2025\/01\/foto-2024-0518-34-300x225.jpg 300w,https:\/\/www.cykloromantika.cz\/wp-content\/uploads\/2025\/01\/foto-2024-0518-34.jpg 1024w\" sizes=\"auto, 250px\"\/><\/a><div class=\"sgb-item-caption\"><em>Zimujeme tedy vevnit\u0159!<\/em><\/div><\/div><div class=\"sgb-item\"><a href=\"https:\/\/www.cykloromantika.cz\/wp-content\/uploads\/2025\/01\/foto-2024-0519-01.jpg\"><img decoding=\"async\" alt=\"\" width=\"300\" height=\"225\" loading=\"lazy\" src=\"https:\/\/www.cykloromantika.cz\/wp-content\/uploads\/2025\/01\/foto-2024-0519-01-300x225.jpg\" srcset=\"https:\/\/www.cykloromantika.cz\/wp-content\/uploads\/2025\/01\/foto-2024-0519-01-300x225.jpg 300w,https:\/\/www.cykloromantika.cz\/wp-content\/uploads\/2025\/01\/foto-2024-0519-01.jpg 1024w\" sizes=\"auto, 250px\"\/><\/a><div class=\"sgb-item-caption\"><em>Ned\u011ble vypad\u00e1 kr\u00e1sn\u011b.<\/em><\/div><\/div><div class=\"sgb-item\"><a href=\"https:\/\/www.cykloromantika.cz\/wp-content\/uploads\/2025\/01\/foto-2024-0519-02.jpg\"><img decoding=\"async\" alt=\"\" width=\"300\" height=\"225\" loading=\"lazy\" src=\"https:\/\/www.cykloromantika.cz\/wp-content\/uploads\/2025\/01\/foto-2024-0519-02-300x225.jpg\" srcset=\"https:\/\/www.cykloromantika.cz\/wp-content\/uploads\/2025\/01\/foto-2024-0519-02-300x225.jpg 300w,https:\/\/www.cykloromantika.cz\/wp-content\/uploads\/2025\/01\/foto-2024-0519-02.jpg 1024w\" sizes=\"auto, 250px\"\/><\/a><div class=\"sgb-item-caption\"><em>Vyhod\u00edme odpad a vyraz\u00edme.<\/em><\/div><\/div><div class=\"sgb-item\"><a href=\"https:\/\/www.cykloromantika.cz\/wp-content\/uploads\/2025\/01\/foto-2024-0519-03.jpg\"><img decoding=\"async\" alt=\"\" width=\"300\" height=\"225\" loading=\"lazy\" src=\"https:\/\/www.cykloromantika.cz\/wp-content\/uploads\/2025\/01\/foto-2024-0519-03-300x225.jpg\" srcset=\"https:\/\/www.cykloromantika.cz\/wp-content\/uploads\/2025\/01\/foto-2024-0519-03-300x225.jpg 300w,https:\/\/www.cykloromantika.cz\/wp-content\/uploads\/2025\/01\/foto-2024-0519-03.jpg 1024w\" sizes=\"auto, 250px\"\/><\/a><div class=\"sgb-item-caption\"><em>Snad tento povrch nen\u00ed kone\u010dn\u00fd!<\/em><\/div><\/div><div class=\"sgb-item\"><a href=\"https:\/\/www.cykloromantika.cz\/wp-content\/uploads\/2025\/01\/foto-2024-0519-04.jpg\"><img decoding=\"async\" alt=\"\" width=\"225\" height=\"300\" loading=\"lazy\" src=\"https:\/\/www.cykloromantika.cz\/wp-content\/uploads\/2025\/01\/foto-2024-0519-04-225x300.jpg\" srcset=\"https:\/\/www.cykloromantika.cz\/wp-content\/uploads\/2025\/01\/foto-2024-0519-04-225x300.jpg 225w,https:\/\/www.cykloromantika.cz\/wp-content\/uploads\/2025\/01\/foto-2024-0519-04.jpg 768w\" sizes=\"auto, 250px\"\/><\/a><div class=\"sgb-item-caption\"><em>Op\u011bt Du\u0161\u00edkova v\u00fdzva<\/em><\/div><\/div><div class=\"sgb-item\"><a href=\"https:\/\/www.cykloromantika.cz\/wp-content\/uploads\/2025\/01\/foto-2024-0519-05.jpg\"><img decoding=\"async\" alt=\"\" width=\"300\" height=\"200\" loading=\"lazy\" src=\"https:\/\/www.cykloromantika.cz\/wp-content\/uploads\/2025\/01\/foto-2024-0519-05-300x200.jpg\" srcset=\"https:\/\/www.cykloromantika.cz\/wp-content\/uploads\/2025\/01\/foto-2024-0519-05-300x200.jpg 300w,https:\/\/www.cykloromantika.cz\/wp-content\/uploads\/2025\/01\/foto-2024-0519-05.jpg 1024w\" sizes=\"auto, 250px\"\/><\/a><div class=\"sgb-item-caption\"><em>Lom \u0160ifr<\/em><\/div><\/div><div class=\"sgb-item\"><a href=\"https:\/\/www.cykloromantika.cz\/wp-content\/uploads\/2025\/01\/foto-2024-0519-06.jpg\"><img decoding=\"async\" alt=\"\" width=\"225\" height=\"300\" loading=\"lazy\" src=\"https:\/\/www.cykloromantika.cz\/wp-content\/uploads\/2025\/01\/foto-2024-0519-06-225x300.jpg\" srcset=\"https:\/\/www.cykloromantika.cz\/wp-content\/uploads\/2025\/01\/foto-2024-0519-06-225x300.jpg 225w,https:\/\/www.cykloromantika.cz\/wp-content\/uploads\/2025\/01\/foto-2024-0519-06.jpg 768w\" sizes=\"auto, 250px\"\/><\/a><div class=\"sgb-item-caption\"><em>Policejn\u00ed provokace<\/em><\/div><\/div><div class=\"sgb-item\"><a href=\"https:\/\/www.cykloromantika.cz\/wp-content\/uploads\/2025\/01\/foto-2024-0519-07.jpg\"><img decoding=\"async\" alt=\"\" width=\"225\" height=\"300\" loading=\"lazy\" src=\"https:\/\/www.cykloromantika.cz\/wp-content\/uploads\/2025\/01\/foto-2024-0519-07-225x300.jpg\" srcset=\"https:\/\/www.cykloromantika.cz\/wp-content\/uploads\/2025\/01\/foto-2024-0519-07-225x300.jpg 225w,https:\/\/www.cykloromantika.cz\/wp-content\/uploads\/2025\/01\/foto-2024-0519-07.jpg 768w\" sizes=\"auto, 250px\"\/><\/a><div class=\"sgb-item-caption\"><em>Tak\u00e9 policejn\u00ed provokace<\/em><\/div><\/div><div class=\"sgb-item\"><a href=\"https:\/\/www.cykloromantika.cz\/wp-content\/uploads\/2025\/01\/foto-2024-0519-08.jpg\"><img decoding=\"async\" alt=\"\" width=\"300\" height=\"225\" loading=\"lazy\" src=\"https:\/\/www.cykloromantika.cz\/wp-content\/uploads\/2025\/01\/foto-2024-0519-08-300x225.jpg\" srcset=\"https:\/\/www.cykloromantika.cz\/wp-content\/uploads\/2025\/01\/foto-2024-0519-08-300x225.jpg 300w,https:\/\/www.cykloromantika.cz\/wp-content\/uploads\/2025\/01\/foto-2024-0519-08.jpg 1024w\" sizes=\"auto, 250px\"\/><\/a><div class=\"sgb-item-caption\"><em>Z\u00e1mek Litultovice<\/em><\/div><\/div><div class=\"sgb-item\"><a href=\"https:\/\/www.cykloromantika.cz\/wp-content\/uploads\/2025\/01\/foto-2024-0519-09.jpg\"><img decoding=\"async\" alt=\"\" width=\"300\" height=\"225\" loading=\"lazy\" src=\"https:\/\/www.cykloromantika.cz\/wp-content\/uploads\/2025\/01\/foto-2024-0519-09-300x225.jpg\" srcset=\"https:\/\/www.cykloromantika.cz\/wp-content\/uploads\/2025\/01\/foto-2024-0519-09-300x225.jpg 300w,https:\/\/www.cykloromantika.cz\/wp-content\/uploads\/2025\/01\/foto-2024-0519-09.jpg 1024w\" sizes=\"auto, 250px\"\/><\/a><div class=\"sgb-item-caption\"><em>V hospod\u011b jen pol\u00e9vka, miz\u00edme d\u00e1l!<\/em><\/div><\/div><div class=\"sgb-item\"><a href=\"https:\/\/www.cykloromantika.cz\/wp-content\/uploads\/2025\/01\/foto-2024-0519-10.jpg\"><img decoding=\"async\" alt=\"\" width=\"300\" height=\"225\" loading=\"lazy\" src=\"https:\/\/www.cykloromantika.cz\/wp-content\/uploads\/2025\/01\/foto-2024-0519-10-300x225.jpg\" srcset=\"https:\/\/www.cykloromantika.cz\/wp-content\/uploads\/2025\/01\/foto-2024-0519-10-300x225.jpg 300w,https:\/\/www.cykloromantika.cz\/wp-content\/uploads\/2025\/01\/foto-2024-0519-10.jpg 1024w\" sizes=\"auto, 250px\"\/><\/a><div class=\"sgb-item-caption\"><em>Stoup\u00e1n\u00ed na Vendel\u00edn<\/em><\/div><\/div><div class=\"sgb-item\"><a href=\"https:\/\/www.cykloromantika.cz\/wp-content\/uploads\/2025\/01\/foto-2024-0519-11.jpg\"><img decoding=\"async\" alt=\"\" width=\"225\" height=\"300\" loading=\"lazy\" src=\"https:\/\/www.cykloromantika.cz\/wp-content\/uploads\/2025\/01\/foto-2024-0519-11-225x300.jpg\" srcset=\"https:\/\/www.cykloromantika.cz\/wp-content\/uploads\/2025\/01\/foto-2024-0519-11-225x300.jpg 225w,https:\/\/www.cykloromantika.cz\/wp-content\/uploads\/2025\/01\/foto-2024-0519-11.jpg 768w\" sizes=\"auto, 250px\"\/><\/a><div class=\"sgb-item-caption\"><em>Are\u00e1l Dobr\u00e9 Pohody \u2013 kone\u010dn\u011b j\u00eddlo!<\/em><\/div><\/div><div class=\"sgb-item\"><a href=\"https:\/\/www.cykloromantika.cz\/wp-content\/uploads\/2025\/01\/foto-2024-0519-12.jpg\"><img decoding=\"async\" alt=\"\" width=\"300\" height=\"225\" loading=\"lazy\" src=\"https:\/\/www.cykloromantika.cz\/wp-content\/uploads\/2025\/01\/foto-2024-0519-12-300x225.jpg\" srcset=\"https:\/\/www.cykloromantika.cz\/wp-content\/uploads\/2025\/01\/foto-2024-0519-12-300x225.jpg 300w,https:\/\/www.cykloromantika.cz\/wp-content\/uploads\/2025\/01\/foto-2024-0519-12.jpg 1024w\" sizes=\"auto, 250px\"\/><\/a><div class=\"sgb-item-caption\"><em>Siesta po j\u00eddle<\/em><\/div><\/div><div class=\"sgb-item\"><a href=\"https:\/\/www.cykloromantika.cz\/wp-content\/uploads\/2025\/01\/foto-2024-0519-13.jpg\"><img decoding=\"async\" alt=\"\" width=\"300\" height=\"225\" loading=\"lazy\" src=\"https:\/\/www.cykloromantika.cz\/wp-content\/uploads\/2025\/01\/foto-2024-0519-13-300x225.jpg\" srcset=\"https:\/\/www.cykloromantika.cz\/wp-content\/uploads\/2025\/01\/foto-2024-0519-13-300x225.jpg 300w,https:\/\/www.cykloromantika.cz\/wp-content\/uploads\/2025\/01\/foto-2024-0519-13.jpg 1024w\" sizes=\"auto, 250px\"\/><\/a><div class=\"sgb-item-caption\"><em>Odjezd ze \u017dimrovic a\u017e do Ostravy<\/em><\/div><\/div><\/div><\/noscript><\/div><script type=\"application\/json\" class=\"sgb-data\">{\"lastRowFill\":true,\"collectionThumbRecomendedHeight\":300,\"collectionThumbMiniScreenScale\":true,\"captionHAlign\":\"bottom\",\"collectionthumbHoverTitleFontSize\":12,\"collectionthumbRoundedCorners\":8,\"collectionthumbHoverTitleTextBgColor\":\"rgba(0,0,0,0.44)\",\"collectionThumbSubMenuShare\":false,\"galleryType\":\"pgc_sgb_justified\",\"galleryId\":\"be798225\",\"images\":[{\"id\":8795,\"title\":\"Foto 2024 0517 01\",\"url\":\"https:\/\/www.cykloromantika.cz\/wp-content\/uploads\/2025\/01\/foto-2024-0517-01.jpg\",\"link\":\"https:\/\/www.cykloromantika.cz\/foto-2024-0517-01\/\",\"alt\":\"\",\"description\":\"\",\"caption\":\"Setk\u00e1n\u00ed v opavsk\u00e9 n\u00e1dra\u017ece\",\"mime\":\"image\/jpeg\",\"type\":\"image\",\"width\":1024,\"height\":768,\"sizes\":{\"thumbnail\":{\"height\":113,\"width\":150,\"url\":\"https:\/\/www.cykloromantika.cz\/wp-content\/uploads\/2025\/01\/foto-2024-0517-01-150x113.jpg\",\"orientation\":\"landscape\"},\"medium\":{\"height\":225,\"width\":300,\"url\":\"https:\/\/www.cykloromantika.cz\/wp-content\/uploads\/2025\/01\/foto-2024-0517-01-300x225.jpg\",\"orientation\":\"landscape\"},\"full\":{\"url\":\"https:\/\/www.cykloromantika.cz\/wp-content\/uploads\/2025\/01\/foto-2024-0517-01.jpg\",\"height\":768,\"width\":1024,\"orientation\":\"landscape\"}},\"imageMeta\":{\"aperture\":\"0\",\"credit\":\"\",\"camera\":\"\",\"caption\":\"\",\"created_timestamp\":\"0\",\"copyright\":\"\",\"focal_length\":\"0\",\"iso\":\"0\",\"shutter_speed\":\"0\",\"title\":\"\",\"orientation\":\"0\",\"keywords\":[]},\"meta\":false},{\"id\":8796,\"title\":\"Foto 2024 0517 02\",\"url\":\"https:\/\/www.cykloromantika.cz\/wp-content\/uploads\/2025\/01\/foto-2024-0517-02.jpg\",\"link\":\"https:\/\/www.cykloromantika.cz\/foto-2024-0517-02\/\",\"alt\":\"\",\"description\":\"\",\"caption\":\"Spole\u010dn\u00e9 foto p\u0159ed n\u00e1stupem do vlaku\",\"mime\":\"image\/jpeg\",\"type\":\"image\",\"width\":1024,\"height\":768,\"sizes\":{\"thumbnail\":{\"height\":113,\"width\":150,\"url\":\"https:\/\/www.cykloromantika.cz\/wp-content\/uploads\/2025\/01\/foto-2024-0517-02-150x113.jpg\",\"orientation\":\"landscape\"},\"medium\":{\"height\":225,\"width\":300,\"url\":\"https:\/\/www.cykloromantika.cz\/wp-content\/uploads\/2025\/01\/foto-2024-0517-02-300x225.jpg\",\"orientation\":\"landscape\"},\"full\":{\"url\":\"https:\/\/www.cykloromantika.cz\/wp-content\/uploads\/2025\/01\/foto-2024-0517-02.jpg\",\"height\":768,\"width\":1024,\"orientation\":\"landscape\"}},\"imageMeta\":{\"aperture\":\"0\",\"credit\":\"\",\"camera\":\"\",\"caption\":\"\",\"created_timestamp\":\"0\",\"copyright\":\"\",\"focal_length\":\"0\",\"iso\":\"0\",\"shutter_speed\":\"0\",\"title\":\"\",\"orientation\":\"0\",\"keywords\":[]},\"meta\":false},{\"id\":8797,\"title\":\"Foto 2024 0517 03\",\"url\":\"https:\/\/www.cykloromantika.cz\/wp-content\/uploads\/2025\/01\/foto-2024-0517-03.jpg\",\"link\":\"https:\/\/www.cykloromantika.cz\/foto-2024-0517-03\/\",\"alt\":\"\",\"description\":\"\",\"caption\":\"Druhot\u0159\u00eddn\u00ed Du\u0161\u00edk\",\"mime\":\"image\/jpeg\",\"type\":\"image\",\"width\":768,\"height\":1024,\"sizes\":{\"thumbnail\":{\"height\":150,\"width\":113,\"url\":\"https:\/\/www.cykloromantika.cz\/wp-content\/uploads\/2025\/01\/foto-2024-0517-03-113x150.jpg\",\"orientation\":\"portrait\"},\"medium\":{\"height\":300,\"width\":225,\"url\":\"https:\/\/www.cykloromantika.cz\/wp-content\/uploads\/2025\/01\/foto-2024-0517-03-225x300.jpg\",\"orientation\":\"portrait\"},\"full\":{\"url\":\"https:\/\/www.cykloromantika.cz\/wp-content\/uploads\/2025\/01\/foto-2024-0517-03.jpg\",\"height\":1024,\"width\":768,\"orientation\":\"portrait\"}},\"imageMeta\":{\"aperture\":\"0\",\"credit\":\"\",\"camera\":\"\",\"caption\":\"\",\"created_timestamp\":\"0\",\"copyright\":\"\",\"focal_length\":\"0\",\"iso\":\"0\",\"shutter_speed\":\"0\",\"title\":\"\",\"orientation\":\"0\",\"keywords\":[]},\"meta\":false},{\"id\":8798,\"title\":\"Foto 2024 0517 04\",\"url\":\"https:\/\/www.cykloromantika.cz\/wp-content\/uploads\/2025\/01\/foto-2024-0517-04.jpg\",\"link\":\"https:\/\/www.cykloromantika.cz\/foto-2024-0517-04\/\",\"alt\":\"\",\"description\":\"\",\"caption\":\"V Brunt\u00e1le hled\u00e1me pivovar.\",\"mime\":\"image\/jpeg\",\"type\":\"image\",\"width\":768,\"height\":1024,\"sizes\":{\"thumbnail\":{\"height\":150,\"width\":113,\"url\":\"https:\/\/www.cykloromantika.cz\/wp-content\/uploads\/2025\/01\/foto-2024-0517-04-113x150.jpg\",\"orientation\":\"portrait\"},\"medium\":{\"height\":300,\"width\":225,\"url\":\"https:\/\/www.cykloromantika.cz\/wp-content\/uploads\/2025\/01\/foto-2024-0517-04-225x300.jpg\",\"orientation\":\"portrait\"},\"full\":{\"url\":\"https:\/\/www.cykloromantika.cz\/wp-content\/uploads\/2025\/01\/foto-2024-0517-04.jpg\",\"height\":1024,\"width\":768,\"orientation\":\"portrait\"}},\"imageMeta\":{\"aperture\":\"0\",\"credit\":\"\",\"camera\":\"\",\"caption\":\"\",\"created_timestamp\":\"0\",\"copyright\":\"\",\"focal_length\":\"0\",\"iso\":\"0\",\"shutter_speed\":\"0\",\"title\":\"\",\"orientation\":\"0\",\"keywords\":[]},\"meta\":false},{\"id\":8799,\"title\":\"Foto 2024 0517 05\",\"url\":\"https:\/\/www.cykloromantika.cz\/wp-content\/uploads\/2025\/01\/foto-2024-0517-05.jpg\",\"link\":\"https:\/\/www.cykloromantika.cz\/foto-2024-0517-05\/\",\"alt\":\"\",\"description\":\"\",\"caption\":\"Na\u0161li jsme pivovar, ale m\u00e1 zav\u0159eno.\",\"mime\":\"image\/jpeg\",\"type\":\"image\",\"width\":1024,\"height\":1024,\"sizes\":{\"thumbnail\":{\"height\":150,\"width\":150,\"url\":\"https:\/\/www.cykloromantika.cz\/wp-content\/uploads\/2025\/01\/foto-2024-0517-05-150x150.jpg\",\"orientation\":\"landscape\"},\"medium\":{\"height\":300,\"width\":300,\"url\":\"https:\/\/www.cykloromantika.cz\/wp-content\/uploads\/2025\/01\/foto-2024-0517-05-300x300.jpg\",\"orientation\":\"landscape\"},\"full\":{\"url\":\"https:\/\/www.cykloromantika.cz\/wp-content\/uploads\/2025\/01\/foto-2024-0517-05.jpg\",\"height\":1024,\"width\":1024,\"orientation\":\"landscape\"}},\"imageMeta\":{\"aperture\":\"0\",\"credit\":\"\",\"camera\":\"\",\"caption\":\"\",\"created_timestamp\":\"0\",\"copyright\":\"\",\"focal_length\":\"0\",\"iso\":\"0\",\"shutter_speed\":\"0\",\"title\":\"\",\"orientation\":\"0\",\"keywords\":[]},\"meta\":false},{\"id\":8800,\"title\":\"Foto 2024 0517 06\",\"url\":\"https:\/\/www.cykloromantika.cz\/wp-content\/uploads\/2025\/01\/foto-2024-0517-06.jpg\",\"link\":\"https:\/\/www.cykloromantika.cz\/foto-2024-0517-06\/\",\"alt\":\"\",\"description\":\"\",\"caption\":\"Mus\u00edme vyrazit do de\u0161t\u011b!\",\"mime\":\"image\/jpeg\",\"type\":\"image\",\"width\":1024,\"height\":683,\"sizes\":{\"thumbnail\":{\"height\":100,\"width\":150,\"url\":\"https:\/\/www.cykloromantika.cz\/wp-content\/uploads\/2025\/01\/foto-2024-0517-06-150x100.jpg\",\"orientation\":\"landscape\"},\"medium\":{\"height\":200,\"width\":300,\"url\":\"https:\/\/www.cykloromantika.cz\/wp-content\/uploads\/2025\/01\/foto-2024-0517-06-300x200.jpg\",\"orientation\":\"landscape\"},\"full\":{\"url\":\"https:\/\/www.cykloromantika.cz\/wp-content\/uploads\/2025\/01\/foto-2024-0517-06.jpg\",\"height\":683,\"width\":1024,\"orientation\":\"landscape\"}},\"imageMeta\":{\"aperture\":\"0\",\"credit\":\"\",\"camera\":\"\",\"caption\":\"\",\"created_timestamp\":\"0\",\"copyright\":\"\",\"focal_length\":\"0\",\"iso\":\"0\",\"shutter_speed\":\"0\",\"title\":\"\",\"orientation\":\"0\",\"keywords\":[]},\"meta\":false},{\"id\":8801,\"title\":\"Foto 2024 0517 07\",\"url\":\"https:\/\/www.cykloromantika.cz\/wp-content\/uploads\/2025\/01\/foto-2024-0517-07.jpg\",\"link\":\"https:\/\/www.cykloromantika.cz\/foto-2024-0517-07\/\",\"alt\":\"\",\"description\":\"\",\"caption\":\"V m\u00edru na n\u00e1m\u011bst\u00ed M\u00edru (Brunt\u00e1l)\",\"mime\":\"image\/jpeg\",\"type\":\"image\",\"width\":1024,\"height\":768,\"sizes\":{\"thumbnail\":{\"height\":113,\"width\":150,\"url\":\"https:\/\/www.cykloromantika.cz\/wp-content\/uploads\/2025\/01\/foto-2024-0517-07-150x113.jpg\",\"orientation\":\"landscape\"},\"medium\":{\"height\":225,\"width\":300,\"url\":\"https:\/\/www.cykloromantika.cz\/wp-content\/uploads\/2025\/01\/foto-2024-0517-07-300x225.jpg\",\"orientation\":\"landscape\"},\"full\":{\"url\":\"https:\/\/www.cykloromantika.cz\/wp-content\/uploads\/2025\/01\/foto-2024-0517-07.jpg\",\"height\":768,\"width\":1024,\"orientation\":\"landscape\"}},\"imageMeta\":{\"aperture\":\"0\",\"credit\":\"\",\"camera\":\"\",\"caption\":\"\",\"created_timestamp\":\"0\",\"copyright\":\"\",\"focal_length\":\"0\",\"iso\":\"0\",\"shutter_speed\":\"0\",\"title\":\"\",\"orientation\":\"0\",\"keywords\":[]},\"meta\":false},{\"id\":8802,\"title\":\"Foto 2024 0517 08\",\"url\":\"https:\/\/www.cykloromantika.cz\/wp-content\/uploads\/2025\/01\/foto-2024-0517-08.jpg\",\"link\":\"https:\/\/www.cykloromantika.cz\/foto-2024-0517-08\/\",\"alt\":\"\",\"description\":\"\",\"caption\":\"Jsme na m\u00edst\u011b v Mnichov\u011b.\",\"mime\":\"image\/jpeg\",\"type\":\"image\",\"width\":1024,\"height\":768,\"sizes\":{\"thumbnail\":{\"height\":113,\"width\":150,\"url\":\"https:\/\/www.cykloromantika.cz\/wp-content\/uploads\/2025\/01\/foto-2024-0517-08-150x113.jpg\",\"orientation\":\"landscape\"},\"medium\":{\"height\":225,\"width\":300,\"url\":\"https:\/\/www.cykloromantika.cz\/wp-content\/uploads\/2025\/01\/foto-2024-0517-08-300x225.jpg\",\"orientation\":\"landscape\"},\"full\":{\"url\":\"https:\/\/www.cykloromantika.cz\/wp-content\/uploads\/2025\/01\/foto-2024-0517-08.jpg\",\"height\":768,\"width\":1024,\"orientation\":\"landscape\"}},\"imageMeta\":{\"aperture\":\"0\",\"credit\":\"\",\"camera\":\"\",\"caption\":\"\",\"created_timestamp\":\"0\",\"copyright\":\"\",\"focal_length\":\"0\",\"iso\":\"0\",\"shutter_speed\":\"0\",\"title\":\"\",\"orientation\":\"0\",\"keywords\":[]},\"meta\":false},{\"id\":8803,\"title\":\"Foto 2024 0517 09\",\"url\":\"https:\/\/www.cykloromantika.cz\/wp-content\/uploads\/2025\/01\/foto-2024-0517-09.jpg\",\"link\":\"https:\/\/www.cykloromantika.cz\/foto-2024-0517-09\/\",\"alt\":\"\",\"description\":\"\",\"caption\":\"Su\u0161\u00edme cyklov\u011bci na z\u00edtra.\",\"mime\":\"image\/jpeg\",\"type\":\"image\",\"width\":1024,\"height\":768,\"sizes\":{\"thumbnail\":{\"height\":113,\"width\":150,\"url\":\"https:\/\/www.cykloromantika.cz\/wp-content\/uploads\/2025\/01\/foto-2024-0517-09-150x113.jpg\",\"orientation\":\"landscape\"},\"medium\":{\"height\":225,\"width\":300,\"url\":\"https:\/\/www.cykloromantika.cz\/wp-content\/uploads\/2025\/01\/foto-2024-0517-09-300x225.jpg\",\"orientation\":\"landscape\"},\"full\":{\"url\":\"https:\/\/www.cykloromantika.cz\/wp-content\/uploads\/2025\/01\/foto-2024-0517-09.jpg\",\"height\":768,\"width\":1024,\"orientation\":\"landscape\"}},\"imageMeta\":{\"aperture\":\"0\",\"credit\":\"\",\"camera\":\"\",\"caption\":\"\",\"created_timestamp\":\"0\",\"copyright\":\"\",\"focal_length\":\"0\",\"iso\":\"0\",\"shutter_speed\":\"0\",\"title\":\"\",\"orientation\":\"0\",\"keywords\":[]},\"meta\":false},{\"id\":8804,\"title\":\"Foto 2024 0517 10\",\"url\":\"https:\/\/www.cykloromantika.cz\/wp-content\/uploads\/2025\/01\/foto-2024-0517-10.jpg\",\"link\":\"https:\/\/www.cykloromantika.cz\/foto-2024-0517-10\/\",\"alt\":\"\",\"description\":\"\",\"caption\":\"Infraboys\",\"mime\":\"image\/jpeg\",\"type\":\"image\",\"width\":768,\"height\":1024,\"sizes\":{\"thumbnail\":{\"height\":150,\"width\":113,\"url\":\"https:\/\/www.cykloromantika.cz\/wp-content\/uploads\/2025\/01\/foto-2024-0517-10-113x150.jpg\",\"orientation\":\"portrait\"},\"medium\":{\"height\":300,\"width\":225,\"url\":\"https:\/\/www.cykloromantika.cz\/wp-content\/uploads\/2025\/01\/foto-2024-0517-10-225x300.jpg\",\"orientation\":\"portrait\"},\"full\":{\"url\":\"https:\/\/www.cykloromantika.cz\/wp-content\/uploads\/2025\/01\/foto-2024-0517-10.jpg\",\"height\":1024,\"width\":768,\"orientation\":\"portrait\"}},\"imageMeta\":{\"aperture\":\"0\",\"credit\":\"\",\"camera\":\"\",\"caption\":\"\",\"created_timestamp\":\"0\",\"copyright\":\"\",\"focal_length\":\"0\",\"iso\":\"0\",\"shutter_speed\":\"0\",\"title\":\"\",\"orientation\":\"0\",\"keywords\":[]},\"meta\":false},{\"id\":8805,\"title\":\"Foto 2024 0517 11\",\"url\":\"https:\/\/www.cykloromantika.cz\/wp-content\/uploads\/2025\/01\/foto-2024-0517-11.jpg\",\"link\":\"https:\/\/www.cykloromantika.cz\/foto-2024-0517-11\/\",\"alt\":\"\",\"description\":\"\",\"caption\":\"Pohoda u hokeje\",\"mime\":\"image\/jpeg\",\"type\":\"image\",\"width\":1024,\"height\":768,\"sizes\":{\"thumbnail\":{\"height\":113,\"width\":150,\"url\":\"https:\/\/www.cykloromantika.cz\/wp-content\/uploads\/2025\/01\/foto-2024-0517-11-150x113.jpg\",\"orientation\":\"landscape\"},\"medium\":{\"height\":225,\"width\":300,\"url\":\"https:\/\/www.cykloromantika.cz\/wp-content\/uploads\/2025\/01\/foto-2024-0517-11-300x225.jpg\",\"orientation\":\"landscape\"},\"full\":{\"url\":\"https:\/\/www.cykloromantika.cz\/wp-content\/uploads\/2025\/01\/foto-2024-0517-11.jpg\",\"height\":768,\"width\":1024,\"orientation\":\"landscape\"}},\"imageMeta\":{\"aperture\":\"0\",\"credit\":\"\",\"camera\":\"\",\"caption\":\"\",\"created_timestamp\":\"0\",\"copyright\":\"\",\"focal_length\":\"0\",\"iso\":\"0\",\"shutter_speed\":\"0\",\"title\":\"\",\"orientation\":\"0\",\"keywords\":[]},\"meta\":false},{\"id\":8806,\"title\":\"Foto 2024 0517 12\",\"url\":\"https:\/\/www.cykloromantika.cz\/wp-content\/uploads\/2025\/01\/foto-2024-0517-12.jpg\",\"link\":\"https:\/\/www.cykloromantika.cz\/foto-2024-0517-12\/\",\"alt\":\"\",\"description\":\"\",\"caption\":\"\",\"mime\":\"image\/jpeg\",\"type\":\"image\",\"width\":1024,\"height\":768,\"sizes\":{\"thumbnail\":{\"height\":113,\"width\":150,\"url\":\"https:\/\/www.cykloromantika.cz\/wp-content\/uploads\/2025\/01\/foto-2024-0517-12-150x113.jpg\",\"orientation\":\"landscape\"},\"medium\":{\"height\":225,\"width\":300,\"url\":\"https:\/\/www.cykloromantika.cz\/wp-content\/uploads\/2025\/01\/foto-2024-0517-12-300x225.jpg\",\"orientation\":\"landscape\"},\"full\":{\"url\":\"https:\/\/www.cykloromantika.cz\/wp-content\/uploads\/2025\/01\/foto-2024-0517-12.jpg\",\"height\":768,\"width\":1024,\"orientation\":\"landscape\"}},\"imageMeta\":{\"aperture\":\"0\",\"credit\":\"\",\"camera\":\"\",\"caption\":\"\",\"created_timestamp\":\"0\",\"copyright\":\"\",\"focal_length\":\"0\",\"iso\":\"0\",\"shutter_speed\":\"0\",\"title\":\"\",\"orientation\":\"0\",\"keywords\":[]},\"meta\":false},{\"id\":8807,\"title\":\"Foto 2024 0517 13\",\"url\":\"https:\/\/www.cykloromantika.cz\/wp-content\/uploads\/2025\/01\/foto-2024-0517-13.jpg\",\"link\":\"https:\/\/www.cykloromantika.cz\/foto-2024-0517-13\/\",\"alt\":\"\",\"description\":\"\",\"caption\":\"Na ve\u010de\u0159i budou kolena!\",\"mime\":\"image\/jpeg\",\"type\":\"image\",\"width\":768,\"height\":1024,\"sizes\":{\"thumbnail\":{\"height\":150,\"width\":113,\"url\":\"https:\/\/www.cykloromantika.cz\/wp-content\/uploads\/2025\/01\/foto-2024-0517-13-113x150.jpg\",\"orientation\":\"portrait\"},\"medium\":{\"height\":300,\"width\":225,\"url\":\"https:\/\/www.cykloromantika.cz\/wp-content\/uploads\/2025\/01\/foto-2024-0517-13-225x300.jpg\",\"orientation\":\"portrait\"},\"full\":{\"url\":\"https:\/\/www.cykloromantika.cz\/wp-content\/uploads\/2025\/01\/foto-2024-0517-13.jpg\",\"height\":1024,\"width\":768,\"orientation\":\"portrait\"}},\"imageMeta\":{\"aperture\":\"0\",\"credit\":\"\",\"camera\":\"\",\"caption\":\"\",\"created_timestamp\":\"0\",\"copyright\":\"\",\"focal_length\":\"0\",\"iso\":\"0\",\"shutter_speed\":\"0\",\"title\":\"\",\"orientation\":\"0\",\"keywords\":[]},\"meta\":false},{\"id\":8808,\"title\":\"Foto 2024 0517 14\",\"url\":\"https:\/\/www.cykloromantika.cz\/wp-content\/uploads\/2025\/01\/foto-2024-0517-14.jpg\",\"link\":\"https:\/\/www.cykloromantika.cz\/foto-2024-0517-14\/\",\"alt\":\"\",\"description\":\"\",\"caption\":\"Kdo ne\u017eere, fot\u00ed!\",\"mime\":\"image\/jpeg\",\"type\":\"image\",\"width\":1024,\"height\":682,\"sizes\":{\"thumbnail\":{\"height\":100,\"width\":150,\"url\":\"https:\/\/www.cykloromantika.cz\/wp-content\/uploads\/2025\/01\/foto-2024-0517-14-150x100.jpg\",\"orientation\":\"landscape\"},\"medium\":{\"height\":200,\"width\":300,\"url\":\"https:\/\/www.cykloromantika.cz\/wp-content\/uploads\/2025\/01\/foto-2024-0517-14-300x200.jpg\",\"orientation\":\"landscape\"},\"full\":{\"url\":\"https:\/\/www.cykloromantika.cz\/wp-content\/uploads\/2025\/01\/foto-2024-0517-14.jpg\",\"height\":682,\"width\":1024,\"orientation\":\"landscape\"}},\"imageMeta\":{\"aperture\":\"0\",\"credit\":\"\",\"camera\":\"\",\"caption\":\"\",\"created_timestamp\":\"0\",\"copyright\":\"\",\"focal_length\":\"0\",\"iso\":\"0\",\"shutter_speed\":\"0\",\"title\":\"\",\"orientation\":\"0\",\"keywords\":[]},\"meta\":false},{\"id\":8809,\"title\":\"Foto 2024 0517 15\",\"url\":\"https:\/\/www.cykloromantika.cz\/wp-content\/uploads\/2025\/01\/foto-2024-0517-15.jpg\",\"link\":\"https:\/\/www.cykloromantika.cz\/foto-2024-0517-15\/\",\"alt\":\"\",\"description\":\"\",\"caption\":\"Nenech\u00e1me zbytky!\",\"mime\":\"image\/jpeg\",\"type\":\"image\",\"width\":768,\"height\":1024,\"sizes\":{\"thumbnail\":{\"height\":150,\"width\":113,\"url\":\"https:\/\/www.cykloromantika.cz\/wp-content\/uploads\/2025\/01\/foto-2024-0517-15-113x150.jpg\",\"orientation\":\"portrait\"},\"medium\":{\"height\":300,\"width\":225,\"url\":\"https:\/\/www.cykloromantika.cz\/wp-content\/uploads\/2025\/01\/foto-2024-0517-15-225x300.jpg\",\"orientation\":\"portrait\"},\"full\":{\"url\":\"https:\/\/www.cykloromantika.cz\/wp-content\/uploads\/2025\/01\/foto-2024-0517-15.jpg\",\"height\":1024,\"width\":768,\"orientation\":\"portrait\"}},\"imageMeta\":{\"aperture\":\"0\",\"credit\":\"\",\"camera\":\"\",\"caption\":\"\",\"created_timestamp\":\"0\",\"copyright\":\"\",\"focal_length\":\"0\",\"iso\":\"0\",\"shutter_speed\":\"0\",\"title\":\"\",\"orientation\":\"0\",\"keywords\":[]},\"meta\":false},{\"id\":8810,\"title\":\"Foto 2024 0518 01\",\"url\":\"https:\/\/www.cykloromantika.cz\/wp-content\/uploads\/2025\/01\/foto-2024-0518-01.jpg\",\"link\":\"https:\/\/www.cykloromantika.cz\/foto-2024-0518-01\/\",\"alt\":\"\",\"description\":\"\",\"caption\":\"Chata m\u011bla kr\u00e1snou zahradu.\",\"mime\":\"image\/jpeg\",\"type\":\"image\",\"width\":1024,\"height\":768,\"sizes\":{\"thumbnail\":{\"height\":113,\"width\":150,\"url\":\"https:\/\/www.cykloromantika.cz\/wp-content\/uploads\/2025\/01\/foto-2024-0518-01-150x113.jpg\",\"orientation\":\"landscape\"},\"medium\":{\"height\":225,\"width\":300,\"url\":\"https:\/\/www.cykloromantika.cz\/wp-content\/uploads\/2025\/01\/foto-2024-0518-01-300x225.jpg\",\"orientation\":\"landscape\"},\"full\":{\"url\":\"https:\/\/www.cykloromantika.cz\/wp-content\/uploads\/2025\/01\/foto-2024-0518-01.jpg\",\"height\":768,\"width\":1024,\"orientation\":\"landscape\"}},\"imageMeta\":{\"aperture\":\"0\",\"credit\":\"\",\"camera\":\"\",\"caption\":\"\",\"created_timestamp\":\"0\",\"copyright\":\"\",\"focal_length\":\"0\",\"iso\":\"0\",\"shutter_speed\":\"0\",\"title\":\"\",\"orientation\":\"0\",\"keywords\":[]},\"meta\":false},{\"id\":8811,\"title\":\"Foto 2024 0518 02\",\"url\":\"https:\/\/www.cykloromantika.cz\/wp-content\/uploads\/2025\/01\/foto-2024-0518-02.jpg\",\"link\":\"https:\/\/www.cykloromantika.cz\/foto-2024-0518-02\/\",\"alt\":\"\",\"description\":\"\",\"caption\":\"Po\u010das\u00ed je povzbuzuj\u00edc\u00ed.\",\"mime\":\"image\/jpeg\",\"type\":\"image\",\"width\":1024,\"height\":768,\"sizes\":{\"thumbnail\":{\"height\":113,\"width\":150,\"url\":\"https:\/\/www.cykloromantika.cz\/wp-content\/uploads\/2025\/01\/foto-2024-0518-02-150x113.jpg\",\"orientation\":\"landscape\"},\"medium\":{\"height\":225,\"width\":300,\"url\":\"https:\/\/www.cykloromantika.cz\/wp-content\/uploads\/2025\/01\/foto-2024-0518-02-300x225.jpg\",\"orientation\":\"landscape\"},\"full\":{\"url\":\"https:\/\/www.cykloromantika.cz\/wp-content\/uploads\/2025\/01\/foto-2024-0518-02.jpg\",\"height\":768,\"width\":1024,\"orientation\":\"landscape\"}},\"imageMeta\":{\"aperture\":\"0\",\"credit\":\"\",\"camera\":\"\",\"caption\":\"\",\"created_timestamp\":\"0\",\"copyright\":\"\",\"focal_length\":\"0\",\"iso\":\"0\",\"shutter_speed\":\"0\",\"title\":\"\",\"orientation\":\"0\",\"keywords\":[]},\"meta\":false},{\"id\":8812,\"title\":\"Foto 2024 0518 03\",\"url\":\"https:\/\/www.cykloromantika.cz\/wp-content\/uploads\/2025\/01\/foto-2024-0518-03.jpg\",\"link\":\"https:\/\/www.cykloromantika.cz\/foto-2024-0518-03\/\",\"alt\":\"\",\"description\":\"\",\"caption\":\"Tak jedeme!\",\"mime\":\"image\/jpeg\",\"type\":\"image\",\"width\":1024,\"height\":683,\"sizes\":{\"thumbnail\":{\"height\":100,\"width\":150,\"url\":\"https:\/\/www.cykloromantika.cz\/wp-content\/uploads\/2025\/01\/foto-2024-0518-03-150x100.jpg\",\"orientation\":\"landscape\"},\"medium\":{\"height\":200,\"width\":300,\"url\":\"https:\/\/www.cykloromantika.cz\/wp-content\/uploads\/2025\/01\/foto-2024-0518-03-300x200.jpg\",\"orientation\":\"landscape\"},\"full\":{\"url\":\"https:\/\/www.cykloromantika.cz\/wp-content\/uploads\/2025\/01\/foto-2024-0518-03.jpg\",\"height\":683,\"width\":1024,\"orientation\":\"landscape\"}},\"imageMeta\":{\"aperture\":\"0\",\"credit\":\"\",\"camera\":\"\",\"caption\":\"\",\"created_timestamp\":\"0\",\"copyright\":\"\",\"focal_length\":\"0\",\"iso\":\"0\",\"shutter_speed\":\"0\",\"title\":\"\",\"orientation\":\"0\",\"keywords\":[]},\"meta\":false},{\"id\":8813,\"title\":\"Foto 2024 0518 04\",\"url\":\"https:\/\/www.cykloromantika.cz\/wp-content\/uploads\/2025\/01\/foto-2024-0518-04.jpg\",\"link\":\"https:\/\/www.cykloromantika.cz\/foto-2024-0518-04\/\",\"alt\":\"\",\"description\":\"\",\"caption\":\"Dopln\u011bn\u00ed cukr\u016f v Karlov\u011b Stud\u00e1nce\",\"mime\":\"image\/jpeg\",\"type\":\"image\",\"width\":1024,\"height\":768,\"sizes\":{\"thumbnail\":{\"height\":113,\"width\":150,\"url\":\"https:\/\/www.cykloromantika.cz\/wp-content\/uploads\/2025\/01\/foto-2024-0518-04-150x113.jpg\",\"orientation\":\"landscape\"},\"medium\":{\"height\":225,\"width\":300,\"url\":\"https:\/\/www.cykloromantika.cz\/wp-content\/uploads\/2025\/01\/foto-2024-0518-04-300x225.jpg\",\"orientation\":\"landscape\"},\"full\":{\"url\":\"https:\/\/www.cykloromantika.cz\/wp-content\/uploads\/2025\/01\/foto-2024-0518-04.jpg\",\"height\":768,\"width\":1024,\"orientation\":\"landscape\"}},\"imageMeta\":{\"aperture\":\"0\",\"credit\":\"\",\"camera\":\"\",\"caption\":\"\",\"created_timestamp\":\"0\",\"copyright\":\"\",\"focal_length\":\"0\",\"iso\":\"0\",\"shutter_speed\":\"0\",\"title\":\"\",\"orientation\":\"0\",\"keywords\":[]},\"meta\":false},{\"id\":8814,\"title\":\"Foto 2024 0518 05\",\"url\":\"https:\/\/www.cykloromantika.cz\/wp-content\/uploads\/2025\/01\/foto-2024-0518-05.jpg\",\"link\":\"https:\/\/www.cykloromantika.cz\/foto-2024-0518-05\/\",\"alt\":\"\",\"description\":\"\",\"caption\":\"Pramen Petr\",\"mime\":\"image\/jpeg\",\"type\":\"image\",\"width\":1024,\"height\":683,\"sizes\":{\"thumbnail\":{\"height\":100,\"width\":150,\"url\":\"https:\/\/www.cykloromantika.cz\/wp-content\/uploads\/2025\/01\/foto-2024-0518-05-150x100.jpg\",\"orientation\":\"landscape\"},\"medium\":{\"height\":200,\"width\":300,\"url\":\"https:\/\/www.cykloromantika.cz\/wp-content\/uploads\/2025\/01\/foto-2024-0518-05-300x200.jpg\",\"orientation\":\"landscape\"},\"full\":{\"url\":\"https:\/\/www.cykloromantika.cz\/wp-content\/uploads\/2025\/01\/foto-2024-0518-05.jpg\",\"height\":683,\"width\":1024,\"orientation\":\"landscape\"}},\"imageMeta\":{\"aperture\":\"0\",\"credit\":\"\",\"camera\":\"\",\"caption\":\"\",\"created_timestamp\":\"0\",\"copyright\":\"\",\"focal_length\":\"0\",\"iso\":\"0\",\"shutter_speed\":\"0\",\"title\":\"\",\"orientation\":\"0\",\"keywords\":[]},\"meta\":false},{\"id\":8815,\"title\":\"Foto 2024 0518 06\",\"url\":\"https:\/\/www.cykloromantika.cz\/wp-content\/uploads\/2025\/01\/foto-2024-0518-06.jpg\",\"link\":\"https:\/\/www.cykloromantika.cz\/foto-2024-0518-06\/\",\"alt\":\"\",\"description\":\"\",\"caption\":\"Na Prad\u011bdu\",\"mime\":\"image\/jpeg\",\"type\":\"image\",\"width\":1024,\"height\":683,\"sizes\":{\"thumbnail\":{\"height\":100,\"width\":150,\"url\":\"https:\/\/www.cykloromantika.cz\/wp-content\/uploads\/2025\/01\/foto-2024-0518-06-150x100.jpg\",\"orientation\":\"landscape\"},\"medium\":{\"height\":200,\"width\":300,\"url\":\"https:\/\/www.cykloromantika.cz\/wp-content\/uploads\/2025\/01\/foto-2024-0518-06-300x200.jpg\",\"orientation\":\"landscape\"},\"full\":{\"url\":\"https:\/\/www.cykloromantika.cz\/wp-content\/uploads\/2025\/01\/foto-2024-0518-06.jpg\",\"height\":683,\"width\":1024,\"orientation\":\"landscape\"}},\"imageMeta\":{\"aperture\":\"0\",\"credit\":\"\",\"camera\":\"\",\"caption\":\"\",\"created_timestamp\":\"0\",\"copyright\":\"\",\"focal_length\":\"0\",\"iso\":\"0\",\"shutter_speed\":\"0\",\"title\":\"\",\"orientation\":\"0\",\"keywords\":[]},\"meta\":false},{\"id\":8816,\"title\":\"Foto 2024 0518 07\",\"url\":\"https:\/\/www.cykloromantika.cz\/wp-content\/uploads\/2025\/01\/foto-2024-0518-07.jpg\",\"link\":\"https:\/\/www.cykloromantika.cz\/foto-2024-0518-07\/\",\"alt\":\"\",\"description\":\"\",\"caption\":\"Obl\u00e9k\u00e1me se na sjezd.\",\"mime\":\"image\/jpeg\",\"type\":\"image\",\"width\":1024,\"height\":683,\"sizes\":{\"thumbnail\":{\"height\":100,\"width\":150,\"url\":\"https:\/\/www.cykloromantika.cz\/wp-content\/uploads\/2025\/01\/foto-2024-0518-07-150x100.jpg\",\"orientation\":\"landscape\"},\"medium\":{\"height\":200,\"width\":300,\"url\":\"https:\/\/www.cykloromantika.cz\/wp-content\/uploads\/2025\/01\/foto-2024-0518-07-300x200.jpg\",\"orientation\":\"landscape\"},\"full\":{\"url\":\"https:\/\/www.cykloromantika.cz\/wp-content\/uploads\/2025\/01\/foto-2024-0518-07.jpg\",\"height\":683,\"width\":1024,\"orientation\":\"landscape\"}},\"imageMeta\":{\"aperture\":\"0\",\"credit\":\"\",\"camera\":\"\",\"caption\":\"\",\"created_timestamp\":\"0\",\"copyright\":\"\",\"focal_length\":\"0\",\"iso\":\"0\",\"shutter_speed\":\"0\",\"title\":\"\",\"orientation\":\"0\",\"keywords\":[]},\"meta\":false},{\"id\":8817,\"title\":\"Foto 2024 0518 08\",\"url\":\"https:\/\/www.cykloromantika.cz\/wp-content\/uploads\/2025\/01\/foto-2024-0518-08.jpg\",\"link\":\"https:\/\/www.cykloromantika.cz\/foto-2024-0518-08\/\",\"alt\":\"\",\"description\":\"\",\"caption\":\"Vrcholovka nezbytn\u00e1\",\"mime\":\"image\/jpeg\",\"type\":\"image\",\"width\":768,\"height\":1024,\"sizes\":{\"thumbnail\":{\"height\":150,\"width\":113,\"url\":\"https:\/\/www.cykloromantika.cz\/wp-content\/uploads\/2025\/01\/foto-2024-0518-08-113x150.jpg\",\"orientation\":\"portrait\"},\"medium\":{\"height\":300,\"width\":225,\"url\":\"https:\/\/www.cykloromantika.cz\/wp-content\/uploads\/2025\/01\/foto-2024-0518-08-225x300.jpg\",\"orientation\":\"portrait\"},\"full\":{\"url\":\"https:\/\/www.cykloromantika.cz\/wp-content\/uploads\/2025\/01\/foto-2024-0518-08.jpg\",\"height\":1024,\"width\":768,\"orientation\":\"portrait\"}},\"imageMeta\":{\"aperture\":\"0\",\"credit\":\"\",\"camera\":\"\",\"caption\":\"\",\"created_timestamp\":\"0\",\"copyright\":\"\",\"focal_length\":\"0\",\"iso\":\"0\",\"shutter_speed\":\"0\",\"title\":\"\",\"orientation\":\"0\",\"keywords\":[]},\"meta\":false},{\"id\":8818,\"title\":\"Foto 2024 0518 09\",\"url\":\"https:\/\/www.cykloromantika.cz\/wp-content\/uploads\/2025\/01\/foto-2024-0518-09.jpg\",\"link\":\"https:\/\/www.cykloromantika.cz\/foto-2024-0518-09\/\",\"alt\":\"\",\"description\":\"\",\"caption\":\"Vrcholovka kompletn\u00ed\",\"mime\":\"image\/jpeg\",\"type\":\"image\",\"width\":768,\"height\":1024,\"sizes\":{\"thumbnail\":{\"height\":150,\"width\":113,\"url\":\"https:\/\/www.cykloromantika.cz\/wp-content\/uploads\/2025\/01\/foto-2024-0518-09-113x150.jpg\",\"orientation\":\"portrait\"},\"medium\":{\"height\":300,\"width\":225,\"url\":\"https:\/\/www.cykloromantika.cz\/wp-content\/uploads\/2025\/01\/foto-2024-0518-09-225x300.jpg\",\"orientation\":\"portrait\"},\"full\":{\"url\":\"https:\/\/www.cykloromantika.cz\/wp-content\/uploads\/2025\/01\/foto-2024-0518-09.jpg\",\"height\":1024,\"width\":768,\"orientation\":\"portrait\"}},\"imageMeta\":{\"aperture\":\"0\",\"credit\":\"\",\"camera\":\"\",\"caption\":\"\",\"created_timestamp\":\"0\",\"copyright\":\"\",\"focal_length\":\"0\",\"iso\":\"0\",\"shutter_speed\":\"0\",\"title\":\"\",\"orientation\":\"0\",\"keywords\":[]},\"meta\":false},{\"id\":8819,\"title\":\"Foto 2024 0518 10\",\"url\":\"https:\/\/www.cykloromantika.cz\/wp-content\/uploads\/2025\/01\/foto-2024-0518-10.jpg\",\"link\":\"https:\/\/www.cykloromantika.cz\/foto-2024-0518-10\/\",\"alt\":\"\",\"description\":\"\",\"caption\":\"Na \u0160v\u00fdcarn\u011b\",\"mime\":\"image\/jpeg\",\"type\":\"image\",\"width\":1024,\"height\":683,\"sizes\":{\"thumbnail\":{\"height\":100,\"width\":150,\"url\":\"https:\/\/www.cykloromantika.cz\/wp-content\/uploads\/2025\/01\/foto-2024-0518-10-150x100.jpg\",\"orientation\":\"landscape\"},\"medium\":{\"height\":200,\"width\":300,\"url\":\"https:\/\/www.cykloromantika.cz\/wp-content\/uploads\/2025\/01\/foto-2024-0518-10-300x200.jpg\",\"orientation\":\"landscape\"},\"full\":{\"url\":\"https:\/\/www.cykloromantika.cz\/wp-content\/uploads\/2025\/01\/foto-2024-0518-10.jpg\",\"height\":683,\"width\":1024,\"orientation\":\"landscape\"}},\"imageMeta\":{\"aperture\":\"0\",\"credit\":\"\",\"camera\":\"\",\"caption\":\"\",\"created_timestamp\":\"0\",\"copyright\":\"\",\"focal_length\":\"0\",\"iso\":\"0\",\"shutter_speed\":\"0\",\"title\":\"\",\"orientation\":\"0\",\"keywords\":[]},\"meta\":false},{\"id\":8820,\"title\":\"Foto 2024 0518 11\",\"url\":\"https:\/\/www.cykloromantika.cz\/wp-content\/uploads\/2025\/01\/foto-2024-0518-11.jpg\",\"link\":\"https:\/\/www.cykloromantika.cz\/foto-2024-0518-11\/\",\"alt\":\"\",\"description\":\"\",\"caption\":\"Hlady \u0161vidr\u00e1me!\",\"mime\":\"image\/jpeg\",\"type\":\"image\",\"width\":768,\"height\":1024,\"sizes\":{\"thumbnail\":{\"height\":150,\"width\":113,\"url\":\"https:\/\/www.cykloromantika.cz\/wp-content\/uploads\/2025\/01\/foto-2024-0518-11-113x150.jpg\",\"orientation\":\"portrait\"},\"medium\":{\"height\":300,\"width\":225,\"url\":\"https:\/\/www.cykloromantika.cz\/wp-content\/uploads\/2025\/01\/foto-2024-0518-11-225x300.jpg\",\"orientation\":\"portrait\"},\"full\":{\"url\":\"https:\/\/www.cykloromantika.cz\/wp-content\/uploads\/2025\/01\/foto-2024-0518-11.jpg\",\"height\":1024,\"width\":768,\"orientation\":\"portrait\"}},\"imageMeta\":{\"aperture\":\"0\",\"credit\":\"\",\"camera\":\"\",\"caption\":\"\",\"created_timestamp\":\"0\",\"copyright\":\"\",\"focal_length\":\"0\",\"iso\":\"0\",\"shutter_speed\":\"0\",\"title\":\"\",\"orientation\":\"0\",\"keywords\":[]},\"meta\":false},{\"id\":8821,\"title\":\"Foto 2024 0518 12\",\"url\":\"https:\/\/www.cykloromantika.cz\/wp-content\/uploads\/2025\/01\/foto-2024-0518-12.jpg\",\"link\":\"https:\/\/www.cykloromantika.cz\/foto-2024-0518-12\/\",\"alt\":\"\",\"description\":\"\",\"caption\":\"Siesta po j\u00eddle\",\"mime\":\"image\/jpeg\",\"type\":\"image\",\"width\":1024,\"height\":768,\"sizes\":{\"thumbnail\":{\"height\":113,\"width\":150,\"url\":\"https:\/\/www.cykloromantika.cz\/wp-content\/uploads\/2025\/01\/foto-2024-0518-12-150x113.jpg\",\"orientation\":\"landscape\"},\"medium\":{\"height\":225,\"width\":300,\"url\":\"https:\/\/www.cykloromantika.cz\/wp-content\/uploads\/2025\/01\/foto-2024-0518-12-300x225.jpg\",\"orientation\":\"landscape\"},\"full\":{\"url\":\"https:\/\/www.cykloromantika.cz\/wp-content\/uploads\/2025\/01\/foto-2024-0518-12.jpg\",\"height\":768,\"width\":1024,\"orientation\":\"landscape\"}},\"imageMeta\":{\"aperture\":\"0\",\"credit\":\"\",\"camera\":\"\",\"caption\":\"\",\"created_timestamp\":\"0\",\"copyright\":\"\",\"focal_length\":\"0\",\"iso\":\"0\",\"shutter_speed\":\"0\",\"title\":\"\",\"orientation\":\"0\",\"keywords\":[]},\"meta\":false},{\"id\":8822,\"title\":\"Foto 2024 0518 13\",\"url\":\"https:\/\/www.cykloromantika.cz\/wp-content\/uploads\/2025\/01\/foto-2024-0518-13.jpg\",\"link\":\"https:\/\/www.cykloromantika.cz\/foto-2024-0518-13\/\",\"alt\":\"\",\"description\":\"\",\"caption\":\"Skupinov\u00e1 fote\u010dka pouh\u00e1 pro rodinu\",\"mime\":\"image\/jpeg\",\"type\":\"image\",\"width\":1024,\"height\":576,\"sizes\":{\"thumbnail\":{\"height\":84,\"width\":150,\"url\":\"https:\/\/www.cykloromantika.cz\/wp-content\/uploads\/2025\/01\/foto-2024-0518-13-150x84.jpg\",\"orientation\":\"landscape\"},\"medium\":{\"height\":169,\"width\":300,\"url\":\"https:\/\/www.cykloromantika.cz\/wp-content\/uploads\/2025\/01\/foto-2024-0518-13-300x169.jpg\",\"orientation\":\"landscape\"},\"full\":{\"url\":\"https:\/\/www.cykloromantika.cz\/wp-content\/uploads\/2025\/01\/foto-2024-0518-13.jpg\",\"height\":576,\"width\":1024,\"orientation\":\"landscape\"}},\"imageMeta\":{\"aperture\":\"0\",\"credit\":\"\",\"camera\":\"\",\"caption\":\"\",\"created_timestamp\":\"0\",\"copyright\":\"\",\"focal_length\":\"0\",\"iso\":\"0\",\"shutter_speed\":\"0\",\"title\":\"\",\"orientation\":\"0\",\"keywords\":[]},\"meta\":false},{\"id\":8823,\"title\":\"Foto 2024 0518 14\",\"url\":\"https:\/\/www.cykloromantika.cz\/wp-content\/uploads\/2025\/01\/foto-2024-0518-14.jpg\",\"link\":\"https:\/\/www.cykloromantika.cz\/foto-2024-0518-14\/\",\"alt\":\"\",\"description\":\"\",\"caption\":\"V detailu\",\"mime\":\"image\/jpeg\",\"type\":\"image\",\"width\":1024,\"height\":683,\"sizes\":{\"thumbnail\":{\"height\":100,\"width\":150,\"url\":\"https:\/\/www.cykloromantika.cz\/wp-content\/uploads\/2025\/01\/foto-2024-0518-14-150x100.jpg\",\"orientation\":\"landscape\"},\"medium\":{\"height\":200,\"width\":300,\"url\":\"https:\/\/www.cykloromantika.cz\/wp-content\/uploads\/2025\/01\/foto-2024-0518-14-300x200.jpg\",\"orientation\":\"landscape\"},\"full\":{\"url\":\"https:\/\/www.cykloromantika.cz\/wp-content\/uploads\/2025\/01\/foto-2024-0518-14.jpg\",\"height\":683,\"width\":1024,\"orientation\":\"landscape\"}},\"imageMeta\":{\"aperture\":\"0\",\"credit\":\"\",\"camera\":\"\",\"caption\":\"\",\"created_timestamp\":\"0\",\"copyright\":\"\",\"focal_length\":\"0\",\"iso\":\"0\",\"shutter_speed\":\"0\",\"title\":\"\",\"orientation\":\"0\",\"keywords\":[]},\"meta\":false},{\"id\":8824,\"title\":\"Foto 2024 0518 15\",\"url\":\"https:\/\/www.cykloromantika.cz\/wp-content\/uploads\/2025\/01\/foto-2024-0518-15.jpg\",\"link\":\"https:\/\/www.cykloromantika.cz\/foto-2024-0518-15\/\",\"alt\":\"\",\"description\":\"\",\"caption\":\"Cel\u00e1 \u0160v\u00fdcarna s na\u0161\u00ed mali\u0159kost\u00ed!\",\"mime\":\"image\/jpeg\",\"type\":\"image\",\"width\":1024,\"height\":576,\"sizes\":{\"thumbnail\":{\"height\":84,\"width\":150,\"url\":\"https:\/\/www.cykloromantika.cz\/wp-content\/uploads\/2025\/01\/foto-2024-0518-15-150x84.jpg\",\"orientation\":\"landscape\"},\"medium\":{\"height\":169,\"width\":300,\"url\":\"https:\/\/www.cykloromantika.cz\/wp-content\/uploads\/2025\/01\/foto-2024-0518-15-300x169.jpg\",\"orientation\":\"landscape\"},\"full\":{\"url\":\"https:\/\/www.cykloromantika.cz\/wp-content\/uploads\/2025\/01\/foto-2024-0518-15.jpg\",\"height\":576,\"width\":1024,\"orientation\":\"landscape\"}},\"imageMeta\":{\"aperture\":\"0\",\"credit\":\"\",\"camera\":\"\",\"caption\":\"\",\"created_timestamp\":\"0\",\"copyright\":\"\",\"focal_length\":\"0\",\"iso\":\"0\",\"shutter_speed\":\"0\",\"title\":\"\",\"orientation\":\"0\",\"keywords\":[]},\"meta\":false},{\"id\":8825,\"title\":\"Foto 2024 0518 16\",\"url\":\"https:\/\/www.cykloromantika.cz\/wp-content\/uploads\/2025\/01\/foto-2024-0518-16.jpg\",\"link\":\"https:\/\/www.cykloromantika.cz\/foto-2024-0518-16\/\",\"alt\":\"\",\"description\":\"\",\"caption\":\"\",\"mime\":\"image\/jpeg\",\"type\":\"image\",\"width\":1024,\"height\":576,\"sizes\":{\"thumbnail\":{\"height\":84,\"width\":150,\"url\":\"https:\/\/www.cykloromantika.cz\/wp-content\/uploads\/2025\/01\/foto-2024-0518-16-150x84.jpg\",\"orientation\":\"landscape\"},\"medium\":{\"height\":169,\"width\":300,\"url\":\"https:\/\/www.cykloromantika.cz\/wp-content\/uploads\/2025\/01\/foto-2024-0518-16-300x169.jpg\",\"orientation\":\"landscape\"},\"full\":{\"url\":\"https:\/\/www.cykloromantika.cz\/wp-content\/uploads\/2025\/01\/foto-2024-0518-16.jpg\",\"height\":576,\"width\":1024,\"orientation\":\"landscape\"}},\"imageMeta\":{\"aperture\":\"0\",\"credit\":\"\",\"camera\":\"\",\"caption\":\"\",\"created_timestamp\":\"0\",\"copyright\":\"\",\"focal_length\":\"0\",\"iso\":\"0\",\"shutter_speed\":\"0\",\"title\":\"\",\"orientation\":\"0\",\"keywords\":[]},\"meta\":false},{\"id\":8826,\"title\":\"Foto 2024 0518 17\",\"url\":\"https:\/\/www.cykloromantika.cz\/wp-content\/uploads\/2025\/01\/foto-2024-0518-17.jpg\",\"link\":\"https:\/\/www.cykloromantika.cz\/foto-2024-0518-17\/\",\"alt\":\"\",\"description\":\"\",\"caption\":\"Rock garden na \u010cervenohosrk\u00e9 sedlo\",\"mime\":\"image\/jpeg\",\"type\":\"image\",\"width\":768,\"height\":1024,\"sizes\":{\"thumbnail\":{\"height\":150,\"width\":113,\"url\":\"https:\/\/www.cykloromantika.cz\/wp-content\/uploads\/2025\/01\/foto-2024-0518-17-113x150.jpg\",\"orientation\":\"portrait\"},\"medium\":{\"height\":300,\"width\":225,\"url\":\"https:\/\/www.cykloromantika.cz\/wp-content\/uploads\/2025\/01\/foto-2024-0518-17-225x300.jpg\",\"orientation\":\"portrait\"},\"full\":{\"url\":\"https:\/\/www.cykloromantika.cz\/wp-content\/uploads\/2025\/01\/foto-2024-0518-17.jpg\",\"height\":1024,\"width\":768,\"orientation\":\"portrait\"}},\"imageMeta\":{\"aperture\":\"0\",\"credit\":\"\",\"camera\":\"\",\"caption\":\"\",\"created_timestamp\":\"0\",\"copyright\":\"\",\"focal_length\":\"0\",\"iso\":\"0\",\"shutter_speed\":\"0\",\"title\":\"\",\"orientation\":\"0\",\"keywords\":[]},\"meta\":false},{\"id\":8827,\"title\":\"Foto 2024 0518 18\",\"url\":\"https:\/\/www.cykloromantika.cz\/wp-content\/uploads\/2025\/01\/foto-2024-0518-18.jpg\",\"link\":\"https:\/\/www.cykloromantika.cz\/foto-2024-0518-18\/\",\"alt\":\"\",\"description\":\"\",\"caption\":\"\",\"mime\":\"image\/jpeg\",\"type\":\"image\",\"width\":768,\"height\":1024,\"sizes\":{\"thumbnail\":{\"height\":150,\"width\":113,\"url\":\"https:\/\/www.cykloromantika.cz\/wp-content\/uploads\/2025\/01\/foto-2024-0518-18-113x150.jpg\",\"orientation\":\"portrait\"},\"medium\":{\"height\":300,\"width\":225,\"url\":\"https:\/\/www.cykloromantika.cz\/wp-content\/uploads\/2025\/01\/foto-2024-0518-18-225x300.jpg\",\"orientation\":\"portrait\"},\"full\":{\"url\":\"https:\/\/www.cykloromantika.cz\/wp-content\/uploads\/2025\/01\/foto-2024-0518-18.jpg\",\"height\":1024,\"width\":768,\"orientation\":\"portrait\"}},\"imageMeta\":{\"aperture\":\"0\",\"credit\":\"\",\"camera\":\"\",\"caption\":\"\",\"created_timestamp\":\"0\",\"copyright\":\"\",\"focal_length\":\"0\",\"iso\":\"0\",\"shutter_speed\":\"0\",\"title\":\"\",\"orientation\":\"0\",\"keywords\":[]},\"meta\":false},{\"id\":8828,\"title\":\"Foto 2024 0518 19\",\"url\":\"https:\/\/www.cykloromantika.cz\/wp-content\/uploads\/2025\/01\/foto-2024-0518-19.jpg\",\"link\":\"https:\/\/www.cykloromantika.cz\/foto-2024-0518-19\/\",\"alt\":\"\",\"description\":\"\",\"caption\":\"\",\"mime\":\"image\/jpeg\",\"type\":\"image\",\"width\":768,\"height\":1024,\"sizes\":{\"thumbnail\":{\"height\":150,\"width\":113,\"url\":\"https:\/\/www.cykloromantika.cz\/wp-content\/uploads\/2025\/01\/foto-2024-0518-19-113x150.jpg\",\"orientation\":\"portrait\"},\"medium\":{\"height\":300,\"width\":225,\"url\":\"https:\/\/www.cykloromantika.cz\/wp-content\/uploads\/2025\/01\/foto-2024-0518-19-225x300.jpg\",\"orientation\":\"portrait\"},\"full\":{\"url\":\"https:\/\/www.cykloromantika.cz\/wp-content\/uploads\/2025\/01\/foto-2024-0518-19.jpg\",\"height\":1024,\"width\":768,\"orientation\":\"portrait\"}},\"imageMeta\":{\"aperture\":\"0\",\"credit\":\"\",\"camera\":\"\",\"caption\":\"\",\"created_timestamp\":\"0\",\"copyright\":\"\",\"focal_length\":\"0\",\"iso\":\"0\",\"shutter_speed\":\"0\",\"title\":\"\",\"orientation\":\"0\",\"keywords\":[]},\"meta\":false},{\"id\":8829,\"title\":\"Foto 2024 0518 20\",\"url\":\"https:\/\/www.cykloromantika.cz\/wp-content\/uploads\/2025\/01\/foto-2024-0518-20.jpg\",\"link\":\"https:\/\/www.cykloromantika.cz\/foto-2024-0518-20\/\",\"alt\":\"\",\"description\":\"\",\"caption\":\"\",\"mime\":\"image\/jpeg\",\"type\":\"image\",\"width\":768,\"height\":1024,\"sizes\":{\"thumbnail\":{\"height\":150,\"width\":113,\"url\":\"https:\/\/www.cykloromantika.cz\/wp-content\/uploads\/2025\/01\/foto-2024-0518-20-113x150.jpg\",\"orientation\":\"portrait\"},\"medium\":{\"height\":300,\"width\":225,\"url\":\"https:\/\/www.cykloromantika.cz\/wp-content\/uploads\/2025\/01\/foto-2024-0518-20-225x300.jpg\",\"orientation\":\"portrait\"},\"full\":{\"url\":\"https:\/\/www.cykloromantika.cz\/wp-content\/uploads\/2025\/01\/foto-2024-0518-20.jpg\",\"height\":1024,\"width\":768,\"orientation\":\"portrait\"}},\"imageMeta\":{\"aperture\":\"0\",\"credit\":\"\",\"camera\":\"\",\"caption\":\"\",\"created_timestamp\":\"0\",\"copyright\":\"\",\"focal_length\":\"0\",\"iso\":\"0\",\"shutter_speed\":\"0\",\"title\":\"\",\"orientation\":\"0\",\"keywords\":[]},\"meta\":false},{\"id\":8830,\"title\":\"Foto 2024 0518 21\",\"url\":\"https:\/\/www.cykloromantika.cz\/wp-content\/uploads\/2025\/01\/foto-2024-0518-21.jpg\",\"link\":\"https:\/\/www.cykloromantika.cz\/foto-2024-0518-21\/\",\"alt\":\"\",\"description\":\"\",\"caption\":\"\",\"mime\":\"image\/jpeg\",\"type\":\"image\",\"width\":768,\"height\":1024,\"sizes\":{\"thumbnail\":{\"height\":150,\"width\":113,\"url\":\"https:\/\/www.cykloromantika.cz\/wp-content\/uploads\/2025\/01\/foto-2024-0518-21-113x150.jpg\",\"orientation\":\"portrait\"},\"medium\":{\"height\":300,\"width\":225,\"url\":\"https:\/\/www.cykloromantika.cz\/wp-content\/uploads\/2025\/01\/foto-2024-0518-21-225x300.jpg\",\"orientation\":\"portrait\"},\"full\":{\"url\":\"https:\/\/www.cykloromantika.cz\/wp-content\/uploads\/2025\/01\/foto-2024-0518-21.jpg\",\"height\":1024,\"width\":768,\"orientation\":\"portrait\"}},\"imageMeta\":{\"aperture\":\"0\",\"credit\":\"\",\"camera\":\"\",\"caption\":\"\",\"created_timestamp\":\"0\",\"copyright\":\"\",\"focal_length\":\"0\",\"iso\":\"0\",\"shutter_speed\":\"0\",\"title\":\"\",\"orientation\":\"0\",\"keywords\":[]},\"meta\":false},{\"id\":8831,\"title\":\"Foto 2024 0518 22\",\"url\":\"https:\/\/www.cykloromantika.cz\/wp-content\/uploads\/2025\/01\/foto-2024-0518-22.jpg\",\"link\":\"https:\/\/www.cykloromantika.cz\/foto-2024-0518-22\/\",\"alt\":\"\",\"description\":\"\",\"caption\":\"\",\"mime\":\"image\/jpeg\",\"type\":\"image\",\"width\":768,\"height\":1024,\"sizes\":{\"thumbnail\":{\"height\":150,\"width\":113,\"url\":\"https:\/\/www.cykloromantika.cz\/wp-content\/uploads\/2025\/01\/foto-2024-0518-22-113x150.jpg\",\"orientation\":\"portrait\"},\"medium\":{\"height\":300,\"width\":225,\"url\":\"https:\/\/www.cykloromantika.cz\/wp-content\/uploads\/2025\/01\/foto-2024-0518-22-225x300.jpg\",\"orientation\":\"portrait\"},\"full\":{\"url\":\"https:\/\/www.cykloromantika.cz\/wp-content\/uploads\/2025\/01\/foto-2024-0518-22.jpg\",\"height\":1024,\"width\":768,\"orientation\":\"portrait\"}},\"imageMeta\":{\"aperture\":\"0\",\"credit\":\"\",\"camera\":\"\",\"caption\":\"\",\"created_timestamp\":\"0\",\"copyright\":\"\",\"focal_length\":\"0\",\"iso\":\"0\",\"shutter_speed\":\"0\",\"title\":\"\",\"orientation\":\"0\",\"keywords\":[]},\"meta\":false},{\"id\":8832,\"title\":\"Foto 2024 0518 23\",\"url\":\"https:\/\/www.cykloromantika.cz\/wp-content\/uploads\/2025\/01\/foto-2024-0518-23.jpg\",\"link\":\"https:\/\/www.cykloromantika.cz\/foto-2024-0518-23\/\",\"alt\":\"\",\"description\":\"\",\"caption\":\"Bobo to bere s \u00fasm\u011bvem, narozd\u00edl od jeho kola!\",\"mime\":\"image\/jpeg\",\"type\":\"image\",\"width\":768,\"height\":1024,\"sizes\":{\"thumbnail\":{\"height\":150,\"width\":113,\"url\":\"https:\/\/www.cykloromantika.cz\/wp-content\/uploads\/2025\/01\/foto-2024-0518-23-113x150.jpg\",\"orientation\":\"portrait\"},\"medium\":{\"height\":300,\"width\":225,\"url\":\"https:\/\/www.cykloromantika.cz\/wp-content\/uploads\/2025\/01\/foto-2024-0518-23-225x300.jpg\",\"orientation\":\"portrait\"},\"full\":{\"url\":\"https:\/\/www.cykloromantika.cz\/wp-content\/uploads\/2025\/01\/foto-2024-0518-23.jpg\",\"height\":1024,\"width\":768,\"orientation\":\"portrait\"}},\"imageMeta\":{\"aperture\":\"0\",\"credit\":\"\",\"camera\":\"\",\"caption\":\"\",\"created_timestamp\":\"0\",\"copyright\":\"\",\"focal_length\":\"0\",\"iso\":\"0\",\"shutter_speed\":\"0\",\"title\":\"\",\"orientation\":\"0\",\"keywords\":[]},\"meta\":false},{\"id\":8833,\"title\":\"Foto 2024 0518 24\",\"url\":\"https:\/\/www.cykloromantika.cz\/wp-content\/uploads\/2025\/01\/foto-2024-0518-24.jpg\",\"link\":\"https:\/\/www.cykloromantika.cz\/foto-2024-0518-24\/\",\"alt\":\"\",\"description\":\"\",\"caption\":\"\u010cervenohosrk\u00e9 sedlo\",\"mime\":\"image\/jpeg\",\"type\":\"image\",\"width\":1024,\"height\":576,\"sizes\":{\"thumbnail\":{\"height\":84,\"width\":150,\"url\":\"https:\/\/www.cykloromantika.cz\/wp-content\/uploads\/2025\/01\/foto-2024-0518-24-150x84.jpg\",\"orientation\":\"landscape\"},\"medium\":{\"height\":169,\"width\":300,\"url\":\"https:\/\/www.cykloromantika.cz\/wp-content\/uploads\/2025\/01\/foto-2024-0518-24-300x169.jpg\",\"orientation\":\"landscape\"},\"full\":{\"url\":\"https:\/\/www.cykloromantika.cz\/wp-content\/uploads\/2025\/01\/foto-2024-0518-24.jpg\",\"height\":576,\"width\":1024,\"orientation\":\"landscape\"}},\"imageMeta\":{\"aperture\":\"0\",\"credit\":\"\",\"camera\":\"\",\"caption\":\"\",\"created_timestamp\":\"0\",\"copyright\":\"\",\"focal_length\":\"0\",\"iso\":\"0\",\"shutter_speed\":\"0\",\"title\":\"\",\"orientation\":\"0\",\"keywords\":[]},\"meta\":false},{\"id\":8834,\"title\":\"Foto 2024 0518 25\",\"url\":\"https:\/\/www.cykloromantika.cz\/wp-content\/uploads\/2025\/01\/foto-2024-0518-25.jpg\",\"link\":\"https:\/\/www.cykloromantika.cz\/foto-2024-0518-25\/\",\"alt\":\"\",\"description\":\"\",\"caption\":\"\u010cervenohosrk\u00e9 sedlo\",\"mime\":\"image\/jpeg\",\"type\":\"image\",\"width\":1024,\"height\":576,\"sizes\":{\"thumbnail\":{\"height\":84,\"width\":150,\"url\":\"https:\/\/www.cykloromantika.cz\/wp-content\/uploads\/2025\/01\/foto-2024-0518-25-150x84.jpg\",\"orientation\":\"landscape\"},\"medium\":{\"height\":169,\"width\":300,\"url\":\"https:\/\/www.cykloromantika.cz\/wp-content\/uploads\/2025\/01\/foto-2024-0518-25-300x169.jpg\",\"orientation\":\"landscape\"},\"full\":{\"url\":\"https:\/\/www.cykloromantika.cz\/wp-content\/uploads\/2025\/01\/foto-2024-0518-25.jpg\",\"height\":576,\"width\":1024,\"orientation\":\"landscape\"}},\"imageMeta\":{\"aperture\":\"0\",\"credit\":\"\",\"camera\":\"\",\"caption\":\"\",\"created_timestamp\":\"0\",\"copyright\":\"\",\"focal_length\":\"0\",\"iso\":\"0\",\"shutter_speed\":\"0\",\"title\":\"\",\"orientation\":\"0\",\"keywords\":[]},\"meta\":false},{\"id\":8835,\"title\":\"Foto 2024 0518 26\",\"url\":\"https:\/\/www.cykloromantika.cz\/wp-content\/uploads\/2025\/01\/foto-2024-0518-26.jpg\",\"link\":\"https:\/\/www.cykloromantika.cz\/foto-2024-0518-26\/\",\"alt\":\"\",\"description\":\"\",\"caption\":\"\u010cervenohosrk\u00e9 sedlo\",\"mime\":\"image\/jpeg\",\"type\":\"image\",\"width\":1024,\"height\":768,\"sizes\":{\"thumbnail\":{\"height\":113,\"width\":150,\"url\":\"https:\/\/www.cykloromantika.cz\/wp-content\/uploads\/2025\/01\/foto-2024-0518-26-150x113.jpg\",\"orientation\":\"landscape\"},\"medium\":{\"height\":225,\"width\":300,\"url\":\"https:\/\/www.cykloromantika.cz\/wp-content\/uploads\/2025\/01\/foto-2024-0518-26-300x225.jpg\",\"orientation\":\"landscape\"},\"full\":{\"url\":\"https:\/\/www.cykloromantika.cz\/wp-content\/uploads\/2025\/01\/foto-2024-0518-26.jpg\",\"height\":768,\"width\":1024,\"orientation\":\"landscape\"}},\"imageMeta\":{\"aperture\":\"0\",\"credit\":\"\",\"camera\":\"\",\"caption\":\"\",\"created_timestamp\":\"0\",\"copyright\":\"\",\"focal_length\":\"0\",\"iso\":\"0\",\"shutter_speed\":\"0\",\"title\":\"\",\"orientation\":\"0\",\"keywords\":[]},\"meta\":false},{\"id\":8836,\"title\":\"Foto 2024 0518 27\",\"url\":\"https:\/\/www.cykloromantika.cz\/wp-content\/uploads\/2025\/01\/foto-2024-0518-27.jpg\",\"link\":\"https:\/\/www.cykloromantika.cz\/foto-2024-0518-27\/\",\"alt\":\"\",\"description\":\"\",\"caption\":\"Rozhodnut\u00ed o zrychlen\u00e9m odjezdu\",\"mime\":\"image\/jpeg\",\"type\":\"image\",\"width\":1024,\"height\":768,\"sizes\":{\"thumbnail\":{\"height\":113,\"width\":150,\"url\":\"https:\/\/www.cykloromantika.cz\/wp-content\/uploads\/2025\/01\/foto-2024-0518-27-150x113.jpg\",\"orientation\":\"landscape\"},\"medium\":{\"height\":225,\"width\":300,\"url\":\"https:\/\/www.cykloromantika.cz\/wp-content\/uploads\/2025\/01\/foto-2024-0518-27-300x225.jpg\",\"orientation\":\"landscape\"},\"full\":{\"url\":\"https:\/\/www.cykloromantika.cz\/wp-content\/uploads\/2025\/01\/foto-2024-0518-27.jpg\",\"height\":768,\"width\":1024,\"orientation\":\"landscape\"}},\"imageMeta\":{\"aperture\":\"0\",\"credit\":\"\",\"camera\":\"\",\"caption\":\"\",\"created_timestamp\":\"0\",\"copyright\":\"\",\"focal_length\":\"0\",\"iso\":\"0\",\"shutter_speed\":\"0\",\"title\":\"\",\"orientation\":\"0\",\"keywords\":[]},\"meta\":false},{\"id\":8837,\"title\":\"Foto 2024 0518 28\",\"url\":\"https:\/\/www.cykloromantika.cz\/wp-content\/uploads\/2025\/01\/foto-2024-0518-28.jpg\",\"link\":\"https:\/\/www.cykloromantika.cz\/foto-2024-0518-28\/\",\"alt\":\"\",\"description\":\"\",\"caption\":\"Tak je\u0161t\u011b spole\u010dnou fotku\",\"mime\":\"image\/jpeg\",\"type\":\"image\",\"width\":768,\"height\":1024,\"sizes\":{\"thumbnail\":{\"height\":150,\"width\":113,\"url\":\"https:\/\/www.cykloromantika.cz\/wp-content\/uploads\/2025\/01\/foto-2024-0518-28-113x150.jpg\",\"orientation\":\"portrait\"},\"medium\":{\"height\":300,\"width\":225,\"url\":\"https:\/\/www.cykloromantika.cz\/wp-content\/uploads\/2025\/01\/foto-2024-0518-28-225x300.jpg\",\"orientation\":\"portrait\"},\"full\":{\"url\":\"https:\/\/www.cykloromantika.cz\/wp-content\/uploads\/2025\/01\/foto-2024-0518-28.jpg\",\"height\":1024,\"width\":768,\"orientation\":\"portrait\"}},\"imageMeta\":{\"aperture\":\"0\",\"credit\":\"\",\"camera\":\"\",\"caption\":\"\",\"created_timestamp\":\"0\",\"copyright\":\"\",\"focal_length\":\"0\",\"iso\":\"0\",\"shutter_speed\":\"0\",\"title\":\"\",\"orientation\":\"0\",\"keywords\":[]},\"meta\":false},{\"id\":8838,\"title\":\"Foto 2024 0518 29\",\"url\":\"https:\/\/www.cykloromantika.cz\/wp-content\/uploads\/2025\/01\/foto-2024-0518-29.jpg\",\"link\":\"https:\/\/www.cykloromantika.cz\/foto-2024-0518-29\/\",\"alt\":\"\",\"description\":\"\",\"caption\":\"Du\u0161\u00edk vid\u011bl v\u00fdzvu a tak ji p\u0159ekonal!\",\"mime\":\"image\/jpeg\",\"type\":\"image\",\"width\":768,\"height\":1024,\"sizes\":{\"thumbnail\":{\"height\":150,\"width\":113,\"url\":\"https:\/\/www.cykloromantika.cz\/wp-content\/uploads\/2025\/01\/foto-2024-0518-29-113x150.jpg\",\"orientation\":\"portrait\"},\"medium\":{\"height\":300,\"width\":225,\"url\":\"https:\/\/www.cykloromantika.cz\/wp-content\/uploads\/2025\/01\/foto-2024-0518-29-225x300.jpg\",\"orientation\":\"portrait\"},\"full\":{\"url\":\"https:\/\/www.cykloromantika.cz\/wp-content\/uploads\/2025\/01\/foto-2024-0518-29.jpg\",\"height\":1024,\"width\":768,\"orientation\":\"portrait\"}},\"imageMeta\":{\"aperture\":\"0\",\"credit\":\"\",\"camera\":\"\",\"caption\":\"\",\"created_timestamp\":\"0\",\"copyright\":\"\",\"focal_length\":\"0\",\"iso\":\"0\",\"shutter_speed\":\"0\",\"title\":\"\",\"orientation\":\"0\",\"keywords\":[]},\"meta\":false},{\"id\":8839,\"title\":\"Foto 2024 0518 30\",\"url\":\"https:\/\/www.cykloromantika.cz\/wp-content\/uploads\/2025\/01\/foto-2024-0518-30.jpg\",\"link\":\"https:\/\/www.cykloromantika.cz\/foto-2024-0518-30\/\",\"alt\":\"\",\"description\":\"\",\"caption\":\"Kaple sv. Hedviky na Vidl\u00edch\",\"mime\":\"image\/jpeg\",\"type\":\"image\",\"width\":1024,\"height\":768,\"sizes\":{\"thumbnail\":{\"height\":113,\"width\":150,\"url\":\"https:\/\/www.cykloromantika.cz\/wp-content\/uploads\/2025\/01\/foto-2024-0518-30-150x113.jpg\",\"orientation\":\"landscape\"},\"medium\":{\"height\":225,\"width\":300,\"url\":\"https:\/\/www.cykloromantika.cz\/wp-content\/uploads\/2025\/01\/foto-2024-0518-30-300x225.jpg\",\"orientation\":\"landscape\"},\"full\":{\"url\":\"https:\/\/www.cykloromantika.cz\/wp-content\/uploads\/2025\/01\/foto-2024-0518-30.jpg\",\"height\":768,\"width\":1024,\"orientation\":\"landscape\"}},\"imageMeta\":{\"aperture\":\"0\",\"credit\":\"\",\"camera\":\"\",\"caption\":\"\",\"created_timestamp\":\"0\",\"copyright\":\"\",\"focal_length\":\"0\",\"iso\":\"0\",\"shutter_speed\":\"0\",\"title\":\"\",\"orientation\":\"0\",\"keywords\":[]},\"meta\":false},{\"id\":8840,\"title\":\"Foto 2024 0518 31\",\"url\":\"https:\/\/www.cykloromantika.cz\/wp-content\/uploads\/2025\/01\/foto-2024-0518-31.jpg\",\"link\":\"https:\/\/www.cykloromantika.cz\/foto-2024-0518-31\/\",\"alt\":\"\",\"description\":\"\",\"caption\":\"Kr\u00e1sn\u00e9 m\u00edsto na Vidl\u00edch\",\"mime\":\"image\/jpeg\",\"type\":\"image\",\"width\":768,\"height\":1024,\"sizes\":{\"thumbnail\":{\"height\":150,\"width\":113,\"url\":\"https:\/\/www.cykloromantika.cz\/wp-content\/uploads\/2025\/01\/foto-2024-0518-31-113x150.jpg\",\"orientation\":\"portrait\"},\"medium\":{\"height\":300,\"width\":225,\"url\":\"https:\/\/www.cykloromantika.cz\/wp-content\/uploads\/2025\/01\/foto-2024-0518-31-225x300.jpg\",\"orientation\":\"portrait\"},\"full\":{\"url\":\"https:\/\/www.cykloromantika.cz\/wp-content\/uploads\/2025\/01\/foto-2024-0518-31.jpg\",\"height\":1024,\"width\":768,\"orientation\":\"portrait\"}},\"imageMeta\":{\"aperture\":\"0\",\"credit\":\"\",\"camera\":\"\",\"caption\":\"\",\"created_timestamp\":\"0\",\"copyright\":\"\",\"focal_length\":\"0\",\"iso\":\"0\",\"shutter_speed\":\"0\",\"title\":\"\",\"orientation\":\"0\",\"keywords\":[]},\"meta\":false},{\"id\":8841,\"title\":\"Foto 2024 0518 32\",\"url\":\"https:\/\/www.cykloromantika.cz\/wp-content\/uploads\/2025\/01\/foto-2024-0518-32.jpg\",\"link\":\"https:\/\/www.cykloromantika.cz\/foto-2024-0518-32\/\",\"alt\":\"\",\"description\":\"\",\"caption\":\"Tradi\u010dn\u00ed kole\u010dko (Pod Prad\u011bdem)\",\"mime\":\"image\/jpeg\",\"type\":\"image\",\"width\":576,\"height\":1024,\"sizes\":{\"thumbnail\":{\"height\":150,\"width\":84,\"url\":\"https:\/\/www.cykloromantika.cz\/wp-content\/uploads\/2025\/01\/foto-2024-0518-32-84x150.jpg\",\"orientation\":\"portrait\"},\"medium\":{\"height\":300,\"width\":169,\"url\":\"https:\/\/www.cykloromantika.cz\/wp-content\/uploads\/2025\/01\/foto-2024-0518-32-169x300.jpg\",\"orientation\":\"portrait\"},\"full\":{\"url\":\"https:\/\/www.cykloromantika.cz\/wp-content\/uploads\/2025\/01\/foto-2024-0518-32.jpg\",\"height\":1024,\"width\":576,\"orientation\":\"portrait\"}},\"imageMeta\":{\"aperture\":\"0\",\"credit\":\"\",\"camera\":\"\",\"caption\":\"\",\"created_timestamp\":\"0\",\"copyright\":\"\",\"focal_length\":\"0\",\"iso\":\"0\",\"shutter_speed\":\"0\",\"title\":\"\",\"orientation\":\"0\",\"keywords\":[]},\"meta\":false},{\"id\":8842,\"title\":\"Foto 2024 0518 33\",\"url\":\"https:\/\/www.cykloromantika.cz\/wp-content\/uploads\/2025\/01\/foto-2024-0518-33.jpg\",\"link\":\"https:\/\/www.cykloromantika.cz\/foto-2024-0518-33\/\",\"alt\":\"\",\"description\":\"\",\"caption\":\"Trochu chladn\u011bji bylo!\",\"mime\":\"image\/jpeg\",\"type\":\"image\",\"width\":768,\"height\":1024,\"sizes\":{\"thumbnail\":{\"height\":150,\"width\":113,\"url\":\"https:\/\/www.cykloromantika.cz\/wp-content\/uploads\/2025\/01\/foto-2024-0518-33-113x150.jpg\",\"orientation\":\"portrait\"},\"medium\":{\"height\":300,\"width\":225,\"url\":\"https:\/\/www.cykloromantika.cz\/wp-content\/uploads\/2025\/01\/foto-2024-0518-33-225x300.jpg\",\"orientation\":\"portrait\"},\"full\":{\"url\":\"https:\/\/www.cykloromantika.cz\/wp-content\/uploads\/2025\/01\/foto-2024-0518-33.jpg\",\"height\":1024,\"width\":768,\"orientation\":\"portrait\"}},\"imageMeta\":{\"aperture\":\"0\",\"credit\":\"\",\"camera\":\"\",\"caption\":\"\",\"created_timestamp\":\"0\",\"copyright\":\"\",\"focal_length\":\"0\",\"iso\":\"0\",\"shutter_speed\":\"0\",\"title\":\"\",\"orientation\":\"0\",\"keywords\":[]},\"meta\":false},{\"id\":8843,\"title\":\"Foto 2024 0518 34\",\"url\":\"https:\/\/www.cykloromantika.cz\/wp-content\/uploads\/2025\/01\/foto-2024-0518-34.jpg\",\"link\":\"https:\/\/www.cykloromantika.cz\/foto-2024-0518-34\/\",\"alt\":\"\",\"description\":\"\",\"caption\":\"Zimujeme tedy vevnit\u0159!\",\"mime\":\"image\/jpeg\",\"type\":\"image\",\"width\":1024,\"height\":768,\"sizes\":{\"thumbnail\":{\"height\":113,\"width\":150,\"url\":\"https:\/\/www.cykloromantika.cz\/wp-content\/uploads\/2025\/01\/foto-2024-0518-34-150x113.jpg\",\"orientation\":\"landscape\"},\"medium\":{\"height\":225,\"width\":300,\"url\":\"https:\/\/www.cykloromantika.cz\/wp-content\/uploads\/2025\/01\/foto-2024-0518-34-300x225.jpg\",\"orientation\":\"landscape\"},\"full\":{\"url\":\"https:\/\/www.cykloromantika.cz\/wp-content\/uploads\/2025\/01\/foto-2024-0518-34.jpg\",\"height\":768,\"width\":1024,\"orientation\":\"landscape\"}},\"imageMeta\":{\"aperture\":\"0\",\"credit\":\"\",\"camera\":\"\",\"caption\":\"\",\"created_timestamp\":\"0\",\"copyright\":\"\",\"focal_length\":\"0\",\"iso\":\"0\",\"shutter_speed\":\"0\",\"title\":\"\",\"orientation\":\"0\",\"keywords\":[]},\"meta\":false},{\"id\":8844,\"title\":\"Foto 2024 0519 01\",\"url\":\"https:\/\/www.cykloromantika.cz\/wp-content\/uploads\/2025\/01\/foto-2024-0519-01.jpg\",\"link\":\"https:\/\/www.cykloromantika.cz\/foto-2024-0519-01\/\",\"alt\":\"\",\"description\":\"\",\"caption\":\"Ned\u011ble vypad\u00e1 kr\u00e1sn\u011b.\",\"mime\":\"image\/jpeg\",\"type\":\"image\",\"width\":1024,\"height\":768,\"sizes\":{\"thumbnail\":{\"height\":113,\"width\":150,\"url\":\"https:\/\/www.cykloromantika.cz\/wp-content\/uploads\/2025\/01\/foto-2024-0519-01-150x113.jpg\",\"orientation\":\"landscape\"},\"medium\":{\"height\":225,\"width\":300,\"url\":\"https:\/\/www.cykloromantika.cz\/wp-content\/uploads\/2025\/01\/foto-2024-0519-01-300x225.jpg\",\"orientation\":\"landscape\"},\"full\":{\"url\":\"https:\/\/www.cykloromantika.cz\/wp-content\/uploads\/2025\/01\/foto-2024-0519-01.jpg\",\"height\":768,\"width\":1024,\"orientation\":\"landscape\"}},\"imageMeta\":{\"aperture\":\"0\",\"credit\":\"\",\"camera\":\"\",\"caption\":\"\",\"created_timestamp\":\"0\",\"copyright\":\"\",\"focal_length\":\"0\",\"iso\":\"0\",\"shutter_speed\":\"0\",\"title\":\"\",\"orientation\":\"0\",\"keywords\":[]},\"meta\":false},{\"id\":8845,\"title\":\"Foto 2024 0519 02\",\"url\":\"https:\/\/www.cykloromantika.cz\/wp-content\/uploads\/2025\/01\/foto-2024-0519-02.jpg\",\"link\":\"https:\/\/www.cykloromantika.cz\/foto-2024-0519-02\/\",\"alt\":\"\",\"description\":\"\",\"caption\":\"Vyhod\u00edme odpad a vyraz\u00edme.\",\"mime\":\"image\/jpeg\",\"type\":\"image\",\"width\":1024,\"height\":768,\"sizes\":{\"thumbnail\":{\"height\":113,\"width\":150,\"url\":\"https:\/\/www.cykloromantika.cz\/wp-content\/uploads\/2025\/01\/foto-2024-0519-02-150x113.jpg\",\"orientation\":\"landscape\"},\"medium\":{\"height\":225,\"width\":300,\"url\":\"https:\/\/www.cykloromantika.cz\/wp-content\/uploads\/2025\/01\/foto-2024-0519-02-300x225.jpg\",\"orientation\":\"landscape\"},\"full\":{\"url\":\"https:\/\/www.cykloromantika.cz\/wp-content\/uploads\/2025\/01\/foto-2024-0519-02.jpg\",\"height\":768,\"width\":1024,\"orientation\":\"landscape\"}},\"imageMeta\":{\"aperture\":\"0\",\"credit\":\"\",\"camera\":\"\",\"caption\":\"\",\"created_timestamp\":\"0\",\"copyright\":\"\",\"focal_length\":\"0\",\"iso\":\"0\",\"shutter_speed\":\"0\",\"title\":\"\",\"orientation\":\"0\",\"keywords\":[]},\"meta\":false},{\"id\":8846,\"title\":\"Foto 2024 0519 03\",\"url\":\"https:\/\/www.cykloromantika.cz\/wp-content\/uploads\/2025\/01\/foto-2024-0519-03.jpg\",\"link\":\"https:\/\/www.cykloromantika.cz\/foto-2024-0519-03\/\",\"alt\":\"\",\"description\":\"\",\"caption\":\"Snad tento povrch nen\u00ed kone\u010dn\u00fd!\",\"mime\":\"image\/jpeg\",\"type\":\"image\",\"width\":1024,\"height\":768,\"sizes\":{\"thumbnail\":{\"height\":113,\"width\":150,\"url\":\"https:\/\/www.cykloromantika.cz\/wp-content\/uploads\/2025\/01\/foto-2024-0519-03-150x113.jpg\",\"orientation\":\"landscape\"},\"medium\":{\"height\":225,\"width\":300,\"url\":\"https:\/\/www.cykloromantika.cz\/wp-content\/uploads\/2025\/01\/foto-2024-0519-03-300x225.jpg\",\"orientation\":\"landscape\"},\"full\":{\"url\":\"https:\/\/www.cykloromantika.cz\/wp-content\/uploads\/2025\/01\/foto-2024-0519-03.jpg\",\"height\":768,\"width\":1024,\"orientation\":\"landscape\"}},\"imageMeta\":{\"aperture\":\"0\",\"credit\":\"\",\"camera\":\"\",\"caption\":\"\",\"created_timestamp\":\"0\",\"copyright\":\"\",\"focal_length\":\"0\",\"iso\":\"0\",\"shutter_speed\":\"0\",\"title\":\"\",\"orientation\":\"0\",\"keywords\":[]},\"meta\":false},{\"id\":8847,\"title\":\"Foto 2024 0519 04\",\"url\":\"https:\/\/www.cykloromantika.cz\/wp-content\/uploads\/2025\/01\/foto-2024-0519-04.jpg\",\"link\":\"https:\/\/www.cykloromantika.cz\/foto-2024-0519-04\/\",\"alt\":\"\",\"description\":\"\",\"caption\":\"Op\u011bt Du\u0161\u00edkova v\u00fdzva\",\"mime\":\"image\/jpeg\",\"type\":\"image\",\"width\":768,\"height\":1024,\"sizes\":{\"thumbnail\":{\"height\":150,\"width\":113,\"url\":\"https:\/\/www.cykloromantika.cz\/wp-content\/uploads\/2025\/01\/foto-2024-0519-04-113x150.jpg\",\"orientation\":\"portrait\"},\"medium\":{\"height\":300,\"width\":225,\"url\":\"https:\/\/www.cykloromantika.cz\/wp-content\/uploads\/2025\/01\/foto-2024-0519-04-225x300.jpg\",\"orientation\":\"portrait\"},\"full\":{\"url\":\"https:\/\/www.cykloromantika.cz\/wp-content\/uploads\/2025\/01\/foto-2024-0519-04.jpg\",\"height\":1024,\"width\":768,\"orientation\":\"portrait\"}},\"imageMeta\":{\"aperture\":\"0\",\"credit\":\"\",\"camera\":\"\",\"caption\":\"\",\"created_timestamp\":\"0\",\"copyright\":\"\",\"focal_length\":\"0\",\"iso\":\"0\",\"shutter_speed\":\"0\",\"title\":\"\",\"orientation\":\"0\",\"keywords\":[]},\"meta\":false},{\"id\":8848,\"title\":\"Foto 2024 0519 05\",\"url\":\"https:\/\/www.cykloromantika.cz\/wp-content\/uploads\/2025\/01\/foto-2024-0519-05.jpg\",\"link\":\"https:\/\/www.cykloromantika.cz\/foto-2024-0519-05\/\",\"alt\":\"\",\"description\":\"\",\"caption\":\"Lom \u0160ifr\",\"mime\":\"image\/jpeg\",\"type\":\"image\",\"width\":1024,\"height\":683,\"sizes\":{\"thumbnail\":{\"height\":100,\"width\":150,\"url\":\"https:\/\/www.cykloromantika.cz\/wp-content\/uploads\/2025\/01\/foto-2024-0519-05-150x100.jpg\",\"orientation\":\"landscape\"},\"medium\":{\"height\":200,\"width\":300,\"url\":\"https:\/\/www.cykloromantika.cz\/wp-content\/uploads\/2025\/01\/foto-2024-0519-05-300x200.jpg\",\"orientation\":\"landscape\"},\"full\":{\"url\":\"https:\/\/www.cykloromantika.cz\/wp-content\/uploads\/2025\/01\/foto-2024-0519-05.jpg\",\"height\":683,\"width\":1024,\"orientation\":\"landscape\"}},\"imageMeta\":{\"aperture\":\"0\",\"credit\":\"\",\"camera\":\"\",\"caption\":\"\",\"created_timestamp\":\"0\",\"copyright\":\"\",\"focal_length\":\"0\",\"iso\":\"0\",\"shutter_speed\":\"0\",\"title\":\"\",\"orientation\":\"0\",\"keywords\":[]},\"meta\":false},{\"id\":8849,\"title\":\"Foto 2024 0519 06\",\"url\":\"https:\/\/www.cykloromantika.cz\/wp-content\/uploads\/2025\/01\/foto-2024-0519-06.jpg\",\"link\":\"https:\/\/www.cykloromantika.cz\/foto-2024-0519-06\/\",\"alt\":\"\",\"description\":\"\",\"caption\":\"Policejn\u00ed provokace\",\"mime\":\"image\/jpeg\",\"type\":\"image\",\"width\":768,\"height\":1024,\"sizes\":{\"thumbnail\":{\"height\":150,\"width\":113,\"url\":\"https:\/\/www.cykloromantika.cz\/wp-content\/uploads\/2025\/01\/foto-2024-0519-06-113x150.jpg\",\"orientation\":\"portrait\"},\"medium\":{\"height\":300,\"width\":225,\"url\":\"https:\/\/www.cykloromantika.cz\/wp-content\/uploads\/2025\/01\/foto-2024-0519-06-225x300.jpg\",\"orientation\":\"portrait\"},\"full\":{\"url\":\"https:\/\/www.cykloromantika.cz\/wp-content\/uploads\/2025\/01\/foto-2024-0519-06.jpg\",\"height\":1024,\"width\":768,\"orientation\":\"portrait\"}},\"imageMeta\":{\"aperture\":\"0\",\"credit\":\"\",\"camera\":\"\",\"caption\":\"\",\"created_timestamp\":\"0\",\"copyright\":\"\",\"focal_length\":\"0\",\"iso\":\"0\",\"shutter_speed\":\"0\",\"title\":\"\",\"orientation\":\"0\",\"keywords\":[]},\"meta\":false},{\"id\":8850,\"title\":\"Foto 2024 0519 07\",\"url\":\"https:\/\/www.cykloromantika.cz\/wp-content\/uploads\/2025\/01\/foto-2024-0519-07.jpg\",\"link\":\"https:\/\/www.cykloromantika.cz\/foto-2024-0519-07\/\",\"alt\":\"\",\"description\":\"\",\"caption\":\"Tak\u00e9 policejn\u00ed provokace\",\"mime\":\"image\/jpeg\",\"type\":\"image\",\"width\":768,\"height\":1024,\"sizes\":{\"thumbnail\":{\"height\":150,\"width\":113,\"url\":\"https:\/\/www.cykloromantika.cz\/wp-content\/uploads\/2025\/01\/foto-2024-0519-07-113x150.jpg\",\"orientation\":\"portrait\"},\"medium\":{\"height\":300,\"width\":225,\"url\":\"https:\/\/www.cykloromantika.cz\/wp-content\/uploads\/2025\/01\/foto-2024-0519-07-225x300.jpg\",\"orientation\":\"portrait\"},\"full\":{\"url\":\"https:\/\/www.cykloromantika.cz\/wp-content\/uploads\/2025\/01\/foto-2024-0519-07.jpg\",\"height\":1024,\"width\":768,\"orientation\":\"portrait\"}},\"imageMeta\":{\"aperture\":\"0\",\"credit\":\"\",\"camera\":\"\",\"caption\":\"\",\"created_timestamp\":\"0\",\"copyright\":\"\",\"focal_length\":\"0\",\"iso\":\"0\",\"shutter_speed\":\"0\",\"title\":\"\",\"orientation\":\"0\",\"keywords\":[]},\"meta\":false},{\"id\":8851,\"title\":\"Foto 2024 0519 08\",\"url\":\"https:\/\/www.cykloromantika.cz\/wp-content\/uploads\/2025\/01\/foto-2024-0519-08.jpg\",\"link\":\"https:\/\/www.cykloromantika.cz\/foto-2024-0519-08\/\",\"alt\":\"\",\"description\":\"\",\"caption\":\"Z\u00e1mek Litultovice\",\"mime\":\"image\/jpeg\",\"type\":\"image\",\"width\":1024,\"height\":768,\"sizes\":{\"thumbnail\":{\"height\":113,\"width\":150,\"url\":\"https:\/\/www.cykloromantika.cz\/wp-content\/uploads\/2025\/01\/foto-2024-0519-08-150x113.jpg\",\"orientation\":\"landscape\"},\"medium\":{\"height\":225,\"width\":300,\"url\":\"https:\/\/www.cykloromantika.cz\/wp-content\/uploads\/2025\/01\/foto-2024-0519-08-300x225.jpg\",\"orientation\":\"landscape\"},\"full\":{\"url\":\"https:\/\/www.cykloromantika.cz\/wp-content\/uploads\/2025\/01\/foto-2024-0519-08.jpg\",\"height\":768,\"width\":1024,\"orientation\":\"landscape\"}},\"imageMeta\":{\"aperture\":\"0\",\"credit\":\"\",\"camera\":\"\",\"caption\":\"\",\"created_timestamp\":\"0\",\"copyright\":\"\",\"focal_length\":\"0\",\"iso\":\"0\",\"shutter_speed\":\"0\",\"title\":\"\",\"orientation\":\"0\",\"keywords\":[]},\"meta\":false},{\"id\":8852,\"title\":\"Foto 2024 0519 09\",\"url\":\"https:\/\/www.cykloromantika.cz\/wp-content\/uploads\/2025\/01\/foto-2024-0519-09.jpg\",\"link\":\"https:\/\/www.cykloromantika.cz\/foto-2024-0519-09\/\",\"alt\":\"\",\"description\":\"\",\"caption\":\"V hospod\u011b jen pol\u00e9vka, miz\u00edme d\u00e1l!\",\"mime\":\"image\/jpeg\",\"type\":\"image\",\"width\":1024,\"height\":768,\"sizes\":{\"thumbnail\":{\"height\":113,\"width\":150,\"url\":\"https:\/\/www.cykloromantika.cz\/wp-content\/uploads\/2025\/01\/foto-2024-0519-09-150x113.jpg\",\"orientation\":\"landscape\"},\"medium\":{\"height\":225,\"width\":300,\"url\":\"https:\/\/www.cykloromantika.cz\/wp-content\/uploads\/2025\/01\/foto-2024-0519-09-300x225.jpg\",\"orientation\":\"landscape\"},\"full\":{\"url\":\"https:\/\/www.cykloromantika.cz\/wp-content\/uploads\/2025\/01\/foto-2024-0519-09.jpg\",\"height\":768,\"width\":1024,\"orientation\":\"landscape\"}},\"imageMeta\":{\"aperture\":\"0\",\"credit\":\"\",\"camera\":\"\",\"caption\":\"\",\"created_timestamp\":\"0\",\"copyright\":\"\",\"focal_length\":\"0\",\"iso\":\"0\",\"shutter_speed\":\"0\",\"title\":\"\",\"orientation\":\"0\",\"keywords\":[]},\"meta\":false},{\"id\":8853,\"title\":\"Foto 2024 0519 10\",\"url\":\"https:\/\/www.cykloromantika.cz\/wp-content\/uploads\/2025\/01\/foto-2024-0519-10.jpg\",\"link\":\"https:\/\/www.cykloromantika.cz\/foto-2024-0519-10\/\",\"alt\":\"\",\"description\":\"\",\"caption\":\"Stoup\u00e1n\u00ed na Vendel\u00edn\",\"mime\":\"image\/jpeg\",\"type\":\"image\",\"width\":1024,\"height\":768,\"sizes\":{\"thumbnail\":{\"height\":113,\"width\":150,\"url\":\"https:\/\/www.cykloromantika.cz\/wp-content\/uploads\/2025\/01\/foto-2024-0519-10-150x113.jpg\",\"orientation\":\"landscape\"},\"medium\":{\"height\":225,\"width\":300,\"url\":\"https:\/\/www.cykloromantika.cz\/wp-content\/uploads\/2025\/01\/foto-2024-0519-10-300x225.jpg\",\"orientation\":\"landscape\"},\"full\":{\"url\":\"https:\/\/www.cykloromantika.cz\/wp-content\/uploads\/2025\/01\/foto-2024-0519-10.jpg\",\"height\":768,\"width\":1024,\"orientation\":\"landscape\"}},\"imageMeta\":{\"aperture\":\"0\",\"credit\":\"\",\"camera\":\"\",\"caption\":\"\",\"created_timestamp\":\"0\",\"copyright\":\"\",\"focal_length\":\"0\",\"iso\":\"0\",\"shutter_speed\":\"0\",\"title\":\"\",\"orientation\":\"0\",\"keywords\":[]},\"meta\":false},{\"id\":8854,\"title\":\"Foto 2024 0519 11\",\"url\":\"https:\/\/www.cykloromantika.cz\/wp-content\/uploads\/2025\/01\/foto-2024-0519-11.jpg\",\"link\":\"https:\/\/www.cykloromantika.cz\/foto-2024-0519-11\/\",\"alt\":\"\",\"description\":\"\",\"caption\":\"Are\u00e1l Dobr\u00e9 Pohody \u2013 kone\u010dn\u011b j\u00eddlo!\",\"mime\":\"image\/jpeg\",\"type\":\"image\",\"width\":768,\"height\":1024,\"sizes\":{\"thumbnail\":{\"height\":150,\"width\":113,\"url\":\"https:\/\/www.cykloromantika.cz\/wp-content\/uploads\/2025\/01\/foto-2024-0519-11-113x150.jpg\",\"orientation\":\"portrait\"},\"medium\":{\"height\":300,\"width\":225,\"url\":\"https:\/\/www.cykloromantika.cz\/wp-content\/uploads\/2025\/01\/foto-2024-0519-11-225x300.jpg\",\"orientation\":\"portrait\"},\"full\":{\"url\":\"https:\/\/www.cykloromantika.cz\/wp-content\/uploads\/2025\/01\/foto-2024-0519-11.jpg\",\"height\":1024,\"width\":768,\"orientation\":\"portrait\"}},\"imageMeta\":{\"aperture\":\"0\",\"credit\":\"\",\"camera\":\"\",\"caption\":\"\",\"created_timestamp\":\"0\",\"copyright\":\"\",\"focal_length\":\"0\",\"iso\":\"0\",\"shutter_speed\":\"0\",\"title\":\"\",\"orientation\":\"0\",\"keywords\":[]},\"meta\":false},{\"id\":8855,\"title\":\"Foto 2024 0519 12\",\"url\":\"https:\/\/www.cykloromantika.cz\/wp-content\/uploads\/2025\/01\/foto-2024-0519-12.jpg\",\"link\":\"https:\/\/www.cykloromantika.cz\/foto-2024-0519-12\/\",\"alt\":\"\",\"description\":\"\",\"caption\":\"Siesta po j\u00eddle\",\"mime\":\"image\/jpeg\",\"type\":\"image\",\"width\":1024,\"height\":768,\"sizes\":{\"thumbnail\":{\"height\":113,\"width\":150,\"url\":\"https:\/\/www.cykloromantika.cz\/wp-content\/uploads\/2025\/01\/foto-2024-0519-12-150x113.jpg\",\"orientation\":\"landscape\"},\"medium\":{\"height\":225,\"width\":300,\"url\":\"https:\/\/www.cykloromantika.cz\/wp-content\/uploads\/2025\/01\/foto-2024-0519-12-300x225.jpg\",\"orientation\":\"landscape\"},\"full\":{\"url\":\"https:\/\/www.cykloromantika.cz\/wp-content\/uploads\/2025\/01\/foto-2024-0519-12.jpg\",\"height\":768,\"width\":1024,\"orientation\":\"landscape\"}},\"imageMeta\":{\"aperture\":\"0\",\"credit\":\"\",\"camera\":\"\",\"caption\":\"\",\"created_timestamp\":\"0\",\"copyright\":\"\",\"focal_length\":\"0\",\"iso\":\"0\",\"shutter_speed\":\"0\",\"title\":\"\",\"orientation\":\"0\",\"keywords\":[]},\"meta\":false},{\"id\":8856,\"title\":\"Foto 2024 0519 13\",\"url\":\"https:\/\/www.cykloromantika.cz\/wp-content\/uploads\/2025\/01\/foto-2024-0519-13.jpg\",\"link\":\"https:\/\/www.cykloromantika.cz\/foto-2024-0519-13\/\",\"alt\":\"\",\"description\":\"\",\"caption\":\"Odjezd ze \u017dimrovic a\u017e do Ostravy\",\"mime\":\"image\/jpeg\",\"type\":\"image\",\"width\":1024,\"height\":768,\"sizes\":{\"thumbnail\":{\"height\":113,\"width\":150,\"url\":\"https:\/\/www.cykloromantika.cz\/wp-content\/uploads\/2025\/01\/foto-2024-0519-13-150x113.jpg\",\"orientation\":\"landscape\"},\"medium\":{\"height\":225,\"width\":300,\"url\":\"https:\/\/www.cykloromantika.cz\/wp-content\/uploads\/2025\/01\/foto-2024-0519-13-300x225.jpg\",\"orientation\":\"landscape\"},\"full\":{\"url\":\"https:\/\/www.cykloromantika.cz\/wp-content\/uploads\/2025\/01\/foto-2024-0519-13.jpg\",\"height\":768,\"width\":1024,\"orientation\":\"landscape\"}},\"imageMeta\":{\"aperture\":\"0\",\"credit\":\"\",\"camera\":\"\",\"caption\":\"\",\"created_timestamp\":\"0\",\"copyright\":\"\",\"focal_length\":\"0\",\"iso\":\"0\",\"shutter_speed\":\"0\",\"title\":\"\",\"orientation\":\"0\",\"keywords\":[]},\"meta\":false}],\"useClobalSettings\":true,\"orderBy\":\"title\",\"galleryBorderRadius\":8,\"shareFacebook\":false,\"shareTwitter\":false,\"sharePinterest\":false,\"sharePost\":\"postlink\",\"sliderSocialShareEnabled\":false,\"itemsMetaDataCollection\":[]}<\/script><script>(function(){if(window.PGC_SGB && window.PGC_SGB.searcher){window.PGC_SGB.searcher.initBlocks()}})()<\/script><\/div>\n<\/div><\/div>\n<\/div><\/div><\/div>\n","protected":false},"excerpt":{"rendered":"","protected":false},"author":3,"featured_media":8818,"comment_status":"open","ping_status":"open","sticky":false,"template":"","format":"standard","meta":{"_acf_changed":false,"pgc_sgb_lightbox_settings":"","footnotes":""},"categories":[31],"tags":[],"class_list":["post-8549","post","type-post","status-publish","format-standard","has-post-thumbnail","hentry","category-denicek"],"acf":[],"_links":{"self":[{"href":"https:\/\/www.cykloromantika.cz\/index.php\/wp-json\/wp\/v2\/posts\/8549","targetHints":{"allow":["GET"]}}],"collection":[{"href":"https:\/\/www.cykloromantika.cz\/index.php\/wp-json\/wp\/v2\/posts"}],"about":[{"href":"https:\/\/www.cykloromantika.cz\/index.php\/wp-json\/wp\/v2\/types\/post"}],"author":[{"embeddable":true,"href":"https:\/\/www.cykloromantika.cz\/index.php\/wp-json\/wp\/v2\/users\/3"}],"replies":[{"embeddable":true,"href":"https:\/\/www.cykloromantika.cz\/index.php\/wp-json\/wp\/v2\/comments?post=8549"}],"version-history":[{"count":15,"href":"https:\/\/www.cykloromantika.cz\/index.php\/wp-json\/wp\/v2\/posts\/8549\/revisions"}],"predecessor-version":[{"id":9177,"href":"https:\/\/www.cykloromantika.cz\/index.php\/wp-json\/wp\/v2\/posts\/8549\/revisions\/9177"}],"wp:featuredmedia":[{"embeddable":true,"href":"https:\/\/www.cykloromantika.cz\/index.php\/wp-json\/wp\/v2\/media\/8818"}],"wp:attachment":[{"href":"https:\/\/www.cykloromantika.cz\/index.php\/wp-json\/wp\/v2\/media?parent=8549"}],"wp:term":[{"taxonomy":"category","embeddable":true,"href":"https:\/\/www.cykloromantika.cz\/index.php\/wp-json\/wp\/v2\/categories?post=8549"},{"taxonomy":"post_tag","embeddable":true,"href":"https:\/\/www.cykloromantika.cz\/index.php\/wp-json\/wp\/v2\/tags?post=8549"}],"curies":[{"name":"wp","href":"https:\/\/api.w.org\/{rel}","templated":true}]}}