{"id":8424,"date":"2023-10-15T20:58:00","date_gmt":"2023-10-15T19:58:00","guid":{"rendered":"https:\/\/www.cykloromantika.cz\/?p=8424"},"modified":"2025-10-12T22:17:22","modified_gmt":"2025-10-12T21:17:22","slug":"3-podzimni-vyjezd-beskydy-vyrubane","status":"publish","type":"post","link":"https:\/\/www.cykloromantika.cz\/index.php\/2023\/10\/15\/3-podzimni-vyjezd-beskydy-vyrubane\/","title":{"rendered":"3.&nbsp;podzimn\u00ed v\u00fdjezd: Beskydy, Vyruban\u00e9"},"content":{"rendered":"<style>.kt-tabs-id8424_4667f1-fe > .kt-tabs-content-wrap > .wp-block-kadence-tab{border-top:1px solid #eeeeee;border-right:0px solid #eeeeee;border-bottom:0px solid #eeeeee;border-left:0px solid #eeeeee;border-top-left-radius:0px;border-top-right-radius:0px;border-bottom-right-radius:0px;border-bottom-left-radius:0px;padding-top:20px;padding-right:0px;padding-bottom:20px;padding-left:0px;background:#ffffff;}.wp-block-kadence-tabs .kt-tabs-id8424_4667f1-fe > .kt-tabs-title-list li{margin-top:0px;margin-right:8px;margin-bottom:0px;margin-left:0px;}.wp-block-kadence-tabs .kt-tabs-id8424_4667f1-fe > .kt-tabs-title-list li:last-child{margin-right:0px;}.wp-block-kadence-tabs .kt-tabs-id8424_4667f1-fe > .kt-tabs-title-list li .kt-tab-title, .wp-block-kadence-tabs .kt-tabs-id8424_4667f1-fe > .kt-tabs-content-wrap > .kt-tabs-accordion-title .kt-tab-title{line-height:1.4em;font-weight:400;font-style:normal;text-transform:uppercase;border-top-width:0px;border-right-width:0px;border-bottom-width:0px;border-left-width:0px;border-top-left-radius:0px;border-top-right-radius:0px;border-bottom-right-radius:0px;border-bottom-left-radius:0px;padding-top:8px;padding-right:20px;padding-bottom:8px;padding-left:20px;border-color:#ffffff;color:#555555;background:#ffffff;}.wp-block-kadence-tabs .kt-tabs-id8424_4667f1-fe > .kt-tabs-content-wrap > .kt-tabs-accordion-title .kt-tab-title{margin-top:0px;margin-right:8px;margin-bottom:0px;margin-left:0px;}.wp-block-kadence-tabs .kt-tabs-id8424_4667f1-fe > .kt-tabs-title-list li .kt-tab-title:hover, .wp-block-kadence-tabs .kt-tabs-id8424_4667f1-fe > .kt-tabs-content-wrap > .kt-tabs-accordion-title .kt-tab-title:hover{border-color:#555555;color:#086abd;background:#ffffff;}.wp-block-kadence-tabs .kt-tabs-id8424_4667f1-fe > .kt-tabs-title-list li.kt-tab-title-active .kt-tab-title, .wp-block-kadence-tabs .kt-tabs-id8424_4667f1-fe > .kt-tabs-content-wrap > .kt-tabs-accordion-title.kt-tab-title-active .kt-tab-title{border-color:#555555;color:#086abd;background:#ffffff;}.wp-block-kadence-tabs .kt-tabs-id8424_4667f1-fe > .kt-tabs-title-list li svg{font-size:24px;}@media all and (max-width: 1024px){.kt-tabs-id8424_4667f1-fe > .kt-tabs-content-wrap > .wp-block-kadence-tab{border-top:1px solid #eeeeee;border-right:0px solid #eeeeee;border-bottom:0px solid #eeeeee;border-left:0px solid #eeeeee;}}@media all and (max-width: 767px){.kt-tabs-id8424_4667f1-fe > .kt-tabs-content-wrap > .wp-block-kadence-tab{border-top:1px solid #eeeeee;border-right:0px solid #eeeeee;border-bottom:0px solid #eeeeee;border-left:0px solid #eeeeee;}}<\/style>\n<div class=\"wp-block-kadence-tabs alignnone\"><div class=\"kt-tabs-wrap kt-tabs-id8424_4667f1-fe kt-tabs-has-3-tabs kt-active-tab-3 kt-tabs-layout-tabs kt-tabs-tablet-layout-inherit kt-tabs-mobile-layout-inherit kt-tab-alignment-center \"><ul class=\"kt-tabs-title-list\"><li id=\"tab-trasa\" class=\"kt-title-item kt-title-item-1 kt-tabs-svg-show-always kt-tabs-icon-side-top kt-tab-title-inactive\"><a href=\"#tab-trasa\" data-tab=\"1\" class=\"kt-tab-title kt-tab-title-1 \"><span class=\"kb-svg-icon-wrap kb-svg-icon-fe_map\"><svg viewBox=\"0 0 24 24\"  fill=\"none\" stroke=\"currentColor\" stroke-width=\"2\" stroke-linecap=\"round\" stroke-linejoin=\"round\" xmlns=\"http:\/\/www.w3.org\/2000\/svg\"  aria-hidden=\"true\"><polygon points=\"1 6 1 22 8 18 16 22 23 18 23 2 16 6 8 2 1 6\"\/><line x1=\"8\" y1=\"2\" x2=\"8\" y2=\"18\"\/><line x1=\"16\" y1=\"6\" x2=\"16\" y2=\"22\"\/><\/svg><\/span><span class=\"kt-title-text\">Trasa<\/span><\/a><\/li><li id=\"tab-zitky\" class=\"kt-title-item kt-title-item-2 kt-tabs-svg-show-always kt-tabs-icon-side-top kt-tab-title-inactive\"><a href=\"#tab-zitky\" data-tab=\"2\" class=\"kt-tab-title kt-tab-title-2 \"><span class=\"kb-svg-icon-wrap kb-svg-icon-fe_alignLeft\"><svg viewBox=\"0 0 24 24\"  fill=\"none\" stroke=\"currentColor\" stroke-width=\"2\" stroke-linecap=\"round\" stroke-linejoin=\"round\" xmlns=\"http:\/\/www.w3.org\/2000\/svg\"  aria-hidden=\"true\"><line x1=\"17\" y1=\"10\" x2=\"3\" y2=\"10\"\/><line x1=\"21\" y1=\"6\" x2=\"3\" y2=\"6\"\/><line x1=\"21\" y1=\"14\" x2=\"3\" y2=\"14\"\/><line x1=\"17\" y1=\"18\" x2=\"3\" y2=\"18\"\/><\/svg><\/span><span class=\"kt-title-text\">Z\u00e1\u017eitky<\/span><\/a><\/li><li id=\"tab-fotky\" class=\"kt-title-item kt-title-item-3 kt-tabs-svg-show-always kt-tabs-icon-side-top kt-tab-title-active\"><a href=\"#tab-fotky\" data-tab=\"3\" class=\"kt-tab-title kt-tab-title-3 \"><span class=\"kb-svg-icon-wrap kb-svg-icon-fe_camera\"><svg viewBox=\"0 0 24 24\"  fill=\"none\" stroke=\"currentColor\" stroke-width=\"2\" stroke-linecap=\"round\" stroke-linejoin=\"round\" xmlns=\"http:\/\/www.w3.org\/2000\/svg\"  aria-hidden=\"true\"><path d=\"M23 19a2 2 0 0 1-2 2H3a2 2 0 0 1-2-2V8a2 2 0 0 1 2-2h4l2-3h6l2 3h4a2 2 0 0 1 2 2z\"\/><circle cx=\"12\" cy=\"13\" r=\"4\"\/><\/svg><\/span><span class=\"kt-title-text\">Fotky<\/span><\/a><\/li><\/ul><div class=\"kt-tabs-content-wrap\">\n<div class=\"wp-block-kadence-tab kt-tab-inner-content kt-inner-tab-1 kt-inner-tab8424_8d9fe6-78\"><div class=\"kt-tab-inner-content-inner\">\n<p><strong>1.&nbsp;den:<\/strong> Ostrava \u2013 \u0158epi\u0161t\u011b \u2013 Ka\u0148ovice (Hospoda Sn\u011bmovna) \u2013 vodn\u00ed n\u00e1dr\u017e \u017dermanice \u2013 Vojkovice (pivnice Kon\u00ed\u010dk\u016fv dv\u016fr) \u2013 T\u0159anovice, Vyruban\u00e9<\/p>\n\n\n\n<p id=\"3-rijna-2021\"><strong>2.&nbsp;den:<\/strong> T\u0159anovice, Vyruban\u00e9 \u2013 Komorn\u00ed Lhotka \u2013 Ropi\u010dka, tur. chata (900&nbsp;m n. m.) \u2013 Javorov\u00fd (1032&nbsp;m n. m.) \u2013 Mal\u00fd Javorov\u00fd (947&nbsp;m n. m.) \u2013 chata Kamenit\u00fd \u2013 Ko\u0161a\u0159iska \u2013 Old\u0159ichovice \u2013 Guty, d\u0159ev\u011bn\u00fd kostel \u2013 T\u0159anovice, Vyruban\u00e9<\/p>\n\n\n\n<p><strong>3.&nbsp;den:<\/strong> T\u0159anovice, Vyruban\u00e9 \u2013 Vojkovice (pivovar Kon\u00ed\u010dek) \u2013 Dobr\u00e1 \u2013 Fr\u00fddek-M\u00edstek \u2013 Ostrava<\/p>\n\n\n\n<ul class=\"wp-block-list\">\n<li>najeto: 137 km<\/li>\n\n\n\n<li>nejni\u017e\u0161\u00ed a nejvy\u0161\u0161\u00ed bod: 233-1032&nbsp;m n. m. <\/li>\n\n\n\n<li>stoup\u00e1n\u00ed: 1773&nbsp;m <\/li>\n\n\n\n<li>kles\u00e1n\u00ed: 1769&nbsp;m<\/li>\n<\/ul>\n\n\n<div class=\"pgc-sgb-cb wp-block-pgcsimplygalleryblock-slider \" data-gallery-id=\"f8e17791\"style=&quot;min-height:400px&quot;><div class=\"sgb-preloader\" id=\"pr_f8e17791\">\n\t<div class=\"sgb-square\" style=\"background:#d4d4d4\"><\/div>\n\t<div class=\"sgb-square\" style=\"background:#d4d4d4\"><\/div>\n\t<div class=\"sgb-square\" style=\"background:#d4d4d4\"><\/div>\n\t<div class=\"sgb-square\" style=\"background:#d4d4d4\"><\/div><\/div><div class=\"simply-gallery-amp pgc_sgb_slider \"><noscript><div class=\"sgb-gallery\"><div class=\"sgb-item\"><a href=\"https:\/\/www.cykloromantika.cz\/mapa-2023-1013-01\/\" target=\"_blank\"><img decoding=\"async\" alt=\"\" width=\"300\" height=\"169\" loading=\"lazy\" src=\"https:\/\/www.cykloromantika.cz\/wp-content\/uploads\/2023\/12\/mapa-2023-1013-01-300x169.jpg\" srcset=\"https:\/\/www.cykloromantika.cz\/wp-content\/uploads\/2023\/12\/mapa-2023-1013-01-300x169.jpg 300w,https:\/\/www.cykloromantika.cz\/wp-content\/uploads\/2023\/12\/mapa-2023-1013-01.jpg 1024w\" sizes=\"auto, 250px\"\/><\/a><\/div><div class=\"sgb-item\"><a href=\"https:\/\/www.cykloromantika.cz\/mapa-2023-1014-01\/\" target=\"_blank\"><img decoding=\"async\" alt=\"\" width=\"300\" height=\"169\" loading=\"lazy\" src=\"https:\/\/www.cykloromantika.cz\/wp-content\/uploads\/2023\/12\/mapa-2023-1014-01-300x169.jpg\" srcset=\"https:\/\/www.cykloromantika.cz\/wp-content\/uploads\/2023\/12\/mapa-2023-1014-01-300x169.jpg 300w,https:\/\/www.cykloromantika.cz\/wp-content\/uploads\/2023\/12\/mapa-2023-1014-01.jpg 1024w\" sizes=\"auto, 250px\"\/><\/a><\/div><div class=\"sgb-item\"><a href=\"https:\/\/www.cykloromantika.cz\/mapa-2023-1014-02\/\" target=\"_blank\"><img decoding=\"async\" alt=\"\" width=\"300\" height=\"169\" loading=\"lazy\" src=\"https:\/\/www.cykloromantika.cz\/wp-content\/uploads\/2023\/12\/mapa-2023-1014-02-300x169.jpg\" srcset=\"https:\/\/www.cykloromantika.cz\/wp-content\/uploads\/2023\/12\/mapa-2023-1014-02-300x169.jpg 300w,https:\/\/www.cykloromantika.cz\/wp-content\/uploads\/2023\/12\/mapa-2023-1014-02.jpg 1024w\" sizes=\"auto, 250px\"\/><\/a><\/div><div class=\"sgb-item\"><a href=\"https:\/\/www.cykloromantika.cz\/mapa-2023-1014-03\/\" target=\"_blank\"><img decoding=\"async\" alt=\"\" width=\"300\" height=\"169\" loading=\"lazy\" src=\"https:\/\/www.cykloromantika.cz\/wp-content\/uploads\/2023\/12\/mapa-2023-1014-03-300x169.jpg\" srcset=\"https:\/\/www.cykloromantika.cz\/wp-content\/uploads\/2023\/12\/mapa-2023-1014-03-300x169.jpg 300w,https:\/\/www.cykloromantika.cz\/wp-content\/uploads\/2023\/12\/mapa-2023-1014-03.jpg 1024w\" sizes=\"auto, 250px\"\/><\/a><\/div><div class=\"sgb-item\"><a href=\"https:\/\/www.cykloromantika.cz\/mapa-2023-1015-01\/\" target=\"_blank\"><img decoding=\"async\" alt=\"\" width=\"300\" height=\"169\" loading=\"lazy\" src=\"https:\/\/www.cykloromantika.cz\/wp-content\/uploads\/2023\/12\/mapa-2023-1015-01-300x169.jpg\" srcset=\"https:\/\/www.cykloromantika.cz\/wp-content\/uploads\/2023\/12\/mapa-2023-1015-01-300x169.jpg 300w,https:\/\/www.cykloromantika.cz\/wp-content\/uploads\/2023\/12\/mapa-2023-1015-01.jpg 1024w\" sizes=\"auto, 250px\"\/><\/a><\/div><\/div><\/noscript><\/div><script type=\"application\/json\" class=\"sgb-data\">{\"externalLinkDefName\":\"d\u00e1le\",\"captionHAlign\":\"bottom\",\"collectionthumbHoverTitleFontSize\":12,\"collectionthumbRoundedCorners\":8,\"collectionthumbHoverTitleTextBgColor\":\"rgba(0,0,0,0.44)\",\"collectionThumbSubMenuShare\":false,\"sliderAdminWidth\":0,\"collectionColumns\":2,\"galleryType\":\"pgc_sgb_slider\",\"galleryId\":\"f8e17791\",\"images\":[{\"id\":8430,\"title\":\"Mapa 2023 1013 01\",\"url\":\"https:\/\/www.cykloromantika.cz\/wp-content\/uploads\/2023\/12\/mapa-2023-1013-01.jpg\",\"link\":\"https:\/\/www.cykloromantika.cz\/mapa-2023-1013-01\/\",\"alt\":\"\",\"description\":\"\",\"caption\":\"\",\"mime\":\"image\/jpeg\",\"type\":\"image\",\"width\":1024,\"height\":576,\"sizes\":{\"thumbnail\":{\"height\":84,\"width\":150,\"url\":\"https:\/\/www.cykloromantika.cz\/wp-content\/uploads\/2023\/12\/mapa-2023-1013-01-150x84.jpg\",\"orientation\":\"landscape\"},\"medium\":{\"height\":169,\"width\":300,\"url\":\"https:\/\/www.cykloromantika.cz\/wp-content\/uploads\/2023\/12\/mapa-2023-1013-01-300x169.jpg\",\"orientation\":\"landscape\"},\"full\":{\"url\":\"https:\/\/www.cykloromantika.cz\/wp-content\/uploads\/2023\/12\/mapa-2023-1013-01.jpg\",\"height\":576,\"width\":1024,\"orientation\":\"landscape\"}},\"imageMeta\":{\"aperture\":\"0\",\"credit\":\"\",\"camera\":\"\",\"caption\":\"\",\"created_timestamp\":\"0\",\"copyright\":\"\",\"focal_length\":\"0\",\"iso\":\"0\",\"shutter_speed\":\"0\",\"title\":\"\",\"orientation\":\"0\",\"keywords\":[]},\"meta\":false,\"postlink\":\"https:\/\/www.cykloromantika.cz\/mapa-2023-1013-01\/\"},{\"id\":8431,\"title\":\"Mapa 2023 1014 01\",\"url\":\"https:\/\/www.cykloromantika.cz\/wp-content\/uploads\/2023\/12\/mapa-2023-1014-01.jpg\",\"link\":\"https:\/\/www.cykloromantika.cz\/mapa-2023-1014-01\/\",\"alt\":\"\",\"description\":\"\",\"caption\":\"\",\"mime\":\"image\/jpeg\",\"type\":\"image\",\"width\":1024,\"height\":576,\"sizes\":{\"thumbnail\":{\"height\":84,\"width\":150,\"url\":\"https:\/\/www.cykloromantika.cz\/wp-content\/uploads\/2023\/12\/mapa-2023-1014-01-150x84.jpg\",\"orientation\":\"landscape\"},\"medium\":{\"height\":169,\"width\":300,\"url\":\"https:\/\/www.cykloromantika.cz\/wp-content\/uploads\/2023\/12\/mapa-2023-1014-01-300x169.jpg\",\"orientation\":\"landscape\"},\"full\":{\"url\":\"https:\/\/www.cykloromantika.cz\/wp-content\/uploads\/2023\/12\/mapa-2023-1014-01.jpg\",\"height\":576,\"width\":1024,\"orientation\":\"landscape\"}},\"imageMeta\":{\"aperture\":\"0\",\"credit\":\"\",\"camera\":\"\",\"caption\":\"\",\"created_timestamp\":\"0\",\"copyright\":\"\",\"focal_length\":\"0\",\"iso\":\"0\",\"shutter_speed\":\"0\",\"title\":\"\",\"orientation\":\"0\",\"keywords\":[]},\"meta\":false,\"postlink\":\"https:\/\/www.cykloromantika.cz\/mapa-2023-1014-01\/\"},{\"id\":8432,\"title\":\"Mapa 2023 1014 02\",\"url\":\"https:\/\/www.cykloromantika.cz\/wp-content\/uploads\/2023\/12\/mapa-2023-1014-02.jpg\",\"link\":\"https:\/\/www.cykloromantika.cz\/mapa-2023-1014-02\/\",\"alt\":\"\",\"description\":\"\",\"caption\":\"\",\"mime\":\"image\/jpeg\",\"type\":\"image\",\"width\":1024,\"height\":576,\"sizes\":{\"thumbnail\":{\"height\":84,\"width\":150,\"url\":\"https:\/\/www.cykloromantika.cz\/wp-content\/uploads\/2023\/12\/mapa-2023-1014-02-150x84.jpg\",\"orientation\":\"landscape\"},\"medium\":{\"height\":169,\"width\":300,\"url\":\"https:\/\/www.cykloromantika.cz\/wp-content\/uploads\/2023\/12\/mapa-2023-1014-02-300x169.jpg\",\"orientation\":\"landscape\"},\"full\":{\"url\":\"https:\/\/www.cykloromantika.cz\/wp-content\/uploads\/2023\/12\/mapa-2023-1014-02.jpg\",\"height\":576,\"width\":1024,\"orientation\":\"landscape\"}},\"imageMeta\":{\"aperture\":\"0\",\"credit\":\"\",\"camera\":\"\",\"caption\":\"\",\"created_timestamp\":\"0\",\"copyright\":\"\",\"focal_length\":\"0\",\"iso\":\"0\",\"shutter_speed\":\"0\",\"title\":\"\",\"orientation\":\"0\",\"keywords\":[]},\"meta\":false,\"postlink\":\"https:\/\/www.cykloromantika.cz\/mapa-2023-1014-02\/\"},{\"id\":8433,\"title\":\"Mapa 2023 1014 03\",\"url\":\"https:\/\/www.cykloromantika.cz\/wp-content\/uploads\/2023\/12\/mapa-2023-1014-03.jpg\",\"link\":\"https:\/\/www.cykloromantika.cz\/mapa-2023-1014-03\/\",\"alt\":\"\",\"description\":\"\",\"caption\":\"\",\"mime\":\"image\/jpeg\",\"type\":\"image\",\"width\":1024,\"height\":576,\"sizes\":{\"thumbnail\":{\"height\":84,\"width\":150,\"url\":\"https:\/\/www.cykloromantika.cz\/wp-content\/uploads\/2023\/12\/mapa-2023-1014-03-150x84.jpg\",\"orientation\":\"landscape\"},\"medium\":{\"height\":169,\"width\":300,\"url\":\"https:\/\/www.cykloromantika.cz\/wp-content\/uploads\/2023\/12\/mapa-2023-1014-03-300x169.jpg\",\"orientation\":\"landscape\"},\"full\":{\"url\":\"https:\/\/www.cykloromantika.cz\/wp-content\/uploads\/2023\/12\/mapa-2023-1014-03.jpg\",\"height\":576,\"width\":1024,\"orientation\":\"landscape\"}},\"imageMeta\":{\"aperture\":\"0\",\"credit\":\"\",\"camera\":\"\",\"caption\":\"\",\"created_timestamp\":\"0\",\"copyright\":\"\",\"focal_length\":\"0\",\"iso\":\"0\",\"shutter_speed\":\"0\",\"title\":\"\",\"orientation\":\"0\",\"keywords\":[]},\"meta\":false,\"postlink\":\"https:\/\/www.cykloromantika.cz\/mapa-2023-1014-03\/\"},{\"id\":8434,\"title\":\"Mapa 2023 1015 01\",\"url\":\"https:\/\/www.cykloromantika.cz\/wp-content\/uploads\/2023\/12\/mapa-2023-1015-01.jpg\",\"link\":\"https:\/\/www.cykloromantika.cz\/mapa-2023-1015-01\/\",\"alt\":\"\",\"description\":\"\",\"caption\":\"\",\"mime\":\"image\/jpeg\",\"type\":\"image\",\"width\":1024,\"height\":576,\"sizes\":{\"thumbnail\":{\"height\":84,\"width\":150,\"url\":\"https:\/\/www.cykloromantika.cz\/wp-content\/uploads\/2023\/12\/mapa-2023-1015-01-150x84.jpg\",\"orientation\":\"landscape\"},\"medium\":{\"height\":169,\"width\":300,\"url\":\"https:\/\/www.cykloromantika.cz\/wp-content\/uploads\/2023\/12\/mapa-2023-1015-01-300x169.jpg\",\"orientation\":\"landscape\"},\"full\":{\"url\":\"https:\/\/www.cykloromantika.cz\/wp-content\/uploads\/2023\/12\/mapa-2023-1015-01.jpg\",\"height\":576,\"width\":1024,\"orientation\":\"landscape\"}},\"imageMeta\":{\"aperture\":\"0\",\"credit\":\"\",\"camera\":\"\",\"caption\":\"\",\"created_timestamp\":\"0\",\"copyright\":\"\",\"focal_length\":\"0\",\"iso\":\"0\",\"shutter_speed\":\"0\",\"title\":\"\",\"orientation\":\"0\",\"keywords\":[]},\"meta\":false,\"postlink\":\"https:\/\/www.cykloromantika.cz\/mapa-2023-1015-01\/\"}],\"orderBy\":\"title\",\"galleryBorderRadius\":8,\"shareFacebook\":false,\"shareTwitter\":false,\"sharePinterest\":false,\"sharePost\":\"postlink\",\"sliderSocialShareEnabled\":false,\"itemsMetaDataCollection\":[]}<\/script><script>(function(){if(window.PGC_SGB && window.PGC_SGB.searcher){window.PGC_SGB.searcher.initBlocks()}})()<\/script><\/div><\/div><\/div>\n\n\n\n<div class=\"wp-block-kadence-tab kt-tab-inner-content kt-inner-tab-2 kt-inner-tab8424_24335a-2d\"><div class=\"kt-tab-inner-content-inner\">\n<h2 class=\"wp-block-heading\">Den prvn\u00ed<\/h2>\n\n\n\n<p>Vyj\u00ed\u017ed\u00edme z&nbsp;Ostravy. Postupn\u011b se d\u00e1v\u00e1me dohromady, abychom u\u017e u Benziny byli v\u0161ichni. Tedy a\u017e na Du\u0161\u00edka, kter\u00fd p\u0159ijede a\u017e na m\u00edsto. Ramon n\u00e1s provede Hrabovou a sm\u011brem do Paskova, kde n\u00e1s \u010dek\u00e1 prvn\u00ed prub\u00ed\u0159sk\u00fd k\u00e1men. V\u00fdjezd (K)urvi\u0161ovky! P\u0159esn\u011bji ulic\u00ed Urvi\u0161ova do <strong>\u0158epi\u0161t\u011b<\/strong>. Kr\u00e1sn\u00e9 pas\u00e1\u017ee s&nbsp;20&nbsp;% n\u00e1s prov\u011b\u0159\u00ed dokonale. Zna\u010dka &#8222;Cyklisto, ve\u010f kolo&#8220; n\u00e1s m\u011bla upozornit.<\/p>\n\n\n\n<p>Kr\u00e1sn\u011b zvln\u011bnou krajinou, kter\u00e1 n\u00e1m nic ned\u00e1v\u00e1 zadarmo, dojedeme do Sn\u011bmovny v&nbsp;<strong>Ka\u0148ovic\u00edch<\/strong>, kde si d\u011bl\u00e1me men\u0161\u00ed zast\u00e1vku. Hr\u00e1z <strong>p\u0159ehrady \u017dermanice <\/strong>n\u00e1m uk\u00e1\u017ee kr\u00e1sn\u00e9 v\u00fdhledy na Beskydy v\u010detn\u011b h\u0159ebene, kter\u00fd n\u00e1s \u010dek\u00e1 z\u00edtra. Pod\u00e9l Lu\u010diny doj\u00ed\u017ed\u00edme do Vojkovic, ze kter\u00fdch je to ji\u017e kousek do chaty. Ale \u010dek\u00e1me na Du\u0161\u00edka, tak posed\u00edme. Povinnou v\u00fdbavu v&nbsp;podob\u011b p\u0159edn\u00edch halogen\u016f ale m\u00e1me, tak si m\u016f\u017eeme dovolit dorazit za tmy do T\u0159anovic na Vyruban\u00e9.<\/p>\n\n\n\n<p>Tom\u00edk s&nbsp;Tom\u00e1\u0161em chatu p\u011bkn\u011b vybavili, tak\u017ee krom\u011b piva se pod\u00e1v\u00e1 i v\u00fdborn\u00fd gul\u00e1\u0161. Z\u00e1bava se rozb\u00edh\u00e1. Z&nbsp;reproduktor\u016f se line hudba z&nbsp;p\u0159elomu stolet\u00ed, nazv\u011bme to nostalgick\u00fdm ok\u00e9nkem a vzpom\u00edn\u00e1n\u00edm na l\u00e9ta studi\u00ed. <\/p>\n\n\n\n<h2 class=\"wp-block-heading\">Den druh\u00fd<\/h2>\n\n\n\n<p>R\u00e1no n\u00e1m \u0161\u00e9fkucha\u0159i p\u0159ipravuj\u00ed vaje\u010dinu se slaninou, kterou si d\u00e1v\u00e1me v&nbsp;alt\u00e1nku p\u0159i kr\u00e1sn\u00e9m podzimn\u00edm slun\u00ed\u010dku. Po\u0159e\u0161\u00edme defekt ze v\u010derej\u0161ka a m\u016f\u017eeme vyrazit na kr\u00e1lovskou etapu.<\/p>\n\n\n\n<p>M\u00edrn\u011b stoup\u00e1me do <strong>Komorn\u00ed Lhotky<\/strong>, kde n\u00e1s ale sranda p\u0159ejde, a ji\u017e nestoup\u00e1me, ale doslova se plaz\u00edme na <strong>Godulu<\/strong>. Kdo by \u010dekal, \u017ee m\u00e1 spln\u011bno, tak po kr\u00e1tk\u00e9m rovn\u011bj\u0161\u00edm \u00faseku n\u00e1sleduj\u00ed op\u011bt 18% rampy na <strong>Ropi\u010dku<\/strong>. Ale zase to tak n\u00e1ro\u010dn\u00e9 nebylo, kdy\u017e jsme naho\u0159e v\u0161ichni \u2013 s&nbsp;dobrou n\u00e1ladou a nohama, kter\u00e9 u\u0161lapou v\u0161echno.<\/p>\n\n\n\n<p>Pokra\u010dujeme po cyklotrase kolem <strong>P\u0159\u00edslopu<\/strong>, <strong>Velk\u00e9ho Lipov\u00e9ho <\/strong>a <strong>Ropice <\/strong>a pot\u00e9 po h\u0159ebeni na <strong>Velk\u00fd <\/strong>a <strong>Mal\u00fd Javorov\u00fd<\/strong>. Zastav\u00edme se na ob\u011bd (\u010desneka\u010dka, sma\u017e\u00e1k). Chvilku spo\u010dneme, ale mus\u00edme vyrazit, proto\u017ee n\u00e1m naproti jede Fr\u00fd\u010fas. P\u011bknou traverzovou cestou jedeme sm\u011br <strong>Kalu\u017en\u00fd <\/strong>a pro zm\u011bnu \u0159e\u0161\u00edme \u2013 defekt. U\u017e si vym\u011b\u0148 pl\u00e1\u0161t\u011b Sla\u010fochu! Pod Kalu\u017en\u00fdm se potk\u00e1v\u00e1me s&nbsp;Fr\u00fd\u010fasem a u\u017e spole\u010dn\u011b sjedeme na chatu na <strong>Kamenit\u00e9m<\/strong>. Moc se ale nezdr\u017e\u00edme, vzhledem k&nbsp;pokro\u010dilej\u0161\u00ed dob\u011b, zb\u00fdvaj\u00edc\u00edm 30 km a ne moc p\u011bkn\u00e9mu v\u00fdhledu na mraky.<\/p>\n\n\n\n<p>Sj\u00ed\u017ed\u00edme do <strong>Ko\u0161a\u0159isek <\/strong>(n\u011bkte\u0159\u00ed jsou dost odv\u00e1\u017en\u00ed) a \u00fapat\u00edm Javorov\u00e9ho se vrac\u00edme zp\u011bt do <strong>T\u0159anovic<\/strong>. N\u011bkte\u0159\u00ed toho maj\u00ed dost, moc to nejede. Povinn\u00e1 v\u00fdbava v&nbsp;podob\u011b sv\u011btel zapnuta. Mineme d\u0159ev\u011bn\u00fd kostel v&nbsp;Gutech \u2013 stejn\u011b u\u017e nen\u00ed vid\u011bt \u2013 a sna\u017e\u00edme se sp\u011bchat d\u00e1l. D\u00e9\u0161\u0165 n\u00e1s trochu opl\u00e1chne, ale v\u00edce m\u00e9n\u011b je\u0161t\u011b zasucha doj\u00ed\u017ed\u00edme zp\u011bt na Vyruban\u00e9. Zbytek dne str\u00e1v\u00edme jak kdo. N\u011bkdo to po ve\u010de\u0159i zabal\u00ed, n\u011bkdo si ve\u010der prot\u00e1hne d\u00e9le.<\/p>\n\n\n\n<h2 class=\"wp-block-heading\">Den t\u0159et\u00ed<\/h2>\n\n\n\n<p>R\u00e1no vydatn\u00e1 sn\u00eddan\u011b. Citeln\u011b se ochladilo, tak se ani nikomu nechce ven. Nav\u00edc budeme opravovat gau\u010d, kter\u00fd *** rozsedl. Nutno \u0159\u00edct, \u017ee nejsme \u017e\u00e1dn\u00ed \u010daloun\u00edci. Tak si rad\u011bji vypijeme. Vyj\u00ed\u017ed\u00edme odpoledne. Z&nbsp;po\u010d\u00e1tku kr\u00e1sn\u00e9, ale pon\u011bkud studen\u00e9 po\u010das\u00ed, se zm\u011bn\u00ed na pr\u016ftr\u017e krup. P\u0159e\u010dk\u00e1me je ve vojkovick\u00e9m pivovaru. Tom\u00e1\u0161 se sb\u00edr\u00e1 z&nbsp;p\u00e1du, tentokr\u00e1t na druh\u00fd bok ne\u017e minul\u00fd podzim. Tak\u017ee opraven\u00e9 cyklokalhoty m\u00e1 op\u011bt pr\u016fhledn\u00e9. Na\u0161t\u011bst\u00ed bez n\u00e1sledk\u016f. Ale \u0161tafetu si s&nbsp;Ramonem vym\u011b\u0148uj\u00ed pravideln\u011b.<\/p>\n\n\n\n<p>Pak u\u017e jen rychl\u00fd p\u0159esun rovnou dom\u016f. Je asi 6&nbsp;\u00b0C a vlhkost po de\u0161ti je dost vlezl\u00e1. Zmrzl\u00ed p\u0159ij\u00ed\u017ed\u00edme do Ostravy. Je\u0161t\u011b netu\u0161\u00edme, jak se budeme t\u011b\u0161it na dal\u0161\u00ed v\u00fdjezd!<\/p>\n<\/div><\/div>\n\n\n\n<div class=\"wp-block-kadence-tab kt-tab-inner-content kt-inner-tab-3 kt-inner-tab8424_74c4ff-b7\"><div class=\"kt-tab-inner-content-inner\"><div class=\"pgc-sgb-cb wp-block-pgcsimplygalleryblock-justified \" data-gallery-id=\"3f121274\"><div class=\"sgb-preloader\" id=\"pr_3f121274\">\n\t<div class=\"sgb-square\" style=\"background:#d4d4d4\"><\/div>\n\t<div class=\"sgb-square\" style=\"background:#d4d4d4\"><\/div>\n\t<div class=\"sgb-square\" style=\"background:#d4d4d4\"><\/div>\n\t<div class=\"sgb-square\" style=\"background:#d4d4d4\"><\/div><\/div><div class=\"simply-gallery-amp pgc_sgb_slider \"><noscript><div class=\"sgb-gallery\"><div class=\"sgb-item\"><a href=\"https:\/\/www.cykloromantika.cz\/wp-content\/uploads\/2023\/12\/foto-2023-1013-01.jpg\"><img decoding=\"async\" alt=\"\" width=\"300\" height=\"169\" loading=\"lazy\" src=\"https:\/\/www.cykloromantika.cz\/wp-content\/uploads\/2023\/12\/foto-2023-1013-01-300x169.jpg\" srcset=\"https:\/\/www.cykloromantika.cz\/wp-content\/uploads\/2023\/12\/foto-2023-1013-01-300x169.jpg 300w,https:\/\/www.cykloromantika.cz\/wp-content\/uploads\/2023\/12\/foto-2023-1013-01.jpg 1024w\" sizes=\"auto, 250px\"\/><\/a><div class=\"sgb-item-caption\"><em>Cyklisto, ve\u010f kolo!<\/em><\/div><\/div><div class=\"sgb-item\"><a href=\"https:\/\/www.cykloromantika.cz\/wp-content\/uploads\/2023\/12\/foto-2023-1013-02.jpg\"><img decoding=\"async\" alt=\"\" width=\"300\" height=\"169\" loading=\"lazy\" src=\"https:\/\/www.cykloromantika.cz\/wp-content\/uploads\/2023\/12\/foto-2023-1013-02-300x169.jpg\" srcset=\"https:\/\/www.cykloromantika.cz\/wp-content\/uploads\/2023\/12\/foto-2023-1013-02-300x169.jpg 300w,https:\/\/www.cykloromantika.cz\/wp-content\/uploads\/2023\/12\/foto-2023-1013-02.jpg 1024w\" sizes=\"auto, 250px\"\/><\/a><div class=\"sgb-item-caption\"><em>Ve Sn\u011bmovn\u011b<\/em><\/div><\/div><div class=\"sgb-item\"><a href=\"https:\/\/www.cykloromantika.cz\/wp-content\/uploads\/2023\/12\/foto-2023-1013-03.jpg\"><img decoding=\"async\" alt=\"\" width=\"300\" height=\"225\" loading=\"lazy\" src=\"https:\/\/www.cykloromantika.cz\/wp-content\/uploads\/2023\/12\/foto-2023-1013-03-300x225.jpg\" srcset=\"https:\/\/www.cykloromantika.cz\/wp-content\/uploads\/2023\/12\/foto-2023-1013-03-300x225.jpg 300w,https:\/\/www.cykloromantika.cz\/wp-content\/uploads\/2023\/12\/foto-2023-1013-03.jpg 1024w\" sizes=\"auto, 250px\"\/><\/a><div class=\"sgb-item-caption\"><em>Nem\u016f\u017eeme se dopo\u010d\u00edtat!<\/em><\/div><\/div><div class=\"sgb-item\"><a href=\"https:\/\/www.cykloromantika.cz\/wp-content\/uploads\/2023\/12\/foto-2023-1013-05.jpg\"><img decoding=\"async\" alt=\"\" width=\"300\" height=\"169\" loading=\"lazy\" src=\"https:\/\/www.cykloromantika.cz\/wp-content\/uploads\/2023\/12\/foto-2023-1013-05-300x169.jpg\" srcset=\"https:\/\/www.cykloromantika.cz\/wp-content\/uploads\/2023\/12\/foto-2023-1013-05-300x169.jpg 300w,https:\/\/www.cykloromantika.cz\/wp-content\/uploads\/2023\/12\/foto-2023-1013-05.jpg 1024w\" sizes=\"auto, 250px\"\/><\/a><div class=\"sgb-item-caption\"><em>Na hr\u00e1zi p\u0159ehrady \u017d\u011brmanice<\/em><\/div><\/div><div class=\"sgb-item\"><a href=\"https:\/\/www.cykloromantika.cz\/wp-content\/uploads\/2023\/12\/foto-2023-1013-06.jpg\"><img decoding=\"async\" alt=\"\" width=\"225\" height=\"300\" loading=\"lazy\" src=\"https:\/\/www.cykloromantika.cz\/wp-content\/uploads\/2023\/12\/foto-2023-1013-06-225x300.jpg\" srcset=\"https:\/\/www.cykloromantika.cz\/wp-content\/uploads\/2023\/12\/foto-2023-1013-06-225x300.jpg 225w,https:\/\/www.cykloromantika.cz\/wp-content\/uploads\/2023\/12\/foto-2023-1013-06.jpg 768w\" sizes=\"auto, 250px\"\/><\/a><\/div><div class=\"sgb-item\"><a href=\"https:\/\/www.cykloromantika.cz\/wp-content\/uploads\/2023\/12\/foto-2023-1013-07.jpg\"><img decoding=\"async\" alt=\"\" width=\"300\" height=\"225\" loading=\"lazy\" src=\"https:\/\/www.cykloromantika.cz\/wp-content\/uploads\/2023\/12\/foto-2023-1013-07-300x225.jpg\" srcset=\"https:\/\/www.cykloromantika.cz\/wp-content\/uploads\/2023\/12\/foto-2023-1013-07-300x225.jpg 300w,https:\/\/www.cykloromantika.cz\/wp-content\/uploads\/2023\/12\/foto-2023-1013-07.jpg 1024w\" sizes=\"auto, 250px\"\/><\/a><div class=\"sgb-item-caption\"><em>\u010cek\u00e1me na Du\u0161\u00edka!<\/em><\/div><\/div><div class=\"sgb-item\"><a href=\"https:\/\/www.cykloromantika.cz\/wp-content\/uploads\/2023\/12\/foto-2023-1013-08.jpg\"><img decoding=\"async\" alt=\"\" width=\"300\" height=\"225\" loading=\"lazy\" src=\"https:\/\/www.cykloromantika.cz\/wp-content\/uploads\/2023\/12\/foto-2023-1013-08-300x225.jpg\" srcset=\"https:\/\/www.cykloromantika.cz\/wp-content\/uploads\/2023\/12\/foto-2023-1013-08-300x225.jpg 300w,https:\/\/www.cykloromantika.cz\/wp-content\/uploads\/2023\/12\/foto-2023-1013-08.jpg 1024w\" sizes=\"auto, 250px\"\/><\/a><div class=\"sgb-item-caption\"><em>No\u010dn\u00ed p\u0159\u00edjezd na Vyruban\u00e9<\/em><\/div><\/div><div class=\"sgb-item\"><a href=\"https:\/\/www.cykloromantika.cz\/wp-content\/uploads\/2023\/12\/foto-2023-1013-13.jpg\"><img decoding=\"async\" alt=\"\" width=\"300\" height=\"200\" loading=\"lazy\" src=\"https:\/\/www.cykloromantika.cz\/wp-content\/uploads\/2023\/12\/foto-2023-1013-13-300x200.jpg\" srcset=\"https:\/\/www.cykloromantika.cz\/wp-content\/uploads\/2023\/12\/foto-2023-1013-13-300x200.jpg 300w,https:\/\/www.cykloromantika.cz\/wp-content\/uploads\/2023\/12\/foto-2023-1013-13.jpg 1024w\" sizes=\"auto, 250px\"\/><\/a><div class=\"sgb-item-caption\"><em>Absence postel\u00ed n\u00e1m nevad\u00ed!<\/em><\/div><\/div><div class=\"sgb-item\"><a href=\"https:\/\/www.cykloromantika.cz\/wp-content\/uploads\/2023\/12\/foto-2023-1013-15.jpg\"><img decoding=\"async\" alt=\"\" width=\"300\" height=\"200\" loading=\"lazy\" src=\"https:\/\/www.cykloromantika.cz\/wp-content\/uploads\/2023\/12\/foto-2023-1013-15-300x200.jpg\" srcset=\"https:\/\/www.cykloromantika.cz\/wp-content\/uploads\/2023\/12\/foto-2023-1013-15-300x200.jpg 300w,https:\/\/www.cykloromantika.cz\/wp-content\/uploads\/2023\/12\/foto-2023-1013-15.jpg 1024w\" sizes=\"auto, 250px\"\/><\/a><div class=\"sgb-item-caption\"><em>Rozd\u00e1v\u00e1n\u00ed gul\u00e1\u0161e \u2013 kvalitn\u00ed v\u00fd\u017eiva<\/em><\/div><\/div><div class=\"sgb-item\"><a href=\"https:\/\/www.cykloromantika.cz\/wp-content\/uploads\/2023\/12\/foto-2023-1013-16.jpg\"><img decoding=\"async\" alt=\"\" width=\"300\" height=\"225\" loading=\"lazy\" src=\"https:\/\/www.cykloromantika.cz\/wp-content\/uploads\/2023\/12\/foto-2023-1013-16-300x225.jpg\" srcset=\"https:\/\/www.cykloromantika.cz\/wp-content\/uploads\/2023\/12\/foto-2023-1013-16-300x225.jpg 300w,https:\/\/www.cykloromantika.cz\/wp-content\/uploads\/2023\/12\/foto-2023-1013-16.jpg 1024w\" sizes=\"auto, 250px\"\/><\/a><div class=\"sgb-item-caption\"><em>Typick\u00fd cykloromantick\u00fd ve\u010der \u2013 rozeb\u00edr\u00e1me pro\u017eit\u00e9!<\/em><\/div><\/div><div class=\"sgb-item\"><a href=\"https:\/\/www.cykloromantika.cz\/wp-content\/uploads\/2023\/12\/foto-2023-1014-17.jpg\"><img decoding=\"async\" alt=\"\" width=\"200\" height=\"300\" loading=\"lazy\" src=\"https:\/\/www.cykloromantika.cz\/wp-content\/uploads\/2023\/12\/foto-2023-1014-17-200x300.jpg\" srcset=\"https:\/\/www.cykloromantika.cz\/wp-content\/uploads\/2023\/12\/foto-2023-1014-17-200x300.jpg 200w,https:\/\/www.cykloromantika.cz\/wp-content\/uploads\/2023\/12\/foto-2023-1014-17.jpg 683w\" sizes=\"auto, 250px\"\/><\/a><div class=\"sgb-item-caption\"><em>Du\u0161\u00edk \u2013 rozen\u00fd zp\u011bv\u00e1k<\/em><\/div><\/div><div class=\"sgb-item\"><a href=\"https:\/\/www.cykloromantika.cz\/wp-content\/uploads\/2023\/12\/foto-2023-1014-18.jpg\"><img decoding=\"async\" alt=\"\" width=\"225\" height=\"300\" loading=\"lazy\" src=\"https:\/\/www.cykloromantika.cz\/wp-content\/uploads\/2023\/12\/foto-2023-1014-18-225x300.jpg\" srcset=\"https:\/\/www.cykloromantika.cz\/wp-content\/uploads\/2023\/12\/foto-2023-1014-18-225x300.jpg 225w,https:\/\/www.cykloromantika.cz\/wp-content\/uploads\/2023\/12\/foto-2023-1014-18.jpg 768w\" sizes=\"auto, 250px\"\/><\/a><div class=\"sgb-item-caption\"><em>M\u00e1m v\u00e1s r\u00e1d!<\/em><\/div><\/div><div class=\"sgb-item\"><a href=\"https:\/\/www.cykloromantika.cz\/wp-content\/uploads\/2023\/12\/foto-2023-1014-19.jpg\"><img decoding=\"async\" alt=\"\" width=\"225\" height=\"300\" loading=\"lazy\" src=\"https:\/\/www.cykloromantika.cz\/wp-content\/uploads\/2023\/12\/foto-2023-1014-19-225x300.jpg\" srcset=\"https:\/\/www.cykloromantika.cz\/wp-content\/uploads\/2023\/12\/foto-2023-1014-19-225x300.jpg 225w,https:\/\/www.cykloromantika.cz\/wp-content\/uploads\/2023\/12\/foto-2023-1014-19.jpg 768w\" sizes=\"auto, 250px\"\/><\/a><div class=\"sgb-item-caption\"><em>P\u0159\u00edprava sn\u00eddan\u011b v pod\u00e1n\u00ed mistra<\/em><\/div><\/div><div class=\"sgb-item\"><a href=\"https:\/\/www.cykloromantika.cz\/wp-content\/uploads\/2023\/12\/foto-2023-1014-20.jpg\"><img decoding=\"async\" alt=\"\" width=\"300\" height=\"225\" loading=\"lazy\" src=\"https:\/\/www.cykloromantika.cz\/wp-content\/uploads\/2023\/12\/foto-2023-1014-20-300x225.jpg\" srcset=\"https:\/\/www.cykloromantika.cz\/wp-content\/uploads\/2023\/12\/foto-2023-1014-20-300x225.jpg 300w,https:\/\/www.cykloromantika.cz\/wp-content\/uploads\/2023\/12\/foto-2023-1014-20.jpg 1024w\" sizes=\"auto, 250px\"\/><\/a><div class=\"sgb-item-caption\"><em>Tom p\u0159ilo\u017eil ruku... k boku!<\/em><\/div><\/div><div class=\"sgb-item\"><a href=\"https:\/\/www.cykloromantika.cz\/wp-content\/uploads\/2023\/12\/foto-2023-1014-21.jpg\"><img decoding=\"async\" alt=\"\" width=\"225\" height=\"300\" loading=\"lazy\" src=\"https:\/\/www.cykloromantika.cz\/wp-content\/uploads\/2023\/12\/foto-2023-1014-21-225x300.jpg\" srcset=\"https:\/\/www.cykloromantika.cz\/wp-content\/uploads\/2023\/12\/foto-2023-1014-21-225x300.jpg 225w,https:\/\/www.cykloromantika.cz\/wp-content\/uploads\/2023\/12\/foto-2023-1014-21.jpg 768w\" sizes=\"auto, 250px\"\/><\/a><div class=\"sgb-item-caption\"><em>Beze slov... se slinami<\/em><\/div><\/div><div class=\"sgb-item\"><a href=\"https:\/\/www.cykloromantika.cz\/wp-content\/uploads\/2023\/12\/foto-2023-1014-22.jpg\"><img decoding=\"async\" alt=\"\" width=\"225\" height=\"300\" loading=\"lazy\" src=\"https:\/\/www.cykloromantika.cz\/wp-content\/uploads\/2023\/12\/foto-2023-1014-22-225x300.jpg\" srcset=\"https:\/\/www.cykloromantika.cz\/wp-content\/uploads\/2023\/12\/foto-2023-1014-22-225x300.jpg 225w,https:\/\/www.cykloromantika.cz\/wp-content\/uploads\/2023\/12\/foto-2023-1014-22.jpg 768w\" sizes=\"auto, 250px\"\/><\/a><div class=\"sgb-item-caption\"><em>Tom nakonec pom\u00e1h\u00e1 Tom\u00edkovi.<\/em><\/div><\/div><div class=\"sgb-item\"><a href=\"https:\/\/www.cykloromantika.cz\/wp-content\/uploads\/2023\/12\/foto-2023-1014-23.jpg\"><img decoding=\"async\" alt=\"\" width=\"300\" height=\"200\" loading=\"lazy\" src=\"https:\/\/www.cykloromantika.cz\/wp-content\/uploads\/2023\/12\/foto-2023-1014-23-300x200.jpg\" srcset=\"https:\/\/www.cykloromantika.cz\/wp-content\/uploads\/2023\/12\/foto-2023-1014-23-300x200.jpg 300w,https:\/\/www.cykloromantika.cz\/wp-content\/uploads\/2023\/12\/foto-2023-1014-23.jpg 1024w\" sizes=\"auto, 250px\"\/><\/a><div class=\"sgb-item-caption\"><em>Rann\u00ed pohoda<\/em><\/div><\/div><div class=\"sgb-item\"><a href=\"https:\/\/www.cykloromantika.cz\/wp-content\/uploads\/2023\/12\/foto-2023-1014-24.jpg\"><img decoding=\"async\" alt=\"\" width=\"300\" height=\"200\" loading=\"lazy\" src=\"https:\/\/www.cykloromantika.cz\/wp-content\/uploads\/2023\/12\/foto-2023-1014-24-300x200.jpg\" srcset=\"https:\/\/www.cykloromantika.cz\/wp-content\/uploads\/2023\/12\/foto-2023-1014-24-300x200.jpg 300w,https:\/\/www.cykloromantika.cz\/wp-content\/uploads\/2023\/12\/foto-2023-1014-24.jpg 1024w\" sizes=\"auto, 250px\"\/><\/a><div class=\"sgb-item-caption\"><em>Bude sn\u00eddan\u011b. Ke stolu!<\/em><\/div><\/div><div class=\"sgb-item\"><a href=\"https:\/\/www.cykloromantika.cz\/wp-content\/uploads\/2023\/12\/foto-2023-1014-25.jpg\"><img decoding=\"async\" alt=\"\" width=\"300\" height=\"225\" loading=\"lazy\" src=\"https:\/\/www.cykloromantika.cz\/wp-content\/uploads\/2023\/12\/foto-2023-1014-25-300x225.jpg\" srcset=\"https:\/\/www.cykloromantika.cz\/wp-content\/uploads\/2023\/12\/foto-2023-1014-25-300x225.jpg 300w,https:\/\/www.cykloromantika.cz\/wp-content\/uploads\/2023\/12\/foto-2023-1014-25.jpg 1024w\" sizes=\"auto, 250px\"\/><\/a><div class=\"sgb-item-caption\"><em>Tady chutn\u00e1!<\/em><\/div><\/div><div class=\"sgb-item\"><a href=\"https:\/\/www.cykloromantika.cz\/wp-content\/uploads\/2023\/12\/foto-2023-1014-26.jpg\"><img decoding=\"async\" alt=\"\" width=\"225\" height=\"300\" loading=\"lazy\" src=\"https:\/\/www.cykloromantika.cz\/wp-content\/uploads\/2023\/12\/foto-2023-1014-26-225x300.jpg\" srcset=\"https:\/\/www.cykloromantika.cz\/wp-content\/uploads\/2023\/12\/foto-2023-1014-26-225x300.jpg 225w,https:\/\/www.cykloromantika.cz\/wp-content\/uploads\/2023\/12\/foto-2023-1014-26.jpg 768w\" sizes=\"auto, 250px\"\/><\/a><div class=\"sgb-item-caption\"><em>Du\u0161\u00edk si po\u010dkal na v\u00fd\u0161krab!<\/em><\/div><\/div><div class=\"sgb-item\"><a href=\"https:\/\/www.cykloromantika.cz\/wp-content\/uploads\/2023\/12\/foto-2023-1014-27.jpg\"><img decoding=\"async\" alt=\"\" width=\"225\" height=\"300\" loading=\"lazy\" src=\"https:\/\/www.cykloromantika.cz\/wp-content\/uploads\/2023\/12\/foto-2023-1014-27-225x300.jpg\" srcset=\"https:\/\/www.cykloromantika.cz\/wp-content\/uploads\/2023\/12\/foto-2023-1014-27-225x300.jpg 225w,https:\/\/www.cykloromantika.cz\/wp-content\/uploads\/2023\/12\/foto-2023-1014-27.jpg 768w\" sizes=\"auto, 250px\"\/><\/a><div class=\"sgb-item-caption\"><em>Je\u0161t\u011b jsme nevyjeli a defekt je tu!<\/em><\/div><\/div><div class=\"sgb-item\"><a href=\"https:\/\/www.cykloromantika.cz\/wp-content\/uploads\/2023\/12\/foto-2023-1014-28.jpg\"><img decoding=\"async\" alt=\"\" width=\"300\" height=\"225\" loading=\"lazy\" src=\"https:\/\/www.cykloromantika.cz\/wp-content\/uploads\/2023\/12\/foto-2023-1014-28-300x225.jpg\" srcset=\"https:\/\/www.cykloromantika.cz\/wp-content\/uploads\/2023\/12\/foto-2023-1014-28-300x225.jpg 300w,https:\/\/www.cykloromantika.cz\/wp-content\/uploads\/2023\/12\/foto-2023-1014-28.jpg 1024w\" sizes=\"auto, 250px\"\/><\/a><div class=\"sgb-item-caption\"><em>U\u017e to p\u0159ijde!<\/em><\/div><\/div><div class=\"sgb-item\"><a href=\"https:\/\/www.cykloromantika.cz\/wp-content\/uploads\/2023\/12\/foto-2023-1014-29.jpg\"><img decoding=\"async\" alt=\"\" width=\"300\" height=\"225\" loading=\"lazy\" src=\"https:\/\/www.cykloromantika.cz\/wp-content\/uploads\/2023\/12\/foto-2023-1014-29-300x225.jpg\" srcset=\"https:\/\/www.cykloromantika.cz\/wp-content\/uploads\/2023\/12\/foto-2023-1014-29-300x225.jpg 300w,https:\/\/www.cykloromantika.cz\/wp-content\/uploads\/2023\/12\/foto-2023-1014-29.jpg 1024w\" sizes=\"auto, 250px\"\/><\/a><div class=\"sgb-item-caption\"><em>Vyr\u00e1\u017e\u00edme sm\u011brem h\u0159eben Beskyd!<\/em><\/div><\/div><div class=\"sgb-item\"><a href=\"https:\/\/www.cykloromantika.cz\/wp-content\/uploads\/2023\/12\/foto-2023-1014-30.jpg\"><img decoding=\"async\" alt=\"\" width=\"300\" height=\"225\" loading=\"lazy\" src=\"https:\/\/www.cykloromantika.cz\/wp-content\/uploads\/2023\/12\/foto-2023-1014-30-300x225.jpg\" srcset=\"https:\/\/www.cykloromantika.cz\/wp-content\/uploads\/2023\/12\/foto-2023-1014-30-300x225.jpg 300w,https:\/\/www.cykloromantika.cz\/wp-content\/uploads\/2023\/12\/foto-2023-1014-30.jpg 1024w\" sizes=\"auto, 250px\"\/><\/a><div class=\"sgb-item-caption\"><em>Tak jedeme, nebo ne?<\/em><\/div><\/div><div class=\"sgb-item\"><a href=\"https:\/\/www.cykloromantika.cz\/wp-content\/uploads\/2023\/12\/foto-2023-1014-31.jpg\"><img decoding=\"async\" alt=\"\" width=\"225\" height=\"300\" loading=\"lazy\" src=\"https:\/\/www.cykloromantika.cz\/wp-content\/uploads\/2023\/12\/foto-2023-1014-31-225x300.jpg\" srcset=\"https:\/\/www.cykloromantika.cz\/wp-content\/uploads\/2023\/12\/foto-2023-1014-31-225x300.jpg 225w,https:\/\/www.cykloromantika.cz\/wp-content\/uploads\/2023\/12\/foto-2023-1014-31.jpg 768w\" sizes=\"auto, 250px\"\/><\/a><div class=\"sgb-item-caption\"><em>Mar\u0165as\u016fm Pony express<\/em><\/div><\/div><div class=\"sgb-item\"><a href=\"https:\/\/www.cykloromantika.cz\/wp-content\/uploads\/2023\/12\/foto-2023-1014-33.jpg\"><img decoding=\"async\" alt=\"\" width=\"300\" height=\"225\" loading=\"lazy\" src=\"https:\/\/www.cykloromantika.cz\/wp-content\/uploads\/2023\/12\/foto-2023-1014-33-300x225.jpg\" srcset=\"https:\/\/www.cykloromantika.cz\/wp-content\/uploads\/2023\/12\/foto-2023-1014-33-300x225.jpg 300w,https:\/\/www.cykloromantika.cz\/wp-content\/uploads\/2023\/12\/foto-2023-1014-33.jpg 1024w\" sizes=\"auto, 250px\"\/><\/a><div class=\"sgb-item-caption\"><em>\u010curpauza na Godule<\/em><\/div><\/div><div class=\"sgb-item\"><a href=\"https:\/\/www.cykloromantika.cz\/wp-content\/uploads\/2023\/12\/foto-2023-1014-34.jpg\"><img decoding=\"async\" alt=\"\" width=\"300\" height=\"200\" loading=\"lazy\" src=\"https:\/\/www.cykloromantika.cz\/wp-content\/uploads\/2023\/12\/foto-2023-1014-34-300x200.jpg\" srcset=\"https:\/\/www.cykloromantika.cz\/wp-content\/uploads\/2023\/12\/foto-2023-1014-34-300x200.jpg 300w,https:\/\/www.cykloromantika.cz\/wp-content\/uploads\/2023\/12\/foto-2023-1014-34.jpg 1024w\" sizes=\"auto, 250px\"\/><\/a><div class=\"sgb-item-caption\"><em>Turistick\u00e1 chata Ropi\u010dka \u2013 jsme naho\u0159e!<\/em><\/div><\/div><div class=\"sgb-item\"><a href=\"https:\/\/www.cykloromantika.cz\/wp-content\/uploads\/2023\/12\/foto-2023-1014-35.jpg\"><img decoding=\"async\" alt=\"\" width=\"300\" height=\"200\" loading=\"lazy\" src=\"https:\/\/www.cykloromantika.cz\/wp-content\/uploads\/2023\/12\/foto-2023-1014-35-300x200.jpg\" srcset=\"https:\/\/www.cykloromantika.cz\/wp-content\/uploads\/2023\/12\/foto-2023-1014-35-300x200.jpg 300w,https:\/\/www.cykloromantika.cz\/wp-content\/uploads\/2023\/12\/foto-2023-1014-35.jpg 1024w\" sizes=\"auto, 250px\"\/><\/a><div class=\"sgb-item-caption\"><em>D\u011bl\u00e1me n\u00e1val u bufetu!<\/em><\/div><\/div><div class=\"sgb-item\"><a href=\"https:\/\/www.cykloromantika.cz\/wp-content\/uploads\/2023\/12\/foto-2023-1014-36.jpg\"><img decoding=\"async\" alt=\"\" width=\"225\" height=\"300\" loading=\"lazy\" src=\"https:\/\/www.cykloromantika.cz\/wp-content\/uploads\/2023\/12\/foto-2023-1014-36-225x300.jpg\" srcset=\"https:\/\/www.cykloromantika.cz\/wp-content\/uploads\/2023\/12\/foto-2023-1014-36-225x300.jpg 225w,https:\/\/www.cykloromantika.cz\/wp-content\/uploads\/2023\/12\/foto-2023-1014-36.jpg 768w\" sizes=\"auto, 250px\"\/><\/a><div class=\"sgb-item-caption\"><em>U\u017e jsme sami a m\u00e1me na v\u00fdb\u011br klid!<\/em><\/div><\/div><div class=\"sgb-item\"><a href=\"https:\/\/www.cykloromantika.cz\/wp-content\/uploads\/2023\/12\/foto-2023-1014-37.jpg\"><img decoding=\"async\" alt=\"\" width=\"300\" height=\"225\" loading=\"lazy\" src=\"https:\/\/www.cykloromantika.cz\/wp-content\/uploads\/2023\/12\/foto-2023-1014-37-300x225.jpg\" srcset=\"https:\/\/www.cykloromantika.cz\/wp-content\/uploads\/2023\/12\/foto-2023-1014-37-300x225.jpg 300w,https:\/\/www.cykloromantika.cz\/wp-content\/uploads\/2023\/12\/foto-2023-1014-37.jpg 1024w\" sizes=\"auto, 250px\"\/><\/a><div class=\"sgb-item-caption\"><em>\u017d\u00edzniv\u00e1!<\/em><\/div><\/div><div class=\"sgb-item\"><a href=\"https:\/\/www.cykloromantika.cz\/wp-content\/uploads\/2023\/12\/foto-2023-1014-38.jpg\"><img decoding=\"async\" alt=\"\" width=\"300\" height=\"200\" loading=\"lazy\" src=\"https:\/\/www.cykloromantika.cz\/wp-content\/uploads\/2023\/12\/foto-2023-1014-38-300x200.jpg\" srcset=\"https:\/\/www.cykloromantika.cz\/wp-content\/uploads\/2023\/12\/foto-2023-1014-38-300x200.jpg 300w,https:\/\/www.cykloromantika.cz\/wp-content\/uploads\/2023\/12\/foto-2023-1014-38.jpg 1024w\" sizes=\"auto, 250px\"\/><\/a><div class=\"sgb-item-caption\"><em>V pln\u00e9 par\u00e1d\u011b!<\/em><\/div><\/div><div class=\"sgb-item\"><a href=\"https:\/\/www.cykloromantika.cz\/wp-content\/uploads\/2023\/12\/foto-2023-1014-41.jpg\"><img decoding=\"async\" alt=\"\" width=\"300\" height=\"200\" loading=\"lazy\" src=\"https:\/\/www.cykloromantika.cz\/wp-content\/uploads\/2023\/12\/foto-2023-1014-41-300x200.jpg\" srcset=\"https:\/\/www.cykloromantika.cz\/wp-content\/uploads\/2023\/12\/foto-2023-1014-41-300x200.jpg 300w,https:\/\/www.cykloromantika.cz\/wp-content\/uploads\/2023\/12\/foto-2023-1014-41.jpg 1024w\" sizes=\"auto, 250px\"\/><\/a><div class=\"sgb-item-caption\"><em>Nejvy\u0161\u0161\u00ed vrchol tohoto v\u00fdjezdu (Javorov\u00fd 1032 m n. m.)<\/em><\/div><\/div><div class=\"sgb-item\"><a href=\"https:\/\/www.cykloromantika.cz\/wp-content\/uploads\/2023\/12\/foto-2023-1014-42.jpg\"><img decoding=\"async\" alt=\"\" width=\"225\" height=\"300\" loading=\"lazy\" src=\"https:\/\/www.cykloromantika.cz\/wp-content\/uploads\/2023\/12\/foto-2023-1014-42-225x300.jpg\" srcset=\"https:\/\/www.cykloromantika.cz\/wp-content\/uploads\/2023\/12\/foto-2023-1014-42-225x300.jpg 225w,https:\/\/www.cykloromantika.cz\/wp-content\/uploads\/2023\/12\/foto-2023-1014-42.jpg 768w\" sizes=\"auto, 250px\"\/><\/a><div class=\"sgb-item-caption\"><em>Prost\u011b cyklokros!<\/em><\/div><\/div><div class=\"sgb-item\"><a href=\"https:\/\/www.cykloromantika.cz\/wp-content\/uploads\/2023\/12\/foto-2023-1014-43.jpg\"><img decoding=\"async\" alt=\"\" width=\"300\" height=\"200\" loading=\"lazy\" src=\"https:\/\/www.cykloromantika.cz\/wp-content\/uploads\/2023\/12\/foto-2023-1014-43-300x200.jpg\" srcset=\"https:\/\/www.cykloromantika.cz\/wp-content\/uploads\/2023\/12\/foto-2023-1014-43-300x200.jpg 300w,https:\/\/www.cykloromantika.cz\/wp-content\/uploads\/2023\/12\/foto-2023-1014-43.jpg 1024w\" sizes=\"auto, 250px\"\/><\/a><div class=\"sgb-item-caption\"><em>Mal\u00fd Javorov\u00fd (947 m n. m.)<\/em><\/div><\/div><div class=\"sgb-item\"><a href=\"https:\/\/www.cykloromantika.cz\/wp-content\/uploads\/2023\/12\/foto-2023-1014-44.jpg\"><img decoding=\"async\" alt=\"\" width=\"300\" height=\"169\" loading=\"lazy\" src=\"https:\/\/www.cykloromantika.cz\/wp-content\/uploads\/2023\/12\/foto-2023-1014-44-300x169.jpg\" srcset=\"https:\/\/www.cykloromantika.cz\/wp-content\/uploads\/2023\/12\/foto-2023-1014-44-300x169.jpg 300w,https:\/\/www.cykloromantika.cz\/wp-content\/uploads\/2023\/12\/foto-2023-1014-44.jpg 1024w\" sizes=\"auto, 250px\"\/><\/a><div class=\"sgb-item-caption\"><em>V\u00fdhled sm\u011brem k \u017dermanick\u00e9 p\u0159ehrad\u011b<\/em><\/div><\/div><div class=\"sgb-item\"><a href=\"https:\/\/www.cykloromantika.cz\/wp-content\/uploads\/2023\/12\/foto-2023-1014-45.jpg\"><img decoding=\"async\" alt=\"\" width=\"300\" height=\"225\" loading=\"lazy\" src=\"https:\/\/www.cykloromantika.cz\/wp-content\/uploads\/2023\/12\/foto-2023-1014-45-300x225.jpg\" srcset=\"https:\/\/www.cykloromantika.cz\/wp-content\/uploads\/2023\/12\/foto-2023-1014-45-300x225.jpg 300w,https:\/\/www.cykloromantika.cz\/wp-content\/uploads\/2023\/12\/foto-2023-1014-45.jpg 1024w\" sizes=\"auto, 250px\"\/><\/a><div class=\"sgb-item-caption\"><em>Po\u010d\u00edt\u00e1me pol\u00e9vky!<\/em><\/div><\/div><div class=\"sgb-item\"><a href=\"https:\/\/www.cykloromantika.cz\/wp-content\/uploads\/2023\/12\/foto-2023-1014-46.jpg\"><img decoding=\"async\" alt=\"\" width=\"300\" height=\"225\" loading=\"lazy\" src=\"https:\/\/www.cykloromantika.cz\/wp-content\/uploads\/2023\/12\/foto-2023-1014-46-300x225.jpg\" srcset=\"https:\/\/www.cykloromantika.cz\/wp-content\/uploads\/2023\/12\/foto-2023-1014-46-300x225.jpg 300w,https:\/\/www.cykloromantika.cz\/wp-content\/uploads\/2023\/12\/foto-2023-1014-46.jpg 1024w\" sizes=\"auto, 250px\"\/><\/a><div class=\"sgb-item-caption\"><em>A nyn\u00ed p\u0159ich\u00e1z\u00ed? Sma\u017e\u00e1ci!<\/em><\/div><\/div><div class=\"sgb-item\"><a href=\"https:\/\/www.cykloromantika.cz\/wp-content\/uploads\/2023\/12\/foto-2023-1014-47.jpg\"><img decoding=\"async\" alt=\"\" width=\"300\" height=\"169\" loading=\"lazy\" src=\"https:\/\/www.cykloromantika.cz\/wp-content\/uploads\/2023\/12\/foto-2023-1014-47-300x169.jpg\" srcset=\"https:\/\/www.cykloromantika.cz\/wp-content\/uploads\/2023\/12\/foto-2023-1014-47-300x169.jpg 300w,https:\/\/www.cykloromantika.cz\/wp-content\/uploads\/2023\/12\/foto-2023-1014-47.jpg 1024w\" sizes=\"auto, 250px\"\/><\/a><div class=\"sgb-item-caption\"><em>Opou\u0161t\u00edme Mal\u00fd Javorov\u00fd...<\/em><\/div><\/div><div class=\"sgb-item\"><a href=\"https:\/\/www.cykloromantika.cz\/wp-content\/uploads\/2023\/12\/foto-2023-1014-48.jpg\"><img decoding=\"async\" alt=\"\" width=\"300\" height=\"225\" loading=\"lazy\" src=\"https:\/\/www.cykloromantika.cz\/wp-content\/uploads\/2023\/12\/foto-2023-1014-48-300x225.jpg\" srcset=\"https:\/\/www.cykloromantika.cz\/wp-content\/uploads\/2023\/12\/foto-2023-1014-48-300x225.jpg 300w,https:\/\/www.cykloromantika.cz\/wp-content\/uploads\/2023\/12\/foto-2023-1014-48.jpg 1024w\" sizes=\"auto, 250px\"\/><\/a><div class=\"sgb-item-caption\"><em>... ale daleko jsme nedojeli! Op\u011bt defekt!<\/em><\/div><\/div><div class=\"sgb-item\"><a href=\"https:\/\/www.cykloromantika.cz\/wp-content\/uploads\/2023\/12\/foto-2023-1014-49.jpg\"><img decoding=\"async\" alt=\"\" width=\"225\" height=\"300\" loading=\"lazy\" src=\"https:\/\/www.cykloromantika.cz\/wp-content\/uploads\/2023\/12\/foto-2023-1014-49-225x300.jpg\" srcset=\"https:\/\/www.cykloromantika.cz\/wp-content\/uploads\/2023\/12\/foto-2023-1014-49-225x300.jpg 225w,https:\/\/www.cykloromantika.cz\/wp-content\/uploads\/2023\/12\/foto-2023-1014-49.jpg 768w\" sizes=\"auto, 250px\"\/><\/a><div class=\"sgb-item-caption\"><em>U\u017e lepidlo zasych\u00e1, brzy vyraz\u00edme d\u00e1le!<\/em><\/div><\/div><div class=\"sgb-item\"><a href=\"https:\/\/www.cykloromantika.cz\/wp-content\/uploads\/2023\/12\/foto-2023-1014-50.jpg\"><img decoding=\"async\" alt=\"\" width=\"300\" height=\"225\" loading=\"lazy\" src=\"https:\/\/www.cykloromantika.cz\/wp-content\/uploads\/2023\/12\/foto-2023-1014-50-300x225.jpg\" srcset=\"https:\/\/www.cykloromantika.cz\/wp-content\/uploads\/2023\/12\/foto-2023-1014-50-300x225.jpg 300w,https:\/\/www.cykloromantika.cz\/wp-content\/uploads\/2023\/12\/foto-2023-1014-50.jpg 1024w\" sizes=\"auto, 250px\"\/><\/a><div class=\"sgb-item-caption\"><em>Setk\u00e1n\u00ed s Fri\u010fasem pod Kalu\u017en\u00fdm<\/em><\/div><\/div><div class=\"sgb-item\"><a href=\"https:\/\/www.cykloromantika.cz\/wp-content\/uploads\/2023\/12\/foto-2023-1014-51.jpg\"><img decoding=\"async\" alt=\"\" width=\"300\" height=\"200\" loading=\"lazy\" src=\"https:\/\/www.cykloromantika.cz\/wp-content\/uploads\/2023\/12\/foto-2023-1014-51-300x200.jpg\" srcset=\"https:\/\/www.cykloromantika.cz\/wp-content\/uploads\/2023\/12\/foto-2023-1014-51-300x200.jpg 300w,https:\/\/www.cykloromantika.cz\/wp-content\/uploads\/2023\/12\/foto-2023-1014-51.jpg 1024w\" sizes=\"auto, 250px\"\/><\/a><div class=\"sgb-item-caption\"><em>Na Kamenit\u00e9m... Vyhl\u00ed\u017e\u00edme nebezpe\u010dn\u00e9 mraky!<\/em><\/div><\/div><div class=\"sgb-item\"><a href=\"https:\/\/www.cykloromantika.cz\/wp-content\/uploads\/2023\/12\/foto-2023-1014-52.jpg\"><img decoding=\"async\" alt=\"\" width=\"300\" height=\"225\" loading=\"lazy\" src=\"https:\/\/www.cykloromantika.cz\/wp-content\/uploads\/2023\/12\/foto-2023-1014-52-300x225.jpg\" srcset=\"https:\/\/www.cykloromantika.cz\/wp-content\/uploads\/2023\/12\/foto-2023-1014-52-300x225.jpg 300w,https:\/\/www.cykloromantika.cz\/wp-content\/uploads\/2023\/12\/foto-2023-1014-52.jpg 1024w\" sizes=\"auto, 250px\"\/><\/a><div class=\"sgb-item-caption\"><em>Fot\u00edme se ze v\u0161ech stran!<\/em><\/div><\/div><div class=\"sgb-item\"><a href=\"https:\/\/www.cykloromantika.cz\/wp-content\/uploads\/2023\/12\/foto-2023-1014-53.jpg\"><img decoding=\"async\" alt=\"\" width=\"300\" height=\"225\" loading=\"lazy\" src=\"https:\/\/www.cykloromantika.cz\/wp-content\/uploads\/2023\/12\/foto-2023-1014-53-300x225.jpg\" srcset=\"https:\/\/www.cykloromantika.cz\/wp-content\/uploads\/2023\/12\/foto-2023-1014-53-300x225.jpg 300w,https:\/\/www.cykloromantika.cz\/wp-content\/uploads\/2023\/12\/foto-2023-1014-53.jpg 1024w\" sizes=\"auto, 250px\"\/><\/a><div class=\"sgb-item-caption\"><em>Nad Karpetnou dop\u00edj\u00edme energetick\u00fd drink!<\/em><\/div><\/div><div class=\"sgb-item\"><a href=\"https:\/\/www.cykloromantika.cz\/wp-content\/uploads\/2023\/12\/foto-2023-1014-54.jpg\"><img decoding=\"async\" alt=\"\" width=\"300\" height=\"200\" loading=\"lazy\" src=\"https:\/\/www.cykloromantika.cz\/wp-content\/uploads\/2023\/12\/foto-2023-1014-54-300x200.jpg\" srcset=\"https:\/\/www.cykloromantika.cz\/wp-content\/uploads\/2023\/12\/foto-2023-1014-54-300x200.jpg 300w,https:\/\/www.cykloromantika.cz\/wp-content\/uploads\/2023\/12\/foto-2023-1014-54.jpg 1024w\" sizes=\"auto, 250px\"\/><\/a><div class=\"sgb-item-caption\"><em>Na Gutech jsme zatemnili!<\/em><\/div><\/div><div class=\"sgb-item\"><a href=\"https:\/\/www.cykloromantika.cz\/wp-content\/uploads\/2023\/12\/foto-2023-1015-56.jpg\"><img decoding=\"async\" alt=\"\" width=\"300\" height=\"200\" loading=\"lazy\" src=\"https:\/\/www.cykloromantika.cz\/wp-content\/uploads\/2023\/12\/foto-2023-1015-56-300x200.jpg\" srcset=\"https:\/\/www.cykloromantika.cz\/wp-content\/uploads\/2023\/12\/foto-2023-1015-56-300x200.jpg 300w,https:\/\/www.cykloromantika.cz\/wp-content\/uploads\/2023\/12\/foto-2023-1015-56.jpg 1024w\" sizes=\"auto, 250px\"\/><\/a><div class=\"sgb-item-caption\"><em>Energetick\u00e1 ned\u011bln\u00ed sn\u00eddan\u011b<\/em><\/div><\/div><div class=\"sgb-item\"><a href=\"https:\/\/www.cykloromantika.cz\/wp-content\/uploads\/2023\/12\/foto-2023-1015-57.jpg\"><img decoding=\"async\" alt=\"\" width=\"300\" height=\"200\" loading=\"lazy\" src=\"https:\/\/www.cykloromantika.cz\/wp-content\/uploads\/2023\/12\/foto-2023-1015-57-300x200.jpg\" srcset=\"https:\/\/www.cykloromantika.cz\/wp-content\/uploads\/2023\/12\/foto-2023-1015-57-300x200.jpg 300w,https:\/\/www.cykloromantika.cz\/wp-content\/uploads\/2023\/12\/foto-2023-1015-57.jpg 1024w\" sizes=\"auto, 250px\"\/><\/a><div class=\"sgb-item-caption\"><em>P\u0159ip\u00edj\u00edme na zdar na\u0161eho v\u00edkendu!<\/em><\/div><\/div><div class=\"sgb-item\"><a href=\"https:\/\/www.cykloromantika.cz\/wp-content\/uploads\/2023\/12\/foto-2023-1015-58.jpg\"><img decoding=\"async\" alt=\"\" width=\"300\" height=\"225\" loading=\"lazy\" src=\"https:\/\/www.cykloromantika.cz\/wp-content\/uploads\/2023\/12\/foto-2023-1015-58-300x225.jpg\" srcset=\"https:\/\/www.cykloromantika.cz\/wp-content\/uploads\/2023\/12\/foto-2023-1015-58-300x225.jpg 300w,https:\/\/www.cykloromantika.cz\/wp-content\/uploads\/2023\/12\/foto-2023-1015-58.jpg 1024w\" sizes=\"auto, 250px\"\/><\/a><div class=\"sgb-item-caption\"><em>P\u0159ip\u00edj\u00edme na zdar na\u0161eho v\u00edkendu!<\/em><\/div><\/div><div class=\"sgb-item\"><a href=\"https:\/\/www.cykloromantika.cz\/wp-content\/uploads\/2023\/12\/foto-2023-1015-59.jpg\"><img decoding=\"async\" alt=\"\" width=\"300\" height=\"225\" loading=\"lazy\" src=\"https:\/\/www.cykloromantika.cz\/wp-content\/uploads\/2023\/12\/foto-2023-1015-59-300x225.jpg\" srcset=\"https:\/\/www.cykloromantika.cz\/wp-content\/uploads\/2023\/12\/foto-2023-1015-59-300x225.jpg 300w,https:\/\/www.cykloromantika.cz\/wp-content\/uploads\/2023\/12\/foto-2023-1015-59.jpg 1024w\" sizes=\"auto, 250px\"\/><\/a><div class=\"sgb-item-caption\"><em>N\u00e1hle prasklou pohovku se sna\u017e\u00edme opravit!<\/em><\/div><\/div><div class=\"sgb-item\"><a href=\"https:\/\/www.cykloromantika.cz\/wp-content\/uploads\/2023\/12\/foto-2023-1015-62.jpg\"><img decoding=\"async\" alt=\"\" width=\"225\" height=\"300\" loading=\"lazy\" src=\"https:\/\/www.cykloromantika.cz\/wp-content\/uploads\/2023\/12\/foto-2023-1015-62-225x300.jpg\" srcset=\"https:\/\/www.cykloromantika.cz\/wp-content\/uploads\/2023\/12\/foto-2023-1015-62-225x300.jpg 225w,https:\/\/www.cykloromantika.cz\/wp-content\/uploads\/2023\/12\/foto-2023-1015-62.jpg 768w\" sizes=\"auto, 250px\"\/><\/a><div class=\"sgb-item-caption\"><em>V\u00fdbava je rozs\u00e1hl\u00e1, ale bude to sta\u010dit?<\/em><\/div><\/div><div class=\"sgb-item\"><a href=\"https:\/\/www.cykloromantika.cz\/wp-content\/uploads\/2023\/12\/foto-2023-1015-63.jpg\"><img decoding=\"async\" alt=\"\" width=\"300\" height=\"225\" loading=\"lazy\" src=\"https:\/\/www.cykloromantika.cz\/wp-content\/uploads\/2023\/12\/foto-2023-1015-63-300x225.jpg\" srcset=\"https:\/\/www.cykloromantika.cz\/wp-content\/uploads\/2023\/12\/foto-2023-1015-63-300x225.jpg 300w,https:\/\/www.cykloromantika.cz\/wp-content\/uploads\/2023\/12\/foto-2023-1015-63.jpg 1024w\" sizes=\"auto, 250px\"\/><\/a><div class=\"sgb-item-caption\"><em>N\u00e1\u0159ad\u00ed dopl\u0148ujeme spoustou ruk a rad!<\/em><\/div><\/div><div class=\"sgb-item\"><a href=\"https:\/\/www.cykloromantika.cz\/wp-content\/uploads\/2023\/12\/foto-2023-1015-64.jpg\"><img decoding=\"async\" alt=\"\" width=\"300\" height=\"225\" loading=\"lazy\" src=\"https:\/\/www.cykloromantika.cz\/wp-content\/uploads\/2023\/12\/foto-2023-1015-64-300x225.jpg\" srcset=\"https:\/\/www.cykloromantika.cz\/wp-content\/uploads\/2023\/12\/foto-2023-1015-64-300x225.jpg 300w,https:\/\/www.cykloromantika.cz\/wp-content\/uploads\/2023\/12\/foto-2023-1015-64.jpg 1024w\" sizes=\"auto, 250px\"\/><\/a><div class=\"sgb-item-caption\"><em>Domlouv\u00e1me pohovce po dobr\u00e9m, ale na \u0159adu asi p\u0159ijdou kladiva!<\/em><\/div><\/div><div class=\"sgb-item\"><a href=\"https:\/\/www.cykloromantika.cz\/wp-content\/uploads\/2023\/12\/foto-2023-1015-65.jpg\"><img decoding=\"async\" alt=\"\" width=\"225\" height=\"300\" loading=\"lazy\" src=\"https:\/\/www.cykloromantika.cz\/wp-content\/uploads\/2023\/12\/foto-2023-1015-65-225x300.jpg\" srcset=\"https:\/\/www.cykloromantika.cz\/wp-content\/uploads\/2023\/12\/foto-2023-1015-65-225x300.jpg 225w,https:\/\/www.cykloromantika.cz\/wp-content\/uploads\/2023\/12\/foto-2023-1015-65.jpg 768w\" sizes=\"auto, 250px\"\/><\/a><div class=\"sgb-item-caption\"><em>Vyst\u0159\u00edd\u00e1me se na pohovce v\u0161ichni!<\/em><\/div><\/div><div class=\"sgb-item\"><a href=\"https:\/\/www.cykloromantika.cz\/wp-content\/uploads\/2023\/12\/foto-2023-1015-66.jpg\"><img decoding=\"async\" alt=\"\" width=\"200\" height=\"300\" loading=\"lazy\" src=\"https:\/\/www.cykloromantika.cz\/wp-content\/uploads\/2023\/12\/foto-2023-1015-66-200x300.jpg\" srcset=\"https:\/\/www.cykloromantika.cz\/wp-content\/uploads\/2023\/12\/foto-2023-1015-66-200x300.jpg 200w,https:\/\/www.cykloromantika.cz\/wp-content\/uploads\/2023\/12\/foto-2023-1015-66.jpg 682w\" sizes=\"auto, 250px\"\/><\/a><div class=\"sgb-item-caption\"><em>My z tebe ten fotbal vytlu\u010deme!<\/em><\/div><\/div><div class=\"sgb-item\"><a href=\"https:\/\/www.cykloromantika.cz\/wp-content\/uploads\/2023\/12\/foto-2023-1015-67.jpg\"><img decoding=\"async\" alt=\"\" width=\"300\" height=\"225\" loading=\"lazy\" src=\"https:\/\/www.cykloromantika.cz\/wp-content\/uploads\/2023\/12\/foto-2023-1015-67-300x225.jpg\" srcset=\"https:\/\/www.cykloromantika.cz\/wp-content\/uploads\/2023\/12\/foto-2023-1015-67-300x225.jpg 300w,https:\/\/www.cykloromantika.cz\/wp-content\/uploads\/2023\/12\/foto-2023-1015-67.jpg 1024w\" sizes=\"auto, 250px\"\/><\/a><div class=\"sgb-item-caption\"><em>Vyhl\u00ed\u017e\u00edme lep\u0161\u00ed po\u010das\u00ed!<\/em><\/div><\/div><div class=\"sgb-item\"><a href=\"https:\/\/www.cykloromantika.cz\/wp-content\/uploads\/2023\/12\/foto-2023-1015-69.jpg\"><img decoding=\"async\" alt=\"\" width=\"300\" height=\"169\" loading=\"lazy\" src=\"https:\/\/www.cykloromantika.cz\/wp-content\/uploads\/2023\/12\/foto-2023-1015-69-300x169.jpg\" srcset=\"https:\/\/www.cykloromantika.cz\/wp-content\/uploads\/2023\/12\/foto-2023-1015-69-300x169.jpg 300w,https:\/\/www.cykloromantika.cz\/wp-content\/uploads\/2023\/12\/foto-2023-1015-69.jpg 1024w\" sizes=\"auto, 250px\"\/><\/a><div class=\"sgb-item-caption\"><em>Kr\u00e1sn\u00e9, i kdy\u017e velmi podzimn\u00ed po\u010das\u00ed<\/em><\/div><\/div><div class=\"sgb-item\"><a href=\"https:\/\/www.cykloromantika.cz\/wp-content\/uploads\/2023\/12\/foto-2023-1015-70.jpg\"><img decoding=\"async\" alt=\"\" width=\"300\" height=\"225\" loading=\"lazy\" src=\"https:\/\/www.cykloromantika.cz\/wp-content\/uploads\/2023\/12\/foto-2023-1015-70-300x225.jpg\" srcset=\"https:\/\/www.cykloromantika.cz\/wp-content\/uploads\/2023\/12\/foto-2023-1015-70-300x225.jpg 300w,https:\/\/www.cykloromantika.cz\/wp-content\/uploads\/2023\/12\/foto-2023-1015-70.jpg 1024w\" sizes=\"auto, 250px\"\/><\/a><div class=\"sgb-item-caption\"><em>Vy\u010dk\u00e1v\u00e1me, a\u017e krupobit\u00ed p\u0159ejde!<\/em><\/div><\/div><\/div><\/noscript><\/div><script type=\"application\/json\" class=\"sgb-data\">{\"lastRowFill\":true,\"collectionThumbRecomendedHeight\":300,\"collectionThumbMiniScreenScale\":true,\"captionHAlign\":\"bottom\",\"collectionthumbHoverTitleFontSize\":12,\"collectionthumbRoundedCorners\":8,\"collectionthumbHoverTitleTextBgColor\":\"rgba(0,0,0,0.44)\",\"collectionThumbSubMenuShare\":false,\"galleryType\":\"pgc_sgb_justified\",\"galleryId\":\"3f121274\",\"images\":[{\"id\":8435,\"title\":\"Foto 2023 1013 01\",\"url\":\"https:\/\/www.cykloromantika.cz\/wp-content\/uploads\/2023\/12\/foto-2023-1013-01.jpg\",\"link\":\"https:\/\/www.cykloromantika.cz\/foto-2023-1013-01\/\",\"alt\":\"\",\"description\":\"\",\"caption\":\"Cyklisto, ve\u010f kolo!\",\"mime\":\"image\/jpeg\",\"type\":\"image\",\"width\":1024,\"height\":576,\"sizes\":{\"thumbnail\":{\"height\":84,\"width\":150,\"url\":\"https:\/\/www.cykloromantika.cz\/wp-content\/uploads\/2023\/12\/foto-2023-1013-01-150x84.jpg\",\"orientation\":\"landscape\"},\"medium\":{\"height\":169,\"width\":300,\"url\":\"https:\/\/www.cykloromantika.cz\/wp-content\/uploads\/2023\/12\/foto-2023-1013-01-300x169.jpg\",\"orientation\":\"landscape\"},\"full\":{\"url\":\"https:\/\/www.cykloromantika.cz\/wp-content\/uploads\/2023\/12\/foto-2023-1013-01.jpg\",\"height\":576,\"width\":1024,\"orientation\":\"landscape\"}},\"imageMeta\":{\"aperture\":\"2.4\",\"credit\":\"\",\"camera\":\"SM-G970F\",\"caption\":\"\",\"created_timestamp\":\"1697214165\",\"copyright\":\"\",\"focal_length\":\"4.32\",\"iso\":\"50\",\"shutter_speed\":\"0.00584795321637\",\"title\":\"\",\"orientation\":\"0\",\"keywords\":[]},\"meta\":false},{\"id\":8436,\"title\":\"Foto 2023 1013 02\",\"url\":\"https:\/\/www.cykloromantika.cz\/wp-content\/uploads\/2023\/12\/foto-2023-1013-02.jpg\",\"link\":\"https:\/\/www.cykloromantika.cz\/foto-2023-1013-02\/\",\"alt\":\"\",\"description\":\"\",\"caption\":\"Ve Sn\u011bmovn\u011b\",\"mime\":\"image\/jpeg\",\"type\":\"image\",\"width\":1024,\"height\":576,\"sizes\":{\"thumbnail\":{\"height\":84,\"width\":150,\"url\":\"https:\/\/www.cykloromantika.cz\/wp-content\/uploads\/2023\/12\/foto-2023-1013-02-150x84.jpg\",\"orientation\":\"landscape\"},\"medium\":{\"height\":169,\"width\":300,\"url\":\"https:\/\/www.cykloromantika.cz\/wp-content\/uploads\/2023\/12\/foto-2023-1013-02-300x169.jpg\",\"orientation\":\"landscape\"},\"full\":{\"url\":\"https:\/\/www.cykloromantika.cz\/wp-content\/uploads\/2023\/12\/foto-2023-1013-02.jpg\",\"height\":576,\"width\":1024,\"orientation\":\"landscape\"}},\"imageMeta\":{\"aperture\":\"2.4\",\"credit\":\"\",\"camera\":\"SM-G970F\",\"caption\":\"\",\"created_timestamp\":\"1697215916\",\"copyright\":\"\",\"focal_length\":\"4.32\",\"iso\":\"100\",\"shutter_speed\":\"0.01\",\"title\":\"\",\"orientation\":\"0\",\"keywords\":[]},\"meta\":false},{\"id\":8437,\"title\":\"Foto 2023 1013 03\",\"url\":\"https:\/\/www.cykloromantika.cz\/wp-content\/uploads\/2023\/12\/foto-2023-1013-03.jpg\",\"link\":\"https:\/\/www.cykloromantika.cz\/foto-2023-1013-03\/\",\"alt\":\"\",\"description\":\"\",\"caption\":\"Nem\u016f\u017eeme se dopo\u010d\u00edtat!\",\"mime\":\"image\/jpeg\",\"type\":\"image\",\"width\":1024,\"height\":768,\"sizes\":{\"thumbnail\":{\"height\":113,\"width\":150,\"url\":\"https:\/\/www.cykloromantika.cz\/wp-content\/uploads\/2023\/12\/foto-2023-1013-03-150x113.jpg\",\"orientation\":\"landscape\"},\"medium\":{\"height\":225,\"width\":300,\"url\":\"https:\/\/www.cykloromantika.cz\/wp-content\/uploads\/2023\/12\/foto-2023-1013-03-300x225.jpg\",\"orientation\":\"landscape\"},\"full\":{\"url\":\"https:\/\/www.cykloromantika.cz\/wp-content\/uploads\/2023\/12\/foto-2023-1013-03.jpg\",\"height\":768,\"width\":1024,\"orientation\":\"landscape\"}},\"imageMeta\":{\"aperture\":\"1.7\",\"credit\":\"\",\"camera\":\"SM-G955F\",\"caption\":\"\",\"created_timestamp\":\"1697216474\",\"copyright\":\"\",\"focal_length\":\"4.2\",\"iso\":\"40\",\"shutter_speed\":\"0.00990099009901\",\"title\":\"\",\"orientation\":\"0\",\"keywords\":[]},\"meta\":false},{\"id\":8438,\"title\":\"Foto 2023 1013 05\",\"url\":\"https:\/\/www.cykloromantika.cz\/wp-content\/uploads\/2023\/12\/foto-2023-1013-05.jpg\",\"link\":\"https:\/\/www.cykloromantika.cz\/foto-2023-1013-05\/\",\"alt\":\"\",\"description\":\"\",\"caption\":\"Na hr\u00e1zi p\u0159ehrady \u017d\u011brmanice\",\"mime\":\"image\/jpeg\",\"type\":\"image\",\"width\":1024,\"height\":576,\"sizes\":{\"thumbnail\":{\"height\":84,\"width\":150,\"url\":\"https:\/\/www.cykloromantika.cz\/wp-content\/uploads\/2023\/12\/foto-2023-1013-05-150x84.jpg\",\"orientation\":\"landscape\"},\"medium\":{\"height\":169,\"width\":300,\"url\":\"https:\/\/www.cykloromantika.cz\/wp-content\/uploads\/2023\/12\/foto-2023-1013-05-300x169.jpg\",\"orientation\":\"landscape\"},\"full\":{\"url\":\"https:\/\/www.cykloromantika.cz\/wp-content\/uploads\/2023\/12\/foto-2023-1013-05.jpg\",\"height\":576,\"width\":1024,\"orientation\":\"landscape\"}},\"imageMeta\":{\"aperture\":\"1.7\",\"credit\":\"\",\"camera\":\"SM-G955F\",\"caption\":\"\",\"created_timestamp\":\"1697218644\",\"copyright\":\"\",\"focal_length\":\"4.2\",\"iso\":\"40\",\"shutter_speed\":\"0.00505050505051\",\"title\":\"\",\"orientation\":\"0\",\"keywords\":[]},\"meta\":false},{\"id\":8439,\"title\":\"Foto 2023 1013 06\",\"url\":\"https:\/\/www.cykloromantika.cz\/wp-content\/uploads\/2023\/12\/foto-2023-1013-06.jpg\",\"link\":\"https:\/\/www.cykloromantika.cz\/foto-2023-1013-06\/\",\"alt\":\"\",\"description\":\"\",\"caption\":\"\",\"mime\":\"image\/jpeg\",\"type\":\"image\",\"width\":768,\"height\":1024,\"sizes\":{\"thumbnail\":{\"height\":150,\"width\":113,\"url\":\"https:\/\/www.cykloromantika.cz\/wp-content\/uploads\/2023\/12\/foto-2023-1013-06-113x150.jpg\",\"orientation\":\"portrait\"},\"medium\":{\"height\":300,\"width\":225,\"url\":\"https:\/\/www.cykloromantika.cz\/wp-content\/uploads\/2023\/12\/foto-2023-1013-06-225x300.jpg\",\"orientation\":\"portrait\"},\"full\":{\"url\":\"https:\/\/www.cykloromantika.cz\/wp-content\/uploads\/2023\/12\/foto-2023-1013-06.jpg\",\"height\":1024,\"width\":768,\"orientation\":\"portrait\"}},\"imageMeta\":{\"aperture\":\"1.7\",\"credit\":\"\",\"camera\":\"SM-G955F\",\"caption\":\"\",\"created_timestamp\":\"1697220833\",\"copyright\":\"\",\"focal_length\":\"4.2\",\"iso\":\"200\",\"shutter_speed\":\"0.0333333333333\",\"title\":\"\",\"orientation\":\"0\",\"keywords\":[]},\"meta\":false},{\"id\":8440,\"title\":\"Foto 2023 1013 07\",\"url\":\"https:\/\/www.cykloromantika.cz\/wp-content\/uploads\/2023\/12\/foto-2023-1013-07.jpg\",\"link\":\"https:\/\/www.cykloromantika.cz\/foto-2023-1013-07\/\",\"alt\":\"\",\"description\":\"\",\"caption\":\"\u010cek\u00e1me na Du\u0161\u00edka!\",\"mime\":\"image\/jpeg\",\"type\":\"image\",\"width\":1024,\"height\":768,\"sizes\":{\"thumbnail\":{\"height\":113,\"width\":150,\"url\":\"https:\/\/www.cykloromantika.cz\/wp-content\/uploads\/2023\/12\/foto-2023-1013-07-150x113.jpg\",\"orientation\":\"landscape\"},\"medium\":{\"height\":225,\"width\":300,\"url\":\"https:\/\/www.cykloromantika.cz\/wp-content\/uploads\/2023\/12\/foto-2023-1013-07-300x225.jpg\",\"orientation\":\"landscape\"},\"full\":{\"url\":\"https:\/\/www.cykloromantika.cz\/wp-content\/uploads\/2023\/12\/foto-2023-1013-07.jpg\",\"height\":768,\"width\":1024,\"orientation\":\"landscape\"}},\"imageMeta\":{\"aperture\":\"1.7\",\"credit\":\"\",\"camera\":\"SM-G955F\",\"caption\":\"\",\"created_timestamp\":\"1697221089\",\"copyright\":\"\",\"focal_length\":\"4.2\",\"iso\":\"200\",\"shutter_speed\":\"0.1\",\"title\":\"\",\"orientation\":\"0\",\"keywords\":[]},\"meta\":false},{\"id\":8441,\"title\":\"Foto 2023 1013 08\",\"url\":\"https:\/\/www.cykloromantika.cz\/wp-content\/uploads\/2023\/12\/foto-2023-1013-08.jpg\",\"link\":\"https:\/\/www.cykloromantika.cz\/foto-2023-1013-08\/\",\"alt\":\"\",\"description\":\"\",\"caption\":\"No\u010dn\u00ed p\u0159\u00edjezd na Vyruban\u00e9\",\"mime\":\"image\/jpeg\",\"type\":\"image\",\"width\":1024,\"height\":768,\"sizes\":{\"thumbnail\":{\"height\":113,\"width\":150,\"url\":\"https:\/\/www.cykloromantika.cz\/wp-content\/uploads\/2023\/12\/foto-2023-1013-08-150x113.jpg\",\"orientation\":\"landscape\"},\"medium\":{\"height\":225,\"width\":300,\"url\":\"https:\/\/www.cykloromantika.cz\/wp-content\/uploads\/2023\/12\/foto-2023-1013-08-300x225.jpg\",\"orientation\":\"landscape\"},\"full\":{\"url\":\"https:\/\/www.cykloromantika.cz\/wp-content\/uploads\/2023\/12\/foto-2023-1013-08.jpg\",\"height\":768,\"width\":1024,\"orientation\":\"landscape\"}},\"imageMeta\":{\"aperture\":\"1.7\",\"credit\":\"\",\"camera\":\"SM-G955F\",\"caption\":\"\",\"created_timestamp\":\"1697228271\",\"copyright\":\"\",\"focal_length\":\"4.2\",\"iso\":\"1250\",\"shutter_speed\":\"0.2\",\"title\":\"\",\"orientation\":\"0\",\"keywords\":[]},\"meta\":false},{\"id\":8442,\"title\":\"Foto 2023 1013 13\",\"url\":\"https:\/\/www.cykloromantika.cz\/wp-content\/uploads\/2023\/12\/foto-2023-1013-13.jpg\",\"link\":\"https:\/\/www.cykloromantika.cz\/foto-2023-1013-13\/\",\"alt\":\"\",\"description\":\"\",\"caption\":\"Absence postel\u00ed n\u00e1m nevad\u00ed!\",\"mime\":\"image\/jpeg\",\"type\":\"image\",\"width\":1024,\"height\":683,\"sizes\":{\"thumbnail\":{\"height\":100,\"width\":150,\"url\":\"https:\/\/www.cykloromantika.cz\/wp-content\/uploads\/2023\/12\/foto-2023-1013-13-150x100.jpg\",\"orientation\":\"landscape\"},\"medium\":{\"height\":200,\"width\":300,\"url\":\"https:\/\/www.cykloromantika.cz\/wp-content\/uploads\/2023\/12\/foto-2023-1013-13-300x200.jpg\",\"orientation\":\"landscape\"},\"full\":{\"url\":\"https:\/\/www.cykloromantika.cz\/wp-content\/uploads\/2023\/12\/foto-2023-1013-13.jpg\",\"height\":683,\"width\":1024,\"orientation\":\"landscape\"}},\"imageMeta\":{\"aperture\":\"1.7\",\"credit\":\"\",\"camera\":\"SM-G955F\",\"caption\":\"\",\"created_timestamp\":\"1697229708\",\"copyright\":\"\",\"focal_length\":\"4.2\",\"iso\":\"200\",\"shutter_speed\":\"0.0416666666667\",\"title\":\"\",\"orientation\":\"0\",\"keywords\":[]},\"meta\":false},{\"id\":8443,\"title\":\"Foto 2023 1013 15\",\"url\":\"https:\/\/www.cykloromantika.cz\/wp-content\/uploads\/2023\/12\/foto-2023-1013-15.jpg\",\"link\":\"https:\/\/www.cykloromantika.cz\/foto-2023-1013-15\/\",\"alt\":\"\",\"description\":\"\",\"caption\":\"Rozd\u00e1v\u00e1n\u00ed gul\u00e1\u0161e \u2013 kvalitn\u00ed v\u00fd\u017eiva\",\"mime\":\"image\/jpeg\",\"type\":\"image\",\"width\":1024,\"height\":683,\"sizes\":{\"thumbnail\":{\"height\":100,\"width\":150,\"url\":\"https:\/\/www.cykloromantika.cz\/wp-content\/uploads\/2023\/12\/foto-2023-1013-15-150x100.jpg\",\"orientation\":\"landscape\"},\"medium\":{\"height\":200,\"width\":300,\"url\":\"https:\/\/www.cykloromantika.cz\/wp-content\/uploads\/2023\/12\/foto-2023-1013-15-300x200.jpg\",\"orientation\":\"landscape\"},\"full\":{\"url\":\"https:\/\/www.cykloromantika.cz\/wp-content\/uploads\/2023\/12\/foto-2023-1013-15.jpg\",\"height\":683,\"width\":1024,\"orientation\":\"landscape\"}},\"imageMeta\":{\"aperture\":\"1.7\",\"credit\":\"\",\"camera\":\"SM-G955F\",\"caption\":\"\",\"created_timestamp\":\"1697230714\",\"copyright\":\"\",\"focal_length\":\"4.2\",\"iso\":\"200\",\"shutter_speed\":\"0.0526315789474\",\"title\":\"\",\"orientation\":\"0\",\"keywords\":[]},\"meta\":false},{\"id\":8444,\"title\":\"Foto 2023 1013 16\",\"url\":\"https:\/\/www.cykloromantika.cz\/wp-content\/uploads\/2023\/12\/foto-2023-1013-16.jpg\",\"link\":\"https:\/\/www.cykloromantika.cz\/foto-2023-1013-16\/\",\"alt\":\"\",\"description\":\"\",\"caption\":\"Typick\u00fd cykloromantick\u00fd ve\u010der \u2013 rozeb\u00edr\u00e1me pro\u017eit\u00e9!\",\"mime\":\"image\/jpeg\",\"type\":\"image\",\"width\":1024,\"height\":768,\"sizes\":{\"thumbnail\":{\"height\":113,\"width\":150,\"url\":\"https:\/\/www.cykloromantika.cz\/wp-content\/uploads\/2023\/12\/foto-2023-1013-16-150x113.jpg\",\"orientation\":\"landscape\"},\"medium\":{\"height\":225,\"width\":300,\"url\":\"https:\/\/www.cykloromantika.cz\/wp-content\/uploads\/2023\/12\/foto-2023-1013-16-300x225.jpg\",\"orientation\":\"landscape\"},\"full\":{\"url\":\"https:\/\/www.cykloromantika.cz\/wp-content\/uploads\/2023\/12\/foto-2023-1013-16.jpg\",\"height\":768,\"width\":1024,\"orientation\":\"landscape\"}},\"imageMeta\":{\"aperture\":\"1.7\",\"credit\":\"\",\"camera\":\"SM-G955F\",\"caption\":\"\",\"created_timestamp\":\"1697230718\",\"copyright\":\"\",\"focal_length\":\"4.2\",\"iso\":\"200\",\"shutter_speed\":\"0.0714285714286\",\"title\":\"\",\"orientation\":\"0\",\"keywords\":[]},\"meta\":false},{\"id\":8445,\"title\":\"Foto 2023 1014 17\",\"url\":\"https:\/\/www.cykloromantika.cz\/wp-content\/uploads\/2023\/12\/foto-2023-1014-17.jpg\",\"link\":\"https:\/\/www.cykloromantika.cz\/foto-2023-1014-17\/\",\"alt\":\"\",\"description\":\"\",\"caption\":\"Du\u0161\u00edk \u2013 rozen\u00fd zp\u011bv\u00e1k\",\"mime\":\"image\/jpeg\",\"type\":\"image\",\"width\":683,\"height\":1024,\"sizes\":{\"thumbnail\":{\"height\":150,\"width\":100,\"url\":\"https:\/\/www.cykloromantika.cz\/wp-content\/uploads\/2023\/12\/foto-2023-1014-17-100x150.jpg\",\"orientation\":\"portrait\"},\"medium\":{\"height\":300,\"width\":200,\"url\":\"https:\/\/www.cykloromantika.cz\/wp-content\/uploads\/2023\/12\/foto-2023-1014-17-200x300.jpg\",\"orientation\":\"portrait\"},\"full\":{\"url\":\"https:\/\/www.cykloromantika.cz\/wp-content\/uploads\/2023\/12\/foto-2023-1014-17.jpg\",\"height\":1024,\"width\":683,\"orientation\":\"portrait\"}},\"imageMeta\":{\"aperture\":\"1.7\",\"credit\":\"\",\"camera\":\"SM-G955F\",\"caption\":\"\",\"created_timestamp\":\"1697246657\",\"copyright\":\"\",\"focal_length\":\"4.2\",\"iso\":\"800\",\"shutter_speed\":\"0.1\",\"title\":\"\",\"orientation\":\"0\",\"keywords\":[]},\"meta\":false},{\"id\":8446,\"title\":\"Foto 2023 1014 18\",\"url\":\"https:\/\/www.cykloromantika.cz\/wp-content\/uploads\/2023\/12\/foto-2023-1014-18.jpg\",\"link\":\"https:\/\/www.cykloromantika.cz\/foto-2023-1014-18\/\",\"alt\":\"\",\"description\":\"\",\"caption\":\"M\u00e1m v\u00e1s r\u00e1d!\",\"mime\":\"image\/jpeg\",\"type\":\"image\",\"width\":768,\"height\":1024,\"sizes\":{\"thumbnail\":{\"height\":150,\"width\":113,\"url\":\"https:\/\/www.cykloromantika.cz\/wp-content\/uploads\/2023\/12\/foto-2023-1014-18-113x150.jpg\",\"orientation\":\"portrait\"},\"medium\":{\"height\":300,\"width\":225,\"url\":\"https:\/\/www.cykloromantika.cz\/wp-content\/uploads\/2023\/12\/foto-2023-1014-18-225x300.jpg\",\"orientation\":\"portrait\"},\"full\":{\"url\":\"https:\/\/www.cykloromantika.cz\/wp-content\/uploads\/2023\/12\/foto-2023-1014-18.jpg\",\"height\":1024,\"width\":768,\"orientation\":\"portrait\"}},\"imageMeta\":{\"aperture\":\"1.7\",\"credit\":\"\",\"camera\":\"SM-G955F\",\"caption\":\"\",\"created_timestamp\":\"1697246658\",\"copyright\":\"\",\"focal_length\":\"4.2\",\"iso\":\"640\",\"shutter_speed\":\"0.1\",\"title\":\"\",\"orientation\":\"0\",\"keywords\":[]},\"meta\":false},{\"id\":8447,\"title\":\"Foto 2023 1014 19\",\"url\":\"https:\/\/www.cykloromantika.cz\/wp-content\/uploads\/2023\/12\/foto-2023-1014-19.jpg\",\"link\":\"https:\/\/www.cykloromantika.cz\/foto-2023-1014-19\/\",\"alt\":\"\",\"description\":\"\",\"caption\":\"P\u0159\u00edprava sn\u00eddan\u011b v pod\u00e1n\u00ed mistra\",\"mime\":\"image\/jpeg\",\"type\":\"image\",\"width\":768,\"height\":1024,\"sizes\":{\"thumbnail\":{\"height\":150,\"width\":113,\"url\":\"https:\/\/www.cykloromantika.cz\/wp-content\/uploads\/2023\/12\/foto-2023-1014-19-113x150.jpg\",\"orientation\":\"portrait\"},\"medium\":{\"height\":300,\"width\":225,\"url\":\"https:\/\/www.cykloromantika.cz\/wp-content\/uploads\/2023\/12\/foto-2023-1014-19-225x300.jpg\",\"orientation\":\"portrait\"},\"full\":{\"url\":\"https:\/\/www.cykloromantika.cz\/wp-content\/uploads\/2023\/12\/foto-2023-1014-19.jpg\",\"height\":1024,\"width\":768,\"orientation\":\"portrait\"}},\"imageMeta\":{\"aperture\":\"1.7\",\"credit\":\"\",\"camera\":\"SM-G955F\",\"caption\":\"\",\"created_timestamp\":\"1697271142\",\"copyright\":\"\",\"focal_length\":\"4.2\",\"iso\":\"160\",\"shutter_speed\":\"0.02\",\"title\":\"\",\"orientation\":\"0\",\"keywords\":[]},\"meta\":false},{\"id\":8448,\"title\":\"Foto 2023 1014 20\",\"url\":\"https:\/\/www.cykloromantika.cz\/wp-content\/uploads\/2023\/12\/foto-2023-1014-20.jpg\",\"link\":\"https:\/\/www.cykloromantika.cz\/foto-2023-1014-20\/\",\"alt\":\"\",\"description\":\"\",\"caption\":\"Tom p\u0159ilo\u017eil ruku... k boku!\",\"mime\":\"image\/jpeg\",\"type\":\"image\",\"width\":1024,\"height\":768,\"sizes\":{\"thumbnail\":{\"height\":113,\"width\":150,\"url\":\"https:\/\/www.cykloromantika.cz\/wp-content\/uploads\/2023\/12\/foto-2023-1014-20-150x113.jpg\",\"orientation\":\"landscape\"},\"medium\":{\"height\":225,\"width\":300,\"url\":\"https:\/\/www.cykloromantika.cz\/wp-content\/uploads\/2023\/12\/foto-2023-1014-20-300x225.jpg\",\"orientation\":\"landscape\"},\"full\":{\"url\":\"https:\/\/www.cykloromantika.cz\/wp-content\/uploads\/2023\/12\/foto-2023-1014-20.jpg\",\"height\":768,\"width\":1024,\"orientation\":\"landscape\"}},\"imageMeta\":{\"aperture\":\"1.7\",\"credit\":\"\",\"camera\":\"SM-G955F\",\"caption\":\"\",\"created_timestamp\":\"1697271155\",\"copyright\":\"\",\"focal_length\":\"4.2\",\"iso\":\"160\",\"shutter_speed\":\"0.030303030303\",\"title\":\"\",\"orientation\":\"0\",\"keywords\":[]},\"meta\":false},{\"id\":8450,\"title\":\"Foto 2023 1014 21\",\"url\":\"https:\/\/www.cykloromantika.cz\/wp-content\/uploads\/2023\/12\/foto-2023-1014-21.jpg\",\"link\":\"https:\/\/www.cykloromantika.cz\/foto-2023-1014-21\/\",\"alt\":\"\",\"description\":\"\",\"caption\":\"Beze slov... se slinami\",\"mime\":\"image\/jpeg\",\"type\":\"image\",\"width\":768,\"height\":1024,\"sizes\":{\"thumbnail\":{\"height\":150,\"width\":113,\"url\":\"https:\/\/www.cykloromantika.cz\/wp-content\/uploads\/2023\/12\/foto-2023-1014-21-113x150.jpg\",\"orientation\":\"portrait\"},\"medium\":{\"height\":300,\"width\":225,\"url\":\"https:\/\/www.cykloromantika.cz\/wp-content\/uploads\/2023\/12\/foto-2023-1014-21-225x300.jpg\",\"orientation\":\"portrait\"},\"full\":{\"url\":\"https:\/\/www.cykloromantika.cz\/wp-content\/uploads\/2023\/12\/foto-2023-1014-21.jpg\",\"height\":1024,\"width\":768,\"orientation\":\"portrait\"}},\"imageMeta\":{\"aperture\":\"1.7\",\"credit\":\"\",\"camera\":\"SM-G955F\",\"caption\":\"\",\"created_timestamp\":\"1697271247\",\"copyright\":\"\",\"focal_length\":\"4.2\",\"iso\":\"200\",\"shutter_speed\":\"0.04\",\"title\":\"\",\"orientation\":\"0\",\"keywords\":[]},\"meta\":false},{\"id\":8451,\"title\":\"Foto 2023 1014 22\",\"url\":\"https:\/\/www.cykloromantika.cz\/wp-content\/uploads\/2023\/12\/foto-2023-1014-22.jpg\",\"link\":\"https:\/\/www.cykloromantika.cz\/foto-2023-1014-22\/\",\"alt\":\"\",\"description\":\"\",\"caption\":\"Tom nakonec pom\u00e1h\u00e1 Tom\u00edkovi.\",\"mime\":\"image\/jpeg\",\"type\":\"image\",\"width\":768,\"height\":1024,\"sizes\":{\"thumbnail\":{\"height\":150,\"width\":113,\"url\":\"https:\/\/www.cykloromantika.cz\/wp-content\/uploads\/2023\/12\/foto-2023-1014-22-113x150.jpg\",\"orientation\":\"portrait\"},\"medium\":{\"height\":300,\"width\":225,\"url\":\"https:\/\/www.cykloromantika.cz\/wp-content\/uploads\/2023\/12\/foto-2023-1014-22-225x300.jpg\",\"orientation\":\"portrait\"},\"full\":{\"url\":\"https:\/\/www.cykloromantika.cz\/wp-content\/uploads\/2023\/12\/foto-2023-1014-22.jpg\",\"height\":1024,\"width\":768,\"orientation\":\"portrait\"}},\"imageMeta\":{\"aperture\":\"1.7\",\"credit\":\"\",\"camera\":\"SM-G955F\",\"caption\":\"\",\"created_timestamp\":\"1697271267\",\"copyright\":\"\",\"focal_length\":\"4.2\",\"iso\":\"250\",\"shutter_speed\":\"0.02\",\"title\":\"\",\"orientation\":\"0\",\"keywords\":[]},\"meta\":false},{\"id\":8452,\"title\":\"Foto 2023 1014 23\",\"url\":\"https:\/\/www.cykloromantika.cz\/wp-content\/uploads\/2023\/12\/foto-2023-1014-23.jpg\",\"link\":\"https:\/\/www.cykloromantika.cz\/foto-2023-1014-23\/\",\"alt\":\"\",\"description\":\"\",\"caption\":\"Rann\u00ed pohoda\",\"mime\":\"image\/jpeg\",\"type\":\"image\",\"width\":1024,\"height\":683,\"sizes\":{\"thumbnail\":{\"height\":100,\"width\":150,\"url\":\"https:\/\/www.cykloromantika.cz\/wp-content\/uploads\/2023\/12\/foto-2023-1014-23-150x100.jpg\",\"orientation\":\"landscape\"},\"medium\":{\"height\":200,\"width\":300,\"url\":\"https:\/\/www.cykloromantika.cz\/wp-content\/uploads\/2023\/12\/foto-2023-1014-23-300x200.jpg\",\"orientation\":\"landscape\"},\"full\":{\"url\":\"https:\/\/www.cykloromantika.cz\/wp-content\/uploads\/2023\/12\/foto-2023-1014-23.jpg\",\"height\":683,\"width\":1024,\"orientation\":\"landscape\"}},\"imageMeta\":{\"aperture\":\"1.7\",\"credit\":\"\",\"camera\":\"SM-G955F\",\"caption\":\"\",\"created_timestamp\":\"1697272099\",\"copyright\":\"\",\"focal_length\":\"4.2\",\"iso\":\"40\",\"shutter_speed\":\"0.00285714285714\",\"title\":\"\",\"orientation\":\"0\",\"keywords\":[]},\"meta\":false},{\"id\":8453,\"title\":\"Foto 2023 1014 24\",\"url\":\"https:\/\/www.cykloromantika.cz\/wp-content\/uploads\/2023\/12\/foto-2023-1014-24.jpg\",\"link\":\"https:\/\/www.cykloromantika.cz\/foto-2023-1014-24\/\",\"alt\":\"\",\"description\":\"\",\"caption\":\"Bude sn\u00eddan\u011b. Ke stolu!\",\"mime\":\"image\/jpeg\",\"type\":\"image\",\"width\":1024,\"height\":683,\"sizes\":{\"thumbnail\":{\"height\":100,\"width\":150,\"url\":\"https:\/\/www.cykloromantika.cz\/wp-content\/uploads\/2023\/12\/foto-2023-1014-24-150x100.jpg\",\"orientation\":\"landscape\"},\"medium\":{\"height\":200,\"width\":300,\"url\":\"https:\/\/www.cykloromantika.cz\/wp-content\/uploads\/2023\/12\/foto-2023-1014-24-300x200.jpg\",\"orientation\":\"landscape\"},\"full\":{\"url\":\"https:\/\/www.cykloromantika.cz\/wp-content\/uploads\/2023\/12\/foto-2023-1014-24.jpg\",\"height\":683,\"width\":1024,\"orientation\":\"landscape\"}},\"imageMeta\":{\"aperture\":\"1.7\",\"credit\":\"\",\"camera\":\"SM-G955F\",\"caption\":\"\",\"created_timestamp\":\"1697272211\",\"copyright\":\"\",\"focal_length\":\"4.2\",\"iso\":\"50\",\"shutter_speed\":\"0.00833333333333\",\"title\":\"\",\"orientation\":\"0\",\"keywords\":[]},\"meta\":false},{\"id\":8454,\"title\":\"Foto 2023 1014 25\",\"url\":\"https:\/\/www.cykloromantika.cz\/wp-content\/uploads\/2023\/12\/foto-2023-1014-25.jpg\",\"link\":\"https:\/\/www.cykloromantika.cz\/foto-2023-1014-25\/\",\"alt\":\"\",\"description\":\"\",\"caption\":\"Tady chutn\u00e1!\",\"mime\":\"image\/jpeg\",\"type\":\"image\",\"width\":1024,\"height\":768,\"sizes\":{\"thumbnail\":{\"height\":113,\"width\":150,\"url\":\"https:\/\/www.cykloromantika.cz\/wp-content\/uploads\/2023\/12\/foto-2023-1014-25-150x113.jpg\",\"orientation\":\"landscape\"},\"medium\":{\"height\":225,\"width\":300,\"url\":\"https:\/\/www.cykloromantika.cz\/wp-content\/uploads\/2023\/12\/foto-2023-1014-25-300x225.jpg\",\"orientation\":\"landscape\"},\"full\":{\"url\":\"https:\/\/www.cykloromantika.cz\/wp-content\/uploads\/2023\/12\/foto-2023-1014-25.jpg\",\"height\":768,\"width\":1024,\"orientation\":\"landscape\"}},\"imageMeta\":{\"aperture\":\"2.2\",\"credit\":\"\",\"camera\":\"SM-G991B\",\"caption\":\"\",\"created_timestamp\":\"1697272863\",\"copyright\":\"\",\"focal_length\":\"2.2\",\"iso\":\"64\",\"shutter_speed\":\"0.01\",\"title\":\"\",\"orientation\":\"0\",\"keywords\":[]},\"meta\":false},{\"id\":8455,\"title\":\"Foto 2023 1014 26\",\"url\":\"https:\/\/www.cykloromantika.cz\/wp-content\/uploads\/2023\/12\/foto-2023-1014-26.jpg\",\"link\":\"https:\/\/www.cykloromantika.cz\/foto-2023-1014-26\/\",\"alt\":\"\",\"description\":\"\",\"caption\":\"Du\u0161\u00edk si po\u010dkal na v\u00fd\u0161krab!\",\"mime\":\"image\/jpeg\",\"type\":\"image\",\"width\":768,\"height\":1024,\"sizes\":{\"thumbnail\":{\"height\":150,\"width\":113,\"url\":\"https:\/\/www.cykloromantika.cz\/wp-content\/uploads\/2023\/12\/foto-2023-1014-26-113x150.jpg\",\"orientation\":\"portrait\"},\"medium\":{\"height\":300,\"width\":225,\"url\":\"https:\/\/www.cykloromantika.cz\/wp-content\/uploads\/2023\/12\/foto-2023-1014-26-225x300.jpg\",\"orientation\":\"portrait\"},\"full\":{\"url\":\"https:\/\/www.cykloromantika.cz\/wp-content\/uploads\/2023\/12\/foto-2023-1014-26.jpg\",\"height\":1024,\"width\":768,\"orientation\":\"portrait\"}},\"imageMeta\":{\"aperture\":\"1.7\",\"credit\":\"\",\"camera\":\"SM-G955F\",\"caption\":\"\",\"created_timestamp\":\"1697273390\",\"copyright\":\"\",\"focal_length\":\"4.2\",\"iso\":\"40\",\"shutter_speed\":\"0.0020325203252\",\"title\":\"\",\"orientation\":\"0\",\"keywords\":[]},\"meta\":false},{\"id\":8456,\"title\":\"Foto 2023 1014 27\",\"url\":\"https:\/\/www.cykloromantika.cz\/wp-content\/uploads\/2023\/12\/foto-2023-1014-27.jpg\",\"link\":\"https:\/\/www.cykloromantika.cz\/foto-2023-1014-27\/\",\"alt\":\"\",\"description\":\"\",\"caption\":\"Je\u0161t\u011b jsme nevyjeli a defekt je tu!\",\"mime\":\"image\/jpeg\",\"type\":\"image\",\"width\":768,\"height\":1024,\"sizes\":{\"thumbnail\":{\"height\":150,\"width\":113,\"url\":\"https:\/\/www.cykloromantika.cz\/wp-content\/uploads\/2023\/12\/foto-2023-1014-27-113x150.jpg\",\"orientation\":\"portrait\"},\"medium\":{\"height\":300,\"width\":225,\"url\":\"https:\/\/www.cykloromantika.cz\/wp-content\/uploads\/2023\/12\/foto-2023-1014-27-225x300.jpg\",\"orientation\":\"portrait\"},\"full\":{\"url\":\"https:\/\/www.cykloromantika.cz\/wp-content\/uploads\/2023\/12\/foto-2023-1014-27.jpg\",\"height\":1024,\"width\":768,\"orientation\":\"portrait\"}},\"imageMeta\":{\"aperture\":\"1.7\",\"credit\":\"\",\"camera\":\"SM-G955F\",\"caption\":\"\",\"created_timestamp\":\"1697273841\",\"copyright\":\"\",\"focal_length\":\"4.2\",\"iso\":\"40\",\"shutter_speed\":\"0.00065445026178\",\"title\":\"\",\"orientation\":\"0\",\"keywords\":[]},\"meta\":false},{\"id\":8457,\"title\":\"Foto 2023 1014 28\",\"url\":\"https:\/\/www.cykloromantika.cz\/wp-content\/uploads\/2023\/12\/foto-2023-1014-28.jpg\",\"link\":\"https:\/\/www.cykloromantika.cz\/foto-2023-1014-28\/\",\"alt\":\"\",\"description\":\"\",\"caption\":\"U\u017e to p\u0159ijde!\",\"mime\":\"image\/jpeg\",\"type\":\"image\",\"width\":1024,\"height\":768,\"sizes\":{\"thumbnail\":{\"height\":113,\"width\":150,\"url\":\"https:\/\/www.cykloromantika.cz\/wp-content\/uploads\/2023\/12\/foto-2023-1014-28-150x113.jpg\",\"orientation\":\"landscape\"},\"medium\":{\"height\":225,\"width\":300,\"url\":\"https:\/\/www.cykloromantika.cz\/wp-content\/uploads\/2023\/12\/foto-2023-1014-28-300x225.jpg\",\"orientation\":\"landscape\"},\"full\":{\"url\":\"https:\/\/www.cykloromantika.cz\/wp-content\/uploads\/2023\/12\/foto-2023-1014-28.jpg\",\"height\":768,\"width\":1024,\"orientation\":\"landscape\"}},\"imageMeta\":{\"aperture\":\"1.7\",\"credit\":\"\",\"camera\":\"SM-G955F\",\"caption\":\"\",\"created_timestamp\":\"1697278360\",\"copyright\":\"\",\"focal_length\":\"4.2\",\"iso\":\"40\",\"shutter_speed\":\"0.00280898876404\",\"title\":\"\",\"orientation\":\"0\",\"keywords\":[]},\"meta\":false},{\"id\":8459,\"title\":\"Foto 2023 1014 29\",\"url\":\"https:\/\/www.cykloromantika.cz\/wp-content\/uploads\/2023\/12\/foto-2023-1014-29.jpg\",\"link\":\"https:\/\/www.cykloromantika.cz\/foto-2023-1014-29\/\",\"alt\":\"\",\"description\":\"\",\"caption\":\"Vyr\u00e1\u017e\u00edme sm\u011brem h\u0159eben Beskyd!\",\"mime\":\"image\/jpeg\",\"type\":\"image\",\"width\":1024,\"height\":768,\"sizes\":{\"thumbnail\":{\"height\":113,\"width\":150,\"url\":\"https:\/\/www.cykloromantika.cz\/wp-content\/uploads\/2023\/12\/foto-2023-1014-29-150x113.jpg\",\"orientation\":\"landscape\"},\"medium\":{\"height\":225,\"width\":300,\"url\":\"https:\/\/www.cykloromantika.cz\/wp-content\/uploads\/2023\/12\/foto-2023-1014-29-300x225.jpg\",\"orientation\":\"landscape\"},\"full\":{\"url\":\"https:\/\/www.cykloromantika.cz\/wp-content\/uploads\/2023\/12\/foto-2023-1014-29.jpg\",\"height\":768,\"width\":1024,\"orientation\":\"landscape\"}},\"imageMeta\":{\"aperture\":\"1.7\",\"credit\":\"\",\"camera\":\"SM-G955F\",\"caption\":\"\",\"created_timestamp\":\"1697278689\",\"copyright\":\"\",\"focal_length\":\"4.2\",\"iso\":\"40\",\"shutter_speed\":\"0.00271739130435\",\"title\":\"\",\"orientation\":\"0\",\"keywords\":[]},\"meta\":false},{\"id\":8460,\"title\":\"Foto 2023 1014 30\",\"url\":\"https:\/\/www.cykloromantika.cz\/wp-content\/uploads\/2023\/12\/foto-2023-1014-30.jpg\",\"link\":\"https:\/\/www.cykloromantika.cz\/foto-2023-1014-30\/\",\"alt\":\"\",\"description\":\"\",\"caption\":\"Tak jedeme, nebo ne?\",\"mime\":\"image\/jpeg\",\"type\":\"image\",\"width\":1024,\"height\":768,\"sizes\":{\"thumbnail\":{\"height\":113,\"width\":150,\"url\":\"https:\/\/www.cykloromantika.cz\/wp-content\/uploads\/2023\/12\/foto-2023-1014-30-150x113.jpg\",\"orientation\":\"landscape\"},\"medium\":{\"height\":225,\"width\":300,\"url\":\"https:\/\/www.cykloromantika.cz\/wp-content\/uploads\/2023\/12\/foto-2023-1014-30-300x225.jpg\",\"orientation\":\"landscape\"},\"full\":{\"url\":\"https:\/\/www.cykloromantika.cz\/wp-content\/uploads\/2023\/12\/foto-2023-1014-30.jpg\",\"height\":768,\"width\":1024,\"orientation\":\"landscape\"}},\"imageMeta\":{\"aperture\":\"1.7\",\"credit\":\"\",\"camera\":\"SM-G955F\",\"caption\":\"\",\"created_timestamp\":\"1697278800\",\"copyright\":\"\",\"focal_length\":\"4.2\",\"iso\":\"40\",\"shutter_speed\":\"0.0022271714922\",\"title\":\"\",\"orientation\":\"0\",\"keywords\":[]},\"meta\":false},{\"id\":8461,\"title\":\"Foto 2023 1014 31\",\"url\":\"https:\/\/www.cykloromantika.cz\/wp-content\/uploads\/2023\/12\/foto-2023-1014-31.jpg\",\"link\":\"https:\/\/www.cykloromantika.cz\/foto-2023-1014-31\/\",\"alt\":\"\",\"description\":\"\",\"caption\":\"Mar\u0165as\u016fm Pony express\",\"mime\":\"image\/jpeg\",\"type\":\"image\",\"width\":768,\"height\":1024,\"sizes\":{\"thumbnail\":{\"height\":150,\"width\":113,\"url\":\"https:\/\/www.cykloromantika.cz\/wp-content\/uploads\/2023\/12\/foto-2023-1014-31-113x150.jpg\",\"orientation\":\"portrait\"},\"medium\":{\"height\":300,\"width\":225,\"url\":\"https:\/\/www.cykloromantika.cz\/wp-content\/uploads\/2023\/12\/foto-2023-1014-31-225x300.jpg\",\"orientation\":\"portrait\"},\"full\":{\"url\":\"https:\/\/www.cykloromantika.cz\/wp-content\/uploads\/2023\/12\/foto-2023-1014-31.jpg\",\"height\":1024,\"width\":768,\"orientation\":\"portrait\"}},\"imageMeta\":{\"aperture\":\"1.7\",\"credit\":\"\",\"camera\":\"SM-G955F\",\"caption\":\"\",\"created_timestamp\":\"1697278911\",\"copyright\":\"\",\"focal_length\":\"4.2\",\"iso\":\"40\",\"shutter_speed\":\"0.000596658711217\",\"title\":\"\",\"orientation\":\"0\",\"keywords\":[]},\"meta\":false},{\"id\":8462,\"title\":\"Foto 2023 1014 33\",\"url\":\"https:\/\/www.cykloromantika.cz\/wp-content\/uploads\/2023\/12\/foto-2023-1014-33.jpg\",\"link\":\"https:\/\/www.cykloromantika.cz\/foto-2023-1014-33\/\",\"alt\":\"\",\"description\":\"\",\"caption\":\"\u010curpauza na Godule\",\"mime\":\"image\/jpeg\",\"type\":\"image\",\"width\":1024,\"height\":768,\"sizes\":{\"thumbnail\":{\"height\":113,\"width\":150,\"url\":\"https:\/\/www.cykloromantika.cz\/wp-content\/uploads\/2023\/12\/foto-2023-1014-33-150x113.jpg\",\"orientation\":\"landscape\"},\"medium\":{\"height\":225,\"width\":300,\"url\":\"https:\/\/www.cykloromantika.cz\/wp-content\/uploads\/2023\/12\/foto-2023-1014-33-300x225.jpg\",\"orientation\":\"landscape\"},\"full\":{\"url\":\"https:\/\/www.cykloromantika.cz\/wp-content\/uploads\/2023\/12\/foto-2023-1014-33.jpg\",\"height\":768,\"width\":1024,\"orientation\":\"landscape\"}},\"imageMeta\":{\"aperture\":\"1.7\",\"credit\":\"\",\"camera\":\"SM-G955F\",\"caption\":\"\",\"created_timestamp\":\"1697282103\",\"copyright\":\"\",\"focal_length\":\"4.2\",\"iso\":\"40\",\"shutter_speed\":\"0.00102459016393\",\"title\":\"\",\"orientation\":\"0\",\"keywords\":[]},\"meta\":false},{\"id\":8463,\"title\":\"Foto 2023 1014 34\",\"url\":\"https:\/\/www.cykloromantika.cz\/wp-content\/uploads\/2023\/12\/foto-2023-1014-34.jpg\",\"link\":\"https:\/\/www.cykloromantika.cz\/foto-2023-1014-34\/\",\"alt\":\"\",\"description\":\"\",\"caption\":\"Turistick\u00e1 chata Ropi\u010dka \u2013 jsme naho\u0159e!\",\"mime\":\"image\/jpeg\",\"type\":\"image\",\"width\":1024,\"height\":683,\"sizes\":{\"thumbnail\":{\"height\":100,\"width\":150,\"url\":\"https:\/\/www.cykloromantika.cz\/wp-content\/uploads\/2023\/12\/foto-2023-1014-34-150x100.jpg\",\"orientation\":\"landscape\"},\"medium\":{\"height\":200,\"width\":300,\"url\":\"https:\/\/www.cykloromantika.cz\/wp-content\/uploads\/2023\/12\/foto-2023-1014-34-300x200.jpg\",\"orientation\":\"landscape\"},\"full\":{\"url\":\"https:\/\/www.cykloromantika.cz\/wp-content\/uploads\/2023\/12\/foto-2023-1014-34.jpg\",\"height\":683,\"width\":1024,\"orientation\":\"landscape\"}},\"imageMeta\":{\"aperture\":\"1.7\",\"credit\":\"\",\"camera\":\"SM-G955F\",\"caption\":\"\",\"created_timestamp\":\"1697284131\",\"copyright\":\"\",\"focal_length\":\"4.2\",\"iso\":\"40\",\"shutter_speed\":\"0.000164041994751\",\"title\":\"\",\"orientation\":\"0\",\"keywords\":[]},\"meta\":false},{\"id\":8464,\"title\":\"Foto 2023 1014 35\",\"url\":\"https:\/\/www.cykloromantika.cz\/wp-content\/uploads\/2023\/12\/foto-2023-1014-35.jpg\",\"link\":\"https:\/\/www.cykloromantika.cz\/foto-2023-1014-35\/\",\"alt\":\"\",\"description\":\"\",\"caption\":\"D\u011bl\u00e1me n\u00e1val u bufetu!\",\"mime\":\"image\/jpeg\",\"type\":\"image\",\"width\":1024,\"height\":683,\"sizes\":{\"thumbnail\":{\"height\":100,\"width\":150,\"url\":\"https:\/\/www.cykloromantika.cz\/wp-content\/uploads\/2023\/12\/foto-2023-1014-35-150x100.jpg\",\"orientation\":\"landscape\"},\"medium\":{\"height\":200,\"width\":300,\"url\":\"https:\/\/www.cykloromantika.cz\/wp-content\/uploads\/2023\/12\/foto-2023-1014-35-300x200.jpg\",\"orientation\":\"landscape\"},\"full\":{\"url\":\"https:\/\/www.cykloromantika.cz\/wp-content\/uploads\/2023\/12\/foto-2023-1014-35.jpg\",\"height\":683,\"width\":1024,\"orientation\":\"landscape\"}},\"imageMeta\":{\"aperture\":\"1.7\",\"credit\":\"\",\"camera\":\"SM-G955F\",\"caption\":\"\",\"created_timestamp\":\"1697284282\",\"copyright\":\"\",\"focal_length\":\"4.2\",\"iso\":\"50\",\"shutter_speed\":\"0.00833333333333\",\"title\":\"\",\"orientation\":\"0\",\"keywords\":[]},\"meta\":false},{\"id\":8465,\"title\":\"Foto 2023 1014 36\",\"url\":\"https:\/\/www.cykloromantika.cz\/wp-content\/uploads\/2023\/12\/foto-2023-1014-36.jpg\",\"link\":\"https:\/\/www.cykloromantika.cz\/foto-2023-1014-36\/\",\"alt\":\"\",\"description\":\"\",\"caption\":\"U\u017e jsme sami a m\u00e1me na v\u00fdb\u011br klid!\",\"mime\":\"image\/jpeg\",\"type\":\"image\",\"width\":768,\"height\":1024,\"sizes\":{\"thumbnail\":{\"height\":150,\"width\":113,\"url\":\"https:\/\/www.cykloromantika.cz\/wp-content\/uploads\/2023\/12\/foto-2023-1014-36-113x150.jpg\",\"orientation\":\"portrait\"},\"medium\":{\"height\":300,\"width\":225,\"url\":\"https:\/\/www.cykloromantika.cz\/wp-content\/uploads\/2023\/12\/foto-2023-1014-36-225x300.jpg\",\"orientation\":\"portrait\"},\"full\":{\"url\":\"https:\/\/www.cykloromantika.cz\/wp-content\/uploads\/2023\/12\/foto-2023-1014-36.jpg\",\"height\":1024,\"width\":768,\"orientation\":\"portrait\"}},\"imageMeta\":{\"aperture\":\"1.7\",\"credit\":\"\",\"camera\":\"SM-G955F\",\"caption\":\"\",\"created_timestamp\":\"1697284616\",\"copyright\":\"\",\"focal_length\":\"4.2\",\"iso\":\"50\",\"shutter_speed\":\"0.0166666666667\",\"title\":\"\",\"orientation\":\"0\",\"keywords\":[]},\"meta\":false},{\"id\":8466,\"title\":\"Foto 2023 1014 37\",\"url\":\"https:\/\/www.cykloromantika.cz\/wp-content\/uploads\/2023\/12\/foto-2023-1014-37.jpg\",\"link\":\"https:\/\/www.cykloromantika.cz\/foto-2023-1014-37\/\",\"alt\":\"\",\"description\":\"\",\"caption\":\"\u017d\u00edzniv\u00e1!\",\"mime\":\"image\/jpeg\",\"type\":\"image\",\"width\":1024,\"height\":768,\"sizes\":{\"thumbnail\":{\"height\":113,\"width\":150,\"url\":\"https:\/\/www.cykloromantika.cz\/wp-content\/uploads\/2023\/12\/foto-2023-1014-37-150x113.jpg\",\"orientation\":\"landscape\"},\"medium\":{\"height\":225,\"width\":300,\"url\":\"https:\/\/www.cykloromantika.cz\/wp-content\/uploads\/2023\/12\/foto-2023-1014-37-300x225.jpg\",\"orientation\":\"landscape\"},\"full\":{\"url\":\"https:\/\/www.cykloromantika.cz\/wp-content\/uploads\/2023\/12\/foto-2023-1014-37.jpg\",\"height\":768,\"width\":1024,\"orientation\":\"landscape\"}},\"imageMeta\":{\"aperture\":\"1.7\",\"credit\":\"\",\"camera\":\"SM-G955F\",\"caption\":\"\",\"created_timestamp\":\"1697285052\",\"copyright\":\"\",\"focal_length\":\"4.2\",\"iso\":\"40\",\"shutter_speed\":\"0.000615763546798\",\"title\":\"\",\"orientation\":\"0\",\"keywords\":[]},\"meta\":false},{\"id\":8467,\"title\":\"Foto 2023 1014 38\",\"url\":\"https:\/\/www.cykloromantika.cz\/wp-content\/uploads\/2023\/12\/foto-2023-1014-38.jpg\",\"link\":\"https:\/\/www.cykloromantika.cz\/foto-2023-1014-38\/\",\"alt\":\"\",\"description\":\"\",\"caption\":\"V pln\u00e9 par\u00e1d\u011b!\",\"mime\":\"image\/jpeg\",\"type\":\"image\",\"width\":1024,\"height\":683,\"sizes\":{\"thumbnail\":{\"height\":100,\"width\":150,\"url\":\"https:\/\/www.cykloromantika.cz\/wp-content\/uploads\/2023\/12\/foto-2023-1014-38-150x100.jpg\",\"orientation\":\"landscape\"},\"medium\":{\"height\":200,\"width\":300,\"url\":\"https:\/\/www.cykloromantika.cz\/wp-content\/uploads\/2023\/12\/foto-2023-1014-38-300x200.jpg\",\"orientation\":\"landscape\"},\"full\":{\"url\":\"https:\/\/www.cykloromantika.cz\/wp-content\/uploads\/2023\/12\/foto-2023-1014-38.jpg\",\"height\":683,\"width\":1024,\"orientation\":\"landscape\"}},\"imageMeta\":{\"aperture\":\"2.2\",\"credit\":\"\",\"camera\":\"SM-G991B\",\"caption\":\"\",\"created_timestamp\":\"1697285309\",\"copyright\":\"\",\"focal_length\":\"2.2\",\"iso\":\"50\",\"shutter_speed\":\"0.000373134328358\",\"title\":\"\",\"orientation\":\"0\",\"keywords\":[]},\"meta\":false},{\"id\":8468,\"title\":\"Foto 2023 1014 41\",\"url\":\"https:\/\/www.cykloromantika.cz\/wp-content\/uploads\/2023\/12\/foto-2023-1014-41.jpg\",\"link\":\"https:\/\/www.cykloromantika.cz\/foto-2023-1014-41\/\",\"alt\":\"\",\"description\":\"\",\"caption\":\"Nejvy\u0161\u0161\u00ed vrchol tohoto v\u00fdjezdu (Javorov\u00fd 1032 m n. m.)\",\"mime\":\"image\/jpeg\",\"type\":\"image\",\"width\":1024,\"height\":683,\"sizes\":{\"thumbnail\":{\"height\":100,\"width\":150,\"url\":\"https:\/\/www.cykloromantika.cz\/wp-content\/uploads\/2023\/12\/foto-2023-1014-41-150x100.jpg\",\"orientation\":\"landscape\"},\"medium\":{\"height\":200,\"width\":300,\"url\":\"https:\/\/www.cykloromantika.cz\/wp-content\/uploads\/2023\/12\/foto-2023-1014-41-300x200.jpg\",\"orientation\":\"landscape\"},\"full\":{\"url\":\"https:\/\/www.cykloromantika.cz\/wp-content\/uploads\/2023\/12\/foto-2023-1014-41.jpg\",\"height\":683,\"width\":1024,\"orientation\":\"landscape\"}},\"imageMeta\":{\"aperture\":\"1.8\",\"credit\":\"\",\"camera\":\"SM-G991B\",\"caption\":\"\",\"created_timestamp\":\"1697290609\",\"copyright\":\"\",\"focal_length\":\"5.4\",\"iso\":\"50\",\"shutter_speed\":\"0.000865051903114\",\"title\":\"\",\"orientation\":\"0\",\"keywords\":[]},\"meta\":false},{\"id\":8469,\"title\":\"Foto 2023 1014 42\",\"url\":\"https:\/\/www.cykloromantika.cz\/wp-content\/uploads\/2023\/12\/foto-2023-1014-42.jpg\",\"link\":\"https:\/\/www.cykloromantika.cz\/foto-2023-1014-42\/\",\"alt\":\"\",\"description\":\"\",\"caption\":\"Prost\u011b cyklokros!\",\"mime\":\"image\/jpeg\",\"type\":\"image\",\"width\":768,\"height\":1024,\"sizes\":{\"thumbnail\":{\"height\":150,\"width\":113,\"url\":\"https:\/\/www.cykloromantika.cz\/wp-content\/uploads\/2023\/12\/foto-2023-1014-42-113x150.jpg\",\"orientation\":\"portrait\"},\"medium\":{\"height\":300,\"width\":225,\"url\":\"https:\/\/www.cykloromantika.cz\/wp-content\/uploads\/2023\/12\/foto-2023-1014-42-225x300.jpg\",\"orientation\":\"portrait\"},\"full\":{\"url\":\"https:\/\/www.cykloromantika.cz\/wp-content\/uploads\/2023\/12\/foto-2023-1014-42.jpg\",\"height\":1024,\"width\":768,\"orientation\":\"portrait\"}},\"imageMeta\":{\"aperture\":\"1.7\",\"credit\":\"\",\"camera\":\"SM-G955F\",\"caption\":\"\",\"created_timestamp\":\"1697290761\",\"copyright\":\"\",\"focal_length\":\"4.2\",\"iso\":\"40\",\"shutter_speed\":\"0.000943396226415\",\"title\":\"\",\"orientation\":\"0\",\"keywords\":[]},\"meta\":false},{\"id\":8470,\"title\":\"Foto 2023 1014 43\",\"url\":\"https:\/\/www.cykloromantika.cz\/wp-content\/uploads\/2023\/12\/foto-2023-1014-43.jpg\",\"link\":\"https:\/\/www.cykloromantika.cz\/foto-2023-1014-43\/\",\"alt\":\"\",\"description\":\"\",\"caption\":\"Mal\u00fd Javorov\u00fd (947 m n. m.)\",\"mime\":\"image\/jpeg\",\"type\":\"image\",\"width\":1024,\"height\":683,\"sizes\":{\"thumbnail\":{\"height\":100,\"width\":150,\"url\":\"https:\/\/www.cykloromantika.cz\/wp-content\/uploads\/2023\/12\/foto-2023-1014-43-150x100.jpg\",\"orientation\":\"landscape\"},\"medium\":{\"height\":200,\"width\":300,\"url\":\"https:\/\/www.cykloromantika.cz\/wp-content\/uploads\/2023\/12\/foto-2023-1014-43-300x200.jpg\",\"orientation\":\"landscape\"},\"full\":{\"url\":\"https:\/\/www.cykloromantika.cz\/wp-content\/uploads\/2023\/12\/foto-2023-1014-43.jpg\",\"height\":683,\"width\":1024,\"orientation\":\"landscape\"}},\"imageMeta\":{\"aperture\":\"1.7\",\"credit\":\"\",\"camera\":\"SM-G955F\",\"caption\":\"\",\"created_timestamp\":\"1697291468\",\"copyright\":\"\",\"focal_length\":\"4.2\",\"iso\":\"40\",\"shutter_speed\":\"0.00236406619385\",\"title\":\"\",\"orientation\":\"0\",\"keywords\":[]},\"meta\":false},{\"id\":8471,\"title\":\"Foto 2023 1014 44\",\"url\":\"https:\/\/www.cykloromantika.cz\/wp-content\/uploads\/2023\/12\/foto-2023-1014-44.jpg\",\"link\":\"https:\/\/www.cykloromantika.cz\/foto-2023-1014-44\/\",\"alt\":\"\",\"description\":\"\",\"caption\":\"V\u00fdhled sm\u011brem k \u017dermanick\u00e9 p\u0159ehrad\u011b\",\"mime\":\"image\/jpeg\",\"type\":\"image\",\"width\":1024,\"height\":576,\"sizes\":{\"thumbnail\":{\"height\":84,\"width\":150,\"url\":\"https:\/\/www.cykloromantika.cz\/wp-content\/uploads\/2023\/12\/foto-2023-1014-44-150x84.jpg\",\"orientation\":\"landscape\"},\"medium\":{\"height\":169,\"width\":300,\"url\":\"https:\/\/www.cykloromantika.cz\/wp-content\/uploads\/2023\/12\/foto-2023-1014-44-300x169.jpg\",\"orientation\":\"landscape\"},\"full\":{\"url\":\"https:\/\/www.cykloromantika.cz\/wp-content\/uploads\/2023\/12\/foto-2023-1014-44.jpg\",\"height\":576,\"width\":1024,\"orientation\":\"landscape\"}},\"imageMeta\":{\"aperture\":\"1.7\",\"credit\":\"\",\"camera\":\"SM-G955F\",\"caption\":\"\",\"created_timestamp\":\"1697291601\",\"copyright\":\"\",\"focal_length\":\"4.2\",\"iso\":\"40\",\"shutter_speed\":\"0.000574712643678\",\"title\":\"\",\"orientation\":\"0\",\"keywords\":[]},\"meta\":false},{\"id\":8472,\"title\":\"Foto 2023 1014 45\",\"url\":\"https:\/\/www.cykloromantika.cz\/wp-content\/uploads\/2023\/12\/foto-2023-1014-45.jpg\",\"link\":\"https:\/\/www.cykloromantika.cz\/foto-2023-1014-45\/\",\"alt\":\"\",\"description\":\"\",\"caption\":\"Po\u010d\u00edt\u00e1me pol\u00e9vky!\",\"mime\":\"image\/jpeg\",\"type\":\"image\",\"width\":1024,\"height\":768,\"sizes\":{\"thumbnail\":{\"height\":113,\"width\":150,\"url\":\"https:\/\/www.cykloromantika.cz\/wp-content\/uploads\/2023\/12\/foto-2023-1014-45-150x113.jpg\",\"orientation\":\"landscape\"},\"medium\":{\"height\":225,\"width\":300,\"url\":\"https:\/\/www.cykloromantika.cz\/wp-content\/uploads\/2023\/12\/foto-2023-1014-45-300x225.jpg\",\"orientation\":\"landscape\"},\"full\":{\"url\":\"https:\/\/www.cykloromantika.cz\/wp-content\/uploads\/2023\/12\/foto-2023-1014-45.jpg\",\"height\":768,\"width\":1024,\"orientation\":\"landscape\"}},\"imageMeta\":{\"aperture\":\"1.7\",\"credit\":\"\",\"camera\":\"SM-G955F\",\"caption\":\"\",\"created_timestamp\":\"1697292532\",\"copyright\":\"\",\"focal_length\":\"4.2\",\"iso\":\"200\",\"shutter_speed\":\"0.0769230769231\",\"title\":\"\",\"orientation\":\"0\",\"keywords\":[]},\"meta\":false},{\"id\":8474,\"title\":\"Foto 2023 1014 46\",\"url\":\"https:\/\/www.cykloromantika.cz\/wp-content\/uploads\/2023\/12\/foto-2023-1014-46.jpg\",\"link\":\"https:\/\/www.cykloromantika.cz\/foto-2023-1014-46\/\",\"alt\":\"\",\"description\":\"\",\"caption\":\"A nyn\u00ed p\u0159ich\u00e1z\u00ed? Sma\u017e\u00e1ci!\",\"mime\":\"image\/jpeg\",\"type\":\"image\",\"width\":1024,\"height\":768,\"sizes\":{\"thumbnail\":{\"height\":113,\"width\":150,\"url\":\"https:\/\/www.cykloromantika.cz\/wp-content\/uploads\/2023\/12\/foto-2023-1014-46-150x113.jpg\",\"orientation\":\"landscape\"},\"medium\":{\"height\":225,\"width\":300,\"url\":\"https:\/\/www.cykloromantika.cz\/wp-content\/uploads\/2023\/12\/foto-2023-1014-46-300x225.jpg\",\"orientation\":\"landscape\"},\"full\":{\"url\":\"https:\/\/www.cykloromantika.cz\/wp-content\/uploads\/2023\/12\/foto-2023-1014-46.jpg\",\"height\":768,\"width\":1024,\"orientation\":\"landscape\"}},\"imageMeta\":{\"aperture\":\"1.7\",\"credit\":\"\",\"camera\":\"SM-G955F\",\"caption\":\"\",\"created_timestamp\":\"1697292844\",\"copyright\":\"\",\"focal_length\":\"4.2\",\"iso\":\"200\",\"shutter_speed\":\"0.0769230769231\",\"title\":\"\",\"orientation\":\"0\",\"keywords\":[]},\"meta\":false},{\"id\":8475,\"title\":\"Foto 2023 1014 47\",\"url\":\"https:\/\/www.cykloromantika.cz\/wp-content\/uploads\/2023\/12\/foto-2023-1014-47.jpg\",\"link\":\"https:\/\/www.cykloromantika.cz\/foto-2023-1014-47\/\",\"alt\":\"\",\"description\":\"\",\"caption\":\"Opou\u0161t\u00edme Mal\u00fd Javorov\u00fd...\",\"mime\":\"image\/jpeg\",\"type\":\"image\",\"width\":1024,\"height\":576,\"sizes\":{\"thumbnail\":{\"height\":84,\"width\":150,\"url\":\"https:\/\/www.cykloromantika.cz\/wp-content\/uploads\/2023\/12\/foto-2023-1014-47-150x84.jpg\",\"orientation\":\"landscape\"},\"medium\":{\"height\":169,\"width\":300,\"url\":\"https:\/\/www.cykloromantika.cz\/wp-content\/uploads\/2023\/12\/foto-2023-1014-47-300x169.jpg\",\"orientation\":\"landscape\"},\"full\":{\"url\":\"https:\/\/www.cykloromantika.cz\/wp-content\/uploads\/2023\/12\/foto-2023-1014-47.jpg\",\"height\":576,\"width\":1024,\"orientation\":\"landscape\"}},\"imageMeta\":{\"aperture\":\"2.4\",\"credit\":\"\",\"camera\":\"SM-G970F\",\"caption\":\"\",\"created_timestamp\":\"1697296151\",\"copyright\":\"\",\"focal_length\":\"4.32\",\"iso\":\"50\",\"shutter_speed\":\"0.00675675675676\",\"title\":\"\",\"orientation\":\"0\",\"keywords\":[]},\"meta\":false},{\"id\":8476,\"title\":\"Foto 2023 1014 48\",\"url\":\"https:\/\/www.cykloromantika.cz\/wp-content\/uploads\/2023\/12\/foto-2023-1014-48.jpg\",\"link\":\"https:\/\/www.cykloromantika.cz\/foto-2023-1014-48\/\",\"alt\":\"\",\"description\":\"\",\"caption\":\"... ale daleko jsme nedojeli! Op\u011bt defekt!\",\"mime\":\"image\/jpeg\",\"type\":\"image\",\"width\":1024,\"height\":768,\"sizes\":{\"thumbnail\":{\"height\":113,\"width\":150,\"url\":\"https:\/\/www.cykloromantika.cz\/wp-content\/uploads\/2023\/12\/foto-2023-1014-48-150x113.jpg\",\"orientation\":\"landscape\"},\"medium\":{\"height\":225,\"width\":300,\"url\":\"https:\/\/www.cykloromantika.cz\/wp-content\/uploads\/2023\/12\/foto-2023-1014-48-300x225.jpg\",\"orientation\":\"landscape\"},\"full\":{\"url\":\"https:\/\/www.cykloromantika.cz\/wp-content\/uploads\/2023\/12\/foto-2023-1014-48.jpg\",\"height\":768,\"width\":1024,\"orientation\":\"landscape\"}},\"imageMeta\":{\"aperture\":\"1.8\",\"credit\":\"\",\"camera\":\"SM-G991B\",\"caption\":\"\",\"created_timestamp\":\"1697297284\",\"copyright\":\"\",\"focal_length\":\"5.4\",\"iso\":\"80\",\"shutter_speed\":\"0.01\",\"title\":\"\",\"orientation\":\"0\",\"keywords\":[]},\"meta\":false},{\"id\":8477,\"title\":\"Foto 2023 1014 49\",\"url\":\"https:\/\/www.cykloromantika.cz\/wp-content\/uploads\/2023\/12\/foto-2023-1014-49.jpg\",\"link\":\"https:\/\/www.cykloromantika.cz\/foto-2023-1014-49\/\",\"alt\":\"\",\"description\":\"\",\"caption\":\"U\u017e lepidlo zasych\u00e1, brzy vyraz\u00edme d\u00e1le!\",\"mime\":\"image\/jpeg\",\"type\":\"image\",\"width\":768,\"height\":1024,\"sizes\":{\"thumbnail\":{\"height\":150,\"width\":113,\"url\":\"https:\/\/www.cykloromantika.cz\/wp-content\/uploads\/2023\/12\/foto-2023-1014-49-113x150.jpg\",\"orientation\":\"portrait\"},\"medium\":{\"height\":300,\"width\":225,\"url\":\"https:\/\/www.cykloromantika.cz\/wp-content\/uploads\/2023\/12\/foto-2023-1014-49-225x300.jpg\",\"orientation\":\"portrait\"},\"full\":{\"url\":\"https:\/\/www.cykloromantika.cz\/wp-content\/uploads\/2023\/12\/foto-2023-1014-49.jpg\",\"height\":1024,\"width\":768,\"orientation\":\"portrait\"}},\"imageMeta\":{\"aperture\":\"1.7\",\"credit\":\"\",\"camera\":\"SM-G955F\",\"caption\":\"\",\"created_timestamp\":\"1697297462\",\"copyright\":\"\",\"focal_length\":\"4.2\",\"iso\":\"64\",\"shutter_speed\":\"0.02\",\"title\":\"\",\"orientation\":\"0\",\"keywords\":[]},\"meta\":false},{\"id\":8478,\"title\":\"Foto 2023 1014 50\",\"url\":\"https:\/\/www.cykloromantika.cz\/wp-content\/uploads\/2023\/12\/foto-2023-1014-50.jpg\",\"link\":\"https:\/\/www.cykloromantika.cz\/foto-2023-1014-50\/\",\"alt\":\"\",\"description\":\"\",\"caption\":\"Setk\u00e1n\u00ed s Fri\u010fasem pod Kalu\u017en\u00fdm\",\"mime\":\"image\/jpeg\",\"type\":\"image\",\"width\":1024,\"height\":768,\"sizes\":{\"thumbnail\":{\"height\":113,\"width\":150,\"url\":\"https:\/\/www.cykloromantika.cz\/wp-content\/uploads\/2023\/12\/foto-2023-1014-50-150x113.jpg\",\"orientation\":\"landscape\"},\"medium\":{\"height\":225,\"width\":300,\"url\":\"https:\/\/www.cykloromantika.cz\/wp-content\/uploads\/2023\/12\/foto-2023-1014-50-300x225.jpg\",\"orientation\":\"landscape\"},\"full\":{\"url\":\"https:\/\/www.cykloromantika.cz\/wp-content\/uploads\/2023\/12\/foto-2023-1014-50.jpg\",\"height\":768,\"width\":1024,\"orientation\":\"landscape\"}},\"imageMeta\":{\"aperture\":\"1.7\",\"credit\":\"\",\"camera\":\"SM-G955F\",\"caption\":\"\",\"created_timestamp\":\"1697301477\",\"copyright\":\"\",\"focal_length\":\"4.2\",\"iso\":\"250\",\"shutter_speed\":\"0.0769230769231\",\"title\":\"\",\"orientation\":\"0\",\"keywords\":[]},\"meta\":false},{\"id\":8479,\"title\":\"Foto 2023 1014 51\",\"url\":\"https:\/\/www.cykloromantika.cz\/wp-content\/uploads\/2023\/12\/foto-2023-1014-51.jpg\",\"link\":\"https:\/\/www.cykloromantika.cz\/foto-2023-1014-51\/\",\"alt\":\"\",\"description\":\"\",\"caption\":\"Na Kamenit\u00e9m... Vyhl\u00ed\u017e\u00edme nebezpe\u010dn\u00e9 mraky!\",\"mime\":\"image\/jpeg\",\"type\":\"image\",\"width\":1024,\"height\":683,\"sizes\":{\"thumbnail\":{\"height\":100,\"width\":150,\"url\":\"https:\/\/www.cykloromantika.cz\/wp-content\/uploads\/2023\/12\/foto-2023-1014-51-150x100.jpg\",\"orientation\":\"landscape\"},\"medium\":{\"height\":200,\"width\":300,\"url\":\"https:\/\/www.cykloromantika.cz\/wp-content\/uploads\/2023\/12\/foto-2023-1014-51-300x200.jpg\",\"orientation\":\"landscape\"},\"full\":{\"url\":\"https:\/\/www.cykloromantika.cz\/wp-content\/uploads\/2023\/12\/foto-2023-1014-51.jpg\",\"height\":683,\"width\":1024,\"orientation\":\"landscape\"}},\"imageMeta\":{\"aperture\":\"2.2\",\"credit\":\"\",\"camera\":\"SM-G991B\",\"caption\":\"\",\"created_timestamp\":\"1697302054\",\"copyright\":\"\",\"focal_length\":\"2.2\",\"iso\":\"80\",\"shutter_speed\":\"0.01\",\"title\":\"\",\"orientation\":\"0\",\"keywords\":[]},\"meta\":false},{\"id\":8480,\"title\":\"Foto 2023 1014 52\",\"url\":\"https:\/\/www.cykloromantika.cz\/wp-content\/uploads\/2023\/12\/foto-2023-1014-52.jpg\",\"link\":\"https:\/\/www.cykloromantika.cz\/foto-2023-1014-52\/\",\"alt\":\"\",\"description\":\"\",\"caption\":\"Fot\u00edme se ze v\u0161ech stran!\",\"mime\":\"image\/jpeg\",\"type\":\"image\",\"width\":1024,\"height\":768,\"sizes\":{\"thumbnail\":{\"height\":113,\"width\":150,\"url\":\"https:\/\/www.cykloromantika.cz\/wp-content\/uploads\/2023\/12\/foto-2023-1014-52-150x113.jpg\",\"orientation\":\"landscape\"},\"medium\":{\"height\":225,\"width\":300,\"url\":\"https:\/\/www.cykloromantika.cz\/wp-content\/uploads\/2023\/12\/foto-2023-1014-52-300x225.jpg\",\"orientation\":\"landscape\"},\"full\":{\"url\":\"https:\/\/www.cykloromantika.cz\/wp-content\/uploads\/2023\/12\/foto-2023-1014-52.jpg\",\"height\":768,\"width\":1024,\"orientation\":\"landscape\"}},\"imageMeta\":{\"aperture\":\"1.7\",\"credit\":\"\",\"camera\":\"SM-G955F\",\"caption\":\"\",\"created_timestamp\":\"1697302685\",\"copyright\":\"\",\"focal_length\":\"4.2\",\"iso\":\"80\",\"shutter_speed\":\"0.01\",\"title\":\"\",\"orientation\":\"0\",\"keywords\":[]},\"meta\":false},{\"id\":8481,\"title\":\"Foto 2023 1014 53\",\"url\":\"https:\/\/www.cykloromantika.cz\/wp-content\/uploads\/2023\/12\/foto-2023-1014-53.jpg\",\"link\":\"https:\/\/www.cykloromantika.cz\/foto-2023-1014-53\/\",\"alt\":\"\",\"description\":\"\",\"caption\":\"Nad Karpetnou dop\u00edj\u00edme energetick\u00fd drink!\",\"mime\":\"image\/jpeg\",\"type\":\"image\",\"width\":1024,\"height\":768,\"sizes\":{\"thumbnail\":{\"height\":113,\"width\":150,\"url\":\"https:\/\/www.cykloromantika.cz\/wp-content\/uploads\/2023\/12\/foto-2023-1014-53-150x113.jpg\",\"orientation\":\"landscape\"},\"medium\":{\"height\":225,\"width\":300,\"url\":\"https:\/\/www.cykloromantika.cz\/wp-content\/uploads\/2023\/12\/foto-2023-1014-53-300x225.jpg\",\"orientation\":\"landscape\"},\"full\":{\"url\":\"https:\/\/www.cykloromantika.cz\/wp-content\/uploads\/2023\/12\/foto-2023-1014-53.jpg\",\"height\":768,\"width\":1024,\"orientation\":\"landscape\"}},\"imageMeta\":{\"aperture\":\"1.7\",\"credit\":\"\",\"camera\":\"SM-G955F\",\"caption\":\"\",\"created_timestamp\":\"1697306469\",\"copyright\":\"\",\"focal_length\":\"4.2\",\"iso\":\"200\",\"shutter_speed\":\"0.030303030303\",\"title\":\"\",\"orientation\":\"0\",\"keywords\":[]},\"meta\":false},{\"id\":8482,\"title\":\"Foto 2023 1014 54\",\"url\":\"https:\/\/www.cykloromantika.cz\/wp-content\/uploads\/2023\/12\/foto-2023-1014-54.jpg\",\"link\":\"https:\/\/www.cykloromantika.cz\/foto-2023-1014-54\/\",\"alt\":\"\",\"description\":\"\",\"caption\":\"Na Gutech jsme zatemnili!\",\"mime\":\"image\/jpeg\",\"type\":\"image\",\"width\":1024,\"height\":683,\"sizes\":{\"thumbnail\":{\"height\":100,\"width\":150,\"url\":\"https:\/\/www.cykloromantika.cz\/wp-content\/uploads\/2023\/12\/foto-2023-1014-54-150x100.jpg\",\"orientation\":\"landscape\"},\"medium\":{\"height\":200,\"width\":300,\"url\":\"https:\/\/www.cykloromantika.cz\/wp-content\/uploads\/2023\/12\/foto-2023-1014-54-300x200.jpg\",\"orientation\":\"landscape\"},\"full\":{\"url\":\"https:\/\/www.cykloromantika.cz\/wp-content\/uploads\/2023\/12\/foto-2023-1014-54.jpg\",\"height\":683,\"width\":1024,\"orientation\":\"landscape\"}},\"imageMeta\":{\"aperture\":\"1.7\",\"credit\":\"\",\"camera\":\"SM-G955F\",\"caption\":\"\",\"created_timestamp\":\"1697308825\",\"copyright\":\"\",\"focal_length\":\"4.2\",\"iso\":\"1250\",\"shutter_speed\":\"0.2\",\"title\":\"\",\"orientation\":\"0\",\"keywords\":[]},\"meta\":false},{\"id\":8483,\"title\":\"Foto 2023 1015 56\",\"url\":\"https:\/\/www.cykloromantika.cz\/wp-content\/uploads\/2023\/12\/foto-2023-1015-56.jpg\",\"link\":\"https:\/\/www.cykloromantika.cz\/foto-2023-1015-56\/\",\"alt\":\"\",\"description\":\"\",\"caption\":\"Energetick\u00e1 ned\u011bln\u00ed sn\u00eddan\u011b\",\"mime\":\"image\/jpeg\",\"type\":\"image\",\"width\":1024,\"height\":683,\"sizes\":{\"thumbnail\":{\"height\":100,\"width\":150,\"url\":\"https:\/\/www.cykloromantika.cz\/wp-content\/uploads\/2023\/12\/foto-2023-1015-56-150x100.jpg\",\"orientation\":\"landscape\"},\"medium\":{\"height\":200,\"width\":300,\"url\":\"https:\/\/www.cykloromantika.cz\/wp-content\/uploads\/2023\/12\/foto-2023-1015-56-300x200.jpg\",\"orientation\":\"landscape\"},\"full\":{\"url\":\"https:\/\/www.cykloromantika.cz\/wp-content\/uploads\/2023\/12\/foto-2023-1015-56.jpg\",\"height\":683,\"width\":1024,\"orientation\":\"landscape\"}},\"imageMeta\":{\"aperture\":\"1.7\",\"credit\":\"\",\"camera\":\"SM-G955F\",\"caption\":\"\",\"created_timestamp\":\"1697366121\",\"copyright\":\"\",\"focal_length\":\"4.2\",\"iso\":\"200\",\"shutter_speed\":\"0.0625\",\"title\":\"\",\"orientation\":\"0\",\"keywords\":[]},\"meta\":false},{\"id\":8484,\"title\":\"Foto 2023 1015 57\",\"url\":\"https:\/\/www.cykloromantika.cz\/wp-content\/uploads\/2023\/12\/foto-2023-1015-57.jpg\",\"link\":\"https:\/\/www.cykloromantika.cz\/foto-2023-1015-57\/\",\"alt\":\"\",\"description\":\"\",\"caption\":\"P\u0159ip\u00edj\u00edme na zdar na\u0161eho v\u00edkendu!\",\"mime\":\"image\/jpeg\",\"type\":\"image\",\"width\":1024,\"height\":683,\"sizes\":{\"thumbnail\":{\"height\":100,\"width\":150,\"url\":\"https:\/\/www.cykloromantika.cz\/wp-content\/uploads\/2023\/12\/foto-2023-1015-57-150x100.jpg\",\"orientation\":\"landscape\"},\"medium\":{\"height\":200,\"width\":300,\"url\":\"https:\/\/www.cykloromantika.cz\/wp-content\/uploads\/2023\/12\/foto-2023-1015-57-300x200.jpg\",\"orientation\":\"landscape\"},\"full\":{\"url\":\"https:\/\/www.cykloromantika.cz\/wp-content\/uploads\/2023\/12\/foto-2023-1015-57.jpg\",\"height\":683,\"width\":1024,\"orientation\":\"landscape\"}},\"imageMeta\":{\"aperture\":\"1.7\",\"credit\":\"\",\"camera\":\"SM-G955F\",\"caption\":\"\",\"created_timestamp\":\"1697370722\",\"copyright\":\"\",\"focal_length\":\"4.2\",\"iso\":\"250\",\"shutter_speed\":\"0.01\",\"title\":\"\",\"orientation\":\"0\",\"keywords\":[]},\"meta\":false},{\"id\":8485,\"title\":\"Foto 2023 1015 58\",\"url\":\"https:\/\/www.cykloromantika.cz\/wp-content\/uploads\/2023\/12\/foto-2023-1015-58.jpg\",\"link\":\"https:\/\/www.cykloromantika.cz\/foto-2023-1015-58\/\",\"alt\":\"\",\"description\":\"\",\"caption\":\"P\u0159ip\u00edj\u00edme na zdar na\u0161eho v\u00edkendu!\",\"mime\":\"image\/jpeg\",\"type\":\"image\",\"width\":1024,\"height\":768,\"sizes\":{\"thumbnail\":{\"height\":113,\"width\":150,\"url\":\"https:\/\/www.cykloromantika.cz\/wp-content\/uploads\/2023\/12\/foto-2023-1015-58-150x113.jpg\",\"orientation\":\"landscape\"},\"medium\":{\"height\":225,\"width\":300,\"url\":\"https:\/\/www.cykloromantika.cz\/wp-content\/uploads\/2023\/12\/foto-2023-1015-58-300x225.jpg\",\"orientation\":\"landscape\"},\"full\":{\"url\":\"https:\/\/www.cykloromantika.cz\/wp-content\/uploads\/2023\/12\/foto-2023-1015-58.jpg\",\"height\":768,\"width\":1024,\"orientation\":\"landscape\"}},\"imageMeta\":{\"aperture\":\"1.7\",\"credit\":\"\",\"camera\":\"SM-G955F\",\"caption\":\"\",\"created_timestamp\":\"1697370741\",\"copyright\":\"\",\"focal_length\":\"4.2\",\"iso\":\"160\",\"shutter_speed\":\"0.030303030303\",\"title\":\"\",\"orientation\":\"0\",\"keywords\":[]},\"meta\":false},{\"id\":8486,\"title\":\"Foto 2023 1015 59\",\"url\":\"https:\/\/www.cykloromantika.cz\/wp-content\/uploads\/2023\/12\/foto-2023-1015-59.jpg\",\"link\":\"https:\/\/www.cykloromantika.cz\/foto-2023-1015-59\/\",\"alt\":\"\",\"description\":\"\",\"caption\":\"N\u00e1hle prasklou pohovku se sna\u017e\u00edme opravit!\",\"mime\":\"image\/jpeg\",\"type\":\"image\",\"width\":1024,\"height\":768,\"sizes\":{\"thumbnail\":{\"height\":113,\"width\":150,\"url\":\"https:\/\/www.cykloromantika.cz\/wp-content\/uploads\/2023\/12\/foto-2023-1015-59-150x113.jpg\",\"orientation\":\"landscape\"},\"medium\":{\"height\":225,\"width\":300,\"url\":\"https:\/\/www.cykloromantika.cz\/wp-content\/uploads\/2023\/12\/foto-2023-1015-59-300x225.jpg\",\"orientation\":\"landscape\"},\"full\":{\"url\":\"https:\/\/www.cykloromantika.cz\/wp-content\/uploads\/2023\/12\/foto-2023-1015-59.jpg\",\"height\":768,\"width\":1024,\"orientation\":\"landscape\"}},\"imageMeta\":{\"aperture\":\"1.7\",\"credit\":\"\",\"camera\":\"SM-G955F\",\"caption\":\"\",\"created_timestamp\":\"1697371021\",\"copyright\":\"\",\"focal_length\":\"4.2\",\"iso\":\"125\",\"shutter_speed\":\"0.02\",\"title\":\"\",\"orientation\":\"0\",\"keywords\":[]},\"meta\":false},{\"id\":8487,\"title\":\"Foto 2023 1015 62\",\"url\":\"https:\/\/www.cykloromantika.cz\/wp-content\/uploads\/2023\/12\/foto-2023-1015-62.jpg\",\"link\":\"https:\/\/www.cykloromantika.cz\/foto-2023-1015-62\/\",\"alt\":\"\",\"description\":\"\",\"caption\":\"V\u00fdbava je rozs\u00e1hl\u00e1, ale bude to sta\u010dit?\",\"mime\":\"image\/jpeg\",\"type\":\"image\",\"width\":768,\"height\":1024,\"sizes\":{\"thumbnail\":{\"height\":150,\"width\":113,\"url\":\"https:\/\/www.cykloromantika.cz\/wp-content\/uploads\/2023\/12\/foto-2023-1015-62-113x150.jpg\",\"orientation\":\"portrait\"},\"medium\":{\"height\":300,\"width\":225,\"url\":\"https:\/\/www.cykloromantika.cz\/wp-content\/uploads\/2023\/12\/foto-2023-1015-62-225x300.jpg\",\"orientation\":\"portrait\"},\"full\":{\"url\":\"https:\/\/www.cykloromantika.cz\/wp-content\/uploads\/2023\/12\/foto-2023-1015-62.jpg\",\"height\":1024,\"width\":768,\"orientation\":\"portrait\"}},\"imageMeta\":{\"aperture\":\"1.7\",\"credit\":\"\",\"camera\":\"SM-G955F\",\"caption\":\"\",\"created_timestamp\":\"1697371307\",\"copyright\":\"\",\"focal_length\":\"4.2\",\"iso\":\"200\",\"shutter_speed\":\"0.030303030303\",\"title\":\"\",\"orientation\":\"0\",\"keywords\":[]},\"meta\":false},{\"id\":8488,\"title\":\"Foto 2023 1015 63\",\"url\":\"https:\/\/www.cykloromantika.cz\/wp-content\/uploads\/2023\/12\/foto-2023-1015-63.jpg\",\"link\":\"https:\/\/www.cykloromantika.cz\/foto-2023-1015-63\/\",\"alt\":\"\",\"description\":\"\",\"caption\":\"N\u00e1\u0159ad\u00ed dopl\u0148ujeme spoustou ruk a rad!\",\"mime\":\"image\/jpeg\",\"type\":\"image\",\"width\":1024,\"height\":768,\"sizes\":{\"thumbnail\":{\"height\":113,\"width\":150,\"url\":\"https:\/\/www.cykloromantika.cz\/wp-content\/uploads\/2023\/12\/foto-2023-1015-63-150x113.jpg\",\"orientation\":\"landscape\"},\"medium\":{\"height\":225,\"width\":300,\"url\":\"https:\/\/www.cykloromantika.cz\/wp-content\/uploads\/2023\/12\/foto-2023-1015-63-300x225.jpg\",\"orientation\":\"landscape\"},\"full\":{\"url\":\"https:\/\/www.cykloromantika.cz\/wp-content\/uploads\/2023\/12\/foto-2023-1015-63.jpg\",\"height\":768,\"width\":1024,\"orientation\":\"landscape\"}},\"imageMeta\":{\"aperture\":\"1.7\",\"credit\":\"\",\"camera\":\"SM-G955F\",\"caption\":\"\",\"created_timestamp\":\"1697371428\",\"copyright\":\"\",\"focal_length\":\"4.2\",\"iso\":\"125\",\"shutter_speed\":\"0.02\",\"title\":\"\",\"orientation\":\"0\",\"keywords\":[]},\"meta\":false},{\"id\":8489,\"title\":\"Foto 2023 1015 64\",\"url\":\"https:\/\/www.cykloromantika.cz\/wp-content\/uploads\/2023\/12\/foto-2023-1015-64.jpg\",\"link\":\"https:\/\/www.cykloromantika.cz\/foto-2023-1015-64\/\",\"alt\":\"\",\"description\":\"\",\"caption\":\"Domlouv\u00e1me pohovce po dobr\u00e9m, ale na \u0159adu asi p\u0159ijdou kladiva!\",\"mime\":\"image\/jpeg\",\"type\":\"image\",\"width\":1024,\"height\":768,\"sizes\":{\"thumbnail\":{\"height\":113,\"width\":150,\"url\":\"https:\/\/www.cykloromantika.cz\/wp-content\/uploads\/2023\/12\/foto-2023-1015-64-150x113.jpg\",\"orientation\":\"landscape\"},\"medium\":{\"height\":225,\"width\":300,\"url\":\"https:\/\/www.cykloromantika.cz\/wp-content\/uploads\/2023\/12\/foto-2023-1015-64-300x225.jpg\",\"orientation\":\"landscape\"},\"full\":{\"url\":\"https:\/\/www.cykloromantika.cz\/wp-content\/uploads\/2023\/12\/foto-2023-1015-64.jpg\",\"height\":768,\"width\":1024,\"orientation\":\"landscape\"}},\"imageMeta\":{\"aperture\":\"1.7\",\"credit\":\"\",\"camera\":\"SM-G955F\",\"caption\":\"\",\"created_timestamp\":\"1697371634\",\"copyright\":\"\",\"focal_length\":\"4.2\",\"iso\":\"320\",\"shutter_speed\":\"0.02\",\"title\":\"\",\"orientation\":\"0\",\"keywords\":[]},\"meta\":false},{\"id\":8490,\"title\":\"Foto 2023 1015 65\",\"url\":\"https:\/\/www.cykloromantika.cz\/wp-content\/uploads\/2023\/12\/foto-2023-1015-65.jpg\",\"link\":\"https:\/\/www.cykloromantika.cz\/foto-2023-1015-65\/\",\"alt\":\"\",\"description\":\"\",\"caption\":\"Vyst\u0159\u00edd\u00e1me se na pohovce v\u0161ichni!\",\"mime\":\"image\/jpeg\",\"type\":\"image\",\"width\":768,\"height\":1024,\"sizes\":{\"thumbnail\":{\"height\":150,\"width\":113,\"url\":\"https:\/\/www.cykloromantika.cz\/wp-content\/uploads\/2023\/12\/foto-2023-1015-65-113x150.jpg\",\"orientation\":\"portrait\"},\"medium\":{\"height\":300,\"width\":225,\"url\":\"https:\/\/www.cykloromantika.cz\/wp-content\/uploads\/2023\/12\/foto-2023-1015-65-225x300.jpg\",\"orientation\":\"portrait\"},\"full\":{\"url\":\"https:\/\/www.cykloromantika.cz\/wp-content\/uploads\/2023\/12\/foto-2023-1015-65.jpg\",\"height\":1024,\"width\":768,\"orientation\":\"portrait\"}},\"imageMeta\":{\"aperture\":\"1.8\",\"credit\":\"\",\"camera\":\"SM-G991B\",\"caption\":\"\",\"created_timestamp\":\"1697372473\",\"copyright\":\"\",\"focal_length\":\"5.4\",\"iso\":\"200\",\"shutter_speed\":\"0.02\",\"title\":\"\",\"orientation\":\"0\",\"keywords\":[]},\"meta\":false},{\"id\":8491,\"title\":\"Foto 2023 1015 66\",\"url\":\"https:\/\/www.cykloromantika.cz\/wp-content\/uploads\/2023\/12\/foto-2023-1015-66.jpg\",\"link\":\"https:\/\/www.cykloromantika.cz\/foto-2023-1015-66\/\",\"alt\":\"\",\"description\":\"\",\"caption\":\"My z tebe ten fotbal vytlu\u010deme!\",\"mime\":\"image\/jpeg\",\"type\":\"image\",\"width\":682,\"height\":1024,\"sizes\":{\"thumbnail\":{\"height\":150,\"width\":100,\"url\":\"https:\/\/www.cykloromantika.cz\/wp-content\/uploads\/2023\/12\/foto-2023-1015-66-100x150.jpg\",\"orientation\":\"portrait\"},\"medium\":{\"height\":300,\"width\":200,\"url\":\"https:\/\/www.cykloromantika.cz\/wp-content\/uploads\/2023\/12\/foto-2023-1015-66-200x300.jpg\",\"orientation\":\"portrait\"},\"full\":{\"url\":\"https:\/\/www.cykloromantika.cz\/wp-content\/uploads\/2023\/12\/foto-2023-1015-66.jpg\",\"height\":1024,\"width\":682,\"orientation\":\"portrait\"}},\"imageMeta\":{\"aperture\":\"1.8\",\"credit\":\"\",\"camera\":\"SM-G991B\",\"caption\":\"\",\"created_timestamp\":\"1697374946\",\"copyright\":\"\",\"focal_length\":\"5.4\",\"iso\":\"320\",\"shutter_speed\":\"0.01\",\"title\":\"\",\"orientation\":\"0\",\"keywords\":[]},\"meta\":false},{\"id\":8492,\"title\":\"Foto 2023 1015 67\",\"url\":\"https:\/\/www.cykloromantika.cz\/wp-content\/uploads\/2023\/12\/foto-2023-1015-67.jpg\",\"link\":\"https:\/\/www.cykloromantika.cz\/foto-2023-1015-67\/\",\"alt\":\"\",\"description\":\"\",\"caption\":\"Vyhl\u00ed\u017e\u00edme lep\u0161\u00ed po\u010das\u00ed!\",\"mime\":\"image\/jpeg\",\"type\":\"image\",\"width\":1024,\"height\":768,\"sizes\":{\"thumbnail\":{\"height\":113,\"width\":150,\"url\":\"https:\/\/www.cykloromantika.cz\/wp-content\/uploads\/2023\/12\/foto-2023-1015-67-150x113.jpg\",\"orientation\":\"landscape\"},\"medium\":{\"height\":225,\"width\":300,\"url\":\"https:\/\/www.cykloromantika.cz\/wp-content\/uploads\/2023\/12\/foto-2023-1015-67-300x225.jpg\",\"orientation\":\"landscape\"},\"full\":{\"url\":\"https:\/\/www.cykloromantika.cz\/wp-content\/uploads\/2023\/12\/foto-2023-1015-67.jpg\",\"height\":768,\"width\":1024,\"orientation\":\"landscape\"}},\"imageMeta\":{\"aperture\":\"1.7\",\"credit\":\"\",\"camera\":\"SM-G955F\",\"caption\":\"\",\"created_timestamp\":\"1697376119\",\"copyright\":\"\",\"focal_length\":\"4.2\",\"iso\":\"40\",\"shutter_speed\":\"0.00452488687783\",\"title\":\"\",\"orientation\":\"0\",\"keywords\":[]},\"meta\":false},{\"id\":8493,\"title\":\"Foto 2023 1015 69\",\"url\":\"https:\/\/www.cykloromantika.cz\/wp-content\/uploads\/2023\/12\/foto-2023-1015-69.jpg\",\"link\":\"https:\/\/www.cykloromantika.cz\/foto-2023-1015-69\/\",\"alt\":\"\",\"description\":\"\",\"caption\":\"Kr\u00e1sn\u00e9, i kdy\u017e velmi podzimn\u00ed po\u010das\u00ed\",\"mime\":\"image\/jpeg\",\"type\":\"image\",\"width\":1024,\"height\":576,\"sizes\":{\"thumbnail\":{\"height\":84,\"width\":150,\"url\":\"https:\/\/www.cykloromantika.cz\/wp-content\/uploads\/2023\/12\/foto-2023-1015-69-150x84.jpg\",\"orientation\":\"landscape\"},\"medium\":{\"height\":169,\"width\":300,\"url\":\"https:\/\/www.cykloromantika.cz\/wp-content\/uploads\/2023\/12\/foto-2023-1015-69-300x169.jpg\",\"orientation\":\"landscape\"},\"full\":{\"url\":\"https:\/\/www.cykloromantika.cz\/wp-content\/uploads\/2023\/12\/foto-2023-1015-69.jpg\",\"height\":576,\"width\":1024,\"orientation\":\"landscape\"}},\"imageMeta\":{\"aperture\":\"1.7\",\"credit\":\"\",\"camera\":\"SM-G955F\",\"caption\":\"\",\"created_timestamp\":\"1697384014\",\"copyright\":\"\",\"focal_length\":\"4.2\",\"iso\":\"40\",\"shutter_speed\":\"0.000330687830688\",\"title\":\"\",\"orientation\":\"0\",\"keywords\":[]},\"meta\":false},{\"id\":8494,\"title\":\"Foto 2023 1015 70\",\"url\":\"https:\/\/www.cykloromantika.cz\/wp-content\/uploads\/2023\/12\/foto-2023-1015-70.jpg\",\"link\":\"https:\/\/www.cykloromantika.cz\/foto-2023-1015-70\/\",\"alt\":\"\",\"description\":\"\",\"caption\":\"Vy\u010dk\u00e1v\u00e1me, a\u017e krupobit\u00ed p\u0159ejde!\",\"mime\":\"image\/jpeg\",\"type\":\"image\",\"width\":1024,\"height\":768,\"sizes\":{\"thumbnail\":{\"height\":113,\"width\":150,\"url\":\"https:\/\/www.cykloromantika.cz\/wp-content\/uploads\/2023\/12\/foto-2023-1015-70-150x113.jpg\",\"orientation\":\"landscape\"},\"medium\":{\"height\":225,\"width\":300,\"url\":\"https:\/\/www.cykloromantika.cz\/wp-content\/uploads\/2023\/12\/foto-2023-1015-70-300x225.jpg\",\"orientation\":\"landscape\"},\"full\":{\"url\":\"https:\/\/www.cykloromantika.cz\/wp-content\/uploads\/2023\/12\/foto-2023-1015-70.jpg\",\"height\":768,\"width\":1024,\"orientation\":\"landscape\"}},\"imageMeta\":{\"aperture\":\"1.7\",\"credit\":\"\",\"camera\":\"SM-G955F\",\"caption\":\"\",\"created_timestamp\":\"1697385580\",\"copyright\":\"\",\"focal_length\":\"4.2\",\"iso\":\"200\",\"shutter_speed\":\"0.04\",\"title\":\"\",\"orientation\":\"0\",\"keywords\":[]},\"meta\":false}],\"useClobalSettings\":true,\"galleryBorderRadius\":8,\"shareFacebook\":false,\"shareTwitter\":false,\"sharePinterest\":false,\"sharePost\":\"postlink\",\"sliderItemTitleEnable\":true,\"sliderSocialShareEnabled\":false,\"itemsMetaDataCollection\":[]}<\/script><script>(function(){if(window.PGC_SGB && window.PGC_SGB.searcher){window.PGC_SGB.searcher.initBlocks()}})()<\/script><\/div>\n<\/div><\/div>\n<\/div><\/div><\/div>\n","protected":false},"excerpt":{"rendered":"","protected":false},"author":3,"featured_media":8468,"comment_status":"open","ping_status":"open","sticky":false,"template":"","format":"standard","meta":{"_acf_changed":false,"pgc_sgb_lightbox_settings":"","footnotes":""},"categories":[31],"tags":[],"class_list":["post-8424","post","type-post","status-publish","format-standard","has-post-thumbnail","hentry","category-denicek"],"acf":[],"_links":{"self":[{"href":"https:\/\/www.cykloromantika.cz\/index.php\/wp-json\/wp\/v2\/posts\/8424","targetHints":{"allow":["GET"]}}],"collection":[{"href":"https:\/\/www.cykloromantika.cz\/index.php\/wp-json\/wp\/v2\/posts"}],"about":[{"href":"https:\/\/www.cykloromantika.cz\/index.php\/wp-json\/wp\/v2\/types\/post"}],"author":[{"embeddable":true,"href":"https:\/\/www.cykloromantika.cz\/index.php\/wp-json\/wp\/v2\/users\/3"}],"replies":[{"embeddable":true,"href":"https:\/\/www.cykloromantika.cz\/index.php\/wp-json\/wp\/v2\/comments?post=8424"}],"version-history":[{"count":14,"href":"https:\/\/www.cykloromantika.cz\/index.php\/wp-json\/wp\/v2\/posts\/8424\/revisions"}],"predecessor-version":[{"id":9179,"href":"https:\/\/www.cykloromantika.cz\/index.php\/wp-json\/wp\/v2\/posts\/8424\/revisions\/9179"}],"wp:featuredmedia":[{"embeddable":true,"href":"https:\/\/www.cykloromantika.cz\/index.php\/wp-json\/wp\/v2\/media\/8468"}],"wp:attachment":[{"href":"https:\/\/www.cykloromantika.cz\/index.php\/wp-json\/wp\/v2\/media?parent=8424"}],"wp:term":[{"taxonomy":"category","embeddable":true,"href":"https:\/\/www.cykloromantika.cz\/index.php\/wp-json\/wp\/v2\/categories?post=8424"},{"taxonomy":"post_tag","embeddable":true,"href":"https:\/\/www.cykloromantika.cz\/index.php\/wp-json\/wp\/v2\/tags?post=8424"}],"curies":[{"name":"wp","href":"https:\/\/api.w.org\/{rel}","templated":true}]}}