{"id":8072,"date":"2023-07-29T17:33:00","date_gmt":"2023-07-29T16:33:00","guid":{"rendered":"https:\/\/www.cykloromantika.cz\/?p=8072"},"modified":"2025-10-19T16:56:47","modified_gmt":"2025-10-19T15:56:47","slug":"xxvii-rocnik-6-den-zmena-planu-jedeme-na-rip-7-den-pres-prahu-domu","status":"publish","type":"post","link":"https:\/\/www.cykloromantika.cz\/index.php\/2023\/07\/29\/xxvii-rocnik-6-den-zmena-planu-jedeme-na-rip-7-den-pres-prahu-domu\/","title":{"rendered":"XXVII. ro\u010dn\u00edk \u2013 6.&nbsp;den: Zm\u011bna pl\u00e1nu \u2013 jedeme na \u0158\u00edp (7.&nbsp;den \u2013 P\u0159es Prahu dom\u016f)"},"content":{"rendered":"<style>.kt-tabs-id8072_12187f-fd > .kt-tabs-content-wrap > .wp-block-kadence-tab{border-top:1px solid #eeeeee;border-right:0px solid #eeeeee;border-bottom:0px solid #eeeeee;border-left:0px solid #eeeeee;border-top-left-radius:0px;border-top-right-radius:0px;border-bottom-right-radius:0px;border-bottom-left-radius:0px;padding-top:20px;padding-right:0px;padding-bottom:20px;padding-left:0px;background:#ffffff;}.wp-block-kadence-tabs .kt-tabs-id8072_12187f-fd > .kt-tabs-title-list li{margin-top:0px;margin-right:8px;margin-bottom:0px;margin-left:0px;}.wp-block-kadence-tabs .kt-tabs-id8072_12187f-fd > .kt-tabs-title-list li:last-child{margin-right:0px;}.wp-block-kadence-tabs .kt-tabs-id8072_12187f-fd > .kt-tabs-title-list li .kt-tab-title, .wp-block-kadence-tabs .kt-tabs-id8072_12187f-fd > .kt-tabs-content-wrap > .kt-tabs-accordion-title .kt-tab-title{line-height:1.4em;font-weight:400;font-style:normal;text-transform:uppercase;border-top-width:0px;border-right-width:0px;border-bottom-width:0px;border-left-width:0px;border-top-left-radius:0px;border-top-right-radius:0px;border-bottom-right-radius:0px;border-bottom-left-radius:0px;padding-top:8px;padding-right:20px;padding-bottom:8px;padding-left:20px;border-color:#ffffff;color:#555555;background:#ffffff;}.wp-block-kadence-tabs .kt-tabs-id8072_12187f-fd > .kt-tabs-content-wrap > .kt-tabs-accordion-title .kt-tab-title{margin-top:0px;margin-right:8px;margin-bottom:0px;margin-left:0px;}.wp-block-kadence-tabs .kt-tabs-id8072_12187f-fd > .kt-tabs-title-list li .kt-tab-title:hover, .wp-block-kadence-tabs .kt-tabs-id8072_12187f-fd > .kt-tabs-content-wrap > .kt-tabs-accordion-title .kt-tab-title:hover{border-color:#555555;color:#086abd;background:#ffffff;}.wp-block-kadence-tabs .kt-tabs-id8072_12187f-fd > .kt-tabs-title-list li.kt-tab-title-active .kt-tab-title, .wp-block-kadence-tabs .kt-tabs-id8072_12187f-fd > .kt-tabs-content-wrap > .kt-tabs-accordion-title.kt-tab-title-active .kt-tab-title{border-color:#555555;color:#086abd;background:#ffffff;}.wp-block-kadence-tabs .kt-tabs-id8072_12187f-fd > .kt-tabs-title-list li svg{font-size:24px;}@media all and (max-width: 1024px){.kt-tabs-id8072_12187f-fd > .kt-tabs-content-wrap > .wp-block-kadence-tab{border-top:1px solid #eeeeee;border-right:0px solid #eeeeee;border-bottom:0px solid #eeeeee;border-left:0px solid #eeeeee;}}@media all and (max-width: 767px){.kt-tabs-id8072_12187f-fd > .kt-tabs-content-wrap > .wp-block-kadence-tab{border-top:1px solid #eeeeee;border-right:0px solid #eeeeee;border-bottom:0px solid #eeeeee;border-left:0px solid #eeeeee;}}<\/style>\n<div class=\"wp-block-kadence-tabs alignnone\"><div class=\"kt-tabs-wrap kt-tabs-id8072_12187f-fd kt-tabs-has-3-tabs kt-active-tab-3 kt-tabs-layout-tabs kt-tabs-tablet-layout-inherit kt-tabs-mobile-layout-inherit kt-tab-alignment-center \"><ul class=\"kt-tabs-title-list\"><li id=\"tab-trasa\" class=\"kt-title-item kt-title-item-1 kt-tabs-svg-show-always kt-tabs-icon-side-top kt-tab-title-inactive\"><a href=\"#tab-trasa\" data-tab=\"1\" class=\"kt-tab-title kt-tab-title-1 \"><span class=\"kb-svg-icon-wrap kb-svg-icon-fe_map\"><svg viewBox=\"0 0 24 24\"  fill=\"none\" stroke=\"currentColor\" stroke-width=\"2\" stroke-linecap=\"round\" stroke-linejoin=\"round\" xmlns=\"http:\/\/www.w3.org\/2000\/svg\"  aria-hidden=\"true\"><polygon points=\"1 6 1 22 8 18 16 22 23 18 23 2 16 6 8 2 1 6\"\/><line x1=\"8\" y1=\"2\" x2=\"8\" y2=\"18\"\/><line x1=\"16\" y1=\"6\" x2=\"16\" y2=\"22\"\/><\/svg><\/span><span class=\"kt-title-text\">Trasa<\/span><\/a><\/li><li id=\"tab-zitky\" class=\"kt-title-item kt-title-item-2 kt-tabs-svg-show-always kt-tabs-icon-side-top kt-tab-title-inactive\"><a href=\"#tab-zitky\" data-tab=\"2\" class=\"kt-tab-title kt-tab-title-2 \"><span class=\"kb-svg-icon-wrap kb-svg-icon-fe_alignLeft\"><svg viewBox=\"0 0 24 24\"  fill=\"none\" stroke=\"currentColor\" stroke-width=\"2\" stroke-linecap=\"round\" stroke-linejoin=\"round\" xmlns=\"http:\/\/www.w3.org\/2000\/svg\"  aria-hidden=\"true\"><line x1=\"17\" y1=\"10\" x2=\"3\" y2=\"10\"\/><line x1=\"21\" y1=\"6\" x2=\"3\" y2=\"6\"\/><line x1=\"21\" y1=\"14\" x2=\"3\" y2=\"14\"\/><line x1=\"17\" y1=\"18\" x2=\"3\" y2=\"18\"\/><\/svg><\/span><span class=\"kt-title-text\">Z\u00e1\u017eitky<\/span><\/a><\/li><li id=\"tab-fotky\" class=\"kt-title-item kt-title-item-3 kt-tabs-svg-show-always kt-tabs-icon-side-top kt-tab-title-active\"><a href=\"#tab-fotky\" data-tab=\"3\" class=\"kt-tab-title kt-tab-title-3 \"><span class=\"kb-svg-icon-wrap kb-svg-icon-fe_camera\"><svg viewBox=\"0 0 24 24\"  fill=\"none\" stroke=\"currentColor\" stroke-width=\"2\" stroke-linecap=\"round\" stroke-linejoin=\"round\" xmlns=\"http:\/\/www.w3.org\/2000\/svg\"  aria-hidden=\"true\"><path d=\"M23 19a2 2 0 0 1-2 2H3a2 2 0 0 1-2-2V8a2 2 0 0 1 2-2h4l2-3h6l2 3h4a2 2 0 0 1 2 2z\"\/><circle cx=\"12\" cy=\"13\" r=\"4\"\/><\/svg><\/span><span class=\"kt-title-text\">Fotky<\/span><\/a><\/li><\/ul><div class=\"kt-tabs-content-wrap\">\n<div class=\"wp-block-kadence-tab kt-tab-inner-content kt-inner-tab-1 kt-inner-tab677d02-d8\"><div class=\"kt-tab-inner-content-inner\">\n<p>P\u00e1tek (span\u00ed v&nbsp;soukrom\u00ed) \u2013 Budyn\u011b nad Oh\u0159\u00ed &#8211; Terez\u00edn \u2013 Litom\u011b\u0159ice (Pivovar Litom\u011b\u0159ice) \u2013 Roudnice nad Labem \u2013 \u0158\u00edp (457&nbsp;m n. m.) \u2013 M\u011bln\u00edk \u2013 Ho\u0159\u00edn (span\u00ed v&nbsp;p\u0159\u00edst\u0159e\u0161ku na \u0161koln\u00ed zahrad\u011b)<\/p>\n\n\n\n<ul class=\"wp-block-list\">\n<li>najeto: 86 km <\/li>\n\n\n\n<li>nejni\u017e\u0161\u00ed a nejvy\u0161\u0161\u00ed bod: 143\u2013457&nbsp;m n. m. <\/li>\n\n\n\n<li>stoup\u00e1n\u00ed: 448&nbsp;m<\/li>\n\n\n\n<li>kles\u00e1n\u00ed: 480&nbsp;m<\/li>\n<\/ul>\n\n\n<div class=\"pgc-sgb-cb wp-block-pgcsimplygalleryblock-slider \" data-gallery-id=\"7e049494\"style=&quot;min-height:400px&quot;><div class=\"sgb-preloader\" id=\"pr_7e049494\">\n\t<div class=\"sgb-square\" style=\"background:#d4d4d4\"><\/div>\n\t<div class=\"sgb-square\" style=\"background:#d4d4d4\"><\/div>\n\t<div class=\"sgb-square\" style=\"background:#d4d4d4\"><\/div>\n\t<div class=\"sgb-square\" style=\"background:#d4d4d4\"><\/div><\/div><div class=\"simply-gallery-amp pgc_sgb_slider \"><noscript><div class=\"sgb-gallery\"><div class=\"sgb-item\"><a href=\"https:\/\/www.cykloromantika.cz\/index.php\/2023\/09\/26\/xxvii-rocnik-6-den-zmena-planu-jedeme-na-rip\/mapa-2023-0729-01\/\" target=\"_blank\"><img decoding=\"async\" alt=\"\" width=\"300\" height=\"169\" loading=\"lazy\" src=\"https:\/\/www.cykloromantika.cz\/wp-content\/uploads\/2023\/09\/mapa-2023-0729-01-300x169.jpg\" srcset=\"https:\/\/www.cykloromantika.cz\/wp-content\/uploads\/2023\/09\/mapa-2023-0729-01-300x169.jpg 300w,https:\/\/www.cykloromantika.cz\/wp-content\/uploads\/2023\/09\/mapa-2023-0729-01.jpg 1024w\" sizes=\"auto, 250px\"\/><\/a><\/div><div class=\"sgb-item\"><a href=\"https:\/\/www.cykloromantika.cz\/index.php\/2023\/09\/26\/xxvii-rocnik-6-den-zmena-planu-jedeme-na-rip\/mapa-2023-0729-02\/\" target=\"_blank\"><img decoding=\"async\" alt=\"\" width=\"300\" height=\"169\" loading=\"lazy\" src=\"https:\/\/www.cykloromantika.cz\/wp-content\/uploads\/2023\/09\/mapa-2023-0729-02-300x169.jpg\" srcset=\"https:\/\/www.cykloromantika.cz\/wp-content\/uploads\/2023\/09\/mapa-2023-0729-02-300x169.jpg 300w,https:\/\/www.cykloromantika.cz\/wp-content\/uploads\/2023\/09\/mapa-2023-0729-02.jpg 1024w\" sizes=\"auto, 250px\"\/><\/a><\/div><div class=\"sgb-item\"><a href=\"https:\/\/www.cykloromantika.cz\/index.php\/2023\/09\/26\/xxvii-rocnik-6-den-zmena-planu-jedeme-na-rip\/mapa-2023-0729-03\/\" target=\"_blank\"><img decoding=\"async\" alt=\"\" width=\"300\" height=\"169\" loading=\"lazy\" src=\"https:\/\/www.cykloromantika.cz\/wp-content\/uploads\/2023\/09\/mapa-2023-0729-03-300x169.jpg\" srcset=\"https:\/\/www.cykloromantika.cz\/wp-content\/uploads\/2023\/09\/mapa-2023-0729-03-300x169.jpg 300w,https:\/\/www.cykloromantika.cz\/wp-content\/uploads\/2023\/09\/mapa-2023-0729-03.jpg 1024w\" sizes=\"auto, 250px\"\/><\/a><\/div><div class=\"sgb-item\"><a href=\"https:\/\/www.cykloromantika.cz\/index.php\/2023\/09\/26\/xxvii-rocnik-6-den-zmena-planu-jedeme-na-rip\/mapa-2023-0729-04\/\" target=\"_blank\"><img decoding=\"async\" alt=\"\" width=\"300\" height=\"169\" loading=\"lazy\" src=\"https:\/\/www.cykloromantika.cz\/wp-content\/uploads\/2023\/09\/mapa-2023-0729-04-300x169.jpg\" srcset=\"https:\/\/www.cykloromantika.cz\/wp-content\/uploads\/2023\/09\/mapa-2023-0729-04-300x169.jpg 300w,https:\/\/www.cykloromantika.cz\/wp-content\/uploads\/2023\/09\/mapa-2023-0729-04.jpg 1024w\" sizes=\"auto, 250px\"\/><\/a><\/div><\/div><\/noscript><\/div><script type=\"application\/json\" class=\"sgb-data\">{\"sliderAdminWidth\":0,\"collectionColumns\":2,\"galleryType\":\"pgc_sgb_slider\",\"galleryId\":\"7e049494\",\"images\":[{\"id\":8076,\"title\":\"Mapa 2023 0729 01\",\"url\":\"https:\/\/www.cykloromantika.cz\/wp-content\/uploads\/2023\/09\/mapa-2023-0729-01.jpg\",\"link\":\"https:\/\/www.cykloromantika.cz\/index.php\/2023\/09\/26\/xxvii-rocnik-6-den-zmena-planu-jedeme-na-rip\/mapa-2023-0729-01\/\",\"alt\":\"\",\"description\":\"\",\"caption\":\"\",\"mime\":\"image\/jpeg\",\"type\":\"image\",\"width\":1024,\"height\":576,\"sizes\":{\"thumbnail\":{\"height\":84,\"width\":150,\"url\":\"https:\/\/www.cykloromantika.cz\/wp-content\/uploads\/2023\/09\/mapa-2023-0729-01-150x84.jpg\",\"orientation\":\"landscape\"},\"medium\":{\"height\":169,\"width\":300,\"url\":\"https:\/\/www.cykloromantika.cz\/wp-content\/uploads\/2023\/09\/mapa-2023-0729-01-300x169.jpg\",\"orientation\":\"landscape\"},\"full\":{\"url\":\"https:\/\/www.cykloromantika.cz\/wp-content\/uploads\/2023\/09\/mapa-2023-0729-01.jpg\",\"height\":576,\"width\":1024,\"orientation\":\"landscape\"}},\"imageMeta\":{\"aperture\":\"0\",\"credit\":\"\",\"camera\":\"\",\"caption\":\"\",\"created_timestamp\":\"0\",\"copyright\":\"\",\"focal_length\":\"0\",\"iso\":\"0\",\"shutter_speed\":\"0\",\"title\":\"\",\"orientation\":\"0\",\"keywords\":[]},\"meta\":false,\"postlink\":\"https:\/\/www.cykloromantika.cz\/index.php\/2023\/09\/26\/xxvii-rocnik-6-den-zmena-planu-jedeme-na-rip\/mapa-2023-0729-01\/\"},{\"id\":8077,\"title\":\"Mapa 2023 0729 02\",\"url\":\"https:\/\/www.cykloromantika.cz\/wp-content\/uploads\/2023\/09\/mapa-2023-0729-02.jpg\",\"link\":\"https:\/\/www.cykloromantika.cz\/index.php\/2023\/09\/26\/xxvii-rocnik-6-den-zmena-planu-jedeme-na-rip\/mapa-2023-0729-02\/\",\"alt\":\"\",\"description\":\"\",\"caption\":\"\",\"mime\":\"image\/jpeg\",\"type\":\"image\",\"width\":1024,\"height\":576,\"sizes\":{\"thumbnail\":{\"height\":84,\"width\":150,\"url\":\"https:\/\/www.cykloromantika.cz\/wp-content\/uploads\/2023\/09\/mapa-2023-0729-02-150x84.jpg\",\"orientation\":\"landscape\"},\"medium\":{\"height\":169,\"width\":300,\"url\":\"https:\/\/www.cykloromantika.cz\/wp-content\/uploads\/2023\/09\/mapa-2023-0729-02-300x169.jpg\",\"orientation\":\"landscape\"},\"full\":{\"url\":\"https:\/\/www.cykloromantika.cz\/wp-content\/uploads\/2023\/09\/mapa-2023-0729-02.jpg\",\"height\":576,\"width\":1024,\"orientation\":\"landscape\"}},\"imageMeta\":{\"aperture\":\"0\",\"credit\":\"\",\"camera\":\"\",\"caption\":\"\",\"created_timestamp\":\"0\",\"copyright\":\"\",\"focal_length\":\"0\",\"iso\":\"0\",\"shutter_speed\":\"0\",\"title\":\"\",\"orientation\":\"0\",\"keywords\":[]},\"meta\":false,\"postlink\":\"https:\/\/www.cykloromantika.cz\/index.php\/2023\/09\/26\/xxvii-rocnik-6-den-zmena-planu-jedeme-na-rip\/mapa-2023-0729-02\/\"},{\"id\":8078,\"title\":\"Mapa 2023 0729 03\",\"url\":\"https:\/\/www.cykloromantika.cz\/wp-content\/uploads\/2023\/09\/mapa-2023-0729-03.jpg\",\"link\":\"https:\/\/www.cykloromantika.cz\/index.php\/2023\/09\/26\/xxvii-rocnik-6-den-zmena-planu-jedeme-na-rip\/mapa-2023-0729-03\/\",\"alt\":\"\",\"description\":\"\",\"caption\":\"\",\"mime\":\"image\/jpeg\",\"type\":\"image\",\"width\":1024,\"height\":576,\"sizes\":{\"thumbnail\":{\"height\":84,\"width\":150,\"url\":\"https:\/\/www.cykloromantika.cz\/wp-content\/uploads\/2023\/09\/mapa-2023-0729-03-150x84.jpg\",\"orientation\":\"landscape\"},\"medium\":{\"height\":169,\"width\":300,\"url\":\"https:\/\/www.cykloromantika.cz\/wp-content\/uploads\/2023\/09\/mapa-2023-0729-03-300x169.jpg\",\"orientation\":\"landscape\"},\"full\":{\"url\":\"https:\/\/www.cykloromantika.cz\/wp-content\/uploads\/2023\/09\/mapa-2023-0729-03.jpg\",\"height\":576,\"width\":1024,\"orientation\":\"landscape\"}},\"imageMeta\":{\"aperture\":\"0\",\"credit\":\"\",\"camera\":\"\",\"caption\":\"\",\"created_timestamp\":\"0\",\"copyright\":\"\",\"focal_length\":\"0\",\"iso\":\"0\",\"shutter_speed\":\"0\",\"title\":\"\",\"orientation\":\"0\",\"keywords\":[]},\"meta\":false,\"postlink\":\"https:\/\/www.cykloromantika.cz\/index.php\/2023\/09\/26\/xxvii-rocnik-6-den-zmena-planu-jedeme-na-rip\/mapa-2023-0729-03\/\"},{\"id\":8079,\"title\":\"Mapa 2023 0729 04\",\"url\":\"https:\/\/www.cykloromantika.cz\/wp-content\/uploads\/2023\/09\/mapa-2023-0729-04.jpg\",\"link\":\"https:\/\/www.cykloromantika.cz\/index.php\/2023\/09\/26\/xxvii-rocnik-6-den-zmena-planu-jedeme-na-rip\/mapa-2023-0729-04\/\",\"alt\":\"\",\"description\":\"\",\"caption\":\"\",\"mime\":\"image\/jpeg\",\"type\":\"image\",\"width\":1024,\"height\":576,\"sizes\":{\"thumbnail\":{\"height\":84,\"width\":150,\"url\":\"https:\/\/www.cykloromantika.cz\/wp-content\/uploads\/2023\/09\/mapa-2023-0729-04-150x84.jpg\",\"orientation\":\"landscape\"},\"medium\":{\"height\":169,\"width\":300,\"url\":\"https:\/\/www.cykloromantika.cz\/wp-content\/uploads\/2023\/09\/mapa-2023-0729-04-300x169.jpg\",\"orientation\":\"landscape\"},\"full\":{\"url\":\"https:\/\/www.cykloromantika.cz\/wp-content\/uploads\/2023\/09\/mapa-2023-0729-04.jpg\",\"height\":576,\"width\":1024,\"orientation\":\"landscape\"}},\"imageMeta\":{\"aperture\":\"0\",\"credit\":\"\",\"camera\":\"\",\"caption\":\"\",\"created_timestamp\":\"0\",\"copyright\":\"\",\"focal_length\":\"0\",\"iso\":\"0\",\"shutter_speed\":\"0\",\"title\":\"\",\"orientation\":\"0\",\"keywords\":[]},\"meta\":false,\"postlink\":\"https:\/\/www.cykloromantika.cz\/index.php\/2023\/09\/26\/xxvii-rocnik-6-den-zmena-planu-jedeme-na-rip\/mapa-2023-0729-04\/\"}],\"orderBy\":\"title\",\"itemsMetaDataCollection\":[]}<\/script><script>(function(){if(window.PGC_SGB && window.PGC_SGB.searcher){window.PGC_SGB.searcher.initBlocks()}})()<\/script><\/div>\n\n\n<h3 class=\"wp-block-heading\">7.&nbsp;den: P\u0159es Prahu dom\u016f<\/h3>\n\n\n\n<p> Ho\u0159\u00edn (span\u00ed v&nbsp;p\u0159\u00edst\u0159e\u0161ku na \u0161koln\u00ed zahrad\u011b) \u2013 M\u011bln\u00edk n\u00e1dra\u017e\u00ed &#8230; Praha, Masarykovo n\u00e1dra\u017e\u00ed \u2013 Praha, hlavn\u00ed n\u00e1dra\u017e\u00ed<\/p>\n\n\n\n<ul class=\"wp-block-list\">\n<li>najeto: 5 km<\/li>\n\n\n\n<li>stoup\u00e1n\u00ed: 63&nbsp;m<\/li>\n\n\n\n<li>kles\u00e1n\u00ed: 34&nbsp;m<\/li>\n<\/ul>\n<\/div><\/div>\n\n\n\n<div class=\"wp-block-kadence-tab kt-tab-inner-content kt-inner-tab-2 kt-inner-tab898590-8f\"><div class=\"kt-tab-inner-content-inner\">\n<p>Vyjedeme na \u0158\u00edp! U\u017e nev\u00edme, koho to napadlo, ale n\u00e1pad to byl. Ale popo\u0159\u00e1dku! R\u00e1no m\u00e1me na stole sn\u00eddani. Tom\u00edk se st\u00e1le nezbavil neblah\u00e9ho pocitu o odplat\u011b za nocleh a sn\u00eddani. Tak navrhne alespo\u0148 malou rekonstrukci nosn\u00e9 zdi. Pro jistotu, \u017ee o nic nejde, si je\u0161t\u011b zapomene vz\u00edt na cestu svou bundu. Snad aby se mohl vr\u00e1tit? Ne, sle\u010dna svou ochotu znovu potvrzuje a bundu m\u00e1 Tom\u00edk zase u sebe. D\u011bkujeme tedy t\u00edmto za nocleh, sn\u00eddani a&#8230; zase n\u011bkdy v&nbsp;P\u00e1tek!<\/p>\n\n\n\n<p>Ne\u017e dojde na \u0158\u00edp, nejprve mus\u00edme a i chceme dojet na soutok Oh\u0159e s&nbsp;Labem. Vyj\u00ed\u017ed\u00edme pro po\u0159\u00e1dek z&nbsp;P\u00e1tku v&nbsp;sobotu. Projedeme i Stradonicemi, ze kter\u00fdch jsme se vraceli. Cesta se klikat\u00ed kousek od Oh\u0159e a pom\u011brn\u011b rychle ub\u00edh\u00e1, proto\u017ee jedeme po rovin\u011b. Prvn\u00ed zast\u00e1vkou je tak Budyn\u011b nad Oh\u0159\u00ed, kde si d\u00e1me U Jandy Archiv\u00e1\u0159e zavla\u017eovac\u00ed dou\u0161ek.<\/p>\n\n\n\n<p>Na obloze se \u017eenou mraky. P\u0159ed n\u00e1mi Terez\u00edn a zvedaj\u00edc\u00ed se v\u00edtr n\u00e1m jej d\u00e1v\u00e1 poc\u00edtit. Prost\u011b jedeme terez\u00edn! V&nbsp;pravou chv\u00edli vj\u00ed\u017ed\u00edme do terez\u00ednsk\u00fdch katakomb, zrovna kdy\u017e se rozpr\u0161\u00ed. Aspo\u0148 m\u00e1me chv\u00edli si prohl\u00e9dnout ponur\u00e9 m\u00edsto, kde se vojensk\u00e1 historie st\u0159et\u00e1v\u00e1 s&nbsp;nelidsk\u00fdmi podm\u00ednkami \u017eidovsk\u00e9ho ghetta. Po umoud\u0159en\u00ed se po\u010das\u00ed se p\u0159esuneme na terez\u00ednsk\u00e9 n\u00e1m\u011bst\u00ed. To \u00fatuln\u011b nep\u016fsob\u00ed. Zaujmou n\u00e1s ale ob\u0159\u00ed dve\u0159e Kostela Vzk\u0159\u00ed\u0161en\u00ed P\u00e1n\u011b, zdevastovan\u00e1 b\u00fdval\u00e1 Dr\u00e1\u017e\u010fansk\u00e1 kas\u00e1rna nebo jedna z&nbsp;bran terez\u00ednsk\u00e9 pevnosti. Tou litom\u011b\u0159ickou nakonec vyjedeme ven.<\/p>\n\n\n\n<p>Litom\u011b\u0159ice jsou mnohem kr\u00e1sn\u011bj\u0161\u00edm m\u00edstem. P\u0159ej\u00ed\u017ed\u00edme n\u00e1\u0161 c\u00edl \u2013 Labe s&nbsp;bl\u00edzk\u00fdm soutokem s&nbsp;Oh\u0159\u00ed. N\u00e1m\u011bst\u00ed v&nbsp;Litom\u011b\u0159ic\u00edch jako v\u011bt\u0161ina z&nbsp;t\u011bch n\u00e1m\u011bst\u00ed, kter\u00e9 jsme na trase kolem Oh\u0159e nav\u0161t\u00edvili, byla se spoustou star\u00fdch dom\u016f p\u0159ipom\u00ednaj\u00edc\u00ed b\u00fdvalou sl\u00e1vu \u010desk\u00e9ho kr\u00e1lovstv\u00ed. Kole\u010dko po Litom\u011b\u0159ic\u00edch dokon\u010d\u00edme v&nbsp;Pivovarsk\u00e9m s\u00e1le. Krom\u011b \u017eivin tekut\u00fdch si d\u00e1me i ty straviteln\u00e9.<\/p>\n\n\n\n<p>Pak u\u017e jen dol\u016f k&nbsp;Labi a kolem n\u00ed po hlavn\u00ed cyklotrase proti proudu s&nbsp;\u0158\u00edpem p\u0159ed sebou. Pomalu se n\u00e1m p\u0159ibli\u017euje. Nejprve ale mus\u00edme na druh\u00fd b\u0159eh \u2013 v&nbsp;Roudnici nad Labem. Pod mostem p\u0159es Labi chv\u00edli sledujeme kajak\u00e1\u0159sk\u00e9 z\u00e1vody a zastav\u00edme se i pod z\u00e1mkem na n\u00e1m\u011bst\u00ed. Probereme strategii v\u00fdjezdu na \u0158\u00edp. Ne\u010dek\u00e1 n\u00e1s nic lehk\u00e9ho.<\/p>\n\n\n\n<p>U\u017e v&nbsp;Roudnici se cesta n\u011bkolikr\u00e1t l\u00e1me nahoru, aby se zase kr\u00e1sn\u011b narovnala. Zat\u00edm! Je\u0161t\u011b neza\u010dalo hlavn\u00ed stoup\u00e1n\u00ed a v&nbsp;Rovn\u00e9m (si d\u011blaj\u00ed srandu) naraz\u00edme do 18% stoup\u00e1n\u00ed po \u0161otolin\u011b. Zase chv\u00edli rovina a zase stoup\u00e1n\u00ed. Zprvu m\u00edrn\u00e9 alej\u00ed, ale od za\u010d\u00e1tku lesa po\u0159\u00e1dn\u00fd krp\u00e1l. Nalo\u017een\u00e9 bicykly maj\u00ed probl\u00e9m udr\u017eet p\u0159edn\u00ed kola na zemi a co teprve jezdci! Prost\u011b postupn\u011b vzd\u00e1v\u00e1me sv\u00e9 \u00fasil\u00ed \u2013 probl\u00e9m je i zase nastoupit na kolo, nato\u017e se rozjet. Ale snaha se cen\u00ed a my si m\u016f\u017eeme ud\u011blat vrcholov\u00e9 foto. Samoz\u0159ejm\u011b pro rodinu pouh\u00e9!<\/p>\n\n\n\n<p>Zbytek trasy do M\u011bln\u00edka je z&nbsp;kopce. P\u0159ed vjezdem do civilizace se rozhodneme zcivilizovat tak\u00e9 my! Okoupeme se rychle v&nbsp;p\u00edskovn\u011b, proto\u017ee bou\u0159kov\u00e9 mraky jdou na\u0161\u00edm sm\u011brem. V\u0161e prob\u00edh\u00e1 podle pl\u00e1nu a\u017e na Ramon\u016fv pomal\u00fd defekt. Na\u0161t\u011bst\u00ed se d\u00e1 \u0159e\u0161it n\u011bkoliker\u00fdm dofouknut\u00edm kola. Zat\u00edmco skupina A na\u0161la hospodu s&nbsp;kuchyn\u00ed, skupina B spolu s&nbsp;Ramonem doj\u00ed\u017ed\u00ed s&nbsp;prvn\u00edm vylit\u00edm k\u00fdble vody z&nbsp;mrak\u016f. Nic n\u00e1s u\u017e nehon\u00ed d\u00e1l, Ramon oprav\u00ed defekt, pove\u010de\u0159\u00edme a najdeme nocleh v&nbsp;zahrad\u011b \u0161koly. Na\u0161t\u011bst\u00ed byla otev\u0159en\u00e1.<\/p>\n\n\n\n<p>R\u00e1no za de\u0161\u0165ov\u00e9ho okna p\u0159ejedeme zp\u00e1tky do centra M\u011bln\u00edka. Nasn\u00edd\u00e1me se a pak u\u017e jen na n\u00e1dra\u017e\u00ed. Moknout se n\u00e1m na cest\u011b do Prahy nechce. V&nbsp;Praze pouze kr\u00e1tk\u00e1 vyhl\u00eddkov\u00e1 j\u00edzda z&nbsp;Masarykova n\u00e1dra\u017e\u00ed na to hlavn\u00ed, ob\u011bd a dom\u016f do Ostravy. Se zast\u00e1vkou v&nbsp;Docku samoz\u0159ejm\u011b!<\/p>\n<\/div><\/div>\n\n\n\n<div class=\"wp-block-kadence-tab kt-tab-inner-content kt-inner-tab-3 kt-inner-tab0ac615-27\"><div class=\"kt-tab-inner-content-inner\"><div class=\"pgc-sgb-cb wp-block-pgcsimplygalleryblock-justified \" data-gallery-id=\"79737397\"><div class=\"sgb-preloader\" id=\"pr_79737397\">\n\t<div class=\"sgb-square\" style=\"background:#d4d4d4\"><\/div>\n\t<div class=\"sgb-square\" style=\"background:#d4d4d4\"><\/div>\n\t<div class=\"sgb-square\" style=\"background:#d4d4d4\"><\/div>\n\t<div class=\"sgb-square\" style=\"background:#d4d4d4\"><\/div><\/div><div class=\"simply-gallery-amp pgc_sgb_slider \"><noscript><div class=\"sgb-gallery\"><div class=\"sgb-item\"><a href=\"https:\/\/www.cykloromantika.cz\/foto-2023-0729-01\/\" target=\"_blank\"><img decoding=\"async\" alt=\"\" width=\"300\" height=\"225\" loading=\"lazy\" src=\"https:\/\/www.cykloromantika.cz\/wp-content\/uploads\/2023\/11\/foto-2023-0729-01-300x225.jpg\" srcset=\"https:\/\/www.cykloromantika.cz\/wp-content\/uploads\/2023\/11\/foto-2023-0729-01-300x225.jpg 300w,https:\/\/www.cykloromantika.cz\/wp-content\/uploads\/2023\/11\/foto-2023-0729-01.jpg 1024w\" sizes=\"auto, 250px\"\/><\/a><div class=\"sgb-item-caption\"><em>Dal\u0161\u00ed verze span\u00ed pod \u0161i\u0159\u00e1kem<\/em><\/div><\/div><div class=\"sgb-item\"><a href=\"https:\/\/www.cykloromantika.cz\/foto-2023-0729-02\/\" target=\"_blank\"><img decoding=\"async\" alt=\"\" width=\"300\" height=\"200\" loading=\"lazy\" src=\"https:\/\/www.cykloromantika.cz\/wp-content\/uploads\/2023\/11\/foto-2023-0729-02-300x200.jpg\" srcset=\"https:\/\/www.cykloromantika.cz\/wp-content\/uploads\/2023\/11\/foto-2023-0729-02-300x200.jpg 300w,https:\/\/www.cykloromantika.cz\/wp-content\/uploads\/2023\/11\/foto-2023-0729-02.jpg 1024w\" sizes=\"auto, 250px\"\/><\/a><div class=\"sgb-item-caption\"><em>Vesel\u00e1 rekonstrukce domu na\u0161\u00ed bytn\u00e9<\/em><\/div><\/div><div class=\"sgb-item\"><a href=\"https:\/\/www.cykloromantika.cz\/foto-2023-0729-03\/\" target=\"_blank\"><img decoding=\"async\" alt=\"\" width=\"300\" height=\"200\" loading=\"lazy\" src=\"https:\/\/www.cykloromantika.cz\/wp-content\/uploads\/2023\/11\/foto-2023-0729-03-300x200.jpg\" srcset=\"https:\/\/www.cykloromantika.cz\/wp-content\/uploads\/2023\/11\/foto-2023-0729-03-300x200.jpg 300w,https:\/\/www.cykloromantika.cz\/wp-content\/uploads\/2023\/11\/foto-2023-0729-03.jpg 1024w\" sizes=\"auto, 250px\"\/><\/a><div class=\"sgb-item-caption\"><em>Spole\u010dn\u00e9 foto na rozlou\u010den\u00ed jako pod\u011bkov\u00e1n\u00ed<\/em><\/div><\/div><div class=\"sgb-item\"><a href=\"https:\/\/www.cykloromantika.cz\/foto-2023-0729-04\/\" target=\"_blank\"><img decoding=\"async\" alt=\"\" width=\"300\" height=\"169\" loading=\"lazy\" src=\"https:\/\/www.cykloromantika.cz\/wp-content\/uploads\/2023\/11\/foto-2023-0729-04-300x169.jpg\" srcset=\"https:\/\/www.cykloromantika.cz\/wp-content\/uploads\/2023\/11\/foto-2023-0729-04-300x169.jpg 300w,https:\/\/www.cykloromantika.cz\/wp-content\/uploads\/2023\/11\/foto-2023-0729-04.jpg 1024w\" sizes=\"auto, 250px\"\/><\/a><div class=\"sgb-item-caption\"><em>Z\u0159\u00edcenina hradu Hazmburk s B\u00edlou v\u011b\u017e\u00ed<\/em><\/div><\/div><div class=\"sgb-item\"><a href=\"https:\/\/www.cykloromantika.cz\/foto-2023-0729-06\/\" target=\"_blank\"><img decoding=\"async\" alt=\"\" width=\"300\" height=\"200\" loading=\"lazy\" src=\"https:\/\/www.cykloromantika.cz\/wp-content\/uploads\/2023\/11\/foto-2023-0729-06-300x200.jpg\" srcset=\"https:\/\/www.cykloromantika.cz\/wp-content\/uploads\/2023\/11\/foto-2023-0729-06-300x200.jpg 300w,https:\/\/www.cykloromantika.cz\/wp-content\/uploads\/2023\/11\/foto-2023-0729-06.jpg 1024w\" sizes=\"auto, 250px\"\/><\/a><div class=\"sgb-item-caption\"><em>Vodn\u00ed hrad Budyn\u011b nad Oh\u0159\u00ed<\/em><\/div><\/div><div class=\"sgb-item\"><a href=\"https:\/\/www.cykloromantika.cz\/foto-2023-0729-07\/\" target=\"_blank\"><img decoding=\"async\" alt=\"\" width=\"300\" height=\"200\" loading=\"lazy\" src=\"https:\/\/www.cykloromantika.cz\/wp-content\/uploads\/2023\/11\/foto-2023-0729-07-300x200.jpg\" srcset=\"https:\/\/www.cykloromantika.cz\/wp-content\/uploads\/2023\/11\/foto-2023-0729-07-300x200.jpg 300w,https:\/\/www.cykloromantika.cz\/wp-content\/uploads\/2023\/11\/foto-2023-0729-07.jpg 1024w\" sizes=\"auto, 250px\"\/><\/a><div class=\"sgb-item-caption\"><em>U Jandy Archiv\u00e1\u0159e<\/em><\/div><\/div><div class=\"sgb-item\"><a href=\"https:\/\/www.cykloromantika.cz\/foto-2023-0729-08\/\" target=\"_blank\"><img decoding=\"async\" alt=\"\" width=\"300\" height=\"200\" loading=\"lazy\" src=\"https:\/\/www.cykloromantika.cz\/wp-content\/uploads\/2023\/11\/foto-2023-0729-08-300x200.jpg\" srcset=\"https:\/\/www.cykloromantika.cz\/wp-content\/uploads\/2023\/11\/foto-2023-0729-08-300x200.jpg 300w,https:\/\/www.cykloromantika.cz\/wp-content\/uploads\/2023\/11\/foto-2023-0729-08.jpg 1024w\" sizes=\"auto, 250px\"\/><\/a><div class=\"sgb-item-caption\"><em>Kl\u00e1\u0161ter sester premonstr\u00e1tek a Kostel Narozen\u00ed Panny Marie v Doksanech<\/em><\/div><\/div><div class=\"sgb-item\"><a href=\"https:\/\/www.cykloromantika.cz\/foto-2023-0729-09\/\" target=\"_blank\"><img decoding=\"async\" alt=\"\" width=\"300\" height=\"169\" loading=\"lazy\" src=\"https:\/\/www.cykloromantika.cz\/wp-content\/uploads\/2023\/11\/foto-2023-0729-09-300x169.jpg\" srcset=\"https:\/\/www.cykloromantika.cz\/wp-content\/uploads\/2023\/11\/foto-2023-0729-09-300x169.jpg 300w,https:\/\/www.cykloromantika.cz\/wp-content\/uploads\/2023\/11\/foto-2023-0729-09.jpg 1024w\" sizes=\"auto, 250px\"\/><\/a><div class=\"sgb-item-caption\"><em>Kl\u00e1\u0161ter sester premonstr\u00e1tek a Kostel Narozen\u00ed Panny Marie v Doksanech<\/em><\/div><\/div><div class=\"sgb-item\"><a href=\"https:\/\/www.cykloromantika.cz\/foto-2023-0729-14\/\" target=\"_blank\"><img decoding=\"async\" alt=\"\" width=\"225\" height=\"300\" loading=\"lazy\" src=\"https:\/\/www.cykloromantika.cz\/wp-content\/uploads\/2023\/11\/foto-2023-0729-14-225x300.jpg\" srcset=\"https:\/\/www.cykloromantika.cz\/wp-content\/uploads\/2023\/11\/foto-2023-0729-14-225x300.jpg 225w,https:\/\/www.cykloromantika.cz\/wp-content\/uploads\/2023\/11\/foto-2023-0729-14.jpg 768w\" sizes=\"auto, 250px\"\/><\/a><div class=\"sgb-item-caption\"><em>Katakomby v Terez\u00edn\u011b<\/em><\/div><\/div><div class=\"sgb-item\"><a href=\"https:\/\/www.cykloromantika.cz\/foto-2023-0729-20\/\" target=\"_blank\"><img decoding=\"async\" alt=\"\" width=\"300\" height=\"169\" loading=\"lazy\" src=\"https:\/\/www.cykloromantika.cz\/wp-content\/uploads\/2023\/11\/foto-2023-0729-20-300x169.jpg\" srcset=\"https:\/\/www.cykloromantika.cz\/wp-content\/uploads\/2023\/11\/foto-2023-0729-20-300x169.jpg 300w,https:\/\/www.cykloromantika.cz\/wp-content\/uploads\/2023\/11\/foto-2023-0729-20.jpg 1024w\" sizes=\"auto, 250px\"\/><\/a><div class=\"sgb-item-caption\"><em>Ob\u0159adn\u00ed m\u00edstnosti a \u00fast\u0159edn\u00ed m\u00e1rnice v Terez\u00edn\u011b<\/em><\/div><\/div><div class=\"sgb-item\"><a href=\"https:\/\/www.cykloromantika.cz\/foto-2023-0729-21\/\" target=\"_blank\"><img decoding=\"async\" alt=\"\" width=\"225\" height=\"300\" loading=\"lazy\" src=\"https:\/\/www.cykloromantika.cz\/wp-content\/uploads\/2023\/11\/foto-2023-0729-21-225x300.jpg\" srcset=\"https:\/\/www.cykloromantika.cz\/wp-content\/uploads\/2023\/11\/foto-2023-0729-21-225x300.jpg 225w,https:\/\/www.cykloromantika.cz\/wp-content\/uploads\/2023\/11\/foto-2023-0729-21.jpg 768w\" sizes=\"auto, 250px\"\/><\/a><div class=\"sgb-item-caption\"><em>Ob\u0159adn\u00ed m\u00edstnosti a \u00fast\u0159edn\u00ed m\u00e1rnice v Terez\u00edn\u011b<\/em><\/div><\/div><div class=\"sgb-item\"><a href=\"https:\/\/www.cykloromantika.cz\/foto-2023-0729-22\/\" target=\"_blank\"><img decoding=\"async\" alt=\"\" width=\"225\" height=\"300\" loading=\"lazy\" src=\"https:\/\/www.cykloromantika.cz\/wp-content\/uploads\/2023\/11\/foto-2023-0729-22-225x300.jpg\" srcset=\"https:\/\/www.cykloromantika.cz\/wp-content\/uploads\/2023\/11\/foto-2023-0729-22-225x300.jpg 225w,https:\/\/www.cykloromantika.cz\/wp-content\/uploads\/2023\/11\/foto-2023-0729-22.jpg 768w\" sizes=\"auto, 250px\"\/><\/a><div class=\"sgb-item-caption\"><em>Ob\u0159adn\u00ed m\u00edstnosti a \u00fast\u0159edn\u00ed m\u00e1rnice v Terez\u00edn\u011b<\/em><\/div><\/div><div class=\"sgb-item\"><a href=\"https:\/\/www.cykloromantika.cz\/foto-2023-0729-24\/\" target=\"_blank\"><img decoding=\"async\" alt=\"\" width=\"300\" height=\"200\" loading=\"lazy\" src=\"https:\/\/www.cykloromantika.cz\/wp-content\/uploads\/2023\/11\/foto-2023-0729-24-300x200.jpg\" srcset=\"https:\/\/www.cykloromantika.cz\/wp-content\/uploads\/2023\/11\/foto-2023-0729-24-300x200.jpg 300w,https:\/\/www.cykloromantika.cz\/wp-content\/uploads\/2023\/11\/foto-2023-0729-24.jpg 1024w\" sizes=\"auto, 250px\"\/><\/a><div class=\"sgb-item-caption\"><em>Hradby pevnosti Terez\u00edn<\/em><\/div><\/div><div class=\"sgb-item\"><a href=\"https:\/\/www.cykloromantika.cz\/foto-2023-0729-25\/\" target=\"_blank\"><img decoding=\"async\" alt=\"\" width=\"300\" height=\"200\" loading=\"lazy\" src=\"https:\/\/www.cykloromantika.cz\/wp-content\/uploads\/2023\/11\/foto-2023-0729-25-300x200.jpg\" srcset=\"https:\/\/www.cykloromantika.cz\/wp-content\/uploads\/2023\/11\/foto-2023-0729-25-300x200.jpg 300w,https:\/\/www.cykloromantika.cz\/wp-content\/uploads\/2023\/11\/foto-2023-0729-25.jpg 1024w\" sizes=\"auto, 250px\"\/><\/a><div class=\"sgb-item-caption\"><em>Kolumb\u00e1rium v Terez\u00edn\u011b<\/em><\/div><\/div><div class=\"sgb-item\"><a href=\"https:\/\/www.cykloromantika.cz\/foto-2023-0729-26\/\" target=\"_blank\"><img decoding=\"async\" alt=\"\" width=\"300\" height=\"200\" loading=\"lazy\" src=\"https:\/\/www.cykloromantika.cz\/wp-content\/uploads\/2023\/11\/foto-2023-0729-26-300x200.jpg\" srcset=\"https:\/\/www.cykloromantika.cz\/wp-content\/uploads\/2023\/11\/foto-2023-0729-26-300x200.jpg 300w,https:\/\/www.cykloromantika.cz\/wp-content\/uploads\/2023\/11\/foto-2023-0729-26.jpg 1024w\" sizes=\"auto, 250px\"\/><\/a><div class=\"sgb-item-caption\"><em>Hradby pevnosti Terez\u00edn<\/em><\/div><\/div><div class=\"sgb-item\"><a href=\"https:\/\/www.cykloromantika.cz\/foto-2023-0729-27\/\" target=\"_blank\"><img decoding=\"async\" alt=\"\" width=\"300\" height=\"169\" loading=\"lazy\" src=\"https:\/\/www.cykloromantika.cz\/wp-content\/uploads\/2023\/11\/foto-2023-0729-27-300x169.jpg\" srcset=\"https:\/\/www.cykloromantika.cz\/wp-content\/uploads\/2023\/11\/foto-2023-0729-27-300x169.jpg 300w,https:\/\/www.cykloromantika.cz\/wp-content\/uploads\/2023\/11\/foto-2023-0729-27.jpg 1024w\" sizes=\"auto, 250px\"\/><\/a><div class=\"sgb-item-caption\"><em>N\u00e1m. \u010cSA s kostelem Vzk\u0159\u00ed\u0161en\u00ed P\u00e1n\u011b v Terez\u00edn\u011b<\/em><\/div><\/div><div class=\"sgb-item\"><a href=\"https:\/\/www.cykloromantika.cz\/foto-2023-0729-30\/\" target=\"_blank\"><img decoding=\"async\" alt=\"\" width=\"300\" height=\"200\" loading=\"lazy\" src=\"https:\/\/www.cykloromantika.cz\/wp-content\/uploads\/2023\/11\/foto-2023-0729-30-300x200.jpg\" srcset=\"https:\/\/www.cykloromantika.cz\/wp-content\/uploads\/2023\/11\/foto-2023-0729-30-300x200.jpg 300w,https:\/\/www.cykloromantika.cz\/wp-content\/uploads\/2023\/11\/foto-2023-0729-30.jpg 1024w\" sizes=\"auto, 250px\"\/><\/a><div class=\"sgb-item-caption\"><em>Kostel Vzk\u0159\u00ed\u0161en\u00ed P\u00e1n\u011b v Terez\u00edn\u011b<\/em><\/div><\/div><div class=\"sgb-item\"><a href=\"https:\/\/www.cykloromantika.cz\/foto-2023-0729-31\/\" target=\"_blank\"><img decoding=\"async\" alt=\"\" width=\"225\" height=\"300\" loading=\"lazy\" src=\"https:\/\/www.cykloromantika.cz\/wp-content\/uploads\/2023\/11\/foto-2023-0729-31-225x300.jpg\" srcset=\"https:\/\/www.cykloromantika.cz\/wp-content\/uploads\/2023\/11\/foto-2023-0729-31-225x300.jpg 225w,https:\/\/www.cykloromantika.cz\/wp-content\/uploads\/2023\/11\/foto-2023-0729-31.jpg 768w\" sizes=\"auto, 250px\"\/><\/a><div class=\"sgb-item-caption\"><em>Trpasl\u00edci u vchodu do kostela Vzk\u0159\u00ed\u0161en\u00ed P\u00e1n\u011b v Terez\u00edn\u011b<\/em><\/div><\/div><div class=\"sgb-item\"><a href=\"https:\/\/www.cykloromantika.cz\/foto-2023-0729-32\/\" target=\"_blank\"><img decoding=\"async\" alt=\"\" width=\"300\" height=\"169\" loading=\"lazy\" src=\"https:\/\/www.cykloromantika.cz\/wp-content\/uploads\/2023\/11\/foto-2023-0729-32-300x169.jpg\" srcset=\"https:\/\/www.cykloromantika.cz\/wp-content\/uploads\/2023\/11\/foto-2023-0729-32-300x169.jpg 300w,https:\/\/www.cykloromantika.cz\/wp-content\/uploads\/2023\/11\/foto-2023-0729-32.jpg 1024w\" sizes=\"auto, 250px\"\/><\/a><div class=\"sgb-item-caption\"><em>B\u00fdval\u00e1 Dr\u00e1\u017e\u010fansk\u00e1 kas\u00e1rna<\/em><\/div><\/div><div class=\"sgb-item\"><a href=\"https:\/\/www.cykloromantika.cz\/foto-2023-0729-33\/\" target=\"_blank\"><img decoding=\"async\" alt=\"\" width=\"300\" height=\"200\" loading=\"lazy\" src=\"https:\/\/www.cykloromantika.cz\/wp-content\/uploads\/2023\/11\/foto-2023-0729-33-300x200.jpg\" srcset=\"https:\/\/www.cykloromantika.cz\/wp-content\/uploads\/2023\/11\/foto-2023-0729-33-300x200.jpg 300w,https:\/\/www.cykloromantika.cz\/wp-content\/uploads\/2023\/11\/foto-2023-0729-33.jpg 1024w\" sizes=\"auto, 250px\"\/><\/a><div class=\"sgb-item-caption\"><em>Litom\u011b\u0159ick\u00e1 br\u00e1na v terez\u00ednsk\u00e9 pevnosti<\/em><\/div><\/div><div class=\"sgb-item\"><a href=\"https:\/\/www.cykloromantika.cz\/foto-2023-0729-36\/\" target=\"_blank\"><img decoding=\"async\" alt=\"\" width=\"300\" height=\"169\" loading=\"lazy\" src=\"https:\/\/www.cykloromantika.cz\/wp-content\/uploads\/2023\/11\/foto-2023-0729-36-300x169.jpg\" srcset=\"https:\/\/www.cykloromantika.cz\/wp-content\/uploads\/2023\/11\/foto-2023-0729-36-300x169.jpg 300w,https:\/\/www.cykloromantika.cz\/wp-content\/uploads\/2023\/11\/foto-2023-0729-36.jpg 1024w\" sizes=\"auto, 250px\"\/><\/a><div class=\"sgb-item-caption\"><em>Litom\u011b\u0159ice \u2013 \u00fazk\u00fd p\u0159ejezd mostu p\u0159es Labi<\/em><\/div><\/div><div class=\"sgb-item\"><a href=\"https:\/\/www.cykloromantika.cz\/foto-2023-0729-37\/\" target=\"_blank\"><img decoding=\"async\" alt=\"\" width=\"300\" height=\"169\" loading=\"lazy\" src=\"https:\/\/www.cykloromantika.cz\/wp-content\/uploads\/2023\/11\/foto-2023-0729-37-300x169.jpg\" srcset=\"https:\/\/www.cykloromantika.cz\/wp-content\/uploads\/2023\/11\/foto-2023-0729-37-300x169.jpg 300w,https:\/\/www.cykloromantika.cz\/wp-content\/uploads\/2023\/11\/foto-2023-0729-37.jpg 1024w\" sizes=\"auto, 250px\"\/><\/a><div class=\"sgb-item-caption\"><em>D\u016fm U \u010cern\u00e9ho orla v Litom\u011b\u0159ic\u00edch<\/em><\/div><\/div><div class=\"sgb-item\"><a href=\"https:\/\/www.cykloromantika.cz\/foto-2023-0729-39\/\" target=\"_blank\"><img decoding=\"async\" alt=\"\" width=\"300\" height=\"225\" loading=\"lazy\" src=\"https:\/\/www.cykloromantika.cz\/wp-content\/uploads\/2023\/11\/foto-2023-0729-39-300x225.jpg\" srcset=\"https:\/\/www.cykloromantika.cz\/wp-content\/uploads\/2023\/11\/foto-2023-0729-39-300x225.jpg 300w,https:\/\/www.cykloromantika.cz\/wp-content\/uploads\/2023\/11\/foto-2023-0729-39.jpg 1024w\" sizes=\"auto, 250px\"\/><\/a><div class=\"sgb-item-caption\"><em>Kostel V\u0161ech svat\u00fdch a Star\u00e1 radnice v Litom\u011b\u0159ic\u00edch<\/em><\/div><\/div><div class=\"sgb-item\"><a href=\"https:\/\/www.cykloromantika.cz\/foto-2023-0729-40\/\" target=\"_blank\"><img decoding=\"async\" alt=\"\" width=\"225\" height=\"300\" loading=\"lazy\" src=\"https:\/\/www.cykloromantika.cz\/wp-content\/uploads\/2023\/11\/foto-2023-0729-40-225x300.jpg\" srcset=\"https:\/\/www.cykloromantika.cz\/wp-content\/uploads\/2023\/11\/foto-2023-0729-40-225x300.jpg 225w,https:\/\/www.cykloromantika.cz\/wp-content\/uploads\/2023\/11\/foto-2023-0729-40.jpg 768w\" sizes=\"auto, 250px\"\/><\/a><div class=\"sgb-item-caption\"><em>L\u00e9k\u00e1rna U Matky Bo\u017e\u00ed v Litom\u011b\u0159ic\u00edch<\/em><\/div><\/div><div class=\"sgb-item\"><a href=\"https:\/\/www.cykloromantika.cz\/foto-2023-0729-41\/\" target=\"_blank\"><img decoding=\"async\" alt=\"\" width=\"300\" height=\"225\" loading=\"lazy\" src=\"https:\/\/www.cykloromantika.cz\/wp-content\/uploads\/2023\/11\/foto-2023-0729-41-300x225.jpg\" srcset=\"https:\/\/www.cykloromantika.cz\/wp-content\/uploads\/2023\/11\/foto-2023-0729-41-300x225.jpg 300w,https:\/\/www.cykloromantika.cz\/wp-content\/uploads\/2023\/11\/foto-2023-0729-41.jpg 1024w\" sizes=\"auto, 250px\"\/><\/a><div class=\"sgb-item-caption\"><em>Pivovarsk\u00fd s\u00e1l\/d\u00edlna v Litom\u011b\u0159ic\u00edch \u2013 span\u00ed povoleno?<\/em><\/div><\/div><div class=\"sgb-item\"><a href=\"https:\/\/www.cykloromantika.cz\/foto-2023-0729-42\/\" target=\"_blank\"><img decoding=\"async\" alt=\"\" width=\"300\" height=\"225\" loading=\"lazy\" src=\"https:\/\/www.cykloromantika.cz\/wp-content\/uploads\/2023\/11\/foto-2023-0729-42-300x225.jpg\" srcset=\"https:\/\/www.cykloromantika.cz\/wp-content\/uploads\/2023\/11\/foto-2023-0729-42-300x225.jpg 300w,https:\/\/www.cykloromantika.cz\/wp-content\/uploads\/2023\/11\/foto-2023-0729-42.jpg 1024w\" sizes=\"auto, 250px\"\/><\/a><div class=\"sgb-item-caption\"><em>P\u0159ed Pivovarsk\u00fdm s\u00e1lem \u2013 vzh\u016fru na cestu<\/em><\/div><\/div><div class=\"sgb-item\"><a href=\"https:\/\/www.cykloromantika.cz\/foto-2023-0729-43\/\" target=\"_blank\"><img decoding=\"async\" alt=\"\" width=\"300\" height=\"200\" loading=\"lazy\" src=\"https:\/\/www.cykloromantika.cz\/wp-content\/uploads\/2023\/11\/foto-2023-0729-43-300x200.jpg\" srcset=\"https:\/\/www.cykloromantika.cz\/wp-content\/uploads\/2023\/11\/foto-2023-0729-43-300x200.jpg 300w,https:\/\/www.cykloromantika.cz\/wp-content\/uploads\/2023\/11\/foto-2023-0729-43.jpg 1024w\" sizes=\"auto, 250px\"\/><\/a><div class=\"sgb-item-caption\"><em>Mal\u00e1 vodn\u00ed elektr\u00e1rna Litom\u011b\u0159ice<\/em><\/div><\/div><div class=\"sgb-item\"><a href=\"https:\/\/www.cykloromantika.cz\/foto-2023-0729-44\/\" target=\"_blank\"><img decoding=\"async\" alt=\"\" width=\"300\" height=\"129\" loading=\"lazy\" src=\"https:\/\/www.cykloromantika.cz\/wp-content\/uploads\/2023\/11\/foto-2023-0729-44-300x129.jpg\" srcset=\"https:\/\/www.cykloromantika.cz\/wp-content\/uploads\/2023\/11\/foto-2023-0729-44-300x129.jpg 300w,https:\/\/www.cykloromantika.cz\/wp-content\/uploads\/2023\/11\/foto-2023-0729-44.jpg 1024w\" sizes=\"auto, 250px\"\/><\/a><div class=\"sgb-item-caption\"><em>\u0158\u00edp p\u0159ed n\u00e1mi \u2013 kousek p\u0159ed Lounkami<\/em><\/div><\/div><div class=\"sgb-item\"><a href=\"https:\/\/www.cykloromantika.cz\/foto-2023-0729-45\/\" target=\"_blank\"><img decoding=\"async\" alt=\"\" width=\"300\" height=\"200\" loading=\"lazy\" src=\"https:\/\/www.cykloromantika.cz\/wp-content\/uploads\/2023\/11\/foto-2023-0729-45-300x200.jpg\" srcset=\"https:\/\/www.cykloromantika.cz\/wp-content\/uploads\/2023\/11\/foto-2023-0729-45-300x200.jpg 300w,https:\/\/www.cykloromantika.cz\/wp-content\/uploads\/2023\/11\/foto-2023-0729-45.jpg 1024w\" sizes=\"auto, 250px\"\/><\/a><div class=\"sgb-item-caption\"><em>\u0158\u00edp se p\u0159ibli\u017euje \u2013 kousek p\u0159ed V\u011bdomicemi<\/em><\/div><\/div><div class=\"sgb-item\"><a href=\"https:\/\/www.cykloromantika.cz\/foto-2023-0729-46\/\" target=\"_blank\"><img decoding=\"async\" alt=\"\" width=\"225\" height=\"300\" loading=\"lazy\" src=\"https:\/\/www.cykloromantika.cz\/wp-content\/uploads\/2023\/11\/foto-2023-0729-46-225x300.jpg\" srcset=\"https:\/\/www.cykloromantika.cz\/wp-content\/uploads\/2023\/11\/foto-2023-0729-46-225x300.jpg 225w,https:\/\/www.cykloromantika.cz\/wp-content\/uploads\/2023\/11\/foto-2023-0729-46.jpg 768w\" sizes=\"auto, 250px\"\/><\/a><div class=\"sgb-item-caption\"><em>Vodn\u00ed kan\u00e1l v Roudnici nad Labem<\/em><\/div><\/div><div class=\"sgb-item\"><a href=\"https:\/\/www.cykloromantika.cz\/foto-2023-0729-47\/\" target=\"_blank\"><img decoding=\"async\" alt=\"\" width=\"300\" height=\"200\" loading=\"lazy\" src=\"https:\/\/www.cykloromantika.cz\/wp-content\/uploads\/2023\/11\/foto-2023-0729-47-300x200.jpg\" srcset=\"https:\/\/www.cykloromantika.cz\/wp-content\/uploads\/2023\/11\/foto-2023-0729-47-300x200.jpg 300w,https:\/\/www.cykloromantika.cz\/wp-content\/uploads\/2023\/11\/foto-2023-0729-47.jpg 1024w\" sizes=\"auto, 250px\"\/><\/a><div class=\"sgb-item-caption\"><em>Roudnice nad Labem<\/em><\/div><\/div><div class=\"sgb-item\"><a href=\"https:\/\/www.cykloromantika.cz\/foto-2023-0729-48\/\" target=\"_blank\"><img decoding=\"async\" alt=\"\" width=\"300\" height=\"200\" loading=\"lazy\" src=\"https:\/\/www.cykloromantika.cz\/wp-content\/uploads\/2023\/11\/foto-2023-0729-48-300x200.jpg\" srcset=\"https:\/\/www.cykloromantika.cz\/wp-content\/uploads\/2023\/11\/foto-2023-0729-48-300x200.jpg 300w,https:\/\/www.cykloromantika.cz\/wp-content\/uploads\/2023\/11\/foto-2023-0729-48.jpg 1024w\" sizes=\"auto, 250px\"\/><\/a><div class=\"sgb-item-caption\"><em>Z\u00e1mek Roudnice nad Labem<\/em><\/div><\/div><div class=\"sgb-item\"><a href=\"https:\/\/www.cykloromantika.cz\/foto-2023-0729-51\/\" target=\"_blank\"><img decoding=\"async\" alt=\"\" width=\"300\" height=\"200\" loading=\"lazy\" src=\"https:\/\/www.cykloromantika.cz\/wp-content\/uploads\/2023\/11\/foto-2023-0729-51-300x200.jpg\" srcset=\"https:\/\/www.cykloromantika.cz\/wp-content\/uploads\/2023\/11\/foto-2023-0729-51-300x200.jpg 300w,https:\/\/www.cykloromantika.cz\/wp-content\/uploads\/2023\/11\/foto-2023-0729-51.jpg 1024w\" sizes=\"auto, 250px\"\/><\/a><div class=\"sgb-item-caption\"><em>Strategie postupu sm\u011brem na \u0158\u00edp<\/em><\/div><\/div><div class=\"sgb-item\"><a href=\"https:\/\/www.cykloromantika.cz\/foto-2023-0729-52\/\" target=\"_blank\"><img decoding=\"async\" alt=\"\" width=\"300\" height=\"169\" loading=\"lazy\" src=\"https:\/\/www.cykloromantika.cz\/wp-content\/uploads\/2023\/11\/foto-2023-0729-52-300x169.jpg\" srcset=\"https:\/\/www.cykloromantika.cz\/wp-content\/uploads\/2023\/11\/foto-2023-0729-52-300x169.jpg 300w,https:\/\/www.cykloromantika.cz\/wp-content\/uploads\/2023\/11\/foto-2023-0729-52.jpg 1024w\" sizes=\"auto, 250px\"\/><\/a><div class=\"sgb-item-caption\"><em>\u0158\u00edp je na dosah, ale st\u00e1le je\u0161t\u011b chyb\u00ed to hlavn\u00ed \u2013 v\u00fdjezd nahoru!<\/em><\/div><\/div><div class=\"sgb-item\"><a href=\"https:\/\/www.cykloromantika.cz\/foto-2023-0729-53\/\" target=\"_blank\"><img decoding=\"async\" alt=\"\" width=\"225\" height=\"300\" loading=\"lazy\" src=\"https:\/\/www.cykloromantika.cz\/wp-content\/uploads\/2023\/11\/foto-2023-0729-53-225x300.jpg\" srcset=\"https:\/\/www.cykloromantika.cz\/wp-content\/uploads\/2023\/11\/foto-2023-0729-53-225x300.jpg 225w,https:\/\/www.cykloromantika.cz\/wp-content\/uploads\/2023\/11\/foto-2023-0729-53.jpg 768w\" sizes=\"auto, 250px\"\/><\/a><div class=\"sgb-item-caption\"><em>Tla\u010d\u00edme v\u0161ichni!<\/em><\/div><\/div><div class=\"sgb-item\"><a href=\"https:\/\/www.cykloromantika.cz\/foto-2023-0729-54\/\" target=\"_blank\"><img decoding=\"async\" alt=\"\" width=\"300\" height=\"169\" loading=\"lazy\" src=\"https:\/\/www.cykloromantika.cz\/wp-content\/uploads\/2023\/11\/foto-2023-0729-54-300x169.jpg\" srcset=\"https:\/\/www.cykloromantika.cz\/wp-content\/uploads\/2023\/11\/foto-2023-0729-54-300x169.jpg 300w,https:\/\/www.cykloromantika.cz\/wp-content\/uploads\/2023\/11\/foto-2023-0729-54.jpg 1024w\" sizes=\"auto, 250px\"\/><\/a><div class=\"sgb-item-caption\"><em>M\u011blnick\u00e1 vyhl\u00eddka se stejnojmennou elektr\u00e1rnou v pozad\u00ed<\/em><\/div><\/div><div class=\"sgb-item\"><a href=\"https:\/\/www.cykloromantika.cz\/foto-2023-0729-56\/\" target=\"_blank\"><img decoding=\"async\" alt=\"\" width=\"225\" height=\"300\" loading=\"lazy\" src=\"https:\/\/www.cykloromantika.cz\/wp-content\/uploads\/2023\/11\/foto-2023-0729-56-225x300.jpg\" srcset=\"https:\/\/www.cykloromantika.cz\/wp-content\/uploads\/2023\/11\/foto-2023-0729-56-225x300.jpg 225w,https:\/\/www.cykloromantika.cz\/wp-content\/uploads\/2023\/11\/foto-2023-0729-56.jpg 768w\" sizes=\"auto, 250px\"\/><\/a><div class=\"sgb-item-caption\"><em>Bob\u016fv pohled na \u0158\u00edp<\/em><\/div><\/div><div class=\"sgb-item\"><a href=\"https:\/\/www.cykloromantika.cz\/foto-2023-0729-57\/\" target=\"_blank\"><img decoding=\"async\" alt=\"\" width=\"300\" height=\"225\" loading=\"lazy\" src=\"https:\/\/www.cykloromantika.cz\/wp-content\/uploads\/2023\/11\/foto-2023-0729-57-300x225.jpg\" srcset=\"https:\/\/www.cykloromantika.cz\/wp-content\/uploads\/2023\/11\/foto-2023-0729-57-300x225.jpg 300w,https:\/\/www.cykloromantika.cz\/wp-content\/uploads\/2023\/11\/foto-2023-0729-57.jpg 1024w\" sizes=\"auto, 250px\"\/><\/a><div class=\"sgb-item-caption\"><em>V\u0161ichni naho\u0159e \u2013 te\u010de z n\u00e1s pot proudem!<\/em><\/div><\/div><div class=\"sgb-item\"><a href=\"https:\/\/www.cykloromantika.cz\/foto-2023-0729-61\/\" target=\"_blank\"><img decoding=\"async\" alt=\"\" width=\"300\" height=\"225\" loading=\"lazy\" src=\"https:\/\/www.cykloromantika.cz\/wp-content\/uploads\/2023\/11\/foto-2023-0729-61-300x225.jpg\" srcset=\"https:\/\/www.cykloromantika.cz\/wp-content\/uploads\/2023\/11\/foto-2023-0729-61-300x225.jpg 300w,https:\/\/www.cykloromantika.cz\/wp-content\/uploads\/2023\/11\/foto-2023-0729-61.jpg 1024w\" sizes=\"auto, 250px\"\/><\/a><div class=\"sgb-item-caption\"><em>Bobova chvilka u Rotundy sv. Ji\u0159\u00ed a sv. Vojt\u011bcha<\/em><\/div><\/div><div class=\"sgb-item\"><a href=\"https:\/\/www.cykloromantika.cz\/foto-2023-0729-63\/\" target=\"_blank\"><img decoding=\"async\" alt=\"\" width=\"225\" height=\"300\" loading=\"lazy\" src=\"https:\/\/www.cykloromantika.cz\/wp-content\/uploads\/2023\/11\/foto-2023-0729-63-225x300.jpg\" srcset=\"https:\/\/www.cykloromantika.cz\/wp-content\/uploads\/2023\/11\/foto-2023-0729-63-225x300.jpg 225w,https:\/\/www.cykloromantika.cz\/wp-content\/uploads\/2023\/11\/foto-2023-0729-63.jpg 768w\" sizes=\"auto, 250px\"\/><\/a><div class=\"sgb-item-caption\"><em>Chata \u0158\u00edp u\u017e byla pro n\u00e1s zav\u0159en\u00e1.<\/em><\/div><\/div><div class=\"sgb-item\"><a href=\"https:\/\/www.cykloromantika.cz\/foto-2023-0729-70\/\" target=\"_blank\"><img decoding=\"async\" alt=\"\" width=\"300\" height=\"169\" loading=\"lazy\" src=\"https:\/\/www.cykloromantika.cz\/wp-content\/uploads\/2023\/11\/foto-2023-0729-70-300x169.jpg\" srcset=\"https:\/\/www.cykloromantika.cz\/wp-content\/uploads\/2023\/11\/foto-2023-0729-70-300x169.jpg 300w,https:\/\/www.cykloromantika.cz\/wp-content\/uploads\/2023\/11\/foto-2023-0729-70.jpg 1024w\" sizes=\"auto, 250px\"\/><\/a><div class=\"sgb-item-caption\"><em>Z\u00e1mek M\u011bln\u00edk<\/em><\/div><\/div><div class=\"sgb-item\"><a href=\"https:\/\/www.cykloromantika.cz\/foto-2023-0729-71\/\" target=\"_blank\"><img decoding=\"async\" alt=\"\" width=\"200\" height=\"300\" loading=\"lazy\" src=\"https:\/\/www.cykloromantika.cz\/wp-content\/uploads\/2023\/11\/foto-2023-0729-71-200x300.jpg\" srcset=\"https:\/\/www.cykloromantika.cz\/wp-content\/uploads\/2023\/11\/foto-2023-0729-71-200x300.jpg 200w,https:\/\/www.cykloromantika.cz\/wp-content\/uploads\/2023\/11\/foto-2023-0729-71.jpg 683w\" sizes=\"auto, 250px\"\/><\/a><div class=\"sgb-item-caption\"><em>Ramon opravuje defekt \u2013 dojel t\u011bsn\u011b p\u0159ed bou\u0159kou!<\/em><\/div><\/div><div class=\"sgb-item\"><a href=\"https:\/\/www.cykloromantika.cz\/foto-2023-0729-73\/\" target=\"_blank\"><img decoding=\"async\" alt=\"\" width=\"200\" height=\"300\" loading=\"lazy\" src=\"https:\/\/www.cykloromantika.cz\/wp-content\/uploads\/2023\/11\/foto-2023-0729-73-200x300.jpg\" srcset=\"https:\/\/www.cykloromantika.cz\/wp-content\/uploads\/2023\/11\/foto-2023-0729-73-200x300.jpg 200w,https:\/\/www.cykloromantika.cz\/wp-content\/uploads\/2023\/11\/foto-2023-0729-73.jpg 682w\" sizes=\"auto, 250px\"\/><\/a><div class=\"sgb-item-caption\"><em>Spokojenost je na m\u00edst\u011b!<\/em><\/div><\/div><\/div><\/noscript><\/div><script type=\"application\/json\" class=\"sgb-data\">{\"lastRowFill\":true,\"collectionThumbRecomendedHeight\":300,\"collectionThumbMiniScreenScale\":true,\"captionHAlign\":\"bottom\",\"collectionthumbHoverTitleFontSize\":12,\"collectionthumbRoundedCorners\":8,\"collectionthumbHoverTitleTextBgColor\":\"rgba(0,0,0,0.44)\",\"collectionThumbSubMenuShare\":false,\"galleryType\":\"pgc_sgb_justified\",\"galleryId\":\"79737397\",\"images\":[{\"id\":8328,\"title\":\"Foto 2023 0729 01\",\"url\":\"https:\/\/www.cykloromantika.cz\/wp-content\/uploads\/2023\/11\/foto-2023-0729-01.jpg\",\"link\":\"https:\/\/www.cykloromantika.cz\/foto-2023-0729-01\/\",\"alt\":\"\",\"description\":\"\",\"caption\":\"Dal\u0161\u00ed verze span\u00ed pod \u0161i\u0159\u00e1kem\",\"mime\":\"image\/jpeg\",\"type\":\"image\",\"width\":1024,\"height\":768,\"sizes\":{\"thumbnail\":{\"height\":113,\"width\":150,\"url\":\"https:\/\/www.cykloromantika.cz\/wp-content\/uploads\/2023\/11\/foto-2023-0729-01-150x113.jpg\",\"orientation\":\"landscape\"},\"medium\":{\"height\":225,\"width\":300,\"url\":\"https:\/\/www.cykloromantika.cz\/wp-content\/uploads\/2023\/11\/foto-2023-0729-01-300x225.jpg\",\"orientation\":\"landscape\"},\"full\":{\"url\":\"https:\/\/www.cykloromantika.cz\/wp-content\/uploads\/2023\/11\/foto-2023-0729-01.jpg\",\"height\":768,\"width\":1024,\"orientation\":\"landscape\"}},\"imageMeta\":{\"aperture\":\"1.7\",\"credit\":\"\",\"camera\":\"SM-G955F\",\"caption\":\"\",\"created_timestamp\":\"1690625715\",\"copyright\":\"\",\"focal_length\":\"4.2\",\"iso\":\"200\",\"shutter_speed\":\"0.0555555555556\",\"title\":\"\",\"orientation\":\"0\",\"keywords\":[]},\"meta\":false,\"postlink\":\"https:\/\/www.cykloromantika.cz\/foto-2023-0729-01\/\"},{\"id\":8329,\"title\":\"Foto 2023 0729 02\",\"url\":\"https:\/\/www.cykloromantika.cz\/wp-content\/uploads\/2023\/11\/foto-2023-0729-02.jpg\",\"link\":\"https:\/\/www.cykloromantika.cz\/foto-2023-0729-02\/\",\"alt\":\"\",\"description\":\"\",\"caption\":\"Vesel\u00e1 rekonstrukce domu na\u0161\u00ed bytn\u00e9\",\"mime\":\"image\/jpeg\",\"type\":\"image\",\"width\":1024,\"height\":683,\"sizes\":{\"thumbnail\":{\"height\":100,\"width\":150,\"url\":\"https:\/\/www.cykloromantika.cz\/wp-content\/uploads\/2023\/11\/foto-2023-0729-02-150x100.jpg\",\"orientation\":\"landscape\"},\"medium\":{\"height\":200,\"width\":300,\"url\":\"https:\/\/www.cykloromantika.cz\/wp-content\/uploads\/2023\/11\/foto-2023-0729-02-300x200.jpg\",\"orientation\":\"landscape\"},\"full\":{\"url\":\"https:\/\/www.cykloromantika.cz\/wp-content\/uploads\/2023\/11\/foto-2023-0729-02.jpg\",\"height\":683,\"width\":1024,\"orientation\":\"landscape\"}},\"imageMeta\":{\"aperture\":\"1.7\",\"credit\":\"\",\"camera\":\"SM-G955F\",\"caption\":\"\",\"created_timestamp\":\"1690627139\",\"copyright\":\"\",\"focal_length\":\"4.2\",\"iso\":\"40\",\"shutter_speed\":\"0.00142857142857\",\"title\":\"\",\"orientation\":\"0\",\"keywords\":[]},\"meta\":false,\"postlink\":\"https:\/\/www.cykloromantika.cz\/foto-2023-0729-02\/\"},{\"id\":8330,\"title\":\"Foto 2023 0729 03\",\"url\":\"https:\/\/www.cykloromantika.cz\/wp-content\/uploads\/2023\/11\/foto-2023-0729-03.jpg\",\"link\":\"https:\/\/www.cykloromantika.cz\/foto-2023-0729-03\/\",\"alt\":\"\",\"description\":\"\",\"caption\":\"Spole\u010dn\u00e9 foto na rozlou\u010den\u00ed jako pod\u011bkov\u00e1n\u00ed\",\"mime\":\"image\/jpeg\",\"type\":\"image\",\"width\":1024,\"height\":683,\"sizes\":{\"thumbnail\":{\"height\":100,\"width\":150,\"url\":\"https:\/\/www.cykloromantika.cz\/wp-content\/uploads\/2023\/11\/foto-2023-0729-03-150x100.jpg\",\"orientation\":\"landscape\"},\"medium\":{\"height\":200,\"width\":300,\"url\":\"https:\/\/www.cykloromantika.cz\/wp-content\/uploads\/2023\/11\/foto-2023-0729-03-300x200.jpg\",\"orientation\":\"landscape\"},\"full\":{\"url\":\"https:\/\/www.cykloromantika.cz\/wp-content\/uploads\/2023\/11\/foto-2023-0729-03.jpg\",\"height\":683,\"width\":1024,\"orientation\":\"landscape\"}},\"imageMeta\":{\"aperture\":\"1.8\",\"credit\":\"\",\"camera\":\"SM-G991B\",\"caption\":\"\",\"created_timestamp\":\"1690627241\",\"copyright\":\"\",\"focal_length\":\"5.4\",\"iso\":\"50\",\"shutter_speed\":\"0.000771604938272\",\"title\":\"\",\"orientation\":\"0\",\"keywords\":[]},\"meta\":false,\"postlink\":\"https:\/\/www.cykloromantika.cz\/foto-2023-0729-03\/\"},{\"id\":8331,\"title\":\"Foto 2023 0729 04\",\"url\":\"https:\/\/www.cykloromantika.cz\/wp-content\/uploads\/2023\/11\/foto-2023-0729-04.jpg\",\"link\":\"https:\/\/www.cykloromantika.cz\/foto-2023-0729-04\/\",\"alt\":\"\",\"description\":\"\",\"caption\":\"Z\u0159\u00edcenina hradu Hazmburk s B\u00edlou v\u011b\u017e\u00ed\",\"mime\":\"image\/jpeg\",\"type\":\"image\",\"width\":1024,\"height\":576,\"sizes\":{\"thumbnail\":{\"height\":84,\"width\":150,\"url\":\"https:\/\/www.cykloromantika.cz\/wp-content\/uploads\/2023\/11\/foto-2023-0729-04-150x84.jpg\",\"orientation\":\"landscape\"},\"medium\":{\"height\":169,\"width\":300,\"url\":\"https:\/\/www.cykloromantika.cz\/wp-content\/uploads\/2023\/11\/foto-2023-0729-04-300x169.jpg\",\"orientation\":\"landscape\"},\"full\":{\"url\":\"https:\/\/www.cykloromantika.cz\/wp-content\/uploads\/2023\/11\/foto-2023-0729-04.jpg\",\"height\":576,\"width\":1024,\"orientation\":\"landscape\"}},\"imageMeta\":{\"aperture\":\"1.7\",\"credit\":\"\",\"camera\":\"SM-G955F\",\"caption\":\"\",\"created_timestamp\":\"1690630233\",\"copyright\":\"\",\"focal_length\":\"4.2\",\"iso\":\"40\",\"shutter_speed\":\"0.000260960334029\",\"title\":\"\",\"orientation\":\"0\",\"keywords\":[]},\"meta\":false,\"postlink\":\"https:\/\/www.cykloromantika.cz\/foto-2023-0729-04\/\"},{\"id\":8332,\"title\":\"Foto 2023 0729 06\",\"url\":\"https:\/\/www.cykloromantika.cz\/wp-content\/uploads\/2023\/11\/foto-2023-0729-06.jpg\",\"link\":\"https:\/\/www.cykloromantika.cz\/foto-2023-0729-06\/\",\"alt\":\"\",\"description\":\"\",\"caption\":\"Vodn\u00ed hrad Budyn\u011b nad Oh\u0159\u00ed\",\"mime\":\"image\/jpeg\",\"type\":\"image\",\"width\":1024,\"height\":683,\"sizes\":{\"thumbnail\":{\"height\":100,\"width\":150,\"url\":\"https:\/\/www.cykloromantika.cz\/wp-content\/uploads\/2023\/11\/foto-2023-0729-06-150x100.jpg\",\"orientation\":\"landscape\"},\"medium\":{\"height\":200,\"width\":300,\"url\":\"https:\/\/www.cykloromantika.cz\/wp-content\/uploads\/2023\/11\/foto-2023-0729-06-300x200.jpg\",\"orientation\":\"landscape\"},\"full\":{\"url\":\"https:\/\/www.cykloromantika.cz\/wp-content\/uploads\/2023\/11\/foto-2023-0729-06.jpg\",\"height\":683,\"width\":1024,\"orientation\":\"landscape\"}},\"imageMeta\":{\"aperture\":\"1.7\",\"credit\":\"\",\"camera\":\"SM-G955F\",\"caption\":\"\",\"created_timestamp\":\"1690631048\",\"copyright\":\"\",\"focal_length\":\"4.2\",\"iso\":\"40\",\"shutter_speed\":\"0.000244140625\",\"title\":\"\",\"orientation\":\"0\",\"keywords\":[]},\"meta\":false,\"postlink\":\"https:\/\/www.cykloromantika.cz\/foto-2023-0729-06\/\"},{\"id\":8333,\"title\":\"Foto 2023 0729 07\",\"url\":\"https:\/\/www.cykloromantika.cz\/wp-content\/uploads\/2023\/11\/foto-2023-0729-07.jpg\",\"link\":\"https:\/\/www.cykloromantika.cz\/foto-2023-0729-07\/\",\"alt\":\"\",\"description\":\"\",\"caption\":\"U Jandy Archiv\u00e1\u0159e\",\"mime\":\"image\/jpeg\",\"type\":\"image\",\"width\":1024,\"height\":683,\"sizes\":{\"thumbnail\":{\"height\":100,\"width\":150,\"url\":\"https:\/\/www.cykloromantika.cz\/wp-content\/uploads\/2023\/11\/foto-2023-0729-07-150x100.jpg\",\"orientation\":\"landscape\"},\"medium\":{\"height\":200,\"width\":300,\"url\":\"https:\/\/www.cykloromantika.cz\/wp-content\/uploads\/2023\/11\/foto-2023-0729-07-300x200.jpg\",\"orientation\":\"landscape\"},\"full\":{\"url\":\"https:\/\/www.cykloromantika.cz\/wp-content\/uploads\/2023\/11\/foto-2023-0729-07.jpg\",\"height\":683,\"width\":1024,\"orientation\":\"landscape\"}},\"imageMeta\":{\"aperture\":\"1.7\",\"credit\":\"\",\"camera\":\"SM-G955F\",\"caption\":\"\",\"created_timestamp\":\"1690631442\",\"copyright\":\"\",\"focal_length\":\"4.2\",\"iso\":\"40\",\"shutter_speed\":\"0.00377358490566\",\"title\":\"\",\"orientation\":\"0\",\"keywords\":[]},\"meta\":false,\"postlink\":\"https:\/\/www.cykloromantika.cz\/foto-2023-0729-07\/\"},{\"id\":8334,\"title\":\"Foto 2023 0729 08\",\"url\":\"https:\/\/www.cykloromantika.cz\/wp-content\/uploads\/2023\/11\/foto-2023-0729-08.jpg\",\"link\":\"https:\/\/www.cykloromantika.cz\/foto-2023-0729-08\/\",\"alt\":\"\",\"description\":\"\",\"caption\":\"Kl\u00e1\u0161ter sester premonstr\u00e1tek a Kostel Narozen\u00ed Panny Marie v Doksanech\",\"mime\":\"image\/jpeg\",\"type\":\"image\",\"width\":1024,\"height\":683,\"sizes\":{\"thumbnail\":{\"height\":100,\"width\":150,\"url\":\"https:\/\/www.cykloromantika.cz\/wp-content\/uploads\/2023\/11\/foto-2023-0729-08-150x100.jpg\",\"orientation\":\"landscape\"},\"medium\":{\"height\":200,\"width\":300,\"url\":\"https:\/\/www.cykloromantika.cz\/wp-content\/uploads\/2023\/11\/foto-2023-0729-08-300x200.jpg\",\"orientation\":\"landscape\"},\"full\":{\"url\":\"https:\/\/www.cykloromantika.cz\/wp-content\/uploads\/2023\/11\/foto-2023-0729-08.jpg\",\"height\":683,\"width\":1024,\"orientation\":\"landscape\"}},\"imageMeta\":{\"aperture\":\"1.7\",\"credit\":\"\",\"camera\":\"SM-G955F\",\"caption\":\"\",\"created_timestamp\":\"1690634804\",\"copyright\":\"\",\"focal_length\":\"4.2\",\"iso\":\"40\",\"shutter_speed\":\"0.000478927203065\",\"title\":\"\",\"orientation\":\"0\",\"keywords\":[]},\"meta\":false,\"postlink\":\"https:\/\/www.cykloromantika.cz\/foto-2023-0729-08\/\"},{\"id\":8335,\"title\":\"Foto 2023 0729 09\",\"url\":\"https:\/\/www.cykloromantika.cz\/wp-content\/uploads\/2023\/11\/foto-2023-0729-09.jpg\",\"link\":\"https:\/\/www.cykloromantika.cz\/foto-2023-0729-09\/\",\"alt\":\"\",\"description\":\"\",\"caption\":\"Kl\u00e1\u0161ter sester premonstr\u00e1tek a Kostel Narozen\u00ed Panny Marie v Doksanech\",\"mime\":\"image\/jpeg\",\"type\":\"image\",\"width\":1024,\"height\":576,\"sizes\":{\"thumbnail\":{\"height\":84,\"width\":150,\"url\":\"https:\/\/www.cykloromantika.cz\/wp-content\/uploads\/2023\/11\/foto-2023-0729-09-150x84.jpg\",\"orientation\":\"landscape\"},\"medium\":{\"height\":169,\"width\":300,\"url\":\"https:\/\/www.cykloromantika.cz\/wp-content\/uploads\/2023\/11\/foto-2023-0729-09-300x169.jpg\",\"orientation\":\"landscape\"},\"full\":{\"url\":\"https:\/\/www.cykloromantika.cz\/wp-content\/uploads\/2023\/11\/foto-2023-0729-09.jpg\",\"height\":576,\"width\":1024,\"orientation\":\"landscape\"}},\"imageMeta\":{\"aperture\":\"1.7\",\"credit\":\"\",\"camera\":\"SM-G955F\",\"caption\":\"\",\"created_timestamp\":\"1690634868\",\"copyright\":\"\",\"focal_length\":\"4.2\",\"iso\":\"40\",\"shutter_speed\":\"0.000367647058824\",\"title\":\"\",\"orientation\":\"0\",\"keywords\":[]},\"meta\":false,\"postlink\":\"https:\/\/www.cykloromantika.cz\/foto-2023-0729-09\/\"},{\"id\":8336,\"title\":\"Foto 2023 0729 14\",\"url\":\"https:\/\/www.cykloromantika.cz\/wp-content\/uploads\/2023\/11\/foto-2023-0729-14.jpg\",\"link\":\"https:\/\/www.cykloromantika.cz\/foto-2023-0729-14\/\",\"alt\":\"\",\"description\":\"\",\"caption\":\"Katakomby v Terez\u00edn\u011b\",\"mime\":\"image\/jpeg\",\"type\":\"image\",\"width\":768,\"height\":1024,\"sizes\":{\"thumbnail\":{\"height\":150,\"width\":113,\"url\":\"https:\/\/www.cykloromantika.cz\/wp-content\/uploads\/2023\/11\/foto-2023-0729-14-113x150.jpg\",\"orientation\":\"portrait\"},\"medium\":{\"height\":300,\"width\":225,\"url\":\"https:\/\/www.cykloromantika.cz\/wp-content\/uploads\/2023\/11\/foto-2023-0729-14-225x300.jpg\",\"orientation\":\"portrait\"},\"full\":{\"url\":\"https:\/\/www.cykloromantika.cz\/wp-content\/uploads\/2023\/11\/foto-2023-0729-14.jpg\",\"height\":1024,\"width\":768,\"orientation\":\"portrait\"}},\"imageMeta\":{\"aperture\":\"1.7\",\"credit\":\"\",\"camera\":\"SM-G955F\",\"caption\":\"\",\"created_timestamp\":\"1690636418\",\"copyright\":\"\",\"focal_length\":\"4.2\",\"iso\":\"250\",\"shutter_speed\":\"0.030303030303\",\"title\":\"\",\"orientation\":\"0\",\"keywords\":[]},\"meta\":false,\"postlink\":\"https:\/\/www.cykloromantika.cz\/foto-2023-0729-14\/\"},{\"id\":8337,\"title\":\"Foto 2023 0729 20\",\"url\":\"https:\/\/www.cykloromantika.cz\/wp-content\/uploads\/2023\/11\/foto-2023-0729-20.jpg\",\"link\":\"https:\/\/www.cykloromantika.cz\/foto-2023-0729-20\/\",\"alt\":\"\",\"description\":\"\",\"caption\":\"Ob\u0159adn\u00ed m\u00edstnosti a \u00fast\u0159edn\u00ed m\u00e1rnice v Terez\u00edn\u011b\",\"mime\":\"image\/jpeg\",\"type\":\"image\",\"width\":1024,\"height\":576,\"sizes\":{\"thumbnail\":{\"height\":84,\"width\":150,\"url\":\"https:\/\/www.cykloromantika.cz\/wp-content\/uploads\/2023\/11\/foto-2023-0729-20-150x84.jpg\",\"orientation\":\"landscape\"},\"medium\":{\"height\":169,\"width\":300,\"url\":\"https:\/\/www.cykloromantika.cz\/wp-content\/uploads\/2023\/11\/foto-2023-0729-20-300x169.jpg\",\"orientation\":\"landscape\"},\"full\":{\"url\":\"https:\/\/www.cykloromantika.cz\/wp-content\/uploads\/2023\/11\/foto-2023-0729-20.jpg\",\"height\":576,\"width\":1024,\"orientation\":\"landscape\"}},\"imageMeta\":{\"aperture\":\"1.5\",\"credit\":\"\",\"camera\":\"SM-G970F\",\"caption\":\"\",\"created_timestamp\":\"1690637380\",\"copyright\":\"\",\"focal_length\":\"4.32\",\"iso\":\"640\",\"shutter_speed\":\"0.030303030303\",\"title\":\"\",\"orientation\":\"0\",\"keywords\":[]},\"meta\":false,\"postlink\":\"https:\/\/www.cykloromantika.cz\/foto-2023-0729-20\/\"},{\"id\":8338,\"title\":\"Foto 2023 0729 21\",\"url\":\"https:\/\/www.cykloromantika.cz\/wp-content\/uploads\/2023\/11\/foto-2023-0729-21.jpg\",\"link\":\"https:\/\/www.cykloromantika.cz\/foto-2023-0729-21\/\",\"alt\":\"\",\"description\":\"\",\"caption\":\"Ob\u0159adn\u00ed m\u00edstnosti a \u00fast\u0159edn\u00ed m\u00e1rnice v Terez\u00edn\u011b\",\"mime\":\"image\/jpeg\",\"type\":\"image\",\"width\":768,\"height\":1024,\"sizes\":{\"thumbnail\":{\"height\":150,\"width\":113,\"url\":\"https:\/\/www.cykloromantika.cz\/wp-content\/uploads\/2023\/11\/foto-2023-0729-21-113x150.jpg\",\"orientation\":\"portrait\"},\"medium\":{\"height\":300,\"width\":225,\"url\":\"https:\/\/www.cykloromantika.cz\/wp-content\/uploads\/2023\/11\/foto-2023-0729-21-225x300.jpg\",\"orientation\":\"portrait\"},\"full\":{\"url\":\"https:\/\/www.cykloromantika.cz\/wp-content\/uploads\/2023\/11\/foto-2023-0729-21.jpg\",\"height\":1024,\"width\":768,\"orientation\":\"portrait\"}},\"imageMeta\":{\"aperture\":\"1.7\",\"credit\":\"\",\"camera\":\"SM-G955F\",\"caption\":\"\",\"created_timestamp\":\"1690637419\",\"copyright\":\"\",\"focal_length\":\"4.2\",\"iso\":\"400\",\"shutter_speed\":\"0.1\",\"title\":\"\",\"orientation\":\"0\",\"keywords\":[]},\"meta\":false,\"postlink\":\"https:\/\/www.cykloromantika.cz\/foto-2023-0729-21\/\"},{\"id\":8339,\"title\":\"Foto 2023 0729 22\",\"url\":\"https:\/\/www.cykloromantika.cz\/wp-content\/uploads\/2023\/11\/foto-2023-0729-22.jpg\",\"link\":\"https:\/\/www.cykloromantika.cz\/foto-2023-0729-22\/\",\"alt\":\"\",\"description\":\"\",\"caption\":\"Ob\u0159adn\u00ed m\u00edstnosti a \u00fast\u0159edn\u00ed m\u00e1rnice v Terez\u00edn\u011b\",\"mime\":\"image\/jpeg\",\"type\":\"image\",\"width\":768,\"height\":1024,\"sizes\":{\"thumbnail\":{\"height\":150,\"width\":113,\"url\":\"https:\/\/www.cykloromantika.cz\/wp-content\/uploads\/2023\/11\/foto-2023-0729-22-113x150.jpg\",\"orientation\":\"portrait\"},\"medium\":{\"height\":300,\"width\":225,\"url\":\"https:\/\/www.cykloromantika.cz\/wp-content\/uploads\/2023\/11\/foto-2023-0729-22-225x300.jpg\",\"orientation\":\"portrait\"},\"full\":{\"url\":\"https:\/\/www.cykloromantika.cz\/wp-content\/uploads\/2023\/11\/foto-2023-0729-22.jpg\",\"height\":1024,\"width\":768,\"orientation\":\"portrait\"}},\"imageMeta\":{\"aperture\":\"1.7\",\"credit\":\"\",\"camera\":\"SM-G955F\",\"caption\":\"\",\"created_timestamp\":\"1690637593\",\"copyright\":\"\",\"focal_length\":\"4.2\",\"iso\":\"200\",\"shutter_speed\":\"0.0333333333333\",\"title\":\"\",\"orientation\":\"0\",\"keywords\":[]},\"meta\":false,\"postlink\":\"https:\/\/www.cykloromantika.cz\/foto-2023-0729-22\/\"},{\"id\":8340,\"title\":\"Foto 2023 0729 24\",\"url\":\"https:\/\/www.cykloromantika.cz\/wp-content\/uploads\/2023\/11\/foto-2023-0729-24.jpg\",\"link\":\"https:\/\/www.cykloromantika.cz\/foto-2023-0729-24\/\",\"alt\":\"\",\"description\":\"\",\"caption\":\"Hradby pevnosti Terez\u00edn\",\"mime\":\"image\/jpeg\",\"type\":\"image\",\"width\":1024,\"height\":683,\"sizes\":{\"thumbnail\":{\"height\":100,\"width\":150,\"url\":\"https:\/\/www.cykloromantika.cz\/wp-content\/uploads\/2023\/11\/foto-2023-0729-24-150x100.jpg\",\"orientation\":\"landscape\"},\"medium\":{\"height\":200,\"width\":300,\"url\":\"https:\/\/www.cykloromantika.cz\/wp-content\/uploads\/2023\/11\/foto-2023-0729-24-300x200.jpg\",\"orientation\":\"landscape\"},\"full\":{\"url\":\"https:\/\/www.cykloromantika.cz\/wp-content\/uploads\/2023\/11\/foto-2023-0729-24.jpg\",\"height\":683,\"width\":1024,\"orientation\":\"landscape\"}},\"imageMeta\":{\"aperture\":\"1.7\",\"credit\":\"\",\"camera\":\"SM-G955F\",\"caption\":\"\",\"created_timestamp\":\"1690638381\",\"copyright\":\"\",\"focal_length\":\"4.2\",\"iso\":\"40\",\"shutter_speed\":\"0.00129198966408\",\"title\":\"\",\"orientation\":\"0\",\"keywords\":[]},\"meta\":false,\"postlink\":\"https:\/\/www.cykloromantika.cz\/foto-2023-0729-24\/\"},{\"id\":8341,\"title\":\"Foto 2023 0729 25\",\"url\":\"https:\/\/www.cykloromantika.cz\/wp-content\/uploads\/2023\/11\/foto-2023-0729-25.jpg\",\"link\":\"https:\/\/www.cykloromantika.cz\/foto-2023-0729-25\/\",\"alt\":\"\",\"description\":\"\",\"caption\":\"Kolumb\u00e1rium v Terez\u00edn\u011b\",\"mime\":\"image\/jpeg\",\"type\":\"image\",\"width\":1024,\"height\":683,\"sizes\":{\"thumbnail\":{\"height\":100,\"width\":150,\"url\":\"https:\/\/www.cykloromantika.cz\/wp-content\/uploads\/2023\/11\/foto-2023-0729-25-150x100.jpg\",\"orientation\":\"landscape\"},\"medium\":{\"height\":200,\"width\":300,\"url\":\"https:\/\/www.cykloromantika.cz\/wp-content\/uploads\/2023\/11\/foto-2023-0729-25-300x200.jpg\",\"orientation\":\"landscape\"},\"full\":{\"url\":\"https:\/\/www.cykloromantika.cz\/wp-content\/uploads\/2023\/11\/foto-2023-0729-25.jpg\",\"height\":683,\"width\":1024,\"orientation\":\"landscape\"}},\"imageMeta\":{\"aperture\":\"1.7\",\"credit\":\"\",\"camera\":\"SM-G955F\",\"caption\":\"\",\"created_timestamp\":\"1690638398\",\"copyright\":\"\",\"focal_length\":\"4.2\",\"iso\":\"40\",\"shutter_speed\":\"0.00102880658436\",\"title\":\"\",\"orientation\":\"0\",\"keywords\":[]},\"meta\":false,\"postlink\":\"https:\/\/www.cykloromantika.cz\/foto-2023-0729-25\/\"},{\"id\":8342,\"title\":\"Foto 2023 0729 26\",\"url\":\"https:\/\/www.cykloromantika.cz\/wp-content\/uploads\/2023\/11\/foto-2023-0729-26.jpg\",\"link\":\"https:\/\/www.cykloromantika.cz\/foto-2023-0729-26\/\",\"alt\":\"\",\"description\":\"\",\"caption\":\"Hradby pevnosti Terez\u00edn\",\"mime\":\"image\/jpeg\",\"type\":\"image\",\"width\":1024,\"height\":683,\"sizes\":{\"thumbnail\":{\"height\":100,\"width\":150,\"url\":\"https:\/\/www.cykloromantika.cz\/wp-content\/uploads\/2023\/11\/foto-2023-0729-26-150x100.jpg\",\"orientation\":\"landscape\"},\"medium\":{\"height\":200,\"width\":300,\"url\":\"https:\/\/www.cykloromantika.cz\/wp-content\/uploads\/2023\/11\/foto-2023-0729-26-300x200.jpg\",\"orientation\":\"landscape\"},\"full\":{\"url\":\"https:\/\/www.cykloromantika.cz\/wp-content\/uploads\/2023\/11\/foto-2023-0729-26.jpg\",\"height\":683,\"width\":1024,\"orientation\":\"landscape\"}},\"imageMeta\":{\"aperture\":\"1.7\",\"credit\":\"\",\"camera\":\"SM-G955F\",\"caption\":\"\",\"created_timestamp\":\"1690638401\",\"copyright\":\"\",\"focal_length\":\"4.2\",\"iso\":\"40\",\"shutter_speed\":\"0.00102880658436\",\"title\":\"\",\"orientation\":\"0\",\"keywords\":[]},\"meta\":false,\"postlink\":\"https:\/\/www.cykloromantika.cz\/foto-2023-0729-26\/\"},{\"id\":8343,\"title\":\"Foto 2023 0729 27\",\"url\":\"https:\/\/www.cykloromantika.cz\/wp-content\/uploads\/2023\/11\/foto-2023-0729-27.jpg\",\"link\":\"https:\/\/www.cykloromantika.cz\/foto-2023-0729-27\/\",\"alt\":\"\",\"description\":\"\",\"caption\":\"N\u00e1m. \u010cSA s kostelem Vzk\u0159\u00ed\u0161en\u00ed P\u00e1n\u011b v Terez\u00edn\u011b\",\"mime\":\"image\/jpeg\",\"type\":\"image\",\"width\":1024,\"height\":576,\"sizes\":{\"thumbnail\":{\"height\":84,\"width\":150,\"url\":\"https:\/\/www.cykloromantika.cz\/wp-content\/uploads\/2023\/11\/foto-2023-0729-27-150x84.jpg\",\"orientation\":\"landscape\"},\"medium\":{\"height\":169,\"width\":300,\"url\":\"https:\/\/www.cykloromantika.cz\/wp-content\/uploads\/2023\/11\/foto-2023-0729-27-300x169.jpg\",\"orientation\":\"landscape\"},\"full\":{\"url\":\"https:\/\/www.cykloromantika.cz\/wp-content\/uploads\/2023\/11\/foto-2023-0729-27.jpg\",\"height\":576,\"width\":1024,\"orientation\":\"landscape\"}},\"imageMeta\":{\"aperture\":\"1.8\",\"credit\":\"\",\"camera\":\"SM-G991B\",\"caption\":\"\",\"created_timestamp\":\"1690638854\",\"copyright\":\"\",\"focal_length\":\"5.4\",\"iso\":\"50\",\"shutter_speed\":\"0.0008038585209\",\"title\":\"\",\"orientation\":\"0\",\"keywords\":[]},\"meta\":false,\"postlink\":\"https:\/\/www.cykloromantika.cz\/foto-2023-0729-27\/\"},{\"id\":8344,\"title\":\"Foto 2023 0729 30\",\"url\":\"https:\/\/www.cykloromantika.cz\/wp-content\/uploads\/2023\/11\/foto-2023-0729-30.jpg\",\"link\":\"https:\/\/www.cykloromantika.cz\/foto-2023-0729-30\/\",\"alt\":\"\",\"description\":\"\",\"caption\":\"Kostel Vzk\u0159\u00ed\u0161en\u00ed P\u00e1n\u011b v Terez\u00edn\u011b\",\"mime\":\"image\/jpeg\",\"type\":\"image\",\"width\":1024,\"height\":683,\"sizes\":{\"thumbnail\":{\"height\":100,\"width\":150,\"url\":\"https:\/\/www.cykloromantika.cz\/wp-content\/uploads\/2023\/11\/foto-2023-0729-30-150x100.jpg\",\"orientation\":\"landscape\"},\"medium\":{\"height\":200,\"width\":300,\"url\":\"https:\/\/www.cykloromantika.cz\/wp-content\/uploads\/2023\/11\/foto-2023-0729-30-300x200.jpg\",\"orientation\":\"landscape\"},\"full\":{\"url\":\"https:\/\/www.cykloromantika.cz\/wp-content\/uploads\/2023\/11\/foto-2023-0729-30.jpg\",\"height\":683,\"width\":1024,\"orientation\":\"landscape\"}},\"imageMeta\":{\"aperture\":\"1.7\",\"credit\":\"\",\"camera\":\"SM-G955F\",\"caption\":\"\",\"created_timestamp\":\"1690639228\",\"copyright\":\"\",\"focal_length\":\"4.2\",\"iso\":\"200\",\"shutter_speed\":\"0.04\",\"title\":\"\",\"orientation\":\"0\",\"keywords\":[]},\"meta\":false,\"postlink\":\"https:\/\/www.cykloromantika.cz\/foto-2023-0729-30\/\"},{\"id\":8345,\"title\":\"Foto 2023 0729 31\",\"url\":\"https:\/\/www.cykloromantika.cz\/wp-content\/uploads\/2023\/11\/foto-2023-0729-31.jpg\",\"link\":\"https:\/\/www.cykloromantika.cz\/foto-2023-0729-31\/\",\"alt\":\"\",\"description\":\"\",\"caption\":\"Trpasl\u00edci u vchodu do kostela Vzk\u0159\u00ed\u0161en\u00ed P\u00e1n\u011b v Terez\u00edn\u011b\",\"mime\":\"image\/jpeg\",\"type\":\"image\",\"width\":768,\"height\":1024,\"sizes\":{\"thumbnail\":{\"height\":150,\"width\":113,\"url\":\"https:\/\/www.cykloromantika.cz\/wp-content\/uploads\/2023\/11\/foto-2023-0729-31-113x150.jpg\",\"orientation\":\"portrait\"},\"medium\":{\"height\":300,\"width\":225,\"url\":\"https:\/\/www.cykloromantika.cz\/wp-content\/uploads\/2023\/11\/foto-2023-0729-31-225x300.jpg\",\"orientation\":\"portrait\"},\"full\":{\"url\":\"https:\/\/www.cykloromantika.cz\/wp-content\/uploads\/2023\/11\/foto-2023-0729-31.jpg\",\"height\":1024,\"width\":768,\"orientation\":\"portrait\"}},\"imageMeta\":{\"aperture\":\"1.7\",\"credit\":\"\",\"camera\":\"SM-G955F\",\"caption\":\"\",\"created_timestamp\":\"1690639471\",\"copyright\":\"\",\"focal_length\":\"4.2\",\"iso\":\"40\",\"shutter_speed\":\"0.00118483412322\",\"title\":\"\",\"orientation\":\"0\",\"keywords\":[]},\"meta\":false,\"postlink\":\"https:\/\/www.cykloromantika.cz\/foto-2023-0729-31\/\"},{\"id\":8346,\"title\":\"Foto 2023 0729 32\",\"url\":\"https:\/\/www.cykloromantika.cz\/wp-content\/uploads\/2023\/11\/foto-2023-0729-32.jpg\",\"link\":\"https:\/\/www.cykloromantika.cz\/foto-2023-0729-32\/\",\"alt\":\"\",\"description\":\"\",\"caption\":\"B\u00fdval\u00e1 Dr\u00e1\u017e\u010fansk\u00e1 kas\u00e1rna\",\"mime\":\"image\/jpeg\",\"type\":\"image\",\"width\":1024,\"height\":576,\"sizes\":{\"thumbnail\":{\"height\":84,\"width\":150,\"url\":\"https:\/\/www.cykloromantika.cz\/wp-content\/uploads\/2023\/11\/foto-2023-0729-32-150x84.jpg\",\"orientation\":\"landscape\"},\"medium\":{\"height\":169,\"width\":300,\"url\":\"https:\/\/www.cykloromantika.cz\/wp-content\/uploads\/2023\/11\/foto-2023-0729-32-300x169.jpg\",\"orientation\":\"landscape\"},\"full\":{\"url\":\"https:\/\/www.cykloromantika.cz\/wp-content\/uploads\/2023\/11\/foto-2023-0729-32.jpg\",\"height\":576,\"width\":1024,\"orientation\":\"landscape\"}},\"imageMeta\":{\"aperture\":\"1.5\",\"credit\":\"\",\"camera\":\"SM-G970F\",\"caption\":\"\",\"created_timestamp\":\"1690639814\",\"copyright\":\"\",\"focal_length\":\"4.32\",\"iso\":\"100\",\"shutter_speed\":\"0.00025\",\"title\":\"\",\"orientation\":\"0\",\"keywords\":[]},\"meta\":false,\"postlink\":\"https:\/\/www.cykloromantika.cz\/foto-2023-0729-32\/\"},{\"id\":8347,\"title\":\"Foto 2023 0729 33\",\"url\":\"https:\/\/www.cykloromantika.cz\/wp-content\/uploads\/2023\/11\/foto-2023-0729-33.jpg\",\"link\":\"https:\/\/www.cykloromantika.cz\/foto-2023-0729-33\/\",\"alt\":\"\",\"description\":\"\",\"caption\":\"Litom\u011b\u0159ick\u00e1 br\u00e1na v terez\u00ednsk\u00e9 pevnosti\",\"mime\":\"image\/jpeg\",\"type\":\"image\",\"width\":1024,\"height\":683,\"sizes\":{\"thumbnail\":{\"height\":100,\"width\":150,\"url\":\"https:\/\/www.cykloromantika.cz\/wp-content\/uploads\/2023\/11\/foto-2023-0729-33-150x100.jpg\",\"orientation\":\"landscape\"},\"medium\":{\"height\":200,\"width\":300,\"url\":\"https:\/\/www.cykloromantika.cz\/wp-content\/uploads\/2023\/11\/foto-2023-0729-33-300x200.jpg\",\"orientation\":\"landscape\"},\"full\":{\"url\":\"https:\/\/www.cykloromantika.cz\/wp-content\/uploads\/2023\/11\/foto-2023-0729-33.jpg\",\"height\":683,\"width\":1024,\"orientation\":\"landscape\"}},\"imageMeta\":{\"aperture\":\"1.7\",\"credit\":\"\",\"camera\":\"SM-G955F\",\"caption\":\"\",\"created_timestamp\":\"1690639959\",\"copyright\":\"\",\"focal_length\":\"4.2\",\"iso\":\"40\",\"shutter_speed\":\"0.000786163522013\",\"title\":\"\",\"orientation\":\"0\",\"keywords\":[]},\"meta\":false,\"postlink\":\"https:\/\/www.cykloromantika.cz\/foto-2023-0729-33\/\"},{\"id\":8348,\"title\":\"Foto 2023 0729 36\",\"url\":\"https:\/\/www.cykloromantika.cz\/wp-content\/uploads\/2023\/11\/foto-2023-0729-36.jpg\",\"link\":\"https:\/\/www.cykloromantika.cz\/foto-2023-0729-36\/\",\"alt\":\"\",\"description\":\"\",\"caption\":\"Litom\u011b\u0159ice \u2013 \u00fazk\u00fd p\u0159ejezd mostu p\u0159es Labi\",\"mime\":\"image\/jpeg\",\"type\":\"image\",\"width\":1024,\"height\":576,\"sizes\":{\"thumbnail\":{\"height\":84,\"width\":150,\"url\":\"https:\/\/www.cykloromantika.cz\/wp-content\/uploads\/2023\/11\/foto-2023-0729-36-150x84.jpg\",\"orientation\":\"landscape\"},\"medium\":{\"height\":169,\"width\":300,\"url\":\"https:\/\/www.cykloromantika.cz\/wp-content\/uploads\/2023\/11\/foto-2023-0729-36-300x169.jpg\",\"orientation\":\"landscape\"},\"full\":{\"url\":\"https:\/\/www.cykloromantika.cz\/wp-content\/uploads\/2023\/11\/foto-2023-0729-36.jpg\",\"height\":576,\"width\":1024,\"orientation\":\"landscape\"}},\"imageMeta\":{\"aperture\":\"1.7\",\"credit\":\"\",\"camera\":\"SM-G955F\",\"caption\":\"\",\"created_timestamp\":\"1690640908\",\"copyright\":\"\",\"focal_length\":\"4.2\",\"iso\":\"40\",\"shutter_speed\":\"0.00028801843318\",\"title\":\"\",\"orientation\":\"0\",\"keywords\":[]},\"meta\":false,\"postlink\":\"https:\/\/www.cykloromantika.cz\/foto-2023-0729-36\/\"},{\"id\":8349,\"title\":\"Foto 2023 0729 37\",\"url\":\"https:\/\/www.cykloromantika.cz\/wp-content\/uploads\/2023\/11\/foto-2023-0729-37.jpg\",\"link\":\"https:\/\/www.cykloromantika.cz\/foto-2023-0729-37\/\",\"alt\":\"\",\"description\":\"\",\"caption\":\"D\u016fm U \u010cern\u00e9ho orla v Litom\u011b\u0159ic\u00edch\",\"mime\":\"image\/jpeg\",\"type\":\"image\",\"width\":1024,\"height\":576,\"sizes\":{\"thumbnail\":{\"height\":84,\"width\":150,\"url\":\"https:\/\/www.cykloromantika.cz\/wp-content\/uploads\/2023\/11\/foto-2023-0729-37-150x84.jpg\",\"orientation\":\"landscape\"},\"medium\":{\"height\":169,\"width\":300,\"url\":\"https:\/\/www.cykloromantika.cz\/wp-content\/uploads\/2023\/11\/foto-2023-0729-37-300x169.jpg\",\"orientation\":\"landscape\"},\"full\":{\"url\":\"https:\/\/www.cykloromantika.cz\/wp-content\/uploads\/2023\/11\/foto-2023-0729-37.jpg\",\"height\":576,\"width\":1024,\"orientation\":\"landscape\"}},\"imageMeta\":{\"aperture\":\"1.5\",\"credit\":\"\",\"camera\":\"SM-G970F\",\"caption\":\"\",\"created_timestamp\":\"1690641196\",\"copyright\":\"\",\"focal_length\":\"4.32\",\"iso\":\"100\",\"shutter_speed\":\"0.000166666666667\",\"title\":\"\",\"orientation\":\"0\",\"keywords\":[]},\"meta\":false,\"postlink\":\"https:\/\/www.cykloromantika.cz\/foto-2023-0729-37\/\"},{\"id\":8350,\"title\":\"Foto 2023 0729 39\",\"url\":\"https:\/\/www.cykloromantika.cz\/wp-content\/uploads\/2023\/11\/foto-2023-0729-39.jpg\",\"link\":\"https:\/\/www.cykloromantika.cz\/foto-2023-0729-39\/\",\"alt\":\"\",\"description\":\"\",\"caption\":\"Kostel V\u0161ech svat\u00fdch a Star\u00e1 radnice v Litom\u011b\u0159ic\u00edch\",\"mime\":\"image\/jpeg\",\"type\":\"image\",\"width\":1024,\"height\":768,\"sizes\":{\"thumbnail\":{\"height\":113,\"width\":150,\"url\":\"https:\/\/www.cykloromantika.cz\/wp-content\/uploads\/2023\/11\/foto-2023-0729-39-150x113.jpg\",\"orientation\":\"landscape\"},\"medium\":{\"height\":225,\"width\":300,\"url\":\"https:\/\/www.cykloromantika.cz\/wp-content\/uploads\/2023\/11\/foto-2023-0729-39-300x225.jpg\",\"orientation\":\"landscape\"},\"full\":{\"url\":\"https:\/\/www.cykloromantika.cz\/wp-content\/uploads\/2023\/11\/foto-2023-0729-39.jpg\",\"height\":768,\"width\":1024,\"orientation\":\"landscape\"}},\"imageMeta\":{\"aperture\":\"1.7\",\"credit\":\"\",\"camera\":\"SM-G955F\",\"caption\":\"\",\"created_timestamp\":\"1690641342\",\"copyright\":\"\",\"focal_length\":\"4.2\",\"iso\":\"40\",\"shutter_speed\":\"0.000249500998004\",\"title\":\"\",\"orientation\":\"0\",\"keywords\":[]},\"meta\":false,\"postlink\":\"https:\/\/www.cykloromantika.cz\/foto-2023-0729-39\/\"},{\"id\":8351,\"title\":\"Foto 2023 0729 40\",\"url\":\"https:\/\/www.cykloromantika.cz\/wp-content\/uploads\/2023\/11\/foto-2023-0729-40.jpg\",\"link\":\"https:\/\/www.cykloromantika.cz\/foto-2023-0729-40\/\",\"alt\":\"\",\"description\":\"\",\"caption\":\"L\u00e9k\u00e1rna U Matky Bo\u017e\u00ed v Litom\u011b\u0159ic\u00edch\",\"mime\":\"image\/jpeg\",\"type\":\"image\",\"width\":768,\"height\":1024,\"sizes\":{\"thumbnail\":{\"height\":150,\"width\":113,\"url\":\"https:\/\/www.cykloromantika.cz\/wp-content\/uploads\/2023\/11\/foto-2023-0729-40-113x150.jpg\",\"orientation\":\"portrait\"},\"medium\":{\"height\":300,\"width\":225,\"url\":\"https:\/\/www.cykloromantika.cz\/wp-content\/uploads\/2023\/11\/foto-2023-0729-40-225x300.jpg\",\"orientation\":\"portrait\"},\"full\":{\"url\":\"https:\/\/www.cykloromantika.cz\/wp-content\/uploads\/2023\/11\/foto-2023-0729-40.jpg\",\"height\":1024,\"width\":768,\"orientation\":\"portrait\"}},\"imageMeta\":{\"aperture\":\"1.7\",\"credit\":\"\",\"camera\":\"SM-G955F\",\"caption\":\"\",\"created_timestamp\":\"1690641536\",\"copyright\":\"\",\"focal_length\":\"4.2\",\"iso\":\"40\",\"shutter_speed\":\"0.00036443148688\",\"title\":\"\",\"orientation\":\"0\",\"keywords\":[]},\"meta\":false,\"postlink\":\"https:\/\/www.cykloromantika.cz\/foto-2023-0729-40\/\"},{\"id\":8352,\"title\":\"Foto 2023 0729 41\",\"url\":\"https:\/\/www.cykloromantika.cz\/wp-content\/uploads\/2023\/11\/foto-2023-0729-41.jpg\",\"link\":\"https:\/\/www.cykloromantika.cz\/foto-2023-0729-41\/\",\"alt\":\"\",\"description\":\"\",\"caption\":\"Pivovarsk\u00fd s\u00e1l\/d\u00edlna v Litom\u011b\u0159ic\u00edch \u2013 span\u00ed povoleno?\",\"mime\":\"image\/jpeg\",\"type\":\"image\",\"width\":1024,\"height\":768,\"sizes\":{\"thumbnail\":{\"height\":113,\"width\":150,\"url\":\"https:\/\/www.cykloromantika.cz\/wp-content\/uploads\/2023\/11\/foto-2023-0729-41-150x113.jpg\",\"orientation\":\"landscape\"},\"medium\":{\"height\":225,\"width\":300,\"url\":\"https:\/\/www.cykloromantika.cz\/wp-content\/uploads\/2023\/11\/foto-2023-0729-41-300x225.jpg\",\"orientation\":\"landscape\"},\"full\":{\"url\":\"https:\/\/www.cykloromantika.cz\/wp-content\/uploads\/2023\/11\/foto-2023-0729-41.jpg\",\"height\":768,\"width\":1024,\"orientation\":\"landscape\"}},\"imageMeta\":{\"aperture\":\"1.7\",\"credit\":\"\",\"camera\":\"SM-G955F\",\"caption\":\"\",\"created_timestamp\":\"1690647192\",\"copyright\":\"\",\"focal_length\":\"4.2\",\"iso\":\"40\",\"shutter_speed\":\"0.02\",\"title\":\"\",\"orientation\":\"0\",\"keywords\":[]},\"meta\":false,\"postlink\":\"https:\/\/www.cykloromantika.cz\/foto-2023-0729-41\/\"},{\"id\":8353,\"title\":\"Foto 2023 0729 42\",\"url\":\"https:\/\/www.cykloromantika.cz\/wp-content\/uploads\/2023\/11\/foto-2023-0729-42.jpg\",\"link\":\"https:\/\/www.cykloromantika.cz\/foto-2023-0729-42\/\",\"alt\":\"\",\"description\":\"\",\"caption\":\"P\u0159ed Pivovarsk\u00fdm s\u00e1lem \u2013 vzh\u016fru na cestu\",\"mime\":\"image\/jpeg\",\"type\":\"image\",\"width\":1024,\"height\":768,\"sizes\":{\"thumbnail\":{\"height\":113,\"width\":150,\"url\":\"https:\/\/www.cykloromantika.cz\/wp-content\/uploads\/2023\/11\/foto-2023-0729-42-150x113.jpg\",\"orientation\":\"landscape\"},\"medium\":{\"height\":225,\"width\":300,\"url\":\"https:\/\/www.cykloromantika.cz\/wp-content\/uploads\/2023\/11\/foto-2023-0729-42-300x225.jpg\",\"orientation\":\"landscape\"},\"full\":{\"url\":\"https:\/\/www.cykloromantika.cz\/wp-content\/uploads\/2023\/11\/foto-2023-0729-42.jpg\",\"height\":768,\"width\":1024,\"orientation\":\"landscape\"}},\"imageMeta\":{\"aperture\":\"1.7\",\"credit\":\"\",\"camera\":\"SM-G955F\",\"caption\":\"\",\"created_timestamp\":\"1690648105\",\"copyright\":\"\",\"focal_length\":\"4.2\",\"iso\":\"40\",\"shutter_speed\":\"0.00171821305842\",\"title\":\"\",\"orientation\":\"0\",\"keywords\":[]},\"meta\":false,\"postlink\":\"https:\/\/www.cykloromantika.cz\/foto-2023-0729-42\/\"},{\"id\":8354,\"title\":\"Foto 2023 0729 43\",\"url\":\"https:\/\/www.cykloromantika.cz\/wp-content\/uploads\/2023\/11\/foto-2023-0729-43.jpg\",\"link\":\"https:\/\/www.cykloromantika.cz\/foto-2023-0729-43\/\",\"alt\":\"\",\"description\":\"\",\"caption\":\"Mal\u00e1 vodn\u00ed elektr\u00e1rna Litom\u011b\u0159ice\",\"mime\":\"image\/jpeg\",\"type\":\"image\",\"width\":1024,\"height\":683,\"sizes\":{\"thumbnail\":{\"height\":100,\"width\":150,\"url\":\"https:\/\/www.cykloromantika.cz\/wp-content\/uploads\/2023\/11\/foto-2023-0729-43-150x100.jpg\",\"orientation\":\"landscape\"},\"medium\":{\"height\":200,\"width\":300,\"url\":\"https:\/\/www.cykloromantika.cz\/wp-content\/uploads\/2023\/11\/foto-2023-0729-43-300x200.jpg\",\"orientation\":\"landscape\"},\"full\":{\"url\":\"https:\/\/www.cykloromantika.cz\/wp-content\/uploads\/2023\/11\/foto-2023-0729-43.jpg\",\"height\":683,\"width\":1024,\"orientation\":\"landscape\"}},\"imageMeta\":{\"aperture\":\"1.7\",\"credit\":\"\",\"camera\":\"SM-G955F\",\"caption\":\"\",\"created_timestamp\":\"1690649142\",\"copyright\":\"\",\"focal_length\":\"4.2\",\"iso\":\"40\",\"shutter_speed\":\"0.000389408099688\",\"title\":\"\",\"orientation\":\"0\",\"keywords\":[]},\"meta\":false,\"postlink\":\"https:\/\/www.cykloromantika.cz\/foto-2023-0729-43\/\"},{\"id\":8355,\"title\":\"Foto 2023 0729 44\",\"url\":\"https:\/\/www.cykloromantika.cz\/wp-content\/uploads\/2023\/11\/foto-2023-0729-44.jpg\",\"link\":\"https:\/\/www.cykloromantika.cz\/foto-2023-0729-44\/\",\"alt\":\"\",\"description\":\"\",\"caption\":\"\u0158\u00edp p\u0159ed n\u00e1mi \u2013 kousek p\u0159ed Lounkami\",\"mime\":\"image\/jpeg\",\"type\":\"image\",\"width\":1024,\"height\":439,\"sizes\":{\"thumbnail\":{\"height\":64,\"width\":150,\"url\":\"https:\/\/www.cykloromantika.cz\/wp-content\/uploads\/2023\/11\/foto-2023-0729-44-150x64.jpg\",\"orientation\":\"landscape\"},\"medium\":{\"height\":129,\"width\":300,\"url\":\"https:\/\/www.cykloromantika.cz\/wp-content\/uploads\/2023\/11\/foto-2023-0729-44-300x129.jpg\",\"orientation\":\"landscape\"},\"full\":{\"url\":\"https:\/\/www.cykloromantika.cz\/wp-content\/uploads\/2023\/11\/foto-2023-0729-44.jpg\",\"height\":439,\"width\":1024,\"orientation\":\"landscape\"}},\"imageMeta\":{\"aperture\":\"1.5\",\"credit\":\"\",\"camera\":\"SM-G970F\",\"caption\":\"\",\"created_timestamp\":\"1690650277\",\"copyright\":\"\",\"focal_length\":\"4.32\",\"iso\":\"100\",\"shutter_speed\":\"0.000125\",\"title\":\"\",\"orientation\":\"0\",\"keywords\":[]},\"meta\":false,\"postlink\":\"https:\/\/www.cykloromantika.cz\/foto-2023-0729-44\/\"},{\"id\":8356,\"title\":\"Foto 2023 0729 45\",\"url\":\"https:\/\/www.cykloromantika.cz\/wp-content\/uploads\/2023\/11\/foto-2023-0729-45.jpg\",\"link\":\"https:\/\/www.cykloromantika.cz\/foto-2023-0729-45\/\",\"alt\":\"\",\"description\":\"\",\"caption\":\"\u0158\u00edp se p\u0159ibli\u017euje \u2013 kousek p\u0159ed V\u011bdomicemi\",\"mime\":\"image\/jpeg\",\"type\":\"image\",\"width\":1024,\"height\":683,\"sizes\":{\"thumbnail\":{\"height\":100,\"width\":150,\"url\":\"https:\/\/www.cykloromantika.cz\/wp-content\/uploads\/2023\/11\/foto-2023-0729-45-150x100.jpg\",\"orientation\":\"landscape\"},\"medium\":{\"height\":200,\"width\":300,\"url\":\"https:\/\/www.cykloromantika.cz\/wp-content\/uploads\/2023\/11\/foto-2023-0729-45-300x200.jpg\",\"orientation\":\"landscape\"},\"full\":{\"url\":\"https:\/\/www.cykloromantika.cz\/wp-content\/uploads\/2023\/11\/foto-2023-0729-45.jpg\",\"height\":683,\"width\":1024,\"orientation\":\"landscape\"}},\"imageMeta\":{\"aperture\":\"1.7\",\"credit\":\"\",\"camera\":\"SM-G955F\",\"caption\":\"\",\"created_timestamp\":\"1690651647\",\"copyright\":\"\",\"focal_length\":\"4.2\",\"iso\":\"40\",\"shutter_speed\":\"0.000370919881306\",\"title\":\"\",\"orientation\":\"0\",\"keywords\":[]},\"meta\":false,\"postlink\":\"https:\/\/www.cykloromantika.cz\/foto-2023-0729-45\/\"},{\"id\":8357,\"title\":\"Foto 2023 0729 46\",\"url\":\"https:\/\/www.cykloromantika.cz\/wp-content\/uploads\/2023\/11\/foto-2023-0729-46.jpg\",\"link\":\"https:\/\/www.cykloromantika.cz\/foto-2023-0729-46\/\",\"alt\":\"\",\"description\":\"\",\"caption\":\"Vodn\u00ed kan\u00e1l v Roudnici nad Labem\",\"mime\":\"image\/jpeg\",\"type\":\"image\",\"width\":768,\"height\":1024,\"sizes\":{\"thumbnail\":{\"height\":150,\"width\":113,\"url\":\"https:\/\/www.cykloromantika.cz\/wp-content\/uploads\/2023\/11\/foto-2023-0729-46-113x150.jpg\",\"orientation\":\"portrait\"},\"medium\":{\"height\":300,\"width\":225,\"url\":\"https:\/\/www.cykloromantika.cz\/wp-content\/uploads\/2023\/11\/foto-2023-0729-46-225x300.jpg\",\"orientation\":\"portrait\"},\"full\":{\"url\":\"https:\/\/www.cykloromantika.cz\/wp-content\/uploads\/2023\/11\/foto-2023-0729-46.jpg\",\"height\":1024,\"width\":768,\"orientation\":\"portrait\"}},\"imageMeta\":{\"aperture\":\"1.7\",\"credit\":\"\",\"camera\":\"SM-G955F\",\"caption\":\"\",\"created_timestamp\":\"1690652230\",\"copyright\":\"\",\"focal_length\":\"4.2\",\"iso\":\"40\",\"shutter_speed\":\"0.000274122807018\",\"title\":\"\",\"orientation\":\"0\",\"keywords\":[]},\"meta\":false,\"postlink\":\"https:\/\/www.cykloromantika.cz\/foto-2023-0729-46\/\"},{\"id\":8358,\"title\":\"Foto 2023 0729 47\",\"url\":\"https:\/\/www.cykloromantika.cz\/wp-content\/uploads\/2023\/11\/foto-2023-0729-47.jpg\",\"link\":\"https:\/\/www.cykloromantika.cz\/foto-2023-0729-47\/\",\"alt\":\"\",\"description\":\"\",\"caption\":\"Roudnice nad Labem\",\"mime\":\"image\/jpeg\",\"type\":\"image\",\"width\":1024,\"height\":683,\"sizes\":{\"thumbnail\":{\"height\":100,\"width\":150,\"url\":\"https:\/\/www.cykloromantika.cz\/wp-content\/uploads\/2023\/11\/foto-2023-0729-47-150x100.jpg\",\"orientation\":\"landscape\"},\"medium\":{\"height\":200,\"width\":300,\"url\":\"https:\/\/www.cykloromantika.cz\/wp-content\/uploads\/2023\/11\/foto-2023-0729-47-300x200.jpg\",\"orientation\":\"landscape\"},\"full\":{\"url\":\"https:\/\/www.cykloromantika.cz\/wp-content\/uploads\/2023\/11\/foto-2023-0729-47.jpg\",\"height\":683,\"width\":1024,\"orientation\":\"landscape\"}},\"imageMeta\":{\"aperture\":\"1.7\",\"credit\":\"\",\"camera\":\"SM-G955F\",\"caption\":\"\",\"created_timestamp\":\"1690652342\",\"copyright\":\"\",\"focal_length\":\"4.2\",\"iso\":\"40\",\"shutter_speed\":\"0.000335120643432\",\"title\":\"\",\"orientation\":\"0\",\"keywords\":[]},\"meta\":false,\"postlink\":\"https:\/\/www.cykloromantika.cz\/foto-2023-0729-47\/\"},{\"id\":8359,\"title\":\"Foto 2023 0729 48\",\"url\":\"https:\/\/www.cykloromantika.cz\/wp-content\/uploads\/2023\/11\/foto-2023-0729-48.jpg\",\"link\":\"https:\/\/www.cykloromantika.cz\/foto-2023-0729-48\/\",\"alt\":\"\",\"description\":\"\",\"caption\":\"Z\u00e1mek Roudnice nad Labem\",\"mime\":\"image\/jpeg\",\"type\":\"image\",\"width\":1024,\"height\":683,\"sizes\":{\"thumbnail\":{\"height\":100,\"width\":150,\"url\":\"https:\/\/www.cykloromantika.cz\/wp-content\/uploads\/2023\/11\/foto-2023-0729-48-150x100.jpg\",\"orientation\":\"landscape\"},\"medium\":{\"height\":200,\"width\":300,\"url\":\"https:\/\/www.cykloromantika.cz\/wp-content\/uploads\/2023\/11\/foto-2023-0729-48-300x200.jpg\",\"orientation\":\"landscape\"},\"full\":{\"url\":\"https:\/\/www.cykloromantika.cz\/wp-content\/uploads\/2023\/11\/foto-2023-0729-48.jpg\",\"height\":683,\"width\":1024,\"orientation\":\"landscape\"}},\"imageMeta\":{\"aperture\":\"1.7\",\"credit\":\"\",\"camera\":\"SM-G955F\",\"caption\":\"\",\"created_timestamp\":\"1690652649\",\"copyright\":\"\",\"focal_length\":\"4.2\",\"iso\":\"40\",\"shutter_speed\":\"0.000394321766562\",\"title\":\"\",\"orientation\":\"0\",\"keywords\":[]},\"meta\":false,\"postlink\":\"https:\/\/www.cykloromantika.cz\/foto-2023-0729-48\/\"},{\"id\":8360,\"title\":\"Foto 2023 0729 51\",\"url\":\"https:\/\/www.cykloromantika.cz\/wp-content\/uploads\/2023\/11\/foto-2023-0729-51.jpg\",\"link\":\"https:\/\/www.cykloromantika.cz\/foto-2023-0729-51\/\",\"alt\":\"\",\"description\":\"\",\"caption\":\"Strategie postupu sm\u011brem na \u0158\u00edp\",\"mime\":\"image\/jpeg\",\"type\":\"image\",\"width\":1024,\"height\":683,\"sizes\":{\"thumbnail\":{\"height\":100,\"width\":150,\"url\":\"https:\/\/www.cykloromantika.cz\/wp-content\/uploads\/2023\/11\/foto-2023-0729-51-150x100.jpg\",\"orientation\":\"landscape\"},\"medium\":{\"height\":200,\"width\":300,\"url\":\"https:\/\/www.cykloromantika.cz\/wp-content\/uploads\/2023\/11\/foto-2023-0729-51-300x200.jpg\",\"orientation\":\"landscape\"},\"full\":{\"url\":\"https:\/\/www.cykloromantika.cz\/wp-content\/uploads\/2023\/11\/foto-2023-0729-51.jpg\",\"height\":683,\"width\":1024,\"orientation\":\"landscape\"}},\"imageMeta\":{\"aperture\":\"1.7\",\"credit\":\"\",\"camera\":\"SM-G955F\",\"caption\":\"\",\"created_timestamp\":\"1690653002\",\"copyright\":\"\",\"focal_length\":\"4.2\",\"iso\":\"40\",\"shutter_speed\":\"0.000664893617021\",\"title\":\"\",\"orientation\":\"0\",\"keywords\":[]},\"meta\":false,\"postlink\":\"https:\/\/www.cykloromantika.cz\/foto-2023-0729-51\/\"},{\"id\":8361,\"title\":\"Foto 2023 0729 52\",\"url\":\"https:\/\/www.cykloromantika.cz\/wp-content\/uploads\/2023\/11\/foto-2023-0729-52.jpg\",\"link\":\"https:\/\/www.cykloromantika.cz\/foto-2023-0729-52\/\",\"alt\":\"\",\"description\":\"\",\"caption\":\"\u0158\u00edp je na dosah, ale st\u00e1le je\u0161t\u011b chyb\u00ed to hlavn\u00ed \u2013 v\u00fdjezd nahoru!\",\"mime\":\"image\/jpeg\",\"type\":\"image\",\"width\":1024,\"height\":576,\"sizes\":{\"thumbnail\":{\"height\":84,\"width\":150,\"url\":\"https:\/\/www.cykloromantika.cz\/wp-content\/uploads\/2023\/11\/foto-2023-0729-52-150x84.jpg\",\"orientation\":\"landscape\"},\"medium\":{\"height\":169,\"width\":300,\"url\":\"https:\/\/www.cykloromantika.cz\/wp-content\/uploads\/2023\/11\/foto-2023-0729-52-300x169.jpg\",\"orientation\":\"landscape\"},\"full\":{\"url\":\"https:\/\/www.cykloromantika.cz\/wp-content\/uploads\/2023\/11\/foto-2023-0729-52.jpg\",\"height\":576,\"width\":1024,\"orientation\":\"landscape\"}},\"imageMeta\":{\"aperture\":\"1.7\",\"credit\":\"\",\"camera\":\"SM-G955F\",\"caption\":\"\",\"created_timestamp\":\"1690653851\",\"copyright\":\"\",\"focal_length\":\"4.2\",\"iso\":\"40\",\"shutter_speed\":\"0.000394321766562\",\"title\":\"\",\"orientation\":\"0\",\"keywords\":[]},\"meta\":false,\"postlink\":\"https:\/\/www.cykloromantika.cz\/foto-2023-0729-52\/\"},{\"id\":8362,\"title\":\"Foto 2023 0729 53\",\"url\":\"https:\/\/www.cykloromantika.cz\/wp-content\/uploads\/2023\/11\/foto-2023-0729-53.jpg\",\"link\":\"https:\/\/www.cykloromantika.cz\/foto-2023-0729-53\/\",\"alt\":\"\",\"description\":\"\",\"caption\":\"Tla\u010d\u00edme v\u0161ichni!\",\"mime\":\"image\/jpeg\",\"type\":\"image\",\"width\":768,\"height\":1024,\"sizes\":{\"thumbnail\":{\"height\":150,\"width\":113,\"url\":\"https:\/\/www.cykloromantika.cz\/wp-content\/uploads\/2023\/11\/foto-2023-0729-53-113x150.jpg\",\"orientation\":\"portrait\"},\"medium\":{\"height\":300,\"width\":225,\"url\":\"https:\/\/www.cykloromantika.cz\/wp-content\/uploads\/2023\/11\/foto-2023-0729-53-225x300.jpg\",\"orientation\":\"portrait\"},\"full\":{\"url\":\"https:\/\/www.cykloromantika.cz\/wp-content\/uploads\/2023\/11\/foto-2023-0729-53.jpg\",\"height\":1024,\"width\":768,\"orientation\":\"portrait\"}},\"imageMeta\":{\"aperture\":\"1.7\",\"credit\":\"\",\"camera\":\"SM-G955F\",\"caption\":\"\",\"created_timestamp\":\"1690655376\",\"copyright\":\"\",\"focal_length\":\"4.2\",\"iso\":\"160\",\"shutter_speed\":\"0.030303030303\",\"title\":\"\",\"orientation\":\"0\",\"keywords\":[]},\"meta\":false,\"postlink\":\"https:\/\/www.cykloromantika.cz\/foto-2023-0729-53\/\"},{\"id\":8363,\"title\":\"Foto 2023 0729 54\",\"url\":\"https:\/\/www.cykloromantika.cz\/wp-content\/uploads\/2023\/11\/foto-2023-0729-54.jpg\",\"link\":\"https:\/\/www.cykloromantika.cz\/foto-2023-0729-54\/\",\"alt\":\"\",\"description\":\"\",\"caption\":\"M\u011blnick\u00e1 vyhl\u00eddka se stejnojmennou elektr\u00e1rnou v pozad\u00ed\",\"mime\":\"image\/jpeg\",\"type\":\"image\",\"width\":1024,\"height\":576,\"sizes\":{\"thumbnail\":{\"height\":84,\"width\":150,\"url\":\"https:\/\/www.cykloromantika.cz\/wp-content\/uploads\/2023\/11\/foto-2023-0729-54-150x84.jpg\",\"orientation\":\"landscape\"},\"medium\":{\"height\":169,\"width\":300,\"url\":\"https:\/\/www.cykloromantika.cz\/wp-content\/uploads\/2023\/11\/foto-2023-0729-54-300x169.jpg\",\"orientation\":\"landscape\"},\"full\":{\"url\":\"https:\/\/www.cykloromantika.cz\/wp-content\/uploads\/2023\/11\/foto-2023-0729-54.jpg\",\"height\":576,\"width\":1024,\"orientation\":\"landscape\"}},\"imageMeta\":{\"aperture\":\"1.7\",\"credit\":\"\",\"camera\":\"SM-G955F\",\"caption\":\"\",\"created_timestamp\":\"1690655604\",\"copyright\":\"\",\"focal_length\":\"4.2\",\"iso\":\"40\",\"shutter_speed\":\"0.000484496124031\",\"title\":\"\",\"orientation\":\"0\",\"keywords\":[]},\"meta\":false,\"postlink\":\"https:\/\/www.cykloromantika.cz\/foto-2023-0729-54\/\"},{\"id\":8364,\"title\":\"Foto 2023 0729 56\",\"url\":\"https:\/\/www.cykloromantika.cz\/wp-content\/uploads\/2023\/11\/foto-2023-0729-56.jpg\",\"link\":\"https:\/\/www.cykloromantika.cz\/foto-2023-0729-56\/\",\"alt\":\"\",\"description\":\"\",\"caption\":\"Bob\u016fv pohled na \u0158\u00edp\",\"mime\":\"image\/jpeg\",\"type\":\"image\",\"width\":768,\"height\":1024,\"sizes\":{\"thumbnail\":{\"height\":150,\"width\":113,\"url\":\"https:\/\/www.cykloromantika.cz\/wp-content\/uploads\/2023\/11\/foto-2023-0729-56-113x150.jpg\",\"orientation\":\"portrait\"},\"medium\":{\"height\":300,\"width\":225,\"url\":\"https:\/\/www.cykloromantika.cz\/wp-content\/uploads\/2023\/11\/foto-2023-0729-56-225x300.jpg\",\"orientation\":\"portrait\"},\"full\":{\"url\":\"https:\/\/www.cykloromantika.cz\/wp-content\/uploads\/2023\/11\/foto-2023-0729-56.jpg\",\"height\":1024,\"width\":768,\"orientation\":\"portrait\"}},\"imageMeta\":{\"aperture\":\"1.7\",\"credit\":\"\",\"camera\":\"SM-G955F\",\"caption\":\"\",\"created_timestamp\":\"1690656117\",\"copyright\":\"\",\"focal_length\":\"4.2\",\"iso\":\"40\",\"shutter_speed\":\"0.00116822429907\",\"title\":\"\",\"orientation\":\"0\",\"keywords\":[]},\"meta\":false,\"postlink\":\"https:\/\/www.cykloromantika.cz\/foto-2023-0729-56\/\"},{\"id\":8365,\"title\":\"Foto 2023 0729 57\",\"url\":\"https:\/\/www.cykloromantika.cz\/wp-content\/uploads\/2023\/11\/foto-2023-0729-57.jpg\",\"link\":\"https:\/\/www.cykloromantika.cz\/foto-2023-0729-57\/\",\"alt\":\"\",\"description\":\"\",\"caption\":\"V\u0161ichni naho\u0159e \u2013 te\u010de z n\u00e1s pot proudem!\",\"mime\":\"image\/jpeg\",\"type\":\"image\",\"width\":1024,\"height\":768,\"sizes\":{\"thumbnail\":{\"height\":113,\"width\":150,\"url\":\"https:\/\/www.cykloromantika.cz\/wp-content\/uploads\/2023\/11\/foto-2023-0729-57-150x113.jpg\",\"orientation\":\"landscape\"},\"medium\":{\"height\":225,\"width\":300,\"url\":\"https:\/\/www.cykloromantika.cz\/wp-content\/uploads\/2023\/11\/foto-2023-0729-57-300x225.jpg\",\"orientation\":\"landscape\"},\"full\":{\"url\":\"https:\/\/www.cykloromantika.cz\/wp-content\/uploads\/2023\/11\/foto-2023-0729-57.jpg\",\"height\":768,\"width\":1024,\"orientation\":\"landscape\"}},\"imageMeta\":{\"aperture\":\"1.8\",\"credit\":\"\",\"camera\":\"SM-G991B\",\"caption\":\"\",\"created_timestamp\":\"1690656237\",\"copyright\":\"\",\"focal_length\":\"5.4\",\"iso\":\"50\",\"shutter_speed\":\"0.00106609808102\",\"title\":\"\",\"orientation\":\"0\",\"keywords\":[]},\"meta\":false,\"postlink\":\"https:\/\/www.cykloromantika.cz\/foto-2023-0729-57\/\"},{\"id\":8366,\"title\":\"Foto 2023 0729 61\",\"url\":\"https:\/\/www.cykloromantika.cz\/wp-content\/uploads\/2023\/11\/foto-2023-0729-61.jpg\",\"link\":\"https:\/\/www.cykloromantika.cz\/foto-2023-0729-61\/\",\"alt\":\"\",\"description\":\"\",\"caption\":\"Bobova chvilka u Rotundy sv. Ji\u0159\u00ed a sv. Vojt\u011bcha\",\"mime\":\"image\/jpeg\",\"type\":\"image\",\"width\":1024,\"height\":768,\"sizes\":{\"thumbnail\":{\"height\":113,\"width\":150,\"url\":\"https:\/\/www.cykloromantika.cz\/wp-content\/uploads\/2023\/11\/foto-2023-0729-61-150x113.jpg\",\"orientation\":\"landscape\"},\"medium\":{\"height\":225,\"width\":300,\"url\":\"https:\/\/www.cykloromantika.cz\/wp-content\/uploads\/2023\/11\/foto-2023-0729-61-300x225.jpg\",\"orientation\":\"landscape\"},\"full\":{\"url\":\"https:\/\/www.cykloromantika.cz\/wp-content\/uploads\/2023\/11\/foto-2023-0729-61.jpg\",\"height\":768,\"width\":1024,\"orientation\":\"landscape\"}},\"imageMeta\":{\"aperture\":\"2.2\",\"credit\":\"\",\"camera\":\"SM-G991B\",\"caption\":\"\",\"created_timestamp\":\"1690656538\",\"copyright\":\"\",\"focal_length\":\"2.2\",\"iso\":\"50\",\"shutter_speed\":\"0.00100806451613\",\"title\":\"\",\"orientation\":\"0\",\"keywords\":[]},\"meta\":false,\"postlink\":\"https:\/\/www.cykloromantika.cz\/foto-2023-0729-61\/\"},{\"id\":8367,\"title\":\"Foto 2023 0729 63\",\"url\":\"https:\/\/www.cykloromantika.cz\/wp-content\/uploads\/2023\/11\/foto-2023-0729-63.jpg\",\"link\":\"https:\/\/www.cykloromantika.cz\/foto-2023-0729-63\/\",\"alt\":\"\",\"description\":\"\",\"caption\":\"Chata \u0158\u00edp u\u017e byla pro n\u00e1s zav\u0159en\u00e1.\",\"mime\":\"image\/jpeg\",\"type\":\"image\",\"width\":768,\"height\":1024,\"sizes\":{\"thumbnail\":{\"height\":150,\"width\":113,\"url\":\"https:\/\/www.cykloromantika.cz\/wp-content\/uploads\/2023\/11\/foto-2023-0729-63-113x150.jpg\",\"orientation\":\"portrait\"},\"medium\":{\"height\":300,\"width\":225,\"url\":\"https:\/\/www.cykloromantika.cz\/wp-content\/uploads\/2023\/11\/foto-2023-0729-63-225x300.jpg\",\"orientation\":\"portrait\"},\"full\":{\"url\":\"https:\/\/www.cykloromantika.cz\/wp-content\/uploads\/2023\/11\/foto-2023-0729-63.jpg\",\"height\":1024,\"width\":768,\"orientation\":\"portrait\"}},\"imageMeta\":{\"aperture\":\"1.8\",\"credit\":\"\",\"camera\":\"SM-G991B\",\"caption\":\"\",\"created_timestamp\":\"1690656672\",\"copyright\":\"\",\"focal_length\":\"5.4\",\"iso\":\"50\",\"shutter_speed\":\"0.00196078431373\",\"title\":\"\",\"orientation\":\"0\",\"keywords\":[]},\"meta\":false,\"postlink\":\"https:\/\/www.cykloromantika.cz\/foto-2023-0729-63\/\"},{\"id\":8368,\"title\":\"Foto 2023 0729 70\",\"url\":\"https:\/\/www.cykloromantika.cz\/wp-content\/uploads\/2023\/11\/foto-2023-0729-70.jpg\",\"link\":\"https:\/\/www.cykloromantika.cz\/foto-2023-0729-70\/\",\"alt\":\"\",\"description\":\"\",\"caption\":\"Z\u00e1mek M\u011bln\u00edk\",\"mime\":\"image\/jpeg\",\"type\":\"image\",\"width\":1024,\"height\":576,\"sizes\":{\"thumbnail\":{\"height\":84,\"width\":150,\"url\":\"https:\/\/www.cykloromantika.cz\/wp-content\/uploads\/2023\/11\/foto-2023-0729-70-150x84.jpg\",\"orientation\":\"landscape\"},\"medium\":{\"height\":169,\"width\":300,\"url\":\"https:\/\/www.cykloromantika.cz\/wp-content\/uploads\/2023\/11\/foto-2023-0729-70-300x169.jpg\",\"orientation\":\"landscape\"},\"full\":{\"url\":\"https:\/\/www.cykloromantika.cz\/wp-content\/uploads\/2023\/11\/foto-2023-0729-70.jpg\",\"height\":576,\"width\":1024,\"orientation\":\"landscape\"}},\"imageMeta\":{\"aperture\":\"1.7\",\"credit\":\"\",\"camera\":\"SM-G955F\",\"caption\":\"\",\"created_timestamp\":\"1690661915\",\"copyright\":\"\",\"focal_length\":\"4.2\",\"iso\":\"40\",\"shutter_speed\":\"0.00537634408602\",\"title\":\"\",\"orientation\":\"0\",\"keywords\":[]},\"meta\":false,\"postlink\":\"https:\/\/www.cykloromantika.cz\/foto-2023-0729-70\/\"},{\"id\":8369,\"title\":\"Foto 2023 0729 71\",\"url\":\"https:\/\/www.cykloromantika.cz\/wp-content\/uploads\/2023\/11\/foto-2023-0729-71.jpg\",\"link\":\"https:\/\/www.cykloromantika.cz\/foto-2023-0729-71\/\",\"alt\":\"\",\"description\":\"\",\"caption\":\"Ramon opravuje defekt \u2013 dojel t\u011bsn\u011b p\u0159ed bou\u0159kou!\",\"mime\":\"image\/jpeg\",\"type\":\"image\",\"width\":683,\"height\":1024,\"sizes\":{\"thumbnail\":{\"height\":150,\"width\":100,\"url\":\"https:\/\/www.cykloromantika.cz\/wp-content\/uploads\/2023\/11\/foto-2023-0729-71-100x150.jpg\",\"orientation\":\"portrait\"},\"medium\":{\"height\":300,\"width\":200,\"url\":\"https:\/\/www.cykloromantika.cz\/wp-content\/uploads\/2023\/11\/foto-2023-0729-71-200x300.jpg\",\"orientation\":\"portrait\"},\"full\":{\"url\":\"https:\/\/www.cykloromantika.cz\/wp-content\/uploads\/2023\/11\/foto-2023-0729-71.jpg\",\"height\":1024,\"width\":683,\"orientation\":\"portrait\"}},\"imageMeta\":{\"aperture\":\"1.8\",\"credit\":\"\",\"camera\":\"SM-G991B\",\"caption\":\"\",\"created_timestamp\":\"1690666508\",\"copyright\":\"\",\"focal_length\":\"5.4\",\"iso\":\"1250\",\"shutter_speed\":\"0.0909090909091\",\"title\":\"\",\"orientation\":\"0\",\"keywords\":[]},\"meta\":false,\"postlink\":\"https:\/\/www.cykloromantika.cz\/foto-2023-0729-71\/\"},{\"id\":8370,\"title\":\"Foto 2023 0729 73\",\"url\":\"https:\/\/www.cykloromantika.cz\/wp-content\/uploads\/2023\/11\/foto-2023-0729-73.jpg\",\"link\":\"https:\/\/www.cykloromantika.cz\/foto-2023-0729-73\/\",\"alt\":\"\",\"description\":\"\",\"caption\":\"Spokojenost je na m\u00edst\u011b!\",\"mime\":\"image\/jpeg\",\"type\":\"image\",\"width\":682,\"height\":1024,\"sizes\":{\"thumbnail\":{\"height\":150,\"width\":100,\"url\":\"https:\/\/www.cykloromantika.cz\/wp-content\/uploads\/2023\/11\/foto-2023-0729-73-100x150.jpg\",\"orientation\":\"portrait\"},\"medium\":{\"height\":300,\"width\":200,\"url\":\"https:\/\/www.cykloromantika.cz\/wp-content\/uploads\/2023\/11\/foto-2023-0729-73-200x300.jpg\",\"orientation\":\"portrait\"},\"full\":{\"url\":\"https:\/\/www.cykloromantika.cz\/wp-content\/uploads\/2023\/11\/foto-2023-0729-73.jpg\",\"height\":1024,\"width\":682,\"orientation\":\"portrait\"}},\"imageMeta\":{\"aperture\":\"1.8\",\"credit\":\"\",\"camera\":\"SM-G991B\",\"caption\":\"\",\"created_timestamp\":\"1690666595\",\"copyright\":\"\",\"focal_length\":\"5.4\",\"iso\":\"1250\",\"shutter_speed\":\"0.04\",\"title\":\"\",\"orientation\":\"0\",\"keywords\":[]},\"meta\":false,\"postlink\":\"https:\/\/www.cykloromantika.cz\/foto-2023-0729-73\/\"}],\"useClobalSettings\":true,\"galleryBorderRadius\":8,\"shareFacebook\":false,\"shareTwitter\":false,\"sharePinterest\":false,\"sharePost\":\"postlink\",\"sliderItemTitleEnable\":true,\"sliderSocialShareEnabled\":false,\"itemsMetaDataCollection\":[]}<\/script><script>(function(){if(window.PGC_SGB && window.PGC_SGB.searcher){window.PGC_SGB.searcher.initBlocks()}})()<\/script><\/div>\n\n\n\n<p><\/p>\n\n\n\n<h3 class=\"wp-block-heading\">7.&nbsp;den: P\u0159es Prahu dom\u016f<\/h3>\n\n\n<div class=\"pgc-sgb-cb wp-block-pgcsimplygalleryblock-justified \" data-gallery-id=\"cb157360\"><div class=\"sgb-preloader\" id=\"pr_cb157360\">\n\t<div class=\"sgb-square\" style=\"background:#d4d4d4\"><\/div>\n\t<div class=\"sgb-square\" style=\"background:#d4d4d4\"><\/div>\n\t<div class=\"sgb-square\" style=\"background:#d4d4d4\"><\/div>\n\t<div class=\"sgb-square\" style=\"background:#d4d4d4\"><\/div><\/div><div class=\"simply-gallery-amp pgc_sgb_slider \"><noscript><div class=\"sgb-gallery\"><div class=\"sgb-item\"><a href=\"https:\/\/www.cykloromantika.cz\/foto-2023-0730-01\/\" target=\"_blank\"><img decoding=\"async\" alt=\"\" width=\"300\" height=\"169\" loading=\"lazy\" src=\"https:\/\/www.cykloromantika.cz\/wp-content\/uploads\/2023\/11\/foto-2023-0730-01-300x169.jpg\" srcset=\"https:\/\/www.cykloromantika.cz\/wp-content\/uploads\/2023\/11\/foto-2023-0730-01-300x169.jpg 300w,https:\/\/www.cykloromantika.cz\/wp-content\/uploads\/2023\/11\/foto-2023-0730-01.jpg 1024w\" sizes=\"auto, 250px\"\/><\/a><div class=\"sgb-item-caption\"><em>Klasick\u00e1 rann\u00ed fotka na\u0161eho brlohu \u2013 zase venku!<\/em><\/div><\/div><div class=\"sgb-item\"><a href=\"https:\/\/www.cykloromantika.cz\/foto-2023-0730-02\/\" target=\"_blank\"><img decoding=\"async\" alt=\"\" width=\"300\" height=\"200\" loading=\"lazy\" src=\"https:\/\/www.cykloromantika.cz\/wp-content\/uploads\/2023\/11\/foto-2023-0730-02-300x200.jpg\" srcset=\"https:\/\/www.cykloromantika.cz\/wp-content\/uploads\/2023\/11\/foto-2023-0730-02-300x200.jpg 300w,https:\/\/www.cykloromantika.cz\/wp-content\/uploads\/2023\/11\/foto-2023-0730-02.jpg 1024w\" sizes=\"auto, 250px\"\/><\/a><div class=\"sgb-item-caption\"><em>Perspektiva pta\u010d\u00ed<\/em><\/div><\/div><div class=\"sgb-item\"><a href=\"https:\/\/www.cykloromantika.cz\/foto-2023-0730-03\/\" target=\"_blank\"><img decoding=\"async\" alt=\"\" width=\"300\" height=\"169\" loading=\"lazy\" src=\"https:\/\/www.cykloromantika.cz\/wp-content\/uploads\/2023\/11\/foto-2023-0730-03-300x169.jpg\" srcset=\"https:\/\/www.cykloromantika.cz\/wp-content\/uploads\/2023\/11\/foto-2023-0730-03-300x169.jpg 300w,https:\/\/www.cykloromantika.cz\/wp-content\/uploads\/2023\/11\/foto-2023-0730-03.jpg 1024w\" sizes=\"auto, 250px\"\/><\/a><div class=\"sgb-item-caption\"><em>Z\u00e1mek M\u011bln\u00edk, rann\u00ed varianta<\/em><\/div><\/div><div class=\"sgb-item\"><a href=\"https:\/\/www.cykloromantika.cz\/foto-2023-0730-04\/\" target=\"_blank\"><img decoding=\"async\" alt=\"\" width=\"300\" height=\"200\" loading=\"lazy\" src=\"https:\/\/www.cykloromantika.cz\/wp-content\/uploads\/2023\/11\/foto-2023-0730-04-300x200.jpg\" srcset=\"https:\/\/www.cykloromantika.cz\/wp-content\/uploads\/2023\/11\/foto-2023-0730-04-300x200.jpg 300w,https:\/\/www.cykloromantika.cz\/wp-content\/uploads\/2023\/11\/foto-2023-0730-04.jpg 1024w\" sizes=\"auto, 250px\"\/><\/a><div class=\"sgb-item-caption\"><em>Soutok Vltavy s Labe <\/em><\/div><\/div><div class=\"sgb-item\"><a href=\"https:\/\/www.cykloromantika.cz\/foto-2023-0730-05\/\" target=\"_blank\"><img decoding=\"async\" alt=\"\" width=\"300\" height=\"200\" loading=\"lazy\" src=\"https:\/\/www.cykloromantika.cz\/wp-content\/uploads\/2023\/11\/foto-2023-0730-05-300x200.jpg\" srcset=\"https:\/\/www.cykloromantika.cz\/wp-content\/uploads\/2023\/11\/foto-2023-0730-05-300x200.jpg 300w,https:\/\/www.cykloromantika.cz\/wp-content\/uploads\/2023\/11\/foto-2023-0730-05.jpg 1024w\" sizes=\"auto, 250px\"\/><\/a><div class=\"sgb-item-caption\"><em>Soutok Vltavy s Labe od z\u00e1mku M\u011bln\u00edk <\/em><\/div><\/div><div class=\"sgb-item\"><a href=\"https:\/\/www.cykloromantika.cz\/foto-2023-0730-07\/\" target=\"_blank\"><img decoding=\"async\" alt=\"\" width=\"225\" height=\"300\" loading=\"lazy\" src=\"https:\/\/www.cykloromantika.cz\/wp-content\/uploads\/2023\/11\/foto-2023-0730-07-225x300.jpg\" srcset=\"https:\/\/www.cykloromantika.cz\/wp-content\/uploads\/2023\/11\/foto-2023-0730-07-225x300.jpg 225w,https:\/\/www.cykloromantika.cz\/wp-content\/uploads\/2023\/11\/foto-2023-0730-07.jpg 768w\" sizes=\"auto, 250px\"\/><\/a><div class=\"sgb-item-caption\"><em>Kostel sv. Petra a Pavla v M\u011bln\u00edku<\/em><\/div><\/div><div class=\"sgb-item\"><a href=\"https:\/\/www.cykloromantika.cz\/foto-2023-0730-08\/\" target=\"_blank\"><img decoding=\"async\" alt=\"\" width=\"225\" height=\"300\" loading=\"lazy\" src=\"https:\/\/www.cykloromantika.cz\/wp-content\/uploads\/2023\/11\/foto-2023-0730-08-225x300.jpg\" srcset=\"https:\/\/www.cykloromantika.cz\/wp-content\/uploads\/2023\/11\/foto-2023-0730-08-225x300.jpg 225w,https:\/\/www.cykloromantika.cz\/wp-content\/uploads\/2023\/11\/foto-2023-0730-08.jpg 768w\" sizes=\"auto, 250px\"\/><\/a><div class=\"sgb-item-caption\"><em>N\u00e1m. M\u00edru v M\u011bln\u00edku<\/em><\/div><\/div><div class=\"sgb-item\"><a href=\"https:\/\/www.cykloromantika.cz\/foto-2023-0730-09\/\" target=\"_blank\"><img decoding=\"async\" alt=\"\" width=\"225\" height=\"300\" loading=\"lazy\" src=\"https:\/\/www.cykloromantika.cz\/wp-content\/uploads\/2023\/11\/foto-2023-0730-09-225x300.jpg\" srcset=\"https:\/\/www.cykloromantika.cz\/wp-content\/uploads\/2023\/11\/foto-2023-0730-09-225x300.jpg 225w,https:\/\/www.cykloromantika.cz\/wp-content\/uploads\/2023\/11\/foto-2023-0730-09.jpg 768w\" sizes=\"auto, 250px\"\/><\/a><div class=\"sgb-item-caption\"><em>\u0158\u00edt\u00edme se pra\u017eskou dopravou!<\/em><\/div><\/div><div class=\"sgb-item\"><a href=\"https:\/\/www.cykloromantika.cz\/foto-2023-0730-10\/\" target=\"_blank\"><img decoding=\"async\" alt=\"\" width=\"225\" height=\"300\" loading=\"lazy\" src=\"https:\/\/www.cykloromantika.cz\/wp-content\/uploads\/2023\/11\/foto-2023-0730-10-225x300.jpg\" srcset=\"https:\/\/www.cykloromantika.cz\/wp-content\/uploads\/2023\/11\/foto-2023-0730-10-225x300.jpg 225w,https:\/\/www.cykloromantika.cz\/wp-content\/uploads\/2023\/11\/foto-2023-0730-10.jpg 768w\" sizes=\"auto, 250px\"\/><\/a><div class=\"sgb-item-caption\"><em>\u010cek\u00e1n\u00ed na vlak p\u0159edch\u00e1z\u00ed \u00faklid mokr\u00e9ho n\u00e1bytku. <\/em><\/div><\/div><div class=\"sgb-item\"><a href=\"https:\/\/www.cykloromantika.cz\/foto-2023-0730-11\/\" target=\"_blank\"><img decoding=\"async\" alt=\"\" width=\"225\" height=\"300\" loading=\"lazy\" src=\"https:\/\/www.cykloromantika.cz\/wp-content\/uploads\/2023\/11\/foto-2023-0730-11-225x300.jpg\" srcset=\"https:\/\/www.cykloromantika.cz\/wp-content\/uploads\/2023\/11\/foto-2023-0730-11-225x300.jpg 225w,https:\/\/www.cykloromantika.cz\/wp-content\/uploads\/2023\/11\/foto-2023-0730-11.jpg 768w\" sizes=\"auto, 250px\"\/><\/a><div class=\"sgb-item-caption\"><em>\u010cek\u00e1n\u00ed na vlak p\u0159edch\u00e1z\u00ed \u00faklid mokr\u00e9ho n\u00e1bytku.<\/em><\/div><\/div><div class=\"sgb-item\"><a href=\"https:\/\/www.cykloromantika.cz\/foto-2023-0730-12\/\" target=\"_blank\"><img decoding=\"async\" alt=\"\" width=\"300\" height=\"225\" loading=\"lazy\" src=\"https:\/\/www.cykloromantika.cz\/wp-content\/uploads\/2023\/11\/foto-2023-0730-12-300x225.jpg\" srcset=\"https:\/\/www.cykloromantika.cz\/wp-content\/uploads\/2023\/11\/foto-2023-0730-12-300x225.jpg 300w,https:\/\/www.cykloromantika.cz\/wp-content\/uploads\/2023\/11\/foto-2023-0730-12.jpg 1024w\" sizes=\"auto, 250px\"\/><\/a><div class=\"sgb-item-caption\"><em>Restaurace Rychl\u00edk \u2013 pozorujeme rej p\u0159ed n\u00e1dra\u017e\u00edm.<\/em><\/div><\/div><div class=\"sgb-item\"><a href=\"https:\/\/www.cykloromantika.cz\/foto-2023-0730-13\/\" target=\"_blank\"><img decoding=\"async\" alt=\"\" width=\"225\" height=\"300\" loading=\"lazy\" src=\"https:\/\/www.cykloromantika.cz\/wp-content\/uploads\/2023\/11\/foto-2023-0730-13-225x300.jpg\" srcset=\"https:\/\/www.cykloromantika.cz\/wp-content\/uploads\/2023\/11\/foto-2023-0730-13-225x300.jpg 225w,https:\/\/www.cykloromantika.cz\/wp-content\/uploads\/2023\/11\/foto-2023-0730-13.jpg 768w\" sizes=\"auto, 250px\"\/><\/a><div class=\"sgb-item-caption\"><em>\u0160\u0165avnat\u00e9 zakon\u010den\u00ed bohat\u00e9ho leto\u0161n\u00edho ro\u010dn\u00edku<\/em><\/div><\/div><\/div><\/noscript><\/div><script type=\"application\/json\" class=\"sgb-data\">{\"lastRowFill\":true,\"collectionThumbRecomendedHeight\":300,\"collectionThumbMiniScreenScale\":true,\"captionHAlign\":\"bottom\",\"collectionthumbHoverTitleFontSize\":12,\"collectionthumbRoundedCorners\":8,\"collectionthumbHoverTitleTextBgColor\":\"rgba(0,0,0,0.44)\",\"collectionThumbSubMenuShare\":false,\"galleryType\":\"pgc_sgb_justified\",\"galleryId\":\"cb157360\",\"images\":[{\"id\":8371,\"title\":\"Foto 2023 0730 01\",\"url\":\"https:\/\/www.cykloromantika.cz\/wp-content\/uploads\/2023\/11\/foto-2023-0730-01.jpg\",\"link\":\"https:\/\/www.cykloromantika.cz\/foto-2023-0730-01\/\",\"alt\":\"\",\"description\":\"\",\"caption\":\"Klasick\u00e1 rann\u00ed fotka na\u0161eho brlohu \u2013 zase venku!\",\"mime\":\"image\/jpeg\",\"type\":\"image\",\"width\":1024,\"height\":576,\"sizes\":{\"thumbnail\":{\"height\":84,\"width\":150,\"url\":\"https:\/\/www.cykloromantika.cz\/wp-content\/uploads\/2023\/11\/foto-2023-0730-01-150x84.jpg\",\"orientation\":\"landscape\"},\"medium\":{\"height\":169,\"width\":300,\"url\":\"https:\/\/www.cykloromantika.cz\/wp-content\/uploads\/2023\/11\/foto-2023-0730-01-300x169.jpg\",\"orientation\":\"landscape\"},\"full\":{\"url\":\"https:\/\/www.cykloromantika.cz\/wp-content\/uploads\/2023\/11\/foto-2023-0730-01.jpg\",\"height\":576,\"width\":1024,\"orientation\":\"landscape\"}},\"imageMeta\":{\"aperture\":\"1.8\",\"credit\":\"\",\"camera\":\"SM-G991B\",\"caption\":\"\",\"created_timestamp\":\"1690703516\",\"copyright\":\"\",\"focal_length\":\"5.4\",\"iso\":\"50\",\"shutter_speed\":\"0.00588235294118\",\"title\":\"\",\"orientation\":\"0\",\"keywords\":[]},\"meta\":false,\"postlink\":\"https:\/\/www.cykloromantika.cz\/foto-2023-0730-01\/\"},{\"id\":8372,\"title\":\"Foto 2023 0730 02\",\"url\":\"https:\/\/www.cykloromantika.cz\/wp-content\/uploads\/2023\/11\/foto-2023-0730-02.jpg\",\"link\":\"https:\/\/www.cykloromantika.cz\/foto-2023-0730-02\/\",\"alt\":\"\",\"description\":\"\",\"caption\":\"Perspektiva pta\u010d\u00ed\",\"mime\":\"image\/jpeg\",\"type\":\"image\",\"width\":1024,\"height\":683,\"sizes\":{\"thumbnail\":{\"height\":100,\"width\":150,\"url\":\"https:\/\/www.cykloromantika.cz\/wp-content\/uploads\/2023\/11\/foto-2023-0730-02-150x100.jpg\",\"orientation\":\"landscape\"},\"medium\":{\"height\":200,\"width\":300,\"url\":\"https:\/\/www.cykloromantika.cz\/wp-content\/uploads\/2023\/11\/foto-2023-0730-02-300x200.jpg\",\"orientation\":\"landscape\"},\"full\":{\"url\":\"https:\/\/www.cykloromantika.cz\/wp-content\/uploads\/2023\/11\/foto-2023-0730-02.jpg\",\"height\":683,\"width\":1024,\"orientation\":\"landscape\"}},\"imageMeta\":{\"aperture\":\"1.7\",\"credit\":\"\",\"camera\":\"SM-G955F\",\"caption\":\"\",\"created_timestamp\":\"1690705838\",\"copyright\":\"\",\"focal_length\":\"4.2\",\"iso\":\"40\",\"shutter_speed\":\"0.0049504950495\",\"title\":\"\",\"orientation\":\"0\",\"keywords\":[]},\"meta\":false,\"postlink\":\"https:\/\/www.cykloromantika.cz\/foto-2023-0730-02\/\"},{\"id\":8373,\"title\":\"Foto 2023 0730 03\",\"url\":\"https:\/\/www.cykloromantika.cz\/wp-content\/uploads\/2023\/11\/foto-2023-0730-03.jpg\",\"link\":\"https:\/\/www.cykloromantika.cz\/foto-2023-0730-03\/\",\"alt\":\"\",\"description\":\"\",\"caption\":\"Z\u00e1mek M\u011bln\u00edk, rann\u00ed varianta\",\"mime\":\"image\/jpeg\",\"type\":\"image\",\"width\":1024,\"height\":576,\"sizes\":{\"thumbnail\":{\"height\":84,\"width\":150,\"url\":\"https:\/\/www.cykloromantika.cz\/wp-content\/uploads\/2023\/11\/foto-2023-0730-03-150x84.jpg\",\"orientation\":\"landscape\"},\"medium\":{\"height\":169,\"width\":300,\"url\":\"https:\/\/www.cykloromantika.cz\/wp-content\/uploads\/2023\/11\/foto-2023-0730-03-300x169.jpg\",\"orientation\":\"landscape\"},\"full\":{\"url\":\"https:\/\/www.cykloromantika.cz\/wp-content\/uploads\/2023\/11\/foto-2023-0730-03.jpg\",\"height\":576,\"width\":1024,\"orientation\":\"landscape\"}},\"imageMeta\":{\"aperture\":\"1.8\",\"credit\":\"\",\"camera\":\"SM-G991B\",\"caption\":\"\",\"created_timestamp\":\"1690706672\",\"copyright\":\"\",\"focal_length\":\"5.4\",\"iso\":\"50\",\"shutter_speed\":\"0.000228102189781\",\"title\":\"\",\"orientation\":\"0\",\"keywords\":[]},\"meta\":false,\"postlink\":\"https:\/\/www.cykloromantika.cz\/foto-2023-0730-03\/\"},{\"id\":8374,\"title\":\"Foto 2023 0730 04\",\"url\":\"https:\/\/www.cykloromantika.cz\/wp-content\/uploads\/2023\/11\/foto-2023-0730-04.jpg\",\"link\":\"https:\/\/www.cykloromantika.cz\/foto-2023-0730-04\/\",\"alt\":\"\",\"description\":\"\",\"caption\":\"Soutok Vltavy s Labe \",\"mime\":\"image\/jpeg\",\"type\":\"image\",\"width\":1024,\"height\":683,\"sizes\":{\"thumbnail\":{\"height\":100,\"width\":150,\"url\":\"https:\/\/www.cykloromantika.cz\/wp-content\/uploads\/2023\/11\/foto-2023-0730-04-150x100.jpg\",\"orientation\":\"landscape\"},\"medium\":{\"height\":200,\"width\":300,\"url\":\"https:\/\/www.cykloromantika.cz\/wp-content\/uploads\/2023\/11\/foto-2023-0730-04-300x200.jpg\",\"orientation\":\"landscape\"},\"full\":{\"url\":\"https:\/\/www.cykloromantika.cz\/wp-content\/uploads\/2023\/11\/foto-2023-0730-04.jpg\",\"height\":683,\"width\":1024,\"orientation\":\"landscape\"}},\"imageMeta\":{\"aperture\":\"1.7\",\"credit\":\"\",\"camera\":\"SM-G955F\",\"caption\":\"\",\"created_timestamp\":\"1690707044\",\"copyright\":\"\",\"focal_length\":\"4.2\",\"iso\":\"40\",\"shutter_speed\":\"0.00126262626263\",\"title\":\"\",\"orientation\":\"0\",\"keywords\":[]},\"meta\":false,\"postlink\":\"https:\/\/www.cykloromantika.cz\/foto-2023-0730-04\/\"},{\"id\":8375,\"title\":\"Foto 2023 0730 05\",\"url\":\"https:\/\/www.cykloromantika.cz\/wp-content\/uploads\/2023\/11\/foto-2023-0730-05.jpg\",\"link\":\"https:\/\/www.cykloromantika.cz\/foto-2023-0730-05\/\",\"alt\":\"\",\"description\":\"\",\"caption\":\"Soutok Vltavy s Labe od z\u00e1mku M\u011bln\u00edk \",\"mime\":\"image\/jpeg\",\"type\":\"image\",\"width\":1024,\"height\":683,\"sizes\":{\"thumbnail\":{\"height\":100,\"width\":150,\"url\":\"https:\/\/www.cykloromantika.cz\/wp-content\/uploads\/2023\/11\/foto-2023-0730-05-150x100.jpg\",\"orientation\":\"landscape\"},\"medium\":{\"height\":200,\"width\":300,\"url\":\"https:\/\/www.cykloromantika.cz\/wp-content\/uploads\/2023\/11\/foto-2023-0730-05-300x200.jpg\",\"orientation\":\"landscape\"},\"full\":{\"url\":\"https:\/\/www.cykloromantika.cz\/wp-content\/uploads\/2023\/11\/foto-2023-0730-05.jpg\",\"height\":683,\"width\":1024,\"orientation\":\"landscape\"}},\"imageMeta\":{\"aperture\":\"1.7\",\"credit\":\"\",\"camera\":\"SM-G955F\",\"caption\":\"\",\"created_timestamp\":\"1690707498\",\"copyright\":\"\",\"focal_length\":\"4.2\",\"iso\":\"40\",\"shutter_speed\":\"0.00194552529183\",\"title\":\"\",\"orientation\":\"0\",\"keywords\":[]},\"meta\":false,\"postlink\":\"https:\/\/www.cykloromantika.cz\/foto-2023-0730-05\/\"},{\"id\":8376,\"title\":\"Foto 2023 0730 07\",\"url\":\"https:\/\/www.cykloromantika.cz\/wp-content\/uploads\/2023\/11\/foto-2023-0730-07.jpg\",\"link\":\"https:\/\/www.cykloromantika.cz\/foto-2023-0730-07\/\",\"alt\":\"\",\"description\":\"\",\"caption\":\"Kostel sv. Petra a Pavla v M\u011bln\u00edku\",\"mime\":\"image\/jpeg\",\"type\":\"image\",\"width\":768,\"height\":1024,\"sizes\":{\"thumbnail\":{\"height\":150,\"width\":113,\"url\":\"https:\/\/www.cykloromantika.cz\/wp-content\/uploads\/2023\/11\/foto-2023-0730-07-113x150.jpg\",\"orientation\":\"portrait\"},\"medium\":{\"height\":300,\"width\":225,\"url\":\"https:\/\/www.cykloromantika.cz\/wp-content\/uploads\/2023\/11\/foto-2023-0730-07-225x300.jpg\",\"orientation\":\"portrait\"},\"full\":{\"url\":\"https:\/\/www.cykloromantika.cz\/wp-content\/uploads\/2023\/11\/foto-2023-0730-07.jpg\",\"height\":1024,\"width\":768,\"orientation\":\"portrait\"}},\"imageMeta\":{\"aperture\":\"1.7\",\"credit\":\"\",\"camera\":\"SM-G955F\",\"caption\":\"\",\"created_timestamp\":\"1690707630\",\"copyright\":\"\",\"focal_length\":\"4.2\",\"iso\":\"40\",\"shutter_speed\":\"0.00331125827815\",\"title\":\"\",\"orientation\":\"0\",\"keywords\":[]},\"meta\":false,\"postlink\":\"https:\/\/www.cykloromantika.cz\/foto-2023-0730-07\/\"},{\"id\":8377,\"title\":\"Foto 2023 0730 08\",\"url\":\"https:\/\/www.cykloromantika.cz\/wp-content\/uploads\/2023\/11\/foto-2023-0730-08.jpg\",\"link\":\"https:\/\/www.cykloromantika.cz\/foto-2023-0730-08\/\",\"alt\":\"\",\"description\":\"\",\"caption\":\"N\u00e1m. M\u00edru v M\u011bln\u00edku\",\"mime\":\"image\/jpeg\",\"type\":\"image\",\"width\":768,\"height\":1024,\"sizes\":{\"thumbnail\":{\"height\":150,\"width\":113,\"url\":\"https:\/\/www.cykloromantika.cz\/wp-content\/uploads\/2023\/11\/foto-2023-0730-08-113x150.jpg\",\"orientation\":\"portrait\"},\"medium\":{\"height\":300,\"width\":225,\"url\":\"https:\/\/www.cykloromantika.cz\/wp-content\/uploads\/2023\/11\/foto-2023-0730-08-225x300.jpg\",\"orientation\":\"portrait\"},\"full\":{\"url\":\"https:\/\/www.cykloromantika.cz\/wp-content\/uploads\/2023\/11\/foto-2023-0730-08.jpg\",\"height\":1024,\"width\":768,\"orientation\":\"portrait\"}},\"imageMeta\":{\"aperture\":\"1.7\",\"credit\":\"\",\"camera\":\"SM-G955F\",\"caption\":\"\",\"created_timestamp\":\"1690707919\",\"copyright\":\"\",\"focal_length\":\"4.2\",\"iso\":\"40\",\"shutter_speed\":\"0.00291545189504\",\"title\":\"\",\"orientation\":\"0\",\"keywords\":[]},\"meta\":false,\"postlink\":\"https:\/\/www.cykloromantika.cz\/foto-2023-0730-08\/\"},{\"id\":8378,\"title\":\"Foto 2023 0730 09\",\"url\":\"https:\/\/www.cykloromantika.cz\/wp-content\/uploads\/2023\/11\/foto-2023-0730-09.jpg\",\"link\":\"https:\/\/www.cykloromantika.cz\/foto-2023-0730-09\/\",\"alt\":\"\",\"description\":\"\",\"caption\":\"\u0158\u00edt\u00edme se pra\u017eskou dopravou!\",\"mime\":\"image\/jpeg\",\"type\":\"image\",\"width\":768,\"height\":1024,\"sizes\":{\"thumbnail\":{\"height\":150,\"width\":113,\"url\":\"https:\/\/www.cykloromantika.cz\/wp-content\/uploads\/2023\/11\/foto-2023-0730-09-113x150.jpg\",\"orientation\":\"portrait\"},\"medium\":{\"height\":300,\"width\":225,\"url\":\"https:\/\/www.cykloromantika.cz\/wp-content\/uploads\/2023\/11\/foto-2023-0730-09-225x300.jpg\",\"orientation\":\"portrait\"},\"full\":{\"url\":\"https:\/\/www.cykloromantika.cz\/wp-content\/uploads\/2023\/11\/foto-2023-0730-09.jpg\",\"height\":1024,\"width\":768,\"orientation\":\"portrait\"}},\"imageMeta\":{\"aperture\":\"1.7\",\"credit\":\"\",\"camera\":\"SM-G955F\",\"caption\":\"\",\"created_timestamp\":\"1690716541\",\"copyright\":\"\",\"focal_length\":\"4.2\",\"iso\":\"40\",\"shutter_speed\":\"0.00138888888889\",\"title\":\"\",\"orientation\":\"0\",\"keywords\":[]},\"meta\":false,\"postlink\":\"https:\/\/www.cykloromantika.cz\/foto-2023-0730-09\/\"},{\"id\":8379,\"title\":\"Foto 2023 0730 10\",\"url\":\"https:\/\/www.cykloromantika.cz\/wp-content\/uploads\/2023\/11\/foto-2023-0730-10.jpg\",\"link\":\"https:\/\/www.cykloromantika.cz\/foto-2023-0730-10\/\",\"alt\":\"\",\"description\":\"\",\"caption\":\"\u010cek\u00e1n\u00ed na vlak p\u0159edch\u00e1z\u00ed \u00faklid mokr\u00e9ho n\u00e1bytku. \",\"mime\":\"image\/jpeg\",\"type\":\"image\",\"width\":768,\"height\":1024,\"sizes\":{\"thumbnail\":{\"height\":150,\"width\":113,\"url\":\"https:\/\/www.cykloromantika.cz\/wp-content\/uploads\/2023\/11\/foto-2023-0730-10-113x150.jpg\",\"orientation\":\"portrait\"},\"medium\":{\"height\":300,\"width\":225,\"url\":\"https:\/\/www.cykloromantika.cz\/wp-content\/uploads\/2023\/11\/foto-2023-0730-10-225x300.jpg\",\"orientation\":\"portrait\"},\"full\":{\"url\":\"https:\/\/www.cykloromantika.cz\/wp-content\/uploads\/2023\/11\/foto-2023-0730-10.jpg\",\"height\":1024,\"width\":768,\"orientation\":\"portrait\"}},\"imageMeta\":{\"aperture\":\"1.7\",\"credit\":\"\",\"camera\":\"SM-G955F\",\"caption\":\"\",\"created_timestamp\":\"1690717780\",\"copyright\":\"\",\"focal_length\":\"4.2\",\"iso\":\"40\",\"shutter_speed\":\"0.00323624595469\",\"title\":\"\",\"orientation\":\"0\",\"keywords\":[]},\"meta\":false,\"postlink\":\"https:\/\/www.cykloromantika.cz\/foto-2023-0730-10\/\"},{\"id\":8380,\"title\":\"Foto 2023 0730 11\",\"url\":\"https:\/\/www.cykloromantika.cz\/wp-content\/uploads\/2023\/11\/foto-2023-0730-11.jpg\",\"link\":\"https:\/\/www.cykloromantika.cz\/foto-2023-0730-11\/\",\"alt\":\"\",\"description\":\"\",\"caption\":\"\u010cek\u00e1n\u00ed na vlak p\u0159edch\u00e1z\u00ed \u00faklid mokr\u00e9ho n\u00e1bytku.\",\"mime\":\"image\/jpeg\",\"type\":\"image\",\"width\":768,\"height\":1024,\"sizes\":{\"thumbnail\":{\"height\":150,\"width\":113,\"url\":\"https:\/\/www.cykloromantika.cz\/wp-content\/uploads\/2023\/11\/foto-2023-0730-11-113x150.jpg\",\"orientation\":\"portrait\"},\"medium\":{\"height\":300,\"width\":225,\"url\":\"https:\/\/www.cykloromantika.cz\/wp-content\/uploads\/2023\/11\/foto-2023-0730-11-225x300.jpg\",\"orientation\":\"portrait\"},\"full\":{\"url\":\"https:\/\/www.cykloromantika.cz\/wp-content\/uploads\/2023\/11\/foto-2023-0730-11.jpg\",\"height\":1024,\"width\":768,\"orientation\":\"portrait\"}},\"imageMeta\":{\"aperture\":\"1.7\",\"credit\":\"\",\"camera\":\"SM-G955F\",\"caption\":\"\",\"created_timestamp\":\"1690717788\",\"copyright\":\"\",\"focal_length\":\"4.2\",\"iso\":\"40\",\"shutter_speed\":\"0.0022271714922\",\"title\":\"\",\"orientation\":\"0\",\"keywords\":[]},\"meta\":false,\"postlink\":\"https:\/\/www.cykloromantika.cz\/foto-2023-0730-11\/\"},{\"id\":8381,\"title\":\"Foto 2023 0730 12\",\"url\":\"https:\/\/www.cykloromantika.cz\/wp-content\/uploads\/2023\/11\/foto-2023-0730-12.jpg\",\"link\":\"https:\/\/www.cykloromantika.cz\/foto-2023-0730-12\/\",\"alt\":\"\",\"description\":\"\",\"caption\":\"Restaurace Rychl\u00edk \u2013 pozorujeme rej p\u0159ed n\u00e1dra\u017e\u00edm.\",\"mime\":\"image\/jpeg\",\"type\":\"image\",\"width\":1024,\"height\":768,\"sizes\":{\"thumbnail\":{\"height\":113,\"width\":150,\"url\":\"https:\/\/www.cykloromantika.cz\/wp-content\/uploads\/2023\/11\/foto-2023-0730-12-150x113.jpg\",\"orientation\":\"landscape\"},\"medium\":{\"height\":225,\"width\":300,\"url\":\"https:\/\/www.cykloromantika.cz\/wp-content\/uploads\/2023\/11\/foto-2023-0730-12-300x225.jpg\",\"orientation\":\"landscape\"},\"full\":{\"url\":\"https:\/\/www.cykloromantika.cz\/wp-content\/uploads\/2023\/11\/foto-2023-0730-12.jpg\",\"height\":768,\"width\":1024,\"orientation\":\"landscape\"}},\"imageMeta\":{\"aperture\":\"1.7\",\"credit\":\"\",\"camera\":\"SM-G955F\",\"caption\":\"\",\"created_timestamp\":\"1690717986\",\"copyright\":\"\",\"focal_length\":\"4.2\",\"iso\":\"40\",\"shutter_speed\":\"0.0025706940874\",\"title\":\"\",\"orientation\":\"0\",\"keywords\":[]},\"meta\":false,\"postlink\":\"https:\/\/www.cykloromantika.cz\/foto-2023-0730-12\/\"},{\"id\":8382,\"title\":\"Foto 2023 0730 13\",\"url\":\"https:\/\/www.cykloromantika.cz\/wp-content\/uploads\/2023\/11\/foto-2023-0730-13.jpg\",\"link\":\"https:\/\/www.cykloromantika.cz\/foto-2023-0730-13\/\",\"alt\":\"\",\"description\":\"\",\"caption\":\"\u0160\u0165avnat\u00e9 zakon\u010den\u00ed bohat\u00e9ho leto\u0161n\u00edho ro\u010dn\u00edku\",\"mime\":\"image\/jpeg\",\"type\":\"image\",\"width\":768,\"height\":1024,\"sizes\":{\"thumbnail\":{\"height\":150,\"width\":113,\"url\":\"https:\/\/www.cykloromantika.cz\/wp-content\/uploads\/2023\/11\/foto-2023-0730-13-113x150.jpg\",\"orientation\":\"portrait\"},\"medium\":{\"height\":300,\"width\":225,\"url\":\"https:\/\/www.cykloromantika.cz\/wp-content\/uploads\/2023\/11\/foto-2023-0730-13-225x300.jpg\",\"orientation\":\"portrait\"},\"full\":{\"url\":\"https:\/\/www.cykloromantika.cz\/wp-content\/uploads\/2023\/11\/foto-2023-0730-13.jpg\",\"height\":1024,\"width\":768,\"orientation\":\"portrait\"}},\"imageMeta\":{\"aperture\":\"1.7\",\"credit\":\"\",\"camera\":\"SM-G955F\",\"caption\":\"\",\"created_timestamp\":\"1690721955\",\"copyright\":\"\",\"focal_length\":\"4.2\",\"iso\":\"40\",\"shutter_speed\":\"0.00138888888889\",\"title\":\"\",\"orientation\":\"0\",\"keywords\":[]},\"meta\":false,\"postlink\":\"https:\/\/www.cykloromantika.cz\/foto-2023-0730-13\/\"}],\"useClobalSettings\":true,\"galleryBorderRadius\":8,\"shareFacebook\":false,\"shareTwitter\":false,\"sharePinterest\":false,\"sharePost\":\"postlink\",\"sliderItemTitleEnable\":true,\"sliderSocialShareEnabled\":false,\"itemsMetaDataCollection\":[]}<\/script><script>(function(){if(window.PGC_SGB && window.PGC_SGB.searcher){window.PGC_SGB.searcher.initBlocks()}})()<\/script><\/div>\n<\/div><\/div>\n<\/div><\/div><\/div>\n","protected":false},"excerpt":{"rendered":"","protected":false},"author":3,"featured_media":8365,"comment_status":"open","ping_status":"open","sticky":false,"template":"","format":"standard","meta":{"_acf_changed":false,"pgc_sgb_lightbox_settings":"","footnotes":""},"categories":[31],"tags":[],"class_list":["post-8072","post","type-post","status-publish","format-standard","has-post-thumbnail","hentry","category-denicek"],"acf":[],"_links":{"self":[{"href":"https:\/\/www.cykloromantika.cz\/index.php\/wp-json\/wp\/v2\/posts\/8072","targetHints":{"allow":["GET"]}}],"collection":[{"href":"https:\/\/www.cykloromantika.cz\/index.php\/wp-json\/wp\/v2\/posts"}],"about":[{"href":"https:\/\/www.cykloromantika.cz\/index.php\/wp-json\/wp\/v2\/types\/post"}],"author":[{"embeddable":true,"href":"https:\/\/www.cykloromantika.cz\/index.php\/wp-json\/wp\/v2\/users\/3"}],"replies":[{"embeddable":true,"href":"https:\/\/www.cykloromantika.cz\/index.php\/wp-json\/wp\/v2\/comments?post=8072"}],"version-history":[{"count":10,"href":"https:\/\/www.cykloromantika.cz\/index.php\/wp-json\/wp\/v2\/posts\/8072\/revisions"}],"predecessor-version":[{"id":8922,"href":"https:\/\/www.cykloromantika.cz\/index.php\/wp-json\/wp\/v2\/posts\/8072\/revisions\/8922"}],"wp:featuredmedia":[{"embeddable":true,"href":"https:\/\/www.cykloromantika.cz\/index.php\/wp-json\/wp\/v2\/media\/8365"}],"wp:attachment":[{"href":"https:\/\/www.cykloromantika.cz\/index.php\/wp-json\/wp\/v2\/media?parent=8072"}],"wp:term":[{"taxonomy":"category","embeddable":true,"href":"https:\/\/www.cykloromantika.cz\/index.php\/wp-json\/wp\/v2\/categories?post=8072"},{"taxonomy":"post_tag","embeddable":true,"href":"https:\/\/www.cykloromantika.cz\/index.php\/wp-json\/wp\/v2\/tags?post=8072"}],"curies":[{"name":"wp","href":"https:\/\/api.w.org\/{rel}","templated":true}]}}