{"id":8064,"date":"2023-07-28T20:41:00","date_gmt":"2023-07-28T19:41:00","guid":{"rendered":"https:\/\/www.cykloromantika.cz\/?p=8064"},"modified":"2025-05-12T12:01:40","modified_gmt":"2025-05-12T11:01:40","slug":"xxvii-rocnik-5-den-objevujeme-historii-a-krasu-poohri","status":"publish","type":"post","link":"https:\/\/www.cykloromantika.cz\/index.php\/2023\/07\/28\/xxvii-rocnik-5-den-objevujeme-historii-a-krasu-poohri\/","title":{"rendered":"XXVII. ro\u010dn\u00edk \u2013 5.&nbsp;den: Objevujeme historii a kr\u00e1su Pooh\u0159\u00ed"},"content":{"rendered":"<style>.kt-tabs-id8064_698673-88 > .kt-tabs-content-wrap > .wp-block-kadence-tab{border-top:1px solid #eeeeee;border-right:0px solid #eeeeee;border-bottom:0px solid #eeeeee;border-left:0px solid #eeeeee;border-top-left-radius:0px;border-top-right-radius:0px;border-bottom-right-radius:0px;border-bottom-left-radius:0px;padding-top:20px;padding-right:0px;padding-bottom:20px;padding-left:0px;background:#ffffff;}.wp-block-kadence-tabs .kt-tabs-id8064_698673-88 > .kt-tabs-title-list li{margin-top:0px;margin-right:8px;margin-bottom:0px;margin-left:0px;}.wp-block-kadence-tabs .kt-tabs-id8064_698673-88 > .kt-tabs-title-list li:last-child{margin-right:0px;}.wp-block-kadence-tabs .kt-tabs-id8064_698673-88 > .kt-tabs-title-list li .kt-tab-title, .wp-block-kadence-tabs .kt-tabs-id8064_698673-88 > .kt-tabs-content-wrap > .kt-tabs-accordion-title .kt-tab-title{line-height:1.4em;font-weight:400;font-style:normal;text-transform:uppercase;border-top-width:0px;border-right-width:0px;border-bottom-width:0px;border-left-width:0px;border-top-left-radius:0px;border-top-right-radius:0px;border-bottom-right-radius:0px;border-bottom-left-radius:0px;padding-top:8px;padding-right:20px;padding-bottom:8px;padding-left:20px;border-color:#ffffff;color:#555555;background:#ffffff;}.wp-block-kadence-tabs .kt-tabs-id8064_698673-88 > .kt-tabs-content-wrap > .kt-tabs-accordion-title .kt-tab-title{margin-top:0px;margin-right:8px;margin-bottom:0px;margin-left:0px;}.wp-block-kadence-tabs .kt-tabs-id8064_698673-88 > .kt-tabs-title-list li .kt-tab-title:hover, .wp-block-kadence-tabs .kt-tabs-id8064_698673-88 > .kt-tabs-content-wrap > .kt-tabs-accordion-title .kt-tab-title:hover{border-color:#555555;color:#086abd;background:#ffffff;}.wp-block-kadence-tabs .kt-tabs-id8064_698673-88 > .kt-tabs-title-list li.kt-tab-title-active .kt-tab-title, .wp-block-kadence-tabs .kt-tabs-id8064_698673-88 > .kt-tabs-content-wrap > .kt-tabs-accordion-title.kt-tab-title-active .kt-tab-title{border-color:#555555;color:#086abd;background:#ffffff;}.wp-block-kadence-tabs .kt-tabs-id8064_698673-88 > .kt-tabs-title-list li svg{font-size:24px;}@media all and (max-width: 1024px){.kt-tabs-id8064_698673-88 > .kt-tabs-content-wrap > .wp-block-kadence-tab{border-top:1px solid #eeeeee;border-right:0px solid #eeeeee;border-bottom:0px solid #eeeeee;border-left:0px solid #eeeeee;}}@media all and (max-width: 767px){.kt-tabs-id8064_698673-88 > .kt-tabs-content-wrap > .wp-block-kadence-tab{border-top:1px solid #eeeeee;border-right:0px solid #eeeeee;border-bottom:0px solid #eeeeee;border-left:0px solid #eeeeee;}}<\/style>\n<div class=\"wp-block-kadence-tabs alignnone\"><div class=\"kt-tabs-wrap kt-tabs-id8064_698673-88 kt-tabs-has-3-tabs kt-active-tab-3 kt-tabs-layout-tabs kt-tabs-tablet-layout-inherit kt-tabs-mobile-layout-inherit kt-tab-alignment-center \"><ul class=\"kt-tabs-title-list\"><li id=\"tab-trasa\" class=\"kt-title-item kt-title-item-1 kt-tabs-svg-show-always kt-tabs-icon-side-top kt-tab-title-inactive\"><a href=\"#tab-trasa\" data-tab=\"1\" class=\"kt-tab-title kt-tab-title-1 \"><span class=\"kb-svg-icon-wrap kb-svg-icon-fe_map\"><svg viewBox=\"0 0 24 24\"  fill=\"none\" stroke=\"currentColor\" stroke-width=\"2\" stroke-linecap=\"round\" stroke-linejoin=\"round\" xmlns=\"http:\/\/www.w3.org\/2000\/svg\"  aria-hidden=\"true\"><polygon points=\"1 6 1 22 8 18 16 22 23 18 23 2 16 6 8 2 1 6\"\/><line x1=\"8\" y1=\"2\" x2=\"8\" y2=\"18\"\/><line x1=\"16\" y1=\"6\" x2=\"16\" y2=\"22\"\/><\/svg><\/span><span class=\"kt-title-text\">Trasa<\/span><\/a><\/li><li id=\"tab-zitky\" class=\"kt-title-item kt-title-item-2 kt-tabs-svg-show-always kt-tabs-icon-side-top kt-tab-title-inactive\"><a href=\"#tab-zitky\" data-tab=\"2\" class=\"kt-tab-title kt-tab-title-2 \"><span class=\"kb-svg-icon-wrap kb-svg-icon-fe_alignLeft\"><svg viewBox=\"0 0 24 24\"  fill=\"none\" stroke=\"currentColor\" stroke-width=\"2\" stroke-linecap=\"round\" stroke-linejoin=\"round\" xmlns=\"http:\/\/www.w3.org\/2000\/svg\"  aria-hidden=\"true\"><line x1=\"17\" y1=\"10\" x2=\"3\" y2=\"10\"\/><line x1=\"21\" y1=\"6\" x2=\"3\" y2=\"6\"\/><line x1=\"21\" y1=\"14\" x2=\"3\" y2=\"14\"\/><line x1=\"17\" y1=\"18\" x2=\"3\" y2=\"18\"\/><\/svg><\/span><span class=\"kt-title-text\">Z\u00e1\u017eitky<\/span><\/a><\/li><li id=\"tab-fotky\" class=\"kt-title-item kt-title-item-3 kt-tabs-svg-show-always kt-tabs-icon-side-top kt-tab-title-active\"><a href=\"#tab-fotky\" data-tab=\"3\" class=\"kt-tab-title kt-tab-title-3 \"><span class=\"kb-svg-icon-wrap kb-svg-icon-fe_camera\"><svg viewBox=\"0 0 24 24\"  fill=\"none\" stroke=\"currentColor\" stroke-width=\"2\" stroke-linecap=\"round\" stroke-linejoin=\"round\" xmlns=\"http:\/\/www.w3.org\/2000\/svg\"  aria-hidden=\"true\"><path d=\"M23 19a2 2 0 0 1-2 2H3a2 2 0 0 1-2-2V8a2 2 0 0 1 2-2h4l2-3h6l2 3h4a2 2 0 0 1 2 2z\"\/><circle cx=\"12\" cy=\"13\" r=\"4\"\/><\/svg><\/span><span class=\"kt-title-text\">Fotky<\/span><\/a><\/li><\/ul><div class=\"kt-tabs-content-wrap\">\n<div class=\"wp-block-kadence-tab kt-tab-inner-content kt-inner-tab-1 kt-inner-tab428c23-15\"><div class=\"kt-tab-inner-content-inner\">\n<p>Kl\u00e1\u0161terec nad Oh\u0159\u00ed (span\u00ed v&nbsp;hotelu Bohemia Excellent) \u2013 Kada\u0148 &#8211; \u017datec (Pivovar U Orloje) \u2013 Louny \u2013 P\u00e1tek \u2013 Stradonice \u2013 P\u00e1tek (span\u00ed v&nbsp;soukrom\u00ed)<\/p>\n\n\n\n<ul class=\"wp-block-list\">\n<li>najeto: 89 km <\/li>\n\n\n\n<li>nejni\u017e\u0161\u00ed a nejvy\u0161\u0161\u00ed bod: 172\u2013362&nbsp;m n. m. <\/li>\n\n\n\n<li>stoup\u00e1n\u00ed: 538&nbsp;m<\/li>\n\n\n\n<li>kles\u00e1n\u00ed: 670&nbsp;m<\/li>\n<\/ul>\n\n\n<div class=\"pgc-sgb-cb wp-block-pgcsimplygalleryblock-slider \" data-gallery-id=\"33012950\"style=&quot;min-height:400px&quot;><div class=\"sgb-preloader\" id=\"pr_33012950\">\n\t<div class=\"sgb-square\" style=\"background:#d4d4d4\"><\/div>\n\t<div class=\"sgb-square\" style=\"background:#d4d4d4\"><\/div>\n\t<div class=\"sgb-square\" style=\"background:#d4d4d4\"><\/div>\n\t<div class=\"sgb-square\" style=\"background:#d4d4d4\"><\/div><\/div><div class=\"simply-gallery-amp pgc_sgb_slider \"><noscript><div class=\"sgb-gallery\"><div class=\"sgb-item\"><a href=\"https:\/\/www.cykloromantika.cz\/?attachment_id=8065\" target=\"_blank\"><img decoding=\"async\" alt=\"\" width=\"300\" height=\"169\" loading=\"lazy\" src=\"https:\/\/www.cykloromantika.cz\/wp-content\/uploads\/2023\/09\/mapa-2023-0728-01-300x169.jpg\" srcset=\"https:\/\/www.cykloromantika.cz\/wp-content\/uploads\/2023\/09\/mapa-2023-0728-01-300x169.jpg 300w,https:\/\/www.cykloromantika.cz\/wp-content\/uploads\/2023\/09\/mapa-2023-0728-01.jpg 1024w\" sizes=\"auto, 250px\"\/><\/a><\/div><div class=\"sgb-item\"><a href=\"https:\/\/www.cykloromantika.cz\/?attachment_id=8066\" target=\"_blank\"><img decoding=\"async\" alt=\"\" width=\"300\" height=\"169\" loading=\"lazy\" src=\"https:\/\/www.cykloromantika.cz\/wp-content\/uploads\/2023\/09\/mapa-2023-0728-02-300x169.jpg\" srcset=\"https:\/\/www.cykloromantika.cz\/wp-content\/uploads\/2023\/09\/mapa-2023-0728-02-300x169.jpg 300w,https:\/\/www.cykloromantika.cz\/wp-content\/uploads\/2023\/09\/mapa-2023-0728-02.jpg 1024w\" sizes=\"auto, 250px\"\/><\/a><\/div><div class=\"sgb-item\"><a href=\"https:\/\/www.cykloromantika.cz\/?attachment_id=8067\" target=\"_blank\"><img decoding=\"async\" alt=\"\" width=\"300\" height=\"169\" loading=\"lazy\" src=\"https:\/\/www.cykloromantika.cz\/wp-content\/uploads\/2023\/09\/mapa-2023-0728-03-300x169.jpg\" srcset=\"https:\/\/www.cykloromantika.cz\/wp-content\/uploads\/2023\/09\/mapa-2023-0728-03-300x169.jpg 300w,https:\/\/www.cykloromantika.cz\/wp-content\/uploads\/2023\/09\/mapa-2023-0728-03.jpg 1024w\" sizes=\"auto, 250px\"\/><\/a><\/div><div class=\"sgb-item\"><a href=\"https:\/\/www.cykloromantika.cz\/?attachment_id=8068\" target=\"_blank\"><img decoding=\"async\" alt=\"\" width=\"300\" height=\"169\" loading=\"lazy\" src=\"https:\/\/www.cykloromantika.cz\/wp-content\/uploads\/2023\/09\/mapa-2023-0728-04-300x169.jpg\" srcset=\"https:\/\/www.cykloromantika.cz\/wp-content\/uploads\/2023\/09\/mapa-2023-0728-04-300x169.jpg 300w,https:\/\/www.cykloromantika.cz\/wp-content\/uploads\/2023\/09\/mapa-2023-0728-04.jpg 1024w\" sizes=\"auto, 250px\"\/><\/a><\/div><div class=\"sgb-item\"><a href=\"https:\/\/www.cykloromantika.cz\/?attachment_id=8069\" target=\"_blank\"><img decoding=\"async\" alt=\"\" width=\"300\" height=\"169\" loading=\"lazy\" src=\"https:\/\/www.cykloromantika.cz\/wp-content\/uploads\/2023\/09\/mapa-2023-0728-05-300x169.jpg\" srcset=\"https:\/\/www.cykloromantika.cz\/wp-content\/uploads\/2023\/09\/mapa-2023-0728-05-300x169.jpg 300w,https:\/\/www.cykloromantika.cz\/wp-content\/uploads\/2023\/09\/mapa-2023-0728-05.jpg 1024w\" sizes=\"auto, 250px\"\/><\/a><\/div><div class=\"sgb-item\"><a href=\"https:\/\/www.cykloromantika.cz\/?attachment_id=8070\" target=\"_blank\"><img decoding=\"async\" alt=\"\" width=\"300\" height=\"169\" loading=\"lazy\" src=\"https:\/\/www.cykloromantika.cz\/wp-content\/uploads\/2023\/09\/mapa-2023-0728-06-300x169.jpg\" srcset=\"https:\/\/www.cykloromantika.cz\/wp-content\/uploads\/2023\/09\/mapa-2023-0728-06-300x169.jpg 300w,https:\/\/www.cykloromantika.cz\/wp-content\/uploads\/2023\/09\/mapa-2023-0728-06.jpg 1024w\" sizes=\"auto, 250px\"\/><\/a><\/div><\/div><\/noscript><\/div><script type=\"application\/json\" class=\"sgb-data\">{\"sliderAdminWidth\":0,\"collectionColumns\":2,\"galleryType\":\"pgc_sgb_slider\",\"galleryId\":\"33012950\",\"images\":[{\"id\":8065,\"title\":\"Mapa 2023 0728 01\",\"url\":\"https:\/\/www.cykloromantika.cz\/wp-content\/uploads\/2023\/09\/mapa-2023-0728-01.jpg\",\"link\":\"https:\/\/www.cykloromantika.cz\/?attachment_id=8065\",\"alt\":\"\",\"description\":\"\",\"caption\":\"\",\"mime\":\"image\/jpeg\",\"type\":\"image\",\"width\":1024,\"height\":576,\"sizes\":{\"thumbnail\":{\"height\":84,\"width\":150,\"url\":\"https:\/\/www.cykloromantika.cz\/wp-content\/uploads\/2023\/09\/mapa-2023-0728-01-150x84.jpg\",\"orientation\":\"landscape\"},\"medium\":{\"height\":169,\"width\":300,\"url\":\"https:\/\/www.cykloromantika.cz\/wp-content\/uploads\/2023\/09\/mapa-2023-0728-01-300x169.jpg\",\"orientation\":\"landscape\"},\"full\":{\"url\":\"https:\/\/www.cykloromantika.cz\/wp-content\/uploads\/2023\/09\/mapa-2023-0728-01.jpg\",\"height\":576,\"width\":1024,\"orientation\":\"landscape\"}},\"imageMeta\":{\"aperture\":\"0\",\"credit\":\"\",\"camera\":\"\",\"caption\":\"\",\"created_timestamp\":\"0\",\"copyright\":\"\",\"focal_length\":\"0\",\"iso\":\"0\",\"shutter_speed\":\"0\",\"title\":\"\",\"orientation\":\"0\",\"keywords\":[]},\"meta\":false,\"postlink\":\"https:\/\/www.cykloromantika.cz\/?attachment_id=8065\"},{\"id\":8066,\"title\":\"Mapa 2023 0728 02\",\"url\":\"https:\/\/www.cykloromantika.cz\/wp-content\/uploads\/2023\/09\/mapa-2023-0728-02.jpg\",\"link\":\"https:\/\/www.cykloromantika.cz\/?attachment_id=8066\",\"alt\":\"\",\"description\":\"\",\"caption\":\"\",\"mime\":\"image\/jpeg\",\"type\":\"image\",\"width\":1024,\"height\":576,\"sizes\":{\"thumbnail\":{\"height\":84,\"width\":150,\"url\":\"https:\/\/www.cykloromantika.cz\/wp-content\/uploads\/2023\/09\/mapa-2023-0728-02-150x84.jpg\",\"orientation\":\"landscape\"},\"medium\":{\"height\":169,\"width\":300,\"url\":\"https:\/\/www.cykloromantika.cz\/wp-content\/uploads\/2023\/09\/mapa-2023-0728-02-300x169.jpg\",\"orientation\":\"landscape\"},\"full\":{\"url\":\"https:\/\/www.cykloromantika.cz\/wp-content\/uploads\/2023\/09\/mapa-2023-0728-02.jpg\",\"height\":576,\"width\":1024,\"orientation\":\"landscape\"}},\"imageMeta\":{\"aperture\":\"0\",\"credit\":\"\",\"camera\":\"\",\"caption\":\"\",\"created_timestamp\":\"0\",\"copyright\":\"\",\"focal_length\":\"0\",\"iso\":\"0\",\"shutter_speed\":\"0\",\"title\":\"\",\"orientation\":\"0\",\"keywords\":[]},\"meta\":false,\"postlink\":\"https:\/\/www.cykloromantika.cz\/?attachment_id=8066\"},{\"id\":8067,\"title\":\"Mapa 2023 0728 03\",\"url\":\"https:\/\/www.cykloromantika.cz\/wp-content\/uploads\/2023\/09\/mapa-2023-0728-03.jpg\",\"link\":\"https:\/\/www.cykloromantika.cz\/?attachment_id=8067\",\"alt\":\"\",\"description\":\"\",\"caption\":\"\",\"mime\":\"image\/jpeg\",\"type\":\"image\",\"width\":1024,\"height\":576,\"sizes\":{\"thumbnail\":{\"height\":84,\"width\":150,\"url\":\"https:\/\/www.cykloromantika.cz\/wp-content\/uploads\/2023\/09\/mapa-2023-0728-03-150x84.jpg\",\"orientation\":\"landscape\"},\"medium\":{\"height\":169,\"width\":300,\"url\":\"https:\/\/www.cykloromantika.cz\/wp-content\/uploads\/2023\/09\/mapa-2023-0728-03-300x169.jpg\",\"orientation\":\"landscape\"},\"full\":{\"url\":\"https:\/\/www.cykloromantika.cz\/wp-content\/uploads\/2023\/09\/mapa-2023-0728-03.jpg\",\"height\":576,\"width\":1024,\"orientation\":\"landscape\"}},\"imageMeta\":{\"aperture\":\"0\",\"credit\":\"\",\"camera\":\"\",\"caption\":\"\",\"created_timestamp\":\"0\",\"copyright\":\"\",\"focal_length\":\"0\",\"iso\":\"0\",\"shutter_speed\":\"0\",\"title\":\"\",\"orientation\":\"0\",\"keywords\":[]},\"meta\":false,\"postlink\":\"https:\/\/www.cykloromantika.cz\/?attachment_id=8067\"},{\"id\":8068,\"title\":\"Mapa 2023 0728 04\",\"url\":\"https:\/\/www.cykloromantika.cz\/wp-content\/uploads\/2023\/09\/mapa-2023-0728-04.jpg\",\"link\":\"https:\/\/www.cykloromantika.cz\/?attachment_id=8068\",\"alt\":\"\",\"description\":\"\",\"caption\":\"\",\"mime\":\"image\/jpeg\",\"type\":\"image\",\"width\":1024,\"height\":576,\"sizes\":{\"thumbnail\":{\"height\":84,\"width\":150,\"url\":\"https:\/\/www.cykloromantika.cz\/wp-content\/uploads\/2023\/09\/mapa-2023-0728-04-150x84.jpg\",\"orientation\":\"landscape\"},\"medium\":{\"height\":169,\"width\":300,\"url\":\"https:\/\/www.cykloromantika.cz\/wp-content\/uploads\/2023\/09\/mapa-2023-0728-04-300x169.jpg\",\"orientation\":\"landscape\"},\"full\":{\"url\":\"https:\/\/www.cykloromantika.cz\/wp-content\/uploads\/2023\/09\/mapa-2023-0728-04.jpg\",\"height\":576,\"width\":1024,\"orientation\":\"landscape\"}},\"imageMeta\":{\"aperture\":\"0\",\"credit\":\"\",\"camera\":\"\",\"caption\":\"\",\"created_timestamp\":\"0\",\"copyright\":\"\",\"focal_length\":\"0\",\"iso\":\"0\",\"shutter_speed\":\"0\",\"title\":\"\",\"orientation\":\"0\",\"keywords\":[]},\"meta\":false,\"postlink\":\"https:\/\/www.cykloromantika.cz\/?attachment_id=8068\"},{\"id\":8069,\"title\":\"Mapa 2023 0728 05\",\"url\":\"https:\/\/www.cykloromantika.cz\/wp-content\/uploads\/2023\/09\/mapa-2023-0728-05.jpg\",\"link\":\"https:\/\/www.cykloromantika.cz\/?attachment_id=8069\",\"alt\":\"\",\"description\":\"\",\"caption\":\"\",\"mime\":\"image\/jpeg\",\"type\":\"image\",\"width\":1024,\"height\":576,\"sizes\":{\"thumbnail\":{\"height\":84,\"width\":150,\"url\":\"https:\/\/www.cykloromantika.cz\/wp-content\/uploads\/2023\/09\/mapa-2023-0728-05-150x84.jpg\",\"orientation\":\"landscape\"},\"medium\":{\"height\":169,\"width\":300,\"url\":\"https:\/\/www.cykloromantika.cz\/wp-content\/uploads\/2023\/09\/mapa-2023-0728-05-300x169.jpg\",\"orientation\":\"landscape\"},\"full\":{\"url\":\"https:\/\/www.cykloromantika.cz\/wp-content\/uploads\/2023\/09\/mapa-2023-0728-05.jpg\",\"height\":576,\"width\":1024,\"orientation\":\"landscape\"}},\"imageMeta\":{\"aperture\":\"0\",\"credit\":\"\",\"camera\":\"\",\"caption\":\"\",\"created_timestamp\":\"0\",\"copyright\":\"\",\"focal_length\":\"0\",\"iso\":\"0\",\"shutter_speed\":\"0\",\"title\":\"\",\"orientation\":\"0\",\"keywords\":[]},\"meta\":false,\"postlink\":\"https:\/\/www.cykloromantika.cz\/?attachment_id=8069\"},{\"id\":8070,\"title\":\"Mapa 2023 0728 06\",\"url\":\"https:\/\/www.cykloromantika.cz\/wp-content\/uploads\/2023\/09\/mapa-2023-0728-06.jpg\",\"link\":\"https:\/\/www.cykloromantika.cz\/?attachment_id=8070\",\"alt\":\"\",\"description\":\"\",\"caption\":\"\",\"mime\":\"image\/jpeg\",\"type\":\"image\",\"width\":1024,\"height\":576,\"sizes\":{\"thumbnail\":{\"height\":84,\"width\":150,\"url\":\"https:\/\/www.cykloromantika.cz\/wp-content\/uploads\/2023\/09\/mapa-2023-0728-06-150x84.jpg\",\"orientation\":\"landscape\"},\"medium\":{\"height\":169,\"width\":300,\"url\":\"https:\/\/www.cykloromantika.cz\/wp-content\/uploads\/2023\/09\/mapa-2023-0728-06-300x169.jpg\",\"orientation\":\"landscape\"},\"full\":{\"url\":\"https:\/\/www.cykloromantika.cz\/wp-content\/uploads\/2023\/09\/mapa-2023-0728-06.jpg\",\"height\":576,\"width\":1024,\"orientation\":\"landscape\"}},\"imageMeta\":{\"aperture\":\"0\",\"credit\":\"\",\"camera\":\"\",\"caption\":\"\",\"created_timestamp\":\"0\",\"copyright\":\"\",\"focal_length\":\"0\",\"iso\":\"0\",\"shutter_speed\":\"0\",\"title\":\"\",\"orientation\":\"0\",\"keywords\":[]},\"meta\":false,\"postlink\":\"https:\/\/www.cykloromantika.cz\/?attachment_id=8070\"}],\"orderBy\":\"title\",\"itemsMetaDataCollection\":[]}<\/script><script>(function(){if(window.PGC_SGB && window.PGC_SGB.searcher){window.PGC_SGB.searcher.initBlocks()}})()<\/script><\/div><\/div><\/div>\n\n\n\n<div class=\"wp-block-kadence-tab kt-tab-inner-content kt-inner-tab-2 kt-inner-tab7c41c9-10\"><div class=\"kt-tab-inner-content-inner\">\n<p>Rann\u00ed probuzen\u00ed pod pe\u0159inou. To se ned\u00e1 porovn\u00e1vat s&nbsp;komfortem span\u00ed nad Bo\u017e\u00edm Darem! Nav\u00edc se sn\u00eddan\u00ed, kter\u00e1 n\u00e1m tak jede, \u017ee dal\u0161\u00ed ubytovan\u00ed N\u011bmci nemaj\u00ed co do huby. Bal\u00edme, lou\u010d\u00edme se s&nbsp;mladou, milou, malou pan\u00ed provozn\u00ed (dle fota mal\u00e1 byla, ale m\u00e1me pln\u00e9 pytle, tak\u017ee ji nem\u016f\u017eeme sbalit). V&nbsp;Kl\u00e1\u0161terci nad Oh\u0159\u00ed je\u0161t\u011b ud\u011bl\u00e1me kole\u010dko kolem z\u00e1mku a Saly Terreny.<\/p>\n\n\n\n<p>Ale pokra\u010dujeme d\u00e1le. Zpo\u010d\u00e1tku trochu obez\u0159etn\u011b po del\u0161\u00edm ponocov\u00e1n\u00ed, ale nakonec se rozj\u00ed\u017ed\u00edme. Krajina kolem, jak n\u00e1m ji\u017e n\u011bkdo \u0159ekl, je velmi p\u011bkn\u00e1 a pestr\u00e1. Nahoru dol\u016f se mot\u00e1me kolem \u0159eky. N\u011bkdy bl\u00ed\u017ee, jindy se na chv\u00edli od n\u00ed odklon\u00edme. Prvn\u00edm m\u011bstem na \u0159ece je st\u0159edov\u011bk\u00e1 Kada\u0148. V&nbsp;parku pod z\u00e1mkem naraz\u00edme na r\u016fzn\u00e9 atrakce pro d\u011bti, tak je hned vyzkou\u0161\u00edme. Zejm\u00e9na n\u00e1s zabavil cyklokoloto\u010d.<\/p>\n\n\n\n<p>Mikulovickou br\u00e1nou vstoup\u00edme do centra m\u011bsta a chv\u00edli se zastav\u00edme na n\u00e1m\u011bst\u00ed. To je obrovsk\u00e9 se spoustou star\u00fdch dom\u016f, podloub\u00ed, ka\u0161en a sloup\u016f. Nejv\u00fd\u0161e \u010dn\u00ed radni\u010dn\u00ed v\u011b\u017e. Projedeme je\u0161t\u011b kolem kada\u0148sk\u00e9ho z\u00e1mku, ale tam je ji\u017e jen domov d\u016fchodc\u016f. Zaj\u00edmav\u00fd byl ov\u0161em Kada\u0148sk\u00fd orloj.<\/p>\n\n\n\n<p>Pokra\u010dujeme nyn\u00ed d\u00e1le od \u0159eky Oh\u0159e. Cesta se trochu zved\u00e1 a za\u010d\u00edn\u00e1 se oteplovat. \u010cas pro zavla\u017eovac\u00ed dou\u0161ek. Jako m\u00edsto odpo\u010dinku vol\u00edme restauraci v&nbsp;obecn\u00edm \u00fa\u0159ad\u011b v&nbsp;Rokli. M\u00edstem odpo\u010dinku posledn\u00edm mohlo b\u00fdt pro Boba, kter\u00e9ho m\u00e1lem p\u0159ejela autem odj\u00ed\u017ed\u011bj\u00edc\u00ed starostka. Ale v\u0161e se v&nbsp;dobr\u00e9 vypilo!<\/p>\n\n\n\n<p>Trochu ulevit od nerv\u016f, z\u00edskat jistotu v&nbsp;\u0159\u00edd\u00edtk\u00e1ch a odvahu k&nbsp;tomu. To jsme pot\u0159ebovali. Cyklotrasa n\u00e1s zavedla do v\u00fdb\u011bhu b\u00fdk\u016f. I kdy\u017e v\u00fdhledy na Kru\u0161n\u00e9 hory s&nbsp;elektr\u00e1rnami Prun\u00e9\u0159ov nebo Tu\u0161imice byly kr\u00e1sn\u00e9, my m\u011bli jin\u00e9 starosti. Takov\u00fd plemenn\u00fd b\u00fdk dok\u00e1\u017ee ud\u011blat paseku v&nbsp;zadn\u00edch \u010d\u00e1stech t\u011bla. Velk\u00fdm obloukem, v&nbsp;&#8222;klidu&#8220; a opatrn\u011b jsme b\u00fdky minuli. Pak sjezdem po hlavn\u00ed silnici dor\u00e1\u017e\u00edme k&nbsp;hr\u00e1zi p\u0159ehrady Nechranice. Na\u0161t\u011bst\u00ed jsme nemuseli jet po jej\u00ed cel\u00e9 t\u0159\u00edkilometrov\u00e9 hr\u00e1zi.<\/p>\n\n\n\n<p>Pod hr\u00e1z\u00ed jsme odbo\u010dili sm\u011brem na \u017datec a pokra\u010dovali op\u011bt kolem Oh\u0159e. Pod hr\u00e1z\u00ed jsme nav\u0161t\u00edvili mal\u00e9 vina\u0159stv\u00ed, kter\u00fdch bylo v&nbsp;okol\u00ed v\u00edce. Bohu\u017eel jsme nemohli ochutnat. Vinn\u00e1 kur\u00e1\u017e by se hodila. Pod p\u0159ehradou byly kr\u00e1sn\u00e9 &#8222;skokansk\u00e9 m\u016fstky&#8220; akor\u00e1t do po\u010dtu. Ale ta odvaha nakonec chyb\u011bla! Cyklostezkou kolem Oh\u0159e dojedeme do \u017datce, hlavn\u00edho m\u011bsta chmele.<\/p>\n\n\n\n<p>Pod\u00edv\u00e1me se do pivovaru (bez \u00fasp\u011bchu), na n\u00e1m\u011bst\u00ed s&nbsp;nejmen\u0161\u00ed chmelnic\u00ed na sv\u011bt\u011b, a\u017e zakotv\u00edme v&nbsp;Pivovaru U Orloje. Je \u010das ob\u011bda, tak ochutn\u00e1vku i zaj\u00edme. Zaujali n\u00e1s z\u00e1chody, tedy ty pansk\u00e9. Tolik mu\u0161l\u00ed najednou nevid\u00ed\u0161 ani na Jadranu. Ale je t\u0159eba pokra\u010dovat. Proj\u00ed\u017ed\u00edme n\u011bkolik vesnic se zaj\u00edmav\u00fdmi jm\u00e9ny. V&nbsp;Trnovic\u00edch blb\u011b odbo\u010d\u00edme a vjedeme obrazn\u011b p\u0159\u00edmo psovi do tlamy. U Stekn\u00edku n\u00e1s zaujmou chmelnice, mezi nimi\u017e se cesta kr\u00e1sn\u011b vine. I z\u00e1mek na vr\u0161ku je kr\u00e1sn\u00fd. Ov\u0161em v&nbsp;Mradic\u00edch se naplno projevuje absence \u017een!<\/p>\n\n\n\n<p>U\u017e\u00edv\u00e1me si krajinu s&nbsp;v\u00fdhledy na Kru\u0161n\u00e9 hory a \u010cesk\u00e9 st\u0159edoho\u0159\u00ed. V\u00edcem\u00e9n\u011b jen projedeme Louny. Zastav\u00edme se jen na n\u00e1m\u011bst\u00ed a u Kostela sv. Mikul\u00e1\u0161e. Rozhodneme se pokra\u010dovat d\u00e1le a nave\u010de\u0159et se a\u017e v&nbsp;c\u00edlov\u00e9 hospod\u011b \u2013 v&nbsp;Stradonic\u00edch. Nad vesnic\u00ed je rozhledna, kde jsme pak cht\u011bli p\u0159espat. Sice jsme m\u00edstn\u00edmi \u0161tamgasty byli p\u0159iv\u00edt\u00e1n\u00ed \u2013 &#8222;Hele, vole, jede Z\u00e1vod m\u00edru!&#8220;, ale v&nbsp;hospod\u011b maj\u00ed akor\u00e1t bramb\u016frky. Na\u0161t\u011bst\u00ed jsme proj\u00ed\u017ed\u011bli vesnic\u00ed P\u00e1tek, kde se p\u0159ipravovali m\u00edstn\u00ed na z\u00e1bavu. Jeliko\u017e byl zrovna p\u00e1tek, takov\u00e9 znamen\u00ed nelze podcenit. Vrac\u00edme se tedy asi 4 km zp\u011bt. D\u00e1me si ope\u010denou klob\u00e1su, pivo a u\u017e p\u011bkn\u011b p\u0159evle\u010den\u00ed n\u011bkte\u0159\u00ed z&nbsp;n\u00e1s vytancov\u00e1vaj\u00ed m\u00edstn\u00ed sle\u010dny.<\/p>\n\n\n\n<p>V z\u00e1palu boje dost\u00e1v\u00e1me nab\u00eddku na p\u0159esp\u00e1n\u00ed v&nbsp;soukrom\u00ed. R\u00e1di d\u00e1me valem alt\u00e1nkem, kter\u00fd je zat\u00edm obsazen m\u00edstn\u00edmi kapelami. Nemus\u00edme \u010dekat, a\u017e n\u00e1m jej vyklid\u00ed. A nevad\u00ed, \u017ee bychom jej m\u011bli z\u00e1soben i elektrick\u00fdm proudem z&nbsp;hospody. Vyd\u00e1v\u00e1me se s&nbsp;nezn\u00e1mou sle\u010dnou k&nbsp;n\u00ed do chalupy. Po po\u010d\u00e1te\u010dn\u00edm ostychu si dovol\u00edme vyp\u00edt jej\u00ed nab\u00eddnut\u00fd rum. Jen Tom\u00edk m\u00e1 neblah\u00fd pocit, jestli nebude muset n\u011bco ze slu\u017eeb splatit. Nakonec se ale nic z&nbsp;toho v&nbsp;p\u00e1tek v&nbsp;P\u00e1tku ne\u017e\u00e1d\u00e1!<\/p>\n<\/div><\/div>\n\n\n\n<div class=\"wp-block-kadence-tab kt-tab-inner-content kt-inner-tab-3 kt-inner-tab3a9658-b9\"><div class=\"kt-tab-inner-content-inner\"><div class=\"pgc-sgb-cb wp-block-pgcsimplygalleryblock-justified \" data-gallery-id=\"a0405937\"><div class=\"sgb-preloader\" id=\"pr_a0405937\">\n\t<div class=\"sgb-square\" style=\"background:#d4d4d4\"><\/div>\n\t<div class=\"sgb-square\" style=\"background:#d4d4d4\"><\/div>\n\t<div class=\"sgb-square\" style=\"background:#d4d4d4\"><\/div>\n\t<div class=\"sgb-square\" style=\"background:#d4d4d4\"><\/div><\/div><div class=\"simply-gallery-amp pgc_sgb_slider \"><noscript><div class=\"sgb-gallery\"><div class=\"sgb-item\"><a href=\"https:\/\/www.cykloromantika.cz\/wp-content\/uploads\/2023\/11\/foto-2023-0728-01.jpg\"><img decoding=\"async\" alt=\"\" width=\"300\" height=\"225\" loading=\"lazy\" src=\"https:\/\/www.cykloromantika.cz\/wp-content\/uploads\/2023\/11\/foto-2023-0728-01-300x225.jpg\" srcset=\"https:\/\/www.cykloromantika.cz\/wp-content\/uploads\/2023\/11\/foto-2023-0728-01-300x225.jpg 300w,https:\/\/www.cykloromantika.cz\/wp-content\/uploads\/2023\/11\/foto-2023-0728-01.jpg 1024w\" sizes=\"auto, 250px\"\/><\/a><div class=\"sgb-item-caption\"><em>Sle\u010dna provozn\u00ed byla mil\u00e1!<\/em><\/div><\/div><div class=\"sgb-item\"><a href=\"https:\/\/www.cykloromantika.cz\/wp-content\/uploads\/2023\/11\/foto-2023-0728-02.jpg\"><img decoding=\"async\" alt=\"\" width=\"300\" height=\"225\" loading=\"lazy\" src=\"https:\/\/www.cykloromantika.cz\/wp-content\/uploads\/2023\/11\/foto-2023-0728-02-300x225.jpg\" srcset=\"https:\/\/www.cykloromantika.cz\/wp-content\/uploads\/2023\/11\/foto-2023-0728-02-300x225.jpg 300w,https:\/\/www.cykloromantika.cz\/wp-content\/uploads\/2023\/11\/foto-2023-0728-02.jpg 1024w\" sizes=\"auto, 250px\"\/><\/a><div class=\"sgb-item-caption\"><em>Z\u00e1mek Kl\u00e1\u0161terec nad Oh\u0159\u00ed<\/em><\/div><\/div><div class=\"sgb-item\"><a href=\"https:\/\/www.cykloromantika.cz\/wp-content\/uploads\/2023\/11\/foto-2023-0728-04.jpg\"><img decoding=\"async\" alt=\"\" width=\"300\" height=\"200\" loading=\"lazy\" src=\"https:\/\/www.cykloromantika.cz\/wp-content\/uploads\/2023\/11\/foto-2023-0728-04-300x200.jpg\" srcset=\"https:\/\/www.cykloromantika.cz\/wp-content\/uploads\/2023\/11\/foto-2023-0728-04-300x200.jpg 300w,https:\/\/www.cykloromantika.cz\/wp-content\/uploads\/2023\/11\/foto-2023-0728-04.jpg 1024w\" sizes=\"auto, 250px\"\/><\/a><div class=\"sgb-item-caption\"><em>Sala terrena v kl\u00e1\u0161tereck\u00e9m z\u00e1mku<\/em><\/div><\/div><div class=\"sgb-item\"><a href=\"https:\/\/www.cykloromantika.cz\/wp-content\/uploads\/2023\/11\/foto-2023-0728-08.jpg\"><img decoding=\"async\" alt=\"\" width=\"300\" height=\"200\" loading=\"lazy\" src=\"https:\/\/www.cykloromantika.cz\/wp-content\/uploads\/2023\/11\/foto-2023-0728-08-300x200.jpg\" srcset=\"https:\/\/www.cykloromantika.cz\/wp-content\/uploads\/2023\/11\/foto-2023-0728-08-300x200.jpg 300w,https:\/\/www.cykloromantika.cz\/wp-content\/uploads\/2023\/11\/foto-2023-0728-08.jpg 1024w\" sizes=\"auto, 250px\"\/><\/a><div class=\"sgb-item-caption\"><em>Hr\u00e1z vodn\u00ed n\u00e1dr\u017ee Kada\u0148<\/em><\/div><\/div><div class=\"sgb-item\"><a href=\"https:\/\/www.cykloromantika.cz\/wp-content\/uploads\/2023\/11\/foto-2023-0728-09.jpg\"><img decoding=\"async\" alt=\"\" width=\"300\" height=\"169\" loading=\"lazy\" src=\"https:\/\/www.cykloromantika.cz\/wp-content\/uploads\/2023\/11\/foto-2023-0728-09-300x169.jpg\" srcset=\"https:\/\/www.cykloromantika.cz\/wp-content\/uploads\/2023\/11\/foto-2023-0728-09-300x169.jpg 300w,https:\/\/www.cykloromantika.cz\/wp-content\/uploads\/2023\/11\/foto-2023-0728-09.jpg 1024w\" sizes=\"auto, 250px\"\/><\/a><div class=\"sgb-item-caption\"><em>Oh\u0159e (vodn\u00ed n\u00e1dr\u017e Kada\u0148)<\/em><\/div><\/div><div class=\"sgb-item\"><a href=\"https:\/\/www.cykloromantika.cz\/wp-content\/uploads\/2023\/11\/foto-2023-0728-10.jpg\"><img decoding=\"async\" alt=\"\" width=\"300\" height=\"200\" loading=\"lazy\" src=\"https:\/\/www.cykloromantika.cz\/wp-content\/uploads\/2023\/11\/foto-2023-0728-10-300x200.jpg\" srcset=\"https:\/\/www.cykloromantika.cz\/wp-content\/uploads\/2023\/11\/foto-2023-0728-10-300x200.jpg 300w,https:\/\/www.cykloromantika.cz\/wp-content\/uploads\/2023\/11\/foto-2023-0728-10.jpg 1024w\" sizes=\"auto, 250px\"\/><\/a><div class=\"sgb-item-caption\"><em>Hr\u00e1z vodn\u00ed n\u00e1dr\u017ee Kada\u0148<\/em><\/div><\/div><div class=\"sgb-item\"><a href=\"https:\/\/www.cykloromantika.cz\/wp-content\/uploads\/2023\/11\/foto-2023-0728-11.jpg\"><img decoding=\"async\" alt=\"\" width=\"300\" height=\"200\" loading=\"lazy\" src=\"https:\/\/www.cykloromantika.cz\/wp-content\/uploads\/2023\/11\/foto-2023-0728-11-300x200.jpg\" srcset=\"https:\/\/www.cykloromantika.cz\/wp-content\/uploads\/2023\/11\/foto-2023-0728-11-300x200.jpg 300w,https:\/\/www.cykloromantika.cz\/wp-content\/uploads\/2023\/11\/foto-2023-0728-11.jpg 1024w\" sizes=\"auto, 250px\"\/><\/a><div class=\"sgb-item-caption\"><em>Koloj\u00edzdy nen\u00ed nikdy dost!<\/em><\/div><\/div><div class=\"sgb-item\"><a href=\"https:\/\/www.cykloromantika.cz\/wp-content\/uploads\/2023\/11\/foto-2023-0728-15.jpg\"><img decoding=\"async\" alt=\"\" width=\"300\" height=\"225\" loading=\"lazy\" src=\"https:\/\/www.cykloromantika.cz\/wp-content\/uploads\/2023\/11\/foto-2023-0728-15-300x225.jpg\" srcset=\"https:\/\/www.cykloromantika.cz\/wp-content\/uploads\/2023\/11\/foto-2023-0728-15-300x225.jpg 300w,https:\/\/www.cykloromantika.cz\/wp-content\/uploads\/2023\/11\/foto-2023-0728-15.jpg 1024w\" sizes=\"auto, 250px\"\/><\/a><div class=\"sgb-item-caption\"><em>Mikulovick\u00e1 br\u00e1na \u2013 vstup do Kadan\u011b<\/em><\/div><\/div><div class=\"sgb-item\"><a href=\"https:\/\/www.cykloromantika.cz\/wp-content\/uploads\/2023\/11\/foto-2023-0728-16.jpg\"><img decoding=\"async\" alt=\"\" width=\"300\" height=\"225\" loading=\"lazy\" src=\"https:\/\/www.cykloromantika.cz\/wp-content\/uploads\/2023\/11\/foto-2023-0728-16-300x225.jpg\" srcset=\"https:\/\/www.cykloromantika.cz\/wp-content\/uploads\/2023\/11\/foto-2023-0728-16-300x225.jpg 300w,https:\/\/www.cykloromantika.cz\/wp-content\/uploads\/2023\/11\/foto-2023-0728-16.jpg 1024w\" sizes=\"auto, 250px\"\/><\/a><div class=\"sgb-item-caption\"><em>Ulice Jana \u0160vermy s radni\u010dn\u00ed v\u011b\u017e\u00ed v Kadani<\/em><\/div><\/div><div class=\"sgb-item\"><a href=\"https:\/\/www.cykloromantika.cz\/wp-content\/uploads\/2023\/11\/foto-2023-0728-18.jpg\"><img decoding=\"async\" alt=\"\" width=\"300\" height=\"200\" loading=\"lazy\" src=\"https:\/\/www.cykloromantika.cz\/wp-content\/uploads\/2023\/11\/foto-2023-0728-18-300x200.jpg\" srcset=\"https:\/\/www.cykloromantika.cz\/wp-content\/uploads\/2023\/11\/foto-2023-0728-18-300x200.jpg 300w,https:\/\/www.cykloromantika.cz\/wp-content\/uploads\/2023\/11\/foto-2023-0728-18.jpg 1024w\" sizes=\"auto, 250px\"\/><\/a><div class=\"sgb-item-caption\"><em>M\u00edrov\u00e9 n\u00e1m\u011bst\u00ed s kostelem Pov\u00fd\u0161en\u00ed sv. K\u0159\u00ed\u017ee<\/em><\/div><\/div><div class=\"sgb-item\"><a href=\"https:\/\/www.cykloromantika.cz\/wp-content\/uploads\/2023\/11\/foto-2023-0728-19.jpg\"><img decoding=\"async\" alt=\"\" width=\"300\" height=\"225\" loading=\"lazy\" src=\"https:\/\/www.cykloromantika.cz\/wp-content\/uploads\/2023\/11\/foto-2023-0728-19-300x225.jpg\" srcset=\"https:\/\/www.cykloromantika.cz\/wp-content\/uploads\/2023\/11\/foto-2023-0728-19-300x225.jpg 300w,https:\/\/www.cykloromantika.cz\/wp-content\/uploads\/2023\/11\/foto-2023-0728-19.jpg 1024w\" sizes=\"auto, 250px\"\/><\/a><div class=\"sgb-item-caption\"><em>M\u00e1lo bylo slunce, je t\u0159eba na\u010derpat do z\u00e1soby!<\/em><\/div><\/div><div class=\"sgb-item\"><a href=\"https:\/\/www.cykloromantika.cz\/wp-content\/uploads\/2023\/11\/foto-2023-0728-20.jpg\"><img decoding=\"async\" alt=\"\" width=\"225\" height=\"300\" loading=\"lazy\" src=\"https:\/\/www.cykloromantika.cz\/wp-content\/uploads\/2023\/11\/foto-2023-0728-20-225x300.jpg\" srcset=\"https:\/\/www.cykloromantika.cz\/wp-content\/uploads\/2023\/11\/foto-2023-0728-20-225x300.jpg 225w,https:\/\/www.cykloromantika.cz\/wp-content\/uploads\/2023\/11\/foto-2023-0728-20.jpg 768w\" sizes=\"auto, 250px\"\/><\/a><div class=\"sgb-item-caption\"><em>Sloup se souso\u0161\u00edm Nejsv\u011bt\u011bj\u0161\u00ed Trojice<\/em><\/div><\/div><div class=\"sgb-item\"><a href=\"https:\/\/www.cykloromantika.cz\/wp-content\/uploads\/2023\/11\/foto-2023-0728-21.jpg\"><img decoding=\"async\" alt=\"\" width=\"300\" height=\"225\" loading=\"lazy\" src=\"https:\/\/www.cykloromantika.cz\/wp-content\/uploads\/2023\/11\/foto-2023-0728-21-300x225.jpg\" srcset=\"https:\/\/www.cykloromantika.cz\/wp-content\/uploads\/2023\/11\/foto-2023-0728-21-300x225.jpg 300w,https:\/\/www.cykloromantika.cz\/wp-content\/uploads\/2023\/11\/foto-2023-0728-21.jpg 1024w\" sizes=\"auto, 250px\"\/><\/a><div class=\"sgb-item-caption\"><em>Sloup se souso\u0161\u00edm Nejsv\u011bt\u011bj\u0161\u00ed Trojice s radni\u010dn\u00ed v\u011b\u017e\u00ed<\/em><\/div><\/div><div class=\"sgb-item\"><a href=\"https:\/\/www.cykloromantika.cz\/wp-content\/uploads\/2023\/11\/foto-2023-0728-22.jpg\"><img decoding=\"async\" alt=\"\" width=\"300\" height=\"78\" loading=\"lazy\" src=\"https:\/\/www.cykloromantika.cz\/wp-content\/uploads\/2023\/11\/foto-2023-0728-22-300x78.jpg\" srcset=\"https:\/\/www.cykloromantika.cz\/wp-content\/uploads\/2023\/11\/foto-2023-0728-22-300x78.jpg 300w,https:\/\/www.cykloromantika.cz\/wp-content\/uploads\/2023\/11\/foto-2023-0728-22.jpg 1024w\" sizes=\"auto, 250px\"\/><\/a><div class=\"sgb-item-caption\"><em>M\u00edrov\u00e9 n\u00e1m\u011bst\u00ed v Kadani<\/em><\/div><\/div><div class=\"sgb-item\"><a href=\"https:\/\/www.cykloromantika.cz\/wp-content\/uploads\/2023\/11\/foto-2023-0728-24.jpg\"><img decoding=\"async\" alt=\"\" width=\"300\" height=\"225\" loading=\"lazy\" src=\"https:\/\/www.cykloromantika.cz\/wp-content\/uploads\/2023\/11\/foto-2023-0728-24-300x225.jpg\" srcset=\"https:\/\/www.cykloromantika.cz\/wp-content\/uploads\/2023\/11\/foto-2023-0728-24-300x225.jpg 300w,https:\/\/www.cykloromantika.cz\/wp-content\/uploads\/2023\/11\/foto-2023-0728-24.jpg 1024w\" sizes=\"auto, 250px\"\/><\/a><div class=\"sgb-item-caption\"><em>Hrad Kada\u0148 \u2013 nyn\u00ed tak\u00e9 jako d\u016fm s pe\u010dovatelskou slu\u017ebou<\/em><\/div><\/div><div class=\"sgb-item\"><a href=\"https:\/\/www.cykloromantika.cz\/wp-content\/uploads\/2023\/11\/foto-2023-0728-25.jpg\"><img decoding=\"async\" alt=\"\" width=\"225\" height=\"300\" loading=\"lazy\" src=\"https:\/\/www.cykloromantika.cz\/wp-content\/uploads\/2023\/11\/foto-2023-0728-25-225x300.jpg\" srcset=\"https:\/\/www.cykloromantika.cz\/wp-content\/uploads\/2023\/11\/foto-2023-0728-25-225x300.jpg 225w,https:\/\/www.cykloromantika.cz\/wp-content\/uploads\/2023\/11\/foto-2023-0728-25.jpg 768w\" sizes=\"auto, 250px\"\/><\/a><div class=\"sgb-item-caption\"><em>Kada\u0148sk\u00fd orloj - Pocta Mikul\u00e1\u0161ovi z Kadan\u011b<\/em><\/div><\/div><div class=\"sgb-item\"><a href=\"https:\/\/www.cykloromantika.cz\/wp-content\/uploads\/2023\/11\/foto-2023-0728-27.jpg\"><img decoding=\"async\" alt=\"\" width=\"300\" height=\"169\" loading=\"lazy\" src=\"https:\/\/www.cykloromantika.cz\/wp-content\/uploads\/2023\/11\/foto-2023-0728-27-300x169.jpg\" srcset=\"https:\/\/www.cykloromantika.cz\/wp-content\/uploads\/2023\/11\/foto-2023-0728-27-300x169.jpg 300w,https:\/\/www.cykloromantika.cz\/wp-content\/uploads\/2023\/11\/foto-2023-0728-27.jpg 1024w\" sizes=\"auto, 250px\"\/><\/a><div class=\"sgb-item-caption\"><em>M\u011bsto Kada\u0148 \u2013 lou\u010d\u00edme se.<\/em><\/div><\/div><div class=\"sgb-item\"><a href=\"https:\/\/www.cykloromantika.cz\/wp-content\/uploads\/2023\/11\/foto-2023-0728-28.jpg\"><img decoding=\"async\" alt=\"\" width=\"300\" height=\"169\" loading=\"lazy\" src=\"https:\/\/www.cykloromantika.cz\/wp-content\/uploads\/2023\/11\/foto-2023-0728-28-300x169.jpg\" srcset=\"https:\/\/www.cykloromantika.cz\/wp-content\/uploads\/2023\/11\/foto-2023-0728-28-300x169.jpg 300w,https:\/\/www.cykloromantika.cz\/wp-content\/uploads\/2023\/11\/foto-2023-0728-28.jpg 1024w\" sizes=\"auto, 250px\"\/><\/a><div class=\"sgb-item-caption\"><em>Panorama Kru\u0161n\u00fdch hor s elektr\u00e1rnou Prun\u00e9\u0159ov<\/em><\/div><\/div><div class=\"sgb-item\"><a href=\"https:\/\/www.cykloromantika.cz\/wp-content\/uploads\/2023\/11\/foto-2023-0728-29.jpg\"><img decoding=\"async\" alt=\"\" width=\"225\" height=\"300\" loading=\"lazy\" src=\"https:\/\/www.cykloromantika.cz\/wp-content\/uploads\/2023\/11\/foto-2023-0728-29-225x300.jpg\" srcset=\"https:\/\/www.cykloromantika.cz\/wp-content\/uploads\/2023\/11\/foto-2023-0728-29-225x300.jpg 225w,https:\/\/www.cykloromantika.cz\/wp-content\/uploads\/2023\/11\/foto-2023-0728-29.jpg 768w\" sizes=\"auto, 250px\"\/><\/a><div class=\"sgb-item-caption\"><em>Z\u00e1me\u010dek a obecn\u00ed \u00fa\u0159ad v Rokli<\/em><\/div><\/div><div class=\"sgb-item\"><a href=\"https:\/\/www.cykloromantika.cz\/wp-content\/uploads\/2023\/11\/foto-2023-0728-30.jpg\"><img decoding=\"async\" alt=\"\" width=\"300\" height=\"200\" loading=\"lazy\" src=\"https:\/\/www.cykloromantika.cz\/wp-content\/uploads\/2023\/11\/foto-2023-0728-30-300x200.jpg\" srcset=\"https:\/\/www.cykloromantika.cz\/wp-content\/uploads\/2023\/11\/foto-2023-0728-30-300x200.jpg 300w,https:\/\/www.cykloromantika.cz\/wp-content\/uploads\/2023\/11\/foto-2023-0728-30.jpg 1024w\" sizes=\"auto, 250px\"\/><\/a><div class=\"sgb-item-caption\"><em>Z\u00e1me\u010dek a obecn\u00ed \u00fa\u0159ad v Rokli<\/em><\/div><\/div><div class=\"sgb-item\"><a href=\"https:\/\/www.cykloromantika.cz\/wp-content\/uploads\/2023\/11\/foto-2023-0728-31.jpg\"><img decoding=\"async\" alt=\"\" width=\"300\" height=\"82\" loading=\"lazy\" src=\"https:\/\/www.cykloromantika.cz\/wp-content\/uploads\/2023\/11\/foto-2023-0728-31-300x82.jpg\" srcset=\"https:\/\/www.cykloromantika.cz\/wp-content\/uploads\/2023\/11\/foto-2023-0728-31-300x82.jpg 300w,https:\/\/www.cykloromantika.cz\/wp-content\/uploads\/2023\/11\/foto-2023-0728-31.jpg 1024w\" sizes=\"auto, 250px\"\/><\/a><div class=\"sgb-item-caption\"><em>Odborn\u00e1 debata o panoramatick\u00fdch fotk\u00e1ch<\/em><\/div><\/div><div class=\"sgb-item\"><a href=\"https:\/\/www.cykloromantika.cz\/wp-content\/uploads\/2023\/11\/foto-2023-0728-32.jpg\"><img decoding=\"async\" alt=\"\" width=\"300\" height=\"225\" loading=\"lazy\" src=\"https:\/\/www.cykloromantika.cz\/wp-content\/uploads\/2023\/11\/foto-2023-0728-32-300x225.jpg\" srcset=\"https:\/\/www.cykloromantika.cz\/wp-content\/uploads\/2023\/11\/foto-2023-0728-32-300x225.jpg 300w,https:\/\/www.cykloromantika.cz\/wp-content\/uploads\/2023\/11\/foto-2023-0728-32.jpg 1024w\" sizes=\"auto, 250px\"\/><\/a><div class=\"sgb-item-caption\"><em>Na zdrav\u00ed v Rokli<\/em><\/div><\/div><div class=\"sgb-item\"><a href=\"https:\/\/www.cykloromantika.cz\/wp-content\/uploads\/2023\/11\/foto-2023-0728-33.jpg\"><img decoding=\"async\" alt=\"\" width=\"300\" height=\"200\" loading=\"lazy\" src=\"https:\/\/www.cykloromantika.cz\/wp-content\/uploads\/2023\/11\/foto-2023-0728-33-300x200.jpg\" srcset=\"https:\/\/www.cykloromantika.cz\/wp-content\/uploads\/2023\/11\/foto-2023-0728-33-300x200.jpg 300w,https:\/\/www.cykloromantika.cz\/wp-content\/uploads\/2023\/11\/foto-2023-0728-33.jpg 1024w\" sizes=\"auto, 250px\"\/><\/a><div class=\"sgb-item-caption\"><em>Panorama Kru\u0161n\u00fdch hor s elektr\u00e1rnou Tu\u0161imice<\/em><\/div><\/div><div class=\"sgb-item\"><a href=\"https:\/\/www.cykloromantika.cz\/wp-content\/uploads\/2023\/11\/foto-2023-0728-34.jpg\"><img decoding=\"async\" alt=\"\" width=\"300\" height=\"225\" loading=\"lazy\" src=\"https:\/\/www.cykloromantika.cz\/wp-content\/uploads\/2023\/11\/foto-2023-0728-34-300x225.jpg\" srcset=\"https:\/\/www.cykloromantika.cz\/wp-content\/uploads\/2023\/11\/foto-2023-0728-34-300x225.jpg 300w,https:\/\/www.cykloromantika.cz\/wp-content\/uploads\/2023\/11\/foto-2023-0728-34.jpg 1024w\" sizes=\"auto, 250px\"\/><\/a><div class=\"sgb-item-caption\"><em>Natrefili jsme na ohradu s b\u00fdky.<\/em><\/div><\/div><div class=\"sgb-item\"><a href=\"https:\/\/www.cykloromantika.cz\/wp-content\/uploads\/2023\/11\/foto-2023-0728-35.jpg\"><img decoding=\"async\" alt=\"\" width=\"300\" height=\"200\" loading=\"lazy\" src=\"https:\/\/www.cykloromantika.cz\/wp-content\/uploads\/2023\/11\/foto-2023-0728-35-300x200.jpg\" srcset=\"https:\/\/www.cykloromantika.cz\/wp-content\/uploads\/2023\/11\/foto-2023-0728-35-300x200.jpg 300w,https:\/\/www.cykloromantika.cz\/wp-content\/uploads\/2023\/11\/foto-2023-0728-35.jpg 1024w\" sizes=\"auto, 250px\"\/><\/a><div class=\"sgb-item-caption\"><em>Tom\u00edk se evidentn\u011b toho neboj\u00ed. Jen m\u00e1 respekt!<\/em><\/div><\/div><div class=\"sgb-item\"><a href=\"https:\/\/www.cykloromantika.cz\/wp-content\/uploads\/2023\/11\/foto-2023-0728-38.jpg\"><img decoding=\"async\" alt=\"\" width=\"300\" height=\"81\" loading=\"lazy\" src=\"https:\/\/www.cykloromantika.cz\/wp-content\/uploads\/2023\/11\/foto-2023-0728-38-300x81.jpg\" srcset=\"https:\/\/www.cykloromantika.cz\/wp-content\/uploads\/2023\/11\/foto-2023-0728-38-300x81.jpg 300w,https:\/\/www.cykloromantika.cz\/wp-content\/uploads\/2023\/11\/foto-2023-0728-38.jpg 1024w\" sizes=\"auto, 250px\"\/><\/a><div class=\"sgb-item-caption\"><em>Panorama Kru\u0161n\u00fdch hor s elektr\u00e1rnou Tu\u0161imice a vodn\u00ed n\u00e1dr\u017e\u00ed Nechranice<\/em><\/div><\/div><div class=\"sgb-item\"><a href=\"https:\/\/www.cykloromantika.cz\/wp-content\/uploads\/2023\/11\/foto-2023-0728-39.jpg\"><img decoding=\"async\" alt=\"\" width=\"300\" height=\"200\" loading=\"lazy\" src=\"https:\/\/www.cykloromantika.cz\/wp-content\/uploads\/2023\/11\/foto-2023-0728-39-300x200.jpg\" srcset=\"https:\/\/www.cykloromantika.cz\/wp-content\/uploads\/2023\/11\/foto-2023-0728-39-300x200.jpg 300w,https:\/\/www.cykloromantika.cz\/wp-content\/uploads\/2023\/11\/foto-2023-0728-39.jpg 1024w\" sizes=\"auto, 250px\"\/><\/a><div class=\"sgb-item-caption\"><em>Vodn\u00ed n\u00e1dr\u017e Nechranice<\/em><\/div><\/div><div class=\"sgb-item\"><a href=\"https:\/\/www.cykloromantika.cz\/wp-content\/uploads\/2023\/11\/foto-2023-0728-40.jpg\"><img decoding=\"async\" alt=\"\" width=\"300\" height=\"200\" loading=\"lazy\" src=\"https:\/\/www.cykloromantika.cz\/wp-content\/uploads\/2023\/11\/foto-2023-0728-40-300x200.jpg\" srcset=\"https:\/\/www.cykloromantika.cz\/wp-content\/uploads\/2023\/11\/foto-2023-0728-40-300x200.jpg 300w,https:\/\/www.cykloromantika.cz\/wp-content\/uploads\/2023\/11\/foto-2023-0728-40.jpg 1024w\" sizes=\"auto, 250px\"\/><\/a><div class=\"sgb-item-caption\"><em>Hr\u00e1z vodn\u00ed n\u00e1dr\u017ee Nechranice<\/em><\/div><\/div><div class=\"sgb-item\"><a href=\"https:\/\/www.cykloromantika.cz\/wp-content\/uploads\/2023\/11\/foto-2023-0728-44.jpg\"><img decoding=\"async\" alt=\"\" width=\"300\" height=\"169\" loading=\"lazy\" src=\"https:\/\/www.cykloromantika.cz\/wp-content\/uploads\/2023\/11\/foto-2023-0728-44-300x169.jpg\" srcset=\"https:\/\/www.cykloromantika.cz\/wp-content\/uploads\/2023\/11\/foto-2023-0728-44-300x169.jpg 300w,https:\/\/www.cykloromantika.cz\/wp-content\/uploads\/2023\/11\/foto-2023-0728-44.jpg 1024w\" sizes=\"auto, 250px\"\/><\/a><div class=\"sgb-item-caption\"><em>Hr\u00e1z vodn\u00ed n\u00e1dr\u017ee Nechranice<\/em><\/div><\/div><div class=\"sgb-item\"><a href=\"https:\/\/www.cykloromantika.cz\/wp-content\/uploads\/2023\/11\/foto-2023-0728-45.jpg\"><img decoding=\"async\" alt=\"\" width=\"300\" height=\"200\" loading=\"lazy\" src=\"https:\/\/www.cykloromantika.cz\/wp-content\/uploads\/2023\/11\/foto-2023-0728-45-300x200.jpg\" srcset=\"https:\/\/www.cykloromantika.cz\/wp-content\/uploads\/2023\/11\/foto-2023-0728-45-300x200.jpg 300w,https:\/\/www.cykloromantika.cz\/wp-content\/uploads\/2023\/11\/foto-2023-0728-45.jpg 1024w\" sizes=\"auto, 250px\"\/><\/a><div class=\"sgb-item-caption\"><em>Vodn\u00ed elektr\u00e1rna Nechranice<\/em><\/div><\/div><div class=\"sgb-item\"><a href=\"https:\/\/www.cykloromantika.cz\/wp-content\/uploads\/2023\/11\/foto-2023-0728-46.jpg\"><img decoding=\"async\" alt=\"\" width=\"300\" height=\"200\" loading=\"lazy\" src=\"https:\/\/www.cykloromantika.cz\/wp-content\/uploads\/2023\/11\/foto-2023-0728-46-300x200.jpg\" srcset=\"https:\/\/www.cykloromantika.cz\/wp-content\/uploads\/2023\/11\/foto-2023-0728-46-300x200.jpg 300w,https:\/\/www.cykloromantika.cz\/wp-content\/uploads\/2023\/11\/foto-2023-0728-46.jpg 1024w\" sizes=\"auto, 250px\"\/><\/a><div class=\"sgb-item-caption\"><em>Cesta jak z meziv\u00e1le\u010dn\u00e9ho obdob\u00ed<\/em><\/div><\/div><div class=\"sgb-item\"><a href=\"https:\/\/www.cykloromantika.cz\/wp-content\/uploads\/2023\/11\/foto-2023-0728-47.jpg\"><img decoding=\"async\" alt=\"\" width=\"300\" height=\"200\" loading=\"lazy\" src=\"https:\/\/www.cykloromantika.cz\/wp-content\/uploads\/2023\/11\/foto-2023-0728-47-300x200.jpg\" srcset=\"https:\/\/www.cykloromantika.cz\/wp-content\/uploads\/2023\/11\/foto-2023-0728-47-300x200.jpg 300w,https:\/\/www.cykloromantika.cz\/wp-content\/uploads\/2023\/11\/foto-2023-0728-47.jpg 1024w\" sizes=\"auto, 250px\"\/><\/a><div class=\"sgb-item-caption\"><em>Propus\u0165 nechranick\u00e9 p\u0159ehrady<\/em><\/div><\/div><div class=\"sgb-item\"><a href=\"https:\/\/www.cykloromantika.cz\/wp-content\/uploads\/2023\/11\/foto-2023-0728-49.jpg\"><img decoding=\"async\" alt=\"\" width=\"300\" height=\"200\" loading=\"lazy\" src=\"https:\/\/www.cykloromantika.cz\/wp-content\/uploads\/2023\/11\/foto-2023-0728-49-300x200.jpg\" srcset=\"https:\/\/www.cykloromantika.cz\/wp-content\/uploads\/2023\/11\/foto-2023-0728-49-300x200.jpg 300w,https:\/\/www.cykloromantika.cz\/wp-content\/uploads\/2023\/11\/foto-2023-0728-49.jpg 1024w\" sizes=\"auto, 250px\"\/><\/a><div class=\"sgb-item-caption\"><em>P\u0159em\u00fd\u0161l\u00edme nad \u010desk\u00fdm rekordem ve skoku na kole.<\/em><\/div><\/div><div class=\"sgb-item\"><a href=\"https:\/\/www.cykloromantika.cz\/wp-content\/uploads\/2023\/11\/foto-2023-0728-51.jpg\"><img decoding=\"async\" alt=\"\" width=\"300\" height=\"225\" loading=\"lazy\" src=\"https:\/\/www.cykloromantika.cz\/wp-content\/uploads\/2023\/11\/foto-2023-0728-51-300x225.jpg\" srcset=\"https:\/\/www.cykloromantika.cz\/wp-content\/uploads\/2023\/11\/foto-2023-0728-51-300x225.jpg 300w,https:\/\/www.cykloromantika.cz\/wp-content\/uploads\/2023\/11\/foto-2023-0728-51.jpg 1024w\" sizes=\"auto, 250px\"\/><\/a><div class=\"sgb-item-caption\"><em>Z\u00e1mek Vi\u010dice \u2013 od roku 1963 jako kulturn\u00ed pam\u00e1tka!<\/em><\/div><\/div><div class=\"sgb-item\"><a href=\"https:\/\/www.cykloromantika.cz\/wp-content\/uploads\/2023\/11\/foto-2023-0728-53.jpg\"><img decoding=\"async\" alt=\"\" width=\"300\" height=\"200\" loading=\"lazy\" src=\"https:\/\/www.cykloromantika.cz\/wp-content\/uploads\/2023\/11\/foto-2023-0728-53-300x200.jpg\" srcset=\"https:\/\/www.cykloromantika.cz\/wp-content\/uploads\/2023\/11\/foto-2023-0728-53-300x200.jpg 300w,https:\/\/www.cykloromantika.cz\/wp-content\/uploads\/2023\/11\/foto-2023-0728-53.jpg 1024w\" sizes=\"auto, 250px\"\/><\/a><div class=\"sgb-item-caption\"><em>Z\u00e1mek Vi\u010dice \u2013 od roku 1963 jako kulturn\u00ed pam\u00e1tka!<\/em><\/div><\/div><div class=\"sgb-item\"><a href=\"https:\/\/www.cykloromantika.cz\/wp-content\/uploads\/2023\/11\/foto-2023-0728-54.jpg\"><img decoding=\"async\" alt=\"\" width=\"225\" height=\"300\" loading=\"lazy\" src=\"https:\/\/www.cykloromantika.cz\/wp-content\/uploads\/2023\/11\/foto-2023-0728-54-225x300.jpg\" srcset=\"https:\/\/www.cykloromantika.cz\/wp-content\/uploads\/2023\/11\/foto-2023-0728-54-225x300.jpg 225w,https:\/\/www.cykloromantika.cz\/wp-content\/uploads\/2023\/11\/foto-2023-0728-54.jpg 768w\" sizes=\"auto, 250px\"\/><\/a><div class=\"sgb-item-caption\"><em>Kn\u011b\u017esk\u00e1 br\u00e1na \u2013 vj\u00ed\u017ed\u00edme do \u017datce!<\/em><\/div><\/div><div class=\"sgb-item\"><a href=\"https:\/\/www.cykloromantika.cz\/wp-content\/uploads\/2023\/11\/foto-2023-0728-55.jpg\"><img decoding=\"async\" alt=\"\" width=\"300\" height=\"169\" loading=\"lazy\" src=\"https:\/\/www.cykloromantika.cz\/wp-content\/uploads\/2023\/11\/foto-2023-0728-55-300x169.jpg\" srcset=\"https:\/\/www.cykloromantika.cz\/wp-content\/uploads\/2023\/11\/foto-2023-0728-55-300x169.jpg 300w,https:\/\/www.cykloromantika.cz\/wp-content\/uploads\/2023\/11\/foto-2023-0728-55.jpg 1024w\" sizes=\"auto, 250px\"\/><\/a><div class=\"sgb-item-caption\"><em>\u017dateck\u00fd pivovar \u2013 pro pivo ale mus\u00edme jinam!<\/em><\/div><\/div><div class=\"sgb-item\"><a href=\"https:\/\/www.cykloromantika.cz\/wp-content\/uploads\/2023\/11\/foto-2023-0728-57.jpg\"><img decoding=\"async\" alt=\"\" width=\"300\" height=\"200\" loading=\"lazy\" src=\"https:\/\/www.cykloromantika.cz\/wp-content\/uploads\/2023\/11\/foto-2023-0728-57-300x200.jpg\" srcset=\"https:\/\/www.cykloromantika.cz\/wp-content\/uploads\/2023\/11\/foto-2023-0728-57-300x200.jpg 300w,https:\/\/www.cykloromantika.cz\/wp-content\/uploads\/2023\/11\/foto-2023-0728-57.jpg 1024w\" sizes=\"auto, 250px\"\/><\/a><div class=\"sgb-item-caption\"><em>P\u011bt pivn\u00edch bojovn\u00edk\u016f v \u017datci<\/em><\/div><\/div><div class=\"sgb-item\"><a href=\"https:\/\/www.cykloromantika.cz\/wp-content\/uploads\/2023\/11\/foto-2023-0728-60.jpg\"><img decoding=\"async\" alt=\"\" width=\"300\" height=\"225\" loading=\"lazy\" src=\"https:\/\/www.cykloromantika.cz\/wp-content\/uploads\/2023\/11\/foto-2023-0728-60-300x225.jpg\" srcset=\"https:\/\/www.cykloromantika.cz\/wp-content\/uploads\/2023\/11\/foto-2023-0728-60-300x225.jpg 300w,https:\/\/www.cykloromantika.cz\/wp-content\/uploads\/2023\/11\/foto-2023-0728-60.jpg 1024w\" sizes=\"auto, 250px\"\/><\/a><\/div><div class=\"sgb-item\"><a href=\"https:\/\/www.cykloromantika.cz\/wp-content\/uploads\/2023\/11\/foto-2023-0728-63.jpg\"><img decoding=\"async\" alt=\"\" width=\"225\" height=\"300\" loading=\"lazy\" src=\"https:\/\/www.cykloromantika.cz\/wp-content\/uploads\/2023\/11\/foto-2023-0728-63-225x300.jpg\" srcset=\"https:\/\/www.cykloromantika.cz\/wp-content\/uploads\/2023\/11\/foto-2023-0728-63-225x300.jpg 225w,https:\/\/www.cykloromantika.cz\/wp-content\/uploads\/2023\/11\/foto-2023-0728-63.jpg 768w\" sizes=\"auto, 250px\"\/><\/a><div class=\"sgb-item-caption\"><em>Sloup se souso\u0161\u00edm Nejsv\u011bt\u011bj\u0161\u00ed Trojice na \u017eateck\u00e9m n\u00e1m\u011bst\u00ed Svobody<\/em><\/div><\/div><div class=\"sgb-item\"><a href=\"https:\/\/www.cykloromantika.cz\/wp-content\/uploads\/2023\/11\/foto-2023-0728-64.jpg\"><img decoding=\"async\" alt=\"\" width=\"300\" height=\"225\" loading=\"lazy\" src=\"https:\/\/www.cykloromantika.cz\/wp-content\/uploads\/2023\/11\/foto-2023-0728-64-300x225.jpg\" srcset=\"https:\/\/www.cykloromantika.cz\/wp-content\/uploads\/2023\/11\/foto-2023-0728-64-300x225.jpg 300w,https:\/\/www.cykloromantika.cz\/wp-content\/uploads\/2023\/11\/foto-2023-0728-64.jpg 1024w\" sizes=\"auto, 250px\"\/><\/a><div class=\"sgb-item-caption\"><em>Chmelni\u010dka v \u017datci \u2013 nejmen\u0161\u00ed chmelnice na sv\u011bt\u011b!<\/em><\/div><\/div><div class=\"sgb-item\"><a href=\"https:\/\/www.cykloromantika.cz\/wp-content\/uploads\/2023\/11\/foto-2023-0728-65.jpg\"><img decoding=\"async\" alt=\"\" width=\"300\" height=\"200\" loading=\"lazy\" src=\"https:\/\/www.cykloromantika.cz\/wp-content\/uploads\/2023\/11\/foto-2023-0728-65-300x200.jpg\" srcset=\"https:\/\/www.cykloromantika.cz\/wp-content\/uploads\/2023\/11\/foto-2023-0728-65-300x200.jpg 300w,https:\/\/www.cykloromantika.cz\/wp-content\/uploads\/2023\/11\/foto-2023-0728-65.jpg 1024w\" sizes=\"auto, 250px\"\/><\/a><div class=\"sgb-item-caption\"><em>Sud na n\u00e1m\u011bst\u00ed Kruhov\u00e9m<\/em><\/div><\/div><div class=\"sgb-item\"><a href=\"https:\/\/www.cykloromantika.cz\/wp-content\/uploads\/2023\/11\/foto-2023-0728-66.jpg\"><img decoding=\"async\" alt=\"\" width=\"300\" height=\"225\" loading=\"lazy\" src=\"https:\/\/www.cykloromantika.cz\/wp-content\/uploads\/2023\/11\/foto-2023-0728-66-300x225.jpg\" srcset=\"https:\/\/www.cykloromantika.cz\/wp-content\/uploads\/2023\/11\/foto-2023-0728-66-300x225.jpg 300w,https:\/\/www.cykloromantika.cz\/wp-content\/uploads\/2023\/11\/foto-2023-0728-66.jpg 1024w\" sizes=\"auto, 250px\"\/><\/a><div class=\"sgb-item-caption\"><em>Rozhledna Chmelov\u00fd maj\u00e1k, 42 m vysok\u00e1<\/em><\/div><\/div><div class=\"sgb-item\"><a href=\"https:\/\/www.cykloromantika.cz\/wp-content\/uploads\/2023\/11\/foto-2023-0728-67.jpg\"><img decoding=\"async\" alt=\"\" width=\"300\" height=\"225\" loading=\"lazy\" src=\"https:\/\/www.cykloromantika.cz\/wp-content\/uploads\/2023\/11\/foto-2023-0728-67-300x225.jpg\" srcset=\"https:\/\/www.cykloromantika.cz\/wp-content\/uploads\/2023\/11\/foto-2023-0728-67-300x225.jpg 300w,https:\/\/www.cykloromantika.cz\/wp-content\/uploads\/2023\/11\/foto-2023-0728-67.jpg 1024w\" sizes=\"auto, 250px\"\/><\/a><div class=\"sgb-item-caption\"><em>Chmela\u0159sk\u00e9 muzeum v \u017datci<\/em><\/div><\/div><div class=\"sgb-item\"><a href=\"https:\/\/www.cykloromantika.cz\/wp-content\/uploads\/2023\/11\/foto-2023-0728-68.jpg\"><img decoding=\"async\" alt=\"\" width=\"300\" height=\"225\" loading=\"lazy\" src=\"https:\/\/www.cykloromantika.cz\/wp-content\/uploads\/2023\/11\/foto-2023-0728-68-300x225.jpg\" srcset=\"https:\/\/www.cykloromantika.cz\/wp-content\/uploads\/2023\/11\/foto-2023-0728-68-300x225.jpg 300w,https:\/\/www.cykloromantika.cz\/wp-content\/uploads\/2023\/11\/foto-2023-0728-68.jpg 1024w\" sizes=\"auto, 250px\"\/><\/a><div class=\"sgb-item-caption\"><em>Pivovar U Orloje<\/em><\/div><\/div><div class=\"sgb-item\"><a href=\"https:\/\/www.cykloromantika.cz\/wp-content\/uploads\/2023\/11\/foto-2023-0728-69.jpg\"><img decoding=\"async\" alt=\"\" width=\"200\" height=\"300\" loading=\"lazy\" src=\"https:\/\/www.cykloromantika.cz\/wp-content\/uploads\/2023\/11\/foto-2023-0728-69-200x300.jpg\" srcset=\"https:\/\/www.cykloromantika.cz\/wp-content\/uploads\/2023\/11\/foto-2023-0728-69-200x300.jpg 200w,https:\/\/www.cykloromantika.cz\/wp-content\/uploads\/2023\/11\/foto-2023-0728-69.jpg 683w\" sizes=\"auto, 250px\"\/><\/a><div class=\"sgb-item-caption\"><em>Pomysln\u00fd Sedm\u00fd schod<\/em><\/div><\/div><div class=\"sgb-item\"><a href=\"https:\/\/www.cykloromantika.cz\/wp-content\/uploads\/2023\/11\/foto-2023-0728-70.jpg\"><img decoding=\"async\" alt=\"\" width=\"200\" height=\"300\" loading=\"lazy\" src=\"https:\/\/www.cykloromantika.cz\/wp-content\/uploads\/2023\/11\/foto-2023-0728-70-200x300.jpg\" srcset=\"https:\/\/www.cykloromantika.cz\/wp-content\/uploads\/2023\/11\/foto-2023-0728-70-200x300.jpg 200w,https:\/\/www.cykloromantika.cz\/wp-content\/uploads\/2023\/11\/foto-2023-0728-70.jpg 683w\" sizes=\"auto, 250px\"\/><\/a><div class=\"sgb-item-caption\"><em>Chlap nem\u016f\u017ee ani v\u011bd\u011bt, kter\u00fd si vybrat!<\/em><\/div><\/div><div class=\"sgb-item\"><a href=\"https:\/\/www.cykloromantika.cz\/wp-content\/uploads\/2023\/11\/foto-2023-0728-71.jpg\"><img decoding=\"async\" alt=\"\" width=\"300\" height=\"169\" loading=\"lazy\" src=\"https:\/\/www.cykloromantika.cz\/wp-content\/uploads\/2023\/11\/foto-2023-0728-71-300x169.jpg\" srcset=\"https:\/\/www.cykloromantika.cz\/wp-content\/uploads\/2023\/11\/foto-2023-0728-71-300x169.jpg 300w,https:\/\/www.cykloromantika.cz\/wp-content\/uploads\/2023\/11\/foto-2023-0728-71.jpg 1024w\" sizes=\"auto, 250px\"\/><\/a><div class=\"sgb-item-caption\"><em>Pivovar U Orloje \u2013 ochutn\u00e1me m\u00edstn\u00ed piva i ty z \u017dateck\u00e9ho pivovaru<\/em><\/div><\/div><div class=\"sgb-item\"><a href=\"https:\/\/www.cykloromantika.cz\/wp-content\/uploads\/2023\/11\/foto-2023-0728-72.jpg\"><img decoding=\"async\" alt=\"\" width=\"300\" height=\"200\" loading=\"lazy\" src=\"https:\/\/www.cykloromantika.cz\/wp-content\/uploads\/2023\/11\/foto-2023-0728-72-300x200.jpg\" srcset=\"https:\/\/www.cykloromantika.cz\/wp-content\/uploads\/2023\/11\/foto-2023-0728-72-300x200.jpg 300w,https:\/\/www.cykloromantika.cz\/wp-content\/uploads\/2023\/11\/foto-2023-0728-72.jpg 1024w\" sizes=\"auto, 250px\"\/><\/a><div class=\"sgb-item-caption\"><em>Zahrady kapuc\u00ednsk\u00e9ho kl\u00e1\u0161tera<\/em><\/div><\/div><div class=\"sgb-item\"><a href=\"https:\/\/www.cykloromantika.cz\/wp-content\/uploads\/2023\/11\/foto-2023-0728-74.jpg\"><img decoding=\"async\" alt=\"\" width=\"300\" height=\"200\" loading=\"lazy\" src=\"https:\/\/www.cykloromantika.cz\/wp-content\/uploads\/2023\/11\/foto-2023-0728-74-300x200.jpg\" srcset=\"https:\/\/www.cykloromantika.cz\/wp-content\/uploads\/2023\/11\/foto-2023-0728-74-300x200.jpg 300w,https:\/\/www.cykloromantika.cz\/wp-content\/uploads\/2023\/11\/foto-2023-0728-74.jpg 1024w\" sizes=\"auto, 250px\"\/><\/a><div class=\"sgb-item-caption\"><em>V Trnovanech n\u00e1s nepustil d\u00e1le divok\u00fd pes!<\/em><\/div><\/div><div class=\"sgb-item\"><a href=\"https:\/\/www.cykloromantika.cz\/wp-content\/uploads\/2023\/11\/foto-2023-0728-75.jpg\"><img decoding=\"async\" alt=\"\" width=\"300\" height=\"200\" loading=\"lazy\" src=\"https:\/\/www.cykloromantika.cz\/wp-content\/uploads\/2023\/11\/foto-2023-0728-75-300x200.jpg\" srcset=\"https:\/\/www.cykloromantika.cz\/wp-content\/uploads\/2023\/11\/foto-2023-0728-75-300x200.jpg 300w,https:\/\/www.cykloromantika.cz\/wp-content\/uploads\/2023\/11\/foto-2023-0728-75.jpg 1024w\" sizes=\"auto, 250px\"\/><\/a><div class=\"sgb-item-caption\"><em>Starci na chmelu<\/em><\/div><\/div><div class=\"sgb-item\"><a href=\"https:\/\/www.cykloromantika.cz\/wp-content\/uploads\/2023\/11\/foto-2023-0728-76.jpg\"><img decoding=\"async\" alt=\"\" width=\"300\" height=\"169\" loading=\"lazy\" src=\"https:\/\/www.cykloromantika.cz\/wp-content\/uploads\/2023\/11\/foto-2023-0728-76-300x169.jpg\" srcset=\"https:\/\/www.cykloromantika.cz\/wp-content\/uploads\/2023\/11\/foto-2023-0728-76-300x169.jpg 300w,https:\/\/www.cykloromantika.cz\/wp-content\/uploads\/2023\/11\/foto-2023-0728-76.jpg 1024w\" sizes=\"auto, 250px\"\/><\/a><div class=\"sgb-item-caption\"><em>Chmelov\u00fd r\u00e1j u Stekn\u00edku<\/em><\/div><\/div><div class=\"sgb-item\"><a href=\"https:\/\/www.cykloromantika.cz\/wp-content\/uploads\/2023\/11\/foto-2023-0728-78.jpg\"><img decoding=\"async\" alt=\"\" width=\"300\" height=\"169\" loading=\"lazy\" src=\"https:\/\/www.cykloromantika.cz\/wp-content\/uploads\/2023\/11\/foto-2023-0728-78-300x169.jpg\" srcset=\"https:\/\/www.cykloromantika.cz\/wp-content\/uploads\/2023\/11\/foto-2023-0728-78-300x169.jpg 300w,https:\/\/www.cykloromantika.cz\/wp-content\/uploads\/2023\/11\/foto-2023-0728-78.jpg 1024w\" sizes=\"auto, 250px\"\/><\/a><div class=\"sgb-item-caption\"><em>Z\u00e1mek Stekn\u00edk v pozad\u00ed<\/em><\/div><\/div><div class=\"sgb-item\"><a href=\"https:\/\/www.cykloromantika.cz\/wp-content\/uploads\/2023\/11\/foto-2023-0728-79.jpg\"><img decoding=\"async\" alt=\"\" width=\"300\" height=\"225\" loading=\"lazy\" src=\"https:\/\/www.cykloromantika.cz\/wp-content\/uploads\/2023\/11\/foto-2023-0728-79-300x225.jpg\" srcset=\"https:\/\/www.cykloromantika.cz\/wp-content\/uploads\/2023\/11\/foto-2023-0728-79-300x225.jpg 300w,https:\/\/www.cykloromantika.cz\/wp-content\/uploads\/2023\/11\/foto-2023-0728-79.jpg 1024w\" sizes=\"auto, 250px\"\/><\/a><div class=\"sgb-item-caption\"><em>Tak co jsme je\u0161t\u011b nepili?<\/em><\/div><\/div><div class=\"sgb-item\"><a href=\"https:\/\/www.cykloromantika.cz\/wp-content\/uploads\/2023\/11\/foto-2023-0728-80.jpg\"><img decoding=\"async\" alt=\"\" width=\"225\" height=\"300\" loading=\"lazy\" src=\"https:\/\/www.cykloromantika.cz\/wp-content\/uploads\/2023\/11\/foto-2023-0728-80-225x300.jpg\" srcset=\"https:\/\/www.cykloromantika.cz\/wp-content\/uploads\/2023\/11\/foto-2023-0728-80-225x300.jpg 225w,https:\/\/www.cykloromantika.cz\/wp-content\/uploads\/2023\/11\/foto-2023-0728-80.jpg 768w\" sizes=\"auto, 250px\"\/><\/a><div class=\"sgb-item-caption\"><em>Mr(a)dice<\/em><\/div><\/div><div class=\"sgb-item\"><a href=\"https:\/\/www.cykloromantika.cz\/wp-content\/uploads\/2023\/11\/foto-2023-0728-81.jpg\"><img decoding=\"async\" alt=\"\" width=\"300\" height=\"169\" loading=\"lazy\" src=\"https:\/\/www.cykloromantika.cz\/wp-content\/uploads\/2023\/11\/foto-2023-0728-81-300x169.jpg\" srcset=\"https:\/\/www.cykloromantika.cz\/wp-content\/uploads\/2023\/11\/foto-2023-0728-81-300x169.jpg 300w,https:\/\/www.cykloromantika.cz\/wp-content\/uploads\/2023\/11\/foto-2023-0728-81.jpg 1024w\" sizes=\"auto, 250px\"\/><\/a><div class=\"sgb-item-caption\"><em>V\u00fdhled na \u010cesk\u00e9 st\u0159edoho\u0159\u00ed kousek p\u0159ed Louny<\/em><\/div><\/div><div class=\"sgb-item\"><a href=\"https:\/\/www.cykloromantika.cz\/wp-content\/uploads\/2023\/11\/foto-2023-0728-82.jpg\"><img decoding=\"async\" alt=\"\" width=\"225\" height=\"300\" loading=\"lazy\" src=\"https:\/\/www.cykloromantika.cz\/wp-content\/uploads\/2023\/11\/foto-2023-0728-82-225x300.jpg\" srcset=\"https:\/\/www.cykloromantika.cz\/wp-content\/uploads\/2023\/11\/foto-2023-0728-82-225x300.jpg 225w,https:\/\/www.cykloromantika.cz\/wp-content\/uploads\/2023\/11\/foto-2023-0728-82.jpg 768w\" sizes=\"auto, 250px\"\/><\/a><div class=\"sgb-item-caption\"><em>Kostel sv. Mikul\u00e1\u0161e v Lounech<\/em><\/div><\/div><div class=\"sgb-item\"><a href=\"https:\/\/www.cykloromantika.cz\/wp-content\/uploads\/2023\/11\/foto-2023-0728-85.jpg\"><img decoding=\"async\" alt=\"\" width=\"300\" height=\"169\" loading=\"lazy\" src=\"https:\/\/www.cykloromantika.cz\/wp-content\/uploads\/2023\/11\/foto-2023-0728-85-300x169.jpg\" srcset=\"https:\/\/www.cykloromantika.cz\/wp-content\/uploads\/2023\/11\/foto-2023-0728-85-300x169.jpg 300w,https:\/\/www.cykloromantika.cz\/wp-content\/uploads\/2023\/11\/foto-2023-0728-85.jpg 1024w\" sizes=\"auto, 250px\"\/><\/a><div class=\"sgb-item-caption\"><em>Kostel sv. Vav\u0159ince v \u010cern\u010dic\u00edch<\/em><\/div><\/div><div class=\"sgb-item\"><a href=\"https:\/\/www.cykloromantika.cz\/wp-content\/uploads\/2023\/11\/foto-2023-0728-86.jpg\"><img decoding=\"async\" alt=\"\" width=\"300\" height=\"129\" loading=\"lazy\" src=\"https:\/\/www.cykloromantika.cz\/wp-content\/uploads\/2023\/11\/foto-2023-0728-86-300x129.jpg\" srcset=\"https:\/\/www.cykloromantika.cz\/wp-content\/uploads\/2023\/11\/foto-2023-0728-86-300x129.jpg 300w,https:\/\/www.cykloromantika.cz\/wp-content\/uploads\/2023\/11\/foto-2023-0728-86.jpg 1024w\" sizes=\"auto, 250px\"\/><\/a><div class=\"sgb-item-caption\"><em>\u010cesk\u00e9 st\u0159edoho\u0159\u00ed<\/em><\/div><\/div><div class=\"sgb-item\"><a href=\"https:\/\/www.cykloromantika.cz\/wp-content\/uploads\/2023\/11\/foto-2023-0728-87.jpg\"><img decoding=\"async\" alt=\"\" width=\"300\" height=\"129\" loading=\"lazy\" src=\"https:\/\/www.cykloromantika.cz\/wp-content\/uploads\/2023\/11\/foto-2023-0728-87-300x129.jpg\" srcset=\"https:\/\/www.cykloromantika.cz\/wp-content\/uploads\/2023\/11\/foto-2023-0728-87-300x129.jpg 300w,https:\/\/www.cykloromantika.cz\/wp-content\/uploads\/2023\/11\/foto-2023-0728-87.jpg 1024w\" sizes=\"auto, 250px\"\/><\/a><div class=\"sgb-item-caption\"><em>\u010cesk\u00e9 st\u0159edoho\u0159\u00ed<\/em><\/div><\/div><div class=\"sgb-item\"><a href=\"https:\/\/www.cykloromantika.cz\/wp-content\/uploads\/2023\/11\/foto-2023-0728-89.jpg\"><img decoding=\"async\" alt=\"\" width=\"300\" height=\"200\" loading=\"lazy\" src=\"https:\/\/www.cykloromantika.cz\/wp-content\/uploads\/2023\/11\/foto-2023-0728-89-300x200.jpg\" srcset=\"https:\/\/www.cykloromantika.cz\/wp-content\/uploads\/2023\/11\/foto-2023-0728-89-300x200.jpg 300w,https:\/\/www.cykloromantika.cz\/wp-content\/uploads\/2023\/11\/foto-2023-0728-89.jpg 1024w\" sizes=\"auto, 250px\"\/><\/a><div class=\"sgb-item-caption\"><em>P\u00e1tek v p\u00e1tek \u2013 osudov\u00e1 obec p\u00e1te\u010dn\u00ed noci<\/em><\/div><\/div><div class=\"sgb-item\"><a href=\"https:\/\/www.cykloromantika.cz\/wp-content\/uploads\/2023\/11\/foto-2023-0728-90.jpg\"><img decoding=\"async\" alt=\"\" width=\"300\" height=\"200\" loading=\"lazy\" src=\"https:\/\/www.cykloromantika.cz\/wp-content\/uploads\/2023\/11\/foto-2023-0728-90-300x200.jpg\" srcset=\"https:\/\/www.cykloromantika.cz\/wp-content\/uploads\/2023\/11\/foto-2023-0728-90-300x200.jpg 300w,https:\/\/www.cykloromantika.cz\/wp-content\/uploads\/2023\/11\/foto-2023-0728-90.jpg 1024w\" sizes=\"auto, 250px\"\/><\/a><div class=\"sgb-item-caption\"><em>Snad nejmen\u0161\u00ed po\u0161ta, kterou jsme mohli vid\u011bt.<\/em><\/div><\/div><div class=\"sgb-item\"><a href=\"https:\/\/www.cykloromantika.cz\/wp-content\/uploads\/2023\/11\/foto-2023-0728-91.jpg\"><img decoding=\"async\" alt=\"\" width=\"300\" height=\"200\" loading=\"lazy\" src=\"https:\/\/www.cykloromantika.cz\/wp-content\/uploads\/2023\/11\/foto-2023-0728-91-300x200.jpg\" srcset=\"https:\/\/www.cykloromantika.cz\/wp-content\/uploads\/2023\/11\/foto-2023-0728-91-300x200.jpg 300w,https:\/\/www.cykloromantika.cz\/wp-content\/uploads\/2023\/11\/foto-2023-0728-91.jpg 1024w\" sizes=\"auto, 250px\"\/><\/a><div class=\"sgb-item-caption\"><em>Snad ne moc brzy legend\u00e1rn\u00ed kapela. Rad\u011bji, a\u0165 ani nehraj\u00ed!<\/em><\/div><\/div><\/div><\/noscript><\/div><script type=\"application\/json\" class=\"sgb-data\">{\"lastRowFill\":true,\"collectionThumbRecomendedHeight\":300,\"collectionThumbMiniScreenScale\":true,\"captionHAlign\":\"bottom\",\"collectionthumbHoverTitleFontSize\":12,\"collectionthumbRoundedCorners\":8,\"collectionthumbHoverTitleTextBgColor\":\"rgba(0,0,0,0.44)\",\"collectionThumbSubMenuShare\":false,\"galleryType\":\"pgc_sgb_justified\",\"galleryId\":\"a0405937\",\"images\":[{\"id\":8264,\"title\":\"Foto 2023 0728 01\",\"url\":\"https:\/\/www.cykloromantika.cz\/wp-content\/uploads\/2023\/11\/foto-2023-0728-01.jpg\",\"link\":\"https:\/\/www.cykloromantika.cz\/foto-2023-0728-01\/\",\"alt\":\"\",\"description\":\"\",\"caption\":\"Sle\u010dna provozn\u00ed byla mil\u00e1!\",\"mime\":\"image\/jpeg\",\"type\":\"image\",\"width\":1024,\"height\":768,\"sizes\":{\"thumbnail\":{\"height\":113,\"width\":150,\"url\":\"https:\/\/www.cykloromantika.cz\/wp-content\/uploads\/2023\/11\/foto-2023-0728-01-150x113.jpg\",\"orientation\":\"landscape\"},\"medium\":{\"height\":225,\"width\":300,\"url\":\"https:\/\/www.cykloromantika.cz\/wp-content\/uploads\/2023\/11\/foto-2023-0728-01-300x225.jpg\",\"orientation\":\"landscape\"},\"full\":{\"url\":\"https:\/\/www.cykloromantika.cz\/wp-content\/uploads\/2023\/11\/foto-2023-0728-01.jpg\",\"height\":768,\"width\":1024,\"orientation\":\"landscape\"}},\"imageMeta\":{\"aperture\":\"2.2\",\"credit\":\"\",\"camera\":\"SM-G991B\",\"caption\":\"\",\"created_timestamp\":\"1690540549\",\"copyright\":\"\",\"focal_length\":\"2.2\",\"iso\":\"50\",\"shutter_speed\":\"0.00151975683891\",\"title\":\"\",\"orientation\":\"0\",\"keywords\":[]},\"meta\":false},{\"id\":8265,\"title\":\"Foto 2023 0728 02\",\"url\":\"https:\/\/www.cykloromantika.cz\/wp-content\/uploads\/2023\/11\/foto-2023-0728-02.jpg\",\"link\":\"https:\/\/www.cykloromantika.cz\/foto-2023-0728-02\/\",\"alt\":\"\",\"description\":\"\",\"caption\":\"Z\u00e1mek Kl\u00e1\u0161terec nad Oh\u0159\u00ed\",\"mime\":\"image\/jpeg\",\"type\":\"image\",\"width\":1024,\"height\":768,\"sizes\":{\"thumbnail\":{\"height\":113,\"width\":150,\"url\":\"https:\/\/www.cykloromantika.cz\/wp-content\/uploads\/2023\/11\/foto-2023-0728-02-150x113.jpg\",\"orientation\":\"landscape\"},\"medium\":{\"height\":225,\"width\":300,\"url\":\"https:\/\/www.cykloromantika.cz\/wp-content\/uploads\/2023\/11\/foto-2023-0728-02-300x225.jpg\",\"orientation\":\"landscape\"},\"full\":{\"url\":\"https:\/\/www.cykloromantika.cz\/wp-content\/uploads\/2023\/11\/foto-2023-0728-02.jpg\",\"height\":768,\"width\":1024,\"orientation\":\"landscape\"}},\"imageMeta\":{\"aperture\":\"1.7\",\"credit\":\"\",\"camera\":\"SM-G955F\",\"caption\":\"\",\"created_timestamp\":\"1690541026\",\"copyright\":\"\",\"focal_length\":\"4.2\",\"iso\":\"40\",\"shutter_speed\":\"0.000602409638554\",\"title\":\"\",\"orientation\":\"0\",\"keywords\":[]},\"meta\":false},{\"id\":8266,\"title\":\"Foto 2023 0728 04\",\"url\":\"https:\/\/www.cykloromantika.cz\/wp-content\/uploads\/2023\/11\/foto-2023-0728-04.jpg\",\"link\":\"https:\/\/www.cykloromantika.cz\/foto-2023-0728-04\/\",\"alt\":\"\",\"description\":\"\",\"caption\":\"Sala terrena v kl\u00e1\u0161tereck\u00e9m z\u00e1mku\",\"mime\":\"image\/jpeg\",\"type\":\"image\",\"width\":1024,\"height\":683,\"sizes\":{\"thumbnail\":{\"height\":100,\"width\":150,\"url\":\"https:\/\/www.cykloromantika.cz\/wp-content\/uploads\/2023\/11\/foto-2023-0728-04-150x100.jpg\",\"orientation\":\"landscape\"},\"medium\":{\"height\":200,\"width\":300,\"url\":\"https:\/\/www.cykloromantika.cz\/wp-content\/uploads\/2023\/11\/foto-2023-0728-04-300x200.jpg\",\"orientation\":\"landscape\"},\"full\":{\"url\":\"https:\/\/www.cykloromantika.cz\/wp-content\/uploads\/2023\/11\/foto-2023-0728-04.jpg\",\"height\":683,\"width\":1024,\"orientation\":\"landscape\"}},\"imageMeta\":{\"aperture\":\"1.7\",\"credit\":\"\",\"camera\":\"SM-G955F\",\"caption\":\"\",\"created_timestamp\":\"1690541144\",\"copyright\":\"\",\"focal_length\":\"4.2\",\"iso\":\"40\",\"shutter_speed\":\"0.000383435582822\",\"title\":\"\",\"orientation\":\"0\",\"keywords\":[]},\"meta\":false},{\"id\":8267,\"title\":\"Foto 2023 0728 08\",\"url\":\"https:\/\/www.cykloromantika.cz\/wp-content\/uploads\/2023\/11\/foto-2023-0728-08.jpg\",\"link\":\"https:\/\/www.cykloromantika.cz\/foto-2023-0728-08\/\",\"alt\":\"\",\"description\":\"\",\"caption\":\"Hr\u00e1z vodn\u00ed n\u00e1dr\u017ee Kada\u0148\",\"mime\":\"image\/jpeg\",\"type\":\"image\",\"width\":1024,\"height\":682,\"sizes\":{\"thumbnail\":{\"height\":100,\"width\":150,\"url\":\"https:\/\/www.cykloromantika.cz\/wp-content\/uploads\/2023\/11\/foto-2023-0728-08-150x100.jpg\",\"orientation\":\"landscape\"},\"medium\":{\"height\":200,\"width\":300,\"url\":\"https:\/\/www.cykloromantika.cz\/wp-content\/uploads\/2023\/11\/foto-2023-0728-08-300x200.jpg\",\"orientation\":\"landscape\"},\"full\":{\"url\":\"https:\/\/www.cykloromantika.cz\/wp-content\/uploads\/2023\/11\/foto-2023-0728-08.jpg\",\"height\":682,\"width\":1024,\"orientation\":\"landscape\"}},\"imageMeta\":{\"aperture\":\"1.7\",\"credit\":\"\",\"camera\":\"SM-G955F\",\"caption\":\"\",\"created_timestamp\":\"1690542962\",\"copyright\":\"\",\"focal_length\":\"4.2\",\"iso\":\"40\",\"shutter_speed\":\"0.000405844155844\",\"title\":\"\",\"orientation\":\"0\",\"keywords\":[]},\"meta\":false},{\"id\":8268,\"title\":\"Foto 2023 0728 09\",\"url\":\"https:\/\/www.cykloromantika.cz\/wp-content\/uploads\/2023\/11\/foto-2023-0728-09.jpg\",\"link\":\"https:\/\/www.cykloromantika.cz\/foto-2023-0728-09\/\",\"alt\":\"\",\"description\":\"\",\"caption\":\"Oh\u0159e (vodn\u00ed n\u00e1dr\u017e Kada\u0148)\",\"mime\":\"image\/jpeg\",\"type\":\"image\",\"width\":1024,\"height\":576,\"sizes\":{\"thumbnail\":{\"height\":84,\"width\":150,\"url\":\"https:\/\/www.cykloromantika.cz\/wp-content\/uploads\/2023\/11\/foto-2023-0728-09-150x84.jpg\",\"orientation\":\"landscape\"},\"medium\":{\"height\":169,\"width\":300,\"url\":\"https:\/\/www.cykloromantika.cz\/wp-content\/uploads\/2023\/11\/foto-2023-0728-09-300x169.jpg\",\"orientation\":\"landscape\"},\"full\":{\"url\":\"https:\/\/www.cykloromantika.cz\/wp-content\/uploads\/2023\/11\/foto-2023-0728-09.jpg\",\"height\":576,\"width\":1024,\"orientation\":\"landscape\"}},\"imageMeta\":{\"aperture\":\"2.2\",\"credit\":\"\",\"camera\":\"SM-G991B\",\"caption\":\"\",\"created_timestamp\":\"1690543001\",\"copyright\":\"\",\"focal_length\":\"2.2\",\"iso\":\"50\",\"shutter_speed\":\"0.000572082379863\",\"title\":\"\",\"orientation\":\"0\",\"keywords\":[]},\"meta\":false},{\"id\":8269,\"title\":\"Foto 2023 0728 10\",\"url\":\"https:\/\/www.cykloromantika.cz\/wp-content\/uploads\/2023\/11\/foto-2023-0728-10.jpg\",\"link\":\"https:\/\/www.cykloromantika.cz\/foto-2023-0728-10\/\",\"alt\":\"\",\"description\":\"\",\"caption\":\"Hr\u00e1z vodn\u00ed n\u00e1dr\u017ee Kada\u0148\",\"mime\":\"image\/jpeg\",\"type\":\"image\",\"width\":1024,\"height\":683,\"sizes\":{\"thumbnail\":{\"height\":100,\"width\":150,\"url\":\"https:\/\/www.cykloromantika.cz\/wp-content\/uploads\/2023\/11\/foto-2023-0728-10-150x100.jpg\",\"orientation\":\"landscape\"},\"medium\":{\"height\":200,\"width\":300,\"url\":\"https:\/\/www.cykloromantika.cz\/wp-content\/uploads\/2023\/11\/foto-2023-0728-10-300x200.jpg\",\"orientation\":\"landscape\"},\"full\":{\"url\":\"https:\/\/www.cykloromantika.cz\/wp-content\/uploads\/2023\/11\/foto-2023-0728-10.jpg\",\"height\":683,\"width\":1024,\"orientation\":\"landscape\"}},\"imageMeta\":{\"aperture\":\"1.7\",\"credit\":\"\",\"camera\":\"SM-G955F\",\"caption\":\"\",\"created_timestamp\":\"1690543080\",\"copyright\":\"\",\"focal_length\":\"4.2\",\"iso\":\"40\",\"shutter_speed\":\"0.000494071146245\",\"title\":\"\",\"orientation\":\"0\",\"keywords\":[]},\"meta\":false},{\"id\":8270,\"title\":\"Foto 2023 0728 11\",\"url\":\"https:\/\/www.cykloromantika.cz\/wp-content\/uploads\/2023\/11\/foto-2023-0728-11.jpg\",\"link\":\"https:\/\/www.cykloromantika.cz\/foto-2023-0728-11\/\",\"alt\":\"\",\"description\":\"\",\"caption\":\"Koloj\u00edzdy nen\u00ed nikdy dost!\",\"mime\":\"image\/jpeg\",\"type\":\"image\",\"width\":1024,\"height\":683,\"sizes\":{\"thumbnail\":{\"height\":100,\"width\":150,\"url\":\"https:\/\/www.cykloromantika.cz\/wp-content\/uploads\/2023\/11\/foto-2023-0728-11-150x100.jpg\",\"orientation\":\"landscape\"},\"medium\":{\"height\":200,\"width\":300,\"url\":\"https:\/\/www.cykloromantika.cz\/wp-content\/uploads\/2023\/11\/foto-2023-0728-11-300x200.jpg\",\"orientation\":\"landscape\"},\"full\":{\"url\":\"https:\/\/www.cykloromantika.cz\/wp-content\/uploads\/2023\/11\/foto-2023-0728-11.jpg\",\"height\":683,\"width\":1024,\"orientation\":\"landscape\"}},\"imageMeta\":{\"aperture\":\"1.7\",\"credit\":\"\",\"camera\":\"SM-G955F\",\"caption\":\"\",\"created_timestamp\":\"1690543645\",\"copyright\":\"\",\"focal_length\":\"4.2\",\"iso\":\"40\",\"shutter_speed\":\"0.00105708245243\",\"title\":\"\",\"orientation\":\"0\",\"keywords\":[]},\"meta\":false},{\"id\":8271,\"title\":\"Foto 2023 0728 15\",\"url\":\"https:\/\/www.cykloromantika.cz\/wp-content\/uploads\/2023\/11\/foto-2023-0728-15.jpg\",\"link\":\"https:\/\/www.cykloromantika.cz\/foto-2023-0728-15\/\",\"alt\":\"\",\"description\":\"\",\"caption\":\"Mikulovick\u00e1 br\u00e1na \u2013 vstup do Kadan\u011b\",\"mime\":\"image\/jpeg\",\"type\":\"image\",\"width\":1024,\"height\":768,\"sizes\":{\"thumbnail\":{\"height\":113,\"width\":150,\"url\":\"https:\/\/www.cykloromantika.cz\/wp-content\/uploads\/2023\/11\/foto-2023-0728-15-150x113.jpg\",\"orientation\":\"landscape\"},\"medium\":{\"height\":225,\"width\":300,\"url\":\"https:\/\/www.cykloromantika.cz\/wp-content\/uploads\/2023\/11\/foto-2023-0728-15-300x225.jpg\",\"orientation\":\"landscape\"},\"full\":{\"url\":\"https:\/\/www.cykloromantika.cz\/wp-content\/uploads\/2023\/11\/foto-2023-0728-15.jpg\",\"height\":768,\"width\":1024,\"orientation\":\"landscape\"}},\"imageMeta\":{\"aperture\":\"1.7\",\"credit\":\"\",\"camera\":\"SM-G955F\",\"caption\":\"\",\"created_timestamp\":\"1690544247\",\"copyright\":\"\",\"focal_length\":\"4.2\",\"iso\":\"40\",\"shutter_speed\":\"0.000448028673835\",\"title\":\"\",\"orientation\":\"0\",\"keywords\":[]},\"meta\":false},{\"id\":8272,\"title\":\"Foto 2023 0728 16\",\"url\":\"https:\/\/www.cykloromantika.cz\/wp-content\/uploads\/2023\/11\/foto-2023-0728-16.jpg\",\"link\":\"https:\/\/www.cykloromantika.cz\/foto-2023-0728-16\/\",\"alt\":\"\",\"description\":\"\",\"caption\":\"Ulice Jana \u0160vermy s radni\u010dn\u00ed v\u011b\u017e\u00ed v Kadani\",\"mime\":\"image\/jpeg\",\"type\":\"image\",\"width\":1024,\"height\":768,\"sizes\":{\"thumbnail\":{\"height\":113,\"width\":150,\"url\":\"https:\/\/www.cykloromantika.cz\/wp-content\/uploads\/2023\/11\/foto-2023-0728-16-150x113.jpg\",\"orientation\":\"landscape\"},\"medium\":{\"height\":225,\"width\":300,\"url\":\"https:\/\/www.cykloromantika.cz\/wp-content\/uploads\/2023\/11\/foto-2023-0728-16-300x225.jpg\",\"orientation\":\"landscape\"},\"full\":{\"url\":\"https:\/\/www.cykloromantika.cz\/wp-content\/uploads\/2023\/11\/foto-2023-0728-16.jpg\",\"height\":768,\"width\":1024,\"orientation\":\"landscape\"}},\"imageMeta\":{\"aperture\":\"1.7\",\"credit\":\"\",\"camera\":\"SM-G955F\",\"caption\":\"\",\"created_timestamp\":\"1690544313\",\"copyright\":\"\",\"focal_length\":\"4.2\",\"iso\":\"40\",\"shutter_speed\":\"0.000219298245614\",\"title\":\"\",\"orientation\":\"0\",\"keywords\":[]},\"meta\":false},{\"id\":8273,\"title\":\"Foto 2023 0728 18\",\"url\":\"https:\/\/www.cykloromantika.cz\/wp-content\/uploads\/2023\/11\/foto-2023-0728-18.jpg\",\"link\":\"https:\/\/www.cykloromantika.cz\/foto-2023-0728-18\/\",\"alt\":\"\",\"description\":\"\",\"caption\":\"M\u00edrov\u00e9 n\u00e1m\u011bst\u00ed s kostelem Pov\u00fd\u0161en\u00ed sv. K\u0159\u00ed\u017ee\",\"mime\":\"image\/jpeg\",\"type\":\"image\",\"width\":1024,\"height\":682,\"sizes\":{\"thumbnail\":{\"height\":100,\"width\":150,\"url\":\"https:\/\/www.cykloromantika.cz\/wp-content\/uploads\/2023\/11\/foto-2023-0728-18-150x100.jpg\",\"orientation\":\"landscape\"},\"medium\":{\"height\":200,\"width\":300,\"url\":\"https:\/\/www.cykloromantika.cz\/wp-content\/uploads\/2023\/11\/foto-2023-0728-18-300x200.jpg\",\"orientation\":\"landscape\"},\"full\":{\"url\":\"https:\/\/www.cykloromantika.cz\/wp-content\/uploads\/2023\/11\/foto-2023-0728-18.jpg\",\"height\":682,\"width\":1024,\"orientation\":\"landscape\"}},\"imageMeta\":{\"aperture\":\"2.2\",\"credit\":\"\",\"camera\":\"SM-G991B\",\"caption\":\"\",\"created_timestamp\":\"1690544368\",\"copyright\":\"\",\"focal_length\":\"2.2\",\"iso\":\"50\",\"shutter_speed\":\"0.000274122807018\",\"title\":\"\",\"orientation\":\"0\",\"keywords\":[]},\"meta\":false},{\"id\":8274,\"title\":\"Foto 2023 0728 19\",\"url\":\"https:\/\/www.cykloromantika.cz\/wp-content\/uploads\/2023\/11\/foto-2023-0728-19.jpg\",\"link\":\"https:\/\/www.cykloromantika.cz\/foto-2023-0728-19\/\",\"alt\":\"\",\"description\":\"\",\"caption\":\"M\u00e1lo bylo slunce, je t\u0159eba na\u010derpat do z\u00e1soby!\",\"mime\":\"image\/jpeg\",\"type\":\"image\",\"width\":1024,\"height\":768,\"sizes\":{\"thumbnail\":{\"height\":113,\"width\":150,\"url\":\"https:\/\/www.cykloromantika.cz\/wp-content\/uploads\/2023\/11\/foto-2023-0728-19-150x113.jpg\",\"orientation\":\"landscape\"},\"medium\":{\"height\":225,\"width\":300,\"url\":\"https:\/\/www.cykloromantika.cz\/wp-content\/uploads\/2023\/11\/foto-2023-0728-19-300x225.jpg\",\"orientation\":\"landscape\"},\"full\":{\"url\":\"https:\/\/www.cykloromantika.cz\/wp-content\/uploads\/2023\/11\/foto-2023-0728-19.jpg\",\"height\":768,\"width\":1024,\"orientation\":\"landscape\"}},\"imageMeta\":{\"aperture\":\"1.8\",\"credit\":\"\",\"camera\":\"SM-G991B\",\"caption\":\"\",\"created_timestamp\":\"1690544508\",\"copyright\":\"\",\"focal_length\":\"5.4\",\"iso\":\"50\",\"shutter_speed\":\"0.000252016129032\",\"title\":\"\",\"orientation\":\"0\",\"keywords\":[]},\"meta\":false},{\"id\":8275,\"title\":\"Foto 2023 0728 20\",\"url\":\"https:\/\/www.cykloromantika.cz\/wp-content\/uploads\/2023\/11\/foto-2023-0728-20.jpg\",\"link\":\"https:\/\/www.cykloromantika.cz\/foto-2023-0728-20\/\",\"alt\":\"\",\"description\":\"\",\"caption\":\"Sloup se souso\u0161\u00edm Nejsv\u011bt\u011bj\u0161\u00ed Trojice\",\"mime\":\"image\/jpeg\",\"type\":\"image\",\"width\":768,\"height\":1024,\"sizes\":{\"thumbnail\":{\"height\":150,\"width\":113,\"url\":\"https:\/\/www.cykloromantika.cz\/wp-content\/uploads\/2023\/11\/foto-2023-0728-20-113x150.jpg\",\"orientation\":\"portrait\"},\"medium\":{\"height\":300,\"width\":225,\"url\":\"https:\/\/www.cykloromantika.cz\/wp-content\/uploads\/2023\/11\/foto-2023-0728-20-225x300.jpg\",\"orientation\":\"portrait\"},\"full\":{\"url\":\"https:\/\/www.cykloromantika.cz\/wp-content\/uploads\/2023\/11\/foto-2023-0728-20.jpg\",\"height\":1024,\"width\":768,\"orientation\":\"portrait\"}},\"imageMeta\":{\"aperture\":\"1.8\",\"credit\":\"\",\"camera\":\"SM-G991B\",\"caption\":\"\",\"created_timestamp\":\"1690544532\",\"copyright\":\"\",\"focal_length\":\"5.4\",\"iso\":\"50\",\"shutter_speed\":\"0.000265957446809\",\"title\":\"\",\"orientation\":\"0\",\"keywords\":[]},\"meta\":false},{\"id\":8276,\"title\":\"Foto 2023 0728 21\",\"url\":\"https:\/\/www.cykloromantika.cz\/wp-content\/uploads\/2023\/11\/foto-2023-0728-21.jpg\",\"link\":\"https:\/\/www.cykloromantika.cz\/foto-2023-0728-21\/\",\"alt\":\"\",\"description\":\"\",\"caption\":\"Sloup se souso\u0161\u00edm Nejsv\u011bt\u011bj\u0161\u00ed Trojice s radni\u010dn\u00ed v\u011b\u017e\u00ed\",\"mime\":\"image\/jpeg\",\"type\":\"image\",\"width\":1024,\"height\":768,\"sizes\":{\"thumbnail\":{\"height\":113,\"width\":150,\"url\":\"https:\/\/www.cykloromantika.cz\/wp-content\/uploads\/2023\/11\/foto-2023-0728-21-150x113.jpg\",\"orientation\":\"landscape\"},\"medium\":{\"height\":225,\"width\":300,\"url\":\"https:\/\/www.cykloromantika.cz\/wp-content\/uploads\/2023\/11\/foto-2023-0728-21-300x225.jpg\",\"orientation\":\"landscape\"},\"full\":{\"url\":\"https:\/\/www.cykloromantika.cz\/wp-content\/uploads\/2023\/11\/foto-2023-0728-21.jpg\",\"height\":768,\"width\":1024,\"orientation\":\"landscape\"}},\"imageMeta\":{\"aperture\":\"1.7\",\"credit\":\"\",\"camera\":\"SM-G955F\",\"caption\":\"\",\"created_timestamp\":\"1690544585\",\"copyright\":\"\",\"focal_length\":\"4.2\",\"iso\":\"40\",\"shutter_speed\":\"0.000193498452012\",\"title\":\"\",\"orientation\":\"0\",\"keywords\":[]},\"meta\":false},{\"id\":8277,\"title\":\"Foto 2023 0728 22\",\"url\":\"https:\/\/www.cykloromantika.cz\/wp-content\/uploads\/2023\/11\/foto-2023-0728-22.jpg\",\"link\":\"https:\/\/www.cykloromantika.cz\/foto-2023-0728-22\/\",\"alt\":\"\",\"description\":\"\",\"caption\":\"M\u00edrov\u00e9 n\u00e1m\u011bst\u00ed v Kadani\",\"mime\":\"image\/jpeg\",\"type\":\"image\",\"width\":1024,\"height\":266,\"sizes\":{\"thumbnail\":{\"height\":39,\"width\":150,\"url\":\"https:\/\/www.cykloromantika.cz\/wp-content\/uploads\/2023\/11\/foto-2023-0728-22-150x39.jpg\",\"orientation\":\"landscape\"},\"medium\":{\"height\":78,\"width\":300,\"url\":\"https:\/\/www.cykloromantika.cz\/wp-content\/uploads\/2023\/11\/foto-2023-0728-22-300x78.jpg\",\"orientation\":\"landscape\"},\"full\":{\"url\":\"https:\/\/www.cykloromantika.cz\/wp-content\/uploads\/2023\/11\/foto-2023-0728-22.jpg\",\"height\":266,\"width\":1024,\"orientation\":\"landscape\"}},\"imageMeta\":{\"aperture\":\"0\",\"credit\":\"\",\"camera\":\"SM-G991B\",\"caption\":\"\",\"created_timestamp\":\"1690544685\",\"copyright\":\"\",\"focal_length\":\"2.2\",\"iso\":\"0\",\"shutter_speed\":\"0\",\"title\":\"\",\"orientation\":\"0\",\"keywords\":[]},\"meta\":false},{\"id\":8278,\"title\":\"Foto 2023 0728 24\",\"url\":\"https:\/\/www.cykloromantika.cz\/wp-content\/uploads\/2023\/11\/foto-2023-0728-24.jpg\",\"link\":\"https:\/\/www.cykloromantika.cz\/foto-2023-0728-24\/\",\"alt\":\"\",\"description\":\"\",\"caption\":\"Hrad Kada\u0148 \u2013 nyn\u00ed tak\u00e9 jako d\u016fm s pe\u010dovatelskou slu\u017ebou\",\"mime\":\"image\/jpeg\",\"type\":\"image\",\"width\":1024,\"height\":768,\"sizes\":{\"thumbnail\":{\"height\":113,\"width\":150,\"url\":\"https:\/\/www.cykloromantika.cz\/wp-content\/uploads\/2023\/11\/foto-2023-0728-24-150x113.jpg\",\"orientation\":\"landscape\"},\"medium\":{\"height\":225,\"width\":300,\"url\":\"https:\/\/www.cykloromantika.cz\/wp-content\/uploads\/2023\/11\/foto-2023-0728-24-300x225.jpg\",\"orientation\":\"landscape\"},\"full\":{\"url\":\"https:\/\/www.cykloromantika.cz\/wp-content\/uploads\/2023\/11\/foto-2023-0728-24.jpg\",\"height\":768,\"width\":1024,\"orientation\":\"landscape\"}},\"imageMeta\":{\"aperture\":\"1.7\",\"credit\":\"\",\"camera\":\"SM-G955F\",\"caption\":\"\",\"created_timestamp\":\"1690545285\",\"copyright\":\"\",\"focal_length\":\"4.2\",\"iso\":\"40\",\"shutter_speed\":\"0.000544662309368\",\"title\":\"\",\"orientation\":\"0\",\"keywords\":[]},\"meta\":false},{\"id\":8279,\"title\":\"Foto 2023 0728 25\",\"url\":\"https:\/\/www.cykloromantika.cz\/wp-content\/uploads\/2023\/11\/foto-2023-0728-25.jpg\",\"link\":\"https:\/\/www.cykloromantika.cz\/foto-2023-0728-25\/\",\"alt\":\"\",\"description\":\"\",\"caption\":\"Kada\u0148sk\u00fd orloj - Pocta Mikul\u00e1\u0161ovi z Kadan\u011b\",\"mime\":\"image\/jpeg\",\"type\":\"image\",\"width\":768,\"height\":1024,\"sizes\":{\"thumbnail\":{\"height\":150,\"width\":113,\"url\":\"https:\/\/www.cykloromantika.cz\/wp-content\/uploads\/2023\/11\/foto-2023-0728-25-113x150.jpg\",\"orientation\":\"portrait\"},\"medium\":{\"height\":300,\"width\":225,\"url\":\"https:\/\/www.cykloromantika.cz\/wp-content\/uploads\/2023\/11\/foto-2023-0728-25-225x300.jpg\",\"orientation\":\"portrait\"},\"full\":{\"url\":\"https:\/\/www.cykloromantika.cz\/wp-content\/uploads\/2023\/11\/foto-2023-0728-25.jpg\",\"height\":1024,\"width\":768,\"orientation\":\"portrait\"}},\"imageMeta\":{\"aperture\":\"1.7\",\"credit\":\"\",\"camera\":\"SM-G955F\",\"caption\":\"\",\"created_timestamp\":\"1690545418\",\"copyright\":\"\",\"focal_length\":\"4.2\",\"iso\":\"40\",\"shutter_speed\":\"0.000437062937063\",\"title\":\"\",\"orientation\":\"0\",\"keywords\":[]},\"meta\":false},{\"id\":8280,\"title\":\"Foto 2023 0728 27\",\"url\":\"https:\/\/www.cykloromantika.cz\/wp-content\/uploads\/2023\/11\/foto-2023-0728-27.jpg\",\"link\":\"https:\/\/www.cykloromantika.cz\/foto-2023-0728-27\/\",\"alt\":\"\",\"description\":\"\",\"caption\":\"M\u011bsto Kada\u0148 \u2013 lou\u010d\u00edme se.\",\"mime\":\"image\/jpeg\",\"type\":\"image\",\"width\":1024,\"height\":576,\"sizes\":{\"thumbnail\":{\"height\":84,\"width\":150,\"url\":\"https:\/\/www.cykloromantika.cz\/wp-content\/uploads\/2023\/11\/foto-2023-0728-27-150x84.jpg\",\"orientation\":\"landscape\"},\"medium\":{\"height\":169,\"width\":300,\"url\":\"https:\/\/www.cykloromantika.cz\/wp-content\/uploads\/2023\/11\/foto-2023-0728-27-300x169.jpg\",\"orientation\":\"landscape\"},\"full\":{\"url\":\"https:\/\/www.cykloromantika.cz\/wp-content\/uploads\/2023\/11\/foto-2023-0728-27.jpg\",\"height\":576,\"width\":1024,\"orientation\":\"landscape\"}},\"imageMeta\":{\"aperture\":\"1.7\",\"credit\":\"\",\"camera\":\"SM-G955F\",\"caption\":\"\",\"created_timestamp\":\"1690545684\",\"copyright\":\"\",\"focal_length\":\"4.2\",\"iso\":\"40\",\"shutter_speed\":\"0.000308641975309\",\"title\":\"\",\"orientation\":\"0\",\"keywords\":[]},\"meta\":false},{\"id\":8281,\"title\":\"Foto 2023 0728 28\",\"url\":\"https:\/\/www.cykloromantika.cz\/wp-content\/uploads\/2023\/11\/foto-2023-0728-28.jpg\",\"link\":\"https:\/\/www.cykloromantika.cz\/foto-2023-0728-28\/\",\"alt\":\"\",\"description\":\"\",\"caption\":\"Panorama Kru\u0161n\u00fdch hor s elektr\u00e1rnou Prun\u00e9\u0159ov\",\"mime\":\"image\/jpeg\",\"type\":\"image\",\"width\":1024,\"height\":576,\"sizes\":{\"thumbnail\":{\"height\":84,\"width\":150,\"url\":\"https:\/\/www.cykloromantika.cz\/wp-content\/uploads\/2023\/11\/foto-2023-0728-28-150x84.jpg\",\"orientation\":\"landscape\"},\"medium\":{\"height\":169,\"width\":300,\"url\":\"https:\/\/www.cykloromantika.cz\/wp-content\/uploads\/2023\/11\/foto-2023-0728-28-300x169.jpg\",\"orientation\":\"landscape\"},\"full\":{\"url\":\"https:\/\/www.cykloromantika.cz\/wp-content\/uploads\/2023\/11\/foto-2023-0728-28.jpg\",\"height\":576,\"width\":1024,\"orientation\":\"landscape\"}},\"imageMeta\":{\"aperture\":\"1.7\",\"credit\":\"\",\"camera\":\"SM-G955F\",\"caption\":\"\",\"created_timestamp\":\"1690546253\",\"copyright\":\"\",\"focal_length\":\"4.2\",\"iso\":\"40\",\"shutter_speed\":\"0.000286697247706\",\"title\":\"\",\"orientation\":\"0\",\"keywords\":[]},\"meta\":false},{\"id\":8282,\"title\":\"Foto 2023 0728 29\",\"url\":\"https:\/\/www.cykloromantika.cz\/wp-content\/uploads\/2023\/11\/foto-2023-0728-29.jpg\",\"link\":\"https:\/\/www.cykloromantika.cz\/foto-2023-0728-29\/\",\"alt\":\"\",\"description\":\"\",\"caption\":\"Z\u00e1me\u010dek a obecn\u00ed \u00fa\u0159ad v Rokli\",\"mime\":\"image\/jpeg\",\"type\":\"image\",\"width\":768,\"height\":1024,\"sizes\":{\"thumbnail\":{\"height\":150,\"width\":113,\"url\":\"https:\/\/www.cykloromantika.cz\/wp-content\/uploads\/2023\/11\/foto-2023-0728-29-113x150.jpg\",\"orientation\":\"portrait\"},\"medium\":{\"height\":300,\"width\":225,\"url\":\"https:\/\/www.cykloromantika.cz\/wp-content\/uploads\/2023\/11\/foto-2023-0728-29-225x300.jpg\",\"orientation\":\"portrait\"},\"full\":{\"url\":\"https:\/\/www.cykloromantika.cz\/wp-content\/uploads\/2023\/11\/foto-2023-0728-29.jpg\",\"height\":1024,\"width\":768,\"orientation\":\"portrait\"}},\"imageMeta\":{\"aperture\":\"1.7\",\"credit\":\"\",\"camera\":\"SM-G955F\",\"caption\":\"\",\"created_timestamp\":\"1690546763\",\"copyright\":\"\",\"focal_length\":\"4.2\",\"iso\":\"40\",\"shutter_speed\":\"0.000355113636364\",\"title\":\"\",\"orientation\":\"0\",\"keywords\":[]},\"meta\":false},{\"id\":8283,\"title\":\"Foto 2023 0728 30\",\"url\":\"https:\/\/www.cykloromantika.cz\/wp-content\/uploads\/2023\/11\/foto-2023-0728-30.jpg\",\"link\":\"https:\/\/www.cykloromantika.cz\/foto-2023-0728-30\/\",\"alt\":\"\",\"description\":\"\",\"caption\":\"Z\u00e1me\u010dek a obecn\u00ed \u00fa\u0159ad v Rokli\",\"mime\":\"image\/jpeg\",\"type\":\"image\",\"width\":1024,\"height\":683,\"sizes\":{\"thumbnail\":{\"height\":100,\"width\":150,\"url\":\"https:\/\/www.cykloromantika.cz\/wp-content\/uploads\/2023\/11\/foto-2023-0728-30-150x100.jpg\",\"orientation\":\"landscape\"},\"medium\":{\"height\":200,\"width\":300,\"url\":\"https:\/\/www.cykloromantika.cz\/wp-content\/uploads\/2023\/11\/foto-2023-0728-30-300x200.jpg\",\"orientation\":\"landscape\"},\"full\":{\"url\":\"https:\/\/www.cykloromantika.cz\/wp-content\/uploads\/2023\/11\/foto-2023-0728-30.jpg\",\"height\":683,\"width\":1024,\"orientation\":\"landscape\"}},\"imageMeta\":{\"aperture\":\"1.7\",\"credit\":\"\",\"camera\":\"SM-G955F\",\"caption\":\"\",\"created_timestamp\":\"1690546903\",\"copyright\":\"\",\"focal_length\":\"4.2\",\"iso\":\"40\",\"shutter_speed\":\"0.000189969604863\",\"title\":\"\",\"orientation\":\"0\",\"keywords\":[]},\"meta\":false},{\"id\":8284,\"title\":\"Foto 2023 0728 31\",\"url\":\"https:\/\/www.cykloromantika.cz\/wp-content\/uploads\/2023\/11\/foto-2023-0728-31.jpg\",\"link\":\"https:\/\/www.cykloromantika.cz\/foto-2023-0728-31\/\",\"alt\":\"\",\"description\":\"\",\"caption\":\"Odborn\u00e1 debata o panoramatick\u00fdch fotk\u00e1ch\",\"mime\":\"image\/jpeg\",\"type\":\"image\",\"width\":1024,\"height\":279,\"sizes\":{\"thumbnail\":{\"height\":41,\"width\":150,\"url\":\"https:\/\/www.cykloromantika.cz\/wp-content\/uploads\/2023\/11\/foto-2023-0728-31-150x41.jpg\",\"orientation\":\"landscape\"},\"medium\":{\"height\":82,\"width\":300,\"url\":\"https:\/\/www.cykloromantika.cz\/wp-content\/uploads\/2023\/11\/foto-2023-0728-31-300x82.jpg\",\"orientation\":\"landscape\"},\"full\":{\"url\":\"https:\/\/www.cykloromantika.cz\/wp-content\/uploads\/2023\/11\/foto-2023-0728-31.jpg\",\"height\":279,\"width\":1024,\"orientation\":\"landscape\"}},\"imageMeta\":{\"aperture\":\"0\",\"credit\":\"\",\"camera\":\"SM-G970F\",\"caption\":\"\",\"created_timestamp\":\"1690547395\",\"copyright\":\"\",\"focal_length\":\"1.8\",\"iso\":\"0\",\"shutter_speed\":\"0\",\"title\":\"\",\"orientation\":\"0\",\"keywords\":[]},\"meta\":false},{\"id\":8285,\"title\":\"Foto 2023 0728 32\",\"url\":\"https:\/\/www.cykloromantika.cz\/wp-content\/uploads\/2023\/11\/foto-2023-0728-32.jpg\",\"link\":\"https:\/\/www.cykloromantika.cz\/foto-2023-0728-32\/\",\"alt\":\"\",\"description\":\"\",\"caption\":\"Na zdrav\u00ed v Rokli\",\"mime\":\"image\/jpeg\",\"type\":\"image\",\"width\":1024,\"height\":768,\"sizes\":{\"thumbnail\":{\"height\":113,\"width\":150,\"url\":\"https:\/\/www.cykloromantika.cz\/wp-content\/uploads\/2023\/11\/foto-2023-0728-32-150x113.jpg\",\"orientation\":\"landscape\"},\"medium\":{\"height\":225,\"width\":300,\"url\":\"https:\/\/www.cykloromantika.cz\/wp-content\/uploads\/2023\/11\/foto-2023-0728-32-300x225.jpg\",\"orientation\":\"landscape\"},\"full\":{\"url\":\"https:\/\/www.cykloromantika.cz\/wp-content\/uploads\/2023\/11\/foto-2023-0728-32.jpg\",\"height\":768,\"width\":1024,\"orientation\":\"landscape\"}},\"imageMeta\":{\"aperture\":\"1.7\",\"credit\":\"\",\"camera\":\"SM-G955F\",\"caption\":\"\",\"created_timestamp\":\"1690547970\",\"copyright\":\"\",\"focal_length\":\"4.2\",\"iso\":\"40\",\"shutter_speed\":\"0.00128205128205\",\"title\":\"\",\"orientation\":\"0\",\"keywords\":[]},\"meta\":false},{\"id\":8286,\"title\":\"Foto 2023 0728 33\",\"url\":\"https:\/\/www.cykloromantika.cz\/wp-content\/uploads\/2023\/11\/foto-2023-0728-33.jpg\",\"link\":\"https:\/\/www.cykloromantika.cz\/foto-2023-0728-33\/\",\"alt\":\"\",\"description\":\"\",\"caption\":\"Panorama Kru\u0161n\u00fdch hor s elektr\u00e1rnou Tu\u0161imice\",\"mime\":\"image\/jpeg\",\"type\":\"image\",\"width\":1024,\"height\":683,\"sizes\":{\"thumbnail\":{\"height\":100,\"width\":150,\"url\":\"https:\/\/www.cykloromantika.cz\/wp-content\/uploads\/2023\/11\/foto-2023-0728-33-150x100.jpg\",\"orientation\":\"landscape\"},\"medium\":{\"height\":200,\"width\":300,\"url\":\"https:\/\/www.cykloromantika.cz\/wp-content\/uploads\/2023\/11\/foto-2023-0728-33-300x200.jpg\",\"orientation\":\"landscape\"},\"full\":{\"url\":\"https:\/\/www.cykloromantika.cz\/wp-content\/uploads\/2023\/11\/foto-2023-0728-33.jpg\",\"height\":683,\"width\":1024,\"orientation\":\"landscape\"}},\"imageMeta\":{\"aperture\":\"1.7\",\"credit\":\"\",\"camera\":\"SM-G955F\",\"caption\":\"\",\"created_timestamp\":\"1690549911\",\"copyright\":\"\",\"focal_length\":\"4.2\",\"iso\":\"40\",\"shutter_speed\":\"0.000287356321839\",\"title\":\"\",\"orientation\":\"0\",\"keywords\":[]},\"meta\":false},{\"id\":8287,\"title\":\"Foto 2023 0728 34\",\"url\":\"https:\/\/www.cykloromantika.cz\/wp-content\/uploads\/2023\/11\/foto-2023-0728-34.jpg\",\"link\":\"https:\/\/www.cykloromantika.cz\/foto-2023-0728-34\/\",\"alt\":\"\",\"description\":\"\",\"caption\":\"Natrefili jsme na ohradu s b\u00fdky.\",\"mime\":\"image\/jpeg\",\"type\":\"image\",\"width\":1024,\"height\":768,\"sizes\":{\"thumbnail\":{\"height\":113,\"width\":150,\"url\":\"https:\/\/www.cykloromantika.cz\/wp-content\/uploads\/2023\/11\/foto-2023-0728-34-150x113.jpg\",\"orientation\":\"landscape\"},\"medium\":{\"height\":225,\"width\":300,\"url\":\"https:\/\/www.cykloromantika.cz\/wp-content\/uploads\/2023\/11\/foto-2023-0728-34-300x225.jpg\",\"orientation\":\"landscape\"},\"full\":{\"url\":\"https:\/\/www.cykloromantika.cz\/wp-content\/uploads\/2023\/11\/foto-2023-0728-34.jpg\",\"height\":768,\"width\":1024,\"orientation\":\"landscape\"}},\"imageMeta\":{\"aperture\":\"1.7\",\"credit\":\"\",\"camera\":\"SM-G955F\",\"caption\":\"\",\"created_timestamp\":\"1690550072\",\"copyright\":\"\",\"focal_length\":\"4.2\",\"iso\":\"40\",\"shutter_speed\":\"0.000377643504532\",\"title\":\"\",\"orientation\":\"0\",\"keywords\":[]},\"meta\":false},{\"id\":8288,\"title\":\"Foto 2023 0728 35\",\"url\":\"https:\/\/www.cykloromantika.cz\/wp-content\/uploads\/2023\/11\/foto-2023-0728-35.jpg\",\"link\":\"https:\/\/www.cykloromantika.cz\/foto-2023-0728-35\/\",\"alt\":\"\",\"description\":\"\",\"caption\":\"Tom\u00edk se evidentn\u011b toho neboj\u00ed. Jen m\u00e1 respekt!\",\"mime\":\"image\/jpeg\",\"type\":\"image\",\"width\":1024,\"height\":683,\"sizes\":{\"thumbnail\":{\"height\":100,\"width\":150,\"url\":\"https:\/\/www.cykloromantika.cz\/wp-content\/uploads\/2023\/11\/foto-2023-0728-35-150x100.jpg\",\"orientation\":\"landscape\"},\"medium\":{\"height\":200,\"width\":300,\"url\":\"https:\/\/www.cykloromantika.cz\/wp-content\/uploads\/2023\/11\/foto-2023-0728-35-300x200.jpg\",\"orientation\":\"landscape\"},\"full\":{\"url\":\"https:\/\/www.cykloromantika.cz\/wp-content\/uploads\/2023\/11\/foto-2023-0728-35.jpg\",\"height\":683,\"width\":1024,\"orientation\":\"landscape\"}},\"imageMeta\":{\"aperture\":\"1.8\",\"credit\":\"\",\"camera\":\"SM-G991B\",\"caption\":\"\",\"created_timestamp\":\"1690550488\",\"copyright\":\"\",\"focal_length\":\"5.4\",\"iso\":\"50\",\"shutter_speed\":\"0.000348189415042\",\"title\":\"\",\"orientation\":\"0\",\"keywords\":[]},\"meta\":false},{\"id\":8289,\"title\":\"Foto 2023 0728 38\",\"url\":\"https:\/\/www.cykloromantika.cz\/wp-content\/uploads\/2023\/11\/foto-2023-0728-38.jpg\",\"link\":\"https:\/\/www.cykloromantika.cz\/foto-2023-0728-38\/\",\"alt\":\"\",\"description\":\"\",\"caption\":\"Panorama Kru\u0161n\u00fdch hor s elektr\u00e1rnou Tu\u0161imice a vodn\u00ed n\u00e1dr\u017e\u00ed Nechranice\",\"mime\":\"image\/jpeg\",\"type\":\"image\",\"width\":1024,\"height\":275,\"sizes\":{\"thumbnail\":{\"height\":40,\"width\":150,\"url\":\"https:\/\/www.cykloromantika.cz\/wp-content\/uploads\/2023\/11\/foto-2023-0728-38-150x40.jpg\",\"orientation\":\"landscape\"},\"medium\":{\"height\":81,\"width\":300,\"url\":\"https:\/\/www.cykloromantika.cz\/wp-content\/uploads\/2023\/11\/foto-2023-0728-38-300x81.jpg\",\"orientation\":\"landscape\"},\"full\":{\"url\":\"https:\/\/www.cykloromantika.cz\/wp-content\/uploads\/2023\/11\/foto-2023-0728-38.jpg\",\"height\":275,\"width\":1024,\"orientation\":\"landscape\"}},\"imageMeta\":{\"aperture\":\"0\",\"credit\":\"\",\"camera\":\"SM-G970F\",\"caption\":\"\",\"created_timestamp\":\"1690551478\",\"copyright\":\"\",\"focal_length\":\"4.32\",\"iso\":\"0\",\"shutter_speed\":\"0\",\"title\":\"\",\"orientation\":\"0\",\"keywords\":[]},\"meta\":false},{\"id\":8290,\"title\":\"Foto 2023 0728 39\",\"url\":\"https:\/\/www.cykloromantika.cz\/wp-content\/uploads\/2023\/11\/foto-2023-0728-39.jpg\",\"link\":\"https:\/\/www.cykloromantika.cz\/foto-2023-0728-39\/\",\"alt\":\"\",\"description\":\"\",\"caption\":\"Vodn\u00ed n\u00e1dr\u017e Nechranice\",\"mime\":\"image\/jpeg\",\"type\":\"image\",\"width\":1024,\"height\":683,\"sizes\":{\"thumbnail\":{\"height\":100,\"width\":150,\"url\":\"https:\/\/www.cykloromantika.cz\/wp-content\/uploads\/2023\/11\/foto-2023-0728-39-150x100.jpg\",\"orientation\":\"landscape\"},\"medium\":{\"height\":200,\"width\":300,\"url\":\"https:\/\/www.cykloromantika.cz\/wp-content\/uploads\/2023\/11\/foto-2023-0728-39-300x200.jpg\",\"orientation\":\"landscape\"},\"full\":{\"url\":\"https:\/\/www.cykloromantika.cz\/wp-content\/uploads\/2023\/11\/foto-2023-0728-39.jpg\",\"height\":683,\"width\":1024,\"orientation\":\"landscape\"}},\"imageMeta\":{\"aperture\":\"1.7\",\"credit\":\"\",\"camera\":\"SM-G955F\",\"caption\":\"\",\"created_timestamp\":\"1690551885\",\"copyright\":\"\",\"focal_length\":\"4.2\",\"iso\":\"40\",\"shutter_speed\":\"0.000325520833333\",\"title\":\"\",\"orientation\":\"0\",\"keywords\":[]},\"meta\":false},{\"id\":8291,\"title\":\"Foto 2023 0728 40\",\"url\":\"https:\/\/www.cykloromantika.cz\/wp-content\/uploads\/2023\/11\/foto-2023-0728-40.jpg\",\"link\":\"https:\/\/www.cykloromantika.cz\/foto-2023-0728-40\/\",\"alt\":\"\",\"description\":\"\",\"caption\":\"Hr\u00e1z vodn\u00ed n\u00e1dr\u017ee Nechranice\",\"mime\":\"image\/jpeg\",\"type\":\"image\",\"width\":1024,\"height\":683,\"sizes\":{\"thumbnail\":{\"height\":100,\"width\":150,\"url\":\"https:\/\/www.cykloromantika.cz\/wp-content\/uploads\/2023\/11\/foto-2023-0728-40-150x100.jpg\",\"orientation\":\"landscape\"},\"medium\":{\"height\":200,\"width\":300,\"url\":\"https:\/\/www.cykloromantika.cz\/wp-content\/uploads\/2023\/11\/foto-2023-0728-40-300x200.jpg\",\"orientation\":\"landscape\"},\"full\":{\"url\":\"https:\/\/www.cykloromantika.cz\/wp-content\/uploads\/2023\/11\/foto-2023-0728-40.jpg\",\"height\":683,\"width\":1024,\"orientation\":\"landscape\"}},\"imageMeta\":{\"aperture\":\"1.7\",\"credit\":\"\",\"camera\":\"SM-G955F\",\"caption\":\"\",\"created_timestamp\":\"1690551946\",\"copyright\":\"\",\"focal_length\":\"4.2\",\"iso\":\"40\",\"shutter_speed\":\"0.000361271676301\",\"title\":\"\",\"orientation\":\"0\",\"keywords\":[]},\"meta\":false},{\"id\":8292,\"title\":\"Foto 2023 0728 44\",\"url\":\"https:\/\/www.cykloromantika.cz\/wp-content\/uploads\/2023\/11\/foto-2023-0728-44.jpg\",\"link\":\"https:\/\/www.cykloromantika.cz\/foto-2023-0728-44\/\",\"alt\":\"\",\"description\":\"\",\"caption\":\"Hr\u00e1z vodn\u00ed n\u00e1dr\u017ee Nechranice\",\"mime\":\"image\/jpeg\",\"type\":\"image\",\"width\":1024,\"height\":576,\"sizes\":{\"thumbnail\":{\"height\":84,\"width\":150,\"url\":\"https:\/\/www.cykloromantika.cz\/wp-content\/uploads\/2023\/11\/foto-2023-0728-44-150x84.jpg\",\"orientation\":\"landscape\"},\"medium\":{\"height\":169,\"width\":300,\"url\":\"https:\/\/www.cykloromantika.cz\/wp-content\/uploads\/2023\/11\/foto-2023-0728-44-300x169.jpg\",\"orientation\":\"landscape\"},\"full\":{\"url\":\"https:\/\/www.cykloromantika.cz\/wp-content\/uploads\/2023\/11\/foto-2023-0728-44.jpg\",\"height\":576,\"width\":1024,\"orientation\":\"landscape\"}},\"imageMeta\":{\"aperture\":\"1.7\",\"credit\":\"\",\"camera\":\"SM-G955F\",\"caption\":\"\",\"created_timestamp\":\"1690552372\",\"copyright\":\"\",\"focal_length\":\"4.2\",\"iso\":\"40\",\"shutter_speed\":\"0.000266524520256\",\"title\":\"\",\"orientation\":\"0\",\"keywords\":[]},\"meta\":false},{\"id\":8293,\"title\":\"Foto 2023 0728 45\",\"url\":\"https:\/\/www.cykloromantika.cz\/wp-content\/uploads\/2023\/11\/foto-2023-0728-45.jpg\",\"link\":\"https:\/\/www.cykloromantika.cz\/foto-2023-0728-45\/\",\"alt\":\"\",\"description\":\"\",\"caption\":\"Vodn\u00ed elektr\u00e1rna Nechranice\",\"mime\":\"image\/jpeg\",\"type\":\"image\",\"width\":1024,\"height\":683,\"sizes\":{\"thumbnail\":{\"height\":100,\"width\":150,\"url\":\"https:\/\/www.cykloromantika.cz\/wp-content\/uploads\/2023\/11\/foto-2023-0728-45-150x100.jpg\",\"orientation\":\"landscape\"},\"medium\":{\"height\":200,\"width\":300,\"url\":\"https:\/\/www.cykloromantika.cz\/wp-content\/uploads\/2023\/11\/foto-2023-0728-45-300x200.jpg\",\"orientation\":\"landscape\"},\"full\":{\"url\":\"https:\/\/www.cykloromantika.cz\/wp-content\/uploads\/2023\/11\/foto-2023-0728-45.jpg\",\"height\":683,\"width\":1024,\"orientation\":\"landscape\"}},\"imageMeta\":{\"aperture\":\"1.7\",\"credit\":\"\",\"camera\":\"SM-G955F\",\"caption\":\"\",\"created_timestamp\":\"1690552998\",\"copyright\":\"\",\"focal_length\":\"4.2\",\"iso\":\"40\",\"shutter_speed\":\"0.000432525951557\",\"title\":\"\",\"orientation\":\"0\",\"keywords\":[]},\"meta\":false},{\"id\":8294,\"title\":\"Foto 2023 0728 46\",\"url\":\"https:\/\/www.cykloromantika.cz\/wp-content\/uploads\/2023\/11\/foto-2023-0728-46.jpg\",\"link\":\"https:\/\/www.cykloromantika.cz\/foto-2023-0728-46\/\",\"alt\":\"\",\"description\":\"\",\"caption\":\"Cesta jak z meziv\u00e1le\u010dn\u00e9ho obdob\u00ed\",\"mime\":\"image\/jpeg\",\"type\":\"image\",\"width\":1024,\"height\":683,\"sizes\":{\"thumbnail\":{\"height\":100,\"width\":150,\"url\":\"https:\/\/www.cykloromantika.cz\/wp-content\/uploads\/2023\/11\/foto-2023-0728-46-150x100.jpg\",\"orientation\":\"landscape\"},\"medium\":{\"height\":200,\"width\":300,\"url\":\"https:\/\/www.cykloromantika.cz\/wp-content\/uploads\/2023\/11\/foto-2023-0728-46-300x200.jpg\",\"orientation\":\"landscape\"},\"full\":{\"url\":\"https:\/\/www.cykloromantika.cz\/wp-content\/uploads\/2023\/11\/foto-2023-0728-46.jpg\",\"height\":683,\"width\":1024,\"orientation\":\"landscape\"}},\"imageMeta\":{\"aperture\":\"1.7\",\"credit\":\"\",\"camera\":\"SM-G955F\",\"caption\":\"\",\"created_timestamp\":\"1690553101\",\"copyright\":\"\",\"focal_length\":\"4.2\",\"iso\":\"40\",\"shutter_speed\":\"0.000325520833333\",\"title\":\"\",\"orientation\":\"0\",\"keywords\":[]},\"meta\":false},{\"id\":8295,\"title\":\"Foto 2023 0728 47\",\"url\":\"https:\/\/www.cykloromantika.cz\/wp-content\/uploads\/2023\/11\/foto-2023-0728-47.jpg\",\"link\":\"https:\/\/www.cykloromantika.cz\/foto-2023-0728-47\/\",\"alt\":\"\",\"description\":\"\",\"caption\":\"Propus\u0165 nechranick\u00e9 p\u0159ehrady\",\"mime\":\"image\/jpeg\",\"type\":\"image\",\"width\":1024,\"height\":683,\"sizes\":{\"thumbnail\":{\"height\":100,\"width\":150,\"url\":\"https:\/\/www.cykloromantika.cz\/wp-content\/uploads\/2023\/11\/foto-2023-0728-47-150x100.jpg\",\"orientation\":\"landscape\"},\"medium\":{\"height\":200,\"width\":300,\"url\":\"https:\/\/www.cykloromantika.cz\/wp-content\/uploads\/2023\/11\/foto-2023-0728-47-300x200.jpg\",\"orientation\":\"landscape\"},\"full\":{\"url\":\"https:\/\/www.cykloromantika.cz\/wp-content\/uploads\/2023\/11\/foto-2023-0728-47.jpg\",\"height\":683,\"width\":1024,\"orientation\":\"landscape\"}},\"imageMeta\":{\"aperture\":\"1.7\",\"credit\":\"\",\"camera\":\"SM-G955F\",\"caption\":\"\",\"created_timestamp\":\"1690553875\",\"copyright\":\"\",\"focal_length\":\"4.2\",\"iso\":\"40\",\"shutter_speed\":\"0.000457875457875\",\"title\":\"\",\"orientation\":\"0\",\"keywords\":[]},\"meta\":false},{\"id\":8296,\"title\":\"Foto 2023 0728 49\",\"url\":\"https:\/\/www.cykloromantika.cz\/wp-content\/uploads\/2023\/11\/foto-2023-0728-49.jpg\",\"link\":\"https:\/\/www.cykloromantika.cz\/foto-2023-0728-49\/\",\"alt\":\"\",\"description\":\"\",\"caption\":\"P\u0159em\u00fd\u0161l\u00edme nad \u010desk\u00fdm rekordem ve skoku na kole.\",\"mime\":\"image\/jpeg\",\"type\":\"image\",\"width\":1024,\"height\":683,\"sizes\":{\"thumbnail\":{\"height\":100,\"width\":150,\"url\":\"https:\/\/www.cykloromantika.cz\/wp-content\/uploads\/2023\/11\/foto-2023-0728-49-150x100.jpg\",\"orientation\":\"landscape\"},\"medium\":{\"height\":200,\"width\":300,\"url\":\"https:\/\/www.cykloromantika.cz\/wp-content\/uploads\/2023\/11\/foto-2023-0728-49-300x200.jpg\",\"orientation\":\"landscape\"},\"full\":{\"url\":\"https:\/\/www.cykloromantika.cz\/wp-content\/uploads\/2023\/11\/foto-2023-0728-49.jpg\",\"height\":683,\"width\":1024,\"orientation\":\"landscape\"}},\"imageMeta\":{\"aperture\":\"1.7\",\"credit\":\"\",\"camera\":\"SM-G955F\",\"caption\":\"\",\"created_timestamp\":\"1690554100\",\"copyright\":\"\",\"focal_length\":\"4.2\",\"iso\":\"40\",\"shutter_speed\":\"0.000249500998004\",\"title\":\"\",\"orientation\":\"0\",\"keywords\":[]},\"meta\":false},{\"id\":8297,\"title\":\"Foto 2023 0728 51\",\"url\":\"https:\/\/www.cykloromantika.cz\/wp-content\/uploads\/2023\/11\/foto-2023-0728-51.jpg\",\"link\":\"https:\/\/www.cykloromantika.cz\/foto-2023-0728-51\/\",\"alt\":\"\",\"description\":\"\",\"caption\":\"Z\u00e1mek Vi\u010dice \u2013 od roku 1963 jako kulturn\u00ed pam\u00e1tka!\",\"mime\":\"image\/jpeg\",\"type\":\"image\",\"width\":1024,\"height\":768,\"sizes\":{\"thumbnail\":{\"height\":113,\"width\":150,\"url\":\"https:\/\/www.cykloromantika.cz\/wp-content\/uploads\/2023\/11\/foto-2023-0728-51-150x113.jpg\",\"orientation\":\"landscape\"},\"medium\":{\"height\":225,\"width\":300,\"url\":\"https:\/\/www.cykloromantika.cz\/wp-content\/uploads\/2023\/11\/foto-2023-0728-51-300x225.jpg\",\"orientation\":\"landscape\"},\"full\":{\"url\":\"https:\/\/www.cykloromantika.cz\/wp-content\/uploads\/2023\/11\/foto-2023-0728-51.jpg\",\"height\":768,\"width\":1024,\"orientation\":\"landscape\"}},\"imageMeta\":{\"aperture\":\"1.7\",\"credit\":\"\",\"camera\":\"SM-G955F\",\"caption\":\"\",\"created_timestamp\":\"1690554414\",\"copyright\":\"\",\"focal_length\":\"4.2\",\"iso\":\"40\",\"shutter_speed\":\"0.000328947368421\",\"title\":\"\",\"orientation\":\"0\",\"keywords\":[]},\"meta\":false},{\"id\":8298,\"title\":\"Foto 2023 0728 53\",\"url\":\"https:\/\/www.cykloromantika.cz\/wp-content\/uploads\/2023\/11\/foto-2023-0728-53.jpg\",\"link\":\"https:\/\/www.cykloromantika.cz\/foto-2023-0728-53\/\",\"alt\":\"\",\"description\":\"\",\"caption\":\"Z\u00e1mek Vi\u010dice \u2013 od roku 1963 jako kulturn\u00ed pam\u00e1tka!\",\"mime\":\"image\/jpeg\",\"type\":\"image\",\"width\":1024,\"height\":683,\"sizes\":{\"thumbnail\":{\"height\":100,\"width\":150,\"url\":\"https:\/\/www.cykloromantika.cz\/wp-content\/uploads\/2023\/11\/foto-2023-0728-53-150x100.jpg\",\"orientation\":\"landscape\"},\"medium\":{\"height\":200,\"width\":300,\"url\":\"https:\/\/www.cykloromantika.cz\/wp-content\/uploads\/2023\/11\/foto-2023-0728-53-300x200.jpg\",\"orientation\":\"landscape\"},\"full\":{\"url\":\"https:\/\/www.cykloromantika.cz\/wp-content\/uploads\/2023\/11\/foto-2023-0728-53.jpg\",\"height\":683,\"width\":1024,\"orientation\":\"landscape\"}},\"imageMeta\":{\"aperture\":\"1.7\",\"credit\":\"\",\"camera\":\"SM-G955F\",\"caption\":\"\",\"created_timestamp\":\"1690554522\",\"copyright\":\"\",\"focal_length\":\"4.2\",\"iso\":\"40\",\"shutter_speed\":\"0.000295508274232\",\"title\":\"\",\"orientation\":\"0\",\"keywords\":[]},\"meta\":false},{\"id\":8299,\"title\":\"Foto 2023 0728 54\",\"url\":\"https:\/\/www.cykloromantika.cz\/wp-content\/uploads\/2023\/11\/foto-2023-0728-54.jpg\",\"link\":\"https:\/\/www.cykloromantika.cz\/foto-2023-0728-54\/\",\"alt\":\"\",\"description\":\"\",\"caption\":\"Kn\u011b\u017esk\u00e1 br\u00e1na \u2013 vj\u00ed\u017ed\u00edme do \u017datce!\",\"mime\":\"image\/jpeg\",\"type\":\"image\",\"width\":768,\"height\":1024,\"sizes\":{\"thumbnail\":{\"height\":150,\"width\":113,\"url\":\"https:\/\/www.cykloromantika.cz\/wp-content\/uploads\/2023\/11\/foto-2023-0728-54-113x150.jpg\",\"orientation\":\"portrait\"},\"medium\":{\"height\":300,\"width\":225,\"url\":\"https:\/\/www.cykloromantika.cz\/wp-content\/uploads\/2023\/11\/foto-2023-0728-54-225x300.jpg\",\"orientation\":\"portrait\"},\"full\":{\"url\":\"https:\/\/www.cykloromantika.cz\/wp-content\/uploads\/2023\/11\/foto-2023-0728-54.jpg\",\"height\":1024,\"width\":768,\"orientation\":\"portrait\"}},\"imageMeta\":{\"aperture\":\"1.7\",\"credit\":\"\",\"camera\":\"SM-G955F\",\"caption\":\"\",\"created_timestamp\":\"1690556643\",\"copyright\":\"\",\"focal_length\":\"4.2\",\"iso\":\"40\",\"shutter_speed\":\"0.00040192926045\",\"title\":\"\",\"orientation\":\"0\",\"keywords\":[]},\"meta\":false},{\"id\":8300,\"title\":\"Foto 2023 0728 55\",\"url\":\"https:\/\/www.cykloromantika.cz\/wp-content\/uploads\/2023\/11\/foto-2023-0728-55.jpg\",\"link\":\"https:\/\/www.cykloromantika.cz\/foto-2023-0728-55\/\",\"alt\":\"\",\"description\":\"\",\"caption\":\"\u017dateck\u00fd pivovar \u2013 pro pivo ale mus\u00edme jinam!\",\"mime\":\"image\/jpeg\",\"type\":\"image\",\"width\":1024,\"height\":576,\"sizes\":{\"thumbnail\":{\"height\":84,\"width\":150,\"url\":\"https:\/\/www.cykloromantika.cz\/wp-content\/uploads\/2023\/11\/foto-2023-0728-55-150x84.jpg\",\"orientation\":\"landscape\"},\"medium\":{\"height\":169,\"width\":300,\"url\":\"https:\/\/www.cykloromantika.cz\/wp-content\/uploads\/2023\/11\/foto-2023-0728-55-300x169.jpg\",\"orientation\":\"landscape\"},\"full\":{\"url\":\"https:\/\/www.cykloromantika.cz\/wp-content\/uploads\/2023\/11\/foto-2023-0728-55.jpg\",\"height\":576,\"width\":1024,\"orientation\":\"landscape\"}},\"imageMeta\":{\"aperture\":\"2\",\"credit\":\"\",\"camera\":\"SM-G991B\",\"caption\":\"\",\"created_timestamp\":\"1690556698\",\"copyright\":\"\",\"focal_length\":\"5.9\",\"iso\":\"50\",\"shutter_speed\":\"0.00126903553299\",\"title\":\"\",\"orientation\":\"0\",\"keywords\":[]},\"meta\":false},{\"id\":8301,\"title\":\"Foto 2023 0728 57\",\"url\":\"https:\/\/www.cykloromantika.cz\/wp-content\/uploads\/2023\/11\/foto-2023-0728-57.jpg\",\"link\":\"https:\/\/www.cykloromantika.cz\/foto-2023-0728-57\/\",\"alt\":\"\",\"description\":\"\",\"caption\":\"P\u011bt pivn\u00edch bojovn\u00edk\u016f v \u017datci\",\"mime\":\"image\/jpeg\",\"type\":\"image\",\"width\":1024,\"height\":683,\"sizes\":{\"thumbnail\":{\"height\":100,\"width\":150,\"url\":\"https:\/\/www.cykloromantika.cz\/wp-content\/uploads\/2023\/11\/foto-2023-0728-57-150x100.jpg\",\"orientation\":\"landscape\"},\"medium\":{\"height\":200,\"width\":300,\"url\":\"https:\/\/www.cykloromantika.cz\/wp-content\/uploads\/2023\/11\/foto-2023-0728-57-300x200.jpg\",\"orientation\":\"landscape\"},\"full\":{\"url\":\"https:\/\/www.cykloromantika.cz\/wp-content\/uploads\/2023\/11\/foto-2023-0728-57.jpg\",\"height\":683,\"width\":1024,\"orientation\":\"landscape\"}},\"imageMeta\":{\"aperture\":\"1.8\",\"credit\":\"\",\"camera\":\"SM-G991B\",\"caption\":\"\",\"created_timestamp\":\"1690557018\",\"copyright\":\"\",\"focal_length\":\"5.4\",\"iso\":\"50\",\"shutter_speed\":\"0.000194099378882\",\"title\":\"\",\"orientation\":\"0\",\"keywords\":[]},\"meta\":false},{\"id\":8302,\"title\":\"Foto 2023 0728 60\",\"url\":\"https:\/\/www.cykloromantika.cz\/wp-content\/uploads\/2023\/11\/foto-2023-0728-60.jpg\",\"link\":\"https:\/\/www.cykloromantika.cz\/foto-2023-0728-60\/\",\"alt\":\"\",\"description\":\"\",\"caption\":\"\",\"mime\":\"image\/jpeg\",\"type\":\"image\",\"width\":1024,\"height\":768,\"sizes\":{\"thumbnail\":{\"height\":113,\"width\":150,\"url\":\"https:\/\/www.cykloromantika.cz\/wp-content\/uploads\/2023\/11\/foto-2023-0728-60-150x113.jpg\",\"orientation\":\"landscape\"},\"medium\":{\"height\":225,\"width\":300,\"url\":\"https:\/\/www.cykloromantika.cz\/wp-content\/uploads\/2023\/11\/foto-2023-0728-60-300x225.jpg\",\"orientation\":\"landscape\"},\"full\":{\"url\":\"https:\/\/www.cykloromantika.cz\/wp-content\/uploads\/2023\/11\/foto-2023-0728-60.jpg\",\"height\":768,\"width\":1024,\"orientation\":\"landscape\"}},\"imageMeta\":{\"aperture\":\"1.7\",\"credit\":\"\",\"camera\":\"SM-G955F\",\"caption\":\"\",\"created_timestamp\":\"1690557145\",\"copyright\":\"\",\"focal_length\":\"4.2\",\"iso\":\"40\",\"shutter_speed\":\"0.00434782608696\",\"title\":\"\",\"orientation\":\"0\",\"keywords\":[]},\"meta\":false},{\"id\":8303,\"title\":\"Foto 2023 0728 63\",\"url\":\"https:\/\/www.cykloromantika.cz\/wp-content\/uploads\/2023\/11\/foto-2023-0728-63.jpg\",\"link\":\"https:\/\/www.cykloromantika.cz\/foto-2023-0728-63\/\",\"alt\":\"\",\"description\":\"\",\"caption\":\"Sloup se souso\u0161\u00edm Nejsv\u011bt\u011bj\u0161\u00ed Trojice na \u017eateck\u00e9m n\u00e1m\u011bst\u00ed Svobody\",\"mime\":\"image\/jpeg\",\"type\":\"image\",\"width\":768,\"height\":1024,\"sizes\":{\"thumbnail\":{\"height\":150,\"width\":113,\"url\":\"https:\/\/www.cykloromantika.cz\/wp-content\/uploads\/2023\/11\/foto-2023-0728-63-113x150.jpg\",\"orientation\":\"portrait\"},\"medium\":{\"height\":300,\"width\":225,\"url\":\"https:\/\/www.cykloromantika.cz\/wp-content\/uploads\/2023\/11\/foto-2023-0728-63-225x300.jpg\",\"orientation\":\"portrait\"},\"full\":{\"url\":\"https:\/\/www.cykloromantika.cz\/wp-content\/uploads\/2023\/11\/foto-2023-0728-63.jpg\",\"height\":1024,\"width\":768,\"orientation\":\"portrait\"}},\"imageMeta\":{\"aperture\":\"1.8\",\"credit\":\"\",\"camera\":\"SM-G991B\",\"caption\":\"\",\"created_timestamp\":\"1690557260\",\"copyright\":\"\",\"focal_length\":\"5.4\",\"iso\":\"50\",\"shutter_speed\":\"0.000265957446809\",\"title\":\"\",\"orientation\":\"0\",\"keywords\":[]},\"meta\":false},{\"id\":8304,\"title\":\"Foto 2023 0728 64\",\"url\":\"https:\/\/www.cykloromantika.cz\/wp-content\/uploads\/2023\/11\/foto-2023-0728-64.jpg\",\"link\":\"https:\/\/www.cykloromantika.cz\/foto-2023-0728-64\/\",\"alt\":\"\",\"description\":\"\",\"caption\":\"Chmelni\u010dka v \u017datci \u2013 nejmen\u0161\u00ed chmelnice na sv\u011bt\u011b!\",\"mime\":\"image\/jpeg\",\"type\":\"image\",\"width\":1024,\"height\":768,\"sizes\":{\"thumbnail\":{\"height\":113,\"width\":150,\"url\":\"https:\/\/www.cykloromantika.cz\/wp-content\/uploads\/2023\/11\/foto-2023-0728-64-150x113.jpg\",\"orientation\":\"landscape\"},\"medium\":{\"height\":225,\"width\":300,\"url\":\"https:\/\/www.cykloromantika.cz\/wp-content\/uploads\/2023\/11\/foto-2023-0728-64-300x225.jpg\",\"orientation\":\"landscape\"},\"full\":{\"url\":\"https:\/\/www.cykloromantika.cz\/wp-content\/uploads\/2023\/11\/foto-2023-0728-64.jpg\",\"height\":768,\"width\":1024,\"orientation\":\"landscape\"}},\"imageMeta\":{\"aperture\":\"1.7\",\"credit\":\"\",\"camera\":\"SM-G955F\",\"caption\":\"\",\"created_timestamp\":\"1690557263\",\"copyright\":\"\",\"focal_length\":\"4.2\",\"iso\":\"40\",\"shutter_speed\":\"0.000588235294118\",\"title\":\"\",\"orientation\":\"0\",\"keywords\":[]},\"meta\":false},{\"id\":8305,\"title\":\"Foto 2023 0728 65\",\"url\":\"https:\/\/www.cykloromantika.cz\/wp-content\/uploads\/2023\/11\/foto-2023-0728-65.jpg\",\"link\":\"https:\/\/www.cykloromantika.cz\/foto-2023-0728-65\/\",\"alt\":\"\",\"description\":\"\",\"caption\":\"Sud na n\u00e1m\u011bst\u00ed Kruhov\u00e9m\",\"mime\":\"image\/jpeg\",\"type\":\"image\",\"width\":1024,\"height\":682,\"sizes\":{\"thumbnail\":{\"height\":100,\"width\":150,\"url\":\"https:\/\/www.cykloromantika.cz\/wp-content\/uploads\/2023\/11\/foto-2023-0728-65-150x100.jpg\",\"orientation\":\"landscape\"},\"medium\":{\"height\":200,\"width\":300,\"url\":\"https:\/\/www.cykloromantika.cz\/wp-content\/uploads\/2023\/11\/foto-2023-0728-65-300x200.jpg\",\"orientation\":\"landscape\"},\"full\":{\"url\":\"https:\/\/www.cykloromantika.cz\/wp-content\/uploads\/2023\/11\/foto-2023-0728-65.jpg\",\"height\":682,\"width\":1024,\"orientation\":\"landscape\"}},\"imageMeta\":{\"aperture\":\"1.8\",\"credit\":\"\",\"camera\":\"SM-G991B\",\"caption\":\"\",\"created_timestamp\":\"1690557648\",\"copyright\":\"\",\"focal_length\":\"5.4\",\"iso\":\"50\",\"shutter_speed\":\"0.000343997248022\",\"title\":\"\",\"orientation\":\"0\",\"keywords\":[]},\"meta\":false},{\"id\":8306,\"title\":\"Foto 2023 0728 66\",\"url\":\"https:\/\/www.cykloromantika.cz\/wp-content\/uploads\/2023\/11\/foto-2023-0728-66.jpg\",\"link\":\"https:\/\/www.cykloromantika.cz\/foto-2023-0728-66\/\",\"alt\":\"\",\"description\":\"\",\"caption\":\"Rozhledna Chmelov\u00fd maj\u00e1k, 42 m vysok\u00e1\",\"mime\":\"image\/jpeg\",\"type\":\"image\",\"width\":1024,\"height\":768,\"sizes\":{\"thumbnail\":{\"height\":113,\"width\":150,\"url\":\"https:\/\/www.cykloromantika.cz\/wp-content\/uploads\/2023\/11\/foto-2023-0728-66-150x113.jpg\",\"orientation\":\"landscape\"},\"medium\":{\"height\":225,\"width\":300,\"url\":\"https:\/\/www.cykloromantika.cz\/wp-content\/uploads\/2023\/11\/foto-2023-0728-66-300x225.jpg\",\"orientation\":\"landscape\"},\"full\":{\"url\":\"https:\/\/www.cykloromantika.cz\/wp-content\/uploads\/2023\/11\/foto-2023-0728-66.jpg\",\"height\":768,\"width\":1024,\"orientation\":\"landscape\"}},\"imageMeta\":{\"aperture\":\"1.7\",\"credit\":\"\",\"camera\":\"SM-G955F\",\"caption\":\"\",\"created_timestamp\":\"1690557952\",\"copyright\":\"\",\"focal_length\":\"4.2\",\"iso\":\"40\",\"shutter_speed\":\"0.000311720698254\",\"title\":\"\",\"orientation\":\"0\",\"keywords\":[]},\"meta\":false},{\"id\":8307,\"title\":\"Foto 2023 0728 67\",\"url\":\"https:\/\/www.cykloromantika.cz\/wp-content\/uploads\/2023\/11\/foto-2023-0728-67.jpg\",\"link\":\"https:\/\/www.cykloromantika.cz\/foto-2023-0728-67\/\",\"alt\":\"\",\"description\":\"\",\"caption\":\"Chmela\u0159sk\u00e9 muzeum v \u017datci\",\"mime\":\"image\/jpeg\",\"type\":\"image\",\"width\":1024,\"height\":768,\"sizes\":{\"thumbnail\":{\"height\":113,\"width\":150,\"url\":\"https:\/\/www.cykloromantika.cz\/wp-content\/uploads\/2023\/11\/foto-2023-0728-67-150x113.jpg\",\"orientation\":\"landscape\"},\"medium\":{\"height\":225,\"width\":300,\"url\":\"https:\/\/www.cykloromantika.cz\/wp-content\/uploads\/2023\/11\/foto-2023-0728-67-300x225.jpg\",\"orientation\":\"landscape\"},\"full\":{\"url\":\"https:\/\/www.cykloromantika.cz\/wp-content\/uploads\/2023\/11\/foto-2023-0728-67.jpg\",\"height\":768,\"width\":1024,\"orientation\":\"landscape\"}},\"imageMeta\":{\"aperture\":\"1.7\",\"credit\":\"\",\"camera\":\"SM-G955F\",\"caption\":\"\",\"created_timestamp\":\"1690558056\",\"copyright\":\"\",\"focal_length\":\"4.2\",\"iso\":\"40\",\"shutter_speed\":\"0.000220848056537\",\"title\":\"\",\"orientation\":\"0\",\"keywords\":[]},\"meta\":false},{\"id\":8308,\"title\":\"Foto 2023 0728 68\",\"url\":\"https:\/\/www.cykloromantika.cz\/wp-content\/uploads\/2023\/11\/foto-2023-0728-68.jpg\",\"link\":\"https:\/\/www.cykloromantika.cz\/foto-2023-0728-68\/\",\"alt\":\"\",\"description\":\"\",\"caption\":\"Pivovar U Orloje\",\"mime\":\"image\/jpeg\",\"type\":\"image\",\"width\":1024,\"height\":768,\"sizes\":{\"thumbnail\":{\"height\":113,\"width\":150,\"url\":\"https:\/\/www.cykloromantika.cz\/wp-content\/uploads\/2023\/11\/foto-2023-0728-68-150x113.jpg\",\"orientation\":\"landscape\"},\"medium\":{\"height\":225,\"width\":300,\"url\":\"https:\/\/www.cykloromantika.cz\/wp-content\/uploads\/2023\/11\/foto-2023-0728-68-300x225.jpg\",\"orientation\":\"landscape\"},\"full\":{\"url\":\"https:\/\/www.cykloromantika.cz\/wp-content\/uploads\/2023\/11\/foto-2023-0728-68.jpg\",\"height\":768,\"width\":1024,\"orientation\":\"landscape\"}},\"imageMeta\":{\"aperture\":\"1.7\",\"credit\":\"\",\"camera\":\"SM-G955F\",\"caption\":\"\",\"created_timestamp\":\"1690558125\",\"copyright\":\"\",\"focal_length\":\"4.2\",\"iso\":\"40\",\"shutter_speed\":\"0.000267094017094\",\"title\":\"\",\"orientation\":\"0\",\"keywords\":[]},\"meta\":false},{\"id\":8309,\"title\":\"Foto 2023 0728 69\",\"url\":\"https:\/\/www.cykloromantika.cz\/wp-content\/uploads\/2023\/11\/foto-2023-0728-69.jpg\",\"link\":\"https:\/\/www.cykloromantika.cz\/foto-2023-0728-69\/\",\"alt\":\"\",\"description\":\"\",\"caption\":\"Pomysln\u00fd Sedm\u00fd schod\",\"mime\":\"image\/jpeg\",\"type\":\"image\",\"width\":683,\"height\":1024,\"sizes\":{\"thumbnail\":{\"height\":150,\"width\":100,\"url\":\"https:\/\/www.cykloromantika.cz\/wp-content\/uploads\/2023\/11\/foto-2023-0728-69-100x150.jpg\",\"orientation\":\"portrait\"},\"medium\":{\"height\":300,\"width\":200,\"url\":\"https:\/\/www.cykloromantika.cz\/wp-content\/uploads\/2023\/11\/foto-2023-0728-69-200x300.jpg\",\"orientation\":\"portrait\"},\"full\":{\"url\":\"https:\/\/www.cykloromantika.cz\/wp-content\/uploads\/2023\/11\/foto-2023-0728-69.jpg\",\"height\":1024,\"width\":683,\"orientation\":\"portrait\"}},\"imageMeta\":{\"aperture\":\"1.8\",\"credit\":\"\",\"camera\":\"SM-G991B\",\"caption\":\"\",\"created_timestamp\":\"1690561762\",\"copyright\":\"\",\"focal_length\":\"5.4\",\"iso\":\"50\",\"shutter_speed\":\"0.00383141762452\",\"title\":\"\",\"orientation\":\"0\",\"keywords\":[]},\"meta\":false},{\"id\":8310,\"title\":\"Foto 2023 0728 70\",\"url\":\"https:\/\/www.cykloromantika.cz\/wp-content\/uploads\/2023\/11\/foto-2023-0728-70.jpg\",\"link\":\"https:\/\/www.cykloromantika.cz\/foto-2023-0728-70\/\",\"alt\":\"\",\"description\":\"\",\"caption\":\"Chlap nem\u016f\u017ee ani v\u011bd\u011bt, kter\u00fd si vybrat!\",\"mime\":\"image\/jpeg\",\"type\":\"image\",\"width\":683,\"height\":1024,\"sizes\":{\"thumbnail\":{\"height\":150,\"width\":100,\"url\":\"https:\/\/www.cykloromantika.cz\/wp-content\/uploads\/2023\/11\/foto-2023-0728-70-100x150.jpg\",\"orientation\":\"portrait\"},\"medium\":{\"height\":300,\"width\":200,\"url\":\"https:\/\/www.cykloromantika.cz\/wp-content\/uploads\/2023\/11\/foto-2023-0728-70-200x300.jpg\",\"orientation\":\"portrait\"},\"full\":{\"url\":\"https:\/\/www.cykloromantika.cz\/wp-content\/uploads\/2023\/11\/foto-2023-0728-70.jpg\",\"height\":1024,\"width\":683,\"orientation\":\"portrait\"}},\"imageMeta\":{\"aperture\":\"1.5\",\"credit\":\"\",\"camera\":\"SM-G970F\",\"caption\":\"\",\"created_timestamp\":\"1690565233\",\"copyright\":\"\",\"focal_length\":\"4.32\",\"iso\":\"640\",\"shutter_speed\":\"0.030303030303\",\"title\":\"\",\"orientation\":\"0\",\"keywords\":[]},\"meta\":false},{\"id\":8311,\"title\":\"Foto 2023 0728 71\",\"url\":\"https:\/\/www.cykloromantika.cz\/wp-content\/uploads\/2023\/11\/foto-2023-0728-71.jpg\",\"link\":\"https:\/\/www.cykloromantika.cz\/foto-2023-0728-71\/\",\"alt\":\"\",\"description\":\"\",\"caption\":\"Pivovar U Orloje \u2013 ochutn\u00e1me m\u00edstn\u00ed piva i ty z \u017dateck\u00e9ho pivovaru\",\"mime\":\"image\/jpeg\",\"type\":\"image\",\"width\":1024,\"height\":576,\"sizes\":{\"thumbnail\":{\"height\":84,\"width\":150,\"url\":\"https:\/\/www.cykloromantika.cz\/wp-content\/uploads\/2023\/11\/foto-2023-0728-71-150x84.jpg\",\"orientation\":\"landscape\"},\"medium\":{\"height\":169,\"width\":300,\"url\":\"https:\/\/www.cykloromantika.cz\/wp-content\/uploads\/2023\/11\/foto-2023-0728-71-300x169.jpg\",\"orientation\":\"landscape\"},\"full\":{\"url\":\"https:\/\/www.cykloromantika.cz\/wp-content\/uploads\/2023\/11\/foto-2023-0728-71.jpg\",\"height\":576,\"width\":1024,\"orientation\":\"landscape\"}},\"imageMeta\":{\"aperture\":\"1.5\",\"credit\":\"\",\"camera\":\"SM-G970F\",\"caption\":\"\",\"created_timestamp\":\"1690565544\",\"copyright\":\"\",\"focal_length\":\"4.32\",\"iso\":\"640\",\"shutter_speed\":\"0.02\",\"title\":\"\",\"orientation\":\"0\",\"keywords\":[]},\"meta\":false},{\"id\":8312,\"title\":\"Foto 2023 0728 72\",\"url\":\"https:\/\/www.cykloromantika.cz\/wp-content\/uploads\/2023\/11\/foto-2023-0728-72.jpg\",\"link\":\"https:\/\/www.cykloromantika.cz\/foto-2023-0728-72\/\",\"alt\":\"\",\"description\":\"\",\"caption\":\"Zahrady kapuc\u00ednsk\u00e9ho kl\u00e1\u0161tera\",\"mime\":\"image\/jpeg\",\"type\":\"image\",\"width\":1024,\"height\":683,\"sizes\":{\"thumbnail\":{\"height\":100,\"width\":150,\"url\":\"https:\/\/www.cykloromantika.cz\/wp-content\/uploads\/2023\/11\/foto-2023-0728-72-150x100.jpg\",\"orientation\":\"landscape\"},\"medium\":{\"height\":200,\"width\":300,\"url\":\"https:\/\/www.cykloromantika.cz\/wp-content\/uploads\/2023\/11\/foto-2023-0728-72-300x200.jpg\",\"orientation\":\"landscape\"},\"full\":{\"url\":\"https:\/\/www.cykloromantika.cz\/wp-content\/uploads\/2023\/11\/foto-2023-0728-72.jpg\",\"height\":683,\"width\":1024,\"orientation\":\"landscape\"}},\"imageMeta\":{\"aperture\":\"1.7\",\"credit\":\"\",\"camera\":\"SM-G955F\",\"caption\":\"\",\"created_timestamp\":\"1690566049\",\"copyright\":\"\",\"focal_length\":\"4.2\",\"iso\":\"40\",\"shutter_speed\":\"0.000666666666667\",\"title\":\"\",\"orientation\":\"0\",\"keywords\":[]},\"meta\":false},{\"id\":8313,\"title\":\"Foto 2023 0728 74\",\"url\":\"https:\/\/www.cykloromantika.cz\/wp-content\/uploads\/2023\/11\/foto-2023-0728-74.jpg\",\"link\":\"https:\/\/www.cykloromantika.cz\/foto-2023-0728-74\/\",\"alt\":\"\",\"description\":\"\",\"caption\":\"V Trnovanech n\u00e1s nepustil d\u00e1le divok\u00fd pes!\",\"mime\":\"image\/jpeg\",\"type\":\"image\",\"width\":1024,\"height\":683,\"sizes\":{\"thumbnail\":{\"height\":100,\"width\":150,\"url\":\"https:\/\/www.cykloromantika.cz\/wp-content\/uploads\/2023\/11\/foto-2023-0728-74-150x100.jpg\",\"orientation\":\"landscape\"},\"medium\":{\"height\":200,\"width\":300,\"url\":\"https:\/\/www.cykloromantika.cz\/wp-content\/uploads\/2023\/11\/foto-2023-0728-74-300x200.jpg\",\"orientation\":\"landscape\"},\"full\":{\"url\":\"https:\/\/www.cykloromantika.cz\/wp-content\/uploads\/2023\/11\/foto-2023-0728-74.jpg\",\"height\":683,\"width\":1024,\"orientation\":\"landscape\"}},\"imageMeta\":{\"aperture\":\"1.7\",\"credit\":\"\",\"camera\":\"SM-G955F\",\"caption\":\"\",\"created_timestamp\":\"1690567345\",\"copyright\":\"\",\"focal_length\":\"4.2\",\"iso\":\"40\",\"shutter_speed\":\"0.000714285714286\",\"title\":\"\",\"orientation\":\"0\",\"keywords\":[]},\"meta\":false},{\"id\":8314,\"title\":\"Foto 2023 0728 75\",\"url\":\"https:\/\/www.cykloromantika.cz\/wp-content\/uploads\/2023\/11\/foto-2023-0728-75.jpg\",\"link\":\"https:\/\/www.cykloromantika.cz\/foto-2023-0728-75\/\",\"alt\":\"\",\"description\":\"\",\"caption\":\"Starci na chmelu\",\"mime\":\"image\/jpeg\",\"type\":\"image\",\"width\":1024,\"height\":683,\"sizes\":{\"thumbnail\":{\"height\":100,\"width\":150,\"url\":\"https:\/\/www.cykloromantika.cz\/wp-content\/uploads\/2023\/11\/foto-2023-0728-75-150x100.jpg\",\"orientation\":\"landscape\"},\"medium\":{\"height\":200,\"width\":300,\"url\":\"https:\/\/www.cykloromantika.cz\/wp-content\/uploads\/2023\/11\/foto-2023-0728-75-300x200.jpg\",\"orientation\":\"landscape\"},\"full\":{\"url\":\"https:\/\/www.cykloromantika.cz\/wp-content\/uploads\/2023\/11\/foto-2023-0728-75.jpg\",\"height\":683,\"width\":1024,\"orientation\":\"landscape\"}},\"imageMeta\":{\"aperture\":\"1.7\",\"credit\":\"\",\"camera\":\"SM-G955F\",\"caption\":\"\",\"created_timestamp\":\"1690567622\",\"copyright\":\"\",\"focal_length\":\"4.2\",\"iso\":\"40\",\"shutter_speed\":\"0.000581395348837\",\"title\":\"\",\"orientation\":\"0\",\"keywords\":[]},\"meta\":false},{\"id\":8315,\"title\":\"Foto 2023 0728 76\",\"url\":\"https:\/\/www.cykloromantika.cz\/wp-content\/uploads\/2023\/11\/foto-2023-0728-76.jpg\",\"link\":\"https:\/\/www.cykloromantika.cz\/foto-2023-0728-76\/\",\"alt\":\"\",\"description\":\"\",\"caption\":\"Chmelov\u00fd r\u00e1j u Stekn\u00edku\",\"mime\":\"image\/jpeg\",\"type\":\"image\",\"width\":1024,\"height\":576,\"sizes\":{\"thumbnail\":{\"height\":84,\"width\":150,\"url\":\"https:\/\/www.cykloromantika.cz\/wp-content\/uploads\/2023\/11\/foto-2023-0728-76-150x84.jpg\",\"orientation\":\"landscape\"},\"medium\":{\"height\":169,\"width\":300,\"url\":\"https:\/\/www.cykloromantika.cz\/wp-content\/uploads\/2023\/11\/foto-2023-0728-76-300x169.jpg\",\"orientation\":\"landscape\"},\"full\":{\"url\":\"https:\/\/www.cykloromantika.cz\/wp-content\/uploads\/2023\/11\/foto-2023-0728-76.jpg\",\"height\":576,\"width\":1024,\"orientation\":\"landscape\"}},\"imageMeta\":{\"aperture\":\"2.2\",\"credit\":\"\",\"camera\":\"SM-G991B\",\"caption\":\"\",\"created_timestamp\":\"1690567654\",\"copyright\":\"\",\"focal_length\":\"2.2\",\"iso\":\"50\",\"shutter_speed\":\"0.00108932461874\",\"title\":\"\",\"orientation\":\"0\",\"keywords\":[]},\"meta\":false},{\"id\":8316,\"title\":\"Foto 2023 0728 78\",\"url\":\"https:\/\/www.cykloromantika.cz\/wp-content\/uploads\/2023\/11\/foto-2023-0728-78.jpg\",\"link\":\"https:\/\/www.cykloromantika.cz\/foto-2023-0728-78\/\",\"alt\":\"\",\"description\":\"\",\"caption\":\"Z\u00e1mek Stekn\u00edk v pozad\u00ed\",\"mime\":\"image\/jpeg\",\"type\":\"image\",\"width\":1024,\"height\":576,\"sizes\":{\"thumbnail\":{\"height\":84,\"width\":150,\"url\":\"https:\/\/www.cykloromantika.cz\/wp-content\/uploads\/2023\/11\/foto-2023-0728-78-150x84.jpg\",\"orientation\":\"landscape\"},\"medium\":{\"height\":169,\"width\":300,\"url\":\"https:\/\/www.cykloromantika.cz\/wp-content\/uploads\/2023\/11\/foto-2023-0728-78-300x169.jpg\",\"orientation\":\"landscape\"},\"full\":{\"url\":\"https:\/\/www.cykloromantika.cz\/wp-content\/uploads\/2023\/11\/foto-2023-0728-78.jpg\",\"height\":576,\"width\":1024,\"orientation\":\"landscape\"}},\"imageMeta\":{\"aperture\":\"2.4\",\"credit\":\"\",\"camera\":\"SM-G970F\",\"caption\":\"\",\"created_timestamp\":\"1690567901\",\"copyright\":\"\",\"focal_length\":\"4.32\",\"iso\":\"100\",\"shutter_speed\":\"0.0005\",\"title\":\"\",\"orientation\":\"0\",\"keywords\":[]},\"meta\":false},{\"id\":8317,\"title\":\"Foto 2023 0728 79\",\"url\":\"https:\/\/www.cykloromantika.cz\/wp-content\/uploads\/2023\/11\/foto-2023-0728-79.jpg\",\"link\":\"https:\/\/www.cykloromantika.cz\/foto-2023-0728-79\/\",\"alt\":\"\",\"description\":\"\",\"caption\":\"Tak co jsme je\u0161t\u011b nepili?\",\"mime\":\"image\/jpeg\",\"type\":\"image\",\"width\":1024,\"height\":768,\"sizes\":{\"thumbnail\":{\"height\":113,\"width\":150,\"url\":\"https:\/\/www.cykloromantika.cz\/wp-content\/uploads\/2023\/11\/foto-2023-0728-79-150x113.jpg\",\"orientation\":\"landscape\"},\"medium\":{\"height\":225,\"width\":300,\"url\":\"https:\/\/www.cykloromantika.cz\/wp-content\/uploads\/2023\/11\/foto-2023-0728-79-300x225.jpg\",\"orientation\":\"landscape\"},\"full\":{\"url\":\"https:\/\/www.cykloromantika.cz\/wp-content\/uploads\/2023\/11\/foto-2023-0728-79.jpg\",\"height\":768,\"width\":1024,\"orientation\":\"landscape\"}},\"imageMeta\":{\"aperture\":\"1.7\",\"credit\":\"\",\"camera\":\"SM-G955F\",\"caption\":\"\",\"created_timestamp\":\"1690567989\",\"copyright\":\"\",\"focal_length\":\"4.2\",\"iso\":\"40\",\"shutter_speed\":\"0.000739644970414\",\"title\":\"\",\"orientation\":\"0\",\"keywords\":[]},\"meta\":false},{\"id\":8318,\"title\":\"Foto 2023 0728 80\",\"url\":\"https:\/\/www.cykloromantika.cz\/wp-content\/uploads\/2023\/11\/foto-2023-0728-80.jpg\",\"link\":\"https:\/\/www.cykloromantika.cz\/foto-2023-0728-80\/\",\"alt\":\"\",\"description\":\"\",\"caption\":\"Mr(a)dice\",\"mime\":\"image\/jpeg\",\"type\":\"image\",\"width\":768,\"height\":1024,\"sizes\":{\"thumbnail\":{\"height\":150,\"width\":113,\"url\":\"https:\/\/www.cykloromantika.cz\/wp-content\/uploads\/2023\/11\/foto-2023-0728-80-113x150.jpg\",\"orientation\":\"portrait\"},\"medium\":{\"height\":300,\"width\":225,\"url\":\"https:\/\/www.cykloromantika.cz\/wp-content\/uploads\/2023\/11\/foto-2023-0728-80-225x300.jpg\",\"orientation\":\"portrait\"},\"full\":{\"url\":\"https:\/\/www.cykloromantika.cz\/wp-content\/uploads\/2023\/11\/foto-2023-0728-80.jpg\",\"height\":1024,\"width\":768,\"orientation\":\"portrait\"}},\"imageMeta\":{\"aperture\":\"1.7\",\"credit\":\"\",\"camera\":\"SM-G955F\",\"caption\":\"\",\"created_timestamp\":\"1690569013\",\"copyright\":\"\",\"focal_length\":\"4.2\",\"iso\":\"40\",\"shutter_speed\":\"0.0014164305949\",\"title\":\"\",\"orientation\":\"0\",\"keywords\":[]},\"meta\":false},{\"id\":8319,\"title\":\"Foto 2023 0728 81\",\"url\":\"https:\/\/www.cykloromantika.cz\/wp-content\/uploads\/2023\/11\/foto-2023-0728-81.jpg\",\"link\":\"https:\/\/www.cykloromantika.cz\/foto-2023-0728-81\/\",\"alt\":\"\",\"description\":\"\",\"caption\":\"V\u00fdhled na \u010cesk\u00e9 st\u0159edoho\u0159\u00ed kousek p\u0159ed Louny\",\"mime\":\"image\/jpeg\",\"type\":\"image\",\"width\":1024,\"height\":576,\"sizes\":{\"thumbnail\":{\"height\":84,\"width\":150,\"url\":\"https:\/\/www.cykloromantika.cz\/wp-content\/uploads\/2023\/11\/foto-2023-0728-81-150x84.jpg\",\"orientation\":\"landscape\"},\"medium\":{\"height\":169,\"width\":300,\"url\":\"https:\/\/www.cykloromantika.cz\/wp-content\/uploads\/2023\/11\/foto-2023-0728-81-300x169.jpg\",\"orientation\":\"landscape\"},\"full\":{\"url\":\"https:\/\/www.cykloromantika.cz\/wp-content\/uploads\/2023\/11\/foto-2023-0728-81.jpg\",\"height\":576,\"width\":1024,\"orientation\":\"landscape\"}},\"imageMeta\":{\"aperture\":\"1.7\",\"credit\":\"\",\"camera\":\"SM-G955F\",\"caption\":\"\",\"created_timestamp\":\"1690570471\",\"copyright\":\"\",\"focal_length\":\"4.2\",\"iso\":\"40\",\"shutter_speed\":\"0.000572082379863\",\"title\":\"\",\"orientation\":\"0\",\"keywords\":[]},\"meta\":false},{\"id\":8320,\"title\":\"Foto 2023 0728 82\",\"url\":\"https:\/\/www.cykloromantika.cz\/wp-content\/uploads\/2023\/11\/foto-2023-0728-82.jpg\",\"link\":\"https:\/\/www.cykloromantika.cz\/foto-2023-0728-82\/\",\"alt\":\"\",\"description\":\"\",\"caption\":\"Kostel sv. Mikul\u00e1\u0161e v Lounech\",\"mime\":\"image\/jpeg\",\"type\":\"image\",\"width\":768,\"height\":1024,\"sizes\":{\"thumbnail\":{\"height\":150,\"width\":113,\"url\":\"https:\/\/www.cykloromantika.cz\/wp-content\/uploads\/2023\/11\/foto-2023-0728-82-113x150.jpg\",\"orientation\":\"portrait\"},\"medium\":{\"height\":300,\"width\":225,\"url\":\"https:\/\/www.cykloromantika.cz\/wp-content\/uploads\/2023\/11\/foto-2023-0728-82-225x300.jpg\",\"orientation\":\"portrait\"},\"full\":{\"url\":\"https:\/\/www.cykloromantika.cz\/wp-content\/uploads\/2023\/11\/foto-2023-0728-82.jpg\",\"height\":1024,\"width\":768,\"orientation\":\"portrait\"}},\"imageMeta\":{\"aperture\":\"1.7\",\"credit\":\"\",\"camera\":\"SM-G955F\",\"caption\":\"\",\"created_timestamp\":\"1690571563\",\"copyright\":\"\",\"focal_length\":\"4.2\",\"iso\":\"40\",\"shutter_speed\":\"0.00113895216401\",\"title\":\"\",\"orientation\":\"0\",\"keywords\":[]},\"meta\":false},{\"id\":8321,\"title\":\"Foto 2023 0728 85\",\"url\":\"https:\/\/www.cykloromantika.cz\/wp-content\/uploads\/2023\/11\/foto-2023-0728-85.jpg\",\"link\":\"https:\/\/www.cykloromantika.cz\/foto-2023-0728-85\/\",\"alt\":\"\",\"description\":\"\",\"caption\":\"Kostel sv. Vav\u0159ince v \u010cern\u010dic\u00edch\",\"mime\":\"image\/jpeg\",\"type\":\"image\",\"width\":1024,\"height\":576,\"sizes\":{\"thumbnail\":{\"height\":84,\"width\":150,\"url\":\"https:\/\/www.cykloromantika.cz\/wp-content\/uploads\/2023\/11\/foto-2023-0728-85-150x84.jpg\",\"orientation\":\"landscape\"},\"medium\":{\"height\":169,\"width\":300,\"url\":\"https:\/\/www.cykloromantika.cz\/wp-content\/uploads\/2023\/11\/foto-2023-0728-85-300x169.jpg\",\"orientation\":\"landscape\"},\"full\":{\"url\":\"https:\/\/www.cykloromantika.cz\/wp-content\/uploads\/2023\/11\/foto-2023-0728-85.jpg\",\"height\":576,\"width\":1024,\"orientation\":\"landscape\"}},\"imageMeta\":{\"aperture\":\"1.8\",\"credit\":\"\",\"camera\":\"SM-G991B\",\"caption\":\"\",\"created_timestamp\":\"1690572616\",\"copyright\":\"\",\"focal_length\":\"5.4\",\"iso\":\"50\",\"shutter_speed\":\"0.000600961538462\",\"title\":\"\",\"orientation\":\"0\",\"keywords\":[]},\"meta\":false},{\"id\":8322,\"title\":\"Foto 2023 0728 86\",\"url\":\"https:\/\/www.cykloromantika.cz\/wp-content\/uploads\/2023\/11\/foto-2023-0728-86.jpg\",\"link\":\"https:\/\/www.cykloromantika.cz\/foto-2023-0728-86\/\",\"alt\":\"\",\"description\":\"\",\"caption\":\"\u010cesk\u00e9 st\u0159edoho\u0159\u00ed\",\"mime\":\"image\/jpeg\",\"type\":\"image\",\"width\":1024,\"height\":439,\"sizes\":{\"thumbnail\":{\"height\":64,\"width\":150,\"url\":\"https:\/\/www.cykloromantika.cz\/wp-content\/uploads\/2023\/11\/foto-2023-0728-86-150x64.jpg\",\"orientation\":\"landscape\"},\"medium\":{\"height\":129,\"width\":300,\"url\":\"https:\/\/www.cykloromantika.cz\/wp-content\/uploads\/2023\/11\/foto-2023-0728-86-300x129.jpg\",\"orientation\":\"landscape\"},\"full\":{\"url\":\"https:\/\/www.cykloromantika.cz\/wp-content\/uploads\/2023\/11\/foto-2023-0728-86.jpg\",\"height\":439,\"width\":1024,\"orientation\":\"landscape\"}},\"imageMeta\":{\"aperture\":\"2.4\",\"credit\":\"\",\"camera\":\"SM-G970F\",\"caption\":\"\",\"created_timestamp\":\"1690573549\",\"copyright\":\"\",\"focal_length\":\"4.32\",\"iso\":\"100\",\"shutter_speed\":\"0.000666666666667\",\"title\":\"\",\"orientation\":\"0\",\"keywords\":[]},\"meta\":false},{\"id\":8323,\"title\":\"Foto 2023 0728 87\",\"url\":\"https:\/\/www.cykloromantika.cz\/wp-content\/uploads\/2023\/11\/foto-2023-0728-87.jpg\",\"link\":\"https:\/\/www.cykloromantika.cz\/foto-2023-0728-87\/\",\"alt\":\"\",\"description\":\"\",\"caption\":\"\u010cesk\u00e9 st\u0159edoho\u0159\u00ed\",\"mime\":\"image\/jpeg\",\"type\":\"image\",\"width\":1024,\"height\":439,\"sizes\":{\"thumbnail\":{\"height\":64,\"width\":150,\"url\":\"https:\/\/www.cykloromantika.cz\/wp-content\/uploads\/2023\/11\/foto-2023-0728-87-150x64.jpg\",\"orientation\":\"landscape\"},\"medium\":{\"height\":129,\"width\":300,\"url\":\"https:\/\/www.cykloromantika.cz\/wp-content\/uploads\/2023\/11\/foto-2023-0728-87-300x129.jpg\",\"orientation\":\"landscape\"},\"full\":{\"url\":\"https:\/\/www.cykloromantika.cz\/wp-content\/uploads\/2023\/11\/foto-2023-0728-87.jpg\",\"height\":439,\"width\":1024,\"orientation\":\"landscape\"}},\"imageMeta\":{\"aperture\":\"2.4\",\"credit\":\"\",\"camera\":\"SM-G970F\",\"caption\":\"\",\"created_timestamp\":\"1690573554\",\"copyright\":\"\",\"focal_length\":\"4.32\",\"iso\":\"100\",\"shutter_speed\":\"0.000666666666667\",\"title\":\"\",\"orientation\":\"0\",\"keywords\":[]},\"meta\":false},{\"id\":8324,\"title\":\"Foto 2023 0728 89\",\"url\":\"https:\/\/www.cykloromantika.cz\/wp-content\/uploads\/2023\/11\/foto-2023-0728-89.jpg\",\"link\":\"https:\/\/www.cykloromantika.cz\/foto-2023-0728-89\/\",\"alt\":\"\",\"description\":\"\",\"caption\":\"P\u00e1tek v p\u00e1tek \u2013 osudov\u00e1 obec p\u00e1te\u010dn\u00ed noci\",\"mime\":\"image\/jpeg\",\"type\":\"image\",\"width\":1024,\"height\":683,\"sizes\":{\"thumbnail\":{\"height\":100,\"width\":150,\"url\":\"https:\/\/www.cykloromantika.cz\/wp-content\/uploads\/2023\/11\/foto-2023-0728-89-150x100.jpg\",\"orientation\":\"landscape\"},\"medium\":{\"height\":200,\"width\":300,\"url\":\"https:\/\/www.cykloromantika.cz\/wp-content\/uploads\/2023\/11\/foto-2023-0728-89-300x200.jpg\",\"orientation\":\"landscape\"},\"full\":{\"url\":\"https:\/\/www.cykloromantika.cz\/wp-content\/uploads\/2023\/11\/foto-2023-0728-89.jpg\",\"height\":683,\"width\":1024,\"orientation\":\"landscape\"}},\"imageMeta\":{\"aperture\":\"2\",\"credit\":\"\",\"camera\":\"SM-G991B\",\"caption\":\"\",\"created_timestamp\":\"1690574496\",\"copyright\":\"\",\"focal_length\":\"5.9\",\"iso\":\"50\",\"shutter_speed\":\"0.0062893081761\",\"title\":\"\",\"orientation\":\"0\",\"keywords\":[]},\"meta\":false},{\"id\":8325,\"title\":\"Foto 2023 0728 90\",\"url\":\"https:\/\/www.cykloromantika.cz\/wp-content\/uploads\/2023\/11\/foto-2023-0728-90.jpg\",\"link\":\"https:\/\/www.cykloromantika.cz\/foto-2023-0728-90\/\",\"alt\":\"\",\"description\":\"\",\"caption\":\"Snad nejmen\u0161\u00ed po\u0161ta, kterou jsme mohli vid\u011bt.\",\"mime\":\"image\/jpeg\",\"type\":\"image\",\"width\":1024,\"height\":683,\"sizes\":{\"thumbnail\":{\"height\":100,\"width\":150,\"url\":\"https:\/\/www.cykloromantika.cz\/wp-content\/uploads\/2023\/11\/foto-2023-0728-90-150x100.jpg\",\"orientation\":\"landscape\"},\"medium\":{\"height\":200,\"width\":300,\"url\":\"https:\/\/www.cykloromantika.cz\/wp-content\/uploads\/2023\/11\/foto-2023-0728-90-300x200.jpg\",\"orientation\":\"landscape\"},\"full\":{\"url\":\"https:\/\/www.cykloromantika.cz\/wp-content\/uploads\/2023\/11\/foto-2023-0728-90.jpg\",\"height\":683,\"width\":1024,\"orientation\":\"landscape\"}},\"imageMeta\":{\"aperture\":\"2.4\",\"credit\":\"\",\"camera\":\"SM-G970F\",\"caption\":\"\",\"created_timestamp\":\"1690574586\",\"copyright\":\"\",\"focal_length\":\"4.32\",\"iso\":\"100\",\"shutter_speed\":\"0.002\",\"title\":\"\",\"orientation\":\"0\",\"keywords\":[]},\"meta\":false},{\"id\":8326,\"title\":\"Foto 2023 0728 91\",\"url\":\"https:\/\/www.cykloromantika.cz\/wp-content\/uploads\/2023\/11\/foto-2023-0728-91.jpg\",\"link\":\"https:\/\/www.cykloromantika.cz\/foto-2023-0728-91\/\",\"alt\":\"\",\"description\":\"\",\"caption\":\"Snad ne moc brzy legend\u00e1rn\u00ed kapela. Rad\u011bji, a\u0165 ani nehraj\u00ed!\",\"mime\":\"image\/jpeg\",\"type\":\"image\",\"width\":1024,\"height\":683,\"sizes\":{\"thumbnail\":{\"height\":100,\"width\":150,\"url\":\"https:\/\/www.cykloromantika.cz\/wp-content\/uploads\/2023\/11\/foto-2023-0728-91-150x100.jpg\",\"orientation\":\"landscape\"},\"medium\":{\"height\":200,\"width\":300,\"url\":\"https:\/\/www.cykloromantika.cz\/wp-content\/uploads\/2023\/11\/foto-2023-0728-91-300x200.jpg\",\"orientation\":\"landscape\"},\"full\":{\"url\":\"https:\/\/www.cykloromantika.cz\/wp-content\/uploads\/2023\/11\/foto-2023-0728-91.jpg\",\"height\":683,\"width\":1024,\"orientation\":\"landscape\"}},\"imageMeta\":{\"aperture\":\"1.8\",\"credit\":\"\",\"camera\":\"SM-G991B\",\"caption\":\"\",\"created_timestamp\":\"1690583731\",\"copyright\":\"\",\"focal_length\":\"5.4\",\"iso\":\"2000\",\"shutter_speed\":\"0.142857142857\",\"title\":\"\",\"orientation\":\"0\",\"keywords\":[]},\"meta\":false}],\"useClobalSettings\":true,\"galleryBorderRadius\":8,\"shareFacebook\":false,\"shareTwitter\":false,\"sharePinterest\":false,\"sharePost\":\"postlink\",\"sliderItemTitleEnable\":true,\"sliderSocialShareEnabled\":false,\"itemsMetaDataCollection\":[]}<\/script><script>(function(){if(window.PGC_SGB && window.PGC_SGB.searcher){window.PGC_SGB.searcher.initBlocks()}})()<\/script><\/div>\n<\/div><\/div>\n<\/div><\/div><\/div>\n","protected":false},"excerpt":{"rendered":"","protected":false},"author":3,"featured_media":8314,"comment_status":"open","ping_status":"open","sticky":false,"template":"","format":"standard","meta":{"_acf_changed":false,"pgc_sgb_lightbox_settings":"","footnotes":""},"categories":[31],"tags":[],"class_list":["post-8064","post","type-post","status-publish","format-standard","has-post-thumbnail","hentry","category-denicek"],"acf":[],"_links":{"self":[{"href":"https:\/\/www.cykloromantika.cz\/index.php\/wp-json\/wp\/v2\/posts\/8064","targetHints":{"allow":["GET"]}}],"collection":[{"href":"https:\/\/www.cykloromantika.cz\/index.php\/wp-json\/wp\/v2\/posts"}],"about":[{"href":"https:\/\/www.cykloromantika.cz\/index.php\/wp-json\/wp\/v2\/types\/post"}],"author":[{"embeddable":true,"href":"https:\/\/www.cykloromantika.cz\/index.php\/wp-json\/wp\/v2\/users\/3"}],"replies":[{"embeddable":true,"href":"https:\/\/www.cykloromantika.cz\/index.php\/wp-json\/wp\/v2\/comments?post=8064"}],"version-history":[{"count":6,"href":"https:\/\/www.cykloromantika.cz\/index.php\/wp-json\/wp\/v2\/posts\/8064\/revisions"}],"predecessor-version":[{"id":8921,"href":"https:\/\/www.cykloromantika.cz\/index.php\/wp-json\/wp\/v2\/posts\/8064\/revisions\/8921"}],"wp:featuredmedia":[{"embeddable":true,"href":"https:\/\/www.cykloromantika.cz\/index.php\/wp-json\/wp\/v2\/media\/8314"}],"wp:attachment":[{"href":"https:\/\/www.cykloromantika.cz\/index.php\/wp-json\/wp\/v2\/media?parent=8064"}],"wp:term":[{"taxonomy":"category","embeddable":true,"href":"https:\/\/www.cykloromantika.cz\/index.php\/wp-json\/wp\/v2\/categories?post=8064"},{"taxonomy":"post_tag","embeddable":true,"href":"https:\/\/www.cykloromantika.cz\/index.php\/wp-json\/wp\/v2\/tags?post=8064"}],"curies":[{"name":"wp","href":"https:\/\/api.w.org\/{rel}","templated":true}]}}