{"id":8056,"date":"2023-07-27T20:05:00","date_gmt":"2023-07-27T19:05:00","guid":{"rendered":"https:\/\/www.cykloromantika.cz\/?p=8056"},"modified":"2025-05-12T10:13:10","modified_gmt":"2025-05-12T09:13:10","slug":"xxvii-rocnik-4-den-z-vrcholu-krusnych-hor-az-dolu-k-ohri","status":"publish","type":"post","link":"https:\/\/www.cykloromantika.cz\/index.php\/2023\/07\/27\/xxvii-rocnik-4-den-z-vrcholu-krusnych-hor-az-dolu-k-ohri\/","title":{"rendered":"XXVII. ro\u010dn\u00edk \u2013 4.&nbsp;den: Z&nbsp;vrcholu Kru\u0161n\u00fdch hor a\u017e dol\u016f k&nbsp;Oh\u0159i"},"content":{"rendered":"<style>.kt-tabs-id8056_4034bf-32 > .kt-tabs-content-wrap > .wp-block-kadence-tab{border-top:1px solid #eeeeee;border-right:0px solid #eeeeee;border-bottom:0px solid #eeeeee;border-left:0px solid #eeeeee;border-top-left-radius:0px;border-top-right-radius:0px;border-bottom-right-radius:0px;border-bottom-left-radius:0px;padding-top:20px;padding-right:0px;padding-bottom:20px;padding-left:0px;background:#ffffff;}.wp-block-kadence-tabs .kt-tabs-id8056_4034bf-32 > .kt-tabs-title-list li{margin-top:0px;margin-right:8px;margin-bottom:0px;margin-left:0px;}.wp-block-kadence-tabs .kt-tabs-id8056_4034bf-32 > .kt-tabs-title-list li:last-child{margin-right:0px;}.wp-block-kadence-tabs .kt-tabs-id8056_4034bf-32 > .kt-tabs-title-list li .kt-tab-title, .wp-block-kadence-tabs .kt-tabs-id8056_4034bf-32 > .kt-tabs-content-wrap > .kt-tabs-accordion-title .kt-tab-title{line-height:1.4em;font-weight:400;font-style:normal;text-transform:uppercase;border-top-width:0px;border-right-width:0px;border-bottom-width:0px;border-left-width:0px;border-top-left-radius:0px;border-top-right-radius:0px;border-bottom-right-radius:0px;border-bottom-left-radius:0px;padding-top:8px;padding-right:20px;padding-bottom:8px;padding-left:20px;border-color:#ffffff;color:#555555;background:#ffffff;}.wp-block-kadence-tabs .kt-tabs-id8056_4034bf-32 > .kt-tabs-content-wrap > .kt-tabs-accordion-title .kt-tab-title{margin-top:0px;margin-right:8px;margin-bottom:0px;margin-left:0px;}.wp-block-kadence-tabs .kt-tabs-id8056_4034bf-32 > .kt-tabs-title-list li .kt-tab-title:hover, .wp-block-kadence-tabs .kt-tabs-id8056_4034bf-32 > .kt-tabs-content-wrap > .kt-tabs-accordion-title .kt-tab-title:hover{border-color:#555555;color:#086abd;background:#ffffff;}.wp-block-kadence-tabs .kt-tabs-id8056_4034bf-32 > .kt-tabs-title-list li.kt-tab-title-active .kt-tab-title, .wp-block-kadence-tabs .kt-tabs-id8056_4034bf-32 > .kt-tabs-content-wrap > .kt-tabs-accordion-title.kt-tab-title-active .kt-tab-title{border-color:#555555;color:#086abd;background:#ffffff;}.wp-block-kadence-tabs .kt-tabs-id8056_4034bf-32 > .kt-tabs-title-list li svg{font-size:24px;}@media all and (max-width: 1024px){.kt-tabs-id8056_4034bf-32 > .kt-tabs-content-wrap > .wp-block-kadence-tab{border-top:1px solid #eeeeee;border-right:0px solid #eeeeee;border-bottom:0px solid #eeeeee;border-left:0px solid #eeeeee;}}@media all and (max-width: 767px){.kt-tabs-id8056_4034bf-32 > .kt-tabs-content-wrap > .wp-block-kadence-tab{border-top:1px solid #eeeeee;border-right:0px solid #eeeeee;border-bottom:0px solid #eeeeee;border-left:0px solid #eeeeee;}}<\/style>\n<div class=\"wp-block-kadence-tabs alignnone\"><div class=\"kt-tabs-wrap kt-tabs-id8056_4034bf-32 kt-tabs-has-3-tabs kt-active-tab-3 kt-tabs-layout-tabs kt-tabs-tablet-layout-inherit kt-tabs-mobile-layout-inherit kt-tab-alignment-center \"><ul class=\"kt-tabs-title-list\"><li id=\"tab-trasa\" class=\"kt-title-item kt-title-item-1 kt-tabs-svg-show-always kt-tabs-icon-side-top kt-tab-title-inactive\"><a href=\"#tab-trasa\" data-tab=\"1\" class=\"kt-tab-title kt-tab-title-1 \"><span class=\"kb-svg-icon-wrap kb-svg-icon-fe_map\"><svg viewBox=\"0 0 24 24\"  fill=\"none\" stroke=\"currentColor\" stroke-width=\"2\" stroke-linecap=\"round\" stroke-linejoin=\"round\" xmlns=\"http:\/\/www.w3.org\/2000\/svg\"  aria-hidden=\"true\"><polygon points=\"1 6 1 22 8 18 16 22 23 18 23 2 16 6 8 2 1 6\"\/><line x1=\"8\" y1=\"2\" x2=\"8\" y2=\"18\"\/><line x1=\"16\" y1=\"6\" x2=\"16\" y2=\"22\"\/><\/svg><\/span><span class=\"kt-title-text\">Trasa<\/span><\/a><\/li><li id=\"tab-zitky\" class=\"kt-title-item kt-title-item-2 kt-tabs-svg-show-always kt-tabs-icon-side-top kt-tab-title-inactive\"><a href=\"#tab-zitky\" data-tab=\"2\" class=\"kt-tab-title kt-tab-title-2 \"><span class=\"kb-svg-icon-wrap kb-svg-icon-fe_alignLeft\"><svg viewBox=\"0 0 24 24\"  fill=\"none\" stroke=\"currentColor\" stroke-width=\"2\" stroke-linecap=\"round\" stroke-linejoin=\"round\" xmlns=\"http:\/\/www.w3.org\/2000\/svg\"  aria-hidden=\"true\"><line x1=\"17\" y1=\"10\" x2=\"3\" y2=\"10\"\/><line x1=\"21\" y1=\"6\" x2=\"3\" y2=\"6\"\/><line x1=\"21\" y1=\"14\" x2=\"3\" y2=\"14\"\/><line x1=\"17\" y1=\"18\" x2=\"3\" y2=\"18\"\/><\/svg><\/span><span class=\"kt-title-text\">Z\u00e1\u017eitky<\/span><\/a><\/li><li id=\"tab-fotky\" class=\"kt-title-item kt-title-item-3 kt-tabs-svg-show-always kt-tabs-icon-side-top kt-tab-title-active\"><a href=\"#tab-fotky\" data-tab=\"3\" class=\"kt-tab-title kt-tab-title-3 \"><span class=\"kb-svg-icon-wrap kb-svg-icon-fe_camera\"><svg viewBox=\"0 0 24 24\"  fill=\"none\" stroke=\"currentColor\" stroke-width=\"2\" stroke-linecap=\"round\" stroke-linejoin=\"round\" xmlns=\"http:\/\/www.w3.org\/2000\/svg\"  aria-hidden=\"true\"><path d=\"M23 19a2 2 0 0 1-2 2H3a2 2 0 0 1-2-2V8a2 2 0 0 1 2-2h4l2-3h6l2 3h4a2 2 0 0 1 2 2z\"\/><circle cx=\"12\" cy=\"13\" r=\"4\"\/><\/svg><\/span><span class=\"kt-title-text\">Fotky<\/span><\/a><\/li><\/ul><div class=\"kt-tabs-content-wrap\">\n<div class=\"wp-block-kadence-tab kt-tab-inner-content kt-inner-tab-1 kt-inner-tabe31a71-be\"><div class=\"kt-tab-inner-content-inner\">\n<p>p\u0159\u00edst\u0159e\u0161ek na Zlat\u00e9m kopci \u2013 Bo\u017e\u00ed Dar &#8211; Kl\u00ednovec (1244&nbsp;m n. m.) \u2013 Pern\u0161tejn (pivovar Chalupn\u00edk) \u2013 Kl\u00e1\u0161terec nad Oh\u0159\u00ed (span\u00ed v&nbsp;hotelu Bohemia Excellent)<\/p>\n\n\n\n<ul class=\"wp-block-list\">\n<li>najeto: 37 km <\/li>\n\n\n\n<li>nejni\u017e\u0161\u00ed a nejvy\u0161\u0161\u00ed bod: 293\u20131244&nbsp;m n. m. <\/li>\n\n\n\n<li>stoup\u00e1n\u00ed: 336&nbsp;m<\/li>\n\n\n\n<li>kles\u00e1n\u00ed: 1058&nbsp;m<\/li>\n<\/ul>\n\n\n<div class=\"pgc-sgb-cb wp-block-pgcsimplygalleryblock-slider \" data-gallery-id=\"82268936\"style=&quot;min-height:400px&quot;><div class=\"sgb-preloader\" id=\"pr_82268936\">\n\t<div class=\"sgb-square\" style=\"background:#d4d4d4\"><\/div>\n\t<div class=\"sgb-square\" style=\"background:#d4d4d4\"><\/div>\n\t<div class=\"sgb-square\" style=\"background:#d4d4d4\"><\/div>\n\t<div class=\"sgb-square\" style=\"background:#d4d4d4\"><\/div><\/div><div class=\"simply-gallery-amp pgc_sgb_slider \"><noscript><div class=\"sgb-gallery\"><div class=\"sgb-item\"><a href=\"https:\/\/www.cykloromantika.cz\/?attachment_id=8061\" target=\"_blank\"><img decoding=\"async\" alt=\"\" width=\"300\" height=\"169\" loading=\"lazy\" src=\"https:\/\/www.cykloromantika.cz\/wp-content\/uploads\/2023\/09\/mapa-2023-0727-01-300x169.jpg\" srcset=\"https:\/\/www.cykloromantika.cz\/wp-content\/uploads\/2023\/09\/mapa-2023-0727-01-300x169.jpg 300w,https:\/\/www.cykloromantika.cz\/wp-content\/uploads\/2023\/09\/mapa-2023-0727-01.jpg 1024w\" sizes=\"auto, 250px\"\/><\/a><\/div><div class=\"sgb-item\"><a href=\"https:\/\/www.cykloromantika.cz\/?attachment_id=8062\" target=\"_blank\"><img decoding=\"async\" alt=\"\" width=\"300\" height=\"169\" loading=\"lazy\" src=\"https:\/\/www.cykloromantika.cz\/wp-content\/uploads\/2023\/09\/mapa-2023-0727-02-300x169.jpg\" srcset=\"https:\/\/www.cykloromantika.cz\/wp-content\/uploads\/2023\/09\/mapa-2023-0727-02-300x169.jpg 300w,https:\/\/www.cykloromantika.cz\/wp-content\/uploads\/2023\/09\/mapa-2023-0727-02.jpg 1024w\" sizes=\"auto, 250px\"\/><\/a><\/div><\/div><\/noscript><\/div><script type=\"application\/json\" class=\"sgb-data\">{\"sliderAdminWidth\":0,\"collectionColumns\":2,\"galleryType\":\"pgc_sgb_slider\",\"galleryId\":\"82268936\",\"images\":[{\"id\":8061,\"title\":\"Mapa 2023 0727 01\",\"url\":\"https:\/\/www.cykloromantika.cz\/wp-content\/uploads\/2023\/09\/mapa-2023-0727-01.jpg\",\"link\":\"https:\/\/www.cykloromantika.cz\/?attachment_id=8061\",\"alt\":\"\",\"description\":\"\",\"caption\":\"\",\"mime\":\"image\/jpeg\",\"type\":\"image\",\"width\":1024,\"height\":576,\"sizes\":{\"thumbnail\":{\"height\":84,\"width\":150,\"url\":\"https:\/\/www.cykloromantika.cz\/wp-content\/uploads\/2023\/09\/mapa-2023-0727-01-150x84.jpg\",\"orientation\":\"landscape\"},\"medium\":{\"height\":169,\"width\":300,\"url\":\"https:\/\/www.cykloromantika.cz\/wp-content\/uploads\/2023\/09\/mapa-2023-0727-01-300x169.jpg\",\"orientation\":\"landscape\"},\"full\":{\"url\":\"https:\/\/www.cykloromantika.cz\/wp-content\/uploads\/2023\/09\/mapa-2023-0727-01.jpg\",\"height\":576,\"width\":1024,\"orientation\":\"landscape\"}},\"imageMeta\":{\"aperture\":\"0\",\"credit\":\"\",\"camera\":\"\",\"caption\":\"\",\"created_timestamp\":\"0\",\"copyright\":\"\",\"focal_length\":\"0\",\"iso\":\"0\",\"shutter_speed\":\"0\",\"title\":\"\",\"orientation\":\"0\",\"keywords\":[]},\"meta\":false,\"postlink\":\"https:\/\/www.cykloromantika.cz\/?attachment_id=8061\"},{\"id\":8062,\"title\":\"Mapa 2023 0727 02\",\"url\":\"https:\/\/www.cykloromantika.cz\/wp-content\/uploads\/2023\/09\/mapa-2023-0727-02.jpg\",\"link\":\"https:\/\/www.cykloromantika.cz\/?attachment_id=8062\",\"alt\":\"\",\"description\":\"\",\"caption\":\"\",\"mime\":\"image\/jpeg\",\"type\":\"image\",\"width\":1024,\"height\":576,\"sizes\":{\"thumbnail\":{\"height\":84,\"width\":150,\"url\":\"https:\/\/www.cykloromantika.cz\/wp-content\/uploads\/2023\/09\/mapa-2023-0727-02-150x84.jpg\",\"orientation\":\"landscape\"},\"medium\":{\"height\":169,\"width\":300,\"url\":\"https:\/\/www.cykloromantika.cz\/wp-content\/uploads\/2023\/09\/mapa-2023-0727-02-300x169.jpg\",\"orientation\":\"landscape\"},\"full\":{\"url\":\"https:\/\/www.cykloromantika.cz\/wp-content\/uploads\/2023\/09\/mapa-2023-0727-02.jpg\",\"height\":576,\"width\":1024,\"orientation\":\"landscape\"}},\"imageMeta\":{\"aperture\":\"0\",\"credit\":\"\",\"camera\":\"\",\"caption\":\"\",\"created_timestamp\":\"0\",\"copyright\":\"\",\"focal_length\":\"0\",\"iso\":\"0\",\"shutter_speed\":\"0\",\"title\":\"\",\"orientation\":\"0\",\"keywords\":[]},\"meta\":false,\"postlink\":\"https:\/\/www.cykloromantika.cz\/?attachment_id=8062\"}],\"orderBy\":\"title\",\"itemsMetaDataCollection\":[]}<\/script><script>(function(){if(window.PGC_SGB && window.PGC_SGB.searcher){window.PGC_SGB.searcher.initBlocks()}})()<\/script><\/div><\/div><\/div>\n\n\n\n<div class=\"wp-block-kadence-tab kt-tab-inner-content kt-inner-tab-2 kt-inner-tabfcecc8-61\"><div class=\"kt-tab-inner-content-inner\">\n<p>Rann\u00ed probuzen\u00ed do takov\u00e9 kosy bylo n\u011bco, co jsme je\u0161t\u011b neza\u017eili. To bylo hor\u0161\u00ed ne\u017e span\u00ed v&nbsp;Kaleku, na kter\u00fd jsme si samoz\u0159ejm\u011b vzpomn\u011bli. Tam byly aspo\u0148 p\u0159es den letn\u00ed teploty. Zase n\u00e1s Kru\u0161n\u00e9 hory p\u0159ekvapily. Rychle zabalit, po\u0159\u00eddit p\u00e1r fotek a vzh\u016fru dol\u016f zp\u00e1tky do Bo\u017e\u00edho Daru na sn\u00eddani. Vyu\u017e\u00edv\u00e1me m\u00edstn\u00ed konzum \u010c\u00e1da a tak\u00e9 Bif\u00e9 Caf\u00e9. Stylov\u011b vyzdoben\u00e9 lah\u016fdk\u00e1\u0159stv\u00ed n\u00e1m nab\u00eddlo espresso, kakao a sladk\u00e9 pe\u010divo. Pohled na sma\u017eenky, chleb\u00ed\u010dky a podobn\u00e9 pochutiny n\u00e1s l\u00e1kaly, ale p\u0159ednost dostala st\u0159\u00eddmost. P\u0159ece jen hned p\u0159i\u0161lo stoup\u00e1n\u00ed na Kl\u00ednovec.<\/p>\n\n\n\n<p>Vyj\u00ed\u017ed\u00edme pomalu z&nbsp;Bo\u017e\u00edho Daru a hned se zakusujeme do 12&nbsp;%. Bohu\u017eel ne pivn\u00edch. Pak se uklidn\u00ed stoup\u00e1n\u00ed na p\u0159\u00edjemn\u011bj\u0161\u00edch 6\u20138 %, za to se neuklidn\u00ed v\u00edtr, kter\u00fd na pl\u00e1n\u00edch pod Kl\u00ednovcem je\u0161t\u011b zes\u00edl\u00ed. Trocha kles\u00e1n\u00ed p\u0159es parkovi\u0161t\u011b p\u0159i\u0161la vhod, tak\u017ee vrchol dob\u00fdv\u00e1me v\u0161ichni celkem v&nbsp;klidu. Po\u010das\u00ed nen\u00ed \u00fapln\u011b nejlep\u0161\u00ed, tak\u017ee jen p\u00e1r fotek, n\u011bco na p\u0159ivle\u010den\u00ed na sjezd a \u00e1dios. Ale m\u00e1me spln\u011bno, co se t\u00fd\u010de v\u00fd\u0161kov\u00fdch metr\u016f.<\/p>\n\n\n\n<p>Po po\u010d\u00e1te\u010dn\u00edm sjezdu provedeme hromadnou mikci a pokra\u010dujeme traverzem p\u0159es kl\u00ednoveck\u00e9 sjezdovky a pak dal\u0161\u00edm sjezdem na Meluz\u00ednu. Pak p\u0159\u00edjemnou asfaltkou do Horn\u00ed Hal\u017ee. Z\u00e1voduchtiv\u00fd Du\u0161\u00edk a jeho n\u00e1sledovn\u00edk Mar\u0165as se rozhodnout nastoupit zbytku pelotonu a z\u00edskat si n\u00e1skok. Nakonec na n\u011b stejn\u011b ale mus\u00edme \u010dekat, proto\u017ee odbo\u010dku v&nbsp;Horn\u00ed Hal\u017ei na Pern\u0161tejn minuli.<\/p>\n\n\n\n<p>Sjezd do Pern\u0161tejna n\u00e1m p\u0159ipom\u00edn\u00e1 slavn\u00fd sjezd z&nbsp;Meluz\u00edny do Kr\u00e1sn\u00e9ho Lesa. Tentokr\u00e1t ale jedeme za sv\u011btla a ne v&nbsp;noci se &#8222;sv\u011btly&#8220;. Tak\u00e9 se u\u017e podstatn\u011b oteplilo, teplota stoupla k&nbsp;15&nbsp;\u00b0C.<\/p>\n\n\n\n<p>Pivovar Chalupn\u00edk v&nbsp;Pern\u0161tejn\u011b je p\u0159\u00edjemn\u00fd, a proto\u017ee se bl\u00ed\u017e\u00ed bou\u0159ka, o\u010dek\u00e1v\u00e1me tak 3\u20134 pichvy. Tak\u00e9 j\u00eddlo nevypad\u00e1 \u0161patn\u011b a vzhledem k&nbsp;denn\u00ed dob\u011b, porou\u010d\u00edme si nosit na st\u016fl. N\u011bkdy v&nbsp;tyto chv\u00edle n\u00e1s opou\u0161t\u00ed Mar\u0165as, kter\u00e9mu za hodinu jede co? No p\u0159ece vlak, vole! Prch\u00e1 do Kl\u00e1\u0161terce nad Oh\u0159\u00ed a pak sm\u011brem na Prahu. My vyjedeme n\u011bco po n\u011bm a za chv\u00edli mu z\u00e1vid\u00edme, proto\u017ee n\u00e1s d\u00e9\u0161\u0165 dohnal. Nebo jsme do n\u011bj vjeli? T\u011b\u017eko \u0159\u00edct, ale tato sprcha n\u00e1s vl\u00e1k\u00e1 do dal\u0161\u00ed tepl\u00e9 sprchy.<\/p>\n\n\n\n<p>V Kl\u00e1\u0161terci nad Oh\u0159\u00ed se pt\u00e1me na mo\u017enost se schovat na p\u00e1r pichev p\u0159ed de\u0161t\u011bm. Je n\u00e1m doporu\u010den hotel, kter\u00fd chv\u00edli hled\u00e1me, a pak trochu zklaman\u011b vydechneme, proto\u017ee otev\u00edr\u00e1 a\u017e za hodinu. Na\u0161t\u011bst\u00ed n\u00e1s p\u0159es okno vid\u00ed sle\u010dna provozn\u00ed, kter\u00e1 n\u00e1m otev\u0159e d\u0159\u00edve. Hotel samotn\u00fd p\u0159ipom\u00edn\u00e1 sm\u011bs podnikatelsk\u00e9ho baroka, devades\u00e1tkov\u00e9 diskot\u00e9ky a \u010dty\u0159hv\u011bzdi\u010dkov\u00e9ho hotelu. Pravda, na sv\u00e9m turn\u00e9 jej vyu\u017e\u00edval i Karel Gott, jak vid\u00edme na fotk\u00e1ch na st\u011bn\u00e1ch. Mus\u00edme uznat, \u017ee hotel m\u00e1 sv\u00e9 kouzlo.<\/p>\n\n\n\n<p>D\u00e1me si pivo i skromnou ve\u010de\u0159i (kolena a k\u0159\u00eddla) a vm\u00e1\u010dknuti do kruhov\u00e9ho divanu po\u0159e\u0161\u00edme nocleh p\u0159\u00edmo na m\u00edst\u011b. P\u0159ece jen d\u00e9\u0161\u0165 trv\u00e1, pokoje jsou fajn, sprcha tepl\u00e1 (jak bylo nazna\u010deno d\u0159\u00edve) a postele pohodln\u00e9. Domlouv\u00e1me si sn\u00eddani a hrajeme kostky o donesen\u00ed dal\u0161\u00ed sva\u010diny na prodlou\u017een\u00fd ve\u010der. Prohr\u00e1v\u00e1 Ramon, ke kter\u00e9mu se ale p\u0159idaj\u00ed s&nbsp;pomoc\u00ed Bobo a Du\u0161\u00edk. Tom\u00e1\u0161ov\u00e9 nechaj\u00ed na\u010depovat piva do d\u017eb\u00e1n\u016f, Ramon a spol. don\u00e1\u0161\u00ed rumy, v\u00edno pro Boba a n\u011bco na zakousnut\u00ed k&nbsp;tomu.<\/p>\n\n\n\n<p><em>Pobavil v&nbsp;Tescu Bobo. Prohl\u00ed\u017eel si v\u00edna a jedno ho zaujalo. Ale zd\u00e1lo se mu drah\u00e9. Ramon ho ale povzbudil slovy ,&#8220;A kolik mysl\u00ed\u0161, \u017ee stoj\u00ed ten rum?&#8220;. Tak\u017ee Bobo byl tak\u00e9 (u)spokojen.<\/em><\/p>\n\n\n\n<p>A party na rodinn\u00e9m pokoji hotelu Bohemia Excellent mohla za\u010d\u00edt. Jako za dob Karla Gotta, Michala Davida, Franti\u0161ka Jane\u010dka a cel\u00fdch Krok\u016f!<\/p>\n<\/div><\/div>\n\n\n\n<div class=\"wp-block-kadence-tab kt-tab-inner-content kt-inner-tab-3 kt-inner-tab7af727-06\"><div class=\"kt-tab-inner-content-inner\"><div class=\"pgc-sgb-cb wp-block-pgcsimplygalleryblock-justified \" data-gallery-id=\"bbd91595\"><div class=\"sgb-preloader\" id=\"pr_bbd91595\">\n\t<div class=\"sgb-square\" style=\"background:#d4d4d4\"><\/div>\n\t<div class=\"sgb-square\" style=\"background:#d4d4d4\"><\/div>\n\t<div class=\"sgb-square\" style=\"background:#d4d4d4\"><\/div>\n\t<div class=\"sgb-square\" style=\"background:#d4d4d4\"><\/div><\/div><div class=\"simply-gallery-amp pgc_sgb_slider \"><noscript><div class=\"sgb-gallery\"><div class=\"sgb-item\"><a href=\"https:\/\/www.cykloromantika.cz\/foto-2023-0727-01\/\" target=\"_blank\"><img decoding=\"async\" alt=\"\" width=\"300\" height=\"225\" loading=\"lazy\" src=\"https:\/\/www.cykloromantika.cz\/wp-content\/uploads\/2023\/11\/foto-2023-0727-01-300x225.jpg\" srcset=\"https:\/\/www.cykloromantika.cz\/wp-content\/uploads\/2023\/11\/foto-2023-0727-01-300x225.jpg 300w,https:\/\/www.cykloromantika.cz\/wp-content\/uploads\/2023\/11\/foto-2023-0727-01.jpg 1024w\" sizes=\"auto, 250px\"\/><\/a><div class=\"sgb-item-caption\"><em>Rann\u00ed probuzen\u00ed do 7 \u00b0C<\/em><\/div><\/div><div class=\"sgb-item\"><a href=\"https:\/\/www.cykloromantika.cz\/foto-2023-0727-02\/\" target=\"_blank\"><img decoding=\"async\" alt=\"\" width=\"300\" height=\"200\" loading=\"lazy\" src=\"https:\/\/www.cykloromantika.cz\/wp-content\/uploads\/2023\/11\/foto-2023-0727-02-300x200.jpg\" srcset=\"https:\/\/www.cykloromantika.cz\/wp-content\/uploads\/2023\/11\/foto-2023-0727-02-300x200.jpg 300w,https:\/\/www.cykloromantika.cz\/wp-content\/uploads\/2023\/11\/foto-2023-0727-02.jpg 1024w\" sizes=\"auto, 250px\"\/><\/a><div class=\"sgb-item-caption\"><em>Tady bychom d\u0159\u00edve sp\u00e1t nemohli (hranice s NDR).<\/em><\/div><\/div><div class=\"sgb-item\"><a href=\"https:\/\/www.cykloromantika.cz\/foto-2023-0727-03\/\" target=\"_blank\"><img decoding=\"async\" alt=\"\" width=\"300\" height=\"200\" loading=\"lazy\" src=\"https:\/\/www.cykloromantika.cz\/wp-content\/uploads\/2023\/11\/foto-2023-0727-03-300x200.jpg\" srcset=\"https:\/\/www.cykloromantika.cz\/wp-content\/uploads\/2023\/11\/foto-2023-0727-03-300x200.jpg 300w,https:\/\/www.cykloromantika.cz\/wp-content\/uploads\/2023\/11\/foto-2023-0727-03.jpg 1024w\" sizes=\"auto, 250px\"\/><\/a><div class=\"sgb-item-caption\"><em>Jako by tu nikdo nebyl. V\u0161e sbaleno!<\/em><\/div><\/div><div class=\"sgb-item\"><a href=\"https:\/\/www.cykloromantika.cz\/foto-2023-0727-04\/\" target=\"_blank\"><img decoding=\"async\" alt=\"\" width=\"225\" height=\"300\" loading=\"lazy\" src=\"https:\/\/www.cykloromantika.cz\/wp-content\/uploads\/2023\/11\/foto-2023-0727-04-225x300.jpg\" srcset=\"https:\/\/www.cykloromantika.cz\/wp-content\/uploads\/2023\/11\/foto-2023-0727-04-225x300.jpg 225w,https:\/\/www.cykloromantika.cz\/wp-content\/uploads\/2023\/11\/foto-2023-0727-04.jpg 768w\" sizes=\"auto, 250px\"\/><\/a><div class=\"sgb-item-caption\"><em>Du\u0161\u00edk se u\u017e vid\u00ed na Kl\u00ednovci!<\/em><\/div><\/div><div class=\"sgb-item\"><a href=\"https:\/\/www.cykloromantika.cz\/foto-2023-0727-08\/\" target=\"_blank\"><img decoding=\"async\" alt=\"\" width=\"300\" height=\"225\" loading=\"lazy\" src=\"https:\/\/www.cykloromantika.cz\/wp-content\/uploads\/2023\/11\/foto-2023-0727-08-300x225.jpg\" srcset=\"https:\/\/www.cykloromantika.cz\/wp-content\/uploads\/2023\/11\/foto-2023-0727-08-300x225.jpg 300w,https:\/\/www.cykloromantika.cz\/wp-content\/uploads\/2023\/11\/foto-2023-0727-08.jpg 1024w\" sizes=\"auto, 250px\"\/><\/a><div class=\"sgb-item-caption\"><em>A jsme na Kl\u00ednovci. Neb\u00fdt zimy a v\u011btru, nebylo to n\u00e1ro\u010dn\u00e9!<\/em><\/div><\/div><div class=\"sgb-item\"><a href=\"https:\/\/www.cykloromantika.cz\/foto-2023-0727-09\/\" target=\"_blank\"><img decoding=\"async\" alt=\"\" width=\"300\" height=\"200\" loading=\"lazy\" src=\"https:\/\/www.cykloromantika.cz\/wp-content\/uploads\/2023\/11\/foto-2023-0727-09-300x200.jpg\" srcset=\"https:\/\/www.cykloromantika.cz\/wp-content\/uploads\/2023\/11\/foto-2023-0727-09-300x200.jpg 300w,https:\/\/www.cykloromantika.cz\/wp-content\/uploads\/2023\/11\/foto-2023-0727-09.jpg 1024w\" sizes=\"auto, 250px\"\/><\/a><div class=\"sgb-item-caption\"><em>Vrcholovka z Kl\u00ednovce (1244 m n. m.)<\/em><\/div><\/div><div class=\"sgb-item\"><a href=\"https:\/\/www.cykloromantika.cz\/foto-2023-0727-11\/\" target=\"_blank\"><img decoding=\"async\" alt=\"\" width=\"300\" height=\"200\" loading=\"lazy\" src=\"https:\/\/www.cykloromantika.cz\/wp-content\/uploads\/2023\/11\/foto-2023-0727-11-300x200.jpg\" srcset=\"https:\/\/www.cykloromantika.cz\/wp-content\/uploads\/2023\/11\/foto-2023-0727-11-300x200.jpg 300w,https:\/\/www.cykloromantika.cz\/wp-content\/uploads\/2023\/11\/foto-2023-0727-11.jpg 1024w\" sizes=\"auto, 250px\"\/><\/a><div class=\"sgb-item-caption\"><em>V\u00fdhled na Lou\u010dnou<\/em><\/div><\/div><div class=\"sgb-item\"><a href=\"https:\/\/www.cykloromantika.cz\/foto-2023-0727-12\/\" target=\"_blank\"><img decoding=\"async\" alt=\"\" width=\"300\" height=\"225\" loading=\"lazy\" src=\"https:\/\/www.cykloromantika.cz\/wp-content\/uploads\/2023\/11\/foto-2023-0727-12-300x225.jpg\" srcset=\"https:\/\/www.cykloromantika.cz\/wp-content\/uploads\/2023\/11\/foto-2023-0727-12-300x225.jpg 300w,https:\/\/www.cykloromantika.cz\/wp-content\/uploads\/2023\/11\/foto-2023-0727-12.jpg 1024w\" sizes=\"auto, 250px\"\/><\/a><div class=\"sgb-item-caption\"><em>Horn\u00ed Hal\u017ee \u2013 posledn\u00ed v\u00edska Kru\u0161n\u00fdch hor p\u0159ed sestupem<\/em><\/div><\/div><div class=\"sgb-item\"><a href=\"https:\/\/www.cykloromantika.cz\/foto-2023-0727-13\/\" target=\"_blank\"><img decoding=\"async\" alt=\"\" width=\"300\" height=\"225\" loading=\"lazy\" src=\"https:\/\/www.cykloromantika.cz\/wp-content\/uploads\/2023\/11\/foto-2023-0727-13-300x225.jpg\" srcset=\"https:\/\/www.cykloromantika.cz\/wp-content\/uploads\/2023\/11\/foto-2023-0727-13-300x225.jpg 300w,https:\/\/www.cykloromantika.cz\/wp-content\/uploads\/2023\/11\/foto-2023-0727-13.jpg 1024w\" sizes=\"auto, 250px\"\/><\/a><div class=\"sgb-item-caption\"><em>Pivovar Chalupn\u00edk v Per\u0161tejn\u011b<\/em><\/div><\/div><div class=\"sgb-item\"><a href=\"https:\/\/www.cykloromantika.cz\/foto-2023-0727-14\/\" target=\"_blank\"><img decoding=\"async\" alt=\"\" width=\"300\" height=\"200\" loading=\"lazy\" src=\"https:\/\/www.cykloromantika.cz\/wp-content\/uploads\/2023\/11\/foto-2023-0727-14-300x200.jpg\" srcset=\"https:\/\/www.cykloromantika.cz\/wp-content\/uploads\/2023\/11\/foto-2023-0727-14-300x200.jpg 300w,https:\/\/www.cykloromantika.cz\/wp-content\/uploads\/2023\/11\/foto-2023-0727-14.jpg 1024w\" sizes=\"auto, 250px\"\/><\/a><div class=\"sgb-item-caption\"><em>Posledn\u00ed spole\u010dn\u00e9 chvilky s Mar\u0165asem<\/em><\/div><\/div><div class=\"sgb-item\"><a href=\"https:\/\/www.cykloromantika.cz\/foto-2023-0727-15\/\" target=\"_blank\"><img decoding=\"async\" alt=\"\" width=\"300\" height=\"200\" loading=\"lazy\" src=\"https:\/\/www.cykloromantika.cz\/wp-content\/uploads\/2023\/11\/foto-2023-0727-15-300x200.jpg\" srcset=\"https:\/\/www.cykloromantika.cz\/wp-content\/uploads\/2023\/11\/foto-2023-0727-15-300x200.jpg 300w,https:\/\/www.cykloromantika.cz\/wp-content\/uploads\/2023\/11\/foto-2023-0727-15.jpg 1024w\" sizes=\"auto, 250px\"\/><\/a><div class=\"sgb-item-caption\"><em>Vyhl\u00eddka nad \u0159ekou Oh\u0159e v \u010cern\u00fd\u0161i<\/em><\/div><\/div><div class=\"sgb-item\"><a href=\"https:\/\/www.cykloromantika.cz\/foto-2023-0727-16\/\" target=\"_blank\"><img decoding=\"async\" alt=\"\" width=\"300\" height=\"225\" loading=\"lazy\" src=\"https:\/\/www.cykloromantika.cz\/wp-content\/uploads\/2023\/11\/foto-2023-0727-16-300x225.jpg\" srcset=\"https:\/\/www.cykloromantika.cz\/wp-content\/uploads\/2023\/11\/foto-2023-0727-16-300x225.jpg 300w,https:\/\/www.cykloromantika.cz\/wp-content\/uploads\/2023\/11\/foto-2023-0727-16.jpg 1024w\" sizes=\"auto, 250px\"\/><\/a><div class=\"sgb-item-caption\"><em>Kl\u00e1\u0161terec nad Oh\u0159\u00ed, n\u00e1m. Dr. Eduarda Bene\u0161e<\/em><\/div><\/div><div class=\"sgb-item\"><a href=\"https:\/\/www.cykloromantika.cz\/foto-2023-0727-17\/\" target=\"_blank\"><img decoding=\"async\" alt=\"\" width=\"300\" height=\"225\" loading=\"lazy\" src=\"https:\/\/www.cykloromantika.cz\/wp-content\/uploads\/2023\/11\/foto-2023-0727-17-300x225.jpg\" srcset=\"https:\/\/www.cykloromantika.cz\/wp-content\/uploads\/2023\/11\/foto-2023-0727-17-300x225.jpg 300w,https:\/\/www.cykloromantika.cz\/wp-content\/uploads\/2023\/11\/foto-2023-0727-17.jpg 1024w\" sizes=\"auto, 250px\"\/><\/a><div class=\"sgb-item-caption\"><em>D\u00e9\u0161\u0165 n\u00e1s zahnal dovnit\u0159 \u2013 Hotel Bohemia Excellent<\/em><\/div><\/div><div class=\"sgb-item\"><a href=\"https:\/\/www.cykloromantika.cz\/foto-2023-0727-18\/\" target=\"_blank\"><img decoding=\"async\" alt=\"\" width=\"225\" height=\"300\" loading=\"lazy\" src=\"https:\/\/www.cykloromantika.cz\/wp-content\/uploads\/2023\/11\/foto-2023-0727-18-225x300.jpg\" srcset=\"https:\/\/www.cykloromantika.cz\/wp-content\/uploads\/2023\/11\/foto-2023-0727-18-225x300.jpg 225w,https:\/\/www.cykloromantika.cz\/wp-content\/uploads\/2023\/11\/foto-2023-0727-18.jpg 768w\" sizes=\"auto, 250px\"\/><\/a><div class=\"sgb-item-caption\"><em>Za\u010dali jsme pou\u017e\u00edvat speci\u00e1ln\u00ed karimatky do de\u0161t\u011b \u2013 tlou\u0161\u0165ka 50 cm<\/em><\/div><\/div><div class=\"sgb-item\"><a href=\"https:\/\/www.cykloromantika.cz\/foto-2023-0727-19\/\" target=\"_blank\"><img decoding=\"async\" alt=\"\" width=\"225\" height=\"300\" loading=\"lazy\" src=\"https:\/\/www.cykloromantika.cz\/wp-content\/uploads\/2023\/11\/foto-2023-0727-19-225x300.jpg\" srcset=\"https:\/\/www.cykloromantika.cz\/wp-content\/uploads\/2023\/11\/foto-2023-0727-19-225x300.jpg 225w,https:\/\/www.cykloromantika.cz\/wp-content\/uploads\/2023\/11\/foto-2023-0727-19.jpg 768w\" sizes=\"auto, 250px\"\/><\/a><div class=\"sgb-item-caption\"><em>Bivak zabydlen!<\/em><\/div><\/div><div class=\"sgb-item\"><a href=\"https:\/\/www.cykloromantika.cz\/foto-2023-0727-20\/\" target=\"_blank\"><img decoding=\"async\" alt=\"\" width=\"300\" height=\"225\" loading=\"lazy\" src=\"https:\/\/www.cykloromantika.cz\/wp-content\/uploads\/2023\/11\/foto-2023-0727-20-300x225.jpg\" srcset=\"https:\/\/www.cykloromantika.cz\/wp-content\/uploads\/2023\/11\/foto-2023-0727-20-300x225.jpg 300w,https:\/\/www.cykloromantika.cz\/wp-content\/uploads\/2023\/11\/foto-2023-0727-20.jpg 1024w\" sizes=\"auto, 250px\"\/><\/a><div class=\"sgb-item-caption\"><em>Kolena a \u017eebra, kter\u00e1 vezeme z Ostravy, se n\u00e1m kone\u010dn\u011b hod\u00ed!<\/em><\/div><\/div><div class=\"sgb-item\"><a href=\"https:\/\/www.cykloromantika.cz\/foto-2023-0727-21\/\" target=\"_blank\"><img decoding=\"async\" alt=\"\" width=\"300\" height=\"200\" loading=\"lazy\" src=\"https:\/\/www.cykloromantika.cz\/wp-content\/uploads\/2023\/11\/foto-2023-0727-21-300x200.jpg\" srcset=\"https:\/\/www.cykloromantika.cz\/wp-content\/uploads\/2023\/11\/foto-2023-0727-21-300x200.jpg 300w,https:\/\/www.cykloromantika.cz\/wp-content\/uploads\/2023\/11\/foto-2023-0727-21.jpg 1024w\" sizes=\"auto, 250px\"\/><\/a><div class=\"sgb-item-caption\"><em>Hrajeme o skok do Tesca!<\/em><\/div><\/div><div class=\"sgb-item\"><a href=\"https:\/\/www.cykloromantika.cz\/foto-2023-0727-22\/\" target=\"_blank\"><img decoding=\"async\" alt=\"\" width=\"300\" height=\"200\" loading=\"lazy\" src=\"https:\/\/www.cykloromantika.cz\/wp-content\/uploads\/2023\/11\/foto-2023-0727-22-300x200.jpg\" srcset=\"https:\/\/www.cykloromantika.cz\/wp-content\/uploads\/2023\/11\/foto-2023-0727-22-300x200.jpg 300w,https:\/\/www.cykloromantika.cz\/wp-content\/uploads\/2023\/11\/foto-2023-0727-22.jpg 1024w\" sizes=\"auto, 250px\"\/><\/a><div class=\"sgb-item-caption\"><em>Ramon dnes evidentn\u011b nem\u00e1 \u0161\u0165astnou ruku!<\/em><\/div><\/div><div class=\"sgb-item\"><a href=\"https:\/\/www.cykloromantika.cz\/foto-2023-0727-23\/\" target=\"_blank\"><img decoding=\"async\" alt=\"\" width=\"225\" height=\"300\" loading=\"lazy\" src=\"https:\/\/www.cykloromantika.cz\/wp-content\/uploads\/2023\/11\/foto-2023-0727-23-225x300.jpg\" srcset=\"https:\/\/www.cykloromantika.cz\/wp-content\/uploads\/2023\/11\/foto-2023-0727-23-225x300.jpg 225w,https:\/\/www.cykloromantika.cz\/wp-content\/uploads\/2023\/11\/foto-2023-0727-23.jpg 768w\" sizes=\"auto, 250px\"\/><\/a><div class=\"sgb-item-caption\"><em>Ve\u010dern\u00ed z\u00e1ti\u0161\u00ed zvan\u00e9 plze\u0148sk\u00e9<\/em><\/div><\/div><div class=\"sgb-item\"><a href=\"https:\/\/www.cykloromantika.cz\/foto-2023-0727-24\/\" target=\"_blank\"><img decoding=\"async\" alt=\"\" width=\"300\" height=\"200\" loading=\"lazy\" src=\"https:\/\/www.cykloromantika.cz\/wp-content\/uploads\/2023\/11\/foto-2023-0727-24-300x200.jpg\" srcset=\"https:\/\/www.cykloromantika.cz\/wp-content\/uploads\/2023\/11\/foto-2023-0727-24-300x200.jpg 300w,https:\/\/www.cykloromantika.cz\/wp-content\/uploads\/2023\/11\/foto-2023-0727-24.jpg 1024w\" sizes=\"auto, 250px\"\/><\/a><div class=\"sgb-item-caption\"><em>Skok do Tesca se vyplatil!<\/em><\/div><\/div><div class=\"sgb-item\"><a href=\"https:\/\/www.cykloromantika.cz\/foto-2023-0727-25\/\" target=\"_blank\"><img decoding=\"async\" alt=\"\" width=\"300\" height=\"200\" loading=\"lazy\" src=\"https:\/\/www.cykloromantika.cz\/wp-content\/uploads\/2023\/11\/foto-2023-0727-25-300x200.jpg\" srcset=\"https:\/\/www.cykloromantika.cz\/wp-content\/uploads\/2023\/11\/foto-2023-0727-25-300x200.jpg 300w,https:\/\/www.cykloromantika.cz\/wp-content\/uploads\/2023\/11\/foto-2023-0727-25.jpg 1024w\" sizes=\"auto, 250px\"\/><\/a><div class=\"sgb-item-caption\"><em>Ve\u010d\u00edrek bez konce<\/em><\/div><\/div><div class=\"sgb-item\"><a href=\"https:\/\/www.cykloromantika.cz\/foto-2023-0727-26\/\" target=\"_blank\"><img decoding=\"async\" alt=\"\" width=\"300\" height=\"200\" loading=\"lazy\" src=\"https:\/\/www.cykloromantika.cz\/wp-content\/uploads\/2023\/11\/foto-2023-0727-26-300x200.jpg\" srcset=\"https:\/\/www.cykloromantika.cz\/wp-content\/uploads\/2023\/11\/foto-2023-0727-26-300x200.jpg 300w,https:\/\/www.cykloromantika.cz\/wp-content\/uploads\/2023\/11\/foto-2023-0727-26.jpg 1024w\" sizes=\"auto, 250px\"\/><\/a><div class=\"sgb-item-caption\"><em>Du\u0161\u00edkova pohoda<\/em><\/div><\/div><\/div><\/noscript><\/div><script type=\"application\/json\" class=\"sgb-data\">{\"lastRowFill\":true,\"collectionThumbRecomendedHeight\":300,\"collectionThumbMiniScreenScale\":true,\"captionHAlign\":\"bottom\",\"collectionthumbHoverTitleFontSize\":12,\"collectionthumbRoundedCorners\":8,\"collectionthumbHoverTitleTextBgColor\":\"rgba(0,0,0,0.44)\",\"collectionThumbSubMenuShare\":false,\"galleryType\":\"pgc_sgb_justified\",\"galleryId\":\"bbd91595\",\"images\":[{\"id\":8242,\"title\":\"Foto 2023 0727 01\",\"url\":\"https:\/\/www.cykloromantika.cz\/wp-content\/uploads\/2023\/11\/foto-2023-0727-01.jpg\",\"link\":\"https:\/\/www.cykloromantika.cz\/foto-2023-0727-01\/\",\"alt\":\"\",\"description\":\"\",\"caption\":\"Rann\u00ed probuzen\u00ed do 7 \u00b0C\",\"mime\":\"image\/jpeg\",\"type\":\"image\",\"width\":1024,\"height\":768,\"sizes\":{\"thumbnail\":{\"height\":113,\"width\":150,\"url\":\"https:\/\/www.cykloromantika.cz\/wp-content\/uploads\/2023\/11\/foto-2023-0727-01-150x113.jpg\",\"orientation\":\"landscape\"},\"medium\":{\"height\":225,\"width\":300,\"url\":\"https:\/\/www.cykloromantika.cz\/wp-content\/uploads\/2023\/11\/foto-2023-0727-01-300x225.jpg\",\"orientation\":\"landscape\"},\"full\":{\"url\":\"https:\/\/www.cykloromantika.cz\/wp-content\/uploads\/2023\/11\/foto-2023-0727-01.jpg\",\"height\":768,\"width\":1024,\"orientation\":\"landscape\"}},\"imageMeta\":{\"aperture\":\"1.7\",\"credit\":\"\",\"camera\":\"SM-G955F\",\"caption\":\"\",\"created_timestamp\":\"1690447547\",\"copyright\":\"\",\"focal_length\":\"4.2\",\"iso\":\"50\",\"shutter_speed\":\"0.01\",\"title\":\"\",\"orientation\":\"0\",\"keywords\":[]},\"meta\":false,\"postlink\":\"https:\/\/www.cykloromantika.cz\/foto-2023-0727-01\/\"},{\"id\":8243,\"title\":\"Foto 2023 0727 02\",\"url\":\"https:\/\/www.cykloromantika.cz\/wp-content\/uploads\/2023\/11\/foto-2023-0727-02.jpg\",\"link\":\"https:\/\/www.cykloromantika.cz\/foto-2023-0727-02\/\",\"alt\":\"\",\"description\":\"\",\"caption\":\"Tady bychom d\u0159\u00edve sp\u00e1t nemohli (hranice s NDR).\",\"mime\":\"image\/jpeg\",\"type\":\"image\",\"width\":1024,\"height\":683,\"sizes\":{\"thumbnail\":{\"height\":100,\"width\":150,\"url\":\"https:\/\/www.cykloromantika.cz\/wp-content\/uploads\/2023\/11\/foto-2023-0727-02-150x100.jpg\",\"orientation\":\"landscape\"},\"medium\":{\"height\":200,\"width\":300,\"url\":\"https:\/\/www.cykloromantika.cz\/wp-content\/uploads\/2023\/11\/foto-2023-0727-02-300x200.jpg\",\"orientation\":\"landscape\"},\"full\":{\"url\":\"https:\/\/www.cykloromantika.cz\/wp-content\/uploads\/2023\/11\/foto-2023-0727-02.jpg\",\"height\":683,\"width\":1024,\"orientation\":\"landscape\"}},\"imageMeta\":{\"aperture\":\"2.4\",\"credit\":\"\",\"camera\":\"SM-G970F\",\"caption\":\"\",\"created_timestamp\":\"1690450577\",\"copyright\":\"\",\"focal_length\":\"4.32\",\"iso\":\"100\",\"shutter_speed\":\"0.00285714285714\",\"title\":\"\",\"orientation\":\"0\",\"keywords\":[]},\"meta\":false,\"postlink\":\"https:\/\/www.cykloromantika.cz\/foto-2023-0727-02\/\"},{\"id\":8244,\"title\":\"Foto 2023 0727 03\",\"url\":\"https:\/\/www.cykloromantika.cz\/wp-content\/uploads\/2023\/11\/foto-2023-0727-03.jpg\",\"link\":\"https:\/\/www.cykloromantika.cz\/foto-2023-0727-03\/\",\"alt\":\"\",\"description\":\"\",\"caption\":\"Jako by tu nikdo nebyl. V\u0161e sbaleno!\",\"mime\":\"image\/jpeg\",\"type\":\"image\",\"width\":1024,\"height\":683,\"sizes\":{\"thumbnail\":{\"height\":100,\"width\":150,\"url\":\"https:\/\/www.cykloromantika.cz\/wp-content\/uploads\/2023\/11\/foto-2023-0727-03-150x100.jpg\",\"orientation\":\"landscape\"},\"medium\":{\"height\":200,\"width\":300,\"url\":\"https:\/\/www.cykloromantika.cz\/wp-content\/uploads\/2023\/11\/foto-2023-0727-03-300x200.jpg\",\"orientation\":\"landscape\"},\"full\":{\"url\":\"https:\/\/www.cykloromantika.cz\/wp-content\/uploads\/2023\/11\/foto-2023-0727-03.jpg\",\"height\":683,\"width\":1024,\"orientation\":\"landscape\"}},\"imageMeta\":{\"aperture\":\"2.4\",\"credit\":\"\",\"camera\":\"SM-G970F\",\"caption\":\"\",\"created_timestamp\":\"1690450597\",\"copyright\":\"\",\"focal_length\":\"4.32\",\"iso\":\"100\",\"shutter_speed\":\"0.00285714285714\",\"title\":\"\",\"orientation\":\"0\",\"keywords\":[]},\"meta\":false,\"postlink\":\"https:\/\/www.cykloromantika.cz\/foto-2023-0727-03\/\"},{\"id\":8245,\"title\":\"Foto 2023 0727 04\",\"url\":\"https:\/\/www.cykloromantika.cz\/wp-content\/uploads\/2023\/11\/foto-2023-0727-04.jpg\",\"link\":\"https:\/\/www.cykloromantika.cz\/foto-2023-0727-04\/\",\"alt\":\"\",\"description\":\"\",\"caption\":\"Du\u0161\u00edk se u\u017e vid\u00ed na Kl\u00ednovci!\",\"mime\":\"image\/jpeg\",\"type\":\"image\",\"width\":768,\"height\":1024,\"sizes\":{\"thumbnail\":{\"height\":150,\"width\":113,\"url\":\"https:\/\/www.cykloromantika.cz\/wp-content\/uploads\/2023\/11\/foto-2023-0727-04-113x150.jpg\",\"orientation\":\"portrait\"},\"medium\":{\"height\":300,\"width\":225,\"url\":\"https:\/\/www.cykloromantika.cz\/wp-content\/uploads\/2023\/11\/foto-2023-0727-04-225x300.jpg\",\"orientation\":\"portrait\"},\"full\":{\"url\":\"https:\/\/www.cykloromantika.cz\/wp-content\/uploads\/2023\/11\/foto-2023-0727-04.jpg\",\"height\":1024,\"width\":768,\"orientation\":\"portrait\"}},\"imageMeta\":{\"aperture\":\"1.7\",\"credit\":\"\",\"camera\":\"SM-G955F\",\"caption\":\"\",\"created_timestamp\":\"1690452174\",\"copyright\":\"\",\"focal_length\":\"4.2\",\"iso\":\"40\",\"shutter_speed\":\"0.0012853470437\",\"title\":\"\",\"orientation\":\"0\",\"keywords\":[]},\"meta\":false,\"postlink\":\"https:\/\/www.cykloromantika.cz\/foto-2023-0727-04\/\"},{\"id\":8246,\"title\":\"Foto 2023 0727 08\",\"url\":\"https:\/\/www.cykloromantika.cz\/wp-content\/uploads\/2023\/11\/foto-2023-0727-08.jpg\",\"link\":\"https:\/\/www.cykloromantika.cz\/foto-2023-0727-08\/\",\"alt\":\"\",\"description\":\"\",\"caption\":\"A jsme na Kl\u00ednovci. Neb\u00fdt zimy a v\u011btru, nebylo to n\u00e1ro\u010dn\u00e9!\",\"mime\":\"image\/jpeg\",\"type\":\"image\",\"width\":1024,\"height\":768,\"sizes\":{\"thumbnail\":{\"height\":113,\"width\":150,\"url\":\"https:\/\/www.cykloromantika.cz\/wp-content\/uploads\/2023\/11\/foto-2023-0727-08-150x113.jpg\",\"orientation\":\"landscape\"},\"medium\":{\"height\":225,\"width\":300,\"url\":\"https:\/\/www.cykloromantika.cz\/wp-content\/uploads\/2023\/11\/foto-2023-0727-08-300x225.jpg\",\"orientation\":\"landscape\"},\"full\":{\"url\":\"https:\/\/www.cykloromantika.cz\/wp-content\/uploads\/2023\/11\/foto-2023-0727-08.jpg\",\"height\":768,\"width\":1024,\"orientation\":\"landscape\"}},\"imageMeta\":{\"aperture\":\"1.7\",\"credit\":\"\",\"camera\":\"SM-G955F\",\"caption\":\"\",\"created_timestamp\":\"1690455860\",\"copyright\":\"\",\"focal_length\":\"4.2\",\"iso\":\"40\",\"shutter_speed\":\"0.000549450549451\",\"title\":\"\",\"orientation\":\"0\",\"keywords\":[]},\"meta\":false,\"postlink\":\"https:\/\/www.cykloromantika.cz\/foto-2023-0727-08\/\"},{\"id\":8247,\"title\":\"Foto 2023 0727 09\",\"url\":\"https:\/\/www.cykloromantika.cz\/wp-content\/uploads\/2023\/11\/foto-2023-0727-09.jpg\",\"link\":\"https:\/\/www.cykloromantika.cz\/foto-2023-0727-09\/\",\"alt\":\"\",\"description\":\"\",\"caption\":\"Vrcholovka z Kl\u00ednovce (1244 m n. m.)\",\"mime\":\"image\/jpeg\",\"type\":\"image\",\"width\":1024,\"height\":683,\"sizes\":{\"thumbnail\":{\"height\":100,\"width\":150,\"url\":\"https:\/\/www.cykloromantika.cz\/wp-content\/uploads\/2023\/11\/foto-2023-0727-09-150x100.jpg\",\"orientation\":\"landscape\"},\"medium\":{\"height\":200,\"width\":300,\"url\":\"https:\/\/www.cykloromantika.cz\/wp-content\/uploads\/2023\/11\/foto-2023-0727-09-300x200.jpg\",\"orientation\":\"landscape\"},\"full\":{\"url\":\"https:\/\/www.cykloromantika.cz\/wp-content\/uploads\/2023\/11\/foto-2023-0727-09.jpg\",\"height\":683,\"width\":1024,\"orientation\":\"landscape\"}},\"imageMeta\":{\"aperture\":\"2.2\",\"credit\":\"\",\"camera\":\"SM-G991B\",\"caption\":\"\",\"created_timestamp\":\"1690456007\",\"copyright\":\"\",\"focal_length\":\"2.2\",\"iso\":\"50\",\"shutter_speed\":\"0.000886524822695\",\"title\":\"\",\"orientation\":\"0\",\"keywords\":[]},\"meta\":false,\"postlink\":\"https:\/\/www.cykloromantika.cz\/foto-2023-0727-09\/\"},{\"id\":8248,\"title\":\"Foto 2023 0727 11\",\"url\":\"https:\/\/www.cykloromantika.cz\/wp-content\/uploads\/2023\/11\/foto-2023-0727-11.jpg\",\"link\":\"https:\/\/www.cykloromantika.cz\/foto-2023-0727-11\/\",\"alt\":\"\",\"description\":\"\",\"caption\":\"V\u00fdhled na Lou\u010dnou\",\"mime\":\"image\/jpeg\",\"type\":\"image\",\"width\":1024,\"height\":683,\"sizes\":{\"thumbnail\":{\"height\":100,\"width\":150,\"url\":\"https:\/\/www.cykloromantika.cz\/wp-content\/uploads\/2023\/11\/foto-2023-0727-11-150x100.jpg\",\"orientation\":\"landscape\"},\"medium\":{\"height\":200,\"width\":300,\"url\":\"https:\/\/www.cykloromantika.cz\/wp-content\/uploads\/2023\/11\/foto-2023-0727-11-300x200.jpg\",\"orientation\":\"landscape\"},\"full\":{\"url\":\"https:\/\/www.cykloromantika.cz\/wp-content\/uploads\/2023\/11\/foto-2023-0727-11.jpg\",\"height\":683,\"width\":1024,\"orientation\":\"landscape\"}},\"imageMeta\":{\"aperture\":\"1.8\",\"credit\":\"\",\"camera\":\"SM-G991B\",\"caption\":\"\",\"created_timestamp\":\"1690457281\",\"copyright\":\"\",\"focal_length\":\"5.4\",\"iso\":\"50\",\"shutter_speed\":\"0.00032981530343\",\"title\":\"\",\"orientation\":\"0\",\"keywords\":[]},\"meta\":false,\"postlink\":\"https:\/\/www.cykloromantika.cz\/foto-2023-0727-11\/\"},{\"id\":8249,\"title\":\"Foto 2023 0727 12\",\"url\":\"https:\/\/www.cykloromantika.cz\/wp-content\/uploads\/2023\/11\/foto-2023-0727-12.jpg\",\"link\":\"https:\/\/www.cykloromantika.cz\/foto-2023-0727-12\/\",\"alt\":\"\",\"description\":\"\",\"caption\":\"Horn\u00ed Hal\u017ee \u2013 posledn\u00ed v\u00edska Kru\u0161n\u00fdch hor p\u0159ed sestupem\",\"mime\":\"image\/jpeg\",\"type\":\"image\",\"width\":1024,\"height\":768,\"sizes\":{\"thumbnail\":{\"height\":113,\"width\":150,\"url\":\"https:\/\/www.cykloromantika.cz\/wp-content\/uploads\/2023\/11\/foto-2023-0727-12-150x113.jpg\",\"orientation\":\"landscape\"},\"medium\":{\"height\":225,\"width\":300,\"url\":\"https:\/\/www.cykloromantika.cz\/wp-content\/uploads\/2023\/11\/foto-2023-0727-12-300x225.jpg\",\"orientation\":\"landscape\"},\"full\":{\"url\":\"https:\/\/www.cykloromantika.cz\/wp-content\/uploads\/2023\/11\/foto-2023-0727-12.jpg\",\"height\":768,\"width\":1024,\"orientation\":\"landscape\"}},\"imageMeta\":{\"aperture\":\"1.7\",\"credit\":\"\",\"camera\":\"SM-G955F\",\"caption\":\"\",\"created_timestamp\":\"1690459918\",\"copyright\":\"\",\"focal_length\":\"4.2\",\"iso\":\"40\",\"shutter_speed\":\"0.000506072874494\",\"title\":\"\",\"orientation\":\"0\",\"keywords\":[]},\"meta\":false,\"postlink\":\"https:\/\/www.cykloromantika.cz\/foto-2023-0727-12\/\"},{\"id\":8250,\"title\":\"Foto 2023 0727 13\",\"url\":\"https:\/\/www.cykloromantika.cz\/wp-content\/uploads\/2023\/11\/foto-2023-0727-13.jpg\",\"link\":\"https:\/\/www.cykloromantika.cz\/foto-2023-0727-13\/\",\"alt\":\"\",\"description\":\"\",\"caption\":\"Pivovar Chalupn\u00edk v Per\u0161tejn\u011b\",\"mime\":\"image\/jpeg\",\"type\":\"image\",\"width\":1024,\"height\":768,\"sizes\":{\"thumbnail\":{\"height\":113,\"width\":150,\"url\":\"https:\/\/www.cykloromantika.cz\/wp-content\/uploads\/2023\/11\/foto-2023-0727-13-150x113.jpg\",\"orientation\":\"landscape\"},\"medium\":{\"height\":225,\"width\":300,\"url\":\"https:\/\/www.cykloromantika.cz\/wp-content\/uploads\/2023\/11\/foto-2023-0727-13-300x225.jpg\",\"orientation\":\"landscape\"},\"full\":{\"url\":\"https:\/\/www.cykloromantika.cz\/wp-content\/uploads\/2023\/11\/foto-2023-0727-13.jpg\",\"height\":768,\"width\":1024,\"orientation\":\"landscape\"}},\"imageMeta\":{\"aperture\":\"1.7\",\"credit\":\"\",\"camera\":\"SM-G955F\",\"caption\":\"\",\"created_timestamp\":\"1690461438\",\"copyright\":\"\",\"focal_length\":\"4.2\",\"iso\":\"40\",\"shutter_speed\":\"0.000179597701149\",\"title\":\"\",\"orientation\":\"0\",\"keywords\":[]},\"meta\":false,\"postlink\":\"https:\/\/www.cykloromantika.cz\/foto-2023-0727-13\/\"},{\"id\":8251,\"title\":\"Foto 2023 0727 14\",\"url\":\"https:\/\/www.cykloromantika.cz\/wp-content\/uploads\/2023\/11\/foto-2023-0727-14.jpg\",\"link\":\"https:\/\/www.cykloromantika.cz\/foto-2023-0727-14\/\",\"alt\":\"\",\"description\":\"\",\"caption\":\"Posledn\u00ed spole\u010dn\u00e9 chvilky s Mar\u0165asem\",\"mime\":\"image\/jpeg\",\"type\":\"image\",\"width\":1024,\"height\":683,\"sizes\":{\"thumbnail\":{\"height\":100,\"width\":150,\"url\":\"https:\/\/www.cykloromantika.cz\/wp-content\/uploads\/2023\/11\/foto-2023-0727-14-150x100.jpg\",\"orientation\":\"landscape\"},\"medium\":{\"height\":200,\"width\":300,\"url\":\"https:\/\/www.cykloromantika.cz\/wp-content\/uploads\/2023\/11\/foto-2023-0727-14-300x200.jpg\",\"orientation\":\"landscape\"},\"full\":{\"url\":\"https:\/\/www.cykloromantika.cz\/wp-content\/uploads\/2023\/11\/foto-2023-0727-14.jpg\",\"height\":683,\"width\":1024,\"orientation\":\"landscape\"}},\"imageMeta\":{\"aperture\":\"2.2\",\"credit\":\"\",\"camera\":\"SM-G991B\",\"caption\":\"\",\"created_timestamp\":\"1690461755\",\"copyright\":\"\",\"focal_length\":\"2.2\",\"iso\":\"50\",\"shutter_speed\":\"0.000429553264605\",\"title\":\"\",\"orientation\":\"0\",\"keywords\":[]},\"meta\":false,\"postlink\":\"https:\/\/www.cykloromantika.cz\/foto-2023-0727-14\/\"},{\"id\":8252,\"title\":\"Foto 2023 0727 15\",\"url\":\"https:\/\/www.cykloromantika.cz\/wp-content\/uploads\/2023\/11\/foto-2023-0727-15.jpg\",\"link\":\"https:\/\/www.cykloromantika.cz\/foto-2023-0727-15\/\",\"alt\":\"\",\"description\":\"\",\"caption\":\"Vyhl\u00eddka nad \u0159ekou Oh\u0159e v \u010cern\u00fd\u0161i\",\"mime\":\"image\/jpeg\",\"type\":\"image\",\"width\":1024,\"height\":683,\"sizes\":{\"thumbnail\":{\"height\":100,\"width\":150,\"url\":\"https:\/\/www.cykloromantika.cz\/wp-content\/uploads\/2023\/11\/foto-2023-0727-15-150x100.jpg\",\"orientation\":\"landscape\"},\"medium\":{\"height\":200,\"width\":300,\"url\":\"https:\/\/www.cykloromantika.cz\/wp-content\/uploads\/2023\/11\/foto-2023-0727-15-300x200.jpg\",\"orientation\":\"landscape\"},\"full\":{\"url\":\"https:\/\/www.cykloromantika.cz\/wp-content\/uploads\/2023\/11\/foto-2023-0727-15.jpg\",\"height\":683,\"width\":1024,\"orientation\":\"landscape\"}},\"imageMeta\":{\"aperture\":\"1.7\",\"credit\":\"\",\"camera\":\"SM-G955F\",\"caption\":\"\",\"created_timestamp\":\"1690477150\",\"copyright\":\"\",\"focal_length\":\"4.2\",\"iso\":\"40\",\"shutter_speed\":\"0.00185873605948\",\"title\":\"\",\"orientation\":\"0\",\"keywords\":[]},\"meta\":false,\"postlink\":\"https:\/\/www.cykloromantika.cz\/foto-2023-0727-15\/\"},{\"id\":8253,\"title\":\"Foto 2023 0727 16\",\"url\":\"https:\/\/www.cykloromantika.cz\/wp-content\/uploads\/2023\/11\/foto-2023-0727-16.jpg\",\"link\":\"https:\/\/www.cykloromantika.cz\/foto-2023-0727-16\/\",\"alt\":\"\",\"description\":\"\",\"caption\":\"Kl\u00e1\u0161terec nad Oh\u0159\u00ed, n\u00e1m. Dr. Eduarda Bene\u0161e\",\"mime\":\"image\/jpeg\",\"type\":\"image\",\"width\":1024,\"height\":768,\"sizes\":{\"thumbnail\":{\"height\":113,\"width\":150,\"url\":\"https:\/\/www.cykloromantika.cz\/wp-content\/uploads\/2023\/11\/foto-2023-0727-16-150x113.jpg\",\"orientation\":\"landscape\"},\"medium\":{\"height\":225,\"width\":300,\"url\":\"https:\/\/www.cykloromantika.cz\/wp-content\/uploads\/2023\/11\/foto-2023-0727-16-300x225.jpg\",\"orientation\":\"landscape\"},\"full\":{\"url\":\"https:\/\/www.cykloromantika.cz\/wp-content\/uploads\/2023\/11\/foto-2023-0727-16.jpg\",\"height\":768,\"width\":1024,\"orientation\":\"landscape\"}},\"imageMeta\":{\"aperture\":\"1.7\",\"credit\":\"\",\"camera\":\"SM-G955F\",\"caption\":\"\",\"created_timestamp\":\"1690478366\",\"copyright\":\"\",\"focal_length\":\"4.2\",\"iso\":\"40\",\"shutter_speed\":\"0.00100806451613\",\"title\":\"\",\"orientation\":\"0\",\"keywords\":[]},\"meta\":false,\"postlink\":\"https:\/\/www.cykloromantika.cz\/foto-2023-0727-16\/\"},{\"id\":8254,\"title\":\"Foto 2023 0727 17\",\"url\":\"https:\/\/www.cykloromantika.cz\/wp-content\/uploads\/2023\/11\/foto-2023-0727-17.jpg\",\"link\":\"https:\/\/www.cykloromantika.cz\/foto-2023-0727-17\/\",\"alt\":\"\",\"description\":\"\",\"caption\":\"D\u00e9\u0161\u0165 n\u00e1s zahnal dovnit\u0159 \u2013 Hotel Bohemia Excellent\",\"mime\":\"image\/jpeg\",\"type\":\"image\",\"width\":1024,\"height\":768,\"sizes\":{\"thumbnail\":{\"height\":113,\"width\":150,\"url\":\"https:\/\/www.cykloromantika.cz\/wp-content\/uploads\/2023\/11\/foto-2023-0727-17-150x113.jpg\",\"orientation\":\"landscape\"},\"medium\":{\"height\":225,\"width\":300,\"url\":\"https:\/\/www.cykloromantika.cz\/wp-content\/uploads\/2023\/11\/foto-2023-0727-17-300x225.jpg\",\"orientation\":\"landscape\"},\"full\":{\"url\":\"https:\/\/www.cykloromantika.cz\/wp-content\/uploads\/2023\/11\/foto-2023-0727-17.jpg\",\"height\":768,\"width\":1024,\"orientation\":\"landscape\"}},\"imageMeta\":{\"aperture\":\"1.7\",\"credit\":\"\",\"camera\":\"SM-G955F\",\"caption\":\"\",\"created_timestamp\":\"1690480617\",\"copyright\":\"\",\"focal_length\":\"4.2\",\"iso\":\"80\",\"shutter_speed\":\"0.02\",\"title\":\"\",\"orientation\":\"0\",\"keywords\":[]},\"meta\":false,\"postlink\":\"https:\/\/www.cykloromantika.cz\/foto-2023-0727-17\/\"},{\"id\":8255,\"title\":\"Foto 2023 0727 18\",\"url\":\"https:\/\/www.cykloromantika.cz\/wp-content\/uploads\/2023\/11\/foto-2023-0727-18.jpg\",\"link\":\"https:\/\/www.cykloromantika.cz\/foto-2023-0727-18\/\",\"alt\":\"\",\"description\":\"\",\"caption\":\"Za\u010dali jsme pou\u017e\u00edvat speci\u00e1ln\u00ed karimatky do de\u0161t\u011b \u2013 tlou\u0161\u0165ka 50 cm\",\"mime\":\"image\/jpeg\",\"type\":\"image\",\"width\":768,\"height\":1024,\"sizes\":{\"thumbnail\":{\"height\":150,\"width\":113,\"url\":\"https:\/\/www.cykloromantika.cz\/wp-content\/uploads\/2023\/11\/foto-2023-0727-18-113x150.jpg\",\"orientation\":\"portrait\"},\"medium\":{\"height\":300,\"width\":225,\"url\":\"https:\/\/www.cykloromantika.cz\/wp-content\/uploads\/2023\/11\/foto-2023-0727-18-225x300.jpg\",\"orientation\":\"portrait\"},\"full\":{\"url\":\"https:\/\/www.cykloromantika.cz\/wp-content\/uploads\/2023\/11\/foto-2023-0727-18.jpg\",\"height\":1024,\"width\":768,\"orientation\":\"portrait\"}},\"imageMeta\":{\"aperture\":\"1.7\",\"credit\":\"\",\"camera\":\"SM-G955F\",\"caption\":\"\",\"created_timestamp\":\"1690485639\",\"copyright\":\"\",\"focal_length\":\"4.2\",\"iso\":\"200\",\"shutter_speed\":\"0.04\",\"title\":\"\",\"orientation\":\"0\",\"keywords\":[]},\"meta\":false,\"postlink\":\"https:\/\/www.cykloromantika.cz\/foto-2023-0727-18\/\"},{\"id\":8256,\"title\":\"Foto 2023 0727 19\",\"url\":\"https:\/\/www.cykloromantika.cz\/wp-content\/uploads\/2023\/11\/foto-2023-0727-19.jpg\",\"link\":\"https:\/\/www.cykloromantika.cz\/foto-2023-0727-19\/\",\"alt\":\"\",\"description\":\"\",\"caption\":\"Bivak zabydlen!\",\"mime\":\"image\/jpeg\",\"type\":\"image\",\"width\":768,\"height\":1024,\"sizes\":{\"thumbnail\":{\"height\":150,\"width\":113,\"url\":\"https:\/\/www.cykloromantika.cz\/wp-content\/uploads\/2023\/11\/foto-2023-0727-19-113x150.jpg\",\"orientation\":\"portrait\"},\"medium\":{\"height\":300,\"width\":225,\"url\":\"https:\/\/www.cykloromantika.cz\/wp-content\/uploads\/2023\/11\/foto-2023-0727-19-225x300.jpg\",\"orientation\":\"portrait\"},\"full\":{\"url\":\"https:\/\/www.cykloromantika.cz\/wp-content\/uploads\/2023\/11\/foto-2023-0727-19.jpg\",\"height\":1024,\"width\":768,\"orientation\":\"portrait\"}},\"imageMeta\":{\"aperture\":\"1.7\",\"credit\":\"\",\"camera\":\"SM-G955F\",\"caption\":\"\",\"created_timestamp\":\"1690485658\",\"copyright\":\"\",\"focal_length\":\"4.2\",\"iso\":\"200\",\"shutter_speed\":\"0.1\",\"title\":\"\",\"orientation\":\"0\",\"keywords\":[]},\"meta\":false,\"postlink\":\"https:\/\/www.cykloromantika.cz\/foto-2023-0727-19\/\"},{\"id\":8257,\"title\":\"Foto 2023 0727 20\",\"url\":\"https:\/\/www.cykloromantika.cz\/wp-content\/uploads\/2023\/11\/foto-2023-0727-20.jpg\",\"link\":\"https:\/\/www.cykloromantika.cz\/foto-2023-0727-20\/\",\"alt\":\"\",\"description\":\"\",\"caption\":\"Kolena a \u017eebra, kter\u00e1 vezeme z Ostravy, se n\u00e1m kone\u010dn\u011b hod\u00ed!\",\"mime\":\"image\/jpeg\",\"type\":\"image\",\"width\":1024,\"height\":768,\"sizes\":{\"thumbnail\":{\"height\":113,\"width\":150,\"url\":\"https:\/\/www.cykloromantika.cz\/wp-content\/uploads\/2023\/11\/foto-2023-0727-20-150x113.jpg\",\"orientation\":\"landscape\"},\"medium\":{\"height\":225,\"width\":300,\"url\":\"https:\/\/www.cykloromantika.cz\/wp-content\/uploads\/2023\/11\/foto-2023-0727-20-300x225.jpg\",\"orientation\":\"landscape\"},\"full\":{\"url\":\"https:\/\/www.cykloromantika.cz\/wp-content\/uploads\/2023\/11\/foto-2023-0727-20.jpg\",\"height\":768,\"width\":1024,\"orientation\":\"landscape\"}},\"imageMeta\":{\"aperture\":\"1.7\",\"credit\":\"\",\"camera\":\"SM-G955F\",\"caption\":\"\",\"created_timestamp\":\"1690487482\",\"copyright\":\"\",\"focal_length\":\"4.2\",\"iso\":\"200\",\"shutter_speed\":\"0.0384615384615\",\"title\":\"\",\"orientation\":\"0\",\"keywords\":[]},\"meta\":false,\"postlink\":\"https:\/\/www.cykloromantika.cz\/foto-2023-0727-20\/\"},{\"id\":8258,\"title\":\"Foto 2023 0727 21\",\"url\":\"https:\/\/www.cykloromantika.cz\/wp-content\/uploads\/2023\/11\/foto-2023-0727-21.jpg\",\"link\":\"https:\/\/www.cykloromantika.cz\/foto-2023-0727-21\/\",\"alt\":\"\",\"description\":\"\",\"caption\":\"Hrajeme o skok do Tesca!\",\"mime\":\"image\/jpeg\",\"type\":\"image\",\"width\":1024,\"height\":683,\"sizes\":{\"thumbnail\":{\"height\":100,\"width\":150,\"url\":\"https:\/\/www.cykloromantika.cz\/wp-content\/uploads\/2023\/11\/foto-2023-0727-21-150x100.jpg\",\"orientation\":\"landscape\"},\"medium\":{\"height\":200,\"width\":300,\"url\":\"https:\/\/www.cykloromantika.cz\/wp-content\/uploads\/2023\/11\/foto-2023-0727-21-300x200.jpg\",\"orientation\":\"landscape\"},\"full\":{\"url\":\"https:\/\/www.cykloromantika.cz\/wp-content\/uploads\/2023\/11\/foto-2023-0727-21.jpg\",\"height\":683,\"width\":1024,\"orientation\":\"landscape\"}},\"imageMeta\":{\"aperture\":\"2.2\",\"credit\":\"\",\"camera\":\"SM-G991B\",\"caption\":\"\",\"created_timestamp\":\"1690488974\",\"copyright\":\"\",\"focal_length\":\"2.2\",\"iso\":\"640\",\"shutter_speed\":\"0.04\",\"title\":\"\",\"orientation\":\"0\",\"keywords\":[]},\"meta\":false,\"postlink\":\"https:\/\/www.cykloromantika.cz\/foto-2023-0727-21\/\"},{\"id\":8259,\"title\":\"Foto 2023 0727 22\",\"url\":\"https:\/\/www.cykloromantika.cz\/wp-content\/uploads\/2023\/11\/foto-2023-0727-22.jpg\",\"link\":\"https:\/\/www.cykloromantika.cz\/foto-2023-0727-22\/\",\"alt\":\"\",\"description\":\"\",\"caption\":\"Ramon dnes evidentn\u011b nem\u00e1 \u0161\u0165astnou ruku!\",\"mime\":\"image\/jpeg\",\"type\":\"image\",\"width\":1024,\"height\":683,\"sizes\":{\"thumbnail\":{\"height\":100,\"width\":150,\"url\":\"https:\/\/www.cykloromantika.cz\/wp-content\/uploads\/2023\/11\/foto-2023-0727-22-150x100.jpg\",\"orientation\":\"landscape\"},\"medium\":{\"height\":200,\"width\":300,\"url\":\"https:\/\/www.cykloromantika.cz\/wp-content\/uploads\/2023\/11\/foto-2023-0727-22-300x200.jpg\",\"orientation\":\"landscape\"},\"full\":{\"url\":\"https:\/\/www.cykloromantika.cz\/wp-content\/uploads\/2023\/11\/foto-2023-0727-22.jpg\",\"height\":683,\"width\":1024,\"orientation\":\"landscape\"}},\"imageMeta\":{\"aperture\":\"2.2\",\"credit\":\"\",\"camera\":\"SM-G991B\",\"caption\":\"\",\"created_timestamp\":\"1690488976\",\"copyright\":\"\",\"focal_length\":\"2.2\",\"iso\":\"640\",\"shutter_speed\":\"0.04\",\"title\":\"\",\"orientation\":\"0\",\"keywords\":[]},\"meta\":false,\"postlink\":\"https:\/\/www.cykloromantika.cz\/foto-2023-0727-22\/\"},{\"id\":8260,\"title\":\"Foto 2023 0727 23\",\"url\":\"https:\/\/www.cykloromantika.cz\/wp-content\/uploads\/2023\/11\/foto-2023-0727-23.jpg\",\"link\":\"https:\/\/www.cykloromantika.cz\/foto-2023-0727-23\/\",\"alt\":\"\",\"description\":\"\",\"caption\":\"Ve\u010dern\u00ed z\u00e1ti\u0161\u00ed zvan\u00e9 plze\u0148sk\u00e9\",\"mime\":\"image\/jpeg\",\"type\":\"image\",\"width\":768,\"height\":1024,\"sizes\":{\"thumbnail\":{\"height\":150,\"width\":113,\"url\":\"https:\/\/www.cykloromantika.cz\/wp-content\/uploads\/2023\/11\/foto-2023-0727-23-113x150.jpg\",\"orientation\":\"portrait\"},\"medium\":{\"height\":300,\"width\":225,\"url\":\"https:\/\/www.cykloromantika.cz\/wp-content\/uploads\/2023\/11\/foto-2023-0727-23-225x300.jpg\",\"orientation\":\"portrait\"},\"full\":{\"url\":\"https:\/\/www.cykloromantika.cz\/wp-content\/uploads\/2023\/11\/foto-2023-0727-23.jpg\",\"height\":1024,\"width\":768,\"orientation\":\"portrait\"}},\"imageMeta\":{\"aperture\":\"1.8\",\"credit\":\"\",\"camera\":\"SM-G991B\",\"caption\":\"\",\"created_timestamp\":\"1690493105\",\"copyright\":\"\",\"focal_length\":\"5.4\",\"iso\":\"1600\",\"shutter_speed\":\"0.0714285714286\",\"title\":\"\",\"orientation\":\"0\",\"keywords\":[]},\"meta\":false,\"postlink\":\"https:\/\/www.cykloromantika.cz\/foto-2023-0727-23\/\"},{\"id\":8261,\"title\":\"Foto 2023 0727 24\",\"url\":\"https:\/\/www.cykloromantika.cz\/wp-content\/uploads\/2023\/11\/foto-2023-0727-24.jpg\",\"link\":\"https:\/\/www.cykloromantika.cz\/foto-2023-0727-24\/\",\"alt\":\"\",\"description\":\"\",\"caption\":\"Skok do Tesca se vyplatil!\",\"mime\":\"image\/jpeg\",\"type\":\"image\",\"width\":1024,\"height\":683,\"sizes\":{\"thumbnail\":{\"height\":100,\"width\":150,\"url\":\"https:\/\/www.cykloromantika.cz\/wp-content\/uploads\/2023\/11\/foto-2023-0727-24-150x100.jpg\",\"orientation\":\"landscape\"},\"medium\":{\"height\":200,\"width\":300,\"url\":\"https:\/\/www.cykloromantika.cz\/wp-content\/uploads\/2023\/11\/foto-2023-0727-24-300x200.jpg\",\"orientation\":\"landscape\"},\"full\":{\"url\":\"https:\/\/www.cykloromantika.cz\/wp-content\/uploads\/2023\/11\/foto-2023-0727-24.jpg\",\"height\":683,\"width\":1024,\"orientation\":\"landscape\"}},\"imageMeta\":{\"aperture\":\"2.2\",\"credit\":\"\",\"camera\":\"SM-G991B\",\"caption\":\"\",\"created_timestamp\":\"1690494614\",\"copyright\":\"\",\"focal_length\":\"2.2\",\"iso\":\"1250\",\"shutter_speed\":\"0.04\",\"title\":\"\",\"orientation\":\"0\",\"keywords\":[]},\"meta\":false,\"postlink\":\"https:\/\/www.cykloromantika.cz\/foto-2023-0727-24\/\"},{\"id\":8262,\"title\":\"Foto 2023 0727 25\",\"url\":\"https:\/\/www.cykloromantika.cz\/wp-content\/uploads\/2023\/11\/foto-2023-0727-25.jpg\",\"link\":\"https:\/\/www.cykloromantika.cz\/foto-2023-0727-25\/\",\"alt\":\"\",\"description\":\"\",\"caption\":\"Ve\u010d\u00edrek bez konce\",\"mime\":\"image\/jpeg\",\"type\":\"image\",\"width\":1024,\"height\":683,\"sizes\":{\"thumbnail\":{\"height\":100,\"width\":150,\"url\":\"https:\/\/www.cykloromantika.cz\/wp-content\/uploads\/2023\/11\/foto-2023-0727-25-150x100.jpg\",\"orientation\":\"landscape\"},\"medium\":{\"height\":200,\"width\":300,\"url\":\"https:\/\/www.cykloromantika.cz\/wp-content\/uploads\/2023\/11\/foto-2023-0727-25-300x200.jpg\",\"orientation\":\"landscape\"},\"full\":{\"url\":\"https:\/\/www.cykloromantika.cz\/wp-content\/uploads\/2023\/11\/foto-2023-0727-25.jpg\",\"height\":683,\"width\":1024,\"orientation\":\"landscape\"}},\"imageMeta\":{\"aperture\":\"1.8\",\"credit\":\"\",\"camera\":\"SM-G991B\",\"caption\":\"\",\"created_timestamp\":\"1690494808\",\"copyright\":\"\",\"focal_length\":\"5.4\",\"iso\":\"1600\",\"shutter_speed\":\"0.0588235294118\",\"title\":\"\",\"orientation\":\"0\",\"keywords\":[]},\"meta\":false,\"postlink\":\"https:\/\/www.cykloromantika.cz\/foto-2023-0727-25\/\"},{\"id\":8263,\"title\":\"Foto 2023 0727 26\",\"url\":\"https:\/\/www.cykloromantika.cz\/wp-content\/uploads\/2023\/11\/foto-2023-0727-26.jpg\",\"link\":\"https:\/\/www.cykloromantika.cz\/foto-2023-0727-26\/\",\"alt\":\"\",\"description\":\"\",\"caption\":\"Du\u0161\u00edkova pohoda\",\"mime\":\"image\/jpeg\",\"type\":\"image\",\"width\":1024,\"height\":683,\"sizes\":{\"thumbnail\":{\"height\":100,\"width\":150,\"url\":\"https:\/\/www.cykloromantika.cz\/wp-content\/uploads\/2023\/11\/foto-2023-0727-26-150x100.jpg\",\"orientation\":\"landscape\"},\"medium\":{\"height\":200,\"width\":300,\"url\":\"https:\/\/www.cykloromantika.cz\/wp-content\/uploads\/2023\/11\/foto-2023-0727-26-300x200.jpg\",\"orientation\":\"landscape\"},\"full\":{\"url\":\"https:\/\/www.cykloromantika.cz\/wp-content\/uploads\/2023\/11\/foto-2023-0727-26.jpg\",\"height\":683,\"width\":1024,\"orientation\":\"landscape\"}},\"imageMeta\":{\"aperture\":\"1.8\",\"credit\":\"\",\"camera\":\"SM-G991B\",\"caption\":\"\",\"created_timestamp\":\"1690500832\",\"copyright\":\"\",\"focal_length\":\"5.4\",\"iso\":\"1250\",\"shutter_speed\":\"0.0714285714286\",\"title\":\"\",\"orientation\":\"0\",\"keywords\":[]},\"meta\":false,\"postlink\":\"https:\/\/www.cykloromantika.cz\/foto-2023-0727-26\/\"}],\"useClobalSettings\":true,\"galleryBorderRadius\":8,\"shareFacebook\":false,\"shareTwitter\":false,\"sharePinterest\":false,\"sharePost\":\"postlink\",\"sliderItemTitleEnable\":true,\"sliderSocialShareEnabled\":false,\"itemsMetaDataCollection\":[]}<\/script><script>(function(){if(window.PGC_SGB && window.PGC_SGB.searcher){window.PGC_SGB.searcher.initBlocks()}})()<\/script><\/div>\n<\/div><\/div>\n<\/div><\/div><\/div>\n","protected":false},"excerpt":{"rendered":"","protected":false},"author":3,"featured_media":8247,"comment_status":"open","ping_status":"open","sticky":false,"template":"","format":"standard","meta":{"_acf_changed":false,"pgc_sgb_lightbox_settings":"","footnotes":""},"categories":[31],"tags":[],"class_list":["post-8056","post","type-post","status-publish","format-standard","has-post-thumbnail","hentry","category-denicek"],"acf":[],"_links":{"self":[{"href":"https:\/\/www.cykloromantika.cz\/index.php\/wp-json\/wp\/v2\/posts\/8056","targetHints":{"allow":["GET"]}}],"collection":[{"href":"https:\/\/www.cykloromantika.cz\/index.php\/wp-json\/wp\/v2\/posts"}],"about":[{"href":"https:\/\/www.cykloromantika.cz\/index.php\/wp-json\/wp\/v2\/types\/post"}],"author":[{"embeddable":true,"href":"https:\/\/www.cykloromantika.cz\/index.php\/wp-json\/wp\/v2\/users\/3"}],"replies":[{"embeddable":true,"href":"https:\/\/www.cykloromantika.cz\/index.php\/wp-json\/wp\/v2\/comments?post=8056"}],"version-history":[{"count":7,"href":"https:\/\/www.cykloromantika.cz\/index.php\/wp-json\/wp\/v2\/posts\/8056\/revisions"}],"predecessor-version":[{"id":8912,"href":"https:\/\/www.cykloromantika.cz\/index.php\/wp-json\/wp\/v2\/posts\/8056\/revisions\/8912"}],"wp:featuredmedia":[{"embeddable":true,"href":"https:\/\/www.cykloromantika.cz\/index.php\/wp-json\/wp\/v2\/media\/8247"}],"wp:attachment":[{"href":"https:\/\/www.cykloromantika.cz\/index.php\/wp-json\/wp\/v2\/media?parent=8056"}],"wp:term":[{"taxonomy":"category","embeddable":true,"href":"https:\/\/www.cykloromantika.cz\/index.php\/wp-json\/wp\/v2\/categories?post=8056"},{"taxonomy":"post_tag","embeddable":true,"href":"https:\/\/www.cykloromantika.cz\/index.php\/wp-json\/wp\/v2\/tags?post=8056"}],"curies":[{"name":"wp","href":"https:\/\/api.w.org\/{rel}","templated":true}]}}