{"id":8048,"date":"2023-07-26T20:37:00","date_gmt":"2023-07-26T19:37:00","guid":{"rendered":"https:\/\/www.cykloromantika.cz\/?p=8048"},"modified":"2024-04-26T08:26:48","modified_gmt":"2024-04-26T07:26:48","slug":"xxvii-rocnik-3-den-krasnym-pohranicim-v-krusnych-horach","status":"publish","type":"post","link":"https:\/\/www.cykloromantika.cz\/index.php\/2023\/07\/26\/xxvii-rocnik-3-den-krasnym-pohranicim-v-krusnych-horach\/","title":{"rendered":"XXVII. ro\u010dn\u00edk \u2013 3.&nbsp;den: Kr\u00e1sn\u00fdm pohrani\u010d\u00edm v&nbsp;Kru\u0161n\u00fdch hor\u00e1ch"},"content":{"rendered":"<style>.kt-tabs-id8048_e36937-fb > .kt-tabs-content-wrap > .wp-block-kadence-tab{border-top:1px solid #eeeeee;border-right:0px solid #eeeeee;border-bottom:0px solid #eeeeee;border-left:0px solid #eeeeee;border-top-left-radius:0px;border-top-right-radius:0px;border-bottom-right-radius:0px;border-bottom-left-radius:0px;padding-top:20px;padding-right:0px;padding-bottom:20px;padding-left:0px;background:#ffffff;}.wp-block-kadence-tabs .kt-tabs-id8048_e36937-fb > .kt-tabs-title-list li{margin-top:0px;margin-right:8px;margin-bottom:0px;margin-left:0px;}.wp-block-kadence-tabs .kt-tabs-id8048_e36937-fb > .kt-tabs-title-list li:last-child{margin-right:0px;}.wp-block-kadence-tabs .kt-tabs-id8048_e36937-fb > .kt-tabs-title-list li .kt-tab-title, .wp-block-kadence-tabs .kt-tabs-id8048_e36937-fb > .kt-tabs-content-wrap > .kt-tabs-accordion-title .kt-tab-title{line-height:1.4em;font-weight:400;font-style:normal;text-transform:uppercase;border-top-width:0px;border-right-width:0px;border-bottom-width:0px;border-left-width:0px;border-top-left-radius:0px;border-top-right-radius:0px;border-bottom-right-radius:0px;border-bottom-left-radius:0px;padding-top:8px;padding-right:20px;padding-bottom:8px;padding-left:20px;border-color:#ffffff;color:#555555;background:#ffffff;}.wp-block-kadence-tabs .kt-tabs-id8048_e36937-fb > .kt-tabs-content-wrap > .kt-tabs-accordion-title .kt-tab-title{margin-top:0px;margin-right:8px;margin-bottom:0px;margin-left:0px;}.wp-block-kadence-tabs .kt-tabs-id8048_e36937-fb > .kt-tabs-title-list li .kt-tab-title:hover, .wp-block-kadence-tabs .kt-tabs-id8048_e36937-fb > .kt-tabs-content-wrap > .kt-tabs-accordion-title .kt-tab-title:hover{border-color:#555555;color:#086abd;background:#ffffff;}.wp-block-kadence-tabs .kt-tabs-id8048_e36937-fb > .kt-tabs-title-list li.kt-tab-title-active .kt-tab-title, .wp-block-kadence-tabs .kt-tabs-id8048_e36937-fb > .kt-tabs-content-wrap > .kt-tabs-accordion-title.kt-tab-title-active .kt-tab-title{border-color:#555555;color:#086abd;background:#ffffff;}.wp-block-kadence-tabs .kt-tabs-id8048_e36937-fb > .kt-tabs-title-list li svg{font-size:24px;}@media all and (max-width: 1024px){.kt-tabs-id8048_e36937-fb > .kt-tabs-content-wrap > .wp-block-kadence-tab{border-top:1px solid #eeeeee;border-right:0px solid #eeeeee;border-bottom:0px solid #eeeeee;border-left:0px solid #eeeeee;}}@media all and (max-width: 767px){.kt-tabs-id8048_e36937-fb > .kt-tabs-content-wrap > .wp-block-kadence-tab{border-top:1px solid #eeeeee;border-right:0px solid #eeeeee;border-bottom:0px solid #eeeeee;border-left:0px solid #eeeeee;}}<\/style>\n<div class=\"wp-block-kadence-tabs alignnone\"><div class=\"kt-tabs-wrap kt-tabs-id8048_e36937-fb kt-tabs-has-3-tabs kt-active-tab-3 kt-tabs-layout-tabs kt-tabs-tablet-layout-inherit kt-tabs-mobile-layout-inherit kt-tab-alignment-center \"><ul class=\"kt-tabs-title-list\"><li id=\"tab-trasa\" class=\"kt-title-item kt-title-item-1 kt-tabs-svg-show-always kt-tabs-icon-side-top kt-tab-title-inactive\"><a href=\"#tab-trasa\" data-tab=\"1\" class=\"kt-tab-title kt-tab-title-1 \"><span class=\"kb-svg-icon-wrap kb-svg-icon-fe_map\"><svg viewBox=\"0 0 24 24\"  fill=\"none\" stroke=\"currentColor\" stroke-width=\"2\" stroke-linecap=\"round\" stroke-linejoin=\"round\" xmlns=\"http:\/\/www.w3.org\/2000\/svg\"  aria-hidden=\"true\"><polygon points=\"1 6 1 22 8 18 16 22 23 18 23 2 16 6 8 2 1 6\"\/><line x1=\"8\" y1=\"2\" x2=\"8\" y2=\"18\"\/><line x1=\"16\" y1=\"6\" x2=\"16\" y2=\"22\"\/><\/svg><\/span><span class=\"kt-title-text\">Trasa<\/span><\/a><\/li><li id=\"tab-zitky\" class=\"kt-title-item kt-title-item-2 kt-tabs-svg-show-always kt-tabs-icon-side-top kt-tab-title-inactive\"><a href=\"#tab-zitky\" data-tab=\"2\" class=\"kt-tab-title kt-tab-title-2 \"><span class=\"kb-svg-icon-wrap kb-svg-icon-fe_alignLeft\"><svg viewBox=\"0 0 24 24\"  fill=\"none\" stroke=\"currentColor\" stroke-width=\"2\" stroke-linecap=\"round\" stroke-linejoin=\"round\" xmlns=\"http:\/\/www.w3.org\/2000\/svg\"  aria-hidden=\"true\"><line x1=\"17\" y1=\"10\" x2=\"3\" y2=\"10\"\/><line x1=\"21\" y1=\"6\" x2=\"3\" y2=\"6\"\/><line x1=\"21\" y1=\"14\" x2=\"3\" y2=\"14\"\/><line x1=\"17\" y1=\"18\" x2=\"3\" y2=\"18\"\/><\/svg><\/span><span class=\"kt-title-text\">Z\u00e1\u017eitky<\/span><\/a><\/li><li id=\"tab-fotky\" class=\"kt-title-item kt-title-item-3 kt-tabs-svg-show-always kt-tabs-icon-side-top kt-tab-title-active\"><a href=\"#tab-fotky\" data-tab=\"3\" class=\"kt-tab-title kt-tab-title-3 \"><span class=\"kb-svg-icon-wrap kb-svg-icon-fe_camera\"><svg viewBox=\"0 0 24 24\"  fill=\"none\" stroke=\"currentColor\" stroke-width=\"2\" stroke-linecap=\"round\" stroke-linejoin=\"round\" xmlns=\"http:\/\/www.w3.org\/2000\/svg\"  aria-hidden=\"true\"><path d=\"M23 19a2 2 0 0 1-2 2H3a2 2 0 0 1-2-2V8a2 2 0 0 1 2-2h4l2-3h6l2 3h4a2 2 0 0 1 2 2z\"\/><circle cx=\"12\" cy=\"13\" r=\"4\"\/><\/svg><\/span><span class=\"kt-title-text\">Fotky<\/span><\/a><\/li><\/ul><div class=\"kt-tabs-content-wrap\">\n<div class=\"wp-block-kadence-tab kt-tab-inner-content kt-inner-tab-1 kt-inner-tab_9206e5-43\"><div class=\"kt-tab-inner-content-inner\">\n<p>Bublava (apartm\u00e1n Bublajda) &#8211; Bublava \u2013 Rolava (d\u016fl Sauersack) \u2013 Horn\u00ed Blatn\u00e1 \u2013 Blatensk\u00fd vrch (1043&nbsp;m n. m.) \u2013 pivovar Ry\u017eovna \u2013 Bo\u017e\u00ed Dar (pivovar \u010cerven\u00fd vlk) \u2013 span\u00ed v&nbsp;p\u0159\u00edst\u0159e\u0161ku na Zlat\u00e9m kopci<\/p>\n\n\n\n<ul class=\"wp-block-list\">\n<li>najeto: 45 km <\/li>\n\n\n\n<li>nejni\u017e\u0161\u00ed a nejvy\u0161\u0161\u00ed bod: 616\u20131043&nbsp;m n. m. <\/li>\n\n\n\n<li>stoup\u00e1n\u00ed: 942&nbsp;m <\/li>\n\n\n\n<li>kles\u00e1n\u00ed: 568&nbsp;m<\/li>\n<\/ul>\n\n\n<div class=\"pgc-sgb-cb wp-block-pgcsimplygalleryblock-slider \" data-gallery-id=\"18a61051\"style=&quot;min-height:400px&quot;><div class=\"sgb-preloader\" id=\"pr_18a61051\">\n\t<div class=\"sgb-square\" style=\"background:#d4d4d4\"><\/div>\n\t<div class=\"sgb-square\" style=\"background:#d4d4d4\"><\/div>\n\t<div class=\"sgb-square\" style=\"background:#d4d4d4\"><\/div>\n\t<div class=\"sgb-square\" style=\"background:#d4d4d4\"><\/div><\/div><div class=\"simply-gallery-amp pgc_sgb_slider \"><noscript><div class=\"sgb-gallery\"><div class=\"sgb-item\"><a href=\"https:\/\/www.cykloromantika.cz\/index.php\/2023\/07\/26\/xxvii-rocnik-3-den-krasnym-pohranicim-v-krusnych-horach\/mapa-2023-0726-01\/\" target=\"_blank\"><img decoding=\"async\" alt=\"\" width=\"300\" height=\"169\" loading=\"lazy\" src=\"https:\/\/www.cykloromantika.cz\/wp-content\/uploads\/2023\/07\/mapa-2023-0726-01-300x169.jpg\" srcset=\"https:\/\/www.cykloromantika.cz\/wp-content\/uploads\/2023\/07\/mapa-2023-0726-01-300x169.jpg 300w,https:\/\/www.cykloromantika.cz\/wp-content\/uploads\/2023\/07\/mapa-2023-0726-01.jpg 1024w\" sizes=\"auto, 250px\"\/><\/a><\/div><div class=\"sgb-item\"><a href=\"https:\/\/www.cykloromantika.cz\/index.php\/2023\/07\/26\/xxvii-rocnik-3-den-krasnym-pohranicim-v-krusnych-horach\/mapa-2023-0726-02\/\" target=\"_blank\"><img decoding=\"async\" alt=\"\" width=\"300\" height=\"169\" loading=\"lazy\" src=\"https:\/\/www.cykloromantika.cz\/wp-content\/uploads\/2023\/07\/mapa-2023-0726-02-300x169.jpg\" srcset=\"https:\/\/www.cykloromantika.cz\/wp-content\/uploads\/2023\/07\/mapa-2023-0726-02-300x169.jpg 300w,https:\/\/www.cykloromantika.cz\/wp-content\/uploads\/2023\/07\/mapa-2023-0726-02.jpg 1024w\" sizes=\"auto, 250px\"\/><\/a><\/div><div class=\"sgb-item\"><a href=\"https:\/\/www.cykloromantika.cz\/index.php\/2023\/07\/26\/xxvii-rocnik-3-den-krasnym-pohranicim-v-krusnych-horach\/mapa-2023-0726-03\/\" target=\"_blank\"><img decoding=\"async\" alt=\"\" width=\"300\" height=\"169\" loading=\"lazy\" src=\"https:\/\/www.cykloromantika.cz\/wp-content\/uploads\/2023\/07\/mapa-2023-0726-03-300x169.jpg\" srcset=\"https:\/\/www.cykloromantika.cz\/wp-content\/uploads\/2023\/07\/mapa-2023-0726-03-300x169.jpg 300w,https:\/\/www.cykloromantika.cz\/wp-content\/uploads\/2023\/07\/mapa-2023-0726-03.jpg 1024w\" sizes=\"auto, 250px\"\/><\/a><\/div><\/div><\/noscript><\/div><script type=\"application\/json\" class=\"sgb-data\">{\"sliderAdminWidth\":0,\"galleryType\":\"pgc_sgb_slider\",\"galleryId\":\"18a61051\",\"images\":[{\"id\":8050,\"title\":\"Mapa 2023 0726 01\",\"url\":\"https:\/\/www.cykloromantika.cz\/wp-content\/uploads\/2023\/07\/mapa-2023-0726-01.jpg\",\"link\":\"https:\/\/www.cykloromantika.cz\/index.php\/2023\/07\/26\/xxvii-rocnik-3-den-krasnym-pohranicim-v-krusnych-horach\/mapa-2023-0726-01\/\",\"alt\":\"\",\"description\":\"\",\"caption\":\"\",\"mime\":\"image\/jpeg\",\"type\":\"image\",\"width\":1024,\"height\":576,\"sizes\":{\"thumbnail\":{\"height\":84,\"width\":150,\"url\":\"https:\/\/www.cykloromantika.cz\/wp-content\/uploads\/2023\/07\/mapa-2023-0726-01-150x84.jpg\",\"orientation\":\"landscape\"},\"medium\":{\"height\":169,\"width\":300,\"url\":\"https:\/\/www.cykloromantika.cz\/wp-content\/uploads\/2023\/07\/mapa-2023-0726-01-300x169.jpg\",\"orientation\":\"landscape\"},\"full\":{\"url\":\"https:\/\/www.cykloromantika.cz\/wp-content\/uploads\/2023\/07\/mapa-2023-0726-01.jpg\",\"height\":576,\"width\":1024,\"orientation\":\"landscape\"}},\"imageMeta\":{\"aperture\":\"0\",\"credit\":\"\",\"camera\":\"\",\"caption\":\"\",\"created_timestamp\":\"0\",\"copyright\":\"\",\"focal_length\":\"0\",\"iso\":\"0\",\"shutter_speed\":\"0\",\"title\":\"\",\"orientation\":\"0\",\"keywords\":[]},\"meta\":false,\"postlink\":\"https:\/\/www.cykloromantika.cz\/index.php\/2023\/07\/26\/xxvii-rocnik-3-den-krasnym-pohranicim-v-krusnych-horach\/mapa-2023-0726-01\/\"},{\"id\":8051,\"title\":\"Mapa 2023 0726 02\",\"url\":\"https:\/\/www.cykloromantika.cz\/wp-content\/uploads\/2023\/07\/mapa-2023-0726-02.jpg\",\"link\":\"https:\/\/www.cykloromantika.cz\/index.php\/2023\/07\/26\/xxvii-rocnik-3-den-krasnym-pohranicim-v-krusnych-horach\/mapa-2023-0726-02\/\",\"alt\":\"\",\"description\":\"\",\"caption\":\"\",\"mime\":\"image\/jpeg\",\"type\":\"image\",\"width\":1024,\"height\":576,\"sizes\":{\"thumbnail\":{\"height\":84,\"width\":150,\"url\":\"https:\/\/www.cykloromantika.cz\/wp-content\/uploads\/2023\/07\/mapa-2023-0726-02-150x84.jpg\",\"orientation\":\"landscape\"},\"medium\":{\"height\":169,\"width\":300,\"url\":\"https:\/\/www.cykloromantika.cz\/wp-content\/uploads\/2023\/07\/mapa-2023-0726-02-300x169.jpg\",\"orientation\":\"landscape\"},\"full\":{\"url\":\"https:\/\/www.cykloromantika.cz\/wp-content\/uploads\/2023\/07\/mapa-2023-0726-02.jpg\",\"height\":576,\"width\":1024,\"orientation\":\"landscape\"}},\"imageMeta\":{\"aperture\":\"0\",\"credit\":\"\",\"camera\":\"\",\"caption\":\"\",\"created_timestamp\":\"0\",\"copyright\":\"\",\"focal_length\":\"0\",\"iso\":\"0\",\"shutter_speed\":\"0\",\"title\":\"\",\"orientation\":\"0\",\"keywords\":[]},\"meta\":false,\"postlink\":\"https:\/\/www.cykloromantika.cz\/index.php\/2023\/07\/26\/xxvii-rocnik-3-den-krasnym-pohranicim-v-krusnych-horach\/mapa-2023-0726-02\/\"},{\"id\":8052,\"title\":\"Mapa 2023 0726 03\",\"url\":\"https:\/\/www.cykloromantika.cz\/wp-content\/uploads\/2023\/07\/mapa-2023-0726-03.jpg\",\"link\":\"https:\/\/www.cykloromantika.cz\/index.php\/2023\/07\/26\/xxvii-rocnik-3-den-krasnym-pohranicim-v-krusnych-horach\/mapa-2023-0726-03\/\",\"alt\":\"\",\"description\":\"\",\"caption\":\"\",\"mime\":\"image\/jpeg\",\"type\":\"image\",\"width\":1024,\"height\":576,\"sizes\":{\"thumbnail\":{\"height\":84,\"width\":150,\"url\":\"https:\/\/www.cykloromantika.cz\/wp-content\/uploads\/2023\/07\/mapa-2023-0726-03-150x84.jpg\",\"orientation\":\"landscape\"},\"medium\":{\"height\":169,\"width\":300,\"url\":\"https:\/\/www.cykloromantika.cz\/wp-content\/uploads\/2023\/07\/mapa-2023-0726-03-300x169.jpg\",\"orientation\":\"landscape\"},\"full\":{\"url\":\"https:\/\/www.cykloromantika.cz\/wp-content\/uploads\/2023\/07\/mapa-2023-0726-03.jpg\",\"height\":576,\"width\":1024,\"orientation\":\"landscape\"}},\"imageMeta\":{\"aperture\":\"0\",\"credit\":\"\",\"camera\":\"\",\"caption\":\"\",\"created_timestamp\":\"0\",\"copyright\":\"\",\"focal_length\":\"0\",\"iso\":\"0\",\"shutter_speed\":\"0\",\"title\":\"\",\"orientation\":\"0\",\"keywords\":[]},\"meta\":false,\"postlink\":\"https:\/\/www.cykloromantika.cz\/index.php\/2023\/07\/26\/xxvii-rocnik-3-den-krasnym-pohranicim-v-krusnych-horach\/mapa-2023-0726-03\/\"}],\"orderBy\":\"title\",\"itemsMetaDataCollection\":[]}<\/script><script>(function(){if(window.PGC_SGB && window.PGC_SGB.searcher){window.PGC_SGB.searcher.initBlocks()}})()<\/script><\/div><\/div><\/div>\n\n\n\n<div class=\"wp-block-kadence-tab kt-tab-inner-content kt-inner-tab-2 kt-inner-tab_1d2584-14\"><div class=\"kt-tab-inner-content-inner\">\n<p>Sn\u00eddan\u011b je na\u0161e klasika \u2013 b\u00edlkoviny v&nbsp;podob\u011b vaj\u00ed\u010dek a slaniny. Pokud je m\u00e1me kde ud\u011blat. Posiln\u011bni vyr\u00e1\u017e\u00edme do Kru\u0161n\u00fdch hor.<\/p>\n\n\n\n<p>Po\u010das\u00ed se trochu vylep\u0161uje, ale \u017e\u00e1dn\u00e1 letn\u00ed hitpar\u00e1da to nen\u00ed. Po\u0159\u00e1d je tak 10\u201315 \u00b0C, na\u0161t\u011bst\u00ed bez de\u0161t\u011b. Zat\u00edm. Vystoup\u00e1me do centra Bublavy (rozum\u011bj autobusov\u00e1 zast\u00e1vka u \u00fa\u0159adu) a hodnot\u00edme ji jako p\u011bknou horskou obec. Sj\u00ed\u017ed\u00edme zase dol\u016f (ne stejnou cestou) a odbo\u010d\u00edme na kr\u00e1snou asfaltku p\u0159\u00edmo do srdce Kru\u0161n\u00fdch hor. Nenech\u00e1me si uj\u00edt odbo\u010dku k&nbsp;ferrat\u00e1m na \u0160i\u0161\u00e1ku. Dopln\u00edme \u017eiviny bor\u016fvkami, kter\u00fdch je tady spousta.<\/p>\n\n\n\n<p>Po vystoup\u00e1n\u00ed na h\u0159eben a vyjet\u00ed z&nbsp;lesa uvid\u00edme n\u00e1dheru. Kr\u00e1sn\u00e9 louky a pastviny v&nbsp;pestr\u00fdch barv\u00e1ch, se zaj\u00edmavou variac\u00ed mrak\u016f nad nimi. V&nbsp;Rolav\u011b \u2013 b\u00fdval\u00e9 zanikl\u00e9 obci \u2013 najdeme jen n\u011bkolik domk\u016f. V&nbsp;jednom z&nbsp;nich s&nbsp;oblibou, jednou, mo\u017en\u00e1 p\u0159espal i slavn\u00fd \u010desk\u00fd velik\u00e1n J\u00e1ra Cimrman. Ale n\u011bkte\u0159\u00ed se t\u011b\u0161\u00ed a n\u011bkte\u0159\u00ed budou p\u0159ekvapeni z&nbsp;Sauersacku \u2013 b\u00fdval\u00e9ho m\u011bd\u011bn\u00e9ho dolu, kter\u00fd si zahr\u00e1l svou roli v&nbsp;seri\u00e1lu Rapl. P\u0159ekvapil n\u00e1s v\u0161echny ponurost\u00ed m\u00edsta s&nbsp;velmi pohnutou minulost\u00ed nacistick\u00e9 okupace. To m\u00edsto m\u00e1 ale genius loci.<\/p>\n\n\n\n<p>Krajina se nem\u011bn\u00ed a \u00fadol\u00edm \u010cern\u00e9 vody doj\u00ed\u017ed\u00edme do dal\u0161\u00ed zanikl\u00e9 obce Jelen\u00ed. B\u00fdval\u00fd kostel tu ji\u017e p\u0159ipom\u00edn\u00e1 jen kapli\u010dka na m\u00edstn\u00edm h\u0159bitov\u011b. Cesta se stoup\u00e1n\u00edm sto\u010d\u00ed sm\u011brem k&nbsp;n\u011bmeck\u00e9 hranici. C\u00edt\u00edme po\u0159\u00e1d takov\u00fd st\u00edsn\u011bn\u00fd pocit, kdy toto \u00fazem\u00ed bylo vys\u00eddleno a byla tady vystav\u011bna \u017eelezn\u00e1 opona.<\/p>\n\n\n\n<p>V Horn\u00ed Blatn\u00e9, prvn\u00edm m\u011bst\u011b po trase, si d\u00e1v\u00e1me v&nbsp;penzionu Bohemia ob\u011bd. V\u00fdborn\u00e9, lidov\u00e9, tak jak to m\u00e1me r\u00e1di! J\u00eddlo n\u00e1m dod\u00e1 s\u00edlu, proto\u017ee tu budeme pot\u0159ebovat. Tras\u00e9r Ramon si p\u0159ipravil dal\u0161\u00ed lah\u016fdku. Z&nbsp;Horn\u00ed Blatn\u00e9 si nejprve vystoup\u00e1me k&nbsp;\u010cern\u00e9mu jez\u00edrku. Prvn\u00ed kapky de\u0161t\u011b a kr\u00e1sn\u00fdch 12&nbsp;\u00b0C n\u00e1m nedodali odvahu &#8222;ud\u011blat si koupa\u010dku&#8220;. Taky zm\u011bna oproti p\u0159edchoz\u00edm ro\u010dn\u00edk\u016fm. Asi st\u00e1rneme!<\/p>\n\n\n\n<p>Ale stoup\u00e1me d\u00e1le po prudk\u00e9 dl\u00e1\u017ed\u011bn\u00e9 p\u011b\u0161in\u011b. Na Vl\u010d\u00ed j\u00e1my. P\u0159ekr\u00e1sn\u00fd ka\u0148on vznikl\u00fd propadem c\u00ednov\u00e9ho dolu. Ale to nen\u00ed v\u0161e. Ledov\u00e1 j\u00e1ma s&nbsp;v\u011b\u010dn\u00fdm sn\u011bhem. Neodol\u00e1me a sestoup\u00edme! Ale nikomu to ne\u0159\u00edkejte!<\/p>\n\n\n\n<p>Na konci prudk\u00e9ho stoup\u00e1n\u00ed na n\u00e1s \u010dek\u00e1 rozhledna na Blatensk\u00e9m vrchu. Jdeme se pod\u00edvat! Na chv\u00edli, proto\u017ee jsme ji stihli t\u011bsn\u011b p\u0159ed zav\u00edra\u010dkou. Po\u010dk\u00e1me na skon\u010den\u00ed mrholen\u00ed a sjedeme zp\u00e1tky na hlavn\u00ed cestu. Pokra\u010dujeme kolem osad Bludn\u00e1 do Ry\u017eovny. Hled\u00e1me Rapl\u016fv domek, ale ten se rekonstruuje a moc z&nbsp;n\u011bj nezbylo. Ale co ji\u017e zrekonstruov\u00e1no je, tak je pivovar. Sympatick\u00e1 v\u00fd\u010depn\u00ed n\u00e1m d\u00e1 ochutnat z&nbsp;produkce a pak si vyb\u00edr\u00e1me plnohodnotnou d\u00e1vku. V\u00fdhledy z&nbsp;prvn\u00edho patra pivovaru na okoln\u00ed louky \u2013 to je pastva pro o\u010di.<\/p>\n\n\n\n<p>Denn\u00ed doba n\u00e1m \u0159\u00edk\u00e1, \u017ee kone\u010dnou dne\u0161n\u00edho dne bude Bo\u017e\u00ed Dar. Doj\u00ed\u017ed\u00edme do n\u011bj kolem ra\u0161elini\u0161t\u011b a krom\u011b obce vid\u00edme i nejvy\u0161\u0161\u00ed bod leto\u0161n\u00edho v\u00fdjezdu \u2013 Kl\u00ednovec. Ale nep\u0159edb\u00edhejme. Vyhled\u00e1me pivovar \u010cerven\u00fd vlk. Krom\u011b piva ochutn\u00e1me i m\u00edstn\u00ed j\u00eddlo. Ve\u010de\u0159e b\u00fdt mus\u00ed! Nejv\u00edce n\u00e1s zaujal kynut\u00fd knedl\u00edk s&nbsp;trhan\u00fdm hov\u011bz\u00edm a sv\u00ed\u010dkovou om\u00e1\u010dkou. I radu na ubytov\u00e1n\u00ed jsme dostali. P\u0159\u00edst\u0159e\u0161ek p\u0159\u00edmo na hranici s&nbsp;N\u011bmeckem. Serv\u00edrka sice byla p\u0159ekvapena, \u017ee chceme sp\u00e1t venku v&nbsp;t\u00e9 kose, ale jej\u00ed kolega byl znalej\u0161\u00ed.<\/p>\n\n\n\n<p>Ujeli jsme z&nbsp;pivovaru jen 300&nbsp;m a u\u017e stoj\u00edme. Sv\u011bt\u00fdlko, kter\u00e9 ty \u017e\u00edzniv\u011bj\u0161\u00ed zaujalo, zna\u010dilo je\u0161t\u011b otev\u0159enou putyku. Na osazenstvu bylo vid\u011bt, \u017ee jsou tam jako doma a ji\u017e t\u0159et\u00ed den tam vegetuj\u00ed. Jednalo se o d\u011bln\u00edky, kte\u0159\u00ed ale kv\u016fli teplot\u00e1m nemohli d\u011blat. Tak se ubytovali v&nbsp;baru Koliba a ne\u017e na pokoji, rad\u011bji sed\u011bli dole v&nbsp;lok\u00e1le. U\u017e si i sami \u010depovali, tak\u017ee obslou\u017eili i n\u00e1s. Ale bohu\u017eel, neobslou\u017eili n\u00e1s noclehem, tak jsme zase vyjeli do &#8222;na\u0161eho&#8220; p\u0159\u00edst\u0159e\u0161ku.<\/p>\n\n\n\n<p>Rychle vybalit, p\u0159evl\u00e9knout se a zabalit do spac\u00e1ku. Teplota 5&nbsp;\u00b0C a r\u00e1no ni\u017e\u0161\u00ed. Odnesli to nejv\u00edce Tom\u00edk a Bob, kter\u00fdm se ud\u011blaly d\u00edry do karimatky a spali v\u00edcem\u00e9n\u011b na zemi. Kdo neza\u017eil, nev\u00ed!<\/p>\n<\/div><\/div>\n\n\n\n<div class=\"wp-block-kadence-tab kt-tab-inner-content kt-inner-tab-3 kt-inner-tab_aa82af-99\"><div class=\"kt-tab-inner-content-inner\"><div class=\"pgc-sgb-cb wp-block-pgcsimplygalleryblock-justified \" data-gallery-id=\"20175289\"><div class=\"sgb-preloader\" id=\"pr_20175289\">\n\t<div class=\"sgb-square\" style=\"background:#d4d4d4\"><\/div>\n\t<div class=\"sgb-square\" style=\"background:#d4d4d4\"><\/div>\n\t<div class=\"sgb-square\" style=\"background:#d4d4d4\"><\/div>\n\t<div class=\"sgb-square\" style=\"background:#d4d4d4\"><\/div><\/div><div class=\"simply-gallery-amp pgc_sgb_slider \"><noscript><div class=\"sgb-gallery\"><div class=\"sgb-item\"><a href=\"https:\/\/www.cykloromantika.cz\/foto-2023-0726-001\/\" target=\"_blank\"><img decoding=\"async\" alt=\"\" width=\"225\" height=\"300\" loading=\"lazy\" src=\"https:\/\/www.cykloromantika.cz\/wp-content\/uploads\/2023\/11\/foto-2023-0726-001-225x300.jpg\" srcset=\"https:\/\/www.cykloromantika.cz\/wp-content\/uploads\/2023\/11\/foto-2023-0726-001-225x300.jpg 225w,https:\/\/www.cykloromantika.cz\/wp-content\/uploads\/2023\/11\/foto-2023-0726-001.jpg 768w\" sizes=\"auto, 250px\"\/><\/a><div class=\"sgb-item-caption\"><em>Rann\u00ed sn\u00eddan\u011b mus\u00ed b\u00fdt bohat\u00e1 na b\u00edlkoviny!<\/em><\/div><\/div><div class=\"sgb-item\"><a href=\"https:\/\/www.cykloromantika.cz\/foto-2023-0726-002\/\" target=\"_blank\"><img decoding=\"async\" alt=\"\" width=\"225\" height=\"300\" loading=\"lazy\" src=\"https:\/\/www.cykloromantika.cz\/wp-content\/uploads\/2023\/11\/foto-2023-0726-002-225x300.jpg\" srcset=\"https:\/\/www.cykloromantika.cz\/wp-content\/uploads\/2023\/11\/foto-2023-0726-002-225x300.jpg 225w,https:\/\/www.cykloromantika.cz\/wp-content\/uploads\/2023\/11\/foto-2023-0726-002.jpg 768w\" sizes=\"auto, 250px\"\/><\/a><div class=\"sgb-item-caption\"><em>A\u0165 se ti to nep\u0159ip\u00e1l\u00ed!<\/em><\/div><\/div><div class=\"sgb-item\"><a href=\"https:\/\/www.cykloromantika.cz\/foto-2023-0726-003\/\" target=\"_blank\"><img decoding=\"async\" alt=\"\" width=\"300\" height=\"225\" loading=\"lazy\" src=\"https:\/\/www.cykloromantika.cz\/wp-content\/uploads\/2023\/11\/foto-2023-0726-003-300x225.jpg\" srcset=\"https:\/\/www.cykloromantika.cz\/wp-content\/uploads\/2023\/11\/foto-2023-0726-003-300x225.jpg 300w,https:\/\/www.cykloromantika.cz\/wp-content\/uploads\/2023\/11\/foto-2023-0726-003.jpg 1024w\" sizes=\"auto, 250px\"\/><\/a><div class=\"sgb-item-caption\"><em>Skromn\u00e1 dom\u00e1cnost<\/em><\/div><\/div><div class=\"sgb-item\"><a href=\"https:\/\/www.cykloromantika.cz\/foto-2023-0726-004\/\" target=\"_blank\"><img decoding=\"async\" alt=\"\" width=\"300\" height=\"225\" loading=\"lazy\" src=\"https:\/\/www.cykloromantika.cz\/wp-content\/uploads\/2023\/11\/foto-2023-0726-004-300x225.jpg\" srcset=\"https:\/\/www.cykloromantika.cz\/wp-content\/uploads\/2023\/11\/foto-2023-0726-004-300x225.jpg 300w,https:\/\/www.cykloromantika.cz\/wp-content\/uploads\/2023\/11\/foto-2023-0726-004.jpg 1024w\" sizes=\"auto, 250px\"\/><\/a><div class=\"sgb-item-caption\"><em>Vyj\u00ed\u017ed\u00edme vst\u0159\u00edc slune\u010dn\u00edmu sv\u011btlu!<\/em><\/div><\/div><div class=\"sgb-item\"><a href=\"https:\/\/www.cykloromantika.cz\/foto-2023-0726-005\/\" target=\"_blank\"><img decoding=\"async\" alt=\"\" width=\"300\" height=\"169\" loading=\"lazy\" src=\"https:\/\/www.cykloromantika.cz\/wp-content\/uploads\/2023\/11\/foto-2023-0726-005-300x169.jpg\" srcset=\"https:\/\/www.cykloromantika.cz\/wp-content\/uploads\/2023\/11\/foto-2023-0726-005-300x169.jpg 300w,https:\/\/www.cykloromantika.cz\/wp-content\/uploads\/2023\/11\/foto-2023-0726-005.jpg 1024w\" sizes=\"auto, 250px\"\/><\/a><div class=\"sgb-item-caption\"><em>St\u0159ed horsk\u00e9 obce Bublava<\/em><\/div><\/div><div class=\"sgb-item\"><a href=\"https:\/\/www.cykloromantika.cz\/foto-2023-0726-008\/\" target=\"_blank\"><img decoding=\"async\" alt=\"\" width=\"200\" height=\"300\" loading=\"lazy\" src=\"https:\/\/www.cykloromantika.cz\/wp-content\/uploads\/2023\/11\/foto-2023-0726-008-200x300.jpg\" srcset=\"https:\/\/www.cykloromantika.cz\/wp-content\/uploads\/2023\/11\/foto-2023-0726-008-200x300.jpg 200w,https:\/\/www.cykloromantika.cz\/wp-content\/uploads\/2023\/11\/foto-2023-0726-008.jpg 683w\" sizes=\"auto, 250px\"\/><\/a><div class=\"sgb-item-caption\"><em>Skaln\u00ed m\u011bsto na \u0160i\u0161\u00e1ku \u2013 ferrata Bedu\u00edn<\/em><\/div><\/div><div class=\"sgb-item\"><a href=\"https:\/\/www.cykloromantika.cz\/foto-2023-0726-009\/\" target=\"_blank\"><img decoding=\"async\" alt=\"\" width=\"169\" height=\"300\" loading=\"lazy\" src=\"https:\/\/www.cykloromantika.cz\/wp-content\/uploads\/2023\/11\/foto-2023-0726-009-169x300.jpg\" srcset=\"https:\/\/www.cykloromantika.cz\/wp-content\/uploads\/2023\/11\/foto-2023-0726-009-169x300.jpg 169w,https:\/\/www.cykloromantika.cz\/wp-content\/uploads\/2023\/11\/foto-2023-0726-009.jpg 576w\" sizes=\"auto, 250px\"\/><\/a><div class=\"sgb-item-caption\"><em>Ferrata Bedu\u00edn s bedu\u00ednem<\/em><\/div><\/div><div class=\"sgb-item\"><a href=\"https:\/\/www.cykloromantika.cz\/foto-2023-0726-012\/\" target=\"_blank\"><img decoding=\"async\" alt=\"\" width=\"225\" height=\"300\" loading=\"lazy\" src=\"https:\/\/www.cykloromantika.cz\/wp-content\/uploads\/2023\/11\/foto-2023-0726-012-225x300.jpg\" srcset=\"https:\/\/www.cykloromantika.cz\/wp-content\/uploads\/2023\/11\/foto-2023-0726-012-225x300.jpg 225w,https:\/\/www.cykloromantika.cz\/wp-content\/uploads\/2023\/11\/foto-2023-0726-012.jpg 768w\" sizes=\"auto, 250px\"\/><\/a><div class=\"sgb-item-caption\"><em>Skaln\u00ed m\u011bsto na \u0160i\u0161\u00e1ku \u2013 Bedu\u00edn<\/em><\/div><\/div><div class=\"sgb-item\"><a href=\"https:\/\/www.cykloromantika.cz\/foto-2023-0726-013\/\" target=\"_blank\"><img decoding=\"async\" alt=\"\" width=\"300\" height=\"225\" loading=\"lazy\" src=\"https:\/\/www.cykloromantika.cz\/wp-content\/uploads\/2023\/11\/foto-2023-0726-013-300x225.jpg\" srcset=\"https:\/\/www.cykloromantika.cz\/wp-content\/uploads\/2023\/11\/foto-2023-0726-013-300x225.jpg 300w,https:\/\/www.cykloromantika.cz\/wp-content\/uploads\/2023\/11\/foto-2023-0726-013.jpg 1024w\" sizes=\"auto, 250px\"\/><\/a><div class=\"sgb-item-caption\"><em>Bor\u016fvko\u017erouti!<\/em><\/div><\/div><div class=\"sgb-item\"><a href=\"https:\/\/www.cykloromantika.cz\/foto-2023-0726-014\/\" target=\"_blank\"><img decoding=\"async\" alt=\"\" width=\"300\" height=\"200\" loading=\"lazy\" src=\"https:\/\/www.cykloromantika.cz\/wp-content\/uploads\/2023\/11\/foto-2023-0726-014-300x200.jpg\" srcset=\"https:\/\/www.cykloromantika.cz\/wp-content\/uploads\/2023\/11\/foto-2023-0726-014-300x200.jpg 300w,https:\/\/www.cykloromantika.cz\/wp-content\/uploads\/2023\/11\/foto-2023-0726-014.jpg 1024w\" sizes=\"auto, 250px\"\/><\/a><div class=\"sgb-item-caption\"><em>Taky bor\u016fvko\u017erout<\/em><\/div><\/div><div class=\"sgb-item\"><a href=\"https:\/\/www.cykloromantika.cz\/foto-2023-0726-015\/\" target=\"_blank\"><img decoding=\"async\" alt=\"\" width=\"300\" height=\"225\" loading=\"lazy\" src=\"https:\/\/www.cykloromantika.cz\/wp-content\/uploads\/2023\/11\/foto-2023-0726-015-300x225.jpg\" srcset=\"https:\/\/www.cykloromantika.cz\/wp-content\/uploads\/2023\/11\/foto-2023-0726-015-300x225.jpg 300w,https:\/\/www.cykloromantika.cz\/wp-content\/uploads\/2023\/11\/foto-2023-0726-015.jpg 1024w\" sizes=\"auto, 250px\"\/><\/a><div class=\"sgb-item-caption\"><em>P\u0159ij\u00ed\u017ed\u00edme do Rolavy.<\/em><\/div><\/div><div class=\"sgb-item\"><a href=\"https:\/\/www.cykloromantika.cz\/foto-2023-0726-017\/\" target=\"_blank\"><img decoding=\"async\" alt=\"\" width=\"300\" height=\"200\" loading=\"lazy\" src=\"https:\/\/www.cykloromantika.cz\/wp-content\/uploads\/2023\/11\/foto-2023-0726-017-300x200.jpg\" srcset=\"https:\/\/www.cykloromantika.cz\/wp-content\/uploads\/2023\/11\/foto-2023-0726-017-300x200.jpg 300w,https:\/\/www.cykloromantika.cz\/wp-content\/uploads\/2023\/11\/foto-2023-0726-017.jpg 1024w\" sizes=\"auto, 250px\"\/><\/a><div class=\"sgb-item-caption\"><em>B\u00fdval\u00e1 obec Rolava<\/em><\/div><\/div><div class=\"sgb-item\"><a href=\"https:\/\/www.cykloromantika.cz\/foto-2023-0726-019\/\" target=\"_blank\"><img decoding=\"async\" alt=\"\" width=\"300\" height=\"225\" loading=\"lazy\" src=\"https:\/\/www.cykloromantika.cz\/wp-content\/uploads\/2023\/11\/foto-2023-0726-019-300x225.jpg\" srcset=\"https:\/\/www.cykloromantika.cz\/wp-content\/uploads\/2023\/11\/foto-2023-0726-019-300x225.jpg 300w,https:\/\/www.cykloromantika.cz\/wp-content\/uploads\/2023\/11\/foto-2023-0726-019.jpg 1024w\" sizes=\"auto, 250px\"\/><\/a><div class=\"sgb-item-caption\"><em>V tomto staven\u00ed slavn\u00fd \u010desk\u00fd velik\u00e1n J\u00e1ra Cimrman s oblibou, jednou, mo\u017en\u00e1 p\u0159espal...<\/em><\/div><\/div><div class=\"sgb-item\"><a href=\"https:\/\/www.cykloromantika.cz\/foto-2023-0726-021\/\" target=\"_blank\"><img decoding=\"async\" alt=\"\" width=\"300\" height=\"200\" loading=\"lazy\" src=\"https:\/\/www.cykloromantika.cz\/wp-content\/uploads\/2023\/11\/foto-2023-0726-021-300x200.jpg\" srcset=\"https:\/\/www.cykloromantika.cz\/wp-content\/uploads\/2023\/11\/foto-2023-0726-021-300x200.jpg 300w,https:\/\/www.cykloromantika.cz\/wp-content\/uploads\/2023\/11\/foto-2023-0726-021.jpg 1024w\" sizes=\"auto, 250px\"\/><\/a><div class=\"sgb-item-caption\"><em>Zbytky staven\u00ed po odsunut\u00fdch obyvatel\u00edch Rolavy<\/em><\/div><\/div><div class=\"sgb-item\"><a href=\"https:\/\/www.cykloromantika.cz\/foto-2023-0726-022\/\" target=\"_blank\"><img decoding=\"async\" alt=\"\" width=\"300\" height=\"200\" loading=\"lazy\" src=\"https:\/\/www.cykloromantika.cz\/wp-content\/uploads\/2023\/11\/foto-2023-0726-022-300x200.jpg\" srcset=\"https:\/\/www.cykloromantika.cz\/wp-content\/uploads\/2023\/11\/foto-2023-0726-022-300x200.jpg 300w,https:\/\/www.cykloromantika.cz\/wp-content\/uploads\/2023\/11\/foto-2023-0726-022.jpg 1024w\" sizes=\"auto, 250px\"\/><\/a><div class=\"sgb-item-caption\"><em>B\u00fdval\u00e1 obec Rolava<\/em><\/div><\/div><div class=\"sgb-item\"><a href=\"https:\/\/www.cykloromantika.cz\/foto-2023-0726-026\/\" target=\"_blank\"><img decoding=\"async\" alt=\"\" width=\"225\" height=\"300\" loading=\"lazy\" src=\"https:\/\/www.cykloromantika.cz\/wp-content\/uploads\/2023\/11\/foto-2023-0726-026-225x300.jpg\" srcset=\"https:\/\/www.cykloromantika.cz\/wp-content\/uploads\/2023\/11\/foto-2023-0726-026-225x300.jpg 225w,https:\/\/www.cykloromantika.cz\/wp-content\/uploads\/2023\/11\/foto-2023-0726-026.jpg 768w\" sizes=\"auto, 250px\"\/><\/a><div class=\"sgb-item-caption\"><em>Sauersack \u2013 b\u00fdval\u00fd d\u016fl Rolava<\/em><\/div><\/div><div class=\"sgb-item\"><a href=\"https:\/\/www.cykloromantika.cz\/foto-2023-0726-031\/\" target=\"_blank\"><img decoding=\"async\" alt=\"\" width=\"300\" height=\"169\" loading=\"lazy\" src=\"https:\/\/www.cykloromantika.cz\/wp-content\/uploads\/2023\/11\/foto-2023-0726-031-300x169.jpg\" srcset=\"https:\/\/www.cykloromantika.cz\/wp-content\/uploads\/2023\/11\/foto-2023-0726-031-300x169.jpg 300w,https:\/\/www.cykloromantika.cz\/wp-content\/uploads\/2023\/11\/foto-2023-0726-031.jpg 1024w\" sizes=\"auto, 250px\"\/><\/a><div class=\"sgb-item-caption\"><em>Sauersack \u2013 b\u00fdval\u00fd d\u016fl Rolava<\/em><\/div><\/div><div class=\"sgb-item\"><a href=\"https:\/\/www.cykloromantika.cz\/foto-2023-0726-033\/\" target=\"_blank\"><img decoding=\"async\" alt=\"\" width=\"225\" height=\"300\" loading=\"lazy\" src=\"https:\/\/www.cykloromantika.cz\/wp-content\/uploads\/2023\/11\/foto-2023-0726-033-225x300.jpg\" srcset=\"https:\/\/www.cykloromantika.cz\/wp-content\/uploads\/2023\/11\/foto-2023-0726-033-225x300.jpg 225w,https:\/\/www.cykloromantika.cz\/wp-content\/uploads\/2023\/11\/foto-2023-0726-033.jpg 768w\" sizes=\"auto, 250px\"\/><\/a><div class=\"sgb-item-caption\"><em>Dva z komanda<\/em><\/div><\/div><div class=\"sgb-item\"><a href=\"https:\/\/www.cykloromantika.cz\/foto-2023-0726-035\/\" target=\"_blank\"><img decoding=\"async\" alt=\"\" width=\"225\" height=\"300\" loading=\"lazy\" src=\"https:\/\/www.cykloromantika.cz\/wp-content\/uploads\/2023\/11\/foto-2023-0726-035-225x300.jpg\" srcset=\"https:\/\/www.cykloromantika.cz\/wp-content\/uploads\/2023\/11\/foto-2023-0726-035-225x300.jpg 225w,https:\/\/www.cykloromantika.cz\/wp-content\/uploads\/2023\/11\/foto-2023-0726-035.jpg 768w\" sizes=\"auto, 250px\"\/><\/a><div class=\"sgb-item-caption\"><em>Du\u0161\u00edk nev\u00e1\u017e\u00ed nic!<\/em><\/div><\/div><div class=\"sgb-item\"><a href=\"https:\/\/www.cykloromantika.cz\/foto-2023-0726-037\/\" target=\"_blank\"><img decoding=\"async\" alt=\"\" width=\"300\" height=\"225\" loading=\"lazy\" src=\"https:\/\/www.cykloromantika.cz\/wp-content\/uploads\/2023\/11\/foto-2023-0726-037-300x225.jpg\" srcset=\"https:\/\/www.cykloromantika.cz\/wp-content\/uploads\/2023\/11\/foto-2023-0726-037-300x225.jpg 300w,https:\/\/www.cykloromantika.cz\/wp-content\/uploads\/2023\/11\/foto-2023-0726-037.jpg 1024w\" sizes=\"auto, 250px\"\/><\/a><div class=\"sgb-item-caption\"><em>Sauersack \u2013 b\u00fdval\u00fd d\u016fl Rolava<\/em><\/div><\/div><div class=\"sgb-item\"><a href=\"https:\/\/www.cykloromantika.cz\/foto-2023-0726-040\/\" target=\"_blank\"><img decoding=\"async\" alt=\"\" width=\"300\" height=\"200\" loading=\"lazy\" src=\"https:\/\/www.cykloromantika.cz\/wp-content\/uploads\/2023\/11\/foto-2023-0726-040-300x200.jpg\" srcset=\"https:\/\/www.cykloromantika.cz\/wp-content\/uploads\/2023\/11\/foto-2023-0726-040-300x200.jpg 300w,https:\/\/www.cykloromantika.cz\/wp-content\/uploads\/2023\/11\/foto-2023-0726-040.jpg 1024w\" sizes=\"auto, 250px\"\/><\/a><div class=\"sgb-item-caption\"><em>Sauersack \u2013 b\u00fdval\u00fd d\u016fl Rolava<\/em><\/div><\/div><div class=\"sgb-item\"><a href=\"https:\/\/www.cykloromantika.cz\/foto-2023-0726-042\/\" target=\"_blank\"><img decoding=\"async\" alt=\"\" width=\"300\" height=\"225\" loading=\"lazy\" src=\"https:\/\/www.cykloromantika.cz\/wp-content\/uploads\/2023\/11\/foto-2023-0726-042-300x225.jpg\" srcset=\"https:\/\/www.cykloromantika.cz\/wp-content\/uploads\/2023\/11\/foto-2023-0726-042-300x225.jpg 300w,https:\/\/www.cykloromantika.cz\/wp-content\/uploads\/2023\/11\/foto-2023-0726-042.jpg 1024w\" sizes=\"auto, 250px\"\/><\/a><div class=\"sgb-item-caption\"><em>Sauersack \u2013 b\u00fdval\u00fd d\u016fl Rolava<\/em><\/div><\/div><div class=\"sgb-item\"><a href=\"https:\/\/www.cykloromantika.cz\/foto-2023-0726-044\/\" target=\"_blank\"><img decoding=\"async\" alt=\"\" width=\"225\" height=\"300\" loading=\"lazy\" src=\"https:\/\/www.cykloromantika.cz\/wp-content\/uploads\/2023\/11\/foto-2023-0726-044-225x300.jpg\" srcset=\"https:\/\/www.cykloromantika.cz\/wp-content\/uploads\/2023\/11\/foto-2023-0726-044-225x300.jpg 225w,https:\/\/www.cykloromantika.cz\/wp-content\/uploads\/2023\/11\/foto-2023-0726-044.jpg 768w\" sizes=\"auto, 250px\"\/><\/a><div class=\"sgb-item-caption\"><em>Sauersack \u2013 b\u00fdval\u00fd d\u016fl Rolava<\/em><\/div><\/div><div class=\"sgb-item\"><a href=\"https:\/\/www.cykloromantika.cz\/foto-2023-0726-047\/\" target=\"_blank\"><img decoding=\"async\" alt=\"\" width=\"200\" height=\"300\" loading=\"lazy\" src=\"https:\/\/www.cykloromantika.cz\/wp-content\/uploads\/2023\/11\/foto-2023-0726-047-200x300.jpg\" srcset=\"https:\/\/www.cykloromantika.cz\/wp-content\/uploads\/2023\/11\/foto-2023-0726-047-200x300.jpg 200w,https:\/\/www.cykloromantika.cz\/wp-content\/uploads\/2023\/11\/foto-2023-0726-047.jpg 683w\" sizes=\"auto, 250px\"\/><\/a><div class=\"sgb-item-caption\"><em>Sauersack \u2013 b\u00fdval\u00fd d\u016fl Rolava<\/em><\/div><\/div><div class=\"sgb-item\"><a href=\"https:\/\/www.cykloromantika.cz\/foto-2023-0726-049\/\" target=\"_blank\"><img decoding=\"async\" alt=\"\" width=\"200\" height=\"300\" loading=\"lazy\" src=\"https:\/\/www.cykloromantika.cz\/wp-content\/uploads\/2023\/11\/foto-2023-0726-049-200x300.jpg\" srcset=\"https:\/\/www.cykloromantika.cz\/wp-content\/uploads\/2023\/11\/foto-2023-0726-049-200x300.jpg 200w,https:\/\/www.cykloromantika.cz\/wp-content\/uploads\/2023\/11\/foto-2023-0726-049.jpg 683w\" sizes=\"auto, 250px\"\/><\/a><div class=\"sgb-item-caption\"><em>And\u011bl str\u00e1\u017en\u00fd?<\/em><\/div><\/div><div class=\"sgb-item\"><a href=\"https:\/\/www.cykloromantika.cz\/foto-2023-0726-052\/\" target=\"_blank\"><img decoding=\"async\" alt=\"\" width=\"225\" height=\"300\" loading=\"lazy\" src=\"https:\/\/www.cykloromantika.cz\/wp-content\/uploads\/2023\/11\/foto-2023-0726-052-225x300.jpg\" srcset=\"https:\/\/www.cykloromantika.cz\/wp-content\/uploads\/2023\/11\/foto-2023-0726-052-225x300.jpg 225w,https:\/\/www.cykloromantika.cz\/wp-content\/uploads\/2023\/11\/foto-2023-0726-052.jpg 768w\" sizes=\"auto, 250px\"\/><\/a><div class=\"sgb-item-caption\"><em>Ofic\u00edr?<\/em><\/div><\/div><div class=\"sgb-item\"><a href=\"https:\/\/www.cykloromantika.cz\/foto-2023-0726-053\/\" target=\"_blank\"><img decoding=\"async\" alt=\"\" width=\"169\" height=\"300\" loading=\"lazy\" src=\"https:\/\/www.cykloromantika.cz\/wp-content\/uploads\/2023\/11\/foto-2023-0726-053-169x300.jpg\" srcset=\"https:\/\/www.cykloromantika.cz\/wp-content\/uploads\/2023\/11\/foto-2023-0726-053-169x300.jpg 169w,https:\/\/www.cykloromantika.cz\/wp-content\/uploads\/2023\/11\/foto-2023-0726-053.jpg 576w\" sizes=\"auto, 250px\"\/><\/a><div class=\"sgb-item-caption\"><em>Sauersack \u2013 b\u00fdval\u00fd d\u016fl Rolava<\/em><\/div><\/div><div class=\"sgb-item\"><a href=\"https:\/\/www.cykloromantika.cz\/foto-2023-0726-054\/\" target=\"_blank\"><img decoding=\"async\" alt=\"\" width=\"300\" height=\"169\" loading=\"lazy\" src=\"https:\/\/www.cykloromantika.cz\/wp-content\/uploads\/2023\/11\/foto-2023-0726-054-300x169.jpg\" srcset=\"https:\/\/www.cykloromantika.cz\/wp-content\/uploads\/2023\/11\/foto-2023-0726-054-300x169.jpg 300w,https:\/\/www.cykloromantika.cz\/wp-content\/uploads\/2023\/11\/foto-2023-0726-054.jpg 1024w\" sizes=\"auto, 250px\"\/><\/a><div class=\"sgb-item-caption\"><em>\u00dadol\u00ed \u010cern\u00e9 vody<\/em><\/div><\/div><div class=\"sgb-item\"><a href=\"https:\/\/www.cykloromantika.cz\/foto-2023-0726-055\/\" target=\"_blank\"><img decoding=\"async\" alt=\"\" width=\"300\" height=\"169\" loading=\"lazy\" src=\"https:\/\/www.cykloromantika.cz\/wp-content\/uploads\/2023\/11\/foto-2023-0726-055-300x169.jpg\" srcset=\"https:\/\/www.cykloromantika.cz\/wp-content\/uploads\/2023\/11\/foto-2023-0726-055-300x169.jpg 300w,https:\/\/www.cykloromantika.cz\/wp-content\/uploads\/2023\/11\/foto-2023-0726-055.jpg 1024w\" sizes=\"auto, 250px\"\/><\/a><div class=\"sgb-item-caption\"><em>\u00dadol\u00ed \u010cern\u00e9 vody<\/em><\/div><\/div><div class=\"sgb-item\"><a href=\"https:\/\/www.cykloromantika.cz\/foto-2023-0726-056\/\" target=\"_blank\"><img decoding=\"async\" alt=\"\" width=\"300\" height=\"169\" loading=\"lazy\" src=\"https:\/\/www.cykloromantika.cz\/wp-content\/uploads\/2023\/11\/foto-2023-0726-056-300x169.jpg\" srcset=\"https:\/\/www.cykloromantika.cz\/wp-content\/uploads\/2023\/11\/foto-2023-0726-056-300x169.jpg 300w,https:\/\/www.cykloromantika.cz\/wp-content\/uploads\/2023\/11\/foto-2023-0726-056.jpg 1024w\" sizes=\"auto, 250px\"\/><\/a><div class=\"sgb-item-caption\"><em>\u00dadol\u00ed \u010cern\u00e9 vody<\/em><\/div><\/div><div class=\"sgb-item\"><a href=\"https:\/\/www.cykloromantika.cz\/foto-2023-0726-057\/\" target=\"_blank\"><img decoding=\"async\" alt=\"\" width=\"300\" height=\"200\" loading=\"lazy\" src=\"https:\/\/www.cykloromantika.cz\/wp-content\/uploads\/2023\/11\/foto-2023-0726-057-300x200.jpg\" srcset=\"https:\/\/www.cykloromantika.cz\/wp-content\/uploads\/2023\/11\/foto-2023-0726-057-300x200.jpg 300w,https:\/\/www.cykloromantika.cz\/wp-content\/uploads\/2023\/11\/foto-2023-0726-057.jpg 1024w\" sizes=\"auto, 250px\"\/><\/a><div class=\"sgb-item-caption\"><em>Osada Jelen\u00ed<\/em><\/div><\/div><div class=\"sgb-item\"><a href=\"https:\/\/www.cykloromantika.cz\/foto-2023-0726-058\/\" target=\"_blank\"><img decoding=\"async\" alt=\"\" width=\"300\" height=\"169\" loading=\"lazy\" src=\"https:\/\/www.cykloromantika.cz\/wp-content\/uploads\/2023\/11\/foto-2023-0726-058-300x169.jpg\" srcset=\"https:\/\/www.cykloromantika.cz\/wp-content\/uploads\/2023\/11\/foto-2023-0726-058-300x169.jpg 300w,https:\/\/www.cykloromantika.cz\/wp-content\/uploads\/2023\/11\/foto-2023-0726-058.jpg 1024w\" sizes=\"auto, 250px\"\/><\/a><div class=\"sgb-item-caption\"><em>Pam\u00e1tn\u00edk b\u00fdval\u00e9ho kostela Jelen\u00ed<\/em><\/div><\/div><div class=\"sgb-item\"><a href=\"https:\/\/www.cykloromantika.cz\/foto-2023-0726-059\/\" target=\"_blank\"><img decoding=\"async\" alt=\"\" width=\"300\" height=\"200\" loading=\"lazy\" src=\"https:\/\/www.cykloromantika.cz\/wp-content\/uploads\/2023\/11\/foto-2023-0726-059-300x200.jpg\" srcset=\"https:\/\/www.cykloromantika.cz\/wp-content\/uploads\/2023\/11\/foto-2023-0726-059-300x200.jpg 300w,https:\/\/www.cykloromantika.cz\/wp-content\/uploads\/2023\/11\/foto-2023-0726-059.jpg 1024w\" sizes=\"auto, 250px\"\/><\/a><div class=\"sgb-item-caption\"><em>Pam\u00e1tn\u00edk b\u00fdval\u00e9ho kostela Jelen\u00ed<\/em><\/div><\/div><div class=\"sgb-item\"><a href=\"https:\/\/www.cykloromantika.cz\/foto-2023-0726-063\/\" target=\"_blank\"><img decoding=\"async\" alt=\"\" width=\"300\" height=\"113\" loading=\"lazy\" src=\"https:\/\/www.cykloromantika.cz\/wp-content\/uploads\/2023\/11\/foto-2023-0726-063-300x113.jpg\" srcset=\"https:\/\/www.cykloromantika.cz\/wp-content\/uploads\/2023\/11\/foto-2023-0726-063-300x113.jpg 300w,https:\/\/www.cykloromantika.cz\/wp-content\/uploads\/2023\/11\/foto-2023-0726-063.jpg 1024w\" sizes=\"auto, 250px\"\/><\/a><div class=\"sgb-item-caption\"><em>Jelen\u00ed nebo jeleni?<\/em><\/div><\/div><div class=\"sgb-item\"><a href=\"https:\/\/www.cykloromantika.cz\/foto-2023-0726-067\/\" target=\"_blank\"><img decoding=\"async\" alt=\"\" width=\"225\" height=\"300\" loading=\"lazy\" src=\"https:\/\/www.cykloromantika.cz\/wp-content\/uploads\/2023\/11\/foto-2023-0726-067-225x300.jpg\" srcset=\"https:\/\/www.cykloromantika.cz\/wp-content\/uploads\/2023\/11\/foto-2023-0726-067-225x300.jpg 225w,https:\/\/www.cykloromantika.cz\/wp-content\/uploads\/2023\/11\/foto-2023-0726-067.jpg 768w\" sizes=\"auto, 250px\"\/><\/a><div class=\"sgb-item-caption\"><em>Od Korc\u016f k Horn\u00ed Blatn\u00e9<\/em><\/div><\/div><div class=\"sgb-item\"><a href=\"https:\/\/www.cykloromantika.cz\/foto-2023-0726-068\/\" target=\"_blank\"><img decoding=\"async\" alt=\"\" width=\"225\" height=\"300\" loading=\"lazy\" src=\"https:\/\/www.cykloromantika.cz\/wp-content\/uploads\/2023\/11\/foto-2023-0726-068-225x300.jpg\" srcset=\"https:\/\/www.cykloromantika.cz\/wp-content\/uploads\/2023\/11\/foto-2023-0726-068-225x300.jpg 225w,https:\/\/www.cykloromantika.cz\/wp-content\/uploads\/2023\/11\/foto-2023-0726-068.jpg 768w\" sizes=\"auto, 250px\"\/><\/a><div class=\"sgb-item-caption\"><em>Horn\u00ed Blatn\u00e1 \u2013 slun\u00ed\u010dko a ob\u011bd<\/em><\/div><\/div><div class=\"sgb-item\"><a href=\"https:\/\/www.cykloromantika.cz\/foto-2023-0726-069\/\" target=\"_blank\"><img decoding=\"async\" alt=\"\" width=\"300\" height=\"200\" loading=\"lazy\" src=\"https:\/\/www.cykloromantika.cz\/wp-content\/uploads\/2023\/11\/foto-2023-0726-069-300x200.jpg\" srcset=\"https:\/\/www.cykloromantika.cz\/wp-content\/uploads\/2023\/11\/foto-2023-0726-069-300x200.jpg 300w,https:\/\/www.cykloromantika.cz\/wp-content\/uploads\/2023\/11\/foto-2023-0726-069.jpg 1024w\" sizes=\"auto, 250px\"\/><\/a><div class=\"sgb-item-caption\"><em>Kaple sv. Anny v Horn\u00ed Blatn\u00e9<\/em><\/div><\/div><div class=\"sgb-item\"><a href=\"https:\/\/www.cykloromantika.cz\/foto-2023-0726-071\/\" target=\"_blank\"><img decoding=\"async\" alt=\"\" width=\"300\" height=\"200\" loading=\"lazy\" src=\"https:\/\/www.cykloromantika.cz\/wp-content\/uploads\/2023\/11\/foto-2023-0726-071-300x200.jpg\" srcset=\"https:\/\/www.cykloromantika.cz\/wp-content\/uploads\/2023\/11\/foto-2023-0726-071-300x200.jpg 300w,https:\/\/www.cykloromantika.cz\/wp-content\/uploads\/2023\/11\/foto-2023-0726-071.jpg 1024w\" sizes=\"auto, 250px\"\/><\/a><div class=\"sgb-item-caption\"><em>Tom\u00edkovo doprovodn\u00e9 vozidlo<\/em><\/div><\/div><div class=\"sgb-item\"><a href=\"https:\/\/www.cykloromantika.cz\/foto-2023-0726-072\/\" target=\"_blank\"><img decoding=\"async\" alt=\"\" width=\"225\" height=\"300\" loading=\"lazy\" src=\"https:\/\/www.cykloromantika.cz\/wp-content\/uploads\/2023\/11\/foto-2023-0726-072-225x300.jpg\" srcset=\"https:\/\/www.cykloromantika.cz\/wp-content\/uploads\/2023\/11\/foto-2023-0726-072-225x300.jpg 225w,https:\/\/www.cykloromantika.cz\/wp-content\/uploads\/2023\/11\/foto-2023-0726-072.jpg 768w\" sizes=\"auto, 250px\"\/><\/a><div class=\"sgb-item-caption\"><em>\u00dazk\u00e1 uli\u010dka v Horn\u00ed Blatn\u00e9<\/em><\/div><\/div><div class=\"sgb-item\"><a href=\"https:\/\/www.cykloromantika.cz\/foto-2023-0726-073\/\" target=\"_blank\"><img decoding=\"async\" alt=\"\" width=\"300\" height=\"200\" loading=\"lazy\" src=\"https:\/\/www.cykloromantika.cz\/wp-content\/uploads\/2023\/11\/foto-2023-0726-073-300x200.jpg\" srcset=\"https:\/\/www.cykloromantika.cz\/wp-content\/uploads\/2023\/11\/foto-2023-0726-073-300x200.jpg 300w,https:\/\/www.cykloromantika.cz\/wp-content\/uploads\/2023\/11\/foto-2023-0726-073.jpg 1024w\" sizes=\"auto, 250px\"\/><\/a><div class=\"sgb-item-caption\"><em>\u010cern\u00e9 jez\u00edrko \u2013 koup\u00e1n\u00ed br\u00e1n\u00ed d\u00e9\u0161\u0165 a zima<\/em><\/div><\/div><div class=\"sgb-item\"><a href=\"https:\/\/www.cykloromantika.cz\/foto-2023-0726-074\/\" target=\"_blank\"><img decoding=\"async\" alt=\"\" width=\"300\" height=\"225\" loading=\"lazy\" src=\"https:\/\/www.cykloromantika.cz\/wp-content\/uploads\/2023\/11\/foto-2023-0726-074-300x225.jpg\" srcset=\"https:\/\/www.cykloromantika.cz\/wp-content\/uploads\/2023\/11\/foto-2023-0726-074-300x225.jpg 300w,https:\/\/www.cykloromantika.cz\/wp-content\/uploads\/2023\/11\/foto-2023-0726-074.jpg 1024w\" sizes=\"auto, 250px\"\/><\/a><div class=\"sgb-item-caption\"><em>Tak\u017ee dojde na krmen\u00ed kachen!<\/em><\/div><\/div><div class=\"sgb-item\"><a href=\"https:\/\/www.cykloromantika.cz\/foto-2023-0726-075\/\" target=\"_blank\"><img decoding=\"async\" alt=\"\" width=\"300\" height=\"225\" loading=\"lazy\" src=\"https:\/\/www.cykloromantika.cz\/wp-content\/uploads\/2023\/11\/foto-2023-0726-075-300x225.jpg\" srcset=\"https:\/\/www.cykloromantika.cz\/wp-content\/uploads\/2023\/11\/foto-2023-0726-075-300x225.jpg 300w,https:\/\/www.cykloromantika.cz\/wp-content\/uploads\/2023\/11\/foto-2023-0726-075.jpg 1024w\" sizes=\"auto, 250px\"\/><\/a><div class=\"sgb-item-caption\"><em>Vyhl\u00eddkov\u00e9 m\u00edsto Vl\u010d\u00ed j\u00e1my<\/em><\/div><\/div><div class=\"sgb-item\"><a href=\"https:\/\/www.cykloromantika.cz\/foto-2023-0726-076\/\" target=\"_blank\"><img decoding=\"async\" alt=\"\" width=\"300\" height=\"225\" loading=\"lazy\" src=\"https:\/\/www.cykloromantika.cz\/wp-content\/uploads\/2023\/11\/foto-2023-0726-076-300x225.jpg\" srcset=\"https:\/\/www.cykloromantika.cz\/wp-content\/uploads\/2023\/11\/foto-2023-0726-076-300x225.jpg 300w,https:\/\/www.cykloromantika.cz\/wp-content\/uploads\/2023\/11\/foto-2023-0726-076.jpg 1024w\" sizes=\"auto, 250px\"\/><\/a><div class=\"sgb-item-caption\"><em>P\u0159\u00edrodn\u00ed pam\u00e1tka Vl\u010d\u00ed j\u00e1my<\/em><\/div><\/div><div class=\"sgb-item\"><a href=\"https:\/\/www.cykloromantika.cz\/foto-2023-0726-079\/\" target=\"_blank\"><img decoding=\"async\" alt=\"\" width=\"169\" height=\"300\" loading=\"lazy\" src=\"https:\/\/www.cykloromantika.cz\/wp-content\/uploads\/2023\/11\/foto-2023-0726-079-169x300.jpg\" srcset=\"https:\/\/www.cykloromantika.cz\/wp-content\/uploads\/2023\/11\/foto-2023-0726-079-169x300.jpg 169w,https:\/\/www.cykloromantika.cz\/wp-content\/uploads\/2023\/11\/foto-2023-0726-079.jpg 576w\" sizes=\"auto, 250px\"\/><\/a><div class=\"sgb-item-caption\"><em>Jeskynn\u00ed led v Ledov\u00e9 j\u00e1m\u011b<\/em><\/div><\/div><div class=\"sgb-item\"><a href=\"https:\/\/www.cykloromantika.cz\/foto-2023-0726-084\/\" target=\"_blank\"><img decoding=\"async\" alt=\"\" width=\"225\" height=\"300\" loading=\"lazy\" src=\"https:\/\/www.cykloromantika.cz\/wp-content\/uploads\/2023\/11\/foto-2023-0726-084-225x300.jpg\" srcset=\"https:\/\/www.cykloromantika.cz\/wp-content\/uploads\/2023\/11\/foto-2023-0726-084-225x300.jpg 225w,https:\/\/www.cykloromantika.cz\/wp-content\/uploads\/2023\/11\/foto-2023-0726-084.jpg 768w\" sizes=\"auto, 250px\"\/><\/a><div class=\"sgb-item-caption\"><em>Ledov\u00e1 j\u00e1ma<\/em><\/div><\/div><div class=\"sgb-item\"><a href=\"https:\/\/www.cykloromantika.cz\/foto-2023-0726-085\/\" target=\"_blank\"><img decoding=\"async\" alt=\"\" width=\"225\" height=\"300\" loading=\"lazy\" src=\"https:\/\/www.cykloromantika.cz\/wp-content\/uploads\/2023\/11\/foto-2023-0726-085-225x300.jpg\" srcset=\"https:\/\/www.cykloromantika.cz\/wp-content\/uploads\/2023\/11\/foto-2023-0726-085-225x300.jpg 225w,https:\/\/www.cykloromantika.cz\/wp-content\/uploads\/2023\/11\/foto-2023-0726-085.jpg 768w\" sizes=\"auto, 250px\"\/><\/a><div class=\"sgb-item-caption\"><em>Ledov\u00e1 j\u00e1ma<\/em><\/div><\/div><div class=\"sgb-item\"><a href=\"https:\/\/www.cykloromantika.cz\/foto-2023-0726-086\/\" target=\"_blank\"><img decoding=\"async\" alt=\"\" width=\"225\" height=\"300\" loading=\"lazy\" src=\"https:\/\/www.cykloromantika.cz\/wp-content\/uploads\/2023\/11\/foto-2023-0726-086-225x300.jpg\" srcset=\"https:\/\/www.cykloromantika.cz\/wp-content\/uploads\/2023\/11\/foto-2023-0726-086-225x300.jpg 225w,https:\/\/www.cykloromantika.cz\/wp-content\/uploads\/2023\/11\/foto-2023-0726-086.jpg 768w\" sizes=\"auto, 250px\"\/><\/a><div class=\"sgb-item-caption\"><em>Ledov\u00e1 j\u00e1ma<\/em><\/div><\/div><div class=\"sgb-item\"><a href=\"https:\/\/www.cykloromantika.cz\/foto-2023-0726-087\/\" target=\"_blank\"><img decoding=\"async\" alt=\"\" width=\"225\" height=\"300\" loading=\"lazy\" src=\"https:\/\/www.cykloromantika.cz\/wp-content\/uploads\/2023\/11\/foto-2023-0726-087-225x300.jpg\" srcset=\"https:\/\/www.cykloromantika.cz\/wp-content\/uploads\/2023\/11\/foto-2023-0726-087-225x300.jpg 225w,https:\/\/www.cykloromantika.cz\/wp-content\/uploads\/2023\/11\/foto-2023-0726-087.jpg 768w\" sizes=\"auto, 250px\"\/><\/a><div class=\"sgb-item-caption\"><em>Ledov\u00e1 j\u00e1ma<\/em><\/div><\/div><div class=\"sgb-item\"><a href=\"https:\/\/www.cykloromantika.cz\/foto-2023-0726-088\/\" target=\"_blank\"><img decoding=\"async\" alt=\"\" width=\"169\" height=\"300\" loading=\"lazy\" src=\"https:\/\/www.cykloromantika.cz\/wp-content\/uploads\/2023\/11\/foto-2023-0726-088-169x300.jpg\" srcset=\"https:\/\/www.cykloromantika.cz\/wp-content\/uploads\/2023\/11\/foto-2023-0726-088-169x300.jpg 169w,https:\/\/www.cykloromantika.cz\/wp-content\/uploads\/2023\/11\/foto-2023-0726-088.jpg 576w\" sizes=\"auto, 250px\"\/><\/a><div class=\"sgb-item-caption\"><em>Ledov\u00e1 j\u00e1ma<\/em><\/div><\/div><div class=\"sgb-item\"><a href=\"https:\/\/www.cykloromantika.cz\/foto-2023-0726-089\/\" target=\"_blank\"><img decoding=\"async\" alt=\"\" width=\"225\" height=\"300\" loading=\"lazy\" src=\"https:\/\/www.cykloromantika.cz\/wp-content\/uploads\/2023\/11\/foto-2023-0726-089-225x300.jpg\" srcset=\"https:\/\/www.cykloromantika.cz\/wp-content\/uploads\/2023\/11\/foto-2023-0726-089-225x300.jpg 225w,https:\/\/www.cykloromantika.cz\/wp-content\/uploads\/2023\/11\/foto-2023-0726-089.jpg 768w\" sizes=\"auto, 250px\"\/><\/a><div class=\"sgb-item-caption\"><em>Blatensk\u00fd vrch (1043 m n. m.)<\/em><\/div><\/div><div class=\"sgb-item\"><a href=\"https:\/\/www.cykloromantika.cz\/foto-2023-0726-091\/\" target=\"_blank\"><img decoding=\"async\" alt=\"\" width=\"225\" height=\"300\" loading=\"lazy\" src=\"https:\/\/www.cykloromantika.cz\/wp-content\/uploads\/2023\/11\/foto-2023-0726-091-225x300.jpg\" srcset=\"https:\/\/www.cykloromantika.cz\/wp-content\/uploads\/2023\/11\/foto-2023-0726-091-225x300.jpg 225w,https:\/\/www.cykloromantika.cz\/wp-content\/uploads\/2023\/11\/foto-2023-0726-091.jpg 768w\" sizes=\"auto, 250px\"\/><\/a><div class=\"sgb-item-caption\"><em>Vyhl\u00eddka z rozhledny na Blatensk\u00e9m vrchu<\/em><\/div><\/div><div class=\"sgb-item\"><a href=\"https:\/\/www.cykloromantika.cz\/foto-2023-0726-092\/\" target=\"_blank\"><img decoding=\"async\" alt=\"\" width=\"300\" height=\"225\" loading=\"lazy\" src=\"https:\/\/www.cykloromantika.cz\/wp-content\/uploads\/2023\/11\/foto-2023-0726-092-300x225.jpg\" srcset=\"https:\/\/www.cykloromantika.cz\/wp-content\/uploads\/2023\/11\/foto-2023-0726-092-300x225.jpg 300w,https:\/\/www.cykloromantika.cz\/wp-content\/uploads\/2023\/11\/foto-2023-0726-092.jpg 1024w\" sizes=\"auto, 250px\"\/><\/a><div class=\"sgb-item-caption\"><em>Rozhledna Blatensk\u00fd vrch<\/em><\/div><\/div><div class=\"sgb-item\"><a href=\"https:\/\/www.cykloromantika.cz\/foto-2023-0726-095\/\" target=\"_blank\"><img decoding=\"async\" alt=\"\" width=\"300\" height=\"225\" loading=\"lazy\" src=\"https:\/\/www.cykloromantika.cz\/wp-content\/uploads\/2023\/11\/foto-2023-0726-095-300x225.jpg\" srcset=\"https:\/\/www.cykloromantika.cz\/wp-content\/uploads\/2023\/11\/foto-2023-0726-095-300x225.jpg 300w,https:\/\/www.cykloromantika.cz\/wp-content\/uploads\/2023\/11\/foto-2023-0726-095.jpg 1024w\" sizes=\"auto, 250px\"\/><\/a><div class=\"sgb-item-caption\"><em>Rozprava Co s po\u010das\u00edm?<\/em><\/div><\/div><div class=\"sgb-item\"><a href=\"https:\/\/www.cykloromantika.cz\/foto-2023-0726-096\/\" target=\"_blank\"><img decoding=\"async\" alt=\"\" width=\"225\" height=\"300\" loading=\"lazy\" src=\"https:\/\/www.cykloromantika.cz\/wp-content\/uploads\/2023\/11\/foto-2023-0726-096-225x300.jpg\" srcset=\"https:\/\/www.cykloromantika.cz\/wp-content\/uploads\/2023\/11\/foto-2023-0726-096-225x300.jpg 225w,https:\/\/www.cykloromantika.cz\/wp-content\/uploads\/2023\/11\/foto-2023-0726-096.jpg 768w\" sizes=\"auto, 250px\"\/><\/a><div class=\"sgb-item-caption\"><em>Rozhledna na Blatensk\u00e9m vrchu<\/em><\/div><\/div><div class=\"sgb-item\"><a href=\"https:\/\/www.cykloromantika.cz\/foto-2023-0726-098\/\" target=\"_blank\"><img decoding=\"async\" alt=\"\" width=\"300\" height=\"225\" loading=\"lazy\" src=\"https:\/\/www.cykloromantika.cz\/wp-content\/uploads\/2023\/11\/foto-2023-0726-098-300x225.jpg\" srcset=\"https:\/\/www.cykloromantika.cz\/wp-content\/uploads\/2023\/11\/foto-2023-0726-098-300x225.jpg 300w,https:\/\/www.cykloromantika.cz\/wp-content\/uploads\/2023\/11\/foto-2023-0726-098.jpg 1024w\" sizes=\"auto, 250px\"\/><\/a><div class=\"sgb-item-caption\"><em>Po\u010das\u00ed po\u0159e\u0161eno!<\/em><\/div><\/div><div class=\"sgb-item\"><a href=\"https:\/\/www.cykloromantika.cz\/foto-2023-0726-099\/\" target=\"_blank\"><img decoding=\"async\" alt=\"\" width=\"300\" height=\"169\" loading=\"lazy\" src=\"https:\/\/www.cykloromantika.cz\/wp-content\/uploads\/2023\/11\/foto-2023-0726-099-300x169.jpg\" srcset=\"https:\/\/www.cykloromantika.cz\/wp-content\/uploads\/2023\/11\/foto-2023-0726-099-300x169.jpg 300w,https:\/\/www.cykloromantika.cz\/wp-content\/uploads\/2023\/11\/foto-2023-0726-099.jpg 1024w\" sizes=\"auto, 250px\"\/><\/a><div class=\"sgb-item-caption\"><em>Bludn\u00e1<\/em><\/div><\/div><div class=\"sgb-item\"><a href=\"https:\/\/www.cykloromantika.cz\/foto-2023-0726-100\/\" target=\"_blank\"><img decoding=\"async\" alt=\"\" width=\"300\" height=\"169\" loading=\"lazy\" src=\"https:\/\/www.cykloromantika.cz\/wp-content\/uploads\/2023\/11\/foto-2023-0726-100-300x169.jpg\" srcset=\"https:\/\/www.cykloromantika.cz\/wp-content\/uploads\/2023\/11\/foto-2023-0726-100-300x169.jpg 300w,https:\/\/www.cykloromantika.cz\/wp-content\/uploads\/2023\/11\/foto-2023-0726-100.jpg 1024w\" sizes=\"auto, 250px\"\/><\/a><div class=\"sgb-item-caption\"><em>Sj\u00ed\u017ed\u00edme do osady Ry\u017eovna<\/em><\/div><\/div><div class=\"sgb-item\"><a href=\"https:\/\/www.cykloromantika.cz\/foto-2023-0726-101\/\" target=\"_blank\"><img decoding=\"async\" alt=\"\" width=\"300\" height=\"200\" loading=\"lazy\" src=\"https:\/\/www.cykloromantika.cz\/wp-content\/uploads\/2023\/11\/foto-2023-0726-101-300x200.jpg\" srcset=\"https:\/\/www.cykloromantika.cz\/wp-content\/uploads\/2023\/11\/foto-2023-0726-101-300x200.jpg 300w,https:\/\/www.cykloromantika.cz\/wp-content\/uploads\/2023\/11\/foto-2023-0726-101.jpg 1024w\" sizes=\"auto, 250px\"\/><\/a><div class=\"sgb-item-caption\"><em>Pivovar Ry\u017eovna \u2013 degustace<\/em><\/div><\/div><div class=\"sgb-item\"><a href=\"https:\/\/www.cykloromantika.cz\/foto-2023-0726-102\/\" target=\"_blank\"><img decoding=\"async\" alt=\"\" width=\"225\" height=\"300\" loading=\"lazy\" src=\"https:\/\/www.cykloromantika.cz\/wp-content\/uploads\/2023\/11\/foto-2023-0726-102-225x300.jpg\" srcset=\"https:\/\/www.cykloromantika.cz\/wp-content\/uploads\/2023\/11\/foto-2023-0726-102-225x300.jpg 225w,https:\/\/www.cykloromantika.cz\/wp-content\/uploads\/2023\/11\/foto-2023-0726-102.jpg 768w\" sizes=\"auto, 250px\"\/><\/a><div class=\"sgb-item-caption\"><em>Doporu\u010den\u00ed ministerstva zdravotnictv\u00ed \u2013 Myjte si ruce!<\/em><\/div><\/div><div class=\"sgb-item\"><a href=\"https:\/\/www.cykloromantika.cz\/foto-2023-0726-103\/\" target=\"_blank\"><img decoding=\"async\" alt=\"\" width=\"300\" height=\"200\" loading=\"lazy\" src=\"https:\/\/www.cykloromantika.cz\/wp-content\/uploads\/2023\/11\/foto-2023-0726-103-300x200.jpg\" srcset=\"https:\/\/www.cykloromantika.cz\/wp-content\/uploads\/2023\/11\/foto-2023-0726-103-300x200.jpg 300w,https:\/\/www.cykloromantika.cz\/wp-content\/uploads\/2023\/11\/foto-2023-0726-103.jpg 1024w\" sizes=\"auto, 250px\"\/><\/a><div class=\"sgb-item-caption\"><em>Chv\u00edli jsme posed\u011bli a zah\u0159\u00e1li se.<\/em><\/div><\/div><div class=\"sgb-item\"><a href=\"https:\/\/www.cykloromantika.cz\/foto-2023-0726-105\/\" target=\"_blank\"><img decoding=\"async\" alt=\"\" width=\"225\" height=\"300\" loading=\"lazy\" src=\"https:\/\/www.cykloromantika.cz\/wp-content\/uploads\/2023\/11\/foto-2023-0726-105-225x300.jpg\" srcset=\"https:\/\/www.cykloromantika.cz\/wp-content\/uploads\/2023\/11\/foto-2023-0726-105-225x300.jpg 225w,https:\/\/www.cykloromantika.cz\/wp-content\/uploads\/2023\/11\/foto-2023-0726-105.jpg 768w\" sizes=\"auto, 250px\"\/><\/a><div class=\"sgb-item-caption\"><em>P\u011bkn\u011b bylo za oknem!<\/em><\/div><\/div><div class=\"sgb-item\"><a href=\"https:\/\/www.cykloromantika.cz\/foto-2023-0726-107\/\" target=\"_blank\"><img decoding=\"async\" alt=\"\" width=\"300\" height=\"200\" loading=\"lazy\" src=\"https:\/\/www.cykloromantika.cz\/wp-content\/uploads\/2023\/11\/foto-2023-0726-107-300x200.jpg\" srcset=\"https:\/\/www.cykloromantika.cz\/wp-content\/uploads\/2023\/11\/foto-2023-0726-107-300x200.jpg 300w,https:\/\/www.cykloromantika.cz\/wp-content\/uploads\/2023\/11\/foto-2023-0726-107.jpg 1024w\" sizes=\"auto, 250px\"\/><\/a><div class=\"sgb-item-caption\"><em>My rad\u011bji uvnit\u0159!<\/em><\/div><\/div><div class=\"sgb-item\"><a href=\"https:\/\/www.cykloromantika.cz\/foto-2023-0726-108\/\" target=\"_blank\"><img decoding=\"async\" alt=\"\" width=\"225\" height=\"300\" loading=\"lazy\" src=\"https:\/\/www.cykloromantika.cz\/wp-content\/uploads\/2023\/11\/foto-2023-0726-108-225x300.jpg\" srcset=\"https:\/\/www.cykloromantika.cz\/wp-content\/uploads\/2023\/11\/foto-2023-0726-108-225x300.jpg 225w,https:\/\/www.cykloromantika.cz\/wp-content\/uploads\/2023\/11\/foto-2023-0726-108.jpg 768w\" sizes=\"auto, 250px\"\/><\/a><div class=\"sgb-item-caption\"><em>Pivovar Ry\u017eovna<\/em><\/div><\/div><div class=\"sgb-item\"><a href=\"https:\/\/www.cykloromantika.cz\/foto-2023-0726-110\/\" target=\"_blank\"><img decoding=\"async\" alt=\"\" width=\"200\" height=\"300\" loading=\"lazy\" src=\"https:\/\/www.cykloromantika.cz\/wp-content\/uploads\/2023\/11\/foto-2023-0726-110-200x300.jpg\" srcset=\"https:\/\/www.cykloromantika.cz\/wp-content\/uploads\/2023\/11\/foto-2023-0726-110-200x300.jpg 200w,https:\/\/www.cykloromantika.cz\/wp-content\/uploads\/2023\/11\/foto-2023-0726-110.jpg 683w\" sizes=\"auto, 250px\"\/><\/a><div class=\"sgb-item-caption\"><em>Pivovar Ry\u017eovna<\/em><\/div><\/div><div class=\"sgb-item\"><a href=\"https:\/\/www.cykloromantika.cz\/foto-2023-0726-111\/\" target=\"_blank\"><img decoding=\"async\" alt=\"\" width=\"300\" height=\"169\" loading=\"lazy\" src=\"https:\/\/www.cykloromantika.cz\/wp-content\/uploads\/2023\/11\/foto-2023-0726-111-300x169.jpg\" srcset=\"https:\/\/www.cykloromantika.cz\/wp-content\/uploads\/2023\/11\/foto-2023-0726-111-300x169.jpg 300w,https:\/\/www.cykloromantika.cz\/wp-content\/uploads\/2023\/11\/foto-2023-0726-111.jpg 1024w\" sizes=\"auto, 250px\"\/><\/a><div class=\"sgb-item-caption\"><em>V\u00fdhled sm\u011brem k Raplovu domku<\/em><\/div><\/div><div class=\"sgb-item\"><a href=\"https:\/\/www.cykloromantika.cz\/foto-2023-0726-114\/\" target=\"_blank\"><img decoding=\"async\" alt=\"\" width=\"300\" height=\"225\" loading=\"lazy\" src=\"https:\/\/www.cykloromantika.cz\/wp-content\/uploads\/2023\/11\/foto-2023-0726-114-300x225.jpg\" srcset=\"https:\/\/www.cykloromantika.cz\/wp-content\/uploads\/2023\/11\/foto-2023-0726-114-300x225.jpg 300w,https:\/\/www.cykloromantika.cz\/wp-content\/uploads\/2023\/11\/foto-2023-0726-114.jpg 1024w\" sizes=\"auto, 250px\"\/><\/a><div class=\"sgb-item-caption\"><em>Zda\u0159 b\u016fh!<\/em><\/div><\/div><div class=\"sgb-item\"><a href=\"https:\/\/www.cykloromantika.cz\/foto-2023-0726-115\/\" target=\"_blank\"><img decoding=\"async\" alt=\"\" width=\"300\" height=\"225\" loading=\"lazy\" src=\"https:\/\/www.cykloromantika.cz\/wp-content\/uploads\/2023\/11\/foto-2023-0726-115-300x225.jpg\" srcset=\"https:\/\/www.cykloromantika.cz\/wp-content\/uploads\/2023\/11\/foto-2023-0726-115-300x225.jpg 300w,https:\/\/www.cykloromantika.cz\/wp-content\/uploads\/2023\/11\/foto-2023-0726-115.jpg 1024w\" sizes=\"auto, 250px\"\/><\/a><div class=\"sgb-item-caption\"><em>Gl\u00fcck auf!<\/em><\/div><\/div><div class=\"sgb-item\"><a href=\"https:\/\/www.cykloromantika.cz\/foto-2023-0726-116\/\" target=\"_blank\"><img decoding=\"async\" alt=\"\" width=\"300\" height=\"169\" loading=\"lazy\" src=\"https:\/\/www.cykloromantika.cz\/wp-content\/uploads\/2023\/11\/foto-2023-0726-116-300x169.jpg\" srcset=\"https:\/\/www.cykloromantika.cz\/wp-content\/uploads\/2023\/11\/foto-2023-0726-116-300x169.jpg 300w,https:\/\/www.cykloromantika.cz\/wp-content\/uploads\/2023\/11\/foto-2023-0726-116.jpg 1024w\" sizes=\"auto, 250px\"\/><\/a><div class=\"sgb-item-caption\"><em>Kl\u00ednovec a pod n\u00edm Bo\u017e\u00ed Dar na obzoru<\/em><\/div><\/div><div class=\"sgb-item\"><a href=\"https:\/\/www.cykloromantika.cz\/foto-2023-0726-117\/\" target=\"_blank\"><img decoding=\"async\" alt=\"\" width=\"300\" height=\"225\" loading=\"lazy\" src=\"https:\/\/www.cykloromantika.cz\/wp-content\/uploads\/2023\/11\/foto-2023-0726-117-300x225.jpg\" srcset=\"https:\/\/www.cykloromantika.cz\/wp-content\/uploads\/2023\/11\/foto-2023-0726-117-300x225.jpg 300w,https:\/\/www.cykloromantika.cz\/wp-content\/uploads\/2023\/11\/foto-2023-0726-117.jpg 1024w\" sizes=\"auto, 250px\"\/><\/a><div class=\"sgb-item-caption\"><em>Bo\u017e\u00ed Dar<\/em><\/div><\/div><div class=\"sgb-item\"><a href=\"https:\/\/www.cykloromantika.cz\/foto-2023-0726-118\/\" target=\"_blank\"><img decoding=\"async\" alt=\"\" width=\"225\" height=\"300\" loading=\"lazy\" src=\"https:\/\/www.cykloromantika.cz\/wp-content\/uploads\/2023\/11\/foto-2023-0726-118-225x300.jpg\" srcset=\"https:\/\/www.cykloromantika.cz\/wp-content\/uploads\/2023\/11\/foto-2023-0726-118-225x300.jpg 225w,https:\/\/www.cykloromantika.cz\/wp-content\/uploads\/2023\/11\/foto-2023-0726-118.jpg 768w\" sizes=\"auto, 250px\"\/><\/a><div class=\"sgb-item-caption\"><em>M\u00e1te p\u0159\u00e1n\u00ed k vlo\u017een\u00ed?<\/em><\/div><\/div><div class=\"sgb-item\"><a href=\"https:\/\/www.cykloromantika.cz\/foto-2023-0726-119\/\" target=\"_blank\"><img decoding=\"async\" alt=\"\" width=\"300\" height=\"200\" loading=\"lazy\" src=\"https:\/\/www.cykloromantika.cz\/wp-content\/uploads\/2023\/11\/foto-2023-0726-119-300x200.jpg\" srcset=\"https:\/\/www.cykloromantika.cz\/wp-content\/uploads\/2023\/11\/foto-2023-0726-119-300x200.jpg 300w,https:\/\/www.cykloromantika.cz\/wp-content\/uploads\/2023\/11\/foto-2023-0726-119.jpg 1024w\" sizes=\"auto, 250px\"\/><\/a><div class=\"sgb-item-caption\"><em>Hlavn\u00ed ulice v Bo\u017e\u00edm Daru?<\/em><\/div><\/div><div class=\"sgb-item\"><a href=\"https:\/\/www.cykloromantika.cz\/foto-2023-0726-120\/\" target=\"_blank\"><img decoding=\"async\" alt=\"\" width=\"300\" height=\"200\" loading=\"lazy\" src=\"https:\/\/www.cykloromantika.cz\/wp-content\/uploads\/2023\/11\/foto-2023-0726-120-300x200.jpg\" srcset=\"https:\/\/www.cykloromantika.cz\/wp-content\/uploads\/2023\/11\/foto-2023-0726-120-300x200.jpg 300w,https:\/\/www.cykloromantika.cz\/wp-content\/uploads\/2023\/11\/foto-2023-0726-120.jpg 1024w\" sizes=\"auto, 250px\"\/><\/a><div class=\"sgb-item-caption\"><em>Pivovar \u010cerven\u00fd vlk<\/em><\/div><\/div><div class=\"sgb-item\"><a href=\"https:\/\/www.cykloromantika.cz\/foto-2023-0726-121\/\" target=\"_blank\"><img decoding=\"async\" alt=\"\" width=\"225\" height=\"300\" loading=\"lazy\" src=\"https:\/\/www.cykloromantika.cz\/wp-content\/uploads\/2023\/11\/foto-2023-0726-121-225x300.jpg\" srcset=\"https:\/\/www.cykloromantika.cz\/wp-content\/uploads\/2023\/11\/foto-2023-0726-121-225x300.jpg 225w,https:\/\/www.cykloromantika.cz\/wp-content\/uploads\/2023\/11\/foto-2023-0726-121.jpg 768w\" sizes=\"auto, 250px\"\/><\/a><div class=\"sgb-item-caption\"><em>Bo\u017e\u00eddarsk\u00fd jelen a B\u00edl\u00fd hranostaj<\/em><\/div><\/div><div class=\"sgb-item\"><a href=\"https:\/\/www.cykloromantika.cz\/foto-2023-0726-122\/\" target=\"_blank\"><img decoding=\"async\" alt=\"\" width=\"300\" height=\"225\" loading=\"lazy\" src=\"https:\/\/www.cykloromantika.cz\/wp-content\/uploads\/2023\/11\/foto-2023-0726-122-300x225.jpg\" srcset=\"https:\/\/www.cykloromantika.cz\/wp-content\/uploads\/2023\/11\/foto-2023-0726-122-300x225.jpg 300w,https:\/\/www.cykloromantika.cz\/wp-content\/uploads\/2023\/11\/foto-2023-0726-122.jpg 1024w\" sizes=\"auto, 250px\"\/><\/a><div class=\"sgb-item-caption\"><em>A\u0165 chutn\u00e1, p\u00e1nov\u00e9!<\/em><\/div><\/div><div class=\"sgb-item\"><a href=\"https:\/\/www.cykloromantika.cz\/foto-2023-0726-125\/\" target=\"_blank\"><img decoding=\"async\" alt=\"\" width=\"225\" height=\"300\" loading=\"lazy\" src=\"https:\/\/www.cykloromantika.cz\/wp-content\/uploads\/2023\/11\/foto-2023-0726-125-225x300.jpg\" srcset=\"https:\/\/www.cykloromantika.cz\/wp-content\/uploads\/2023\/11\/foto-2023-0726-125-225x300.jpg 225w,https:\/\/www.cykloromantika.cz\/wp-content\/uploads\/2023\/11\/foto-2023-0726-125.jpg 768w\" sizes=\"auto, 250px\"\/><\/a><div class=\"sgb-item-caption\"><em>Pt\u00e1me se na cestu do pelechu!<\/em><\/div><\/div><div class=\"sgb-item\"><a href=\"https:\/\/www.cykloromantika.cz\/foto-2023-0726-126\/\" target=\"_blank\"><img decoding=\"async\" alt=\"\" width=\"300\" height=\"225\" loading=\"lazy\" src=\"https:\/\/www.cykloromantika.cz\/wp-content\/uploads\/2023\/11\/foto-2023-0726-126-300x225.jpg\" srcset=\"https:\/\/www.cykloromantika.cz\/wp-content\/uploads\/2023\/11\/foto-2023-0726-126-300x225.jpg 300w,https:\/\/www.cykloromantika.cz\/wp-content\/uploads\/2023\/11\/foto-2023-0726-126.jpg 1024w\" sizes=\"auto, 250px\"\/><\/a><div class=\"sgb-item-caption\"><em>P\u0159\u00edst\u0159e\u0161ek jsme na\u0161li. Te\u010f jen v 5 \u00b0C v\u0161e p\u0159ipravit a ulehnout!<\/em><\/div><\/div><\/div><\/noscript><\/div><script type=\"application\/json\" class=\"sgb-data\">{\"lastRowFill\":true,\"collectionThumbRecomendedHeight\":300,\"collectionThumbMiniScreenScale\":true,\"captionHAlign\":\"bottom\",\"collectionthumbHoverTitleFontSize\":12,\"collectionthumbRoundedCorners\":8,\"collectionthumbHoverTitleTextBgColor\":\"rgba(0,0,0,0.44)\",\"collectionThumbSubMenuShare\":false,\"galleryType\":\"pgc_sgb_justified\",\"galleryId\":\"20175289\",\"images\":[{\"id\":8166,\"title\":\"Foto 2023 0726 001\",\"url\":\"https:\/\/www.cykloromantika.cz\/wp-content\/uploads\/2023\/11\/foto-2023-0726-001.jpg\",\"link\":\"https:\/\/www.cykloromantika.cz\/foto-2023-0726-001\/\",\"alt\":\"\",\"description\":\"\",\"caption\":\"Rann\u00ed sn\u00eddan\u011b mus\u00ed b\u00fdt bohat\u00e1 na b\u00edlkoviny!\",\"mime\":\"image\/jpeg\",\"type\":\"image\",\"width\":768,\"height\":1024,\"sizes\":{\"thumbnail\":{\"height\":150,\"width\":113,\"url\":\"https:\/\/www.cykloromantika.cz\/wp-content\/uploads\/2023\/11\/foto-2023-0726-001-113x150.jpg\",\"orientation\":\"portrait\"},\"medium\":{\"height\":300,\"width\":225,\"url\":\"https:\/\/www.cykloromantika.cz\/wp-content\/uploads\/2023\/11\/foto-2023-0726-001-225x300.jpg\",\"orientation\":\"portrait\"},\"full\":{\"url\":\"https:\/\/www.cykloromantika.cz\/wp-content\/uploads\/2023\/11\/foto-2023-0726-001.jpg\",\"height\":1024,\"width\":768,\"orientation\":\"portrait\"}},\"imageMeta\":{\"aperture\":\"1.7\",\"credit\":\"\",\"camera\":\"SM-G955F\",\"caption\":\"\",\"created_timestamp\":\"1690360817\",\"copyright\":\"\",\"focal_length\":\"4.2\",\"iso\":\"200\",\"shutter_speed\":\"0.1\",\"title\":\"\",\"orientation\":\"0\",\"keywords\":[]},\"meta\":false,\"postlink\":\"https:\/\/www.cykloromantika.cz\/foto-2023-0726-001\/\"},{\"id\":8167,\"title\":\"Foto 2023 0726 002\",\"url\":\"https:\/\/www.cykloromantika.cz\/wp-content\/uploads\/2023\/11\/foto-2023-0726-002.jpg\",\"link\":\"https:\/\/www.cykloromantika.cz\/foto-2023-0726-002\/\",\"alt\":\"\",\"description\":\"\",\"caption\":\"A\u0165 se ti to nep\u0159ip\u00e1l\u00ed!\",\"mime\":\"image\/jpeg\",\"type\":\"image\",\"width\":768,\"height\":1024,\"sizes\":{\"thumbnail\":{\"height\":150,\"width\":113,\"url\":\"https:\/\/www.cykloromantika.cz\/wp-content\/uploads\/2023\/11\/foto-2023-0726-002-113x150.jpg\",\"orientation\":\"portrait\"},\"medium\":{\"height\":300,\"width\":225,\"url\":\"https:\/\/www.cykloromantika.cz\/wp-content\/uploads\/2023\/11\/foto-2023-0726-002-225x300.jpg\",\"orientation\":\"portrait\"},\"full\":{\"url\":\"https:\/\/www.cykloromantika.cz\/wp-content\/uploads\/2023\/11\/foto-2023-0726-002.jpg\",\"height\":1024,\"width\":768,\"orientation\":\"portrait\"}},\"imageMeta\":{\"aperture\":\"1.7\",\"credit\":\"\",\"camera\":\"SM-G955F\",\"caption\":\"\",\"created_timestamp\":\"1690360835\",\"copyright\":\"\",\"focal_length\":\"4.2\",\"iso\":\"200\",\"shutter_speed\":\"0.0769230769231\",\"title\":\"\",\"orientation\":\"0\",\"keywords\":[]},\"meta\":false,\"postlink\":\"https:\/\/www.cykloromantika.cz\/foto-2023-0726-002\/\"},{\"id\":8168,\"title\":\"Foto 2023 0726 003\",\"url\":\"https:\/\/www.cykloromantika.cz\/wp-content\/uploads\/2023\/11\/foto-2023-0726-003.jpg\",\"link\":\"https:\/\/www.cykloromantika.cz\/foto-2023-0726-003\/\",\"alt\":\"\",\"description\":\"\",\"caption\":\"Skromn\u00e1 dom\u00e1cnost\",\"mime\":\"image\/jpeg\",\"type\":\"image\",\"width\":1024,\"height\":768,\"sizes\":{\"thumbnail\":{\"height\":113,\"width\":150,\"url\":\"https:\/\/www.cykloromantika.cz\/wp-content\/uploads\/2023\/11\/foto-2023-0726-003-150x113.jpg\",\"orientation\":\"landscape\"},\"medium\":{\"height\":225,\"width\":300,\"url\":\"https:\/\/www.cykloromantika.cz\/wp-content\/uploads\/2023\/11\/foto-2023-0726-003-300x225.jpg\",\"orientation\":\"landscape\"},\"full\":{\"url\":\"https:\/\/www.cykloromantika.cz\/wp-content\/uploads\/2023\/11\/foto-2023-0726-003.jpg\",\"height\":768,\"width\":1024,\"orientation\":\"landscape\"}},\"imageMeta\":{\"aperture\":\"1.7\",\"credit\":\"\",\"camera\":\"SM-G955F\",\"caption\":\"\",\"created_timestamp\":\"1690361330\",\"copyright\":\"\",\"focal_length\":\"4.2\",\"iso\":\"160\",\"shutter_speed\":\"0.030303030303\",\"title\":\"\",\"orientation\":\"0\",\"keywords\":[]},\"meta\":false,\"postlink\":\"https:\/\/www.cykloromantika.cz\/foto-2023-0726-003\/\"},{\"id\":8169,\"title\":\"Foto 2023 0726 004\",\"url\":\"https:\/\/www.cykloromantika.cz\/wp-content\/uploads\/2023\/11\/foto-2023-0726-004.jpg\",\"link\":\"https:\/\/www.cykloromantika.cz\/foto-2023-0726-004\/\",\"alt\":\"\",\"description\":\"\",\"caption\":\"Vyj\u00ed\u017ed\u00edme vst\u0159\u00edc slune\u010dn\u00edmu sv\u011btlu!\",\"mime\":\"image\/jpeg\",\"type\":\"image\",\"width\":1024,\"height\":768,\"sizes\":{\"thumbnail\":{\"height\":113,\"width\":150,\"url\":\"https:\/\/www.cykloromantika.cz\/wp-content\/uploads\/2023\/11\/foto-2023-0726-004-150x113.jpg\",\"orientation\":\"landscape\"},\"medium\":{\"height\":225,\"width\":300,\"url\":\"https:\/\/www.cykloromantika.cz\/wp-content\/uploads\/2023\/11\/foto-2023-0726-004-300x225.jpg\",\"orientation\":\"landscape\"},\"full\":{\"url\":\"https:\/\/www.cykloromantika.cz\/wp-content\/uploads\/2023\/11\/foto-2023-0726-004.jpg\",\"height\":768,\"width\":1024,\"orientation\":\"landscape\"}},\"imageMeta\":{\"aperture\":\"1.7\",\"credit\":\"\",\"camera\":\"SM-G955F\",\"caption\":\"\",\"created_timestamp\":\"1690369104\",\"copyright\":\"\",\"focal_length\":\"4.2\",\"iso\":\"40\",\"shutter_speed\":\"0.000584112149533\",\"title\":\"\",\"orientation\":\"0\",\"keywords\":[]},\"meta\":false,\"postlink\":\"https:\/\/www.cykloromantika.cz\/foto-2023-0726-004\/\"},{\"id\":8170,\"title\":\"Foto 2023 0726 005\",\"url\":\"https:\/\/www.cykloromantika.cz\/wp-content\/uploads\/2023\/11\/foto-2023-0726-005.jpg\",\"link\":\"https:\/\/www.cykloromantika.cz\/foto-2023-0726-005\/\",\"alt\":\"\",\"description\":\"\",\"caption\":\"St\u0159ed horsk\u00e9 obce Bublava\",\"mime\":\"image\/jpeg\",\"type\":\"image\",\"width\":1024,\"height\":576,\"sizes\":{\"thumbnail\":{\"height\":84,\"width\":150,\"url\":\"https:\/\/www.cykloromantika.cz\/wp-content\/uploads\/2023\/11\/foto-2023-0726-005-150x84.jpg\",\"orientation\":\"landscape\"},\"medium\":{\"height\":169,\"width\":300,\"url\":\"https:\/\/www.cykloromantika.cz\/wp-content\/uploads\/2023\/11\/foto-2023-0726-005-300x169.jpg\",\"orientation\":\"landscape\"},\"full\":{\"url\":\"https:\/\/www.cykloromantika.cz\/wp-content\/uploads\/2023\/11\/foto-2023-0726-005.jpg\",\"height\":576,\"width\":1024,\"orientation\":\"landscape\"}},\"imageMeta\":{\"aperture\":\"2.4\",\"credit\":\"\",\"camera\":\"SM-G970F\",\"caption\":\"\",\"created_timestamp\":\"1690369820\",\"copyright\":\"\",\"focal_length\":\"4.32\",\"iso\":\"50\",\"shutter_speed\":\"0.000714285714286\",\"title\":\"\",\"orientation\":\"0\",\"keywords\":[]},\"meta\":false,\"postlink\":\"https:\/\/www.cykloromantika.cz\/foto-2023-0726-005\/\"},{\"id\":8171,\"title\":\"Foto 2023 0726 008\",\"url\":\"https:\/\/www.cykloromantika.cz\/wp-content\/uploads\/2023\/11\/foto-2023-0726-008.jpg\",\"link\":\"https:\/\/www.cykloromantika.cz\/foto-2023-0726-008\/\",\"alt\":\"\",\"description\":\"\",\"caption\":\"Skaln\u00ed m\u011bsto na \u0160i\u0161\u00e1ku \u2013 ferrata Bedu\u00edn\",\"mime\":\"image\/jpeg\",\"type\":\"image\",\"width\":683,\"height\":1024,\"sizes\":{\"thumbnail\":{\"height\":150,\"width\":100,\"url\":\"https:\/\/www.cykloromantika.cz\/wp-content\/uploads\/2023\/11\/foto-2023-0726-008-100x150.jpg\",\"orientation\":\"portrait\"},\"medium\":{\"height\":300,\"width\":200,\"url\":\"https:\/\/www.cykloromantika.cz\/wp-content\/uploads\/2023\/11\/foto-2023-0726-008-200x300.jpg\",\"orientation\":\"portrait\"},\"full\":{\"url\":\"https:\/\/www.cykloromantika.cz\/wp-content\/uploads\/2023\/11\/foto-2023-0726-008.jpg\",\"height\":1024,\"width\":683,\"orientation\":\"portrait\"}},\"imageMeta\":{\"aperture\":\"2.4\",\"credit\":\"\",\"camera\":\"SM-G970F\",\"caption\":\"\",\"created_timestamp\":\"1690371423\",\"copyright\":\"\",\"focal_length\":\"4.32\",\"iso\":\"125\",\"shutter_speed\":\"0.01\",\"title\":\"\",\"orientation\":\"0\",\"keywords\":[]},\"meta\":false,\"postlink\":\"https:\/\/www.cykloromantika.cz\/foto-2023-0726-008\/\"},{\"id\":8172,\"title\":\"Foto 2023 0726 009\",\"url\":\"https:\/\/www.cykloromantika.cz\/wp-content\/uploads\/2023\/11\/foto-2023-0726-009.jpg\",\"link\":\"https:\/\/www.cykloromantika.cz\/foto-2023-0726-009\/\",\"alt\":\"\",\"description\":\"\",\"caption\":\"Ferrata Bedu\u00edn s bedu\u00ednem\",\"mime\":\"image\/jpeg\",\"type\":\"image\",\"width\":576,\"height\":1024,\"sizes\":{\"thumbnail\":{\"height\":150,\"width\":84,\"url\":\"https:\/\/www.cykloromantika.cz\/wp-content\/uploads\/2023\/11\/foto-2023-0726-009-84x150.jpg\",\"orientation\":\"portrait\"},\"medium\":{\"height\":300,\"width\":169,\"url\":\"https:\/\/www.cykloromantika.cz\/wp-content\/uploads\/2023\/11\/foto-2023-0726-009-169x300.jpg\",\"orientation\":\"portrait\"},\"full\":{\"url\":\"https:\/\/www.cykloromantika.cz\/wp-content\/uploads\/2023\/11\/foto-2023-0726-009.jpg\",\"height\":1024,\"width\":576,\"orientation\":\"portrait\"}},\"imageMeta\":{\"aperture\":\"2.2\",\"credit\":\"\",\"camera\":\"SM-G970F\",\"caption\":\"\",\"created_timestamp\":\"1690371447\",\"copyright\":\"\",\"focal_length\":\"1.8\",\"iso\":\"50\",\"shutter_speed\":\"0.00961538461538\",\"title\":\"\",\"orientation\":\"0\",\"keywords\":[]},\"meta\":false,\"postlink\":\"https:\/\/www.cykloromantika.cz\/foto-2023-0726-009\/\"},{\"id\":8173,\"title\":\"Foto 2023 0726 012\",\"url\":\"https:\/\/www.cykloromantika.cz\/wp-content\/uploads\/2023\/11\/foto-2023-0726-012.jpg\",\"link\":\"https:\/\/www.cykloromantika.cz\/foto-2023-0726-012\/\",\"alt\":\"\",\"description\":\"\",\"caption\":\"Skaln\u00ed m\u011bsto na \u0160i\u0161\u00e1ku \u2013 Bedu\u00edn\",\"mime\":\"image\/jpeg\",\"type\":\"image\",\"width\":768,\"height\":1024,\"sizes\":{\"thumbnail\":{\"height\":150,\"width\":113,\"url\":\"https:\/\/www.cykloromantika.cz\/wp-content\/uploads\/2023\/11\/foto-2023-0726-012-113x150.jpg\",\"orientation\":\"portrait\"},\"medium\":{\"height\":300,\"width\":225,\"url\":\"https:\/\/www.cykloromantika.cz\/wp-content\/uploads\/2023\/11\/foto-2023-0726-012-225x300.jpg\",\"orientation\":\"portrait\"},\"full\":{\"url\":\"https:\/\/www.cykloromantika.cz\/wp-content\/uploads\/2023\/11\/foto-2023-0726-012.jpg\",\"height\":1024,\"width\":768,\"orientation\":\"portrait\"}},\"imageMeta\":{\"aperture\":\"1.7\",\"credit\":\"\",\"camera\":\"SM-G955F\",\"caption\":\"\",\"created_timestamp\":\"1690371708\",\"copyright\":\"\",\"focal_length\":\"4.2\",\"iso\":\"40\",\"shutter_speed\":\"0.000886524822695\",\"title\":\"\",\"orientation\":\"0\",\"keywords\":[]},\"meta\":false,\"postlink\":\"https:\/\/www.cykloromantika.cz\/foto-2023-0726-012\/\"},{\"id\":8174,\"title\":\"Foto 2023 0726 013\",\"url\":\"https:\/\/www.cykloromantika.cz\/wp-content\/uploads\/2023\/11\/foto-2023-0726-013.jpg\",\"link\":\"https:\/\/www.cykloromantika.cz\/foto-2023-0726-013\/\",\"alt\":\"\",\"description\":\"\",\"caption\":\"Bor\u016fvko\u017erouti!\",\"mime\":\"image\/jpeg\",\"type\":\"image\",\"width\":1024,\"height\":768,\"sizes\":{\"thumbnail\":{\"height\":113,\"width\":150,\"url\":\"https:\/\/www.cykloromantika.cz\/wp-content\/uploads\/2023\/11\/foto-2023-0726-013-150x113.jpg\",\"orientation\":\"landscape\"},\"medium\":{\"height\":225,\"width\":300,\"url\":\"https:\/\/www.cykloromantika.cz\/wp-content\/uploads\/2023\/11\/foto-2023-0726-013-300x225.jpg\",\"orientation\":\"landscape\"},\"full\":{\"url\":\"https:\/\/www.cykloromantika.cz\/wp-content\/uploads\/2023\/11\/foto-2023-0726-013.jpg\",\"height\":768,\"width\":1024,\"orientation\":\"landscape\"}},\"imageMeta\":{\"aperture\":\"1.7\",\"credit\":\"\",\"camera\":\"SM-G955F\",\"caption\":\"\",\"created_timestamp\":\"1690371767\",\"copyright\":\"\",\"focal_length\":\"4.2\",\"iso\":\"40\",\"shutter_speed\":\"0.00373134328358\",\"title\":\"\",\"orientation\":\"0\",\"keywords\":[]},\"meta\":false,\"postlink\":\"https:\/\/www.cykloromantika.cz\/foto-2023-0726-013\/\"},{\"id\":8175,\"title\":\"Foto 2023 0726 014\",\"url\":\"https:\/\/www.cykloromantika.cz\/wp-content\/uploads\/2023\/11\/foto-2023-0726-014.jpg\",\"link\":\"https:\/\/www.cykloromantika.cz\/foto-2023-0726-014\/\",\"alt\":\"\",\"description\":\"\",\"caption\":\"Taky bor\u016fvko\u017erout\",\"mime\":\"image\/jpeg\",\"type\":\"image\",\"width\":1024,\"height\":683,\"sizes\":{\"thumbnail\":{\"height\":100,\"width\":150,\"url\":\"https:\/\/www.cykloromantika.cz\/wp-content\/uploads\/2023\/11\/foto-2023-0726-014-150x100.jpg\",\"orientation\":\"landscape\"},\"medium\":{\"height\":200,\"width\":300,\"url\":\"https:\/\/www.cykloromantika.cz\/wp-content\/uploads\/2023\/11\/foto-2023-0726-014-300x200.jpg\",\"orientation\":\"landscape\"},\"full\":{\"url\":\"https:\/\/www.cykloromantika.cz\/wp-content\/uploads\/2023\/11\/foto-2023-0726-014.jpg\",\"height\":683,\"width\":1024,\"orientation\":\"landscape\"}},\"imageMeta\":{\"aperture\":\"2.4\",\"credit\":\"\",\"camera\":\"SM-G970F\",\"caption\":\"\",\"created_timestamp\":\"1690372023\",\"copyright\":\"\",\"focal_length\":\"4.32\",\"iso\":\"50\",\"shutter_speed\":\"0.01\",\"title\":\"\",\"orientation\":\"0\",\"keywords\":[]},\"meta\":false,\"postlink\":\"https:\/\/www.cykloromantika.cz\/foto-2023-0726-014\/\"},{\"id\":8176,\"title\":\"Foto 2023 0726 015\",\"url\":\"https:\/\/www.cykloromantika.cz\/wp-content\/uploads\/2023\/11\/foto-2023-0726-015.jpg\",\"link\":\"https:\/\/www.cykloromantika.cz\/foto-2023-0726-015\/\",\"alt\":\"\",\"description\":\"\",\"caption\":\"P\u0159ij\u00ed\u017ed\u00edme do Rolavy.\",\"mime\":\"image\/jpeg\",\"type\":\"image\",\"width\":1024,\"height\":768,\"sizes\":{\"thumbnail\":{\"height\":113,\"width\":150,\"url\":\"https:\/\/www.cykloromantika.cz\/wp-content\/uploads\/2023\/11\/foto-2023-0726-015-150x113.jpg\",\"orientation\":\"landscape\"},\"medium\":{\"height\":225,\"width\":300,\"url\":\"https:\/\/www.cykloromantika.cz\/wp-content\/uploads\/2023\/11\/foto-2023-0726-015-300x225.jpg\",\"orientation\":\"landscape\"},\"full\":{\"url\":\"https:\/\/www.cykloromantika.cz\/wp-content\/uploads\/2023\/11\/foto-2023-0726-015.jpg\",\"height\":768,\"width\":1024,\"orientation\":\"landscape\"}},\"imageMeta\":{\"aperture\":\"1.7\",\"credit\":\"\",\"camera\":\"SM-G955F\",\"caption\":\"\",\"created_timestamp\":\"1690374120\",\"copyright\":\"\",\"focal_length\":\"4.2\",\"iso\":\"40\",\"shutter_speed\":\"0.00021404109589\",\"title\":\"\",\"orientation\":\"0\",\"keywords\":[]},\"meta\":false,\"postlink\":\"https:\/\/www.cykloromantika.cz\/foto-2023-0726-015\/\"},{\"id\":8177,\"title\":\"Foto 2023 0726 017\",\"url\":\"https:\/\/www.cykloromantika.cz\/wp-content\/uploads\/2023\/11\/foto-2023-0726-017.jpg\",\"link\":\"https:\/\/www.cykloromantika.cz\/foto-2023-0726-017\/\",\"alt\":\"\",\"description\":\"\",\"caption\":\"B\u00fdval\u00e1 obec Rolava\",\"mime\":\"image\/jpeg\",\"type\":\"image\",\"width\":1024,\"height\":683,\"sizes\":{\"thumbnail\":{\"height\":100,\"width\":150,\"url\":\"https:\/\/www.cykloromantika.cz\/wp-content\/uploads\/2023\/11\/foto-2023-0726-017-150x100.jpg\",\"orientation\":\"landscape\"},\"medium\":{\"height\":200,\"width\":300,\"url\":\"https:\/\/www.cykloromantika.cz\/wp-content\/uploads\/2023\/11\/foto-2023-0726-017-300x200.jpg\",\"orientation\":\"landscape\"},\"full\":{\"url\":\"https:\/\/www.cykloromantika.cz\/wp-content\/uploads\/2023\/11\/foto-2023-0726-017.jpg\",\"height\":683,\"width\":1024,\"orientation\":\"landscape\"}},\"imageMeta\":{\"aperture\":\"1.7\",\"credit\":\"\",\"camera\":\"SM-G955F\",\"caption\":\"\",\"created_timestamp\":\"1690374323\",\"copyright\":\"\",\"focal_length\":\"4.2\",\"iso\":\"40\",\"shutter_speed\":\"0.000192307692308\",\"title\":\"\",\"orientation\":\"0\",\"keywords\":[]},\"meta\":false,\"postlink\":\"https:\/\/www.cykloromantika.cz\/foto-2023-0726-017\/\"},{\"id\":8178,\"title\":\"Foto 2023 0726 019\",\"url\":\"https:\/\/www.cykloromantika.cz\/wp-content\/uploads\/2023\/11\/foto-2023-0726-019.jpg\",\"link\":\"https:\/\/www.cykloromantika.cz\/foto-2023-0726-019\/\",\"alt\":\"\",\"description\":\"\",\"caption\":\"V tomto staven\u00ed slavn\u00fd \u010desk\u00fd velik\u00e1n J\u00e1ra Cimrman s oblibou, jednou, mo\u017en\u00e1 p\u0159espal...\",\"mime\":\"image\/jpeg\",\"type\":\"image\",\"width\":1024,\"height\":768,\"sizes\":{\"thumbnail\":{\"height\":113,\"width\":150,\"url\":\"https:\/\/www.cykloromantika.cz\/wp-content\/uploads\/2023\/11\/foto-2023-0726-019-150x113.jpg\",\"orientation\":\"landscape\"},\"medium\":{\"height\":225,\"width\":300,\"url\":\"https:\/\/www.cykloromantika.cz\/wp-content\/uploads\/2023\/11\/foto-2023-0726-019-300x225.jpg\",\"orientation\":\"landscape\"},\"full\":{\"url\":\"https:\/\/www.cykloromantika.cz\/wp-content\/uploads\/2023\/11\/foto-2023-0726-019.jpg\",\"height\":768,\"width\":1024,\"orientation\":\"landscape\"}},\"imageMeta\":{\"aperture\":\"1.7\",\"credit\":\"\",\"camera\":\"SM-G955F\",\"caption\":\"\",\"created_timestamp\":\"1690374738\",\"copyright\":\"\",\"focal_length\":\"4.2\",\"iso\":\"40\",\"shutter_speed\":\"0.000372023809524\",\"title\":\"\",\"orientation\":\"0\",\"keywords\":[]},\"meta\":false,\"postlink\":\"https:\/\/www.cykloromantika.cz\/foto-2023-0726-019\/\"},{\"id\":8179,\"title\":\"Foto 2023 0726 021\",\"url\":\"https:\/\/www.cykloromantika.cz\/wp-content\/uploads\/2023\/11\/foto-2023-0726-021.jpg\",\"link\":\"https:\/\/www.cykloromantika.cz\/foto-2023-0726-021\/\",\"alt\":\"\",\"description\":\"\",\"caption\":\"Zbytky staven\u00ed po odsunut\u00fdch obyvatel\u00edch Rolavy\",\"mime\":\"image\/jpeg\",\"type\":\"image\",\"width\":1024,\"height\":683,\"sizes\":{\"thumbnail\":{\"height\":100,\"width\":150,\"url\":\"https:\/\/www.cykloromantika.cz\/wp-content\/uploads\/2023\/11\/foto-2023-0726-021-150x100.jpg\",\"orientation\":\"landscape\"},\"medium\":{\"height\":200,\"width\":300,\"url\":\"https:\/\/www.cykloromantika.cz\/wp-content\/uploads\/2023\/11\/foto-2023-0726-021-300x200.jpg\",\"orientation\":\"landscape\"},\"full\":{\"url\":\"https:\/\/www.cykloromantika.cz\/wp-content\/uploads\/2023\/11\/foto-2023-0726-021.jpg\",\"height\":683,\"width\":1024,\"orientation\":\"landscape\"}},\"imageMeta\":{\"aperture\":\"1.7\",\"credit\":\"\",\"camera\":\"SM-G955F\",\"caption\":\"\",\"created_timestamp\":\"1690374943\",\"copyright\":\"\",\"focal_length\":\"4.2\",\"iso\":\"40\",\"shutter_speed\":\"0.000348189415042\",\"title\":\"\",\"orientation\":\"0\",\"keywords\":[]},\"meta\":false,\"postlink\":\"https:\/\/www.cykloromantika.cz\/foto-2023-0726-021\/\"},{\"id\":8180,\"title\":\"Foto 2023 0726 022\",\"url\":\"https:\/\/www.cykloromantika.cz\/wp-content\/uploads\/2023\/11\/foto-2023-0726-022.jpg\",\"link\":\"https:\/\/www.cykloromantika.cz\/foto-2023-0726-022\/\",\"alt\":\"\",\"description\":\"\",\"caption\":\"B\u00fdval\u00e1 obec Rolava\",\"mime\":\"image\/jpeg\",\"type\":\"image\",\"width\":1024,\"height\":683,\"sizes\":{\"thumbnail\":{\"height\":100,\"width\":150,\"url\":\"https:\/\/www.cykloromantika.cz\/wp-content\/uploads\/2023\/11\/foto-2023-0726-022-150x100.jpg\",\"orientation\":\"landscape\"},\"medium\":{\"height\":200,\"width\":300,\"url\":\"https:\/\/www.cykloromantika.cz\/wp-content\/uploads\/2023\/11\/foto-2023-0726-022-300x200.jpg\",\"orientation\":\"landscape\"},\"full\":{\"url\":\"https:\/\/www.cykloromantika.cz\/wp-content\/uploads\/2023\/11\/foto-2023-0726-022.jpg\",\"height\":683,\"width\":1024,\"orientation\":\"landscape\"}},\"imageMeta\":{\"aperture\":\"1.7\",\"credit\":\"\",\"camera\":\"SM-G955F\",\"caption\":\"\",\"created_timestamp\":\"1690374960\",\"copyright\":\"\",\"focal_length\":\"4.2\",\"iso\":\"40\",\"shutter_speed\":\"0.000357142857143\",\"title\":\"\",\"orientation\":\"0\",\"keywords\":[]},\"meta\":false,\"postlink\":\"https:\/\/www.cykloromantika.cz\/foto-2023-0726-022\/\"},{\"id\":8181,\"title\":\"Foto 2023 0726 026\",\"url\":\"https:\/\/www.cykloromantika.cz\/wp-content\/uploads\/2023\/11\/foto-2023-0726-026.jpg\",\"link\":\"https:\/\/www.cykloromantika.cz\/foto-2023-0726-026\/\",\"alt\":\"\",\"description\":\"\",\"caption\":\"Sauersack \u2013 b\u00fdval\u00fd d\u016fl Rolava\",\"mime\":\"image\/jpeg\",\"type\":\"image\",\"width\":768,\"height\":1024,\"sizes\":{\"thumbnail\":{\"height\":150,\"width\":113,\"url\":\"https:\/\/www.cykloromantika.cz\/wp-content\/uploads\/2023\/11\/foto-2023-0726-026-113x150.jpg\",\"orientation\":\"portrait\"},\"medium\":{\"height\":300,\"width\":225,\"url\":\"https:\/\/www.cykloromantika.cz\/wp-content\/uploads\/2023\/11\/foto-2023-0726-026-225x300.jpg\",\"orientation\":\"portrait\"},\"full\":{\"url\":\"https:\/\/www.cykloromantika.cz\/wp-content\/uploads\/2023\/11\/foto-2023-0726-026.jpg\",\"height\":1024,\"width\":768,\"orientation\":\"portrait\"}},\"imageMeta\":{\"aperture\":\"1.7\",\"credit\":\"\",\"camera\":\"SM-G955F\",\"caption\":\"\",\"created_timestamp\":\"1690375836\",\"copyright\":\"\",\"focal_length\":\"4.2\",\"iso\":\"40\",\"shutter_speed\":\"0.00211416490486\",\"title\":\"\",\"orientation\":\"0\",\"keywords\":[]},\"meta\":false,\"postlink\":\"https:\/\/www.cykloromantika.cz\/foto-2023-0726-026\/\"},{\"id\":8182,\"title\":\"Foto 2023 0726 031\",\"url\":\"https:\/\/www.cykloromantika.cz\/wp-content\/uploads\/2023\/11\/foto-2023-0726-031.jpg\",\"link\":\"https:\/\/www.cykloromantika.cz\/foto-2023-0726-031\/\",\"alt\":\"\",\"description\":\"\",\"caption\":\"Sauersack \u2013 b\u00fdval\u00fd d\u016fl Rolava\",\"mime\":\"image\/jpeg\",\"type\":\"image\",\"width\":1024,\"height\":576,\"sizes\":{\"thumbnail\":{\"height\":84,\"width\":150,\"url\":\"https:\/\/www.cykloromantika.cz\/wp-content\/uploads\/2023\/11\/foto-2023-0726-031-150x84.jpg\",\"orientation\":\"landscape\"},\"medium\":{\"height\":169,\"width\":300,\"url\":\"https:\/\/www.cykloromantika.cz\/wp-content\/uploads\/2023\/11\/foto-2023-0726-031-300x169.jpg\",\"orientation\":\"landscape\"},\"full\":{\"url\":\"https:\/\/www.cykloromantika.cz\/wp-content\/uploads\/2023\/11\/foto-2023-0726-031.jpg\",\"height\":576,\"width\":1024,\"orientation\":\"landscape\"}},\"imageMeta\":{\"aperture\":\"1.5\",\"credit\":\"\",\"camera\":\"SM-G970F\",\"caption\":\"\",\"created_timestamp\":\"1690376001\",\"copyright\":\"\",\"focal_length\":\"4.32\",\"iso\":\"100\",\"shutter_speed\":\"0.05\",\"title\":\"\",\"orientation\":\"0\",\"keywords\":[]},\"meta\":false,\"postlink\":\"https:\/\/www.cykloromantika.cz\/foto-2023-0726-031\/\"},{\"id\":8183,\"title\":\"Foto 2023 0726 033\",\"url\":\"https:\/\/www.cykloromantika.cz\/wp-content\/uploads\/2023\/11\/foto-2023-0726-033.jpg\",\"link\":\"https:\/\/www.cykloromantika.cz\/foto-2023-0726-033\/\",\"alt\":\"\",\"description\":\"\",\"caption\":\"Dva z komanda\",\"mime\":\"image\/jpeg\",\"type\":\"image\",\"width\":768,\"height\":1024,\"sizes\":{\"thumbnail\":{\"height\":150,\"width\":113,\"url\":\"https:\/\/www.cykloromantika.cz\/wp-content\/uploads\/2023\/11\/foto-2023-0726-033-113x150.jpg\",\"orientation\":\"portrait\"},\"medium\":{\"height\":300,\"width\":225,\"url\":\"https:\/\/www.cykloromantika.cz\/wp-content\/uploads\/2023\/11\/foto-2023-0726-033-225x300.jpg\",\"orientation\":\"portrait\"},\"full\":{\"url\":\"https:\/\/www.cykloromantika.cz\/wp-content\/uploads\/2023\/11\/foto-2023-0726-033.jpg\",\"height\":1024,\"width\":768,\"orientation\":\"portrait\"}},\"imageMeta\":{\"aperture\":\"1.7\",\"credit\":\"\",\"camera\":\"SM-G955F\",\"caption\":\"\",\"created_timestamp\":\"1690376150\",\"copyright\":\"\",\"focal_length\":\"4.2\",\"iso\":\"200\",\"shutter_speed\":\"0.1\",\"title\":\"\",\"orientation\":\"0\",\"keywords\":[]},\"meta\":false,\"postlink\":\"https:\/\/www.cykloromantika.cz\/foto-2023-0726-033\/\"},{\"id\":8184,\"title\":\"Foto 2023 0726 035\",\"url\":\"https:\/\/www.cykloromantika.cz\/wp-content\/uploads\/2023\/11\/foto-2023-0726-035.jpg\",\"link\":\"https:\/\/www.cykloromantika.cz\/foto-2023-0726-035\/\",\"alt\":\"\",\"description\":\"\",\"caption\":\"Du\u0161\u00edk nev\u00e1\u017e\u00ed nic!\",\"mime\":\"image\/jpeg\",\"type\":\"image\",\"width\":768,\"height\":1024,\"sizes\":{\"thumbnail\":{\"height\":150,\"width\":113,\"url\":\"https:\/\/www.cykloromantika.cz\/wp-content\/uploads\/2023\/11\/foto-2023-0726-035-113x150.jpg\",\"orientation\":\"portrait\"},\"medium\":{\"height\":300,\"width\":225,\"url\":\"https:\/\/www.cykloromantika.cz\/wp-content\/uploads\/2023\/11\/foto-2023-0726-035-225x300.jpg\",\"orientation\":\"portrait\"},\"full\":{\"url\":\"https:\/\/www.cykloromantika.cz\/wp-content\/uploads\/2023\/11\/foto-2023-0726-035.jpg\",\"height\":1024,\"width\":768,\"orientation\":\"portrait\"}},\"imageMeta\":{\"aperture\":\"1.8\",\"credit\":\"\",\"camera\":\"SM-G991B\",\"caption\":\"\",\"created_timestamp\":\"1690376187\",\"copyright\":\"\",\"focal_length\":\"5.4\",\"iso\":\"640\",\"shutter_speed\":\"0.030303030303\",\"title\":\"\",\"orientation\":\"0\",\"keywords\":[]},\"meta\":false,\"postlink\":\"https:\/\/www.cykloromantika.cz\/foto-2023-0726-035\/\"},{\"id\":8185,\"title\":\"Foto 2023 0726 037\",\"url\":\"https:\/\/www.cykloromantika.cz\/wp-content\/uploads\/2023\/11\/foto-2023-0726-037.jpg\",\"link\":\"https:\/\/www.cykloromantika.cz\/foto-2023-0726-037\/\",\"alt\":\"\",\"description\":\"\",\"caption\":\"Sauersack \u2013 b\u00fdval\u00fd d\u016fl Rolava\",\"mime\":\"image\/jpeg\",\"type\":\"image\",\"width\":1024,\"height\":768,\"sizes\":{\"thumbnail\":{\"height\":113,\"width\":150,\"url\":\"https:\/\/www.cykloromantika.cz\/wp-content\/uploads\/2023\/11\/foto-2023-0726-037-150x113.jpg\",\"orientation\":\"landscape\"},\"medium\":{\"height\":225,\"width\":300,\"url\":\"https:\/\/www.cykloromantika.cz\/wp-content\/uploads\/2023\/11\/foto-2023-0726-037-300x225.jpg\",\"orientation\":\"landscape\"},\"full\":{\"url\":\"https:\/\/www.cykloromantika.cz\/wp-content\/uploads\/2023\/11\/foto-2023-0726-037.jpg\",\"height\":768,\"width\":1024,\"orientation\":\"landscape\"}},\"imageMeta\":{\"aperture\":\"1.7\",\"credit\":\"\",\"camera\":\"SM-G955F\",\"caption\":\"\",\"created_timestamp\":\"1690376230\",\"copyright\":\"\",\"focal_length\":\"4.2\",\"iso\":\"80\",\"shutter_speed\":\"0.02\",\"title\":\"\",\"orientation\":\"0\",\"keywords\":[]},\"meta\":false,\"postlink\":\"https:\/\/www.cykloromantika.cz\/foto-2023-0726-037\/\"},{\"id\":8186,\"title\":\"Foto 2023 0726 040\",\"url\":\"https:\/\/www.cykloromantika.cz\/wp-content\/uploads\/2023\/11\/foto-2023-0726-040.jpg\",\"link\":\"https:\/\/www.cykloromantika.cz\/foto-2023-0726-040\/\",\"alt\":\"\",\"description\":\"\",\"caption\":\"Sauersack \u2013 b\u00fdval\u00fd d\u016fl Rolava\",\"mime\":\"image\/jpeg\",\"type\":\"image\",\"width\":1024,\"height\":683,\"sizes\":{\"thumbnail\":{\"height\":100,\"width\":150,\"url\":\"https:\/\/www.cykloromantika.cz\/wp-content\/uploads\/2023\/11\/foto-2023-0726-040-150x100.jpg\",\"orientation\":\"landscape\"},\"medium\":{\"height\":200,\"width\":300,\"url\":\"https:\/\/www.cykloromantika.cz\/wp-content\/uploads\/2023\/11\/foto-2023-0726-040-300x200.jpg\",\"orientation\":\"landscape\"},\"full\":{\"url\":\"https:\/\/www.cykloromantika.cz\/wp-content\/uploads\/2023\/11\/foto-2023-0726-040.jpg\",\"height\":683,\"width\":1024,\"orientation\":\"landscape\"}},\"imageMeta\":{\"aperture\":\"1.7\",\"credit\":\"\",\"camera\":\"SM-G955F\",\"caption\":\"\",\"created_timestamp\":\"1690376369\",\"copyright\":\"\",\"focal_length\":\"4.2\",\"iso\":\"100\",\"shutter_speed\":\"0.02\",\"title\":\"\",\"orientation\":\"0\",\"keywords\":[]},\"meta\":false,\"postlink\":\"https:\/\/www.cykloromantika.cz\/foto-2023-0726-040\/\"},{\"id\":8187,\"title\":\"Foto 2023 0726 042\",\"url\":\"https:\/\/www.cykloromantika.cz\/wp-content\/uploads\/2023\/11\/foto-2023-0726-042.jpg\",\"link\":\"https:\/\/www.cykloromantika.cz\/foto-2023-0726-042\/\",\"alt\":\"\",\"description\":\"\",\"caption\":\"Sauersack \u2013 b\u00fdval\u00fd d\u016fl Rolava\",\"mime\":\"image\/jpeg\",\"type\":\"image\",\"width\":1024,\"height\":768,\"sizes\":{\"thumbnail\":{\"height\":113,\"width\":150,\"url\":\"https:\/\/www.cykloromantika.cz\/wp-content\/uploads\/2023\/11\/foto-2023-0726-042-150x113.jpg\",\"orientation\":\"landscape\"},\"medium\":{\"height\":225,\"width\":300,\"url\":\"https:\/\/www.cykloromantika.cz\/wp-content\/uploads\/2023\/11\/foto-2023-0726-042-300x225.jpg\",\"orientation\":\"landscape\"},\"full\":{\"url\":\"https:\/\/www.cykloromantika.cz\/wp-content\/uploads\/2023\/11\/foto-2023-0726-042.jpg\",\"height\":768,\"width\":1024,\"orientation\":\"landscape\"}},\"imageMeta\":{\"aperture\":\"1.7\",\"credit\":\"\",\"camera\":\"SM-G955F\",\"caption\":\"\",\"created_timestamp\":\"1690376542\",\"copyright\":\"\",\"focal_length\":\"4.2\",\"iso\":\"200\",\"shutter_speed\":\"0.0384615384615\",\"title\":\"\",\"orientation\":\"0\",\"keywords\":[]},\"meta\":false,\"postlink\":\"https:\/\/www.cykloromantika.cz\/foto-2023-0726-042\/\"},{\"id\":8188,\"title\":\"Foto 2023 0726 044\",\"url\":\"https:\/\/www.cykloromantika.cz\/wp-content\/uploads\/2023\/11\/foto-2023-0726-044.jpg\",\"link\":\"https:\/\/www.cykloromantika.cz\/foto-2023-0726-044\/\",\"alt\":\"\",\"description\":\"\",\"caption\":\"Sauersack \u2013 b\u00fdval\u00fd d\u016fl Rolava\",\"mime\":\"image\/jpeg\",\"type\":\"image\",\"width\":768,\"height\":1024,\"sizes\":{\"thumbnail\":{\"height\":150,\"width\":113,\"url\":\"https:\/\/www.cykloromantika.cz\/wp-content\/uploads\/2023\/11\/foto-2023-0726-044-113x150.jpg\",\"orientation\":\"portrait\"},\"medium\":{\"height\":300,\"width\":225,\"url\":\"https:\/\/www.cykloromantika.cz\/wp-content\/uploads\/2023\/11\/foto-2023-0726-044-225x300.jpg\",\"orientation\":\"portrait\"},\"full\":{\"url\":\"https:\/\/www.cykloromantika.cz\/wp-content\/uploads\/2023\/11\/foto-2023-0726-044.jpg\",\"height\":1024,\"width\":768,\"orientation\":\"portrait\"}},\"imageMeta\":{\"aperture\":\"1.7\",\"credit\":\"\",\"camera\":\"SM-G955F\",\"caption\":\"\",\"created_timestamp\":\"1690376586\",\"copyright\":\"\",\"focal_length\":\"4.2\",\"iso\":\"40\",\"shutter_speed\":\"0.00917431192661\",\"title\":\"\",\"orientation\":\"0\",\"keywords\":[]},\"meta\":false,\"postlink\":\"https:\/\/www.cykloromantika.cz\/foto-2023-0726-044\/\"},{\"id\":8189,\"title\":\"Foto 2023 0726 047\",\"url\":\"https:\/\/www.cykloromantika.cz\/wp-content\/uploads\/2023\/11\/foto-2023-0726-047.jpg\",\"link\":\"https:\/\/www.cykloromantika.cz\/foto-2023-0726-047\/\",\"alt\":\"\",\"description\":\"\",\"caption\":\"Sauersack \u2013 b\u00fdval\u00fd d\u016fl Rolava\",\"mime\":\"image\/jpeg\",\"type\":\"image\",\"width\":683,\"height\":1024,\"sizes\":{\"thumbnail\":{\"height\":150,\"width\":100,\"url\":\"https:\/\/www.cykloromantika.cz\/wp-content\/uploads\/2023\/11\/foto-2023-0726-047-100x150.jpg\",\"orientation\":\"portrait\"},\"medium\":{\"height\":300,\"width\":200,\"url\":\"https:\/\/www.cykloromantika.cz\/wp-content\/uploads\/2023\/11\/foto-2023-0726-047-200x300.jpg\",\"orientation\":\"portrait\"},\"full\":{\"url\":\"https:\/\/www.cykloromantika.cz\/wp-content\/uploads\/2023\/11\/foto-2023-0726-047.jpg\",\"height\":1024,\"width\":683,\"orientation\":\"portrait\"}},\"imageMeta\":{\"aperture\":\"2.2\",\"credit\":\"\",\"camera\":\"SM-G970F\",\"caption\":\"\",\"created_timestamp\":\"1690376856\",\"copyright\":\"\",\"focal_length\":\"1.8\",\"iso\":\"100\",\"shutter_speed\":\"0.02\",\"title\":\"\",\"orientation\":\"0\",\"keywords\":[]},\"meta\":false,\"postlink\":\"https:\/\/www.cykloromantika.cz\/foto-2023-0726-047\/\"},{\"id\":8190,\"title\":\"Foto 2023 0726 049\",\"url\":\"https:\/\/www.cykloromantika.cz\/wp-content\/uploads\/2023\/11\/foto-2023-0726-049.jpg\",\"link\":\"https:\/\/www.cykloromantika.cz\/foto-2023-0726-049\/\",\"alt\":\"\",\"description\":\"\",\"caption\":\"And\u011bl str\u00e1\u017en\u00fd?\",\"mime\":\"image\/jpeg\",\"type\":\"image\",\"width\":683,\"height\":1024,\"sizes\":{\"thumbnail\":{\"height\":150,\"width\":100,\"url\":\"https:\/\/www.cykloromantika.cz\/wp-content\/uploads\/2023\/11\/foto-2023-0726-049-100x150.jpg\",\"orientation\":\"portrait\"},\"medium\":{\"height\":300,\"width\":200,\"url\":\"https:\/\/www.cykloromantika.cz\/wp-content\/uploads\/2023\/11\/foto-2023-0726-049-200x300.jpg\",\"orientation\":\"portrait\"},\"full\":{\"url\":\"https:\/\/www.cykloromantika.cz\/wp-content\/uploads\/2023\/11\/foto-2023-0726-049.jpg\",\"height\":1024,\"width\":683,\"orientation\":\"portrait\"}},\"imageMeta\":{\"aperture\":\"1.8\",\"credit\":\"\",\"camera\":\"SM-G991B\",\"caption\":\"\",\"created_timestamp\":\"1690376866\",\"copyright\":\"\",\"focal_length\":\"5.4\",\"iso\":\"500\",\"shutter_speed\":\"0.05\",\"title\":\"\",\"orientation\":\"0\",\"keywords\":[]},\"meta\":false,\"postlink\":\"https:\/\/www.cykloromantika.cz\/foto-2023-0726-049\/\"},{\"id\":8191,\"title\":\"Foto 2023 0726 052\",\"url\":\"https:\/\/www.cykloromantika.cz\/wp-content\/uploads\/2023\/11\/foto-2023-0726-052.jpg\",\"link\":\"https:\/\/www.cykloromantika.cz\/foto-2023-0726-052\/\",\"alt\":\"\",\"description\":\"\",\"caption\":\"Ofic\u00edr?\",\"mime\":\"image\/jpeg\",\"type\":\"image\",\"width\":768,\"height\":1024,\"sizes\":{\"thumbnail\":{\"height\":150,\"width\":113,\"url\":\"https:\/\/www.cykloromantika.cz\/wp-content\/uploads\/2023\/11\/foto-2023-0726-052-113x150.jpg\",\"orientation\":\"portrait\"},\"medium\":{\"height\":300,\"width\":225,\"url\":\"https:\/\/www.cykloromantika.cz\/wp-content\/uploads\/2023\/11\/foto-2023-0726-052-225x300.jpg\",\"orientation\":\"portrait\"},\"full\":{\"url\":\"https:\/\/www.cykloromantika.cz\/wp-content\/uploads\/2023\/11\/foto-2023-0726-052.jpg\",\"height\":1024,\"width\":768,\"orientation\":\"portrait\"}},\"imageMeta\":{\"aperture\":\"2\",\"credit\":\"\",\"camera\":\"SM-G991B\",\"caption\":\"\",\"created_timestamp\":\"1690376942\",\"copyright\":\"\",\"focal_length\":\"5.9\",\"iso\":\"250\",\"shutter_speed\":\"0.02\",\"title\":\"\",\"orientation\":\"0\",\"keywords\":[]},\"meta\":false,\"postlink\":\"https:\/\/www.cykloromantika.cz\/foto-2023-0726-052\/\"},{\"id\":8192,\"title\":\"Foto 2023 0726 053\",\"url\":\"https:\/\/www.cykloromantika.cz\/wp-content\/uploads\/2023\/11\/foto-2023-0726-053.jpg\",\"link\":\"https:\/\/www.cykloromantika.cz\/foto-2023-0726-053\/\",\"alt\":\"\",\"description\":\"\",\"caption\":\"Sauersack \u2013 b\u00fdval\u00fd d\u016fl Rolava\",\"mime\":\"image\/jpeg\",\"type\":\"image\",\"width\":576,\"height\":1024,\"sizes\":{\"thumbnail\":{\"height\":150,\"width\":84,\"url\":\"https:\/\/www.cykloromantika.cz\/wp-content\/uploads\/2023\/11\/foto-2023-0726-053-84x150.jpg\",\"orientation\":\"portrait\"},\"medium\":{\"height\":300,\"width\":169,\"url\":\"https:\/\/www.cykloromantika.cz\/wp-content\/uploads\/2023\/11\/foto-2023-0726-053-169x300.jpg\",\"orientation\":\"portrait\"},\"full\":{\"url\":\"https:\/\/www.cykloromantika.cz\/wp-content\/uploads\/2023\/11\/foto-2023-0726-053.jpg\",\"height\":1024,\"width\":576,\"orientation\":\"portrait\"}},\"imageMeta\":{\"aperture\":\"2.2\",\"credit\":\"\",\"camera\":\"SM-G970F\",\"caption\":\"\",\"created_timestamp\":\"1690376974\",\"copyright\":\"\",\"focal_length\":\"1.8\",\"iso\":\"50\",\"shutter_speed\":\"0.000986193293886\",\"title\":\"\",\"orientation\":\"0\",\"keywords\":[]},\"meta\":false,\"postlink\":\"https:\/\/www.cykloromantika.cz\/foto-2023-0726-053\/\"},{\"id\":8193,\"title\":\"Foto 2023 0726 054\",\"url\":\"https:\/\/www.cykloromantika.cz\/wp-content\/uploads\/2023\/11\/foto-2023-0726-054.jpg\",\"link\":\"https:\/\/www.cykloromantika.cz\/foto-2023-0726-054\/\",\"alt\":\"\",\"description\":\"\",\"caption\":\"\u00dadol\u00ed \u010cern\u00e9 vody\",\"mime\":\"image\/jpeg\",\"type\":\"image\",\"width\":1024,\"height\":576,\"sizes\":{\"thumbnail\":{\"height\":84,\"width\":150,\"url\":\"https:\/\/www.cykloromantika.cz\/wp-content\/uploads\/2023\/11\/foto-2023-0726-054-150x84.jpg\",\"orientation\":\"landscape\"},\"medium\":{\"height\":169,\"width\":300,\"url\":\"https:\/\/www.cykloromantika.cz\/wp-content\/uploads\/2023\/11\/foto-2023-0726-054-300x169.jpg\",\"orientation\":\"landscape\"},\"full\":{\"url\":\"https:\/\/www.cykloromantika.cz\/wp-content\/uploads\/2023\/11\/foto-2023-0726-054.jpg\",\"height\":576,\"width\":1024,\"orientation\":\"landscape\"}},\"imageMeta\":{\"aperture\":\"2.4\",\"credit\":\"\",\"camera\":\"SM-G970F\",\"caption\":\"\",\"created_timestamp\":\"1690377526\",\"copyright\":\"\",\"focal_length\":\"4.32\",\"iso\":\"100\",\"shutter_speed\":\"0.00025\",\"title\":\"\",\"orientation\":\"0\",\"keywords\":[]},\"meta\":false,\"postlink\":\"https:\/\/www.cykloromantika.cz\/foto-2023-0726-054\/\"},{\"id\":8194,\"title\":\"Foto 2023 0726 055\",\"url\":\"https:\/\/www.cykloromantika.cz\/wp-content\/uploads\/2023\/11\/foto-2023-0726-055.jpg\",\"link\":\"https:\/\/www.cykloromantika.cz\/foto-2023-0726-055\/\",\"alt\":\"\",\"description\":\"\",\"caption\":\"\u00dadol\u00ed \u010cern\u00e9 vody\",\"mime\":\"image\/jpeg\",\"type\":\"image\",\"width\":1024,\"height\":576,\"sizes\":{\"thumbnail\":{\"height\":84,\"width\":150,\"url\":\"https:\/\/www.cykloromantika.cz\/wp-content\/uploads\/2023\/11\/foto-2023-0726-055-150x84.jpg\",\"orientation\":\"landscape\"},\"medium\":{\"height\":169,\"width\":300,\"url\":\"https:\/\/www.cykloromantika.cz\/wp-content\/uploads\/2023\/11\/foto-2023-0726-055-300x169.jpg\",\"orientation\":\"landscape\"},\"full\":{\"url\":\"https:\/\/www.cykloromantika.cz\/wp-content\/uploads\/2023\/11\/foto-2023-0726-055.jpg\",\"height\":576,\"width\":1024,\"orientation\":\"landscape\"}},\"imageMeta\":{\"aperture\":\"2.4\",\"credit\":\"\",\"camera\":\"SM-G970F\",\"caption\":\"\",\"created_timestamp\":\"1690377565\",\"copyright\":\"\",\"focal_length\":\"4.32\",\"iso\":\"100\",\"shutter_speed\":\"0.000333333333333\",\"title\":\"\",\"orientation\":\"0\",\"keywords\":[]},\"meta\":false,\"postlink\":\"https:\/\/www.cykloromantika.cz\/foto-2023-0726-055\/\"},{\"id\":8195,\"title\":\"Foto 2023 0726 056\",\"url\":\"https:\/\/www.cykloromantika.cz\/wp-content\/uploads\/2023\/11\/foto-2023-0726-056.jpg\",\"link\":\"https:\/\/www.cykloromantika.cz\/foto-2023-0726-056\/\",\"alt\":\"\",\"description\":\"\",\"caption\":\"\u00dadol\u00ed \u010cern\u00e9 vody\",\"mime\":\"image\/jpeg\",\"type\":\"image\",\"width\":1024,\"height\":576,\"sizes\":{\"thumbnail\":{\"height\":84,\"width\":150,\"url\":\"https:\/\/www.cykloromantika.cz\/wp-content\/uploads\/2023\/11\/foto-2023-0726-056-150x84.jpg\",\"orientation\":\"landscape\"},\"medium\":{\"height\":169,\"width\":300,\"url\":\"https:\/\/www.cykloromantika.cz\/wp-content\/uploads\/2023\/11\/foto-2023-0726-056-300x169.jpg\",\"orientation\":\"landscape\"},\"full\":{\"url\":\"https:\/\/www.cykloromantika.cz\/wp-content\/uploads\/2023\/11\/foto-2023-0726-056.jpg\",\"height\":576,\"width\":1024,\"orientation\":\"landscape\"}},\"imageMeta\":{\"aperture\":\"2.4\",\"credit\":\"\",\"camera\":\"SM-G970F\",\"caption\":\"\",\"created_timestamp\":\"1690377748\",\"copyright\":\"\",\"focal_length\":\"4.32\",\"iso\":\"100\",\"shutter_speed\":\"0.00025\",\"title\":\"\",\"orientation\":\"0\",\"keywords\":[]},\"meta\":false,\"postlink\":\"https:\/\/www.cykloromantika.cz\/foto-2023-0726-056\/\"},{\"id\":8196,\"title\":\"Foto 2023 0726 057\",\"url\":\"https:\/\/www.cykloromantika.cz\/wp-content\/uploads\/2023\/11\/foto-2023-0726-057.jpg\",\"link\":\"https:\/\/www.cykloromantika.cz\/foto-2023-0726-057\/\",\"alt\":\"\",\"description\":\"\",\"caption\":\"Osada Jelen\u00ed\",\"mime\":\"image\/jpeg\",\"type\":\"image\",\"width\":1024,\"height\":683,\"sizes\":{\"thumbnail\":{\"height\":100,\"width\":150,\"url\":\"https:\/\/www.cykloromantika.cz\/wp-content\/uploads\/2023\/11\/foto-2023-0726-057-150x100.jpg\",\"orientation\":\"landscape\"},\"medium\":{\"height\":200,\"width\":300,\"url\":\"https:\/\/www.cykloromantika.cz\/wp-content\/uploads\/2023\/11\/foto-2023-0726-057-300x200.jpg\",\"orientation\":\"landscape\"},\"full\":{\"url\":\"https:\/\/www.cykloromantika.cz\/wp-content\/uploads\/2023\/11\/foto-2023-0726-057.jpg\",\"height\":683,\"width\":1024,\"orientation\":\"landscape\"}},\"imageMeta\":{\"aperture\":\"1.7\",\"credit\":\"\",\"camera\":\"SM-G955F\",\"caption\":\"\",\"created_timestamp\":\"1690377889\",\"copyright\":\"\",\"focal_length\":\"4.2\",\"iso\":\"40\",\"shutter_speed\":\"0.000241312741313\",\"title\":\"\",\"orientation\":\"0\",\"keywords\":[]},\"meta\":false,\"postlink\":\"https:\/\/www.cykloromantika.cz\/foto-2023-0726-057\/\"},{\"id\":8197,\"title\":\"Foto 2023 0726 058\",\"url\":\"https:\/\/www.cykloromantika.cz\/wp-content\/uploads\/2023\/11\/foto-2023-0726-058.jpg\",\"link\":\"https:\/\/www.cykloromantika.cz\/foto-2023-0726-058\/\",\"alt\":\"\",\"description\":\"\",\"caption\":\"Pam\u00e1tn\u00edk b\u00fdval\u00e9ho kostela Jelen\u00ed\",\"mime\":\"image\/jpeg\",\"type\":\"image\",\"width\":1024,\"height\":576,\"sizes\":{\"thumbnail\":{\"height\":84,\"width\":150,\"url\":\"https:\/\/www.cykloromantika.cz\/wp-content\/uploads\/2023\/11\/foto-2023-0726-058-150x84.jpg\",\"orientation\":\"landscape\"},\"medium\":{\"height\":169,\"width\":300,\"url\":\"https:\/\/www.cykloromantika.cz\/wp-content\/uploads\/2023\/11\/foto-2023-0726-058-300x169.jpg\",\"orientation\":\"landscape\"},\"full\":{\"url\":\"https:\/\/www.cykloromantika.cz\/wp-content\/uploads\/2023\/11\/foto-2023-0726-058.jpg\",\"height\":576,\"width\":1024,\"orientation\":\"landscape\"}},\"imageMeta\":{\"aperture\":\"2.4\",\"credit\":\"\",\"camera\":\"SM-G970F\",\"caption\":\"\",\"created_timestamp\":\"1690377995\",\"copyright\":\"\",\"focal_length\":\"4.32\",\"iso\":\"100\",\"shutter_speed\":\"0.00025\",\"title\":\"\",\"orientation\":\"0\",\"keywords\":[]},\"meta\":false,\"postlink\":\"https:\/\/www.cykloromantika.cz\/foto-2023-0726-058\/\"},{\"id\":8198,\"title\":\"Foto 2023 0726 059\",\"url\":\"https:\/\/www.cykloromantika.cz\/wp-content\/uploads\/2023\/11\/foto-2023-0726-059.jpg\",\"link\":\"https:\/\/www.cykloromantika.cz\/foto-2023-0726-059\/\",\"alt\":\"\",\"description\":\"\",\"caption\":\"Pam\u00e1tn\u00edk b\u00fdval\u00e9ho kostela Jelen\u00ed\",\"mime\":\"image\/jpeg\",\"type\":\"image\",\"width\":1024,\"height\":683,\"sizes\":{\"thumbnail\":{\"height\":100,\"width\":150,\"url\":\"https:\/\/www.cykloromantika.cz\/wp-content\/uploads\/2023\/11\/foto-2023-0726-059-150x100.jpg\",\"orientation\":\"landscape\"},\"medium\":{\"height\":200,\"width\":300,\"url\":\"https:\/\/www.cykloromantika.cz\/wp-content\/uploads\/2023\/11\/foto-2023-0726-059-300x200.jpg\",\"orientation\":\"landscape\"},\"full\":{\"url\":\"https:\/\/www.cykloromantika.cz\/wp-content\/uploads\/2023\/11\/foto-2023-0726-059.jpg\",\"height\":683,\"width\":1024,\"orientation\":\"landscape\"}},\"imageMeta\":{\"aperture\":\"1.7\",\"credit\":\"\",\"camera\":\"SM-G955F\",\"caption\":\"\",\"created_timestamp\":\"1690378025\",\"copyright\":\"\",\"focal_length\":\"4.2\",\"iso\":\"40\",\"shutter_speed\":\"0.000263713080169\",\"title\":\"\",\"orientation\":\"0\",\"keywords\":[]},\"meta\":false,\"postlink\":\"https:\/\/www.cykloromantika.cz\/foto-2023-0726-059\/\"},{\"id\":8199,\"title\":\"Foto 2023 0726 063\",\"url\":\"https:\/\/www.cykloromantika.cz\/wp-content\/uploads\/2023\/11\/foto-2023-0726-063.jpg\",\"link\":\"https:\/\/www.cykloromantika.cz\/foto-2023-0726-063\/\",\"alt\":\"\",\"description\":\"\",\"caption\":\"Jelen\u00ed nebo jeleni?\",\"mime\":\"image\/jpeg\",\"type\":\"image\",\"width\":1024,\"height\":384,\"sizes\":{\"thumbnail\":{\"height\":56,\"width\":150,\"url\":\"https:\/\/www.cykloromantika.cz\/wp-content\/uploads\/2023\/11\/foto-2023-0726-063-150x56.jpg\",\"orientation\":\"landscape\"},\"medium\":{\"height\":113,\"width\":300,\"url\":\"https:\/\/www.cykloromantika.cz\/wp-content\/uploads\/2023\/11\/foto-2023-0726-063-300x113.jpg\",\"orientation\":\"landscape\"},\"full\":{\"url\":\"https:\/\/www.cykloromantika.cz\/wp-content\/uploads\/2023\/11\/foto-2023-0726-063.jpg\",\"height\":384,\"width\":1024,\"orientation\":\"landscape\"}},\"imageMeta\":{\"aperture\":\"0\",\"credit\":\"\",\"camera\":\"SM-G991B\",\"caption\":\"\",\"created_timestamp\":\"1690378152\",\"copyright\":\"\",\"focal_length\":\"2.2\",\"iso\":\"0\",\"shutter_speed\":\"0\",\"title\":\"\",\"orientation\":\"0\",\"keywords\":[]},\"meta\":false,\"postlink\":\"https:\/\/www.cykloromantika.cz\/foto-2023-0726-063\/\"},{\"id\":8200,\"title\":\"Foto 2023 0726 067\",\"url\":\"https:\/\/www.cykloromantika.cz\/wp-content\/uploads\/2023\/11\/foto-2023-0726-067.jpg\",\"link\":\"https:\/\/www.cykloromantika.cz\/foto-2023-0726-067\/\",\"alt\":\"\",\"description\":\"\",\"caption\":\"Od Korc\u016f k Horn\u00ed Blatn\u00e9\",\"mime\":\"image\/jpeg\",\"type\":\"image\",\"width\":768,\"height\":1024,\"sizes\":{\"thumbnail\":{\"height\":150,\"width\":113,\"url\":\"https:\/\/www.cykloromantika.cz\/wp-content\/uploads\/2023\/11\/foto-2023-0726-067-113x150.jpg\",\"orientation\":\"portrait\"},\"medium\":{\"height\":300,\"width\":225,\"url\":\"https:\/\/www.cykloromantika.cz\/wp-content\/uploads\/2023\/11\/foto-2023-0726-067-225x300.jpg\",\"orientation\":\"portrait\"},\"full\":{\"url\":\"https:\/\/www.cykloromantika.cz\/wp-content\/uploads\/2023\/11\/foto-2023-0726-067.jpg\",\"height\":1024,\"width\":768,\"orientation\":\"portrait\"}},\"imageMeta\":{\"aperture\":\"1.7\",\"credit\":\"\",\"camera\":\"SM-G955F\",\"caption\":\"\",\"created_timestamp\":\"1690379322\",\"copyright\":\"\",\"focal_length\":\"4.2\",\"iso\":\"40\",\"shutter_speed\":\"0.000448028673835\",\"title\":\"\",\"orientation\":\"0\",\"keywords\":[]},\"meta\":false,\"postlink\":\"https:\/\/www.cykloromantika.cz\/foto-2023-0726-067\/\"},{\"id\":8201,\"title\":\"Foto 2023 0726 068\",\"url\":\"https:\/\/www.cykloromantika.cz\/wp-content\/uploads\/2023\/11\/foto-2023-0726-068.jpg\",\"link\":\"https:\/\/www.cykloromantika.cz\/foto-2023-0726-068\/\",\"alt\":\"\",\"description\":\"\",\"caption\":\"Horn\u00ed Blatn\u00e1 \u2013 slun\u00ed\u010dko a ob\u011bd\",\"mime\":\"image\/jpeg\",\"type\":\"image\",\"width\":768,\"height\":1024,\"sizes\":{\"thumbnail\":{\"height\":150,\"width\":113,\"url\":\"https:\/\/www.cykloromantika.cz\/wp-content\/uploads\/2023\/11\/foto-2023-0726-068-113x150.jpg\",\"orientation\":\"portrait\"},\"medium\":{\"height\":300,\"width\":225,\"url\":\"https:\/\/www.cykloromantika.cz\/wp-content\/uploads\/2023\/11\/foto-2023-0726-068-225x300.jpg\",\"orientation\":\"portrait\"},\"full\":{\"url\":\"https:\/\/www.cykloromantika.cz\/wp-content\/uploads\/2023\/11\/foto-2023-0726-068.jpg\",\"height\":1024,\"width\":768,\"orientation\":\"portrait\"}},\"imageMeta\":{\"aperture\":\"1.7\",\"credit\":\"\",\"camera\":\"SM-G955F\",\"caption\":\"\",\"created_timestamp\":\"1690381162\",\"copyright\":\"\",\"focal_length\":\"4.2\",\"iso\":\"40\",\"shutter_speed\":\"0.000456204379562\",\"title\":\"\",\"orientation\":\"0\",\"keywords\":[]},\"meta\":false,\"postlink\":\"https:\/\/www.cykloromantika.cz\/foto-2023-0726-068\/\"},{\"id\":8202,\"title\":\"Foto 2023 0726 069\",\"url\":\"https:\/\/www.cykloromantika.cz\/wp-content\/uploads\/2023\/11\/foto-2023-0726-069.jpg\",\"link\":\"https:\/\/www.cykloromantika.cz\/foto-2023-0726-069\/\",\"alt\":\"\",\"description\":\"\",\"caption\":\"Kaple sv. Anny v Horn\u00ed Blatn\u00e9\",\"mime\":\"image\/jpeg\",\"type\":\"image\",\"width\":1024,\"height\":683,\"sizes\":{\"thumbnail\":{\"height\":100,\"width\":150,\"url\":\"https:\/\/www.cykloromantika.cz\/wp-content\/uploads\/2023\/11\/foto-2023-0726-069-150x100.jpg\",\"orientation\":\"landscape\"},\"medium\":{\"height\":200,\"width\":300,\"url\":\"https:\/\/www.cykloromantika.cz\/wp-content\/uploads\/2023\/11\/foto-2023-0726-069-300x200.jpg\",\"orientation\":\"landscape\"},\"full\":{\"url\":\"https:\/\/www.cykloromantika.cz\/wp-content\/uploads\/2023\/11\/foto-2023-0726-069.jpg\",\"height\":683,\"width\":1024,\"orientation\":\"landscape\"}},\"imageMeta\":{\"aperture\":\"1.7\",\"credit\":\"\",\"camera\":\"SM-G955F\",\"caption\":\"\",\"created_timestamp\":\"1690387343\",\"copyright\":\"\",\"focal_length\":\"4.2\",\"iso\":\"40\",\"shutter_speed\":\"0.00118764845606\",\"title\":\"\",\"orientation\":\"0\",\"keywords\":[]},\"meta\":false,\"postlink\":\"https:\/\/www.cykloromantika.cz\/foto-2023-0726-069\/\"},{\"id\":8203,\"title\":\"Foto 2023 0726 071\",\"url\":\"https:\/\/www.cykloromantika.cz\/wp-content\/uploads\/2023\/11\/foto-2023-0726-071.jpg\",\"link\":\"https:\/\/www.cykloromantika.cz\/foto-2023-0726-071\/\",\"alt\":\"\",\"description\":\"\",\"caption\":\"Tom\u00edkovo doprovodn\u00e9 vozidlo\",\"mime\":\"image\/jpeg\",\"type\":\"image\",\"width\":1024,\"height\":682,\"sizes\":{\"thumbnail\":{\"height\":100,\"width\":150,\"url\":\"https:\/\/www.cykloromantika.cz\/wp-content\/uploads\/2023\/11\/foto-2023-0726-071-150x100.jpg\",\"orientation\":\"landscape\"},\"medium\":{\"height\":200,\"width\":300,\"url\":\"https:\/\/www.cykloromantika.cz\/wp-content\/uploads\/2023\/11\/foto-2023-0726-071-300x200.jpg\",\"orientation\":\"landscape\"},\"full\":{\"url\":\"https:\/\/www.cykloromantika.cz\/wp-content\/uploads\/2023\/11\/foto-2023-0726-071.jpg\",\"height\":682,\"width\":1024,\"orientation\":\"landscape\"}},\"imageMeta\":{\"aperture\":\"1.7\",\"credit\":\"\",\"camera\":\"SM-G955F\",\"caption\":\"\",\"created_timestamp\":\"1690387483\",\"copyright\":\"\",\"focal_length\":\"4.2\",\"iso\":\"50\",\"shutter_speed\":\"0.01\",\"title\":\"\",\"orientation\":\"0\",\"keywords\":[]},\"meta\":false,\"postlink\":\"https:\/\/www.cykloromantika.cz\/foto-2023-0726-071\/\"},{\"id\":8204,\"title\":\"Foto 2023 0726 072\",\"url\":\"https:\/\/www.cykloromantika.cz\/wp-content\/uploads\/2023\/11\/foto-2023-0726-072.jpg\",\"link\":\"https:\/\/www.cykloromantika.cz\/foto-2023-0726-072\/\",\"alt\":\"\",\"description\":\"\",\"caption\":\"\u00dazk\u00e1 uli\u010dka v Horn\u00ed Blatn\u00e9\",\"mime\":\"image\/jpeg\",\"type\":\"image\",\"width\":768,\"height\":1024,\"sizes\":{\"thumbnail\":{\"height\":150,\"width\":113,\"url\":\"https:\/\/www.cykloromantika.cz\/wp-content\/uploads\/2023\/11\/foto-2023-0726-072-113x150.jpg\",\"orientation\":\"portrait\"},\"medium\":{\"height\":300,\"width\":225,\"url\":\"https:\/\/www.cykloromantika.cz\/wp-content\/uploads\/2023\/11\/foto-2023-0726-072-225x300.jpg\",\"orientation\":\"portrait\"},\"full\":{\"url\":\"https:\/\/www.cykloromantika.cz\/wp-content\/uploads\/2023\/11\/foto-2023-0726-072.jpg\",\"height\":1024,\"width\":768,\"orientation\":\"portrait\"}},\"imageMeta\":{\"aperture\":\"1.7\",\"credit\":\"\",\"camera\":\"SM-G955F\",\"caption\":\"\",\"created_timestamp\":\"1690387566\",\"copyright\":\"\",\"focal_length\":\"4.2\",\"iso\":\"40\",\"shutter_speed\":\"0.00145772594752\",\"title\":\"\",\"orientation\":\"0\",\"keywords\":[]},\"meta\":false,\"postlink\":\"https:\/\/www.cykloromantika.cz\/foto-2023-0726-072\/\"},{\"id\":8205,\"title\":\"Foto 2023 0726 073\",\"url\":\"https:\/\/www.cykloromantika.cz\/wp-content\/uploads\/2023\/11\/foto-2023-0726-073.jpg\",\"link\":\"https:\/\/www.cykloromantika.cz\/foto-2023-0726-073\/\",\"alt\":\"\",\"description\":\"\",\"caption\":\"\u010cern\u00e9 jez\u00edrko \u2013 koup\u00e1n\u00ed br\u00e1n\u00ed d\u00e9\u0161\u0165 a zima\",\"mime\":\"image\/jpeg\",\"type\":\"image\",\"width\":1024,\"height\":683,\"sizes\":{\"thumbnail\":{\"height\":100,\"width\":150,\"url\":\"https:\/\/www.cykloromantika.cz\/wp-content\/uploads\/2023\/11\/foto-2023-0726-073-150x100.jpg\",\"orientation\":\"landscape\"},\"medium\":{\"height\":200,\"width\":300,\"url\":\"https:\/\/www.cykloromantika.cz\/wp-content\/uploads\/2023\/11\/foto-2023-0726-073-300x200.jpg\",\"orientation\":\"landscape\"},\"full\":{\"url\":\"https:\/\/www.cykloromantika.cz\/wp-content\/uploads\/2023\/11\/foto-2023-0726-073.jpg\",\"height\":683,\"width\":1024,\"orientation\":\"landscape\"}},\"imageMeta\":{\"aperture\":\"1.7\",\"credit\":\"\",\"camera\":\"SM-G955F\",\"caption\":\"\",\"created_timestamp\":\"1690388060\",\"copyright\":\"\",\"focal_length\":\"4.2\",\"iso\":\"40\",\"shutter_speed\":\"0.00116822429907\",\"title\":\"\",\"orientation\":\"0\",\"keywords\":[]},\"meta\":false,\"postlink\":\"https:\/\/www.cykloromantika.cz\/foto-2023-0726-073\/\"},{\"id\":8206,\"title\":\"Foto 2023 0726 074\",\"url\":\"https:\/\/www.cykloromantika.cz\/wp-content\/uploads\/2023\/11\/foto-2023-0726-074.jpg\",\"link\":\"https:\/\/www.cykloromantika.cz\/foto-2023-0726-074\/\",\"alt\":\"\",\"description\":\"\",\"caption\":\"Tak\u017ee dojde na krmen\u00ed kachen!\",\"mime\":\"image\/jpeg\",\"type\":\"image\",\"width\":1024,\"height\":768,\"sizes\":{\"thumbnail\":{\"height\":113,\"width\":150,\"url\":\"https:\/\/www.cykloromantika.cz\/wp-content\/uploads\/2023\/11\/foto-2023-0726-074-150x113.jpg\",\"orientation\":\"landscape\"},\"medium\":{\"height\":225,\"width\":300,\"url\":\"https:\/\/www.cykloromantika.cz\/wp-content\/uploads\/2023\/11\/foto-2023-0726-074-300x225.jpg\",\"orientation\":\"landscape\"},\"full\":{\"url\":\"https:\/\/www.cykloromantika.cz\/wp-content\/uploads\/2023\/11\/foto-2023-0726-074.jpg\",\"height\":768,\"width\":1024,\"orientation\":\"landscape\"}},\"imageMeta\":{\"aperture\":\"1.7\",\"credit\":\"\",\"camera\":\"SM-G955F\",\"caption\":\"\",\"created_timestamp\":\"1690388238\",\"copyright\":\"\",\"focal_length\":\"4.2\",\"iso\":\"40\",\"shutter_speed\":\"0.00246913580247\",\"title\":\"\",\"orientation\":\"0\",\"keywords\":[]},\"meta\":false,\"postlink\":\"https:\/\/www.cykloromantika.cz\/foto-2023-0726-074\/\"},{\"id\":8207,\"title\":\"Foto 2023 0726 075\",\"url\":\"https:\/\/www.cykloromantika.cz\/wp-content\/uploads\/2023\/11\/foto-2023-0726-075.jpg\",\"link\":\"https:\/\/www.cykloromantika.cz\/foto-2023-0726-075\/\",\"alt\":\"\",\"description\":\"\",\"caption\":\"Vyhl\u00eddkov\u00e9 m\u00edsto Vl\u010d\u00ed j\u00e1my\",\"mime\":\"image\/jpeg\",\"type\":\"image\",\"width\":1024,\"height\":768,\"sizes\":{\"thumbnail\":{\"height\":113,\"width\":150,\"url\":\"https:\/\/www.cykloromantika.cz\/wp-content\/uploads\/2023\/11\/foto-2023-0726-075-150x113.jpg\",\"orientation\":\"landscape\"},\"medium\":{\"height\":225,\"width\":300,\"url\":\"https:\/\/www.cykloromantika.cz\/wp-content\/uploads\/2023\/11\/foto-2023-0726-075-300x225.jpg\",\"orientation\":\"landscape\"},\"full\":{\"url\":\"https:\/\/www.cykloromantika.cz\/wp-content\/uploads\/2023\/11\/foto-2023-0726-075.jpg\",\"height\":768,\"width\":1024,\"orientation\":\"landscape\"}},\"imageMeta\":{\"aperture\":\"2.2\",\"credit\":\"\",\"camera\":\"SM-G991B\",\"caption\":\"\",\"created_timestamp\":\"1690389077\",\"copyright\":\"\",\"focal_length\":\"2.2\",\"iso\":\"50\",\"shutter_speed\":\"0.00161812297735\",\"title\":\"\",\"orientation\":\"0\",\"keywords\":[]},\"meta\":false,\"postlink\":\"https:\/\/www.cykloromantika.cz\/foto-2023-0726-075\/\"},{\"id\":8208,\"title\":\"Foto 2023 0726 076\",\"url\":\"https:\/\/www.cykloromantika.cz\/wp-content\/uploads\/2023\/11\/foto-2023-0726-076.jpg\",\"link\":\"https:\/\/www.cykloromantika.cz\/foto-2023-0726-076\/\",\"alt\":\"\",\"description\":\"\",\"caption\":\"P\u0159\u00edrodn\u00ed pam\u00e1tka Vl\u010d\u00ed j\u00e1my\",\"mime\":\"image\/jpeg\",\"type\":\"image\",\"width\":1024,\"height\":768,\"sizes\":{\"thumbnail\":{\"height\":113,\"width\":150,\"url\":\"https:\/\/www.cykloromantika.cz\/wp-content\/uploads\/2023\/11\/foto-2023-0726-076-150x113.jpg\",\"orientation\":\"landscape\"},\"medium\":{\"height\":225,\"width\":300,\"url\":\"https:\/\/www.cykloromantika.cz\/wp-content\/uploads\/2023\/11\/foto-2023-0726-076-300x225.jpg\",\"orientation\":\"landscape\"},\"full\":{\"url\":\"https:\/\/www.cykloromantika.cz\/wp-content\/uploads\/2023\/11\/foto-2023-0726-076.jpg\",\"height\":768,\"width\":1024,\"orientation\":\"landscape\"}},\"imageMeta\":{\"aperture\":\"1.7\",\"credit\":\"\",\"camera\":\"SM-G955F\",\"caption\":\"\",\"created_timestamp\":\"1690389096\",\"copyright\":\"\",\"focal_length\":\"4.2\",\"iso\":\"40\",\"shutter_speed\":\"0.000902527075812\",\"title\":\"\",\"orientation\":\"0\",\"keywords\":[]},\"meta\":false,\"postlink\":\"https:\/\/www.cykloromantika.cz\/foto-2023-0726-076\/\"},{\"id\":8209,\"title\":\"Foto 2023 0726 079\",\"url\":\"https:\/\/www.cykloromantika.cz\/wp-content\/uploads\/2023\/11\/foto-2023-0726-079.jpg\",\"link\":\"https:\/\/www.cykloromantika.cz\/foto-2023-0726-079\/\",\"alt\":\"\",\"description\":\"\",\"caption\":\"Jeskynn\u00ed led v Ledov\u00e9 j\u00e1m\u011b\",\"mime\":\"image\/jpeg\",\"type\":\"image\",\"width\":576,\"height\":1024,\"sizes\":{\"thumbnail\":{\"height\":150,\"width\":84,\"url\":\"https:\/\/www.cykloromantika.cz\/wp-content\/uploads\/2023\/11\/foto-2023-0726-079-84x150.jpg\",\"orientation\":\"portrait\"},\"medium\":{\"height\":300,\"width\":169,\"url\":\"https:\/\/www.cykloromantika.cz\/wp-content\/uploads\/2023\/11\/foto-2023-0726-079-169x300.jpg\",\"orientation\":\"portrait\"},\"full\":{\"url\":\"https:\/\/www.cykloromantika.cz\/wp-content\/uploads\/2023\/11\/foto-2023-0726-079.jpg\",\"height\":1024,\"width\":576,\"orientation\":\"portrait\"}},\"imageMeta\":{\"aperture\":\"1.5\",\"credit\":\"\",\"camera\":\"SM-G970F\",\"caption\":\"\",\"created_timestamp\":\"1690389483\",\"copyright\":\"\",\"focal_length\":\"4.32\",\"iso\":\"100\",\"shutter_speed\":\"0.0333333333333\",\"title\":\"\",\"orientation\":\"0\",\"keywords\":[]},\"meta\":false,\"postlink\":\"https:\/\/www.cykloromantika.cz\/foto-2023-0726-079\/\"},{\"id\":8210,\"title\":\"Foto 2023 0726 084\",\"url\":\"https:\/\/www.cykloromantika.cz\/wp-content\/uploads\/2023\/11\/foto-2023-0726-084.jpg\",\"link\":\"https:\/\/www.cykloromantika.cz\/foto-2023-0726-084\/\",\"alt\":\"\",\"description\":\"\",\"caption\":\"Ledov\u00e1 j\u00e1ma\",\"mime\":\"image\/jpeg\",\"type\":\"image\",\"width\":768,\"height\":1024,\"sizes\":{\"thumbnail\":{\"height\":150,\"width\":113,\"url\":\"https:\/\/www.cykloromantika.cz\/wp-content\/uploads\/2023\/11\/foto-2023-0726-084-113x150.jpg\",\"orientation\":\"portrait\"},\"medium\":{\"height\":300,\"width\":225,\"url\":\"https:\/\/www.cykloromantika.cz\/wp-content\/uploads\/2023\/11\/foto-2023-0726-084-225x300.jpg\",\"orientation\":\"portrait\"},\"full\":{\"url\":\"https:\/\/www.cykloromantika.cz\/wp-content\/uploads\/2023\/11\/foto-2023-0726-084.jpg\",\"height\":1024,\"width\":768,\"orientation\":\"portrait\"}},\"imageMeta\":{\"aperture\":\"2\",\"credit\":\"\",\"camera\":\"SM-G991B\",\"caption\":\"\",\"created_timestamp\":\"1690389621\",\"copyright\":\"\",\"focal_length\":\"5.9\",\"iso\":\"50\",\"shutter_speed\":\"0.02\",\"title\":\"\",\"orientation\":\"0\",\"keywords\":[]},\"meta\":false,\"postlink\":\"https:\/\/www.cykloromantika.cz\/foto-2023-0726-084\/\"},{\"id\":8211,\"title\":\"Foto 2023 0726 085\",\"url\":\"https:\/\/www.cykloromantika.cz\/wp-content\/uploads\/2023\/11\/foto-2023-0726-085.jpg\",\"link\":\"https:\/\/www.cykloromantika.cz\/foto-2023-0726-085\/\",\"alt\":\"\",\"description\":\"\",\"caption\":\"Ledov\u00e1 j\u00e1ma\",\"mime\":\"image\/jpeg\",\"type\":\"image\",\"width\":768,\"height\":1024,\"sizes\":{\"thumbnail\":{\"height\":150,\"width\":113,\"url\":\"https:\/\/www.cykloromantika.cz\/wp-content\/uploads\/2023\/11\/foto-2023-0726-085-113x150.jpg\",\"orientation\":\"portrait\"},\"medium\":{\"height\":300,\"width\":225,\"url\":\"https:\/\/www.cykloromantika.cz\/wp-content\/uploads\/2023\/11\/foto-2023-0726-085-225x300.jpg\",\"orientation\":\"portrait\"},\"full\":{\"url\":\"https:\/\/www.cykloromantika.cz\/wp-content\/uploads\/2023\/11\/foto-2023-0726-085.jpg\",\"height\":1024,\"width\":768,\"orientation\":\"portrait\"}},\"imageMeta\":{\"aperture\":\"1.7\",\"credit\":\"\",\"camera\":\"SM-G955F\",\"caption\":\"\",\"created_timestamp\":\"1690389657\",\"copyright\":\"\",\"focal_length\":\"4.2\",\"iso\":\"50\",\"shutter_speed\":\"0.01\",\"title\":\"\",\"orientation\":\"0\",\"keywords\":[]},\"meta\":false,\"postlink\":\"https:\/\/www.cykloromantika.cz\/foto-2023-0726-085\/\"},{\"id\":8212,\"title\":\"Foto 2023 0726 086\",\"url\":\"https:\/\/www.cykloromantika.cz\/wp-content\/uploads\/2023\/11\/foto-2023-0726-086.jpg\",\"link\":\"https:\/\/www.cykloromantika.cz\/foto-2023-0726-086\/\",\"alt\":\"\",\"description\":\"\",\"caption\":\"Ledov\u00e1 j\u00e1ma\",\"mime\":\"image\/jpeg\",\"type\":\"image\",\"width\":768,\"height\":1024,\"sizes\":{\"thumbnail\":{\"height\":150,\"width\":113,\"url\":\"https:\/\/www.cykloromantika.cz\/wp-content\/uploads\/2023\/11\/foto-2023-0726-086-113x150.jpg\",\"orientation\":\"portrait\"},\"medium\":{\"height\":300,\"width\":225,\"url\":\"https:\/\/www.cykloromantika.cz\/wp-content\/uploads\/2023\/11\/foto-2023-0726-086-225x300.jpg\",\"orientation\":\"portrait\"},\"full\":{\"url\":\"https:\/\/www.cykloromantika.cz\/wp-content\/uploads\/2023\/11\/foto-2023-0726-086.jpg\",\"height\":1024,\"width\":768,\"orientation\":\"portrait\"}},\"imageMeta\":{\"aperture\":\"1.8\",\"credit\":\"\",\"camera\":\"SM-G991B\",\"caption\":\"\",\"created_timestamp\":\"1690389667\",\"copyright\":\"\",\"focal_length\":\"5.4\",\"iso\":\"50\",\"shutter_speed\":\"0.00505050505051\",\"title\":\"\",\"orientation\":\"0\",\"keywords\":[]},\"meta\":false,\"postlink\":\"https:\/\/www.cykloromantika.cz\/foto-2023-0726-086\/\"},{\"id\":8213,\"title\":\"Foto 2023 0726 087\",\"url\":\"https:\/\/www.cykloromantika.cz\/wp-content\/uploads\/2023\/11\/foto-2023-0726-087.jpg\",\"link\":\"https:\/\/www.cykloromantika.cz\/foto-2023-0726-087\/\",\"alt\":\"\",\"description\":\"\",\"caption\":\"Ledov\u00e1 j\u00e1ma\",\"mime\":\"image\/jpeg\",\"type\":\"image\",\"width\":768,\"height\":1024,\"sizes\":{\"thumbnail\":{\"height\":150,\"width\":113,\"url\":\"https:\/\/www.cykloromantika.cz\/wp-content\/uploads\/2023\/11\/foto-2023-0726-087-113x150.jpg\",\"orientation\":\"portrait\"},\"medium\":{\"height\":300,\"width\":225,\"url\":\"https:\/\/www.cykloromantika.cz\/wp-content\/uploads\/2023\/11\/foto-2023-0726-087-225x300.jpg\",\"orientation\":\"portrait\"},\"full\":{\"url\":\"https:\/\/www.cykloromantika.cz\/wp-content\/uploads\/2023\/11\/foto-2023-0726-087.jpg\",\"height\":1024,\"width\":768,\"orientation\":\"portrait\"}},\"imageMeta\":{\"aperture\":\"1.8\",\"credit\":\"\",\"camera\":\"SM-G991B\",\"caption\":\"\",\"created_timestamp\":\"1690389676\",\"copyright\":\"\",\"focal_length\":\"5.4\",\"iso\":\"50\",\"shutter_speed\":\"0.0054347826087\",\"title\":\"\",\"orientation\":\"0\",\"keywords\":[]},\"meta\":false,\"postlink\":\"https:\/\/www.cykloromantika.cz\/foto-2023-0726-087\/\"},{\"id\":8214,\"title\":\"Foto 2023 0726 088\",\"url\":\"https:\/\/www.cykloromantika.cz\/wp-content\/uploads\/2023\/11\/foto-2023-0726-088.jpg\",\"link\":\"https:\/\/www.cykloromantika.cz\/foto-2023-0726-088\/\",\"alt\":\"\",\"description\":\"\",\"caption\":\"Ledov\u00e1 j\u00e1ma\",\"mime\":\"image\/jpeg\",\"type\":\"image\",\"width\":576,\"height\":1024,\"sizes\":{\"thumbnail\":{\"height\":150,\"width\":84,\"url\":\"https:\/\/www.cykloromantika.cz\/wp-content\/uploads\/2023\/11\/foto-2023-0726-088-84x150.jpg\",\"orientation\":\"portrait\"},\"medium\":{\"height\":300,\"width\":169,\"url\":\"https:\/\/www.cykloromantika.cz\/wp-content\/uploads\/2023\/11\/foto-2023-0726-088-169x300.jpg\",\"orientation\":\"portrait\"},\"full\":{\"url\":\"https:\/\/www.cykloromantika.cz\/wp-content\/uploads\/2023\/11\/foto-2023-0726-088.jpg\",\"height\":1024,\"width\":576,\"orientation\":\"portrait\"}},\"imageMeta\":{\"aperture\":\"2.4\",\"credit\":\"\",\"camera\":\"SM-G970F\",\"caption\":\"\",\"created_timestamp\":\"1690389739\",\"copyright\":\"\",\"focal_length\":\"4.32\",\"iso\":\"100\",\"shutter_speed\":\"0.002\",\"title\":\"\",\"orientation\":\"0\",\"keywords\":[]},\"meta\":false,\"postlink\":\"https:\/\/www.cykloromantika.cz\/foto-2023-0726-088\/\"},{\"id\":8215,\"title\":\"Foto 2023 0726 089\",\"url\":\"https:\/\/www.cykloromantika.cz\/wp-content\/uploads\/2023\/11\/foto-2023-0726-089.jpg\",\"link\":\"https:\/\/www.cykloromantika.cz\/foto-2023-0726-089\/\",\"alt\":\"\",\"description\":\"\",\"caption\":\"Blatensk\u00fd vrch (1043 m n. m.)\",\"mime\":\"image\/jpeg\",\"type\":\"image\",\"width\":768,\"height\":1024,\"sizes\":{\"thumbnail\":{\"height\":150,\"width\":113,\"url\":\"https:\/\/www.cykloromantika.cz\/wp-content\/uploads\/2023\/11\/foto-2023-0726-089-113x150.jpg\",\"orientation\":\"portrait\"},\"medium\":{\"height\":300,\"width\":225,\"url\":\"https:\/\/www.cykloromantika.cz\/wp-content\/uploads\/2023\/11\/foto-2023-0726-089-225x300.jpg\",\"orientation\":\"portrait\"},\"full\":{\"url\":\"https:\/\/www.cykloromantika.cz\/wp-content\/uploads\/2023\/11\/foto-2023-0726-089.jpg\",\"height\":1024,\"width\":768,\"orientation\":\"portrait\"}},\"imageMeta\":{\"aperture\":\"1.7\",\"credit\":\"\",\"camera\":\"SM-G955F\",\"caption\":\"\",\"created_timestamp\":\"1690390022\",\"copyright\":\"\",\"focal_length\":\"4.2\",\"iso\":\"40\",\"shutter_speed\":\"0.000420875420875\",\"title\":\"\",\"orientation\":\"0\",\"keywords\":[]},\"meta\":false,\"postlink\":\"https:\/\/www.cykloromantika.cz\/foto-2023-0726-089\/\"},{\"id\":8216,\"title\":\"Foto 2023 0726 091\",\"url\":\"https:\/\/www.cykloromantika.cz\/wp-content\/uploads\/2023\/11\/foto-2023-0726-091.jpg\",\"link\":\"https:\/\/www.cykloromantika.cz\/foto-2023-0726-091\/\",\"alt\":\"\",\"description\":\"\",\"caption\":\"Vyhl\u00eddka z rozhledny na Blatensk\u00e9m vrchu\",\"mime\":\"image\/jpeg\",\"type\":\"image\",\"width\":768,\"height\":1024,\"sizes\":{\"thumbnail\":{\"height\":150,\"width\":113,\"url\":\"https:\/\/www.cykloromantika.cz\/wp-content\/uploads\/2023\/11\/foto-2023-0726-091-113x150.jpg\",\"orientation\":\"portrait\"},\"medium\":{\"height\":300,\"width\":225,\"url\":\"https:\/\/www.cykloromantika.cz\/wp-content\/uploads\/2023\/11\/foto-2023-0726-091-225x300.jpg\",\"orientation\":\"portrait\"},\"full\":{\"url\":\"https:\/\/www.cykloromantika.cz\/wp-content\/uploads\/2023\/11\/foto-2023-0726-091.jpg\",\"height\":1024,\"width\":768,\"orientation\":\"portrait\"}},\"imageMeta\":{\"aperture\":\"1.7\",\"credit\":\"\",\"camera\":\"SM-G955F\",\"caption\":\"\",\"created_timestamp\":\"1690390285\",\"copyright\":\"\",\"focal_length\":\"4.2\",\"iso\":\"40\",\"shutter_speed\":\"0.00040192926045\",\"title\":\"\",\"orientation\":\"0\",\"keywords\":[]},\"meta\":false,\"postlink\":\"https:\/\/www.cykloromantika.cz\/foto-2023-0726-091\/\"},{\"id\":8217,\"title\":\"Foto 2023 0726 092\",\"url\":\"https:\/\/www.cykloromantika.cz\/wp-content\/uploads\/2023\/11\/foto-2023-0726-092.jpg\",\"link\":\"https:\/\/www.cykloromantika.cz\/foto-2023-0726-092\/\",\"alt\":\"\",\"description\":\"\",\"caption\":\"Rozhledna Blatensk\u00fd vrch\",\"mime\":\"image\/jpeg\",\"type\":\"image\",\"width\":1024,\"height\":768,\"sizes\":{\"thumbnail\":{\"height\":113,\"width\":150,\"url\":\"https:\/\/www.cykloromantika.cz\/wp-content\/uploads\/2023\/11\/foto-2023-0726-092-150x113.jpg\",\"orientation\":\"landscape\"},\"medium\":{\"height\":225,\"width\":300,\"url\":\"https:\/\/www.cykloromantika.cz\/wp-content\/uploads\/2023\/11\/foto-2023-0726-092-300x225.jpg\",\"orientation\":\"landscape\"},\"full\":{\"url\":\"https:\/\/www.cykloromantika.cz\/wp-content\/uploads\/2023\/11\/foto-2023-0726-092.jpg\",\"height\":768,\"width\":1024,\"orientation\":\"landscape\"}},\"imageMeta\":{\"aperture\":\"1.7\",\"credit\":\"\",\"camera\":\"SM-G955F\",\"caption\":\"\",\"created_timestamp\":\"1690390436\",\"copyright\":\"\",\"focal_length\":\"4.2\",\"iso\":\"40\",\"shutter_speed\":\"0.00862068965517\",\"title\":\"\",\"orientation\":\"0\",\"keywords\":[]},\"meta\":false,\"postlink\":\"https:\/\/www.cykloromantika.cz\/foto-2023-0726-092\/\"},{\"id\":8218,\"title\":\"Foto 2023 0726 095\",\"url\":\"https:\/\/www.cykloromantika.cz\/wp-content\/uploads\/2023\/11\/foto-2023-0726-095.jpg\",\"link\":\"https:\/\/www.cykloromantika.cz\/foto-2023-0726-095\/\",\"alt\":\"\",\"description\":\"\",\"caption\":\"Rozprava Co s po\u010das\u00edm?\",\"mime\":\"image\/jpeg\",\"type\":\"image\",\"width\":1024,\"height\":768,\"sizes\":{\"thumbnail\":{\"height\":113,\"width\":150,\"url\":\"https:\/\/www.cykloromantika.cz\/wp-content\/uploads\/2023\/11\/foto-2023-0726-095-150x113.jpg\",\"orientation\":\"landscape\"},\"medium\":{\"height\":225,\"width\":300,\"url\":\"https:\/\/www.cykloromantika.cz\/wp-content\/uploads\/2023\/11\/foto-2023-0726-095-300x225.jpg\",\"orientation\":\"landscape\"},\"full\":{\"url\":\"https:\/\/www.cykloromantika.cz\/wp-content\/uploads\/2023\/11\/foto-2023-0726-095.jpg\",\"height\":768,\"width\":1024,\"orientation\":\"landscape\"}},\"imageMeta\":{\"aperture\":\"1.7\",\"credit\":\"\",\"camera\":\"SM-G955F\",\"caption\":\"\",\"created_timestamp\":\"1690390858\",\"copyright\":\"\",\"focal_length\":\"4.2\",\"iso\":\"40\",\"shutter_speed\":\"0.00168918918919\",\"title\":\"\",\"orientation\":\"0\",\"keywords\":[]},\"meta\":false,\"postlink\":\"https:\/\/www.cykloromantika.cz\/foto-2023-0726-095\/\"},{\"id\":8219,\"title\":\"Foto 2023 0726 096\",\"url\":\"https:\/\/www.cykloromantika.cz\/wp-content\/uploads\/2023\/11\/foto-2023-0726-096.jpg\",\"link\":\"https:\/\/www.cykloromantika.cz\/foto-2023-0726-096\/\",\"alt\":\"\",\"description\":\"\",\"caption\":\"Rozhledna na Blatensk\u00e9m vrchu\",\"mime\":\"image\/jpeg\",\"type\":\"image\",\"width\":768,\"height\":1024,\"sizes\":{\"thumbnail\":{\"height\":150,\"width\":113,\"url\":\"https:\/\/www.cykloromantika.cz\/wp-content\/uploads\/2023\/11\/foto-2023-0726-096-113x150.jpg\",\"orientation\":\"portrait\"},\"medium\":{\"height\":300,\"width\":225,\"url\":\"https:\/\/www.cykloromantika.cz\/wp-content\/uploads\/2023\/11\/foto-2023-0726-096-225x300.jpg\",\"orientation\":\"portrait\"},\"full\":{\"url\":\"https:\/\/www.cykloromantika.cz\/wp-content\/uploads\/2023\/11\/foto-2023-0726-096.jpg\",\"height\":1024,\"width\":768,\"orientation\":\"portrait\"}},\"imageMeta\":{\"aperture\":\"1.7\",\"credit\":\"\",\"camera\":\"SM-G955F\",\"caption\":\"\",\"created_timestamp\":\"1690390877\",\"copyright\":\"\",\"focal_length\":\"4.2\",\"iso\":\"40\",\"shutter_speed\":\"0.00153374233129\",\"title\":\"\",\"orientation\":\"0\",\"keywords\":[]},\"meta\":false,\"postlink\":\"https:\/\/www.cykloromantika.cz\/foto-2023-0726-096\/\"},{\"id\":8220,\"title\":\"Foto 2023 0726 098\",\"url\":\"https:\/\/www.cykloromantika.cz\/wp-content\/uploads\/2023\/11\/foto-2023-0726-098.jpg\",\"link\":\"https:\/\/www.cykloromantika.cz\/foto-2023-0726-098\/\",\"alt\":\"\",\"description\":\"\",\"caption\":\"Po\u010das\u00ed po\u0159e\u0161eno!\",\"mime\":\"image\/jpeg\",\"type\":\"image\",\"width\":1024,\"height\":768,\"sizes\":{\"thumbnail\":{\"height\":113,\"width\":150,\"url\":\"https:\/\/www.cykloromantika.cz\/wp-content\/uploads\/2023\/11\/foto-2023-0726-098-150x113.jpg\",\"orientation\":\"landscape\"},\"medium\":{\"height\":225,\"width\":300,\"url\":\"https:\/\/www.cykloromantika.cz\/wp-content\/uploads\/2023\/11\/foto-2023-0726-098-300x225.jpg\",\"orientation\":\"landscape\"},\"full\":{\"url\":\"https:\/\/www.cykloromantika.cz\/wp-content\/uploads\/2023\/11\/foto-2023-0726-098.jpg\",\"height\":768,\"width\":1024,\"orientation\":\"landscape\"}},\"imageMeta\":{\"aperture\":\"1.7\",\"credit\":\"\",\"camera\":\"SM-G955F\",\"caption\":\"\",\"created_timestamp\":\"1690391497\",\"copyright\":\"\",\"focal_length\":\"4.2\",\"iso\":\"40\",\"shutter_speed\":\"0.00689655172414\",\"title\":\"\",\"orientation\":\"0\",\"keywords\":[]},\"meta\":false,\"postlink\":\"https:\/\/www.cykloromantika.cz\/foto-2023-0726-098\/\"},{\"id\":8221,\"title\":\"Foto 2023 0726 099\",\"url\":\"https:\/\/www.cykloromantika.cz\/wp-content\/uploads\/2023\/11\/foto-2023-0726-099.jpg\",\"link\":\"https:\/\/www.cykloromantika.cz\/foto-2023-0726-099\/\",\"alt\":\"\",\"description\":\"\",\"caption\":\"Bludn\u00e1\",\"mime\":\"image\/jpeg\",\"type\":\"image\",\"width\":1024,\"height\":576,\"sizes\":{\"thumbnail\":{\"height\":84,\"width\":150,\"url\":\"https:\/\/www.cykloromantika.cz\/wp-content\/uploads\/2023\/11\/foto-2023-0726-099-150x84.jpg\",\"orientation\":\"landscape\"},\"medium\":{\"height\":169,\"width\":300,\"url\":\"https:\/\/www.cykloromantika.cz\/wp-content\/uploads\/2023\/11\/foto-2023-0726-099-300x169.jpg\",\"orientation\":\"landscape\"},\"full\":{\"url\":\"https:\/\/www.cykloromantika.cz\/wp-content\/uploads\/2023\/11\/foto-2023-0726-099.jpg\",\"height\":576,\"width\":1024,\"orientation\":\"landscape\"}},\"imageMeta\":{\"aperture\":\"2.4\",\"credit\":\"\",\"camera\":\"SM-G970F\",\"caption\":\"\",\"created_timestamp\":\"1690393677\",\"copyright\":\"\",\"focal_length\":\"4.32\",\"iso\":\"100\",\"shutter_speed\":\"0.00025\",\"title\":\"\",\"orientation\":\"0\",\"keywords\":[]},\"meta\":false,\"postlink\":\"https:\/\/www.cykloromantika.cz\/foto-2023-0726-099\/\"},{\"id\":8222,\"title\":\"Foto 2023 0726 100\",\"url\":\"https:\/\/www.cykloromantika.cz\/wp-content\/uploads\/2023\/11\/foto-2023-0726-100.jpg\",\"link\":\"https:\/\/www.cykloromantika.cz\/foto-2023-0726-100\/\",\"alt\":\"\",\"description\":\"\",\"caption\":\"Sj\u00ed\u017ed\u00edme do osady Ry\u017eovna\",\"mime\":\"image\/jpeg\",\"type\":\"image\",\"width\":1024,\"height\":576,\"sizes\":{\"thumbnail\":{\"height\":84,\"width\":150,\"url\":\"https:\/\/www.cykloromantika.cz\/wp-content\/uploads\/2023\/11\/foto-2023-0726-100-150x84.jpg\",\"orientation\":\"landscape\"},\"medium\":{\"height\":169,\"width\":300,\"url\":\"https:\/\/www.cykloromantika.cz\/wp-content\/uploads\/2023\/11\/foto-2023-0726-100-300x169.jpg\",\"orientation\":\"landscape\"},\"full\":{\"url\":\"https:\/\/www.cykloromantika.cz\/wp-content\/uploads\/2023\/11\/foto-2023-0726-100.jpg\",\"height\":576,\"width\":1024,\"orientation\":\"landscape\"}},\"imageMeta\":{\"aperture\":\"2.4\",\"credit\":\"\",\"camera\":\"SM-G970F\",\"caption\":\"\",\"created_timestamp\":\"1690393972\",\"copyright\":\"\",\"focal_length\":\"4.32\",\"iso\":\"100\",\"shutter_speed\":\"0.000333333333333\",\"title\":\"\",\"orientation\":\"0\",\"keywords\":[]},\"meta\":false,\"postlink\":\"https:\/\/www.cykloromantika.cz\/foto-2023-0726-100\/\"},{\"id\":8223,\"title\":\"Foto 2023 0726 101\",\"url\":\"https:\/\/www.cykloromantika.cz\/wp-content\/uploads\/2023\/11\/foto-2023-0726-101.jpg\",\"link\":\"https:\/\/www.cykloromantika.cz\/foto-2023-0726-101\/\",\"alt\":\"\",\"description\":\"\",\"caption\":\"Pivovar Ry\u017eovna \u2013 degustace\",\"mime\":\"image\/jpeg\",\"type\":\"image\",\"width\":1024,\"height\":683,\"sizes\":{\"thumbnail\":{\"height\":100,\"width\":150,\"url\":\"https:\/\/www.cykloromantika.cz\/wp-content\/uploads\/2023\/11\/foto-2023-0726-101-150x100.jpg\",\"orientation\":\"landscape\"},\"medium\":{\"height\":200,\"width\":300,\"url\":\"https:\/\/www.cykloromantika.cz\/wp-content\/uploads\/2023\/11\/foto-2023-0726-101-300x200.jpg\",\"orientation\":\"landscape\"},\"full\":{\"url\":\"https:\/\/www.cykloromantika.cz\/wp-content\/uploads\/2023\/11\/foto-2023-0726-101.jpg\",\"height\":683,\"width\":1024,\"orientation\":\"landscape\"}},\"imageMeta\":{\"aperture\":\"1.7\",\"credit\":\"\",\"camera\":\"SM-G955F\",\"caption\":\"\",\"created_timestamp\":\"1690394506\",\"copyright\":\"\",\"focal_length\":\"4.2\",\"iso\":\"125\",\"shutter_speed\":\"0.02\",\"title\":\"\",\"orientation\":\"0\",\"keywords\":[]},\"meta\":false,\"postlink\":\"https:\/\/www.cykloromantika.cz\/foto-2023-0726-101\/\"},{\"id\":8224,\"title\":\"Foto 2023 0726 102\",\"url\":\"https:\/\/www.cykloromantika.cz\/wp-content\/uploads\/2023\/11\/foto-2023-0726-102.jpg\",\"link\":\"https:\/\/www.cykloromantika.cz\/foto-2023-0726-102\/\",\"alt\":\"\",\"description\":\"\",\"caption\":\"Doporu\u010den\u00ed ministerstva zdravotnictv\u00ed \u2013 Myjte si ruce!\",\"mime\":\"image\/jpeg\",\"type\":\"image\",\"width\":768,\"height\":1024,\"sizes\":{\"thumbnail\":{\"height\":150,\"width\":113,\"url\":\"https:\/\/www.cykloromantika.cz\/wp-content\/uploads\/2023\/11\/foto-2023-0726-102-113x150.jpg\",\"orientation\":\"portrait\"},\"medium\":{\"height\":300,\"width\":225,\"url\":\"https:\/\/www.cykloromantika.cz\/wp-content\/uploads\/2023\/11\/foto-2023-0726-102-225x300.jpg\",\"orientation\":\"portrait\"},\"full\":{\"url\":\"https:\/\/www.cykloromantika.cz\/wp-content\/uploads\/2023\/11\/foto-2023-0726-102.jpg\",\"height\":1024,\"width\":768,\"orientation\":\"portrait\"}},\"imageMeta\":{\"aperture\":\"1.7\",\"credit\":\"\",\"camera\":\"SM-G955F\",\"caption\":\"\",\"created_timestamp\":\"1690394767\",\"copyright\":\"\",\"focal_length\":\"4.2\",\"iso\":\"40\",\"shutter_speed\":\"0.00078125\",\"title\":\"\",\"orientation\":\"0\",\"keywords\":[]},\"meta\":false,\"postlink\":\"https:\/\/www.cykloromantika.cz\/foto-2023-0726-102\/\"},{\"id\":8225,\"title\":\"Foto 2023 0726 103\",\"url\":\"https:\/\/www.cykloromantika.cz\/wp-content\/uploads\/2023\/11\/foto-2023-0726-103.jpg\",\"link\":\"https:\/\/www.cykloromantika.cz\/foto-2023-0726-103\/\",\"alt\":\"\",\"description\":\"\",\"caption\":\"Chv\u00edli jsme posed\u011bli a zah\u0159\u00e1li se.\",\"mime\":\"image\/jpeg\",\"type\":\"image\",\"width\":1024,\"height\":683,\"sizes\":{\"thumbnail\":{\"height\":100,\"width\":150,\"url\":\"https:\/\/www.cykloromantika.cz\/wp-content\/uploads\/2023\/11\/foto-2023-0726-103-150x100.jpg\",\"orientation\":\"landscape\"},\"medium\":{\"height\":200,\"width\":300,\"url\":\"https:\/\/www.cykloromantika.cz\/wp-content\/uploads\/2023\/11\/foto-2023-0726-103-300x200.jpg\",\"orientation\":\"landscape\"},\"full\":{\"url\":\"https:\/\/www.cykloromantika.cz\/wp-content\/uploads\/2023\/11\/foto-2023-0726-103.jpg\",\"height\":683,\"width\":1024,\"orientation\":\"landscape\"}},\"imageMeta\":{\"aperture\":\"1.7\",\"credit\":\"\",\"camera\":\"SM-G955F\",\"caption\":\"\",\"created_timestamp\":\"1690394896\",\"copyright\":\"\",\"focal_length\":\"4.2\",\"iso\":\"50\",\"shutter_speed\":\"0.00833333333333\",\"title\":\"\",\"orientation\":\"0\",\"keywords\":[]},\"meta\":false,\"postlink\":\"https:\/\/www.cykloromantika.cz\/foto-2023-0726-103\/\"},{\"id\":8226,\"title\":\"Foto 2023 0726 105\",\"url\":\"https:\/\/www.cykloromantika.cz\/wp-content\/uploads\/2023\/11\/foto-2023-0726-105.jpg\",\"link\":\"https:\/\/www.cykloromantika.cz\/foto-2023-0726-105\/\",\"alt\":\"\",\"description\":\"\",\"caption\":\"P\u011bkn\u011b bylo za oknem!\",\"mime\":\"image\/jpeg\",\"type\":\"image\",\"width\":768,\"height\":1024,\"sizes\":{\"thumbnail\":{\"height\":150,\"width\":113,\"url\":\"https:\/\/www.cykloromantika.cz\/wp-content\/uploads\/2023\/11\/foto-2023-0726-105-113x150.jpg\",\"orientation\":\"portrait\"},\"medium\":{\"height\":300,\"width\":225,\"url\":\"https:\/\/www.cykloromantika.cz\/wp-content\/uploads\/2023\/11\/foto-2023-0726-105-225x300.jpg\",\"orientation\":\"portrait\"},\"full\":{\"url\":\"https:\/\/www.cykloromantika.cz\/wp-content\/uploads\/2023\/11\/foto-2023-0726-105.jpg\",\"height\":1024,\"width\":768,\"orientation\":\"portrait\"}},\"imageMeta\":{\"aperture\":\"1.7\",\"credit\":\"\",\"camera\":\"SM-G955F\",\"caption\":\"\",\"created_timestamp\":\"1690395044\",\"copyright\":\"\",\"focal_length\":\"4.2\",\"iso\":\"40\",\"shutter_speed\":\"0.000484496124031\",\"title\":\"\",\"orientation\":\"0\",\"keywords\":[]},\"meta\":false,\"postlink\":\"https:\/\/www.cykloromantika.cz\/foto-2023-0726-105\/\"},{\"id\":8227,\"title\":\"Foto 2023 0726 107\",\"url\":\"https:\/\/www.cykloromantika.cz\/wp-content\/uploads\/2023\/11\/foto-2023-0726-107.jpg\",\"link\":\"https:\/\/www.cykloromantika.cz\/foto-2023-0726-107\/\",\"alt\":\"\",\"description\":\"\",\"caption\":\"My rad\u011bji uvnit\u0159!\",\"mime\":\"image\/jpeg\",\"type\":\"image\",\"width\":1024,\"height\":682,\"sizes\":{\"thumbnail\":{\"height\":100,\"width\":150,\"url\":\"https:\/\/www.cykloromantika.cz\/wp-content\/uploads\/2023\/11\/foto-2023-0726-107-150x100.jpg\",\"orientation\":\"landscape\"},\"medium\":{\"height\":200,\"width\":300,\"url\":\"https:\/\/www.cykloromantika.cz\/wp-content\/uploads\/2023\/11\/foto-2023-0726-107-300x200.jpg\",\"orientation\":\"landscape\"},\"full\":{\"url\":\"https:\/\/www.cykloromantika.cz\/wp-content\/uploads\/2023\/11\/foto-2023-0726-107.jpg\",\"height\":682,\"width\":1024,\"orientation\":\"landscape\"}},\"imageMeta\":{\"aperture\":\"2.2\",\"credit\":\"\",\"camera\":\"SM-G991B\",\"caption\":\"\",\"created_timestamp\":\"1690395510\",\"copyright\":\"\",\"focal_length\":\"2.2\",\"iso\":\"50\",\"shutter_speed\":\"0.00680272108844\",\"title\":\"\",\"orientation\":\"0\",\"keywords\":[]},\"meta\":false,\"postlink\":\"https:\/\/www.cykloromantika.cz\/foto-2023-0726-107\/\"},{\"id\":8228,\"title\":\"Foto 2023 0726 108\",\"url\":\"https:\/\/www.cykloromantika.cz\/wp-content\/uploads\/2023\/11\/foto-2023-0726-108.jpg\",\"link\":\"https:\/\/www.cykloromantika.cz\/foto-2023-0726-108\/\",\"alt\":\"\",\"description\":\"\",\"caption\":\"Pivovar Ry\u017eovna\",\"mime\":\"image\/jpeg\",\"type\":\"image\",\"width\":768,\"height\":1024,\"sizes\":{\"thumbnail\":{\"height\":150,\"width\":113,\"url\":\"https:\/\/www.cykloromantika.cz\/wp-content\/uploads\/2023\/11\/foto-2023-0726-108-113x150.jpg\",\"orientation\":\"portrait\"},\"medium\":{\"height\":300,\"width\":225,\"url\":\"https:\/\/www.cykloromantika.cz\/wp-content\/uploads\/2023\/11\/foto-2023-0726-108-225x300.jpg\",\"orientation\":\"portrait\"},\"full\":{\"url\":\"https:\/\/www.cykloromantika.cz\/wp-content\/uploads\/2023\/11\/foto-2023-0726-108.jpg\",\"height\":1024,\"width\":768,\"orientation\":\"portrait\"}},\"imageMeta\":{\"aperture\":\"1.7\",\"credit\":\"\",\"camera\":\"SM-G955F\",\"caption\":\"\",\"created_timestamp\":\"1690396434\",\"copyright\":\"\",\"focal_length\":\"4.2\",\"iso\":\"50\",\"shutter_speed\":\"0.0166666666667\",\"title\":\"\",\"orientation\":\"0\",\"keywords\":[]},\"meta\":false,\"postlink\":\"https:\/\/www.cykloromantika.cz\/foto-2023-0726-108\/\"},{\"id\":8229,\"title\":\"Foto 2023 0726 110\",\"url\":\"https:\/\/www.cykloromantika.cz\/wp-content\/uploads\/2023\/11\/foto-2023-0726-110.jpg\",\"link\":\"https:\/\/www.cykloromantika.cz\/foto-2023-0726-110\/\",\"alt\":\"\",\"description\":\"\",\"caption\":\"Pivovar Ry\u017eovna\",\"mime\":\"image\/jpeg\",\"type\":\"image\",\"width\":683,\"height\":1024,\"sizes\":{\"thumbnail\":{\"height\":150,\"width\":100,\"url\":\"https:\/\/www.cykloromantika.cz\/wp-content\/uploads\/2023\/11\/foto-2023-0726-110-100x150.jpg\",\"orientation\":\"portrait\"},\"medium\":{\"height\":300,\"width\":200,\"url\":\"https:\/\/www.cykloromantika.cz\/wp-content\/uploads\/2023\/11\/foto-2023-0726-110-200x300.jpg\",\"orientation\":\"portrait\"},\"full\":{\"url\":\"https:\/\/www.cykloromantika.cz\/wp-content\/uploads\/2023\/11\/foto-2023-0726-110.jpg\",\"height\":1024,\"width\":683,\"orientation\":\"portrait\"}},\"imageMeta\":{\"aperture\":\"2.4\",\"credit\":\"\",\"camera\":\"SM-G970F\",\"caption\":\"\",\"created_timestamp\":\"1690396687\",\"copyright\":\"\",\"focal_length\":\"4.32\",\"iso\":\"500\",\"shutter_speed\":\"0.02\",\"title\":\"\",\"orientation\":\"0\",\"keywords\":[]},\"meta\":false,\"postlink\":\"https:\/\/www.cykloromantika.cz\/foto-2023-0726-110\/\"},{\"id\":8230,\"title\":\"Foto 2023 0726 111\",\"url\":\"https:\/\/www.cykloromantika.cz\/wp-content\/uploads\/2023\/11\/foto-2023-0726-111.jpg\",\"link\":\"https:\/\/www.cykloromantika.cz\/foto-2023-0726-111\/\",\"alt\":\"\",\"description\":\"\",\"caption\":\"V\u00fdhled sm\u011brem k Raplovu domku\",\"mime\":\"image\/jpeg\",\"type\":\"image\",\"width\":1024,\"height\":576,\"sizes\":{\"thumbnail\":{\"height\":84,\"width\":150,\"url\":\"https:\/\/www.cykloromantika.cz\/wp-content\/uploads\/2023\/11\/foto-2023-0726-111-150x84.jpg\",\"orientation\":\"landscape\"},\"medium\":{\"height\":169,\"width\":300,\"url\":\"https:\/\/www.cykloromantika.cz\/wp-content\/uploads\/2023\/11\/foto-2023-0726-111-300x169.jpg\",\"orientation\":\"landscape\"},\"full\":{\"url\":\"https:\/\/www.cykloromantika.cz\/wp-content\/uploads\/2023\/11\/foto-2023-0726-111.jpg\",\"height\":576,\"width\":1024,\"orientation\":\"landscape\"}},\"imageMeta\":{\"aperture\":\"2.4\",\"credit\":\"\",\"camera\":\"SM-G970F\",\"caption\":\"\",\"created_timestamp\":\"1690396866\",\"copyright\":\"\",\"focal_length\":\"4.32\",\"iso\":\"100\",\"shutter_speed\":\"0.000166666666667\",\"title\":\"\",\"orientation\":\"0\",\"keywords\":[]},\"meta\":false,\"postlink\":\"https:\/\/www.cykloromantika.cz\/foto-2023-0726-111\/\"},{\"id\":8231,\"title\":\"Foto 2023 0726 114\",\"url\":\"https:\/\/www.cykloromantika.cz\/wp-content\/uploads\/2023\/11\/foto-2023-0726-114.jpg\",\"link\":\"https:\/\/www.cykloromantika.cz\/foto-2023-0726-114\/\",\"alt\":\"\",\"description\":\"\",\"caption\":\"Zda\u0159 b\u016fh!\",\"mime\":\"image\/jpeg\",\"type\":\"image\",\"width\":1024,\"height\":768,\"sizes\":{\"thumbnail\":{\"height\":113,\"width\":150,\"url\":\"https:\/\/www.cykloromantika.cz\/wp-content\/uploads\/2023\/11\/foto-2023-0726-114-150x113.jpg\",\"orientation\":\"landscape\"},\"medium\":{\"height\":225,\"width\":300,\"url\":\"https:\/\/www.cykloromantika.cz\/wp-content\/uploads\/2023\/11\/foto-2023-0726-114-300x225.jpg\",\"orientation\":\"landscape\"},\"full\":{\"url\":\"https:\/\/www.cykloromantika.cz\/wp-content\/uploads\/2023\/11\/foto-2023-0726-114.jpg\",\"height\":768,\"width\":1024,\"orientation\":\"landscape\"}},\"imageMeta\":{\"aperture\":\"1.7\",\"credit\":\"\",\"camera\":\"SM-G955F\",\"caption\":\"\",\"created_timestamp\":\"1690397919\",\"copyright\":\"\",\"focal_length\":\"4.2\",\"iso\":\"64\",\"shutter_speed\":\"0.02\",\"title\":\"\",\"orientation\":\"0\",\"keywords\":[]},\"meta\":false,\"postlink\":\"https:\/\/www.cykloromantika.cz\/foto-2023-0726-114\/\"},{\"id\":8232,\"title\":\"Foto 2023 0726 115\",\"url\":\"https:\/\/www.cykloromantika.cz\/wp-content\/uploads\/2023\/11\/foto-2023-0726-115.jpg\",\"link\":\"https:\/\/www.cykloromantika.cz\/foto-2023-0726-115\/\",\"alt\":\"\",\"description\":\"\",\"caption\":\"Gl\u00fcck auf!\",\"mime\":\"image\/jpeg\",\"type\":\"image\",\"width\":1024,\"height\":768,\"sizes\":{\"thumbnail\":{\"height\":113,\"width\":150,\"url\":\"https:\/\/www.cykloromantika.cz\/wp-content\/uploads\/2023\/11\/foto-2023-0726-115-150x113.jpg\",\"orientation\":\"landscape\"},\"medium\":{\"height\":225,\"width\":300,\"url\":\"https:\/\/www.cykloromantika.cz\/wp-content\/uploads\/2023\/11\/foto-2023-0726-115-300x225.jpg\",\"orientation\":\"landscape\"},\"full\":{\"url\":\"https:\/\/www.cykloromantika.cz\/wp-content\/uploads\/2023\/11\/foto-2023-0726-115.jpg\",\"height\":768,\"width\":1024,\"orientation\":\"landscape\"}},\"imageMeta\":{\"aperture\":\"1.7\",\"credit\":\"\",\"camera\":\"SM-G955F\",\"caption\":\"\",\"created_timestamp\":\"1690398054\",\"copyright\":\"\",\"focal_length\":\"4.2\",\"iso\":\"64\",\"shutter_speed\":\"0.02\",\"title\":\"\",\"orientation\":\"0\",\"keywords\":[]},\"meta\":false,\"postlink\":\"https:\/\/www.cykloromantika.cz\/foto-2023-0726-115\/\"},{\"id\":8233,\"title\":\"Foto 2023 0726 116\",\"url\":\"https:\/\/www.cykloromantika.cz\/wp-content\/uploads\/2023\/11\/foto-2023-0726-116.jpg\",\"link\":\"https:\/\/www.cykloromantika.cz\/foto-2023-0726-116\/\",\"alt\":\"\",\"description\":\"\",\"caption\":\"Kl\u00ednovec a pod n\u00edm Bo\u017e\u00ed Dar na obzoru\",\"mime\":\"image\/jpeg\",\"type\":\"image\",\"width\":1024,\"height\":576,\"sizes\":{\"thumbnail\":{\"height\":84,\"width\":150,\"url\":\"https:\/\/www.cykloromantika.cz\/wp-content\/uploads\/2023\/11\/foto-2023-0726-116-150x84.jpg\",\"orientation\":\"landscape\"},\"medium\":{\"height\":169,\"width\":300,\"url\":\"https:\/\/www.cykloromantika.cz\/wp-content\/uploads\/2023\/11\/foto-2023-0726-116-300x169.jpg\",\"orientation\":\"landscape\"},\"full\":{\"url\":\"https:\/\/www.cykloromantika.cz\/wp-content\/uploads\/2023\/11\/foto-2023-0726-116.jpg\",\"height\":576,\"width\":1024,\"orientation\":\"landscape\"}},\"imageMeta\":{\"aperture\":\"2.4\",\"credit\":\"\",\"camera\":\"SM-G970F\",\"caption\":\"\",\"created_timestamp\":\"1690398352\",\"copyright\":\"\",\"focal_length\":\"4.32\",\"iso\":\"100\",\"shutter_speed\":\"0.000666666666667\",\"title\":\"\",\"orientation\":\"0\",\"keywords\":[]},\"meta\":false,\"postlink\":\"https:\/\/www.cykloromantika.cz\/foto-2023-0726-116\/\"},{\"id\":8234,\"title\":\"Foto 2023 0726 117\",\"url\":\"https:\/\/www.cykloromantika.cz\/wp-content\/uploads\/2023\/11\/foto-2023-0726-117.jpg\",\"link\":\"https:\/\/www.cykloromantika.cz\/foto-2023-0726-117\/\",\"alt\":\"\",\"description\":\"\",\"caption\":\"Bo\u017e\u00ed Dar\",\"mime\":\"image\/jpeg\",\"type\":\"image\",\"width\":1024,\"height\":768,\"sizes\":{\"thumbnail\":{\"height\":113,\"width\":150,\"url\":\"https:\/\/www.cykloromantika.cz\/wp-content\/uploads\/2023\/11\/foto-2023-0726-117-150x113.jpg\",\"orientation\":\"landscape\"},\"medium\":{\"height\":225,\"width\":300,\"url\":\"https:\/\/www.cykloromantika.cz\/wp-content\/uploads\/2023\/11\/foto-2023-0726-117-300x225.jpg\",\"orientation\":\"landscape\"},\"full\":{\"url\":\"https:\/\/www.cykloromantika.cz\/wp-content\/uploads\/2023\/11\/foto-2023-0726-117.jpg\",\"height\":768,\"width\":1024,\"orientation\":\"landscape\"}},\"imageMeta\":{\"aperture\":\"1.7\",\"credit\":\"\",\"camera\":\"SM-G955F\",\"caption\":\"\",\"created_timestamp\":\"1690398549\",\"copyright\":\"\",\"focal_length\":\"4.2\",\"iso\":\"40\",\"shutter_speed\":\"0.00103519668737\",\"title\":\"\",\"orientation\":\"0\",\"keywords\":[]},\"meta\":false,\"postlink\":\"https:\/\/www.cykloromantika.cz\/foto-2023-0726-117\/\"},{\"id\":8235,\"title\":\"Foto 2023 0726 118\",\"url\":\"https:\/\/www.cykloromantika.cz\/wp-content\/uploads\/2023\/11\/foto-2023-0726-118.jpg\",\"link\":\"https:\/\/www.cykloromantika.cz\/foto-2023-0726-118\/\",\"alt\":\"\",\"description\":\"\",\"caption\":\"M\u00e1te p\u0159\u00e1n\u00ed k vlo\u017een\u00ed?\",\"mime\":\"image\/jpeg\",\"type\":\"image\",\"width\":768,\"height\":1024,\"sizes\":{\"thumbnail\":{\"height\":150,\"width\":113,\"url\":\"https:\/\/www.cykloromantika.cz\/wp-content\/uploads\/2023\/11\/foto-2023-0726-118-113x150.jpg\",\"orientation\":\"portrait\"},\"medium\":{\"height\":300,\"width\":225,\"url\":\"https:\/\/www.cykloromantika.cz\/wp-content\/uploads\/2023\/11\/foto-2023-0726-118-225x300.jpg\",\"orientation\":\"portrait\"},\"full\":{\"url\":\"https:\/\/www.cykloromantika.cz\/wp-content\/uploads\/2023\/11\/foto-2023-0726-118.jpg\",\"height\":1024,\"width\":768,\"orientation\":\"portrait\"}},\"imageMeta\":{\"aperture\":\"1.7\",\"credit\":\"\",\"camera\":\"SM-G955F\",\"caption\":\"\",\"created_timestamp\":\"1690398871\",\"copyright\":\"\",\"focal_length\":\"4.2\",\"iso\":\"40\",\"shutter_speed\":\"0.00862068965517\",\"title\":\"\",\"orientation\":\"0\",\"keywords\":[]},\"meta\":false,\"postlink\":\"https:\/\/www.cykloromantika.cz\/foto-2023-0726-118\/\"},{\"id\":8236,\"title\":\"Foto 2023 0726 119\",\"url\":\"https:\/\/www.cykloromantika.cz\/wp-content\/uploads\/2023\/11\/foto-2023-0726-119.jpg\",\"link\":\"https:\/\/www.cykloromantika.cz\/foto-2023-0726-119\/\",\"alt\":\"\",\"description\":\"\",\"caption\":\"Hlavn\u00ed ulice v Bo\u017e\u00edm Daru?\",\"mime\":\"image\/jpeg\",\"type\":\"image\",\"width\":1024,\"height\":683,\"sizes\":{\"thumbnail\":{\"height\":100,\"width\":150,\"url\":\"https:\/\/www.cykloromantika.cz\/wp-content\/uploads\/2023\/11\/foto-2023-0726-119-150x100.jpg\",\"orientation\":\"landscape\"},\"medium\":{\"height\":200,\"width\":300,\"url\":\"https:\/\/www.cykloromantika.cz\/wp-content\/uploads\/2023\/11\/foto-2023-0726-119-300x200.jpg\",\"orientation\":\"landscape\"},\"full\":{\"url\":\"https:\/\/www.cykloromantika.cz\/wp-content\/uploads\/2023\/11\/foto-2023-0726-119.jpg\",\"height\":683,\"width\":1024,\"orientation\":\"landscape\"}},\"imageMeta\":{\"aperture\":\"1.7\",\"credit\":\"\",\"camera\":\"SM-G955F\",\"caption\":\"\",\"created_timestamp\":\"1690399033\",\"copyright\":\"\",\"focal_length\":\"4.2\",\"iso\":\"40\",\"shutter_speed\":\"0.000796178343949\",\"title\":\"\",\"orientation\":\"0\",\"keywords\":[]},\"meta\":false,\"postlink\":\"https:\/\/www.cykloromantika.cz\/foto-2023-0726-119\/\"},{\"id\":8237,\"title\":\"Foto 2023 0726 120\",\"url\":\"https:\/\/www.cykloromantika.cz\/wp-content\/uploads\/2023\/11\/foto-2023-0726-120.jpg\",\"link\":\"https:\/\/www.cykloromantika.cz\/foto-2023-0726-120\/\",\"alt\":\"\",\"description\":\"\",\"caption\":\"Pivovar \u010cerven\u00fd vlk\",\"mime\":\"image\/jpeg\",\"type\":\"image\",\"width\":1024,\"height\":683,\"sizes\":{\"thumbnail\":{\"height\":100,\"width\":150,\"url\":\"https:\/\/www.cykloromantika.cz\/wp-content\/uploads\/2023\/11\/foto-2023-0726-120-150x100.jpg\",\"orientation\":\"landscape\"},\"medium\":{\"height\":200,\"width\":300,\"url\":\"https:\/\/www.cykloromantika.cz\/wp-content\/uploads\/2023\/11\/foto-2023-0726-120-300x200.jpg\",\"orientation\":\"landscape\"},\"full\":{\"url\":\"https:\/\/www.cykloromantika.cz\/wp-content\/uploads\/2023\/11\/foto-2023-0726-120.jpg\",\"height\":683,\"width\":1024,\"orientation\":\"landscape\"}},\"imageMeta\":{\"aperture\":\"1.7\",\"credit\":\"\",\"camera\":\"SM-G955F\",\"caption\":\"\",\"created_timestamp\":\"1690399233\",\"copyright\":\"\",\"focal_length\":\"4.2\",\"iso\":\"40\",\"shutter_speed\":\"0.00125313283208\",\"title\":\"\",\"orientation\":\"0\",\"keywords\":[]},\"meta\":false,\"postlink\":\"https:\/\/www.cykloromantika.cz\/foto-2023-0726-120\/\"},{\"id\":8238,\"title\":\"Foto 2023 0726 121\",\"url\":\"https:\/\/www.cykloromantika.cz\/wp-content\/uploads\/2023\/11\/foto-2023-0726-121.jpg\",\"link\":\"https:\/\/www.cykloromantika.cz\/foto-2023-0726-121\/\",\"alt\":\"\",\"description\":\"\",\"caption\":\"Bo\u017e\u00eddarsk\u00fd jelen a B\u00edl\u00fd hranostaj\",\"mime\":\"image\/jpeg\",\"type\":\"image\",\"width\":768,\"height\":1024,\"sizes\":{\"thumbnail\":{\"height\":150,\"width\":113,\"url\":\"https:\/\/www.cykloromantika.cz\/wp-content\/uploads\/2023\/11\/foto-2023-0726-121-113x150.jpg\",\"orientation\":\"portrait\"},\"medium\":{\"height\":300,\"width\":225,\"url\":\"https:\/\/www.cykloromantika.cz\/wp-content\/uploads\/2023\/11\/foto-2023-0726-121-225x300.jpg\",\"orientation\":\"portrait\"},\"full\":{\"url\":\"https:\/\/www.cykloromantika.cz\/wp-content\/uploads\/2023\/11\/foto-2023-0726-121.jpg\",\"height\":1024,\"width\":768,\"orientation\":\"portrait\"}},\"imageMeta\":{\"aperture\":\"1.7\",\"credit\":\"\",\"camera\":\"SM-G955F\",\"caption\":\"\",\"created_timestamp\":\"1690400019\",\"copyright\":\"\",\"focal_length\":\"4.2\",\"iso\":\"80\",\"shutter_speed\":\"0.01\",\"title\":\"\",\"orientation\":\"0\",\"keywords\":[]},\"meta\":false,\"postlink\":\"https:\/\/www.cykloromantika.cz\/foto-2023-0726-121\/\"},{\"id\":8239,\"title\":\"Foto 2023 0726 122\",\"url\":\"https:\/\/www.cykloromantika.cz\/wp-content\/uploads\/2023\/11\/foto-2023-0726-122.jpg\",\"link\":\"https:\/\/www.cykloromantika.cz\/foto-2023-0726-122\/\",\"alt\":\"\",\"description\":\"\",\"caption\":\"A\u0165 chutn\u00e1, p\u00e1nov\u00e9!\",\"mime\":\"image\/jpeg\",\"type\":\"image\",\"width\":1024,\"height\":768,\"sizes\":{\"thumbnail\":{\"height\":113,\"width\":150,\"url\":\"https:\/\/www.cykloromantika.cz\/wp-content\/uploads\/2023\/11\/foto-2023-0726-122-150x113.jpg\",\"orientation\":\"landscape\"},\"medium\":{\"height\":225,\"width\":300,\"url\":\"https:\/\/www.cykloromantika.cz\/wp-content\/uploads\/2023\/11\/foto-2023-0726-122-300x225.jpg\",\"orientation\":\"landscape\"},\"full\":{\"url\":\"https:\/\/www.cykloromantika.cz\/wp-content\/uploads\/2023\/11\/foto-2023-0726-122.jpg\",\"height\":768,\"width\":1024,\"orientation\":\"landscape\"}},\"imageMeta\":{\"aperture\":\"1.7\",\"credit\":\"\",\"camera\":\"SM-G955F\",\"caption\":\"\",\"created_timestamp\":\"1690400624\",\"copyright\":\"\",\"focal_length\":\"4.2\",\"iso\":\"40\",\"shutter_speed\":\"0.00675675675676\",\"title\":\"\",\"orientation\":\"0\",\"keywords\":[]},\"meta\":false,\"postlink\":\"https:\/\/www.cykloromantika.cz\/foto-2023-0726-122\/\"},{\"id\":8240,\"title\":\"Foto 2023 0726 125\",\"url\":\"https:\/\/www.cykloromantika.cz\/wp-content\/uploads\/2023\/11\/foto-2023-0726-125.jpg\",\"link\":\"https:\/\/www.cykloromantika.cz\/foto-2023-0726-125\/\",\"alt\":\"\",\"description\":\"\",\"caption\":\"Pt\u00e1me se na cestu do pelechu!\",\"mime\":\"image\/jpeg\",\"type\":\"image\",\"width\":768,\"height\":1024,\"sizes\":{\"thumbnail\":{\"height\":150,\"width\":113,\"url\":\"https:\/\/www.cykloromantika.cz\/wp-content\/uploads\/2023\/11\/foto-2023-0726-125-113x150.jpg\",\"orientation\":\"portrait\"},\"medium\":{\"height\":300,\"width\":225,\"url\":\"https:\/\/www.cykloromantika.cz\/wp-content\/uploads\/2023\/11\/foto-2023-0726-125-225x300.jpg\",\"orientation\":\"portrait\"},\"full\":{\"url\":\"https:\/\/www.cykloromantika.cz\/wp-content\/uploads\/2023\/11\/foto-2023-0726-125.jpg\",\"height\":1024,\"width\":768,\"orientation\":\"portrait\"}},\"imageMeta\":{\"aperture\":\"1.7\",\"credit\":\"\",\"camera\":\"SM-G955F\",\"caption\":\"\",\"created_timestamp\":\"1690410002\",\"copyright\":\"\",\"focal_length\":\"4.2\",\"iso\":\"320\",\"shutter_speed\":\"0.1\",\"title\":\"\",\"orientation\":\"0\",\"keywords\":[]},\"meta\":false,\"postlink\":\"https:\/\/www.cykloromantika.cz\/foto-2023-0726-125\/\"},{\"id\":8241,\"title\":\"Foto 2023 0726 126\",\"url\":\"https:\/\/www.cykloromantika.cz\/wp-content\/uploads\/2023\/11\/foto-2023-0726-126.jpg\",\"link\":\"https:\/\/www.cykloromantika.cz\/foto-2023-0726-126\/\",\"alt\":\"\",\"description\":\"\",\"caption\":\"P\u0159\u00edst\u0159e\u0161ek jsme na\u0161li. Te\u010f jen v 5 \u00b0C v\u0161e p\u0159ipravit a ulehnout!\",\"mime\":\"image\/jpeg\",\"type\":\"image\",\"width\":1024,\"height\":768,\"sizes\":{\"thumbnail\":{\"height\":113,\"width\":150,\"url\":\"https:\/\/www.cykloromantika.cz\/wp-content\/uploads\/2023\/11\/foto-2023-0726-126-150x113.jpg\",\"orientation\":\"landscape\"},\"medium\":{\"height\":225,\"width\":300,\"url\":\"https:\/\/www.cykloromantika.cz\/wp-content\/uploads\/2023\/11\/foto-2023-0726-126-300x225.jpg\",\"orientation\":\"landscape\"},\"full\":{\"url\":\"https:\/\/www.cykloromantika.cz\/wp-content\/uploads\/2023\/11\/foto-2023-0726-126.jpg\",\"height\":768,\"width\":1024,\"orientation\":\"landscape\"}},\"imageMeta\":{\"aperture\":\"1.7\",\"credit\":\"\",\"camera\":\"SM-G955F\",\"caption\":\"\",\"created_timestamp\":\"1690413100\",\"copyright\":\"\",\"focal_length\":\"4.2\",\"iso\":\"500\",\"shutter_speed\":\"0.1\",\"title\":\"\",\"orientation\":\"0\",\"keywords\":[]},\"meta\":false,\"postlink\":\"https:\/\/www.cykloromantika.cz\/foto-2023-0726-126\/\"}],\"useClobalSettings\":true,\"galleryBorderRadius\":8,\"shareFacebook\":false,\"shareTwitter\":false,\"sharePinterest\":false,\"sharePost\":\"postlink\",\"sliderItemTitleEnable\":true,\"sliderSocialShareEnabled\":false,\"itemsMetaDataCollection\":[]}<\/script><script>(function(){if(window.PGC_SGB && window.PGC_SGB.searcher){window.PGC_SGB.searcher.initBlocks()}})()<\/script><\/div>\n<\/div><\/div>\n<\/div><\/div><\/div>\n","protected":false},"excerpt":{"rendered":"","protected":false},"author":3,"featured_media":8207,"comment_status":"open","ping_status":"open","sticky":false,"template":"","format":"standard","meta":{"_acf_changed":false,"pgc_sgb_lightbox_settings":"","footnotes":""},"categories":[31],"tags":[],"class_list":["post-8048","post","type-post","status-publish","format-standard","has-post-thumbnail","hentry","category-denicek"],"acf":[],"_links":{"self":[{"href":"https:\/\/www.cykloromantika.cz\/index.php\/wp-json\/wp\/v2\/posts\/8048","targetHints":{"allow":["GET"]}}],"collection":[{"href":"https:\/\/www.cykloromantika.cz\/index.php\/wp-json\/wp\/v2\/posts"}],"about":[{"href":"https:\/\/www.cykloromantika.cz\/index.php\/wp-json\/wp\/v2\/types\/post"}],"author":[{"embeddable":true,"href":"https:\/\/www.cykloromantika.cz\/index.php\/wp-json\/wp\/v2\/users\/3"}],"replies":[{"embeddable":true,"href":"https:\/\/www.cykloromantika.cz\/index.php\/wp-json\/wp\/v2\/comments?post=8048"}],"version-history":[{"count":10,"href":"https:\/\/www.cykloromantika.cz\/index.php\/wp-json\/wp\/v2\/posts\/8048\/revisions"}],"predecessor-version":[{"id":8510,"href":"https:\/\/www.cykloromantika.cz\/index.php\/wp-json\/wp\/v2\/posts\/8048\/revisions\/8510"}],"wp:featuredmedia":[{"embeddable":true,"href":"https:\/\/www.cykloromantika.cz\/index.php\/wp-json\/wp\/v2\/media\/8207"}],"wp:attachment":[{"href":"https:\/\/www.cykloromantika.cz\/index.php\/wp-json\/wp\/v2\/media?parent=8048"}],"wp:term":[{"taxonomy":"category","embeddable":true,"href":"https:\/\/www.cykloromantika.cz\/index.php\/wp-json\/wp\/v2\/categories?post=8048"},{"taxonomy":"post_tag","embeddable":true,"href":"https:\/\/www.cykloromantika.cz\/index.php\/wp-json\/wp\/v2\/tags?post=8048"}],"curies":[{"name":"wp","href":"https:\/\/api.w.org\/{rel}","templated":true}]}}