{"id":7919,"date":"2023-05-21T10:53:00","date_gmt":"2023-05-21T09:53:00","guid":{"rendered":"https:\/\/www.cykloromantika.cz\/?p=7919"},"modified":"2023-09-21T09:51:46","modified_gmt":"2023-09-21T08:51:46","slug":"2-jarni-vyjezd-beskydy-velke-karlovice","status":"publish","type":"post","link":"https:\/\/www.cykloromantika.cz\/index.php\/2023\/05\/21\/2-jarni-vyjezd-beskydy-velke-karlovice\/","title":{"rendered":"2.&nbsp;jarn\u00ed v\u00fdjezd: Beskydy, Velk\u00e9 Karlovice"},"content":{"rendered":"<style>.kt-tabs-id7919_492662-ed > .kt-tabs-content-wrap > .wp-block-kadence-tab{border-top:1px solid #eeeeee;border-right:0px solid #eeeeee;border-bottom:0px solid #eeeeee;border-left:0px solid #eeeeee;border-top-left-radius:0px;border-top-right-radius:0px;border-bottom-right-radius:0px;border-bottom-left-radius:0px;padding-top:20px;padding-right:0px;padding-bottom:20px;padding-left:0px;background:#ffffff;}.wp-block-kadence-tabs .kt-tabs-id7919_492662-ed > .kt-tabs-title-list li{margin-top:0px;margin-right:8px;margin-bottom:0px;margin-left:0px;}.wp-block-kadence-tabs .kt-tabs-id7919_492662-ed > .kt-tabs-title-list li:last-child{margin-right:0px;}.wp-block-kadence-tabs .kt-tabs-id7919_492662-ed > .kt-tabs-title-list li .kt-tab-title, .wp-block-kadence-tabs .kt-tabs-id7919_492662-ed > .kt-tabs-content-wrap > .kt-tabs-accordion-title .kt-tab-title{line-height:1.4em;font-weight:400;font-style:normal;text-transform:uppercase;border-top-width:0px;border-right-width:0px;border-bottom-width:0px;border-left-width:0px;border-top-left-radius:0px;border-top-right-radius:0px;border-bottom-right-radius:0px;border-bottom-left-radius:0px;padding-top:8px;padding-right:20px;padding-bottom:8px;padding-left:20px;border-color:#ffffff;color:#555555;background:#ffffff;}.wp-block-kadence-tabs .kt-tabs-id7919_492662-ed > .kt-tabs-content-wrap > .kt-tabs-accordion-title .kt-tab-title{margin-top:0px;margin-right:8px;margin-bottom:0px;margin-left:0px;}.wp-block-kadence-tabs .kt-tabs-id7919_492662-ed > .kt-tabs-title-list li .kt-tab-title:hover, .wp-block-kadence-tabs .kt-tabs-id7919_492662-ed > .kt-tabs-content-wrap > .kt-tabs-accordion-title .kt-tab-title:hover{border-color:#555555;color:#086abd;background:#ffffff;}.wp-block-kadence-tabs .kt-tabs-id7919_492662-ed > .kt-tabs-title-list li.kt-tab-title-active .kt-tab-title, .wp-block-kadence-tabs .kt-tabs-id7919_492662-ed > .kt-tabs-content-wrap > .kt-tabs-accordion-title.kt-tab-title-active .kt-tab-title{border-color:#555555;color:#086abd;background:#ffffff;}.wp-block-kadence-tabs .kt-tabs-id7919_492662-ed > .kt-tabs-title-list li svg{font-size:24px;}@media all and (max-width: 1024px){.kt-tabs-id7919_492662-ed > .kt-tabs-content-wrap > .wp-block-kadence-tab{border-top:1px solid #eeeeee;border-right:0px solid #eeeeee;border-bottom:0px solid #eeeeee;border-left:0px solid #eeeeee;}}@media all and (max-width: 767px){.kt-tabs-id7919_492662-ed > .kt-tabs-content-wrap > .wp-block-kadence-tab{border-top:1px solid #eeeeee;border-right:0px solid #eeeeee;border-bottom:0px solid #eeeeee;border-left:0px solid #eeeeee;}}<\/style>\n<div class=\"wp-block-kadence-tabs alignnone\"><div class=\"kt-tabs-wrap kt-tabs-id7919_492662-ed kt-tabs-has-3-tabs kt-active-tab-3 kt-tabs-layout-tabs kt-tabs-tablet-layout-inherit kt-tabs-mobile-layout-inherit kt-tab-alignment-center \"><ul class=\"kt-tabs-title-list\"><li id=\"tab-trasa\" class=\"kt-title-item kt-title-item-1 kt-tabs-svg-show-always kt-tabs-icon-side-top kt-tab-title-inactive\"><a href=\"#tab-trasa\" data-tab=\"1\" class=\"kt-tab-title kt-tab-title-1 \"><span class=\"kb-svg-icon-wrap kb-svg-icon-fe_map\"><svg viewBox=\"0 0 24 24\"  fill=\"none\" stroke=\"currentColor\" stroke-width=\"2\" stroke-linecap=\"round\" stroke-linejoin=\"round\" xmlns=\"http:\/\/www.w3.org\/2000\/svg\"  aria-hidden=\"true\"><polygon points=\"1 6 1 22 8 18 16 22 23 18 23 2 16 6 8 2 1 6\"\/><line x1=\"8\" y1=\"2\" x2=\"8\" y2=\"18\"\/><line x1=\"16\" y1=\"6\" x2=\"16\" y2=\"22\"\/><\/svg><\/span><span class=\"kt-title-text\">Trasa<\/span><\/a><\/li><li id=\"tab-zitky\" class=\"kt-title-item kt-title-item-2 kt-tabs-svg-show-always kt-tabs-icon-side-top kt-tab-title-inactive\"><a href=\"#tab-zitky\" data-tab=\"2\" class=\"kt-tab-title kt-tab-title-2 \"><span class=\"kb-svg-icon-wrap kb-svg-icon-fe_alignLeft\"><svg viewBox=\"0 0 24 24\"  fill=\"none\" stroke=\"currentColor\" stroke-width=\"2\" stroke-linecap=\"round\" stroke-linejoin=\"round\" xmlns=\"http:\/\/www.w3.org\/2000\/svg\"  aria-hidden=\"true\"><line x1=\"17\" y1=\"10\" x2=\"3\" y2=\"10\"\/><line x1=\"21\" y1=\"6\" x2=\"3\" y2=\"6\"\/><line x1=\"21\" y1=\"14\" x2=\"3\" y2=\"14\"\/><line x1=\"17\" y1=\"18\" x2=\"3\" y2=\"18\"\/><\/svg><\/span><span class=\"kt-title-text\">Z\u00e1\u017eitky<\/span><\/a><\/li><li id=\"tab-fotky\" class=\"kt-title-item kt-title-item-3 kt-tabs-svg-show-always kt-tabs-icon-side-top kt-tab-title-active\"><a href=\"#tab-fotky\" data-tab=\"3\" class=\"kt-tab-title kt-tab-title-3 \"><span class=\"kb-svg-icon-wrap kb-svg-icon-fe_camera\"><svg viewBox=\"0 0 24 24\"  fill=\"none\" stroke=\"currentColor\" stroke-width=\"2\" stroke-linecap=\"round\" stroke-linejoin=\"round\" xmlns=\"http:\/\/www.w3.org\/2000\/svg\"  aria-hidden=\"true\"><path d=\"M23 19a2 2 0 0 1-2 2H3a2 2 0 0 1-2-2V8a2 2 0 0 1 2-2h4l2-3h6l2 3h4a2 2 0 0 1 2 2z\"\/><circle cx=\"12\" cy=\"13\" r=\"4\"\/><\/svg><\/span><span class=\"kt-title-text\">Fotky<\/span><\/a><\/li><\/ul><div class=\"kt-tabs-content-wrap\">\n<div class=\"wp-block-kadence-tab kt-tab-inner-content kt-inner-tab-1 kt-inner-tab_9206e5-43\"><div class=\"kt-tab-inner-content-inner\">\n<p><strong>1.&nbsp;den:<\/strong> \u010celadn\u00e1 \u2013 Lhotsk\u00e1 \u2013 Mezivod\u00ed \u2013 sedlo Bumb\u00e1lka \u2013 Makovsk\u00fd pr\u016fsmyk \u2013 Velk\u00e9 Karlovice, Leskov\u00e9<\/p>\n\n\n\n<p id=\"3-rijna-2021\"><strong>2.&nbsp;den:<\/strong> Velk\u00e9 Karlovice, Leskov\u00e9 \u2013 Karolinka \u2013 Bzov\u00e9 \u2013 Sol\u00e1\u0148 \u2013 Vsack\u00fd C\u00e1b \u2013 Vset\u00edn &#8230; Velk\u00e9 Karlovice, Leskov\u00e9<\/p>\n\n\n\n<p><strong>3.&nbsp;den:<\/strong> Velk\u00e9 Karlovice, Leskov\u00e9 \u2013 Makovsk\u00fd pr\u016fsmyk \u2013 sedlo Bumb\u00e1lka \u2013 Masarykova chata \u2013 B\u00edl\u00e1 \u2013 Ostravice \u2013 Paskov \u2013 Ostrava<\/p>\n\n\n\n<ul class=\"wp-block-list\">\n<li>najeto: 160 km<\/li>\n\n\n\n<li>nejni\u017e\u0161\u00ed a nejvy\u0161\u0161\u00ed bod: 232-947&nbsp;m n. m. <\/li>\n\n\n\n<li>stoup\u00e1n\u00ed: 2&nbsp;103&nbsp;m <\/li>\n\n\n\n<li>kles\u00e1n\u00ed: 2&nbsp;468&nbsp;m<\/li>\n<\/ul>\n\n\n<div class=\"pgc-sgb-cb wp-block-pgcsimplygalleryblock-slider \" data-gallery-id=\"f8e17791\"style=&quot;min-height:400px&quot;><div class=\"sgb-preloader\" id=\"pr_f8e17791\">\n\t<div class=\"sgb-square\" style=\"background:#d4d4d4\"><\/div>\n\t<div class=\"sgb-square\" style=\"background:#d4d4d4\"><\/div>\n\t<div class=\"sgb-square\" style=\"background:#d4d4d4\"><\/div>\n\t<div class=\"sgb-square\" style=\"background:#d4d4d4\"><\/div><\/div><div class=\"simply-gallery-amp pgc_sgb_slider \"><noscript><div class=\"sgb-gallery\"><div class=\"sgb-item\"><a href=\"https:\/\/www.cykloromantika.cz\/mapa-2023-05-19-01\/\" target=\"_blank\"><img decoding=\"async\" alt=\"\" width=\"300\" height=\"163\" loading=\"lazy\" src=\"https:\/\/www.cykloromantika.cz\/wp-content\/uploads\/2023\/06\/mapa-2023-05-19-01-300x163.jpg\" srcset=\"https:\/\/www.cykloromantika.cz\/wp-content\/uploads\/2023\/06\/mapa-2023-05-19-01-300x163.jpg 300w,https:\/\/www.cykloromantika.cz\/wp-content\/uploads\/2023\/06\/mapa-2023-05-19-01.jpg 1024w\" sizes=\"auto, 250px\"\/><\/a><\/div><div class=\"sgb-item\"><a href=\"https:\/\/www.cykloromantika.cz\/mapa-2023-05-19-02\/\" target=\"_blank\"><img decoding=\"async\" alt=\"\" width=\"300\" height=\"163\" loading=\"lazy\" src=\"https:\/\/www.cykloromantika.cz\/wp-content\/uploads\/2023\/06\/mapa-2023-05-19-02-300x163.jpg\" srcset=\"https:\/\/www.cykloromantika.cz\/wp-content\/uploads\/2023\/06\/mapa-2023-05-19-02-300x163.jpg 300w,https:\/\/www.cykloromantika.cz\/wp-content\/uploads\/2023\/06\/mapa-2023-05-19-02.jpg 1024w\" sizes=\"auto, 250px\"\/><\/a><\/div><div class=\"sgb-item\"><a href=\"https:\/\/www.cykloromantika.cz\/mapa-2023-05-20-01\/\" target=\"_blank\"><img decoding=\"async\" alt=\"\" width=\"300\" height=\"163\" loading=\"lazy\" src=\"https:\/\/www.cykloromantika.cz\/wp-content\/uploads\/2023\/06\/mapa-2023-05-20-01-300x163.jpg\" srcset=\"https:\/\/www.cykloromantika.cz\/wp-content\/uploads\/2023\/06\/mapa-2023-05-20-01-300x163.jpg 300w,https:\/\/www.cykloromantika.cz\/wp-content\/uploads\/2023\/06\/mapa-2023-05-20-01.jpg 1024w\" sizes=\"auto, 250px\"\/><\/a><\/div><div class=\"sgb-item\"><a href=\"https:\/\/www.cykloromantika.cz\/mapa-2023-05-20-02\/\" target=\"_blank\"><img decoding=\"async\" alt=\"\" width=\"300\" height=\"163\" loading=\"lazy\" src=\"https:\/\/www.cykloromantika.cz\/wp-content\/uploads\/2023\/06\/mapa-2023-05-20-02-300x163.jpg\" srcset=\"https:\/\/www.cykloromantika.cz\/wp-content\/uploads\/2023\/06\/mapa-2023-05-20-02-300x163.jpg 300w,https:\/\/www.cykloromantika.cz\/wp-content\/uploads\/2023\/06\/mapa-2023-05-20-02.jpg 1024w\" sizes=\"auto, 250px\"\/><\/a><\/div><div class=\"sgb-item\"><a href=\"https:\/\/www.cykloromantika.cz\/mapa-2023-05-20-03\/\" target=\"_blank\"><img decoding=\"async\" alt=\"\" width=\"300\" height=\"163\" loading=\"lazy\" src=\"https:\/\/www.cykloromantika.cz\/wp-content\/uploads\/2023\/06\/mapa-2023-05-20-03-300x163.jpg\" srcset=\"https:\/\/www.cykloromantika.cz\/wp-content\/uploads\/2023\/06\/mapa-2023-05-20-03-300x163.jpg 300w,https:\/\/www.cykloromantika.cz\/wp-content\/uploads\/2023\/06\/mapa-2023-05-20-03.jpg 1024w\" sizes=\"auto, 250px\"\/><\/a><\/div><div class=\"sgb-item\"><a href=\"https:\/\/www.cykloromantika.cz\/mapa-2023-05-20-04\/\" target=\"_blank\"><img decoding=\"async\" alt=\"\" width=\"300\" height=\"163\" loading=\"lazy\" src=\"https:\/\/www.cykloromantika.cz\/wp-content\/uploads\/2023\/06\/mapa-2023-05-20-04-300x163.jpg\" srcset=\"https:\/\/www.cykloromantika.cz\/wp-content\/uploads\/2023\/06\/mapa-2023-05-20-04-300x163.jpg 300w,https:\/\/www.cykloromantika.cz\/wp-content\/uploads\/2023\/06\/mapa-2023-05-20-04.jpg 1024w\" sizes=\"auto, 250px\"\/><\/a><\/div><div class=\"sgb-item\"><a href=\"https:\/\/www.cykloromantika.cz\/mapa-2023-05-21-01\/\" target=\"_blank\"><img decoding=\"async\" alt=\"\" width=\"300\" height=\"163\" loading=\"lazy\" src=\"https:\/\/www.cykloromantika.cz\/wp-content\/uploads\/2023\/06\/mapa-2023-05-21-01-300x163.jpg\" srcset=\"https:\/\/www.cykloromantika.cz\/wp-content\/uploads\/2023\/06\/mapa-2023-05-21-01-300x163.jpg 300w,https:\/\/www.cykloromantika.cz\/wp-content\/uploads\/2023\/06\/mapa-2023-05-21-01.jpg 1024w\" sizes=\"auto, 250px\"\/><\/a><\/div><div class=\"sgb-item\"><a href=\"https:\/\/www.cykloromantika.cz\/mapa-2023-05-21-02\/\" target=\"_blank\"><img decoding=\"async\" alt=\"\" width=\"300\" height=\"163\" loading=\"lazy\" src=\"https:\/\/www.cykloromantika.cz\/wp-content\/uploads\/2023\/06\/mapa-2023-05-21-02-300x163.jpg\" srcset=\"https:\/\/www.cykloromantika.cz\/wp-content\/uploads\/2023\/06\/mapa-2023-05-21-02-300x163.jpg 300w,https:\/\/www.cykloromantika.cz\/wp-content\/uploads\/2023\/06\/mapa-2023-05-21-02.jpg 1024w\" sizes=\"auto, 250px\"\/><\/a><\/div><div class=\"sgb-item\"><a href=\"https:\/\/www.cykloromantika.cz\/mapa-2023-05-21-03\/\" target=\"_blank\"><img decoding=\"async\" alt=\"\" width=\"300\" height=\"163\" loading=\"lazy\" src=\"https:\/\/www.cykloromantika.cz\/wp-content\/uploads\/2023\/06\/mapa-2023-05-21-03-300x163.jpg\" srcset=\"https:\/\/www.cykloromantika.cz\/wp-content\/uploads\/2023\/06\/mapa-2023-05-21-03-300x163.jpg 300w,https:\/\/www.cykloromantika.cz\/wp-content\/uploads\/2023\/06\/mapa-2023-05-21-03.jpg 1024w\" sizes=\"auto, 250px\"\/><\/a><\/div><div class=\"sgb-item\"><a href=\"https:\/\/www.cykloromantika.cz\/mapa-2023-05-21-04\/\" target=\"_blank\"><img decoding=\"async\" alt=\"\" width=\"300\" height=\"163\" loading=\"lazy\" src=\"https:\/\/www.cykloromantika.cz\/wp-content\/uploads\/2023\/06\/mapa-2023-05-21-04-300x163.jpg\" srcset=\"https:\/\/www.cykloromantika.cz\/wp-content\/uploads\/2023\/06\/mapa-2023-05-21-04-300x163.jpg 300w,https:\/\/www.cykloromantika.cz\/wp-content\/uploads\/2023\/06\/mapa-2023-05-21-04.jpg 1024w\" sizes=\"auto, 250px\"\/><\/a><\/div><div class=\"sgb-item\"><a href=\"https:\/\/www.cykloromantika.cz\/mapa-2023-05-21-05\/\" target=\"_blank\"><img decoding=\"async\" alt=\"\" width=\"300\" height=\"163\" loading=\"lazy\" src=\"https:\/\/www.cykloromantika.cz\/wp-content\/uploads\/2023\/06\/mapa-2023-05-21-05-300x163.jpg\" srcset=\"https:\/\/www.cykloromantika.cz\/wp-content\/uploads\/2023\/06\/mapa-2023-05-21-05-300x163.jpg 300w,https:\/\/www.cykloromantika.cz\/wp-content\/uploads\/2023\/06\/mapa-2023-05-21-05.jpg 1024w\" sizes=\"auto, 250px\"\/><\/a><\/div><\/div><\/noscript><\/div><script type=\"application\/json\" class=\"sgb-data\">{\"externalLinkDefName\":\"d\u00e1le\",\"captionHAlign\":\"bottom\",\"collectionthumbHoverTitleFontSize\":12,\"collectionthumbRoundedCorners\":8,\"collectionthumbHoverTitleTextBgColor\":\"rgba(0,0,0,0.44)\",\"collectionThumbSubMenuShare\":false,\"sliderAdminWidth\":0,\"collectionColumns\":2,\"galleryType\":\"pgc_sgb_slider\",\"galleryId\":\"f8e17791\",\"images\":[{\"id\":7923,\"title\":\"Mapa 2023 05 19 01\",\"url\":\"https:\/\/www.cykloromantika.cz\/wp-content\/uploads\/2023\/06\/mapa-2023-05-19-01.jpg\",\"link\":\"https:\/\/www.cykloromantika.cz\/mapa-2023-05-19-01\/\",\"alt\":\"\",\"description\":\"\",\"caption\":\"\",\"mime\":\"image\/jpeg\",\"type\":\"image\",\"width\":1024,\"height\":558,\"sizes\":{\"thumbnail\":{\"height\":82,\"width\":150,\"url\":\"https:\/\/www.cykloromantika.cz\/wp-content\/uploads\/2023\/06\/mapa-2023-05-19-01-150x82.jpg\",\"orientation\":\"landscape\"},\"medium\":{\"height\":163,\"width\":300,\"url\":\"https:\/\/www.cykloromantika.cz\/wp-content\/uploads\/2023\/06\/mapa-2023-05-19-01-300x163.jpg\",\"orientation\":\"landscape\"},\"full\":{\"url\":\"https:\/\/www.cykloromantika.cz\/wp-content\/uploads\/2023\/06\/mapa-2023-05-19-01.jpg\",\"height\":558,\"width\":1024,\"orientation\":\"landscape\"}},\"imageMeta\":{\"aperture\":\"0\",\"credit\":\"\",\"camera\":\"\",\"caption\":\"\",\"created_timestamp\":\"0\",\"copyright\":\"\",\"focal_length\":\"0\",\"iso\":\"0\",\"shutter_speed\":\"0\",\"title\":\"\",\"orientation\":\"0\",\"keywords\":[]},\"meta\":false,\"postlink\":\"https:\/\/www.cykloromantika.cz\/mapa-2023-05-19-01\/\"},{\"id\":7924,\"title\":\"Mapa 2023 05 19 02\",\"url\":\"https:\/\/www.cykloromantika.cz\/wp-content\/uploads\/2023\/06\/mapa-2023-05-19-02.jpg\",\"link\":\"https:\/\/www.cykloromantika.cz\/mapa-2023-05-19-02\/\",\"alt\":\"\",\"description\":\"\",\"caption\":\"\",\"mime\":\"image\/jpeg\",\"type\":\"image\",\"width\":1024,\"height\":558,\"sizes\":{\"thumbnail\":{\"height\":82,\"width\":150,\"url\":\"https:\/\/www.cykloromantika.cz\/wp-content\/uploads\/2023\/06\/mapa-2023-05-19-02-150x82.jpg\",\"orientation\":\"landscape\"},\"medium\":{\"height\":163,\"width\":300,\"url\":\"https:\/\/www.cykloromantika.cz\/wp-content\/uploads\/2023\/06\/mapa-2023-05-19-02-300x163.jpg\",\"orientation\":\"landscape\"},\"full\":{\"url\":\"https:\/\/www.cykloromantika.cz\/wp-content\/uploads\/2023\/06\/mapa-2023-05-19-02.jpg\",\"height\":558,\"width\":1024,\"orientation\":\"landscape\"}},\"imageMeta\":{\"aperture\":\"0\",\"credit\":\"\",\"camera\":\"\",\"caption\":\"\",\"created_timestamp\":\"0\",\"copyright\":\"\",\"focal_length\":\"0\",\"iso\":\"0\",\"shutter_speed\":\"0\",\"title\":\"\",\"orientation\":\"0\",\"keywords\":[]},\"meta\":false,\"postlink\":\"https:\/\/www.cykloromantika.cz\/mapa-2023-05-19-02\/\"},{\"id\":7925,\"title\":\"Mapa 2023 05 20 01\",\"url\":\"https:\/\/www.cykloromantika.cz\/wp-content\/uploads\/2023\/06\/mapa-2023-05-20-01.jpg\",\"link\":\"https:\/\/www.cykloromantika.cz\/mapa-2023-05-20-01\/\",\"alt\":\"\",\"description\":\"\",\"caption\":\"\",\"mime\":\"image\/jpeg\",\"type\":\"image\",\"width\":1024,\"height\":558,\"sizes\":{\"thumbnail\":{\"height\":82,\"width\":150,\"url\":\"https:\/\/www.cykloromantika.cz\/wp-content\/uploads\/2023\/06\/mapa-2023-05-20-01-150x82.jpg\",\"orientation\":\"landscape\"},\"medium\":{\"height\":163,\"width\":300,\"url\":\"https:\/\/www.cykloromantika.cz\/wp-content\/uploads\/2023\/06\/mapa-2023-05-20-01-300x163.jpg\",\"orientation\":\"landscape\"},\"full\":{\"url\":\"https:\/\/www.cykloromantika.cz\/wp-content\/uploads\/2023\/06\/mapa-2023-05-20-01.jpg\",\"height\":558,\"width\":1024,\"orientation\":\"landscape\"}},\"imageMeta\":{\"aperture\":\"0\",\"credit\":\"\",\"camera\":\"\",\"caption\":\"\",\"created_timestamp\":\"0\",\"copyright\":\"\",\"focal_length\":\"0\",\"iso\":\"0\",\"shutter_speed\":\"0\",\"title\":\"\",\"orientation\":\"0\",\"keywords\":[]},\"meta\":false,\"postlink\":\"https:\/\/www.cykloromantika.cz\/mapa-2023-05-20-01\/\"},{\"id\":7926,\"title\":\"Mapa 2023 05 20 02\",\"url\":\"https:\/\/www.cykloromantika.cz\/wp-content\/uploads\/2023\/06\/mapa-2023-05-20-02.jpg\",\"link\":\"https:\/\/www.cykloromantika.cz\/mapa-2023-05-20-02\/\",\"alt\":\"\",\"description\":\"\",\"caption\":\"\",\"mime\":\"image\/jpeg\",\"type\":\"image\",\"width\":1024,\"height\":558,\"sizes\":{\"thumbnail\":{\"height\":82,\"width\":150,\"url\":\"https:\/\/www.cykloromantika.cz\/wp-content\/uploads\/2023\/06\/mapa-2023-05-20-02-150x82.jpg\",\"orientation\":\"landscape\"},\"medium\":{\"height\":163,\"width\":300,\"url\":\"https:\/\/www.cykloromantika.cz\/wp-content\/uploads\/2023\/06\/mapa-2023-05-20-02-300x163.jpg\",\"orientation\":\"landscape\"},\"full\":{\"url\":\"https:\/\/www.cykloromantika.cz\/wp-content\/uploads\/2023\/06\/mapa-2023-05-20-02.jpg\",\"height\":558,\"width\":1024,\"orientation\":\"landscape\"}},\"imageMeta\":{\"aperture\":\"0\",\"credit\":\"\",\"camera\":\"\",\"caption\":\"\",\"created_timestamp\":\"0\",\"copyright\":\"\",\"focal_length\":\"0\",\"iso\":\"0\",\"shutter_speed\":\"0\",\"title\":\"\",\"orientation\":\"0\",\"keywords\":[]},\"meta\":false,\"postlink\":\"https:\/\/www.cykloromantika.cz\/mapa-2023-05-20-02\/\"},{\"id\":7927,\"title\":\"Mapa 2023 05 20 03\",\"url\":\"https:\/\/www.cykloromantika.cz\/wp-content\/uploads\/2023\/06\/mapa-2023-05-20-03.jpg\",\"link\":\"https:\/\/www.cykloromantika.cz\/mapa-2023-05-20-03\/\",\"alt\":\"\",\"description\":\"\",\"caption\":\"\",\"mime\":\"image\/jpeg\",\"type\":\"image\",\"width\":1024,\"height\":558,\"sizes\":{\"thumbnail\":{\"height\":82,\"width\":150,\"url\":\"https:\/\/www.cykloromantika.cz\/wp-content\/uploads\/2023\/06\/mapa-2023-05-20-03-150x82.jpg\",\"orientation\":\"landscape\"},\"medium\":{\"height\":163,\"width\":300,\"url\":\"https:\/\/www.cykloromantika.cz\/wp-content\/uploads\/2023\/06\/mapa-2023-05-20-03-300x163.jpg\",\"orientation\":\"landscape\"},\"full\":{\"url\":\"https:\/\/www.cykloromantika.cz\/wp-content\/uploads\/2023\/06\/mapa-2023-05-20-03.jpg\",\"height\":558,\"width\":1024,\"orientation\":\"landscape\"}},\"imageMeta\":{\"aperture\":\"0\",\"credit\":\"\",\"camera\":\"\",\"caption\":\"\",\"created_timestamp\":\"0\",\"copyright\":\"\",\"focal_length\":\"0\",\"iso\":\"0\",\"shutter_speed\":\"0\",\"title\":\"\",\"orientation\":\"0\",\"keywords\":[]},\"meta\":false,\"postlink\":\"https:\/\/www.cykloromantika.cz\/mapa-2023-05-20-03\/\"},{\"id\":7928,\"title\":\"Mapa 2023 05 20 04\",\"url\":\"https:\/\/www.cykloromantika.cz\/wp-content\/uploads\/2023\/06\/mapa-2023-05-20-04.jpg\",\"link\":\"https:\/\/www.cykloromantika.cz\/mapa-2023-05-20-04\/\",\"alt\":\"\",\"description\":\"\",\"caption\":\"\",\"mime\":\"image\/jpeg\",\"type\":\"image\",\"width\":1024,\"height\":558,\"sizes\":{\"thumbnail\":{\"height\":82,\"width\":150,\"url\":\"https:\/\/www.cykloromantika.cz\/wp-content\/uploads\/2023\/06\/mapa-2023-05-20-04-150x82.jpg\",\"orientation\":\"landscape\"},\"medium\":{\"height\":163,\"width\":300,\"url\":\"https:\/\/www.cykloromantika.cz\/wp-content\/uploads\/2023\/06\/mapa-2023-05-20-04-300x163.jpg\",\"orientation\":\"landscape\"},\"full\":{\"url\":\"https:\/\/www.cykloromantika.cz\/wp-content\/uploads\/2023\/06\/mapa-2023-05-20-04.jpg\",\"height\":558,\"width\":1024,\"orientation\":\"landscape\"}},\"imageMeta\":{\"aperture\":\"0\",\"credit\":\"\",\"camera\":\"\",\"caption\":\"\",\"created_timestamp\":\"0\",\"copyright\":\"\",\"focal_length\":\"0\",\"iso\":\"0\",\"shutter_speed\":\"0\",\"title\":\"\",\"orientation\":\"0\",\"keywords\":[]},\"meta\":false,\"postlink\":\"https:\/\/www.cykloromantika.cz\/mapa-2023-05-20-04\/\"},{\"id\":7929,\"title\":\"Mapa 2023 05 21 01\",\"url\":\"https:\/\/www.cykloromantika.cz\/wp-content\/uploads\/2023\/06\/mapa-2023-05-21-01.jpg\",\"link\":\"https:\/\/www.cykloromantika.cz\/mapa-2023-05-21-01\/\",\"alt\":\"\",\"description\":\"\",\"caption\":\"\",\"mime\":\"image\/jpeg\",\"type\":\"image\",\"width\":1024,\"height\":558,\"sizes\":{\"thumbnail\":{\"height\":82,\"width\":150,\"url\":\"https:\/\/www.cykloromantika.cz\/wp-content\/uploads\/2023\/06\/mapa-2023-05-21-01-150x82.jpg\",\"orientation\":\"landscape\"},\"medium\":{\"height\":163,\"width\":300,\"url\":\"https:\/\/www.cykloromantika.cz\/wp-content\/uploads\/2023\/06\/mapa-2023-05-21-01-300x163.jpg\",\"orientation\":\"landscape\"},\"full\":{\"url\":\"https:\/\/www.cykloromantika.cz\/wp-content\/uploads\/2023\/06\/mapa-2023-05-21-01.jpg\",\"height\":558,\"width\":1024,\"orientation\":\"landscape\"}},\"imageMeta\":{\"aperture\":\"0\",\"credit\":\"\",\"camera\":\"\",\"caption\":\"\",\"created_timestamp\":\"0\",\"copyright\":\"\",\"focal_length\":\"0\",\"iso\":\"0\",\"shutter_speed\":\"0\",\"title\":\"\",\"orientation\":\"0\",\"keywords\":[]},\"meta\":false,\"postlink\":\"https:\/\/www.cykloromantika.cz\/mapa-2023-05-21-01\/\"},{\"id\":7930,\"title\":\"Mapa 2023 05 21 02\",\"url\":\"https:\/\/www.cykloromantika.cz\/wp-content\/uploads\/2023\/06\/mapa-2023-05-21-02.jpg\",\"link\":\"https:\/\/www.cykloromantika.cz\/mapa-2023-05-21-02\/\",\"alt\":\"\",\"description\":\"\",\"caption\":\"\",\"mime\":\"image\/jpeg\",\"type\":\"image\",\"width\":1024,\"height\":558,\"sizes\":{\"thumbnail\":{\"height\":82,\"width\":150,\"url\":\"https:\/\/www.cykloromantika.cz\/wp-content\/uploads\/2023\/06\/mapa-2023-05-21-02-150x82.jpg\",\"orientation\":\"landscape\"},\"medium\":{\"height\":163,\"width\":300,\"url\":\"https:\/\/www.cykloromantika.cz\/wp-content\/uploads\/2023\/06\/mapa-2023-05-21-02-300x163.jpg\",\"orientation\":\"landscape\"},\"full\":{\"url\":\"https:\/\/www.cykloromantika.cz\/wp-content\/uploads\/2023\/06\/mapa-2023-05-21-02.jpg\",\"height\":558,\"width\":1024,\"orientation\":\"landscape\"}},\"imageMeta\":{\"aperture\":\"0\",\"credit\":\"\",\"camera\":\"\",\"caption\":\"\",\"created_timestamp\":\"0\",\"copyright\":\"\",\"focal_length\":\"0\",\"iso\":\"0\",\"shutter_speed\":\"0\",\"title\":\"\",\"orientation\":\"0\",\"keywords\":[]},\"meta\":false,\"postlink\":\"https:\/\/www.cykloromantika.cz\/mapa-2023-05-21-02\/\"},{\"id\":7931,\"title\":\"Mapa 2023 05 21 03\",\"url\":\"https:\/\/www.cykloromantika.cz\/wp-content\/uploads\/2023\/06\/mapa-2023-05-21-03.jpg\",\"link\":\"https:\/\/www.cykloromantika.cz\/mapa-2023-05-21-03\/\",\"alt\":\"\",\"description\":\"\",\"caption\":\"\",\"mime\":\"image\/jpeg\",\"type\":\"image\",\"width\":1024,\"height\":558,\"sizes\":{\"thumbnail\":{\"height\":82,\"width\":150,\"url\":\"https:\/\/www.cykloromantika.cz\/wp-content\/uploads\/2023\/06\/mapa-2023-05-21-03-150x82.jpg\",\"orientation\":\"landscape\"},\"medium\":{\"height\":163,\"width\":300,\"url\":\"https:\/\/www.cykloromantika.cz\/wp-content\/uploads\/2023\/06\/mapa-2023-05-21-03-300x163.jpg\",\"orientation\":\"landscape\"},\"full\":{\"url\":\"https:\/\/www.cykloromantika.cz\/wp-content\/uploads\/2023\/06\/mapa-2023-05-21-03.jpg\",\"height\":558,\"width\":1024,\"orientation\":\"landscape\"}},\"imageMeta\":{\"aperture\":\"0\",\"credit\":\"\",\"camera\":\"\",\"caption\":\"\",\"created_timestamp\":\"0\",\"copyright\":\"\",\"focal_length\":\"0\",\"iso\":\"0\",\"shutter_speed\":\"0\",\"title\":\"\",\"orientation\":\"0\",\"keywords\":[]},\"meta\":false,\"postlink\":\"https:\/\/www.cykloromantika.cz\/mapa-2023-05-21-03\/\"},{\"id\":7932,\"title\":\"Mapa 2023 05 21 04\",\"url\":\"https:\/\/www.cykloromantika.cz\/wp-content\/uploads\/2023\/06\/mapa-2023-05-21-04.jpg\",\"link\":\"https:\/\/www.cykloromantika.cz\/mapa-2023-05-21-04\/\",\"alt\":\"\",\"description\":\"\",\"caption\":\"\",\"mime\":\"image\/jpeg\",\"type\":\"image\",\"width\":1024,\"height\":558,\"sizes\":{\"thumbnail\":{\"height\":82,\"width\":150,\"url\":\"https:\/\/www.cykloromantika.cz\/wp-content\/uploads\/2023\/06\/mapa-2023-05-21-04-150x82.jpg\",\"orientation\":\"landscape\"},\"medium\":{\"height\":163,\"width\":300,\"url\":\"https:\/\/www.cykloromantika.cz\/wp-content\/uploads\/2023\/06\/mapa-2023-05-21-04-300x163.jpg\",\"orientation\":\"landscape\"},\"full\":{\"url\":\"https:\/\/www.cykloromantika.cz\/wp-content\/uploads\/2023\/06\/mapa-2023-05-21-04.jpg\",\"height\":558,\"width\":1024,\"orientation\":\"landscape\"}},\"imageMeta\":{\"aperture\":\"0\",\"credit\":\"\",\"camera\":\"\",\"caption\":\"\",\"created_timestamp\":\"0\",\"copyright\":\"\",\"focal_length\":\"0\",\"iso\":\"0\",\"shutter_speed\":\"0\",\"title\":\"\",\"orientation\":\"0\",\"keywords\":[]},\"meta\":false,\"postlink\":\"https:\/\/www.cykloromantika.cz\/mapa-2023-05-21-04\/\"},{\"id\":7933,\"title\":\"Mapa 2023 05 21 05\",\"url\":\"https:\/\/www.cykloromantika.cz\/wp-content\/uploads\/2023\/06\/mapa-2023-05-21-05.jpg\",\"link\":\"https:\/\/www.cykloromantika.cz\/mapa-2023-05-21-05\/\",\"alt\":\"\",\"description\":\"\",\"caption\":\"\",\"mime\":\"image\/jpeg\",\"type\":\"image\",\"width\":1024,\"height\":558,\"sizes\":{\"thumbnail\":{\"height\":82,\"width\":150,\"url\":\"https:\/\/www.cykloromantika.cz\/wp-content\/uploads\/2023\/06\/mapa-2023-05-21-05-150x82.jpg\",\"orientation\":\"landscape\"},\"medium\":{\"height\":163,\"width\":300,\"url\":\"https:\/\/www.cykloromantika.cz\/wp-content\/uploads\/2023\/06\/mapa-2023-05-21-05-300x163.jpg\",\"orientation\":\"landscape\"},\"full\":{\"url\":\"https:\/\/www.cykloromantika.cz\/wp-content\/uploads\/2023\/06\/mapa-2023-05-21-05.jpg\",\"height\":558,\"width\":1024,\"orientation\":\"landscape\"}},\"imageMeta\":{\"aperture\":\"0\",\"credit\":\"\",\"camera\":\"\",\"caption\":\"\",\"created_timestamp\":\"0\",\"copyright\":\"\",\"focal_length\":\"0\",\"iso\":\"0\",\"shutter_speed\":\"0\",\"title\":\"\",\"orientation\":\"0\",\"keywords\":[]},\"meta\":false,\"postlink\":\"https:\/\/www.cykloromantika.cz\/mapa-2023-05-21-05\/\"}],\"itemsMetaDataCollection\":[],\"orderBy\":\"title\",\"galleryBorderRadius\":8,\"shareFacebook\":false,\"shareTwitter\":false,\"sharePinterest\":false,\"sharePost\":\"postlink\",\"sliderItemTitleEnable\":true,\"sliderSocialShareEnabled\":false}<\/script><script>(function(){if(window.PGC_SGB && window.PGC_SGB.searcher){window.PGC_SGB.searcher.initBlocks()}})()<\/script><\/div><\/div><\/div>\n\n\n\n<div class=\"wp-block-kadence-tab kt-tab-inner-content kt-inner-tab-2 kt-inner-tab_1d2584-14\"><div class=\"kt-tab-inner-content-inner\">\n<h2 class=\"wp-block-heading\">Den prvn\u00ed<\/h2>\n\n\n\n<p>P\u00e1tek, 15:00. M\u00edsto srazu Benzina. Sch\u00e1z\u00edme se v\u0161ichni, tedy a\u017e na Boba, kter\u00fd n\u00e1s n\u011bkde minul a Du\u0161\u00edka, kter\u00e9ho cesta vlakem ur\u00e1\u017eela a jel nap\u0159ed. Dobijeme n\u00e1bojnice do vlaku a doj\u00ed\u017ed\u00edme na kun\u010dick\u00e9 n\u00e1dra\u017e\u00ed. Bob u\u017e na n\u00e1s \u010dek\u00e1. Odtud sm\u011brem na \u010celadnou.<\/p>\n\n\n\n<p>Vystupujeme a vyhl\u00ed\u017e\u00edme Du\u0161\u00edka, ale ten je strategicky schovan\u00fd v&nbsp;Restauraci U Pa\u0159ezu. D\u00e1v\u00e1me jedno uv\u00edtac\u00ed, pros\u00edme o spolupr\u00e1ci na skupinov\u00e9 foto mladou v\u00fd\u010depn\u00ed a vyr\u00e1\u017e\u00edme (Du\u0161o, co ty ruce?). Cesta se kr\u00e1sn\u011b pomalu zved\u00e1 \u00fadol\u00edm \u010celadenky sm\u011brem na Podol\u00e1nky. Je trochu chladn\u011bji, tak\u017ee nejedeme nakr\u00e1tko, \u010deho\u017e za chv\u00edli budeme litovat. Od Koci\u00e1nky se cesta zved\u00e1 mnohem v\u00edce a zejm\u00e9na Tom\u00e1\u0161 m\u016f\u017ee \u017ed\u00edmat helmu. Ale na Lhotsk\u00e9 se zkonsolidujeme a zprvu prudk\u00fdm a pot\u00e9 m\u00edrn\u011bj\u0161\u00edm sjezdem se bl\u00ed\u017e\u00edme na Mezivod\u00ed. Cesta dol\u016f je n\u00e1m pov\u011bdom\u00e1, zn\u00e1me ji ze sv\u00fdch zimn\u00edch v\u00fdprav na b\u011b\u017ek\u00e1ch.<\/p>\n\n\n\n<p>Na Mezivod\u00ed je bohu\u017eel v\u0161e zav\u0159eno a i vzhledem ke kr\u00e1t\u00edc\u00edmu se \u010dasu pokra\u010dujeme d\u00e1le sm\u011br Bumb\u00e1lka. Cesta je o dost prud\u0161\u00ed ne\u017e ty p\u0159edchoz\u00ed a dost mokr\u00e1. Zejm\u00e9na trekov\u00fdm kolem vybaven\u00fd Bob pozn\u00e1v\u00e1 beskydsk\u00fd podklad celkem hluboko. Na Bumb\u00e1lce se rozhodujeme na urychlen\u00ed cesty a spou\u0161t\u00edme se po hlavn\u00ed na Makovsk\u00fd pr\u016fsmyk a z&nbsp;n\u011bj dol\u016f do Velk\u00fdch Karlovic. M\u00e1me pronajatou chatu na Leskov\u00e9, tak jsem na m\u00edst\u011b hodn\u011b rychle.<\/p>\n\n\n\n<p>Ubytov\u00e1n\u00ed je dle o\u010dek\u00e1v\u00e1n\u00ed pro n\u00e1s jako stvo\u0159en\u00e9, rozeb\u00edr\u00e1me si pokoje, sund\u00e1v\u00e1me propocen\u00e9 a zabl\u00e1cen\u00e9 cyklohadry a zkou\u0161\u00edme teplou vodu ve spr\u0161e. O\u010dista je d\u016fle\u017eit\u00e1, proto\u017ee se chyst\u00e1me ud\u011blat par\u00e1du v&nbsp;m\u00edstn\u00edm pivovaru Pod Pralesem. Poj\u00edme, zkus\u00edme jejich pivo, i aperitiv si d\u00e1me. Vyjedn\u00e1v\u00e1n\u00ed o sn\u00eddani se ale neub\u00edr\u00e1 po\u017eadovan\u00fdm sm\u011brem a tak se lou\u010d\u00edme.<\/p>\n\n\n\n<h2 class=\"wp-block-heading\">Den druh\u00fd<\/h2>\n\n\n\n<p>Vst\u00e1v\u00e1me do kr\u00e1sn\u00e9ho dne. Rann\u00ed sn\u00eddan\u011b nakonec zakoupena v&nbsp;COOP, dopln\u011bn\u00e1 o z\u00e1soby dom\u00e1c\u00edho destil\u00e1tu. Vyr\u00e1\u017e\u00edme sm\u011brem Sol\u00e1\u0148. Nejprve p\u011bkn\u00fdm m\u00edrn\u00fdm sjezdem po cyklostezce, kdy mineme Kapli sv. Cyrila a Metod\u011bje, do centra Velk\u00fdch Karlovic, kde bohu\u017eel zavad\u00edme o otev\u0159enou hospodu. Tu si dob\u0159e zapamatujeme. D\u00e1me zavla\u017eovac\u00ed dou\u0161ek a pokra\u010dujeme kousek pod\u00e9l hlavn\u00ed cesty. Odbo\u010d\u00edme do \u00fadol\u00ed Bzov\u00e9. Zastav\u00edme se u roubenky Karlovick\u00e9 fojtstv\u00ed, kde Du\u0161\u00edk uvid\u00ed hr\u00e1b\u011b a ukazuje n\u00e1m, jak se skl\u00edz\u00ed seno. Spat\u0159\u00ed ho majitelka, kter\u00e1 jej chce hned najmout jako \u010deled\u00edna, tak Du\u0161\u00edka zachra\u0148ujeme a uj\u00ed\u017ed\u00edme.<\/p>\n\n\n\n<p>Na konci \u00fadol\u00ed Bzov\u00e9ho potoka se silnice prudce zvedne. Sup\u00edc\u00edch cykloromantik\u016f si v\u0161imne obyvatelka dal\u0161\u00ed z&nbsp;p\u011bkn\u00fdch roubenek a pod\u00e1v\u00e1 doping. Samoz\u0159ejm\u011b ze \u0161vestek. Nastoupen\u00ed na kolo je v&nbsp;prudk\u00e9m kopci a po po\u017eit\u00ed dopingu nepom\u011brn\u011b t\u011b\u017e\u0161\u00ed, ale zvl\u00e1d\u00e1me to. Na\u0161\u00ed skupin\u011b se u\u017e v\u016fbec ned\u00e1 \u0159\u00edkat peloton, proto\u017ee doj\u00ed\u017ed\u00edme po kusech na vrchol \u00fadol\u00ed. P\u0159i \u010dek\u00e1n\u00ed na ostatn\u00ed, ani nev\u00edme jak, a m\u00e1me dal\u0161\u00ed porci dopingu pod nosem. Tentokr\u00e1t to nazv\u011bme k\u00e1vov\u00fdm lik\u00e9rem.<\/p>\n\n\n\n<p>Na Sol\u00e1\u0148 je to ji\u017e kousek. Sesed\u00e1me u \u010car\u0165\u00e1ku, d\u00e1v\u00e1me pol\u00e9vku a n\u011bjakou vodu \u2013 zrzavou. H\u00e1d\u00e1me jm\u00e9no p\u011bkn\u00e9 serv\u00edrky a op\u011bt na\u0161e detektivn\u00ed kancel\u00e1\u0159 slav\u00ed \u00fasp\u011bch. P\u0159i odjezdu ud\u011bl\u00e1me je\u0161t\u011b spole\u010dnou fotku s&nbsp;kolektivem turistek, kter\u00e9 maj\u00ed stejn\u00fd c\u00edl jako my a nased\u00e1me sm\u011br Vsack\u00fd C\u00e1b. Ramon neujede ani 200&nbsp;m a pad\u00e1 na zabahn\u011bn\u00e9m podkladu. Pro tentokr\u00e1t vyv\u00e1zne jen s&nbsp;malou od\u0159eninou a vyhnutou patkou p\u0159ehazova\u010dky. A d\u011bkuje Du\u0161\u00edkovi, \u017ee ho volal zp\u011bt, kdy\u017e cht\u011bl m\u00edsto objet po silnici.<\/p>\n\n\n\n<p>H\u0159ebenovka p\u0159es Tane\u010dnici na Vsack\u00fd C\u00e1b v&nbsp;n\u00e1s vzbuzovala obavy z&nbsp;podm\u00e1\u010den\u00e9ho povrchu, ale za\u010d\u00e1tek n\u00e1s uklid\u0148uje, proto\u017ee to m\u00e1lo kalu\u017e\u00ed jde lehce minout. Od Tane\u010dnice jsme si ale v\u0161ichni zaplatili bahenn\u00ed l\u00e1zn\u011b. Zejm\u00e9na Bob na trekov\u00e9m kole, ale i dal\u0161\u00ed, kte\u0159\u00ed nejsou zvykl\u00ed na beskydsk\u00e9 h\u0159ebenovky, nesou ale b\u0159\u00edm\u011b state\u010dn\u011b. Hl\u00e1\u0161ka Mar\u0165ase, \u017ee na hled\u00e1n\u00ed hub nepot\u0159ebuje kolo, kdy jde lesem a brod\u00ed se jehli\u010d\u00edm a v\u011btvemi, proto\u017ee cesta neumo\u017e\u0148uje j\u00edzdu ani tla\u010den\u00ed, sed\u00ed n\u00e1ramn\u011b.<\/p>\n\n\n\n<p>Posledn\u00ed kilometr je u\u017e z&nbsp;kopce, sice po\u0159\u00e1d zabahn\u011bnou, poni\u010denou cestou po les\u00e1c\u00edch, ale neodvratn\u011b sm\u011b\u0159uj\u00edc\u00ed k&nbsp;c\u00edli \u2013 chat\u011b na Vsack\u00e9m C\u00e1bu. D\u00e1me si v\u0161ichni j\u00eddlo, proto\u017ee p\u0159edchoz\u00ed j\u00edzda byla vy\u010derp\u00e1vaj\u00edc\u00ed. Dvan\u00e1ct kilometr\u016f za hodinu a p\u016fl. Neskute\u010dn\u00fd pr\u016fm\u011br. Po\u010dk\u00e1me na Honzu, mlad\u00e9ho kamar\u00e1da Du\u0161\u00edka, kter\u00fd n\u00e1s dovede do sv\u00e9 gar\u00e1\u017ee. Mezit\u00edm si nech\u00e1me ud\u011blat na sedle Du\u0161n\u00e1 spole\u010dn\u00e9 foto sle\u010dnou \u010dekaj\u00edc\u00ed na autobus, kter\u00fd ji touto brig\u00e1dou m\u00e1lem ujede.<\/p>\n\n\n\n<p>U Honzy se rozb\u011bhne z\u00e1bava, p\u0159ichyst\u00e1 n\u00e1m k\u00e1vu i ty dal\u0161\u00ed vala\u0161sk\u00e9 pochutiny ve form\u011b tekut\u00e9. Gar\u00e1\u017e opou\u0161t\u00edme v&nbsp;rozvern\u00e9m stavu, abychom po sjezdu do Vset\u00edna (na Vset\u00edn \u2013 tady se gramatika li\u0161\u00ed) zav\u00edtali na m\u00edstn\u00ed h\u0159bitov vzd\u00e1t hold n\u00e1m bl\u00edzk\u00e9mu \u010dlov\u011bku. Stavujeme se je\u0161t\u011b pro dv\u011b lahve slivovice u Du\u0161\u00edkova taty a jedeme zp\u011bt na Leskov\u00e9. Prudk\u00e1 zm\u011bna v&nbsp;\u00fasudku vodi\u010de zap\u0159\u00ed\u010din\u00ed prudk\u00e9 br\u017ed\u011bn\u00ed pelotonu, kter\u00e9 tentokr\u00e1t odnese Ramon p\u00e1dem p\u0159es \u0159\u00edditka na asfalt kr\u00e1sn\u00e9 nov\u00e9 cyklostezky. Po p\u0159esv\u011bd\u010den\u00ed se, \u017ee m\u00e1 v\u0161echny zuby a nebol\u00ed ho kosti na hlav\u011b, chce Ramon pokra\u010dovat. Ale ostatn\u00ed jsou proti a vrac\u00edme se do vset\u00ednsk\u00e9 nemocnice na \u0161it\u00ed.<\/p>\n\n\n\n<p>Ramona vylep\u0161\u00ed n\u011bkolika stehy, ostatn\u00ed se p\u0159i \u010dek\u00e1n\u00ed vylep\u0161\u00ed prvn\u00edm p\u016fllitrem slivovice. Po skoro dvou hodin\u00e1ch je hotovo a rychle m\u011bn\u00edme pl\u00e1n \u2013 hon\u00edme vlak jedouc\u00ed za p\u011bt minut z&nbsp;n\u00e1dra\u017e\u00ed Vset\u00edn. Na\u0161t\u011bst\u00ed je to za rohem, tak st\u00edh\u00e1me a rovnou vj\u00ed\u017ed\u00edme do vlaku. Kdo si vzpomene na n\u00e1\u0161 odjezd z&nbsp;Fren\u0161t\u00e1tu minul\u00fd rok? J\u00edzdenky nakoup\u00ed Ramon ve vlaku p\u0159\u00edmo u shov\u00edvav\u00e9 a vst\u0159\u00edcn\u00e9 pr\u016fvod\u010d\u00ed jako odm\u011bnu za \u010dek\u00e1n\u00ed ostatn\u00edch a ti se na jeho zdrav\u00ed napij\u00ed \u2013 a dopij\u00ed zb\u00fdvaj\u00edc\u00ed p\u016fllitr slivovice.<\/p>\n\n\n\n<p>Ve Velk\u00fdch Karlovic\u00edch vystupujeme z&nbsp;vlaku rovnou do mlhy. Rychl\u00e9 rozhodnut\u00ed, zap\u0159\u00ed\u010din\u011bn\u00e9 bl\u00edzk\u00fdm \u010dasem hlavn\u00edho z\u00e1pasu Oktagonu, n\u00e1s nut\u00ed zav\u00edtat do hospody, kde jsme si dopoledne d\u00e1vali zavla\u017eovac\u00ed dou\u0161ek. Du\u0161\u00edk s&nbsp;Markem ale nedbali tohoto rozhodnut\u00ed a rychle se vzdalovali mlhou k&nbsp;chat\u011b. Ale bez kl\u00ed\u010d\u016f \u2013 tak\u017ee si kr\u00e1sn\u011b najeli dobr\u00fdch 10 km a museli se vr\u00e1tit zp\u011bt. Nutno podotknout, \u017ee zejm\u00e9na Du\u0161\u00edk u\u017e m\u011bl sv\u016fj sv\u011bt a nevid\u011bl ani nesly\u0161el.<\/p>\n\n\n\n<h2 class=\"wp-block-heading\">Den t\u0159et\u00ed<\/h2>\n\n\n\n<p>Probuzen\u00ed zejm\u00e9na pro Ramona nen\u00ed r\u016f\u017eov\u00e9. Obli\u010dej mu natekl jako by podstoupil botox. Kr\u00e1sn\u011b je vyhlazena ka\u017ed\u00e1 vr\u00e1ska. Nav\u00edc m\u00e1 natekl\u00e9 i kolena, jak s&nbsp;nimi vzal o \u0159\u00edd\u00edtka. I man\u017eelka dal\u0161\u00edho kump\u00e1na, kter\u00e9ho n\u00e1m dovezla a pracuj\u00edce v&nbsp;nemocnici, tak\u017ee mus\u00ed b\u00fdt zvykl\u00e1, se seznamuje slovy &#8222;Ty vole!&#8220;<\/p>\n\n\n\n<p>Zp\u00e1tky jedeme op\u011bt p\u0159es Bumb\u00e1lku a stavujeme se na Masarykov\u011b chat\u011b. D\u00e1v\u00e1me j\u00eddlo a pit\u00ed a koch\u00e1me se kr\u00e1sn\u00fdm v\u00fdhledem na Lysou horu. Pokra\u010dujeme na B\u00edlou, co\u017e u\u017e vy\u017eaduje cyklistick\u00e9 vybaven\u00ed do hor a gum\u00e1ky. Sj\u00ed\u017ed\u00edme toti\u017e po zelen\u00e9 turistick\u00e9 zna\u010dce. Zprvu pohodov\u00fd trail se m\u011bn\u00ed v&nbsp;bahenn\u00ed, les\u00e1ky zni\u010denou cestu, kter\u00e1 ve spodn\u00ed \u010d\u00e1sti p\u0159ech\u00e1z\u00ed v&nbsp;kr\u00e1snou sypanou \u0161t\u011brkovou cestu frakce 100-300 mm. Jedou jen state\u010dn\u00ed bez pudu sebez\u00e1chovy. Bobo to rad\u011bji se sv\u00fdm trekov\u00fdm kolem ani nezkou\u0161\u00ed. Zbytek sjezdu od Maxovy n\u00e1dr\u017ee u\u017e je ale asfaltov\u00fd, tak si jej u\u017e\u00edv\u00e1me.<\/p>\n\n\n\n<p>Na B\u00edl\u00e9 se odpojuje Ramon, proto\u017ee hlava ani nohy u\u017e nejdou. Chce se lou\u010dit a po\u010dkat na odvoz, ale ostatn\u00ed z\u016fst\u00e1vaj\u00ed s&nbsp;n\u00edm. Jak se pozd\u011bji uk\u00e1zalo, byla to chyba. N\u00e1sledn\u00e1 bou\u0159ka je uv\u011bznila v&nbsp;bistru na B\u00edl\u00e9 na p\u011bkn\u011b dlouho. Ramon se tedy definitivn\u011b lou\u010d\u00ed a ostatn\u00ed p\u0159es Hamry a kolem p\u0159ehrady \u0160ance sj\u00ed\u017ed\u011bj\u00ed na Ostravici. Po zast\u00e1vce v&nbsp;Beskydsk\u00e9m pivov\u00e1rku se odpojuje Bob a ostatn\u00ed prov\u00e1d\u00ed zrychlen\u00fd p\u0159esun sm\u011brem do Pansk\u00e9ho pivovaru v&nbsp;Paskov\u011b, kde stihnou zhl\u00e9dnout hokejov\u00e9 utk\u00e1n\u00ed na\u0161eho n\u00e1rodn\u00edho t\u00fdmu. Jak to dopadlo, to nev\u00edme, ale u\u017e se t\u011b\u0161\u00edme na p\u0159\u00ed\u0161t\u011b.<\/p>\n\n\n\n<p><\/p>\n<\/div><\/div>\n\n\n\n<div class=\"wp-block-kadence-tab kt-tab-inner-content kt-inner-tab-3 kt-inner-tab_aa82af-99\"><div class=\"kt-tab-inner-content-inner\"><div class=\"pgc-sgb-cb wp-block-pgcsimplygalleryblock-justified \" data-gallery-id=\"16869777\"><div class=\"sgb-preloader\" id=\"pr_16869777\">\n\t<div class=\"sgb-square\" style=\"background:#d4d4d4\"><\/div>\n\t<div class=\"sgb-square\" style=\"background:#d4d4d4\"><\/div>\n\t<div class=\"sgb-square\" style=\"background:#d4d4d4\"><\/div>\n\t<div class=\"sgb-square\" style=\"background:#d4d4d4\"><\/div><\/div><div class=\"simply-gallery-amp pgc_sgb_slider \"><noscript><div class=\"sgb-gallery\"><div class=\"sgb-item\"><a href=\"https:\/\/www.cykloromantika.cz\/foto-2023-05-19-01\/\" target=\"_blank\"><img decoding=\"async\" alt=\"\" width=\"300\" height=\"200\" loading=\"lazy\" src=\"https:\/\/www.cykloromantika.cz\/wp-content\/uploads\/2023\/06\/foto-2023-05-19-01-300x200.jpg\" srcset=\"https:\/\/www.cykloromantika.cz\/wp-content\/uploads\/2023\/06\/foto-2023-05-19-01-300x200.jpg 300w,https:\/\/www.cykloromantika.cz\/wp-content\/uploads\/2023\/06\/foto-2023-05-19-01.jpg 1024w\" sizes=\"auto, 250px\"\/><\/a><div class=\"sgb-item-caption\"><em>Promen\u00e1dn\u00ed na n\u00e1dra\u017e\u00ed v Ostrav\u011b-Kun\u010dic\u00edch<\/em><\/div><\/div><div class=\"sgb-item\"><a href=\"https:\/\/www.cykloromantika.cz\/foto-2023-05-19-02\/\" target=\"_blank\"><img decoding=\"async\" alt=\"\" width=\"300\" height=\"225\" loading=\"lazy\" src=\"https:\/\/www.cykloromantika.cz\/wp-content\/uploads\/2023\/06\/foto-2023-05-19-02-300x225.jpg\" srcset=\"https:\/\/www.cykloromantika.cz\/wp-content\/uploads\/2023\/06\/foto-2023-05-19-02-300x225.jpg 300w,https:\/\/www.cykloromantika.cz\/wp-content\/uploads\/2023\/06\/foto-2023-05-19-02.jpg 1024w\" sizes=\"auto, 250px\"\/><\/a><div class=\"sgb-item-caption\"><em>Slavnostn\u00ed n\u00e1stup<\/em><\/div><\/div><div class=\"sgb-item\"><a href=\"https:\/\/www.cykloromantika.cz\/foto-2023-05-19-03\/\" target=\"_blank\"><img decoding=\"async\" alt=\"\" width=\"300\" height=\"200\" loading=\"lazy\" src=\"https:\/\/www.cykloromantika.cz\/wp-content\/uploads\/2023\/06\/foto-2023-05-19-03-300x200.jpg\" srcset=\"https:\/\/www.cykloromantika.cz\/wp-content\/uploads\/2023\/06\/foto-2023-05-19-03-300x200.jpg 300w,https:\/\/www.cykloromantika.cz\/wp-content\/uploads\/2023\/06\/foto-2023-05-19-03.jpg 1024w\" sizes=\"auto, 250px\"\/><\/a><div class=\"sgb-item-caption\"><em>Spole\u010dn\u00e1 p\u0159ed hospodou U Pa\u0159ezu na \u010celadn\u00e9<\/em><\/div><\/div><div class=\"sgb-item\"><a href=\"https:\/\/www.cykloromantika.cz\/foto-2023-05-19-05\/\" target=\"_blank\"><img decoding=\"async\" alt=\"\" width=\"300\" height=\"225\" loading=\"lazy\" src=\"https:\/\/www.cykloromantika.cz\/wp-content\/uploads\/2023\/06\/foto-2023-05-19-05-300x225.jpg\" srcset=\"https:\/\/www.cykloromantika.cz\/wp-content\/uploads\/2023\/06\/foto-2023-05-19-05-300x225.jpg 300w,https:\/\/www.cykloromantika.cz\/wp-content\/uploads\/2023\/06\/foto-2023-05-19-05.jpg 1024w\" sizes=\"auto, 250px\"\/><\/a><div class=\"sgb-item-caption\"><em>Mezivod\u00ed \u2013 toto nen\u00ed na\u0161e ubytov\u00e1n\u00ed.<\/em><\/div><\/div><div class=\"sgb-item\"><a href=\"https:\/\/www.cykloromantika.cz\/foto-2023-05-19-06\/\" target=\"_blank\"><img decoding=\"async\" alt=\"\" width=\"300\" height=\"200\" loading=\"lazy\" src=\"https:\/\/www.cykloromantika.cz\/wp-content\/uploads\/2023\/06\/foto-2023-05-19-06-300x200.jpg\" srcset=\"https:\/\/www.cykloromantika.cz\/wp-content\/uploads\/2023\/06\/foto-2023-05-19-06-300x200.jpg 300w,https:\/\/www.cykloromantika.cz\/wp-content\/uploads\/2023\/06\/foto-2023-05-19-06.jpg 1024w\" sizes=\"auto, 250px\"\/><\/a><div class=\"sgb-item-caption\"><em>Ledovec m\u011bl zav\u0159eno!<\/em><\/div><\/div><div class=\"sgb-item\"><a href=\"https:\/\/www.cykloromantika.cz\/foto-2023-05-19-07\/\" target=\"_blank\"><img decoding=\"async\" alt=\"\" width=\"300\" height=\"225\" loading=\"lazy\" src=\"https:\/\/www.cykloromantika.cz\/wp-content\/uploads\/2023\/06\/foto-2023-05-19-07-300x225.jpg\" srcset=\"https:\/\/www.cykloromantika.cz\/wp-content\/uploads\/2023\/06\/foto-2023-05-19-07-300x225.jpg 300w,https:\/\/www.cykloromantika.cz\/wp-content\/uploads\/2023\/06\/foto-2023-05-19-07.jpg 1024w\" sizes=\"auto, 250px\"\/><\/a><div class=\"sgb-item-caption\"><em>Jak d\u00e1le? (Bumb\u00e1lka)<\/em><\/div><\/div><div class=\"sgb-item\"><a href=\"https:\/\/www.cykloromantika.cz\/foto-2023-05-19-08\/\" target=\"_blank\"><img decoding=\"async\" alt=\"\" width=\"300\" height=\"200\" loading=\"lazy\" src=\"https:\/\/www.cykloromantika.cz\/wp-content\/uploads\/2023\/06\/foto-2023-05-19-08-300x200.jpg\" srcset=\"https:\/\/www.cykloromantika.cz\/wp-content\/uploads\/2023\/06\/foto-2023-05-19-08-300x200.jpg 300w,https:\/\/www.cykloromantika.cz\/wp-content\/uploads\/2023\/06\/foto-2023-05-19-08.jpg 1024w\" sizes=\"auto, 250px\"\/><\/a><\/div><div class=\"sgb-item\"><a href=\"https:\/\/www.cykloromantika.cz\/foto-2023-05-19-09\/\" target=\"_blank\"><img decoding=\"async\" alt=\"\" width=\"225\" height=\"300\" loading=\"lazy\" src=\"https:\/\/www.cykloromantika.cz\/wp-content\/uploads\/2023\/06\/foto-2023-05-19-09-225x300.jpg\" srcset=\"https:\/\/www.cykloromantika.cz\/wp-content\/uploads\/2023\/06\/foto-2023-05-19-09-225x300.jpg 225w,https:\/\/www.cykloromantika.cz\/wp-content\/uploads\/2023\/06\/foto-2023-05-19-09.jpg 768w\" sizes=\"auto, 250px\"\/><\/a><\/div><div class=\"sgb-item\"><a href=\"https:\/\/www.cykloromantika.cz\/foto-2023-05-19-10\/\" target=\"_blank\"><img decoding=\"async\" alt=\"\" width=\"300\" height=\"225\" loading=\"lazy\" src=\"https:\/\/www.cykloromantika.cz\/wp-content\/uploads\/2023\/06\/foto-2023-05-19-10-300x225.jpg\" srcset=\"https:\/\/www.cykloromantika.cz\/wp-content\/uploads\/2023\/06\/foto-2023-05-19-10-300x225.jpg 300w,https:\/\/www.cykloromantika.cz\/wp-content\/uploads\/2023\/06\/foto-2023-05-19-10.jpg 1024w\" sizes=\"auto, 250px\"\/><\/a><div class=\"sgb-item-caption\"><em>Ubytov\u00e1n\u00ed v are\u00e1lu Leskov\u00e9 ve Velk\u00fdch Karlovic\u00edch<\/em><\/div><\/div><div class=\"sgb-item\"><a href=\"https:\/\/www.cykloromantika.cz\/foto-2023-05-19-11\/\" target=\"_blank\"><img decoding=\"async\" alt=\"\" width=\"300\" height=\"225\" loading=\"lazy\" src=\"https:\/\/www.cykloromantika.cz\/wp-content\/uploads\/2023\/06\/foto-2023-05-19-11-300x225.jpg\" srcset=\"https:\/\/www.cykloromantika.cz\/wp-content\/uploads\/2023\/06\/foto-2023-05-19-11-300x225.jpg 300w,https:\/\/www.cykloromantika.cz\/wp-content\/uploads\/2023\/06\/foto-2023-05-19-11.jpg 1024w\" sizes=\"auto, 250px\"\/><\/a><div class=\"sgb-item-caption\"><em>Zaslou\u017een\u00e1 ve\u010de\u0159e \u2013 Karlovsk\u00fd pivovar Pod Pralesem<\/em><\/div><\/div><div class=\"sgb-item\"><a href=\"https:\/\/www.cykloromantika.cz\/foto-2023-05-19-12\/\" target=\"_blank\"><img decoding=\"async\" alt=\"\" width=\"225\" height=\"300\" loading=\"lazy\" src=\"https:\/\/www.cykloromantika.cz\/wp-content\/uploads\/2023\/06\/foto-2023-05-19-12-225x300.jpg\" srcset=\"https:\/\/www.cykloromantika.cz\/wp-content\/uploads\/2023\/06\/foto-2023-05-19-12-225x300.jpg 225w,https:\/\/www.cykloromantika.cz\/wp-content\/uploads\/2023\/06\/foto-2023-05-19-12.jpg 768w\" sizes=\"auto, 250px\"\/><\/a><div class=\"sgb-item-caption\"><em>Op\u011bt Bob\u016fv gastro-pr\u016fvodce \u2013 halu\u0161ky<\/em><\/div><\/div><div class=\"sgb-item\"><a href=\"https:\/\/www.cykloromantika.cz\/foto-2023-05-19-13\/\" target=\"_blank\"><img decoding=\"async\" alt=\"\" width=\"300\" height=\"225\" loading=\"lazy\" src=\"https:\/\/www.cykloromantika.cz\/wp-content\/uploads\/2023\/06\/foto-2023-05-19-13-300x225.jpg\" srcset=\"https:\/\/www.cykloromantika.cz\/wp-content\/uploads\/2023\/06\/foto-2023-05-19-13-300x225.jpg 300w,https:\/\/www.cykloromantika.cz\/wp-content\/uploads\/2023\/06\/foto-2023-05-19-13.jpg 1024w\" sizes=\"auto, 250px\"\/><\/a><div class=\"sgb-item-caption\"><em>\u0160kvarkov\u00e1 pomaz\u00e1nka na z\u00e1v\u011b\u0159<\/em><\/div><\/div><div class=\"sgb-item\"><a href=\"https:\/\/www.cykloromantika.cz\/foto-2023-05-19-14\/\" target=\"_blank\"><img decoding=\"async\" alt=\"\" width=\"225\" height=\"300\" loading=\"lazy\" src=\"https:\/\/www.cykloromantika.cz\/wp-content\/uploads\/2023\/06\/foto-2023-05-19-14-225x300.jpg\" srcset=\"https:\/\/www.cykloromantika.cz\/wp-content\/uploads\/2023\/06\/foto-2023-05-19-14-225x300.jpg 225w,https:\/\/www.cykloromantika.cz\/wp-content\/uploads\/2023\/06\/foto-2023-05-19-14.jpg 768w\" sizes=\"auto, 250px\"\/><\/a><div class=\"sgb-item-caption\"><em>No\u010dn\u00ed n\u00e1vrat \u2013 snad se dostaneme dovnit\u0159!<\/em><\/div><\/div><div class=\"sgb-item\"><a href=\"https:\/\/www.cykloromantika.cz\/foto-2023-05-19-15\/\" target=\"_blank\"><img decoding=\"async\" alt=\"\" width=\"225\" height=\"300\" loading=\"lazy\" src=\"https:\/\/www.cykloromantika.cz\/wp-content\/uploads\/2023\/06\/foto-2023-05-19-15-225x300.jpg\" srcset=\"https:\/\/www.cykloromantika.cz\/wp-content\/uploads\/2023\/06\/foto-2023-05-19-15-225x300.jpg 225w,https:\/\/www.cykloromantika.cz\/wp-content\/uploads\/2023\/06\/foto-2023-05-19-15.jpg 768w\" sizes=\"auto, 250px\"\/><\/a><div class=\"sgb-item-caption\"><em>Dostali jsme se tam!<\/em><\/div><\/div><div class=\"sgb-item\"><a href=\"https:\/\/www.cykloromantika.cz\/foto-2023-05-19-18\/\" target=\"_blank\"><img decoding=\"async\" alt=\"\" width=\"225\" height=\"300\" loading=\"lazy\" src=\"https:\/\/www.cykloromantika.cz\/wp-content\/uploads\/2023\/06\/foto-2023-05-19-18-225x300.jpg\" srcset=\"https:\/\/www.cykloromantika.cz\/wp-content\/uploads\/2023\/06\/foto-2023-05-19-18-225x300.jpg 225w,https:\/\/www.cykloromantika.cz\/wp-content\/uploads\/2023\/06\/foto-2023-05-19-18.jpg 768w\" sizes=\"auto, 250px\"\/><\/a><div class=\"sgb-item-caption\"><em>Pom\u011b\u0159ov\u00e1n\u00ed...<\/em><\/div><\/div><div class=\"sgb-item\"><a href=\"https:\/\/www.cykloromantika.cz\/foto-2023-05-20-01\/\" target=\"_blank\"><img decoding=\"async\" alt=\"\" width=\"300\" height=\"225\" loading=\"lazy\" src=\"https:\/\/www.cykloromantika.cz\/wp-content\/uploads\/2023\/06\/foto-2023-05-20-01-300x225.jpg\" srcset=\"https:\/\/www.cykloromantika.cz\/wp-content\/uploads\/2023\/06\/foto-2023-05-20-01-300x225.jpg 300w,https:\/\/www.cykloromantika.cz\/wp-content\/uploads\/2023\/06\/foto-2023-05-20-01.jpg 1024w\" sizes=\"auto, 250px\"\/><\/a><div class=\"sgb-item-caption\"><em>Trochu v\u00e1\u017en\u00e1 sn\u00eddan\u011b<\/em><\/div><\/div><div class=\"sgb-item\"><a href=\"https:\/\/www.cykloromantika.cz\/foto-2023-05-20-02\/\" target=\"_blank\"><img decoding=\"async\" alt=\"\" width=\"300\" height=\"225\" loading=\"lazy\" src=\"https:\/\/www.cykloromantika.cz\/wp-content\/uploads\/2023\/06\/foto-2023-05-20-02-300x225.jpg\" srcset=\"https:\/\/www.cykloromantika.cz\/wp-content\/uploads\/2023\/06\/foto-2023-05-20-02-300x225.jpg 300w,https:\/\/www.cykloromantika.cz\/wp-content\/uploads\/2023\/06\/foto-2023-05-20-02.jpg 1024w\" sizes=\"auto, 250px\"\/><\/a><div class=\"sgb-item-caption\"><em>Rann\u00ed siesta<\/em><\/div><\/div><div class=\"sgb-item\"><a href=\"https:\/\/www.cykloromantika.cz\/foto-2023-05-20-03\/\" target=\"_blank\"><img decoding=\"async\" alt=\"\" width=\"300\" height=\"225\" loading=\"lazy\" src=\"https:\/\/www.cykloromantika.cz\/wp-content\/uploads\/2023\/06\/foto-2023-05-20-03-300x225.jpg\" srcset=\"https:\/\/www.cykloromantika.cz\/wp-content\/uploads\/2023\/06\/foto-2023-05-20-03-300x225.jpg 300w,https:\/\/www.cykloromantika.cz\/wp-content\/uploads\/2023\/06\/foto-2023-05-20-03.jpg 1024w\" sizes=\"auto, 250px\"\/><\/a><div class=\"sgb-item-caption\"><em>Vyj\u00ed\u017ed\u00edme z Leskov\u00e9ho<\/em><\/div><\/div><div class=\"sgb-item\"><a href=\"https:\/\/www.cykloromantika.cz\/foto-2023-05-20-04\/\" target=\"_blank\"><img decoding=\"async\" alt=\"\" width=\"300\" height=\"225\" loading=\"lazy\" src=\"https:\/\/www.cykloromantika.cz\/wp-content\/uploads\/2023\/06\/foto-2023-05-20-04-300x225.jpg\" srcset=\"https:\/\/www.cykloromantika.cz\/wp-content\/uploads\/2023\/06\/foto-2023-05-20-04-300x225.jpg 300w,https:\/\/www.cykloromantika.cz\/wp-content\/uploads\/2023\/06\/foto-2023-05-20-04.jpg 1024w\" sizes=\"auto, 250px\"\/><\/a><div class=\"sgb-item-caption\"><em>COOP n\u00e1m nab\u00eddnul sn\u00edda\u0148ov\u00e9 menu.<\/em><\/div><\/div><div class=\"sgb-item\"><a href=\"https:\/\/www.cykloromantika.cz\/foto-2023-05-20-05\/\" target=\"_blank\"><img decoding=\"async\" alt=\"\" width=\"225\" height=\"300\" loading=\"lazy\" src=\"https:\/\/www.cykloromantika.cz\/wp-content\/uploads\/2023\/06\/foto-2023-05-20-05-225x300.jpg\" srcset=\"https:\/\/www.cykloromantika.cz\/wp-content\/uploads\/2023\/06\/foto-2023-05-20-05-225x300.jpg 225w,https:\/\/www.cykloromantika.cz\/wp-content\/uploads\/2023\/06\/foto-2023-05-20-05.jpg 768w\" sizes=\"auto, 250px\"\/><\/a><div class=\"sgb-item-caption\"><em>Kaple sv. Cyrila a Metod\u011bje<\/em><\/div><\/div><div class=\"sgb-item\"><a href=\"https:\/\/www.cykloromantika.cz\/foto-2023-05-20-06\/\" target=\"_blank\"><img decoding=\"async\" alt=\"\" width=\"300\" height=\"225\" loading=\"lazy\" src=\"https:\/\/www.cykloromantika.cz\/wp-content\/uploads\/2023\/06\/foto-2023-05-20-06-300x225.jpg\" srcset=\"https:\/\/www.cykloromantika.cz\/wp-content\/uploads\/2023\/06\/foto-2023-05-20-06-300x225.jpg 300w,https:\/\/www.cykloromantika.cz\/wp-content\/uploads\/2023\/06\/foto-2023-05-20-06.jpg 1024w\" sizes=\"auto, 250px\"\/><\/a><div class=\"sgb-item-caption\"><em>Karlovsk\u00e9 fojtstv\u00ed z roku 1793<\/em><\/div><\/div><div class=\"sgb-item\"><a href=\"https:\/\/www.cykloromantika.cz\/foto-2023-05-20-07\/\" target=\"_blank\"><img decoding=\"async\" alt=\"\" width=\"225\" height=\"300\" loading=\"lazy\" src=\"https:\/\/www.cykloromantika.cz\/wp-content\/uploads\/2023\/06\/foto-2023-05-20-07-225x300.jpg\" srcset=\"https:\/\/www.cykloromantika.cz\/wp-content\/uploads\/2023\/06\/foto-2023-05-20-07-225x300.jpg 225w,https:\/\/www.cykloromantika.cz\/wp-content\/uploads\/2023\/06\/foto-2023-05-20-07.jpg 768w\" sizes=\"auto, 250px\"\/><\/a><div class=\"sgb-item-caption\"><em>Du\u0161\u00edk vid\u011bl pr\u00e1ci \u2013 postoj nutn\u00e9 vylep\u0161it!<\/em><\/div><\/div><div class=\"sgb-item\"><a href=\"https:\/\/www.cykloromantika.cz\/foto-2023-05-20-08\/\" target=\"_blank\"><img decoding=\"async\" alt=\"\" width=\"300\" height=\"225\" loading=\"lazy\" src=\"https:\/\/www.cykloromantika.cz\/wp-content\/uploads\/2023\/06\/foto-2023-05-20-08-300x225.jpg\" srcset=\"https:\/\/www.cykloromantika.cz\/wp-content\/uploads\/2023\/06\/foto-2023-05-20-08-300x225.jpg 300w,https:\/\/www.cykloromantika.cz\/wp-content\/uploads\/2023\/06\/foto-2023-05-20-08.jpg 1024w\" sizes=\"auto, 250px\"\/><\/a><div class=\"sgb-item-caption\"><em>Karlovsk\u00e9 fojtstv\u00ed \u2013 Du\u0161\u00edk odhodil hr\u00e1b\u011b po p\u0159\u00edchodu pan\u00ed majitelky.<\/em><\/div><\/div><div class=\"sgb-item\"><a href=\"https:\/\/www.cykloromantika.cz\/foto-2023-05-20-09\/\" target=\"_blank\"><img decoding=\"async\" alt=\"\" width=\"300\" height=\"225\" loading=\"lazy\" src=\"https:\/\/www.cykloromantika.cz\/wp-content\/uploads\/2023\/06\/foto-2023-05-20-09-300x225.jpg\" srcset=\"https:\/\/www.cykloromantika.cz\/wp-content\/uploads\/2023\/06\/foto-2023-05-20-09-300x225.jpg 300w,https:\/\/www.cykloromantika.cz\/wp-content\/uploads\/2023\/06\/foto-2023-05-20-09.jpg 1024w\" sizes=\"auto, 250px\"\/><\/a><div class=\"sgb-item-caption\"><em>Stoup\u00e1me, tedy cht\u011bli jsme stoupat na Sol\u00e1\u0148.<\/em><\/div><\/div><div class=\"sgb-item\"><a href=\"https:\/\/www.cykloromantika.cz\/foto-2023-05-20-10\/\" target=\"_blank\"><img decoding=\"async\" alt=\"\" width=\"225\" height=\"300\" loading=\"lazy\" src=\"https:\/\/www.cykloromantika.cz\/wp-content\/uploads\/2023\/06\/foto-2023-05-20-10-225x300.jpg\" srcset=\"https:\/\/www.cykloromantika.cz\/wp-content\/uploads\/2023\/06\/foto-2023-05-20-10-225x300.jpg 225w,https:\/\/www.cykloromantika.cz\/wp-content\/uploads\/2023\/06\/foto-2023-05-20-10.jpg 768w\" sizes=\"auto, 250px\"\/><\/a><div class=\"sgb-item-caption\"><em>Kdo by cht\u011bl do Krkono\u0161, kdy\u017e m\u00e1 Beskydy?<\/em><\/div><\/div><div class=\"sgb-item\"><a href=\"https:\/\/www.cykloromantika.cz\/foto-2023-05-20-11\/\" target=\"_blank\"><img decoding=\"async\" alt=\"\" width=\"300\" height=\"225\" loading=\"lazy\" src=\"https:\/\/www.cykloromantika.cz\/wp-content\/uploads\/2023\/06\/foto-2023-05-20-11-300x225.jpg\" srcset=\"https:\/\/www.cykloromantika.cz\/wp-content\/uploads\/2023\/06\/foto-2023-05-20-11-300x225.jpg 300w,https:\/\/www.cykloromantika.cz\/wp-content\/uploads\/2023\/06\/foto-2023-05-20-11.jpg 1024w\" sizes=\"auto, 250px\"\/><\/a><div class=\"sgb-item-caption\"><em>\u00dadol\u00ed Bzov\u00e9ho potoka<\/em><\/div><\/div><div class=\"sgb-item\"><a href=\"https:\/\/www.cykloromantika.cz\/foto-2023-05-20-12\/\" target=\"_blank\"><img decoding=\"async\" alt=\"\" width=\"300\" height=\"225\" loading=\"lazy\" src=\"https:\/\/www.cykloromantika.cz\/wp-content\/uploads\/2023\/06\/foto-2023-05-20-12-300x225.jpg\" srcset=\"https:\/\/www.cykloromantika.cz\/wp-content\/uploads\/2023\/06\/foto-2023-05-20-12-300x225.jpg 300w,https:\/\/www.cykloromantika.cz\/wp-content\/uploads\/2023\/06\/foto-2023-05-20-12.jpg 1024w\" sizes=\"auto, 250px\"\/><\/a><div class=\"sgb-item-caption\"><em>U\u017e jsme naho\u0159e v\u0161ichni!<\/em><\/div><\/div><div class=\"sgb-item\"><a href=\"https:\/\/www.cykloromantika.cz\/foto-2023-05-20-13\/\" target=\"_blank\"><img decoding=\"async\" alt=\"\" width=\"225\" height=\"300\" loading=\"lazy\" src=\"https:\/\/www.cykloromantika.cz\/wp-content\/uploads\/2023\/06\/foto-2023-05-20-13-225x300.jpg\" srcset=\"https:\/\/www.cykloromantika.cz\/wp-content\/uploads\/2023\/06\/foto-2023-05-20-13-225x300.jpg 225w,https:\/\/www.cykloromantika.cz\/wp-content\/uploads\/2023\/06\/foto-2023-05-20-13.jpg 768w\" sizes=\"auto, 250px\"\/><\/a><div class=\"sgb-item-caption\"><em>A d\u00e1l to asi nep\u016fjde!<\/em><\/div><\/div><div class=\"sgb-item\"><a href=\"https:\/\/www.cykloromantika.cz\/foto-2023-05-20-14\/\" target=\"_blank\"><img decoding=\"async\" alt=\"\" width=\"300\" height=\"225\" loading=\"lazy\" src=\"https:\/\/www.cykloromantika.cz\/wp-content\/uploads\/2023\/06\/foto-2023-05-20-14-300x225.jpg\" srcset=\"https:\/\/www.cykloromantika.cz\/wp-content\/uploads\/2023\/06\/foto-2023-05-20-14-300x225.jpg 300w,https:\/\/www.cykloromantika.cz\/wp-content\/uploads\/2023\/06\/foto-2023-05-20-14.jpg 1024w\" sizes=\"auto, 250px\"\/><\/a><div class=\"sgb-item-caption\"><em>\u00dadol\u00ed Bzov\u00e9<\/em><\/div><\/div><div class=\"sgb-item\"><a href=\"https:\/\/www.cykloromantika.cz\/foto-2023-05-20-15\/\" target=\"_blank\"><img decoding=\"async\" alt=\"\" width=\"300\" height=\"225\" loading=\"lazy\" src=\"https:\/\/www.cykloromantika.cz\/wp-content\/uploads\/2023\/06\/foto-2023-05-20-15-300x225.jpg\" srcset=\"https:\/\/www.cykloromantika.cz\/wp-content\/uploads\/2023\/06\/foto-2023-05-20-15-300x225.jpg 300w,https:\/\/www.cykloromantika.cz\/wp-content\/uploads\/2023\/06\/foto-2023-05-20-15.jpg 1024w\" sizes=\"auto, 250px\"\/><\/a><div class=\"sgb-item-caption\"><em>D\u011bkujeme za ochutn\u00e1vku zaj\u00edmav\u00e9ho lik\u00e9ru!<\/em><\/div><\/div><div class=\"sgb-item\"><a href=\"https:\/\/www.cykloromantika.cz\/foto-2023-05-20-16\/\" target=\"_blank\"><img decoding=\"async\" alt=\"\" width=\"300\" height=\"225\" loading=\"lazy\" src=\"https:\/\/www.cykloromantika.cz\/wp-content\/uploads\/2023\/06\/foto-2023-05-20-16-300x225.jpg\" srcset=\"https:\/\/www.cykloromantika.cz\/wp-content\/uploads\/2023\/06\/foto-2023-05-20-16-300x225.jpg 300w,https:\/\/www.cykloromantika.cz\/wp-content\/uploads\/2023\/06\/foto-2023-05-20-16.jpg 1024w\" sizes=\"auto, 250px\"\/><\/a><div class=\"sgb-item-caption\"><em>Zvonice na Sol\u00e1ni<\/em><\/div><\/div><div class=\"sgb-item\"><a href=\"https:\/\/www.cykloromantika.cz\/foto-2023-05-20-17\/\" target=\"_blank\"><img decoding=\"async\" alt=\"\" width=\"300\" height=\"242\" loading=\"lazy\" src=\"https:\/\/www.cykloromantika.cz\/wp-content\/uploads\/2023\/06\/foto-2023-05-20-17-300x242.jpg\" srcset=\"https:\/\/www.cykloromantika.cz\/wp-content\/uploads\/2023\/06\/foto-2023-05-20-17-300x242.jpg 300w,https:\/\/www.cykloromantika.cz\/wp-content\/uploads\/2023\/06\/foto-2023-05-20-17.jpg 1024w\" sizes=\"auto, 250px\"\/><\/a><\/div><div class=\"sgb-item\"><a href=\"https:\/\/www.cykloromantika.cz\/foto-2023-05-20-18\/\" target=\"_blank\"><img decoding=\"async\" alt=\"\" width=\"300\" height=\"225\" loading=\"lazy\" src=\"https:\/\/www.cykloromantika.cz\/wp-content\/uploads\/2023\/06\/foto-2023-05-20-18-300x225.jpg\" srcset=\"https:\/\/www.cykloromantika.cz\/wp-content\/uploads\/2023\/06\/foto-2023-05-20-18-300x225.jpg 300w,https:\/\/www.cykloromantika.cz\/wp-content\/uploads\/2023\/06\/foto-2023-05-20-18.jpg 1024w\" sizes=\"auto, 250px\"\/><\/a><div class=\"sgb-item-caption\"><em>D\u00e1v\u00e1me pol\u00e9vku.<\/em><\/div><\/div><div class=\"sgb-item\"><a href=\"https:\/\/www.cykloromantika.cz\/foto-2023-05-20-19\/\" target=\"_blank\"><img decoding=\"async\" alt=\"\" width=\"300\" height=\"225\" loading=\"lazy\" src=\"https:\/\/www.cykloromantika.cz\/wp-content\/uploads\/2023\/06\/foto-2023-05-20-19-300x225.jpg\" srcset=\"https:\/\/www.cykloromantika.cz\/wp-content\/uploads\/2023\/06\/foto-2023-05-20-19-300x225.jpg 300w,https:\/\/www.cykloromantika.cz\/wp-content\/uploads\/2023\/06\/foto-2023-05-20-19.jpg 1024w\" sizes=\"auto, 250px\"\/><\/a><\/div><div class=\"sgb-item\"><a href=\"https:\/\/www.cykloromantika.cz\/foto-2023-05-20-20\/\" target=\"_blank\"><img decoding=\"async\" alt=\"\" width=\"300\" height=\"200\" loading=\"lazy\" src=\"https:\/\/www.cykloromantika.cz\/wp-content\/uploads\/2023\/06\/foto-2023-05-20-20-300x200.jpg\" srcset=\"https:\/\/www.cykloromantika.cz\/wp-content\/uploads\/2023\/06\/foto-2023-05-20-20-300x200.jpg 300w,https:\/\/www.cykloromantika.cz\/wp-content\/uploads\/2023\/06\/foto-2023-05-20-20.jpg 1024w\" sizes=\"auto, 250px\"\/><\/a><div class=\"sgb-item-caption\"><em>Do\u0161lo na placen\u00ed (a sezn\u00e1men\u00ed?)!<\/em><\/div><\/div><div class=\"sgb-item\"><a href=\"https:\/\/www.cykloromantika.cz\/foto-2023-05-20-21\/\" target=\"_blank\"><img decoding=\"async\" alt=\"\" width=\"300\" height=\"225\" loading=\"lazy\" src=\"https:\/\/www.cykloromantika.cz\/wp-content\/uploads\/2023\/06\/foto-2023-05-20-21-300x225.jpg\" srcset=\"https:\/\/www.cykloromantika.cz\/wp-content\/uploads\/2023\/06\/foto-2023-05-20-21-300x225.jpg 300w,https:\/\/www.cykloromantika.cz\/wp-content\/uploads\/2023\/06\/foto-2023-05-20-21.jpg 1024w\" sizes=\"auto, 250px\"\/><\/a><div class=\"sgb-item-caption\"><em>Spole\u010dn\u00fd c\u00edl \u2013 jen my na kole, ony p\u011b\u0161ky!<\/em><\/div><\/div><div class=\"sgb-item\"><a href=\"https:\/\/www.cykloromantika.cz\/foto-2023-05-20-22\/\" target=\"_blank\"><img decoding=\"async\" alt=\"\" width=\"300\" height=\"225\" loading=\"lazy\" src=\"https:\/\/www.cykloromantika.cz\/wp-content\/uploads\/2023\/06\/foto-2023-05-20-22-300x225.jpg\" srcset=\"https:\/\/www.cykloromantika.cz\/wp-content\/uploads\/2023\/06\/foto-2023-05-20-22-300x225.jpg 300w,https:\/\/www.cykloromantika.cz\/wp-content\/uploads\/2023\/06\/foto-2023-05-20-22.jpg 1024w\" sizes=\"auto, 250px\"\/><\/a><div class=\"sgb-item-caption\"><em>Bob\u016fv zcela vyhovuj\u00edc\u00ed dopravn\u00ed prost\u0159edek na h\u0159ebenovku<\/em><\/div><\/div><div class=\"sgb-item\"><a href=\"https:\/\/www.cykloromantika.cz\/foto-2023-05-20-23\/\" target=\"_blank\"><img decoding=\"async\" alt=\"\" width=\"300\" height=\"200\" loading=\"lazy\" src=\"https:\/\/www.cykloromantika.cz\/wp-content\/uploads\/2023\/06\/foto-2023-05-20-23-300x200.jpg\" srcset=\"https:\/\/www.cykloromantika.cz\/wp-content\/uploads\/2023\/06\/foto-2023-05-20-23-300x200.jpg 300w,https:\/\/www.cykloromantika.cz\/wp-content\/uploads\/2023\/06\/foto-2023-05-20-23.jpg 1024w\" sizes=\"auto, 250px\"\/><\/a><div class=\"sgb-item-caption\"><em>Spole\u010dn\u00e1 rozvern\u00e1 na sedle Du\u0161n\u00e1 I<\/em><\/div><\/div><div class=\"sgb-item\"><a href=\"https:\/\/www.cykloromantika.cz\/foto-2023-05-20-24\/\" target=\"_blank\"><img decoding=\"async\" alt=\"\" width=\"300\" height=\"200\" loading=\"lazy\" src=\"https:\/\/www.cykloromantika.cz\/wp-content\/uploads\/2023\/06\/foto-2023-05-20-24-300x200.jpg\" srcset=\"https:\/\/www.cykloromantika.cz\/wp-content\/uploads\/2023\/06\/foto-2023-05-20-24-300x200.jpg 300w,https:\/\/www.cykloromantika.cz\/wp-content\/uploads\/2023\/06\/foto-2023-05-20-24.jpg 1024w\" sizes=\"auto, 250px\"\/><\/a><div class=\"sgb-item-caption\"><em>Spole\u010dn\u00e1 rozvern\u00e1 na sedle Du\u0161n\u00e1 II<\/em><\/div><\/div><div class=\"sgb-item\"><a href=\"https:\/\/www.cykloromantika.cz\/foto-2023-05-20-25\/\" target=\"_blank\"><img decoding=\"async\" alt=\"\" width=\"300\" height=\"200\" loading=\"lazy\" src=\"https:\/\/www.cykloromantika.cz\/wp-content\/uploads\/2023\/06\/foto-2023-05-20-25-300x200.jpg\" srcset=\"https:\/\/www.cykloromantika.cz\/wp-content\/uploads\/2023\/06\/foto-2023-05-20-25-300x200.jpg 300w,https:\/\/www.cykloromantika.cz\/wp-content\/uploads\/2023\/06\/foto-2023-05-20-25.jpg 1024w\" sizes=\"auto, 250px\"\/><\/a><div class=\"sgb-item-caption\"><em>Odpo\u010dinek pouh\u00fd<\/em><\/div><\/div><div class=\"sgb-item\"><a href=\"https:\/\/www.cykloromantika.cz\/foto-2023-05-20-26\/\" target=\"_blank\"><img decoding=\"async\" alt=\"\" width=\"300\" height=\"225\" loading=\"lazy\" src=\"https:\/\/www.cykloromantika.cz\/wp-content\/uploads\/2023\/06\/foto-2023-05-20-26-300x225.jpg\" srcset=\"https:\/\/www.cykloromantika.cz\/wp-content\/uploads\/2023\/06\/foto-2023-05-20-26-300x225.jpg 300w,https:\/\/www.cykloromantika.cz\/wp-content\/uploads\/2023\/06\/foto-2023-05-20-26.jpg 1024w\" sizes=\"auto, 250px\"\/><\/a><div class=\"sgb-item-caption\"><em>Kafe bodlo!<\/em><\/div><\/div><div class=\"sgb-item\"><a href=\"https:\/\/www.cykloromantika.cz\/foto-2023-05-20-27\/\" target=\"_blank\"><img decoding=\"async\" alt=\"\" width=\"300\" height=\"225\" loading=\"lazy\" src=\"https:\/\/www.cykloromantika.cz\/wp-content\/uploads\/2023\/06\/foto-2023-05-20-27-300x225.jpg\" srcset=\"https:\/\/www.cykloromantika.cz\/wp-content\/uploads\/2023\/06\/foto-2023-05-20-27-300x225.jpg 300w,https:\/\/www.cykloromantika.cz\/wp-content\/uploads\/2023\/06\/foto-2023-05-20-27.jpg 1024w\" sizes=\"auto, 250px\"\/><\/a><div class=\"sgb-item-caption\"><em>Lou\u010den\u00ed!<\/em><\/div><\/div><div class=\"sgb-item\"><a href=\"https:\/\/www.cykloromantika.cz\/foto-2023-05-20-28\/\" target=\"_blank\"><img decoding=\"async\" alt=\"\" width=\"300\" height=\"225\" loading=\"lazy\" src=\"https:\/\/www.cykloromantika.cz\/wp-content\/uploads\/2023\/06\/foto-2023-05-20-28-300x225.jpg\" srcset=\"https:\/\/www.cykloromantika.cz\/wp-content\/uploads\/2023\/06\/foto-2023-05-20-28-300x225.jpg 300w,https:\/\/www.cykloromantika.cz\/wp-content\/uploads\/2023\/06\/foto-2023-05-20-28.jpg 1024w\" sizes=\"auto, 250px\"\/><\/a><div class=\"sgb-item-caption\"><em>Povinn\u00e1 pauza!<\/em><\/div><\/div><div class=\"sgb-item\"><a href=\"https:\/\/www.cykloromantika.cz\/foto-2023-05-20-29\/\" target=\"_blank\"><img decoding=\"async\" alt=\"\" width=\"300\" height=\"225\" loading=\"lazy\" src=\"https:\/\/www.cykloromantika.cz\/wp-content\/uploads\/2023\/06\/foto-2023-05-20-29-300x225.jpg\" srcset=\"https:\/\/www.cykloromantika.cz\/wp-content\/uploads\/2023\/06\/foto-2023-05-20-29-300x225.jpg 300w,https:\/\/www.cykloromantika.cz\/wp-content\/uploads\/2023\/06\/foto-2023-05-20-29.jpg 1024w\" sizes=\"auto, 250px\"\/><\/a><\/div><div class=\"sgb-item\"><a href=\"https:\/\/www.cykloromantika.cz\/foto-2023-05-20-30\/\" target=\"_blank\"><img decoding=\"async\" alt=\"\" width=\"300\" height=\"225\" loading=\"lazy\" src=\"https:\/\/www.cykloromantika.cz\/wp-content\/uploads\/2023\/06\/foto-2023-05-20-30-300x225.jpg\" srcset=\"https:\/\/www.cykloromantika.cz\/wp-content\/uploads\/2023\/06\/foto-2023-05-20-30-300x225.jpg 300w,https:\/\/www.cykloromantika.cz\/wp-content\/uploads\/2023\/06\/foto-2023-05-20-30.jpg 1024w\" sizes=\"auto, 250px\"\/><\/a><\/div><div class=\"sgb-item\"><a href=\"https:\/\/www.cykloromantika.cz\/foto-2023-05-20-31\/\" target=\"_blank\"><img decoding=\"async\" alt=\"\" width=\"300\" height=\"225\" loading=\"lazy\" src=\"https:\/\/www.cykloromantika.cz\/wp-content\/uploads\/2023\/06\/foto-2023-05-20-31-300x225.jpg\" srcset=\"https:\/\/www.cykloromantika.cz\/wp-content\/uploads\/2023\/06\/foto-2023-05-20-31-300x225.jpg 300w,https:\/\/www.cykloromantika.cz\/wp-content\/uploads\/2023\/06\/foto-2023-05-20-31.jpg 1024w\" sizes=\"auto, 250px\"\/><\/a><div class=\"sgb-item-caption\"><em>Stavujeme se pro slivovici na ve\u010der.<\/em><\/div><\/div><div class=\"sgb-item\"><a href=\"https:\/\/www.cykloromantika.cz\/foto-2023-05-20-32\/\" target=\"_blank\"><img decoding=\"async\" alt=\"\" width=\"225\" height=\"300\" loading=\"lazy\" src=\"https:\/\/www.cykloromantika.cz\/wp-content\/uploads\/2023\/06\/foto-2023-05-20-32-225x300.jpg\" srcset=\"https:\/\/www.cykloromantika.cz\/wp-content\/uploads\/2023\/06\/foto-2023-05-20-32-225x300.jpg 225w,https:\/\/www.cykloromantika.cz\/wp-content\/uploads\/2023\/06\/foto-2023-05-20-32.jpg 768w\" sizes=\"auto, 250px\"\/><\/a><div class=\"sgb-item-caption\"><em>Bl\u00edzk\u00e1 setk\u00e1n\u00ed asfaltov\u00e9ho druhu<\/em><\/div><\/div><div class=\"sgb-item\"><a href=\"https:\/\/www.cykloromantika.cz\/foto-2023-05-20-33\/\" target=\"_blank\"><img decoding=\"async\" alt=\"\" width=\"225\" height=\"300\" loading=\"lazy\" src=\"https:\/\/www.cykloromantika.cz\/wp-content\/uploads\/2023\/06\/foto-2023-05-20-33-225x300.jpg\" srcset=\"https:\/\/www.cykloromantika.cz\/wp-content\/uploads\/2023\/06\/foto-2023-05-20-33-225x300.jpg 225w,https:\/\/www.cykloromantika.cz\/wp-content\/uploads\/2023\/06\/foto-2023-05-20-33.jpg 768w\" sizes=\"auto, 250px\"\/><\/a><div class=\"sgb-item-caption\"><em>Nalo\u017eeno na posledn\u00ed chv\u00edli na cestu do Velk\u00fdch Karlovic<\/em><\/div><\/div><div class=\"sgb-item\"><a href=\"https:\/\/www.cykloromantika.cz\/foto-2023-05-20-34\/\" target=\"_blank\"><img decoding=\"async\" alt=\"\" width=\"300\" height=\"225\" loading=\"lazy\" src=\"https:\/\/www.cykloromantika.cz\/wp-content\/uploads\/2023\/06\/foto-2023-05-20-34-300x225.jpg\" srcset=\"https:\/\/www.cykloromantika.cz\/wp-content\/uploads\/2023\/06\/foto-2023-05-20-34-300x225.jpg 300w,https:\/\/www.cykloromantika.cz\/wp-content\/uploads\/2023\/06\/foto-2023-05-20-34.jpg 1024w\" sizes=\"auto, 250px\"\/><\/a><div class=\"sgb-item-caption\"><em>Sympatick\u00e1 pr\u016fvod\u010d\u00ed na trati Vset\u00edn \u2013 Velk\u00e9 Karlovice<\/em><\/div><\/div><div class=\"sgb-item\"><a href=\"https:\/\/www.cykloromantika.cz\/foto-2023-05-20-35\/\" target=\"_blank\"><img decoding=\"async\" alt=\"\" width=\"300\" height=\"225\" loading=\"lazy\" src=\"https:\/\/www.cykloromantika.cz\/wp-content\/uploads\/2023\/06\/foto-2023-05-20-35-300x225.jpg\" srcset=\"https:\/\/www.cykloromantika.cz\/wp-content\/uploads\/2023\/06\/foto-2023-05-20-35-300x225.jpg 300w,https:\/\/www.cykloromantika.cz\/wp-content\/uploads\/2023\/06\/foto-2023-05-20-35.jpg 1024w\" sizes=\"auto, 250px\"\/><\/a><\/div><div class=\"sgb-item\"><a href=\"https:\/\/www.cykloromantika.cz\/foto-2023-05-21-01\/\" target=\"_blank\"><img decoding=\"async\" alt=\"\" width=\"225\" height=\"300\" loading=\"lazy\" src=\"https:\/\/www.cykloromantika.cz\/wp-content\/uploads\/2023\/06\/foto-2023-05-21-01-225x300.jpg\" srcset=\"https:\/\/www.cykloromantika.cz\/wp-content\/uploads\/2023\/06\/foto-2023-05-21-01-225x300.jpg 225w,https:\/\/www.cykloromantika.cz\/wp-content\/uploads\/2023\/06\/foto-2023-05-21-01.jpg 768w\" sizes=\"auto, 250px\"\/><\/a><div class=\"sgb-item-caption\"><em>Rann\u00ed probuzen\u00ed<\/em><\/div><\/div><div class=\"sgb-item\"><a href=\"https:\/\/www.cykloromantika.cz\/foto-2023-05-21-02\/\" target=\"_blank\"><img decoding=\"async\" alt=\"\" width=\"300\" height=\"225\" loading=\"lazy\" src=\"https:\/\/www.cykloromantika.cz\/wp-content\/uploads\/2023\/06\/foto-2023-05-21-02-300x225.jpg\" srcset=\"https:\/\/www.cykloromantika.cz\/wp-content\/uploads\/2023\/06\/foto-2023-05-21-02-300x225.jpg 300w,https:\/\/www.cykloromantika.cz\/wp-content\/uploads\/2023\/06\/foto-2023-05-21-02.jpg 1024w\" sizes=\"auto, 250px\"\/><\/a><div class=\"sgb-item-caption\"><em>Fotograf jist\u011b zaujat m\u00edstn\u00edm n\u00e1zvem Bumb\u00e1lka.<\/em><\/div><\/div><div class=\"sgb-item\"><a href=\"https:\/\/www.cykloromantika.cz\/foto-2023-05-21-03\/\" target=\"_blank\"><img decoding=\"async\" alt=\"\" width=\"300\" height=\"200\" loading=\"lazy\" src=\"https:\/\/www.cykloromantika.cz\/wp-content\/uploads\/2023\/06\/foto-2023-05-21-03-300x200.jpg\" srcset=\"https:\/\/www.cykloromantika.cz\/wp-content\/uploads\/2023\/06\/foto-2023-05-21-03-300x200.jpg 300w,https:\/\/www.cykloromantika.cz\/wp-content\/uploads\/2023\/06\/foto-2023-05-21-03.jpg 1024w\" sizes=\"auto, 250px\"\/><\/a><div class=\"sgb-item-caption\"><em>Makovsk\u00fd pr\u016fsmyk<\/em><\/div><\/div><div class=\"sgb-item\"><a href=\"https:\/\/www.cykloromantika.cz\/foto-2023-05-21-04\/\" target=\"_blank\"><img decoding=\"async\" alt=\"\" width=\"225\" height=\"300\" loading=\"lazy\" src=\"https:\/\/www.cykloromantika.cz\/wp-content\/uploads\/2023\/06\/foto-2023-05-21-04-225x300.jpg\" srcset=\"https:\/\/www.cykloromantika.cz\/wp-content\/uploads\/2023\/06\/foto-2023-05-21-04-225x300.jpg 225w,https:\/\/www.cykloromantika.cz\/wp-content\/uploads\/2023\/06\/foto-2023-05-21-04.jpg 768w\" sizes=\"auto, 250px\"\/><\/a><div class=\"sgb-item-caption\"><em>Pod kontrolou Partyz\u00e1na<\/em><\/div><\/div><div class=\"sgb-item\"><a href=\"https:\/\/www.cykloromantika.cz\/foto-2023-05-21-05\/\" target=\"_blank\"><img decoding=\"async\" alt=\"\" width=\"300\" height=\"200\" loading=\"lazy\" src=\"https:\/\/www.cykloromantika.cz\/wp-content\/uploads\/2023\/06\/foto-2023-05-21-05-300x200.jpg\" srcset=\"https:\/\/www.cykloromantika.cz\/wp-content\/uploads\/2023\/06\/foto-2023-05-21-05-300x200.jpg 300w,https:\/\/www.cykloromantika.cz\/wp-content\/uploads\/2023\/06\/foto-2023-05-21-05.jpg 1024w\" sizes=\"auto, 250px\"\/><\/a><div class=\"sgb-item-caption\"><em>Sedlo Bumb\u00e1lka<\/em><\/div><\/div><div class=\"sgb-item\"><a href=\"https:\/\/www.cykloromantika.cz\/foto-2023-05-21-06\/\" target=\"_blank\"><img decoding=\"async\" alt=\"\" width=\"300\" height=\"200\" loading=\"lazy\" src=\"https:\/\/www.cykloromantika.cz\/wp-content\/uploads\/2023\/06\/foto-2023-05-21-06-300x200.jpg\" srcset=\"https:\/\/www.cykloromantika.cz\/wp-content\/uploads\/2023\/06\/foto-2023-05-21-06-300x200.jpg 300w,https:\/\/www.cykloromantika.cz\/wp-content\/uploads\/2023\/06\/foto-2023-05-21-06.jpg 1024w\" sizes=\"auto, 250px\"\/><\/a><div class=\"sgb-item-caption\"><em>Masarykova chata<\/em><\/div><\/div><div class=\"sgb-item\"><a href=\"https:\/\/www.cykloromantika.cz\/foto-2023-05-21-07\/\" target=\"_blank\"><img decoding=\"async\" alt=\"\" width=\"300\" height=\"225\" loading=\"lazy\" src=\"https:\/\/www.cykloromantika.cz\/wp-content\/uploads\/2023\/06\/foto-2023-05-21-07-300x225.jpg\" srcset=\"https:\/\/www.cykloromantika.cz\/wp-content\/uploads\/2023\/06\/foto-2023-05-21-07-300x225.jpg 300w,https:\/\/www.cykloromantika.cz\/wp-content\/uploads\/2023\/06\/foto-2023-05-21-07.jpg 1024w\" sizes=\"auto, 250px\"\/><\/a><div class=\"sgb-item-caption\"><em>Spole\u010dn\u00e1 s Lysou horou v pozad\u00ed<\/em><\/div><\/div><div class=\"sgb-item\"><a href=\"https:\/\/www.cykloromantika.cz\/foto-2023-05-21-08\/\" target=\"_blank\"><img decoding=\"async\" alt=\"\" width=\"300\" height=\"225\" loading=\"lazy\" src=\"https:\/\/www.cykloromantika.cz\/wp-content\/uploads\/2023\/06\/foto-2023-05-21-08-300x225.jpg\" srcset=\"https:\/\/www.cykloromantika.cz\/wp-content\/uploads\/2023\/06\/foto-2023-05-21-08-300x225.jpg 300w,https:\/\/www.cykloromantika.cz\/wp-content\/uploads\/2023\/06\/foto-2023-05-21-08.jpg 1024w\" sizes=\"auto, 250px\"\/><\/a><div class=\"sgb-item-caption\"><em>Jak ulevit t\u011b\u017ek\u00e9 hlav\u011b!<\/em><\/div><\/div><div class=\"sgb-item\"><a href=\"https:\/\/www.cykloromantika.cz\/foto-2023-05-21-09\/\" target=\"_blank\"><img decoding=\"async\" alt=\"\" width=\"300\" height=\"225\" loading=\"lazy\" src=\"https:\/\/www.cykloromantika.cz\/wp-content\/uploads\/2023\/06\/foto-2023-05-21-09-300x225.jpg\" srcset=\"https:\/\/www.cykloromantika.cz\/wp-content\/uploads\/2023\/06\/foto-2023-05-21-09-300x225.jpg 300w,https:\/\/www.cykloromantika.cz\/wp-content\/uploads\/2023\/06\/foto-2023-05-21-09.jpg 1024w\" sizes=\"auto, 250px\"\/><\/a><\/div><div class=\"sgb-item\"><a href=\"https:\/\/www.cykloromantika.cz\/foto-2023-05-21-10\/\" target=\"_blank\"><img decoding=\"async\" alt=\"\" width=\"300\" height=\"225\" loading=\"lazy\" src=\"https:\/\/www.cykloromantika.cz\/wp-content\/uploads\/2023\/06\/foto-2023-05-21-10-300x225.jpg\" srcset=\"https:\/\/www.cykloromantika.cz\/wp-content\/uploads\/2023\/06\/foto-2023-05-21-10-300x225.jpg 300w,https:\/\/www.cykloromantika.cz\/wp-content\/uploads\/2023\/06\/foto-2023-05-21-10.jpg 1024w\" sizes=\"auto, 250px\"\/><\/a><div class=\"sgb-item-caption\"><em>Odjezd od Masarykovy chaty<\/em><\/div><\/div><div class=\"sgb-item\"><a href=\"https:\/\/www.cykloromantika.cz\/foto-2023-05-21-11\/\" target=\"_blank\"><img decoding=\"async\" alt=\"\" width=\"225\" height=\"300\" loading=\"lazy\" src=\"https:\/\/www.cykloromantika.cz\/wp-content\/uploads\/2023\/06\/foto-2023-05-21-11-225x300.jpg\" srcset=\"https:\/\/www.cykloromantika.cz\/wp-content\/uploads\/2023\/06\/foto-2023-05-21-11-225x300.jpg 225w,https:\/\/www.cykloromantika.cz\/wp-content\/uploads\/2023\/06\/foto-2023-05-21-11.jpg 768w\" sizes=\"auto, 250px\"\/><\/a><div class=\"sgb-item-caption\"><em>Cesta do B\u00edl\u00e9 dl\u00e1\u017ed\u011bn\u00e1 bahnem<\/em><\/div><\/div><div class=\"sgb-item\"><a href=\"https:\/\/www.cykloromantika.cz\/foto-2023-05-21-12\/\" target=\"_blank\"><img decoding=\"async\" alt=\"\" width=\"225\" height=\"300\" loading=\"lazy\" src=\"https:\/\/www.cykloromantika.cz\/wp-content\/uploads\/2023\/06\/foto-2023-05-21-12-225x300.jpg\" srcset=\"https:\/\/www.cykloromantika.cz\/wp-content\/uploads\/2023\/06\/foto-2023-05-21-12-225x300.jpg 225w,https:\/\/www.cykloromantika.cz\/wp-content\/uploads\/2023\/06\/foto-2023-05-21-12.jpg 768w\" sizes=\"auto, 250px\"\/><\/a><div class=\"sgb-item-caption\"><em>Tady se les\u00e1ci vyznamenali!<\/em><\/div><\/div><div class=\"sgb-item\"><a href=\"https:\/\/www.cykloromantika.cz\/foto-2023-05-21-13\/\" target=\"_blank\"><img decoding=\"async\" alt=\"\" width=\"225\" height=\"300\" loading=\"lazy\" src=\"https:\/\/www.cykloromantika.cz\/wp-content\/uploads\/2023\/06\/foto-2023-05-21-13-225x300.jpg\" srcset=\"https:\/\/www.cykloromantika.cz\/wp-content\/uploads\/2023\/06\/foto-2023-05-21-13-225x300.jpg 225w,https:\/\/www.cykloromantika.cz\/wp-content\/uploads\/2023\/06\/foto-2023-05-21-13.jpg 768w\" sizes=\"auto, 250px\"\/><\/a><\/div><div class=\"sgb-item\"><a href=\"https:\/\/www.cykloromantika.cz\/foto-2023-05-21-14\/\" target=\"_blank\"><img decoding=\"async\" alt=\"\" width=\"300\" height=\"225\" loading=\"lazy\" src=\"https:\/\/www.cykloromantika.cz\/wp-content\/uploads\/2023\/06\/foto-2023-05-21-14-300x225.jpg\" srcset=\"https:\/\/www.cykloromantika.cz\/wp-content\/uploads\/2023\/06\/foto-2023-05-21-14-300x225.jpg 300w,https:\/\/www.cykloromantika.cz\/wp-content\/uploads\/2023\/06\/foto-2023-05-21-14.jpg 1024w\" sizes=\"auto, 250px\"\/><\/a><div class=\"sgb-item-caption\"><em>Na B\u00edl\u00e9<\/em><\/div><\/div><div class=\"sgb-item\"><a href=\"https:\/\/www.cykloromantika.cz\/foto-2023-05-21-15\/\" target=\"_blank\"><img decoding=\"async\" alt=\"\" width=\"300\" height=\"225\" loading=\"lazy\" src=\"https:\/\/www.cykloromantika.cz\/wp-content\/uploads\/2023\/06\/foto-2023-05-21-15-300x225.jpg\" srcset=\"https:\/\/www.cykloromantika.cz\/wp-content\/uploads\/2023\/06\/foto-2023-05-21-15-300x225.jpg 300w,https:\/\/www.cykloromantika.cz\/wp-content\/uploads\/2023\/06\/foto-2023-05-21-15.jpg 1024w\" sizes=\"auto, 250px\"\/><\/a><div class=\"sgb-item-caption\"><em>P\u0159e\u010dk\u00e1me bou\u0159ku.<\/em><\/div><\/div><div class=\"sgb-item\"><a href=\"https:\/\/www.cykloromantika.cz\/foto-2023-05-21-16\/\" target=\"_blank\"><img decoding=\"async\" alt=\"\" width=\"225\" height=\"300\" loading=\"lazy\" src=\"https:\/\/www.cykloromantika.cz\/wp-content\/uploads\/2023\/06\/foto-2023-05-21-16-225x300.jpg\" srcset=\"https:\/\/www.cykloromantika.cz\/wp-content\/uploads\/2023\/06\/foto-2023-05-21-16-225x300.jpg 225w,https:\/\/www.cykloromantika.cz\/wp-content\/uploads\/2023\/06\/foto-2023-05-21-16.jpg 768w\" sizes=\"auto, 250px\"\/><\/a><div class=\"sgb-item-caption\"><em>\u010cas zkr\u00e1cen\u00fd hazardem (hrajeme vojnu)<\/em><\/div><\/div><div class=\"sgb-item\"><a href=\"https:\/\/www.cykloromantika.cz\/foto-2023-05-21-17\/\" target=\"_blank\"><img decoding=\"async\" alt=\"\" width=\"300\" height=\"225\" loading=\"lazy\" src=\"https:\/\/www.cykloromantika.cz\/wp-content\/uploads\/2023\/06\/foto-2023-05-21-17-300x225.jpg\" srcset=\"https:\/\/www.cykloromantika.cz\/wp-content\/uploads\/2023\/06\/foto-2023-05-21-17-300x225.jpg 300w,https:\/\/www.cykloromantika.cz\/wp-content\/uploads\/2023\/06\/foto-2023-05-21-17.jpg 1024w\" sizes=\"auto, 250px\"\/><\/a><div class=\"sgb-item-caption\"><em>Nad p\u0159ehradou \u0160ance<\/em><\/div><\/div><div class=\"sgb-item\"><a href=\"https:\/\/www.cykloromantika.cz\/foto-2023-05-21-18\/\" target=\"_blank\"><img decoding=\"async\" alt=\"\" width=\"300\" height=\"225\" loading=\"lazy\" src=\"https:\/\/www.cykloromantika.cz\/wp-content\/uploads\/2023\/06\/foto-2023-05-21-18-300x225.jpg\" srcset=\"https:\/\/www.cykloromantika.cz\/wp-content\/uploads\/2023\/06\/foto-2023-05-21-18-300x225.jpg 300w,https:\/\/www.cykloromantika.cz\/wp-content\/uploads\/2023\/06\/foto-2023-05-21-18.jpg 1024w\" sizes=\"auto, 250px\"\/><\/a><div class=\"sgb-item-caption\"><em>P\u0159ehrada \u0160ance<\/em><\/div><\/div><\/div><\/noscript><\/div><script type=\"application\/json\" class=\"sgb-data\">{\"lastRowFill\":true,\"collectionThumbRecomendedHeight\":300,\"collectionThumbMiniScreenScale\":true,\"captionHAlign\":\"bottom\",\"collectionthumbHoverTitleFontSize\":12,\"collectionthumbRoundedCorners\":8,\"collectionthumbHoverTitleTextBgColor\":\"rgba(0,0,0,0.44)\",\"collectionThumbSubMenuShare\":false,\"galleryType\":\"pgc_sgb_justified\",\"galleryId\":\"16869777\",\"images\":[{\"id\":7849,\"title\":\"Foto 2023 05 19 01\",\"url\":\"https:\/\/www.cykloromantika.cz\/wp-content\/uploads\/2023\/06\/foto-2023-05-19-01.jpg\",\"link\":\"https:\/\/www.cykloromantika.cz\/foto-2023-05-19-01\/\",\"alt\":\"\",\"description\":\"\",\"caption\":\"Promen\u00e1dn\u00ed na n\u00e1dra\u017e\u00ed v Ostrav\u011b-Kun\u010dic\u00edch\",\"mime\":\"image\/jpeg\",\"type\":\"image\",\"width\":1024,\"height\":683,\"sizes\":{\"thumbnail\":{\"height\":100,\"width\":150,\"url\":\"https:\/\/www.cykloromantika.cz\/wp-content\/uploads\/2023\/06\/foto-2023-05-19-01-150x100.jpg\",\"orientation\":\"landscape\"},\"medium\":{\"height\":200,\"width\":300,\"url\":\"https:\/\/www.cykloromantika.cz\/wp-content\/uploads\/2023\/06\/foto-2023-05-19-01-300x200.jpg\",\"orientation\":\"landscape\"},\"full\":{\"url\":\"https:\/\/www.cykloromantika.cz\/wp-content\/uploads\/2023\/06\/foto-2023-05-19-01.jpg\",\"height\":683,\"width\":1024,\"orientation\":\"landscape\"}},\"imageMeta\":{\"aperture\":\"1.7\",\"credit\":\"\",\"camera\":\"SM-G955F\",\"caption\":\"\",\"created_timestamp\":\"1684508362\",\"copyright\":\"\",\"focal_length\":\"4.2\",\"iso\":\"40\",\"shutter_speed\":\"0.000853242320819\",\"title\":\"\",\"orientation\":\"0\",\"keywords\":[]},\"meta\":false,\"postlink\":\"https:\/\/www.cykloromantika.cz\/foto-2023-05-19-01\/\"},{\"id\":7850,\"title\":\"Foto 2023 05 19 02\",\"url\":\"https:\/\/www.cykloromantika.cz\/wp-content\/uploads\/2023\/06\/foto-2023-05-19-02.jpg\",\"link\":\"https:\/\/www.cykloromantika.cz\/foto-2023-05-19-02\/\",\"alt\":\"\",\"description\":\"\",\"caption\":\"Slavnostn\u00ed n\u00e1stup\",\"mime\":\"image\/jpeg\",\"type\":\"image\",\"width\":1024,\"height\":768,\"sizes\":{\"thumbnail\":{\"height\":113,\"width\":150,\"url\":\"https:\/\/www.cykloromantika.cz\/wp-content\/uploads\/2023\/06\/foto-2023-05-19-02-150x113.jpg\",\"orientation\":\"landscape\"},\"medium\":{\"height\":225,\"width\":300,\"url\":\"https:\/\/www.cykloromantika.cz\/wp-content\/uploads\/2023\/06\/foto-2023-05-19-02-300x225.jpg\",\"orientation\":\"landscape\"},\"full\":{\"url\":\"https:\/\/www.cykloromantika.cz\/wp-content\/uploads\/2023\/06\/foto-2023-05-19-02.jpg\",\"height\":768,\"width\":1024,\"orientation\":\"landscape\"}},\"imageMeta\":{\"aperture\":\"1.7\",\"credit\":\"\",\"camera\":\"SM-G955F\",\"caption\":\"\",\"created_timestamp\":\"1684508851\",\"copyright\":\"\",\"focal_length\":\"4.2\",\"iso\":\"40\",\"shutter_speed\":\"0.00325732899023\",\"title\":\"\",\"orientation\":\"0\",\"keywords\":[]},\"meta\":false,\"postlink\":\"https:\/\/www.cykloromantika.cz\/foto-2023-05-19-02\/\"},{\"id\":7851,\"title\":\"Foto 2023 05 19 03\",\"url\":\"https:\/\/www.cykloromantika.cz\/wp-content\/uploads\/2023\/06\/foto-2023-05-19-03.jpg\",\"link\":\"https:\/\/www.cykloromantika.cz\/foto-2023-05-19-03\/\",\"alt\":\"\",\"description\":\"\",\"caption\":\"Spole\u010dn\u00e1 p\u0159ed hospodou U Pa\u0159ezu na \u010celadn\u00e9\",\"mime\":\"image\/jpeg\",\"type\":\"image\",\"width\":1024,\"height\":683,\"sizes\":{\"thumbnail\":{\"height\":100,\"width\":150,\"url\":\"https:\/\/www.cykloromantika.cz\/wp-content\/uploads\/2023\/06\/foto-2023-05-19-03-150x100.jpg\",\"orientation\":\"landscape\"},\"medium\":{\"height\":200,\"width\":300,\"url\":\"https:\/\/www.cykloromantika.cz\/wp-content\/uploads\/2023\/06\/foto-2023-05-19-03-300x200.jpg\",\"orientation\":\"landscape\"},\"full\":{\"url\":\"https:\/\/www.cykloromantika.cz\/wp-content\/uploads\/2023\/06\/foto-2023-05-19-03.jpg\",\"height\":683,\"width\":1024,\"orientation\":\"landscape\"}},\"imageMeta\":{\"aperture\":\"1.7\",\"credit\":\"\",\"camera\":\"SM-G955F\",\"caption\":\"\",\"created_timestamp\":\"1684514201\",\"copyright\":\"\",\"focal_length\":\"4.2\",\"iso\":\"40\",\"shutter_speed\":\"0.00460829493088\",\"title\":\"\",\"orientation\":\"0\",\"keywords\":[]},\"meta\":false,\"postlink\":\"https:\/\/www.cykloromantika.cz\/foto-2023-05-19-03\/\"},{\"id\":7852,\"title\":\"Foto 2023 05 19 05\",\"url\":\"https:\/\/www.cykloromantika.cz\/wp-content\/uploads\/2023\/06\/foto-2023-05-19-05.jpg\",\"link\":\"https:\/\/www.cykloromantika.cz\/foto-2023-05-19-05\/\",\"alt\":\"\",\"description\":\"\",\"caption\":\"Mezivod\u00ed \u2013 toto nen\u00ed na\u0161e ubytov\u00e1n\u00ed.\",\"mime\":\"image\/jpeg\",\"type\":\"image\",\"width\":1024,\"height\":768,\"sizes\":{\"thumbnail\":{\"height\":113,\"width\":150,\"url\":\"https:\/\/www.cykloromantika.cz\/wp-content\/uploads\/2023\/06\/foto-2023-05-19-05-150x113.jpg\",\"orientation\":\"landscape\"},\"medium\":{\"height\":225,\"width\":300,\"url\":\"https:\/\/www.cykloromantika.cz\/wp-content\/uploads\/2023\/06\/foto-2023-05-19-05-300x225.jpg\",\"orientation\":\"landscape\"},\"full\":{\"url\":\"https:\/\/www.cykloromantika.cz\/wp-content\/uploads\/2023\/06\/foto-2023-05-19-05.jpg\",\"height\":768,\"width\":1024,\"orientation\":\"landscape\"}},\"imageMeta\":{\"aperture\":\"1.7\",\"credit\":\"\",\"camera\":\"SM-G955F\",\"caption\":\"\",\"created_timestamp\":\"1684519886\",\"copyright\":\"\",\"focal_length\":\"4.2\",\"iso\":\"40\",\"shutter_speed\":\"0.000796178343949\",\"title\":\"\",\"orientation\":\"0\",\"keywords\":[]},\"meta\":false,\"postlink\":\"https:\/\/www.cykloromantika.cz\/foto-2023-05-19-05\/\"},{\"id\":7853,\"title\":\"Foto 2023 05 19 06\",\"url\":\"https:\/\/www.cykloromantika.cz\/wp-content\/uploads\/2023\/06\/foto-2023-05-19-06.jpg\",\"link\":\"https:\/\/www.cykloromantika.cz\/foto-2023-05-19-06\/\",\"alt\":\"\",\"description\":\"\",\"caption\":\"Ledovec m\u011bl zav\u0159eno!\",\"mime\":\"image\/jpeg\",\"type\":\"image\",\"width\":1024,\"height\":683,\"sizes\":{\"thumbnail\":{\"height\":100,\"width\":150,\"url\":\"https:\/\/www.cykloromantika.cz\/wp-content\/uploads\/2023\/06\/foto-2023-05-19-06-150x100.jpg\",\"orientation\":\"landscape\"},\"medium\":{\"height\":200,\"width\":300,\"url\":\"https:\/\/www.cykloromantika.cz\/wp-content\/uploads\/2023\/06\/foto-2023-05-19-06-300x200.jpg\",\"orientation\":\"landscape\"},\"full\":{\"url\":\"https:\/\/www.cykloromantika.cz\/wp-content\/uploads\/2023\/06\/foto-2023-05-19-06.jpg\",\"height\":683,\"width\":1024,\"orientation\":\"landscape\"}},\"imageMeta\":{\"aperture\":\"1.7\",\"credit\":\"\",\"camera\":\"SM-G955F\",\"caption\":\"\",\"created_timestamp\":\"1684520565\",\"copyright\":\"\",\"focal_length\":\"4.2\",\"iso\":\"40\",\"shutter_speed\":\"0.0010395010395\",\"title\":\"\",\"orientation\":\"0\",\"keywords\":[]},\"meta\":false,\"postlink\":\"https:\/\/www.cykloromantika.cz\/foto-2023-05-19-06\/\"},{\"id\":7854,\"title\":\"Foto 2023 05 19 07\",\"url\":\"https:\/\/www.cykloromantika.cz\/wp-content\/uploads\/2023\/06\/foto-2023-05-19-07.jpg\",\"link\":\"https:\/\/www.cykloromantika.cz\/foto-2023-05-19-07\/\",\"alt\":\"\",\"description\":\"\",\"caption\":\"Jak d\u00e1le? (Bumb\u00e1lka)\",\"mime\":\"image\/jpeg\",\"type\":\"image\",\"width\":1024,\"height\":768,\"sizes\":{\"thumbnail\":{\"height\":113,\"width\":150,\"url\":\"https:\/\/www.cykloromantika.cz\/wp-content\/uploads\/2023\/06\/foto-2023-05-19-07-150x113.jpg\",\"orientation\":\"landscape\"},\"medium\":{\"height\":225,\"width\":300,\"url\":\"https:\/\/www.cykloromantika.cz\/wp-content\/uploads\/2023\/06\/foto-2023-05-19-07-300x225.jpg\",\"orientation\":\"landscape\"},\"full\":{\"url\":\"https:\/\/www.cykloromantika.cz\/wp-content\/uploads\/2023\/06\/foto-2023-05-19-07.jpg\",\"height\":768,\"width\":1024,\"orientation\":\"landscape\"}},\"imageMeta\":{\"aperture\":\"1.7\",\"credit\":\"\",\"camera\":\"SM-G955F\",\"caption\":\"\",\"created_timestamp\":\"1684523418\",\"copyright\":\"\",\"focal_length\":\"4.2\",\"iso\":\"40\",\"shutter_speed\":\"0.00636942675159\",\"title\":\"\",\"orientation\":\"0\",\"keywords\":[]},\"meta\":false,\"postlink\":\"https:\/\/www.cykloromantika.cz\/foto-2023-05-19-07\/\"},{\"id\":7855,\"title\":\"Foto 2023 05 19 08\",\"url\":\"https:\/\/www.cykloromantika.cz\/wp-content\/uploads\/2023\/06\/foto-2023-05-19-08.jpg\",\"link\":\"https:\/\/www.cykloromantika.cz\/foto-2023-05-19-08\/\",\"alt\":\"\",\"description\":\"\",\"caption\":\"\",\"mime\":\"image\/jpeg\",\"type\":\"image\",\"width\":1024,\"height\":683,\"sizes\":{\"thumbnail\":{\"height\":100,\"width\":150,\"url\":\"https:\/\/www.cykloromantika.cz\/wp-content\/uploads\/2023\/06\/foto-2023-05-19-08-150x100.jpg\",\"orientation\":\"landscape\"},\"medium\":{\"height\":200,\"width\":300,\"url\":\"https:\/\/www.cykloromantika.cz\/wp-content\/uploads\/2023\/06\/foto-2023-05-19-08-300x200.jpg\",\"orientation\":\"landscape\"},\"full\":{\"url\":\"https:\/\/www.cykloromantika.cz\/wp-content\/uploads\/2023\/06\/foto-2023-05-19-08.jpg\",\"height\":683,\"width\":1024,\"orientation\":\"landscape\"}},\"imageMeta\":{\"aperture\":\"1.7\",\"credit\":\"\",\"camera\":\"SM-G955F\",\"caption\":\"\",\"created_timestamp\":\"1684523433\",\"copyright\":\"\",\"focal_length\":\"4.2\",\"iso\":\"40\",\"shutter_speed\":\"0.00641025641026\",\"title\":\"\",\"orientation\":\"0\",\"keywords\":[]},\"meta\":false,\"postlink\":\"https:\/\/www.cykloromantika.cz\/foto-2023-05-19-08\/\"},{\"id\":7856,\"title\":\"Foto 2023 05 19 09\",\"url\":\"https:\/\/www.cykloromantika.cz\/wp-content\/uploads\/2023\/06\/foto-2023-05-19-09.jpg\",\"link\":\"https:\/\/www.cykloromantika.cz\/foto-2023-05-19-09\/\",\"alt\":\"\",\"description\":\"\",\"caption\":\"\",\"mime\":\"image\/jpeg\",\"type\":\"image\",\"width\":768,\"height\":1024,\"sizes\":{\"thumbnail\":{\"height\":150,\"width\":113,\"url\":\"https:\/\/www.cykloromantika.cz\/wp-content\/uploads\/2023\/06\/foto-2023-05-19-09-113x150.jpg\",\"orientation\":\"portrait\"},\"medium\":{\"height\":300,\"width\":225,\"url\":\"https:\/\/www.cykloromantika.cz\/wp-content\/uploads\/2023\/06\/foto-2023-05-19-09-225x300.jpg\",\"orientation\":\"portrait\"},\"full\":{\"url\":\"https:\/\/www.cykloromantika.cz\/wp-content\/uploads\/2023\/06\/foto-2023-05-19-09.jpg\",\"height\":1024,\"width\":768,\"orientation\":\"portrait\"}},\"imageMeta\":{\"aperture\":\"1.7\",\"credit\":\"\",\"camera\":\"SM-G955F\",\"caption\":\"\",\"created_timestamp\":\"1684525642\",\"copyright\":\"\",\"focal_length\":\"4.2\",\"iso\":\"160\",\"shutter_speed\":\"0.030303030303\",\"title\":\"\",\"orientation\":\"0\",\"keywords\":[]},\"meta\":false,\"postlink\":\"https:\/\/www.cykloromantika.cz\/foto-2023-05-19-09\/\"},{\"id\":7857,\"title\":\"Foto 2023 05 19 10\",\"url\":\"https:\/\/www.cykloromantika.cz\/wp-content\/uploads\/2023\/06\/foto-2023-05-19-10.jpg\",\"link\":\"https:\/\/www.cykloromantika.cz\/foto-2023-05-19-10\/\",\"alt\":\"\",\"description\":\"\",\"caption\":\"Ubytov\u00e1n\u00ed v are\u00e1lu Leskov\u00e9 ve Velk\u00fdch Karlovic\u00edch\",\"mime\":\"image\/jpeg\",\"type\":\"image\",\"width\":1024,\"height\":768,\"sizes\":{\"thumbnail\":{\"height\":113,\"width\":150,\"url\":\"https:\/\/www.cykloromantika.cz\/wp-content\/uploads\/2023\/06\/foto-2023-05-19-10-150x113.jpg\",\"orientation\":\"landscape\"},\"medium\":{\"height\":225,\"width\":300,\"url\":\"https:\/\/www.cykloromantika.cz\/wp-content\/uploads\/2023\/06\/foto-2023-05-19-10-300x225.jpg\",\"orientation\":\"landscape\"},\"full\":{\"url\":\"https:\/\/www.cykloromantika.cz\/wp-content\/uploads\/2023\/06\/foto-2023-05-19-10.jpg\",\"height\":768,\"width\":1024,\"orientation\":\"landscape\"}},\"imageMeta\":{\"aperture\":\"1.7\",\"credit\":\"\",\"camera\":\"SM-G955F\",\"caption\":\"\",\"created_timestamp\":\"1684525845\",\"copyright\":\"\",\"focal_length\":\"4.2\",\"iso\":\"80\",\"shutter_speed\":\"0.02\",\"title\":\"\",\"orientation\":\"0\",\"keywords\":[]},\"meta\":false,\"postlink\":\"https:\/\/www.cykloromantika.cz\/foto-2023-05-19-10\/\"},{\"id\":7858,\"title\":\"Foto 2023 05 19 11\",\"url\":\"https:\/\/www.cykloromantika.cz\/wp-content\/uploads\/2023\/06\/foto-2023-05-19-11.jpg\",\"link\":\"https:\/\/www.cykloromantika.cz\/foto-2023-05-19-11\/\",\"alt\":\"\",\"description\":\"\",\"caption\":\"Zaslou\u017een\u00e1 ve\u010de\u0159e \u2013 Karlovsk\u00fd pivovar Pod Pralesem\",\"mime\":\"image\/jpeg\",\"type\":\"image\",\"width\":1024,\"height\":768,\"sizes\":{\"thumbnail\":{\"height\":113,\"width\":150,\"url\":\"https:\/\/www.cykloromantika.cz\/wp-content\/uploads\/2023\/06\/foto-2023-05-19-11-150x113.jpg\",\"orientation\":\"landscape\"},\"medium\":{\"height\":225,\"width\":300,\"url\":\"https:\/\/www.cykloromantika.cz\/wp-content\/uploads\/2023\/06\/foto-2023-05-19-11-300x225.jpg\",\"orientation\":\"landscape\"},\"full\":{\"url\":\"https:\/\/www.cykloromantika.cz\/wp-content\/uploads\/2023\/06\/foto-2023-05-19-11.jpg\",\"height\":768,\"width\":1024,\"orientation\":\"landscape\"}},\"imageMeta\":{\"aperture\":\"1.7\",\"credit\":\"\",\"camera\":\"SM-G955F\",\"caption\":\"\",\"created_timestamp\":\"1684526508\",\"copyright\":\"\",\"focal_length\":\"4.2\",\"iso\":\"200\",\"shutter_speed\":\"0.037037037037\",\"title\":\"\",\"orientation\":\"0\",\"keywords\":[]},\"meta\":false,\"postlink\":\"https:\/\/www.cykloromantika.cz\/foto-2023-05-19-11\/\"},{\"id\":7859,\"title\":\"Foto 2023 05 19 12\",\"url\":\"https:\/\/www.cykloromantika.cz\/wp-content\/uploads\/2023\/06\/foto-2023-05-19-12.jpg\",\"link\":\"https:\/\/www.cykloromantika.cz\/foto-2023-05-19-12\/\",\"alt\":\"\",\"description\":\"\",\"caption\":\"Op\u011bt Bob\u016fv gastro-pr\u016fvodce \u2013 halu\u0161ky\",\"mime\":\"image\/jpeg\",\"type\":\"image\",\"width\":768,\"height\":1024,\"sizes\":{\"thumbnail\":{\"height\":150,\"width\":113,\"url\":\"https:\/\/www.cykloromantika.cz\/wp-content\/uploads\/2023\/06\/foto-2023-05-19-12-113x150.jpg\",\"orientation\":\"portrait\"},\"medium\":{\"height\":300,\"width\":225,\"url\":\"https:\/\/www.cykloromantika.cz\/wp-content\/uploads\/2023\/06\/foto-2023-05-19-12-225x300.jpg\",\"orientation\":\"portrait\"},\"full\":{\"url\":\"https:\/\/www.cykloromantika.cz\/wp-content\/uploads\/2023\/06\/foto-2023-05-19-12.jpg\",\"height\":1024,\"width\":768,\"orientation\":\"portrait\"}},\"imageMeta\":{\"aperture\":\"1.7\",\"credit\":\"\",\"camera\":\"SM-G955F\",\"caption\":\"\",\"created_timestamp\":\"1684527412\",\"copyright\":\"\",\"focal_length\":\"4.2\",\"iso\":\"200\",\"shutter_speed\":\"0.030303030303\",\"title\":\"\",\"orientation\":\"0\",\"keywords\":[]},\"meta\":false,\"postlink\":\"https:\/\/www.cykloromantika.cz\/foto-2023-05-19-12\/\"},{\"id\":7860,\"title\":\"Foto 2023 05 19 13\",\"url\":\"https:\/\/www.cykloromantika.cz\/wp-content\/uploads\/2023\/06\/foto-2023-05-19-13.jpg\",\"link\":\"https:\/\/www.cykloromantika.cz\/foto-2023-05-19-13\/\",\"alt\":\"\",\"description\":\"\",\"caption\":\"\u0160kvarkov\u00e1 pomaz\u00e1nka na z\u00e1v\u011b\u0159\",\"mime\":\"image\/jpeg\",\"type\":\"image\",\"width\":1024,\"height\":768,\"sizes\":{\"thumbnail\":{\"height\":113,\"width\":150,\"url\":\"https:\/\/www.cykloromantika.cz\/wp-content\/uploads\/2023\/06\/foto-2023-05-19-13-150x113.jpg\",\"orientation\":\"landscape\"},\"medium\":{\"height\":225,\"width\":300,\"url\":\"https:\/\/www.cykloromantika.cz\/wp-content\/uploads\/2023\/06\/foto-2023-05-19-13-300x225.jpg\",\"orientation\":\"landscape\"},\"full\":{\"url\":\"https:\/\/www.cykloromantika.cz\/wp-content\/uploads\/2023\/06\/foto-2023-05-19-13.jpg\",\"height\":768,\"width\":1024,\"orientation\":\"landscape\"}},\"imageMeta\":{\"aperture\":\"1.7\",\"credit\":\"\",\"camera\":\"SM-G955F\",\"caption\":\"\",\"created_timestamp\":\"1684529449\",\"copyright\":\"\",\"focal_length\":\"4.2\",\"iso\":\"200\",\"shutter_speed\":\"0.0384615384615\",\"title\":\"\",\"orientation\":\"0\",\"keywords\":[]},\"meta\":false,\"postlink\":\"https:\/\/www.cykloromantika.cz\/foto-2023-05-19-13\/\"},{\"id\":7861,\"title\":\"Foto 2023 05 19 14\",\"url\":\"https:\/\/www.cykloromantika.cz\/wp-content\/uploads\/2023\/06\/foto-2023-05-19-14.jpg\",\"link\":\"https:\/\/www.cykloromantika.cz\/foto-2023-05-19-14\/\",\"alt\":\"\",\"description\":\"\",\"caption\":\"No\u010dn\u00ed n\u00e1vrat \u2013 snad se dostaneme dovnit\u0159!\",\"mime\":\"image\/jpeg\",\"type\":\"image\",\"width\":768,\"height\":1024,\"sizes\":{\"thumbnail\":{\"height\":150,\"width\":113,\"url\":\"https:\/\/www.cykloromantika.cz\/wp-content\/uploads\/2023\/06\/foto-2023-05-19-14-113x150.jpg\",\"orientation\":\"portrait\"},\"medium\":{\"height\":300,\"width\":225,\"url\":\"https:\/\/www.cykloromantika.cz\/wp-content\/uploads\/2023\/06\/foto-2023-05-19-14-225x300.jpg\",\"orientation\":\"portrait\"},\"full\":{\"url\":\"https:\/\/www.cykloromantika.cz\/wp-content\/uploads\/2023\/06\/foto-2023-05-19-14.jpg\",\"height\":1024,\"width\":768,\"orientation\":\"portrait\"}},\"imageMeta\":{\"aperture\":\"1.7\",\"credit\":\"\",\"camera\":\"SM-G955F\",\"caption\":\"\",\"created_timestamp\":\"1684541649\",\"copyright\":\"\",\"focal_length\":\"4.2\",\"iso\":\"125\",\"shutter_speed\":\"0.0416666666667\",\"title\":\"\",\"orientation\":\"0\",\"keywords\":[]},\"meta\":false,\"postlink\":\"https:\/\/www.cykloromantika.cz\/foto-2023-05-19-14\/\"},{\"id\":7862,\"title\":\"Foto 2023 05 19 15\",\"url\":\"https:\/\/www.cykloromantika.cz\/wp-content\/uploads\/2023\/06\/foto-2023-05-19-15.jpg\",\"link\":\"https:\/\/www.cykloromantika.cz\/foto-2023-05-19-15\/\",\"alt\":\"\",\"description\":\"\",\"caption\":\"Dostali jsme se tam!\",\"mime\":\"image\/jpeg\",\"type\":\"image\",\"width\":768,\"height\":1024,\"sizes\":{\"thumbnail\":{\"height\":150,\"width\":113,\"url\":\"https:\/\/www.cykloromantika.cz\/wp-content\/uploads\/2023\/06\/foto-2023-05-19-15-113x150.jpg\",\"orientation\":\"portrait\"},\"medium\":{\"height\":300,\"width\":225,\"url\":\"https:\/\/www.cykloromantika.cz\/wp-content\/uploads\/2023\/06\/foto-2023-05-19-15-225x300.jpg\",\"orientation\":\"portrait\"},\"full\":{\"url\":\"https:\/\/www.cykloromantika.cz\/wp-content\/uploads\/2023\/06\/foto-2023-05-19-15.jpg\",\"height\":1024,\"width\":768,\"orientation\":\"portrait\"}},\"imageMeta\":{\"aperture\":\"1.7\",\"credit\":\"\",\"camera\":\"SM-G955F\",\"caption\":\"\",\"created_timestamp\":\"1684541723\",\"copyright\":\"\",\"focal_length\":\"4.2\",\"iso\":\"125\",\"shutter_speed\":\"0.1\",\"title\":\"\",\"orientation\":\"0\",\"keywords\":[]},\"meta\":false,\"postlink\":\"https:\/\/www.cykloromantika.cz\/foto-2023-05-19-15\/\"},{\"id\":7863,\"title\":\"Foto 2023 05 19 18\",\"url\":\"https:\/\/www.cykloromantika.cz\/wp-content\/uploads\/2023\/06\/foto-2023-05-19-18.jpg\",\"link\":\"https:\/\/www.cykloromantika.cz\/foto-2023-05-19-18\/\",\"alt\":\"\",\"description\":\"\",\"caption\":\"Pom\u011b\u0159ov\u00e1n\u00ed...\",\"mime\":\"image\/jpeg\",\"type\":\"image\",\"width\":768,\"height\":1024,\"sizes\":{\"thumbnail\":{\"height\":150,\"width\":113,\"url\":\"https:\/\/www.cykloromantika.cz\/wp-content\/uploads\/2023\/06\/foto-2023-05-19-18-113x150.jpg\",\"orientation\":\"portrait\"},\"medium\":{\"height\":300,\"width\":225,\"url\":\"https:\/\/www.cykloromantika.cz\/wp-content\/uploads\/2023\/06\/foto-2023-05-19-18-225x300.jpg\",\"orientation\":\"portrait\"},\"full\":{\"url\":\"https:\/\/www.cykloromantika.cz\/wp-content\/uploads\/2023\/06\/foto-2023-05-19-18.jpg\",\"height\":1024,\"width\":768,\"orientation\":\"portrait\"}},\"imageMeta\":{\"aperture\":\"1.7\",\"credit\":\"\",\"camera\":\"SM-G955F\",\"caption\":\"\",\"created_timestamp\":\"1684544536\",\"copyright\":\"\",\"focal_length\":\"4.2\",\"iso\":\"200\",\"shutter_speed\":\"0.030303030303\",\"title\":\"\",\"orientation\":\"0\",\"keywords\":[]},\"meta\":false,\"postlink\":\"https:\/\/www.cykloromantika.cz\/foto-2023-05-19-18\/\"},{\"id\":7864,\"title\":\"Foto 2023 05 20 01\",\"url\":\"https:\/\/www.cykloromantika.cz\/wp-content\/uploads\/2023\/06\/foto-2023-05-20-01.jpg\",\"link\":\"https:\/\/www.cykloromantika.cz\/foto-2023-05-20-01\/\",\"alt\":\"\",\"description\":\"\",\"caption\":\"Trochu v\u00e1\u017en\u00e1 sn\u00eddan\u011b\",\"mime\":\"image\/jpeg\",\"type\":\"image\",\"width\":1024,\"height\":768,\"sizes\":{\"thumbnail\":{\"height\":113,\"width\":150,\"url\":\"https:\/\/www.cykloromantika.cz\/wp-content\/uploads\/2023\/06\/foto-2023-05-20-01-150x113.jpg\",\"orientation\":\"landscape\"},\"medium\":{\"height\":225,\"width\":300,\"url\":\"https:\/\/www.cykloromantika.cz\/wp-content\/uploads\/2023\/06\/foto-2023-05-20-01-300x225.jpg\",\"orientation\":\"landscape\"},\"full\":{\"url\":\"https:\/\/www.cykloromantika.cz\/wp-content\/uploads\/2023\/06\/foto-2023-05-20-01.jpg\",\"height\":768,\"width\":1024,\"orientation\":\"landscape\"}},\"imageMeta\":{\"aperture\":\"1.7\",\"credit\":\"\",\"camera\":\"SM-G955F\",\"caption\":\"\",\"created_timestamp\":\"1684569241\",\"copyright\":\"\",\"focal_length\":\"4.2\",\"iso\":\"125\",\"shutter_speed\":\"0.0166666666667\",\"title\":\"\",\"orientation\":\"0\",\"keywords\":[]},\"meta\":false,\"postlink\":\"https:\/\/www.cykloromantika.cz\/foto-2023-05-20-01\/\"},{\"id\":7865,\"title\":\"Foto 2023 05 20 02\",\"url\":\"https:\/\/www.cykloromantika.cz\/wp-content\/uploads\/2023\/06\/foto-2023-05-20-02.jpg\",\"link\":\"https:\/\/www.cykloromantika.cz\/foto-2023-05-20-02\/\",\"alt\":\"\",\"description\":\"\",\"caption\":\"Rann\u00ed siesta\",\"mime\":\"image\/jpeg\",\"type\":\"image\",\"width\":1024,\"height\":768,\"sizes\":{\"thumbnail\":{\"height\":113,\"width\":150,\"url\":\"https:\/\/www.cykloromantika.cz\/wp-content\/uploads\/2023\/06\/foto-2023-05-20-02-150x113.jpg\",\"orientation\":\"landscape\"},\"medium\":{\"height\":225,\"width\":300,\"url\":\"https:\/\/www.cykloromantika.cz\/wp-content\/uploads\/2023\/06\/foto-2023-05-20-02-300x225.jpg\",\"orientation\":\"landscape\"},\"full\":{\"url\":\"https:\/\/www.cykloromantika.cz\/wp-content\/uploads\/2023\/06\/foto-2023-05-20-02.jpg\",\"height\":768,\"width\":1024,\"orientation\":\"landscape\"}},\"imageMeta\":{\"aperture\":\"1.7\",\"credit\":\"\",\"camera\":\"SM-G955F\",\"caption\":\"\",\"created_timestamp\":\"1684572343\",\"copyright\":\"\",\"focal_length\":\"4.2\",\"iso\":\"40\",\"shutter_speed\":\"0.000816993464052\",\"title\":\"\",\"orientation\":\"0\",\"keywords\":[]},\"meta\":false,\"postlink\":\"https:\/\/www.cykloromantika.cz\/foto-2023-05-20-02\/\"},{\"id\":7866,\"title\":\"Foto 2023 05 20 03\",\"url\":\"https:\/\/www.cykloromantika.cz\/wp-content\/uploads\/2023\/06\/foto-2023-05-20-03.jpg\",\"link\":\"https:\/\/www.cykloromantika.cz\/foto-2023-05-20-03\/\",\"alt\":\"\",\"description\":\"\",\"caption\":\"Vyj\u00ed\u017ed\u00edme z Leskov\u00e9ho\",\"mime\":\"image\/jpeg\",\"type\":\"image\",\"width\":1024,\"height\":768,\"sizes\":{\"thumbnail\":{\"height\":113,\"width\":150,\"url\":\"https:\/\/www.cykloromantika.cz\/wp-content\/uploads\/2023\/06\/foto-2023-05-20-03-150x113.jpg\",\"orientation\":\"landscape\"},\"medium\":{\"height\":225,\"width\":300,\"url\":\"https:\/\/www.cykloromantika.cz\/wp-content\/uploads\/2023\/06\/foto-2023-05-20-03-300x225.jpg\",\"orientation\":\"landscape\"},\"full\":{\"url\":\"https:\/\/www.cykloromantika.cz\/wp-content\/uploads\/2023\/06\/foto-2023-05-20-03.jpg\",\"height\":768,\"width\":1024,\"orientation\":\"landscape\"}},\"imageMeta\":{\"aperture\":\"1.7\",\"credit\":\"\",\"camera\":\"SM-G955F\",\"caption\":\"\",\"created_timestamp\":\"1684575376\",\"copyright\":\"\",\"focal_length\":\"4.2\",\"iso\":\"40\",\"shutter_speed\":\"0.000892857142857\",\"title\":\"\",\"orientation\":\"0\",\"keywords\":[]},\"meta\":false,\"postlink\":\"https:\/\/www.cykloromantika.cz\/foto-2023-05-20-03\/\"},{\"id\":7867,\"title\":\"Foto 2023 05 20 04\",\"url\":\"https:\/\/www.cykloromantika.cz\/wp-content\/uploads\/2023\/06\/foto-2023-05-20-04.jpg\",\"link\":\"https:\/\/www.cykloromantika.cz\/foto-2023-05-20-04\/\",\"alt\":\"\",\"description\":\"\",\"caption\":\"COOP n\u00e1m nab\u00eddnul sn\u00edda\u0148ov\u00e9 menu.\",\"mime\":\"image\/jpeg\",\"type\":\"image\",\"width\":1024,\"height\":768,\"sizes\":{\"thumbnail\":{\"height\":113,\"width\":150,\"url\":\"https:\/\/www.cykloromantika.cz\/wp-content\/uploads\/2023\/06\/foto-2023-05-20-04-150x113.jpg\",\"orientation\":\"landscape\"},\"medium\":{\"height\":225,\"width\":300,\"url\":\"https:\/\/www.cykloromantika.cz\/wp-content\/uploads\/2023\/06\/foto-2023-05-20-04-300x225.jpg\",\"orientation\":\"landscape\"},\"full\":{\"url\":\"https:\/\/www.cykloromantika.cz\/wp-content\/uploads\/2023\/06\/foto-2023-05-20-04.jpg\",\"height\":768,\"width\":1024,\"orientation\":\"landscape\"}},\"imageMeta\":{\"aperture\":\"1.7\",\"credit\":\"\",\"camera\":\"SM-G955F\",\"caption\":\"\",\"created_timestamp\":\"1684575399\",\"copyright\":\"\",\"focal_length\":\"4.2\",\"iso\":\"40\",\"shutter_speed\":\"0.000431034482759\",\"title\":\"\",\"orientation\":\"0\",\"keywords\":[]},\"meta\":false,\"postlink\":\"https:\/\/www.cykloromantika.cz\/foto-2023-05-20-04\/\"},{\"id\":7868,\"title\":\"Foto 2023 05 20 05\",\"url\":\"https:\/\/www.cykloromantika.cz\/wp-content\/uploads\/2023\/06\/foto-2023-05-20-05.jpg\",\"link\":\"https:\/\/www.cykloromantika.cz\/foto-2023-05-20-05\/\",\"alt\":\"\",\"description\":\"\",\"caption\":\"Kaple sv. Cyrila a Metod\u011bje\",\"mime\":\"image\/jpeg\",\"type\":\"image\",\"width\":768,\"height\":1024,\"sizes\":{\"thumbnail\":{\"height\":150,\"width\":113,\"url\":\"https:\/\/www.cykloromantika.cz\/wp-content\/uploads\/2023\/06\/foto-2023-05-20-05-113x150.jpg\",\"orientation\":\"portrait\"},\"medium\":{\"height\":300,\"width\":225,\"url\":\"https:\/\/www.cykloromantika.cz\/wp-content\/uploads\/2023\/06\/foto-2023-05-20-05-225x300.jpg\",\"orientation\":\"portrait\"},\"full\":{\"url\":\"https:\/\/www.cykloromantika.cz\/wp-content\/uploads\/2023\/06\/foto-2023-05-20-05.jpg\",\"height\":1024,\"width\":768,\"orientation\":\"portrait\"}},\"imageMeta\":{\"aperture\":\"1.7\",\"credit\":\"\",\"camera\":\"SM-G955F\",\"caption\":\"\",\"created_timestamp\":\"1684575822\",\"copyright\":\"\",\"focal_length\":\"4.2\",\"iso\":\"40\",\"shutter_speed\":\"0.000570776255708\",\"title\":\"\",\"orientation\":\"0\",\"keywords\":[]},\"meta\":false,\"postlink\":\"https:\/\/www.cykloromantika.cz\/foto-2023-05-20-05\/\"},{\"id\":7869,\"title\":\"Foto 2023 05 20 06\",\"url\":\"https:\/\/www.cykloromantika.cz\/wp-content\/uploads\/2023\/06\/foto-2023-05-20-06.jpg\",\"link\":\"https:\/\/www.cykloromantika.cz\/foto-2023-05-20-06\/\",\"alt\":\"\",\"description\":\"\",\"caption\":\"Karlovsk\u00e9 fojtstv\u00ed z roku 1793\",\"mime\":\"image\/jpeg\",\"type\":\"image\",\"width\":1024,\"height\":768,\"sizes\":{\"thumbnail\":{\"height\":113,\"width\":150,\"url\":\"https:\/\/www.cykloromantika.cz\/wp-content\/uploads\/2023\/06\/foto-2023-05-20-06-150x113.jpg\",\"orientation\":\"landscape\"},\"medium\":{\"height\":225,\"width\":300,\"url\":\"https:\/\/www.cykloromantika.cz\/wp-content\/uploads\/2023\/06\/foto-2023-05-20-06-300x225.jpg\",\"orientation\":\"landscape\"},\"full\":{\"url\":\"https:\/\/www.cykloromantika.cz\/wp-content\/uploads\/2023\/06\/foto-2023-05-20-06.jpg\",\"height\":768,\"width\":1024,\"orientation\":\"landscape\"}},\"imageMeta\":{\"aperture\":\"1.7\",\"credit\":\"\",\"camera\":\"SM-G955F\",\"caption\":\"\",\"created_timestamp\":\"1684579840\",\"copyright\":\"\",\"focal_length\":\"4.2\",\"iso\":\"40\",\"shutter_speed\":\"0.00036443148688\",\"title\":\"\",\"orientation\":\"0\",\"keywords\":[]},\"meta\":false,\"postlink\":\"https:\/\/www.cykloromantika.cz\/foto-2023-05-20-06\/\"},{\"id\":7870,\"title\":\"Foto 2023 05 20 07\",\"url\":\"https:\/\/www.cykloromantika.cz\/wp-content\/uploads\/2023\/06\/foto-2023-05-20-07.jpg\",\"link\":\"https:\/\/www.cykloromantika.cz\/foto-2023-05-20-07\/\",\"alt\":\"\",\"description\":\"\",\"caption\":\"Du\u0161\u00edk vid\u011bl pr\u00e1ci \u2013 postoj nutn\u00e9 vylep\u0161it!\",\"mime\":\"image\/jpeg\",\"type\":\"image\",\"width\":768,\"height\":1024,\"sizes\":{\"thumbnail\":{\"height\":150,\"width\":113,\"url\":\"https:\/\/www.cykloromantika.cz\/wp-content\/uploads\/2023\/06\/foto-2023-05-20-07-113x150.jpg\",\"orientation\":\"portrait\"},\"medium\":{\"height\":300,\"width\":225,\"url\":\"https:\/\/www.cykloromantika.cz\/wp-content\/uploads\/2023\/06\/foto-2023-05-20-07-225x300.jpg\",\"orientation\":\"portrait\"},\"full\":{\"url\":\"https:\/\/www.cykloromantika.cz\/wp-content\/uploads\/2023\/06\/foto-2023-05-20-07.jpg\",\"height\":1024,\"width\":768,\"orientation\":\"portrait\"}},\"imageMeta\":{\"aperture\":\"1.7\",\"credit\":\"\",\"camera\":\"SM-G955F\",\"caption\":\"\",\"created_timestamp\":\"1684579855\",\"copyright\":\"\",\"focal_length\":\"4.2\",\"iso\":\"40\",\"shutter_speed\":\"0.00210526315789\",\"title\":\"\",\"orientation\":\"0\",\"keywords\":[]},\"meta\":false,\"postlink\":\"https:\/\/www.cykloromantika.cz\/foto-2023-05-20-07\/\"},{\"id\":7871,\"title\":\"Foto 2023 05 20 08\",\"url\":\"https:\/\/www.cykloromantika.cz\/wp-content\/uploads\/2023\/06\/foto-2023-05-20-08.jpg\",\"link\":\"https:\/\/www.cykloromantika.cz\/foto-2023-05-20-08\/\",\"alt\":\"\",\"description\":\"\",\"caption\":\"Karlovsk\u00e9 fojtstv\u00ed \u2013 Du\u0161\u00edk odhodil hr\u00e1b\u011b po p\u0159\u00edchodu pan\u00ed majitelky.\",\"mime\":\"image\/jpeg\",\"type\":\"image\",\"width\":1024,\"height\":768,\"sizes\":{\"thumbnail\":{\"height\":113,\"width\":150,\"url\":\"https:\/\/www.cykloromantika.cz\/wp-content\/uploads\/2023\/06\/foto-2023-05-20-08-150x113.jpg\",\"orientation\":\"landscape\"},\"medium\":{\"height\":225,\"width\":300,\"url\":\"https:\/\/www.cykloromantika.cz\/wp-content\/uploads\/2023\/06\/foto-2023-05-20-08-300x225.jpg\",\"orientation\":\"landscape\"},\"full\":{\"url\":\"https:\/\/www.cykloromantika.cz\/wp-content\/uploads\/2023\/06\/foto-2023-05-20-08.jpg\",\"height\":768,\"width\":1024,\"orientation\":\"landscape\"}},\"imageMeta\":{\"aperture\":\"1.7\",\"credit\":\"\",\"camera\":\"SM-G955F\",\"caption\":\"\",\"created_timestamp\":\"1684579911\",\"copyright\":\"\",\"focal_length\":\"4.2\",\"iso\":\"40\",\"shutter_speed\":\"0.00093984962406\",\"title\":\"\",\"orientation\":\"0\",\"keywords\":[]},\"meta\":false,\"postlink\":\"https:\/\/www.cykloromantika.cz\/foto-2023-05-20-08\/\"},{\"id\":7872,\"title\":\"Foto 2023 05 20 09\",\"url\":\"https:\/\/www.cykloromantika.cz\/wp-content\/uploads\/2023\/06\/foto-2023-05-20-09.jpg\",\"link\":\"https:\/\/www.cykloromantika.cz\/foto-2023-05-20-09\/\",\"alt\":\"\",\"description\":\"\",\"caption\":\"Stoup\u00e1me, tedy cht\u011bli jsme stoupat na Sol\u00e1\u0148.\",\"mime\":\"image\/jpeg\",\"type\":\"image\",\"width\":1024,\"height\":768,\"sizes\":{\"thumbnail\":{\"height\":113,\"width\":150,\"url\":\"https:\/\/www.cykloromantika.cz\/wp-content\/uploads\/2023\/06\/foto-2023-05-20-09-150x113.jpg\",\"orientation\":\"landscape\"},\"medium\":{\"height\":225,\"width\":300,\"url\":\"https:\/\/www.cykloromantika.cz\/wp-content\/uploads\/2023\/06\/foto-2023-05-20-09-300x225.jpg\",\"orientation\":\"landscape\"},\"full\":{\"url\":\"https:\/\/www.cykloromantika.cz\/wp-content\/uploads\/2023\/06\/foto-2023-05-20-09.jpg\",\"height\":768,\"width\":1024,\"orientation\":\"landscape\"}},\"imageMeta\":{\"aperture\":\"1.7\",\"credit\":\"\",\"camera\":\"SM-G955F\",\"caption\":\"\",\"created_timestamp\":\"1684580870\",\"copyright\":\"\",\"focal_length\":\"4.2\",\"iso\":\"40\",\"shutter_speed\":\"0.000961538461538\",\"title\":\"\",\"orientation\":\"0\",\"keywords\":[]},\"meta\":false,\"postlink\":\"https:\/\/www.cykloromantika.cz\/foto-2023-05-20-09\/\"},{\"id\":7873,\"title\":\"Foto 2023 05 20 10\",\"url\":\"https:\/\/www.cykloromantika.cz\/wp-content\/uploads\/2023\/06\/foto-2023-05-20-10.jpg\",\"link\":\"https:\/\/www.cykloromantika.cz\/foto-2023-05-20-10\/\",\"alt\":\"\",\"description\":\"\",\"caption\":\"Kdo by cht\u011bl do Krkono\u0161, kdy\u017e m\u00e1 Beskydy?\",\"mime\":\"image\/jpeg\",\"type\":\"image\",\"width\":768,\"height\":1024,\"sizes\":{\"thumbnail\":{\"height\":150,\"width\":113,\"url\":\"https:\/\/www.cykloromantika.cz\/wp-content\/uploads\/2023\/06\/foto-2023-05-20-10-113x150.jpg\",\"orientation\":\"portrait\"},\"medium\":{\"height\":300,\"width\":225,\"url\":\"https:\/\/www.cykloromantika.cz\/wp-content\/uploads\/2023\/06\/foto-2023-05-20-10-225x300.jpg\",\"orientation\":\"portrait\"},\"full\":{\"url\":\"https:\/\/www.cykloromantika.cz\/wp-content\/uploads\/2023\/06\/foto-2023-05-20-10.jpg\",\"height\":1024,\"width\":768,\"orientation\":\"portrait\"}},\"imageMeta\":{\"aperture\":\"1.7\",\"credit\":\"\",\"camera\":\"SM-G955F\",\"caption\":\"\",\"created_timestamp\":\"1684581248\",\"copyright\":\"\",\"focal_length\":\"4.2\",\"iso\":\"40\",\"shutter_speed\":\"0.000961538461538\",\"title\":\"\",\"orientation\":\"0\",\"keywords\":[]},\"meta\":false,\"postlink\":\"https:\/\/www.cykloromantika.cz\/foto-2023-05-20-10\/\"},{\"id\":7874,\"title\":\"Foto 2023 05 20 11\",\"url\":\"https:\/\/www.cykloromantika.cz\/wp-content\/uploads\/2023\/06\/foto-2023-05-20-11.jpg\",\"link\":\"https:\/\/www.cykloromantika.cz\/foto-2023-05-20-11\/\",\"alt\":\"\",\"description\":\"\",\"caption\":\"\u00dadol\u00ed Bzov\u00e9ho potoka\",\"mime\":\"image\/jpeg\",\"type\":\"image\",\"width\":1024,\"height\":768,\"sizes\":{\"thumbnail\":{\"height\":113,\"width\":150,\"url\":\"https:\/\/www.cykloromantika.cz\/wp-content\/uploads\/2023\/06\/foto-2023-05-20-11-150x113.jpg\",\"orientation\":\"landscape\"},\"medium\":{\"height\":225,\"width\":300,\"url\":\"https:\/\/www.cykloromantika.cz\/wp-content\/uploads\/2023\/06\/foto-2023-05-20-11-300x225.jpg\",\"orientation\":\"landscape\"},\"full\":{\"url\":\"https:\/\/www.cykloromantika.cz\/wp-content\/uploads\/2023\/06\/foto-2023-05-20-11.jpg\",\"height\":768,\"width\":1024,\"orientation\":\"landscape\"}},\"imageMeta\":{\"aperture\":\"1.7\",\"credit\":\"\",\"camera\":\"SM-G955F\",\"caption\":\"\",\"created_timestamp\":\"1684581522\",\"copyright\":\"\",\"focal_length\":\"4.2\",\"iso\":\"40\",\"shutter_speed\":\"0.000324675324675\",\"title\":\"\",\"orientation\":\"0\",\"keywords\":[]},\"meta\":false,\"postlink\":\"https:\/\/www.cykloromantika.cz\/foto-2023-05-20-11\/\"},{\"id\":7875,\"title\":\"Foto 2023 05 20 12\",\"url\":\"https:\/\/www.cykloromantika.cz\/wp-content\/uploads\/2023\/06\/foto-2023-05-20-12.jpg\",\"link\":\"https:\/\/www.cykloromantika.cz\/foto-2023-05-20-12\/\",\"alt\":\"\",\"description\":\"\",\"caption\":\"U\u017e jsme naho\u0159e v\u0161ichni!\",\"mime\":\"image\/jpeg\",\"type\":\"image\",\"width\":1024,\"height\":768,\"sizes\":{\"thumbnail\":{\"height\":113,\"width\":150,\"url\":\"https:\/\/www.cykloromantika.cz\/wp-content\/uploads\/2023\/06\/foto-2023-05-20-12-150x113.jpg\",\"orientation\":\"landscape\"},\"medium\":{\"height\":225,\"width\":300,\"url\":\"https:\/\/www.cykloromantika.cz\/wp-content\/uploads\/2023\/06\/foto-2023-05-20-12-300x225.jpg\",\"orientation\":\"landscape\"},\"full\":{\"url\":\"https:\/\/www.cykloromantika.cz\/wp-content\/uploads\/2023\/06\/foto-2023-05-20-12.jpg\",\"height\":768,\"width\":1024,\"orientation\":\"landscape\"}},\"imageMeta\":{\"aperture\":\"1.7\",\"credit\":\"\",\"camera\":\"SM-G955F\",\"caption\":\"\",\"created_timestamp\":\"1684581904\",\"copyright\":\"\",\"focal_length\":\"4.2\",\"iso\":\"40\",\"shutter_speed\":\"0.000641025641026\",\"title\":\"\",\"orientation\":\"0\",\"keywords\":[]},\"meta\":false,\"postlink\":\"https:\/\/www.cykloromantika.cz\/foto-2023-05-20-12\/\"},{\"id\":7876,\"title\":\"Foto 2023 05 20 13\",\"url\":\"https:\/\/www.cykloromantika.cz\/wp-content\/uploads\/2023\/06\/foto-2023-05-20-13.jpg\",\"link\":\"https:\/\/www.cykloromantika.cz\/foto-2023-05-20-13\/\",\"alt\":\"\",\"description\":\"\",\"caption\":\"A d\u00e1l to asi nep\u016fjde!\",\"mime\":\"image\/jpeg\",\"type\":\"image\",\"width\":768,\"height\":1024,\"sizes\":{\"thumbnail\":{\"height\":150,\"width\":113,\"url\":\"https:\/\/www.cykloromantika.cz\/wp-content\/uploads\/2023\/06\/foto-2023-05-20-13-113x150.jpg\",\"orientation\":\"portrait\"},\"medium\":{\"height\":300,\"width\":225,\"url\":\"https:\/\/www.cykloromantika.cz\/wp-content\/uploads\/2023\/06\/foto-2023-05-20-13-225x300.jpg\",\"orientation\":\"portrait\"},\"full\":{\"url\":\"https:\/\/www.cykloromantika.cz\/wp-content\/uploads\/2023\/06\/foto-2023-05-20-13.jpg\",\"height\":1024,\"width\":768,\"orientation\":\"portrait\"}},\"imageMeta\":{\"aperture\":\"1.7\",\"credit\":\"\",\"camera\":\"SM-G955F\",\"caption\":\"\",\"created_timestamp\":\"1684582077\",\"copyright\":\"\",\"focal_length\":\"4.2\",\"iso\":\"40\",\"shutter_speed\":\"0.000816993464052\",\"title\":\"\",\"orientation\":\"0\",\"keywords\":[]},\"meta\":false,\"postlink\":\"https:\/\/www.cykloromantika.cz\/foto-2023-05-20-13\/\"},{\"id\":7877,\"title\":\"Foto 2023 05 20 14\",\"url\":\"https:\/\/www.cykloromantika.cz\/wp-content\/uploads\/2023\/06\/foto-2023-05-20-14.jpg\",\"link\":\"https:\/\/www.cykloromantika.cz\/foto-2023-05-20-14\/\",\"alt\":\"\",\"description\":\"\",\"caption\":\"\u00dadol\u00ed Bzov\u00e9\",\"mime\":\"image\/jpeg\",\"type\":\"image\",\"width\":1024,\"height\":768,\"sizes\":{\"thumbnail\":{\"height\":113,\"width\":150,\"url\":\"https:\/\/www.cykloromantika.cz\/wp-content\/uploads\/2023\/06\/foto-2023-05-20-14-150x113.jpg\",\"orientation\":\"landscape\"},\"medium\":{\"height\":225,\"width\":300,\"url\":\"https:\/\/www.cykloromantika.cz\/wp-content\/uploads\/2023\/06\/foto-2023-05-20-14-300x225.jpg\",\"orientation\":\"landscape\"},\"full\":{\"url\":\"https:\/\/www.cykloromantika.cz\/wp-content\/uploads\/2023\/06\/foto-2023-05-20-14.jpg\",\"height\":768,\"width\":1024,\"orientation\":\"landscape\"}},\"imageMeta\":{\"aperture\":\"1.7\",\"credit\":\"\",\"camera\":\"SM-G955F\",\"caption\":\"\",\"created_timestamp\":\"1684582095\",\"copyright\":\"\",\"focal_length\":\"4.2\",\"iso\":\"40\",\"shutter_speed\":\"0.000625\",\"title\":\"\",\"orientation\":\"0\",\"keywords\":[]},\"meta\":false,\"postlink\":\"https:\/\/www.cykloromantika.cz\/foto-2023-05-20-14\/\"},{\"id\":7878,\"title\":\"Foto 2023 05 20 15\",\"url\":\"https:\/\/www.cykloromantika.cz\/wp-content\/uploads\/2023\/06\/foto-2023-05-20-15.jpg\",\"link\":\"https:\/\/www.cykloromantika.cz\/foto-2023-05-20-15\/\",\"alt\":\"\",\"description\":\"\",\"caption\":\"D\u011bkujeme za ochutn\u00e1vku zaj\u00edmav\u00e9ho lik\u00e9ru!\",\"mime\":\"image\/jpeg\",\"type\":\"image\",\"width\":1024,\"height\":768,\"sizes\":{\"thumbnail\":{\"height\":113,\"width\":150,\"url\":\"https:\/\/www.cykloromantika.cz\/wp-content\/uploads\/2023\/06\/foto-2023-05-20-15-150x113.jpg\",\"orientation\":\"landscape\"},\"medium\":{\"height\":225,\"width\":300,\"url\":\"https:\/\/www.cykloromantika.cz\/wp-content\/uploads\/2023\/06\/foto-2023-05-20-15-300x225.jpg\",\"orientation\":\"landscape\"},\"full\":{\"url\":\"https:\/\/www.cykloromantika.cz\/wp-content\/uploads\/2023\/06\/foto-2023-05-20-15.jpg\",\"height\":768,\"width\":1024,\"orientation\":\"landscape\"}},\"imageMeta\":{\"aperture\":\"1.7\",\"credit\":\"\",\"camera\":\"SM-G955F\",\"caption\":\"\",\"created_timestamp\":\"1684582129\",\"copyright\":\"\",\"focal_length\":\"4.2\",\"iso\":\"40\",\"shutter_speed\":\"0.000889679715302\",\"title\":\"\",\"orientation\":\"0\",\"keywords\":[]},\"meta\":false,\"postlink\":\"https:\/\/www.cykloromantika.cz\/foto-2023-05-20-15\/\"},{\"id\":7879,\"title\":\"Foto 2023 05 20 16\",\"url\":\"https:\/\/www.cykloromantika.cz\/wp-content\/uploads\/2023\/06\/foto-2023-05-20-16.jpg\",\"link\":\"https:\/\/www.cykloromantika.cz\/foto-2023-05-20-16\/\",\"alt\":\"\",\"description\":\"\",\"caption\":\"Zvonice na Sol\u00e1ni\",\"mime\":\"image\/jpeg\",\"type\":\"image\",\"width\":1024,\"height\":768,\"sizes\":{\"thumbnail\":{\"height\":113,\"width\":150,\"url\":\"https:\/\/www.cykloromantika.cz\/wp-content\/uploads\/2023\/06\/foto-2023-05-20-16-150x113.jpg\",\"orientation\":\"landscape\"},\"medium\":{\"height\":225,\"width\":300,\"url\":\"https:\/\/www.cykloromantika.cz\/wp-content\/uploads\/2023\/06\/foto-2023-05-20-16-300x225.jpg\",\"orientation\":\"landscape\"},\"full\":{\"url\":\"https:\/\/www.cykloromantika.cz\/wp-content\/uploads\/2023\/06\/foto-2023-05-20-16.jpg\",\"height\":768,\"width\":1024,\"orientation\":\"landscape\"}},\"imageMeta\":{\"aperture\":\"1.7\",\"credit\":\"\",\"camera\":\"SM-G955F\",\"caption\":\"\",\"created_timestamp\":\"1684583575\",\"copyright\":\"\",\"focal_length\":\"4.2\",\"iso\":\"40\",\"shutter_speed\":\"0.000490196078431\",\"title\":\"\",\"orientation\":\"0\",\"keywords\":[]},\"meta\":false,\"postlink\":\"https:\/\/www.cykloromantika.cz\/foto-2023-05-20-16\/\"},{\"id\":7880,\"title\":\"Foto 2023 05 20 17\",\"url\":\"https:\/\/www.cykloromantika.cz\/wp-content\/uploads\/2023\/06\/foto-2023-05-20-17.jpg\",\"link\":\"https:\/\/www.cykloromantika.cz\/foto-2023-05-20-17\/\",\"alt\":\"\",\"description\":\"\",\"caption\":\"\",\"mime\":\"image\/jpeg\",\"type\":\"image\",\"width\":1024,\"height\":827,\"sizes\":{\"thumbnail\":{\"height\":121,\"width\":150,\"url\":\"https:\/\/www.cykloromantika.cz\/wp-content\/uploads\/2023\/06\/foto-2023-05-20-17-150x121.jpg\",\"orientation\":\"landscape\"},\"medium\":{\"height\":242,\"width\":300,\"url\":\"https:\/\/www.cykloromantika.cz\/wp-content\/uploads\/2023\/06\/foto-2023-05-20-17-300x242.jpg\",\"orientation\":\"landscape\"},\"full\":{\"url\":\"https:\/\/www.cykloromantika.cz\/wp-content\/uploads\/2023\/06\/foto-2023-05-20-17.jpg\",\"height\":827,\"width\":1024,\"orientation\":\"landscape\"}},\"imageMeta\":{\"aperture\":\"1.7\",\"credit\":\"\",\"camera\":\"SM-G955F\",\"caption\":\"\",\"created_timestamp\":\"1684584347\",\"copyright\":\"\",\"focal_length\":\"4.2\",\"iso\":\"40\",\"shutter_speed\":\"0.00170068027211\",\"title\":\"\",\"orientation\":\"0\",\"keywords\":[]},\"meta\":false,\"postlink\":\"https:\/\/www.cykloromantika.cz\/foto-2023-05-20-17\/\"},{\"id\":7881,\"title\":\"Foto 2023 05 20 18\",\"url\":\"https:\/\/www.cykloromantika.cz\/wp-content\/uploads\/2023\/06\/foto-2023-05-20-18.jpg\",\"link\":\"https:\/\/www.cykloromantika.cz\/foto-2023-05-20-18\/\",\"alt\":\"\",\"description\":\"\",\"caption\":\"D\u00e1v\u00e1me pol\u00e9vku.\",\"mime\":\"image\/jpeg\",\"type\":\"image\",\"width\":1024,\"height\":768,\"sizes\":{\"thumbnail\":{\"height\":113,\"width\":150,\"url\":\"https:\/\/www.cykloromantika.cz\/wp-content\/uploads\/2023\/06\/foto-2023-05-20-18-150x113.jpg\",\"orientation\":\"landscape\"},\"medium\":{\"height\":225,\"width\":300,\"url\":\"https:\/\/www.cykloromantika.cz\/wp-content\/uploads\/2023\/06\/foto-2023-05-20-18-300x225.jpg\",\"orientation\":\"landscape\"},\"full\":{\"url\":\"https:\/\/www.cykloromantika.cz\/wp-content\/uploads\/2023\/06\/foto-2023-05-20-18.jpg\",\"height\":768,\"width\":1024,\"orientation\":\"landscape\"}},\"imageMeta\":{\"aperture\":\"1.7\",\"credit\":\"\",\"camera\":\"SM-G955F\",\"caption\":\"\",\"created_timestamp\":\"1684584427\",\"copyright\":\"\",\"focal_length\":\"4.2\",\"iso\":\"40\",\"shutter_speed\":\"0.00952380952381\",\"title\":\"\",\"orientation\":\"0\",\"keywords\":[]},\"meta\":false,\"postlink\":\"https:\/\/www.cykloromantika.cz\/foto-2023-05-20-18\/\"},{\"id\":7882,\"title\":\"Foto 2023 05 20 19\",\"url\":\"https:\/\/www.cykloromantika.cz\/wp-content\/uploads\/2023\/06\/foto-2023-05-20-19.jpg\",\"link\":\"https:\/\/www.cykloromantika.cz\/foto-2023-05-20-19\/\",\"alt\":\"\",\"description\":\"\",\"caption\":\"\",\"mime\":\"image\/jpeg\",\"type\":\"image\",\"width\":1024,\"height\":768,\"sizes\":{\"thumbnail\":{\"height\":113,\"width\":150,\"url\":\"https:\/\/www.cykloromantika.cz\/wp-content\/uploads\/2023\/06\/foto-2023-05-20-19-150x113.jpg\",\"orientation\":\"landscape\"},\"medium\":{\"height\":225,\"width\":300,\"url\":\"https:\/\/www.cykloromantika.cz\/wp-content\/uploads\/2023\/06\/foto-2023-05-20-19-300x225.jpg\",\"orientation\":\"landscape\"},\"full\":{\"url\":\"https:\/\/www.cykloromantika.cz\/wp-content\/uploads\/2023\/06\/foto-2023-05-20-19.jpg\",\"height\":768,\"width\":1024,\"orientation\":\"landscape\"}},\"imageMeta\":{\"aperture\":\"1.7\",\"credit\":\"\",\"camera\":\"SM-G955F\",\"caption\":\"\",\"created_timestamp\":\"1684584582\",\"copyright\":\"\",\"focal_length\":\"4.2\",\"iso\":\"160\",\"shutter_speed\":\"0.025\",\"title\":\"\",\"orientation\":\"0\",\"keywords\":[]},\"meta\":false,\"postlink\":\"https:\/\/www.cykloromantika.cz\/foto-2023-05-20-19\/\"},{\"id\":7883,\"title\":\"Foto 2023 05 20 20\",\"url\":\"https:\/\/www.cykloromantika.cz\/wp-content\/uploads\/2023\/06\/foto-2023-05-20-20.jpg\",\"link\":\"https:\/\/www.cykloromantika.cz\/foto-2023-05-20-20\/\",\"alt\":\"\",\"description\":\"\",\"caption\":\"Do\u0161lo na placen\u00ed (a sezn\u00e1men\u00ed?)!\",\"mime\":\"image\/jpeg\",\"type\":\"image\",\"width\":1024,\"height\":683,\"sizes\":{\"thumbnail\":{\"height\":100,\"width\":150,\"url\":\"https:\/\/www.cykloromantika.cz\/wp-content\/uploads\/2023\/06\/foto-2023-05-20-20-150x100.jpg\",\"orientation\":\"landscape\"},\"medium\":{\"height\":200,\"width\":300,\"url\":\"https:\/\/www.cykloromantika.cz\/wp-content\/uploads\/2023\/06\/foto-2023-05-20-20-300x200.jpg\",\"orientation\":\"landscape\"},\"full\":{\"url\":\"https:\/\/www.cykloromantika.cz\/wp-content\/uploads\/2023\/06\/foto-2023-05-20-20.jpg\",\"height\":683,\"width\":1024,\"orientation\":\"landscape\"}},\"imageMeta\":{\"aperture\":\"1.7\",\"credit\":\"\",\"camera\":\"SM-G955F\",\"caption\":\"\",\"created_timestamp\":\"1684586814\",\"copyright\":\"\",\"focal_length\":\"4.2\",\"iso\":\"80\",\"shutter_speed\":\"0.02\",\"title\":\"\",\"orientation\":\"0\",\"keywords\":[]},\"meta\":false,\"postlink\":\"https:\/\/www.cykloromantika.cz\/foto-2023-05-20-20\/\"},{\"id\":7884,\"title\":\"Foto 2023 05 20 21\",\"url\":\"https:\/\/www.cykloromantika.cz\/wp-content\/uploads\/2023\/06\/foto-2023-05-20-21.jpg\",\"link\":\"https:\/\/www.cykloromantika.cz\/foto-2023-05-20-21\/\",\"alt\":\"\",\"description\":\"\",\"caption\":\"Spole\u010dn\u00fd c\u00edl \u2013 jen my na kole, ony p\u011b\u0161ky!\",\"mime\":\"image\/jpeg\",\"type\":\"image\",\"width\":1024,\"height\":768,\"sizes\":{\"thumbnail\":{\"height\":113,\"width\":150,\"url\":\"https:\/\/www.cykloromantika.cz\/wp-content\/uploads\/2023\/06\/foto-2023-05-20-21-150x113.jpg\",\"orientation\":\"landscape\"},\"medium\":{\"height\":225,\"width\":300,\"url\":\"https:\/\/www.cykloromantika.cz\/wp-content\/uploads\/2023\/06\/foto-2023-05-20-21-300x225.jpg\",\"orientation\":\"landscape\"},\"full\":{\"url\":\"https:\/\/www.cykloromantika.cz\/wp-content\/uploads\/2023\/06\/foto-2023-05-20-21.jpg\",\"height\":768,\"width\":1024,\"orientation\":\"landscape\"}},\"imageMeta\":{\"aperture\":\"1.7\",\"credit\":\"\",\"camera\":\"SM-G955F\",\"caption\":\"\",\"created_timestamp\":\"1684587690\",\"copyright\":\"\",\"focal_length\":\"4.2\",\"iso\":\"40\",\"shutter_speed\":\"0.000498007968127\",\"title\":\"\",\"orientation\":\"0\",\"keywords\":[]},\"meta\":false,\"postlink\":\"https:\/\/www.cykloromantika.cz\/foto-2023-05-20-21\/\"},{\"id\":7885,\"title\":\"Foto 2023 05 20 22\",\"url\":\"https:\/\/www.cykloromantika.cz\/wp-content\/uploads\/2023\/06\/foto-2023-05-20-22.jpg\",\"link\":\"https:\/\/www.cykloromantika.cz\/foto-2023-05-20-22\/\",\"alt\":\"\",\"description\":\"\",\"caption\":\"Bob\u016fv zcela vyhovuj\u00edc\u00ed dopravn\u00ed prost\u0159edek na h\u0159ebenovku\",\"mime\":\"image\/jpeg\",\"type\":\"image\",\"width\":1024,\"height\":768,\"sizes\":{\"thumbnail\":{\"height\":113,\"width\":150,\"url\":\"https:\/\/www.cykloromantika.cz\/wp-content\/uploads\/2023\/06\/foto-2023-05-20-22-150x113.jpg\",\"orientation\":\"landscape\"},\"medium\":{\"height\":225,\"width\":300,\"url\":\"https:\/\/www.cykloromantika.cz\/wp-content\/uploads\/2023\/06\/foto-2023-05-20-22-300x225.jpg\",\"orientation\":\"landscape\"},\"full\":{\"url\":\"https:\/\/www.cykloromantika.cz\/wp-content\/uploads\/2023\/06\/foto-2023-05-20-22.jpg\",\"height\":768,\"width\":1024,\"orientation\":\"landscape\"}},\"imageMeta\":{\"aperture\":\"1.7\",\"credit\":\"\",\"camera\":\"SM-G955F\",\"caption\":\"\",\"created_timestamp\":\"1684596063\",\"copyright\":\"\",\"focal_length\":\"4.2\",\"iso\":\"40\",\"shutter_speed\":\"0.00502512562814\",\"title\":\"\",\"orientation\":\"0\",\"keywords\":[]},\"meta\":false,\"postlink\":\"https:\/\/www.cykloromantika.cz\/foto-2023-05-20-22\/\"},{\"id\":7886,\"title\":\"Foto 2023 05 20 23\",\"url\":\"https:\/\/www.cykloromantika.cz\/wp-content\/uploads\/2023\/06\/foto-2023-05-20-23.jpg\",\"link\":\"https:\/\/www.cykloromantika.cz\/foto-2023-05-20-23\/\",\"alt\":\"\",\"description\":\"\",\"caption\":\"Spole\u010dn\u00e1 rozvern\u00e1 na sedle Du\u0161n\u00e1 I\",\"mime\":\"image\/jpeg\",\"type\":\"image\",\"width\":1024,\"height\":683,\"sizes\":{\"thumbnail\":{\"height\":100,\"width\":150,\"url\":\"https:\/\/www.cykloromantika.cz\/wp-content\/uploads\/2023\/06\/foto-2023-05-20-23-150x100.jpg\",\"orientation\":\"landscape\"},\"medium\":{\"height\":200,\"width\":300,\"url\":\"https:\/\/www.cykloromantika.cz\/wp-content\/uploads\/2023\/06\/foto-2023-05-20-23-300x200.jpg\",\"orientation\":\"landscape\"},\"full\":{\"url\":\"https:\/\/www.cykloromantika.cz\/wp-content\/uploads\/2023\/06\/foto-2023-05-20-23.jpg\",\"height\":683,\"width\":1024,\"orientation\":\"landscape\"}},\"imageMeta\":{\"aperture\":\"1.7\",\"credit\":\"\",\"camera\":\"SM-G955F\",\"caption\":\"\",\"created_timestamp\":\"1684602616\",\"copyright\":\"\",\"focal_length\":\"4.2\",\"iso\":\"50\",\"shutter_speed\":\"0.00833333333333\",\"title\":\"\",\"orientation\":\"0\",\"keywords\":[]},\"meta\":false,\"postlink\":\"https:\/\/www.cykloromantika.cz\/foto-2023-05-20-23\/\"},{\"id\":7887,\"title\":\"Foto 2023 05 20 24\",\"url\":\"https:\/\/www.cykloromantika.cz\/wp-content\/uploads\/2023\/06\/foto-2023-05-20-24.jpg\",\"link\":\"https:\/\/www.cykloromantika.cz\/foto-2023-05-20-24\/\",\"alt\":\"\",\"description\":\"\",\"caption\":\"Spole\u010dn\u00e1 rozvern\u00e1 na sedle Du\u0161n\u00e1 II\",\"mime\":\"image\/jpeg\",\"type\":\"image\",\"width\":1024,\"height\":683,\"sizes\":{\"thumbnail\":{\"height\":100,\"width\":150,\"url\":\"https:\/\/www.cykloromantika.cz\/wp-content\/uploads\/2023\/06\/foto-2023-05-20-24-150x100.jpg\",\"orientation\":\"landscape\"},\"medium\":{\"height\":200,\"width\":300,\"url\":\"https:\/\/www.cykloromantika.cz\/wp-content\/uploads\/2023\/06\/foto-2023-05-20-24-300x200.jpg\",\"orientation\":\"landscape\"},\"full\":{\"url\":\"https:\/\/www.cykloromantika.cz\/wp-content\/uploads\/2023\/06\/foto-2023-05-20-24.jpg\",\"height\":683,\"width\":1024,\"orientation\":\"landscape\"}},\"imageMeta\":{\"aperture\":\"1.7\",\"credit\":\"\",\"camera\":\"SM-G955F\",\"caption\":\"\",\"created_timestamp\":\"1684602618\",\"copyright\":\"\",\"focal_length\":\"4.2\",\"iso\":\"50\",\"shutter_speed\":\"0.00833333333333\",\"title\":\"\",\"orientation\":\"0\",\"keywords\":[]},\"meta\":false,\"postlink\":\"https:\/\/www.cykloromantika.cz\/foto-2023-05-20-24\/\"},{\"id\":7888,\"title\":\"Foto 2023 05 20 25\",\"url\":\"https:\/\/www.cykloromantika.cz\/wp-content\/uploads\/2023\/06\/foto-2023-05-20-25.jpg\",\"link\":\"https:\/\/www.cykloromantika.cz\/foto-2023-05-20-25\/\",\"alt\":\"\",\"description\":\"\",\"caption\":\"Odpo\u010dinek pouh\u00fd\",\"mime\":\"image\/jpeg\",\"type\":\"image\",\"width\":1024,\"height\":683,\"sizes\":{\"thumbnail\":{\"height\":100,\"width\":150,\"url\":\"https:\/\/www.cykloromantika.cz\/wp-content\/uploads\/2023\/06\/foto-2023-05-20-25-150x100.jpg\",\"orientation\":\"landscape\"},\"medium\":{\"height\":200,\"width\":300,\"url\":\"https:\/\/www.cykloromantika.cz\/wp-content\/uploads\/2023\/06\/foto-2023-05-20-25-300x200.jpg\",\"orientation\":\"landscape\"},\"full\":{\"url\":\"https:\/\/www.cykloromantika.cz\/wp-content\/uploads\/2023\/06\/foto-2023-05-20-25.jpg\",\"height\":683,\"width\":1024,\"orientation\":\"landscape\"}},\"imageMeta\":{\"aperture\":\"1.7\",\"credit\":\"\",\"camera\":\"SM-G955F\",\"caption\":\"\",\"created_timestamp\":\"1684603320\",\"copyright\":\"\",\"focal_length\":\"4.2\",\"iso\":\"200\",\"shutter_speed\":\"0.0434782608696\",\"title\":\"\",\"orientation\":\"0\",\"keywords\":[]},\"meta\":false,\"postlink\":\"https:\/\/www.cykloromantika.cz\/foto-2023-05-20-25\/\"},{\"id\":7889,\"title\":\"Foto 2023 05 20 26\",\"url\":\"https:\/\/www.cykloromantika.cz\/wp-content\/uploads\/2023\/06\/foto-2023-05-20-26.jpg\",\"link\":\"https:\/\/www.cykloromantika.cz\/foto-2023-05-20-26\/\",\"alt\":\"\",\"description\":\"\",\"caption\":\"Kafe bodlo!\",\"mime\":\"image\/jpeg\",\"type\":\"image\",\"width\":1024,\"height\":768,\"sizes\":{\"thumbnail\":{\"height\":113,\"width\":150,\"url\":\"https:\/\/www.cykloromantika.cz\/wp-content\/uploads\/2023\/06\/foto-2023-05-20-26-150x113.jpg\",\"orientation\":\"landscape\"},\"medium\":{\"height\":225,\"width\":300,\"url\":\"https:\/\/www.cykloromantika.cz\/wp-content\/uploads\/2023\/06\/foto-2023-05-20-26-300x225.jpg\",\"orientation\":\"landscape\"},\"full\":{\"url\":\"https:\/\/www.cykloromantika.cz\/wp-content\/uploads\/2023\/06\/foto-2023-05-20-26.jpg\",\"height\":768,\"width\":1024,\"orientation\":\"landscape\"}},\"imageMeta\":{\"aperture\":\"1.7\",\"credit\":\"\",\"camera\":\"SM-G955F\",\"caption\":\"\",\"created_timestamp\":\"1684604012\",\"copyright\":\"\",\"focal_length\":\"4.2\",\"iso\":\"250\",\"shutter_speed\":\"0.02\",\"title\":\"\",\"orientation\":\"0\",\"keywords\":[]},\"meta\":false,\"postlink\":\"https:\/\/www.cykloromantika.cz\/foto-2023-05-20-26\/\"},{\"id\":7890,\"title\":\"Foto 2023 05 20 27\",\"url\":\"https:\/\/www.cykloromantika.cz\/wp-content\/uploads\/2023\/06\/foto-2023-05-20-27.jpg\",\"link\":\"https:\/\/www.cykloromantika.cz\/foto-2023-05-20-27\/\",\"alt\":\"\",\"description\":\"\",\"caption\":\"Lou\u010den\u00ed!\",\"mime\":\"image\/jpeg\",\"type\":\"image\",\"width\":1024,\"height\":768,\"sizes\":{\"thumbnail\":{\"height\":113,\"width\":150,\"url\":\"https:\/\/www.cykloromantika.cz\/wp-content\/uploads\/2023\/06\/foto-2023-05-20-27-150x113.jpg\",\"orientation\":\"landscape\"},\"medium\":{\"height\":225,\"width\":300,\"url\":\"https:\/\/www.cykloromantika.cz\/wp-content\/uploads\/2023\/06\/foto-2023-05-20-27-300x225.jpg\",\"orientation\":\"landscape\"},\"full\":{\"url\":\"https:\/\/www.cykloromantika.cz\/wp-content\/uploads\/2023\/06\/foto-2023-05-20-27.jpg\",\"height\":768,\"width\":1024,\"orientation\":\"landscape\"}},\"imageMeta\":{\"aperture\":\"1.7\",\"credit\":\"\",\"camera\":\"SM-G955F\",\"caption\":\"\",\"created_timestamp\":\"1684608427\",\"copyright\":\"\",\"focal_length\":\"4.2\",\"iso\":\"40\",\"shutter_speed\":\"0.00510204081633\",\"title\":\"\",\"orientation\":\"0\",\"keywords\":[]},\"meta\":false,\"postlink\":\"https:\/\/www.cykloromantika.cz\/foto-2023-05-20-27\/\"},{\"id\":7891,\"title\":\"Foto 2023 05 20 28\",\"url\":\"https:\/\/www.cykloromantika.cz\/wp-content\/uploads\/2023\/06\/foto-2023-05-20-28.jpg\",\"link\":\"https:\/\/www.cykloromantika.cz\/foto-2023-05-20-28\/\",\"alt\":\"\",\"description\":\"\",\"caption\":\"Povinn\u00e1 pauza!\",\"mime\":\"image\/jpeg\",\"type\":\"image\",\"width\":1024,\"height\":768,\"sizes\":{\"thumbnail\":{\"height\":113,\"width\":150,\"url\":\"https:\/\/www.cykloromantika.cz\/wp-content\/uploads\/2023\/06\/foto-2023-05-20-28-150x113.jpg\",\"orientation\":\"landscape\"},\"medium\":{\"height\":225,\"width\":300,\"url\":\"https:\/\/www.cykloromantika.cz\/wp-content\/uploads\/2023\/06\/foto-2023-05-20-28-300x225.jpg\",\"orientation\":\"landscape\"},\"full\":{\"url\":\"https:\/\/www.cykloromantika.cz\/wp-content\/uploads\/2023\/06\/foto-2023-05-20-28.jpg\",\"height\":768,\"width\":1024,\"orientation\":\"landscape\"}},\"imageMeta\":{\"aperture\":\"1.7\",\"credit\":\"\",\"camera\":\"SM-G955F\",\"caption\":\"\",\"created_timestamp\":\"1684608962\",\"copyright\":\"\",\"focal_length\":\"4.2\",\"iso\":\"64\",\"shutter_speed\":\"0.02\",\"title\":\"\",\"orientation\":\"0\",\"keywords\":[]},\"meta\":false,\"postlink\":\"https:\/\/www.cykloromantika.cz\/foto-2023-05-20-28\/\"},{\"id\":7892,\"title\":\"Foto 2023 05 20 29\",\"url\":\"https:\/\/www.cykloromantika.cz\/wp-content\/uploads\/2023\/06\/foto-2023-05-20-29.jpg\",\"link\":\"https:\/\/www.cykloromantika.cz\/foto-2023-05-20-29\/\",\"alt\":\"\",\"description\":\"\",\"caption\":\"\",\"mime\":\"image\/jpeg\",\"type\":\"image\",\"width\":1024,\"height\":768,\"sizes\":{\"thumbnail\":{\"height\":113,\"width\":150,\"url\":\"https:\/\/www.cykloromantika.cz\/wp-content\/uploads\/2023\/06\/foto-2023-05-20-29-150x113.jpg\",\"orientation\":\"landscape\"},\"medium\":{\"height\":225,\"width\":300,\"url\":\"https:\/\/www.cykloromantika.cz\/wp-content\/uploads\/2023\/06\/foto-2023-05-20-29-300x225.jpg\",\"orientation\":\"landscape\"},\"full\":{\"url\":\"https:\/\/www.cykloromantika.cz\/wp-content\/uploads\/2023\/06\/foto-2023-05-20-29.jpg\",\"height\":768,\"width\":1024,\"orientation\":\"landscape\"}},\"imageMeta\":{\"aperture\":\"1.7\",\"credit\":\"\",\"camera\":\"SM-G955F\",\"caption\":\"\",\"created_timestamp\":\"1684609524\",\"copyright\":\"\",\"focal_length\":\"4.2\",\"iso\":\"200\",\"shutter_speed\":\"0.02\",\"title\":\"\",\"orientation\":\"0\",\"keywords\":[]},\"meta\":false,\"postlink\":\"https:\/\/www.cykloromantika.cz\/foto-2023-05-20-29\/\"},{\"id\":7893,\"title\":\"Foto 2023 05 20 30\",\"url\":\"https:\/\/www.cykloromantika.cz\/wp-content\/uploads\/2023\/06\/foto-2023-05-20-30.jpg\",\"link\":\"https:\/\/www.cykloromantika.cz\/foto-2023-05-20-30\/\",\"alt\":\"\",\"description\":\"\",\"caption\":\"\",\"mime\":\"image\/jpeg\",\"type\":\"image\",\"width\":1024,\"height\":768,\"sizes\":{\"thumbnail\":{\"height\":113,\"width\":150,\"url\":\"https:\/\/www.cykloromantika.cz\/wp-content\/uploads\/2023\/06\/foto-2023-05-20-30-150x113.jpg\",\"orientation\":\"landscape\"},\"medium\":{\"height\":225,\"width\":300,\"url\":\"https:\/\/www.cykloromantika.cz\/wp-content\/uploads\/2023\/06\/foto-2023-05-20-30-300x225.jpg\",\"orientation\":\"landscape\"},\"full\":{\"url\":\"https:\/\/www.cykloromantika.cz\/wp-content\/uploads\/2023\/06\/foto-2023-05-20-30.jpg\",\"height\":768,\"width\":1024,\"orientation\":\"landscape\"}},\"imageMeta\":{\"aperture\":\"1.7\",\"credit\":\"\",\"camera\":\"SM-G955F\",\"caption\":\"\",\"created_timestamp\":\"1684609540\",\"copyright\":\"\",\"focal_length\":\"4.2\",\"iso\":\"64\",\"shutter_speed\":\"0.01\",\"title\":\"\",\"orientation\":\"0\",\"keywords\":[]},\"meta\":false,\"postlink\":\"https:\/\/www.cykloromantika.cz\/foto-2023-05-20-30\/\"},{\"id\":7894,\"title\":\"Foto 2023 05 20 31\",\"url\":\"https:\/\/www.cykloromantika.cz\/wp-content\/uploads\/2023\/06\/foto-2023-05-20-31.jpg\",\"link\":\"https:\/\/www.cykloromantika.cz\/foto-2023-05-20-31\/\",\"alt\":\"\",\"description\":\"\",\"caption\":\"Stavujeme se pro slivovici na ve\u010der.\",\"mime\":\"image\/jpeg\",\"type\":\"image\",\"width\":1024,\"height\":768,\"sizes\":{\"thumbnail\":{\"height\":113,\"width\":150,\"url\":\"https:\/\/www.cykloromantika.cz\/wp-content\/uploads\/2023\/06\/foto-2023-05-20-31-150x113.jpg\",\"orientation\":\"landscape\"},\"medium\":{\"height\":225,\"width\":300,\"url\":\"https:\/\/www.cykloromantika.cz\/wp-content\/uploads\/2023\/06\/foto-2023-05-20-31-300x225.jpg\",\"orientation\":\"landscape\"},\"full\":{\"url\":\"https:\/\/www.cykloromantika.cz\/wp-content\/uploads\/2023\/06\/foto-2023-05-20-31.jpg\",\"height\":768,\"width\":1024,\"orientation\":\"landscape\"}},\"imageMeta\":{\"aperture\":\"1.7\",\"credit\":\"\",\"camera\":\"SM-G955F\",\"caption\":\"\",\"created_timestamp\":\"1684610568\",\"copyright\":\"\",\"focal_length\":\"4.2\",\"iso\":\"200\",\"shutter_speed\":\"0.02\",\"title\":\"\",\"orientation\":\"0\",\"keywords\":[]},\"meta\":false,\"postlink\":\"https:\/\/www.cykloromantika.cz\/foto-2023-05-20-31\/\"},{\"id\":7895,\"title\":\"Foto 2023 05 20 32\",\"url\":\"https:\/\/www.cykloromantika.cz\/wp-content\/uploads\/2023\/06\/foto-2023-05-20-32.jpg\",\"link\":\"https:\/\/www.cykloromantika.cz\/foto-2023-05-20-32\/\",\"alt\":\"\",\"description\":\"\",\"caption\":\"Bl\u00edzk\u00e1 setk\u00e1n\u00ed asfaltov\u00e9ho druhu\",\"mime\":\"image\/jpeg\",\"type\":\"image\",\"width\":768,\"height\":1024,\"sizes\":{\"thumbnail\":{\"height\":150,\"width\":113,\"url\":\"https:\/\/www.cykloromantika.cz\/wp-content\/uploads\/2023\/06\/foto-2023-05-20-32-113x150.jpg\",\"orientation\":\"portrait\"},\"medium\":{\"height\":300,\"width\":225,\"url\":\"https:\/\/www.cykloromantika.cz\/wp-content\/uploads\/2023\/06\/foto-2023-05-20-32-225x300.jpg\",\"orientation\":\"portrait\"},\"full\":{\"url\":\"https:\/\/www.cykloromantika.cz\/wp-content\/uploads\/2023\/06\/foto-2023-05-20-32.jpg\",\"height\":1024,\"width\":768,\"orientation\":\"portrait\"}},\"imageMeta\":{\"aperture\":\"1.7\",\"credit\":\"\",\"camera\":\"SM-G955F\",\"caption\":\"\",\"created_timestamp\":\"1684617450\",\"copyright\":\"\",\"focal_length\":\"4.2\",\"iso\":\"320\",\"shutter_speed\":\"0.02\",\"title\":\"\",\"orientation\":\"0\",\"keywords\":[]},\"meta\":false,\"postlink\":\"https:\/\/www.cykloromantika.cz\/foto-2023-05-20-32\/\"},{\"id\":7896,\"title\":\"Foto 2023 05 20 33\",\"url\":\"https:\/\/www.cykloromantika.cz\/wp-content\/uploads\/2023\/06\/foto-2023-05-20-33.jpg\",\"link\":\"https:\/\/www.cykloromantika.cz\/foto-2023-05-20-33\/\",\"alt\":\"\",\"description\":\"\",\"caption\":\"Nalo\u017eeno na posledn\u00ed chv\u00edli na cestu do Velk\u00fdch Karlovic\",\"mime\":\"image\/jpeg\",\"type\":\"image\",\"width\":768,\"height\":1024,\"sizes\":{\"thumbnail\":{\"height\":150,\"width\":113,\"url\":\"https:\/\/www.cykloromantika.cz\/wp-content\/uploads\/2023\/06\/foto-2023-05-20-33-113x150.jpg\",\"orientation\":\"portrait\"},\"medium\":{\"height\":300,\"width\":225,\"url\":\"https:\/\/www.cykloromantika.cz\/wp-content\/uploads\/2023\/06\/foto-2023-05-20-33-225x300.jpg\",\"orientation\":\"portrait\"},\"full\":{\"url\":\"https:\/\/www.cykloromantika.cz\/wp-content\/uploads\/2023\/06\/foto-2023-05-20-33.jpg\",\"height\":1024,\"width\":768,\"orientation\":\"portrait\"}},\"imageMeta\":{\"aperture\":\"1.7\",\"credit\":\"\",\"camera\":\"SM-G955F\",\"caption\":\"\",\"created_timestamp\":\"1684617506\",\"copyright\":\"\",\"focal_length\":\"4.2\",\"iso\":\"200\",\"shutter_speed\":\"0.0555555555556\",\"title\":\"\",\"orientation\":\"0\",\"keywords\":[]},\"meta\":false,\"postlink\":\"https:\/\/www.cykloromantika.cz\/foto-2023-05-20-33\/\"},{\"id\":7897,\"title\":\"Foto 2023 05 20 34\",\"url\":\"https:\/\/www.cykloromantika.cz\/wp-content\/uploads\/2023\/06\/foto-2023-05-20-34.jpg\",\"link\":\"https:\/\/www.cykloromantika.cz\/foto-2023-05-20-34\/\",\"alt\":\"\",\"description\":\"\",\"caption\":\"Sympatick\u00e1 pr\u016fvod\u010d\u00ed na trati Vset\u00edn \u2013 Velk\u00e9 Karlovice\",\"mime\":\"image\/jpeg\",\"type\":\"image\",\"width\":1024,\"height\":768,\"sizes\":{\"thumbnail\":{\"height\":113,\"width\":150,\"url\":\"https:\/\/www.cykloromantika.cz\/wp-content\/uploads\/2023\/06\/foto-2023-05-20-34-150x113.jpg\",\"orientation\":\"landscape\"},\"medium\":{\"height\":225,\"width\":300,\"url\":\"https:\/\/www.cykloromantika.cz\/wp-content\/uploads\/2023\/06\/foto-2023-05-20-34-300x225.jpg\",\"orientation\":\"landscape\"},\"full\":{\"url\":\"https:\/\/www.cykloromantika.cz\/wp-content\/uploads\/2023\/06\/foto-2023-05-20-34.jpg\",\"height\":768,\"width\":1024,\"orientation\":\"landscape\"}},\"imageMeta\":{\"aperture\":\"1.7\",\"credit\":\"\",\"camera\":\"SM-G955F\",\"caption\":\"\",\"created_timestamp\":\"1684618133\",\"copyright\":\"\",\"focal_length\":\"4.2\",\"iso\":\"200\",\"shutter_speed\":\"0.0625\",\"title\":\"\",\"orientation\":\"0\",\"keywords\":[]},\"meta\":false,\"postlink\":\"https:\/\/www.cykloromantika.cz\/foto-2023-05-20-34\/\"},{\"id\":7898,\"title\":\"Foto 2023 05 20 35\",\"url\":\"https:\/\/www.cykloromantika.cz\/wp-content\/uploads\/2023\/06\/foto-2023-05-20-35.jpg\",\"link\":\"https:\/\/www.cykloromantika.cz\/foto-2023-05-20-35\/\",\"alt\":\"\",\"description\":\"\",\"caption\":\"\",\"mime\":\"image\/jpeg\",\"type\":\"image\",\"width\":1024,\"height\":768,\"sizes\":{\"thumbnail\":{\"height\":113,\"width\":150,\"url\":\"https:\/\/www.cykloromantika.cz\/wp-content\/uploads\/2023\/06\/foto-2023-05-20-35-150x113.jpg\",\"orientation\":\"landscape\"},\"medium\":{\"height\":225,\"width\":300,\"url\":\"https:\/\/www.cykloromantika.cz\/wp-content\/uploads\/2023\/06\/foto-2023-05-20-35-300x225.jpg\",\"orientation\":\"landscape\"},\"full\":{\"url\":\"https:\/\/www.cykloromantika.cz\/wp-content\/uploads\/2023\/06\/foto-2023-05-20-35.jpg\",\"height\":768,\"width\":1024,\"orientation\":\"landscape\"}},\"imageMeta\":{\"aperture\":\"1.7\",\"credit\":\"\",\"camera\":\"SM-G955F\",\"caption\":\"\",\"created_timestamp\":\"1684618664\",\"copyright\":\"\",\"focal_length\":\"4.2\",\"iso\":\"200\",\"shutter_speed\":\"0.0526315789474\",\"title\":\"\",\"orientation\":\"0\",\"keywords\":[]},\"meta\":false,\"postlink\":\"https:\/\/www.cykloromantika.cz\/foto-2023-05-20-35\/\"},{\"id\":7899,\"title\":\"Foto 2023 05 21 01\",\"url\":\"https:\/\/www.cykloromantika.cz\/wp-content\/uploads\/2023\/06\/foto-2023-05-21-01.jpg\",\"link\":\"https:\/\/www.cykloromantika.cz\/foto-2023-05-21-01\/\",\"alt\":\"\",\"description\":\"\",\"caption\":\"Rann\u00ed probuzen\u00ed\",\"mime\":\"image\/jpeg\",\"type\":\"image\",\"width\":768,\"height\":1024,\"sizes\":{\"thumbnail\":{\"height\":150,\"width\":113,\"url\":\"https:\/\/www.cykloromantika.cz\/wp-content\/uploads\/2023\/06\/foto-2023-05-21-01-113x150.jpg\",\"orientation\":\"portrait\"},\"medium\":{\"height\":300,\"width\":225,\"url\":\"https:\/\/www.cykloromantika.cz\/wp-content\/uploads\/2023\/06\/foto-2023-05-21-01-225x300.jpg\",\"orientation\":\"portrait\"},\"full\":{\"url\":\"https:\/\/www.cykloromantika.cz\/wp-content\/uploads\/2023\/06\/foto-2023-05-21-01.jpg\",\"height\":1024,\"width\":768,\"orientation\":\"portrait\"}},\"imageMeta\":{\"aperture\":\"1.7\",\"credit\":\"\",\"camera\":\"SM-G955F\",\"caption\":\"\",\"created_timestamp\":\"1684656558\",\"copyright\":\"\",\"focal_length\":\"4.2\",\"iso\":\"80\",\"shutter_speed\":\"0.01\",\"title\":\"\",\"orientation\":\"0\",\"keywords\":[]},\"meta\":false,\"postlink\":\"https:\/\/www.cykloromantika.cz\/foto-2023-05-21-01\/\"},{\"id\":7900,\"title\":\"Foto 2023 05 21 02\",\"url\":\"https:\/\/www.cykloromantika.cz\/wp-content\/uploads\/2023\/06\/foto-2023-05-21-02.jpg\",\"link\":\"https:\/\/www.cykloromantika.cz\/foto-2023-05-21-02\/\",\"alt\":\"\",\"description\":\"\",\"caption\":\"Fotograf jist\u011b zaujat m\u00edstn\u00edm n\u00e1zvem Bumb\u00e1lka.\",\"mime\":\"image\/jpeg\",\"type\":\"image\",\"width\":1024,\"height\":768,\"sizes\":{\"thumbnail\":{\"height\":113,\"width\":150,\"url\":\"https:\/\/www.cykloromantika.cz\/wp-content\/uploads\/2023\/06\/foto-2023-05-21-02-150x113.jpg\",\"orientation\":\"landscape\"},\"medium\":{\"height\":225,\"width\":300,\"url\":\"https:\/\/www.cykloromantika.cz\/wp-content\/uploads\/2023\/06\/foto-2023-05-21-02-300x225.jpg\",\"orientation\":\"landscape\"},\"full\":{\"url\":\"https:\/\/www.cykloromantika.cz\/wp-content\/uploads\/2023\/06\/foto-2023-05-21-02.jpg\",\"height\":768,\"width\":1024,\"orientation\":\"landscape\"}},\"imageMeta\":{\"aperture\":\"1.7\",\"credit\":\"\",\"camera\":\"SM-G955F\",\"caption\":\"\",\"created_timestamp\":\"1684665940\",\"copyright\":\"\",\"focal_length\":\"4.2\",\"iso\":\"40\",\"shutter_speed\":\"0.000193498452012\",\"title\":\"\",\"orientation\":\"0\",\"keywords\":[]},\"meta\":false,\"postlink\":\"https:\/\/www.cykloromantika.cz\/foto-2023-05-21-02\/\"},{\"id\":7901,\"title\":\"Foto 2023 05 21 03\",\"url\":\"https:\/\/www.cykloromantika.cz\/wp-content\/uploads\/2023\/06\/foto-2023-05-21-03.jpg\",\"link\":\"https:\/\/www.cykloromantika.cz\/foto-2023-05-21-03\/\",\"alt\":\"\",\"description\":\"\",\"caption\":\"Makovsk\u00fd pr\u016fsmyk\",\"mime\":\"image\/jpeg\",\"type\":\"image\",\"width\":1024,\"height\":683,\"sizes\":{\"thumbnail\":{\"height\":100,\"width\":150,\"url\":\"https:\/\/www.cykloromantika.cz\/wp-content\/uploads\/2023\/06\/foto-2023-05-21-03-150x100.jpg\",\"orientation\":\"landscape\"},\"medium\":{\"height\":200,\"width\":300,\"url\":\"https:\/\/www.cykloromantika.cz\/wp-content\/uploads\/2023\/06\/foto-2023-05-21-03-300x200.jpg\",\"orientation\":\"landscape\"},\"full\":{\"url\":\"https:\/\/www.cykloromantika.cz\/wp-content\/uploads\/2023\/06\/foto-2023-05-21-03.jpg\",\"height\":683,\"width\":1024,\"orientation\":\"landscape\"}},\"imageMeta\":{\"aperture\":\"1.7\",\"credit\":\"\",\"camera\":\"SM-G955F\",\"caption\":\"\",\"created_timestamp\":\"1684667046\",\"copyright\":\"\",\"focal_length\":\"4.2\",\"iso\":\"40\",\"shutter_speed\":\"0.000308641975309\",\"title\":\"\",\"orientation\":\"0\",\"keywords\":[]},\"meta\":false,\"postlink\":\"https:\/\/www.cykloromantika.cz\/foto-2023-05-21-03\/\"},{\"id\":7902,\"title\":\"Foto 2023 05 21 04\",\"url\":\"https:\/\/www.cykloromantika.cz\/wp-content\/uploads\/2023\/06\/foto-2023-05-21-04.jpg\",\"link\":\"https:\/\/www.cykloromantika.cz\/foto-2023-05-21-04\/\",\"alt\":\"\",\"description\":\"\",\"caption\":\"Pod kontrolou Partyz\u00e1na\",\"mime\":\"image\/jpeg\",\"type\":\"image\",\"width\":768,\"height\":1024,\"sizes\":{\"thumbnail\":{\"height\":150,\"width\":113,\"url\":\"https:\/\/www.cykloromantika.cz\/wp-content\/uploads\/2023\/06\/foto-2023-05-21-04-113x150.jpg\",\"orientation\":\"portrait\"},\"medium\":{\"height\":300,\"width\":225,\"url\":\"https:\/\/www.cykloromantika.cz\/wp-content\/uploads\/2023\/06\/foto-2023-05-21-04-225x300.jpg\",\"orientation\":\"portrait\"},\"full\":{\"url\":\"https:\/\/www.cykloromantika.cz\/wp-content\/uploads\/2023\/06\/foto-2023-05-21-04.jpg\",\"height\":1024,\"width\":768,\"orientation\":\"portrait\"}},\"imageMeta\":{\"aperture\":\"1.7\",\"credit\":\"\",\"camera\":\"SM-G955F\",\"caption\":\"\",\"created_timestamp\":\"1684667167\",\"copyright\":\"\",\"focal_length\":\"4.2\",\"iso\":\"40\",\"shutter_speed\":\"0.000405844155844\",\"title\":\"\",\"orientation\":\"0\",\"keywords\":[]},\"meta\":false,\"postlink\":\"https:\/\/www.cykloromantika.cz\/foto-2023-05-21-04\/\"},{\"id\":7903,\"title\":\"Foto 2023 05 21 05\",\"url\":\"https:\/\/www.cykloromantika.cz\/wp-content\/uploads\/2023\/06\/foto-2023-05-21-05.jpg\",\"link\":\"https:\/\/www.cykloromantika.cz\/foto-2023-05-21-05\/\",\"alt\":\"\",\"description\":\"\",\"caption\":\"Sedlo Bumb\u00e1lka\",\"mime\":\"image\/jpeg\",\"type\":\"image\",\"width\":1024,\"height\":683,\"sizes\":{\"thumbnail\":{\"height\":100,\"width\":150,\"url\":\"https:\/\/www.cykloromantika.cz\/wp-content\/uploads\/2023\/06\/foto-2023-05-21-05-150x100.jpg\",\"orientation\":\"landscape\"},\"medium\":{\"height\":200,\"width\":300,\"url\":\"https:\/\/www.cykloromantika.cz\/wp-content\/uploads\/2023\/06\/foto-2023-05-21-05-300x200.jpg\",\"orientation\":\"landscape\"},\"full\":{\"url\":\"https:\/\/www.cykloromantika.cz\/wp-content\/uploads\/2023\/06\/foto-2023-05-21-05.jpg\",\"height\":683,\"width\":1024,\"orientation\":\"landscape\"}},\"imageMeta\":{\"aperture\":\"1.7\",\"credit\":\"\",\"camera\":\"SM-G955F\",\"caption\":\"\",\"created_timestamp\":\"1684668215\",\"copyright\":\"\",\"focal_length\":\"4.2\",\"iso\":\"40\",\"shutter_speed\":\"0.000452898550725\",\"title\":\"\",\"orientation\":\"0\",\"keywords\":[]},\"meta\":false,\"postlink\":\"https:\/\/www.cykloromantika.cz\/foto-2023-05-21-05\/\"},{\"id\":7904,\"title\":\"Foto 2023 05 21 06\",\"url\":\"https:\/\/www.cykloromantika.cz\/wp-content\/uploads\/2023\/06\/foto-2023-05-21-06.jpg\",\"link\":\"https:\/\/www.cykloromantika.cz\/foto-2023-05-21-06\/\",\"alt\":\"\",\"description\":\"\",\"caption\":\"Masarykova chata\",\"mime\":\"image\/jpeg\",\"type\":\"image\",\"width\":1024,\"height\":683,\"sizes\":{\"thumbnail\":{\"height\":100,\"width\":150,\"url\":\"https:\/\/www.cykloromantika.cz\/wp-content\/uploads\/2023\/06\/foto-2023-05-21-06-150x100.jpg\",\"orientation\":\"landscape\"},\"medium\":{\"height\":200,\"width\":300,\"url\":\"https:\/\/www.cykloromantika.cz\/wp-content\/uploads\/2023\/06\/foto-2023-05-21-06-300x200.jpg\",\"orientation\":\"landscape\"},\"full\":{\"url\":\"https:\/\/www.cykloromantika.cz\/wp-content\/uploads\/2023\/06\/foto-2023-05-21-06.jpg\",\"height\":683,\"width\":1024,\"orientation\":\"landscape\"}},\"imageMeta\":{\"aperture\":\"1.7\",\"credit\":\"\",\"camera\":\"SM-G955F\",\"caption\":\"\",\"created_timestamp\":\"1684668567\",\"copyright\":\"\",\"focal_length\":\"4.2\",\"iso\":\"40\",\"shutter_speed\":\"0.000299760191847\",\"title\":\"\",\"orientation\":\"0\",\"keywords\":[]},\"meta\":false,\"postlink\":\"https:\/\/www.cykloromantika.cz\/foto-2023-05-21-06\/\"},{\"id\":7905,\"title\":\"Foto 2023 05 21 07\",\"url\":\"https:\/\/www.cykloromantika.cz\/wp-content\/uploads\/2023\/06\/foto-2023-05-21-07.jpg\",\"link\":\"https:\/\/www.cykloromantika.cz\/foto-2023-05-21-07\/\",\"alt\":\"\",\"description\":\"\",\"caption\":\"Spole\u010dn\u00e1 s Lysou horou v pozad\u00ed\",\"mime\":\"image\/jpeg\",\"type\":\"image\",\"width\":1024,\"height\":768,\"sizes\":{\"thumbnail\":{\"height\":113,\"width\":150,\"url\":\"https:\/\/www.cykloromantika.cz\/wp-content\/uploads\/2023\/06\/foto-2023-05-21-07-150x113.jpg\",\"orientation\":\"landscape\"},\"medium\":{\"height\":225,\"width\":300,\"url\":\"https:\/\/www.cykloromantika.cz\/wp-content\/uploads\/2023\/06\/foto-2023-05-21-07-300x225.jpg\",\"orientation\":\"landscape\"},\"full\":{\"url\":\"https:\/\/www.cykloromantika.cz\/wp-content\/uploads\/2023\/06\/foto-2023-05-21-07.jpg\",\"height\":768,\"width\":1024,\"orientation\":\"landscape\"}},\"imageMeta\":{\"aperture\":\"1.7\",\"credit\":\"\",\"camera\":\"SM-G955F\",\"caption\":\"\",\"created_timestamp\":\"1684669875\",\"copyright\":\"\",\"focal_length\":\"4.2\",\"iso\":\"40\",\"shutter_speed\":\"0.000915750915751\",\"title\":\"\",\"orientation\":\"0\",\"keywords\":[]},\"meta\":false,\"postlink\":\"https:\/\/www.cykloromantika.cz\/foto-2023-05-21-07\/\"},{\"id\":7906,\"title\":\"Foto 2023 05 21 08\",\"url\":\"https:\/\/www.cykloromantika.cz\/wp-content\/uploads\/2023\/06\/foto-2023-05-21-08.jpg\",\"link\":\"https:\/\/www.cykloromantika.cz\/foto-2023-05-21-08\/\",\"alt\":\"\",\"description\":\"\",\"caption\":\"Jak ulevit t\u011b\u017ek\u00e9 hlav\u011b!\",\"mime\":\"image\/jpeg\",\"type\":\"image\",\"width\":1024,\"height\":768,\"sizes\":{\"thumbnail\":{\"height\":113,\"width\":150,\"url\":\"https:\/\/www.cykloromantika.cz\/wp-content\/uploads\/2023\/06\/foto-2023-05-21-08-150x113.jpg\",\"orientation\":\"landscape\"},\"medium\":{\"height\":225,\"width\":300,\"url\":\"https:\/\/www.cykloromantika.cz\/wp-content\/uploads\/2023\/06\/foto-2023-05-21-08-300x225.jpg\",\"orientation\":\"landscape\"},\"full\":{\"url\":\"https:\/\/www.cykloromantika.cz\/wp-content\/uploads\/2023\/06\/foto-2023-05-21-08.jpg\",\"height\":768,\"width\":1024,\"orientation\":\"landscape\"}},\"imageMeta\":{\"aperture\":\"1.7\",\"credit\":\"\",\"camera\":\"SM-G955F\",\"caption\":\"\",\"created_timestamp\":\"1684673327\",\"copyright\":\"\",\"focal_length\":\"4.2\",\"iso\":\"250\",\"shutter_speed\":\"0.0769230769231\",\"title\":\"\",\"orientation\":\"0\",\"keywords\":[]},\"meta\":false,\"postlink\":\"https:\/\/www.cykloromantika.cz\/foto-2023-05-21-08\/\"},{\"id\":7907,\"title\":\"Foto 2023 05 21 09\",\"url\":\"https:\/\/www.cykloromantika.cz\/wp-content\/uploads\/2023\/06\/foto-2023-05-21-09.jpg\",\"link\":\"https:\/\/www.cykloromantika.cz\/foto-2023-05-21-09\/\",\"alt\":\"\",\"description\":\"\",\"caption\":\"\",\"mime\":\"image\/jpeg\",\"type\":\"image\",\"width\":1024,\"height\":768,\"sizes\":{\"thumbnail\":{\"height\":113,\"width\":150,\"url\":\"https:\/\/www.cykloromantika.cz\/wp-content\/uploads\/2023\/06\/foto-2023-05-21-09-150x113.jpg\",\"orientation\":\"landscape\"},\"medium\":{\"height\":225,\"width\":300,\"url\":\"https:\/\/www.cykloromantika.cz\/wp-content\/uploads\/2023\/06\/foto-2023-05-21-09-300x225.jpg\",\"orientation\":\"landscape\"},\"full\":{\"url\":\"https:\/\/www.cykloromantika.cz\/wp-content\/uploads\/2023\/06\/foto-2023-05-21-09.jpg\",\"height\":768,\"width\":1024,\"orientation\":\"landscape\"}},\"imageMeta\":{\"aperture\":\"1.7\",\"credit\":\"\",\"camera\":\"SM-G955F\",\"caption\":\"\",\"created_timestamp\":\"1684673577\",\"copyright\":\"\",\"focal_length\":\"4.2\",\"iso\":\"40\",\"shutter_speed\":\"0.00111607142857\",\"title\":\"\",\"orientation\":\"0\",\"keywords\":[]},\"meta\":false,\"postlink\":\"https:\/\/www.cykloromantika.cz\/foto-2023-05-21-09\/\"},{\"id\":7908,\"title\":\"Foto 2023 05 21 10\",\"url\":\"https:\/\/www.cykloromantika.cz\/wp-content\/uploads\/2023\/06\/foto-2023-05-21-10.jpg\",\"link\":\"https:\/\/www.cykloromantika.cz\/foto-2023-05-21-10\/\",\"alt\":\"\",\"description\":\"\",\"caption\":\"Odjezd od Masarykovy chaty\",\"mime\":\"image\/jpeg\",\"type\":\"image\",\"width\":1024,\"height\":768,\"sizes\":{\"thumbnail\":{\"height\":113,\"width\":150,\"url\":\"https:\/\/www.cykloromantika.cz\/wp-content\/uploads\/2023\/06\/foto-2023-05-21-10-150x113.jpg\",\"orientation\":\"landscape\"},\"medium\":{\"height\":225,\"width\":300,\"url\":\"https:\/\/www.cykloromantika.cz\/wp-content\/uploads\/2023\/06\/foto-2023-05-21-10-300x225.jpg\",\"orientation\":\"landscape\"},\"full\":{\"url\":\"https:\/\/www.cykloromantika.cz\/wp-content\/uploads\/2023\/06\/foto-2023-05-21-10.jpg\",\"height\":768,\"width\":1024,\"orientation\":\"landscape\"}},\"imageMeta\":{\"aperture\":\"1.7\",\"credit\":\"\",\"camera\":\"SM-G955F\",\"caption\":\"\",\"created_timestamp\":\"1684673586\",\"copyright\":\"\",\"focal_length\":\"4.2\",\"iso\":\"40\",\"shutter_speed\":\"0.00089605734767\",\"title\":\"\",\"orientation\":\"0\",\"keywords\":[]},\"meta\":false,\"postlink\":\"https:\/\/www.cykloromantika.cz\/foto-2023-05-21-10\/\"},{\"id\":7909,\"title\":\"Foto 2023 05 21 11\",\"url\":\"https:\/\/www.cykloromantika.cz\/wp-content\/uploads\/2023\/06\/foto-2023-05-21-11.jpg\",\"link\":\"https:\/\/www.cykloromantika.cz\/foto-2023-05-21-11\/\",\"alt\":\"\",\"description\":\"\",\"caption\":\"Cesta do B\u00edl\u00e9 dl\u00e1\u017ed\u011bn\u00e1 bahnem\",\"mime\":\"image\/jpeg\",\"type\":\"image\",\"width\":768,\"height\":1024,\"sizes\":{\"thumbnail\":{\"height\":150,\"width\":113,\"url\":\"https:\/\/www.cykloromantika.cz\/wp-content\/uploads\/2023\/06\/foto-2023-05-21-11-113x150.jpg\",\"orientation\":\"portrait\"},\"medium\":{\"height\":300,\"width\":225,\"url\":\"https:\/\/www.cykloromantika.cz\/wp-content\/uploads\/2023\/06\/foto-2023-05-21-11-225x300.jpg\",\"orientation\":\"portrait\"},\"full\":{\"url\":\"https:\/\/www.cykloromantika.cz\/wp-content\/uploads\/2023\/06\/foto-2023-05-21-11.jpg\",\"height\":1024,\"width\":768,\"orientation\":\"portrait\"}},\"imageMeta\":{\"aperture\":\"1.7\",\"credit\":\"\",\"camera\":\"SM-G955F\",\"caption\":\"\",\"created_timestamp\":\"1684674505\",\"copyright\":\"\",\"focal_length\":\"4.2\",\"iso\":\"80\",\"shutter_speed\":\"0.01\",\"title\":\"\",\"orientation\":\"0\",\"keywords\":[]},\"meta\":false,\"postlink\":\"https:\/\/www.cykloromantika.cz\/foto-2023-05-21-11\/\"},{\"id\":7910,\"title\":\"Foto 2023 05 21 12\",\"url\":\"https:\/\/www.cykloromantika.cz\/wp-content\/uploads\/2023\/06\/foto-2023-05-21-12.jpg\",\"link\":\"https:\/\/www.cykloromantika.cz\/foto-2023-05-21-12\/\",\"alt\":\"\",\"description\":\"\",\"caption\":\"Tady se les\u00e1ci vyznamenali!\",\"mime\":\"image\/jpeg\",\"type\":\"image\",\"width\":768,\"height\":1024,\"sizes\":{\"thumbnail\":{\"height\":150,\"width\":113,\"url\":\"https:\/\/www.cykloromantika.cz\/wp-content\/uploads\/2023\/06\/foto-2023-05-21-12-113x150.jpg\",\"orientation\":\"portrait\"},\"medium\":{\"height\":300,\"width\":225,\"url\":\"https:\/\/www.cykloromantika.cz\/wp-content\/uploads\/2023\/06\/foto-2023-05-21-12-225x300.jpg\",\"orientation\":\"portrait\"},\"full\":{\"url\":\"https:\/\/www.cykloromantika.cz\/wp-content\/uploads\/2023\/06\/foto-2023-05-21-12.jpg\",\"height\":1024,\"width\":768,\"orientation\":\"portrait\"}},\"imageMeta\":{\"aperture\":\"1.7\",\"credit\":\"\",\"camera\":\"SM-G955F\",\"caption\":\"\",\"created_timestamp\":\"1684674946\",\"copyright\":\"\",\"focal_length\":\"4.2\",\"iso\":\"40\",\"shutter_speed\":\"0.002079002079\",\"title\":\"\",\"orientation\":\"0\",\"keywords\":[]},\"meta\":false,\"postlink\":\"https:\/\/www.cykloromantika.cz\/foto-2023-05-21-12\/\"},{\"id\":7911,\"title\":\"Foto 2023 05 21 13\",\"url\":\"https:\/\/www.cykloromantika.cz\/wp-content\/uploads\/2023\/06\/foto-2023-05-21-13.jpg\",\"link\":\"https:\/\/www.cykloromantika.cz\/foto-2023-05-21-13\/\",\"alt\":\"\",\"description\":\"\",\"caption\":\"\",\"mime\":\"image\/jpeg\",\"type\":\"image\",\"width\":768,\"height\":1024,\"sizes\":{\"thumbnail\":{\"height\":150,\"width\":113,\"url\":\"https:\/\/www.cykloromantika.cz\/wp-content\/uploads\/2023\/06\/foto-2023-05-21-13-113x150.jpg\",\"orientation\":\"portrait\"},\"medium\":{\"height\":300,\"width\":225,\"url\":\"https:\/\/www.cykloromantika.cz\/wp-content\/uploads\/2023\/06\/foto-2023-05-21-13-225x300.jpg\",\"orientation\":\"portrait\"},\"full\":{\"url\":\"https:\/\/www.cykloromantika.cz\/wp-content\/uploads\/2023\/06\/foto-2023-05-21-13.jpg\",\"height\":1024,\"width\":768,\"orientation\":\"portrait\"}},\"imageMeta\":{\"aperture\":\"1.7\",\"credit\":\"\",\"camera\":\"SM-G955F\",\"caption\":\"\",\"created_timestamp\":\"1684676750\",\"copyright\":\"\",\"focal_length\":\"4.2\",\"iso\":\"40\",\"shutter_speed\":\"0.0018315018315\",\"title\":\"\",\"orientation\":\"0\",\"keywords\":[]},\"meta\":false,\"postlink\":\"https:\/\/www.cykloromantika.cz\/foto-2023-05-21-13\/\"},{\"id\":7912,\"title\":\"Foto 2023 05 21 14\",\"url\":\"https:\/\/www.cykloromantika.cz\/wp-content\/uploads\/2023\/06\/foto-2023-05-21-14.jpg\",\"link\":\"https:\/\/www.cykloromantika.cz\/foto-2023-05-21-14\/\",\"alt\":\"\",\"description\":\"\",\"caption\":\"Na B\u00edl\u00e9\",\"mime\":\"image\/jpeg\",\"type\":\"image\",\"width\":1024,\"height\":768,\"sizes\":{\"thumbnail\":{\"height\":113,\"width\":150,\"url\":\"https:\/\/www.cykloromantika.cz\/wp-content\/uploads\/2023\/06\/foto-2023-05-21-14-150x113.jpg\",\"orientation\":\"landscape\"},\"medium\":{\"height\":225,\"width\":300,\"url\":\"https:\/\/www.cykloromantika.cz\/wp-content\/uploads\/2023\/06\/foto-2023-05-21-14-300x225.jpg\",\"orientation\":\"landscape\"},\"full\":{\"url\":\"https:\/\/www.cykloromantika.cz\/wp-content\/uploads\/2023\/06\/foto-2023-05-21-14.jpg\",\"height\":768,\"width\":1024,\"orientation\":\"landscape\"}},\"imageMeta\":{\"aperture\":\"1.7\",\"credit\":\"\",\"camera\":\"SM-G955F\",\"caption\":\"\",\"created_timestamp\":\"1684676959\",\"copyright\":\"\",\"focal_length\":\"4.2\",\"iso\":\"40\",\"shutter_speed\":\"0.00124069478908\",\"title\":\"\",\"orientation\":\"0\",\"keywords\":[]},\"meta\":false,\"postlink\":\"https:\/\/www.cykloromantika.cz\/foto-2023-05-21-14\/\"},{\"id\":7913,\"title\":\"Foto 2023 05 21 15\",\"url\":\"https:\/\/www.cykloromantika.cz\/wp-content\/uploads\/2023\/06\/foto-2023-05-21-15.jpg\",\"link\":\"https:\/\/www.cykloromantika.cz\/foto-2023-05-21-15\/\",\"alt\":\"\",\"description\":\"\",\"caption\":\"P\u0159e\u010dk\u00e1me bou\u0159ku.\",\"mime\":\"image\/jpeg\",\"type\":\"image\",\"width\":1024,\"height\":768,\"sizes\":{\"thumbnail\":{\"height\":113,\"width\":150,\"url\":\"https:\/\/www.cykloromantika.cz\/wp-content\/uploads\/2023\/06\/foto-2023-05-21-15-150x113.jpg\",\"orientation\":\"landscape\"},\"medium\":{\"height\":225,\"width\":300,\"url\":\"https:\/\/www.cykloromantika.cz\/wp-content\/uploads\/2023\/06\/foto-2023-05-21-15-300x225.jpg\",\"orientation\":\"landscape\"},\"full\":{\"url\":\"https:\/\/www.cykloromantika.cz\/wp-content\/uploads\/2023\/06\/foto-2023-05-21-15.jpg\",\"height\":768,\"width\":1024,\"orientation\":\"landscape\"}},\"imageMeta\":{\"aperture\":\"1.7\",\"credit\":\"\",\"camera\":\"SM-G955F\",\"caption\":\"\",\"created_timestamp\":\"1684680934\",\"copyright\":\"\",\"focal_length\":\"4.2\",\"iso\":\"40\",\"shutter_speed\":\"0.000889679715302\",\"title\":\"\",\"orientation\":\"0\",\"keywords\":[]},\"meta\":false,\"postlink\":\"https:\/\/www.cykloromantika.cz\/foto-2023-05-21-15\/\"},{\"id\":7914,\"title\":\"Foto 2023 05 21 16\",\"url\":\"https:\/\/www.cykloromantika.cz\/wp-content\/uploads\/2023\/06\/foto-2023-05-21-16.jpg\",\"link\":\"https:\/\/www.cykloromantika.cz\/foto-2023-05-21-16\/\",\"alt\":\"\",\"description\":\"\",\"caption\":\"\u010cas zkr\u00e1cen\u00fd hazardem (hrajeme vojnu)\",\"mime\":\"image\/jpeg\",\"type\":\"image\",\"width\":768,\"height\":1024,\"sizes\":{\"thumbnail\":{\"height\":150,\"width\":113,\"url\":\"https:\/\/www.cykloromantika.cz\/wp-content\/uploads\/2023\/06\/foto-2023-05-21-16-113x150.jpg\",\"orientation\":\"portrait\"},\"medium\":{\"height\":300,\"width\":225,\"url\":\"https:\/\/www.cykloromantika.cz\/wp-content\/uploads\/2023\/06\/foto-2023-05-21-16-225x300.jpg\",\"orientation\":\"portrait\"},\"full\":{\"url\":\"https:\/\/www.cykloromantika.cz\/wp-content\/uploads\/2023\/06\/foto-2023-05-21-16.jpg\",\"height\":1024,\"width\":768,\"orientation\":\"portrait\"}},\"imageMeta\":{\"aperture\":\"1.7\",\"credit\":\"\",\"camera\":\"SM-G955F\",\"caption\":\"\",\"created_timestamp\":\"1684682645\",\"copyright\":\"\",\"focal_length\":\"4.2\",\"iso\":\"250\",\"shutter_speed\":\"0.02\",\"title\":\"\",\"orientation\":\"0\",\"keywords\":[]},\"meta\":false,\"postlink\":\"https:\/\/www.cykloromantika.cz\/foto-2023-05-21-16\/\"},{\"id\":7915,\"title\":\"Foto 2023 05 21 17\",\"url\":\"https:\/\/www.cykloromantika.cz\/wp-content\/uploads\/2023\/06\/foto-2023-05-21-17.jpg\",\"link\":\"https:\/\/www.cykloromantika.cz\/foto-2023-05-21-17\/\",\"alt\":\"\",\"description\":\"\",\"caption\":\"Nad p\u0159ehradou \u0160ance\",\"mime\":\"image\/jpeg\",\"type\":\"image\",\"width\":1024,\"height\":768,\"sizes\":{\"thumbnail\":{\"height\":113,\"width\":150,\"url\":\"https:\/\/www.cykloromantika.cz\/wp-content\/uploads\/2023\/06\/foto-2023-05-21-17-150x113.jpg\",\"orientation\":\"landscape\"},\"medium\":{\"height\":225,\"width\":300,\"url\":\"https:\/\/www.cykloromantika.cz\/wp-content\/uploads\/2023\/06\/foto-2023-05-21-17-300x225.jpg\",\"orientation\":\"landscape\"},\"full\":{\"url\":\"https:\/\/www.cykloromantika.cz\/wp-content\/uploads\/2023\/06\/foto-2023-05-21-17.jpg\",\"height\":768,\"width\":1024,\"orientation\":\"landscape\"}},\"imageMeta\":{\"aperture\":\"1.7\",\"credit\":\"\",\"camera\":\"SM-G955F\",\"caption\":\"\",\"created_timestamp\":\"1684686486\",\"copyright\":\"\",\"focal_length\":\"4.2\",\"iso\":\"40\",\"shutter_speed\":\"0.00199600798403\",\"title\":\"\",\"orientation\":\"0\",\"keywords\":[]},\"meta\":false,\"postlink\":\"https:\/\/www.cykloromantika.cz\/foto-2023-05-21-17\/\"},{\"id\":7916,\"title\":\"Foto 2023 05 21 18\",\"url\":\"https:\/\/www.cykloromantika.cz\/wp-content\/uploads\/2023\/06\/foto-2023-05-21-18.jpg\",\"link\":\"https:\/\/www.cykloromantika.cz\/foto-2023-05-21-18\/\",\"alt\":\"\",\"description\":\"\",\"caption\":\"P\u0159ehrada \u0160ance\",\"mime\":\"image\/jpeg\",\"type\":\"image\",\"width\":1024,\"height\":768,\"sizes\":{\"thumbnail\":{\"height\":113,\"width\":150,\"url\":\"https:\/\/www.cykloromantika.cz\/wp-content\/uploads\/2023\/06\/foto-2023-05-21-18-150x113.jpg\",\"orientation\":\"landscape\"},\"medium\":{\"height\":225,\"width\":300,\"url\":\"https:\/\/www.cykloromantika.cz\/wp-content\/uploads\/2023\/06\/foto-2023-05-21-18-300x225.jpg\",\"orientation\":\"landscape\"},\"full\":{\"url\":\"https:\/\/www.cykloromantika.cz\/wp-content\/uploads\/2023\/06\/foto-2023-05-21-18.jpg\",\"height\":768,\"width\":1024,\"orientation\":\"landscape\"}},\"imageMeta\":{\"aperture\":\"1.7\",\"credit\":\"\",\"camera\":\"SM-G955F\",\"caption\":\"\",\"created_timestamp\":\"1684686499\",\"copyright\":\"\",\"focal_length\":\"4.2\",\"iso\":\"40\",\"shutter_speed\":\"0.00185185185185\",\"title\":\"\",\"orientation\":\"0\",\"keywords\":[]},\"meta\":false,\"postlink\":\"https:\/\/www.cykloromantika.cz\/foto-2023-05-21-18\/\"}],\"itemsMetaDataCollection\":[],\"useClobalSettings\":true,\"orderBy\":\"title\",\"galleryBorderRadius\":8,\"shareFacebook\":false,\"shareTwitter\":false,\"sharePinterest\":false,\"sharePost\":\"postlink\",\"sliderItemTitleEnable\":true,\"sliderSocialShareEnabled\":false}<\/script><script>(function(){if(window.PGC_SGB && window.PGC_SGB.searcher){window.PGC_SGB.searcher.initBlocks()}})()<\/script><\/div>\n<\/div><\/div>\n<\/div><\/div><\/div>\n","protected":false},"excerpt":{"rendered":"","protected":false},"author":3,"featured_media":7851,"comment_status":"open","ping_status":"open","sticky":false,"template":"","format":"standard","meta":{"_acf_changed":false,"pgc_sgb_lightbox_settings":"","footnotes":""},"categories":[31],"tags":[],"class_list":["post-7919","post","type-post","status-publish","format-standard","has-post-thumbnail","hentry","category-denicek"],"acf":[],"_links":{"self":[{"href":"https:\/\/www.cykloromantika.cz\/index.php\/wp-json\/wp\/v2\/posts\/7919","targetHints":{"allow":["GET"]}}],"collection":[{"href":"https:\/\/www.cykloromantika.cz\/index.php\/wp-json\/wp\/v2\/posts"}],"about":[{"href":"https:\/\/www.cykloromantika.cz\/index.php\/wp-json\/wp\/v2\/types\/post"}],"author":[{"embeddable":true,"href":"https:\/\/www.cykloromantika.cz\/index.php\/wp-json\/wp\/v2\/users\/3"}],"replies":[{"embeddable":true,"href":"https:\/\/www.cykloromantika.cz\/index.php\/wp-json\/wp\/v2\/comments?post=7919"}],"version-history":[{"count":31,"href":"https:\/\/www.cykloromantika.cz\/index.php\/wp-json\/wp\/v2\/posts\/7919\/revisions"}],"predecessor-version":[{"id":9036,"href":"https:\/\/www.cykloromantika.cz\/index.php\/wp-json\/wp\/v2\/posts\/7919\/revisions\/9036"}],"wp:featuredmedia":[{"embeddable":true,"href":"https:\/\/www.cykloromantika.cz\/index.php\/wp-json\/wp\/v2\/media\/7851"}],"wp:attachment":[{"href":"https:\/\/www.cykloromantika.cz\/index.php\/wp-json\/wp\/v2\/media?parent=7919"}],"wp:term":[{"taxonomy":"category","embeddable":true,"href":"https:\/\/www.cykloromantika.cz\/index.php\/wp-json\/wp\/v2\/categories?post=7919"},{"taxonomy":"post_tag","embeddable":true,"href":"https:\/\/www.cykloromantika.cz\/index.php\/wp-json\/wp\/v2\/tags?post=7919"}],"curies":[{"name":"wp","href":"https:\/\/api.w.org\/{rel}","templated":true}]}}