{"id":7731,"date":"2022-10-16T14:15:00","date_gmt":"2022-10-16T13:15:00","guid":{"rendered":"https:\/\/www.cykloromantika.cz\/?p=7731"},"modified":"2025-10-12T14:45:14","modified_gmt":"2025-10-12T13:45:14","slug":"2-podzimni-vyjezd-beskydy-chata-svarna-hanka","status":"publish","type":"post","link":"https:\/\/www.cykloromantika.cz\/index.php\/2022\/10\/16\/2-podzimni-vyjezd-beskydy-chata-svarna-hanka\/","title":{"rendered":"2.&nbsp;podzimn\u00ed v\u00fdjezd: Beskydy, chata \u0160varn\u00e1 Hanka"},"content":{"rendered":"<style>.kt-tabs-id7731_009702-60 > .kt-tabs-content-wrap > .wp-block-kadence-tab{border-top:1px solid #eeeeee;border-right:0px solid #eeeeee;border-bottom:0px solid #eeeeee;border-left:0px solid #eeeeee;border-top-left-radius:0px;border-top-right-radius:0px;border-bottom-right-radius:0px;border-bottom-left-radius:0px;padding-top:20px;padding-right:0px;padding-bottom:20px;padding-left:0px;background:#ffffff;}.wp-block-kadence-tabs .kt-tabs-id7731_009702-60 > .kt-tabs-title-list li{margin-top:0px;margin-right:8px;margin-bottom:0px;margin-left:0px;}.wp-block-kadence-tabs .kt-tabs-id7731_009702-60 > .kt-tabs-title-list li:last-child{margin-right:0px;}.wp-block-kadence-tabs .kt-tabs-id7731_009702-60 > .kt-tabs-title-list li .kt-tab-title, .wp-block-kadence-tabs .kt-tabs-id7731_009702-60 > .kt-tabs-content-wrap > .kt-tabs-accordion-title .kt-tab-title{line-height:1.4em;font-weight:400;font-style:normal;text-transform:uppercase;border-top-width:0px;border-right-width:0px;border-bottom-width:0px;border-left-width:0px;border-top-left-radius:0px;border-top-right-radius:0px;border-bottom-right-radius:0px;border-bottom-left-radius:0px;padding-top:8px;padding-right:20px;padding-bottom:8px;padding-left:20px;border-color:#ffffff;color:#555555;background:#ffffff;}.wp-block-kadence-tabs .kt-tabs-id7731_009702-60 > .kt-tabs-content-wrap > .kt-tabs-accordion-title .kt-tab-title{margin-top:0px;margin-right:8px;margin-bottom:0px;margin-left:0px;}.wp-block-kadence-tabs .kt-tabs-id7731_009702-60 > .kt-tabs-title-list li .kt-tab-title:hover, .wp-block-kadence-tabs .kt-tabs-id7731_009702-60 > .kt-tabs-content-wrap > .kt-tabs-accordion-title .kt-tab-title:hover{border-color:#555555;color:#086abd;background:#ffffff;}.wp-block-kadence-tabs .kt-tabs-id7731_009702-60 > .kt-tabs-title-list li.kt-tab-title-active .kt-tab-title, .wp-block-kadence-tabs .kt-tabs-id7731_009702-60 > .kt-tabs-content-wrap > .kt-tabs-accordion-title.kt-tab-title-active .kt-tab-title{border-color:#555555;color:#086abd;background:#ffffff;}.wp-block-kadence-tabs .kt-tabs-id7731_009702-60 > .kt-tabs-title-list li svg{font-size:24px;}@media all and (max-width: 1024px){.kt-tabs-id7731_009702-60 > .kt-tabs-content-wrap > .wp-block-kadence-tab{border-top:1px solid #eeeeee;border-right:0px solid #eeeeee;border-bottom:0px solid #eeeeee;border-left:0px solid #eeeeee;}}@media all and (max-width: 767px){.kt-tabs-id7731_009702-60 > .kt-tabs-content-wrap > .wp-block-kadence-tab{border-top:1px solid #eeeeee;border-right:0px solid #eeeeee;border-bottom:0px solid #eeeeee;border-left:0px solid #eeeeee;}}<\/style>\n<div class=\"wp-block-kadence-tabs alignnone\"><div class=\"kt-tabs-wrap kt-tabs-id7731_009702-60 kt-tabs-has-3-tabs kt-active-tab-3 kt-tabs-layout-tabs kt-tabs-tablet-layout-inherit kt-tabs-mobile-layout-inherit kt-tab-alignment-center \"><ul class=\"kt-tabs-title-list\"><li id=\"tab-trasa\" class=\"kt-title-item kt-title-item-1 kt-tabs-svg-show-always kt-tabs-icon-side-top kt-tab-title-inactive\"><a href=\"#tab-trasa\" data-tab=\"1\" class=\"kt-tab-title kt-tab-title-1 \"><span class=\"kb-svg-icon-wrap kb-svg-icon-fe_map\"><svg viewBox=\"0 0 24 24\"  fill=\"none\" stroke=\"currentColor\" stroke-width=\"2\" stroke-linecap=\"round\" stroke-linejoin=\"round\" xmlns=\"http:\/\/www.w3.org\/2000\/svg\"  aria-hidden=\"true\"><polygon points=\"1 6 1 22 8 18 16 22 23 18 23 2 16 6 8 2 1 6\"\/><line x1=\"8\" y1=\"2\" x2=\"8\" y2=\"18\"\/><line x1=\"16\" y1=\"6\" x2=\"16\" y2=\"22\"\/><\/svg><\/span><span class=\"kt-title-text\">Trasa<\/span><\/a><\/li><li id=\"tab-zitky\" class=\"kt-title-item kt-title-item-2 kt-tabs-svg-show-always kt-tabs-icon-side-top kt-tab-title-inactive\"><a href=\"#tab-zitky\" data-tab=\"2\" class=\"kt-tab-title kt-tab-title-2 \"><span class=\"kb-svg-icon-wrap kb-svg-icon-fe_alignLeft\"><svg viewBox=\"0 0 24 24\"  fill=\"none\" stroke=\"currentColor\" stroke-width=\"2\" stroke-linecap=\"round\" stroke-linejoin=\"round\" xmlns=\"http:\/\/www.w3.org\/2000\/svg\"  aria-hidden=\"true\"><line x1=\"17\" y1=\"10\" x2=\"3\" y2=\"10\"\/><line x1=\"21\" y1=\"6\" x2=\"3\" y2=\"6\"\/><line x1=\"21\" y1=\"14\" x2=\"3\" y2=\"14\"\/><line x1=\"17\" y1=\"18\" x2=\"3\" y2=\"18\"\/><\/svg><\/span><span class=\"kt-title-text\">Z\u00e1\u017eitky<\/span><\/a><\/li><li id=\"tab-fotky\" class=\"kt-title-item kt-title-item-3 kt-tabs-svg-show-always kt-tabs-icon-side-top kt-tab-title-active\"><a href=\"#tab-fotky\" data-tab=\"3\" class=\"kt-tab-title kt-tab-title-3 \"><span class=\"kb-svg-icon-wrap kb-svg-icon-fe_camera\"><svg viewBox=\"0 0 24 24\"  fill=\"none\" stroke=\"currentColor\" stroke-width=\"2\" stroke-linecap=\"round\" stroke-linejoin=\"round\" xmlns=\"http:\/\/www.w3.org\/2000\/svg\"  aria-hidden=\"true\"><path d=\"M23 19a2 2 0 0 1-2 2H3a2 2 0 0 1-2-2V8a2 2 0 0 1 2-2h4l2-3h6l2 3h4a2 2 0 0 1 2 2z\"\/><circle cx=\"12\" cy=\"13\" r=\"4\"\/><\/svg><\/span><span class=\"kt-title-text\">Fotky<\/span><\/a><\/li><\/ul><div class=\"kt-tabs-content-wrap\">\n<div class=\"wp-block-kadence-tab kt-tab-inner-content kt-inner-tab-1 kt-inner-tab3d01b1-8c\"><div class=\"kt-tab-inner-content-inner\">\n<p><strong>1.&nbsp;den:<\/strong> Ostrava \u2013 Fr\u00fddlant nad Ostravic\u00ed \u2013 Ostravice (Beskydsk\u00fd pivov\u00e1rek) \u2013 vodn\u00ed n\u00e1dr\u017e \u0160ance \u2013 Kobylanka \u2013 Lys\u00e1 hora (1324&nbsp;m n. m.) \u2013 T\u011b\u0161i\u0148oky \u2013 Poled\u0148ana \u2013 \u0160varn\u00e1 Hanka<\/p>\n\n\n\n<p id=\"3-rijna-2021\"><strong>2.&nbsp;den:<\/strong> \u0160varn\u00e1 Hanka \u2013 B\u00edl\u00fd k\u0159\u00ed\u017e \u2013 Star\u00e9 Hamry \u2013 Podol\u00e1nky \u2013 \u010celadn\u00e1 \u2013 Fr\u00fddlant nad Ostravic\u00ed \u2013 Ostrava<\/p>\n\n\n\n<ul class=\"wp-block-list\">\n<li>najeto: 135 km<\/li>\n\n\n\n<li>nejni\u017e\u0161\u00ed a nejvy\u0161\u0161\u00ed bod: 227-1324&nbsp;m n. m. <\/li>\n\n\n\n<li>stoup\u00e1n\u00ed: 1753&nbsp;m <\/li>\n\n\n\n<li>kles\u00e1n\u00ed: 1753&nbsp;m<\/li>\n<\/ul>\n\n\n<div class=\"pgc-sgb-cb wp-block-pgcsimplygalleryblock-slider \" data-gallery-id=\"f8e17791\"style=&quot;min-height:400px&quot;><div class=\"sgb-preloader\" id=\"pr_f8e17791\">\n\t<div class=\"sgb-square\" style=\"background:#d4d4d4\"><\/div>\n\t<div class=\"sgb-square\" style=\"background:#d4d4d4\"><\/div>\n\t<div class=\"sgb-square\" style=\"background:#d4d4d4\"><\/div>\n\t<div class=\"sgb-square\" style=\"background:#d4d4d4\"><\/div><\/div><div class=\"simply-gallery-amp pgc_sgb_slider \"><noscript><div class=\"sgb-gallery\"><div class=\"sgb-item\"><a href=\"https:\/\/www.cykloromantika.cz\/mapa-2022-1015-01\/\" target=\"_blank\"><img decoding=\"async\" alt=\"\" width=\"300\" height=\"155\" loading=\"lazy\" src=\"https:\/\/www.cykloromantika.cz\/wp-content\/uploads\/2022\/11\/mapa-2022-1015-01-300x155.jpg\" srcset=\"https:\/\/www.cykloromantika.cz\/wp-content\/uploads\/2022\/11\/mapa-2022-1015-01-300x155.jpg 300w,https:\/\/www.cykloromantika.cz\/wp-content\/uploads\/2022\/11\/mapa-2022-1015-01.jpg 1024w\" sizes=\"auto, 250px\"\/><\/a><\/div><div class=\"sgb-item\"><a href=\"https:\/\/www.cykloromantika.cz\/mapa-2022-1015-02\/\" target=\"_blank\"><img decoding=\"async\" alt=\"\" width=\"300\" height=\"155\" loading=\"lazy\" src=\"https:\/\/www.cykloromantika.cz\/wp-content\/uploads\/2022\/11\/mapa-2022-1015-02-300x155.jpg\" srcset=\"https:\/\/www.cykloromantika.cz\/wp-content\/uploads\/2022\/11\/mapa-2022-1015-02-300x155.jpg 300w,https:\/\/www.cykloromantika.cz\/wp-content\/uploads\/2022\/11\/mapa-2022-1015-02.jpg 1024w\" sizes=\"auto, 250px\"\/><\/a><\/div><div class=\"sgb-item\"><a href=\"https:\/\/www.cykloromantika.cz\/mapa-2022-1016-01\/\" target=\"_blank\"><img decoding=\"async\" alt=\"\" width=\"300\" height=\"155\" loading=\"lazy\" src=\"https:\/\/www.cykloromantika.cz\/wp-content\/uploads\/2022\/11\/mapa-2022-1016-01-300x155.jpg\" srcset=\"https:\/\/www.cykloromantika.cz\/wp-content\/uploads\/2022\/11\/mapa-2022-1016-01-300x155.jpg 300w,https:\/\/www.cykloromantika.cz\/wp-content\/uploads\/2022\/11\/mapa-2022-1016-01.jpg 1024w\" sizes=\"auto, 250px\"\/><\/a><\/div><div class=\"sgb-item\"><a href=\"https:\/\/www.cykloromantika.cz\/mapa-2022-1016-02\/\" target=\"_blank\"><img decoding=\"async\" alt=\"\" width=\"300\" height=\"155\" loading=\"lazy\" src=\"https:\/\/www.cykloromantika.cz\/wp-content\/uploads\/2022\/11\/mapa-2022-1016-02-300x155.jpg\" srcset=\"https:\/\/www.cykloromantika.cz\/wp-content\/uploads\/2022\/11\/mapa-2022-1016-02-300x155.jpg 300w,https:\/\/www.cykloromantika.cz\/wp-content\/uploads\/2022\/11\/mapa-2022-1016-02.jpg 1024w\" sizes=\"auto, 250px\"\/><\/a><\/div><div class=\"sgb-item\"><a href=\"https:\/\/www.cykloromantika.cz\/mapa-2022-1016-03\/\" target=\"_blank\"><img decoding=\"async\" alt=\"\" width=\"300\" height=\"155\" loading=\"lazy\" src=\"https:\/\/www.cykloromantika.cz\/wp-content\/uploads\/2022\/11\/mapa-2022-1016-03-300x155.jpg\" srcset=\"https:\/\/www.cykloromantika.cz\/wp-content\/uploads\/2022\/11\/mapa-2022-1016-03-300x155.jpg 300w,https:\/\/www.cykloromantika.cz\/wp-content\/uploads\/2022\/11\/mapa-2022-1016-03.jpg 1024w\" sizes=\"auto, 250px\"\/><\/a><\/div><\/div><\/noscript><\/div><script type=\"application\/json\" class=\"sgb-data\">{\"externalLinkDefName\":\"d\u00e1le\",\"captionHAlign\":\"bottom\",\"collectionthumbHoverTitleFontSize\":12,\"collectionthumbRoundedCorners\":8,\"collectionthumbHoverTitleTextBgColor\":\"rgba(0,0,0,0.44)\",\"collectionThumbSubMenuShare\":false,\"sliderAdminWidth\":0,\"collectionColumns\":2,\"galleryType\":\"pgc_sgb_slider\",\"galleryId\":\"f8e17791\",\"images\":[{\"id\":7740,\"title\":\"Mapa 2022 1015 01\",\"url\":\"https:\/\/www.cykloromantika.cz\/wp-content\/uploads\/2022\/11\/mapa-2022-1015-01.jpg\",\"link\":\"https:\/\/www.cykloromantika.cz\/mapa-2022-1015-01\/\",\"alt\":\"\",\"description\":\"\",\"caption\":\"\",\"mime\":\"image\/jpeg\",\"type\":\"image\",\"width\":1024,\"height\":530,\"sizes\":{\"thumbnail\":{\"height\":78,\"width\":150,\"url\":\"https:\/\/www.cykloromantika.cz\/wp-content\/uploads\/2022\/11\/mapa-2022-1015-01-150x78.jpg\",\"orientation\":\"landscape\"},\"medium\":{\"height\":155,\"width\":300,\"url\":\"https:\/\/www.cykloromantika.cz\/wp-content\/uploads\/2022\/11\/mapa-2022-1015-01-300x155.jpg\",\"orientation\":\"landscape\"},\"full\":{\"url\":\"https:\/\/www.cykloromantika.cz\/wp-content\/uploads\/2022\/11\/mapa-2022-1015-01.jpg\",\"height\":530,\"width\":1024,\"orientation\":\"landscape\"}},\"meta\":false,\"postlink\":\"https:\/\/www.cykloromantika.cz\/mapa-2022-1015-01\/\"},{\"id\":7741,\"title\":\"Mapa 2022 1015 02\",\"url\":\"https:\/\/www.cykloromantika.cz\/wp-content\/uploads\/2022\/11\/mapa-2022-1015-02.jpg\",\"link\":\"https:\/\/www.cykloromantika.cz\/mapa-2022-1015-02\/\",\"alt\":\"\",\"description\":\"\",\"caption\":\"\",\"mime\":\"image\/jpeg\",\"type\":\"image\",\"width\":1024,\"height\":530,\"sizes\":{\"thumbnail\":{\"height\":78,\"width\":150,\"url\":\"https:\/\/www.cykloromantika.cz\/wp-content\/uploads\/2022\/11\/mapa-2022-1015-02-150x78.jpg\",\"orientation\":\"landscape\"},\"medium\":{\"height\":155,\"width\":300,\"url\":\"https:\/\/www.cykloromantika.cz\/wp-content\/uploads\/2022\/11\/mapa-2022-1015-02-300x155.jpg\",\"orientation\":\"landscape\"},\"full\":{\"url\":\"https:\/\/www.cykloromantika.cz\/wp-content\/uploads\/2022\/11\/mapa-2022-1015-02.jpg\",\"height\":530,\"width\":1024,\"orientation\":\"landscape\"}},\"meta\":false,\"postlink\":\"https:\/\/www.cykloromantika.cz\/mapa-2022-1015-02\/\"},{\"id\":7742,\"title\":\"Mapa 2022 1016 01\",\"url\":\"https:\/\/www.cykloromantika.cz\/wp-content\/uploads\/2022\/11\/mapa-2022-1016-01.jpg\",\"link\":\"https:\/\/www.cykloromantika.cz\/mapa-2022-1016-01\/\",\"alt\":\"\",\"description\":\"\",\"caption\":\"\",\"mime\":\"image\/jpeg\",\"type\":\"image\",\"width\":1024,\"height\":530,\"sizes\":{\"thumbnail\":{\"height\":78,\"width\":150,\"url\":\"https:\/\/www.cykloromantika.cz\/wp-content\/uploads\/2022\/11\/mapa-2022-1016-01-150x78.jpg\",\"orientation\":\"landscape\"},\"medium\":{\"height\":155,\"width\":300,\"url\":\"https:\/\/www.cykloromantika.cz\/wp-content\/uploads\/2022\/11\/mapa-2022-1016-01-300x155.jpg\",\"orientation\":\"landscape\"},\"full\":{\"url\":\"https:\/\/www.cykloromantika.cz\/wp-content\/uploads\/2022\/11\/mapa-2022-1016-01.jpg\",\"height\":530,\"width\":1024,\"orientation\":\"landscape\"}},\"meta\":false,\"postlink\":\"https:\/\/www.cykloromantika.cz\/mapa-2022-1016-01\/\"},{\"id\":7743,\"title\":\"Mapa 2022 1016 02\",\"url\":\"https:\/\/www.cykloromantika.cz\/wp-content\/uploads\/2022\/11\/mapa-2022-1016-02.jpg\",\"link\":\"https:\/\/www.cykloromantika.cz\/mapa-2022-1016-02\/\",\"alt\":\"\",\"description\":\"\",\"caption\":\"\",\"mime\":\"image\/jpeg\",\"type\":\"image\",\"width\":1024,\"height\":530,\"sizes\":{\"thumbnail\":{\"height\":78,\"width\":150,\"url\":\"https:\/\/www.cykloromantika.cz\/wp-content\/uploads\/2022\/11\/mapa-2022-1016-02-150x78.jpg\",\"orientation\":\"landscape\"},\"medium\":{\"height\":155,\"width\":300,\"url\":\"https:\/\/www.cykloromantika.cz\/wp-content\/uploads\/2022\/11\/mapa-2022-1016-02-300x155.jpg\",\"orientation\":\"landscape\"},\"full\":{\"url\":\"https:\/\/www.cykloromantika.cz\/wp-content\/uploads\/2022\/11\/mapa-2022-1016-02.jpg\",\"height\":530,\"width\":1024,\"orientation\":\"landscape\"}},\"meta\":false,\"postlink\":\"https:\/\/www.cykloromantika.cz\/mapa-2022-1016-02\/\"},{\"id\":7744,\"title\":\"Mapa 2022 1016 03\",\"url\":\"https:\/\/www.cykloromantika.cz\/wp-content\/uploads\/2022\/11\/mapa-2022-1016-03.jpg\",\"link\":\"https:\/\/www.cykloromantika.cz\/mapa-2022-1016-03\/\",\"alt\":\"\",\"description\":\"\",\"caption\":\"\",\"mime\":\"image\/jpeg\",\"type\":\"image\",\"width\":1024,\"height\":530,\"sizes\":{\"thumbnail\":{\"height\":78,\"width\":150,\"url\":\"https:\/\/www.cykloromantika.cz\/wp-content\/uploads\/2022\/11\/mapa-2022-1016-03-150x78.jpg\",\"orientation\":\"landscape\"},\"medium\":{\"height\":155,\"width\":300,\"url\":\"https:\/\/www.cykloromantika.cz\/wp-content\/uploads\/2022\/11\/mapa-2022-1016-03-300x155.jpg\",\"orientation\":\"landscape\"},\"full\":{\"url\":\"https:\/\/www.cykloromantika.cz\/wp-content\/uploads\/2022\/11\/mapa-2022-1016-03.jpg\",\"height\":530,\"width\":1024,\"orientation\":\"landscape\"}},\"meta\":false,\"postlink\":\"https:\/\/www.cykloromantika.cz\/mapa-2022-1016-03\/\"}],\"orderBy\":\"title\",\"galleryBorderRadius\":8,\"shareFacebook\":false,\"shareTwitter\":false,\"sharePinterest\":false,\"sharePost\":\"postlink\",\"sliderSocialShareEnabled\":false,\"itemsMetaDataCollection\":[]}<\/script><script>(function(){if(window.PGC_SGB && window.PGC_SGB.searcher){window.PGC_SGB.searcher.initBlocks()}})()<\/script><\/div><\/div><\/div>\n\n\n\n<div class=\"wp-block-kadence-tab kt-tab-inner-content kt-inner-tab-2 kt-inner-tabb2c198-37\"><div class=\"kt-tab-inner-content-inner\">\n<h2 class=\"wp-block-heading\">Den prvn\u00ed<\/h2>\n\n\n\n<p>Inspirace jednou fotkou kump\u00e1na Toma z&nbsp;Lys\u00e9 hory, tak by se dal charakterizovat leto\u0161n\u00ed podzimn\u00ed v\u00fdjezd. Vyjet na Lysou horu taky. Pak u\u017e jen zvolit vhodn\u00fd nocleh. Volba padla na \u0160varnou Hanku. N\u011bkte\u0159\u00ed n\u00e1s od toho zrazovali, ale marn\u011b.<\/p>\n\n\n\n<p>Sr\u00e1\u017e\u00edme se u hrabovsk\u00e9 l\u00e1vky. Posledn\u00ed nen\u00ed Bob, p\u0159esto\u017ee to m\u00e1 nejd\u00e1le, ale oba Tomov\u00e9, z&nbsp;nich\u017e jeden \u0159e\u0161il r\u00e1no kr\u00e1lovsk\u00e9 probl\u00e9my. Asi tr\u00e9ma, nebo co! Po posiln\u011bn\u00ed se bylinkami se vyd\u00e1v\u00e1me na na\u0161\u00ed zn\u00e1mou trasu kolem Ostravice. Jedeme kompaktn\u011b, jen za Ba\u0161kou se n\u00e1m ztrat\u00ed Du\u0161\u00edk. Jak je u n\u011bj zvykem, v\u017edy jej mus\u00edme hledat vep\u0159edu. Tentokr\u00e1t n\u00e1m ujel asi o 15 minut, kter\u00e9 vyu\u017e\u00edv\u00e1 k&nbsp;v\u00fdb\u011bru z&nbsp;bankomatu ve Fr\u00fddlantu.<\/p>\n\n\n\n<p>Z n\u011bj pokra\u010dujeme na Ostravici, kolem Pe\u0159ej\u00ed \u2013 kr\u00e1sn\u00e9ho m\u00edsta na horn\u00edm toku \u0159eky Ostravice, do Beskydsk\u00e9ho pivov\u00e1rku. D\u00e1me pol\u00e9vku, ochutn\u00e1me pivo \u2013 s\u00edlu budeme pot\u0159ebovat. Z&nbsp;pod hr\u00e1ze p\u0159ehrady \u0160ance za\u010d\u00edn\u00e1me stoupat a nep\u0159estaneme, dokud nebudeme na Lys\u00e9 ho\u0159e. Pravda, na trase se dostane ke slovu i n\u011bkolik sjezd\u016f, ale opravdu jen n\u011bkolik a ne moc dlouh\u00fdch. V\u00fdhledu jsou ale kr\u00e1sn\u00e9, zejm\u00e9na kolem Kobylanky. Spadan\u00e9 list\u00ed tvo\u0159\u00ed p\u011bkn\u00fd podklad, a\u0165 se nemus\u00edme d\u00edvat jen dol\u016f na asfalt.<\/p>\n\n\n\n<p>Postupn\u011b se &#8222;dostaneme&#8220; na vrchol v\u0161ichni. Zachr\u00e1n\u00edme se od hla\u010f\u00e1ku pol\u00e9vkou a hlavn\u00edm chodem (halu\u0161ky, kynut\u00fd knedl\u00edk). Po regeneraci chceme sjet dol\u016f na T\u011b\u0161i\u0148oky, ale nejprve se pot\u0159ebujeme obl\u00e9ct. Na ho\u0159e nepanuj\u00ed zrovna cyklistick\u00e9 podm\u00ednky \u2013 zima (7&nbsp;\u00b0C) a v\u00edtr (15 m\/s). Hon\u00edme svr\u0161ky, kter\u00e9 n\u00e1m v\u00edtr rozfouk\u00e1v\u00e1. Poda\u0159\u00ed se n\u00e1m to a m\u016f\u017eeme je\u0161t\u011b d\u00e1t vrcholov\u00e9 fotky.<\/p>\n\n\n\n<p>Cestou dol\u016f se znateln\u011b otepl\u00ed a tak na T\u011b\u0161i\u0148ok\u00e1ch znovu p\u0159ebalujeme. Za\u010d\u00edn\u00e1me stoupat na Poled\u0148anu a d\u00e1le na Gru\u0148. V\u00fdjezd je n\u00e1ro\u010dn\u00fd, ale ne tolik jako ten na Lysou horu. Strm\u00e9 pas\u00e1\u017ee se st\u0159\u00eddaj\u00ed s&nbsp;plo\u0161\u0161\u00edmi. Na h\u0159ebeni n\u00e1s je\u0161t\u011b \u010dek\u00e1 posledn\u00ed stojka p\u0159ed \u0160varnou Hankou, u\u017e s&nbsp;kr\u00e1sn\u00fdmi v\u00fdhledy na Slovensko. Ke \u0160varn\u00e9 Hance dor\u00e1\u017e\u00ed posledn\u00ed kolem p\u016fl \u0161est\u00e9. Akor\u00e1t se ubytovat a na ve\u010de\u0159i.<\/p>\n\n\n\n<p>Kdo n\u00e1m p\u0159edpov\u00eddal, \u017ee \u0160varn\u00e1 Hanka nefunguje, vyd\u00e1v\u00e1 pouze p\u0159es ok\u00e9nko a v\u016fbec je tam mrtvo, ten by se divil jako my. Venku jede z\u00e1bava ve velk\u00e9m, s&nbsp;\u017eivou muzikou k&nbsp;poslechu i tanci a grilem. Ne\u017e dojdeme na ve\u010de\u0159i, je u\u017e cel\u00e1 partyja vevnit\u0159 a n\u00e1s ur\u010dit\u011b ne\u010dek\u00e1 klidn\u00fd ve\u010der s&nbsp;odpo\u010dinkov\u00fdm programem. J\u00eddlo, pivo, tanec, slivka, lysohorsk\u00e1, tanec a tak po\u0159\u00e1d dokola.<\/p>\n\n\n\n<h2 class=\"wp-block-heading\">Den druh\u00fd<\/h2>\n\n\n\n<p>Bud\u00edme se na sn\u00eddani. P\u0159ijde n\u00e1m vhod. Co ale ne, jsou &#8222;kolegov\u00e9&#8220; z&nbsp;p\u0159edchoz\u00edho ve\u010dera, kter\u00fd si cht\u011bj\u00ed st\u016fj co st\u016fj p\u0159ipomenout. Odjezd nen\u00ed lehk\u00fd a n\u011bkte\u0159\u00ed z&nbsp;n\u00e1s vol\u00ed rad\u011bji ch\u016fzi, ne\u017e j\u00edzdu na kole. Na B\u00edl\u00e9m k\u0159\u00ed\u017ei dopln\u00edme \u017eiviny pol\u00e9vkou, odv\u00e1\u017en\u011bj\u0161\u00ed i pivem. Cesta dol\u016f na Star\u00e9 Hamry je pon\u011bkud zaml\u017een\u00e1. Po kr\u00e1tk\u00e9m intermezzu na hlavn\u00ed silnici s&nbsp;chut\u00ed odbo\u010dujeme na p\u011bknou cestu \u00fadol\u00edm Velk\u00e9ho potoka na Podol\u00e1nky. <\/p>\n\n\n\n<p>Ty se m\u00e1lem stanou kone\u010dnou pro Toma. Ramon, kter\u00fd jel p\u0159ed n\u00edm a kter\u00e9ho cht\u011bl Tom dojet, ubrzdil p\u0159ekvapivou zat\u00e1\u010dku na posledn\u00ed chv\u00edli. Tom ale brzd\u011bn\u00ed do zat\u00e1\u010dky neustoj\u00ed a sklouzne se podzimn\u00edm list\u00edm na \u0161t\u011brkov\u00e9m okraji. &#8222;Na\u0161t\u011bst\u00ed&#8220; to odnesla jen sed\u0159en\u00e1 ruka a kalhoty. Taky kotn\u00edk bol\u00ed, ale ten se ozve a\u017e ve\u010der. Uklid\u0148ujeme se a te\u010f u\u017e mnohem obez\u0159etn\u011bji se p\u0159ibli\u017eujeme do \u010celadn\u00e9. <\/p>\n\n\n\n<p>Zastav\u00edme se u kapli\u010dky, pak na chv\u00edli do restaurace U Walda (p\u0159enos Ban\u00edku v&nbsp;TV) a pak \u00fabo\u010d\u00edm Smrku s&nbsp;kr\u00e1sn\u00fdmi v\u00fdhledy na mas\u00edv Lys\u00e9 hory do Fr\u00fddlantu. Na odpoledn\u00ed hlavn\u00ed j\u00eddlo se stav\u00edme Na Harcovn\u011b. Od n\u00ed u\u017e se sv\u011btly jedeme bez zastaven\u00ed a\u017e do Ostravy. Rozlou\u010d\u00edme se s&nbsp;Bobem zase u hrabovsk\u00e9 l\u00e1vky a tak\u00e9 m\u00ed\u0159\u00edme do bl\u00edzk\u00e9ho domova&#8230; Tedy, do H\u0148upa, a\u017e pak dom\u016f!<\/p>\n<\/div><\/div>\n\n\n\n<div class=\"wp-block-kadence-tab kt-tab-inner-content kt-inner-tab-3 kt-inner-tab81606d-8b\"><div class=\"kt-tab-inner-content-inner\"><div class=\"pgc-sgb-cb wp-block-pgcsimplygalleryblock-justified \" data-gallery-id=\"78434430\"><div class=\"sgb-preloader\" id=\"pr_78434430\">\n\t<div class=\"sgb-square\" style=\"background:#d4d4d4\"><\/div>\n\t<div class=\"sgb-square\" style=\"background:#d4d4d4\"><\/div>\n\t<div class=\"sgb-square\" style=\"background:#d4d4d4\"><\/div>\n\t<div class=\"sgb-square\" style=\"background:#d4d4d4\"><\/div><\/div><div class=\"simply-gallery-amp pgc_sgb_slider \"><noscript><div class=\"sgb-gallery\"><div class=\"sgb-item\"><a href=\"https:\/\/www.cykloromantika.cz\/foto-2022-1015-01\/\" target=\"_blank\"><img decoding=\"async\" alt=\"\" width=\"300\" height=\"225\" loading=\"lazy\" src=\"https:\/\/www.cykloromantika.cz\/wp-content\/uploads\/2022\/11\/foto-2022-1015-01-300x225.jpg\" srcset=\"https:\/\/www.cykloromantika.cz\/wp-content\/uploads\/2022\/11\/foto-2022-1015-01-300x225.jpg 300w,https:\/\/www.cykloromantika.cz\/wp-content\/uploads\/2022\/11\/foto-2022-1015-01.jpg 1024w\" sizes=\"auto, 250px\"\/><\/a><div class=\"sgb-item-caption\"><em>Sraz u hrabovsk\u00e9 l\u00e1vky<\/em><\/div><\/div><div class=\"sgb-item\"><a href=\"https:\/\/www.cykloromantika.cz\/foto-2022-1015-02\/\" target=\"_blank\"><img decoding=\"async\" alt=\"\" width=\"300\" height=\"169\" loading=\"lazy\" src=\"https:\/\/www.cykloromantika.cz\/wp-content\/uploads\/2022\/11\/foto-2022-1015-02-300x169.jpg\" srcset=\"https:\/\/www.cykloromantika.cz\/wp-content\/uploads\/2022\/11\/foto-2022-1015-02-300x169.jpg 300w,https:\/\/www.cykloromantika.cz\/wp-content\/uploads\/2022\/11\/foto-2022-1015-02.jpg 1024w\" sizes=\"auto, 250px\"\/><\/a><div class=\"sgb-item-caption\"><em>Kr\u00e1sn\u00fd podzimn\u00ed den (m\u00edsteck\u00fd park)<\/em><\/div><\/div><div class=\"sgb-item\"><a href=\"https:\/\/www.cykloromantika.cz\/foto-2022-1015-03\/\" target=\"_blank\"><img decoding=\"async\" alt=\"\" width=\"300\" height=\"200\" loading=\"lazy\" src=\"https:\/\/www.cykloromantika.cz\/wp-content\/uploads\/2022\/11\/foto-2022-1015-03-300x200.jpg\" srcset=\"https:\/\/www.cykloromantika.cz\/wp-content\/uploads\/2022\/11\/foto-2022-1015-03-300x200.jpg 300w,https:\/\/www.cykloromantika.cz\/wp-content\/uploads\/2022\/11\/foto-2022-1015-03.jpg 1024w\" sizes=\"auto, 250px\"\/><\/a><div class=\"sgb-item-caption\"><em>Brod\u00edme u Ba\u0161ky!<\/em><\/div><\/div><div class=\"sgb-item\"><a href=\"https:\/\/www.cykloromantika.cz\/foto-2022-1015-04\/\" target=\"_blank\"><img decoding=\"async\" alt=\"\" width=\"200\" height=\"300\" loading=\"lazy\" src=\"https:\/\/www.cykloromantika.cz\/wp-content\/uploads\/2022\/11\/foto-2022-1015-04-200x300.jpg\" srcset=\"https:\/\/www.cykloromantika.cz\/wp-content\/uploads\/2022\/11\/foto-2022-1015-04-200x300.jpg 200w,https:\/\/www.cykloromantika.cz\/wp-content\/uploads\/2022\/11\/foto-2022-1015-04.jpg 683w\" sizes=\"auto, 250px\"\/><\/a><div class=\"sgb-item-caption\"><em>Zkou\u0161ka ponoru vy\u0161la!<\/em><\/div><\/div><div class=\"sgb-item\"><a href=\"https:\/\/www.cykloromantika.cz\/foto-2022-1015-05\/\" target=\"_blank\"><img decoding=\"async\" alt=\"\" width=\"300\" height=\"200\" loading=\"lazy\" src=\"https:\/\/www.cykloromantika.cz\/wp-content\/uploads\/2022\/11\/foto-2022-1015-05-300x200.jpg\" srcset=\"https:\/\/www.cykloromantika.cz\/wp-content\/uploads\/2022\/11\/foto-2022-1015-05-300x200.jpg 300w,https:\/\/www.cykloromantika.cz\/wp-content\/uploads\/2022\/11\/foto-2022-1015-05.jpg 1024w\" sizes=\"auto, 250px\"\/><\/a><div class=\"sgb-item-caption\"><em>Na konci lesn\u00ed romantiky<\/em><\/div><\/div><div class=\"sgb-item\"><a href=\"https:\/\/www.cykloromantika.cz\/foto-2022-1015-06\/\" target=\"_blank\"><img decoding=\"async\" alt=\"\" width=\"300\" height=\"200\" loading=\"lazy\" src=\"https:\/\/www.cykloromantika.cz\/wp-content\/uploads\/2022\/11\/foto-2022-1015-06-300x200.jpg\" srcset=\"https:\/\/www.cykloromantika.cz\/wp-content\/uploads\/2022\/11\/foto-2022-1015-06-300x200.jpg 300w,https:\/\/www.cykloromantika.cz\/wp-content\/uploads\/2022\/11\/foto-2022-1015-06.jpg 1024w\" sizes=\"auto, 250px\"\/><\/a><div class=\"sgb-item-caption\"><em>Z\u016fstaneme u brambor!<\/em><\/div><\/div><div class=\"sgb-item\"><a href=\"https:\/\/www.cykloromantika.cz\/foto-2022-1015-07\/\" target=\"_blank\"><img decoding=\"async\" alt=\"\" width=\"300\" height=\"169\" loading=\"lazy\" src=\"https:\/\/www.cykloromantika.cz\/wp-content\/uploads\/2022\/11\/foto-2022-1015-07-300x169.jpg\" srcset=\"https:\/\/www.cykloromantika.cz\/wp-content\/uploads\/2022\/11\/foto-2022-1015-07-300x169.jpg 300w,https:\/\/www.cykloromantika.cz\/wp-content\/uploads\/2022\/11\/foto-2022-1015-07.jpg 1024w\" sizes=\"auto, 250px\"\/><\/a><div class=\"sgb-item-caption\"><em>P\u0159\u00edrodn\u00ed pam\u00e1tka Koryto \u0159eky Ostravice<\/em><\/div><\/div><div class=\"sgb-item\"><a href=\"https:\/\/www.cykloromantika.cz\/foto-2022-1015-08\/\" target=\"_blank\"><img decoding=\"async\" alt=\"\" width=\"300\" height=\"200\" loading=\"lazy\" src=\"https:\/\/www.cykloromantika.cz\/wp-content\/uploads\/2022\/11\/foto-2022-1015-08-300x200.jpg\" srcset=\"https:\/\/www.cykloromantika.cz\/wp-content\/uploads\/2022\/11\/foto-2022-1015-08-300x200.jpg 300w,https:\/\/www.cykloromantika.cz\/wp-content\/uploads\/2022\/11\/foto-2022-1015-08.jpg 1024w\" sizes=\"auto, 250px\"\/><\/a><div class=\"sgb-item-caption\"><em>M\u00edstn\u00ed tomuto m\u00edstu ne\u0159eknou jinak ne\u017e Pe\u0159eje.<\/em><\/div><\/div><div class=\"sgb-item\"><a href=\"https:\/\/www.cykloromantika.cz\/foto-2022-1015-09\/\" target=\"_blank\"><img decoding=\"async\" alt=\"\" width=\"300\" height=\"200\" loading=\"lazy\" src=\"https:\/\/www.cykloromantika.cz\/wp-content\/uploads\/2022\/11\/foto-2022-1015-09-300x200.jpg\" srcset=\"https:\/\/www.cykloromantika.cz\/wp-content\/uploads\/2022\/11\/foto-2022-1015-09-300x200.jpg 300w,https:\/\/www.cykloromantika.cz\/wp-content\/uploads\/2022\/11\/foto-2022-1015-09.jpg 1024w\" sizes=\"auto, 250px\"\/><\/a><div class=\"sgb-item-caption\"><em>P\u0159\u00edrodn\u00ed pam\u00e1tka Pe\u0159eje<\/em><\/div><\/div><div class=\"sgb-item\"><a href=\"https:\/\/www.cykloromantika.cz\/foto-2022-1015-10\/\" target=\"_blank\"><img decoding=\"async\" alt=\"\" width=\"225\" height=\"300\" loading=\"lazy\" src=\"https:\/\/www.cykloromantika.cz\/wp-content\/uploads\/2022\/11\/foto-2022-1015-10-225x300.jpg\" srcset=\"https:\/\/www.cykloromantika.cz\/wp-content\/uploads\/2022\/11\/foto-2022-1015-10-225x300.jpg 225w,https:\/\/www.cykloromantika.cz\/wp-content\/uploads\/2022\/11\/foto-2022-1015-10.jpg 768w\" sizes=\"auto, 250px\"\/><\/a><div class=\"sgb-item-caption\"><em>O Bohu\u0161ovi Loknovi<\/em><\/div><\/div><div class=\"sgb-item\"><a href=\"https:\/\/www.cykloromantika.cz\/foto-2022-1015-11\/\" target=\"_blank\"><img decoding=\"async\" alt=\"\" width=\"300\" height=\"200\" loading=\"lazy\" src=\"https:\/\/www.cykloromantika.cz\/wp-content\/uploads\/2022\/11\/foto-2022-1015-11-300x200.jpg\" srcset=\"https:\/\/www.cykloromantika.cz\/wp-content\/uploads\/2022\/11\/foto-2022-1015-11-300x200.jpg 300w,https:\/\/www.cykloromantika.cz\/wp-content\/uploads\/2022\/11\/foto-2022-1015-11.jpg 1024w\" sizes=\"auto, 250px\"\/><\/a><div class=\"sgb-item-caption\"><em>Posilujeme p\u0159ed v\u00fdjezdem na Lysou horu!<\/em><\/div><\/div><div class=\"sgb-item\"><a href=\"https:\/\/www.cykloromantika.cz\/foto-2022-1015-12\/\" target=\"_blank\"><img decoding=\"async\" alt=\"\" width=\"300\" height=\"200\" loading=\"lazy\" src=\"https:\/\/www.cykloromantika.cz\/wp-content\/uploads\/2022\/11\/foto-2022-1015-12-300x200.jpg\" srcset=\"https:\/\/www.cykloromantika.cz\/wp-content\/uploads\/2022\/11\/foto-2022-1015-12-300x200.jpg 300w,https:\/\/www.cykloromantika.cz\/wp-content\/uploads\/2022\/11\/foto-2022-1015-12.jpg 1024w\" sizes=\"auto, 250px\"\/><\/a><div class=\"sgb-item-caption\"><em>Prost\u0159ed\u00ed sice hezk\u00e9, ale d\u0159ina velk\u00e1!<\/em><\/div><\/div><div class=\"sgb-item\"><a href=\"https:\/\/www.cykloromantika.cz\/foto-2022-1015-13\/\" target=\"_blank\"><img decoding=\"async\" alt=\"\" width=\"225\" height=\"300\" loading=\"lazy\" src=\"https:\/\/www.cykloromantika.cz\/wp-content\/uploads\/2022\/11\/foto-2022-1015-13-225x300.jpg\" srcset=\"https:\/\/www.cykloromantika.cz\/wp-content\/uploads\/2022\/11\/foto-2022-1015-13-225x300.jpg 225w,https:\/\/www.cykloromantika.cz\/wp-content\/uploads\/2022\/11\/foto-2022-1015-13.jpg 768w\" sizes=\"auto, 250px\"\/><\/a><div class=\"sgb-item-caption\"><em>Ramon pot\u0159ebuje pomoc!<\/em><\/div><\/div><div class=\"sgb-item\"><a href=\"https:\/\/www.cykloromantika.cz\/foto-2022-1015-14\/\" target=\"_blank\"><img decoding=\"async\" alt=\"\" width=\"225\" height=\"300\" loading=\"lazy\" src=\"https:\/\/www.cykloromantika.cz\/wp-content\/uploads\/2022\/11\/foto-2022-1015-14-225x300.jpg\" srcset=\"https:\/\/www.cykloromantika.cz\/wp-content\/uploads\/2022\/11\/foto-2022-1015-14-225x300.jpg 225w,https:\/\/www.cykloromantika.cz\/wp-content\/uploads\/2022\/11\/foto-2022-1015-14.jpg 768w\" sizes=\"auto, 250px\"\/><\/a><div class=\"sgb-item-caption\"><em>A Du\u0161\u00edk se hned nab\u00edz\u00ed!<\/em><\/div><\/div><div class=\"sgb-item\"><a href=\"https:\/\/www.cykloromantika.cz\/foto-2022-1015-15\/\" target=\"_blank\"><img decoding=\"async\" alt=\"\" width=\"300\" height=\"200\" loading=\"lazy\" src=\"https:\/\/www.cykloromantika.cz\/wp-content\/uploads\/2022\/11\/foto-2022-1015-15-300x200.jpg\" srcset=\"https:\/\/www.cykloromantika.cz\/wp-content\/uploads\/2022\/11\/foto-2022-1015-15-300x200.jpg 300w,https:\/\/www.cykloromantika.cz\/wp-content\/uploads\/2022\/11\/foto-2022-1015-15.jpg 1024w\" sizes=\"auto, 250px\"\/><\/a><div class=\"sgb-item-caption\"><em>Je teplo, jako by ani nebyl \u0159\u00edjen!<\/em><\/div><\/div><div class=\"sgb-item\"><a href=\"https:\/\/www.cykloromantika.cz\/foto-2022-1015-16\/\" target=\"_blank\"><img decoding=\"async\" alt=\"\" width=\"225\" height=\"300\" loading=\"lazy\" src=\"https:\/\/www.cykloromantika.cz\/wp-content\/uploads\/2022\/11\/foto-2022-1015-16-225x300.jpg\" srcset=\"https:\/\/www.cykloromantika.cz\/wp-content\/uploads\/2022\/11\/foto-2022-1015-16-225x300.jpg 225w,https:\/\/www.cykloromantika.cz\/wp-content\/uploads\/2022\/11\/foto-2022-1015-16.jpg 768w\" sizes=\"auto, 250px\"\/><\/a><div class=\"sgb-item-caption\"><em>Je\u0161t\u011b posilnit?<\/em><\/div><\/div><div class=\"sgb-item\"><a href=\"https:\/\/www.cykloromantika.cz\/foto-2022-1015-18\/\" target=\"_blank\"><img decoding=\"async\" alt=\"\" width=\"225\" height=\"300\" loading=\"lazy\" src=\"https:\/\/www.cykloromantika.cz\/wp-content\/uploads\/2022\/11\/foto-2022-1015-18-225x300.jpg\" srcset=\"https:\/\/www.cykloromantika.cz\/wp-content\/uploads\/2022\/11\/foto-2022-1015-18-225x300.jpg 225w,https:\/\/www.cykloromantika.cz\/wp-content\/uploads\/2022\/11\/foto-2022-1015-18.jpg 768w\" sizes=\"auto, 250px\"\/><\/a><div class=\"sgb-item-caption\"><em>To\u017e ano!<\/em><\/div><\/div><div class=\"sgb-item\"><a href=\"https:\/\/www.cykloromantika.cz\/foto-2022-1015-19\/\" target=\"_blank\"><img decoding=\"async\" alt=\"\" width=\"200\" height=\"300\" loading=\"lazy\" src=\"https:\/\/www.cykloromantika.cz\/wp-content\/uploads\/2022\/11\/foto-2022-1015-19-200x300.jpg\" srcset=\"https:\/\/www.cykloromantika.cz\/wp-content\/uploads\/2022\/11\/foto-2022-1015-19-200x300.jpg 200w,https:\/\/www.cykloromantika.cz\/wp-content\/uploads\/2022\/11\/foto-2022-1015-19.jpg 683w\" sizes=\"auto, 250px\"\/><\/a><div class=\"sgb-item-caption\"><em>Kousek pod Kobylankou<\/em><\/div><\/div><div class=\"sgb-item\"><a href=\"https:\/\/www.cykloromantika.cz\/foto-2022-1015-20\/\" target=\"_blank\"><img decoding=\"async\" alt=\"\" width=\"300\" height=\"169\" loading=\"lazy\" src=\"https:\/\/www.cykloromantika.cz\/wp-content\/uploads\/2022\/11\/foto-2022-1015-20-300x169.jpg\" srcset=\"https:\/\/www.cykloromantika.cz\/wp-content\/uploads\/2022\/11\/foto-2022-1015-20-300x169.jpg 300w,https:\/\/www.cykloromantika.cz\/wp-content\/uploads\/2022\/11\/foto-2022-1015-20.jpg 1024w\" sizes=\"auto, 250px\"\/><\/a><div class=\"sgb-item-caption\"><em>Kousek pod Kobylankou (pohled dol\u016f)<\/em><\/div><\/div><div class=\"sgb-item\"><a href=\"https:\/\/www.cykloromantika.cz\/foto-2022-1015-21\/\" target=\"_blank\"><img decoding=\"async\" alt=\"\" width=\"300\" height=\"169\" loading=\"lazy\" src=\"https:\/\/www.cykloromantika.cz\/wp-content\/uploads\/2022\/11\/foto-2022-1015-21-300x169.jpg\" srcset=\"https:\/\/www.cykloromantika.cz\/wp-content\/uploads\/2022\/11\/foto-2022-1015-21-300x169.jpg 300w,https:\/\/www.cykloromantika.cz\/wp-content\/uploads\/2022\/11\/foto-2022-1015-21.jpg 1024w\" sizes=\"auto, 250px\"\/><\/a><div class=\"sgb-item-caption\"><em>V\u00fdhled na h\u0159eben Grun\u011b<\/em><\/div><\/div><div class=\"sgb-item\"><a href=\"https:\/\/www.cykloromantika.cz\/foto-2022-1015-22\/\" target=\"_blank\"><img decoding=\"async\" alt=\"\" width=\"169\" height=\"300\" loading=\"lazy\" src=\"https:\/\/www.cykloromantika.cz\/wp-content\/uploads\/2022\/11\/foto-2022-1015-22-169x300.jpg\" srcset=\"https:\/\/www.cykloromantika.cz\/wp-content\/uploads\/2022\/11\/foto-2022-1015-22-169x300.jpg 169w,https:\/\/www.cykloromantika.cz\/wp-content\/uploads\/2022\/11\/foto-2022-1015-22.jpg 576w\" sizes=\"auto, 250px\"\/><\/a><div class=\"sgb-item-caption\"><em>Lys\u00e1 hora nebyla daleko! Jak pro koho!<\/em><\/div><\/div><div class=\"sgb-item\"><a href=\"https:\/\/www.cykloromantika.cz\/foto-2022-1015-23\/\" target=\"_blank\"><img decoding=\"async\" alt=\"\" width=\"300\" height=\"169\" loading=\"lazy\" src=\"https:\/\/www.cykloromantika.cz\/wp-content\/uploads\/2022\/11\/foto-2022-1015-23-300x169.jpg\" srcset=\"https:\/\/www.cykloromantika.cz\/wp-content\/uploads\/2022\/11\/foto-2022-1015-23-300x169.jpg 300w,https:\/\/www.cykloromantika.cz\/wp-content\/uploads\/2022\/11\/foto-2022-1015-23.jpg 1024w\" sizes=\"auto, 250px\"\/><\/a><div class=\"sgb-item-caption\"><em>V\u00fdhled a\u017e na Slovensko<\/em><\/div><\/div><div class=\"sgb-item\"><a href=\"https:\/\/www.cykloromantika.cz\/foto-2022-1015-25\/\" target=\"_blank\"><img decoding=\"async\" alt=\"\" width=\"300\" height=\"169\" loading=\"lazy\" src=\"https:\/\/www.cykloromantika.cz\/wp-content\/uploads\/2022\/11\/foto-2022-1015-25-300x169.jpg\" srcset=\"https:\/\/www.cykloromantika.cz\/wp-content\/uploads\/2022\/11\/foto-2022-1015-25-300x169.jpg 300w,https:\/\/www.cykloromantika.cz\/wp-content\/uploads\/2022\/11\/foto-2022-1015-25.jpg 1024w\" sizes=\"auto, 250px\"\/><\/a><div class=\"sgb-item-caption\"><em>V\u00fdhled na \u00fadol\u00ed \u0160ance<\/em><\/div><\/div><div class=\"sgb-item\"><a href=\"https:\/\/www.cykloromantika.cz\/foto-2022-1015-24\/\" target=\"_blank\"><img decoding=\"async\" alt=\"\" width=\"300\" height=\"225\" loading=\"lazy\" src=\"https:\/\/www.cykloromantika.cz\/wp-content\/uploads\/2022\/11\/foto-2022-1015-24-300x225.jpg\" srcset=\"https:\/\/www.cykloromantika.cz\/wp-content\/uploads\/2022\/11\/foto-2022-1015-24-300x225.jpg 300w,https:\/\/www.cykloromantika.cz\/wp-content\/uploads\/2022\/11\/foto-2022-1015-24.jpg 1024w\" sizes=\"auto, 250px\"\/><\/a><div class=\"sgb-item-caption\"><em>Zachr\u00e1nilo n\u00e1s naho\u0159e vydatn\u00e9 j\u00eddlo!<\/em><\/div><\/div><div class=\"sgb-item\"><a href=\"https:\/\/www.cykloromantika.cz\/foto-2022-1015-26\/\" target=\"_blank\"><img decoding=\"async\" alt=\"\" width=\"225\" height=\"300\" loading=\"lazy\" src=\"https:\/\/www.cykloromantika.cz\/wp-content\/uploads\/2022\/11\/foto-2022-1015-26-225x300.jpg\" srcset=\"https:\/\/www.cykloromantika.cz\/wp-content\/uploads\/2022\/11\/foto-2022-1015-26-225x300.jpg 225w,https:\/\/www.cykloromantika.cz\/wp-content\/uploads\/2022\/11\/foto-2022-1015-26.jpg 768w\" sizes=\"auto, 250px\"\/><\/a><div class=\"sgb-item-caption\"><em>Du\u0161\u00edk nic nenechal!<\/em><\/div><\/div><div class=\"sgb-item\"><a href=\"https:\/\/www.cykloromantika.cz\/foto-2022-1015-27\/\" target=\"_blank\"><img decoding=\"async\" alt=\"\" width=\"300\" height=\"200\" loading=\"lazy\" src=\"https:\/\/www.cykloromantika.cz\/wp-content\/uploads\/2022\/11\/foto-2022-1015-27-300x200.jpg\" srcset=\"https:\/\/www.cykloromantika.cz\/wp-content\/uploads\/2022\/11\/foto-2022-1015-27-300x200.jpg 300w,https:\/\/www.cykloromantika.cz\/wp-content\/uploads\/2022\/11\/foto-2022-1015-27.jpg 1024w\" sizes=\"auto, 250px\"\/><\/a><div class=\"sgb-item-caption\"><em>I Tom\u00edkovi dop\u0159ejeme \u010das na regeneraci.<\/em><\/div><\/div><div class=\"sgb-item\"><a href=\"https:\/\/www.cykloromantika.cz\/foto-2022-1015-28\/\" target=\"_blank\"><img decoding=\"async\" alt=\"\" width=\"300\" height=\"169\" loading=\"lazy\" src=\"https:\/\/www.cykloromantika.cz\/wp-content\/uploads\/2022\/11\/foto-2022-1015-28-300x169.jpg\" srcset=\"https:\/\/www.cykloromantika.cz\/wp-content\/uploads\/2022\/11\/foto-2022-1015-28-300x169.jpg 300w,https:\/\/www.cykloromantika.cz\/wp-content\/uploads\/2022\/11\/foto-2022-1015-28.jpg 1024w\" sizes=\"auto, 250px\"\/><\/a><div class=\"sgb-item-caption\"><em>I kdy\u017e to nevypad\u00e1, je zima a dost fouk\u00e1.<\/em><\/div><\/div><div class=\"sgb-item\"><a href=\"https:\/\/www.cykloromantika.cz\/foto-2022-1015-29\/\" target=\"_blank\"><img decoding=\"async\" alt=\"\" width=\"169\" height=\"300\" loading=\"lazy\" src=\"https:\/\/www.cykloromantika.cz\/wp-content\/uploads\/2022\/11\/foto-2022-1015-29-169x300.jpg\" srcset=\"https:\/\/www.cykloromantika.cz\/wp-content\/uploads\/2022\/11\/foto-2022-1015-29-169x300.jpg 169w,https:\/\/www.cykloromantika.cz\/wp-content\/uploads\/2022\/11\/foto-2022-1015-29.jpg 576w\" sizes=\"auto, 250px\"\/><\/a><div class=\"sgb-item-caption\"><em>Vys\u00edla\u010d na Lys\u00e9 ho\u0159e<\/em><\/div><\/div><div class=\"sgb-item\"><a href=\"https:\/\/www.cykloromantika.cz\/foto-2022-1015-30\/\" target=\"_blank\"><img decoding=\"async\" alt=\"\" width=\"200\" height=\"300\" loading=\"lazy\" src=\"https:\/\/www.cykloromantika.cz\/wp-content\/uploads\/2022\/11\/foto-2022-1015-30-200x300.jpg\" srcset=\"https:\/\/www.cykloromantika.cz\/wp-content\/uploads\/2022\/11\/foto-2022-1015-30-200x300.jpg 200w,https:\/\/www.cykloromantika.cz\/wp-content\/uploads\/2022\/11\/foto-2022-1015-30.jpg 682w\" sizes=\"auto, 250px\"\/><\/a><div class=\"sgb-item-caption\"><em>Vrcholov\u00e9 foto I<\/em><\/div><\/div><div class=\"sgb-item\"><a href=\"https:\/\/www.cykloromantika.cz\/foto-2022-1015-31\/\" target=\"_blank\"><img decoding=\"async\" alt=\"\" width=\"200\" height=\"300\" loading=\"lazy\" src=\"https:\/\/www.cykloromantika.cz\/wp-content\/uploads\/2022\/11\/foto-2022-1015-31-200x300.jpg\" srcset=\"https:\/\/www.cykloromantika.cz\/wp-content\/uploads\/2022\/11\/foto-2022-1015-31-200x300.jpg 200w,https:\/\/www.cykloromantika.cz\/wp-content\/uploads\/2022\/11\/foto-2022-1015-31.jpg 683w\" sizes=\"auto, 250px\"\/><\/a><div class=\"sgb-item-caption\"><em>Vrcholov\u00e9 foto II<\/em><\/div><\/div><div class=\"sgb-item\"><a href=\"https:\/\/www.cykloromantika.cz\/foto-2022-1015-32\/\" target=\"_blank\"><img decoding=\"async\" alt=\"\" width=\"300\" height=\"169\" loading=\"lazy\" src=\"https:\/\/www.cykloromantika.cz\/wp-content\/uploads\/2022\/11\/foto-2022-1015-32-300x169.jpg\" srcset=\"https:\/\/www.cykloromantika.cz\/wp-content\/uploads\/2022\/11\/foto-2022-1015-32-300x169.jpg 300w,https:\/\/www.cykloromantika.cz\/wp-content\/uploads\/2022\/11\/foto-2022-1015-32.jpg 1024w\" sizes=\"auto, 250px\"\/><\/a><div class=\"sgb-item-caption\"><em>Ji\u017e jsme pod h\u0159ebenem Grun\u011b.<\/em><\/div><\/div><div class=\"sgb-item\"><a href=\"https:\/\/www.cykloromantika.cz\/foto-2022-1015-33\/\" target=\"_blank\"><img decoding=\"async\" alt=\"\" width=\"300\" height=\"169\" loading=\"lazy\" src=\"https:\/\/www.cykloromantika.cz\/wp-content\/uploads\/2022\/11\/foto-2022-1015-33-300x169.jpg\" srcset=\"https:\/\/www.cykloromantika.cz\/wp-content\/uploads\/2022\/11\/foto-2022-1015-33-300x169.jpg 300w,https:\/\/www.cykloromantika.cz\/wp-content\/uploads\/2022\/11\/foto-2022-1015-33.jpg 1024w\" sizes=\"auto, 250px\"\/><\/a><div class=\"sgb-item-caption\"><em>H\u0159eben Grun\u011b (v pozad\u00ed d\u0159ev\u011bn\u00fd kostel Panny Marie Pomocnice k\u0159es\u0165an\u016f)<\/em><\/div><\/div><div class=\"sgb-item\"><a href=\"https:\/\/www.cykloromantika.cz\/foto-2022-1015-34\/\" target=\"_blank\"><img decoding=\"async\" alt=\"\" width=\"300\" height=\"200\" loading=\"lazy\" src=\"https:\/\/www.cykloromantika.cz\/wp-content\/uploads\/2022\/11\/foto-2022-1015-34-300x200.jpg\" srcset=\"https:\/\/www.cykloromantika.cz\/wp-content\/uploads\/2022\/11\/foto-2022-1015-34-300x200.jpg 300w,https:\/\/www.cykloromantika.cz\/wp-content\/uploads\/2022\/11\/foto-2022-1015-34.jpg 1024w\" sizes=\"auto, 250px\"\/><\/a><div class=\"sgb-item-caption\"><em>Uklizeno!<\/em><\/div><\/div><div class=\"sgb-item\"><a href=\"https:\/\/www.cykloromantika.cz\/foto-2022-1015-35\/\" target=\"_blank\"><img decoding=\"async\" alt=\"\" width=\"300\" height=\"225\" loading=\"lazy\" src=\"https:\/\/www.cykloromantika.cz\/wp-content\/uploads\/2022\/11\/foto-2022-1015-35-300x225.jpg\" srcset=\"https:\/\/www.cykloromantika.cz\/wp-content\/uploads\/2022\/11\/foto-2022-1015-35-300x225.jpg 300w,https:\/\/www.cykloromantika.cz\/wp-content\/uploads\/2022\/11\/foto-2022-1015-35.jpg 1024w\" sizes=\"auto, 250px\"\/><\/a><div class=\"sgb-item-caption\"><em>Posledn\u00ed ve\u010de\u0159e<\/em><\/div><\/div><div class=\"sgb-item\"><a href=\"https:\/\/www.cykloromantika.cz\/foto-2022-1015-36\/\" target=\"_blank\"><img decoding=\"async\" alt=\"\" width=\"225\" height=\"300\" loading=\"lazy\" src=\"https:\/\/www.cykloromantika.cz\/wp-content\/uploads\/2022\/11\/foto-2022-1015-36-225x300.jpg\" srcset=\"https:\/\/www.cykloromantika.cz\/wp-content\/uploads\/2022\/11\/foto-2022-1015-36-225x300.jpg 225w,https:\/\/www.cykloromantika.cz\/wp-content\/uploads\/2022\/11\/foto-2022-1015-36.jpg 768w\" sizes=\"auto, 250px\"\/><\/a><div class=\"sgb-item-caption\"><em>Nedostatek d\u011bv\u010dat n\u00e1m nevad\u00ed!<\/em><\/div><\/div><div class=\"sgb-item\"><a href=\"https:\/\/www.cykloromantika.cz\/foto-2022-1015-37\/\" target=\"_blank\"><img decoding=\"async\" alt=\"\" width=\"225\" height=\"300\" loading=\"lazy\" src=\"https:\/\/www.cykloromantika.cz\/wp-content\/uploads\/2022\/11\/foto-2022-1015-37-225x300.jpg\" srcset=\"https:\/\/www.cykloromantika.cz\/wp-content\/uploads\/2022\/11\/foto-2022-1015-37-225x300.jpg 225w,https:\/\/www.cykloromantika.cz\/wp-content\/uploads\/2022\/11\/foto-2022-1015-37.jpg 768w\" sizes=\"auto, 250px\"\/><\/a><div class=\"sgb-item-caption\"><em>M\u00edstn\u00ed na to maj\u00ed jin\u00fd n\u00e1zor!<\/em><\/div><\/div><div class=\"sgb-item\"><a href=\"https:\/\/www.cykloromantika.cz\/foto-2022-1015-38\/\" target=\"_blank\"><img decoding=\"async\" alt=\"\" width=\"225\" height=\"300\" loading=\"lazy\" src=\"https:\/\/www.cykloromantika.cz\/wp-content\/uploads\/2022\/11\/foto-2022-1015-38-225x300.jpg\" srcset=\"https:\/\/www.cykloromantika.cz\/wp-content\/uploads\/2022\/11\/foto-2022-1015-38-225x300.jpg 225w,https:\/\/www.cykloromantika.cz\/wp-content\/uploads\/2022\/11\/foto-2022-1015-38.jpg 768w\" sizes=\"auto, 250px\"\/><\/a><div class=\"sgb-item-caption\"><em>Ale je n\u00e1s v\u00edce!<\/em><\/div><\/div><div class=\"sgb-item\"><a href=\"https:\/\/www.cykloromantika.cz\/foto-2022-1015-39\/\" target=\"_blank\"><img decoding=\"async\" alt=\"\" width=\"225\" height=\"300\" loading=\"lazy\" src=\"https:\/\/www.cykloromantika.cz\/wp-content\/uploads\/2022\/11\/foto-2022-1015-39-225x300.jpg\" srcset=\"https:\/\/www.cykloromantika.cz\/wp-content\/uploads\/2022\/11\/foto-2022-1015-39-225x300.jpg 225w,https:\/\/www.cykloromantika.cz\/wp-content\/uploads\/2022\/11\/foto-2022-1015-39.jpg 768w\" sizes=\"auto, 250px\"\/><\/a><div class=\"sgb-item-caption\"><em>Do kole\u010dka, dokola!<\/em><\/div><\/div><div class=\"sgb-item\"><a href=\"https:\/\/www.cykloromantika.cz\/foto-2022-1015-40\/\" target=\"_blank\"><img decoding=\"async\" alt=\"\" width=\"225\" height=\"300\" loading=\"lazy\" src=\"https:\/\/www.cykloromantika.cz\/wp-content\/uploads\/2022\/11\/foto-2022-1015-40-225x300.jpg\" srcset=\"https:\/\/www.cykloromantika.cz\/wp-content\/uploads\/2022\/11\/foto-2022-1015-40-225x300.jpg 225w,https:\/\/www.cykloromantika.cz\/wp-content\/uploads\/2022\/11\/foto-2022-1015-40.jpg 768w\" sizes=\"auto, 250px\"\/><\/a><div class=\"sgb-item-caption\"><em>V\u0161estrann\u00fd muzikant z Vratimova<\/em><\/div><\/div><div class=\"sgb-item\"><a href=\"https:\/\/www.cykloromantika.cz\/foto-2022-1015-43\/\" target=\"_blank\"><img decoding=\"async\" alt=\"\" width=\"300\" height=\"225\" loading=\"lazy\" src=\"https:\/\/www.cykloromantika.cz\/wp-content\/uploads\/2022\/11\/foto-2022-1015-43-300x225.jpg\" srcset=\"https:\/\/www.cykloromantika.cz\/wp-content\/uploads\/2022\/11\/foto-2022-1015-43-300x225.jpg 300w,https:\/\/www.cykloromantika.cz\/wp-content\/uploads\/2022\/11\/foto-2022-1015-43.jpg 1024w\" sizes=\"auto, 250px\"\/><\/a><div class=\"sgb-item-caption\"><em>Doba no\u010dn\u00ed pokro\u010dila!<\/em><\/div><\/div><div class=\"sgb-item\"><a href=\"https:\/\/www.cykloromantika.cz\/foto-2022-1016-02\/\" target=\"_blank\"><img decoding=\"async\" alt=\"\" width=\"300\" height=\"169\" loading=\"lazy\" src=\"https:\/\/www.cykloromantika.cz\/wp-content\/uploads\/2022\/11\/foto-2022-1016-02-300x169.jpg\" srcset=\"https:\/\/www.cykloromantika.cz\/wp-content\/uploads\/2022\/11\/foto-2022-1016-02-300x169.jpg 300w,https:\/\/www.cykloromantika.cz\/wp-content\/uploads\/2022\/11\/foto-2022-1016-02.jpg 1024w\" sizes=\"auto, 250px\"\/><\/a><div class=\"sgb-item-caption\"><em>Fote\u010dka pouh\u00e1 s provozn\u00edm a kucha\u0159em<\/em><\/div><\/div><div class=\"sgb-item\"><a href=\"https:\/\/www.cykloromantika.cz\/foto-2022-1016-03\/\" target=\"_blank\"><img decoding=\"async\" alt=\"\" width=\"300\" height=\"200\" loading=\"lazy\" src=\"https:\/\/www.cykloromantika.cz\/wp-content\/uploads\/2022\/11\/foto-2022-1016-03-300x200.jpg\" srcset=\"https:\/\/www.cykloromantika.cz\/wp-content\/uploads\/2022\/11\/foto-2022-1016-03-300x200.jpg 300w,https:\/\/www.cykloromantika.cz\/wp-content\/uploads\/2022\/11\/foto-2022-1016-03.jpg 1024w\" sizes=\"auto, 250px\"\/><\/a><div class=\"sgb-item-caption\"><em>Opou\u0161t\u00edme na\u0161e \u00fato\u010di\u0161t\u011b.<\/em><\/div><\/div><div class=\"sgb-item\"><a href=\"https:\/\/www.cykloromantika.cz\/foto-2022-1016-04\/\" target=\"_blank\"><img decoding=\"async\" alt=\"\" width=\"300\" height=\"225\" loading=\"lazy\" src=\"https:\/\/www.cykloromantika.cz\/wp-content\/uploads\/2022\/11\/foto-2022-1016-04-300x225.jpg\" srcset=\"https:\/\/www.cykloromantika.cz\/wp-content\/uploads\/2022\/11\/foto-2022-1016-04-300x225.jpg 300w,https:\/\/www.cykloromantika.cz\/wp-content\/uploads\/2022\/11\/foto-2022-1016-04.jpg 1024w\" sizes=\"auto, 250px\"\/><\/a><div class=\"sgb-item-caption\"><em>N\u00e1lada je bojovn\u00e1?<\/em><\/div><\/div><div class=\"sgb-item\"><a href=\"https:\/\/www.cykloromantika.cz\/foto-2022-1016-05\/\" target=\"_blank\"><img decoding=\"async\" alt=\"\" width=\"300\" height=\"225\" loading=\"lazy\" src=\"https:\/\/www.cykloromantika.cz\/wp-content\/uploads\/2022\/11\/foto-2022-1016-05-300x225.jpg\" srcset=\"https:\/\/www.cykloromantika.cz\/wp-content\/uploads\/2022\/11\/foto-2022-1016-05-300x225.jpg 300w,https:\/\/www.cykloromantika.cz\/wp-content\/uploads\/2022\/11\/foto-2022-1016-05.jpg 1024w\" sizes=\"auto, 250px\"\/><\/a><div class=\"sgb-item-caption\"><em>Skupinka r\u016fzn\u00fdch hladin<\/em><\/div><\/div><div class=\"sgb-item\"><a href=\"https:\/\/www.cykloromantika.cz\/foto-2022-1016-06\/\" target=\"_blank\"><img decoding=\"async\" alt=\"\" width=\"200\" height=\"300\" loading=\"lazy\" src=\"https:\/\/www.cykloromantika.cz\/wp-content\/uploads\/2022\/11\/foto-2022-1016-06-200x300.jpg\" srcset=\"https:\/\/www.cykloromantika.cz\/wp-content\/uploads\/2022\/11\/foto-2022-1016-06-200x300.jpg 200w,https:\/\/www.cykloromantika.cz\/wp-content\/uploads\/2022\/11\/foto-2022-1016-06.jpg 683w\" sizes=\"auto, 250px\"\/><\/a><div class=\"sgb-item-caption\"><em>B\u00edl\u00fd k\u0159\u00ed\u017e<\/em><\/div><\/div><div class=\"sgb-item\"><a href=\"https:\/\/www.cykloromantika.cz\/foto-2022-1016-07\/\" target=\"_blank\"><img decoding=\"async\" alt=\"\" width=\"300\" height=\"200\" loading=\"lazy\" src=\"https:\/\/www.cykloromantika.cz\/wp-content\/uploads\/2022\/11\/foto-2022-1016-07-300x200.jpg\" srcset=\"https:\/\/www.cykloromantika.cz\/wp-content\/uploads\/2022\/11\/foto-2022-1016-07-300x200.jpg 300w,https:\/\/www.cykloromantika.cz\/wp-content\/uploads\/2022\/11\/foto-2022-1016-07.jpg 1024w\" sizes=\"auto, 250px\"\/><\/a><div class=\"sgb-item-caption\"><em>Kotv\u00edme v m\u00edstn\u00edm bufetu.<\/em><\/div><\/div><div class=\"sgb-item\"><a href=\"https:\/\/www.cykloromantika.cz\/foto-2022-1016-08\/\" target=\"_blank\"><img decoding=\"async\" alt=\"\" width=\"225\" height=\"300\" loading=\"lazy\" src=\"https:\/\/www.cykloromantika.cz\/wp-content\/uploads\/2022\/11\/foto-2022-1016-08-225x300.jpg\" srcset=\"https:\/\/www.cykloromantika.cz\/wp-content\/uploads\/2022\/11\/foto-2022-1016-08-225x300.jpg 225w,https:\/\/www.cykloromantika.cz\/wp-content\/uploads\/2022\/11\/foto-2022-1016-08.jpg 768w\" sizes=\"auto, 250px\"\/><\/a><div class=\"sgb-item-caption\"><em>Posil\u0148uj\u00edc\u00ed pol\u00e9vka<\/em><\/div><\/div><div class=\"sgb-item\"><a href=\"https:\/\/www.cykloromantika.cz\/foto-2022-1016-09\/\" target=\"_blank\"><img decoding=\"async\" alt=\"\" width=\"300\" height=\"225\" loading=\"lazy\" src=\"https:\/\/www.cykloromantika.cz\/wp-content\/uploads\/2022\/11\/foto-2022-1016-09-300x225.jpg\" srcset=\"https:\/\/www.cykloromantika.cz\/wp-content\/uploads\/2022\/11\/foto-2022-1016-09-300x225.jpg 300w,https:\/\/www.cykloromantika.cz\/wp-content\/uploads\/2022\/11\/foto-2022-1016-09.jpg 1024w\" sizes=\"auto, 250px\"\/><\/a><div class=\"sgb-item-caption\"><em>Odjezd byl pozdr\u017een!<\/em><\/div><\/div><div class=\"sgb-item\"><a href=\"https:\/\/www.cykloromantika.cz\/foto-2022-1016-10\/\" target=\"_blank\"><img decoding=\"async\" alt=\"\" width=\"225\" height=\"300\" loading=\"lazy\" src=\"https:\/\/www.cykloromantika.cz\/wp-content\/uploads\/2022\/11\/foto-2022-1016-10-225x300.jpg\" srcset=\"https:\/\/www.cykloromantika.cz\/wp-content\/uploads\/2022\/11\/foto-2022-1016-10-225x300.jpg 225w,https:\/\/www.cykloromantika.cz\/wp-content\/uploads\/2022\/11\/foto-2022-1016-10.jpg 768w\" sizes=\"auto, 250px\"\/><\/a><div class=\"sgb-item-caption\"><em>Proj\u00ed\u017ed\u011bli jsme krajem partyz\u00e1n\u016f.<\/em><\/div><\/div><div class=\"sgb-item\"><a href=\"https:\/\/www.cykloromantika.cz\/foto-2022-1016-11\/\" target=\"_blank\"><img decoding=\"async\" alt=\"\" width=\"225\" height=\"300\" loading=\"lazy\" src=\"https:\/\/www.cykloromantika.cz\/wp-content\/uploads\/2022\/11\/foto-2022-1016-11-225x300.jpg\" srcset=\"https:\/\/www.cykloromantika.cz\/wp-content\/uploads\/2022\/11\/foto-2022-1016-11-225x300.jpg 225w,https:\/\/www.cykloromantika.cz\/wp-content\/uploads\/2022\/11\/foto-2022-1016-11.jpg 768w\" sizes=\"auto, 250px\"\/><\/a><div class=\"sgb-item-caption\"><em>Zaml\u017een\u00e1<\/em><\/div><\/div><div class=\"sgb-item\"><a href=\"https:\/\/www.cykloromantika.cz\/foto-2022-1016-12\/\" target=\"_blank\"><img decoding=\"async\" alt=\"\" width=\"300\" height=\"200\" loading=\"lazy\" src=\"https:\/\/www.cykloromantika.cz\/wp-content\/uploads\/2022\/11\/foto-2022-1016-12-300x200.jpg\" srcset=\"https:\/\/www.cykloromantika.cz\/wp-content\/uploads\/2022\/11\/foto-2022-1016-12-300x200.jpg 300w,https:\/\/www.cykloromantika.cz\/wp-content\/uploads\/2022\/11\/foto-2022-1016-12.jpg 1024w\" sizes=\"auto, 250px\"\/><\/a><div class=\"sgb-item-caption\"><em>Kaple sv. Cyrila a Metod\u011bje v \u010celadn\u00e9<\/em><\/div><\/div><div class=\"sgb-item\"><a href=\"https:\/\/www.cykloromantika.cz\/foto-2022-1016-13\/\" target=\"_blank\"><img decoding=\"async\" alt=\"\" width=\"300\" height=\"169\" loading=\"lazy\" src=\"https:\/\/www.cykloromantika.cz\/wp-content\/uploads\/2022\/11\/foto-2022-1016-13-300x169.jpg\" srcset=\"https:\/\/www.cykloromantika.cz\/wp-content\/uploads\/2022\/11\/foto-2022-1016-13-300x169.jpg 300w,https:\/\/www.cykloromantika.cz\/wp-content\/uploads\/2022\/11\/foto-2022-1016-13.jpg 1024w\" sizes=\"auto, 250px\"\/><\/a><div class=\"sgb-item-caption\"><em>V\u00fdhled na Lysou horu z \u010celadn\u00e9<\/em><\/div><\/div><div class=\"sgb-item\"><a href=\"https:\/\/www.cykloromantika.cz\/foto-2022-1016-14\/\" target=\"_blank\"><img decoding=\"async\" alt=\"\" width=\"225\" height=\"300\" loading=\"lazy\" src=\"https:\/\/www.cykloromantika.cz\/wp-content\/uploads\/2022\/11\/foto-2022-1016-14-225x300.jpg\" srcset=\"https:\/\/www.cykloromantika.cz\/wp-content\/uploads\/2022\/11\/foto-2022-1016-14-225x300.jpg 225w,https:\/\/www.cykloromantika.cz\/wp-content\/uploads\/2022\/11\/foto-2022-1016-14.jpg 768w\" sizes=\"auto, 250px\"\/><\/a><div class=\"sgb-item-caption\"><em>Ve\u010de\u0159e Na Harcovn\u011b<\/em><\/div><\/div><div class=\"sgb-item\"><a href=\"https:\/\/www.cykloromantika.cz\/foto-2022-1016-15\/\" target=\"_blank\"><img decoding=\"async\" alt=\"\" width=\"300\" height=\"225\" loading=\"lazy\" src=\"https:\/\/www.cykloromantika.cz\/wp-content\/uploads\/2022\/11\/foto-2022-1016-15-300x225.jpg\" srcset=\"https:\/\/www.cykloromantika.cz\/wp-content\/uploads\/2022\/11\/foto-2022-1016-15-300x225.jpg 300w,https:\/\/www.cykloromantika.cz\/wp-content\/uploads\/2022\/11\/foto-2022-1016-15.jpg 1024w\" sizes=\"auto, 250px\"\/><\/a><div class=\"sgb-item-caption\"><em>Doj\u00ed\u017ed\u00edme op\u011bt k hrabovsk\u00e9 l\u00e1vce.<\/em><\/div><\/div><\/div><\/noscript><\/div><script type=\"application\/json\" class=\"sgb-data\">{\"lastRowFill\":true,\"collectionThumbRecomendedHeight\":300,\"collectionThumbMiniScreenScale\":true,\"captionHAlign\":\"bottom\",\"collectionthumbHoverTitleFontSize\":12,\"collectionthumbRoundedCorners\":8,\"collectionthumbHoverTitleTextBgColor\":\"rgba(0,0,0,0.44)\",\"collectionThumbSubMenuShare\":false,\"galleryType\":\"pgc_sgb_justified\",\"galleryId\":\"78434430\",\"galleryQuery\":null,\"images\":[{\"id\":7673,\"title\":\"Foto 2022 1015 01\",\"url\":\"https:\/\/www.cykloromantika.cz\/wp-content\/uploads\/2022\/11\/foto-2022-1015-01.jpg\",\"link\":\"https:\/\/www.cykloromantika.cz\/foto-2022-1015-01\/\",\"alt\":\"\",\"description\":\"\",\"caption\":\"Sraz u hrabovsk\u00e9 l\u00e1vky\",\"mime\":\"image\/jpeg\",\"type\":\"image\",\"width\":1024,\"height\":768,\"sizes\":{\"thumbnail\":{\"height\":113,\"width\":150,\"url\":\"https:\/\/www.cykloromantika.cz\/wp-content\/uploads\/2022\/11\/foto-2022-1015-01-150x113.jpg\",\"orientation\":\"landscape\"},\"medium\":{\"height\":225,\"width\":300,\"url\":\"https:\/\/www.cykloromantika.cz\/wp-content\/uploads\/2022\/11\/foto-2022-1015-01-300x225.jpg\",\"orientation\":\"landscape\"},\"full\":{\"url\":\"https:\/\/www.cykloromantika.cz\/wp-content\/uploads\/2022\/11\/foto-2022-1015-01.jpg\",\"height\":768,\"width\":1024,\"orientation\":\"landscape\"}},\"meta\":false,\"postlink\":\"https:\/\/www.cykloromantika.cz\/foto-2022-1015-01\/\"},{\"id\":7674,\"title\":\"Foto 2022 1015 02\",\"url\":\"https:\/\/www.cykloromantika.cz\/wp-content\/uploads\/2022\/11\/foto-2022-1015-02.jpg\",\"link\":\"https:\/\/www.cykloromantika.cz\/foto-2022-1015-02\/\",\"alt\":\"\",\"description\":\"\",\"caption\":\"Kr\u00e1sn\u00fd podzimn\u00ed den (m\u00edsteck\u00fd park)\",\"mime\":\"image\/jpeg\",\"type\":\"image\",\"width\":1024,\"height\":576,\"sizes\":{\"thumbnail\":{\"height\":84,\"width\":150,\"url\":\"https:\/\/www.cykloromantika.cz\/wp-content\/uploads\/2022\/11\/foto-2022-1015-02-150x84.jpg\",\"orientation\":\"landscape\"},\"medium\":{\"height\":169,\"width\":300,\"url\":\"https:\/\/www.cykloromantika.cz\/wp-content\/uploads\/2022\/11\/foto-2022-1015-02-300x169.jpg\",\"orientation\":\"landscape\"},\"full\":{\"url\":\"https:\/\/www.cykloromantika.cz\/wp-content\/uploads\/2022\/11\/foto-2022-1015-02.jpg\",\"height\":576,\"width\":1024,\"orientation\":\"landscape\"}},\"meta\":false,\"postlink\":\"https:\/\/www.cykloromantika.cz\/foto-2022-1015-02\/\"},{\"id\":7675,\"title\":\"Foto 2022 1015 03\",\"url\":\"https:\/\/www.cykloromantika.cz\/wp-content\/uploads\/2022\/11\/foto-2022-1015-03.jpg\",\"link\":\"https:\/\/www.cykloromantika.cz\/foto-2022-1015-03\/\",\"alt\":\"\",\"description\":\"\",\"caption\":\"Brod\u00edme u Ba\u0161ky!\",\"mime\":\"image\/jpeg\",\"type\":\"image\",\"width\":1024,\"height\":683,\"sizes\":{\"thumbnail\":{\"height\":100,\"width\":150,\"url\":\"https:\/\/www.cykloromantika.cz\/wp-content\/uploads\/2022\/11\/foto-2022-1015-03-150x100.jpg\",\"orientation\":\"landscape\"},\"medium\":{\"height\":200,\"width\":300,\"url\":\"https:\/\/www.cykloromantika.cz\/wp-content\/uploads\/2022\/11\/foto-2022-1015-03-300x200.jpg\",\"orientation\":\"landscape\"},\"full\":{\"url\":\"https:\/\/www.cykloromantika.cz\/wp-content\/uploads\/2022\/11\/foto-2022-1015-03.jpg\",\"height\":683,\"width\":1024,\"orientation\":\"landscape\"}},\"meta\":false,\"postlink\":\"https:\/\/www.cykloromantika.cz\/foto-2022-1015-03\/\"},{\"id\":7676,\"title\":\"Foto 2022 1015 04\",\"url\":\"https:\/\/www.cykloromantika.cz\/wp-content\/uploads\/2022\/11\/foto-2022-1015-04.jpg\",\"link\":\"https:\/\/www.cykloromantika.cz\/foto-2022-1015-04\/\",\"alt\":\"\",\"description\":\"\",\"caption\":\"Zkou\u0161ka ponoru vy\u0161la!\",\"mime\":\"image\/jpeg\",\"type\":\"image\",\"width\":683,\"height\":1024,\"sizes\":{\"thumbnail\":{\"height\":150,\"width\":100,\"url\":\"https:\/\/www.cykloromantika.cz\/wp-content\/uploads\/2022\/11\/foto-2022-1015-04-100x150.jpg\",\"orientation\":\"portrait\"},\"medium\":{\"height\":300,\"width\":200,\"url\":\"https:\/\/www.cykloromantika.cz\/wp-content\/uploads\/2022\/11\/foto-2022-1015-04-200x300.jpg\",\"orientation\":\"portrait\"},\"full\":{\"url\":\"https:\/\/www.cykloromantika.cz\/wp-content\/uploads\/2022\/11\/foto-2022-1015-04.jpg\",\"height\":1024,\"width\":683,\"orientation\":\"portrait\"}},\"meta\":false,\"postlink\":\"https:\/\/www.cykloromantika.cz\/foto-2022-1015-04\/\"},{\"id\":7677,\"title\":\"Foto 2022 1015 05\",\"url\":\"https:\/\/www.cykloromantika.cz\/wp-content\/uploads\/2022\/11\/foto-2022-1015-05.jpg\",\"link\":\"https:\/\/www.cykloromantika.cz\/foto-2022-1015-05\/\",\"alt\":\"\",\"description\":\"\",\"caption\":\"Na konci lesn\u00ed romantiky\",\"mime\":\"image\/jpeg\",\"type\":\"image\",\"width\":1024,\"height\":683,\"sizes\":{\"thumbnail\":{\"height\":100,\"width\":150,\"url\":\"https:\/\/www.cykloromantika.cz\/wp-content\/uploads\/2022\/11\/foto-2022-1015-05-150x100.jpg\",\"orientation\":\"landscape\"},\"medium\":{\"height\":200,\"width\":300,\"url\":\"https:\/\/www.cykloromantika.cz\/wp-content\/uploads\/2022\/11\/foto-2022-1015-05-300x200.jpg\",\"orientation\":\"landscape\"},\"full\":{\"url\":\"https:\/\/www.cykloromantika.cz\/wp-content\/uploads\/2022\/11\/foto-2022-1015-05.jpg\",\"height\":683,\"width\":1024,\"orientation\":\"landscape\"}},\"meta\":false,\"postlink\":\"https:\/\/www.cykloromantika.cz\/foto-2022-1015-05\/\"},{\"id\":7678,\"title\":\"Foto 2022 1015 06\",\"url\":\"https:\/\/www.cykloromantika.cz\/wp-content\/uploads\/2022\/11\/foto-2022-1015-06.jpg\",\"link\":\"https:\/\/www.cykloromantika.cz\/foto-2022-1015-06\/\",\"alt\":\"\",\"description\":\"\",\"caption\":\"Z\u016fstaneme u brambor!\",\"mime\":\"image\/jpeg\",\"type\":\"image\",\"width\":1024,\"height\":683,\"sizes\":{\"thumbnail\":{\"height\":100,\"width\":150,\"url\":\"https:\/\/www.cykloromantika.cz\/wp-content\/uploads\/2022\/11\/foto-2022-1015-06-150x100.jpg\",\"orientation\":\"landscape\"},\"medium\":{\"height\":200,\"width\":300,\"url\":\"https:\/\/www.cykloromantika.cz\/wp-content\/uploads\/2022\/11\/foto-2022-1015-06-300x200.jpg\",\"orientation\":\"landscape\"},\"full\":{\"url\":\"https:\/\/www.cykloromantika.cz\/wp-content\/uploads\/2022\/11\/foto-2022-1015-06.jpg\",\"height\":683,\"width\":1024,\"orientation\":\"landscape\"}},\"meta\":false,\"postlink\":\"https:\/\/www.cykloromantika.cz\/foto-2022-1015-06\/\"},{\"id\":7679,\"title\":\"Foto 2022 1015 07\",\"url\":\"https:\/\/www.cykloromantika.cz\/wp-content\/uploads\/2022\/11\/foto-2022-1015-07.jpg\",\"link\":\"https:\/\/www.cykloromantika.cz\/foto-2022-1015-07\/\",\"alt\":\"\",\"description\":\"\",\"caption\":\"P\u0159\u00edrodn\u00ed pam\u00e1tka Koryto \u0159eky Ostravice\",\"mime\":\"image\/jpeg\",\"type\":\"image\",\"width\":1024,\"height\":576,\"sizes\":{\"thumbnail\":{\"height\":84,\"width\":150,\"url\":\"https:\/\/www.cykloromantika.cz\/wp-content\/uploads\/2022\/11\/foto-2022-1015-07-150x84.jpg\",\"orientation\":\"landscape\"},\"medium\":{\"height\":169,\"width\":300,\"url\":\"https:\/\/www.cykloromantika.cz\/wp-content\/uploads\/2022\/11\/foto-2022-1015-07-300x169.jpg\",\"orientation\":\"landscape\"},\"full\":{\"url\":\"https:\/\/www.cykloromantika.cz\/wp-content\/uploads\/2022\/11\/foto-2022-1015-07.jpg\",\"height\":576,\"width\":1024,\"orientation\":\"landscape\"}},\"meta\":false,\"postlink\":\"https:\/\/www.cykloromantika.cz\/foto-2022-1015-07\/\"},{\"id\":7680,\"title\":\"Foto 2022 1015 08\",\"url\":\"https:\/\/www.cykloromantika.cz\/wp-content\/uploads\/2022\/11\/foto-2022-1015-08.jpg\",\"link\":\"https:\/\/www.cykloromantika.cz\/foto-2022-1015-08\/\",\"alt\":\"\",\"description\":\"\",\"caption\":\"M\u00edstn\u00ed tomuto m\u00edstu ne\u0159eknou jinak ne\u017e Pe\u0159eje.\",\"mime\":\"image\/jpeg\",\"type\":\"image\",\"width\":1024,\"height\":683,\"sizes\":{\"thumbnail\":{\"height\":100,\"width\":150,\"url\":\"https:\/\/www.cykloromantika.cz\/wp-content\/uploads\/2022\/11\/foto-2022-1015-08-150x100.jpg\",\"orientation\":\"landscape\"},\"medium\":{\"height\":200,\"width\":300,\"url\":\"https:\/\/www.cykloromantika.cz\/wp-content\/uploads\/2022\/11\/foto-2022-1015-08-300x200.jpg\",\"orientation\":\"landscape\"},\"full\":{\"url\":\"https:\/\/www.cykloromantika.cz\/wp-content\/uploads\/2022\/11\/foto-2022-1015-08.jpg\",\"height\":683,\"width\":1024,\"orientation\":\"landscape\"}},\"meta\":false,\"postlink\":\"https:\/\/www.cykloromantika.cz\/foto-2022-1015-08\/\"},{\"id\":7681,\"title\":\"Foto 2022 1015 09\",\"url\":\"https:\/\/www.cykloromantika.cz\/wp-content\/uploads\/2022\/11\/foto-2022-1015-09.jpg\",\"link\":\"https:\/\/www.cykloromantika.cz\/foto-2022-1015-09\/\",\"alt\":\"\",\"description\":\"\",\"caption\":\"P\u0159\u00edrodn\u00ed pam\u00e1tka Pe\u0159eje\",\"mime\":\"image\/jpeg\",\"type\":\"image\",\"width\":1024,\"height\":683,\"sizes\":{\"thumbnail\":{\"height\":100,\"width\":150,\"url\":\"https:\/\/www.cykloromantika.cz\/wp-content\/uploads\/2022\/11\/foto-2022-1015-09-150x100.jpg\",\"orientation\":\"landscape\"},\"medium\":{\"height\":200,\"width\":300,\"url\":\"https:\/\/www.cykloromantika.cz\/wp-content\/uploads\/2022\/11\/foto-2022-1015-09-300x200.jpg\",\"orientation\":\"landscape\"},\"full\":{\"url\":\"https:\/\/www.cykloromantika.cz\/wp-content\/uploads\/2022\/11\/foto-2022-1015-09.jpg\",\"height\":683,\"width\":1024,\"orientation\":\"landscape\"}},\"meta\":false,\"postlink\":\"https:\/\/www.cykloromantika.cz\/foto-2022-1015-09\/\"},{\"id\":7682,\"title\":\"Foto 2022 1015 10\",\"url\":\"https:\/\/www.cykloromantika.cz\/wp-content\/uploads\/2022\/11\/foto-2022-1015-10.jpg\",\"link\":\"https:\/\/www.cykloromantika.cz\/foto-2022-1015-10\/\",\"alt\":\"\",\"description\":\"\",\"caption\":\"O Bohu\u0161ovi Loknovi\",\"mime\":\"image\/jpeg\",\"type\":\"image\",\"width\":768,\"height\":1024,\"sizes\":{\"thumbnail\":{\"height\":150,\"width\":113,\"url\":\"https:\/\/www.cykloromantika.cz\/wp-content\/uploads\/2022\/11\/foto-2022-1015-10-113x150.jpg\",\"orientation\":\"portrait\"},\"medium\":{\"height\":300,\"width\":225,\"url\":\"https:\/\/www.cykloromantika.cz\/wp-content\/uploads\/2022\/11\/foto-2022-1015-10-225x300.jpg\",\"orientation\":\"portrait\"},\"full\":{\"url\":\"https:\/\/www.cykloromantika.cz\/wp-content\/uploads\/2022\/11\/foto-2022-1015-10.jpg\",\"height\":1024,\"width\":768,\"orientation\":\"portrait\"}},\"meta\":false,\"postlink\":\"https:\/\/www.cykloromantika.cz\/foto-2022-1015-10\/\"},{\"id\":7683,\"title\":\"Foto 2022 1015 11\",\"url\":\"https:\/\/www.cykloromantika.cz\/wp-content\/uploads\/2022\/11\/foto-2022-1015-11.jpg\",\"link\":\"https:\/\/www.cykloromantika.cz\/foto-2022-1015-11\/\",\"alt\":\"\",\"description\":\"\",\"caption\":\"Posilujeme p\u0159ed v\u00fdjezdem na Lysou horu!\",\"mime\":\"image\/jpeg\",\"type\":\"image\",\"width\":1024,\"height\":683,\"sizes\":{\"thumbnail\":{\"height\":100,\"width\":150,\"url\":\"https:\/\/www.cykloromantika.cz\/wp-content\/uploads\/2022\/11\/foto-2022-1015-11-150x100.jpg\",\"orientation\":\"landscape\"},\"medium\":{\"height\":200,\"width\":300,\"url\":\"https:\/\/www.cykloromantika.cz\/wp-content\/uploads\/2022\/11\/foto-2022-1015-11-300x200.jpg\",\"orientation\":\"landscape\"},\"full\":{\"url\":\"https:\/\/www.cykloromantika.cz\/wp-content\/uploads\/2022\/11\/foto-2022-1015-11.jpg\",\"height\":683,\"width\":1024,\"orientation\":\"landscape\"}},\"meta\":false,\"postlink\":\"https:\/\/www.cykloromantika.cz\/foto-2022-1015-11\/\"},{\"id\":7684,\"title\":\"Foto 2022 1015 12\",\"url\":\"https:\/\/www.cykloromantika.cz\/wp-content\/uploads\/2022\/11\/foto-2022-1015-12.jpg\",\"link\":\"https:\/\/www.cykloromantika.cz\/foto-2022-1015-12\/\",\"alt\":\"\",\"description\":\"\",\"caption\":\"Prost\u0159ed\u00ed sice hezk\u00e9, ale d\u0159ina velk\u00e1!\",\"mime\":\"image\/jpeg\",\"type\":\"image\",\"width\":1024,\"height\":683,\"sizes\":{\"thumbnail\":{\"height\":100,\"width\":150,\"url\":\"https:\/\/www.cykloromantika.cz\/wp-content\/uploads\/2022\/11\/foto-2022-1015-12-150x100.jpg\",\"orientation\":\"landscape\"},\"medium\":{\"height\":200,\"width\":300,\"url\":\"https:\/\/www.cykloromantika.cz\/wp-content\/uploads\/2022\/11\/foto-2022-1015-12-300x200.jpg\",\"orientation\":\"landscape\"},\"full\":{\"url\":\"https:\/\/www.cykloromantika.cz\/wp-content\/uploads\/2022\/11\/foto-2022-1015-12.jpg\",\"height\":683,\"width\":1024,\"orientation\":\"landscape\"}},\"meta\":false,\"postlink\":\"https:\/\/www.cykloromantika.cz\/foto-2022-1015-12\/\"},{\"id\":7685,\"title\":\"Foto 2022 1015 13\",\"url\":\"https:\/\/www.cykloromantika.cz\/wp-content\/uploads\/2022\/11\/foto-2022-1015-13.jpg\",\"link\":\"https:\/\/www.cykloromantika.cz\/foto-2022-1015-13\/\",\"alt\":\"\",\"description\":\"\",\"caption\":\"Ramon pot\u0159ebuje pomoc!\",\"mime\":\"image\/jpeg\",\"type\":\"image\",\"width\":768,\"height\":1024,\"sizes\":{\"thumbnail\":{\"height\":150,\"width\":113,\"url\":\"https:\/\/www.cykloromantika.cz\/wp-content\/uploads\/2022\/11\/foto-2022-1015-13-113x150.jpg\",\"orientation\":\"portrait\"},\"medium\":{\"height\":300,\"width\":225,\"url\":\"https:\/\/www.cykloromantika.cz\/wp-content\/uploads\/2022\/11\/foto-2022-1015-13-225x300.jpg\",\"orientation\":\"portrait\"},\"full\":{\"url\":\"https:\/\/www.cykloromantika.cz\/wp-content\/uploads\/2022\/11\/foto-2022-1015-13.jpg\",\"height\":1024,\"width\":768,\"orientation\":\"portrait\"}},\"meta\":false,\"postlink\":\"https:\/\/www.cykloromantika.cz\/foto-2022-1015-13\/\"},{\"id\":7686,\"title\":\"Foto 2022 1015 14\",\"url\":\"https:\/\/www.cykloromantika.cz\/wp-content\/uploads\/2022\/11\/foto-2022-1015-14.jpg\",\"link\":\"https:\/\/www.cykloromantika.cz\/foto-2022-1015-14\/\",\"alt\":\"\",\"description\":\"\",\"caption\":\"A Du\u0161\u00edk se hned nab\u00edz\u00ed!\",\"mime\":\"image\/jpeg\",\"type\":\"image\",\"width\":768,\"height\":1024,\"sizes\":{\"thumbnail\":{\"height\":150,\"width\":113,\"url\":\"https:\/\/www.cykloromantika.cz\/wp-content\/uploads\/2022\/11\/foto-2022-1015-14-113x150.jpg\",\"orientation\":\"portrait\"},\"medium\":{\"height\":300,\"width\":225,\"url\":\"https:\/\/www.cykloromantika.cz\/wp-content\/uploads\/2022\/11\/foto-2022-1015-14-225x300.jpg\",\"orientation\":\"portrait\"},\"full\":{\"url\":\"https:\/\/www.cykloromantika.cz\/wp-content\/uploads\/2022\/11\/foto-2022-1015-14.jpg\",\"height\":1024,\"width\":768,\"orientation\":\"portrait\"}},\"meta\":false,\"postlink\":\"https:\/\/www.cykloromantika.cz\/foto-2022-1015-14\/\"},{\"id\":7687,\"title\":\"Foto 2022 1015 15\",\"url\":\"https:\/\/www.cykloromantika.cz\/wp-content\/uploads\/2022\/11\/foto-2022-1015-15.jpg\",\"link\":\"https:\/\/www.cykloromantika.cz\/foto-2022-1015-15\/\",\"alt\":\"\",\"description\":\"\",\"caption\":\"Je teplo, jako by ani nebyl \u0159\u00edjen!\",\"mime\":\"image\/jpeg\",\"type\":\"image\",\"width\":1024,\"height\":683,\"sizes\":{\"thumbnail\":{\"height\":100,\"width\":150,\"url\":\"https:\/\/www.cykloromantika.cz\/wp-content\/uploads\/2022\/11\/foto-2022-1015-15-150x100.jpg\",\"orientation\":\"landscape\"},\"medium\":{\"height\":200,\"width\":300,\"url\":\"https:\/\/www.cykloromantika.cz\/wp-content\/uploads\/2022\/11\/foto-2022-1015-15-300x200.jpg\",\"orientation\":\"landscape\"},\"full\":{\"url\":\"https:\/\/www.cykloromantika.cz\/wp-content\/uploads\/2022\/11\/foto-2022-1015-15.jpg\",\"height\":683,\"width\":1024,\"orientation\":\"landscape\"}},\"meta\":false,\"postlink\":\"https:\/\/www.cykloromantika.cz\/foto-2022-1015-15\/\"},{\"id\":7688,\"title\":\"Foto 2022 1015 16\",\"url\":\"https:\/\/www.cykloromantika.cz\/wp-content\/uploads\/2022\/11\/foto-2022-1015-16.jpg\",\"link\":\"https:\/\/www.cykloromantika.cz\/foto-2022-1015-16\/\",\"alt\":\"\",\"description\":\"\",\"caption\":\"Je\u0161t\u011b posilnit?\",\"mime\":\"image\/jpeg\",\"type\":\"image\",\"width\":768,\"height\":1024,\"sizes\":{\"thumbnail\":{\"height\":150,\"width\":113,\"url\":\"https:\/\/www.cykloromantika.cz\/wp-content\/uploads\/2022\/11\/foto-2022-1015-16-113x150.jpg\",\"orientation\":\"portrait\"},\"medium\":{\"height\":300,\"width\":225,\"url\":\"https:\/\/www.cykloromantika.cz\/wp-content\/uploads\/2022\/11\/foto-2022-1015-16-225x300.jpg\",\"orientation\":\"portrait\"},\"full\":{\"url\":\"https:\/\/www.cykloromantika.cz\/wp-content\/uploads\/2022\/11\/foto-2022-1015-16.jpg\",\"height\":1024,\"width\":768,\"orientation\":\"portrait\"}},\"meta\":false,\"postlink\":\"https:\/\/www.cykloromantika.cz\/foto-2022-1015-16\/\"},{\"id\":7690,\"title\":\"Foto 2022 1015 18\",\"url\":\"https:\/\/www.cykloromantika.cz\/wp-content\/uploads\/2022\/11\/foto-2022-1015-18.jpg\",\"link\":\"https:\/\/www.cykloromantika.cz\/foto-2022-1015-18\/\",\"alt\":\"\",\"description\":\"\",\"caption\":\"To\u017e ano!\",\"mime\":\"image\/jpeg\",\"type\":\"image\",\"width\":768,\"height\":1024,\"sizes\":{\"thumbnail\":{\"height\":150,\"width\":113,\"url\":\"https:\/\/www.cykloromantika.cz\/wp-content\/uploads\/2022\/11\/foto-2022-1015-18-113x150.jpg\",\"orientation\":\"portrait\"},\"medium\":{\"height\":300,\"width\":225,\"url\":\"https:\/\/www.cykloromantika.cz\/wp-content\/uploads\/2022\/11\/foto-2022-1015-18-225x300.jpg\",\"orientation\":\"portrait\"},\"full\":{\"url\":\"https:\/\/www.cykloromantika.cz\/wp-content\/uploads\/2022\/11\/foto-2022-1015-18.jpg\",\"height\":1024,\"width\":768,\"orientation\":\"portrait\"}},\"meta\":false,\"postlink\":\"https:\/\/www.cykloromantika.cz\/foto-2022-1015-18\/\"},{\"id\":7691,\"title\":\"Foto 2022 1015 19\",\"url\":\"https:\/\/www.cykloromantika.cz\/wp-content\/uploads\/2022\/11\/foto-2022-1015-19.jpg\",\"link\":\"https:\/\/www.cykloromantika.cz\/foto-2022-1015-19\/\",\"alt\":\"\",\"description\":\"\",\"caption\":\"Kousek pod Kobylankou\",\"mime\":\"image\/jpeg\",\"type\":\"image\",\"width\":683,\"height\":1024,\"sizes\":{\"thumbnail\":{\"height\":150,\"width\":100,\"url\":\"https:\/\/www.cykloromantika.cz\/wp-content\/uploads\/2022\/11\/foto-2022-1015-19-100x150.jpg\",\"orientation\":\"portrait\"},\"medium\":{\"height\":300,\"width\":200,\"url\":\"https:\/\/www.cykloromantika.cz\/wp-content\/uploads\/2022\/11\/foto-2022-1015-19-200x300.jpg\",\"orientation\":\"portrait\"},\"full\":{\"url\":\"https:\/\/www.cykloromantika.cz\/wp-content\/uploads\/2022\/11\/foto-2022-1015-19.jpg\",\"height\":1024,\"width\":683,\"orientation\":\"portrait\"}},\"meta\":false,\"postlink\":\"https:\/\/www.cykloromantika.cz\/foto-2022-1015-19\/\"},{\"id\":7692,\"title\":\"Foto 2022 1015 20\",\"url\":\"https:\/\/www.cykloromantika.cz\/wp-content\/uploads\/2022\/11\/foto-2022-1015-20.jpg\",\"link\":\"https:\/\/www.cykloromantika.cz\/foto-2022-1015-20\/\",\"alt\":\"\",\"description\":\"\",\"caption\":\"Kousek pod Kobylankou (pohled dol\u016f)\",\"mime\":\"image\/jpeg\",\"type\":\"image\",\"width\":1024,\"height\":576,\"sizes\":{\"thumbnail\":{\"height\":84,\"width\":150,\"url\":\"https:\/\/www.cykloromantika.cz\/wp-content\/uploads\/2022\/11\/foto-2022-1015-20-150x84.jpg\",\"orientation\":\"landscape\"},\"medium\":{\"height\":169,\"width\":300,\"url\":\"https:\/\/www.cykloromantika.cz\/wp-content\/uploads\/2022\/11\/foto-2022-1015-20-300x169.jpg\",\"orientation\":\"landscape\"},\"full\":{\"url\":\"https:\/\/www.cykloromantika.cz\/wp-content\/uploads\/2022\/11\/foto-2022-1015-20.jpg\",\"height\":576,\"width\":1024,\"orientation\":\"landscape\"}},\"meta\":false,\"postlink\":\"https:\/\/www.cykloromantika.cz\/foto-2022-1015-20\/\"},{\"id\":7693,\"title\":\"Foto 2022 1015 21\",\"url\":\"https:\/\/www.cykloromantika.cz\/wp-content\/uploads\/2022\/11\/foto-2022-1015-21.jpg\",\"link\":\"https:\/\/www.cykloromantika.cz\/foto-2022-1015-21\/\",\"alt\":\"\",\"description\":\"\",\"caption\":\"V\u00fdhled na h\u0159eben Grun\u011b\",\"mime\":\"image\/jpeg\",\"type\":\"image\",\"width\":1024,\"height\":576,\"sizes\":{\"thumbnail\":{\"height\":84,\"width\":150,\"url\":\"https:\/\/www.cykloromantika.cz\/wp-content\/uploads\/2022\/11\/foto-2022-1015-21-150x84.jpg\",\"orientation\":\"landscape\"},\"medium\":{\"height\":169,\"width\":300,\"url\":\"https:\/\/www.cykloromantika.cz\/wp-content\/uploads\/2022\/11\/foto-2022-1015-21-300x169.jpg\",\"orientation\":\"landscape\"},\"full\":{\"url\":\"https:\/\/www.cykloromantika.cz\/wp-content\/uploads\/2022\/11\/foto-2022-1015-21.jpg\",\"height\":576,\"width\":1024,\"orientation\":\"landscape\"}},\"meta\":false,\"postlink\":\"https:\/\/www.cykloromantika.cz\/foto-2022-1015-21\/\"},{\"id\":7694,\"title\":\"Foto 2022 1015 22\",\"url\":\"https:\/\/www.cykloromantika.cz\/wp-content\/uploads\/2022\/11\/foto-2022-1015-22.jpg\",\"link\":\"https:\/\/www.cykloromantika.cz\/foto-2022-1015-22\/\",\"alt\":\"\",\"description\":\"\",\"caption\":\"Lys\u00e1 hora nebyla daleko! Jak pro koho!\",\"mime\":\"image\/jpeg\",\"type\":\"image\",\"width\":576,\"height\":1024,\"sizes\":{\"thumbnail\":{\"height\":150,\"width\":84,\"url\":\"https:\/\/www.cykloromantika.cz\/wp-content\/uploads\/2022\/11\/foto-2022-1015-22-84x150.jpg\",\"orientation\":\"portrait\"},\"medium\":{\"height\":300,\"width\":169,\"url\":\"https:\/\/www.cykloromantika.cz\/wp-content\/uploads\/2022\/11\/foto-2022-1015-22-169x300.jpg\",\"orientation\":\"portrait\"},\"full\":{\"url\":\"https:\/\/www.cykloromantika.cz\/wp-content\/uploads\/2022\/11\/foto-2022-1015-22.jpg\",\"height\":1024,\"width\":576,\"orientation\":\"portrait\"}},\"meta\":false,\"postlink\":\"https:\/\/www.cykloromantika.cz\/foto-2022-1015-22\/\"},{\"id\":7695,\"title\":\"Foto 2022 1015 23\",\"url\":\"https:\/\/www.cykloromantika.cz\/wp-content\/uploads\/2022\/11\/foto-2022-1015-23.jpg\",\"link\":\"https:\/\/www.cykloromantika.cz\/foto-2022-1015-23\/\",\"alt\":\"\",\"description\":\"\",\"caption\":\"V\u00fdhled a\u017e na Slovensko\",\"mime\":\"image\/jpeg\",\"type\":\"image\",\"width\":1024,\"height\":576,\"sizes\":{\"thumbnail\":{\"height\":84,\"width\":150,\"url\":\"https:\/\/www.cykloromantika.cz\/wp-content\/uploads\/2022\/11\/foto-2022-1015-23-150x84.jpg\",\"orientation\":\"landscape\"},\"medium\":{\"height\":169,\"width\":300,\"url\":\"https:\/\/www.cykloromantika.cz\/wp-content\/uploads\/2022\/11\/foto-2022-1015-23-300x169.jpg\",\"orientation\":\"landscape\"},\"full\":{\"url\":\"https:\/\/www.cykloromantika.cz\/wp-content\/uploads\/2022\/11\/foto-2022-1015-23.jpg\",\"height\":576,\"width\":1024,\"orientation\":\"landscape\"}},\"meta\":false,\"postlink\":\"https:\/\/www.cykloromantika.cz\/foto-2022-1015-23\/\"},{\"id\":7697,\"title\":\"Foto 2022 1015 25\",\"url\":\"https:\/\/www.cykloromantika.cz\/wp-content\/uploads\/2022\/11\/foto-2022-1015-25.jpg\",\"link\":\"https:\/\/www.cykloromantika.cz\/foto-2022-1015-25\/\",\"alt\":\"\",\"description\":\"\",\"caption\":\"V\u00fdhled na \u00fadol\u00ed \u0160ance\",\"mime\":\"image\/jpeg\",\"type\":\"image\",\"width\":1024,\"height\":576,\"sizes\":{\"thumbnail\":{\"height\":84,\"width\":150,\"url\":\"https:\/\/www.cykloromantika.cz\/wp-content\/uploads\/2022\/11\/foto-2022-1015-25-150x84.jpg\",\"orientation\":\"landscape\"},\"medium\":{\"height\":169,\"width\":300,\"url\":\"https:\/\/www.cykloromantika.cz\/wp-content\/uploads\/2022\/11\/foto-2022-1015-25-300x169.jpg\",\"orientation\":\"landscape\"},\"full\":{\"url\":\"https:\/\/www.cykloromantika.cz\/wp-content\/uploads\/2022\/11\/foto-2022-1015-25.jpg\",\"height\":576,\"width\":1024,\"orientation\":\"landscape\"}},\"meta\":false,\"postlink\":\"https:\/\/www.cykloromantika.cz\/foto-2022-1015-25\/\"},{\"id\":7696,\"title\":\"Foto 2022 1015 24\",\"url\":\"https:\/\/www.cykloromantika.cz\/wp-content\/uploads\/2022\/11\/foto-2022-1015-24.jpg\",\"link\":\"https:\/\/www.cykloromantika.cz\/foto-2022-1015-24\/\",\"alt\":\"\",\"description\":\"\",\"caption\":\"Zachr\u00e1nilo n\u00e1s naho\u0159e vydatn\u00e9 j\u00eddlo!\",\"mime\":\"image\/jpeg\",\"type\":\"image\",\"width\":1024,\"height\":768,\"sizes\":{\"thumbnail\":{\"height\":113,\"width\":150,\"url\":\"https:\/\/www.cykloromantika.cz\/wp-content\/uploads\/2022\/11\/foto-2022-1015-24-150x113.jpg\",\"orientation\":\"landscape\"},\"medium\":{\"height\":225,\"width\":300,\"url\":\"https:\/\/www.cykloromantika.cz\/wp-content\/uploads\/2022\/11\/foto-2022-1015-24-300x225.jpg\",\"orientation\":\"landscape\"},\"full\":{\"url\":\"https:\/\/www.cykloromantika.cz\/wp-content\/uploads\/2022\/11\/foto-2022-1015-24.jpg\",\"height\":768,\"width\":1024,\"orientation\":\"landscape\"}},\"meta\":false,\"postlink\":\"https:\/\/www.cykloromantika.cz\/foto-2022-1015-24\/\"},{\"id\":7698,\"title\":\"Foto 2022 1015 26\",\"url\":\"https:\/\/www.cykloromantika.cz\/wp-content\/uploads\/2022\/11\/foto-2022-1015-26.jpg\",\"link\":\"https:\/\/www.cykloromantika.cz\/foto-2022-1015-26\/\",\"alt\":\"\",\"description\":\"\",\"caption\":\"Du\u0161\u00edk nic nenechal!\",\"mime\":\"image\/jpeg\",\"type\":\"image\",\"width\":768,\"height\":1024,\"sizes\":{\"thumbnail\":{\"height\":150,\"width\":113,\"url\":\"https:\/\/www.cykloromantika.cz\/wp-content\/uploads\/2022\/11\/foto-2022-1015-26-113x150.jpg\",\"orientation\":\"portrait\"},\"medium\":{\"height\":300,\"width\":225,\"url\":\"https:\/\/www.cykloromantika.cz\/wp-content\/uploads\/2022\/11\/foto-2022-1015-26-225x300.jpg\",\"orientation\":\"portrait\"},\"full\":{\"url\":\"https:\/\/www.cykloromantika.cz\/wp-content\/uploads\/2022\/11\/foto-2022-1015-26.jpg\",\"height\":1024,\"width\":768,\"orientation\":\"portrait\"}},\"meta\":false,\"postlink\":\"https:\/\/www.cykloromantika.cz\/foto-2022-1015-26\/\"},{\"id\":7699,\"title\":\"Foto 2022 1015 27\",\"url\":\"https:\/\/www.cykloromantika.cz\/wp-content\/uploads\/2022\/11\/foto-2022-1015-27.jpg\",\"link\":\"https:\/\/www.cykloromantika.cz\/foto-2022-1015-27\/\",\"alt\":\"\",\"description\":\"\",\"caption\":\"I Tom\u00edkovi dop\u0159ejeme \u010das na regeneraci.\",\"mime\":\"image\/jpeg\",\"type\":\"image\",\"width\":1024,\"height\":683,\"sizes\":{\"thumbnail\":{\"height\":100,\"width\":150,\"url\":\"https:\/\/www.cykloromantika.cz\/wp-content\/uploads\/2022\/11\/foto-2022-1015-27-150x100.jpg\",\"orientation\":\"landscape\"},\"medium\":{\"height\":200,\"width\":300,\"url\":\"https:\/\/www.cykloromantika.cz\/wp-content\/uploads\/2022\/11\/foto-2022-1015-27-300x200.jpg\",\"orientation\":\"landscape\"},\"full\":{\"url\":\"https:\/\/www.cykloromantika.cz\/wp-content\/uploads\/2022\/11\/foto-2022-1015-27.jpg\",\"height\":683,\"width\":1024,\"orientation\":\"landscape\"}},\"meta\":false,\"postlink\":\"https:\/\/www.cykloromantika.cz\/foto-2022-1015-27\/\"},{\"id\":7700,\"title\":\"Foto 2022 1015 28\",\"url\":\"https:\/\/www.cykloromantika.cz\/wp-content\/uploads\/2022\/11\/foto-2022-1015-28.jpg\",\"link\":\"https:\/\/www.cykloromantika.cz\/foto-2022-1015-28\/\",\"alt\":\"\",\"description\":\"\",\"caption\":\"I kdy\u017e to nevypad\u00e1, je zima a dost fouk\u00e1.\",\"mime\":\"image\/jpeg\",\"type\":\"image\",\"width\":1024,\"height\":576,\"sizes\":{\"thumbnail\":{\"height\":84,\"width\":150,\"url\":\"https:\/\/www.cykloromantika.cz\/wp-content\/uploads\/2022\/11\/foto-2022-1015-28-150x84.jpg\",\"orientation\":\"landscape\"},\"medium\":{\"height\":169,\"width\":300,\"url\":\"https:\/\/www.cykloromantika.cz\/wp-content\/uploads\/2022\/11\/foto-2022-1015-28-300x169.jpg\",\"orientation\":\"landscape\"},\"full\":{\"url\":\"https:\/\/www.cykloromantika.cz\/wp-content\/uploads\/2022\/11\/foto-2022-1015-28.jpg\",\"height\":576,\"width\":1024,\"orientation\":\"landscape\"}},\"meta\":false,\"postlink\":\"https:\/\/www.cykloromantika.cz\/foto-2022-1015-28\/\"},{\"id\":7701,\"title\":\"Foto 2022 1015 29\",\"url\":\"https:\/\/www.cykloromantika.cz\/wp-content\/uploads\/2022\/11\/foto-2022-1015-29.jpg\",\"link\":\"https:\/\/www.cykloromantika.cz\/foto-2022-1015-29\/\",\"alt\":\"\",\"description\":\"\",\"caption\":\"Vys\u00edla\u010d na Lys\u00e9 ho\u0159e\",\"mime\":\"image\/jpeg\",\"type\":\"image\",\"width\":576,\"height\":1024,\"sizes\":{\"thumbnail\":{\"height\":150,\"width\":84,\"url\":\"https:\/\/www.cykloromantika.cz\/wp-content\/uploads\/2022\/11\/foto-2022-1015-29-84x150.jpg\",\"orientation\":\"portrait\"},\"medium\":{\"height\":300,\"width\":169,\"url\":\"https:\/\/www.cykloromantika.cz\/wp-content\/uploads\/2022\/11\/foto-2022-1015-29-169x300.jpg\",\"orientation\":\"portrait\"},\"full\":{\"url\":\"https:\/\/www.cykloromantika.cz\/wp-content\/uploads\/2022\/11\/foto-2022-1015-29.jpg\",\"height\":1024,\"width\":576,\"orientation\":\"portrait\"}},\"meta\":false,\"postlink\":\"https:\/\/www.cykloromantika.cz\/foto-2022-1015-29\/\"},{\"id\":7702,\"title\":\"Foto 2022 1015 30\",\"url\":\"https:\/\/www.cykloromantika.cz\/wp-content\/uploads\/2022\/11\/foto-2022-1015-30.jpg\",\"link\":\"https:\/\/www.cykloromantika.cz\/foto-2022-1015-30\/\",\"alt\":\"\",\"description\":\"\",\"caption\":\"Vrcholov\u00e9 foto I\",\"mime\":\"image\/jpeg\",\"type\":\"image\",\"width\":682,\"height\":1024,\"sizes\":{\"thumbnail\":{\"height\":150,\"width\":100,\"url\":\"https:\/\/www.cykloromantika.cz\/wp-content\/uploads\/2022\/11\/foto-2022-1015-30-100x150.jpg\",\"orientation\":\"portrait\"},\"medium\":{\"height\":300,\"width\":200,\"url\":\"https:\/\/www.cykloromantika.cz\/wp-content\/uploads\/2022\/11\/foto-2022-1015-30-200x300.jpg\",\"orientation\":\"portrait\"},\"full\":{\"url\":\"https:\/\/www.cykloromantika.cz\/wp-content\/uploads\/2022\/11\/foto-2022-1015-30.jpg\",\"height\":1024,\"width\":682,\"orientation\":\"portrait\"}},\"meta\":false,\"postlink\":\"https:\/\/www.cykloromantika.cz\/foto-2022-1015-30\/\"},{\"id\":7703,\"title\":\"Foto 2022 1015 31\",\"url\":\"https:\/\/www.cykloromantika.cz\/wp-content\/uploads\/2022\/11\/foto-2022-1015-31.jpg\",\"link\":\"https:\/\/www.cykloromantika.cz\/foto-2022-1015-31\/\",\"alt\":\"\",\"description\":\"\",\"caption\":\"Vrcholov\u00e9 foto II\",\"mime\":\"image\/jpeg\",\"type\":\"image\",\"width\":683,\"height\":1024,\"sizes\":{\"thumbnail\":{\"height\":150,\"width\":100,\"url\":\"https:\/\/www.cykloromantika.cz\/wp-content\/uploads\/2022\/11\/foto-2022-1015-31-100x150.jpg\",\"orientation\":\"portrait\"},\"medium\":{\"height\":300,\"width\":200,\"url\":\"https:\/\/www.cykloromantika.cz\/wp-content\/uploads\/2022\/11\/foto-2022-1015-31-200x300.jpg\",\"orientation\":\"portrait\"},\"full\":{\"url\":\"https:\/\/www.cykloromantika.cz\/wp-content\/uploads\/2022\/11\/foto-2022-1015-31.jpg\",\"height\":1024,\"width\":683,\"orientation\":\"portrait\"}},\"meta\":false,\"postlink\":\"https:\/\/www.cykloromantika.cz\/foto-2022-1015-31\/\"},{\"id\":7704,\"title\":\"Foto 2022 1015 32\",\"url\":\"https:\/\/www.cykloromantika.cz\/wp-content\/uploads\/2022\/11\/foto-2022-1015-32.jpg\",\"link\":\"https:\/\/www.cykloromantika.cz\/foto-2022-1015-32\/\",\"alt\":\"\",\"description\":\"\",\"caption\":\"Ji\u017e jsme pod h\u0159ebenem Grun\u011b.\",\"mime\":\"image\/jpeg\",\"type\":\"image\",\"width\":1024,\"height\":576,\"sizes\":{\"thumbnail\":{\"height\":84,\"width\":150,\"url\":\"https:\/\/www.cykloromantika.cz\/wp-content\/uploads\/2022\/11\/foto-2022-1015-32-150x84.jpg\",\"orientation\":\"landscape\"},\"medium\":{\"height\":169,\"width\":300,\"url\":\"https:\/\/www.cykloromantika.cz\/wp-content\/uploads\/2022\/11\/foto-2022-1015-32-300x169.jpg\",\"orientation\":\"landscape\"},\"full\":{\"url\":\"https:\/\/www.cykloromantika.cz\/wp-content\/uploads\/2022\/11\/foto-2022-1015-32.jpg\",\"height\":576,\"width\":1024,\"orientation\":\"landscape\"}},\"meta\":false,\"postlink\":\"https:\/\/www.cykloromantika.cz\/foto-2022-1015-32\/\"},{\"id\":7705,\"title\":\"Foto 2022 1015 33\",\"url\":\"https:\/\/www.cykloromantika.cz\/wp-content\/uploads\/2022\/11\/foto-2022-1015-33.jpg\",\"link\":\"https:\/\/www.cykloromantika.cz\/foto-2022-1015-33\/\",\"alt\":\"\",\"description\":\"\",\"caption\":\"H\u0159eben Grun\u011b (v pozad\u00ed d\u0159ev\u011bn\u00fd kostel Panny Marie Pomocnice k\u0159es\u0165an\u016f)\",\"mime\":\"image\/jpeg\",\"type\":\"image\",\"width\":1024,\"height\":576,\"sizes\":{\"thumbnail\":{\"height\":84,\"width\":150,\"url\":\"https:\/\/www.cykloromantika.cz\/wp-content\/uploads\/2022\/11\/foto-2022-1015-33-150x84.jpg\",\"orientation\":\"landscape\"},\"medium\":{\"height\":169,\"width\":300,\"url\":\"https:\/\/www.cykloromantika.cz\/wp-content\/uploads\/2022\/11\/foto-2022-1015-33-300x169.jpg\",\"orientation\":\"landscape\"},\"full\":{\"url\":\"https:\/\/www.cykloromantika.cz\/wp-content\/uploads\/2022\/11\/foto-2022-1015-33.jpg\",\"height\":576,\"width\":1024,\"orientation\":\"landscape\"}},\"meta\":false,\"postlink\":\"https:\/\/www.cykloromantika.cz\/foto-2022-1015-33\/\"},{\"id\":7706,\"title\":\"Foto 2022 1015 34\",\"url\":\"https:\/\/www.cykloromantika.cz\/wp-content\/uploads\/2022\/11\/foto-2022-1015-34.jpg\",\"link\":\"https:\/\/www.cykloromantika.cz\/foto-2022-1015-34\/\",\"alt\":\"\",\"description\":\"\",\"caption\":\"Uklizeno!\",\"mime\":\"image\/jpeg\",\"type\":\"image\",\"width\":1024,\"height\":683,\"sizes\":{\"thumbnail\":{\"height\":100,\"width\":150,\"url\":\"https:\/\/www.cykloromantika.cz\/wp-content\/uploads\/2022\/11\/foto-2022-1015-34-150x100.jpg\",\"orientation\":\"landscape\"},\"medium\":{\"height\":200,\"width\":300,\"url\":\"https:\/\/www.cykloromantika.cz\/wp-content\/uploads\/2022\/11\/foto-2022-1015-34-300x200.jpg\",\"orientation\":\"landscape\"},\"full\":{\"url\":\"https:\/\/www.cykloromantika.cz\/wp-content\/uploads\/2022\/11\/foto-2022-1015-34.jpg\",\"height\":683,\"width\":1024,\"orientation\":\"landscape\"}},\"meta\":false,\"postlink\":\"https:\/\/www.cykloromantika.cz\/foto-2022-1015-34\/\"},{\"id\":7707,\"title\":\"Foto 2022 1015 35\",\"url\":\"https:\/\/www.cykloromantika.cz\/wp-content\/uploads\/2022\/11\/foto-2022-1015-35.jpg\",\"link\":\"https:\/\/www.cykloromantika.cz\/foto-2022-1015-35\/\",\"alt\":\"\",\"description\":\"\",\"caption\":\"Posledn\u00ed ve\u010de\u0159e\",\"mime\":\"image\/jpeg\",\"type\":\"image\",\"width\":1024,\"height\":768,\"sizes\":{\"thumbnail\":{\"height\":113,\"width\":150,\"url\":\"https:\/\/www.cykloromantika.cz\/wp-content\/uploads\/2022\/11\/foto-2022-1015-35-150x113.jpg\",\"orientation\":\"landscape\"},\"medium\":{\"height\":225,\"width\":300,\"url\":\"https:\/\/www.cykloromantika.cz\/wp-content\/uploads\/2022\/11\/foto-2022-1015-35-300x225.jpg\",\"orientation\":\"landscape\"},\"full\":{\"url\":\"https:\/\/www.cykloromantika.cz\/wp-content\/uploads\/2022\/11\/foto-2022-1015-35.jpg\",\"height\":768,\"width\":1024,\"orientation\":\"landscape\"}},\"meta\":false,\"postlink\":\"https:\/\/www.cykloromantika.cz\/foto-2022-1015-35\/\"},{\"id\":7708,\"title\":\"Foto 2022 1015 36\",\"url\":\"https:\/\/www.cykloromantika.cz\/wp-content\/uploads\/2022\/11\/foto-2022-1015-36.jpg\",\"link\":\"https:\/\/www.cykloromantika.cz\/foto-2022-1015-36\/\",\"alt\":\"\",\"description\":\"\",\"caption\":\"Nedostatek d\u011bv\u010dat n\u00e1m nevad\u00ed!\",\"mime\":\"image\/jpeg\",\"type\":\"image\",\"width\":768,\"height\":1024,\"sizes\":{\"thumbnail\":{\"height\":150,\"width\":113,\"url\":\"https:\/\/www.cykloromantika.cz\/wp-content\/uploads\/2022\/11\/foto-2022-1015-36-113x150.jpg\",\"orientation\":\"portrait\"},\"medium\":{\"height\":300,\"width\":225,\"url\":\"https:\/\/www.cykloromantika.cz\/wp-content\/uploads\/2022\/11\/foto-2022-1015-36-225x300.jpg\",\"orientation\":\"portrait\"},\"full\":{\"url\":\"https:\/\/www.cykloromantika.cz\/wp-content\/uploads\/2022\/11\/foto-2022-1015-36.jpg\",\"height\":1024,\"width\":768,\"orientation\":\"portrait\"}},\"meta\":false,\"postlink\":\"https:\/\/www.cykloromantika.cz\/foto-2022-1015-36\/\"},{\"id\":7709,\"title\":\"Foto 2022 1015 37\",\"url\":\"https:\/\/www.cykloromantika.cz\/wp-content\/uploads\/2022\/11\/foto-2022-1015-37.jpg\",\"link\":\"https:\/\/www.cykloromantika.cz\/foto-2022-1015-37\/\",\"alt\":\"\",\"description\":\"\",\"caption\":\"M\u00edstn\u00ed na to maj\u00ed jin\u00fd n\u00e1zor!\",\"mime\":\"image\/jpeg\",\"type\":\"image\",\"width\":768,\"height\":1024,\"sizes\":{\"thumbnail\":{\"height\":150,\"width\":113,\"url\":\"https:\/\/www.cykloromantika.cz\/wp-content\/uploads\/2022\/11\/foto-2022-1015-37-113x150.jpg\",\"orientation\":\"portrait\"},\"medium\":{\"height\":300,\"width\":225,\"url\":\"https:\/\/www.cykloromantika.cz\/wp-content\/uploads\/2022\/11\/foto-2022-1015-37-225x300.jpg\",\"orientation\":\"portrait\"},\"full\":{\"url\":\"https:\/\/www.cykloromantika.cz\/wp-content\/uploads\/2022\/11\/foto-2022-1015-37.jpg\",\"height\":1024,\"width\":768,\"orientation\":\"portrait\"}},\"meta\":false,\"postlink\":\"https:\/\/www.cykloromantika.cz\/foto-2022-1015-37\/\"},{\"id\":7710,\"title\":\"Foto 2022 1015 38\",\"url\":\"https:\/\/www.cykloromantika.cz\/wp-content\/uploads\/2022\/11\/foto-2022-1015-38.jpg\",\"link\":\"https:\/\/www.cykloromantika.cz\/foto-2022-1015-38\/\",\"alt\":\"\",\"description\":\"\",\"caption\":\"Ale je n\u00e1s v\u00edce!\",\"mime\":\"image\/jpeg\",\"type\":\"image\",\"width\":768,\"height\":1024,\"sizes\":{\"thumbnail\":{\"height\":150,\"width\":113,\"url\":\"https:\/\/www.cykloromantika.cz\/wp-content\/uploads\/2022\/11\/foto-2022-1015-38-113x150.jpg\",\"orientation\":\"portrait\"},\"medium\":{\"height\":300,\"width\":225,\"url\":\"https:\/\/www.cykloromantika.cz\/wp-content\/uploads\/2022\/11\/foto-2022-1015-38-225x300.jpg\",\"orientation\":\"portrait\"},\"full\":{\"url\":\"https:\/\/www.cykloromantika.cz\/wp-content\/uploads\/2022\/11\/foto-2022-1015-38.jpg\",\"height\":1024,\"width\":768,\"orientation\":\"portrait\"}},\"meta\":false,\"postlink\":\"https:\/\/www.cykloromantika.cz\/foto-2022-1015-38\/\"},{\"id\":7711,\"title\":\"Foto 2022 1015 39\",\"url\":\"https:\/\/www.cykloromantika.cz\/wp-content\/uploads\/2022\/11\/foto-2022-1015-39.jpg\",\"link\":\"https:\/\/www.cykloromantika.cz\/foto-2022-1015-39\/\",\"alt\":\"\",\"description\":\"\",\"caption\":\"Do kole\u010dka, dokola!\",\"mime\":\"image\/jpeg\",\"type\":\"image\",\"width\":768,\"height\":1024,\"sizes\":{\"thumbnail\":{\"height\":150,\"width\":113,\"url\":\"https:\/\/www.cykloromantika.cz\/wp-content\/uploads\/2022\/11\/foto-2022-1015-39-113x150.jpg\",\"orientation\":\"portrait\"},\"medium\":{\"height\":300,\"width\":225,\"url\":\"https:\/\/www.cykloromantika.cz\/wp-content\/uploads\/2022\/11\/foto-2022-1015-39-225x300.jpg\",\"orientation\":\"portrait\"},\"full\":{\"url\":\"https:\/\/www.cykloromantika.cz\/wp-content\/uploads\/2022\/11\/foto-2022-1015-39.jpg\",\"height\":1024,\"width\":768,\"orientation\":\"portrait\"}},\"meta\":false,\"postlink\":\"https:\/\/www.cykloromantika.cz\/foto-2022-1015-39\/\"},{\"id\":7712,\"title\":\"Foto 2022 1015 40\",\"url\":\"https:\/\/www.cykloromantika.cz\/wp-content\/uploads\/2022\/11\/foto-2022-1015-40.jpg\",\"link\":\"https:\/\/www.cykloromantika.cz\/foto-2022-1015-40\/\",\"alt\":\"\",\"description\":\"\",\"caption\":\"V\u0161estrann\u00fd muzikant z Vratimova\",\"mime\":\"image\/jpeg\",\"type\":\"image\",\"width\":768,\"height\":1024,\"sizes\":{\"thumbnail\":{\"height\":150,\"width\":113,\"url\":\"https:\/\/www.cykloromantika.cz\/wp-content\/uploads\/2022\/11\/foto-2022-1015-40-113x150.jpg\",\"orientation\":\"portrait\"},\"medium\":{\"height\":300,\"width\":225,\"url\":\"https:\/\/www.cykloromantika.cz\/wp-content\/uploads\/2022\/11\/foto-2022-1015-40-225x300.jpg\",\"orientation\":\"portrait\"},\"full\":{\"url\":\"https:\/\/www.cykloromantika.cz\/wp-content\/uploads\/2022\/11\/foto-2022-1015-40.jpg\",\"height\":1024,\"width\":768,\"orientation\":\"portrait\"}},\"meta\":false,\"postlink\":\"https:\/\/www.cykloromantika.cz\/foto-2022-1015-40\/\"},{\"id\":7715,\"title\":\"Foto 2022 1015 43\",\"url\":\"https:\/\/www.cykloromantika.cz\/wp-content\/uploads\/2022\/11\/foto-2022-1015-43.jpg\",\"link\":\"https:\/\/www.cykloromantika.cz\/foto-2022-1015-43\/\",\"alt\":\"\",\"description\":\"\",\"caption\":\"Doba no\u010dn\u00ed pokro\u010dila!\",\"mime\":\"image\/jpeg\",\"type\":\"image\",\"width\":1024,\"height\":768,\"sizes\":{\"thumbnail\":{\"height\":113,\"width\":150,\"url\":\"https:\/\/www.cykloromantika.cz\/wp-content\/uploads\/2022\/11\/foto-2022-1015-43-150x113.jpg\",\"orientation\":\"landscape\"},\"medium\":{\"height\":225,\"width\":300,\"url\":\"https:\/\/www.cykloromantika.cz\/wp-content\/uploads\/2022\/11\/foto-2022-1015-43-300x225.jpg\",\"orientation\":\"landscape\"},\"full\":{\"url\":\"https:\/\/www.cykloromantika.cz\/wp-content\/uploads\/2022\/11\/foto-2022-1015-43.jpg\",\"height\":768,\"width\":1024,\"orientation\":\"landscape\"}},\"meta\":false,\"postlink\":\"https:\/\/www.cykloromantika.cz\/foto-2022-1015-43\/\"},{\"id\":7717,\"title\":\"Foto 2022 1016 02\",\"url\":\"https:\/\/www.cykloromantika.cz\/wp-content\/uploads\/2022\/11\/foto-2022-1016-02.jpg\",\"link\":\"https:\/\/www.cykloromantika.cz\/foto-2022-1016-02\/\",\"alt\":\"\",\"description\":\"\",\"caption\":\"Fote\u010dka pouh\u00e1 s provozn\u00edm a kucha\u0159em\",\"mime\":\"image\/jpeg\",\"type\":\"image\",\"width\":1024,\"height\":576,\"sizes\":{\"thumbnail\":{\"height\":84,\"width\":150,\"url\":\"https:\/\/www.cykloromantika.cz\/wp-content\/uploads\/2022\/11\/foto-2022-1016-02-150x84.jpg\",\"orientation\":\"landscape\"},\"medium\":{\"height\":169,\"width\":300,\"url\":\"https:\/\/www.cykloromantika.cz\/wp-content\/uploads\/2022\/11\/foto-2022-1016-02-300x169.jpg\",\"orientation\":\"landscape\"},\"full\":{\"url\":\"https:\/\/www.cykloromantika.cz\/wp-content\/uploads\/2022\/11\/foto-2022-1016-02.jpg\",\"height\":576,\"width\":1024,\"orientation\":\"landscape\"}},\"meta\":false,\"postlink\":\"https:\/\/www.cykloromantika.cz\/foto-2022-1016-02\/\"},{\"id\":7718,\"title\":\"Foto 2022 1016 03\",\"url\":\"https:\/\/www.cykloromantika.cz\/wp-content\/uploads\/2022\/11\/foto-2022-1016-03.jpg\",\"link\":\"https:\/\/www.cykloromantika.cz\/foto-2022-1016-03\/\",\"alt\":\"\",\"description\":\"\",\"caption\":\"Opou\u0161t\u00edme na\u0161e \u00fato\u010di\u0161t\u011b.\",\"mime\":\"image\/jpeg\",\"type\":\"image\",\"width\":1024,\"height\":683,\"sizes\":{\"thumbnail\":{\"height\":100,\"width\":150,\"url\":\"https:\/\/www.cykloromantika.cz\/wp-content\/uploads\/2022\/11\/foto-2022-1016-03-150x100.jpg\",\"orientation\":\"landscape\"},\"medium\":{\"height\":200,\"width\":300,\"url\":\"https:\/\/www.cykloromantika.cz\/wp-content\/uploads\/2022\/11\/foto-2022-1016-03-300x200.jpg\",\"orientation\":\"landscape\"},\"full\":{\"url\":\"https:\/\/www.cykloromantika.cz\/wp-content\/uploads\/2022\/11\/foto-2022-1016-03.jpg\",\"height\":683,\"width\":1024,\"orientation\":\"landscape\"}},\"meta\":false,\"postlink\":\"https:\/\/www.cykloromantika.cz\/foto-2022-1016-03\/\"},{\"id\":7719,\"title\":\"Foto 2022 1016 04\",\"url\":\"https:\/\/www.cykloromantika.cz\/wp-content\/uploads\/2022\/11\/foto-2022-1016-04.jpg\",\"link\":\"https:\/\/www.cykloromantika.cz\/foto-2022-1016-04\/\",\"alt\":\"\",\"description\":\"\",\"caption\":\"N\u00e1lada je bojovn\u00e1?\",\"mime\":\"image\/jpeg\",\"type\":\"image\",\"width\":1024,\"height\":768,\"sizes\":{\"thumbnail\":{\"height\":113,\"width\":150,\"url\":\"https:\/\/www.cykloromantika.cz\/wp-content\/uploads\/2022\/11\/foto-2022-1016-04-150x113.jpg\",\"orientation\":\"landscape\"},\"medium\":{\"height\":225,\"width\":300,\"url\":\"https:\/\/www.cykloromantika.cz\/wp-content\/uploads\/2022\/11\/foto-2022-1016-04-300x225.jpg\",\"orientation\":\"landscape\"},\"full\":{\"url\":\"https:\/\/www.cykloromantika.cz\/wp-content\/uploads\/2022\/11\/foto-2022-1016-04.jpg\",\"height\":768,\"width\":1024,\"orientation\":\"landscape\"}},\"meta\":false,\"postlink\":\"https:\/\/www.cykloromantika.cz\/foto-2022-1016-04\/\"},{\"id\":7720,\"title\":\"Foto 2022 1016 05\",\"url\":\"https:\/\/www.cykloromantika.cz\/wp-content\/uploads\/2022\/11\/foto-2022-1016-05.jpg\",\"link\":\"https:\/\/www.cykloromantika.cz\/foto-2022-1016-05\/\",\"alt\":\"\",\"description\":\"\",\"caption\":\"Skupinka r\u016fzn\u00fdch hladin\",\"mime\":\"image\/jpeg\",\"type\":\"image\",\"width\":1024,\"height\":768,\"sizes\":{\"thumbnail\":{\"height\":113,\"width\":150,\"url\":\"https:\/\/www.cykloromantika.cz\/wp-content\/uploads\/2022\/11\/foto-2022-1016-05-150x113.jpg\",\"orientation\":\"landscape\"},\"medium\":{\"height\":225,\"width\":300,\"url\":\"https:\/\/www.cykloromantika.cz\/wp-content\/uploads\/2022\/11\/foto-2022-1016-05-300x225.jpg\",\"orientation\":\"landscape\"},\"full\":{\"url\":\"https:\/\/www.cykloromantika.cz\/wp-content\/uploads\/2022\/11\/foto-2022-1016-05.jpg\",\"height\":768,\"width\":1024,\"orientation\":\"landscape\"}},\"meta\":false,\"postlink\":\"https:\/\/www.cykloromantika.cz\/foto-2022-1016-05\/\"},{\"id\":7721,\"title\":\"Foto 2022 1016 06\",\"url\":\"https:\/\/www.cykloromantika.cz\/wp-content\/uploads\/2022\/11\/foto-2022-1016-06.jpg\",\"link\":\"https:\/\/www.cykloromantika.cz\/foto-2022-1016-06\/\",\"alt\":\"\",\"description\":\"\",\"caption\":\"B\u00edl\u00fd k\u0159\u00ed\u017e\",\"mime\":\"image\/jpeg\",\"type\":\"image\",\"width\":683,\"height\":1024,\"sizes\":{\"thumbnail\":{\"height\":150,\"width\":100,\"url\":\"https:\/\/www.cykloromantika.cz\/wp-content\/uploads\/2022\/11\/foto-2022-1016-06-100x150.jpg\",\"orientation\":\"portrait\"},\"medium\":{\"height\":300,\"width\":200,\"url\":\"https:\/\/www.cykloromantika.cz\/wp-content\/uploads\/2022\/11\/foto-2022-1016-06-200x300.jpg\",\"orientation\":\"portrait\"},\"full\":{\"url\":\"https:\/\/www.cykloromantika.cz\/wp-content\/uploads\/2022\/11\/foto-2022-1016-06.jpg\",\"height\":1024,\"width\":683,\"orientation\":\"portrait\"}},\"meta\":false,\"postlink\":\"https:\/\/www.cykloromantika.cz\/foto-2022-1016-06\/\"},{\"id\":7722,\"title\":\"Foto 2022 1016 07\",\"url\":\"https:\/\/www.cykloromantika.cz\/wp-content\/uploads\/2022\/11\/foto-2022-1016-07.jpg\",\"link\":\"https:\/\/www.cykloromantika.cz\/foto-2022-1016-07\/\",\"alt\":\"\",\"description\":\"\",\"caption\":\"Kotv\u00edme v m\u00edstn\u00edm bufetu.\",\"mime\":\"image\/jpeg\",\"type\":\"image\",\"width\":1024,\"height\":683,\"sizes\":{\"thumbnail\":{\"height\":100,\"width\":150,\"url\":\"https:\/\/www.cykloromantika.cz\/wp-content\/uploads\/2022\/11\/foto-2022-1016-07-150x100.jpg\",\"orientation\":\"landscape\"},\"medium\":{\"height\":200,\"width\":300,\"url\":\"https:\/\/www.cykloromantika.cz\/wp-content\/uploads\/2022\/11\/foto-2022-1016-07-300x200.jpg\",\"orientation\":\"landscape\"},\"full\":{\"url\":\"https:\/\/www.cykloromantika.cz\/wp-content\/uploads\/2022\/11\/foto-2022-1016-07.jpg\",\"height\":683,\"width\":1024,\"orientation\":\"landscape\"}},\"meta\":false,\"postlink\":\"https:\/\/www.cykloromantika.cz\/foto-2022-1016-07\/\"},{\"id\":7723,\"title\":\"Foto 2022 1016 08\",\"url\":\"https:\/\/www.cykloromantika.cz\/wp-content\/uploads\/2022\/11\/foto-2022-1016-08.jpg\",\"link\":\"https:\/\/www.cykloromantika.cz\/foto-2022-1016-08\/\",\"alt\":\"\",\"description\":\"\",\"caption\":\"Posil\u0148uj\u00edc\u00ed pol\u00e9vka\",\"mime\":\"image\/jpeg\",\"type\":\"image\",\"width\":768,\"height\":1024,\"sizes\":{\"thumbnail\":{\"height\":150,\"width\":113,\"url\":\"https:\/\/www.cykloromantika.cz\/wp-content\/uploads\/2022\/11\/foto-2022-1016-08-113x150.jpg\",\"orientation\":\"portrait\"},\"medium\":{\"height\":300,\"width\":225,\"url\":\"https:\/\/www.cykloromantika.cz\/wp-content\/uploads\/2022\/11\/foto-2022-1016-08-225x300.jpg\",\"orientation\":\"portrait\"},\"full\":{\"url\":\"https:\/\/www.cykloromantika.cz\/wp-content\/uploads\/2022\/11\/foto-2022-1016-08.jpg\",\"height\":1024,\"width\":768,\"orientation\":\"portrait\"}},\"meta\":false,\"postlink\":\"https:\/\/www.cykloromantika.cz\/foto-2022-1016-08\/\"},{\"id\":7724,\"title\":\"Foto 2022 1016 09\",\"url\":\"https:\/\/www.cykloromantika.cz\/wp-content\/uploads\/2022\/11\/foto-2022-1016-09.jpg\",\"link\":\"https:\/\/www.cykloromantika.cz\/foto-2022-1016-09\/\",\"alt\":\"\",\"description\":\"\",\"caption\":\"Odjezd byl pozdr\u017een!\",\"mime\":\"image\/jpeg\",\"type\":\"image\",\"width\":1024,\"height\":768,\"sizes\":{\"thumbnail\":{\"height\":113,\"width\":150,\"url\":\"https:\/\/www.cykloromantika.cz\/wp-content\/uploads\/2022\/11\/foto-2022-1016-09-150x113.jpg\",\"orientation\":\"landscape\"},\"medium\":{\"height\":225,\"width\":300,\"url\":\"https:\/\/www.cykloromantika.cz\/wp-content\/uploads\/2022\/11\/foto-2022-1016-09-300x225.jpg\",\"orientation\":\"landscape\"},\"full\":{\"url\":\"https:\/\/www.cykloromantika.cz\/wp-content\/uploads\/2022\/11\/foto-2022-1016-09.jpg\",\"height\":768,\"width\":1024,\"orientation\":\"landscape\"}},\"meta\":false,\"postlink\":\"https:\/\/www.cykloromantika.cz\/foto-2022-1016-09\/\"},{\"id\":7725,\"title\":\"Foto 2022 1016 10\",\"url\":\"https:\/\/www.cykloromantika.cz\/wp-content\/uploads\/2022\/11\/foto-2022-1016-10.jpg\",\"link\":\"https:\/\/www.cykloromantika.cz\/foto-2022-1016-10\/\",\"alt\":\"\",\"description\":\"\",\"caption\":\"Proj\u00ed\u017ed\u011bli jsme krajem partyz\u00e1n\u016f.\",\"mime\":\"image\/jpeg\",\"type\":\"image\",\"width\":768,\"height\":1024,\"sizes\":{\"thumbnail\":{\"height\":150,\"width\":113,\"url\":\"https:\/\/www.cykloromantika.cz\/wp-content\/uploads\/2022\/11\/foto-2022-1016-10-113x150.jpg\",\"orientation\":\"portrait\"},\"medium\":{\"height\":300,\"width\":225,\"url\":\"https:\/\/www.cykloromantika.cz\/wp-content\/uploads\/2022\/11\/foto-2022-1016-10-225x300.jpg\",\"orientation\":\"portrait\"},\"full\":{\"url\":\"https:\/\/www.cykloromantika.cz\/wp-content\/uploads\/2022\/11\/foto-2022-1016-10.jpg\",\"height\":1024,\"width\":768,\"orientation\":\"portrait\"}},\"meta\":false,\"postlink\":\"https:\/\/www.cykloromantika.cz\/foto-2022-1016-10\/\"},{\"id\":7726,\"title\":\"Foto 2022 1016 11\",\"url\":\"https:\/\/www.cykloromantika.cz\/wp-content\/uploads\/2022\/11\/foto-2022-1016-11.jpg\",\"link\":\"https:\/\/www.cykloromantika.cz\/foto-2022-1016-11\/\",\"alt\":\"\",\"description\":\"\",\"caption\":\"Zaml\u017een\u00e1\",\"mime\":\"image\/jpeg\",\"type\":\"image\",\"width\":768,\"height\":1024,\"sizes\":{\"thumbnail\":{\"height\":150,\"width\":113,\"url\":\"https:\/\/www.cykloromantika.cz\/wp-content\/uploads\/2022\/11\/foto-2022-1016-11-113x150.jpg\",\"orientation\":\"portrait\"},\"medium\":{\"height\":300,\"width\":225,\"url\":\"https:\/\/www.cykloromantika.cz\/wp-content\/uploads\/2022\/11\/foto-2022-1016-11-225x300.jpg\",\"orientation\":\"portrait\"},\"full\":{\"url\":\"https:\/\/www.cykloromantika.cz\/wp-content\/uploads\/2022\/11\/foto-2022-1016-11.jpg\",\"height\":1024,\"width\":768,\"orientation\":\"portrait\"}},\"meta\":false,\"postlink\":\"https:\/\/www.cykloromantika.cz\/foto-2022-1016-11\/\"},{\"id\":7727,\"title\":\"Foto 2022 1016 12\",\"url\":\"https:\/\/www.cykloromantika.cz\/wp-content\/uploads\/2022\/11\/foto-2022-1016-12.jpg\",\"link\":\"https:\/\/www.cykloromantika.cz\/foto-2022-1016-12\/\",\"alt\":\"\",\"description\":\"\",\"caption\":\"Kaple sv. Cyrila a Metod\u011bje v \u010celadn\u00e9\",\"mime\":\"image\/jpeg\",\"type\":\"image\",\"width\":1024,\"height\":683,\"sizes\":{\"thumbnail\":{\"height\":100,\"width\":150,\"url\":\"https:\/\/www.cykloromantika.cz\/wp-content\/uploads\/2022\/11\/foto-2022-1016-12-150x100.jpg\",\"orientation\":\"landscape\"},\"medium\":{\"height\":200,\"width\":300,\"url\":\"https:\/\/www.cykloromantika.cz\/wp-content\/uploads\/2022\/11\/foto-2022-1016-12-300x200.jpg\",\"orientation\":\"landscape\"},\"full\":{\"url\":\"https:\/\/www.cykloromantika.cz\/wp-content\/uploads\/2022\/11\/foto-2022-1016-12.jpg\",\"height\":683,\"width\":1024,\"orientation\":\"landscape\"}},\"meta\":false,\"postlink\":\"https:\/\/www.cykloromantika.cz\/foto-2022-1016-12\/\"},{\"id\":7728,\"title\":\"Foto 2022 1016 13\",\"url\":\"https:\/\/www.cykloromantika.cz\/wp-content\/uploads\/2022\/11\/foto-2022-1016-13.jpg\",\"link\":\"https:\/\/www.cykloromantika.cz\/foto-2022-1016-13\/\",\"alt\":\"\",\"description\":\"\",\"caption\":\"V\u00fdhled na Lysou horu z \u010celadn\u00e9\",\"mime\":\"image\/jpeg\",\"type\":\"image\",\"width\":1024,\"height\":576,\"sizes\":{\"thumbnail\":{\"height\":84,\"width\":150,\"url\":\"https:\/\/www.cykloromantika.cz\/wp-content\/uploads\/2022\/11\/foto-2022-1016-13-150x84.jpg\",\"orientation\":\"landscape\"},\"medium\":{\"height\":169,\"width\":300,\"url\":\"https:\/\/www.cykloromantika.cz\/wp-content\/uploads\/2022\/11\/foto-2022-1016-13-300x169.jpg\",\"orientation\":\"landscape\"},\"full\":{\"url\":\"https:\/\/www.cykloromantika.cz\/wp-content\/uploads\/2022\/11\/foto-2022-1016-13.jpg\",\"height\":576,\"width\":1024,\"orientation\":\"landscape\"}},\"meta\":false,\"postlink\":\"https:\/\/www.cykloromantika.cz\/foto-2022-1016-13\/\"},{\"id\":7729,\"title\":\"Foto 2022 1016 14\",\"url\":\"https:\/\/www.cykloromantika.cz\/wp-content\/uploads\/2022\/11\/foto-2022-1016-14.jpg\",\"link\":\"https:\/\/www.cykloromantika.cz\/foto-2022-1016-14\/\",\"alt\":\"\",\"description\":\"\",\"caption\":\"Ve\u010de\u0159e Na Harcovn\u011b\",\"mime\":\"image\/jpeg\",\"type\":\"image\",\"width\":768,\"height\":1024,\"sizes\":{\"thumbnail\":{\"height\":150,\"width\":113,\"url\":\"https:\/\/www.cykloromantika.cz\/wp-content\/uploads\/2022\/11\/foto-2022-1016-14-113x150.jpg\",\"orientation\":\"portrait\"},\"medium\":{\"height\":300,\"width\":225,\"url\":\"https:\/\/www.cykloromantika.cz\/wp-content\/uploads\/2022\/11\/foto-2022-1016-14-225x300.jpg\",\"orientation\":\"portrait\"},\"full\":{\"url\":\"https:\/\/www.cykloromantika.cz\/wp-content\/uploads\/2022\/11\/foto-2022-1016-14.jpg\",\"height\":1024,\"width\":768,\"orientation\":\"portrait\"}},\"meta\":false,\"postlink\":\"https:\/\/www.cykloromantika.cz\/foto-2022-1016-14\/\"},{\"id\":7730,\"title\":\"Foto 2022 1016 15\",\"url\":\"https:\/\/www.cykloromantika.cz\/wp-content\/uploads\/2022\/11\/foto-2022-1016-15.jpg\",\"link\":\"https:\/\/www.cykloromantika.cz\/foto-2022-1016-15\/\",\"alt\":\"\",\"description\":\"\",\"caption\":\"Doj\u00ed\u017ed\u00edme op\u011bt k hrabovsk\u00e9 l\u00e1vce.\",\"mime\":\"image\/jpeg\",\"type\":\"image\",\"width\":1024,\"height\":768,\"sizes\":{\"thumbnail\":{\"height\":113,\"width\":150,\"url\":\"https:\/\/www.cykloromantika.cz\/wp-content\/uploads\/2022\/11\/foto-2022-1016-15-150x113.jpg\",\"orientation\":\"landscape\"},\"medium\":{\"height\":225,\"width\":300,\"url\":\"https:\/\/www.cykloromantika.cz\/wp-content\/uploads\/2022\/11\/foto-2022-1016-15-300x225.jpg\",\"orientation\":\"landscape\"},\"full\":{\"url\":\"https:\/\/www.cykloromantika.cz\/wp-content\/uploads\/2022\/11\/foto-2022-1016-15.jpg\",\"height\":768,\"width\":1024,\"orientation\":\"landscape\"}},\"meta\":false,\"postlink\":\"https:\/\/www.cykloromantika.cz\/foto-2022-1016-15\/\"}],\"itemsMetaDataCollection\":[],\"useClobalSettings\":true,\"galleryBorderRadius\":8,\"shareFacebook\":false,\"shareTwitter\":false,\"sharePinterest\":false,\"sharePost\":\"postlink\",\"sliderItemTitleEnable\":true,\"sliderSocialShareEnabled\":false}<\/script><script>(function(){if(window.PGC_SGB && window.PGC_SGB.searcher){window.PGC_SGB.searcher.initBlocks()}})()<\/script><\/div>\n<\/div><\/div>\n<\/div><\/div><\/div>\n","protected":false},"excerpt":{"rendered":"","protected":false},"author":3,"featured_media":7703,"comment_status":"open","ping_status":"open","sticky":false,"template":"","format":"standard","meta":{"_acf_changed":false,"pgc_sgb_lightbox_settings":"","footnotes":""},"categories":[31],"tags":[],"class_list":["post-7731","post","type-post","status-publish","format-standard","has-post-thumbnail","hentry","category-denicek"],"acf":[],"_links":{"self":[{"href":"https:\/\/www.cykloromantika.cz\/index.php\/wp-json\/wp\/v2\/posts\/7731","targetHints":{"allow":["GET"]}}],"collection":[{"href":"https:\/\/www.cykloromantika.cz\/index.php\/wp-json\/wp\/v2\/posts"}],"about":[{"href":"https:\/\/www.cykloromantika.cz\/index.php\/wp-json\/wp\/v2\/types\/post"}],"author":[{"embeddable":true,"href":"https:\/\/www.cykloromantika.cz\/index.php\/wp-json\/wp\/v2\/users\/3"}],"replies":[{"embeddable":true,"href":"https:\/\/www.cykloromantika.cz\/index.php\/wp-json\/wp\/v2\/comments?post=7731"}],"version-history":[{"count":17,"href":"https:\/\/www.cykloromantika.cz\/index.php\/wp-json\/wp\/v2\/posts\/7731\/revisions"}],"predecessor-version":[{"id":9147,"href":"https:\/\/www.cykloromantika.cz\/index.php\/wp-json\/wp\/v2\/posts\/7731\/revisions\/9147"}],"wp:featuredmedia":[{"embeddable":true,"href":"https:\/\/www.cykloromantika.cz\/index.php\/wp-json\/wp\/v2\/media\/7703"}],"wp:attachment":[{"href":"https:\/\/www.cykloromantika.cz\/index.php\/wp-json\/wp\/v2\/media?parent=7731"}],"wp:term":[{"taxonomy":"category","embeddable":true,"href":"https:\/\/www.cykloromantika.cz\/index.php\/wp-json\/wp\/v2\/categories?post=7731"},{"taxonomy":"post_tag","embeddable":true,"href":"https:\/\/www.cykloromantika.cz\/index.php\/wp-json\/wp\/v2\/tags?post=7731"}],"curies":[{"name":"wp","href":"https:\/\/api.w.org\/{rel}","templated":true}]}}