{"id":6806,"date":"2022-05-22T09:08:00","date_gmt":"2022-05-22T08:08:00","guid":{"rendered":"https:\/\/www.cykloromantika.cz\/?p=6806"},"modified":"2025-10-17T08:27:48","modified_gmt":"2025-10-17T07:27:48","slug":"1-jarni-vyjezd-beskydy-velky-javornik-pustevny","status":"publish","type":"post","link":"https:\/\/www.cykloromantika.cz\/index.php\/2022\/05\/22\/1-jarni-vyjezd-beskydy-velky-javornik-pustevny\/","title":{"rendered":"1.&nbsp;jarn\u00ed v\u00fdjezd: Beskydy, Velk\u00fd Javorn\u00edk, Pustevny"},"content":{"rendered":"<style>.kt-tabs-id6806_59f188-82 > .kt-tabs-content-wrap > .wp-block-kadence-tab{border-top:1px solid #eeeeee;border-right:0px solid #eeeeee;border-bottom:0px solid #eeeeee;border-left:0px solid #eeeeee;border-top-left-radius:0px;border-top-right-radius:0px;border-bottom-right-radius:0px;border-bottom-left-radius:0px;padding-top:20px;padding-right:0px;padding-bottom:20px;padding-left:0px;background:#ffffff;}.wp-block-kadence-tabs .kt-tabs-id6806_59f188-82 > .kt-tabs-title-list li{margin-top:0px;margin-right:8px;margin-bottom:0px;margin-left:0px;}.wp-block-kadence-tabs .kt-tabs-id6806_59f188-82 > .kt-tabs-title-list li:last-child{margin-right:0px;}.wp-block-kadence-tabs .kt-tabs-id6806_59f188-82 > .kt-tabs-title-list li .kt-tab-title, .wp-block-kadence-tabs .kt-tabs-id6806_59f188-82 > .kt-tabs-content-wrap > .kt-tabs-accordion-title .kt-tab-title{line-height:1.4em;font-weight:400;font-style:normal;text-transform:uppercase;border-top-width:0px;border-right-width:0px;border-bottom-width:0px;border-left-width:0px;border-top-left-radius:0px;border-top-right-radius:0px;border-bottom-right-radius:0px;border-bottom-left-radius:0px;padding-top:8px;padding-right:20px;padding-bottom:8px;padding-left:20px;border-color:#ffffff;color:#555555;background:#ffffff;}.wp-block-kadence-tabs .kt-tabs-id6806_59f188-82 > .kt-tabs-content-wrap > .kt-tabs-accordion-title .kt-tab-title{margin-top:0px;margin-right:8px;margin-bottom:0px;margin-left:0px;}.wp-block-kadence-tabs .kt-tabs-id6806_59f188-82 > .kt-tabs-title-list li .kt-tab-title:hover, .wp-block-kadence-tabs .kt-tabs-id6806_59f188-82 > .kt-tabs-content-wrap > .kt-tabs-accordion-title .kt-tab-title:hover{border-color:#555555;color:#086abd;background:#ffffff;}.wp-block-kadence-tabs .kt-tabs-id6806_59f188-82 > .kt-tabs-title-list li.kt-tab-title-active .kt-tab-title, .wp-block-kadence-tabs .kt-tabs-id6806_59f188-82 > .kt-tabs-content-wrap > .kt-tabs-accordion-title.kt-tab-title-active .kt-tab-title{border-color:#555555;color:#086abd;background:#ffffff;}.wp-block-kadence-tabs .kt-tabs-id6806_59f188-82 > .kt-tabs-title-list li svg{font-size:24px;}@media all and (max-width: 1024px){.kt-tabs-id6806_59f188-82 > .kt-tabs-content-wrap > .wp-block-kadence-tab{border-top:1px solid #eeeeee;border-right:0px solid #eeeeee;border-bottom:0px solid #eeeeee;border-left:0px solid #eeeeee;}}@media all and (max-width: 767px){.kt-tabs-id6806_59f188-82 > .kt-tabs-content-wrap > .wp-block-kadence-tab{border-top:1px solid #eeeeee;border-right:0px solid #eeeeee;border-bottom:0px solid #eeeeee;border-left:0px solid #eeeeee;}}<\/style>\n<div class=\"wp-block-kadence-tabs alignnone\"><div class=\"kt-tabs-wrap kt-tabs-id6806_59f188-82 kt-tabs-has-3-tabs kt-active-tab-3 kt-tabs-layout-tabs kt-tabs-tablet-layout-inherit kt-tabs-mobile-layout-inherit kt-tab-alignment-center \"><ul class=\"kt-tabs-title-list\"><li id=\"tab-trasa\" class=\"kt-title-item kt-title-item-1 kt-tabs-svg-show-always kt-tabs-icon-side-top kt-tab-title-inactive\"><a href=\"#tab-trasa\" data-tab=\"1\" class=\"kt-tab-title kt-tab-title-1 \"><span class=\"kb-svg-icon-wrap kb-svg-icon-fe_map\"><svg viewBox=\"0 0 24 24\"  fill=\"none\" stroke=\"currentColor\" stroke-width=\"2\" stroke-linecap=\"round\" stroke-linejoin=\"round\" xmlns=\"http:\/\/www.w3.org\/2000\/svg\"  aria-hidden=\"true\"><polygon points=\"1 6 1 22 8 18 16 22 23 18 23 2 16 6 8 2 1 6\"\/><line x1=\"8\" y1=\"2\" x2=\"8\" y2=\"18\"\/><line x1=\"16\" y1=\"6\" x2=\"16\" y2=\"22\"\/><\/svg><\/span><span class=\"kt-title-text\">Trasa<\/span><\/a><\/li><li id=\"tab-zitky\" class=\"kt-title-item kt-title-item-2 kt-tabs-svg-show-always kt-tabs-icon-side-top kt-tab-title-inactive\"><a href=\"#tab-zitky\" data-tab=\"2\" class=\"kt-tab-title kt-tab-title-2 \"><span class=\"kb-svg-icon-wrap kb-svg-icon-fe_alignLeft\"><svg viewBox=\"0 0 24 24\"  fill=\"none\" stroke=\"currentColor\" stroke-width=\"2\" stroke-linecap=\"round\" stroke-linejoin=\"round\" xmlns=\"http:\/\/www.w3.org\/2000\/svg\"  aria-hidden=\"true\"><line x1=\"17\" y1=\"10\" x2=\"3\" y2=\"10\"\/><line x1=\"21\" y1=\"6\" x2=\"3\" y2=\"6\"\/><line x1=\"21\" y1=\"14\" x2=\"3\" y2=\"14\"\/><line x1=\"17\" y1=\"18\" x2=\"3\" y2=\"18\"\/><\/svg><\/span><span class=\"kt-title-text\">Z\u00e1\u017eitky<\/span><\/a><\/li><li id=\"tab-fotky\" class=\"kt-title-item kt-title-item-3 kt-tabs-svg-show-always kt-tabs-icon-side-top kt-tab-title-active\"><a href=\"#tab-fotky\" data-tab=\"3\" class=\"kt-tab-title kt-tab-title-3 \"><span class=\"kb-svg-icon-wrap kb-svg-icon-fe_camera\"><svg viewBox=\"0 0 24 24\"  fill=\"none\" stroke=\"currentColor\" stroke-width=\"2\" stroke-linecap=\"round\" stroke-linejoin=\"round\" xmlns=\"http:\/\/www.w3.org\/2000\/svg\"  aria-hidden=\"true\"><path d=\"M23 19a2 2 0 0 1-2 2H3a2 2 0 0 1-2-2V8a2 2 0 0 1 2-2h4l2-3h6l2 3h4a2 2 0 0 1 2 2z\"\/><circle cx=\"12\" cy=\"13\" r=\"4\"\/><\/svg><\/span><span class=\"kt-title-text\">Fotky<\/span><\/a><\/li><\/ul><div class=\"kt-tabs-content-wrap\">\n<div class=\"wp-block-kadence-tab kt-tab-inner-content kt-inner-tab-1 kt-inner-tab6806_0fb477-b4\"><div class=\"kt-tab-inner-content-inner\">\n<p><strong>1.&nbsp;den:<\/strong> Ostrava \u2013 Krmel\u00edn \u2013 Trn\u00e1vka \u2013 Skotnice \u2013 Kop\u0159ivnice \u2013 Vl\u010dina \u2013 Velk\u00fd Javorn\u00edk (916&nbsp;m n. m.) \u2013 Trojanovice<\/p>\n\n\n\n<p id=\"3-rijna-2021\"><strong>2.&nbsp;den:<\/strong> Trojanovice \u2013 Pustevny (socha Radegasta, 1105&nbsp;m n. m.) \u2013 Marti\u0148\u00e1k \u2013 Podol\u00e1nky \u2013 \u010celadn\u00e1 \u2013 Kun\u010dice pod Ond\u0159ejn\u00edkem (pivovar Ogar) \u2013 Lichnov \u2013 Fren\u0161t\u00e1t pod Radho\u0161t\u011bm<\/p>\n\n\n\n<ul class=\"wp-block-list\">\n<li>najeto: 124 km<\/li>\n\n\n\n<li>nejni\u017e\u0161\u00ed a nejvy\u0161\u0161\u00ed bod: 233-1105&nbsp;m n. m. <\/li>\n\n\n\n<li>stoup\u00e1n\u00ed: 1890&nbsp;m <\/li>\n\n\n\n<li>kles\u00e1n\u00ed: 1716&nbsp;m<\/li>\n<\/ul>\n\n\n<div class=\"pgc-sgb-cb wp-block-pgcsimplygalleryblock-slider \" data-gallery-id=\"6da28234\"style=&quot;min-height:320px&quot;><div class=\"sgb-preloader\" id=\"pr_6da28234\">\n\t<div class=\"sgb-square\" style=\"background:#d4d4d4\"><\/div>\n\t<div class=\"sgb-square\" style=\"background:#d4d4d4\"><\/div>\n\t<div class=\"sgb-square\" style=\"background:#d4d4d4\"><\/div>\n\t<div class=\"sgb-square\" style=\"background:#d4d4d4\"><\/div><\/div><div class=\"simply-gallery-amp pgc_sgb_slider \"><noscript><div class=\"sgb-gallery\"><div class=\"sgb-item\"><a href=\"https:\/\/www.cykloromantika.cz\/index.php\/2022\/05\/22\/1-jarni-vyjezd-beskydy-velky-javornik-pustevny\/mapa-2022-0521-01-2\/\" target=\"_blank\"><img decoding=\"async\" alt=\"\" width=\"300\" height=\"168\" loading=\"lazy\" src=\"https:\/\/www.cykloromantika.cz\/wp-content\/uploads\/2022\/05\/mapa-2022-0521-01-300x168.jpg\" srcset=\"https:\/\/www.cykloromantika.cz\/wp-content\/uploads\/2022\/05\/mapa-2022-0521-01-300x168.jpg 300w,https:\/\/www.cykloromantika.cz\/wp-content\/uploads\/2022\/05\/mapa-2022-0521-01.jpg 1024w\" sizes=\"auto, 250px\"\/><\/a><\/div><div class=\"sgb-item\"><a href=\"https:\/\/www.cykloromantika.cz\/index.php\/2022\/05\/22\/1-jarni-vyjezd-beskydy-velky-javornik-pustevny\/mapa-2022-0521-02-2\/\" target=\"_blank\"><img decoding=\"async\" alt=\"\" width=\"300\" height=\"168\" loading=\"lazy\" src=\"https:\/\/www.cykloromantika.cz\/wp-content\/uploads\/2022\/05\/mapa-2022-0521-02-300x168.jpg\" srcset=\"https:\/\/www.cykloromantika.cz\/wp-content\/uploads\/2022\/05\/mapa-2022-0521-02-300x168.jpg 300w,https:\/\/www.cykloromantika.cz\/wp-content\/uploads\/2022\/05\/mapa-2022-0521-02.jpg 1024w\" sizes=\"auto, 250px\"\/><\/a><\/div><div class=\"sgb-item\"><a href=\"https:\/\/www.cykloromantika.cz\/index.php\/2022\/05\/22\/1-jarni-vyjezd-beskydy-velky-javornik-pustevny\/mapa-2022-0521-03-2\/\" target=\"_blank\"><img decoding=\"async\" alt=\"\" width=\"300\" height=\"168\" loading=\"lazy\" src=\"https:\/\/www.cykloromantika.cz\/wp-content\/uploads\/2022\/05\/mapa-2022-0521-03-300x168.jpg\" srcset=\"https:\/\/www.cykloromantika.cz\/wp-content\/uploads\/2022\/05\/mapa-2022-0521-03-300x168.jpg 300w,https:\/\/www.cykloromantika.cz\/wp-content\/uploads\/2022\/05\/mapa-2022-0521-03.jpg 1024w\" sizes=\"auto, 250px\"\/><\/a><\/div><div class=\"sgb-item\"><a href=\"https:\/\/www.cykloromantika.cz\/index.php\/2022\/05\/22\/1-jarni-vyjezd-beskydy-velky-javornik-pustevny\/mapa-2022-0522-01-2\/\" target=\"_blank\"><img decoding=\"async\" alt=\"\" width=\"300\" height=\"168\" loading=\"lazy\" src=\"https:\/\/www.cykloromantika.cz\/wp-content\/uploads\/2022\/05\/mapa-2022-0522-01-300x168.jpg\" srcset=\"https:\/\/www.cykloromantika.cz\/wp-content\/uploads\/2022\/05\/mapa-2022-0522-01-300x168.jpg 300w,https:\/\/www.cykloromantika.cz\/wp-content\/uploads\/2022\/05\/mapa-2022-0522-01.jpg 1024w\" sizes=\"auto, 250px\"\/><\/a><\/div><div class=\"sgb-item\"><a href=\"https:\/\/www.cykloromantika.cz\/index.php\/2022\/05\/22\/1-jarni-vyjezd-beskydy-velky-javornik-pustevny\/mapa-2022-0522-02-2\/\" target=\"_blank\"><img decoding=\"async\" alt=\"\" width=\"300\" height=\"168\" loading=\"lazy\" src=\"https:\/\/www.cykloromantika.cz\/wp-content\/uploads\/2022\/05\/mapa-2022-0522-02-300x168.jpg\" srcset=\"https:\/\/www.cykloromantika.cz\/wp-content\/uploads\/2022\/05\/mapa-2022-0522-02-300x168.jpg 300w,https:\/\/www.cykloromantika.cz\/wp-content\/uploads\/2022\/05\/mapa-2022-0522-02.jpg 1024w\" sizes=\"auto, 250px\"\/><\/a><\/div><div class=\"sgb-item\"><a href=\"https:\/\/www.cykloromantika.cz\/index.php\/2022\/05\/22\/1-jarni-vyjezd-beskydy-velky-javornik-pustevny\/mapa-2022-0522-03-2\/\" target=\"_blank\"><img decoding=\"async\" alt=\"\" width=\"300\" height=\"168\" loading=\"lazy\" src=\"https:\/\/www.cykloromantika.cz\/wp-content\/uploads\/2022\/05\/mapa-2022-0522-03-300x168.jpg\" srcset=\"https:\/\/www.cykloromantika.cz\/wp-content\/uploads\/2022\/05\/mapa-2022-0522-03-300x168.jpg 300w,https:\/\/www.cykloromantika.cz\/wp-content\/uploads\/2022\/05\/mapa-2022-0522-03.jpg 1024w\" sizes=\"auto, 250px\"\/><\/a><\/div><\/div><\/noscript><\/div><script type=\"application\/json\" class=\"sgb-data\">{\"externalLinkDefName\":\"d\u00e1le\",\"captionHAlign\":\"bottom\",\"collectionthumbHoverTitleFontSize\":12,\"collectionthumbRoundedCorners\":8,\"collectionthumbHoverTitleTextBgColor\":\"rgba(0,0,0,0.44)\",\"collectionThumbSubMenuShare\":false,\"sliderMaxHeight\":320,\"sliderAdminWidth\":0,\"responsiveHeight\":true,\"autoPlay\":true,\"autoPlayDelay\":8,\"galleryType\":\"pgc_sgb_slider\",\"galleryId\":\"6da28234\",\"images\":[{\"id\":7229,\"title\":\"Mapa 2022 0521 01\",\"url\":\"https:\/\/www.cykloromantika.cz\/wp-content\/uploads\/2022\/05\/mapa-2022-0521-01.jpg\",\"link\":\"https:\/\/www.cykloromantika.cz\/index.php\/2022\/05\/22\/1-jarni-vyjezd-beskydy-velky-javornik-pustevny\/mapa-2022-0521-01-2\/\",\"alt\":\"\",\"description\":\"\",\"caption\":\"\",\"mime\":\"image\/jpeg\",\"type\":\"image\",\"width\":1024,\"height\":573,\"sizes\":{\"thumbnail\":{\"height\":84,\"width\":150,\"url\":\"https:\/\/www.cykloromantika.cz\/wp-content\/uploads\/2022\/05\/mapa-2022-0521-01-150x84.jpg\",\"orientation\":\"landscape\"},\"medium\":{\"height\":168,\"width\":300,\"url\":\"https:\/\/www.cykloromantika.cz\/wp-content\/uploads\/2022\/05\/mapa-2022-0521-01-300x168.jpg\",\"orientation\":\"landscape\"},\"full\":{\"url\":\"https:\/\/www.cykloromantika.cz\/wp-content\/uploads\/2022\/05\/mapa-2022-0521-01.jpg\",\"height\":573,\"width\":1024,\"orientation\":\"landscape\"}},\"meta\":false,\"postlink\":\"https:\/\/www.cykloromantika.cz\/index.php\/2022\/05\/22\/1-jarni-vyjezd-beskydy-velky-javornik-pustevny\/mapa-2022-0521-01-2\/\"},{\"id\":7230,\"title\":\"Mapa 2022 0521 02\",\"url\":\"https:\/\/www.cykloromantika.cz\/wp-content\/uploads\/2022\/05\/mapa-2022-0521-02.jpg\",\"link\":\"https:\/\/www.cykloromantika.cz\/index.php\/2022\/05\/22\/1-jarni-vyjezd-beskydy-velky-javornik-pustevny\/mapa-2022-0521-02-2\/\",\"alt\":\"\",\"description\":\"\",\"caption\":\"\",\"mime\":\"image\/jpeg\",\"type\":\"image\",\"width\":1024,\"height\":573,\"sizes\":{\"thumbnail\":{\"height\":84,\"width\":150,\"url\":\"https:\/\/www.cykloromantika.cz\/wp-content\/uploads\/2022\/05\/mapa-2022-0521-02-150x84.jpg\",\"orientation\":\"landscape\"},\"medium\":{\"height\":168,\"width\":300,\"url\":\"https:\/\/www.cykloromantika.cz\/wp-content\/uploads\/2022\/05\/mapa-2022-0521-02-300x168.jpg\",\"orientation\":\"landscape\"},\"full\":{\"url\":\"https:\/\/www.cykloromantika.cz\/wp-content\/uploads\/2022\/05\/mapa-2022-0521-02.jpg\",\"height\":573,\"width\":1024,\"orientation\":\"landscape\"}},\"meta\":false,\"postlink\":\"https:\/\/www.cykloromantika.cz\/index.php\/2022\/05\/22\/1-jarni-vyjezd-beskydy-velky-javornik-pustevny\/mapa-2022-0521-02-2\/\"},{\"id\":7231,\"title\":\"Mapa 2022 0521 03\",\"url\":\"https:\/\/www.cykloromantika.cz\/wp-content\/uploads\/2022\/05\/mapa-2022-0521-03.jpg\",\"link\":\"https:\/\/www.cykloromantika.cz\/index.php\/2022\/05\/22\/1-jarni-vyjezd-beskydy-velky-javornik-pustevny\/mapa-2022-0521-03-2\/\",\"alt\":\"\",\"description\":\"\",\"caption\":\"\",\"mime\":\"image\/jpeg\",\"type\":\"image\",\"width\":1024,\"height\":573,\"sizes\":{\"thumbnail\":{\"height\":84,\"width\":150,\"url\":\"https:\/\/www.cykloromantika.cz\/wp-content\/uploads\/2022\/05\/mapa-2022-0521-03-150x84.jpg\",\"orientation\":\"landscape\"},\"medium\":{\"height\":168,\"width\":300,\"url\":\"https:\/\/www.cykloromantika.cz\/wp-content\/uploads\/2022\/05\/mapa-2022-0521-03-300x168.jpg\",\"orientation\":\"landscape\"},\"full\":{\"url\":\"https:\/\/www.cykloromantika.cz\/wp-content\/uploads\/2022\/05\/mapa-2022-0521-03.jpg\",\"height\":573,\"width\":1024,\"orientation\":\"landscape\"}},\"meta\":false,\"postlink\":\"https:\/\/www.cykloromantika.cz\/index.php\/2022\/05\/22\/1-jarni-vyjezd-beskydy-velky-javornik-pustevny\/mapa-2022-0521-03-2\/\"},{\"id\":7232,\"title\":\"Mapa 2022 0522 01\",\"url\":\"https:\/\/www.cykloromantika.cz\/wp-content\/uploads\/2022\/05\/mapa-2022-0522-01.jpg\",\"link\":\"https:\/\/www.cykloromantika.cz\/index.php\/2022\/05\/22\/1-jarni-vyjezd-beskydy-velky-javornik-pustevny\/mapa-2022-0522-01-2\/\",\"alt\":\"\",\"description\":\"\",\"caption\":\"\",\"mime\":\"image\/jpeg\",\"type\":\"image\",\"width\":1024,\"height\":573,\"sizes\":{\"thumbnail\":{\"height\":84,\"width\":150,\"url\":\"https:\/\/www.cykloromantika.cz\/wp-content\/uploads\/2022\/05\/mapa-2022-0522-01-150x84.jpg\",\"orientation\":\"landscape\"},\"medium\":{\"height\":168,\"width\":300,\"url\":\"https:\/\/www.cykloromantika.cz\/wp-content\/uploads\/2022\/05\/mapa-2022-0522-01-300x168.jpg\",\"orientation\":\"landscape\"},\"full\":{\"url\":\"https:\/\/www.cykloromantika.cz\/wp-content\/uploads\/2022\/05\/mapa-2022-0522-01.jpg\",\"height\":573,\"width\":1024,\"orientation\":\"landscape\"}},\"meta\":false,\"postlink\":\"https:\/\/www.cykloromantika.cz\/index.php\/2022\/05\/22\/1-jarni-vyjezd-beskydy-velky-javornik-pustevny\/mapa-2022-0522-01-2\/\"},{\"id\":7233,\"title\":\"Mapa 2022 0522 02\",\"url\":\"https:\/\/www.cykloromantika.cz\/wp-content\/uploads\/2022\/05\/mapa-2022-0522-02.jpg\",\"link\":\"https:\/\/www.cykloromantika.cz\/index.php\/2022\/05\/22\/1-jarni-vyjezd-beskydy-velky-javornik-pustevny\/mapa-2022-0522-02-2\/\",\"alt\":\"\",\"description\":\"\",\"caption\":\"\",\"mime\":\"image\/jpeg\",\"type\":\"image\",\"width\":1024,\"height\":573,\"sizes\":{\"thumbnail\":{\"height\":84,\"width\":150,\"url\":\"https:\/\/www.cykloromantika.cz\/wp-content\/uploads\/2022\/05\/mapa-2022-0522-02-150x84.jpg\",\"orientation\":\"landscape\"},\"medium\":{\"height\":168,\"width\":300,\"url\":\"https:\/\/www.cykloromantika.cz\/wp-content\/uploads\/2022\/05\/mapa-2022-0522-02-300x168.jpg\",\"orientation\":\"landscape\"},\"full\":{\"url\":\"https:\/\/www.cykloromantika.cz\/wp-content\/uploads\/2022\/05\/mapa-2022-0522-02.jpg\",\"height\":573,\"width\":1024,\"orientation\":\"landscape\"}},\"meta\":false,\"postlink\":\"https:\/\/www.cykloromantika.cz\/index.php\/2022\/05\/22\/1-jarni-vyjezd-beskydy-velky-javornik-pustevny\/mapa-2022-0522-02-2\/\"},{\"id\":7234,\"title\":\"Mapa 2022 0522 03\",\"url\":\"https:\/\/www.cykloromantika.cz\/wp-content\/uploads\/2022\/05\/mapa-2022-0522-03.jpg\",\"link\":\"https:\/\/www.cykloromantika.cz\/index.php\/2022\/05\/22\/1-jarni-vyjezd-beskydy-velky-javornik-pustevny\/mapa-2022-0522-03-2\/\",\"alt\":\"\",\"description\":\"\",\"caption\":\"\",\"mime\":\"image\/jpeg\",\"type\":\"image\",\"width\":1024,\"height\":573,\"sizes\":{\"thumbnail\":{\"height\":84,\"width\":150,\"url\":\"https:\/\/www.cykloromantika.cz\/wp-content\/uploads\/2022\/05\/mapa-2022-0522-03-150x84.jpg\",\"orientation\":\"landscape\"},\"medium\":{\"height\":168,\"width\":300,\"url\":\"https:\/\/www.cykloromantika.cz\/wp-content\/uploads\/2022\/05\/mapa-2022-0522-03-300x168.jpg\",\"orientation\":\"landscape\"},\"full\":{\"url\":\"https:\/\/www.cykloromantika.cz\/wp-content\/uploads\/2022\/05\/mapa-2022-0522-03.jpg\",\"height\":573,\"width\":1024,\"orientation\":\"landscape\"}},\"meta\":false,\"postlink\":\"https:\/\/www.cykloromantika.cz\/index.php\/2022\/05\/22\/1-jarni-vyjezd-beskydy-velky-javornik-pustevny\/mapa-2022-0522-03-2\/\"}],\"orderBy\":\"title\",\"galleryBorderRadius\":8,\"shareFacebook\":false,\"shareTwitter\":false,\"sharePinterest\":false,\"sharePost\":\"postlink\",\"sliderSocialShareEnabled\":false,\"itemsMetaDataCollection\":[]}<\/script><script>(function(){if(window.PGC_SGB && window.PGC_SGB.searcher){window.PGC_SGB.searcher.initBlocks()}})()<\/script><\/div><\/div><\/div>\n\n\n\n<div class=\"wp-block-kadence-tab kt-tab-inner-content kt-inner-tab-2 kt-inner-tab6806_36539d-bf\"><div class=\"kt-tab-inner-content-inner\">\n<h2 class=\"wp-block-heading\">Den prvn\u00ed<\/h2>\n\n\n\n<p>Sraz m\u00e1me v&nbsp;Ostrav\u011b u Ramona. Trochu mu kluci pom\u016f\u017eou s&nbsp;\u00faklidem na stavb\u011b a po zapit\u00ed zdaru na\u0161\u00ed cesty m\u016f\u017eeme vyrazit. Cesta okol\u00edm Ostravy ub\u00edh\u00e1 rychle, pot\u00ed\u017e\u00ed je jen velk\u00fd v\u00edtr. Proj\u00ed\u017ed\u00edme <strong>Novou B\u011blou<\/strong>, <strong>Krmel\u00ednem<\/strong> a <strong>Trn\u00e1vkou<\/strong>. Trasa se &#8222;p\u0159\u00edjemn\u011b&#8220; houpe nahoru dol\u016f, ale zase nask\u00fdt\u00e1 plno v\u00fdhled\u016f na Beskydy a tak\u00e9 Velk\u00fd Javorn\u00edk, na kter\u00fd m\u00e1me nam\u00ed\u0159eno.<\/p>\n\n\n\n<p>Ve <strong>Skotnici<\/strong> si zajedeme, proto\u017ee je po 20 km t\u0159eba natankovat. P\u0159iv\u00edt\u00e1me se s&nbsp;nov\u00fdm \u010dlenem Mar\u0165asem, kter\u00fd r\u00e1d rundu piva objedn\u00e1. Pokra\u010dujeme do <strong>Kop\u0159ivnice<\/strong>, kde se zastav\u00edme v&nbsp;pivovaru Polivar. Je \u010das ob\u011bda, tak si ho d\u00e1me. Ale to u\u017e mus\u00edme pokra\u010dovat \u2013 sm\u011br \u0160tramberk. Vynech\u00e1me pro tentokr\u00e1t m\u011bstskou rezervaci a sto\u010d\u00edme se sm\u011brem na <strong>Lichnov<\/strong>. P\u0159ekvap\u00ed n\u00e1s p\u0159echod p\u0159es \u0161trambersk\u00e9 n\u00e1dra\u017e\u00ed, kdy se mus\u00edme s&nbsp;nalo\u017een\u00fdmi koly tahat p\u0159es vysokou l\u00e1vku.<\/p>\n\n\n\n<p>Lichnov projedeme a zat\u00edm netu\u0161\u00edme, \u017ee n\u00e1m bude v&nbsp;ned\u011bli m\u00e1lem osudn\u00fdm. Najedeme na cyklostezku pod\u00e9l Lubiny, ale hned zastavujeme, proto\u017ee koupa\u010dka. Pod splavem se zchlad\u00edme a okolo jedouc\u00ed \u017eeny mohou na n\u00e1s oka nechat. Jejich prot\u011bj\u0161ky maj\u00ed jin\u00fd n\u00e1zor, p\u0159id\u00e1vaj\u00ed na tempu a popoh\u00e1n\u00ed i sv\u00e9 polovi\u010dky. Ty ale budou m\u00edt kr\u00e1sn\u00e9 us\u00edn\u00e1n\u00ed p\u0159i vzpom\u00ednce na chlapi pod splavem.<\/p>\n\n\n\n<p><strong>Fren\u0161t\u00e1t pod Radho\u0161t\u011bm<\/strong> v\u00edcem\u00e9n\u011b mineme a hned za\u010dneme stoupat na <strong>Hore\u010dky<\/strong>. Tam se kon\u00e1 svatba, tak se na chv\u00edli zakouk\u00e1me do nev\u011bsty. Ne \u017ee by n\u00e1s \u017eenich hnal, ale sjedeme kousek dol\u016f do Hosp\u016fdky Na \u017dab\u00e1rn\u011b. D\u00e1me zavla\u017eovac\u00ed dou\u0161ek a jdeme na to. Hned stoup\u00e1me nejprve po asfaltce mezi domy a chatami, ale pak se cesta zm\u011bn\u00ed na poln\u00ed a lesn\u00ed. Hlavn\u011b ta lesn\u00ed stoj\u00ed za to a tla\u010d\u00edme. Beskydsk\u00e1 cyklotrasa jak vy\u0161it\u00e1. Sice pak i trochu kles\u00e1me, ale jen abychom se napojili na asfaltku na Velk\u00fd Javorn\u00edk.<\/p>\n\n\n\n<p>Jde n\u00e1m to ztuha, ale p\u0159ece jen se do\u010dk\u00e1me vrcholu. Bohu\u017eel p\u0159ij\u00ed\u017ed\u00edme pozd\u011b, abychom si mohli d\u00e1t vrcholov\u00e9 pivo. Ale pan\u00ed majitelka nebo provozn\u00ed n\u00e1m alespo\u0148 pod\u00e1 pivo ven. D\u011bkujeme. Mo\u017en\u00e1 se p\u0159imluvila p\u011bkn\u00e1 turistka, kter\u00e1 je na <strong>Velk\u00e9m Javorn\u00edku<\/strong> jako doma. Spole\u010dn\u00e1 fotka je j\u00ed na\u0161\u00ed odm\u011bnou. Vylezeme i na rozhlednu a pokoch\u00e1me se pohledy na Beskydy, Palkovick\u00e9 h\u016frky a Hukvaldy se \u0160tramberkem.<\/p>\n\n\n\n<p>\u0160ichta je\u0161t\u011b ale nekon\u010d\u00ed. Prov\u011b\u0159\u00edme brzdy ve sjezdu a p\u0159es Buzkovice m\u00ed\u0159\u00edme do Trojanovic. Tam m\u00e1me domluven\u00e9 p\u0159esp\u00e1n\u00ed u Du\u0161\u00edkova kamar\u00e1da. Jeliko\u017e je v&nbsp;restauraci u Koci\u00e1na, tak tam tak\u00e9 zam\u00ed\u0159\u00edme. Nevad\u00ed n\u00e1m to. D\u00e1me si ve\u010de\u0159i a koukneme na na\u0161e hokejisty v&nbsp;z\u00e1pase MS s&nbsp;D\u00e1nskem. Na chalup\u011b si je\u0161t\u011b d\u00e1me \u0161l\u00e1ftrunk a jdeme sp\u00e1t s&nbsp;pocitem poda\u0159en\u00e9ho dne.<\/p>\n\n\n\n<p><strong>Den druh\u00fd<\/strong><\/p>\n\n\n\n<p>Na sn\u00eddani si poru\u010d\u00edme m\u00edchan\u00e1 vaj\u00ed\u010dka (co\u017e se pak stane zvykem na na\u0161ich v\u00fdjezdech) a k\u00e1vu nebo \u010daj. Chv\u00edli se je\u0161t\u011b zdr\u017e\u00edme s&nbsp;kamar\u00e1dem a p\u0159iprav\u00edme kola i sebe. Hned se d\u00e1me na R\u00e1ztoku a po Kn\u00ed\u017eec\u00ed cest\u011b stoup\u00e1me po skupink\u00e1ch i jednotliv\u011b na <strong>Pustevny<\/strong>. Tam n\u00e1s p\u0159iv\u00edt\u00e1 v\u011btrn\u00e9 a chladn\u011bj\u0161\u00ed po\u010das\u00ed, ale odm\u011bnu si d\u00e1me. Je\u0161t\u011b si zajedeme se je\u0161t\u011b pohansky pomodlit k&nbsp;so\u0161e Radegasta a m\u00e1me spln\u011bno.<\/p>\n\n\n\n<p>Sjedeme zp\u00e1tky na Pustevny, prohl\u00eddneme si po po\u017e\u00e1ru znovu postaven\u00fd Libu\u0161\u00edn a zam\u00ed\u0159\u00edme do lesa sm\u011brem Marti\u0148\u00e1k. Lesn\u00ed cesta se sem tam kamenem si u\u017e\u00edv\u00e1me a\u017e na Boba, kter\u00fd prost\u011b zase jede na sv\u00e9m letit\u00e9m trekov\u00e9m kole. Ale za chv\u00edli jej vysvobod\u00ed zase asfalt a n\u00e1s v\u0161echny m\u00edrn\u00e9 kles\u00e1n\u00ed k&nbsp;moment\u00e1ln\u00edmu c\u00edli. Na <strong>Marti\u0148\u00e1ku<\/strong> si d\u00e1me v\u00fdbornou kyselici a na chv\u00edli se oh\u0159ejeme.<\/p>\n\n\n\n<p>Te\u010f n\u00e1s \u010dek\u00e1 jen sjezd na Podol\u00e1nky a d\u00e1le na \u010celadnou. Odbo\u010d\u00edme cestou p\u0159es golfov\u00e9 h\u0159i\u0161t\u011b a zastav\u00edme se v&nbsp;<strong>Kun\u010dic\u00edch pod Ond\u0159ejn\u00edkem<\/strong> v&nbsp;pivovaru Ogar. K&nbsp;pivu si d\u00e1me \u0161kvarkovou pomaz\u00e1nku a p\u0159em\u00fd\u0161l\u00edme, jak pojmeme zbytek trasy. N\u00e1pad p\u0159i\u0161el rychle. Kontaktovali jsme na\u0161\u00ed zn\u00e1mou z&nbsp;Velk\u00e9ho Javorn\u00edku, kter\u00e1 se zrovna nach\u00e1zela na fotbale v&nbsp;Lichnov\u011b. Jak jsme ji\u017e zm\u00ednili, je to p\u0159esn\u011b ten Lichnov, kter\u00fd by n\u00e1m m\u011bl b\u00fdt osudn\u00fdm. Pod\u00edv\u00e1me se na druh\u00fd polo\u010das fotbalu a u ok\u00e9nka oto\u010d\u00edme p\u00e1r rund mal\u00fdch slivovic. Po fotbale se zastav\u00edme je\u0161t\u011b na m\u00edstn\u00edm Sokole. Ale to je ji\u017e skoro osm ve\u010der a za\u010d\u00edn\u00e1 m\u00edrn\u00e1 panika.<\/p>\n\n\n\n<p>Rozhodneme se dojet do Fren\u0161t\u00e1tu na vlak. Nem\u00e1me moc \u010dasu, tak\u017ee p\u0159esun je v\u00edce ne\u017e zrychlen\u00fd. Zrychl\u00ed se n\u00e1m i tep, kdy\u017e zjist\u00edme, \u017ee nem\u00e1me Velk\u00e9ho Toma. Na\u0161t\u011bst\u00ed jak se zdr\u017eel na odjezdu, tak si na\u0161el alternativn\u00ed trasu. A zjevn\u011b rychlej\u0161\u00ed, proto\u017ee ho potk\u00e1me na kruh\u00e1\u010di ve Fren\u0161t\u00e1tu. P\u0159esprintujeme m\u011bsto a na vlak doraz\u00edme p\u0159esn\u011b za &#8222;minutu dvan\u00e1ct&#8220;. Rozvern\u011b koup\u00edme j\u00edzdenky ve vlaku, a proto\u017ee ji\u017e padla tma, bav\u00edme se cestou po sv\u00e9m. Jako mal\u00fd kluci. Kone\u010dnou jsou ostravsk\u00e9 Kun\u010dice, tedy a\u017e na Boba. To u\u017e m\u00e1 v\u011bt\u0161ina bl\u00edzko dom\u016f. Tak\u017ee nakonec op\u011bt poda\u0159en\u00fd no\u010dn\u00ed n\u00e1vrat.<\/p>\n<\/div><\/div>\n\n\n\n<div class=\"wp-block-kadence-tab kt-tab-inner-content kt-inner-tab-3 kt-inner-tab6806_d3040f-b4\"><div class=\"kt-tab-inner-content-inner\"><div class=\"pgc-sgb-cb wp-block-pgcsimplygalleryblock-justified \" data-gallery-id=\"97f21684\"><div class=\"sgb-preloader\" id=\"pr_97f21684\">\n\t<div class=\"sgb-square\" style=\"background:#d4d4d4\"><\/div>\n\t<div class=\"sgb-square\" style=\"background:#d4d4d4\"><\/div>\n\t<div class=\"sgb-square\" style=\"background:#d4d4d4\"><\/div>\n\t<div class=\"sgb-square\" style=\"background:#d4d4d4\"><\/div><\/div><div class=\"simply-gallery-amp pgc_sgb_slider \"><noscript><div class=\"sgb-gallery\"><div class=\"sgb-item\"><a href=\"https:\/\/www.cykloromantika.cz\/foto-2022-0521-01\/\" target=\"_blank\"><img decoding=\"async\" alt=\"\" width=\"300\" height=\"225\" loading=\"lazy\" src=\"https:\/\/www.cykloromantika.cz\/wp-content\/uploads\/2022\/06\/foto-2022-0521-01-300x225.jpg\" srcset=\"https:\/\/www.cykloromantika.cz\/wp-content\/uploads\/2022\/06\/foto-2022-0521-01-300x225.jpg 300w,https:\/\/www.cykloromantika.cz\/wp-content\/uploads\/2022\/06\/foto-2022-0521-01.jpg 1024w\" sizes=\"auto, 250px\"\/><\/a><div class=\"sgb-item-caption\"><em>Na za\u010d\u00e1tku t\u00fdmov\u00e1 pracovn\u00ed spolupr\u00e1ce<\/em><\/div><\/div><div class=\"sgb-item\"><a href=\"https:\/\/www.cykloromantika.cz\/foto-2022-0521-02\/\" target=\"_blank\"><img decoding=\"async\" alt=\"\" width=\"225\" height=\"300\" loading=\"lazy\" src=\"https:\/\/www.cykloromantika.cz\/wp-content\/uploads\/2022\/06\/foto-2022-0521-02-225x300.jpg\" srcset=\"https:\/\/www.cykloromantika.cz\/wp-content\/uploads\/2022\/06\/foto-2022-0521-02-225x300.jpg 225w,https:\/\/www.cykloromantika.cz\/wp-content\/uploads\/2022\/06\/foto-2022-0521-02.jpg 768w\" sizes=\"auto, 250px\"\/><\/a><div class=\"sgb-item-caption\"><em>Takov\u00e9ho g\u00f3lmana je radost p\u0159est\u0159elit \u2013 moc m\u00edsta nezabere! \ud83d\ude42<\/em><\/div><\/div><div class=\"sgb-item\"><a href=\"https:\/\/www.cykloromantika.cz\/foto-2022-0521-03\/\" target=\"_blank\"><img decoding=\"async\" alt=\"\" width=\"300\" height=\"225\" loading=\"lazy\" src=\"https:\/\/www.cykloromantika.cz\/wp-content\/uploads\/2022\/06\/foto-2022-0521-03-300x225.jpg\" srcset=\"https:\/\/www.cykloromantika.cz\/wp-content\/uploads\/2022\/06\/foto-2022-0521-03-300x225.jpg 300w,https:\/\/www.cykloromantika.cz\/wp-content\/uploads\/2022\/06\/foto-2022-0521-03.jpg 1024w\" sizes=\"auto, 250px\"\/><\/a><div class=\"sgb-item-caption\"><em>Na zdar na\u0161\u00ed cesty!<\/em><\/div><\/div><div class=\"sgb-item\"><a href=\"https:\/\/www.cykloromantika.cz\/foto-2022-0521-04\/\" target=\"_blank\"><img decoding=\"async\" alt=\"\" width=\"300\" height=\"200\" loading=\"lazy\" src=\"https:\/\/www.cykloromantika.cz\/wp-content\/uploads\/2022\/06\/foto-2022-0521-04-300x200.jpg\" srcset=\"https:\/\/www.cykloromantika.cz\/wp-content\/uploads\/2022\/06\/foto-2022-0521-04-300x200.jpg 300w,https:\/\/www.cykloromantika.cz\/wp-content\/uploads\/2022\/06\/foto-2022-0521-04.jpg 1024w\" sizes=\"auto, 250px\"\/><\/a><div class=\"sgb-item-caption\"><em>P\u0159ed samotn\u00fdm v\u00fdjezdem...<\/em><\/div><\/div><div class=\"sgb-item\"><a href=\"https:\/\/www.cykloromantika.cz\/foto-2022-0521-05\/\" target=\"_blank\"><img decoding=\"async\" alt=\"\" width=\"200\" height=\"300\" loading=\"lazy\" src=\"https:\/\/www.cykloromantika.cz\/wp-content\/uploads\/2022\/06\/foto-2022-0521-05-200x300.jpg\" srcset=\"https:\/\/www.cykloromantika.cz\/wp-content\/uploads\/2022\/06\/foto-2022-0521-05-200x300.jpg 200w,https:\/\/www.cykloromantika.cz\/wp-content\/uploads\/2022\/06\/foto-2022-0521-05.jpg 682w\" sizes=\"auto, 250px\"\/><\/a><div class=\"sgb-item-caption\"><em>\u017dab\u00e1k U \u017dab\u00e1ka ve Skotnici<\/em><\/div><\/div><div class=\"sgb-item\"><a href=\"https:\/\/www.cykloromantika.cz\/foto-2022-0521-06\/\" target=\"_blank\"><img decoding=\"async\" alt=\"\" width=\"300\" height=\"225\" loading=\"lazy\" src=\"https:\/\/www.cykloromantika.cz\/wp-content\/uploads\/2022\/06\/foto-2022-0521-06-300x225.jpg\" srcset=\"https:\/\/www.cykloromantika.cz\/wp-content\/uploads\/2022\/06\/foto-2022-0521-06-300x225.jpg 300w,https:\/\/www.cykloromantika.cz\/wp-content\/uploads\/2022\/06\/foto-2022-0521-06.jpg 1024w\" sizes=\"auto, 250px\"\/><\/a><div class=\"sgb-item-caption\"><em>Ob\u011bdov\u00e1 zast\u00e1vka v kop\u0159ivnick\u00e9m Polivaru<\/em><\/div><\/div><div class=\"sgb-item\"><a href=\"https:\/\/www.cykloromantika.cz\/foto-2022-0521-07\/\" target=\"_blank\"><img decoding=\"async\" alt=\"\" width=\"300\" height=\"200\" loading=\"lazy\" src=\"https:\/\/www.cykloromantika.cz\/wp-content\/uploads\/2022\/06\/foto-2022-0521-07-300x200.jpg\" srcset=\"https:\/\/www.cykloromantika.cz\/wp-content\/uploads\/2022\/06\/foto-2022-0521-07-300x200.jpg 300w,https:\/\/www.cykloromantika.cz\/wp-content\/uploads\/2022\/06\/foto-2022-0521-07.jpg 1024w\" sizes=\"auto, 250px\"\/><\/a><div class=\"sgb-item-caption\"><em>Bobo je n\u00e1\u0161 michelinsk\u00fd ochutn\u00e1va\u010d halu\u0161ek.<\/em><\/div><\/div><div class=\"sgb-item\"><a href=\"https:\/\/www.cykloromantika.cz\/foto-2022-0521-08\/\" target=\"_blank\"><img decoding=\"async\" alt=\"\" width=\"300\" height=\"225\" loading=\"lazy\" src=\"https:\/\/www.cykloromantika.cz\/wp-content\/uploads\/2022\/06\/foto-2022-0521-08-300x225.jpg\" srcset=\"https:\/\/www.cykloromantika.cz\/wp-content\/uploads\/2022\/06\/foto-2022-0521-08-300x225.jpg 300w,https:\/\/www.cykloromantika.cz\/wp-content\/uploads\/2022\/06\/foto-2022-0521-08.jpg 1024w\" sizes=\"auto, 250px\"\/><\/a><div class=\"sgb-item-caption\"><em>Trasa na rozd\u00edl od mapy nevedla \"naplacato\" (n\u00e1dra\u017e\u00ed \u0160tramberk).<\/em><\/div><\/div><div class=\"sgb-item\"><a href=\"https:\/\/www.cykloromantika.cz\/foto-2022-0521-09\/\" target=\"_blank\"><img decoding=\"async\" alt=\"\" width=\"200\" height=\"300\" loading=\"lazy\" src=\"https:\/\/www.cykloromantika.cz\/wp-content\/uploads\/2022\/06\/foto-2022-0521-09-200x300.jpg\" srcset=\"https:\/\/www.cykloromantika.cz\/wp-content\/uploads\/2022\/06\/foto-2022-0521-09-200x300.jpg 200w,https:\/\/www.cykloromantika.cz\/wp-content\/uploads\/2022\/06\/foto-2022-0521-09.jpg 683w\" sizes=\"auto, 250px\"\/><\/a><div class=\"sgb-item-caption\"><em>Svatebn\u00ed fotografie s v\u00fdhledem na dne\u0161n\u00ed vrchol<\/em><\/div><\/div><div class=\"sgb-item\"><a href=\"https:\/\/www.cykloromantika.cz\/foto-2022-0521-10\/\" target=\"_blank\"><img decoding=\"async\" alt=\"\" width=\"300\" height=\"225\" loading=\"lazy\" src=\"https:\/\/www.cykloromantika.cz\/wp-content\/uploads\/2022\/06\/foto-2022-0521-10-300x225.jpg\" srcset=\"https:\/\/www.cykloromantika.cz\/wp-content\/uploads\/2022\/06\/foto-2022-0521-10-300x225.jpg 300w,https:\/\/www.cykloromantika.cz\/wp-content\/uploads\/2022\/06\/foto-2022-0521-10.jpg 1024w\" sizes=\"auto, 250px\"\/><\/a><div class=\"sgb-item-caption\"><em>Botanick\u00e1 zahrada v Hosp\u016fdce na \u017dab\u00e1rn\u011b<\/em><\/div><\/div><div class=\"sgb-item\"><a href=\"https:\/\/www.cykloromantika.cz\/foto-2022-0521-11\/\" target=\"_blank\"><img decoding=\"async\" alt=\"\" width=\"300\" height=\"200\" loading=\"lazy\" src=\"https:\/\/www.cykloromantika.cz\/wp-content\/uploads\/2022\/06\/foto-2022-0521-11-300x200.jpg\" srcset=\"https:\/\/www.cykloromantika.cz\/wp-content\/uploads\/2022\/06\/foto-2022-0521-11-300x200.jpg 300w,https:\/\/www.cykloromantika.cz\/wp-content\/uploads\/2022\/06\/foto-2022-0521-11.jpg 1024w\" sizes=\"auto, 250px\"\/><\/a><div class=\"sgb-item-caption\"><em>V\u00fdhledy p\u0159i stoup\u00e1n\u00ed na Velk\u00fd Javorn\u00edk<\/em><\/div><\/div><div class=\"sgb-item\"><a href=\"https:\/\/www.cykloromantika.cz\/foto-2022-0521-12\/\" target=\"_blank\"><img decoding=\"async\" alt=\"\" width=\"300\" height=\"200\" loading=\"lazy\" src=\"https:\/\/www.cykloromantika.cz\/wp-content\/uploads\/2022\/06\/foto-2022-0521-12-300x200.jpg\" srcset=\"https:\/\/www.cykloromantika.cz\/wp-content\/uploads\/2022\/06\/foto-2022-0521-12-300x200.jpg 300w,https:\/\/www.cykloromantika.cz\/wp-content\/uploads\/2022\/06\/foto-2022-0521-12.jpg 1024w\" sizes=\"auto, 250px\"\/><\/a><div class=\"sgb-item-caption\"><em>V\u00fdhledy p\u0159i stoup\u00e1n\u00ed na Velk\u00fd Javorn\u00edk<\/em><\/div><\/div><div class=\"sgb-item\"><a href=\"https:\/\/www.cykloromantika.cz\/foto-2022-0521-13\/\" target=\"_blank\"><img decoding=\"async\" alt=\"\" width=\"300\" height=\"200\" loading=\"lazy\" src=\"https:\/\/www.cykloromantika.cz\/wp-content\/uploads\/2022\/06\/foto-2022-0521-13-300x200.jpg\" srcset=\"https:\/\/www.cykloromantika.cz\/wp-content\/uploads\/2022\/06\/foto-2022-0521-13-300x200.jpg 300w,https:\/\/www.cykloromantika.cz\/wp-content\/uploads\/2022\/06\/foto-2022-0521-13.jpg 1024w\" sizes=\"auto, 250px\"\/><\/a><div class=\"sgb-item-caption\"><em>V\u00fdhledy z Velk\u00e9ho Javorn\u00edku sm\u011brem na Fren\u0161t\u00e1t a Ond\u0159ejn\u00edk<\/em><\/div><\/div><div class=\"sgb-item\"><a href=\"https:\/\/www.cykloromantika.cz\/foto-2022-0521-14\/\" target=\"_blank\"><img decoding=\"async\" alt=\"\" width=\"300\" height=\"200\" loading=\"lazy\" src=\"https:\/\/www.cykloromantika.cz\/wp-content\/uploads\/2022\/06\/foto-2022-0521-14-300x200.jpg\" srcset=\"https:\/\/www.cykloromantika.cz\/wp-content\/uploads\/2022\/06\/foto-2022-0521-14-300x200.jpg 300w,https:\/\/www.cykloromantika.cz\/wp-content\/uploads\/2022\/06\/foto-2022-0521-14.jpg 1024w\" sizes=\"auto, 250px\"\/><\/a><div class=\"sgb-item-caption\"><em>V\u00fdhledy z Velk\u00e9ho Javorn\u00edku sm\u011brem na Palkovick\u00e9 h\u016frky a Hukvaldy<\/em><\/div><\/div><div class=\"sgb-item\"><a href=\"https:\/\/www.cykloromantika.cz\/foto-2022-0521-15\/\" target=\"_blank\"><img decoding=\"async\" alt=\"\" width=\"225\" height=\"300\" loading=\"lazy\" src=\"https:\/\/www.cykloromantika.cz\/wp-content\/uploads\/2022\/06\/foto-2022-0521-15-225x300.jpg\" srcset=\"https:\/\/www.cykloromantika.cz\/wp-content\/uploads\/2022\/06\/foto-2022-0521-15-225x300.jpg 225w,https:\/\/www.cykloromantika.cz\/wp-content\/uploads\/2022\/06\/foto-2022-0521-15.jpg 768w\" sizes=\"auto, 250px\"\/><\/a><div class=\"sgb-item-caption\"><em>Rozhledna na Velk\u00e9m Javorn\u00edku<\/em><\/div><\/div><div class=\"sgb-item\"><a href=\"https:\/\/www.cykloromantika.cz\/foto-2022-0521-16\/\" target=\"_blank\"><img decoding=\"async\" alt=\"\" width=\"300\" height=\"225\" loading=\"lazy\" src=\"https:\/\/www.cykloromantika.cz\/wp-content\/uploads\/2022\/06\/foto-2022-0521-16-300x225.jpg\" srcset=\"https:\/\/www.cykloromantika.cz\/wp-content\/uploads\/2022\/06\/foto-2022-0521-16-300x225.jpg 300w,https:\/\/www.cykloromantika.cz\/wp-content\/uploads\/2022\/06\/foto-2022-0521-16.jpg 1024w\" sizes=\"auto, 250px\"\/><\/a><div class=\"sgb-item-caption\"><em>Velk\u00fd Javorn\u00edk \u2013 chata zav\u0159en\u00e1, ale ob\u010derstven\u00ed jsme nakonec dostali.<\/em><\/div><\/div><div class=\"sgb-item\"><a href=\"https:\/\/www.cykloromantika.cz\/foto-2022-0521-17\/\" target=\"_blank\"><img decoding=\"async\" alt=\"\" width=\"300\" height=\"169\" loading=\"lazy\" src=\"https:\/\/www.cykloromantika.cz\/wp-content\/uploads\/2022\/06\/foto-2022-0521-17-300x169.jpg\" srcset=\"https:\/\/www.cykloromantika.cz\/wp-content\/uploads\/2022\/06\/foto-2022-0521-17-300x169.jpg 300w,https:\/\/www.cykloromantika.cz\/wp-content\/uploads\/2022\/06\/foto-2022-0521-17.jpg 1024w\" sizes=\"auto, 250px\"\/><\/a><div class=\"sgb-item-caption\"><em>V\u00fdhledy z Velk\u00e9ho Javorn\u00edku sm\u011brem na Fren\u0161t\u00e1t<\/em><\/div><\/div><div class=\"sgb-item\"><a href=\"https:\/\/www.cykloromantika.cz\/foto-2022-0521-18\/\" target=\"_blank\"><img decoding=\"async\" alt=\"\" width=\"225\" height=\"300\" loading=\"lazy\" src=\"https:\/\/www.cykloromantika.cz\/wp-content\/uploads\/2022\/06\/foto-2022-0521-18-225x300.jpg\" srcset=\"https:\/\/www.cykloromantika.cz\/wp-content\/uploads\/2022\/06\/foto-2022-0521-18-225x300.jpg 225w,https:\/\/www.cykloromantika.cz\/wp-content\/uploads\/2022\/06\/foto-2022-0521-18.jpg 768w\" sizes=\"auto, 250px\"\/><\/a><div class=\"sgb-item-caption\"><em>Jdeme se pod\u00edvat na krajinu z v\u00fd\u0161ky.<\/em><\/div><\/div><div class=\"sgb-item\"><a href=\"https:\/\/www.cykloromantika.cz\/foto-2022-0521-19\/\" target=\"_blank\"><img decoding=\"async\" alt=\"\" width=\"300\" height=\"200\" loading=\"lazy\" src=\"https:\/\/www.cykloromantika.cz\/wp-content\/uploads\/2022\/06\/foto-2022-0521-19-300x200.jpg\" srcset=\"https:\/\/www.cykloromantika.cz\/wp-content\/uploads\/2022\/06\/foto-2022-0521-19-300x200.jpg 300w,https:\/\/www.cykloromantika.cz\/wp-content\/uploads\/2022\/06\/foto-2022-0521-19.jpg 1024w\" sizes=\"auto, 250px\"\/><\/a><div class=\"sgb-item-caption\"><em>Z rozhledny m\u016f\u017eeme vid\u011bt vrchol Kotou\u010d s lomem na kaolin.<\/em><\/div><\/div><div class=\"sgb-item\"><a href=\"https:\/\/www.cykloromantika.cz\/foto-2022-0521-20\/\" target=\"_blank\"><img decoding=\"async\" alt=\"V\u00fdhled na beskydsk\u00e9 vrcholy Lysou horu, Smrk a Kn\u011bhyni\" width=\"300\" height=\"225\" loading=\"lazy\" src=\"https:\/\/www.cykloromantika.cz\/wp-content\/uploads\/2022\/06\/foto-2022-0521-20-300x225.jpg\" srcset=\"https:\/\/www.cykloromantika.cz\/wp-content\/uploads\/2022\/06\/foto-2022-0521-20-300x225.jpg 300w,https:\/\/www.cykloromantika.cz\/wp-content\/uploads\/2022\/06\/foto-2022-0521-20.jpg 1024w\" sizes=\"auto, 250px\"\/><\/a><\/div><div class=\"sgb-item\"><a href=\"https:\/\/www.cykloromantika.cz\/foto-2022-0521-22\/\" target=\"_blank\"><img decoding=\"async\" alt=\"\" width=\"300\" height=\"225\" loading=\"lazy\" src=\"https:\/\/www.cykloromantika.cz\/wp-content\/uploads\/2022\/06\/foto-2022-0521-22-300x225.jpg\" srcset=\"https:\/\/www.cykloromantika.cz\/wp-content\/uploads\/2022\/06\/foto-2022-0521-22-300x225.jpg 300w,https:\/\/www.cykloromantika.cz\/wp-content\/uploads\/2022\/06\/foto-2022-0521-22.jpg 1024w\" sizes=\"auto, 250px\"\/><\/a><div class=\"sgb-item-caption\"><em>P\u0159\u00edprava na fote\u010dku s pocestnou<\/em><\/div><\/div><div class=\"sgb-item\"><a href=\"https:\/\/www.cykloromantika.cz\/foto-2022-0521-23\/\" target=\"_blank\"><img decoding=\"async\" alt=\"\" width=\"300\" height=\"225\" loading=\"lazy\" src=\"https:\/\/www.cykloromantika.cz\/wp-content\/uploads\/2022\/06\/foto-2022-0521-23-300x225.jpg\" srcset=\"https:\/\/www.cykloromantika.cz\/wp-content\/uploads\/2022\/06\/foto-2022-0521-23-300x225.jpg 300w,https:\/\/www.cykloromantika.cz\/wp-content\/uploads\/2022\/06\/foto-2022-0521-23.jpg 1024w\" sizes=\"auto, 250px\"\/><\/a><div class=\"sgb-item-caption\"><em>Vybr\u00e1na ta nejlep\u0161\u00ed!<\/em><\/div><\/div><div class=\"sgb-item\"><a href=\"https:\/\/www.cykloromantika.cz\/foto-2022-0521-24\/\" target=\"_blank\"><img decoding=\"async\" alt=\"\" width=\"225\" height=\"300\" loading=\"lazy\" src=\"https:\/\/www.cykloromantika.cz\/wp-content\/uploads\/2022\/06\/foto-2022-0521-24-225x300.jpg\" srcset=\"https:\/\/www.cykloromantika.cz\/wp-content\/uploads\/2022\/06\/foto-2022-0521-24-225x300.jpg 225w,https:\/\/www.cykloromantika.cz\/wp-content\/uploads\/2022\/06\/foto-2022-0521-24.jpg 768w\" sizes=\"auto, 250px\"\/><\/a><div class=\"sgb-item-caption\"><em>Kapli\u010dka v Trojanovic\u00edch<\/em><\/div><\/div><div class=\"sgb-item\"><a href=\"https:\/\/www.cykloromantika.cz\/foto-2022-0521-25\/\" target=\"_blank\"><img decoding=\"async\" alt=\"\" width=\"225\" height=\"300\" loading=\"lazy\" src=\"https:\/\/www.cykloromantika.cz\/wp-content\/uploads\/2022\/06\/foto-2022-0521-25-225x300.jpg\" srcset=\"https:\/\/www.cykloromantika.cz\/wp-content\/uploads\/2022\/06\/foto-2022-0521-25-225x300.jpg 225w,https:\/\/www.cykloromantika.cz\/wp-content\/uploads\/2022\/06\/foto-2022-0521-25.jpg 768w\" sizes=\"auto, 250px\"\/><\/a><div class=\"sgb-item-caption\"><em>Kapli\u010dka v Trojanovic\u00edch z jin\u00e9ho (lep\u0161\u00edho) \u00fahlu<\/em><\/div><\/div><div class=\"sgb-item\"><a href=\"https:\/\/www.cykloromantika.cz\/foto-2022-0521-26\/\" target=\"_blank\"><img decoding=\"async\" alt=\"\" width=\"300\" height=\"225\" loading=\"lazy\" src=\"https:\/\/www.cykloromantika.cz\/wp-content\/uploads\/2022\/06\/foto-2022-0521-26-300x225.jpg\" srcset=\"https:\/\/www.cykloromantika.cz\/wp-content\/uploads\/2022\/06\/foto-2022-0521-26-300x225.jpg 300w,https:\/\/www.cykloromantika.cz\/wp-content\/uploads\/2022\/06\/foto-2022-0521-26.jpg 1024w\" sizes=\"auto, 250px\"\/><\/a><div class=\"sgb-item-caption\"><em>Zahajujeme zased\u00e1n\u00ed v hotelu u Koci\u00e1na.<\/em><\/div><\/div><div class=\"sgb-item\"><a href=\"https:\/\/www.cykloromantika.cz\/foto-2022-0521-27\/\" target=\"_blank\"><img decoding=\"async\" alt=\"\" width=\"300\" height=\"200\" loading=\"lazy\" src=\"https:\/\/www.cykloromantika.cz\/wp-content\/uploads\/2022\/06\/foto-2022-0521-27-300x200.jpg\" srcset=\"https:\/\/www.cykloromantika.cz\/wp-content\/uploads\/2022\/06\/foto-2022-0521-27-300x200.jpg 300w,https:\/\/www.cykloromantika.cz\/wp-content\/uploads\/2022\/06\/foto-2022-0521-27.jpg 1024w\" sizes=\"auto, 250px\"\/><\/a><div class=\"sgb-item-caption\"><em>Bob\u016fv michelinsk\u00fd pr\u016fvodce se zel\u00edm <\/em><\/div><\/div><div class=\"sgb-item\"><a href=\"https:\/\/www.cykloromantika.cz\/foto-2022-0521-28\/\" target=\"_blank\"><img decoding=\"async\" alt=\"\" width=\"300\" height=\"200\" loading=\"lazy\" src=\"https:\/\/www.cykloromantika.cz\/wp-content\/uploads\/2022\/06\/foto-2022-0521-28-300x200.jpg\" srcset=\"https:\/\/www.cykloromantika.cz\/wp-content\/uploads\/2022\/06\/foto-2022-0521-28-300x200.jpg 300w,https:\/\/www.cykloromantika.cz\/wp-content\/uploads\/2022\/06\/foto-2022-0521-28.jpg 1024w\" sizes=\"auto, 250px\"\/><\/a><div class=\"sgb-item-caption\"><em>Fand\u00edme na\u0161im, ne Brekkekovi!<\/em><\/div><\/div><div class=\"sgb-item\"><a href=\"https:\/\/www.cykloromantika.cz\/foto-2022-0521-29\/\" target=\"_blank\"><img decoding=\"async\" alt=\"\" width=\"225\" height=\"300\" loading=\"lazy\" src=\"https:\/\/www.cykloromantika.cz\/wp-content\/uploads\/2022\/06\/foto-2022-0521-29-225x300.jpg\" srcset=\"https:\/\/www.cykloromantika.cz\/wp-content\/uploads\/2022\/06\/foto-2022-0521-29-225x300.jpg 225w,https:\/\/www.cykloromantika.cz\/wp-content\/uploads\/2022\/06\/foto-2022-0521-29.jpg 768w\" sizes=\"auto, 250px\"\/><\/a><div class=\"sgb-item-caption\"><em>Du\u0161\u00edk se sna\u017e\u00ed fu\u0161ovat do \u0159emesla mask\u00e9r\u016fm!<\/em><\/div><\/div><div class=\"sgb-item\"><a href=\"https:\/\/www.cykloromantika.cz\/foto-2022-0521-30\/\" target=\"_blank\"><img decoding=\"async\" alt=\"\" width=\"225\" height=\"300\" loading=\"lazy\" src=\"https:\/\/www.cykloromantika.cz\/wp-content\/uploads\/2022\/06\/foto-2022-0521-30-225x300.jpg\" srcset=\"https:\/\/www.cykloromantika.cz\/wp-content\/uploads\/2022\/06\/foto-2022-0521-30-225x300.jpg 225w,https:\/\/www.cykloromantika.cz\/wp-content\/uploads\/2022\/06\/foto-2022-0521-30.jpg 768w\" sizes=\"auto, 250px\"\/><\/a><div class=\"sgb-item-caption\"><em>Ka\u017ed\u00fd hned pozn\u00e1, \u017ee je d\u017eem fale\u0161n\u00fd!<\/em><\/div><\/div><div class=\"sgb-item\"><a href=\"https:\/\/www.cykloromantika.cz\/foto-2022-0521-31\/\" target=\"_blank\"><img decoding=\"async\" alt=\"\" width=\"225\" height=\"300\" loading=\"lazy\" src=\"https:\/\/www.cykloromantika.cz\/wp-content\/uploads\/2022\/06\/foto-2022-0521-31-225x300.jpg\" srcset=\"https:\/\/www.cykloromantika.cz\/wp-content\/uploads\/2022\/06\/foto-2022-0521-31-225x300.jpg 225w,https:\/\/www.cykloromantika.cz\/wp-content\/uploads\/2022\/06\/foto-2022-0521-31.jpg 768w\" sizes=\"auto, 250px\"\/><\/a><div class=\"sgb-item-caption\"><em>Pod\u011bkov\u00e1n\u00ed Du\u0161\u00edkovi za zaji\u0161t\u011bn\u00ed noclehu.<\/em><\/div><\/div><div class=\"sgb-item\"><a href=\"https:\/\/www.cykloromantika.cz\/foto-2022-0521-32\/\" target=\"_blank\"><img decoding=\"async\" alt=\"\" width=\"300\" height=\"225\" loading=\"lazy\" src=\"https:\/\/www.cykloromantika.cz\/wp-content\/uploads\/2022\/06\/foto-2022-0521-32-300x225.jpg\" srcset=\"https:\/\/www.cykloromantika.cz\/wp-content\/uploads\/2022\/06\/foto-2022-0521-32-300x225.jpg 300w,https:\/\/www.cykloromantika.cz\/wp-content\/uploads\/2022\/06\/foto-2022-0521-32.jpg 1024w\" sizes=\"auto, 250px\"\/><\/a><div class=\"sgb-item-caption\"><em>Te\u010f u\u017e ve v\u00e1\u017en\u00e9 n\u00e1lad\u011b!<\/em><\/div><\/div><div class=\"sgb-item\"><a href=\"https:\/\/www.cykloromantika.cz\/foto-2022-0522-01\/\" target=\"_blank\"><img decoding=\"async\" alt=\"\" width=\"300\" height=\"225\" loading=\"lazy\" src=\"https:\/\/www.cykloromantika.cz\/wp-content\/uploads\/2022\/06\/foto-2022-0522-01-300x225.jpg\" srcset=\"https:\/\/www.cykloromantika.cz\/wp-content\/uploads\/2022\/06\/foto-2022-0522-01-300x225.jpg 300w,https:\/\/www.cykloromantika.cz\/wp-content\/uploads\/2022\/06\/foto-2022-0522-01.jpg 1024w\" sizes=\"auto, 250px\"\/><\/a><div class=\"sgb-item-caption\"><em>Rann\u00ed sn\u00eddan\u011b \u2013 dom\u00e1c\u00ed vejce na slanin\u011b<\/em><\/div><\/div><div class=\"sgb-item\"><a href=\"https:\/\/www.cykloromantika.cz\/foto-2022-0522-02\/\" target=\"_blank\"><img decoding=\"async\" alt=\"\" width=\"300\" height=\"225\" loading=\"lazy\" src=\"https:\/\/www.cykloromantika.cz\/wp-content\/uploads\/2022\/06\/foto-2022-0522-02-300x225.jpg\" srcset=\"https:\/\/www.cykloromantika.cz\/wp-content\/uploads\/2022\/06\/foto-2022-0522-02-300x225.jpg 300w,https:\/\/www.cykloromantika.cz\/wp-content\/uploads\/2022\/06\/foto-2022-0522-02.jpg 1024w\" sizes=\"auto, 250px\"\/><\/a><div class=\"sgb-item-caption\"><em>Vyma\u017eeme p\u00e1nev do sucha!<\/em><\/div><\/div><div class=\"sgb-item\"><a href=\"https:\/\/www.cykloromantika.cz\/foto-2022-0522-03\/\" target=\"_blank\"><img decoding=\"async\" alt=\"\" width=\"300\" height=\"225\" loading=\"lazy\" src=\"https:\/\/www.cykloromantika.cz\/wp-content\/uploads\/2022\/06\/foto-2022-0522-03-300x225.jpg\" srcset=\"https:\/\/www.cykloromantika.cz\/wp-content\/uploads\/2022\/06\/foto-2022-0522-03-300x225.jpg 300w,https:\/\/www.cykloromantika.cz\/wp-content\/uploads\/2022\/06\/foto-2022-0522-03.jpg 1024w\" sizes=\"auto, 250px\"\/><\/a><div class=\"sgb-item-caption\"><em>Rozbor dne\u0161n\u00ed etapy?!<\/em><\/div><\/div><div class=\"sgb-item\"><a href=\"https:\/\/www.cykloromantika.cz\/foto-2022-0522-04\/\" target=\"_blank\"><img decoding=\"async\" alt=\"\" width=\"300\" height=\"169\" loading=\"lazy\" src=\"https:\/\/www.cykloromantika.cz\/wp-content\/uploads\/2022\/06\/foto-2022-0522-04-300x169.jpg\" srcset=\"https:\/\/www.cykloromantika.cz\/wp-content\/uploads\/2022\/06\/foto-2022-0522-04-300x169.jpg 300w,https:\/\/www.cykloromantika.cz\/wp-content\/uploads\/2022\/06\/foto-2022-0522-04.jpg 1024w\" sizes=\"auto, 250px\"\/><\/a><div class=\"sgb-item-caption\"><em>P\u0159ipravenost man\u010daftu je p\u0159\u00edkladn\u00e1.<\/em><\/div><\/div><div class=\"sgb-item\"><a href=\"https:\/\/www.cykloromantika.cz\/foto-2022-0522-05\/\" target=\"_blank\"><img decoding=\"async\" alt=\"\" width=\"300\" height=\"169\" loading=\"lazy\" src=\"https:\/\/www.cykloromantika.cz\/wp-content\/uploads\/2022\/06\/foto-2022-0522-05-300x169.jpg\" srcset=\"https:\/\/www.cykloromantika.cz\/wp-content\/uploads\/2022\/06\/foto-2022-0522-05-300x169.jpg 300w,https:\/\/www.cykloromantika.cz\/wp-content\/uploads\/2022\/06\/foto-2022-0522-05.jpg 1024w\" sizes=\"auto, 250px\"\/><\/a><div class=\"sgb-item-caption\"><em>P\u0159ipravenost man\u010daftu je p\u0159\u00edkladn\u00e1.<\/em><\/div><\/div><div class=\"sgb-item\"><a href=\"https:\/\/www.cykloromantika.cz\/foto-2022-0522-06\/\" target=\"_blank\"><img decoding=\"async\" alt=\"\" width=\"300\" height=\"225\" loading=\"lazy\" src=\"https:\/\/www.cykloromantika.cz\/wp-content\/uploads\/2022\/06\/foto-2022-0522-06-300x225.jpg\" srcset=\"https:\/\/www.cykloromantika.cz\/wp-content\/uploads\/2022\/06\/foto-2022-0522-06-300x225.jpg 300w,https:\/\/www.cykloromantika.cz\/wp-content\/uploads\/2022\/06\/foto-2022-0522-06.jpg 1024w\" sizes=\"auto, 250px\"\/><\/a><div class=\"sgb-item-caption\"><em>P\u0159ipravenost man\u010daftu je p\u0159\u00edkladn\u00e1. Kone\u010dn\u011b v\u0161ichni!<\/em><\/div><\/div><div class=\"sgb-item\"><a href=\"https:\/\/www.cykloromantika.cz\/foto-2022-0522-07\/\" target=\"_blank\"><img decoding=\"async\" alt=\"\" width=\"300\" height=\"169\" loading=\"lazy\" src=\"https:\/\/www.cykloromantika.cz\/wp-content\/uploads\/2022\/06\/foto-2022-0522-07-300x169.jpg\" srcset=\"https:\/\/www.cykloromantika.cz\/wp-content\/uploads\/2022\/06\/foto-2022-0522-07-300x169.jpg 300w,https:\/\/www.cykloromantika.cz\/wp-content\/uploads\/2022\/06\/foto-2022-0522-07.jpg 1024w\" sizes=\"auto, 250px\"\/><\/a><div class=\"sgb-item-caption\"><em>Tom\u00e1\u0161 na 4. kilometru Kn\u00ed\u017eec\u00ed cesty<\/em><\/div><\/div><div class=\"sgb-item\"><a href=\"https:\/\/www.cykloromantika.cz\/foto-2022-0522-08\/\" target=\"_blank\"><img decoding=\"async\" alt=\"\" width=\"200\" height=\"300\" loading=\"lazy\" src=\"https:\/\/www.cykloromantika.cz\/wp-content\/uploads\/2022\/06\/foto-2022-0522-08-200x300.jpg\" srcset=\"https:\/\/www.cykloromantika.cz\/wp-content\/uploads\/2022\/06\/foto-2022-0522-08-200x300.jpg 200w,https:\/\/www.cykloromantika.cz\/wp-content\/uploads\/2022\/06\/foto-2022-0522-08.jpg 683w\" sizes=\"auto, 250px\"\/><\/a><div class=\"sgb-item-caption\"><em>Kask\u00e1dov\u00fd vodop\u00e1d na potoce Lomn\u00e1<\/em><\/div><\/div><div class=\"sgb-item\"><a href=\"https:\/\/www.cykloromantika.cz\/foto-2022-0522-09\/\" target=\"_blank\"><img decoding=\"async\" alt=\"\" width=\"300\" height=\"169\" loading=\"lazy\" src=\"https:\/\/www.cykloromantika.cz\/wp-content\/uploads\/2022\/06\/foto-2022-0522-09-300x169.jpg\" srcset=\"https:\/\/www.cykloromantika.cz\/wp-content\/uploads\/2022\/06\/foto-2022-0522-09-300x169.jpg 300w,https:\/\/www.cykloromantika.cz\/wp-content\/uploads\/2022\/06\/foto-2022-0522-09.jpg 1024w\" sizes=\"auto, 250px\"\/><\/a><div class=\"sgb-item-caption\"><em>Kousek p\u0159ed koncem stoup\u00e1n\u00ed na Pustevny \u2013 v\u00fdhled na Fren\u0161t\u00e1t<\/em><\/div><\/div><div class=\"sgb-item\"><a href=\"https:\/\/www.cykloromantika.cz\/foto-2022-0522-10\/\" target=\"_blank\"><img decoding=\"async\" alt=\"\" width=\"300\" height=\"200\" loading=\"lazy\" src=\"https:\/\/www.cykloromantika.cz\/wp-content\/uploads\/2022\/06\/foto-2022-0522-10-300x200.jpg\" srcset=\"https:\/\/www.cykloromantika.cz\/wp-content\/uploads\/2022\/06\/foto-2022-0522-10-300x200.jpg 300w,https:\/\/www.cykloromantika.cz\/wp-content\/uploads\/2022\/06\/foto-2022-0522-10.jpg 1024w\" sizes=\"auto, 250px\"\/><\/a><div class=\"sgb-item-caption\"><em>Stavebn\u00ed skvosty na Pustevn\u00e1ch<\/em><\/div><\/div><div class=\"sgb-item\"><a href=\"https:\/\/www.cykloromantika.cz\/foto-2022-0522-11\/\" target=\"_blank\"><img decoding=\"async\" alt=\"\" width=\"300\" height=\"225\" loading=\"lazy\" src=\"https:\/\/www.cykloromantika.cz\/wp-content\/uploads\/2022\/06\/foto-2022-0522-11-300x225.jpg\" srcset=\"https:\/\/www.cykloromantika.cz\/wp-content\/uploads\/2022\/06\/foto-2022-0522-11-300x225.jpg 300w,https:\/\/www.cykloromantika.cz\/wp-content\/uploads\/2022\/06\/foto-2022-0522-11.jpg 1024w\" sizes=\"auto, 250px\"\/><\/a><div class=\"sgb-item-caption\"><em>Zaslou\u017een\u00e9 odm\u011bna<\/em><\/div><\/div><div class=\"sgb-item\"><a href=\"https:\/\/www.cykloromantika.cz\/foto-2022-0522-13\/\" target=\"_blank\"><img decoding=\"async\" alt=\"\" width=\"200\" height=\"300\" loading=\"lazy\" src=\"https:\/\/www.cykloromantika.cz\/wp-content\/uploads\/2022\/06\/foto-2022-0522-13-200x300.jpg\" srcset=\"https:\/\/www.cykloromantika.cz\/wp-content\/uploads\/2022\/06\/foto-2022-0522-13-200x300.jpg 200w,https:\/\/www.cykloromantika.cz\/wp-content\/uploads\/2022\/06\/foto-2022-0522-13.jpg 683w\" sizes=\"auto, 250px\"\/><\/a><div class=\"sgb-item-caption\"><em>\u0160estice pohansk\u00fdch uct\u00edva\u010d\u016f<\/em><\/div><\/div><div class=\"sgb-item\"><a href=\"https:\/\/www.cykloromantika.cz\/foto-2022-0522-14\/\" target=\"_blank\"><img decoding=\"async\" alt=\"\" width=\"300\" height=\"169\" loading=\"lazy\" src=\"https:\/\/www.cykloromantika.cz\/wp-content\/uploads\/2022\/06\/foto-2022-0522-14-300x169.jpg\" srcset=\"https:\/\/www.cykloromantika.cz\/wp-content\/uploads\/2022\/06\/foto-2022-0522-14-300x169.jpg 300w,https:\/\/www.cykloromantika.cz\/wp-content\/uploads\/2022\/06\/foto-2022-0522-14.jpg 1024w\" sizes=\"auto, 250px\"\/><\/a><div class=\"sgb-item-caption\"><em>Libu\u0161\u00edn prozkoum\u00e1me i zevnit\u0159.<\/em><\/div><\/div><div class=\"sgb-item\"><a href=\"https:\/\/www.cykloromantika.cz\/foto-2022-0522-15\/\" target=\"_blank\"><img decoding=\"async\" alt=\"\" width=\"300\" height=\"169\" loading=\"lazy\" src=\"https:\/\/www.cykloromantika.cz\/wp-content\/uploads\/2022\/06\/foto-2022-0522-15-300x169.jpg\" srcset=\"https:\/\/www.cykloromantika.cz\/wp-content\/uploads\/2022\/06\/foto-2022-0522-15-300x169.jpg 300w,https:\/\/www.cykloromantika.cz\/wp-content\/uploads\/2022\/06\/foto-2022-0522-15.jpg 1024w\" sizes=\"auto, 250px\"\/><\/a><div class=\"sgb-item-caption\"><em>Du\u0161\u00edk\u016fv typick\u00fd pohled \u2013 v\u017edy je vep\u0159edu.<\/em><\/div><\/div><div class=\"sgb-item\"><a href=\"https:\/\/www.cykloromantika.cz\/foto-2022-0522-16\/\" target=\"_blank\"><img decoding=\"async\" alt=\"\" width=\"300\" height=\"169\" loading=\"lazy\" src=\"https:\/\/www.cykloromantika.cz\/wp-content\/uploads\/2022\/06\/foto-2022-0522-16-300x169.jpg\" srcset=\"https:\/\/www.cykloromantika.cz\/wp-content\/uploads\/2022\/06\/foto-2022-0522-16-300x169.jpg 300w,https:\/\/www.cykloromantika.cz\/wp-content\/uploads\/2022\/06\/foto-2022-0522-16.jpg 1024w\" sizes=\"auto, 250px\"\/><\/a><div class=\"sgb-item-caption\"><em>Mo\u0159sk\u00e9 oko pod Tane\u010dnic\u00ed<\/em><\/div><\/div><div class=\"sgb-item\"><a href=\"https:\/\/www.cykloromantika.cz\/foto-2022-0522-17\/\" target=\"_blank\"><img decoding=\"async\" alt=\"\" width=\"300\" height=\"169\" loading=\"lazy\" src=\"https:\/\/www.cykloromantika.cz\/wp-content\/uploads\/2022\/06\/foto-2022-0522-17-300x169.jpg\" srcset=\"https:\/\/www.cykloromantika.cz\/wp-content\/uploads\/2022\/06\/foto-2022-0522-17-300x169.jpg 300w,https:\/\/www.cykloromantika.cz\/wp-content\/uploads\/2022\/06\/foto-2022-0522-17.jpg 1024w\" sizes=\"auto, 250px\"\/><\/a><div class=\"sgb-item-caption\"><em>Mal\u00e9 p\u0159\u00edrodov\u011bdn\u00e9 zastaven\u00ed \u2013 Mo\u0159sk\u00e9 oko<\/em><\/div><\/div><div class=\"sgb-item\"><a href=\"https:\/\/www.cykloromantika.cz\/foto-2022-0522-18\/\" target=\"_blank\"><img decoding=\"async\" alt=\"\" width=\"200\" height=\"300\" loading=\"lazy\" src=\"https:\/\/www.cykloromantika.cz\/wp-content\/uploads\/2022\/06\/foto-2022-0522-18-200x300.jpg\" srcset=\"https:\/\/www.cykloromantika.cz\/wp-content\/uploads\/2022\/06\/foto-2022-0522-18-200x300.jpg 200w,https:\/\/www.cykloromantika.cz\/wp-content\/uploads\/2022\/06\/foto-2022-0522-18.jpg 683w\" sizes=\"auto, 250px\"\/><\/a><div class=\"sgb-item-caption\"><em>Pro Boba je cesta tuze kamenit\u00e1.<\/em><\/div><\/div><div class=\"sgb-item\"><a href=\"https:\/\/www.cykloromantika.cz\/foto-2022-0522-19\/\" target=\"_blank\"><img decoding=\"async\" alt=\"\" width=\"200\" height=\"300\" loading=\"lazy\" src=\"https:\/\/www.cykloromantika.cz\/wp-content\/uploads\/2022\/06\/foto-2022-0522-19-200x300.jpg\" srcset=\"https:\/\/www.cykloromantika.cz\/wp-content\/uploads\/2022\/06\/foto-2022-0522-19-200x300.jpg 200w,https:\/\/www.cykloromantika.cz\/wp-content\/uploads\/2022\/06\/foto-2022-0522-19.jpg 683w\" sizes=\"auto, 250px\"\/><\/a><div class=\"sgb-item-caption\"><em>U\u017e jen kousek k asfaltu! \ud83d\ude42<\/em><\/div><\/div><div class=\"sgb-item\"><a href=\"https:\/\/www.cykloromantika.cz\/foto-2022-0522-20\/\" target=\"_blank\"><img decoding=\"async\" alt=\"\" width=\"300\" height=\"225\" loading=\"lazy\" src=\"https:\/\/www.cykloromantika.cz\/wp-content\/uploads\/2022\/06\/foto-2022-0522-20-300x225.jpg\" srcset=\"https:\/\/www.cykloromantika.cz\/wp-content\/uploads\/2022\/06\/foto-2022-0522-20-300x225.jpg 300w,https:\/\/www.cykloromantika.cz\/wp-content\/uploads\/2022\/06\/foto-2022-0522-20.jpg 1024w\" sizes=\"auto, 250px\"\/><\/a><div class=\"sgb-item-caption\"><em>Ob\u011bd na Marti\u0148\u00e1ku...<\/em><\/div><\/div><div class=\"sgb-item\"><a href=\"https:\/\/www.cykloromantika.cz\/foto-2022-0522-21\/\" target=\"_blank\"><img decoding=\"async\" alt=\"\" width=\"300\" height=\"225\" loading=\"lazy\" src=\"https:\/\/www.cykloromantika.cz\/wp-content\/uploads\/2022\/06\/foto-2022-0522-21-300x225.jpg\" srcset=\"https:\/\/www.cykloromantika.cz\/wp-content\/uploads\/2022\/06\/foto-2022-0522-21-300x225.jpg 300w,https:\/\/www.cykloromantika.cz\/wp-content\/uploads\/2022\/06\/foto-2022-0522-21.jpg 1024w\" sizes=\"auto, 250px\"\/><\/a><div class=\"sgb-item-caption\"><em>... a sva\u010dinka v pivovaru Ogar<\/em><\/div><\/div><div class=\"sgb-item\"><a href=\"https:\/\/www.cykloromantika.cz\/foto-2022-0522-22\/\" target=\"_blank\"><img decoding=\"async\" alt=\"\" width=\"300\" height=\"200\" loading=\"lazy\" src=\"https:\/\/www.cykloromantika.cz\/wp-content\/uploads\/2022\/06\/foto-2022-0522-22-300x200.jpg\" srcset=\"https:\/\/www.cykloromantika.cz\/wp-content\/uploads\/2022\/06\/foto-2022-0522-22-300x200.jpg 300w,https:\/\/www.cykloromantika.cz\/wp-content\/uploads\/2022\/06\/foto-2022-0522-22.jpg 1024w\" sizes=\"auto, 250px\"\/><\/a><div class=\"sgb-item-caption\"><em>Michelin\u016fv pr\u016fvodce \u0159\u00edk\u00e1: \"Tato \u0161kvarkov\u00e1 pomaz\u00e1nka je vynikaj\u00edc\u00ed!\"<\/em><\/div><\/div><div class=\"sgb-item\"><a href=\"https:\/\/www.cykloromantika.cz\/foto-2022-0522-23\/\" target=\"_blank\"><img decoding=\"async\" alt=\"\" width=\"300\" height=\"169\" loading=\"lazy\" src=\"https:\/\/www.cykloromantika.cz\/wp-content\/uploads\/2022\/06\/foto-2022-0522-23-300x169.jpg\" srcset=\"https:\/\/www.cykloromantika.cz\/wp-content\/uploads\/2022\/06\/foto-2022-0522-23-300x169.jpg 300w,https:\/\/www.cykloromantika.cz\/wp-content\/uploads\/2022\/06\/foto-2022-0522-23.jpg 1024w\" sizes=\"auto, 250px\"\/><\/a><div class=\"sgb-item-caption\"><em>N\u00e1v\u0161t\u011bva ligov\u00e9ho z\u00e1pasu v Lichnov\u011b. Bohu\u017eel ale kvalitou \u0161lo o krajsk\u00fd p\u0159ebor.<\/em><\/div><\/div><div class=\"sgb-item\"><a href=\"https:\/\/www.cykloromantika.cz\/foto-2022-0522-24\/\" target=\"_blank\"><img decoding=\"async\" alt=\"\" width=\"300\" height=\"225\" loading=\"lazy\" src=\"https:\/\/www.cykloromantika.cz\/wp-content\/uploads\/2022\/06\/foto-2022-0522-24-300x225.jpg\" srcset=\"https:\/\/www.cykloromantika.cz\/wp-content\/uploads\/2022\/06\/foto-2022-0522-24-300x225.jpg 300w,https:\/\/www.cykloromantika.cz\/wp-content\/uploads\/2022\/06\/foto-2022-0522-24.jpg 1024w\" sizes=\"auto, 250px\"\/><\/a><div class=\"sgb-item-caption\"><em>N\u00e1v\u0161t\u011bva m\u00edstn\u00edho bufetu<\/em><\/div><\/div><div class=\"sgb-item\"><a href=\"https:\/\/www.cykloromantika.cz\/foto-2022-0522-25\/\" target=\"_blank\"><img decoding=\"async\" alt=\"\" width=\"300\" height=\"169\" loading=\"lazy\" src=\"https:\/\/www.cykloromantika.cz\/wp-content\/uploads\/2022\/06\/foto-2022-0522-25-300x169.jpg\" srcset=\"https:\/\/www.cykloromantika.cz\/wp-content\/uploads\/2022\/06\/foto-2022-0522-25-300x169.jpg 300w,https:\/\/www.cykloromantika.cz\/wp-content\/uploads\/2022\/06\/foto-2022-0522-25.jpg 1024w\" sizes=\"auto, 250px\"\/><\/a><div class=\"sgb-item-caption\"><em>Kr\u00e1sn\u00e9 panorama \u2013 od Ond\u0159ejn\u00edku po Velk\u00fd Javorn\u00edk<\/em><\/div><\/div><div class=\"sgb-item\"><a href=\"https:\/\/www.cykloromantika.cz\/foto-2022-0522-26\/\" target=\"_blank\"><img decoding=\"async\" alt=\"\" width=\"300\" height=\"169\" loading=\"lazy\" src=\"https:\/\/www.cykloromantika.cz\/wp-content\/uploads\/2022\/06\/foto-2022-0522-26-300x169.jpg\" srcset=\"https:\/\/www.cykloromantika.cz\/wp-content\/uploads\/2022\/06\/foto-2022-0522-26-300x169.jpg 300w,https:\/\/www.cykloromantika.cz\/wp-content\/uploads\/2022\/06\/foto-2022-0522-26.jpg 1024w\" sizes=\"auto, 250px\"\/><\/a><div class=\"sgb-item-caption\"><em>Kr\u00e1sn\u00e9 panorama \u2013 od Ond\u0159ejn\u00edku po Velk\u00fd Javorn\u00edk<\/em><\/div><\/div><div class=\"sgb-item\"><a href=\"https:\/\/www.cykloromantika.cz\/foto-2022-0522-27\/\" target=\"_blank\"><img decoding=\"async\" alt=\"\" width=\"300\" height=\"225\" loading=\"lazy\" src=\"https:\/\/www.cykloromantika.cz\/wp-content\/uploads\/2022\/06\/foto-2022-0522-27-300x225.jpg\" srcset=\"https:\/\/www.cykloromantika.cz\/wp-content\/uploads\/2022\/06\/foto-2022-0522-27-300x225.jpg 300w,https:\/\/www.cykloromantika.cz\/wp-content\/uploads\/2022\/06\/foto-2022-0522-27.jpg 1024w\" sizes=\"auto, 250px\"\/><\/a><div class=\"sgb-item-caption\"><em>Opravdu NFC Lichnov<\/em><\/div><\/div><div class=\"sgb-item\"><a href=\"https:\/\/www.cykloromantika.cz\/foto-2022-0522-28\/\" target=\"_blank\"><img decoding=\"async\" alt=\"\" width=\"300\" height=\"225\" loading=\"lazy\" src=\"https:\/\/www.cykloromantika.cz\/wp-content\/uploads\/2022\/06\/foto-2022-0522-28-300x225.jpg\" srcset=\"https:\/\/www.cykloromantika.cz\/wp-content\/uploads\/2022\/06\/foto-2022-0522-28-300x225.jpg 300w,https:\/\/www.cykloromantika.cz\/wp-content\/uploads\/2022\/06\/foto-2022-0522-28.jpg 1024w\" sizes=\"auto, 250px\"\/><\/a><div class=\"sgb-item-caption\"><em>Z\u016fstali jsme u bufetu sami! (Zase)<\/em><\/div><\/div><div class=\"sgb-item\"><a href=\"https:\/\/www.cykloromantika.cz\/foto-2022-0522-29\/\" target=\"_blank\"><img decoding=\"async\" alt=\"\" width=\"300\" height=\"225\" loading=\"lazy\" src=\"https:\/\/www.cykloromantika.cz\/wp-content\/uploads\/2022\/06\/foto-2022-0522-29-300x225.jpg\" srcset=\"https:\/\/www.cykloromantika.cz\/wp-content\/uploads\/2022\/06\/foto-2022-0522-29-300x225.jpg 300w,https:\/\/www.cykloromantika.cz\/wp-content\/uploads\/2022\/06\/foto-2022-0522-29.jpg 1024w\" sizes=\"auto, 250px\"\/><\/a><div class=\"sgb-item-caption\"><em>P\u0159esun do dal\u0161\u00edho ob\u010derstven\u00ed. Trochu j\u00eddla by bodlo!<\/em><\/div><\/div><div class=\"sgb-item\"><a href=\"https:\/\/www.cykloromantika.cz\/foto-2022-0522-30\/\" target=\"_blank\"><img decoding=\"async\" alt=\"\" width=\"225\" height=\"300\" loading=\"lazy\" src=\"https:\/\/www.cykloromantika.cz\/wp-content\/uploads\/2022\/06\/foto-2022-0522-30-225x300.jpg\" srcset=\"https:\/\/www.cykloromantika.cz\/wp-content\/uploads\/2022\/06\/foto-2022-0522-30-225x300.jpg 225w,https:\/\/www.cykloromantika.cz\/wp-content\/uploads\/2022\/06\/foto-2022-0522-30.jpg 768w\" sizes=\"auto, 250px\"\/><\/a><div class=\"sgb-item-caption\"><em>Kostel sv. Petra a Pavla v Lichnov\u011b<\/em><\/div><\/div><div class=\"sgb-item\"><a href=\"https:\/\/www.cykloromantika.cz\/foto-2022-0522-31\/\" target=\"_blank\"><img decoding=\"async\" alt=\"\" width=\"300\" height=\"225\" loading=\"lazy\" src=\"https:\/\/www.cykloromantika.cz\/wp-content\/uploads\/2022\/06\/foto-2022-0522-31-300x225.jpg\" srcset=\"https:\/\/www.cykloromantika.cz\/wp-content\/uploads\/2022\/06\/foto-2022-0522-31-300x225.jpg 300w,https:\/\/www.cykloromantika.cz\/wp-content\/uploads\/2022\/06\/foto-2022-0522-31.jpg 1024w\" sizes=\"auto, 250px\"\/><\/a><div class=\"sgb-item-caption\"><em>To jsme r\u00e1di, \u017ee jsme vlak z Fren\u0161t\u00e1tu stihli!<\/em><\/div><\/div><div class=\"sgb-item\"><a href=\"https:\/\/www.cykloromantika.cz\/foto-2022-0522-32\/\" target=\"_blank\"><img decoding=\"async\" alt=\"\" width=\"225\" height=\"300\" loading=\"lazy\" src=\"https:\/\/www.cykloromantika.cz\/wp-content\/uploads\/2022\/06\/foto-2022-0522-32-225x300.jpg\" srcset=\"https:\/\/www.cykloromantika.cz\/wp-content\/uploads\/2022\/06\/foto-2022-0522-32-225x300.jpg 225w,https:\/\/www.cykloromantika.cz\/wp-content\/uploads\/2022\/06\/foto-2022-0522-32.jpg 768w\" sizes=\"auto, 250px\"\/><\/a><div class=\"sgb-item-caption\"><em>Radost nechala cloumat na\u0161imi majest\u00e1ty!<\/em><\/div><\/div><div class=\"sgb-item\"><a href=\"https:\/\/www.cykloromantika.cz\/foto-2022-0522-33\/\" target=\"_blank\"><img decoding=\"async\" alt=\"\" width=\"225\" height=\"300\" loading=\"lazy\" src=\"https:\/\/www.cykloromantika.cz\/wp-content\/uploads\/2022\/06\/foto-2022-0522-33-225x300.jpg\" srcset=\"https:\/\/www.cykloromantika.cz\/wp-content\/uploads\/2022\/06\/foto-2022-0522-33-225x300.jpg 225w,https:\/\/www.cykloromantika.cz\/wp-content\/uploads\/2022\/06\/foto-2022-0522-33.jpg 768w\" sizes=\"auto, 250px\"\/><\/a><div class=\"sgb-item-caption\"><em>Trochu t\u011blesn\u00e9 v\u00fdchovy...<\/em><\/div><\/div><div class=\"sgb-item\"><a href=\"https:\/\/www.cykloromantika.cz\/foto-2022-0522-34\/\" target=\"_blank\"><img decoding=\"async\" alt=\"\" width=\"225\" height=\"300\" loading=\"lazy\" src=\"https:\/\/www.cykloromantika.cz\/wp-content\/uploads\/2022\/06\/foto-2022-0522-34-225x300.jpg\" srcset=\"https:\/\/www.cykloromantika.cz\/wp-content\/uploads\/2022\/06\/foto-2022-0522-34-225x300.jpg 225w,https:\/\/www.cykloromantika.cz\/wp-content\/uploads\/2022\/06\/foto-2022-0522-34.jpg 768w\" sizes=\"auto, 250px\"\/><\/a><div class=\"sgb-item-caption\"><em>Nov\u00e1 slu\u017eba \u010cD \u2013 vr\u00e1tn\u00fd na WC. Dokonce dva!<\/em><\/div><\/div><div class=\"sgb-item\"><a href=\"https:\/\/www.cykloromantika.cz\/foto-2022-0522-35\/\" target=\"_blank\"><img decoding=\"async\" alt=\"\" width=\"225\" height=\"300\" loading=\"lazy\" src=\"https:\/\/www.cykloromantika.cz\/wp-content\/uploads\/2022\/06\/foto-2022-0522-35-225x300.jpg\" srcset=\"https:\/\/www.cykloromantika.cz\/wp-content\/uploads\/2022\/06\/foto-2022-0522-35-225x300.jpg 225w,https:\/\/www.cykloromantika.cz\/wp-content\/uploads\/2022\/06\/foto-2022-0522-35.jpg 768w\" sizes=\"auto, 250px\"\/><\/a><div class=\"sgb-item-caption\"><em>Vr\u00e1tn\u00ed jsou ale st\u00e1le v z\u00e1cviku! \ud83d\ude42<\/em><\/div><\/div><div class=\"sgb-item\"><a href=\"https:\/\/www.cykloromantika.cz\/foto-2022-0522-36\/\" target=\"_blank\"><img decoding=\"async\" alt=\"\" width=\"225\" height=\"300\" loading=\"lazy\" src=\"https:\/\/www.cykloromantika.cz\/wp-content\/uploads\/2022\/06\/foto-2022-0522-36-225x300.jpg\" srcset=\"https:\/\/www.cykloromantika.cz\/wp-content\/uploads\/2022\/06\/foto-2022-0522-36-225x300.jpg 225w,https:\/\/www.cykloromantika.cz\/wp-content\/uploads\/2022\/06\/foto-2022-0522-36.jpg 768w\" sizes=\"auto, 250px\"\/><\/a><div class=\"sgb-item-caption\"><em>Rozost\u0159en\u00e1 momentka rychl\u00e9ho pohybu \ud83d\ude42<\/em><\/div><\/div><div class=\"sgb-item\"><a href=\"https:\/\/www.cykloromantika.cz\/foto-2022-0522-38\/\" target=\"_blank\"><img decoding=\"async\" alt=\"\" width=\"225\" height=\"300\" loading=\"lazy\" src=\"https:\/\/www.cykloromantika.cz\/wp-content\/uploads\/2022\/06\/foto-2022-0522-38-225x300.jpg\" srcset=\"https:\/\/www.cykloromantika.cz\/wp-content\/uploads\/2022\/06\/foto-2022-0522-38-225x300.jpg 225w,https:\/\/www.cykloromantika.cz\/wp-content\/uploads\/2022\/06\/foto-2022-0522-38.jpg 768w\" sizes=\"auto, 250px\"\/><\/a><div class=\"sgb-item-caption\"><em>\u010cD jsou r\u00e1di, \u017ee n\u00e1s maj\u00ed za sebou! \ud83d\ude42<\/em><\/div><\/div><\/div><\/noscript><\/div><script type=\"application\/json\" class=\"sgb-data\">{\"lastRowFill\":true,\"collectionThumbRecomendedHeight\":300,\"collectionThumbMiniScreenScale\":true,\"captionHAlign\":\"bottom\",\"collectionthumbHoverTitleFontSize\":12,\"collectionthumbRoundedCorners\":8,\"collectionthumbHoverTitleTextBgColor\":\"rgba(0,0,0,0.44)\",\"collectionThumbSubMenuShare\":false,\"galleryType\":\"pgc_sgb_justified\",\"galleryId\":\"97f21684\",\"galleryQuery\":null,\"images\":[{\"id\":6819,\"title\":\"Foto 2022 0521 01\",\"url\":\"https:\/\/www.cykloromantika.cz\/wp-content\/uploads\/2022\/06\/foto-2022-0521-01.jpg\",\"link\":\"https:\/\/www.cykloromantika.cz\/foto-2022-0521-01\/\",\"alt\":\"\",\"description\":\"\",\"caption\":\"Na za\u010d\u00e1tku t\u00fdmov\u00e1 pracovn\u00ed spolupr\u00e1ce\",\"mime\":\"image\/jpeg\",\"type\":\"image\",\"width\":1024,\"height\":768,\"sizes\":{\"thumbnail\":{\"height\":113,\"width\":150,\"url\":\"https:\/\/www.cykloromantika.cz\/wp-content\/uploads\/2022\/06\/foto-2022-0521-01-150x113.jpg\",\"orientation\":\"landscape\"},\"medium\":{\"height\":225,\"width\":300,\"url\":\"https:\/\/www.cykloromantika.cz\/wp-content\/uploads\/2022\/06\/foto-2022-0521-01-300x225.jpg\",\"orientation\":\"landscape\"},\"full\":{\"url\":\"https:\/\/www.cykloromantika.cz\/wp-content\/uploads\/2022\/06\/foto-2022-0521-01.jpg\",\"height\":768,\"width\":1024,\"orientation\":\"landscape\"}},\"meta\":false,\"postlink\":\"https:\/\/www.cykloromantika.cz\/foto-2022-0521-01\/\"},{\"id\":6820,\"title\":\"Foto 2022 0521 02\",\"url\":\"https:\/\/www.cykloromantika.cz\/wp-content\/uploads\/2022\/06\/foto-2022-0521-02.jpg\",\"link\":\"https:\/\/www.cykloromantika.cz\/foto-2022-0521-02\/\",\"alt\":\"\",\"description\":\"\",\"caption\":\"Takov\u00e9ho g\u00f3lmana je radost p\u0159est\u0159elit \u2013 moc m\u00edsta nezabere! :-)\",\"mime\":\"image\/jpeg\",\"type\":\"image\",\"width\":768,\"height\":1024,\"sizes\":{\"thumbnail\":{\"height\":150,\"width\":113,\"url\":\"https:\/\/www.cykloromantika.cz\/wp-content\/uploads\/2022\/06\/foto-2022-0521-02-113x150.jpg\",\"orientation\":\"portrait\"},\"medium\":{\"height\":300,\"width\":225,\"url\":\"https:\/\/www.cykloromantika.cz\/wp-content\/uploads\/2022\/06\/foto-2022-0521-02-225x300.jpg\",\"orientation\":\"portrait\"},\"full\":{\"url\":\"https:\/\/www.cykloromantika.cz\/wp-content\/uploads\/2022\/06\/foto-2022-0521-02.jpg\",\"height\":1024,\"width\":768,\"orientation\":\"portrait\"}},\"meta\":false,\"postlink\":\"https:\/\/www.cykloromantika.cz\/foto-2022-0521-02\/\"},{\"id\":6821,\"title\":\"Foto 2022 0521 03\",\"url\":\"https:\/\/www.cykloromantika.cz\/wp-content\/uploads\/2022\/06\/foto-2022-0521-03.jpg\",\"link\":\"https:\/\/www.cykloromantika.cz\/foto-2022-0521-03\/\",\"alt\":\"\",\"description\":\"\",\"caption\":\"Na zdar na\u0161\u00ed cesty!\",\"mime\":\"image\/jpeg\",\"type\":\"image\",\"width\":1024,\"height\":768,\"sizes\":{\"thumbnail\":{\"height\":113,\"width\":150,\"url\":\"https:\/\/www.cykloromantika.cz\/wp-content\/uploads\/2022\/06\/foto-2022-0521-03-150x113.jpg\",\"orientation\":\"landscape\"},\"medium\":{\"height\":225,\"width\":300,\"url\":\"https:\/\/www.cykloromantika.cz\/wp-content\/uploads\/2022\/06\/foto-2022-0521-03-300x225.jpg\",\"orientation\":\"landscape\"},\"full\":{\"url\":\"https:\/\/www.cykloromantika.cz\/wp-content\/uploads\/2022\/06\/foto-2022-0521-03.jpg\",\"height\":768,\"width\":1024,\"orientation\":\"landscape\"}},\"meta\":false,\"postlink\":\"https:\/\/www.cykloromantika.cz\/foto-2022-0521-03\/\"},{\"id\":6822,\"title\":\"Foto 2022 0521 04\",\"url\":\"https:\/\/www.cykloromantika.cz\/wp-content\/uploads\/2022\/06\/foto-2022-0521-04.jpg\",\"link\":\"https:\/\/www.cykloromantika.cz\/foto-2022-0521-04\/\",\"alt\":\"\",\"description\":\"\",\"caption\":\"P\u0159ed samotn\u00fdm v\u00fdjezdem...\",\"mime\":\"image\/jpeg\",\"type\":\"image\",\"width\":1024,\"height\":683,\"sizes\":{\"thumbnail\":{\"height\":100,\"width\":150,\"url\":\"https:\/\/www.cykloromantika.cz\/wp-content\/uploads\/2022\/06\/foto-2022-0521-04-150x100.jpg\",\"orientation\":\"landscape\"},\"medium\":{\"height\":200,\"width\":300,\"url\":\"https:\/\/www.cykloromantika.cz\/wp-content\/uploads\/2022\/06\/foto-2022-0521-04-300x200.jpg\",\"orientation\":\"landscape\"},\"full\":{\"url\":\"https:\/\/www.cykloromantika.cz\/wp-content\/uploads\/2022\/06\/foto-2022-0521-04.jpg\",\"height\":683,\"width\":1024,\"orientation\":\"landscape\"}},\"meta\":false,\"postlink\":\"https:\/\/www.cykloromantika.cz\/foto-2022-0521-04\/\"},{\"id\":6823,\"title\":\"Foto 2022 0521 05\",\"url\":\"https:\/\/www.cykloromantika.cz\/wp-content\/uploads\/2022\/06\/foto-2022-0521-05.jpg\",\"link\":\"https:\/\/www.cykloromantika.cz\/foto-2022-0521-05\/\",\"alt\":\"\",\"description\":\"\",\"caption\":\"\u017dab\u00e1k U \u017dab\u00e1ka ve Skotnici\",\"mime\":\"image\/jpeg\",\"type\":\"image\",\"width\":682,\"height\":1024,\"sizes\":{\"thumbnail\":{\"height\":150,\"width\":100,\"url\":\"https:\/\/www.cykloromantika.cz\/wp-content\/uploads\/2022\/06\/foto-2022-0521-05-100x150.jpg\",\"orientation\":\"portrait\"},\"medium\":{\"height\":300,\"width\":200,\"url\":\"https:\/\/www.cykloromantika.cz\/wp-content\/uploads\/2022\/06\/foto-2022-0521-05-200x300.jpg\",\"orientation\":\"portrait\"},\"full\":{\"url\":\"https:\/\/www.cykloromantika.cz\/wp-content\/uploads\/2022\/06\/foto-2022-0521-05.jpg\",\"height\":1024,\"width\":682,\"orientation\":\"portrait\"}},\"meta\":false,\"postlink\":\"https:\/\/www.cykloromantika.cz\/foto-2022-0521-05\/\"},{\"id\":6824,\"title\":\"Foto 2022 0521 06\",\"url\":\"https:\/\/www.cykloromantika.cz\/wp-content\/uploads\/2022\/06\/foto-2022-0521-06.jpg\",\"link\":\"https:\/\/www.cykloromantika.cz\/foto-2022-0521-06\/\",\"alt\":\"\",\"description\":\"\",\"caption\":\"Ob\u011bdov\u00e1 zast\u00e1vka v kop\u0159ivnick\u00e9m Polivaru\",\"mime\":\"image\/jpeg\",\"type\":\"image\",\"width\":1024,\"height\":768,\"sizes\":{\"thumbnail\":{\"height\":113,\"width\":150,\"url\":\"https:\/\/www.cykloromantika.cz\/wp-content\/uploads\/2022\/06\/foto-2022-0521-06-150x113.jpg\",\"orientation\":\"landscape\"},\"medium\":{\"height\":225,\"width\":300,\"url\":\"https:\/\/www.cykloromantika.cz\/wp-content\/uploads\/2022\/06\/foto-2022-0521-06-300x225.jpg\",\"orientation\":\"landscape\"},\"full\":{\"url\":\"https:\/\/www.cykloromantika.cz\/wp-content\/uploads\/2022\/06\/foto-2022-0521-06.jpg\",\"height\":768,\"width\":1024,\"orientation\":\"landscape\"}},\"meta\":false,\"postlink\":\"https:\/\/www.cykloromantika.cz\/foto-2022-0521-06\/\"},{\"id\":6825,\"title\":\"Foto 2022 0521 07\",\"url\":\"https:\/\/www.cykloromantika.cz\/wp-content\/uploads\/2022\/06\/foto-2022-0521-07.jpg\",\"link\":\"https:\/\/www.cykloromantika.cz\/foto-2022-0521-07\/\",\"alt\":\"\",\"description\":\"\",\"caption\":\"Bobo je n\u00e1\u0161 michelinsk\u00fd ochutn\u00e1va\u010d halu\u0161ek.\",\"mime\":\"image\/jpeg\",\"type\":\"image\",\"width\":1024,\"height\":683,\"sizes\":{\"thumbnail\":{\"height\":100,\"width\":150,\"url\":\"https:\/\/www.cykloromantika.cz\/wp-content\/uploads\/2022\/06\/foto-2022-0521-07-150x100.jpg\",\"orientation\":\"landscape\"},\"medium\":{\"height\":200,\"width\":300,\"url\":\"https:\/\/www.cykloromantika.cz\/wp-content\/uploads\/2022\/06\/foto-2022-0521-07-300x200.jpg\",\"orientation\":\"landscape\"},\"full\":{\"url\":\"https:\/\/www.cykloromantika.cz\/wp-content\/uploads\/2022\/06\/foto-2022-0521-07.jpg\",\"height\":683,\"width\":1024,\"orientation\":\"landscape\"}},\"meta\":false,\"postlink\":\"https:\/\/www.cykloromantika.cz\/foto-2022-0521-07\/\"},{\"id\":6826,\"title\":\"Foto 2022 0521 08\",\"url\":\"https:\/\/www.cykloromantika.cz\/wp-content\/uploads\/2022\/06\/foto-2022-0521-08.jpg\",\"link\":\"https:\/\/www.cykloromantika.cz\/foto-2022-0521-08\/\",\"alt\":\"\",\"description\":\"\",\"caption\":\"Trasa na rozd\u00edl od mapy nevedla \\u0022naplacato\\u0022 (n\u00e1dra\u017e\u00ed \u0160tramberk).\",\"mime\":\"image\/jpeg\",\"type\":\"image\",\"width\":1024,\"height\":768,\"sizes\":{\"thumbnail\":{\"height\":113,\"width\":150,\"url\":\"https:\/\/www.cykloromantika.cz\/wp-content\/uploads\/2022\/06\/foto-2022-0521-08-150x113.jpg\",\"orientation\":\"landscape\"},\"medium\":{\"height\":225,\"width\":300,\"url\":\"https:\/\/www.cykloromantika.cz\/wp-content\/uploads\/2022\/06\/foto-2022-0521-08-300x225.jpg\",\"orientation\":\"landscape\"},\"full\":{\"url\":\"https:\/\/www.cykloromantika.cz\/wp-content\/uploads\/2022\/06\/foto-2022-0521-08.jpg\",\"height\":768,\"width\":1024,\"orientation\":\"landscape\"}},\"meta\":false,\"postlink\":\"https:\/\/www.cykloromantika.cz\/foto-2022-0521-08\/\"},{\"id\":6827,\"title\":\"Foto 2022 0521 09\",\"url\":\"https:\/\/www.cykloromantika.cz\/wp-content\/uploads\/2022\/06\/foto-2022-0521-09.jpg\",\"link\":\"https:\/\/www.cykloromantika.cz\/foto-2022-0521-09\/\",\"alt\":\"\",\"description\":\"\",\"caption\":\"Svatebn\u00ed fotografie s v\u00fdhledem na dne\u0161n\u00ed vrchol\",\"mime\":\"image\/jpeg\",\"type\":\"image\",\"width\":683,\"height\":1024,\"sizes\":{\"thumbnail\":{\"height\":150,\"width\":100,\"url\":\"https:\/\/www.cykloromantika.cz\/wp-content\/uploads\/2022\/06\/foto-2022-0521-09-100x150.jpg\",\"orientation\":\"portrait\"},\"medium\":{\"height\":300,\"width\":200,\"url\":\"https:\/\/www.cykloromantika.cz\/wp-content\/uploads\/2022\/06\/foto-2022-0521-09-200x300.jpg\",\"orientation\":\"portrait\"},\"full\":{\"url\":\"https:\/\/www.cykloromantika.cz\/wp-content\/uploads\/2022\/06\/foto-2022-0521-09.jpg\",\"height\":1024,\"width\":683,\"orientation\":\"portrait\"}},\"meta\":false,\"postlink\":\"https:\/\/www.cykloromantika.cz\/foto-2022-0521-09\/\"},{\"id\":6828,\"title\":\"Foto 2022 0521 10\",\"url\":\"https:\/\/www.cykloromantika.cz\/wp-content\/uploads\/2022\/06\/foto-2022-0521-10.jpg\",\"link\":\"https:\/\/www.cykloromantika.cz\/foto-2022-0521-10\/\",\"alt\":\"\",\"description\":\"\",\"caption\":\"Botanick\u00e1 zahrada v Hosp\u016fdce na \u017dab\u00e1rn\u011b\",\"mime\":\"image\/jpeg\",\"type\":\"image\",\"width\":1024,\"height\":768,\"sizes\":{\"thumbnail\":{\"height\":113,\"width\":150,\"url\":\"https:\/\/www.cykloromantika.cz\/wp-content\/uploads\/2022\/06\/foto-2022-0521-10-150x113.jpg\",\"orientation\":\"landscape\"},\"medium\":{\"height\":225,\"width\":300,\"url\":\"https:\/\/www.cykloromantika.cz\/wp-content\/uploads\/2022\/06\/foto-2022-0521-10-300x225.jpg\",\"orientation\":\"landscape\"},\"full\":{\"url\":\"https:\/\/www.cykloromantika.cz\/wp-content\/uploads\/2022\/06\/foto-2022-0521-10.jpg\",\"height\":768,\"width\":1024,\"orientation\":\"landscape\"}},\"meta\":false,\"postlink\":\"https:\/\/www.cykloromantika.cz\/foto-2022-0521-10\/\"},{\"id\":6829,\"title\":\"Foto 2022 0521 11\",\"url\":\"https:\/\/www.cykloromantika.cz\/wp-content\/uploads\/2022\/06\/foto-2022-0521-11.jpg\",\"link\":\"https:\/\/www.cykloromantika.cz\/foto-2022-0521-11\/\",\"alt\":\"\",\"description\":\"\",\"caption\":\"V\u00fdhledy p\u0159i stoup\u00e1n\u00ed na Velk\u00fd Javorn\u00edk\",\"mime\":\"image\/jpeg\",\"type\":\"image\",\"width\":1024,\"height\":683,\"sizes\":{\"thumbnail\":{\"height\":100,\"width\":150,\"url\":\"https:\/\/www.cykloromantika.cz\/wp-content\/uploads\/2022\/06\/foto-2022-0521-11-150x100.jpg\",\"orientation\":\"landscape\"},\"medium\":{\"height\":200,\"width\":300,\"url\":\"https:\/\/www.cykloromantika.cz\/wp-content\/uploads\/2022\/06\/foto-2022-0521-11-300x200.jpg\",\"orientation\":\"landscape\"},\"full\":{\"url\":\"https:\/\/www.cykloromantika.cz\/wp-content\/uploads\/2022\/06\/foto-2022-0521-11.jpg\",\"height\":683,\"width\":1024,\"orientation\":\"landscape\"}},\"meta\":false,\"postlink\":\"https:\/\/www.cykloromantika.cz\/foto-2022-0521-11\/\"},{\"id\":6830,\"title\":\"Foto 2022 0521 12\",\"url\":\"https:\/\/www.cykloromantika.cz\/wp-content\/uploads\/2022\/06\/foto-2022-0521-12.jpg\",\"link\":\"https:\/\/www.cykloromantika.cz\/foto-2022-0521-12\/\",\"alt\":\"\",\"description\":\"\",\"caption\":\"V\u00fdhledy p\u0159i stoup\u00e1n\u00ed na Velk\u00fd Javorn\u00edk\",\"mime\":\"image\/jpeg\",\"type\":\"image\",\"width\":1024,\"height\":683,\"sizes\":{\"thumbnail\":{\"height\":100,\"width\":150,\"url\":\"https:\/\/www.cykloromantika.cz\/wp-content\/uploads\/2022\/06\/foto-2022-0521-12-150x100.jpg\",\"orientation\":\"landscape\"},\"medium\":{\"height\":200,\"width\":300,\"url\":\"https:\/\/www.cykloromantika.cz\/wp-content\/uploads\/2022\/06\/foto-2022-0521-12-300x200.jpg\",\"orientation\":\"landscape\"},\"full\":{\"url\":\"https:\/\/www.cykloromantika.cz\/wp-content\/uploads\/2022\/06\/foto-2022-0521-12.jpg\",\"height\":683,\"width\":1024,\"orientation\":\"landscape\"}},\"meta\":false,\"postlink\":\"https:\/\/www.cykloromantika.cz\/foto-2022-0521-12\/\"},{\"id\":6831,\"title\":\"Foto 2022 0521 13\",\"url\":\"https:\/\/www.cykloromantika.cz\/wp-content\/uploads\/2022\/06\/foto-2022-0521-13.jpg\",\"link\":\"https:\/\/www.cykloromantika.cz\/foto-2022-0521-13\/\",\"alt\":\"\",\"description\":\"\",\"caption\":\"V\u00fdhledy z Velk\u00e9ho Javorn\u00edku sm\u011brem na Fren\u0161t\u00e1t a Ond\u0159ejn\u00edk\",\"mime\":\"image\/jpeg\",\"type\":\"image\",\"width\":1024,\"height\":683,\"sizes\":{\"thumbnail\":{\"height\":100,\"width\":150,\"url\":\"https:\/\/www.cykloromantika.cz\/wp-content\/uploads\/2022\/06\/foto-2022-0521-13-150x100.jpg\",\"orientation\":\"landscape\"},\"medium\":{\"height\":200,\"width\":300,\"url\":\"https:\/\/www.cykloromantika.cz\/wp-content\/uploads\/2022\/06\/foto-2022-0521-13-300x200.jpg\",\"orientation\":\"landscape\"},\"full\":{\"url\":\"https:\/\/www.cykloromantika.cz\/wp-content\/uploads\/2022\/06\/foto-2022-0521-13.jpg\",\"height\":683,\"width\":1024,\"orientation\":\"landscape\"}},\"meta\":false,\"postlink\":\"https:\/\/www.cykloromantika.cz\/foto-2022-0521-13\/\"},{\"id\":6832,\"title\":\"Foto 2022 0521 14\",\"url\":\"https:\/\/www.cykloromantika.cz\/wp-content\/uploads\/2022\/06\/foto-2022-0521-14.jpg\",\"link\":\"https:\/\/www.cykloromantika.cz\/foto-2022-0521-14\/\",\"alt\":\"\",\"description\":\"\",\"caption\":\"V\u00fdhledy z Velk\u00e9ho Javorn\u00edku sm\u011brem na Palkovick\u00e9 h\u016frky a Hukvaldy\",\"mime\":\"image\/jpeg\",\"type\":\"image\",\"width\":1024,\"height\":683,\"sizes\":{\"thumbnail\":{\"height\":100,\"width\":150,\"url\":\"https:\/\/www.cykloromantika.cz\/wp-content\/uploads\/2022\/06\/foto-2022-0521-14-150x100.jpg\",\"orientation\":\"landscape\"},\"medium\":{\"height\":200,\"width\":300,\"url\":\"https:\/\/www.cykloromantika.cz\/wp-content\/uploads\/2022\/06\/foto-2022-0521-14-300x200.jpg\",\"orientation\":\"landscape\"},\"full\":{\"url\":\"https:\/\/www.cykloromantika.cz\/wp-content\/uploads\/2022\/06\/foto-2022-0521-14.jpg\",\"height\":683,\"width\":1024,\"orientation\":\"landscape\"}},\"meta\":false,\"postlink\":\"https:\/\/www.cykloromantika.cz\/foto-2022-0521-14\/\"},{\"id\":6833,\"title\":\"Foto 2022 0521 15\",\"url\":\"https:\/\/www.cykloromantika.cz\/wp-content\/uploads\/2022\/06\/foto-2022-0521-15.jpg\",\"link\":\"https:\/\/www.cykloromantika.cz\/foto-2022-0521-15\/\",\"alt\":\"\",\"description\":\"\",\"caption\":\"Rozhledna na Velk\u00e9m Javorn\u00edku\",\"mime\":\"image\/jpeg\",\"type\":\"image\",\"width\":768,\"height\":1024,\"sizes\":{\"thumbnail\":{\"height\":150,\"width\":113,\"url\":\"https:\/\/www.cykloromantika.cz\/wp-content\/uploads\/2022\/06\/foto-2022-0521-15-113x150.jpg\",\"orientation\":\"portrait\"},\"medium\":{\"height\":300,\"width\":225,\"url\":\"https:\/\/www.cykloromantika.cz\/wp-content\/uploads\/2022\/06\/foto-2022-0521-15-225x300.jpg\",\"orientation\":\"portrait\"},\"full\":{\"url\":\"https:\/\/www.cykloromantika.cz\/wp-content\/uploads\/2022\/06\/foto-2022-0521-15.jpg\",\"height\":1024,\"width\":768,\"orientation\":\"portrait\"}},\"meta\":false,\"postlink\":\"https:\/\/www.cykloromantika.cz\/foto-2022-0521-15\/\"},{\"id\":6834,\"title\":\"Foto 2022 0521 16\",\"url\":\"https:\/\/www.cykloromantika.cz\/wp-content\/uploads\/2022\/06\/foto-2022-0521-16.jpg\",\"link\":\"https:\/\/www.cykloromantika.cz\/foto-2022-0521-16\/\",\"alt\":\"\",\"description\":\"\",\"caption\":\"Velk\u00fd Javorn\u00edk \u2013 chata zav\u0159en\u00e1, ale ob\u010derstven\u00ed jsme nakonec dostali.\",\"mime\":\"image\/jpeg\",\"type\":\"image\",\"width\":1024,\"height\":768,\"sizes\":{\"thumbnail\":{\"height\":113,\"width\":150,\"url\":\"https:\/\/www.cykloromantika.cz\/wp-content\/uploads\/2022\/06\/foto-2022-0521-16-150x113.jpg\",\"orientation\":\"landscape\"},\"medium\":{\"height\":225,\"width\":300,\"url\":\"https:\/\/www.cykloromantika.cz\/wp-content\/uploads\/2022\/06\/foto-2022-0521-16-300x225.jpg\",\"orientation\":\"landscape\"},\"full\":{\"url\":\"https:\/\/www.cykloromantika.cz\/wp-content\/uploads\/2022\/06\/foto-2022-0521-16.jpg\",\"height\":768,\"width\":1024,\"orientation\":\"landscape\"}},\"meta\":false,\"postlink\":\"https:\/\/www.cykloromantika.cz\/foto-2022-0521-16\/\"},{\"id\":6835,\"title\":\"Foto 2022 0521 17\",\"url\":\"https:\/\/www.cykloromantika.cz\/wp-content\/uploads\/2022\/06\/foto-2022-0521-17.jpg\",\"link\":\"https:\/\/www.cykloromantika.cz\/foto-2022-0521-17\/\",\"alt\":\"\",\"description\":\"\",\"caption\":\"V\u00fdhledy z Velk\u00e9ho Javorn\u00edku sm\u011brem na Fren\u0161t\u00e1t\",\"mime\":\"image\/jpeg\",\"type\":\"image\",\"width\":1024,\"height\":576,\"sizes\":{\"thumbnail\":{\"height\":84,\"width\":150,\"url\":\"https:\/\/www.cykloromantika.cz\/wp-content\/uploads\/2022\/06\/foto-2022-0521-17-150x84.jpg\",\"orientation\":\"landscape\"},\"medium\":{\"height\":169,\"width\":300,\"url\":\"https:\/\/www.cykloromantika.cz\/wp-content\/uploads\/2022\/06\/foto-2022-0521-17-300x169.jpg\",\"orientation\":\"landscape\"},\"full\":{\"url\":\"https:\/\/www.cykloromantika.cz\/wp-content\/uploads\/2022\/06\/foto-2022-0521-17.jpg\",\"height\":576,\"width\":1024,\"orientation\":\"landscape\"}},\"meta\":false,\"postlink\":\"https:\/\/www.cykloromantika.cz\/foto-2022-0521-17\/\"},{\"id\":6836,\"title\":\"Foto 2022 0521 18\",\"url\":\"https:\/\/www.cykloromantika.cz\/wp-content\/uploads\/2022\/06\/foto-2022-0521-18.jpg\",\"link\":\"https:\/\/www.cykloromantika.cz\/foto-2022-0521-18\/\",\"alt\":\"\",\"description\":\"\",\"caption\":\"Jdeme se pod\u00edvat na krajinu z v\u00fd\u0161ky.\",\"mime\":\"image\/jpeg\",\"type\":\"image\",\"width\":768,\"height\":1024,\"sizes\":{\"thumbnail\":{\"height\":150,\"width\":113,\"url\":\"https:\/\/www.cykloromantika.cz\/wp-content\/uploads\/2022\/06\/foto-2022-0521-18-113x150.jpg\",\"orientation\":\"portrait\"},\"medium\":{\"height\":300,\"width\":225,\"url\":\"https:\/\/www.cykloromantika.cz\/wp-content\/uploads\/2022\/06\/foto-2022-0521-18-225x300.jpg\",\"orientation\":\"portrait\"},\"full\":{\"url\":\"https:\/\/www.cykloromantika.cz\/wp-content\/uploads\/2022\/06\/foto-2022-0521-18.jpg\",\"height\":1024,\"width\":768,\"orientation\":\"portrait\"}},\"meta\":false,\"postlink\":\"https:\/\/www.cykloromantika.cz\/foto-2022-0521-18\/\"},{\"id\":6837,\"title\":\"Foto 2022 0521 19\",\"url\":\"https:\/\/www.cykloromantika.cz\/wp-content\/uploads\/2022\/06\/foto-2022-0521-19.jpg\",\"link\":\"https:\/\/www.cykloromantika.cz\/foto-2022-0521-19\/\",\"alt\":\"\",\"description\":\"\",\"caption\":\"Z rozhledny m\u016f\u017eeme vid\u011bt vrchol Kotou\u010d s lomem na kaolin.\",\"mime\":\"image\/jpeg\",\"type\":\"image\",\"width\":1024,\"height\":683,\"sizes\":{\"thumbnail\":{\"height\":100,\"width\":150,\"url\":\"https:\/\/www.cykloromantika.cz\/wp-content\/uploads\/2022\/06\/foto-2022-0521-19-150x100.jpg\",\"orientation\":\"landscape\"},\"medium\":{\"height\":200,\"width\":300,\"url\":\"https:\/\/www.cykloromantika.cz\/wp-content\/uploads\/2022\/06\/foto-2022-0521-19-300x200.jpg\",\"orientation\":\"landscape\"},\"full\":{\"url\":\"https:\/\/www.cykloromantika.cz\/wp-content\/uploads\/2022\/06\/foto-2022-0521-19.jpg\",\"height\":683,\"width\":1024,\"orientation\":\"landscape\"}},\"meta\":false,\"postlink\":\"https:\/\/www.cykloromantika.cz\/foto-2022-0521-19\/\"},{\"id\":6838,\"title\":\"Foto 2022 0521 20\",\"url\":\"https:\/\/www.cykloromantika.cz\/wp-content\/uploads\/2022\/06\/foto-2022-0521-20.jpg\",\"link\":\"https:\/\/www.cykloromantika.cz\/foto-2022-0521-20\/\",\"alt\":\"V\u00fdhled na beskydsk\u00e9 vrcholy Lysou horu, Smrk a Kn\u011bhyni\",\"description\":\"\",\"caption\":\"\",\"mime\":\"image\/jpeg\",\"type\":\"image\",\"width\":1024,\"height\":768,\"sizes\":{\"thumbnail\":{\"height\":113,\"width\":150,\"url\":\"https:\/\/www.cykloromantika.cz\/wp-content\/uploads\/2022\/06\/foto-2022-0521-20-150x113.jpg\",\"orientation\":\"landscape\"},\"medium\":{\"height\":225,\"width\":300,\"url\":\"https:\/\/www.cykloromantika.cz\/wp-content\/uploads\/2022\/06\/foto-2022-0521-20-300x225.jpg\",\"orientation\":\"landscape\"},\"full\":{\"url\":\"https:\/\/www.cykloromantika.cz\/wp-content\/uploads\/2022\/06\/foto-2022-0521-20.jpg\",\"height\":768,\"width\":1024,\"orientation\":\"landscape\"}},\"meta\":false,\"postlink\":\"https:\/\/www.cykloromantika.cz\/foto-2022-0521-20\/\"},{\"id\":6839,\"title\":\"Foto 2022 0521 22\",\"url\":\"https:\/\/www.cykloromantika.cz\/wp-content\/uploads\/2022\/06\/foto-2022-0521-22.jpg\",\"link\":\"https:\/\/www.cykloromantika.cz\/foto-2022-0521-22\/\",\"alt\":\"\",\"description\":\"\",\"caption\":\"P\u0159\u00edprava na fote\u010dku s pocestnou\",\"mime\":\"image\/jpeg\",\"type\":\"image\",\"width\":1024,\"height\":768,\"sizes\":{\"thumbnail\":{\"height\":113,\"width\":150,\"url\":\"https:\/\/www.cykloromantika.cz\/wp-content\/uploads\/2022\/06\/foto-2022-0521-22-150x113.jpg\",\"orientation\":\"landscape\"},\"medium\":{\"height\":225,\"width\":300,\"url\":\"https:\/\/www.cykloromantika.cz\/wp-content\/uploads\/2022\/06\/foto-2022-0521-22-300x225.jpg\",\"orientation\":\"landscape\"},\"full\":{\"url\":\"https:\/\/www.cykloromantika.cz\/wp-content\/uploads\/2022\/06\/foto-2022-0521-22.jpg\",\"height\":768,\"width\":1024,\"orientation\":\"landscape\"}},\"meta\":false,\"postlink\":\"https:\/\/www.cykloromantika.cz\/foto-2022-0521-22\/\"},{\"id\":6840,\"title\":\"Foto 2022 0521 23\",\"url\":\"https:\/\/www.cykloromantika.cz\/wp-content\/uploads\/2022\/06\/foto-2022-0521-23.jpg\",\"link\":\"https:\/\/www.cykloromantika.cz\/foto-2022-0521-23\/\",\"alt\":\"\",\"description\":\"\",\"caption\":\"Vybr\u00e1na ta nejlep\u0161\u00ed!\",\"mime\":\"image\/jpeg\",\"type\":\"image\",\"width\":1024,\"height\":768,\"sizes\":{\"thumbnail\":{\"height\":113,\"width\":150,\"url\":\"https:\/\/www.cykloromantika.cz\/wp-content\/uploads\/2022\/06\/foto-2022-0521-23-150x113.jpg\",\"orientation\":\"landscape\"},\"medium\":{\"height\":225,\"width\":300,\"url\":\"https:\/\/www.cykloromantika.cz\/wp-content\/uploads\/2022\/06\/foto-2022-0521-23-300x225.jpg\",\"orientation\":\"landscape\"},\"full\":{\"url\":\"https:\/\/www.cykloromantika.cz\/wp-content\/uploads\/2022\/06\/foto-2022-0521-23.jpg\",\"height\":768,\"width\":1024,\"orientation\":\"landscape\"}},\"meta\":false,\"postlink\":\"https:\/\/www.cykloromantika.cz\/foto-2022-0521-23\/\"},{\"id\":6841,\"title\":\"Foto 2022 0521 24\",\"url\":\"https:\/\/www.cykloromantika.cz\/wp-content\/uploads\/2022\/06\/foto-2022-0521-24.jpg\",\"link\":\"https:\/\/www.cykloromantika.cz\/foto-2022-0521-24\/\",\"alt\":\"\",\"description\":\"\",\"caption\":\"Kapli\u010dka v Trojanovic\u00edch\",\"mime\":\"image\/jpeg\",\"type\":\"image\",\"width\":768,\"height\":1024,\"sizes\":{\"thumbnail\":{\"height\":150,\"width\":113,\"url\":\"https:\/\/www.cykloromantika.cz\/wp-content\/uploads\/2022\/06\/foto-2022-0521-24-113x150.jpg\",\"orientation\":\"portrait\"},\"medium\":{\"height\":300,\"width\":225,\"url\":\"https:\/\/www.cykloromantika.cz\/wp-content\/uploads\/2022\/06\/foto-2022-0521-24-225x300.jpg\",\"orientation\":\"portrait\"},\"full\":{\"url\":\"https:\/\/www.cykloromantika.cz\/wp-content\/uploads\/2022\/06\/foto-2022-0521-24.jpg\",\"height\":1024,\"width\":768,\"orientation\":\"portrait\"}},\"meta\":false,\"postlink\":\"https:\/\/www.cykloromantika.cz\/foto-2022-0521-24\/\"},{\"id\":6842,\"title\":\"Foto 2022 0521 25\",\"url\":\"https:\/\/www.cykloromantika.cz\/wp-content\/uploads\/2022\/06\/foto-2022-0521-25.jpg\",\"link\":\"https:\/\/www.cykloromantika.cz\/foto-2022-0521-25\/\",\"alt\":\"\",\"description\":\"\",\"caption\":\"Kapli\u010dka v Trojanovic\u00edch z jin\u00e9ho (lep\u0161\u00edho) \u00fahlu\",\"mime\":\"image\/jpeg\",\"type\":\"image\",\"width\":768,\"height\":1024,\"sizes\":{\"thumbnail\":{\"height\":150,\"width\":113,\"url\":\"https:\/\/www.cykloromantika.cz\/wp-content\/uploads\/2022\/06\/foto-2022-0521-25-113x150.jpg\",\"orientation\":\"portrait\"},\"medium\":{\"height\":300,\"width\":225,\"url\":\"https:\/\/www.cykloromantika.cz\/wp-content\/uploads\/2022\/06\/foto-2022-0521-25-225x300.jpg\",\"orientation\":\"portrait\"},\"full\":{\"url\":\"https:\/\/www.cykloromantika.cz\/wp-content\/uploads\/2022\/06\/foto-2022-0521-25.jpg\",\"height\":1024,\"width\":768,\"orientation\":\"portrait\"}},\"meta\":false,\"postlink\":\"https:\/\/www.cykloromantika.cz\/foto-2022-0521-25\/\"},{\"id\":6843,\"title\":\"Foto 2022 0521 26\",\"url\":\"https:\/\/www.cykloromantika.cz\/wp-content\/uploads\/2022\/06\/foto-2022-0521-26.jpg\",\"link\":\"https:\/\/www.cykloromantika.cz\/foto-2022-0521-26\/\",\"alt\":\"\",\"description\":\"\",\"caption\":\"Zahajujeme zased\u00e1n\u00ed v hotelu u Koci\u00e1na.\",\"mime\":\"image\/jpeg\",\"type\":\"image\",\"width\":1024,\"height\":768,\"sizes\":{\"thumbnail\":{\"height\":113,\"width\":150,\"url\":\"https:\/\/www.cykloromantika.cz\/wp-content\/uploads\/2022\/06\/foto-2022-0521-26-150x113.jpg\",\"orientation\":\"landscape\"},\"medium\":{\"height\":225,\"width\":300,\"url\":\"https:\/\/www.cykloromantika.cz\/wp-content\/uploads\/2022\/06\/foto-2022-0521-26-300x225.jpg\",\"orientation\":\"landscape\"},\"full\":{\"url\":\"https:\/\/www.cykloromantika.cz\/wp-content\/uploads\/2022\/06\/foto-2022-0521-26.jpg\",\"height\":768,\"width\":1024,\"orientation\":\"landscape\"}},\"meta\":false,\"postlink\":\"https:\/\/www.cykloromantika.cz\/foto-2022-0521-26\/\"},{\"id\":6844,\"title\":\"Foto 2022 0521 27\",\"url\":\"https:\/\/www.cykloromantika.cz\/wp-content\/uploads\/2022\/06\/foto-2022-0521-27.jpg\",\"link\":\"https:\/\/www.cykloromantika.cz\/foto-2022-0521-27\/\",\"alt\":\"\",\"description\":\"\",\"caption\":\"Bob\u016fv michelinsk\u00fd pr\u016fvodce se zel\u00edm \",\"mime\":\"image\/jpeg\",\"type\":\"image\",\"width\":1024,\"height\":683,\"sizes\":{\"thumbnail\":{\"height\":100,\"width\":150,\"url\":\"https:\/\/www.cykloromantika.cz\/wp-content\/uploads\/2022\/06\/foto-2022-0521-27-150x100.jpg\",\"orientation\":\"landscape\"},\"medium\":{\"height\":200,\"width\":300,\"url\":\"https:\/\/www.cykloromantika.cz\/wp-content\/uploads\/2022\/06\/foto-2022-0521-27-300x200.jpg\",\"orientation\":\"landscape\"},\"full\":{\"url\":\"https:\/\/www.cykloromantika.cz\/wp-content\/uploads\/2022\/06\/foto-2022-0521-27.jpg\",\"height\":683,\"width\":1024,\"orientation\":\"landscape\"}},\"meta\":false,\"postlink\":\"https:\/\/www.cykloromantika.cz\/foto-2022-0521-27\/\"},{\"id\":6845,\"title\":\"Foto 2022 0521 28\",\"url\":\"https:\/\/www.cykloromantika.cz\/wp-content\/uploads\/2022\/06\/foto-2022-0521-28.jpg\",\"link\":\"https:\/\/www.cykloromantika.cz\/foto-2022-0521-28\/\",\"alt\":\"\",\"description\":\"\",\"caption\":\"Fand\u00edme na\u0161im, ne Brekkekovi!\",\"mime\":\"image\/jpeg\",\"type\":\"image\",\"width\":1024,\"height\":683,\"sizes\":{\"thumbnail\":{\"height\":100,\"width\":150,\"url\":\"https:\/\/www.cykloromantika.cz\/wp-content\/uploads\/2022\/06\/foto-2022-0521-28-150x100.jpg\",\"orientation\":\"landscape\"},\"medium\":{\"height\":200,\"width\":300,\"url\":\"https:\/\/www.cykloromantika.cz\/wp-content\/uploads\/2022\/06\/foto-2022-0521-28-300x200.jpg\",\"orientation\":\"landscape\"},\"full\":{\"url\":\"https:\/\/www.cykloromantika.cz\/wp-content\/uploads\/2022\/06\/foto-2022-0521-28.jpg\",\"height\":683,\"width\":1024,\"orientation\":\"landscape\"}},\"meta\":false,\"postlink\":\"https:\/\/www.cykloromantika.cz\/foto-2022-0521-28\/\"},{\"id\":6846,\"title\":\"Foto 2022 0521 29\",\"url\":\"https:\/\/www.cykloromantika.cz\/wp-content\/uploads\/2022\/06\/foto-2022-0521-29.jpg\",\"link\":\"https:\/\/www.cykloromantika.cz\/foto-2022-0521-29\/\",\"alt\":\"\",\"description\":\"\",\"caption\":\"Du\u0161\u00edk se sna\u017e\u00ed fu\u0161ovat do \u0159emesla mask\u00e9r\u016fm!\",\"mime\":\"image\/jpeg\",\"type\":\"image\",\"width\":768,\"height\":1024,\"sizes\":{\"thumbnail\":{\"height\":150,\"width\":113,\"url\":\"https:\/\/www.cykloromantika.cz\/wp-content\/uploads\/2022\/06\/foto-2022-0521-29-113x150.jpg\",\"orientation\":\"portrait\"},\"medium\":{\"height\":300,\"width\":225,\"url\":\"https:\/\/www.cykloromantika.cz\/wp-content\/uploads\/2022\/06\/foto-2022-0521-29-225x300.jpg\",\"orientation\":\"portrait\"},\"full\":{\"url\":\"https:\/\/www.cykloromantika.cz\/wp-content\/uploads\/2022\/06\/foto-2022-0521-29.jpg\",\"height\":1024,\"width\":768,\"orientation\":\"portrait\"}},\"meta\":false,\"postlink\":\"https:\/\/www.cykloromantika.cz\/foto-2022-0521-29\/\"},{\"id\":6847,\"title\":\"Foto 2022 0521 30\",\"url\":\"https:\/\/www.cykloromantika.cz\/wp-content\/uploads\/2022\/06\/foto-2022-0521-30.jpg\",\"link\":\"https:\/\/www.cykloromantika.cz\/foto-2022-0521-30\/\",\"alt\":\"\",\"description\":\"\",\"caption\":\"Ka\u017ed\u00fd hned pozn\u00e1, \u017ee je d\u017eem fale\u0161n\u00fd!\",\"mime\":\"image\/jpeg\",\"type\":\"image\",\"width\":768,\"height\":1024,\"sizes\":{\"thumbnail\":{\"height\":150,\"width\":113,\"url\":\"https:\/\/www.cykloromantika.cz\/wp-content\/uploads\/2022\/06\/foto-2022-0521-30-113x150.jpg\",\"orientation\":\"portrait\"},\"medium\":{\"height\":300,\"width\":225,\"url\":\"https:\/\/www.cykloromantika.cz\/wp-content\/uploads\/2022\/06\/foto-2022-0521-30-225x300.jpg\",\"orientation\":\"portrait\"},\"full\":{\"url\":\"https:\/\/www.cykloromantika.cz\/wp-content\/uploads\/2022\/06\/foto-2022-0521-30.jpg\",\"height\":1024,\"width\":768,\"orientation\":\"portrait\"}},\"meta\":false,\"postlink\":\"https:\/\/www.cykloromantika.cz\/foto-2022-0521-30\/\"},{\"id\":6848,\"title\":\"Foto 2022 0521 31\",\"url\":\"https:\/\/www.cykloromantika.cz\/wp-content\/uploads\/2022\/06\/foto-2022-0521-31.jpg\",\"link\":\"https:\/\/www.cykloromantika.cz\/foto-2022-0521-31\/\",\"alt\":\"\",\"description\":\"\",\"caption\":\"Pod\u011bkov\u00e1n\u00ed Du\u0161\u00edkovi za zaji\u0161t\u011bn\u00ed noclehu.\",\"mime\":\"image\/jpeg\",\"type\":\"image\",\"width\":768,\"height\":1024,\"sizes\":{\"thumbnail\":{\"height\":150,\"width\":113,\"url\":\"https:\/\/www.cykloromantika.cz\/wp-content\/uploads\/2022\/06\/foto-2022-0521-31-113x150.jpg\",\"orientation\":\"portrait\"},\"medium\":{\"height\":300,\"width\":225,\"url\":\"https:\/\/www.cykloromantika.cz\/wp-content\/uploads\/2022\/06\/foto-2022-0521-31-225x300.jpg\",\"orientation\":\"portrait\"},\"full\":{\"url\":\"https:\/\/www.cykloromantika.cz\/wp-content\/uploads\/2022\/06\/foto-2022-0521-31.jpg\",\"height\":1024,\"width\":768,\"orientation\":\"portrait\"}},\"meta\":false,\"postlink\":\"https:\/\/www.cykloromantika.cz\/foto-2022-0521-31\/\"},{\"id\":6849,\"title\":\"Foto 2022 0521 32\",\"url\":\"https:\/\/www.cykloromantika.cz\/wp-content\/uploads\/2022\/06\/foto-2022-0521-32.jpg\",\"link\":\"https:\/\/www.cykloromantika.cz\/foto-2022-0521-32\/\",\"alt\":\"\",\"description\":\"\",\"caption\":\"Te\u010f u\u017e ve v\u00e1\u017en\u00e9 n\u00e1lad\u011b!\",\"mime\":\"image\/jpeg\",\"type\":\"image\",\"width\":1024,\"height\":768,\"sizes\":{\"thumbnail\":{\"height\":113,\"width\":150,\"url\":\"https:\/\/www.cykloromantika.cz\/wp-content\/uploads\/2022\/06\/foto-2022-0521-32-150x113.jpg\",\"orientation\":\"landscape\"},\"medium\":{\"height\":225,\"width\":300,\"url\":\"https:\/\/www.cykloromantika.cz\/wp-content\/uploads\/2022\/06\/foto-2022-0521-32-300x225.jpg\",\"orientation\":\"landscape\"},\"full\":{\"url\":\"https:\/\/www.cykloromantika.cz\/wp-content\/uploads\/2022\/06\/foto-2022-0521-32.jpg\",\"height\":768,\"width\":1024,\"orientation\":\"landscape\"}},\"meta\":false,\"postlink\":\"https:\/\/www.cykloromantika.cz\/foto-2022-0521-32\/\"},{\"id\":6850,\"title\":\"Foto 2022 0522 01\",\"url\":\"https:\/\/www.cykloromantika.cz\/wp-content\/uploads\/2022\/06\/foto-2022-0522-01.jpg\",\"link\":\"https:\/\/www.cykloromantika.cz\/foto-2022-0522-01\/\",\"alt\":\"\",\"description\":\"\",\"caption\":\"Rann\u00ed sn\u00eddan\u011b \u2013 dom\u00e1c\u00ed vejce na slanin\u011b\",\"mime\":\"image\/jpeg\",\"type\":\"image\",\"width\":1024,\"height\":768,\"sizes\":{\"thumbnail\":{\"height\":113,\"width\":150,\"url\":\"https:\/\/www.cykloromantika.cz\/wp-content\/uploads\/2022\/06\/foto-2022-0522-01-150x113.jpg\",\"orientation\":\"landscape\"},\"medium\":{\"height\":225,\"width\":300,\"url\":\"https:\/\/www.cykloromantika.cz\/wp-content\/uploads\/2022\/06\/foto-2022-0522-01-300x225.jpg\",\"orientation\":\"landscape\"},\"full\":{\"url\":\"https:\/\/www.cykloromantika.cz\/wp-content\/uploads\/2022\/06\/foto-2022-0522-01.jpg\",\"height\":768,\"width\":1024,\"orientation\":\"landscape\"}},\"meta\":false,\"postlink\":\"https:\/\/www.cykloromantika.cz\/foto-2022-0522-01\/\"},{\"id\":6851,\"title\":\"Foto 2022 0522 02\",\"url\":\"https:\/\/www.cykloromantika.cz\/wp-content\/uploads\/2022\/06\/foto-2022-0522-02.jpg\",\"link\":\"https:\/\/www.cykloromantika.cz\/foto-2022-0522-02\/\",\"alt\":\"\",\"description\":\"\",\"caption\":\"Vyma\u017eeme p\u00e1nev do sucha!\",\"mime\":\"image\/jpeg\",\"type\":\"image\",\"width\":1024,\"height\":768,\"sizes\":{\"thumbnail\":{\"height\":113,\"width\":150,\"url\":\"https:\/\/www.cykloromantika.cz\/wp-content\/uploads\/2022\/06\/foto-2022-0522-02-150x113.jpg\",\"orientation\":\"landscape\"},\"medium\":{\"height\":225,\"width\":300,\"url\":\"https:\/\/www.cykloromantika.cz\/wp-content\/uploads\/2022\/06\/foto-2022-0522-02-300x225.jpg\",\"orientation\":\"landscape\"},\"full\":{\"url\":\"https:\/\/www.cykloromantika.cz\/wp-content\/uploads\/2022\/06\/foto-2022-0522-02.jpg\",\"height\":768,\"width\":1024,\"orientation\":\"landscape\"}},\"meta\":false,\"postlink\":\"https:\/\/www.cykloromantika.cz\/foto-2022-0522-02\/\"},{\"id\":6852,\"title\":\"Foto 2022 0522 03\",\"url\":\"https:\/\/www.cykloromantika.cz\/wp-content\/uploads\/2022\/06\/foto-2022-0522-03.jpg\",\"link\":\"https:\/\/www.cykloromantika.cz\/foto-2022-0522-03\/\",\"alt\":\"\",\"description\":\"\",\"caption\":\"Rozbor dne\u0161n\u00ed etapy?!\",\"mime\":\"image\/jpeg\",\"type\":\"image\",\"width\":1024,\"height\":768,\"sizes\":{\"thumbnail\":{\"height\":113,\"width\":150,\"url\":\"https:\/\/www.cykloromantika.cz\/wp-content\/uploads\/2022\/06\/foto-2022-0522-03-150x113.jpg\",\"orientation\":\"landscape\"},\"medium\":{\"height\":225,\"width\":300,\"url\":\"https:\/\/www.cykloromantika.cz\/wp-content\/uploads\/2022\/06\/foto-2022-0522-03-300x225.jpg\",\"orientation\":\"landscape\"},\"full\":{\"url\":\"https:\/\/www.cykloromantika.cz\/wp-content\/uploads\/2022\/06\/foto-2022-0522-03.jpg\",\"height\":768,\"width\":1024,\"orientation\":\"landscape\"}},\"meta\":false,\"postlink\":\"https:\/\/www.cykloromantika.cz\/foto-2022-0522-03\/\"},{\"id\":6853,\"title\":\"Foto 2022 0522 04\",\"url\":\"https:\/\/www.cykloromantika.cz\/wp-content\/uploads\/2022\/06\/foto-2022-0522-04.jpg\",\"link\":\"https:\/\/www.cykloromantika.cz\/foto-2022-0522-04\/\",\"alt\":\"\",\"description\":\"\",\"caption\":\"P\u0159ipravenost man\u010daftu je p\u0159\u00edkladn\u00e1.\",\"mime\":\"image\/jpeg\",\"type\":\"image\",\"width\":1024,\"height\":576,\"sizes\":{\"thumbnail\":{\"height\":84,\"width\":150,\"url\":\"https:\/\/www.cykloromantika.cz\/wp-content\/uploads\/2022\/06\/foto-2022-0522-04-150x84.jpg\",\"orientation\":\"landscape\"},\"medium\":{\"height\":169,\"width\":300,\"url\":\"https:\/\/www.cykloromantika.cz\/wp-content\/uploads\/2022\/06\/foto-2022-0522-04-300x169.jpg\",\"orientation\":\"landscape\"},\"full\":{\"url\":\"https:\/\/www.cykloromantika.cz\/wp-content\/uploads\/2022\/06\/foto-2022-0522-04.jpg\",\"height\":576,\"width\":1024,\"orientation\":\"landscape\"}},\"meta\":false,\"postlink\":\"https:\/\/www.cykloromantika.cz\/foto-2022-0522-04\/\"},{\"id\":6854,\"title\":\"Foto 2022 0522 05\",\"url\":\"https:\/\/www.cykloromantika.cz\/wp-content\/uploads\/2022\/06\/foto-2022-0522-05.jpg\",\"link\":\"https:\/\/www.cykloromantika.cz\/foto-2022-0522-05\/\",\"alt\":\"\",\"description\":\"\",\"caption\":\"P\u0159ipravenost man\u010daftu je p\u0159\u00edkladn\u00e1.\",\"mime\":\"image\/jpeg\",\"type\":\"image\",\"width\":1024,\"height\":576,\"sizes\":{\"thumbnail\":{\"height\":84,\"width\":150,\"url\":\"https:\/\/www.cykloromantika.cz\/wp-content\/uploads\/2022\/06\/foto-2022-0522-05-150x84.jpg\",\"orientation\":\"landscape\"},\"medium\":{\"height\":169,\"width\":300,\"url\":\"https:\/\/www.cykloromantika.cz\/wp-content\/uploads\/2022\/06\/foto-2022-0522-05-300x169.jpg\",\"orientation\":\"landscape\"},\"full\":{\"url\":\"https:\/\/www.cykloromantika.cz\/wp-content\/uploads\/2022\/06\/foto-2022-0522-05.jpg\",\"height\":576,\"width\":1024,\"orientation\":\"landscape\"}},\"meta\":false,\"postlink\":\"https:\/\/www.cykloromantika.cz\/foto-2022-0522-05\/\"},{\"id\":6855,\"title\":\"Foto 2022 0522 06\",\"url\":\"https:\/\/www.cykloromantika.cz\/wp-content\/uploads\/2022\/06\/foto-2022-0522-06.jpg\",\"link\":\"https:\/\/www.cykloromantika.cz\/foto-2022-0522-06\/\",\"alt\":\"\",\"description\":\"\",\"caption\":\"P\u0159ipravenost man\u010daftu je p\u0159\u00edkladn\u00e1. Kone\u010dn\u011b v\u0161ichni!\",\"mime\":\"image\/jpeg\",\"type\":\"image\",\"width\":1024,\"height\":768,\"sizes\":{\"thumbnail\":{\"height\":113,\"width\":150,\"url\":\"https:\/\/www.cykloromantika.cz\/wp-content\/uploads\/2022\/06\/foto-2022-0522-06-150x113.jpg\",\"orientation\":\"landscape\"},\"medium\":{\"height\":225,\"width\":300,\"url\":\"https:\/\/www.cykloromantika.cz\/wp-content\/uploads\/2022\/06\/foto-2022-0522-06-300x225.jpg\",\"orientation\":\"landscape\"},\"full\":{\"url\":\"https:\/\/www.cykloromantika.cz\/wp-content\/uploads\/2022\/06\/foto-2022-0522-06.jpg\",\"height\":768,\"width\":1024,\"orientation\":\"landscape\"}},\"meta\":false,\"postlink\":\"https:\/\/www.cykloromantika.cz\/foto-2022-0522-06\/\"},{\"id\":6856,\"title\":\"Foto 2022 0522 07\",\"url\":\"https:\/\/www.cykloromantika.cz\/wp-content\/uploads\/2022\/06\/foto-2022-0522-07.jpg\",\"link\":\"https:\/\/www.cykloromantika.cz\/foto-2022-0522-07\/\",\"alt\":\"\",\"description\":\"\",\"caption\":\"Tom\u00e1\u0161 na 4. kilometru Kn\u00ed\u017eec\u00ed cesty\",\"mime\":\"image\/jpeg\",\"type\":\"image\",\"width\":1024,\"height\":576,\"sizes\":{\"thumbnail\":{\"height\":84,\"width\":150,\"url\":\"https:\/\/www.cykloromantika.cz\/wp-content\/uploads\/2022\/06\/foto-2022-0522-07-150x84.jpg\",\"orientation\":\"landscape\"},\"medium\":{\"height\":169,\"width\":300,\"url\":\"https:\/\/www.cykloromantika.cz\/wp-content\/uploads\/2022\/06\/foto-2022-0522-07-300x169.jpg\",\"orientation\":\"landscape\"},\"full\":{\"url\":\"https:\/\/www.cykloromantika.cz\/wp-content\/uploads\/2022\/06\/foto-2022-0522-07.jpg\",\"height\":576,\"width\":1024,\"orientation\":\"landscape\"}},\"meta\":false,\"postlink\":\"https:\/\/www.cykloromantika.cz\/foto-2022-0522-07\/\"},{\"id\":6857,\"title\":\"Foto 2022 0522 08\",\"url\":\"https:\/\/www.cykloromantika.cz\/wp-content\/uploads\/2022\/06\/foto-2022-0522-08.jpg\",\"link\":\"https:\/\/www.cykloromantika.cz\/foto-2022-0522-08\/\",\"alt\":\"\",\"description\":\"\",\"caption\":\"Kask\u00e1dov\u00fd vodop\u00e1d na potoce Lomn\u00e1\",\"mime\":\"image\/jpeg\",\"type\":\"image\",\"width\":683,\"height\":1024,\"sizes\":{\"thumbnail\":{\"height\":150,\"width\":100,\"url\":\"https:\/\/www.cykloromantika.cz\/wp-content\/uploads\/2022\/06\/foto-2022-0522-08-100x150.jpg\",\"orientation\":\"portrait\"},\"medium\":{\"height\":300,\"width\":200,\"url\":\"https:\/\/www.cykloromantika.cz\/wp-content\/uploads\/2022\/06\/foto-2022-0522-08-200x300.jpg\",\"orientation\":\"portrait\"},\"full\":{\"url\":\"https:\/\/www.cykloromantika.cz\/wp-content\/uploads\/2022\/06\/foto-2022-0522-08.jpg\",\"height\":1024,\"width\":683,\"orientation\":\"portrait\"}},\"meta\":false,\"postlink\":\"https:\/\/www.cykloromantika.cz\/foto-2022-0522-08\/\"},{\"id\":6858,\"title\":\"Foto 2022 0522 09\",\"url\":\"https:\/\/www.cykloromantika.cz\/wp-content\/uploads\/2022\/06\/foto-2022-0522-09.jpg\",\"link\":\"https:\/\/www.cykloromantika.cz\/foto-2022-0522-09\/\",\"alt\":\"\",\"description\":\"\",\"caption\":\"Kousek p\u0159ed koncem stoup\u00e1n\u00ed na Pustevny \u2013 v\u00fdhled na Fren\u0161t\u00e1t\",\"mime\":\"image\/jpeg\",\"type\":\"image\",\"width\":1024,\"height\":576,\"sizes\":{\"thumbnail\":{\"height\":84,\"width\":150,\"url\":\"https:\/\/www.cykloromantika.cz\/wp-content\/uploads\/2022\/06\/foto-2022-0522-09-150x84.jpg\",\"orientation\":\"landscape\"},\"medium\":{\"height\":169,\"width\":300,\"url\":\"https:\/\/www.cykloromantika.cz\/wp-content\/uploads\/2022\/06\/foto-2022-0522-09-300x169.jpg\",\"orientation\":\"landscape\"},\"full\":{\"url\":\"https:\/\/www.cykloromantika.cz\/wp-content\/uploads\/2022\/06\/foto-2022-0522-09.jpg\",\"height\":576,\"width\":1024,\"orientation\":\"landscape\"}},\"meta\":false,\"postlink\":\"https:\/\/www.cykloromantika.cz\/foto-2022-0522-09\/\"},{\"id\":6859,\"title\":\"Foto 2022 0522 10\",\"url\":\"https:\/\/www.cykloromantika.cz\/wp-content\/uploads\/2022\/06\/foto-2022-0522-10.jpg\",\"link\":\"https:\/\/www.cykloromantika.cz\/foto-2022-0522-10\/\",\"alt\":\"\",\"description\":\"\",\"caption\":\"Stavebn\u00ed skvosty na Pustevn\u00e1ch\",\"mime\":\"image\/jpeg\",\"type\":\"image\",\"width\":1024,\"height\":683,\"sizes\":{\"thumbnail\":{\"height\":100,\"width\":150,\"url\":\"https:\/\/www.cykloromantika.cz\/wp-content\/uploads\/2022\/06\/foto-2022-0522-10-150x100.jpg\",\"orientation\":\"landscape\"},\"medium\":{\"height\":200,\"width\":300,\"url\":\"https:\/\/www.cykloromantika.cz\/wp-content\/uploads\/2022\/06\/foto-2022-0522-10-300x200.jpg\",\"orientation\":\"landscape\"},\"full\":{\"url\":\"https:\/\/www.cykloromantika.cz\/wp-content\/uploads\/2022\/06\/foto-2022-0522-10.jpg\",\"height\":683,\"width\":1024,\"orientation\":\"landscape\"}},\"meta\":false,\"postlink\":\"https:\/\/www.cykloromantika.cz\/foto-2022-0522-10\/\"},{\"id\":6860,\"title\":\"Foto 2022 0522 11\",\"url\":\"https:\/\/www.cykloromantika.cz\/wp-content\/uploads\/2022\/06\/foto-2022-0522-11.jpg\",\"link\":\"https:\/\/www.cykloromantika.cz\/foto-2022-0522-11\/\",\"alt\":\"\",\"description\":\"\",\"caption\":\"Zaslou\u017een\u00e9 odm\u011bna\",\"mime\":\"image\/jpeg\",\"type\":\"image\",\"width\":1024,\"height\":768,\"sizes\":{\"thumbnail\":{\"height\":113,\"width\":150,\"url\":\"https:\/\/www.cykloromantika.cz\/wp-content\/uploads\/2022\/06\/foto-2022-0522-11-150x113.jpg\",\"orientation\":\"landscape\"},\"medium\":{\"height\":225,\"width\":300,\"url\":\"https:\/\/www.cykloromantika.cz\/wp-content\/uploads\/2022\/06\/foto-2022-0522-11-300x225.jpg\",\"orientation\":\"landscape\"},\"full\":{\"url\":\"https:\/\/www.cykloromantika.cz\/wp-content\/uploads\/2022\/06\/foto-2022-0522-11.jpg\",\"height\":768,\"width\":1024,\"orientation\":\"landscape\"}},\"meta\":false,\"postlink\":\"https:\/\/www.cykloromantika.cz\/foto-2022-0522-11\/\"},{\"id\":6861,\"title\":\"Foto 2022 0522 13\",\"url\":\"https:\/\/www.cykloromantika.cz\/wp-content\/uploads\/2022\/06\/foto-2022-0522-13.jpg\",\"link\":\"https:\/\/www.cykloromantika.cz\/foto-2022-0522-13\/\",\"alt\":\"\",\"description\":\"\",\"caption\":\"\u0160estice pohansk\u00fdch uct\u00edva\u010d\u016f\",\"mime\":\"image\/jpeg\",\"type\":\"image\",\"width\":683,\"height\":1024,\"sizes\":{\"thumbnail\":{\"height\":150,\"width\":100,\"url\":\"https:\/\/www.cykloromantika.cz\/wp-content\/uploads\/2022\/06\/foto-2022-0522-13-100x150.jpg\",\"orientation\":\"portrait\"},\"medium\":{\"height\":300,\"width\":200,\"url\":\"https:\/\/www.cykloromantika.cz\/wp-content\/uploads\/2022\/06\/foto-2022-0522-13-200x300.jpg\",\"orientation\":\"portrait\"},\"full\":{\"url\":\"https:\/\/www.cykloromantika.cz\/wp-content\/uploads\/2022\/06\/foto-2022-0522-13.jpg\",\"height\":1024,\"width\":683,\"orientation\":\"portrait\"}},\"meta\":false,\"postlink\":\"https:\/\/www.cykloromantika.cz\/foto-2022-0522-13\/\"},{\"id\":6862,\"title\":\"Foto 2022 0522 14\",\"url\":\"https:\/\/www.cykloromantika.cz\/wp-content\/uploads\/2022\/06\/foto-2022-0522-14.jpg\",\"link\":\"https:\/\/www.cykloromantika.cz\/foto-2022-0522-14\/\",\"alt\":\"\",\"description\":\"\",\"caption\":\"Libu\u0161\u00edn prozkoum\u00e1me i zevnit\u0159.\",\"mime\":\"image\/jpeg\",\"type\":\"image\",\"width\":1024,\"height\":576,\"sizes\":{\"thumbnail\":{\"height\":84,\"width\":150,\"url\":\"https:\/\/www.cykloromantika.cz\/wp-content\/uploads\/2022\/06\/foto-2022-0522-14-150x84.jpg\",\"orientation\":\"landscape\"},\"medium\":{\"height\":169,\"width\":300,\"url\":\"https:\/\/www.cykloromantika.cz\/wp-content\/uploads\/2022\/06\/foto-2022-0522-14-300x169.jpg\",\"orientation\":\"landscape\"},\"full\":{\"url\":\"https:\/\/www.cykloromantika.cz\/wp-content\/uploads\/2022\/06\/foto-2022-0522-14.jpg\",\"height\":576,\"width\":1024,\"orientation\":\"landscape\"}},\"meta\":false,\"postlink\":\"https:\/\/www.cykloromantika.cz\/foto-2022-0522-14\/\"},{\"id\":6863,\"title\":\"Foto 2022 0522 15\",\"url\":\"https:\/\/www.cykloromantika.cz\/wp-content\/uploads\/2022\/06\/foto-2022-0522-15.jpg\",\"link\":\"https:\/\/www.cykloromantika.cz\/foto-2022-0522-15\/\",\"alt\":\"\",\"description\":\"\",\"caption\":\"Du\u0161\u00edk\u016fv typick\u00fd pohled \u2013 v\u017edy je vep\u0159edu.\",\"mime\":\"image\/jpeg\",\"type\":\"image\",\"width\":1024,\"height\":576,\"sizes\":{\"thumbnail\":{\"height\":84,\"width\":150,\"url\":\"https:\/\/www.cykloromantika.cz\/wp-content\/uploads\/2022\/06\/foto-2022-0522-15-150x84.jpg\",\"orientation\":\"landscape\"},\"medium\":{\"height\":169,\"width\":300,\"url\":\"https:\/\/www.cykloromantika.cz\/wp-content\/uploads\/2022\/06\/foto-2022-0522-15-300x169.jpg\",\"orientation\":\"landscape\"},\"full\":{\"url\":\"https:\/\/www.cykloromantika.cz\/wp-content\/uploads\/2022\/06\/foto-2022-0522-15.jpg\",\"height\":576,\"width\":1024,\"orientation\":\"landscape\"}},\"meta\":false,\"postlink\":\"https:\/\/www.cykloromantika.cz\/foto-2022-0522-15\/\"},{\"id\":6864,\"title\":\"Foto 2022 0522 16\",\"url\":\"https:\/\/www.cykloromantika.cz\/wp-content\/uploads\/2022\/06\/foto-2022-0522-16.jpg\",\"link\":\"https:\/\/www.cykloromantika.cz\/foto-2022-0522-16\/\",\"alt\":\"\",\"description\":\"\",\"caption\":\"Mo\u0159sk\u00e9 oko pod Tane\u010dnic\u00ed\",\"mime\":\"image\/jpeg\",\"type\":\"image\",\"width\":1024,\"height\":576,\"sizes\":{\"thumbnail\":{\"height\":84,\"width\":150,\"url\":\"https:\/\/www.cykloromantika.cz\/wp-content\/uploads\/2022\/06\/foto-2022-0522-16-150x84.jpg\",\"orientation\":\"landscape\"},\"medium\":{\"height\":169,\"width\":300,\"url\":\"https:\/\/www.cykloromantika.cz\/wp-content\/uploads\/2022\/06\/foto-2022-0522-16-300x169.jpg\",\"orientation\":\"landscape\"},\"full\":{\"url\":\"https:\/\/www.cykloromantika.cz\/wp-content\/uploads\/2022\/06\/foto-2022-0522-16.jpg\",\"height\":576,\"width\":1024,\"orientation\":\"landscape\"}},\"meta\":false,\"postlink\":\"https:\/\/www.cykloromantika.cz\/foto-2022-0522-16\/\"},{\"id\":6865,\"title\":\"Foto 2022 0522 17\",\"url\":\"https:\/\/www.cykloromantika.cz\/wp-content\/uploads\/2022\/06\/foto-2022-0522-17.jpg\",\"link\":\"https:\/\/www.cykloromantika.cz\/foto-2022-0522-17\/\",\"alt\":\"\",\"description\":\"\",\"caption\":\"Mal\u00e9 p\u0159\u00edrodov\u011bdn\u00e9 zastaven\u00ed \u2013 Mo\u0159sk\u00e9 oko\",\"mime\":\"image\/jpeg\",\"type\":\"image\",\"width\":1024,\"height\":576,\"sizes\":{\"thumbnail\":{\"height\":84,\"width\":150,\"url\":\"https:\/\/www.cykloromantika.cz\/wp-content\/uploads\/2022\/06\/foto-2022-0522-17-150x84.jpg\",\"orientation\":\"landscape\"},\"medium\":{\"height\":169,\"width\":300,\"url\":\"https:\/\/www.cykloromantika.cz\/wp-content\/uploads\/2022\/06\/foto-2022-0522-17-300x169.jpg\",\"orientation\":\"landscape\"},\"full\":{\"url\":\"https:\/\/www.cykloromantika.cz\/wp-content\/uploads\/2022\/06\/foto-2022-0522-17.jpg\",\"height\":576,\"width\":1024,\"orientation\":\"landscape\"}},\"meta\":false,\"postlink\":\"https:\/\/www.cykloromantika.cz\/foto-2022-0522-17\/\"},{\"id\":6866,\"title\":\"Foto 2022 0522 18\",\"url\":\"https:\/\/www.cykloromantika.cz\/wp-content\/uploads\/2022\/06\/foto-2022-0522-18.jpg\",\"link\":\"https:\/\/www.cykloromantika.cz\/foto-2022-0522-18\/\",\"alt\":\"\",\"description\":\"\",\"caption\":\"Pro Boba je cesta tuze kamenit\u00e1.\",\"mime\":\"image\/jpeg\",\"type\":\"image\",\"width\":683,\"height\":1024,\"sizes\":{\"thumbnail\":{\"height\":150,\"width\":100,\"url\":\"https:\/\/www.cykloromantika.cz\/wp-content\/uploads\/2022\/06\/foto-2022-0522-18-100x150.jpg\",\"orientation\":\"portrait\"},\"medium\":{\"height\":300,\"width\":200,\"url\":\"https:\/\/www.cykloromantika.cz\/wp-content\/uploads\/2022\/06\/foto-2022-0522-18-200x300.jpg\",\"orientation\":\"portrait\"},\"full\":{\"url\":\"https:\/\/www.cykloromantika.cz\/wp-content\/uploads\/2022\/06\/foto-2022-0522-18.jpg\",\"height\":1024,\"width\":683,\"orientation\":\"portrait\"}},\"meta\":false,\"postlink\":\"https:\/\/www.cykloromantika.cz\/foto-2022-0522-18\/\"},{\"id\":6867,\"title\":\"Foto 2022 0522 19\",\"url\":\"https:\/\/www.cykloromantika.cz\/wp-content\/uploads\/2022\/06\/foto-2022-0522-19.jpg\",\"link\":\"https:\/\/www.cykloromantika.cz\/foto-2022-0522-19\/\",\"alt\":\"\",\"description\":\"\",\"caption\":\"U\u017e jen kousek k asfaltu! :-)\",\"mime\":\"image\/jpeg\",\"type\":\"image\",\"width\":683,\"height\":1024,\"sizes\":{\"thumbnail\":{\"height\":150,\"width\":100,\"url\":\"https:\/\/www.cykloromantika.cz\/wp-content\/uploads\/2022\/06\/foto-2022-0522-19-100x150.jpg\",\"orientation\":\"portrait\"},\"medium\":{\"height\":300,\"width\":200,\"url\":\"https:\/\/www.cykloromantika.cz\/wp-content\/uploads\/2022\/06\/foto-2022-0522-19-200x300.jpg\",\"orientation\":\"portrait\"},\"full\":{\"url\":\"https:\/\/www.cykloromantika.cz\/wp-content\/uploads\/2022\/06\/foto-2022-0522-19.jpg\",\"height\":1024,\"width\":683,\"orientation\":\"portrait\"}},\"meta\":false,\"postlink\":\"https:\/\/www.cykloromantika.cz\/foto-2022-0522-19\/\"},{\"id\":6868,\"title\":\"Foto 2022 0522 20\",\"url\":\"https:\/\/www.cykloromantika.cz\/wp-content\/uploads\/2022\/06\/foto-2022-0522-20.jpg\",\"link\":\"https:\/\/www.cykloromantika.cz\/foto-2022-0522-20\/\",\"alt\":\"\",\"description\":\"\",\"caption\":\"Ob\u011bd na Marti\u0148\u00e1ku...\",\"mime\":\"image\/jpeg\",\"type\":\"image\",\"width\":1024,\"height\":768,\"sizes\":{\"thumbnail\":{\"height\":113,\"width\":150,\"url\":\"https:\/\/www.cykloromantika.cz\/wp-content\/uploads\/2022\/06\/foto-2022-0522-20-150x113.jpg\",\"orientation\":\"landscape\"},\"medium\":{\"height\":225,\"width\":300,\"url\":\"https:\/\/www.cykloromantika.cz\/wp-content\/uploads\/2022\/06\/foto-2022-0522-20-300x225.jpg\",\"orientation\":\"landscape\"},\"full\":{\"url\":\"https:\/\/www.cykloromantika.cz\/wp-content\/uploads\/2022\/06\/foto-2022-0522-20.jpg\",\"height\":768,\"width\":1024,\"orientation\":\"landscape\"}},\"meta\":false,\"postlink\":\"https:\/\/www.cykloromantika.cz\/foto-2022-0522-20\/\"},{\"id\":6869,\"title\":\"Foto 2022 0522 21\",\"url\":\"https:\/\/www.cykloromantika.cz\/wp-content\/uploads\/2022\/06\/foto-2022-0522-21.jpg\",\"link\":\"https:\/\/www.cykloromantika.cz\/foto-2022-0522-21\/\",\"alt\":\"\",\"description\":\"\",\"caption\":\"... a sva\u010dinka v pivovaru Ogar\",\"mime\":\"image\/jpeg\",\"type\":\"image\",\"width\":1024,\"height\":768,\"sizes\":{\"thumbnail\":{\"height\":113,\"width\":150,\"url\":\"https:\/\/www.cykloromantika.cz\/wp-content\/uploads\/2022\/06\/foto-2022-0522-21-150x113.jpg\",\"orientation\":\"landscape\"},\"medium\":{\"height\":225,\"width\":300,\"url\":\"https:\/\/www.cykloromantika.cz\/wp-content\/uploads\/2022\/06\/foto-2022-0522-21-300x225.jpg\",\"orientation\":\"landscape\"},\"full\":{\"url\":\"https:\/\/www.cykloromantika.cz\/wp-content\/uploads\/2022\/06\/foto-2022-0522-21.jpg\",\"height\":768,\"width\":1024,\"orientation\":\"landscape\"}},\"meta\":false,\"postlink\":\"https:\/\/www.cykloromantika.cz\/foto-2022-0522-21\/\"},{\"id\":6870,\"title\":\"Foto 2022 0522 22\",\"url\":\"https:\/\/www.cykloromantika.cz\/wp-content\/uploads\/2022\/06\/foto-2022-0522-22.jpg\",\"link\":\"https:\/\/www.cykloromantika.cz\/foto-2022-0522-22\/\",\"alt\":\"\",\"description\":\"\",\"caption\":\"Michelin\u016fv pr\u016fvodce \u0159\u00edk\u00e1: \\u0022Tato \u0161kvarkov\u00e1 pomaz\u00e1nka je vynikaj\u00edc\u00ed!\\u0022\",\"mime\":\"image\/jpeg\",\"type\":\"image\",\"width\":1024,\"height\":683,\"sizes\":{\"thumbnail\":{\"height\":100,\"width\":150,\"url\":\"https:\/\/www.cykloromantika.cz\/wp-content\/uploads\/2022\/06\/foto-2022-0522-22-150x100.jpg\",\"orientation\":\"landscape\"},\"medium\":{\"height\":200,\"width\":300,\"url\":\"https:\/\/www.cykloromantika.cz\/wp-content\/uploads\/2022\/06\/foto-2022-0522-22-300x200.jpg\",\"orientation\":\"landscape\"},\"full\":{\"url\":\"https:\/\/www.cykloromantika.cz\/wp-content\/uploads\/2022\/06\/foto-2022-0522-22.jpg\",\"height\":683,\"width\":1024,\"orientation\":\"landscape\"}},\"meta\":false,\"postlink\":\"https:\/\/www.cykloromantika.cz\/foto-2022-0522-22\/\"},{\"id\":6871,\"title\":\"Foto 2022 0522 23\",\"url\":\"https:\/\/www.cykloromantika.cz\/wp-content\/uploads\/2022\/06\/foto-2022-0522-23.jpg\",\"link\":\"https:\/\/www.cykloromantika.cz\/foto-2022-0522-23\/\",\"alt\":\"\",\"description\":\"\",\"caption\":\"N\u00e1v\u0161t\u011bva ligov\u00e9ho z\u00e1pasu v Lichnov\u011b. Bohu\u017eel ale kvalitou \u0161lo o krajsk\u00fd p\u0159ebor.\",\"mime\":\"image\/jpeg\",\"type\":\"image\",\"width\":1024,\"height\":576,\"sizes\":{\"thumbnail\":{\"height\":84,\"width\":150,\"url\":\"https:\/\/www.cykloromantika.cz\/wp-content\/uploads\/2022\/06\/foto-2022-0522-23-150x84.jpg\",\"orientation\":\"landscape\"},\"medium\":{\"height\":169,\"width\":300,\"url\":\"https:\/\/www.cykloromantika.cz\/wp-content\/uploads\/2022\/06\/foto-2022-0522-23-300x169.jpg\",\"orientation\":\"landscape\"},\"full\":{\"url\":\"https:\/\/www.cykloromantika.cz\/wp-content\/uploads\/2022\/06\/foto-2022-0522-23.jpg\",\"height\":576,\"width\":1024,\"orientation\":\"landscape\"}},\"meta\":false,\"postlink\":\"https:\/\/www.cykloromantika.cz\/foto-2022-0522-23\/\"},{\"id\":6872,\"title\":\"Foto 2022 0522 24\",\"url\":\"https:\/\/www.cykloromantika.cz\/wp-content\/uploads\/2022\/06\/foto-2022-0522-24.jpg\",\"link\":\"https:\/\/www.cykloromantika.cz\/foto-2022-0522-24\/\",\"alt\":\"\",\"description\":\"\",\"caption\":\"N\u00e1v\u0161t\u011bva m\u00edstn\u00edho bufetu\",\"mime\":\"image\/jpeg\",\"type\":\"image\",\"width\":1024,\"height\":768,\"sizes\":{\"thumbnail\":{\"height\":113,\"width\":150,\"url\":\"https:\/\/www.cykloromantika.cz\/wp-content\/uploads\/2022\/06\/foto-2022-0522-24-150x113.jpg\",\"orientation\":\"landscape\"},\"medium\":{\"height\":225,\"width\":300,\"url\":\"https:\/\/www.cykloromantika.cz\/wp-content\/uploads\/2022\/06\/foto-2022-0522-24-300x225.jpg\",\"orientation\":\"landscape\"},\"full\":{\"url\":\"https:\/\/www.cykloromantika.cz\/wp-content\/uploads\/2022\/06\/foto-2022-0522-24.jpg\",\"height\":768,\"width\":1024,\"orientation\":\"landscape\"}},\"meta\":false,\"postlink\":\"https:\/\/www.cykloromantika.cz\/foto-2022-0522-24\/\"},{\"id\":6873,\"title\":\"Foto 2022 0522 25\",\"url\":\"https:\/\/www.cykloromantika.cz\/wp-content\/uploads\/2022\/06\/foto-2022-0522-25.jpg\",\"link\":\"https:\/\/www.cykloromantika.cz\/foto-2022-0522-25\/\",\"alt\":\"\",\"description\":\"\",\"caption\":\"Kr\u00e1sn\u00e9 panorama \u2013 od Ond\u0159ejn\u00edku po Velk\u00fd Javorn\u00edk\",\"mime\":\"image\/jpeg\",\"type\":\"image\",\"width\":1024,\"height\":576,\"sizes\":{\"thumbnail\":{\"height\":84,\"width\":150,\"url\":\"https:\/\/www.cykloromantika.cz\/wp-content\/uploads\/2022\/06\/foto-2022-0522-25-150x84.jpg\",\"orientation\":\"landscape\"},\"medium\":{\"height\":169,\"width\":300,\"url\":\"https:\/\/www.cykloromantika.cz\/wp-content\/uploads\/2022\/06\/foto-2022-0522-25-300x169.jpg\",\"orientation\":\"landscape\"},\"full\":{\"url\":\"https:\/\/www.cykloromantika.cz\/wp-content\/uploads\/2022\/06\/foto-2022-0522-25.jpg\",\"height\":576,\"width\":1024,\"orientation\":\"landscape\"}},\"meta\":false,\"postlink\":\"https:\/\/www.cykloromantika.cz\/foto-2022-0522-25\/\"},{\"id\":6874,\"title\":\"Foto 2022 0522 26\",\"url\":\"https:\/\/www.cykloromantika.cz\/wp-content\/uploads\/2022\/06\/foto-2022-0522-26.jpg\",\"link\":\"https:\/\/www.cykloromantika.cz\/foto-2022-0522-26\/\",\"alt\":\"\",\"description\":\"\",\"caption\":\"Kr\u00e1sn\u00e9 panorama \u2013 od Ond\u0159ejn\u00edku po Velk\u00fd Javorn\u00edk\",\"mime\":\"image\/jpeg\",\"type\":\"image\",\"width\":1024,\"height\":576,\"sizes\":{\"thumbnail\":{\"height\":84,\"width\":150,\"url\":\"https:\/\/www.cykloromantika.cz\/wp-content\/uploads\/2022\/06\/foto-2022-0522-26-150x84.jpg\",\"orientation\":\"landscape\"},\"medium\":{\"height\":169,\"width\":300,\"url\":\"https:\/\/www.cykloromantika.cz\/wp-content\/uploads\/2022\/06\/foto-2022-0522-26-300x169.jpg\",\"orientation\":\"landscape\"},\"full\":{\"url\":\"https:\/\/www.cykloromantika.cz\/wp-content\/uploads\/2022\/06\/foto-2022-0522-26.jpg\",\"height\":576,\"width\":1024,\"orientation\":\"landscape\"}},\"meta\":false,\"postlink\":\"https:\/\/www.cykloromantika.cz\/foto-2022-0522-26\/\"},{\"id\":6875,\"title\":\"Foto 2022 0522 27\",\"url\":\"https:\/\/www.cykloromantika.cz\/wp-content\/uploads\/2022\/06\/foto-2022-0522-27.jpg\",\"link\":\"https:\/\/www.cykloromantika.cz\/foto-2022-0522-27\/\",\"alt\":\"\",\"description\":\"\",\"caption\":\"Opravdu NFC Lichnov\",\"mime\":\"image\/jpeg\",\"type\":\"image\",\"width\":1024,\"height\":768,\"sizes\":{\"thumbnail\":{\"height\":113,\"width\":150,\"url\":\"https:\/\/www.cykloromantika.cz\/wp-content\/uploads\/2022\/06\/foto-2022-0522-27-150x113.jpg\",\"orientation\":\"landscape\"},\"medium\":{\"height\":225,\"width\":300,\"url\":\"https:\/\/www.cykloromantika.cz\/wp-content\/uploads\/2022\/06\/foto-2022-0522-27-300x225.jpg\",\"orientation\":\"landscape\"},\"full\":{\"url\":\"https:\/\/www.cykloromantika.cz\/wp-content\/uploads\/2022\/06\/foto-2022-0522-27.jpg\",\"height\":768,\"width\":1024,\"orientation\":\"landscape\"}},\"meta\":false,\"postlink\":\"https:\/\/www.cykloromantika.cz\/foto-2022-0522-27\/\"},{\"id\":6876,\"title\":\"Foto 2022 0522 28\",\"url\":\"https:\/\/www.cykloromantika.cz\/wp-content\/uploads\/2022\/06\/foto-2022-0522-28.jpg\",\"link\":\"https:\/\/www.cykloromantika.cz\/foto-2022-0522-28\/\",\"alt\":\"\",\"description\":\"\",\"caption\":\"Z\u016fstali jsme u bufetu sami! (Zase)\",\"mime\":\"image\/jpeg\",\"type\":\"image\",\"width\":1024,\"height\":768,\"sizes\":{\"thumbnail\":{\"height\":113,\"width\":150,\"url\":\"https:\/\/www.cykloromantika.cz\/wp-content\/uploads\/2022\/06\/foto-2022-0522-28-150x113.jpg\",\"orientation\":\"landscape\"},\"medium\":{\"height\":225,\"width\":300,\"url\":\"https:\/\/www.cykloromantika.cz\/wp-content\/uploads\/2022\/06\/foto-2022-0522-28-300x225.jpg\",\"orientation\":\"landscape\"},\"full\":{\"url\":\"https:\/\/www.cykloromantika.cz\/wp-content\/uploads\/2022\/06\/foto-2022-0522-28.jpg\",\"height\":768,\"width\":1024,\"orientation\":\"landscape\"}},\"meta\":false,\"postlink\":\"https:\/\/www.cykloromantika.cz\/foto-2022-0522-28\/\"},{\"id\":6877,\"title\":\"Foto 2022 0522 29\",\"url\":\"https:\/\/www.cykloromantika.cz\/wp-content\/uploads\/2022\/06\/foto-2022-0522-29.jpg\",\"link\":\"https:\/\/www.cykloromantika.cz\/foto-2022-0522-29\/\",\"alt\":\"\",\"description\":\"\",\"caption\":\"P\u0159esun do dal\u0161\u00edho ob\u010derstven\u00ed. Trochu j\u00eddla by bodlo!\",\"mime\":\"image\/jpeg\",\"type\":\"image\",\"width\":1024,\"height\":768,\"sizes\":{\"thumbnail\":{\"height\":113,\"width\":150,\"url\":\"https:\/\/www.cykloromantika.cz\/wp-content\/uploads\/2022\/06\/foto-2022-0522-29-150x113.jpg\",\"orientation\":\"landscape\"},\"medium\":{\"height\":225,\"width\":300,\"url\":\"https:\/\/www.cykloromantika.cz\/wp-content\/uploads\/2022\/06\/foto-2022-0522-29-300x225.jpg\",\"orientation\":\"landscape\"},\"full\":{\"url\":\"https:\/\/www.cykloromantika.cz\/wp-content\/uploads\/2022\/06\/foto-2022-0522-29.jpg\",\"height\":768,\"width\":1024,\"orientation\":\"landscape\"}},\"meta\":false,\"postlink\":\"https:\/\/www.cykloromantika.cz\/foto-2022-0522-29\/\"},{\"id\":6878,\"title\":\"Foto 2022 0522 30\",\"url\":\"https:\/\/www.cykloromantika.cz\/wp-content\/uploads\/2022\/06\/foto-2022-0522-30.jpg\",\"link\":\"https:\/\/www.cykloromantika.cz\/foto-2022-0522-30\/\",\"alt\":\"\",\"description\":\"\",\"caption\":\"Kostel sv. Petra a Pavla v Lichnov\u011b\",\"mime\":\"image\/jpeg\",\"type\":\"image\",\"width\":768,\"height\":1024,\"sizes\":{\"thumbnail\":{\"height\":150,\"width\":113,\"url\":\"https:\/\/www.cykloromantika.cz\/wp-content\/uploads\/2022\/06\/foto-2022-0522-30-113x150.jpg\",\"orientation\":\"portrait\"},\"medium\":{\"height\":300,\"width\":225,\"url\":\"https:\/\/www.cykloromantika.cz\/wp-content\/uploads\/2022\/06\/foto-2022-0522-30-225x300.jpg\",\"orientation\":\"portrait\"},\"full\":{\"url\":\"https:\/\/www.cykloromantika.cz\/wp-content\/uploads\/2022\/06\/foto-2022-0522-30.jpg\",\"height\":1024,\"width\":768,\"orientation\":\"portrait\"}},\"meta\":false,\"postlink\":\"https:\/\/www.cykloromantika.cz\/foto-2022-0522-30\/\"},{\"id\":6879,\"title\":\"Foto 2022 0522 31\",\"url\":\"https:\/\/www.cykloromantika.cz\/wp-content\/uploads\/2022\/06\/foto-2022-0522-31.jpg\",\"link\":\"https:\/\/www.cykloromantika.cz\/foto-2022-0522-31\/\",\"alt\":\"\",\"description\":\"\",\"caption\":\"To jsme r\u00e1di, \u017ee jsme vlak z Fren\u0161t\u00e1tu stihli!\",\"mime\":\"image\/jpeg\",\"type\":\"image\",\"width\":1024,\"height\":768,\"sizes\":{\"thumbnail\":{\"height\":113,\"width\":150,\"url\":\"https:\/\/www.cykloromantika.cz\/wp-content\/uploads\/2022\/06\/foto-2022-0522-31-150x113.jpg\",\"orientation\":\"landscape\"},\"medium\":{\"height\":225,\"width\":300,\"url\":\"https:\/\/www.cykloromantika.cz\/wp-content\/uploads\/2022\/06\/foto-2022-0522-31-300x225.jpg\",\"orientation\":\"landscape\"},\"full\":{\"url\":\"https:\/\/www.cykloromantika.cz\/wp-content\/uploads\/2022\/06\/foto-2022-0522-31.jpg\",\"height\":768,\"width\":1024,\"orientation\":\"landscape\"}},\"meta\":false,\"postlink\":\"https:\/\/www.cykloromantika.cz\/foto-2022-0522-31\/\"},{\"id\":6880,\"title\":\"Foto 2022 0522 32\",\"url\":\"https:\/\/www.cykloromantika.cz\/wp-content\/uploads\/2022\/06\/foto-2022-0522-32.jpg\",\"link\":\"https:\/\/www.cykloromantika.cz\/foto-2022-0522-32\/\",\"alt\":\"\",\"description\":\"\",\"caption\":\"Radost nechala cloumat na\u0161imi majest\u00e1ty!\",\"mime\":\"image\/jpeg\",\"type\":\"image\",\"width\":768,\"height\":1024,\"sizes\":{\"thumbnail\":{\"height\":150,\"width\":113,\"url\":\"https:\/\/www.cykloromantika.cz\/wp-content\/uploads\/2022\/06\/foto-2022-0522-32-113x150.jpg\",\"orientation\":\"portrait\"},\"medium\":{\"height\":300,\"width\":225,\"url\":\"https:\/\/www.cykloromantika.cz\/wp-content\/uploads\/2022\/06\/foto-2022-0522-32-225x300.jpg\",\"orientation\":\"portrait\"},\"full\":{\"url\":\"https:\/\/www.cykloromantika.cz\/wp-content\/uploads\/2022\/06\/foto-2022-0522-32.jpg\",\"height\":1024,\"width\":768,\"orientation\":\"portrait\"}},\"meta\":false,\"postlink\":\"https:\/\/www.cykloromantika.cz\/foto-2022-0522-32\/\"},{\"id\":6881,\"title\":\"Foto 2022 0522 33\",\"url\":\"https:\/\/www.cykloromantika.cz\/wp-content\/uploads\/2022\/06\/foto-2022-0522-33.jpg\",\"link\":\"https:\/\/www.cykloromantika.cz\/foto-2022-0522-33\/\",\"alt\":\"\",\"description\":\"\",\"caption\":\"Trochu t\u011blesn\u00e9 v\u00fdchovy...\",\"mime\":\"image\/jpeg\",\"type\":\"image\",\"width\":768,\"height\":1024,\"sizes\":{\"thumbnail\":{\"height\":150,\"width\":113,\"url\":\"https:\/\/www.cykloromantika.cz\/wp-content\/uploads\/2022\/06\/foto-2022-0522-33-113x150.jpg\",\"orientation\":\"portrait\"},\"medium\":{\"height\":300,\"width\":225,\"url\":\"https:\/\/www.cykloromantika.cz\/wp-content\/uploads\/2022\/06\/foto-2022-0522-33-225x300.jpg\",\"orientation\":\"portrait\"},\"full\":{\"url\":\"https:\/\/www.cykloromantika.cz\/wp-content\/uploads\/2022\/06\/foto-2022-0522-33.jpg\",\"height\":1024,\"width\":768,\"orientation\":\"portrait\"}},\"meta\":false,\"postlink\":\"https:\/\/www.cykloromantika.cz\/foto-2022-0522-33\/\"},{\"id\":6882,\"title\":\"Foto 2022 0522 34\",\"url\":\"https:\/\/www.cykloromantika.cz\/wp-content\/uploads\/2022\/06\/foto-2022-0522-34.jpg\",\"link\":\"https:\/\/www.cykloromantika.cz\/foto-2022-0522-34\/\",\"alt\":\"\",\"description\":\"\",\"caption\":\"Nov\u00e1 slu\u017eba \u010cD \u2013 vr\u00e1tn\u00fd na WC. Dokonce dva!\",\"mime\":\"image\/jpeg\",\"type\":\"image\",\"width\":768,\"height\":1024,\"sizes\":{\"thumbnail\":{\"height\":150,\"width\":113,\"url\":\"https:\/\/www.cykloromantika.cz\/wp-content\/uploads\/2022\/06\/foto-2022-0522-34-113x150.jpg\",\"orientation\":\"portrait\"},\"medium\":{\"height\":300,\"width\":225,\"url\":\"https:\/\/www.cykloromantika.cz\/wp-content\/uploads\/2022\/06\/foto-2022-0522-34-225x300.jpg\",\"orientation\":\"portrait\"},\"full\":{\"url\":\"https:\/\/www.cykloromantika.cz\/wp-content\/uploads\/2022\/06\/foto-2022-0522-34.jpg\",\"height\":1024,\"width\":768,\"orientation\":\"portrait\"}},\"meta\":false,\"postlink\":\"https:\/\/www.cykloromantika.cz\/foto-2022-0522-34\/\"},{\"id\":6883,\"title\":\"Foto 2022 0522 35\",\"url\":\"https:\/\/www.cykloromantika.cz\/wp-content\/uploads\/2022\/06\/foto-2022-0522-35.jpg\",\"link\":\"https:\/\/www.cykloromantika.cz\/foto-2022-0522-35\/\",\"alt\":\"\",\"description\":\"\",\"caption\":\"Vr\u00e1tn\u00ed jsou ale st\u00e1le v z\u00e1cviku! :-)\",\"mime\":\"image\/jpeg\",\"type\":\"image\",\"width\":768,\"height\":1024,\"sizes\":{\"thumbnail\":{\"height\":150,\"width\":113,\"url\":\"https:\/\/www.cykloromantika.cz\/wp-content\/uploads\/2022\/06\/foto-2022-0522-35-113x150.jpg\",\"orientation\":\"portrait\"},\"medium\":{\"height\":300,\"width\":225,\"url\":\"https:\/\/www.cykloromantika.cz\/wp-content\/uploads\/2022\/06\/foto-2022-0522-35-225x300.jpg\",\"orientation\":\"portrait\"},\"full\":{\"url\":\"https:\/\/www.cykloromantika.cz\/wp-content\/uploads\/2022\/06\/foto-2022-0522-35.jpg\",\"height\":1024,\"width\":768,\"orientation\":\"portrait\"}},\"meta\":false,\"postlink\":\"https:\/\/www.cykloromantika.cz\/foto-2022-0522-35\/\"},{\"id\":6884,\"title\":\"Foto 2022 0522 36\",\"url\":\"https:\/\/www.cykloromantika.cz\/wp-content\/uploads\/2022\/06\/foto-2022-0522-36.jpg\",\"link\":\"https:\/\/www.cykloromantika.cz\/foto-2022-0522-36\/\",\"alt\":\"\",\"description\":\"\",\"caption\":\"Rozost\u0159en\u00e1 momentka rychl\u00e9ho pohybu :-)\",\"mime\":\"image\/jpeg\",\"type\":\"image\",\"width\":768,\"height\":1024,\"sizes\":{\"thumbnail\":{\"height\":150,\"width\":113,\"url\":\"https:\/\/www.cykloromantika.cz\/wp-content\/uploads\/2022\/06\/foto-2022-0522-36-113x150.jpg\",\"orientation\":\"portrait\"},\"medium\":{\"height\":300,\"width\":225,\"url\":\"https:\/\/www.cykloromantika.cz\/wp-content\/uploads\/2022\/06\/foto-2022-0522-36-225x300.jpg\",\"orientation\":\"portrait\"},\"full\":{\"url\":\"https:\/\/www.cykloromantika.cz\/wp-content\/uploads\/2022\/06\/foto-2022-0522-36.jpg\",\"height\":1024,\"width\":768,\"orientation\":\"portrait\"}},\"meta\":false,\"postlink\":\"https:\/\/www.cykloromantika.cz\/foto-2022-0522-36\/\"},{\"id\":6885,\"title\":\"Foto 2022 0522 38\",\"url\":\"https:\/\/www.cykloromantika.cz\/wp-content\/uploads\/2022\/06\/foto-2022-0522-38.jpg\",\"link\":\"https:\/\/www.cykloromantika.cz\/foto-2022-0522-38\/\",\"alt\":\"\",\"description\":\"\",\"caption\":\"\u010cD jsou r\u00e1di, \u017ee n\u00e1s maj\u00ed za sebou! :-)\",\"mime\":\"image\/jpeg\",\"type\":\"image\",\"width\":768,\"height\":1024,\"sizes\":{\"thumbnail\":{\"height\":150,\"width\":113,\"url\":\"https:\/\/www.cykloromantika.cz\/wp-content\/uploads\/2022\/06\/foto-2022-0522-38-113x150.jpg\",\"orientation\":\"portrait\"},\"medium\":{\"height\":300,\"width\":225,\"url\":\"https:\/\/www.cykloromantika.cz\/wp-content\/uploads\/2022\/06\/foto-2022-0522-38-225x300.jpg\",\"orientation\":\"portrait\"},\"full\":{\"url\":\"https:\/\/www.cykloromantika.cz\/wp-content\/uploads\/2022\/06\/foto-2022-0522-38.jpg\",\"height\":1024,\"width\":768,\"orientation\":\"portrait\"}},\"meta\":false,\"postlink\":\"https:\/\/www.cykloromantika.cz\/foto-2022-0522-38\/\"}],\"itemsMetaDataCollection\":[],\"galleryData\":\"{\\u0022pageMode\\u0022:false,\\u0022lastRowFill\\u0022:true,\\u0022collectionThumbRecomendedHeight\\u0022:300,\\u0022collectionThumbMiniScreenScale\\u0022:true,\\u0022thumbSpacing\\u0022:5,\\u0022thumbMobileSpacing\\u0022:5,\\u0022externalLink\\u0022:true,\\u0022externalLinkDefName\\u0022:\\u0022Read More\\u0022,\\u0022externalLinkTextColor\\u0022:\\u0022rgba(0,0,0,1)\\u0022,\\u0022externalLinkBgColor\\u0022:\\u0022rgba(255,255,255,1)\\u0022,\\u0022externalLinkFontSize\\u0022:18,\\u0022captions\\u0022:true,\\u0022captionSrc\\u0022:\\u0022caption\\u0022,\\u0022captionHAlign\\u0022:\\u0022bottom\\u0022,\\u0022collectionthumbHoverTitleFontSize\\u0022:12,\\u0022collectionthumbRoundedCorners\\u0022:8,\\u0022collectionthumbHoverTitleTextColor\\u0022:\\u0022rgba(255,255,255,1)\\u0022,\\u0022collectionthumbHoverTitleTextBgColor\\u0022:\\u0022rgba(0,0,0,0.44)\\u0022,\\u0022collectionthumbHoverBgColor\\u0022:\\u0022rgba(0,0,0,0.4)\\u0022,\\u0022collectionThumbSubMenuDownload\\u0022:true,\\u0022collectionThumbSubMenuShare\\u0022:false,\\u0022collectionThumbSubMenuBgColor\\u0022:\\u0022rgba(0,0,0,0.4)\\u0022,\\u0022collectionThumbSubMenuBgColorHover\\u0022:\\u0022rgba(255,255,255,1)\\u0022,\\u0022collectionThumbSubMenuIconColor\\u0022:\\u0022rgba(255,255,255,1)\\u0022,\\u0022collectionThumbSubMenuIconColorHover\\u0022:\\u0022rgba(0,0,0,1)\\u0022,\\u0022settingsModalIsOpen\\u0022:false,\\u0022galleryType\\u0022:\\u0022pgc_sgb_justified\\u0022,\\u0022align\\u0022:\\u0022\\u0022,\\u0022galleryId\\u0022:\\u002297f21684\\u0022,\\u0022galleryQuery\\u0022:null,\\u0022tagsListCustomMode\\u0022:false,\\u0022initGalleryByFirstTag\\u0022:false,\\u0022deepLinkingForTag\\u0022:false,\\u0022galleryTagsList\\u0022:[],\\u0022useClobalSettings\\u0022:true,\\u0022orderBy\\u0022:\\u0022title\\u0022,\\u0022deepLinking\\u0022:false,\\u0022useLightbox\\u0022:true,\\u0022thumbClickAction\\u0022:\\u0022useLightbox\\u0022,\\u0022numItemsDisplayed\\u0022:0,\\u0022lazyLoading\\u0022:true,\\u0022contentNoPadding\\u0022:false,\\u0022galleryPreloaderColor\\u0022:\\u0022rgba(230,230,230,1)\\u0022,\\u0022galleryBgColor\\u0022:\\u0022rgba(0,0,0,0)\\u0022,\\u0022galleryBorderRadius\\u0022:8,\\u0022customCSS\\u0022:\\u0022\\u0022,\\u0022itemsPerPage\\u0022:20,\\u0022loadMoreDefName\\u0022:\\u0022Load More\\u0022,\\u0022loadMoreFontSize\\u0022:16,\\u0022loadMoreTextColor\\u0022:\\u0022rgba(255,255,255,1)\\u0022,\\u0022loadMoreBgColor\\u0022:\\u0022rgba(0,0,0,1)\\u0022,\\u0022tagsFilter\\u0022:false,\\u0022tagCloudAll\\u0022:\\u0022All\\u0022,\\u0022tagCloudBgColor\\u0022:\\u0022rgba(153,153,153,1)\\u0022,\\u0022tagCloudBgColorOver\\u0022:\\u0022rgba(253,253,253,1)\\u0022,\\u0022tagCloudTextColor\\u0022:\\u0022rgba(253,253,253,1)\\u0022,\\u0022tagCloudTextColorOver\\u0022:\\u0022rgba(153,153,153,1)\\u0022,\\u0022tagCloudFontSize\\u0022:16,\\u0022modaBgColor\\u0022:\\u0022rgba(0,0,0,0.8)\\u0022,\\u0022modalIconColor\\u0022:\\u0022rgba(255,255,255,1)\\u0022,\\u0022modalIconColorHover\\u0022:\\u0022rgba(255,255,255,0.8)\\u0022,\\u0022shareFacebook\\u0022:false,\\u0022shareTwitter\\u0022:false,\\u0022sharePinterest\\u0022:false,\\u0022sliderItemDownload\\u0022:true,\\u0022shareCopyLink\\u0022:true,\\u0022sharePost\\u0022:\\u0022postlink\\u0022,\\u0022copyRProtection\\u0022:false,\\u0022copyRAlert\\u0022:\\u0022Hello, this photo is mine!\\u0022,\\u0022sliderScrollNavi\\u0022:false,\\u0022sliderFullSizeViewMode\\u0022:false,\\u0022sliderNextPrevAnimation\\u0022:\\u0022animation\\u0022,\\u0022galleryScrollPositionControll\\u0022:false,\\u0022sliderVideoAutoPlay\\u0022:false,\\u0022sliderTryPlayNext\\u0022:false,\\u0022sliderVideoLoop\\u0022:false,\\u0022sliderItemCounterEnable\\u0022:true,\\u0022sliderCaptionSrc\\u0022:\\u0022caption\\u0022,\\u0022sliderItemTitleEnable\\u0022:true,\\u0022sliderItemTitleFontSize\\u0022:18,\\u0022sliderItemTitleTextColor\\u0022:\\u0022rgba(255,255,255,1)\\u0022,\\u0022itemCounterColor\\u0022:\\u0022rgba(255,255,255,1)\\u0022,\\u0022sliderThumbBarEnable\\u0022:true,\\u0022sliderThumbBarHoverColor\\u0022:\\u0022rgba(240,240,240,1)\\u0022,\\u0022sliderBgColor\\u0022:\\u0022rgba(0,0,0,0.8)\\u0022,\\u0022sliderPreloaderColor\\u0022:\\u0022rgba(240,240,240,1)\\u0022,\\u0022sliderHeaderFooterBgColor\\u0022:\\u0022rgba(0,0,0,0.4)\\u0022,\\u0022sliderNavigationColor\\u0022:\\u0022rgba(0,0,0,1)\\u0022,\\u0022sliderNavigationColorOver\\u0022:\\u0022rgba(255,255,255,1)\\u0022,\\u0022sliderNavigationIconColor\\u0022:\\u0022rgba(255,255,255,1)\\u0022,\\u0022sliderNavigationIconColorOver\\u0022:\\u0022rgba(0,0,0,1)\\u0022,\\u0022sliderSlideshow\\u0022:true,\\u0022sliderSlideshowDelay\\u0022:8,\\u0022slideshowIndicatorColor\\u0022:\\u0022rgba(255,255,255,1)\\u0022,\\u0022slideshowIndicatorColorBg\\u0022:\\u0022rgba(255,255,255,0.5)\\u0022,\\u0022sliderThumbSubMenuBackgroundColor\\u0022:\\u0022rgba(255,255,255,0)\\u0022,\\u0022sliderThumbSubMenuBackgroundColorOver\\u0022:\\u0022rgba(255,255,255,1)\\u0022,\\u0022sliderThumbSubMenuIconColor\\u0022:\\u0022rgba(255,255,255,1)\\u0022,\\u0022sliderThumbSubMenuIconHoverColor\\u0022:\\u0022rgba(0,0,0,1)\\u0022,\\u0022sliderSocialShareEnabled\\u0022:false,\\u0022sliderZoomEnable\\u0022:true,\\u0022sliderFullscreenEnabled\\u0022:true,\\u0022skin\\u0022:\\u0022justified\\u0022}\",\"useClobalSettings\":true,\"orderBy\":\"title\",\"galleryBorderRadius\":8,\"shareFacebook\":false,\"shareTwitter\":false,\"sharePinterest\":false,\"sharePost\":\"postlink\",\"sliderItemTitleEnable\":true,\"sliderSocialShareEnabled\":false}<\/script><script>(function(){if(window.PGC_SGB && window.PGC_SGB.searcher){window.PGC_SGB.searcher.initBlocks()}})()<\/script><\/div>\n<\/div><\/div>\n<\/div><\/div><\/div>\n","protected":false},"excerpt":{"rendered":"","protected":false},"author":3,"featured_media":6861,"comment_status":"open","ping_status":"open","sticky":false,"template":"","format":"standard","meta":{"_acf_changed":false,"pgc_sgb_lightbox_settings":"","footnotes":""},"categories":[31],"tags":[],"class_list":["post-6806","post","type-post","status-publish","format-standard","has-post-thumbnail","hentry","category-denicek"],"acf":[],"_links":{"self":[{"href":"https:\/\/www.cykloromantika.cz\/index.php\/wp-json\/wp\/v2\/posts\/6806","targetHints":{"allow":["GET"]}}],"collection":[{"href":"https:\/\/www.cykloromantika.cz\/index.php\/wp-json\/wp\/v2\/posts"}],"about":[{"href":"https:\/\/www.cykloromantika.cz\/index.php\/wp-json\/wp\/v2\/types\/post"}],"author":[{"embeddable":true,"href":"https:\/\/www.cykloromantika.cz\/index.php\/wp-json\/wp\/v2\/users\/3"}],"replies":[{"embeddable":true,"href":"https:\/\/www.cykloromantika.cz\/index.php\/wp-json\/wp\/v2\/comments?post=6806"}],"version-history":[{"count":15,"href":"https:\/\/www.cykloromantika.cz\/index.php\/wp-json\/wp\/v2\/posts\/6806\/revisions"}],"predecessor-version":[{"id":9224,"href":"https:\/\/www.cykloromantika.cz\/index.php\/wp-json\/wp\/v2\/posts\/6806\/revisions\/9224"}],"wp:featuredmedia":[{"embeddable":true,"href":"https:\/\/www.cykloromantika.cz\/index.php\/wp-json\/wp\/v2\/media\/6861"}],"wp:attachment":[{"href":"https:\/\/www.cykloromantika.cz\/index.php\/wp-json\/wp\/v2\/media?parent=6806"}],"wp:term":[{"taxonomy":"category","embeddable":true,"href":"https:\/\/www.cykloromantika.cz\/index.php\/wp-json\/wp\/v2\/categories?post=6806"},{"taxonomy":"post_tag","embeddable":true,"href":"https:\/\/www.cykloromantika.cz\/index.php\/wp-json\/wp\/v2\/tags?post=6806"}],"curies":[{"name":"wp","href":"https:\/\/api.w.org\/{rel}","templated":true}]}}