{"id":2931,"date":"2002-07-31T10:55:00","date_gmt":"2002-07-31T09:55:00","guid":{"rendered":"https:\/\/www.cykloromantika.cz\/?p=2931"},"modified":"2022-02-09T17:18:37","modified_gmt":"2022-02-09T16:18:37","slug":"vi-rocnik-vychodni-cechy-posledni-kola-s-zenskym-osazenstvem","status":"publish","type":"post","link":"https:\/\/www.cykloromantika.cz\/index.php\/2002\/07\/31\/vi-rocnik-vychodni-cechy-posledni-kola-s-zenskym-osazenstvem\/","title":{"rendered":"VI. ro\u010dn\u00edk: V\u00fdchodn\u00ed \u010cechy, posledn\u00ed kola s&nbsp;\u017eensk\u00fdm osazenstvem"},"content":{"rendered":"<div class=\"pgc-sgb-cb wp-block-pgcsimplygalleryblock-justified \" data-gallery-id=\"6a587801\"><div class=\"sgb-preloader\" id=\"pr_6a587801\">\n\t<div class=\"sgb-square\" style=\"background:#d4d4d4\"><\/div>\n\t<div class=\"sgb-square\" style=\"background:#d4d4d4\"><\/div>\n\t<div class=\"sgb-square\" style=\"background:#d4d4d4\"><\/div>\n\t<div class=\"sgb-square\" style=\"background:#d4d4d4\"><\/div><\/div><div class=\"simply-gallery-amp pgc_sgb_slider \"><noscript><div class=\"sgb-gallery\"><div class=\"sgb-item\"><a href=\"https:\/\/www.cykloromantika.cz\/wp-content\/uploads\/2002\/07\/foto-2002-01-01.jpg\"><img decoding=\"async\" alt=\"\" width=\"300\" height=\"207\" loading=\"lazy\" src=\"https:\/\/www.cykloromantika.cz\/wp-content\/uploads\/2002\/07\/foto-2002-01-01-300x207.jpg\" srcset=\"https:\/\/www.cykloromantika.cz\/wp-content\/uploads\/2002\/07\/foto-2002-01-01-300x207.jpg 300w,https:\/\/www.cykloromantika.cz\/wp-content\/uploads\/2002\/07\/foto-2002-01-01.jpg 800w\" sizes=\"auto, 250px\"\/><\/a><div class=\"sgb-item-caption\"><em>Tak tady odsud uprchl K\u00e1j\u00ednek, z M\u00edrova.<\/em><\/div><\/div><div class=\"sgb-item\"><a href=\"https:\/\/www.cykloromantika.cz\/wp-content\/uploads\/2002\/07\/foto-2002-01-02.jpg\"><img decoding=\"async\" alt=\"\" width=\"300\" height=\"208\" loading=\"lazy\" src=\"https:\/\/www.cykloromantika.cz\/wp-content\/uploads\/2002\/07\/foto-2002-01-02-300x208.jpg\" srcset=\"https:\/\/www.cykloromantika.cz\/wp-content\/uploads\/2002\/07\/foto-2002-01-02-300x208.jpg 300w,https:\/\/www.cykloromantika.cz\/wp-content\/uploads\/2002\/07\/foto-2002-01-02.jpg 800w\" sizes=\"auto, 250px\"\/><\/a><div class=\"sgb-item-caption\"><em>M\u00edrov nen\u00ed jen v\u011bzen\u00ed, ale i p\u0159ekr\u00e1sn\u00e1 p\u0159\u00edroda.<\/em><\/div><\/div><div class=\"sgb-item\"><a href=\"https:\/\/www.cykloromantika.cz\/wp-content\/uploads\/2002\/07\/foto-2002-01-03.jpg\"><img decoding=\"async\" alt=\"\" width=\"209\" height=\"300\" loading=\"lazy\" src=\"https:\/\/www.cykloromantika.cz\/wp-content\/uploads\/2002\/07\/foto-2002-01-03-209x300.jpg\" srcset=\"https:\/\/www.cykloromantika.cz\/wp-content\/uploads\/2002\/07\/foto-2002-01-03-209x300.jpg 209w,https:\/\/www.cykloromantika.cz\/wp-content\/uploads\/2002\/07\/foto-2002-01-03.jpg 557w\" sizes=\"auto, 250px\"\/><\/a><div class=\"sgb-item-caption\"><em>Bukov\u00e9 lesy kousek za Moravskou T\u0159ebovou<\/em><\/div><\/div><div class=\"sgb-item\"><a href=\"https:\/\/www.cykloromantika.cz\/wp-content\/uploads\/2002\/07\/foto-2002-01-04.jpg\"><img decoding=\"async\" alt=\"\" width=\"300\" height=\"210\" loading=\"lazy\" src=\"https:\/\/www.cykloromantika.cz\/wp-content\/uploads\/2002\/07\/foto-2002-01-04-300x210.jpg\" srcset=\"https:\/\/www.cykloromantika.cz\/wp-content\/uploads\/2002\/07\/foto-2002-01-04-300x210.jpg 300w,https:\/\/www.cykloromantika.cz\/wp-content\/uploads\/2002\/07\/foto-2002-01-04.jpg 800w\" sizes=\"auto, 250px\"\/><\/a><div class=\"sgb-item-caption\"><em>Nocleh u obce \u010cist\u00e1, r\u00e1no stan sam\u00fd slim\u00e1k, ble.:(<\/em><\/div><\/div><div class=\"sgb-item\"><a href=\"https:\/\/www.cykloromantika.cz\/wp-content\/uploads\/2002\/07\/foto-2002-01-05.jpg\"><img decoding=\"async\" alt=\"\" width=\"209\" height=\"300\" loading=\"lazy\" src=\"https:\/\/www.cykloromantika.cz\/wp-content\/uploads\/2002\/07\/foto-2002-01-05-209x300.jpg\" srcset=\"https:\/\/www.cykloromantika.cz\/wp-content\/uploads\/2002\/07\/foto-2002-01-05-209x300.jpg 209w,https:\/\/www.cykloromantika.cz\/wp-content\/uploads\/2002\/07\/foto-2002-01-05.jpg 556w\" sizes=\"auto, 250px\"\/><\/a><div class=\"sgb-item-caption\"><em>Litomy\u0161l, kdo zde nebyl, moc se ochuzuje!<\/em><\/div><\/div><div class=\"sgb-item\"><a href=\"https:\/\/www.cykloromantika.cz\/wp-content\/uploads\/2002\/07\/foto-2002-01-06.jpg\"><img decoding=\"async\" alt=\"\" width=\"300\" height=\"209\" loading=\"lazy\" src=\"https:\/\/www.cykloromantika.cz\/wp-content\/uploads\/2002\/07\/foto-2002-01-06-300x209.jpg\" srcset=\"https:\/\/www.cykloromantika.cz\/wp-content\/uploads\/2002\/07\/foto-2002-01-06-300x209.jpg 300w,https:\/\/www.cykloromantika.cz\/wp-content\/uploads\/2002\/07\/foto-2002-01-06.jpg 800w\" sizes=\"auto, 250px\"\/><\/a><div class=\"sgb-item-caption\"><em>N\u00e1dhern\u00fd v\u00fdhled na Ko\u0161umberk<\/em><\/div><\/div><div class=\"sgb-item\"><a href=\"https:\/\/www.cykloromantika.cz\/wp-content\/uploads\/2002\/07\/foto-2002-01-07.jpg\"><img decoding=\"async\" alt=\"\" width=\"209\" height=\"300\" loading=\"lazy\" src=\"https:\/\/www.cykloromantika.cz\/wp-content\/uploads\/2002\/07\/foto-2002-01-07-209x300.jpg\" srcset=\"https:\/\/www.cykloromantika.cz\/wp-content\/uploads\/2002\/07\/foto-2002-01-07-209x300.jpg 209w,https:\/\/www.cykloromantika.cz\/wp-content\/uploads\/2002\/07\/foto-2002-01-07.jpg 558w\" sizes=\"auto, 250px\"\/><\/a><div class=\"sgb-item-caption\"><em>Ko\u0161umberskou z\u0159\u00edceninu jsme dobyli pouze my dva.:)<\/em><\/div><\/div><div class=\"sgb-item\"><a href=\"https:\/\/www.cykloromantika.cz\/wp-content\/uploads\/2002\/07\/foto-2002-01-08.jpg\"><img decoding=\"async\" alt=\"\" width=\"207\" height=\"300\" loading=\"lazy\" src=\"https:\/\/www.cykloromantika.cz\/wp-content\/uploads\/2002\/07\/foto-2002-01-08-207x300.jpg\" srcset=\"https:\/\/www.cykloromantika.cz\/wp-content\/uploads\/2002\/07\/foto-2002-01-08-207x300.jpg 207w,https:\/\/www.cykloromantika.cz\/wp-content\/uploads\/2002\/07\/foto-2002-01-08.jpg 552w\" sizes=\"auto, 250px\"\/><\/a><div class=\"sgb-item-caption\"><em>Jir\u00e1skova Chrudim s dominantou kostela<\/em><\/div><\/div><div class=\"sgb-item\"><a href=\"https:\/\/www.cykloromantika.cz\/wp-content\/uploads\/2002\/07\/foto-2002-01-09.jpg\"><img decoding=\"async\" alt=\"\" width=\"300\" height=\"208\" loading=\"lazy\" src=\"https:\/\/www.cykloromantika.cz\/wp-content\/uploads\/2002\/07\/foto-2002-01-09-300x208.jpg\" srcset=\"https:\/\/www.cykloromantika.cz\/wp-content\/uploads\/2002\/07\/foto-2002-01-09-300x208.jpg 300w,https:\/\/www.cykloromantika.cz\/wp-content\/uploads\/2002\/07\/foto-2002-01-09.jpg 800w\" sizes=\"auto, 250px\"\/><\/a><div class=\"sgb-item-caption\"><em>Modern\u00ed a historick\u00e1 z\u00e1stavba Chrudimi<\/em><\/div><\/div><div class=\"sgb-item\"><a href=\"https:\/\/www.cykloromantika.cz\/wp-content\/uploads\/2002\/07\/foto-2002-01-10.jpg\"><img decoding=\"async\" alt=\"\" width=\"208\" height=\"300\" loading=\"lazy\" src=\"https:\/\/www.cykloromantika.cz\/wp-content\/uploads\/2002\/07\/foto-2002-01-10-208x300.jpg\" srcset=\"https:\/\/www.cykloromantika.cz\/wp-content\/uploads\/2002\/07\/foto-2002-01-10-208x300.jpg 208w,https:\/\/www.cykloromantika.cz\/wp-content\/uploads\/2002\/07\/foto-2002-01-10.jpg 555w\" sizes=\"auto, 250px\"\/><\/a><div class=\"sgb-item-caption\"><em>Historick\u00e1 \u010d\u00e1st Chrudimi<\/em><\/div><\/div><div class=\"sgb-item\"><a href=\"https:\/\/www.cykloromantika.cz\/wp-content\/uploads\/2002\/07\/foto-2002-01-11.jpg\"><img decoding=\"async\" alt=\"\" width=\"300\" height=\"207\" loading=\"lazy\" src=\"https:\/\/www.cykloromantika.cz\/wp-content\/uploads\/2002\/07\/foto-2002-01-11-300x207.jpg\" srcset=\"https:\/\/www.cykloromantika.cz\/wp-content\/uploads\/2002\/07\/foto-2002-01-11-300x207.jpg 300w,https:\/\/www.cykloromantika.cz\/wp-content\/uploads\/2002\/07\/foto-2002-01-11.jpg 800w\" sizes=\"auto, 250px\"\/><\/a><div class=\"sgb-item-caption\"><em>Kun\u011btick\u00e1 hora, vyjeli jsme, ale bylo zav\u0159eno.:(<\/em><\/div><\/div><div class=\"sgb-item\"><a href=\"https:\/\/www.cykloromantika.cz\/wp-content\/uploads\/2002\/07\/foto-2002-01-12.jpg\"><img decoding=\"async\" alt=\"\" width=\"300\" height=\"207\" loading=\"lazy\" src=\"https:\/\/www.cykloromantika.cz\/wp-content\/uploads\/2002\/07\/foto-2002-01-12-300x207.jpg\" srcset=\"https:\/\/www.cykloromantika.cz\/wp-content\/uploads\/2002\/07\/foto-2002-01-12-300x207.jpg 300w,https:\/\/www.cykloromantika.cz\/wp-content\/uploads\/2002\/07\/foto-2002-01-12.jpg 800w\" sizes=\"auto, 250px\"\/><\/a><div class=\"sgb-item-caption\"><em>Pohled z noclehu u jedn\u00e9 hodn\u00e9 babi\u010dky u Kuksu:)<\/em><\/div><\/div><div class=\"sgb-item\"><a href=\"https:\/\/www.cykloromantika.cz\/wp-content\/uploads\/2002\/07\/foto-2002-01-13.jpg\"><img decoding=\"async\" alt=\"\" width=\"300\" height=\"206\" loading=\"lazy\" src=\"https:\/\/www.cykloromantika.cz\/wp-content\/uploads\/2002\/07\/foto-2002-01-13-300x206.jpg\" srcset=\"https:\/\/www.cykloromantika.cz\/wp-content\/uploads\/2002\/07\/foto-2002-01-13-300x206.jpg 300w,https:\/\/www.cykloromantika.cz\/wp-content\/uploads\/2002\/07\/foto-2002-01-13.jpg 800w\" sizes=\"auto, 250px\"\/><\/a><div class=\"sgb-item-caption\"><em>Spink\u00e1n\u00ed u Kuksu, zlat\u00e1 nezn\u00e1m\u00e1 babi\u010dka:)<\/em><\/div><\/div><div class=\"sgb-item\"><a href=\"https:\/\/www.cykloromantika.cz\/wp-content\/uploads\/2002\/07\/foto-2002-01-14.jpg\"><img decoding=\"async\" alt=\"\" width=\"300\" height=\"209\" loading=\"lazy\" src=\"https:\/\/www.cykloromantika.cz\/wp-content\/uploads\/2002\/07\/foto-2002-01-14-300x209.jpg\" srcset=\"https:\/\/www.cykloromantika.cz\/wp-content\/uploads\/2002\/07\/foto-2002-01-14-300x209.jpg 300w,https:\/\/www.cykloromantika.cz\/wp-content\/uploads\/2002\/07\/foto-2002-01-14.jpg 800w\" sizes=\"auto, 250px\"\/><\/a><div class=\"sgb-item-caption\"><em>Kuks, nen\u00ed to z\u00e1mek, ale hospic. Pozor na to.:)<\/em><\/div><\/div><div class=\"sgb-item\"><a href=\"https:\/\/www.cykloromantika.cz\/wp-content\/uploads\/2002\/07\/foto-2002-01-15.jpg\"><img decoding=\"async\" alt=\"\" width=\"300\" height=\"207\" loading=\"lazy\" src=\"https:\/\/www.cykloromantika.cz\/wp-content\/uploads\/2002\/07\/foto-2002-01-15-300x207.jpg\" srcset=\"https:\/\/www.cykloromantika.cz\/wp-content\/uploads\/2002\/07\/foto-2002-01-15-300x207.jpg 300w,https:\/\/www.cykloromantika.cz\/wp-content\/uploads\/2002\/07\/foto-2002-01-15.jpg 800w\" sizes=\"auto, 250px\"\/><\/a><div class=\"sgb-item-caption\"><em>Dv\u016fr kr\u00e1lov\u00e9 a zoofil\u2026 Nebo Du\u0161an? No Du\u0161ane\u2026<\/em><\/div><\/div><div class=\"sgb-item\"><a href=\"https:\/\/www.cykloromantika.cz\/wp-content\/uploads\/2002\/07\/foto-2002-01-16.jpg\"><img decoding=\"async\" alt=\"\" width=\"300\" height=\"209\" loading=\"lazy\" src=\"https:\/\/www.cykloromantika.cz\/wp-content\/uploads\/2002\/07\/foto-2002-01-16-300x209.jpg\" srcset=\"https:\/\/www.cykloromantika.cz\/wp-content\/uploads\/2002\/07\/foto-2002-01-16-300x209.jpg 300w,https:\/\/www.cykloromantika.cz\/wp-content\/uploads\/2002\/07\/foto-2002-01-16.jpg 800w\" sizes=\"auto, 250px\"\/><\/a><div class=\"sgb-item-caption\"><em>Z\u00e1mek v Chvalkovic\u00edch je v dezol\u00e1tn\u00edm stavu!:(<\/em><\/div><\/div><div class=\"sgb-item\"><a href=\"https:\/\/www.cykloromantika.cz\/wp-content\/uploads\/2002\/07\/foto-2002-01-17.jpg\"><img decoding=\"async\" alt=\"\" width=\"209\" height=\"300\" loading=\"lazy\" src=\"https:\/\/www.cykloromantika.cz\/wp-content\/uploads\/2002\/07\/foto-2002-01-17-209x300.jpg\" srcset=\"https:\/\/www.cykloromantika.cz\/wp-content\/uploads\/2002\/07\/foto-2002-01-17-209x300.jpg 209w,https:\/\/www.cykloromantika.cz\/wp-content\/uploads\/2002\/07\/foto-2002-01-17.jpg 557w\" sizes=\"auto, 250px\"\/><\/a><div class=\"sgb-item-caption\"><em>No tak to vypad\u00e1, kdy\u017e se fo\u0165\u00e1k o\u017eere.:)<\/em><\/div><\/div><div class=\"sgb-item\"><a href=\"https:\/\/www.cykloromantika.cz\/wp-content\/uploads\/2002\/07\/foto-2002-01-18.jpg\"><img decoding=\"async\" alt=\"\" width=\"208\" height=\"300\" loading=\"lazy\" src=\"https:\/\/www.cykloromantika.cz\/wp-content\/uploads\/2002\/07\/foto-2002-01-18-208x300.jpg\" srcset=\"https:\/\/www.cykloromantika.cz\/wp-content\/uploads\/2002\/07\/foto-2002-01-18-208x300.jpg 208w,https:\/\/www.cykloromantika.cz\/wp-content\/uploads\/2002\/07\/foto-2002-01-18.jpg 555w\" sizes=\"auto, 250px\"\/><\/a><div class=\"sgb-item-caption\"><em>Kousek za \u010cerven\u00fdm Kostelcem, p\u0159ejezd Metuje<\/em><\/div><\/div><div class=\"sgb-item\"><a href=\"https:\/\/www.cykloromantika.cz\/wp-content\/uploads\/2022\/02\/foto-2002-01-19.jpg\"><img decoding=\"async\" alt=\"\" width=\"208\" height=\"300\" loading=\"lazy\" src=\"https:\/\/www.cykloromantika.cz\/wp-content\/uploads\/2022\/02\/foto-2002-01-19-208x300.jpg\" srcset=\"https:\/\/www.cykloromantika.cz\/wp-content\/uploads\/2022\/02\/foto-2002-01-19-208x300.jpg 208w,https:\/\/www.cykloromantika.cz\/wp-content\/uploads\/2022\/02\/foto-2002-01-19.jpg 555w\" sizes=\"auto, 250px\"\/><\/a><div class=\"sgb-item-caption\"><em>Adr\u0161pach\u2026 jedno z nejp\u016fsobiv\u011bj\u0161\u00edch m\u00edst na cest\u00e1ch<\/em><\/div><\/div><div class=\"sgb-item\"><a href=\"https:\/\/www.cykloromantika.cz\/wp-content\/uploads\/2022\/02\/foto-2002-01-20.jpg\"><img decoding=\"async\" alt=\"\" width=\"300\" height=\"207\" loading=\"lazy\" src=\"https:\/\/www.cykloromantika.cz\/wp-content\/uploads\/2022\/02\/foto-2002-01-20-300x207.jpg\" srcset=\"https:\/\/www.cykloromantika.cz\/wp-content\/uploads\/2022\/02\/foto-2002-01-20-300x207.jpg 300w,https:\/\/www.cykloromantika.cz\/wp-content\/uploads\/2022\/02\/foto-2002-01-20.jpg 800w\" sizes=\"auto, 250px\"\/><\/a><div class=\"sgb-item-caption\"><em>Vyv\u011bra\u010dka pramene v Adr\u0161pa\u0161sk\u00fdch skal\u00e1ch<\/em><\/div><\/div><div class=\"sgb-item\"><a href=\"https:\/\/www.cykloromantika.cz\/wp-content\/uploads\/2022\/02\/foto-2002-01-21.jpg\"><img decoding=\"async\" alt=\"\" width=\"208\" height=\"300\" loading=\"lazy\" src=\"https:\/\/www.cykloromantika.cz\/wp-content\/uploads\/2022\/02\/foto-2002-01-21-208x300.jpg\" srcset=\"https:\/\/www.cykloromantika.cz\/wp-content\/uploads\/2022\/02\/foto-2002-01-21-208x300.jpg 208w,https:\/\/www.cykloromantika.cz\/wp-content\/uploads\/2022\/02\/foto-2002-01-21.jpg 555w\" sizes=\"auto, 250px\"\/><\/a><div class=\"sgb-item-caption\"><em>\u010clov\u011bk, tedy i Vl\u010d\u00e1ci stoj\u00ed jako okouzleni.:)<\/em><\/div><\/div><div class=\"sgb-item\"><a href=\"https:\/\/www.cykloromantika.cz\/wp-content\/uploads\/2022\/02\/foto-2002-01-22.jpg\"><img decoding=\"async\" alt=\"\" width=\"300\" height=\"207\" loading=\"lazy\" src=\"https:\/\/www.cykloromantika.cz\/wp-content\/uploads\/2022\/02\/foto-2002-01-22-300x207.jpg\" srcset=\"https:\/\/www.cykloromantika.cz\/wp-content\/uploads\/2022\/02\/foto-2002-01-22-300x207.jpg 300w,https:\/\/www.cykloromantika.cz\/wp-content\/uploads\/2022\/02\/foto-2002-01-22.jpg 800w\" sizes=\"auto, 250px\"\/><\/a><div class=\"sgb-item-caption\"><em>Stezky jsou v Adr\u0161pachu v perfektn\u00edm stavu.<\/em><\/div><\/div><div class=\"sgb-item\"><a href=\"https:\/\/www.cykloromantika.cz\/wp-content\/uploads\/2022\/02\/foto-2002-01-23.jpg\"><img decoding=\"async\" alt=\"\" width=\"300\" height=\"207\" loading=\"lazy\" src=\"https:\/\/www.cykloromantika.cz\/wp-content\/uploads\/2022\/02\/foto-2002-01-23-300x207.jpg\" srcset=\"https:\/\/www.cykloromantika.cz\/wp-content\/uploads\/2022\/02\/foto-2002-01-23-300x207.jpg 300w,https:\/\/www.cykloromantika.cz\/wp-content\/uploads\/2022\/02\/foto-2002-01-23.jpg 800w\" sizes=\"auto, 250px\"\/><\/a><div class=\"sgb-item-caption\"><em>V Adr\u0161pachu jsme spali v t\u00e1bo\u0159e mlad\u00fdch judist\u016f.<\/em><\/div><\/div><div class=\"sgb-item\"><a href=\"https:\/\/www.cykloromantika.cz\/wp-content\/uploads\/2022\/02\/foto-2002-01-24.jpg\"><img decoding=\"async\" alt=\"\" width=\"300\" height=\"209\" loading=\"lazy\" src=\"https:\/\/www.cykloromantika.cz\/wp-content\/uploads\/2022\/02\/foto-2002-01-24-300x209.jpg\" srcset=\"https:\/\/www.cykloromantika.cz\/wp-content\/uploads\/2022\/02\/foto-2002-01-24-300x209.jpg 300w,https:\/\/www.cykloromantika.cz\/wp-content\/uploads\/2022\/02\/foto-2002-01-24.jpg 800w\" sizes=\"auto, 250px\"\/><\/a><div class=\"sgb-item-caption\"><em>Adr\u0161pach, p\u00edskovcov\u00e9 mohyly<\/em><\/div><\/div><div class=\"sgb-item\"><a href=\"https:\/\/www.cykloromantika.cz\/wp-content\/uploads\/2022\/02\/foto-2002-01-25.jpg\"><img decoding=\"async\" alt=\"\" width=\"208\" height=\"300\" loading=\"lazy\" src=\"https:\/\/www.cykloromantika.cz\/wp-content\/uploads\/2022\/02\/foto-2002-01-25-208x300.jpg\" srcset=\"https:\/\/www.cykloromantika.cz\/wp-content\/uploads\/2022\/02\/foto-2002-01-25-208x300.jpg 208w,https:\/\/www.cykloromantika.cz\/wp-content\/uploads\/2022\/02\/foto-2002-01-25.jpg 555w\" sizes=\"auto, 250px\"\/><\/a><div class=\"sgb-item-caption\"><em>St\u00e1rkov, jelo se po sv\u00ed\u010dkov\u00e9 a v\u00fdpe\u010dc\u00edch dost zle.:)<\/em><\/div><\/div><div class=\"sgb-item\"><a href=\"https:\/\/www.cykloromantika.cz\/wp-content\/uploads\/2022\/02\/foto-2002-01-26.jpg\"><img decoding=\"async\" alt=\"\" width=\"207\" height=\"300\" loading=\"lazy\" src=\"https:\/\/www.cykloromantika.cz\/wp-content\/uploads\/2022\/02\/foto-2002-01-26-207x300.jpg\" srcset=\"https:\/\/www.cykloromantika.cz\/wp-content\/uploads\/2022\/02\/foto-2002-01-26-207x300.jpg 207w,https:\/\/www.cykloromantika.cz\/wp-content\/uploads\/2022\/02\/foto-2002-01-26.jpg 553w\" sizes=\"auto, 250px\"\/><\/a><div class=\"sgb-item-caption\"><em>Jir\u00e1sk\u016fv Hronov, ten jsme jen projeli.:)<\/em><\/div><\/div><div class=\"sgb-item\"><a href=\"https:\/\/www.cykloromantika.cz\/wp-content\/uploads\/2022\/02\/foto-2002-01-27.jpg\"><img decoding=\"async\" alt=\"\" width=\"300\" height=\"206\" loading=\"lazy\" src=\"https:\/\/www.cykloromantika.cz\/wp-content\/uploads\/2022\/02\/foto-2002-01-27-300x206.jpg\" srcset=\"https:\/\/www.cykloromantika.cz\/wp-content\/uploads\/2022\/02\/foto-2002-01-27-300x206.jpg 300w,https:\/\/www.cykloromantika.cz\/wp-content\/uploads\/2022\/02\/foto-2002-01-27.jpg 800w\" sizes=\"auto, 250px\"\/><\/a><div class=\"sgb-item-caption\"><em>Mraky n\u00e1s \u017eenou k N\u00e1chodu, kde cesta skon\u010d\u00ed.<\/em><\/div><\/div><div class=\"sgb-item\"><a href=\"https:\/\/www.cykloromantika.cz\/wp-content\/uploads\/2022\/02\/foto-2002-01-28.jpg\"><img decoding=\"async\" alt=\"\" width=\"300\" height=\"208\" loading=\"lazy\" src=\"https:\/\/www.cykloromantika.cz\/wp-content\/uploads\/2022\/02\/foto-2002-01-28-300x208.jpg\" srcset=\"https:\/\/www.cykloromantika.cz\/wp-content\/uploads\/2022\/02\/foto-2002-01-28-300x208.jpg 300w,https:\/\/www.cykloromantika.cz\/wp-content\/uploads\/2022\/02\/foto-2002-01-28.jpg 800w\" sizes=\"auto, 250px\"\/><\/a><div class=\"sgb-item-caption\"><em>U Vl\u010d\u00e1k\u016f ve\u010der, d\u00e1v\u00e1me v\u0161e dopo\u0159\u00e1dku.:)<\/em><\/div><\/div><\/div><\/noscript><\/div><script type=\"application\/json\" class=\"sgb-data\">{\"lastRowFill\":true,\"collectionThumbRecomendedHeight\":300,\"collectionThumbMiniScreenScale\":true,\"captionHAlign\":\"bottom\",\"collectionthumbHoverTitleFontSize\":12,\"collectionthumbRoundedCorners\":8,\"collectionthumbHoverTitleTextBgColor\":\"rgba(0,0,0,0.44)\",\"collectionThumbSubMenuShare\":false,\"galleryType\":\"pgc_sgb_justified\",\"galleryId\":\"6a587801\",\"galleryQuery\":null,\"images\":[{\"id\":2892,\"title\":\"Foto 2002 01 01\",\"url\":\"https:\/\/www.cykloromantika.cz\/wp-content\/uploads\/2002\/07\/foto-2002-01-01.jpg\",\"link\":\"https:\/\/www.cykloromantika.cz\/?attachment_id=2892\",\"alt\":\"\",\"description\":\"\",\"caption\":\"Tak tady odsud uprchl K\u00e1j\u00ednek, z M\u00edrova.\",\"mime\":\"image\/jpeg\",\"type\":\"image\",\"width\":800,\"height\":551,\"sizes\":{\"thumbnail\":{\"height\":103,\"width\":150,\"url\":\"https:\/\/www.cykloromantika.cz\/wp-content\/uploads\/2002\/07\/foto-2002-01-01-150x103.jpg\",\"orientation\":\"landscape\"},\"medium\":{\"height\":207,\"width\":300,\"url\":\"https:\/\/www.cykloromantika.cz\/wp-content\/uploads\/2002\/07\/foto-2002-01-01-300x207.jpg\",\"orientation\":\"landscape\"},\"full\":{\"url\":\"https:\/\/www.cykloromantika.cz\/wp-content\/uploads\/2002\/07\/foto-2002-01-01.jpg\",\"height\":551,\"width\":800,\"orientation\":\"landscape\"}},\"meta\":false},{\"id\":2893,\"title\":\"Foto 2002 01 02\",\"url\":\"https:\/\/www.cykloromantika.cz\/wp-content\/uploads\/2002\/07\/foto-2002-01-02.jpg\",\"link\":\"https:\/\/www.cykloromantika.cz\/?attachment_id=2893\",\"alt\":\"\",\"description\":\"\",\"caption\":\"M\u00edrov nen\u00ed jen v\u011bzen\u00ed, ale i p\u0159ekr\u00e1sn\u00e1 p\u0159\u00edroda.\",\"mime\":\"image\/jpeg\",\"type\":\"image\",\"width\":800,\"height\":554,\"sizes\":{\"thumbnail\":{\"height\":104,\"width\":150,\"url\":\"https:\/\/www.cykloromantika.cz\/wp-content\/uploads\/2002\/07\/foto-2002-01-02-150x104.jpg\",\"orientation\":\"landscape\"},\"medium\":{\"height\":208,\"width\":300,\"url\":\"https:\/\/www.cykloromantika.cz\/wp-content\/uploads\/2002\/07\/foto-2002-01-02-300x208.jpg\",\"orientation\":\"landscape\"},\"full\":{\"url\":\"https:\/\/www.cykloromantika.cz\/wp-content\/uploads\/2002\/07\/foto-2002-01-02.jpg\",\"height\":554,\"width\":800,\"orientation\":\"landscape\"}},\"meta\":false},{\"id\":2894,\"title\":\"Foto 2002 01 03\",\"url\":\"https:\/\/www.cykloromantika.cz\/wp-content\/uploads\/2002\/07\/foto-2002-01-03.jpg\",\"link\":\"https:\/\/www.cykloromantika.cz\/?attachment_id=2894\",\"alt\":\"\",\"description\":\"\",\"caption\":\"Bukov\u00e9 lesy kousek za Moravskou T\u0159ebovou\",\"mime\":\"image\/jpeg\",\"type\":\"image\",\"width\":557,\"height\":800,\"sizes\":{\"thumbnail\":{\"height\":150,\"width\":104,\"url\":\"https:\/\/www.cykloromantika.cz\/wp-content\/uploads\/2002\/07\/foto-2002-01-03-104x150.jpg\",\"orientation\":\"portrait\"},\"medium\":{\"height\":300,\"width\":209,\"url\":\"https:\/\/www.cykloromantika.cz\/wp-content\/uploads\/2002\/07\/foto-2002-01-03-209x300.jpg\",\"orientation\":\"portrait\"},\"full\":{\"url\":\"https:\/\/www.cykloromantika.cz\/wp-content\/uploads\/2002\/07\/foto-2002-01-03.jpg\",\"height\":800,\"width\":557,\"orientation\":\"portrait\"}},\"meta\":false},{\"id\":2895,\"title\":\"Foto 2002 01 04\",\"url\":\"https:\/\/www.cykloromantika.cz\/wp-content\/uploads\/2002\/07\/foto-2002-01-04.jpg\",\"link\":\"https:\/\/www.cykloromantika.cz\/?attachment_id=2895\",\"alt\":\"\",\"description\":\"\",\"caption\":\"Nocleh u obce \u010cist\u00e1, r\u00e1no stan sam\u00fd slim\u00e1k, ble.:(\",\"mime\":\"image\/jpeg\",\"type\":\"image\",\"width\":800,\"height\":559,\"sizes\":{\"thumbnail\":{\"height\":105,\"width\":150,\"url\":\"https:\/\/www.cykloromantika.cz\/wp-content\/uploads\/2002\/07\/foto-2002-01-04-150x105.jpg\",\"orientation\":\"landscape\"},\"medium\":{\"height\":210,\"width\":300,\"url\":\"https:\/\/www.cykloromantika.cz\/wp-content\/uploads\/2002\/07\/foto-2002-01-04-300x210.jpg\",\"orientation\":\"landscape\"},\"full\":{\"url\":\"https:\/\/www.cykloromantika.cz\/wp-content\/uploads\/2002\/07\/foto-2002-01-04.jpg\",\"height\":559,\"width\":800,\"orientation\":\"landscape\"}},\"meta\":false},{\"id\":2896,\"title\":\"Foto 2002 01 05\",\"url\":\"https:\/\/www.cykloromantika.cz\/wp-content\/uploads\/2002\/07\/foto-2002-01-05.jpg\",\"link\":\"https:\/\/www.cykloromantika.cz\/?attachment_id=2896\",\"alt\":\"\",\"description\":\"\",\"caption\":\"Litomy\u0161l, kdo zde nebyl, moc se ochuzuje!\",\"mime\":\"image\/jpeg\",\"type\":\"image\",\"width\":556,\"height\":800,\"sizes\":{\"thumbnail\":{\"height\":150,\"width\":104,\"url\":\"https:\/\/www.cykloromantika.cz\/wp-content\/uploads\/2002\/07\/foto-2002-01-05-104x150.jpg\",\"orientation\":\"portrait\"},\"medium\":{\"height\":300,\"width\":209,\"url\":\"https:\/\/www.cykloromantika.cz\/wp-content\/uploads\/2002\/07\/foto-2002-01-05-209x300.jpg\",\"orientation\":\"portrait\"},\"full\":{\"url\":\"https:\/\/www.cykloromantika.cz\/wp-content\/uploads\/2002\/07\/foto-2002-01-05.jpg\",\"height\":800,\"width\":556,\"orientation\":\"portrait\"}},\"meta\":false},{\"id\":2897,\"title\":\"Foto 2002 01 06\",\"url\":\"https:\/\/www.cykloromantika.cz\/wp-content\/uploads\/2002\/07\/foto-2002-01-06.jpg\",\"link\":\"https:\/\/www.cykloromantika.cz\/?attachment_id=2897\",\"alt\":\"\",\"description\":\"\",\"caption\":\"N\u00e1dhern\u00fd v\u00fdhled na Ko\u0161umberk\",\"mime\":\"image\/jpeg\",\"type\":\"image\",\"width\":800,\"height\":558,\"sizes\":{\"thumbnail\":{\"height\":105,\"width\":150,\"url\":\"https:\/\/www.cykloromantika.cz\/wp-content\/uploads\/2002\/07\/foto-2002-01-06-150x105.jpg\",\"orientation\":\"landscape\"},\"medium\":{\"height\":209,\"width\":300,\"url\":\"https:\/\/www.cykloromantika.cz\/wp-content\/uploads\/2002\/07\/foto-2002-01-06-300x209.jpg\",\"orientation\":\"landscape\"},\"full\":{\"url\":\"https:\/\/www.cykloromantika.cz\/wp-content\/uploads\/2002\/07\/foto-2002-01-06.jpg\",\"height\":558,\"width\":800,\"orientation\":\"landscape\"}},\"meta\":false},{\"id\":2898,\"title\":\"Foto 2002 01 07\",\"url\":\"https:\/\/www.cykloromantika.cz\/wp-content\/uploads\/2002\/07\/foto-2002-01-07.jpg\",\"link\":\"https:\/\/www.cykloromantika.cz\/?attachment_id=2898\",\"alt\":\"\",\"description\":\"\",\"caption\":\"Ko\u0161umberskou z\u0159\u00edceninu jsme dobyli pouze my dva.:)\",\"mime\":\"image\/jpeg\",\"type\":\"image\",\"width\":558,\"height\":800,\"sizes\":{\"thumbnail\":{\"height\":150,\"width\":105,\"url\":\"https:\/\/www.cykloromantika.cz\/wp-content\/uploads\/2002\/07\/foto-2002-01-07-105x150.jpg\",\"orientation\":\"portrait\"},\"medium\":{\"height\":300,\"width\":209,\"url\":\"https:\/\/www.cykloromantika.cz\/wp-content\/uploads\/2002\/07\/foto-2002-01-07-209x300.jpg\",\"orientation\":\"portrait\"},\"full\":{\"url\":\"https:\/\/www.cykloromantika.cz\/wp-content\/uploads\/2002\/07\/foto-2002-01-07.jpg\",\"height\":800,\"width\":558,\"orientation\":\"portrait\"}},\"meta\":false},{\"id\":2899,\"title\":\"Foto 2002 01 08\",\"url\":\"https:\/\/www.cykloromantika.cz\/wp-content\/uploads\/2002\/07\/foto-2002-01-08.jpg\",\"link\":\"https:\/\/www.cykloromantika.cz\/?attachment_id=2899\",\"alt\":\"\",\"description\":\"\",\"caption\":\"Jir\u00e1skova Chrudim s dominantou kostela\",\"mime\":\"image\/jpeg\",\"type\":\"image\",\"width\":552,\"height\":800,\"sizes\":{\"thumbnail\":{\"height\":150,\"width\":104,\"url\":\"https:\/\/www.cykloromantika.cz\/wp-content\/uploads\/2002\/07\/foto-2002-01-08-104x150.jpg\",\"orientation\":\"portrait\"},\"medium\":{\"height\":300,\"width\":207,\"url\":\"https:\/\/www.cykloromantika.cz\/wp-content\/uploads\/2002\/07\/foto-2002-01-08-207x300.jpg\",\"orientation\":\"portrait\"},\"full\":{\"url\":\"https:\/\/www.cykloromantika.cz\/wp-content\/uploads\/2002\/07\/foto-2002-01-08.jpg\",\"height\":800,\"width\":552,\"orientation\":\"portrait\"}},\"meta\":false},{\"id\":2900,\"title\":\"Foto 2002 01 09\",\"url\":\"https:\/\/www.cykloromantika.cz\/wp-content\/uploads\/2002\/07\/foto-2002-01-09.jpg\",\"link\":\"https:\/\/www.cykloromantika.cz\/?attachment_id=2900\",\"alt\":\"\",\"description\":\"\",\"caption\":\"Modern\u00ed a historick\u00e1 z\u00e1stavba Chrudimi\",\"mime\":\"image\/jpeg\",\"type\":\"image\",\"width\":800,\"height\":554,\"sizes\":{\"thumbnail\":{\"height\":104,\"width\":150,\"url\":\"https:\/\/www.cykloromantika.cz\/wp-content\/uploads\/2002\/07\/foto-2002-01-09-150x104.jpg\",\"orientation\":\"landscape\"},\"medium\":{\"height\":208,\"width\":300,\"url\":\"https:\/\/www.cykloromantika.cz\/wp-content\/uploads\/2002\/07\/foto-2002-01-09-300x208.jpg\",\"orientation\":\"landscape\"},\"full\":{\"url\":\"https:\/\/www.cykloromantika.cz\/wp-content\/uploads\/2002\/07\/foto-2002-01-09.jpg\",\"height\":554,\"width\":800,\"orientation\":\"landscape\"}},\"meta\":false},{\"id\":2901,\"title\":\"Foto 2002 01 10\",\"url\":\"https:\/\/www.cykloromantika.cz\/wp-content\/uploads\/2002\/07\/foto-2002-01-10.jpg\",\"link\":\"https:\/\/www.cykloromantika.cz\/?attachment_id=2901\",\"alt\":\"\",\"description\":\"\",\"caption\":\"Historick\u00e1 \u010d\u00e1st Chrudimi\",\"mime\":\"image\/jpeg\",\"type\":\"image\",\"width\":555,\"height\":800,\"sizes\":{\"thumbnail\":{\"height\":150,\"width\":104,\"url\":\"https:\/\/www.cykloromantika.cz\/wp-content\/uploads\/2002\/07\/foto-2002-01-10-104x150.jpg\",\"orientation\":\"portrait\"},\"medium\":{\"height\":300,\"width\":208,\"url\":\"https:\/\/www.cykloromantika.cz\/wp-content\/uploads\/2002\/07\/foto-2002-01-10-208x300.jpg\",\"orientation\":\"portrait\"},\"full\":{\"url\":\"https:\/\/www.cykloromantika.cz\/wp-content\/uploads\/2002\/07\/foto-2002-01-10.jpg\",\"height\":800,\"width\":555,\"orientation\":\"portrait\"}},\"meta\":false},{\"id\":2902,\"title\":\"Foto 2002 01 11\",\"url\":\"https:\/\/www.cykloromantika.cz\/wp-content\/uploads\/2002\/07\/foto-2002-01-11.jpg\",\"link\":\"https:\/\/www.cykloromantika.cz\/?attachment_id=2902\",\"alt\":\"\",\"description\":\"\",\"caption\":\"Kun\u011btick\u00e1 hora, vyjeli jsme, ale bylo zav\u0159eno.:(\",\"mime\":\"image\/jpeg\",\"type\":\"image\",\"width\":800,\"height\":552,\"sizes\":{\"thumbnail\":{\"height\":104,\"width\":150,\"url\":\"https:\/\/www.cykloromantika.cz\/wp-content\/uploads\/2002\/07\/foto-2002-01-11-150x104.jpg\",\"orientation\":\"landscape\"},\"medium\":{\"height\":207,\"width\":300,\"url\":\"https:\/\/www.cykloromantika.cz\/wp-content\/uploads\/2002\/07\/foto-2002-01-11-300x207.jpg\",\"orientation\":\"landscape\"},\"full\":{\"url\":\"https:\/\/www.cykloromantika.cz\/wp-content\/uploads\/2002\/07\/foto-2002-01-11.jpg\",\"height\":552,\"width\":800,\"orientation\":\"landscape\"}},\"meta\":false},{\"id\":2903,\"title\":\"Foto 2002 01 12\",\"url\":\"https:\/\/www.cykloromantika.cz\/wp-content\/uploads\/2002\/07\/foto-2002-01-12.jpg\",\"link\":\"https:\/\/www.cykloromantika.cz\/?attachment_id=2903\",\"alt\":\"\",\"description\":\"\",\"caption\":\"Pohled z noclehu u jedn\u00e9 hodn\u00e9 babi\u010dky u Kuksu:)\",\"mime\":\"image\/jpeg\",\"type\":\"image\",\"width\":800,\"height\":552,\"sizes\":{\"thumbnail\":{\"height\":104,\"width\":150,\"url\":\"https:\/\/www.cykloromantika.cz\/wp-content\/uploads\/2002\/07\/foto-2002-01-12-150x104.jpg\",\"orientation\":\"landscape\"},\"medium\":{\"height\":207,\"width\":300,\"url\":\"https:\/\/www.cykloromantika.cz\/wp-content\/uploads\/2002\/07\/foto-2002-01-12-300x207.jpg\",\"orientation\":\"landscape\"},\"full\":{\"url\":\"https:\/\/www.cykloromantika.cz\/wp-content\/uploads\/2002\/07\/foto-2002-01-12.jpg\",\"height\":552,\"width\":800,\"orientation\":\"landscape\"}},\"meta\":false},{\"id\":2904,\"title\":\"Foto 2002 01 13\",\"url\":\"https:\/\/www.cykloromantika.cz\/wp-content\/uploads\/2002\/07\/foto-2002-01-13.jpg\",\"link\":\"https:\/\/www.cykloromantika.cz\/?attachment_id=2904\",\"alt\":\"\",\"description\":\"\",\"caption\":\"Spink\u00e1n\u00ed u Kuksu, zlat\u00e1 nezn\u00e1m\u00e1 babi\u010dka:)\",\"mime\":\"image\/jpeg\",\"type\":\"image\",\"width\":800,\"height\":549,\"sizes\":{\"thumbnail\":{\"height\":103,\"width\":150,\"url\":\"https:\/\/www.cykloromantika.cz\/wp-content\/uploads\/2002\/07\/foto-2002-01-13-150x103.jpg\",\"orientation\":\"landscape\"},\"medium\":{\"height\":206,\"width\":300,\"url\":\"https:\/\/www.cykloromantika.cz\/wp-content\/uploads\/2002\/07\/foto-2002-01-13-300x206.jpg\",\"orientation\":\"landscape\"},\"full\":{\"url\":\"https:\/\/www.cykloromantika.cz\/wp-content\/uploads\/2002\/07\/foto-2002-01-13.jpg\",\"height\":549,\"width\":800,\"orientation\":\"landscape\"}},\"meta\":false},{\"id\":2905,\"title\":\"Foto 2002 01 14\",\"url\":\"https:\/\/www.cykloromantika.cz\/wp-content\/uploads\/2002\/07\/foto-2002-01-14.jpg\",\"link\":\"https:\/\/www.cykloromantika.cz\/?attachment_id=2905\",\"alt\":\"\",\"description\":\"\",\"caption\":\"Kuks, nen\u00ed to z\u00e1mek, ale hospic. Pozor na to.:)\",\"mime\":\"image\/jpeg\",\"type\":\"image\",\"width\":800,\"height\":556,\"sizes\":{\"thumbnail\":{\"height\":104,\"width\":150,\"url\":\"https:\/\/www.cykloromantika.cz\/wp-content\/uploads\/2002\/07\/foto-2002-01-14-150x104.jpg\",\"orientation\":\"landscape\"},\"medium\":{\"height\":209,\"width\":300,\"url\":\"https:\/\/www.cykloromantika.cz\/wp-content\/uploads\/2002\/07\/foto-2002-01-14-300x209.jpg\",\"orientation\":\"landscape\"},\"full\":{\"url\":\"https:\/\/www.cykloromantika.cz\/wp-content\/uploads\/2002\/07\/foto-2002-01-14.jpg\",\"height\":556,\"width\":800,\"orientation\":\"landscape\"}},\"meta\":false},{\"id\":2906,\"title\":\"Foto 2002 01 15\",\"url\":\"https:\/\/www.cykloromantika.cz\/wp-content\/uploads\/2002\/07\/foto-2002-01-15.jpg\",\"link\":\"https:\/\/www.cykloromantika.cz\/?attachment_id=2906\",\"alt\":\"\",\"description\":\"\",\"caption\":\"Dv\u016fr kr\u00e1lov\u00e9 a zoofil\u2026 Nebo Du\u0161an? No Du\u0161ane\u2026\",\"mime\":\"image\/jpeg\",\"type\":\"image\",\"width\":800,\"height\":553,\"sizes\":{\"thumbnail\":{\"height\":104,\"width\":150,\"url\":\"https:\/\/www.cykloromantika.cz\/wp-content\/uploads\/2002\/07\/foto-2002-01-15-150x104.jpg\",\"orientation\":\"landscape\"},\"medium\":{\"height\":207,\"width\":300,\"url\":\"https:\/\/www.cykloromantika.cz\/wp-content\/uploads\/2002\/07\/foto-2002-01-15-300x207.jpg\",\"orientation\":\"landscape\"},\"full\":{\"url\":\"https:\/\/www.cykloromantika.cz\/wp-content\/uploads\/2002\/07\/foto-2002-01-15.jpg\",\"height\":553,\"width\":800,\"orientation\":\"landscape\"}},\"meta\":false},{\"id\":2907,\"title\":\"Foto 2002 01 16\",\"url\":\"https:\/\/www.cykloromantika.cz\/wp-content\/uploads\/2002\/07\/foto-2002-01-16.jpg\",\"link\":\"https:\/\/www.cykloromantika.cz\/?attachment_id=2907\",\"alt\":\"\",\"description\":\"\",\"caption\":\"Z\u00e1mek v Chvalkovic\u00edch je v dezol\u00e1tn\u00edm stavu!:(\",\"mime\":\"image\/jpeg\",\"type\":\"image\",\"width\":800,\"height\":558,\"sizes\":{\"thumbnail\":{\"height\":105,\"width\":150,\"url\":\"https:\/\/www.cykloromantika.cz\/wp-content\/uploads\/2002\/07\/foto-2002-01-16-150x105.jpg\",\"orientation\":\"landscape\"},\"medium\":{\"height\":209,\"width\":300,\"url\":\"https:\/\/www.cykloromantika.cz\/wp-content\/uploads\/2002\/07\/foto-2002-01-16-300x209.jpg\",\"orientation\":\"landscape\"},\"full\":{\"url\":\"https:\/\/www.cykloromantika.cz\/wp-content\/uploads\/2002\/07\/foto-2002-01-16.jpg\",\"height\":558,\"width\":800,\"orientation\":\"landscape\"}},\"meta\":false},{\"id\":2908,\"title\":\"Foto 2002 01 17\",\"url\":\"https:\/\/www.cykloromantika.cz\/wp-content\/uploads\/2002\/07\/foto-2002-01-17.jpg\",\"link\":\"https:\/\/www.cykloromantika.cz\/?attachment_id=2908\",\"alt\":\"\",\"description\":\"\",\"caption\":\"No tak to vypad\u00e1, kdy\u017e se fo\u0165\u00e1k o\u017eere.:)\",\"mime\":\"image\/jpeg\",\"type\":\"image\",\"width\":557,\"height\":800,\"sizes\":{\"thumbnail\":{\"height\":150,\"width\":104,\"url\":\"https:\/\/www.cykloromantika.cz\/wp-content\/uploads\/2002\/07\/foto-2002-01-17-104x150.jpg\",\"orientation\":\"portrait\"},\"medium\":{\"height\":300,\"width\":209,\"url\":\"https:\/\/www.cykloromantika.cz\/wp-content\/uploads\/2002\/07\/foto-2002-01-17-209x300.jpg\",\"orientation\":\"portrait\"},\"full\":{\"url\":\"https:\/\/www.cykloromantika.cz\/wp-content\/uploads\/2002\/07\/foto-2002-01-17.jpg\",\"height\":800,\"width\":557,\"orientation\":\"portrait\"}},\"meta\":false},{\"id\":2909,\"title\":\"Foto 2002 01 18\",\"url\":\"https:\/\/www.cykloromantika.cz\/wp-content\/uploads\/2002\/07\/foto-2002-01-18.jpg\",\"link\":\"https:\/\/www.cykloromantika.cz\/?attachment_id=2909\",\"alt\":\"\",\"description\":\"\",\"caption\":\"Kousek za \u010cerven\u00fdm Kostelcem, p\u0159ejezd Metuje\",\"mime\":\"image\/jpeg\",\"type\":\"image\",\"width\":555,\"height\":800,\"sizes\":{\"thumbnail\":{\"height\":150,\"width\":104,\"url\":\"https:\/\/www.cykloromantika.cz\/wp-content\/uploads\/2002\/07\/foto-2002-01-18-104x150.jpg\",\"orientation\":\"portrait\"},\"medium\":{\"height\":300,\"width\":208,\"url\":\"https:\/\/www.cykloromantika.cz\/wp-content\/uploads\/2002\/07\/foto-2002-01-18-208x300.jpg\",\"orientation\":\"portrait\"},\"full\":{\"url\":\"https:\/\/www.cykloromantika.cz\/wp-content\/uploads\/2002\/07\/foto-2002-01-18.jpg\",\"height\":800,\"width\":555,\"orientation\":\"portrait\"}},\"meta\":false},{\"id\":2921,\"title\":\"Foto 2002 01 19\",\"url\":\"https:\/\/www.cykloromantika.cz\/wp-content\/uploads\/2022\/02\/foto-2002-01-19.jpg\",\"link\":\"https:\/\/www.cykloromantika.cz\/foto-2002-01-19\/\",\"alt\":\"\",\"description\":\"\",\"caption\":\"Adr\u0161pach\u2026 jedno z nejp\u016fsobiv\u011bj\u0161\u00edch m\u00edst na cest\u00e1ch\",\"mime\":\"image\/jpeg\",\"type\":\"image\",\"width\":555,\"height\":800,\"sizes\":{\"thumbnail\":{\"height\":150,\"width\":104,\"url\":\"https:\/\/www.cykloromantika.cz\/wp-content\/uploads\/2022\/02\/foto-2002-01-19-104x150.jpg\",\"orientation\":\"portrait\"},\"medium\":{\"height\":300,\"width\":208,\"url\":\"https:\/\/www.cykloromantika.cz\/wp-content\/uploads\/2022\/02\/foto-2002-01-19-208x300.jpg\",\"orientation\":\"portrait\"},\"full\":{\"url\":\"https:\/\/www.cykloromantika.cz\/wp-content\/uploads\/2022\/02\/foto-2002-01-19.jpg\",\"height\":800,\"width\":555,\"orientation\":\"portrait\"}},\"meta\":false},{\"id\":2922,\"title\":\"Foto 2002 01 20\",\"url\":\"https:\/\/www.cykloromantika.cz\/wp-content\/uploads\/2022\/02\/foto-2002-01-20.jpg\",\"link\":\"https:\/\/www.cykloromantika.cz\/foto-2002-01-20\/\",\"alt\":\"\",\"description\":\"\",\"caption\":\"Vyv\u011bra\u010dka pramene v Adr\u0161pa\u0161sk\u00fdch skal\u00e1ch\",\"mime\":\"image\/jpeg\",\"type\":\"image\",\"width\":800,\"height\":552,\"sizes\":{\"thumbnail\":{\"height\":104,\"width\":150,\"url\":\"https:\/\/www.cykloromantika.cz\/wp-content\/uploads\/2022\/02\/foto-2002-01-20-150x104.jpg\",\"orientation\":\"landscape\"},\"medium\":{\"height\":207,\"width\":300,\"url\":\"https:\/\/www.cykloromantika.cz\/wp-content\/uploads\/2022\/02\/foto-2002-01-20-300x207.jpg\",\"orientation\":\"landscape\"},\"full\":{\"url\":\"https:\/\/www.cykloromantika.cz\/wp-content\/uploads\/2022\/02\/foto-2002-01-20.jpg\",\"height\":552,\"width\":800,\"orientation\":\"landscape\"}},\"meta\":false},{\"id\":2923,\"title\":\"Foto 2002 01 21\",\"url\":\"https:\/\/www.cykloromantika.cz\/wp-content\/uploads\/2022\/02\/foto-2002-01-21.jpg\",\"link\":\"https:\/\/www.cykloromantika.cz\/foto-2002-01-21\/\",\"alt\":\"\",\"description\":\"\",\"caption\":\"\u010clov\u011bk, tedy i Vl\u010d\u00e1ci stoj\u00ed jako okouzleni.:)\",\"mime\":\"image\/jpeg\",\"type\":\"image\",\"width\":555,\"height\":800,\"sizes\":{\"thumbnail\":{\"height\":150,\"width\":104,\"url\":\"https:\/\/www.cykloromantika.cz\/wp-content\/uploads\/2022\/02\/foto-2002-01-21-104x150.jpg\",\"orientation\":\"portrait\"},\"medium\":{\"height\":300,\"width\":208,\"url\":\"https:\/\/www.cykloromantika.cz\/wp-content\/uploads\/2022\/02\/foto-2002-01-21-208x300.jpg\",\"orientation\":\"portrait\"},\"full\":{\"url\":\"https:\/\/www.cykloromantika.cz\/wp-content\/uploads\/2022\/02\/foto-2002-01-21.jpg\",\"height\":800,\"width\":555,\"orientation\":\"portrait\"}},\"meta\":false},{\"id\":2924,\"title\":\"Foto 2002 01 22\",\"url\":\"https:\/\/www.cykloromantika.cz\/wp-content\/uploads\/2022\/02\/foto-2002-01-22.jpg\",\"link\":\"https:\/\/www.cykloromantika.cz\/foto-2002-01-22\/\",\"alt\":\"\",\"description\":\"\",\"caption\":\"Stezky jsou v Adr\u0161pachu v perfektn\u00edm stavu.\",\"mime\":\"image\/jpeg\",\"type\":\"image\",\"width\":800,\"height\":553,\"sizes\":{\"thumbnail\":{\"height\":104,\"width\":150,\"url\":\"https:\/\/www.cykloromantika.cz\/wp-content\/uploads\/2022\/02\/foto-2002-01-22-150x104.jpg\",\"orientation\":\"landscape\"},\"medium\":{\"height\":207,\"width\":300,\"url\":\"https:\/\/www.cykloromantika.cz\/wp-content\/uploads\/2022\/02\/foto-2002-01-22-300x207.jpg\",\"orientation\":\"landscape\"},\"full\":{\"url\":\"https:\/\/www.cykloromantika.cz\/wp-content\/uploads\/2022\/02\/foto-2002-01-22.jpg\",\"height\":553,\"width\":800,\"orientation\":\"landscape\"}},\"meta\":false},{\"id\":2925,\"title\":\"Foto 2002 01 23\",\"url\":\"https:\/\/www.cykloromantika.cz\/wp-content\/uploads\/2022\/02\/foto-2002-01-23.jpg\",\"link\":\"https:\/\/www.cykloromantika.cz\/foto-2002-01-23\/\",\"alt\":\"\",\"description\":\"\",\"caption\":\"V Adr\u0161pachu jsme spali v t\u00e1bo\u0159e mlad\u00fdch judist\u016f.\",\"mime\":\"image\/jpeg\",\"type\":\"image\",\"width\":800,\"height\":552,\"sizes\":{\"thumbnail\":{\"height\":104,\"width\":150,\"url\":\"https:\/\/www.cykloromantika.cz\/wp-content\/uploads\/2022\/02\/foto-2002-01-23-150x104.jpg\",\"orientation\":\"landscape\"},\"medium\":{\"height\":207,\"width\":300,\"url\":\"https:\/\/www.cykloromantika.cz\/wp-content\/uploads\/2022\/02\/foto-2002-01-23-300x207.jpg\",\"orientation\":\"landscape\"},\"full\":{\"url\":\"https:\/\/www.cykloromantika.cz\/wp-content\/uploads\/2022\/02\/foto-2002-01-23.jpg\",\"height\":552,\"width\":800,\"orientation\":\"landscape\"}},\"meta\":false},{\"id\":2926,\"title\":\"Foto 2002 01 24\",\"url\":\"https:\/\/www.cykloromantika.cz\/wp-content\/uploads\/2022\/02\/foto-2002-01-24.jpg\",\"link\":\"https:\/\/www.cykloromantika.cz\/foto-2002-01-24\/\",\"alt\":\"\",\"description\":\"\",\"caption\":\"Adr\u0161pach, p\u00edskovcov\u00e9 mohyly\",\"mime\":\"image\/jpeg\",\"type\":\"image\",\"width\":800,\"height\":558,\"sizes\":{\"thumbnail\":{\"height\":105,\"width\":150,\"url\":\"https:\/\/www.cykloromantika.cz\/wp-content\/uploads\/2022\/02\/foto-2002-01-24-150x105.jpg\",\"orientation\":\"landscape\"},\"medium\":{\"height\":209,\"width\":300,\"url\":\"https:\/\/www.cykloromantika.cz\/wp-content\/uploads\/2022\/02\/foto-2002-01-24-300x209.jpg\",\"orientation\":\"landscape\"},\"full\":{\"url\":\"https:\/\/www.cykloromantika.cz\/wp-content\/uploads\/2022\/02\/foto-2002-01-24.jpg\",\"height\":558,\"width\":800,\"orientation\":\"landscape\"}},\"meta\":false},{\"id\":2927,\"title\":\"Foto 2002 01 25\",\"url\":\"https:\/\/www.cykloromantika.cz\/wp-content\/uploads\/2022\/02\/foto-2002-01-25.jpg\",\"link\":\"https:\/\/www.cykloromantika.cz\/foto-2002-01-25\/\",\"alt\":\"\",\"description\":\"\",\"caption\":\"St\u00e1rkov, jelo se po sv\u00ed\u010dkov\u00e9 a v\u00fdpe\u010dc\u00edch dost zle.:)\",\"mime\":\"image\/jpeg\",\"type\":\"image\",\"width\":555,\"height\":800,\"sizes\":{\"thumbnail\":{\"height\":150,\"width\":104,\"url\":\"https:\/\/www.cykloromantika.cz\/wp-content\/uploads\/2022\/02\/foto-2002-01-25-104x150.jpg\",\"orientation\":\"portrait\"},\"medium\":{\"height\":300,\"width\":208,\"url\":\"https:\/\/www.cykloromantika.cz\/wp-content\/uploads\/2022\/02\/foto-2002-01-25-208x300.jpg\",\"orientation\":\"portrait\"},\"full\":{\"url\":\"https:\/\/www.cykloromantika.cz\/wp-content\/uploads\/2022\/02\/foto-2002-01-25.jpg\",\"height\":800,\"width\":555,\"orientation\":\"portrait\"}},\"meta\":false},{\"id\":2928,\"title\":\"Foto 2002 01 26\",\"url\":\"https:\/\/www.cykloromantika.cz\/wp-content\/uploads\/2022\/02\/foto-2002-01-26.jpg\",\"link\":\"https:\/\/www.cykloromantika.cz\/foto-2002-01-26\/\",\"alt\":\"\",\"description\":\"\",\"caption\":\"Jir\u00e1sk\u016fv Hronov, ten jsme jen projeli.:)\",\"mime\":\"image\/jpeg\",\"type\":\"image\",\"width\":553,\"height\":800,\"sizes\":{\"thumbnail\":{\"height\":150,\"width\":104,\"url\":\"https:\/\/www.cykloromantika.cz\/wp-content\/uploads\/2022\/02\/foto-2002-01-26-104x150.jpg\",\"orientation\":\"portrait\"},\"medium\":{\"height\":300,\"width\":207,\"url\":\"https:\/\/www.cykloromantika.cz\/wp-content\/uploads\/2022\/02\/foto-2002-01-26-207x300.jpg\",\"orientation\":\"portrait\"},\"full\":{\"url\":\"https:\/\/www.cykloromantika.cz\/wp-content\/uploads\/2022\/02\/foto-2002-01-26.jpg\",\"height\":800,\"width\":553,\"orientation\":\"portrait\"}},\"meta\":false},{\"id\":2929,\"title\":\"Foto 2002 01 27\",\"url\":\"https:\/\/www.cykloromantika.cz\/wp-content\/uploads\/2022\/02\/foto-2002-01-27.jpg\",\"link\":\"https:\/\/www.cykloromantika.cz\/foto-2002-01-27\/\",\"alt\":\"\",\"description\":\"\",\"caption\":\"Mraky n\u00e1s \u017eenou k N\u00e1chodu, kde cesta skon\u010d\u00ed.\",\"mime\":\"image\/jpeg\",\"type\":\"image\",\"width\":800,\"height\":549,\"sizes\":{\"thumbnail\":{\"height\":103,\"width\":150,\"url\":\"https:\/\/www.cykloromantika.cz\/wp-content\/uploads\/2022\/02\/foto-2002-01-27-150x103.jpg\",\"orientation\":\"landscape\"},\"medium\":{\"height\":206,\"width\":300,\"url\":\"https:\/\/www.cykloromantika.cz\/wp-content\/uploads\/2022\/02\/foto-2002-01-27-300x206.jpg\",\"orientation\":\"landscape\"},\"full\":{\"url\":\"https:\/\/www.cykloromantika.cz\/wp-content\/uploads\/2022\/02\/foto-2002-01-27.jpg\",\"height\":549,\"width\":800,\"orientation\":\"landscape\"}},\"meta\":false},{\"id\":2930,\"title\":\"Foto 2002 01 28\",\"url\":\"https:\/\/www.cykloromantika.cz\/wp-content\/uploads\/2022\/02\/foto-2002-01-28.jpg\",\"link\":\"https:\/\/www.cykloromantika.cz\/foto-2002-01-28\/\",\"alt\":\"\",\"description\":\"\",\"caption\":\"U Vl\u010d\u00e1k\u016f ve\u010der, d\u00e1v\u00e1me v\u0161e dopo\u0159\u00e1dku.:)\",\"mime\":\"image\/jpeg\",\"type\":\"image\",\"width\":800,\"height\":554,\"sizes\":{\"thumbnail\":{\"height\":104,\"width\":150,\"url\":\"https:\/\/www.cykloromantika.cz\/wp-content\/uploads\/2022\/02\/foto-2002-01-28-150x104.jpg\",\"orientation\":\"landscape\"},\"medium\":{\"height\":208,\"width\":300,\"url\":\"https:\/\/www.cykloromantika.cz\/wp-content\/uploads\/2022\/02\/foto-2002-01-28-300x208.jpg\",\"orientation\":\"landscape\"},\"full\":{\"url\":\"https:\/\/www.cykloromantika.cz\/wp-content\/uploads\/2022\/02\/foto-2002-01-28.jpg\",\"height\":554,\"width\":800,\"orientation\":\"landscape\"}},\"meta\":false}],\"itemsMetaDataCollection\":[],\"galleryData\":\"{\\u0022pageMode\\u0022:false,\\u0022lastRowFill\\u0022:true,\\u0022collectionThumbRecomendedHeight\\u0022:300,\\u0022collectionThumbMiniScreenScale\\u0022:true,\\u0022thumbSpacing\\u0022:5,\\u0022externalLink\\u0022:true,\\u0022externalLinkDefName\\u0022:\\u0022Read More\\u0022,\\u0022externalLinkTextColor\\u0022:\\u0022rgba(0,0,0,1)\\u0022,\\u0022externalLinkBgColor\\u0022:\\u0022rgba(255,255,255,1)\\u0022,\\u0022externalLinkFontSize\\u0022:18,\\u0022captions\\u0022:true,\\u0022captionSrc\\u0022:\\u0022caption\\u0022,\\u0022captionHAlign\\u0022:\\u0022bottom\\u0022,\\u0022collectionthumbHoverTitleFontSize\\u0022:12,\\u0022collectionthumbRoundedCorners\\u0022:8,\\u0022collectionthumbHoverTitleTextColor\\u0022:\\u0022rgba(255,255,255,1)\\u0022,\\u0022collectionthumbHoverTitleTextBgColor\\u0022:\\u0022rgba(0,0,0,0.44)\\u0022,\\u0022collectionthumbHoverBgColor\\u0022:\\u0022rgba(0,0,0,0.4)\\u0022,\\u0022collectionThumbSubMenuDownload\\u0022:true,\\u0022collectionThumbSubMenuShare\\u0022:false,\\u0022collectionThumbSubMenuBgColor\\u0022:\\u0022rgba(0,0,0,0.4)\\u0022,\\u0022collectionThumbSubMenuBgColorHover\\u0022:\\u0022rgba(255,255,255,1)\\u0022,\\u0022collectionThumbSubMenuIconColor\\u0022:\\u0022rgba(255,255,255,1)\\u0022,\\u0022collectionThumbSubMenuIconColorHover\\u0022:\\u0022rgba(0,0,0,1)\\u0022,\\u0022galleryType\\u0022:\\u0022pgc_sgb_justified\\u0022,\\u0022align\\u0022:\\u0022\\u0022,\\u0022galleryId\\u0022:\\u00226a587801\\u0022,\\u0022galleryQuery\\u0022:null,\\u0022tagsListCustomMode\\u0022:false,\\u0022initGalleryByFirstTag\\u0022:false,\\u0022deepLinkingForTag\\u0022:false,\\u0022galleryTagsList\\u0022:[],\\u0022useClobalSettings\\u0022:true,\\u0022orderBy\\u0022:\\u0022title\\u0022,\\u0022deepLinking\\u0022:false,\\u0022useLightbox\\u0022:true,\\u0022thumbClickAction\\u0022:\\u0022useLightbox\\u0022,\\u0022numItemsDisplayed\\u0022:0,\\u0022lazyLoading\\u0022:true,\\u0022contentNoPadding\\u0022:false,\\u0022galleryPreloaderColor\\u0022:\\u0022rgba(230,230,230,1)\\u0022,\\u0022galleryBgColor\\u0022:\\u0022rgba(0,0,0,0)\\u0022,\\u0022galleryBorderRadius\\u0022:8,\\u0022customCSS\\u0022:\\u0022\\u0022,\\u0022itemsPerPage\\u0022:20,\\u0022loadMoreDefName\\u0022:\\u0022Load More\\u0022,\\u0022loadMoreFontSize\\u0022:16,\\u0022loadMoreTextColor\\u0022:\\u0022rgba(255,255,255,1)\\u0022,\\u0022loadMoreBgColor\\u0022:\\u0022rgba(0,0,0,1)\\u0022,\\u0022tagsFilter\\u0022:false,\\u0022tagCloudAll\\u0022:\\u0022All\\u0022,\\u0022tagCloudBgColor\\u0022:\\u0022rgba(153,153,153,1)\\u0022,\\u0022tagCloudBgColorOver\\u0022:\\u0022rgba(253,253,253,1)\\u0022,\\u0022tagCloudTextColor\\u0022:\\u0022rgba(253,253,253,1)\\u0022,\\u0022tagCloudTextColorOver\\u0022:\\u0022rgba(153,153,153,1)\\u0022,\\u0022tagCloudFontSize\\u0022:16,\\u0022modaBgColor\\u0022:\\u0022rgba(0,0,0,0.8)\\u0022,\\u0022modalIconColor\\u0022:\\u0022rgba(255,255,255,1)\\u0022,\\u0022modalIconColorHover\\u0022:\\u0022rgba(255,255,255,0.8)\\u0022,\\u0022shareFacebook\\u0022:false,\\u0022shareTwitter\\u0022:false,\\u0022sharePinterest\\u0022:false,\\u0022sliderItemDownload\\u0022:true,\\u0022shareCopyLink\\u0022:true,\\u0022sharePost\\u0022:\\u0022postlink\\u0022,\\u0022copyRProtection\\u0022:false,\\u0022copyRAlert\\u0022:\\u0022Hello, this photo is mine!\\u0022,\\u0022sliderScrollNavi\\u0022:false,\\u0022sliderNextPrevAnimation\\u0022:\\u0022animation\\u0022,\\u0022galleryScrollPositionControll\\u0022:false,\\u0022sliderVideoAutoPlay\\u0022:false,\\u0022sliderVideoLoop\\u0022:false,\\u0022sliderItemCounterEnable\\u0022:true,\\u0022sliderCaptionSrc\\u0022:\\u0022caption\\u0022,\\u0022sliderItemTitleEnable\\u0022:true,\\u0022sliderItemTitleFontSize\\u0022:18,\\u0022sliderItemTitleTextColor\\u0022:\\u0022rgba(255,255,255,1)\\u0022,\\u0022itemCounterColor\\u0022:\\u0022rgba(255,255,255,1)\\u0022,\\u0022sliderThumbBarEnable\\u0022:true,\\u0022sliderThumbBarHoverColor\\u0022:\\u0022rgba(240,240,240,1)\\u0022,\\u0022sliderBgColor\\u0022:\\u0022rgba(0,0,0,0.8)\\u0022,\\u0022sliderPreloaderColor\\u0022:\\u0022rgba(240,240,240,1)\\u0022,\\u0022sliderHeaderFooterBgColor\\u0022:\\u0022rgba(0,0,0,0.4)\\u0022,\\u0022sliderNavigationColor\\u0022:\\u0022rgba(0,0,0,1)\\u0022,\\u0022sliderNavigationColorOver\\u0022:\\u0022rgba(255,255,255,1)\\u0022,\\u0022sliderNavigationIconColor\\u0022:\\u0022rgba(255,255,255,1)\\u0022,\\u0022sliderNavigationIconColorOver\\u0022:\\u0022rgba(0,0,0,1)\\u0022,\\u0022sliderSlideshow\\u0022:true,\\u0022sliderSlideshowDelay\\u0022:8,\\u0022slideshowIndicatorColor\\u0022:\\u0022rgba(255,255,255,1)\\u0022,\\u0022slideshowIndicatorColorBg\\u0022:\\u0022rgba(255,255,255,0.5)\\u0022,\\u0022sliderThumbSubMenuBackgroundColor\\u0022:\\u0022rgba(255,255,255,0)\\u0022,\\u0022sliderThumbSubMenuBackgroundColorOver\\u0022:\\u0022rgba(255,255,255,1)\\u0022,\\u0022sliderThumbSubMenuIconColor\\u0022:\\u0022rgba(255,255,255,1)\\u0022,\\u0022sliderThumbSubMenuIconHoverColor\\u0022:\\u0022rgba(0,0,0,1)\\u0022,\\u0022sliderSocialShareEnabled\\u0022:false,\\u0022sliderZoomEnable\\u0022:true,\\u0022sliderFullscreenEnabled\\u0022:true,\\u0022settingsModalIsOpen\\u0022:false,\\u0022skin\\u0022:\\u0022justified\\u0022}\",\"useClobalSettings\":true,\"orderBy\":\"title\",\"galleryBorderRadius\":8,\"shareFacebook\":false,\"shareTwitter\":false,\"sharePinterest\":false,\"sharePost\":\"postlink\",\"sliderItemTitleEnable\":true,\"sliderSocialShareEnabled\":false}<\/script><script>(function(){if(window.PGC_SGB && window.PGC_SGB.searcher){window.PGC_SGB.searcher.initBlocks()}})()<\/script><\/div>\n","protected":false},"excerpt":{"rendered":"","protected":false},"author":1,"featured_media":2923,"comment_status":"open","ping_status":"open","sticky":false,"template":"","format":"standard","meta":{"_acf_changed":false,"pgc_sgb_lightbox_settings":"","footnotes":""},"categories":[31],"tags":[],"class_list":["post-2931","post","type-post","status-publish","format-standard","has-post-thumbnail","hentry","category-denicek"],"acf":[],"_links":{"self":[{"href":"https:\/\/www.cykloromantika.cz\/index.php\/wp-json\/wp\/v2\/posts\/2931","targetHints":{"allow":["GET"]}}],"collection":[{"href":"https:\/\/www.cykloromantika.cz\/index.php\/wp-json\/wp\/v2\/posts"}],"about":[{"href":"https:\/\/www.cykloromantika.cz\/index.php\/wp-json\/wp\/v2\/types\/post"}],"author":[{"embeddable":true,"href":"https:\/\/www.cykloromantika.cz\/index.php\/wp-json\/wp\/v2\/users\/1"}],"replies":[{"embeddable":true,"href":"https:\/\/www.cykloromantika.cz\/index.php\/wp-json\/wp\/v2\/comments?post=2931"}],"version-history":[{"count":3,"href":"https:\/\/www.cykloromantika.cz\/index.php\/wp-json\/wp\/v2\/posts\/2931\/revisions"}],"predecessor-version":[{"id":3281,"href":"https:\/\/www.cykloromantika.cz\/index.php\/wp-json\/wp\/v2\/posts\/2931\/revisions\/3281"}],"wp:featuredmedia":[{"embeddable":true,"href":"https:\/\/www.cykloromantika.cz\/index.php\/wp-json\/wp\/v2\/media\/2923"}],"wp:attachment":[{"href":"https:\/\/www.cykloromantika.cz\/index.php\/wp-json\/wp\/v2\/media?parent=2931"}],"wp:term":[{"taxonomy":"category","embeddable":true,"href":"https:\/\/www.cykloromantika.cz\/index.php\/wp-json\/wp\/v2\/categories?post=2931"},{"taxonomy":"post_tag","embeddable":true,"href":"https:\/\/www.cykloromantika.cz\/index.php\/wp-json\/wp\/v2\/tags?post=2931"}],"curies":[{"name":"wp","href":"https:\/\/api.w.org\/{rel}","templated":true}]}}