{"id":2888,"date":"2001-08-01T17:59:00","date_gmt":"2001-08-01T16:59:00","guid":{"rendered":"https:\/\/www.cykloromantika.cz\/?p=2888"},"modified":"2022-02-09T17:18:08","modified_gmt":"2022-02-09T16:18:08","slug":"v-rocnik-cesta-okolo-hranic-jak-ji-neznate","status":"publish","type":"post","link":"https:\/\/www.cykloromantika.cz\/index.php\/2001\/08\/01\/v-rocnik-cesta-okolo-hranic-jak-ji-neznate\/","title":{"rendered":"V. ro\u010dn\u00edk: Cesta okolo hranic, jak ji nezn\u00e1te"},"content":{"rendered":"<div class=\"pgc-sgb-cb wp-block-pgcsimplygalleryblock-justified \" data-gallery-id=\"60064725\"><div class=\"sgb-preloader\" id=\"pr_60064725\">\n\t<div class=\"sgb-square\" style=\"background:#d4d4d4\"><\/div>\n\t<div class=\"sgb-square\" style=\"background:#d4d4d4\"><\/div>\n\t<div class=\"sgb-square\" style=\"background:#d4d4d4\"><\/div>\n\t<div class=\"sgb-square\" style=\"background:#d4d4d4\"><\/div><\/div><div class=\"simply-gallery-amp pgc_sgb_slider \"><noscript><div class=\"sgb-gallery\"><div class=\"sgb-item\"><a href=\"https:\/\/www.cykloromantika.cz\/?attachment_id=2864\" target=\"_blank\"><img decoding=\"async\" alt=\"\" width=\"209\" height=\"300\" loading=\"lazy\" src=\"https:\/\/www.cykloromantika.cz\/wp-content\/uploads\/2001\/08\/foto-2001-01-01-209x300.jpg\" srcset=\"https:\/\/www.cykloromantika.cz\/wp-content\/uploads\/2001\/08\/foto-2001-01-01-209x300.jpg 209w,https:\/\/www.cykloromantika.cz\/wp-content\/uploads\/2001\/08\/foto-2001-01-01.jpg 556w\" sizes=\"auto, 250px\"\/><\/a><div class=\"sgb-item-caption\"><em>Hlubok\u00e1 nad Vltavou, ji\u017e pon\u011bkolikr\u00e1te:)<\/em><\/div><\/div><div class=\"sgb-item\"><a href=\"https:\/\/www.cykloromantika.cz\/?attachment_id=2865\" target=\"_blank\"><img decoding=\"async\" alt=\"\" width=\"300\" height=\"208\" loading=\"lazy\" src=\"https:\/\/www.cykloromantika.cz\/wp-content\/uploads\/2001\/08\/foto-2001-01-02-300x208.jpg\" srcset=\"https:\/\/www.cykloromantika.cz\/wp-content\/uploads\/2001\/08\/foto-2001-01-02-300x208.jpg 300w,https:\/\/www.cykloromantika.cz\/wp-content\/uploads\/2001\/08\/foto-2001-01-02.jpg 800w\" sizes=\"auto, 250px\"\/><\/a><div class=\"sgb-item-caption\"><em>Pohled z mostu na Lu\u017enici v Bechyni<\/em><\/div><\/div><div class=\"sgb-item\"><a href=\"https:\/\/www.cykloromantika.cz\/?attachment_id=2866\" target=\"_blank\"><img decoding=\"async\" alt=\"\" width=\"209\" height=\"300\" loading=\"lazy\" src=\"https:\/\/www.cykloromantika.cz\/wp-content\/uploads\/2001\/08\/foto-2001-01-03-209x300.jpg\" srcset=\"https:\/\/www.cykloromantika.cz\/wp-content\/uploads\/2001\/08\/foto-2001-01-03-209x300.jpg 209w,https:\/\/www.cykloromantika.cz\/wp-content\/uploads\/2001\/08\/foto-2001-01-03.jpg 557w\" sizes=\"auto, 250px\"\/><\/a><div class=\"sgb-item-caption\"><em>Koz\u00ed hr\u00e1dek, jak v\u00fdsti\u017en\u00e9, Vlk s pr\u016fvodkyn\u00ed:)<\/em><\/div><\/div><div class=\"sgb-item\"><a href=\"https:\/\/www.cykloromantika.cz\/?attachment_id=2867\" target=\"_blank\"><img decoding=\"async\" alt=\"\" width=\"300\" height=\"208\" loading=\"lazy\" src=\"https:\/\/www.cykloromantika.cz\/wp-content\/uploads\/2001\/08\/foto-2001-01-04-300x208.jpg\" srcset=\"https:\/\/www.cykloromantika.cz\/wp-content\/uploads\/2001\/08\/foto-2001-01-04-300x208.jpg 300w,https:\/\/www.cykloromantika.cz\/wp-content\/uploads\/2001\/08\/foto-2001-01-04.jpg 800w\" sizes=\"auto, 250px\"\/><\/a><div class=\"sgb-item-caption\"><em>Hrad K\u00e1men, nyn\u00ed muzeum<\/em><\/div><\/div><div class=\"sgb-item\"><a href=\"https:\/\/www.cykloromantika.cz\/?attachment_id=2868\" target=\"_blank\"><img decoding=\"async\" alt=\"\" width=\"300\" height=\"208\" loading=\"lazy\" src=\"https:\/\/www.cykloromantika.cz\/wp-content\/uploads\/2001\/08\/foto-2001-01-05-300x208.jpg\" srcset=\"https:\/\/www.cykloromantika.cz\/wp-content\/uploads\/2001\/08\/foto-2001-01-05-300x208.jpg 300w,https:\/\/www.cykloromantika.cz\/wp-content\/uploads\/2001\/08\/foto-2001-01-05.jpg 800w\" sizes=\"auto, 250px\"\/><\/a><\/div><div class=\"sgb-item\"><a href=\"https:\/\/www.cykloromantika.cz\/?attachment_id=2869\" target=\"_blank\"><img decoding=\"async\" alt=\"\" width=\"300\" height=\"208\" loading=\"lazy\" src=\"https:\/\/www.cykloromantika.cz\/wp-content\/uploads\/2001\/08\/foto-2001-01-06-300x208.jpg\" srcset=\"https:\/\/www.cykloromantika.cz\/wp-content\/uploads\/2001\/08\/foto-2001-01-06-300x208.jpg 300w,https:\/\/www.cykloromantika.cz\/wp-content\/uploads\/2001\/08\/foto-2001-01-06.jpg 800w\" sizes=\"auto, 250px\"\/><\/a><\/div><div class=\"sgb-item\"><a href=\"https:\/\/www.cykloromantika.cz\/?attachment_id=2870\" target=\"_blank\"><img decoding=\"async\" alt=\"\" width=\"300\" height=\"208\" loading=\"lazy\" src=\"https:\/\/www.cykloromantika.cz\/wp-content\/uploads\/2001\/08\/foto-2001-01-07-300x208.jpg\" srcset=\"https:\/\/www.cykloromantika.cz\/wp-content\/uploads\/2001\/08\/foto-2001-01-07-300x208.jpg 300w,https:\/\/www.cykloromantika.cz\/wp-content\/uploads\/2001\/08\/foto-2001-01-07.jpg 800w\" sizes=\"auto, 250px\"\/><\/a><div class=\"sgb-item-caption\"><em>Nov\u00e9 Hrady n\u00e1s p\u0159iv\u00edtali slun\u00ed\u010dkem.:)<\/em><\/div><\/div><div class=\"sgb-item\"><a href=\"https:\/\/www.cykloromantika.cz\/?attachment_id=2871\" target=\"_blank\"><img decoding=\"async\" alt=\"\" width=\"300\" height=\"207\" loading=\"lazy\" src=\"https:\/\/www.cykloromantika.cz\/wp-content\/uploads\/2001\/08\/foto-2001-01-08-300x207.jpg\" srcset=\"https:\/\/www.cykloromantika.cz\/wp-content\/uploads\/2001\/08\/foto-2001-01-08-300x207.jpg 300w,https:\/\/www.cykloromantika.cz\/wp-content\/uploads\/2001\/08\/foto-2001-01-08.jpg 800w\" sizes=\"auto, 250px\"\/><\/a><div class=\"sgb-item-caption\"><em>Novohradsk\u00fd z\u00e1mek je kousek od hradu.<\/em><\/div><\/div><div class=\"sgb-item\"><a href=\"https:\/\/www.cykloromantika.cz\/?attachment_id=2872\" target=\"_blank\"><img decoding=\"async\" alt=\"\" width=\"300\" height=\"208\" loading=\"lazy\" src=\"https:\/\/www.cykloromantika.cz\/wp-content\/uploads\/2001\/08\/foto-2001-01-09-300x208.jpg\" srcset=\"https:\/\/www.cykloromantika.cz\/wp-content\/uploads\/2001\/08\/foto-2001-01-09-300x208.jpg 300w,https:\/\/www.cykloromantika.cz\/wp-content\/uploads\/2001\/08\/foto-2001-01-09.jpg 800w\" sizes=\"auto, 250px\"\/><\/a><div class=\"sgb-item-caption\"><em>Park u z\u00e1mku v Nov\u00fdch Hradech<\/em><\/div><\/div><div class=\"sgb-item\"><a href=\"https:\/\/www.cykloromantika.cz\/?attachment_id=2873\" target=\"_blank\"><img decoding=\"async\" alt=\"\" width=\"207\" height=\"300\" loading=\"lazy\" src=\"https:\/\/www.cykloromantika.cz\/wp-content\/uploads\/2001\/08\/foto-2001-01-10-207x300.jpg\" srcset=\"https:\/\/www.cykloromantika.cz\/wp-content\/uploads\/2001\/08\/foto-2001-01-10-207x300.jpg 207w,https:\/\/www.cykloromantika.cz\/wp-content\/uploads\/2001\/08\/foto-2001-01-10.jpg 552w\" sizes=\"auto, 250px\"\/><\/a><div class=\"sgb-item-caption\"><em>Nov\u00e9 Hrady, soukrom\u00fd majitel z\u00e1mku<\/em><\/div><\/div><div class=\"sgb-item\"><a href=\"https:\/\/www.cykloromantika.cz\/?attachment_id=2874\" target=\"_blank\"><img decoding=\"async\" alt=\"\" width=\"300\" height=\"208\" loading=\"lazy\" src=\"https:\/\/www.cykloromantika.cz\/wp-content\/uploads\/2001\/08\/foto-2001-01-11-300x208.jpg\" srcset=\"https:\/\/www.cykloromantika.cz\/wp-content\/uploads\/2001\/08\/foto-2001-01-11-300x208.jpg 300w,https:\/\/www.cykloromantika.cz\/wp-content\/uploads\/2001\/08\/foto-2001-01-11.jpg 800w\" sizes=\"auto, 250px\"\/><\/a><div class=\"sgb-item-caption\"><em>\u00dadol\u00ed s Vltavou, bl\u00ed\u017e\u00edme se k Ro\u017emberku.<\/em><\/div><\/div><div class=\"sgb-item\"><a href=\"https:\/\/www.cykloromantika.cz\/?attachment_id=2875\" target=\"_blank\"><img decoding=\"async\" alt=\"\" width=\"208\" height=\"300\" loading=\"lazy\" src=\"https:\/\/www.cykloromantika.cz\/wp-content\/uploads\/2001\/08\/foto-2001-01-12-208x300.jpg\" srcset=\"https:\/\/www.cykloromantika.cz\/wp-content\/uploads\/2001\/08\/foto-2001-01-12-208x300.jpg 208w,https:\/\/www.cykloromantika.cz\/wp-content\/uploads\/2001\/08\/foto-2001-01-12.jpg 555w\" sizes=\"auto, 250px\"\/><\/a><div class=\"sgb-item-caption\"><em>Ro\u017emberk nad Vltavou<\/em><\/div><\/div><div class=\"sgb-item\"><a href=\"https:\/\/www.cykloromantika.cz\/?attachment_id=2876\" target=\"_blank\"><img decoding=\"async\" alt=\"\" width=\"300\" height=\"208\" loading=\"lazy\" src=\"https:\/\/www.cykloromantika.cz\/wp-content\/uploads\/2001\/08\/foto-2001-01-13-300x208.jpg\" srcset=\"https:\/\/www.cykloromantika.cz\/wp-content\/uploads\/2001\/08\/foto-2001-01-13-300x208.jpg 300w,https:\/\/www.cykloromantika.cz\/wp-content\/uploads\/2001\/08\/foto-2001-01-13.jpg 800w\" sizes=\"auto, 250px\"\/><\/a><div class=\"sgb-item-caption\"><em>Ro\u017emberk nad Vltavou<\/em><\/div><\/div><div class=\"sgb-item\"><a href=\"https:\/\/www.cykloromantika.cz\/?attachment_id=2877\" target=\"_blank\"><img decoding=\"async\" alt=\"\" width=\"300\" height=\"209\" loading=\"lazy\" src=\"https:\/\/www.cykloromantika.cz\/wp-content\/uploads\/2001\/08\/foto-2001-01-14-300x209.jpg\" srcset=\"https:\/\/www.cykloromantika.cz\/wp-content\/uploads\/2001\/08\/foto-2001-01-14-300x209.jpg 300w,https:\/\/www.cykloromantika.cz\/wp-content\/uploads\/2001\/08\/foto-2001-01-14.jpg 800w\" sizes=\"auto, 250px\"\/><\/a><div class=\"sgb-item-caption\"><em>Na Ro\u017emberku jsou hrady dva! V\u00edte to?<\/em><\/div><\/div><div class=\"sgb-item\"><a href=\"https:\/\/www.cykloromantika.cz\/?attachment_id=2878\" target=\"_blank\"><img decoding=\"async\" alt=\"\" width=\"300\" height=\"208\" loading=\"lazy\" src=\"https:\/\/www.cykloromantika.cz\/wp-content\/uploads\/2001\/08\/foto-2001-01-15-300x208.jpg\" srcset=\"https:\/\/www.cykloromantika.cz\/wp-content\/uploads\/2001\/08\/foto-2001-01-15-300x208.jpg 300w,https:\/\/www.cykloromantika.cz\/wp-content\/uploads\/2001\/08\/foto-2001-01-15.jpg 800w\" sizes=\"auto, 250px\"\/><\/a><div class=\"sgb-item-caption\"><em>N\u00e1dvo\u0159\u00ed hradu Ro\u017emberk<\/em><\/div><\/div><div class=\"sgb-item\"><a href=\"https:\/\/www.cykloromantika.cz\/?attachment_id=2879\" target=\"_blank\"><img decoding=\"async\" alt=\"\" width=\"300\" height=\"208\" loading=\"lazy\" src=\"https:\/\/www.cykloromantika.cz\/wp-content\/uploads\/2001\/08\/foto-2001-01-16-300x208.jpg\" srcset=\"https:\/\/www.cykloromantika.cz\/wp-content\/uploads\/2001\/08\/foto-2001-01-16-300x208.jpg 300w,https:\/\/www.cykloromantika.cz\/wp-content\/uploads\/2001\/08\/foto-2001-01-16.jpg 800w\" sizes=\"auto, 250px\"\/><\/a><div class=\"sgb-item-caption\"><em>Rocco miluje n\u00e1m\u011bst\u00ed, je zde na co koukat.:)<\/em><\/div><\/div><div class=\"sgb-item\"><a href=\"https:\/\/www.cykloromantika.cz\/?attachment_id=2880\" target=\"_blank\"><img decoding=\"async\" alt=\"\" width=\"300\" height=\"216\" loading=\"lazy\" src=\"https:\/\/www.cykloromantika.cz\/wp-content\/uploads\/2001\/08\/foto-2001-01-17-300x216.jpg\" srcset=\"https:\/\/www.cykloromantika.cz\/wp-content\/uploads\/2001\/08\/foto-2001-01-17-300x216.jpg 300w,https:\/\/www.cykloromantika.cz\/wp-content\/uploads\/2001\/08\/foto-2001-01-17.jpg 800w\" sizes=\"auto, 250px\"\/><\/a><div class=\"sgb-item-caption\"><em>Horn\u00ed n\u00e1m\u011bst\u00ed v Krumlov\u011b s Rocca\u010dem:)<\/em><\/div><\/div><div class=\"sgb-item\"><a href=\"https:\/\/www.cykloromantika.cz\/?attachment_id=2881\" target=\"_blank\"><img decoding=\"async\" alt=\"\" width=\"210\" height=\"300\" loading=\"lazy\" src=\"https:\/\/www.cykloromantika.cz\/wp-content\/uploads\/2001\/08\/foto-2001-01-18-210x300.jpg\" srcset=\"https:\/\/www.cykloromantika.cz\/wp-content\/uploads\/2001\/08\/foto-2001-01-18-210x300.jpg 210w,https:\/\/www.cykloromantika.cz\/wp-content\/uploads\/2001\/08\/foto-2001-01-18.jpg 561w\" sizes=\"auto, 250px\"\/><\/a><div class=\"sgb-item-caption\"><em>Barevn\u00e1 v\u011b\u017e \u010deskokrumlovsk\u00e9ho z\u00e1mku<\/em><\/div><\/div><div class=\"sgb-item\"><a href=\"https:\/\/www.cykloromantika.cz\/?attachment_id=2882\" target=\"_blank\"><img decoding=\"async\" alt=\"\" width=\"300\" height=\"208\" loading=\"lazy\" src=\"https:\/\/www.cykloromantika.cz\/wp-content\/uploads\/2001\/08\/foto-2001-01-19-300x208.jpg\" srcset=\"https:\/\/www.cykloromantika.cz\/wp-content\/uploads\/2001\/08\/foto-2001-01-19-300x208.jpg 300w,https:\/\/www.cykloromantika.cz\/wp-content\/uploads\/2001\/08\/foto-2001-01-19.jpg 800w\" sizes=\"auto, 250px\"\/><\/a><div class=\"sgb-item-caption\"><em>Pohled z v\u011b\u017ee na \u010cesk\u00fd Krumlov s Vltavou<\/em><\/div><\/div><div class=\"sgb-item\"><a href=\"https:\/\/www.cykloromantika.cz\/?attachment_id=2883\" target=\"_blank\"><img decoding=\"async\" alt=\"\" width=\"300\" height=\"207\" loading=\"lazy\" src=\"https:\/\/www.cykloromantika.cz\/wp-content\/uploads\/2001\/08\/foto-2001-01-20-300x207.jpg\" srcset=\"https:\/\/www.cykloromantika.cz\/wp-content\/uploads\/2001\/08\/foto-2001-01-20-300x207.jpg 300w,https:\/\/www.cykloromantika.cz\/wp-content\/uploads\/2001\/08\/foto-2001-01-20.jpg 800w\" sizes=\"auto, 250px\"\/><\/a><div class=\"sgb-item-caption\"><em>\u010cesk\u00fd Krumlov, perla Ji\u017en\u00edch \u010cech<\/em><\/div><\/div><div class=\"sgb-item\"><a href=\"https:\/\/www.cykloromantika.cz\/?attachment_id=2884\" target=\"_blank\"><img decoding=\"async\" alt=\"\" width=\"300\" height=\"208\" loading=\"lazy\" src=\"https:\/\/www.cykloromantika.cz\/wp-content\/uploads\/2001\/08\/foto-2001-01-21-300x208.jpg\" srcset=\"https:\/\/www.cykloromantika.cz\/wp-content\/uploads\/2001\/08\/foto-2001-01-21-300x208.jpg 300w,https:\/\/www.cykloromantika.cz\/wp-content\/uploads\/2001\/08\/foto-2001-01-21.jpg 800w\" sizes=\"auto, 250px\"\/><\/a><div class=\"sgb-item-caption\"><em>Kl\u00e1\u0161ter Zlat\u00e1 Koruna, m\u00e1 velik\u00e1 tajemstv\u00ed<\/em><\/div><\/div><div class=\"sgb-item\"><a href=\"https:\/\/www.cykloromantika.cz\/?attachment_id=2885\" target=\"_blank\"><img decoding=\"async\" alt=\"\" width=\"300\" height=\"207\" loading=\"lazy\" src=\"https:\/\/www.cykloromantika.cz\/wp-content\/uploads\/2001\/08\/foto-2001-01-22-300x207.jpg\" srcset=\"https:\/\/www.cykloromantika.cz\/wp-content\/uploads\/2001\/08\/foto-2001-01-22-300x207.jpg 300w,https:\/\/www.cykloromantika.cz\/wp-content\/uploads\/2001\/08\/foto-2001-01-22.jpg 800w\" sizes=\"auto, 250px\"\/><\/a><div class=\"sgb-item-caption\"><em>Doj\u00ed\u017ed\u00edme k \u010cesk\u00fdm Bud\u011bjovic\u00edm, obec Vr\u00e1b\u010de.<\/em><\/div><\/div><div class=\"sgb-item\"><a href=\"https:\/\/www.cykloromantika.cz\/?attachment_id=2886\" target=\"_blank\"><img decoding=\"async\" alt=\"\" width=\"208\" height=\"300\" loading=\"lazy\" src=\"https:\/\/www.cykloromantika.cz\/wp-content\/uploads\/2001\/08\/foto-2001-01-23-208x300.jpg\" srcset=\"https:\/\/www.cykloromantika.cz\/wp-content\/uploads\/2001\/08\/foto-2001-01-23-208x300.jpg 208w,https:\/\/www.cykloromantika.cz\/wp-content\/uploads\/2001\/08\/foto-2001-01-23.jpg 555w\" sizes=\"auto, 250px\"\/><\/a><div class=\"sgb-item-caption\"><em>Pam\u00e1tn\u00e1 a chr\u00e1n\u011bn\u00e1 l\u00edpa ve Vr\u00e1b\u010di<\/em><\/div><\/div><\/div><\/noscript><\/div><script type=\"application\/json\" class=\"sgb-data\">{\"lastRowFill\":true,\"collectionThumbRecomendedHeight\":300,\"collectionThumbMiniScreenScale\":true,\"captionHAlign\":\"bottom\",\"collectionthumbHoverTitleFontSize\":12,\"collectionthumbRoundedCorners\":8,\"collectionthumbHoverTitleTextBgColor\":\"rgba(0,0,0,0.44)\",\"collectionThumbSubMenuShare\":false,\"galleryType\":\"pgc_sgb_justified\",\"galleryId\":\"60064725\",\"galleryQuery\":null,\"images\":[{\"id\":2864,\"title\":\"Foto 2001 01 01\",\"url\":\"https:\/\/www.cykloromantika.cz\/wp-content\/uploads\/2001\/08\/foto-2001-01-01.jpg\",\"link\":\"https:\/\/www.cykloromantika.cz\/?attachment_id=2864\",\"alt\":\"\",\"description\":\"\",\"caption\":\"Hlubok\u00e1 nad Vltavou, ji\u017e pon\u011bkolikr\u00e1te:)\",\"mime\":\"image\/jpeg\",\"type\":\"image\",\"width\":556,\"height\":800,\"sizes\":{\"thumbnail\":{\"height\":150,\"width\":104,\"url\":\"https:\/\/www.cykloromantika.cz\/wp-content\/uploads\/2001\/08\/foto-2001-01-01-104x150.jpg\",\"orientation\":\"portrait\"},\"medium\":{\"height\":300,\"width\":209,\"url\":\"https:\/\/www.cykloromantika.cz\/wp-content\/uploads\/2001\/08\/foto-2001-01-01-209x300.jpg\",\"orientation\":\"portrait\"},\"full\":{\"url\":\"https:\/\/www.cykloromantika.cz\/wp-content\/uploads\/2001\/08\/foto-2001-01-01.jpg\",\"height\":800,\"width\":556,\"orientation\":\"portrait\"}},\"meta\":false,\"postlink\":\"https:\/\/www.cykloromantika.cz\/?attachment_id=2864\"},{\"id\":2865,\"title\":\"Foto 2001 01 02\",\"url\":\"https:\/\/www.cykloromantika.cz\/wp-content\/uploads\/2001\/08\/foto-2001-01-02.jpg\",\"link\":\"https:\/\/www.cykloromantika.cz\/?attachment_id=2865\",\"alt\":\"\",\"description\":\"\",\"caption\":\"Pohled z mostu na Lu\u017enici v Bechyni\",\"mime\":\"image\/jpeg\",\"type\":\"image\",\"width\":800,\"height\":554,\"sizes\":{\"thumbnail\":{\"height\":104,\"width\":150,\"url\":\"https:\/\/www.cykloromantika.cz\/wp-content\/uploads\/2001\/08\/foto-2001-01-02-150x104.jpg\",\"orientation\":\"landscape\"},\"medium\":{\"height\":208,\"width\":300,\"url\":\"https:\/\/www.cykloromantika.cz\/wp-content\/uploads\/2001\/08\/foto-2001-01-02-300x208.jpg\",\"orientation\":\"landscape\"},\"full\":{\"url\":\"https:\/\/www.cykloromantika.cz\/wp-content\/uploads\/2001\/08\/foto-2001-01-02.jpg\",\"height\":554,\"width\":800,\"orientation\":\"landscape\"}},\"meta\":false,\"postlink\":\"https:\/\/www.cykloromantika.cz\/?attachment_id=2865\"},{\"id\":2866,\"title\":\"Foto 2001 01 03\",\"url\":\"https:\/\/www.cykloromantika.cz\/wp-content\/uploads\/2001\/08\/foto-2001-01-03.jpg\",\"link\":\"https:\/\/www.cykloromantika.cz\/?attachment_id=2866\",\"alt\":\"\",\"description\":\"\",\"caption\":\"Koz\u00ed hr\u00e1dek, jak v\u00fdsti\u017en\u00e9, Vlk s pr\u016fvodkyn\u00ed:)\",\"mime\":\"image\/jpeg\",\"type\":\"image\",\"width\":557,\"height\":800,\"sizes\":{\"thumbnail\":{\"height\":150,\"width\":104,\"url\":\"https:\/\/www.cykloromantika.cz\/wp-content\/uploads\/2001\/08\/foto-2001-01-03-104x150.jpg\",\"orientation\":\"portrait\"},\"medium\":{\"height\":300,\"width\":209,\"url\":\"https:\/\/www.cykloromantika.cz\/wp-content\/uploads\/2001\/08\/foto-2001-01-03-209x300.jpg\",\"orientation\":\"portrait\"},\"full\":{\"url\":\"https:\/\/www.cykloromantika.cz\/wp-content\/uploads\/2001\/08\/foto-2001-01-03.jpg\",\"height\":800,\"width\":557,\"orientation\":\"portrait\"}},\"meta\":false,\"postlink\":\"https:\/\/www.cykloromantika.cz\/?attachment_id=2866\"},{\"id\":2867,\"title\":\"Foto 2001 01 04\",\"url\":\"https:\/\/www.cykloromantika.cz\/wp-content\/uploads\/2001\/08\/foto-2001-01-04.jpg\",\"link\":\"https:\/\/www.cykloromantika.cz\/?attachment_id=2867\",\"alt\":\"\",\"description\":\"\",\"caption\":\"Hrad K\u00e1men, nyn\u00ed muzeum\",\"mime\":\"image\/jpeg\",\"type\":\"image\",\"width\":800,\"height\":554,\"sizes\":{\"thumbnail\":{\"height\":104,\"width\":150,\"url\":\"https:\/\/www.cykloromantika.cz\/wp-content\/uploads\/2001\/08\/foto-2001-01-04-150x104.jpg\",\"orientation\":\"landscape\"},\"medium\":{\"height\":208,\"width\":300,\"url\":\"https:\/\/www.cykloromantika.cz\/wp-content\/uploads\/2001\/08\/foto-2001-01-04-300x208.jpg\",\"orientation\":\"landscape\"},\"full\":{\"url\":\"https:\/\/www.cykloromantika.cz\/wp-content\/uploads\/2001\/08\/foto-2001-01-04.jpg\",\"height\":554,\"width\":800,\"orientation\":\"landscape\"}},\"meta\":false,\"postlink\":\"https:\/\/www.cykloromantika.cz\/?attachment_id=2867\"},{\"id\":2868,\"title\":\"Foto 2001 01 05\",\"url\":\"https:\/\/www.cykloromantika.cz\/wp-content\/uploads\/2001\/08\/foto-2001-01-05.jpg\",\"link\":\"https:\/\/www.cykloromantika.cz\/?attachment_id=2868\",\"alt\":\"\",\"description\":\"\",\"caption\":\"\",\"mime\":\"image\/jpeg\",\"type\":\"image\",\"width\":800,\"height\":554,\"sizes\":{\"thumbnail\":{\"height\":104,\"width\":150,\"url\":\"https:\/\/www.cykloromantika.cz\/wp-content\/uploads\/2001\/08\/foto-2001-01-05-150x104.jpg\",\"orientation\":\"landscape\"},\"medium\":{\"height\":208,\"width\":300,\"url\":\"https:\/\/www.cykloromantika.cz\/wp-content\/uploads\/2001\/08\/foto-2001-01-05-300x208.jpg\",\"orientation\":\"landscape\"},\"full\":{\"url\":\"https:\/\/www.cykloromantika.cz\/wp-content\/uploads\/2001\/08\/foto-2001-01-05.jpg\",\"height\":554,\"width\":800,\"orientation\":\"landscape\"}},\"meta\":false,\"postlink\":\"https:\/\/www.cykloromantika.cz\/?attachment_id=2868\"},{\"id\":2869,\"title\":\"Foto 2001 01 06\",\"url\":\"https:\/\/www.cykloromantika.cz\/wp-content\/uploads\/2001\/08\/foto-2001-01-06.jpg\",\"link\":\"https:\/\/www.cykloromantika.cz\/?attachment_id=2869\",\"alt\":\"\",\"description\":\"\",\"caption\":\"\",\"mime\":\"image\/jpeg\",\"type\":\"image\",\"width\":800,\"height\":554,\"sizes\":{\"thumbnail\":{\"height\":104,\"width\":150,\"url\":\"https:\/\/www.cykloromantika.cz\/wp-content\/uploads\/2001\/08\/foto-2001-01-06-150x104.jpg\",\"orientation\":\"landscape\"},\"medium\":{\"height\":208,\"width\":300,\"url\":\"https:\/\/www.cykloromantika.cz\/wp-content\/uploads\/2001\/08\/foto-2001-01-06-300x208.jpg\",\"orientation\":\"landscape\"},\"full\":{\"url\":\"https:\/\/www.cykloromantika.cz\/wp-content\/uploads\/2001\/08\/foto-2001-01-06.jpg\",\"height\":554,\"width\":800,\"orientation\":\"landscape\"}},\"meta\":false,\"postlink\":\"https:\/\/www.cykloromantika.cz\/?attachment_id=2869\"},{\"id\":2870,\"title\":\"Foto 2001 01 07\",\"url\":\"https:\/\/www.cykloromantika.cz\/wp-content\/uploads\/2001\/08\/foto-2001-01-07.jpg\",\"link\":\"https:\/\/www.cykloromantika.cz\/?attachment_id=2870\",\"alt\":\"\",\"description\":\"\",\"caption\":\"Nov\u00e9 Hrady n\u00e1s p\u0159iv\u00edtali slun\u00ed\u010dkem.:)\",\"mime\":\"image\/jpeg\",\"type\":\"image\",\"width\":800,\"height\":554,\"sizes\":{\"thumbnail\":{\"height\":104,\"width\":150,\"url\":\"https:\/\/www.cykloromantika.cz\/wp-content\/uploads\/2001\/08\/foto-2001-01-07-150x104.jpg\",\"orientation\":\"landscape\"},\"medium\":{\"height\":208,\"width\":300,\"url\":\"https:\/\/www.cykloromantika.cz\/wp-content\/uploads\/2001\/08\/foto-2001-01-07-300x208.jpg\",\"orientation\":\"landscape\"},\"full\":{\"url\":\"https:\/\/www.cykloromantika.cz\/wp-content\/uploads\/2001\/08\/foto-2001-01-07.jpg\",\"height\":554,\"width\":800,\"orientation\":\"landscape\"}},\"meta\":false,\"postlink\":\"https:\/\/www.cykloromantika.cz\/?attachment_id=2870\"},{\"id\":2871,\"title\":\"Foto 2001 01 08\",\"url\":\"https:\/\/www.cykloromantika.cz\/wp-content\/uploads\/2001\/08\/foto-2001-01-08.jpg\",\"link\":\"https:\/\/www.cykloromantika.cz\/?attachment_id=2871\",\"alt\":\"\",\"description\":\"\",\"caption\":\"Novohradsk\u00fd z\u00e1mek je kousek od hradu.\",\"mime\":\"image\/jpeg\",\"type\":\"image\",\"width\":800,\"height\":553,\"sizes\":{\"thumbnail\":{\"height\":104,\"width\":150,\"url\":\"https:\/\/www.cykloromantika.cz\/wp-content\/uploads\/2001\/08\/foto-2001-01-08-150x104.jpg\",\"orientation\":\"landscape\"},\"medium\":{\"height\":207,\"width\":300,\"url\":\"https:\/\/www.cykloromantika.cz\/wp-content\/uploads\/2001\/08\/foto-2001-01-08-300x207.jpg\",\"orientation\":\"landscape\"},\"full\":{\"url\":\"https:\/\/www.cykloromantika.cz\/wp-content\/uploads\/2001\/08\/foto-2001-01-08.jpg\",\"height\":553,\"width\":800,\"orientation\":\"landscape\"}},\"meta\":false,\"postlink\":\"https:\/\/www.cykloromantika.cz\/?attachment_id=2871\"},{\"id\":2872,\"title\":\"Foto 2001 01 09\",\"url\":\"https:\/\/www.cykloromantika.cz\/wp-content\/uploads\/2001\/08\/foto-2001-01-09.jpg\",\"link\":\"https:\/\/www.cykloromantika.cz\/?attachment_id=2872\",\"alt\":\"\",\"description\":\"\",\"caption\":\"Park u z\u00e1mku v Nov\u00fdch Hradech\",\"mime\":\"image\/jpeg\",\"type\":\"image\",\"width\":800,\"height\":554,\"sizes\":{\"thumbnail\":{\"height\":104,\"width\":150,\"url\":\"https:\/\/www.cykloromantika.cz\/wp-content\/uploads\/2001\/08\/foto-2001-01-09-150x104.jpg\",\"orientation\":\"landscape\"},\"medium\":{\"height\":208,\"width\":300,\"url\":\"https:\/\/www.cykloromantika.cz\/wp-content\/uploads\/2001\/08\/foto-2001-01-09-300x208.jpg\",\"orientation\":\"landscape\"},\"full\":{\"url\":\"https:\/\/www.cykloromantika.cz\/wp-content\/uploads\/2001\/08\/foto-2001-01-09.jpg\",\"height\":554,\"width\":800,\"orientation\":\"landscape\"}},\"meta\":false,\"postlink\":\"https:\/\/www.cykloromantika.cz\/?attachment_id=2872\"},{\"id\":2873,\"title\":\"Foto 2001 01 10\",\"url\":\"https:\/\/www.cykloromantika.cz\/wp-content\/uploads\/2001\/08\/foto-2001-01-10.jpg\",\"link\":\"https:\/\/www.cykloromantika.cz\/?attachment_id=2873\",\"alt\":\"\",\"description\":\"\",\"caption\":\"Nov\u00e9 Hrady, soukrom\u00fd majitel z\u00e1mku\",\"mime\":\"image\/jpeg\",\"type\":\"image\",\"width\":552,\"height\":800,\"sizes\":{\"thumbnail\":{\"height\":150,\"width\":104,\"url\":\"https:\/\/www.cykloromantika.cz\/wp-content\/uploads\/2001\/08\/foto-2001-01-10-104x150.jpg\",\"orientation\":\"portrait\"},\"medium\":{\"height\":300,\"width\":207,\"url\":\"https:\/\/www.cykloromantika.cz\/wp-content\/uploads\/2001\/08\/foto-2001-01-10-207x300.jpg\",\"orientation\":\"portrait\"},\"full\":{\"url\":\"https:\/\/www.cykloromantika.cz\/wp-content\/uploads\/2001\/08\/foto-2001-01-10.jpg\",\"height\":800,\"width\":552,\"orientation\":\"portrait\"}},\"meta\":false,\"postlink\":\"https:\/\/www.cykloromantika.cz\/?attachment_id=2873\"},{\"id\":2874,\"title\":\"Foto 2001 01 11\",\"url\":\"https:\/\/www.cykloromantika.cz\/wp-content\/uploads\/2001\/08\/foto-2001-01-11.jpg\",\"link\":\"https:\/\/www.cykloromantika.cz\/?attachment_id=2874\",\"alt\":\"\",\"description\":\"\",\"caption\":\"\u00dadol\u00ed s Vltavou, bl\u00ed\u017e\u00edme se k Ro\u017emberku.\",\"mime\":\"image\/jpeg\",\"type\":\"image\",\"width\":800,\"height\":554,\"sizes\":{\"thumbnail\":{\"height\":104,\"width\":150,\"url\":\"https:\/\/www.cykloromantika.cz\/wp-content\/uploads\/2001\/08\/foto-2001-01-11-150x104.jpg\",\"orientation\":\"landscape\"},\"medium\":{\"height\":208,\"width\":300,\"url\":\"https:\/\/www.cykloromantika.cz\/wp-content\/uploads\/2001\/08\/foto-2001-01-11-300x208.jpg\",\"orientation\":\"landscape\"},\"full\":{\"url\":\"https:\/\/www.cykloromantika.cz\/wp-content\/uploads\/2001\/08\/foto-2001-01-11.jpg\",\"height\":554,\"width\":800,\"orientation\":\"landscape\"}},\"meta\":false,\"postlink\":\"https:\/\/www.cykloromantika.cz\/?attachment_id=2874\"},{\"id\":2875,\"title\":\"Foto 2001 01 12\",\"url\":\"https:\/\/www.cykloromantika.cz\/wp-content\/uploads\/2001\/08\/foto-2001-01-12.jpg\",\"link\":\"https:\/\/www.cykloromantika.cz\/?attachment_id=2875\",\"alt\":\"\",\"description\":\"\",\"caption\":\"Ro\u017emberk nad Vltavou\",\"mime\":\"image\/jpeg\",\"type\":\"image\",\"width\":555,\"height\":800,\"sizes\":{\"thumbnail\":{\"height\":150,\"width\":104,\"url\":\"https:\/\/www.cykloromantika.cz\/wp-content\/uploads\/2001\/08\/foto-2001-01-12-104x150.jpg\",\"orientation\":\"portrait\"},\"medium\":{\"height\":300,\"width\":208,\"url\":\"https:\/\/www.cykloromantika.cz\/wp-content\/uploads\/2001\/08\/foto-2001-01-12-208x300.jpg\",\"orientation\":\"portrait\"},\"full\":{\"url\":\"https:\/\/www.cykloromantika.cz\/wp-content\/uploads\/2001\/08\/foto-2001-01-12.jpg\",\"height\":800,\"width\":555,\"orientation\":\"portrait\"}},\"meta\":false,\"postlink\":\"https:\/\/www.cykloromantika.cz\/?attachment_id=2875\"},{\"id\":2876,\"title\":\"Foto 2001 01 13\",\"url\":\"https:\/\/www.cykloromantika.cz\/wp-content\/uploads\/2001\/08\/foto-2001-01-13.jpg\",\"link\":\"https:\/\/www.cykloromantika.cz\/?attachment_id=2876\",\"alt\":\"\",\"description\":\"\",\"caption\":\"Ro\u017emberk nad Vltavou\",\"mime\":\"image\/jpeg\",\"type\":\"image\",\"width\":800,\"height\":554,\"sizes\":{\"thumbnail\":{\"height\":104,\"width\":150,\"url\":\"https:\/\/www.cykloromantika.cz\/wp-content\/uploads\/2001\/08\/foto-2001-01-13-150x104.jpg\",\"orientation\":\"landscape\"},\"medium\":{\"height\":208,\"width\":300,\"url\":\"https:\/\/www.cykloromantika.cz\/wp-content\/uploads\/2001\/08\/foto-2001-01-13-300x208.jpg\",\"orientation\":\"landscape\"},\"full\":{\"url\":\"https:\/\/www.cykloromantika.cz\/wp-content\/uploads\/2001\/08\/foto-2001-01-13.jpg\",\"height\":554,\"width\":800,\"orientation\":\"landscape\"}},\"meta\":false,\"postlink\":\"https:\/\/www.cykloromantika.cz\/?attachment_id=2876\"},{\"id\":2877,\"title\":\"Foto 2001 01 14\",\"url\":\"https:\/\/www.cykloromantika.cz\/wp-content\/uploads\/2001\/08\/foto-2001-01-14.jpg\",\"link\":\"https:\/\/www.cykloromantika.cz\/?attachment_id=2877\",\"alt\":\"\",\"description\":\"\",\"caption\":\"Na Ro\u017emberku jsou hrady dva! V\u00edte to?\",\"mime\":\"image\/jpeg\",\"type\":\"image\",\"width\":800,\"height\":558,\"sizes\":{\"thumbnail\":{\"height\":105,\"width\":150,\"url\":\"https:\/\/www.cykloromantika.cz\/wp-content\/uploads\/2001\/08\/foto-2001-01-14-150x105.jpg\",\"orientation\":\"landscape\"},\"medium\":{\"height\":209,\"width\":300,\"url\":\"https:\/\/www.cykloromantika.cz\/wp-content\/uploads\/2001\/08\/foto-2001-01-14-300x209.jpg\",\"orientation\":\"landscape\"},\"full\":{\"url\":\"https:\/\/www.cykloromantika.cz\/wp-content\/uploads\/2001\/08\/foto-2001-01-14.jpg\",\"height\":558,\"width\":800,\"orientation\":\"landscape\"}},\"meta\":false,\"postlink\":\"https:\/\/www.cykloromantika.cz\/?attachment_id=2877\"},{\"id\":2878,\"title\":\"Foto 2001 01 15\",\"url\":\"https:\/\/www.cykloromantika.cz\/wp-content\/uploads\/2001\/08\/foto-2001-01-15.jpg\",\"link\":\"https:\/\/www.cykloromantika.cz\/?attachment_id=2878\",\"alt\":\"\",\"description\":\"\",\"caption\":\"N\u00e1dvo\u0159\u00ed hradu Ro\u017emberk\",\"mime\":\"image\/jpeg\",\"type\":\"image\",\"width\":800,\"height\":554,\"sizes\":{\"thumbnail\":{\"height\":104,\"width\":150,\"url\":\"https:\/\/www.cykloromantika.cz\/wp-content\/uploads\/2001\/08\/foto-2001-01-15-150x104.jpg\",\"orientation\":\"landscape\"},\"medium\":{\"height\":208,\"width\":300,\"url\":\"https:\/\/www.cykloromantika.cz\/wp-content\/uploads\/2001\/08\/foto-2001-01-15-300x208.jpg\",\"orientation\":\"landscape\"},\"full\":{\"url\":\"https:\/\/www.cykloromantika.cz\/wp-content\/uploads\/2001\/08\/foto-2001-01-15.jpg\",\"height\":554,\"width\":800,\"orientation\":\"landscape\"}},\"meta\":false,\"postlink\":\"https:\/\/www.cykloromantika.cz\/?attachment_id=2878\"},{\"id\":2879,\"title\":\"Foto 2001 01 16\",\"url\":\"https:\/\/www.cykloromantika.cz\/wp-content\/uploads\/2001\/08\/foto-2001-01-16.jpg\",\"link\":\"https:\/\/www.cykloromantika.cz\/?attachment_id=2879\",\"alt\":\"\",\"description\":\"\",\"caption\":\"Rocco miluje n\u00e1m\u011bst\u00ed, je zde na co koukat.:)\",\"mime\":\"image\/jpeg\",\"type\":\"image\",\"width\":800,\"height\":554,\"sizes\":{\"thumbnail\":{\"height\":104,\"width\":150,\"url\":\"https:\/\/www.cykloromantika.cz\/wp-content\/uploads\/2001\/08\/foto-2001-01-16-150x104.jpg\",\"orientation\":\"landscape\"},\"medium\":{\"height\":208,\"width\":300,\"url\":\"https:\/\/www.cykloromantika.cz\/wp-content\/uploads\/2001\/08\/foto-2001-01-16-300x208.jpg\",\"orientation\":\"landscape\"},\"full\":{\"url\":\"https:\/\/www.cykloromantika.cz\/wp-content\/uploads\/2001\/08\/foto-2001-01-16.jpg\",\"height\":554,\"width\":800,\"orientation\":\"landscape\"}},\"meta\":false,\"postlink\":\"https:\/\/www.cykloromantika.cz\/?attachment_id=2879\"},{\"id\":2880,\"title\":\"Foto 2001 01 17\",\"url\":\"https:\/\/www.cykloromantika.cz\/wp-content\/uploads\/2001\/08\/foto-2001-01-17.jpg\",\"link\":\"https:\/\/www.cykloromantika.cz\/?attachment_id=2880\",\"alt\":\"\",\"description\":\"\",\"caption\":\"Horn\u00ed n\u00e1m\u011bst\u00ed v Krumlov\u011b s Rocca\u010dem:)\",\"mime\":\"image\/jpeg\",\"type\":\"image\",\"width\":800,\"height\":577,\"sizes\":{\"thumbnail\":{\"height\":108,\"width\":150,\"url\":\"https:\/\/www.cykloromantika.cz\/wp-content\/uploads\/2001\/08\/foto-2001-01-17-150x108.jpg\",\"orientation\":\"landscape\"},\"medium\":{\"height\":216,\"width\":300,\"url\":\"https:\/\/www.cykloromantika.cz\/wp-content\/uploads\/2001\/08\/foto-2001-01-17-300x216.jpg\",\"orientation\":\"landscape\"},\"full\":{\"url\":\"https:\/\/www.cykloromantika.cz\/wp-content\/uploads\/2001\/08\/foto-2001-01-17.jpg\",\"height\":577,\"width\":800,\"orientation\":\"landscape\"}},\"meta\":false,\"postlink\":\"https:\/\/www.cykloromantika.cz\/?attachment_id=2880\"},{\"id\":2881,\"title\":\"Foto 2001 01 18\",\"url\":\"https:\/\/www.cykloromantika.cz\/wp-content\/uploads\/2001\/08\/foto-2001-01-18.jpg\",\"link\":\"https:\/\/www.cykloromantika.cz\/?attachment_id=2881\",\"alt\":\"\",\"description\":\"\",\"caption\":\"Barevn\u00e1 v\u011b\u017e \u010deskokrumlovsk\u00e9ho z\u00e1mku\",\"mime\":\"image\/jpeg\",\"type\":\"image\",\"width\":561,\"height\":800,\"sizes\":{\"thumbnail\":{\"height\":150,\"width\":105,\"url\":\"https:\/\/www.cykloromantika.cz\/wp-content\/uploads\/2001\/08\/foto-2001-01-18-105x150.jpg\",\"orientation\":\"portrait\"},\"medium\":{\"height\":300,\"width\":210,\"url\":\"https:\/\/www.cykloromantika.cz\/wp-content\/uploads\/2001\/08\/foto-2001-01-18-210x300.jpg\",\"orientation\":\"portrait\"},\"full\":{\"url\":\"https:\/\/www.cykloromantika.cz\/wp-content\/uploads\/2001\/08\/foto-2001-01-18.jpg\",\"height\":800,\"width\":561,\"orientation\":\"portrait\"}},\"meta\":false,\"postlink\":\"https:\/\/www.cykloromantika.cz\/?attachment_id=2881\"},{\"id\":2882,\"title\":\"Foto 2001 01 19\",\"url\":\"https:\/\/www.cykloromantika.cz\/wp-content\/uploads\/2001\/08\/foto-2001-01-19.jpg\",\"link\":\"https:\/\/www.cykloromantika.cz\/?attachment_id=2882\",\"alt\":\"\",\"description\":\"\",\"caption\":\"Pohled z v\u011b\u017ee na \u010cesk\u00fd Krumlov s Vltavou\",\"mime\":\"image\/jpeg\",\"type\":\"image\",\"width\":800,\"height\":554,\"sizes\":{\"thumbnail\":{\"height\":104,\"width\":150,\"url\":\"https:\/\/www.cykloromantika.cz\/wp-content\/uploads\/2001\/08\/foto-2001-01-19-150x104.jpg\",\"orientation\":\"landscape\"},\"medium\":{\"height\":208,\"width\":300,\"url\":\"https:\/\/www.cykloromantika.cz\/wp-content\/uploads\/2001\/08\/foto-2001-01-19-300x208.jpg\",\"orientation\":\"landscape\"},\"full\":{\"url\":\"https:\/\/www.cykloromantika.cz\/wp-content\/uploads\/2001\/08\/foto-2001-01-19.jpg\",\"height\":554,\"width\":800,\"orientation\":\"landscape\"}},\"meta\":false,\"postlink\":\"https:\/\/www.cykloromantika.cz\/?attachment_id=2882\"},{\"id\":2883,\"title\":\"Foto 2001 01 20\",\"url\":\"https:\/\/www.cykloromantika.cz\/wp-content\/uploads\/2001\/08\/foto-2001-01-20.jpg\",\"link\":\"https:\/\/www.cykloromantika.cz\/?attachment_id=2883\",\"alt\":\"\",\"description\":\"\",\"caption\":\"\u010cesk\u00fd Krumlov, perla Ji\u017en\u00edch \u010cech\",\"mime\":\"image\/jpeg\",\"type\":\"image\",\"width\":800,\"height\":553,\"sizes\":{\"thumbnail\":{\"height\":104,\"width\":150,\"url\":\"https:\/\/www.cykloromantika.cz\/wp-content\/uploads\/2001\/08\/foto-2001-01-20-150x104.jpg\",\"orientation\":\"landscape\"},\"medium\":{\"height\":207,\"width\":300,\"url\":\"https:\/\/www.cykloromantika.cz\/wp-content\/uploads\/2001\/08\/foto-2001-01-20-300x207.jpg\",\"orientation\":\"landscape\"},\"full\":{\"url\":\"https:\/\/www.cykloromantika.cz\/wp-content\/uploads\/2001\/08\/foto-2001-01-20.jpg\",\"height\":553,\"width\":800,\"orientation\":\"landscape\"}},\"meta\":false,\"postlink\":\"https:\/\/www.cykloromantika.cz\/?attachment_id=2883\"},{\"id\":2884,\"title\":\"Foto 2001 01 21\",\"url\":\"https:\/\/www.cykloromantika.cz\/wp-content\/uploads\/2001\/08\/foto-2001-01-21.jpg\",\"link\":\"https:\/\/www.cykloromantika.cz\/?attachment_id=2884\",\"alt\":\"\",\"description\":\"\",\"caption\":\"Kl\u00e1\u0161ter Zlat\u00e1 Koruna, m\u00e1 velik\u00e1 tajemstv\u00ed\",\"mime\":\"image\/jpeg\",\"type\":\"image\",\"width\":800,\"height\":554,\"sizes\":{\"thumbnail\":{\"height\":104,\"width\":150,\"url\":\"https:\/\/www.cykloromantika.cz\/wp-content\/uploads\/2001\/08\/foto-2001-01-21-150x104.jpg\",\"orientation\":\"landscape\"},\"medium\":{\"height\":208,\"width\":300,\"url\":\"https:\/\/www.cykloromantika.cz\/wp-content\/uploads\/2001\/08\/foto-2001-01-21-300x208.jpg\",\"orientation\":\"landscape\"},\"full\":{\"url\":\"https:\/\/www.cykloromantika.cz\/wp-content\/uploads\/2001\/08\/foto-2001-01-21.jpg\",\"height\":554,\"width\":800,\"orientation\":\"landscape\"}},\"meta\":false,\"postlink\":\"https:\/\/www.cykloromantika.cz\/?attachment_id=2884\"},{\"id\":2885,\"title\":\"Foto 2001 01 22\",\"url\":\"https:\/\/www.cykloromantika.cz\/wp-content\/uploads\/2001\/08\/foto-2001-01-22.jpg\",\"link\":\"https:\/\/www.cykloromantika.cz\/?attachment_id=2885\",\"alt\":\"\",\"description\":\"\",\"caption\":\"Doj\u00ed\u017ed\u00edme k \u010cesk\u00fdm Bud\u011bjovic\u00edm, obec Vr\u00e1b\u010de.\",\"mime\":\"image\/jpeg\",\"type\":\"image\",\"width\":800,\"height\":553,\"sizes\":{\"thumbnail\":{\"height\":104,\"width\":150,\"url\":\"https:\/\/www.cykloromantika.cz\/wp-content\/uploads\/2001\/08\/foto-2001-01-22-150x104.jpg\",\"orientation\":\"landscape\"},\"medium\":{\"height\":207,\"width\":300,\"url\":\"https:\/\/www.cykloromantika.cz\/wp-content\/uploads\/2001\/08\/foto-2001-01-22-300x207.jpg\",\"orientation\":\"landscape\"},\"full\":{\"url\":\"https:\/\/www.cykloromantika.cz\/wp-content\/uploads\/2001\/08\/foto-2001-01-22.jpg\",\"height\":553,\"width\":800,\"orientation\":\"landscape\"}},\"meta\":false,\"postlink\":\"https:\/\/www.cykloromantika.cz\/?attachment_id=2885\"},{\"id\":2886,\"title\":\"Foto 2001 01 23\",\"url\":\"https:\/\/www.cykloromantika.cz\/wp-content\/uploads\/2001\/08\/foto-2001-01-23.jpg\",\"link\":\"https:\/\/www.cykloromantika.cz\/?attachment_id=2886\",\"alt\":\"\",\"description\":\"\",\"caption\":\"Pam\u00e1tn\u00e1 a chr\u00e1n\u011bn\u00e1 l\u00edpa ve Vr\u00e1b\u010di\",\"mime\":\"image\/jpeg\",\"type\":\"image\",\"width\":555,\"height\":800,\"sizes\":{\"thumbnail\":{\"height\":150,\"width\":104,\"url\":\"https:\/\/www.cykloromantika.cz\/wp-content\/uploads\/2001\/08\/foto-2001-01-23-104x150.jpg\",\"orientation\":\"portrait\"},\"medium\":{\"height\":300,\"width\":208,\"url\":\"https:\/\/www.cykloromantika.cz\/wp-content\/uploads\/2001\/08\/foto-2001-01-23-208x300.jpg\",\"orientation\":\"portrait\"},\"full\":{\"url\":\"https:\/\/www.cykloromantika.cz\/wp-content\/uploads\/2001\/08\/foto-2001-01-23.jpg\",\"height\":800,\"width\":555,\"orientation\":\"portrait\"}},\"meta\":false,\"postlink\":\"https:\/\/www.cykloromantika.cz\/?attachment_id=2886\"}],\"itemsMetaDataCollection\":[],\"galleryData\":\"{\\u0022pageMode\\u0022:false,\\u0022lastRowFill\\u0022:true,\\u0022collectionThumbRecomendedHeight\\u0022:300,\\u0022collectionThumbMiniScreenScale\\u0022:true,\\u0022thumbSpacing\\u0022:5,\\u0022externalLink\\u0022:true,\\u0022externalLinkDefName\\u0022:\\u0022Read More\\u0022,\\u0022externalLinkTextColor\\u0022:\\u0022rgba(0,0,0,1)\\u0022,\\u0022externalLinkBgColor\\u0022:\\u0022rgba(255,255,255,1)\\u0022,\\u0022externalLinkFontSize\\u0022:18,\\u0022captions\\u0022:true,\\u0022captionSrc\\u0022:\\u0022caption\\u0022,\\u0022captionHAlign\\u0022:\\u0022bottom\\u0022,\\u0022collectionthumbHoverTitleFontSize\\u0022:12,\\u0022collectionthumbRoundedCorners\\u0022:8,\\u0022collectionthumbHoverTitleTextColor\\u0022:\\u0022rgba(255,255,255,1)\\u0022,\\u0022collectionthumbHoverTitleTextBgColor\\u0022:\\u0022rgba(0,0,0,0.44)\\u0022,\\u0022collectionthumbHoverBgColor\\u0022:\\u0022rgba(0,0,0,0.4)\\u0022,\\u0022collectionThumbSubMenuDownload\\u0022:true,\\u0022collectionThumbSubMenuShare\\u0022:false,\\u0022collectionThumbSubMenuBgColor\\u0022:\\u0022rgba(0,0,0,0.4)\\u0022,\\u0022collectionThumbSubMenuBgColorHover\\u0022:\\u0022rgba(255,255,255,1)\\u0022,\\u0022collectionThumbSubMenuIconColor\\u0022:\\u0022rgba(255,255,255,1)\\u0022,\\u0022collectionThumbSubMenuIconColorHover\\u0022:\\u0022rgba(0,0,0,1)\\u0022,\\u0022galleryType\\u0022:\\u0022pgc_sgb_justified\\u0022,\\u0022align\\u0022:\\u0022\\u0022,\\u0022galleryId\\u0022:\\u002260064725\\u0022,\\u0022galleryQuery\\u0022:null,\\u0022tagsListCustomMode\\u0022:false,\\u0022initGalleryByFirstTag\\u0022:false,\\u0022deepLinkingForTag\\u0022:false,\\u0022galleryTagsList\\u0022:[],\\u0022useClobalSettings\\u0022:true,\\u0022orderBy\\u0022:\\u0022title\\u0022,\\u0022deepLinking\\u0022:false,\\u0022useLightbox\\u0022:true,\\u0022thumbClickAction\\u0022:\\u0022useLightbox\\u0022,\\u0022numItemsDisplayed\\u0022:0,\\u0022lazyLoading\\u0022:true,\\u0022contentNoPadding\\u0022:false,\\u0022galleryPreloaderColor\\u0022:\\u0022rgba(230,230,230,1)\\u0022,\\u0022galleryBgColor\\u0022:\\u0022rgba(0,0,0,0)\\u0022,\\u0022galleryBorderRadius\\u0022:8,\\u0022customCSS\\u0022:\\u0022\\u0022,\\u0022itemsPerPage\\u0022:20,\\u0022loadMoreDefName\\u0022:\\u0022Load More\\u0022,\\u0022loadMoreFontSize\\u0022:16,\\u0022loadMoreTextColor\\u0022:\\u0022rgba(255,255,255,1)\\u0022,\\u0022loadMoreBgColor\\u0022:\\u0022rgba(0,0,0,1)\\u0022,\\u0022tagsFilter\\u0022:false,\\u0022tagCloudAll\\u0022:\\u0022All\\u0022,\\u0022tagCloudBgColor\\u0022:\\u0022rgba(153,153,153,1)\\u0022,\\u0022tagCloudBgColorOver\\u0022:\\u0022rgba(253,253,253,1)\\u0022,\\u0022tagCloudTextColor\\u0022:\\u0022rgba(253,253,253,1)\\u0022,\\u0022tagCloudTextColorOver\\u0022:\\u0022rgba(153,153,153,1)\\u0022,\\u0022tagCloudFontSize\\u0022:16,\\u0022modaBgColor\\u0022:\\u0022rgba(0,0,0,0.8)\\u0022,\\u0022modalIconColor\\u0022:\\u0022rgba(255,255,255,1)\\u0022,\\u0022modalIconColorHover\\u0022:\\u0022rgba(255,255,255,0.8)\\u0022,\\u0022shareFacebook\\u0022:false,\\u0022shareTwitter\\u0022:false,\\u0022sharePinterest\\u0022:false,\\u0022sliderItemDownload\\u0022:true,\\u0022shareCopyLink\\u0022:true,\\u0022sharePost\\u0022:\\u0022postlink\\u0022,\\u0022copyRProtection\\u0022:false,\\u0022copyRAlert\\u0022:\\u0022Hello, this photo is mine!\\u0022,\\u0022sliderScrollNavi\\u0022:false,\\u0022sliderNextPrevAnimation\\u0022:\\u0022animation\\u0022,\\u0022galleryScrollPositionControll\\u0022:false,\\u0022sliderVideoAutoPlay\\u0022:false,\\u0022sliderVideoLoop\\u0022:false,\\u0022sliderItemCounterEnable\\u0022:true,\\u0022sliderCaptionSrc\\u0022:\\u0022caption\\u0022,\\u0022sliderItemTitleEnable\\u0022:true,\\u0022sliderItemTitleFontSize\\u0022:18,\\u0022sliderItemTitleTextColor\\u0022:\\u0022rgba(255,255,255,1)\\u0022,\\u0022itemCounterColor\\u0022:\\u0022rgba(255,255,255,1)\\u0022,\\u0022sliderThumbBarEnable\\u0022:true,\\u0022sliderThumbBarHoverColor\\u0022:\\u0022rgba(240,240,240,1)\\u0022,\\u0022sliderBgColor\\u0022:\\u0022rgba(0,0,0,0.8)\\u0022,\\u0022sliderPreloaderColor\\u0022:\\u0022rgba(240,240,240,1)\\u0022,\\u0022sliderHeaderFooterBgColor\\u0022:\\u0022rgba(0,0,0,0.4)\\u0022,\\u0022sliderNavigationColor\\u0022:\\u0022rgba(0,0,0,1)\\u0022,\\u0022sliderNavigationColorOver\\u0022:\\u0022rgba(255,255,255,1)\\u0022,\\u0022sliderNavigationIconColor\\u0022:\\u0022rgba(255,255,255,1)\\u0022,\\u0022sliderNavigationIconColorOver\\u0022:\\u0022rgba(0,0,0,1)\\u0022,\\u0022sliderSlideshow\\u0022:true,\\u0022sliderSlideshowDelay\\u0022:8,\\u0022slideshowIndicatorColor\\u0022:\\u0022rgba(255,255,255,1)\\u0022,\\u0022slideshowIndicatorColorBg\\u0022:\\u0022rgba(255,255,255,0.5)\\u0022,\\u0022sliderThumbSubMenuBackgroundColor\\u0022:\\u0022rgba(255,255,255,0)\\u0022,\\u0022sliderThumbSubMenuBackgroundColorOver\\u0022:\\u0022rgba(255,255,255,1)\\u0022,\\u0022sliderThumbSubMenuIconColor\\u0022:\\u0022rgba(255,255,255,1)\\u0022,\\u0022sliderThumbSubMenuIconHoverColor\\u0022:\\u0022rgba(0,0,0,1)\\u0022,\\u0022sliderSocialShareEnabled\\u0022:false,\\u0022sliderZoomEnable\\u0022:true,\\u0022sliderFullscreenEnabled\\u0022:true,\\u0022settingsModalIsOpen\\u0022:false,\\u0022skin\\u0022:\\u0022justified\\u0022}\",\"useClobalSettings\":true,\"orderBy\":\"title\",\"galleryBorderRadius\":8,\"shareFacebook\":false,\"shareTwitter\":false,\"sharePinterest\":false,\"sharePost\":\"postlink\",\"sliderItemTitleEnable\":true,\"sliderSocialShareEnabled\":false}<\/script><script>(function(){if(window.PGC_SGB && window.PGC_SGB.searcher){window.PGC_SGB.searcher.initBlocks()}})()<\/script><\/div>\n","protected":false},"excerpt":{"rendered":"","protected":false},"author":1,"featured_media":2885,"comment_status":"open","ping_status":"open","sticky":false,"template":"","format":"standard","meta":{"_acf_changed":false,"pgc_sgb_lightbox_settings":"","footnotes":""},"categories":[31],"tags":[],"class_list":["post-2888","post","type-post","status-publish","format-standard","has-post-thumbnail","hentry","category-denicek"],"acf":[],"_links":{"self":[{"href":"https:\/\/www.cykloromantika.cz\/index.php\/wp-json\/wp\/v2\/posts\/2888","targetHints":{"allow":["GET"]}}],"collection":[{"href":"https:\/\/www.cykloromantika.cz\/index.php\/wp-json\/wp\/v2\/posts"}],"about":[{"href":"https:\/\/www.cykloromantika.cz\/index.php\/wp-json\/wp\/v2\/types\/post"}],"author":[{"embeddable":true,"href":"https:\/\/www.cykloromantika.cz\/index.php\/wp-json\/wp\/v2\/users\/1"}],"replies":[{"embeddable":true,"href":"https:\/\/www.cykloromantika.cz\/index.php\/wp-json\/wp\/v2\/comments?post=2888"}],"version-history":[{"count":2,"href":"https:\/\/www.cykloromantika.cz\/index.php\/wp-json\/wp\/v2\/posts\/2888\/revisions"}],"predecessor-version":[{"id":3280,"href":"https:\/\/www.cykloromantika.cz\/index.php\/wp-json\/wp\/v2\/posts\/2888\/revisions\/3280"}],"wp:featuredmedia":[{"embeddable":true,"href":"https:\/\/www.cykloromantika.cz\/index.php\/wp-json\/wp\/v2\/media\/2885"}],"wp:attachment":[{"href":"https:\/\/www.cykloromantika.cz\/index.php\/wp-json\/wp\/v2\/media?parent=2888"}],"wp:term":[{"taxonomy":"category","embeddable":true,"href":"https:\/\/www.cykloromantika.cz\/index.php\/wp-json\/wp\/v2\/categories?post=2888"},{"taxonomy":"post_tag","embeddable":true,"href":"https:\/\/www.cykloromantika.cz\/index.php\/wp-json\/wp\/v2\/tags?post=2888"}],"curies":[{"name":"wp","href":"https:\/\/api.w.org\/{rel}","templated":true}]}}