{"id":2860,"date":"2000-08-01T17:16:00","date_gmt":"2000-08-01T16:16:00","guid":{"rendered":"https:\/\/www.cykloromantika.cz\/?p=2860"},"modified":"2022-02-09T17:17:58","modified_gmt":"2022-02-09T16:17:58","slug":"iv-rocnik-historicke-perly-jiznich-cech","status":"publish","type":"post","link":"https:\/\/www.cykloromantika.cz\/index.php\/2000\/08\/01\/iv-rocnik-historicke-perly-jiznich-cech\/","title":{"rendered":"IV. ro\u010dn\u00edk: Historick\u00e9 perly Ji\u017en\u00edch \u010cech"},"content":{"rendered":"<div class=\"pgc-sgb-cb wp-block-pgcsimplygalleryblock-justified \" data-gallery-id=\"3f610221\"><div class=\"sgb-preloader\" id=\"pr_3f610221\">\n\t<div class=\"sgb-square\" style=\"background:#d4d4d4\"><\/div>\n\t<div class=\"sgb-square\" style=\"background:#d4d4d4\"><\/div>\n\t<div class=\"sgb-square\" style=\"background:#d4d4d4\"><\/div>\n\t<div class=\"sgb-square\" style=\"background:#d4d4d4\"><\/div><\/div><div class=\"simply-gallery-amp pgc_sgb_slider \"><noscript><div class=\"sgb-gallery\"><div class=\"sgb-item\"><a href=\"https:\/\/www.cykloromantika.cz\/?attachment_id=2842\" target=\"_blank\"><img decoding=\"async\" alt=\"\" width=\"300\" height=\"208\" loading=\"lazy\" src=\"https:\/\/www.cykloromantika.cz\/wp-content\/uploads\/2000\/08\/foto-2000-01-01-300x208.jpg\" srcset=\"https:\/\/www.cykloromantika.cz\/wp-content\/uploads\/2000\/08\/foto-2000-01-01-300x208.jpg 300w,https:\/\/www.cykloromantika.cz\/wp-content\/uploads\/2000\/08\/foto-2000-01-01.jpg 800w\" sizes=\"auto, 250px\"\/><\/a><div class=\"sgb-item-caption\"><em>N\u00e1m\u011bst\u00ed v Tel\u010di, steaky byly delikatesn\u00ed.<\/em><\/div><\/div><div class=\"sgb-item\"><a href=\"https:\/\/www.cykloromantika.cz\/?attachment_id=2843\" target=\"_blank\"><img decoding=\"async\" alt=\"\" width=\"300\" height=\"207\" loading=\"lazy\" src=\"https:\/\/www.cykloromantika.cz\/wp-content\/uploads\/2000\/08\/foto-2000-01-02-300x207.jpg\" srcset=\"https:\/\/www.cykloromantika.cz\/wp-content\/uploads\/2000\/08\/foto-2000-01-02-300x207.jpg 300w,https:\/\/www.cykloromantika.cz\/wp-content\/uploads\/2000\/08\/foto-2000-01-02.jpg 800w\" sizes=\"auto, 250px\"\/><\/a><div class=\"sgb-item-caption\"><em>Da\u010dick\u00fd z\u00e1mek, stoj\u00ed za to jej nav\u0161t\u00edvit.<\/em><\/div><\/div><div class=\"sgb-item\"><a href=\"https:\/\/www.cykloromantika.cz\/?attachment_id=2844\" target=\"_blank\"><img decoding=\"async\" alt=\"\" width=\"209\" height=\"300\" loading=\"lazy\" src=\"https:\/\/www.cykloromantika.cz\/wp-content\/uploads\/2000\/08\/foto-2000-01-03-209x300.jpg\" srcset=\"https:\/\/www.cykloromantika.cz\/wp-content\/uploads\/2000\/08\/foto-2000-01-03-209x300.jpg 209w,https:\/\/www.cykloromantika.cz\/wp-content\/uploads\/2000\/08\/foto-2000-01-03.jpg 558w\" sizes=\"auto, 250px\"\/><\/a><div class=\"sgb-item-caption\"><em>Slavonice jsou jedna velik\u00e1 um\u011bleck\u00e1 d\u00edlna.<\/em><\/div><\/div><div class=\"sgb-item\"><a href=\"https:\/\/www.cykloromantika.cz\/?attachment_id=2845\" target=\"_blank\"><img decoding=\"async\" alt=\"\" width=\"300\" height=\"208\" loading=\"lazy\" src=\"https:\/\/www.cykloromantika.cz\/wp-content\/uploads\/2000\/08\/foto-2000-01-04-300x208.jpg\" srcset=\"https:\/\/www.cykloromantika.cz\/wp-content\/uploads\/2000\/08\/foto-2000-01-04-300x208.jpg 300w,https:\/\/www.cykloromantika.cz\/wp-content\/uploads\/2000\/08\/foto-2000-01-04.jpg 800w\" sizes=\"auto, 250px\"\/><\/a><div class=\"sgb-item-caption\"><em>Pohled na n\u00e1m\u011bst\u00ed ve Slavonic\u00edch<\/em><\/div><\/div><div class=\"sgb-item\"><a href=\"https:\/\/www.cykloromantika.cz\/?attachment_id=2846\" target=\"_blank\"><img decoding=\"async\" alt=\"\" width=\"300\" height=\"208\" loading=\"lazy\" src=\"https:\/\/www.cykloromantika.cz\/wp-content\/uploads\/2000\/08\/foto-2000-01-05-300x208.jpg\" srcset=\"https:\/\/www.cykloromantika.cz\/wp-content\/uploads\/2000\/08\/foto-2000-01-05-300x208.jpg 300w,https:\/\/www.cykloromantika.cz\/wp-content\/uploads\/2000\/08\/foto-2000-01-05.jpg 800w\" sizes=\"auto, 250px\"\/><\/a><div class=\"sgb-item-caption\"><em>Loupe\u017enick\u00e9 kameny p\u0159ed Land\u0161tejnem<\/em><\/div><\/div><div class=\"sgb-item\"><a href=\"https:\/\/www.cykloromantika.cz\/?attachment_id=2847\" target=\"_blank\"><img decoding=\"async\" alt=\"\" width=\"300\" height=\"207\" loading=\"lazy\" src=\"https:\/\/www.cykloromantika.cz\/wp-content\/uploads\/2000\/08\/foto-2000-01-06-300x207.jpg\" srcset=\"https:\/\/www.cykloromantika.cz\/wp-content\/uploads\/2000\/08\/foto-2000-01-06-300x207.jpg 300w,https:\/\/www.cykloromantika.cz\/wp-content\/uploads\/2000\/08\/foto-2000-01-06.jpg 800w\" sizes=\"auto, 250px\"\/><\/a><div class=\"sgb-item-caption\"><em>Pohled z ochoz\u016f obrovsk\u00e9 z\u0159\u00edceniny Land\u0161tejn<\/em><\/div><\/div><div class=\"sgb-item\"><a href=\"https:\/\/www.cykloromantika.cz\/?attachment_id=2848\" target=\"_blank\"><img decoding=\"async\" alt=\"\" width=\"208\" height=\"300\" loading=\"lazy\" src=\"https:\/\/www.cykloromantika.cz\/wp-content\/uploads\/2000\/08\/foto-2000-01-07-208x300.jpg\" srcset=\"https:\/\/www.cykloromantika.cz\/wp-content\/uploads\/2000\/08\/foto-2000-01-07-208x300.jpg 208w,https:\/\/www.cykloromantika.cz\/wp-content\/uploads\/2000\/08\/foto-2000-01-07.jpg 554w\" sizes=\"auto, 250px\"\/><\/a><div class=\"sgb-item-caption\"><em>Span\u00ed ve Star\u00e9m M\u011bst\u011b pod Land\u0161tejnem 500 K\u010d:)<\/em><\/div><\/div><div class=\"sgb-item\"><a href=\"https:\/\/www.cykloromantika.cz\/?attachment_id=2849\" target=\"_blank\"><img decoding=\"async\" alt=\"\" width=\"300\" height=\"208\" loading=\"lazy\" src=\"https:\/\/www.cykloromantika.cz\/wp-content\/uploads\/2000\/08\/foto-2000-01-08-300x208.jpg\" srcset=\"https:\/\/www.cykloromantika.cz\/wp-content\/uploads\/2000\/08\/foto-2000-01-08-300x208.jpg 300w,https:\/\/www.cykloromantika.cz\/wp-content\/uploads\/2000\/08\/foto-2000-01-08.jpg 800w\" sizes=\"auto, 250px\"\/><\/a><div class=\"sgb-item-caption\"><em>Nov\u00fd Voj\u00ed\u0159ov - louky, lesy, jez\u00edrka a h\u0159iby:)<\/em><\/div><\/div><div class=\"sgb-item\"><a href=\"https:\/\/www.cykloromantika.cz\/?attachment_id=2850\" target=\"_blank\"><img decoding=\"async\" alt=\"\" width=\"300\" height=\"207\" loading=\"lazy\" src=\"https:\/\/www.cykloromantika.cz\/wp-content\/uploads\/2000\/08\/foto-2000-01-09-300x207.jpg\" srcset=\"https:\/\/www.cykloromantika.cz\/wp-content\/uploads\/2000\/08\/foto-2000-01-09-300x207.jpg 300w,https:\/\/www.cykloromantika.cz\/wp-content\/uploads\/2000\/08\/foto-2000-01-09.jpg 800w\" sizes=\"auto, 250px\"\/><\/a><div class=\"sgb-item-caption\"><em>Nedot\u010den\u00e1 p\u0159\u00edroda okolo Nov\u00e9ho Voj\u00ed\u0159ova<\/em><\/div><\/div><div class=\"sgb-item\"><a href=\"https:\/\/www.cykloromantika.cz\/?attachment_id=2851\" target=\"_blank\"><img decoding=\"async\" alt=\"\" width=\"300\" height=\"209\" loading=\"lazy\" src=\"https:\/\/www.cykloromantika.cz\/wp-content\/uploads\/2000\/08\/foto-2000-01-10-300x209.jpg\" srcset=\"https:\/\/www.cykloromantika.cz\/wp-content\/uploads\/2000\/08\/foto-2000-01-10-300x209.jpg 300w,https:\/\/www.cykloromantika.cz\/wp-content\/uploads\/2000\/08\/foto-2000-01-10.jpg 800w\" sizes=\"auto, 250px\"\/><\/a><div class=\"sgb-item-caption\"><em>\u010cerven\u00e1 Lhota - zlatovl\u00e1sko, kr\u00e1sko, co bude d\u00e1l\u2026<\/em><\/div><\/div><div class=\"sgb-item\"><a href=\"https:\/\/www.cykloromantika.cz\/?attachment_id=2852\" target=\"_blank\"><img decoding=\"async\" alt=\"\" width=\"205\" height=\"300\" loading=\"lazy\" src=\"https:\/\/www.cykloromantika.cz\/wp-content\/uploads\/2000\/08\/foto-2000-01-11-205x300.jpg\" srcset=\"https:\/\/www.cykloromantika.cz\/wp-content\/uploads\/2000\/08\/foto-2000-01-11-205x300.jpg 205w,https:\/\/www.cykloromantika.cz\/wp-content\/uploads\/2000\/08\/foto-2000-01-11.jpg 546w\" sizes=\"auto, 250px\"\/><\/a><div class=\"sgb-item-caption\"><em>Doplavali jsme na ostr\u016fvek opatovick\u00e9ho rybn\u00edka.<\/em><\/div><\/div><div class=\"sgb-item\"><a href=\"https:\/\/www.cykloromantika.cz\/?attachment_id=2853\" target=\"_blank\"><img decoding=\"async\" alt=\"\" width=\"213\" height=\"300\" loading=\"lazy\" src=\"https:\/\/www.cykloromantika.cz\/wp-content\/uploads\/2000\/08\/foto-2000-01-12-213x300.jpg\" srcset=\"https:\/\/www.cykloromantika.cz\/wp-content\/uploads\/2000\/08\/foto-2000-01-12-213x300.jpg 213w,https:\/\/www.cykloromantika.cz\/wp-content\/uploads\/2000\/08\/foto-2000-01-12.jpg 567w\" sizes=\"auto, 250px\"\/><\/a><div class=\"sgb-item-caption\"><em>De\u0161tiv\u00e9 a studen\u00e9 r\u00e1no na t\u0159ebo\u0148sk\u00e9m n\u00e1m\u011bst\u00ed.<\/em><\/div><\/div><div class=\"sgb-item\"><a href=\"https:\/\/www.cykloromantika.cz\/?attachment_id=2854\" target=\"_blank\"><img decoding=\"async\" alt=\"\" width=\"208\" height=\"300\" loading=\"lazy\" src=\"https:\/\/www.cykloromantika.cz\/wp-content\/uploads\/2000\/08\/foto-2000-01-13-208x300.jpg\" srcset=\"https:\/\/www.cykloromantika.cz\/wp-content\/uploads\/2000\/08\/foto-2000-01-13-208x300.jpg 208w,https:\/\/www.cykloromantika.cz\/wp-content\/uploads\/2000\/08\/foto-2000-01-13.jpg 554w\" sizes=\"auto, 250px\"\/><\/a><div class=\"sgb-item-caption\"><em>\u017dena, v\u0161ech b\u00e1sn\u00edk\u016f to v\u011b\u010dn\u00e9 t\u00e9ma\u2026<\/em><\/div><\/div><div class=\"sgb-item\"><a href=\"https:\/\/www.cykloromantika.cz\/?attachment_id=2855\" target=\"_blank\"><img decoding=\"async\" alt=\"\" width=\"300\" height=\"209\" loading=\"lazy\" src=\"https:\/\/www.cykloromantika.cz\/wp-content\/uploads\/2000\/08\/foto-2000-01-14-300x209.jpg\" srcset=\"https:\/\/www.cykloromantika.cz\/wp-content\/uploads\/2000\/08\/foto-2000-01-14-300x209.jpg 300w,https:\/\/www.cykloromantika.cz\/wp-content\/uploads\/2000\/08\/foto-2000-01-14.jpg 800w\" sizes=\"auto, 250px\"\/><\/a><div class=\"sgb-item-caption\"><em>Pepi, nen\u00ed ti trochu zima?:) T\u0159ebo\u0148.<\/em><\/div><\/div><div class=\"sgb-item\"><a href=\"https:\/\/www.cykloromantika.cz\/?attachment_id=2856\" target=\"_blank\"><img decoding=\"async\" alt=\"\" width=\"300\" height=\"209\" loading=\"lazy\" src=\"https:\/\/www.cykloromantika.cz\/wp-content\/uploads\/2000\/08\/foto-2000-01-15-300x209.jpg\" srcset=\"https:\/\/www.cykloromantika.cz\/wp-content\/uploads\/2000\/08\/foto-2000-01-15-300x209.jpg 300w,https:\/\/www.cykloromantika.cz\/wp-content\/uploads\/2000\/08\/foto-2000-01-15.jpg 800w\" sizes=\"auto, 250px\"\/><\/a><div class=\"sgb-item-caption\"><em>Pohled z pta\u010d\u00ed perspektivy, Tel\u010d nebo T\u0159ebo\u0148?<\/em><\/div><\/div><div class=\"sgb-item\"><a href=\"https:\/\/www.cykloromantika.cz\/?attachment_id=2857\" target=\"_blank\"><img decoding=\"async\" alt=\"\" width=\"209\" height=\"300\" loading=\"lazy\" src=\"https:\/\/www.cykloromantika.cz\/wp-content\/uploads\/2000\/08\/foto-2000-01-16-209x300.jpg\" srcset=\"https:\/\/www.cykloromantika.cz\/wp-content\/uploads\/2000\/08\/foto-2000-01-16-209x300.jpg 209w,https:\/\/www.cykloromantika.cz\/wp-content\/uploads\/2000\/08\/foto-2000-01-16.jpg 556w\" sizes=\"auto, 250px\"\/><\/a><div class=\"sgb-item-caption\"><em>\u0160estero state\u010dn\u00fdch v \u010cesk\u00fdch Bud\u011bjovic\u00edch<\/em><\/div><\/div><div class=\"sgb-item\"><a href=\"https:\/\/www.cykloromantika.cz\/?attachment_id=2858\" target=\"_blank\"><img decoding=\"async\" alt=\"\" width=\"209\" height=\"300\" loading=\"lazy\" src=\"https:\/\/www.cykloromantika.cz\/wp-content\/uploads\/2000\/08\/foto-2000-01-17-209x300.jpg\" srcset=\"https:\/\/www.cykloromantika.cz\/wp-content\/uploads\/2000\/08\/foto-2000-01-17-209x300.jpg 209w,https:\/\/www.cykloromantika.cz\/wp-content\/uploads\/2000\/08\/foto-2000-01-17.jpg 558w\" sizes=\"auto, 250px\"\/><\/a><div class=\"sgb-item-caption\"><em>Hlubok\u00e1 nad Vltavou vypad\u00e1 stejn\u011b, my se m\u011bn\u00edme!:)<\/em><\/div><\/div><\/div><\/noscript><\/div><script type=\"application\/json\" class=\"sgb-data\">{\"lastRowFill\":true,\"collectionThumbRecomendedHeight\":300,\"collectionThumbMiniScreenScale\":true,\"captionHAlign\":\"bottom\",\"collectionthumbHoverTitleFontSize\":12,\"collectionthumbRoundedCorners\":8,\"collectionthumbHoverTitleTextBgColor\":\"rgba(0,0,0,0.44)\",\"collectionThumbSubMenuShare\":false,\"galleryType\":\"pgc_sgb_justified\",\"galleryId\":\"3f610221\",\"images\":[{\"id\":2842,\"title\":\"Foto 2000 01 01\",\"url\":\"https:\/\/www.cykloromantika.cz\/wp-content\/uploads\/2000\/08\/foto-2000-01-01.jpg\",\"link\":\"https:\/\/www.cykloromantika.cz\/?attachment_id=2842\",\"alt\":\"\",\"description\":\"\",\"caption\":\"N\u00e1m\u011bst\u00ed v Tel\u010di, steaky byly delikatesn\u00ed.\",\"mime\":\"image\/jpeg\",\"type\":\"image\",\"width\":800,\"height\":554,\"sizes\":{\"thumbnail\":{\"height\":104,\"width\":150,\"url\":\"https:\/\/www.cykloromantika.cz\/wp-content\/uploads\/2000\/08\/foto-2000-01-01-150x104.jpg\",\"orientation\":\"landscape\"},\"medium\":{\"height\":208,\"width\":300,\"url\":\"https:\/\/www.cykloromantika.cz\/wp-content\/uploads\/2000\/08\/foto-2000-01-01-300x208.jpg\",\"orientation\":\"landscape\"},\"full\":{\"url\":\"https:\/\/www.cykloromantika.cz\/wp-content\/uploads\/2000\/08\/foto-2000-01-01.jpg\",\"height\":554,\"width\":800,\"orientation\":\"landscape\"}},\"meta\":false,\"postlink\":\"https:\/\/www.cykloromantika.cz\/?attachment_id=2842\"},{\"id\":2843,\"title\":\"Foto 2000 01 02\",\"url\":\"https:\/\/www.cykloromantika.cz\/wp-content\/uploads\/2000\/08\/foto-2000-01-02.jpg\",\"link\":\"https:\/\/www.cykloromantika.cz\/?attachment_id=2843\",\"alt\":\"\",\"description\":\"\",\"caption\":\"Da\u010dick\u00fd z\u00e1mek, stoj\u00ed za to jej nav\u0161t\u00edvit.\",\"mime\":\"image\/jpeg\",\"type\":\"image\",\"width\":800,\"height\":553,\"sizes\":{\"thumbnail\":{\"height\":104,\"width\":150,\"url\":\"https:\/\/www.cykloromantika.cz\/wp-content\/uploads\/2000\/08\/foto-2000-01-02-150x104.jpg\",\"orientation\":\"landscape\"},\"medium\":{\"height\":207,\"width\":300,\"url\":\"https:\/\/www.cykloromantika.cz\/wp-content\/uploads\/2000\/08\/foto-2000-01-02-300x207.jpg\",\"orientation\":\"landscape\"},\"full\":{\"url\":\"https:\/\/www.cykloromantika.cz\/wp-content\/uploads\/2000\/08\/foto-2000-01-02.jpg\",\"height\":553,\"width\":800,\"orientation\":\"landscape\"}},\"meta\":false,\"postlink\":\"https:\/\/www.cykloromantika.cz\/?attachment_id=2843\"},{\"id\":2844,\"title\":\"Foto 2000 01 03\",\"url\":\"https:\/\/www.cykloromantika.cz\/wp-content\/uploads\/2000\/08\/foto-2000-01-03.jpg\",\"link\":\"https:\/\/www.cykloromantika.cz\/?attachment_id=2844\",\"alt\":\"\",\"description\":\"\",\"caption\":\"Slavonice jsou jedna velik\u00e1 um\u011bleck\u00e1 d\u00edlna.\",\"mime\":\"image\/jpeg\",\"type\":\"image\",\"width\":558,\"height\":800,\"sizes\":{\"thumbnail\":{\"height\":150,\"width\":105,\"url\":\"https:\/\/www.cykloromantika.cz\/wp-content\/uploads\/2000\/08\/foto-2000-01-03-105x150.jpg\",\"orientation\":\"portrait\"},\"medium\":{\"height\":300,\"width\":209,\"url\":\"https:\/\/www.cykloromantika.cz\/wp-content\/uploads\/2000\/08\/foto-2000-01-03-209x300.jpg\",\"orientation\":\"portrait\"},\"full\":{\"url\":\"https:\/\/www.cykloromantika.cz\/wp-content\/uploads\/2000\/08\/foto-2000-01-03.jpg\",\"height\":800,\"width\":558,\"orientation\":\"portrait\"}},\"meta\":false,\"postlink\":\"https:\/\/www.cykloromantika.cz\/?attachment_id=2844\"},{\"id\":2845,\"title\":\"Foto 2000 01 04\",\"url\":\"https:\/\/www.cykloromantika.cz\/wp-content\/uploads\/2000\/08\/foto-2000-01-04.jpg\",\"link\":\"https:\/\/www.cykloromantika.cz\/?attachment_id=2845\",\"alt\":\"\",\"description\":\"\",\"caption\":\"Pohled na n\u00e1m\u011bst\u00ed ve Slavonic\u00edch\",\"mime\":\"image\/jpeg\",\"type\":\"image\",\"width\":800,\"height\":554,\"sizes\":{\"thumbnail\":{\"height\":104,\"width\":150,\"url\":\"https:\/\/www.cykloromantika.cz\/wp-content\/uploads\/2000\/08\/foto-2000-01-04-150x104.jpg\",\"orientation\":\"landscape\"},\"medium\":{\"height\":208,\"width\":300,\"url\":\"https:\/\/www.cykloromantika.cz\/wp-content\/uploads\/2000\/08\/foto-2000-01-04-300x208.jpg\",\"orientation\":\"landscape\"},\"full\":{\"url\":\"https:\/\/www.cykloromantika.cz\/wp-content\/uploads\/2000\/08\/foto-2000-01-04.jpg\",\"height\":554,\"width\":800,\"orientation\":\"landscape\"}},\"meta\":false,\"postlink\":\"https:\/\/www.cykloromantika.cz\/?attachment_id=2845\"},{\"id\":2846,\"title\":\"Foto 2000 01 05\",\"url\":\"https:\/\/www.cykloromantika.cz\/wp-content\/uploads\/2000\/08\/foto-2000-01-05.jpg\",\"link\":\"https:\/\/www.cykloromantika.cz\/?attachment_id=2846\",\"alt\":\"\",\"description\":\"\",\"caption\":\"Loupe\u017enick\u00e9 kameny p\u0159ed Land\u0161tejnem\",\"mime\":\"image\/jpeg\",\"type\":\"image\",\"width\":800,\"height\":555,\"sizes\":{\"thumbnail\":{\"height\":104,\"width\":150,\"url\":\"https:\/\/www.cykloromantika.cz\/wp-content\/uploads\/2000\/08\/foto-2000-01-05-150x104.jpg\",\"orientation\":\"landscape\"},\"medium\":{\"height\":208,\"width\":300,\"url\":\"https:\/\/www.cykloromantika.cz\/wp-content\/uploads\/2000\/08\/foto-2000-01-05-300x208.jpg\",\"orientation\":\"landscape\"},\"full\":{\"url\":\"https:\/\/www.cykloromantika.cz\/wp-content\/uploads\/2000\/08\/foto-2000-01-05.jpg\",\"height\":555,\"width\":800,\"orientation\":\"landscape\"}},\"meta\":false,\"postlink\":\"https:\/\/www.cykloromantika.cz\/?attachment_id=2846\"},{\"id\":2847,\"title\":\"Foto 2000 01 06\",\"url\":\"https:\/\/www.cykloromantika.cz\/wp-content\/uploads\/2000\/08\/foto-2000-01-06.jpg\",\"link\":\"https:\/\/www.cykloromantika.cz\/?attachment_id=2847\",\"alt\":\"\",\"description\":\"\",\"caption\":\"Pohled z ochoz\u016f obrovsk\u00e9 z\u0159\u00edceniny Land\u0161tejn\",\"mime\":\"image\/jpeg\",\"type\":\"image\",\"width\":800,\"height\":553,\"sizes\":{\"thumbnail\":{\"height\":104,\"width\":150,\"url\":\"https:\/\/www.cykloromantika.cz\/wp-content\/uploads\/2000\/08\/foto-2000-01-06-150x104.jpg\",\"orientation\":\"landscape\"},\"medium\":{\"height\":207,\"width\":300,\"url\":\"https:\/\/www.cykloromantika.cz\/wp-content\/uploads\/2000\/08\/foto-2000-01-06-300x207.jpg\",\"orientation\":\"landscape\"},\"full\":{\"url\":\"https:\/\/www.cykloromantika.cz\/wp-content\/uploads\/2000\/08\/foto-2000-01-06.jpg\",\"height\":553,\"width\":800,\"orientation\":\"landscape\"}},\"meta\":false,\"postlink\":\"https:\/\/www.cykloromantika.cz\/?attachment_id=2847\"},{\"id\":2848,\"title\":\"Foto 2000 01 07\",\"url\":\"https:\/\/www.cykloromantika.cz\/wp-content\/uploads\/2000\/08\/foto-2000-01-07.jpg\",\"link\":\"https:\/\/www.cykloromantika.cz\/?attachment_id=2848\",\"alt\":\"\",\"description\":\"\",\"caption\":\"Span\u00ed ve Star\u00e9m M\u011bst\u011b pod Land\u0161tejnem 500 K\u010d:)\",\"mime\":\"image\/jpeg\",\"type\":\"image\",\"width\":554,\"height\":800,\"sizes\":{\"thumbnail\":{\"height\":150,\"width\":104,\"url\":\"https:\/\/www.cykloromantika.cz\/wp-content\/uploads\/2000\/08\/foto-2000-01-07-104x150.jpg\",\"orientation\":\"portrait\"},\"medium\":{\"height\":300,\"width\":208,\"url\":\"https:\/\/www.cykloromantika.cz\/wp-content\/uploads\/2000\/08\/foto-2000-01-07-208x300.jpg\",\"orientation\":\"portrait\"},\"full\":{\"url\":\"https:\/\/www.cykloromantika.cz\/wp-content\/uploads\/2000\/08\/foto-2000-01-07.jpg\",\"height\":800,\"width\":554,\"orientation\":\"portrait\"}},\"meta\":false,\"postlink\":\"https:\/\/www.cykloromantika.cz\/?attachment_id=2848\"},{\"id\":2849,\"title\":\"Foto 2000 01 08\",\"url\":\"https:\/\/www.cykloromantika.cz\/wp-content\/uploads\/2000\/08\/foto-2000-01-08.jpg\",\"link\":\"https:\/\/www.cykloromantika.cz\/?attachment_id=2849\",\"alt\":\"\",\"description\":\"\",\"caption\":\"Nov\u00fd Voj\u00ed\u0159ov - louky, lesy, jez\u00edrka a h\u0159iby:)\",\"mime\":\"image\/jpeg\",\"type\":\"image\",\"width\":800,\"height\":554,\"sizes\":{\"thumbnail\":{\"height\":104,\"width\":150,\"url\":\"https:\/\/www.cykloromantika.cz\/wp-content\/uploads\/2000\/08\/foto-2000-01-08-150x104.jpg\",\"orientation\":\"landscape\"},\"medium\":{\"height\":208,\"width\":300,\"url\":\"https:\/\/www.cykloromantika.cz\/wp-content\/uploads\/2000\/08\/foto-2000-01-08-300x208.jpg\",\"orientation\":\"landscape\"},\"full\":{\"url\":\"https:\/\/www.cykloromantika.cz\/wp-content\/uploads\/2000\/08\/foto-2000-01-08.jpg\",\"height\":554,\"width\":800,\"orientation\":\"landscape\"}},\"meta\":false,\"postlink\":\"https:\/\/www.cykloromantika.cz\/?attachment_id=2849\"},{\"id\":2850,\"title\":\"Foto 2000 01 09\",\"url\":\"https:\/\/www.cykloromantika.cz\/wp-content\/uploads\/2000\/08\/foto-2000-01-09.jpg\",\"link\":\"https:\/\/www.cykloromantika.cz\/?attachment_id=2850\",\"alt\":\"\",\"description\":\"\",\"caption\":\"Nedot\u010den\u00e1 p\u0159\u00edroda okolo Nov\u00e9ho Voj\u00ed\u0159ova\",\"mime\":\"image\/jpeg\",\"type\":\"image\",\"width\":800,\"height\":553,\"sizes\":{\"thumbnail\":{\"height\":104,\"width\":150,\"url\":\"https:\/\/www.cykloromantika.cz\/wp-content\/uploads\/2000\/08\/foto-2000-01-09-150x104.jpg\",\"orientation\":\"landscape\"},\"medium\":{\"height\":207,\"width\":300,\"url\":\"https:\/\/www.cykloromantika.cz\/wp-content\/uploads\/2000\/08\/foto-2000-01-09-300x207.jpg\",\"orientation\":\"landscape\"},\"full\":{\"url\":\"https:\/\/www.cykloromantika.cz\/wp-content\/uploads\/2000\/08\/foto-2000-01-09.jpg\",\"height\":553,\"width\":800,\"orientation\":\"landscape\"}},\"meta\":false,\"postlink\":\"https:\/\/www.cykloromantika.cz\/?attachment_id=2850\"},{\"id\":2851,\"title\":\"Foto 2000 01 10\",\"url\":\"https:\/\/www.cykloromantika.cz\/wp-content\/uploads\/2000\/08\/foto-2000-01-10.jpg\",\"link\":\"https:\/\/www.cykloromantika.cz\/?attachment_id=2851\",\"alt\":\"\",\"description\":\"\",\"caption\":\"\u010cerven\u00e1 Lhota - zlatovl\u00e1sko, kr\u00e1sko, co bude d\u00e1l\u2026\",\"mime\":\"image\/jpeg\",\"type\":\"image\",\"width\":800,\"height\":558,\"sizes\":{\"thumbnail\":{\"height\":105,\"width\":150,\"url\":\"https:\/\/www.cykloromantika.cz\/wp-content\/uploads\/2000\/08\/foto-2000-01-10-150x105.jpg\",\"orientation\":\"landscape\"},\"medium\":{\"height\":209,\"width\":300,\"url\":\"https:\/\/www.cykloromantika.cz\/wp-content\/uploads\/2000\/08\/foto-2000-01-10-300x209.jpg\",\"orientation\":\"landscape\"},\"full\":{\"url\":\"https:\/\/www.cykloromantika.cz\/wp-content\/uploads\/2000\/08\/foto-2000-01-10.jpg\",\"height\":558,\"width\":800,\"orientation\":\"landscape\"}},\"meta\":false,\"postlink\":\"https:\/\/www.cykloromantika.cz\/?attachment_id=2851\"},{\"id\":2852,\"title\":\"Foto 2000 01 11\",\"url\":\"https:\/\/www.cykloromantika.cz\/wp-content\/uploads\/2000\/08\/foto-2000-01-11.jpg\",\"link\":\"https:\/\/www.cykloromantika.cz\/?attachment_id=2852\",\"alt\":\"\",\"description\":\"\",\"caption\":\"Doplavali jsme na ostr\u016fvek opatovick\u00e9ho rybn\u00edka.\",\"mime\":\"image\/jpeg\",\"type\":\"image\",\"width\":546,\"height\":800,\"sizes\":{\"thumbnail\":{\"height\":150,\"width\":102,\"url\":\"https:\/\/www.cykloromantika.cz\/wp-content\/uploads\/2000\/08\/foto-2000-01-11-102x150.jpg\",\"orientation\":\"portrait\"},\"medium\":{\"height\":300,\"width\":205,\"url\":\"https:\/\/www.cykloromantika.cz\/wp-content\/uploads\/2000\/08\/foto-2000-01-11-205x300.jpg\",\"orientation\":\"portrait\"},\"full\":{\"url\":\"https:\/\/www.cykloromantika.cz\/wp-content\/uploads\/2000\/08\/foto-2000-01-11.jpg\",\"height\":800,\"width\":546,\"orientation\":\"portrait\"}},\"meta\":false,\"postlink\":\"https:\/\/www.cykloromantika.cz\/?attachment_id=2852\"},{\"id\":2853,\"title\":\"Foto 2000 01 12\",\"url\":\"https:\/\/www.cykloromantika.cz\/wp-content\/uploads\/2000\/08\/foto-2000-01-12.jpg\",\"link\":\"https:\/\/www.cykloromantika.cz\/?attachment_id=2853\",\"alt\":\"\",\"description\":\"\",\"caption\":\"De\u0161tiv\u00e9 a studen\u00e9 r\u00e1no na t\u0159ebo\u0148sk\u00e9m n\u00e1m\u011bst\u00ed.\",\"mime\":\"image\/jpeg\",\"type\":\"image\",\"width\":567,\"height\":800,\"sizes\":{\"thumbnail\":{\"height\":150,\"width\":106,\"url\":\"https:\/\/www.cykloromantika.cz\/wp-content\/uploads\/2000\/08\/foto-2000-01-12-106x150.jpg\",\"orientation\":\"portrait\"},\"medium\":{\"height\":300,\"width\":213,\"url\":\"https:\/\/www.cykloromantika.cz\/wp-content\/uploads\/2000\/08\/foto-2000-01-12-213x300.jpg\",\"orientation\":\"portrait\"},\"full\":{\"url\":\"https:\/\/www.cykloromantika.cz\/wp-content\/uploads\/2000\/08\/foto-2000-01-12.jpg\",\"height\":800,\"width\":567,\"orientation\":\"portrait\"}},\"meta\":false,\"postlink\":\"https:\/\/www.cykloromantika.cz\/?attachment_id=2853\"},{\"id\":2854,\"title\":\"Foto 2000 01 13\",\"url\":\"https:\/\/www.cykloromantika.cz\/wp-content\/uploads\/2000\/08\/foto-2000-01-13.jpg\",\"link\":\"https:\/\/www.cykloromantika.cz\/?attachment_id=2854\",\"alt\":\"\",\"description\":\"\",\"caption\":\"\u017dena, v\u0161ech b\u00e1sn\u00edk\u016f to v\u011b\u010dn\u00e9 t\u00e9ma\u2026\",\"mime\":\"image\/jpeg\",\"type\":\"image\",\"width\":554,\"height\":800,\"sizes\":{\"thumbnail\":{\"height\":150,\"width\":104,\"url\":\"https:\/\/www.cykloromantika.cz\/wp-content\/uploads\/2000\/08\/foto-2000-01-13-104x150.jpg\",\"orientation\":\"portrait\"},\"medium\":{\"height\":300,\"width\":208,\"url\":\"https:\/\/www.cykloromantika.cz\/wp-content\/uploads\/2000\/08\/foto-2000-01-13-208x300.jpg\",\"orientation\":\"portrait\"},\"full\":{\"url\":\"https:\/\/www.cykloromantika.cz\/wp-content\/uploads\/2000\/08\/foto-2000-01-13.jpg\",\"height\":800,\"width\":554,\"orientation\":\"portrait\"}},\"meta\":false,\"postlink\":\"https:\/\/www.cykloromantika.cz\/?attachment_id=2854\"},{\"id\":2855,\"title\":\"Foto 2000 01 14\",\"url\":\"https:\/\/www.cykloromantika.cz\/wp-content\/uploads\/2000\/08\/foto-2000-01-14.jpg\",\"link\":\"https:\/\/www.cykloromantika.cz\/?attachment_id=2855\",\"alt\":\"\",\"description\":\"\",\"caption\":\"Pepi, nen\u00ed ti trochu zima?:) T\u0159ebo\u0148.\",\"mime\":\"image\/jpeg\",\"type\":\"image\",\"width\":800,\"height\":557,\"sizes\":{\"thumbnail\":{\"height\":104,\"width\":150,\"url\":\"https:\/\/www.cykloromantika.cz\/wp-content\/uploads\/2000\/08\/foto-2000-01-14-150x104.jpg\",\"orientation\":\"landscape\"},\"medium\":{\"height\":209,\"width\":300,\"url\":\"https:\/\/www.cykloromantika.cz\/wp-content\/uploads\/2000\/08\/foto-2000-01-14-300x209.jpg\",\"orientation\":\"landscape\"},\"full\":{\"url\":\"https:\/\/www.cykloromantika.cz\/wp-content\/uploads\/2000\/08\/foto-2000-01-14.jpg\",\"height\":557,\"width\":800,\"orientation\":\"landscape\"}},\"meta\":false,\"postlink\":\"https:\/\/www.cykloromantika.cz\/?attachment_id=2855\"},{\"id\":2856,\"title\":\"Foto 2000 01 15\",\"url\":\"https:\/\/www.cykloromantika.cz\/wp-content\/uploads\/2000\/08\/foto-2000-01-15.jpg\",\"link\":\"https:\/\/www.cykloromantika.cz\/?attachment_id=2856\",\"alt\":\"\",\"description\":\"\",\"caption\":\"Pohled z pta\u010d\u00ed perspektivy, Tel\u010d nebo T\u0159ebo\u0148?\",\"mime\":\"image\/jpeg\",\"type\":\"image\",\"width\":800,\"height\":557,\"sizes\":{\"thumbnail\":{\"height\":104,\"width\":150,\"url\":\"https:\/\/www.cykloromantika.cz\/wp-content\/uploads\/2000\/08\/foto-2000-01-15-150x104.jpg\",\"orientation\":\"landscape\"},\"medium\":{\"height\":209,\"width\":300,\"url\":\"https:\/\/www.cykloromantika.cz\/wp-content\/uploads\/2000\/08\/foto-2000-01-15-300x209.jpg\",\"orientation\":\"landscape\"},\"full\":{\"url\":\"https:\/\/www.cykloromantika.cz\/wp-content\/uploads\/2000\/08\/foto-2000-01-15.jpg\",\"height\":557,\"width\":800,\"orientation\":\"landscape\"}},\"meta\":false,\"postlink\":\"https:\/\/www.cykloromantika.cz\/?attachment_id=2856\"},{\"id\":2857,\"title\":\"Foto 2000 01 16\",\"url\":\"https:\/\/www.cykloromantika.cz\/wp-content\/uploads\/2000\/08\/foto-2000-01-16.jpg\",\"link\":\"https:\/\/www.cykloromantika.cz\/?attachment_id=2857\",\"alt\":\"\",\"description\":\"\",\"caption\":\"\u0160estero state\u010dn\u00fdch v \u010cesk\u00fdch Bud\u011bjovic\u00edch\",\"mime\":\"image\/jpeg\",\"type\":\"image\",\"width\":556,\"height\":800,\"sizes\":{\"thumbnail\":{\"height\":150,\"width\":104,\"url\":\"https:\/\/www.cykloromantika.cz\/wp-content\/uploads\/2000\/08\/foto-2000-01-16-104x150.jpg\",\"orientation\":\"portrait\"},\"medium\":{\"height\":300,\"width\":209,\"url\":\"https:\/\/www.cykloromantika.cz\/wp-content\/uploads\/2000\/08\/foto-2000-01-16-209x300.jpg\",\"orientation\":\"portrait\"},\"full\":{\"url\":\"https:\/\/www.cykloromantika.cz\/wp-content\/uploads\/2000\/08\/foto-2000-01-16.jpg\",\"height\":800,\"width\":556,\"orientation\":\"portrait\"}},\"meta\":false,\"postlink\":\"https:\/\/www.cykloromantika.cz\/?attachment_id=2857\"},{\"id\":2858,\"title\":\"Foto 2000 01 17\",\"url\":\"https:\/\/www.cykloromantika.cz\/wp-content\/uploads\/2000\/08\/foto-2000-01-17.jpg\",\"link\":\"https:\/\/www.cykloromantika.cz\/?attachment_id=2858\",\"alt\":\"\",\"description\":\"\",\"caption\":\"Hlubok\u00e1 nad Vltavou vypad\u00e1 stejn\u011b, my se m\u011bn\u00edme!:)\",\"mime\":\"image\/jpeg\",\"type\":\"image\",\"width\":558,\"height\":800,\"sizes\":{\"thumbnail\":{\"height\":150,\"width\":105,\"url\":\"https:\/\/www.cykloromantika.cz\/wp-content\/uploads\/2000\/08\/foto-2000-01-17-105x150.jpg\",\"orientation\":\"portrait\"},\"medium\":{\"height\":300,\"width\":209,\"url\":\"https:\/\/www.cykloromantika.cz\/wp-content\/uploads\/2000\/08\/foto-2000-01-17-209x300.jpg\",\"orientation\":\"portrait\"},\"full\":{\"url\":\"https:\/\/www.cykloromantika.cz\/wp-content\/uploads\/2000\/08\/foto-2000-01-17.jpg\",\"height\":800,\"width\":558,\"orientation\":\"portrait\"}},\"meta\":false,\"postlink\":\"https:\/\/www.cykloromantika.cz\/?attachment_id=2858\"}],\"itemsMetaDataCollection\":[],\"galleryData\":\"{\\u0022pageMode\\u0022:false,\\u0022lastRowFill\\u0022:false,\\u0022collectionThumbRecomendedHeight\\u0022:200,\\u0022collectionThumbMiniScreenScale\\u0022:false,\\u0022thumbSpacing\\u0022:5,\\u0022externalLink\\u0022:true,\\u0022externalLinkDefName\\u0022:\\u0022Read More\\u0022,\\u0022externalLinkTextColor\\u0022:\\u0022rgba(0,0,0,1)\\u0022,\\u0022externalLinkBgColor\\u0022:\\u0022rgba(255,255,255,1)\\u0022,\\u0022externalLinkFontSize\\u0022:18,\\u0022captions\\u0022:true,\\u0022captionSrc\\u0022:\\u0022caption\\u0022,\\u0022captionHAlign\\u0022:\\u0022top\\u0022,\\u0022collectionthumbHoverTitleFontSize\\u0022:18,\\u0022collectionthumbRoundedCorners\\u0022:0,\\u0022collectionthumbHoverTitleTextColor\\u0022:\\u0022rgba(255,255,255,1)\\u0022,\\u0022collectionthumbHoverTitleTextBgColor\\u0022:\\u0022rgba(0,0,0,0.8)\\u0022,\\u0022collectionthumbHoverBgColor\\u0022:\\u0022rgba(0,0,0,0.4)\\u0022,\\u0022collectionThumbSubMenuDownload\\u0022:true,\\u0022collectionThumbSubMenuShare\\u0022:true,\\u0022collectionThumbSubMenuBgColor\\u0022:\\u0022rgba(0,0,0,0.4)\\u0022,\\u0022collectionThumbSubMenuBgColorHover\\u0022:\\u0022rgba(255,255,255,1)\\u0022,\\u0022collectionThumbSubMenuIconColor\\u0022:\\u0022rgba(255,255,255,1)\\u0022,\\u0022collectionThumbSubMenuIconColorHover\\u0022:\\u0022rgba(0,0,0,1)\\u0022,\\u0022galleryType\\u0022:\\u0022pgc_sgb_justified\\u0022,\\u0022align\\u0022:\\u0022\\u0022,\\u0022galleryId\\u0022:\\u00223f610221\\u0022,\\u0022tagsListCustomMode\\u0022:false,\\u0022initGalleryByFirstTag\\u0022:false,\\u0022deepLinkingForTag\\u0022:false,\\u0022galleryTagsList\\u0022:[],\\u0022useClobalSettings\\u0022:true,\\u0022orderBy\\u0022:\\u0022custom\\u0022,\\u0022deepLinking\\u0022:false,\\u0022useLightbox\\u0022:true,\\u0022thumbClickAction\\u0022:\\u0022useLightbox\\u0022,\\u0022numItemsDisplayed\\u0022:0,\\u0022lazyLoading\\u0022:true,\\u0022contentNoPadding\\u0022:false,\\u0022galleryPreloaderColor\\u0022:\\u0022rgba(230,230,230,1)\\u0022,\\u0022galleryBgColor\\u0022:\\u0022rgba(0,0,0,0)\\u0022,\\u0022galleryBorderRadius\\u0022:0,\\u0022customCSS\\u0022:\\u0022\\u0022,\\u0022itemsPerPage\\u0022:20,\\u0022loadMoreDefName\\u0022:\\u0022Load More\\u0022,\\u0022loadMoreFontSize\\u0022:16,\\u0022loadMoreTextColor\\u0022:\\u0022rgba(255,255,255,1)\\u0022,\\u0022loadMoreBgColor\\u0022:\\u0022rgba(0,0,0,1)\\u0022,\\u0022tagsFilter\\u0022:false,\\u0022tagCloudAll\\u0022:\\u0022All\\u0022,\\u0022tagCloudBgColor\\u0022:\\u0022rgba(153,153,153,1)\\u0022,\\u0022tagCloudBgColorOver\\u0022:\\u0022rgba(253,253,253,1)\\u0022,\\u0022tagCloudTextColor\\u0022:\\u0022rgba(253,253,253,1)\\u0022,\\u0022tagCloudTextColorOver\\u0022:\\u0022rgba(153,153,153,1)\\u0022,\\u0022tagCloudFontSize\\u0022:16,\\u0022modaBgColor\\u0022:\\u0022rgba(0,0,0,0.8)\\u0022,\\u0022modalIconColor\\u0022:\\u0022rgba(255,255,255,1)\\u0022,\\u0022modalIconColorHover\\u0022:\\u0022rgba(255,255,255,0.8)\\u0022,\\u0022shareFacebook\\u0022:true,\\u0022shareTwitter\\u0022:true,\\u0022sharePinterest\\u0022:true,\\u0022sliderItemDownload\\u0022:true,\\u0022shareCopyLink\\u0022:true,\\u0022sharePost\\u0022:\\u0022sharelink\\u0022,\\u0022copyRProtection\\u0022:false,\\u0022copyRAlert\\u0022:\\u0022Hello, this photo is mine!\\u0022,\\u0022sliderScrollNavi\\u0022:false,\\u0022sliderNextPrevAnimation\\u0022:\\u0022animation\\u0022,\\u0022galleryScrollPositionControll\\u0022:false,\\u0022sliderVideoAutoPlay\\u0022:false,\\u0022sliderVideoLoop\\u0022:false,\\u0022sliderItemCounterEnable\\u0022:true,\\u0022sliderCaptionSrc\\u0022:\\u0022caption\\u0022,\\u0022sliderItemTitleEnable\\u0022:false,\\u0022sliderItemTitleFontSize\\u0022:18,\\u0022sliderItemTitleTextColor\\u0022:\\u0022rgba(255,255,255,1)\\u0022,\\u0022itemCounterColor\\u0022:\\u0022rgba(255,255,255,1)\\u0022,\\u0022sliderThumbBarEnable\\u0022:true,\\u0022sliderThumbBarHoverColor\\u0022:\\u0022rgba(240,240,240,1)\\u0022,\\u0022sliderBgColor\\u0022:\\u0022rgba(0,0,0,0.8)\\u0022,\\u0022sliderPreloaderColor\\u0022:\\u0022rgba(240,240,240,1)\\u0022,\\u0022sliderHeaderFooterBgColor\\u0022:\\u0022rgba(0,0,0,0.4)\\u0022,\\u0022sliderNavigationColor\\u0022:\\u0022rgba(0,0,0,1)\\u0022,\\u0022sliderNavigationColorOver\\u0022:\\u0022rgba(255,255,255,1)\\u0022,\\u0022sliderNavigationIconColor\\u0022:\\u0022rgba(255,255,255,1)\\u0022,\\u0022sliderNavigationIconColorOver\\u0022:\\u0022rgba(0,0,0,1)\\u0022,\\u0022sliderSlideshow\\u0022:true,\\u0022sliderSlideshowDelay\\u0022:8,\\u0022slideshowIndicatorColor\\u0022:\\u0022rgba(255,255,255,1)\\u0022,\\u0022slideshowIndicatorColorBg\\u0022:\\u0022rgba(255,255,255,0.5)\\u0022,\\u0022sliderThumbSubMenuBackgroundColor\\u0022:\\u0022rgba(255,255,255,0)\\u0022,\\u0022sliderThumbSubMenuBackgroundColorOver\\u0022:\\u0022rgba(255,255,255,1)\\u0022,\\u0022sliderThumbSubMenuIconColor\\u0022:\\u0022rgba(255,255,255,1)\\u0022,\\u0022sliderThumbSubMenuIconHoverColor\\u0022:\\u0022rgba(0,0,0,1)\\u0022,\\u0022sliderSocialShareEnabled\\u0022:true,\\u0022sliderZoomEnable\\u0022:true,\\u0022sliderFullscreenEnabled\\u0022:true,\\u0022settingsModalIsOpen\\u0022:false,\\u0022skin\\u0022:\\u0022justified\\u0022}\",\"useClobalSettings\":true,\"galleryBorderRadius\":8,\"shareFacebook\":false,\"shareTwitter\":false,\"sharePinterest\":false,\"sharePost\":\"postlink\",\"sliderItemTitleEnable\":true,\"sliderSocialShareEnabled\":false}<\/script><script>(function(){if(window.PGC_SGB && window.PGC_SGB.searcher){window.PGC_SGB.searcher.initBlocks()}})()<\/script><\/div>\n","protected":false},"excerpt":{"rendered":"","protected":false},"author":1,"featured_media":2851,"comment_status":"open","ping_status":"open","sticky":false,"template":"","format":"standard","meta":{"_acf_changed":false,"pgc_sgb_lightbox_settings":"","footnotes":""},"categories":[31],"tags":[],"class_list":["post-2860","post","type-post","status-publish","format-standard","has-post-thumbnail","hentry","category-denicek"],"acf":[],"_links":{"self":[{"href":"https:\/\/www.cykloromantika.cz\/index.php\/wp-json\/wp\/v2\/posts\/2860","targetHints":{"allow":["GET"]}}],"collection":[{"href":"https:\/\/www.cykloromantika.cz\/index.php\/wp-json\/wp\/v2\/posts"}],"about":[{"href":"https:\/\/www.cykloromantika.cz\/index.php\/wp-json\/wp\/v2\/types\/post"}],"author":[{"embeddable":true,"href":"https:\/\/www.cykloromantika.cz\/index.php\/wp-json\/wp\/v2\/users\/1"}],"replies":[{"embeddable":true,"href":"https:\/\/www.cykloromantika.cz\/index.php\/wp-json\/wp\/v2\/comments?post=2860"}],"version-history":[{"count":2,"href":"https:\/\/www.cykloromantika.cz\/index.php\/wp-json\/wp\/v2\/posts\/2860\/revisions"}],"predecessor-version":[{"id":3279,"href":"https:\/\/www.cykloromantika.cz\/index.php\/wp-json\/wp\/v2\/posts\/2860\/revisions\/3279"}],"wp:featuredmedia":[{"embeddable":true,"href":"https:\/\/www.cykloromantika.cz\/index.php\/wp-json\/wp\/v2\/media\/2851"}],"wp:attachment":[{"href":"https:\/\/www.cykloromantika.cz\/index.php\/wp-json\/wp\/v2\/media?parent=2860"}],"wp:term":[{"taxonomy":"category","embeddable":true,"href":"https:\/\/www.cykloromantika.cz\/index.php\/wp-json\/wp\/v2\/categories?post=2860"},{"taxonomy":"post_tag","embeddable":true,"href":"https:\/\/www.cykloromantika.cz\/index.php\/wp-json\/wp\/v2\/tags?post=2860"}],"curies":[{"name":"wp","href":"https:\/\/api.w.org\/{rel}","templated":true}]}}