{"id":2834,"date":"1999-08-10T19:48:00","date_gmt":"1999-08-10T18:48:00","guid":{"rendered":"https:\/\/www.cykloromantika.cz\/?p=2834"},"modified":"2022-02-09T17:17:45","modified_gmt":"2022-02-09T16:17:45","slug":"iii-rocnik-dolce-vitae-dvanacti-odvaznych","status":"publish","type":"post","link":"https:\/\/www.cykloromantika.cz\/index.php\/1999\/08\/10\/iii-rocnik-dolce-vitae-dvanacti-odvaznych\/","title":{"rendered":"III. ro\u010dn\u00edk: Dolce Vitae dvan\u00e1cti odv\u00e1\u017en\u00fdch"},"content":{"rendered":"<div class=\"pgc-sgb-cb wp-block-pgcsimplygalleryblock-justified \" data-gallery-id=\"5b775045\"><div class=\"sgb-preloader\" id=\"pr_5b775045\">\n\t<div class=\"sgb-square\" style=\"background:#d4d4d4\"><\/div>\n\t<div class=\"sgb-square\" style=\"background:#d4d4d4\"><\/div>\n\t<div class=\"sgb-square\" style=\"background:#d4d4d4\"><\/div>\n\t<div class=\"sgb-square\" style=\"background:#d4d4d4\"><\/div><\/div><div class=\"simply-gallery-amp pgc_sgb_slider \"><noscript><div class=\"sgb-gallery\"><div class=\"sgb-item\"><a href=\"https:\/\/www.cykloromantika.cz\/?attachment_id=2657\" target=\"_blank\"><img decoding=\"async\" alt=\"\" width=\"300\" height=\"216\" loading=\"lazy\" src=\"https:\/\/www.cykloromantika.cz\/wp-content\/uploads\/1999\/08\/foto-1999-01-01-300x216.jpg\" srcset=\"https:\/\/www.cykloromantika.cz\/wp-content\/uploads\/1999\/08\/foto-1999-01-01-300x216.jpg 300w,https:\/\/www.cykloromantika.cz\/wp-content\/uploads\/1999\/08\/foto-1999-01-01.jpg 800w\" sizes=\"auto, 250px\"\/><\/a><div class=\"sgb-item-caption\"><em>T\u0159et\u00ed ro\u010dn\u00edk startujeme ze svinovsk\u00e9ho n\u00e1dra\u017e\u00ed.<\/em><\/div><\/div><div class=\"sgb-item\"><a href=\"https:\/\/www.cykloromantika.cz\/?attachment_id=2658\" target=\"_blank\"><img decoding=\"async\" alt=\"\" width=\"300\" height=\"201\" loading=\"lazy\" src=\"https:\/\/www.cykloromantika.cz\/wp-content\/uploads\/1999\/08\/foto-1999-01-02-300x201.jpg\" srcset=\"https:\/\/www.cykloromantika.cz\/wp-content\/uploads\/1999\/08\/foto-1999-01-02-300x201.jpg 300w,https:\/\/www.cykloromantika.cz\/wp-content\/uploads\/1999\/08\/foto-1999-01-02.jpg 800w\" sizes=\"auto, 250px\"\/><\/a><div class=\"sgb-item-caption\"><em>Gabka m\u00e1 poni\u010den\u00e9 sedlo, reklamujeme ve Slavkov\u011b.<\/em><\/div><\/div><div class=\"sgb-item\"><a href=\"https:\/\/www.cykloromantika.cz\/?attachment_id=2659\" target=\"_blank\"><img decoding=\"async\" alt=\"\" width=\"300\" height=\"203\" loading=\"lazy\" src=\"https:\/\/www.cykloromantika.cz\/wp-content\/uploads\/1999\/08\/foto-1999-01-03-300x203.jpg\" srcset=\"https:\/\/www.cykloromantika.cz\/wp-content\/uploads\/1999\/08\/foto-1999-01-03-300x203.jpg 300w,https:\/\/www.cykloromantika.cz\/wp-content\/uploads\/1999\/08\/foto-1999-01-03.jpg 800w\" sizes=\"auto, 250px\"\/><\/a><div class=\"sgb-item-caption\"><em>Mlad\u00fd Rocco v\u00ed, pro\u010d do Slavkova p\u0159ijel. Rocco!:)<\/em><\/div><\/div><div class=\"sgb-item\"><a href=\"https:\/\/www.cykloromantika.cz\/?attachment_id=2660\" target=\"_blank\"><img decoding=\"async\" alt=\"\" width=\"300\" height=\"206\" loading=\"lazy\" src=\"https:\/\/www.cykloromantika.cz\/wp-content\/uploads\/1999\/08\/foto-1999-01-04-300x206.jpg\" srcset=\"https:\/\/www.cykloromantika.cz\/wp-content\/uploads\/1999\/08\/foto-1999-01-04-300x206.jpg 300w,https:\/\/www.cykloromantika.cz\/wp-content\/uploads\/1999\/08\/foto-1999-01-04.jpg 800w\" sizes=\"auto, 250px\"\/><\/a><div class=\"sgb-item-caption\"><em>Byla to doba, jak se \u0159\u00edk\u00e1 studentsk\u00e1.:) Tyto kola pat\u0159ili k nejlep\u0161\u00edm.<\/em><\/div><\/div><div class=\"sgb-item\"><a href=\"https:\/\/www.cykloromantika.cz\/?attachment_id=2661\" target=\"_blank\"><img decoding=\"async\" alt=\"\" width=\"300\" height=\"208\" loading=\"lazy\" src=\"https:\/\/www.cykloromantika.cz\/wp-content\/uploads\/1999\/08\/foto-1999-01-05-300x208.jpg\" srcset=\"https:\/\/www.cykloromantika.cz\/wp-content\/uploads\/1999\/08\/foto-1999-01-05-300x208.jpg 300w,https:\/\/www.cykloromantika.cz\/wp-content\/uploads\/1999\/08\/foto-1999-01-05.jpg 800w\" sizes=\"auto, 250px\"\/><\/a><div class=\"sgb-item-caption\"><em>V\u00edne\u010dko b\u00edl\u00e9, jsi od mej milej\u2026 Budu \u0165a pi\u0165\u2026<\/em><\/div><\/div><div class=\"sgb-item\"><a href=\"https:\/\/www.cykloromantika.cz\/?attachment_id=2662\" target=\"_blank\"><img decoding=\"async\" alt=\"\" width=\"300\" height=\"205\" loading=\"lazy\" src=\"https:\/\/www.cykloromantika.cz\/wp-content\/uploads\/1999\/08\/foto-1999-01-06-300x205.jpg\" srcset=\"https:\/\/www.cykloromantika.cz\/wp-content\/uploads\/1999\/08\/foto-1999-01-06-300x205.jpg 300w,https:\/\/www.cykloromantika.cz\/wp-content\/uploads\/1999\/08\/foto-1999-01-06.jpg 800w\" sizes=\"auto, 250px\"\/><\/a><div class=\"sgb-item-caption\"><em>Jojo. jak Pep\u00ednovi po v\u010derej\u0161ku otrnulo.:) V\u00edne\u010dko\u2026 <\/em><\/div><\/div><div class=\"sgb-item\"><a href=\"https:\/\/www.cykloromantika.cz\/?attachment_id=2663\" target=\"_blank\"><img decoding=\"async\" alt=\"\" width=\"300\" height=\"203\" loading=\"lazy\" src=\"https:\/\/www.cykloromantika.cz\/wp-content\/uploads\/1999\/08\/foto-1999-01-07-300x203.jpg\" srcset=\"https:\/\/www.cykloromantika.cz\/wp-content\/uploads\/1999\/08\/foto-1999-01-07-300x203.jpg 300w,https:\/\/www.cykloromantika.cz\/wp-content\/uploads\/1999\/08\/foto-1999-01-07.jpg 800w\" sizes=\"auto, 250px\"\/><\/a><div class=\"sgb-item-caption\"><em>Spink\u00e1n\u00ed na h\u0159i\u0161ti ve Velk\u00fdch B\u00edlovic\u00edch<\/em><\/div><\/div><div class=\"sgb-item\"><a href=\"https:\/\/www.cykloromantika.cz\/foto-1999-01-08\/\" target=\"_blank\"><img decoding=\"async\" alt=\"\" width=\"300\" height=\"202\" loading=\"lazy\" src=\"https:\/\/www.cykloromantika.cz\/wp-content\/uploads\/2022\/01\/foto-1999-01-08-300x202.jpg\" srcset=\"https:\/\/www.cykloromantika.cz\/wp-content\/uploads\/2022\/01\/foto-1999-01-08-300x202.jpg 300w,https:\/\/www.cykloromantika.cz\/wp-content\/uploads\/2022\/01\/foto-1999-01-08.jpg 800w\" sizes=\"auto, 250px\"\/><\/a><div class=\"sgb-item-caption\"><em>Jan\u016fv hrad, romantick\u00e1 z\u0159\u00edcenina postaven\u00e1 pro lov<\/em><\/div><\/div><div class=\"sgb-item\"><a href=\"https:\/\/www.cykloromantika.cz\/foto-1999-01-09\/\" target=\"_blank\"><img decoding=\"async\" alt=\"\" width=\"300\" height=\"207\" loading=\"lazy\" src=\"https:\/\/www.cykloromantika.cz\/wp-content\/uploads\/2022\/01\/foto-1999-01-09-300x207.jpg\" srcset=\"https:\/\/www.cykloromantika.cz\/wp-content\/uploads\/2022\/01\/foto-1999-01-09-300x207.jpg 300w,https:\/\/www.cykloromantika.cz\/wp-content\/uploads\/2022\/01\/foto-1999-01-09.jpg 800w\" sizes=\"auto, 250px\"\/><\/a><div class=\"sgb-item-caption\"><em>Lednice, je to n\u00e1dhern\u00fd romantick\u00fd kus zem\u011b.<\/em><\/div><\/div><div class=\"sgb-item\"><a href=\"https:\/\/www.cykloromantika.cz\/foto-1999-01-10\/\" target=\"_blank\"><img decoding=\"async\" alt=\"\" width=\"300\" height=\"203\" loading=\"lazy\" src=\"https:\/\/www.cykloromantika.cz\/wp-content\/uploads\/2022\/01\/foto-1999-01-10-300x203.jpg\" srcset=\"https:\/\/www.cykloromantika.cz\/wp-content\/uploads\/2022\/01\/foto-1999-01-10-300x203.jpg 300w,https:\/\/www.cykloromantika.cz\/wp-content\/uploads\/2022\/01\/foto-1999-01-10.jpg 800w\" sizes=\"auto, 250px\"\/><\/a><div class=\"sgb-item-caption\"><em>Park je \u010d\u00e1ste\u010dn\u011b ve francouzsk\u00e9m a anglick\u00e9m stylu.<\/em><\/div><\/div><div class=\"sgb-item\"><a href=\"https:\/\/www.cykloromantika.cz\/foto-1999-01-11\/\" target=\"_blank\"><img decoding=\"async\" alt=\"\" width=\"300\" height=\"207\" loading=\"lazy\" src=\"https:\/\/www.cykloromantika.cz\/wp-content\/uploads\/2022\/01\/foto-1999-01-11-300x207.jpg\" srcset=\"https:\/\/www.cykloromantika.cz\/wp-content\/uploads\/2022\/01\/foto-1999-01-11-300x207.jpg 300w,https:\/\/www.cykloromantika.cz\/wp-content\/uploads\/2022\/01\/foto-1999-01-11.jpg 800w\" sizes=\"auto, 250px\"\/><\/a><div class=\"sgb-item-caption\"><em>Kde se na mn\u011b hrabe se sv\u00fdmi plody ban\u00e1novn\u00edk.:)<\/em><\/div><\/div><div class=\"sgb-item\"><a href=\"https:\/\/www.cykloromantika.cz\/foto-1999-01-12\/\" target=\"_blank\"><img decoding=\"async\" alt=\"\" width=\"203\" height=\"300\" loading=\"lazy\" src=\"https:\/\/www.cykloromantika.cz\/wp-content\/uploads\/2022\/01\/foto-1999-01-12-203x300.jpg\" srcset=\"https:\/\/www.cykloromantika.cz\/wp-content\/uploads\/2022\/01\/foto-1999-01-12-203x300.jpg 203w,https:\/\/www.cykloromantika.cz\/wp-content\/uploads\/2022\/01\/foto-1999-01-12.jpg 542w\" sizes=\"auto, 250px\"\/><\/a><div class=\"sgb-item-caption\"><em>Lednick\u00fd minaret, kn\u00ed\u017ee byl zcestoval\u00fd mu\u017e.<\/em><\/div><\/div><div class=\"sgb-item\"><a href=\"https:\/\/www.cykloromantika.cz\/foto-1999-01-13\/\" target=\"_blank\"><img decoding=\"async\" alt=\"\" width=\"203\" height=\"300\" loading=\"lazy\" src=\"https:\/\/www.cykloromantika.cz\/wp-content\/uploads\/2022\/01\/foto-1999-01-13-203x300.jpg\" srcset=\"https:\/\/www.cykloromantika.cz\/wp-content\/uploads\/2022\/01\/foto-1999-01-13-203x300.jpg 203w,https:\/\/www.cykloromantika.cz\/wp-content\/uploads\/2022\/01\/foto-1999-01-13.jpg 542w\" sizes=\"auto, 250px\"\/><\/a><div class=\"sgb-item-caption\"><em>Z minaretu je \u00fa\u017easn\u00fd v\u00fdhled na cel\u00fd park.<\/em><\/div><\/div><div class=\"sgb-item\"><a href=\"https:\/\/www.cykloromantika.cz\/foto-1999-01-14\/\" target=\"_blank\"><img decoding=\"async\" alt=\"\" width=\"300\" height=\"204\" loading=\"lazy\" src=\"https:\/\/www.cykloromantika.cz\/wp-content\/uploads\/2022\/01\/foto-1999-01-14-300x204.jpg\" srcset=\"https:\/\/www.cykloromantika.cz\/wp-content\/uploads\/2022\/01\/foto-1999-01-14-300x204.jpg 300w,https:\/\/www.cykloromantika.cz\/wp-content\/uploads\/2022\/01\/foto-1999-01-14.jpg 800w\" sizes=\"auto, 250px\"\/><\/a><div class=\"sgb-item-caption\"><em>No a samoz\u0159ejm\u011b taky na n\u00e1s:)<\/em><\/div><\/div><div class=\"sgb-item\"><a href=\"https:\/\/www.cykloromantika.cz\/foto-1999-01-15\/\" target=\"_blank\"><img decoding=\"async\" alt=\"\" width=\"300\" height=\"200\" loading=\"lazy\" src=\"https:\/\/www.cykloromantika.cz\/wp-content\/uploads\/2022\/01\/foto-1999-01-15-300x200.jpg\" srcset=\"https:\/\/www.cykloromantika.cz\/wp-content\/uploads\/2022\/01\/foto-1999-01-15-300x200.jpg 300w,https:\/\/www.cykloromantika.cz\/wp-content\/uploads\/2022\/01\/foto-1999-01-15.jpg 800w\" sizes=\"auto, 250px\"\/><\/a><div class=\"sgb-item-caption\"><em>Valtice - z\u00e1mek, Valtick\u00e1 rychta - uzen\u00e9 \u017eebra:)<\/em><\/div><\/div><div class=\"sgb-item\"><a href=\"https:\/\/www.cykloromantika.cz\/foto-1999-01-16\/\" target=\"_blank\"><img decoding=\"async\" alt=\"\" width=\"300\" height=\"202\" loading=\"lazy\" src=\"https:\/\/www.cykloromantika.cz\/wp-content\/uploads\/2022\/01\/foto-1999-01-16-300x202.jpg\" srcset=\"https:\/\/www.cykloromantika.cz\/wp-content\/uploads\/2022\/01\/foto-1999-01-16-300x202.jpg 300w,https:\/\/www.cykloromantika.cz\/wp-content\/uploads\/2022\/01\/foto-1999-01-16.jpg 800w\" sizes=\"auto, 250px\"\/><\/a><div class=\"sgb-item-caption\"><em>Mikulov, spali jsme zde u letn\u00edho kina.<\/em><\/div><\/div><div class=\"sgb-item\"><a href=\"https:\/\/www.cykloromantika.cz\/foto-1999-01-17\/\" target=\"_blank\"><img decoding=\"async\" alt=\"\" width=\"300\" height=\"207\" loading=\"lazy\" src=\"https:\/\/www.cykloromantika.cz\/wp-content\/uploads\/2022\/01\/foto-1999-01-17-300x207.jpg\" srcset=\"https:\/\/www.cykloromantika.cz\/wp-content\/uploads\/2022\/01\/foto-1999-01-17-300x207.jpg 300w,https:\/\/www.cykloromantika.cz\/wp-content\/uploads\/2022\/01\/foto-1999-01-17.jpg 800w\" sizes=\"auto, 250px\"\/><\/a><div class=\"sgb-item-caption\"><em>Historick\u00fd ml\u00fdn ve Slupu, koup\u00e1n\u00ed v n\u00e1honu<\/em><\/div><\/div><div class=\"sgb-item\"><a href=\"https:\/\/www.cykloromantika.cz\/foto-1999-01-18\/\" target=\"_blank\"><img decoding=\"async\" alt=\"\" width=\"300\" height=\"208\" loading=\"lazy\" src=\"https:\/\/www.cykloromantika.cz\/wp-content\/uploads\/2022\/01\/foto-1999-01-18-300x208.jpg\" srcset=\"https:\/\/www.cykloromantika.cz\/wp-content\/uploads\/2022\/01\/foto-1999-01-18-300x208.jpg 300w,https:\/\/www.cykloromantika.cz\/wp-content\/uploads\/2022\/01\/foto-1999-01-18.jpg 800w\" sizes=\"auto, 250px\"\/><\/a><div class=\"sgb-item-caption\"><em>Ve\u010der se pilo u t\u00e1bor\u00e1ku v\u00edno, veltl\u00ednsk\u00e9 zelen\u00e9.:(<\/em><\/div><\/div><div class=\"sgb-item\"><a href=\"https:\/\/www.cykloromantika.cz\/foto-1999-01-19\/\" target=\"_blank\"><img decoding=\"async\" alt=\"\" width=\"300\" height=\"201\" loading=\"lazy\" src=\"https:\/\/www.cykloromantika.cz\/wp-content\/uploads\/2022\/01\/foto-1999-01-19-300x201.jpg\" srcset=\"https:\/\/www.cykloromantika.cz\/wp-content\/uploads\/2022\/01\/foto-1999-01-19-300x201.jpg 300w,https:\/\/www.cykloromantika.cz\/wp-content\/uploads\/2022\/01\/foto-1999-01-19.jpg 800w\" sizes=\"auto, 250px\"\/><\/a><\/div><div class=\"sgb-item\"><a href=\"https:\/\/www.cykloromantika.cz\/foto-1999-01-20\/\" target=\"_blank\"><img decoding=\"async\" alt=\"\" width=\"300\" height=\"203\" loading=\"lazy\" src=\"https:\/\/www.cykloromantika.cz\/wp-content\/uploads\/2022\/01\/foto-1999-01-20-300x203.jpg\" srcset=\"https:\/\/www.cykloromantika.cz\/wp-content\/uploads\/2022\/01\/foto-1999-01-20-300x203.jpg 300w,https:\/\/www.cykloromantika.cz\/wp-content\/uploads\/2022\/01\/foto-1999-01-20.jpg 800w\" sizes=\"auto, 250px\"\/><\/a><\/div><div class=\"sgb-item\"><a href=\"https:\/\/www.cykloromantika.cz\/foto-1999-01-21\/\" target=\"_blank\"><img decoding=\"async\" alt=\"\" width=\"300\" height=\"202\" loading=\"lazy\" src=\"https:\/\/www.cykloromantika.cz\/wp-content\/uploads\/2022\/01\/foto-1999-01-21-300x202.jpg\" srcset=\"https:\/\/www.cykloromantika.cz\/wp-content\/uploads\/2022\/01\/foto-1999-01-21-300x202.jpg 300w,https:\/\/www.cykloromantika.cz\/wp-content\/uploads\/2022\/01\/foto-1999-01-21.jpg 800w\" sizes=\"auto, 250px\"\/><\/a><div class=\"sgb-item-caption\"><em>V pozad\u00ed z\u00e1mek Vranov nad Dyj\u00ed<\/em><\/div><\/div><div class=\"sgb-item\"><a href=\"https:\/\/www.cykloromantika.cz\/foto-1999-01-22\/\" target=\"_blank\"><img decoding=\"async\" alt=\"\" width=\"300\" height=\"207\" loading=\"lazy\" src=\"https:\/\/www.cykloromantika.cz\/wp-content\/uploads\/2022\/01\/foto-1999-01-22-300x207.jpg\" srcset=\"https:\/\/www.cykloromantika.cz\/wp-content\/uploads\/2022\/01\/foto-1999-01-22-300x207.jpg 300w,https:\/\/www.cykloromantika.cz\/wp-content\/uploads\/2022\/01\/foto-1999-01-22.jpg 800w\" sizes=\"auto, 250px\"\/><\/a><div class=\"sgb-item-caption\"><em>Co dodat, Dyje\u2026 Jen se kochat tou kr\u00e1sou.:)<\/em><\/div><\/div><div class=\"sgb-item\"><a href=\"https:\/\/www.cykloromantika.cz\/foto-1999-01-23\/\" target=\"_blank\"><img decoding=\"async\" alt=\"\" width=\"300\" height=\"207\" loading=\"lazy\" src=\"https:\/\/www.cykloromantika.cz\/wp-content\/uploads\/2022\/01\/foto-1999-01-23-300x207.jpg\" srcset=\"https:\/\/www.cykloromantika.cz\/wp-content\/uploads\/2022\/01\/foto-1999-01-23-300x207.jpg 300w,https:\/\/www.cykloromantika.cz\/wp-content\/uploads\/2022\/01\/foto-1999-01-23.jpg 800w\" sizes=\"auto, 250px\"\/><\/a><div class=\"sgb-item-caption\"><em>Pr\u016f\u010del\u00ed z\u00e1mku Vranov nad Dyj\u00ed, \u0159\u00edmsk\u00e9 sochy<\/em><\/div><\/div><div class=\"sgb-item\"><a href=\"https:\/\/www.cykloromantika.cz\/foto-1999-01-24\/\" target=\"_blank\"><img decoding=\"async\" alt=\"\" width=\"300\" height=\"208\" loading=\"lazy\" src=\"https:\/\/www.cykloromantika.cz\/wp-content\/uploads\/2022\/01\/foto-1999-01-24-300x208.jpg\" srcset=\"https:\/\/www.cykloromantika.cz\/wp-content\/uploads\/2022\/01\/foto-1999-01-24-300x208.jpg 300w,https:\/\/www.cykloromantika.cz\/wp-content\/uploads\/2022\/01\/foto-1999-01-24.jpg 800w\" sizes=\"auto, 250px\"\/><\/a><div class=\"sgb-item-caption\"><em>Vypad\u00e1 to daleko, ale je to hodn\u011b bl\u00edzko.:)<\/em><\/div><\/div><div class=\"sgb-item\"><a href=\"https:\/\/www.cykloromantika.cz\/foto-1999-01-25\/\" target=\"_blank\"><img decoding=\"async\" alt=\"\" width=\"300\" height=\"201\" loading=\"lazy\" src=\"https:\/\/www.cykloromantika.cz\/wp-content\/uploads\/2022\/01\/foto-1999-01-25-300x201.jpg\" srcset=\"https:\/\/www.cykloromantika.cz\/wp-content\/uploads\/2022\/01\/foto-1999-01-25-300x201.jpg 300w,https:\/\/www.cykloromantika.cz\/wp-content\/uploads\/2022\/01\/foto-1999-01-25.jpg 800w\" sizes=\"auto, 250px\"\/><\/a><div class=\"sgb-item-caption\"><em>Nejkr\u00e1sn\u011bj\u0161\u00ed serv\u00edrka ze v\u0161ech 11. ro\u010dn\u00edk\u016f kol:)<\/em><\/div><\/div><div class=\"sgb-item\"><a href=\"https:\/\/www.cykloromantika.cz\/foto-1999-01-26\/\" target=\"_blank\"><img decoding=\"async\" alt=\"\" width=\"210\" height=\"300\" loading=\"lazy\" src=\"https:\/\/www.cykloromantika.cz\/wp-content\/uploads\/2022\/01\/foto-1999-01-26-210x300.jpg\" srcset=\"https:\/\/www.cykloromantika.cz\/wp-content\/uploads\/2022\/01\/foto-1999-01-26-210x300.jpg 210w,https:\/\/www.cykloromantika.cz\/wp-content\/uploads\/2022\/01\/foto-1999-01-26.jpg 559w\" sizes=\"auto, 250px\"\/><\/a><div class=\"sgb-item-caption\"><em>Dobrou chu\u0165, Vl\u010d\u00e1ku, to asi nen\u00ed love\u010d\u00e1k.:)<\/em><\/div><\/div><div class=\"sgb-item\"><a href=\"https:\/\/www.cykloromantika.cz\/foto-1999-01-27\/\" target=\"_blank\"><img decoding=\"async\" alt=\"\" width=\"300\" height=\"202\" loading=\"lazy\" src=\"https:\/\/www.cykloromantika.cz\/wp-content\/uploads\/2022\/01\/foto-1999-01-27-300x202.jpg\" srcset=\"https:\/\/www.cykloromantika.cz\/wp-content\/uploads\/2022\/01\/foto-1999-01-27-300x202.jpg 300w,https:\/\/www.cykloromantika.cz\/wp-content\/uploads\/2022\/01\/foto-1999-01-27.jpg 800w\" sizes=\"auto, 250px\"\/><\/a><div class=\"sgb-item-caption\"><em>Z\u0159\u00edcenina Corn\u0161tejn nad vranovskou p\u0159ehradou<\/em><\/div><\/div><div class=\"sgb-item\"><a href=\"https:\/\/www.cykloromantika.cz\/foto-1999-01-28\/\" target=\"_blank\"><img decoding=\"async\" alt=\"\" width=\"300\" height=\"206\" loading=\"lazy\" src=\"https:\/\/www.cykloromantika.cz\/wp-content\/uploads\/2022\/01\/foto-1999-01-28-300x206.jpg\" srcset=\"https:\/\/www.cykloromantika.cz\/wp-content\/uploads\/2022\/01\/foto-1999-01-28-300x206.jpg 300w,https:\/\/www.cykloromantika.cz\/wp-content\/uploads\/2022\/01\/foto-1999-01-28.jpg 800w\" sizes=\"auto, 250px\"\/><\/a><div class=\"sgb-item-caption\"><em>Hned v 8 jsme tuto z\u0159\u00edceninu p\u0159epadli a dobili.:)<\/em><\/div><\/div><div class=\"sgb-item\"><a href=\"https:\/\/www.cykloromantika.cz\/foto-1999-01-29\/\" target=\"_blank\"><img decoding=\"async\" alt=\"\" width=\"300\" height=\"204\" loading=\"lazy\" src=\"https:\/\/www.cykloromantika.cz\/wp-content\/uploads\/2022\/01\/foto-1999-01-29-300x204.jpg\" srcset=\"https:\/\/www.cykloromantika.cz\/wp-content\/uploads\/2022\/01\/foto-1999-01-29-300x204.jpg 300w,https:\/\/www.cykloromantika.cz\/wp-content\/uploads\/2022\/01\/foto-1999-01-29.jpg 800w\" sizes=\"auto, 250px\"\/><\/a><div class=\"sgb-item-caption\"><em>Pro\u0161majdali jsme tuto pam\u00e1tku naskrz.<\/em><\/div><\/div><div class=\"sgb-item\"><a href=\"https:\/\/www.cykloromantika.cz\/foto-1999-01-30\/\" target=\"_blank\"><img decoding=\"async\" alt=\"\" width=\"204\" height=\"300\" loading=\"lazy\" src=\"https:\/\/www.cykloromantika.cz\/wp-content\/uploads\/2022\/01\/foto-1999-01-30-204x300.jpg\" srcset=\"https:\/\/www.cykloromantika.cz\/wp-content\/uploads\/2022\/01\/foto-1999-01-30-204x300.jpg 204w,https:\/\/www.cykloromantika.cz\/wp-content\/uploads\/2022\/01\/foto-1999-01-30.jpg 545w\" sizes=\"auto, 250px\"\/><\/a><div class=\"sgb-item-caption\"><em>Asi ztratil Vlkou\u0161 st\u0159echu nad hlavou? Nebo hlavu?<\/em><\/div><\/div><div class=\"sgb-item\"><a href=\"https:\/\/www.cykloromantika.cz\/foto-1999-01-31\/\" target=\"_blank\"><img decoding=\"async\" alt=\"\" width=\"300\" height=\"204\" loading=\"lazy\" src=\"https:\/\/www.cykloromantika.cz\/wp-content\/uploads\/2022\/01\/foto-1999-01-31-300x204.jpg\" srcset=\"https:\/\/www.cykloromantika.cz\/wp-content\/uploads\/2022\/01\/foto-1999-01-31-300x204.jpg 300w,https:\/\/www.cykloromantika.cz\/wp-content\/uploads\/2022\/01\/foto-1999-01-31.jpg 800w\" sizes=\"auto, 250px\"\/><\/a><div class=\"sgb-item-caption\"><em>Gab\u010da, b\u00fdval\u00e1 l\u00e1ska Vlkou\u0161e\u2026<\/em><\/div><\/div><div class=\"sgb-item\"><a href=\"https:\/\/www.cykloromantika.cz\/foto-1999-01-32\/\" target=\"_blank\"><img decoding=\"async\" alt=\"\" width=\"300\" height=\"206\" loading=\"lazy\" src=\"https:\/\/www.cykloromantika.cz\/wp-content\/uploads\/2022\/01\/foto-1999-01-32-300x206.jpg\" srcset=\"https:\/\/www.cykloromantika.cz\/wp-content\/uploads\/2022\/01\/foto-1999-01-32-300x206.jpg 300w,https:\/\/www.cykloromantika.cz\/wp-content\/uploads\/2022\/01\/foto-1999-01-32.jpg 800w\" sizes=\"auto, 250px\"\/><\/a><div class=\"sgb-item-caption\"><em>\u0160\u0165astn\u00e9 shled\u00e1n\u00ed na b\u00edtovsk\u00e9m n\u00e1m\u011bst\u00ed\u010dku<\/em><\/div><\/div><div class=\"sgb-item\"><a href=\"https:\/\/www.cykloromantika.cz\/foto-1999-01-33\/\" target=\"_blank\"><img decoding=\"async\" alt=\"\" width=\"204\" height=\"300\" loading=\"lazy\" src=\"https:\/\/www.cykloromantika.cz\/wp-content\/uploads\/2022\/01\/foto-1999-01-33-204x300.jpg\" srcset=\"https:\/\/www.cykloromantika.cz\/wp-content\/uploads\/2022\/01\/foto-1999-01-33-204x300.jpg 204w,https:\/\/www.cykloromantika.cz\/wp-content\/uploads\/2022\/01\/foto-1999-01-33.jpg 544w\" sizes=\"auto, 250px\"\/><\/a><div class=\"sgb-item-caption\"><em>Chci b\u00fdt kr\u00e1sn\u00fd pir\u00e1t, abych t\u011b zaujal Martinko.:)<\/em><\/div><\/div><div class=\"sgb-item\"><a href=\"https:\/\/www.cykloromantika.cz\/foto-1999-01-34\/\" target=\"_blank\"><img decoding=\"async\" alt=\"\" width=\"300\" height=\"209\" loading=\"lazy\" src=\"https:\/\/www.cykloromantika.cz\/wp-content\/uploads\/2022\/01\/foto-1999-01-34-300x209.jpg\" srcset=\"https:\/\/www.cykloromantika.cz\/wp-content\/uploads\/2022\/01\/foto-1999-01-34-300x209.jpg 300w,https:\/\/www.cykloromantika.cz\/wp-content\/uploads\/2022\/01\/foto-1999-01-34.jpg 800w\" sizes=\"auto, 250px\"\/><\/a><div class=\"sgb-item-caption\"><em>Vlkou\u0161 mlad\u0161\u00ed prob\u00edh\u00e1 jako superman u restaurace.:)<\/em><\/div><\/div><div class=\"sgb-item\"><a href=\"https:\/\/www.cykloromantika.cz\/foto-1999-01-35\/\" target=\"_blank\"><img decoding=\"async\" alt=\"\" width=\"300\" height=\"206\" loading=\"lazy\" src=\"https:\/\/www.cykloromantika.cz\/wp-content\/uploads\/2022\/01\/foto-1999-01-35-300x206.jpg\" srcset=\"https:\/\/www.cykloromantika.cz\/wp-content\/uploads\/2022\/01\/foto-1999-01-35-300x206.jpg 300w,https:\/\/www.cykloromantika.cz\/wp-content\/uploads\/2022\/01\/foto-1999-01-35.jpg 800w\" sizes=\"auto, 250px\"\/><\/a><div class=\"sgb-item-caption\"><em>Hrad B\u00edtov, n\u00e1dvo\u0159\u00ed tohoto hradu<\/em><\/div><\/div><div class=\"sgb-item\"><a href=\"https:\/\/www.cykloromantika.cz\/foto-1999-01-36\/\" target=\"_blank\"><img decoding=\"async\" alt=\"\" width=\"203\" height=\"300\" loading=\"lazy\" src=\"https:\/\/www.cykloromantika.cz\/wp-content\/uploads\/2022\/01\/foto-1999-01-36-203x300.jpg\" srcset=\"https:\/\/www.cykloromantika.cz\/wp-content\/uploads\/2022\/01\/foto-1999-01-36-203x300.jpg 203w,https:\/\/www.cykloromantika.cz\/wp-content\/uploads\/2022\/01\/foto-1999-01-36.jpg 540w\" sizes=\"auto, 250px\"\/><\/a><div class=\"sgb-item-caption\"><em>B\u00edtovsk\u00e1 kaple um\u00edst\u011bn\u00e1 mimo vlastn\u00ed hrad<\/em><\/div><\/div><div class=\"sgb-item\"><a href=\"https:\/\/www.cykloromantika.cz\/foto-1999-01-37\/\" target=\"_blank\"><img decoding=\"async\" alt=\"\" width=\"300\" height=\"208\" loading=\"lazy\" src=\"https:\/\/www.cykloromantika.cz\/wp-content\/uploads\/2022\/01\/foto-1999-01-37-300x208.jpg\" srcset=\"https:\/\/www.cykloromantika.cz\/wp-content\/uploads\/2022\/01\/foto-1999-01-37-300x208.jpg 300w,https:\/\/www.cykloromantika.cz\/wp-content\/uploads\/2022\/01\/foto-1999-01-37.jpg 800w\" sizes=\"auto, 250px\"\/><\/a><div class=\"sgb-item-caption\"><em>To je mysl\u00edm hejkal, trochu zmaten\u00fd.:)<\/em><\/div><\/div><div class=\"sgb-item\"><a href=\"https:\/\/www.cykloromantika.cz\/foto-1999-01-38\/\" target=\"_blank\"><img decoding=\"async\" alt=\"\" width=\"300\" height=\"202\" loading=\"lazy\" src=\"https:\/\/www.cykloromantika.cz\/wp-content\/uploads\/2022\/01\/foto-1999-01-38-300x202.jpg\" srcset=\"https:\/\/www.cykloromantika.cz\/wp-content\/uploads\/2022\/01\/foto-1999-01-38-300x202.jpg 300w,https:\/\/www.cykloromantika.cz\/wp-content\/uploads\/2022\/01\/foto-1999-01-38.jpg 800w\" sizes=\"auto, 250px\"\/><\/a><\/div><div class=\"sgb-item\"><a href=\"https:\/\/www.cykloromantika.cz\/foto-1999-01-39\/\" target=\"_blank\"><img decoding=\"async\" alt=\"\" width=\"300\" height=\"210\" loading=\"lazy\" src=\"https:\/\/www.cykloromantika.cz\/wp-content\/uploads\/2022\/01\/foto-1999-01-39-300x210.jpg\" srcset=\"https:\/\/www.cykloromantika.cz\/wp-content\/uploads\/2022\/01\/foto-1999-01-39-300x210.jpg 300w,https:\/\/www.cykloromantika.cz\/wp-content\/uploads\/2022\/01\/foto-1999-01-39.jpg 800w\" sizes=\"auto, 250px\"\/><\/a><div class=\"sgb-item-caption\"><em>Gab\u010da se teda zrovna moc nevylekala.:)<\/em><\/div><\/div><div class=\"sgb-item\"><a href=\"https:\/\/www.cykloromantika.cz\/foto-1999-01-40\/\" target=\"_blank\"><img decoding=\"async\" alt=\"\" width=\"300\" height=\"207\" loading=\"lazy\" src=\"https:\/\/www.cykloromantika.cz\/wp-content\/uploads\/2022\/01\/foto-1999-01-40-300x207.jpg\" srcset=\"https:\/\/www.cykloromantika.cz\/wp-content\/uploads\/2022\/01\/foto-1999-01-40-300x207.jpg 300w,https:\/\/www.cykloromantika.cz\/wp-content\/uploads\/2022\/01\/foto-1999-01-40.jpg 800w\" sizes=\"auto, 250px\"\/><\/a><\/div><div class=\"sgb-item\"><a href=\"https:\/\/www.cykloromantika.cz\/foto-1999-01-41\/\" target=\"_blank\"><img decoding=\"async\" alt=\"\" width=\"300\" height=\"204\" loading=\"lazy\" src=\"https:\/\/www.cykloromantika.cz\/wp-content\/uploads\/2022\/01\/foto-1999-01-41-300x204.jpg\" srcset=\"https:\/\/www.cykloromantika.cz\/wp-content\/uploads\/2022\/01\/foto-1999-01-41-300x204.jpg 300w,https:\/\/www.cykloromantika.cz\/wp-content\/uploads\/2022\/01\/foto-1999-01-41.jpg 800w\" sizes=\"auto, 250px\"\/><\/a><div class=\"sgb-item-caption\"><em>Jarom\u011b\u0159ice nad Rokytnou, \u00fa\u017easn\u00fd z\u00e1mek<\/em><\/div><\/div><div class=\"sgb-item\"><a href=\"https:\/\/www.cykloromantika.cz\/foto-1999-01-42\/\" target=\"_blank\"><img decoding=\"async\" alt=\"\" width=\"205\" height=\"300\" loading=\"lazy\" src=\"https:\/\/www.cykloromantika.cz\/wp-content\/uploads\/2022\/01\/foto-1999-01-42-205x300.jpg\" srcset=\"https:\/\/www.cykloromantika.cz\/wp-content\/uploads\/2022\/01\/foto-1999-01-42-205x300.jpg 205w,https:\/\/www.cykloromantika.cz\/wp-content\/uploads\/2022\/01\/foto-1999-01-42.jpg 546w\" sizes=\"auto, 250px\"\/><\/a><div class=\"sgb-item-caption\"><em>N\u011bkte\u0159\u00ed za\u017e\u00edvaj\u00ed sv\u00e9 velik\u00e9 l\u00e1sky.:)<\/em><\/div><\/div><div class=\"sgb-item\"><a href=\"https:\/\/www.cykloromantika.cz\/foto-1999-01-43\/\" target=\"_blank\"><img decoding=\"async\" alt=\"\" width=\"300\" height=\"208\" loading=\"lazy\" src=\"https:\/\/www.cykloromantika.cz\/wp-content\/uploads\/2022\/01\/foto-1999-01-43-300x208.jpg\" srcset=\"https:\/\/www.cykloromantika.cz\/wp-content\/uploads\/2022\/01\/foto-1999-01-43-300x208.jpg 300w,https:\/\/www.cykloromantika.cz\/wp-content\/uploads\/2022\/01\/foto-1999-01-43.jpg 800w\" sizes=\"auto, 250px\"\/><\/a><div class=\"sgb-item-caption\"><em>Jeden z nejhez\u010d\u00edch n\u00e1mi nav\u0161t\u00edven\u00fdch z\u00e1mk\u016f<\/em><\/div><\/div><div class=\"sgb-item\"><a href=\"https:\/\/www.cykloromantika.cz\/foto-1999-01-44\/\" target=\"_blank\"><img decoding=\"async\" alt=\"\" width=\"202\" height=\"300\" loading=\"lazy\" src=\"https:\/\/www.cykloromantika.cz\/wp-content\/uploads\/2022\/01\/foto-1999-01-44-202x300.jpg\" srcset=\"https:\/\/www.cykloromantika.cz\/wp-content\/uploads\/2022\/01\/foto-1999-01-44-202x300.jpg 202w,https:\/\/www.cykloromantika.cz\/wp-content\/uploads\/2022\/01\/foto-1999-01-44.jpg 538w\" sizes=\"auto, 250px\"\/><\/a><div class=\"sgb-item-caption\"><em>Rui si vychutn\u00e1v\u00e1 pocit Napoleona Bonaparte.<\/em><\/div><\/div><div class=\"sgb-item\"><a href=\"https:\/\/www.cykloromantika.cz\/foto-1999-01-45\/\" target=\"_blank\"><img decoding=\"async\" alt=\"\" width=\"300\" height=\"210\" loading=\"lazy\" src=\"https:\/\/www.cykloromantika.cz\/wp-content\/uploads\/2022\/01\/foto-1999-01-45-300x210.jpg\" srcset=\"https:\/\/www.cykloromantika.cz\/wp-content\/uploads\/2022\/01\/foto-1999-01-45-300x210.jpg 300w,https:\/\/www.cykloromantika.cz\/wp-content\/uploads\/2022\/01\/foto-1999-01-45.jpg 800w\" sizes=\"auto, 250px\"\/><\/a><div class=\"sgb-item-caption\"><em>Vlk se sna\u017e\u00ed, ale pr\u016fvodkyn\u011b\u2026 Ty m\u011bli vnady\u2026 Uff:)<\/em><\/div><\/div><div class=\"sgb-item\"><a href=\"https:\/\/www.cykloromantika.cz\/foto-1999-01-46\/\" target=\"_blank\"><img decoding=\"async\" alt=\"\" width=\"204\" height=\"300\" loading=\"lazy\" src=\"https:\/\/www.cykloromantika.cz\/wp-content\/uploads\/2022\/01\/foto-1999-01-46-204x300.jpg\" srcset=\"https:\/\/www.cykloromantika.cz\/wp-content\/uploads\/2022\/01\/foto-1999-01-46-204x300.jpg 204w,https:\/\/www.cykloromantika.cz\/wp-content\/uploads\/2022\/01\/foto-1999-01-46.jpg 545w\" sizes=\"auto, 250px\"\/><\/a><div class=\"sgb-item-caption\"><em>Vlkou\u0161 hled\u00e1 sv\u00e9 ko\u0159eny, najde je tady?<\/em><\/div><\/div><div class=\"sgb-item\"><a href=\"https:\/\/www.cykloromantika.cz\/foto-1999-01-47\/\" target=\"_blank\"><img decoding=\"async\" alt=\"\" width=\"300\" height=\"203\" loading=\"lazy\" src=\"https:\/\/www.cykloromantika.cz\/wp-content\/uploads\/2022\/01\/foto-1999-01-47-300x203.jpg\" srcset=\"https:\/\/www.cykloromantika.cz\/wp-content\/uploads\/2022\/01\/foto-1999-01-47-300x203.jpg 300w,https:\/\/www.cykloromantika.cz\/wp-content\/uploads\/2022\/01\/foto-1999-01-47.jpg 800w\" sizes=\"auto, 250px\"\/><\/a><div class=\"sgb-item-caption\"><em>Rui a jeho hudebn\u00ed koutek, Angola\u2026 Sam\u00e1 hudba:)<\/em><\/div><\/div><div class=\"sgb-item\"><a href=\"https:\/\/www.cykloromantika.cz\/foto-1999-01-48\/\" target=\"_blank\"><img decoding=\"async\" alt=\"\" width=\"300\" height=\"205\" loading=\"lazy\" src=\"https:\/\/www.cykloromantika.cz\/wp-content\/uploads\/2022\/01\/foto-1999-01-48-300x205.jpg\" srcset=\"https:\/\/www.cykloromantika.cz\/wp-content\/uploads\/2022\/01\/foto-1999-01-48-300x205.jpg 300w,https:\/\/www.cykloromantika.cz\/wp-content\/uploads\/2022\/01\/foto-1999-01-48.jpg 800w\" sizes=\"auto, 250px\"\/><\/a><div class=\"sgb-item-caption\"><em>Starost o sv\u011btlou ple\u0165 v pod\u00e1n\u00ed Gab\u010di<\/em><\/div><\/div><div class=\"sgb-item\"><a href=\"https:\/\/www.cykloromantika.cz\/foto-1999-01-49\/\" target=\"_blank\"><img decoding=\"async\" alt=\"\" width=\"300\" height=\"203\" loading=\"lazy\" src=\"https:\/\/www.cykloromantika.cz\/wp-content\/uploads\/2022\/01\/foto-1999-01-49-300x203.jpg\" srcset=\"https:\/\/www.cykloromantika.cz\/wp-content\/uploads\/2022\/01\/foto-1999-01-49-300x203.jpg 300w,https:\/\/www.cykloromantika.cz\/wp-content\/uploads\/2022\/01\/foto-1999-01-49.jpg 800w\" sizes=\"auto, 250px\"\/><\/a><div class=\"sgb-item-caption\"><em>P\u0159ed Novou \u0158\u00ed\u0161\u00ed byla \u017deletava, vzpom\u00edn\u00e1\u0161 Bobe?<\/em><\/div><\/div><div class=\"sgb-item\"><a href=\"https:\/\/www.cykloromantika.cz\/foto-1999-01-50\/\" target=\"_blank\"><img decoding=\"async\" alt=\"\" width=\"205\" height=\"300\" loading=\"lazy\" src=\"https:\/\/www.cykloromantika.cz\/wp-content\/uploads\/2022\/01\/foto-1999-01-50-205x300.jpg\" srcset=\"https:\/\/www.cykloromantika.cz\/wp-content\/uploads\/2022\/01\/foto-1999-01-50-205x300.jpg 205w,https:\/\/www.cykloromantika.cz\/wp-content\/uploads\/2022\/01\/foto-1999-01-50.jpg 546w\" sizes=\"auto, 250px\"\/><\/a><div class=\"sgb-item-caption\"><em>Kl\u00e1\u0161ter Nov\u00e1 \u0158\u00ed\u0161e, ospal\u00e1 vesni\u010dka<\/em><\/div><\/div><div class=\"sgb-item\"><a href=\"https:\/\/www.cykloromantika.cz\/foto-1999-01-51\/\" target=\"_blank\"><img decoding=\"async\" alt=\"\" width=\"300\" height=\"207\" loading=\"lazy\" src=\"https:\/\/www.cykloromantika.cz\/wp-content\/uploads\/2022\/01\/foto-1999-01-51-300x207.jpg\" srcset=\"https:\/\/www.cykloromantika.cz\/wp-content\/uploads\/2022\/01\/foto-1999-01-51-300x207.jpg 300w,https:\/\/www.cykloromantika.cz\/wp-content\/uploads\/2022\/01\/foto-1999-01-51.jpg 800w\" sizes=\"auto, 250px\"\/><\/a><div class=\"sgb-item-caption\"><em>Tel\u010d n\u00e1s p\u0159iv\u00edtala hudebn\u00edm festivalem.:)<\/em><\/div><\/div><div class=\"sgb-item\"><a href=\"https:\/\/www.cykloromantika.cz\/foto-1999-01-52\/\" target=\"_blank\"><img decoding=\"async\" alt=\"\" width=\"300\" height=\"204\" loading=\"lazy\" src=\"https:\/\/www.cykloromantika.cz\/wp-content\/uploads\/2022\/01\/foto-1999-01-52-300x204.jpg\" srcset=\"https:\/\/www.cykloromantika.cz\/wp-content\/uploads\/2022\/01\/foto-1999-01-52-300x204.jpg 300w,https:\/\/www.cykloromantika.cz\/wp-content\/uploads\/2022\/01\/foto-1999-01-52.jpg 800w\" sizes=\"auto, 250px\"\/><\/a><div class=\"sgb-item-caption\"><em>Ricci, chutn\u00e1, chutn\u00e1 piv\u00ed\u010dko?<\/em><\/div><\/div><div class=\"sgb-item\"><a href=\"https:\/\/www.cykloromantika.cz\/foto-1999-01-53\/\" target=\"_blank\"><img decoding=\"async\" alt=\"\" width=\"300\" height=\"201\" loading=\"lazy\" src=\"https:\/\/www.cykloromantika.cz\/wp-content\/uploads\/2022\/01\/foto-1999-01-53-300x201.jpg\" srcset=\"https:\/\/www.cykloromantika.cz\/wp-content\/uploads\/2022\/01\/foto-1999-01-53-300x201.jpg 300w,https:\/\/www.cykloromantika.cz\/wp-content\/uploads\/2022\/01\/foto-1999-01-53.jpg 800w\" sizes=\"auto, 250px\"\/><\/a><div class=\"sgb-item-caption\"><em>Fotbalov\u00e9 utk\u00e1n\u00ed u tel\u010dsk\u00e9ho rybn\u00edka:)<\/em><\/div><\/div><div class=\"sgb-item\"><a href=\"https:\/\/www.cykloromantika.cz\/foto-1999-01-54\/\" target=\"_blank\"><img decoding=\"async\" alt=\"\" width=\"300\" height=\"202\" loading=\"lazy\" src=\"https:\/\/www.cykloromantika.cz\/wp-content\/uploads\/2022\/01\/foto-1999-01-54-300x202.jpg\" srcset=\"https:\/\/www.cykloromantika.cz\/wp-content\/uploads\/2022\/01\/foto-1999-01-54-300x202.jpg 300w,https:\/\/www.cykloromantika.cz\/wp-content\/uploads\/2022\/01\/foto-1999-01-54.jpg 800w\" sizes=\"auto, 250px\"\/><\/a><div class=\"sgb-item-caption\"><em>P\u0159e\u017eili jsme zde celkem velikou bou\u0159i v gar\u00e1\u017ei.:)<\/em><\/div><\/div><div class=\"sgb-item\"><a href=\"https:\/\/www.cykloromantika.cz\/foto-1999-01-55\/\" target=\"_blank\"><img decoding=\"async\" alt=\"\" width=\"300\" height=\"207\" loading=\"lazy\" src=\"https:\/\/www.cykloromantika.cz\/wp-content\/uploads\/2022\/01\/foto-1999-01-55-300x207.jpg\" srcset=\"https:\/\/www.cykloromantika.cz\/wp-content\/uploads\/2022\/01\/foto-1999-01-55-300x207.jpg 300w,https:\/\/www.cykloromantika.cz\/wp-content\/uploads\/2022\/01\/foto-1999-01-55.jpg 800w\" sizes=\"auto, 250px\"\/><\/a><div class=\"sgb-item-caption\"><em>Kdo zv\u00edt\u011bzil? To u\u017e je celkem jedno, tehdy nebylo.<\/em><\/div><\/div><div class=\"sgb-item\"><a href=\"https:\/\/www.cykloromantika.cz\/foto-1999-01-56\/\" target=\"_blank\"><img decoding=\"async\" alt=\"\" width=\"300\" height=\"210\" loading=\"lazy\" src=\"https:\/\/www.cykloromantika.cz\/wp-content\/uploads\/2022\/01\/foto-1999-01-56-300x210.jpg\" srcset=\"https:\/\/www.cykloromantika.cz\/wp-content\/uploads\/2022\/01\/foto-1999-01-56-300x210.jpg 300w,https:\/\/www.cykloromantika.cz\/wp-content\/uploads\/2022\/01\/foto-1999-01-56.jpg 800w\" sizes=\"auto, 250px\"\/><\/a><div class=\"sgb-item-caption\"><em>Na\u0161e t\u0159i n\u00e1dhern\u00e9 kv\u011btinky, Mar\u0165a, Blanka a Gab\u010da<\/em><\/div><\/div><div class=\"sgb-item\"><a href=\"https:\/\/www.cykloromantika.cz\/foto-1999-01-57\/\" target=\"_blank\"><img decoding=\"async\" alt=\"\" width=\"210\" height=\"300\" loading=\"lazy\" src=\"https:\/\/www.cykloromantika.cz\/wp-content\/uploads\/2022\/01\/foto-1999-01-57-210x300.jpg\" srcset=\"https:\/\/www.cykloromantika.cz\/wp-content\/uploads\/2022\/01\/foto-1999-01-57-210x300.jpg 210w,https:\/\/www.cykloromantika.cz\/wp-content\/uploads\/2022\/01\/foto-1999-01-57.jpg 561w\" sizes=\"auto, 250px\"\/><\/a><div class=\"sgb-item-caption\"><em>Vlku, p\u011bkn\u011b se umyj, ve\u010der t\u011b budou \u010dekat v\u00fdkony.:)<\/em><\/div><\/div><div class=\"sgb-item\"><a href=\"https:\/\/www.cykloromantika.cz\/foto-1999-01-58\/\" target=\"_blank\"><img decoding=\"async\" alt=\"\" width=\"300\" height=\"206\" loading=\"lazy\" src=\"https:\/\/www.cykloromantika.cz\/wp-content\/uploads\/2022\/01\/foto-1999-01-58-300x206.jpg\" srcset=\"https:\/\/www.cykloromantika.cz\/wp-content\/uploads\/2022\/01\/foto-1999-01-58-300x206.jpg 300w,https:\/\/www.cykloromantika.cz\/wp-content\/uploads\/2022\/01\/foto-1999-01-58.jpg 800w\" sizes=\"auto, 250px\"\/><\/a><div class=\"sgb-item-caption\"><em>R\u00e1no bylo studen\u00e9 a pr\u0161elo, mus\u00edme bohu\u017eel dom\u016f.:(<\/em><\/div><\/div><div class=\"sgb-item\"><a href=\"https:\/\/www.cykloromantika.cz\/foto-1999-01-59\/\" target=\"_blank\"><img decoding=\"async\" alt=\"\" width=\"300\" height=\"206\" loading=\"lazy\" src=\"https:\/\/www.cykloromantika.cz\/wp-content\/uploads\/2022\/01\/foto-1999-01-59-300x206.jpg\" srcset=\"https:\/\/www.cykloromantika.cz\/wp-content\/uploads\/2022\/01\/foto-1999-01-59-300x206.jpg 300w,https:\/\/www.cykloromantika.cz\/wp-content\/uploads\/2022\/01\/foto-1999-01-59.jpg 800w\" sizes=\"auto, 250px\"\/><\/a><div class=\"sgb-item-caption\"><em>Tak moc se n\u00e1m nechce jet zp\u00e1tky\u2026 Bylo n\u00e1dhern\u011b.<\/em><\/div><\/div><div class=\"sgb-item\"><a href=\"https:\/\/www.cykloromantika.cz\/foto-1999-01-60\/\" target=\"_blank\"><img decoding=\"async\" alt=\"\" width=\"300\" height=\"212\" loading=\"lazy\" src=\"https:\/\/www.cykloromantika.cz\/wp-content\/uploads\/2022\/01\/foto-1999-01-60-300x212.jpg\" srcset=\"https:\/\/www.cykloromantika.cz\/wp-content\/uploads\/2022\/01\/foto-1999-01-60-300x212.jpg 300w,https:\/\/www.cykloromantika.cz\/wp-content\/uploads\/2022\/01\/foto-1999-01-60.jpg 800w\" sizes=\"auto, 250px\"\/><\/a><div class=\"sgb-item-caption\"><em>Sle\u010dna pr\u016fvod\u010d\u00ed byla naprosto zt\u0159e\u0161t\u011bn\u00e1.:)<\/em><\/div><\/div><div class=\"sgb-item\"><a href=\"https:\/\/www.cykloromantika.cz\/foto-1999-01-61\/\" target=\"_blank\"><img decoding=\"async\" alt=\"\" width=\"300\" height=\"200\" loading=\"lazy\" src=\"https:\/\/www.cykloromantika.cz\/wp-content\/uploads\/2022\/01\/foto-1999-01-61-300x200.jpg\" srcset=\"https:\/\/www.cykloromantika.cz\/wp-content\/uploads\/2022\/01\/foto-1999-01-61-300x200.jpg 300w,https:\/\/www.cykloromantika.cz\/wp-content\/uploads\/2022\/01\/foto-1999-01-61.jpg 800w\" sizes=\"auto, 250px\"\/><\/a><div class=\"sgb-item-caption\"><em>Byli to nejlep\u0161\u00ed pr\u016fvod\u010d\u00ed za 11 let cest.:)<\/em><\/div><\/div><div class=\"sgb-item\"><a href=\"https:\/\/www.cykloromantika.cz\/foto-1999-01-62\/\" target=\"_blank\"><img decoding=\"async\" alt=\"\" width=\"206\" height=\"300\" loading=\"lazy\" src=\"https:\/\/www.cykloromantika.cz\/wp-content\/uploads\/2022\/01\/foto-1999-01-62-206x300.jpg\" srcset=\"https:\/\/www.cykloromantika.cz\/wp-content\/uploads\/2022\/01\/foto-1999-01-62-206x300.jpg 206w,https:\/\/www.cykloromantika.cz\/wp-content\/uploads\/2022\/01\/foto-1999-01-62.jpg 550w\" sizes=\"auto, 250px\"\/><\/a><div class=\"sgb-item-caption\"><em>Cigi jako mu\u0161ket\u00fdr na str\u00e1\u017ei, trochu zaspal:)<\/em><\/div><\/div><div class=\"sgb-item\"><a href=\"https:\/\/www.cykloromantika.cz\/foto-1999-01-63\/\" target=\"_blank\"><img decoding=\"async\" alt=\"\" width=\"202\" height=\"300\" loading=\"lazy\" src=\"https:\/\/www.cykloromantika.cz\/wp-content\/uploads\/2022\/01\/foto-1999-01-63-202x300.jpg\" srcset=\"https:\/\/www.cykloromantika.cz\/wp-content\/uploads\/2022\/01\/foto-1999-01-63-202x300.jpg 202w,https:\/\/www.cykloromantika.cz\/wp-content\/uploads\/2022\/01\/foto-1999-01-63.jpg 538w\" sizes=\"auto, 250px\"\/><\/a><div class=\"sgb-item-caption\"><em>G\u00e1binka byla taky dostate\u010dn\u011b unaven\u00e1.:)<\/em><\/div><\/div><\/div><\/noscript><\/div><script type=\"application\/json\" class=\"sgb-data\">{\"lastRowFill\":true,\"collectionThumbRecomendedHeight\":300,\"collectionThumbMiniScreenScale\":true,\"captionHAlign\":\"bottom\",\"collectionthumbHoverTitleFontSize\":12,\"collectionthumbRoundedCorners\":8,\"collectionthumbHoverTitleTextBgColor\":\"rgba(0,0,0,0.44)\",\"collectionThumbSubMenuShare\":false,\"galleryType\":\"pgc_sgb_justified\",\"galleryId\":\"5b775045\",\"images\":[{\"id\":2657,\"title\":\"Foto 1999 01 01\",\"url\":\"https:\/\/www.cykloromantika.cz\/wp-content\/uploads\/1999\/08\/foto-1999-01-01.jpg\",\"link\":\"https:\/\/www.cykloromantika.cz\/?attachment_id=2657\",\"alt\":\"\",\"description\":\"\",\"caption\":\"T\u0159et\u00ed ro\u010dn\u00edk startujeme ze svinovsk\u00e9ho n\u00e1dra\u017e\u00ed.\",\"mime\":\"image\/jpeg\",\"type\":\"image\",\"width\":800,\"height\":577,\"sizes\":{\"thumbnail\":{\"height\":108,\"width\":150,\"url\":\"https:\/\/www.cykloromantika.cz\/wp-content\/uploads\/1999\/08\/foto-1999-01-01-150x108.jpg\",\"orientation\":\"landscape\"},\"medium\":{\"height\":216,\"width\":300,\"url\":\"https:\/\/www.cykloromantika.cz\/wp-content\/uploads\/1999\/08\/foto-1999-01-01-300x216.jpg\",\"orientation\":\"landscape\"},\"full\":{\"url\":\"https:\/\/www.cykloromantika.cz\/wp-content\/uploads\/1999\/08\/foto-1999-01-01.jpg\",\"height\":577,\"width\":800,\"orientation\":\"landscape\"}},\"meta\":false,\"postlink\":\"https:\/\/www.cykloromantika.cz\/?attachment_id=2657\"},{\"id\":2658,\"title\":\"Foto 1999 01 02\",\"url\":\"https:\/\/www.cykloromantika.cz\/wp-content\/uploads\/1999\/08\/foto-1999-01-02.jpg\",\"link\":\"https:\/\/www.cykloromantika.cz\/?attachment_id=2658\",\"alt\":\"\",\"description\":\"\",\"caption\":\"Gabka m\u00e1 poni\u010den\u00e9 sedlo, reklamujeme ve Slavkov\u011b.\",\"mime\":\"image\/jpeg\",\"type\":\"image\",\"width\":800,\"height\":536,\"sizes\":{\"thumbnail\":{\"height\":101,\"width\":150,\"url\":\"https:\/\/www.cykloromantika.cz\/wp-content\/uploads\/1999\/08\/foto-1999-01-02-150x101.jpg\",\"orientation\":\"landscape\"},\"medium\":{\"height\":201,\"width\":300,\"url\":\"https:\/\/www.cykloromantika.cz\/wp-content\/uploads\/1999\/08\/foto-1999-01-02-300x201.jpg\",\"orientation\":\"landscape\"},\"full\":{\"url\":\"https:\/\/www.cykloromantika.cz\/wp-content\/uploads\/1999\/08\/foto-1999-01-02.jpg\",\"height\":536,\"width\":800,\"orientation\":\"landscape\"}},\"meta\":false,\"postlink\":\"https:\/\/www.cykloromantika.cz\/?attachment_id=2658\"},{\"id\":2659,\"title\":\"Foto 1999 01 03\",\"url\":\"https:\/\/www.cykloromantika.cz\/wp-content\/uploads\/1999\/08\/foto-1999-01-03.jpg\",\"link\":\"https:\/\/www.cykloromantika.cz\/?attachment_id=2659\",\"alt\":\"\",\"description\":\"\",\"caption\":\"Mlad\u00fd Rocco v\u00ed, pro\u010d do Slavkova p\u0159ijel. Rocco!:)\",\"mime\":\"image\/jpeg\",\"type\":\"image\",\"width\":800,\"height\":541,\"sizes\":{\"thumbnail\":{\"height\":101,\"width\":150,\"url\":\"https:\/\/www.cykloromantika.cz\/wp-content\/uploads\/1999\/08\/foto-1999-01-03-150x101.jpg\",\"orientation\":\"landscape\"},\"medium\":{\"height\":203,\"width\":300,\"url\":\"https:\/\/www.cykloromantika.cz\/wp-content\/uploads\/1999\/08\/foto-1999-01-03-300x203.jpg\",\"orientation\":\"landscape\"},\"full\":{\"url\":\"https:\/\/www.cykloromantika.cz\/wp-content\/uploads\/1999\/08\/foto-1999-01-03.jpg\",\"height\":541,\"width\":800,\"orientation\":\"landscape\"}},\"meta\":false,\"postlink\":\"https:\/\/www.cykloromantika.cz\/?attachment_id=2659\"},{\"id\":2660,\"title\":\"Foto 1999 01 04\",\"url\":\"https:\/\/www.cykloromantika.cz\/wp-content\/uploads\/1999\/08\/foto-1999-01-04.jpg\",\"link\":\"https:\/\/www.cykloromantika.cz\/?attachment_id=2660\",\"alt\":\"\",\"description\":\"\",\"caption\":\"Byla to doba, jak se \u0159\u00edk\u00e1 studentsk\u00e1.:) Tyto kola pat\u0159ili k nejlep\u0161\u00edm.\",\"mime\":\"image\/jpeg\",\"type\":\"image\",\"width\":800,\"height\":548,\"sizes\":{\"thumbnail\":{\"height\":103,\"width\":150,\"url\":\"https:\/\/www.cykloromantika.cz\/wp-content\/uploads\/1999\/08\/foto-1999-01-04-150x103.jpg\",\"orientation\":\"landscape\"},\"medium\":{\"height\":206,\"width\":300,\"url\":\"https:\/\/www.cykloromantika.cz\/wp-content\/uploads\/1999\/08\/foto-1999-01-04-300x206.jpg\",\"orientation\":\"landscape\"},\"full\":{\"url\":\"https:\/\/www.cykloromantika.cz\/wp-content\/uploads\/1999\/08\/foto-1999-01-04.jpg\",\"height\":548,\"width\":800,\"orientation\":\"landscape\"}},\"meta\":false,\"postlink\":\"https:\/\/www.cykloromantika.cz\/?attachment_id=2660\"},{\"id\":2661,\"title\":\"Foto 1999 01 05\",\"url\":\"https:\/\/www.cykloromantika.cz\/wp-content\/uploads\/1999\/08\/foto-1999-01-05.jpg\",\"link\":\"https:\/\/www.cykloromantika.cz\/?attachment_id=2661\",\"alt\":\"\",\"description\":\"\",\"caption\":\"V\u00edne\u010dko b\u00edl\u00e9, jsi od mej milej\u2026 Budu \u0165a pi\u0165\u2026\",\"mime\":\"image\/jpeg\",\"type\":\"image\",\"width\":800,\"height\":555,\"sizes\":{\"thumbnail\":{\"height\":104,\"width\":150,\"url\":\"https:\/\/www.cykloromantika.cz\/wp-content\/uploads\/1999\/08\/foto-1999-01-05-150x104.jpg\",\"orientation\":\"landscape\"},\"medium\":{\"height\":208,\"width\":300,\"url\":\"https:\/\/www.cykloromantika.cz\/wp-content\/uploads\/1999\/08\/foto-1999-01-05-300x208.jpg\",\"orientation\":\"landscape\"},\"full\":{\"url\":\"https:\/\/www.cykloromantika.cz\/wp-content\/uploads\/1999\/08\/foto-1999-01-05.jpg\",\"height\":555,\"width\":800,\"orientation\":\"landscape\"}},\"meta\":false,\"postlink\":\"https:\/\/www.cykloromantika.cz\/?attachment_id=2661\"},{\"id\":2662,\"title\":\"Foto 1999 01 06\",\"url\":\"https:\/\/www.cykloromantika.cz\/wp-content\/uploads\/1999\/08\/foto-1999-01-06.jpg\",\"link\":\"https:\/\/www.cykloromantika.cz\/?attachment_id=2662\",\"alt\":\"\",\"description\":\"\",\"caption\":\"Jojo. jak Pep\u00ednovi po v\u010derej\u0161ku otrnulo.:) V\u00edne\u010dko\u2026 \",\"mime\":\"image\/jpeg\",\"type\":\"image\",\"width\":800,\"height\":546,\"sizes\":{\"thumbnail\":{\"height\":102,\"width\":150,\"url\":\"https:\/\/www.cykloromantika.cz\/wp-content\/uploads\/1999\/08\/foto-1999-01-06-150x102.jpg\",\"orientation\":\"landscape\"},\"medium\":{\"height\":205,\"width\":300,\"url\":\"https:\/\/www.cykloromantika.cz\/wp-content\/uploads\/1999\/08\/foto-1999-01-06-300x205.jpg\",\"orientation\":\"landscape\"},\"full\":{\"url\":\"https:\/\/www.cykloromantika.cz\/wp-content\/uploads\/1999\/08\/foto-1999-01-06.jpg\",\"height\":546,\"width\":800,\"orientation\":\"landscape\"}},\"meta\":false,\"postlink\":\"https:\/\/www.cykloromantika.cz\/?attachment_id=2662\"},{\"id\":2663,\"title\":\"Foto 1999 01 07\",\"url\":\"https:\/\/www.cykloromantika.cz\/wp-content\/uploads\/1999\/08\/foto-1999-01-07.jpg\",\"link\":\"https:\/\/www.cykloromantika.cz\/?attachment_id=2663\",\"alt\":\"\",\"description\":\"\",\"caption\":\"Spink\u00e1n\u00ed na h\u0159i\u0161ti ve Velk\u00fdch B\u00edlovic\u00edch\",\"mime\":\"image\/jpeg\",\"type\":\"image\",\"width\":800,\"height\":541,\"sizes\":{\"thumbnail\":{\"height\":101,\"width\":150,\"url\":\"https:\/\/www.cykloromantika.cz\/wp-content\/uploads\/1999\/08\/foto-1999-01-07-150x101.jpg\",\"orientation\":\"landscape\"},\"medium\":{\"height\":203,\"width\":300,\"url\":\"https:\/\/www.cykloromantika.cz\/wp-content\/uploads\/1999\/08\/foto-1999-01-07-300x203.jpg\",\"orientation\":\"landscape\"},\"full\":{\"url\":\"https:\/\/www.cykloromantika.cz\/wp-content\/uploads\/1999\/08\/foto-1999-01-07.jpg\",\"height\":541,\"width\":800,\"orientation\":\"landscape\"}},\"meta\":false,\"postlink\":\"https:\/\/www.cykloromantika.cz\/?attachment_id=2663\"},{\"id\":2777,\"title\":\"Foto 1999 01 08\",\"url\":\"https:\/\/www.cykloromantika.cz\/wp-content\/uploads\/2022\/01\/foto-1999-01-08.jpg\",\"link\":\"https:\/\/www.cykloromantika.cz\/foto-1999-01-08\/\",\"alt\":\"\",\"description\":\"\",\"caption\":\"Jan\u016fv hrad, romantick\u00e1 z\u0159\u00edcenina postaven\u00e1 pro lov\",\"mime\":\"image\/jpeg\",\"type\":\"image\",\"width\":800,\"height\":538,\"sizes\":{\"thumbnail\":{\"height\":101,\"width\":150,\"url\":\"https:\/\/www.cykloromantika.cz\/wp-content\/uploads\/2022\/01\/foto-1999-01-08-150x101.jpg\",\"orientation\":\"landscape\"},\"medium\":{\"height\":202,\"width\":300,\"url\":\"https:\/\/www.cykloromantika.cz\/wp-content\/uploads\/2022\/01\/foto-1999-01-08-300x202.jpg\",\"orientation\":\"landscape\"},\"full\":{\"url\":\"https:\/\/www.cykloromantika.cz\/wp-content\/uploads\/2022\/01\/foto-1999-01-08.jpg\",\"height\":538,\"width\":800,\"orientation\":\"landscape\"}},\"meta\":false,\"postlink\":\"https:\/\/www.cykloromantika.cz\/foto-1999-01-08\/\"},{\"id\":2778,\"title\":\"Foto 1999 01 09\",\"url\":\"https:\/\/www.cykloromantika.cz\/wp-content\/uploads\/2022\/01\/foto-1999-01-09.jpg\",\"link\":\"https:\/\/www.cykloromantika.cz\/foto-1999-01-09\/\",\"alt\":\"\",\"description\":\"\",\"caption\":\"Lednice, je to n\u00e1dhern\u00fd romantick\u00fd kus zem\u011b.\",\"mime\":\"image\/jpeg\",\"type\":\"image\",\"width\":800,\"height\":553,\"sizes\":{\"thumbnail\":{\"height\":104,\"width\":150,\"url\":\"https:\/\/www.cykloromantika.cz\/wp-content\/uploads\/2022\/01\/foto-1999-01-09-150x104.jpg\",\"orientation\":\"landscape\"},\"medium\":{\"height\":207,\"width\":300,\"url\":\"https:\/\/www.cykloromantika.cz\/wp-content\/uploads\/2022\/01\/foto-1999-01-09-300x207.jpg\",\"orientation\":\"landscape\"},\"full\":{\"url\":\"https:\/\/www.cykloromantika.cz\/wp-content\/uploads\/2022\/01\/foto-1999-01-09.jpg\",\"height\":553,\"width\":800,\"orientation\":\"landscape\"}},\"meta\":false,\"postlink\":\"https:\/\/www.cykloromantika.cz\/foto-1999-01-09\/\"},{\"id\":2779,\"title\":\"Foto 1999 01 10\",\"url\":\"https:\/\/www.cykloromantika.cz\/wp-content\/uploads\/2022\/01\/foto-1999-01-10.jpg\",\"link\":\"https:\/\/www.cykloromantika.cz\/foto-1999-01-10\/\",\"alt\":\"\",\"description\":\"\",\"caption\":\"Park je \u010d\u00e1ste\u010dn\u011b ve francouzsk\u00e9m a anglick\u00e9m stylu.\",\"mime\":\"image\/jpeg\",\"type\":\"image\",\"width\":800,\"height\":542,\"sizes\":{\"thumbnail\":{\"height\":102,\"width\":150,\"url\":\"https:\/\/www.cykloromantika.cz\/wp-content\/uploads\/2022\/01\/foto-1999-01-10-150x102.jpg\",\"orientation\":\"landscape\"},\"medium\":{\"height\":203,\"width\":300,\"url\":\"https:\/\/www.cykloromantika.cz\/wp-content\/uploads\/2022\/01\/foto-1999-01-10-300x203.jpg\",\"orientation\":\"landscape\"},\"full\":{\"url\":\"https:\/\/www.cykloromantika.cz\/wp-content\/uploads\/2022\/01\/foto-1999-01-10.jpg\",\"height\":542,\"width\":800,\"orientation\":\"landscape\"}},\"meta\":false,\"postlink\":\"https:\/\/www.cykloromantika.cz\/foto-1999-01-10\/\"},{\"id\":2780,\"title\":\"Foto 1999 01 11\",\"url\":\"https:\/\/www.cykloromantika.cz\/wp-content\/uploads\/2022\/01\/foto-1999-01-11.jpg\",\"link\":\"https:\/\/www.cykloromantika.cz\/foto-1999-01-11\/\",\"alt\":\"\",\"description\":\"\",\"caption\":\"Kde se na mn\u011b hrabe se sv\u00fdmi plody ban\u00e1novn\u00edk.:)\",\"mime\":\"image\/jpeg\",\"type\":\"image\",\"width\":800,\"height\":552,\"sizes\":{\"thumbnail\":{\"height\":104,\"width\":150,\"url\":\"https:\/\/www.cykloromantika.cz\/wp-content\/uploads\/2022\/01\/foto-1999-01-11-150x104.jpg\",\"orientation\":\"landscape\"},\"medium\":{\"height\":207,\"width\":300,\"url\":\"https:\/\/www.cykloromantika.cz\/wp-content\/uploads\/2022\/01\/foto-1999-01-11-300x207.jpg\",\"orientation\":\"landscape\"},\"full\":{\"url\":\"https:\/\/www.cykloromantika.cz\/wp-content\/uploads\/2022\/01\/foto-1999-01-11.jpg\",\"height\":552,\"width\":800,\"orientation\":\"landscape\"}},\"meta\":false,\"postlink\":\"https:\/\/www.cykloromantika.cz\/foto-1999-01-11\/\"},{\"id\":2781,\"title\":\"Foto 1999 01 12\",\"url\":\"https:\/\/www.cykloromantika.cz\/wp-content\/uploads\/2022\/01\/foto-1999-01-12.jpg\",\"link\":\"https:\/\/www.cykloromantika.cz\/foto-1999-01-12\/\",\"alt\":\"\",\"description\":\"\",\"caption\":\"Lednick\u00fd minaret, kn\u00ed\u017ee byl zcestoval\u00fd mu\u017e.\",\"mime\":\"image\/jpeg\",\"type\":\"image\",\"width\":542,\"height\":800,\"sizes\":{\"thumbnail\":{\"height\":150,\"width\":102,\"url\":\"https:\/\/www.cykloromantika.cz\/wp-content\/uploads\/2022\/01\/foto-1999-01-12-102x150.jpg\",\"orientation\":\"portrait\"},\"medium\":{\"height\":300,\"width\":203,\"url\":\"https:\/\/www.cykloromantika.cz\/wp-content\/uploads\/2022\/01\/foto-1999-01-12-203x300.jpg\",\"orientation\":\"portrait\"},\"full\":{\"url\":\"https:\/\/www.cykloromantika.cz\/wp-content\/uploads\/2022\/01\/foto-1999-01-12.jpg\",\"height\":800,\"width\":542,\"orientation\":\"portrait\"}},\"meta\":false,\"postlink\":\"https:\/\/www.cykloromantika.cz\/foto-1999-01-12\/\"},{\"id\":2782,\"title\":\"Foto 1999 01 13\",\"url\":\"https:\/\/www.cykloromantika.cz\/wp-content\/uploads\/2022\/01\/foto-1999-01-13.jpg\",\"link\":\"https:\/\/www.cykloromantika.cz\/foto-1999-01-13\/\",\"alt\":\"\",\"description\":\"\",\"caption\":\"Z minaretu je \u00fa\u017easn\u00fd v\u00fdhled na cel\u00fd park.\",\"mime\":\"image\/jpeg\",\"type\":\"image\",\"width\":542,\"height\":800,\"sizes\":{\"thumbnail\":{\"height\":150,\"width\":102,\"url\":\"https:\/\/www.cykloromantika.cz\/wp-content\/uploads\/2022\/01\/foto-1999-01-13-102x150.jpg\",\"orientation\":\"portrait\"},\"medium\":{\"height\":300,\"width\":203,\"url\":\"https:\/\/www.cykloromantika.cz\/wp-content\/uploads\/2022\/01\/foto-1999-01-13-203x300.jpg\",\"orientation\":\"portrait\"},\"full\":{\"url\":\"https:\/\/www.cykloromantika.cz\/wp-content\/uploads\/2022\/01\/foto-1999-01-13.jpg\",\"height\":800,\"width\":542,\"orientation\":\"portrait\"}},\"meta\":false,\"postlink\":\"https:\/\/www.cykloromantika.cz\/foto-1999-01-13\/\"},{\"id\":2783,\"title\":\"Foto 1999 01 14\",\"url\":\"https:\/\/www.cykloromantika.cz\/wp-content\/uploads\/2022\/01\/foto-1999-01-14.jpg\",\"link\":\"https:\/\/www.cykloromantika.cz\/foto-1999-01-14\/\",\"alt\":\"\",\"description\":\"\",\"caption\":\"No a samoz\u0159ejm\u011b taky na n\u00e1s:)\",\"mime\":\"image\/jpeg\",\"type\":\"image\",\"width\":800,\"height\":543,\"sizes\":{\"thumbnail\":{\"height\":102,\"width\":150,\"url\":\"https:\/\/www.cykloromantika.cz\/wp-content\/uploads\/2022\/01\/foto-1999-01-14-150x102.jpg\",\"orientation\":\"landscape\"},\"medium\":{\"height\":204,\"width\":300,\"url\":\"https:\/\/www.cykloromantika.cz\/wp-content\/uploads\/2022\/01\/foto-1999-01-14-300x204.jpg\",\"orientation\":\"landscape\"},\"full\":{\"url\":\"https:\/\/www.cykloromantika.cz\/wp-content\/uploads\/2022\/01\/foto-1999-01-14.jpg\",\"height\":543,\"width\":800,\"orientation\":\"landscape\"}},\"meta\":false,\"postlink\":\"https:\/\/www.cykloromantika.cz\/foto-1999-01-14\/\"},{\"id\":2784,\"title\":\"Foto 1999 01 15\",\"url\":\"https:\/\/www.cykloromantika.cz\/wp-content\/uploads\/2022\/01\/foto-1999-01-15.jpg\",\"link\":\"https:\/\/www.cykloromantika.cz\/foto-1999-01-15\/\",\"alt\":\"\",\"description\":\"\",\"caption\":\"Valtice - z\u00e1mek, Valtick\u00e1 rychta - uzen\u00e9 \u017eebra:)\",\"mime\":\"image\/jpeg\",\"type\":\"image\",\"width\":800,\"height\":534,\"sizes\":{\"thumbnail\":{\"height\":100,\"width\":150,\"url\":\"https:\/\/www.cykloromantika.cz\/wp-content\/uploads\/2022\/01\/foto-1999-01-15-150x100.jpg\",\"orientation\":\"landscape\"},\"medium\":{\"height\":200,\"width\":300,\"url\":\"https:\/\/www.cykloromantika.cz\/wp-content\/uploads\/2022\/01\/foto-1999-01-15-300x200.jpg\",\"orientation\":\"landscape\"},\"full\":{\"url\":\"https:\/\/www.cykloromantika.cz\/wp-content\/uploads\/2022\/01\/foto-1999-01-15.jpg\",\"height\":534,\"width\":800,\"orientation\":\"landscape\"}},\"meta\":false,\"postlink\":\"https:\/\/www.cykloromantika.cz\/foto-1999-01-15\/\"},{\"id\":2785,\"title\":\"Foto 1999 01 16\",\"url\":\"https:\/\/www.cykloromantika.cz\/wp-content\/uploads\/2022\/01\/foto-1999-01-16.jpg\",\"link\":\"https:\/\/www.cykloromantika.cz\/foto-1999-01-16\/\",\"alt\":\"\",\"description\":\"\",\"caption\":\"Mikulov, spali jsme zde u letn\u00edho kina.\",\"mime\":\"image\/jpeg\",\"type\":\"image\",\"width\":800,\"height\":539,\"sizes\":{\"thumbnail\":{\"height\":101,\"width\":150,\"url\":\"https:\/\/www.cykloromantika.cz\/wp-content\/uploads\/2022\/01\/foto-1999-01-16-150x101.jpg\",\"orientation\":\"landscape\"},\"medium\":{\"height\":202,\"width\":300,\"url\":\"https:\/\/www.cykloromantika.cz\/wp-content\/uploads\/2022\/01\/foto-1999-01-16-300x202.jpg\",\"orientation\":\"landscape\"},\"full\":{\"url\":\"https:\/\/www.cykloromantika.cz\/wp-content\/uploads\/2022\/01\/foto-1999-01-16.jpg\",\"height\":539,\"width\":800,\"orientation\":\"landscape\"}},\"meta\":false,\"postlink\":\"https:\/\/www.cykloromantika.cz\/foto-1999-01-16\/\"},{\"id\":2786,\"title\":\"Foto 1999 01 17\",\"url\":\"https:\/\/www.cykloromantika.cz\/wp-content\/uploads\/2022\/01\/foto-1999-01-17.jpg\",\"link\":\"https:\/\/www.cykloromantika.cz\/foto-1999-01-17\/\",\"alt\":\"\",\"description\":\"\",\"caption\":\"Historick\u00fd ml\u00fdn ve Slupu, koup\u00e1n\u00ed v n\u00e1honu\",\"mime\":\"image\/jpeg\",\"type\":\"image\",\"width\":800,\"height\":551,\"sizes\":{\"thumbnail\":{\"height\":103,\"width\":150,\"url\":\"https:\/\/www.cykloromantika.cz\/wp-content\/uploads\/2022\/01\/foto-1999-01-17-150x103.jpg\",\"orientation\":\"landscape\"},\"medium\":{\"height\":207,\"width\":300,\"url\":\"https:\/\/www.cykloromantika.cz\/wp-content\/uploads\/2022\/01\/foto-1999-01-17-300x207.jpg\",\"orientation\":\"landscape\"},\"full\":{\"url\":\"https:\/\/www.cykloromantika.cz\/wp-content\/uploads\/2022\/01\/foto-1999-01-17.jpg\",\"height\":551,\"width\":800,\"orientation\":\"landscape\"}},\"meta\":false,\"postlink\":\"https:\/\/www.cykloromantika.cz\/foto-1999-01-17\/\"},{\"id\":2787,\"title\":\"Foto 1999 01 18\",\"url\":\"https:\/\/www.cykloromantika.cz\/wp-content\/uploads\/2022\/01\/foto-1999-01-18.jpg\",\"link\":\"https:\/\/www.cykloromantika.cz\/foto-1999-01-18\/\",\"alt\":\"\",\"description\":\"\",\"caption\":\"Ve\u010der se pilo u t\u00e1bor\u00e1ku v\u00edno, veltl\u00ednsk\u00e9 zelen\u00e9.:(\",\"mime\":\"image\/jpeg\",\"type\":\"image\",\"width\":800,\"height\":554,\"sizes\":{\"thumbnail\":{\"height\":104,\"width\":150,\"url\":\"https:\/\/www.cykloromantika.cz\/wp-content\/uploads\/2022\/01\/foto-1999-01-18-150x104.jpg\",\"orientation\":\"landscape\"},\"medium\":{\"height\":208,\"width\":300,\"url\":\"https:\/\/www.cykloromantika.cz\/wp-content\/uploads\/2022\/01\/foto-1999-01-18-300x208.jpg\",\"orientation\":\"landscape\"},\"full\":{\"url\":\"https:\/\/www.cykloromantika.cz\/wp-content\/uploads\/2022\/01\/foto-1999-01-18.jpg\",\"height\":554,\"width\":800,\"orientation\":\"landscape\"}},\"meta\":false,\"postlink\":\"https:\/\/www.cykloromantika.cz\/foto-1999-01-18\/\"},{\"id\":2788,\"title\":\"Foto 1999 01 19\",\"url\":\"https:\/\/www.cykloromantika.cz\/wp-content\/uploads\/2022\/01\/foto-1999-01-19.jpg\",\"link\":\"https:\/\/www.cykloromantika.cz\/foto-1999-01-19\/\",\"alt\":\"\",\"description\":\"\",\"caption\":\"\",\"mime\":\"image\/jpeg\",\"type\":\"image\",\"width\":800,\"height\":537,\"sizes\":{\"thumbnail\":{\"height\":101,\"width\":150,\"url\":\"https:\/\/www.cykloromantika.cz\/wp-content\/uploads\/2022\/01\/foto-1999-01-19-150x101.jpg\",\"orientation\":\"landscape\"},\"medium\":{\"height\":201,\"width\":300,\"url\":\"https:\/\/www.cykloromantika.cz\/wp-content\/uploads\/2022\/01\/foto-1999-01-19-300x201.jpg\",\"orientation\":\"landscape\"},\"full\":{\"url\":\"https:\/\/www.cykloromantika.cz\/wp-content\/uploads\/2022\/01\/foto-1999-01-19.jpg\",\"height\":537,\"width\":800,\"orientation\":\"landscape\"}},\"meta\":false,\"postlink\":\"https:\/\/www.cykloromantika.cz\/foto-1999-01-19\/\"},{\"id\":2789,\"title\":\"Foto 1999 01 20\",\"url\":\"https:\/\/www.cykloromantika.cz\/wp-content\/uploads\/2022\/01\/foto-1999-01-20.jpg\",\"link\":\"https:\/\/www.cykloromantika.cz\/foto-1999-01-20\/\",\"alt\":\"\",\"description\":\"\",\"caption\":\"\",\"mime\":\"image\/jpeg\",\"type\":\"image\",\"width\":800,\"height\":540,\"sizes\":{\"thumbnail\":{\"height\":101,\"width\":150,\"url\":\"https:\/\/www.cykloromantika.cz\/wp-content\/uploads\/2022\/01\/foto-1999-01-20-150x101.jpg\",\"orientation\":\"landscape\"},\"medium\":{\"height\":203,\"width\":300,\"url\":\"https:\/\/www.cykloromantika.cz\/wp-content\/uploads\/2022\/01\/foto-1999-01-20-300x203.jpg\",\"orientation\":\"landscape\"},\"full\":{\"url\":\"https:\/\/www.cykloromantika.cz\/wp-content\/uploads\/2022\/01\/foto-1999-01-20.jpg\",\"height\":540,\"width\":800,\"orientation\":\"landscape\"}},\"meta\":false,\"postlink\":\"https:\/\/www.cykloromantika.cz\/foto-1999-01-20\/\"},{\"id\":2790,\"title\":\"Foto 1999 01 21\",\"url\":\"https:\/\/www.cykloromantika.cz\/wp-content\/uploads\/2022\/01\/foto-1999-01-21.jpg\",\"link\":\"https:\/\/www.cykloromantika.cz\/foto-1999-01-21\/\",\"alt\":\"\",\"description\":\"\",\"caption\":\"V pozad\u00ed z\u00e1mek Vranov nad Dyj\u00ed\",\"mime\":\"image\/jpeg\",\"type\":\"image\",\"width\":800,\"height\":539,\"sizes\":{\"thumbnail\":{\"height\":101,\"width\":150,\"url\":\"https:\/\/www.cykloromantika.cz\/wp-content\/uploads\/2022\/01\/foto-1999-01-21-150x101.jpg\",\"orientation\":\"landscape\"},\"medium\":{\"height\":202,\"width\":300,\"url\":\"https:\/\/www.cykloromantika.cz\/wp-content\/uploads\/2022\/01\/foto-1999-01-21-300x202.jpg\",\"orientation\":\"landscape\"},\"full\":{\"url\":\"https:\/\/www.cykloromantika.cz\/wp-content\/uploads\/2022\/01\/foto-1999-01-21.jpg\",\"height\":539,\"width\":800,\"orientation\":\"landscape\"}},\"meta\":false,\"postlink\":\"https:\/\/www.cykloromantika.cz\/foto-1999-01-21\/\"},{\"id\":2791,\"title\":\"Foto 1999 01 22\",\"url\":\"https:\/\/www.cykloromantika.cz\/wp-content\/uploads\/2022\/01\/foto-1999-01-22.jpg\",\"link\":\"https:\/\/www.cykloromantika.cz\/foto-1999-01-22\/\",\"alt\":\"\",\"description\":\"\",\"caption\":\"Co dodat, Dyje\u2026 Jen se kochat tou kr\u00e1sou.:)\",\"mime\":\"image\/jpeg\",\"type\":\"image\",\"width\":800,\"height\":552,\"sizes\":{\"thumbnail\":{\"height\":104,\"width\":150,\"url\":\"https:\/\/www.cykloromantika.cz\/wp-content\/uploads\/2022\/01\/foto-1999-01-22-150x104.jpg\",\"orientation\":\"landscape\"},\"medium\":{\"height\":207,\"width\":300,\"url\":\"https:\/\/www.cykloromantika.cz\/wp-content\/uploads\/2022\/01\/foto-1999-01-22-300x207.jpg\",\"orientation\":\"landscape\"},\"full\":{\"url\":\"https:\/\/www.cykloromantika.cz\/wp-content\/uploads\/2022\/01\/foto-1999-01-22.jpg\",\"height\":552,\"width\":800,\"orientation\":\"landscape\"}},\"meta\":false,\"postlink\":\"https:\/\/www.cykloromantika.cz\/foto-1999-01-22\/\"},{\"id\":2792,\"title\":\"Foto 1999 01 23\",\"url\":\"https:\/\/www.cykloromantika.cz\/wp-content\/uploads\/2022\/01\/foto-1999-01-23.jpg\",\"link\":\"https:\/\/www.cykloromantika.cz\/foto-1999-01-23\/\",\"alt\":\"\",\"description\":\"\",\"caption\":\"Pr\u016f\u010del\u00ed z\u00e1mku Vranov nad Dyj\u00ed, \u0159\u00edmsk\u00e9 sochy\",\"mime\":\"image\/jpeg\",\"type\":\"image\",\"width\":800,\"height\":553,\"sizes\":{\"thumbnail\":{\"height\":104,\"width\":150,\"url\":\"https:\/\/www.cykloromantika.cz\/wp-content\/uploads\/2022\/01\/foto-1999-01-23-150x104.jpg\",\"orientation\":\"landscape\"},\"medium\":{\"height\":207,\"width\":300,\"url\":\"https:\/\/www.cykloromantika.cz\/wp-content\/uploads\/2022\/01\/foto-1999-01-23-300x207.jpg\",\"orientation\":\"landscape\"},\"full\":{\"url\":\"https:\/\/www.cykloromantika.cz\/wp-content\/uploads\/2022\/01\/foto-1999-01-23.jpg\",\"height\":553,\"width\":800,\"orientation\":\"landscape\"}},\"meta\":false,\"postlink\":\"https:\/\/www.cykloromantika.cz\/foto-1999-01-23\/\"},{\"id\":2793,\"title\":\"Foto 1999 01 24\",\"url\":\"https:\/\/www.cykloromantika.cz\/wp-content\/uploads\/2022\/01\/foto-1999-01-24.jpg\",\"link\":\"https:\/\/www.cykloromantika.cz\/foto-1999-01-24\/\",\"alt\":\"\",\"description\":\"\",\"caption\":\"Vypad\u00e1 to daleko, ale je to hodn\u011b bl\u00edzko.:)\",\"mime\":\"image\/jpeg\",\"type\":\"image\",\"width\":800,\"height\":555,\"sizes\":{\"thumbnail\":{\"height\":104,\"width\":150,\"url\":\"https:\/\/www.cykloromantika.cz\/wp-content\/uploads\/2022\/01\/foto-1999-01-24-150x104.jpg\",\"orientation\":\"landscape\"},\"medium\":{\"height\":208,\"width\":300,\"url\":\"https:\/\/www.cykloromantika.cz\/wp-content\/uploads\/2022\/01\/foto-1999-01-24-300x208.jpg\",\"orientation\":\"landscape\"},\"full\":{\"url\":\"https:\/\/www.cykloromantika.cz\/wp-content\/uploads\/2022\/01\/foto-1999-01-24.jpg\",\"height\":555,\"width\":800,\"orientation\":\"landscape\"}},\"meta\":false,\"postlink\":\"https:\/\/www.cykloromantika.cz\/foto-1999-01-24\/\"},{\"id\":2794,\"title\":\"Foto 1999 01 25\",\"url\":\"https:\/\/www.cykloromantika.cz\/wp-content\/uploads\/2022\/01\/foto-1999-01-25.jpg\",\"link\":\"https:\/\/www.cykloromantika.cz\/foto-1999-01-25\/\",\"alt\":\"\",\"description\":\"\",\"caption\":\"Nejkr\u00e1sn\u011bj\u0161\u00ed serv\u00edrka ze v\u0161ech 11. ro\u010dn\u00edk\u016f kol:)\",\"mime\":\"image\/jpeg\",\"type\":\"image\",\"width\":800,\"height\":535,\"sizes\":{\"thumbnail\":{\"height\":100,\"width\":150,\"url\":\"https:\/\/www.cykloromantika.cz\/wp-content\/uploads\/2022\/01\/foto-1999-01-25-150x100.jpg\",\"orientation\":\"landscape\"},\"medium\":{\"height\":201,\"width\":300,\"url\":\"https:\/\/www.cykloromantika.cz\/wp-content\/uploads\/2022\/01\/foto-1999-01-25-300x201.jpg\",\"orientation\":\"landscape\"},\"full\":{\"url\":\"https:\/\/www.cykloromantika.cz\/wp-content\/uploads\/2022\/01\/foto-1999-01-25.jpg\",\"height\":535,\"width\":800,\"orientation\":\"landscape\"}},\"meta\":false,\"postlink\":\"https:\/\/www.cykloromantika.cz\/foto-1999-01-25\/\"},{\"id\":2795,\"title\":\"Foto 1999 01 26\",\"url\":\"https:\/\/www.cykloromantika.cz\/wp-content\/uploads\/2022\/01\/foto-1999-01-26.jpg\",\"link\":\"https:\/\/www.cykloromantika.cz\/foto-1999-01-26\/\",\"alt\":\"\",\"description\":\"\",\"caption\":\"Dobrou chu\u0165, Vl\u010d\u00e1ku, to asi nen\u00ed love\u010d\u00e1k.:)\",\"mime\":\"image\/jpeg\",\"type\":\"image\",\"width\":559,\"height\":800,\"sizes\":{\"thumbnail\":{\"height\":150,\"width\":105,\"url\":\"https:\/\/www.cykloromantika.cz\/wp-content\/uploads\/2022\/01\/foto-1999-01-26-105x150.jpg\",\"orientation\":\"portrait\"},\"medium\":{\"height\":300,\"width\":210,\"url\":\"https:\/\/www.cykloromantika.cz\/wp-content\/uploads\/2022\/01\/foto-1999-01-26-210x300.jpg\",\"orientation\":\"portrait\"},\"full\":{\"url\":\"https:\/\/www.cykloromantika.cz\/wp-content\/uploads\/2022\/01\/foto-1999-01-26.jpg\",\"height\":800,\"width\":559,\"orientation\":\"portrait\"}},\"meta\":false,\"postlink\":\"https:\/\/www.cykloromantika.cz\/foto-1999-01-26\/\"},{\"id\":2796,\"title\":\"Foto 1999 01 27\",\"url\":\"https:\/\/www.cykloromantika.cz\/wp-content\/uploads\/2022\/01\/foto-1999-01-27.jpg\",\"link\":\"https:\/\/www.cykloromantika.cz\/foto-1999-01-27\/\",\"alt\":\"\",\"description\":\"\",\"caption\":\"Z\u0159\u00edcenina Corn\u0161tejn nad vranovskou p\u0159ehradou\",\"mime\":\"image\/jpeg\",\"type\":\"image\",\"width\":800,\"height\":539,\"sizes\":{\"thumbnail\":{\"height\":101,\"width\":150,\"url\":\"https:\/\/www.cykloromantika.cz\/wp-content\/uploads\/2022\/01\/foto-1999-01-27-150x101.jpg\",\"orientation\":\"landscape\"},\"medium\":{\"height\":202,\"width\":300,\"url\":\"https:\/\/www.cykloromantika.cz\/wp-content\/uploads\/2022\/01\/foto-1999-01-27-300x202.jpg\",\"orientation\":\"landscape\"},\"full\":{\"url\":\"https:\/\/www.cykloromantika.cz\/wp-content\/uploads\/2022\/01\/foto-1999-01-27.jpg\",\"height\":539,\"width\":800,\"orientation\":\"landscape\"}},\"meta\":false,\"postlink\":\"https:\/\/www.cykloromantika.cz\/foto-1999-01-27\/\"},{\"id\":2797,\"title\":\"Foto 1999 01 28\",\"url\":\"https:\/\/www.cykloromantika.cz\/wp-content\/uploads\/2022\/01\/foto-1999-01-28.jpg\",\"link\":\"https:\/\/www.cykloromantika.cz\/foto-1999-01-28\/\",\"alt\":\"\",\"description\":\"\",\"caption\":\"Hned v 8 jsme tuto z\u0159\u00edceninu p\u0159epadli a dobili.:)\",\"mime\":\"image\/jpeg\",\"type\":\"image\",\"width\":800,\"height\":548,\"sizes\":{\"thumbnail\":{\"height\":103,\"width\":150,\"url\":\"https:\/\/www.cykloromantika.cz\/wp-content\/uploads\/2022\/01\/foto-1999-01-28-150x103.jpg\",\"orientation\":\"landscape\"},\"medium\":{\"height\":206,\"width\":300,\"url\":\"https:\/\/www.cykloromantika.cz\/wp-content\/uploads\/2022\/01\/foto-1999-01-28-300x206.jpg\",\"orientation\":\"landscape\"},\"full\":{\"url\":\"https:\/\/www.cykloromantika.cz\/wp-content\/uploads\/2022\/01\/foto-1999-01-28.jpg\",\"height\":548,\"width\":800,\"orientation\":\"landscape\"}},\"meta\":false,\"postlink\":\"https:\/\/www.cykloromantika.cz\/foto-1999-01-28\/\"},{\"id\":2798,\"title\":\"Foto 1999 01 29\",\"url\":\"https:\/\/www.cykloromantika.cz\/wp-content\/uploads\/2022\/01\/foto-1999-01-29.jpg\",\"link\":\"https:\/\/www.cykloromantika.cz\/foto-1999-01-29\/\",\"alt\":\"\",\"description\":\"\",\"caption\":\"Pro\u0161majdali jsme tuto pam\u00e1tku naskrz.\",\"mime\":\"image\/jpeg\",\"type\":\"image\",\"width\":800,\"height\":545,\"sizes\":{\"thumbnail\":{\"height\":102,\"width\":150,\"url\":\"https:\/\/www.cykloromantika.cz\/wp-content\/uploads\/2022\/01\/foto-1999-01-29-150x102.jpg\",\"orientation\":\"landscape\"},\"medium\":{\"height\":204,\"width\":300,\"url\":\"https:\/\/www.cykloromantika.cz\/wp-content\/uploads\/2022\/01\/foto-1999-01-29-300x204.jpg\",\"orientation\":\"landscape\"},\"full\":{\"url\":\"https:\/\/www.cykloromantika.cz\/wp-content\/uploads\/2022\/01\/foto-1999-01-29.jpg\",\"height\":545,\"width\":800,\"orientation\":\"landscape\"}},\"meta\":false,\"postlink\":\"https:\/\/www.cykloromantika.cz\/foto-1999-01-29\/\"},{\"id\":2799,\"title\":\"Foto 1999 01 30\",\"url\":\"https:\/\/www.cykloromantika.cz\/wp-content\/uploads\/2022\/01\/foto-1999-01-30.jpg\",\"link\":\"https:\/\/www.cykloromantika.cz\/foto-1999-01-30\/\",\"alt\":\"\",\"description\":\"\",\"caption\":\"Asi ztratil Vlkou\u0161 st\u0159echu nad hlavou? Nebo hlavu?\",\"mime\":\"image\/jpeg\",\"type\":\"image\",\"width\":545,\"height\":800,\"sizes\":{\"thumbnail\":{\"height\":150,\"width\":102,\"url\":\"https:\/\/www.cykloromantika.cz\/wp-content\/uploads\/2022\/01\/foto-1999-01-30-102x150.jpg\",\"orientation\":\"portrait\"},\"medium\":{\"height\":300,\"width\":204,\"url\":\"https:\/\/www.cykloromantika.cz\/wp-content\/uploads\/2022\/01\/foto-1999-01-30-204x300.jpg\",\"orientation\":\"portrait\"},\"full\":{\"url\":\"https:\/\/www.cykloromantika.cz\/wp-content\/uploads\/2022\/01\/foto-1999-01-30.jpg\",\"height\":800,\"width\":545,\"orientation\":\"portrait\"}},\"meta\":false,\"postlink\":\"https:\/\/www.cykloromantika.cz\/foto-1999-01-30\/\"},{\"id\":2800,\"title\":\"Foto 1999 01 31\",\"url\":\"https:\/\/www.cykloromantika.cz\/wp-content\/uploads\/2022\/01\/foto-1999-01-31.jpg\",\"link\":\"https:\/\/www.cykloromantika.cz\/foto-1999-01-31\/\",\"alt\":\"\",\"description\":\"\",\"caption\":\"Gab\u010da, b\u00fdval\u00e1 l\u00e1ska Vlkou\u0161e\u2026\",\"mime\":\"image\/jpeg\",\"type\":\"image\",\"width\":800,\"height\":544,\"sizes\":{\"thumbnail\":{\"height\":102,\"width\":150,\"url\":\"https:\/\/www.cykloromantika.cz\/wp-content\/uploads\/2022\/01\/foto-1999-01-31-150x102.jpg\",\"orientation\":\"landscape\"},\"medium\":{\"height\":204,\"width\":300,\"url\":\"https:\/\/www.cykloromantika.cz\/wp-content\/uploads\/2022\/01\/foto-1999-01-31-300x204.jpg\",\"orientation\":\"landscape\"},\"full\":{\"url\":\"https:\/\/www.cykloromantika.cz\/wp-content\/uploads\/2022\/01\/foto-1999-01-31.jpg\",\"height\":544,\"width\":800,\"orientation\":\"landscape\"}},\"meta\":false,\"postlink\":\"https:\/\/www.cykloromantika.cz\/foto-1999-01-31\/\"},{\"id\":2801,\"title\":\"Foto 1999 01 32\",\"url\":\"https:\/\/www.cykloromantika.cz\/wp-content\/uploads\/2022\/01\/foto-1999-01-32.jpg\",\"link\":\"https:\/\/www.cykloromantika.cz\/foto-1999-01-32\/\",\"alt\":\"\",\"description\":\"\",\"caption\":\"\u0160\u0165astn\u00e9 shled\u00e1n\u00ed na b\u00edtovsk\u00e9m n\u00e1m\u011bst\u00ed\u010dku\",\"mime\":\"image\/jpeg\",\"type\":\"image\",\"width\":800,\"height\":548,\"sizes\":{\"thumbnail\":{\"height\":103,\"width\":150,\"url\":\"https:\/\/www.cykloromantika.cz\/wp-content\/uploads\/2022\/01\/foto-1999-01-32-150x103.jpg\",\"orientation\":\"landscape\"},\"medium\":{\"height\":206,\"width\":300,\"url\":\"https:\/\/www.cykloromantika.cz\/wp-content\/uploads\/2022\/01\/foto-1999-01-32-300x206.jpg\",\"orientation\":\"landscape\"},\"full\":{\"url\":\"https:\/\/www.cykloromantika.cz\/wp-content\/uploads\/2022\/01\/foto-1999-01-32.jpg\",\"height\":548,\"width\":800,\"orientation\":\"landscape\"}},\"meta\":false,\"postlink\":\"https:\/\/www.cykloromantika.cz\/foto-1999-01-32\/\"},{\"id\":2802,\"title\":\"Foto 1999 01 33\",\"url\":\"https:\/\/www.cykloromantika.cz\/wp-content\/uploads\/2022\/01\/foto-1999-01-33.jpg\",\"link\":\"https:\/\/www.cykloromantika.cz\/foto-1999-01-33\/\",\"alt\":\"\",\"description\":\"\",\"caption\":\"Chci b\u00fdt kr\u00e1sn\u00fd pir\u00e1t, abych t\u011b zaujal Martinko.:)\",\"mime\":\"image\/jpeg\",\"type\":\"image\",\"width\":544,\"height\":800,\"sizes\":{\"thumbnail\":{\"height\":150,\"width\":102,\"url\":\"https:\/\/www.cykloromantika.cz\/wp-content\/uploads\/2022\/01\/foto-1999-01-33-102x150.jpg\",\"orientation\":\"portrait\"},\"medium\":{\"height\":300,\"width\":204,\"url\":\"https:\/\/www.cykloromantika.cz\/wp-content\/uploads\/2022\/01\/foto-1999-01-33-204x300.jpg\",\"orientation\":\"portrait\"},\"full\":{\"url\":\"https:\/\/www.cykloromantika.cz\/wp-content\/uploads\/2022\/01\/foto-1999-01-33.jpg\",\"height\":800,\"width\":544,\"orientation\":\"portrait\"}},\"meta\":false,\"postlink\":\"https:\/\/www.cykloromantika.cz\/foto-1999-01-33\/\"},{\"id\":2803,\"title\":\"Foto 1999 01 34\",\"url\":\"https:\/\/www.cykloromantika.cz\/wp-content\/uploads\/2022\/01\/foto-1999-01-34.jpg\",\"link\":\"https:\/\/www.cykloromantika.cz\/foto-1999-01-34\/\",\"alt\":\"\",\"description\":\"\",\"caption\":\"Vlkou\u0161 mlad\u0161\u00ed prob\u00edh\u00e1 jako superman u restaurace.:)\",\"mime\":\"image\/jpeg\",\"type\":\"image\",\"width\":800,\"height\":558,\"sizes\":{\"thumbnail\":{\"height\":105,\"width\":150,\"url\":\"https:\/\/www.cykloromantika.cz\/wp-content\/uploads\/2022\/01\/foto-1999-01-34-150x105.jpg\",\"orientation\":\"landscape\"},\"medium\":{\"height\":209,\"width\":300,\"url\":\"https:\/\/www.cykloromantika.cz\/wp-content\/uploads\/2022\/01\/foto-1999-01-34-300x209.jpg\",\"orientation\":\"landscape\"},\"full\":{\"url\":\"https:\/\/www.cykloromantika.cz\/wp-content\/uploads\/2022\/01\/foto-1999-01-34.jpg\",\"height\":558,\"width\":800,\"orientation\":\"landscape\"}},\"meta\":false,\"postlink\":\"https:\/\/www.cykloromantika.cz\/foto-1999-01-34\/\"},{\"id\":2804,\"title\":\"Foto 1999 01 35\",\"url\":\"https:\/\/www.cykloromantika.cz\/wp-content\/uploads\/2022\/01\/foto-1999-01-35.jpg\",\"link\":\"https:\/\/www.cykloromantika.cz\/foto-1999-01-35\/\",\"alt\":\"\",\"description\":\"\",\"caption\":\"Hrad B\u00edtov, n\u00e1dvo\u0159\u00ed tohoto hradu\",\"mime\":\"image\/jpeg\",\"type\":\"image\",\"width\":800,\"height\":548,\"sizes\":{\"thumbnail\":{\"height\":103,\"width\":150,\"url\":\"https:\/\/www.cykloromantika.cz\/wp-content\/uploads\/2022\/01\/foto-1999-01-35-150x103.jpg\",\"orientation\":\"landscape\"},\"medium\":{\"height\":206,\"width\":300,\"url\":\"https:\/\/www.cykloromantika.cz\/wp-content\/uploads\/2022\/01\/foto-1999-01-35-300x206.jpg\",\"orientation\":\"landscape\"},\"full\":{\"url\":\"https:\/\/www.cykloromantika.cz\/wp-content\/uploads\/2022\/01\/foto-1999-01-35.jpg\",\"height\":548,\"width\":800,\"orientation\":\"landscape\"}},\"meta\":false,\"postlink\":\"https:\/\/www.cykloromantika.cz\/foto-1999-01-35\/\"},{\"id\":2805,\"title\":\"Foto 1999 01 36\",\"url\":\"https:\/\/www.cykloromantika.cz\/wp-content\/uploads\/2022\/01\/foto-1999-01-36.jpg\",\"link\":\"https:\/\/www.cykloromantika.cz\/foto-1999-01-36\/\",\"alt\":\"\",\"description\":\"\",\"caption\":\"B\u00edtovsk\u00e1 kaple um\u00edst\u011bn\u00e1 mimo vlastn\u00ed hrad\",\"mime\":\"image\/jpeg\",\"type\":\"image\",\"width\":540,\"height\":800,\"sizes\":{\"thumbnail\":{\"height\":150,\"width\":101,\"url\":\"https:\/\/www.cykloromantika.cz\/wp-content\/uploads\/2022\/01\/foto-1999-01-36-101x150.jpg\",\"orientation\":\"portrait\"},\"medium\":{\"height\":300,\"width\":203,\"url\":\"https:\/\/www.cykloromantika.cz\/wp-content\/uploads\/2022\/01\/foto-1999-01-36-203x300.jpg\",\"orientation\":\"portrait\"},\"full\":{\"url\":\"https:\/\/www.cykloromantika.cz\/wp-content\/uploads\/2022\/01\/foto-1999-01-36.jpg\",\"height\":800,\"width\":540,\"orientation\":\"portrait\"}},\"meta\":false,\"postlink\":\"https:\/\/www.cykloromantika.cz\/foto-1999-01-36\/\"},{\"id\":2806,\"title\":\"Foto 1999 01 37\",\"url\":\"https:\/\/www.cykloromantika.cz\/wp-content\/uploads\/2022\/01\/foto-1999-01-37.jpg\",\"link\":\"https:\/\/www.cykloromantika.cz\/foto-1999-01-37\/\",\"alt\":\"\",\"description\":\"\",\"caption\":\"To je mysl\u00edm hejkal, trochu zmaten\u00fd.:)\",\"mime\":\"image\/jpeg\",\"type\":\"image\",\"width\":800,\"height\":554,\"sizes\":{\"thumbnail\":{\"height\":104,\"width\":150,\"url\":\"https:\/\/www.cykloromantika.cz\/wp-content\/uploads\/2022\/01\/foto-1999-01-37-150x104.jpg\",\"orientation\":\"landscape\"},\"medium\":{\"height\":208,\"width\":300,\"url\":\"https:\/\/www.cykloromantika.cz\/wp-content\/uploads\/2022\/01\/foto-1999-01-37-300x208.jpg\",\"orientation\":\"landscape\"},\"full\":{\"url\":\"https:\/\/www.cykloromantika.cz\/wp-content\/uploads\/2022\/01\/foto-1999-01-37.jpg\",\"height\":554,\"width\":800,\"orientation\":\"landscape\"}},\"meta\":false,\"postlink\":\"https:\/\/www.cykloromantika.cz\/foto-1999-01-37\/\"},{\"id\":2807,\"title\":\"Foto 1999 01 38\",\"url\":\"https:\/\/www.cykloromantika.cz\/wp-content\/uploads\/2022\/01\/foto-1999-01-38.jpg\",\"link\":\"https:\/\/www.cykloromantika.cz\/foto-1999-01-38\/\",\"alt\":\"\",\"description\":\"\",\"caption\":\"\",\"mime\":\"image\/jpeg\",\"type\":\"image\",\"width\":800,\"height\":539,\"sizes\":{\"thumbnail\":{\"height\":101,\"width\":150,\"url\":\"https:\/\/www.cykloromantika.cz\/wp-content\/uploads\/2022\/01\/foto-1999-01-38-150x101.jpg\",\"orientation\":\"landscape\"},\"medium\":{\"height\":202,\"width\":300,\"url\":\"https:\/\/www.cykloromantika.cz\/wp-content\/uploads\/2022\/01\/foto-1999-01-38-300x202.jpg\",\"orientation\":\"landscape\"},\"full\":{\"url\":\"https:\/\/www.cykloromantika.cz\/wp-content\/uploads\/2022\/01\/foto-1999-01-38.jpg\",\"height\":539,\"width\":800,\"orientation\":\"landscape\"}},\"meta\":false,\"postlink\":\"https:\/\/www.cykloromantika.cz\/foto-1999-01-38\/\"},{\"id\":2808,\"title\":\"Foto 1999 01 39\",\"url\":\"https:\/\/www.cykloromantika.cz\/wp-content\/uploads\/2022\/01\/foto-1999-01-39.jpg\",\"link\":\"https:\/\/www.cykloromantika.cz\/foto-1999-01-39\/\",\"alt\":\"\",\"description\":\"\",\"caption\":\"Gab\u010da se teda zrovna moc nevylekala.:)\",\"mime\":\"image\/jpeg\",\"type\":\"image\",\"width\":800,\"height\":559,\"sizes\":{\"thumbnail\":{\"height\":105,\"width\":150,\"url\":\"https:\/\/www.cykloromantika.cz\/wp-content\/uploads\/2022\/01\/foto-1999-01-39-150x105.jpg\",\"orientation\":\"landscape\"},\"medium\":{\"height\":210,\"width\":300,\"url\":\"https:\/\/www.cykloromantika.cz\/wp-content\/uploads\/2022\/01\/foto-1999-01-39-300x210.jpg\",\"orientation\":\"landscape\"},\"full\":{\"url\":\"https:\/\/www.cykloromantika.cz\/wp-content\/uploads\/2022\/01\/foto-1999-01-39.jpg\",\"height\":559,\"width\":800,\"orientation\":\"landscape\"}},\"meta\":false,\"postlink\":\"https:\/\/www.cykloromantika.cz\/foto-1999-01-39\/\"},{\"id\":2809,\"title\":\"Foto 1999 01 40\",\"url\":\"https:\/\/www.cykloromantika.cz\/wp-content\/uploads\/2022\/01\/foto-1999-01-40.jpg\",\"link\":\"https:\/\/www.cykloromantika.cz\/foto-1999-01-40\/\",\"alt\":\"\",\"description\":\"\",\"caption\":\"\",\"mime\":\"image\/jpeg\",\"type\":\"image\",\"width\":800,\"height\":553,\"sizes\":{\"thumbnail\":{\"height\":104,\"width\":150,\"url\":\"https:\/\/www.cykloromantika.cz\/wp-content\/uploads\/2022\/01\/foto-1999-01-40-150x104.jpg\",\"orientation\":\"landscape\"},\"medium\":{\"height\":207,\"width\":300,\"url\":\"https:\/\/www.cykloromantika.cz\/wp-content\/uploads\/2022\/01\/foto-1999-01-40-300x207.jpg\",\"orientation\":\"landscape\"},\"full\":{\"url\":\"https:\/\/www.cykloromantika.cz\/wp-content\/uploads\/2022\/01\/foto-1999-01-40.jpg\",\"height\":553,\"width\":800,\"orientation\":\"landscape\"}},\"meta\":false,\"postlink\":\"https:\/\/www.cykloromantika.cz\/foto-1999-01-40\/\"},{\"id\":2810,\"title\":\"Foto 1999 01 41\",\"url\":\"https:\/\/www.cykloromantika.cz\/wp-content\/uploads\/2022\/01\/foto-1999-01-41.jpg\",\"link\":\"https:\/\/www.cykloromantika.cz\/foto-1999-01-41\/\",\"alt\":\"\",\"description\":\"\",\"caption\":\"Jarom\u011b\u0159ice nad Rokytnou, \u00fa\u017easn\u00fd z\u00e1mek\",\"mime\":\"image\/jpeg\",\"type\":\"image\",\"width\":800,\"height\":545,\"sizes\":{\"thumbnail\":{\"height\":102,\"width\":150,\"url\":\"https:\/\/www.cykloromantika.cz\/wp-content\/uploads\/2022\/01\/foto-1999-01-41-150x102.jpg\",\"orientation\":\"landscape\"},\"medium\":{\"height\":204,\"width\":300,\"url\":\"https:\/\/www.cykloromantika.cz\/wp-content\/uploads\/2022\/01\/foto-1999-01-41-300x204.jpg\",\"orientation\":\"landscape\"},\"full\":{\"url\":\"https:\/\/www.cykloromantika.cz\/wp-content\/uploads\/2022\/01\/foto-1999-01-41.jpg\",\"height\":545,\"width\":800,\"orientation\":\"landscape\"}},\"meta\":false,\"postlink\":\"https:\/\/www.cykloromantika.cz\/foto-1999-01-41\/\"},{\"id\":2811,\"title\":\"Foto 1999 01 42\",\"url\":\"https:\/\/www.cykloromantika.cz\/wp-content\/uploads\/2022\/01\/foto-1999-01-42.jpg\",\"link\":\"https:\/\/www.cykloromantika.cz\/foto-1999-01-42\/\",\"alt\":\"\",\"description\":\"\",\"caption\":\"N\u011bkte\u0159\u00ed za\u017e\u00edvaj\u00ed sv\u00e9 velik\u00e9 l\u00e1sky.:)\",\"mime\":\"image\/jpeg\",\"type\":\"image\",\"width\":546,\"height\":800,\"sizes\":{\"thumbnail\":{\"height\":150,\"width\":102,\"url\":\"https:\/\/www.cykloromantika.cz\/wp-content\/uploads\/2022\/01\/foto-1999-01-42-102x150.jpg\",\"orientation\":\"portrait\"},\"medium\":{\"height\":300,\"width\":205,\"url\":\"https:\/\/www.cykloromantika.cz\/wp-content\/uploads\/2022\/01\/foto-1999-01-42-205x300.jpg\",\"orientation\":\"portrait\"},\"full\":{\"url\":\"https:\/\/www.cykloromantika.cz\/wp-content\/uploads\/2022\/01\/foto-1999-01-42.jpg\",\"height\":800,\"width\":546,\"orientation\":\"portrait\"}},\"meta\":false,\"postlink\":\"https:\/\/www.cykloromantika.cz\/foto-1999-01-42\/\"},{\"id\":2812,\"title\":\"Foto 1999 01 43\",\"url\":\"https:\/\/www.cykloromantika.cz\/wp-content\/uploads\/2022\/01\/foto-1999-01-43.jpg\",\"link\":\"https:\/\/www.cykloromantika.cz\/foto-1999-01-43\/\",\"alt\":\"\",\"description\":\"\",\"caption\":\"Jeden z nejhez\u010d\u00edch n\u00e1mi nav\u0161t\u00edven\u00fdch z\u00e1mk\u016f\",\"mime\":\"image\/jpeg\",\"type\":\"image\",\"width\":800,\"height\":555,\"sizes\":{\"thumbnail\":{\"height\":104,\"width\":150,\"url\":\"https:\/\/www.cykloromantika.cz\/wp-content\/uploads\/2022\/01\/foto-1999-01-43-150x104.jpg\",\"orientation\":\"landscape\"},\"medium\":{\"height\":208,\"width\":300,\"url\":\"https:\/\/www.cykloromantika.cz\/wp-content\/uploads\/2022\/01\/foto-1999-01-43-300x208.jpg\",\"orientation\":\"landscape\"},\"full\":{\"url\":\"https:\/\/www.cykloromantika.cz\/wp-content\/uploads\/2022\/01\/foto-1999-01-43.jpg\",\"height\":555,\"width\":800,\"orientation\":\"landscape\"}},\"meta\":false,\"postlink\":\"https:\/\/www.cykloromantika.cz\/foto-1999-01-43\/\"},{\"id\":2813,\"title\":\"Foto 1999 01 44\",\"url\":\"https:\/\/www.cykloromantika.cz\/wp-content\/uploads\/2022\/01\/foto-1999-01-44.jpg\",\"link\":\"https:\/\/www.cykloromantika.cz\/foto-1999-01-44\/\",\"alt\":\"\",\"description\":\"\",\"caption\":\"Rui si vychutn\u00e1v\u00e1 pocit Napoleona Bonaparte.\",\"mime\":\"image\/jpeg\",\"type\":\"image\",\"width\":538,\"height\":800,\"sizes\":{\"thumbnail\":{\"height\":150,\"width\":101,\"url\":\"https:\/\/www.cykloromantika.cz\/wp-content\/uploads\/2022\/01\/foto-1999-01-44-101x150.jpg\",\"orientation\":\"portrait\"},\"medium\":{\"height\":300,\"width\":202,\"url\":\"https:\/\/www.cykloromantika.cz\/wp-content\/uploads\/2022\/01\/foto-1999-01-44-202x300.jpg\",\"orientation\":\"portrait\"},\"full\":{\"url\":\"https:\/\/www.cykloromantika.cz\/wp-content\/uploads\/2022\/01\/foto-1999-01-44.jpg\",\"height\":800,\"width\":538,\"orientation\":\"portrait\"}},\"meta\":false,\"postlink\":\"https:\/\/www.cykloromantika.cz\/foto-1999-01-44\/\"},{\"id\":2814,\"title\":\"Foto 1999 01 45\",\"url\":\"https:\/\/www.cykloromantika.cz\/wp-content\/uploads\/2022\/01\/foto-1999-01-45.jpg\",\"link\":\"https:\/\/www.cykloromantika.cz\/foto-1999-01-45\/\",\"alt\":\"\",\"description\":\"\",\"caption\":\"Vlk se sna\u017e\u00ed, ale pr\u016fvodkyn\u011b\u2026 Ty m\u011bli vnady\u2026 Uff:)\",\"mime\":\"image\/jpeg\",\"type\":\"image\",\"width\":800,\"height\":559,\"sizes\":{\"thumbnail\":{\"height\":105,\"width\":150,\"url\":\"https:\/\/www.cykloromantika.cz\/wp-content\/uploads\/2022\/01\/foto-1999-01-45-150x105.jpg\",\"orientation\":\"landscape\"},\"medium\":{\"height\":210,\"width\":300,\"url\":\"https:\/\/www.cykloromantika.cz\/wp-content\/uploads\/2022\/01\/foto-1999-01-45-300x210.jpg\",\"orientation\":\"landscape\"},\"full\":{\"url\":\"https:\/\/www.cykloromantika.cz\/wp-content\/uploads\/2022\/01\/foto-1999-01-45.jpg\",\"height\":559,\"width\":800,\"orientation\":\"landscape\"}},\"meta\":false,\"postlink\":\"https:\/\/www.cykloromantika.cz\/foto-1999-01-45\/\"},{\"id\":2815,\"title\":\"Foto 1999 01 46\",\"url\":\"https:\/\/www.cykloromantika.cz\/wp-content\/uploads\/2022\/01\/foto-1999-01-46.jpg\",\"link\":\"https:\/\/www.cykloromantika.cz\/foto-1999-01-46\/\",\"alt\":\"\",\"description\":\"\",\"caption\":\"Vlkou\u0161 hled\u00e1 sv\u00e9 ko\u0159eny, najde je tady?\",\"mime\":\"image\/jpeg\",\"type\":\"image\",\"width\":545,\"height\":800,\"sizes\":{\"thumbnail\":{\"height\":150,\"width\":102,\"url\":\"https:\/\/www.cykloromantika.cz\/wp-content\/uploads\/2022\/01\/foto-1999-01-46-102x150.jpg\",\"orientation\":\"portrait\"},\"medium\":{\"height\":300,\"width\":204,\"url\":\"https:\/\/www.cykloromantika.cz\/wp-content\/uploads\/2022\/01\/foto-1999-01-46-204x300.jpg\",\"orientation\":\"portrait\"},\"full\":{\"url\":\"https:\/\/www.cykloromantika.cz\/wp-content\/uploads\/2022\/01\/foto-1999-01-46.jpg\",\"height\":800,\"width\":545,\"orientation\":\"portrait\"}},\"meta\":false,\"postlink\":\"https:\/\/www.cykloromantika.cz\/foto-1999-01-46\/\"},{\"id\":2816,\"title\":\"Foto 1999 01 47\",\"url\":\"https:\/\/www.cykloromantika.cz\/wp-content\/uploads\/2022\/01\/foto-1999-01-47.jpg\",\"link\":\"https:\/\/www.cykloromantika.cz\/foto-1999-01-47\/\",\"alt\":\"\",\"description\":\"\",\"caption\":\"Rui a jeho hudebn\u00ed koutek, Angola\u2026 Sam\u00e1 hudba:)\",\"mime\":\"image\/jpeg\",\"type\":\"image\",\"width\":800,\"height\":541,\"sizes\":{\"thumbnail\":{\"height\":101,\"width\":150,\"url\":\"https:\/\/www.cykloromantika.cz\/wp-content\/uploads\/2022\/01\/foto-1999-01-47-150x101.jpg\",\"orientation\":\"landscape\"},\"medium\":{\"height\":203,\"width\":300,\"url\":\"https:\/\/www.cykloromantika.cz\/wp-content\/uploads\/2022\/01\/foto-1999-01-47-300x203.jpg\",\"orientation\":\"landscape\"},\"full\":{\"url\":\"https:\/\/www.cykloromantika.cz\/wp-content\/uploads\/2022\/01\/foto-1999-01-47.jpg\",\"height\":541,\"width\":800,\"orientation\":\"landscape\"}},\"meta\":false,\"postlink\":\"https:\/\/www.cykloromantika.cz\/foto-1999-01-47\/\"},{\"id\":2817,\"title\":\"Foto 1999 01 48\",\"url\":\"https:\/\/www.cykloromantika.cz\/wp-content\/uploads\/2022\/01\/foto-1999-01-48.jpg\",\"link\":\"https:\/\/www.cykloromantika.cz\/foto-1999-01-48\/\",\"alt\":\"\",\"description\":\"\",\"caption\":\"Starost o sv\u011btlou ple\u0165 v pod\u00e1n\u00ed Gab\u010di\",\"mime\":\"image\/jpeg\",\"type\":\"image\",\"width\":800,\"height\":546,\"sizes\":{\"thumbnail\":{\"height\":102,\"width\":150,\"url\":\"https:\/\/www.cykloromantika.cz\/wp-content\/uploads\/2022\/01\/foto-1999-01-48-150x102.jpg\",\"orientation\":\"landscape\"},\"medium\":{\"height\":205,\"width\":300,\"url\":\"https:\/\/www.cykloromantika.cz\/wp-content\/uploads\/2022\/01\/foto-1999-01-48-300x205.jpg\",\"orientation\":\"landscape\"},\"full\":{\"url\":\"https:\/\/www.cykloromantika.cz\/wp-content\/uploads\/2022\/01\/foto-1999-01-48.jpg\",\"height\":546,\"width\":800,\"orientation\":\"landscape\"}},\"meta\":false,\"postlink\":\"https:\/\/www.cykloromantika.cz\/foto-1999-01-48\/\"},{\"id\":2818,\"title\":\"Foto 1999 01 49\",\"url\":\"https:\/\/www.cykloromantika.cz\/wp-content\/uploads\/2022\/01\/foto-1999-01-49.jpg\",\"link\":\"https:\/\/www.cykloromantika.cz\/foto-1999-01-49\/\",\"alt\":\"\",\"description\":\"\",\"caption\":\"P\u0159ed Novou \u0158\u00ed\u0161\u00ed byla \u017deletava, vzpom\u00edn\u00e1\u0161 Bobe?\",\"mime\":\"image\/jpeg\",\"type\":\"image\",\"width\":800,\"height\":541,\"sizes\":{\"thumbnail\":{\"height\":101,\"width\":150,\"url\":\"https:\/\/www.cykloromantika.cz\/wp-content\/uploads\/2022\/01\/foto-1999-01-49-150x101.jpg\",\"orientation\":\"landscape\"},\"medium\":{\"height\":203,\"width\":300,\"url\":\"https:\/\/www.cykloromantika.cz\/wp-content\/uploads\/2022\/01\/foto-1999-01-49-300x203.jpg\",\"orientation\":\"landscape\"},\"full\":{\"url\":\"https:\/\/www.cykloromantika.cz\/wp-content\/uploads\/2022\/01\/foto-1999-01-49.jpg\",\"height\":541,\"width\":800,\"orientation\":\"landscape\"}},\"meta\":false,\"postlink\":\"https:\/\/www.cykloromantika.cz\/foto-1999-01-49\/\"},{\"id\":2819,\"title\":\"Foto 1999 01 50\",\"url\":\"https:\/\/www.cykloromantika.cz\/wp-content\/uploads\/2022\/01\/foto-1999-01-50.jpg\",\"link\":\"https:\/\/www.cykloromantika.cz\/foto-1999-01-50\/\",\"alt\":\"\",\"description\":\"\",\"caption\":\"Kl\u00e1\u0161ter Nov\u00e1 \u0158\u00ed\u0161e, ospal\u00e1 vesni\u010dka\",\"mime\":\"image\/jpeg\",\"type\":\"image\",\"width\":546,\"height\":800,\"sizes\":{\"thumbnail\":{\"height\":150,\"width\":102,\"url\":\"https:\/\/www.cykloromantika.cz\/wp-content\/uploads\/2022\/01\/foto-1999-01-50-102x150.jpg\",\"orientation\":\"portrait\"},\"medium\":{\"height\":300,\"width\":205,\"url\":\"https:\/\/www.cykloromantika.cz\/wp-content\/uploads\/2022\/01\/foto-1999-01-50-205x300.jpg\",\"orientation\":\"portrait\"},\"full\":{\"url\":\"https:\/\/www.cykloromantika.cz\/wp-content\/uploads\/2022\/01\/foto-1999-01-50.jpg\",\"height\":800,\"width\":546,\"orientation\":\"portrait\"}},\"meta\":false,\"postlink\":\"https:\/\/www.cykloromantika.cz\/foto-1999-01-50\/\"},{\"id\":2820,\"title\":\"Foto 1999 01 51\",\"url\":\"https:\/\/www.cykloromantika.cz\/wp-content\/uploads\/2022\/01\/foto-1999-01-51.jpg\",\"link\":\"https:\/\/www.cykloromantika.cz\/foto-1999-01-51\/\",\"alt\":\"\",\"description\":\"\",\"caption\":\"Tel\u010d n\u00e1s p\u0159iv\u00edtala hudebn\u00edm festivalem.:)\",\"mime\":\"image\/jpeg\",\"type\":\"image\",\"width\":800,\"height\":552,\"sizes\":{\"thumbnail\":{\"height\":104,\"width\":150,\"url\":\"https:\/\/www.cykloromantika.cz\/wp-content\/uploads\/2022\/01\/foto-1999-01-51-150x104.jpg\",\"orientation\":\"landscape\"},\"medium\":{\"height\":207,\"width\":300,\"url\":\"https:\/\/www.cykloromantika.cz\/wp-content\/uploads\/2022\/01\/foto-1999-01-51-300x207.jpg\",\"orientation\":\"landscape\"},\"full\":{\"url\":\"https:\/\/www.cykloromantika.cz\/wp-content\/uploads\/2022\/01\/foto-1999-01-51.jpg\",\"height\":552,\"width\":800,\"orientation\":\"landscape\"}},\"meta\":false,\"postlink\":\"https:\/\/www.cykloromantika.cz\/foto-1999-01-51\/\"},{\"id\":2821,\"title\":\"Foto 1999 01 52\",\"url\":\"https:\/\/www.cykloromantika.cz\/wp-content\/uploads\/2022\/01\/foto-1999-01-52.jpg\",\"link\":\"https:\/\/www.cykloromantika.cz\/foto-1999-01-52\/\",\"alt\":\"\",\"description\":\"\",\"caption\":\"Ricci, chutn\u00e1, chutn\u00e1 piv\u00ed\u010dko?\",\"mime\":\"image\/jpeg\",\"type\":\"image\",\"width\":800,\"height\":543,\"sizes\":{\"thumbnail\":{\"height\":102,\"width\":150,\"url\":\"https:\/\/www.cykloromantika.cz\/wp-content\/uploads\/2022\/01\/foto-1999-01-52-150x102.jpg\",\"orientation\":\"landscape\"},\"medium\":{\"height\":204,\"width\":300,\"url\":\"https:\/\/www.cykloromantika.cz\/wp-content\/uploads\/2022\/01\/foto-1999-01-52-300x204.jpg\",\"orientation\":\"landscape\"},\"full\":{\"url\":\"https:\/\/www.cykloromantika.cz\/wp-content\/uploads\/2022\/01\/foto-1999-01-52.jpg\",\"height\":543,\"width\":800,\"orientation\":\"landscape\"}},\"meta\":false,\"postlink\":\"https:\/\/www.cykloromantika.cz\/foto-1999-01-52\/\"},{\"id\":2822,\"title\":\"Foto 1999 01 53\",\"url\":\"https:\/\/www.cykloromantika.cz\/wp-content\/uploads\/2022\/01\/foto-1999-01-53.jpg\",\"link\":\"https:\/\/www.cykloromantika.cz\/foto-1999-01-53\/\",\"alt\":\"\",\"description\":\"\",\"caption\":\"Fotbalov\u00e9 utk\u00e1n\u00ed u tel\u010dsk\u00e9ho rybn\u00edka:)\",\"mime\":\"image\/jpeg\",\"type\":\"image\",\"width\":800,\"height\":537,\"sizes\":{\"thumbnail\":{\"height\":101,\"width\":150,\"url\":\"https:\/\/www.cykloromantika.cz\/wp-content\/uploads\/2022\/01\/foto-1999-01-53-150x101.jpg\",\"orientation\":\"landscape\"},\"medium\":{\"height\":201,\"width\":300,\"url\":\"https:\/\/www.cykloromantika.cz\/wp-content\/uploads\/2022\/01\/foto-1999-01-53-300x201.jpg\",\"orientation\":\"landscape\"},\"full\":{\"url\":\"https:\/\/www.cykloromantika.cz\/wp-content\/uploads\/2022\/01\/foto-1999-01-53.jpg\",\"height\":537,\"width\":800,\"orientation\":\"landscape\"}},\"meta\":false,\"postlink\":\"https:\/\/www.cykloromantika.cz\/foto-1999-01-53\/\"},{\"id\":2823,\"title\":\"Foto 1999 01 54\",\"url\":\"https:\/\/www.cykloromantika.cz\/wp-content\/uploads\/2022\/01\/foto-1999-01-54.jpg\",\"link\":\"https:\/\/www.cykloromantika.cz\/foto-1999-01-54\/\",\"alt\":\"\",\"description\":\"\",\"caption\":\"P\u0159e\u017eili jsme zde celkem velikou bou\u0159i v gar\u00e1\u017ei.:)\",\"mime\":\"image\/jpeg\",\"type\":\"image\",\"width\":800,\"height\":539,\"sizes\":{\"thumbnail\":{\"height\":101,\"width\":150,\"url\":\"https:\/\/www.cykloromantika.cz\/wp-content\/uploads\/2022\/01\/foto-1999-01-54-150x101.jpg\",\"orientation\":\"landscape\"},\"medium\":{\"height\":202,\"width\":300,\"url\":\"https:\/\/www.cykloromantika.cz\/wp-content\/uploads\/2022\/01\/foto-1999-01-54-300x202.jpg\",\"orientation\":\"landscape\"},\"full\":{\"url\":\"https:\/\/www.cykloromantika.cz\/wp-content\/uploads\/2022\/01\/foto-1999-01-54.jpg\",\"height\":539,\"width\":800,\"orientation\":\"landscape\"}},\"meta\":false,\"postlink\":\"https:\/\/www.cykloromantika.cz\/foto-1999-01-54\/\"},{\"id\":2824,\"title\":\"Foto 1999 01 55\",\"url\":\"https:\/\/www.cykloromantika.cz\/wp-content\/uploads\/2022\/01\/foto-1999-01-55.jpg\",\"link\":\"https:\/\/www.cykloromantika.cz\/foto-1999-01-55\/\",\"alt\":\"\",\"description\":\"\",\"caption\":\"Kdo zv\u00edt\u011bzil? To u\u017e je celkem jedno, tehdy nebylo.\",\"mime\":\"image\/jpeg\",\"type\":\"image\",\"width\":800,\"height\":552,\"sizes\":{\"thumbnail\":{\"height\":104,\"width\":150,\"url\":\"https:\/\/www.cykloromantika.cz\/wp-content\/uploads\/2022\/01\/foto-1999-01-55-150x104.jpg\",\"orientation\":\"landscape\"},\"medium\":{\"height\":207,\"width\":300,\"url\":\"https:\/\/www.cykloromantika.cz\/wp-content\/uploads\/2022\/01\/foto-1999-01-55-300x207.jpg\",\"orientation\":\"landscape\"},\"full\":{\"url\":\"https:\/\/www.cykloromantika.cz\/wp-content\/uploads\/2022\/01\/foto-1999-01-55.jpg\",\"height\":552,\"width\":800,\"orientation\":\"landscape\"}},\"meta\":false,\"postlink\":\"https:\/\/www.cykloromantika.cz\/foto-1999-01-55\/\"},{\"id\":2825,\"title\":\"Foto 1999 01 56\",\"url\":\"https:\/\/www.cykloromantika.cz\/wp-content\/uploads\/2022\/01\/foto-1999-01-56.jpg\",\"link\":\"https:\/\/www.cykloromantika.cz\/foto-1999-01-56\/\",\"alt\":\"\",\"description\":\"\",\"caption\":\"Na\u0161e t\u0159i n\u00e1dhern\u00e9 kv\u011btinky, Mar\u0165a, Blanka a Gab\u010da\",\"mime\":\"image\/jpeg\",\"type\":\"image\",\"width\":800,\"height\":559,\"sizes\":{\"thumbnail\":{\"height\":105,\"width\":150,\"url\":\"https:\/\/www.cykloromantika.cz\/wp-content\/uploads\/2022\/01\/foto-1999-01-56-150x105.jpg\",\"orientation\":\"landscape\"},\"medium\":{\"height\":210,\"width\":300,\"url\":\"https:\/\/www.cykloromantika.cz\/wp-content\/uploads\/2022\/01\/foto-1999-01-56-300x210.jpg\",\"orientation\":\"landscape\"},\"full\":{\"url\":\"https:\/\/www.cykloromantika.cz\/wp-content\/uploads\/2022\/01\/foto-1999-01-56.jpg\",\"height\":559,\"width\":800,\"orientation\":\"landscape\"}},\"meta\":false,\"postlink\":\"https:\/\/www.cykloromantika.cz\/foto-1999-01-56\/\"},{\"id\":2826,\"title\":\"Foto 1999 01 57\",\"url\":\"https:\/\/www.cykloromantika.cz\/wp-content\/uploads\/2022\/01\/foto-1999-01-57.jpg\",\"link\":\"https:\/\/www.cykloromantika.cz\/foto-1999-01-57\/\",\"alt\":\"\",\"description\":\"\",\"caption\":\"Vlku, p\u011bkn\u011b se umyj, ve\u010der t\u011b budou \u010dekat v\u00fdkony.:)\",\"mime\":\"image\/jpeg\",\"type\":\"image\",\"width\":561,\"height\":800,\"sizes\":{\"thumbnail\":{\"height\":150,\"width\":105,\"url\":\"https:\/\/www.cykloromantika.cz\/wp-content\/uploads\/2022\/01\/foto-1999-01-57-105x150.jpg\",\"orientation\":\"portrait\"},\"medium\":{\"height\":300,\"width\":210,\"url\":\"https:\/\/www.cykloromantika.cz\/wp-content\/uploads\/2022\/01\/foto-1999-01-57-210x300.jpg\",\"orientation\":\"portrait\"},\"full\":{\"url\":\"https:\/\/www.cykloromantika.cz\/wp-content\/uploads\/2022\/01\/foto-1999-01-57.jpg\",\"height\":800,\"width\":561,\"orientation\":\"portrait\"}},\"meta\":false,\"postlink\":\"https:\/\/www.cykloromantika.cz\/foto-1999-01-57\/\"},{\"id\":2827,\"title\":\"Foto 1999 01 58\",\"url\":\"https:\/\/www.cykloromantika.cz\/wp-content\/uploads\/2022\/01\/foto-1999-01-58.jpg\",\"link\":\"https:\/\/www.cykloromantika.cz\/foto-1999-01-58\/\",\"alt\":\"\",\"description\":\"\",\"caption\":\"R\u00e1no bylo studen\u00e9 a pr\u0161elo, mus\u00edme bohu\u017eel dom\u016f.:(\",\"mime\":\"image\/jpeg\",\"type\":\"image\",\"width\":800,\"height\":549,\"sizes\":{\"thumbnail\":{\"height\":103,\"width\":150,\"url\":\"https:\/\/www.cykloromantika.cz\/wp-content\/uploads\/2022\/01\/foto-1999-01-58-150x103.jpg\",\"orientation\":\"landscape\"},\"medium\":{\"height\":206,\"width\":300,\"url\":\"https:\/\/www.cykloromantika.cz\/wp-content\/uploads\/2022\/01\/foto-1999-01-58-300x206.jpg\",\"orientation\":\"landscape\"},\"full\":{\"url\":\"https:\/\/www.cykloromantika.cz\/wp-content\/uploads\/2022\/01\/foto-1999-01-58.jpg\",\"height\":549,\"width\":800,\"orientation\":\"landscape\"}},\"meta\":false,\"postlink\":\"https:\/\/www.cykloromantika.cz\/foto-1999-01-58\/\"},{\"id\":2828,\"title\":\"Foto 1999 01 59\",\"url\":\"https:\/\/www.cykloromantika.cz\/wp-content\/uploads\/2022\/01\/foto-1999-01-59.jpg\",\"link\":\"https:\/\/www.cykloromantika.cz\/foto-1999-01-59\/\",\"alt\":\"\",\"description\":\"\",\"caption\":\"Tak moc se n\u00e1m nechce jet zp\u00e1tky\u2026 Bylo n\u00e1dhern\u011b.\",\"mime\":\"image\/jpeg\",\"type\":\"image\",\"width\":800,\"height\":548,\"sizes\":{\"thumbnail\":{\"height\":103,\"width\":150,\"url\":\"https:\/\/www.cykloromantika.cz\/wp-content\/uploads\/2022\/01\/foto-1999-01-59-150x103.jpg\",\"orientation\":\"landscape\"},\"medium\":{\"height\":206,\"width\":300,\"url\":\"https:\/\/www.cykloromantika.cz\/wp-content\/uploads\/2022\/01\/foto-1999-01-59-300x206.jpg\",\"orientation\":\"landscape\"},\"full\":{\"url\":\"https:\/\/www.cykloromantika.cz\/wp-content\/uploads\/2022\/01\/foto-1999-01-59.jpg\",\"height\":548,\"width\":800,\"orientation\":\"landscape\"}},\"meta\":false,\"postlink\":\"https:\/\/www.cykloromantika.cz\/foto-1999-01-59\/\"},{\"id\":2829,\"title\":\"Foto 1999 01 60\",\"url\":\"https:\/\/www.cykloromantika.cz\/wp-content\/uploads\/2022\/01\/foto-1999-01-60.jpg\",\"link\":\"https:\/\/www.cykloromantika.cz\/foto-1999-01-60\/\",\"alt\":\"\",\"description\":\"\",\"caption\":\"Sle\u010dna pr\u016fvod\u010d\u00ed byla naprosto zt\u0159e\u0161t\u011bn\u00e1.:)\",\"mime\":\"image\/jpeg\",\"type\":\"image\",\"width\":800,\"height\":565,\"sizes\":{\"thumbnail\":{\"height\":106,\"width\":150,\"url\":\"https:\/\/www.cykloromantika.cz\/wp-content\/uploads\/2022\/01\/foto-1999-01-60-150x106.jpg\",\"orientation\":\"landscape\"},\"medium\":{\"height\":212,\"width\":300,\"url\":\"https:\/\/www.cykloromantika.cz\/wp-content\/uploads\/2022\/01\/foto-1999-01-60-300x212.jpg\",\"orientation\":\"landscape\"},\"full\":{\"url\":\"https:\/\/www.cykloromantika.cz\/wp-content\/uploads\/2022\/01\/foto-1999-01-60.jpg\",\"height\":565,\"width\":800,\"orientation\":\"landscape\"}},\"meta\":false,\"postlink\":\"https:\/\/www.cykloromantika.cz\/foto-1999-01-60\/\"},{\"id\":2830,\"title\":\"Foto 1999 01 61\",\"url\":\"https:\/\/www.cykloromantika.cz\/wp-content\/uploads\/2022\/01\/foto-1999-01-61.jpg\",\"link\":\"https:\/\/www.cykloromantika.cz\/foto-1999-01-61\/\",\"alt\":\"\",\"description\":\"\",\"caption\":\"Byli to nejlep\u0161\u00ed pr\u016fvod\u010d\u00ed za 11 let cest.:)\",\"mime\":\"image\/jpeg\",\"type\":\"image\",\"width\":800,\"height\":534,\"sizes\":{\"thumbnail\":{\"height\":100,\"width\":150,\"url\":\"https:\/\/www.cykloromantika.cz\/wp-content\/uploads\/2022\/01\/foto-1999-01-61-150x100.jpg\",\"orientation\":\"landscape\"},\"medium\":{\"height\":200,\"width\":300,\"url\":\"https:\/\/www.cykloromantika.cz\/wp-content\/uploads\/2022\/01\/foto-1999-01-61-300x200.jpg\",\"orientation\":\"landscape\"},\"full\":{\"url\":\"https:\/\/www.cykloromantika.cz\/wp-content\/uploads\/2022\/01\/foto-1999-01-61.jpg\",\"height\":534,\"width\":800,\"orientation\":\"landscape\"}},\"meta\":false,\"postlink\":\"https:\/\/www.cykloromantika.cz\/foto-1999-01-61\/\"},{\"id\":2831,\"title\":\"Foto 1999 01 62\",\"url\":\"https:\/\/www.cykloromantika.cz\/wp-content\/uploads\/2022\/01\/foto-1999-01-62.jpg\",\"link\":\"https:\/\/www.cykloromantika.cz\/foto-1999-01-62\/\",\"alt\":\"\",\"description\":\"\",\"caption\":\"Cigi jako mu\u0161ket\u00fdr na str\u00e1\u017ei, trochu zaspal:)\",\"mime\":\"image\/jpeg\",\"type\":\"image\",\"width\":550,\"height\":800,\"sizes\":{\"thumbnail\":{\"height\":150,\"width\":103,\"url\":\"https:\/\/www.cykloromantika.cz\/wp-content\/uploads\/2022\/01\/foto-1999-01-62-103x150.jpg\",\"orientation\":\"portrait\"},\"medium\":{\"height\":300,\"width\":206,\"url\":\"https:\/\/www.cykloromantika.cz\/wp-content\/uploads\/2022\/01\/foto-1999-01-62-206x300.jpg\",\"orientation\":\"portrait\"},\"full\":{\"url\":\"https:\/\/www.cykloromantika.cz\/wp-content\/uploads\/2022\/01\/foto-1999-01-62.jpg\",\"height\":800,\"width\":550,\"orientation\":\"portrait\"}},\"meta\":false,\"postlink\":\"https:\/\/www.cykloromantika.cz\/foto-1999-01-62\/\"},{\"id\":2832,\"title\":\"Foto 1999 01 63\",\"url\":\"https:\/\/www.cykloromantika.cz\/wp-content\/uploads\/2022\/01\/foto-1999-01-63.jpg\",\"link\":\"https:\/\/www.cykloromantika.cz\/foto-1999-01-63\/\",\"alt\":\"\",\"description\":\"\",\"caption\":\"G\u00e1binka byla taky dostate\u010dn\u011b unaven\u00e1.:)\",\"mime\":\"image\/jpeg\",\"type\":\"image\",\"width\":538,\"height\":800,\"sizes\":{\"thumbnail\":{\"height\":150,\"width\":101,\"url\":\"https:\/\/www.cykloromantika.cz\/wp-content\/uploads\/2022\/01\/foto-1999-01-63-101x150.jpg\",\"orientation\":\"portrait\"},\"medium\":{\"height\":300,\"width\":202,\"url\":\"https:\/\/www.cykloromantika.cz\/wp-content\/uploads\/2022\/01\/foto-1999-01-63-202x300.jpg\",\"orientation\":\"portrait\"},\"full\":{\"url\":\"https:\/\/www.cykloromantika.cz\/wp-content\/uploads\/2022\/01\/foto-1999-01-63.jpg\",\"height\":800,\"width\":538,\"orientation\":\"portrait\"}},\"meta\":false,\"postlink\":\"https:\/\/www.cykloromantika.cz\/foto-1999-01-63\/\"}],\"itemsMetaDataCollection\":[],\"galleryData\":\"{\\u0022pageMode\\u0022:false,\\u0022lastRowFill\\u0022:false,\\u0022collectionThumbRecomendedHeight\\u0022:200,\\u0022collectionThumbMiniScreenScale\\u0022:false,\\u0022thumbSpacing\\u0022:5,\\u0022externalLink\\u0022:true,\\u0022externalLinkDefName\\u0022:\\u0022Read More\\u0022,\\u0022externalLinkTextColor\\u0022:\\u0022rgba(0,0,0,1)\\u0022,\\u0022externalLinkBgColor\\u0022:\\u0022rgba(255,255,255,1)\\u0022,\\u0022externalLinkFontSize\\u0022:18,\\u0022captions\\u0022:true,\\u0022captionSrc\\u0022:\\u0022caption\\u0022,\\u0022captionHAlign\\u0022:\\u0022top\\u0022,\\u0022collectionthumbHoverTitleFontSize\\u0022:18,\\u0022collectionthumbRoundedCorners\\u0022:0,\\u0022collectionthumbHoverTitleTextColor\\u0022:\\u0022rgba(255,255,255,1)\\u0022,\\u0022collectionthumbHoverTitleTextBgColor\\u0022:\\u0022rgba(0,0,0,0.8)\\u0022,\\u0022collectionthumbHoverBgColor\\u0022:\\u0022rgba(0,0,0,0.4)\\u0022,\\u0022collectionThumbSubMenuDownload\\u0022:true,\\u0022collectionThumbSubMenuShare\\u0022:true,\\u0022collectionThumbSubMenuBgColor\\u0022:\\u0022rgba(0,0,0,0.4)\\u0022,\\u0022collectionThumbSubMenuBgColorHover\\u0022:\\u0022rgba(255,255,255,1)\\u0022,\\u0022collectionThumbSubMenuIconColor\\u0022:\\u0022rgba(255,255,255,1)\\u0022,\\u0022collectionThumbSubMenuIconColorHover\\u0022:\\u0022rgba(0,0,0,1)\\u0022,\\u0022galleryType\\u0022:\\u0022pgc_sgb_justified\\u0022,\\u0022align\\u0022:\\u0022\\u0022,\\u0022galleryId\\u0022:\\u00225b775045\\u0022,\\u0022tagsListCustomMode\\u0022:false,\\u0022initGalleryByFirstTag\\u0022:false,\\u0022deepLinkingForTag\\u0022:false,\\u0022galleryTagsList\\u0022:[],\\u0022useClobalSettings\\u0022:true,\\u0022orderBy\\u0022:\\u0022custom\\u0022,\\u0022deepLinking\\u0022:false,\\u0022useLightbox\\u0022:true,\\u0022thumbClickAction\\u0022:\\u0022useLightbox\\u0022,\\u0022numItemsDisplayed\\u0022:0,\\u0022lazyLoading\\u0022:true,\\u0022contentNoPadding\\u0022:false,\\u0022galleryPreloaderColor\\u0022:\\u0022rgba(230,230,230,1)\\u0022,\\u0022galleryBgColor\\u0022:\\u0022rgba(0,0,0,0)\\u0022,\\u0022galleryBorderRadius\\u0022:0,\\u0022customCSS\\u0022:\\u0022\\u0022,\\u0022itemsPerPage\\u0022:20,\\u0022loadMoreDefName\\u0022:\\u0022Load More\\u0022,\\u0022loadMoreFontSize\\u0022:16,\\u0022loadMoreTextColor\\u0022:\\u0022rgba(255,255,255,1)\\u0022,\\u0022loadMoreBgColor\\u0022:\\u0022rgba(0,0,0,1)\\u0022,\\u0022tagsFilter\\u0022:false,\\u0022tagCloudAll\\u0022:\\u0022All\\u0022,\\u0022tagCloudBgColor\\u0022:\\u0022rgba(153,153,153,1)\\u0022,\\u0022tagCloudBgColorOver\\u0022:\\u0022rgba(253,253,253,1)\\u0022,\\u0022tagCloudTextColor\\u0022:\\u0022rgba(253,253,253,1)\\u0022,\\u0022tagCloudTextColorOver\\u0022:\\u0022rgba(153,153,153,1)\\u0022,\\u0022tagCloudFontSize\\u0022:16,\\u0022modaBgColor\\u0022:\\u0022rgba(0,0,0,0.8)\\u0022,\\u0022modalIconColor\\u0022:\\u0022rgba(255,255,255,1)\\u0022,\\u0022modalIconColorHover\\u0022:\\u0022rgba(255,255,255,0.8)\\u0022,\\u0022shareFacebook\\u0022:true,\\u0022shareTwitter\\u0022:true,\\u0022sharePinterest\\u0022:true,\\u0022sliderItemDownload\\u0022:true,\\u0022shareCopyLink\\u0022:true,\\u0022sharePost\\u0022:\\u0022sharelink\\u0022,\\u0022copyRProtection\\u0022:false,\\u0022copyRAlert\\u0022:\\u0022Hello, this photo is mine!\\u0022,\\u0022sliderScrollNavi\\u0022:false,\\u0022sliderNextPrevAnimation\\u0022:\\u0022animation\\u0022,\\u0022galleryScrollPositionControll\\u0022:false,\\u0022sliderVideoAutoPlay\\u0022:false,\\u0022sliderVideoLoop\\u0022:false,\\u0022sliderItemCounterEnable\\u0022:true,\\u0022sliderCaptionSrc\\u0022:\\u0022caption\\u0022,\\u0022sliderItemTitleEnable\\u0022:false,\\u0022sliderItemTitleFontSize\\u0022:18,\\u0022sliderItemTitleTextColor\\u0022:\\u0022rgba(255,255,255,1)\\u0022,\\u0022itemCounterColor\\u0022:\\u0022rgba(255,255,255,1)\\u0022,\\u0022sliderThumbBarEnable\\u0022:true,\\u0022sliderThumbBarHoverColor\\u0022:\\u0022rgba(240,240,240,1)\\u0022,\\u0022sliderBgColor\\u0022:\\u0022rgba(0,0,0,0.8)\\u0022,\\u0022sliderPreloaderColor\\u0022:\\u0022rgba(240,240,240,1)\\u0022,\\u0022sliderHeaderFooterBgColor\\u0022:\\u0022rgba(0,0,0,0.4)\\u0022,\\u0022sliderNavigationColor\\u0022:\\u0022rgba(0,0,0,1)\\u0022,\\u0022sliderNavigationColorOver\\u0022:\\u0022rgba(255,255,255,1)\\u0022,\\u0022sliderNavigationIconColor\\u0022:\\u0022rgba(255,255,255,1)\\u0022,\\u0022sliderNavigationIconColorOver\\u0022:\\u0022rgba(0,0,0,1)\\u0022,\\u0022sliderSlideshow\\u0022:true,\\u0022sliderSlideshowDelay\\u0022:8,\\u0022slideshowIndicatorColor\\u0022:\\u0022rgba(255,255,255,1)\\u0022,\\u0022slideshowIndicatorColorBg\\u0022:\\u0022rgba(255,255,255,0.5)\\u0022,\\u0022sliderThumbSubMenuBackgroundColor\\u0022:\\u0022rgba(255,255,255,0)\\u0022,\\u0022sliderThumbSubMenuBackgroundColorOver\\u0022:\\u0022rgba(255,255,255,1)\\u0022,\\u0022sliderThumbSubMenuIconColor\\u0022:\\u0022rgba(255,255,255,1)\\u0022,\\u0022sliderThumbSubMenuIconHoverColor\\u0022:\\u0022rgba(0,0,0,1)\\u0022,\\u0022sliderSocialShareEnabled\\u0022:true,\\u0022sliderZoomEnable\\u0022:true,\\u0022sliderFullscreenEnabled\\u0022:true,\\u0022settingsModalIsOpen\\u0022:false,\\u0022skin\\u0022:\\u0022justified\\u0022}\",\"useClobalSettings\":true,\"galleryBorderRadius\":8,\"shareFacebook\":false,\"shareTwitter\":false,\"sharePinterest\":false,\"sharePost\":\"postlink\",\"sliderItemTitleEnable\":true,\"sliderSocialShareEnabled\":false}<\/script><script>(function(){if(window.PGC_SGB && window.PGC_SGB.searcher){window.PGC_SGB.searcher.initBlocks()}})()<\/script><\/div>\n","protected":false},"excerpt":{"rendered":"","protected":false},"author":1,"featured_media":2660,"comment_status":"open","ping_status":"open","sticky":false,"template":"","format":"standard","meta":{"_acf_changed":false,"pgc_sgb_lightbox_settings":"","footnotes":""},"categories":[31],"tags":[],"class_list":["post-2834","post","type-post","status-publish","format-standard","has-post-thumbnail","hentry","category-denicek"],"acf":[],"_links":{"self":[{"href":"https:\/\/www.cykloromantika.cz\/index.php\/wp-json\/wp\/v2\/posts\/2834","targetHints":{"allow":["GET"]}}],"collection":[{"href":"https:\/\/www.cykloromantika.cz\/index.php\/wp-json\/wp\/v2\/posts"}],"about":[{"href":"https:\/\/www.cykloromantika.cz\/index.php\/wp-json\/wp\/v2\/types\/post"}],"author":[{"embeddable":true,"href":"https:\/\/www.cykloromantika.cz\/index.php\/wp-json\/wp\/v2\/users\/1"}],"replies":[{"embeddable":true,"href":"https:\/\/www.cykloromantika.cz\/index.php\/wp-json\/wp\/v2\/comments?post=2834"}],"version-history":[{"count":2,"href":"https:\/\/www.cykloromantika.cz\/index.php\/wp-json\/wp\/v2\/posts\/2834\/revisions"}],"predecessor-version":[{"id":3278,"href":"https:\/\/www.cykloromantika.cz\/index.php\/wp-json\/wp\/v2\/posts\/2834\/revisions\/3278"}],"wp:featuredmedia":[{"embeddable":true,"href":"https:\/\/www.cykloromantika.cz\/index.php\/wp-json\/wp\/v2\/media\/2660"}],"wp:attachment":[{"href":"https:\/\/www.cykloromantika.cz\/index.php\/wp-json\/wp\/v2\/media?parent=2834"}],"wp:term":[{"taxonomy":"category","embeddable":true,"href":"https:\/\/www.cykloromantika.cz\/index.php\/wp-json\/wp\/v2\/categories?post=2834"},{"taxonomy":"post_tag","embeddable":true,"href":"https:\/\/www.cykloromantika.cz\/index.php\/wp-json\/wp\/v2\/tags?post=2834"}],"curies":[{"name":"wp","href":"https:\/\/api.w.org\/{rel}","templated":true}]}}