{"id":2241,"date":"1998-08-01T23:07:00","date_gmt":"1998-08-01T22:07:00","guid":{"rendered":"https:\/\/www.cykloromantika.cz\/?p=2241"},"modified":"2022-02-09T17:17:13","modified_gmt":"2022-02-09T16:17:13","slug":"ii-rocnik-romanticka-cesta-ve-dvou","status":"publish","type":"post","link":"https:\/\/www.cykloromantika.cz\/index.php\/1998\/08\/01\/ii-rocnik-romanticka-cesta-ve-dvou\/","title":{"rendered":"II. ro\u010dn\u00edk: Romantick\u00e1 cesta ve dvou"},"content":{"rendered":"<div class=\"pgc-sgb-cb wp-block-pgcsimplygalleryblock-justified \" data-gallery-id=\"ad711374\"><div class=\"sgb-preloader\" id=\"pr_ad711374\">\n\t<div class=\"sgb-square\" style=\"background:#d4d4d4\"><\/div>\n\t<div class=\"sgb-square\" style=\"background:#d4d4d4\"><\/div>\n\t<div class=\"sgb-square\" style=\"background:#d4d4d4\"><\/div>\n\t<div class=\"sgb-square\" style=\"background:#d4d4d4\"><\/div><\/div><div class=\"simply-gallery-amp pgc_sgb_slider \"><noscript><div class=\"sgb-gallery\"><div class=\"sgb-item\"><a href=\"https:\/\/www.cykloromantika.cz\/foto-1998-01-01\/\" target=\"_blank\"><img decoding=\"async\" alt=\"\" width=\"300\" height=\"207\" loading=\"lazy\" src=\"https:\/\/www.cykloromantika.cz\/wp-content\/uploads\/2022\/01\/foto-1998-01-01-300x207.jpg\" srcset=\"https:\/\/www.cykloromantika.cz\/wp-content\/uploads\/2022\/01\/foto-1998-01-01-300x207.jpg 300w,https:\/\/www.cykloromantika.cz\/wp-content\/uploads\/2022\/01\/foto-1998-01-01.jpg 800w\" sizes=\"auto, 250px\"\/><\/a><div class=\"sgb-item-caption\"><em>Bob\u00edk vystoupal lipt\u00e1lsk\u00fd kopec, uf.:)<\/em><\/div><\/div><div class=\"sgb-item\"><a href=\"https:\/\/www.cykloromantika.cz\/foto-1998-01-02\/\" target=\"_blank\"><img decoding=\"async\" alt=\"\" width=\"300\" height=\"207\" loading=\"lazy\" src=\"https:\/\/www.cykloromantika.cz\/wp-content\/uploads\/2022\/01\/foto-1998-01-02-300x207.jpg\" srcset=\"https:\/\/www.cykloromantika.cz\/wp-content\/uploads\/2022\/01\/foto-1998-01-02-300x207.jpg 300w,https:\/\/www.cykloromantika.cz\/wp-content\/uploads\/2022\/01\/foto-1998-01-02.jpg 800w\" sizes=\"auto, 250px\"\/><\/a><div class=\"sgb-item-caption\"><em>Nad Vizovicemi<\/em><\/div><\/div><div class=\"sgb-item\"><a href=\"https:\/\/www.cykloromantika.cz\/foto-1998-01-03\/\" target=\"_blank\"><img decoding=\"async\" alt=\"\" width=\"300\" height=\"207\" loading=\"lazy\" src=\"https:\/\/www.cykloromantika.cz\/wp-content\/uploads\/2022\/01\/foto-1998-01-03-300x207.jpg\" srcset=\"https:\/\/www.cykloromantika.cz\/wp-content\/uploads\/2022\/01\/foto-1998-01-03-300x207.jpg 300w,https:\/\/www.cykloromantika.cz\/wp-content\/uploads\/2022\/01\/foto-1998-01-03.jpg 800w\" sizes=\"auto, 250px\"\/><\/a><div class=\"sgb-item-caption\"><em>Goril\u00ed hn\u00edzdo nad Vizovicemi, ve\u010der jsme si op\u00e9kali p\u00e1re\u010dky.<\/em><\/div><\/div><div class=\"sgb-item\"><a href=\"https:\/\/www.cykloromantika.cz\/foto-1998-01-04\/\" target=\"_blank\"><img decoding=\"async\" alt=\"\" width=\"300\" height=\"208\" loading=\"lazy\" src=\"https:\/\/www.cykloromantika.cz\/wp-content\/uploads\/2022\/01\/foto-1998-01-04-300x208.jpg\" srcset=\"https:\/\/www.cykloromantika.cz\/wp-content\/uploads\/2022\/01\/foto-1998-01-04-300x208.jpg 300w,https:\/\/www.cykloromantika.cz\/wp-content\/uploads\/2022\/01\/foto-1998-01-04.jpg 800w\" sizes=\"auto, 250px\"\/><\/a><div class=\"sgb-item-caption\"><em>Ve\u010der jsme op\u00e9kali nad Vizovicemi p\u00e1re\u010dky.:)<\/em><\/div><\/div><div class=\"sgb-item\"><a href=\"https:\/\/www.cykloromantika.cz\/foto-1998-01-05\/\" target=\"_blank\"><img decoding=\"async\" alt=\"\" width=\"300\" height=\"207\" loading=\"lazy\" src=\"https:\/\/www.cykloromantika.cz\/wp-content\/uploads\/2022\/01\/foto-1998-01-05-300x207.jpg\" srcset=\"https:\/\/www.cykloromantika.cz\/wp-content\/uploads\/2022\/01\/foto-1998-01-05-300x207.jpg 300w,https:\/\/www.cykloromantika.cz\/wp-content\/uploads\/2022\/01\/foto-1998-01-05.jpg 800w\" sizes=\"auto, 250px\"\/><\/a><div class=\"sgb-item-caption\"><em>Tolik energie, slun\u00ed\u010dka, historie\u2026 jen se un\u00e1\u0161et.:)<\/em><\/div><\/div><div class=\"sgb-item\"><a href=\"https:\/\/www.cykloromantika.cz\/foto-1998-01-06\/\" target=\"_blank\"><img decoding=\"async\" alt=\"\" width=\"300\" height=\"207\" loading=\"lazy\" src=\"https:\/\/www.cykloromantika.cz\/wp-content\/uploads\/2022\/01\/foto-1998-01-06-300x207.jpg\" srcset=\"https:\/\/www.cykloromantika.cz\/wp-content\/uploads\/2022\/01\/foto-1998-01-06-300x207.jpg 300w,https:\/\/www.cykloromantika.cz\/wp-content\/uploads\/2022\/01\/foto-1998-01-06.jpg 800w\" sizes=\"auto, 250px\"\/><\/a><div class=\"sgb-item-caption\"><em>Slun\u00ed\u010dkem zalit\u00fd vizovick\u00fd z\u00e1mek<\/em><\/div><\/div><div class=\"sgb-item\"><a href=\"https:\/\/www.cykloromantika.cz\/foto-1998-01-07\/\" target=\"_blank\"><img decoding=\"async\" alt=\"\" width=\"300\" height=\"209\" loading=\"lazy\" src=\"https:\/\/www.cykloromantika.cz\/wp-content\/uploads\/2022\/01\/foto-1998-01-07-300x209.jpg\" srcset=\"https:\/\/www.cykloromantika.cz\/wp-content\/uploads\/2022\/01\/foto-1998-01-07-300x209.jpg 300w,https:\/\/www.cykloromantika.cz\/wp-content\/uploads\/2022\/01\/foto-1998-01-07.jpg 800w\" sizes=\"auto, 250px\"\/><\/a><div class=\"sgb-item-caption\"><em>Z\u00e1mek Napajedla, nikde ani stromek, \u017e\u00e1dn\u00fd st\u00edn.:( Ble\u2026 \u017de by \u00fapal?<\/em><\/div><\/div><div class=\"sgb-item\"><a href=\"https:\/\/www.cykloromantika.cz\/foto-1998-01-08\/\" target=\"_blank\"><img decoding=\"async\" alt=\"\" width=\"300\" height=\"207\" loading=\"lazy\" src=\"https:\/\/www.cykloromantika.cz\/wp-content\/uploads\/2022\/01\/foto-1998-01-08-300x207.jpg\" srcset=\"https:\/\/www.cykloromantika.cz\/wp-content\/uploads\/2022\/01\/foto-1998-01-08-300x207.jpg 300w,https:\/\/www.cykloromantika.cz\/wp-content\/uploads\/2022\/01\/foto-1998-01-08.jpg 800w\" sizes=\"auto, 250px\"\/><\/a><div class=\"sgb-item-caption\"><em>Buchlovick\u00fd z\u00e1mek, doporu\u010dujeme nav\u0161t\u00edvit, rozko\u0161n\u00fd<\/em><\/div><\/div><div class=\"sgb-item\"><a href=\"https:\/\/www.cykloromantika.cz\/foto-1998-01-09\/\" target=\"_blank\"><img decoding=\"async\" alt=\"\" width=\"208\" height=\"300\" loading=\"lazy\" src=\"https:\/\/www.cykloromantika.cz\/wp-content\/uploads\/2022\/01\/foto-1998-01-09-208x300.jpg\" srcset=\"https:\/\/www.cykloromantika.cz\/wp-content\/uploads\/2022\/01\/foto-1998-01-09-208x300.jpg 208w,https:\/\/www.cykloromantika.cz\/wp-content\/uploads\/2022\/01\/foto-1998-01-09.jpg 554w\" sizes=\"auto, 250px\"\/><\/a><div class=\"sgb-item-caption\"><em>Buchlovick\u00fd park, radost pro srd\u00ed\u010dko dendrologa Bob\u00edka<\/em><\/div><\/div><div class=\"sgb-item\"><a href=\"https:\/\/www.cykloromantika.cz\/foto-1998-01-10\/\" target=\"_blank\"><img decoding=\"async\" alt=\"\" width=\"300\" height=\"207\" loading=\"lazy\" src=\"https:\/\/www.cykloromantika.cz\/wp-content\/uploads\/2022\/01\/foto-1998-01-10-300x207.jpg\" srcset=\"https:\/\/www.cykloromantika.cz\/wp-content\/uploads\/2022\/01\/foto-1998-01-10-300x207.jpg 300w,https:\/\/www.cykloromantika.cz\/wp-content\/uploads\/2022\/01\/foto-1998-01-10.jpg 800w\" sizes=\"auto, 250px\"\/><\/a><div class=\"sgb-item-caption\"><em>Buchlovick\u00fd chasn\u00edk, zahradn\u00edk nebo socha\u0159? Pep\u00edno p\u0159eci:)<\/em><\/div><\/div><div class=\"sgb-item\"><a href=\"https:\/\/www.cykloromantika.cz\/foto-1998-01-11\/\" target=\"_blank\"><img decoding=\"async\" alt=\"\" width=\"300\" height=\"206\" loading=\"lazy\" src=\"https:\/\/www.cykloromantika.cz\/wp-content\/uploads\/2022\/01\/foto-1998-01-11-300x206.jpg\" srcset=\"https:\/\/www.cykloromantika.cz\/wp-content\/uploads\/2022\/01\/foto-1998-01-11-300x206.jpg 300w,https:\/\/www.cykloromantika.cz\/wp-content\/uploads\/2022\/01\/foto-1998-01-11.jpg 800w\" sizes=\"auto, 250px\"\/><\/a><\/div><div class=\"sgb-item\"><a href=\"https:\/\/www.cykloromantika.cz\/foto-1998-01-12\/\" target=\"_blank\"><img decoding=\"async\" alt=\"\" width=\"300\" height=\"209\" loading=\"lazy\" src=\"https:\/\/www.cykloromantika.cz\/wp-content\/uploads\/2022\/01\/foto-1998-01-12-300x209.jpg\" srcset=\"https:\/\/www.cykloromantika.cz\/wp-content\/uploads\/2022\/01\/foto-1998-01-12-300x209.jpg 300w,https:\/\/www.cykloromantika.cz\/wp-content\/uploads\/2022\/01\/foto-1998-01-12.jpg 800w\" sizes=\"auto, 250px\"\/><\/a><div class=\"sgb-item-caption\"><em>Velehradsk\u00fd komplex jsme nav\u0161t\u00edvili v bermud\u00e1ch.:) Pohor\u0161ovali jsme.:(<\/em><\/div><\/div><div class=\"sgb-item\"><a href=\"https:\/\/www.cykloromantika.cz\/foto-1998-01-13\/\" target=\"_blank\"><img decoding=\"async\" alt=\"\" width=\"300\" height=\"208\" loading=\"lazy\" src=\"https:\/\/www.cykloromantika.cz\/wp-content\/uploads\/2022\/01\/foto-1998-01-13-300x208.jpg\" srcset=\"https:\/\/www.cykloromantika.cz\/wp-content\/uploads\/2022\/01\/foto-1998-01-13-300x208.jpg 300w,https:\/\/www.cykloromantika.cz\/wp-content\/uploads\/2022\/01\/foto-1998-01-13.jpg 800w\" sizes=\"auto, 250px\"\/><\/a><div class=\"sgb-item-caption\"><em>Vinohrady v \u017d\u00e1dovic\u00edch, moc to tady von\u011blo.:)<\/em><\/div><\/div><div class=\"sgb-item\"><a href=\"https:\/\/www.cykloromantika.cz\/foto-1998-01-14\/\" target=\"_blank\"><img decoding=\"async\" alt=\"\" width=\"208\" height=\"300\" loading=\"lazy\" src=\"https:\/\/www.cykloromantika.cz\/wp-content\/uploads\/2022\/01\/foto-1998-01-14-208x300.jpg\" srcset=\"https:\/\/www.cykloromantika.cz\/wp-content\/uploads\/2022\/01\/foto-1998-01-14-208x300.jpg 208w,https:\/\/www.cykloromantika.cz\/wp-content\/uploads\/2022\/01\/foto-1998-01-14.jpg 555w\" sizes=\"auto, 250px\"\/><\/a><div class=\"sgb-item-caption\"><em>Kouzeln\u00e1 babi\u010dka ve vesni\u010dce Mist\u0159\u00edn za Miloticemi<\/em><\/div><\/div><div class=\"sgb-item\"><a href=\"https:\/\/www.cykloromantika.cz\/foto-1998-01-15\/\" target=\"_blank\"><img decoding=\"async\" alt=\"\" width=\"209\" height=\"300\" loading=\"lazy\" src=\"https:\/\/www.cykloromantika.cz\/wp-content\/uploads\/2022\/01\/foto-1998-01-15-209x300.jpg\" srcset=\"https:\/\/www.cykloromantika.cz\/wp-content\/uploads\/2022\/01\/foto-1998-01-15-209x300.jpg 209w,https:\/\/www.cykloromantika.cz\/wp-content\/uploads\/2022\/01\/foto-1998-01-15.jpg 556w\" sizes=\"auto, 250px\"\/><\/a><div class=\"sgb-item-caption\"><em>Tak tady jsme opravdu p\u0159estali b\u00fdt hovorn\u00ed.:) 130 km\u2026 Celkem 158 km.<\/em><\/div><\/div><div class=\"sgb-item\"><a href=\"https:\/\/www.cykloromantika.cz\/foto-1998-01-16\/\" target=\"_blank\"><img decoding=\"async\" alt=\"\" width=\"209\" height=\"300\" loading=\"lazy\" src=\"https:\/\/www.cykloromantika.cz\/wp-content\/uploads\/2022\/01\/foto-1998-01-16-209x300.jpg\" srcset=\"https:\/\/www.cykloromantika.cz\/wp-content\/uploads\/2022\/01\/foto-1998-01-16-209x300.jpg 209w,https:\/\/www.cykloromantika.cz\/wp-content\/uploads\/2022\/01\/foto-1998-01-16.jpg 556w\" sizes=\"auto, 250px\"\/><\/a><div class=\"sgb-item-caption\"><em>Bob\u00edk je z\u0159ejm\u011b vy\u010derp\u00e1n.:) A to dostate\u010dn\u011b.:)<\/em><\/div><\/div><div class=\"sgb-item\"><a href=\"https:\/\/www.cykloromantika.cz\/foto-1998-01-17\/\" target=\"_blank\"><img decoding=\"async\" alt=\"\" width=\"300\" height=\"207\" loading=\"lazy\" src=\"https:\/\/www.cykloromantika.cz\/wp-content\/uploads\/2022\/01\/foto-1998-01-17-300x207.jpg\" srcset=\"https:\/\/www.cykloromantika.cz\/wp-content\/uploads\/2022\/01\/foto-1998-01-17-300x207.jpg 300w,https:\/\/www.cykloromantika.cz\/wp-content\/uploads\/2022\/01\/foto-1998-01-17.jpg 800w\" sizes=\"auto, 250px\"\/><\/a><div class=\"sgb-item-caption\"><em>M\u00e1m dojem, \u017ee se d\u00edv\u00e1te na ml\u00e1d\u011b v\u00fdra velk\u00e9ho.<\/em><\/div><\/div><div class=\"sgb-item\"><a href=\"https:\/\/www.cykloromantika.cz\/foto-1998-01-18\/\" target=\"_blank\"><img decoding=\"async\" alt=\"\" width=\"300\" height=\"207\" loading=\"lazy\" src=\"https:\/\/www.cykloromantika.cz\/wp-content\/uploads\/2022\/01\/foto-1998-01-18-300x207.jpg\" srcset=\"https:\/\/www.cykloromantika.cz\/wp-content\/uploads\/2022\/01\/foto-1998-01-18-300x207.jpg 300w,https:\/\/www.cykloromantika.cz\/wp-content\/uploads\/2022\/01\/foto-1998-01-18.jpg 800w\" sizes=\"auto, 250px\"\/><\/a><div class=\"sgb-item-caption\"><em>L\u00e1ska na prvn\u00ed pohled\u2026 \ud83d\ude42<\/em><\/div><\/div><div class=\"sgb-item\"><a href=\"https:\/\/www.cykloromantika.cz\/foto-1998-01-19\/\" target=\"_blank\"><img decoding=\"async\" alt=\"\" width=\"300\" height=\"206\" loading=\"lazy\" src=\"https:\/\/www.cykloromantika.cz\/wp-content\/uploads\/2022\/01\/foto-1998-01-19-300x206.jpg\" srcset=\"https:\/\/www.cykloromantika.cz\/wp-content\/uploads\/2022\/01\/foto-1998-01-19-300x206.jpg 300w,https:\/\/www.cykloromantika.cz\/wp-content\/uploads\/2022\/01\/foto-1998-01-19.jpg 800w\" sizes=\"auto, 250px\"\/><\/a><div class=\"sgb-item-caption\"><em>Tito alba pro Bob\u00edka, pro ostatn\u00ed sova p\u00e1len\u00e1<\/em><\/div><\/div><div class=\"sgb-item\"><a href=\"https:\/\/www.cykloromantika.cz\/foto-1998-01-20\/\" target=\"_blank\"><img decoding=\"async\" alt=\"\" width=\"300\" height=\"209\" loading=\"lazy\" src=\"https:\/\/www.cykloromantika.cz\/wp-content\/uploads\/2022\/01\/foto-1998-01-20-300x209.jpg\" srcset=\"https:\/\/www.cykloromantika.cz\/wp-content\/uploads\/2022\/01\/foto-1998-01-20-300x209.jpg 300w,https:\/\/www.cykloromantika.cz\/wp-content\/uploads\/2022\/01\/foto-1998-01-20.jpg 800w\" sizes=\"auto, 250px\"\/><\/a><div class=\"sgb-item-caption\"><em>Dravec st\u00edhaj\u00edc\u00ed li\u0161ku, n\u00e1dhern\u00e1 pod\u00edvan\u00e1.<\/em><\/div><\/div><div class=\"sgb-item\"><a href=\"https:\/\/www.cykloromantika.cz\/foto-1998-01-21\/\" target=\"_blank\"><img decoding=\"async\" alt=\"\" width=\"211\" height=\"300\" loading=\"lazy\" src=\"https:\/\/www.cykloromantika.cz\/wp-content\/uploads\/2022\/01\/foto-1998-01-21-211x300.jpg\" srcset=\"https:\/\/www.cykloromantika.cz\/wp-content\/uploads\/2022\/01\/foto-1998-01-21-211x300.jpg 211w,https:\/\/www.cykloromantika.cz\/wp-content\/uploads\/2022\/01\/foto-1998-01-21.jpg 563w\" sizes=\"auto, 250px\"\/><\/a><div class=\"sgb-item-caption\"><em>To je zade\u010dek\u2026 Kde se ve fo\u0165\u00e1ku vzala?:)<\/em><\/div><\/div><div class=\"sgb-item\"><a href=\"https:\/\/www.cykloromantika.cz\/foto-1998-01-22\/\" target=\"_blank\"><img decoding=\"async\" alt=\"\" width=\"300\" height=\"207\" loading=\"lazy\" src=\"https:\/\/www.cykloromantika.cz\/wp-content\/uploads\/2022\/01\/foto-1998-01-22-300x207.jpg\" srcset=\"https:\/\/www.cykloromantika.cz\/wp-content\/uploads\/2022\/01\/foto-1998-01-22-300x207.jpg 300w,https:\/\/www.cykloromantika.cz\/wp-content\/uploads\/2022\/01\/foto-1998-01-22.jpg 800w\" sizes=\"auto, 250px\"\/><\/a><div class=\"sgb-item-caption\"><em>Orel je opravdu majest\u00e1tn\u00fd dravec.<\/em><\/div><\/div><div class=\"sgb-item\"><a href=\"https:\/\/www.cykloromantika.cz\/foto-1998-01-23\/\" target=\"_blank\"><img decoding=\"async\" alt=\"\" width=\"300\" height=\"207\" loading=\"lazy\" src=\"https:\/\/www.cykloromantika.cz\/wp-content\/uploads\/2022\/01\/foto-1998-01-23-300x207.jpg\" srcset=\"https:\/\/www.cykloromantika.cz\/wp-content\/uploads\/2022\/01\/foto-1998-01-23-300x207.jpg 300w,https:\/\/www.cykloromantika.cz\/wp-content\/uploads\/2022\/01\/foto-1998-01-23.jpg 800w\" sizes=\"auto, 250px\"\/><\/a><div class=\"sgb-item-caption\"><em>Lednick\u00fd velmo\u017e nezn\u00e1m\u00e9ho jm\u00e9na<\/em><\/div><\/div><div class=\"sgb-item\"><a href=\"https:\/\/www.cykloromantika.cz\/foto-1998-01-24\/\" target=\"_blank\"><img decoding=\"async\" alt=\"\" width=\"300\" height=\"207\" loading=\"lazy\" src=\"https:\/\/www.cykloromantika.cz\/wp-content\/uploads\/2022\/01\/foto-1998-01-24-300x207.jpg\" srcset=\"https:\/\/www.cykloromantika.cz\/wp-content\/uploads\/2022\/01\/foto-1998-01-24-300x207.jpg 300w,https:\/\/www.cykloromantika.cz\/wp-content\/uploads\/2022\/01\/foto-1998-01-24.jpg 800w\" sizes=\"auto, 250px\"\/><\/a><div class=\"sgb-item-caption\"><em>Rybn\u00ed\u010dek v pozad\u00ed s lednick\u00fdm minaretem<\/em><\/div><\/div><div class=\"sgb-item\"><a href=\"https:\/\/www.cykloromantika.cz\/foto-1998-01-25\/\" target=\"_blank\"><img decoding=\"async\" alt=\"\" width=\"208\" height=\"300\" loading=\"lazy\" src=\"https:\/\/www.cykloromantika.cz\/wp-content\/uploads\/2022\/01\/foto-1998-01-25-208x300.jpg\" srcset=\"https:\/\/www.cykloromantika.cz\/wp-content\/uploads\/2022\/01\/foto-1998-01-25-208x300.jpg 208w,https:\/\/www.cykloromantika.cz\/wp-content\/uploads\/2022\/01\/foto-1998-01-25.jpg 555w\" sizes=\"auto, 250px\"\/><\/a><div class=\"sgb-item-caption\"><em>Valtick\u00fd z\u00e1mek s ochutn\u00e1vkou v\u00edn, m\u0148am:)<\/em><\/div><\/div><div class=\"sgb-item\"><a href=\"https:\/\/www.cykloromantika.cz\/foto-1998-01-26\/\" target=\"_blank\"><img decoding=\"async\" alt=\"\" width=\"209\" height=\"300\" loading=\"lazy\" src=\"https:\/\/www.cykloromantika.cz\/wp-content\/uploads\/2022\/01\/foto-1998-01-26-209x300.jpg\" srcset=\"https:\/\/www.cykloromantika.cz\/wp-content\/uploads\/2022\/01\/foto-1998-01-26-209x300.jpg 209w,https:\/\/www.cykloromantika.cz\/wp-content\/uploads\/2022\/01\/foto-1998-01-26.jpg 558w\" sizes=\"auto, 250px\"\/><\/a><div class=\"sgb-item-caption\"><em>Mikulovsk\u00fd z\u00e1mek, p\u0159ed celkovou rekonstrukc\u00ed<\/em><\/div><\/div><div class=\"sgb-item\"><a href=\"https:\/\/www.cykloromantika.cz\/foto-1998-01-27\/\" target=\"_blank\"><img decoding=\"async\" alt=\"\" width=\"209\" height=\"300\" loading=\"lazy\" src=\"https:\/\/www.cykloromantika.cz\/wp-content\/uploads\/2022\/01\/foto-1998-01-27-209x300.jpg\" srcset=\"https:\/\/www.cykloromantika.cz\/wp-content\/uploads\/2022\/01\/foto-1998-01-27-209x300.jpg 209w,https:\/\/www.cykloromantika.cz\/wp-content\/uploads\/2022\/01\/foto-1998-01-27.jpg 556w\" sizes=\"auto, 250px\"\/><\/a><div class=\"sgb-item-caption\"><em>Mu\u017en\u00e9 t\u011blo mikulovsk\u00e9ho kn\u00ed\u017eete Bob\u00edka I.<\/em><\/div><\/div><div class=\"sgb-item\"><a href=\"https:\/\/www.cykloromantika.cz\/foto-1998-01-28\/\" target=\"_blank\"><img decoding=\"async\" alt=\"\" width=\"300\" height=\"208\" loading=\"lazy\" src=\"https:\/\/www.cykloromantika.cz\/wp-content\/uploads\/2022\/01\/foto-1998-01-28-300x208.jpg\" srcset=\"https:\/\/www.cykloromantika.cz\/wp-content\/uploads\/2022\/01\/foto-1998-01-28-300x208.jpg 300w,https:\/\/www.cykloromantika.cz\/wp-content\/uploads\/2022\/01\/foto-1998-01-28.jpg 800w\" sizes=\"auto, 250px\"\/><\/a><div class=\"sgb-item-caption\"><em>B\u0159eclavsk\u00e1 d\u011bv\u010data, tak hezky vysm\u00e1t\u00e1:)<\/em><\/div><\/div><div class=\"sgb-item\"><a href=\"https:\/\/www.cykloromantika.cz\/foto-1998-01-29\/\" target=\"_blank\"><img decoding=\"async\" alt=\"\" width=\"300\" height=\"208\" loading=\"lazy\" src=\"https:\/\/www.cykloromantika.cz\/wp-content\/uploads\/2022\/01\/foto-1998-01-29-300x208.jpg\" srcset=\"https:\/\/www.cykloromantika.cz\/wp-content\/uploads\/2022\/01\/foto-1998-01-29-300x208.jpg 300w,https:\/\/www.cykloromantika.cz\/wp-content\/uploads\/2022\/01\/foto-1998-01-29.jpg 800w\" sizes=\"auto, 250px\"\/><\/a><div class=\"sgb-item-caption\"><em>V\u0161imn\u011bte si t\u011bch jisker v o\u010d\u00edch.:)<\/em><\/div><\/div><\/div><\/noscript><\/div><script type=\"application\/json\" class=\"sgb-data\">{\"lastRowFill\":true,\"collectionThumbRecomendedHeight\":300,\"collectionThumbMiniScreenScale\":true,\"captionHAlign\":\"bottom\",\"collectionthumbHoverTitleFontSize\":12,\"collectionthumbRoundedCorners\":8,\"collectionthumbHoverTitleTextBgColor\":\"rgba(0,0,0,0.44)\",\"collectionThumbSubMenuShare\":false,\"galleryType\":\"pgc_sgb_justified\",\"galleryId\":\"ad711374\",\"galleryQuery\":null,\"images\":[{\"id\":2559,\"title\":\"Foto 1998 01 01\",\"url\":\"https:\/\/www.cykloromantika.cz\/wp-content\/uploads\/2022\/01\/foto-1998-01-01.jpg\",\"link\":\"https:\/\/www.cykloromantika.cz\/foto-1998-01-01\/\",\"alt\":\"\",\"description\":\"\",\"caption\":\"Bob\u00edk vystoupal lipt\u00e1lsk\u00fd kopec, uf.:)\",\"mime\":\"image\/jpeg\",\"type\":\"image\",\"width\":800,\"height\":551,\"sizes\":{\"thumbnail\":{\"height\":103,\"width\":150,\"url\":\"https:\/\/www.cykloromantika.cz\/wp-content\/uploads\/2022\/01\/foto-1998-01-01-150x103.jpg\",\"orientation\":\"landscape\"},\"medium\":{\"height\":207,\"width\":300,\"url\":\"https:\/\/www.cykloromantika.cz\/wp-content\/uploads\/2022\/01\/foto-1998-01-01-300x207.jpg\",\"orientation\":\"landscape\"},\"full\":{\"url\":\"https:\/\/www.cykloromantika.cz\/wp-content\/uploads\/2022\/01\/foto-1998-01-01.jpg\",\"height\":551,\"width\":800,\"orientation\":\"landscape\"}},\"meta\":false,\"postlink\":\"https:\/\/www.cykloromantika.cz\/foto-1998-01-01\/\"},{\"id\":2560,\"title\":\"Foto 1998 01 02\",\"url\":\"https:\/\/www.cykloromantika.cz\/wp-content\/uploads\/2022\/01\/foto-1998-01-02.jpg\",\"link\":\"https:\/\/www.cykloromantika.cz\/foto-1998-01-02\/\",\"alt\":\"\",\"description\":\"\",\"caption\":\"Nad Vizovicemi\",\"mime\":\"image\/jpeg\",\"type\":\"image\",\"width\":800,\"height\":552,\"sizes\":{\"thumbnail\":{\"height\":104,\"width\":150,\"url\":\"https:\/\/www.cykloromantika.cz\/wp-content\/uploads\/2022\/01\/foto-1998-01-02-150x104.jpg\",\"orientation\":\"landscape\"},\"medium\":{\"height\":207,\"width\":300,\"url\":\"https:\/\/www.cykloromantika.cz\/wp-content\/uploads\/2022\/01\/foto-1998-01-02-300x207.jpg\",\"orientation\":\"landscape\"},\"full\":{\"url\":\"https:\/\/www.cykloromantika.cz\/wp-content\/uploads\/2022\/01\/foto-1998-01-02.jpg\",\"height\":552,\"width\":800,\"orientation\":\"landscape\"}},\"meta\":false,\"postlink\":\"https:\/\/www.cykloromantika.cz\/foto-1998-01-02\/\"},{\"id\":2561,\"title\":\"Foto 1998 01 03\",\"url\":\"https:\/\/www.cykloromantika.cz\/wp-content\/uploads\/2022\/01\/foto-1998-01-03.jpg\",\"link\":\"https:\/\/www.cykloromantika.cz\/foto-1998-01-03\/\",\"alt\":\"\",\"description\":\"\",\"caption\":\"Goril\u00ed hn\u00edzdo nad Vizovicemi, ve\u010der jsme si op\u00e9kali p\u00e1re\u010dky.\",\"mime\":\"image\/jpeg\",\"type\":\"image\",\"width\":800,\"height\":551,\"sizes\":{\"thumbnail\":{\"height\":103,\"width\":150,\"url\":\"https:\/\/www.cykloromantika.cz\/wp-content\/uploads\/2022\/01\/foto-1998-01-03-150x103.jpg\",\"orientation\":\"landscape\"},\"medium\":{\"height\":207,\"width\":300,\"url\":\"https:\/\/www.cykloromantika.cz\/wp-content\/uploads\/2022\/01\/foto-1998-01-03-300x207.jpg\",\"orientation\":\"landscape\"},\"full\":{\"url\":\"https:\/\/www.cykloromantika.cz\/wp-content\/uploads\/2022\/01\/foto-1998-01-03.jpg\",\"height\":551,\"width\":800,\"orientation\":\"landscape\"}},\"meta\":false,\"postlink\":\"https:\/\/www.cykloromantika.cz\/foto-1998-01-03\/\"},{\"id\":2562,\"title\":\"Foto 1998 01 04\",\"url\":\"https:\/\/www.cykloromantika.cz\/wp-content\/uploads\/2022\/01\/foto-1998-01-04.jpg\",\"link\":\"https:\/\/www.cykloromantika.cz\/foto-1998-01-04\/\",\"alt\":\"\",\"description\":\"\",\"caption\":\"Ve\u010der jsme op\u00e9kali nad Vizovicemi p\u00e1re\u010dky.:)\",\"mime\":\"image\/jpeg\",\"type\":\"image\",\"width\":800,\"height\":555,\"sizes\":{\"thumbnail\":{\"height\":104,\"width\":150,\"url\":\"https:\/\/www.cykloromantika.cz\/wp-content\/uploads\/2022\/01\/foto-1998-01-04-150x104.jpg\",\"orientation\":\"landscape\"},\"medium\":{\"height\":208,\"width\":300,\"url\":\"https:\/\/www.cykloromantika.cz\/wp-content\/uploads\/2022\/01\/foto-1998-01-04-300x208.jpg\",\"orientation\":\"landscape\"},\"full\":{\"url\":\"https:\/\/www.cykloromantika.cz\/wp-content\/uploads\/2022\/01\/foto-1998-01-04.jpg\",\"height\":555,\"width\":800,\"orientation\":\"landscape\"}},\"meta\":false,\"postlink\":\"https:\/\/www.cykloromantika.cz\/foto-1998-01-04\/\"},{\"id\":2563,\"title\":\"Foto 1998 01 05\",\"url\":\"https:\/\/www.cykloromantika.cz\/wp-content\/uploads\/2022\/01\/foto-1998-01-05.jpg\",\"link\":\"https:\/\/www.cykloromantika.cz\/foto-1998-01-05\/\",\"alt\":\"\",\"description\":\"\",\"caption\":\"Tolik energie, slun\u00ed\u010dka, historie\u2026 jen se un\u00e1\u0161et.:)\",\"mime\":\"image\/jpeg\",\"type\":\"image\",\"width\":800,\"height\":551,\"sizes\":{\"thumbnail\":{\"height\":103,\"width\":150,\"url\":\"https:\/\/www.cykloromantika.cz\/wp-content\/uploads\/2022\/01\/foto-1998-01-05-150x103.jpg\",\"orientation\":\"landscape\"},\"medium\":{\"height\":207,\"width\":300,\"url\":\"https:\/\/www.cykloromantika.cz\/wp-content\/uploads\/2022\/01\/foto-1998-01-05-300x207.jpg\",\"orientation\":\"landscape\"},\"full\":{\"url\":\"https:\/\/www.cykloromantika.cz\/wp-content\/uploads\/2022\/01\/foto-1998-01-05.jpg\",\"height\":551,\"width\":800,\"orientation\":\"landscape\"}},\"meta\":false,\"postlink\":\"https:\/\/www.cykloromantika.cz\/foto-1998-01-05\/\"},{\"id\":2564,\"title\":\"Foto 1998 01 06\",\"url\":\"https:\/\/www.cykloromantika.cz\/wp-content\/uploads\/2022\/01\/foto-1998-01-06.jpg\",\"link\":\"https:\/\/www.cykloromantika.cz\/foto-1998-01-06\/\",\"alt\":\"\",\"description\":\"\",\"caption\":\"Slun\u00ed\u010dkem zalit\u00fd vizovick\u00fd z\u00e1mek\",\"mime\":\"image\/jpeg\",\"type\":\"image\",\"width\":800,\"height\":553,\"sizes\":{\"thumbnail\":{\"height\":104,\"width\":150,\"url\":\"https:\/\/www.cykloromantika.cz\/wp-content\/uploads\/2022\/01\/foto-1998-01-06-150x104.jpg\",\"orientation\":\"landscape\"},\"medium\":{\"height\":207,\"width\":300,\"url\":\"https:\/\/www.cykloromantika.cz\/wp-content\/uploads\/2022\/01\/foto-1998-01-06-300x207.jpg\",\"orientation\":\"landscape\"},\"full\":{\"url\":\"https:\/\/www.cykloromantika.cz\/wp-content\/uploads\/2022\/01\/foto-1998-01-06.jpg\",\"height\":553,\"width\":800,\"orientation\":\"landscape\"}},\"meta\":false,\"postlink\":\"https:\/\/www.cykloromantika.cz\/foto-1998-01-06\/\"},{\"id\":2565,\"title\":\"Foto 1998 01 07\",\"url\":\"https:\/\/www.cykloromantika.cz\/wp-content\/uploads\/2022\/01\/foto-1998-01-07.jpg\",\"link\":\"https:\/\/www.cykloromantika.cz\/foto-1998-01-07\/\",\"alt\":\"\",\"description\":\"\",\"caption\":\"Z\u00e1mek Napajedla, nikde ani stromek, \u017e\u00e1dn\u00fd st\u00edn.:( Ble\u2026 \u017de by \u00fapal?\",\"mime\":\"image\/jpeg\",\"type\":\"image\",\"width\":800,\"height\":557,\"sizes\":{\"thumbnail\":{\"height\":104,\"width\":150,\"url\":\"https:\/\/www.cykloromantika.cz\/wp-content\/uploads\/2022\/01\/foto-1998-01-07-150x104.jpg\",\"orientation\":\"landscape\"},\"medium\":{\"height\":209,\"width\":300,\"url\":\"https:\/\/www.cykloromantika.cz\/wp-content\/uploads\/2022\/01\/foto-1998-01-07-300x209.jpg\",\"orientation\":\"landscape\"},\"full\":{\"url\":\"https:\/\/www.cykloromantika.cz\/wp-content\/uploads\/2022\/01\/foto-1998-01-07.jpg\",\"height\":557,\"width\":800,\"orientation\":\"landscape\"}},\"meta\":false,\"postlink\":\"https:\/\/www.cykloromantika.cz\/foto-1998-01-07\/\"},{\"id\":2566,\"title\":\"Foto 1998 01 08\",\"url\":\"https:\/\/www.cykloromantika.cz\/wp-content\/uploads\/2022\/01\/foto-1998-01-08.jpg\",\"link\":\"https:\/\/www.cykloromantika.cz\/foto-1998-01-08\/\",\"alt\":\"\",\"description\":\"\",\"caption\":\"Buchlovick\u00fd z\u00e1mek, doporu\u010dujeme nav\u0161t\u00edvit, rozko\u0161n\u00fd\",\"mime\":\"image\/jpeg\",\"type\":\"image\",\"width\":800,\"height\":552,\"sizes\":{\"thumbnail\":{\"height\":104,\"width\":150,\"url\":\"https:\/\/www.cykloromantika.cz\/wp-content\/uploads\/2022\/01\/foto-1998-01-08-150x104.jpg\",\"orientation\":\"landscape\"},\"medium\":{\"height\":207,\"width\":300,\"url\":\"https:\/\/www.cykloromantika.cz\/wp-content\/uploads\/2022\/01\/foto-1998-01-08-300x207.jpg\",\"orientation\":\"landscape\"},\"full\":{\"url\":\"https:\/\/www.cykloromantika.cz\/wp-content\/uploads\/2022\/01\/foto-1998-01-08.jpg\",\"height\":552,\"width\":800,\"orientation\":\"landscape\"}},\"meta\":false,\"postlink\":\"https:\/\/www.cykloromantika.cz\/foto-1998-01-08\/\"},{\"id\":2567,\"title\":\"Foto 1998 01 09\",\"url\":\"https:\/\/www.cykloromantika.cz\/wp-content\/uploads\/2022\/01\/foto-1998-01-09.jpg\",\"link\":\"https:\/\/www.cykloromantika.cz\/foto-1998-01-09\/\",\"alt\":\"\",\"description\":\"\",\"caption\":\"Buchlovick\u00fd park, radost pro srd\u00ed\u010dko dendrologa Bob\u00edka\",\"mime\":\"image\/jpeg\",\"type\":\"image\",\"width\":554,\"height\":800,\"sizes\":{\"thumbnail\":{\"height\":150,\"width\":104,\"url\":\"https:\/\/www.cykloromantika.cz\/wp-content\/uploads\/2022\/01\/foto-1998-01-09-104x150.jpg\",\"orientation\":\"portrait\"},\"medium\":{\"height\":300,\"width\":208,\"url\":\"https:\/\/www.cykloromantika.cz\/wp-content\/uploads\/2022\/01\/foto-1998-01-09-208x300.jpg\",\"orientation\":\"portrait\"},\"full\":{\"url\":\"https:\/\/www.cykloromantika.cz\/wp-content\/uploads\/2022\/01\/foto-1998-01-09.jpg\",\"height\":800,\"width\":554,\"orientation\":\"portrait\"}},\"meta\":false,\"postlink\":\"https:\/\/www.cykloromantika.cz\/foto-1998-01-09\/\"},{\"id\":2568,\"title\":\"Foto 1998 01 10\",\"url\":\"https:\/\/www.cykloromantika.cz\/wp-content\/uploads\/2022\/01\/foto-1998-01-10.jpg\",\"link\":\"https:\/\/www.cykloromantika.cz\/foto-1998-01-10\/\",\"alt\":\"\",\"description\":\"\",\"caption\":\"Buchlovick\u00fd chasn\u00edk, zahradn\u00edk nebo socha\u0159? Pep\u00edno p\u0159eci:)\",\"mime\":\"image\/jpeg\",\"type\":\"image\",\"width\":800,\"height\":552,\"sizes\":{\"thumbnail\":{\"height\":104,\"width\":150,\"url\":\"https:\/\/www.cykloromantika.cz\/wp-content\/uploads\/2022\/01\/foto-1998-01-10-150x104.jpg\",\"orientation\":\"landscape\"},\"medium\":{\"height\":207,\"width\":300,\"url\":\"https:\/\/www.cykloromantika.cz\/wp-content\/uploads\/2022\/01\/foto-1998-01-10-300x207.jpg\",\"orientation\":\"landscape\"},\"full\":{\"url\":\"https:\/\/www.cykloromantika.cz\/wp-content\/uploads\/2022\/01\/foto-1998-01-10.jpg\",\"height\":552,\"width\":800,\"orientation\":\"landscape\"}},\"meta\":false,\"postlink\":\"https:\/\/www.cykloromantika.cz\/foto-1998-01-10\/\"},{\"id\":2569,\"title\":\"Foto 1998 01 11\",\"url\":\"https:\/\/www.cykloromantika.cz\/wp-content\/uploads\/2022\/01\/foto-1998-01-11.jpg\",\"link\":\"https:\/\/www.cykloromantika.cz\/foto-1998-01-11\/\",\"alt\":\"\",\"description\":\"\",\"caption\":\"\",\"mime\":\"image\/jpeg\",\"type\":\"image\",\"width\":800,\"height\":550,\"sizes\":{\"thumbnail\":{\"height\":103,\"width\":150,\"url\":\"https:\/\/www.cykloromantika.cz\/wp-content\/uploads\/2022\/01\/foto-1998-01-11-150x103.jpg\",\"orientation\":\"landscape\"},\"medium\":{\"height\":206,\"width\":300,\"url\":\"https:\/\/www.cykloromantika.cz\/wp-content\/uploads\/2022\/01\/foto-1998-01-11-300x206.jpg\",\"orientation\":\"landscape\"},\"full\":{\"url\":\"https:\/\/www.cykloromantika.cz\/wp-content\/uploads\/2022\/01\/foto-1998-01-11.jpg\",\"height\":550,\"width\":800,\"orientation\":\"landscape\"}},\"meta\":false,\"postlink\":\"https:\/\/www.cykloromantika.cz\/foto-1998-01-11\/\"},{\"id\":2570,\"title\":\"Foto 1998 01 12\",\"url\":\"https:\/\/www.cykloromantika.cz\/wp-content\/uploads\/2022\/01\/foto-1998-01-12.jpg\",\"link\":\"https:\/\/www.cykloromantika.cz\/foto-1998-01-12\/\",\"alt\":\"\",\"description\":\"\",\"caption\":\"Velehradsk\u00fd komplex jsme nav\u0161t\u00edvili v bermud\u00e1ch.:) Pohor\u0161ovali jsme.:(\",\"mime\":\"image\/jpeg\",\"type\":\"image\",\"width\":800,\"height\":558,\"sizes\":{\"thumbnail\":{\"height\":105,\"width\":150,\"url\":\"https:\/\/www.cykloromantika.cz\/wp-content\/uploads\/2022\/01\/foto-1998-01-12-150x105.jpg\",\"orientation\":\"landscape\"},\"medium\":{\"height\":209,\"width\":300,\"url\":\"https:\/\/www.cykloromantika.cz\/wp-content\/uploads\/2022\/01\/foto-1998-01-12-300x209.jpg\",\"orientation\":\"landscape\"},\"full\":{\"url\":\"https:\/\/www.cykloromantika.cz\/wp-content\/uploads\/2022\/01\/foto-1998-01-12.jpg\",\"height\":558,\"width\":800,\"orientation\":\"landscape\"}},\"meta\":false,\"postlink\":\"https:\/\/www.cykloromantika.cz\/foto-1998-01-12\/\"},{\"id\":2571,\"title\":\"Foto 1998 01 13\",\"url\":\"https:\/\/www.cykloromantika.cz\/wp-content\/uploads\/2022\/01\/foto-1998-01-13.jpg\",\"link\":\"https:\/\/www.cykloromantika.cz\/foto-1998-01-13\/\",\"alt\":\"\",\"description\":\"\",\"caption\":\"Vinohrady v \u017d\u00e1dovic\u00edch, moc to tady von\u011blo.:)\",\"mime\":\"image\/jpeg\",\"type\":\"image\",\"width\":800,\"height\":555,\"sizes\":{\"thumbnail\":{\"height\":104,\"width\":150,\"url\":\"https:\/\/www.cykloromantika.cz\/wp-content\/uploads\/2022\/01\/foto-1998-01-13-150x104.jpg\",\"orientation\":\"landscape\"},\"medium\":{\"height\":208,\"width\":300,\"url\":\"https:\/\/www.cykloromantika.cz\/wp-content\/uploads\/2022\/01\/foto-1998-01-13-300x208.jpg\",\"orientation\":\"landscape\"},\"full\":{\"url\":\"https:\/\/www.cykloromantika.cz\/wp-content\/uploads\/2022\/01\/foto-1998-01-13.jpg\",\"height\":555,\"width\":800,\"orientation\":\"landscape\"}},\"meta\":false,\"postlink\":\"https:\/\/www.cykloromantika.cz\/foto-1998-01-13\/\"},{\"id\":2572,\"title\":\"Foto 1998 01 14\",\"url\":\"https:\/\/www.cykloromantika.cz\/wp-content\/uploads\/2022\/01\/foto-1998-01-14.jpg\",\"link\":\"https:\/\/www.cykloromantika.cz\/foto-1998-01-14\/\",\"alt\":\"\",\"description\":\"\",\"caption\":\"Kouzeln\u00e1 babi\u010dka ve vesni\u010dce Mist\u0159\u00edn za Miloticemi\",\"mime\":\"image\/jpeg\",\"type\":\"image\",\"width\":555,\"height\":800,\"sizes\":{\"thumbnail\":{\"height\":150,\"width\":104,\"url\":\"https:\/\/www.cykloromantika.cz\/wp-content\/uploads\/2022\/01\/foto-1998-01-14-104x150.jpg\",\"orientation\":\"portrait\"},\"medium\":{\"height\":300,\"width\":208,\"url\":\"https:\/\/www.cykloromantika.cz\/wp-content\/uploads\/2022\/01\/foto-1998-01-14-208x300.jpg\",\"orientation\":\"portrait\"},\"full\":{\"url\":\"https:\/\/www.cykloromantika.cz\/wp-content\/uploads\/2022\/01\/foto-1998-01-14.jpg\",\"height\":800,\"width\":555,\"orientation\":\"portrait\"}},\"meta\":false,\"postlink\":\"https:\/\/www.cykloromantika.cz\/foto-1998-01-14\/\"},{\"id\":2573,\"title\":\"Foto 1998 01 15\",\"url\":\"https:\/\/www.cykloromantika.cz\/wp-content\/uploads\/2022\/01\/foto-1998-01-15.jpg\",\"link\":\"https:\/\/www.cykloromantika.cz\/foto-1998-01-15\/\",\"alt\":\"\",\"description\":\"\",\"caption\":\"Tak tady jsme opravdu p\u0159estali b\u00fdt hovorn\u00ed.:) 130 km\u2026 Celkem 158 km.\",\"mime\":\"image\/jpeg\",\"type\":\"image\",\"width\":556,\"height\":800,\"sizes\":{\"thumbnail\":{\"height\":150,\"width\":104,\"url\":\"https:\/\/www.cykloromantika.cz\/wp-content\/uploads\/2022\/01\/foto-1998-01-15-104x150.jpg\",\"orientation\":\"portrait\"},\"medium\":{\"height\":300,\"width\":209,\"url\":\"https:\/\/www.cykloromantika.cz\/wp-content\/uploads\/2022\/01\/foto-1998-01-15-209x300.jpg\",\"orientation\":\"portrait\"},\"full\":{\"url\":\"https:\/\/www.cykloromantika.cz\/wp-content\/uploads\/2022\/01\/foto-1998-01-15.jpg\",\"height\":800,\"width\":556,\"orientation\":\"portrait\"}},\"meta\":false,\"postlink\":\"https:\/\/www.cykloromantika.cz\/foto-1998-01-15\/\"},{\"id\":2574,\"title\":\"Foto 1998 01 16\",\"url\":\"https:\/\/www.cykloromantika.cz\/wp-content\/uploads\/2022\/01\/foto-1998-01-16.jpg\",\"link\":\"https:\/\/www.cykloromantika.cz\/foto-1998-01-16\/\",\"alt\":\"\",\"description\":\"\",\"caption\":\"Bob\u00edk je z\u0159ejm\u011b vy\u010derp\u00e1n.:) A to dostate\u010dn\u011b.:)\",\"mime\":\"image\/jpeg\",\"type\":\"image\",\"width\":556,\"height\":800,\"sizes\":{\"thumbnail\":{\"height\":150,\"width\":104,\"url\":\"https:\/\/www.cykloromantika.cz\/wp-content\/uploads\/2022\/01\/foto-1998-01-16-104x150.jpg\",\"orientation\":\"portrait\"},\"medium\":{\"height\":300,\"width\":209,\"url\":\"https:\/\/www.cykloromantika.cz\/wp-content\/uploads\/2022\/01\/foto-1998-01-16-209x300.jpg\",\"orientation\":\"portrait\"},\"full\":{\"url\":\"https:\/\/www.cykloromantika.cz\/wp-content\/uploads\/2022\/01\/foto-1998-01-16.jpg\",\"height\":800,\"width\":556,\"orientation\":\"portrait\"}},\"meta\":false,\"postlink\":\"https:\/\/www.cykloromantika.cz\/foto-1998-01-16\/\"},{\"id\":2575,\"title\":\"Foto 1998 01 17\",\"url\":\"https:\/\/www.cykloromantika.cz\/wp-content\/uploads\/2022\/01\/foto-1998-01-17.jpg\",\"link\":\"https:\/\/www.cykloromantika.cz\/foto-1998-01-17\/\",\"alt\":\"\",\"description\":\"\",\"caption\":\"M\u00e1m dojem, \u017ee se d\u00edv\u00e1te na ml\u00e1d\u011b v\u00fdra velk\u00e9ho.\",\"mime\":\"image\/jpeg\",\"type\":\"image\",\"width\":800,\"height\":551,\"sizes\":{\"thumbnail\":{\"height\":103,\"width\":150,\"url\":\"https:\/\/www.cykloromantika.cz\/wp-content\/uploads\/2022\/01\/foto-1998-01-17-150x103.jpg\",\"orientation\":\"landscape\"},\"medium\":{\"height\":207,\"width\":300,\"url\":\"https:\/\/www.cykloromantika.cz\/wp-content\/uploads\/2022\/01\/foto-1998-01-17-300x207.jpg\",\"orientation\":\"landscape\"},\"full\":{\"url\":\"https:\/\/www.cykloromantika.cz\/wp-content\/uploads\/2022\/01\/foto-1998-01-17.jpg\",\"height\":551,\"width\":800,\"orientation\":\"landscape\"}},\"meta\":false,\"postlink\":\"https:\/\/www.cykloromantika.cz\/foto-1998-01-17\/\"},{\"id\":2576,\"title\":\"Foto 1998 01 18\",\"url\":\"https:\/\/www.cykloromantika.cz\/wp-content\/uploads\/2022\/01\/foto-1998-01-18.jpg\",\"link\":\"https:\/\/www.cykloromantika.cz\/foto-1998-01-18\/\",\"alt\":\"\",\"description\":\"\",\"caption\":\"L\u00e1ska na prvn\u00ed pohled\u2026 :)\",\"mime\":\"image\/jpeg\",\"type\":\"image\",\"width\":800,\"height\":552,\"sizes\":{\"thumbnail\":{\"height\":104,\"width\":150,\"url\":\"https:\/\/www.cykloromantika.cz\/wp-content\/uploads\/2022\/01\/foto-1998-01-18-150x104.jpg\",\"orientation\":\"landscape\"},\"medium\":{\"height\":207,\"width\":300,\"url\":\"https:\/\/www.cykloromantika.cz\/wp-content\/uploads\/2022\/01\/foto-1998-01-18-300x207.jpg\",\"orientation\":\"landscape\"},\"full\":{\"url\":\"https:\/\/www.cykloromantika.cz\/wp-content\/uploads\/2022\/01\/foto-1998-01-18.jpg\",\"height\":552,\"width\":800,\"orientation\":\"landscape\"}},\"meta\":false,\"postlink\":\"https:\/\/www.cykloromantika.cz\/foto-1998-01-18\/\"},{\"id\":2577,\"title\":\"Foto 1998 01 19\",\"url\":\"https:\/\/www.cykloromantika.cz\/wp-content\/uploads\/2022\/01\/foto-1998-01-19.jpg\",\"link\":\"https:\/\/www.cykloromantika.cz\/foto-1998-01-19\/\",\"alt\":\"\",\"description\":\"\",\"caption\":\"Tito alba pro Bob\u00edka, pro ostatn\u00ed sova p\u00e1len\u00e1\",\"mime\":\"image\/jpeg\",\"type\":\"image\",\"width\":800,\"height\":550,\"sizes\":{\"thumbnail\":{\"height\":103,\"width\":150,\"url\":\"https:\/\/www.cykloromantika.cz\/wp-content\/uploads\/2022\/01\/foto-1998-01-19-150x103.jpg\",\"orientation\":\"landscape\"},\"medium\":{\"height\":206,\"width\":300,\"url\":\"https:\/\/www.cykloromantika.cz\/wp-content\/uploads\/2022\/01\/foto-1998-01-19-300x206.jpg\",\"orientation\":\"landscape\"},\"full\":{\"url\":\"https:\/\/www.cykloromantika.cz\/wp-content\/uploads\/2022\/01\/foto-1998-01-19.jpg\",\"height\":550,\"width\":800,\"orientation\":\"landscape\"}},\"meta\":false,\"postlink\":\"https:\/\/www.cykloromantika.cz\/foto-1998-01-19\/\"},{\"id\":2578,\"title\":\"Foto 1998 01 20\",\"url\":\"https:\/\/www.cykloromantika.cz\/wp-content\/uploads\/2022\/01\/foto-1998-01-20.jpg\",\"link\":\"https:\/\/www.cykloromantika.cz\/foto-1998-01-20\/\",\"alt\":\"\",\"description\":\"\",\"caption\":\"Dravec st\u00edhaj\u00edc\u00ed li\u0161ku, n\u00e1dhern\u00e1 pod\u00edvan\u00e1.\",\"mime\":\"image\/jpeg\",\"type\":\"image\",\"width\":800,\"height\":557,\"sizes\":{\"thumbnail\":{\"height\":104,\"width\":150,\"url\":\"https:\/\/www.cykloromantika.cz\/wp-content\/uploads\/2022\/01\/foto-1998-01-20-150x104.jpg\",\"orientation\":\"landscape\"},\"medium\":{\"height\":209,\"width\":300,\"url\":\"https:\/\/www.cykloromantika.cz\/wp-content\/uploads\/2022\/01\/foto-1998-01-20-300x209.jpg\",\"orientation\":\"landscape\"},\"full\":{\"url\":\"https:\/\/www.cykloromantika.cz\/wp-content\/uploads\/2022\/01\/foto-1998-01-20.jpg\",\"height\":557,\"width\":800,\"orientation\":\"landscape\"}},\"meta\":false,\"postlink\":\"https:\/\/www.cykloromantika.cz\/foto-1998-01-20\/\"},{\"id\":2579,\"title\":\"Foto 1998 01 21\",\"url\":\"https:\/\/www.cykloromantika.cz\/wp-content\/uploads\/2022\/01\/foto-1998-01-21.jpg\",\"link\":\"https:\/\/www.cykloromantika.cz\/foto-1998-01-21\/\",\"alt\":\"\",\"description\":\"\",\"caption\":\"To je zade\u010dek\u2026 Kde se ve fo\u0165\u00e1ku vzala?:)\",\"mime\":\"image\/jpeg\",\"type\":\"image\",\"width\":563,\"height\":800,\"sizes\":{\"thumbnail\":{\"height\":150,\"width\":106,\"url\":\"https:\/\/www.cykloromantika.cz\/wp-content\/uploads\/2022\/01\/foto-1998-01-21-106x150.jpg\",\"orientation\":\"portrait\"},\"medium\":{\"height\":300,\"width\":211,\"url\":\"https:\/\/www.cykloromantika.cz\/wp-content\/uploads\/2022\/01\/foto-1998-01-21-211x300.jpg\",\"orientation\":\"portrait\"},\"full\":{\"url\":\"https:\/\/www.cykloromantika.cz\/wp-content\/uploads\/2022\/01\/foto-1998-01-21.jpg\",\"height\":800,\"width\":563,\"orientation\":\"portrait\"}},\"meta\":false,\"postlink\":\"https:\/\/www.cykloromantika.cz\/foto-1998-01-21\/\"},{\"id\":2580,\"title\":\"Foto 1998 01 22\",\"url\":\"https:\/\/www.cykloromantika.cz\/wp-content\/uploads\/2022\/01\/foto-1998-01-22.jpg\",\"link\":\"https:\/\/www.cykloromantika.cz\/foto-1998-01-22\/\",\"alt\":\"\",\"description\":\"\",\"caption\":\"Orel je opravdu majest\u00e1tn\u00fd dravec.\",\"mime\":\"image\/jpeg\",\"type\":\"image\",\"width\":800,\"height\":551,\"sizes\":{\"thumbnail\":{\"height\":103,\"width\":150,\"url\":\"https:\/\/www.cykloromantika.cz\/wp-content\/uploads\/2022\/01\/foto-1998-01-22-150x103.jpg\",\"orientation\":\"landscape\"},\"medium\":{\"height\":207,\"width\":300,\"url\":\"https:\/\/www.cykloromantika.cz\/wp-content\/uploads\/2022\/01\/foto-1998-01-22-300x207.jpg\",\"orientation\":\"landscape\"},\"full\":{\"url\":\"https:\/\/www.cykloromantika.cz\/wp-content\/uploads\/2022\/01\/foto-1998-01-22.jpg\",\"height\":551,\"width\":800,\"orientation\":\"landscape\"}},\"meta\":false,\"postlink\":\"https:\/\/www.cykloromantika.cz\/foto-1998-01-22\/\"},{\"id\":2581,\"title\":\"Foto 1998 01 23\",\"url\":\"https:\/\/www.cykloromantika.cz\/wp-content\/uploads\/2022\/01\/foto-1998-01-23.jpg\",\"link\":\"https:\/\/www.cykloromantika.cz\/foto-1998-01-23\/\",\"alt\":\"\",\"description\":\"\",\"caption\":\"Lednick\u00fd velmo\u017e nezn\u00e1m\u00e9ho jm\u00e9na\",\"mime\":\"image\/jpeg\",\"type\":\"image\",\"width\":800,\"height\":551,\"sizes\":{\"thumbnail\":{\"height\":103,\"width\":150,\"url\":\"https:\/\/www.cykloromantika.cz\/wp-content\/uploads\/2022\/01\/foto-1998-01-23-150x103.jpg\",\"orientation\":\"landscape\"},\"medium\":{\"height\":207,\"width\":300,\"url\":\"https:\/\/www.cykloromantika.cz\/wp-content\/uploads\/2022\/01\/foto-1998-01-23-300x207.jpg\",\"orientation\":\"landscape\"},\"full\":{\"url\":\"https:\/\/www.cykloromantika.cz\/wp-content\/uploads\/2022\/01\/foto-1998-01-23.jpg\",\"height\":551,\"width\":800,\"orientation\":\"landscape\"}},\"meta\":false,\"postlink\":\"https:\/\/www.cykloromantika.cz\/foto-1998-01-23\/\"},{\"id\":2582,\"title\":\"Foto 1998 01 24\",\"url\":\"https:\/\/www.cykloromantika.cz\/wp-content\/uploads\/2022\/01\/foto-1998-01-24.jpg\",\"link\":\"https:\/\/www.cykloromantika.cz\/foto-1998-01-24\/\",\"alt\":\"\",\"description\":\"\",\"caption\":\"Rybn\u00ed\u010dek v pozad\u00ed s lednick\u00fdm minaretem\",\"mime\":\"image\/jpeg\",\"type\":\"image\",\"width\":800,\"height\":552,\"sizes\":{\"thumbnail\":{\"height\":104,\"width\":150,\"url\":\"https:\/\/www.cykloromantika.cz\/wp-content\/uploads\/2022\/01\/foto-1998-01-24-150x104.jpg\",\"orientation\":\"landscape\"},\"medium\":{\"height\":207,\"width\":300,\"url\":\"https:\/\/www.cykloromantika.cz\/wp-content\/uploads\/2022\/01\/foto-1998-01-24-300x207.jpg\",\"orientation\":\"landscape\"},\"full\":{\"url\":\"https:\/\/www.cykloromantika.cz\/wp-content\/uploads\/2022\/01\/foto-1998-01-24.jpg\",\"height\":552,\"width\":800,\"orientation\":\"landscape\"}},\"meta\":false,\"postlink\":\"https:\/\/www.cykloromantika.cz\/foto-1998-01-24\/\"},{\"id\":2583,\"title\":\"Foto 1998 01 25\",\"url\":\"https:\/\/www.cykloromantika.cz\/wp-content\/uploads\/2022\/01\/foto-1998-01-25.jpg\",\"link\":\"https:\/\/www.cykloromantika.cz\/foto-1998-01-25\/\",\"alt\":\"\",\"description\":\"\",\"caption\":\"Valtick\u00fd z\u00e1mek s ochutn\u00e1vkou v\u00edn, m\u0148am:)\",\"mime\":\"image\/jpeg\",\"type\":\"image\",\"width\":555,\"height\":800,\"sizes\":{\"thumbnail\":{\"height\":150,\"width\":104,\"url\":\"https:\/\/www.cykloromantika.cz\/wp-content\/uploads\/2022\/01\/foto-1998-01-25-104x150.jpg\",\"orientation\":\"portrait\"},\"medium\":{\"height\":300,\"width\":208,\"url\":\"https:\/\/www.cykloromantika.cz\/wp-content\/uploads\/2022\/01\/foto-1998-01-25-208x300.jpg\",\"orientation\":\"portrait\"},\"full\":{\"url\":\"https:\/\/www.cykloromantika.cz\/wp-content\/uploads\/2022\/01\/foto-1998-01-25.jpg\",\"height\":800,\"width\":555,\"orientation\":\"portrait\"}},\"meta\":false,\"postlink\":\"https:\/\/www.cykloromantika.cz\/foto-1998-01-25\/\"},{\"id\":2584,\"title\":\"Foto 1998 01 26\",\"url\":\"https:\/\/www.cykloromantika.cz\/wp-content\/uploads\/2022\/01\/foto-1998-01-26.jpg\",\"link\":\"https:\/\/www.cykloromantika.cz\/foto-1998-01-26\/\",\"alt\":\"\",\"description\":\"\",\"caption\":\"Mikulovsk\u00fd z\u00e1mek, p\u0159ed celkovou rekonstrukc\u00ed\",\"mime\":\"image\/jpeg\",\"type\":\"image\",\"width\":558,\"height\":800,\"sizes\":{\"thumbnail\":{\"height\":150,\"width\":105,\"url\":\"https:\/\/www.cykloromantika.cz\/wp-content\/uploads\/2022\/01\/foto-1998-01-26-105x150.jpg\",\"orientation\":\"portrait\"},\"medium\":{\"height\":300,\"width\":209,\"url\":\"https:\/\/www.cykloromantika.cz\/wp-content\/uploads\/2022\/01\/foto-1998-01-26-209x300.jpg\",\"orientation\":\"portrait\"},\"full\":{\"url\":\"https:\/\/www.cykloromantika.cz\/wp-content\/uploads\/2022\/01\/foto-1998-01-26.jpg\",\"height\":800,\"width\":558,\"orientation\":\"portrait\"}},\"meta\":false,\"postlink\":\"https:\/\/www.cykloromantika.cz\/foto-1998-01-26\/\"},{\"id\":2585,\"title\":\"Foto 1998 01 27\",\"url\":\"https:\/\/www.cykloromantika.cz\/wp-content\/uploads\/2022\/01\/foto-1998-01-27.jpg\",\"link\":\"https:\/\/www.cykloromantika.cz\/foto-1998-01-27\/\",\"alt\":\"\",\"description\":\"\",\"caption\":\"Mu\u017en\u00e9 t\u011blo mikulovsk\u00e9ho kn\u00ed\u017eete Bob\u00edka I.\",\"mime\":\"image\/jpeg\",\"type\":\"image\",\"width\":556,\"height\":800,\"sizes\":{\"thumbnail\":{\"height\":150,\"width\":104,\"url\":\"https:\/\/www.cykloromantika.cz\/wp-content\/uploads\/2022\/01\/foto-1998-01-27-104x150.jpg\",\"orientation\":\"portrait\"},\"medium\":{\"height\":300,\"width\":209,\"url\":\"https:\/\/www.cykloromantika.cz\/wp-content\/uploads\/2022\/01\/foto-1998-01-27-209x300.jpg\",\"orientation\":\"portrait\"},\"full\":{\"url\":\"https:\/\/www.cykloromantika.cz\/wp-content\/uploads\/2022\/01\/foto-1998-01-27.jpg\",\"height\":800,\"width\":556,\"orientation\":\"portrait\"}},\"meta\":false,\"postlink\":\"https:\/\/www.cykloromantika.cz\/foto-1998-01-27\/\"},{\"id\":2586,\"title\":\"Foto 1998 01 28\",\"url\":\"https:\/\/www.cykloromantika.cz\/wp-content\/uploads\/2022\/01\/foto-1998-01-28.jpg\",\"link\":\"https:\/\/www.cykloromantika.cz\/foto-1998-01-28\/\",\"alt\":\"\",\"description\":\"\",\"caption\":\"B\u0159eclavsk\u00e1 d\u011bv\u010data, tak hezky vysm\u00e1t\u00e1:)\",\"mime\":\"image\/jpeg\",\"type\":\"image\",\"width\":800,\"height\":555,\"sizes\":{\"thumbnail\":{\"height\":104,\"width\":150,\"url\":\"https:\/\/www.cykloromantika.cz\/wp-content\/uploads\/2022\/01\/foto-1998-01-28-150x104.jpg\",\"orientation\":\"landscape\"},\"medium\":{\"height\":208,\"width\":300,\"url\":\"https:\/\/www.cykloromantika.cz\/wp-content\/uploads\/2022\/01\/foto-1998-01-28-300x208.jpg\",\"orientation\":\"landscape\"},\"full\":{\"url\":\"https:\/\/www.cykloromantika.cz\/wp-content\/uploads\/2022\/01\/foto-1998-01-28.jpg\",\"height\":555,\"width\":800,\"orientation\":\"landscape\"}},\"meta\":false,\"postlink\":\"https:\/\/www.cykloromantika.cz\/foto-1998-01-28\/\"},{\"id\":2587,\"title\":\"Foto 1998 01 29\",\"url\":\"https:\/\/www.cykloromantika.cz\/wp-content\/uploads\/2022\/01\/foto-1998-01-29.jpg\",\"link\":\"https:\/\/www.cykloromantika.cz\/foto-1998-01-29\/\",\"alt\":\"\",\"description\":\"\",\"caption\":\"V\u0161imn\u011bte si t\u011bch jisker v o\u010d\u00edch.:)\",\"mime\":\"image\/jpeg\",\"type\":\"image\",\"width\":800,\"height\":554,\"sizes\":{\"thumbnail\":{\"height\":104,\"width\":150,\"url\":\"https:\/\/www.cykloromantika.cz\/wp-content\/uploads\/2022\/01\/foto-1998-01-29-150x104.jpg\",\"orientation\":\"landscape\"},\"medium\":{\"height\":208,\"width\":300,\"url\":\"https:\/\/www.cykloromantika.cz\/wp-content\/uploads\/2022\/01\/foto-1998-01-29-300x208.jpg\",\"orientation\":\"landscape\"},\"full\":{\"url\":\"https:\/\/www.cykloromantika.cz\/wp-content\/uploads\/2022\/01\/foto-1998-01-29.jpg\",\"height\":554,\"width\":800,\"orientation\":\"landscape\"}},\"meta\":false,\"postlink\":\"https:\/\/www.cykloromantika.cz\/foto-1998-01-29\/\"}],\"itemsMetaDataCollection\":[],\"galleryData\":\"{\\u0022pageMode\\u0022:false,\\u0022lastRowFill\\u0022:true,\\u0022collectionThumbRecomendedHeight\\u0022:300,\\u0022collectionThumbMiniScreenScale\\u0022:true,\\u0022thumbSpacing\\u0022:5,\\u0022externalLink\\u0022:true,\\u0022externalLinkDefName\\u0022:\\u0022Read More\\u0022,\\u0022externalLinkTextColor\\u0022:\\u0022rgba(0,0,0,1)\\u0022,\\u0022externalLinkBgColor\\u0022:\\u0022rgba(255,255,255,1)\\u0022,\\u0022externalLinkFontSize\\u0022:18,\\u0022captions\\u0022:true,\\u0022captionSrc\\u0022:\\u0022caption\\u0022,\\u0022captionHAlign\\u0022:\\u0022bottom\\u0022,\\u0022collectionthumbHoverTitleFontSize\\u0022:12,\\u0022collectionthumbRoundedCorners\\u0022:8,\\u0022collectionthumbHoverTitleTextColor\\u0022:\\u0022rgba(255,255,255,1)\\u0022,\\u0022collectionthumbHoverTitleTextBgColor\\u0022:\\u0022rgba(0,0,0,0.44)\\u0022,\\u0022collectionthumbHoverBgColor\\u0022:\\u0022rgba(0,0,0,0.4)\\u0022,\\u0022collectionThumbSubMenuDownload\\u0022:true,\\u0022collectionThumbSubMenuShare\\u0022:false,\\u0022collectionThumbSubMenuBgColor\\u0022:\\u0022rgba(0,0,0,0.4)\\u0022,\\u0022collectionThumbSubMenuBgColorHover\\u0022:\\u0022rgba(255,255,255,1)\\u0022,\\u0022collectionThumbSubMenuIconColor\\u0022:\\u0022rgba(255,255,255,1)\\u0022,\\u0022collectionThumbSubMenuIconColorHover\\u0022:\\u0022rgba(0,0,0,1)\\u0022,\\u0022galleryType\\u0022:\\u0022pgc_sgb_justified\\u0022,\\u0022align\\u0022:\\u0022\\u0022,\\u0022galleryId\\u0022:\\u0022ad711374\\u0022,\\u0022galleryQuery\\u0022:null,\\u0022tagsListCustomMode\\u0022:false,\\u0022initGalleryByFirstTag\\u0022:false,\\u0022deepLinkingForTag\\u0022:false,\\u0022galleryTagsList\\u0022:[],\\u0022useClobalSettings\\u0022:true,\\u0022orderBy\\u0022:\\u0022title\\u0022,\\u0022deepLinking\\u0022:false,\\u0022useLightbox\\u0022:true,\\u0022thumbClickAction\\u0022:\\u0022useLightbox\\u0022,\\u0022numItemsDisplayed\\u0022:0,\\u0022lazyLoading\\u0022:true,\\u0022contentNoPadding\\u0022:false,\\u0022galleryPreloaderColor\\u0022:\\u0022rgba(230,230,230,1)\\u0022,\\u0022galleryBgColor\\u0022:\\u0022rgba(0,0,0,0)\\u0022,\\u0022galleryBorderRadius\\u0022:8,\\u0022customCSS\\u0022:\\u0022\\u0022,\\u0022itemsPerPage\\u0022:20,\\u0022loadMoreDefName\\u0022:\\u0022Load More\\u0022,\\u0022loadMoreFontSize\\u0022:16,\\u0022loadMoreTextColor\\u0022:\\u0022rgba(255,255,255,1)\\u0022,\\u0022loadMoreBgColor\\u0022:\\u0022rgba(0,0,0,1)\\u0022,\\u0022tagsFilter\\u0022:false,\\u0022tagCloudAll\\u0022:\\u0022All\\u0022,\\u0022tagCloudBgColor\\u0022:\\u0022rgba(153,153,153,1)\\u0022,\\u0022tagCloudBgColorOver\\u0022:\\u0022rgba(253,253,253,1)\\u0022,\\u0022tagCloudTextColor\\u0022:\\u0022rgba(253,253,253,1)\\u0022,\\u0022tagCloudTextColorOver\\u0022:\\u0022rgba(153,153,153,1)\\u0022,\\u0022tagCloudFontSize\\u0022:16,\\u0022modaBgColor\\u0022:\\u0022rgba(0,0,0,0.8)\\u0022,\\u0022modalIconColor\\u0022:\\u0022rgba(255,255,255,1)\\u0022,\\u0022modalIconColorHover\\u0022:\\u0022rgba(255,255,255,0.8)\\u0022,\\u0022shareFacebook\\u0022:false,\\u0022shareTwitter\\u0022:false,\\u0022sharePinterest\\u0022:false,\\u0022sliderItemDownload\\u0022:true,\\u0022shareCopyLink\\u0022:true,\\u0022sharePost\\u0022:\\u0022postlink\\u0022,\\u0022copyRProtection\\u0022:false,\\u0022copyRAlert\\u0022:\\u0022Hello, this photo is mine!\\u0022,\\u0022sliderScrollNavi\\u0022:false,\\u0022sliderNextPrevAnimation\\u0022:\\u0022animation\\u0022,\\u0022galleryScrollPositionControll\\u0022:false,\\u0022sliderVideoAutoPlay\\u0022:false,\\u0022sliderVideoLoop\\u0022:false,\\u0022sliderItemCounterEnable\\u0022:true,\\u0022sliderCaptionSrc\\u0022:\\u0022caption\\u0022,\\u0022sliderItemTitleEnable\\u0022:true,\\u0022sliderItemTitleFontSize\\u0022:18,\\u0022sliderItemTitleTextColor\\u0022:\\u0022rgba(255,255,255,1)\\u0022,\\u0022itemCounterColor\\u0022:\\u0022rgba(255,255,255,1)\\u0022,\\u0022sliderThumbBarEnable\\u0022:true,\\u0022sliderThumbBarHoverColor\\u0022:\\u0022rgba(240,240,240,1)\\u0022,\\u0022sliderBgColor\\u0022:\\u0022rgba(0,0,0,0.8)\\u0022,\\u0022sliderPreloaderColor\\u0022:\\u0022rgba(240,240,240,1)\\u0022,\\u0022sliderHeaderFooterBgColor\\u0022:\\u0022rgba(0,0,0,0.4)\\u0022,\\u0022sliderNavigationColor\\u0022:\\u0022rgba(0,0,0,1)\\u0022,\\u0022sliderNavigationColorOver\\u0022:\\u0022rgba(255,255,255,1)\\u0022,\\u0022sliderNavigationIconColor\\u0022:\\u0022rgba(255,255,255,1)\\u0022,\\u0022sliderNavigationIconColorOver\\u0022:\\u0022rgba(0,0,0,1)\\u0022,\\u0022sliderSlideshow\\u0022:true,\\u0022sliderSlideshowDelay\\u0022:8,\\u0022slideshowIndicatorColor\\u0022:\\u0022rgba(255,255,255,1)\\u0022,\\u0022slideshowIndicatorColorBg\\u0022:\\u0022rgba(255,255,255,0.5)\\u0022,\\u0022sliderThumbSubMenuBackgroundColor\\u0022:\\u0022rgba(255,255,255,0)\\u0022,\\u0022sliderThumbSubMenuBackgroundColorOver\\u0022:\\u0022rgba(255,255,255,1)\\u0022,\\u0022sliderThumbSubMenuIconColor\\u0022:\\u0022rgba(255,255,255,1)\\u0022,\\u0022sliderThumbSubMenuIconHoverColor\\u0022:\\u0022rgba(0,0,0,1)\\u0022,\\u0022sliderSocialShareEnabled\\u0022:false,\\u0022sliderZoomEnable\\u0022:true,\\u0022sliderFullscreenEnabled\\u0022:true,\\u0022settingsModalIsOpen\\u0022:false,\\u0022skin\\u0022:\\u0022justified\\u0022}\",\"useClobalSettings\":true,\"orderBy\":\"title\",\"galleryBorderRadius\":8,\"shareFacebook\":false,\"shareTwitter\":false,\"sharePinterest\":false,\"sharePost\":\"postlink\",\"sliderItemTitleEnable\":true,\"sliderSocialShareEnabled\":false}<\/script><script>(function(){if(window.PGC_SGB && window.PGC_SGB.searcher){window.PGC_SGB.searcher.initBlocks()}})()<\/script><\/div>\n","protected":false},"excerpt":{"rendered":"","protected":false},"author":1,"featured_media":2587,"comment_status":"open","ping_status":"open","sticky":false,"template":"","format":"standard","meta":{"_acf_changed":false,"pgc_sgb_lightbox_settings":"","footnotes":""},"categories":[31],"tags":[],"class_list":["post-2241","post","type-post","status-publish","format-standard","has-post-thumbnail","hentry","category-denicek"],"acf":[],"_links":{"self":[{"href":"https:\/\/www.cykloromantika.cz\/index.php\/wp-json\/wp\/v2\/posts\/2241","targetHints":{"allow":["GET"]}}],"collection":[{"href":"https:\/\/www.cykloromantika.cz\/index.php\/wp-json\/wp\/v2\/posts"}],"about":[{"href":"https:\/\/www.cykloromantika.cz\/index.php\/wp-json\/wp\/v2\/types\/post"}],"author":[{"embeddable":true,"href":"https:\/\/www.cykloromantika.cz\/index.php\/wp-json\/wp\/v2\/users\/1"}],"replies":[{"embeddable":true,"href":"https:\/\/www.cykloromantika.cz\/index.php\/wp-json\/wp\/v2\/comments?post=2241"}],"version-history":[{"count":19,"href":"https:\/\/www.cykloromantika.cz\/index.php\/wp-json\/wp\/v2\/posts\/2241\/revisions"}],"predecessor-version":[{"id":3276,"href":"https:\/\/www.cykloromantika.cz\/index.php\/wp-json\/wp\/v2\/posts\/2241\/revisions\/3276"}],"wp:featuredmedia":[{"embeddable":true,"href":"https:\/\/www.cykloromantika.cz\/index.php\/wp-json\/wp\/v2\/media\/2587"}],"wp:attachment":[{"href":"https:\/\/www.cykloromantika.cz\/index.php\/wp-json\/wp\/v2\/media?parent=2241"}],"wp:term":[{"taxonomy":"category","embeddable":true,"href":"https:\/\/www.cykloromantika.cz\/index.php\/wp-json\/wp\/v2\/categories?post=2241"},{"taxonomy":"post_tag","embeddable":true,"href":"https:\/\/www.cykloromantika.cz\/index.php\/wp-json\/wp\/v2\/tags?post=2241"}],"curies":[{"name":"wp","href":"https:\/\/api.w.org\/{rel}","templated":true}]}}