{"id":2226,"date":"1997-08-03T22:50:00","date_gmt":"1997-08-03T21:50:00","guid":{"rendered":"https:\/\/www.cykloromantika.cz\/?p=2226"},"modified":"2022-02-09T17:17:31","modified_gmt":"2022-02-09T16:17:31","slug":"i-rocnik-cesta-do-krumlova-tam-i-zpet-za4-dny","status":"publish","type":"post","link":"https:\/\/www.cykloromantika.cz\/index.php\/1997\/08\/03\/i-rocnik-cesta-do-krumlova-tam-i-zpet-za4-dny\/","title":{"rendered":"I. ro\u010dn\u00edk: Cesta do Krumlova tam i zp\u011bt za 4 dny"},"content":{"rendered":"<div class=\"pgc-sgb-cb wp-block-pgcsimplygalleryblock-justified \" data-gallery-id=\"42929168\"><div class=\"sgb-preloader\" id=\"pr_42929168\">\n\t<div class=\"sgb-square\" style=\"background:#d4d4d4\"><\/div>\n\t<div class=\"sgb-square\" style=\"background:#d4d4d4\"><\/div>\n\t<div class=\"sgb-square\" style=\"background:#d4d4d4\"><\/div>\n\t<div class=\"sgb-square\" style=\"background:#d4d4d4\"><\/div><\/div><div class=\"simply-gallery-amp pgc_sgb_slider \"><noscript><div class=\"sgb-gallery\"><div class=\"sgb-item\"><a href=\"https:\/\/www.cykloromantika.cz\/foto-1997-01-01\/\" target=\"_blank\"><img decoding=\"async\" alt=\"\" width=\"212\" height=\"300\" loading=\"lazy\" src=\"https:\/\/www.cykloromantika.cz\/wp-content\/uploads\/2022\/01\/foto-1997-01-01-212x300.jpg\" srcset=\"https:\/\/www.cykloromantika.cz\/wp-content\/uploads\/2022\/01\/foto-1997-01-01-212x300.jpg 212w,https:\/\/www.cykloromantika.cz\/wp-content\/uploads\/2022\/01\/foto-1997-01-01.jpg 564w\" sizes=\"auto, 250px\"\/><\/a><div class=\"sgb-item-caption\"><em>Z\u0159\u00edcenina Hukvaldy s Cigim a Sab\u010dou dole<\/em><\/div><\/div><div class=\"sgb-item\"><a href=\"https:\/\/www.cykloromantika.cz\/foto-1997-01-03\/\" target=\"_blank\"><img decoding=\"async\" alt=\"\" width=\"300\" height=\"212\" loading=\"lazy\" src=\"https:\/\/www.cykloromantika.cz\/wp-content\/uploads\/2022\/01\/foto-1997-01-03-300x212.jpg\" srcset=\"https:\/\/www.cykloromantika.cz\/wp-content\/uploads\/2022\/01\/foto-1997-01-03-300x212.jpg 300w,https:\/\/www.cykloromantika.cz\/wp-content\/uploads\/2022\/01\/foto-1997-01-03.jpg 800w\" sizes=\"auto, 250px\"\/><\/a><div class=\"sgb-item-caption\"><em>Erb\u2026 \u010casem zjist\u00edme, komu pat\u0159\u00ed na Valmezk\u00e9m z\u00e1mku.<\/em><\/div><\/div><div class=\"sgb-item\"><a href=\"https:\/\/www.cykloromantika.cz\/foto-1997-01-04\/\" target=\"_blank\"><img decoding=\"async\" alt=\"\" width=\"300\" height=\"212\" loading=\"lazy\" src=\"https:\/\/www.cykloromantika.cz\/wp-content\/uploads\/2022\/01\/foto-1997-01-04-300x212.jpg\" srcset=\"https:\/\/www.cykloromantika.cz\/wp-content\/uploads\/2022\/01\/foto-1997-01-04-300x212.jpg 300w,https:\/\/www.cykloromantika.cz\/wp-content\/uploads\/2022\/01\/foto-1997-01-04.jpg 800w\" sizes=\"auto, 250px\"\/><\/a><div class=\"sgb-item-caption\"><em>N\u00e1dhern\u00e9 pr\u016f\u010del\u00ed vizovick\u00e9ho z\u00e1mku, baroko<\/em><\/div><\/div><div class=\"sgb-item\"><a href=\"https:\/\/www.cykloromantika.cz\/foto-1997-01-05\/\" target=\"_blank\"><img decoding=\"async\" alt=\"\" width=\"212\" height=\"300\" loading=\"lazy\" src=\"https:\/\/www.cykloromantika.cz\/wp-content\/uploads\/2022\/01\/foto-1997-01-05-212x300.jpg\" srcset=\"https:\/\/www.cykloromantika.cz\/wp-content\/uploads\/2022\/01\/foto-1997-01-05-212x300.jpg 212w,https:\/\/www.cykloromantika.cz\/wp-content\/uploads\/2022\/01\/foto-1997-01-05.jpg 564w\" sizes=\"auto, 250px\"\/><\/a><div class=\"sgb-item-caption\"><em>Vset\u00edn, odsud poch\u00e1z\u00ed Du\u0161an a za\u010d\u00edn\u00e1 bohatstv\u00ed Albrechta z Vald\u0161tejna.<\/em><\/div><\/div><div class=\"sgb-item\"><a href=\"https:\/\/www.cykloromantika.cz\/foto-1997-01-06\/\" target=\"_blank\"><img decoding=\"async\" alt=\"\" width=\"212\" height=\"300\" loading=\"lazy\" src=\"https:\/\/www.cykloromantika.cz\/wp-content\/uploads\/2022\/01\/foto-1997-01-06-212x300.jpg\" srcset=\"https:\/\/www.cykloromantika.cz\/wp-content\/uploads\/2022\/01\/foto-1997-01-06-212x300.jpg 212w,https:\/\/www.cykloromantika.cz\/wp-content\/uploads\/2022\/01\/foto-1997-01-06.jpg 566w\" sizes=\"auto, 250px\"\/><\/a><div class=\"sgb-item-caption\"><em>Cigi\u010dku, tob\u011b to tak slu\u0161\u00ed:).<\/em><\/div><\/div><div class=\"sgb-item\"><a href=\"https:\/\/www.cykloromantika.cz\/foto-1997-01-07\/\" target=\"_blank\"><img decoding=\"async\" alt=\"\" width=\"300\" height=\"211\" loading=\"lazy\" src=\"https:\/\/www.cykloromantika.cz\/wp-content\/uploads\/2022\/01\/foto-1997-01-07-300x211.jpg\" srcset=\"https:\/\/www.cykloromantika.cz\/wp-content\/uploads\/2022\/01\/foto-1997-01-07-300x211.jpg 300w,https:\/\/www.cykloromantika.cz\/wp-content\/uploads\/2022\/01\/foto-1997-01-07.jpg 800w\" sizes=\"auto, 250px\"\/><\/a><div class=\"sgb-item-caption\"><em>Pr\u016f\u010del\u00ed z\u00e1mku ve Zl\u00edn\u011b<\/em><\/div><\/div><div class=\"sgb-item\"><a href=\"https:\/\/www.cykloromantika.cz\/foto-1997-01-08\/\" target=\"_blank\"><img decoding=\"async\" alt=\"\" width=\"300\" height=\"211\" loading=\"lazy\" src=\"https:\/\/www.cykloromantika.cz\/wp-content\/uploads\/2022\/01\/foto-1997-01-08-300x211.jpg\" srcset=\"https:\/\/www.cykloromantika.cz\/wp-content\/uploads\/2022\/01\/foto-1997-01-08-300x211.jpg 300w,https:\/\/www.cykloromantika.cz\/wp-content\/uploads\/2022\/01\/foto-1997-01-08.jpg 800w\" sizes=\"auto, 250px\"\/><\/a><div class=\"sgb-item-caption\"><em>N\u00e1dvo\u0159\u00ed zl\u00ednsk\u00e9ho z\u00e1mku<\/em><\/div><\/div><div class=\"sgb-item\"><a href=\"https:\/\/www.cykloromantika.cz\/foto-1997-01-09\/\" target=\"_blank\"><img decoding=\"async\" alt=\"\" width=\"300\" height=\"212\" loading=\"lazy\" src=\"https:\/\/www.cykloromantika.cz\/wp-content\/uploads\/2022\/01\/foto-1997-01-09-300x212.jpg\" srcset=\"https:\/\/www.cykloromantika.cz\/wp-content\/uploads\/2022\/01\/foto-1997-01-09-300x212.jpg 300w,https:\/\/www.cykloromantika.cz\/wp-content\/uploads\/2022\/01\/foto-1997-01-09.jpg 800w\" sizes=\"auto, 250px\"\/><\/a><div class=\"sgb-item-caption\"><em>Sab\u010da a Pep\u00edno v radostn\u00e9m objet\u00ed<\/em><\/div><\/div><div class=\"sgb-item\"><a href=\"https:\/\/www.cykloromantika.cz\/foto-1997-01-10\/\" target=\"_blank\"><img decoding=\"async\" alt=\"\" width=\"300\" height=\"211\" loading=\"lazy\" src=\"https:\/\/www.cykloromantika.cz\/wp-content\/uploads\/2022\/01\/foto-1997-01-10-300x211.jpg\" srcset=\"https:\/\/www.cykloromantika.cz\/wp-content\/uploads\/2022\/01\/foto-1997-01-10-300x211.jpg 300w,https:\/\/www.cykloromantika.cz\/wp-content\/uploads\/2022\/01\/foto-1997-01-10.jpg 800w\" sizes=\"auto, 250px\"\/><\/a><div class=\"sgb-item-caption\"><em>Sab\u010da a Cigi\u010dek v radostn\u00e9m objet\u00ed<\/em><\/div><\/div><div class=\"sgb-item\"><a href=\"https:\/\/www.cykloromantika.cz\/foto-1997-01-11\/\" target=\"_blank\"><img decoding=\"async\" alt=\"\" width=\"300\" height=\"208\" loading=\"lazy\" src=\"https:\/\/www.cykloromantika.cz\/wp-content\/uploads\/2022\/01\/foto-1997-01-11-300x208.jpg\" srcset=\"https:\/\/www.cykloromantika.cz\/wp-content\/uploads\/2022\/01\/foto-1997-01-11-300x208.jpg 300w,https:\/\/www.cykloromantika.cz\/wp-content\/uploads\/2022\/01\/foto-1997-01-11.jpg 800w\" sizes=\"auto, 250px\"\/><\/a><div class=\"sgb-item-caption\"><em>Z\u00e1mek ve Zl\u00edn\u011b, pr\u00e1v\u011b v\u00fdstava Zikmunda a Hanzelky<\/em><\/div><\/div><div class=\"sgb-item\"><a href=\"https:\/\/www.cykloromantika.cz\/foto-1997-01-12\/\" target=\"_blank\"><img decoding=\"async\" alt=\"\" width=\"300\" height=\"207\" loading=\"lazy\" src=\"https:\/\/www.cykloromantika.cz\/wp-content\/uploads\/2022\/01\/foto-1997-01-12-300x207.jpg\" srcset=\"https:\/\/www.cykloromantika.cz\/wp-content\/uploads\/2022\/01\/foto-1997-01-12-300x207.jpg 300w,https:\/\/www.cykloromantika.cz\/wp-content\/uploads\/2022\/01\/foto-1997-01-12.jpg 800w\" sizes=\"auto, 250px\"\/><\/a><div class=\"sgb-item-caption\"><em>Hrad Malenovice, v dob\u011b na\u0161\u00ed n\u00e1v\u0161t\u011bvy v rekonstrukci<\/em><\/div><\/div><div class=\"sgb-item\"><a href=\"https:\/\/www.cykloromantika.cz\/foto-1997-01-13\/\" target=\"_blank\"><img decoding=\"async\" alt=\"\" width=\"208\" height=\"300\" loading=\"lazy\" src=\"https:\/\/www.cykloromantika.cz\/wp-content\/uploads\/2022\/01\/foto-1997-01-13-208x300.jpg\" srcset=\"https:\/\/www.cykloromantika.cz\/wp-content\/uploads\/2022\/01\/foto-1997-01-13-208x300.jpg 208w,https:\/\/www.cykloromantika.cz\/wp-content\/uploads\/2022\/01\/foto-1997-01-13.jpg 554w\" sizes=\"auto, 250px\"\/><\/a><div class=\"sgb-item-caption\"><em>Z\u00e1mek Kvasice, jen jsme projeli, bylo po povodn\u00edch.<\/em><\/div><\/div><div class=\"sgb-item\"><a href=\"https:\/\/www.cykloromantika.cz\/foto-1997-01-14\/\" target=\"_blank\"><img decoding=\"async\" alt=\"\" width=\"210\" height=\"300\" loading=\"lazy\" src=\"https:\/\/www.cykloromantika.cz\/wp-content\/uploads\/2022\/01\/foto-1997-01-14-210x300.jpg\" srcset=\"https:\/\/www.cykloromantika.cz\/wp-content\/uploads\/2022\/01\/foto-1997-01-14-210x300.jpg 210w,https:\/\/www.cykloromantika.cz\/wp-content\/uploads\/2022\/01\/foto-1997-01-14.jpg 559w\" sizes=\"auto, 250px\"\/><\/a><div class=\"sgb-item-caption\"><em>Ohromuj\u00edc\u00ed stavba arcibiskupsk\u00e9ho z\u00e1mku v Krom\u011b\u0159\u00ed\u017ei<\/em><\/div><\/div><div class=\"sgb-item\"><a href=\"https:\/\/www.cykloromantika.cz\/foto-1997-01-15\/\" target=\"_blank\"><img decoding=\"async\" alt=\"\" width=\"300\" height=\"206\" loading=\"lazy\" src=\"https:\/\/www.cykloromantika.cz\/wp-content\/uploads\/2022\/01\/foto-1997-01-15-300x206.jpg\" srcset=\"https:\/\/www.cykloromantika.cz\/wp-content\/uploads\/2022\/01\/foto-1997-01-15-300x206.jpg 300w,https:\/\/www.cykloromantika.cz\/wp-content\/uploads\/2022\/01\/foto-1997-01-15.jpg 800w\" sizes=\"auto, 250px\"\/><\/a><div class=\"sgb-item-caption\"><em>Arcibiskupsk\u00fd z\u00e1mek v Krom\u011b\u0159\u00ed\u017ei, duchovn\u00ed doup\u011b<\/em><\/div><\/div><div class=\"sgb-item\"><a href=\"https:\/\/www.cykloromantika.cz\/foto-1997-01-16\/\" target=\"_blank\"><img decoding=\"async\" alt=\"\" width=\"300\" height=\"207\" loading=\"lazy\" src=\"https:\/\/www.cykloromantika.cz\/wp-content\/uploads\/2022\/01\/foto-1997-01-16-300x207.jpg\" srcset=\"https:\/\/www.cykloromantika.cz\/wp-content\/uploads\/2022\/01\/foto-1997-01-16-300x207.jpg 300w,https:\/\/www.cykloromantika.cz\/wp-content\/uploads\/2022\/01\/foto-1997-01-16.jpg 800w\" sizes=\"auto, 250px\"\/><\/a><div class=\"sgb-item-caption\"><em>Z\u00e1mek Bu\u010dovice nebyl bohu\u017eel zp\u0159\u00edstupn\u011bn.<\/em><\/div><\/div><div class=\"sgb-item\"><a href=\"https:\/\/www.cykloromantika.cz\/foto-1997-01-17\/\" target=\"_blank\"><img decoding=\"async\" alt=\"\" width=\"300\" height=\"209\" loading=\"lazy\" src=\"https:\/\/www.cykloromantika.cz\/wp-content\/uploads\/2022\/01\/foto-1997-01-17-300x209.jpg\" srcset=\"https:\/\/www.cykloromantika.cz\/wp-content\/uploads\/2022\/01\/foto-1997-01-17-300x209.jpg 300w,https:\/\/www.cykloromantika.cz\/wp-content\/uploads\/2022\/01\/foto-1997-01-17.jpg 800w\" sizes=\"auto, 250px\"\/><\/a><div class=\"sgb-item-caption\"><em>Bu\u010dovice<\/em><\/div><\/div><div class=\"sgb-item\"><a href=\"https:\/\/www.cykloromantika.cz\/foto-1997-01-18\/\" target=\"_blank\"><img decoding=\"async\" alt=\"\" width=\"300\" height=\"209\" loading=\"lazy\" src=\"https:\/\/www.cykloromantika.cz\/wp-content\/uploads\/2022\/01\/foto-1997-01-18-300x209.jpg\" srcset=\"https:\/\/www.cykloromantika.cz\/wp-content\/uploads\/2022\/01\/foto-1997-01-18-300x209.jpg 300w,https:\/\/www.cykloromantika.cz\/wp-content\/uploads\/2022\/01\/foto-1997-01-18.jpg 800w\" sizes=\"auto, 250px\"\/><\/a><div class=\"sgb-item-caption\"><em>Zdounky<\/em><\/div><\/div><div class=\"sgb-item\"><a href=\"https:\/\/www.cykloromantika.cz\/foto-1997-01-19\/\" target=\"_blank\"><img decoding=\"async\" alt=\"\" width=\"300\" height=\"208\" loading=\"lazy\" src=\"https:\/\/www.cykloromantika.cz\/wp-content\/uploads\/2022\/01\/foto-1997-01-19-300x208.jpg\" srcset=\"https:\/\/www.cykloromantika.cz\/wp-content\/uploads\/2022\/01\/foto-1997-01-19-300x208.jpg 300w,https:\/\/www.cykloromantika.cz\/wp-content\/uploads\/2022\/01\/foto-1997-01-19.jpg 800w\" sizes=\"auto, 250px\"\/><\/a><div class=\"sgb-item-caption\"><em>Nesovice<\/em><\/div><\/div><div class=\"sgb-item\"><a href=\"https:\/\/www.cykloromantika.cz\/foto-1997-01-20\/\" target=\"_blank\"><img decoding=\"async\" alt=\"\" width=\"300\" height=\"207\" loading=\"lazy\" src=\"https:\/\/www.cykloromantika.cz\/wp-content\/uploads\/2022\/01\/foto-1997-01-20-300x207.jpg\" srcset=\"https:\/\/www.cykloromantika.cz\/wp-content\/uploads\/2022\/01\/foto-1997-01-20-300x207.jpg 300w,https:\/\/www.cykloromantika.cz\/wp-content\/uploads\/2022\/01\/foto-1997-01-20.jpg 800w\" sizes=\"auto, 250px\"\/><\/a><div class=\"sgb-item-caption\"><em>Zde pob\u00fdval Napoleon v Her\u0161pic\u00edch.<\/em><\/div><\/div><div class=\"sgb-item\"><a href=\"https:\/\/www.cykloromantika.cz\/foto-1997-01-21\/\" target=\"_blank\"><img decoding=\"async\" alt=\"\" width=\"208\" height=\"300\" loading=\"lazy\" src=\"https:\/\/www.cykloromantika.cz\/wp-content\/uploads\/2022\/01\/foto-1997-01-21-208x300.jpg\" srcset=\"https:\/\/www.cykloromantika.cz\/wp-content\/uploads\/2022\/01\/foto-1997-01-21-208x300.jpg 208w,https:\/\/www.cykloromantika.cz\/wp-content\/uploads\/2022\/01\/foto-1997-01-21.jpg 555w\" sizes=\"auto, 250px\"\/><\/a><div class=\"sgb-item-caption\"><em>Her\u0161pick\u00fd bar\u00e1\u010dek z jin\u00e9ho pohledu<\/em><\/div><\/div><div class=\"sgb-item\"><a href=\"https:\/\/www.cykloromantika.cz\/foto-1997-01-22\/\" target=\"_blank\"><img decoding=\"async\" alt=\"\" width=\"300\" height=\"209\" loading=\"lazy\" src=\"https:\/\/www.cykloromantika.cz\/wp-content\/uploads\/2022\/01\/foto-1997-01-22-300x209.jpg\" srcset=\"https:\/\/www.cykloromantika.cz\/wp-content\/uploads\/2022\/01\/foto-1997-01-22-300x209.jpg 300w,https:\/\/www.cykloromantika.cz\/wp-content\/uploads\/2022\/01\/foto-1997-01-22.jpg 800w\" sizes=\"auto, 250px\"\/><\/a><div class=\"sgb-item-caption\"><em>Cigi\u010dek m\u00e1 v Her\u0161pic\u00edch rodinku a cukr\u00e1rnu:). M\u0148am.<\/em><\/div><\/div><div class=\"sgb-item\"><a href=\"https:\/\/www.cykloromantika.cz\/foto-1997-01-23\/\" target=\"_blank\"><img decoding=\"async\" alt=\"\" width=\"300\" height=\"207\" loading=\"lazy\" src=\"https:\/\/www.cykloromantika.cz\/wp-content\/uploads\/2022\/01\/foto-1997-01-23-300x207.jpg\" srcset=\"https:\/\/www.cykloromantika.cz\/wp-content\/uploads\/2022\/01\/foto-1997-01-23-300x207.jpg 300w,https:\/\/www.cykloromantika.cz\/wp-content\/uploads\/2022\/01\/foto-1997-01-23.jpg 800w\" sizes=\"auto, 250px\"\/><\/a><div class=\"sgb-item-caption\"><em>P\u0159espali jsme p\u011bkn\u011b v pel\u00ed\u0161ku a dob\u0159e se napapali:).<\/em><\/div><\/div><div class=\"sgb-item\"><a href=\"https:\/\/www.cykloromantika.cz\/foto-1997-01-24\/\" target=\"_blank\"><img decoding=\"async\" alt=\"\" width=\"300\" height=\"207\" loading=\"lazy\" src=\"https:\/\/www.cykloromantika.cz\/wp-content\/uploads\/2022\/01\/foto-1997-01-24-300x207.jpg\" srcset=\"https:\/\/www.cykloromantika.cz\/wp-content\/uploads\/2022\/01\/foto-1997-01-24-300x207.jpg 300w,https:\/\/www.cykloromantika.cz\/wp-content\/uploads\/2022\/01\/foto-1997-01-24.jpg 800w\" sizes=\"auto, 250px\"\/><\/a><div class=\"sgb-item-caption\"><em>Z\u00e1meck\u00e1 zahrada ve Slavkov\u011b u Brna<\/em><\/div><\/div><div class=\"sgb-item\"><a href=\"https:\/\/www.cykloromantika.cz\/foto-1997-01-25\/\" target=\"_blank\"><img decoding=\"async\" alt=\"\" width=\"300\" height=\"207\" loading=\"lazy\" src=\"https:\/\/www.cykloromantika.cz\/wp-content\/uploads\/2022\/01\/foto-1997-01-25-300x207.jpg\" srcset=\"https:\/\/www.cykloromantika.cz\/wp-content\/uploads\/2022\/01\/foto-1997-01-25-300x207.jpg 300w,https:\/\/www.cykloromantika.cz\/wp-content\/uploads\/2022\/01\/foto-1997-01-25.jpg 800w\" sizes=\"auto, 250px\"\/><\/a><div class=\"sgb-item-caption\"><em>Z\u00e1meck\u00e1 zahrada ve Slavkov\u011b u Brna<\/em><\/div><\/div><div class=\"sgb-item\"><a href=\"https:\/\/www.cykloromantika.cz\/foto-1997-01-26\/\" target=\"_blank\"><img decoding=\"async\" alt=\"\" width=\"300\" height=\"207\" loading=\"lazy\" src=\"https:\/\/www.cykloromantika.cz\/wp-content\/uploads\/2022\/01\/foto-1997-01-26-300x207.jpg\" srcset=\"https:\/\/www.cykloromantika.cz\/wp-content\/uploads\/2022\/01\/foto-1997-01-26-300x207.jpg 300w,https:\/\/www.cykloromantika.cz\/wp-content\/uploads\/2022\/01\/foto-1997-01-26.jpg 800w\" sizes=\"auto, 250px\"\/><\/a><div class=\"sgb-item-caption\"><em>Tady se asi bude rekonstruovat:).<\/em><\/div><\/div><div class=\"sgb-item\"><a href=\"https:\/\/www.cykloromantika.cz\/foto-1997-01-27\/\" target=\"_blank\"><img decoding=\"async\" alt=\"\" width=\"300\" height=\"207\" loading=\"lazy\" src=\"https:\/\/www.cykloromantika.cz\/wp-content\/uploads\/2022\/01\/foto-1997-01-27-300x207.jpg\" srcset=\"https:\/\/www.cykloromantika.cz\/wp-content\/uploads\/2022\/01\/foto-1997-01-27-300x207.jpg 300w,https:\/\/www.cykloromantika.cz\/wp-content\/uploads\/2022\/01\/foto-1997-01-27.jpg 800w\" sizes=\"auto, 250px\"\/><\/a><div class=\"sgb-item-caption\"><em>\u017didlochovick\u00fd z\u00e1mek<\/em><\/div><\/div><div class=\"sgb-item\"><a href=\"https:\/\/www.cykloromantika.cz\/foto-1997-01-28\/\" target=\"_blank\"><img decoding=\"async\" alt=\"\" width=\"300\" height=\"210\" loading=\"lazy\" src=\"https:\/\/www.cykloromantika.cz\/wp-content\/uploads\/2022\/01\/foto-1997-01-28-300x210.jpg\" srcset=\"https:\/\/www.cykloromantika.cz\/wp-content\/uploads\/2022\/01\/foto-1997-01-28-300x210.jpg 300w,https:\/\/www.cykloromantika.cz\/wp-content\/uploads\/2022\/01\/foto-1997-01-28.jpg 800w\" sizes=\"auto, 250px\"\/><\/a><div class=\"sgb-item-caption\"><em>Doln\u00ed Kounice, p\u0159ejedl jsem se meru\u0148kami:).<\/em><\/div><\/div><div class=\"sgb-item\"><a href=\"https:\/\/www.cykloromantika.cz\/foto-1997-01-29\/\" target=\"_blank\"><img decoding=\"async\" alt=\"\" width=\"300\" height=\"207\" loading=\"lazy\" src=\"https:\/\/www.cykloromantika.cz\/wp-content\/uploads\/2022\/01\/foto-1997-01-29-300x207.jpg\" srcset=\"https:\/\/www.cykloromantika.cz\/wp-content\/uploads\/2022\/01\/foto-1997-01-29-300x207.jpg 300w,https:\/\/www.cykloromantika.cz\/wp-content\/uploads\/2022\/01\/foto-1997-01-29.jpg 800w\" sizes=\"auto, 250px\"\/><\/a><div class=\"sgb-item-caption\"><em>Cesta z Oslavan do Rapotic, nikdy nezapomenu, 12 km stoup\u00e1n\u00ed bez konce.<\/em><\/div><\/div><div class=\"sgb-item\"><a href=\"https:\/\/www.cykloromantika.cz\/foto-1997-01-30\/\" target=\"_blank\"><img decoding=\"async\" alt=\"\" width=\"300\" height=\"207\" loading=\"lazy\" src=\"https:\/\/www.cykloromantika.cz\/wp-content\/uploads\/2022\/01\/foto-1997-01-30-300x207.jpg\" srcset=\"https:\/\/www.cykloromantika.cz\/wp-content\/uploads\/2022\/01\/foto-1997-01-30-300x207.jpg 300w,https:\/\/www.cykloromantika.cz\/wp-content\/uploads\/2022\/01\/foto-1997-01-30.jpg 800w\" sizes=\"auto, 250px\"\/><\/a><div class=\"sgb-item-caption\"><em>V z\u00e1mku v N\u00e1m\u011b\u0161ti nad Oslavou je nejv\u011bt\u0161\u00ed sb\u00edrka gobel\u00ednu u n\u00e1s.<\/em><\/div><\/div><div class=\"sgb-item\"><a href=\"https:\/\/www.cykloromantika.cz\/foto-1997-01-31\/\" target=\"_blank\"><img decoding=\"async\" alt=\"\" width=\"300\" height=\"207\" loading=\"lazy\" src=\"https:\/\/www.cykloromantika.cz\/wp-content\/uploads\/2022\/01\/foto-1997-01-31-300x207.jpg\" srcset=\"https:\/\/www.cykloromantika.cz\/wp-content\/uploads\/2022\/01\/foto-1997-01-31-300x207.jpg 300w,https:\/\/www.cykloromantika.cz\/wp-content\/uploads\/2022\/01\/foto-1997-01-31.jpg 800w\" sizes=\"auto, 250px\"\/><\/a><div class=\"sgb-item-caption\"><em>T\u0159eb\u00ed\u010d, jak kr\u00e1sn\u00e9 m\u011bsto, bohu\u017eel jsem ho jen proj\u00ed\u017ed\u011bl.<\/em><\/div><\/div><div class=\"sgb-item\"><a href=\"https:\/\/www.cykloromantika.cz\/foto-1997-01-32\/\" target=\"_blank\"><img decoding=\"async\" alt=\"\" width=\"300\" height=\"209\" loading=\"lazy\" src=\"https:\/\/www.cykloromantika.cz\/wp-content\/uploads\/2022\/01\/foto-1997-01-32-300x209.jpg\" srcset=\"https:\/\/www.cykloromantika.cz\/wp-content\/uploads\/2022\/01\/foto-1997-01-32-300x209.jpg 300w,https:\/\/www.cykloromantika.cz\/wp-content\/uploads\/2022\/01\/foto-1997-01-32.jpg 800w\" sizes=\"auto, 250px\"\/><\/a><div class=\"sgb-item-caption\"><em>Tady jsem vypil sv\u00e9 prvn\u00ed pivo v \u017eivot\u011b:) Plze\u0148 12 jako k\u0159en.<\/em><\/div><\/div><div class=\"sgb-item\"><a href=\"https:\/\/www.cykloromantika.cz\/foto-1997-01-33\/\" target=\"_blank\"><img decoding=\"async\" alt=\"\" width=\"300\" height=\"208\" loading=\"lazy\" src=\"https:\/\/www.cykloromantika.cz\/wp-content\/uploads\/2022\/01\/foto-1997-01-33-300x208.jpg\" srcset=\"https:\/\/www.cykloromantika.cz\/wp-content\/uploads\/2022\/01\/foto-1997-01-33-300x208.jpg 300w,https:\/\/www.cykloromantika.cz\/wp-content\/uploads\/2022\/01\/foto-1997-01-33.jpg 800w\" sizes=\"auto, 250px\"\/><\/a><div class=\"sgb-item-caption\"><em>Tel\u010d v dob\u011b kon\u00e1n\u00ed festivalu, \u017eije to tady a\u017e ve\u010der:).<\/em><\/div><\/div><div class=\"sgb-item\"><a href=\"https:\/\/www.cykloromantika.cz\/foto-1997-01-34\/\" target=\"_blank\"><img decoding=\"async\" alt=\"\" width=\"300\" height=\"208\" loading=\"lazy\" src=\"https:\/\/www.cykloromantika.cz\/wp-content\/uploads\/2022\/01\/foto-1997-01-34-300x208.jpg\" srcset=\"https:\/\/www.cykloromantika.cz\/wp-content\/uploads\/2022\/01\/foto-1997-01-34-300x208.jpg 300w,https:\/\/www.cykloromantika.cz\/wp-content\/uploads\/2022\/01\/foto-1997-01-34.jpg 800w\" sizes=\"auto, 250px\"\/><\/a><div class=\"sgb-item-caption\"><em>Tady byl vyroben prvn\u00ed kostkov\u00fd cukr na sv\u011bt\u011b. D\u0159\u00edve jen homole.<\/em><\/div><\/div><div class=\"sgb-item\"><a href=\"https:\/\/www.cykloromantika.cz\/foto-1997-01-35\/\" target=\"_blank\"><img decoding=\"async\" alt=\"\" width=\"300\" height=\"207\" loading=\"lazy\" src=\"https:\/\/www.cykloromantika.cz\/wp-content\/uploads\/2022\/01\/foto-1997-01-35-300x207.jpg\" srcset=\"https:\/\/www.cykloromantika.cz\/wp-content\/uploads\/2022\/01\/foto-1997-01-35-300x207.jpg 300w,https:\/\/www.cykloromantika.cz\/wp-content\/uploads\/2022\/01\/foto-1997-01-35.jpg 800w\" sizes=\"auto, 250px\"\/><\/a><div class=\"sgb-item-caption\"><em>Vozov\u00fd park 1997 v Da\u010dic\u00edch, dnes u\u017e je to dlouh\u00e1 minulost:).<\/em><\/div><\/div><div class=\"sgb-item\"><a href=\"https:\/\/www.cykloromantika.cz\/foto-1997-01-36\/\" target=\"_blank\"><img decoding=\"async\" alt=\"\" width=\"300\" height=\"209\" loading=\"lazy\" src=\"https:\/\/www.cykloromantika.cz\/wp-content\/uploads\/2022\/01\/foto-1997-01-36-300x209.jpg\" srcset=\"https:\/\/www.cykloromantika.cz\/wp-content\/uploads\/2022\/01\/foto-1997-01-36-300x209.jpg 300w,https:\/\/www.cykloromantika.cz\/wp-content\/uploads\/2022\/01\/foto-1997-01-36.jpg 800w\" sizes=\"auto, 250px\"\/><\/a><div class=\"sgb-item-caption\"><em>Da\u010dick\u00fd park, je tady tak p\u0159\u00edjemn\u00e9 posn\u00eddat, von\u00ed to zde senem.<\/em><\/div><\/div><div class=\"sgb-item\"><a href=\"https:\/\/www.cykloromantika.cz\/foto-1997-01-37\/\" target=\"_blank\"><img decoding=\"async\" alt=\"\" width=\"300\" height=\"207\" loading=\"lazy\" src=\"https:\/\/www.cykloromantika.cz\/wp-content\/uploads\/2022\/01\/foto-1997-01-37-300x207.jpg\" srcset=\"https:\/\/www.cykloromantika.cz\/wp-content\/uploads\/2022\/01\/foto-1997-01-37-300x207.jpg 300w,https:\/\/www.cykloromantika.cz\/wp-content\/uploads\/2022\/01\/foto-1997-01-37.jpg 800w\" sizes=\"auto, 250px\"\/><\/a><div class=\"sgb-item-caption\"><em>N\u00e1dhern\u00e9 rybn\u00edky mezi Markvarcem a Kun\u017eakem<\/em><\/div><\/div><div class=\"sgb-item\"><a href=\"https:\/\/www.cykloromantika.cz\/foto-1997-01-38\/\" target=\"_blank\"><img decoding=\"async\" alt=\"\" width=\"300\" height=\"207\" loading=\"lazy\" src=\"https:\/\/www.cykloromantika.cz\/wp-content\/uploads\/2022\/01\/foto-1997-01-38-300x207.jpg\" srcset=\"https:\/\/www.cykloromantika.cz\/wp-content\/uploads\/2022\/01\/foto-1997-01-38-300x207.jpg 300w,https:\/\/www.cykloromantika.cz\/wp-content\/uploads\/2022\/01\/foto-1997-01-38.jpg 800w\" sizes=\"auto, 250px\"\/><\/a><div class=\"sgb-item-caption\"><em>Jind\u0159ich\u016fv Hradec, z\u00e1mek p\u00e1n\u016f z Hradce. Stoj\u00ed za to jej nav\u0161t\u00edvit.<\/em><\/div><\/div><div class=\"sgb-item\"><a href=\"https:\/\/www.cykloromantika.cz\/foto-1997-01-39\/\" target=\"_blank\"><img decoding=\"async\" alt=\"\" width=\"209\" height=\"300\" loading=\"lazy\" src=\"https:\/\/www.cykloromantika.cz\/wp-content\/uploads\/2022\/01\/foto-1997-01-39-209x300.jpg\" srcset=\"https:\/\/www.cykloromantika.cz\/wp-content\/uploads\/2022\/01\/foto-1997-01-39-209x300.jpg 209w,https:\/\/www.cykloromantika.cz\/wp-content\/uploads\/2022\/01\/foto-1997-01-39.jpg 556w\" sizes=\"auto, 250px\"\/><\/a><div class=\"sgb-item-caption\"><em>Ark\u00e1dy v Jind\u0159ichov\u011b Hradci n\u00e1dhern\u011b prosv\u011btluj\u00ed n\u00e1dvo\u0159\u00ed.<\/em><\/div><\/div><\/div><\/noscript><\/div><script type=\"application\/json\" class=\"sgb-data\">{\"lastRowFill\":true,\"collectionThumbRecomendedHeight\":300,\"collectionThumbMiniScreenScale\":true,\"captionHAlign\":\"bottom\",\"collectionthumbHoverTitleFontSize\":12,\"collectionthumbRoundedCorners\":8,\"collectionthumbHoverTitleTextBgColor\":\"rgba(0,0,0,0.44)\",\"collectionThumbSubMenuShare\":false,\"galleryType\":\"pgc_sgb_justified\",\"galleryId\":\"42929168\",\"galleryQuery\":null,\"images\":[{\"id\":2484,\"title\":\"Foto 1997 01 01\",\"url\":\"https:\/\/www.cykloromantika.cz\/wp-content\/uploads\/2022\/01\/foto-1997-01-01.jpg\",\"link\":\"https:\/\/www.cykloromantika.cz\/foto-1997-01-01\/\",\"alt\":\"\",\"description\":\"\",\"caption\":\"Z\u0159\u00edcenina Hukvaldy s Cigim a Sab\u010dou dole\",\"mime\":\"image\/jpeg\",\"type\":\"image\",\"width\":564,\"height\":800,\"sizes\":{\"thumbnail\":{\"height\":150,\"width\":106,\"url\":\"https:\/\/www.cykloromantika.cz\/wp-content\/uploads\/2022\/01\/foto-1997-01-01-106x150.jpg\",\"orientation\":\"portrait\"},\"medium\":{\"height\":300,\"width\":212,\"url\":\"https:\/\/www.cykloromantika.cz\/wp-content\/uploads\/2022\/01\/foto-1997-01-01-212x300.jpg\",\"orientation\":\"portrait\"},\"full\":{\"url\":\"https:\/\/www.cykloromantika.cz\/wp-content\/uploads\/2022\/01\/foto-1997-01-01.jpg\",\"height\":800,\"width\":564,\"orientation\":\"portrait\"}},\"meta\":false,\"postlink\":\"https:\/\/www.cykloromantika.cz\/foto-1997-01-01\/\"},{\"id\":2485,\"title\":\"Foto 1997 01 03\",\"url\":\"https:\/\/www.cykloromantika.cz\/wp-content\/uploads\/2022\/01\/foto-1997-01-03.jpg\",\"link\":\"https:\/\/www.cykloromantika.cz\/foto-1997-01-03\/\",\"alt\":\"\",\"description\":\"\",\"caption\":\"Erb\u2026 \u010casem zjist\u00edme, komu pat\u0159\u00ed na Valmezk\u00e9m z\u00e1mku.\",\"mime\":\"image\/jpeg\",\"type\":\"image\",\"width\":800,\"height\":564,\"sizes\":{\"thumbnail\":{\"height\":106,\"width\":150,\"url\":\"https:\/\/www.cykloromantika.cz\/wp-content\/uploads\/2022\/01\/foto-1997-01-03-150x106.jpg\",\"orientation\":\"landscape\"},\"medium\":{\"height\":212,\"width\":300,\"url\":\"https:\/\/www.cykloromantika.cz\/wp-content\/uploads\/2022\/01\/foto-1997-01-03-300x212.jpg\",\"orientation\":\"landscape\"},\"full\":{\"url\":\"https:\/\/www.cykloromantika.cz\/wp-content\/uploads\/2022\/01\/foto-1997-01-03.jpg\",\"height\":564,\"width\":800,\"orientation\":\"landscape\"}},\"meta\":false,\"postlink\":\"https:\/\/www.cykloromantika.cz\/foto-1997-01-03\/\"},{\"id\":2486,\"title\":\"Foto 1997 01 04\",\"url\":\"https:\/\/www.cykloromantika.cz\/wp-content\/uploads\/2022\/01\/foto-1997-01-04.jpg\",\"link\":\"https:\/\/www.cykloromantika.cz\/foto-1997-01-04\/\",\"alt\":\"\",\"description\":\"\",\"caption\":\"N\u00e1dhern\u00e9 pr\u016f\u010del\u00ed vizovick\u00e9ho z\u00e1mku, baroko\",\"mime\":\"image\/jpeg\",\"type\":\"image\",\"width\":800,\"height\":564,\"sizes\":{\"thumbnail\":{\"height\":106,\"width\":150,\"url\":\"https:\/\/www.cykloromantika.cz\/wp-content\/uploads\/2022\/01\/foto-1997-01-04-150x106.jpg\",\"orientation\":\"landscape\"},\"medium\":{\"height\":212,\"width\":300,\"url\":\"https:\/\/www.cykloromantika.cz\/wp-content\/uploads\/2022\/01\/foto-1997-01-04-300x212.jpg\",\"orientation\":\"landscape\"},\"full\":{\"url\":\"https:\/\/www.cykloromantika.cz\/wp-content\/uploads\/2022\/01\/foto-1997-01-04.jpg\",\"height\":564,\"width\":800,\"orientation\":\"landscape\"}},\"meta\":false,\"postlink\":\"https:\/\/www.cykloromantika.cz\/foto-1997-01-04\/\"},{\"id\":2487,\"title\":\"Foto 1997 01 05\",\"url\":\"https:\/\/www.cykloromantika.cz\/wp-content\/uploads\/2022\/01\/foto-1997-01-05.jpg\",\"link\":\"https:\/\/www.cykloromantika.cz\/foto-1997-01-05\/\",\"alt\":\"\",\"description\":\"\",\"caption\":\"Vset\u00edn, odsud poch\u00e1z\u00ed Du\u0161an a za\u010d\u00edn\u00e1 bohatstv\u00ed Albrechta z Vald\u0161tejna.\",\"mime\":\"image\/jpeg\",\"type\":\"image\",\"width\":564,\"height\":800,\"sizes\":{\"thumbnail\":{\"height\":150,\"width\":106,\"url\":\"https:\/\/www.cykloromantika.cz\/wp-content\/uploads\/2022\/01\/foto-1997-01-05-106x150.jpg\",\"orientation\":\"portrait\"},\"medium\":{\"height\":300,\"width\":212,\"url\":\"https:\/\/www.cykloromantika.cz\/wp-content\/uploads\/2022\/01\/foto-1997-01-05-212x300.jpg\",\"orientation\":\"portrait\"},\"full\":{\"url\":\"https:\/\/www.cykloromantika.cz\/wp-content\/uploads\/2022\/01\/foto-1997-01-05.jpg\",\"height\":800,\"width\":564,\"orientation\":\"portrait\"}},\"meta\":false,\"postlink\":\"https:\/\/www.cykloromantika.cz\/foto-1997-01-05\/\"},{\"id\":2488,\"title\":\"Foto 1997 01 06\",\"url\":\"https:\/\/www.cykloromantika.cz\/wp-content\/uploads\/2022\/01\/foto-1997-01-06.jpg\",\"link\":\"https:\/\/www.cykloromantika.cz\/foto-1997-01-06\/\",\"alt\":\"\",\"description\":\"\",\"caption\":\"Cigi\u010dku, tob\u011b to tak slu\u0161\u00ed:).\",\"mime\":\"image\/jpeg\",\"type\":\"image\",\"width\":566,\"height\":800,\"sizes\":{\"thumbnail\":{\"height\":150,\"width\":106,\"url\":\"https:\/\/www.cykloromantika.cz\/wp-content\/uploads\/2022\/01\/foto-1997-01-06-106x150.jpg\",\"orientation\":\"portrait\"},\"medium\":{\"height\":300,\"width\":212,\"url\":\"https:\/\/www.cykloromantika.cz\/wp-content\/uploads\/2022\/01\/foto-1997-01-06-212x300.jpg\",\"orientation\":\"portrait\"},\"full\":{\"url\":\"https:\/\/www.cykloromantika.cz\/wp-content\/uploads\/2022\/01\/foto-1997-01-06.jpg\",\"height\":800,\"width\":566,\"orientation\":\"portrait\"}},\"meta\":false,\"postlink\":\"https:\/\/www.cykloromantika.cz\/foto-1997-01-06\/\"},{\"id\":2489,\"title\":\"Foto 1997 01 07\",\"url\":\"https:\/\/www.cykloromantika.cz\/wp-content\/uploads\/2022\/01\/foto-1997-01-07.jpg\",\"link\":\"https:\/\/www.cykloromantika.cz\/foto-1997-01-07\/\",\"alt\":\"\",\"description\":\"\",\"caption\":\"Pr\u016f\u010del\u00ed z\u00e1mku ve Zl\u00edn\u011b\",\"mime\":\"image\/jpeg\",\"type\":\"image\",\"width\":800,\"height\":563,\"sizes\":{\"thumbnail\":{\"height\":106,\"width\":150,\"url\":\"https:\/\/www.cykloromantika.cz\/wp-content\/uploads\/2022\/01\/foto-1997-01-07-150x106.jpg\",\"orientation\":\"landscape\"},\"medium\":{\"height\":211,\"width\":300,\"url\":\"https:\/\/www.cykloromantika.cz\/wp-content\/uploads\/2022\/01\/foto-1997-01-07-300x211.jpg\",\"orientation\":\"landscape\"},\"full\":{\"url\":\"https:\/\/www.cykloromantika.cz\/wp-content\/uploads\/2022\/01\/foto-1997-01-07.jpg\",\"height\":563,\"width\":800,\"orientation\":\"landscape\"}},\"meta\":false,\"postlink\":\"https:\/\/www.cykloromantika.cz\/foto-1997-01-07\/\"},{\"id\":2490,\"title\":\"Foto 1997 01 08\",\"url\":\"https:\/\/www.cykloromantika.cz\/wp-content\/uploads\/2022\/01\/foto-1997-01-08.jpg\",\"link\":\"https:\/\/www.cykloromantika.cz\/foto-1997-01-08\/\",\"alt\":\"\",\"description\":\"\",\"caption\":\"N\u00e1dvo\u0159\u00ed zl\u00ednsk\u00e9ho z\u00e1mku\",\"mime\":\"image\/jpeg\",\"type\":\"image\",\"width\":800,\"height\":563,\"sizes\":{\"thumbnail\":{\"height\":106,\"width\":150,\"url\":\"https:\/\/www.cykloromantika.cz\/wp-content\/uploads\/2022\/01\/foto-1997-01-08-150x106.jpg\",\"orientation\":\"landscape\"},\"medium\":{\"height\":211,\"width\":300,\"url\":\"https:\/\/www.cykloromantika.cz\/wp-content\/uploads\/2022\/01\/foto-1997-01-08-300x211.jpg\",\"orientation\":\"landscape\"},\"full\":{\"url\":\"https:\/\/www.cykloromantika.cz\/wp-content\/uploads\/2022\/01\/foto-1997-01-08.jpg\",\"height\":563,\"width\":800,\"orientation\":\"landscape\"}},\"meta\":false,\"postlink\":\"https:\/\/www.cykloromantika.cz\/foto-1997-01-08\/\"},{\"id\":2491,\"title\":\"Foto 1997 01 09\",\"url\":\"https:\/\/www.cykloromantika.cz\/wp-content\/uploads\/2022\/01\/foto-1997-01-09.jpg\",\"link\":\"https:\/\/www.cykloromantika.cz\/foto-1997-01-09\/\",\"alt\":\"\",\"description\":\"\",\"caption\":\"Sab\u010da a Pep\u00edno v radostn\u00e9m objet\u00ed\",\"mime\":\"image\/jpeg\",\"type\":\"image\",\"width\":800,\"height\":564,\"sizes\":{\"thumbnail\":{\"height\":106,\"width\":150,\"url\":\"https:\/\/www.cykloromantika.cz\/wp-content\/uploads\/2022\/01\/foto-1997-01-09-150x106.jpg\",\"orientation\":\"landscape\"},\"medium\":{\"height\":212,\"width\":300,\"url\":\"https:\/\/www.cykloromantika.cz\/wp-content\/uploads\/2022\/01\/foto-1997-01-09-300x212.jpg\",\"orientation\":\"landscape\"},\"full\":{\"url\":\"https:\/\/www.cykloromantika.cz\/wp-content\/uploads\/2022\/01\/foto-1997-01-09.jpg\",\"height\":564,\"width\":800,\"orientation\":\"landscape\"}},\"meta\":false,\"postlink\":\"https:\/\/www.cykloromantika.cz\/foto-1997-01-09\/\"},{\"id\":2492,\"title\":\"Foto 1997 01 10\",\"url\":\"https:\/\/www.cykloromantika.cz\/wp-content\/uploads\/2022\/01\/foto-1997-01-10.jpg\",\"link\":\"https:\/\/www.cykloromantika.cz\/foto-1997-01-10\/\",\"alt\":\"\",\"description\":\"\",\"caption\":\"Sab\u010da a Cigi\u010dek v radostn\u00e9m objet\u00ed\",\"mime\":\"image\/jpeg\",\"type\":\"image\",\"width\":800,\"height\":563,\"sizes\":{\"thumbnail\":{\"height\":106,\"width\":150,\"url\":\"https:\/\/www.cykloromantika.cz\/wp-content\/uploads\/2022\/01\/foto-1997-01-10-150x106.jpg\",\"orientation\":\"landscape\"},\"medium\":{\"height\":211,\"width\":300,\"url\":\"https:\/\/www.cykloromantika.cz\/wp-content\/uploads\/2022\/01\/foto-1997-01-10-300x211.jpg\",\"orientation\":\"landscape\"},\"full\":{\"url\":\"https:\/\/www.cykloromantika.cz\/wp-content\/uploads\/2022\/01\/foto-1997-01-10.jpg\",\"height\":563,\"width\":800,\"orientation\":\"landscape\"}},\"meta\":false,\"postlink\":\"https:\/\/www.cykloromantika.cz\/foto-1997-01-10\/\"},{\"id\":2493,\"title\":\"Foto 1997 01 11\",\"url\":\"https:\/\/www.cykloromantika.cz\/wp-content\/uploads\/2022\/01\/foto-1997-01-11.jpg\",\"link\":\"https:\/\/www.cykloromantika.cz\/foto-1997-01-11\/\",\"alt\":\"\",\"description\":\"\",\"caption\":\"Z\u00e1mek ve Zl\u00edn\u011b, pr\u00e1v\u011b v\u00fdstava Zikmunda a Hanzelky\",\"mime\":\"image\/jpeg\",\"type\":\"image\",\"width\":800,\"height\":554,\"sizes\":{\"thumbnail\":{\"height\":104,\"width\":150,\"url\":\"https:\/\/www.cykloromantika.cz\/wp-content\/uploads\/2022\/01\/foto-1997-01-11-150x104.jpg\",\"orientation\":\"landscape\"},\"medium\":{\"height\":208,\"width\":300,\"url\":\"https:\/\/www.cykloromantika.cz\/wp-content\/uploads\/2022\/01\/foto-1997-01-11-300x208.jpg\",\"orientation\":\"landscape\"},\"full\":{\"url\":\"https:\/\/www.cykloromantika.cz\/wp-content\/uploads\/2022\/01\/foto-1997-01-11.jpg\",\"height\":554,\"width\":800,\"orientation\":\"landscape\"}},\"meta\":false,\"postlink\":\"https:\/\/www.cykloromantika.cz\/foto-1997-01-11\/\"},{\"id\":2494,\"title\":\"Foto 1997 01 12\",\"url\":\"https:\/\/www.cykloromantika.cz\/wp-content\/uploads\/2022\/01\/foto-1997-01-12.jpg\",\"link\":\"https:\/\/www.cykloromantika.cz\/foto-1997-01-12\/\",\"alt\":\"\",\"description\":\"\",\"caption\":\"Hrad Malenovice, v dob\u011b na\u0161\u00ed n\u00e1v\u0161t\u011bvy v rekonstrukci\",\"mime\":\"image\/jpeg\",\"type\":\"image\",\"width\":800,\"height\":551,\"sizes\":{\"thumbnail\":{\"height\":103,\"width\":150,\"url\":\"https:\/\/www.cykloromantika.cz\/wp-content\/uploads\/2022\/01\/foto-1997-01-12-150x103.jpg\",\"orientation\":\"landscape\"},\"medium\":{\"height\":207,\"width\":300,\"url\":\"https:\/\/www.cykloromantika.cz\/wp-content\/uploads\/2022\/01\/foto-1997-01-12-300x207.jpg\",\"orientation\":\"landscape\"},\"full\":{\"url\":\"https:\/\/www.cykloromantika.cz\/wp-content\/uploads\/2022\/01\/foto-1997-01-12.jpg\",\"height\":551,\"width\":800,\"orientation\":\"landscape\"}},\"meta\":false,\"postlink\":\"https:\/\/www.cykloromantika.cz\/foto-1997-01-12\/\"},{\"id\":2495,\"title\":\"Foto 1997 01 13\",\"url\":\"https:\/\/www.cykloromantika.cz\/wp-content\/uploads\/2022\/01\/foto-1997-01-13.jpg\",\"link\":\"https:\/\/www.cykloromantika.cz\/foto-1997-01-13\/\",\"alt\":\"\",\"description\":\"\",\"caption\":\"Z\u00e1mek Kvasice, jen jsme projeli, bylo po povodn\u00edch.\",\"mime\":\"image\/jpeg\",\"type\":\"image\",\"width\":554,\"height\":800,\"sizes\":{\"thumbnail\":{\"height\":150,\"width\":104,\"url\":\"https:\/\/www.cykloromantika.cz\/wp-content\/uploads\/2022\/01\/foto-1997-01-13-104x150.jpg\",\"orientation\":\"portrait\"},\"medium\":{\"height\":300,\"width\":208,\"url\":\"https:\/\/www.cykloromantika.cz\/wp-content\/uploads\/2022\/01\/foto-1997-01-13-208x300.jpg\",\"orientation\":\"portrait\"},\"full\":{\"url\":\"https:\/\/www.cykloromantika.cz\/wp-content\/uploads\/2022\/01\/foto-1997-01-13.jpg\",\"height\":800,\"width\":554,\"orientation\":\"portrait\"}},\"meta\":false,\"postlink\":\"https:\/\/www.cykloromantika.cz\/foto-1997-01-13\/\"},{\"id\":2496,\"title\":\"Foto 1997 01 14\",\"url\":\"https:\/\/www.cykloromantika.cz\/wp-content\/uploads\/2022\/01\/foto-1997-01-14.jpg\",\"link\":\"https:\/\/www.cykloromantika.cz\/foto-1997-01-14\/\",\"alt\":\"\",\"description\":\"\",\"caption\":\"Ohromuj\u00edc\u00ed stavba arcibiskupsk\u00e9ho z\u00e1mku v Krom\u011b\u0159\u00ed\u017ei\",\"mime\":\"image\/jpeg\",\"type\":\"image\",\"width\":559,\"height\":800,\"sizes\":{\"thumbnail\":{\"height\":150,\"width\":105,\"url\":\"https:\/\/www.cykloromantika.cz\/wp-content\/uploads\/2022\/01\/foto-1997-01-14-105x150.jpg\",\"orientation\":\"portrait\"},\"medium\":{\"height\":300,\"width\":210,\"url\":\"https:\/\/www.cykloromantika.cz\/wp-content\/uploads\/2022\/01\/foto-1997-01-14-210x300.jpg\",\"orientation\":\"portrait\"},\"full\":{\"url\":\"https:\/\/www.cykloromantika.cz\/wp-content\/uploads\/2022\/01\/foto-1997-01-14.jpg\",\"height\":800,\"width\":559,\"orientation\":\"portrait\"}},\"meta\":false,\"postlink\":\"https:\/\/www.cykloromantika.cz\/foto-1997-01-14\/\"},{\"id\":2497,\"title\":\"Foto 1997 01 15\",\"url\":\"https:\/\/www.cykloromantika.cz\/wp-content\/uploads\/2022\/01\/foto-1997-01-15.jpg\",\"link\":\"https:\/\/www.cykloromantika.cz\/foto-1997-01-15\/\",\"alt\":\"\",\"description\":\"\",\"caption\":\"Arcibiskupsk\u00fd z\u00e1mek v Krom\u011b\u0159\u00ed\u017ei, duchovn\u00ed doup\u011b\",\"mime\":\"image\/jpeg\",\"type\":\"image\",\"width\":800,\"height\":550,\"sizes\":{\"thumbnail\":{\"height\":103,\"width\":150,\"url\":\"https:\/\/www.cykloromantika.cz\/wp-content\/uploads\/2022\/01\/foto-1997-01-15-150x103.jpg\",\"orientation\":\"landscape\"},\"medium\":{\"height\":206,\"width\":300,\"url\":\"https:\/\/www.cykloromantika.cz\/wp-content\/uploads\/2022\/01\/foto-1997-01-15-300x206.jpg\",\"orientation\":\"landscape\"},\"full\":{\"url\":\"https:\/\/www.cykloromantika.cz\/wp-content\/uploads\/2022\/01\/foto-1997-01-15.jpg\",\"height\":550,\"width\":800,\"orientation\":\"landscape\"}},\"meta\":false,\"postlink\":\"https:\/\/www.cykloromantika.cz\/foto-1997-01-15\/\"},{\"id\":2498,\"title\":\"Foto 1997 01 16\",\"url\":\"https:\/\/www.cykloromantika.cz\/wp-content\/uploads\/2022\/01\/foto-1997-01-16.jpg\",\"link\":\"https:\/\/www.cykloromantika.cz\/foto-1997-01-16\/\",\"alt\":\"\",\"description\":\"\",\"caption\":\"Z\u00e1mek Bu\u010dovice nebyl bohu\u017eel zp\u0159\u00edstupn\u011bn.\",\"mime\":\"image\/jpeg\",\"type\":\"image\",\"width\":800,\"height\":553,\"sizes\":{\"thumbnail\":{\"height\":104,\"width\":150,\"url\":\"https:\/\/www.cykloromantika.cz\/wp-content\/uploads\/2022\/01\/foto-1997-01-16-150x104.jpg\",\"orientation\":\"landscape\"},\"medium\":{\"height\":207,\"width\":300,\"url\":\"https:\/\/www.cykloromantika.cz\/wp-content\/uploads\/2022\/01\/foto-1997-01-16-300x207.jpg\",\"orientation\":\"landscape\"},\"full\":{\"url\":\"https:\/\/www.cykloromantika.cz\/wp-content\/uploads\/2022\/01\/foto-1997-01-16.jpg\",\"height\":553,\"width\":800,\"orientation\":\"landscape\"}},\"meta\":false,\"postlink\":\"https:\/\/www.cykloromantika.cz\/foto-1997-01-16\/\"},{\"id\":2499,\"title\":\"Foto 1997 01 17\",\"url\":\"https:\/\/www.cykloromantika.cz\/wp-content\/uploads\/2022\/01\/foto-1997-01-17.jpg\",\"link\":\"https:\/\/www.cykloromantika.cz\/foto-1997-01-17\/\",\"alt\":\"\",\"description\":\"\",\"caption\":\"Bu\u010dovice\",\"mime\":\"image\/jpeg\",\"type\":\"image\",\"width\":800,\"height\":558,\"sizes\":{\"thumbnail\":{\"height\":105,\"width\":150,\"url\":\"https:\/\/www.cykloromantika.cz\/wp-content\/uploads\/2022\/01\/foto-1997-01-17-150x105.jpg\",\"orientation\":\"landscape\"},\"medium\":{\"height\":209,\"width\":300,\"url\":\"https:\/\/www.cykloromantika.cz\/wp-content\/uploads\/2022\/01\/foto-1997-01-17-300x209.jpg\",\"orientation\":\"landscape\"},\"full\":{\"url\":\"https:\/\/www.cykloromantika.cz\/wp-content\/uploads\/2022\/01\/foto-1997-01-17.jpg\",\"height\":558,\"width\":800,\"orientation\":\"landscape\"}},\"meta\":false,\"postlink\":\"https:\/\/www.cykloromantika.cz\/foto-1997-01-17\/\"},{\"id\":2500,\"title\":\"Foto 1997 01 18\",\"url\":\"https:\/\/www.cykloromantika.cz\/wp-content\/uploads\/2022\/01\/foto-1997-01-18.jpg\",\"link\":\"https:\/\/www.cykloromantika.cz\/foto-1997-01-18\/\",\"alt\":\"\",\"description\":\"\",\"caption\":\"Zdounky\",\"mime\":\"image\/jpeg\",\"type\":\"image\",\"width\":800,\"height\":557,\"sizes\":{\"thumbnail\":{\"height\":104,\"width\":150,\"url\":\"https:\/\/www.cykloromantika.cz\/wp-content\/uploads\/2022\/01\/foto-1997-01-18-150x104.jpg\",\"orientation\":\"landscape\"},\"medium\":{\"height\":209,\"width\":300,\"url\":\"https:\/\/www.cykloromantika.cz\/wp-content\/uploads\/2022\/01\/foto-1997-01-18-300x209.jpg\",\"orientation\":\"landscape\"},\"full\":{\"url\":\"https:\/\/www.cykloromantika.cz\/wp-content\/uploads\/2022\/01\/foto-1997-01-18.jpg\",\"height\":557,\"width\":800,\"orientation\":\"landscape\"}},\"meta\":false,\"postlink\":\"https:\/\/www.cykloromantika.cz\/foto-1997-01-18\/\"},{\"id\":2501,\"title\":\"Foto 1997 01 19\",\"url\":\"https:\/\/www.cykloromantika.cz\/wp-content\/uploads\/2022\/01\/foto-1997-01-19.jpg\",\"link\":\"https:\/\/www.cykloromantika.cz\/foto-1997-01-19\/\",\"alt\":\"\",\"description\":\"\",\"caption\":\"Nesovice\",\"mime\":\"image\/jpeg\",\"type\":\"image\",\"width\":800,\"height\":554,\"sizes\":{\"thumbnail\":{\"height\":104,\"width\":150,\"url\":\"https:\/\/www.cykloromantika.cz\/wp-content\/uploads\/2022\/01\/foto-1997-01-19-150x104.jpg\",\"orientation\":\"landscape\"},\"medium\":{\"height\":208,\"width\":300,\"url\":\"https:\/\/www.cykloromantika.cz\/wp-content\/uploads\/2022\/01\/foto-1997-01-19-300x208.jpg\",\"orientation\":\"landscape\"},\"full\":{\"url\":\"https:\/\/www.cykloromantika.cz\/wp-content\/uploads\/2022\/01\/foto-1997-01-19.jpg\",\"height\":554,\"width\":800,\"orientation\":\"landscape\"}},\"meta\":false,\"postlink\":\"https:\/\/www.cykloromantika.cz\/foto-1997-01-19\/\"},{\"id\":2502,\"title\":\"Foto 1997 01 20\",\"url\":\"https:\/\/www.cykloromantika.cz\/wp-content\/uploads\/2022\/01\/foto-1997-01-20.jpg\",\"link\":\"https:\/\/www.cykloromantika.cz\/foto-1997-01-20\/\",\"alt\":\"\",\"description\":\"\",\"caption\":\"Zde pob\u00fdval Napoleon v Her\u0161pic\u00edch.\",\"mime\":\"image\/jpeg\",\"type\":\"image\",\"width\":800,\"height\":553,\"sizes\":{\"thumbnail\":{\"height\":104,\"width\":150,\"url\":\"https:\/\/www.cykloromantika.cz\/wp-content\/uploads\/2022\/01\/foto-1997-01-20-150x104.jpg\",\"orientation\":\"landscape\"},\"medium\":{\"height\":207,\"width\":300,\"url\":\"https:\/\/www.cykloromantika.cz\/wp-content\/uploads\/2022\/01\/foto-1997-01-20-300x207.jpg\",\"orientation\":\"landscape\"},\"full\":{\"url\":\"https:\/\/www.cykloromantika.cz\/wp-content\/uploads\/2022\/01\/foto-1997-01-20.jpg\",\"height\":553,\"width\":800,\"orientation\":\"landscape\"}},\"meta\":false,\"postlink\":\"https:\/\/www.cykloromantika.cz\/foto-1997-01-20\/\"},{\"id\":2503,\"title\":\"Foto 1997 01 21\",\"url\":\"https:\/\/www.cykloromantika.cz\/wp-content\/uploads\/2022\/01\/foto-1997-01-21.jpg\",\"link\":\"https:\/\/www.cykloromantika.cz\/foto-1997-01-21\/\",\"alt\":\"\",\"description\":\"\",\"caption\":\"Her\u0161pick\u00fd bar\u00e1\u010dek z jin\u00e9ho pohledu\",\"mime\":\"image\/jpeg\",\"type\":\"image\",\"width\":555,\"height\":800,\"sizes\":{\"thumbnail\":{\"height\":150,\"width\":104,\"url\":\"https:\/\/www.cykloromantika.cz\/wp-content\/uploads\/2022\/01\/foto-1997-01-21-104x150.jpg\",\"orientation\":\"portrait\"},\"medium\":{\"height\":300,\"width\":208,\"url\":\"https:\/\/www.cykloromantika.cz\/wp-content\/uploads\/2022\/01\/foto-1997-01-21-208x300.jpg\",\"orientation\":\"portrait\"},\"full\":{\"url\":\"https:\/\/www.cykloromantika.cz\/wp-content\/uploads\/2022\/01\/foto-1997-01-21.jpg\",\"height\":800,\"width\":555,\"orientation\":\"portrait\"}},\"meta\":false,\"postlink\":\"https:\/\/www.cykloromantika.cz\/foto-1997-01-21\/\"},{\"id\":2504,\"title\":\"Foto 1997 01 22\",\"url\":\"https:\/\/www.cykloromantika.cz\/wp-content\/uploads\/2022\/01\/foto-1997-01-22.jpg\",\"link\":\"https:\/\/www.cykloromantika.cz\/foto-1997-01-22\/\",\"alt\":\"\",\"description\":\"\",\"caption\":\"Cigi\u010dek m\u00e1 v Her\u0161pic\u00edch rodinku a cukr\u00e1rnu:). M\u0148am.\",\"mime\":\"image\/jpeg\",\"type\":\"image\",\"width\":800,\"height\":558,\"sizes\":{\"thumbnail\":{\"height\":105,\"width\":150,\"url\":\"https:\/\/www.cykloromantika.cz\/wp-content\/uploads\/2022\/01\/foto-1997-01-22-150x105.jpg\",\"orientation\":\"landscape\"},\"medium\":{\"height\":209,\"width\":300,\"url\":\"https:\/\/www.cykloromantika.cz\/wp-content\/uploads\/2022\/01\/foto-1997-01-22-300x209.jpg\",\"orientation\":\"landscape\"},\"full\":{\"url\":\"https:\/\/www.cykloromantika.cz\/wp-content\/uploads\/2022\/01\/foto-1997-01-22.jpg\",\"height\":558,\"width\":800,\"orientation\":\"landscape\"}},\"meta\":false,\"postlink\":\"https:\/\/www.cykloromantika.cz\/foto-1997-01-22\/\"},{\"id\":2505,\"title\":\"Foto 1997 01 23\",\"url\":\"https:\/\/www.cykloromantika.cz\/wp-content\/uploads\/2022\/01\/foto-1997-01-23.jpg\",\"link\":\"https:\/\/www.cykloromantika.cz\/foto-1997-01-23\/\",\"alt\":\"\",\"description\":\"\",\"caption\":\"P\u0159espali jsme p\u011bkn\u011b v pel\u00ed\u0161ku a dob\u0159e se napapali:).\",\"mime\":\"image\/jpeg\",\"type\":\"image\",\"width\":800,\"height\":553,\"sizes\":{\"thumbnail\":{\"height\":104,\"width\":150,\"url\":\"https:\/\/www.cykloromantika.cz\/wp-content\/uploads\/2022\/01\/foto-1997-01-23-150x104.jpg\",\"orientation\":\"landscape\"},\"medium\":{\"height\":207,\"width\":300,\"url\":\"https:\/\/www.cykloromantika.cz\/wp-content\/uploads\/2022\/01\/foto-1997-01-23-300x207.jpg\",\"orientation\":\"landscape\"},\"full\":{\"url\":\"https:\/\/www.cykloromantika.cz\/wp-content\/uploads\/2022\/01\/foto-1997-01-23.jpg\",\"height\":553,\"width\":800,\"orientation\":\"landscape\"}},\"meta\":false,\"postlink\":\"https:\/\/www.cykloromantika.cz\/foto-1997-01-23\/\"},{\"id\":2506,\"title\":\"Foto 1997 01 24\",\"url\":\"https:\/\/www.cykloromantika.cz\/wp-content\/uploads\/2022\/01\/foto-1997-01-24.jpg\",\"link\":\"https:\/\/www.cykloromantika.cz\/foto-1997-01-24\/\",\"alt\":\"\",\"description\":\"\",\"caption\":\"Z\u00e1meck\u00e1 zahrada ve Slavkov\u011b u Brna\",\"mime\":\"image\/jpeg\",\"type\":\"image\",\"width\":800,\"height\":552,\"sizes\":{\"thumbnail\":{\"height\":104,\"width\":150,\"url\":\"https:\/\/www.cykloromantika.cz\/wp-content\/uploads\/2022\/01\/foto-1997-01-24-150x104.jpg\",\"orientation\":\"landscape\"},\"medium\":{\"height\":207,\"width\":300,\"url\":\"https:\/\/www.cykloromantika.cz\/wp-content\/uploads\/2022\/01\/foto-1997-01-24-300x207.jpg\",\"orientation\":\"landscape\"},\"full\":{\"url\":\"https:\/\/www.cykloromantika.cz\/wp-content\/uploads\/2022\/01\/foto-1997-01-24.jpg\",\"height\":552,\"width\":800,\"orientation\":\"landscape\"}},\"meta\":false,\"postlink\":\"https:\/\/www.cykloromantika.cz\/foto-1997-01-24\/\"},{\"id\":2507,\"title\":\"Foto 1997 01 25\",\"url\":\"https:\/\/www.cykloromantika.cz\/wp-content\/uploads\/2022\/01\/foto-1997-01-25.jpg\",\"link\":\"https:\/\/www.cykloromantika.cz\/foto-1997-01-25\/\",\"alt\":\"\",\"description\":\"\",\"caption\":\"Z\u00e1meck\u00e1 zahrada ve Slavkov\u011b u Brna\",\"mime\":\"image\/jpeg\",\"type\":\"image\",\"width\":800,\"height\":553,\"sizes\":{\"thumbnail\":{\"height\":104,\"width\":150,\"url\":\"https:\/\/www.cykloromantika.cz\/wp-content\/uploads\/2022\/01\/foto-1997-01-25-150x104.jpg\",\"orientation\":\"landscape\"},\"medium\":{\"height\":207,\"width\":300,\"url\":\"https:\/\/www.cykloromantika.cz\/wp-content\/uploads\/2022\/01\/foto-1997-01-25-300x207.jpg\",\"orientation\":\"landscape\"},\"full\":{\"url\":\"https:\/\/www.cykloromantika.cz\/wp-content\/uploads\/2022\/01\/foto-1997-01-25.jpg\",\"height\":553,\"width\":800,\"orientation\":\"landscape\"}},\"meta\":false,\"postlink\":\"https:\/\/www.cykloromantika.cz\/foto-1997-01-25\/\"},{\"id\":2508,\"title\":\"Foto 1997 01 26\",\"url\":\"https:\/\/www.cykloromantika.cz\/wp-content\/uploads\/2022\/01\/foto-1997-01-26.jpg\",\"link\":\"https:\/\/www.cykloromantika.cz\/foto-1997-01-26\/\",\"alt\":\"\",\"description\":\"\",\"caption\":\"Tady se asi bude rekonstruovat:).\",\"mime\":\"image\/jpeg\",\"type\":\"image\",\"width\":800,\"height\":553,\"sizes\":{\"thumbnail\":{\"height\":104,\"width\":150,\"url\":\"https:\/\/www.cykloromantika.cz\/wp-content\/uploads\/2022\/01\/foto-1997-01-26-150x104.jpg\",\"orientation\":\"landscape\"},\"medium\":{\"height\":207,\"width\":300,\"url\":\"https:\/\/www.cykloromantika.cz\/wp-content\/uploads\/2022\/01\/foto-1997-01-26-300x207.jpg\",\"orientation\":\"landscape\"},\"full\":{\"url\":\"https:\/\/www.cykloromantika.cz\/wp-content\/uploads\/2022\/01\/foto-1997-01-26.jpg\",\"height\":553,\"width\":800,\"orientation\":\"landscape\"}},\"meta\":false,\"postlink\":\"https:\/\/www.cykloromantika.cz\/foto-1997-01-26\/\"},{\"id\":2509,\"title\":\"Foto 1997 01 27\",\"url\":\"https:\/\/www.cykloromantika.cz\/wp-content\/uploads\/2022\/01\/foto-1997-01-27.jpg\",\"link\":\"https:\/\/www.cykloromantika.cz\/foto-1997-01-27\/\",\"alt\":\"\",\"description\":\"\",\"caption\":\"\u017didlochovick\u00fd z\u00e1mek\",\"mime\":\"image\/jpeg\",\"type\":\"image\",\"width\":800,\"height\":553,\"sizes\":{\"thumbnail\":{\"height\":104,\"width\":150,\"url\":\"https:\/\/www.cykloromantika.cz\/wp-content\/uploads\/2022\/01\/foto-1997-01-27-150x104.jpg\",\"orientation\":\"landscape\"},\"medium\":{\"height\":207,\"width\":300,\"url\":\"https:\/\/www.cykloromantika.cz\/wp-content\/uploads\/2022\/01\/foto-1997-01-27-300x207.jpg\",\"orientation\":\"landscape\"},\"full\":{\"url\":\"https:\/\/www.cykloromantika.cz\/wp-content\/uploads\/2022\/01\/foto-1997-01-27.jpg\",\"height\":553,\"width\":800,\"orientation\":\"landscape\"}},\"meta\":false,\"postlink\":\"https:\/\/www.cykloromantika.cz\/foto-1997-01-27\/\"},{\"id\":2510,\"title\":\"Foto 1997 01 28\",\"url\":\"https:\/\/www.cykloromantika.cz\/wp-content\/uploads\/2022\/01\/foto-1997-01-28.jpg\",\"link\":\"https:\/\/www.cykloromantika.cz\/foto-1997-01-28\/\",\"alt\":\"\",\"description\":\"\",\"caption\":\"Doln\u00ed Kounice, p\u0159ejedl jsem se meru\u0148kami:).\",\"mime\":\"image\/jpeg\",\"type\":\"image\",\"width\":800,\"height\":561,\"sizes\":{\"thumbnail\":{\"height\":105,\"width\":150,\"url\":\"https:\/\/www.cykloromantika.cz\/wp-content\/uploads\/2022\/01\/foto-1997-01-28-150x105.jpg\",\"orientation\":\"landscape\"},\"medium\":{\"height\":210,\"width\":300,\"url\":\"https:\/\/www.cykloromantika.cz\/wp-content\/uploads\/2022\/01\/foto-1997-01-28-300x210.jpg\",\"orientation\":\"landscape\"},\"full\":{\"url\":\"https:\/\/www.cykloromantika.cz\/wp-content\/uploads\/2022\/01\/foto-1997-01-28.jpg\",\"height\":561,\"width\":800,\"orientation\":\"landscape\"}},\"meta\":false,\"postlink\":\"https:\/\/www.cykloromantika.cz\/foto-1997-01-28\/\"},{\"id\":2511,\"title\":\"Foto 1997 01 29\",\"url\":\"https:\/\/www.cykloromantika.cz\/wp-content\/uploads\/2022\/01\/foto-1997-01-29.jpg\",\"link\":\"https:\/\/www.cykloromantika.cz\/foto-1997-01-29\/\",\"alt\":\"\",\"description\":\"\",\"caption\":\"Cesta z Oslavan do Rapotic, nikdy nezapomenu, 12 km stoup\u00e1n\u00ed bez konce.\",\"mime\":\"image\/jpeg\",\"type\":\"image\",\"width\":800,\"height\":553,\"sizes\":{\"thumbnail\":{\"height\":104,\"width\":150,\"url\":\"https:\/\/www.cykloromantika.cz\/wp-content\/uploads\/2022\/01\/foto-1997-01-29-150x104.jpg\",\"orientation\":\"landscape\"},\"medium\":{\"height\":207,\"width\":300,\"url\":\"https:\/\/www.cykloromantika.cz\/wp-content\/uploads\/2022\/01\/foto-1997-01-29-300x207.jpg\",\"orientation\":\"landscape\"},\"full\":{\"url\":\"https:\/\/www.cykloromantika.cz\/wp-content\/uploads\/2022\/01\/foto-1997-01-29.jpg\",\"height\":553,\"width\":800,\"orientation\":\"landscape\"}},\"meta\":false,\"postlink\":\"https:\/\/www.cykloromantika.cz\/foto-1997-01-29\/\"},{\"id\":2512,\"title\":\"Foto 1997 01 30\",\"url\":\"https:\/\/www.cykloromantika.cz\/wp-content\/uploads\/2022\/01\/foto-1997-01-30.jpg\",\"link\":\"https:\/\/www.cykloromantika.cz\/foto-1997-01-30\/\",\"alt\":\"\",\"description\":\"\",\"caption\":\"V z\u00e1mku v N\u00e1m\u011b\u0161ti nad Oslavou je nejv\u011bt\u0161\u00ed sb\u00edrka gobel\u00ednu u n\u00e1s.\",\"mime\":\"image\/jpeg\",\"type\":\"image\",\"width\":800,\"height\":552,\"sizes\":{\"thumbnail\":{\"height\":104,\"width\":150,\"url\":\"https:\/\/www.cykloromantika.cz\/wp-content\/uploads\/2022\/01\/foto-1997-01-30-150x104.jpg\",\"orientation\":\"landscape\"},\"medium\":{\"height\":207,\"width\":300,\"url\":\"https:\/\/www.cykloromantika.cz\/wp-content\/uploads\/2022\/01\/foto-1997-01-30-300x207.jpg\",\"orientation\":\"landscape\"},\"full\":{\"url\":\"https:\/\/www.cykloromantika.cz\/wp-content\/uploads\/2022\/01\/foto-1997-01-30.jpg\",\"height\":552,\"width\":800,\"orientation\":\"landscape\"}},\"meta\":false,\"postlink\":\"https:\/\/www.cykloromantika.cz\/foto-1997-01-30\/\"},{\"id\":2513,\"title\":\"Foto 1997 01 31\",\"url\":\"https:\/\/www.cykloromantika.cz\/wp-content\/uploads\/2022\/01\/foto-1997-01-31.jpg\",\"link\":\"https:\/\/www.cykloromantika.cz\/foto-1997-01-31\/\",\"alt\":\"\",\"description\":\"\",\"caption\":\"T\u0159eb\u00ed\u010d, jak kr\u00e1sn\u00e9 m\u011bsto, bohu\u017eel jsem ho jen proj\u00ed\u017ed\u011bl.\",\"mime\":\"image\/jpeg\",\"type\":\"image\",\"width\":800,\"height\":553,\"sizes\":{\"thumbnail\":{\"height\":104,\"width\":150,\"url\":\"https:\/\/www.cykloromantika.cz\/wp-content\/uploads\/2022\/01\/foto-1997-01-31-150x104.jpg\",\"orientation\":\"landscape\"},\"medium\":{\"height\":207,\"width\":300,\"url\":\"https:\/\/www.cykloromantika.cz\/wp-content\/uploads\/2022\/01\/foto-1997-01-31-300x207.jpg\",\"orientation\":\"landscape\"},\"full\":{\"url\":\"https:\/\/www.cykloromantika.cz\/wp-content\/uploads\/2022\/01\/foto-1997-01-31.jpg\",\"height\":553,\"width\":800,\"orientation\":\"landscape\"}},\"meta\":false,\"postlink\":\"https:\/\/www.cykloromantika.cz\/foto-1997-01-31\/\"},{\"id\":2514,\"title\":\"Foto 1997 01 32\",\"url\":\"https:\/\/www.cykloromantika.cz\/wp-content\/uploads\/2022\/01\/foto-1997-01-32.jpg\",\"link\":\"https:\/\/www.cykloromantika.cz\/foto-1997-01-32\/\",\"alt\":\"\",\"description\":\"\",\"caption\":\"Tady jsem vypil sv\u00e9 prvn\u00ed pivo v \u017eivot\u011b:) Plze\u0148 12 jako k\u0159en.\",\"mime\":\"image\/jpeg\",\"type\":\"image\",\"width\":800,\"height\":556,\"sizes\":{\"thumbnail\":{\"height\":104,\"width\":150,\"url\":\"https:\/\/www.cykloromantika.cz\/wp-content\/uploads\/2022\/01\/foto-1997-01-32-150x104.jpg\",\"orientation\":\"landscape\"},\"medium\":{\"height\":209,\"width\":300,\"url\":\"https:\/\/www.cykloromantika.cz\/wp-content\/uploads\/2022\/01\/foto-1997-01-32-300x209.jpg\",\"orientation\":\"landscape\"},\"full\":{\"url\":\"https:\/\/www.cykloromantika.cz\/wp-content\/uploads\/2022\/01\/foto-1997-01-32.jpg\",\"height\":556,\"width\":800,\"orientation\":\"landscape\"}},\"meta\":false,\"postlink\":\"https:\/\/www.cykloromantika.cz\/foto-1997-01-32\/\"},{\"id\":2515,\"title\":\"Foto 1997 01 33\",\"url\":\"https:\/\/www.cykloromantika.cz\/wp-content\/uploads\/2022\/01\/foto-1997-01-33.jpg\",\"link\":\"https:\/\/www.cykloromantika.cz\/foto-1997-01-33\/\",\"alt\":\"\",\"description\":\"\",\"caption\":\"Tel\u010d v dob\u011b kon\u00e1n\u00ed festivalu, \u017eije to tady a\u017e ve\u010der:).\",\"mime\":\"image\/jpeg\",\"type\":\"image\",\"width\":800,\"height\":554,\"sizes\":{\"thumbnail\":{\"height\":104,\"width\":150,\"url\":\"https:\/\/www.cykloromantika.cz\/wp-content\/uploads\/2022\/01\/foto-1997-01-33-150x104.jpg\",\"orientation\":\"landscape\"},\"medium\":{\"height\":208,\"width\":300,\"url\":\"https:\/\/www.cykloromantika.cz\/wp-content\/uploads\/2022\/01\/foto-1997-01-33-300x208.jpg\",\"orientation\":\"landscape\"},\"full\":{\"url\":\"https:\/\/www.cykloromantika.cz\/wp-content\/uploads\/2022\/01\/foto-1997-01-33.jpg\",\"height\":554,\"width\":800,\"orientation\":\"landscape\"}},\"meta\":false,\"postlink\":\"https:\/\/www.cykloromantika.cz\/foto-1997-01-33\/\"},{\"id\":2516,\"title\":\"Foto 1997 01 34\",\"url\":\"https:\/\/www.cykloromantika.cz\/wp-content\/uploads\/2022\/01\/foto-1997-01-34.jpg\",\"link\":\"https:\/\/www.cykloromantika.cz\/foto-1997-01-34\/\",\"alt\":\"\",\"description\":\"\",\"caption\":\"Tady byl vyroben prvn\u00ed kostkov\u00fd cukr na sv\u011bt\u011b. D\u0159\u00edve jen homole.\",\"mime\":\"image\/jpeg\",\"type\":\"image\",\"width\":800,\"height\":554,\"sizes\":{\"thumbnail\":{\"height\":104,\"width\":150,\"url\":\"https:\/\/www.cykloromantika.cz\/wp-content\/uploads\/2022\/01\/foto-1997-01-34-150x104.jpg\",\"orientation\":\"landscape\"},\"medium\":{\"height\":208,\"width\":300,\"url\":\"https:\/\/www.cykloromantika.cz\/wp-content\/uploads\/2022\/01\/foto-1997-01-34-300x208.jpg\",\"orientation\":\"landscape\"},\"full\":{\"url\":\"https:\/\/www.cykloromantika.cz\/wp-content\/uploads\/2022\/01\/foto-1997-01-34.jpg\",\"height\":554,\"width\":800,\"orientation\":\"landscape\"}},\"meta\":false,\"postlink\":\"https:\/\/www.cykloromantika.cz\/foto-1997-01-34\/\"},{\"id\":2517,\"title\":\"Foto 1997 01 35\",\"url\":\"https:\/\/www.cykloromantika.cz\/wp-content\/uploads\/2022\/01\/foto-1997-01-35.jpg\",\"link\":\"https:\/\/www.cykloromantika.cz\/foto-1997-01-35\/\",\"alt\":\"\",\"description\":\"\",\"caption\":\"Vozov\u00fd park 1997 v Da\u010dic\u00edch, dnes u\u017e je to dlouh\u00e1 minulost:).\",\"mime\":\"image\/jpeg\",\"type\":\"image\",\"width\":800,\"height\":553,\"sizes\":{\"thumbnail\":{\"height\":104,\"width\":150,\"url\":\"https:\/\/www.cykloromantika.cz\/wp-content\/uploads\/2022\/01\/foto-1997-01-35-150x104.jpg\",\"orientation\":\"landscape\"},\"medium\":{\"height\":207,\"width\":300,\"url\":\"https:\/\/www.cykloromantika.cz\/wp-content\/uploads\/2022\/01\/foto-1997-01-35-300x207.jpg\",\"orientation\":\"landscape\"},\"full\":{\"url\":\"https:\/\/www.cykloromantika.cz\/wp-content\/uploads\/2022\/01\/foto-1997-01-35.jpg\",\"height\":553,\"width\":800,\"orientation\":\"landscape\"}},\"meta\":false,\"postlink\":\"https:\/\/www.cykloromantika.cz\/foto-1997-01-35\/\"},{\"id\":2518,\"title\":\"Foto 1997 01 36\",\"url\":\"https:\/\/www.cykloromantika.cz\/wp-content\/uploads\/2022\/01\/foto-1997-01-36.jpg\",\"link\":\"https:\/\/www.cykloromantika.cz\/foto-1997-01-36\/\",\"alt\":\"\",\"description\":\"\",\"caption\":\"Da\u010dick\u00fd park, je tady tak p\u0159\u00edjemn\u00e9 posn\u00eddat, von\u00ed to zde senem.\",\"mime\":\"image\/jpeg\",\"type\":\"image\",\"width\":800,\"height\":556,\"sizes\":{\"thumbnail\":{\"height\":104,\"width\":150,\"url\":\"https:\/\/www.cykloromantika.cz\/wp-content\/uploads\/2022\/01\/foto-1997-01-36-150x104.jpg\",\"orientation\":\"landscape\"},\"medium\":{\"height\":209,\"width\":300,\"url\":\"https:\/\/www.cykloromantika.cz\/wp-content\/uploads\/2022\/01\/foto-1997-01-36-300x209.jpg\",\"orientation\":\"landscape\"},\"full\":{\"url\":\"https:\/\/www.cykloromantika.cz\/wp-content\/uploads\/2022\/01\/foto-1997-01-36.jpg\",\"height\":556,\"width\":800,\"orientation\":\"landscape\"}},\"meta\":false,\"postlink\":\"https:\/\/www.cykloromantika.cz\/foto-1997-01-36\/\"},{\"id\":2519,\"title\":\"Foto 1997 01 37\",\"url\":\"https:\/\/www.cykloromantika.cz\/wp-content\/uploads\/2022\/01\/foto-1997-01-37.jpg\",\"link\":\"https:\/\/www.cykloromantika.cz\/foto-1997-01-37\/\",\"alt\":\"\",\"description\":\"\",\"caption\":\"N\u00e1dhern\u00e9 rybn\u00edky mezi Markvarcem a Kun\u017eakem\",\"mime\":\"image\/jpeg\",\"type\":\"image\",\"width\":800,\"height\":552,\"sizes\":{\"thumbnail\":{\"height\":104,\"width\":150,\"url\":\"https:\/\/www.cykloromantika.cz\/wp-content\/uploads\/2022\/01\/foto-1997-01-37-150x104.jpg\",\"orientation\":\"landscape\"},\"medium\":{\"height\":207,\"width\":300,\"url\":\"https:\/\/www.cykloromantika.cz\/wp-content\/uploads\/2022\/01\/foto-1997-01-37-300x207.jpg\",\"orientation\":\"landscape\"},\"full\":{\"url\":\"https:\/\/www.cykloromantika.cz\/wp-content\/uploads\/2022\/01\/foto-1997-01-37.jpg\",\"height\":552,\"width\":800,\"orientation\":\"landscape\"}},\"meta\":false,\"postlink\":\"https:\/\/www.cykloromantika.cz\/foto-1997-01-37\/\"},{\"id\":2520,\"title\":\"Foto 1997 01 38\",\"url\":\"https:\/\/www.cykloromantika.cz\/wp-content\/uploads\/2022\/01\/foto-1997-01-38.jpg\",\"link\":\"https:\/\/www.cykloromantika.cz\/foto-1997-01-38\/\",\"alt\":\"\",\"description\":\"\",\"caption\":\"Jind\u0159ich\u016fv Hradec, z\u00e1mek p\u00e1n\u016f z Hradce. Stoj\u00ed za to jej nav\u0161t\u00edvit.\",\"mime\":\"image\/jpeg\",\"type\":\"image\",\"width\":800,\"height\":553,\"sizes\":{\"thumbnail\":{\"height\":104,\"width\":150,\"url\":\"https:\/\/www.cykloromantika.cz\/wp-content\/uploads\/2022\/01\/foto-1997-01-38-150x104.jpg\",\"orientation\":\"landscape\"},\"medium\":{\"height\":207,\"width\":300,\"url\":\"https:\/\/www.cykloromantika.cz\/wp-content\/uploads\/2022\/01\/foto-1997-01-38-300x207.jpg\",\"orientation\":\"landscape\"},\"full\":{\"url\":\"https:\/\/www.cykloromantika.cz\/wp-content\/uploads\/2022\/01\/foto-1997-01-38.jpg\",\"height\":553,\"width\":800,\"orientation\":\"landscape\"}},\"meta\":false,\"postlink\":\"https:\/\/www.cykloromantika.cz\/foto-1997-01-38\/\"},{\"id\":2521,\"title\":\"Foto 1997 01 39\",\"url\":\"https:\/\/www.cykloromantika.cz\/wp-content\/uploads\/2022\/01\/foto-1997-01-39.jpg\",\"link\":\"https:\/\/www.cykloromantika.cz\/foto-1997-01-39\/\",\"alt\":\"\",\"description\":\"\",\"caption\":\"Ark\u00e1dy v Jind\u0159ichov\u011b Hradci n\u00e1dhern\u011b prosv\u011btluj\u00ed n\u00e1dvo\u0159\u00ed.\",\"mime\":\"image\/jpeg\",\"type\":\"image\",\"width\":556,\"height\":800,\"sizes\":{\"thumbnail\":{\"height\":150,\"width\":104,\"url\":\"https:\/\/www.cykloromantika.cz\/wp-content\/uploads\/2022\/01\/foto-1997-01-39-104x150.jpg\",\"orientation\":\"portrait\"},\"medium\":{\"height\":300,\"width\":209,\"url\":\"https:\/\/www.cykloromantika.cz\/wp-content\/uploads\/2022\/01\/foto-1997-01-39-209x300.jpg\",\"orientation\":\"portrait\"},\"full\":{\"url\":\"https:\/\/www.cykloromantika.cz\/wp-content\/uploads\/2022\/01\/foto-1997-01-39.jpg\",\"height\":800,\"width\":556,\"orientation\":\"portrait\"}},\"meta\":false,\"postlink\":\"https:\/\/www.cykloromantika.cz\/foto-1997-01-39\/\"}],\"itemsMetaDataCollection\":[],\"galleryData\":\"{\\u0022pageMode\\u0022:false,\\u0022lastRowFill\\u0022:true,\\u0022collectionThumbRecomendedHeight\\u0022:300,\\u0022collectionThumbMiniScreenScale\\u0022:true,\\u0022thumbSpacing\\u0022:5,\\u0022externalLink\\u0022:true,\\u0022externalLinkDefName\\u0022:\\u0022Read More\\u0022,\\u0022externalLinkTextColor\\u0022:\\u0022rgba(0,0,0,1)\\u0022,\\u0022externalLinkBgColor\\u0022:\\u0022rgba(255,255,255,1)\\u0022,\\u0022externalLinkFontSize\\u0022:18,\\u0022captions\\u0022:true,\\u0022captionSrc\\u0022:\\u0022caption\\u0022,\\u0022captionHAlign\\u0022:\\u0022bottom\\u0022,\\u0022collectionthumbHoverTitleFontSize\\u0022:12,\\u0022collectionthumbRoundedCorners\\u0022:8,\\u0022collectionthumbHoverTitleTextColor\\u0022:\\u0022rgba(255,255,255,1)\\u0022,\\u0022collectionthumbHoverTitleTextBgColor\\u0022:\\u0022rgba(0,0,0,0.44)\\u0022,\\u0022collectionthumbHoverBgColor\\u0022:\\u0022rgba(0,0,0,0.4)\\u0022,\\u0022collectionThumbSubMenuDownload\\u0022:true,\\u0022collectionThumbSubMenuShare\\u0022:false,\\u0022collectionThumbSubMenuBgColor\\u0022:\\u0022rgba(0,0,0,0.4)\\u0022,\\u0022collectionThumbSubMenuBgColorHover\\u0022:\\u0022rgba(255,255,255,1)\\u0022,\\u0022collectionThumbSubMenuIconColor\\u0022:\\u0022rgba(255,255,255,1)\\u0022,\\u0022collectionThumbSubMenuIconColorHover\\u0022:\\u0022rgba(0,0,0,1)\\u0022,\\u0022galleryType\\u0022:\\u0022pgc_sgb_justified\\u0022,\\u0022align\\u0022:\\u0022\\u0022,\\u0022galleryId\\u0022:\\u002242929168\\u0022,\\u0022galleryQuery\\u0022:null,\\u0022tagsListCustomMode\\u0022:false,\\u0022initGalleryByFirstTag\\u0022:false,\\u0022deepLinkingForTag\\u0022:false,\\u0022galleryTagsList\\u0022:[],\\u0022useClobalSettings\\u0022:true,\\u0022orderBy\\u0022:\\u0022title\\u0022,\\u0022deepLinking\\u0022:false,\\u0022useLightbox\\u0022:true,\\u0022thumbClickAction\\u0022:\\u0022useLightbox\\u0022,\\u0022numItemsDisplayed\\u0022:0,\\u0022lazyLoading\\u0022:true,\\u0022contentNoPadding\\u0022:false,\\u0022galleryPreloaderColor\\u0022:\\u0022rgba(230,230,230,1)\\u0022,\\u0022galleryBgColor\\u0022:\\u0022rgba(0,0,0,0)\\u0022,\\u0022galleryBorderRadius\\u0022:8,\\u0022customCSS\\u0022:\\u0022\\u0022,\\u0022itemsPerPage\\u0022:20,\\u0022loadMoreDefName\\u0022:\\u0022Load More\\u0022,\\u0022loadMoreFontSize\\u0022:16,\\u0022loadMoreTextColor\\u0022:\\u0022rgba(255,255,255,1)\\u0022,\\u0022loadMoreBgColor\\u0022:\\u0022rgba(0,0,0,1)\\u0022,\\u0022tagsFilter\\u0022:false,\\u0022tagCloudAll\\u0022:\\u0022All\\u0022,\\u0022tagCloudBgColor\\u0022:\\u0022rgba(153,153,153,1)\\u0022,\\u0022tagCloudBgColorOver\\u0022:\\u0022rgba(253,253,253,1)\\u0022,\\u0022tagCloudTextColor\\u0022:\\u0022rgba(253,253,253,1)\\u0022,\\u0022tagCloudTextColorOver\\u0022:\\u0022rgba(153,153,153,1)\\u0022,\\u0022tagCloudFontSize\\u0022:16,\\u0022modaBgColor\\u0022:\\u0022rgba(0,0,0,0.8)\\u0022,\\u0022modalIconColor\\u0022:\\u0022rgba(255,255,255,1)\\u0022,\\u0022modalIconColorHover\\u0022:\\u0022rgba(255,255,255,0.8)\\u0022,\\u0022shareFacebook\\u0022:false,\\u0022shareTwitter\\u0022:false,\\u0022sharePinterest\\u0022:false,\\u0022sliderItemDownload\\u0022:true,\\u0022shareCopyLink\\u0022:true,\\u0022sharePost\\u0022:\\u0022postlink\\u0022,\\u0022copyRProtection\\u0022:false,\\u0022copyRAlert\\u0022:\\u0022Hello, this photo is mine!\\u0022,\\u0022sliderScrollNavi\\u0022:false,\\u0022sliderNextPrevAnimation\\u0022:\\u0022animation\\u0022,\\u0022galleryScrollPositionControll\\u0022:false,\\u0022sliderVideoAutoPlay\\u0022:false,\\u0022sliderVideoLoop\\u0022:false,\\u0022sliderItemCounterEnable\\u0022:true,\\u0022sliderCaptionSrc\\u0022:\\u0022caption\\u0022,\\u0022sliderItemTitleEnable\\u0022:true,\\u0022sliderItemTitleFontSize\\u0022:18,\\u0022sliderItemTitleTextColor\\u0022:\\u0022rgba(255,255,255,1)\\u0022,\\u0022itemCounterColor\\u0022:\\u0022rgba(255,255,255,1)\\u0022,\\u0022sliderThumbBarEnable\\u0022:true,\\u0022sliderThumbBarHoverColor\\u0022:\\u0022rgba(240,240,240,1)\\u0022,\\u0022sliderBgColor\\u0022:\\u0022rgba(0,0,0,0.8)\\u0022,\\u0022sliderPreloaderColor\\u0022:\\u0022rgba(240,240,240,1)\\u0022,\\u0022sliderHeaderFooterBgColor\\u0022:\\u0022rgba(0,0,0,0.4)\\u0022,\\u0022sliderNavigationColor\\u0022:\\u0022rgba(0,0,0,1)\\u0022,\\u0022sliderNavigationColorOver\\u0022:\\u0022rgba(255,255,255,1)\\u0022,\\u0022sliderNavigationIconColor\\u0022:\\u0022rgba(255,255,255,1)\\u0022,\\u0022sliderNavigationIconColorOver\\u0022:\\u0022rgba(0,0,0,1)\\u0022,\\u0022sliderSlideshow\\u0022:true,\\u0022sliderSlideshowDelay\\u0022:8,\\u0022slideshowIndicatorColor\\u0022:\\u0022rgba(255,255,255,1)\\u0022,\\u0022slideshowIndicatorColorBg\\u0022:\\u0022rgba(255,255,255,0.5)\\u0022,\\u0022sliderThumbSubMenuBackgroundColor\\u0022:\\u0022rgba(255,255,255,0)\\u0022,\\u0022sliderThumbSubMenuBackgroundColorOver\\u0022:\\u0022rgba(255,255,255,1)\\u0022,\\u0022sliderThumbSubMenuIconColor\\u0022:\\u0022rgba(255,255,255,1)\\u0022,\\u0022sliderThumbSubMenuIconHoverColor\\u0022:\\u0022rgba(0,0,0,1)\\u0022,\\u0022sliderSocialShareEnabled\\u0022:false,\\u0022sliderZoomEnable\\u0022:true,\\u0022sliderFullscreenEnabled\\u0022:true,\\u0022settingsModalIsOpen\\u0022:false,\\u0022skin\\u0022:\\u0022justified\\u0022}\",\"useClobalSettings\":true,\"orderBy\":\"title\",\"galleryBorderRadius\":8,\"shareFacebook\":false,\"shareTwitter\":false,\"sharePinterest\":false,\"sharePost\":\"postlink\",\"sliderItemTitleEnable\":true,\"sliderSocialShareEnabled\":false}<\/script><script>(function(){if(window.PGC_SGB && window.PGC_SGB.searcher){window.PGC_SGB.searcher.initBlocks()}})()<\/script><\/div>\n","protected":false},"excerpt":{"rendered":"","protected":false},"author":1,"featured_media":2520,"comment_status":"open","ping_status":"open","sticky":false,"template":"","format":"standard","meta":{"_acf_changed":false,"pgc_sgb_lightbox_settings":"","footnotes":""},"categories":[31],"tags":[],"class_list":["post-2226","post","type-post","status-publish","format-standard","has-post-thumbnail","hentry","category-denicek"],"acf":[],"_links":{"self":[{"href":"https:\/\/www.cykloromantika.cz\/index.php\/wp-json\/wp\/v2\/posts\/2226","targetHints":{"allow":["GET"]}}],"collection":[{"href":"https:\/\/www.cykloromantika.cz\/index.php\/wp-json\/wp\/v2\/posts"}],"about":[{"href":"https:\/\/www.cykloromantika.cz\/index.php\/wp-json\/wp\/v2\/types\/post"}],"author":[{"embeddable":true,"href":"https:\/\/www.cykloromantika.cz\/index.php\/wp-json\/wp\/v2\/users\/1"}],"replies":[{"embeddable":true,"href":"https:\/\/www.cykloromantika.cz\/index.php\/wp-json\/wp\/v2\/comments?post=2226"}],"version-history":[{"count":40,"href":"https:\/\/www.cykloromantika.cz\/index.php\/wp-json\/wp\/v2\/posts\/2226\/revisions"}],"predecessor-version":[{"id":3277,"href":"https:\/\/www.cykloromantika.cz\/index.php\/wp-json\/wp\/v2\/posts\/2226\/revisions\/3277"}],"wp:featuredmedia":[{"embeddable":true,"href":"https:\/\/www.cykloromantika.cz\/index.php\/wp-json\/wp\/v2\/media\/2520"}],"wp:attachment":[{"href":"https:\/\/www.cykloromantika.cz\/index.php\/wp-json\/wp\/v2\/media?parent=2226"}],"wp:term":[{"taxonomy":"category","embeddable":true,"href":"https:\/\/www.cykloromantika.cz\/index.php\/wp-json\/wp\/v2\/categories?post=2226"},{"taxonomy":"post_tag","embeddable":true,"href":"https:\/\/www.cykloromantika.cz\/index.php\/wp-json\/wp\/v2\/tags?post=2226"}],"curies":[{"name":"wp","href":"https:\/\/api.w.org\/{rel}","templated":true}]}}