{"id":2070,"date":"2021-07-31T17:20:00","date_gmt":"2021-07-31T16:20:00","guid":{"rendered":"https:\/\/www.cykloromantika.cz\/?p=2070"},"modified":"2025-10-19T17:14:23","modified_gmt":"2025-10-19T16:14:23","slug":"xxv-rocnik-6-den-letosni-nejdelsi-s-pruvodcem-7-den-destive-zakonceni","status":"publish","type":"post","link":"https:\/\/www.cykloromantika.cz\/index.php\/2021\/07\/31\/xxv-rocnik-6-den-letosni-nejdelsi-s-pruvodcem-7-den-destive-zakonceni\/","title":{"rendered":"XXV. ro\u010dn\u00edk \u2013 6.&nbsp;den: Leto\u0161n\u00ed nejdel\u0161\u00ed s&nbsp;pr\u016fvodcem (7.&nbsp;den \u2013 De\u0161tiv\u00e9 zakon\u010den\u00ed)"},"content":{"rendered":"<style>.kt-tabs-id2070_0ada87-03 > .kt-tabs-content-wrap > .wp-block-kadence-tab{border-top:1px solid #eeeeee;border-right:0px solid #eeeeee;border-bottom:0px solid #eeeeee;border-left:0px solid #eeeeee;border-top-left-radius:0px;border-top-right-radius:0px;border-bottom-right-radius:0px;border-bottom-left-radius:0px;padding-top:20px;padding-right:0px;padding-bottom:20px;padding-left:0px;background:#ffffff;}.wp-block-kadence-tabs .kt-tabs-id2070_0ada87-03 > .kt-tabs-title-list li{margin-top:0px;margin-right:8px;margin-bottom:0px;margin-left:0px;}.wp-block-kadence-tabs .kt-tabs-id2070_0ada87-03 > .kt-tabs-title-list li:last-child{margin-right:0px;}.wp-block-kadence-tabs .kt-tabs-id2070_0ada87-03 > .kt-tabs-title-list li .kt-tab-title, .wp-block-kadence-tabs .kt-tabs-id2070_0ada87-03 > .kt-tabs-content-wrap > .kt-tabs-accordion-title .kt-tab-title{line-height:1.4em;font-weight:400;font-style:normal;text-transform:uppercase;border-top-width:0px;border-right-width:0px;border-bottom-width:0px;border-left-width:0px;border-top-left-radius:0px;border-top-right-radius:0px;border-bottom-right-radius:0px;border-bottom-left-radius:0px;padding-top:8px;padding-right:20px;padding-bottom:8px;padding-left:20px;border-color:#ffffff;color:#555555;background:#ffffff;}.wp-block-kadence-tabs .kt-tabs-id2070_0ada87-03 > .kt-tabs-content-wrap > .kt-tabs-accordion-title .kt-tab-title{margin-top:0px;margin-right:8px;margin-bottom:0px;margin-left:0px;}.wp-block-kadence-tabs .kt-tabs-id2070_0ada87-03 > .kt-tabs-title-list li .kt-tab-title:hover, .wp-block-kadence-tabs .kt-tabs-id2070_0ada87-03 > .kt-tabs-content-wrap > .kt-tabs-accordion-title .kt-tab-title:hover{border-color:#555555;color:#086abd;background:#ffffff;}.wp-block-kadence-tabs .kt-tabs-id2070_0ada87-03 > .kt-tabs-title-list li.kt-tab-title-active .kt-tab-title, .wp-block-kadence-tabs .kt-tabs-id2070_0ada87-03 > .kt-tabs-content-wrap > .kt-tabs-accordion-title.kt-tab-title-active .kt-tab-title{border-color:#555555;color:#086abd;background:#ffffff;}.wp-block-kadence-tabs .kt-tabs-id2070_0ada87-03 > .kt-tabs-title-list li svg{font-size:24px;}@media all and (max-width: 1024px){.kt-tabs-id2070_0ada87-03 > .kt-tabs-content-wrap > .wp-block-kadence-tab{border-top:1px solid #eeeeee;border-right:0px solid #eeeeee;border-bottom:0px solid #eeeeee;border-left:0px solid #eeeeee;}}@media all and (max-width: 767px){.kt-tabs-id2070_0ada87-03 > .kt-tabs-content-wrap > .wp-block-kadence-tab{border-top:1px solid #eeeeee;border-right:0px solid #eeeeee;border-bottom:0px solid #eeeeee;border-left:0px solid #eeeeee;}}<\/style>\n<div class=\"wp-block-kadence-tabs alignnone\"><div class=\"kt-tabs-wrap kt-tabs-id2070_0ada87-03 kt-tabs-has-3-tabs kt-active-tab-3 kt-tabs-layout-tabs kt-tabs-tablet-layout-inherit kt-tabs-mobile-layout-inherit kt-tab-alignment-center \"><ul class=\"kt-tabs-title-list\"><li id=\"tab-trasa\" class=\"kt-title-item kt-title-item-1 kt-tabs-svg-show-always kt-tabs-icon-side-top kt-tab-title-inactive\"><a href=\"#tab-trasa\" data-tab=\"1\" class=\"kt-tab-title kt-tab-title-1 \"><span class=\"kb-svg-icon-wrap kb-svg-icon-fe_map\"><svg viewBox=\"0 0 24 24\"  fill=\"none\" stroke=\"currentColor\" stroke-width=\"2\" stroke-linecap=\"round\" stroke-linejoin=\"round\" xmlns=\"http:\/\/www.w3.org\/2000\/svg\"  aria-hidden=\"true\"><polygon points=\"1 6 1 22 8 18 16 22 23 18 23 2 16 6 8 2 1 6\"\/><line x1=\"8\" y1=\"2\" x2=\"8\" y2=\"18\"\/><line x1=\"16\" y1=\"6\" x2=\"16\" y2=\"22\"\/><\/svg><\/span><span class=\"kt-title-text\">Trasa<\/span><\/a><\/li><li id=\"tab-zitky\" class=\"kt-title-item kt-title-item-2 kt-tabs-svg-show-always kt-tabs-icon-side-top kt-tab-title-inactive\"><a href=\"#tab-zitky\" data-tab=\"2\" class=\"kt-tab-title kt-tab-title-2 \"><span class=\"kb-svg-icon-wrap kb-svg-icon-fe_alignLeft\"><svg viewBox=\"0 0 24 24\"  fill=\"none\" stroke=\"currentColor\" stroke-width=\"2\" stroke-linecap=\"round\" stroke-linejoin=\"round\" xmlns=\"http:\/\/www.w3.org\/2000\/svg\"  aria-hidden=\"true\"><line x1=\"17\" y1=\"10\" x2=\"3\" y2=\"10\"\/><line x1=\"21\" y1=\"6\" x2=\"3\" y2=\"6\"\/><line x1=\"21\" y1=\"14\" x2=\"3\" y2=\"14\"\/><line x1=\"17\" y1=\"18\" x2=\"3\" y2=\"18\"\/><\/svg><\/span><span class=\"kt-title-text\">Z\u00e1\u017eitky<\/span><\/a><\/li><li id=\"tab-fotky\" class=\"kt-title-item kt-title-item-3 kt-tabs-svg-show-always kt-tabs-icon-side-top kt-tab-title-active\"><a href=\"#tab-fotky\" data-tab=\"3\" class=\"kt-tab-title kt-tab-title-3 \"><span class=\"kb-svg-icon-wrap kb-svg-icon-fe_camera\"><svg viewBox=\"0 0 24 24\"  fill=\"none\" stroke=\"currentColor\" stroke-width=\"2\" stroke-linecap=\"round\" stroke-linejoin=\"round\" xmlns=\"http:\/\/www.w3.org\/2000\/svg\"  aria-hidden=\"true\"><path d=\"M23 19a2 2 0 0 1-2 2H3a2 2 0 0 1-2-2V8a2 2 0 0 1 2-2h4l2-3h6l2 3h4a2 2 0 0 1 2 2z\"\/><circle cx=\"12\" cy=\"13\" r=\"4\"\/><\/svg><\/span><span class=\"kt-title-text\">Fotky<\/span><\/a><\/li><\/ul><div class=\"kt-tabs-content-wrap\">\n<div class=\"wp-block-kadence-tab kt-tab-inner-content kt-inner-tab-1 kt-inner-tab2070_264f1b-73\"><div class=\"kt-tab-inner-content-inner\">\n<p>T\u0159eme\u0161n\u00e1 &#8211; M\u011bsto Albrechtice &#8211; Linhartovy &#8211; Krnov &#8211; Brantice &#8211; Milotice nad Opavou &#8211; l\u00e1vov\u00e9 proudy u Meziny &#8211; Leskovec nad Moravic\u00ed &#8211; p\u0159ehrada Slezsk\u00e1 Harta &#8211; p\u0159ehrada Kru\u017eberk &#8211; Kru\u017eberk (span\u00ed v&nbsp;chatov\u00e9 osad\u011b)<\/p>\n\n\n\n<ul class=\"wp-block-list\">\n<li>najeto: 74 km <\/li>\n\n\n\n<li>nejni\u017e\u0161\u00ed a nejvy\u0161\u0161\u00ed bod: 318-586&nbsp;m n. m. <\/li>\n\n\n\n<li>stoup\u00e1n\u00ed: 598&nbsp;m <\/li>\n\n\n\n<li>kles\u00e1n\u00ed: 544&nbsp;m<\/li>\n<\/ul>\n\n\n<div class=\"pgc-sgb-cb wp-block-pgcsimplygalleryblock-slider \" data-gallery-id=\"76e39663\"style=&quot;min-height:320px&quot;><div class=\"sgb-preloader\" id=\"pr_76e39663\">\n\t<div class=\"sgb-square\" style=\"background:#d4d4d4\"><\/div>\n\t<div class=\"sgb-square\" style=\"background:#d4d4d4\"><\/div>\n\t<div class=\"sgb-square\" style=\"background:#d4d4d4\"><\/div>\n\t<div class=\"sgb-square\" style=\"background:#d4d4d4\"><\/div><\/div><div class=\"simply-gallery-amp pgc_sgb_slider \"><noscript><div class=\"sgb-gallery\"><div class=\"sgb-item\"><a href=\"https:\/\/www.cykloromantika.cz\/index.php\/2021\/07\/26\/xxv-rocnik-1-den-pivovar-faltus-vstupni-brana-do-orlickych-hor\/mapa-2021-06-01\/\" target=\"_blank\"><img decoding=\"async\" alt=\"\" width=\"300\" height=\"155\" loading=\"lazy\" src=\"https:\/\/www.cykloromantika.cz\/wp-content\/uploads\/2021\/07\/mapa-2021-06-01-300x155.jpg\" srcset=\"https:\/\/www.cykloromantika.cz\/wp-content\/uploads\/2021\/07\/mapa-2021-06-01-300x155.jpg 300w,https:\/\/www.cykloromantika.cz\/wp-content\/uploads\/2021\/07\/mapa-2021-06-01.jpg 1024w\" sizes=\"auto, 250px\"\/><\/a><\/div><div class=\"sgb-item\"><a href=\"https:\/\/www.cykloromantika.cz\/index.php\/2021\/07\/26\/xxv-rocnik-1-den-pivovar-faltus-vstupni-brana-do-orlickych-hor\/mapa-2021-06-02\/\" target=\"_blank\"><img decoding=\"async\" alt=\"\" width=\"300\" height=\"155\" loading=\"lazy\" src=\"https:\/\/www.cykloromantika.cz\/wp-content\/uploads\/2021\/07\/mapa-2021-06-02-300x155.jpg\" srcset=\"https:\/\/www.cykloromantika.cz\/wp-content\/uploads\/2021\/07\/mapa-2021-06-02-300x155.jpg 300w,https:\/\/www.cykloromantika.cz\/wp-content\/uploads\/2021\/07\/mapa-2021-06-02.jpg 1024w\" sizes=\"auto, 250px\"\/><\/a><\/div><div class=\"sgb-item\"><a href=\"https:\/\/www.cykloromantika.cz\/index.php\/2021\/07\/26\/xxv-rocnik-1-den-pivovar-faltus-vstupni-brana-do-orlickych-hor\/mapa-2021-06-03\/\" target=\"_blank\"><img decoding=\"async\" alt=\"\" width=\"300\" height=\"155\" loading=\"lazy\" src=\"https:\/\/www.cykloromantika.cz\/wp-content\/uploads\/2021\/07\/mapa-2021-06-03-300x155.jpg\" srcset=\"https:\/\/www.cykloromantika.cz\/wp-content\/uploads\/2021\/07\/mapa-2021-06-03-300x155.jpg 300w,https:\/\/www.cykloromantika.cz\/wp-content\/uploads\/2021\/07\/mapa-2021-06-03.jpg 1024w\" sizes=\"auto, 250px\"\/><\/a><\/div><div class=\"sgb-item\"><a href=\"https:\/\/www.cykloromantika.cz\/index.php\/2021\/07\/26\/xxv-rocnik-1-den-pivovar-faltus-vstupni-brana-do-orlickych-hor\/mapa-2021-06-04\/\" target=\"_blank\"><img decoding=\"async\" alt=\"\" width=\"300\" height=\"155\" loading=\"lazy\" src=\"https:\/\/www.cykloromantika.cz\/wp-content\/uploads\/2021\/07\/mapa-2021-06-04-300x155.jpg\" srcset=\"https:\/\/www.cykloromantika.cz\/wp-content\/uploads\/2021\/07\/mapa-2021-06-04-300x155.jpg 300w,https:\/\/www.cykloromantika.cz\/wp-content\/uploads\/2021\/07\/mapa-2021-06-04.jpg 1024w\" sizes=\"auto, 250px\"\/><\/a><\/div><\/div><\/noscript><\/div><script type=\"application\/json\" class=\"sgb-data\">{\"externalLinkDefName\":\"d\u00e1le\",\"captionHAlign\":\"bottom\",\"collectionthumbHoverTitleFontSize\":12,\"collectionthumbRoundedCorners\":8,\"collectionthumbHoverTitleTextBgColor\":\"rgba(0,0,0,0.44)\",\"collectionThumbSubMenuShare\":false,\"sliderMaxHeight\":320,\"sliderAdminWidth\":0,\"responsiveHeight\":true,\"collectionColumns\":2,\"autoPlay\":true,\"autoPlayDelay\":8,\"galleryType\":\"pgc_sgb_slider\",\"galleryId\":\"76e39663\",\"images\":[{\"id\":7260,\"title\":\"Mapa 2021 06 01\",\"url\":\"https:\/\/www.cykloromantika.cz\/wp-content\/uploads\/2021\/07\/mapa-2021-06-01.jpg\",\"link\":\"https:\/\/www.cykloromantika.cz\/index.php\/2021\/07\/26\/xxv-rocnik-1-den-pivovar-faltus-vstupni-brana-do-orlickych-hor\/mapa-2021-06-01\/\",\"alt\":\"\",\"description\":\"\",\"caption\":\"\",\"mime\":\"image\/jpeg\",\"type\":\"image\",\"width\":1024,\"height\":530,\"sizes\":{\"thumbnail\":{\"height\":78,\"width\":150,\"url\":\"https:\/\/www.cykloromantika.cz\/wp-content\/uploads\/2021\/07\/mapa-2021-06-01-150x78.jpg\",\"orientation\":\"landscape\"},\"medium\":{\"height\":155,\"width\":300,\"url\":\"https:\/\/www.cykloromantika.cz\/wp-content\/uploads\/2021\/07\/mapa-2021-06-01-300x155.jpg\",\"orientation\":\"landscape\"},\"full\":{\"url\":\"https:\/\/www.cykloromantika.cz\/wp-content\/uploads\/2021\/07\/mapa-2021-06-01.jpg\",\"height\":530,\"width\":1024,\"orientation\":\"landscape\"}},\"meta\":false,\"postlink\":\"https:\/\/www.cykloromantika.cz\/index.php\/2021\/07\/26\/xxv-rocnik-1-den-pivovar-faltus-vstupni-brana-do-orlickych-hor\/mapa-2021-06-01\/\"},{\"id\":7261,\"title\":\"Mapa 2021 06 02\",\"url\":\"https:\/\/www.cykloromantika.cz\/wp-content\/uploads\/2021\/07\/mapa-2021-06-02.jpg\",\"link\":\"https:\/\/www.cykloromantika.cz\/index.php\/2021\/07\/26\/xxv-rocnik-1-den-pivovar-faltus-vstupni-brana-do-orlickych-hor\/mapa-2021-06-02\/\",\"alt\":\"\",\"description\":\"\",\"caption\":\"\",\"mime\":\"image\/jpeg\",\"type\":\"image\",\"width\":1024,\"height\":530,\"sizes\":{\"thumbnail\":{\"height\":78,\"width\":150,\"url\":\"https:\/\/www.cykloromantika.cz\/wp-content\/uploads\/2021\/07\/mapa-2021-06-02-150x78.jpg\",\"orientation\":\"landscape\"},\"medium\":{\"height\":155,\"width\":300,\"url\":\"https:\/\/www.cykloromantika.cz\/wp-content\/uploads\/2021\/07\/mapa-2021-06-02-300x155.jpg\",\"orientation\":\"landscape\"},\"full\":{\"url\":\"https:\/\/www.cykloromantika.cz\/wp-content\/uploads\/2021\/07\/mapa-2021-06-02.jpg\",\"height\":530,\"width\":1024,\"orientation\":\"landscape\"}},\"meta\":false,\"postlink\":\"https:\/\/www.cykloromantika.cz\/index.php\/2021\/07\/26\/xxv-rocnik-1-den-pivovar-faltus-vstupni-brana-do-orlickych-hor\/mapa-2021-06-02\/\"},{\"id\":7262,\"title\":\"Mapa 2021 06 03\",\"url\":\"https:\/\/www.cykloromantika.cz\/wp-content\/uploads\/2021\/07\/mapa-2021-06-03.jpg\",\"link\":\"https:\/\/www.cykloromantika.cz\/index.php\/2021\/07\/26\/xxv-rocnik-1-den-pivovar-faltus-vstupni-brana-do-orlickych-hor\/mapa-2021-06-03\/\",\"alt\":\"\",\"description\":\"\",\"caption\":\"\",\"mime\":\"image\/jpeg\",\"type\":\"image\",\"width\":1024,\"height\":530,\"sizes\":{\"thumbnail\":{\"height\":78,\"width\":150,\"url\":\"https:\/\/www.cykloromantika.cz\/wp-content\/uploads\/2021\/07\/mapa-2021-06-03-150x78.jpg\",\"orientation\":\"landscape\"},\"medium\":{\"height\":155,\"width\":300,\"url\":\"https:\/\/www.cykloromantika.cz\/wp-content\/uploads\/2021\/07\/mapa-2021-06-03-300x155.jpg\",\"orientation\":\"landscape\"},\"full\":{\"url\":\"https:\/\/www.cykloromantika.cz\/wp-content\/uploads\/2021\/07\/mapa-2021-06-03.jpg\",\"height\":530,\"width\":1024,\"orientation\":\"landscape\"}},\"meta\":false,\"postlink\":\"https:\/\/www.cykloromantika.cz\/index.php\/2021\/07\/26\/xxv-rocnik-1-den-pivovar-faltus-vstupni-brana-do-orlickych-hor\/mapa-2021-06-03\/\"},{\"id\":7263,\"title\":\"Mapa 2021 06 04\",\"url\":\"https:\/\/www.cykloromantika.cz\/wp-content\/uploads\/2021\/07\/mapa-2021-06-04.jpg\",\"link\":\"https:\/\/www.cykloromantika.cz\/index.php\/2021\/07\/26\/xxv-rocnik-1-den-pivovar-faltus-vstupni-brana-do-orlickych-hor\/mapa-2021-06-04\/\",\"alt\":\"\",\"description\":\"\",\"caption\":\"\",\"mime\":\"image\/jpeg\",\"type\":\"image\",\"width\":1024,\"height\":530,\"sizes\":{\"thumbnail\":{\"height\":78,\"width\":150,\"url\":\"https:\/\/www.cykloromantika.cz\/wp-content\/uploads\/2021\/07\/mapa-2021-06-04-150x78.jpg\",\"orientation\":\"landscape\"},\"medium\":{\"height\":155,\"width\":300,\"url\":\"https:\/\/www.cykloromantika.cz\/wp-content\/uploads\/2021\/07\/mapa-2021-06-04-300x155.jpg\",\"orientation\":\"landscape\"},\"full\":{\"url\":\"https:\/\/www.cykloromantika.cz\/wp-content\/uploads\/2021\/07\/mapa-2021-06-04.jpg\",\"height\":530,\"width\":1024,\"orientation\":\"landscape\"}},\"meta\":false,\"postlink\":\"https:\/\/www.cykloromantika.cz\/index.php\/2021\/07\/26\/xxv-rocnik-1-den-pivovar-faltus-vstupni-brana-do-orlickych-hor\/mapa-2021-06-04\/\"}],\"orderBy\":\"title\",\"galleryBorderRadius\":8,\"shareFacebook\":false,\"shareTwitter\":false,\"sharePinterest\":false,\"sharePost\":\"postlink\",\"sliderSocialShareEnabled\":false,\"itemsMetaDataCollection\":[]}<\/script><script>(function(){if(window.PGC_SGB && window.PGC_SGB.searcher){window.PGC_SGB.searcher.initBlocks()}})()<\/script><\/div>\n\n\n<h3 class=\"wp-block-heading\" id=\"7-den-destive-zakonceni\">7.&nbsp;den: De\u0161tiv\u00e9 zakon\u010den\u00ed<\/h3>\n\n\n\n<p>Kru\u017eberk (chatov\u00e1 osada) &#8211; p\u0159ehrada Kru\u017eberk &#8211; Svato\u0148ovice (- V\u011bt\u0159kovice &#8211; B\u00edlovec &#8211; Jistebn\u00edk &#8211; Ostrava)<\/p>\n\n\n\n<ul class=\"wp-block-list\">\n<li>najeto: 7 km <\/li>\n\n\n\n<li>nejni\u017e\u0161\u00ed a nejvy\u0161\u0161\u00ed bod: 402-556&nbsp;m n. m. <\/li>\n\n\n\n<li>stoup\u00e1n\u00ed: 183&nbsp;m <\/li>\n\n\n\n<li>kles\u00e1n\u00ed: 42&nbsp;m<\/li>\n<\/ul>\n\n\n<div class=\"pgc-sgb-cb wp-block-pgcsimplygalleryblock-slider \" data-gallery-id=\"50644057\"style=&quot;min-height:320px&quot;><div class=\"sgb-preloader\" id=\"pr_50644057\">\n\t<div class=\"sgb-square\" style=\"background:#d4d4d4\"><\/div>\n\t<div class=\"sgb-square\" style=\"background:#d4d4d4\"><\/div>\n\t<div class=\"sgb-square\" style=\"background:#d4d4d4\"><\/div>\n\t<div class=\"sgb-square\" style=\"background:#d4d4d4\"><\/div><\/div><div class=\"simply-gallery-amp pgc_sgb_slider \"><noscript><div class=\"sgb-gallery\"><div class=\"sgb-item\"><a href=\"https:\/\/www.cykloromantika.cz\/index.php\/2021\/07\/26\/xxv-rocnik-1-den-pivovar-faltus-vstupni-brana-do-orlickych-hor\/mapa-2021-07-01\/\" target=\"_blank\"><img decoding=\"async\" alt=\"\" width=\"300\" height=\"155\" loading=\"lazy\" src=\"https:\/\/www.cykloromantika.cz\/wp-content\/uploads\/2021\/07\/mapa-2021-07-01-300x155.jpg\" srcset=\"https:\/\/www.cykloromantika.cz\/wp-content\/uploads\/2021\/07\/mapa-2021-07-01-300x155.jpg 300w,https:\/\/www.cykloromantika.cz\/wp-content\/uploads\/2021\/07\/mapa-2021-07-01.jpg 1024w\" sizes=\"auto, 250px\"\/><\/a><\/div><\/div><\/noscript><\/div><script type=\"application\/json\" class=\"sgb-data\">{\"externalLinkDefName\":\"d\u00e1le\",\"captionHAlign\":\"bottom\",\"collectionthumbHoverTitleFontSize\":12,\"collectionthumbRoundedCorners\":8,\"collectionthumbHoverTitleTextBgColor\":\"rgba(0,0,0,0.44)\",\"collectionThumbSubMenuShare\":false,\"sliderMaxHeight\":320,\"sliderAdminWidth\":0,\"responsiveHeight\":true,\"collectionColumns\":1,\"sliderThumbsNavi\":false,\"autoPlay\":true,\"autoPlayDelay\":8,\"galleryType\":\"pgc_sgb_slider\",\"galleryId\":\"50644057\",\"images\":[{\"id\":7264,\"title\":\"Mapa 2021 07 01\",\"url\":\"https:\/\/www.cykloromantika.cz\/wp-content\/uploads\/2021\/07\/mapa-2021-07-01.jpg\",\"link\":\"https:\/\/www.cykloromantika.cz\/index.php\/2021\/07\/26\/xxv-rocnik-1-den-pivovar-faltus-vstupni-brana-do-orlickych-hor\/mapa-2021-07-01\/\",\"alt\":\"\",\"description\":\"\",\"caption\":\"\",\"mime\":\"image\/jpeg\",\"type\":\"image\",\"width\":1024,\"height\":530,\"sizes\":{\"thumbnail\":{\"height\":78,\"width\":150,\"url\":\"https:\/\/www.cykloromantika.cz\/wp-content\/uploads\/2021\/07\/mapa-2021-07-01-150x78.jpg\",\"orientation\":\"landscape\"},\"medium\":{\"height\":155,\"width\":300,\"url\":\"https:\/\/www.cykloromantika.cz\/wp-content\/uploads\/2021\/07\/mapa-2021-07-01-300x155.jpg\",\"orientation\":\"landscape\"},\"full\":{\"url\":\"https:\/\/www.cykloromantika.cz\/wp-content\/uploads\/2021\/07\/mapa-2021-07-01.jpg\",\"height\":530,\"width\":1024,\"orientation\":\"landscape\"}},\"meta\":false,\"postlink\":\"https:\/\/www.cykloromantika.cz\/index.php\/2021\/07\/26\/xxv-rocnik-1-den-pivovar-faltus-vstupni-brana-do-orlickych-hor\/mapa-2021-07-01\/\"}],\"orderBy\":\"title\",\"galleryBorderRadius\":8,\"shareFacebook\":false,\"shareTwitter\":false,\"sharePinterest\":false,\"sharePost\":\"postlink\",\"sliderSocialShareEnabled\":false,\"itemsMetaDataCollection\":[]}<\/script><script>(function(){if(window.PGC_SGB && window.PGC_SGB.searcher){window.PGC_SGB.searcher.initBlocks()}})()<\/script><\/div><\/div><\/div>\n\n\n\n<div class=\"wp-block-kadence-tab kt-tab-inner-content kt-inner-tab-2 kt-inner-tab2070_99d311-1a\"><div class=\"kt-tab-inner-content-inner\">\n<p>R\u00e1no op\u011bt tepl\u00e1 sn\u00eddan\u011b \u2013 m\u00edchan\u00e1 vaj\u00ed\u010dka. Je vid\u011bt, \u017ee si dop\u0159\u00e1v\u00e1me maxim\u00e1ln\u011b. Obl\u00e9k\u00e1me se  do vypran\u00fdch cyklosvr\u0161k\u016f, po\u010dk\u00e1me a\u017e p\u0159estane pr\u0161et a vyr\u00e1\u017e\u00edme. Cesta a\u017e do Krnova je m\u00edrn\u011b z&nbsp;kopce a ub\u00edh\u00e1 rychle. V&nbsp;<strong>Krnov\u011b<\/strong> se nasm\u011brujeme na Milotice nad Opavou. Nejprve se ale zastav\u00edme v&nbsp;<strong>Brantic\u00edch<\/strong> na pol\u00e9vku, a\u0165 m\u00e1me s\u00edlu na dlouhou etapu kolem p\u0159ehrad Slezsk\u00e1 Harta a Kru\u017eberk a na kopcovitou krajinu. V&nbsp;Milotic\u00edch to toti\u017e p\u0159ijde. \u010cty\u0159kilometrov\u00e9 stoup\u00e1n\u00ed je v\u00fd\u017eivn\u00e9.<\/p>\n\n\n\n<p>Ale pak zase dol\u016f ke Slezsk\u00e9 Hart\u011b. Trochu si zajedeme k&nbsp;p\u0159\u00edrodn\u00ed pam\u00e1tce L\u00e1vov\u00fd proud u Meziny. Tady bychom bez biologa Franty asi nezam\u00ed\u0159ili. Pak se houpeme kolem <strong>Slezsk\u00e9 Harty<\/strong> po hlavn\u00ed silnici a\u017e na hr\u00e1z. Tady se samoz\u0159ejm\u011b zastav\u00edme a hodnot\u00edme vodn\u00ed d\u00edlo jako vodohospod\u00e1\u0159\u0161t\u00ed odborn\u00edci. Na chv\u00edli v\u00e1h\u00e1me, zda do z\u00e1kazu vjezdu pokra\u010dovat, ale odv\u00e1\u017e\u00edme se p\u0159es z\u00e1voru a zna\u010dku projet. Jedin\u00fd Du\u0161\u00edk se pod n\u00ed vlezl a uk\u00e1zal obdivuhodnou ekvilibristiku na kole.<\/p>\n\n\n\n<p>Sjedeme pod hr\u00e1z a tento pohled je je\u0161t\u011b v\u00edce monument\u00e1ln\u00ed. Jedeme d\u00e1le kolem \u0159eky Moravice. Mineme z\u0159\u00edceninu kaple sv. Michaela a jsme u p\u0159ehrady <strong>Kru\u017eberk<\/strong>. Op\u011bt kop\u00edrujeme jej\u00ed b\u0159ehy. Tentokr\u00e1t jedeme mimo hlavn\u00ed silnice lesem a krajina je pest\u0159ej\u0161\u00ed. I hr\u00e1z, kter\u00e9 doraz\u00edme za chv\u00edli, je mnohem romanti\u010dt\u011bj\u0161\u00ed ne\u017e byla u Harty. <\/p>\n\n\n\n<p>Te\u010f u\u017e n\u00e1m chyb\u00ed jen dojet do obce Kru\u017eberk, kde m\u00e1me domluven\u00fd nocleh na terase kamar\u00e1d\u010diny chaty. M\u00e1 ale jednu podm\u00ednku \u2013 vykoupat se v&nbsp;Moravici. Jdeme na to p\u0159\u00edmo pod hr\u00e1z\u00ed. Pono\u0159\u00ed se jen Franta a Du\u0161\u00edk, ostatn\u00ed jsou opatrn\u011bj\u0161\u00ed. Bodej\u0165 jo, kdy\u017e je voda studen\u00e1 a te\u010de prudce. Kotn\u00edky se mrazem prot\u00e1\u010d\u00ed hodn\u011b. <\/p>\n\n\n\n<p>Za obc\u00ed Kru\u017eberk m\u00ed\u0159\u00edme do chatov\u00e9 osady. Chv\u00edli hled\u00e1me chatu, proto\u017ee m\u00e1me jen GPS sou\u0159adnice. Nakonec jsme \u00fasp\u011b\u0161n\u00ed. Odstroj\u00edme kola a jedeme do hospody. Bohu\u017eel u\u017e neva\u0159\u00ed, tak si poru\u010d\u00edme &#8222;nasma\u017eit&#8220; chipsy. Pivo ale bodlo po celodenn\u00ed v\u00fd\u017eivn\u00e9 j\u00edzd\u011b.<\/p>\n\n\n\n<p>Druh\u00fd den n\u00e1s p\u0159iv\u00edt\u00e1 d\u00e9\u0161\u0165. Trochu se n\u00e1m m\u011bn\u00ed pl\u00e1ny. Otu\u017eilci Franta a Du\u0161\u00edk se rozhodnou p\u0159esto pokra\u010dovat na Ostravu a povede se jim v&nbsp;suchu, proto\u017ee d\u00e9\u0161\u0165 je v\u017edy mine nebo jsou v&nbsp;hospod\u011b. My ostatn\u00ed po\u010dk\u00e1me na konec de\u0161t\u011b a zam\u00ed\u0159\u00edme zp\u011bt p\u0159es hr\u00e1z Kru\u017eberka do <strong>Svato\u0148ovic<\/strong>. Tady se nalo\u017e\u00edme do n\u00e1hradn\u00ed dopravy. B\u011bhem cesty autobusem do Oder dost pr\u0161\u00ed a jsme r\u00e1di, \u017ee cestujeme pod st\u0159echou. V&nbsp;Odr\u00e1ch p\u0159esedneme do vlaku do Suchdola a pak zp\u00e1tky do Ostravy.<\/p>\n<\/div><\/div>\n\n\n\n<div class=\"wp-block-kadence-tab kt-tab-inner-content kt-inner-tab-3 kt-inner-tab2070_2f1c81-cb\"><div class=\"kt-tab-inner-content-inner\"><div class=\"pgc-sgb-cb wp-block-pgcsimplygalleryblock-justified \" data-gallery-id=\"04340922\"><div class=\"sgb-preloader\" id=\"pr_04340922\">\n\t<div class=\"sgb-square\" style=\"background:#d4d4d4\"><\/div>\n\t<div class=\"sgb-square\" style=\"background:#d4d4d4\"><\/div>\n\t<div class=\"sgb-square\" style=\"background:#d4d4d4\"><\/div>\n\t<div class=\"sgb-square\" style=\"background:#d4d4d4\"><\/div><\/div><div class=\"simply-gallery-amp pgc_sgb_slider \"><noscript><div class=\"sgb-gallery\"><div class=\"sgb-item\"><a href=\"https:\/\/www.cykloromantika.cz\/foto-2021-06-01\/\" target=\"_blank\"><img decoding=\"async\" alt=\"\" width=\"300\" height=\"225\" loading=\"lazy\" src=\"https:\/\/www.cykloromantika.cz\/wp-content\/uploads\/2022\/02\/foto-2021-06-01-300x225.jpg\" srcset=\"https:\/\/www.cykloromantika.cz\/wp-content\/uploads\/2022\/02\/foto-2021-06-01-300x225.jpg 300w,https:\/\/www.cykloromantika.cz\/wp-content\/uploads\/2022\/02\/foto-2021-06-01.jpg 1024w\" sizes=\"auto, 250px\"\/><\/a><div class=\"sgb-item-caption\"><em>Vyprali jsme si, tak\u017ee sm\u011brem k Ostrav\u011b jedeme op\u011bt jako ze \u0161katulky.<\/em><\/div><\/div><div class=\"sgb-item\"><a href=\"https:\/\/www.cykloromantika.cz\/foto-2021-06-02\/\" target=\"_blank\"><img decoding=\"async\" alt=\"\" width=\"300\" height=\"225\" loading=\"lazy\" src=\"https:\/\/www.cykloromantika.cz\/wp-content\/uploads\/2022\/02\/foto-2021-06-02-300x225.jpg\" srcset=\"https:\/\/www.cykloromantika.cz\/wp-content\/uploads\/2022\/02\/foto-2021-06-02-300x225.jpg 300w,https:\/\/www.cykloromantika.cz\/wp-content\/uploads\/2022\/02\/foto-2021-06-02.jpg 1024w\" sizes=\"auto, 250px\"\/><\/a><div class=\"sgb-item-caption\"><em>Rann\u00ed vaje\u010dina n\u00e1m dod\u00e1 energii.<\/em><\/div><\/div><div class=\"sgb-item\"><a href=\"https:\/\/www.cykloromantika.cz\/foto-2021-06-03\/\" target=\"_blank\"><img decoding=\"async\" alt=\"\" width=\"300\" height=\"225\" loading=\"lazy\" src=\"https:\/\/www.cykloromantika.cz\/wp-content\/uploads\/2022\/02\/foto-2021-06-03-300x225.jpg\" srcset=\"https:\/\/www.cykloromantika.cz\/wp-content\/uploads\/2022\/02\/foto-2021-06-03-300x225.jpg 300w,https:\/\/www.cykloromantika.cz\/wp-content\/uploads\/2022\/02\/foto-2021-06-03.jpg 1024w\" sizes=\"auto, 250px\"\/><\/a><div class=\"sgb-item-caption\"><em>Vy\u0161krab\u00e1no na smalt<\/em><\/div><\/div><div class=\"sgb-item\"><a href=\"https:\/\/www.cykloromantika.cz\/foto-2021-06-04\/\" target=\"_blank\"><img decoding=\"async\" alt=\"\" width=\"300\" height=\"225\" loading=\"lazy\" src=\"https:\/\/www.cykloromantika.cz\/wp-content\/uploads\/2022\/02\/foto-2021-06-04-300x225.jpg\" srcset=\"https:\/\/www.cykloromantika.cz\/wp-content\/uploads\/2022\/02\/foto-2021-06-04-300x225.jpg 300w,https:\/\/www.cykloromantika.cz\/wp-content\/uploads\/2022\/02\/foto-2021-06-04.jpg 1024w\" sizes=\"auto, 250px\"\/><\/a><div class=\"sgb-item-caption\"><em>Pro p\u0159\u00edpadn\u00e9 z\u00e1jemce o jakoukoliv slu\u017ebu je k dispozici Pepino Poeta.<\/em><\/div><\/div><div class=\"sgb-item\"><a href=\"https:\/\/www.cykloromantika.cz\/foto-2021-06-05\/\" target=\"_blank\"><img decoding=\"async\" alt=\"\" width=\"300\" height=\"225\" loading=\"lazy\" src=\"https:\/\/www.cykloromantika.cz\/wp-content\/uploads\/2022\/02\/foto-2021-06-05-300x225.jpg\" srcset=\"https:\/\/www.cykloromantika.cz\/wp-content\/uploads\/2022\/02\/foto-2021-06-05-300x225.jpg 300w,https:\/\/www.cykloromantika.cz\/wp-content\/uploads\/2022\/02\/foto-2021-06-05.jpg 1024w\" sizes=\"auto, 250px\"\/><\/a><div class=\"sgb-item-caption\"><em>Rozlou\u010den\u00ed s panem T\u0159eme\u0161ensk\u00fdm<\/em><\/div><\/div><div class=\"sgb-item\"><a href=\"https:\/\/www.cykloromantika.cz\/foto-2021-06-06\/\" target=\"_blank\"><img decoding=\"async\" alt=\"\" width=\"300\" height=\"225\" loading=\"lazy\" src=\"https:\/\/www.cykloromantika.cz\/wp-content\/uploads\/2022\/02\/foto-2021-06-06-300x225.jpg\" srcset=\"https:\/\/www.cykloromantika.cz\/wp-content\/uploads\/2022\/02\/foto-2021-06-06-300x225.jpg 300w,https:\/\/www.cykloromantika.cz\/wp-content\/uploads\/2022\/02\/foto-2021-06-06.jpg 1024w\" sizes=\"auto, 250px\"\/><\/a><div class=\"sgb-item-caption\"><em>Rozlou\u010den\u00ed s panem T\u0159eme\u0161ensk\u00fdm<\/em><\/div><\/div><div class=\"sgb-item\"><a href=\"https:\/\/www.cykloromantika.cz\/foto-2021-06-07\/\" target=\"_blank\"><img decoding=\"async\" alt=\"\" width=\"300\" height=\"225\" loading=\"lazy\" src=\"https:\/\/www.cykloromantika.cz\/wp-content\/uploads\/2022\/02\/foto-2021-06-07-300x225.jpg\" srcset=\"https:\/\/www.cykloromantika.cz\/wp-content\/uploads\/2022\/02\/foto-2021-06-07-300x225.jpg 300w,https:\/\/www.cykloromantika.cz\/wp-content\/uploads\/2022\/02\/foto-2021-06-07.jpg 1024w\" sizes=\"auto, 250px\"\/><\/a><div class=\"sgb-item-caption\"><em>Posledn\u00ed fotka se zakladatelem Cykloromantiky<\/em><\/div><\/div><div class=\"sgb-item\"><a href=\"https:\/\/www.cykloromantika.cz\/foto-2021-06-08\/\" target=\"_blank\"><img decoding=\"async\" alt=\"\" width=\"300\" height=\"225\" loading=\"lazy\" src=\"https:\/\/www.cykloromantika.cz\/wp-content\/uploads\/2022\/02\/foto-2021-06-08-300x225.jpg\" srcset=\"https:\/\/www.cykloromantika.cz\/wp-content\/uploads\/2022\/02\/foto-2021-06-08-300x225.jpg 300w,https:\/\/www.cykloromantika.cz\/wp-content\/uploads\/2022\/02\/foto-2021-06-08.jpg 1024w\" sizes=\"auto, 250px\"\/><\/a><div class=\"sgb-item-caption\"><em>V Brantic\u00edch se stavujeme na pol\u00e9vku.<\/em><\/div><\/div><div class=\"sgb-item\"><a href=\"https:\/\/www.cykloromantika.cz\/foto-2021-06-09\/\" target=\"_blank\"><img decoding=\"async\" alt=\"\" width=\"300\" height=\"225\" loading=\"lazy\" src=\"https:\/\/www.cykloromantika.cz\/wp-content\/uploads\/2022\/02\/foto-2021-06-09-300x225.jpg\" srcset=\"https:\/\/www.cykloromantika.cz\/wp-content\/uploads\/2022\/02\/foto-2021-06-09-300x225.jpg 300w,https:\/\/www.cykloromantika.cz\/wp-content\/uploads\/2022\/02\/foto-2021-06-09.jpg 1024w\" sizes=\"auto, 250px\"\/><\/a><div class=\"sgb-item-caption\"><em>Za Miloticemi nad Opavou n\u00e1s zaujala inspirativn\u00ed cedule.<\/em><\/div><\/div><div class=\"sgb-item\"><a href=\"https:\/\/www.cykloromantika.cz\/foto-2021-06-10\/\" target=\"_blank\"><img decoding=\"async\" alt=\"\" width=\"300\" height=\"200\" loading=\"lazy\" src=\"https:\/\/www.cykloromantika.cz\/wp-content\/uploads\/2022\/02\/foto-2021-06-10-300x200.jpg\" srcset=\"https:\/\/www.cykloromantika.cz\/wp-content\/uploads\/2022\/02\/foto-2021-06-10-300x200.jpg 300w,https:\/\/www.cykloromantika.cz\/wp-content\/uploads\/2022\/02\/foto-2021-06-10.jpg 1024w\" sizes=\"auto, 250px\"\/><\/a><div class=\"sgb-item-caption\"><em>L\u00e1vov\u00e9 proudy u Meziny. Bez nov\u00e9ho spolujezdce Franty bychom je minuli.<\/em><\/div><\/div><div class=\"sgb-item\"><a href=\"https:\/\/www.cykloromantika.cz\/foto-2021-06-11\/\" target=\"_blank\"><img decoding=\"async\" alt=\"\" width=\"300\" height=\"225\" loading=\"lazy\" src=\"https:\/\/www.cykloromantika.cz\/wp-content\/uploads\/2022\/02\/foto-2021-06-11-300x225.jpg\" srcset=\"https:\/\/www.cykloromantika.cz\/wp-content\/uploads\/2022\/02\/foto-2021-06-11-300x225.jpg 300w,https:\/\/www.cykloromantika.cz\/wp-content\/uploads\/2022\/02\/foto-2021-06-11.jpg 1024w\" sizes=\"auto, 250px\"\/><\/a><div class=\"sgb-item-caption\"><em>Jako p\u0159i focen\u00ed obalu alba rockov\u00e9 kapely \u2013 jsme tvrd\u00ed chlapy.<\/em><\/div><\/div><div class=\"sgb-item\"><a href=\"https:\/\/www.cykloromantika.cz\/foto-2021-06-12\/\" target=\"_blank\"><img decoding=\"async\" alt=\"\" width=\"300\" height=\"225\" loading=\"lazy\" src=\"https:\/\/www.cykloromantika.cz\/wp-content\/uploads\/2022\/02\/foto-2021-06-12-300x225.jpg\" srcset=\"https:\/\/www.cykloromantika.cz\/wp-content\/uploads\/2022\/02\/foto-2021-06-12-300x225.jpg 300w,https:\/\/www.cykloromantika.cz\/wp-content\/uploads\/2022\/02\/foto-2021-06-12.jpg 1024w\" sizes=\"auto, 250px\"\/><\/a><div class=\"sgb-item-caption\"><em>Trocha informac\u00ed o vzniku l\u00e1vov\u00fdch proud\u016f<\/em><\/div><\/div><div class=\"sgb-item\"><a href=\"https:\/\/www.cykloromantika.cz\/foto-2021-06-13\/\" target=\"_blank\"><img decoding=\"async\" alt=\"\" width=\"300\" height=\"200\" loading=\"lazy\" src=\"https:\/\/www.cykloromantika.cz\/wp-content\/uploads\/2022\/02\/foto-2021-06-13-300x200.jpg\" srcset=\"https:\/\/www.cykloromantika.cz\/wp-content\/uploads\/2022\/02\/foto-2021-06-13-300x200.jpg 300w,https:\/\/www.cykloromantika.cz\/wp-content\/uploads\/2022\/02\/foto-2021-06-13.jpg 1024w\" sizes=\"auto, 250px\"\/><\/a><div class=\"sgb-item-caption\"><em>Sj\u00ed\u017ed\u00edme k hr\u00e1zi p\u0159ehrady Slezsk\u00e1 Harta.<\/em><\/div><\/div><div class=\"sgb-item\"><a href=\"https:\/\/www.cykloromantika.cz\/foto-2021-06-14\/\" target=\"_blank\"><img decoding=\"async\" alt=\"\" width=\"300\" height=\"200\" loading=\"lazy\" src=\"https:\/\/www.cykloromantika.cz\/wp-content\/uploads\/2022\/02\/foto-2021-06-14-300x200.jpg\" srcset=\"https:\/\/www.cykloromantika.cz\/wp-content\/uploads\/2022\/02\/foto-2021-06-14-300x200.jpg 300w,https:\/\/www.cykloromantika.cz\/wp-content\/uploads\/2022\/02\/foto-2021-06-14.jpg 1024w\" sizes=\"auto, 250px\"\/><\/a><div class=\"sgb-item-caption\"><em>Vodohospod\u00e1\u0159 Bobo fot\u00ed, my el\u00e9vov\u00e9 pouze stagnujeme.<\/em><\/div><\/div><div class=\"sgb-item\"><a href=\"https:\/\/www.cykloromantika.cz\/foto-2021-06-15\/\" target=\"_blank\"><img decoding=\"async\" alt=\"\" width=\"300\" height=\"200\" loading=\"lazy\" src=\"https:\/\/www.cykloromantika.cz\/wp-content\/uploads\/2022\/02\/foto-2021-06-15-300x200.jpg\" srcset=\"https:\/\/www.cykloromantika.cz\/wp-content\/uploads\/2022\/02\/foto-2021-06-15-300x200.jpg 300w,https:\/\/www.cykloromantika.cz\/wp-content\/uploads\/2022\/02\/foto-2021-06-15.jpg 1024w\" sizes=\"auto, 250px\"\/><\/a><div class=\"sgb-item-caption\"><em>Shl\u00ed\u017e\u00edme na vodn\u00ed d\u00edlo.<\/em><\/div><\/div><div class=\"sgb-item\"><a href=\"https:\/\/www.cykloromantika.cz\/foto-2021-06-16\/\" target=\"_blank\"><img decoding=\"async\" alt=\"\" width=\"300\" height=\"225\" loading=\"lazy\" src=\"https:\/\/www.cykloromantika.cz\/wp-content\/uploads\/2022\/02\/foto-2021-06-16-300x225.jpg\" srcset=\"https:\/\/www.cykloromantika.cz\/wp-content\/uploads\/2022\/02\/foto-2021-06-16-300x225.jpg 300w,https:\/\/www.cykloromantika.cz\/wp-content\/uploads\/2022\/02\/foto-2021-06-16.jpg 1024w\" sizes=\"auto, 250px\"\/><\/a><div class=\"sgb-item-caption\"><em>Hodnot\u00edme odborn\u011b zp\u016fsob proveden\u00ed hr\u00e1ze.<\/em><\/div><\/div><div class=\"sgb-item\"><a href=\"https:\/\/www.cykloromantika.cz\/foto-2021-06-17\/\" target=\"_blank\"><img decoding=\"async\" alt=\"\" width=\"300\" height=\"225\" loading=\"lazy\" src=\"https:\/\/www.cykloromantika.cz\/wp-content\/uploads\/2022\/02\/foto-2021-06-17-300x225.jpg\" srcset=\"https:\/\/www.cykloromantika.cz\/wp-content\/uploads\/2022\/02\/foto-2021-06-17-300x225.jpg 300w,https:\/\/www.cykloromantika.cz\/wp-content\/uploads\/2022\/02\/foto-2021-06-17.jpg 1024w\" sizes=\"auto, 250px\"\/><\/a><div class=\"sgb-item-caption\"><em>Jedin\u00fd Du\u0161\u00edk projel...<\/em><\/div><\/div><div class=\"sgb-item\"><a href=\"https:\/\/www.cykloromantika.cz\/foto-2021-06-18\/\" target=\"_blank\"><img decoding=\"async\" alt=\"\" width=\"300\" height=\"200\" loading=\"lazy\" src=\"https:\/\/www.cykloromantika.cz\/wp-content\/uploads\/2022\/02\/foto-2021-06-18-300x200.jpg\" srcset=\"https:\/\/www.cykloromantika.cz\/wp-content\/uploads\/2022\/02\/foto-2021-06-18-300x200.jpg 300w,https:\/\/www.cykloromantika.cz\/wp-content\/uploads\/2022\/02\/foto-2021-06-18.jpg 1024w\" sizes=\"auto, 250px\"\/><\/a><div class=\"sgb-item-caption\"><em>Pohled na vysokou hr\u00e1z Slezsk\u00e9 Harty<\/em><\/div><\/div><div class=\"sgb-item\"><a href=\"https:\/\/www.cykloromantika.cz\/foto-2021-06-19\/\" target=\"_blank\"><img decoding=\"async\" alt=\"\" width=\"300\" height=\"200\" loading=\"lazy\" src=\"https:\/\/www.cykloromantika.cz\/wp-content\/uploads\/2022\/02\/foto-2021-06-19-300x200.jpg\" srcset=\"https:\/\/www.cykloromantika.cz\/wp-content\/uploads\/2022\/02\/foto-2021-06-19-300x200.jpg 300w,https:\/\/www.cykloromantika.cz\/wp-content\/uploads\/2022\/02\/foto-2021-06-19.jpg 1024w\" sizes=\"auto, 250px\"\/><\/a><div class=\"sgb-item-caption\"><em>Dojeli jsme na dal\u0161\u00ed hr\u00e1z \u2013 Kru\u017eberk.<\/em><\/div><\/div><div class=\"sgb-item\"><a href=\"https:\/\/www.cykloromantika.cz\/foto-2021-06-20\/\" target=\"_blank\"><img decoding=\"async\" alt=\"\" width=\"300\" height=\"200\" loading=\"lazy\" src=\"https:\/\/www.cykloromantika.cz\/wp-content\/uploads\/2022\/02\/foto-2021-06-20-300x200.jpg\" srcset=\"https:\/\/www.cykloromantika.cz\/wp-content\/uploads\/2022\/02\/foto-2021-06-20-300x200.jpg 300w,https:\/\/www.cykloromantika.cz\/wp-content\/uploads\/2022\/02\/foto-2021-06-20.jpg 1024w\" sizes=\"auto, 250px\"\/><\/a><div class=\"sgb-item-caption\"><em>Kru\u017eberk vypad\u00e1 mnohem romanti\u010dt\u011bji.<\/em><\/div><\/div><div class=\"sgb-item\"><a href=\"https:\/\/www.cykloromantika.cz\/foto-2021-06-21\/\" target=\"_blank\"><img decoding=\"async\" alt=\"\" width=\"300\" height=\"200\" loading=\"lazy\" src=\"https:\/\/www.cykloromantika.cz\/wp-content\/uploads\/2022\/02\/foto-2021-06-21-300x200.jpg\" srcset=\"https:\/\/www.cykloromantika.cz\/wp-content\/uploads\/2022\/02\/foto-2021-06-21-300x200.jpg 300w,https:\/\/www.cykloromantika.cz\/wp-content\/uploads\/2022\/02\/foto-2021-06-21.jpg 1024w\" sizes=\"auto, 250px\"\/><\/a><div class=\"sgb-item-caption\"><em>Pohled zespodu na betonovou hr\u00e1z p\u0159ehrady Kru\u017eberk<\/em><\/div><\/div><div class=\"sgb-item\"><a href=\"https:\/\/www.cykloromantika.cz\/foto-2021-06-22\/\" target=\"_blank\"><img decoding=\"async\" alt=\"\" width=\"300\" height=\"200\" loading=\"lazy\" src=\"https:\/\/www.cykloromantika.cz\/wp-content\/uploads\/2022\/02\/foto-2021-06-22-300x200.jpg\" srcset=\"https:\/\/www.cykloromantika.cz\/wp-content\/uploads\/2022\/02\/foto-2021-06-22-300x200.jpg 300w,https:\/\/www.cykloromantika.cz\/wp-content\/uploads\/2022\/02\/foto-2021-06-22.jpg 1024w\" sizes=\"auto, 250px\"\/><\/a><div class=\"sgb-item-caption\"><em>Nab\u00edr\u00e1me odvahu vl\u00e9zt do vody pod p\u0159ehradou.<\/em><\/div><\/div><div class=\"sgb-item\"><a href=\"https:\/\/www.cykloromantika.cz\/foto-2021-06-23\/\" target=\"_blank\"><img decoding=\"async\" alt=\"\" width=\"300\" height=\"225\" loading=\"lazy\" src=\"https:\/\/www.cykloromantika.cz\/wp-content\/uploads\/2022\/02\/foto-2021-06-23-300x225.jpg\" srcset=\"https:\/\/www.cykloromantika.cz\/wp-content\/uploads\/2022\/02\/foto-2021-06-23-300x225.jpg 300w,https:\/\/www.cykloromantika.cz\/wp-content\/uploads\/2022\/02\/foto-2021-06-23.jpg 1024w\" sizes=\"auto, 250px\"\/><\/a><div class=\"sgb-item-caption\"><em>Odv\u00e1\u017elivci jsou do vody cel\u00ed, n\u011bkte\u0159\u00ed jen smo\u010d\u00ed.<\/em><\/div><\/div><div class=\"sgb-item\"><a href=\"https:\/\/www.cykloromantika.cz\/foto-2021-06-24\/\" target=\"_blank\"><img decoding=\"async\" alt=\"\" width=\"300\" height=\"200\" loading=\"lazy\" src=\"https:\/\/www.cykloromantika.cz\/wp-content\/uploads\/2022\/02\/foto-2021-06-24-300x200.jpg\" srcset=\"https:\/\/www.cykloromantika.cz\/wp-content\/uploads\/2022\/02\/foto-2021-06-24-300x200.jpg 300w,https:\/\/www.cykloromantika.cz\/wp-content\/uploads\/2022\/02\/foto-2021-06-24.jpg 1024w\" sizes=\"auto, 250px\"\/><\/a><div class=\"sgb-item-caption\"><em>Romantick\u00fd ve\u010der pro vodohospod\u00e1\u0159e<\/em><\/div><\/div><div class=\"sgb-item\"><a href=\"https:\/\/www.cykloromantika.cz\/foto-2021-06-25\/\" target=\"_blank\"><img decoding=\"async\" alt=\"\" width=\"225\" height=\"300\" loading=\"lazy\" src=\"https:\/\/www.cykloromantika.cz\/wp-content\/uploads\/2022\/02\/foto-2021-06-25-225x300.jpg\" srcset=\"https:\/\/www.cykloromantika.cz\/wp-content\/uploads\/2022\/02\/foto-2021-06-25-225x300.jpg 225w,https:\/\/www.cykloromantika.cz\/wp-content\/uploads\/2022\/02\/foto-2021-06-25.jpg 768w\" sizes=\"auto, 250px\"\/><\/a><div class=\"sgb-item-caption\"><em>Horolezeck\u00e9 st\u011bny na Kru\u017eberku<\/em><\/div><\/div><div class=\"sgb-item\"><a href=\"https:\/\/www.cykloromantika.cz\/foto-2021-06-26\/\" target=\"_blank\"><img decoding=\"async\" alt=\"\" width=\"300\" height=\"200\" loading=\"lazy\" src=\"https:\/\/www.cykloromantika.cz\/wp-content\/uploads\/2022\/02\/foto-2021-06-26-300x200.jpg\" srcset=\"https:\/\/www.cykloromantika.cz\/wp-content\/uploads\/2022\/02\/foto-2021-06-26-300x200.jpg 300w,https:\/\/www.cykloromantika.cz\/wp-content\/uploads\/2022\/02\/foto-2021-06-26.jpg 1024w\" sizes=\"auto, 250px\"\/><\/a><div class=\"sgb-item-caption\"><em>V\u00fdhled na obec Kru\u017eberk<\/em><\/div><\/div><div class=\"sgb-item\"><a href=\"https:\/\/www.cykloromantika.cz\/foto-2021-06-27\/\" target=\"_blank\"><img decoding=\"async\" alt=\"\" width=\"300\" height=\"225\" loading=\"lazy\" src=\"https:\/\/www.cykloromantika.cz\/wp-content\/uploads\/2022\/02\/foto-2021-06-27-300x225.jpg\" srcset=\"https:\/\/www.cykloromantika.cz\/wp-content\/uploads\/2022\/02\/foto-2021-06-27-300x225.jpg 300w,https:\/\/www.cykloromantika.cz\/wp-content\/uploads\/2022\/02\/foto-2021-06-27.jpg 1024w\" sizes=\"auto, 250px\"\/><\/a><div class=\"sgb-item-caption\"><em>Na\u0161e no\u010dn\u00ed \u00fato\u010di\u0161t\u011b \u2013 d\u011bkujeme kamar\u00e1dce.<\/em><\/div><\/div><div class=\"sgb-item\"><a href=\"https:\/\/www.cykloromantika.cz\/foto-2021-06-28\/\" target=\"_blank\"><img decoding=\"async\" alt=\"\" width=\"300\" height=\"225\" loading=\"lazy\" src=\"https:\/\/www.cykloromantika.cz\/wp-content\/uploads\/2022\/02\/foto-2021-06-28-300x225.jpg\" srcset=\"https:\/\/www.cykloromantika.cz\/wp-content\/uploads\/2022\/02\/foto-2021-06-28-300x225.jpg 300w,https:\/\/www.cykloromantika.cz\/wp-content\/uploads\/2022\/02\/foto-2021-06-28.jpg 1024w\" sizes=\"auto, 250px\"\/><\/a><div class=\"sgb-item-caption\"><em>Zakon\u010den\u00ed ve\u010dera \u2013 kuchy\u0148 ji\u017e zav\u0159en\u00e1, tak zb\u00fdvaj\u00ed jen slan\u00e9 pochutiny.<\/em><\/div><\/div><\/div><\/noscript><\/div><script type=\"application\/json\" class=\"sgb-data\">{\"lastRowFill\":true,\"collectionThumbRecomendedHeight\":300,\"collectionThumbMiniScreenScale\":true,\"captionHAlign\":\"bottom\",\"collectionthumbHoverTitleFontSize\":12,\"collectionthumbRoundedCorners\":8,\"collectionthumbHoverTitleTextBgColor\":\"rgba(0,0,0,0.44)\",\"collectionThumbSubMenuShare\":false,\"galleryType\":\"pgc_sgb_justified\",\"galleryId\":\"04340922\",\"galleryQuery\":null,\"images\":[{\"id\":4257,\"title\":\"Foto 2021 06 01\",\"url\":\"https:\/\/www.cykloromantika.cz\/wp-content\/uploads\/2022\/02\/foto-2021-06-01.jpg\",\"link\":\"https:\/\/www.cykloromantika.cz\/foto-2021-06-01\/\",\"alt\":\"\",\"description\":\"\",\"caption\":\"Vyprali jsme si, tak\u017ee sm\u011brem k Ostrav\u011b jedeme op\u011bt jako ze \u0161katulky.\",\"mime\":\"image\/jpeg\",\"type\":\"image\",\"width\":1024,\"height\":768,\"sizes\":{\"thumbnail\":{\"height\":113,\"width\":150,\"url\":\"https:\/\/www.cykloromantika.cz\/wp-content\/uploads\/2022\/02\/foto-2021-06-01-150x113.jpg\",\"orientation\":\"landscape\"},\"medium\":{\"height\":225,\"width\":300,\"url\":\"https:\/\/www.cykloromantika.cz\/wp-content\/uploads\/2022\/02\/foto-2021-06-01-300x225.jpg\",\"orientation\":\"landscape\"},\"full\":{\"url\":\"https:\/\/www.cykloromantika.cz\/wp-content\/uploads\/2022\/02\/foto-2021-06-01.jpg\",\"height\":768,\"width\":1024,\"orientation\":\"landscape\"}},\"meta\":false,\"postlink\":\"https:\/\/www.cykloromantika.cz\/foto-2021-06-01\/\"},{\"id\":4258,\"title\":\"Foto 2021 06 02\",\"url\":\"https:\/\/www.cykloromantika.cz\/wp-content\/uploads\/2022\/02\/foto-2021-06-02.jpg\",\"link\":\"https:\/\/www.cykloromantika.cz\/foto-2021-06-02\/\",\"alt\":\"\",\"description\":\"\",\"caption\":\"Rann\u00ed vaje\u010dina n\u00e1m dod\u00e1 energii.\",\"mime\":\"image\/jpeg\",\"type\":\"image\",\"width\":1024,\"height\":768,\"sizes\":{\"thumbnail\":{\"height\":113,\"width\":150,\"url\":\"https:\/\/www.cykloromantika.cz\/wp-content\/uploads\/2022\/02\/foto-2021-06-02-150x113.jpg\",\"orientation\":\"landscape\"},\"medium\":{\"height\":225,\"width\":300,\"url\":\"https:\/\/www.cykloromantika.cz\/wp-content\/uploads\/2022\/02\/foto-2021-06-02-300x225.jpg\",\"orientation\":\"landscape\"},\"full\":{\"url\":\"https:\/\/www.cykloromantika.cz\/wp-content\/uploads\/2022\/02\/foto-2021-06-02.jpg\",\"height\":768,\"width\":1024,\"orientation\":\"landscape\"}},\"meta\":false,\"postlink\":\"https:\/\/www.cykloromantika.cz\/foto-2021-06-02\/\"},{\"id\":4259,\"title\":\"Foto 2021 06 03\",\"url\":\"https:\/\/www.cykloromantika.cz\/wp-content\/uploads\/2022\/02\/foto-2021-06-03.jpg\",\"link\":\"https:\/\/www.cykloromantika.cz\/foto-2021-06-03\/\",\"alt\":\"\",\"description\":\"\",\"caption\":\"Vy\u0161krab\u00e1no na smalt\",\"mime\":\"image\/jpeg\",\"type\":\"image\",\"width\":1024,\"height\":768,\"sizes\":{\"thumbnail\":{\"height\":113,\"width\":150,\"url\":\"https:\/\/www.cykloromantika.cz\/wp-content\/uploads\/2022\/02\/foto-2021-06-03-150x113.jpg\",\"orientation\":\"landscape\"},\"medium\":{\"height\":225,\"width\":300,\"url\":\"https:\/\/www.cykloromantika.cz\/wp-content\/uploads\/2022\/02\/foto-2021-06-03-300x225.jpg\",\"orientation\":\"landscape\"},\"full\":{\"url\":\"https:\/\/www.cykloromantika.cz\/wp-content\/uploads\/2022\/02\/foto-2021-06-03.jpg\",\"height\":768,\"width\":1024,\"orientation\":\"landscape\"}},\"meta\":false,\"postlink\":\"https:\/\/www.cykloromantika.cz\/foto-2021-06-03\/\"},{\"id\":4260,\"title\":\"Foto 2021 06 04\",\"url\":\"https:\/\/www.cykloromantika.cz\/wp-content\/uploads\/2022\/02\/foto-2021-06-04.jpg\",\"link\":\"https:\/\/www.cykloromantika.cz\/foto-2021-06-04\/\",\"alt\":\"\",\"description\":\"\",\"caption\":\"Pro p\u0159\u00edpadn\u00e9 z\u00e1jemce o jakoukoliv slu\u017ebu je k dispozici Pepino Poeta.\",\"mime\":\"image\/jpeg\",\"type\":\"image\",\"width\":1024,\"height\":768,\"sizes\":{\"thumbnail\":{\"height\":113,\"width\":150,\"url\":\"https:\/\/www.cykloromantika.cz\/wp-content\/uploads\/2022\/02\/foto-2021-06-04-150x113.jpg\",\"orientation\":\"landscape\"},\"medium\":{\"height\":225,\"width\":300,\"url\":\"https:\/\/www.cykloromantika.cz\/wp-content\/uploads\/2022\/02\/foto-2021-06-04-300x225.jpg\",\"orientation\":\"landscape\"},\"full\":{\"url\":\"https:\/\/www.cykloromantika.cz\/wp-content\/uploads\/2022\/02\/foto-2021-06-04.jpg\",\"height\":768,\"width\":1024,\"orientation\":\"landscape\"}},\"meta\":false,\"postlink\":\"https:\/\/www.cykloromantika.cz\/foto-2021-06-04\/\"},{\"id\":4261,\"title\":\"Foto 2021 06 05\",\"url\":\"https:\/\/www.cykloromantika.cz\/wp-content\/uploads\/2022\/02\/foto-2021-06-05.jpg\",\"link\":\"https:\/\/www.cykloromantika.cz\/foto-2021-06-05\/\",\"alt\":\"\",\"description\":\"\",\"caption\":\"Rozlou\u010den\u00ed s panem T\u0159eme\u0161ensk\u00fdm\",\"mime\":\"image\/jpeg\",\"type\":\"image\",\"width\":1024,\"height\":768,\"sizes\":{\"thumbnail\":{\"height\":113,\"width\":150,\"url\":\"https:\/\/www.cykloromantika.cz\/wp-content\/uploads\/2022\/02\/foto-2021-06-05-150x113.jpg\",\"orientation\":\"landscape\"},\"medium\":{\"height\":225,\"width\":300,\"url\":\"https:\/\/www.cykloromantika.cz\/wp-content\/uploads\/2022\/02\/foto-2021-06-05-300x225.jpg\",\"orientation\":\"landscape\"},\"full\":{\"url\":\"https:\/\/www.cykloromantika.cz\/wp-content\/uploads\/2022\/02\/foto-2021-06-05.jpg\",\"height\":768,\"width\":1024,\"orientation\":\"landscape\"}},\"meta\":false,\"postlink\":\"https:\/\/www.cykloromantika.cz\/foto-2021-06-05\/\"},{\"id\":4262,\"title\":\"Foto 2021 06 06\",\"url\":\"https:\/\/www.cykloromantika.cz\/wp-content\/uploads\/2022\/02\/foto-2021-06-06.jpg\",\"link\":\"https:\/\/www.cykloromantika.cz\/foto-2021-06-06\/\",\"alt\":\"\",\"description\":\"\",\"caption\":\"Rozlou\u010den\u00ed s panem T\u0159eme\u0161ensk\u00fdm\",\"mime\":\"image\/jpeg\",\"type\":\"image\",\"width\":1024,\"height\":768,\"sizes\":{\"thumbnail\":{\"height\":113,\"width\":150,\"url\":\"https:\/\/www.cykloromantika.cz\/wp-content\/uploads\/2022\/02\/foto-2021-06-06-150x113.jpg\",\"orientation\":\"landscape\"},\"medium\":{\"height\":225,\"width\":300,\"url\":\"https:\/\/www.cykloromantika.cz\/wp-content\/uploads\/2022\/02\/foto-2021-06-06-300x225.jpg\",\"orientation\":\"landscape\"},\"full\":{\"url\":\"https:\/\/www.cykloromantika.cz\/wp-content\/uploads\/2022\/02\/foto-2021-06-06.jpg\",\"height\":768,\"width\":1024,\"orientation\":\"landscape\"}},\"meta\":false,\"postlink\":\"https:\/\/www.cykloromantika.cz\/foto-2021-06-06\/\"},{\"id\":4263,\"title\":\"Foto 2021 06 07\",\"url\":\"https:\/\/www.cykloromantika.cz\/wp-content\/uploads\/2022\/02\/foto-2021-06-07.jpg\",\"link\":\"https:\/\/www.cykloromantika.cz\/foto-2021-06-07\/\",\"alt\":\"\",\"description\":\"\",\"caption\":\"Posledn\u00ed fotka se zakladatelem Cykloromantiky\",\"mime\":\"image\/jpeg\",\"type\":\"image\",\"width\":1024,\"height\":768,\"sizes\":{\"thumbnail\":{\"height\":113,\"width\":150,\"url\":\"https:\/\/www.cykloromantika.cz\/wp-content\/uploads\/2022\/02\/foto-2021-06-07-150x113.jpg\",\"orientation\":\"landscape\"},\"medium\":{\"height\":225,\"width\":300,\"url\":\"https:\/\/www.cykloromantika.cz\/wp-content\/uploads\/2022\/02\/foto-2021-06-07-300x225.jpg\",\"orientation\":\"landscape\"},\"full\":{\"url\":\"https:\/\/www.cykloromantika.cz\/wp-content\/uploads\/2022\/02\/foto-2021-06-07.jpg\",\"height\":768,\"width\":1024,\"orientation\":\"landscape\"}},\"meta\":false,\"postlink\":\"https:\/\/www.cykloromantika.cz\/foto-2021-06-07\/\"},{\"id\":4264,\"title\":\"Foto 2021 06 08\",\"url\":\"https:\/\/www.cykloromantika.cz\/wp-content\/uploads\/2022\/02\/foto-2021-06-08.jpg\",\"link\":\"https:\/\/www.cykloromantika.cz\/foto-2021-06-08\/\",\"alt\":\"\",\"description\":\"\",\"caption\":\"V Brantic\u00edch se stavujeme na pol\u00e9vku.\",\"mime\":\"image\/jpeg\",\"type\":\"image\",\"width\":1024,\"height\":768,\"sizes\":{\"thumbnail\":{\"height\":113,\"width\":150,\"url\":\"https:\/\/www.cykloromantika.cz\/wp-content\/uploads\/2022\/02\/foto-2021-06-08-150x113.jpg\",\"orientation\":\"landscape\"},\"medium\":{\"height\":225,\"width\":300,\"url\":\"https:\/\/www.cykloromantika.cz\/wp-content\/uploads\/2022\/02\/foto-2021-06-08-300x225.jpg\",\"orientation\":\"landscape\"},\"full\":{\"url\":\"https:\/\/www.cykloromantika.cz\/wp-content\/uploads\/2022\/02\/foto-2021-06-08.jpg\",\"height\":768,\"width\":1024,\"orientation\":\"landscape\"}},\"meta\":false,\"postlink\":\"https:\/\/www.cykloromantika.cz\/foto-2021-06-08\/\"},{\"id\":4265,\"title\":\"Foto 2021 06 09\",\"url\":\"https:\/\/www.cykloromantika.cz\/wp-content\/uploads\/2022\/02\/foto-2021-06-09.jpg\",\"link\":\"https:\/\/www.cykloromantika.cz\/foto-2021-06-09\/\",\"alt\":\"\",\"description\":\"\",\"caption\":\"Za Miloticemi nad Opavou n\u00e1s zaujala inspirativn\u00ed cedule.\",\"mime\":\"image\/jpeg\",\"type\":\"image\",\"width\":1024,\"height\":768,\"sizes\":{\"thumbnail\":{\"height\":113,\"width\":150,\"url\":\"https:\/\/www.cykloromantika.cz\/wp-content\/uploads\/2022\/02\/foto-2021-06-09-150x113.jpg\",\"orientation\":\"landscape\"},\"medium\":{\"height\":225,\"width\":300,\"url\":\"https:\/\/www.cykloromantika.cz\/wp-content\/uploads\/2022\/02\/foto-2021-06-09-300x225.jpg\",\"orientation\":\"landscape\"},\"full\":{\"url\":\"https:\/\/www.cykloromantika.cz\/wp-content\/uploads\/2022\/02\/foto-2021-06-09.jpg\",\"height\":768,\"width\":1024,\"orientation\":\"landscape\"}},\"meta\":false,\"postlink\":\"https:\/\/www.cykloromantika.cz\/foto-2021-06-09\/\"},{\"id\":4267,\"title\":\"Foto 2021 06 10\",\"url\":\"https:\/\/www.cykloromantika.cz\/wp-content\/uploads\/2022\/02\/foto-2021-06-10.jpg\",\"link\":\"https:\/\/www.cykloromantika.cz\/foto-2021-06-10\/\",\"alt\":\"\",\"description\":\"\",\"caption\":\"L\u00e1vov\u00e9 proudy u Meziny. Bez nov\u00e9ho spolujezdce Franty bychom je minuli.\",\"mime\":\"image\/jpeg\",\"type\":\"image\",\"width\":1024,\"height\":683,\"sizes\":{\"thumbnail\":{\"height\":100,\"width\":150,\"url\":\"https:\/\/www.cykloromantika.cz\/wp-content\/uploads\/2022\/02\/foto-2021-06-10-150x100.jpg\",\"orientation\":\"landscape\"},\"medium\":{\"height\":200,\"width\":300,\"url\":\"https:\/\/www.cykloromantika.cz\/wp-content\/uploads\/2022\/02\/foto-2021-06-10-300x200.jpg\",\"orientation\":\"landscape\"},\"full\":{\"url\":\"https:\/\/www.cykloromantika.cz\/wp-content\/uploads\/2022\/02\/foto-2021-06-10.jpg\",\"height\":683,\"width\":1024,\"orientation\":\"landscape\"}},\"meta\":false,\"postlink\":\"https:\/\/www.cykloromantika.cz\/foto-2021-06-10\/\"},{\"id\":4268,\"title\":\"Foto 2021 06 11\",\"url\":\"https:\/\/www.cykloromantika.cz\/wp-content\/uploads\/2022\/02\/foto-2021-06-11.jpg\",\"link\":\"https:\/\/www.cykloromantika.cz\/foto-2021-06-11\/\",\"alt\":\"\",\"description\":\"\",\"caption\":\"Jako p\u0159i focen\u00ed obalu alba rockov\u00e9 kapely \u2013 jsme tvrd\u00ed chlapy.\",\"mime\":\"image\/jpeg\",\"type\":\"image\",\"width\":1024,\"height\":768,\"sizes\":{\"thumbnail\":{\"height\":113,\"width\":150,\"url\":\"https:\/\/www.cykloromantika.cz\/wp-content\/uploads\/2022\/02\/foto-2021-06-11-150x113.jpg\",\"orientation\":\"landscape\"},\"medium\":{\"height\":225,\"width\":300,\"url\":\"https:\/\/www.cykloromantika.cz\/wp-content\/uploads\/2022\/02\/foto-2021-06-11-300x225.jpg\",\"orientation\":\"landscape\"},\"full\":{\"url\":\"https:\/\/www.cykloromantika.cz\/wp-content\/uploads\/2022\/02\/foto-2021-06-11.jpg\",\"height\":768,\"width\":1024,\"orientation\":\"landscape\"}},\"meta\":false,\"postlink\":\"https:\/\/www.cykloromantika.cz\/foto-2021-06-11\/\"},{\"id\":4269,\"title\":\"Foto 2021 06 12\",\"url\":\"https:\/\/www.cykloromantika.cz\/wp-content\/uploads\/2022\/02\/foto-2021-06-12.jpg\",\"link\":\"https:\/\/www.cykloromantika.cz\/foto-2021-06-12\/\",\"alt\":\"\",\"description\":\"\",\"caption\":\"Trocha informac\u00ed o vzniku l\u00e1vov\u00fdch proud\u016f\",\"mime\":\"image\/jpeg\",\"type\":\"image\",\"width\":1024,\"height\":768,\"sizes\":{\"thumbnail\":{\"height\":113,\"width\":150,\"url\":\"https:\/\/www.cykloromantika.cz\/wp-content\/uploads\/2022\/02\/foto-2021-06-12-150x113.jpg\",\"orientation\":\"landscape\"},\"medium\":{\"height\":225,\"width\":300,\"url\":\"https:\/\/www.cykloromantika.cz\/wp-content\/uploads\/2022\/02\/foto-2021-06-12-300x225.jpg\",\"orientation\":\"landscape\"},\"full\":{\"url\":\"https:\/\/www.cykloromantika.cz\/wp-content\/uploads\/2022\/02\/foto-2021-06-12.jpg\",\"height\":768,\"width\":1024,\"orientation\":\"landscape\"}},\"meta\":false,\"postlink\":\"https:\/\/www.cykloromantika.cz\/foto-2021-06-12\/\"},{\"id\":4270,\"title\":\"Foto 2021 06 13\",\"url\":\"https:\/\/www.cykloromantika.cz\/wp-content\/uploads\/2022\/02\/foto-2021-06-13.jpg\",\"link\":\"https:\/\/www.cykloromantika.cz\/foto-2021-06-13\/\",\"alt\":\"\",\"description\":\"\",\"caption\":\"Sj\u00ed\u017ed\u00edme k hr\u00e1zi p\u0159ehrady Slezsk\u00e1 Harta.\",\"mime\":\"image\/jpeg\",\"type\":\"image\",\"width\":1024,\"height\":683,\"sizes\":{\"thumbnail\":{\"height\":100,\"width\":150,\"url\":\"https:\/\/www.cykloromantika.cz\/wp-content\/uploads\/2022\/02\/foto-2021-06-13-150x100.jpg\",\"orientation\":\"landscape\"},\"medium\":{\"height\":200,\"width\":300,\"url\":\"https:\/\/www.cykloromantika.cz\/wp-content\/uploads\/2022\/02\/foto-2021-06-13-300x200.jpg\",\"orientation\":\"landscape\"},\"full\":{\"url\":\"https:\/\/www.cykloromantika.cz\/wp-content\/uploads\/2022\/02\/foto-2021-06-13.jpg\",\"height\":683,\"width\":1024,\"orientation\":\"landscape\"}},\"meta\":false,\"postlink\":\"https:\/\/www.cykloromantika.cz\/foto-2021-06-13\/\"},{\"id\":4271,\"title\":\"Foto 2021 06 14\",\"url\":\"https:\/\/www.cykloromantika.cz\/wp-content\/uploads\/2022\/02\/foto-2021-06-14.jpg\",\"link\":\"https:\/\/www.cykloromantika.cz\/foto-2021-06-14\/\",\"alt\":\"\",\"description\":\"\",\"caption\":\"Vodohospod\u00e1\u0159 Bobo fot\u00ed, my el\u00e9vov\u00e9 pouze stagnujeme.\",\"mime\":\"image\/jpeg\",\"type\":\"image\",\"width\":1024,\"height\":683,\"sizes\":{\"thumbnail\":{\"height\":100,\"width\":150,\"url\":\"https:\/\/www.cykloromantika.cz\/wp-content\/uploads\/2022\/02\/foto-2021-06-14-150x100.jpg\",\"orientation\":\"landscape\"},\"medium\":{\"height\":200,\"width\":300,\"url\":\"https:\/\/www.cykloromantika.cz\/wp-content\/uploads\/2022\/02\/foto-2021-06-14-300x200.jpg\",\"orientation\":\"landscape\"},\"full\":{\"url\":\"https:\/\/www.cykloromantika.cz\/wp-content\/uploads\/2022\/02\/foto-2021-06-14.jpg\",\"height\":683,\"width\":1024,\"orientation\":\"landscape\"}},\"meta\":false,\"postlink\":\"https:\/\/www.cykloromantika.cz\/foto-2021-06-14\/\"},{\"id\":4272,\"title\":\"Foto 2021 06 15\",\"url\":\"https:\/\/www.cykloromantika.cz\/wp-content\/uploads\/2022\/02\/foto-2021-06-15.jpg\",\"link\":\"https:\/\/www.cykloromantika.cz\/foto-2021-06-15\/\",\"alt\":\"\",\"description\":\"\",\"caption\":\"Shl\u00ed\u017e\u00edme na vodn\u00ed d\u00edlo.\",\"mime\":\"image\/jpeg\",\"type\":\"image\",\"width\":1024,\"height\":683,\"sizes\":{\"thumbnail\":{\"height\":100,\"width\":150,\"url\":\"https:\/\/www.cykloromantika.cz\/wp-content\/uploads\/2022\/02\/foto-2021-06-15-150x100.jpg\",\"orientation\":\"landscape\"},\"medium\":{\"height\":200,\"width\":300,\"url\":\"https:\/\/www.cykloromantika.cz\/wp-content\/uploads\/2022\/02\/foto-2021-06-15-300x200.jpg\",\"orientation\":\"landscape\"},\"full\":{\"url\":\"https:\/\/www.cykloromantika.cz\/wp-content\/uploads\/2022\/02\/foto-2021-06-15.jpg\",\"height\":683,\"width\":1024,\"orientation\":\"landscape\"}},\"meta\":false,\"postlink\":\"https:\/\/www.cykloromantika.cz\/foto-2021-06-15\/\"},{\"id\":4273,\"title\":\"Foto 2021 06 16\",\"url\":\"https:\/\/www.cykloromantika.cz\/wp-content\/uploads\/2022\/02\/foto-2021-06-16.jpg\",\"link\":\"https:\/\/www.cykloromantika.cz\/foto-2021-06-16\/\",\"alt\":\"\",\"description\":\"\",\"caption\":\"Hodnot\u00edme odborn\u011b zp\u016fsob proveden\u00ed hr\u00e1ze.\",\"mime\":\"image\/jpeg\",\"type\":\"image\",\"width\":1024,\"height\":768,\"sizes\":{\"thumbnail\":{\"height\":113,\"width\":150,\"url\":\"https:\/\/www.cykloromantika.cz\/wp-content\/uploads\/2022\/02\/foto-2021-06-16-150x113.jpg\",\"orientation\":\"landscape\"},\"medium\":{\"height\":225,\"width\":300,\"url\":\"https:\/\/www.cykloromantika.cz\/wp-content\/uploads\/2022\/02\/foto-2021-06-16-300x225.jpg\",\"orientation\":\"landscape\"},\"full\":{\"url\":\"https:\/\/www.cykloromantika.cz\/wp-content\/uploads\/2022\/02\/foto-2021-06-16.jpg\",\"height\":768,\"width\":1024,\"orientation\":\"landscape\"}},\"meta\":false,\"postlink\":\"https:\/\/www.cykloromantika.cz\/foto-2021-06-16\/\"},{\"id\":4274,\"title\":\"Foto 2021 06 17\",\"url\":\"https:\/\/www.cykloromantika.cz\/wp-content\/uploads\/2022\/02\/foto-2021-06-17.jpg\",\"link\":\"https:\/\/www.cykloromantika.cz\/foto-2021-06-17\/\",\"alt\":\"\",\"description\":\"\",\"caption\":\"Jedin\u00fd Du\u0161\u00edk projel...\",\"mime\":\"image\/jpeg\",\"type\":\"image\",\"width\":1024,\"height\":768,\"sizes\":{\"thumbnail\":{\"height\":113,\"width\":150,\"url\":\"https:\/\/www.cykloromantika.cz\/wp-content\/uploads\/2022\/02\/foto-2021-06-17-150x113.jpg\",\"orientation\":\"landscape\"},\"medium\":{\"height\":225,\"width\":300,\"url\":\"https:\/\/www.cykloromantika.cz\/wp-content\/uploads\/2022\/02\/foto-2021-06-17-300x225.jpg\",\"orientation\":\"landscape\"},\"full\":{\"url\":\"https:\/\/www.cykloromantika.cz\/wp-content\/uploads\/2022\/02\/foto-2021-06-17.jpg\",\"height\":768,\"width\":1024,\"orientation\":\"landscape\"}},\"meta\":false,\"postlink\":\"https:\/\/www.cykloromantika.cz\/foto-2021-06-17\/\"},{\"id\":4275,\"title\":\"Foto 2021 06 18\",\"url\":\"https:\/\/www.cykloromantika.cz\/wp-content\/uploads\/2022\/02\/foto-2021-06-18.jpg\",\"link\":\"https:\/\/www.cykloromantika.cz\/foto-2021-06-18\/\",\"alt\":\"\",\"description\":\"\",\"caption\":\"Pohled na vysokou hr\u00e1z Slezsk\u00e9 Harty\",\"mime\":\"image\/jpeg\",\"type\":\"image\",\"width\":1024,\"height\":683,\"sizes\":{\"thumbnail\":{\"height\":100,\"width\":150,\"url\":\"https:\/\/www.cykloromantika.cz\/wp-content\/uploads\/2022\/02\/foto-2021-06-18-150x100.jpg\",\"orientation\":\"landscape\"},\"medium\":{\"height\":200,\"width\":300,\"url\":\"https:\/\/www.cykloromantika.cz\/wp-content\/uploads\/2022\/02\/foto-2021-06-18-300x200.jpg\",\"orientation\":\"landscape\"},\"full\":{\"url\":\"https:\/\/www.cykloromantika.cz\/wp-content\/uploads\/2022\/02\/foto-2021-06-18.jpg\",\"height\":683,\"width\":1024,\"orientation\":\"landscape\"}},\"meta\":false,\"postlink\":\"https:\/\/www.cykloromantika.cz\/foto-2021-06-18\/\"},{\"id\":4276,\"title\":\"Foto 2021 06 19\",\"url\":\"https:\/\/www.cykloromantika.cz\/wp-content\/uploads\/2022\/02\/foto-2021-06-19.jpg\",\"link\":\"https:\/\/www.cykloromantika.cz\/foto-2021-06-19\/\",\"alt\":\"\",\"description\":\"\",\"caption\":\"Dojeli jsme na dal\u0161\u00ed hr\u00e1z \u2013 Kru\u017eberk.\",\"mime\":\"image\/jpeg\",\"type\":\"image\",\"width\":1024,\"height\":683,\"sizes\":{\"thumbnail\":{\"height\":100,\"width\":150,\"url\":\"https:\/\/www.cykloromantika.cz\/wp-content\/uploads\/2022\/02\/foto-2021-06-19-150x100.jpg\",\"orientation\":\"landscape\"},\"medium\":{\"height\":200,\"width\":300,\"url\":\"https:\/\/www.cykloromantika.cz\/wp-content\/uploads\/2022\/02\/foto-2021-06-19-300x200.jpg\",\"orientation\":\"landscape\"},\"full\":{\"url\":\"https:\/\/www.cykloromantika.cz\/wp-content\/uploads\/2022\/02\/foto-2021-06-19.jpg\",\"height\":683,\"width\":1024,\"orientation\":\"landscape\"}},\"meta\":false,\"postlink\":\"https:\/\/www.cykloromantika.cz\/foto-2021-06-19\/\"},{\"id\":4277,\"title\":\"Foto 2021 06 20\",\"url\":\"https:\/\/www.cykloromantika.cz\/wp-content\/uploads\/2022\/02\/foto-2021-06-20.jpg\",\"link\":\"https:\/\/www.cykloromantika.cz\/foto-2021-06-20\/\",\"alt\":\"\",\"description\":\"\",\"caption\":\"Kru\u017eberk vypad\u00e1 mnohem romanti\u010dt\u011bji.\",\"mime\":\"image\/jpeg\",\"type\":\"image\",\"width\":1024,\"height\":683,\"sizes\":{\"thumbnail\":{\"height\":100,\"width\":150,\"url\":\"https:\/\/www.cykloromantika.cz\/wp-content\/uploads\/2022\/02\/foto-2021-06-20-150x100.jpg\",\"orientation\":\"landscape\"},\"medium\":{\"height\":200,\"width\":300,\"url\":\"https:\/\/www.cykloromantika.cz\/wp-content\/uploads\/2022\/02\/foto-2021-06-20-300x200.jpg\",\"orientation\":\"landscape\"},\"full\":{\"url\":\"https:\/\/www.cykloromantika.cz\/wp-content\/uploads\/2022\/02\/foto-2021-06-20.jpg\",\"height\":683,\"width\":1024,\"orientation\":\"landscape\"}},\"meta\":false,\"postlink\":\"https:\/\/www.cykloromantika.cz\/foto-2021-06-20\/\"},{\"id\":4278,\"title\":\"Foto 2021 06 21\",\"url\":\"https:\/\/www.cykloromantika.cz\/wp-content\/uploads\/2022\/02\/foto-2021-06-21.jpg\",\"link\":\"https:\/\/www.cykloromantika.cz\/foto-2021-06-21\/\",\"alt\":\"\",\"description\":\"\",\"caption\":\"Pohled zespodu na betonovou hr\u00e1z p\u0159ehrady Kru\u017eberk\",\"mime\":\"image\/jpeg\",\"type\":\"image\",\"width\":1024,\"height\":683,\"sizes\":{\"thumbnail\":{\"height\":100,\"width\":150,\"url\":\"https:\/\/www.cykloromantika.cz\/wp-content\/uploads\/2022\/02\/foto-2021-06-21-150x100.jpg\",\"orientation\":\"landscape\"},\"medium\":{\"height\":200,\"width\":300,\"url\":\"https:\/\/www.cykloromantika.cz\/wp-content\/uploads\/2022\/02\/foto-2021-06-21-300x200.jpg\",\"orientation\":\"landscape\"},\"full\":{\"url\":\"https:\/\/www.cykloromantika.cz\/wp-content\/uploads\/2022\/02\/foto-2021-06-21.jpg\",\"height\":683,\"width\":1024,\"orientation\":\"landscape\"}},\"meta\":false,\"postlink\":\"https:\/\/www.cykloromantika.cz\/foto-2021-06-21\/\"},{\"id\":4279,\"title\":\"Foto 2021 06 22\",\"url\":\"https:\/\/www.cykloromantika.cz\/wp-content\/uploads\/2022\/02\/foto-2021-06-22.jpg\",\"link\":\"https:\/\/www.cykloromantika.cz\/foto-2021-06-22\/\",\"alt\":\"\",\"description\":\"\",\"caption\":\"Nab\u00edr\u00e1me odvahu vl\u00e9zt do vody pod p\u0159ehradou.\",\"mime\":\"image\/jpeg\",\"type\":\"image\",\"width\":1024,\"height\":683,\"sizes\":{\"thumbnail\":{\"height\":100,\"width\":150,\"url\":\"https:\/\/www.cykloromantika.cz\/wp-content\/uploads\/2022\/02\/foto-2021-06-22-150x100.jpg\",\"orientation\":\"landscape\"},\"medium\":{\"height\":200,\"width\":300,\"url\":\"https:\/\/www.cykloromantika.cz\/wp-content\/uploads\/2022\/02\/foto-2021-06-22-300x200.jpg\",\"orientation\":\"landscape\"},\"full\":{\"url\":\"https:\/\/www.cykloromantika.cz\/wp-content\/uploads\/2022\/02\/foto-2021-06-22.jpg\",\"height\":683,\"width\":1024,\"orientation\":\"landscape\"}},\"meta\":false,\"postlink\":\"https:\/\/www.cykloromantika.cz\/foto-2021-06-22\/\"},{\"id\":4280,\"title\":\"Foto 2021 06 23\",\"url\":\"https:\/\/www.cykloromantika.cz\/wp-content\/uploads\/2022\/02\/foto-2021-06-23.jpg\",\"link\":\"https:\/\/www.cykloromantika.cz\/foto-2021-06-23\/\",\"alt\":\"\",\"description\":\"\",\"caption\":\"Odv\u00e1\u017elivci jsou do vody cel\u00ed, n\u011bkte\u0159\u00ed jen smo\u010d\u00ed.\",\"mime\":\"image\/jpeg\",\"type\":\"image\",\"width\":1024,\"height\":768,\"sizes\":{\"thumbnail\":{\"height\":113,\"width\":150,\"url\":\"https:\/\/www.cykloromantika.cz\/wp-content\/uploads\/2022\/02\/foto-2021-06-23-150x113.jpg\",\"orientation\":\"landscape\"},\"medium\":{\"height\":225,\"width\":300,\"url\":\"https:\/\/www.cykloromantika.cz\/wp-content\/uploads\/2022\/02\/foto-2021-06-23-300x225.jpg\",\"orientation\":\"landscape\"},\"full\":{\"url\":\"https:\/\/www.cykloromantika.cz\/wp-content\/uploads\/2022\/02\/foto-2021-06-23.jpg\",\"height\":768,\"width\":1024,\"orientation\":\"landscape\"}},\"meta\":false,\"postlink\":\"https:\/\/www.cykloromantika.cz\/foto-2021-06-23\/\"},{\"id\":4281,\"title\":\"Foto 2021 06 24\",\"url\":\"https:\/\/www.cykloromantika.cz\/wp-content\/uploads\/2022\/02\/foto-2021-06-24.jpg\",\"link\":\"https:\/\/www.cykloromantika.cz\/foto-2021-06-24\/\",\"alt\":\"\",\"description\":\"\",\"caption\":\"Romantick\u00fd ve\u010der pro vodohospod\u00e1\u0159e\",\"mime\":\"image\/jpeg\",\"type\":\"image\",\"width\":1024,\"height\":683,\"sizes\":{\"thumbnail\":{\"height\":100,\"width\":150,\"url\":\"https:\/\/www.cykloromantika.cz\/wp-content\/uploads\/2022\/02\/foto-2021-06-24-150x100.jpg\",\"orientation\":\"landscape\"},\"medium\":{\"height\":200,\"width\":300,\"url\":\"https:\/\/www.cykloromantika.cz\/wp-content\/uploads\/2022\/02\/foto-2021-06-24-300x200.jpg\",\"orientation\":\"landscape\"},\"full\":{\"url\":\"https:\/\/www.cykloromantika.cz\/wp-content\/uploads\/2022\/02\/foto-2021-06-24.jpg\",\"height\":683,\"width\":1024,\"orientation\":\"landscape\"}},\"meta\":false,\"postlink\":\"https:\/\/www.cykloromantika.cz\/foto-2021-06-24\/\"},{\"id\":4282,\"title\":\"Foto 2021 06 25\",\"url\":\"https:\/\/www.cykloromantika.cz\/wp-content\/uploads\/2022\/02\/foto-2021-06-25.jpg\",\"link\":\"https:\/\/www.cykloromantika.cz\/foto-2021-06-25\/\",\"alt\":\"\",\"description\":\"\",\"caption\":\"Horolezeck\u00e9 st\u011bny na Kru\u017eberku\",\"mime\":\"image\/jpeg\",\"type\":\"image\",\"width\":768,\"height\":1024,\"sizes\":{\"thumbnail\":{\"height\":150,\"width\":113,\"url\":\"https:\/\/www.cykloromantika.cz\/wp-content\/uploads\/2022\/02\/foto-2021-06-25-113x150.jpg\",\"orientation\":\"portrait\"},\"medium\":{\"height\":300,\"width\":225,\"url\":\"https:\/\/www.cykloromantika.cz\/wp-content\/uploads\/2022\/02\/foto-2021-06-25-225x300.jpg\",\"orientation\":\"portrait\"},\"full\":{\"url\":\"https:\/\/www.cykloromantika.cz\/wp-content\/uploads\/2022\/02\/foto-2021-06-25.jpg\",\"height\":1024,\"width\":768,\"orientation\":\"portrait\"}},\"meta\":false,\"postlink\":\"https:\/\/www.cykloromantika.cz\/foto-2021-06-25\/\"},{\"id\":4283,\"title\":\"Foto 2021 06 26\",\"url\":\"https:\/\/www.cykloromantika.cz\/wp-content\/uploads\/2022\/02\/foto-2021-06-26.jpg\",\"link\":\"https:\/\/www.cykloromantika.cz\/foto-2021-06-26\/\",\"alt\":\"\",\"description\":\"\",\"caption\":\"V\u00fdhled na obec Kru\u017eberk\",\"mime\":\"image\/jpeg\",\"type\":\"image\",\"width\":1024,\"height\":683,\"sizes\":{\"thumbnail\":{\"height\":100,\"width\":150,\"url\":\"https:\/\/www.cykloromantika.cz\/wp-content\/uploads\/2022\/02\/foto-2021-06-26-150x100.jpg\",\"orientation\":\"landscape\"},\"medium\":{\"height\":200,\"width\":300,\"url\":\"https:\/\/www.cykloromantika.cz\/wp-content\/uploads\/2022\/02\/foto-2021-06-26-300x200.jpg\",\"orientation\":\"landscape\"},\"full\":{\"url\":\"https:\/\/www.cykloromantika.cz\/wp-content\/uploads\/2022\/02\/foto-2021-06-26.jpg\",\"height\":683,\"width\":1024,\"orientation\":\"landscape\"}},\"meta\":false,\"postlink\":\"https:\/\/www.cykloromantika.cz\/foto-2021-06-26\/\"},{\"id\":4284,\"title\":\"Foto 2021 06 27\",\"url\":\"https:\/\/www.cykloromantika.cz\/wp-content\/uploads\/2022\/02\/foto-2021-06-27.jpg\",\"link\":\"https:\/\/www.cykloromantika.cz\/foto-2021-06-27\/\",\"alt\":\"\",\"description\":\"\",\"caption\":\"Na\u0161e no\u010dn\u00ed \u00fato\u010di\u0161t\u011b \u2013 d\u011bkujeme kamar\u00e1dce.\",\"mime\":\"image\/jpeg\",\"type\":\"image\",\"width\":1024,\"height\":768,\"sizes\":{\"thumbnail\":{\"height\":113,\"width\":150,\"url\":\"https:\/\/www.cykloromantika.cz\/wp-content\/uploads\/2022\/02\/foto-2021-06-27-150x113.jpg\",\"orientation\":\"landscape\"},\"medium\":{\"height\":225,\"width\":300,\"url\":\"https:\/\/www.cykloromantika.cz\/wp-content\/uploads\/2022\/02\/foto-2021-06-27-300x225.jpg\",\"orientation\":\"landscape\"},\"full\":{\"url\":\"https:\/\/www.cykloromantika.cz\/wp-content\/uploads\/2022\/02\/foto-2021-06-27.jpg\",\"height\":768,\"width\":1024,\"orientation\":\"landscape\"}},\"meta\":false,\"postlink\":\"https:\/\/www.cykloromantika.cz\/foto-2021-06-27\/\"},{\"id\":4285,\"title\":\"Foto 2021 06 28\",\"url\":\"https:\/\/www.cykloromantika.cz\/wp-content\/uploads\/2022\/02\/foto-2021-06-28.jpg\",\"link\":\"https:\/\/www.cykloromantika.cz\/foto-2021-06-28\/\",\"alt\":\"\",\"description\":\"\",\"caption\":\"Zakon\u010den\u00ed ve\u010dera \u2013 kuchy\u0148 ji\u017e zav\u0159en\u00e1, tak zb\u00fdvaj\u00ed jen slan\u00e9 pochutiny.\",\"mime\":\"image\/jpeg\",\"type\":\"image\",\"width\":1024,\"height\":768,\"sizes\":{\"thumbnail\":{\"height\":113,\"width\":150,\"url\":\"https:\/\/www.cykloromantika.cz\/wp-content\/uploads\/2022\/02\/foto-2021-06-28-150x113.jpg\",\"orientation\":\"landscape\"},\"medium\":{\"height\":225,\"width\":300,\"url\":\"https:\/\/www.cykloromantika.cz\/wp-content\/uploads\/2022\/02\/foto-2021-06-28-300x225.jpg\",\"orientation\":\"landscape\"},\"full\":{\"url\":\"https:\/\/www.cykloromantika.cz\/wp-content\/uploads\/2022\/02\/foto-2021-06-28.jpg\",\"height\":768,\"width\":1024,\"orientation\":\"landscape\"}},\"meta\":false,\"postlink\":\"https:\/\/www.cykloromantika.cz\/foto-2021-06-28\/\"}],\"itemsMetaDataCollection\":[],\"galleryData\":\"{\\u0022pageMode\\u0022:false,\\u0022lastRowFill\\u0022:true,\\u0022collectionThumbRecomendedHeight\\u0022:300,\\u0022collectionThumbMiniScreenScale\\u0022:true,\\u0022thumbSpacing\\u0022:5,\\u0022externalLink\\u0022:true,\\u0022externalLinkDefName\\u0022:\\u0022Read More\\u0022,\\u0022externalLinkTextColor\\u0022:\\u0022rgba(0,0,0,1)\\u0022,\\u0022externalLinkBgColor\\u0022:\\u0022rgba(255,255,255,1)\\u0022,\\u0022externalLinkFontSize\\u0022:18,\\u0022captions\\u0022:true,\\u0022captionSrc\\u0022:\\u0022caption\\u0022,\\u0022captionHAlign\\u0022:\\u0022bottom\\u0022,\\u0022collectionthumbHoverTitleFontSize\\u0022:12,\\u0022collectionthumbRoundedCorners\\u0022:8,\\u0022collectionthumbHoverTitleTextColor\\u0022:\\u0022rgba(255,255,255,1)\\u0022,\\u0022collectionthumbHoverTitleTextBgColor\\u0022:\\u0022rgba(0,0,0,0.44)\\u0022,\\u0022collectionthumbHoverBgColor\\u0022:\\u0022rgba(0,0,0,0.4)\\u0022,\\u0022collectionThumbSubMenuDownload\\u0022:true,\\u0022collectionThumbSubMenuShare\\u0022:false,\\u0022collectionThumbSubMenuBgColor\\u0022:\\u0022rgba(0,0,0,0.4)\\u0022,\\u0022collectionThumbSubMenuBgColorHover\\u0022:\\u0022rgba(255,255,255,1)\\u0022,\\u0022collectionThumbSubMenuIconColor\\u0022:\\u0022rgba(255,255,255,1)\\u0022,\\u0022collectionThumbSubMenuIconColorHover\\u0022:\\u0022rgba(0,0,0,1)\\u0022,\\u0022galleryType\\u0022:\\u0022pgc_sgb_justified\\u0022,\\u0022align\\u0022:\\u0022\\u0022,\\u0022galleryId\\u0022:\\u002204340922\\u0022,\\u0022galleryQuery\\u0022:null,\\u0022tagsListCustomMode\\u0022:false,\\u0022initGalleryByFirstTag\\u0022:false,\\u0022deepLinkingForTag\\u0022:false,\\u0022galleryTagsList\\u0022:[],\\u0022useClobalSettings\\u0022:true,\\u0022orderBy\\u0022:\\u0022title\\u0022,\\u0022deepLinking\\u0022:false,\\u0022useLightbox\\u0022:true,\\u0022thumbClickAction\\u0022:\\u0022useLightbox\\u0022,\\u0022numItemsDisplayed\\u0022:0,\\u0022lazyLoading\\u0022:true,\\u0022contentNoPadding\\u0022:false,\\u0022galleryPreloaderColor\\u0022:\\u0022rgba(230,230,230,1)\\u0022,\\u0022galleryBgColor\\u0022:\\u0022rgba(0,0,0,0)\\u0022,\\u0022galleryBorderRadius\\u0022:8,\\u0022customCSS\\u0022:\\u0022\\u0022,\\u0022itemsPerPage\\u0022:20,\\u0022loadMoreDefName\\u0022:\\u0022Load More\\u0022,\\u0022loadMoreFontSize\\u0022:16,\\u0022loadMoreTextColor\\u0022:\\u0022rgba(255,255,255,1)\\u0022,\\u0022loadMoreBgColor\\u0022:\\u0022rgba(0,0,0,1)\\u0022,\\u0022tagsFilter\\u0022:false,\\u0022tagCloudAll\\u0022:\\u0022All\\u0022,\\u0022tagCloudBgColor\\u0022:\\u0022rgba(153,153,153,1)\\u0022,\\u0022tagCloudBgColorOver\\u0022:\\u0022rgba(253,253,253,1)\\u0022,\\u0022tagCloudTextColor\\u0022:\\u0022rgba(253,253,253,1)\\u0022,\\u0022tagCloudTextColorOver\\u0022:\\u0022rgba(153,153,153,1)\\u0022,\\u0022tagCloudFontSize\\u0022:16,\\u0022modaBgColor\\u0022:\\u0022rgba(0,0,0,0.8)\\u0022,\\u0022modalIconColor\\u0022:\\u0022rgba(255,255,255,1)\\u0022,\\u0022modalIconColorHover\\u0022:\\u0022rgba(255,255,255,0.8)\\u0022,\\u0022shareFacebook\\u0022:false,\\u0022shareTwitter\\u0022:false,\\u0022sharePinterest\\u0022:false,\\u0022sliderItemDownload\\u0022:true,\\u0022shareCopyLink\\u0022:true,\\u0022sharePost\\u0022:\\u0022postlink\\u0022,\\u0022copyRProtection\\u0022:false,\\u0022copyRAlert\\u0022:\\u0022Hello, this photo is mine!\\u0022,\\u0022sliderScrollNavi\\u0022:false,\\u0022sliderNextPrevAnimation\\u0022:\\u0022animation\\u0022,\\u0022galleryScrollPositionControll\\u0022:false,\\u0022sliderVideoAutoPlay\\u0022:false,\\u0022sliderVideoLoop\\u0022:false,\\u0022sliderItemCounterEnable\\u0022:true,\\u0022sliderCaptionSrc\\u0022:\\u0022caption\\u0022,\\u0022sliderItemTitleEnable\\u0022:true,\\u0022sliderItemTitleFontSize\\u0022:18,\\u0022sliderItemTitleTextColor\\u0022:\\u0022rgba(255,255,255,1)\\u0022,\\u0022itemCounterColor\\u0022:\\u0022rgba(255,255,255,1)\\u0022,\\u0022sliderThumbBarEnable\\u0022:true,\\u0022sliderThumbBarHoverColor\\u0022:\\u0022rgba(240,240,240,1)\\u0022,\\u0022sliderBgColor\\u0022:\\u0022rgba(0,0,0,0.8)\\u0022,\\u0022sliderPreloaderColor\\u0022:\\u0022rgba(240,240,240,1)\\u0022,\\u0022sliderHeaderFooterBgColor\\u0022:\\u0022rgba(0,0,0,0.4)\\u0022,\\u0022sliderNavigationColor\\u0022:\\u0022rgba(0,0,0,1)\\u0022,\\u0022sliderNavigationColorOver\\u0022:\\u0022rgba(255,255,255,1)\\u0022,\\u0022sliderNavigationIconColor\\u0022:\\u0022rgba(255,255,255,1)\\u0022,\\u0022sliderNavigationIconColorOver\\u0022:\\u0022rgba(0,0,0,1)\\u0022,\\u0022sliderSlideshow\\u0022:true,\\u0022sliderSlideshowDelay\\u0022:8,\\u0022slideshowIndicatorColor\\u0022:\\u0022rgba(255,255,255,1)\\u0022,\\u0022slideshowIndicatorColorBg\\u0022:\\u0022rgba(255,255,255,0.5)\\u0022,\\u0022sliderThumbSubMenuBackgroundColor\\u0022:\\u0022rgba(255,255,255,0)\\u0022,\\u0022sliderThumbSubMenuBackgroundColorOver\\u0022:\\u0022rgba(255,255,255,1)\\u0022,\\u0022sliderThumbSubMenuIconColor\\u0022:\\u0022rgba(255,255,255,1)\\u0022,\\u0022sliderThumbSubMenuIconHoverColor\\u0022:\\u0022rgba(0,0,0,1)\\u0022,\\u0022sliderSocialShareEnabled\\u0022:false,\\u0022sliderZoomEnable\\u0022:true,\\u0022sliderFullscreenEnabled\\u0022:true,\\u0022settingsModalIsOpen\\u0022:false,\\u0022skin\\u0022:\\u0022justified\\u0022}\",\"useClobalSettings\":true,\"orderBy\":\"title\",\"galleryBorderRadius\":8,\"shareFacebook\":false,\"shareTwitter\":false,\"sharePinterest\":false,\"sharePost\":\"postlink\",\"sliderItemTitleEnable\":true,\"sliderSocialShareEnabled\":false}<\/script><script>(function(){if(window.PGC_SGB && window.PGC_SGB.searcher){window.PGC_SGB.searcher.initBlocks()}})()<\/script><\/div>\n<\/div><\/div>\n<\/div><\/div><\/div>\n","protected":false},"excerpt":{"rendered":"","protected":false},"author":3,"featured_media":4268,"comment_status":"open","ping_status":"open","sticky":false,"template":"","format":"standard","meta":{"_acf_changed":false,"pgc_sgb_lightbox_settings":"","footnotes":""},"categories":[31],"tags":[],"class_list":["post-2070","post","type-post","status-publish","format-standard","has-post-thumbnail","hentry","category-denicek"],"acf":[],"_links":{"self":[{"href":"https:\/\/www.cykloromantika.cz\/index.php\/wp-json\/wp\/v2\/posts\/2070","targetHints":{"allow":["GET"]}}],"collection":[{"href":"https:\/\/www.cykloromantika.cz\/index.php\/wp-json\/wp\/v2\/posts"}],"about":[{"href":"https:\/\/www.cykloromantika.cz\/index.php\/wp-json\/wp\/v2\/types\/post"}],"author":[{"embeddable":true,"href":"https:\/\/www.cykloromantika.cz\/index.php\/wp-json\/wp\/v2\/users\/3"}],"replies":[{"embeddable":true,"href":"https:\/\/www.cykloromantika.cz\/index.php\/wp-json\/wp\/v2\/comments?post=2070"}],"version-history":[{"count":25,"href":"https:\/\/www.cykloromantika.cz\/index.php\/wp-json\/wp\/v2\/posts\/2070\/revisions"}],"predecessor-version":[{"id":9277,"href":"https:\/\/www.cykloromantika.cz\/index.php\/wp-json\/wp\/v2\/posts\/2070\/revisions\/9277"}],"wp:featuredmedia":[{"embeddable":true,"href":"https:\/\/www.cykloromantika.cz\/index.php\/wp-json\/wp\/v2\/media\/4268"}],"wp:attachment":[{"href":"https:\/\/www.cykloromantika.cz\/index.php\/wp-json\/wp\/v2\/media?parent=2070"}],"wp:term":[{"taxonomy":"category","embeddable":true,"href":"https:\/\/www.cykloromantika.cz\/index.php\/wp-json\/wp\/v2\/categories?post=2070"},{"taxonomy":"post_tag","embeddable":true,"href":"https:\/\/www.cykloromantika.cz\/index.php\/wp-json\/wp\/v2\/tags?post=2070"}],"curies":[{"name":"wp","href":"https:\/\/api.w.org\/{rel}","templated":true}]}}