{"id":2068,"date":"2021-07-30T17:08:00","date_gmt":"2021-07-30T16:08:00","guid":{"rendered":"https:\/\/www.cykloromantika.cz\/?p=2068"},"modified":"2025-10-19T16:21:27","modified_gmt":"2025-10-19T15:21:27","slug":"xxv-rocnik-5-den-za-panem-z-tremesne","status":"publish","type":"post","link":"https:\/\/www.cykloromantika.cz\/index.php\/2021\/07\/30\/xxv-rocnik-5-den-za-panem-z-tremesne\/","title":{"rendered":"XXV. ro\u010dn\u00edk \u2013 5.&nbsp;den: Za P\u00e1nem z&nbsp;T\u0159eme\u0161n\u00e9"},"content":{"rendered":"<style>.kt-tabs-id2068_358fab-68 > .kt-tabs-content-wrap > .wp-block-kadence-tab{border-top-width:1px;border-right-width:0px;border-bottom-width:0px;border-left-width:0px;border-color:#eeeeee;border-top-left-radius:0px;border-top-right-radius:0px;border-bottom-right-radius:0px;border-bottom-left-radius:0px;padding-top:20px;padding-right:0px;padding-bottom:20px;padding-left:0px;background:#ffffff;}.wp-block-kadence-tabs .kt-tabs-id2068_358fab-68 > .kt-tabs-title-list li{margin-top:0px;margin-right:8px;margin-bottom:0px;margin-left:0px;}.wp-block-kadence-tabs .kt-tabs-id2068_358fab-68 > .kt-tabs-title-list li:last-child{margin-right:0px;}.wp-block-kadence-tabs .kt-tabs-id2068_358fab-68 > .kt-tabs-title-list li .kt-tab-title, .wp-block-kadence-tabs .kt-tabs-id2068_358fab-68 > .kt-tabs-content-wrap > .kt-tabs-accordion-title .kt-tab-title{line-height:1.4em;font-weight:400;font-style:normal;text-transform:uppercase;border-top-width:0px;border-right-width:0px;border-bottom-width:0px;border-left-width:0px;border-top-left-radius:0px;border-top-right-radius:0px;border-bottom-right-radius:0px;border-bottom-left-radius:0px;padding-top:8px;padding-right:20px;padding-bottom:8px;padding-left:20px;border-color:#ffffff;color:#555555;background:#ffffff;}.wp-block-kadence-tabs .kt-tabs-id2068_358fab-68 > .kt-tabs-content-wrap > .kt-tabs-accordion-title .kt-tab-title{margin-top:0px;margin-right:8px;margin-bottom:0px;margin-left:0px;}.wp-block-kadence-tabs .kt-tabs-id2068_358fab-68 > .kt-tabs-title-list li .kt-tab-title:hover, .wp-block-kadence-tabs .kt-tabs-id2068_358fab-68 > .kt-tabs-content-wrap > .kt-tabs-accordion-title .kt-tab-title:hover{border-color:#555555;color:#086abd;background:#ffffff;}.wp-block-kadence-tabs .kt-tabs-id2068_358fab-68 > .kt-tabs-title-list li.kt-tab-title-active .kt-tab-title, .wp-block-kadence-tabs .kt-tabs-id2068_358fab-68 > .kt-tabs-content-wrap > .kt-tabs-accordion-title.kt-tab-title-active .kt-tab-title{border-color:#555555;color:#086abd;background:#ffffff;}.wp-block-kadence-tabs .kt-tabs-id2068_358fab-68 > .kt-tabs-title-list li svg{font-size:24px;}<\/style>\n<div class=\"wp-block-kadence-tabs alignnone\"><div class=\"kt-tabs-wrap kt-tabs-id2068_358fab-68 kt-tabs-has-3-tabs kt-active-tab-3 kt-tabs-layout-tabs kt-tabs-tablet-layout-inherit kt-tabs-mobile-layout-inherit kt-tab-alignment-center \"><ul class=\"kt-tabs-title-list\"><li id=\"tab-trasa\" class=\"kt-title-item kt-title-item-1 kt-tabs-svg-show-always kt-tabs-icon-side-top kt-tab-title-inactive\"><a href=\"#tab-trasa\" data-tab=\"1\" class=\"kt-tab-title kt-tab-title-1 \"><span class=\"kb-svg-icon-wrap kb-svg-icon-fe_map\"><svg viewBox=\"0 0 24 24\"  fill=\"none\" stroke=\"currentColor\" stroke-width=\"2\" stroke-linecap=\"round\" stroke-linejoin=\"round\" xmlns=\"http:\/\/www.w3.org\/2000\/svg\"  aria-hidden=\"true\"><polygon points=\"1 6 1 22 8 18 16 22 23 18 23 2 16 6 8 2 1 6\"\/><line x1=\"8\" y1=\"2\" x2=\"8\" y2=\"18\"\/><line x1=\"16\" y1=\"6\" x2=\"16\" y2=\"22\"\/><\/svg><\/span><span class=\"kt-title-text\">Trasa<\/span><\/a><\/li><li id=\"tab-zitky\" class=\"kt-title-item kt-title-item-2 kt-tabs-svg-show-always kt-tabs-icon-side-top kt-tab-title-inactive\"><a href=\"#tab-zitky\" data-tab=\"2\" class=\"kt-tab-title kt-tab-title-2 \"><span class=\"kb-svg-icon-wrap kb-svg-icon-fe_alignLeft\"><svg viewBox=\"0 0 24 24\"  fill=\"none\" stroke=\"currentColor\" stroke-width=\"2\" stroke-linecap=\"round\" stroke-linejoin=\"round\" xmlns=\"http:\/\/www.w3.org\/2000\/svg\"  aria-hidden=\"true\"><line x1=\"17\" y1=\"10\" x2=\"3\" y2=\"10\"\/><line x1=\"21\" y1=\"6\" x2=\"3\" y2=\"6\"\/><line x1=\"21\" y1=\"14\" x2=\"3\" y2=\"14\"\/><line x1=\"17\" y1=\"18\" x2=\"3\" y2=\"18\"\/><\/svg><\/span><span class=\"kt-title-text\">Z\u00e1\u017eitky<\/span><\/a><\/li><li id=\"tab-fotky\" class=\"kt-title-item kt-title-item-3 kt-tabs-svg-show-always kt-tabs-icon-side-top kt-tab-title-active\"><a href=\"#tab-fotky\" data-tab=\"3\" class=\"kt-tab-title kt-tab-title-3 \"><span class=\"kb-svg-icon-wrap kb-svg-icon-fe_camera\"><svg viewBox=\"0 0 24 24\"  fill=\"none\" stroke=\"currentColor\" stroke-width=\"2\" stroke-linecap=\"round\" stroke-linejoin=\"round\" xmlns=\"http:\/\/www.w3.org\/2000\/svg\"  aria-hidden=\"true\"><path d=\"M23 19a2 2 0 0 1-2 2H3a2 2 0 0 1-2-2V8a2 2 0 0 1 2-2h4l2-3h6l2 3h4a2 2 0 0 1 2 2z\"\/><circle cx=\"12\" cy=\"13\" r=\"4\"\/><\/svg><\/span><span class=\"kt-title-text\">Fotky<\/span><\/a><\/li><\/ul><div class=\"kt-tabs-content-wrap\">\n<div class=\"wp-block-kadence-tab kt-tab-inner-content kt-inner-tab-1 kt-inner-tab2068_2db091-de\"><div class=\"kt-tab-inner-content-inner\">\n<p>Jeskyn\u011b na \u0160pi\u010d\u00e1ku &#8211; P\u00edse\u010dn\u00e1 &#8211; Chebz\u00ed &#8211; Rejv\u00edz &#8211; He\u0159manovice &#8211; Jind\u0159ichov &#8211; T\u0159eme\u0161n\u00e1<\/p>\n\n\n\n<ul class=\"wp-block-list\">\n<li>najeto: 45 km <\/li>\n\n\n\n<li>nejni\u017e\u0161\u00ed a nejvy\u0161\u0161\u00ed bod: 343-793&nbsp;m n. m. <\/li>\n\n\n\n<li>stoup\u00e1n\u00ed: 659&nbsp;m <\/li>\n\n\n\n<li>kles\u00e1n\u00ed: 747&nbsp;m<\/li>\n<\/ul>\n\n\n<div class=\"pgc-sgb-cb wp-block-pgcsimplygalleryblock-slider \" data-gallery-id=\"98630370\"style=&quot;min-height:320px&quot;><div class=\"sgb-preloader\" id=\"pr_98630370\">\n\t<div class=\"sgb-square\" style=\"background:#d4d4d4\"><\/div>\n\t<div class=\"sgb-square\" style=\"background:#d4d4d4\"><\/div>\n\t<div class=\"sgb-square\" style=\"background:#d4d4d4\"><\/div>\n\t<div class=\"sgb-square\" style=\"background:#d4d4d4\"><\/div><\/div><div class=\"simply-gallery-amp pgc_sgb_slider \"><noscript><div class=\"sgb-gallery\"><div class=\"sgb-item\"><a href=\"https:\/\/www.cykloromantika.cz\/index.php\/2021\/07\/26\/xxv-rocnik-1-den-pivovar-faltus-vstupni-brana-do-orlickych-hor\/mapa-2021-05-01\/\" target=\"_blank\"><img decoding=\"async\" alt=\"\" width=\"300\" height=\"155\" loading=\"lazy\" src=\"https:\/\/www.cykloromantika.cz\/wp-content\/uploads\/2021\/07\/mapa-2021-05-01-300x155.jpg\" srcset=\"https:\/\/www.cykloromantika.cz\/wp-content\/uploads\/2021\/07\/mapa-2021-05-01-300x155.jpg 300w,https:\/\/www.cykloromantika.cz\/wp-content\/uploads\/2021\/07\/mapa-2021-05-01.jpg 1024w\" sizes=\"auto, 250px\"\/><\/a><\/div><div class=\"sgb-item\"><a href=\"https:\/\/www.cykloromantika.cz\/index.php\/2021\/07\/26\/xxv-rocnik-1-den-pivovar-faltus-vstupni-brana-do-orlickych-hor\/mapa-2021-05-02\/\" target=\"_blank\"><img decoding=\"async\" alt=\"\" width=\"300\" height=\"155\" loading=\"lazy\" src=\"https:\/\/www.cykloromantika.cz\/wp-content\/uploads\/2021\/07\/mapa-2021-05-02-300x155.jpg\" srcset=\"https:\/\/www.cykloromantika.cz\/wp-content\/uploads\/2021\/07\/mapa-2021-05-02-300x155.jpg 300w,https:\/\/www.cykloromantika.cz\/wp-content\/uploads\/2021\/07\/mapa-2021-05-02.jpg 1024w\" sizes=\"auto, 250px\"\/><\/a><\/div><div class=\"sgb-item\"><a href=\"https:\/\/www.cykloromantika.cz\/index.php\/2021\/07\/26\/xxv-rocnik-1-den-pivovar-faltus-vstupni-brana-do-orlickych-hor\/mapa-2021-05-03\/\" target=\"_blank\"><img decoding=\"async\" alt=\"\" width=\"300\" height=\"155\" loading=\"lazy\" src=\"https:\/\/www.cykloromantika.cz\/wp-content\/uploads\/2021\/07\/mapa-2021-05-03-300x155.jpg\" srcset=\"https:\/\/www.cykloromantika.cz\/wp-content\/uploads\/2021\/07\/mapa-2021-05-03-300x155.jpg 300w,https:\/\/www.cykloromantika.cz\/wp-content\/uploads\/2021\/07\/mapa-2021-05-03.jpg 1024w\" sizes=\"auto, 250px\"\/><\/a><\/div><\/div><\/noscript><\/div><script type=\"application\/json\" class=\"sgb-data\">{\"externalLinkDefName\":\"d\u00e1le\",\"captionHAlign\":\"bottom\",\"collectionthumbHoverTitleFontSize\":12,\"collectionthumbRoundedCorners\":8,\"collectionthumbHoverTitleTextBgColor\":\"rgba(0,0,0,0.44)\",\"collectionThumbSubMenuShare\":false,\"sliderMaxHeight\":320,\"sliderAdminWidth\":726,\"responsiveHeight\":true,\"sliderThumbsNavi\":false,\"autoPlay\":true,\"autoPlayDelay\":8,\"galleryType\":\"pgc_sgb_slider\",\"galleryId\":\"98630370\",\"images\":[{\"id\":7257,\"title\":\"Mapa 2021 05 01\",\"url\":\"https:\/\/www.cykloromantika.cz\/wp-content\/uploads\/2021\/07\/mapa-2021-05-01.jpg\",\"link\":\"https:\/\/www.cykloromantika.cz\/index.php\/2021\/07\/26\/xxv-rocnik-1-den-pivovar-faltus-vstupni-brana-do-orlickych-hor\/mapa-2021-05-01\/\",\"alt\":\"\",\"description\":\"\",\"caption\":\"\",\"mime\":\"image\/jpeg\",\"type\":\"image\",\"width\":1024,\"height\":530,\"sizes\":{\"thumbnail\":{\"height\":78,\"width\":150,\"url\":\"https:\/\/www.cykloromantika.cz\/wp-content\/uploads\/2021\/07\/mapa-2021-05-01-150x78.jpg\",\"orientation\":\"landscape\"},\"medium\":{\"height\":155,\"width\":300,\"url\":\"https:\/\/www.cykloromantika.cz\/wp-content\/uploads\/2021\/07\/mapa-2021-05-01-300x155.jpg\",\"orientation\":\"landscape\"},\"full\":{\"url\":\"https:\/\/www.cykloromantika.cz\/wp-content\/uploads\/2021\/07\/mapa-2021-05-01.jpg\",\"height\":530,\"width\":1024,\"orientation\":\"landscape\"}},\"meta\":false,\"postlink\":\"https:\/\/www.cykloromantika.cz\/index.php\/2021\/07\/26\/xxv-rocnik-1-den-pivovar-faltus-vstupni-brana-do-orlickych-hor\/mapa-2021-05-01\/\"},{\"id\":7258,\"title\":\"Mapa 2021 05 02\",\"url\":\"https:\/\/www.cykloromantika.cz\/wp-content\/uploads\/2021\/07\/mapa-2021-05-02.jpg\",\"link\":\"https:\/\/www.cykloromantika.cz\/index.php\/2021\/07\/26\/xxv-rocnik-1-den-pivovar-faltus-vstupni-brana-do-orlickych-hor\/mapa-2021-05-02\/\",\"alt\":\"\",\"description\":\"\",\"caption\":\"\",\"mime\":\"image\/jpeg\",\"type\":\"image\",\"width\":1024,\"height\":530,\"sizes\":{\"thumbnail\":{\"height\":78,\"width\":150,\"url\":\"https:\/\/www.cykloromantika.cz\/wp-content\/uploads\/2021\/07\/mapa-2021-05-02-150x78.jpg\",\"orientation\":\"landscape\"},\"medium\":{\"height\":155,\"width\":300,\"url\":\"https:\/\/www.cykloromantika.cz\/wp-content\/uploads\/2021\/07\/mapa-2021-05-02-300x155.jpg\",\"orientation\":\"landscape\"},\"full\":{\"url\":\"https:\/\/www.cykloromantika.cz\/wp-content\/uploads\/2021\/07\/mapa-2021-05-02.jpg\",\"height\":530,\"width\":1024,\"orientation\":\"landscape\"}},\"meta\":false,\"postlink\":\"https:\/\/www.cykloromantika.cz\/index.php\/2021\/07\/26\/xxv-rocnik-1-den-pivovar-faltus-vstupni-brana-do-orlickych-hor\/mapa-2021-05-02\/\"},{\"id\":7259,\"title\":\"Mapa 2021 05 03\",\"url\":\"https:\/\/www.cykloromantika.cz\/wp-content\/uploads\/2021\/07\/mapa-2021-05-03.jpg\",\"link\":\"https:\/\/www.cykloromantika.cz\/index.php\/2021\/07\/26\/xxv-rocnik-1-den-pivovar-faltus-vstupni-brana-do-orlickych-hor\/mapa-2021-05-03\/\",\"alt\":\"\",\"description\":\"\",\"caption\":\"\",\"mime\":\"image\/jpeg\",\"type\":\"image\",\"width\":1024,\"height\":530,\"sizes\":{\"thumbnail\":{\"height\":78,\"width\":150,\"url\":\"https:\/\/www.cykloromantika.cz\/wp-content\/uploads\/2021\/07\/mapa-2021-05-03-150x78.jpg\",\"orientation\":\"landscape\"},\"medium\":{\"height\":155,\"width\":300,\"url\":\"https:\/\/www.cykloromantika.cz\/wp-content\/uploads\/2021\/07\/mapa-2021-05-03-300x155.jpg\",\"orientation\":\"landscape\"},\"full\":{\"url\":\"https:\/\/www.cykloromantika.cz\/wp-content\/uploads\/2021\/07\/mapa-2021-05-03.jpg\",\"height\":530,\"width\":1024,\"orientation\":\"landscape\"}},\"meta\":false,\"postlink\":\"https:\/\/www.cykloromantika.cz\/index.php\/2021\/07\/26\/xxv-rocnik-1-den-pivovar-faltus-vstupni-brana-do-orlickych-hor\/mapa-2021-05-03\/\"}],\"orderBy\":\"title\",\"galleryBorderRadius\":8,\"shareFacebook\":false,\"shareTwitter\":false,\"sharePinterest\":false,\"sharePost\":\"postlink\",\"sliderSocialShareEnabled\":false,\"itemsMetaDataCollection\":[]}<\/script><script>(function(){if(window.PGC_SGB && window.PGC_SGB.searcher){window.PGC_SGB.searcher.initBlocks()}})()<\/script><\/div><\/div><\/div>\n\n\n\n<div class=\"wp-block-kadence-tab kt-tab-inner-content kt-inner-tab-2 kt-inner-tab2068_e9259d-12\"><div class=\"kt-tab-inner-content-inner\">\n<p>Noc prob\u011bhla v&nbsp;pohod\u011b, nepr\u0161elo a v\u011btve ze strom\u016f na n\u00e1s nespadli. Prvn\u00ed z&nbsp;obsluhy jeskyn\u011b si n\u00e1\u0161 v\u0161imla a otev\u0159ela n\u00e1m ve\u0159ejn\u00e9 z\u00e1chody. Nemus\u00edme jsme tedy do lesa. V&nbsp;otev\u0159en\u00e9 recepci si aspo\u0148 koup\u00edme k\u00e1vu z&nbsp;automatu. Do jeskyn\u011b ale nejdeme.<\/p>\n\n\n\n<p>Sn\u00eddani si &#8222;objedn\u00e1me&#8220; v&nbsp;m\u00edstn\u00edm COOP. Sice p\u00e1rky nebo vaj\u00ed\u010dka nejsou na menu, ale rohl\u00edk s&nbsp;vla\u0161\u00e1kem a sladk\u00e1 te\u010dka byla. Poslouch\u00e1me zam\u011bstnance z&nbsp;m\u00edstn\u00edho \u0161ro\u0165\u00e1ku, piva se o\u010dividn\u011b nez\u0159\u00edkaj\u00ed. To ale poslouchat cel\u00fd den nechceme. Vyj\u00ed\u017ed\u00edme sm\u011br Rejv\u00edz. Ve <strong>Studen\u00e9m Zejfu<\/strong> uhneme od \u0159eky B\u011bl\u00e9 a p\u0159es <strong>Chebz\u00ed<\/strong> stoup\u00e1me \u0160melhausovou cestou. Na sedle u pramene Javorn\u00e9 se potk\u00e1v\u00e1me s&nbsp;dvojic\u00ed Holan\u010fan\u016f, kte\u0159\u00ed na kole obj\u00ed\u017ed\u00ed \u010ceskou republiku. Obdivuhodn\u00e9.<\/p>\n\n\n\n<p>Pak u\u017e jen kr\u00e1tk\u00e9 kles\u00e1n\u00ed a jsme na <strong>Rejv\u00edzu<\/strong>. V&nbsp;restauraci Na Palou\u010dku si d\u00e1me ob\u011bd a chvilku oddechu k&nbsp;tomu. Ale pokra\u010dujeme, p\u0159es Mal\u00e9 mechov\u00e9 jezero sm\u011b\u0159ujeme po Slezsk\u00e9 cyklotrase na <strong>Drakov<\/strong>. M\u00edj\u00edme Lorenzovu hu\u0165, kde na chv\u00edli zastav\u00edme a zji\u0161\u0165ujeme podrobnosti o n\u00ed. U rozcest\u00ed u h\u00e1jovny odbo\u010d\u00edme na He\u0159manovice a pak kousek jedeme po hlavn\u00ed silnici na Zlat\u00e9 Hory. <\/p>\n\n\n\n<p>Op\u011bt z&nbsp;n\u00ed sj\u00ed\u017ed\u00edme na cestu, kter\u00e1 je pops\u00e1na ve stavu havarijn\u00edm. Kli\u010dkujeme mezi v\u00fdmoly a uva\u017eujeme, zda je sj\u00edzdn\u00e1 pro norm\u00e1ln\u00ed auta. Zaj\u00edmavost\u00ed je pramen Osoblahy, podle kter\u00e9 pojedeme p\u0159es <strong>Janov<\/strong> a\u017e do <strong>Jind\u0159ichova<\/strong>. Nakoup\u00edme na ve\u010der \u0161pek\u00e1\u010dky, proto\u017ee k&nbsp;P\u00e1novi z&nbsp;T\u0159eme\u0161n\u00e9 nem\u016f\u017eeme dorazit s&nbsp;pr\u00e1zdnou. U jind\u0159ichovick\u00e9ho z\u00e1mku m\u00ed\u0159\u00edme na T\u0159eme\u0161nou, kter\u00e9 je necel\u00fdch 10 kilometr\u016f daleko. P\u0159ejedeme vrch \u0160iben\u00edk a sjezdem vj\u00ed\u017ed\u00edme do m\u00edstn\u00ed \u010d\u00e1sti <strong>Dama\u0161ek<\/strong>.<\/p>\n\n\n\n<p>P\u00e1n T\u0159eme\u0161ensk\u00fd vych\u00e1z\u00ed v&nbsp;cel\u00e9 sv\u00e9 kr\u00e1se a nast\u00e1v\u00e1 p\u0159iv\u00edt\u00e1n\u00ed. Vypereme si cyklodresy a kalhoty a p\u0159esuneme se do m\u00edstn\u00ed hospody na trochu toho piva a rumu a vzpom\u00edn\u00e1me se zakladatelem na\u0161ich v\u00fdprav po zem\u00edch \u010desk\u00fdch. Na op\u00e9k\u00e1n\u00ed \u0161pek\u00e1\u010dk\u016f nakonec nedojde, ale do bu\u0159tgul\u00e1\u0161e jsou dobr\u00e9.  P\u0159ij\u00ed\u017ed\u00ed kolega od Boba a Ramona a samoz\u0159ejm\u011b Pepina z&nbsp;T\u0159eme\u0161n\u00e9 Franta, kter\u00fd n\u00e1s bude doprov\u00e1zet dal\u0161\u00ed dny na cest\u011b do Ostravy.<\/p>\n<\/div><\/div>\n\n\n\n<div class=\"wp-block-kadence-tab kt-tab-inner-content kt-inner-tab-3 kt-inner-tab2068_03eafd-98\"><div class=\"kt-tab-inner-content-inner\"><div class=\"pgc-sgb-cb wp-block-pgcsimplygalleryblock-justified \" data-gallery-id=\"01280407\"><div class=\"sgb-preloader\" id=\"pr_01280407\">\n\t<div class=\"sgb-square\" style=\"background:#d4d4d4\"><\/div>\n\t<div class=\"sgb-square\" style=\"background:#d4d4d4\"><\/div>\n\t<div class=\"sgb-square\" style=\"background:#d4d4d4\"><\/div>\n\t<div class=\"sgb-square\" style=\"background:#d4d4d4\"><\/div><\/div><div class=\"simply-gallery-amp pgc_sgb_slider \"><noscript><div class=\"sgb-gallery\"><div class=\"sgb-item\"><a href=\"https:\/\/www.cykloromantika.cz\/foto-2021-05-01\/\" target=\"_blank\"><img decoding=\"async\" alt=\"\" width=\"225\" height=\"300\" loading=\"lazy\" src=\"https:\/\/www.cykloromantika.cz\/wp-content\/uploads\/2022\/02\/foto-2021-05-01-225x300.jpg\" srcset=\"https:\/\/www.cykloromantika.cz\/wp-content\/uploads\/2022\/02\/foto-2021-05-01-225x300.jpg 225w,https:\/\/www.cykloromantika.cz\/wp-content\/uploads\/2022\/02\/foto-2021-05-01.jpg 768w\" sizes=\"auto, 250px\"\/><\/a><div class=\"sgb-item-caption\"><em>Noc jsme str\u00e1vili pod ochranou stromu u jeskyn\u011b Na \u0160pi\u010d\u00e1ku.<\/em><\/div><\/div><div class=\"sgb-item\"><a href=\"https:\/\/www.cykloromantika.cz\/foto-2021-05-02\/\" target=\"_blank\"><img decoding=\"async\" alt=\"\" width=\"225\" height=\"300\" loading=\"lazy\" src=\"https:\/\/www.cykloromantika.cz\/wp-content\/uploads\/2022\/02\/foto-2021-05-02-225x300.jpg\" srcset=\"https:\/\/www.cykloromantika.cz\/wp-content\/uploads\/2022\/02\/foto-2021-05-02-225x300.jpg 225w,https:\/\/www.cykloromantika.cz\/wp-content\/uploads\/2022\/02\/foto-2021-05-02.jpg 768w\" sizes=\"auto, 250px\"\/><\/a><div class=\"sgb-item-caption\"><em>Noc jsme str\u00e1vili pod ochranou stromu u jeskyn\u011b Na \u0160pi\u010d\u00e1ku.<\/em><\/div><\/div><div class=\"sgb-item\"><a href=\"https:\/\/www.cykloromantika.cz\/foto-2021-05-03\/\" target=\"_blank\"><img decoding=\"async\" alt=\"\" width=\"300\" height=\"225\" loading=\"lazy\" src=\"https:\/\/www.cykloromantika.cz\/wp-content\/uploads\/2022\/02\/foto-2021-05-03-300x225.jpg\" srcset=\"https:\/\/www.cykloromantika.cz\/wp-content\/uploads\/2022\/02\/foto-2021-05-03-300x225.jpg 300w,https:\/\/www.cykloromantika.cz\/wp-content\/uploads\/2022\/02\/foto-2021-05-03.jpg 1024w\" sizes=\"auto, 250px\"\/><\/a><div class=\"sgb-item-caption\"><em>Vstupn\u00ed are\u00e1l u jeskyn\u011b Na \u0160pi\u010d\u00e1ku \u2013 vyu\u017eili jsme WC a automat na kafe.<\/em><\/div><\/div><div class=\"sgb-item\"><a href=\"https:\/\/www.cykloromantika.cz\/foto-2021-05-04\/\" target=\"_blank\"><img decoding=\"async\" alt=\"\" width=\"300\" height=\"225\" loading=\"lazy\" src=\"https:\/\/www.cykloromantika.cz\/wp-content\/uploads\/2022\/02\/foto-2021-05-04-300x225.jpg\" srcset=\"https:\/\/www.cykloromantika.cz\/wp-content\/uploads\/2022\/02\/foto-2021-05-04-300x225.jpg 300w,https:\/\/www.cykloromantika.cz\/wp-content\/uploads\/2022\/02\/foto-2021-05-04.jpg 1024w\" sizes=\"auto, 250px\"\/><\/a><div class=\"sgb-item-caption\"><em>Rann\u00ed k\u00e1va n\u00e1s probud\u00ed ur\u010dit\u011b.<\/em><\/div><\/div><div class=\"sgb-item\"><a href=\"https:\/\/www.cykloromantika.cz\/foto-2021-05-05\/\" target=\"_blank\"><img decoding=\"async\" alt=\"\" width=\"300\" height=\"225\" loading=\"lazy\" src=\"https:\/\/www.cykloromantika.cz\/wp-content\/uploads\/2022\/02\/foto-2021-05-05-300x225.jpg\" srcset=\"https:\/\/www.cykloromantika.cz\/wp-content\/uploads\/2022\/02\/foto-2021-05-05-300x225.jpg 300w,https:\/\/www.cykloromantika.cz\/wp-content\/uploads\/2022\/02\/foto-2021-05-05.jpg 1024w\" sizes=\"auto, 250px\"\/><\/a><div class=\"sgb-item-caption\"><em>Rejv\u00edz \u2013 zast\u00e1vka na ob\u011bd Na Palou\u010dku<\/em><\/div><\/div><div class=\"sgb-item\"><a href=\"https:\/\/www.cykloromantika.cz\/foto-2021-05-06\/\" target=\"_blank\"><img decoding=\"async\" alt=\"\" width=\"225\" height=\"300\" loading=\"lazy\" src=\"https:\/\/www.cykloromantika.cz\/wp-content\/uploads\/2022\/02\/foto-2021-05-06-225x300.jpg\" srcset=\"https:\/\/www.cykloromantika.cz\/wp-content\/uploads\/2022\/02\/foto-2021-05-06-225x300.jpg 225w,https:\/\/www.cykloromantika.cz\/wp-content\/uploads\/2022\/02\/foto-2021-05-06.jpg 768w\" sizes=\"auto, 250px\"\/><\/a><div class=\"sgb-item-caption\"><em>Ob\u011bd a n\u011bco na \u017e\u00edze\u0148<\/em><\/div><\/div><div class=\"sgb-item\"><a href=\"https:\/\/www.cykloromantika.cz\/foto-2021-05-07\/\" target=\"_blank\"><img decoding=\"async\" alt=\"\" width=\"300\" height=\"225\" loading=\"lazy\" src=\"https:\/\/www.cykloromantika.cz\/wp-content\/uploads\/2022\/02\/foto-2021-05-07-300x225.jpg\" srcset=\"https:\/\/www.cykloromantika.cz\/wp-content\/uploads\/2022\/02\/foto-2021-05-07-300x225.jpg 300w,https:\/\/www.cykloromantika.cz\/wp-content\/uploads\/2022\/02\/foto-2021-05-07.jpg 1024w\" sizes=\"auto, 250px\"\/><\/a><div class=\"sgb-item-caption\"><em>Bobovi obl\u00edben\u00e9 halu\u0161ky m\u011bli.<\/em><\/div><\/div><div class=\"sgb-item\"><a href=\"https:\/\/www.cykloromantika.cz\/foto-2021-05-08\/\" target=\"_blank\"><img decoding=\"async\" alt=\"\" width=\"225\" height=\"300\" loading=\"lazy\" src=\"https:\/\/www.cykloromantika.cz\/wp-content\/uploads\/2022\/02\/foto-2021-05-08-225x300.jpg\" srcset=\"https:\/\/www.cykloromantika.cz\/wp-content\/uploads\/2022\/02\/foto-2021-05-08-225x300.jpg 225w,https:\/\/www.cykloromantika.cz\/wp-content\/uploads\/2022\/02\/foto-2021-05-08.jpg 768w\" sizes=\"auto, 250px\"\/><\/a><div class=\"sgb-item-caption\"><em>Cestou z Rejv\u00edzu m\u00edj\u00edme partyz\u00e1nsk\u00fd lesn\u00ed h\u0159bitov.<\/em><\/div><\/div><div class=\"sgb-item\"><a href=\"https:\/\/www.cykloromantika.cz\/foto-2021-05-09\/\" target=\"_blank\"><img decoding=\"async\" alt=\"\" width=\"225\" height=\"300\" loading=\"lazy\" src=\"https:\/\/www.cykloromantika.cz\/wp-content\/uploads\/2022\/02\/foto-2021-05-09-225x300.jpg\" srcset=\"https:\/\/www.cykloromantika.cz\/wp-content\/uploads\/2022\/02\/foto-2021-05-09-225x300.jpg 225w,https:\/\/www.cykloromantika.cz\/wp-content\/uploads\/2022\/02\/foto-2021-05-09.jpg 768w\" sizes=\"auto, 250px\"\/><\/a><div class=\"sgb-item-caption\"><em>Zbytky hradu Drakov<\/em><\/div><\/div><div class=\"sgb-item\"><a href=\"https:\/\/www.cykloromantika.cz\/foto-2021-05-10\/\" target=\"_blank\"><img decoding=\"async\" alt=\"\" width=\"225\" height=\"300\" loading=\"lazy\" src=\"https:\/\/www.cykloromantika.cz\/wp-content\/uploads\/2022\/02\/foto-2021-05-10-225x300.jpg\" srcset=\"https:\/\/www.cykloromantika.cz\/wp-content\/uploads\/2022\/02\/foto-2021-05-10-225x300.jpg 225w,https:\/\/www.cykloromantika.cz\/wp-content\/uploads\/2022\/02\/foto-2021-05-10.jpg 768w\" sizes=\"auto, 250px\"\/><\/a><div class=\"sgb-item-caption\"><em>Z\u0159\u00edcenina zna\u010dn\u011b zch\u00e1tral\u00e1 a nebezpe\u010dn\u00e1<\/em><\/div><\/div><div class=\"sgb-item\"><a href=\"https:\/\/www.cykloromantika.cz\/foto-2021-05-11\/\" target=\"_blank\"><img decoding=\"async\" alt=\"\" width=\"225\" height=\"300\" loading=\"lazy\" src=\"https:\/\/www.cykloromantika.cz\/wp-content\/uploads\/2022\/02\/foto-2021-05-11-225x300.jpg\" srcset=\"https:\/\/www.cykloromantika.cz\/wp-content\/uploads\/2022\/02\/foto-2021-05-11-225x300.jpg 225w,https:\/\/www.cykloromantika.cz\/wp-content\/uploads\/2022\/02\/foto-2021-05-11.jpg 768w\" sizes=\"auto, 250px\"\/><\/a><div class=\"sgb-item-caption\"><em>Pavouk a jeho ob\u011b\u0165 mu\u0161ka Du\u0161ka<\/em><\/div><\/div><div class=\"sgb-item\"><a href=\"https:\/\/www.cykloromantika.cz\/foto-2021-05-12\/\" target=\"_blank\"><img decoding=\"async\" alt=\"\" width=\"300\" height=\"200\" loading=\"lazy\" src=\"https:\/\/www.cykloromantika.cz\/wp-content\/uploads\/2022\/02\/foto-2021-05-12-300x200.jpg\" srcset=\"https:\/\/www.cykloromantika.cz\/wp-content\/uploads\/2022\/02\/foto-2021-05-12-300x200.jpg 300w,https:\/\/www.cykloromantika.cz\/wp-content\/uploads\/2022\/02\/foto-2021-05-12.jpg 1024w\" sizes=\"auto, 250px\"\/><\/a><div class=\"sgb-item-caption\"><em>Stoup\u00e1me po \"hlavn\u00ed\" cest\u011b z He\u0159manovic \u2013 v\u00fdhled na Biskupskou kupu.<\/em><\/div><\/div><div class=\"sgb-item\"><a href=\"https:\/\/www.cykloromantika.cz\/foto-2021-05-13\/\" target=\"_blank\"><img decoding=\"async\" alt=\"\" width=\"300\" height=\"225\" loading=\"lazy\" src=\"https:\/\/www.cykloromantika.cz\/wp-content\/uploads\/2022\/02\/foto-2021-05-13-300x225.jpg\" srcset=\"https:\/\/www.cykloromantika.cz\/wp-content\/uploads\/2022\/02\/foto-2021-05-13-300x225.jpg 300w,https:\/\/www.cykloromantika.cz\/wp-content\/uploads\/2022\/02\/foto-2021-05-13.jpg 1024w\" sizes=\"auto, 250px\"\/><\/a><div class=\"sgb-item-caption\"><em>S panem Pepinem z T\u0159eme\u0161n\u00e9 v m\u00edstn\u00ed putyce<\/em><\/div><\/div><div class=\"sgb-item\"><a href=\"https:\/\/www.cykloromantika.cz\/foto-2021-05-14\/\" target=\"_blank\"><img decoding=\"async\" alt=\"\" width=\"300\" height=\"225\" loading=\"lazy\" src=\"https:\/\/www.cykloromantika.cz\/wp-content\/uploads\/2022\/02\/foto-2021-05-14-300x225.jpg\" srcset=\"https:\/\/www.cykloromantika.cz\/wp-content\/uploads\/2022\/02\/foto-2021-05-14-300x225.jpg 300w,https:\/\/www.cykloromantika.cz\/wp-content\/uploads\/2022\/02\/foto-2021-05-14.jpg 1024w\" sizes=\"auto, 250px\"\/><\/a><div class=\"sgb-item-caption\"><em>Ve\u010dern\u00ed debatov\u00e1n\u00ed u Pepina<\/em><\/div><\/div><\/div><\/noscript><\/div><script type=\"application\/json\" class=\"sgb-data\">{\"lastRowFill\":true,\"collectionThumbRecomendedHeight\":300,\"collectionThumbMiniScreenScale\":true,\"captionHAlign\":\"bottom\",\"collectionthumbHoverTitleFontSize\":12,\"collectionthumbRoundedCorners\":8,\"collectionthumbHoverTitleTextBgColor\":\"rgba(0,0,0,0.44)\",\"collectionThumbSubMenuShare\":false,\"galleryType\":\"pgc_sgb_justified\",\"galleryId\":\"01280407\",\"galleryQuery\":null,\"images\":[{\"id\":4213,\"title\":\"Foto 2021 05 01\",\"url\":\"https:\/\/www.cykloromantika.cz\/wp-content\/uploads\/2022\/02\/foto-2021-05-01.jpg\",\"link\":\"https:\/\/www.cykloromantika.cz\/foto-2021-05-01\/\",\"alt\":\"\",\"description\":\"\",\"caption\":\"Noc jsme str\u00e1vili pod ochranou stromu u jeskyn\u011b Na \u0160pi\u010d\u00e1ku.\",\"mime\":\"image\/jpeg\",\"type\":\"image\",\"width\":768,\"height\":1024,\"sizes\":{\"thumbnail\":{\"height\":150,\"width\":113,\"url\":\"https:\/\/www.cykloromantika.cz\/wp-content\/uploads\/2022\/02\/foto-2021-05-01-113x150.jpg\",\"orientation\":\"portrait\"},\"medium\":{\"height\":300,\"width\":225,\"url\":\"https:\/\/www.cykloromantika.cz\/wp-content\/uploads\/2022\/02\/foto-2021-05-01-225x300.jpg\",\"orientation\":\"portrait\"},\"full\":{\"url\":\"https:\/\/www.cykloromantika.cz\/wp-content\/uploads\/2022\/02\/foto-2021-05-01.jpg\",\"height\":1024,\"width\":768,\"orientation\":\"portrait\"}},\"meta\":false,\"postlink\":\"https:\/\/www.cykloromantika.cz\/foto-2021-05-01\/\"},{\"id\":4214,\"title\":\"Foto 2021 05 02\",\"url\":\"https:\/\/www.cykloromantika.cz\/wp-content\/uploads\/2022\/02\/foto-2021-05-02.jpg\",\"link\":\"https:\/\/www.cykloromantika.cz\/foto-2021-05-02\/\",\"alt\":\"\",\"description\":\"\",\"caption\":\"Noc jsme str\u00e1vili pod ochranou stromu u jeskyn\u011b Na \u0160pi\u010d\u00e1ku.\",\"mime\":\"image\/jpeg\",\"type\":\"image\",\"width\":768,\"height\":1024,\"sizes\":{\"thumbnail\":{\"height\":150,\"width\":113,\"url\":\"https:\/\/www.cykloromantika.cz\/wp-content\/uploads\/2022\/02\/foto-2021-05-02-113x150.jpg\",\"orientation\":\"portrait\"},\"medium\":{\"height\":300,\"width\":225,\"url\":\"https:\/\/www.cykloromantika.cz\/wp-content\/uploads\/2022\/02\/foto-2021-05-02-225x300.jpg\",\"orientation\":\"portrait\"},\"full\":{\"url\":\"https:\/\/www.cykloromantika.cz\/wp-content\/uploads\/2022\/02\/foto-2021-05-02.jpg\",\"height\":1024,\"width\":768,\"orientation\":\"portrait\"}},\"meta\":false,\"postlink\":\"https:\/\/www.cykloromantika.cz\/foto-2021-05-02\/\"},{\"id\":4215,\"title\":\"Foto 2021 05 03\",\"url\":\"https:\/\/www.cykloromantika.cz\/wp-content\/uploads\/2022\/02\/foto-2021-05-03.jpg\",\"link\":\"https:\/\/www.cykloromantika.cz\/foto-2021-05-03\/\",\"alt\":\"\",\"description\":\"\",\"caption\":\"Vstupn\u00ed are\u00e1l u jeskyn\u011b Na \u0160pi\u010d\u00e1ku \u2013 vyu\u017eili jsme WC a automat na kafe.\",\"mime\":\"image\/jpeg\",\"type\":\"image\",\"width\":1024,\"height\":768,\"sizes\":{\"thumbnail\":{\"height\":113,\"width\":150,\"url\":\"https:\/\/www.cykloromantika.cz\/wp-content\/uploads\/2022\/02\/foto-2021-05-03-150x113.jpg\",\"orientation\":\"landscape\"},\"medium\":{\"height\":225,\"width\":300,\"url\":\"https:\/\/www.cykloromantika.cz\/wp-content\/uploads\/2022\/02\/foto-2021-05-03-300x225.jpg\",\"orientation\":\"landscape\"},\"full\":{\"url\":\"https:\/\/www.cykloromantika.cz\/wp-content\/uploads\/2022\/02\/foto-2021-05-03.jpg\",\"height\":768,\"width\":1024,\"orientation\":\"landscape\"}},\"meta\":false,\"postlink\":\"https:\/\/www.cykloromantika.cz\/foto-2021-05-03\/\"},{\"id\":4216,\"title\":\"Foto 2021 05 04\",\"url\":\"https:\/\/www.cykloromantika.cz\/wp-content\/uploads\/2022\/02\/foto-2021-05-04.jpg\",\"link\":\"https:\/\/www.cykloromantika.cz\/foto-2021-05-04\/\",\"alt\":\"\",\"description\":\"\",\"caption\":\"Rann\u00ed k\u00e1va n\u00e1s probud\u00ed ur\u010dit\u011b.\",\"mime\":\"image\/jpeg\",\"type\":\"image\",\"width\":1024,\"height\":768,\"sizes\":{\"thumbnail\":{\"height\":113,\"width\":150,\"url\":\"https:\/\/www.cykloromantika.cz\/wp-content\/uploads\/2022\/02\/foto-2021-05-04-150x113.jpg\",\"orientation\":\"landscape\"},\"medium\":{\"height\":225,\"width\":300,\"url\":\"https:\/\/www.cykloromantika.cz\/wp-content\/uploads\/2022\/02\/foto-2021-05-04-300x225.jpg\",\"orientation\":\"landscape\"},\"full\":{\"url\":\"https:\/\/www.cykloromantika.cz\/wp-content\/uploads\/2022\/02\/foto-2021-05-04.jpg\",\"height\":768,\"width\":1024,\"orientation\":\"landscape\"}},\"meta\":false,\"postlink\":\"https:\/\/www.cykloromantika.cz\/foto-2021-05-04\/\"},{\"id\":4217,\"title\":\"Foto 2021 05 05\",\"url\":\"https:\/\/www.cykloromantika.cz\/wp-content\/uploads\/2022\/02\/foto-2021-05-05.jpg\",\"link\":\"https:\/\/www.cykloromantika.cz\/foto-2021-05-05\/\",\"alt\":\"\",\"description\":\"\",\"caption\":\"Rejv\u00edz \u2013 zast\u00e1vka na ob\u011bd Na Palou\u010dku\",\"mime\":\"image\/jpeg\",\"type\":\"image\",\"width\":1024,\"height\":768,\"sizes\":{\"thumbnail\":{\"height\":113,\"width\":150,\"url\":\"https:\/\/www.cykloromantika.cz\/wp-content\/uploads\/2022\/02\/foto-2021-05-05-150x113.jpg\",\"orientation\":\"landscape\"},\"medium\":{\"height\":225,\"width\":300,\"url\":\"https:\/\/www.cykloromantika.cz\/wp-content\/uploads\/2022\/02\/foto-2021-05-05-300x225.jpg\",\"orientation\":\"landscape\"},\"full\":{\"url\":\"https:\/\/www.cykloromantika.cz\/wp-content\/uploads\/2022\/02\/foto-2021-05-05.jpg\",\"height\":768,\"width\":1024,\"orientation\":\"landscape\"}},\"meta\":false,\"postlink\":\"https:\/\/www.cykloromantika.cz\/foto-2021-05-05\/\"},{\"id\":4218,\"title\":\"Foto 2021 05 06\",\"url\":\"https:\/\/www.cykloromantika.cz\/wp-content\/uploads\/2022\/02\/foto-2021-05-06.jpg\",\"link\":\"https:\/\/www.cykloromantika.cz\/foto-2021-05-06\/\",\"alt\":\"\",\"description\":\"\",\"caption\":\"Ob\u011bd a n\u011bco na \u017e\u00edze\u0148\",\"mime\":\"image\/jpeg\",\"type\":\"image\",\"width\":768,\"height\":1024,\"sizes\":{\"thumbnail\":{\"height\":150,\"width\":113,\"url\":\"https:\/\/www.cykloromantika.cz\/wp-content\/uploads\/2022\/02\/foto-2021-05-06-113x150.jpg\",\"orientation\":\"portrait\"},\"medium\":{\"height\":300,\"width\":225,\"url\":\"https:\/\/www.cykloromantika.cz\/wp-content\/uploads\/2022\/02\/foto-2021-05-06-225x300.jpg\",\"orientation\":\"portrait\"},\"full\":{\"url\":\"https:\/\/www.cykloromantika.cz\/wp-content\/uploads\/2022\/02\/foto-2021-05-06.jpg\",\"height\":1024,\"width\":768,\"orientation\":\"portrait\"}},\"meta\":false,\"postlink\":\"https:\/\/www.cykloromantika.cz\/foto-2021-05-06\/\"},{\"id\":4219,\"title\":\"Foto 2021 05 07\",\"url\":\"https:\/\/www.cykloromantika.cz\/wp-content\/uploads\/2022\/02\/foto-2021-05-07.jpg\",\"link\":\"https:\/\/www.cykloromantika.cz\/foto-2021-05-07\/\",\"alt\":\"\",\"description\":\"\",\"caption\":\"Bobovi obl\u00edben\u00e9 halu\u0161ky m\u011bli.\",\"mime\":\"image\/jpeg\",\"type\":\"image\",\"width\":1024,\"height\":768,\"sizes\":{\"thumbnail\":{\"height\":113,\"width\":150,\"url\":\"https:\/\/www.cykloromantika.cz\/wp-content\/uploads\/2022\/02\/foto-2021-05-07-150x113.jpg\",\"orientation\":\"landscape\"},\"medium\":{\"height\":225,\"width\":300,\"url\":\"https:\/\/www.cykloromantika.cz\/wp-content\/uploads\/2022\/02\/foto-2021-05-07-300x225.jpg\",\"orientation\":\"landscape\"},\"full\":{\"url\":\"https:\/\/www.cykloromantika.cz\/wp-content\/uploads\/2022\/02\/foto-2021-05-07.jpg\",\"height\":768,\"width\":1024,\"orientation\":\"landscape\"}},\"meta\":false,\"postlink\":\"https:\/\/www.cykloromantika.cz\/foto-2021-05-07\/\"},{\"id\":4221,\"title\":\"Foto 2021 05 08\",\"url\":\"https:\/\/www.cykloromantika.cz\/wp-content\/uploads\/2022\/02\/foto-2021-05-08.jpg\",\"link\":\"https:\/\/www.cykloromantika.cz\/foto-2021-05-08\/\",\"alt\":\"\",\"description\":\"\",\"caption\":\"Cestou z Rejv\u00edzu m\u00edj\u00edme partyz\u00e1nsk\u00fd lesn\u00ed h\u0159bitov.\",\"mime\":\"image\/jpeg\",\"type\":\"image\",\"width\":768,\"height\":1024,\"sizes\":{\"thumbnail\":{\"height\":150,\"width\":113,\"url\":\"https:\/\/www.cykloromantika.cz\/wp-content\/uploads\/2022\/02\/foto-2021-05-08-113x150.jpg\",\"orientation\":\"portrait\"},\"medium\":{\"height\":300,\"width\":225,\"url\":\"https:\/\/www.cykloromantika.cz\/wp-content\/uploads\/2022\/02\/foto-2021-05-08-225x300.jpg\",\"orientation\":\"portrait\"},\"full\":{\"url\":\"https:\/\/www.cykloromantika.cz\/wp-content\/uploads\/2022\/02\/foto-2021-05-08.jpg\",\"height\":1024,\"width\":768,\"orientation\":\"portrait\"}},\"meta\":false,\"postlink\":\"https:\/\/www.cykloromantika.cz\/foto-2021-05-08\/\"},{\"id\":4222,\"title\":\"Foto 2021 05 09\",\"url\":\"https:\/\/www.cykloromantika.cz\/wp-content\/uploads\/2022\/02\/foto-2021-05-09.jpg\",\"link\":\"https:\/\/www.cykloromantika.cz\/foto-2021-05-09\/\",\"alt\":\"\",\"description\":\"\",\"caption\":\"Zbytky hradu Drakov\",\"mime\":\"image\/jpeg\",\"type\":\"image\",\"width\":768,\"height\":1024,\"sizes\":{\"thumbnail\":{\"height\":150,\"width\":113,\"url\":\"https:\/\/www.cykloromantika.cz\/wp-content\/uploads\/2022\/02\/foto-2021-05-09-113x150.jpg\",\"orientation\":\"portrait\"},\"medium\":{\"height\":300,\"width\":225,\"url\":\"https:\/\/www.cykloromantika.cz\/wp-content\/uploads\/2022\/02\/foto-2021-05-09-225x300.jpg\",\"orientation\":\"portrait\"},\"full\":{\"url\":\"https:\/\/www.cykloromantika.cz\/wp-content\/uploads\/2022\/02\/foto-2021-05-09.jpg\",\"height\":1024,\"width\":768,\"orientation\":\"portrait\"}},\"meta\":false,\"postlink\":\"https:\/\/www.cykloromantika.cz\/foto-2021-05-09\/\"},{\"id\":4223,\"title\":\"Foto 2021 05 10\",\"url\":\"https:\/\/www.cykloromantika.cz\/wp-content\/uploads\/2022\/02\/foto-2021-05-10.jpg\",\"link\":\"https:\/\/www.cykloromantika.cz\/foto-2021-05-10\/\",\"alt\":\"\",\"description\":\"\",\"caption\":\"Z\u0159\u00edcenina zna\u010dn\u011b zch\u00e1tral\u00e1 a nebezpe\u010dn\u00e1\",\"mime\":\"image\/jpeg\",\"type\":\"image\",\"width\":768,\"height\":1024,\"sizes\":{\"thumbnail\":{\"height\":150,\"width\":113,\"url\":\"https:\/\/www.cykloromantika.cz\/wp-content\/uploads\/2022\/02\/foto-2021-05-10-113x150.jpg\",\"orientation\":\"portrait\"},\"medium\":{\"height\":300,\"width\":225,\"url\":\"https:\/\/www.cykloromantika.cz\/wp-content\/uploads\/2022\/02\/foto-2021-05-10-225x300.jpg\",\"orientation\":\"portrait\"},\"full\":{\"url\":\"https:\/\/www.cykloromantika.cz\/wp-content\/uploads\/2022\/02\/foto-2021-05-10.jpg\",\"height\":1024,\"width\":768,\"orientation\":\"portrait\"}},\"meta\":false,\"postlink\":\"https:\/\/www.cykloromantika.cz\/foto-2021-05-10\/\"},{\"id\":4224,\"title\":\"Foto 2021 05 11\",\"url\":\"https:\/\/www.cykloromantika.cz\/wp-content\/uploads\/2022\/02\/foto-2021-05-11.jpg\",\"link\":\"https:\/\/www.cykloromantika.cz\/foto-2021-05-11\/\",\"alt\":\"\",\"description\":\"\",\"caption\":\"Pavouk a jeho ob\u011b\u0165 mu\u0161ka Du\u0161ka\",\"mime\":\"image\/jpeg\",\"type\":\"image\",\"width\":768,\"height\":1024,\"sizes\":{\"thumbnail\":{\"height\":150,\"width\":113,\"url\":\"https:\/\/www.cykloromantika.cz\/wp-content\/uploads\/2022\/02\/foto-2021-05-11-113x150.jpg\",\"orientation\":\"portrait\"},\"medium\":{\"height\":300,\"width\":225,\"url\":\"https:\/\/www.cykloromantika.cz\/wp-content\/uploads\/2022\/02\/foto-2021-05-11-225x300.jpg\",\"orientation\":\"portrait\"},\"full\":{\"url\":\"https:\/\/www.cykloromantika.cz\/wp-content\/uploads\/2022\/02\/foto-2021-05-11.jpg\",\"height\":1024,\"width\":768,\"orientation\":\"portrait\"}},\"meta\":false,\"postlink\":\"https:\/\/www.cykloromantika.cz\/foto-2021-05-11\/\"},{\"id\":4225,\"title\":\"Foto 2021 05 12\",\"url\":\"https:\/\/www.cykloromantika.cz\/wp-content\/uploads\/2022\/02\/foto-2021-05-12.jpg\",\"link\":\"https:\/\/www.cykloromantika.cz\/foto-2021-05-12\/\",\"alt\":\"\",\"description\":\"\",\"caption\":\"Stoup\u00e1me po \\u0022hlavn\u00ed\\u0022 cest\u011b z He\u0159manovic \u2013 v\u00fdhled na Biskupskou kupu.\",\"mime\":\"image\/jpeg\",\"type\":\"image\",\"width\":1024,\"height\":683,\"sizes\":{\"thumbnail\":{\"height\":100,\"width\":150,\"url\":\"https:\/\/www.cykloromantika.cz\/wp-content\/uploads\/2022\/02\/foto-2021-05-12-150x100.jpg\",\"orientation\":\"landscape\"},\"medium\":{\"height\":200,\"width\":300,\"url\":\"https:\/\/www.cykloromantika.cz\/wp-content\/uploads\/2022\/02\/foto-2021-05-12-300x200.jpg\",\"orientation\":\"landscape\"},\"full\":{\"url\":\"https:\/\/www.cykloromantika.cz\/wp-content\/uploads\/2022\/02\/foto-2021-05-12.jpg\",\"height\":683,\"width\":1024,\"orientation\":\"landscape\"}},\"meta\":false,\"postlink\":\"https:\/\/www.cykloromantika.cz\/foto-2021-05-12\/\"},{\"id\":4226,\"title\":\"Foto 2021 05 13\",\"url\":\"https:\/\/www.cykloromantika.cz\/wp-content\/uploads\/2022\/02\/foto-2021-05-13.jpg\",\"link\":\"https:\/\/www.cykloromantika.cz\/foto-2021-05-13\/\",\"alt\":\"\",\"description\":\"\",\"caption\":\"S panem Pepinem z T\u0159eme\u0161n\u00e9 v m\u00edstn\u00ed putyce\",\"mime\":\"image\/jpeg\",\"type\":\"image\",\"width\":1024,\"height\":768,\"sizes\":{\"thumbnail\":{\"height\":113,\"width\":150,\"url\":\"https:\/\/www.cykloromantika.cz\/wp-content\/uploads\/2022\/02\/foto-2021-05-13-150x113.jpg\",\"orientation\":\"landscape\"},\"medium\":{\"height\":225,\"width\":300,\"url\":\"https:\/\/www.cykloromantika.cz\/wp-content\/uploads\/2022\/02\/foto-2021-05-13-300x225.jpg\",\"orientation\":\"landscape\"},\"full\":{\"url\":\"https:\/\/www.cykloromantika.cz\/wp-content\/uploads\/2022\/02\/foto-2021-05-13.jpg\",\"height\":768,\"width\":1024,\"orientation\":\"landscape\"}},\"meta\":false,\"postlink\":\"https:\/\/www.cykloromantika.cz\/foto-2021-05-13\/\"},{\"id\":4227,\"title\":\"Foto 2021 05 14\",\"url\":\"https:\/\/www.cykloromantika.cz\/wp-content\/uploads\/2022\/02\/foto-2021-05-14.jpg\",\"link\":\"https:\/\/www.cykloromantika.cz\/foto-2021-05-14\/\",\"alt\":\"\",\"description\":\"\",\"caption\":\"Ve\u010dern\u00ed debatov\u00e1n\u00ed u Pepina\",\"mime\":\"image\/jpeg\",\"type\":\"image\",\"width\":1024,\"height\":768,\"sizes\":{\"thumbnail\":{\"height\":113,\"width\":150,\"url\":\"https:\/\/www.cykloromantika.cz\/wp-content\/uploads\/2022\/02\/foto-2021-05-14-150x113.jpg\",\"orientation\":\"landscape\"},\"medium\":{\"height\":225,\"width\":300,\"url\":\"https:\/\/www.cykloromantika.cz\/wp-content\/uploads\/2022\/02\/foto-2021-05-14-300x225.jpg\",\"orientation\":\"landscape\"},\"full\":{\"url\":\"https:\/\/www.cykloromantika.cz\/wp-content\/uploads\/2022\/02\/foto-2021-05-14.jpg\",\"height\":768,\"width\":1024,\"orientation\":\"landscape\"}},\"meta\":false,\"postlink\":\"https:\/\/www.cykloromantika.cz\/foto-2021-05-14\/\"}],\"itemsMetaDataCollection\":[],\"galleryData\":\"{\\u0022pageMode\\u0022:false,\\u0022lastRowFill\\u0022:true,\\u0022collectionThumbRecomendedHeight\\u0022:300,\\u0022collectionThumbMiniScreenScale\\u0022:true,\\u0022thumbSpacing\\u0022:5,\\u0022externalLink\\u0022:true,\\u0022externalLinkDefName\\u0022:\\u0022Read More\\u0022,\\u0022externalLinkTextColor\\u0022:\\u0022rgba(0,0,0,1)\\u0022,\\u0022externalLinkBgColor\\u0022:\\u0022rgba(255,255,255,1)\\u0022,\\u0022externalLinkFontSize\\u0022:18,\\u0022captions\\u0022:true,\\u0022captionSrc\\u0022:\\u0022caption\\u0022,\\u0022captionHAlign\\u0022:\\u0022bottom\\u0022,\\u0022collectionthumbHoverTitleFontSize\\u0022:12,\\u0022collectionthumbRoundedCorners\\u0022:8,\\u0022collectionthumbHoverTitleTextColor\\u0022:\\u0022rgba(255,255,255,1)\\u0022,\\u0022collectionthumbHoverTitleTextBgColor\\u0022:\\u0022rgba(0,0,0,0.44)\\u0022,\\u0022collectionthumbHoverBgColor\\u0022:\\u0022rgba(0,0,0,0.4)\\u0022,\\u0022collectionThumbSubMenuDownload\\u0022:true,\\u0022collectionThumbSubMenuShare\\u0022:false,\\u0022collectionThumbSubMenuBgColor\\u0022:\\u0022rgba(0,0,0,0.4)\\u0022,\\u0022collectionThumbSubMenuBgColorHover\\u0022:\\u0022rgba(255,255,255,1)\\u0022,\\u0022collectionThumbSubMenuIconColor\\u0022:\\u0022rgba(255,255,255,1)\\u0022,\\u0022collectionThumbSubMenuIconColorHover\\u0022:\\u0022rgba(0,0,0,1)\\u0022,\\u0022galleryType\\u0022:\\u0022pgc_sgb_justified\\u0022,\\u0022align\\u0022:\\u0022\\u0022,\\u0022galleryId\\u0022:\\u002201280407\\u0022,\\u0022galleryQuery\\u0022:null,\\u0022tagsListCustomMode\\u0022:false,\\u0022initGalleryByFirstTag\\u0022:false,\\u0022deepLinkingForTag\\u0022:false,\\u0022galleryTagsList\\u0022:[],\\u0022useClobalSettings\\u0022:true,\\u0022orderBy\\u0022:\\u0022title\\u0022,\\u0022deepLinking\\u0022:false,\\u0022useLightbox\\u0022:true,\\u0022thumbClickAction\\u0022:\\u0022useLightbox\\u0022,\\u0022numItemsDisplayed\\u0022:0,\\u0022lazyLoading\\u0022:true,\\u0022contentNoPadding\\u0022:false,\\u0022galleryPreloaderColor\\u0022:\\u0022rgba(230,230,230,1)\\u0022,\\u0022galleryBgColor\\u0022:\\u0022rgba(0,0,0,0)\\u0022,\\u0022galleryBorderRadius\\u0022:8,\\u0022customCSS\\u0022:\\u0022\\u0022,\\u0022itemsPerPage\\u0022:20,\\u0022loadMoreDefName\\u0022:\\u0022Load More\\u0022,\\u0022loadMoreFontSize\\u0022:16,\\u0022loadMoreTextColor\\u0022:\\u0022rgba(255,255,255,1)\\u0022,\\u0022loadMoreBgColor\\u0022:\\u0022rgba(0,0,0,1)\\u0022,\\u0022tagsFilter\\u0022:false,\\u0022tagCloudAll\\u0022:\\u0022All\\u0022,\\u0022tagCloudBgColor\\u0022:\\u0022rgba(153,153,153,1)\\u0022,\\u0022tagCloudBgColorOver\\u0022:\\u0022rgba(253,253,253,1)\\u0022,\\u0022tagCloudTextColor\\u0022:\\u0022rgba(253,253,253,1)\\u0022,\\u0022tagCloudTextColorOver\\u0022:\\u0022rgba(153,153,153,1)\\u0022,\\u0022tagCloudFontSize\\u0022:16,\\u0022modaBgColor\\u0022:\\u0022rgba(0,0,0,0.8)\\u0022,\\u0022modalIconColor\\u0022:\\u0022rgba(255,255,255,1)\\u0022,\\u0022modalIconColorHover\\u0022:\\u0022rgba(255,255,255,0.8)\\u0022,\\u0022shareFacebook\\u0022:false,\\u0022shareTwitter\\u0022:false,\\u0022sharePinterest\\u0022:false,\\u0022sliderItemDownload\\u0022:true,\\u0022shareCopyLink\\u0022:true,\\u0022sharePost\\u0022:\\u0022postlink\\u0022,\\u0022copyRProtection\\u0022:false,\\u0022copyRAlert\\u0022:\\u0022Hello, this photo is mine!\\u0022,\\u0022sliderScrollNavi\\u0022:false,\\u0022sliderNextPrevAnimation\\u0022:\\u0022animation\\u0022,\\u0022galleryScrollPositionControll\\u0022:false,\\u0022sliderVideoAutoPlay\\u0022:false,\\u0022sliderVideoLoop\\u0022:false,\\u0022sliderItemCounterEnable\\u0022:true,\\u0022sliderCaptionSrc\\u0022:\\u0022caption\\u0022,\\u0022sliderItemTitleEnable\\u0022:true,\\u0022sliderItemTitleFontSize\\u0022:18,\\u0022sliderItemTitleTextColor\\u0022:\\u0022rgba(255,255,255,1)\\u0022,\\u0022itemCounterColor\\u0022:\\u0022rgba(255,255,255,1)\\u0022,\\u0022sliderThumbBarEnable\\u0022:true,\\u0022sliderThumbBarHoverColor\\u0022:\\u0022rgba(240,240,240,1)\\u0022,\\u0022sliderBgColor\\u0022:\\u0022rgba(0,0,0,0.8)\\u0022,\\u0022sliderPreloaderColor\\u0022:\\u0022rgba(240,240,240,1)\\u0022,\\u0022sliderHeaderFooterBgColor\\u0022:\\u0022rgba(0,0,0,0.4)\\u0022,\\u0022sliderNavigationColor\\u0022:\\u0022rgba(0,0,0,1)\\u0022,\\u0022sliderNavigationColorOver\\u0022:\\u0022rgba(255,255,255,1)\\u0022,\\u0022sliderNavigationIconColor\\u0022:\\u0022rgba(255,255,255,1)\\u0022,\\u0022sliderNavigationIconColorOver\\u0022:\\u0022rgba(0,0,0,1)\\u0022,\\u0022sliderSlideshow\\u0022:true,\\u0022sliderSlideshowDelay\\u0022:8,\\u0022slideshowIndicatorColor\\u0022:\\u0022rgba(255,255,255,1)\\u0022,\\u0022slideshowIndicatorColorBg\\u0022:\\u0022rgba(255,255,255,0.5)\\u0022,\\u0022sliderThumbSubMenuBackgroundColor\\u0022:\\u0022rgba(255,255,255,0)\\u0022,\\u0022sliderThumbSubMenuBackgroundColorOver\\u0022:\\u0022rgba(255,255,255,1)\\u0022,\\u0022sliderThumbSubMenuIconColor\\u0022:\\u0022rgba(255,255,255,1)\\u0022,\\u0022sliderThumbSubMenuIconHoverColor\\u0022:\\u0022rgba(0,0,0,1)\\u0022,\\u0022sliderSocialShareEnabled\\u0022:false,\\u0022sliderZoomEnable\\u0022:true,\\u0022sliderFullscreenEnabled\\u0022:true,\\u0022settingsModalIsOpen\\u0022:false,\\u0022skin\\u0022:\\u0022justified\\u0022}\",\"useClobalSettings\":true,\"orderBy\":\"title\",\"galleryBorderRadius\":8,\"shareFacebook\":false,\"shareTwitter\":false,\"sharePinterest\":false,\"sharePost\":\"postlink\",\"sliderItemTitleEnable\":true,\"sliderSocialShareEnabled\":false}<\/script><script>(function(){if(window.PGC_SGB && window.PGC_SGB.searcher){window.PGC_SGB.searcher.initBlocks()}})()<\/script><\/div>\n<\/div><\/div>\n<\/div><\/div><\/div>\n","protected":false},"excerpt":{"rendered":"","protected":false},"author":3,"featured_media":4225,"comment_status":"open","ping_status":"open","sticky":false,"template":"","format":"standard","meta":{"_acf_changed":false,"pgc_sgb_lightbox_settings":"","footnotes":""},"categories":[31],"tags":[],"class_list":["post-2068","post","type-post","status-publish","format-standard","has-post-thumbnail","hentry","category-denicek"],"acf":[],"_links":{"self":[{"href":"https:\/\/www.cykloromantika.cz\/index.php\/wp-json\/wp\/v2\/posts\/2068","targetHints":{"allow":["GET"]}}],"collection":[{"href":"https:\/\/www.cykloromantika.cz\/index.php\/wp-json\/wp\/v2\/posts"}],"about":[{"href":"https:\/\/www.cykloromantika.cz\/index.php\/wp-json\/wp\/v2\/types\/post"}],"author":[{"embeddable":true,"href":"https:\/\/www.cykloromantika.cz\/index.php\/wp-json\/wp\/v2\/users\/3"}],"replies":[{"embeddable":true,"href":"https:\/\/www.cykloromantika.cz\/index.php\/wp-json\/wp\/v2\/comments?post=2068"}],"version-history":[{"count":12,"href":"https:\/\/www.cykloromantika.cz\/index.php\/wp-json\/wp\/v2\/posts\/2068\/revisions"}],"predecessor-version":[{"id":9261,"href":"https:\/\/www.cykloromantika.cz\/index.php\/wp-json\/wp\/v2\/posts\/2068\/revisions\/9261"}],"wp:featuredmedia":[{"embeddable":true,"href":"https:\/\/www.cykloromantika.cz\/index.php\/wp-json\/wp\/v2\/media\/4225"}],"wp:attachment":[{"href":"https:\/\/www.cykloromantika.cz\/index.php\/wp-json\/wp\/v2\/media?parent=2068"}],"wp:term":[{"taxonomy":"category","embeddable":true,"href":"https:\/\/www.cykloromantika.cz\/index.php\/wp-json\/wp\/v2\/categories?post=2068"},{"taxonomy":"post_tag","embeddable":true,"href":"https:\/\/www.cykloromantika.cz\/index.php\/wp-json\/wp\/v2\/tags?post=2068"}],"curies":[{"name":"wp","href":"https:\/\/api.w.org\/{rel}","templated":true}]}}