{"id":2064,"date":"2021-07-29T16:37:00","date_gmt":"2021-07-29T15:37:00","guid":{"rendered":"https:\/\/www.cykloromantika.cz\/?p=2064"},"modified":"2025-10-19T14:36:33","modified_gmt":"2025-10-19T13:36:33","slug":"xxv-rocnik-4-den-dnes-nahoru-dolu","status":"publish","type":"post","link":"https:\/\/www.cykloromantika.cz\/index.php\/2021\/07\/29\/xxv-rocnik-4-den-dnes-nahoru-dolu\/","title":{"rendered":"XXV. ro\u010dn\u00edk \u2013 4.&nbsp;den: Dnes nahoru dol\u016f"},"content":{"rendered":"<style>.kt-tabs-id2064_c77068-f1 > .kt-tabs-content-wrap > .wp-block-kadence-tab{border-top:1px solid #eeeeee;border-right:0px solid #eeeeee;border-bottom:0px solid #eeeeee;border-left:0px solid #eeeeee;border-top-left-radius:0px;border-top-right-radius:0px;border-bottom-right-radius:0px;border-bottom-left-radius:0px;padding-top:20px;padding-right:0px;padding-bottom:20px;padding-left:0px;background:#ffffff;}.wp-block-kadence-tabs .kt-tabs-id2064_c77068-f1 > .kt-tabs-title-list li{margin-top:0px;margin-right:8px;margin-bottom:0px;margin-left:0px;}.wp-block-kadence-tabs .kt-tabs-id2064_c77068-f1 > .kt-tabs-title-list li:last-child{margin-right:0px;}.wp-block-kadence-tabs .kt-tabs-id2064_c77068-f1 > .kt-tabs-title-list li .kt-tab-title, .wp-block-kadence-tabs .kt-tabs-id2064_c77068-f1 > .kt-tabs-content-wrap > .kt-tabs-accordion-title .kt-tab-title{line-height:1.4em;font-weight:400;font-style:normal;text-transform:uppercase;border-top-width:0px;border-right-width:0px;border-bottom-width:0px;border-left-width:0px;border-top-left-radius:0px;border-top-right-radius:0px;border-bottom-right-radius:0px;border-bottom-left-radius:0px;padding-top:8px;padding-right:20px;padding-bottom:8px;padding-left:20px;border-color:#ffffff;color:#555555;background:#ffffff;}.wp-block-kadence-tabs .kt-tabs-id2064_c77068-f1 > .kt-tabs-content-wrap > .kt-tabs-accordion-title .kt-tab-title{margin-top:0px;margin-right:8px;margin-bottom:0px;margin-left:0px;}.wp-block-kadence-tabs .kt-tabs-id2064_c77068-f1 > .kt-tabs-title-list li .kt-tab-title:hover, .wp-block-kadence-tabs .kt-tabs-id2064_c77068-f1 > .kt-tabs-content-wrap > .kt-tabs-accordion-title .kt-tab-title:hover{border-color:#555555;color:#086abd;background:#ffffff;}.wp-block-kadence-tabs .kt-tabs-id2064_c77068-f1 > .kt-tabs-title-list li.kt-tab-title-active .kt-tab-title, .wp-block-kadence-tabs .kt-tabs-id2064_c77068-f1 > .kt-tabs-content-wrap > .kt-tabs-accordion-title.kt-tab-title-active .kt-tab-title{border-color:#555555;color:#086abd;background:#ffffff;}.wp-block-kadence-tabs .kt-tabs-id2064_c77068-f1 > .kt-tabs-title-list li svg{font-size:24px;}@media all and (max-width: 1024px){.kt-tabs-id2064_c77068-f1 > .kt-tabs-content-wrap > .wp-block-kadence-tab{border-top:1px solid #eeeeee;border-right:0px solid #eeeeee;border-bottom:0px solid #eeeeee;border-left:0px solid #eeeeee;}}@media all and (max-width: 767px){.kt-tabs-id2064_c77068-f1 > .kt-tabs-content-wrap > .wp-block-kadence-tab{border-top:1px solid #eeeeee;border-right:0px solid #eeeeee;border-bottom:0px solid #eeeeee;border-left:0px solid #eeeeee;}}<\/style>\n<div class=\"wp-block-kadence-tabs alignnone\"><div class=\"kt-tabs-wrap kt-tabs-id2064_c77068-f1 kt-tabs-has-3-tabs kt-active-tab-3 kt-tabs-layout-tabs kt-tabs-tablet-layout-inherit kt-tabs-mobile-layout-inherit kt-tab-alignment-center \"><ul class=\"kt-tabs-title-list\"><li id=\"tab-trasa\" class=\"kt-title-item kt-title-item-1 kt-tabs-svg-show-always kt-tabs-icon-side-top kt-tab-title-inactive\"><a href=\"#tab-trasa\" data-tab=\"1\" class=\"kt-tab-title kt-tab-title-1 \"><span class=\"kb-svg-icon-wrap kb-svg-icon-fe_map\"><svg viewBox=\"0 0 24 24\"  fill=\"none\" stroke=\"currentColor\" stroke-width=\"2\" stroke-linecap=\"round\" stroke-linejoin=\"round\" xmlns=\"http:\/\/www.w3.org\/2000\/svg\"  aria-hidden=\"true\"><polygon points=\"1 6 1 22 8 18 16 22 23 18 23 2 16 6 8 2 1 6\"\/><line x1=\"8\" y1=\"2\" x2=\"8\" y2=\"18\"\/><line x1=\"16\" y1=\"6\" x2=\"16\" y2=\"22\"\/><\/svg><\/span><span class=\"kt-title-text\">Trasa<\/span><\/a><\/li><li id=\"tab-zitky\" class=\"kt-title-item kt-title-item-2 kt-tabs-svg-show-always kt-tabs-icon-side-top kt-tab-title-inactive\"><a href=\"#tab-zitky\" data-tab=\"2\" class=\"kt-tab-title kt-tab-title-2 \"><span class=\"kb-svg-icon-wrap kb-svg-icon-fe_alignLeft\"><svg viewBox=\"0 0 24 24\"  fill=\"none\" stroke=\"currentColor\" stroke-width=\"2\" stroke-linecap=\"round\" stroke-linejoin=\"round\" xmlns=\"http:\/\/www.w3.org\/2000\/svg\"  aria-hidden=\"true\"><line x1=\"17\" y1=\"10\" x2=\"3\" y2=\"10\"\/><line x1=\"21\" y1=\"6\" x2=\"3\" y2=\"6\"\/><line x1=\"21\" y1=\"14\" x2=\"3\" y2=\"14\"\/><line x1=\"17\" y1=\"18\" x2=\"3\" y2=\"18\"\/><\/svg><\/span><span class=\"kt-title-text\">Z\u00e1\u017eitky<\/span><\/a><\/li><li id=\"tab-fotky\" class=\"kt-title-item kt-title-item-3 kt-tabs-svg-show-always kt-tabs-icon-side-top kt-tab-title-active\"><a href=\"#tab-fotky\" data-tab=\"3\" class=\"kt-tab-title kt-tab-title-3 \"><span class=\"kb-svg-icon-wrap kb-svg-icon-fe_camera\"><svg viewBox=\"0 0 24 24\"  fill=\"none\" stroke=\"currentColor\" stroke-width=\"2\" stroke-linecap=\"round\" stroke-linejoin=\"round\" xmlns=\"http:\/\/www.w3.org\/2000\/svg\"  aria-hidden=\"true\"><path d=\"M23 19a2 2 0 0 1-2 2H3a2 2 0 0 1-2-2V8a2 2 0 0 1 2-2h4l2-3h6l2 3h4a2 2 0 0 1 2 2z\"\/><circle cx=\"12\" cy=\"13\" r=\"4\"\/><\/svg><\/span><span class=\"kt-title-text\">Fotky<\/span><\/a><\/li><\/ul><div class=\"kt-tabs-content-wrap\">\n<div class=\"wp-block-kadence-tab kt-tab-inner-content kt-inner-tab-1 kt-inner-tab2064_6728cd-f4\"><div class=\"kt-tab-inner-content-inner\">\n<p>Hyn\u010dice pod Su\u0161inou (U Vleku) &#8211; Chrastice &#8211; Vikantice &#8211; Brann\u00e1 (minipivovar Kol\u0161tejn) &#8211; Ostru\u017en\u00e1 (La Baita) &#8211; Ramzov\u00e1 &#8211; Lipov\u00e1-l\u00e1zn\u011b &#8211; Jesen\u00edk (minipivovar Jesen\u00edk) &#8211; P\u00edse\u010dn\u00e1 (span\u00ed u jeskyn\u011b Na \u0160pi\u010d\u00e1ku)<\/p>\n\n\n\n<ul class=\"wp-block-list\">\n<li>najeto: 45 km <\/li>\n\n\n\n<li>nejni\u017e\u0161\u00ed a nejvy\u0161\u0161\u00ed bod: 380-768&nbsp;m n. m. <\/li>\n\n\n\n<li>stoup\u00e1n\u00ed: 536&nbsp;m <\/li>\n\n\n\n<li>kles\u00e1n\u00ed: 869&nbsp;m<\/li>\n<\/ul>\n\n\n<div class=\"pgc-sgb-cb wp-block-pgcsimplygalleryblock-slider \" data-gallery-id=\"aaa23554\"style=&quot;min-height:320px&quot;><div class=\"sgb-preloader\" id=\"pr_aaa23554\">\n\t<div class=\"sgb-square\" style=\"background:#d4d4d4\"><\/div>\n\t<div class=\"sgb-square\" style=\"background:#d4d4d4\"><\/div>\n\t<div class=\"sgb-square\" style=\"background:#d4d4d4\"><\/div>\n\t<div class=\"sgb-square\" style=\"background:#d4d4d4\"><\/div><\/div><div class=\"simply-gallery-amp pgc_sgb_slider \"><noscript><div class=\"sgb-gallery\"><div class=\"sgb-item\"><a href=\"https:\/\/www.cykloromantika.cz\/index.php\/2021\/07\/26\/xxv-rocnik-1-den-pivovar-faltus-vstupni-brana-do-orlickych-hor\/mapa-2021-04-01\/\" target=\"_blank\"><img decoding=\"async\" alt=\"\" width=\"300\" height=\"155\" loading=\"lazy\" src=\"https:\/\/www.cykloromantika.cz\/wp-content\/uploads\/2021\/07\/mapa-2021-04-01-300x155.jpg\" srcset=\"https:\/\/www.cykloromantika.cz\/wp-content\/uploads\/2021\/07\/mapa-2021-04-01-300x155.jpg 300w,https:\/\/www.cykloromantika.cz\/wp-content\/uploads\/2021\/07\/mapa-2021-04-01.jpg 1024w\" sizes=\"auto, 250px\"\/><\/a><\/div><div class=\"sgb-item\"><a href=\"https:\/\/www.cykloromantika.cz\/index.php\/2021\/07\/26\/xxv-rocnik-1-den-pivovar-faltus-vstupni-brana-do-orlickych-hor\/mapa-2021-04-02\/\" target=\"_blank\"><img decoding=\"async\" alt=\"\" width=\"300\" height=\"155\" loading=\"lazy\" src=\"https:\/\/www.cykloromantika.cz\/wp-content\/uploads\/2021\/07\/mapa-2021-04-02-300x155.jpg\" srcset=\"https:\/\/www.cykloromantika.cz\/wp-content\/uploads\/2021\/07\/mapa-2021-04-02-300x155.jpg 300w,https:\/\/www.cykloromantika.cz\/wp-content\/uploads\/2021\/07\/mapa-2021-04-02.jpg 1024w\" sizes=\"auto, 250px\"\/><\/a><\/div><div class=\"sgb-item\"><a href=\"https:\/\/www.cykloromantika.cz\/index.php\/2021\/07\/26\/xxv-rocnik-1-den-pivovar-faltus-vstupni-brana-do-orlickych-hor\/mapa-2021-04-03\/\" target=\"_blank\"><img decoding=\"async\" alt=\"\" width=\"300\" height=\"155\" loading=\"lazy\" src=\"https:\/\/www.cykloromantika.cz\/wp-content\/uploads\/2021\/07\/mapa-2021-04-03-300x155.jpg\" srcset=\"https:\/\/www.cykloromantika.cz\/wp-content\/uploads\/2021\/07\/mapa-2021-04-03-300x155.jpg 300w,https:\/\/www.cykloromantika.cz\/wp-content\/uploads\/2021\/07\/mapa-2021-04-03.jpg 1024w\" sizes=\"auto, 250px\"\/><\/a><\/div><div class=\"sgb-item\"><a href=\"https:\/\/www.cykloromantika.cz\/index.php\/2021\/07\/26\/xxv-rocnik-1-den-pivovar-faltus-vstupni-brana-do-orlickych-hor\/mapa-2021-04-04\/\" target=\"_blank\"><img decoding=\"async\" alt=\"\" width=\"300\" height=\"155\" loading=\"lazy\" src=\"https:\/\/www.cykloromantika.cz\/wp-content\/uploads\/2021\/07\/mapa-2021-04-04-300x155.jpg\" srcset=\"https:\/\/www.cykloromantika.cz\/wp-content\/uploads\/2021\/07\/mapa-2021-04-04-300x155.jpg 300w,https:\/\/www.cykloromantika.cz\/wp-content\/uploads\/2021\/07\/mapa-2021-04-04.jpg 1024w\" sizes=\"auto, 250px\"\/><\/a><\/div><\/div><\/noscript><\/div><script type=\"application\/json\" class=\"sgb-data\">{\"externalLinkDefName\":\"d\u00e1le\",\"captionHAlign\":\"bottom\",\"collectionthumbHoverTitleFontSize\":12,\"collectionthumbRoundedCorners\":8,\"collectionthumbHoverTitleTextBgColor\":\"rgba(0,0,0,0.44)\",\"collectionThumbSubMenuShare\":false,\"sliderMaxHeight\":320,\"sliderAdminWidth\":768,\"responsiveHeight\":true,\"collectionColumns\":2,\"autoPlay\":true,\"autoPlayDelay\":8,\"galleryType\":\"pgc_sgb_slider\",\"galleryId\":\"aaa23554\",\"images\":[{\"id\":7253,\"title\":\"Mapa 2021 04 01\",\"url\":\"https:\/\/www.cykloromantika.cz\/wp-content\/uploads\/2021\/07\/mapa-2021-04-01.jpg\",\"link\":\"https:\/\/www.cykloromantika.cz\/index.php\/2021\/07\/26\/xxv-rocnik-1-den-pivovar-faltus-vstupni-brana-do-orlickych-hor\/mapa-2021-04-01\/\",\"alt\":\"\",\"description\":\"\",\"caption\":\"\",\"mime\":\"image\/jpeg\",\"type\":\"image\",\"width\":1024,\"height\":530,\"sizes\":{\"thumbnail\":{\"height\":78,\"width\":150,\"url\":\"https:\/\/www.cykloromantika.cz\/wp-content\/uploads\/2021\/07\/mapa-2021-04-01-150x78.jpg\",\"orientation\":\"landscape\"},\"medium\":{\"height\":155,\"width\":300,\"url\":\"https:\/\/www.cykloromantika.cz\/wp-content\/uploads\/2021\/07\/mapa-2021-04-01-300x155.jpg\",\"orientation\":\"landscape\"},\"full\":{\"url\":\"https:\/\/www.cykloromantika.cz\/wp-content\/uploads\/2021\/07\/mapa-2021-04-01.jpg\",\"height\":530,\"width\":1024,\"orientation\":\"landscape\"}},\"imageMeta\":{\"aperture\":\"0\",\"credit\":\"\",\"camera\":\"\",\"caption\":\"\",\"created_timestamp\":\"0\",\"copyright\":\"\",\"focal_length\":\"0\",\"iso\":\"0\",\"shutter_speed\":\"0\",\"title\":\"\",\"orientation\":\"0\",\"keywords\":[]},\"meta\":false,\"postlink\":\"https:\/\/www.cykloromantika.cz\/index.php\/2021\/07\/26\/xxv-rocnik-1-den-pivovar-faltus-vstupni-brana-do-orlickych-hor\/mapa-2021-04-01\/\"},{\"id\":7254,\"title\":\"Mapa 2021 04 02\",\"url\":\"https:\/\/www.cykloromantika.cz\/wp-content\/uploads\/2021\/07\/mapa-2021-04-02.jpg\",\"link\":\"https:\/\/www.cykloromantika.cz\/index.php\/2021\/07\/26\/xxv-rocnik-1-den-pivovar-faltus-vstupni-brana-do-orlickych-hor\/mapa-2021-04-02\/\",\"alt\":\"\",\"description\":\"\",\"caption\":\"\",\"mime\":\"image\/jpeg\",\"type\":\"image\",\"width\":1024,\"height\":530,\"sizes\":{\"thumbnail\":{\"height\":78,\"width\":150,\"url\":\"https:\/\/www.cykloromantika.cz\/wp-content\/uploads\/2021\/07\/mapa-2021-04-02-150x78.jpg\",\"orientation\":\"landscape\"},\"medium\":{\"height\":155,\"width\":300,\"url\":\"https:\/\/www.cykloromantika.cz\/wp-content\/uploads\/2021\/07\/mapa-2021-04-02-300x155.jpg\",\"orientation\":\"landscape\"},\"full\":{\"url\":\"https:\/\/www.cykloromantika.cz\/wp-content\/uploads\/2021\/07\/mapa-2021-04-02.jpg\",\"height\":530,\"width\":1024,\"orientation\":\"landscape\"}},\"imageMeta\":{\"aperture\":\"0\",\"credit\":\"\",\"camera\":\"\",\"caption\":\"\",\"created_timestamp\":\"0\",\"copyright\":\"\",\"focal_length\":\"0\",\"iso\":\"0\",\"shutter_speed\":\"0\",\"title\":\"\",\"orientation\":\"0\",\"keywords\":[]},\"meta\":false,\"postlink\":\"https:\/\/www.cykloromantika.cz\/index.php\/2021\/07\/26\/xxv-rocnik-1-den-pivovar-faltus-vstupni-brana-do-orlickych-hor\/mapa-2021-04-02\/\"},{\"id\":7255,\"title\":\"Mapa 2021 04 03\",\"url\":\"https:\/\/www.cykloromantika.cz\/wp-content\/uploads\/2021\/07\/mapa-2021-04-03.jpg\",\"link\":\"https:\/\/www.cykloromantika.cz\/index.php\/2021\/07\/26\/xxv-rocnik-1-den-pivovar-faltus-vstupni-brana-do-orlickych-hor\/mapa-2021-04-03\/\",\"alt\":\"\",\"description\":\"\",\"caption\":\"\",\"mime\":\"image\/jpeg\",\"type\":\"image\",\"width\":1024,\"height\":530,\"sizes\":{\"thumbnail\":{\"height\":78,\"width\":150,\"url\":\"https:\/\/www.cykloromantika.cz\/wp-content\/uploads\/2021\/07\/mapa-2021-04-03-150x78.jpg\",\"orientation\":\"landscape\"},\"medium\":{\"height\":155,\"width\":300,\"url\":\"https:\/\/www.cykloromantika.cz\/wp-content\/uploads\/2021\/07\/mapa-2021-04-03-300x155.jpg\",\"orientation\":\"landscape\"},\"full\":{\"url\":\"https:\/\/www.cykloromantika.cz\/wp-content\/uploads\/2021\/07\/mapa-2021-04-03.jpg\",\"height\":530,\"width\":1024,\"orientation\":\"landscape\"}},\"imageMeta\":{\"aperture\":\"0\",\"credit\":\"\",\"camera\":\"\",\"caption\":\"\",\"created_timestamp\":\"0\",\"copyright\":\"\",\"focal_length\":\"0\",\"iso\":\"0\",\"shutter_speed\":\"0\",\"title\":\"\",\"orientation\":\"0\",\"keywords\":[]},\"meta\":false,\"postlink\":\"https:\/\/www.cykloromantika.cz\/index.php\/2021\/07\/26\/xxv-rocnik-1-den-pivovar-faltus-vstupni-brana-do-orlickych-hor\/mapa-2021-04-03\/\"},{\"id\":7256,\"title\":\"Mapa 2021 04 04\",\"url\":\"https:\/\/www.cykloromantika.cz\/wp-content\/uploads\/2021\/07\/mapa-2021-04-04.jpg\",\"link\":\"https:\/\/www.cykloromantika.cz\/index.php\/2021\/07\/26\/xxv-rocnik-1-den-pivovar-faltus-vstupni-brana-do-orlickych-hor\/mapa-2021-04-04\/\",\"alt\":\"\",\"description\":\"\",\"caption\":\"\",\"mime\":\"image\/jpeg\",\"type\":\"image\",\"width\":1024,\"height\":530,\"sizes\":{\"thumbnail\":{\"height\":78,\"width\":150,\"url\":\"https:\/\/www.cykloromantika.cz\/wp-content\/uploads\/2021\/07\/mapa-2021-04-04-150x78.jpg\",\"orientation\":\"landscape\"},\"medium\":{\"height\":155,\"width\":300,\"url\":\"https:\/\/www.cykloromantika.cz\/wp-content\/uploads\/2021\/07\/mapa-2021-04-04-300x155.jpg\",\"orientation\":\"landscape\"},\"full\":{\"url\":\"https:\/\/www.cykloromantika.cz\/wp-content\/uploads\/2021\/07\/mapa-2021-04-04.jpg\",\"height\":530,\"width\":1024,\"orientation\":\"landscape\"}},\"imageMeta\":{\"aperture\":\"0\",\"credit\":\"\",\"camera\":\"\",\"caption\":\"\",\"created_timestamp\":\"0\",\"copyright\":\"\",\"focal_length\":\"0\",\"iso\":\"0\",\"shutter_speed\":\"0\",\"title\":\"\",\"orientation\":\"0\",\"keywords\":[]},\"meta\":false,\"postlink\":\"https:\/\/www.cykloromantika.cz\/index.php\/2021\/07\/26\/xxv-rocnik-1-den-pivovar-faltus-vstupni-brana-do-orlickych-hor\/mapa-2021-04-04\/\"}],\"orderBy\":\"title\",\"galleryBorderRadius\":8,\"shareFacebook\":false,\"shareTwitter\":false,\"sharePinterest\":false,\"sharePost\":\"postlink\",\"sliderSocialShareEnabled\":false,\"itemsMetaDataCollection\":[]}<\/script><script>(function(){if(window.PGC_SGB && window.PGC_SGB.searcher){window.PGC_SGB.searcher.initBlocks()}})()<\/script><\/div><\/div><\/div>\n\n\n\n<div class=\"wp-block-kadence-tab kt-tab-inner-content kt-inner-tab-2 kt-inner-tab2064_35c689-6b\"><div class=\"kt-tab-inner-content-inner\">\n<p>Vst\u00e1v\u00e1n\u00ed bylo trochu t\u011b\u017e\u0161\u00ed, ale sl\u00edben\u00e1 sn\u00eddan\u011b je na stole. P\u0159esn\u011b podle na\u0161eho p\u0159\u00e1n\u00ed p\u00e1re\u010dky a m\u00edchan\u00e1 vaj\u00ed\u010dka. Du\u0161\u00edk pot\u0159ebuje opravit sv\u00e9 zadn\u00ed kolo. Na\u0161t\u011bst\u00ed jsme v&nbsp;are\u00e1lu bikeparku a objev\u00edme cyklod\u00edlnu. Du\u0161\u00edk si dovyplete \u0161pici a pak se vrac\u00ed do prudk\u00e9ho kopce zp\u00e1tky k&nbsp;hosp\u016fdce. Pro n\u011bj norm\u00e1ln\u011b \u017e\u00e1dn\u00fd probl\u00e9m, ale kdy\u017e si vzal jen \u017eabky&#8230; <\/p>\n\n\n\n<p>Ani se n\u00e1m z&nbsp;hosp\u016fdky nechce, ale p\u0159\u00edval lid\u00ed p\u0159ed polednem n\u00e1s k&nbsp;odjezdu donut\u00ed. Sjedeme <strong>Hyn\u010dicemi pod Su\u0161inou<\/strong> s&nbsp;p\u00e1r zast\u00e1vkami u zaj\u00edmav\u00fdch objekt\u016f na hlavn\u00ed cestu na Hanu\u0161ovice. Po mal\u00e9 chv\u00edli ale uhneme na lesn\u00ed cestu, kter\u00e1 n\u00e1m d\u00e1 zabrat. Vyjedeme na Vikantick\u00fd vrch, kde se koch\u00e1me kr\u00e1sn\u00fdmi v\u00fdhledy na Rychlebsk\u00e9 hory a Jesen\u00edky.<\/p>\n\n\n\n<p>Dojedeme do <strong>Brann\u00e9<\/strong> a vzhledem k&nbsp;denn\u00ed dob\u011b bychom r\u00e1di pojedli. Na n\u00e1m\u011bst\u00ed se nach\u00e1z\u00ed pivovar pojmenovan\u00fd po m\u00edstn\u00edm z\u00e1mku Kol\u0161tejn. Sedneme do lok\u00e1lu, ale bohu\u017eel kv\u016fli ubytovan\u00fdm host\u016fm m\u00e1me na j\u00eddlo sm\u016flu. D\u00e1me tedy jen pivo a mus\u00edme \u0161l\u00e1pnout znovu do ped\u00e1l\u016f. Napoj\u00edme se na Moravskou stezku a stoup\u00e1me na Ramzovou. Evidentn\u011b n\u00e1m ale chyb\u00ed energie.<\/p>\n\n\n\n<p>P\u0159ed n\u00e1mi se objevila chata La Baita. Sice nem\u011bli u\u017e tepl\u00e9 j\u00eddlo, ale pivo, k\u00e1va a tatranky n\u00e1s zachr\u00e1n\u00ed. Aspo\u0148 do t\u00e9 doby ne\u017e se dostaneme na <strong>Ramzovou<\/strong>. Tam se nakonec dostaneme, v&nbsp;restauraci u n\u00e1dra\u017e\u00ed se m\u016f\u017eeme kone\u010dn\u011b naj\u00edst. Ale mus\u00edme je\u0161t\u011b n\u011bco ujet.<\/p>\n\n\n\n<p>Dal\u0161\u00edm pl\u00e1nem je u\u017e jen sjezd do <strong>Jesen\u00edku<\/strong>. Dlouh\u00fd sjezd bez \u0161lap\u00e1n\u00ed byl fajn, i kdy\u017e v&nbsp;podve\u010der u\u017e n\u00e1m bylo chladno. Projeli jsme si Jesen\u00edk v\u010detn\u011b n\u00e1m\u011bst\u00ed a tvrze a pokra\u010dovali do jesenick\u00e9ho pivovaru. Ochutn\u00e1vka prob\u011bhla a z\u00e1rove\u0148 hled\u00e1me m\u00edsto pro nocleh. Rozhodujeme se o p\u0159ejet\u00ed do P\u00edse\u010dn\u00e9. U Jeskyn\u011b Na \u0160pi\u010d\u00e1ku jsme si na\u0161li m\u00edste\u010dko na vydl\u00e1\u017ed\u011bn\u00e9m pl\u00e1cku pod korunami strom\u016f. Po\u010das\u00ed m\u011blo vydr\u017eet, tak\u017ee obavy z&nbsp;mokr\u00e9ho noclehu jako p\u0159ede\u0161l\u00e9 noci nebyl.<\/p>\n<\/div><\/div>\n\n\n\n<div class=\"wp-block-kadence-tab kt-tab-inner-content kt-inner-tab-3 kt-inner-tab2064_fa2027-44\"><div class=\"kt-tab-inner-content-inner\"><div class=\"pgc-sgb-cb wp-block-pgcsimplygalleryblock-justified \" data-gallery-id=\"4ff21652\"><div class=\"sgb-preloader\" id=\"pr_4ff21652\">\n\t<div class=\"sgb-square\" style=\"background:#d4d4d4\"><\/div>\n\t<div class=\"sgb-square\" style=\"background:#d4d4d4\"><\/div>\n\t<div class=\"sgb-square\" style=\"background:#d4d4d4\"><\/div>\n\t<div class=\"sgb-square\" style=\"background:#d4d4d4\"><\/div><\/div><div class=\"simply-gallery-amp pgc_sgb_slider \"><noscript><div class=\"sgb-gallery\"><div class=\"sgb-item\"><a href=\"https:\/\/www.cykloromantika.cz\/foto-2021-04-01\/\" target=\"_blank\"><img decoding=\"async\" alt=\"\" width=\"225\" height=\"300\" loading=\"lazy\" src=\"https:\/\/www.cykloromantika.cz\/wp-content\/uploads\/2022\/02\/foto-2021-04-01-225x300.jpg\" srcset=\"https:\/\/www.cykloromantika.cz\/wp-content\/uploads\/2022\/02\/foto-2021-04-01-225x300.jpg 225w,https:\/\/www.cykloromantika.cz\/wp-content\/uploads\/2022\/02\/foto-2021-04-01.jpg 768w\" sizes=\"auto, 250px\"\/><\/a><div class=\"sgb-item-caption\"><em>N\u00e1\u0161 no\u010dn\u00ed pel\u00ed\u0161ek zachycen rann\u00edm pt\u00e1\u010dkem Bobem.<\/em><\/div><\/div><div class=\"sgb-item\"><a href=\"https:\/\/www.cykloromantika.cz\/foto-2021-04-02\/\" target=\"_blank\"><img decoding=\"async\" alt=\"\" width=\"300\" height=\"200\" loading=\"lazy\" src=\"https:\/\/www.cykloromantika.cz\/wp-content\/uploads\/2022\/02\/foto-2021-04-02-300x200.jpg\" srcset=\"https:\/\/www.cykloromantika.cz\/wp-content\/uploads\/2022\/02\/foto-2021-04-02-300x200.jpg 300w,https:\/\/www.cykloromantika.cz\/wp-content\/uploads\/2022\/02\/foto-2021-04-02.jpg 1024w\" sizes=\"auto, 250px\"\/><\/a><div class=\"sgb-item-caption\"><em>V\u00fdhled z ok\u00e9nka na are\u00e1l Hyn\u010dice<\/em><\/div><\/div><div class=\"sgb-item\"><a href=\"https:\/\/www.cykloromantika.cz\/foto-2021-04-03\/\" target=\"_blank\"><img decoding=\"async\" alt=\"\" width=\"300\" height=\"200\" loading=\"lazy\" src=\"https:\/\/www.cykloromantika.cz\/wp-content\/uploads\/2022\/02\/foto-2021-04-03-300x200.jpg\" srcset=\"https:\/\/www.cykloromantika.cz\/wp-content\/uploads\/2022\/02\/foto-2021-04-03-300x200.jpg 300w,https:\/\/www.cykloromantika.cz\/wp-content\/uploads\/2022\/02\/foto-2021-04-03.jpg 1024w\" sizes=\"auto, 250px\"\/><\/a><div class=\"sgb-item-caption\"><em>V\u00fdhled z ok\u00e9nka na are\u00e1l Hyn\u010dice<\/em><\/div><\/div><div class=\"sgb-item\"><a href=\"https:\/\/www.cykloromantika.cz\/foto-2021-04-04\/\" target=\"_blank\"><img decoding=\"async\" alt=\"\" width=\"300\" height=\"200\" loading=\"lazy\" src=\"https:\/\/www.cykloromantika.cz\/wp-content\/uploads\/2022\/02\/foto-2021-04-04-300x200.jpg\" srcset=\"https:\/\/www.cykloromantika.cz\/wp-content\/uploads\/2022\/02\/foto-2021-04-04-300x200.jpg 300w,https:\/\/www.cykloromantika.cz\/wp-content\/uploads\/2022\/02\/foto-2021-04-04.jpg 1024w\" sizes=\"auto, 250px\"\/><\/a><div class=\"sgb-item-caption\"><em>V\u00fdhled z ok\u00e9nka na are\u00e1l Hyn\u010dice<\/em><\/div><\/div><div class=\"sgb-item\"><a href=\"https:\/\/www.cykloromantika.cz\/foto-2021-04-05\/\" target=\"_blank\"><img decoding=\"async\" alt=\"\" width=\"300\" height=\"200\" loading=\"lazy\" src=\"https:\/\/www.cykloromantika.cz\/wp-content\/uploads\/2022\/02\/foto-2021-04-05-300x200.jpg\" srcset=\"https:\/\/www.cykloromantika.cz\/wp-content\/uploads\/2022\/02\/foto-2021-04-05-300x200.jpg 300w,https:\/\/www.cykloromantika.cz\/wp-content\/uploads\/2022\/02\/foto-2021-04-05.jpg 1024w\" sizes=\"auto, 250px\"\/><\/a><div class=\"sgb-item-caption\"><em>Na\u0161e do\u010dasn\u00e9 \u00fato\u010di\u0161t\u011b se n\u00e1m necht\u011blo opou\u0161t\u011bt.<\/em><\/div><\/div><div class=\"sgb-item\"><a href=\"https:\/\/www.cykloromantika.cz\/foto-2021-04-06\/\" target=\"_blank\"><img decoding=\"async\" alt=\"\" width=\"300\" height=\"225\" loading=\"lazy\" src=\"https:\/\/www.cykloromantika.cz\/wp-content\/uploads\/2022\/02\/foto-2021-04-06-300x225.jpg\" srcset=\"https:\/\/www.cykloromantika.cz\/wp-content\/uploads\/2022\/02\/foto-2021-04-06-300x225.jpg 300w,https:\/\/www.cykloromantika.cz\/wp-content\/uploads\/2022\/02\/foto-2021-04-06.jpg 1024w\" sizes=\"auto, 250px\"\/><\/a><div class=\"sgb-item-caption\"><em>Zaujalo n\u00e1s \u2013 z b\u00fdval\u00e9ho kostela penzion.<\/em><\/div><\/div><div class=\"sgb-item\"><a href=\"https:\/\/www.cykloromantika.cz\/foto-2021-04-07\/\" target=\"_blank\"><img decoding=\"async\" alt=\"\" width=\"300\" height=\"169\" loading=\"lazy\" src=\"https:\/\/www.cykloromantika.cz\/wp-content\/uploads\/2022\/02\/foto-2021-04-07-300x169.jpg\" srcset=\"https:\/\/www.cykloromantika.cz\/wp-content\/uploads\/2022\/02\/foto-2021-04-07-300x169.jpg 300w,https:\/\/www.cykloromantika.cz\/wp-content\/uploads\/2022\/02\/foto-2021-04-07.jpg 1024w\" sizes=\"auto, 250px\"\/><\/a><div class=\"sgb-item-caption\"><em>Vyhl\u00eddka z Vikantick\u00e9ho vrchu<\/em><\/div><\/div><div class=\"sgb-item\"><a href=\"https:\/\/www.cykloromantika.cz\/foto-2021-04-08\/\" target=\"_blank\"><img decoding=\"async\" alt=\"\" width=\"300\" height=\"169\" loading=\"lazy\" src=\"https:\/\/www.cykloromantika.cz\/wp-content\/uploads\/2022\/02\/foto-2021-04-08-300x169.jpg\" srcset=\"https:\/\/www.cykloromantika.cz\/wp-content\/uploads\/2022\/02\/foto-2021-04-08-300x169.jpg 300w,https:\/\/www.cykloromantika.cz\/wp-content\/uploads\/2022\/02\/foto-2021-04-08.jpg 1024w\" sizes=\"auto, 250px\"\/><\/a><div class=\"sgb-item-caption\"><em>Vyhl\u00eddka z Vikantick\u00e9ho vrchu \u2013 v pozad\u00ed st\u0159edisko Paprsek s rozhlednou<\/em><\/div><\/div><div class=\"sgb-item\"><a href=\"https:\/\/www.cykloromantika.cz\/foto-2021-04-09\/\" target=\"_blank\"><img decoding=\"async\" alt=\"\" width=\"300\" height=\"169\" loading=\"lazy\" src=\"https:\/\/www.cykloromantika.cz\/wp-content\/uploads\/2022\/02\/foto-2021-04-09-300x169.jpg\" srcset=\"https:\/\/www.cykloromantika.cz\/wp-content\/uploads\/2022\/02\/foto-2021-04-09-300x169.jpg 300w,https:\/\/www.cykloromantika.cz\/wp-content\/uploads\/2022\/02\/foto-2021-04-09.jpg 1024w\" sizes=\"auto, 250px\"\/><\/a><div class=\"sgb-item-caption\"><em>Vyhl\u00eddka z Vikantick\u00e9ho vrchu \u2013 v pozad\u00ed Prad\u011bd<\/em><\/div><\/div><div class=\"sgb-item\"><a href=\"https:\/\/www.cykloromantika.cz\/foto-2021-04-10\/\" target=\"_blank\"><img decoding=\"async\" alt=\"\" width=\"225\" height=\"300\" loading=\"lazy\" src=\"https:\/\/www.cykloromantika.cz\/wp-content\/uploads\/2022\/02\/foto-2021-04-10-225x300.jpg\" srcset=\"https:\/\/www.cykloromantika.cz\/wp-content\/uploads\/2022\/02\/foto-2021-04-10-225x300.jpg 225w,https:\/\/www.cykloromantika.cz\/wp-content\/uploads\/2022\/02\/foto-2021-04-10.jpg 768w\" sizes=\"auto, 250px\"\/><\/a><div class=\"sgb-item-caption\"><em>Kostel sv. Michaela v Brann\u00e9<\/em><\/div><\/div><div class=\"sgb-item\"><a href=\"https:\/\/www.cykloromantika.cz\/foto-2021-04-11\/\" target=\"_blank\"><img decoding=\"async\" alt=\"\" width=\"300\" height=\"200\" loading=\"lazy\" src=\"https:\/\/www.cykloromantika.cz\/wp-content\/uploads\/2022\/02\/foto-2021-04-11-300x200.jpg\" srcset=\"https:\/\/www.cykloromantika.cz\/wp-content\/uploads\/2022\/02\/foto-2021-04-11-300x200.jpg 300w,https:\/\/www.cykloromantika.cz\/wp-content\/uploads\/2022\/02\/foto-2021-04-11.jpg 1024w\" sizes=\"auto, 250px\"\/><\/a><div class=\"sgb-item-caption\"><em>Stoup\u00e1me kolem Kostela sv. Michaela a fojtstv\u00ed na n\u00e1m\u011bst\u00ed v Brann\u00e9<\/em><\/div><\/div><div class=\"sgb-item\"><a href=\"https:\/\/www.cykloromantika.cz\/foto-2021-04-12\/\" target=\"_blank\"><img decoding=\"async\" alt=\"\" width=\"225\" height=\"300\" loading=\"lazy\" src=\"https:\/\/www.cykloromantika.cz\/wp-content\/uploads\/2022\/02\/foto-2021-04-12-225x300.jpg\" srcset=\"https:\/\/www.cykloromantika.cz\/wp-content\/uploads\/2022\/02\/foto-2021-04-12-225x300.jpg 225w,https:\/\/www.cykloromantika.cz\/wp-content\/uploads\/2022\/02\/foto-2021-04-12.jpg 768w\" sizes=\"auto, 250px\"\/><\/a><div class=\"sgb-item-caption\"><em>Obecn\u00ed \u00fa\u0159ad v Brann\u00e9 \u2013 dva nezn\u00e1m\u00fd kon\u0161el\u00e9 v pop\u0159ed\u00ed<\/em><\/div><\/div><div class=\"sgb-item\"><a href=\"https:\/\/www.cykloromantika.cz\/foto-2021-04-13\/\" target=\"_blank\"><img decoding=\"async\" alt=\"\" width=\"300\" height=\"225\" loading=\"lazy\" src=\"https:\/\/www.cykloromantika.cz\/wp-content\/uploads\/2022\/02\/foto-2021-04-13-300x225.jpg\" srcset=\"https:\/\/www.cykloromantika.cz\/wp-content\/uploads\/2022\/02\/foto-2021-04-13-300x225.jpg 300w,https:\/\/www.cykloromantika.cz\/wp-content\/uploads\/2022\/02\/foto-2021-04-13.jpg 1024w\" sizes=\"auto, 250px\"\/><\/a><div class=\"sgb-item-caption\"><em>Chyst\u00e1n\u00ed na pam\u00e1te\u010dn\u00ed foto \u2013 zaujali jsme hezkou maminku.<\/em><\/div><\/div><div class=\"sgb-item\"><a href=\"https:\/\/www.cykloromantika.cz\/foto-2021-04-14\/\" target=\"_blank\"><img decoding=\"async\" alt=\"\" width=\"300\" height=\"225\" loading=\"lazy\" src=\"https:\/\/www.cykloromantika.cz\/wp-content\/uploads\/2022\/02\/foto-2021-04-14-300x225.jpg\" srcset=\"https:\/\/www.cykloromantika.cz\/wp-content\/uploads\/2022\/02\/foto-2021-04-14-300x225.jpg 300w,https:\/\/www.cykloromantika.cz\/wp-content\/uploads\/2022\/02\/foto-2021-04-14.jpg 1024w\" sizes=\"auto, 250px\"\/><\/a><div class=\"sgb-item-caption\"><em>Pam\u00e1te\u010dn\u00ed foto z Brann\u00e9 \u2013 koho si hezk\u00e1 maminka vybrala? V\u0161echny? Ne, zaslou\u017eil\u00e9ho otce sv\u00fdch d\u011bt\u00ed.<\/em><\/div><\/div><div class=\"sgb-item\"><a href=\"https:\/\/www.cykloromantika.cz\/foto-2021-04-15\/\" target=\"_blank\"><img decoding=\"async\" alt=\"\" width=\"300\" height=\"225\" loading=\"lazy\" src=\"https:\/\/www.cykloromantika.cz\/wp-content\/uploads\/2022\/02\/foto-2021-04-15-300x225.jpg\" srcset=\"https:\/\/www.cykloromantika.cz\/wp-content\/uploads\/2022\/02\/foto-2021-04-15-300x225.jpg 300w,https:\/\/www.cykloromantika.cz\/wp-content\/uploads\/2022\/02\/foto-2021-04-15.jpg 1024w\" sizes=\"auto, 250px\"\/><\/a><div class=\"sgb-item-caption\"><em>V pivovaru Kol\u0161tejn se chyst\u00e1me vyb\u00edrat pozdn\u00ed ob\u011bd...<\/em><\/div><\/div><div class=\"sgb-item\"><a href=\"https:\/\/www.cykloromantika.cz\/foto-2021-04-16\/\" target=\"_blank\"><img decoding=\"async\" alt=\"\" width=\"300\" height=\"225\" loading=\"lazy\" src=\"https:\/\/www.cykloromantika.cz\/wp-content\/uploads\/2022\/02\/foto-2021-04-16-300x225.jpg\" srcset=\"https:\/\/www.cykloromantika.cz\/wp-content\/uploads\/2022\/02\/foto-2021-04-16-300x225.jpg 300w,https:\/\/www.cykloromantika.cz\/wp-content\/uploads\/2022\/02\/foto-2021-04-16.jpg 1024w\" sizes=\"auto, 250px\"\/><\/a><div class=\"sgb-item-caption\"><em>...kter\u00fd se ale nekonal, tak zklaman\u011b a s velk\u00fdm \"hla\u010f\u00e1kem\" vyr\u00e1\u017e\u00edme sm\u011br Ramzov\u00e1.<\/em><\/div><\/div><div class=\"sgb-item\"><a href=\"https:\/\/www.cykloromantika.cz\/foto-2021-04-17\/\" target=\"_blank\"><img decoding=\"async\" alt=\"\" width=\"225\" height=\"300\" loading=\"lazy\" src=\"https:\/\/www.cykloromantika.cz\/wp-content\/uploads\/2022\/02\/foto-2021-04-17-225x300.jpg\" srcset=\"https:\/\/www.cykloromantika.cz\/wp-content\/uploads\/2022\/02\/foto-2021-04-17-225x300.jpg 225w,https:\/\/www.cykloromantika.cz\/wp-content\/uploads\/2022\/02\/foto-2021-04-17.jpg 768w\" sizes=\"auto, 250px\"\/><\/a><div class=\"sgb-item-caption\"><em>Dal\u0161\u00ed zast\u00e1vkou po cest\u011b se jako zjeven\u00ed objevil penzion La Baita. <\/em><\/div><\/div><div class=\"sgb-item\"><a href=\"https:\/\/www.cykloromantika.cz\/foto-2021-04-18\/\" target=\"_blank\"><img decoding=\"async\" alt=\"\" width=\"225\" height=\"300\" loading=\"lazy\" src=\"https:\/\/www.cykloromantika.cz\/wp-content\/uploads\/2022\/02\/foto-2021-04-18-225x300.jpg\" srcset=\"https:\/\/www.cykloromantika.cz\/wp-content\/uploads\/2022\/02\/foto-2021-04-18-225x300.jpg 225w,https:\/\/www.cykloromantika.cz\/wp-content\/uploads\/2022\/02\/foto-2021-04-18.jpg 768w\" sizes=\"auto, 250px\"\/><\/a><div class=\"sgb-item-caption\"><em>Po k\u00e1v\u011b, tatrank\u00e1ch a vod\u011b chv\u00edli nab\u00edr\u00e1me s\u00edly.<\/em><\/div><\/div><div class=\"sgb-item\"><a href=\"https:\/\/www.cykloromantika.cz\/foto-2021-04-19\/\" target=\"_blank\"><img decoding=\"async\" alt=\"\" width=\"300\" height=\"225\" loading=\"lazy\" src=\"https:\/\/www.cykloromantika.cz\/wp-content\/uploads\/2022\/02\/foto-2021-04-19-300x225.jpg\" srcset=\"https:\/\/www.cykloromantika.cz\/wp-content\/uploads\/2022\/02\/foto-2021-04-19-300x225.jpg 300w,https:\/\/www.cykloromantika.cz\/wp-content\/uploads\/2022\/02\/foto-2021-04-19.jpg 1024w\" sizes=\"auto, 250px\"\/><\/a><div class=\"sgb-item-caption\"><em>Penzion La Baita<\/em><\/div><\/div><div class=\"sgb-item\"><a href=\"https:\/\/www.cykloromantika.cz\/foto-2021-04-20\/\" target=\"_blank\"><img decoding=\"async\" alt=\"\" width=\"225\" height=\"300\" loading=\"lazy\" src=\"https:\/\/www.cykloromantika.cz\/wp-content\/uploads\/2022\/02\/foto-2021-04-20-225x300.jpg\" srcset=\"https:\/\/www.cykloromantika.cz\/wp-content\/uploads\/2022\/02\/foto-2021-04-20-225x300.jpg 225w,https:\/\/www.cykloromantika.cz\/wp-content\/uploads\/2022\/02\/foto-2021-04-20.jpg 768w\" sizes=\"auto, 250px\"\/><\/a><div class=\"sgb-item-caption\"><em>P\u0159em\u00e1h\u00e1me se na dal\u0161\u00ed cestu.<\/em><\/div><\/div><div class=\"sgb-item\"><a href=\"https:\/\/www.cykloromantika.cz\/foto-2021-04-21\/\" target=\"_blank\"><img decoding=\"async\" alt=\"\" width=\"225\" height=\"300\" loading=\"lazy\" src=\"https:\/\/www.cykloromantika.cz\/wp-content\/uploads\/2022\/02\/foto-2021-04-21-225x300.jpg\" srcset=\"https:\/\/www.cykloromantika.cz\/wp-content\/uploads\/2022\/02\/foto-2021-04-21-225x300.jpg 225w,https:\/\/www.cykloromantika.cz\/wp-content\/uploads\/2022\/02\/foto-2021-04-21.jpg 768w\" sizes=\"auto, 250px\"\/><\/a><div class=\"sgb-item-caption\"><em>Ramzov\u00e1 \u2013 kone\u010dn\u011b n\u011bco po\u0159\u00e1dn\u00e9ho k j\u00eddlu. Z ob\u011bda je r\u00e1zem ve\u010de\u0159e.<\/em><\/div><\/div><div class=\"sgb-item\"><a href=\"https:\/\/www.cykloromantika.cz\/foto-2021-04-22\/\" target=\"_blank\"><img decoding=\"async\" alt=\"\" width=\"300\" height=\"225\" loading=\"lazy\" src=\"https:\/\/www.cykloromantika.cz\/wp-content\/uploads\/2022\/02\/foto-2021-04-22-300x225.jpg\" srcset=\"https:\/\/www.cykloromantika.cz\/wp-content\/uploads\/2022\/02\/foto-2021-04-22-300x225.jpg 300w,https:\/\/www.cykloromantika.cz\/wp-content\/uploads\/2022\/02\/foto-2021-04-22.jpg 1024w\" sizes=\"auto, 250px\"\/><\/a><div class=\"sgb-item-caption\"><em>Lipovou jsme prolet\u011bli, ale v Jesen\u00edku se na chv\u00edli zastav\u00edme u z\u00e1mku.<\/em><\/div><\/div><div class=\"sgb-item\"><a href=\"https:\/\/www.cykloromantika.cz\/foto-2021-04-23\/\" target=\"_blank\"><img decoding=\"async\" alt=\"\" width=\"225\" height=\"300\" loading=\"lazy\" src=\"https:\/\/www.cykloromantika.cz\/wp-content\/uploads\/2022\/02\/foto-2021-04-23-225x300.jpg\" srcset=\"https:\/\/www.cykloromantika.cz\/wp-content\/uploads\/2022\/02\/foto-2021-04-23-225x300.jpg 225w,https:\/\/www.cykloromantika.cz\/wp-content\/uploads\/2022\/02\/foto-2021-04-23.jpg 768w\" sizes=\"auto, 250px\"\/><\/a><div class=\"sgb-item-caption\"><em>Abychom se zastavili definitivn\u011b v Minipivovaru Jesen\u00edk.<\/em><\/div><\/div><\/div><\/noscript><\/div><script type=\"application\/json\" class=\"sgb-data\">{\"lastRowFill\":true,\"collectionThumbRecomendedHeight\":300,\"collectionThumbMiniScreenScale\":true,\"captionHAlign\":\"bottom\",\"collectionthumbHoverTitleFontSize\":12,\"collectionthumbRoundedCorners\":8,\"collectionthumbHoverTitleTextBgColor\":\"rgba(0,0,0,0.44)\",\"collectionThumbSubMenuShare\":false,\"galleryType\":\"pgc_sgb_justified\",\"galleryId\":\"4ff21652\",\"galleryQuery\":null,\"images\":[{\"id\":4191,\"title\":\"Foto 2021 04 01\",\"url\":\"https:\/\/www.cykloromantika.cz\/wp-content\/uploads\/2022\/02\/foto-2021-04-01.jpg\",\"link\":\"https:\/\/www.cykloromantika.cz\/foto-2021-04-01\/\",\"alt\":\"\",\"description\":\"\",\"caption\":\"N\u00e1\u0161 no\u010dn\u00ed pel\u00ed\u0161ek zachycen rann\u00edm pt\u00e1\u010dkem Bobem.\",\"mime\":\"image\/jpeg\",\"type\":\"image\",\"width\":768,\"height\":1024,\"sizes\":{\"thumbnail\":{\"height\":150,\"width\":113,\"url\":\"https:\/\/www.cykloromantika.cz\/wp-content\/uploads\/2022\/02\/foto-2021-04-01-113x150.jpg\",\"orientation\":\"portrait\"},\"medium\":{\"height\":300,\"width\":225,\"url\":\"https:\/\/www.cykloromantika.cz\/wp-content\/uploads\/2022\/02\/foto-2021-04-01-225x300.jpg\",\"orientation\":\"portrait\"},\"full\":{\"url\":\"https:\/\/www.cykloromantika.cz\/wp-content\/uploads\/2022\/02\/foto-2021-04-01.jpg\",\"height\":1024,\"width\":768,\"orientation\":\"portrait\"}},\"meta\":false,\"postlink\":\"https:\/\/www.cykloromantika.cz\/foto-2021-04-01\/\"},{\"id\":4192,\"title\":\"Foto 2021 04 02\",\"url\":\"https:\/\/www.cykloromantika.cz\/wp-content\/uploads\/2022\/02\/foto-2021-04-02.jpg\",\"link\":\"https:\/\/www.cykloromantika.cz\/foto-2021-04-02\/\",\"alt\":\"\",\"description\":\"\",\"caption\":\"V\u00fdhled z ok\u00e9nka na are\u00e1l Hyn\u010dice\",\"mime\":\"image\/jpeg\",\"type\":\"image\",\"width\":1024,\"height\":683,\"sizes\":{\"thumbnail\":{\"height\":100,\"width\":150,\"url\":\"https:\/\/www.cykloromantika.cz\/wp-content\/uploads\/2022\/02\/foto-2021-04-02-150x100.jpg\",\"orientation\":\"landscape\"},\"medium\":{\"height\":200,\"width\":300,\"url\":\"https:\/\/www.cykloromantika.cz\/wp-content\/uploads\/2022\/02\/foto-2021-04-02-300x200.jpg\",\"orientation\":\"landscape\"},\"full\":{\"url\":\"https:\/\/www.cykloromantika.cz\/wp-content\/uploads\/2022\/02\/foto-2021-04-02.jpg\",\"height\":683,\"width\":1024,\"orientation\":\"landscape\"}},\"meta\":false,\"postlink\":\"https:\/\/www.cykloromantika.cz\/foto-2021-04-02\/\"},{\"id\":4193,\"title\":\"Foto 2021 04 03\",\"url\":\"https:\/\/www.cykloromantika.cz\/wp-content\/uploads\/2022\/02\/foto-2021-04-03.jpg\",\"link\":\"https:\/\/www.cykloromantika.cz\/foto-2021-04-03\/\",\"alt\":\"\",\"description\":\"\",\"caption\":\"V\u00fdhled z ok\u00e9nka na are\u00e1l Hyn\u010dice\",\"mime\":\"image\/jpeg\",\"type\":\"image\",\"width\":1024,\"height\":683,\"sizes\":{\"thumbnail\":{\"height\":100,\"width\":150,\"url\":\"https:\/\/www.cykloromantika.cz\/wp-content\/uploads\/2022\/02\/foto-2021-04-03-150x100.jpg\",\"orientation\":\"landscape\"},\"medium\":{\"height\":200,\"width\":300,\"url\":\"https:\/\/www.cykloromantika.cz\/wp-content\/uploads\/2022\/02\/foto-2021-04-03-300x200.jpg\",\"orientation\":\"landscape\"},\"full\":{\"url\":\"https:\/\/www.cykloromantika.cz\/wp-content\/uploads\/2022\/02\/foto-2021-04-03.jpg\",\"height\":683,\"width\":1024,\"orientation\":\"landscape\"}},\"meta\":false,\"postlink\":\"https:\/\/www.cykloromantika.cz\/foto-2021-04-03\/\"},{\"id\":4194,\"title\":\"Foto 2021 04 04\",\"url\":\"https:\/\/www.cykloromantika.cz\/wp-content\/uploads\/2022\/02\/foto-2021-04-04.jpg\",\"link\":\"https:\/\/www.cykloromantika.cz\/foto-2021-04-04\/\",\"alt\":\"\",\"description\":\"\",\"caption\":\"V\u00fdhled z ok\u00e9nka na are\u00e1l Hyn\u010dice\",\"mime\":\"image\/jpeg\",\"type\":\"image\",\"width\":1024,\"height\":683,\"sizes\":{\"thumbnail\":{\"height\":100,\"width\":150,\"url\":\"https:\/\/www.cykloromantika.cz\/wp-content\/uploads\/2022\/02\/foto-2021-04-04-150x100.jpg\",\"orientation\":\"landscape\"},\"medium\":{\"height\":200,\"width\":300,\"url\":\"https:\/\/www.cykloromantika.cz\/wp-content\/uploads\/2022\/02\/foto-2021-04-04-300x200.jpg\",\"orientation\":\"landscape\"},\"full\":{\"url\":\"https:\/\/www.cykloromantika.cz\/wp-content\/uploads\/2022\/02\/foto-2021-04-04.jpg\",\"height\":683,\"width\":1024,\"orientation\":\"landscape\"}},\"meta\":false,\"postlink\":\"https:\/\/www.cykloromantika.cz\/foto-2021-04-04\/\"},{\"id\":4195,\"title\":\"Foto 2021 04 05\",\"url\":\"https:\/\/www.cykloromantika.cz\/wp-content\/uploads\/2022\/02\/foto-2021-04-05.jpg\",\"link\":\"https:\/\/www.cykloromantika.cz\/foto-2021-04-05\/\",\"alt\":\"\",\"description\":\"\",\"caption\":\"Na\u0161e do\u010dasn\u00e9 \u00fato\u010di\u0161t\u011b se n\u00e1m necht\u011blo opou\u0161t\u011bt.\",\"mime\":\"image\/jpeg\",\"type\":\"image\",\"width\":1024,\"height\":683,\"sizes\":{\"thumbnail\":{\"height\":100,\"width\":150,\"url\":\"https:\/\/www.cykloromantika.cz\/wp-content\/uploads\/2022\/02\/foto-2021-04-05-150x100.jpg\",\"orientation\":\"landscape\"},\"medium\":{\"height\":200,\"width\":300,\"url\":\"https:\/\/www.cykloromantika.cz\/wp-content\/uploads\/2022\/02\/foto-2021-04-05-300x200.jpg\",\"orientation\":\"landscape\"},\"full\":{\"url\":\"https:\/\/www.cykloromantika.cz\/wp-content\/uploads\/2022\/02\/foto-2021-04-05.jpg\",\"height\":683,\"width\":1024,\"orientation\":\"landscape\"}},\"meta\":false,\"postlink\":\"https:\/\/www.cykloromantika.cz\/foto-2021-04-05\/\"},{\"id\":4196,\"title\":\"Foto 2021 04 06\",\"url\":\"https:\/\/www.cykloromantika.cz\/wp-content\/uploads\/2022\/02\/foto-2021-04-06.jpg\",\"link\":\"https:\/\/www.cykloromantika.cz\/foto-2021-04-06\/\",\"alt\":\"\",\"description\":\"\",\"caption\":\"Zaujalo n\u00e1s \u2013 z b\u00fdval\u00e9ho kostela penzion.\",\"mime\":\"image\/jpeg\",\"type\":\"image\",\"width\":1024,\"height\":768,\"sizes\":{\"thumbnail\":{\"height\":113,\"width\":150,\"url\":\"https:\/\/www.cykloromantika.cz\/wp-content\/uploads\/2022\/02\/foto-2021-04-06-150x113.jpg\",\"orientation\":\"landscape\"},\"medium\":{\"height\":225,\"width\":300,\"url\":\"https:\/\/www.cykloromantika.cz\/wp-content\/uploads\/2022\/02\/foto-2021-04-06-300x225.jpg\",\"orientation\":\"landscape\"},\"full\":{\"url\":\"https:\/\/www.cykloromantika.cz\/wp-content\/uploads\/2022\/02\/foto-2021-04-06.jpg\",\"height\":768,\"width\":1024,\"orientation\":\"landscape\"}},\"meta\":false,\"postlink\":\"https:\/\/www.cykloromantika.cz\/foto-2021-04-06\/\"},{\"id\":4240,\"title\":\"Foto 2021 04 07\",\"url\":\"https:\/\/www.cykloromantika.cz\/wp-content\/uploads\/2022\/02\/foto-2021-04-07.jpg\",\"link\":\"https:\/\/www.cykloromantika.cz\/foto-2021-04-07\/\",\"alt\":\"\",\"description\":\"\",\"caption\":\"Vyhl\u00eddka z Vikantick\u00e9ho vrchu\",\"mime\":\"image\/jpeg\",\"type\":\"image\",\"width\":1024,\"height\":576,\"sizes\":{\"thumbnail\":{\"height\":84,\"width\":150,\"url\":\"https:\/\/www.cykloromantika.cz\/wp-content\/uploads\/2022\/02\/foto-2021-04-07-150x84.jpg\",\"orientation\":\"landscape\"},\"medium\":{\"height\":169,\"width\":300,\"url\":\"https:\/\/www.cykloromantika.cz\/wp-content\/uploads\/2022\/02\/foto-2021-04-07-300x169.jpg\",\"orientation\":\"landscape\"},\"full\":{\"url\":\"https:\/\/www.cykloromantika.cz\/wp-content\/uploads\/2022\/02\/foto-2021-04-07.jpg\",\"height\":576,\"width\":1024,\"orientation\":\"landscape\"}},\"meta\":false,\"postlink\":\"https:\/\/www.cykloromantika.cz\/foto-2021-04-07\/\"},{\"id\":4241,\"title\":\"Foto 2021 04 08\",\"url\":\"https:\/\/www.cykloromantika.cz\/wp-content\/uploads\/2022\/02\/foto-2021-04-08.jpg\",\"link\":\"https:\/\/www.cykloromantika.cz\/foto-2021-04-08\/\",\"alt\":\"\",\"description\":\"\",\"caption\":\"Vyhl\u00eddka z Vikantick\u00e9ho vrchu \u2013 v pozad\u00ed st\u0159edisko Paprsek s rozhlednou\",\"mime\":\"image\/jpeg\",\"type\":\"image\",\"width\":1024,\"height\":576,\"sizes\":{\"thumbnail\":{\"height\":84,\"width\":150,\"url\":\"https:\/\/www.cykloromantika.cz\/wp-content\/uploads\/2022\/02\/foto-2021-04-08-150x84.jpg\",\"orientation\":\"landscape\"},\"medium\":{\"height\":169,\"width\":300,\"url\":\"https:\/\/www.cykloromantika.cz\/wp-content\/uploads\/2022\/02\/foto-2021-04-08-300x169.jpg\",\"orientation\":\"landscape\"},\"full\":{\"url\":\"https:\/\/www.cykloromantika.cz\/wp-content\/uploads\/2022\/02\/foto-2021-04-08.jpg\",\"height\":576,\"width\":1024,\"orientation\":\"landscape\"}},\"meta\":false,\"postlink\":\"https:\/\/www.cykloromantika.cz\/foto-2021-04-08\/\"},{\"id\":4242,\"title\":\"Foto 2021 04 09\",\"url\":\"https:\/\/www.cykloromantika.cz\/wp-content\/uploads\/2022\/02\/foto-2021-04-09.jpg\",\"link\":\"https:\/\/www.cykloromantika.cz\/foto-2021-04-09\/\",\"alt\":\"\",\"description\":\"\",\"caption\":\"Vyhl\u00eddka z Vikantick\u00e9ho vrchu \u2013 v pozad\u00ed Prad\u011bd\",\"mime\":\"image\/jpeg\",\"type\":\"image\",\"width\":1024,\"height\":576,\"sizes\":{\"thumbnail\":{\"height\":84,\"width\":150,\"url\":\"https:\/\/www.cykloromantika.cz\/wp-content\/uploads\/2022\/02\/foto-2021-04-09-150x84.jpg\",\"orientation\":\"landscape\"},\"medium\":{\"height\":169,\"width\":300,\"url\":\"https:\/\/www.cykloromantika.cz\/wp-content\/uploads\/2022\/02\/foto-2021-04-09-300x169.jpg\",\"orientation\":\"landscape\"},\"full\":{\"url\":\"https:\/\/www.cykloromantika.cz\/wp-content\/uploads\/2022\/02\/foto-2021-04-09.jpg\",\"height\":576,\"width\":1024,\"orientation\":\"landscape\"}},\"meta\":false,\"postlink\":\"https:\/\/www.cykloromantika.cz\/foto-2021-04-09\/\"},{\"id\":4243,\"title\":\"Foto 2021 04 10\",\"url\":\"https:\/\/www.cykloromantika.cz\/wp-content\/uploads\/2022\/02\/foto-2021-04-10.jpg\",\"link\":\"https:\/\/www.cykloromantika.cz\/foto-2021-04-10\/\",\"alt\":\"\",\"description\":\"\",\"caption\":\"Kostel sv. Michaela v Brann\u00e9\",\"mime\":\"image\/jpeg\",\"type\":\"image\",\"width\":768,\"height\":1024,\"sizes\":{\"thumbnail\":{\"height\":150,\"width\":113,\"url\":\"https:\/\/www.cykloromantika.cz\/wp-content\/uploads\/2022\/02\/foto-2021-04-10-113x150.jpg\",\"orientation\":\"portrait\"},\"medium\":{\"height\":300,\"width\":225,\"url\":\"https:\/\/www.cykloromantika.cz\/wp-content\/uploads\/2022\/02\/foto-2021-04-10-225x300.jpg\",\"orientation\":\"portrait\"},\"full\":{\"url\":\"https:\/\/www.cykloromantika.cz\/wp-content\/uploads\/2022\/02\/foto-2021-04-10.jpg\",\"height\":1024,\"width\":768,\"orientation\":\"portrait\"}},\"meta\":false,\"postlink\":\"https:\/\/www.cykloromantika.cz\/foto-2021-04-10\/\"},{\"id\":4244,\"title\":\"Foto 2021 04 11\",\"url\":\"https:\/\/www.cykloromantika.cz\/wp-content\/uploads\/2022\/02\/foto-2021-04-11.jpg\",\"link\":\"https:\/\/www.cykloromantika.cz\/foto-2021-04-11\/\",\"alt\":\"\",\"description\":\"\",\"caption\":\"Stoup\u00e1me kolem Kostela sv. Michaela a fojtstv\u00ed na n\u00e1m\u011bst\u00ed v Brann\u00e9\",\"mime\":\"image\/jpeg\",\"type\":\"image\",\"width\":1024,\"height\":683,\"sizes\":{\"thumbnail\":{\"height\":100,\"width\":150,\"url\":\"https:\/\/www.cykloromantika.cz\/wp-content\/uploads\/2022\/02\/foto-2021-04-11-150x100.jpg\",\"orientation\":\"landscape\"},\"medium\":{\"height\":200,\"width\":300,\"url\":\"https:\/\/www.cykloromantika.cz\/wp-content\/uploads\/2022\/02\/foto-2021-04-11-300x200.jpg\",\"orientation\":\"landscape\"},\"full\":{\"url\":\"https:\/\/www.cykloromantika.cz\/wp-content\/uploads\/2022\/02\/foto-2021-04-11.jpg\",\"height\":683,\"width\":1024,\"orientation\":\"landscape\"}},\"meta\":false,\"postlink\":\"https:\/\/www.cykloromantika.cz\/foto-2021-04-11\/\"},{\"id\":4245,\"title\":\"Foto 2021 04 12\",\"url\":\"https:\/\/www.cykloromantika.cz\/wp-content\/uploads\/2022\/02\/foto-2021-04-12.jpg\",\"link\":\"https:\/\/www.cykloromantika.cz\/foto-2021-04-12\/\",\"alt\":\"\",\"description\":\"\",\"caption\":\"Obecn\u00ed \u00fa\u0159ad v Brann\u00e9 \u2013 dva nezn\u00e1m\u00fd kon\u0161el\u00e9 v pop\u0159ed\u00ed\",\"mime\":\"image\/jpeg\",\"type\":\"image\",\"width\":768,\"height\":1024,\"sizes\":{\"thumbnail\":{\"height\":150,\"width\":113,\"url\":\"https:\/\/www.cykloromantika.cz\/wp-content\/uploads\/2022\/02\/foto-2021-04-12-113x150.jpg\",\"orientation\":\"portrait\"},\"medium\":{\"height\":300,\"width\":225,\"url\":\"https:\/\/www.cykloromantika.cz\/wp-content\/uploads\/2022\/02\/foto-2021-04-12-225x300.jpg\",\"orientation\":\"portrait\"},\"full\":{\"url\":\"https:\/\/www.cykloromantika.cz\/wp-content\/uploads\/2022\/02\/foto-2021-04-12.jpg\",\"height\":1024,\"width\":768,\"orientation\":\"portrait\"}},\"meta\":false,\"postlink\":\"https:\/\/www.cykloromantika.cz\/foto-2021-04-12\/\"},{\"id\":4246,\"title\":\"Foto 2021 04 13\",\"url\":\"https:\/\/www.cykloromantika.cz\/wp-content\/uploads\/2022\/02\/foto-2021-04-13.jpg\",\"link\":\"https:\/\/www.cykloromantika.cz\/foto-2021-04-13\/\",\"alt\":\"\",\"description\":\"\",\"caption\":\"Chyst\u00e1n\u00ed na pam\u00e1te\u010dn\u00ed foto \u2013 zaujali jsme hezkou maminku.\",\"mime\":\"image\/jpeg\",\"type\":\"image\",\"width\":1024,\"height\":768,\"sizes\":{\"thumbnail\":{\"height\":113,\"width\":150,\"url\":\"https:\/\/www.cykloromantika.cz\/wp-content\/uploads\/2022\/02\/foto-2021-04-13-150x113.jpg\",\"orientation\":\"landscape\"},\"medium\":{\"height\":225,\"width\":300,\"url\":\"https:\/\/www.cykloromantika.cz\/wp-content\/uploads\/2022\/02\/foto-2021-04-13-300x225.jpg\",\"orientation\":\"landscape\"},\"full\":{\"url\":\"https:\/\/www.cykloromantika.cz\/wp-content\/uploads\/2022\/02\/foto-2021-04-13.jpg\",\"height\":768,\"width\":1024,\"orientation\":\"landscape\"}},\"meta\":false,\"postlink\":\"https:\/\/www.cykloromantika.cz\/foto-2021-04-13\/\"},{\"id\":4247,\"title\":\"Foto 2021 04 14\",\"url\":\"https:\/\/www.cykloromantika.cz\/wp-content\/uploads\/2022\/02\/foto-2021-04-14.jpg\",\"link\":\"https:\/\/www.cykloromantika.cz\/foto-2021-04-14\/\",\"alt\":\"\",\"description\":\"\",\"caption\":\"Pam\u00e1te\u010dn\u00ed foto z Brann\u00e9 \u2013 koho si hezk\u00e1 maminka vybrala? V\u0161echny? Ne, zaslou\u017eil\u00e9ho otce sv\u00fdch d\u011bt\u00ed.\",\"mime\":\"image\/jpeg\",\"type\":\"image\",\"width\":1024,\"height\":767,\"sizes\":{\"thumbnail\":{\"height\":112,\"width\":150,\"url\":\"https:\/\/www.cykloromantika.cz\/wp-content\/uploads\/2022\/02\/foto-2021-04-14-150x112.jpg\",\"orientation\":\"landscape\"},\"medium\":{\"height\":225,\"width\":300,\"url\":\"https:\/\/www.cykloromantika.cz\/wp-content\/uploads\/2022\/02\/foto-2021-04-14-300x225.jpg\",\"orientation\":\"landscape\"},\"full\":{\"url\":\"https:\/\/www.cykloromantika.cz\/wp-content\/uploads\/2022\/02\/foto-2021-04-14.jpg\",\"height\":767,\"width\":1024,\"orientation\":\"landscape\"}},\"meta\":false,\"postlink\":\"https:\/\/www.cykloromantika.cz\/foto-2021-04-14\/\"},{\"id\":4248,\"title\":\"Foto 2021 04 15\",\"url\":\"https:\/\/www.cykloromantika.cz\/wp-content\/uploads\/2022\/02\/foto-2021-04-15.jpg\",\"link\":\"https:\/\/www.cykloromantika.cz\/foto-2021-04-15\/\",\"alt\":\"\",\"description\":\"\",\"caption\":\"V pivovaru Kol\u0161tejn se chyst\u00e1me vyb\u00edrat pozdn\u00ed ob\u011bd...\",\"mime\":\"image\/jpeg\",\"type\":\"image\",\"width\":1024,\"height\":768,\"sizes\":{\"thumbnail\":{\"height\":113,\"width\":150,\"url\":\"https:\/\/www.cykloromantika.cz\/wp-content\/uploads\/2022\/02\/foto-2021-04-15-150x113.jpg\",\"orientation\":\"landscape\"},\"medium\":{\"height\":225,\"width\":300,\"url\":\"https:\/\/www.cykloromantika.cz\/wp-content\/uploads\/2022\/02\/foto-2021-04-15-300x225.jpg\",\"orientation\":\"landscape\"},\"full\":{\"url\":\"https:\/\/www.cykloromantika.cz\/wp-content\/uploads\/2022\/02\/foto-2021-04-15.jpg\",\"height\":768,\"width\":1024,\"orientation\":\"landscape\"}},\"meta\":false,\"postlink\":\"https:\/\/www.cykloromantika.cz\/foto-2021-04-15\/\"},{\"id\":4249,\"title\":\"Foto 2021 04 16\",\"url\":\"https:\/\/www.cykloromantika.cz\/wp-content\/uploads\/2022\/02\/foto-2021-04-16.jpg\",\"link\":\"https:\/\/www.cykloromantika.cz\/foto-2021-04-16\/\",\"alt\":\"\",\"description\":\"\",\"caption\":\"...kter\u00fd se ale nekonal, tak zklaman\u011b a s velk\u00fdm \\u0022hla\u010f\u00e1kem\\u0022 vyr\u00e1\u017e\u00edme sm\u011br Ramzov\u00e1.\",\"mime\":\"image\/jpeg\",\"type\":\"image\",\"width\":1024,\"height\":768,\"sizes\":{\"thumbnail\":{\"height\":113,\"width\":150,\"url\":\"https:\/\/www.cykloromantika.cz\/wp-content\/uploads\/2022\/02\/foto-2021-04-16-150x113.jpg\",\"orientation\":\"landscape\"},\"medium\":{\"height\":225,\"width\":300,\"url\":\"https:\/\/www.cykloromantika.cz\/wp-content\/uploads\/2022\/02\/foto-2021-04-16-300x225.jpg\",\"orientation\":\"landscape\"},\"full\":{\"url\":\"https:\/\/www.cykloromantika.cz\/wp-content\/uploads\/2022\/02\/foto-2021-04-16.jpg\",\"height\":768,\"width\":1024,\"orientation\":\"landscape\"}},\"meta\":false,\"postlink\":\"https:\/\/www.cykloromantika.cz\/foto-2021-04-16\/\"},{\"id\":4250,\"title\":\"Foto 2021 04 17\",\"url\":\"https:\/\/www.cykloromantika.cz\/wp-content\/uploads\/2022\/02\/foto-2021-04-17.jpg\",\"link\":\"https:\/\/www.cykloromantika.cz\/foto-2021-04-17\/\",\"alt\":\"\",\"description\":\"\",\"caption\":\"Dal\u0161\u00ed zast\u00e1vkou po cest\u011b se jako zjeven\u00ed objevil penzion La Baita. \",\"mime\":\"image\/jpeg\",\"type\":\"image\",\"width\":768,\"height\":1024,\"sizes\":{\"thumbnail\":{\"height\":150,\"width\":113,\"url\":\"https:\/\/www.cykloromantika.cz\/wp-content\/uploads\/2022\/02\/foto-2021-04-17-113x150.jpg\",\"orientation\":\"portrait\"},\"medium\":{\"height\":300,\"width\":225,\"url\":\"https:\/\/www.cykloromantika.cz\/wp-content\/uploads\/2022\/02\/foto-2021-04-17-225x300.jpg\",\"orientation\":\"portrait\"},\"full\":{\"url\":\"https:\/\/www.cykloromantika.cz\/wp-content\/uploads\/2022\/02\/foto-2021-04-17.jpg\",\"height\":1024,\"width\":768,\"orientation\":\"portrait\"}},\"meta\":false,\"postlink\":\"https:\/\/www.cykloromantika.cz\/foto-2021-04-17\/\"},{\"id\":4251,\"title\":\"Foto 2021 04 18\",\"url\":\"https:\/\/www.cykloromantika.cz\/wp-content\/uploads\/2022\/02\/foto-2021-04-18.jpg\",\"link\":\"https:\/\/www.cykloromantika.cz\/foto-2021-04-18\/\",\"alt\":\"\",\"description\":\"\",\"caption\":\"Po k\u00e1v\u011b, tatrank\u00e1ch a vod\u011b chv\u00edli nab\u00edr\u00e1me s\u00edly.\",\"mime\":\"image\/jpeg\",\"type\":\"image\",\"width\":768,\"height\":1024,\"sizes\":{\"thumbnail\":{\"height\":150,\"width\":113,\"url\":\"https:\/\/www.cykloromantika.cz\/wp-content\/uploads\/2022\/02\/foto-2021-04-18-113x150.jpg\",\"orientation\":\"portrait\"},\"medium\":{\"height\":300,\"width\":225,\"url\":\"https:\/\/www.cykloromantika.cz\/wp-content\/uploads\/2022\/02\/foto-2021-04-18-225x300.jpg\",\"orientation\":\"portrait\"},\"full\":{\"url\":\"https:\/\/www.cykloromantika.cz\/wp-content\/uploads\/2022\/02\/foto-2021-04-18.jpg\",\"height\":1024,\"width\":768,\"orientation\":\"portrait\"}},\"meta\":false,\"postlink\":\"https:\/\/www.cykloromantika.cz\/foto-2021-04-18\/\"},{\"id\":4252,\"title\":\"Foto 2021 04 19\",\"url\":\"https:\/\/www.cykloromantika.cz\/wp-content\/uploads\/2022\/02\/foto-2021-04-19.jpg\",\"link\":\"https:\/\/www.cykloromantika.cz\/foto-2021-04-19\/\",\"alt\":\"\",\"description\":\"\",\"caption\":\"Penzion La Baita\",\"mime\":\"image\/jpeg\",\"type\":\"image\",\"width\":1024,\"height\":768,\"sizes\":{\"thumbnail\":{\"height\":113,\"width\":150,\"url\":\"https:\/\/www.cykloromantika.cz\/wp-content\/uploads\/2022\/02\/foto-2021-04-19-150x113.jpg\",\"orientation\":\"landscape\"},\"medium\":{\"height\":225,\"width\":300,\"url\":\"https:\/\/www.cykloromantika.cz\/wp-content\/uploads\/2022\/02\/foto-2021-04-19-300x225.jpg\",\"orientation\":\"landscape\"},\"full\":{\"url\":\"https:\/\/www.cykloromantika.cz\/wp-content\/uploads\/2022\/02\/foto-2021-04-19.jpg\",\"height\":768,\"width\":1024,\"orientation\":\"landscape\"}},\"meta\":false,\"postlink\":\"https:\/\/www.cykloromantika.cz\/foto-2021-04-19\/\"},{\"id\":4253,\"title\":\"Foto 2021 04 20\",\"url\":\"https:\/\/www.cykloromantika.cz\/wp-content\/uploads\/2022\/02\/foto-2021-04-20.jpg\",\"link\":\"https:\/\/www.cykloromantika.cz\/foto-2021-04-20\/\",\"alt\":\"\",\"description\":\"\",\"caption\":\"P\u0159em\u00e1h\u00e1me se na dal\u0161\u00ed cestu.\",\"mime\":\"image\/jpeg\",\"type\":\"image\",\"width\":768,\"height\":1024,\"sizes\":{\"thumbnail\":{\"height\":150,\"width\":113,\"url\":\"https:\/\/www.cykloromantika.cz\/wp-content\/uploads\/2022\/02\/foto-2021-04-20-113x150.jpg\",\"orientation\":\"portrait\"},\"medium\":{\"height\":300,\"width\":225,\"url\":\"https:\/\/www.cykloromantika.cz\/wp-content\/uploads\/2022\/02\/foto-2021-04-20-225x300.jpg\",\"orientation\":\"portrait\"},\"full\":{\"url\":\"https:\/\/www.cykloromantika.cz\/wp-content\/uploads\/2022\/02\/foto-2021-04-20.jpg\",\"height\":1024,\"width\":768,\"orientation\":\"portrait\"}},\"meta\":false,\"postlink\":\"https:\/\/www.cykloromantika.cz\/foto-2021-04-20\/\"},{\"id\":4254,\"title\":\"Foto 2021 04 21\",\"url\":\"https:\/\/www.cykloromantika.cz\/wp-content\/uploads\/2022\/02\/foto-2021-04-21.jpg\",\"link\":\"https:\/\/www.cykloromantika.cz\/foto-2021-04-21\/\",\"alt\":\"\",\"description\":\"\",\"caption\":\"Ramzov\u00e1 \u2013 kone\u010dn\u011b n\u011bco po\u0159\u00e1dn\u00e9ho k j\u00eddlu. Z ob\u011bda je r\u00e1zem ve\u010de\u0159e.\",\"mime\":\"image\/jpeg\",\"type\":\"image\",\"width\":768,\"height\":1024,\"sizes\":{\"thumbnail\":{\"height\":150,\"width\":113,\"url\":\"https:\/\/www.cykloromantika.cz\/wp-content\/uploads\/2022\/02\/foto-2021-04-21-113x150.jpg\",\"orientation\":\"portrait\"},\"medium\":{\"height\":300,\"width\":225,\"url\":\"https:\/\/www.cykloromantika.cz\/wp-content\/uploads\/2022\/02\/foto-2021-04-21-225x300.jpg\",\"orientation\":\"portrait\"},\"full\":{\"url\":\"https:\/\/www.cykloromantika.cz\/wp-content\/uploads\/2022\/02\/foto-2021-04-21.jpg\",\"height\":1024,\"width\":768,\"orientation\":\"portrait\"}},\"meta\":false,\"postlink\":\"https:\/\/www.cykloromantika.cz\/foto-2021-04-21\/\"},{\"id\":4255,\"title\":\"Foto 2021 04 22\",\"url\":\"https:\/\/www.cykloromantika.cz\/wp-content\/uploads\/2022\/02\/foto-2021-04-22.jpg\",\"link\":\"https:\/\/www.cykloromantika.cz\/foto-2021-04-22\/\",\"alt\":\"\",\"description\":\"\",\"caption\":\"Lipovou jsme prolet\u011bli, ale v Jesen\u00edku se na chv\u00edli zastav\u00edme u z\u00e1mku.\",\"mime\":\"image\/jpeg\",\"type\":\"image\",\"width\":1024,\"height\":768,\"sizes\":{\"thumbnail\":{\"height\":113,\"width\":150,\"url\":\"https:\/\/www.cykloromantika.cz\/wp-content\/uploads\/2022\/02\/foto-2021-04-22-150x113.jpg\",\"orientation\":\"landscape\"},\"medium\":{\"height\":225,\"width\":300,\"url\":\"https:\/\/www.cykloromantika.cz\/wp-content\/uploads\/2022\/02\/foto-2021-04-22-300x225.jpg\",\"orientation\":\"landscape\"},\"full\":{\"url\":\"https:\/\/www.cykloromantika.cz\/wp-content\/uploads\/2022\/02\/foto-2021-04-22.jpg\",\"height\":768,\"width\":1024,\"orientation\":\"landscape\"}},\"meta\":false,\"postlink\":\"https:\/\/www.cykloromantika.cz\/foto-2021-04-22\/\"},{\"id\":4256,\"title\":\"Foto 2021 04 23\",\"url\":\"https:\/\/www.cykloromantika.cz\/wp-content\/uploads\/2022\/02\/foto-2021-04-23.jpg\",\"link\":\"https:\/\/www.cykloromantika.cz\/foto-2021-04-23\/\",\"alt\":\"\",\"description\":\"\",\"caption\":\"Abychom se zastavili definitivn\u011b v Minipivovaru Jesen\u00edk.\",\"mime\":\"image\/jpeg\",\"type\":\"image\",\"width\":768,\"height\":1024,\"sizes\":{\"thumbnail\":{\"height\":150,\"width\":113,\"url\":\"https:\/\/www.cykloromantika.cz\/wp-content\/uploads\/2022\/02\/foto-2021-04-23-113x150.jpg\",\"orientation\":\"portrait\"},\"medium\":{\"height\":300,\"width\":225,\"url\":\"https:\/\/www.cykloromantika.cz\/wp-content\/uploads\/2022\/02\/foto-2021-04-23-225x300.jpg\",\"orientation\":\"portrait\"},\"full\":{\"url\":\"https:\/\/www.cykloromantika.cz\/wp-content\/uploads\/2022\/02\/foto-2021-04-23.jpg\",\"height\":1024,\"width\":768,\"orientation\":\"portrait\"}},\"meta\":false,\"postlink\":\"https:\/\/www.cykloromantika.cz\/foto-2021-04-23\/\"}],\"itemsMetaDataCollection\":[],\"galleryData\":\"{\\u0022pageMode\\u0022:false,\\u0022lastRowFill\\u0022:true,\\u0022collectionThumbRecomendedHeight\\u0022:300,\\u0022collectionThumbMiniScreenScale\\u0022:true,\\u0022thumbSpacing\\u0022:5,\\u0022externalLink\\u0022:true,\\u0022externalLinkDefName\\u0022:\\u0022Read More\\u0022,\\u0022externalLinkTextColor\\u0022:\\u0022rgba(0,0,0,1)\\u0022,\\u0022externalLinkBgColor\\u0022:\\u0022rgba(255,255,255,1)\\u0022,\\u0022externalLinkFontSize\\u0022:18,\\u0022captions\\u0022:true,\\u0022captionSrc\\u0022:\\u0022caption\\u0022,\\u0022captionHAlign\\u0022:\\u0022bottom\\u0022,\\u0022collectionthumbHoverTitleFontSize\\u0022:12,\\u0022collectionthumbRoundedCorners\\u0022:8,\\u0022collectionthumbHoverTitleTextColor\\u0022:\\u0022rgba(255,255,255,1)\\u0022,\\u0022collectionthumbHoverTitleTextBgColor\\u0022:\\u0022rgba(0,0,0,0.44)\\u0022,\\u0022collectionthumbHoverBgColor\\u0022:\\u0022rgba(0,0,0,0.4)\\u0022,\\u0022collectionThumbSubMenuDownload\\u0022:true,\\u0022collectionThumbSubMenuShare\\u0022:false,\\u0022collectionThumbSubMenuBgColor\\u0022:\\u0022rgba(0,0,0,0.4)\\u0022,\\u0022collectionThumbSubMenuBgColorHover\\u0022:\\u0022rgba(255,255,255,1)\\u0022,\\u0022collectionThumbSubMenuIconColor\\u0022:\\u0022rgba(255,255,255,1)\\u0022,\\u0022collectionThumbSubMenuIconColorHover\\u0022:\\u0022rgba(0,0,0,1)\\u0022,\\u0022galleryType\\u0022:\\u0022pgc_sgb_justified\\u0022,\\u0022align\\u0022:\\u0022\\u0022,\\u0022galleryId\\u0022:\\u00224ff21652\\u0022,\\u0022galleryQuery\\u0022:null,\\u0022tagsListCustomMode\\u0022:false,\\u0022initGalleryByFirstTag\\u0022:false,\\u0022deepLinkingForTag\\u0022:false,\\u0022galleryTagsList\\u0022:[],\\u0022useClobalSettings\\u0022:true,\\u0022orderBy\\u0022:\\u0022title\\u0022,\\u0022deepLinking\\u0022:false,\\u0022useLightbox\\u0022:true,\\u0022thumbClickAction\\u0022:\\u0022useLightbox\\u0022,\\u0022numItemsDisplayed\\u0022:0,\\u0022lazyLoading\\u0022:true,\\u0022contentNoPadding\\u0022:false,\\u0022galleryPreloaderColor\\u0022:\\u0022rgba(230,230,230,1)\\u0022,\\u0022galleryBgColor\\u0022:\\u0022rgba(0,0,0,0)\\u0022,\\u0022galleryBorderRadius\\u0022:8,\\u0022customCSS\\u0022:\\u0022\\u0022,\\u0022itemsPerPage\\u0022:20,\\u0022loadMoreDefName\\u0022:\\u0022Load More\\u0022,\\u0022loadMoreFontSize\\u0022:16,\\u0022loadMoreTextColor\\u0022:\\u0022rgba(255,255,255,1)\\u0022,\\u0022loadMoreBgColor\\u0022:\\u0022rgba(0,0,0,1)\\u0022,\\u0022tagsFilter\\u0022:false,\\u0022tagCloudAll\\u0022:\\u0022All\\u0022,\\u0022tagCloudBgColor\\u0022:\\u0022rgba(153,153,153,1)\\u0022,\\u0022tagCloudBgColorOver\\u0022:\\u0022rgba(253,253,253,1)\\u0022,\\u0022tagCloudTextColor\\u0022:\\u0022rgba(253,253,253,1)\\u0022,\\u0022tagCloudTextColorOver\\u0022:\\u0022rgba(153,153,153,1)\\u0022,\\u0022tagCloudFontSize\\u0022:16,\\u0022modaBgColor\\u0022:\\u0022rgba(0,0,0,0.8)\\u0022,\\u0022modalIconColor\\u0022:\\u0022rgba(255,255,255,1)\\u0022,\\u0022modalIconColorHover\\u0022:\\u0022rgba(255,255,255,0.8)\\u0022,\\u0022shareFacebook\\u0022:false,\\u0022shareTwitter\\u0022:false,\\u0022sharePinterest\\u0022:false,\\u0022sliderItemDownload\\u0022:true,\\u0022shareCopyLink\\u0022:true,\\u0022sharePost\\u0022:\\u0022postlink\\u0022,\\u0022copyRProtection\\u0022:false,\\u0022copyRAlert\\u0022:\\u0022Hello, this photo is mine!\\u0022,\\u0022sliderScrollNavi\\u0022:false,\\u0022sliderNextPrevAnimation\\u0022:\\u0022animation\\u0022,\\u0022galleryScrollPositionControll\\u0022:false,\\u0022sliderVideoAutoPlay\\u0022:false,\\u0022sliderVideoLoop\\u0022:false,\\u0022sliderItemCounterEnable\\u0022:true,\\u0022sliderCaptionSrc\\u0022:\\u0022caption\\u0022,\\u0022sliderItemTitleEnable\\u0022:true,\\u0022sliderItemTitleFontSize\\u0022:18,\\u0022sliderItemTitleTextColor\\u0022:\\u0022rgba(255,255,255,1)\\u0022,\\u0022itemCounterColor\\u0022:\\u0022rgba(255,255,255,1)\\u0022,\\u0022sliderThumbBarEnable\\u0022:true,\\u0022sliderThumbBarHoverColor\\u0022:\\u0022rgba(240,240,240,1)\\u0022,\\u0022sliderBgColor\\u0022:\\u0022rgba(0,0,0,0.8)\\u0022,\\u0022sliderPreloaderColor\\u0022:\\u0022rgba(240,240,240,1)\\u0022,\\u0022sliderHeaderFooterBgColor\\u0022:\\u0022rgba(0,0,0,0.4)\\u0022,\\u0022sliderNavigationColor\\u0022:\\u0022rgba(0,0,0,1)\\u0022,\\u0022sliderNavigationColorOver\\u0022:\\u0022rgba(255,255,255,1)\\u0022,\\u0022sliderNavigationIconColor\\u0022:\\u0022rgba(255,255,255,1)\\u0022,\\u0022sliderNavigationIconColorOver\\u0022:\\u0022rgba(0,0,0,1)\\u0022,\\u0022sliderSlideshow\\u0022:true,\\u0022sliderSlideshowDelay\\u0022:8,\\u0022slideshowIndicatorColor\\u0022:\\u0022rgba(255,255,255,1)\\u0022,\\u0022slideshowIndicatorColorBg\\u0022:\\u0022rgba(255,255,255,0.5)\\u0022,\\u0022sliderThumbSubMenuBackgroundColor\\u0022:\\u0022rgba(255,255,255,0)\\u0022,\\u0022sliderThumbSubMenuBackgroundColorOver\\u0022:\\u0022rgba(255,255,255,1)\\u0022,\\u0022sliderThumbSubMenuIconColor\\u0022:\\u0022rgba(255,255,255,1)\\u0022,\\u0022sliderThumbSubMenuIconHoverColor\\u0022:\\u0022rgba(0,0,0,1)\\u0022,\\u0022sliderSocialShareEnabled\\u0022:false,\\u0022sliderZoomEnable\\u0022:true,\\u0022sliderFullscreenEnabled\\u0022:true,\\u0022settingsModalIsOpen\\u0022:false,\\u0022skin\\u0022:\\u0022justified\\u0022}\",\"useClobalSettings\":true,\"orderBy\":\"title\",\"galleryBorderRadius\":8,\"shareFacebook\":false,\"shareTwitter\":false,\"sharePinterest\":false,\"sharePost\":\"postlink\",\"sliderItemTitleEnable\":true,\"sliderSocialShareEnabled\":false}<\/script><script>(function(){if(window.PGC_SGB && window.PGC_SGB.searcher){window.PGC_SGB.searcher.initBlocks()}})()<\/script><\/div>\n<\/div><\/div>\n<\/div><\/div><\/div>\n","protected":false},"excerpt":{"rendered":"","protected":false},"author":3,"featured_media":4247,"comment_status":"open","ping_status":"open","sticky":false,"template":"","format":"standard","meta":{"_acf_changed":false,"pgc_sgb_lightbox_settings":"","footnotes":""},"categories":[31],"tags":[],"class_list":["post-2064","post","type-post","status-publish","format-standard","has-post-thumbnail","hentry","category-denicek"],"acf":[],"_links":{"self":[{"href":"https:\/\/www.cykloromantika.cz\/index.php\/wp-json\/wp\/v2\/posts\/2064","targetHints":{"allow":["GET"]}}],"collection":[{"href":"https:\/\/www.cykloromantika.cz\/index.php\/wp-json\/wp\/v2\/posts"}],"about":[{"href":"https:\/\/www.cykloromantika.cz\/index.php\/wp-json\/wp\/v2\/types\/post"}],"author":[{"embeddable":true,"href":"https:\/\/www.cykloromantika.cz\/index.php\/wp-json\/wp\/v2\/users\/3"}],"replies":[{"embeddable":true,"href":"https:\/\/www.cykloromantika.cz\/index.php\/wp-json\/wp\/v2\/comments?post=2064"}],"version-history":[{"count":12,"href":"https:\/\/www.cykloromantika.cz\/index.php\/wp-json\/wp\/v2\/posts\/2064\/revisions"}],"predecessor-version":[{"id":9256,"href":"https:\/\/www.cykloromantika.cz\/index.php\/wp-json\/wp\/v2\/posts\/2064\/revisions\/9256"}],"wp:featuredmedia":[{"embeddable":true,"href":"https:\/\/www.cykloromantika.cz\/index.php\/wp-json\/wp\/v2\/media\/4247"}],"wp:attachment":[{"href":"https:\/\/www.cykloromantika.cz\/index.php\/wp-json\/wp\/v2\/media?parent=2064"}],"wp:term":[{"taxonomy":"category","embeddable":true,"href":"https:\/\/www.cykloromantika.cz\/index.php\/wp-json\/wp\/v2\/categories?post=2064"},{"taxonomy":"post_tag","embeddable":true,"href":"https:\/\/www.cykloromantika.cz\/index.php\/wp-json\/wp\/v2\/tags?post=2064"}],"curies":[{"name":"wp","href":"https:\/\/api.w.org\/{rel}","templated":true}]}}