{"id":2062,"date":"2021-07-28T16:23:00","date_gmt":"2021-07-28T15:23:00","guid":{"rendered":"https:\/\/www.cykloromantika.cz\/?p=2062"},"modified":"2025-10-19T12:41:02","modified_gmt":"2025-10-19T11:41:02","slug":"xxv-rocnik-3-den-dnes-se-modlitby-vyplatily","status":"publish","type":"post","link":"https:\/\/www.cykloromantika.cz\/index.php\/2021\/07\/28\/xxv-rocnik-3-den-dnes-se-modlitby-vyplatily\/","title":{"rendered":"XXV. ro\u010dn\u00edk \u2013 3.&nbsp;den: Dnes se modlitby vyplatily"},"content":{"rendered":"<style>.kt-tabs-id2062_b904b3-05 > .kt-tabs-content-wrap > .wp-block-kadence-tab{border-top:1px solid #eeeeee;border-right:0px solid #eeeeee;border-bottom:0px solid #eeeeee;border-left:0px solid #eeeeee;border-top-left-radius:0px;border-top-right-radius:0px;border-bottom-right-radius:0px;border-bottom-left-radius:0px;padding-top:20px;padding-right:0px;padding-bottom:20px;padding-left:0px;background:#ffffff;}.wp-block-kadence-tabs .kt-tabs-id2062_b904b3-05 > .kt-tabs-title-list li{margin-top:0px;margin-right:8px;margin-bottom:0px;margin-left:0px;}.wp-block-kadence-tabs .kt-tabs-id2062_b904b3-05 > .kt-tabs-title-list li:last-child{margin-right:0px;}.wp-block-kadence-tabs .kt-tabs-id2062_b904b3-05 > .kt-tabs-title-list li .kt-tab-title, .wp-block-kadence-tabs .kt-tabs-id2062_b904b3-05 > .kt-tabs-content-wrap > .kt-tabs-accordion-title .kt-tab-title{line-height:1.4em;font-weight:400;font-style:normal;text-transform:uppercase;border-top-width:0px;border-right-width:0px;border-bottom-width:0px;border-left-width:0px;border-top-left-radius:0px;border-top-right-radius:0px;border-bottom-right-radius:0px;border-bottom-left-radius:0px;padding-top:8px;padding-right:20px;padding-bottom:8px;padding-left:20px;border-color:#ffffff;color:#555555;background:#ffffff;}.wp-block-kadence-tabs .kt-tabs-id2062_b904b3-05 > .kt-tabs-content-wrap > .kt-tabs-accordion-title .kt-tab-title{margin-top:0px;margin-right:8px;margin-bottom:0px;margin-left:0px;}.wp-block-kadence-tabs .kt-tabs-id2062_b904b3-05 > .kt-tabs-title-list li .kt-tab-title:hover, .wp-block-kadence-tabs .kt-tabs-id2062_b904b3-05 > .kt-tabs-content-wrap > .kt-tabs-accordion-title .kt-tab-title:hover{border-color:#555555;color:#086abd;background:#ffffff;}.wp-block-kadence-tabs .kt-tabs-id2062_b904b3-05 > .kt-tabs-title-list li.kt-tab-title-active .kt-tab-title, .wp-block-kadence-tabs .kt-tabs-id2062_b904b3-05 > .kt-tabs-content-wrap > .kt-tabs-accordion-title.kt-tab-title-active .kt-tab-title{border-color:#555555;color:#086abd;background:#ffffff;}.wp-block-kadence-tabs .kt-tabs-id2062_b904b3-05 > .kt-tabs-title-list li svg{font-size:24px;}@media all and (max-width: 1024px){.kt-tabs-id2062_b904b3-05 > .kt-tabs-content-wrap > .wp-block-kadence-tab{border-top:1px solid #eeeeee;border-right:0px solid #eeeeee;border-bottom:0px solid #eeeeee;border-left:0px solid #eeeeee;}}@media all and (max-width: 767px){.kt-tabs-id2062_b904b3-05 > .kt-tabs-content-wrap > .wp-block-kadence-tab{border-top:1px solid #eeeeee;border-right:0px solid #eeeeee;border-bottom:0px solid #eeeeee;border-left:0px solid #eeeeee;}}<\/style>\n<div class=\"wp-block-kadence-tabs alignnone\"><div class=\"kt-tabs-wrap kt-tabs-id2062_b904b3-05 kt-tabs-has-3-tabs kt-active-tab-3 kt-tabs-layout-tabs kt-tabs-tablet-layout-inherit kt-tabs-mobile-layout-inherit kt-tab-alignment-center \"><ul class=\"kt-tabs-title-list\"><li id=\"tab-trasa\" class=\"kt-title-item kt-title-item-1 kt-tabs-svg-show-always kt-tabs-icon-side-top kt-tab-title-inactive\"><a href=\"#tab-trasa\" data-tab=\"1\" class=\"kt-tab-title kt-tab-title-1 \"><span class=\"kb-svg-icon-wrap kb-svg-icon-fe_map\"><svg viewBox=\"0 0 24 24\"  fill=\"none\" stroke=\"currentColor\" stroke-width=\"2\" stroke-linecap=\"round\" stroke-linejoin=\"round\" xmlns=\"http:\/\/www.w3.org\/2000\/svg\"  aria-hidden=\"true\"><polygon points=\"1 6 1 22 8 18 16 22 23 18 23 2 16 6 8 2 1 6\"\/><line x1=\"8\" y1=\"2\" x2=\"8\" y2=\"18\"\/><line x1=\"16\" y1=\"6\" x2=\"16\" y2=\"22\"\/><\/svg><\/span><span class=\"kt-title-text\">Trasa<\/span><\/a><\/li><li id=\"tab-zitky\" class=\"kt-title-item kt-title-item-2 kt-tabs-svg-show-always kt-tabs-icon-side-top kt-tab-title-inactive\"><a href=\"#tab-zitky\" data-tab=\"2\" class=\"kt-tab-title kt-tab-title-2 \"><span class=\"kb-svg-icon-wrap kb-svg-icon-fe_alignLeft\"><svg viewBox=\"0 0 24 24\"  fill=\"none\" stroke=\"currentColor\" stroke-width=\"2\" stroke-linecap=\"round\" stroke-linejoin=\"round\" xmlns=\"http:\/\/www.w3.org\/2000\/svg\"  aria-hidden=\"true\"><line x1=\"17\" y1=\"10\" x2=\"3\" y2=\"10\"\/><line x1=\"21\" y1=\"6\" x2=\"3\" y2=\"6\"\/><line x1=\"21\" y1=\"14\" x2=\"3\" y2=\"14\"\/><line x1=\"17\" y1=\"18\" x2=\"3\" y2=\"18\"\/><\/svg><\/span><span class=\"kt-title-text\">Z\u00e1\u017eitky<\/span><\/a><\/li><li id=\"tab-fotky\" class=\"kt-title-item kt-title-item-3 kt-tabs-svg-show-always kt-tabs-icon-side-top kt-tab-title-active\"><a href=\"#tab-fotky\" data-tab=\"3\" class=\"kt-tab-title kt-tab-title-3 \"><span class=\"kb-svg-icon-wrap kb-svg-icon-fe_camera\"><svg viewBox=\"0 0 24 24\"  fill=\"none\" stroke=\"currentColor\" stroke-width=\"2\" stroke-linecap=\"round\" stroke-linejoin=\"round\" xmlns=\"http:\/\/www.w3.org\/2000\/svg\"  aria-hidden=\"true\"><path d=\"M23 19a2 2 0 0 1-2 2H3a2 2 0 0 1-2-2V8a2 2 0 0 1 2-2h4l2-3h6l2 3h4a2 2 0 0 1 2 2z\"\/><circle cx=\"12\" cy=\"13\" r=\"4\"\/><\/svg><\/span><span class=\"kt-title-text\">Fotky<\/span><\/a><\/li><\/ul><div class=\"kt-tabs-content-wrap\">\n<div class=\"wp-block-kadence-tab kt-tab-inner-content kt-inner-tab-1 kt-inner-tab2062_e43409-b4\"><div class=\"kt-tab-inner-content-inner\">\n<p>Doln\u00ed Hede\u010d (p\u0159\u00edst\u0159e\u0161ek na Hrab\u011bc\u00ed stezce) &#8211; kl\u00e1\u0161ter Hede\u010d &#8211; Kr\u00e1l\u00edky &#8211; d\u011blost\u0159eleck\u00e1 tvrz H\u016frka &#8211; Doln\u00ed Morava &#8211; chata Slam\u011bnka (1100&nbsp;m n. m.) &#8211; Hyn\u010dice pod Su\u0161inou<\/p>\n\n\n\n<ul class=\"wp-block-list\">\n<li>najeto: 44 km <\/li>\n\n\n\n<li>nejni\u017e\u0161\u00ed a nejvy\u0161\u0161\u00ed bod: 572-1168&nbsp;m n. m. <\/li>\n\n\n\n<li>stoup\u00e1n\u00ed: 927&nbsp;m <\/li>\n\n\n\n<li>kles\u00e1n\u00ed: 807&nbsp;m<\/li>\n<\/ul>\n\n\n<div class=\"pgc-sgb-cb wp-block-pgcsimplygalleryblock-slider \" data-gallery-id=\"f7317065\"style=&quot;min-height:320px&quot;><div class=\"sgb-preloader\" id=\"pr_f7317065\">\n\t<div class=\"sgb-square\" style=\"background:#d4d4d4\"><\/div>\n\t<div class=\"sgb-square\" style=\"background:#d4d4d4\"><\/div>\n\t<div class=\"sgb-square\" style=\"background:#d4d4d4\"><\/div>\n\t<div class=\"sgb-square\" style=\"background:#d4d4d4\"><\/div><\/div><div class=\"simply-gallery-amp pgc_sgb_slider \"><noscript><div class=\"sgb-gallery\"><div class=\"sgb-item\"><a href=\"https:\/\/www.cykloromantika.cz\/index.php\/2021\/07\/26\/xxv-rocnik-1-den-pivovar-faltus-vstupni-brana-do-orlickych-hor\/mapa-2021-03-01\/\" target=\"_blank\"><img decoding=\"async\" alt=\"\" width=\"300\" height=\"155\" loading=\"lazy\" src=\"https:\/\/www.cykloromantika.cz\/wp-content\/uploads\/2021\/07\/mapa-2021-03-01-300x155.jpg\" srcset=\"https:\/\/www.cykloromantika.cz\/wp-content\/uploads\/2021\/07\/mapa-2021-03-01-300x155.jpg 300w,https:\/\/www.cykloromantika.cz\/wp-content\/uploads\/2021\/07\/mapa-2021-03-01.jpg 1024w\" sizes=\"auto, 250px\"\/><\/a><\/div><div class=\"sgb-item\"><a href=\"https:\/\/www.cykloromantika.cz\/index.php\/2021\/07\/26\/xxv-rocnik-1-den-pivovar-faltus-vstupni-brana-do-orlickych-hor\/mapa-2021-03-02\/\" target=\"_blank\"><img decoding=\"async\" alt=\"\" width=\"300\" height=\"155\" loading=\"lazy\" src=\"https:\/\/www.cykloromantika.cz\/wp-content\/uploads\/2021\/07\/mapa-2021-03-02-300x155.jpg\" srcset=\"https:\/\/www.cykloromantika.cz\/wp-content\/uploads\/2021\/07\/mapa-2021-03-02-300x155.jpg 300w,https:\/\/www.cykloromantika.cz\/wp-content\/uploads\/2021\/07\/mapa-2021-03-02.jpg 1024w\" sizes=\"auto, 250px\"\/><\/a><\/div><\/div><\/noscript><\/div><script type=\"application\/json\" class=\"sgb-data\">{\"externalLinkDefName\":\"d\u00e1le\",\"captionHAlign\":\"bottom\",\"collectionthumbHoverTitleFontSize\":12,\"collectionthumbRoundedCorners\":8,\"collectionthumbHoverTitleTextBgColor\":\"rgba(0,0,0,0.44)\",\"collectionThumbSubMenuShare\":false,\"sliderMaxHeight\":320,\"sliderAdminWidth\":768,\"responsiveHeight\":true,\"collectionColumns\":2,\"sliderThumbsNavi\":false,\"autoPlay\":true,\"autoPlayDelay\":8,\"galleryType\":\"pgc_sgb_slider\",\"galleryId\":\"f7317065\",\"images\":[{\"id\":7251,\"title\":\"Mapa 2021 03 01\",\"url\":\"https:\/\/www.cykloromantika.cz\/wp-content\/uploads\/2021\/07\/mapa-2021-03-01.jpg\",\"link\":\"https:\/\/www.cykloromantika.cz\/index.php\/2021\/07\/26\/xxv-rocnik-1-den-pivovar-faltus-vstupni-brana-do-orlickych-hor\/mapa-2021-03-01\/\",\"alt\":\"\",\"description\":\"\",\"caption\":\"\",\"mime\":\"image\/jpeg\",\"type\":\"image\",\"width\":1024,\"height\":530,\"sizes\":{\"thumbnail\":{\"height\":78,\"width\":150,\"url\":\"https:\/\/www.cykloromantika.cz\/wp-content\/uploads\/2021\/07\/mapa-2021-03-01-150x78.jpg\",\"orientation\":\"landscape\"},\"medium\":{\"height\":155,\"width\":300,\"url\":\"https:\/\/www.cykloromantika.cz\/wp-content\/uploads\/2021\/07\/mapa-2021-03-01-300x155.jpg\",\"orientation\":\"landscape\"},\"full\":{\"url\":\"https:\/\/www.cykloromantika.cz\/wp-content\/uploads\/2021\/07\/mapa-2021-03-01.jpg\",\"height\":530,\"width\":1024,\"orientation\":\"landscape\"}},\"imageMeta\":{\"aperture\":\"0\",\"credit\":\"\",\"camera\":\"\",\"caption\":\"\",\"created_timestamp\":\"0\",\"copyright\":\"\",\"focal_length\":\"0\",\"iso\":\"0\",\"shutter_speed\":\"0\",\"title\":\"\",\"orientation\":\"0\",\"keywords\":[]},\"meta\":false,\"postlink\":\"https:\/\/www.cykloromantika.cz\/index.php\/2021\/07\/26\/xxv-rocnik-1-den-pivovar-faltus-vstupni-brana-do-orlickych-hor\/mapa-2021-03-01\/\"},{\"id\":7252,\"title\":\"Mapa 2021 03 02\",\"url\":\"https:\/\/www.cykloromantika.cz\/wp-content\/uploads\/2021\/07\/mapa-2021-03-02.jpg\",\"link\":\"https:\/\/www.cykloromantika.cz\/index.php\/2021\/07\/26\/xxv-rocnik-1-den-pivovar-faltus-vstupni-brana-do-orlickych-hor\/mapa-2021-03-02\/\",\"alt\":\"\",\"description\":\"\",\"caption\":\"\",\"mime\":\"image\/jpeg\",\"type\":\"image\",\"width\":1024,\"height\":530,\"sizes\":{\"thumbnail\":{\"height\":78,\"width\":150,\"url\":\"https:\/\/www.cykloromantika.cz\/wp-content\/uploads\/2021\/07\/mapa-2021-03-02-150x78.jpg\",\"orientation\":\"landscape\"},\"medium\":{\"height\":155,\"width\":300,\"url\":\"https:\/\/www.cykloromantika.cz\/wp-content\/uploads\/2021\/07\/mapa-2021-03-02-300x155.jpg\",\"orientation\":\"landscape\"},\"full\":{\"url\":\"https:\/\/www.cykloromantika.cz\/wp-content\/uploads\/2021\/07\/mapa-2021-03-02.jpg\",\"height\":530,\"width\":1024,\"orientation\":\"landscape\"}},\"imageMeta\":{\"aperture\":\"0\",\"credit\":\"\",\"camera\":\"\",\"caption\":\"\",\"created_timestamp\":\"0\",\"copyright\":\"\",\"focal_length\":\"0\",\"iso\":\"0\",\"shutter_speed\":\"0\",\"title\":\"\",\"orientation\":\"0\",\"keywords\":[]},\"meta\":false,\"postlink\":\"https:\/\/www.cykloromantika.cz\/index.php\/2021\/07\/26\/xxv-rocnik-1-den-pivovar-faltus-vstupni-brana-do-orlickych-hor\/mapa-2021-03-02\/\"}],\"orderBy\":\"title\",\"galleryBorderRadius\":8,\"shareFacebook\":false,\"shareTwitter\":false,\"sharePinterest\":false,\"sharePost\":\"postlink\",\"sliderSocialShareEnabled\":false,\"itemsMetaDataCollection\":[]}<\/script><script>(function(){if(window.PGC_SGB && window.PGC_SGB.searcher){window.PGC_SGB.searcher.initBlocks()}})()<\/script><\/div><\/div><\/div>\n\n\n\n<div class=\"wp-block-kadence-tab kt-tab-inner-content kt-inner-tab-2 kt-inner-tab2062_ffebfd-4a\"><div class=\"kt-tab-inner-content-inner\">\n<p>R\u00e1no si m\u016f\u017eeme kone\u010dn\u011b prohl\u00e9dnout na\u0161e spac\u00ed m\u00edsto. Luxusn\u00ed p\u0159\u00edst\u0159e\u0161ek vypadaj\u00edc\u00ed l\u00e9pe ne\u017e na fotk\u00e1ch na map\u00e1ch. Ani se n\u00e1m odsud nechce. Ud\u011bl\u00e1me ale hygienu v&nbsp;potoce hned pod p\u0159\u00edst\u0159e\u0161kem. Ta p\u0159i\u0161la vhod.<\/p>\n\n\n\n<p>Jeliko\u017e jsme p\u0159\u00edmo pod Hede\u010d\u00ed, pak je jasn\u00e9, \u017ee se na kl\u00e1\u0161ter pojedeme pod\u00edvat. Nastoup\u00edme na kola a hned nahoru. Dr\u017e\u00edme se, ale nakonec p\u0159ece jen tla\u010d\u00edme. Ale st\u00e1lo to za to. Are\u00e1l <strong>kl\u00e1\u0161tera Hede\u010d<\/strong> je kr\u00e1sn\u00fdm m\u00edstem. Pokoch\u00e1me se a snad i pomodl\u00edm, proto\u017ee budeme ve\u010der n\u011bjakou pomoc pot\u0159ebovat. Ale hlad n\u00e1s \u017eene dol\u016f do Kr\u00e1l\u00edk\u016f. Na n\u00e1m\u011bst\u00ed objev\u00edme pek\u00e1rnu stejn\u00e9ho \u0159et\u011bzce jako v&nbsp;\u017damberku. Op\u011bt tedy rohl\u00edky se sal\u00e1tem, sladk\u00e9 pe\u010divo a k\u00e1va. Pozorujeme d\u011bn\u00ed v\u0161edn\u00edho dne na n\u00e1m\u011bst\u00ed v\u010detn\u011b kr\u00e1sn\u00fdch obyvatel(ek).<\/p>\n\n\n\n<p>Dal\u0161\u00edm c\u00edlem je <strong>Doln\u00ed Morava<\/strong>. Nejprve mus\u00edme po hlavn\u00ed silnici kolem dal\u0161\u00ed z&nbsp;d\u011blost\u0159eleck\u00e9 tvrze H\u016frka. Provoz p\u0159e\u017eijeme a odbo\u010d\u00edme na silnici k&nbsp;Doln\u00ed Morav\u011b. Na konci \u00fadol\u00ed si najdeme m\u00edsto, kde bychom pojedli, proto\u017ee na dal\u0161\u00ed cesta horami moc p\u0159\u00edle\u017eitost\u00ed k&nbsp;j\u00eddlu nebude. J\u00eddlo n\u00e1m dodalo pot\u0159ebn\u00e9 \u017eiviny, proto\u017ee za\u010dneme stoupat. Nejprve \u00fadol\u00edm pod\u00e9l je\u0161t\u011b mal\u00e9 \u0159eky Moravy. Od <strong>Vilem\u00ednky<\/strong> se ale sklon zv\u00fd\u0161\u00ed, asfalt se zm\u011bn\u00ed na kamenit\u011bj\u0161\u00ed cestu. Ale v\u00fdhledy stoj\u00ed za to a zanedlouho dokonce kles\u00e1me k&nbsp;chat\u011b Slam\u011bnce. Zaslou\u017een\u011b se odm\u011bn\u00edme.<\/p>\n\n\n\n<p>Dal\u0161\u00ed postup je podm\u00edn\u011bn povrchem \u2013 od \u0161otolinov\u00fdch cest p\u0159es lesn\u00ed kamenit\u00e9 zkratky po asfaltky. Bobo s&nbsp;trekov\u00fdm kolem a Du\u0161\u00edk s&nbsp;gravelem maj\u00ed co d\u011blat uko\u010d\u00edrovat sv\u00e9 o\u0159e. P\u0159edpokl\u00e1dan\u00e1 ve\u010de\u0159e na chat\u011b N\u00e1vr\u0161\u00ed se konat nebude. Du\u0161\u00edkovi na zadn\u00edm kole prask\u00e1 \u0161pice a kv\u016fli osmici nem\u016f\u017ee jet norm\u00e1ln\u011b d\u00e1le. Na\u0161t\u011bst\u00ed jsme zrovna v&nbsp;pr\u016fseku sjezdovky nad <strong>Hyn\u010dicemi pod Su\u0161inou<\/strong>. M\u011bn\u00edme tedy pl\u00e1n a sj\u00ed\u017ed\u00edme pr\u00e1v\u011b do t\u00e9to vesnice. Nav\u00edc za\u010d\u00edn\u00e1 pr\u0161et. Prvn\u00ed po\u010d\u00e1te\u010dn\u00ed kapky se m\u011bn\u00ed v&nbsp;lij\u00e1k zrovna, kdy\u017e vj\u00ed\u017ed\u00edme do civilizace. Rychle se schov\u00e1v\u00e1me pod slune\u010dn\u00edky u hosp\u016fdky U Vleku. Vid\u00edme sv\u011bt\u00fdlko ve zd\u00e1nliv\u011b zav\u0159en\u00e9m lok\u00e1le, tak vstupujeme. R\u00e1j na zemi.<\/p>\n\n\n\n<p>Nejen\u017ee m\u016f\u017eeme posed\u011bt, d\u00e1t si pivo a p\u0159em\u00fd\u0161let nad pl\u00e1ny na dne\u0161n\u00ed p\u0159esp\u00e1n\u00ed v&nbsp;mokru. Ale m\u016f\u017eeme m\u00edt i pe\u010den\u00e1 kolena a \u017eebra ve\u010de\u0159i a co v\u00edc \u2013 majitelka Petra n\u00e1m ud\u011bl\u00e1 nab\u00eddku p\u0159espat v&nbsp;pokoj\u00edch naho\u0159e. Domluv\u00edme se rychle a to v\u010detn\u011b sn\u00eddan\u011b. P\u00e1rky nebo m\u00edchan\u00e1 vaj\u00ed\u010dka? Oboje. Je\u0161t\u011b si objedn\u00e1me na pokoj p\u00e1r rund piva i n\u011b\u010deho tvrd\u0161\u00edho a m\u016f\u017eeme euforii popustit uzdu.  <\/p>\n<\/div><\/div>\n\n\n\n<div class=\"wp-block-kadence-tab kt-tab-inner-content kt-inner-tab-3 kt-inner-tab2062_521695-59\"><div class=\"kt-tab-inner-content-inner\"><div class=\"pgc-sgb-cb wp-block-pgcsimplygalleryblock-justified \" data-gallery-id=\"9b038245\"><div class=\"sgb-preloader\" id=\"pr_9b038245\">\n\t<div class=\"sgb-square\" style=\"background:#d4d4d4\"><\/div>\n\t<div class=\"sgb-square\" style=\"background:#d4d4d4\"><\/div>\n\t<div class=\"sgb-square\" style=\"background:#d4d4d4\"><\/div>\n\t<div class=\"sgb-square\" style=\"background:#d4d4d4\"><\/div><\/div><div class=\"simply-gallery-amp pgc_sgb_slider \"><noscript><div class=\"sgb-gallery\"><div class=\"sgb-item\"><a href=\"https:\/\/www.cykloromantika.cz\/foto-2021-03-01\/\" target=\"_blank\"><img decoding=\"async\" alt=\"\" width=\"300\" height=\"225\" loading=\"lazy\" src=\"https:\/\/www.cykloromantika.cz\/wp-content\/uploads\/2022\/02\/foto-2021-03-01-300x225.jpg\" srcset=\"https:\/\/www.cykloromantika.cz\/wp-content\/uploads\/2022\/02\/foto-2021-03-01-300x225.jpg 300w,https:\/\/www.cykloromantika.cz\/wp-content\/uploads\/2022\/02\/foto-2021-03-01.jpg 1024w\" sizes=\"auto, 250px\"\/><\/a><div class=\"sgb-item-caption\"><em>Dal\u0161\u00ed je\u0161t\u011b luxusn\u011bj\u0161\u00ed span\u00ed \u2013 p\u0159\u00edst\u0159e\u0161ek na Hrab\u011bc\u00ed stezce<\/em><\/div><\/div><div class=\"sgb-item\"><a href=\"https:\/\/www.cykloromantika.cz\/foto-2021-03-02\/\" target=\"_blank\"><img decoding=\"async\" alt=\"\" width=\"300\" height=\"200\" loading=\"lazy\" src=\"https:\/\/www.cykloromantika.cz\/wp-content\/uploads\/2022\/02\/foto-2021-03-02-300x200.jpg\" srcset=\"https:\/\/www.cykloromantika.cz\/wp-content\/uploads\/2022\/02\/foto-2021-03-02-300x200.jpg 300w,https:\/\/www.cykloromantika.cz\/wp-content\/uploads\/2022\/02\/foto-2021-03-02.jpg 1024w\" sizes=\"auto, 250px\"\/><\/a><div class=\"sgb-item-caption\"><em>Moc se n\u00e1m z pelechu nechce.<\/em><\/div><\/div><div class=\"sgb-item\"><a href=\"https:\/\/www.cykloromantika.cz\/foto-2021-03-03\/\" target=\"_blank\"><img decoding=\"async\" alt=\"\" width=\"300\" height=\"200\" loading=\"lazy\" src=\"https:\/\/www.cykloromantika.cz\/wp-content\/uploads\/2022\/02\/foto-2021-03-03-300x200.jpg\" srcset=\"https:\/\/www.cykloromantika.cz\/wp-content\/uploads\/2022\/02\/foto-2021-03-03-300x200.jpg 300w,https:\/\/www.cykloromantika.cz\/wp-content\/uploads\/2022\/02\/foto-2021-03-03.jpg 1024w\" sizes=\"auto, 250px\"\/><\/a><div class=\"sgb-item-caption\"><em>Nakonec stoup\u00e1me nala\u010dno ke kl\u00e1\u0161teru Hora Matky Bo\u017e\u00ed Hede\u010d.<\/em><\/div><\/div><div class=\"sgb-item\"><a href=\"https:\/\/www.cykloromantika.cz\/foto-2021-03-04\/\" target=\"_blank\"><img decoding=\"async\" alt=\"\" width=\"300\" height=\"200\" loading=\"lazy\" src=\"https:\/\/www.cykloromantika.cz\/wp-content\/uploads\/2022\/02\/foto-2021-03-04-300x200.jpg\" srcset=\"https:\/\/www.cykloromantika.cz\/wp-content\/uploads\/2022\/02\/foto-2021-03-04-300x200.jpg 300w,https:\/\/www.cykloromantika.cz\/wp-content\/uploads\/2022\/02\/foto-2021-03-04.jpg 1024w\" sizes=\"auto, 250px\"\/><\/a><div class=\"sgb-item-caption\"><em>Kl\u00e1\u0161ter Hora Matky Bo\u017e\u00ed Hede\u010d<\/em><\/div><\/div><div class=\"sgb-item\"><a href=\"https:\/\/www.cykloromantika.cz\/foto-2021-03-05\/\" target=\"_blank\"><img decoding=\"async\" alt=\"\" width=\"225\" height=\"300\" loading=\"lazy\" src=\"https:\/\/www.cykloromantika.cz\/wp-content\/uploads\/2022\/02\/foto-2021-03-05-225x300.jpg\" srcset=\"https:\/\/www.cykloromantika.cz\/wp-content\/uploads\/2022\/02\/foto-2021-03-05-225x300.jpg 225w,https:\/\/www.cykloromantika.cz\/wp-content\/uploads\/2022\/02\/foto-2021-03-05.jpg 768w\" sizes=\"auto, 250px\"\/><\/a><div class=\"sgb-item-caption\"><em>Kl\u00e1\u0161ter Hora Matky Bo\u017e\u00ed Hede\u010d<\/em><\/div><\/div><div class=\"sgb-item\"><a href=\"https:\/\/www.cykloromantika.cz\/foto-2021-03-06\/\" target=\"_blank\"><img decoding=\"async\" alt=\"\" width=\"300\" height=\"225\" loading=\"lazy\" src=\"https:\/\/www.cykloromantika.cz\/wp-content\/uploads\/2022\/02\/foto-2021-03-06-300x225.jpg\" srcset=\"https:\/\/www.cykloromantika.cz\/wp-content\/uploads\/2022\/02\/foto-2021-03-06-300x225.jpg 300w,https:\/\/www.cykloromantika.cz\/wp-content\/uploads\/2022\/02\/foto-2021-03-06.jpg 1024w\" sizes=\"auto, 250px\"\/><\/a><div class=\"sgb-item-caption\"><em>V\u00fdhled sm\u011brem na Kr\u00e1l\u00edky<\/em><\/div><\/div><div class=\"sgb-item\"><a href=\"https:\/\/www.cykloromantika.cz\/foto-2021-03-07\/\" target=\"_blank\"><img decoding=\"async\" alt=\"\" width=\"300\" height=\"225\" loading=\"lazy\" src=\"https:\/\/www.cykloromantika.cz\/wp-content\/uploads\/2022\/02\/foto-2021-03-07-300x225.jpg\" srcset=\"https:\/\/www.cykloromantika.cz\/wp-content\/uploads\/2022\/02\/foto-2021-03-07-300x225.jpg 300w,https:\/\/www.cykloromantika.cz\/wp-content\/uploads\/2022\/02\/foto-2021-03-07.jpg 1024w\" sizes=\"auto, 250px\"\/><\/a><div class=\"sgb-item-caption\"><em>V\u00fdhled na masiv Kr\u00e1lick\u00e9ho Sn\u011b\u017en\u00edku<\/em><\/div><\/div><div class=\"sgb-item\"><a href=\"https:\/\/www.cykloromantika.cz\/foto-2021-03-08\/\" target=\"_blank\"><img decoding=\"async\" alt=\"\" width=\"300\" height=\"225\" loading=\"lazy\" src=\"https:\/\/www.cykloromantika.cz\/wp-content\/uploads\/2022\/02\/foto-2021-03-08-300x225.jpg\" srcset=\"https:\/\/www.cykloromantika.cz\/wp-content\/uploads\/2022\/02\/foto-2021-03-08-300x225.jpg 300w,https:\/\/www.cykloromantika.cz\/wp-content\/uploads\/2022\/02\/foto-2021-03-08.jpg 1024w\" sizes=\"auto, 250px\"\/><\/a><div class=\"sgb-item-caption\"><em>V\u00fdhled na Such\u00fd vrch \u2013 n\u00e1\u0161 v\u010derej\u0161\u00ed vrchol<\/em><\/div><\/div><div class=\"sgb-item\"><a href=\"https:\/\/www.cykloromantika.cz\/foto-2021-03-09\/\" target=\"_blank\"><img decoding=\"async\" alt=\"\" width=\"300\" height=\"225\" loading=\"lazy\" src=\"https:\/\/www.cykloromantika.cz\/wp-content\/uploads\/2022\/02\/foto-2021-03-09-300x225.jpg\" srcset=\"https:\/\/www.cykloromantika.cz\/wp-content\/uploads\/2022\/02\/foto-2021-03-09-300x225.jpg 300w,https:\/\/www.cykloromantika.cz\/wp-content\/uploads\/2022\/02\/foto-2021-03-09.jpg 1024w\" sizes=\"auto, 250px\"\/><\/a><div class=\"sgb-item-caption\"><em>B\u011bhem sjezdu do Kr\u00e1l\u00edk\u016f n\u00e1s zaujala vyhl\u00eddka Ryt\u00ed\u0159 Franta.<\/em><\/div><\/div><div class=\"sgb-item\"><a href=\"https:\/\/www.cykloromantika.cz\/foto-2021-03-10\/\" target=\"_blank\"><img decoding=\"async\" alt=\"\" width=\"300\" height=\"225\" loading=\"lazy\" src=\"https:\/\/www.cykloromantika.cz\/wp-content\/uploads\/2022\/02\/foto-2021-03-10-300x225.jpg\" srcset=\"https:\/\/www.cykloromantika.cz\/wp-content\/uploads\/2022\/02\/foto-2021-03-10-300x225.jpg 300w,https:\/\/www.cykloromantika.cz\/wp-content\/uploads\/2022\/02\/foto-2021-03-10.jpg 1024w\" sizes=\"auto, 250px\"\/><\/a><div class=\"sgb-item-caption\"><em>Op\u011bt vydatn\u011b sn\u00edd\u00e1me \u2013 pek\u00e1rna S\u00e1zava na Velk\u00e9m n\u00e1m\u011bst\u00ed v Kr\u00e1l\u00edk\u00e1ch.<\/em><\/div><\/div><div class=\"sgb-item\"><a href=\"https:\/\/www.cykloromantika.cz\/foto-2021-03-11\/\" target=\"_blank\"><img decoding=\"async\" alt=\"\" width=\"300\" height=\"225\" loading=\"lazy\" src=\"https:\/\/www.cykloromantika.cz\/wp-content\/uploads\/2022\/02\/foto-2021-03-11-300x225.jpg\" srcset=\"https:\/\/www.cykloromantika.cz\/wp-content\/uploads\/2022\/02\/foto-2021-03-11-300x225.jpg 300w,https:\/\/www.cykloromantika.cz\/wp-content\/uploads\/2022\/02\/foto-2021-03-11.jpg 1024w\" sizes=\"auto, 250px\"\/><\/a><div class=\"sgb-item-caption\"><em>Op\u011bt vydatn\u011b sn\u00edd\u00e1me \u2013 pek\u00e1rna S\u00e1zava na Velk\u00e9m n\u00e1m\u011bst\u00ed v Kr\u00e1l\u00edk\u00e1ch.<\/em><\/div><\/div><div class=\"sgb-item\"><a href=\"https:\/\/www.cykloromantika.cz\/foto-2021-03-12\/\" target=\"_blank\"><img decoding=\"async\" alt=\"\" width=\"300\" height=\"225\" loading=\"lazy\" src=\"https:\/\/www.cykloromantika.cz\/wp-content\/uploads\/2022\/02\/foto-2021-03-12-300x225.jpg\" srcset=\"https:\/\/www.cykloromantika.cz\/wp-content\/uploads\/2022\/02\/foto-2021-03-12-300x225.jpg 300w,https:\/\/www.cykloromantika.cz\/wp-content\/uploads\/2022\/02\/foto-2021-03-12.jpg 1024w\" sizes=\"auto, 250px\"\/><\/a><div class=\"sgb-item-caption\"><em>Sledujeme okoln\u00ed ruch, tak n\u00e1m nemohlo tato RZ uniknout.<\/em><\/div><\/div><div class=\"sgb-item\"><a href=\"https:\/\/www.cykloromantika.cz\/foto-2021-03-13\/\" target=\"_blank\"><img decoding=\"async\" alt=\"\" width=\"225\" height=\"300\" loading=\"lazy\" src=\"https:\/\/www.cykloromantika.cz\/wp-content\/uploads\/2022\/02\/foto-2021-03-13-225x300.jpg\" srcset=\"https:\/\/www.cykloromantika.cz\/wp-content\/uploads\/2022\/02\/foto-2021-03-13-225x300.jpg 225w,https:\/\/www.cykloromantika.cz\/wp-content\/uploads\/2022\/02\/foto-2021-03-13.jpg 768w\" sizes=\"auto, 250px\"\/><\/a><div class=\"sgb-item-caption\"><em>Historick\u00fd viadukt na star\u00e9 cest\u011b v \u010cerven\u00e9m Potoku<\/em><\/div><\/div><div class=\"sgb-item\"><a href=\"https:\/\/www.cykloromantika.cz\/foto-2021-03-14\/\" target=\"_blank\"><img decoding=\"async\" alt=\"\" width=\"300\" height=\"200\" loading=\"lazy\" src=\"https:\/\/www.cykloromantika.cz\/wp-content\/uploads\/2022\/02\/foto-2021-03-14-300x200.jpg\" srcset=\"https:\/\/www.cykloromantika.cz\/wp-content\/uploads\/2022\/02\/foto-2021-03-14-300x200.jpg 300w,https:\/\/www.cykloromantika.cz\/wp-content\/uploads\/2022\/02\/foto-2021-03-14.jpg 1024w\" sizes=\"auto, 250px\"\/><\/a><div class=\"sgb-item-caption\"><em>P\u0159ij\u00ed\u017ed\u00edme do Doln\u00ed Moravy.<\/em><\/div><\/div><div class=\"sgb-item\"><a href=\"https:\/\/www.cykloromantika.cz\/foto-2021-03-15\/\" target=\"_blank\"><img decoding=\"async\" alt=\"\" width=\"300\" height=\"225\" loading=\"lazy\" src=\"https:\/\/www.cykloromantika.cz\/wp-content\/uploads\/2022\/02\/foto-2021-03-15-300x225.jpg\" srcset=\"https:\/\/www.cykloromantika.cz\/wp-content\/uploads\/2022\/02\/foto-2021-03-15-300x225.jpg 300w,https:\/\/www.cykloromantika.cz\/wp-content\/uploads\/2022\/02\/foto-2021-03-15.jpg 1024w\" sizes=\"auto, 250px\"\/><\/a><div class=\"sgb-item-caption\"><em>Klid\u00edme se turistick\u00e9mu ruchu stranou.<\/em><\/div><\/div><div class=\"sgb-item\"><a href=\"https:\/\/www.cykloromantika.cz\/foto-2021-03-16\/\" target=\"_blank\"><img decoding=\"async\" alt=\"\" width=\"225\" height=\"300\" loading=\"lazy\" src=\"https:\/\/www.cykloromantika.cz\/wp-content\/uploads\/2022\/02\/foto-2021-03-16-225x300.jpg\" srcset=\"https:\/\/www.cykloromantika.cz\/wp-content\/uploads\/2022\/02\/foto-2021-03-16-225x300.jpg 225w,https:\/\/www.cykloromantika.cz\/wp-content\/uploads\/2022\/02\/foto-2021-03-16.jpg 768w\" sizes=\"auto, 250px\"\/><\/a><div class=\"sgb-item-caption\"><em>Stoup\u00e1me na Slam\u011bnku \u2013 rozcest\u00ed Pod Vilem\u00ednkou.<\/em><\/div><\/div><div class=\"sgb-item\"><a href=\"https:\/\/www.cykloromantika.cz\/foto-2021-03-17\/\" target=\"_blank\"><img decoding=\"async\" alt=\"\" width=\"300\" height=\"200\" loading=\"lazy\" src=\"https:\/\/www.cykloromantika.cz\/wp-content\/uploads\/2022\/02\/foto-2021-03-17-300x200.jpg\" srcset=\"https:\/\/www.cykloromantika.cz\/wp-content\/uploads\/2022\/02\/foto-2021-03-17-300x200.jpg 300w,https:\/\/www.cykloromantika.cz\/wp-content\/uploads\/2022\/02\/foto-2021-03-17.jpg 1024w\" sizes=\"auto, 250px\"\/><\/a><div class=\"sgb-item-caption\"><em>P\u0159i stoup\u00e1n\u00ed se m\u016f\u017eeme kochat kr\u00e1sn\u00fdmi v\u00fdhledy \u2013 v pozad\u00ed Sn\u011b\u017en\u00edk.<\/em><\/div><\/div><div class=\"sgb-item\"><a href=\"https:\/\/www.cykloromantika.cz\/foto-2021-03-18\/\" target=\"_blank\"><img decoding=\"async\" alt=\"\" width=\"300\" height=\"200\" loading=\"lazy\" src=\"https:\/\/www.cykloromantika.cz\/wp-content\/uploads\/2022\/02\/foto-2021-03-18-300x200.jpg\" srcset=\"https:\/\/www.cykloromantika.cz\/wp-content\/uploads\/2022\/02\/foto-2021-03-18-300x200.jpg 300w,https:\/\/www.cykloromantika.cz\/wp-content\/uploads\/2022\/02\/foto-2021-03-18.jpg 1024w\" sizes=\"auto, 250px\"\/><\/a><div class=\"sgb-item-caption\"><em>Traverzov\u00e1 cesta se za\u0159ez\u00e1v\u00e1 do masivu Su\u0161iny.<\/em><\/div><\/div><div class=\"sgb-item\"><a href=\"https:\/\/www.cykloromantika.cz\/foto-2021-03-19\/\" target=\"_blank\"><img decoding=\"async\" alt=\"\" width=\"300\" height=\"200\" loading=\"lazy\" src=\"https:\/\/www.cykloromantika.cz\/wp-content\/uploads\/2022\/02\/foto-2021-03-19-300x200.jpg\" srcset=\"https:\/\/www.cykloromantika.cz\/wp-content\/uploads\/2022\/02\/foto-2021-03-19-300x200.jpg 300w,https:\/\/www.cykloromantika.cz\/wp-content\/uploads\/2022\/02\/foto-2021-03-19.jpg 1024w\" sizes=\"auto, 250px\"\/><\/a><div class=\"sgb-item-caption\"><em>Traverzov\u00e1 cesta se za\u0159ez\u00e1v\u00e1 do masivu Su\u0161iny.<\/em><\/div><\/div><div class=\"sgb-item\"><a href=\"https:\/\/www.cykloromantika.cz\/foto-2021-03-20\/\" target=\"_blank\"><img decoding=\"async\" alt=\"\" width=\"300\" height=\"200\" loading=\"lazy\" src=\"https:\/\/www.cykloromantika.cz\/wp-content\/uploads\/2022\/02\/foto-2021-03-20-300x200.jpg\" srcset=\"https:\/\/www.cykloromantika.cz\/wp-content\/uploads\/2022\/02\/foto-2021-03-20-300x200.jpg 300w,https:\/\/www.cykloromantika.cz\/wp-content\/uploads\/2022\/02\/foto-2021-03-20.jpg 1024w\" sizes=\"auto, 250px\"\/><\/a><div class=\"sgb-item-caption\"><em>V\u00fdhled na rozhlednu na Klep\u00e1\u010di a v pozad\u00ed h\u0159eben Such\u00e9ho vrchu<\/em><\/div><\/div><div class=\"sgb-item\"><a href=\"https:\/\/www.cykloromantika.cz\/foto-2021-03-21\/\" target=\"_blank\"><img decoding=\"async\" alt=\"\" width=\"225\" height=\"300\" loading=\"lazy\" src=\"https:\/\/www.cykloromantika.cz\/wp-content\/uploads\/2022\/02\/foto-2021-03-21-225x300.jpg\" srcset=\"https:\/\/www.cykloromantika.cz\/wp-content\/uploads\/2022\/02\/foto-2021-03-21-225x300.jpg 225w,https:\/\/www.cykloromantika.cz\/wp-content\/uploads\/2022\/02\/foto-2021-03-21.jpg 768w\" sizes=\"auto, 250px\"\/><\/a><div class=\"sgb-item-caption\"><em>Sj\u00ed\u017ed\u00edme k chat\u011b Slam\u011bnka.<\/em><\/div><\/div><div class=\"sgb-item\"><a href=\"https:\/\/www.cykloromantika.cz\/foto-2021-03-22\/\" target=\"_blank\"><img decoding=\"async\" alt=\"\" width=\"300\" height=\"200\" loading=\"lazy\" src=\"https:\/\/www.cykloromantika.cz\/wp-content\/uploads\/2022\/02\/foto-2021-03-22-300x200.jpg\" srcset=\"https:\/\/www.cykloromantika.cz\/wp-content\/uploads\/2022\/02\/foto-2021-03-22-300x200.jpg 300w,https:\/\/www.cykloromantika.cz\/wp-content\/uploads\/2022\/02\/foto-2021-03-22.jpg 1024w\" sizes=\"auto, 250px\"\/><\/a><div class=\"sgb-item-caption\"><em>Chata Slam\u011bnka pod Slamn\u00edkem<\/em><\/div><\/div><div class=\"sgb-item\"><a href=\"https:\/\/www.cykloromantika.cz\/foto-2021-03-23\/\" target=\"_blank\"><img decoding=\"async\" alt=\"\" width=\"300\" height=\"200\" loading=\"lazy\" src=\"https:\/\/www.cykloromantika.cz\/wp-content\/uploads\/2022\/02\/foto-2021-03-23-300x200.jpg\" srcset=\"https:\/\/www.cykloromantika.cz\/wp-content\/uploads\/2022\/02\/foto-2021-03-23-300x200.jpg 300w,https:\/\/www.cykloromantika.cz\/wp-content\/uploads\/2022\/02\/foto-2021-03-23.jpg 1024w\" sizes=\"auto, 250px\"\/><\/a><div class=\"sgb-item-caption\"><em>Vrchol resortu Doln\u00ed Morava<\/em><\/div><\/div><div class=\"sgb-item\"><a href=\"https:\/\/www.cykloromantika.cz\/foto-2021-03-24\/\" target=\"_blank\"><img decoding=\"async\" alt=\"\" width=\"300\" height=\"200\" loading=\"lazy\" src=\"https:\/\/www.cykloromantika.cz\/wp-content\/uploads\/2022\/02\/foto-2021-03-24-300x200.jpg\" srcset=\"https:\/\/www.cykloromantika.cz\/wp-content\/uploads\/2022\/02\/foto-2021-03-24-300x200.jpg 300w,https:\/\/www.cykloromantika.cz\/wp-content\/uploads\/2022\/02\/foto-2021-03-24.jpg 1024w\" sizes=\"auto, 250px\"\/><\/a><div class=\"sgb-item-caption\"><em>V\u00fdhled z Jasan\u00ed na Jesen\u00edky v\u010detn\u011b Prad\u011bdu<\/em><\/div><\/div><div class=\"sgb-item\"><a href=\"https:\/\/www.cykloromantika.cz\/foto-2021-03-25\/\" target=\"_blank\"><img decoding=\"async\" alt=\"\" width=\"225\" height=\"300\" loading=\"lazy\" src=\"https:\/\/www.cykloromantika.cz\/wp-content\/uploads\/2022\/02\/foto-2021-03-25-225x300.jpg\" srcset=\"https:\/\/www.cykloromantika.cz\/wp-content\/uploads\/2022\/02\/foto-2021-03-25-225x300.jpg 225w,https:\/\/www.cykloromantika.cz\/wp-content\/uploads\/2022\/02\/foto-2021-03-25.jpg 768w\" sizes=\"auto, 250px\"\/><\/a><div class=\"sgb-item-caption\"><em>\u00dato\u010di\u0161t\u011b p\u0159ed bou\u0159kou v Hosp\u016fdce U Vleku v Hyn\u010dici pod Su\u0161inou<\/em><\/div><\/div><div class=\"sgb-item\"><a href=\"https:\/\/www.cykloromantika.cz\/foto-2021-03-26\/\" target=\"_blank\"><img decoding=\"async\" alt=\"\" width=\"300\" height=\"225\" loading=\"lazy\" src=\"https:\/\/www.cykloromantika.cz\/wp-content\/uploads\/2022\/02\/foto-2021-03-26-300x225.jpg\" srcset=\"https:\/\/www.cykloromantika.cz\/wp-content\/uploads\/2022\/02\/foto-2021-03-26-300x225.jpg 300w,https:\/\/www.cykloromantika.cz\/wp-content\/uploads\/2022\/02\/foto-2021-03-26.jpg 1024w\" sizes=\"auto, 250px\"\/><\/a><div class=\"sgb-item-caption\"><em>Spokojenost a soun\u00e1le\u017eitost p\u0159i uspokojov\u00e1n\u00ed z\u00e1kladn\u00edch pot\u0159eb (j\u00eddlo, pit\u00ed, teplo)<\/em><\/div><\/div><div class=\"sgb-item\"><a href=\"https:\/\/www.cykloromantika.cz\/foto-2021-03-27\/\" target=\"_blank\"><img decoding=\"async\" alt=\"\" width=\"300\" height=\"225\" loading=\"lazy\" src=\"https:\/\/www.cykloromantika.cz\/wp-content\/uploads\/2022\/02\/foto-2021-03-27-300x225.jpg\" srcset=\"https:\/\/www.cykloromantika.cz\/wp-content\/uploads\/2022\/02\/foto-2021-03-27-300x225.jpg 300w,https:\/\/www.cykloromantika.cz\/wp-content\/uploads\/2022\/02\/foto-2021-03-27.jpg 1024w\" sizes=\"auto, 250px\"\/><\/a><div class=\"sgb-item-caption\"><em>Petra n\u00e1m ud\u011blala, co na o\u010d\u00edch n\u00e1m vid\u011bla. D\u011bkujeme!<\/em><\/div><\/div><div class=\"sgb-item\"><a href=\"https:\/\/www.cykloromantika.cz\/foto-2021-03-28\/\" target=\"_blank\"><img decoding=\"async\" alt=\"\" width=\"225\" height=\"300\" loading=\"lazy\" src=\"https:\/\/www.cykloromantika.cz\/wp-content\/uploads\/2022\/02\/foto-2021-03-28-225x300.jpg\" srcset=\"https:\/\/www.cykloromantika.cz\/wp-content\/uploads\/2022\/02\/foto-2021-03-28-225x300.jpg 225w,https:\/\/www.cykloromantika.cz\/wp-content\/uploads\/2022\/02\/foto-2021-03-28.jpg 768w\" sizes=\"auto, 250px\"\/><\/a><div class=\"sgb-item-caption\"><em>Du\u0161\u00edk napojen na p\u0159\u00edstroje \"holbuje\".<\/em><\/div><\/div><\/div><\/noscript><\/div><script type=\"application\/json\" class=\"sgb-data\">{\"lastRowFill\":true,\"collectionThumbRecomendedHeight\":300,\"collectionThumbMiniScreenScale\":true,\"captionHAlign\":\"bottom\",\"collectionthumbHoverTitleFontSize\":12,\"collectionthumbRoundedCorners\":8,\"collectionthumbHoverTitleTextBgColor\":\"rgba(0,0,0,0.44)\",\"collectionThumbSubMenuShare\":false,\"galleryType\":\"pgc_sgb_justified\",\"galleryId\":\"9b038245\",\"galleryQuery\":null,\"images\":[{\"id\":4160,\"title\":\"Foto 2021 03 01\",\"url\":\"https:\/\/www.cykloromantika.cz\/wp-content\/uploads\/2022\/02\/foto-2021-03-01.jpg\",\"link\":\"https:\/\/www.cykloromantika.cz\/foto-2021-03-01\/\",\"alt\":\"\",\"description\":\"\",\"caption\":\"Dal\u0161\u00ed je\u0161t\u011b luxusn\u011bj\u0161\u00ed span\u00ed \u2013 p\u0159\u00edst\u0159e\u0161ek na Hrab\u011bc\u00ed stezce\",\"mime\":\"image\/jpeg\",\"type\":\"image\",\"width\":1024,\"height\":768,\"sizes\":{\"thumbnail\":{\"height\":113,\"width\":150,\"url\":\"https:\/\/www.cykloromantika.cz\/wp-content\/uploads\/2022\/02\/foto-2021-03-01-150x113.jpg\",\"orientation\":\"landscape\"},\"medium\":{\"height\":225,\"width\":300,\"url\":\"https:\/\/www.cykloromantika.cz\/wp-content\/uploads\/2022\/02\/foto-2021-03-01-300x225.jpg\",\"orientation\":\"landscape\"},\"full\":{\"url\":\"https:\/\/www.cykloromantika.cz\/wp-content\/uploads\/2022\/02\/foto-2021-03-01.jpg\",\"height\":768,\"width\":1024,\"orientation\":\"landscape\"}},\"meta\":false,\"postlink\":\"https:\/\/www.cykloromantika.cz\/foto-2021-03-01\/\"},{\"id\":4161,\"title\":\"Foto 2021 03 02\",\"url\":\"https:\/\/www.cykloromantika.cz\/wp-content\/uploads\/2022\/02\/foto-2021-03-02.jpg\",\"link\":\"https:\/\/www.cykloromantika.cz\/foto-2021-03-02\/\",\"alt\":\"\",\"description\":\"\",\"caption\":\"Moc se n\u00e1m z pelechu nechce.\",\"mime\":\"image\/jpeg\",\"type\":\"image\",\"width\":1024,\"height\":683,\"sizes\":{\"thumbnail\":{\"height\":100,\"width\":150,\"url\":\"https:\/\/www.cykloromantika.cz\/wp-content\/uploads\/2022\/02\/foto-2021-03-02-150x100.jpg\",\"orientation\":\"landscape\"},\"medium\":{\"height\":200,\"width\":300,\"url\":\"https:\/\/www.cykloromantika.cz\/wp-content\/uploads\/2022\/02\/foto-2021-03-02-300x200.jpg\",\"orientation\":\"landscape\"},\"full\":{\"url\":\"https:\/\/www.cykloromantika.cz\/wp-content\/uploads\/2022\/02\/foto-2021-03-02.jpg\",\"height\":683,\"width\":1024,\"orientation\":\"landscape\"}},\"meta\":false,\"postlink\":\"https:\/\/www.cykloromantika.cz\/foto-2021-03-02\/\"},{\"id\":4162,\"title\":\"Foto 2021 03 03\",\"url\":\"https:\/\/www.cykloromantika.cz\/wp-content\/uploads\/2022\/02\/foto-2021-03-03.jpg\",\"link\":\"https:\/\/www.cykloromantika.cz\/foto-2021-03-03\/\",\"alt\":\"\",\"description\":\"\",\"caption\":\"Nakonec stoup\u00e1me nala\u010dno ke kl\u00e1\u0161teru Hora Matky Bo\u017e\u00ed Hede\u010d.\",\"mime\":\"image\/jpeg\",\"type\":\"image\",\"width\":1024,\"height\":683,\"sizes\":{\"thumbnail\":{\"height\":100,\"width\":150,\"url\":\"https:\/\/www.cykloromantika.cz\/wp-content\/uploads\/2022\/02\/foto-2021-03-03-150x100.jpg\",\"orientation\":\"landscape\"},\"medium\":{\"height\":200,\"width\":300,\"url\":\"https:\/\/www.cykloromantika.cz\/wp-content\/uploads\/2022\/02\/foto-2021-03-03-300x200.jpg\",\"orientation\":\"landscape\"},\"full\":{\"url\":\"https:\/\/www.cykloromantika.cz\/wp-content\/uploads\/2022\/02\/foto-2021-03-03.jpg\",\"height\":683,\"width\":1024,\"orientation\":\"landscape\"}},\"meta\":false,\"postlink\":\"https:\/\/www.cykloromantika.cz\/foto-2021-03-03\/\"},{\"id\":4163,\"title\":\"Foto 2021 03 04\",\"url\":\"https:\/\/www.cykloromantika.cz\/wp-content\/uploads\/2022\/02\/foto-2021-03-04.jpg\",\"link\":\"https:\/\/www.cykloromantika.cz\/foto-2021-03-04\/\",\"alt\":\"\",\"description\":\"\",\"caption\":\"Kl\u00e1\u0161ter Hora Matky Bo\u017e\u00ed Hede\u010d\",\"mime\":\"image\/jpeg\",\"type\":\"image\",\"width\":1024,\"height\":683,\"sizes\":{\"thumbnail\":{\"height\":100,\"width\":150,\"url\":\"https:\/\/www.cykloromantika.cz\/wp-content\/uploads\/2022\/02\/foto-2021-03-04-150x100.jpg\",\"orientation\":\"landscape\"},\"medium\":{\"height\":200,\"width\":300,\"url\":\"https:\/\/www.cykloromantika.cz\/wp-content\/uploads\/2022\/02\/foto-2021-03-04-300x200.jpg\",\"orientation\":\"landscape\"},\"full\":{\"url\":\"https:\/\/www.cykloromantika.cz\/wp-content\/uploads\/2022\/02\/foto-2021-03-04.jpg\",\"height\":683,\"width\":1024,\"orientation\":\"landscape\"}},\"meta\":false,\"postlink\":\"https:\/\/www.cykloromantika.cz\/foto-2021-03-04\/\"},{\"id\":4164,\"title\":\"Foto 2021 03 05\",\"url\":\"https:\/\/www.cykloromantika.cz\/wp-content\/uploads\/2022\/02\/foto-2021-03-05.jpg\",\"link\":\"https:\/\/www.cykloromantika.cz\/foto-2021-03-05\/\",\"alt\":\"\",\"description\":\"\",\"caption\":\"Kl\u00e1\u0161ter Hora Matky Bo\u017e\u00ed Hede\u010d\",\"mime\":\"image\/jpeg\",\"type\":\"image\",\"width\":768,\"height\":1024,\"sizes\":{\"thumbnail\":{\"height\":150,\"width\":113,\"url\":\"https:\/\/www.cykloromantika.cz\/wp-content\/uploads\/2022\/02\/foto-2021-03-05-113x150.jpg\",\"orientation\":\"portrait\"},\"medium\":{\"height\":300,\"width\":225,\"url\":\"https:\/\/www.cykloromantika.cz\/wp-content\/uploads\/2022\/02\/foto-2021-03-05-225x300.jpg\",\"orientation\":\"portrait\"},\"full\":{\"url\":\"https:\/\/www.cykloromantika.cz\/wp-content\/uploads\/2022\/02\/foto-2021-03-05.jpg\",\"height\":1024,\"width\":768,\"orientation\":\"portrait\"}},\"meta\":false,\"postlink\":\"https:\/\/www.cykloromantika.cz\/foto-2021-03-05\/\"},{\"id\":4165,\"title\":\"Foto 2021 03 06\",\"url\":\"https:\/\/www.cykloromantika.cz\/wp-content\/uploads\/2022\/02\/foto-2021-03-06.jpg\",\"link\":\"https:\/\/www.cykloromantika.cz\/foto-2021-03-06\/\",\"alt\":\"\",\"description\":\"\",\"caption\":\"V\u00fdhled sm\u011brem na Kr\u00e1l\u00edky\",\"mime\":\"image\/jpeg\",\"type\":\"image\",\"width\":1024,\"height\":768,\"sizes\":{\"thumbnail\":{\"height\":113,\"width\":150,\"url\":\"https:\/\/www.cykloromantika.cz\/wp-content\/uploads\/2022\/02\/foto-2021-03-06-150x113.jpg\",\"orientation\":\"landscape\"},\"medium\":{\"height\":225,\"width\":300,\"url\":\"https:\/\/www.cykloromantika.cz\/wp-content\/uploads\/2022\/02\/foto-2021-03-06-300x225.jpg\",\"orientation\":\"landscape\"},\"full\":{\"url\":\"https:\/\/www.cykloromantika.cz\/wp-content\/uploads\/2022\/02\/foto-2021-03-06.jpg\",\"height\":768,\"width\":1024,\"orientation\":\"landscape\"}},\"meta\":false,\"postlink\":\"https:\/\/www.cykloromantika.cz\/foto-2021-03-06\/\"},{\"id\":4166,\"title\":\"Foto 2021 03 07\",\"url\":\"https:\/\/www.cykloromantika.cz\/wp-content\/uploads\/2022\/02\/foto-2021-03-07.jpg\",\"link\":\"https:\/\/www.cykloromantika.cz\/foto-2021-03-07\/\",\"alt\":\"\",\"description\":\"\",\"caption\":\"V\u00fdhled na masiv Kr\u00e1lick\u00e9ho Sn\u011b\u017en\u00edku\",\"mime\":\"image\/jpeg\",\"type\":\"image\",\"width\":1024,\"height\":768,\"sizes\":{\"thumbnail\":{\"height\":113,\"width\":150,\"url\":\"https:\/\/www.cykloromantika.cz\/wp-content\/uploads\/2022\/02\/foto-2021-03-07-150x113.jpg\",\"orientation\":\"landscape\"},\"medium\":{\"height\":225,\"width\":300,\"url\":\"https:\/\/www.cykloromantika.cz\/wp-content\/uploads\/2022\/02\/foto-2021-03-07-300x225.jpg\",\"orientation\":\"landscape\"},\"full\":{\"url\":\"https:\/\/www.cykloromantika.cz\/wp-content\/uploads\/2022\/02\/foto-2021-03-07.jpg\",\"height\":768,\"width\":1024,\"orientation\":\"landscape\"}},\"meta\":false,\"postlink\":\"https:\/\/www.cykloromantika.cz\/foto-2021-03-07\/\"},{\"id\":4167,\"title\":\"Foto 2021 03 08\",\"url\":\"https:\/\/www.cykloromantika.cz\/wp-content\/uploads\/2022\/02\/foto-2021-03-08.jpg\",\"link\":\"https:\/\/www.cykloromantika.cz\/foto-2021-03-08\/\",\"alt\":\"\",\"description\":\"\",\"caption\":\"V\u00fdhled na Such\u00fd vrch \u2013 n\u00e1\u0161 v\u010derej\u0161\u00ed vrchol\",\"mime\":\"image\/jpeg\",\"type\":\"image\",\"width\":1024,\"height\":768,\"sizes\":{\"thumbnail\":{\"height\":113,\"width\":150,\"url\":\"https:\/\/www.cykloromantika.cz\/wp-content\/uploads\/2022\/02\/foto-2021-03-08-150x113.jpg\",\"orientation\":\"landscape\"},\"medium\":{\"height\":225,\"width\":300,\"url\":\"https:\/\/www.cykloromantika.cz\/wp-content\/uploads\/2022\/02\/foto-2021-03-08-300x225.jpg\",\"orientation\":\"landscape\"},\"full\":{\"url\":\"https:\/\/www.cykloromantika.cz\/wp-content\/uploads\/2022\/02\/foto-2021-03-08.jpg\",\"height\":768,\"width\":1024,\"orientation\":\"landscape\"}},\"meta\":false,\"postlink\":\"https:\/\/www.cykloromantika.cz\/foto-2021-03-08\/\"},{\"id\":4169,\"title\":\"Foto 2021 03 09\",\"url\":\"https:\/\/www.cykloromantika.cz\/wp-content\/uploads\/2022\/02\/foto-2021-03-09.jpg\",\"link\":\"https:\/\/www.cykloromantika.cz\/foto-2021-03-09\/\",\"alt\":\"\",\"description\":\"\",\"caption\":\"B\u011bhem sjezdu do Kr\u00e1l\u00edk\u016f n\u00e1s zaujala vyhl\u00eddka Ryt\u00ed\u0159 Franta.\",\"mime\":\"image\/jpeg\",\"type\":\"image\",\"width\":1024,\"height\":768,\"sizes\":{\"thumbnail\":{\"height\":113,\"width\":150,\"url\":\"https:\/\/www.cykloromantika.cz\/wp-content\/uploads\/2022\/02\/foto-2021-03-09-150x113.jpg\",\"orientation\":\"landscape\"},\"medium\":{\"height\":225,\"width\":300,\"url\":\"https:\/\/www.cykloromantika.cz\/wp-content\/uploads\/2022\/02\/foto-2021-03-09-300x225.jpg\",\"orientation\":\"landscape\"},\"full\":{\"url\":\"https:\/\/www.cykloromantika.cz\/wp-content\/uploads\/2022\/02\/foto-2021-03-09.jpg\",\"height\":768,\"width\":1024,\"orientation\":\"landscape\"}},\"meta\":false,\"postlink\":\"https:\/\/www.cykloromantika.cz\/foto-2021-03-09\/\"},{\"id\":4170,\"title\":\"Foto 2021 03 10\",\"url\":\"https:\/\/www.cykloromantika.cz\/wp-content\/uploads\/2022\/02\/foto-2021-03-10.jpg\",\"link\":\"https:\/\/www.cykloromantika.cz\/foto-2021-03-10\/\",\"alt\":\"\",\"description\":\"\",\"caption\":\"Op\u011bt vydatn\u011b sn\u00edd\u00e1me \u2013 pek\u00e1rna S\u00e1zava na Velk\u00e9m n\u00e1m\u011bst\u00ed v Kr\u00e1l\u00edk\u00e1ch.\",\"mime\":\"image\/jpeg\",\"type\":\"image\",\"width\":1024,\"height\":768,\"sizes\":{\"thumbnail\":{\"height\":113,\"width\":150,\"url\":\"https:\/\/www.cykloromantika.cz\/wp-content\/uploads\/2022\/02\/foto-2021-03-10-150x113.jpg\",\"orientation\":\"landscape\"},\"medium\":{\"height\":225,\"width\":300,\"url\":\"https:\/\/www.cykloromantika.cz\/wp-content\/uploads\/2022\/02\/foto-2021-03-10-300x225.jpg\",\"orientation\":\"landscape\"},\"full\":{\"url\":\"https:\/\/www.cykloromantika.cz\/wp-content\/uploads\/2022\/02\/foto-2021-03-10.jpg\",\"height\":768,\"width\":1024,\"orientation\":\"landscape\"}},\"meta\":false,\"postlink\":\"https:\/\/www.cykloromantika.cz\/foto-2021-03-10\/\"},{\"id\":4171,\"title\":\"Foto 2021 03 11\",\"url\":\"https:\/\/www.cykloromantika.cz\/wp-content\/uploads\/2022\/02\/foto-2021-03-11.jpg\",\"link\":\"https:\/\/www.cykloromantika.cz\/foto-2021-03-11\/\",\"alt\":\"\",\"description\":\"\",\"caption\":\"Op\u011bt vydatn\u011b sn\u00edd\u00e1me \u2013 pek\u00e1rna S\u00e1zava na Velk\u00e9m n\u00e1m\u011bst\u00ed v Kr\u00e1l\u00edk\u00e1ch.\",\"mime\":\"image\/jpeg\",\"type\":\"image\",\"width\":1024,\"height\":768,\"sizes\":{\"thumbnail\":{\"height\":113,\"width\":150,\"url\":\"https:\/\/www.cykloromantika.cz\/wp-content\/uploads\/2022\/02\/foto-2021-03-11-150x113.jpg\",\"orientation\":\"landscape\"},\"medium\":{\"height\":225,\"width\":300,\"url\":\"https:\/\/www.cykloromantika.cz\/wp-content\/uploads\/2022\/02\/foto-2021-03-11-300x225.jpg\",\"orientation\":\"landscape\"},\"full\":{\"url\":\"https:\/\/www.cykloromantika.cz\/wp-content\/uploads\/2022\/02\/foto-2021-03-11.jpg\",\"height\":768,\"width\":1024,\"orientation\":\"landscape\"}},\"meta\":false,\"postlink\":\"https:\/\/www.cykloromantika.cz\/foto-2021-03-11\/\"},{\"id\":4172,\"title\":\"Foto 2021 03 12\",\"url\":\"https:\/\/www.cykloromantika.cz\/wp-content\/uploads\/2022\/02\/foto-2021-03-12.jpg\",\"link\":\"https:\/\/www.cykloromantika.cz\/foto-2021-03-12\/\",\"alt\":\"\",\"description\":\"\",\"caption\":\"Sledujeme okoln\u00ed ruch, tak n\u00e1m nemohlo tato RZ uniknout.\",\"mime\":\"image\/jpeg\",\"type\":\"image\",\"width\":1024,\"height\":768,\"sizes\":{\"thumbnail\":{\"height\":113,\"width\":150,\"url\":\"https:\/\/www.cykloromantika.cz\/wp-content\/uploads\/2022\/02\/foto-2021-03-12-150x113.jpg\",\"orientation\":\"landscape\"},\"medium\":{\"height\":225,\"width\":300,\"url\":\"https:\/\/www.cykloromantika.cz\/wp-content\/uploads\/2022\/02\/foto-2021-03-12-300x225.jpg\",\"orientation\":\"landscape\"},\"full\":{\"url\":\"https:\/\/www.cykloromantika.cz\/wp-content\/uploads\/2022\/02\/foto-2021-03-12.jpg\",\"height\":768,\"width\":1024,\"orientation\":\"landscape\"}},\"meta\":false,\"postlink\":\"https:\/\/www.cykloromantika.cz\/foto-2021-03-12\/\"},{\"id\":4173,\"title\":\"Foto 2021 03 13\",\"url\":\"https:\/\/www.cykloromantika.cz\/wp-content\/uploads\/2022\/02\/foto-2021-03-13.jpg\",\"link\":\"https:\/\/www.cykloromantika.cz\/foto-2021-03-13\/\",\"alt\":\"\",\"description\":\"\",\"caption\":\"Historick\u00fd viadukt na star\u00e9 cest\u011b v \u010cerven\u00e9m Potoku\",\"mime\":\"image\/jpeg\",\"type\":\"image\",\"width\":768,\"height\":1024,\"sizes\":{\"thumbnail\":{\"height\":150,\"width\":113,\"url\":\"https:\/\/www.cykloromantika.cz\/wp-content\/uploads\/2022\/02\/foto-2021-03-13-113x150.jpg\",\"orientation\":\"portrait\"},\"medium\":{\"height\":300,\"width\":225,\"url\":\"https:\/\/www.cykloromantika.cz\/wp-content\/uploads\/2022\/02\/foto-2021-03-13-225x300.jpg\",\"orientation\":\"portrait\"},\"full\":{\"url\":\"https:\/\/www.cykloromantika.cz\/wp-content\/uploads\/2022\/02\/foto-2021-03-13.jpg\",\"height\":1024,\"width\":768,\"orientation\":\"portrait\"}},\"meta\":false,\"postlink\":\"https:\/\/www.cykloromantika.cz\/foto-2021-03-13\/\"},{\"id\":4174,\"title\":\"Foto 2021 03 14\",\"url\":\"https:\/\/www.cykloromantika.cz\/wp-content\/uploads\/2022\/02\/foto-2021-03-14.jpg\",\"link\":\"https:\/\/www.cykloromantika.cz\/foto-2021-03-14\/\",\"alt\":\"\",\"description\":\"\",\"caption\":\"P\u0159ij\u00ed\u017ed\u00edme do Doln\u00ed Moravy.\",\"mime\":\"image\/jpeg\",\"type\":\"image\",\"width\":1024,\"height\":682,\"sizes\":{\"thumbnail\":{\"height\":100,\"width\":150,\"url\":\"https:\/\/www.cykloromantika.cz\/wp-content\/uploads\/2022\/02\/foto-2021-03-14-150x100.jpg\",\"orientation\":\"landscape\"},\"medium\":{\"height\":200,\"width\":300,\"url\":\"https:\/\/www.cykloromantika.cz\/wp-content\/uploads\/2022\/02\/foto-2021-03-14-300x200.jpg\",\"orientation\":\"landscape\"},\"full\":{\"url\":\"https:\/\/www.cykloromantika.cz\/wp-content\/uploads\/2022\/02\/foto-2021-03-14.jpg\",\"height\":682,\"width\":1024,\"orientation\":\"landscape\"}},\"meta\":false,\"postlink\":\"https:\/\/www.cykloromantika.cz\/foto-2021-03-14\/\"},{\"id\":4175,\"title\":\"Foto 2021 03 15\",\"url\":\"https:\/\/www.cykloromantika.cz\/wp-content\/uploads\/2022\/02\/foto-2021-03-15.jpg\",\"link\":\"https:\/\/www.cykloromantika.cz\/foto-2021-03-15\/\",\"alt\":\"\",\"description\":\"\",\"caption\":\"Klid\u00edme se turistick\u00e9mu ruchu stranou.\",\"mime\":\"image\/jpeg\",\"type\":\"image\",\"width\":1024,\"height\":768,\"sizes\":{\"thumbnail\":{\"height\":113,\"width\":150,\"url\":\"https:\/\/www.cykloromantika.cz\/wp-content\/uploads\/2022\/02\/foto-2021-03-15-150x113.jpg\",\"orientation\":\"landscape\"},\"medium\":{\"height\":225,\"width\":300,\"url\":\"https:\/\/www.cykloromantika.cz\/wp-content\/uploads\/2022\/02\/foto-2021-03-15-300x225.jpg\",\"orientation\":\"landscape\"},\"full\":{\"url\":\"https:\/\/www.cykloromantika.cz\/wp-content\/uploads\/2022\/02\/foto-2021-03-15.jpg\",\"height\":768,\"width\":1024,\"orientation\":\"landscape\"}},\"meta\":false,\"postlink\":\"https:\/\/www.cykloromantika.cz\/foto-2021-03-15\/\"},{\"id\":4176,\"title\":\"Foto 2021 03 16\",\"url\":\"https:\/\/www.cykloromantika.cz\/wp-content\/uploads\/2022\/02\/foto-2021-03-16.jpg\",\"link\":\"https:\/\/www.cykloromantika.cz\/foto-2021-03-16\/\",\"alt\":\"\",\"description\":\"\",\"caption\":\"Stoup\u00e1me na Slam\u011bnku \u2013 rozcest\u00ed Pod Vilem\u00ednkou.\",\"mime\":\"image\/jpeg\",\"type\":\"image\",\"width\":768,\"height\":1024,\"sizes\":{\"thumbnail\":{\"height\":150,\"width\":113,\"url\":\"https:\/\/www.cykloromantika.cz\/wp-content\/uploads\/2022\/02\/foto-2021-03-16-113x150.jpg\",\"orientation\":\"portrait\"},\"medium\":{\"height\":300,\"width\":225,\"url\":\"https:\/\/www.cykloromantika.cz\/wp-content\/uploads\/2022\/02\/foto-2021-03-16-225x300.jpg\",\"orientation\":\"portrait\"},\"full\":{\"url\":\"https:\/\/www.cykloromantika.cz\/wp-content\/uploads\/2022\/02\/foto-2021-03-16.jpg\",\"height\":1024,\"width\":768,\"orientation\":\"portrait\"}},\"meta\":false,\"postlink\":\"https:\/\/www.cykloromantika.cz\/foto-2021-03-16\/\"},{\"id\":4177,\"title\":\"Foto 2021 03 17\",\"url\":\"https:\/\/www.cykloromantika.cz\/wp-content\/uploads\/2022\/02\/foto-2021-03-17.jpg\",\"link\":\"https:\/\/www.cykloromantika.cz\/foto-2021-03-17\/\",\"alt\":\"\",\"description\":\"\",\"caption\":\"P\u0159i stoup\u00e1n\u00ed se m\u016f\u017eeme kochat kr\u00e1sn\u00fdmi v\u00fdhledy \u2013 v pozad\u00ed Sn\u011b\u017en\u00edk.\",\"mime\":\"image\/jpeg\",\"type\":\"image\",\"width\":1024,\"height\":683,\"sizes\":{\"thumbnail\":{\"height\":100,\"width\":150,\"url\":\"https:\/\/www.cykloromantika.cz\/wp-content\/uploads\/2022\/02\/foto-2021-03-17-150x100.jpg\",\"orientation\":\"landscape\"},\"medium\":{\"height\":200,\"width\":300,\"url\":\"https:\/\/www.cykloromantika.cz\/wp-content\/uploads\/2022\/02\/foto-2021-03-17-300x200.jpg\",\"orientation\":\"landscape\"},\"full\":{\"url\":\"https:\/\/www.cykloromantika.cz\/wp-content\/uploads\/2022\/02\/foto-2021-03-17.jpg\",\"height\":683,\"width\":1024,\"orientation\":\"landscape\"}},\"meta\":false,\"postlink\":\"https:\/\/www.cykloromantika.cz\/foto-2021-03-17\/\"},{\"id\":4178,\"title\":\"Foto 2021 03 18\",\"url\":\"https:\/\/www.cykloromantika.cz\/wp-content\/uploads\/2022\/02\/foto-2021-03-18.jpg\",\"link\":\"https:\/\/www.cykloromantika.cz\/foto-2021-03-18\/\",\"alt\":\"\",\"description\":\"\",\"caption\":\"Traverzov\u00e1 cesta se za\u0159ez\u00e1v\u00e1 do masivu Su\u0161iny.\",\"mime\":\"image\/jpeg\",\"type\":\"image\",\"width\":1024,\"height\":683,\"sizes\":{\"thumbnail\":{\"height\":100,\"width\":150,\"url\":\"https:\/\/www.cykloromantika.cz\/wp-content\/uploads\/2022\/02\/foto-2021-03-18-150x100.jpg\",\"orientation\":\"landscape\"},\"medium\":{\"height\":200,\"width\":300,\"url\":\"https:\/\/www.cykloromantika.cz\/wp-content\/uploads\/2022\/02\/foto-2021-03-18-300x200.jpg\",\"orientation\":\"landscape\"},\"full\":{\"url\":\"https:\/\/www.cykloromantika.cz\/wp-content\/uploads\/2022\/02\/foto-2021-03-18.jpg\",\"height\":683,\"width\":1024,\"orientation\":\"landscape\"}},\"meta\":false,\"postlink\":\"https:\/\/www.cykloromantika.cz\/foto-2021-03-18\/\"},{\"id\":4179,\"title\":\"Foto 2021 03 19\",\"url\":\"https:\/\/www.cykloromantika.cz\/wp-content\/uploads\/2022\/02\/foto-2021-03-19.jpg\",\"link\":\"https:\/\/www.cykloromantika.cz\/foto-2021-03-19\/\",\"alt\":\"\",\"description\":\"\",\"caption\":\"Traverzov\u00e1 cesta se za\u0159ez\u00e1v\u00e1 do masivu Su\u0161iny.\",\"mime\":\"image\/jpeg\",\"type\":\"image\",\"width\":1024,\"height\":683,\"sizes\":{\"thumbnail\":{\"height\":100,\"width\":150,\"url\":\"https:\/\/www.cykloromantika.cz\/wp-content\/uploads\/2022\/02\/foto-2021-03-19-150x100.jpg\",\"orientation\":\"landscape\"},\"medium\":{\"height\":200,\"width\":300,\"url\":\"https:\/\/www.cykloromantika.cz\/wp-content\/uploads\/2022\/02\/foto-2021-03-19-300x200.jpg\",\"orientation\":\"landscape\"},\"full\":{\"url\":\"https:\/\/www.cykloromantika.cz\/wp-content\/uploads\/2022\/02\/foto-2021-03-19.jpg\",\"height\":683,\"width\":1024,\"orientation\":\"landscape\"}},\"meta\":false,\"postlink\":\"https:\/\/www.cykloromantika.cz\/foto-2021-03-19\/\"},{\"id\":4180,\"title\":\"Foto 2021 03 20\",\"url\":\"https:\/\/www.cykloromantika.cz\/wp-content\/uploads\/2022\/02\/foto-2021-03-20.jpg\",\"link\":\"https:\/\/www.cykloromantika.cz\/foto-2021-03-20\/\",\"alt\":\"\",\"description\":\"\",\"caption\":\"V\u00fdhled na rozhlednu na Klep\u00e1\u010di a v pozad\u00ed h\u0159eben Such\u00e9ho vrchu\",\"mime\":\"image\/jpeg\",\"type\":\"image\",\"width\":1024,\"height\":683,\"sizes\":{\"thumbnail\":{\"height\":100,\"width\":150,\"url\":\"https:\/\/www.cykloromantika.cz\/wp-content\/uploads\/2022\/02\/foto-2021-03-20-150x100.jpg\",\"orientation\":\"landscape\"},\"medium\":{\"height\":200,\"width\":300,\"url\":\"https:\/\/www.cykloromantika.cz\/wp-content\/uploads\/2022\/02\/foto-2021-03-20-300x200.jpg\",\"orientation\":\"landscape\"},\"full\":{\"url\":\"https:\/\/www.cykloromantika.cz\/wp-content\/uploads\/2022\/02\/foto-2021-03-20.jpg\",\"height\":683,\"width\":1024,\"orientation\":\"landscape\"}},\"meta\":false,\"postlink\":\"https:\/\/www.cykloromantika.cz\/foto-2021-03-20\/\"},{\"id\":4181,\"title\":\"Foto 2021 03 21\",\"url\":\"https:\/\/www.cykloromantika.cz\/wp-content\/uploads\/2022\/02\/foto-2021-03-21.jpg\",\"link\":\"https:\/\/www.cykloromantika.cz\/foto-2021-03-21\/\",\"alt\":\"\",\"description\":\"\",\"caption\":\"Sj\u00ed\u017ed\u00edme k chat\u011b Slam\u011bnka.\",\"mime\":\"image\/jpeg\",\"type\":\"image\",\"width\":768,\"height\":1024,\"sizes\":{\"thumbnail\":{\"height\":150,\"width\":113,\"url\":\"https:\/\/www.cykloromantika.cz\/wp-content\/uploads\/2022\/02\/foto-2021-03-21-113x150.jpg\",\"orientation\":\"portrait\"},\"medium\":{\"height\":300,\"width\":225,\"url\":\"https:\/\/www.cykloromantika.cz\/wp-content\/uploads\/2022\/02\/foto-2021-03-21-225x300.jpg\",\"orientation\":\"portrait\"},\"full\":{\"url\":\"https:\/\/www.cykloromantika.cz\/wp-content\/uploads\/2022\/02\/foto-2021-03-21.jpg\",\"height\":1024,\"width\":768,\"orientation\":\"portrait\"}},\"meta\":false,\"postlink\":\"https:\/\/www.cykloromantika.cz\/foto-2021-03-21\/\"},{\"id\":4182,\"title\":\"Foto 2021 03 22\",\"url\":\"https:\/\/www.cykloromantika.cz\/wp-content\/uploads\/2022\/02\/foto-2021-03-22.jpg\",\"link\":\"https:\/\/www.cykloromantika.cz\/foto-2021-03-22\/\",\"alt\":\"\",\"description\":\"\",\"caption\":\"Chata Slam\u011bnka pod Slamn\u00edkem\",\"mime\":\"image\/jpeg\",\"type\":\"image\",\"width\":1024,\"height\":683,\"sizes\":{\"thumbnail\":{\"height\":100,\"width\":150,\"url\":\"https:\/\/www.cykloromantika.cz\/wp-content\/uploads\/2022\/02\/foto-2021-03-22-150x100.jpg\",\"orientation\":\"landscape\"},\"medium\":{\"height\":200,\"width\":300,\"url\":\"https:\/\/www.cykloromantika.cz\/wp-content\/uploads\/2022\/02\/foto-2021-03-22-300x200.jpg\",\"orientation\":\"landscape\"},\"full\":{\"url\":\"https:\/\/www.cykloromantika.cz\/wp-content\/uploads\/2022\/02\/foto-2021-03-22.jpg\",\"height\":683,\"width\":1024,\"orientation\":\"landscape\"}},\"meta\":false,\"postlink\":\"https:\/\/www.cykloromantika.cz\/foto-2021-03-22\/\"},{\"id\":4183,\"title\":\"Foto 2021 03 23\",\"url\":\"https:\/\/www.cykloromantika.cz\/wp-content\/uploads\/2022\/02\/foto-2021-03-23.jpg\",\"link\":\"https:\/\/www.cykloromantika.cz\/foto-2021-03-23\/\",\"alt\":\"\",\"description\":\"\",\"caption\":\"Vrchol resortu Doln\u00ed Morava\",\"mime\":\"image\/jpeg\",\"type\":\"image\",\"width\":1024,\"height\":683,\"sizes\":{\"thumbnail\":{\"height\":100,\"width\":150,\"url\":\"https:\/\/www.cykloromantika.cz\/wp-content\/uploads\/2022\/02\/foto-2021-03-23-150x100.jpg\",\"orientation\":\"landscape\"},\"medium\":{\"height\":200,\"width\":300,\"url\":\"https:\/\/www.cykloromantika.cz\/wp-content\/uploads\/2022\/02\/foto-2021-03-23-300x200.jpg\",\"orientation\":\"landscape\"},\"full\":{\"url\":\"https:\/\/www.cykloromantika.cz\/wp-content\/uploads\/2022\/02\/foto-2021-03-23.jpg\",\"height\":683,\"width\":1024,\"orientation\":\"landscape\"}},\"meta\":false,\"postlink\":\"https:\/\/www.cykloromantika.cz\/foto-2021-03-23\/\"},{\"id\":4184,\"title\":\"Foto 2021 03 24\",\"url\":\"https:\/\/www.cykloromantika.cz\/wp-content\/uploads\/2022\/02\/foto-2021-03-24.jpg\",\"link\":\"https:\/\/www.cykloromantika.cz\/foto-2021-03-24\/\",\"alt\":\"\",\"description\":\"\",\"caption\":\"V\u00fdhled z Jasan\u00ed na Jesen\u00edky v\u010detn\u011b Prad\u011bdu\",\"mime\":\"image\/jpeg\",\"type\":\"image\",\"width\":1024,\"height\":683,\"sizes\":{\"thumbnail\":{\"height\":100,\"width\":150,\"url\":\"https:\/\/www.cykloromantika.cz\/wp-content\/uploads\/2022\/02\/foto-2021-03-24-150x100.jpg\",\"orientation\":\"landscape\"},\"medium\":{\"height\":200,\"width\":300,\"url\":\"https:\/\/www.cykloromantika.cz\/wp-content\/uploads\/2022\/02\/foto-2021-03-24-300x200.jpg\",\"orientation\":\"landscape\"},\"full\":{\"url\":\"https:\/\/www.cykloromantika.cz\/wp-content\/uploads\/2022\/02\/foto-2021-03-24.jpg\",\"height\":683,\"width\":1024,\"orientation\":\"landscape\"}},\"meta\":false,\"postlink\":\"https:\/\/www.cykloromantika.cz\/foto-2021-03-24\/\"},{\"id\":4185,\"title\":\"Foto 2021 03 25\",\"url\":\"https:\/\/www.cykloromantika.cz\/wp-content\/uploads\/2022\/02\/foto-2021-03-25.jpg\",\"link\":\"https:\/\/www.cykloromantika.cz\/foto-2021-03-25\/\",\"alt\":\"\",\"description\":\"\",\"caption\":\"\u00dato\u010di\u0161t\u011b p\u0159ed bou\u0159kou v Hosp\u016fdce U Vleku v Hyn\u010dici pod Su\u0161inou\",\"mime\":\"image\/jpeg\",\"type\":\"image\",\"width\":768,\"height\":1024,\"sizes\":{\"thumbnail\":{\"height\":150,\"width\":113,\"url\":\"https:\/\/www.cykloromantika.cz\/wp-content\/uploads\/2022\/02\/foto-2021-03-25-113x150.jpg\",\"orientation\":\"portrait\"},\"medium\":{\"height\":300,\"width\":225,\"url\":\"https:\/\/www.cykloromantika.cz\/wp-content\/uploads\/2022\/02\/foto-2021-03-25-225x300.jpg\",\"orientation\":\"portrait\"},\"full\":{\"url\":\"https:\/\/www.cykloromantika.cz\/wp-content\/uploads\/2022\/02\/foto-2021-03-25.jpg\",\"height\":1024,\"width\":768,\"orientation\":\"portrait\"}},\"meta\":false,\"postlink\":\"https:\/\/www.cykloromantika.cz\/foto-2021-03-25\/\"},{\"id\":4186,\"title\":\"Foto 2021 03 26\",\"url\":\"https:\/\/www.cykloromantika.cz\/wp-content\/uploads\/2022\/02\/foto-2021-03-26.jpg\",\"link\":\"https:\/\/www.cykloromantika.cz\/foto-2021-03-26\/\",\"alt\":\"\",\"description\":\"\",\"caption\":\"Spokojenost a soun\u00e1le\u017eitost p\u0159i uspokojov\u00e1n\u00ed z\u00e1kladn\u00edch pot\u0159eb (j\u00eddlo, pit\u00ed, teplo)\",\"mime\":\"image\/jpeg\",\"type\":\"image\",\"width\":1024,\"height\":768,\"sizes\":{\"thumbnail\":{\"height\":113,\"width\":150,\"url\":\"https:\/\/www.cykloromantika.cz\/wp-content\/uploads\/2022\/02\/foto-2021-03-26-150x113.jpg\",\"orientation\":\"landscape\"},\"medium\":{\"height\":225,\"width\":300,\"url\":\"https:\/\/www.cykloromantika.cz\/wp-content\/uploads\/2022\/02\/foto-2021-03-26-300x225.jpg\",\"orientation\":\"landscape\"},\"full\":{\"url\":\"https:\/\/www.cykloromantika.cz\/wp-content\/uploads\/2022\/02\/foto-2021-03-26.jpg\",\"height\":768,\"width\":1024,\"orientation\":\"landscape\"}},\"meta\":false,\"postlink\":\"https:\/\/www.cykloromantika.cz\/foto-2021-03-26\/\"},{\"id\":4187,\"title\":\"Foto 2021 03 27\",\"url\":\"https:\/\/www.cykloromantika.cz\/wp-content\/uploads\/2022\/02\/foto-2021-03-27.jpg\",\"link\":\"https:\/\/www.cykloromantika.cz\/foto-2021-03-27\/\",\"alt\":\"\",\"description\":\"\",\"caption\":\"Petra n\u00e1m ud\u011blala, co na o\u010d\u00edch n\u00e1m vid\u011bla. D\u011bkujeme!\",\"mime\":\"image\/jpeg\",\"type\":\"image\",\"width\":1024,\"height\":768,\"sizes\":{\"thumbnail\":{\"height\":113,\"width\":150,\"url\":\"https:\/\/www.cykloromantika.cz\/wp-content\/uploads\/2022\/02\/foto-2021-03-27-150x113.jpg\",\"orientation\":\"landscape\"},\"medium\":{\"height\":225,\"width\":300,\"url\":\"https:\/\/www.cykloromantika.cz\/wp-content\/uploads\/2022\/02\/foto-2021-03-27-300x225.jpg\",\"orientation\":\"landscape\"},\"full\":{\"url\":\"https:\/\/www.cykloromantika.cz\/wp-content\/uploads\/2022\/02\/foto-2021-03-27.jpg\",\"height\":768,\"width\":1024,\"orientation\":\"landscape\"}},\"meta\":false,\"postlink\":\"https:\/\/www.cykloromantika.cz\/foto-2021-03-27\/\"},{\"id\":4188,\"title\":\"Foto 2021 03 28\",\"url\":\"https:\/\/www.cykloromantika.cz\/wp-content\/uploads\/2022\/02\/foto-2021-03-28.jpg\",\"link\":\"https:\/\/www.cykloromantika.cz\/foto-2021-03-28\/\",\"alt\":\"\",\"description\":\"\",\"caption\":\"Du\u0161\u00edk napojen na p\u0159\u00edstroje \\u0022holbuje\\u0022.\",\"mime\":\"image\/jpeg\",\"type\":\"image\",\"width\":768,\"height\":1024,\"sizes\":{\"thumbnail\":{\"height\":150,\"width\":113,\"url\":\"https:\/\/www.cykloromantika.cz\/wp-content\/uploads\/2022\/02\/foto-2021-03-28-113x150.jpg\",\"orientation\":\"portrait\"},\"medium\":{\"height\":300,\"width\":225,\"url\":\"https:\/\/www.cykloromantika.cz\/wp-content\/uploads\/2022\/02\/foto-2021-03-28-225x300.jpg\",\"orientation\":\"portrait\"},\"full\":{\"url\":\"https:\/\/www.cykloromantika.cz\/wp-content\/uploads\/2022\/02\/foto-2021-03-28.jpg\",\"height\":1024,\"width\":768,\"orientation\":\"portrait\"}},\"meta\":false,\"postlink\":\"https:\/\/www.cykloromantika.cz\/foto-2021-03-28\/\"}],\"itemsMetaDataCollection\":[],\"galleryData\":\"{\\u0022pageMode\\u0022:false,\\u0022lastRowFill\\u0022:true,\\u0022collectionThumbRecomendedHeight\\u0022:300,\\u0022collectionThumbMiniScreenScale\\u0022:true,\\u0022thumbSpacing\\u0022:5,\\u0022externalLink\\u0022:true,\\u0022externalLinkDefName\\u0022:\\u0022Read More\\u0022,\\u0022externalLinkTextColor\\u0022:\\u0022rgba(0,0,0,1)\\u0022,\\u0022externalLinkBgColor\\u0022:\\u0022rgba(255,255,255,1)\\u0022,\\u0022externalLinkFontSize\\u0022:18,\\u0022captions\\u0022:true,\\u0022captionSrc\\u0022:\\u0022caption\\u0022,\\u0022captionHAlign\\u0022:\\u0022bottom\\u0022,\\u0022collectionthumbHoverTitleFontSize\\u0022:12,\\u0022collectionthumbRoundedCorners\\u0022:8,\\u0022collectionthumbHoverTitleTextColor\\u0022:\\u0022rgba(255,255,255,1)\\u0022,\\u0022collectionthumbHoverTitleTextBgColor\\u0022:\\u0022rgba(0,0,0,0.44)\\u0022,\\u0022collectionthumbHoverBgColor\\u0022:\\u0022rgba(0,0,0,0.4)\\u0022,\\u0022collectionThumbSubMenuDownload\\u0022:true,\\u0022collectionThumbSubMenuShare\\u0022:false,\\u0022collectionThumbSubMenuBgColor\\u0022:\\u0022rgba(0,0,0,0.4)\\u0022,\\u0022collectionThumbSubMenuBgColorHover\\u0022:\\u0022rgba(255,255,255,1)\\u0022,\\u0022collectionThumbSubMenuIconColor\\u0022:\\u0022rgba(255,255,255,1)\\u0022,\\u0022collectionThumbSubMenuIconColorHover\\u0022:\\u0022rgba(0,0,0,1)\\u0022,\\u0022galleryType\\u0022:\\u0022pgc_sgb_justified\\u0022,\\u0022align\\u0022:\\u0022\\u0022,\\u0022galleryId\\u0022:\\u00229b038245\\u0022,\\u0022galleryQuery\\u0022:null,\\u0022tagsListCustomMode\\u0022:false,\\u0022initGalleryByFirstTag\\u0022:false,\\u0022deepLinkingForTag\\u0022:false,\\u0022galleryTagsList\\u0022:[],\\u0022useClobalSettings\\u0022:true,\\u0022orderBy\\u0022:\\u0022title\\u0022,\\u0022deepLinking\\u0022:false,\\u0022useLightbox\\u0022:true,\\u0022thumbClickAction\\u0022:\\u0022useLightbox\\u0022,\\u0022numItemsDisplayed\\u0022:0,\\u0022lazyLoading\\u0022:true,\\u0022contentNoPadding\\u0022:false,\\u0022galleryPreloaderColor\\u0022:\\u0022rgba(230,230,230,1)\\u0022,\\u0022galleryBgColor\\u0022:\\u0022rgba(0,0,0,0)\\u0022,\\u0022galleryBorderRadius\\u0022:8,\\u0022customCSS\\u0022:\\u0022\\u0022,\\u0022itemsPerPage\\u0022:20,\\u0022loadMoreDefName\\u0022:\\u0022Load More\\u0022,\\u0022loadMoreFontSize\\u0022:16,\\u0022loadMoreTextColor\\u0022:\\u0022rgba(255,255,255,1)\\u0022,\\u0022loadMoreBgColor\\u0022:\\u0022rgba(0,0,0,1)\\u0022,\\u0022tagsFilter\\u0022:false,\\u0022tagCloudAll\\u0022:\\u0022All\\u0022,\\u0022tagCloudBgColor\\u0022:\\u0022rgba(153,153,153,1)\\u0022,\\u0022tagCloudBgColorOver\\u0022:\\u0022rgba(253,253,253,1)\\u0022,\\u0022tagCloudTextColor\\u0022:\\u0022rgba(253,253,253,1)\\u0022,\\u0022tagCloudTextColorOver\\u0022:\\u0022rgba(153,153,153,1)\\u0022,\\u0022tagCloudFontSize\\u0022:16,\\u0022modaBgColor\\u0022:\\u0022rgba(0,0,0,0.8)\\u0022,\\u0022modalIconColor\\u0022:\\u0022rgba(255,255,255,1)\\u0022,\\u0022modalIconColorHover\\u0022:\\u0022rgba(255,255,255,0.8)\\u0022,\\u0022shareFacebook\\u0022:false,\\u0022shareTwitter\\u0022:false,\\u0022sharePinterest\\u0022:false,\\u0022sliderItemDownload\\u0022:true,\\u0022shareCopyLink\\u0022:true,\\u0022sharePost\\u0022:\\u0022postlink\\u0022,\\u0022copyRProtection\\u0022:false,\\u0022copyRAlert\\u0022:\\u0022Hello, this photo is mine!\\u0022,\\u0022sliderScrollNavi\\u0022:false,\\u0022sliderNextPrevAnimation\\u0022:\\u0022animation\\u0022,\\u0022galleryScrollPositionControll\\u0022:false,\\u0022sliderVideoAutoPlay\\u0022:false,\\u0022sliderVideoLoop\\u0022:false,\\u0022sliderItemCounterEnable\\u0022:true,\\u0022sliderCaptionSrc\\u0022:\\u0022caption\\u0022,\\u0022sliderItemTitleEnable\\u0022:true,\\u0022sliderItemTitleFontSize\\u0022:18,\\u0022sliderItemTitleTextColor\\u0022:\\u0022rgba(255,255,255,1)\\u0022,\\u0022itemCounterColor\\u0022:\\u0022rgba(255,255,255,1)\\u0022,\\u0022sliderThumbBarEnable\\u0022:true,\\u0022sliderThumbBarHoverColor\\u0022:\\u0022rgba(240,240,240,1)\\u0022,\\u0022sliderBgColor\\u0022:\\u0022rgba(0,0,0,0.8)\\u0022,\\u0022sliderPreloaderColor\\u0022:\\u0022rgba(240,240,240,1)\\u0022,\\u0022sliderHeaderFooterBgColor\\u0022:\\u0022rgba(0,0,0,0.4)\\u0022,\\u0022sliderNavigationColor\\u0022:\\u0022rgba(0,0,0,1)\\u0022,\\u0022sliderNavigationColorOver\\u0022:\\u0022rgba(255,255,255,1)\\u0022,\\u0022sliderNavigationIconColor\\u0022:\\u0022rgba(255,255,255,1)\\u0022,\\u0022sliderNavigationIconColorOver\\u0022:\\u0022rgba(0,0,0,1)\\u0022,\\u0022sliderSlideshow\\u0022:true,\\u0022sliderSlideshowDelay\\u0022:8,\\u0022slideshowIndicatorColor\\u0022:\\u0022rgba(255,255,255,1)\\u0022,\\u0022slideshowIndicatorColorBg\\u0022:\\u0022rgba(255,255,255,0.5)\\u0022,\\u0022sliderThumbSubMenuBackgroundColor\\u0022:\\u0022rgba(255,255,255,0)\\u0022,\\u0022sliderThumbSubMenuBackgroundColorOver\\u0022:\\u0022rgba(255,255,255,1)\\u0022,\\u0022sliderThumbSubMenuIconColor\\u0022:\\u0022rgba(255,255,255,1)\\u0022,\\u0022sliderThumbSubMenuIconHoverColor\\u0022:\\u0022rgba(0,0,0,1)\\u0022,\\u0022sliderSocialShareEnabled\\u0022:false,\\u0022sliderZoomEnable\\u0022:true,\\u0022sliderFullscreenEnabled\\u0022:true,\\u0022settingsModalIsOpen\\u0022:false,\\u0022skin\\u0022:\\u0022justified\\u0022}\",\"useClobalSettings\":true,\"orderBy\":\"title\",\"galleryBorderRadius\":8,\"shareFacebook\":false,\"shareTwitter\":false,\"sharePinterest\":false,\"sharePost\":\"postlink\",\"sliderItemTitleEnable\":true,\"sliderSocialShareEnabled\":false}<\/script><script>(function(){if(window.PGC_SGB && window.PGC_SGB.searcher){window.PGC_SGB.searcher.initBlocks()}})()<\/script><\/div>\n<\/div><\/div>\n<\/div><\/div><\/div>\n","protected":false},"excerpt":{"rendered":"","protected":false},"author":3,"featured_media":4183,"comment_status":"open","ping_status":"open","sticky":false,"template":"","format":"standard","meta":{"_acf_changed":false,"pgc_sgb_lightbox_settings":"","footnotes":""},"categories":[31],"tags":[],"class_list":["post-2062","post","type-post","status-publish","format-standard","has-post-thumbnail","hentry","category-denicek"],"acf":[],"_links":{"self":[{"href":"https:\/\/www.cykloromantika.cz\/index.php\/wp-json\/wp\/v2\/posts\/2062","targetHints":{"allow":["GET"]}}],"collection":[{"href":"https:\/\/www.cykloromantika.cz\/index.php\/wp-json\/wp\/v2\/posts"}],"about":[{"href":"https:\/\/www.cykloromantika.cz\/index.php\/wp-json\/wp\/v2\/types\/post"}],"author":[{"embeddable":true,"href":"https:\/\/www.cykloromantika.cz\/index.php\/wp-json\/wp\/v2\/users\/3"}],"replies":[{"embeddable":true,"href":"https:\/\/www.cykloromantika.cz\/index.php\/wp-json\/wp\/v2\/comments?post=2062"}],"version-history":[{"count":11,"href":"https:\/\/www.cykloromantika.cz\/index.php\/wp-json\/wp\/v2\/posts\/2062\/revisions"}],"predecessor-version":[{"id":9251,"href":"https:\/\/www.cykloromantika.cz\/index.php\/wp-json\/wp\/v2\/posts\/2062\/revisions\/9251"}],"wp:featuredmedia":[{"embeddable":true,"href":"https:\/\/www.cykloromantika.cz\/index.php\/wp-json\/wp\/v2\/media\/4183"}],"wp:attachment":[{"href":"https:\/\/www.cykloromantika.cz\/index.php\/wp-json\/wp\/v2\/media?parent=2062"}],"wp:term":[{"taxonomy":"category","embeddable":true,"href":"https:\/\/www.cykloromantika.cz\/index.php\/wp-json\/wp\/v2\/categories?post=2062"},{"taxonomy":"post_tag","embeddable":true,"href":"https:\/\/www.cykloromantika.cz\/index.php\/wp-json\/wp\/v2\/tags?post=2062"}],"curies":[{"name":"wp","href":"https:\/\/api.w.org\/{rel}","templated":true}]}}