{"id":1898,"date":"2014-08-02T20:23:00","date_gmt":"2014-08-02T19:23:00","guid":{"rendered":"https:\/\/www.cykloromantika.cz\/?p=1898"},"modified":"2022-04-19T20:37:00","modified_gmt":"2022-04-19T19:37:00","slug":"xviii-rocnik-1-den-volani-cykloromantiky-nakonec-silnejsi","status":"publish","type":"post","link":"https:\/\/www.cykloromantika.cz\/index.php\/2014\/08\/02\/xviii-rocnik-1-den-volani-cykloromantiky-nakonec-silnejsi\/","title":{"rendered":"XVIII. ro\u010dn\u00edk \u2013 1.&nbsp;den: Vol\u00e1n\u00ed cykloromantiky nakonec siln\u011bj\u0161\u00ed"},"content":{"rendered":"<style>.kt-tabs-id_b966f2-12 > .kt-tabs-content-wrap > .wp-block-kadence-tab{border-top-width:1px;border-right-width:0px;border-bottom-width:0px;border-left-width:0px;border-color:#eeeeee;border-top-left-radius:0px;border-top-right-radius:0px;border-bottom-right-radius:0px;border-bottom-left-radius:0px;padding-top:20px;padding-right:0px;padding-bottom:20px;padding-left:0px;background:#ffffff;}.wp-block-kadence-tabs .kt-tabs-id_b966f2-12 > .kt-tabs-title-list li{margin-top:0px;margin-right:8px;margin-bottom:0px;margin-left:0px;}.wp-block-kadence-tabs .kt-tabs-id_b966f2-12 > .kt-tabs-title-list li:last-child{margin-right:0px;}.wp-block-kadence-tabs .kt-tabs-id_b966f2-12 > .kt-tabs-title-list li .kt-tab-title, .wp-block-kadence-tabs .kt-tabs-id_b966f2-12 > .kt-tabs-content-wrap > .kt-tabs-accordion-title .kt-tab-title{line-height:1.4em;font-weight:400;font-style:normal;text-transform:uppercase;border-top-width:0px;border-right-width:0px;border-bottom-width:0px;border-left-width:0px;border-top-left-radius:0px;border-top-right-radius:0px;border-bottom-right-radius:0px;border-bottom-left-radius:0px;padding-top:8px;padding-right:20px;padding-bottom:8px;padding-left:20px;border-color:#ffffff;color:#555555;background:#ffffff;}.wp-block-kadence-tabs .kt-tabs-id_b966f2-12 > .kt-tabs-content-wrap > .kt-tabs-accordion-title .kt-tab-title{margin-top:0px;margin-right:8px;margin-bottom:0px;margin-left:0px;}.wp-block-kadence-tabs .kt-tabs-id_b966f2-12 > .kt-tabs-title-list li .kt-tab-title:hover, .wp-block-kadence-tabs .kt-tabs-id_b966f2-12 > .kt-tabs-content-wrap > .kt-tabs-accordion-title .kt-tab-title:hover{border-color:#555555;color:#086abd;background:#ffffff;}.wp-block-kadence-tabs .kt-tabs-id_b966f2-12 > .kt-tabs-title-list li.kt-tab-title-active .kt-tab-title, .wp-block-kadence-tabs .kt-tabs-id_b966f2-12 > .kt-tabs-content-wrap > .kt-tabs-accordion-title.kt-tab-title-active .kt-tab-title{border-color:#555555;color:#086abd;background:#ffffff;}.wp-block-kadence-tabs .kt-tabs-id_b966f2-12 > .kt-tabs-title-list li svg{font-size:24px;}<\/style>\n<div class=\"wp-block-kadence-tabs alignnone\"><div class=\"kt-tabs-wrap kt-tabs-id_b966f2-12 kt-tabs-has-3-tabs kt-active-tab-3 kt-tabs-layout-tabs kt-tabs-tablet-layout-inherit kt-tabs-mobile-layout-inherit kt-tab-alignment-center \" style=\"max-width:none\"><ul class=\"kt-tabs-title-list\"><li id=\"tab-trasa\" class=\"kt-title-item kt-title-item-1 kt-tabs-svg-show-always kt-tabs-icon-side-top kt-tab-title-inactive\"><a href=\"#tab-trasa\" data-tab=\"1\" class=\"kt-tab-title kt-tab-title-1 \"><span style=\"display:inline-flex;justify-content:center;align-items:center\" class=\"kt-tab-svg-icon kt-tab-svg-icon-fe_map kt-title-svg-side-top\"><svg style=\"display:inline-block;vertical-align:middle\" viewbox=\"0 0 24 24\" height=\"24\" width=\"24\" fill=\"none\" stroke=\"currentColor\" xmlns=\"http:\/\/www.w3.org\/2000\/svg\" stroke-width=\"2\" stroke-linecap=\"round\" stroke-linejoin=\"round\"><polygon points=\"1 6 1 22 8 18 16 22 23 18 23 2 16 6 8 2 1 6\"><\/polygon><line x1=\"8\" y1=\"2\" x2=\"8\" y2=\"18\"><\/line><line x1=\"16\" y1=\"6\" x2=\"16\" y2=\"22\"><\/line><\/svg><\/span><span class=\"kt-title-text\">Trasa<\/span><\/a><\/li><li id=\"tab-zitky\" class=\"kt-title-item kt-title-item-2 kt-tabs-svg-show-always kt-tabs-icon-side-top kt-tab-title-inactive\"><a href=\"#tab-zitky\" data-tab=\"2\" class=\"kt-tab-title kt-tab-title-2 \"><span style=\"display:inline-flex;justify-content:center;align-items:center\" class=\"kt-tab-svg-icon kt-tab-svg-icon-fe_alignLeft kt-title-svg-side-top\"><svg style=\"display:inline-block;vertical-align:middle\" viewbox=\"0 0 24 24\" height=\"24\" width=\"24\" fill=\"none\" stroke=\"currentColor\" xmlns=\"http:\/\/www.w3.org\/2000\/svg\" stroke-width=\"2\" stroke-linecap=\"round\" stroke-linejoin=\"round\"><line x1=\"17\" y1=\"10\" x2=\"3\" y2=\"10\"><\/line><line x1=\"21\" y1=\"6\" x2=\"3\" y2=\"6\"><\/line><line x1=\"21\" y1=\"14\" x2=\"3\" y2=\"14\"><\/line><line x1=\"17\" y1=\"18\" x2=\"3\" y2=\"18\"><\/line><\/svg><\/span><span class=\"kt-title-text\">Z\u00e1\u017eitky<\/span><\/a><\/li><li id=\"tab-fotky\" class=\"kt-title-item kt-title-item-3 kt-tabs-svg-show-always kt-tabs-icon-side-top kt-tab-title-active\"><a href=\"#tab-fotky\" data-tab=\"3\" class=\"kt-tab-title kt-tab-title-3 \"><span style=\"display:inline-flex;justify-content:center;align-items:center\" class=\"kt-tab-svg-icon kt-tab-svg-icon-fe_camera kt-title-svg-side-top\"><svg style=\"display:inline-block;vertical-align:middle\" viewbox=\"0 0 24 24\" height=\"24\" width=\"24\" fill=\"none\" stroke=\"currentColor\" xmlns=\"http:\/\/www.w3.org\/2000\/svg\" stroke-width=\"2\" stroke-linecap=\"round\" stroke-linejoin=\"round\"><path d=\"M23 19a2 2 0 0 1-2 2H3a2 2 0 0 1-2-2V8a2 2 0 0 1 2-2h4l2-3h6l2 3h4a2 2 0 0 1 2 2z\"><\/path><circle cx=\"12\" cy=\"13\" r=\"4\"><\/circle><\/svg><\/span><span class=\"kt-title-text\">Fotky<\/span><\/a><\/li><\/ul><div class=\"kt-tabs-content-wrap\">\n<div class=\"wp-block-kadence-tab kt-tab-inner-content kt-inner-tab-1 kt-inner-tab_9206e5-43\"><div class=\"kt-tab-inner-content-inner\">\n<p>Ostrava \u2013 Jistebn\u00edk \u2013 Albrechti\u010dky \u2013 \u0160tramberk \u2013 Libot\u00edn<\/p>\n\n\n\n<ul class=\"wp-block-list\"><li>najeto:&nbsp;44,5 km<\/li><li>\u010das: 2.15&nbsp;h<\/li><li>pr\u016fm\u011brn\u00e1 rychlost:&nbsp;20,6 km\/h<\/li><li>nejni\u017e\u0161\u00ed a nejvy\u0161\u0161\u00ed bod: 215-340&nbsp;m n. m.<\/li><li>stoup\u00e1n\u00ed: 310&nbsp;m<\/li><li>kles\u00e1n\u00ed: 233&nbsp;m<\/li><\/ul>\n<\/div><\/div>\n\n\n\n<div class=\"wp-block-kadence-tab kt-tab-inner-content kt-inner-tab-2 kt-inner-tab_1d2584-14\"><div class=\"kt-tab-inner-content-inner\"><\/div><\/div>\n\n\n\n<div class=\"wp-block-kadence-tab kt-tab-inner-content kt-inner-tab-3 kt-inner-tab_aa82af-99\"><div class=\"kt-tab-inner-content-inner\"><div class=\"pgc-sgb-cb wp-block-pgcsimplygalleryblock-justified \" data-gallery-id=\"0b170394\"><div class=\"sgb-preloader\" id=\"pr_0b170394\">\n\t<div class=\"sgb-square\" style=\"background:#d4d4d4\"><\/div>\n\t<div class=\"sgb-square\" style=\"background:#d4d4d4\"><\/div>\n\t<div class=\"sgb-square\" style=\"background:#d4d4d4\"><\/div>\n\t<div class=\"sgb-square\" style=\"background:#d4d4d4\"><\/div><\/div><div class=\"simply-gallery-amp pgc_sgb_slider \"><noscript><div class=\"sgb-gallery\"><div class=\"sgb-item\"><a href=\"https:\/\/www.cykloromantika.cz\/foto-2014-01-01\/\" target=\"_blank\"><img decoding=\"async\" alt=\"\" width=\"300\" height=\"200\" loading=\"lazy\" src=\"https:\/\/www.cykloromantika.cz\/wp-content\/uploads\/2022\/04\/foto-2014-01-01-300x200.jpg\" srcset=\"https:\/\/www.cykloromantika.cz\/wp-content\/uploads\/2022\/04\/foto-2014-01-01-300x200.jpg 300w,https:\/\/www.cykloromantika.cz\/wp-content\/uploads\/2022\/04\/foto-2014-01-01.jpg 1024w\" sizes=\"auto, 250px\"\/><\/a><div class=\"sgb-item-caption\"><em>Z\u00e1ti\u0161\u00ed s kolem<\/em><\/div><\/div><div class=\"sgb-item\"><a href=\"https:\/\/www.cykloromantika.cz\/foto-2014-01-02\/\" target=\"_blank\"><img decoding=\"async\" alt=\"\" width=\"300\" height=\"200\" loading=\"lazy\" src=\"https:\/\/www.cykloromantika.cz\/wp-content\/uploads\/2022\/04\/foto-2014-01-02-300x200.jpg\" srcset=\"https:\/\/www.cykloromantika.cz\/wp-content\/uploads\/2022\/04\/foto-2014-01-02-300x200.jpg 300w,https:\/\/www.cykloromantika.cz\/wp-content\/uploads\/2022\/04\/foto-2014-01-02.jpg 1024w\" sizes=\"auto, 250px\"\/><\/a><div class=\"sgb-item-caption\"><em>Brat\u0159i bez trika<\/em><\/div><\/div><div class=\"sgb-item\"><a href=\"https:\/\/www.cykloromantika.cz\/foto-2014-01-03\/\" target=\"_blank\"><img decoding=\"async\" alt=\"\" width=\"200\" height=\"300\" loading=\"lazy\" src=\"https:\/\/www.cykloromantika.cz\/wp-content\/uploads\/2022\/04\/foto-2014-01-03-200x300.jpg\" srcset=\"https:\/\/www.cykloromantika.cz\/wp-content\/uploads\/2022\/04\/foto-2014-01-03-200x300.jpg 200w,https:\/\/www.cykloromantika.cz\/wp-content\/uploads\/2022\/04\/foto-2014-01-03.jpg 683w\" sizes=\"auto, 250px\"\/><\/a><div class=\"sgb-item-caption\"><em>Von\u00ed hezky<\/em><\/div><\/div><div class=\"sgb-item\"><a href=\"https:\/\/www.cykloromantika.cz\/foto-2014-01-04\/\" target=\"_blank\"><img decoding=\"async\" alt=\"\" width=\"300\" height=\"200\" loading=\"lazy\" src=\"https:\/\/www.cykloromantika.cz\/wp-content\/uploads\/2022\/04\/foto-2014-01-04-300x200.jpg\" srcset=\"https:\/\/www.cykloromantika.cz\/wp-content\/uploads\/2022\/04\/foto-2014-01-04-300x200.jpg 300w,https:\/\/www.cykloromantika.cz\/wp-content\/uploads\/2022\/04\/foto-2014-01-04.jpg 1024w\" sizes=\"auto, 250px\"\/><\/a><div class=\"sgb-item-caption\"><em>A nos n\u00e1m \u0161piritus pod nos, Tome!<\/em><\/div><\/div><div class=\"sgb-item\"><a href=\"https:\/\/www.cykloromantika.cz\/foto-2014-01-05\/\" target=\"_blank\"><img decoding=\"async\" alt=\"\" width=\"300\" height=\"200\" loading=\"lazy\" src=\"https:\/\/www.cykloromantika.cz\/wp-content\/uploads\/2022\/04\/foto-2014-01-05-300x200.jpg\" srcset=\"https:\/\/www.cykloromantika.cz\/wp-content\/uploads\/2022\/04\/foto-2014-01-05-300x200.jpg 300w,https:\/\/www.cykloromantika.cz\/wp-content\/uploads\/2022\/04\/foto-2014-01-05.jpg 1024w\" sizes=\"auto, 250px\"\/><\/a><div class=\"sgb-item-caption\"><em>Zapeklit\u00e9 balen\u00ed v tuto pokro\u010dilou dobu<\/em><\/div><\/div><div class=\"sgb-item\"><a href=\"https:\/\/www.cykloromantika.cz\/foto-2014-01-06\/\" target=\"_blank\"><img decoding=\"async\" alt=\"\" width=\"200\" height=\"300\" loading=\"lazy\" src=\"https:\/\/www.cykloromantika.cz\/wp-content\/uploads\/2022\/04\/foto-2014-01-06-200x300.jpg\" srcset=\"https:\/\/www.cykloromantika.cz\/wp-content\/uploads\/2022\/04\/foto-2014-01-06-200x300.jpg 200w,https:\/\/www.cykloromantika.cz\/wp-content\/uploads\/2022\/04\/foto-2014-01-06.jpg 682w\" sizes=\"auto, 250px\"\/><\/a><div class=\"sgb-item-caption\"><em>A poda\u0159ilo se!<\/em><\/div><\/div><div class=\"sgb-item\"><a href=\"https:\/\/www.cykloromantika.cz\/foto-2014-01-07\/\" target=\"_blank\"><img decoding=\"async\" alt=\"\" width=\"300\" height=\"225\" loading=\"lazy\" src=\"https:\/\/www.cykloromantika.cz\/wp-content\/uploads\/2022\/04\/foto-2014-01-07-300x225.jpg\" srcset=\"https:\/\/www.cykloromantika.cz\/wp-content\/uploads\/2022\/04\/foto-2014-01-07-300x225.jpg 300w,https:\/\/www.cykloromantika.cz\/wp-content\/uploads\/2022\/04\/foto-2014-01-07.jpg 1024w\" sizes=\"auto, 250px\"\/><\/a><div class=\"sgb-item-caption\"><em>Nezbytn\u00e1 v\u00fdbava na cykloromantickou v\u00fdpravu<\/em><\/div><\/div><div class=\"sgb-item\"><a href=\"https:\/\/www.cykloromantika.cz\/foto-2014-01-08\/\" target=\"_blank\"><img decoding=\"async\" alt=\"\" width=\"200\" height=\"300\" loading=\"lazy\" src=\"https:\/\/www.cykloromantika.cz\/wp-content\/uploads\/2022\/04\/foto-2014-01-08-200x300.jpg\" srcset=\"https:\/\/www.cykloromantika.cz\/wp-content\/uploads\/2022\/04\/foto-2014-01-08-200x300.jpg 200w,https:\/\/www.cykloromantika.cz\/wp-content\/uploads\/2022\/04\/foto-2014-01-08.jpg 683w\" sizes=\"auto, 250px\"\/><\/a><div class=\"sgb-item-caption\"><em>Kam d\u00e1m jenom to sedlo?<\/em><\/div><\/div><div class=\"sgb-item\"><a href=\"https:\/\/www.cykloromantika.cz\/foto-2014-01-09\/\" target=\"_blank\"><img decoding=\"async\" alt=\"\" width=\"200\" height=\"300\" loading=\"lazy\" src=\"https:\/\/www.cykloromantika.cz\/wp-content\/uploads\/2022\/04\/foto-2014-01-09-200x300.jpg\" srcset=\"https:\/\/www.cykloromantika.cz\/wp-content\/uploads\/2022\/04\/foto-2014-01-09-200x300.jpg 200w,https:\/\/www.cykloromantika.cz\/wp-content\/uploads\/2022\/04\/foto-2014-01-09.jpg 683w\" sizes=\"auto, 250px\"\/><\/a><div class=\"sgb-item-caption\"><em>Kravsk\u00fd \u0159et\u011bz pro b\u00fdka<\/em><\/div><\/div><div class=\"sgb-item\"><a href=\"https:\/\/www.cykloromantika.cz\/foto-2014-01-10\/\" target=\"_blank\"><img decoding=\"async\" alt=\"\" width=\"300\" height=\"200\" loading=\"lazy\" src=\"https:\/\/www.cykloromantika.cz\/wp-content\/uploads\/2022\/04\/foto-2014-01-10-300x200.jpg\" srcset=\"https:\/\/www.cykloromantika.cz\/wp-content\/uploads\/2022\/04\/foto-2014-01-10-300x200.jpg 300w,https:\/\/www.cykloromantika.cz\/wp-content\/uploads\/2022\/04\/foto-2014-01-10.jpg 1024w\" sizes=\"auto, 250px\"\/><\/a><div class=\"sgb-item-caption\"><em>Vyraz\u00edme u\u017e?<\/em><\/div><\/div><div class=\"sgb-item\"><a href=\"https:\/\/www.cykloromantika.cz\/foto-2014-01-11\/\" target=\"_blank\"><img decoding=\"async\" alt=\"\" width=\"300\" height=\"200\" loading=\"lazy\" src=\"https:\/\/www.cykloromantika.cz\/wp-content\/uploads\/2022\/04\/foto-2014-01-11-300x200.jpg\" srcset=\"https:\/\/www.cykloromantika.cz\/wp-content\/uploads\/2022\/04\/foto-2014-01-11-300x200.jpg 300w,https:\/\/www.cykloromantika.cz\/wp-content\/uploads\/2022\/04\/foto-2014-01-11.jpg 1024w\" sizes=\"auto, 250px\"\/><\/a><div class=\"sgb-item-caption\"><em>Je\u0161t\u011b vysm\u00e1t\u00ed...<\/em><\/div><\/div><div class=\"sgb-item\"><a href=\"https:\/\/www.cykloromantika.cz\/foto-2014-01-12\/\" target=\"_blank\"><img decoding=\"async\" alt=\"\" width=\"200\" height=\"300\" loading=\"lazy\" src=\"https:\/\/www.cykloromantika.cz\/wp-content\/uploads\/2022\/04\/foto-2014-01-12-200x300.jpg\" srcset=\"https:\/\/www.cykloromantika.cz\/wp-content\/uploads\/2022\/04\/foto-2014-01-12-200x300.jpg 200w,https:\/\/www.cykloromantika.cz\/wp-content\/uploads\/2022\/04\/foto-2014-01-12.jpg 683w\" sizes=\"auto, 250px\"\/><\/a><div class=\"sgb-item-caption\"><em>Je\u0161t\u011b v Ostrav\u011b... Ale je tady kr\u00e1sn\u011b!<\/em><\/div><\/div><div class=\"sgb-item\"><a href=\"https:\/\/www.cykloromantika.cz\/foto-2014-01-13\/\" target=\"_blank\"><img decoding=\"async\" alt=\"\" width=\"300\" height=\"200\" loading=\"lazy\" src=\"https:\/\/www.cykloromantika.cz\/wp-content\/uploads\/2022\/04\/foto-2014-01-13-300x200.jpg\" srcset=\"https:\/\/www.cykloromantika.cz\/wp-content\/uploads\/2022\/04\/foto-2014-01-13-300x200.jpg 300w,https:\/\/www.cykloromantika.cz\/wp-content\/uploads\/2022\/04\/foto-2014-01-13.jpg 1024w\" sizes=\"auto, 250px\"\/><\/a><div class=\"sgb-item-caption\"><em>Prvn\u00ed zast\u00e1vka po 5 km<\/em><\/div><\/div><div class=\"sgb-item\"><a href=\"https:\/\/www.cykloromantika.cz\/foto-2014-01-14\/\" target=\"_blank\"><img decoding=\"async\" alt=\"\" width=\"300\" height=\"200\" loading=\"lazy\" src=\"https:\/\/www.cykloromantika.cz\/wp-content\/uploads\/2022\/04\/foto-2014-01-14-300x200.jpg\" srcset=\"https:\/\/www.cykloromantika.cz\/wp-content\/uploads\/2022\/04\/foto-2014-01-14-300x200.jpg 300w,https:\/\/www.cykloromantika.cz\/wp-content\/uploads\/2022\/04\/foto-2014-01-14.jpg 1024w\" sizes=\"auto, 250px\"\/><\/a><div class=\"sgb-item-caption\"><em>Nezbytn\u00e1 selfie... little selfish (Angli\u010dtina se n\u00e1m bude cestou hodit.)<\/em><\/div><\/div><div class=\"sgb-item\"><a href=\"https:\/\/www.cykloromantika.cz\/foto-2014-01-15\/\" target=\"_blank\"><img decoding=\"async\" alt=\"\" width=\"300\" height=\"200\" loading=\"lazy\" src=\"https:\/\/www.cykloromantika.cz\/wp-content\/uploads\/2022\/04\/foto-2014-01-15-300x200.jpg\" srcset=\"https:\/\/www.cykloromantika.cz\/wp-content\/uploads\/2022\/04\/foto-2014-01-15-300x200.jpg 300w,https:\/\/www.cykloromantika.cz\/wp-content\/uploads\/2022\/04\/foto-2014-01-15.jpg 1024w\" sizes=\"auto, 250px\"\/><\/a><div class=\"sgb-item-caption\"><em>Vj\u00ed\u017ed\u00edme do Albrechti\u010dek, kde zanech\u00e1me nesmazatelnou stopu.<\/em><\/div><\/div><div class=\"sgb-item\"><a href=\"https:\/\/www.cykloromantika.cz\/foto-2014-01-16\/\" target=\"_blank\"><img decoding=\"async\" alt=\"\" width=\"200\" height=\"300\" loading=\"lazy\" src=\"https:\/\/www.cykloromantika.cz\/wp-content\/uploads\/2022\/04\/foto-2014-01-16-200x300.jpg\" srcset=\"https:\/\/www.cykloromantika.cz\/wp-content\/uploads\/2022\/04\/foto-2014-01-16-200x300.jpg 200w,https:\/\/www.cykloromantika.cz\/wp-content\/uploads\/2022\/04\/foto-2014-01-16.jpg 683w\" sizes=\"auto, 250px\"\/><\/a><div class=\"sgb-item-caption\"><em>Za\u010d\u00edn\u00e1 to nevinn\u011b... pivn\u00edm tancem.<\/em><\/div><\/div><div class=\"sgb-item\"><a href=\"https:\/\/www.cykloromantika.cz\/foto-2014-01-17\/\" target=\"_blank\"><img decoding=\"async\" alt=\"\" width=\"300\" height=\"222\" loading=\"lazy\" src=\"https:\/\/www.cykloromantika.cz\/wp-content\/uploads\/2022\/04\/foto-2014-01-17-300x222.jpg\" srcset=\"https:\/\/www.cykloromantika.cz\/wp-content\/uploads\/2022\/04\/foto-2014-01-17-300x222.jpg 300w,https:\/\/www.cykloromantika.cz\/wp-content\/uploads\/2022\/04\/foto-2014-01-17.jpg 1024w\" sizes=\"auto, 250px\"\/><\/a><div class=\"sgb-item-caption\"><em>J\u00edzda Pood\u0159\u00edm na n\u00e1s zanechala stopy.<\/em><\/div><\/div><div class=\"sgb-item\"><a href=\"https:\/\/www.cykloromantika.cz\/foto-2014-01-18\/\" target=\"_blank\"><img decoding=\"async\" alt=\"\" width=\"200\" height=\"300\" loading=\"lazy\" src=\"https:\/\/www.cykloromantika.cz\/wp-content\/uploads\/2022\/04\/foto-2014-01-18-200x300.jpg\" srcset=\"https:\/\/www.cykloromantika.cz\/wp-content\/uploads\/2022\/04\/foto-2014-01-18-200x300.jpg 200w,https:\/\/www.cykloromantika.cz\/wp-content\/uploads\/2022\/04\/foto-2014-01-18.jpg 683w\" sizes=\"auto, 250px\"\/><\/a><div class=\"sgb-item-caption\"><em>Pepa o tom dovede vypr\u00e1v\u011bt se zaujet\u00edm.<\/em><\/div><\/div><div class=\"sgb-item\"><a href=\"https:\/\/www.cykloromantika.cz\/foto-2014-01-19\/\" target=\"_blank\"><img decoding=\"async\" alt=\"\" width=\"200\" height=\"300\" loading=\"lazy\" src=\"https:\/\/www.cykloromantika.cz\/wp-content\/uploads\/2022\/04\/foto-2014-01-19-200x300.jpg\" srcset=\"https:\/\/www.cykloromantika.cz\/wp-content\/uploads\/2022\/04\/foto-2014-01-19-200x300.jpg 200w,https:\/\/www.cykloromantika.cz\/wp-content\/uploads\/2022\/04\/foto-2014-01-19.jpg 683w\" sizes=\"auto, 250px\"\/><\/a><div class=\"sgb-item-caption\"><em>Pepa o tom dovede vypr\u00e1v\u011bt se zaujet\u00edm.<\/em><\/div><\/div><div class=\"sgb-item\"><a href=\"https:\/\/www.cykloromantika.cz\/foto-2014-01-20\/\" target=\"_blank\"><img decoding=\"async\" alt=\"\" width=\"200\" height=\"300\" loading=\"lazy\" src=\"https:\/\/www.cykloromantika.cz\/wp-content\/uploads\/2022\/04\/foto-2014-01-20-200x300.jpg\" srcset=\"https:\/\/www.cykloromantika.cz\/wp-content\/uploads\/2022\/04\/foto-2014-01-20-200x300.jpg 200w,https:\/\/www.cykloromantika.cz\/wp-content\/uploads\/2022\/04\/foto-2014-01-20.jpg 683w\" sizes=\"auto, 250px\"\/><\/a><div class=\"sgb-item-caption\"><em>Tak n\u011bjak to, p\u00e1nov\u00e9, asi bylo!<\/em><\/div><\/div><div class=\"sgb-item\"><a href=\"https:\/\/www.cykloromantika.cz\/foto-2014-01-21\/\" target=\"_blank\"><img decoding=\"async\" alt=\"\" width=\"300\" height=\"200\" loading=\"lazy\" src=\"https:\/\/www.cykloromantika.cz\/wp-content\/uploads\/2022\/04\/foto-2014-01-21-300x200.jpg\" srcset=\"https:\/\/www.cykloromantika.cz\/wp-content\/uploads\/2022\/04\/foto-2014-01-21-300x200.jpg 300w,https:\/\/www.cykloromantika.cz\/wp-content\/uploads\/2022\/04\/foto-2014-01-21.jpg 1024w\" sizes=\"auto, 250px\"\/><\/a><div class=\"sgb-item-caption\"><em>Nevinn\u00e9 vypr\u00e1v\u011bn\u00ed u\u017e k\u0159es\u00edlko nemohlo vydr\u017eet.<\/em><\/div><\/div><div class=\"sgb-item\"><a href=\"https:\/\/www.cykloromantika.cz\/foto-2014-01-22\/\" target=\"_blank\"><img decoding=\"async\" alt=\"\" width=\"225\" height=\"300\" loading=\"lazy\" src=\"https:\/\/www.cykloromantika.cz\/wp-content\/uploads\/2022\/04\/foto-2014-01-22-225x300.jpg\" srcset=\"https:\/\/www.cykloromantika.cz\/wp-content\/uploads\/2022\/04\/foto-2014-01-22-225x300.jpg 225w,https:\/\/www.cykloromantika.cz\/wp-content\/uploads\/2022\/04\/foto-2014-01-22.jpg 768w\" sizes=\"auto, 250px\"\/><\/a><div class=\"sgb-item-caption\"><em>Nikdy jsem s v\u00e1mi nejel, ho\u0161ani!<\/em><\/div><\/div><div class=\"sgb-item\"><a href=\"https:\/\/www.cykloromantika.cz\/foto-2014-01-23\/\" target=\"_blank\"><img decoding=\"async\" alt=\"\" width=\"225\" height=\"300\" loading=\"lazy\" src=\"https:\/\/www.cykloromantika.cz\/wp-content\/uploads\/2022\/04\/foto-2014-01-23-225x300.jpg\" srcset=\"https:\/\/www.cykloromantika.cz\/wp-content\/uploads\/2022\/04\/foto-2014-01-23-225x300.jpg 225w,https:\/\/www.cykloromantika.cz\/wp-content\/uploads\/2022\/04\/foto-2014-01-23.jpg 768w\" sizes=\"auto, 250px\"\/><\/a><div class=\"sgb-item-caption\"><em>Kdy\u017e se nem\u016f\u017eu op\u0159\u00edt dozadu, zkus\u00edm to dop\u0159edu.<\/em><\/div><\/div><div class=\"sgb-item\"><a href=\"https:\/\/www.cykloromantika.cz\/foto-2014-01-24\/\" target=\"_blank\"><img decoding=\"async\" alt=\"\" width=\"300\" height=\"200\" loading=\"lazy\" src=\"https:\/\/www.cykloromantika.cz\/wp-content\/uploads\/2022\/04\/foto-2014-01-24-300x200.jpg\" srcset=\"https:\/\/www.cykloromantika.cz\/wp-content\/uploads\/2022\/04\/foto-2014-01-24-300x200.jpg 300w,https:\/\/www.cykloromantika.cz\/wp-content\/uploads\/2022\/04\/foto-2014-01-24.jpg 1024w\" sizes=\"auto, 250px\"\/><\/a><div class=\"sgb-item-caption\"><em>Krun\u00fd\u0159 bojovn\u00edka<\/em><\/div><\/div><div class=\"sgb-item\"><a href=\"https:\/\/www.cykloromantika.cz\/foto-2014-01-25\/\" target=\"_blank\"><img decoding=\"async\" alt=\"\" width=\"300\" height=\"225\" loading=\"lazy\" src=\"https:\/\/www.cykloromantika.cz\/wp-content\/uploads\/2022\/04\/foto-2014-01-25-300x225.jpg\" srcset=\"https:\/\/www.cykloromantika.cz\/wp-content\/uploads\/2022\/04\/foto-2014-01-25-300x225.jpg 300w,https:\/\/www.cykloromantika.cz\/wp-content\/uploads\/2022\/04\/foto-2014-01-25.jpg 1024w\" sizes=\"auto, 250px\"\/><\/a><div class=\"sgb-item-caption\"><em>\u0160tramberk \u2013 nakonec se stal kone\u010dnou prvn\u00edmu dni.<\/em><\/div><\/div><div class=\"sgb-item\"><a href=\"https:\/\/www.cykloromantika.cz\/foto-2014-01-26\/\" target=\"_blank\"><img decoding=\"async\" alt=\"\" width=\"200\" height=\"300\" loading=\"lazy\" src=\"https:\/\/www.cykloromantika.cz\/wp-content\/uploads\/2022\/04\/foto-2014-01-26-200x300.jpg\" srcset=\"https:\/\/www.cykloromantika.cz\/wp-content\/uploads\/2022\/04\/foto-2014-01-26-200x300.jpg 200w,https:\/\/www.cykloromantika.cz\/wp-content\/uploads\/2022\/04\/foto-2014-01-26.jpg 683w\" sizes=\"auto, 250px\"\/><\/a><div class=\"sgb-item-caption\"><em>Je t\u0159eba se pochlubit dom\u016f se z\u00e1\u017eitky z cesty.<\/em><\/div><\/div><\/div><\/noscript><\/div><script type=\"application\/json\" class=\"sgb-data\">{\"lastRowFill\":true,\"collectionThumbRecomendedHeight\":300,\"collectionThumbMiniScreenScale\":true,\"captionHAlign\":\"bottom\",\"collectionthumbHoverTitleFontSize\":12,\"collectionthumbRoundedCorners\":8,\"collectionthumbHoverTitleTextBgColor\":\"rgba(0,0,0,0.44)\",\"collectionThumbSubMenuShare\":false,\"galleryType\":\"pgc_sgb_justified\",\"galleryId\":\"0b170394\",\"images\":[{\"id\":5888,\"title\":\"Foto 2014 01 01\",\"url\":\"https:\/\/www.cykloromantika.cz\/wp-content\/uploads\/2022\/04\/foto-2014-01-01.jpg\",\"link\":\"https:\/\/www.cykloromantika.cz\/foto-2014-01-01\/\",\"alt\":\"\",\"description\":\"\",\"caption\":\"Z\u00e1ti\u0161\u00ed s kolem\",\"mime\":\"image\/jpeg\",\"type\":\"image\",\"width\":1024,\"height\":683,\"sizes\":{\"thumbnail\":{\"height\":100,\"width\":150,\"url\":\"https:\/\/www.cykloromantika.cz\/wp-content\/uploads\/2022\/04\/foto-2014-01-01-150x100.jpg\",\"orientation\":\"landscape\"},\"medium\":{\"height\":200,\"width\":300,\"url\":\"https:\/\/www.cykloromantika.cz\/wp-content\/uploads\/2022\/04\/foto-2014-01-01-300x200.jpg\",\"orientation\":\"landscape\"},\"full\":{\"url\":\"https:\/\/www.cykloromantika.cz\/wp-content\/uploads\/2022\/04\/foto-2014-01-01.jpg\",\"height\":683,\"width\":1024,\"orientation\":\"landscape\"}},\"meta\":false,\"postlink\":\"https:\/\/www.cykloromantika.cz\/foto-2014-01-01\/\"},{\"id\":5889,\"title\":\"Foto 2014 01 02\",\"url\":\"https:\/\/www.cykloromantika.cz\/wp-content\/uploads\/2022\/04\/foto-2014-01-02.jpg\",\"link\":\"https:\/\/www.cykloromantika.cz\/foto-2014-01-02\/\",\"alt\":\"\",\"description\":\"\",\"caption\":\"Brat\u0159i bez trika\",\"mime\":\"image\/jpeg\",\"type\":\"image\",\"width\":1024,\"height\":683,\"sizes\":{\"thumbnail\":{\"height\":100,\"width\":150,\"url\":\"https:\/\/www.cykloromantika.cz\/wp-content\/uploads\/2022\/04\/foto-2014-01-02-150x100.jpg\",\"orientation\":\"landscape\"},\"medium\":{\"height\":200,\"width\":300,\"url\":\"https:\/\/www.cykloromantika.cz\/wp-content\/uploads\/2022\/04\/foto-2014-01-02-300x200.jpg\",\"orientation\":\"landscape\"},\"full\":{\"url\":\"https:\/\/www.cykloromantika.cz\/wp-content\/uploads\/2022\/04\/foto-2014-01-02.jpg\",\"height\":683,\"width\":1024,\"orientation\":\"landscape\"}},\"meta\":false,\"postlink\":\"https:\/\/www.cykloromantika.cz\/foto-2014-01-02\/\"},{\"id\":5890,\"title\":\"Foto 2014 01 03\",\"url\":\"https:\/\/www.cykloromantika.cz\/wp-content\/uploads\/2022\/04\/foto-2014-01-03.jpg\",\"link\":\"https:\/\/www.cykloromantika.cz\/foto-2014-01-03\/\",\"alt\":\"\",\"description\":\"\",\"caption\":\"Von\u00ed hezky\",\"mime\":\"image\/jpeg\",\"type\":\"image\",\"width\":683,\"height\":1024,\"sizes\":{\"thumbnail\":{\"height\":150,\"width\":100,\"url\":\"https:\/\/www.cykloromantika.cz\/wp-content\/uploads\/2022\/04\/foto-2014-01-03-100x150.jpg\",\"orientation\":\"portrait\"},\"medium\":{\"height\":300,\"width\":200,\"url\":\"https:\/\/www.cykloromantika.cz\/wp-content\/uploads\/2022\/04\/foto-2014-01-03-200x300.jpg\",\"orientation\":\"portrait\"},\"full\":{\"url\":\"https:\/\/www.cykloromantika.cz\/wp-content\/uploads\/2022\/04\/foto-2014-01-03.jpg\",\"height\":1024,\"width\":683,\"orientation\":\"portrait\"}},\"meta\":false,\"postlink\":\"https:\/\/www.cykloromantika.cz\/foto-2014-01-03\/\"},{\"id\":5891,\"title\":\"Foto 2014 01 04\",\"url\":\"https:\/\/www.cykloromantika.cz\/wp-content\/uploads\/2022\/04\/foto-2014-01-04.jpg\",\"link\":\"https:\/\/www.cykloromantika.cz\/foto-2014-01-04\/\",\"alt\":\"\",\"description\":\"\",\"caption\":\"A nos n\u00e1m \u0161piritus pod nos, Tome!\",\"mime\":\"image\/jpeg\",\"type\":\"image\",\"width\":1024,\"height\":683,\"sizes\":{\"thumbnail\":{\"height\":100,\"width\":150,\"url\":\"https:\/\/www.cykloromantika.cz\/wp-content\/uploads\/2022\/04\/foto-2014-01-04-150x100.jpg\",\"orientation\":\"landscape\"},\"medium\":{\"height\":200,\"width\":300,\"url\":\"https:\/\/www.cykloromantika.cz\/wp-content\/uploads\/2022\/04\/foto-2014-01-04-300x200.jpg\",\"orientation\":\"landscape\"},\"full\":{\"url\":\"https:\/\/www.cykloromantika.cz\/wp-content\/uploads\/2022\/04\/foto-2014-01-04.jpg\",\"height\":683,\"width\":1024,\"orientation\":\"landscape\"}},\"meta\":false,\"postlink\":\"https:\/\/www.cykloromantika.cz\/foto-2014-01-04\/\"},{\"id\":5892,\"title\":\"Foto 2014 01 05\",\"url\":\"https:\/\/www.cykloromantika.cz\/wp-content\/uploads\/2022\/04\/foto-2014-01-05.jpg\",\"link\":\"https:\/\/www.cykloromantika.cz\/foto-2014-01-05\/\",\"alt\":\"\",\"description\":\"\",\"caption\":\"Zapeklit\u00e9 balen\u00ed v tuto pokro\u010dilou dobu\",\"mime\":\"image\/jpeg\",\"type\":\"image\",\"width\":1024,\"height\":682,\"sizes\":{\"thumbnail\":{\"height\":100,\"width\":150,\"url\":\"https:\/\/www.cykloromantika.cz\/wp-content\/uploads\/2022\/04\/foto-2014-01-05-150x100.jpg\",\"orientation\":\"landscape\"},\"medium\":{\"height\":200,\"width\":300,\"url\":\"https:\/\/www.cykloromantika.cz\/wp-content\/uploads\/2022\/04\/foto-2014-01-05-300x200.jpg\",\"orientation\":\"landscape\"},\"full\":{\"url\":\"https:\/\/www.cykloromantika.cz\/wp-content\/uploads\/2022\/04\/foto-2014-01-05.jpg\",\"height\":682,\"width\":1024,\"orientation\":\"landscape\"}},\"meta\":false,\"postlink\":\"https:\/\/www.cykloromantika.cz\/foto-2014-01-05\/\"},{\"id\":5893,\"title\":\"Foto 2014 01 06\",\"url\":\"https:\/\/www.cykloromantika.cz\/wp-content\/uploads\/2022\/04\/foto-2014-01-06.jpg\",\"link\":\"https:\/\/www.cykloromantika.cz\/foto-2014-01-06\/\",\"alt\":\"\",\"description\":\"\",\"caption\":\"A poda\u0159ilo se!\",\"mime\":\"image\/jpeg\",\"type\":\"image\",\"width\":682,\"height\":1024,\"sizes\":{\"thumbnail\":{\"height\":150,\"width\":100,\"url\":\"https:\/\/www.cykloromantika.cz\/wp-content\/uploads\/2022\/04\/foto-2014-01-06-100x150.jpg\",\"orientation\":\"portrait\"},\"medium\":{\"height\":300,\"width\":200,\"url\":\"https:\/\/www.cykloromantika.cz\/wp-content\/uploads\/2022\/04\/foto-2014-01-06-200x300.jpg\",\"orientation\":\"portrait\"},\"full\":{\"url\":\"https:\/\/www.cykloromantika.cz\/wp-content\/uploads\/2022\/04\/foto-2014-01-06.jpg\",\"height\":1024,\"width\":682,\"orientation\":\"portrait\"}},\"meta\":false,\"postlink\":\"https:\/\/www.cykloromantika.cz\/foto-2014-01-06\/\"},{\"id\":5894,\"title\":\"Foto 2014 01 07\",\"url\":\"https:\/\/www.cykloromantika.cz\/wp-content\/uploads\/2022\/04\/foto-2014-01-07.jpg\",\"link\":\"https:\/\/www.cykloromantika.cz\/foto-2014-01-07\/\",\"alt\":\"\",\"description\":\"\",\"caption\":\"Nezbytn\u00e1 v\u00fdbava na cykloromantickou v\u00fdpravu\",\"mime\":\"image\/jpeg\",\"type\":\"image\",\"width\":1024,\"height\":768,\"sizes\":{\"thumbnail\":{\"height\":113,\"width\":150,\"url\":\"https:\/\/www.cykloromantika.cz\/wp-content\/uploads\/2022\/04\/foto-2014-01-07-150x113.jpg\",\"orientation\":\"landscape\"},\"medium\":{\"height\":225,\"width\":300,\"url\":\"https:\/\/www.cykloromantika.cz\/wp-content\/uploads\/2022\/04\/foto-2014-01-07-300x225.jpg\",\"orientation\":\"landscape\"},\"full\":{\"url\":\"https:\/\/www.cykloromantika.cz\/wp-content\/uploads\/2022\/04\/foto-2014-01-07.jpg\",\"height\":768,\"width\":1024,\"orientation\":\"landscape\"}},\"meta\":false,\"postlink\":\"https:\/\/www.cykloromantika.cz\/foto-2014-01-07\/\"},{\"id\":5895,\"title\":\"Foto 2014 01 08\",\"url\":\"https:\/\/www.cykloromantika.cz\/wp-content\/uploads\/2022\/04\/foto-2014-01-08.jpg\",\"link\":\"https:\/\/www.cykloromantika.cz\/foto-2014-01-08\/\",\"alt\":\"\",\"description\":\"\",\"caption\":\"Kam d\u00e1m jenom to sedlo?\",\"mime\":\"image\/jpeg\",\"type\":\"image\",\"width\":683,\"height\":1024,\"sizes\":{\"thumbnail\":{\"height\":150,\"width\":100,\"url\":\"https:\/\/www.cykloromantika.cz\/wp-content\/uploads\/2022\/04\/foto-2014-01-08-100x150.jpg\",\"orientation\":\"portrait\"},\"medium\":{\"height\":300,\"width\":200,\"url\":\"https:\/\/www.cykloromantika.cz\/wp-content\/uploads\/2022\/04\/foto-2014-01-08-200x300.jpg\",\"orientation\":\"portrait\"},\"full\":{\"url\":\"https:\/\/www.cykloromantika.cz\/wp-content\/uploads\/2022\/04\/foto-2014-01-08.jpg\",\"height\":1024,\"width\":683,\"orientation\":\"portrait\"}},\"meta\":false,\"postlink\":\"https:\/\/www.cykloromantika.cz\/foto-2014-01-08\/\"},{\"id\":5896,\"title\":\"Foto 2014 01 09\",\"url\":\"https:\/\/www.cykloromantika.cz\/wp-content\/uploads\/2022\/04\/foto-2014-01-09.jpg\",\"link\":\"https:\/\/www.cykloromantika.cz\/foto-2014-01-09\/\",\"alt\":\"\",\"description\":\"\",\"caption\":\"Kravsk\u00fd \u0159et\u011bz pro b\u00fdka\",\"mime\":\"image\/jpeg\",\"type\":\"image\",\"width\":683,\"height\":1024,\"sizes\":{\"thumbnail\":{\"height\":150,\"width\":100,\"url\":\"https:\/\/www.cykloromantika.cz\/wp-content\/uploads\/2022\/04\/foto-2014-01-09-100x150.jpg\",\"orientation\":\"portrait\"},\"medium\":{\"height\":300,\"width\":200,\"url\":\"https:\/\/www.cykloromantika.cz\/wp-content\/uploads\/2022\/04\/foto-2014-01-09-200x300.jpg\",\"orientation\":\"portrait\"},\"full\":{\"url\":\"https:\/\/www.cykloromantika.cz\/wp-content\/uploads\/2022\/04\/foto-2014-01-09.jpg\",\"height\":1024,\"width\":683,\"orientation\":\"portrait\"}},\"meta\":false,\"postlink\":\"https:\/\/www.cykloromantika.cz\/foto-2014-01-09\/\"},{\"id\":5897,\"title\":\"Foto 2014 01 10\",\"url\":\"https:\/\/www.cykloromantika.cz\/wp-content\/uploads\/2022\/04\/foto-2014-01-10.jpg\",\"link\":\"https:\/\/www.cykloromantika.cz\/foto-2014-01-10\/\",\"alt\":\"\",\"description\":\"\",\"caption\":\"Vyraz\u00edme u\u017e?\",\"mime\":\"image\/jpeg\",\"type\":\"image\",\"width\":1024,\"height\":683,\"sizes\":{\"thumbnail\":{\"height\":100,\"width\":150,\"url\":\"https:\/\/www.cykloromantika.cz\/wp-content\/uploads\/2022\/04\/foto-2014-01-10-150x100.jpg\",\"orientation\":\"landscape\"},\"medium\":{\"height\":200,\"width\":300,\"url\":\"https:\/\/www.cykloromantika.cz\/wp-content\/uploads\/2022\/04\/foto-2014-01-10-300x200.jpg\",\"orientation\":\"landscape\"},\"full\":{\"url\":\"https:\/\/www.cykloromantika.cz\/wp-content\/uploads\/2022\/04\/foto-2014-01-10.jpg\",\"height\":683,\"width\":1024,\"orientation\":\"landscape\"}},\"meta\":false,\"postlink\":\"https:\/\/www.cykloromantika.cz\/foto-2014-01-10\/\"},{\"id\":5898,\"title\":\"Foto 2014 01 11\",\"url\":\"https:\/\/www.cykloromantika.cz\/wp-content\/uploads\/2022\/04\/foto-2014-01-11.jpg\",\"link\":\"https:\/\/www.cykloromantika.cz\/foto-2014-01-11\/\",\"alt\":\"\",\"description\":\"\",\"caption\":\"Je\u0161t\u011b vysm\u00e1t\u00ed...\",\"mime\":\"image\/jpeg\",\"type\":\"image\",\"width\":1024,\"height\":683,\"sizes\":{\"thumbnail\":{\"height\":100,\"width\":150,\"url\":\"https:\/\/www.cykloromantika.cz\/wp-content\/uploads\/2022\/04\/foto-2014-01-11-150x100.jpg\",\"orientation\":\"landscape\"},\"medium\":{\"height\":200,\"width\":300,\"url\":\"https:\/\/www.cykloromantika.cz\/wp-content\/uploads\/2022\/04\/foto-2014-01-11-300x200.jpg\",\"orientation\":\"landscape\"},\"full\":{\"url\":\"https:\/\/www.cykloromantika.cz\/wp-content\/uploads\/2022\/04\/foto-2014-01-11.jpg\",\"height\":683,\"width\":1024,\"orientation\":\"landscape\"}},\"meta\":false,\"postlink\":\"https:\/\/www.cykloromantika.cz\/foto-2014-01-11\/\"},{\"id\":5899,\"title\":\"Foto 2014 01 12\",\"url\":\"https:\/\/www.cykloromantika.cz\/wp-content\/uploads\/2022\/04\/foto-2014-01-12.jpg\",\"link\":\"https:\/\/www.cykloromantika.cz\/foto-2014-01-12\/\",\"alt\":\"\",\"description\":\"\",\"caption\":\"Je\u0161t\u011b v Ostrav\u011b... Ale je tady kr\u00e1sn\u011b!\",\"mime\":\"image\/jpeg\",\"type\":\"image\",\"width\":683,\"height\":1024,\"sizes\":{\"thumbnail\":{\"height\":150,\"width\":100,\"url\":\"https:\/\/www.cykloromantika.cz\/wp-content\/uploads\/2022\/04\/foto-2014-01-12-100x150.jpg\",\"orientation\":\"portrait\"},\"medium\":{\"height\":300,\"width\":200,\"url\":\"https:\/\/www.cykloromantika.cz\/wp-content\/uploads\/2022\/04\/foto-2014-01-12-200x300.jpg\",\"orientation\":\"portrait\"},\"full\":{\"url\":\"https:\/\/www.cykloromantika.cz\/wp-content\/uploads\/2022\/04\/foto-2014-01-12.jpg\",\"height\":1024,\"width\":683,\"orientation\":\"portrait\"}},\"meta\":false,\"postlink\":\"https:\/\/www.cykloromantika.cz\/foto-2014-01-12\/\"},{\"id\":5900,\"title\":\"Foto 2014 01 13\",\"url\":\"https:\/\/www.cykloromantika.cz\/wp-content\/uploads\/2022\/04\/foto-2014-01-13.jpg\",\"link\":\"https:\/\/www.cykloromantika.cz\/foto-2014-01-13\/\",\"alt\":\"\",\"description\":\"\",\"caption\":\"Prvn\u00ed zast\u00e1vka po 5 km\",\"mime\":\"image\/jpeg\",\"type\":\"image\",\"width\":1024,\"height\":683,\"sizes\":{\"thumbnail\":{\"height\":100,\"width\":150,\"url\":\"https:\/\/www.cykloromantika.cz\/wp-content\/uploads\/2022\/04\/foto-2014-01-13-150x100.jpg\",\"orientation\":\"landscape\"},\"medium\":{\"height\":200,\"width\":300,\"url\":\"https:\/\/www.cykloromantika.cz\/wp-content\/uploads\/2022\/04\/foto-2014-01-13-300x200.jpg\",\"orientation\":\"landscape\"},\"full\":{\"url\":\"https:\/\/www.cykloromantika.cz\/wp-content\/uploads\/2022\/04\/foto-2014-01-13.jpg\",\"height\":683,\"width\":1024,\"orientation\":\"landscape\"}},\"meta\":false,\"postlink\":\"https:\/\/www.cykloromantika.cz\/foto-2014-01-13\/\"},{\"id\":5901,\"title\":\"Foto 2014 01 14\",\"url\":\"https:\/\/www.cykloromantika.cz\/wp-content\/uploads\/2022\/04\/foto-2014-01-14.jpg\",\"link\":\"https:\/\/www.cykloromantika.cz\/foto-2014-01-14\/\",\"alt\":\"\",\"description\":\"\",\"caption\":\"Nezbytn\u00e1 selfie... little selfish (Angli\u010dtina se n\u00e1m bude cestou hodit.)\",\"mime\":\"image\/jpeg\",\"type\":\"image\",\"width\":1024,\"height\":683,\"sizes\":{\"thumbnail\":{\"height\":100,\"width\":150,\"url\":\"https:\/\/www.cykloromantika.cz\/wp-content\/uploads\/2022\/04\/foto-2014-01-14-150x100.jpg\",\"orientation\":\"landscape\"},\"medium\":{\"height\":200,\"width\":300,\"url\":\"https:\/\/www.cykloromantika.cz\/wp-content\/uploads\/2022\/04\/foto-2014-01-14-300x200.jpg\",\"orientation\":\"landscape\"},\"full\":{\"url\":\"https:\/\/www.cykloromantika.cz\/wp-content\/uploads\/2022\/04\/foto-2014-01-14.jpg\",\"height\":683,\"width\":1024,\"orientation\":\"landscape\"}},\"meta\":false,\"postlink\":\"https:\/\/www.cykloromantika.cz\/foto-2014-01-14\/\"},{\"id\":5902,\"title\":\"Foto 2014 01 15\",\"url\":\"https:\/\/www.cykloromantika.cz\/wp-content\/uploads\/2022\/04\/foto-2014-01-15.jpg\",\"link\":\"https:\/\/www.cykloromantika.cz\/foto-2014-01-15\/\",\"alt\":\"\",\"description\":\"\",\"caption\":\"Vj\u00ed\u017ed\u00edme do Albrechti\u010dek, kde zanech\u00e1me nesmazatelnou stopu.\",\"mime\":\"image\/jpeg\",\"type\":\"image\",\"width\":1024,\"height\":683,\"sizes\":{\"thumbnail\":{\"height\":100,\"width\":150,\"url\":\"https:\/\/www.cykloromantika.cz\/wp-content\/uploads\/2022\/04\/foto-2014-01-15-150x100.jpg\",\"orientation\":\"landscape\"},\"medium\":{\"height\":200,\"width\":300,\"url\":\"https:\/\/www.cykloromantika.cz\/wp-content\/uploads\/2022\/04\/foto-2014-01-15-300x200.jpg\",\"orientation\":\"landscape\"},\"full\":{\"url\":\"https:\/\/www.cykloromantika.cz\/wp-content\/uploads\/2022\/04\/foto-2014-01-15.jpg\",\"height\":683,\"width\":1024,\"orientation\":\"landscape\"}},\"meta\":false,\"postlink\":\"https:\/\/www.cykloromantika.cz\/foto-2014-01-15\/\"},{\"id\":5903,\"title\":\"Foto 2014 01 16\",\"url\":\"https:\/\/www.cykloromantika.cz\/wp-content\/uploads\/2022\/04\/foto-2014-01-16.jpg\",\"link\":\"https:\/\/www.cykloromantika.cz\/foto-2014-01-16\/\",\"alt\":\"\",\"description\":\"\",\"caption\":\"Za\u010d\u00edn\u00e1 to nevinn\u011b... pivn\u00edm tancem.\",\"mime\":\"image\/jpeg\",\"type\":\"image\",\"width\":683,\"height\":1024,\"sizes\":{\"thumbnail\":{\"height\":150,\"width\":100,\"url\":\"https:\/\/www.cykloromantika.cz\/wp-content\/uploads\/2022\/04\/foto-2014-01-16-100x150.jpg\",\"orientation\":\"portrait\"},\"medium\":{\"height\":300,\"width\":200,\"url\":\"https:\/\/www.cykloromantika.cz\/wp-content\/uploads\/2022\/04\/foto-2014-01-16-200x300.jpg\",\"orientation\":\"portrait\"},\"full\":{\"url\":\"https:\/\/www.cykloromantika.cz\/wp-content\/uploads\/2022\/04\/foto-2014-01-16.jpg\",\"height\":1024,\"width\":683,\"orientation\":\"portrait\"}},\"meta\":false,\"postlink\":\"https:\/\/www.cykloromantika.cz\/foto-2014-01-16\/\"},{\"id\":5904,\"title\":\"Foto 2014 01 17\",\"url\":\"https:\/\/www.cykloromantika.cz\/wp-content\/uploads\/2022\/04\/foto-2014-01-17.jpg\",\"link\":\"https:\/\/www.cykloromantika.cz\/foto-2014-01-17\/\",\"alt\":\"\",\"description\":\"\",\"caption\":\"J\u00edzda Pood\u0159\u00edm na n\u00e1s zanechala stopy.\",\"mime\":\"image\/jpeg\",\"type\":\"image\",\"width\":1024,\"height\":759,\"sizes\":{\"thumbnail\":{\"height\":111,\"width\":150,\"url\":\"https:\/\/www.cykloromantika.cz\/wp-content\/uploads\/2022\/04\/foto-2014-01-17-150x111.jpg\",\"orientation\":\"landscape\"},\"medium\":{\"height\":222,\"width\":300,\"url\":\"https:\/\/www.cykloromantika.cz\/wp-content\/uploads\/2022\/04\/foto-2014-01-17-300x222.jpg\",\"orientation\":\"landscape\"},\"full\":{\"url\":\"https:\/\/www.cykloromantika.cz\/wp-content\/uploads\/2022\/04\/foto-2014-01-17.jpg\",\"height\":759,\"width\":1024,\"orientation\":\"landscape\"}},\"meta\":false,\"postlink\":\"https:\/\/www.cykloromantika.cz\/foto-2014-01-17\/\"},{\"id\":5905,\"title\":\"Foto 2014 01 18\",\"url\":\"https:\/\/www.cykloromantika.cz\/wp-content\/uploads\/2022\/04\/foto-2014-01-18.jpg\",\"link\":\"https:\/\/www.cykloromantika.cz\/foto-2014-01-18\/\",\"alt\":\"\",\"description\":\"\",\"caption\":\"Pepa o tom dovede vypr\u00e1v\u011bt se zaujet\u00edm.\",\"mime\":\"image\/jpeg\",\"type\":\"image\",\"width\":683,\"height\":1024,\"sizes\":{\"thumbnail\":{\"height\":150,\"width\":100,\"url\":\"https:\/\/www.cykloromantika.cz\/wp-content\/uploads\/2022\/04\/foto-2014-01-18-100x150.jpg\",\"orientation\":\"portrait\"},\"medium\":{\"height\":300,\"width\":200,\"url\":\"https:\/\/www.cykloromantika.cz\/wp-content\/uploads\/2022\/04\/foto-2014-01-18-200x300.jpg\",\"orientation\":\"portrait\"},\"full\":{\"url\":\"https:\/\/www.cykloromantika.cz\/wp-content\/uploads\/2022\/04\/foto-2014-01-18.jpg\",\"height\":1024,\"width\":683,\"orientation\":\"portrait\"}},\"meta\":false,\"postlink\":\"https:\/\/www.cykloromantika.cz\/foto-2014-01-18\/\"},{\"id\":5906,\"title\":\"Foto 2014 01 19\",\"url\":\"https:\/\/www.cykloromantika.cz\/wp-content\/uploads\/2022\/04\/foto-2014-01-19.jpg\",\"link\":\"https:\/\/www.cykloromantika.cz\/foto-2014-01-19\/\",\"alt\":\"\",\"description\":\"\",\"caption\":\"Pepa o tom dovede vypr\u00e1v\u011bt se zaujet\u00edm.\",\"mime\":\"image\/jpeg\",\"type\":\"image\",\"width\":683,\"height\":1024,\"sizes\":{\"thumbnail\":{\"height\":150,\"width\":100,\"url\":\"https:\/\/www.cykloromantika.cz\/wp-content\/uploads\/2022\/04\/foto-2014-01-19-100x150.jpg\",\"orientation\":\"portrait\"},\"medium\":{\"height\":300,\"width\":200,\"url\":\"https:\/\/www.cykloromantika.cz\/wp-content\/uploads\/2022\/04\/foto-2014-01-19-200x300.jpg\",\"orientation\":\"portrait\"},\"full\":{\"url\":\"https:\/\/www.cykloromantika.cz\/wp-content\/uploads\/2022\/04\/foto-2014-01-19.jpg\",\"height\":1024,\"width\":683,\"orientation\":\"portrait\"}},\"meta\":false,\"postlink\":\"https:\/\/www.cykloromantika.cz\/foto-2014-01-19\/\"},{\"id\":5907,\"title\":\"Foto 2014 01 20\",\"url\":\"https:\/\/www.cykloromantika.cz\/wp-content\/uploads\/2022\/04\/foto-2014-01-20.jpg\",\"link\":\"https:\/\/www.cykloromantika.cz\/foto-2014-01-20\/\",\"alt\":\"\",\"description\":\"\",\"caption\":\"Tak n\u011bjak to, p\u00e1nov\u00e9, asi bylo!\",\"mime\":\"image\/jpeg\",\"type\":\"image\",\"width\":683,\"height\":1024,\"sizes\":{\"thumbnail\":{\"height\":150,\"width\":100,\"url\":\"https:\/\/www.cykloromantika.cz\/wp-content\/uploads\/2022\/04\/foto-2014-01-20-100x150.jpg\",\"orientation\":\"portrait\"},\"medium\":{\"height\":300,\"width\":200,\"url\":\"https:\/\/www.cykloromantika.cz\/wp-content\/uploads\/2022\/04\/foto-2014-01-20-200x300.jpg\",\"orientation\":\"portrait\"},\"full\":{\"url\":\"https:\/\/www.cykloromantika.cz\/wp-content\/uploads\/2022\/04\/foto-2014-01-20.jpg\",\"height\":1024,\"width\":683,\"orientation\":\"portrait\"}},\"meta\":false,\"postlink\":\"https:\/\/www.cykloromantika.cz\/foto-2014-01-20\/\"},{\"id\":5908,\"title\":\"Foto 2014 01 21\",\"url\":\"https:\/\/www.cykloromantika.cz\/wp-content\/uploads\/2022\/04\/foto-2014-01-21.jpg\",\"link\":\"https:\/\/www.cykloromantika.cz\/foto-2014-01-21\/\",\"alt\":\"\",\"description\":\"\",\"caption\":\"Nevinn\u00e9 vypr\u00e1v\u011bn\u00ed u\u017e k\u0159es\u00edlko nemohlo vydr\u017eet.\",\"mime\":\"image\/jpeg\",\"type\":\"image\",\"width\":1024,\"height\":683,\"sizes\":{\"thumbnail\":{\"height\":100,\"width\":150,\"url\":\"https:\/\/www.cykloromantika.cz\/wp-content\/uploads\/2022\/04\/foto-2014-01-21-150x100.jpg\",\"orientation\":\"landscape\"},\"medium\":{\"height\":200,\"width\":300,\"url\":\"https:\/\/www.cykloromantika.cz\/wp-content\/uploads\/2022\/04\/foto-2014-01-21-300x200.jpg\",\"orientation\":\"landscape\"},\"full\":{\"url\":\"https:\/\/www.cykloromantika.cz\/wp-content\/uploads\/2022\/04\/foto-2014-01-21.jpg\",\"height\":683,\"width\":1024,\"orientation\":\"landscape\"}},\"meta\":false,\"postlink\":\"https:\/\/www.cykloromantika.cz\/foto-2014-01-21\/\"},{\"id\":5909,\"title\":\"Foto 2014 01 22\",\"url\":\"https:\/\/www.cykloromantika.cz\/wp-content\/uploads\/2022\/04\/foto-2014-01-22.jpg\",\"link\":\"https:\/\/www.cykloromantika.cz\/foto-2014-01-22\/\",\"alt\":\"\",\"description\":\"\",\"caption\":\"Nikdy jsem s v\u00e1mi nejel, ho\u0161ani!\",\"mime\":\"image\/jpeg\",\"type\":\"image\",\"width\":768,\"height\":1024,\"sizes\":{\"thumbnail\":{\"height\":150,\"width\":113,\"url\":\"https:\/\/www.cykloromantika.cz\/wp-content\/uploads\/2022\/04\/foto-2014-01-22-113x150.jpg\",\"orientation\":\"portrait\"},\"medium\":{\"height\":300,\"width\":225,\"url\":\"https:\/\/www.cykloromantika.cz\/wp-content\/uploads\/2022\/04\/foto-2014-01-22-225x300.jpg\",\"orientation\":\"portrait\"},\"full\":{\"url\":\"https:\/\/www.cykloromantika.cz\/wp-content\/uploads\/2022\/04\/foto-2014-01-22.jpg\",\"height\":1024,\"width\":768,\"orientation\":\"portrait\"}},\"meta\":false,\"postlink\":\"https:\/\/www.cykloromantika.cz\/foto-2014-01-22\/\"},{\"id\":5910,\"title\":\"Foto 2014 01 23\",\"url\":\"https:\/\/www.cykloromantika.cz\/wp-content\/uploads\/2022\/04\/foto-2014-01-23.jpg\",\"link\":\"https:\/\/www.cykloromantika.cz\/foto-2014-01-23\/\",\"alt\":\"\",\"description\":\"\",\"caption\":\"Kdy\u017e se nem\u016f\u017eu op\u0159\u00edt dozadu, zkus\u00edm to dop\u0159edu.\",\"mime\":\"image\/jpeg\",\"type\":\"image\",\"width\":768,\"height\":1024,\"sizes\":{\"thumbnail\":{\"height\":150,\"width\":113,\"url\":\"https:\/\/www.cykloromantika.cz\/wp-content\/uploads\/2022\/04\/foto-2014-01-23-113x150.jpg\",\"orientation\":\"portrait\"},\"medium\":{\"height\":300,\"width\":225,\"url\":\"https:\/\/www.cykloromantika.cz\/wp-content\/uploads\/2022\/04\/foto-2014-01-23-225x300.jpg\",\"orientation\":\"portrait\"},\"full\":{\"url\":\"https:\/\/www.cykloromantika.cz\/wp-content\/uploads\/2022\/04\/foto-2014-01-23.jpg\",\"height\":1024,\"width\":768,\"orientation\":\"portrait\"}},\"meta\":false,\"postlink\":\"https:\/\/www.cykloromantika.cz\/foto-2014-01-23\/\"},{\"id\":5911,\"title\":\"Foto 2014 01 24\",\"url\":\"https:\/\/www.cykloromantika.cz\/wp-content\/uploads\/2022\/04\/foto-2014-01-24.jpg\",\"link\":\"https:\/\/www.cykloromantika.cz\/foto-2014-01-24\/\",\"alt\":\"\",\"description\":\"\",\"caption\":\"Krun\u00fd\u0159 bojovn\u00edka\",\"mime\":\"image\/jpeg\",\"type\":\"image\",\"width\":1024,\"height\":683,\"sizes\":{\"thumbnail\":{\"height\":100,\"width\":150,\"url\":\"https:\/\/www.cykloromantika.cz\/wp-content\/uploads\/2022\/04\/foto-2014-01-24-150x100.jpg\",\"orientation\":\"landscape\"},\"medium\":{\"height\":200,\"width\":300,\"url\":\"https:\/\/www.cykloromantika.cz\/wp-content\/uploads\/2022\/04\/foto-2014-01-24-300x200.jpg\",\"orientation\":\"landscape\"},\"full\":{\"url\":\"https:\/\/www.cykloromantika.cz\/wp-content\/uploads\/2022\/04\/foto-2014-01-24.jpg\",\"height\":683,\"width\":1024,\"orientation\":\"landscape\"}},\"meta\":false,\"postlink\":\"https:\/\/www.cykloromantika.cz\/foto-2014-01-24\/\"},{\"id\":5912,\"title\":\"Foto 2014 01 25\",\"url\":\"https:\/\/www.cykloromantika.cz\/wp-content\/uploads\/2022\/04\/foto-2014-01-25.jpg\",\"link\":\"https:\/\/www.cykloromantika.cz\/foto-2014-01-25\/\",\"alt\":\"\",\"description\":\"\",\"caption\":\"\u0160tramberk \u2013 nakonec se stal kone\u010dnou prvn\u00edmu dni.\",\"mime\":\"image\/jpeg\",\"type\":\"image\",\"width\":1024,\"height\":768,\"sizes\":{\"thumbnail\":{\"height\":113,\"width\":150,\"url\":\"https:\/\/www.cykloromantika.cz\/wp-content\/uploads\/2022\/04\/foto-2014-01-25-150x113.jpg\",\"orientation\":\"landscape\"},\"medium\":{\"height\":225,\"width\":300,\"url\":\"https:\/\/www.cykloromantika.cz\/wp-content\/uploads\/2022\/04\/foto-2014-01-25-300x225.jpg\",\"orientation\":\"landscape\"},\"full\":{\"url\":\"https:\/\/www.cykloromantika.cz\/wp-content\/uploads\/2022\/04\/foto-2014-01-25.jpg\",\"height\":768,\"width\":1024,\"orientation\":\"landscape\"}},\"meta\":false,\"postlink\":\"https:\/\/www.cykloromantika.cz\/foto-2014-01-25\/\"},{\"id\":5913,\"title\":\"Foto 2014 01 26\",\"url\":\"https:\/\/www.cykloromantika.cz\/wp-content\/uploads\/2022\/04\/foto-2014-01-26.jpg\",\"link\":\"https:\/\/www.cykloromantika.cz\/foto-2014-01-26\/\",\"alt\":\"\",\"description\":\"\",\"caption\":\"Je t\u0159eba se pochlubit dom\u016f se z\u00e1\u017eitky z cesty.\",\"mime\":\"image\/jpeg\",\"type\":\"image\",\"width\":683,\"height\":1024,\"sizes\":{\"thumbnail\":{\"height\":150,\"width\":100,\"url\":\"https:\/\/www.cykloromantika.cz\/wp-content\/uploads\/2022\/04\/foto-2014-01-26-100x150.jpg\",\"orientation\":\"portrait\"},\"medium\":{\"height\":300,\"width\":200,\"url\":\"https:\/\/www.cykloromantika.cz\/wp-content\/uploads\/2022\/04\/foto-2014-01-26-200x300.jpg\",\"orientation\":\"portrait\"},\"full\":{\"url\":\"https:\/\/www.cykloromantika.cz\/wp-content\/uploads\/2022\/04\/foto-2014-01-26.jpg\",\"height\":1024,\"width\":683,\"orientation\":\"portrait\"}},\"meta\":false,\"postlink\":\"https:\/\/www.cykloromantika.cz\/foto-2014-01-26\/\"}],\"itemsMetaDataCollection\":[],\"galleryData\":\"{\\u0022pageMode\\u0022:false,\\u0022lastRowFill\\u0022:true,\\u0022collectionThumbRecomendedHeight\\u0022:300,\\u0022collectionThumbMiniScreenScale\\u0022:true,\\u0022thumbSpacing\\u0022:5,\\u0022externalLink\\u0022:true,\\u0022externalLinkDefName\\u0022:\\u0022Read More\\u0022,\\u0022externalLinkTextColor\\u0022:\\u0022rgba(0,0,0,1)\\u0022,\\u0022externalLinkBgColor\\u0022:\\u0022rgba(255,255,255,1)\\u0022,\\u0022externalLinkFontSize\\u0022:18,\\u0022captions\\u0022:true,\\u0022captionSrc\\u0022:\\u0022caption\\u0022,\\u0022captionHAlign\\u0022:\\u0022bottom\\u0022,\\u0022collectionthumbHoverTitleFontSize\\u0022:12,\\u0022collectionthumbRoundedCorners\\u0022:8,\\u0022collectionthumbHoverTitleTextColor\\u0022:\\u0022rgba(255,255,255,1)\\u0022,\\u0022collectionthumbHoverTitleTextBgColor\\u0022:\\u0022rgba(0,0,0,0.44)\\u0022,\\u0022collectionthumbHoverBgColor\\u0022:\\u0022rgba(0,0,0,0.4)\\u0022,\\u0022collectionThumbSubMenuDownload\\u0022:true,\\u0022collectionThumbSubMenuShare\\u0022:false,\\u0022collectionThumbSubMenuBgColor\\u0022:\\u0022rgba(0,0,0,0.4)\\u0022,\\u0022collectionThumbSubMenuBgColorHover\\u0022:\\u0022rgba(255,255,255,1)\\u0022,\\u0022collectionThumbSubMenuIconColor\\u0022:\\u0022rgba(255,255,255,1)\\u0022,\\u0022collectionThumbSubMenuIconColorHover\\u0022:\\u0022rgba(0,0,0,1)\\u0022,\\u0022settingsModalIsOpen\\u0022:false,\\u0022galleryType\\u0022:\\u0022pgc_sgb_justified\\u0022,\\u0022align\\u0022:\\u0022\\u0022,\\u0022galleryId\\u0022:\\u00220b170394\\u0022,\\u0022tagsListCustomMode\\u0022:false,\\u0022initGalleryByFirstTag\\u0022:false,\\u0022deepLinkingForTag\\u0022:false,\\u0022galleryTagsList\\u0022:[],\\u0022useClobalSettings\\u0022:true,\\u0022orderBy\\u0022:\\u0022custom\\u0022,\\u0022deepLinking\\u0022:false,\\u0022useLightbox\\u0022:true,\\u0022thumbClickAction\\u0022:\\u0022useLightbox\\u0022,\\u0022numItemsDisplayed\\u0022:0,\\u0022lazyLoading\\u0022:true,\\u0022contentNoPadding\\u0022:false,\\u0022galleryPreloaderColor\\u0022:\\u0022rgba(230,230,230,1)\\u0022,\\u0022galleryBgColor\\u0022:\\u0022rgba(0,0,0,0)\\u0022,\\u0022galleryBorderRadius\\u0022:8,\\u0022customCSS\\u0022:\\u0022\\u0022,\\u0022itemsPerPage\\u0022:20,\\u0022loadMoreDefName\\u0022:\\u0022Load More\\u0022,\\u0022loadMoreFontSize\\u0022:16,\\u0022loadMoreTextColor\\u0022:\\u0022rgba(255,255,255,1)\\u0022,\\u0022loadMoreBgColor\\u0022:\\u0022rgba(0,0,0,1)\\u0022,\\u0022tagsFilter\\u0022:false,\\u0022tagCloudAll\\u0022:\\u0022All\\u0022,\\u0022tagCloudBgColor\\u0022:\\u0022rgba(153,153,153,1)\\u0022,\\u0022tagCloudBgColorOver\\u0022:\\u0022rgba(253,253,253,1)\\u0022,\\u0022tagCloudTextColor\\u0022:\\u0022rgba(253,253,253,1)\\u0022,\\u0022tagCloudTextColorOver\\u0022:\\u0022rgba(153,153,153,1)\\u0022,\\u0022tagCloudFontSize\\u0022:16,\\u0022modaBgColor\\u0022:\\u0022rgba(0,0,0,0.8)\\u0022,\\u0022modalIconColor\\u0022:\\u0022rgba(255,255,255,1)\\u0022,\\u0022modalIconColorHover\\u0022:\\u0022rgba(255,255,255,0.8)\\u0022,\\u0022shareFacebook\\u0022:false,\\u0022shareTwitter\\u0022:false,\\u0022sharePinterest\\u0022:false,\\u0022sliderItemDownload\\u0022:true,\\u0022shareCopyLink\\u0022:true,\\u0022sharePost\\u0022:\\u0022postlink\\u0022,\\u0022copyRProtection\\u0022:false,\\u0022copyRAlert\\u0022:\\u0022Hello, this photo is mine!\\u0022,\\u0022sliderScrollNavi\\u0022:false,\\u0022sliderFullSizeViewMode\\u0022:false,\\u0022sliderNextPrevAnimation\\u0022:\\u0022animation\\u0022,\\u0022galleryScrollPositionControll\\u0022:false,\\u0022sliderVideoAutoPlay\\u0022:false,\\u0022sliderVideoLoop\\u0022:false,\\u0022sliderItemCounterEnable\\u0022:true,\\u0022sliderCaptionSrc\\u0022:\\u0022caption\\u0022,\\u0022sliderItemTitleEnable\\u0022:true,\\u0022sliderItemTitleFontSize\\u0022:18,\\u0022sliderItemTitleTextColor\\u0022:\\u0022rgba(255,255,255,1)\\u0022,\\u0022itemCounterColor\\u0022:\\u0022rgba(255,255,255,1)\\u0022,\\u0022sliderThumbBarEnable\\u0022:true,\\u0022sliderThumbBarHoverColor\\u0022:\\u0022rgba(240,240,240,1)\\u0022,\\u0022sliderBgColor\\u0022:\\u0022rgba(0,0,0,0.8)\\u0022,\\u0022sliderPreloaderColor\\u0022:\\u0022rgba(240,240,240,1)\\u0022,\\u0022sliderHeaderFooterBgColor\\u0022:\\u0022rgba(0,0,0,0.4)\\u0022,\\u0022sliderNavigationColor\\u0022:\\u0022rgba(0,0,0,1)\\u0022,\\u0022sliderNavigationColorOver\\u0022:\\u0022rgba(255,255,255,1)\\u0022,\\u0022sliderNavigationIconColor\\u0022:\\u0022rgba(255,255,255,1)\\u0022,\\u0022sliderNavigationIconColorOver\\u0022:\\u0022rgba(0,0,0,1)\\u0022,\\u0022sliderSlideshow\\u0022:true,\\u0022sliderSlideshowDelay\\u0022:8,\\u0022slideshowIndicatorColor\\u0022:\\u0022rgba(255,255,255,1)\\u0022,\\u0022slideshowIndicatorColorBg\\u0022:\\u0022rgba(255,255,255,0.5)\\u0022,\\u0022sliderThumbSubMenuBackgroundColor\\u0022:\\u0022rgba(255,255,255,0)\\u0022,\\u0022sliderThumbSubMenuBackgroundColorOver\\u0022:\\u0022rgba(255,255,255,1)\\u0022,\\u0022sliderThumbSubMenuIconColor\\u0022:\\u0022rgba(255,255,255,1)\\u0022,\\u0022sliderThumbSubMenuIconHoverColor\\u0022:\\u0022rgba(0,0,0,1)\\u0022,\\u0022sliderSocialShareEnabled\\u0022:false,\\u0022sliderZoomEnable\\u0022:true,\\u0022sliderFullscreenEnabled\\u0022:true,\\u0022skin\\u0022:\\u0022justified\\u0022}\",\"useClobalSettings\":true,\"galleryBorderRadius\":8,\"shareFacebook\":false,\"shareTwitter\":false,\"sharePinterest\":false,\"sharePost\":\"postlink\",\"sliderItemTitleEnable\":true,\"sliderSocialShareEnabled\":false}<\/script><script>(function(){if(window.PGC_SGB && window.PGC_SGB.searcher){window.PGC_SGB.searcher.initBlocks()}})()<\/script><\/div>\n<\/div><\/div>\n<\/div><\/div><\/div>\n","protected":false},"excerpt":{"rendered":"","protected":false},"author":3,"featured_media":5902,"comment_status":"open","ping_status":"open","sticky":false,"template":"","format":"standard","meta":{"_acf_changed":false,"pgc_sgb_lightbox_settings":"","footnotes":""},"categories":[31],"tags":[],"class_list":["post-1898","post","type-post","status-publish","format-standard","has-post-thumbnail","hentry","category-denicek"],"acf":[],"_links":{"self":[{"href":"https:\/\/www.cykloromantika.cz\/index.php\/wp-json\/wp\/v2\/posts\/1898","targetHints":{"allow":["GET"]}}],"collection":[{"href":"https:\/\/www.cykloromantika.cz\/index.php\/wp-json\/wp\/v2\/posts"}],"about":[{"href":"https:\/\/www.cykloromantika.cz\/index.php\/wp-json\/wp\/v2\/types\/post"}],"author":[{"embeddable":true,"href":"https:\/\/www.cykloromantika.cz\/index.php\/wp-json\/wp\/v2\/users\/3"}],"replies":[{"embeddable":true,"href":"https:\/\/www.cykloromantika.cz\/index.php\/wp-json\/wp\/v2\/comments?post=1898"}],"version-history":[{"count":5,"href":"https:\/\/www.cykloromantika.cz\/index.php\/wp-json\/wp\/v2\/posts\/1898\/revisions"}],"predecessor-version":[{"id":6138,"href":"https:\/\/www.cykloromantika.cz\/index.php\/wp-json\/wp\/v2\/posts\/1898\/revisions\/6138"}],"wp:featuredmedia":[{"embeddable":true,"href":"https:\/\/www.cykloromantika.cz\/index.php\/wp-json\/wp\/v2\/media\/5902"}],"wp:attachment":[{"href":"https:\/\/www.cykloromantika.cz\/index.php\/wp-json\/wp\/v2\/media?parent=1898"}],"wp:term":[{"taxonomy":"category","embeddable":true,"href":"https:\/\/www.cykloromantika.cz\/index.php\/wp-json\/wp\/v2\/categories?post=1898"},{"taxonomy":"post_tag","embeddable":true,"href":"https:\/\/www.cykloromantika.cz\/index.php\/wp-json\/wp\/v2\/tags?post=1898"}],"curies":[{"name":"wp","href":"https:\/\/api.w.org\/{rel}","templated":true}]}}