{"id":1895,"date":"2013-07-25T20:21:00","date_gmt":"2013-07-25T19:21:00","guid":{"rendered":"https:\/\/www.cykloromantika.cz\/?p=1895"},"modified":"2022-04-22T22:43:51","modified_gmt":"2022-04-22T21:43:51","slug":"xvii-rocnik-4-den-krajem-vysocinou","status":"publish","type":"post","link":"https:\/\/www.cykloromantika.cz\/index.php\/2013\/07\/25\/xvii-rocnik-4-den-krajem-vysocinou\/","title":{"rendered":"XVII. ro\u010dn\u00edk \u2013 4.&nbsp;den: Krajem Vyso\u010dinou"},"content":{"rendered":"<style>.kt-tabs-id_b966f2-12 > .kt-tabs-content-wrap > .wp-block-kadence-tab{border-top-width:1px;border-right-width:0px;border-bottom-width:0px;border-left-width:0px;border-color:#eeeeee;border-top-left-radius:0px;border-top-right-radius:0px;border-bottom-right-radius:0px;border-bottom-left-radius:0px;padding-top:20px;padding-right:0px;padding-bottom:20px;padding-left:0px;background:#ffffff;}.wp-block-kadence-tabs .kt-tabs-id_b966f2-12 > .kt-tabs-title-list li{margin-top:0px;margin-right:8px;margin-bottom:0px;margin-left:0px;}.wp-block-kadence-tabs .kt-tabs-id_b966f2-12 > .kt-tabs-title-list li:last-child{margin-right:0px;}.wp-block-kadence-tabs .kt-tabs-id_b966f2-12 > .kt-tabs-title-list li .kt-tab-title, .wp-block-kadence-tabs .kt-tabs-id_b966f2-12 > .kt-tabs-content-wrap > .kt-tabs-accordion-title .kt-tab-title{line-height:1.4em;font-weight:400;font-style:normal;text-transform:uppercase;border-top-width:0px;border-right-width:0px;border-bottom-width:0px;border-left-width:0px;border-top-left-radius:0px;border-top-right-radius:0px;border-bottom-right-radius:0px;border-bottom-left-radius:0px;padding-top:8px;padding-right:20px;padding-bottom:8px;padding-left:20px;border-color:#ffffff;color:#555555;background:#ffffff;}.wp-block-kadence-tabs .kt-tabs-id_b966f2-12 > .kt-tabs-content-wrap > .kt-tabs-accordion-title .kt-tab-title{margin-top:0px;margin-right:8px;margin-bottom:0px;margin-left:0px;}.wp-block-kadence-tabs .kt-tabs-id_b966f2-12 > .kt-tabs-title-list li .kt-tab-title:hover, .wp-block-kadence-tabs .kt-tabs-id_b966f2-12 > .kt-tabs-content-wrap > .kt-tabs-accordion-title .kt-tab-title:hover{border-color:#555555;color:#086abd;background:#ffffff;}.wp-block-kadence-tabs .kt-tabs-id_b966f2-12 > .kt-tabs-title-list li.kt-tab-title-active .kt-tab-title, .wp-block-kadence-tabs .kt-tabs-id_b966f2-12 > .kt-tabs-content-wrap > .kt-tabs-accordion-title.kt-tab-title-active .kt-tab-title{border-color:#555555;color:#086abd;background:#ffffff;}.wp-block-kadence-tabs .kt-tabs-id_b966f2-12 > .kt-tabs-title-list li svg{font-size:24px;}<\/style>\n<div class=\"wp-block-kadence-tabs alignnone\"><div class=\"kt-tabs-wrap kt-tabs-id_b966f2-12 kt-tabs-has-3-tabs kt-active-tab-3 kt-tabs-layout-tabs kt-tabs-tablet-layout-inherit kt-tabs-mobile-layout-inherit kt-tab-alignment-center \" style=\"max-width:none\"><ul class=\"kt-tabs-title-list\"><li id=\"tab-trasa\" class=\"kt-title-item kt-title-item-1 kt-tabs-svg-show-always kt-tabs-icon-side-top kt-tab-title-inactive\"><a href=\"#tab-trasa\" data-tab=\"1\" class=\"kt-tab-title kt-tab-title-1 \"><span style=\"display:inline-flex;justify-content:center;align-items:center\" class=\"kt-tab-svg-icon kt-tab-svg-icon-fe_map kt-title-svg-side-top\"><svg style=\"display:inline-block;vertical-align:middle\" viewbox=\"0 0 24 24\" height=\"24\" width=\"24\" fill=\"none\" stroke=\"currentColor\" xmlns=\"http:\/\/www.w3.org\/2000\/svg\" stroke-width=\"2\" stroke-linecap=\"round\" stroke-linejoin=\"round\"><polygon points=\"1 6 1 22 8 18 16 22 23 18 23 2 16 6 8 2 1 6\"><\/polygon><line x1=\"8\" y1=\"2\" x2=\"8\" y2=\"18\"><\/line><line x1=\"16\" y1=\"6\" x2=\"16\" y2=\"22\"><\/line><\/svg><\/span><span class=\"kt-title-text\">Trasa<\/span><\/a><\/li><li id=\"tab-zitky\" class=\"kt-title-item kt-title-item-2 kt-tabs-svg-show-always kt-tabs-icon-side-top kt-tab-title-inactive\"><a href=\"#tab-zitky\" data-tab=\"2\" class=\"kt-tab-title kt-tab-title-2 \"><span style=\"display:inline-flex;justify-content:center;align-items:center\" class=\"kt-tab-svg-icon kt-tab-svg-icon-fe_alignLeft kt-title-svg-side-top\"><svg style=\"display:inline-block;vertical-align:middle\" viewbox=\"0 0 24 24\" height=\"24\" width=\"24\" fill=\"none\" stroke=\"currentColor\" xmlns=\"http:\/\/www.w3.org\/2000\/svg\" stroke-width=\"2\" stroke-linecap=\"round\" stroke-linejoin=\"round\"><line x1=\"17\" y1=\"10\" x2=\"3\" y2=\"10\"><\/line><line x1=\"21\" y1=\"6\" x2=\"3\" y2=\"6\"><\/line><line x1=\"21\" y1=\"14\" x2=\"3\" y2=\"14\"><\/line><line x1=\"17\" y1=\"18\" x2=\"3\" y2=\"18\"><\/line><\/svg><\/span><span class=\"kt-title-text\">Z\u00e1\u017eitky<\/span><\/a><\/li><li id=\"tab-fotky\" class=\"kt-title-item kt-title-item-3 kt-tabs-svg-show-always kt-tabs-icon-side-top kt-tab-title-active\"><a href=\"#tab-fotky\" data-tab=\"3\" class=\"kt-tab-title kt-tab-title-3 \"><span style=\"display:inline-flex;justify-content:center;align-items:center\" class=\"kt-tab-svg-icon kt-tab-svg-icon-fe_camera kt-title-svg-side-top\"><svg style=\"display:inline-block;vertical-align:middle\" viewbox=\"0 0 24 24\" height=\"24\" width=\"24\" fill=\"none\" stroke=\"currentColor\" xmlns=\"http:\/\/www.w3.org\/2000\/svg\" stroke-width=\"2\" stroke-linecap=\"round\" stroke-linejoin=\"round\"><path d=\"M23 19a2 2 0 0 1-2 2H3a2 2 0 0 1-2-2V8a2 2 0 0 1 2-2h4l2-3h6l2 3h4a2 2 0 0 1 2 2z\"><\/path><circle cx=\"12\" cy=\"13\" r=\"4\"><\/circle><\/svg><\/span><span class=\"kt-title-text\">Fotky<\/span><\/a><\/li><\/ul><div class=\"kt-tabs-content-wrap\">\n<div class=\"wp-block-kadence-tab kt-tab-inner-content kt-inner-tab-1 kt-inner-tab_9206e5-43\"><div class=\"kt-tab-inner-content-inner\">\n<p>\u017dd\u00edrec nad Doubravou \u2013 \u0158eka \u2013 Velk\u00e9 D\u00e1\u0159ko \u2013 \u017d\u010f\u00e1r nad S\u00e1zavou \u2013 objet\u00ed Nov\u00e9ho M\u011bsta na Morav\u011b \u2013 span\u00ed kousek za Brani\u0161ovem<\/p>\n\n\n\n<ul class=\"wp-block-list\"><li>najeto:&nbsp;55 km<\/li><li>\u010das:&nbsp;3.20&nbsp;h<\/li><li>pr\u016fm\u011brn\u00e1 rychlost:&nbsp;16,50 km\/h<\/li><\/ul>\n<\/div><\/div>\n\n\n\n<div class=\"wp-block-kadence-tab kt-tab-inner-content kt-inner-tab-2 kt-inner-tab_1d2584-14\"><div class=\"kt-tab-inner-content-inner\"><\/div><\/div>\n\n\n\n<div class=\"wp-block-kadence-tab kt-tab-inner-content kt-inner-tab-3 kt-inner-tab_aa82af-99\"><div class=\"kt-tab-inner-content-inner\"><div class=\"pgc-sgb-cb wp-block-pgcsimplygalleryblock-justified \" data-gallery-id=\"06276321\"><div class=\"sgb-preloader\" id=\"pr_06276321\">\n\t<div class=\"sgb-square\" style=\"background:#d4d4d4\"><\/div>\n\t<div class=\"sgb-square\" style=\"background:#d4d4d4\"><\/div>\n\t<div class=\"sgb-square\" style=\"background:#d4d4d4\"><\/div>\n\t<div class=\"sgb-square\" style=\"background:#d4d4d4\"><\/div><\/div><div class=\"simply-gallery-amp pgc_sgb_slider \"><noscript><div class=\"sgb-gallery\"><div class=\"sgb-item\"><a href=\"https:\/\/www.cykloromantika.cz\/foto-2013-04-01\/\" target=\"_blank\"><img decoding=\"async\" alt=\"\" width=\"300\" height=\"225\" loading=\"lazy\" src=\"https:\/\/www.cykloromantika.cz\/wp-content\/uploads\/2022\/04\/foto-2013-04-01-300x225.jpg\" srcset=\"https:\/\/www.cykloromantika.cz\/wp-content\/uploads\/2022\/04\/foto-2013-04-01-300x225.jpg 300w,https:\/\/www.cykloromantika.cz\/wp-content\/uploads\/2022\/04\/foto-2013-04-01.jpg 1024w\" sizes=\"auto, 250px\"\/><\/a><div class=\"sgb-item-caption\"><em>Nocleh s pevnou st\u0159echou nad hlavou<\/em><\/div><\/div><div class=\"sgb-item\"><a href=\"https:\/\/www.cykloromantika.cz\/foto-2013-04-02\/\" target=\"_blank\"><img decoding=\"async\" alt=\"\" width=\"200\" height=\"300\" loading=\"lazy\" src=\"https:\/\/www.cykloromantika.cz\/wp-content\/uploads\/2022\/04\/foto-2013-04-02-200x300.jpg\" srcset=\"https:\/\/www.cykloromantika.cz\/wp-content\/uploads\/2022\/04\/foto-2013-04-02-200x300.jpg 200w,https:\/\/www.cykloromantika.cz\/wp-content\/uploads\/2022\/04\/foto-2013-04-02.jpg 682w\" sizes=\"auto, 250px\"\/><\/a><div class=\"sgb-item-caption\"><em>Dnes to \"vo\u0159e\" Bob!\n<\/em><\/div><\/div><div class=\"sgb-item\"><a href=\"https:\/\/www.cykloromantika.cz\/foto-2013-04-03\/\" target=\"_blank\"><img decoding=\"async\" alt=\"\" width=\"225\" height=\"300\" loading=\"lazy\" src=\"https:\/\/www.cykloromantika.cz\/wp-content\/uploads\/2022\/04\/foto-2013-04-03-225x300.jpg\" srcset=\"https:\/\/www.cykloromantika.cz\/wp-content\/uploads\/2022\/04\/foto-2013-04-03-225x300.jpg 225w,https:\/\/www.cykloromantika.cz\/wp-content\/uploads\/2022\/04\/foto-2013-04-03.jpg 768w\" sizes=\"auto, 250px\"\/><\/a><div class=\"sgb-item-caption\"><em>N\u00e1\u0161 hostitel, pan Vlastimil Kov\u00e1\u0159<\/em><\/div><\/div><div class=\"sgb-item\"><a href=\"https:\/\/www.cykloromantika.cz\/foto-2013-04-04\/\" target=\"_blank\"><img decoding=\"async\" alt=\"\" width=\"200\" height=\"300\" loading=\"lazy\" src=\"https:\/\/www.cykloromantika.cz\/wp-content\/uploads\/2022\/04\/foto-2013-04-04-200x300.jpg\" srcset=\"https:\/\/www.cykloromantika.cz\/wp-content\/uploads\/2022\/04\/foto-2013-04-04-200x300.jpg 200w,https:\/\/www.cykloromantika.cz\/wp-content\/uploads\/2022\/04\/foto-2013-04-04.jpg 682w\" sizes=\"auto, 250px\"\/><\/a><div class=\"sgb-item-caption\"><em>Sn\u00eddan\u011b jako v\u017edy notn\u00e1<\/em><\/div><\/div><div class=\"sgb-item\"><a href=\"https:\/\/www.cykloromantika.cz\/foto-2013-04-05\/\" target=\"_blank\"><img decoding=\"async\" alt=\"\" width=\"200\" height=\"300\" loading=\"lazy\" src=\"https:\/\/www.cykloromantika.cz\/wp-content\/uploads\/2022\/04\/foto-2013-04-05-200x300.jpg\" srcset=\"https:\/\/www.cykloromantika.cz\/wp-content\/uploads\/2022\/04\/foto-2013-04-05-200x300.jpg 200w,https:\/\/www.cykloromantika.cz\/wp-content\/uploads\/2022\/04\/foto-2013-04-05.jpg 683w\" sizes=\"auto, 250px\"\/><\/a><div class=\"sgb-item-caption\"><em>Sn\u00eddan\u011b bez rann\u00edho tisku nen\u00ed pro Romana \u00fapln\u00e1.<\/em><\/div><\/div><div class=\"sgb-item\"><a href=\"https:\/\/www.cykloromantika.cz\/foto-2013-04-06\/\" target=\"_blank\"><img decoding=\"async\" alt=\"\" width=\"300\" height=\"200\" loading=\"lazy\" src=\"https:\/\/www.cykloromantika.cz\/wp-content\/uploads\/2022\/04\/foto-2013-04-06-300x200.jpg\" srcset=\"https:\/\/www.cykloromantika.cz\/wp-content\/uploads\/2022\/04\/foto-2013-04-06-300x200.jpg 300w,https:\/\/www.cykloromantika.cz\/wp-content\/uploads\/2022\/04\/foto-2013-04-06.jpg 1024w\" sizes=\"auto, 250px\"\/><\/a><div class=\"sgb-item-caption\"><em>Spole\u010dn\u00e9 foto s celebritou<\/em><\/div><\/div><div class=\"sgb-item\"><a href=\"https:\/\/www.cykloromantika.cz\/foto-2013-04-07\/\" target=\"_blank\"><img decoding=\"async\" alt=\"\" width=\"300\" height=\"200\" loading=\"lazy\" src=\"https:\/\/www.cykloromantika.cz\/wp-content\/uploads\/2022\/04\/foto-2013-04-07-300x200.jpg\" srcset=\"https:\/\/www.cykloromantika.cz\/wp-content\/uploads\/2022\/04\/foto-2013-04-07-300x200.jpg 300w,https:\/\/www.cykloromantika.cz\/wp-content\/uploads\/2022\/04\/foto-2013-04-07.jpg 1024w\" sizes=\"auto, 250px\"\/><\/a><div class=\"sgb-item-caption\"><em>Jsme na \u0158ece u Mo\u0159e. Nebo na mo\u0159i u \u0159eky?<\/em><\/div><\/div><div class=\"sgb-item\"><a href=\"https:\/\/www.cykloromantika.cz\/foto-2013-04-08\/\" target=\"_blank\"><img decoding=\"async\" alt=\"\" width=\"300\" height=\"200\" loading=\"lazy\" src=\"https:\/\/www.cykloromantika.cz\/wp-content\/uploads\/2022\/04\/foto-2013-04-08-300x200.jpg\" srcset=\"https:\/\/www.cykloromantika.cz\/wp-content\/uploads\/2022\/04\/foto-2013-04-08-300x200.jpg 300w,https:\/\/www.cykloromantika.cz\/wp-content\/uploads\/2022\/04\/foto-2013-04-08.jpg 1024w\" sizes=\"auto, 250px\"\/><\/a><div class=\"sgb-item-caption\"><em>Rybn\u00edk \u0158eka<\/em><\/div><\/div><div class=\"sgb-item\"><a href=\"https:\/\/www.cykloromantika.cz\/foto-2013-04-09\/\" target=\"_blank\"><img decoding=\"async\" alt=\"\" width=\"300\" height=\"200\" loading=\"lazy\" src=\"https:\/\/www.cykloromantika.cz\/wp-content\/uploads\/2022\/04\/foto-2013-04-09-300x200.jpg\" srcset=\"https:\/\/www.cykloromantika.cz\/wp-content\/uploads\/2022\/04\/foto-2013-04-09-300x200.jpg 300w,https:\/\/www.cykloromantika.cz\/wp-content\/uploads\/2022\/04\/foto-2013-04-09.jpg 1024w\" sizes=\"auto, 250px\"\/><\/a><div class=\"sgb-item-caption\"><em>Kr\u00e1sa se n\u00e1m otev\u0159ela nad vesni\u010dkou Hlubok\u00e1.<\/em><\/div><\/div><div class=\"sgb-item\"><a href=\"https:\/\/www.cykloromantika.cz\/foto-2013-04-10\/\" target=\"_blank\"><img decoding=\"async\" alt=\"\" width=\"300\" height=\"200\" loading=\"lazy\" src=\"https:\/\/www.cykloromantika.cz\/wp-content\/uploads\/2022\/04\/foto-2013-04-10-300x200.jpg\" srcset=\"https:\/\/www.cykloromantika.cz\/wp-content\/uploads\/2022\/04\/foto-2013-04-10-300x200.jpg 300w,https:\/\/www.cykloromantika.cz\/wp-content\/uploads\/2022\/04\/foto-2013-04-10.jpg 1024w\" sizes=\"auto, 250px\"\/><\/a><div class=\"sgb-item-caption\"><em>\u017d\u00e1ba z rodu...<\/em><\/div><\/div><div class=\"sgb-item\"><a href=\"https:\/\/www.cykloromantika.cz\/foto-2013-04-11\/\" target=\"_blank\"><img decoding=\"async\" alt=\"\" width=\"300\" height=\"225\" loading=\"lazy\" src=\"https:\/\/www.cykloromantika.cz\/wp-content\/uploads\/2022\/04\/foto-2013-04-11-300x225.jpg\" srcset=\"https:\/\/www.cykloromantika.cz\/wp-content\/uploads\/2022\/04\/foto-2013-04-11-300x225.jpg 300w,https:\/\/www.cykloromantika.cz\/wp-content\/uploads\/2022\/04\/foto-2013-04-11.jpg 1024w\" sizes=\"auto, 250px\"\/><\/a><div class=\"sgb-item-caption\"><em>Hledej \u017eivot!<\/em><\/div><\/div><div class=\"sgb-item\"><a href=\"https:\/\/www.cykloromantika.cz\/foto-2013-04-12\/\" target=\"_blank\"><img decoding=\"async\" alt=\"\" width=\"300\" height=\"200\" loading=\"lazy\" src=\"https:\/\/www.cykloromantika.cz\/wp-content\/uploads\/2022\/04\/foto-2013-04-12-300x200.jpg\" srcset=\"https:\/\/www.cykloromantika.cz\/wp-content\/uploads\/2022\/04\/foto-2013-04-12-300x200.jpg 300w,https:\/\/www.cykloromantika.cz\/wp-content\/uploads\/2022\/04\/foto-2013-04-12.jpg 1024w\" sizes=\"auto, 250px\"\/><\/a><div class=\"sgb-item-caption\"><em>Jako od Drtikola!<\/em><\/div><\/div><div class=\"sgb-item\"><a href=\"https:\/\/www.cykloromantika.cz\/foto-2013-04-13\/\" target=\"_blank\"><img decoding=\"async\" alt=\"\" width=\"225\" height=\"300\" loading=\"lazy\" src=\"https:\/\/www.cykloromantika.cz\/wp-content\/uploads\/2022\/04\/foto-2013-04-13-225x300.jpg\" srcset=\"https:\/\/www.cykloromantika.cz\/wp-content\/uploads\/2022\/04\/foto-2013-04-13-225x300.jpg 225w,https:\/\/www.cykloromantika.cz\/wp-content\/uploads\/2022\/04\/foto-2013-04-13.jpg 768w\" sizes=\"auto, 250px\"\/><\/a><div class=\"sgb-item-caption\"><em>Kostel sv. Jana Nepomuck\u00e9ho na Zelen\u00e9 ho\u0159e<\/em><\/div><\/div><div class=\"sgb-item\"><a href=\"https:\/\/www.cykloromantika.cz\/foto-2013-04-14\/\" target=\"_blank\"><img decoding=\"async\" alt=\"\" width=\"300\" height=\"225\" loading=\"lazy\" src=\"https:\/\/www.cykloromantika.cz\/wp-content\/uploads\/2022\/04\/foto-2013-04-14-300x225.jpg\" srcset=\"https:\/\/www.cykloromantika.cz\/wp-content\/uploads\/2022\/04\/foto-2013-04-14-300x225.jpg 300w,https:\/\/www.cykloromantika.cz\/wp-content\/uploads\/2022\/04\/foto-2013-04-14.jpg 1024w\" sizes=\"auto, 250px\"\/><\/a><div class=\"sgb-item-caption\"><em>Kostel sv. Jana Nepomuck\u00e9ho na Zelen\u00e9 ho\u0159e<\/em><\/div><\/div><div class=\"sgb-item\"><a href=\"https:\/\/www.cykloromantika.cz\/foto-2013-04-15\/\" target=\"_blank\"><img decoding=\"async\" alt=\"\" width=\"225\" height=\"300\" loading=\"lazy\" src=\"https:\/\/www.cykloromantika.cz\/wp-content\/uploads\/2022\/04\/foto-2013-04-15-225x300.jpg\" srcset=\"https:\/\/www.cykloromantika.cz\/wp-content\/uploads\/2022\/04\/foto-2013-04-15-225x300.jpg 225w,https:\/\/www.cykloromantika.cz\/wp-content\/uploads\/2022\/04\/foto-2013-04-15.jpg 768w\" sizes=\"auto, 250px\"\/><\/a><div class=\"sgb-item-caption\"><em>Santiniho mistrovsk\u00e9 d\u00edlo<\/em><\/div><\/div><div class=\"sgb-item\"><a href=\"https:\/\/www.cykloromantika.cz\/foto-2013-04-16\/\" target=\"_blank\"><img decoding=\"async\" alt=\"\" width=\"225\" height=\"300\" loading=\"lazy\" src=\"https:\/\/www.cykloromantika.cz\/wp-content\/uploads\/2022\/04\/foto-2013-04-16-225x300.jpg\" srcset=\"https:\/\/www.cykloromantika.cz\/wp-content\/uploads\/2022\/04\/foto-2013-04-16-225x300.jpg 225w,https:\/\/www.cykloromantika.cz\/wp-content\/uploads\/2022\/04\/foto-2013-04-16.jpg 768w\" sizes=\"auto, 250px\"\/><\/a><div class=\"sgb-item-caption\"><em>Kostel sv. Jana Nepomuck\u00e9ho na Zelen\u00e9 ho\u0159e<\/em><\/div><\/div><div class=\"sgb-item\"><a href=\"https:\/\/www.cykloromantika.cz\/foto-2013-04-17\/\" target=\"_blank\"><img decoding=\"async\" alt=\"\" width=\"200\" height=\"300\" loading=\"lazy\" src=\"https:\/\/www.cykloromantika.cz\/wp-content\/uploads\/2022\/04\/foto-2013-04-17-200x300.jpg\" srcset=\"https:\/\/www.cykloromantika.cz\/wp-content\/uploads\/2022\/04\/foto-2013-04-17-200x300.jpg 200w,https:\/\/www.cykloromantika.cz\/wp-content\/uploads\/2022\/04\/foto-2013-04-17.jpg 683w\" sizes=\"auto, 250px\"\/><\/a><div class=\"sgb-item-caption\"><em>Kostel sv. Jana Nepomuck\u00e9ho na Zelen\u00e9 ho\u0159e<\/em><\/div><\/div><div class=\"sgb-item\"><a href=\"https:\/\/www.cykloromantika.cz\/foto-2013-04-18\/\" target=\"_blank\"><img decoding=\"async\" alt=\"\" width=\"300\" height=\"225\" loading=\"lazy\" src=\"https:\/\/www.cykloromantika.cz\/wp-content\/uploads\/2022\/04\/foto-2013-04-18-300x225.jpg\" srcset=\"https:\/\/www.cykloromantika.cz\/wp-content\/uploads\/2022\/04\/foto-2013-04-18-300x225.jpg 300w,https:\/\/www.cykloromantika.cz\/wp-content\/uploads\/2022\/04\/foto-2013-04-18.jpg 1024w\" sizes=\"auto, 250px\"\/><\/a><div class=\"sgb-item-caption\"><em>Poutn\u00ed kostel ve Slavkovic\u00edch<\/em><\/div><\/div><\/div><\/noscript><\/div><script type=\"application\/json\" class=\"sgb-data\">{\"lastRowFill\":true,\"collectionThumbRecomendedHeight\":300,\"collectionThumbMiniScreenScale\":true,\"captionHAlign\":\"bottom\",\"collectionthumbHoverTitleFontSize\":12,\"collectionthumbRoundedCorners\":8,\"collectionthumbHoverTitleTextBgColor\":\"rgba(0,0,0,0.44)\",\"collectionThumbSubMenuShare\":false,\"galleryType\":\"pgc_sgb_justified\",\"galleryId\":\"06276321\",\"images\":[{\"id\":6255,\"title\":\"Foto 2013 04 01\",\"url\":\"https:\/\/www.cykloromantika.cz\/wp-content\/uploads\/2022\/04\/foto-2013-04-01.jpg\",\"link\":\"https:\/\/www.cykloromantika.cz\/foto-2013-04-01\/\",\"alt\":\"\",\"description\":\"\",\"caption\":\"Nocleh s pevnou st\u0159echou nad hlavou\",\"mime\":\"image\/jpeg\",\"type\":\"image\",\"width\":1024,\"height\":768,\"sizes\":{\"thumbnail\":{\"height\":113,\"width\":150,\"url\":\"https:\/\/www.cykloromantika.cz\/wp-content\/uploads\/2022\/04\/foto-2013-04-01-150x113.jpg\",\"orientation\":\"landscape\"},\"medium\":{\"height\":225,\"width\":300,\"url\":\"https:\/\/www.cykloromantika.cz\/wp-content\/uploads\/2022\/04\/foto-2013-04-01-300x225.jpg\",\"orientation\":\"landscape\"},\"full\":{\"url\":\"https:\/\/www.cykloromantika.cz\/wp-content\/uploads\/2022\/04\/foto-2013-04-01.jpg\",\"height\":768,\"width\":1024,\"orientation\":\"landscape\"}},\"meta\":false,\"postlink\":\"https:\/\/www.cykloromantika.cz\/foto-2013-04-01\/\"},{\"id\":6256,\"title\":\"Foto 2013 04 02\",\"url\":\"https:\/\/www.cykloromantika.cz\/wp-content\/uploads\/2022\/04\/foto-2013-04-02.jpg\",\"link\":\"https:\/\/www.cykloromantika.cz\/foto-2013-04-02\/\",\"alt\":\"\",\"description\":\"\",\"caption\":\"Dnes to \\u0022vo\u0159e\\u0022 Bob!\\n\",\"mime\":\"image\/jpeg\",\"type\":\"image\",\"width\":682,\"height\":1024,\"sizes\":{\"thumbnail\":{\"height\":150,\"width\":100,\"url\":\"https:\/\/www.cykloromantika.cz\/wp-content\/uploads\/2022\/04\/foto-2013-04-02-100x150.jpg\",\"orientation\":\"portrait\"},\"medium\":{\"height\":300,\"width\":200,\"url\":\"https:\/\/www.cykloromantika.cz\/wp-content\/uploads\/2022\/04\/foto-2013-04-02-200x300.jpg\",\"orientation\":\"portrait\"},\"full\":{\"url\":\"https:\/\/www.cykloromantika.cz\/wp-content\/uploads\/2022\/04\/foto-2013-04-02.jpg\",\"height\":1024,\"width\":682,\"orientation\":\"portrait\"}},\"meta\":false,\"postlink\":\"https:\/\/www.cykloromantika.cz\/foto-2013-04-02\/\"},{\"id\":6257,\"title\":\"Foto 2013 04 03\",\"url\":\"https:\/\/www.cykloromantika.cz\/wp-content\/uploads\/2022\/04\/foto-2013-04-03.jpg\",\"link\":\"https:\/\/www.cykloromantika.cz\/foto-2013-04-03\/\",\"alt\":\"\",\"description\":\"\",\"caption\":\"N\u00e1\u0161 hostitel, pan Vlastimil Kov\u00e1\u0159\",\"mime\":\"image\/jpeg\",\"type\":\"image\",\"width\":768,\"height\":1024,\"sizes\":{\"thumbnail\":{\"height\":150,\"width\":113,\"url\":\"https:\/\/www.cykloromantika.cz\/wp-content\/uploads\/2022\/04\/foto-2013-04-03-113x150.jpg\",\"orientation\":\"portrait\"},\"medium\":{\"height\":300,\"width\":225,\"url\":\"https:\/\/www.cykloromantika.cz\/wp-content\/uploads\/2022\/04\/foto-2013-04-03-225x300.jpg\",\"orientation\":\"portrait\"},\"full\":{\"url\":\"https:\/\/www.cykloromantika.cz\/wp-content\/uploads\/2022\/04\/foto-2013-04-03.jpg\",\"height\":1024,\"width\":768,\"orientation\":\"portrait\"}},\"meta\":false,\"postlink\":\"https:\/\/www.cykloromantika.cz\/foto-2013-04-03\/\"},{\"id\":6258,\"title\":\"Foto 2013 04 04\",\"url\":\"https:\/\/www.cykloromantika.cz\/wp-content\/uploads\/2022\/04\/foto-2013-04-04.jpg\",\"link\":\"https:\/\/www.cykloromantika.cz\/foto-2013-04-04\/\",\"alt\":\"\",\"description\":\"\",\"caption\":\"Sn\u00eddan\u011b jako v\u017edy notn\u00e1\",\"mime\":\"image\/jpeg\",\"type\":\"image\",\"width\":682,\"height\":1024,\"sizes\":{\"thumbnail\":{\"height\":150,\"width\":100,\"url\":\"https:\/\/www.cykloromantika.cz\/wp-content\/uploads\/2022\/04\/foto-2013-04-04-100x150.jpg\",\"orientation\":\"portrait\"},\"medium\":{\"height\":300,\"width\":200,\"url\":\"https:\/\/www.cykloromantika.cz\/wp-content\/uploads\/2022\/04\/foto-2013-04-04-200x300.jpg\",\"orientation\":\"portrait\"},\"full\":{\"url\":\"https:\/\/www.cykloromantika.cz\/wp-content\/uploads\/2022\/04\/foto-2013-04-04.jpg\",\"height\":1024,\"width\":682,\"orientation\":\"portrait\"}},\"meta\":false,\"postlink\":\"https:\/\/www.cykloromantika.cz\/foto-2013-04-04\/\"},{\"id\":6260,\"title\":\"Foto 2013 04 05\",\"url\":\"https:\/\/www.cykloromantika.cz\/wp-content\/uploads\/2022\/04\/foto-2013-04-05.jpg\",\"link\":\"https:\/\/www.cykloromantika.cz\/foto-2013-04-05\/\",\"alt\":\"\",\"description\":\"\",\"caption\":\"Sn\u00eddan\u011b bez rann\u00edho tisku nen\u00ed pro Romana \u00fapln\u00e1.\",\"mime\":\"image\/jpeg\",\"type\":\"image\",\"width\":683,\"height\":1024,\"sizes\":{\"thumbnail\":{\"height\":150,\"width\":100,\"url\":\"https:\/\/www.cykloromantika.cz\/wp-content\/uploads\/2022\/04\/foto-2013-04-05-100x150.jpg\",\"orientation\":\"portrait\"},\"medium\":{\"height\":300,\"width\":200,\"url\":\"https:\/\/www.cykloromantika.cz\/wp-content\/uploads\/2022\/04\/foto-2013-04-05-200x300.jpg\",\"orientation\":\"portrait\"},\"full\":{\"url\":\"https:\/\/www.cykloromantika.cz\/wp-content\/uploads\/2022\/04\/foto-2013-04-05.jpg\",\"height\":1024,\"width\":683,\"orientation\":\"portrait\"}},\"meta\":false,\"postlink\":\"https:\/\/www.cykloromantika.cz\/foto-2013-04-05\/\"},{\"id\":6261,\"title\":\"Foto 2013 04 06\",\"url\":\"https:\/\/www.cykloromantika.cz\/wp-content\/uploads\/2022\/04\/foto-2013-04-06.jpg\",\"link\":\"https:\/\/www.cykloromantika.cz\/foto-2013-04-06\/\",\"alt\":\"\",\"description\":\"\",\"caption\":\"Spole\u010dn\u00e9 foto s celebritou\",\"mime\":\"image\/jpeg\",\"type\":\"image\",\"width\":1024,\"height\":683,\"sizes\":{\"thumbnail\":{\"height\":100,\"width\":150,\"url\":\"https:\/\/www.cykloromantika.cz\/wp-content\/uploads\/2022\/04\/foto-2013-04-06-150x100.jpg\",\"orientation\":\"landscape\"},\"medium\":{\"height\":200,\"width\":300,\"url\":\"https:\/\/www.cykloromantika.cz\/wp-content\/uploads\/2022\/04\/foto-2013-04-06-300x200.jpg\",\"orientation\":\"landscape\"},\"full\":{\"url\":\"https:\/\/www.cykloromantika.cz\/wp-content\/uploads\/2022\/04\/foto-2013-04-06.jpg\",\"height\":683,\"width\":1024,\"orientation\":\"landscape\"}},\"meta\":false,\"postlink\":\"https:\/\/www.cykloromantika.cz\/foto-2013-04-06\/\"},{\"id\":6262,\"title\":\"Foto 2013 04 07\",\"url\":\"https:\/\/www.cykloromantika.cz\/wp-content\/uploads\/2022\/04\/foto-2013-04-07.jpg\",\"link\":\"https:\/\/www.cykloromantika.cz\/foto-2013-04-07\/\",\"alt\":\"\",\"description\":\"\",\"caption\":\"Jsme na \u0158ece u Mo\u0159e. Nebo na mo\u0159i u \u0159eky?\",\"mime\":\"image\/jpeg\",\"type\":\"image\",\"width\":1024,\"height\":683,\"sizes\":{\"thumbnail\":{\"height\":100,\"width\":150,\"url\":\"https:\/\/www.cykloromantika.cz\/wp-content\/uploads\/2022\/04\/foto-2013-04-07-150x100.jpg\",\"orientation\":\"landscape\"},\"medium\":{\"height\":200,\"width\":300,\"url\":\"https:\/\/www.cykloromantika.cz\/wp-content\/uploads\/2022\/04\/foto-2013-04-07-300x200.jpg\",\"orientation\":\"landscape\"},\"full\":{\"url\":\"https:\/\/www.cykloromantika.cz\/wp-content\/uploads\/2022\/04\/foto-2013-04-07.jpg\",\"height\":683,\"width\":1024,\"orientation\":\"landscape\"}},\"meta\":false,\"postlink\":\"https:\/\/www.cykloromantika.cz\/foto-2013-04-07\/\"},{\"id\":6263,\"title\":\"Foto 2013 04 08\",\"url\":\"https:\/\/www.cykloromantika.cz\/wp-content\/uploads\/2022\/04\/foto-2013-04-08.jpg\",\"link\":\"https:\/\/www.cykloromantika.cz\/foto-2013-04-08\/\",\"alt\":\"\",\"description\":\"\",\"caption\":\"Rybn\u00edk \u0158eka\",\"mime\":\"image\/jpeg\",\"type\":\"image\",\"width\":1024,\"height\":683,\"sizes\":{\"thumbnail\":{\"height\":100,\"width\":150,\"url\":\"https:\/\/www.cykloromantika.cz\/wp-content\/uploads\/2022\/04\/foto-2013-04-08-150x100.jpg\",\"orientation\":\"landscape\"},\"medium\":{\"height\":200,\"width\":300,\"url\":\"https:\/\/www.cykloromantika.cz\/wp-content\/uploads\/2022\/04\/foto-2013-04-08-300x200.jpg\",\"orientation\":\"landscape\"},\"full\":{\"url\":\"https:\/\/www.cykloromantika.cz\/wp-content\/uploads\/2022\/04\/foto-2013-04-08.jpg\",\"height\":683,\"width\":1024,\"orientation\":\"landscape\"}},\"meta\":false,\"postlink\":\"https:\/\/www.cykloromantika.cz\/foto-2013-04-08\/\"},{\"id\":6264,\"title\":\"Foto 2013 04 09\",\"url\":\"https:\/\/www.cykloromantika.cz\/wp-content\/uploads\/2022\/04\/foto-2013-04-09.jpg\",\"link\":\"https:\/\/www.cykloromantika.cz\/foto-2013-04-09\/\",\"alt\":\"\",\"description\":\"\",\"caption\":\"Kr\u00e1sa se n\u00e1m otev\u0159ela nad vesni\u010dkou Hlubok\u00e1.\",\"mime\":\"image\/jpeg\",\"type\":\"image\",\"width\":1024,\"height\":683,\"sizes\":{\"thumbnail\":{\"height\":100,\"width\":150,\"url\":\"https:\/\/www.cykloromantika.cz\/wp-content\/uploads\/2022\/04\/foto-2013-04-09-150x100.jpg\",\"orientation\":\"landscape\"},\"medium\":{\"height\":200,\"width\":300,\"url\":\"https:\/\/www.cykloromantika.cz\/wp-content\/uploads\/2022\/04\/foto-2013-04-09-300x200.jpg\",\"orientation\":\"landscape\"},\"full\":{\"url\":\"https:\/\/www.cykloromantika.cz\/wp-content\/uploads\/2022\/04\/foto-2013-04-09.jpg\",\"height\":683,\"width\":1024,\"orientation\":\"landscape\"}},\"meta\":false,\"postlink\":\"https:\/\/www.cykloromantika.cz\/foto-2013-04-09\/\"},{\"id\":6265,\"title\":\"Foto 2013 04 10\",\"url\":\"https:\/\/www.cykloromantika.cz\/wp-content\/uploads\/2022\/04\/foto-2013-04-10.jpg\",\"link\":\"https:\/\/www.cykloromantika.cz\/foto-2013-04-10\/\",\"alt\":\"\",\"description\":\"\",\"caption\":\"\u017d\u00e1ba z rodu...\",\"mime\":\"image\/jpeg\",\"type\":\"image\",\"width\":1024,\"height\":683,\"sizes\":{\"thumbnail\":{\"height\":100,\"width\":150,\"url\":\"https:\/\/www.cykloromantika.cz\/wp-content\/uploads\/2022\/04\/foto-2013-04-10-150x100.jpg\",\"orientation\":\"landscape\"},\"medium\":{\"height\":200,\"width\":300,\"url\":\"https:\/\/www.cykloromantika.cz\/wp-content\/uploads\/2022\/04\/foto-2013-04-10-300x200.jpg\",\"orientation\":\"landscape\"},\"full\":{\"url\":\"https:\/\/www.cykloromantika.cz\/wp-content\/uploads\/2022\/04\/foto-2013-04-10.jpg\",\"height\":683,\"width\":1024,\"orientation\":\"landscape\"}},\"meta\":false,\"postlink\":\"https:\/\/www.cykloromantika.cz\/foto-2013-04-10\/\"},{\"id\":6266,\"title\":\"Foto 2013 04 11\",\"url\":\"https:\/\/www.cykloromantika.cz\/wp-content\/uploads\/2022\/04\/foto-2013-04-11.jpg\",\"link\":\"https:\/\/www.cykloromantika.cz\/foto-2013-04-11\/\",\"alt\":\"\",\"description\":\"\",\"caption\":\"Hledej \u017eivot!\",\"mime\":\"image\/jpeg\",\"type\":\"image\",\"width\":1024,\"height\":768,\"sizes\":{\"thumbnail\":{\"height\":113,\"width\":150,\"url\":\"https:\/\/www.cykloromantika.cz\/wp-content\/uploads\/2022\/04\/foto-2013-04-11-150x113.jpg\",\"orientation\":\"landscape\"},\"medium\":{\"height\":225,\"width\":300,\"url\":\"https:\/\/www.cykloromantika.cz\/wp-content\/uploads\/2022\/04\/foto-2013-04-11-300x225.jpg\",\"orientation\":\"landscape\"},\"full\":{\"url\":\"https:\/\/www.cykloromantika.cz\/wp-content\/uploads\/2022\/04\/foto-2013-04-11.jpg\",\"height\":768,\"width\":1024,\"orientation\":\"landscape\"}},\"meta\":false,\"postlink\":\"https:\/\/www.cykloromantika.cz\/foto-2013-04-11\/\"},{\"id\":6267,\"title\":\"Foto 2013 04 12\",\"url\":\"https:\/\/www.cykloromantika.cz\/wp-content\/uploads\/2022\/04\/foto-2013-04-12.jpg\",\"link\":\"https:\/\/www.cykloromantika.cz\/foto-2013-04-12\/\",\"alt\":\"\",\"description\":\"\",\"caption\":\"Jako od Drtikola!\",\"mime\":\"image\/jpeg\",\"type\":\"image\",\"width\":1024,\"height\":682,\"sizes\":{\"thumbnail\":{\"height\":100,\"width\":150,\"url\":\"https:\/\/www.cykloromantika.cz\/wp-content\/uploads\/2022\/04\/foto-2013-04-12-150x100.jpg\",\"orientation\":\"landscape\"},\"medium\":{\"height\":200,\"width\":300,\"url\":\"https:\/\/www.cykloromantika.cz\/wp-content\/uploads\/2022\/04\/foto-2013-04-12-300x200.jpg\",\"orientation\":\"landscape\"},\"full\":{\"url\":\"https:\/\/www.cykloromantika.cz\/wp-content\/uploads\/2022\/04\/foto-2013-04-12.jpg\",\"height\":682,\"width\":1024,\"orientation\":\"landscape\"}},\"meta\":false,\"postlink\":\"https:\/\/www.cykloromantika.cz\/foto-2013-04-12\/\"},{\"id\":6268,\"title\":\"Foto 2013 04 13\",\"url\":\"https:\/\/www.cykloromantika.cz\/wp-content\/uploads\/2022\/04\/foto-2013-04-13.jpg\",\"link\":\"https:\/\/www.cykloromantika.cz\/foto-2013-04-13\/\",\"alt\":\"\",\"description\":\"\",\"caption\":\"Kostel sv. Jana Nepomuck\u00e9ho na Zelen\u00e9 ho\u0159e\",\"mime\":\"image\/jpeg\",\"type\":\"image\",\"width\":768,\"height\":1024,\"sizes\":{\"thumbnail\":{\"height\":150,\"width\":113,\"url\":\"https:\/\/www.cykloromantika.cz\/wp-content\/uploads\/2022\/04\/foto-2013-04-13-113x150.jpg\",\"orientation\":\"portrait\"},\"medium\":{\"height\":300,\"width\":225,\"url\":\"https:\/\/www.cykloromantika.cz\/wp-content\/uploads\/2022\/04\/foto-2013-04-13-225x300.jpg\",\"orientation\":\"portrait\"},\"full\":{\"url\":\"https:\/\/www.cykloromantika.cz\/wp-content\/uploads\/2022\/04\/foto-2013-04-13.jpg\",\"height\":1024,\"width\":768,\"orientation\":\"portrait\"}},\"meta\":false,\"postlink\":\"https:\/\/www.cykloromantika.cz\/foto-2013-04-13\/\"},{\"id\":6269,\"title\":\"Foto 2013 04 14\",\"url\":\"https:\/\/www.cykloromantika.cz\/wp-content\/uploads\/2022\/04\/foto-2013-04-14.jpg\",\"link\":\"https:\/\/www.cykloromantika.cz\/foto-2013-04-14\/\",\"alt\":\"\",\"description\":\"\",\"caption\":\"Kostel sv. Jana Nepomuck\u00e9ho na Zelen\u00e9 ho\u0159e\",\"mime\":\"image\/jpeg\",\"type\":\"image\",\"width\":1024,\"height\":768,\"sizes\":{\"thumbnail\":{\"height\":113,\"width\":150,\"url\":\"https:\/\/www.cykloromantika.cz\/wp-content\/uploads\/2022\/04\/foto-2013-04-14-150x113.jpg\",\"orientation\":\"landscape\"},\"medium\":{\"height\":225,\"width\":300,\"url\":\"https:\/\/www.cykloromantika.cz\/wp-content\/uploads\/2022\/04\/foto-2013-04-14-300x225.jpg\",\"orientation\":\"landscape\"},\"full\":{\"url\":\"https:\/\/www.cykloromantika.cz\/wp-content\/uploads\/2022\/04\/foto-2013-04-14.jpg\",\"height\":768,\"width\":1024,\"orientation\":\"landscape\"}},\"meta\":false,\"postlink\":\"https:\/\/www.cykloromantika.cz\/foto-2013-04-14\/\"},{\"id\":6270,\"title\":\"Foto 2013 04 15\",\"url\":\"https:\/\/www.cykloromantika.cz\/wp-content\/uploads\/2022\/04\/foto-2013-04-15.jpg\",\"link\":\"https:\/\/www.cykloromantika.cz\/foto-2013-04-15\/\",\"alt\":\"\",\"description\":\"\",\"caption\":\"Santiniho mistrovsk\u00e9 d\u00edlo\",\"mime\":\"image\/jpeg\",\"type\":\"image\",\"width\":768,\"height\":1024,\"sizes\":{\"thumbnail\":{\"height\":150,\"width\":113,\"url\":\"https:\/\/www.cykloromantika.cz\/wp-content\/uploads\/2022\/04\/foto-2013-04-15-113x150.jpg\",\"orientation\":\"portrait\"},\"medium\":{\"height\":300,\"width\":225,\"url\":\"https:\/\/www.cykloromantika.cz\/wp-content\/uploads\/2022\/04\/foto-2013-04-15-225x300.jpg\",\"orientation\":\"portrait\"},\"full\":{\"url\":\"https:\/\/www.cykloromantika.cz\/wp-content\/uploads\/2022\/04\/foto-2013-04-15.jpg\",\"height\":1024,\"width\":768,\"orientation\":\"portrait\"}},\"meta\":false,\"postlink\":\"https:\/\/www.cykloromantika.cz\/foto-2013-04-15\/\"},{\"id\":6271,\"title\":\"Foto 2013 04 16\",\"url\":\"https:\/\/www.cykloromantika.cz\/wp-content\/uploads\/2022\/04\/foto-2013-04-16.jpg\",\"link\":\"https:\/\/www.cykloromantika.cz\/foto-2013-04-16\/\",\"alt\":\"\",\"description\":\"\",\"caption\":\"Kostel sv. Jana Nepomuck\u00e9ho na Zelen\u00e9 ho\u0159e\",\"mime\":\"image\/jpeg\",\"type\":\"image\",\"width\":768,\"height\":1024,\"sizes\":{\"thumbnail\":{\"height\":150,\"width\":113,\"url\":\"https:\/\/www.cykloromantika.cz\/wp-content\/uploads\/2022\/04\/foto-2013-04-16-113x150.jpg\",\"orientation\":\"portrait\"},\"medium\":{\"height\":300,\"width\":225,\"url\":\"https:\/\/www.cykloromantika.cz\/wp-content\/uploads\/2022\/04\/foto-2013-04-16-225x300.jpg\",\"orientation\":\"portrait\"},\"full\":{\"url\":\"https:\/\/www.cykloromantika.cz\/wp-content\/uploads\/2022\/04\/foto-2013-04-16.jpg\",\"height\":1024,\"width\":768,\"orientation\":\"portrait\"}},\"meta\":false,\"postlink\":\"https:\/\/www.cykloromantika.cz\/foto-2013-04-16\/\"},{\"id\":6272,\"title\":\"Foto 2013 04 17\",\"url\":\"https:\/\/www.cykloromantika.cz\/wp-content\/uploads\/2022\/04\/foto-2013-04-17.jpg\",\"link\":\"https:\/\/www.cykloromantika.cz\/foto-2013-04-17\/\",\"alt\":\"\",\"description\":\"\",\"caption\":\"Kostel sv. Jana Nepomuck\u00e9ho na Zelen\u00e9 ho\u0159e\",\"mime\":\"image\/jpeg\",\"type\":\"image\",\"width\":683,\"height\":1024,\"sizes\":{\"thumbnail\":{\"height\":150,\"width\":100,\"url\":\"https:\/\/www.cykloromantika.cz\/wp-content\/uploads\/2022\/04\/foto-2013-04-17-100x150.jpg\",\"orientation\":\"portrait\"},\"medium\":{\"height\":300,\"width\":200,\"url\":\"https:\/\/www.cykloromantika.cz\/wp-content\/uploads\/2022\/04\/foto-2013-04-17-200x300.jpg\",\"orientation\":\"portrait\"},\"full\":{\"url\":\"https:\/\/www.cykloromantika.cz\/wp-content\/uploads\/2022\/04\/foto-2013-04-17.jpg\",\"height\":1024,\"width\":683,\"orientation\":\"portrait\"}},\"meta\":false,\"postlink\":\"https:\/\/www.cykloromantika.cz\/foto-2013-04-17\/\"},{\"id\":6273,\"title\":\"Foto 2013 04 18\",\"url\":\"https:\/\/www.cykloromantika.cz\/wp-content\/uploads\/2022\/04\/foto-2013-04-18.jpg\",\"link\":\"https:\/\/www.cykloromantika.cz\/foto-2013-04-18\/\",\"alt\":\"\",\"description\":\"\",\"caption\":\"Poutn\u00ed kostel ve Slavkovic\u00edch\",\"mime\":\"image\/jpeg\",\"type\":\"image\",\"width\":1024,\"height\":768,\"sizes\":{\"thumbnail\":{\"height\":113,\"width\":150,\"url\":\"https:\/\/www.cykloromantika.cz\/wp-content\/uploads\/2022\/04\/foto-2013-04-18-150x113.jpg\",\"orientation\":\"landscape\"},\"medium\":{\"height\":225,\"width\":300,\"url\":\"https:\/\/www.cykloromantika.cz\/wp-content\/uploads\/2022\/04\/foto-2013-04-18-300x225.jpg\",\"orientation\":\"landscape\"},\"full\":{\"url\":\"https:\/\/www.cykloromantika.cz\/wp-content\/uploads\/2022\/04\/foto-2013-04-18.jpg\",\"height\":768,\"width\":1024,\"orientation\":\"landscape\"}},\"meta\":false,\"postlink\":\"https:\/\/www.cykloromantika.cz\/foto-2013-04-18\/\"}],\"itemsMetaDataCollection\":[],\"galleryData\":\"{\\u0022pageMode\\u0022:false,\\u0022lastRowFill\\u0022:false,\\u0022collectionThumbRecomendedHeight\\u0022:200,\\u0022collectionThumbMiniScreenScale\\u0022:false,\\u0022thumbSpacing\\u0022:5,\\u0022externalLink\\u0022:true,\\u0022externalLinkDefName\\u0022:\\u0022Read More\\u0022,\\u0022externalLinkTextColor\\u0022:\\u0022rgba(0,0,0,1)\\u0022,\\u0022externalLinkBgColor\\u0022:\\u0022rgba(255,255,255,1)\\u0022,\\u0022externalLinkFontSize\\u0022:18,\\u0022captions\\u0022:true,\\u0022captionSrc\\u0022:\\u0022caption\\u0022,\\u0022captionHAlign\\u0022:\\u0022top\\u0022,\\u0022collectionthumbHoverTitleFontSize\\u0022:18,\\u0022collectionthumbRoundedCorners\\u0022:0,\\u0022collectionthumbHoverTitleTextColor\\u0022:\\u0022rgba(255,255,255,1)\\u0022,\\u0022collectionthumbHoverTitleTextBgColor\\u0022:\\u0022rgba(0,0,0,0.8)\\u0022,\\u0022collectionthumbHoverBgColor\\u0022:\\u0022rgba(0,0,0,0.4)\\u0022,\\u0022collectionThumbSubMenuDownload\\u0022:true,\\u0022collectionThumbSubMenuShare\\u0022:true,\\u0022collectionThumbSubMenuBgColor\\u0022:\\u0022rgba(0,0,0,0.4)\\u0022,\\u0022collectionThumbSubMenuBgColorHover\\u0022:\\u0022rgba(255,255,255,1)\\u0022,\\u0022collectionThumbSubMenuIconColor\\u0022:\\u0022rgba(255,255,255,1)\\u0022,\\u0022collectionThumbSubMenuIconColorHover\\u0022:\\u0022rgba(0,0,0,1)\\u0022,\\u0022settingsModalIsOpen\\u0022:false,\\u0022galleryType\\u0022:\\u0022pgc_sgb_justified\\u0022,\\u0022align\\u0022:\\u0022\\u0022,\\u0022galleryId\\u0022:\\u002206276321\\u0022,\\u0022tagsListCustomMode\\u0022:false,\\u0022initGalleryByFirstTag\\u0022:false,\\u0022deepLinkingForTag\\u0022:false,\\u0022galleryTagsList\\u0022:[],\\u0022useClobalSettings\\u0022:true,\\u0022orderBy\\u0022:\\u0022custom\\u0022,\\u0022deepLinking\\u0022:false,\\u0022useLightbox\\u0022:true,\\u0022thumbClickAction\\u0022:\\u0022useLightbox\\u0022,\\u0022numItemsDisplayed\\u0022:0,\\u0022lazyLoading\\u0022:true,\\u0022contentNoPadding\\u0022:false,\\u0022galleryPreloaderColor\\u0022:\\u0022rgba(230,230,230,1)\\u0022,\\u0022galleryBgColor\\u0022:\\u0022rgba(0,0,0,0)\\u0022,\\u0022galleryBorderRadius\\u0022:0,\\u0022customCSS\\u0022:\\u0022\\u0022,\\u0022itemsPerPage\\u0022:20,\\u0022loadMoreDefName\\u0022:\\u0022Load More\\u0022,\\u0022loadMoreFontSize\\u0022:16,\\u0022loadMoreTextColor\\u0022:\\u0022rgba(255,255,255,1)\\u0022,\\u0022loadMoreBgColor\\u0022:\\u0022rgba(0,0,0,1)\\u0022,\\u0022tagsFilter\\u0022:false,\\u0022tagCloudAll\\u0022:\\u0022All\\u0022,\\u0022tagCloudBgColor\\u0022:\\u0022rgba(153,153,153,1)\\u0022,\\u0022tagCloudBgColorOver\\u0022:\\u0022rgba(253,253,253,1)\\u0022,\\u0022tagCloudTextColor\\u0022:\\u0022rgba(253,253,253,1)\\u0022,\\u0022tagCloudTextColorOver\\u0022:\\u0022rgba(153,153,153,1)\\u0022,\\u0022tagCloudFontSize\\u0022:16,\\u0022modaBgColor\\u0022:\\u0022rgba(0,0,0,0.8)\\u0022,\\u0022modalIconColor\\u0022:\\u0022rgba(255,255,255,1)\\u0022,\\u0022modalIconColorHover\\u0022:\\u0022rgba(255,255,255,0.8)\\u0022,\\u0022shareFacebook\\u0022:true,\\u0022shareTwitter\\u0022:true,\\u0022sharePinterest\\u0022:true,\\u0022sliderItemDownload\\u0022:true,\\u0022shareCopyLink\\u0022:true,\\u0022sharePost\\u0022:\\u0022sharelink\\u0022,\\u0022copyRProtection\\u0022:false,\\u0022copyRAlert\\u0022:\\u0022Hello, this photo is mine!\\u0022,\\u0022sliderScrollNavi\\u0022:false,\\u0022sliderFullSizeViewMode\\u0022:false,\\u0022sliderNextPrevAnimation\\u0022:\\u0022animation\\u0022,\\u0022galleryScrollPositionControll\\u0022:false,\\u0022sliderVideoAutoPlay\\u0022:false,\\u0022sliderVideoLoop\\u0022:false,\\u0022sliderItemCounterEnable\\u0022:true,\\u0022sliderCaptionSrc\\u0022:\\u0022caption\\u0022,\\u0022sliderItemTitleEnable\\u0022:false,\\u0022sliderItemTitleFontSize\\u0022:18,\\u0022sliderItemTitleTextColor\\u0022:\\u0022rgba(255,255,255,1)\\u0022,\\u0022itemCounterColor\\u0022:\\u0022rgba(255,255,255,1)\\u0022,\\u0022sliderThumbBarEnable\\u0022:true,\\u0022sliderThumbBarHoverColor\\u0022:\\u0022rgba(240,240,240,1)\\u0022,\\u0022sliderBgColor\\u0022:\\u0022rgba(0,0,0,0.8)\\u0022,\\u0022sliderPreloaderColor\\u0022:\\u0022rgba(240,240,240,1)\\u0022,\\u0022sliderHeaderFooterBgColor\\u0022:\\u0022rgba(0,0,0,0.4)\\u0022,\\u0022sliderNavigationColor\\u0022:\\u0022rgba(0,0,0,1)\\u0022,\\u0022sliderNavigationColorOver\\u0022:\\u0022rgba(255,255,255,1)\\u0022,\\u0022sliderNavigationIconColor\\u0022:\\u0022rgba(255,255,255,1)\\u0022,\\u0022sliderNavigationIconColorOver\\u0022:\\u0022rgba(0,0,0,1)\\u0022,\\u0022sliderSlideshow\\u0022:true,\\u0022sliderSlideshowDelay\\u0022:8,\\u0022slideshowIndicatorColor\\u0022:\\u0022rgba(255,255,255,1)\\u0022,\\u0022slideshowIndicatorColorBg\\u0022:\\u0022rgba(255,255,255,0.5)\\u0022,\\u0022sliderThumbSubMenuBackgroundColor\\u0022:\\u0022rgba(255,255,255,0)\\u0022,\\u0022sliderThumbSubMenuBackgroundColorOver\\u0022:\\u0022rgba(255,255,255,1)\\u0022,\\u0022sliderThumbSubMenuIconColor\\u0022:\\u0022rgba(255,255,255,1)\\u0022,\\u0022sliderThumbSubMenuIconHoverColor\\u0022:\\u0022rgba(0,0,0,1)\\u0022,\\u0022sliderSocialShareEnabled\\u0022:true,\\u0022sliderZoomEnable\\u0022:true,\\u0022sliderFullscreenEnabled\\u0022:true,\\u0022skin\\u0022:\\u0022justified\\u0022}\",\"useClobalSettings\":true,\"galleryBorderRadius\":8,\"shareFacebook\":false,\"shareTwitter\":false,\"sharePinterest\":false,\"sharePost\":\"postlink\",\"sliderItemTitleEnable\":true,\"sliderSocialShareEnabled\":false}<\/script><script>(function(){if(window.PGC_SGB && window.PGC_SGB.searcher){window.PGC_SGB.searcher.initBlocks()}})()<\/script><\/div>\n<\/div><\/div>\n<\/div><\/div><\/div>\n","protected":false},"excerpt":{"rendered":"","protected":false},"author":3,"featured_media":6269,"comment_status":"open","ping_status":"open","sticky":false,"template":"","format":"standard","meta":{"_acf_changed":false,"pgc_sgb_lightbox_settings":"","footnotes":""},"categories":[31],"tags":[],"class_list":["post-1895","post","type-post","status-publish","format-standard","has-post-thumbnail","hentry","category-denicek"],"acf":[],"_links":{"self":[{"href":"https:\/\/www.cykloromantika.cz\/index.php\/wp-json\/wp\/v2\/posts\/1895","targetHints":{"allow":["GET"]}}],"collection":[{"href":"https:\/\/www.cykloromantika.cz\/index.php\/wp-json\/wp\/v2\/posts"}],"about":[{"href":"https:\/\/www.cykloromantika.cz\/index.php\/wp-json\/wp\/v2\/types\/post"}],"author":[{"embeddable":true,"href":"https:\/\/www.cykloromantika.cz\/index.php\/wp-json\/wp\/v2\/users\/3"}],"replies":[{"embeddable":true,"href":"https:\/\/www.cykloromantika.cz\/index.php\/wp-json\/wp\/v2\/comments?post=1895"}],"version-history":[{"count":4,"href":"https:\/\/www.cykloromantika.cz\/index.php\/wp-json\/wp\/v2\/posts\/1895\/revisions"}],"predecessor-version":[{"id":6294,"href":"https:\/\/www.cykloromantika.cz\/index.php\/wp-json\/wp\/v2\/posts\/1895\/revisions\/6294"}],"wp:featuredmedia":[{"embeddable":true,"href":"https:\/\/www.cykloromantika.cz\/index.php\/wp-json\/wp\/v2\/media\/6269"}],"wp:attachment":[{"href":"https:\/\/www.cykloromantika.cz\/index.php\/wp-json\/wp\/v2\/media?parent=1895"}],"wp:term":[{"taxonomy":"category","embeddable":true,"href":"https:\/\/www.cykloromantika.cz\/index.php\/wp-json\/wp\/v2\/categories?post=1895"},{"taxonomy":"post_tag","embeddable":true,"href":"https:\/\/www.cykloromantika.cz\/index.php\/wp-json\/wp\/v2\/tags?post=1895"}],"curies":[{"name":"wp","href":"https:\/\/api.w.org\/{rel}","templated":true}]}}