{"id":1876,"date":"2012-07-28T19:54:00","date_gmt":"2012-07-28T18:54:00","guid":{"rendered":"https:\/\/www.cykloromantika.cz\/?p=1876"},"modified":"2022-04-26T22:27:28","modified_gmt":"2022-04-26T21:27:28","slug":"xvi-rocnik-6-den-od-landstejna-do-trebice","status":"publish","type":"post","link":"https:\/\/www.cykloromantika.cz\/index.php\/2012\/07\/28\/xvi-rocnik-6-den-od-landstejna-do-trebice\/","title":{"rendered":"XVI. ro\u010dn\u00edk \u2013 6.&nbsp;den: Od Land\u0161tejna do T\u0159eb\u00ed\u010de"},"content":{"rendered":"<style>.kt-tabs-id_b966f2-12 > .kt-tabs-content-wrap > .wp-block-kadence-tab{border-top-width:1px;border-right-width:0px;border-bottom-width:0px;border-left-width:0px;border-color:#eeeeee;border-top-left-radius:0px;border-top-right-radius:0px;border-bottom-right-radius:0px;border-bottom-left-radius:0px;padding-top:20px;padding-right:0px;padding-bottom:20px;padding-left:0px;background:#ffffff;}.wp-block-kadence-tabs .kt-tabs-id_b966f2-12 > .kt-tabs-title-list li{margin-top:0px;margin-right:8px;margin-bottom:0px;margin-left:0px;}.wp-block-kadence-tabs .kt-tabs-id_b966f2-12 > .kt-tabs-title-list li:last-child{margin-right:0px;}.wp-block-kadence-tabs .kt-tabs-id_b966f2-12 > .kt-tabs-title-list li .kt-tab-title, .wp-block-kadence-tabs .kt-tabs-id_b966f2-12 > .kt-tabs-content-wrap > .kt-tabs-accordion-title .kt-tab-title{line-height:1.4em;font-weight:400;font-style:normal;text-transform:uppercase;border-top-width:0px;border-right-width:0px;border-bottom-width:0px;border-left-width:0px;border-top-left-radius:0px;border-top-right-radius:0px;border-bottom-right-radius:0px;border-bottom-left-radius:0px;padding-top:8px;padding-right:20px;padding-bottom:8px;padding-left:20px;border-color:#ffffff;color:#555555;background:#ffffff;}.wp-block-kadence-tabs .kt-tabs-id_b966f2-12 > .kt-tabs-content-wrap > .kt-tabs-accordion-title .kt-tab-title{margin-top:0px;margin-right:8px;margin-bottom:0px;margin-left:0px;}.wp-block-kadence-tabs .kt-tabs-id_b966f2-12 > .kt-tabs-title-list li .kt-tab-title:hover, .wp-block-kadence-tabs .kt-tabs-id_b966f2-12 > .kt-tabs-content-wrap > .kt-tabs-accordion-title .kt-tab-title:hover{border-color:#555555;color:#086abd;background:#ffffff;}.wp-block-kadence-tabs .kt-tabs-id_b966f2-12 > .kt-tabs-title-list li.kt-tab-title-active .kt-tab-title, .wp-block-kadence-tabs .kt-tabs-id_b966f2-12 > .kt-tabs-content-wrap > .kt-tabs-accordion-title.kt-tab-title-active .kt-tab-title{border-color:#555555;color:#086abd;background:#ffffff;}.wp-block-kadence-tabs .kt-tabs-id_b966f2-12 > .kt-tabs-title-list li svg{font-size:24px;}<\/style>\n<div class=\"wp-block-kadence-tabs alignnone\"><div class=\"kt-tabs-wrap kt-tabs-id_b966f2-12 kt-tabs-has-3-tabs kt-active-tab-3 kt-tabs-layout-tabs kt-tabs-tablet-layout-inherit kt-tabs-mobile-layout-inherit kt-tab-alignment-center \" style=\"max-width:none\"><ul class=\"kt-tabs-title-list\"><li id=\"tab-trasa\" class=\"kt-title-item kt-title-item-1 kt-tabs-svg-show-always kt-tabs-icon-side-top kt-tab-title-inactive\"><a href=\"#tab-trasa\" data-tab=\"1\" class=\"kt-tab-title kt-tab-title-1 \"><span style=\"display:inline-flex;justify-content:center;align-items:center\" class=\"kt-tab-svg-icon kt-tab-svg-icon-fe_map kt-title-svg-side-top\"><svg style=\"display:inline-block;vertical-align:middle\" viewbox=\"0 0 24 24\" height=\"24\" width=\"24\" fill=\"none\" stroke=\"currentColor\" xmlns=\"http:\/\/www.w3.org\/2000\/svg\" stroke-width=\"2\" stroke-linecap=\"round\" stroke-linejoin=\"round\"><polygon points=\"1 6 1 22 8 18 16 22 23 18 23 2 16 6 8 2 1 6\"><\/polygon><line x1=\"8\" y1=\"2\" x2=\"8\" y2=\"18\"><\/line><line x1=\"16\" y1=\"6\" x2=\"16\" y2=\"22\"><\/line><\/svg><\/span><span class=\"kt-title-text\">Trasa<\/span><\/a><\/li><li id=\"tab-zitky\" class=\"kt-title-item kt-title-item-2 kt-tabs-svg-show-always kt-tabs-icon-side-top kt-tab-title-inactive\"><a href=\"#tab-zitky\" data-tab=\"2\" class=\"kt-tab-title kt-tab-title-2 \"><span style=\"display:inline-flex;justify-content:center;align-items:center\" class=\"kt-tab-svg-icon kt-tab-svg-icon-fe_alignLeft kt-title-svg-side-top\"><svg style=\"display:inline-block;vertical-align:middle\" viewbox=\"0 0 24 24\" height=\"24\" width=\"24\" fill=\"none\" stroke=\"currentColor\" xmlns=\"http:\/\/www.w3.org\/2000\/svg\" stroke-width=\"2\" stroke-linecap=\"round\" stroke-linejoin=\"round\"><line x1=\"17\" y1=\"10\" x2=\"3\" y2=\"10\"><\/line><line x1=\"21\" y1=\"6\" x2=\"3\" y2=\"6\"><\/line><line x1=\"21\" y1=\"14\" x2=\"3\" y2=\"14\"><\/line><line x1=\"17\" y1=\"18\" x2=\"3\" y2=\"18\"><\/line><\/svg><\/span><span class=\"kt-title-text\">Z\u00e1\u017eitky<\/span><\/a><\/li><li id=\"tab-fotky\" class=\"kt-title-item kt-title-item-3 kt-tabs-svg-show-always kt-tabs-icon-side-top kt-tab-title-active\"><a href=\"#tab-fotky\" data-tab=\"3\" class=\"kt-tab-title kt-tab-title-3 \"><span style=\"display:inline-flex;justify-content:center;align-items:center\" class=\"kt-tab-svg-icon kt-tab-svg-icon-fe_camera kt-title-svg-side-top\"><svg style=\"display:inline-block;vertical-align:middle\" viewbox=\"0 0 24 24\" height=\"24\" width=\"24\" fill=\"none\" stroke=\"currentColor\" xmlns=\"http:\/\/www.w3.org\/2000\/svg\" stroke-width=\"2\" stroke-linecap=\"round\" stroke-linejoin=\"round\"><path d=\"M23 19a2 2 0 0 1-2 2H3a2 2 0 0 1-2-2V8a2 2 0 0 1 2-2h4l2-3h6l2 3h4a2 2 0 0 1 2 2z\"><\/path><circle cx=\"12\" cy=\"13\" r=\"4\"><\/circle><\/svg><\/span><span class=\"kt-title-text\">Fotky<\/span><\/a><\/li><\/ul><div class=\"kt-tabs-content-wrap\">\n<div class=\"wp-block-kadence-tab kt-tab-inner-content kt-inner-tab-1 kt-inner-tab_9206e5-43\"><div class=\"kt-tab-inner-content-inner\">\n<p>Star\u00e9 M\u011bsto pod Land\u0161tejnem \u2013 Slavonice \u2013 Da\u010dice \u2013 Nov\u00e1 \u0158\u00ed\u0161e (zde se kon\u010d\u00ed j\u00edzda kolmo, zbytek autem) &#8211; T\u0159eb\u00ed\u010d<\/p>\n\n\n\n<ul class=\"wp-block-list\"><li>najeto:\u00a034 km<\/li><li>\u010das:\u00a02.15&nbsp;h<\/li><li>pr\u016fm\u011brn\u00e1 rychlost:\u00a015,1 km\/h<\/li><\/ul>\n<\/div><\/div>\n\n\n\n<div class=\"wp-block-kadence-tab kt-tab-inner-content kt-inner-tab-2 kt-inner-tab_1d2584-14\"><div class=\"kt-tab-inner-content-inner\"><\/div><\/div>\n\n\n\n<div class=\"wp-block-kadence-tab kt-tab-inner-content kt-inner-tab-3 kt-inner-tab_aa82af-99\"><div class=\"kt-tab-inner-content-inner\"><div class=\"pgc-sgb-cb wp-block-pgcsimplygalleryblock-justified \" data-gallery-id=\"4fd37892\"><div class=\"sgb-preloader\" id=\"pr_4fd37892\">\n\t<div class=\"sgb-square\" style=\"background:#d4d4d4\"><\/div>\n\t<div class=\"sgb-square\" style=\"background:#d4d4d4\"><\/div>\n\t<div class=\"sgb-square\" style=\"background:#d4d4d4\"><\/div>\n\t<div class=\"sgb-square\" style=\"background:#d4d4d4\"><\/div><\/div><div class=\"simply-gallery-amp pgc_sgb_slider \"><noscript><div class=\"sgb-gallery\"><div class=\"sgb-item\"><a href=\"https:\/\/www.cykloromantika.cz\/foto-2012-06-01\/\" target=\"_blank\"><img decoding=\"async\" alt=\"\" width=\"300\" height=\"225\" loading=\"lazy\" src=\"https:\/\/www.cykloromantika.cz\/wp-content\/uploads\/2022\/04\/foto-2012-06-01-300x225.jpg\" srcset=\"https:\/\/www.cykloromantika.cz\/wp-content\/uploads\/2022\/04\/foto-2012-06-01-300x225.jpg 300w,https:\/\/www.cykloromantika.cz\/wp-content\/uploads\/2022\/04\/foto-2012-06-01.jpg 1024w\" sizes=\"auto, 250px\"\/><\/a><div class=\"sgb-item-caption\"><em>Bivak na p\u0159\u00edrodn\u00edm koupali\u0161ti u Star\u00e9ho M\u011bsta pod Land\u0161tejnem<\/em><\/div><\/div><div class=\"sgb-item\"><a href=\"https:\/\/www.cykloromantika.cz\/foto-2012-06-02\/\" target=\"_blank\"><img decoding=\"async\" alt=\"\" width=\"300\" height=\"225\" loading=\"lazy\" src=\"https:\/\/www.cykloromantika.cz\/wp-content\/uploads\/2022\/04\/foto-2012-06-02-300x225.jpg\" srcset=\"https:\/\/www.cykloromantika.cz\/wp-content\/uploads\/2022\/04\/foto-2012-06-02-300x225.jpg 300w,https:\/\/www.cykloromantika.cz\/wp-content\/uploads\/2022\/04\/foto-2012-06-02.jpg 1024w\" sizes=\"auto, 250px\"\/><\/a><div class=\"sgb-item-caption\"><em>P\u0159\u00edprava na rann\u00ed koupa\u010dku<\/em><\/div><\/div><div class=\"sgb-item\"><a href=\"https:\/\/www.cykloromantika.cz\/foto-2012-06-03\/\" target=\"_blank\"><img decoding=\"async\" alt=\"\" width=\"300\" height=\"225\" loading=\"lazy\" src=\"https:\/\/www.cykloromantika.cz\/wp-content\/uploads\/2022\/04\/foto-2012-06-03-300x225.jpg\" srcset=\"https:\/\/www.cykloromantika.cz\/wp-content\/uploads\/2022\/04\/foto-2012-06-03-300x225.jpg 300w,https:\/\/www.cykloromantika.cz\/wp-content\/uploads\/2022\/04\/foto-2012-06-03.jpg 1024w\" sizes=\"auto, 250px\"\/><\/a><div class=\"sgb-item-caption\"><em>Span\u00ed jsme m\u011bli n\u00e1dhern\u00e9.<\/em><\/div><\/div><div class=\"sgb-item\"><a href=\"https:\/\/www.cykloromantika.cz\/foto-2012-06-04\/\" target=\"_blank\"><img decoding=\"async\" alt=\"\" width=\"300\" height=\"225\" loading=\"lazy\" src=\"https:\/\/www.cykloromantika.cz\/wp-content\/uploads\/2022\/04\/foto-2012-06-04-300x225.jpg\" srcset=\"https:\/\/www.cykloromantika.cz\/wp-content\/uploads\/2022\/04\/foto-2012-06-04-300x225.jpg 300w,https:\/\/www.cykloromantika.cz\/wp-content\/uploads\/2022\/04\/foto-2012-06-04.jpg 1024w\" sizes=\"auto, 250px\"\/><\/a><div class=\"sgb-item-caption\"><em>Pod\u00edvali jsme se na \u017eidovsk\u00fd h\u0159bitov nedaleko.<\/em><\/div><\/div><div class=\"sgb-item\"><a href=\"https:\/\/www.cykloromantika.cz\/foto-2012-06-05\/\" target=\"_blank\"><img decoding=\"async\" alt=\"\" width=\"225\" height=\"300\" loading=\"lazy\" src=\"https:\/\/www.cykloromantika.cz\/wp-content\/uploads\/2022\/04\/foto-2012-06-05-225x300.jpg\" srcset=\"https:\/\/www.cykloromantika.cz\/wp-content\/uploads\/2022\/04\/foto-2012-06-05-225x300.jpg 225w,https:\/\/www.cykloromantika.cz\/wp-content\/uploads\/2022\/04\/foto-2012-06-05.jpg 768w\" sizes=\"auto, 250px\"\/><\/a><div class=\"sgb-item-caption\"><em>\u017didovsk\u00fd h\u0159bitov u Star\u00e9ho M\u011bsta pod Land\u0161tejnem<\/em><\/div><\/div><div class=\"sgb-item\"><a href=\"https:\/\/www.cykloromantika.cz\/foto-2012-06-06\/\" target=\"_blank\"><img decoding=\"async\" alt=\"\" width=\"225\" height=\"300\" loading=\"lazy\" src=\"https:\/\/www.cykloromantika.cz\/wp-content\/uploads\/2022\/04\/foto-2012-06-06-225x300.jpg\" srcset=\"https:\/\/www.cykloromantika.cz\/wp-content\/uploads\/2022\/04\/foto-2012-06-06-225x300.jpg 225w,https:\/\/www.cykloromantika.cz\/wp-content\/uploads\/2022\/04\/foto-2012-06-06.jpg 768w\" sizes=\"auto, 250px\"\/><\/a><div class=\"sgb-item-caption\"><em>INRI na \u017eidovsk\u00e9m h\u0159bitov\u011b!? Asi \u0161patn\u00e9 \u0159azen\u00ed.<\/em><\/div><\/div><div class=\"sgb-item\"><a href=\"https:\/\/www.cykloromantika.cz\/foto-2012-06-07\/\" target=\"_blank\"><img decoding=\"async\" alt=\"\" width=\"200\" height=\"300\" loading=\"lazy\" src=\"https:\/\/www.cykloromantika.cz\/wp-content\/uploads\/2022\/04\/foto-2012-06-07-200x300.jpg\" srcset=\"https:\/\/www.cykloromantika.cz\/wp-content\/uploads\/2022\/04\/foto-2012-06-07-200x300.jpg 200w,https:\/\/www.cykloromantika.cz\/wp-content\/uploads\/2022\/04\/foto-2012-06-07.jpg 683w\" sizes=\"auto, 250px\"\/><\/a><div class=\"sgb-item-caption\"><em>\u017didovsk\u00fd h\u0159bitov u Star\u00e9ho M\u011bsta pod Land\u0161tejnem<\/em><\/div><\/div><div class=\"sgb-item\"><a href=\"https:\/\/www.cykloromantika.cz\/foto-2012-06-08\/\" target=\"_blank\"><img decoding=\"async\" alt=\"\" width=\"300\" height=\"200\" loading=\"lazy\" src=\"https:\/\/www.cykloromantika.cz\/wp-content\/uploads\/2022\/04\/foto-2012-06-08-300x200.jpg\" srcset=\"https:\/\/www.cykloromantika.cz\/wp-content\/uploads\/2022\/04\/foto-2012-06-08-300x200.jpg 300w,https:\/\/www.cykloromantika.cz\/wp-content\/uploads\/2022\/04\/foto-2012-06-08.jpg 1024w\" sizes=\"auto, 250px\"\/><\/a><div class=\"sgb-item-caption\"><em>\u017didovsk\u00fd h\u0159bitov u Star\u00e9ho M\u011bsta pod Land\u0161tejnem<\/em><\/div><\/div><div class=\"sgb-item\"><a href=\"https:\/\/www.cykloromantika.cz\/foto-2012-06-09\/\" target=\"_blank\"><img decoding=\"async\" alt=\"\" width=\"200\" height=\"300\" loading=\"lazy\" src=\"https:\/\/www.cykloromantika.cz\/wp-content\/uploads\/2022\/04\/foto-2012-06-09-200x300.jpg\" srcset=\"https:\/\/www.cykloromantika.cz\/wp-content\/uploads\/2022\/04\/foto-2012-06-09-200x300.jpg 200w,https:\/\/www.cykloromantika.cz\/wp-content\/uploads\/2022\/04\/foto-2012-06-09.jpg 683w\" sizes=\"auto, 250px\"\/><\/a><div class=\"sgb-item-caption\"><em>Hned takov\u00e9 stoup\u00e1n\u00ed po r\u00e1nu?<\/em><\/div><\/div><div class=\"sgb-item\"><a href=\"https:\/\/www.cykloromantika.cz\/foto-2012-06-10\/\" target=\"_blank\"><img decoding=\"async\" alt=\"\" width=\"200\" height=\"300\" loading=\"lazy\" src=\"https:\/\/www.cykloromantika.cz\/wp-content\/uploads\/2022\/04\/foto-2012-06-10-200x300.jpg\" srcset=\"https:\/\/www.cykloromantika.cz\/wp-content\/uploads\/2022\/04\/foto-2012-06-10-200x300.jpg 200w,https:\/\/www.cykloromantika.cz\/wp-content\/uploads\/2022\/04\/foto-2012-06-10.jpg 683w\" sizes=\"auto, 250px\"\/><\/a><div class=\"sgb-item-caption\"><em>Pepino to bere s \u00fasm\u011bvem a sv\u00fdm typick\u00fdm p\u0159evodem 42x11.<\/em><\/div><\/div><div class=\"sgb-item\"><a href=\"https:\/\/www.cykloromantika.cz\/foto-2012-06-11\/\" target=\"_blank\"><img decoding=\"async\" alt=\"\" width=\"300\" height=\"200\" loading=\"lazy\" src=\"https:\/\/www.cykloromantika.cz\/wp-content\/uploads\/2022\/04\/foto-2012-06-11-300x200.jpg\" srcset=\"https:\/\/www.cykloromantika.cz\/wp-content\/uploads\/2022\/04\/foto-2012-06-11-300x200.jpg 300w,https:\/\/www.cykloromantika.cz\/wp-content\/uploads\/2022\/04\/foto-2012-06-11.jpg 1024w\" sizes=\"auto, 250px\"\/><\/a><div class=\"sgb-item-caption\"><em>Pasou se n\u00e1m tady steaky!<\/em><\/div><\/div><div class=\"sgb-item\"><a href=\"https:\/\/www.cykloromantika.cz\/foto-2012-06-12\/\" target=\"_blank\"><img decoding=\"async\" alt=\"\" width=\"300\" height=\"225\" loading=\"lazy\" src=\"https:\/\/www.cykloromantika.cz\/wp-content\/uploads\/2022\/04\/foto-2012-06-12-300x225.jpg\" srcset=\"https:\/\/www.cykloromantika.cz\/wp-content\/uploads\/2022\/04\/foto-2012-06-12-300x225.jpg 300w,https:\/\/www.cykloromantika.cz\/wp-content\/uploads\/2022\/04\/foto-2012-06-12.jpg 1024w\" sizes=\"auto, 250px\"\/><\/a><div class=\"sgb-item-caption\"><em>Slavonice n\u00e1s p\u0159iv\u00edtali sn\u00eddan\u00ed.<\/em><\/div><\/div><div class=\"sgb-item\"><a href=\"https:\/\/www.cykloromantika.cz\/foto-2012-06-13\/\" target=\"_blank\"><img decoding=\"async\" alt=\"\" width=\"200\" height=\"300\" loading=\"lazy\" src=\"https:\/\/www.cykloromantika.cz\/wp-content\/uploads\/2022\/04\/foto-2012-06-13-200x300.jpg\" srcset=\"https:\/\/www.cykloromantika.cz\/wp-content\/uploads\/2022\/04\/foto-2012-06-13-200x300.jpg 200w,https:\/\/www.cykloromantika.cz\/wp-content\/uploads\/2022\/04\/foto-2012-06-13.jpg 683w\" sizes=\"auto, 250px\"\/><\/a><div class=\"sgb-item-caption\"><em>Typick\u00e1 sn\u00edda\u0148ov\u00e1 v\u00fdbava cykloromantika \u2013 rohl\u00edk<\/em><\/div><\/div><div class=\"sgb-item\"><a href=\"https:\/\/www.cykloromantika.cz\/foto-2012-06-14\/\" target=\"_blank\"><img decoding=\"async\" alt=\"\" width=\"300\" height=\"225\" loading=\"lazy\" src=\"https:\/\/www.cykloromantika.cz\/wp-content\/uploads\/2022\/04\/foto-2012-06-14-300x225.jpg\" srcset=\"https:\/\/www.cykloromantika.cz\/wp-content\/uploads\/2022\/04\/foto-2012-06-14-300x225.jpg 300w,https:\/\/www.cykloromantika.cz\/wp-content\/uploads\/2022\/04\/foto-2012-06-14.jpg 1024w\" sizes=\"auto, 250px\"\/><\/a><div class=\"sgb-item-caption\"><em>M\u011bstsk\u00e1 pam\u00e1tkov\u00e1 rezervace Slavonice<\/em><\/div><\/div><div class=\"sgb-item\"><a href=\"https:\/\/www.cykloromantika.cz\/foto-2012-06-15\/\" target=\"_blank\"><img decoding=\"async\" alt=\"\" width=\"200\" height=\"300\" loading=\"lazy\" src=\"https:\/\/www.cykloromantika.cz\/wp-content\/uploads\/2022\/04\/foto-2012-06-15-200x300.jpg\" srcset=\"https:\/\/www.cykloromantika.cz\/wp-content\/uploads\/2022\/04\/foto-2012-06-15-200x300.jpg 200w,https:\/\/www.cykloromantika.cz\/wp-content\/uploads\/2022\/04\/foto-2012-06-15.jpg 683w\" sizes=\"auto, 250px\"\/><\/a><div class=\"sgb-item-caption\"><em>Ka\u0161na n\u00e1s p\u0159itahovala okusit jej\u00ed vodu... Ale to a\u017e pozd\u011bji... \ud83d\ude42<\/em><\/div><\/div><div class=\"sgb-item\"><a href=\"https:\/\/www.cykloromantika.cz\/foto-2012-06-16\/\" target=\"_blank\"><img decoding=\"async\" alt=\"\" width=\"200\" height=\"300\" loading=\"lazy\" src=\"https:\/\/www.cykloromantika.cz\/wp-content\/uploads\/2022\/04\/foto-2012-06-16-200x300.jpg\" srcset=\"https:\/\/www.cykloromantika.cz\/wp-content\/uploads\/2022\/04\/foto-2012-06-16-200x300.jpg 200w,https:\/\/www.cykloromantika.cz\/wp-content\/uploads\/2022\/04\/foto-2012-06-16.jpg 683w\" sizes=\"auto, 250px\"\/><\/a><div class=\"sgb-item-caption\"><em>M\u011bstsk\u00e1 pam\u00e1tkov\u00e1 rezervace Slavonice<\/em><\/div><\/div><div class=\"sgb-item\"><a href=\"https:\/\/www.cykloromantika.cz\/foto-2012-06-17\/\" target=\"_blank\"><img decoding=\"async\" alt=\"\" width=\"300\" height=\"200\" loading=\"lazy\" src=\"https:\/\/www.cykloromantika.cz\/wp-content\/uploads\/2022\/04\/foto-2012-06-17-300x200.jpg\" srcset=\"https:\/\/www.cykloromantika.cz\/wp-content\/uploads\/2022\/04\/foto-2012-06-17-300x200.jpg 300w,https:\/\/www.cykloromantika.cz\/wp-content\/uploads\/2022\/04\/foto-2012-06-17.jpg 1024w\" sizes=\"auto, 250px\"\/><\/a><div class=\"sgb-item-caption\"><em>M\u011bstsk\u00e1 pam\u00e1tkov\u00e1 rezervace Slavonice<\/em><\/div><\/div><div class=\"sgb-item\"><a href=\"https:\/\/www.cykloromantika.cz\/foto-2012-06-18\/\" target=\"_blank\"><img decoding=\"async\" alt=\"\" width=\"300\" height=\"225\" loading=\"lazy\" src=\"https:\/\/www.cykloromantika.cz\/wp-content\/uploads\/2022\/04\/foto-2012-06-18-300x225.jpg\" srcset=\"https:\/\/www.cykloromantika.cz\/wp-content\/uploads\/2022\/04\/foto-2012-06-18-300x225.jpg 300w,https:\/\/www.cykloromantika.cz\/wp-content\/uploads\/2022\/04\/foto-2012-06-18.jpg 1024w\" sizes=\"auto, 250px\"\/><\/a><div class=\"sgb-item-caption\"><em>Pr\u016fchod ke kostelu Nanebevzet\u00ed Panny Marie<\/em><\/div><\/div><div class=\"sgb-item\"><a href=\"https:\/\/www.cykloromantika.cz\/foto-2012-06-19\/\" target=\"_blank\"><img decoding=\"async\" alt=\"\" width=\"300\" height=\"225\" loading=\"lazy\" src=\"https:\/\/www.cykloromantika.cz\/wp-content\/uploads\/2022\/04\/foto-2012-06-19-300x225.jpg\" srcset=\"https:\/\/www.cykloromantika.cz\/wp-content\/uploads\/2022\/04\/foto-2012-06-19-300x225.jpg 300w,https:\/\/www.cykloromantika.cz\/wp-content\/uploads\/2022\/04\/foto-2012-06-19.jpg 1024w\" sizes=\"auto, 250px\"\/><\/a><div class=\"sgb-item-caption\"><em>Typick\u00e9 uli\u010dky Slavonic<\/em><\/div><\/div><div class=\"sgb-item\"><a href=\"https:\/\/www.cykloromantika.cz\/foto-2012-06-20\/\" target=\"_blank\"><img decoding=\"async\" alt=\"\" width=\"300\" height=\"225\" loading=\"lazy\" src=\"https:\/\/www.cykloromantika.cz\/wp-content\/uploads\/2022\/04\/foto-2012-06-20-300x225.jpg\" srcset=\"https:\/\/www.cykloromantika.cz\/wp-content\/uploads\/2022\/04\/foto-2012-06-20-300x225.jpg 300w,https:\/\/www.cykloromantika.cz\/wp-content\/uploads\/2022\/04\/foto-2012-06-20.jpg 1024w\" sizes=\"auto, 250px\"\/><\/a><div class=\"sgb-item-caption\"><em>Na\u0161i someli\u00e9\u0159i v\u00e1m doporu\u010d\u00ed to prav\u00e9.<\/em><\/div><\/div><div class=\"sgb-item\"><a href=\"https:\/\/www.cykloromantika.cz\/foto-2012-06-21\/\" target=\"_blank\"><img decoding=\"async\" alt=\"\" width=\"300\" height=\"225\" loading=\"lazy\" src=\"https:\/\/www.cykloromantika.cz\/wp-content\/uploads\/2022\/04\/foto-2012-06-21-300x225.jpg\" srcset=\"https:\/\/www.cykloromantika.cz\/wp-content\/uploads\/2022\/04\/foto-2012-06-21-300x225.jpg 300w,https:\/\/www.cykloromantika.cz\/wp-content\/uploads\/2022\/04\/foto-2012-06-21.jpg 1024w\" sizes=\"auto, 250px\"\/><\/a><div class=\"sgb-item-caption\"><em>Fand\u00edme na\u0161im basketbalistk\u00e1m na olympi\u00e1d\u011b. N\u011bmci vedle se mus\u00ed divit. \ud83d\ude42<\/em><\/div><\/div><div class=\"sgb-item\"><a href=\"https:\/\/www.cykloromantika.cz\/foto-2012-06-22\/\" target=\"_blank\"><img decoding=\"async\" alt=\"\" width=\"300\" height=\"225\" loading=\"lazy\" src=\"https:\/\/www.cykloromantika.cz\/wp-content\/uploads\/2022\/04\/foto-2012-06-22-300x225.jpg\" srcset=\"https:\/\/www.cykloromantika.cz\/wp-content\/uploads\/2022\/04\/foto-2012-06-22-300x225.jpg 300w,https:\/\/www.cykloromantika.cz\/wp-content\/uploads\/2022\/04\/foto-2012-06-22.jpg 1024w\" sizes=\"auto, 250px\"\/><\/a><div class=\"sgb-item-caption\"><em>Pepino se do fand\u011bn\u00ed samoz\u0159ejm\u011b po\u0159\u00e1dn\u011b op\u0159el. \ud83d\ude42<\/em><\/div><\/div><div class=\"sgb-item\"><a href=\"https:\/\/www.cykloromantika.cz\/foto-2012-06-23\/\" target=\"_blank\"><img decoding=\"async\" alt=\"\" width=\"225\" height=\"300\" loading=\"lazy\" src=\"https:\/\/www.cykloromantika.cz\/wp-content\/uploads\/2022\/04\/foto-2012-06-23-225x300.jpg\" srcset=\"https:\/\/www.cykloromantika.cz\/wp-content\/uploads\/2022\/04\/foto-2012-06-23-225x300.jpg 225w,https:\/\/www.cykloromantika.cz\/wp-content\/uploads\/2022\/04\/foto-2012-06-23.jpg 768w\" sizes=\"auto, 250px\"\/><\/a><div class=\"sgb-item-caption\"><em>Dal\u0161\u00ed ka\u0161na u\u017e n\u00e1m neodolala. \ud83d\ude42<\/em><\/div><\/div><div class=\"sgb-item\"><a href=\"https:\/\/www.cykloromantika.cz\/foto-2012-06-24\/\" target=\"_blank\"><img decoding=\"async\" alt=\"\" width=\"300\" height=\"225\" loading=\"lazy\" src=\"https:\/\/www.cykloromantika.cz\/wp-content\/uploads\/2022\/04\/foto-2012-06-24-300x225.jpg\" srcset=\"https:\/\/www.cykloromantika.cz\/wp-content\/uploads\/2022\/04\/foto-2012-06-24-300x225.jpg 300w,https:\/\/www.cykloromantika.cz\/wp-content\/uploads\/2022\/04\/foto-2012-06-24.jpg 1024w\" sizes=\"auto, 250px\"\/><\/a><div class=\"sgb-item-caption\"><em>Dal\u0161\u00ed ka\u0161na u\u017e n\u00e1m neodolala. \ud83d\ude42<\/em><\/div><\/div><div class=\"sgb-item\"><a href=\"https:\/\/www.cykloromantika.cz\/foto-2012-06-25\/\" target=\"_blank\"><img decoding=\"async\" alt=\"\" width=\"300\" height=\"225\" loading=\"lazy\" src=\"https:\/\/www.cykloromantika.cz\/wp-content\/uploads\/2022\/04\/foto-2012-06-25-300x225.jpg\" srcset=\"https:\/\/www.cykloromantika.cz\/wp-content\/uploads\/2022\/04\/foto-2012-06-25-300x225.jpg 300w,https:\/\/www.cykloromantika.cz\/wp-content\/uploads\/2022\/04\/foto-2012-06-25.jpg 1024w\" sizes=\"auto, 250px\"\/><\/a><div class=\"sgb-item-caption\"><em>\u00a7 358 V\u00fdtr\u017enictv\u00ed odst. 1 a 2 b)<\/em><\/div><\/div><div class=\"sgb-item\"><a href=\"https:\/\/www.cykloromantika.cz\/foto-2012-06-26\/\" target=\"_blank\"><img decoding=\"async\" alt=\"\" width=\"300\" height=\"200\" loading=\"lazy\" src=\"https:\/\/www.cykloromantika.cz\/wp-content\/uploads\/2022\/04\/foto-2012-06-26-300x200.jpg\" srcset=\"https:\/\/www.cykloromantika.cz\/wp-content\/uploads\/2022\/04\/foto-2012-06-26-300x200.jpg 300w,https:\/\/www.cykloromantika.cz\/wp-content\/uploads\/2022\/04\/foto-2012-06-26.jpg 1024w\" sizes=\"auto, 250px\"\/><\/a><div class=\"sgb-item-caption\"><em>Bobo se tak\u00e9 odv\u00e1\u017eil!...<\/em><\/div><\/div><div class=\"sgb-item\"><a href=\"https:\/\/www.cykloromantika.cz\/foto-2012-06-27\/\" target=\"_blank\"><img decoding=\"async\" alt=\"\" width=\"300\" height=\"225\" loading=\"lazy\" src=\"https:\/\/www.cykloromantika.cz\/wp-content\/uploads\/2022\/04\/foto-2012-06-27-300x225.jpg\" srcset=\"https:\/\/www.cykloromantika.cz\/wp-content\/uploads\/2022\/04\/foto-2012-06-27-300x225.jpg 300w,https:\/\/www.cykloromantika.cz\/wp-content\/uploads\/2022\/04\/foto-2012-06-27.jpg 1024w\" sizes=\"auto, 250px\"\/><\/a><div class=\"sgb-item-caption\"><em>To jsme ne\u010dekali \u2013 u Velk\u00e9ho slavonick\u00e9ho rybn\u00edka<\/em><\/div><\/div><div class=\"sgb-item\"><a href=\"https:\/\/www.cykloromantika.cz\/foto-2012-06-28\/\" target=\"_blank\"><img decoding=\"async\" alt=\"\" width=\"300\" height=\"225\" loading=\"lazy\" src=\"https:\/\/www.cykloromantika.cz\/wp-content\/uploads\/2022\/04\/foto-2012-06-28-300x225.jpg\" srcset=\"https:\/\/www.cykloromantika.cz\/wp-content\/uploads\/2022\/04\/foto-2012-06-28-300x225.jpg 300w,https:\/\/www.cykloromantika.cz\/wp-content\/uploads\/2022\/04\/foto-2012-06-28.jpg 1024w\" sizes=\"auto, 250px\"\/><\/a><div class=\"sgb-item-caption\"><em>Cykloromantika se m\u011bn\u00ed na cyklokros.<\/em><\/div><\/div><div class=\"sgb-item\"><a href=\"https:\/\/www.cykloromantika.cz\/foto-2012-06-29\/\" target=\"_blank\"><img decoding=\"async\" alt=\"\" width=\"300\" height=\"225\" loading=\"lazy\" src=\"https:\/\/www.cykloromantika.cz\/wp-content\/uploads\/2022\/04\/foto-2012-06-29-300x225.jpg\" srcset=\"https:\/\/www.cykloromantika.cz\/wp-content\/uploads\/2022\/04\/foto-2012-06-29-300x225.jpg 300w,https:\/\/www.cykloromantika.cz\/wp-content\/uploads\/2022\/04\/foto-2012-06-29.jpg 1024w\" sizes=\"auto, 250px\"\/><\/a><div class=\"sgb-item-caption\"><em>Tudy to nep\u016fjde! \ud83d\ude42<\/em><\/div><\/div><div class=\"sgb-item\"><a href=\"https:\/\/www.cykloromantika.cz\/foto-2012-06-30\/\" target=\"_blank\"><img decoding=\"async\" alt=\"\" width=\"300\" height=\"225\" loading=\"lazy\" src=\"https:\/\/www.cykloromantika.cz\/wp-content\/uploads\/2022\/04\/foto-2012-06-30-300x225.jpg\" srcset=\"https:\/\/www.cykloromantika.cz\/wp-content\/uploads\/2022\/04\/foto-2012-06-30-300x225.jpg 300w,https:\/\/www.cykloromantika.cz\/wp-content\/uploads\/2022\/04\/foto-2012-06-30.jpg 1024w\" sizes=\"auto, 250px\"\/><\/a><div class=\"sgb-item-caption\"><em>V\u00edtan\u00e9 ochlazen\u00ed \u2013 v kolik to jede z \u010cerven\u00e9ho Hr\u00e1dku?<\/em><\/div><\/div><div class=\"sgb-item\"><a href=\"https:\/\/www.cykloromantika.cz\/foto-2012-06-31\/\" target=\"_blank\"><img decoding=\"async\" alt=\"\" width=\"225\" height=\"300\" loading=\"lazy\" src=\"https:\/\/www.cykloromantika.cz\/wp-content\/uploads\/2022\/04\/foto-2012-06-31-225x300.jpg\" srcset=\"https:\/\/www.cykloromantika.cz\/wp-content\/uploads\/2022\/04\/foto-2012-06-31-225x300.jpg 225w,https:\/\/www.cykloromantika.cz\/wp-content\/uploads\/2022\/04\/foto-2012-06-31.jpg 768w\" sizes=\"auto, 250px\"\/><\/a><div class=\"sgb-item-caption\"><em>N\u00e1m\u011bst\u00ed v Nov\u00e9 \u0158\u00ed\u0161i<\/em><\/div><\/div><div class=\"sgb-item\"><a href=\"https:\/\/www.cykloromantika.cz\/foto-2012-06-32\/\" target=\"_blank\"><img decoding=\"async\" alt=\"\" width=\"300\" height=\"225\" loading=\"lazy\" src=\"https:\/\/www.cykloromantika.cz\/wp-content\/uploads\/2022\/04\/foto-2012-06-32-300x225.jpg\" srcset=\"https:\/\/www.cykloromantika.cz\/wp-content\/uploads\/2022\/04\/foto-2012-06-32-300x225.jpg 300w,https:\/\/www.cykloromantika.cz\/wp-content\/uploads\/2022\/04\/foto-2012-06-32.jpg 1024w\" sizes=\"auto, 250px\"\/><\/a><div class=\"sgb-item-caption\"><em>Pepino \u0161ikovn\u011b polo\u017eil kolo na obrubn\u00edk... hned za auto.<\/em><\/div><\/div><div class=\"sgb-item\"><a href=\"https:\/\/www.cykloromantika.cz\/foto-2012-06-33\/\" target=\"_blank\"><img decoding=\"async\" alt=\"\" width=\"300\" height=\"225\" loading=\"lazy\" src=\"https:\/\/www.cykloromantika.cz\/wp-content\/uploads\/2022\/04\/foto-2012-06-33-300x225.jpg\" srcset=\"https:\/\/www.cykloromantika.cz\/wp-content\/uploads\/2022\/04\/foto-2012-06-33-300x225.jpg 300w,https:\/\/www.cykloromantika.cz\/wp-content\/uploads\/2022\/04\/foto-2012-06-33.jpg 1024w\" sizes=\"auto, 250px\"\/><\/a><div class=\"sgb-item-caption\"><em>Pepino v\u016fbec ne\u0159e\u0161\u00ed, \u017ee u\u017e dnes nepojedeme. \ud83d\ude42<\/em><\/div><\/div><div class=\"sgb-item\"><a href=\"https:\/\/www.cykloromantika.cz\/foto-2012-06-34\/\" target=\"_blank\"><img decoding=\"async\" alt=\"\" width=\"300\" height=\"200\" loading=\"lazy\" src=\"https:\/\/www.cykloromantika.cz\/wp-content\/uploads\/2022\/04\/foto-2012-06-34-300x200.jpg\" srcset=\"https:\/\/www.cykloromantika.cz\/wp-content\/uploads\/2022\/04\/foto-2012-06-34-300x200.jpg 300w,https:\/\/www.cykloromantika.cz\/wp-content\/uploads\/2022\/04\/foto-2012-06-34.jpg 1024w\" sizes=\"auto, 250px\"\/><\/a><div class=\"sgb-item-caption\"><em>Pepinova ne moc vz\u00e1cn\u00e1 poloha kola. \ud83d\ude42<\/em><\/div><\/div><div class=\"sgb-item\"><a href=\"https:\/\/www.cykloromantika.cz\/foto-2012-06-35\/\" target=\"_blank\"><img decoding=\"async\" alt=\"\" width=\"200\" height=\"300\" loading=\"lazy\" src=\"https:\/\/www.cykloromantika.cz\/wp-content\/uploads\/2022\/04\/foto-2012-06-35-200x300.jpg\" srcset=\"https:\/\/www.cykloromantika.cz\/wp-content\/uploads\/2022\/04\/foto-2012-06-35-200x300.jpg 200w,https:\/\/www.cykloromantika.cz\/wp-content\/uploads\/2022\/04\/foto-2012-06-35.jpg 683w\" sizes=\"auto, 250px\"\/><\/a><div class=\"sgb-item-caption\"><em>Ani Du\u0161\u00edk takovou \"osmicu\" nedok\u00e1zal vycentrovat. \ud83d\ude42<\/em><\/div><\/div><div class=\"sgb-item\"><a href=\"https:\/\/www.cykloromantika.cz\/foto-2012-06-36\/\" target=\"_blank\"><img decoding=\"async\" alt=\"\" width=\"300\" height=\"225\" loading=\"lazy\" src=\"https:\/\/www.cykloromantika.cz\/wp-content\/uploads\/2022\/04\/foto-2012-06-36-300x225.jpg\" srcset=\"https:\/\/www.cykloromantika.cz\/wp-content\/uploads\/2022\/04\/foto-2012-06-36-300x225.jpg 300w,https:\/\/www.cykloromantika.cz\/wp-content\/uploads\/2022\/04\/foto-2012-06-36.jpg 1024w\" sizes=\"auto, 250px\"\/><\/a><div class=\"sgb-item-caption\"><em>\"Vin\u00edk\" se zachoval p\u0159\u00edkladn\u011b a odvezl n\u00e1s do T\u0159eb\u00ed\u010de na vlak.<\/em><\/div><\/div><div class=\"sgb-item\"><a href=\"https:\/\/www.cykloromantika.cz\/foto-2012-06-37\/\" target=\"_blank\"><img decoding=\"async\" alt=\"\" width=\"300\" height=\"225\" loading=\"lazy\" src=\"https:\/\/www.cykloromantika.cz\/wp-content\/uploads\/2022\/04\/foto-2012-06-37-300x225.jpg\" srcset=\"https:\/\/www.cykloromantika.cz\/wp-content\/uploads\/2022\/04\/foto-2012-06-37-300x225.jpg 300w,https:\/\/www.cykloromantika.cz\/wp-content\/uploads\/2022\/04\/foto-2012-06-37.jpg 1024w\" sizes=\"auto, 250px\"\/><\/a><div class=\"sgb-item-caption\"><em>Pepino demonstruje pokladn\u00ed, \u017ee toto kolo pot\u0159ebuje j\u00edzdu vlakem.<\/em><\/div><\/div><div class=\"sgb-item\"><a href=\"https:\/\/www.cykloromantika.cz\/foto-2012-06-38\/\" target=\"_blank\"><img decoding=\"async\" alt=\"\" width=\"300\" height=\"225\" loading=\"lazy\" src=\"https:\/\/www.cykloromantika.cz\/wp-content\/uploads\/2022\/04\/foto-2012-06-38-300x225.jpg\" srcset=\"https:\/\/www.cykloromantika.cz\/wp-content\/uploads\/2022\/04\/foto-2012-06-38-300x225.jpg 300w,https:\/\/www.cykloromantika.cz\/wp-content\/uploads\/2022\/04\/foto-2012-06-38.jpg 1024w\" sizes=\"auto, 250px\"\/><\/a><div class=\"sgb-item-caption\"><em>Je\u0161t\u011b spole\u010dn\u00e1 s na\u0161\u00edm dopravcem. \ud83d\ude42<\/em><\/div><\/div><\/div><\/noscript><\/div><script type=\"application\/json\" class=\"sgb-data\">{\"lastRowFill\":true,\"collectionThumbRecomendedHeight\":300,\"collectionThumbMiniScreenScale\":true,\"captionHAlign\":\"bottom\",\"collectionthumbHoverTitleFontSize\":12,\"collectionthumbRoundedCorners\":8,\"collectionthumbHoverTitleTextBgColor\":\"rgba(0,0,0,0.44)\",\"collectionThumbSubMenuShare\":false,\"galleryType\":\"pgc_sgb_justified\",\"galleryId\":\"4fd37892\",\"galleryQuery\":null,\"images\":[{\"id\":6510,\"title\":\"Foto 2012 06 01\",\"url\":\"https:\/\/www.cykloromantika.cz\/wp-content\/uploads\/2022\/04\/foto-2012-06-01.jpg\",\"link\":\"https:\/\/www.cykloromantika.cz\/foto-2012-06-01\/\",\"alt\":\"\",\"description\":\"\",\"caption\":\"Bivak na p\u0159\u00edrodn\u00edm koupali\u0161ti u Star\u00e9ho M\u011bsta pod Land\u0161tejnem\",\"mime\":\"image\/jpeg\",\"type\":\"image\",\"width\":1024,\"height\":768,\"sizes\":{\"thumbnail\":{\"height\":113,\"width\":150,\"url\":\"https:\/\/www.cykloromantika.cz\/wp-content\/uploads\/2022\/04\/foto-2012-06-01-150x113.jpg\",\"orientation\":\"landscape\"},\"medium\":{\"height\":225,\"width\":300,\"url\":\"https:\/\/www.cykloromantika.cz\/wp-content\/uploads\/2022\/04\/foto-2012-06-01-300x225.jpg\",\"orientation\":\"landscape\"},\"full\":{\"url\":\"https:\/\/www.cykloromantika.cz\/wp-content\/uploads\/2022\/04\/foto-2012-06-01.jpg\",\"height\":768,\"width\":1024,\"orientation\":\"landscape\"}},\"meta\":false,\"postlink\":\"https:\/\/www.cykloromantika.cz\/foto-2012-06-01\/\"},{\"id\":6511,\"title\":\"Foto 2012 06 02\",\"url\":\"https:\/\/www.cykloromantika.cz\/wp-content\/uploads\/2022\/04\/foto-2012-06-02.jpg\",\"link\":\"https:\/\/www.cykloromantika.cz\/foto-2012-06-02\/\",\"alt\":\"\",\"description\":\"\",\"caption\":\"P\u0159\u00edprava na rann\u00ed koupa\u010dku\",\"mime\":\"image\/jpeg\",\"type\":\"image\",\"width\":1024,\"height\":768,\"sizes\":{\"thumbnail\":{\"height\":113,\"width\":150,\"url\":\"https:\/\/www.cykloromantika.cz\/wp-content\/uploads\/2022\/04\/foto-2012-06-02-150x113.jpg\",\"orientation\":\"landscape\"},\"medium\":{\"height\":225,\"width\":300,\"url\":\"https:\/\/www.cykloromantika.cz\/wp-content\/uploads\/2022\/04\/foto-2012-06-02-300x225.jpg\",\"orientation\":\"landscape\"},\"full\":{\"url\":\"https:\/\/www.cykloromantika.cz\/wp-content\/uploads\/2022\/04\/foto-2012-06-02.jpg\",\"height\":768,\"width\":1024,\"orientation\":\"landscape\"}},\"meta\":false,\"postlink\":\"https:\/\/www.cykloromantika.cz\/foto-2012-06-02\/\"},{\"id\":6512,\"title\":\"Foto 2012 06 03\",\"url\":\"https:\/\/www.cykloromantika.cz\/wp-content\/uploads\/2022\/04\/foto-2012-06-03.jpg\",\"link\":\"https:\/\/www.cykloromantika.cz\/foto-2012-06-03\/\",\"alt\":\"\",\"description\":\"\",\"caption\":\"Span\u00ed jsme m\u011bli n\u00e1dhern\u00e9.\",\"mime\":\"image\/jpeg\",\"type\":\"image\",\"width\":1024,\"height\":768,\"sizes\":{\"thumbnail\":{\"height\":113,\"width\":150,\"url\":\"https:\/\/www.cykloromantika.cz\/wp-content\/uploads\/2022\/04\/foto-2012-06-03-150x113.jpg\",\"orientation\":\"landscape\"},\"medium\":{\"height\":225,\"width\":300,\"url\":\"https:\/\/www.cykloromantika.cz\/wp-content\/uploads\/2022\/04\/foto-2012-06-03-300x225.jpg\",\"orientation\":\"landscape\"},\"full\":{\"url\":\"https:\/\/www.cykloromantika.cz\/wp-content\/uploads\/2022\/04\/foto-2012-06-03.jpg\",\"height\":768,\"width\":1024,\"orientation\":\"landscape\"}},\"meta\":false,\"postlink\":\"https:\/\/www.cykloromantika.cz\/foto-2012-06-03\/\"},{\"id\":6513,\"title\":\"Foto 2012 06 04\",\"url\":\"https:\/\/www.cykloromantika.cz\/wp-content\/uploads\/2022\/04\/foto-2012-06-04.jpg\",\"link\":\"https:\/\/www.cykloromantika.cz\/foto-2012-06-04\/\",\"alt\":\"\",\"description\":\"\",\"caption\":\"Pod\u00edvali jsme se na \u017eidovsk\u00fd h\u0159bitov nedaleko.\",\"mime\":\"image\/jpeg\",\"type\":\"image\",\"width\":1024,\"height\":768,\"sizes\":{\"thumbnail\":{\"height\":113,\"width\":150,\"url\":\"https:\/\/www.cykloromantika.cz\/wp-content\/uploads\/2022\/04\/foto-2012-06-04-150x113.jpg\",\"orientation\":\"landscape\"},\"medium\":{\"height\":225,\"width\":300,\"url\":\"https:\/\/www.cykloromantika.cz\/wp-content\/uploads\/2022\/04\/foto-2012-06-04-300x225.jpg\",\"orientation\":\"landscape\"},\"full\":{\"url\":\"https:\/\/www.cykloromantika.cz\/wp-content\/uploads\/2022\/04\/foto-2012-06-04.jpg\",\"height\":768,\"width\":1024,\"orientation\":\"landscape\"}},\"meta\":false,\"postlink\":\"https:\/\/www.cykloromantika.cz\/foto-2012-06-04\/\"},{\"id\":6514,\"title\":\"Foto 2012 06 05\",\"url\":\"https:\/\/www.cykloromantika.cz\/wp-content\/uploads\/2022\/04\/foto-2012-06-05.jpg\",\"link\":\"https:\/\/www.cykloromantika.cz\/foto-2012-06-05\/\",\"alt\":\"\",\"description\":\"\",\"caption\":\"\u017didovsk\u00fd h\u0159bitov u Star\u00e9ho M\u011bsta pod Land\u0161tejnem\",\"mime\":\"image\/jpeg\",\"type\":\"image\",\"width\":768,\"height\":1024,\"sizes\":{\"thumbnail\":{\"height\":150,\"width\":113,\"url\":\"https:\/\/www.cykloromantika.cz\/wp-content\/uploads\/2022\/04\/foto-2012-06-05-113x150.jpg\",\"orientation\":\"portrait\"},\"medium\":{\"height\":300,\"width\":225,\"url\":\"https:\/\/www.cykloromantika.cz\/wp-content\/uploads\/2022\/04\/foto-2012-06-05-225x300.jpg\",\"orientation\":\"portrait\"},\"full\":{\"url\":\"https:\/\/www.cykloromantika.cz\/wp-content\/uploads\/2022\/04\/foto-2012-06-05.jpg\",\"height\":1024,\"width\":768,\"orientation\":\"portrait\"}},\"meta\":false,\"postlink\":\"https:\/\/www.cykloromantika.cz\/foto-2012-06-05\/\"},{\"id\":6515,\"title\":\"Foto 2012 06 06\",\"url\":\"https:\/\/www.cykloromantika.cz\/wp-content\/uploads\/2022\/04\/foto-2012-06-06.jpg\",\"link\":\"https:\/\/www.cykloromantika.cz\/foto-2012-06-06\/\",\"alt\":\"\",\"description\":\"\",\"caption\":\"INRI na \u017eidovsk\u00e9m h\u0159bitov\u011b!? Asi \u0161patn\u00e9 \u0159azen\u00ed.\",\"mime\":\"image\/jpeg\",\"type\":\"image\",\"width\":768,\"height\":1024,\"sizes\":{\"thumbnail\":{\"height\":150,\"width\":113,\"url\":\"https:\/\/www.cykloromantika.cz\/wp-content\/uploads\/2022\/04\/foto-2012-06-06-113x150.jpg\",\"orientation\":\"portrait\"},\"medium\":{\"height\":300,\"width\":225,\"url\":\"https:\/\/www.cykloromantika.cz\/wp-content\/uploads\/2022\/04\/foto-2012-06-06-225x300.jpg\",\"orientation\":\"portrait\"},\"full\":{\"url\":\"https:\/\/www.cykloromantika.cz\/wp-content\/uploads\/2022\/04\/foto-2012-06-06.jpg\",\"height\":1024,\"width\":768,\"orientation\":\"portrait\"}},\"meta\":false,\"postlink\":\"https:\/\/www.cykloromantika.cz\/foto-2012-06-06\/\"},{\"id\":6516,\"title\":\"Foto 2012 06 07\",\"url\":\"https:\/\/www.cykloromantika.cz\/wp-content\/uploads\/2022\/04\/foto-2012-06-07.jpg\",\"link\":\"https:\/\/www.cykloromantika.cz\/foto-2012-06-07\/\",\"alt\":\"\",\"description\":\"\",\"caption\":\"\u017didovsk\u00fd h\u0159bitov u Star\u00e9ho M\u011bsta pod Land\u0161tejnem\",\"mime\":\"image\/jpeg\",\"type\":\"image\",\"width\":683,\"height\":1024,\"sizes\":{\"thumbnail\":{\"height\":150,\"width\":100,\"url\":\"https:\/\/www.cykloromantika.cz\/wp-content\/uploads\/2022\/04\/foto-2012-06-07-100x150.jpg\",\"orientation\":\"portrait\"},\"medium\":{\"height\":300,\"width\":200,\"url\":\"https:\/\/www.cykloromantika.cz\/wp-content\/uploads\/2022\/04\/foto-2012-06-07-200x300.jpg\",\"orientation\":\"portrait\"},\"full\":{\"url\":\"https:\/\/www.cykloromantika.cz\/wp-content\/uploads\/2022\/04\/foto-2012-06-07.jpg\",\"height\":1024,\"width\":683,\"orientation\":\"portrait\"}},\"meta\":false,\"postlink\":\"https:\/\/www.cykloromantika.cz\/foto-2012-06-07\/\"},{\"id\":6517,\"title\":\"Foto 2012 06 08\",\"url\":\"https:\/\/www.cykloromantika.cz\/wp-content\/uploads\/2022\/04\/foto-2012-06-08.jpg\",\"link\":\"https:\/\/www.cykloromantika.cz\/foto-2012-06-08\/\",\"alt\":\"\",\"description\":\"\",\"caption\":\"\u017didovsk\u00fd h\u0159bitov u Star\u00e9ho M\u011bsta pod Land\u0161tejnem\",\"mime\":\"image\/jpeg\",\"type\":\"image\",\"width\":1024,\"height\":683,\"sizes\":{\"thumbnail\":{\"height\":100,\"width\":150,\"url\":\"https:\/\/www.cykloromantika.cz\/wp-content\/uploads\/2022\/04\/foto-2012-06-08-150x100.jpg\",\"orientation\":\"landscape\"},\"medium\":{\"height\":200,\"width\":300,\"url\":\"https:\/\/www.cykloromantika.cz\/wp-content\/uploads\/2022\/04\/foto-2012-06-08-300x200.jpg\",\"orientation\":\"landscape\"},\"full\":{\"url\":\"https:\/\/www.cykloromantika.cz\/wp-content\/uploads\/2022\/04\/foto-2012-06-08.jpg\",\"height\":683,\"width\":1024,\"orientation\":\"landscape\"}},\"meta\":false,\"postlink\":\"https:\/\/www.cykloromantika.cz\/foto-2012-06-08\/\"},{\"id\":6518,\"title\":\"Foto 2012 06 09\",\"url\":\"https:\/\/www.cykloromantika.cz\/wp-content\/uploads\/2022\/04\/foto-2012-06-09.jpg\",\"link\":\"https:\/\/www.cykloromantika.cz\/foto-2012-06-09\/\",\"alt\":\"\",\"description\":\"\",\"caption\":\"Hned takov\u00e9 stoup\u00e1n\u00ed po r\u00e1nu?\",\"mime\":\"image\/jpeg\",\"type\":\"image\",\"width\":683,\"height\":1024,\"sizes\":{\"thumbnail\":{\"height\":150,\"width\":100,\"url\":\"https:\/\/www.cykloromantika.cz\/wp-content\/uploads\/2022\/04\/foto-2012-06-09-100x150.jpg\",\"orientation\":\"portrait\"},\"medium\":{\"height\":300,\"width\":200,\"url\":\"https:\/\/www.cykloromantika.cz\/wp-content\/uploads\/2022\/04\/foto-2012-06-09-200x300.jpg\",\"orientation\":\"portrait\"},\"full\":{\"url\":\"https:\/\/www.cykloromantika.cz\/wp-content\/uploads\/2022\/04\/foto-2012-06-09.jpg\",\"height\":1024,\"width\":683,\"orientation\":\"portrait\"}},\"meta\":false,\"postlink\":\"https:\/\/www.cykloromantika.cz\/foto-2012-06-09\/\"},{\"id\":6519,\"title\":\"Foto 2012 06 10\",\"url\":\"https:\/\/www.cykloromantika.cz\/wp-content\/uploads\/2022\/04\/foto-2012-06-10.jpg\",\"link\":\"https:\/\/www.cykloromantika.cz\/foto-2012-06-10\/\",\"alt\":\"\",\"description\":\"\",\"caption\":\"Pepino to bere s \u00fasm\u011bvem a sv\u00fdm typick\u00fdm p\u0159evodem 42x11.\",\"mime\":\"image\/jpeg\",\"type\":\"image\",\"width\":683,\"height\":1024,\"sizes\":{\"thumbnail\":{\"height\":150,\"width\":100,\"url\":\"https:\/\/www.cykloromantika.cz\/wp-content\/uploads\/2022\/04\/foto-2012-06-10-100x150.jpg\",\"orientation\":\"portrait\"},\"medium\":{\"height\":300,\"width\":200,\"url\":\"https:\/\/www.cykloromantika.cz\/wp-content\/uploads\/2022\/04\/foto-2012-06-10-200x300.jpg\",\"orientation\":\"portrait\"},\"full\":{\"url\":\"https:\/\/www.cykloromantika.cz\/wp-content\/uploads\/2022\/04\/foto-2012-06-10.jpg\",\"height\":1024,\"width\":683,\"orientation\":\"portrait\"}},\"meta\":false,\"postlink\":\"https:\/\/www.cykloromantika.cz\/foto-2012-06-10\/\"},{\"id\":6520,\"title\":\"Foto 2012 06 11\",\"url\":\"https:\/\/www.cykloromantika.cz\/wp-content\/uploads\/2022\/04\/foto-2012-06-11.jpg\",\"link\":\"https:\/\/www.cykloromantika.cz\/foto-2012-06-11\/\",\"alt\":\"\",\"description\":\"\",\"caption\":\"Pasou se n\u00e1m tady steaky!\",\"mime\":\"image\/jpeg\",\"type\":\"image\",\"width\":1024,\"height\":683,\"sizes\":{\"thumbnail\":{\"height\":100,\"width\":150,\"url\":\"https:\/\/www.cykloromantika.cz\/wp-content\/uploads\/2022\/04\/foto-2012-06-11-150x100.jpg\",\"orientation\":\"landscape\"},\"medium\":{\"height\":200,\"width\":300,\"url\":\"https:\/\/www.cykloromantika.cz\/wp-content\/uploads\/2022\/04\/foto-2012-06-11-300x200.jpg\",\"orientation\":\"landscape\"},\"full\":{\"url\":\"https:\/\/www.cykloromantika.cz\/wp-content\/uploads\/2022\/04\/foto-2012-06-11.jpg\",\"height\":683,\"width\":1024,\"orientation\":\"landscape\"}},\"meta\":false,\"postlink\":\"https:\/\/www.cykloromantika.cz\/foto-2012-06-11\/\"},{\"id\":6521,\"title\":\"Foto 2012 06 12\",\"url\":\"https:\/\/www.cykloromantika.cz\/wp-content\/uploads\/2022\/04\/foto-2012-06-12.jpg\",\"link\":\"https:\/\/www.cykloromantika.cz\/foto-2012-06-12\/\",\"alt\":\"\",\"description\":\"\",\"caption\":\"Slavonice n\u00e1s p\u0159iv\u00edtali sn\u00eddan\u00ed.\",\"mime\":\"image\/jpeg\",\"type\":\"image\",\"width\":1024,\"height\":768,\"sizes\":{\"thumbnail\":{\"height\":113,\"width\":150,\"url\":\"https:\/\/www.cykloromantika.cz\/wp-content\/uploads\/2022\/04\/foto-2012-06-12-150x113.jpg\",\"orientation\":\"landscape\"},\"medium\":{\"height\":225,\"width\":300,\"url\":\"https:\/\/www.cykloromantika.cz\/wp-content\/uploads\/2022\/04\/foto-2012-06-12-300x225.jpg\",\"orientation\":\"landscape\"},\"full\":{\"url\":\"https:\/\/www.cykloromantika.cz\/wp-content\/uploads\/2022\/04\/foto-2012-06-12.jpg\",\"height\":768,\"width\":1024,\"orientation\":\"landscape\"}},\"meta\":false,\"postlink\":\"https:\/\/www.cykloromantika.cz\/foto-2012-06-12\/\"},{\"id\":6522,\"title\":\"Foto 2012 06 13\",\"url\":\"https:\/\/www.cykloromantika.cz\/wp-content\/uploads\/2022\/04\/foto-2012-06-13.jpg\",\"link\":\"https:\/\/www.cykloromantika.cz\/foto-2012-06-13\/\",\"alt\":\"\",\"description\":\"\",\"caption\":\"Typick\u00e1 sn\u00edda\u0148ov\u00e1 v\u00fdbava cykloromantika \u2013 rohl\u00edk\",\"mime\":\"image\/jpeg\",\"type\":\"image\",\"width\":683,\"height\":1024,\"sizes\":{\"thumbnail\":{\"height\":150,\"width\":100,\"url\":\"https:\/\/www.cykloromantika.cz\/wp-content\/uploads\/2022\/04\/foto-2012-06-13-100x150.jpg\",\"orientation\":\"portrait\"},\"medium\":{\"height\":300,\"width\":200,\"url\":\"https:\/\/www.cykloromantika.cz\/wp-content\/uploads\/2022\/04\/foto-2012-06-13-200x300.jpg\",\"orientation\":\"portrait\"},\"full\":{\"url\":\"https:\/\/www.cykloromantika.cz\/wp-content\/uploads\/2022\/04\/foto-2012-06-13.jpg\",\"height\":1024,\"width\":683,\"orientation\":\"portrait\"}},\"meta\":false,\"postlink\":\"https:\/\/www.cykloromantika.cz\/foto-2012-06-13\/\"},{\"id\":6523,\"title\":\"Foto 2012 06 14\",\"url\":\"https:\/\/www.cykloromantika.cz\/wp-content\/uploads\/2022\/04\/foto-2012-06-14.jpg\",\"link\":\"https:\/\/www.cykloromantika.cz\/foto-2012-06-14\/\",\"alt\":\"\",\"description\":\"\",\"caption\":\"M\u011bstsk\u00e1 pam\u00e1tkov\u00e1 rezervace Slavonice\",\"mime\":\"image\/jpeg\",\"type\":\"image\",\"width\":1024,\"height\":768,\"sizes\":{\"thumbnail\":{\"height\":113,\"width\":150,\"url\":\"https:\/\/www.cykloromantika.cz\/wp-content\/uploads\/2022\/04\/foto-2012-06-14-150x113.jpg\",\"orientation\":\"landscape\"},\"medium\":{\"height\":225,\"width\":300,\"url\":\"https:\/\/www.cykloromantika.cz\/wp-content\/uploads\/2022\/04\/foto-2012-06-14-300x225.jpg\",\"orientation\":\"landscape\"},\"full\":{\"url\":\"https:\/\/www.cykloromantika.cz\/wp-content\/uploads\/2022\/04\/foto-2012-06-14.jpg\",\"height\":768,\"width\":1024,\"orientation\":\"landscape\"}},\"meta\":false,\"postlink\":\"https:\/\/www.cykloromantika.cz\/foto-2012-06-14\/\"},{\"id\":6524,\"title\":\"Foto 2012 06 15\",\"url\":\"https:\/\/www.cykloromantika.cz\/wp-content\/uploads\/2022\/04\/foto-2012-06-15.jpg\",\"link\":\"https:\/\/www.cykloromantika.cz\/foto-2012-06-15\/\",\"alt\":\"\",\"description\":\"\",\"caption\":\"Ka\u0161na n\u00e1s p\u0159itahovala okusit jej\u00ed vodu... Ale to a\u017e pozd\u011bji... :)\",\"mime\":\"image\/jpeg\",\"type\":\"image\",\"width\":683,\"height\":1024,\"sizes\":{\"thumbnail\":{\"height\":150,\"width\":100,\"url\":\"https:\/\/www.cykloromantika.cz\/wp-content\/uploads\/2022\/04\/foto-2012-06-15-100x150.jpg\",\"orientation\":\"portrait\"},\"medium\":{\"height\":300,\"width\":200,\"url\":\"https:\/\/www.cykloromantika.cz\/wp-content\/uploads\/2022\/04\/foto-2012-06-15-200x300.jpg\",\"orientation\":\"portrait\"},\"full\":{\"url\":\"https:\/\/www.cykloromantika.cz\/wp-content\/uploads\/2022\/04\/foto-2012-06-15.jpg\",\"height\":1024,\"width\":683,\"orientation\":\"portrait\"}},\"meta\":false,\"postlink\":\"https:\/\/www.cykloromantika.cz\/foto-2012-06-15\/\"},{\"id\":6525,\"title\":\"Foto 2012 06 16\",\"url\":\"https:\/\/www.cykloromantika.cz\/wp-content\/uploads\/2022\/04\/foto-2012-06-16.jpg\",\"link\":\"https:\/\/www.cykloromantika.cz\/foto-2012-06-16\/\",\"alt\":\"\",\"description\":\"\",\"caption\":\"M\u011bstsk\u00e1 pam\u00e1tkov\u00e1 rezervace Slavonice\",\"mime\":\"image\/jpeg\",\"type\":\"image\",\"width\":683,\"height\":1024,\"sizes\":{\"thumbnail\":{\"height\":150,\"width\":100,\"url\":\"https:\/\/www.cykloromantika.cz\/wp-content\/uploads\/2022\/04\/foto-2012-06-16-100x150.jpg\",\"orientation\":\"portrait\"},\"medium\":{\"height\":300,\"width\":200,\"url\":\"https:\/\/www.cykloromantika.cz\/wp-content\/uploads\/2022\/04\/foto-2012-06-16-200x300.jpg\",\"orientation\":\"portrait\"},\"full\":{\"url\":\"https:\/\/www.cykloromantika.cz\/wp-content\/uploads\/2022\/04\/foto-2012-06-16.jpg\",\"height\":1024,\"width\":683,\"orientation\":\"portrait\"}},\"meta\":false,\"postlink\":\"https:\/\/www.cykloromantika.cz\/foto-2012-06-16\/\"},{\"id\":6526,\"title\":\"Foto 2012 06 17\",\"url\":\"https:\/\/www.cykloromantika.cz\/wp-content\/uploads\/2022\/04\/foto-2012-06-17.jpg\",\"link\":\"https:\/\/www.cykloromantika.cz\/foto-2012-06-17\/\",\"alt\":\"\",\"description\":\"\",\"caption\":\"M\u011bstsk\u00e1 pam\u00e1tkov\u00e1 rezervace Slavonice\",\"mime\":\"image\/jpeg\",\"type\":\"image\",\"width\":1024,\"height\":683,\"sizes\":{\"thumbnail\":{\"height\":100,\"width\":150,\"url\":\"https:\/\/www.cykloromantika.cz\/wp-content\/uploads\/2022\/04\/foto-2012-06-17-150x100.jpg\",\"orientation\":\"landscape\"},\"medium\":{\"height\":200,\"width\":300,\"url\":\"https:\/\/www.cykloromantika.cz\/wp-content\/uploads\/2022\/04\/foto-2012-06-17-300x200.jpg\",\"orientation\":\"landscape\"},\"full\":{\"url\":\"https:\/\/www.cykloromantika.cz\/wp-content\/uploads\/2022\/04\/foto-2012-06-17.jpg\",\"height\":683,\"width\":1024,\"orientation\":\"landscape\"}},\"meta\":false,\"postlink\":\"https:\/\/www.cykloromantika.cz\/foto-2012-06-17\/\"},{\"id\":6527,\"title\":\"Foto 2012 06 18\",\"url\":\"https:\/\/www.cykloromantika.cz\/wp-content\/uploads\/2022\/04\/foto-2012-06-18.jpg\",\"link\":\"https:\/\/www.cykloromantika.cz\/foto-2012-06-18\/\",\"alt\":\"\",\"description\":\"\",\"caption\":\"Pr\u016fchod ke kostelu Nanebevzet\u00ed Panny Marie\",\"mime\":\"image\/jpeg\",\"type\":\"image\",\"width\":1024,\"height\":768,\"sizes\":{\"thumbnail\":{\"height\":113,\"width\":150,\"url\":\"https:\/\/www.cykloromantika.cz\/wp-content\/uploads\/2022\/04\/foto-2012-06-18-150x113.jpg\",\"orientation\":\"landscape\"},\"medium\":{\"height\":225,\"width\":300,\"url\":\"https:\/\/www.cykloromantika.cz\/wp-content\/uploads\/2022\/04\/foto-2012-06-18-300x225.jpg\",\"orientation\":\"landscape\"},\"full\":{\"url\":\"https:\/\/www.cykloromantika.cz\/wp-content\/uploads\/2022\/04\/foto-2012-06-18.jpg\",\"height\":768,\"width\":1024,\"orientation\":\"landscape\"}},\"meta\":false,\"postlink\":\"https:\/\/www.cykloromantika.cz\/foto-2012-06-18\/\"},{\"id\":6528,\"title\":\"Foto 2012 06 19\",\"url\":\"https:\/\/www.cykloromantika.cz\/wp-content\/uploads\/2022\/04\/foto-2012-06-19.jpg\",\"link\":\"https:\/\/www.cykloromantika.cz\/foto-2012-06-19\/\",\"alt\":\"\",\"description\":\"\",\"caption\":\"Typick\u00e9 uli\u010dky Slavonic\",\"mime\":\"image\/jpeg\",\"type\":\"image\",\"width\":1024,\"height\":768,\"sizes\":{\"thumbnail\":{\"height\":113,\"width\":150,\"url\":\"https:\/\/www.cykloromantika.cz\/wp-content\/uploads\/2022\/04\/foto-2012-06-19-150x113.jpg\",\"orientation\":\"landscape\"},\"medium\":{\"height\":225,\"width\":300,\"url\":\"https:\/\/www.cykloromantika.cz\/wp-content\/uploads\/2022\/04\/foto-2012-06-19-300x225.jpg\",\"orientation\":\"landscape\"},\"full\":{\"url\":\"https:\/\/www.cykloromantika.cz\/wp-content\/uploads\/2022\/04\/foto-2012-06-19.jpg\",\"height\":768,\"width\":1024,\"orientation\":\"landscape\"}},\"meta\":false,\"postlink\":\"https:\/\/www.cykloromantika.cz\/foto-2012-06-19\/\"},{\"id\":6529,\"title\":\"Foto 2012 06 20\",\"url\":\"https:\/\/www.cykloromantika.cz\/wp-content\/uploads\/2022\/04\/foto-2012-06-20.jpg\",\"link\":\"https:\/\/www.cykloromantika.cz\/foto-2012-06-20\/\",\"alt\":\"\",\"description\":\"\",\"caption\":\"Na\u0161i someli\u00e9\u0159i v\u00e1m doporu\u010d\u00ed to prav\u00e9.\",\"mime\":\"image\/jpeg\",\"type\":\"image\",\"width\":1024,\"height\":768,\"sizes\":{\"thumbnail\":{\"height\":113,\"width\":150,\"url\":\"https:\/\/www.cykloromantika.cz\/wp-content\/uploads\/2022\/04\/foto-2012-06-20-150x113.jpg\",\"orientation\":\"landscape\"},\"medium\":{\"height\":225,\"width\":300,\"url\":\"https:\/\/www.cykloromantika.cz\/wp-content\/uploads\/2022\/04\/foto-2012-06-20-300x225.jpg\",\"orientation\":\"landscape\"},\"full\":{\"url\":\"https:\/\/www.cykloromantika.cz\/wp-content\/uploads\/2022\/04\/foto-2012-06-20.jpg\",\"height\":768,\"width\":1024,\"orientation\":\"landscape\"}},\"meta\":false,\"postlink\":\"https:\/\/www.cykloromantika.cz\/foto-2012-06-20\/\"},{\"id\":6530,\"title\":\"Foto 2012 06 21\",\"url\":\"https:\/\/www.cykloromantika.cz\/wp-content\/uploads\/2022\/04\/foto-2012-06-21.jpg\",\"link\":\"https:\/\/www.cykloromantika.cz\/foto-2012-06-21\/\",\"alt\":\"\",\"description\":\"\",\"caption\":\"Fand\u00edme na\u0161im basketbalistk\u00e1m na olympi\u00e1d\u011b. N\u011bmci vedle se mus\u00ed divit. :)\",\"mime\":\"image\/jpeg\",\"type\":\"image\",\"width\":1024,\"height\":768,\"sizes\":{\"thumbnail\":{\"height\":113,\"width\":150,\"url\":\"https:\/\/www.cykloromantika.cz\/wp-content\/uploads\/2022\/04\/foto-2012-06-21-150x113.jpg\",\"orientation\":\"landscape\"},\"medium\":{\"height\":225,\"width\":300,\"url\":\"https:\/\/www.cykloromantika.cz\/wp-content\/uploads\/2022\/04\/foto-2012-06-21-300x225.jpg\",\"orientation\":\"landscape\"},\"full\":{\"url\":\"https:\/\/www.cykloromantika.cz\/wp-content\/uploads\/2022\/04\/foto-2012-06-21.jpg\",\"height\":768,\"width\":1024,\"orientation\":\"landscape\"}},\"meta\":false,\"postlink\":\"https:\/\/www.cykloromantika.cz\/foto-2012-06-21\/\"},{\"id\":6531,\"title\":\"Foto 2012 06 22\",\"url\":\"https:\/\/www.cykloromantika.cz\/wp-content\/uploads\/2022\/04\/foto-2012-06-22.jpg\",\"link\":\"https:\/\/www.cykloromantika.cz\/foto-2012-06-22\/\",\"alt\":\"\",\"description\":\"\",\"caption\":\"Pepino se do fand\u011bn\u00ed samoz\u0159ejm\u011b po\u0159\u00e1dn\u011b op\u0159el. :)\",\"mime\":\"image\/jpeg\",\"type\":\"image\",\"width\":1024,\"height\":768,\"sizes\":{\"thumbnail\":{\"height\":113,\"width\":150,\"url\":\"https:\/\/www.cykloromantika.cz\/wp-content\/uploads\/2022\/04\/foto-2012-06-22-150x113.jpg\",\"orientation\":\"landscape\"},\"medium\":{\"height\":225,\"width\":300,\"url\":\"https:\/\/www.cykloromantika.cz\/wp-content\/uploads\/2022\/04\/foto-2012-06-22-300x225.jpg\",\"orientation\":\"landscape\"},\"full\":{\"url\":\"https:\/\/www.cykloromantika.cz\/wp-content\/uploads\/2022\/04\/foto-2012-06-22.jpg\",\"height\":768,\"width\":1024,\"orientation\":\"landscape\"}},\"meta\":false,\"postlink\":\"https:\/\/www.cykloromantika.cz\/foto-2012-06-22\/\"},{\"id\":6532,\"title\":\"Foto 2012 06 23\",\"url\":\"https:\/\/www.cykloromantika.cz\/wp-content\/uploads\/2022\/04\/foto-2012-06-23.jpg\",\"link\":\"https:\/\/www.cykloromantika.cz\/foto-2012-06-23\/\",\"alt\":\"\",\"description\":\"\",\"caption\":\"Dal\u0161\u00ed ka\u0161na u\u017e n\u00e1m neodolala. :)\",\"mime\":\"image\/jpeg\",\"type\":\"image\",\"width\":768,\"height\":1024,\"sizes\":{\"thumbnail\":{\"height\":150,\"width\":113,\"url\":\"https:\/\/www.cykloromantika.cz\/wp-content\/uploads\/2022\/04\/foto-2012-06-23-113x150.jpg\",\"orientation\":\"portrait\"},\"medium\":{\"height\":300,\"width\":225,\"url\":\"https:\/\/www.cykloromantika.cz\/wp-content\/uploads\/2022\/04\/foto-2012-06-23-225x300.jpg\",\"orientation\":\"portrait\"},\"full\":{\"url\":\"https:\/\/www.cykloromantika.cz\/wp-content\/uploads\/2022\/04\/foto-2012-06-23.jpg\",\"height\":1024,\"width\":768,\"orientation\":\"portrait\"}},\"meta\":false,\"postlink\":\"https:\/\/www.cykloromantika.cz\/foto-2012-06-23\/\"},{\"id\":6533,\"title\":\"Foto 2012 06 24\",\"url\":\"https:\/\/www.cykloromantika.cz\/wp-content\/uploads\/2022\/04\/foto-2012-06-24.jpg\",\"link\":\"https:\/\/www.cykloromantika.cz\/foto-2012-06-24\/\",\"alt\":\"\",\"description\":\"\",\"caption\":\"Dal\u0161\u00ed ka\u0161na u\u017e n\u00e1m neodolala. :)\",\"mime\":\"image\/jpeg\",\"type\":\"image\",\"width\":1024,\"height\":768,\"sizes\":{\"thumbnail\":{\"height\":113,\"width\":150,\"url\":\"https:\/\/www.cykloromantika.cz\/wp-content\/uploads\/2022\/04\/foto-2012-06-24-150x113.jpg\",\"orientation\":\"landscape\"},\"medium\":{\"height\":225,\"width\":300,\"url\":\"https:\/\/www.cykloromantika.cz\/wp-content\/uploads\/2022\/04\/foto-2012-06-24-300x225.jpg\",\"orientation\":\"landscape\"},\"full\":{\"url\":\"https:\/\/www.cykloromantika.cz\/wp-content\/uploads\/2022\/04\/foto-2012-06-24.jpg\",\"height\":768,\"width\":1024,\"orientation\":\"landscape\"}},\"meta\":false,\"postlink\":\"https:\/\/www.cykloromantika.cz\/foto-2012-06-24\/\"},{\"id\":6534,\"title\":\"Foto 2012 06 25\",\"url\":\"https:\/\/www.cykloromantika.cz\/wp-content\/uploads\/2022\/04\/foto-2012-06-25.jpg\",\"link\":\"https:\/\/www.cykloromantika.cz\/foto-2012-06-25\/\",\"alt\":\"\",\"description\":\"\",\"caption\":\"\u00a7 358 V\u00fdtr\u017enictv\u00ed odst. 1 a 2 b)\",\"mime\":\"image\/jpeg\",\"type\":\"image\",\"width\":1024,\"height\":768,\"sizes\":{\"thumbnail\":{\"height\":113,\"width\":150,\"url\":\"https:\/\/www.cykloromantika.cz\/wp-content\/uploads\/2022\/04\/foto-2012-06-25-150x113.jpg\",\"orientation\":\"landscape\"},\"medium\":{\"height\":225,\"width\":300,\"url\":\"https:\/\/www.cykloromantika.cz\/wp-content\/uploads\/2022\/04\/foto-2012-06-25-300x225.jpg\",\"orientation\":\"landscape\"},\"full\":{\"url\":\"https:\/\/www.cykloromantika.cz\/wp-content\/uploads\/2022\/04\/foto-2012-06-25.jpg\",\"height\":768,\"width\":1024,\"orientation\":\"landscape\"}},\"meta\":false,\"postlink\":\"https:\/\/www.cykloromantika.cz\/foto-2012-06-25\/\"},{\"id\":6535,\"title\":\"Foto 2012 06 26\",\"url\":\"https:\/\/www.cykloromantika.cz\/wp-content\/uploads\/2022\/04\/foto-2012-06-26.jpg\",\"link\":\"https:\/\/www.cykloromantika.cz\/foto-2012-06-26\/\",\"alt\":\"\",\"description\":\"\",\"caption\":\"Bobo se tak\u00e9 odv\u00e1\u017eil!...\",\"mime\":\"image\/jpeg\",\"type\":\"image\",\"width\":1024,\"height\":683,\"sizes\":{\"thumbnail\":{\"height\":100,\"width\":150,\"url\":\"https:\/\/www.cykloromantika.cz\/wp-content\/uploads\/2022\/04\/foto-2012-06-26-150x100.jpg\",\"orientation\":\"landscape\"},\"medium\":{\"height\":200,\"width\":300,\"url\":\"https:\/\/www.cykloromantika.cz\/wp-content\/uploads\/2022\/04\/foto-2012-06-26-300x200.jpg\",\"orientation\":\"landscape\"},\"full\":{\"url\":\"https:\/\/www.cykloromantika.cz\/wp-content\/uploads\/2022\/04\/foto-2012-06-26.jpg\",\"height\":683,\"width\":1024,\"orientation\":\"landscape\"}},\"meta\":false,\"postlink\":\"https:\/\/www.cykloromantika.cz\/foto-2012-06-26\/\"},{\"id\":6536,\"title\":\"Foto 2012 06 27\",\"url\":\"https:\/\/www.cykloromantika.cz\/wp-content\/uploads\/2022\/04\/foto-2012-06-27.jpg\",\"link\":\"https:\/\/www.cykloromantika.cz\/foto-2012-06-27\/\",\"alt\":\"\",\"description\":\"\",\"caption\":\"To jsme ne\u010dekali \u2013 u Velk\u00e9ho slavonick\u00e9ho rybn\u00edka\",\"mime\":\"image\/jpeg\",\"type\":\"image\",\"width\":1024,\"height\":768,\"sizes\":{\"thumbnail\":{\"height\":113,\"width\":150,\"url\":\"https:\/\/www.cykloromantika.cz\/wp-content\/uploads\/2022\/04\/foto-2012-06-27-150x113.jpg\",\"orientation\":\"landscape\"},\"medium\":{\"height\":225,\"width\":300,\"url\":\"https:\/\/www.cykloromantika.cz\/wp-content\/uploads\/2022\/04\/foto-2012-06-27-300x225.jpg\",\"orientation\":\"landscape\"},\"full\":{\"url\":\"https:\/\/www.cykloromantika.cz\/wp-content\/uploads\/2022\/04\/foto-2012-06-27.jpg\",\"height\":768,\"width\":1024,\"orientation\":\"landscape\"}},\"meta\":false,\"postlink\":\"https:\/\/www.cykloromantika.cz\/foto-2012-06-27\/\"},{\"id\":6537,\"title\":\"Foto 2012 06 28\",\"url\":\"https:\/\/www.cykloromantika.cz\/wp-content\/uploads\/2022\/04\/foto-2012-06-28.jpg\",\"link\":\"https:\/\/www.cykloromantika.cz\/foto-2012-06-28\/\",\"alt\":\"\",\"description\":\"\",\"caption\":\"Cykloromantika se m\u011bn\u00ed na cyklokros.\",\"mime\":\"image\/jpeg\",\"type\":\"image\",\"width\":1024,\"height\":768,\"sizes\":{\"thumbnail\":{\"height\":113,\"width\":150,\"url\":\"https:\/\/www.cykloromantika.cz\/wp-content\/uploads\/2022\/04\/foto-2012-06-28-150x113.jpg\",\"orientation\":\"landscape\"},\"medium\":{\"height\":225,\"width\":300,\"url\":\"https:\/\/www.cykloromantika.cz\/wp-content\/uploads\/2022\/04\/foto-2012-06-28-300x225.jpg\",\"orientation\":\"landscape\"},\"full\":{\"url\":\"https:\/\/www.cykloromantika.cz\/wp-content\/uploads\/2022\/04\/foto-2012-06-28.jpg\",\"height\":768,\"width\":1024,\"orientation\":\"landscape\"}},\"meta\":false,\"postlink\":\"https:\/\/www.cykloromantika.cz\/foto-2012-06-28\/\"},{\"id\":6538,\"title\":\"Foto 2012 06 29\",\"url\":\"https:\/\/www.cykloromantika.cz\/wp-content\/uploads\/2022\/04\/foto-2012-06-29.jpg\",\"link\":\"https:\/\/www.cykloromantika.cz\/foto-2012-06-29\/\",\"alt\":\"\",\"description\":\"\",\"caption\":\"Tudy to nep\u016fjde! :)\",\"mime\":\"image\/jpeg\",\"type\":\"image\",\"width\":1024,\"height\":768,\"sizes\":{\"thumbnail\":{\"height\":113,\"width\":150,\"url\":\"https:\/\/www.cykloromantika.cz\/wp-content\/uploads\/2022\/04\/foto-2012-06-29-150x113.jpg\",\"orientation\":\"landscape\"},\"medium\":{\"height\":225,\"width\":300,\"url\":\"https:\/\/www.cykloromantika.cz\/wp-content\/uploads\/2022\/04\/foto-2012-06-29-300x225.jpg\",\"orientation\":\"landscape\"},\"full\":{\"url\":\"https:\/\/www.cykloromantika.cz\/wp-content\/uploads\/2022\/04\/foto-2012-06-29.jpg\",\"height\":768,\"width\":1024,\"orientation\":\"landscape\"}},\"meta\":false,\"postlink\":\"https:\/\/www.cykloromantika.cz\/foto-2012-06-29\/\"},{\"id\":6539,\"title\":\"Foto 2012 06 30\",\"url\":\"https:\/\/www.cykloromantika.cz\/wp-content\/uploads\/2022\/04\/foto-2012-06-30.jpg\",\"link\":\"https:\/\/www.cykloromantika.cz\/foto-2012-06-30\/\",\"alt\":\"\",\"description\":\"\",\"caption\":\"V\u00edtan\u00e9 ochlazen\u00ed \u2013 v kolik to jede z \u010cerven\u00e9ho Hr\u00e1dku?\",\"mime\":\"image\/jpeg\",\"type\":\"image\",\"width\":1024,\"height\":768,\"sizes\":{\"thumbnail\":{\"height\":113,\"width\":150,\"url\":\"https:\/\/www.cykloromantika.cz\/wp-content\/uploads\/2022\/04\/foto-2012-06-30-150x113.jpg\",\"orientation\":\"landscape\"},\"medium\":{\"height\":225,\"width\":300,\"url\":\"https:\/\/www.cykloromantika.cz\/wp-content\/uploads\/2022\/04\/foto-2012-06-30-300x225.jpg\",\"orientation\":\"landscape\"},\"full\":{\"url\":\"https:\/\/www.cykloromantika.cz\/wp-content\/uploads\/2022\/04\/foto-2012-06-30.jpg\",\"height\":768,\"width\":1024,\"orientation\":\"landscape\"}},\"meta\":false,\"postlink\":\"https:\/\/www.cykloromantika.cz\/foto-2012-06-30\/\"},{\"id\":6540,\"title\":\"Foto 2012 06 31\",\"url\":\"https:\/\/www.cykloromantika.cz\/wp-content\/uploads\/2022\/04\/foto-2012-06-31.jpg\",\"link\":\"https:\/\/www.cykloromantika.cz\/foto-2012-06-31\/\",\"alt\":\"\",\"description\":\"\",\"caption\":\"N\u00e1m\u011bst\u00ed v Nov\u00e9 \u0158\u00ed\u0161i\",\"mime\":\"image\/jpeg\",\"type\":\"image\",\"width\":768,\"height\":1024,\"sizes\":{\"thumbnail\":{\"height\":150,\"width\":113,\"url\":\"https:\/\/www.cykloromantika.cz\/wp-content\/uploads\/2022\/04\/foto-2012-06-31-113x150.jpg\",\"orientation\":\"portrait\"},\"medium\":{\"height\":300,\"width\":225,\"url\":\"https:\/\/www.cykloromantika.cz\/wp-content\/uploads\/2022\/04\/foto-2012-06-31-225x300.jpg\",\"orientation\":\"portrait\"},\"full\":{\"url\":\"https:\/\/www.cykloromantika.cz\/wp-content\/uploads\/2022\/04\/foto-2012-06-31.jpg\",\"height\":1024,\"width\":768,\"orientation\":\"portrait\"}},\"meta\":false,\"postlink\":\"https:\/\/www.cykloromantika.cz\/foto-2012-06-31\/\"},{\"id\":6541,\"title\":\"Foto 2012 06 32\",\"url\":\"https:\/\/www.cykloromantika.cz\/wp-content\/uploads\/2022\/04\/foto-2012-06-32.jpg\",\"link\":\"https:\/\/www.cykloromantika.cz\/foto-2012-06-32\/\",\"alt\":\"\",\"description\":\"\",\"caption\":\"Pepino \u0161ikovn\u011b polo\u017eil kolo na obrubn\u00edk... hned za auto.\",\"mime\":\"image\/jpeg\",\"type\":\"image\",\"width\":1024,\"height\":768,\"sizes\":{\"thumbnail\":{\"height\":113,\"width\":150,\"url\":\"https:\/\/www.cykloromantika.cz\/wp-content\/uploads\/2022\/04\/foto-2012-06-32-150x113.jpg\",\"orientation\":\"landscape\"},\"medium\":{\"height\":225,\"width\":300,\"url\":\"https:\/\/www.cykloromantika.cz\/wp-content\/uploads\/2022\/04\/foto-2012-06-32-300x225.jpg\",\"orientation\":\"landscape\"},\"full\":{\"url\":\"https:\/\/www.cykloromantika.cz\/wp-content\/uploads\/2022\/04\/foto-2012-06-32.jpg\",\"height\":768,\"width\":1024,\"orientation\":\"landscape\"}},\"meta\":false,\"postlink\":\"https:\/\/www.cykloromantika.cz\/foto-2012-06-32\/\"},{\"id\":6542,\"title\":\"Foto 2012 06 33\",\"url\":\"https:\/\/www.cykloromantika.cz\/wp-content\/uploads\/2022\/04\/foto-2012-06-33.jpg\",\"link\":\"https:\/\/www.cykloromantika.cz\/foto-2012-06-33\/\",\"alt\":\"\",\"description\":\"\",\"caption\":\"Pepino v\u016fbec ne\u0159e\u0161\u00ed, \u017ee u\u017e dnes nepojedeme. :)\",\"mime\":\"image\/jpeg\",\"type\":\"image\",\"width\":1024,\"height\":768,\"sizes\":{\"thumbnail\":{\"height\":113,\"width\":150,\"url\":\"https:\/\/www.cykloromantika.cz\/wp-content\/uploads\/2022\/04\/foto-2012-06-33-150x113.jpg\",\"orientation\":\"landscape\"},\"medium\":{\"height\":225,\"width\":300,\"url\":\"https:\/\/www.cykloromantika.cz\/wp-content\/uploads\/2022\/04\/foto-2012-06-33-300x225.jpg\",\"orientation\":\"landscape\"},\"full\":{\"url\":\"https:\/\/www.cykloromantika.cz\/wp-content\/uploads\/2022\/04\/foto-2012-06-33.jpg\",\"height\":768,\"width\":1024,\"orientation\":\"landscape\"}},\"meta\":false,\"postlink\":\"https:\/\/www.cykloromantika.cz\/foto-2012-06-33\/\"},{\"id\":6543,\"title\":\"Foto 2012 06 34\",\"url\":\"https:\/\/www.cykloromantika.cz\/wp-content\/uploads\/2022\/04\/foto-2012-06-34.jpg\",\"link\":\"https:\/\/www.cykloromantika.cz\/foto-2012-06-34\/\",\"alt\":\"\",\"description\":\"\",\"caption\":\"Pepinova ne moc vz\u00e1cn\u00e1 poloha kola. :)\",\"mime\":\"image\/jpeg\",\"type\":\"image\",\"width\":1024,\"height\":683,\"sizes\":{\"thumbnail\":{\"height\":100,\"width\":150,\"url\":\"https:\/\/www.cykloromantika.cz\/wp-content\/uploads\/2022\/04\/foto-2012-06-34-150x100.jpg\",\"orientation\":\"landscape\"},\"medium\":{\"height\":200,\"width\":300,\"url\":\"https:\/\/www.cykloromantika.cz\/wp-content\/uploads\/2022\/04\/foto-2012-06-34-300x200.jpg\",\"orientation\":\"landscape\"},\"full\":{\"url\":\"https:\/\/www.cykloromantika.cz\/wp-content\/uploads\/2022\/04\/foto-2012-06-34.jpg\",\"height\":683,\"width\":1024,\"orientation\":\"landscape\"}},\"meta\":false,\"postlink\":\"https:\/\/www.cykloromantika.cz\/foto-2012-06-34\/\"},{\"id\":6544,\"title\":\"Foto 2012 06 35\",\"url\":\"https:\/\/www.cykloromantika.cz\/wp-content\/uploads\/2022\/04\/foto-2012-06-35.jpg\",\"link\":\"https:\/\/www.cykloromantika.cz\/foto-2012-06-35\/\",\"alt\":\"\",\"description\":\"\",\"caption\":\"Ani Du\u0161\u00edk takovou \\u0022osmicu\\u0022 nedok\u00e1zal vycentrovat. :)\",\"mime\":\"image\/jpeg\",\"type\":\"image\",\"width\":683,\"height\":1024,\"sizes\":{\"thumbnail\":{\"height\":150,\"width\":100,\"url\":\"https:\/\/www.cykloromantika.cz\/wp-content\/uploads\/2022\/04\/foto-2012-06-35-100x150.jpg\",\"orientation\":\"portrait\"},\"medium\":{\"height\":300,\"width\":200,\"url\":\"https:\/\/www.cykloromantika.cz\/wp-content\/uploads\/2022\/04\/foto-2012-06-35-200x300.jpg\",\"orientation\":\"portrait\"},\"full\":{\"url\":\"https:\/\/www.cykloromantika.cz\/wp-content\/uploads\/2022\/04\/foto-2012-06-35.jpg\",\"height\":1024,\"width\":683,\"orientation\":\"portrait\"}},\"meta\":false,\"postlink\":\"https:\/\/www.cykloromantika.cz\/foto-2012-06-35\/\"},{\"id\":6545,\"title\":\"Foto 2012 06 36\",\"url\":\"https:\/\/www.cykloromantika.cz\/wp-content\/uploads\/2022\/04\/foto-2012-06-36.jpg\",\"link\":\"https:\/\/www.cykloromantika.cz\/foto-2012-06-36\/\",\"alt\":\"\",\"description\":\"\",\"caption\":\"\\u0022Vin\u00edk\\u0022 se zachoval p\u0159\u00edkladn\u011b a odvezl n\u00e1s do T\u0159eb\u00ed\u010de na vlak.\",\"mime\":\"image\/jpeg\",\"type\":\"image\",\"width\":1024,\"height\":768,\"sizes\":{\"thumbnail\":{\"height\":113,\"width\":150,\"url\":\"https:\/\/www.cykloromantika.cz\/wp-content\/uploads\/2022\/04\/foto-2012-06-36-150x113.jpg\",\"orientation\":\"landscape\"},\"medium\":{\"height\":225,\"width\":300,\"url\":\"https:\/\/www.cykloromantika.cz\/wp-content\/uploads\/2022\/04\/foto-2012-06-36-300x225.jpg\",\"orientation\":\"landscape\"},\"full\":{\"url\":\"https:\/\/www.cykloromantika.cz\/wp-content\/uploads\/2022\/04\/foto-2012-06-36.jpg\",\"height\":768,\"width\":1024,\"orientation\":\"landscape\"}},\"meta\":false,\"postlink\":\"https:\/\/www.cykloromantika.cz\/foto-2012-06-36\/\"},{\"id\":6546,\"title\":\"Foto 2012 06 37\",\"url\":\"https:\/\/www.cykloromantika.cz\/wp-content\/uploads\/2022\/04\/foto-2012-06-37.jpg\",\"link\":\"https:\/\/www.cykloromantika.cz\/foto-2012-06-37\/\",\"alt\":\"\",\"description\":\"\",\"caption\":\"Pepino demonstruje pokladn\u00ed, \u017ee toto kolo pot\u0159ebuje j\u00edzdu vlakem.\",\"mime\":\"image\/jpeg\",\"type\":\"image\",\"width\":1024,\"height\":768,\"sizes\":{\"thumbnail\":{\"height\":113,\"width\":150,\"url\":\"https:\/\/www.cykloromantika.cz\/wp-content\/uploads\/2022\/04\/foto-2012-06-37-150x113.jpg\",\"orientation\":\"landscape\"},\"medium\":{\"height\":225,\"width\":300,\"url\":\"https:\/\/www.cykloromantika.cz\/wp-content\/uploads\/2022\/04\/foto-2012-06-37-300x225.jpg\",\"orientation\":\"landscape\"},\"full\":{\"url\":\"https:\/\/www.cykloromantika.cz\/wp-content\/uploads\/2022\/04\/foto-2012-06-37.jpg\",\"height\":768,\"width\":1024,\"orientation\":\"landscape\"}},\"meta\":false,\"postlink\":\"https:\/\/www.cykloromantika.cz\/foto-2012-06-37\/\"},{\"id\":6547,\"title\":\"Foto 2012 06 38\",\"url\":\"https:\/\/www.cykloromantika.cz\/wp-content\/uploads\/2022\/04\/foto-2012-06-38.jpg\",\"link\":\"https:\/\/www.cykloromantika.cz\/foto-2012-06-38\/\",\"alt\":\"\",\"description\":\"\",\"caption\":\"Je\u0161t\u011b spole\u010dn\u00e1 s na\u0161\u00edm dopravcem. :)\",\"mime\":\"image\/jpeg\",\"type\":\"image\",\"width\":1024,\"height\":768,\"sizes\":{\"thumbnail\":{\"height\":113,\"width\":150,\"url\":\"https:\/\/www.cykloromantika.cz\/wp-content\/uploads\/2022\/04\/foto-2012-06-38-150x113.jpg\",\"orientation\":\"landscape\"},\"medium\":{\"height\":225,\"width\":300,\"url\":\"https:\/\/www.cykloromantika.cz\/wp-content\/uploads\/2022\/04\/foto-2012-06-38-300x225.jpg\",\"orientation\":\"landscape\"},\"full\":{\"url\":\"https:\/\/www.cykloromantika.cz\/wp-content\/uploads\/2022\/04\/foto-2012-06-38.jpg\",\"height\":768,\"width\":1024,\"orientation\":\"landscape\"}},\"meta\":false,\"postlink\":\"https:\/\/www.cykloromantika.cz\/foto-2012-06-38\/\"}],\"itemsMetaDataCollection\":[],\"galleryData\":\"{\\u0022pageMode\\u0022:false,\\u0022lastRowFill\\u0022:true,\\u0022collectionThumbRecomendedHeight\\u0022:300,\\u0022collectionThumbMiniScreenScale\\u0022:true,\\u0022thumbSpacing\\u0022:5,\\u0022thumbMobileSpacing\\u0022:5,\\u0022externalLink\\u0022:true,\\u0022externalLinkDefName\\u0022:\\u0022Read More\\u0022,\\u0022externalLinkTextColor\\u0022:\\u0022rgba(0,0,0,1)\\u0022,\\u0022externalLinkBgColor\\u0022:\\u0022rgba(255,255,255,1)\\u0022,\\u0022externalLinkFontSize\\u0022:18,\\u0022captions\\u0022:true,\\u0022captionSrc\\u0022:\\u0022caption\\u0022,\\u0022captionHAlign\\u0022:\\u0022bottom\\u0022,\\u0022collectionthumbHoverTitleFontSize\\u0022:12,\\u0022collectionthumbRoundedCorners\\u0022:8,\\u0022collectionthumbHoverTitleTextColor\\u0022:\\u0022rgba(255,255,255,1)\\u0022,\\u0022collectionthumbHoverTitleTextBgColor\\u0022:\\u0022rgba(0,0,0,0.44)\\u0022,\\u0022collectionthumbHoverBgColor\\u0022:\\u0022rgba(0,0,0,0.4)\\u0022,\\u0022collectionThumbSubMenuDownload\\u0022:true,\\u0022collectionThumbSubMenuShare\\u0022:false,\\u0022collectionThumbSubMenuBgColor\\u0022:\\u0022rgba(0,0,0,0.4)\\u0022,\\u0022collectionThumbSubMenuBgColorHover\\u0022:\\u0022rgba(255,255,255,1)\\u0022,\\u0022collectionThumbSubMenuIconColor\\u0022:\\u0022rgba(255,255,255,1)\\u0022,\\u0022collectionThumbSubMenuIconColorHover\\u0022:\\u0022rgba(0,0,0,1)\\u0022,\\u0022settingsModalIsOpen\\u0022:false,\\u0022galleryType\\u0022:\\u0022pgc_sgb_justified\\u0022,\\u0022align\\u0022:\\u0022\\u0022,\\u0022galleryId\\u0022:\\u00224fd37892\\u0022,\\u0022galleryQuery\\u0022:null,\\u0022tagsListCustomMode\\u0022:false,\\u0022initGalleryByFirstTag\\u0022:false,\\u0022deepLinkingForTag\\u0022:false,\\u0022galleryTagsList\\u0022:[],\\u0022useClobalSettings\\u0022:true,\\u0022orderBy\\u0022:\\u0022title\\u0022,\\u0022deepLinking\\u0022:false,\\u0022useLightbox\\u0022:true,\\u0022thumbClickAction\\u0022:\\u0022useLightbox\\u0022,\\u0022numItemsDisplayed\\u0022:0,\\u0022lazyLoading\\u0022:true,\\u0022contentNoPadding\\u0022:false,\\u0022galleryPreloaderColor\\u0022:\\u0022rgba(230,230,230,1)\\u0022,\\u0022galleryBgColor\\u0022:\\u0022rgba(0,0,0,0)\\u0022,\\u0022galleryBorderRadius\\u0022:8,\\u0022customCSS\\u0022:\\u0022\\u0022,\\u0022itemsPerPage\\u0022:20,\\u0022loadMoreDefName\\u0022:\\u0022Load More\\u0022,\\u0022loadMoreFontSize\\u0022:16,\\u0022loadMoreTextColor\\u0022:\\u0022rgba(255,255,255,1)\\u0022,\\u0022loadMoreBgColor\\u0022:\\u0022rgba(0,0,0,1)\\u0022,\\u0022tagsFilter\\u0022:false,\\u0022tagCloudAll\\u0022:\\u0022All\\u0022,\\u0022tagCloudBgColor\\u0022:\\u0022rgba(153,153,153,1)\\u0022,\\u0022tagCloudBgColorOver\\u0022:\\u0022rgba(253,253,253,1)\\u0022,\\u0022tagCloudTextColor\\u0022:\\u0022rgba(253,253,253,1)\\u0022,\\u0022tagCloudTextColorOver\\u0022:\\u0022rgba(153,153,153,1)\\u0022,\\u0022tagCloudFontSize\\u0022:16,\\u0022modaBgColor\\u0022:\\u0022rgba(0,0,0,0.8)\\u0022,\\u0022modalIconColor\\u0022:\\u0022rgba(255,255,255,1)\\u0022,\\u0022modalIconColorHover\\u0022:\\u0022rgba(255,255,255,0.8)\\u0022,\\u0022shareFacebook\\u0022:false,\\u0022shareTwitter\\u0022:false,\\u0022sharePinterest\\u0022:false,\\u0022sliderItemDownload\\u0022:true,\\u0022shareCopyLink\\u0022:true,\\u0022sharePost\\u0022:\\u0022postlink\\u0022,\\u0022copyRProtection\\u0022:false,\\u0022copyRAlert\\u0022:\\u0022Hello, this photo is mine!\\u0022,\\u0022sliderScrollNavi\\u0022:false,\\u0022sliderFullSizeViewMode\\u0022:false,\\u0022sliderNextPrevAnimation\\u0022:\\u0022animation\\u0022,\\u0022galleryScrollPositionControll\\u0022:false,\\u0022sliderVideoAutoPlay\\u0022:false,\\u0022sliderVideoLoop\\u0022:false,\\u0022sliderItemCounterEnable\\u0022:true,\\u0022sliderCaptionSrc\\u0022:\\u0022caption\\u0022,\\u0022sliderItemTitleEnable\\u0022:true,\\u0022sliderItemTitleFontSize\\u0022:18,\\u0022sliderItemTitleTextColor\\u0022:\\u0022rgba(255,255,255,1)\\u0022,\\u0022itemCounterColor\\u0022:\\u0022rgba(255,255,255,1)\\u0022,\\u0022sliderThumbBarEnable\\u0022:true,\\u0022sliderThumbBarHoverColor\\u0022:\\u0022rgba(240,240,240,1)\\u0022,\\u0022sliderBgColor\\u0022:\\u0022rgba(0,0,0,0.8)\\u0022,\\u0022sliderPreloaderColor\\u0022:\\u0022rgba(240,240,240,1)\\u0022,\\u0022sliderHeaderFooterBgColor\\u0022:\\u0022rgba(0,0,0,0.4)\\u0022,\\u0022sliderNavigationColor\\u0022:\\u0022rgba(0,0,0,1)\\u0022,\\u0022sliderNavigationColorOver\\u0022:\\u0022rgba(255,255,255,1)\\u0022,\\u0022sliderNavigationIconColor\\u0022:\\u0022rgba(255,255,255,1)\\u0022,\\u0022sliderNavigationIconColorOver\\u0022:\\u0022rgba(0,0,0,1)\\u0022,\\u0022sliderSlideshow\\u0022:true,\\u0022sliderSlideshowDelay\\u0022:8,\\u0022slideshowIndicatorColor\\u0022:\\u0022rgba(255,255,255,1)\\u0022,\\u0022slideshowIndicatorColorBg\\u0022:\\u0022rgba(255,255,255,0.5)\\u0022,\\u0022sliderThumbSubMenuBackgroundColor\\u0022:\\u0022rgba(255,255,255,0)\\u0022,\\u0022sliderThumbSubMenuBackgroundColorOver\\u0022:\\u0022rgba(255,255,255,1)\\u0022,\\u0022sliderThumbSubMenuIconColor\\u0022:\\u0022rgba(255,255,255,1)\\u0022,\\u0022sliderThumbSubMenuIconHoverColor\\u0022:\\u0022rgba(0,0,0,1)\\u0022,\\u0022sliderSocialShareEnabled\\u0022:false,\\u0022sliderZoomEnable\\u0022:true,\\u0022sliderFullscreenEnabled\\u0022:true,\\u0022skin\\u0022:\\u0022justified\\u0022}\",\"useClobalSettings\":true,\"orderBy\":\"title\",\"galleryBorderRadius\":8,\"shareFacebook\":false,\"shareTwitter\":false,\"sharePinterest\":false,\"sharePost\":\"postlink\",\"sliderItemTitleEnable\":true,\"sliderSocialShareEnabled\":false}<\/script><script>(function(){if(window.PGC_SGB && window.PGC_SGB.searcher){window.PGC_SGB.searcher.initBlocks()}})()<\/script><\/div>\n<\/div><\/div>\n<\/div><\/div><\/div>\n","protected":false},"excerpt":{"rendered":"","protected":false},"author":3,"featured_media":6542,"comment_status":"open","ping_status":"open","sticky":false,"template":"","format":"standard","meta":{"_acf_changed":false,"pgc_sgb_lightbox_settings":"","footnotes":""},"categories":[31],"tags":[],"class_list":["post-1876","post","type-post","status-publish","format-standard","has-post-thumbnail","hentry","category-denicek"],"acf":[],"_links":{"self":[{"href":"https:\/\/www.cykloromantika.cz\/index.php\/wp-json\/wp\/v2\/posts\/1876","targetHints":{"allow":["GET"]}}],"collection":[{"href":"https:\/\/www.cykloromantika.cz\/index.php\/wp-json\/wp\/v2\/posts"}],"about":[{"href":"https:\/\/www.cykloromantika.cz\/index.php\/wp-json\/wp\/v2\/types\/post"}],"author":[{"embeddable":true,"href":"https:\/\/www.cykloromantika.cz\/index.php\/wp-json\/wp\/v2\/users\/3"}],"replies":[{"embeddable":true,"href":"https:\/\/www.cykloromantika.cz\/index.php\/wp-json\/wp\/v2\/comments?post=1876"}],"version-history":[{"count":5,"href":"https:\/\/www.cykloromantika.cz\/index.php\/wp-json\/wp\/v2\/posts\/1876\/revisions"}],"predecessor-version":[{"id":6621,"href":"https:\/\/www.cykloromantika.cz\/index.php\/wp-json\/wp\/v2\/posts\/1876\/revisions\/6621"}],"wp:featuredmedia":[{"embeddable":true,"href":"https:\/\/www.cykloromantika.cz\/index.php\/wp-json\/wp\/v2\/media\/6542"}],"wp:attachment":[{"href":"https:\/\/www.cykloromantika.cz\/index.php\/wp-json\/wp\/v2\/media?parent=1876"}],"wp:term":[{"taxonomy":"category","embeddable":true,"href":"https:\/\/www.cykloromantika.cz\/index.php\/wp-json\/wp\/v2\/categories?post=1876"},{"taxonomy":"post_tag","embeddable":true,"href":"https:\/\/www.cykloromantika.cz\/index.php\/wp-json\/wp\/v2\/tags?post=1876"}],"curies":[{"name":"wp","href":"https:\/\/api.w.org\/{rel}","templated":true}]}}