{"id":1861,"date":"2012-07-23T19:46:00","date_gmt":"2012-07-23T18:46:00","guid":{"rendered":"https:\/\/www.cykloromantika.cz\/?p=1861"},"modified":"2022-04-24T21:43:06","modified_gmt":"2022-04-24T20:43:06","slug":"xvi-rocnik-1-den-cerpani-energie-z-menhiru-nebo-temelina","status":"publish","type":"post","link":"https:\/\/www.cykloromantika.cz\/index.php\/2012\/07\/23\/xvi-rocnik-1-den-cerpani-energie-z-menhiru-nebo-temelina\/","title":{"rendered":"XVI. ro\u010dn\u00edk \u2013 1.&nbsp;den: \u010cerp\u00e1n\u00ed energie z&nbsp;menhir\u016f\u2026 nebo Temel\u00edna?"},"content":{"rendered":"<style>.kt-tabs-id_b966f2-12 > .kt-tabs-content-wrap > .wp-block-kadence-tab{border-top-width:1px;border-right-width:0px;border-bottom-width:0px;border-left-width:0px;border-color:#eeeeee;border-top-left-radius:0px;border-top-right-radius:0px;border-bottom-right-radius:0px;border-bottom-left-radius:0px;padding-top:20px;padding-right:0px;padding-bottom:20px;padding-left:0px;background:#ffffff;}.wp-block-kadence-tabs .kt-tabs-id_b966f2-12 > .kt-tabs-title-list li{margin-top:0px;margin-right:8px;margin-bottom:0px;margin-left:0px;}.wp-block-kadence-tabs .kt-tabs-id_b966f2-12 > .kt-tabs-title-list li:last-child{margin-right:0px;}.wp-block-kadence-tabs .kt-tabs-id_b966f2-12 > .kt-tabs-title-list li .kt-tab-title, .wp-block-kadence-tabs .kt-tabs-id_b966f2-12 > .kt-tabs-content-wrap > .kt-tabs-accordion-title .kt-tab-title{line-height:1.4em;font-weight:400;font-style:normal;text-transform:uppercase;border-top-width:0px;border-right-width:0px;border-bottom-width:0px;border-left-width:0px;border-top-left-radius:0px;border-top-right-radius:0px;border-bottom-right-radius:0px;border-bottom-left-radius:0px;padding-top:8px;padding-right:20px;padding-bottom:8px;padding-left:20px;border-color:#ffffff;color:#555555;background:#ffffff;}.wp-block-kadence-tabs .kt-tabs-id_b966f2-12 > .kt-tabs-content-wrap > .kt-tabs-accordion-title .kt-tab-title{margin-top:0px;margin-right:8px;margin-bottom:0px;margin-left:0px;}.wp-block-kadence-tabs .kt-tabs-id_b966f2-12 > .kt-tabs-title-list li .kt-tab-title:hover, .wp-block-kadence-tabs .kt-tabs-id_b966f2-12 > .kt-tabs-content-wrap > .kt-tabs-accordion-title .kt-tab-title:hover{border-color:#555555;color:#086abd;background:#ffffff;}.wp-block-kadence-tabs .kt-tabs-id_b966f2-12 > .kt-tabs-title-list li.kt-tab-title-active .kt-tab-title, .wp-block-kadence-tabs .kt-tabs-id_b966f2-12 > .kt-tabs-content-wrap > .kt-tabs-accordion-title.kt-tab-title-active .kt-tab-title{border-color:#555555;color:#086abd;background:#ffffff;}.wp-block-kadence-tabs .kt-tabs-id_b966f2-12 > .kt-tabs-title-list li svg{font-size:24px;}<\/style>\n<div class=\"wp-block-kadence-tabs alignnone\"><div class=\"kt-tabs-wrap kt-tabs-id_b966f2-12 kt-tabs-has-3-tabs kt-active-tab-3 kt-tabs-layout-tabs kt-tabs-tablet-layout-inherit kt-tabs-mobile-layout-inherit kt-tab-alignment-center \" style=\"max-width:none\"><ul class=\"kt-tabs-title-list\"><li id=\"tab-trasa\" class=\"kt-title-item kt-title-item-1 kt-tabs-svg-show-always kt-tabs-icon-side-top kt-tab-title-inactive\"><a href=\"#tab-trasa\" data-tab=\"1\" class=\"kt-tab-title kt-tab-title-1 \"><span style=\"display:inline-flex;justify-content:center;align-items:center\" class=\"kt-tab-svg-icon kt-tab-svg-icon-fe_map kt-title-svg-side-top\"><svg style=\"display:inline-block;vertical-align:middle\" viewbox=\"0 0 24 24\" height=\"24\" width=\"24\" fill=\"none\" stroke=\"currentColor\" xmlns=\"http:\/\/www.w3.org\/2000\/svg\" stroke-width=\"2\" stroke-linecap=\"round\" stroke-linejoin=\"round\"><polygon points=\"1 6 1 22 8 18 16 22 23 18 23 2 16 6 8 2 1 6\"><\/polygon><line x1=\"8\" y1=\"2\" x2=\"8\" y2=\"18\"><\/line><line x1=\"16\" y1=\"6\" x2=\"16\" y2=\"22\"><\/line><\/svg><\/span><span class=\"kt-title-text\">Trasa<\/span><\/a><\/li><li id=\"tab-zitky\" class=\"kt-title-item kt-title-item-2 kt-tabs-svg-show-always kt-tabs-icon-side-top kt-tab-title-inactive\"><a href=\"#tab-zitky\" data-tab=\"2\" class=\"kt-tab-title kt-tab-title-2 \"><span style=\"display:inline-flex;justify-content:center;align-items:center\" class=\"kt-tab-svg-icon kt-tab-svg-icon-fe_alignLeft kt-title-svg-side-top\"><svg style=\"display:inline-block;vertical-align:middle\" viewbox=\"0 0 24 24\" height=\"24\" width=\"24\" fill=\"none\" stroke=\"currentColor\" xmlns=\"http:\/\/www.w3.org\/2000\/svg\" stroke-width=\"2\" stroke-linecap=\"round\" stroke-linejoin=\"round\"><line x1=\"17\" y1=\"10\" x2=\"3\" y2=\"10\"><\/line><line x1=\"21\" y1=\"6\" x2=\"3\" y2=\"6\"><\/line><line x1=\"21\" y1=\"14\" x2=\"3\" y2=\"14\"><\/line><line x1=\"17\" y1=\"18\" x2=\"3\" y2=\"18\"><\/line><\/svg><\/span><span class=\"kt-title-text\">Z\u00e1\u017eitky<\/span><\/a><\/li><li id=\"tab-fotky\" class=\"kt-title-item kt-title-item-3 kt-tabs-svg-show-always kt-tabs-icon-side-top kt-tab-title-active\"><a href=\"#tab-fotky\" data-tab=\"3\" class=\"kt-tab-title kt-tab-title-3 \"><span style=\"display:inline-flex;justify-content:center;align-items:center\" class=\"kt-tab-svg-icon kt-tab-svg-icon-fe_camera kt-title-svg-side-top\"><svg style=\"display:inline-block;vertical-align:middle\" viewbox=\"0 0 24 24\" height=\"24\" width=\"24\" fill=\"none\" stroke=\"currentColor\" xmlns=\"http:\/\/www.w3.org\/2000\/svg\" stroke-width=\"2\" stroke-linecap=\"round\" stroke-linejoin=\"round\"><path d=\"M23 19a2 2 0 0 1-2 2H3a2 2 0 0 1-2-2V8a2 2 0 0 1 2-2h4l2-3h6l2 3h4a2 2 0 0 1 2 2z\"><\/path><circle cx=\"12\" cy=\"13\" r=\"4\"><\/circle><\/svg><\/span><span class=\"kt-title-text\">Fotky<\/span><\/a><\/li><\/ul><div class=\"kt-tabs-content-wrap\">\n<div class=\"wp-block-kadence-tab kt-tab-inner-content kt-inner-tab-1 kt-inner-tab_9206e5-43\"><div class=\"kt-tab-inner-content-inner\">\n<p>\u010cesk\u00e9 Bud\u011bjovice \u2013 Hola\u0161ovice \u2013 Brloh (span\u00ed na volejbalov\u00e9m h\u0159i\u0161ti u hospody)<\/p>\n\n\n\n<ul class=\"wp-block-list\"><li>najeto:&nbsp;36 km<\/li><li>\u010das:&nbsp;3:25&nbsp;h<\/li><li>pr\u016fm\u011brn\u00e1 rychlost:&nbsp;13,47 km\/h<\/li><li>maxim\u00e1ln\u00ed rychlost:&nbsp;50 km\/h<\/li><\/ul>\n<\/div><\/div>\n\n\n\n<div class=\"wp-block-kadence-tab kt-tab-inner-content kt-inner-tab-2 kt-inner-tab_1d2584-14\"><div class=\"kt-tab-inner-content-inner\"><\/div><\/div>\n\n\n\n<div class=\"wp-block-kadence-tab kt-tab-inner-content kt-inner-tab-3 kt-inner-tab_aa82af-99\"><div class=\"kt-tab-inner-content-inner\"><div class=\"pgc-sgb-cb wp-block-pgcsimplygalleryblock-justified \" data-gallery-id=\"86981923\"><div class=\"sgb-preloader\" id=\"pr_86981923\">\n\t<div class=\"sgb-square\" style=\"background:#d4d4d4\"><\/div>\n\t<div class=\"sgb-square\" style=\"background:#d4d4d4\"><\/div>\n\t<div class=\"sgb-square\" style=\"background:#d4d4d4\"><\/div>\n\t<div class=\"sgb-square\" style=\"background:#d4d4d4\"><\/div><\/div><div class=\"simply-gallery-amp pgc_sgb_slider \"><noscript><div class=\"sgb-gallery\"><div class=\"sgb-item\"><a href=\"https:\/\/www.cykloromantika.cz\/foto-2012-01-01\/\" target=\"_blank\"><img decoding=\"async\" alt=\"\" width=\"300\" height=\"200\" loading=\"lazy\" src=\"https:\/\/www.cykloromantika.cz\/wp-content\/uploads\/2022\/04\/foto-2012-01-01-300x200.jpg\" srcset=\"https:\/\/www.cykloromantika.cz\/wp-content\/uploads\/2022\/04\/foto-2012-01-01-300x200.jpg 300w,https:\/\/www.cykloromantika.cz\/wp-content\/uploads\/2022\/04\/foto-2012-01-01.jpg 1024w\" sizes=\"auto, 250px\"\/><\/a><div class=\"sgb-item-caption\"><em>Ostravsk\u00e9 hlavn\u00ed n\u00e1dra\u017e\u00ed o p\u016flnoci<\/em><\/div><\/div><div class=\"sgb-item\"><a href=\"https:\/\/www.cykloromantika.cz\/foto-2012-01-02\/\" target=\"_blank\"><img decoding=\"async\" alt=\"\" width=\"300\" height=\"200\" loading=\"lazy\" src=\"https:\/\/www.cykloromantika.cz\/wp-content\/uploads\/2022\/04\/foto-2012-01-02-300x200.jpg\" srcset=\"https:\/\/www.cykloromantika.cz\/wp-content\/uploads\/2022\/04\/foto-2012-01-02-300x200.jpg 300w,https:\/\/www.cykloromantika.cz\/wp-content\/uploads\/2022\/04\/foto-2012-01-02.jpg 1024w\" sizes=\"auto, 250px\"\/><\/a><div class=\"sgb-item-caption\"><em>Choutky m\u00e1me ka\u017ed\u00fd... n\u011bkte\u0159\u00ed neudr\u017eiteln\u00e9!:)<\/em><\/div><\/div><div class=\"sgb-item\"><a href=\"https:\/\/www.cykloromantika.cz\/foto-2012-01-03\/\" target=\"_blank\"><img decoding=\"async\" alt=\"\" width=\"300\" height=\"225\" loading=\"lazy\" src=\"https:\/\/www.cykloromantika.cz\/wp-content\/uploads\/2022\/04\/foto-2012-01-03-300x225.jpg\" srcset=\"https:\/\/www.cykloromantika.cz\/wp-content\/uploads\/2022\/04\/foto-2012-01-03-300x225.jpg 300w,https:\/\/www.cykloromantika.cz\/wp-content\/uploads\/2022\/04\/foto-2012-01-03.jpg 1024w\" sizes=\"auto, 250px\"\/><\/a><div class=\"sgb-item-caption\"><em>Bobo bohu\u017eel fot\u00ed... Ale je tam s n\u00e1mi. Ostrava hlavn\u00ed n\u00e1dra\u017e\u00ed:)<\/em><\/div><\/div><div class=\"sgb-item\"><a href=\"https:\/\/www.cykloromantika.cz\/foto-2012-01-04\/\" target=\"_blank\"><img decoding=\"async\" alt=\"\" width=\"300\" height=\"225\" loading=\"lazy\" src=\"https:\/\/www.cykloromantika.cz\/wp-content\/uploads\/2022\/04\/foto-2012-01-04-300x225.jpg\" srcset=\"https:\/\/www.cykloromantika.cz\/wp-content\/uploads\/2022\/04\/foto-2012-01-04-300x225.jpg 300w,https:\/\/www.cykloromantika.cz\/wp-content\/uploads\/2022\/04\/foto-2012-01-04.jpg 1024w\" sizes=\"auto, 250px\"\/><\/a><div class=\"sgb-item-caption\"><em>Vladimir i Dragomir.... i pohadka o l\u00fd\u0161ce R\u00fd\u0161ce:)<\/em><\/div><\/div><div class=\"sgb-item\"><a href=\"https:\/\/www.cykloromantika.cz\/foto-2012-01-05\/\" target=\"_blank\"><img decoding=\"async\" alt=\"\" width=\"200\" height=\"300\" loading=\"lazy\" src=\"https:\/\/www.cykloromantika.cz\/wp-content\/uploads\/2022\/04\/foto-2012-01-05-200x300.jpg\" srcset=\"https:\/\/www.cykloromantika.cz\/wp-content\/uploads\/2022\/04\/foto-2012-01-05-200x300.jpg 200w,https:\/\/www.cykloromantika.cz\/wp-content\/uploads\/2022\/04\/foto-2012-01-05.jpg 683w\" sizes=\"auto, 250px\"\/><\/a><div class=\"sgb-item-caption\"><em>Po roce op\u011bt na hlavn\u00edm n\u00e1dra\u017e\u00ed v Praze... \ud83d\ude42<\/em><\/div><\/div><div class=\"sgb-item\"><a href=\"https:\/\/www.cykloromantika.cz\/foto-2012-01-06\/\" target=\"_blank\"><img decoding=\"async\" alt=\"\" width=\"200\" height=\"300\" loading=\"lazy\" src=\"https:\/\/www.cykloromantika.cz\/wp-content\/uploads\/2022\/04\/foto-2012-01-06-200x300.jpg\" srcset=\"https:\/\/www.cykloromantika.cz\/wp-content\/uploads\/2022\/04\/foto-2012-01-06-200x300.jpg 200w,https:\/\/www.cykloromantika.cz\/wp-content\/uploads\/2022\/04\/foto-2012-01-06.jpg 683w\" sizes=\"auto, 250px\"\/><\/a><div class=\"sgb-item-caption\"><em>\u00danava se dostavila.:)<\/em><\/div><\/div><div class=\"sgb-item\"><a href=\"https:\/\/www.cykloromantika.cz\/foto-2012-01-07\/\" target=\"_blank\"><img decoding=\"async\" alt=\"\" width=\"225\" height=\"300\" loading=\"lazy\" src=\"https:\/\/www.cykloromantika.cz\/wp-content\/uploads\/2022\/04\/foto-2012-01-07-225x300.jpg\" srcset=\"https:\/\/www.cykloromantika.cz\/wp-content\/uploads\/2022\/04\/foto-2012-01-07-225x300.jpg 225w,https:\/\/www.cykloromantika.cz\/wp-content\/uploads\/2022\/04\/foto-2012-01-07.jpg 768w\" sizes=\"auto, 250px\"\/><\/a><div class=\"sgb-item-caption\"><em>Ob\u017eivl\u00e9 z Karlova mostu sochy<\/em><\/div><\/div><div class=\"sgb-item\"><a href=\"https:\/\/www.cykloromantika.cz\/foto-2012-01-08\/\" target=\"_blank\"><img decoding=\"async\" alt=\"\" width=\"300\" height=\"225\" loading=\"lazy\" src=\"https:\/\/www.cykloromantika.cz\/wp-content\/uploads\/2022\/04\/foto-2012-01-08-300x225.jpg\" srcset=\"https:\/\/www.cykloromantika.cz\/wp-content\/uploads\/2022\/04\/foto-2012-01-08-300x225.jpg 300w,https:\/\/www.cykloromantika.cz\/wp-content\/uploads\/2022\/04\/foto-2012-01-08.jpg 1024w\" sizes=\"auto, 250px\"\/><\/a><div class=\"sgb-item-caption\"><em>Siluety<\/em><\/div><\/div><div class=\"sgb-item\"><a href=\"https:\/\/www.cykloromantika.cz\/foto-2012-01-09\/\" target=\"_blank\"><img decoding=\"async\" alt=\"\" width=\"300\" height=\"225\" loading=\"lazy\" src=\"https:\/\/www.cykloromantika.cz\/wp-content\/uploads\/2022\/04\/foto-2012-01-09-300x225.jpg\" srcset=\"https:\/\/www.cykloromantika.cz\/wp-content\/uploads\/2022\/04\/foto-2012-01-09-300x225.jpg 300w,https:\/\/www.cykloromantika.cz\/wp-content\/uploads\/2022\/04\/foto-2012-01-09.jpg 1024w\" sizes=\"auto, 250px\"\/><\/a><div class=\"sgb-item-caption\"><em>Fe\u0161\u00e1ci na rann\u00edm pikniku na Karlov\u011b most\u011b.:)<\/em><\/div><\/div><div class=\"sgb-item\"><a href=\"https:\/\/www.cykloromantika.cz\/foto-2012-01-10\/\" target=\"_blank\"><img decoding=\"async\" alt=\"\" width=\"300\" height=\"200\" loading=\"lazy\" src=\"https:\/\/www.cykloromantika.cz\/wp-content\/uploads\/2022\/04\/foto-2012-01-10-300x200.jpg\" srcset=\"https:\/\/www.cykloromantika.cz\/wp-content\/uploads\/2022\/04\/foto-2012-01-10-300x200.jpg 300w,https:\/\/www.cykloromantika.cz\/wp-content\/uploads\/2022\/04\/foto-2012-01-10.jpg 1024w\" sizes=\"auto, 250px\"\/><\/a><div class=\"sgb-item-caption\"><em>Pust\u00fd Karl\u016fv most<\/em><\/div><\/div><div class=\"sgb-item\"><a href=\"https:\/\/www.cykloromantika.cz\/foto-2012-01-11\/\" target=\"_blank\"><img decoding=\"async\" alt=\"\" width=\"300\" height=\"200\" loading=\"lazy\" src=\"https:\/\/www.cykloromantika.cz\/wp-content\/uploads\/2022\/04\/foto-2012-01-11-300x200.jpg\" srcset=\"https:\/\/www.cykloromantika.cz\/wp-content\/uploads\/2022\/04\/foto-2012-01-11-300x200.jpg 300w,https:\/\/www.cykloromantika.cz\/wp-content\/uploads\/2022\/04\/foto-2012-01-11.jpg 1024w\" sizes=\"auto, 250px\"\/><\/a><div class=\"sgb-item-caption\"><em>Rozd\u00edl 20 minut \ud83d\ude42 V\u00fdchod slun\u00ed\u010dka \ud83d\ude42<\/em><\/div><\/div><div class=\"sgb-item\"><a href=\"https:\/\/www.cykloromantika.cz\/foto-2012-01-14\/\" target=\"_blank\"><img decoding=\"async\" alt=\"\" width=\"300\" height=\"200\" loading=\"lazy\" src=\"https:\/\/www.cykloromantika.cz\/wp-content\/uploads\/2022\/04\/foto-2012-01-14-300x200.jpg\" srcset=\"https:\/\/www.cykloromantika.cz\/wp-content\/uploads\/2022\/04\/foto-2012-01-14-300x200.jpg 300w,https:\/\/www.cykloromantika.cz\/wp-content\/uploads\/2022\/04\/foto-2012-01-14.jpg 1024w\" sizes=\"auto, 250px\"\/><\/a><div class=\"sgb-item-caption\"><em>Je pravda, \u017ee jsme se z vlaku vysypali! \u010cesk\u00e9 Bud\u011bjovice.<\/em><\/div><\/div><div class=\"sgb-item\"><a href=\"https:\/\/www.cykloromantika.cz\/foto-2012-01-15\/\" target=\"_blank\"><img decoding=\"async\" alt=\"\" width=\"300\" height=\"225\" loading=\"lazy\" src=\"https:\/\/www.cykloromantika.cz\/wp-content\/uploads\/2022\/04\/foto-2012-01-15-300x225.jpg\" srcset=\"https:\/\/www.cykloromantika.cz\/wp-content\/uploads\/2022\/04\/foto-2012-01-15-300x225.jpg 300w,https:\/\/www.cykloromantika.cz\/wp-content\/uploads\/2022\/04\/foto-2012-01-15.jpg 1024w\" sizes=\"auto, 250px\"\/><\/a><div class=\"sgb-item-caption\"><em>Ani o\u010di\u010dka jsme nezamhou\u0159ili.:)<\/em><\/div><\/div><div class=\"sgb-item\"><a href=\"https:\/\/www.cykloromantika.cz\/foto-2012-01-16\/\" target=\"_blank\"><img decoding=\"async\" alt=\"\" width=\"300\" height=\"225\" loading=\"lazy\" src=\"https:\/\/www.cykloromantika.cz\/wp-content\/uploads\/2022\/04\/foto-2012-01-16-300x225.jpg\" srcset=\"https:\/\/www.cykloromantika.cz\/wp-content\/uploads\/2022\/04\/foto-2012-01-16-300x225.jpg 300w,https:\/\/www.cykloromantika.cz\/wp-content\/uploads\/2022\/04\/foto-2012-01-16.jpg 1024w\" sizes=\"auto, 250px\"\/><\/a><div class=\"sgb-item-caption\"><em>Pro n\u011bkter\u00e9, kdo si nedomysl\u00ed... \u010cesk\u00e9 Bud\u011bjovice \ud83d\ude42<\/em><\/div><\/div><div class=\"sgb-item\"><a href=\"https:\/\/www.cykloromantika.cz\/foto-2012-01-17\/\" target=\"_blank\"><img decoding=\"async\" alt=\"\" width=\"300\" height=\"200\" loading=\"lazy\" src=\"https:\/\/www.cykloromantika.cz\/wp-content\/uploads\/2022\/04\/foto-2012-01-17-300x200.jpg\" srcset=\"https:\/\/www.cykloromantika.cz\/wp-content\/uploads\/2022\/04\/foto-2012-01-17-300x200.jpg 300w,https:\/\/www.cykloromantika.cz\/wp-content\/uploads\/2022\/04\/foto-2012-01-17.jpg 1024w\" sizes=\"auto, 250px\"\/><\/a><div class=\"sgb-item-caption\"><em>Klasick\u00e1 cyklov\u00fdbava t\u00e9 doby. Gumcuk \u2013 z\u00e1klad v\u0161eho byt\u00ed \ud83d\ude42<\/em><\/div><\/div><div class=\"sgb-item\"><a href=\"https:\/\/www.cykloromantika.cz\/foto-2012-01-18\/\" target=\"_blank\"><img decoding=\"async\" alt=\"\" width=\"300\" height=\"225\" loading=\"lazy\" src=\"https:\/\/www.cykloromantika.cz\/wp-content\/uploads\/2022\/04\/foto-2012-01-18-300x225.jpg\" srcset=\"https:\/\/www.cykloromantika.cz\/wp-content\/uploads\/2022\/04\/foto-2012-01-18-300x225.jpg 300w,https:\/\/www.cykloromantika.cz\/wp-content\/uploads\/2022\/04\/foto-2012-01-18.jpg 1024w\" sizes=\"auto, 250px\"\/><\/a><div class=\"sgb-item-caption\"><em>Posledn\u00ed voda na dal\u0161\u00ed 4 dny \ud83d\ude42<\/em><\/div><\/div><div class=\"sgb-item\"><a href=\"https:\/\/www.cykloromantika.cz\/foto-2012-01-19\/\" target=\"_blank\"><img decoding=\"async\" alt=\"\" width=\"300\" height=\"225\" loading=\"lazy\" src=\"https:\/\/www.cykloromantika.cz\/wp-content\/uploads\/2022\/04\/foto-2012-01-19-300x225.jpg\" srcset=\"https:\/\/www.cykloromantika.cz\/wp-content\/uploads\/2022\/04\/foto-2012-01-19-300x225.jpg 300w,https:\/\/www.cykloromantika.cz\/wp-content\/uploads\/2022\/04\/foto-2012-01-19.jpg 1024w\" sizes=\"auto, 250px\"\/><\/a><div class=\"sgb-item-caption\"><em>Endemick\u00fd druh... Vyfocen poprv\u00e9 na\u017eivo...<\/em><\/div><\/div><div class=\"sgb-item\"><a href=\"https:\/\/www.cykloromantika.cz\/foto-2012-01-20\/\" target=\"_blank\"><img decoding=\"async\" alt=\"\" width=\"300\" height=\"225\" loading=\"lazy\" src=\"https:\/\/www.cykloromantika.cz\/wp-content\/uploads\/2022\/04\/foto-2012-01-20-300x225.jpg\" srcset=\"https:\/\/www.cykloromantika.cz\/wp-content\/uploads\/2022\/04\/foto-2012-01-20-300x225.jpg 300w,https:\/\/www.cykloromantika.cz\/wp-content\/uploads\/2022\/04\/foto-2012-01-20.jpg 1024w\" sizes=\"auto, 250px\"\/><\/a><div class=\"sgb-item-caption\"><em>Po p\u011b\u0161\u00ed z\u00f3n\u011b zat\u00edm tla\u010d\u00edme!<\/em><\/div><\/div><div class=\"sgb-item\"><a href=\"https:\/\/www.cykloromantika.cz\/foto-2012-01-21\/\" target=\"_blank\"><img decoding=\"async\" alt=\"\" width=\"300\" height=\"225\" loading=\"lazy\" src=\"https:\/\/www.cykloromantika.cz\/wp-content\/uploads\/2022\/04\/foto-2012-01-21-300x225.jpg\" srcset=\"https:\/\/www.cykloromantika.cz\/wp-content\/uploads\/2022\/04\/foto-2012-01-21-300x225.jpg 300w,https:\/\/www.cykloromantika.cz\/wp-content\/uploads\/2022\/04\/foto-2012-01-21.jpg 1024w\" sizes=\"auto, 250px\"\/><\/a><div class=\"sgb-item-caption\"><em>Ond\u0159ej Puklice ze Vztuh<\/em><\/div><\/div><div class=\"sgb-item\"><a href=\"https:\/\/www.cykloromantika.cz\/foto-2012-01-22\/\" target=\"_blank\"><img decoding=\"async\" alt=\"\" width=\"300\" height=\"225\" loading=\"lazy\" src=\"https:\/\/www.cykloromantika.cz\/wp-content\/uploads\/2022\/04\/foto-2012-01-22-300x225.jpg\" srcset=\"https:\/\/www.cykloromantika.cz\/wp-content\/uploads\/2022\/04\/foto-2012-01-22-300x225.jpg 300w,https:\/\/www.cykloromantika.cz\/wp-content\/uploads\/2022\/04\/foto-2012-01-22.jpg 1024w\" sizes=\"auto, 250px\"\/><\/a><div class=\"sgb-item-caption\"><em>Du\u0161\u00edk poskytuje rann\u00ed o\u010distu sv\u00e9mu o\u0159i!<\/em><\/div><\/div><div class=\"sgb-item\"><a href=\"https:\/\/www.cykloromantika.cz\/foto-2012-01-23\/\" target=\"_blank\"><img decoding=\"async\" alt=\"\" width=\"300\" height=\"200\" loading=\"lazy\" src=\"https:\/\/www.cykloromantika.cz\/wp-content\/uploads\/2022\/04\/foto-2012-01-23-300x200.jpg\" srcset=\"https:\/\/www.cykloromantika.cz\/wp-content\/uploads\/2022\/04\/foto-2012-01-23-300x200.jpg 300w,https:\/\/www.cykloromantika.cz\/wp-content\/uploads\/2022\/04\/foto-2012-01-23.jpg 1024w\" sizes=\"auto, 250px\"\/><\/a><div class=\"sgb-item-caption\"><em>Do pr\u00e1ce?... A\u0165 jdou:) My nejdeme:)<\/em><\/div><\/div><div class=\"sgb-item\"><a href=\"https:\/\/www.cykloromantika.cz\/foto-2012-01-24\/\" target=\"_blank\"><img decoding=\"async\" alt=\"\" width=\"200\" height=\"300\" loading=\"lazy\" src=\"https:\/\/www.cykloromantika.cz\/wp-content\/uploads\/2022\/04\/foto-2012-01-24-200x300.jpg\" srcset=\"https:\/\/www.cykloromantika.cz\/wp-content\/uploads\/2022\/04\/foto-2012-01-24-200x300.jpg 200w,https:\/\/www.cykloromantika.cz\/wp-content\/uploads\/2022\/04\/foto-2012-01-24.jpg 683w\" sizes=\"auto, 250px\"\/><\/a><div class=\"sgb-item-caption\"><em>Samson ka\u0161na, ale kde je Samson pivo?<\/em><\/div><\/div><div class=\"sgb-item\"><a href=\"https:\/\/www.cykloromantika.cz\/foto-2012-01-25\/\" target=\"_blank\"><img decoding=\"async\" alt=\"\" width=\"300\" height=\"200\" loading=\"lazy\" src=\"https:\/\/www.cykloromantika.cz\/wp-content\/uploads\/2022\/04\/foto-2012-01-25-300x200.jpg\" srcset=\"https:\/\/www.cykloromantika.cz\/wp-content\/uploads\/2022\/04\/foto-2012-01-25-300x200.jpg 300w,https:\/\/www.cykloromantika.cz\/wp-content\/uploads\/2022\/04\/foto-2012-01-25.jpg 1024w\" sizes=\"auto, 250px\"\/><\/a><div class=\"sgb-item-caption\"><em>\u010cern\u00e1 v\u011b\u017e v Bud\u011bjic\u00edch \ud83d\ude42<\/em><\/div><\/div><div class=\"sgb-item\"><a href=\"https:\/\/www.cykloromantika.cz\/foto-2012-01-26\/\" target=\"_blank\"><img decoding=\"async\" alt=\"\" width=\"300\" height=\"200\" loading=\"lazy\" src=\"https:\/\/www.cykloromantika.cz\/wp-content\/uploads\/2022\/04\/foto-2012-01-26-300x200.jpg\" srcset=\"https:\/\/www.cykloromantika.cz\/wp-content\/uploads\/2022\/04\/foto-2012-01-26-300x200.jpg 300w,https:\/\/www.cykloromantika.cz\/wp-content\/uploads\/2022\/04\/foto-2012-01-26.jpg 1024w\" sizes=\"auto, 250px\"\/><\/a><div class=\"sgb-item-caption\"><em>Samsonova ka\u0161na v Bud\u011bjic\u00edch \ud83d\ude42<\/em><\/div><\/div><div class=\"sgb-item\"><a href=\"https:\/\/www.cykloromantika.cz\/foto-2012-01-27\/\" target=\"_blank\"><img decoding=\"async\" alt=\"\" width=\"225\" height=\"300\" loading=\"lazy\" src=\"https:\/\/www.cykloromantika.cz\/wp-content\/uploads\/2022\/04\/foto-2012-01-27-225x300.jpg\" srcset=\"https:\/\/www.cykloromantika.cz\/wp-content\/uploads\/2022\/04\/foto-2012-01-27-225x300.jpg 225w,https:\/\/www.cykloromantika.cz\/wp-content\/uploads\/2022\/04\/foto-2012-01-27.jpg 768w\" sizes=\"auto, 250px\"\/><\/a><div class=\"sgb-item-caption\"><em>Detail Samsonovy ka\u0161ny<\/em><\/div><\/div><div class=\"sgb-item\"><a href=\"https:\/\/www.cykloromantika.cz\/foto-2012-01-28\/\" target=\"_blank\"><img decoding=\"async\" alt=\"\" width=\"300\" height=\"225\" loading=\"lazy\" src=\"https:\/\/www.cykloromantika.cz\/wp-content\/uploads\/2022\/04\/foto-2012-01-28-300x225.jpg\" srcset=\"https:\/\/www.cykloromantika.cz\/wp-content\/uploads\/2022\/04\/foto-2012-01-28-300x225.jpg 300w,https:\/\/www.cykloromantika.cz\/wp-content\/uploads\/2022\/04\/foto-2012-01-28.jpg 1024w\" sizes=\"auto, 250px\"\/><\/a><div class=\"sgb-item-caption\"><em>Kaf\u00ed\u010dko a kone\u010dn\u011b \u017e\u00e1dn\u00fd sp\u011bch \ud83d\ude42<\/em><\/div><\/div><div class=\"sgb-item\"><a href=\"https:\/\/www.cykloromantika.cz\/foto-2012-01-29\/\" target=\"_blank\"><img decoding=\"async\" alt=\"\" width=\"300\" height=\"200\" loading=\"lazy\" src=\"https:\/\/www.cykloromantika.cz\/wp-content\/uploads\/2022\/04\/foto-2012-01-29-300x200.jpg\" srcset=\"https:\/\/www.cykloromantika.cz\/wp-content\/uploads\/2022\/04\/foto-2012-01-29-300x200.jpg 300w,https:\/\/www.cykloromantika.cz\/wp-content\/uploads\/2022\/04\/foto-2012-01-29.jpg 1024w\" sizes=\"auto, 250px\"\/><\/a><div class=\"sgb-item-caption\"><em>Takto se d\u00e1 zachytit rann\u00ed pohoda.<\/em><\/div><\/div><div class=\"sgb-item\"><a href=\"https:\/\/www.cykloromantika.cz\/foto-2012-01-30\/\" target=\"_blank\"><img decoding=\"async\" alt=\"\" width=\"300\" height=\"225\" loading=\"lazy\" src=\"https:\/\/www.cykloromantika.cz\/wp-content\/uploads\/2022\/04\/foto-2012-01-30-300x225.jpg\" srcset=\"https:\/\/www.cykloromantika.cz\/wp-content\/uploads\/2022\/04\/foto-2012-01-30-300x225.jpg 300w,https:\/\/www.cykloromantika.cz\/wp-content\/uploads\/2022\/04\/foto-2012-01-30.jpg 1024w\" sizes=\"auto, 250px\"\/><\/a><div class=\"sgb-item-caption\"><em>Prosil bych rann\u00ed th\u00e9, p\u00e1nov\u00e9, \u017e\u00e1dnou k\u00e1vu ani pivo! \ud83d\ude42 Ale Bobe!<\/em><\/div><\/div><div class=\"sgb-item\"><a href=\"https:\/\/www.cykloromantika.cz\/foto-2012-01-31\/\" target=\"_blank\"><img decoding=\"async\" alt=\"\" width=\"225\" height=\"300\" loading=\"lazy\" src=\"https:\/\/www.cykloromantika.cz\/wp-content\/uploads\/2022\/04\/foto-2012-01-31-225x300.jpg\" srcset=\"https:\/\/www.cykloromantika.cz\/wp-content\/uploads\/2022\/04\/foto-2012-01-31-225x300.jpg 225w,https:\/\/www.cykloromantika.cz\/wp-content\/uploads\/2022\/04\/foto-2012-01-31.jpg 768w\" sizes=\"auto, 250px\"\/><\/a><div class=\"sgb-item-caption\"><em>Hotel Budweis n\u00e1m poskytnul \u00fa\u017easn\u00e9 \u00fato\u010di\u0161t\u011b.:)<\/em><\/div><\/div><div class=\"sgb-item\"><a href=\"https:\/\/www.cykloromantika.cz\/foto-2012-01-32\/\" target=\"_blank\"><img decoding=\"async\" alt=\"\" width=\"300\" height=\"225\" loading=\"lazy\" src=\"https:\/\/www.cykloromantika.cz\/wp-content\/uploads\/2022\/04\/foto-2012-01-32-300x225.jpg\" srcset=\"https:\/\/www.cykloromantika.cz\/wp-content\/uploads\/2022\/04\/foto-2012-01-32-300x225.jpg 300w,https:\/\/www.cykloromantika.cz\/wp-content\/uploads\/2022\/04\/foto-2012-01-32.jpg 1024w\" sizes=\"auto, 250px\"\/><\/a><div class=\"sgb-item-caption\"><em>Vltav\u011bnka... \u0161up tam... kooooosa \ud83d\ude42<\/em><\/div><\/div><div class=\"sgb-item\"><a href=\"https:\/\/www.cykloromantika.cz\/foto-2012-01-33\/\" target=\"_blank\"><img decoding=\"async\" alt=\"\" width=\"225\" height=\"300\" loading=\"lazy\" src=\"https:\/\/www.cykloromantika.cz\/wp-content\/uploads\/2022\/04\/foto-2012-01-33-225x300.jpg\" srcset=\"https:\/\/www.cykloromantika.cz\/wp-content\/uploads\/2022\/04\/foto-2012-01-33-225x300.jpg 225w,https:\/\/www.cykloromantika.cz\/wp-content\/uploads\/2022\/04\/foto-2012-01-33.jpg 768w\" sizes=\"auto, 250px\"\/><\/a><div class=\"sgb-item-caption\"><em>Kostel Nanebevzet\u00ed Panny Marie v Dubn\u00e9m<\/em><\/div><\/div><div class=\"sgb-item\"><a href=\"https:\/\/www.cykloromantika.cz\/foto-2012-01-34\/\" target=\"_blank\"><img decoding=\"async\" alt=\"\" width=\"300\" height=\"200\" loading=\"lazy\" src=\"https:\/\/www.cykloromantika.cz\/wp-content\/uploads\/2022\/04\/foto-2012-01-34-300x200.jpg\" srcset=\"https:\/\/www.cykloromantika.cz\/wp-content\/uploads\/2022\/04\/foto-2012-01-34-300x200.jpg 300w,https:\/\/www.cykloromantika.cz\/wp-content\/uploads\/2022\/04\/foto-2012-01-34.jpg 1024w\" sizes=\"auto, 250px\"\/><\/a><div class=\"sgb-item-caption\"><em>Kdo dojede v Dubn\u00e9, jist\u011b cestou zchudne!<\/em><\/div><\/div><div class=\"sgb-item\"><a href=\"https:\/\/www.cykloromantika.cz\/foto-2012-01-35\/\" target=\"_blank\"><img decoding=\"async\" alt=\"\" width=\"300\" height=\"225\" loading=\"lazy\" src=\"https:\/\/www.cykloromantika.cz\/wp-content\/uploads\/2022\/04\/foto-2012-01-35-300x225.jpg\" srcset=\"https:\/\/www.cykloromantika.cz\/wp-content\/uploads\/2022\/04\/foto-2012-01-35-300x225.jpg 300w,https:\/\/www.cykloromantika.cz\/wp-content\/uploads\/2022\/04\/foto-2012-01-35.jpg 1024w\" sizes=\"auto, 250px\"\/><\/a><div class=\"sgb-item-caption\"><em>Cesti\u010dka mezi Dubn\u00fdm a \u010cakovem<\/em><\/div><\/div><div class=\"sgb-item\"><a href=\"https:\/\/www.cykloromantika.cz\/foto-2012-01-36\/\" target=\"_blank\"><img decoding=\"async\" alt=\"\" width=\"225\" height=\"300\" loading=\"lazy\" src=\"https:\/\/www.cykloromantika.cz\/wp-content\/uploads\/2022\/04\/foto-2012-01-36-225x300.jpg\" srcset=\"https:\/\/www.cykloromantika.cz\/wp-content\/uploads\/2022\/04\/foto-2012-01-36-225x300.jpg 225w,https:\/\/www.cykloromantika.cz\/wp-content\/uploads\/2022\/04\/foto-2012-01-36.jpg 768w\" sizes=\"auto, 250px\"\/><\/a><div class=\"sgb-item-caption\"><em>JR Vl\u010d\u00e1k a jeho neskute\u010dn\u00e1 par\u00e1da<\/em><\/div><\/div><div class=\"sgb-item\"><a href=\"https:\/\/www.cykloromantika.cz\/foto-2012-01-37\/\" target=\"_blank\"><img decoding=\"async\" alt=\"\" width=\"300\" height=\"200\" loading=\"lazy\" src=\"https:\/\/www.cykloromantika.cz\/wp-content\/uploads\/2022\/04\/foto-2012-01-37-300x200.jpg\" srcset=\"https:\/\/www.cykloromantika.cz\/wp-content\/uploads\/2022\/04\/foto-2012-01-37-300x200.jpg 300w,https:\/\/www.cykloromantika.cz\/wp-content\/uploads\/2022\/04\/foto-2012-01-37.jpg 1024w\" sizes=\"auto, 250px\"\/><\/a><div class=\"sgb-item-caption\"><em>Rybn\u00edk Beranov s vesni\u010dkou \u010cakov<\/em><\/div><\/div><div class=\"sgb-item\"><a href=\"https:\/\/www.cykloromantika.cz\/foto-2012-01-38\/\" target=\"_blank\"><img decoding=\"async\" alt=\"\" width=\"300\" height=\"200\" loading=\"lazy\" src=\"https:\/\/www.cykloromantika.cz\/wp-content\/uploads\/2022\/04\/foto-2012-01-38-300x200.jpg\" srcset=\"https:\/\/www.cykloromantika.cz\/wp-content\/uploads\/2022\/04\/foto-2012-01-38-300x200.jpg 300w,https:\/\/www.cykloromantika.cz\/wp-content\/uploads\/2022\/04\/foto-2012-01-38.jpg 1024w\" sizes=\"auto, 250px\"\/><\/a><div class=\"sgb-item-caption\"><em>\u010cakov<\/em><\/div><\/div><div class=\"sgb-item\"><a href=\"https:\/\/www.cykloromantika.cz\/foto-2012-01-40\/\" target=\"_blank\"><img decoding=\"async\" alt=\"\" width=\"300\" height=\"200\" loading=\"lazy\" src=\"https:\/\/www.cykloromantika.cz\/wp-content\/uploads\/2022\/04\/foto-2012-01-40-300x200.jpg\" srcset=\"https:\/\/www.cykloromantika.cz\/wp-content\/uploads\/2022\/04\/foto-2012-01-40-300x200.jpg 300w,https:\/\/www.cykloromantika.cz\/wp-content\/uploads\/2022\/04\/foto-2012-01-40.jpg 1024w\" sizes=\"auto, 250px\"\/><\/a><div class=\"sgb-item-caption\"><em>Cesti\u010dka u \u010cakova<\/em><\/div><\/div><div class=\"sgb-item\"><a href=\"https:\/\/www.cykloromantika.cz\/foto-2012-01-41\/\" target=\"_blank\"><img decoding=\"async\" alt=\"\" width=\"300\" height=\"200\" loading=\"lazy\" src=\"https:\/\/www.cykloromantika.cz\/wp-content\/uploads\/2022\/04\/foto-2012-01-41-300x200.jpg\" srcset=\"https:\/\/www.cykloromantika.cz\/wp-content\/uploads\/2022\/04\/foto-2012-01-41-300x200.jpg 300w,https:\/\/www.cykloromantika.cz\/wp-content\/uploads\/2022\/04\/foto-2012-01-41.jpg 1024w\" sizes=\"auto, 250px\"\/><\/a><div class=\"sgb-item-caption\"><em>Stoup\u00e1n\u00ed do Jankova<\/em><\/div><\/div><div class=\"sgb-item\"><a href=\"https:\/\/www.cykloromantika.cz\/foto-2012-01-42\/\" target=\"_blank\"><img decoding=\"async\" alt=\"\" width=\"300\" height=\"200\" loading=\"lazy\" src=\"https:\/\/www.cykloromantika.cz\/wp-content\/uploads\/2022\/04\/foto-2012-01-42-300x200.jpg\" srcset=\"https:\/\/www.cykloromantika.cz\/wp-content\/uploads\/2022\/04\/foto-2012-01-42-300x200.jpg 300w,https:\/\/www.cykloromantika.cz\/wp-content\/uploads\/2022\/04\/foto-2012-01-42.jpg 1024w\" sizes=\"auto, 250px\"\/><\/a><div class=\"sgb-item-caption\"><em>Jankov \u2013 kr\u00e1sn\u00e9 stoup\u00e1n\u00ed<\/em><\/div><\/div><div class=\"sgb-item\"><a href=\"https:\/\/www.cykloromantika.cz\/foto-2012-01-44\/\" target=\"_blank\"><img decoding=\"async\" alt=\"\" width=\"300\" height=\"225\" loading=\"lazy\" src=\"https:\/\/www.cykloromantika.cz\/wp-content\/uploads\/2022\/04\/foto-2012-01-44-300x225.jpg\" srcset=\"https:\/\/www.cykloromantika.cz\/wp-content\/uploads\/2022\/04\/foto-2012-01-44-300x225.jpg 300w,https:\/\/www.cykloromantika.cz\/wp-content\/uploads\/2022\/04\/foto-2012-01-44.jpg 1024w\" sizes=\"auto, 250px\"\/><\/a><div class=\"sgb-item-caption\"><em>Hola\u0161ovick\u00fd div sv\u011bta:)<\/em><\/div><\/div><div class=\"sgb-item\"><a href=\"https:\/\/www.cykloromantika.cz\/foto-2012-01-45\/\" target=\"_blank\"><img decoding=\"async\" alt=\"\" width=\"300\" height=\"200\" loading=\"lazy\" src=\"https:\/\/www.cykloromantika.cz\/wp-content\/uploads\/2022\/04\/foto-2012-01-45-300x200.jpg\" srcset=\"https:\/\/www.cykloromantika.cz\/wp-content\/uploads\/2022\/04\/foto-2012-01-45-300x200.jpg 300w,https:\/\/www.cykloromantika.cz\/wp-content\/uploads\/2022\/04\/foto-2012-01-45.jpg 1024w\" sizes=\"auto, 250px\"\/><\/a><div class=\"sgb-item-caption\"><em>Hola\u0161ovick\u00e9 Stonehage<\/em><\/div><\/div><div class=\"sgb-item\"><a href=\"https:\/\/www.cykloromantika.cz\/foto-2012-01-46\/\" target=\"_blank\"><img decoding=\"async\" alt=\"\" width=\"300\" height=\"200\" loading=\"lazy\" src=\"https:\/\/www.cykloromantika.cz\/wp-content\/uploads\/2022\/04\/foto-2012-01-46-300x200.jpg\" srcset=\"https:\/\/www.cykloromantika.cz\/wp-content\/uploads\/2022\/04\/foto-2012-01-46-300x200.jpg 300w,https:\/\/www.cykloromantika.cz\/wp-content\/uploads\/2022\/04\/foto-2012-01-46.jpg 1024w\" sizes=\"auto, 250px\"\/><\/a><div class=\"sgb-item-caption\"><em>Hola\u0161ovick\u00e9 Stonehage<\/em><\/div><\/div><div class=\"sgb-item\"><a href=\"https:\/\/www.cykloromantika.cz\/foto-2012-01-47\/\" target=\"_blank\"><img decoding=\"async\" alt=\"\" width=\"300\" height=\"200\" loading=\"lazy\" src=\"https:\/\/www.cykloromantika.cz\/wp-content\/uploads\/2022\/04\/foto-2012-01-47-300x200.jpg\" srcset=\"https:\/\/www.cykloromantika.cz\/wp-content\/uploads\/2022\/04\/foto-2012-01-47-300x200.jpg 300w,https:\/\/www.cykloromantika.cz\/wp-content\/uploads\/2022\/04\/foto-2012-01-47.jpg 1024w\" sizes=\"auto, 250px\"\/><\/a><div class=\"sgb-item-caption\"><em>Hola\u0161ovick\u00e9 Stonehage<\/em><\/div><\/div><div class=\"sgb-item\"><a href=\"https:\/\/www.cykloromantika.cz\/foto-2012-01-48\/\" target=\"_blank\"><img decoding=\"async\" alt=\"\" width=\"225\" height=\"300\" loading=\"lazy\" src=\"https:\/\/www.cykloromantika.cz\/wp-content\/uploads\/2022\/04\/foto-2012-01-48-225x300.jpg\" srcset=\"https:\/\/www.cykloromantika.cz\/wp-content\/uploads\/2022\/04\/foto-2012-01-48-225x300.jpg 225w,https:\/\/www.cykloromantika.cz\/wp-content\/uploads\/2022\/04\/foto-2012-01-48.jpg 768w\" sizes=\"auto, 250px\"\/><\/a><div class=\"sgb-item-caption\"><em>Bobo si na\u0161el sv\u016fj menhir.<\/em><\/div><\/div><div class=\"sgb-item\"><a href=\"https:\/\/www.cykloromantika.cz\/foto-2012-01-49\/\" target=\"_blank\"><img decoding=\"async\" alt=\"\" width=\"225\" height=\"300\" loading=\"lazy\" src=\"https:\/\/www.cykloromantika.cz\/wp-content\/uploads\/2022\/04\/foto-2012-01-49-225x300.jpg\" srcset=\"https:\/\/www.cykloromantika.cz\/wp-content\/uploads\/2022\/04\/foto-2012-01-49-225x300.jpg 225w,https:\/\/www.cykloromantika.cz\/wp-content\/uploads\/2022\/04\/foto-2012-01-49.jpg 768w\" sizes=\"auto, 250px\"\/><\/a><div class=\"sgb-item-caption\"><em>Nebo je lep\u0161\u00ed tento, Bobe?<\/em><\/div><\/div><div class=\"sgb-item\"><a href=\"https:\/\/www.cykloromantika.cz\/foto-2012-01-50\/\" target=\"_blank\"><img decoding=\"async\" alt=\"\" width=\"300\" height=\"200\" loading=\"lazy\" src=\"https:\/\/www.cykloromantika.cz\/wp-content\/uploads\/2022\/04\/foto-2012-01-50-300x200.jpg\" srcset=\"https:\/\/www.cykloromantika.cz\/wp-content\/uploads\/2022\/04\/foto-2012-01-50-300x200.jpg 300w,https:\/\/www.cykloromantika.cz\/wp-content\/uploads\/2022\/04\/foto-2012-01-50.jpg 1024w\" sizes=\"auto, 250px\"\/><\/a><div class=\"sgb-item-caption\"><em>Napln\u011bni energi\u00ed?...<\/em><\/div><\/div><div class=\"sgb-item\"><a href=\"https:\/\/www.cykloromantika.cz\/foto-2012-01-51\/\" target=\"_blank\"><img decoding=\"async\" alt=\"\" width=\"300\" height=\"200\" loading=\"lazy\" src=\"https:\/\/www.cykloromantika.cz\/wp-content\/uploads\/2022\/04\/foto-2012-01-51-300x200.jpg\" srcset=\"https:\/\/www.cykloromantika.cz\/wp-content\/uploads\/2022\/04\/foto-2012-01-51-300x200.jpg 300w,https:\/\/www.cykloromantika.cz\/wp-content\/uploads\/2022\/04\/foto-2012-01-51.jpg 1024w\" sizes=\"auto, 250px\"\/><\/a><div class=\"sgb-item-caption\"><em>Tak co na to \u0159\u00edk\u00e1te?...<\/em><\/div><\/div><div class=\"sgb-item\"><a href=\"https:\/\/www.cykloromantika.cz\/foto-2012-01-52\/\" target=\"_blank\"><img decoding=\"async\" alt=\"\" width=\"200\" height=\"300\" loading=\"lazy\" src=\"https:\/\/www.cykloromantika.cz\/wp-content\/uploads\/2022\/04\/foto-2012-01-52-200x300.jpg\" srcset=\"https:\/\/www.cykloromantika.cz\/wp-content\/uploads\/2022\/04\/foto-2012-01-52-200x300.jpg 200w,https:\/\/www.cykloromantika.cz\/wp-content\/uploads\/2022\/04\/foto-2012-01-52.jpg 683w\" sizes=\"auto, 250px\"\/><\/a><div class=\"sgb-item-caption\"><em>Vlku, ten menhir je tam zbyte\u010dn\u00fd! To\u0165 jinoch jako sk\u00e1la:)<\/em><\/div><\/div><div class=\"sgb-item\"><a href=\"https:\/\/www.cykloromantika.cz\/foto-2012-01-53\/\" target=\"_blank\"><img decoding=\"async\" alt=\"\" width=\"300\" height=\"200\" loading=\"lazy\" src=\"https:\/\/www.cykloromantika.cz\/wp-content\/uploads\/2022\/04\/foto-2012-01-53-300x200.jpg\" srcset=\"https:\/\/www.cykloromantika.cz\/wp-content\/uploads\/2022\/04\/foto-2012-01-53-300x200.jpg 300w,https:\/\/www.cykloromantika.cz\/wp-content\/uploads\/2022\/04\/foto-2012-01-53.jpg 1024w\" sizes=\"auto, 250px\"\/><\/a><div class=\"sgb-item-caption\"><em>Kelt na ob\u011btn\u00edm stole \ud83d\ude42<\/em><\/div><\/div><div class=\"sgb-item\"><a href=\"https:\/\/www.cykloromantika.cz\/foto-2012-01-54\/\" target=\"_blank\"><img decoding=\"async\" alt=\"\" width=\"225\" height=\"300\" loading=\"lazy\" src=\"https:\/\/www.cykloromantika.cz\/wp-content\/uploads\/2022\/04\/foto-2012-01-54-225x300.jpg\" srcset=\"https:\/\/www.cykloromantika.cz\/wp-content\/uploads\/2022\/04\/foto-2012-01-54-225x300.jpg 225w,https:\/\/www.cykloromantika.cz\/wp-content\/uploads\/2022\/04\/foto-2012-01-54.jpg 768w\" sizes=\"auto, 250px\"\/><\/a><div class=\"sgb-item-caption\"><em>Keltsk\u00fd kr\u00e1l<\/em><\/div><\/div><div class=\"sgb-item\"><a href=\"https:\/\/www.cykloromantika.cz\/foto-2012-01-55\/\" target=\"_blank\"><img decoding=\"async\" alt=\"\" width=\"300\" height=\"200\" loading=\"lazy\" src=\"https:\/\/www.cykloromantika.cz\/wp-content\/uploads\/2022\/04\/foto-2012-01-55-300x200.jpg\" srcset=\"https:\/\/www.cykloromantika.cz\/wp-content\/uploads\/2022\/04\/foto-2012-01-55-300x200.jpg 300w,https:\/\/www.cykloromantika.cz\/wp-content\/uploads\/2022\/04\/foto-2012-01-55.jpg 1024w\" sizes=\"auto, 250px\"\/><\/a><div class=\"sgb-item-caption\"><em>Ta energie je opravdu v\u0161ude.:)<\/em><\/div><\/div><div class=\"sgb-item\"><a href=\"https:\/\/www.cykloromantika.cz\/foto-2012-01-56\/\" target=\"_blank\"><img decoding=\"async\" alt=\"\" width=\"300\" height=\"200\" loading=\"lazy\" src=\"https:\/\/www.cykloromantika.cz\/wp-content\/uploads\/2022\/04\/foto-2012-01-56-300x200.jpg\" srcset=\"https:\/\/www.cykloromantika.cz\/wp-content\/uploads\/2022\/04\/foto-2012-01-56-300x200.jpg 300w,https:\/\/www.cykloromantika.cz\/wp-content\/uploads\/2022\/04\/foto-2012-01-56.jpg 1024w\" sizes=\"auto, 250px\"\/><\/a><div class=\"sgb-item-caption\"><em>Temel\u00edn vzadu \ud83d\ude42 UNESCO vesnice s n\u00e1dhern\u00fdm v\u00fdhledem \ud83d\ude42<\/em><\/div><\/div><div class=\"sgb-item\"><a href=\"https:\/\/www.cykloromantika.cz\/foto-2012-01-57\/\" target=\"_blank\"><img decoding=\"async\" alt=\"\" width=\"300\" height=\"200\" loading=\"lazy\" src=\"https:\/\/www.cykloromantika.cz\/wp-content\/uploads\/2022\/04\/foto-2012-01-57-300x200.jpg\" srcset=\"https:\/\/www.cykloromantika.cz\/wp-content\/uploads\/2022\/04\/foto-2012-01-57-300x200.jpg 300w,https:\/\/www.cykloromantika.cz\/wp-content\/uploads\/2022\/04\/foto-2012-01-57.jpg 1024w\" sizes=\"auto, 250px\"\/><\/a><div class=\"sgb-item-caption\"><em>Hola\u0161ovice \u2013 zaps\u00e1na v UNESCO<\/em><\/div><\/div><div class=\"sgb-item\"><a href=\"https:\/\/www.cykloromantika.cz\/foto-2012-01-58\/\" target=\"_blank\"><img decoding=\"async\" alt=\"\" width=\"300\" height=\"200\" loading=\"lazy\" src=\"https:\/\/www.cykloromantika.cz\/wp-content\/uploads\/2022\/04\/foto-2012-01-58-300x200.jpg\" srcset=\"https:\/\/www.cykloromantika.cz\/wp-content\/uploads\/2022\/04\/foto-2012-01-58-300x200.jpg 300w,https:\/\/www.cykloromantika.cz\/wp-content\/uploads\/2022\/04\/foto-2012-01-58.jpg 1024w\" sizes=\"auto, 250px\"\/><\/a><div class=\"sgb-item-caption\"><em>Hola\u0161ovick\u00e9 chaloupky<\/em><\/div><\/div><div class=\"sgb-item\"><a href=\"https:\/\/www.cykloromantika.cz\/foto-2012-01-59\/\" target=\"_blank\"><img decoding=\"async\" alt=\"\" width=\"300\" height=\"200\" loading=\"lazy\" src=\"https:\/\/www.cykloromantika.cz\/wp-content\/uploads\/2022\/04\/foto-2012-01-59-300x200.jpg\" srcset=\"https:\/\/www.cykloromantika.cz\/wp-content\/uploads\/2022\/04\/foto-2012-01-59-300x200.jpg 300w,https:\/\/www.cykloromantika.cz\/wp-content\/uploads\/2022\/04\/foto-2012-01-59.jpg 1024w\" sizes=\"auto, 250px\"\/><\/a><div class=\"sgb-item-caption\"><em>Vodn\u00ed\u010dek... Ptali jsme se na jm\u00e9no, ale strachem zd\u0159ev\u011bn\u011bl.:)<\/em><\/div><\/div><div class=\"sgb-item\"><a href=\"https:\/\/www.cykloromantika.cz\/foto-2012-01-61\/\" target=\"_blank\"><img decoding=\"async\" alt=\"\" width=\"300\" height=\"200\" loading=\"lazy\" src=\"https:\/\/www.cykloromantika.cz\/wp-content\/uploads\/2022\/04\/foto-2012-01-61-300x200.jpg\" srcset=\"https:\/\/www.cykloromantika.cz\/wp-content\/uploads\/2022\/04\/foto-2012-01-61-300x200.jpg 300w,https:\/\/www.cykloromantika.cz\/wp-content\/uploads\/2022\/04\/foto-2012-01-61.jpg 1024w\" sizes=\"auto, 250px\"\/><\/a><div class=\"sgb-item-caption\"><em>Hola\u0161ovick\u00fd koloni\u00e1l, bohu\u017eel zav\u0159en\u00fd<\/em><\/div><\/div><div class=\"sgb-item\"><a href=\"https:\/\/www.cykloromantika.cz\/foto-2012-01-62\/\" target=\"_blank\"><img decoding=\"async\" alt=\"\" width=\"200\" height=\"300\" loading=\"lazy\" src=\"https:\/\/www.cykloromantika.cz\/wp-content\/uploads\/2022\/04\/foto-2012-01-62-200x300.jpg\" srcset=\"https:\/\/www.cykloromantika.cz\/wp-content\/uploads\/2022\/04\/foto-2012-01-62-200x300.jpg 200w,https:\/\/www.cykloromantika.cz\/wp-content\/uploads\/2022\/04\/foto-2012-01-62.jpg 683w\" sizes=\"auto, 250px\"\/><\/a><div class=\"sgb-item-caption\"><em>Pomn\u00edk na n\u00e1vsi v Hola\u0161ovic\u00edch<\/em><\/div><\/div><div class=\"sgb-item\"><a href=\"https:\/\/www.cykloromantika.cz\/foto-2012-01-63\/\" target=\"_blank\"><img decoding=\"async\" alt=\"\" width=\"300\" height=\"200\" loading=\"lazy\" src=\"https:\/\/www.cykloromantika.cz\/wp-content\/uploads\/2022\/04\/foto-2012-01-63-300x200.jpg\" srcset=\"https:\/\/www.cykloromantika.cz\/wp-content\/uploads\/2022\/04\/foto-2012-01-63-300x200.jpg 300w,https:\/\/www.cykloromantika.cz\/wp-content\/uploads\/2022\/04\/foto-2012-01-63.jpg 1024w\" sizes=\"auto, 250px\"\/><\/a><div class=\"sgb-item-caption\"><em>Hola\u0161ovick\u00e1 n\u00e1ves<\/em><\/div><\/div><div class=\"sgb-item\"><a href=\"https:\/\/www.cykloromantika.cz\/foto-2012-01-64\/\" target=\"_blank\"><img decoding=\"async\" alt=\"\" width=\"300\" height=\"225\" loading=\"lazy\" src=\"https:\/\/www.cykloromantika.cz\/wp-content\/uploads\/2022\/04\/foto-2012-01-64-300x225.jpg\" srcset=\"https:\/\/www.cykloromantika.cz\/wp-content\/uploads\/2022\/04\/foto-2012-01-64-300x225.jpg 300w,https:\/\/www.cykloromantika.cz\/wp-content\/uploads\/2022\/04\/foto-2012-01-64.jpg 1024w\" sizes=\"auto, 250px\"\/><\/a><div class=\"sgb-item-caption\"><em>Kaple sv. Jana Nepomuck\u00e9ho v Hola\u0161ovic\u00edch<\/em><\/div><\/div><div class=\"sgb-item\"><a href=\"https:\/\/www.cykloromantika.cz\/foto-2012-01-65\/\" target=\"_blank\"><img decoding=\"async\" alt=\"\" width=\"300\" height=\"200\" loading=\"lazy\" src=\"https:\/\/www.cykloromantika.cz\/wp-content\/uploads\/2022\/04\/foto-2012-01-65-300x200.jpg\" srcset=\"https:\/\/www.cykloromantika.cz\/wp-content\/uploads\/2022\/04\/foto-2012-01-65-300x200.jpg 300w,https:\/\/www.cykloromantika.cz\/wp-content\/uploads\/2022\/04\/foto-2012-01-65.jpg 1024w\" sizes=\"auto, 250px\"\/><\/a><div class=\"sgb-item-caption\"><em>Tady jsme s m\u00edstn\u00edmi pojedli i popili.:)<\/em><\/div><\/div><div class=\"sgb-item\"><a href=\"https:\/\/www.cykloromantika.cz\/foto-2012-01-66\/\" target=\"_blank\"><img decoding=\"async\" alt=\"\" width=\"200\" height=\"300\" loading=\"lazy\" src=\"https:\/\/www.cykloromantika.cz\/wp-content\/uploads\/2022\/04\/foto-2012-01-66-200x300.jpg\" srcset=\"https:\/\/www.cykloromantika.cz\/wp-content\/uploads\/2022\/04\/foto-2012-01-66-200x300.jpg 200w,https:\/\/www.cykloromantika.cz\/wp-content\/uploads\/2022\/04\/foto-2012-01-66.jpg 683w\" sizes=\"auto, 250px\"\/><\/a><div class=\"sgb-item-caption\"><em>Teprve 8. pivo?... nud\u00e1\u00e1\u00e1\u00e1\u00e1<\/em><\/div><\/div><div class=\"sgb-item\"><a href=\"https:\/\/www.cykloromantika.cz\/foto-2012-01-67\/\" target=\"_blank\"><img decoding=\"async\" alt=\"\" width=\"300\" height=\"200\" loading=\"lazy\" src=\"https:\/\/www.cykloromantika.cz\/wp-content\/uploads\/2022\/04\/foto-2012-01-67-300x200.jpg\" srcset=\"https:\/\/www.cykloromantika.cz\/wp-content\/uploads\/2022\/04\/foto-2012-01-67-300x200.jpg 300w,https:\/\/www.cykloromantika.cz\/wp-content\/uploads\/2022\/04\/foto-2012-01-67.jpg 1024w\" sizes=\"auto, 250px\"\/><\/a><div class=\"sgb-item-caption\"><em>O 3 ho\u010fky na t\u00e9m\u017ee m\u00edst\u011b! \ud83d\ude42<\/em><\/div><\/div><div class=\"sgb-item\"><a href=\"https:\/\/www.cykloromantika.cz\/foto-2012-01-68\/\" target=\"_blank\"><img decoding=\"async\" alt=\"\" width=\"300\" height=\"225\" loading=\"lazy\" src=\"https:\/\/www.cykloromantika.cz\/wp-content\/uploads\/2022\/04\/foto-2012-01-68-300x225.jpg\" srcset=\"https:\/\/www.cykloromantika.cz\/wp-content\/uploads\/2022\/04\/foto-2012-01-68-300x225.jpg 300w,https:\/\/www.cykloromantika.cz\/wp-content\/uploads\/2022\/04\/foto-2012-01-68.jpg 1024w\" sizes=\"auto, 250px\"\/><\/a><div class=\"sgb-item-caption\"><em>Hola\u0161ovick\u00e1 hosp\u016fdka a Rom\u00e1niu jako n\u00e1\u0161 nov\u00e1\u010dek.:)<\/em><\/div><\/div><div class=\"sgb-item\"><a href=\"https:\/\/www.cykloromantika.cz\/foto-2012-01-69\/\" target=\"_blank\"><img decoding=\"async\" alt=\"\" width=\"300\" height=\"225\" loading=\"lazy\" src=\"https:\/\/www.cykloromantika.cz\/wp-content\/uploads\/2022\/04\/foto-2012-01-69-300x225.jpg\" srcset=\"https:\/\/www.cykloromantika.cz\/wp-content\/uploads\/2022\/04\/foto-2012-01-69-300x225.jpg 300w,https:\/\/www.cykloromantika.cz\/wp-content\/uploads\/2022\/04\/foto-2012-01-69.jpg 1024w\" sizes=\"auto, 250px\"\/><\/a><div class=\"sgb-item-caption\"><em>Dru\u017eba v hosp\u016fdce:) Kr\u00e1sa, jak jsme si byli bl\u00edzko.:)<\/em><\/div><\/div><div class=\"sgb-item\"><a href=\"https:\/\/www.cykloromantika.cz\/foto-2012-01-70\/\" target=\"_blank\"><img decoding=\"async\" alt=\"\" width=\"300\" height=\"200\" loading=\"lazy\" src=\"https:\/\/www.cykloromantika.cz\/wp-content\/uploads\/2022\/04\/foto-2012-01-70-300x200.jpg\" srcset=\"https:\/\/www.cykloromantika.cz\/wp-content\/uploads\/2022\/04\/foto-2012-01-70-300x200.jpg 300w,https:\/\/www.cykloromantika.cz\/wp-content\/uploads\/2022\/04\/foto-2012-01-70.jpg 1024w\" sizes=\"auto, 250px\"\/><\/a><div class=\"sgb-item-caption\"><em>Krajinka Pod v\u00fdhledy na rozcest\u00ed \u0158eviny<\/em><\/div><\/div><div class=\"sgb-item\"><a href=\"https:\/\/www.cykloromantika.cz\/foto-2012-01-71\/\" target=\"_blank\"><img decoding=\"async\" alt=\"\" width=\"300\" height=\"200\" loading=\"lazy\" src=\"https:\/\/www.cykloromantika.cz\/wp-content\/uploads\/2022\/04\/foto-2012-01-71-300x200.jpg\" srcset=\"https:\/\/www.cykloromantika.cz\/wp-content\/uploads\/2022\/04\/foto-2012-01-71-300x200.jpg 300w,https:\/\/www.cykloromantika.cz\/wp-content\/uploads\/2022\/04\/foto-2012-01-71.jpg 1024w\" sizes=\"auto, 250px\"\/><\/a><div class=\"sgb-item-caption\"><em>Stoup\u00e1n\u00ed na Novou Ves<\/em><\/div><\/div><div class=\"sgb-item\"><a href=\"https:\/\/www.cykloromantika.cz\/foto-2012-01-72\/\" target=\"_blank\"><img decoding=\"async\" alt=\"\" width=\"300\" height=\"200\" loading=\"lazy\" src=\"https:\/\/www.cykloromantika.cz\/wp-content\/uploads\/2022\/04\/foto-2012-01-72-300x200.jpg\" srcset=\"https:\/\/www.cykloromantika.cz\/wp-content\/uploads\/2022\/04\/foto-2012-01-72-300x200.jpg 300w,https:\/\/www.cykloromantika.cz\/wp-content\/uploads\/2022\/04\/foto-2012-01-72.jpg 1024w\" sizes=\"auto, 250px\"\/><\/a><div class=\"sgb-item-caption\"><em>Rozcest\u00ed \u0158eviny<\/em><\/div><\/div><div class=\"sgb-item\"><a href=\"https:\/\/www.cykloromantika.cz\/foto-2012-01-73\/\" target=\"_blank\"><img decoding=\"async\" alt=\"\" width=\"300\" height=\"200\" loading=\"lazy\" src=\"https:\/\/www.cykloromantika.cz\/wp-content\/uploads\/2022\/04\/foto-2012-01-73-300x200.jpg\" srcset=\"https:\/\/www.cykloromantika.cz\/wp-content\/uploads\/2022\/04\/foto-2012-01-73-300x200.jpg 300w,https:\/\/www.cykloromantika.cz\/wp-content\/uploads\/2022\/04\/foto-2012-01-73.jpg 1024w\" sizes=\"auto, 250px\"\/><\/a><div class=\"sgb-item-caption\"><em>Rozcest\u00ed \u0158eviny<\/em><\/div><\/div><div class=\"sgb-item\"><a href=\"https:\/\/www.cykloromantika.cz\/foto-2012-01-74\/\" target=\"_blank\"><img decoding=\"async\" alt=\"\" width=\"300\" height=\"200\" loading=\"lazy\" src=\"https:\/\/www.cykloromantika.cz\/wp-content\/uploads\/2022\/04\/foto-2012-01-74-300x200.jpg\" srcset=\"https:\/\/www.cykloromantika.cz\/wp-content\/uploads\/2022\/04\/foto-2012-01-74-300x200.jpg 300w,https:\/\/www.cykloromantika.cz\/wp-content\/uploads\/2022\/04\/foto-2012-01-74.jpg 1024w\" sizes=\"auto, 250px\"\/><\/a><div class=\"sgb-item-caption\"><em>Buben\u00edci, p\u0159ijeli jsme z daleka:)<\/em><\/div><\/div><div class=\"sgb-item\"><a href=\"https:\/\/www.cykloromantika.cz\/foto-2012-01-75\/\" target=\"_blank\"><img decoding=\"async\" alt=\"\" width=\"300\" height=\"200\" loading=\"lazy\" src=\"https:\/\/www.cykloromantika.cz\/wp-content\/uploads\/2022\/04\/foto-2012-01-75-300x200.jpg\" srcset=\"https:\/\/www.cykloromantika.cz\/wp-content\/uploads\/2022\/04\/foto-2012-01-75-300x200.jpg 300w,https:\/\/www.cykloromantika.cz\/wp-content\/uploads\/2022\/04\/foto-2012-01-75.jpg 1024w\" sizes=\"auto, 250px\"\/><\/a><div class=\"sgb-item-caption\"><em>\u0158evinovsk\u00e9 bubnov\u00e1n\u00ed<\/em><\/div><\/div><div class=\"sgb-item\"><a href=\"https:\/\/www.cykloromantika.cz\/foto-2012-01-76\/\" target=\"_blank\"><img decoding=\"async\" alt=\"\" width=\"225\" height=\"300\" loading=\"lazy\" src=\"https:\/\/www.cykloromantika.cz\/wp-content\/uploads\/2022\/04\/foto-2012-01-76-225x300.jpg\" srcset=\"https:\/\/www.cykloromantika.cz\/wp-content\/uploads\/2022\/04\/foto-2012-01-76-225x300.jpg 225w,https:\/\/www.cykloromantika.cz\/wp-content\/uploads\/2022\/04\/foto-2012-01-76.jpg 768w\" sizes=\"auto, 250px\"\/><\/a><div class=\"sgb-item-caption\"><em>Zast\u00e1vka nad Novou Vs\u00ed byla t\u0159eba!<\/em><\/div><\/div><div class=\"sgb-item\"><a href=\"https:\/\/www.cykloromantika.cz\/foto-2012-01-77\/\" target=\"_blank\"><img decoding=\"async\" alt=\"\" width=\"300\" height=\"200\" loading=\"lazy\" src=\"https:\/\/www.cykloromantika.cz\/wp-content\/uploads\/2022\/04\/foto-2012-01-77-300x200.jpg\" srcset=\"https:\/\/www.cykloromantika.cz\/wp-content\/uploads\/2022\/04\/foto-2012-01-77-300x200.jpg 300w,https:\/\/www.cykloromantika.cz\/wp-content\/uploads\/2022\/04\/foto-2012-01-77.jpg 1024w\" sizes=\"auto, 250px\"\/><\/a><div class=\"sgb-item-caption\"><em>Tak tomuto se \u0159\u00edk\u00e1 tot\u00e1ln\u00ed slivovicov\u00fd efekt... Nejede to! \ud83d\ude42<\/em><\/div><\/div><div class=\"sgb-item\"><a href=\"https:\/\/www.cykloromantika.cz\/foto-2012-01-78\/\" target=\"_blank\"><img decoding=\"async\" alt=\"\" width=\"300\" height=\"200\" loading=\"lazy\" src=\"https:\/\/www.cykloromantika.cz\/wp-content\/uploads\/2022\/04\/foto-2012-01-78-300x200.jpg\" srcset=\"https:\/\/www.cykloromantika.cz\/wp-content\/uploads\/2022\/04\/foto-2012-01-78-300x200.jpg 300w,https:\/\/www.cykloromantika.cz\/wp-content\/uploads\/2022\/04\/foto-2012-01-78.jpg 1024w\" sizes=\"auto, 250px\"\/><\/a><div class=\"sgb-item-caption\"><em>Cesti\u010dka na Novou Ves... nikde nikdo, ani pes!<\/em><\/div><\/div><div class=\"sgb-item\"><a href=\"https:\/\/www.cykloromantika.cz\/foto-2012-01-79\/\" target=\"_blank\"><img decoding=\"async\" alt=\"\" width=\"300\" height=\"200\" loading=\"lazy\" src=\"https:\/\/www.cykloromantika.cz\/wp-content\/uploads\/2022\/04\/foto-2012-01-79-300x200.jpg\" srcset=\"https:\/\/www.cykloromantika.cz\/wp-content\/uploads\/2022\/04\/foto-2012-01-79-300x200.jpg 300w,https:\/\/www.cykloromantika.cz\/wp-content\/uploads\/2022\/04\/foto-2012-01-79.jpg 1024w\" sizes=\"auto, 250px\"\/><\/a><div class=\"sgb-item-caption\"><em>13. komnata Bohumila Form\u00e1nka \ud83d\ude42<\/em><\/div><\/div><div class=\"sgb-item\"><a href=\"https:\/\/www.cykloromantika.cz\/foto-2012-01-80\/\" target=\"_blank\"><img decoding=\"async\" alt=\"\" width=\"300\" height=\"200\" loading=\"lazy\" src=\"https:\/\/www.cykloromantika.cz\/wp-content\/uploads\/2022\/04\/foto-2012-01-80-300x200.jpg\" srcset=\"https:\/\/www.cykloromantika.cz\/wp-content\/uploads\/2022\/04\/foto-2012-01-80-300x200.jpg 300w,https:\/\/www.cykloromantika.cz\/wp-content\/uploads\/2022\/04\/foto-2012-01-80.jpg 1024w\" sizes=\"auto, 250px\"\/><\/a><div class=\"sgb-item-caption\"><em>Krajinka okolo Nov\u00e9 Vsi<\/em><\/div><\/div><div class=\"sgb-item\"><a href=\"https:\/\/www.cykloromantika.cz\/foto-2012-01-81\/\" target=\"_blank\"><img decoding=\"async\" alt=\"\" width=\"300\" height=\"200\" loading=\"lazy\" src=\"https:\/\/www.cykloromantika.cz\/wp-content\/uploads\/2022\/04\/foto-2012-01-81-300x200.jpg\" srcset=\"https:\/\/www.cykloromantika.cz\/wp-content\/uploads\/2022\/04\/foto-2012-01-81-300x200.jpg 300w,https:\/\/www.cykloromantika.cz\/wp-content\/uploads\/2022\/04\/foto-2012-01-81.jpg 1024w\" sizes=\"auto, 250px\"\/><\/a><div class=\"sgb-item-caption\"><em>Krajinka okolo Nov\u00e9 Vsi<\/em><\/div><\/div><div class=\"sgb-item\"><a href=\"https:\/\/www.cykloromantika.cz\/foto-2012-01-82\/\" target=\"_blank\"><img decoding=\"async\" alt=\"\" width=\"300\" height=\"200\" loading=\"lazy\" src=\"https:\/\/www.cykloromantika.cz\/wp-content\/uploads\/2022\/04\/foto-2012-01-82-300x200.jpg\" srcset=\"https:\/\/www.cykloromantika.cz\/wp-content\/uploads\/2022\/04\/foto-2012-01-82-300x200.jpg 300w,https:\/\/www.cykloromantika.cz\/wp-content\/uploads\/2022\/04\/foto-2012-01-82.jpg 1024w\" sizes=\"auto, 250px\"\/><\/a><div class=\"sgb-item-caption\"><em>Nov\u00e1 ves \u2013 v\u00fdhled na rybn\u00ed\u010dek<\/em><\/div><\/div><div class=\"sgb-item\"><a href=\"https:\/\/www.cykloromantika.cz\/foto-2012-01-83\/\" target=\"_blank\"><img decoding=\"async\" alt=\"\" width=\"300\" height=\"200\" loading=\"lazy\" src=\"https:\/\/www.cykloromantika.cz\/wp-content\/uploads\/2022\/04\/foto-2012-01-83-300x200.jpg\" srcset=\"https:\/\/www.cykloromantika.cz\/wp-content\/uploads\/2022\/04\/foto-2012-01-83-300x200.jpg 300w,https:\/\/www.cykloromantika.cz\/wp-content\/uploads\/2022\/04\/foto-2012-01-83.jpg 1024w\" sizes=\"auto, 250px\"\/><\/a><div class=\"sgb-item-caption\"><em>Tak jak n\u00e1s Adam stvo\u0159il! \ud83d\ude42<\/em><\/div><\/div><div class=\"sgb-item\"><a href=\"https:\/\/www.cykloromantika.cz\/foto-2012-01-84\/\" target=\"_blank\"><img decoding=\"async\" alt=\"\" width=\"300\" height=\"200\" loading=\"lazy\" src=\"https:\/\/www.cykloromantika.cz\/wp-content\/uploads\/2022\/04\/foto-2012-01-84-300x200.jpg\" srcset=\"https:\/\/www.cykloromantika.cz\/wp-content\/uploads\/2022\/04\/foto-2012-01-84-300x200.jpg 300w,https:\/\/www.cykloromantika.cz\/wp-content\/uploads\/2022\/04\/foto-2012-01-84.jpg 1024w\" sizes=\"auto, 250px\"\/><\/a><div class=\"sgb-item-caption\"><em>Nov\u00e1 ves... hele rybn\u00edk... tak to bez \ud83d\ude42<\/em><\/div><\/div><div class=\"sgb-item\"><a href=\"https:\/\/www.cykloromantika.cz\/foto-2012-01-85\/\" target=\"_blank\"><img decoding=\"async\" alt=\"\" width=\"300\" height=\"225\" loading=\"lazy\" src=\"https:\/\/www.cykloromantika.cz\/wp-content\/uploads\/2022\/04\/foto-2012-01-85-300x225.jpg\" srcset=\"https:\/\/www.cykloromantika.cz\/wp-content\/uploads\/2022\/04\/foto-2012-01-85-300x225.jpg 300w,https:\/\/www.cykloromantika.cz\/wp-content\/uploads\/2022\/04\/foto-2012-01-85.jpg 1024w\" sizes=\"auto, 250px\"\/><\/a><div class=\"sgb-item-caption\"><em>Slun\u00ed\u010dko a ohniv\u00e1 voda... kopec... to nen\u00ed dobr\u00fd n\u00e1pad!:)<\/em><\/div><\/div><div class=\"sgb-item\"><a href=\"https:\/\/www.cykloromantika.cz\/foto-2012-01-86\/\" target=\"_blank\"><img decoding=\"async\" alt=\"\" width=\"300\" height=\"200\" loading=\"lazy\" src=\"https:\/\/www.cykloromantika.cz\/wp-content\/uploads\/2022\/04\/foto-2012-01-86-300x200.jpg\" srcset=\"https:\/\/www.cykloromantika.cz\/wp-content\/uploads\/2022\/04\/foto-2012-01-86-300x200.jpg 300w,https:\/\/www.cykloromantika.cz\/wp-content\/uploads\/2022\/04\/foto-2012-01-86.jpg 1024w\" sizes=\"auto, 250px\"\/><\/a><div class=\"sgb-item-caption\"><em>Cesti\u010dka sm\u011brem k Brlohu<\/em><\/div><\/div><div class=\"sgb-item\"><a href=\"https:\/\/www.cykloromantika.cz\/foto-2012-01-87\/\" target=\"_blank\"><img decoding=\"async\" alt=\"\" width=\"300\" height=\"200\" loading=\"lazy\" src=\"https:\/\/www.cykloromantika.cz\/wp-content\/uploads\/2022\/04\/foto-2012-01-87-300x200.jpg\" srcset=\"https:\/\/www.cykloromantika.cz\/wp-content\/uploads\/2022\/04\/foto-2012-01-87-300x200.jpg 300w,https:\/\/www.cykloromantika.cz\/wp-content\/uploads\/2022\/04\/foto-2012-01-87.jpg 1024w\" sizes=\"auto, 250px\"\/><\/a><div class=\"sgb-item-caption\"><em>U\u017e se bl\u00ed\u017e\u00edme k na\u0161emu m\u00edste\u010dku k span\u00ed \u2013 Brlohu.<\/em><\/div><\/div><\/div><\/noscript><\/div><script type=\"application\/json\" class=\"sgb-data\">{\"lastRowFill\":true,\"collectionThumbRecomendedHeight\":300,\"collectionThumbMiniScreenScale\":true,\"captionHAlign\":\"bottom\",\"collectionthumbHoverTitleFontSize\":12,\"collectionthumbRoundedCorners\":8,\"collectionthumbHoverTitleTextBgColor\":\"rgba(0,0,0,0.44)\",\"collectionThumbSubMenuShare\":false,\"galleryType\":\"pgc_sgb_justified\",\"galleryId\":\"86981923\",\"galleryQuery\":null,\"images\":[{\"id\":6296,\"title\":\"Foto 2012 01 01\",\"url\":\"https:\/\/www.cykloromantika.cz\/wp-content\/uploads\/2022\/04\/foto-2012-01-01.jpg\",\"link\":\"https:\/\/www.cykloromantika.cz\/foto-2012-01-01\/\",\"alt\":\"\",\"description\":\"\",\"caption\":\"Ostravsk\u00e9 hlavn\u00ed n\u00e1dra\u017e\u00ed o p\u016flnoci\",\"mime\":\"image\/jpeg\",\"type\":\"image\",\"width\":1024,\"height\":683,\"sizes\":{\"thumbnail\":{\"height\":100,\"width\":150,\"url\":\"https:\/\/www.cykloromantika.cz\/wp-content\/uploads\/2022\/04\/foto-2012-01-01-150x100.jpg\",\"orientation\":\"landscape\"},\"medium\":{\"height\":200,\"width\":300,\"url\":\"https:\/\/www.cykloromantika.cz\/wp-content\/uploads\/2022\/04\/foto-2012-01-01-300x200.jpg\",\"orientation\":\"landscape\"},\"full\":{\"url\":\"https:\/\/www.cykloromantika.cz\/wp-content\/uploads\/2022\/04\/foto-2012-01-01.jpg\",\"height\":683,\"width\":1024,\"orientation\":\"landscape\"}},\"meta\":false,\"postlink\":\"https:\/\/www.cykloromantika.cz\/foto-2012-01-01\/\"},{\"id\":6297,\"title\":\"Foto 2012 01 02\",\"url\":\"https:\/\/www.cykloromantika.cz\/wp-content\/uploads\/2022\/04\/foto-2012-01-02.jpg\",\"link\":\"https:\/\/www.cykloromantika.cz\/foto-2012-01-02\/\",\"alt\":\"\",\"description\":\"\",\"caption\":\"Choutky m\u00e1me ka\u017ed\u00fd... n\u011bkte\u0159\u00ed neudr\u017eiteln\u00e9!:)\",\"mime\":\"image\/jpeg\",\"type\":\"image\",\"width\":1024,\"height\":683,\"sizes\":{\"thumbnail\":{\"height\":100,\"width\":150,\"url\":\"https:\/\/www.cykloromantika.cz\/wp-content\/uploads\/2022\/04\/foto-2012-01-02-150x100.jpg\",\"orientation\":\"landscape\"},\"medium\":{\"height\":200,\"width\":300,\"url\":\"https:\/\/www.cykloromantika.cz\/wp-content\/uploads\/2022\/04\/foto-2012-01-02-300x200.jpg\",\"orientation\":\"landscape\"},\"full\":{\"url\":\"https:\/\/www.cykloromantika.cz\/wp-content\/uploads\/2022\/04\/foto-2012-01-02.jpg\",\"height\":683,\"width\":1024,\"orientation\":\"landscape\"}},\"meta\":false,\"postlink\":\"https:\/\/www.cykloromantika.cz\/foto-2012-01-02\/\"},{\"id\":6298,\"title\":\"Foto 2012 01 03\",\"url\":\"https:\/\/www.cykloromantika.cz\/wp-content\/uploads\/2022\/04\/foto-2012-01-03.jpg\",\"link\":\"https:\/\/www.cykloromantika.cz\/foto-2012-01-03\/\",\"alt\":\"\",\"description\":\"\",\"caption\":\"Bobo bohu\u017eel fot\u00ed... Ale je tam s n\u00e1mi. Ostrava hlavn\u00ed n\u00e1dra\u017e\u00ed:)\",\"mime\":\"image\/jpeg\",\"type\":\"image\",\"width\":1024,\"height\":768,\"sizes\":{\"thumbnail\":{\"height\":113,\"width\":150,\"url\":\"https:\/\/www.cykloromantika.cz\/wp-content\/uploads\/2022\/04\/foto-2012-01-03-150x113.jpg\",\"orientation\":\"landscape\"},\"medium\":{\"height\":225,\"width\":300,\"url\":\"https:\/\/www.cykloromantika.cz\/wp-content\/uploads\/2022\/04\/foto-2012-01-03-300x225.jpg\",\"orientation\":\"landscape\"},\"full\":{\"url\":\"https:\/\/www.cykloromantika.cz\/wp-content\/uploads\/2022\/04\/foto-2012-01-03.jpg\",\"height\":768,\"width\":1024,\"orientation\":\"landscape\"}},\"meta\":false,\"postlink\":\"https:\/\/www.cykloromantika.cz\/foto-2012-01-03\/\"},{\"id\":6299,\"title\":\"Foto 2012 01 04\",\"url\":\"https:\/\/www.cykloromantika.cz\/wp-content\/uploads\/2022\/04\/foto-2012-01-04.jpg\",\"link\":\"https:\/\/www.cykloromantika.cz\/foto-2012-01-04\/\",\"alt\":\"\",\"description\":\"\",\"caption\":\"Vladimir i Dragomir.... i pohadka o l\u00fd\u0161ce R\u00fd\u0161ce:)\",\"mime\":\"image\/jpeg\",\"type\":\"image\",\"width\":1024,\"height\":768,\"sizes\":{\"thumbnail\":{\"height\":113,\"width\":150,\"url\":\"https:\/\/www.cykloromantika.cz\/wp-content\/uploads\/2022\/04\/foto-2012-01-04-150x113.jpg\",\"orientation\":\"landscape\"},\"medium\":{\"height\":225,\"width\":300,\"url\":\"https:\/\/www.cykloromantika.cz\/wp-content\/uploads\/2022\/04\/foto-2012-01-04-300x225.jpg\",\"orientation\":\"landscape\"},\"full\":{\"url\":\"https:\/\/www.cykloromantika.cz\/wp-content\/uploads\/2022\/04\/foto-2012-01-04.jpg\",\"height\":768,\"width\":1024,\"orientation\":\"landscape\"}},\"meta\":false,\"postlink\":\"https:\/\/www.cykloromantika.cz\/foto-2012-01-04\/\"},{\"id\":6300,\"title\":\"Foto 2012 01 05\",\"url\":\"https:\/\/www.cykloromantika.cz\/wp-content\/uploads\/2022\/04\/foto-2012-01-05.jpg\",\"link\":\"https:\/\/www.cykloromantika.cz\/foto-2012-01-05\/\",\"alt\":\"\",\"description\":\"\",\"caption\":\"Po roce op\u011bt na hlavn\u00edm n\u00e1dra\u017e\u00ed v Praze... :)\",\"mime\":\"image\/jpeg\",\"type\":\"image\",\"width\":683,\"height\":1024,\"sizes\":{\"thumbnail\":{\"height\":150,\"width\":100,\"url\":\"https:\/\/www.cykloromantika.cz\/wp-content\/uploads\/2022\/04\/foto-2012-01-05-100x150.jpg\",\"orientation\":\"portrait\"},\"medium\":{\"height\":300,\"width\":200,\"url\":\"https:\/\/www.cykloromantika.cz\/wp-content\/uploads\/2022\/04\/foto-2012-01-05-200x300.jpg\",\"orientation\":\"portrait\"},\"full\":{\"url\":\"https:\/\/www.cykloromantika.cz\/wp-content\/uploads\/2022\/04\/foto-2012-01-05.jpg\",\"height\":1024,\"width\":683,\"orientation\":\"portrait\"}},\"meta\":false,\"postlink\":\"https:\/\/www.cykloromantika.cz\/foto-2012-01-05\/\"},{\"id\":6301,\"title\":\"Foto 2012 01 06\",\"url\":\"https:\/\/www.cykloromantika.cz\/wp-content\/uploads\/2022\/04\/foto-2012-01-06.jpg\",\"link\":\"https:\/\/www.cykloromantika.cz\/foto-2012-01-06\/\",\"alt\":\"\",\"description\":\"\",\"caption\":\"\u00danava se dostavila.:)\",\"mime\":\"image\/jpeg\",\"type\":\"image\",\"width\":683,\"height\":1024,\"sizes\":{\"thumbnail\":{\"height\":150,\"width\":100,\"url\":\"https:\/\/www.cykloromantika.cz\/wp-content\/uploads\/2022\/04\/foto-2012-01-06-100x150.jpg\",\"orientation\":\"portrait\"},\"medium\":{\"height\":300,\"width\":200,\"url\":\"https:\/\/www.cykloromantika.cz\/wp-content\/uploads\/2022\/04\/foto-2012-01-06-200x300.jpg\",\"orientation\":\"portrait\"},\"full\":{\"url\":\"https:\/\/www.cykloromantika.cz\/wp-content\/uploads\/2022\/04\/foto-2012-01-06.jpg\",\"height\":1024,\"width\":683,\"orientation\":\"portrait\"}},\"meta\":false,\"postlink\":\"https:\/\/www.cykloromantika.cz\/foto-2012-01-06\/\"},{\"id\":6302,\"title\":\"Foto 2012 01 07\",\"url\":\"https:\/\/www.cykloromantika.cz\/wp-content\/uploads\/2022\/04\/foto-2012-01-07.jpg\",\"link\":\"https:\/\/www.cykloromantika.cz\/foto-2012-01-07\/\",\"alt\":\"\",\"description\":\"\",\"caption\":\"Ob\u017eivl\u00e9 z Karlova mostu sochy\",\"mime\":\"image\/jpeg\",\"type\":\"image\",\"width\":768,\"height\":1024,\"sizes\":{\"thumbnail\":{\"height\":150,\"width\":113,\"url\":\"https:\/\/www.cykloromantika.cz\/wp-content\/uploads\/2022\/04\/foto-2012-01-07-113x150.jpg\",\"orientation\":\"portrait\"},\"medium\":{\"height\":300,\"width\":225,\"url\":\"https:\/\/www.cykloromantika.cz\/wp-content\/uploads\/2022\/04\/foto-2012-01-07-225x300.jpg\",\"orientation\":\"portrait\"},\"full\":{\"url\":\"https:\/\/www.cykloromantika.cz\/wp-content\/uploads\/2022\/04\/foto-2012-01-07.jpg\",\"height\":1024,\"width\":768,\"orientation\":\"portrait\"}},\"meta\":false,\"postlink\":\"https:\/\/www.cykloromantika.cz\/foto-2012-01-07\/\"},{\"id\":6303,\"title\":\"Foto 2012 01 08\",\"url\":\"https:\/\/www.cykloromantika.cz\/wp-content\/uploads\/2022\/04\/foto-2012-01-08.jpg\",\"link\":\"https:\/\/www.cykloromantika.cz\/foto-2012-01-08\/\",\"alt\":\"\",\"description\":\"\",\"caption\":\"Siluety\",\"mime\":\"image\/jpeg\",\"type\":\"image\",\"width\":1024,\"height\":768,\"sizes\":{\"thumbnail\":{\"height\":113,\"width\":150,\"url\":\"https:\/\/www.cykloromantika.cz\/wp-content\/uploads\/2022\/04\/foto-2012-01-08-150x113.jpg\",\"orientation\":\"landscape\"},\"medium\":{\"height\":225,\"width\":300,\"url\":\"https:\/\/www.cykloromantika.cz\/wp-content\/uploads\/2022\/04\/foto-2012-01-08-300x225.jpg\",\"orientation\":\"landscape\"},\"full\":{\"url\":\"https:\/\/www.cykloromantika.cz\/wp-content\/uploads\/2022\/04\/foto-2012-01-08.jpg\",\"height\":768,\"width\":1024,\"orientation\":\"landscape\"}},\"meta\":false,\"postlink\":\"https:\/\/www.cykloromantika.cz\/foto-2012-01-08\/\"},{\"id\":6548,\"title\":\"Foto 2012 01 09\",\"url\":\"https:\/\/www.cykloromantika.cz\/wp-content\/uploads\/2022\/04\/foto-2012-01-09.jpg\",\"link\":\"https:\/\/www.cykloromantika.cz\/foto-2012-01-09\/\",\"alt\":\"\",\"description\":\"\",\"caption\":\"Fe\u0161\u00e1ci na rann\u00edm pikniku na Karlov\u011b most\u011b.:)\",\"mime\":\"image\/jpeg\",\"type\":\"image\",\"width\":1024,\"height\":768,\"sizes\":{\"thumbnail\":{\"height\":113,\"width\":150,\"url\":\"https:\/\/www.cykloromantika.cz\/wp-content\/uploads\/2022\/04\/foto-2012-01-09-150x113.jpg\",\"orientation\":\"landscape\"},\"medium\":{\"height\":225,\"width\":300,\"url\":\"https:\/\/www.cykloromantika.cz\/wp-content\/uploads\/2022\/04\/foto-2012-01-09-300x225.jpg\",\"orientation\":\"landscape\"},\"full\":{\"url\":\"https:\/\/www.cykloromantika.cz\/wp-content\/uploads\/2022\/04\/foto-2012-01-09.jpg\",\"height\":768,\"width\":1024,\"orientation\":\"landscape\"}},\"meta\":false,\"postlink\":\"https:\/\/www.cykloromantika.cz\/foto-2012-01-09\/\"},{\"id\":6551,\"title\":\"Foto 2012 01 10\",\"url\":\"https:\/\/www.cykloromantika.cz\/wp-content\/uploads\/2022\/04\/foto-2012-01-10.jpg\",\"link\":\"https:\/\/www.cykloromantika.cz\/foto-2012-01-10\/\",\"alt\":\"\",\"description\":\"\",\"caption\":\"Pust\u00fd Karl\u016fv most\",\"mime\":\"image\/jpeg\",\"type\":\"image\",\"width\":1024,\"height\":683,\"sizes\":{\"thumbnail\":{\"height\":100,\"width\":150,\"url\":\"https:\/\/www.cykloromantika.cz\/wp-content\/uploads\/2022\/04\/foto-2012-01-10-150x100.jpg\",\"orientation\":\"landscape\"},\"medium\":{\"height\":200,\"width\":300,\"url\":\"https:\/\/www.cykloromantika.cz\/wp-content\/uploads\/2022\/04\/foto-2012-01-10-300x200.jpg\",\"orientation\":\"landscape\"},\"full\":{\"url\":\"https:\/\/www.cykloromantika.cz\/wp-content\/uploads\/2022\/04\/foto-2012-01-10.jpg\",\"height\":683,\"width\":1024,\"orientation\":\"landscape\"}},\"meta\":false,\"postlink\":\"https:\/\/www.cykloromantika.cz\/foto-2012-01-10\/\"},{\"id\":6552,\"title\":\"Foto 2012 01 11\",\"url\":\"https:\/\/www.cykloromantika.cz\/wp-content\/uploads\/2022\/04\/foto-2012-01-11.jpg\",\"link\":\"https:\/\/www.cykloromantika.cz\/foto-2012-01-11\/\",\"alt\":\"\",\"description\":\"\",\"caption\":\"Rozd\u00edl 20 minut :) V\u00fdchod slun\u00ed\u010dka :)\",\"mime\":\"image\/jpeg\",\"type\":\"image\",\"width\":1024,\"height\":683,\"sizes\":{\"thumbnail\":{\"height\":100,\"width\":150,\"url\":\"https:\/\/www.cykloromantika.cz\/wp-content\/uploads\/2022\/04\/foto-2012-01-11-150x100.jpg\",\"orientation\":\"landscape\"},\"medium\":{\"height\":200,\"width\":300,\"url\":\"https:\/\/www.cykloromantika.cz\/wp-content\/uploads\/2022\/04\/foto-2012-01-11-300x200.jpg\",\"orientation\":\"landscape\"},\"full\":{\"url\":\"https:\/\/www.cykloromantika.cz\/wp-content\/uploads\/2022\/04\/foto-2012-01-11.jpg\",\"height\":683,\"width\":1024,\"orientation\":\"landscape\"}},\"meta\":false,\"postlink\":\"https:\/\/www.cykloromantika.cz\/foto-2012-01-11\/\"},{\"id\":6308,\"title\":\"Foto 2012 01 14\",\"url\":\"https:\/\/www.cykloromantika.cz\/wp-content\/uploads\/2022\/04\/foto-2012-01-14.jpg\",\"link\":\"https:\/\/www.cykloromantika.cz\/foto-2012-01-14\/\",\"alt\":\"\",\"description\":\"\",\"caption\":\"Je pravda, \u017ee jsme se z vlaku vysypali! \u010cesk\u00e9 Bud\u011bjovice.\",\"mime\":\"image\/jpeg\",\"type\":\"image\",\"width\":1024,\"height\":683,\"sizes\":{\"thumbnail\":{\"height\":100,\"width\":150,\"url\":\"https:\/\/www.cykloromantika.cz\/wp-content\/uploads\/2022\/04\/foto-2012-01-14-150x100.jpg\",\"orientation\":\"landscape\"},\"medium\":{\"height\":200,\"width\":300,\"url\":\"https:\/\/www.cykloromantika.cz\/wp-content\/uploads\/2022\/04\/foto-2012-01-14-300x200.jpg\",\"orientation\":\"landscape\"},\"full\":{\"url\":\"https:\/\/www.cykloromantika.cz\/wp-content\/uploads\/2022\/04\/foto-2012-01-14.jpg\",\"height\":683,\"width\":1024,\"orientation\":\"landscape\"}},\"meta\":false,\"postlink\":\"https:\/\/www.cykloromantika.cz\/foto-2012-01-14\/\"},{\"id\":6309,\"title\":\"Foto 2012 01 15\",\"url\":\"https:\/\/www.cykloromantika.cz\/wp-content\/uploads\/2022\/04\/foto-2012-01-15.jpg\",\"link\":\"https:\/\/www.cykloromantika.cz\/foto-2012-01-15\/\",\"alt\":\"\",\"description\":\"\",\"caption\":\"Ani o\u010di\u010dka jsme nezamhou\u0159ili.:)\",\"mime\":\"image\/jpeg\",\"type\":\"image\",\"width\":1024,\"height\":768,\"sizes\":{\"thumbnail\":{\"height\":113,\"width\":150,\"url\":\"https:\/\/www.cykloromantika.cz\/wp-content\/uploads\/2022\/04\/foto-2012-01-15-150x113.jpg\",\"orientation\":\"landscape\"},\"medium\":{\"height\":225,\"width\":300,\"url\":\"https:\/\/www.cykloromantika.cz\/wp-content\/uploads\/2022\/04\/foto-2012-01-15-300x225.jpg\",\"orientation\":\"landscape\"},\"full\":{\"url\":\"https:\/\/www.cykloromantika.cz\/wp-content\/uploads\/2022\/04\/foto-2012-01-15.jpg\",\"height\":768,\"width\":1024,\"orientation\":\"landscape\"}},\"meta\":false,\"postlink\":\"https:\/\/www.cykloromantika.cz\/foto-2012-01-15\/\"},{\"id\":6310,\"title\":\"Foto 2012 01 16\",\"url\":\"https:\/\/www.cykloromantika.cz\/wp-content\/uploads\/2022\/04\/foto-2012-01-16.jpg\",\"link\":\"https:\/\/www.cykloromantika.cz\/foto-2012-01-16\/\",\"alt\":\"\",\"description\":\"\",\"caption\":\"Pro n\u011bkter\u00e9, kdo si nedomysl\u00ed... \u010cesk\u00e9 Bud\u011bjovice :)\",\"mime\":\"image\/jpeg\",\"type\":\"image\",\"width\":1024,\"height\":768,\"sizes\":{\"thumbnail\":{\"height\":113,\"width\":150,\"url\":\"https:\/\/www.cykloromantika.cz\/wp-content\/uploads\/2022\/04\/foto-2012-01-16-150x113.jpg\",\"orientation\":\"landscape\"},\"medium\":{\"height\":225,\"width\":300,\"url\":\"https:\/\/www.cykloromantika.cz\/wp-content\/uploads\/2022\/04\/foto-2012-01-16-300x225.jpg\",\"orientation\":\"landscape\"},\"full\":{\"url\":\"https:\/\/www.cykloromantika.cz\/wp-content\/uploads\/2022\/04\/foto-2012-01-16.jpg\",\"height\":768,\"width\":1024,\"orientation\":\"landscape\"}},\"meta\":false,\"postlink\":\"https:\/\/www.cykloromantika.cz\/foto-2012-01-16\/\"},{\"id\":6311,\"title\":\"Foto 2012 01 17\",\"url\":\"https:\/\/www.cykloromantika.cz\/wp-content\/uploads\/2022\/04\/foto-2012-01-17.jpg\",\"link\":\"https:\/\/www.cykloromantika.cz\/foto-2012-01-17\/\",\"alt\":\"\",\"description\":\"\",\"caption\":\"Klasick\u00e1 cyklov\u00fdbava t\u00e9 doby. Gumcuk \u2013 z\u00e1klad v\u0161eho byt\u00ed :)\",\"mime\":\"image\/jpeg\",\"type\":\"image\",\"width\":1024,\"height\":683,\"sizes\":{\"thumbnail\":{\"height\":100,\"width\":150,\"url\":\"https:\/\/www.cykloromantika.cz\/wp-content\/uploads\/2022\/04\/foto-2012-01-17-150x100.jpg\",\"orientation\":\"landscape\"},\"medium\":{\"height\":200,\"width\":300,\"url\":\"https:\/\/www.cykloromantika.cz\/wp-content\/uploads\/2022\/04\/foto-2012-01-17-300x200.jpg\",\"orientation\":\"landscape\"},\"full\":{\"url\":\"https:\/\/www.cykloromantika.cz\/wp-content\/uploads\/2022\/04\/foto-2012-01-17.jpg\",\"height\":683,\"width\":1024,\"orientation\":\"landscape\"}},\"meta\":false,\"postlink\":\"https:\/\/www.cykloromantika.cz\/foto-2012-01-17\/\"},{\"id\":6312,\"title\":\"Foto 2012 01 18\",\"url\":\"https:\/\/www.cykloromantika.cz\/wp-content\/uploads\/2022\/04\/foto-2012-01-18.jpg\",\"link\":\"https:\/\/www.cykloromantika.cz\/foto-2012-01-18\/\",\"alt\":\"\",\"description\":\"\",\"caption\":\"Posledn\u00ed voda na dal\u0161\u00ed 4 dny :)\",\"mime\":\"image\/jpeg\",\"type\":\"image\",\"width\":1024,\"height\":768,\"sizes\":{\"thumbnail\":{\"height\":113,\"width\":150,\"url\":\"https:\/\/www.cykloromantika.cz\/wp-content\/uploads\/2022\/04\/foto-2012-01-18-150x113.jpg\",\"orientation\":\"landscape\"},\"medium\":{\"height\":225,\"width\":300,\"url\":\"https:\/\/www.cykloromantika.cz\/wp-content\/uploads\/2022\/04\/foto-2012-01-18-300x225.jpg\",\"orientation\":\"landscape\"},\"full\":{\"url\":\"https:\/\/www.cykloromantika.cz\/wp-content\/uploads\/2022\/04\/foto-2012-01-18.jpg\",\"height\":768,\"width\":1024,\"orientation\":\"landscape\"}},\"meta\":false,\"postlink\":\"https:\/\/www.cykloromantika.cz\/foto-2012-01-18\/\"},{\"id\":6313,\"title\":\"Foto 2012 01 19\",\"url\":\"https:\/\/www.cykloromantika.cz\/wp-content\/uploads\/2022\/04\/foto-2012-01-19.jpg\",\"link\":\"https:\/\/www.cykloromantika.cz\/foto-2012-01-19\/\",\"alt\":\"\",\"description\":\"\",\"caption\":\"Endemick\u00fd druh... Vyfocen poprv\u00e9 na\u017eivo...\",\"mime\":\"image\/jpeg\",\"type\":\"image\",\"width\":1024,\"height\":768,\"sizes\":{\"thumbnail\":{\"height\":113,\"width\":150,\"url\":\"https:\/\/www.cykloromantika.cz\/wp-content\/uploads\/2022\/04\/foto-2012-01-19-150x113.jpg\",\"orientation\":\"landscape\"},\"medium\":{\"height\":225,\"width\":300,\"url\":\"https:\/\/www.cykloromantika.cz\/wp-content\/uploads\/2022\/04\/foto-2012-01-19-300x225.jpg\",\"orientation\":\"landscape\"},\"full\":{\"url\":\"https:\/\/www.cykloromantika.cz\/wp-content\/uploads\/2022\/04\/foto-2012-01-19.jpg\",\"height\":768,\"width\":1024,\"orientation\":\"landscape\"}},\"meta\":false,\"postlink\":\"https:\/\/www.cykloromantika.cz\/foto-2012-01-19\/\"},{\"id\":6314,\"title\":\"Foto 2012 01 20\",\"url\":\"https:\/\/www.cykloromantika.cz\/wp-content\/uploads\/2022\/04\/foto-2012-01-20.jpg\",\"link\":\"https:\/\/www.cykloromantika.cz\/foto-2012-01-20\/\",\"alt\":\"\",\"description\":\"\",\"caption\":\"Po p\u011b\u0161\u00ed z\u00f3n\u011b zat\u00edm tla\u010d\u00edme!\",\"mime\":\"image\/jpeg\",\"type\":\"image\",\"width\":1024,\"height\":768,\"sizes\":{\"thumbnail\":{\"height\":113,\"width\":150,\"url\":\"https:\/\/www.cykloromantika.cz\/wp-content\/uploads\/2022\/04\/foto-2012-01-20-150x113.jpg\",\"orientation\":\"landscape\"},\"medium\":{\"height\":225,\"width\":300,\"url\":\"https:\/\/www.cykloromantika.cz\/wp-content\/uploads\/2022\/04\/foto-2012-01-20-300x225.jpg\",\"orientation\":\"landscape\"},\"full\":{\"url\":\"https:\/\/www.cykloromantika.cz\/wp-content\/uploads\/2022\/04\/foto-2012-01-20.jpg\",\"height\":768,\"width\":1024,\"orientation\":\"landscape\"}},\"meta\":false,\"postlink\":\"https:\/\/www.cykloromantika.cz\/foto-2012-01-20\/\"},{\"id\":6315,\"title\":\"Foto 2012 01 21\",\"url\":\"https:\/\/www.cykloromantika.cz\/wp-content\/uploads\/2022\/04\/foto-2012-01-21.jpg\",\"link\":\"https:\/\/www.cykloromantika.cz\/foto-2012-01-21\/\",\"alt\":\"\",\"description\":\"\",\"caption\":\"Ond\u0159ej Puklice ze Vztuh\",\"mime\":\"image\/jpeg\",\"type\":\"image\",\"width\":1024,\"height\":768,\"sizes\":{\"thumbnail\":{\"height\":113,\"width\":150,\"url\":\"https:\/\/www.cykloromantika.cz\/wp-content\/uploads\/2022\/04\/foto-2012-01-21-150x113.jpg\",\"orientation\":\"landscape\"},\"medium\":{\"height\":225,\"width\":300,\"url\":\"https:\/\/www.cykloromantika.cz\/wp-content\/uploads\/2022\/04\/foto-2012-01-21-300x225.jpg\",\"orientation\":\"landscape\"},\"full\":{\"url\":\"https:\/\/www.cykloromantika.cz\/wp-content\/uploads\/2022\/04\/foto-2012-01-21.jpg\",\"height\":768,\"width\":1024,\"orientation\":\"landscape\"}},\"meta\":false,\"postlink\":\"https:\/\/www.cykloromantika.cz\/foto-2012-01-21\/\"},{\"id\":6316,\"title\":\"Foto 2012 01 22\",\"url\":\"https:\/\/www.cykloromantika.cz\/wp-content\/uploads\/2022\/04\/foto-2012-01-22.jpg\",\"link\":\"https:\/\/www.cykloromantika.cz\/foto-2012-01-22\/\",\"alt\":\"\",\"description\":\"\",\"caption\":\"Du\u0161\u00edk poskytuje rann\u00ed o\u010distu sv\u00e9mu o\u0159i!\",\"mime\":\"image\/jpeg\",\"type\":\"image\",\"width\":1024,\"height\":768,\"sizes\":{\"thumbnail\":{\"height\":113,\"width\":150,\"url\":\"https:\/\/www.cykloromantika.cz\/wp-content\/uploads\/2022\/04\/foto-2012-01-22-150x113.jpg\",\"orientation\":\"landscape\"},\"medium\":{\"height\":225,\"width\":300,\"url\":\"https:\/\/www.cykloromantika.cz\/wp-content\/uploads\/2022\/04\/foto-2012-01-22-300x225.jpg\",\"orientation\":\"landscape\"},\"full\":{\"url\":\"https:\/\/www.cykloromantika.cz\/wp-content\/uploads\/2022\/04\/foto-2012-01-22.jpg\",\"height\":768,\"width\":1024,\"orientation\":\"landscape\"}},\"meta\":false,\"postlink\":\"https:\/\/www.cykloromantika.cz\/foto-2012-01-22\/\"},{\"id\":6317,\"title\":\"Foto 2012 01 23\",\"url\":\"https:\/\/www.cykloromantika.cz\/wp-content\/uploads\/2022\/04\/foto-2012-01-23.jpg\",\"link\":\"https:\/\/www.cykloromantika.cz\/foto-2012-01-23\/\",\"alt\":\"\",\"description\":\"\",\"caption\":\"Do pr\u00e1ce?... A\u0165 jdou:) My nejdeme:)\",\"mime\":\"image\/jpeg\",\"type\":\"image\",\"width\":1024,\"height\":683,\"sizes\":{\"thumbnail\":{\"height\":100,\"width\":150,\"url\":\"https:\/\/www.cykloromantika.cz\/wp-content\/uploads\/2022\/04\/foto-2012-01-23-150x100.jpg\",\"orientation\":\"landscape\"},\"medium\":{\"height\":200,\"width\":300,\"url\":\"https:\/\/www.cykloromantika.cz\/wp-content\/uploads\/2022\/04\/foto-2012-01-23-300x200.jpg\",\"orientation\":\"landscape\"},\"full\":{\"url\":\"https:\/\/www.cykloromantika.cz\/wp-content\/uploads\/2022\/04\/foto-2012-01-23.jpg\",\"height\":683,\"width\":1024,\"orientation\":\"landscape\"}},\"meta\":false,\"postlink\":\"https:\/\/www.cykloromantika.cz\/foto-2012-01-23\/\"},{\"id\":6318,\"title\":\"Foto 2012 01 24\",\"url\":\"https:\/\/www.cykloromantika.cz\/wp-content\/uploads\/2022\/04\/foto-2012-01-24.jpg\",\"link\":\"https:\/\/www.cykloromantika.cz\/foto-2012-01-24\/\",\"alt\":\"\",\"description\":\"\",\"caption\":\"Samson ka\u0161na, ale kde je Samson pivo?\",\"mime\":\"image\/jpeg\",\"type\":\"image\",\"width\":683,\"height\":1024,\"sizes\":{\"thumbnail\":{\"height\":150,\"width\":100,\"url\":\"https:\/\/www.cykloromantika.cz\/wp-content\/uploads\/2022\/04\/foto-2012-01-24-100x150.jpg\",\"orientation\":\"portrait\"},\"medium\":{\"height\":300,\"width\":200,\"url\":\"https:\/\/www.cykloromantika.cz\/wp-content\/uploads\/2022\/04\/foto-2012-01-24-200x300.jpg\",\"orientation\":\"portrait\"},\"full\":{\"url\":\"https:\/\/www.cykloromantika.cz\/wp-content\/uploads\/2022\/04\/foto-2012-01-24.jpg\",\"height\":1024,\"width\":683,\"orientation\":\"portrait\"}},\"meta\":false,\"postlink\":\"https:\/\/www.cykloromantika.cz\/foto-2012-01-24\/\"},{\"id\":6319,\"title\":\"Foto 2012 01 25\",\"url\":\"https:\/\/www.cykloromantika.cz\/wp-content\/uploads\/2022\/04\/foto-2012-01-25.jpg\",\"link\":\"https:\/\/www.cykloromantika.cz\/foto-2012-01-25\/\",\"alt\":\"\",\"description\":\"\",\"caption\":\"\u010cern\u00e1 v\u011b\u017e v Bud\u011bjic\u00edch :)\",\"mime\":\"image\/jpeg\",\"type\":\"image\",\"width\":1024,\"height\":683,\"sizes\":{\"thumbnail\":{\"height\":100,\"width\":150,\"url\":\"https:\/\/www.cykloromantika.cz\/wp-content\/uploads\/2022\/04\/foto-2012-01-25-150x100.jpg\",\"orientation\":\"landscape\"},\"medium\":{\"height\":200,\"width\":300,\"url\":\"https:\/\/www.cykloromantika.cz\/wp-content\/uploads\/2022\/04\/foto-2012-01-25-300x200.jpg\",\"orientation\":\"landscape\"},\"full\":{\"url\":\"https:\/\/www.cykloromantika.cz\/wp-content\/uploads\/2022\/04\/foto-2012-01-25.jpg\",\"height\":683,\"width\":1024,\"orientation\":\"landscape\"}},\"meta\":false,\"postlink\":\"https:\/\/www.cykloromantika.cz\/foto-2012-01-25\/\"},{\"id\":6320,\"title\":\"Foto 2012 01 26\",\"url\":\"https:\/\/www.cykloromantika.cz\/wp-content\/uploads\/2022\/04\/foto-2012-01-26.jpg\",\"link\":\"https:\/\/www.cykloromantika.cz\/foto-2012-01-26\/\",\"alt\":\"\",\"description\":\"\",\"caption\":\"Samsonova ka\u0161na v Bud\u011bjic\u00edch :)\",\"mime\":\"image\/jpeg\",\"type\":\"image\",\"width\":1024,\"height\":683,\"sizes\":{\"thumbnail\":{\"height\":100,\"width\":150,\"url\":\"https:\/\/www.cykloromantika.cz\/wp-content\/uploads\/2022\/04\/foto-2012-01-26-150x100.jpg\",\"orientation\":\"landscape\"},\"medium\":{\"height\":200,\"width\":300,\"url\":\"https:\/\/www.cykloromantika.cz\/wp-content\/uploads\/2022\/04\/foto-2012-01-26-300x200.jpg\",\"orientation\":\"landscape\"},\"full\":{\"url\":\"https:\/\/www.cykloromantika.cz\/wp-content\/uploads\/2022\/04\/foto-2012-01-26.jpg\",\"height\":683,\"width\":1024,\"orientation\":\"landscape\"}},\"meta\":false,\"postlink\":\"https:\/\/www.cykloromantika.cz\/foto-2012-01-26\/\"},{\"id\":6321,\"title\":\"Foto 2012 01 27\",\"url\":\"https:\/\/www.cykloromantika.cz\/wp-content\/uploads\/2022\/04\/foto-2012-01-27.jpg\",\"link\":\"https:\/\/www.cykloromantika.cz\/foto-2012-01-27\/\",\"alt\":\"\",\"description\":\"\",\"caption\":\"Detail Samsonovy ka\u0161ny\",\"mime\":\"image\/jpeg\",\"type\":\"image\",\"width\":768,\"height\":1024,\"sizes\":{\"thumbnail\":{\"height\":150,\"width\":113,\"url\":\"https:\/\/www.cykloromantika.cz\/wp-content\/uploads\/2022\/04\/foto-2012-01-27-113x150.jpg\",\"orientation\":\"portrait\"},\"medium\":{\"height\":300,\"width\":225,\"url\":\"https:\/\/www.cykloromantika.cz\/wp-content\/uploads\/2022\/04\/foto-2012-01-27-225x300.jpg\",\"orientation\":\"portrait\"},\"full\":{\"url\":\"https:\/\/www.cykloromantika.cz\/wp-content\/uploads\/2022\/04\/foto-2012-01-27.jpg\",\"height\":1024,\"width\":768,\"orientation\":\"portrait\"}},\"meta\":false,\"postlink\":\"https:\/\/www.cykloromantika.cz\/foto-2012-01-27\/\"},{\"id\":6555,\"title\":\"Foto 2012 01 28\",\"url\":\"https:\/\/www.cykloromantika.cz\/wp-content\/uploads\/2022\/04\/foto-2012-01-28.jpg\",\"link\":\"https:\/\/www.cykloromantika.cz\/foto-2012-01-28\/\",\"alt\":\"\",\"description\":\"\",\"caption\":\"Kaf\u00ed\u010dko a kone\u010dn\u011b \u017e\u00e1dn\u00fd sp\u011bch :)\",\"mime\":\"image\/jpeg\",\"type\":\"image\",\"width\":1024,\"height\":768,\"sizes\":{\"thumbnail\":{\"height\":113,\"width\":150,\"url\":\"https:\/\/www.cykloromantika.cz\/wp-content\/uploads\/2022\/04\/foto-2012-01-28-150x113.jpg\",\"orientation\":\"landscape\"},\"medium\":{\"height\":225,\"width\":300,\"url\":\"https:\/\/www.cykloromantika.cz\/wp-content\/uploads\/2022\/04\/foto-2012-01-28-300x225.jpg\",\"orientation\":\"landscape\"},\"full\":{\"url\":\"https:\/\/www.cykloromantika.cz\/wp-content\/uploads\/2022\/04\/foto-2012-01-28.jpg\",\"height\":768,\"width\":1024,\"orientation\":\"landscape\"}},\"meta\":false,\"postlink\":\"https:\/\/www.cykloromantika.cz\/foto-2012-01-28\/\"},{\"id\":6556,\"title\":\"Foto 2012 01 29\",\"url\":\"https:\/\/www.cykloromantika.cz\/wp-content\/uploads\/2022\/04\/foto-2012-01-29.jpg\",\"link\":\"https:\/\/www.cykloromantika.cz\/foto-2012-01-29\/\",\"alt\":\"\",\"description\":\"\",\"caption\":\"Takto se d\u00e1 zachytit rann\u00ed pohoda.\",\"mime\":\"image\/jpeg\",\"type\":\"image\",\"width\":1024,\"height\":683,\"sizes\":{\"thumbnail\":{\"height\":100,\"width\":150,\"url\":\"https:\/\/www.cykloromantika.cz\/wp-content\/uploads\/2022\/04\/foto-2012-01-29-150x100.jpg\",\"orientation\":\"landscape\"},\"medium\":{\"height\":200,\"width\":300,\"url\":\"https:\/\/www.cykloromantika.cz\/wp-content\/uploads\/2022\/04\/foto-2012-01-29-300x200.jpg\",\"orientation\":\"landscape\"},\"full\":{\"url\":\"https:\/\/www.cykloromantika.cz\/wp-content\/uploads\/2022\/04\/foto-2012-01-29.jpg\",\"height\":683,\"width\":1024,\"orientation\":\"landscape\"}},\"meta\":false,\"postlink\":\"https:\/\/www.cykloromantika.cz\/foto-2012-01-29\/\"},{\"id\":6324,\"title\":\"Foto 2012 01 30\",\"url\":\"https:\/\/www.cykloromantika.cz\/wp-content\/uploads\/2022\/04\/foto-2012-01-30.jpg\",\"link\":\"https:\/\/www.cykloromantika.cz\/foto-2012-01-30\/\",\"alt\":\"\",\"description\":\"\",\"caption\":\"Prosil bych rann\u00ed th\u00e9, p\u00e1nov\u00e9, \u017e\u00e1dnou k\u00e1vu ani pivo! :) Ale Bobe!\",\"mime\":\"image\/jpeg\",\"type\":\"image\",\"width\":1024,\"height\":768,\"sizes\":{\"thumbnail\":{\"height\":113,\"width\":150,\"url\":\"https:\/\/www.cykloromantika.cz\/wp-content\/uploads\/2022\/04\/foto-2012-01-30-150x113.jpg\",\"orientation\":\"landscape\"},\"medium\":{\"height\":225,\"width\":300,\"url\":\"https:\/\/www.cykloromantika.cz\/wp-content\/uploads\/2022\/04\/foto-2012-01-30-300x225.jpg\",\"orientation\":\"landscape\"},\"full\":{\"url\":\"https:\/\/www.cykloromantika.cz\/wp-content\/uploads\/2022\/04\/foto-2012-01-30.jpg\",\"height\":768,\"width\":1024,\"orientation\":\"landscape\"}},\"meta\":false,\"postlink\":\"https:\/\/www.cykloromantika.cz\/foto-2012-01-30\/\"},{\"id\":6325,\"title\":\"Foto 2012 01 31\",\"url\":\"https:\/\/www.cykloromantika.cz\/wp-content\/uploads\/2022\/04\/foto-2012-01-31.jpg\",\"link\":\"https:\/\/www.cykloromantika.cz\/foto-2012-01-31\/\",\"alt\":\"\",\"description\":\"\",\"caption\":\"Hotel Budweis n\u00e1m poskytnul \u00fa\u017easn\u00e9 \u00fato\u010di\u0161t\u011b.:)\",\"mime\":\"image\/jpeg\",\"type\":\"image\",\"width\":768,\"height\":1024,\"sizes\":{\"thumbnail\":{\"height\":150,\"width\":113,\"url\":\"https:\/\/www.cykloromantika.cz\/wp-content\/uploads\/2022\/04\/foto-2012-01-31-113x150.jpg\",\"orientation\":\"portrait\"},\"medium\":{\"height\":300,\"width\":225,\"url\":\"https:\/\/www.cykloromantika.cz\/wp-content\/uploads\/2022\/04\/foto-2012-01-31-225x300.jpg\",\"orientation\":\"portrait\"},\"full\":{\"url\":\"https:\/\/www.cykloromantika.cz\/wp-content\/uploads\/2022\/04\/foto-2012-01-31.jpg\",\"height\":1024,\"width\":768,\"orientation\":\"portrait\"}},\"meta\":false,\"postlink\":\"https:\/\/www.cykloromantika.cz\/foto-2012-01-31\/\"},{\"id\":6326,\"title\":\"Foto 2012 01 32\",\"url\":\"https:\/\/www.cykloromantika.cz\/wp-content\/uploads\/2022\/04\/foto-2012-01-32.jpg\",\"link\":\"https:\/\/www.cykloromantika.cz\/foto-2012-01-32\/\",\"alt\":\"\",\"description\":\"\",\"caption\":\"Vltav\u011bnka... \u0161up tam... kooooosa :)\",\"mime\":\"image\/jpeg\",\"type\":\"image\",\"width\":1024,\"height\":768,\"sizes\":{\"thumbnail\":{\"height\":113,\"width\":150,\"url\":\"https:\/\/www.cykloromantika.cz\/wp-content\/uploads\/2022\/04\/foto-2012-01-32-150x113.jpg\",\"orientation\":\"landscape\"},\"medium\":{\"height\":225,\"width\":300,\"url\":\"https:\/\/www.cykloromantika.cz\/wp-content\/uploads\/2022\/04\/foto-2012-01-32-300x225.jpg\",\"orientation\":\"landscape\"},\"full\":{\"url\":\"https:\/\/www.cykloromantika.cz\/wp-content\/uploads\/2022\/04\/foto-2012-01-32.jpg\",\"height\":768,\"width\":1024,\"orientation\":\"landscape\"}},\"meta\":false,\"postlink\":\"https:\/\/www.cykloromantika.cz\/foto-2012-01-32\/\"},{\"id\":6327,\"title\":\"Foto 2012 01 33\",\"url\":\"https:\/\/www.cykloromantika.cz\/wp-content\/uploads\/2022\/04\/foto-2012-01-33.jpg\",\"link\":\"https:\/\/www.cykloromantika.cz\/foto-2012-01-33\/\",\"alt\":\"\",\"description\":\"\",\"caption\":\"Kostel Nanebevzet\u00ed Panny Marie v Dubn\u00e9m\",\"mime\":\"image\/jpeg\",\"type\":\"image\",\"width\":768,\"height\":1024,\"sizes\":{\"thumbnail\":{\"height\":150,\"width\":113,\"url\":\"https:\/\/www.cykloromantika.cz\/wp-content\/uploads\/2022\/04\/foto-2012-01-33-113x150.jpg\",\"orientation\":\"portrait\"},\"medium\":{\"height\":300,\"width\":225,\"url\":\"https:\/\/www.cykloromantika.cz\/wp-content\/uploads\/2022\/04\/foto-2012-01-33-225x300.jpg\",\"orientation\":\"portrait\"},\"full\":{\"url\":\"https:\/\/www.cykloromantika.cz\/wp-content\/uploads\/2022\/04\/foto-2012-01-33.jpg\",\"height\":1024,\"width\":768,\"orientation\":\"portrait\"}},\"meta\":false,\"postlink\":\"https:\/\/www.cykloromantika.cz\/foto-2012-01-33\/\"},{\"id\":6328,\"title\":\"Foto 2012 01 34\",\"url\":\"https:\/\/www.cykloromantika.cz\/wp-content\/uploads\/2022\/04\/foto-2012-01-34.jpg\",\"link\":\"https:\/\/www.cykloromantika.cz\/foto-2012-01-34\/\",\"alt\":\"\",\"description\":\"\",\"caption\":\"Kdo dojede v Dubn\u00e9, jist\u011b cestou zchudne!\",\"mime\":\"image\/jpeg\",\"type\":\"image\",\"width\":1024,\"height\":683,\"sizes\":{\"thumbnail\":{\"height\":100,\"width\":150,\"url\":\"https:\/\/www.cykloromantika.cz\/wp-content\/uploads\/2022\/04\/foto-2012-01-34-150x100.jpg\",\"orientation\":\"landscape\"},\"medium\":{\"height\":200,\"width\":300,\"url\":\"https:\/\/www.cykloromantika.cz\/wp-content\/uploads\/2022\/04\/foto-2012-01-34-300x200.jpg\",\"orientation\":\"landscape\"},\"full\":{\"url\":\"https:\/\/www.cykloromantika.cz\/wp-content\/uploads\/2022\/04\/foto-2012-01-34.jpg\",\"height\":683,\"width\":1024,\"orientation\":\"landscape\"}},\"meta\":false,\"postlink\":\"https:\/\/www.cykloromantika.cz\/foto-2012-01-34\/\"},{\"id\":6329,\"title\":\"Foto 2012 01 35\",\"url\":\"https:\/\/www.cykloromantika.cz\/wp-content\/uploads\/2022\/04\/foto-2012-01-35.jpg\",\"link\":\"https:\/\/www.cykloromantika.cz\/foto-2012-01-35\/\",\"alt\":\"\",\"description\":\"\",\"caption\":\"Cesti\u010dka mezi Dubn\u00fdm a \u010cakovem\",\"mime\":\"image\/jpeg\",\"type\":\"image\",\"width\":1024,\"height\":768,\"sizes\":{\"thumbnail\":{\"height\":113,\"width\":150,\"url\":\"https:\/\/www.cykloromantika.cz\/wp-content\/uploads\/2022\/04\/foto-2012-01-35-150x113.jpg\",\"orientation\":\"landscape\"},\"medium\":{\"height\":225,\"width\":300,\"url\":\"https:\/\/www.cykloromantika.cz\/wp-content\/uploads\/2022\/04\/foto-2012-01-35-300x225.jpg\",\"orientation\":\"landscape\"},\"full\":{\"url\":\"https:\/\/www.cykloromantika.cz\/wp-content\/uploads\/2022\/04\/foto-2012-01-35.jpg\",\"height\":768,\"width\":1024,\"orientation\":\"landscape\"}},\"meta\":false,\"postlink\":\"https:\/\/www.cykloromantika.cz\/foto-2012-01-35\/\"},{\"id\":6330,\"title\":\"Foto 2012 01 36\",\"url\":\"https:\/\/www.cykloromantika.cz\/wp-content\/uploads\/2022\/04\/foto-2012-01-36.jpg\",\"link\":\"https:\/\/www.cykloromantika.cz\/foto-2012-01-36\/\",\"alt\":\"\",\"description\":\"\",\"caption\":\"JR Vl\u010d\u00e1k a jeho neskute\u010dn\u00e1 par\u00e1da\",\"mime\":\"image\/jpeg\",\"type\":\"image\",\"width\":768,\"height\":1024,\"sizes\":{\"thumbnail\":{\"height\":150,\"width\":113,\"url\":\"https:\/\/www.cykloromantika.cz\/wp-content\/uploads\/2022\/04\/foto-2012-01-36-113x150.jpg\",\"orientation\":\"portrait\"},\"medium\":{\"height\":300,\"width\":225,\"url\":\"https:\/\/www.cykloromantika.cz\/wp-content\/uploads\/2022\/04\/foto-2012-01-36-225x300.jpg\",\"orientation\":\"portrait\"},\"full\":{\"url\":\"https:\/\/www.cykloromantika.cz\/wp-content\/uploads\/2022\/04\/foto-2012-01-36.jpg\",\"height\":1024,\"width\":768,\"orientation\":\"portrait\"}},\"meta\":false,\"postlink\":\"https:\/\/www.cykloromantika.cz\/foto-2012-01-36\/\"},{\"id\":6331,\"title\":\"Foto 2012 01 37\",\"url\":\"https:\/\/www.cykloromantika.cz\/wp-content\/uploads\/2022\/04\/foto-2012-01-37.jpg\",\"link\":\"https:\/\/www.cykloromantika.cz\/foto-2012-01-37\/\",\"alt\":\"\",\"description\":\"\",\"caption\":\"Rybn\u00edk Beranov s vesni\u010dkou \u010cakov\",\"mime\":\"image\/jpeg\",\"type\":\"image\",\"width\":1024,\"height\":683,\"sizes\":{\"thumbnail\":{\"height\":100,\"width\":150,\"url\":\"https:\/\/www.cykloromantika.cz\/wp-content\/uploads\/2022\/04\/foto-2012-01-37-150x100.jpg\",\"orientation\":\"landscape\"},\"medium\":{\"height\":200,\"width\":300,\"url\":\"https:\/\/www.cykloromantika.cz\/wp-content\/uploads\/2022\/04\/foto-2012-01-37-300x200.jpg\",\"orientation\":\"landscape\"},\"full\":{\"url\":\"https:\/\/www.cykloromantika.cz\/wp-content\/uploads\/2022\/04\/foto-2012-01-37.jpg\",\"height\":683,\"width\":1024,\"orientation\":\"landscape\"}},\"meta\":false,\"postlink\":\"https:\/\/www.cykloromantika.cz\/foto-2012-01-37\/\"},{\"id\":6332,\"title\":\"Foto 2012 01 38\",\"url\":\"https:\/\/www.cykloromantika.cz\/wp-content\/uploads\/2022\/04\/foto-2012-01-38.jpg\",\"link\":\"https:\/\/www.cykloromantika.cz\/foto-2012-01-38\/\",\"alt\":\"\",\"description\":\"\",\"caption\":\"\u010cakov\",\"mime\":\"image\/jpeg\",\"type\":\"image\",\"width\":1024,\"height\":683,\"sizes\":{\"thumbnail\":{\"height\":100,\"width\":150,\"url\":\"https:\/\/www.cykloromantika.cz\/wp-content\/uploads\/2022\/04\/foto-2012-01-38-150x100.jpg\",\"orientation\":\"landscape\"},\"medium\":{\"height\":200,\"width\":300,\"url\":\"https:\/\/www.cykloromantika.cz\/wp-content\/uploads\/2022\/04\/foto-2012-01-38-300x200.jpg\",\"orientation\":\"landscape\"},\"full\":{\"url\":\"https:\/\/www.cykloromantika.cz\/wp-content\/uploads\/2022\/04\/foto-2012-01-38.jpg\",\"height\":683,\"width\":1024,\"orientation\":\"landscape\"}},\"meta\":false,\"postlink\":\"https:\/\/www.cykloromantika.cz\/foto-2012-01-38\/\"},{\"id\":6333,\"title\":\"Foto 2012 01 40\",\"url\":\"https:\/\/www.cykloromantika.cz\/wp-content\/uploads\/2022\/04\/foto-2012-01-40.jpg\",\"link\":\"https:\/\/www.cykloromantika.cz\/foto-2012-01-40\/\",\"alt\":\"\",\"description\":\"\",\"caption\":\"Cesti\u010dka u \u010cakova\",\"mime\":\"image\/jpeg\",\"type\":\"image\",\"width\":1024,\"height\":683,\"sizes\":{\"thumbnail\":{\"height\":100,\"width\":150,\"url\":\"https:\/\/www.cykloromantika.cz\/wp-content\/uploads\/2022\/04\/foto-2012-01-40-150x100.jpg\",\"orientation\":\"landscape\"},\"medium\":{\"height\":200,\"width\":300,\"url\":\"https:\/\/www.cykloromantika.cz\/wp-content\/uploads\/2022\/04\/foto-2012-01-40-300x200.jpg\",\"orientation\":\"landscape\"},\"full\":{\"url\":\"https:\/\/www.cykloromantika.cz\/wp-content\/uploads\/2022\/04\/foto-2012-01-40.jpg\",\"height\":683,\"width\":1024,\"orientation\":\"landscape\"}},\"meta\":false,\"postlink\":\"https:\/\/www.cykloromantika.cz\/foto-2012-01-40\/\"},{\"id\":6334,\"title\":\"Foto 2012 01 41\",\"url\":\"https:\/\/www.cykloromantika.cz\/wp-content\/uploads\/2022\/04\/foto-2012-01-41.jpg\",\"link\":\"https:\/\/www.cykloromantika.cz\/foto-2012-01-41\/\",\"alt\":\"\",\"description\":\"\",\"caption\":\"Stoup\u00e1n\u00ed do Jankova\",\"mime\":\"image\/jpeg\",\"type\":\"image\",\"width\":1024,\"height\":683,\"sizes\":{\"thumbnail\":{\"height\":100,\"width\":150,\"url\":\"https:\/\/www.cykloromantika.cz\/wp-content\/uploads\/2022\/04\/foto-2012-01-41-150x100.jpg\",\"orientation\":\"landscape\"},\"medium\":{\"height\":200,\"width\":300,\"url\":\"https:\/\/www.cykloromantika.cz\/wp-content\/uploads\/2022\/04\/foto-2012-01-41-300x200.jpg\",\"orientation\":\"landscape\"},\"full\":{\"url\":\"https:\/\/www.cykloromantika.cz\/wp-content\/uploads\/2022\/04\/foto-2012-01-41.jpg\",\"height\":683,\"width\":1024,\"orientation\":\"landscape\"}},\"meta\":false,\"postlink\":\"https:\/\/www.cykloromantika.cz\/foto-2012-01-41\/\"},{\"id\":6335,\"title\":\"Foto 2012 01 42\",\"url\":\"https:\/\/www.cykloromantika.cz\/wp-content\/uploads\/2022\/04\/foto-2012-01-42.jpg\",\"link\":\"https:\/\/www.cykloromantika.cz\/foto-2012-01-42\/\",\"alt\":\"\",\"description\":\"\",\"caption\":\"Jankov \u2013 kr\u00e1sn\u00e9 stoup\u00e1n\u00ed\",\"mime\":\"image\/jpeg\",\"type\":\"image\",\"width\":1024,\"height\":683,\"sizes\":{\"thumbnail\":{\"height\":100,\"width\":150,\"url\":\"https:\/\/www.cykloromantika.cz\/wp-content\/uploads\/2022\/04\/foto-2012-01-42-150x100.jpg\",\"orientation\":\"landscape\"},\"medium\":{\"height\":200,\"width\":300,\"url\":\"https:\/\/www.cykloromantika.cz\/wp-content\/uploads\/2022\/04\/foto-2012-01-42-300x200.jpg\",\"orientation\":\"landscape\"},\"full\":{\"url\":\"https:\/\/www.cykloromantika.cz\/wp-content\/uploads\/2022\/04\/foto-2012-01-42.jpg\",\"height\":683,\"width\":1024,\"orientation\":\"landscape\"}},\"meta\":false,\"postlink\":\"https:\/\/www.cykloromantika.cz\/foto-2012-01-42\/\"},{\"id\":6337,\"title\":\"Foto 2012 01 44\",\"url\":\"https:\/\/www.cykloromantika.cz\/wp-content\/uploads\/2022\/04\/foto-2012-01-44.jpg\",\"link\":\"https:\/\/www.cykloromantika.cz\/foto-2012-01-44\/\",\"alt\":\"\",\"description\":\"\",\"caption\":\"Hola\u0161ovick\u00fd div sv\u011bta:)\",\"mime\":\"image\/jpeg\",\"type\":\"image\",\"width\":1024,\"height\":768,\"sizes\":{\"thumbnail\":{\"height\":113,\"width\":150,\"url\":\"https:\/\/www.cykloromantika.cz\/wp-content\/uploads\/2022\/04\/foto-2012-01-44-150x113.jpg\",\"orientation\":\"landscape\"},\"medium\":{\"height\":225,\"width\":300,\"url\":\"https:\/\/www.cykloromantika.cz\/wp-content\/uploads\/2022\/04\/foto-2012-01-44-300x225.jpg\",\"orientation\":\"landscape\"},\"full\":{\"url\":\"https:\/\/www.cykloromantika.cz\/wp-content\/uploads\/2022\/04\/foto-2012-01-44.jpg\",\"height\":768,\"width\":1024,\"orientation\":\"landscape\"}},\"meta\":false,\"postlink\":\"https:\/\/www.cykloromantika.cz\/foto-2012-01-44\/\"},{\"id\":6338,\"title\":\"Foto 2012 01 45\",\"url\":\"https:\/\/www.cykloromantika.cz\/wp-content\/uploads\/2022\/04\/foto-2012-01-45.jpg\",\"link\":\"https:\/\/www.cykloromantika.cz\/foto-2012-01-45\/\",\"alt\":\"\",\"description\":\"\",\"caption\":\"Hola\u0161ovick\u00e9 Stonehage\",\"mime\":\"image\/jpeg\",\"type\":\"image\",\"width\":1024,\"height\":683,\"sizes\":{\"thumbnail\":{\"height\":100,\"width\":150,\"url\":\"https:\/\/www.cykloromantika.cz\/wp-content\/uploads\/2022\/04\/foto-2012-01-45-150x100.jpg\",\"orientation\":\"landscape\"},\"medium\":{\"height\":200,\"width\":300,\"url\":\"https:\/\/www.cykloromantika.cz\/wp-content\/uploads\/2022\/04\/foto-2012-01-45-300x200.jpg\",\"orientation\":\"landscape\"},\"full\":{\"url\":\"https:\/\/www.cykloromantika.cz\/wp-content\/uploads\/2022\/04\/foto-2012-01-45.jpg\",\"height\":683,\"width\":1024,\"orientation\":\"landscape\"}},\"meta\":false,\"postlink\":\"https:\/\/www.cykloromantika.cz\/foto-2012-01-45\/\"},{\"id\":6339,\"title\":\"Foto 2012 01 46\",\"url\":\"https:\/\/www.cykloromantika.cz\/wp-content\/uploads\/2022\/04\/foto-2012-01-46.jpg\",\"link\":\"https:\/\/www.cykloromantika.cz\/foto-2012-01-46\/\",\"alt\":\"\",\"description\":\"\",\"caption\":\"Hola\u0161ovick\u00e9 Stonehage\",\"mime\":\"image\/jpeg\",\"type\":\"image\",\"width\":1024,\"height\":683,\"sizes\":{\"thumbnail\":{\"height\":100,\"width\":150,\"url\":\"https:\/\/www.cykloromantika.cz\/wp-content\/uploads\/2022\/04\/foto-2012-01-46-150x100.jpg\",\"orientation\":\"landscape\"},\"medium\":{\"height\":200,\"width\":300,\"url\":\"https:\/\/www.cykloromantika.cz\/wp-content\/uploads\/2022\/04\/foto-2012-01-46-300x200.jpg\",\"orientation\":\"landscape\"},\"full\":{\"url\":\"https:\/\/www.cykloromantika.cz\/wp-content\/uploads\/2022\/04\/foto-2012-01-46.jpg\",\"height\":683,\"width\":1024,\"orientation\":\"landscape\"}},\"meta\":false,\"postlink\":\"https:\/\/www.cykloromantika.cz\/foto-2012-01-46\/\"},{\"id\":6340,\"title\":\"Foto 2012 01 47\",\"url\":\"https:\/\/www.cykloromantika.cz\/wp-content\/uploads\/2022\/04\/foto-2012-01-47.jpg\",\"link\":\"https:\/\/www.cykloromantika.cz\/foto-2012-01-47\/\",\"alt\":\"\",\"description\":\"\",\"caption\":\"Hola\u0161ovick\u00e9 Stonehage\",\"mime\":\"image\/jpeg\",\"type\":\"image\",\"width\":1024,\"height\":683,\"sizes\":{\"thumbnail\":{\"height\":100,\"width\":150,\"url\":\"https:\/\/www.cykloromantika.cz\/wp-content\/uploads\/2022\/04\/foto-2012-01-47-150x100.jpg\",\"orientation\":\"landscape\"},\"medium\":{\"height\":200,\"width\":300,\"url\":\"https:\/\/www.cykloromantika.cz\/wp-content\/uploads\/2022\/04\/foto-2012-01-47-300x200.jpg\",\"orientation\":\"landscape\"},\"full\":{\"url\":\"https:\/\/www.cykloromantika.cz\/wp-content\/uploads\/2022\/04\/foto-2012-01-47.jpg\",\"height\":683,\"width\":1024,\"orientation\":\"landscape\"}},\"meta\":false,\"postlink\":\"https:\/\/www.cykloromantika.cz\/foto-2012-01-47\/\"},{\"id\":6341,\"title\":\"Foto 2012 01 48\",\"url\":\"https:\/\/www.cykloromantika.cz\/wp-content\/uploads\/2022\/04\/foto-2012-01-48.jpg\",\"link\":\"https:\/\/www.cykloromantika.cz\/foto-2012-01-48\/\",\"alt\":\"\",\"description\":\"\",\"caption\":\"Bobo si na\u0161el sv\u016fj menhir.\",\"mime\":\"image\/jpeg\",\"type\":\"image\",\"width\":768,\"height\":1024,\"sizes\":{\"thumbnail\":{\"height\":150,\"width\":113,\"url\":\"https:\/\/www.cykloromantika.cz\/wp-content\/uploads\/2022\/04\/foto-2012-01-48-113x150.jpg\",\"orientation\":\"portrait\"},\"medium\":{\"height\":300,\"width\":225,\"url\":\"https:\/\/www.cykloromantika.cz\/wp-content\/uploads\/2022\/04\/foto-2012-01-48-225x300.jpg\",\"orientation\":\"portrait\"},\"full\":{\"url\":\"https:\/\/www.cykloromantika.cz\/wp-content\/uploads\/2022\/04\/foto-2012-01-48.jpg\",\"height\":1024,\"width\":768,\"orientation\":\"portrait\"}},\"meta\":false,\"postlink\":\"https:\/\/www.cykloromantika.cz\/foto-2012-01-48\/\"},{\"id\":6342,\"title\":\"Foto 2012 01 49\",\"url\":\"https:\/\/www.cykloromantika.cz\/wp-content\/uploads\/2022\/04\/foto-2012-01-49.jpg\",\"link\":\"https:\/\/www.cykloromantika.cz\/foto-2012-01-49\/\",\"alt\":\"\",\"description\":\"\",\"caption\":\"Nebo je lep\u0161\u00ed tento, Bobe?\",\"mime\":\"image\/jpeg\",\"type\":\"image\",\"width\":768,\"height\":1024,\"sizes\":{\"thumbnail\":{\"height\":150,\"width\":113,\"url\":\"https:\/\/www.cykloromantika.cz\/wp-content\/uploads\/2022\/04\/foto-2012-01-49-113x150.jpg\",\"orientation\":\"portrait\"},\"medium\":{\"height\":300,\"width\":225,\"url\":\"https:\/\/www.cykloromantika.cz\/wp-content\/uploads\/2022\/04\/foto-2012-01-49-225x300.jpg\",\"orientation\":\"portrait\"},\"full\":{\"url\":\"https:\/\/www.cykloromantika.cz\/wp-content\/uploads\/2022\/04\/foto-2012-01-49.jpg\",\"height\":1024,\"width\":768,\"orientation\":\"portrait\"}},\"meta\":false,\"postlink\":\"https:\/\/www.cykloromantika.cz\/foto-2012-01-49\/\"},{\"id\":6343,\"title\":\"Foto 2012 01 50\",\"url\":\"https:\/\/www.cykloromantika.cz\/wp-content\/uploads\/2022\/04\/foto-2012-01-50.jpg\",\"link\":\"https:\/\/www.cykloromantika.cz\/foto-2012-01-50\/\",\"alt\":\"\",\"description\":\"\",\"caption\":\"Napln\u011bni energi\u00ed?...\",\"mime\":\"image\/jpeg\",\"type\":\"image\",\"width\":1024,\"height\":683,\"sizes\":{\"thumbnail\":{\"height\":100,\"width\":150,\"url\":\"https:\/\/www.cykloromantika.cz\/wp-content\/uploads\/2022\/04\/foto-2012-01-50-150x100.jpg\",\"orientation\":\"landscape\"},\"medium\":{\"height\":200,\"width\":300,\"url\":\"https:\/\/www.cykloromantika.cz\/wp-content\/uploads\/2022\/04\/foto-2012-01-50-300x200.jpg\",\"orientation\":\"landscape\"},\"full\":{\"url\":\"https:\/\/www.cykloromantika.cz\/wp-content\/uploads\/2022\/04\/foto-2012-01-50.jpg\",\"height\":683,\"width\":1024,\"orientation\":\"landscape\"}},\"meta\":false,\"postlink\":\"https:\/\/www.cykloromantika.cz\/foto-2012-01-50\/\"},{\"id\":6344,\"title\":\"Foto 2012 01 51\",\"url\":\"https:\/\/www.cykloromantika.cz\/wp-content\/uploads\/2022\/04\/foto-2012-01-51.jpg\",\"link\":\"https:\/\/www.cykloromantika.cz\/foto-2012-01-51\/\",\"alt\":\"\",\"description\":\"\",\"caption\":\"Tak co na to \u0159\u00edk\u00e1te?...\",\"mime\":\"image\/jpeg\",\"type\":\"image\",\"width\":1024,\"height\":683,\"sizes\":{\"thumbnail\":{\"height\":100,\"width\":150,\"url\":\"https:\/\/www.cykloromantika.cz\/wp-content\/uploads\/2022\/04\/foto-2012-01-51-150x100.jpg\",\"orientation\":\"landscape\"},\"medium\":{\"height\":200,\"width\":300,\"url\":\"https:\/\/www.cykloromantika.cz\/wp-content\/uploads\/2022\/04\/foto-2012-01-51-300x200.jpg\",\"orientation\":\"landscape\"},\"full\":{\"url\":\"https:\/\/www.cykloromantika.cz\/wp-content\/uploads\/2022\/04\/foto-2012-01-51.jpg\",\"height\":683,\"width\":1024,\"orientation\":\"landscape\"}},\"meta\":false,\"postlink\":\"https:\/\/www.cykloromantika.cz\/foto-2012-01-51\/\"},{\"id\":6345,\"title\":\"Foto 2012 01 52\",\"url\":\"https:\/\/www.cykloromantika.cz\/wp-content\/uploads\/2022\/04\/foto-2012-01-52.jpg\",\"link\":\"https:\/\/www.cykloromantika.cz\/foto-2012-01-52\/\",\"alt\":\"\",\"description\":\"\",\"caption\":\"Vlku, ten menhir je tam zbyte\u010dn\u00fd! To\u0165 jinoch jako sk\u00e1la:)\",\"mime\":\"image\/jpeg\",\"type\":\"image\",\"width\":683,\"height\":1024,\"sizes\":{\"thumbnail\":{\"height\":150,\"width\":100,\"url\":\"https:\/\/www.cykloromantika.cz\/wp-content\/uploads\/2022\/04\/foto-2012-01-52-100x150.jpg\",\"orientation\":\"portrait\"},\"medium\":{\"height\":300,\"width\":200,\"url\":\"https:\/\/www.cykloromantika.cz\/wp-content\/uploads\/2022\/04\/foto-2012-01-52-200x300.jpg\",\"orientation\":\"portrait\"},\"full\":{\"url\":\"https:\/\/www.cykloromantika.cz\/wp-content\/uploads\/2022\/04\/foto-2012-01-52.jpg\",\"height\":1024,\"width\":683,\"orientation\":\"portrait\"}},\"meta\":false,\"postlink\":\"https:\/\/www.cykloromantika.cz\/foto-2012-01-52\/\"},{\"id\":6346,\"title\":\"Foto 2012 01 53\",\"url\":\"https:\/\/www.cykloromantika.cz\/wp-content\/uploads\/2022\/04\/foto-2012-01-53.jpg\",\"link\":\"https:\/\/www.cykloromantika.cz\/foto-2012-01-53\/\",\"alt\":\"\",\"description\":\"\",\"caption\":\"Kelt na ob\u011btn\u00edm stole :)\",\"mime\":\"image\/jpeg\",\"type\":\"image\",\"width\":1024,\"height\":683,\"sizes\":{\"thumbnail\":{\"height\":100,\"width\":150,\"url\":\"https:\/\/www.cykloromantika.cz\/wp-content\/uploads\/2022\/04\/foto-2012-01-53-150x100.jpg\",\"orientation\":\"landscape\"},\"medium\":{\"height\":200,\"width\":300,\"url\":\"https:\/\/www.cykloromantika.cz\/wp-content\/uploads\/2022\/04\/foto-2012-01-53-300x200.jpg\",\"orientation\":\"landscape\"},\"full\":{\"url\":\"https:\/\/www.cykloromantika.cz\/wp-content\/uploads\/2022\/04\/foto-2012-01-53.jpg\",\"height\":683,\"width\":1024,\"orientation\":\"landscape\"}},\"meta\":false,\"postlink\":\"https:\/\/www.cykloromantika.cz\/foto-2012-01-53\/\"},{\"id\":6347,\"title\":\"Foto 2012 01 54\",\"url\":\"https:\/\/www.cykloromantika.cz\/wp-content\/uploads\/2022\/04\/foto-2012-01-54.jpg\",\"link\":\"https:\/\/www.cykloromantika.cz\/foto-2012-01-54\/\",\"alt\":\"\",\"description\":\"\",\"caption\":\"Keltsk\u00fd kr\u00e1l\",\"mime\":\"image\/jpeg\",\"type\":\"image\",\"width\":768,\"height\":1024,\"sizes\":{\"thumbnail\":{\"height\":150,\"width\":113,\"url\":\"https:\/\/www.cykloromantika.cz\/wp-content\/uploads\/2022\/04\/foto-2012-01-54-113x150.jpg\",\"orientation\":\"portrait\"},\"medium\":{\"height\":300,\"width\":225,\"url\":\"https:\/\/www.cykloromantika.cz\/wp-content\/uploads\/2022\/04\/foto-2012-01-54-225x300.jpg\",\"orientation\":\"portrait\"},\"full\":{\"url\":\"https:\/\/www.cykloromantika.cz\/wp-content\/uploads\/2022\/04\/foto-2012-01-54.jpg\",\"height\":1024,\"width\":768,\"orientation\":\"portrait\"}},\"meta\":false,\"postlink\":\"https:\/\/www.cykloromantika.cz\/foto-2012-01-54\/\"},{\"id\":6348,\"title\":\"Foto 2012 01 55\",\"url\":\"https:\/\/www.cykloromantika.cz\/wp-content\/uploads\/2022\/04\/foto-2012-01-55.jpg\",\"link\":\"https:\/\/www.cykloromantika.cz\/foto-2012-01-55\/\",\"alt\":\"\",\"description\":\"\",\"caption\":\"Ta energie je opravdu v\u0161ude.:)\",\"mime\":\"image\/jpeg\",\"type\":\"image\",\"width\":1024,\"height\":683,\"sizes\":{\"thumbnail\":{\"height\":100,\"width\":150,\"url\":\"https:\/\/www.cykloromantika.cz\/wp-content\/uploads\/2022\/04\/foto-2012-01-55-150x100.jpg\",\"orientation\":\"landscape\"},\"medium\":{\"height\":200,\"width\":300,\"url\":\"https:\/\/www.cykloromantika.cz\/wp-content\/uploads\/2022\/04\/foto-2012-01-55-300x200.jpg\",\"orientation\":\"landscape\"},\"full\":{\"url\":\"https:\/\/www.cykloromantika.cz\/wp-content\/uploads\/2022\/04\/foto-2012-01-55.jpg\",\"height\":683,\"width\":1024,\"orientation\":\"landscape\"}},\"meta\":false,\"postlink\":\"https:\/\/www.cykloromantika.cz\/foto-2012-01-55\/\"},{\"id\":6349,\"title\":\"Foto 2012 01 56\",\"url\":\"https:\/\/www.cykloromantika.cz\/wp-content\/uploads\/2022\/04\/foto-2012-01-56.jpg\",\"link\":\"https:\/\/www.cykloromantika.cz\/foto-2012-01-56\/\",\"alt\":\"\",\"description\":\"\",\"caption\":\"Temel\u00edn vzadu :) UNESCO vesnice s n\u00e1dhern\u00fdm v\u00fdhledem :)\",\"mime\":\"image\/jpeg\",\"type\":\"image\",\"width\":1024,\"height\":683,\"sizes\":{\"thumbnail\":{\"height\":100,\"width\":150,\"url\":\"https:\/\/www.cykloromantika.cz\/wp-content\/uploads\/2022\/04\/foto-2012-01-56-150x100.jpg\",\"orientation\":\"landscape\"},\"medium\":{\"height\":200,\"width\":300,\"url\":\"https:\/\/www.cykloromantika.cz\/wp-content\/uploads\/2022\/04\/foto-2012-01-56-300x200.jpg\",\"orientation\":\"landscape\"},\"full\":{\"url\":\"https:\/\/www.cykloromantika.cz\/wp-content\/uploads\/2022\/04\/foto-2012-01-56.jpg\",\"height\":683,\"width\":1024,\"orientation\":\"landscape\"}},\"meta\":false,\"postlink\":\"https:\/\/www.cykloromantika.cz\/foto-2012-01-56\/\"},{\"id\":6350,\"title\":\"Foto 2012 01 57\",\"url\":\"https:\/\/www.cykloromantika.cz\/wp-content\/uploads\/2022\/04\/foto-2012-01-57.jpg\",\"link\":\"https:\/\/www.cykloromantika.cz\/foto-2012-01-57\/\",\"alt\":\"\",\"description\":\"\",\"caption\":\"Hola\u0161ovice \u2013 zaps\u00e1na v UNESCO\",\"mime\":\"image\/jpeg\",\"type\":\"image\",\"width\":1024,\"height\":683,\"sizes\":{\"thumbnail\":{\"height\":100,\"width\":150,\"url\":\"https:\/\/www.cykloromantika.cz\/wp-content\/uploads\/2022\/04\/foto-2012-01-57-150x100.jpg\",\"orientation\":\"landscape\"},\"medium\":{\"height\":200,\"width\":300,\"url\":\"https:\/\/www.cykloromantika.cz\/wp-content\/uploads\/2022\/04\/foto-2012-01-57-300x200.jpg\",\"orientation\":\"landscape\"},\"full\":{\"url\":\"https:\/\/www.cykloromantika.cz\/wp-content\/uploads\/2022\/04\/foto-2012-01-57.jpg\",\"height\":683,\"width\":1024,\"orientation\":\"landscape\"}},\"meta\":false,\"postlink\":\"https:\/\/www.cykloromantika.cz\/foto-2012-01-57\/\"},{\"id\":6351,\"title\":\"Foto 2012 01 58\",\"url\":\"https:\/\/www.cykloromantika.cz\/wp-content\/uploads\/2022\/04\/foto-2012-01-58.jpg\",\"link\":\"https:\/\/www.cykloromantika.cz\/foto-2012-01-58\/\",\"alt\":\"\",\"description\":\"\",\"caption\":\"Hola\u0161ovick\u00e9 chaloupky\",\"mime\":\"image\/jpeg\",\"type\":\"image\",\"width\":1024,\"height\":683,\"sizes\":{\"thumbnail\":{\"height\":100,\"width\":150,\"url\":\"https:\/\/www.cykloromantika.cz\/wp-content\/uploads\/2022\/04\/foto-2012-01-58-150x100.jpg\",\"orientation\":\"landscape\"},\"medium\":{\"height\":200,\"width\":300,\"url\":\"https:\/\/www.cykloromantika.cz\/wp-content\/uploads\/2022\/04\/foto-2012-01-58-300x200.jpg\",\"orientation\":\"landscape\"},\"full\":{\"url\":\"https:\/\/www.cykloromantika.cz\/wp-content\/uploads\/2022\/04\/foto-2012-01-58.jpg\",\"height\":683,\"width\":1024,\"orientation\":\"landscape\"}},\"meta\":false,\"postlink\":\"https:\/\/www.cykloromantika.cz\/foto-2012-01-58\/\"},{\"id\":6352,\"title\":\"Foto 2012 01 59\",\"url\":\"https:\/\/www.cykloromantika.cz\/wp-content\/uploads\/2022\/04\/foto-2012-01-59.jpg\",\"link\":\"https:\/\/www.cykloromantika.cz\/foto-2012-01-59\/\",\"alt\":\"\",\"description\":\"\",\"caption\":\"Vodn\u00ed\u010dek... Ptali jsme se na jm\u00e9no, ale strachem zd\u0159ev\u011bn\u011bl.:)\",\"mime\":\"image\/jpeg\",\"type\":\"image\",\"width\":1024,\"height\":683,\"sizes\":{\"thumbnail\":{\"height\":100,\"width\":150,\"url\":\"https:\/\/www.cykloromantika.cz\/wp-content\/uploads\/2022\/04\/foto-2012-01-59-150x100.jpg\",\"orientation\":\"landscape\"},\"medium\":{\"height\":200,\"width\":300,\"url\":\"https:\/\/www.cykloromantika.cz\/wp-content\/uploads\/2022\/04\/foto-2012-01-59-300x200.jpg\",\"orientation\":\"landscape\"},\"full\":{\"url\":\"https:\/\/www.cykloromantika.cz\/wp-content\/uploads\/2022\/04\/foto-2012-01-59.jpg\",\"height\":683,\"width\":1024,\"orientation\":\"landscape\"}},\"meta\":false,\"postlink\":\"https:\/\/www.cykloromantika.cz\/foto-2012-01-59\/\"},{\"id\":6353,\"title\":\"Foto 2012 01 61\",\"url\":\"https:\/\/www.cykloromantika.cz\/wp-content\/uploads\/2022\/04\/foto-2012-01-61.jpg\",\"link\":\"https:\/\/www.cykloromantika.cz\/foto-2012-01-61\/\",\"alt\":\"\",\"description\":\"\",\"caption\":\"Hola\u0161ovick\u00fd koloni\u00e1l, bohu\u017eel zav\u0159en\u00fd\",\"mime\":\"image\/jpeg\",\"type\":\"image\",\"width\":1024,\"height\":683,\"sizes\":{\"thumbnail\":{\"height\":100,\"width\":150,\"url\":\"https:\/\/www.cykloromantika.cz\/wp-content\/uploads\/2022\/04\/foto-2012-01-61-150x100.jpg\",\"orientation\":\"landscape\"},\"medium\":{\"height\":200,\"width\":300,\"url\":\"https:\/\/www.cykloromantika.cz\/wp-content\/uploads\/2022\/04\/foto-2012-01-61-300x200.jpg\",\"orientation\":\"landscape\"},\"full\":{\"url\":\"https:\/\/www.cykloromantika.cz\/wp-content\/uploads\/2022\/04\/foto-2012-01-61.jpg\",\"height\":683,\"width\":1024,\"orientation\":\"landscape\"}},\"meta\":false,\"postlink\":\"https:\/\/www.cykloromantika.cz\/foto-2012-01-61\/\"},{\"id\":6354,\"title\":\"Foto 2012 01 62\",\"url\":\"https:\/\/www.cykloromantika.cz\/wp-content\/uploads\/2022\/04\/foto-2012-01-62.jpg\",\"link\":\"https:\/\/www.cykloromantika.cz\/foto-2012-01-62\/\",\"alt\":\"\",\"description\":\"\",\"caption\":\"Pomn\u00edk na n\u00e1vsi v Hola\u0161ovic\u00edch\",\"mime\":\"image\/jpeg\",\"type\":\"image\",\"width\":683,\"height\":1024,\"sizes\":{\"thumbnail\":{\"height\":150,\"width\":100,\"url\":\"https:\/\/www.cykloromantika.cz\/wp-content\/uploads\/2022\/04\/foto-2012-01-62-100x150.jpg\",\"orientation\":\"portrait\"},\"medium\":{\"height\":300,\"width\":200,\"url\":\"https:\/\/www.cykloromantika.cz\/wp-content\/uploads\/2022\/04\/foto-2012-01-62-200x300.jpg\",\"orientation\":\"portrait\"},\"full\":{\"url\":\"https:\/\/www.cykloromantika.cz\/wp-content\/uploads\/2022\/04\/foto-2012-01-62.jpg\",\"height\":1024,\"width\":683,\"orientation\":\"portrait\"}},\"meta\":false,\"postlink\":\"https:\/\/www.cykloromantika.cz\/foto-2012-01-62\/\"},{\"id\":6355,\"title\":\"Foto 2012 01 63\",\"url\":\"https:\/\/www.cykloromantika.cz\/wp-content\/uploads\/2022\/04\/foto-2012-01-63.jpg\",\"link\":\"https:\/\/www.cykloromantika.cz\/foto-2012-01-63\/\",\"alt\":\"\",\"description\":\"\",\"caption\":\"Hola\u0161ovick\u00e1 n\u00e1ves\",\"mime\":\"image\/jpeg\",\"type\":\"image\",\"width\":1024,\"height\":683,\"sizes\":{\"thumbnail\":{\"height\":100,\"width\":150,\"url\":\"https:\/\/www.cykloromantika.cz\/wp-content\/uploads\/2022\/04\/foto-2012-01-63-150x100.jpg\",\"orientation\":\"landscape\"},\"medium\":{\"height\":200,\"width\":300,\"url\":\"https:\/\/www.cykloromantika.cz\/wp-content\/uploads\/2022\/04\/foto-2012-01-63-300x200.jpg\",\"orientation\":\"landscape\"},\"full\":{\"url\":\"https:\/\/www.cykloromantika.cz\/wp-content\/uploads\/2022\/04\/foto-2012-01-63.jpg\",\"height\":683,\"width\":1024,\"orientation\":\"landscape\"}},\"meta\":false,\"postlink\":\"https:\/\/www.cykloromantika.cz\/foto-2012-01-63\/\"},{\"id\":6356,\"title\":\"Foto 2012 01 64\",\"url\":\"https:\/\/www.cykloromantika.cz\/wp-content\/uploads\/2022\/04\/foto-2012-01-64.jpg\",\"link\":\"https:\/\/www.cykloromantika.cz\/foto-2012-01-64\/\",\"alt\":\"\",\"description\":\"\",\"caption\":\"Kaple sv. Jana Nepomuck\u00e9ho v Hola\u0161ovic\u00edch\",\"mime\":\"image\/jpeg\",\"type\":\"image\",\"width\":1024,\"height\":768,\"sizes\":{\"thumbnail\":{\"height\":113,\"width\":150,\"url\":\"https:\/\/www.cykloromantika.cz\/wp-content\/uploads\/2022\/04\/foto-2012-01-64-150x113.jpg\",\"orientation\":\"landscape\"},\"medium\":{\"height\":225,\"width\":300,\"url\":\"https:\/\/www.cykloromantika.cz\/wp-content\/uploads\/2022\/04\/foto-2012-01-64-300x225.jpg\",\"orientation\":\"landscape\"},\"full\":{\"url\":\"https:\/\/www.cykloromantika.cz\/wp-content\/uploads\/2022\/04\/foto-2012-01-64.jpg\",\"height\":768,\"width\":1024,\"orientation\":\"landscape\"}},\"meta\":false,\"postlink\":\"https:\/\/www.cykloromantika.cz\/foto-2012-01-64\/\"},{\"id\":6357,\"title\":\"Foto 2012 01 65\",\"url\":\"https:\/\/www.cykloromantika.cz\/wp-content\/uploads\/2022\/04\/foto-2012-01-65.jpg\",\"link\":\"https:\/\/www.cykloromantika.cz\/foto-2012-01-65\/\",\"alt\":\"\",\"description\":\"\",\"caption\":\"Tady jsme s m\u00edstn\u00edmi pojedli i popili.:)\",\"mime\":\"image\/jpeg\",\"type\":\"image\",\"width\":1024,\"height\":683,\"sizes\":{\"thumbnail\":{\"height\":100,\"width\":150,\"url\":\"https:\/\/www.cykloromantika.cz\/wp-content\/uploads\/2022\/04\/foto-2012-01-65-150x100.jpg\",\"orientation\":\"landscape\"},\"medium\":{\"height\":200,\"width\":300,\"url\":\"https:\/\/www.cykloromantika.cz\/wp-content\/uploads\/2022\/04\/foto-2012-01-65-300x200.jpg\",\"orientation\":\"landscape\"},\"full\":{\"url\":\"https:\/\/www.cykloromantika.cz\/wp-content\/uploads\/2022\/04\/foto-2012-01-65.jpg\",\"height\":683,\"width\":1024,\"orientation\":\"landscape\"}},\"meta\":false,\"postlink\":\"https:\/\/www.cykloromantika.cz\/foto-2012-01-65\/\"},{\"id\":6358,\"title\":\"Foto 2012 01 66\",\"url\":\"https:\/\/www.cykloromantika.cz\/wp-content\/uploads\/2022\/04\/foto-2012-01-66.jpg\",\"link\":\"https:\/\/www.cykloromantika.cz\/foto-2012-01-66\/\",\"alt\":\"\",\"description\":\"\",\"caption\":\"Teprve 8. pivo?... nud\u00e1\u00e1\u00e1\u00e1\u00e1\",\"mime\":\"image\/jpeg\",\"type\":\"image\",\"width\":683,\"height\":1024,\"sizes\":{\"thumbnail\":{\"height\":150,\"width\":100,\"url\":\"https:\/\/www.cykloromantika.cz\/wp-content\/uploads\/2022\/04\/foto-2012-01-66-100x150.jpg\",\"orientation\":\"portrait\"},\"medium\":{\"height\":300,\"width\":200,\"url\":\"https:\/\/www.cykloromantika.cz\/wp-content\/uploads\/2022\/04\/foto-2012-01-66-200x300.jpg\",\"orientation\":\"portrait\"},\"full\":{\"url\":\"https:\/\/www.cykloromantika.cz\/wp-content\/uploads\/2022\/04\/foto-2012-01-66.jpg\",\"height\":1024,\"width\":683,\"orientation\":\"portrait\"}},\"meta\":false,\"postlink\":\"https:\/\/www.cykloromantika.cz\/foto-2012-01-66\/\"},{\"id\":6359,\"title\":\"Foto 2012 01 67\",\"url\":\"https:\/\/www.cykloromantika.cz\/wp-content\/uploads\/2022\/04\/foto-2012-01-67.jpg\",\"link\":\"https:\/\/www.cykloromantika.cz\/foto-2012-01-67\/\",\"alt\":\"\",\"description\":\"\",\"caption\":\"O 3 ho\u010fky na t\u00e9m\u017ee m\u00edst\u011b! :)\",\"mime\":\"image\/jpeg\",\"type\":\"image\",\"width\":1024,\"height\":683,\"sizes\":{\"thumbnail\":{\"height\":100,\"width\":150,\"url\":\"https:\/\/www.cykloromantika.cz\/wp-content\/uploads\/2022\/04\/foto-2012-01-67-150x100.jpg\",\"orientation\":\"landscape\"},\"medium\":{\"height\":200,\"width\":300,\"url\":\"https:\/\/www.cykloromantika.cz\/wp-content\/uploads\/2022\/04\/foto-2012-01-67-300x200.jpg\",\"orientation\":\"landscape\"},\"full\":{\"url\":\"https:\/\/www.cykloromantika.cz\/wp-content\/uploads\/2022\/04\/foto-2012-01-67.jpg\",\"height\":683,\"width\":1024,\"orientation\":\"landscape\"}},\"meta\":false,\"postlink\":\"https:\/\/www.cykloromantika.cz\/foto-2012-01-67\/\"},{\"id\":6360,\"title\":\"Foto 2012 01 68\",\"url\":\"https:\/\/www.cykloromantika.cz\/wp-content\/uploads\/2022\/04\/foto-2012-01-68.jpg\",\"link\":\"https:\/\/www.cykloromantika.cz\/foto-2012-01-68\/\",\"alt\":\"\",\"description\":\"\",\"caption\":\"Hola\u0161ovick\u00e1 hosp\u016fdka a Rom\u00e1niu jako n\u00e1\u0161 nov\u00e1\u010dek.:)\",\"mime\":\"image\/jpeg\",\"type\":\"image\",\"width\":1024,\"height\":768,\"sizes\":{\"thumbnail\":{\"height\":113,\"width\":150,\"url\":\"https:\/\/www.cykloromantika.cz\/wp-content\/uploads\/2022\/04\/foto-2012-01-68-150x113.jpg\",\"orientation\":\"landscape\"},\"medium\":{\"height\":225,\"width\":300,\"url\":\"https:\/\/www.cykloromantika.cz\/wp-content\/uploads\/2022\/04\/foto-2012-01-68-300x225.jpg\",\"orientation\":\"landscape\"},\"full\":{\"url\":\"https:\/\/www.cykloromantika.cz\/wp-content\/uploads\/2022\/04\/foto-2012-01-68.jpg\",\"height\":768,\"width\":1024,\"orientation\":\"landscape\"}},\"meta\":false,\"postlink\":\"https:\/\/www.cykloromantika.cz\/foto-2012-01-68\/\"},{\"id\":6361,\"title\":\"Foto 2012 01 69\",\"url\":\"https:\/\/www.cykloromantika.cz\/wp-content\/uploads\/2022\/04\/foto-2012-01-69.jpg\",\"link\":\"https:\/\/www.cykloromantika.cz\/foto-2012-01-69\/\",\"alt\":\"\",\"description\":\"\",\"caption\":\"Dru\u017eba v hosp\u016fdce:) Kr\u00e1sa, jak jsme si byli bl\u00edzko.:)\",\"mime\":\"image\/jpeg\",\"type\":\"image\",\"width\":1024,\"height\":768,\"sizes\":{\"thumbnail\":{\"height\":113,\"width\":150,\"url\":\"https:\/\/www.cykloromantika.cz\/wp-content\/uploads\/2022\/04\/foto-2012-01-69-150x113.jpg\",\"orientation\":\"landscape\"},\"medium\":{\"height\":225,\"width\":300,\"url\":\"https:\/\/www.cykloromantika.cz\/wp-content\/uploads\/2022\/04\/foto-2012-01-69-300x225.jpg\",\"orientation\":\"landscape\"},\"full\":{\"url\":\"https:\/\/www.cykloromantika.cz\/wp-content\/uploads\/2022\/04\/foto-2012-01-69.jpg\",\"height\":768,\"width\":1024,\"orientation\":\"landscape\"}},\"meta\":false,\"postlink\":\"https:\/\/www.cykloromantika.cz\/foto-2012-01-69\/\"},{\"id\":6563,\"title\":\"Foto 2012 01 70\",\"url\":\"https:\/\/www.cykloromantika.cz\/wp-content\/uploads\/2022\/04\/foto-2012-01-70.jpg\",\"link\":\"https:\/\/www.cykloromantika.cz\/foto-2012-01-70\/\",\"alt\":\"\",\"description\":\"\",\"caption\":\"Krajinka Pod v\u00fdhledy na rozcest\u00ed \u0158eviny\",\"mime\":\"image\/jpeg\",\"type\":\"image\",\"width\":1024,\"height\":683,\"sizes\":{\"thumbnail\":{\"height\":100,\"width\":150,\"url\":\"https:\/\/www.cykloromantika.cz\/wp-content\/uploads\/2022\/04\/foto-2012-01-70-150x100.jpg\",\"orientation\":\"landscape\"},\"medium\":{\"height\":200,\"width\":300,\"url\":\"https:\/\/www.cykloromantika.cz\/wp-content\/uploads\/2022\/04\/foto-2012-01-70-300x200.jpg\",\"orientation\":\"landscape\"},\"full\":{\"url\":\"https:\/\/www.cykloromantika.cz\/wp-content\/uploads\/2022\/04\/foto-2012-01-70.jpg\",\"height\":683,\"width\":1024,\"orientation\":\"landscape\"}},\"meta\":false,\"postlink\":\"https:\/\/www.cykloromantika.cz\/foto-2012-01-70\/\"},{\"id\":6558,\"title\":\"Foto 2012 01 71\",\"url\":\"https:\/\/www.cykloromantika.cz\/wp-content\/uploads\/2022\/04\/foto-2012-01-71.jpg\",\"link\":\"https:\/\/www.cykloromantika.cz\/foto-2012-01-71\/\",\"alt\":\"\",\"description\":\"\",\"caption\":\"Stoup\u00e1n\u00ed na Novou Ves\",\"mime\":\"image\/jpeg\",\"type\":\"image\",\"width\":1024,\"height\":683,\"sizes\":{\"thumbnail\":{\"height\":100,\"width\":150,\"url\":\"https:\/\/www.cykloromantika.cz\/wp-content\/uploads\/2022\/04\/foto-2012-01-71-150x100.jpg\",\"orientation\":\"landscape\"},\"medium\":{\"height\":200,\"width\":300,\"url\":\"https:\/\/www.cykloromantika.cz\/wp-content\/uploads\/2022\/04\/foto-2012-01-71-300x200.jpg\",\"orientation\":\"landscape\"},\"full\":{\"url\":\"https:\/\/www.cykloromantika.cz\/wp-content\/uploads\/2022\/04\/foto-2012-01-71.jpg\",\"height\":683,\"width\":1024,\"orientation\":\"landscape\"}},\"meta\":false,\"postlink\":\"https:\/\/www.cykloromantika.cz\/foto-2012-01-71\/\"},{\"id\":6559,\"title\":\"Foto 2012 01 72\",\"url\":\"https:\/\/www.cykloromantika.cz\/wp-content\/uploads\/2022\/04\/foto-2012-01-72.jpg\",\"link\":\"https:\/\/www.cykloromantika.cz\/foto-2012-01-72\/\",\"alt\":\"\",\"description\":\"\",\"caption\":\"Rozcest\u00ed \u0158eviny\",\"mime\":\"image\/jpeg\",\"type\":\"image\",\"width\":1024,\"height\":683,\"sizes\":{\"thumbnail\":{\"height\":100,\"width\":150,\"url\":\"https:\/\/www.cykloromantika.cz\/wp-content\/uploads\/2022\/04\/foto-2012-01-72-150x100.jpg\",\"orientation\":\"landscape\"},\"medium\":{\"height\":200,\"width\":300,\"url\":\"https:\/\/www.cykloromantika.cz\/wp-content\/uploads\/2022\/04\/foto-2012-01-72-300x200.jpg\",\"orientation\":\"landscape\"},\"full\":{\"url\":\"https:\/\/www.cykloromantika.cz\/wp-content\/uploads\/2022\/04\/foto-2012-01-72.jpg\",\"height\":683,\"width\":1024,\"orientation\":\"landscape\"}},\"meta\":false,\"postlink\":\"https:\/\/www.cykloromantika.cz\/foto-2012-01-72\/\"},{\"id\":6560,\"title\":\"Foto 2012 01 73\",\"url\":\"https:\/\/www.cykloromantika.cz\/wp-content\/uploads\/2022\/04\/foto-2012-01-73.jpg\",\"link\":\"https:\/\/www.cykloromantika.cz\/foto-2012-01-73\/\",\"alt\":\"\",\"description\":\"\",\"caption\":\"Rozcest\u00ed \u0158eviny\",\"mime\":\"image\/jpeg\",\"type\":\"image\",\"width\":1024,\"height\":683,\"sizes\":{\"thumbnail\":{\"height\":100,\"width\":150,\"url\":\"https:\/\/www.cykloromantika.cz\/wp-content\/uploads\/2022\/04\/foto-2012-01-73-150x100.jpg\",\"orientation\":\"landscape\"},\"medium\":{\"height\":200,\"width\":300,\"url\":\"https:\/\/www.cykloromantika.cz\/wp-content\/uploads\/2022\/04\/foto-2012-01-73-300x200.jpg\",\"orientation\":\"landscape\"},\"full\":{\"url\":\"https:\/\/www.cykloromantika.cz\/wp-content\/uploads\/2022\/04\/foto-2012-01-73.jpg\",\"height\":683,\"width\":1024,\"orientation\":\"landscape\"}},\"meta\":false,\"postlink\":\"https:\/\/www.cykloromantika.cz\/foto-2012-01-73\/\"},{\"id\":6561,\"title\":\"Foto 2012 01 74\",\"url\":\"https:\/\/www.cykloromantika.cz\/wp-content\/uploads\/2022\/04\/foto-2012-01-74.jpg\",\"link\":\"https:\/\/www.cykloromantika.cz\/foto-2012-01-74\/\",\"alt\":\"\",\"description\":\"\",\"caption\":\"Buben\u00edci, p\u0159ijeli jsme z daleka:)\",\"mime\":\"image\/jpeg\",\"type\":\"image\",\"width\":1024,\"height\":683,\"sizes\":{\"thumbnail\":{\"height\":100,\"width\":150,\"url\":\"https:\/\/www.cykloromantika.cz\/wp-content\/uploads\/2022\/04\/foto-2012-01-74-150x100.jpg\",\"orientation\":\"landscape\"},\"medium\":{\"height\":200,\"width\":300,\"url\":\"https:\/\/www.cykloromantika.cz\/wp-content\/uploads\/2022\/04\/foto-2012-01-74-300x200.jpg\",\"orientation\":\"landscape\"},\"full\":{\"url\":\"https:\/\/www.cykloromantika.cz\/wp-content\/uploads\/2022\/04\/foto-2012-01-74.jpg\",\"height\":683,\"width\":1024,\"orientation\":\"landscape\"}},\"meta\":false,\"postlink\":\"https:\/\/www.cykloromantika.cz\/foto-2012-01-74\/\"},{\"id\":6562,\"title\":\"Foto 2012 01 75\",\"url\":\"https:\/\/www.cykloromantika.cz\/wp-content\/uploads\/2022\/04\/foto-2012-01-75.jpg\",\"link\":\"https:\/\/www.cykloromantika.cz\/foto-2012-01-75\/\",\"alt\":\"\",\"description\":\"\",\"caption\":\"\u0158evinovsk\u00e9 bubnov\u00e1n\u00ed\",\"mime\":\"image\/jpeg\",\"type\":\"image\",\"width\":1024,\"height\":683,\"sizes\":{\"thumbnail\":{\"height\":100,\"width\":150,\"url\":\"https:\/\/www.cykloromantika.cz\/wp-content\/uploads\/2022\/04\/foto-2012-01-75-150x100.jpg\",\"orientation\":\"landscape\"},\"medium\":{\"height\":200,\"width\":300,\"url\":\"https:\/\/www.cykloromantika.cz\/wp-content\/uploads\/2022\/04\/foto-2012-01-75-300x200.jpg\",\"orientation\":\"landscape\"},\"full\":{\"url\":\"https:\/\/www.cykloromantika.cz\/wp-content\/uploads\/2022\/04\/foto-2012-01-75.jpg\",\"height\":683,\"width\":1024,\"orientation\":\"landscape\"}},\"meta\":false,\"postlink\":\"https:\/\/www.cykloromantika.cz\/foto-2012-01-75\/\"},{\"id\":6367,\"title\":\"Foto 2012 01 76\",\"url\":\"https:\/\/www.cykloromantika.cz\/wp-content\/uploads\/2022\/04\/foto-2012-01-76.jpg\",\"link\":\"https:\/\/www.cykloromantika.cz\/foto-2012-01-76\/\",\"alt\":\"\",\"description\":\"\",\"caption\":\"Zast\u00e1vka nad Novou Vs\u00ed byla t\u0159eba!\",\"mime\":\"image\/jpeg\",\"type\":\"image\",\"width\":768,\"height\":1024,\"sizes\":{\"thumbnail\":{\"height\":150,\"width\":113,\"url\":\"https:\/\/www.cykloromantika.cz\/wp-content\/uploads\/2022\/04\/foto-2012-01-76-113x150.jpg\",\"orientation\":\"portrait\"},\"medium\":{\"height\":300,\"width\":225,\"url\":\"https:\/\/www.cykloromantika.cz\/wp-content\/uploads\/2022\/04\/foto-2012-01-76-225x300.jpg\",\"orientation\":\"portrait\"},\"full\":{\"url\":\"https:\/\/www.cykloromantika.cz\/wp-content\/uploads\/2022\/04\/foto-2012-01-76.jpg\",\"height\":1024,\"width\":768,\"orientation\":\"portrait\"}},\"meta\":false,\"postlink\":\"https:\/\/www.cykloromantika.cz\/foto-2012-01-76\/\"},{\"id\":6368,\"title\":\"Foto 2012 01 77\",\"url\":\"https:\/\/www.cykloromantika.cz\/wp-content\/uploads\/2022\/04\/foto-2012-01-77.jpg\",\"link\":\"https:\/\/www.cykloromantika.cz\/foto-2012-01-77\/\",\"alt\":\"\",\"description\":\"\",\"caption\":\"Tak tomuto se \u0159\u00edk\u00e1 tot\u00e1ln\u00ed slivovicov\u00fd efekt... Nejede to! :)\",\"mime\":\"image\/jpeg\",\"type\":\"image\",\"width\":1024,\"height\":683,\"sizes\":{\"thumbnail\":{\"height\":100,\"width\":150,\"url\":\"https:\/\/www.cykloromantika.cz\/wp-content\/uploads\/2022\/04\/foto-2012-01-77-150x100.jpg\",\"orientation\":\"landscape\"},\"medium\":{\"height\":200,\"width\":300,\"url\":\"https:\/\/www.cykloromantika.cz\/wp-content\/uploads\/2022\/04\/foto-2012-01-77-300x200.jpg\",\"orientation\":\"landscape\"},\"full\":{\"url\":\"https:\/\/www.cykloromantika.cz\/wp-content\/uploads\/2022\/04\/foto-2012-01-77.jpg\",\"height\":683,\"width\":1024,\"orientation\":\"landscape\"}},\"meta\":false,\"postlink\":\"https:\/\/www.cykloromantika.cz\/foto-2012-01-77\/\"},{\"id\":6369,\"title\":\"Foto 2012 01 78\",\"url\":\"https:\/\/www.cykloromantika.cz\/wp-content\/uploads\/2022\/04\/foto-2012-01-78.jpg\",\"link\":\"https:\/\/www.cykloromantika.cz\/foto-2012-01-78\/\",\"alt\":\"\",\"description\":\"\",\"caption\":\"Cesti\u010dka na Novou Ves... nikde nikdo, ani pes!\",\"mime\":\"image\/jpeg\",\"type\":\"image\",\"width\":1024,\"height\":683,\"sizes\":{\"thumbnail\":{\"height\":100,\"width\":150,\"url\":\"https:\/\/www.cykloromantika.cz\/wp-content\/uploads\/2022\/04\/foto-2012-01-78-150x100.jpg\",\"orientation\":\"landscape\"},\"medium\":{\"height\":200,\"width\":300,\"url\":\"https:\/\/www.cykloromantika.cz\/wp-content\/uploads\/2022\/04\/foto-2012-01-78-300x200.jpg\",\"orientation\":\"landscape\"},\"full\":{\"url\":\"https:\/\/www.cykloromantika.cz\/wp-content\/uploads\/2022\/04\/foto-2012-01-78.jpg\",\"height\":683,\"width\":1024,\"orientation\":\"landscape\"}},\"meta\":false,\"postlink\":\"https:\/\/www.cykloromantika.cz\/foto-2012-01-78\/\"},{\"id\":6370,\"title\":\"Foto 2012 01 79\",\"url\":\"https:\/\/www.cykloromantika.cz\/wp-content\/uploads\/2022\/04\/foto-2012-01-79.jpg\",\"link\":\"https:\/\/www.cykloromantika.cz\/foto-2012-01-79\/\",\"alt\":\"\",\"description\":\"\",\"caption\":\"13. komnata Bohumila Form\u00e1nka :)\",\"mime\":\"image\/jpeg\",\"type\":\"image\",\"width\":1024,\"height\":683,\"sizes\":{\"thumbnail\":{\"height\":100,\"width\":150,\"url\":\"https:\/\/www.cykloromantika.cz\/wp-content\/uploads\/2022\/04\/foto-2012-01-79-150x100.jpg\",\"orientation\":\"landscape\"},\"medium\":{\"height\":200,\"width\":300,\"url\":\"https:\/\/www.cykloromantika.cz\/wp-content\/uploads\/2022\/04\/foto-2012-01-79-300x200.jpg\",\"orientation\":\"landscape\"},\"full\":{\"url\":\"https:\/\/www.cykloromantika.cz\/wp-content\/uploads\/2022\/04\/foto-2012-01-79.jpg\",\"height\":683,\"width\":1024,\"orientation\":\"landscape\"}},\"meta\":false,\"postlink\":\"https:\/\/www.cykloromantika.cz\/foto-2012-01-79\/\"},{\"id\":6564,\"title\":\"Foto 2012 01 80\",\"url\":\"https:\/\/www.cykloromantika.cz\/wp-content\/uploads\/2022\/04\/foto-2012-01-80.jpg\",\"link\":\"https:\/\/www.cykloromantika.cz\/foto-2012-01-80\/\",\"alt\":\"\",\"description\":\"\",\"caption\":\"Krajinka okolo Nov\u00e9 Vsi\",\"mime\":\"image\/jpeg\",\"type\":\"image\",\"width\":1024,\"height\":683,\"sizes\":{\"thumbnail\":{\"height\":100,\"width\":150,\"url\":\"https:\/\/www.cykloromantika.cz\/wp-content\/uploads\/2022\/04\/foto-2012-01-80-150x100.jpg\",\"orientation\":\"landscape\"},\"medium\":{\"height\":200,\"width\":300,\"url\":\"https:\/\/www.cykloromantika.cz\/wp-content\/uploads\/2022\/04\/foto-2012-01-80-300x200.jpg\",\"orientation\":\"landscape\"},\"full\":{\"url\":\"https:\/\/www.cykloromantika.cz\/wp-content\/uploads\/2022\/04\/foto-2012-01-80.jpg\",\"height\":683,\"width\":1024,\"orientation\":\"landscape\"}},\"meta\":false,\"postlink\":\"https:\/\/www.cykloromantika.cz\/foto-2012-01-80\/\"},{\"id\":6565,\"title\":\"Foto 2012 01 81\",\"url\":\"https:\/\/www.cykloromantika.cz\/wp-content\/uploads\/2022\/04\/foto-2012-01-81.jpg\",\"link\":\"https:\/\/www.cykloromantika.cz\/foto-2012-01-81\/\",\"alt\":\"\",\"description\":\"\",\"caption\":\"Krajinka okolo Nov\u00e9 Vsi\",\"mime\":\"image\/jpeg\",\"type\":\"image\",\"width\":1024,\"height\":683,\"sizes\":{\"thumbnail\":{\"height\":100,\"width\":150,\"url\":\"https:\/\/www.cykloromantika.cz\/wp-content\/uploads\/2022\/04\/foto-2012-01-81-150x100.jpg\",\"orientation\":\"landscape\"},\"medium\":{\"height\":200,\"width\":300,\"url\":\"https:\/\/www.cykloromantika.cz\/wp-content\/uploads\/2022\/04\/foto-2012-01-81-300x200.jpg\",\"orientation\":\"landscape\"},\"full\":{\"url\":\"https:\/\/www.cykloromantika.cz\/wp-content\/uploads\/2022\/04\/foto-2012-01-81.jpg\",\"height\":683,\"width\":1024,\"orientation\":\"landscape\"}},\"meta\":false,\"postlink\":\"https:\/\/www.cykloromantika.cz\/foto-2012-01-81\/\"},{\"id\":6566,\"title\":\"Foto 2012 01 82\",\"url\":\"https:\/\/www.cykloromantika.cz\/wp-content\/uploads\/2022\/04\/foto-2012-01-82.jpg\",\"link\":\"https:\/\/www.cykloromantika.cz\/foto-2012-01-82\/\",\"alt\":\"\",\"description\":\"\",\"caption\":\"Nov\u00e1 ves \u2013 v\u00fdhled na rybn\u00ed\u010dek\",\"mime\":\"image\/jpeg\",\"type\":\"image\",\"width\":1024,\"height\":683,\"sizes\":{\"thumbnail\":{\"height\":100,\"width\":150,\"url\":\"https:\/\/www.cykloromantika.cz\/wp-content\/uploads\/2022\/04\/foto-2012-01-82-150x100.jpg\",\"orientation\":\"landscape\"},\"medium\":{\"height\":200,\"width\":300,\"url\":\"https:\/\/www.cykloromantika.cz\/wp-content\/uploads\/2022\/04\/foto-2012-01-82-300x200.jpg\",\"orientation\":\"landscape\"},\"full\":{\"url\":\"https:\/\/www.cykloromantika.cz\/wp-content\/uploads\/2022\/04\/foto-2012-01-82.jpg\",\"height\":683,\"width\":1024,\"orientation\":\"landscape\"}},\"meta\":false,\"postlink\":\"https:\/\/www.cykloromantika.cz\/foto-2012-01-82\/\"},{\"id\":6567,\"title\":\"Foto 2012 01 83\",\"url\":\"https:\/\/www.cykloromantika.cz\/wp-content\/uploads\/2022\/04\/foto-2012-01-83.jpg\",\"link\":\"https:\/\/www.cykloromantika.cz\/foto-2012-01-83\/\",\"alt\":\"\",\"description\":\"\",\"caption\":\"Tak jak n\u00e1s Adam stvo\u0159il! :)\",\"mime\":\"image\/jpeg\",\"type\":\"image\",\"width\":1024,\"height\":683,\"sizes\":{\"thumbnail\":{\"height\":100,\"width\":150,\"url\":\"https:\/\/www.cykloromantika.cz\/wp-content\/uploads\/2022\/04\/foto-2012-01-83-150x100.jpg\",\"orientation\":\"landscape\"},\"medium\":{\"height\":200,\"width\":300,\"url\":\"https:\/\/www.cykloromantika.cz\/wp-content\/uploads\/2022\/04\/foto-2012-01-83-300x200.jpg\",\"orientation\":\"landscape\"},\"full\":{\"url\":\"https:\/\/www.cykloromantika.cz\/wp-content\/uploads\/2022\/04\/foto-2012-01-83.jpg\",\"height\":683,\"width\":1024,\"orientation\":\"landscape\"}},\"meta\":false,\"postlink\":\"https:\/\/www.cykloromantika.cz\/foto-2012-01-83\/\"},{\"id\":6568,\"title\":\"Foto 2012 01 84\",\"url\":\"https:\/\/www.cykloromantika.cz\/wp-content\/uploads\/2022\/04\/foto-2012-01-84.jpg\",\"link\":\"https:\/\/www.cykloromantika.cz\/foto-2012-01-84\/\",\"alt\":\"\",\"description\":\"\",\"caption\":\"Nov\u00e1 ves... hele rybn\u00edk... tak to bez :)\",\"mime\":\"image\/jpeg\",\"type\":\"image\",\"width\":1024,\"height\":683,\"sizes\":{\"thumbnail\":{\"height\":100,\"width\":150,\"url\":\"https:\/\/www.cykloromantika.cz\/wp-content\/uploads\/2022\/04\/foto-2012-01-84-150x100.jpg\",\"orientation\":\"landscape\"},\"medium\":{\"height\":200,\"width\":300,\"url\":\"https:\/\/www.cykloromantika.cz\/wp-content\/uploads\/2022\/04\/foto-2012-01-84-300x200.jpg\",\"orientation\":\"landscape\"},\"full\":{\"url\":\"https:\/\/www.cykloromantika.cz\/wp-content\/uploads\/2022\/04\/foto-2012-01-84.jpg\",\"height\":683,\"width\":1024,\"orientation\":\"landscape\"}},\"meta\":false,\"postlink\":\"https:\/\/www.cykloromantika.cz\/foto-2012-01-84\/\"},{\"id\":6569,\"title\":\"Foto 2012 01 85\",\"url\":\"https:\/\/www.cykloromantika.cz\/wp-content\/uploads\/2022\/04\/foto-2012-01-85.jpg\",\"link\":\"https:\/\/www.cykloromantika.cz\/foto-2012-01-85\/\",\"alt\":\"\",\"description\":\"\",\"caption\":\"Slun\u00ed\u010dko a ohniv\u00e1 voda... kopec... to nen\u00ed dobr\u00fd n\u00e1pad!:)\",\"mime\":\"image\/jpeg\",\"type\":\"image\",\"width\":1024,\"height\":768,\"sizes\":{\"thumbnail\":{\"height\":113,\"width\":150,\"url\":\"https:\/\/www.cykloromantika.cz\/wp-content\/uploads\/2022\/04\/foto-2012-01-85-150x113.jpg\",\"orientation\":\"landscape\"},\"medium\":{\"height\":225,\"width\":300,\"url\":\"https:\/\/www.cykloromantika.cz\/wp-content\/uploads\/2022\/04\/foto-2012-01-85-300x225.jpg\",\"orientation\":\"landscape\"},\"full\":{\"url\":\"https:\/\/www.cykloromantika.cz\/wp-content\/uploads\/2022\/04\/foto-2012-01-85.jpg\",\"height\":768,\"width\":1024,\"orientation\":\"landscape\"}},\"meta\":false,\"postlink\":\"https:\/\/www.cykloromantika.cz\/foto-2012-01-85\/\"},{\"id\":6377,\"title\":\"Foto 2012 01 86\",\"url\":\"https:\/\/www.cykloromantika.cz\/wp-content\/uploads\/2022\/04\/foto-2012-01-86.jpg\",\"link\":\"https:\/\/www.cykloromantika.cz\/foto-2012-01-86\/\",\"alt\":\"\",\"description\":\"\",\"caption\":\"Cesti\u010dka sm\u011brem k Brlohu\",\"mime\":\"image\/jpeg\",\"type\":\"image\",\"width\":1024,\"height\":683,\"sizes\":{\"thumbnail\":{\"height\":100,\"width\":150,\"url\":\"https:\/\/www.cykloromantika.cz\/wp-content\/uploads\/2022\/04\/foto-2012-01-86-150x100.jpg\",\"orientation\":\"landscape\"},\"medium\":{\"height\":200,\"width\":300,\"url\":\"https:\/\/www.cykloromantika.cz\/wp-content\/uploads\/2022\/04\/foto-2012-01-86-300x200.jpg\",\"orientation\":\"landscape\"},\"full\":{\"url\":\"https:\/\/www.cykloromantika.cz\/wp-content\/uploads\/2022\/04\/foto-2012-01-86.jpg\",\"height\":683,\"width\":1024,\"orientation\":\"landscape\"}},\"meta\":false,\"postlink\":\"https:\/\/www.cykloromantika.cz\/foto-2012-01-86\/\"},{\"id\":6571,\"title\":\"Foto 2012 01 87\",\"url\":\"https:\/\/www.cykloromantika.cz\/wp-content\/uploads\/2022\/04\/foto-2012-01-87.jpg\",\"link\":\"https:\/\/www.cykloromantika.cz\/foto-2012-01-87\/\",\"alt\":\"\",\"description\":\"\",\"caption\":\"U\u017e se bl\u00ed\u017e\u00edme k na\u0161emu m\u00edste\u010dku k span\u00ed \u2013 Brlohu.\",\"mime\":\"image\/jpeg\",\"type\":\"image\",\"width\":1024,\"height\":683,\"sizes\":{\"thumbnail\":{\"height\":100,\"width\":150,\"url\":\"https:\/\/www.cykloromantika.cz\/wp-content\/uploads\/2022\/04\/foto-2012-01-87-150x100.jpg\",\"orientation\":\"landscape\"},\"medium\":{\"height\":200,\"width\":300,\"url\":\"https:\/\/www.cykloromantika.cz\/wp-content\/uploads\/2022\/04\/foto-2012-01-87-300x200.jpg\",\"orientation\":\"landscape\"},\"full\":{\"url\":\"https:\/\/www.cykloromantika.cz\/wp-content\/uploads\/2022\/04\/foto-2012-01-87.jpg\",\"height\":683,\"width\":1024,\"orientation\":\"landscape\"}},\"meta\":false,\"postlink\":\"https:\/\/www.cykloromantika.cz\/foto-2012-01-87\/\"}],\"itemsMetaDataCollection\":[],\"galleryData\":\"{\\u0022pageMode\\u0022:false,\\u0022lastRowFill\\u0022:true,\\u0022collectionThumbRecomendedHeight\\u0022:300,\\u0022collectionThumbMiniScreenScale\\u0022:true,\\u0022thumbSpacing\\u0022:5,\\u0022thumbMobileSpacing\\u0022:5,\\u0022externalLink\\u0022:true,\\u0022externalLinkDefName\\u0022:\\u0022Read More\\u0022,\\u0022externalLinkTextColor\\u0022:\\u0022rgba(0,0,0,1)\\u0022,\\u0022externalLinkBgColor\\u0022:\\u0022rgba(255,255,255,1)\\u0022,\\u0022externalLinkFontSize\\u0022:18,\\u0022captions\\u0022:true,\\u0022captionSrc\\u0022:\\u0022caption\\u0022,\\u0022captionHAlign\\u0022:\\u0022bottom\\u0022,\\u0022collectionthumbHoverTitleFontSize\\u0022:12,\\u0022collectionthumbRoundedCorners\\u0022:8,\\u0022collectionthumbHoverTitleTextColor\\u0022:\\u0022rgba(255,255,255,1)\\u0022,\\u0022collectionthumbHoverTitleTextBgColor\\u0022:\\u0022rgba(0,0,0,0.44)\\u0022,\\u0022collectionthumbHoverBgColor\\u0022:\\u0022rgba(0,0,0,0.4)\\u0022,\\u0022collectionThumbSubMenuDownload\\u0022:true,\\u0022collectionThumbSubMenuShare\\u0022:false,\\u0022collectionThumbSubMenuBgColor\\u0022:\\u0022rgba(0,0,0,0.4)\\u0022,\\u0022collectionThumbSubMenuBgColorHover\\u0022:\\u0022rgba(255,255,255,1)\\u0022,\\u0022collectionThumbSubMenuIconColor\\u0022:\\u0022rgba(255,255,255,1)\\u0022,\\u0022collectionThumbSubMenuIconColorHover\\u0022:\\u0022rgba(0,0,0,1)\\u0022,\\u0022settingsModalIsOpen\\u0022:false,\\u0022galleryType\\u0022:\\u0022pgc_sgb_justified\\u0022,\\u0022align\\u0022:\\u0022\\u0022,\\u0022galleryId\\u0022:\\u002286981923\\u0022,\\u0022galleryQuery\\u0022:null,\\u0022tagsListCustomMode\\u0022:false,\\u0022initGalleryByFirstTag\\u0022:false,\\u0022deepLinkingForTag\\u0022:false,\\u0022galleryTagsList\\u0022:[],\\u0022useClobalSettings\\u0022:true,\\u0022orderBy\\u0022:\\u0022title\\u0022,\\u0022deepLinking\\u0022:false,\\u0022useLightbox\\u0022:true,\\u0022thumbClickAction\\u0022:\\u0022useLightbox\\u0022,\\u0022numItemsDisplayed\\u0022:0,\\u0022lazyLoading\\u0022:true,\\u0022contentNoPadding\\u0022:false,\\u0022galleryPreloaderColor\\u0022:\\u0022rgba(230,230,230,1)\\u0022,\\u0022galleryBgColor\\u0022:\\u0022rgba(0,0,0,0)\\u0022,\\u0022galleryBorderRadius\\u0022:8,\\u0022customCSS\\u0022:\\u0022\\u0022,\\u0022itemsPerPage\\u0022:20,\\u0022loadMoreDefName\\u0022:\\u0022Load More\\u0022,\\u0022loadMoreFontSize\\u0022:16,\\u0022loadMoreTextColor\\u0022:\\u0022rgba(255,255,255,1)\\u0022,\\u0022loadMoreBgColor\\u0022:\\u0022rgba(0,0,0,1)\\u0022,\\u0022tagsFilter\\u0022:false,\\u0022tagCloudAll\\u0022:\\u0022All\\u0022,\\u0022tagCloudBgColor\\u0022:\\u0022rgba(153,153,153,1)\\u0022,\\u0022tagCloudBgColorOver\\u0022:\\u0022rgba(253,253,253,1)\\u0022,\\u0022tagCloudTextColor\\u0022:\\u0022rgba(253,253,253,1)\\u0022,\\u0022tagCloudTextColorOver\\u0022:\\u0022rgba(153,153,153,1)\\u0022,\\u0022tagCloudFontSize\\u0022:16,\\u0022modaBgColor\\u0022:\\u0022rgba(0,0,0,0.8)\\u0022,\\u0022modalIconColor\\u0022:\\u0022rgba(255,255,255,1)\\u0022,\\u0022modalIconColorHover\\u0022:\\u0022rgba(255,255,255,0.8)\\u0022,\\u0022shareFacebook\\u0022:false,\\u0022shareTwitter\\u0022:false,\\u0022sharePinterest\\u0022:false,\\u0022sliderItemDownload\\u0022:true,\\u0022shareCopyLink\\u0022:true,\\u0022sharePost\\u0022:\\u0022postlink\\u0022,\\u0022copyRProtection\\u0022:false,\\u0022copyRAlert\\u0022:\\u0022Hello, this photo is mine!\\u0022,\\u0022sliderScrollNavi\\u0022:false,\\u0022sliderFullSizeViewMode\\u0022:false,\\u0022sliderNextPrevAnimation\\u0022:\\u0022animation\\u0022,\\u0022galleryScrollPositionControll\\u0022:false,\\u0022sliderVideoAutoPlay\\u0022:false,\\u0022sliderVideoLoop\\u0022:false,\\u0022sliderItemCounterEnable\\u0022:true,\\u0022sliderCaptionSrc\\u0022:\\u0022caption\\u0022,\\u0022sliderItemTitleEnable\\u0022:true,\\u0022sliderItemTitleFontSize\\u0022:18,\\u0022sliderItemTitleTextColor\\u0022:\\u0022rgba(255,255,255,1)\\u0022,\\u0022itemCounterColor\\u0022:\\u0022rgba(255,255,255,1)\\u0022,\\u0022sliderThumbBarEnable\\u0022:true,\\u0022sliderThumbBarHoverColor\\u0022:\\u0022rgba(240,240,240,1)\\u0022,\\u0022sliderBgColor\\u0022:\\u0022rgba(0,0,0,0.8)\\u0022,\\u0022sliderPreloaderColor\\u0022:\\u0022rgba(240,240,240,1)\\u0022,\\u0022sliderHeaderFooterBgColor\\u0022:\\u0022rgba(0,0,0,0.4)\\u0022,\\u0022sliderNavigationColor\\u0022:\\u0022rgba(0,0,0,1)\\u0022,\\u0022sliderNavigationColorOver\\u0022:\\u0022rgba(255,255,255,1)\\u0022,\\u0022sliderNavigationIconColor\\u0022:\\u0022rgba(255,255,255,1)\\u0022,\\u0022sliderNavigationIconColorOver\\u0022:\\u0022rgba(0,0,0,1)\\u0022,\\u0022sliderSlideshow\\u0022:true,\\u0022sliderSlideshowDelay\\u0022:8,\\u0022slideshowIndicatorColor\\u0022:\\u0022rgba(255,255,255,1)\\u0022,\\u0022slideshowIndicatorColorBg\\u0022:\\u0022rgba(255,255,255,0.5)\\u0022,\\u0022sliderThumbSubMenuBackgroundColor\\u0022:\\u0022rgba(255,255,255,0)\\u0022,\\u0022sliderThumbSubMenuBackgroundColorOver\\u0022:\\u0022rgba(255,255,255,1)\\u0022,\\u0022sliderThumbSubMenuIconColor\\u0022:\\u0022rgba(255,255,255,1)\\u0022,\\u0022sliderThumbSubMenuIconHoverColor\\u0022:\\u0022rgba(0,0,0,1)\\u0022,\\u0022sliderSocialShareEnabled\\u0022:false,\\u0022sliderZoomEnable\\u0022:true,\\u0022sliderFullscreenEnabled\\u0022:true,\\u0022skin\\u0022:\\u0022justified\\u0022}\",\"useClobalSettings\":true,\"orderBy\":\"title\",\"galleryBorderRadius\":8,\"shareFacebook\":false,\"shareTwitter\":false,\"sharePinterest\":false,\"sharePost\":\"postlink\",\"sliderItemTitleEnable\":true,\"sliderSocialShareEnabled\":false}<\/script><script>(function(){if(window.PGC_SGB && window.PGC_SGB.searcher){window.PGC_SGB.searcher.initBlocks()}})()<\/script><\/div>\n<\/div><\/div>\n<\/div><\/div><\/div>\n","protected":false},"excerpt":{"rendered":"","protected":false},"author":3,"featured_media":6339,"comment_status":"open","ping_status":"open","sticky":false,"template":"","format":"standard","meta":{"_acf_changed":false,"pgc_sgb_lightbox_settings":"","footnotes":""},"categories":[31],"tags":[],"class_list":["post-1861","post","type-post","status-publish","format-standard","has-post-thumbnail","hentry","category-denicek"],"acf":[],"_links":{"self":[{"href":"https:\/\/www.cykloromantika.cz\/index.php\/wp-json\/wp\/v2\/posts\/1861","targetHints":{"allow":["GET"]}}],"collection":[{"href":"https:\/\/www.cykloromantika.cz\/index.php\/wp-json\/wp\/v2\/posts"}],"about":[{"href":"https:\/\/www.cykloromantika.cz\/index.php\/wp-json\/wp\/v2\/types\/post"}],"author":[{"embeddable":true,"href":"https:\/\/www.cykloromantika.cz\/index.php\/wp-json\/wp\/v2\/users\/3"}],"replies":[{"embeddable":true,"href":"https:\/\/www.cykloromantika.cz\/index.php\/wp-json\/wp\/v2\/comments?post=1861"}],"version-history":[{"count":5,"href":"https:\/\/www.cykloromantika.cz\/index.php\/wp-json\/wp\/v2\/posts\/1861\/revisions"}],"predecessor-version":[{"id":6574,"href":"https:\/\/www.cykloromantika.cz\/index.php\/wp-json\/wp\/v2\/posts\/1861\/revisions\/6574"}],"wp:featuredmedia":[{"embeddable":true,"href":"https:\/\/www.cykloromantika.cz\/index.php\/wp-json\/wp\/v2\/media\/6339"}],"wp:attachment":[{"href":"https:\/\/www.cykloromantika.cz\/index.php\/wp-json\/wp\/v2\/media?parent=1861"}],"wp:term":[{"taxonomy":"category","embeddable":true,"href":"https:\/\/www.cykloromantika.cz\/index.php\/wp-json\/wp\/v2\/categories?post=1861"},{"taxonomy":"post_tag","embeddable":true,"href":"https:\/\/www.cykloromantika.cz\/index.php\/wp-json\/wp\/v2\/tags?post=1861"}],"curies":[{"name":"wp","href":"https:\/\/api.w.org\/{rel}","templated":true}]}}