{"id":1,"date":"2007-07-30T18:08:00","date_gmt":"2007-07-30T18:08:00","guid":{"rendered":"http:\/\/localhost\/wp\/wp481\/?p=1"},"modified":"2022-01-19T14:54:24","modified_gmt":"2022-01-19T13:54:24","slug":"hello-world","status":"publish","type":"post","link":"https:\/\/www.cykloromantika.cz\/index.php\/2007\/07\/30\/hello-world\/","title":{"rendered":"11.&nbsp;ro\u010dn\u00edk zah\u00e1jen"},"content":{"rendered":"\n<p><strong>Kone\u010dn\u011b. Je to op\u011bt tady.<\/strong>\u00a0<strong>Den D<\/strong> na kter\u00fd jsme netrp\u011bliv\u011b \u010dekali cel\u00fd dlouh\u00fd rok, jup\u00ed\u00ed\u00ed\u00ed\u00ed\u00ed\u00ed\u00ed\u00ed\u00ed\u00ed\u00ed, kola 2007, n\u00e1\u0161 11.&nbsp;ro\u010dn\u00edk. Za\u010d\u00edn\u00e1me. Voln\u011b si usedn\u011bte do k\u0159es\u00edlek, uva\u0159te si t\u0159eba \u010daj\u00edk a \u010dt\u011bte, ob\u010das si zav\u0159ete o\u010di a p\u0159edstavte si tu atmosf\u00e9ru, kterou jsme za\u017eili. Je radost se kochat a jen tak si p\u0159edstavit, \u017ee je \u010dlov\u011bk kraj\u00e1nkem&#8230; <\/p>\n\n\n\n<p>Samotn\u00e9 zah\u00e1jen\u00ed v\u00fdpravy jsme tento rok spole\u010dn\u011b (Vlkou\u0161, Bob\u00edk a Pepino) pojali pon\u011bkud netradi\u010dn\u011b. Rozhodli jsme se, \u017ee n\u00e1\u0161 cyklov\u00fdlet po h\u00e1j\u00edch \u010desk\u00fdch zapo\u010dneme bob\u0159\u00edkem nespan\u00ed a tak jsme si jako startovn\u00ed bod t\u00e9to cesty stanovili vl\u010d\u00ed doup\u011b v&nbsp;Bartovic\u00edch, kter\u00e9 se zove dle jm\u00e9na jednoho z&nbsp;na\u0161ich p\u0159edn\u00edch \u010dlen\u016f v\u00fdpravy, Vl\u010d\u00e1ka. Ihned po p\u0159\u00edjezdu v&nbsp;toto zajist\u00e9 honosn\u00e9 s\u00eddlo, byli jsme obda\u0159eni skvostnou \u010di sp\u00ed\u0161e delikatesn\u00ed ve\u010de\u0159\u00ed (hranolky, pe\u010den\u00e9 vejce a obalovan\u00e9 mas\u00ed\u010dko), kter\u00e9 n\u00e1m p\u0159ipravila Vl\u010d\u00e1kova maminka. Mlaskali jsme na cel\u00e9 kolo a t\u00edmto projevem d\u00e1vali najevo, \u017ee n\u00e1m opravdu chutn\u00e1. Vl\u010d\u00e1k dobaloval posledn\u00ed kousky sv\u00e9 bag\u00e1\u017ee, a tak jsme m\u011bli \u010das se u \u010daje p\u0159ipravovat na zah\u00e1jen\u00ed na\u0161\u00ed cesty. <\/p>\n\n\n\n<p>Okolo t\u0159i\u010dtvrt\u011b na dev\u011bt jsme se odebrali v&nbsp;m\u00edstn\u00ed podnik, kde jsme m\u011bli sraz s&nbsp;Mark\u00e9tkou a Pe\u0165kou, kter\u00e9 n\u00e1s m\u011bli obda\u0159it jemn\u00fdm \u017eensk\u00fdm humorem. Ve\u010der se zpo\u010d\u00e1tku rozj\u00ed\u017ed\u011bl pomalu, ale s&nbsp;p\u0159ib\u00fdvaj\u00edc\u00edm \u010dasem a lahodn\u00fdm mokem pohansk\u00e9ho boha Radegasta, kter\u00e9ho jsme t\u00edmto za\u010dali vyzn\u00e1vat, ale i geograficky opou\u0161t\u011bt, z\u00e1bava nab\u00edrala na obr\u00e1tk\u00e1ch. Vykl\u00e1dali jsme si z\u00e1\u017eitky z&nbsp;p\u0159ede\u0161l\u00fdch cest a vyslechli si velice zaj\u00edmavou historku o cyklistick\u00e9 nehod\u011b t\u011bchto dvou nerozlu\u010dn\u00fdch kamar\u00e1dek, kterou jsme pak zrekonstruovali pomoc\u00ed pivn\u00edch sklenic, t\u00e1ck\u016f, solni\u010dky a pep\u0159enky p\u0159\u00edmo na hospodsk\u00e9m stole. P\u0159i\u0161el za n\u00e1mi na chvili\u010dku i \u010dlen p\u0159ede\u0161l\u00fdch v\u00fdprav, Vl\u010d\u00e1k mlad\u0161\u00ed, kter\u00fd v\u0161ak kv\u016fli nehod\u00edc\u00edmu se term\u00ednu dovolen\u00e9 s&nbsp;n\u00e1mi tuto cestu neabsolvoval. <\/p>\n\n\n\n<p>V 11 se zav\u00edrala hospoda, a tak jsme se rozhodli, \u017ee se p\u0159esuneme o kousek d\u00e1le, do hosp\u016fdky u h\u0159i\u0161t\u011b. Bohu\u017eel i tento podnik zklamal na\u0161e pij\u00e1ck\u00e9 tu\u017eby, jeliko\u017e \u010d\u00ed\u0161n\u00edk t\u011bsn\u011b p\u0159ed na\u0161im p\u0159\u00edchodem zkas\u00edroval posledn\u00ed n\u00e1v\u0161t\u011bvn\u00edky a milovn\u00edky pozemsk\u00fdch radov\u00e1nek, a tak n\u00e1m nezbylo nic jin\u00e9ho ne\u017e nasednout do auta a \u0159\u00edtit se sm\u011br centrum Ostravy. Petra znal\u00e1 m\u00edstn\u00edch pom\u011br\u016f uvedla n\u00e1s do podniku z\u0159ejm\u011b 5.&nbsp;cenov\u00e9 skupiny, kde je zaji\u0161t\u011bn pro no\u010dn\u00ed pot\u016fln\u00edky non-stop servis v&nbsp;podob\u011b p\u0159\u00edjemn\u00e9 a velmi ochotn\u00e9 serv\u00edrky. (Pozn.: Byla zde i sle\u010dna okolo 40 let, o kter\u00e9 jsme poznamenali, \u017ee by stala za h\u0159\u00edch. Ov\u0161em jen pokud by byl \u010dlov\u011bk slep\u00fd.). Objevili jsme v&nbsp;n\u00e1pojov\u00e9m l\u00edstku jemnou v\u00fdb\u011brovou vodku, kterou jsme m\u00edchali s&nbsp;broskvov\u00fdm cappy, a tak ani nev\u00edme jak a b\u011bhem chvilinky padla tato kombinace t\u0159ikr\u00e1t. <\/p>\n\n\n\n<p>O p\u016flnoci dle filmov\u00e9 p\u0159edlohy Vl\u010d\u00e1k zavyl na b\u00edl\u00fd m\u011bs\u00edc. M\u011bl \u0161t\u011bst\u00ed, jeliko\u017e kousek od n\u011bj nal\u00e9zala se hl\u00eddka m\u011bstsk\u00fdch policist\u016f, ale z\u0159ejm\u011b sklidil uzn\u00e1n\u00ed a sympatie za autenti\u010dnost hlasov\u00e9 reprodukce tohoto kr\u00e1sn\u00e9ho tvora, jeliko\u017e pokutu za ru\u0161en\u00ed no\u010dn\u00edho klidu neplatil. P\u00e1nov\u00e9 z\u0159ejm\u011b pat\u0159ili mezi milovn\u00edky p\u0159\u00edrody. <\/p>\n\n\n\n<p>\u010cas ub\u00edhal, konverzace se st\u00e1vala nam\u00e1hav\u011bj\u0161\u00ed a nam\u00e1hav\u011bj\u0161\u00ed, ale i p\u0159es tuto z\u0159ejmou nev\u00fdhodu napl\u00e1novali jsme si p\u0159ibli\u017en\u011b c\u00edle na\u0161\u00ed cesty, kter\u00e9 jsme s&nbsp;mal\u00fdmi v\u00fdjimkami opravdu nav\u0161t\u00edvili. Z\u0159ejm\u011b akor\u00e1t, ne za p\u011bt minut dvan\u00e1ct, rozhodli jsme se, \u017ee opust\u00edme tento lok\u00e1l a okolo jedn\u00e9 hodiny rann\u00ed nasedli jsme do o\u0159e jm\u00e9nem Favorit a sp\u011bchali na chv\u00edli slo\u017eit na\u0161e hlavy. Po dojezdu k&nbsp;vl\u010d\u00edmu doup\u011bti se nejmenovan\u00fd \u010dlen na\u0161i v\u00fdpravy lou\u010dil s&nbsp;d\u00e1mskou n\u00e1v\u0161t\u011bvou podez\u0159ele dlouho, z\u0159ejm\u011b se zabouchl, ale sp\u00ed\u0161e jsme si to vysv\u011btlovali jako p\u0159\u00edrodn\u00ed d\u011bj&#8230;..Jo jo, do odjezdu zb\u00fdvalo 30 minut&#8230; \u010das 2:30&#8230; co s&nbsp;na\u010dat\u00fdm r\u00e1nem?<\/p>\n","protected":false},"excerpt":{"rendered":"<p>Kone\u010dn\u011b. Je to op\u011bt tady.\u00a0Den D na kter\u00fd jsme netrp\u011bliv\u011b \u010dekali cel\u00fd dlouh\u00fd rok, jup\u00ed\u00ed\u00ed\u00ed\u00ed\u00ed\u00ed\u00ed\u00ed\u00ed\u00ed\u00ed, kola 2007, n\u00e1\u0161 11.&nbsp;ro\u010dn\u00edk. Za\u010d\u00edn\u00e1me. Voln\u011b si usedn\u011bte do k\u0159es\u00edlek, uva\u0159te si t\u0159eba \u010daj\u00edk a \u010dt\u011bte, ob\u010das si zav\u0159ete o\u010di a p\u0159edstavte si tu atmosf\u00e9ru, kterou jsme za\u017eili. Je radost se kochat a jen tak si p\u0159edstavit, \u017ee je \u010dlov\u011bk [&hellip;]<\/p>\n","protected":false},"author":1,"featured_media":0,"comment_status":"open","ping_status":"open","sticky":false,"template":"","format":"standard","meta":{"_acf_changed":false,"pgc_sgb_lightbox_settings":"","footnotes":""},"categories":[1],"tags":[],"class_list":["post-1","post","type-post","status-publish","format-standard","hentry","category-novinky"],"acf":[],"_links":{"self":[{"href":"https:\/\/www.cykloromantika.cz\/index.php\/wp-json\/wp\/v2\/posts\/1","targetHints":{"allow":["GET"]}}],"collection":[{"href":"https:\/\/www.cykloromantika.cz\/index.php\/wp-json\/wp\/v2\/posts"}],"about":[{"href":"https:\/\/www.cykloromantika.cz\/index.php\/wp-json\/wp\/v2\/types\/post"}],"author":[{"embeddable":true,"href":"https:\/\/www.cykloromantika.cz\/index.php\/wp-json\/wp\/v2\/users\/1"}],"replies":[{"embeddable":true,"href":"https:\/\/www.cykloromantika.cz\/index.php\/wp-json\/wp\/v2\/comments?post=1"}],"version-history":[{"count":6,"href":"https:\/\/www.cykloromantika.cz\/index.php\/wp-json\/wp\/v2\/posts\/1\/revisions"}],"predecessor-version":[{"id":1714,"href":"https:\/\/www.cykloromantika.cz\/index.php\/wp-json\/wp\/v2\/posts\/1\/revisions\/1714"}],"wp:attachment":[{"href":"https:\/\/www.cykloromantika.cz\/index.php\/wp-json\/wp\/v2\/media?parent=1"}],"wp:term":[{"taxonomy":"category","embeddable":true,"href":"https:\/\/www.cykloromantika.cz\/index.php\/wp-json\/wp\/v2\/categories?post=1"},{"taxonomy":"post_tag","embeddable":true,"href":"https:\/\/www.cykloromantika.cz\/index.php\/wp-json\/wp\/v2\/tags?post=1"}],"curies":[{"name":"wp","href":"https:\/\/api.w.org\/{rel}","templated":true}]}}